{"id":409758,"date":"2025-09-11T23:46:34","date_gmt":"2025-09-11T21:46:34","guid":{"rendered":"https:\/\/www.dynseo.com\/?p=409758"},"modified":"2026-01-03T20:35:51","modified_gmt":"2026-01-03T19:35:51","slug":"reabilitacao-da-linguagem-apos-um-avc-por-que-e-essencial-e-como-comecar","status":"publish","type":"post","link":"https:\/\/www.dynseo.com\/pt-pt\/reabilitacao-da-linguagem-apos-um-avc-por-que-e-essencial-e-como-comecar\/","title":{"rendered":"Reabilita\u00e7\u00e3o da linguagem ap\u00f3s um AVC: por que \u00e9 essencial e como come\u00e7ar"},"content":{"rendered":"<p>[et_pb_section fb_built=&#8221;1&#8243; admin_label=&#8221;Article HTML&#8221; _builder_version=&#8221;4.16&#8243;][et_pb_row admin_label=&#8221;Contenu&#8221; _builder_version=&#8221;4.16&#8243;][et_pb_column type=&#8221;4_4&#8243; _builder_version=&#8221;4.16&#8243;][et_pb_code admin_label=&#8221;HTML import\u00e9&#8221; _builder_version=&#8221;4.16&#8243;]<link href=\"https:\/\/fonts.googleapis.com\/css2?family=Montserrat:wght@400;500;600;700;800&#038;display=swap\" rel=\"stylesheet\">\n<style>\n.dynseo-article{font-family:'Montserrat',-apple-system,BlinkMacSystemFont,'Segoe UI',Roboto,sans-serif;line-height:1.8;color:#2c3e50;max-width:100%}\n.dynseo-article h2{font-family:'Montserrat',sans-serif;font-size:1.8rem;color:#1a1a2e;margin:50px 0 25px;padding-bottom:12px;border-bottom:3px solid #a9e2e4;font-weight:700;transition:all .3s ease}\n.dynseo-article h2:hover{padding-left:10px;border-bottom-color:#e73469}\n.dynseo-article h3{font-family:'Montserrat',sans-serif;font-size:1.3rem;color:#5e5ed7;margin:35px 0 18px;font-weight:600;transition:all .3s ease}\n.dynseo-article h3:hover{color:#e73469}\n.dynseo-article p{margin-bottom:18px;font-size:1.05rem;text-align:justify}\n.dynseo-article img{max-width:100%;height:auto;border-radius:16px;margin:25px 0;box-shadow:0 8px 30px rgba(0,0,0,0.1);transition:all .4s ease}\n.dynseo-article img:hover{transform:scale(1.02);box-shadow:0 15px 50px rgba(0,0,0,0.15)}\n.dynseo-intro{font-size:1.15rem;color:#64748b;border-left:4px solid #a9e2e4;padding-left:25px;margin:35px 0;font-style:italic;background:linear-gradient(90deg,rgba(169,226,228,0.1),transparent);padding:20px 25px;border-radius:0 12px 12px 0;transition:all .3s ease}\n.dynseo-intro:hover{border-left-width:6px;background:linear-gradient(90deg,rgba(169,226,228,0.15),transparent)}\n.dynseo-toc{background:linear-gradient(135deg,#f8fafc 0%,#fff 100%);border-radius:20px;padding:35px;margin:40px 0;border:2px solid #e5e7eb;box-shadow:0 4px 20px rgba(0,0,0,0.05);transition:all .3s ease}\n.dynseo-toc:hover{box-shadow:0 8px 35px rgba(0,0,0,0.08);transform:translateY(-2px)}\n.dynseo-toc .toc-title{font-family:'Montserrat',sans-serif;font-size:1.4rem;margin-bottom:25px;color:#1a1a2e;font-weight:700}\n.dynseo-toc ol{list-style:none;padding:0;margin:0;display:grid;grid-template-columns:repeat(2,1fr);gap:12px}\n.dynseo-toc li{background:#fff;border-radius:12px;padding:14px 18px;border:2px solid #f1f5f9;transition:all .3s ease;border-left:4px solid #ffeca7}\n.dynseo-toc li:hover{background:linear-gradient(135deg,#f8fafc,#fff);transform:translateX(8px);box-shadow:0 6px 20px rgba(0,0,0,0.1);border-left-width:6px}\n.dynseo-toc a{color:#1a1a2e;text-decoration:none;font-size:.95rem;font-weight:500;transition:color .3s}\n.dynseo-toc a:hover{color:#5e5ed7}\n.dynseo-article .styled-list,.dynseo-article ul{margin:20px 0 30px;padding:0;list-style:none}\n.dynseo-article .styled-list li,.dynseo-article ul li{position:relative;padding-left:28px;margin-bottom:14px;line-height:1.7;transition:all .3s ease}\n.dynseo-article .styled-list li:hover,.dynseo-article ul li:hover{padding-left:32px}\n.dynseo-article .styled-list li::before,.dynseo-article ul li::before{content:\"\";position:absolute;left:0;top:8px;width:10px;height:10px;background:#e73469;border-radius:50%;box-shadow:0 2px 8px rgba(231,52,105,0.3);transition:all .3s ease}\n.dynseo-article .styled-list li:hover::before,.dynseo-article ul li:hover::before{transform:scale(1.3);box-shadow:0 4px 12px rgba(231,52,105,0.4)}\n.dynseo-article blockquote{background:linear-gradient(135deg,#fff9f0 0%,#fff5eb 100%);border-left:4px solid #ffeca7;border-radius:0 16px 16px 0;padding:28px 32px;margin:35px 0;position:relative;box-shadow:0 4px 20px rgba(255,236,167,0.3);transition:all .3s ease}\n.dynseo-article blockquote:hover{transform:translateX(5px);box-shadow:0 8px 30px rgba(255,236,167,0.4);border-left-width:6px}\n.dynseo-article blockquote::before{content:\"\u275d\";font-size:3rem;color:#ffeca7;opacity:.4;position:absolute;top:10px;left:15px}\n.dynseo-article blockquote p{font-style:italic;margin-bottom:12px;padding-left:30px}\n.dynseo-article blockquote cite{display:block;font-style:normal;font-weight:600;color:#1a1a2e;padding-left:30px}\n.section-divider{text-align:center;margin:60px 0;font-size:1.8rem;letter-spacing:18px;background:linear-gradient(135deg,#ffeca7,#e73469,#a9e2e4);-webkit-background-clip:text;-webkit-text-fill-color:transparent;background-clip:text}\n.dynseo-tip-box{background:linear-gradient(135deg,#ecfdf5 0%,#d1fae5 100%);border:2px solid #a9e2e4;border-radius:16px;padding:25px 30px;margin:35px 0;position:relative;box-shadow:0 4px 20px rgba(169,226,228,0.3);transition:all .3s ease}\n.dynseo-tip-box:hover{transform:translateY(-3px);box-shadow:0 8px 30px rgba(169,226,228,0.4)}\n.dynseo-tip-box-title{font-family:'Montserrat',sans-serif;font-size:1.15rem;font-weight:700;color:#1a1a2e;margin-bottom:12px;display:flex;align-items:center;gap:10px}\n.dynseo-tip-box-title::before{content:\"\ud83d\udca1\";font-size:1.3rem}\n.dynseo-tip-box p{margin:0;color:#2c3e50}\n.dynseo-feature-grid{display:grid;grid-template-columns:repeat(3,1fr);gap:20px;margin:35px 0}\n.dynseo-feature-card{background:#fff;border-radius:20px;padding:30px 25px;text-align:center;border:2px solid #f1f5f9;transition:all .4s ease;position:relative;overflow:hidden}\n.dynseo-feature-card::before{content:\"\";position:absolute;top:0;left:0;right:0;height:4px;background:linear-gradient(90deg,#ffeca7,#e73469);transform:scaleX(0);transition:transform .3s ease}\n.dynseo-feature-card:hover::before{transform:scaleX(1)}\n.dynseo-feature-card:nth-child(3n+1){border-color:rgba(255,236,167,0.5)}\n.dynseo-feature-card:nth-child(3n+2){border-color:rgba(231,52,105,0.3)}\n.dynseo-feature-card:nth-child(3n+3){border-color:rgba(169,226,228,0.5)}\n.dynseo-feature-card:hover{transform:translateY(-8px);box-shadow:0 20px 50px rgba(0,0,0,0.12)}\n.dynseo-feature-card h4{font-family:'Montserrat',sans-serif;color:#1a1a2e;margin-bottom:10px;font-size:1.1rem;font-weight:600}\n.dynseo-feature-card p{font-size:.95rem;color:#64748b;margin:0}\n.dynseo-highlight-box{background:linear-gradient(135deg,#fef3c7 0%,#fde68a 100%);border:2px solid #ffeca7;border-radius:16px;padding:25px 30px;margin:30px 0;transition:all .3s ease}\n.dynseo-highlight-box:hover{transform:translateY(-3px);box-shadow:0 8px 30px rgba(255,236,167,0.4)}\n.dynseo-highlight-box h4{font-family:'Montserrat',sans-serif;color:#1a1a2e;margin:0 0 12px 0;font-size:1.1rem}\n.dynseo-highlight-box p{margin:0;color:#2c3e50}\n@media(max-width:768px){.dynseo-article h2{font-size:1.5rem}.dynseo-toc ol{grid-template-columns:1fr}.dynseo-feature-grid{grid-template-columns:1fr}}\n<\/style>\n<div class=\"dynseo-article\">\n<div class=\"dynseo-intro\">Reabilita\u00e7\u00e3o da linguagem ap\u00f3s um AVC: por que \u00e9 essencial e como come\u00e7ar<\/p>\n<pee>A <strong>reabilita\u00e7\u00e3o da linguagem ap\u00f3s um AVC<\/strong> \u00e9 um processo essencial que visa ajudar as pessoas afetadas por um acidente vascular cerebral a recuperar suas habilidades de comunica\u00e7\u00e3o. Ap\u00f3s um AVC, \u00e9 comum que os pacientes enfrentem dificuldades para falar, entender a linguagem ou usar palavras de maneira apropriada. Essa condi\u00e7\u00e3o, conhecida como afasia, pode variar em gravidade e tipo, afetando assim a maneira como uma pessoa interage com seu ambiente.<\/pee>\n<pee>A reabilita\u00e7\u00e3o da linguagem envolve uma s\u00e9rie de exerc\u00edcios e terapias personalizadas que visam restaurar essas compet\u00eancias. Devemos entender que a reabilita\u00e7\u00e3o da linguagem n\u00e3o se limita apenas \u00e0 fala. Ela tamb\u00e9m abrange a compreens\u00e3o, a leitura e a escrita. Cada paciente \u00e9 \u00fanico, e as abordagens de reabilita\u00e7\u00e3o devem ser adaptadas \u00e0s suas necessidades espec\u00edficas. Esse processo pode ser longo e exigente, mas \u00e9 crucial para melhorar a qualidade de vida das pessoas afetadas por um AVC.<\/pee><\/div>\n<nav class=\"dynseo-toc\">\n<div class=\"toc-title\">\ud83d\udccb Sommaire<\/div>\n<ol>\n<li style=\"border-left:4px solid #ffeca7\"><a href=\"#section-1\">A import\u00e2ncia da reabilita\u00e7\u00e3o da linguagem ap\u00f3s um AVC<\/a><\/li>\n<li style=\"border-left:4px solid #e73469\"><a href=\"#section-2\">Os primeiros passos para come\u00e7ar a reabilita\u00e7\u00e3o da linguagem<\/a><\/li>\n<li style=\"border-left:4px solid #a9e2e4\"><a href=\"#section-3\">Os profissionais envolvidos na reabilita\u00e7\u00e3o da linguagem ap\u00f3s um AVC<\/a><\/li>\n<li style=\"border-left:4px solid #5e5ed7\"><a href=\"#section-4\">T\u00e9cnicas de reabilita\u00e7\u00e3o da linguagem ap\u00f3s um AVC<\/a><\/li>\n<li style=\"border-left:4px solid #5268c9\"><a href=\"#section-5\">Novos desafios na reabilita\u00e7\u00e3o p\u00f3s-AVC<\/a><\/li>\n<li style=\"border-left:4px solid #ffeca7\"><a href=\"#section-6\">A import\u00e2ncia do apoio familiar na reabilita\u00e7\u00e3o da linguagem ap\u00f3s um AVC<\/a><\/li>\n<li style=\"border-left:4px solid #e73469\"><a href=\"#section-7\">Os benef\u00edcios a longo prazo da reabilita\u00e7\u00e3o da linguagem p\u00f3s-AVC<\/a><\/li>\n<\/ol>\n<\/nav>\n<section class=\"dynseo-section\">\n<h2 id=\"section-1\">A import\u00e2ncia da reabilita\u00e7\u00e3o da linguagem ap\u00f3s um AVC<\/h2>\n<pee>A reabilita\u00e7\u00e3o da linguagem ap\u00f3s um AVC reveste-se de import\u00e2ncia capital por v\u00e1rias raz\u00f5es:<\/pee>\n<ul class=\"styled-list\">\n<li><strong>Recuperar a autonomia:<\/strong> Ela permite que os pacientes recuperem uma certa autonomia em sua vida cotidiana. A capacidade de se comunicar efetivamente \u00e9 essencial para interagir com os outros, expressar suas necessidades e participar de atividades sociais.<\/li>\n<li><strong>Prevenir o isolamento:<\/strong> Sem essa compet\u00eancia, os pacientes podem se sentir isolados e frustrados, o que pode agravar seu estado emocional.<\/li>\n<li><strong>Reabilita\u00e7\u00e3o global:<\/strong> A reabilita\u00e7\u00e3o da linguagem contribui para a reabilita\u00e7\u00e3o global do paciente. Ao trabalhar nas habilidades lingu\u00edsticas, tamb\u00e9m favorecemos outros aspectos da recupera\u00e7\u00e3o, como a mem\u00f3ria e a cogni\u00e7\u00e3o.<\/li>\n<\/ul>\n<pee>De fato, a linguagem est\u00e1 intimamente ligada \u00e0 nossa capacidade de pensar e raciocinar. Assim, ao melhorar a linguagem, tamb\u00e9m podemos estimular outras fun\u00e7\u00f5es cognitivas essenciais.<\/pee><\/section>\n<section class=\"dynseo-section\">\n<h2 id=\"section-2\">Os primeiros passos para come\u00e7ar a reabilita\u00e7\u00e3o da linguagem<\/h2>\n<pee><img decoding=\"async\" src=\"https:\/\/www.dynseo.com\/pt-pt\/wp-content\/uploads\/2025\/01\/abcdhe-222.jpg\" alt=\"Reabilita\u00e7\u00e3o da linguagem\" style=\"max-width:100%;margin-left:auto;margin-right:auto;width:70%\"><\/pee>\n<pee>Para iniciar o processo de reabilita\u00e7\u00e3o da linguagem ap\u00f3s um AVC, \u00e9 crucial consultar um profissional de sa\u00fade especializado, como um fonoaudi\u00f3logo. Este realizar\u00e1 uma avalia\u00e7\u00e3o aprofundada das capacidades lingu\u00edsticas do paciente a fim de determinar os dom\u00ednios que necessitam de aten\u00e7\u00e3o especial. Essa avalia\u00e7\u00e3o inicial \u00e9 fundamental para estabelecer um plano de tratamento personalizado que atender\u00e1 \u00e0s necessidades espec\u00edficas do paciente.<\/pee>\n<pee>Uma vez realizada a avalia\u00e7\u00e3o, podemos come\u00e7ar as sess\u00f5es de reabilita\u00e7\u00e3o. Essas sess\u00f5es podem incluir exerc\u00edcios variados:<\/pee>\n<ul class=\"styled-list\">\n<li><strong>Repeti\u00e7\u00e3o de palavras simples:<\/strong> Para refor\u00e7ar a articula\u00e7\u00e3o e a flu\u00eancia.<\/li>\n<li><strong>Atividades complexas:<\/strong> Envolvendo frases completas para estimular a constru\u00e7\u00e3o lingu\u00edstica.<\/li>\n<\/ul>\n<pee>\u00c9 importante estabelecer uma rotina regular para maximizar os progressos. A paci\u00eancia e a perseveran\u00e7a s\u00e3o essenciais durante essa fase, pois os resultados podem levar tempo para se manifestar.<\/pee><\/section>\n<div class=\"section-divider\">\u25c6 \u25c6 \u25c6<\/div>\n<section class=\"dynseo-section\">\n<h2 id=\"section-3\">Os profissionais envolvidos na reabilita\u00e7\u00e3o da linguagem ap\u00f3s um AVC<\/h2>\n<pee>A reabilita\u00e7\u00e3o da linguagem ap\u00f3s um AVC requer a interven\u00e7\u00e3o de uma equipe multidisciplinar de profissionais de sa\u00fade:<\/pee>\n<ul class=\"styled-list\">\n<li><strong>Fonoaudi\u00f3logos:<\/strong> Eles desempenham um papel central na avalia\u00e7\u00e3o e tratamento dos dist\u00farbios da linguagem e da comunica\u00e7\u00e3o.<\/li>\n<li><strong>Neurologistas:<\/strong> Essenciais para avaliar o estado geral do paciente e acompanhar a evolu\u00e7\u00e3o de sua condi\u00e7\u00e3o.<\/li>\n<li><strong>Psic\u00f3logos:<\/strong> Eles ajudam os pacientes a lidar com os aspectos emocionais relacionados \u00e0 sua recupera\u00e7\u00e3o.<\/li>\n<\/ul>\n<pee>Juntos, esses profissionais trabalham em sinergia para oferecer um suporte completo aos pacientes.<\/pee><\/section>\n<section class=\"dynseo-section\">\n<h2 id=\"section-4\">T\u00e9cnicas de reabilita\u00e7\u00e3o da linguagem ap\u00f3s um AVC<\/h2>\n<pee>As t\u00e9cnicas de reabilita\u00e7\u00e3o da linguagem s\u00e3o variadas e podem ser adaptadas de acordo com as necessidades espec\u00edficas de cada paciente:<\/pee>\n<ul class=\"styled-list\">\n<li><strong>Terapia da fala:<\/strong> Praticar exerc\u00edcios orais para melhorar a articula\u00e7\u00e3o e a flu\u00eancia por meio de jogos de papel ou conversas dirigidas.<\/li>\n<li><strong>Suportes visuais e auditivos:<\/strong> Utiliza\u00e7\u00e3o de imagens ou v\u00eddeos para ajudar os pacientes a associar palavras a conceitos visuais.<\/li>\n<li><strong>Aplicativos digitais:<\/strong> Ferramentas como **JOE, seu treinador cerebral**, integram jogos interativos tornando o processo mais envolvente.<\/li>\n<\/ul>\n<h3>Implementa\u00e7\u00e3o pr\u00e1tica das t\u00e9cnicas<\/h3>\n<pee>Para ilustrar como essas t\u00e9cnicas podem ser implementadas em uma situa\u00e7\u00e3o real, tomemos o exemplo de um paciente chamado Paul que sofreu um AVC moderado afetando principalmente suas habilidades lingu\u00edsticas verbais. Paul trabalha com seu fonoaudi\u00f3logo tr\u00eas vezes por semana para praticar v\u00e1rias t\u00e9cnicas:<\/pee>\n<ul class=\"styled-list\">\n<li><strong>Sess\u00f5es individuais:<\/strong> O fonoaudi\u00f3logo utiliza cart\u00f5es ilustrados para estimular seu vocabul\u00e1rio. Paul deve nomear o objeto ou descrever seu uso.<\/li>\n<li><strong>Apoio tecnol\u00f3gico:<\/strong> Com **JOE**, Paul dedica 15 minutos por dia a fazer exerc\u00edcios interativos que visam sua compreens\u00e3o auditiva e flu\u00eancia verbal.<\/li>\n<li><strong>Pr\u00e1tica social:<\/strong> O fonoaudi\u00f3logo tamb\u00e9m organiza sess\u00f5es onde Paul participa de jogos de papel simulando situa\u00e7\u00f5es cotidianas como fazer um pedido em um restaurante ou pedir dire\u00e7\u00f5es.<\/li>\n<\/ul>\n<pee>Esse exemplo mostra como uma abordagem integrada combinando tecnologia, intera\u00e7\u00e3o social e exerc\u00edcios direcionados pode favorecer uma recupera\u00e7\u00e3o mais r\u00e1pida e completa.<\/pee><\/section>\n<div class=\"section-divider\">\u25c6 \u25c6 \u25c6<\/div>\n<section class=\"dynseo-section\">\n<h2 id=\"section-5\">Novos desafios na reabilita\u00e7\u00e3o p\u00f3s-AVC<\/h2>\n<pee><img decoding=\"async\" src=\"https:\/\/www.dynseo.com\/pt-pt\/wp-content\/uploads\/2025\/01\/image-445.jpg\" alt=\"Desafios na reabilita\u00e7\u00e3o\" style=\"max-width:100%;margin-left:auto;margin-right:auto;width:70%\"><\/pee>\n<pee>No entanto, apesar dessas abordagens inovadoras, v\u00e1rios desafios persistem na reabilita\u00e7\u00e3o p\u00f3s-AVC:<\/pee>\n<ul class=\"styled-list\">\n<li><strong>Desmotiva\u00e7\u00e3o persistente:<\/strong> A dura\u00e7\u00e3o prolongada necess\u00e1ria para observar progressos significativos pode desencorajar alguns pacientes. Os terapeutas devem, portanto, constantemente renovar suas m\u00e9todos para manter o interesse dos pacientes.<\/li>\n<li><strong>Diversidade aumentada dos dist\u00farbios:<\/strong> Com a evolu\u00e7\u00e3o constante dos perfis demogr\u00e1ficos afetados por AVCs (idade avan\u00e7ada, comorbidades), torna-se imperativo adaptar continuamente as t\u00e9cnicas utilizadas.<\/li>\n<li><strong>Apoio emocional flutuante:<\/strong> O entorno familiar nem sempre \u00e9 est\u00e1vel ou dispon\u00edvel a longo prazo. Os profissionais devem ent\u00e3o compensar essa aus\u00eancia com mais intera\u00e7\u00f5es terap\u00eauticas personalizadas.<\/li>\n<\/ul>\n<h3>Dicas adicionais para superar os obst\u00e1culos<\/h3>\n<pee>Para ajudar ainda mais os pacientes a enfrentar os desafios mencionados acima, aqui est\u00e3o algumas recomenda\u00e7\u00f5es adicionais:<\/pee>\n<ul class=\"styled-list\">\n<li><b>Celebrar cada progresso:<\/b> Mesmo as pequenas melhorias devem ser reconhecidas para manter a motiva\u00e7\u00e3o alta.<\/li>\n<li><b>Adaptar-se \u00e0s prefer\u00eancias pessoais:<\/b> Garantir que os m\u00e9todos utilizados estejam alinhados com os interesses pessoais do paciente pode tornar o processo mais envolvente (por exemplo, usar t\u00f3picos que interessam ao paciente).<\/li>\n<li><b>Apoio comunit\u00e1rio:<\/b> Integrar-se a grupos de apoio locais ou online onde compartilhar suas experi\u00eancias com outras pessoas que passaram por situa\u00e7\u00f5es semelhantes pode oferecer encorajamento e inspira\u00e7\u00e3o.<\/li>\n<\/ul>\n<\/section>\n<section class=\"dynseo-section\">\n<h2 id=\"section-6\">A import\u00e2ncia do apoio familiar na reabilita\u00e7\u00e3o da linguagem ap\u00f3s um AVC<\/h2>\n<pee>O apoio familiar desempenha um papel fundamental no processo de reabilita\u00e7\u00e3o:<\/pee>\n<ul class=\"styled-list\">\n<li><strong>Apoio pr\u00e1tico:<\/strong> Os familiares podem oferecer uma ajuda valiosa encorajando o paciente a praticar suas habilidades lingu\u00edsticas no dia a dia.<\/li>\n<li><strong>Apoio emocional:<\/strong> Os pacientes podem sentir ansiedade ou depress\u00e3o devido \u00e0s suas dificuldades lingu\u00edsticas. Ter familiares compreensivos e encorajadores pode fazer uma diferen\u00e7a significativa em seu estado de esp\u00edrito e motiva\u00e7\u00e3o para continuar sua reabilita\u00e7\u00e3o.<\/li>\n<li><b>Cria\u00e7\u00e3o de um ambiente estimulante:<\/b> Isso inclui ter acesso a diversos materiais educativos como audiolivros ou aplicativos como **JOE** para incentivar uma pr\u00e1tica cont\u00ednua fora das sess\u00f5es formais.<\/li>\n<\/ul>\n<h3>Depoimento familiar<\/h3>\n<pee>A hist\u00f3ria de Marie ilustra bem a import\u00e2ncia do apoio familiar. Ap\u00f3s o AVC de seu marido Jean, Marie tomou a iniciativa n\u00e3o apenas de assistir \u00e0s sess\u00f5es com ele, mas tamb\u00e9m de integrar algumas atividades em sua rotina di\u00e1ria. Por exemplo:<\/pee>\n<ul class=\"styled-list\">\n<li>Elas estabeleceram uma &#8220;hora de leitura&#8221; todas as noites onde leem juntas e depois discutem brevemente o que entenderam para melhorar a compreens\u00e3o escrita\/oral de Jean, ao mesmo tempo que fortalecem la\u00e7os familiares preciosos durante esse per\u00edodo dif\u00edcil.<\/li>\n<li>Marie usa regularmente **JOE** como uma ferramenta adicional em casa, permitindo que Jean continue a progredir mesmo quando n\u00e3o est\u00e3o fisicamente presentes com o terapeuta.<\/li>\n<\/ul>\n<pee>Gra\u00e7as aos esfor\u00e7os conjuntos de Marie e da fam\u00edlia, Jean conseguiu recuperar grande parte da autonomia comunicativa inicialmente perdida ap\u00f3s o acidente vascular cerebral. Esse sucesso mostra claramente o quanto o impacto positivo do entorno pr\u00f3ximo pode ter sobre o sucesso global do programa de reabilita\u00e7\u00e3o da linguagem.<\/pee><\/section>\n<div class=\"section-divider\">\u25c6 \u25c6 \u25c6<\/div>\n<section class=\"dynseo-section\">\n<h2 id=\"section-7\">Os benef\u00edcios a longo prazo da reabilita\u00e7\u00e3o da linguagem p\u00f3s-AVC<\/h2>\n<pee>Os benef\u00edcios a longo prazo s\u00e3o numerosos e significativos:<\/pee>\n<ul class=\"styled-list\">\n<li><strong>Habilidade recuperada:<\/strong> A melhoria das habilidades lingu\u00edsticas permite que os pacientes recuperem maior autonomia na vida cotidiana.<\/li>\n<li><strong>Bem-estar emocional:<\/strong> Recuperar suas capacidades de comunica\u00e7\u00e3o ajuda a restabelecer rela\u00e7\u00f5es sociais e profissionais.<\/li>\n<li><strong>Cogni\u00e7\u00e3o refor\u00e7ada:<\/strong> As habilidades adquiridas durante a reabilita\u00e7\u00e3o podem ter um impacto positivo em outras \u00e1reas cognitivas, refor\u00e7ando assim a capacidade de pensar e raciocinar de forma eficaz.<\/li>\n<\/ul>\n<pee>Em conclus\u00e3o, a reabilita\u00e7\u00e3o da linguagem p\u00f3s-AVC \u00e9 complexa, mas essencial, necessitando da implica\u00e7\u00e3o de uma equipe multidisciplinar e do apoio incondicional dos familiares. Gra\u00e7as a t\u00e9cnicas adaptadas e a uma abordagem personalizada, podemos ajudar os pacientes a superar desafios lingu\u00edsticos e recuperar uma vida plena e enriquecedora. Para saber mais sobre solu\u00e7\u00f5es inovadoras como **JOE, seu treinador cerebral**, n\u00e3o hesite em visitar nosso site e baixar os aplicativos dedicados.<\/pee>\n<h3>FAQ &#8211; Perguntas Frequentes<\/h3>\n<dl>\n<dt><b>Posso come\u00e7ar a reabilita\u00e7\u00e3o sem consultar um fonoaudi\u00f3logo?<\/b><\/dt>\n<dd>Para obter os melhores resultados poss\u00edveis, \u00e9 recomendado consultar um fonoaudi\u00f3logo que possa avaliar suas necessidades espec\u00edficas e orientar todo o processo.<\/dd>\n<dt><b>O uso de aplicativos digitais \u00e9 eficaz?<\/b><\/dt>\n<dd>Certamente! Aplicativos como **JOE, seu treinador cerebral** oferecem exerc\u00edcios interativos tornando o processo envolvente e acompanhando seu progresso.<\/dd>\n<dt><b>Por quanto tempo devo seguir essas sess\u00f5es?<\/b><\/dt>\n<dd>Isso depender\u00e1 de seu progresso individual. Algumas pessoas podem ver melhorias r\u00e1pidas, enquanto outras precisar\u00e3o de mais tempo. O importante \u00e9 ser perseverante.<\/dd>\n<dt><b>Posso usar essas t\u00e9cnicas mesmo que minha afasia seja leve?<\/b><\/dt>\n<dd>Mesmo que seus sintomas sejam leves, trabalhar suas habilidades lingu\u00edsticas pode prevenir qualquer deteriora\u00e7\u00e3o futura e melhorar sua confian\u00e7a em intera\u00e7\u00f5es di\u00e1rias.<\/dd>\n<\/dl>\n<pee>N\u00e3o hesite em instalar nosso aplicativo **JOE** para obter acompanhamento personalizado em sua jornada em dire\u00e7\u00e3o a uma melhor comunica\u00e7\u00e3o!<\/pee><\/section>\n<\/div>\n<p>[\/et_pb_code][\/et_pb_column][\/et_pb_row][\/et_pb_section]<\/p>\n<p>[et_pb_code]<script type=\"application\/ld+json\">{\"@context\":\"https:\/\/schema.org\",\"@type\":\"FAQPage\",\"mainEntity\":[{\"@type\":\"Question\",\"name\":\"O que \u00e9 afasia e como ela afeta os pacientes ap\u00f3s um AVC?\",\"acceptedAnswer\":{\"@type\":\"Answer\",\"text\":\"A afasia \u00e9 uma condi\u00e7\u00e3o comum que ocorre ap\u00f3s um AVC, onde os pacientes enfrentam dificuldades para falar, entender a linguagem ou usar palavras de maneira apropriada. Essa condi\u00e7\u00e3o pode variar em gravidade e tipo, afetando diretamente a forma como uma pessoa interage com seu ambiente e prejudicando sua capacidade de comunica\u00e7\u00e3o.\"}},{\"@type\":\"Question\",\"name\":\"Por que a reabilita\u00e7\u00e3o da linguagem \u00e9 essencial ap\u00f3s um AVC?\",\"acceptedAnswer\":{\"@type\":\"Answer\",\"text\":\"A reabilita\u00e7\u00e3o da linguagem \u00e9 essencial porque permite que os pacientes recuperem sua autonomia na vida cotidiana. A capacidade de se comunicar efetivamente \u00e9 fundamental para interagir com o ambiente, melhorar a qualidade de vida e restaurar as habilidades de comunica\u00e7\u00e3o perdidas devido ao AVC.\"}},{\"@type\":\"Question\",\"name\":\"Quais \u00e1reas da comunica\u00e7\u00e3o s\u00e3o trabalhadas na reabilita\u00e7\u00e3o da linguagem?\",\"acceptedAnswer\":{\"@type\":\"Answer\",\"text\":\"A reabilita\u00e7\u00e3o da linguagem n\u00e3o se limita apenas \u00e0 fala. Ela abrange tamb\u00e9m a compreens\u00e3o, a leitura e a escrita. O processo envolve uma s\u00e9rie de exerc\u00edcios e terapias personalizadas que visam restaurar todas essas compet\u00eancias de comunica\u00e7\u00e3o de forma integral.\"}},{\"@type\":\"Question\",\"name\":\"Como deve ser adaptada a reabilita\u00e7\u00e3o da linguagem para cada paciente?\",\"acceptedAnswer\":{\"@type\":\"Answer\",\"text\":\"Cada paciente \u00e9 \u00fanico, e as abordagens de reabilita\u00e7\u00e3o devem ser adaptadas \u00e0s suas necessidades espec\u00edficas. As terapias s\u00e3o personalizadas considerando o tipo e gravidade da afasia, bem como as caracter\u00edsticas individuais de cada pessoa afetada pelo AVC.\"}},{\"@type\":\"Question\",\"name\":\"Quanto tempo pode durar o processo de reabilita\u00e7\u00e3o da linguagem?\",\"acceptedAnswer\":{\"@type\":\"Answer\",\"text\":\"O processo de reabilita\u00e7\u00e3o da linguagem pode ser longo e exigente. A dura\u00e7\u00e3o varia conforme a gravidade do AVC, o tipo de afasia e as necessidades espec\u00edficas de cada paciente. Apesar de ser um processo desafiador, \u00e9 crucial para melhorar a qualidade de vida das pessoas afetadas.\"}},{\"@type\":\"Question\",\"name\":\"Qual \u00e9 o objetivo principal da reabilita\u00e7\u00e3o da linguagem ap\u00f3s um AVC?\",\"acceptedAnswer\":{\"@type\":\"Answer\",\"text\":\"O objetivo principal \u00e9 ajudar as pessoas afetadas por um acidente vascular cerebral a recuperar suas habilidades de comunica\u00e7\u00e3o. Atrav\u00e9s de exerc\u00edcios e terapias espec\u00edficas, busca-se restaurar a capacidade de falar, entender, ler e escrever, permitindo uma melhor intera\u00e7\u00e3o social e autonomia.\"}}]}<\/script>[\/et_pb_code]<\/p>\n","protected":false},"excerpt":{"rendered":"","protected":false},"author":4,"featured_media":131777,"comment_status":"closed","ping_status":"closed","sticky":false,"template":"","format":"standard","meta":{"_et_pb_use_builder":"on","_et_pb_old_content":"","_et_gb_content_width":"","footnotes":""},"categories":[3582,2984],"tags":[],"class_list":["post-409758","post","type-post","status-publish","format-standard","has-post-thumbnail","hentry","category-advice-from-our-coaches","category-tudo-sobre-o-avc"],"yoast_head":"<!-- This site is optimized with the Yoast SEO plugin v27.4 - https:\/\/yoast.com\/product\/yoast-seo-wordpress\/ -->\n<title>Reabilita\u00e7\u00e3o da linguagem ap\u00f3s um AVC: por que \u00e9 essencial e como come\u00e7ar - DYNSEO - Aplica\u00e7\u00f5es educativas e jogos de mem\u00f3ria<\/title>\n<meta name=\"robots\" content=\"index, follow, max-snippet:-1, max-image-preview:large, max-video-preview:-1\" \/>\n<link rel=\"canonical\" href=\"https:\/\/www.dynseo.com\/pt-pt\/reabilitacao-da-linguagem-apos-um-avc-por-que-e-essencial-e-como-comecar\/\" \/>\n<meta property=\"og:locale\" content=\"pt_PT\" \/>\n<meta property=\"og:type\" content=\"article\" \/>\n<meta property=\"og:title\" content=\"Reabilita\u00e7\u00e3o da linguagem ap\u00f3s um AVC: por que \u00e9 essencial e como come\u00e7ar - DYNSEO - Aplica\u00e7\u00f5es educativas e jogos de mem\u00f3ria\" \/>\n<meta property=\"og:url\" content=\"https:\/\/www.dynseo.com\/pt-pt\/reabilitacao-da-linguagem-apos-um-avc-por-que-e-essencial-e-como-comecar\/\" \/>\n<meta property=\"og:site_name\" content=\"DYNSEO - Aplica\u00e7\u00f5es educativas e jogos de mem\u00f3ria\" \/>\n<meta property=\"article:published_time\" content=\"2025-09-11T21:46:34+00:00\" \/>\n<meta property=\"article:modified_time\" content=\"2026-01-03T19:35:51+00:00\" \/>\n<meta property=\"og:image\" content=\"https:\/\/www.dynseo.com\/wp-content\/uploads\/2024\/03\/avc-prevention-et-pertes-de-memoires-1024x768.png\" \/>\n\t<meta property=\"og:image:width\" content=\"1024\" \/>\n\t<meta property=\"og:image:height\" content=\"768\" \/>\n\t<meta property=\"og:image:type\" content=\"image\/png\" \/>\n<meta name=\"author\" content=\"DYNSEO\" \/>\n<meta name=\"twitter:label1\" content=\"Escrito por\" \/>\n\t<meta name=\"twitter:data1\" content=\"DYNSEO\" \/>\n\t<meta name=\"twitter:label2\" content=\"Tempo estimado de leitura\" \/>\n\t<meta name=\"twitter:data2\" content=\"9 minutos\" \/>\n<script type=\"application\/ld+json\" class=\"yoast-schema-graph\">{\"@context\":\"https:\\\/\\\/schema.org\",\"@graph\":[{\"@type\":\"Article\",\"@id\":\"https:\\\/\\\/www.dynseo.com\\\/pt-pt\\\/reabilitacao-da-linguagem-apos-um-avc-por-que-e-essencial-e-como-comecar\\\/#article\",\"isPartOf\":{\"@id\":\"https:\\\/\\\/www.dynseo.com\\\/pt-pt\\\/reabilitacao-da-linguagem-apos-um-avc-por-que-e-essencial-e-como-comecar\\\/\"},\"author\":{\"name\":\"DYNSEO\",\"@id\":\"https:\\\/\\\/www.dynseo.com\\\/pt-pt\\\/#\\\/schema\\\/person\\\/78ef63df2ee64e0989bc68f8401b38d6\"},\"headline\":\"Reabilita\u00e7\u00e3o da linguagem ap\u00f3s um AVC: por que \u00e9 essencial e como come\u00e7ar\",\"datePublished\":\"2025-09-11T21:46:34+00:00\",\"dateModified\":\"2026-01-03T19:35:51+00:00\",\"mainEntityOfPage\":{\"@id\":\"https:\\\/\\\/www.dynseo.com\\\/pt-pt\\\/reabilitacao-da-linguagem-apos-um-avc-por-que-e-essencial-e-como-comecar\\\/\"},\"wordCount\":1850,\"publisher\":{\"@id\":\"https:\\\/\\\/www.dynseo.com\\\/pt-pt\\\/#organization\"},\"image\":{\"@id\":\"https:\\\/\\\/www.dynseo.com\\\/pt-pt\\\/reabilitacao-da-linguagem-apos-um-avc-por-que-e-essencial-e-como-comecar\\\/#primaryimage\"},\"thumbnailUrl\":\"https:\\\/\\\/www.dynseo.com\\\/wp-content\\\/uploads\\\/2024\\\/03\\\/accompagnement-avc.png\",\"articleSection\":[\"Advice from our coaches\",\"Tudo sobre o AVC\"],\"inLanguage\":\"pt-PT\"},{\"@type\":\"WebPage\",\"@id\":\"https:\\\/\\\/www.dynseo.com\\\/pt-pt\\\/reabilitacao-da-linguagem-apos-um-avc-por-que-e-essencial-e-como-comecar\\\/\",\"url\":\"https:\\\/\\\/www.dynseo.com\\\/pt-pt\\\/reabilitacao-da-linguagem-apos-um-avc-por-que-e-essencial-e-como-comecar\\\/\",\"name\":\"Reabilita\u00e7\u00e3o da linguagem ap\u00f3s um AVC: por que \u00e9 essencial e como come\u00e7ar - DYNSEO - Aplica\u00e7\u00f5es educativas e jogos de mem\u00f3ria\",\"isPartOf\":{\"@id\":\"https:\\\/\\\/www.dynseo.com\\\/pt-pt\\\/#website\"},\"primaryImageOfPage\":{\"@id\":\"https:\\\/\\\/www.dynseo.com\\\/pt-pt\\\/reabilitacao-da-linguagem-apos-um-avc-por-que-e-essencial-e-como-comecar\\\/#primaryimage\"},\"image\":{\"@id\":\"https:\\\/\\\/www.dynseo.com\\\/pt-pt\\\/reabilitacao-da-linguagem-apos-um-avc-por-que-e-essencial-e-como-comecar\\\/#primaryimage\"},\"thumbnailUrl\":\"https:\\\/\\\/www.dynseo.com\\\/wp-content\\\/uploads\\\/2024\\\/03\\\/accompagnement-avc.png\",\"datePublished\":\"2025-09-11T21:46:34+00:00\",\"dateModified\":\"2026-01-03T19:35:51+00:00\",\"breadcrumb\":{\"@id\":\"https:\\\/\\\/www.dynseo.com\\\/pt-pt\\\/reabilitacao-da-linguagem-apos-um-avc-por-que-e-essencial-e-como-comecar\\\/#breadcrumb\"},\"inLanguage\":\"pt-PT\",\"potentialAction\":[{\"@type\":\"ReadAction\",\"target\":[\"https:\\\/\\\/www.dynseo.com\\\/pt-pt\\\/reabilitacao-da-linguagem-apos-um-avc-por-que-e-essencial-e-como-comecar\\\/\"]}]},{\"@type\":\"ImageObject\",\"inLanguage\":\"pt-PT\",\"@id\":\"https:\\\/\\\/www.dynseo.com\\\/pt-pt\\\/reabilitacao-da-linguagem-apos-um-avc-por-que-e-essencial-e-como-comecar\\\/#primaryimage\",\"url\":\"https:\\\/\\\/www.dynseo.com\\\/wp-content\\\/uploads\\\/2024\\\/03\\\/accompagnement-avc.png\",\"contentUrl\":\"https:\\\/\\\/www.dynseo.com\\\/wp-content\\\/uploads\\\/2024\\\/03\\\/accompagnement-avc.png\",\"width\":2000,\"height\":1500,\"caption\":\"Mantenha sua mente em forma com atividades de treino cerebral\"},{\"@type\":\"BreadcrumbList\",\"@id\":\"https:\\\/\\\/www.dynseo.com\\\/pt-pt\\\/reabilitacao-da-linguagem-apos-um-avc-por-que-e-essencial-e-como-comecar\\\/#breadcrumb\",\"itemListElement\":[{\"@type\":\"ListItem\",\"position\":1,\"name\":\"Accueil\",\"item\":\"https:\\\/\\\/www.dynseo.com\\\/pt-pt\\\/\"},{\"@type\":\"ListItem\",\"position\":2,\"name\":\"Reabilita\u00e7\u00e3o da linguagem ap\u00f3s um AVC: por que \u00e9 essencial e como come\u00e7ar\"}]},{\"@type\":\"WebSite\",\"@id\":\"https:\\\/\\\/www.dynseo.com\\\/pt-pt\\\/#website\",\"url\":\"https:\\\/\\\/www.dynseo.com\\\/pt-pt\\\/\",\"name\":\"Jeux de m\u00e9moire et stimulation cognitive\",\"description\":\"Entra\u00eenez votre m\u00e9moire et votre cerveau avec DYNSEO\",\"publisher\":{\"@id\":\"https:\\\/\\\/www.dynseo.com\\\/pt-pt\\\/#organization\"},\"potentialAction\":[{\"@type\":\"SearchAction\",\"target\":{\"@type\":\"EntryPoint\",\"urlTemplate\":\"https:\\\/\\\/www.dynseo.com\\\/pt-pt\\\/?s={search_term_string}\"},\"query-input\":{\"@type\":\"PropertyValueSpecification\",\"valueRequired\":true,\"valueName\":\"search_term_string\"}}],\"inLanguage\":\"pt-PT\"},{\"@type\":\"Organization\",\"@id\":\"https:\\\/\\\/www.dynseo.com\\\/pt-pt\\\/#organization\",\"name\":\"DYNSEO\",\"url\":\"https:\\\/\\\/www.dynseo.com\\\/pt-pt\\\/\",\"logo\":{\"@type\":\"ImageObject\",\"inLanguage\":\"pt-PT\",\"@id\":\"https:\\\/\\\/www.dynseo.com\\\/pt-pt\\\/#\\\/schema\\\/logo\\\/image\\\/\",\"url\":\"https:\\\/\\\/www.dynseo.com\\\/wp-content\\\/uploads\\\/2022\\\/05\\\/logo-dynseo-new.png\",\"contentUrl\":\"https:\\\/\\\/www.dynseo.com\\\/wp-content\\\/uploads\\\/2022\\\/05\\\/logo-dynseo-new.png\",\"width\":5073,\"height\":1397,\"caption\":\"DYNSEO\"},\"image\":{\"@id\":\"https:\\\/\\\/www.dynseo.com\\\/pt-pt\\\/#\\\/schema\\\/logo\\\/image\\\/\"}},{\"@type\":\"Person\",\"@id\":\"https:\\\/\\\/www.dynseo.com\\\/pt-pt\\\/#\\\/schema\\\/person\\\/78ef63df2ee64e0989bc68f8401b38d6\",\"name\":\"DYNSEO\",\"url\":\"https:\\\/\\\/www.dynseo.com\\\/pt-pt\\\/author\\\/justine\\\/\"}]}<\/script>\n<!-- \/ Yoast SEO plugin. -->","yoast_head_json":{"title":"Reabilita\u00e7\u00e3o da linguagem ap\u00f3s um AVC: por que \u00e9 essencial e como come\u00e7ar - DYNSEO - Aplica\u00e7\u00f5es educativas e jogos de mem\u00f3ria","robots":{"index":"index","follow":"follow","max-snippet":"max-snippet:-1","max-image-preview":"max-image-preview:large","max-video-preview":"max-video-preview:-1"},"canonical":"https:\/\/www.dynseo.com\/pt-pt\/reabilitacao-da-linguagem-apos-um-avc-por-que-e-essencial-e-como-comecar\/","og_locale":"pt_PT","og_type":"article","og_title":"Reabilita\u00e7\u00e3o da linguagem ap\u00f3s um AVC: por que \u00e9 essencial e como come\u00e7ar - DYNSEO - Aplica\u00e7\u00f5es educativas e jogos de mem\u00f3ria","og_url":"https:\/\/www.dynseo.com\/pt-pt\/reabilitacao-da-linguagem-apos-um-avc-por-que-e-essencial-e-como-comecar\/","og_site_name":"DYNSEO - Aplica\u00e7\u00f5es educativas e jogos de mem\u00f3ria","article_published_time":"2025-09-11T21:46:34+00:00","article_modified_time":"2026-01-03T19:35:51+00:00","og_image":[{"width":1024,"height":768,"url":"https:\/\/www.dynseo.com\/wp-content\/uploads\/2024\/03\/avc-prevention-et-pertes-de-memoires-1024x768.png","type":"image\/png"}],"author":"DYNSEO","twitter_misc":{"Escrito por":"DYNSEO","Tempo estimado de leitura":"9 minutos"},"schema":{"@context":"https:\/\/schema.org","@graph":[{"@type":"Article","@id":"https:\/\/www.dynseo.com\/pt-pt\/reabilitacao-da-linguagem-apos-um-avc-por-que-e-essencial-e-como-comecar\/#article","isPartOf":{"@id":"https:\/\/www.dynseo.com\/pt-pt\/reabilitacao-da-linguagem-apos-um-avc-por-que-e-essencial-e-como-comecar\/"},"author":{"name":"DYNSEO","@id":"https:\/\/www.dynseo.com\/pt-pt\/#\/schema\/person\/78ef63df2ee64e0989bc68f8401b38d6"},"headline":"Reabilita\u00e7\u00e3o da linguagem ap\u00f3s um AVC: por que \u00e9 essencial e como come\u00e7ar","datePublished":"2025-09-11T21:46:34+00:00","dateModified":"2026-01-03T19:35:51+00:00","mainEntityOfPage":{"@id":"https:\/\/www.dynseo.com\/pt-pt\/reabilitacao-da-linguagem-apos-um-avc-por-que-e-essencial-e-como-comecar\/"},"wordCount":1850,"publisher":{"@id":"https:\/\/www.dynseo.com\/pt-pt\/#organization"},"image":{"@id":"https:\/\/www.dynseo.com\/pt-pt\/reabilitacao-da-linguagem-apos-um-avc-por-que-e-essencial-e-como-comecar\/#primaryimage"},"thumbnailUrl":"https:\/\/www.dynseo.com\/wp-content\/uploads\/2024\/03\/accompagnement-avc.png","articleSection":["Advice from our coaches","Tudo sobre o AVC"],"inLanguage":"pt-PT"},{"@type":"WebPage","@id":"https:\/\/www.dynseo.com\/pt-pt\/reabilitacao-da-linguagem-apos-um-avc-por-que-e-essencial-e-como-comecar\/","url":"https:\/\/www.dynseo.com\/pt-pt\/reabilitacao-da-linguagem-apos-um-avc-por-que-e-essencial-e-como-comecar\/","name":"Reabilita\u00e7\u00e3o da linguagem ap\u00f3s um AVC: por que \u00e9 essencial e como come\u00e7ar - DYNSEO - Aplica\u00e7\u00f5es educativas e jogos de mem\u00f3ria","isPartOf":{"@id":"https:\/\/www.dynseo.com\/pt-pt\/#website"},"primaryImageOfPage":{"@id":"https:\/\/www.dynseo.com\/pt-pt\/reabilitacao-da-linguagem-apos-um-avc-por-que-e-essencial-e-como-comecar\/#primaryimage"},"image":{"@id":"https:\/\/www.dynseo.com\/pt-pt\/reabilitacao-da-linguagem-apos-um-avc-por-que-e-essencial-e-como-comecar\/#primaryimage"},"thumbnailUrl":"https:\/\/www.dynseo.com\/wp-content\/uploads\/2024\/03\/accompagnement-avc.png","datePublished":"2025-09-11T21:46:34+00:00","dateModified":"2026-01-03T19:35:51+00:00","breadcrumb":{"@id":"https:\/\/www.dynseo.com\/pt-pt\/reabilitacao-da-linguagem-apos-um-avc-por-que-e-essencial-e-como-comecar\/#breadcrumb"},"inLanguage":"pt-PT","potentialAction":[{"@type":"ReadAction","target":["https:\/\/www.dynseo.com\/pt-pt\/reabilitacao-da-linguagem-apos-um-avc-por-que-e-essencial-e-como-comecar\/"]}]},{"@type":"ImageObject","inLanguage":"pt-PT","@id":"https:\/\/www.dynseo.com\/pt-pt\/reabilitacao-da-linguagem-apos-um-avc-por-que-e-essencial-e-como-comecar\/#primaryimage","url":"https:\/\/www.dynseo.com\/wp-content\/uploads\/2024\/03\/accompagnement-avc.png","contentUrl":"https:\/\/www.dynseo.com\/wp-content\/uploads\/2024\/03\/accompagnement-avc.png","width":2000,"height":1500,"caption":"Mantenha sua mente em forma com atividades de treino cerebral"},{"@type":"BreadcrumbList","@id":"https:\/\/www.dynseo.com\/pt-pt\/reabilitacao-da-linguagem-apos-um-avc-por-que-e-essencial-e-como-comecar\/#breadcrumb","itemListElement":[{"@type":"ListItem","position":1,"name":"Accueil","item":"https:\/\/www.dynseo.com\/pt-pt\/"},{"@type":"ListItem","position":2,"name":"Reabilita\u00e7\u00e3o da linguagem ap\u00f3s um AVC: por que \u00e9 essencial e como come\u00e7ar"}]},{"@type":"WebSite","@id":"https:\/\/www.dynseo.com\/pt-pt\/#website","url":"https:\/\/www.dynseo.com\/pt-pt\/","name":"Jeux de m\u00e9moire et stimulation cognitive","description":"Entra\u00eenez votre m\u00e9moire et votre cerveau avec DYNSEO","publisher":{"@id":"https:\/\/www.dynseo.com\/pt-pt\/#organization"},"potentialAction":[{"@type":"SearchAction","target":{"@type":"EntryPoint","urlTemplate":"https:\/\/www.dynseo.com\/pt-pt\/?s={search_term_string}"},"query-input":{"@type":"PropertyValueSpecification","valueRequired":true,"valueName":"search_term_string"}}],"inLanguage":"pt-PT"},{"@type":"Organization","@id":"https:\/\/www.dynseo.com\/pt-pt\/#organization","name":"DYNSEO","url":"https:\/\/www.dynseo.com\/pt-pt\/","logo":{"@type":"ImageObject","inLanguage":"pt-PT","@id":"https:\/\/www.dynseo.com\/pt-pt\/#\/schema\/logo\/image\/","url":"https:\/\/www.dynseo.com\/wp-content\/uploads\/2022\/05\/logo-dynseo-new.png","contentUrl":"https:\/\/www.dynseo.com\/wp-content\/uploads\/2022\/05\/logo-dynseo-new.png","width":5073,"height":1397,"caption":"DYNSEO"},"image":{"@id":"https:\/\/www.dynseo.com\/pt-pt\/#\/schema\/logo\/image\/"}},{"@type":"Person","@id":"https:\/\/www.dynseo.com\/pt-pt\/#\/schema\/person\/78ef63df2ee64e0989bc68f8401b38d6","name":"DYNSEO","url":"https:\/\/www.dynseo.com\/pt-pt\/author\/justine\/"}]}},"_links":{"self":[{"href":"https:\/\/www.dynseo.com\/pt-pt\/wp-json\/wp\/v2\/posts\/409758","targetHints":{"allow":["GET"]}}],"collection":[{"href":"https:\/\/www.dynseo.com\/pt-pt\/wp-json\/wp\/v2\/posts"}],"about":[{"href":"https:\/\/www.dynseo.com\/pt-pt\/wp-json\/wp\/v2\/types\/post"}],"author":[{"embeddable":true,"href":"https:\/\/www.dynseo.com\/pt-pt\/wp-json\/wp\/v2\/users\/4"}],"replies":[{"embeddable":true,"href":"https:\/\/www.dynseo.com\/pt-pt\/wp-json\/wp\/v2\/comments?post=409758"}],"version-history":[{"count":4,"href":"https:\/\/www.dynseo.com\/pt-pt\/wp-json\/wp\/v2\/posts\/409758\/revisions"}],"predecessor-version":[{"id":470352,"href":"https:\/\/www.dynseo.com\/pt-pt\/wp-json\/wp\/v2\/posts\/409758\/revisions\/470352"}],"wp:featuredmedia":[{"embeddable":true,"href":"https:\/\/www.dynseo.com\/pt-pt\/wp-json\/wp\/v2\/media\/131777"}],"wp:attachment":[{"href":"https:\/\/www.dynseo.com\/pt-pt\/wp-json\/wp\/v2\/media?parent=409758"}],"wp:term":[{"taxonomy":"category","embeddable":true,"href":"https:\/\/www.dynseo.com\/pt-pt\/wp-json\/wp\/v2\/categories?post=409758"},{"taxonomy":"post_tag","embeddable":true,"href":"https:\/\/www.dynseo.com\/pt-pt\/wp-json\/wp\/v2\/tags?post=409758"}],"curies":[{"name":"wp","href":"https:\/\/api.w.org\/{rel}","templated":true}]}}