{"id":412310,"date":"2025-09-17T01:08:15","date_gmt":"2025-09-16T23:08:15","guid":{"rendered":"https:\/\/www.dynseo.com\/alzheimer-vs-dementie-verschillen-begrijpen\/"},"modified":"2025-12-26T14:24:25","modified_gmt":"2025-12-26T13:24:25","slug":"alzheimer-vs-demencia-senil-compreender-diferencas","status":"publish","type":"post","link":"https:\/\/www.dynseo.com\/pt-pt\/alzheimer-vs-demencia-senil-compreender-diferencas\/","title":{"rendered":"Alzheimer vs Dem\u00eancia Senil: Compreender as Diferen\u00e7as para Melhores Cuidados"},"content":{"rendered":"<p>[et_pb_section fb_built=&#8221;1&#8243; admin_label=&#8221;Article HTML&#8221; _builder_version=&#8221;4.16&#8243;][et_pb_row admin_label=&#8221;Contenu&#8221; _builder_version=&#8221;4.16&#8243;][et_pb_column type=&#8221;4_4&#8243; _builder_version=&#8221;4.16&#8243;][et_pb_code admin_label=&#8221;HTML import\u00e9&#8221; _builder_version=&#8221;4.16&#8243;]<link href=\"https:\/\/fonts.googleapis.com\/css2?family=Montserrat:wght@400;500;600;700;800&#038;display=swap\" rel=\"stylesheet\">\n<style>\n.dynseo-article{font-family:'Montserrat',-apple-system,BlinkMacSystemFont,'Segoe UI',Roboto,sans-serif;line-height:1.8;color:#2c3e50;max-width:100%}\n.dynseo-article h2{font-family:'Montserrat',sans-serif;font-size:1.8rem;color:#1a1a2e;margin:50px 0 25px;padding-bottom:12px;border-bottom:3px solid #a9e2e4;font-weight:700;transition:all .3s ease}\n.dynseo-article h2:hover{padding-left:10px;border-bottom-color:#e73469}\n.dynseo-article h3{font-family:'Montserrat',sans-serif;font-size:1.3rem;color:#5e5ed7;margin:35px 0 18px;font-weight:600;transition:all .3s ease}\n.dynseo-article h3:hover{color:#e73469}\n.dynseo-article p{margin-bottom:18px;font-size:1.05rem;text-align:justify}\n.dynseo-article img{max-width:100%;height:auto;border-radius:16px;margin:25px 0;box-shadow:0 8px 30px rgba(0,0,0,0.1);transition:all .4s ease}\n.dynseo-article img:hover{transform:scale(1.02);box-shadow:0 15px 50px rgba(0,0,0,0.15)}\n.dynseo-intro{font-size:1.15rem;color:#64748b;border-left:4px solid #a9e2e4;padding-left:25px;margin:35px 0;font-style:italic;background:linear-gradient(90deg,rgba(169,226,228,0.1),transparent);padding:20px 25px;border-radius:0 12px 12px 0;transition:all .3s ease}\n.dynseo-intro:hover{border-left-width:6px;background:linear-gradient(90deg,rgba(169,226,228,0.15),transparent)}\n.dynseo-toc{background:linear-gradient(135deg,#f8fafc 0%,#fff 100%);border-radius:20px;padding:35px;margin:40px 0;border:2px solid #e5e7eb;box-shadow:0 4px 20px rgba(0,0,0,0.05);transition:all .3s ease}\n.dynseo-toc:hover{box-shadow:0 8px 35px rgba(0,0,0,0.08);transform:translateY(-2px)}\n.dynseo-toc .toc-title{font-family:'Montserrat',sans-serif;font-size:1.4rem;margin-bottom:25px;color:#1a1a2e;font-weight:700}\n.dynseo-toc ol{list-style:none;padding:0;margin:0;display:grid;grid-template-columns:repeat(2,1fr);gap:12px}\n.dynseo-toc li{background:#fff;border-radius:12px;padding:14px 18px;border:2px solid #f1f5f9;transition:all .3s ease;border-left:4px solid #ffeca7}\n.dynseo-toc li:hover{background:linear-gradient(135deg,#f8fafc,#fff);transform:translateX(8px);box-shadow:0 6px 20px rgba(0,0,0,0.1);border-left-width:6px}\n.dynseo-toc a{color:#1a1a2e;text-decoration:none;font-size:.95rem;font-weight:500;transition:color .3s}\n.dynseo-toc a:hover{color:#5e5ed7}\n.dynseo-article .styled-list,.dynseo-article ul{margin:20px 0 30px;padding:0;list-style:none}\n.dynseo-article .styled-list li,.dynseo-article ul li{position:relative;padding-left:28px;margin-bottom:14px;line-height:1.7;transition:all .3s ease}\n.dynseo-article .styled-list li:hover,.dynseo-article ul li:hover{padding-left:32px}\n.dynseo-article .styled-list li::before,.dynseo-article ul li::before{content:\"\";position:absolute;left:0;top:8px;width:10px;height:10px;background:#e73469;border-radius:50%;box-shadow:0 2px 8px rgba(231,52,105,0.3);transition:all .3s ease}\n.dynseo-article .styled-list li:hover::before,.dynseo-article ul li:hover::before{transform:scale(1.3);box-shadow:0 4px 12px rgba(231,52,105,0.4)}\n.dynseo-article blockquote{background:linear-gradient(135deg,#fff9f0 0%,#fff5eb 100%);border-left:4px solid #ffeca7;border-radius:0 16px 16px 0;padding:28px 32px;margin:35px 0;position:relative;box-shadow:0 4px 20px rgba(255,236,167,0.3);transition:all .3s ease}\n.dynseo-article blockquote:hover{transform:translateX(5px);box-shadow:0 8px 30px rgba(255,236,167,0.4);border-left-width:6px}\n.dynseo-article blockquote::before{content:\"\u275d\";font-size:3rem;color:#ffeca7;opacity:.4;position:absolute;top:10px;left:15px}\n.dynseo-article blockquote p{font-style:italic;margin-bottom:12px;padding-left:30px}\n.dynseo-article blockquote cite{display:block;font-style:normal;font-weight:600;color:#1a1a2e;padding-left:30px}\n.section-divider{text-align:center;margin:60px 0;font-size:1.8rem;letter-spacing:18px;background:linear-gradient(135deg,#ffeca7,#e73469,#a9e2e4);-webkit-background-clip:text;-webkit-text-fill-color:transparent;background-clip:text}\n.dynseo-tip-box{background:linear-gradient(135deg,#ecfdf5 0%,#d1fae5 100%);border:2px solid #a9e2e4;border-radius:16px;padding:25px 30px;margin:35px 0;position:relative;box-shadow:0 4px 20px rgba(169,226,228,0.3);transition:all .3s ease}\n.dynseo-tip-box:hover{transform:translateY(-3px);box-shadow:0 8px 30px rgba(169,226,228,0.4)}\n.dynseo-tip-box-title{font-family:'Montserrat',sans-serif;font-size:1.15rem;font-weight:700;color:#1a1a2e;margin-bottom:12px;display:flex;align-items:center;gap:10px}\n.dynseo-tip-box-title::before{content:\"\ud83d\udca1\";font-size:1.3rem}\n.dynseo-tip-box p{margin:0;color:#2c3e50}\n.dynseo-feature-grid{display:grid;grid-template-columns:repeat(3,1fr);gap:20px;margin:35px 0}\n.dynseo-feature-card{background:#fff;border-radius:20px;padding:30px 25px;text-align:center;border:2px solid #f1f5f9;transition:all .4s ease;position:relative;overflow:hidden}\n.dynseo-feature-card::before{content:\"\";position:absolute;top:0;left:0;right:0;height:4px;background:linear-gradient(90deg,#ffeca7,#e73469);transform:scaleX(0);transition:transform .3s ease}\n.dynseo-feature-card:hover::before{transform:scaleX(1)}\n.dynseo-feature-card:nth-child(3n+1){border-color:rgba(255,236,167,0.5)}\n.dynseo-feature-card:nth-child(3n+2){border-color:rgba(231,52,105,0.3)}\n.dynseo-feature-card:nth-child(3n+3){border-color:rgba(169,226,228,0.5)}\n.dynseo-feature-card:hover{transform:translateY(-8px);box-shadow:0 20px 50px rgba(0,0,0,0.12)}\n.dynseo-feature-card h4{font-family:'Montserrat',sans-serif;color:#1a1a2e;margin-bottom:10px;font-size:1.1rem;font-weight:600}\n.dynseo-feature-card p{font-size:.95rem;color:#64748b;margin:0}\n.dynseo-highlight-box{background:linear-gradient(135deg,#fef3c7 0%,#fde68a 100%);border:2px solid #ffeca7;border-radius:16px;padding:25px 30px;margin:30px 0;transition:all .3s ease}\n.dynseo-highlight-box:hover{transform:translateY(-3px);box-shadow:0 8px 30px rgba(255,236,167,0.4)}\n.dynseo-highlight-box h4{font-family:'Montserrat',sans-serif;color:#1a1a2e;margin:0 0 12px 0;font-size:1.1rem}\n.dynseo-highlight-box p{margin:0;color:#2c3e50}\n@media(max-width:768px){.dynseo-article h2{font-size:1.5rem}.dynseo-toc ol{grid-template-columns:1fr}.dynseo-feature-grid{grid-template-columns:1fr}}\n<\/style>\n<div class=\"dynseo-article\">\n<div class=\"dynseo-intro\"><pee class=\"whitespace-normal break-words\">&#8220;\u00c9 dem\u00eancia senil ou \u00e9 Alzheimer?&#8221; Esta pergunta, feita em in\u00fameros consult\u00f3rios m\u00e9dicos, salas de espera e reuni\u00f5es familiares, revela uma profunda confus\u00e3o que afeta milh\u00f5es de fam\u00edlias em todo o mundo. Se o seu ente querido apresenta problemas de mem\u00f3ria, provavelmente j\u00e1 se fez a mesma pergunta, procurando desesperadamente compreender o que est\u00e1 a acontecer com ele, oscilando entre a esperan\u00e7a de que seja algo benigno e o medo de um diagn\u00f3stico mais grave.<\/pee>\n<pee class=\"whitespace-normal break-words\">Esta confus\u00e3o n\u00e3o \u00e9 apenas uma quest\u00e3o de escolha de palavras. Reflete d\u00e9cadas de desconhecimento m\u00e9dico, estigmatiza\u00e7\u00e3o do envelhecimento e medo coletivo do decl\u00ednio cognitivo. Ainda hoje, muitos profissionais de sa\u00fade utilizam o termo &#8220;dem\u00eancia senil&#8221;, perpetuando assim uma vis\u00e3o desatualizada e potencialmente perigosa destas condi\u00e7\u00f5es.<\/pee>\n<pee class=\"whitespace-normal break-words\">A confus\u00e3o entre estes termos n\u00e3o \u00e9 in\u00f3cua. Pode atrasar o diagn\u00f3stico durante anos, um per\u00edodo em que interven\u00e7\u00f5es precoces poderiam ter feito uma diferen\u00e7a significativa. Pode levar a tratamentos errados, expondo os pacientes a medicamentos inadequados ou at\u00e9 perigosos. Gera ansiedade desnecess\u00e1ria em alguns (&#8220;\u00e9 inevit\u00e1vel com a idade&#8221;) e uma falsa sensa\u00e7\u00e3o de seguran\u00e7a noutros (&#8220;\u00e9 apenas senilidade&#8221;). Mais grave ainda, pode priv\u00e1-lo de estrat\u00e9gias de acompanhamento adaptadas que poderiam melhorar significativamente a qualidade de vida do seu ente querido e a sua pr\u00f3pria.<\/pee>\n<pee class=\"whitespace-normal break-words\">Hoje vamos eliminar esta confus\u00e3o de uma vez por todas. Atrav\u00e9s de uma explora\u00e7\u00e3o aprofundada e acess\u00edvel, finalmente compreender\u00e1 o que estes termos realmente significam, as suas diferen\u00e7as fundamentais, as suas implica\u00e7\u00f5es pr\u00e1ticas e, sobretudo, porque esta distin\u00e7\u00e3o \u00e9 absolutamente crucial para o acompanhamento do seu ente querido. Vamos dissipar equ\u00edvocos, explorar os mais recentes avan\u00e7os cient\u00edficos e dar-lhe as chaves para navegar por este labirinto m\u00e9dico com confian\u00e7a e clareza.<\/pee><\/div>\n<nav class=\"dynseo-toc\">\n<div class=\"toc-title\">\ud83d\udccb Sommaire<\/div>\n<ol>\n<li style=\"border-left:4px solid #ffeca7\"><a href=\"#section-1\">Dem\u00eancia: Um Termo Abrangente Mal Compreendido<\/a><\/li>\n<li style=\"border-left:4px solid #e73469\"><a href=\"#section-2\">Diferentes Tipos de Dem\u00eancia: Um Espectro Complexo<\/a><\/li>\n<li style=\"border-left:4px solid #a9e2e4\"><a href=\"#section-3\">O Mito da &quot;Dem\u00eancia Senil&quot;: Desconstruir uma Ideia Perigosa<\/a><\/li>\n<li style=\"border-left:4px solid #5e5ed7\"><a href=\"#section-4\">Como Distinguir Alzheimer de Outras Dem\u00eancias: Guia Pr\u00e1tico Detalhado<\/a><\/li>\n<li style=\"border-left:4px solid #5268c9\"><a href=\"#section-5\">Porque o Diagn\u00f3stico Correto \u00e9 Absolutamente Crucial<\/a><\/li>\n<li style=\"border-left:4px solid #ffeca7\"><a href=\"#section-6\">O Processo Diagn\u00f3stico Moderno: Um Percurso Marcado mas Complexo<\/a><\/li>\n<li style=\"border-left:4px solid #e73469\"><a href=\"#section-7\">Dem\u00eancias Revers\u00edveis: A Esperan\u00e7a Ainda Existe<\/a><\/li>\n<li style=\"border-left:4px solid #a9e2e4\"><a href=\"#section-8\">Viver com o Diagn\u00f3stico: Para Al\u00e9m da Comunica\u00e7\u00e3o<\/a><\/li>\n<li style=\"border-left:4px solid #5e5ed7\"><a href=\"#section-9\">A Import\u00e2ncia Vital do Acompanhamento Adaptado<\/a><\/li>\n<li style=\"border-left:4px solid #5268c9\"><a href=\"#section-10\">Quando a Distin\u00e7\u00e3o Permanece Pouco Clara: Navegar na Incerteza<\/a><\/li>\n<li style=\"border-left:4px solid #ffeca7\"><a href=\"#section-11\">A Mensagem de Esperan\u00e7a: Para Al\u00e9m do Diagn\u00f3stico<\/a><\/li>\n<li style=\"border-left:4px solid #e73469\"><a href=\"#section-12\">Conclus\u00e3o: A Import\u00e2ncia Crucial de Compreender e Nomear Corretamente<\/a><\/li>\n<\/ol>\n<\/nav>\n<section class=\"dynseo-section\">\n<h2 id=\"section-1\">Dem\u00eancia: Um Termo Abrangente Mal Compreendido<\/h2>\n<h3>Defini\u00e7\u00e3o e Esclarecimento<\/h3>\n<pee>Comecemos por esclarecer o termo mais mal compreendido mas ainda assim mais importante: dem\u00eancia. Ao contr\u00e1rio do que muitos pensam, e ao contr\u00e1rio do que a linguagem quotidiana sugere, a dem\u00eancia n\u00e3o \u00e9 uma doen\u00e7a em si. \u00c9 uma s\u00edndrome, ou seja, um conjunto de sintomas que podem ser causados por diferentes doen\u00e7as, tal como a dor no peito pode ser causada por um ataque card\u00edaco, pneumonia ou at\u00e9 simples ansiedade.<\/pee>\n<pee>Imagine a dem\u00eancia como febre. A febre n\u00e3o \u00e9 uma doen\u00e7a, \u00e9 um sintoma que pode ser causado por gripe, uma infe\u00e7\u00e3o bacteriana, inflama\u00e7\u00e3o ou at\u00e9 certos cancros. Quando o seu m\u00e9dico constata que tem febre, a sua primeira pergunta \u00e9: &#8220;Qual \u00e9 a causa?&#8221; Da mesma forma, a dem\u00eancia \u00e9 um conjunto de sintomas cognitivos que podem ter m\u00faltiplas causas, algumas trat\u00e1veis, outras n\u00e3o, algumas evoluem rapidamente, outras muito lentamente.<\/pee>\n<pee>Esta distin\u00e7\u00e3o \u00e9 fundamental porque muda completamente a abordagem m\u00e9dica. Dizer &#8220;\u00e9 dem\u00eancia&#8221; sem investigar mais \u00e9 como dizer &#8220;\u00e9 febre&#8221; e ir para casa. \u00c9 insuficiente, potencialmente perigoso e priva o paciente dos cuidados adequados.<\/pee>\n<h3>O Que Caracteriza Realmente a Dem\u00eancia?<\/h3>\n<pee>Para falar medicamente de dem\u00eancia, v\u00e1rios crit\u00e9rios rigorosos devem estar presentes. N\u00e3o \u00e9 apenas &#8220;ter problemas de mem\u00f3ria&#8221;:<\/pee>\n<pee><strong>1. Decl\u00ednio cognitivo significativo em pelo menos dois dom\u00ednios cognitivos:<\/strong><\/pee>\n<ul class=\"styled-list\">\n<li class=\"whitespace-normal break-words\">Mem\u00f3ria (incapacidade de reter novas informa\u00e7\u00f5es)<\/li>\n<li class=\"whitespace-normal break-words\">Linguagem (encontrar palavras, compreender, expressar-se)<\/li>\n<li class=\"whitespace-normal break-words\">Capacidades visuoespaciais (orienta\u00e7\u00e3o, reconhecimento de objetos)<\/li>\n<li class=\"whitespace-normal break-words\">Fun\u00e7\u00f5es executivas (planear, organizar, julgar)<\/li>\n<li class=\"whitespace-normal break-words\">Aten\u00e7\u00e3o e concentra\u00e7\u00e3o<\/li>\n<li class=\"whitespace-normal break-words\">Praxia (capacidade de executar gestos)<\/li>\n<\/ul>\n<pee><strong>2. Impacto significativo e mensur\u00e1vel na vida quotidiana:<\/strong><\/pee>\n<ul class=\"styled-list\">\n<li class=\"whitespace-normal break-words\">Perda de autonomia em atividades instrumentais (gerir finan\u00e7as, tomar medicamentos, fazer compras)<\/li>\n<li class=\"whitespace-normal break-words\">Posteriormente em atividades b\u00e1sicas (lavar-se, vestir-se, comer)<\/li>\n<li class=\"whitespace-normal break-words\">Necessidade de ajuda externa crescente<\/li>\n<\/ul>\n<pee><strong>3. Evolu\u00e7\u00e3o progressiva que n\u00e3o \u00e9 espontaneamente revers\u00edvel:<\/strong><\/pee>\n<ul class=\"styled-list\">\n<li class=\"whitespace-normal break-words\">N\u00e3o \u00e9 um estado s\u00fabito como o del\u00edrio<\/li>\n<li class=\"whitespace-normal break-words\">Os sintomas persistem e agravam-se sem tratamento<\/li>\n<li class=\"whitespace-normal break-words\">O curso \u00e9 geralmente decrescente, embora o ritmo varie<\/li>\n<\/ul>\n<pee><strong>4. Consci\u00eancia geralmente preservada inicialmente:<\/strong><\/pee>\n<ul class=\"styled-list\">\n<li class=\"whitespace-normal break-words\">A pessoa n\u00e3o est\u00e1 em coma ou estupor<\/li>\n<li class=\"whitespace-normal break-words\">Pode estar consciente das suas dificuldades (anosognosia vari\u00e1vel)<\/li>\n<li class=\"whitespace-normal break-words\">O estado de vig\u00edlia \u00e9 normal (ao contr\u00e1rio do del\u00edrio)<\/li>\n<\/ul>\n<h3>A Dimens\u00e3o do Fen\u00f3meno: N\u00fameros Vertiginosos<\/h3>\n<pee>A dem\u00eancia afeta atualmente 55 milh\u00f5es de pessoas em todo o mundo, um n\u00famero que segundo a OMS dever\u00e1 triplicar at\u00e9 2050, atingindo 152 milh\u00f5es. Nos Pa\u00edses Baixos, estima-se que 280.000 pessoas sejam afetadas, com 46.000 novos casos todos os anos. Mas por tr\u00e1s destas estat\u00edsticas impressionantes escondem-se realidades humanas muito diferentes, trajet\u00f3rias \u00fanicas, fam\u00edlias desestruturadas.<\/pee>\n<pee>A cada 3 segundos, algu\u00e9m no mundo desenvolve dem\u00eancia. Os custos mundiais s\u00e3o estimados em mais de 1.300 mil milh\u00f5es de d\u00f3lares por ano, mais do que o PIB de muitos pa\u00edses. Mas os custos reais, humanos e emocionais, s\u00e3o incalcul\u00e1veis.<\/pee><\/section>\n<section class=\"dynseo-section\">\n<h2 id=\"section-2\">Diferentes Tipos de Dem\u00eancia: Um Espectro Complexo<\/h2>\n<pee>A dem\u00eancia pode ter mais de 100 causas diferentes, das mais comuns \u00e0s mais raras, das mais estudadas \u00e0s mais misteriosas. Compreender esta diversidade \u00e9 essencial para um diagn\u00f3stico e tratamento corretos. Aqui est\u00e1 uma explora\u00e7\u00e3o detalhada das principais formas:<\/pee>\n<h3>1. A Doen\u00e7a de Alzheimer (60-70% dos casos): O Gigante Silencioso<\/h3>\n<pee>A dem\u00eancia mais comum, a doen\u00e7a de Alzheimer \u00e9 uma condi\u00e7\u00e3o neurodegenerativa complexa que inicialmente afeta as regi\u00f5es cerebrais respons\u00e1veis pela mem\u00f3ria antes de se expandir gradualmente.<\/pee>\n<pee><strong>Caracter\u00edsticas distintivas:<\/strong><\/pee>\n<pee><strong>In\u00edcio insidioso e progress\u00e3o implac\u00e1vel:<\/strong> A doen\u00e7a instala-se t\u00e3o gradualmente que as fam\u00edlias muitas vezes t\u00eam dificuldade em datar o in\u00edcio dos sintomas. &#8220;Agora que pensamos nisso, talvez ela j\u00e1 procurasse palavras h\u00e1 2-3 anos&#8230;&#8221;<\/pee>\n<pee><strong>Deteriora\u00e7\u00e3o caracter\u00edstica da mem\u00f3ria recente:<\/strong> A pessoa esquece o que acabou de fazer mas lembra-se perfeitamente da sua inf\u00e2ncia. Esta \u00e9 a lei de Ribot: as mem\u00f3rias mais antigas resistem por mais tempo.<\/pee>\n<pee><strong>Assinatura biol\u00f3gica \u00fanica:<\/strong> Acumula\u00e7\u00e3o de placas amiloides entre os neur\u00f3nios e emaranhados de prote\u00edna tau no interior. Estas les\u00f5es come\u00e7am 15-20 anos antes dos <a href=\"https:\/\/www.dynseo.com\/pt-pt\/alzheimer-precoce-como-identificar-os-primeiros-sintomas-e-buscar-ajuda\/\" title=\"Alzheimer pr\u00e9coce: Como identificar os primeiros sintomas e buscar ajuda\">primeiros sintomas<\/a>.<\/pee>\n<pee><strong>Padr\u00e3o evolutivo estereotipado mas individualmente vari\u00e1vel:<\/strong><\/pee>\n<ul class=\"styled-list\">\n<li class=\"whitespace-normal break-words\">Fase 1 (2-4 anos): Problemas ligeiros de mem\u00f3ria, ansiedade<\/li>\n<li class=\"whitespace-normal break-words\">Fase 2 (2-10 anos): Desorienta\u00e7\u00e3o, problemas de linguagem<\/li>\n<li class=\"whitespace-normal break-words\">Fase 3 (1-3 anos): Depend\u00eancia total, complica\u00e7\u00f5es m\u00e9dicas<\/li>\n<\/ul>\n<pee><strong>Testemunho de Maria, 62 anos, filha de uma paciente:<\/strong> &#8220;No in\u00edcio, atribu\u00edamos os seus esquecimentos ao stress da mudan\u00e7a de casa. Depois esqueceu o meu anivers\u00e1rio, algo que nunca tinha acontecido. No dia em que me perguntou quem eu era enquanto me olhava com olhos vazios, percebi que n\u00e3o era apenas cansa\u00e7o.&#8221;<\/pee>\n<pee><strong>Fatores de risco espec\u00edficos:<\/strong><\/pee>\n<ul class=\"styled-list\">\n<li class=\"whitespace-normal break-words\">Idade (risco duplica a cada 5 anos ap\u00f3s os 65)<\/li>\n<li class=\"whitespace-normal break-words\">Gen\u00e9tica (gene APOE4, muta\u00e7\u00f5es familiares raras)<\/li>\n<li class=\"whitespace-normal break-words\">Sexo (mulheres mais afetadas, possivelmente relacionado com a menopausa)<\/li>\n<li class=\"whitespace-normal break-words\">N\u00edvel de escolaridade (efeito protetor da reserva cognitiva)<\/li>\n<li class=\"whitespace-normal break-words\">Traumatismos cranianos repetidos<\/li>\n<\/ul>\n<h3>2. Dem\u00eancia Vascular (15-20% dos casos): Quando o C\u00e9rebro Tem Falta de Oxig\u00e9nio<\/h3>\n<pee>A segunda causa de dem\u00eancia, resulta de les\u00f5es vasculares cerebrais que privam certas regi\u00f5es cerebrais de oxig\u00e9nio e nutrientes.<\/pee>\n<pee><strong>Mecanismos e manifesta\u00e7\u00f5es:<\/strong><\/pee>\n<pee><strong>Evolu\u00e7\u00e3o caracter\u00edstica em degraus:<\/strong> Ao contr\u00e1rio do Alzheimer, a progress\u00e3o n\u00e3o \u00e9 linear. &#8220;Ele estava bem, depois ap\u00f3s o seu pequeno AVC em mar\u00e7o j\u00e1 n\u00e3o era o mesmo. Estabilizou alguns meses, depois novo decl\u00ednio em setembro&#8230;&#8221;<\/pee>\n<pee><strong>M\u00faltiplas causas:<\/strong><\/pee>\n<ul class=\"styled-list\">\n<li class=\"whitespace-normal break-words\">AVC major (25% desenvolvem dem\u00eancia)<\/li>\n<li class=\"whitespace-normal break-words\">Acumula\u00e7\u00e3o de mini-AVCs silenciosos<\/li>\n<li class=\"whitespace-normal break-words\">Doen\u00e7a dos pequenos vasos (leucoaraiose)<\/li>\n<li class=\"whitespace-normal break-words\">Hipoperfus\u00e3o cr\u00f3nica<\/li>\n<\/ul>\n<pee><strong>Sintomas vari\u00e1veis segundo a localiza\u00e7\u00e3o:<\/strong><\/pee>\n<ul class=\"styled-list\">\n<li class=\"whitespace-normal break-words\">Les\u00f5es frontais: apatia, desinibi\u00e7\u00e3o<\/li>\n<li class=\"whitespace-normal break-words\">Les\u00f5es subcorticais: lentifica\u00e7\u00e3o, problemas de marcha<\/li>\n<li class=\"whitespace-normal break-words\">Les\u00f5es temporais: problemas de mem\u00f3ria<\/li>\n<li class=\"whitespace-normal break-words\">Les\u00f5es m\u00faltiplas: quadro complexo misto<\/li>\n<\/ul>\n<pee><strong>Sinais de alerta espec\u00edficos:<\/strong><\/pee>\n<ul class=\"styled-list\">\n<li class=\"whitespace-normal break-words\">Problemas precoces de marcha (marcha de pequenos passos)<\/li>\n<li class=\"whitespace-normal break-words\">Labilidade emocional (choro ou riso inapropriados)<\/li>\n<li class=\"whitespace-normal break-words\">Incontin\u00eancia urin\u00e1ria precoce<\/li>\n<li class=\"whitespace-normal break-words\">Sintomas pseudobulbares (dificuldades de degluti\u00e7\u00e3o)<\/li>\n<\/ul>\n<pee><strong>Fatores de risco modific\u00e1veis:<\/strong><\/pee>\n<ul class=\"styled-list\">\n<li class=\"whitespace-normal break-words\">Hipertens\u00e3o (fator principal, risco x2)<\/li>\n<li class=\"whitespace-normal break-words\">Diabetes (risco x1,5)<\/li>\n<li class=\"whitespace-normal break-words\">Tabagismo (risco x1,6)<\/li>\n<li class=\"whitespace-normal break-words\">Fibrilha\u00e7\u00e3o auricular (risco x2)<\/li>\n<li class=\"whitespace-normal break-words\">Hipercolesterolemia<\/li>\n<li class=\"whitespace-normal break-words\">Obesidade<\/li>\n<li class=\"whitespace-normal break-words\">Estilo de vida sedent\u00e1rio<\/li>\n<\/ul>\n<pee><strong>Caso cl\u00ednico t\u00edpico:<\/strong> Jorge, 72 anos, paciente hipertenso mal controlado, teve um AVC h\u00e1 6 meses. Desde ent\u00e3o, a sua esposa nota que ele j\u00e1 n\u00e3o gere as contas, perde-se no bairro e chora \u00e0 televis\u00e3o por coisas triviais. A RM mostra m\u00faltiplas lacunas e leucoaraiose grave.<\/pee>\n<h3>3. Dem\u00eancia com Corpos de Lewy (10-15% dos casos): O Camale\u00e3o Diagn\u00f3stico<\/h3>\n<pee>Frequentemente desconhecida e confundida com Alzheimer ou Parkinson, esta dem\u00eancia tem caracter\u00edsticas \u00fanicas que requerem tratamento espec\u00edfico.<\/pee>\n<pee><strong>Quadro cl\u00ednico distintivo:<\/strong><\/pee>\n<pee><strong>Grandes flutua\u00e7\u00f5es cognitivas:<\/strong> &#8220;De manh\u00e3 est\u00e1 confuso, n\u00e3o me reconhece. \u00c0 tarde est\u00e1 l\u00facido e joga xadrez. \u00c9 como se fossem duas pessoas diferentes.&#8221;<\/pee>\n<pee><strong>Alucina\u00e7\u00f5es visuais recorrentes caracter\u00edsticas:<\/strong><\/pee>\n<ul class=\"styled-list\">\n<li class=\"whitespace-normal break-words\">Muito detalhadas e elaboradas (pessoas, animais, crian\u00e7as)<\/li>\n<li class=\"whitespace-normal break-words\">Frequentemente n\u00e3o amea\u00e7adoras inicialmente<\/li>\n<li class=\"whitespace-normal break-words\">A pessoa pode ter perce\u00e7\u00e3o vari\u00e1vel (&#8220;sei que n\u00e3o \u00e9 real mas vejo-as&#8221;)<\/li>\n<li class=\"whitespace-normal break-words\">&#8220;Ele v\u00ea crian\u00e7as pequenas a brincar na sala. Fala com elas, oferece-lhes bolachas.&#8221;<\/li>\n<\/ul>\n<pee><strong>Perturba\u00e7\u00e3o do comportamento do sono REM (RBD):<\/strong><\/pee>\n<ul class=\"styled-list\">\n<li class=\"whitespace-normal break-words\">Frequentemente precede a dem\u00eancia em anos<\/li>\n<li class=\"whitespace-normal break-words\">Movimentos violentos durante os sonhos<\/li>\n<li class=\"whitespace-normal break-words\">Pode ferir involuntariamente o parceiro<\/li>\n<li class=\"whitespace-normal break-words\">&#8220;Ele batia enquanto dormia, revivia os seus sonhos&#8221;<\/li>\n<\/ul>\n<pee><strong>S\u00edndrome de Parkinson:<\/strong><\/pee>\n<ul class=\"styled-list\">\n<li class=\"whitespace-normal break-words\">Rigidez, bradicinesia, problemas de equil\u00edbrio<\/li>\n<li class=\"whitespace-normal break-words\">Tremores menos frequentes do que no Parkinson<\/li>\n<li class=\"whitespace-normal break-words\">Quedas inexplicadas repetidas<\/li>\n<\/ul>\n<pee><strong>Hipersensibilidade aos neurol\u00e9pticos:<\/strong><\/pee>\n<ul class=\"styled-list\">\n<li class=\"whitespace-normal break-words\">Rea\u00e7\u00f5es graves, potencialmente fatais<\/li>\n<li class=\"whitespace-normal break-words\">Grande agravamento dos sintomas<\/li>\n<li class=\"whitespace-normal break-words\">S\u00edndrome neurol\u00e9ptica maligna poss\u00edvel<\/li>\n<\/ul>\n<pee><strong>Diagn\u00f3stico diferencial delicado:<\/strong><\/pee>\n<ul class=\"styled-list\">\n<li class=\"whitespace-normal break-words\">Com Alzheimer: presen\u00e7a de alucina\u00e7\u00f5es precoces<\/li>\n<li class=\"whitespace-normal break-words\">Com Parkinson: problemas cognitivos precoces (regra de um ano)<\/li>\n<li class=\"whitespace-normal break-words\">Com dem\u00eancia vascular: flutua\u00e7\u00f5es mais pronunciadas<\/li>\n<\/ul>\n<pee><strong>Impacto nas fam\u00edlias:<\/strong> &#8220;O mais dif\u00edcil \u00e9 a imprevisibilidade. Nunca sabemos em que estado o vamos encontrar. As alucina\u00e7\u00f5es deixam-no ansioso, mas se dizemos que n\u00e3o s\u00e3o reais, fica zangado.&#8221; \u2013 Testemunho de S\u00edlvia, esposa de um paciente.<\/pee>\n<h3>4. Dem\u00eancia Frontotemporal (5-10% dos casos): Quando a Personalidade Muda<\/h3>\n<pee>Esta forma afeta pessoas mais jovens e perturba primeiro o comportamento e a personalidade antes de afetar a mem\u00f3ria.<\/pee>\n<pee><strong>Tr\u00eas variantes principais:<\/strong><\/pee>\n<pee><strong>Variante comportamental (bvFTD):<\/strong><\/pee>\n<ul class=\"styled-list\">\n<li class=\"whitespace-normal break-words\">Mudan\u00e7as dram\u00e1ticas de personalidade<\/li>\n<li class=\"whitespace-normal break-words\">Desinibi\u00e7\u00e3o social (coment\u00e1rios inapropriados, comportamento sexual)<\/li>\n<li class=\"whitespace-normal break-words\">Apatia profunda ou hiperatividade est\u00e9ril<\/li>\n<li class=\"whitespace-normal break-words\">Mudan\u00e7as alimentares (bulimia, prefer\u00eancia por doces)<\/li>\n<li class=\"whitespace-normal break-words\">Perda flagrante de empatia<\/li>\n<li class=\"whitespace-normal break-words\">&#8220;O meu marido, t\u00e3o educado e reservado, come\u00e7ou a fazer coment\u00e1rios sobre a apar\u00eancia das pessoas na rua&#8221;<\/li>\n<\/ul>\n<pee><strong>Afasia progressiva prim\u00e1ria (PPA):<\/strong><\/pee>\n<ul class=\"styled-list\">\n<li class=\"whitespace-normal break-words\">Variante n\u00e3o fluente: dificuldade na produ\u00e7\u00e3o de palavras<\/li>\n<li class=\"whitespace-normal break-words\">Variante sem\u00e2ntica: perda do significado das palavras<\/li>\n<li class=\"whitespace-normal break-words\">Variante logop\u00e9nica: busca laboriosa de palavras<\/li>\n<li class=\"whitespace-normal break-words\">&#8220;Ela perguntou &#8216;o que \u00e9 isto, um garfo?&#8217; enquanto o segurava na m\u00e3o&#8221;<\/li>\n<\/ul>\n<pee><strong>Variante com perturba\u00e7\u00f5es motoras:<\/strong><\/pee>\n<ul class=\"styled-list\">\n<li class=\"whitespace-normal break-words\">Associa\u00e7\u00e3o com esclerose lateral amiotr\u00f3fica (ELA)<\/li>\n<li class=\"whitespace-normal break-words\">S\u00edndrome corticobasal<\/li>\n<li class=\"whitespace-normal break-words\">Paralisia supranuclear progressiva<\/li>\n<\/ul>\n<pee><strong>Desafios diagn\u00f3sticos:<\/strong><\/pee>\n<ul class=\"styled-list\">\n<li class=\"whitespace-normal break-words\">In\u00edcio antes dos 65 anos em 60% dos casos<\/li>\n<li class=\"whitespace-normal break-words\">Frequentemente confundida com depress\u00e3o ou perturba\u00e7\u00e3o bipolar<\/li>\n<li class=\"whitespace-normal break-words\">A RM pode ser inicialmente normal<\/li>\n<li class=\"whitespace-normal break-words\">Componente gen\u00e9tica em 40% dos casos<\/li>\n<\/ul>\n<h3>5. Dem\u00eancia Mista: A Realidade Complexa<\/h3>\n<pee>Mais frequente do que se pensa, combina diferentes patologias, tornando o quadro cl\u00ednico complexo.<\/pee>\n<pee><strong>Combina\u00e7\u00f5es frequentes:<\/strong><\/pee>\n<ul class=\"styled-list\">\n<li class=\"whitespace-normal break-words\">Alzheimer + vascular (mais comum)<\/li>\n<li class=\"whitespace-normal break-words\">Alzheimer + corpos de Lewy<\/li>\n<li class=\"whitespace-normal break-words\">Vascular + corpos de Lewy<\/li>\n<li class=\"whitespace-normal break-words\">\u00c0s vezes coexistem tr\u00eas patologias<\/li>\n<\/ul>\n<pee><strong>Implica\u00e7\u00f5es pr\u00e1ticas:<\/strong><\/pee>\n<ul class=\"styled-list\">\n<li class=\"whitespace-normal break-words\">Evolu\u00e7\u00e3o menos previs\u00edvel<\/li>\n<li class=\"whitespace-normal break-words\">Resposta vari\u00e1vel aos tratamentos<\/li>\n<li class=\"whitespace-normal break-words\">Necessidade de ajustar constantemente o tratamento<\/li>\n<li class=\"whitespace-normal break-words\">Progn\u00f3stico geralmente menos favor\u00e1vel<\/li>\n<\/ul>\n<h3>6. Outras Causas de Dem\u00eancia: O Espectro Expande-se<\/h3>\n<pee><strong>Dem\u00eancia associada \u00e0 doen\u00e7a de Parkinson:<\/strong><\/pee>\n<ul class=\"styled-list\">\n<li class=\"whitespace-normal break-words\">Surge ap\u00f3s v\u00e1rios anos de evolu\u00e7\u00e3o motora<\/li>\n<li class=\"whitespace-normal break-words\">80% dos pacientes com Parkinson ap\u00f3s 20 anos<\/li>\n<li class=\"whitespace-normal break-words\">Perturba\u00e7\u00f5es executivas predominantes<\/li>\n<\/ul>\n<pee><strong>Hidrocefalia de press\u00e3o normal:<\/strong><\/pee>\n<ul class=\"styled-list\">\n<li class=\"whitespace-normal break-words\">Tr\u00edade: problemas de marcha, incontin\u00eancia, dem\u00eancia<\/li>\n<li class=\"whitespace-normal break-words\">Potencialmente revers\u00edvel por deriva\u00e7\u00e3o<\/li>\n<li class=\"whitespace-normal break-words\">Marcha caracter\u00edstica &#8220;magn\u00e9tica&#8221;<\/li>\n<\/ul>\n<pee><strong>Dem\u00eancia alco\u00f3lica (s\u00edndrome de Korsakoff):<\/strong><\/pee>\n<ul class=\"styled-list\">\n<li class=\"whitespace-normal break-words\">Defici\u00eancia de tiamina (B1)<\/li>\n<li class=\"whitespace-normal break-words\">Confabula\u00e7\u00f5es caracter\u00edsticas<\/li>\n<li class=\"whitespace-normal break-words\">Parcialmente revers\u00edvel com tratamento precoce<\/li>\n<\/ul>\n<pee><strong>Doen\u00e7a de Creutzfeldt-Jakob:<\/strong><\/pee>\n<ul class=\"styled-list\">\n<li class=\"whitespace-normal break-words\">Evolu\u00e7\u00e3o r\u00e1pida (meses)<\/li>\n<li class=\"whitespace-normal break-words\">Mioclonias, ataxia<\/li>\n<li class=\"whitespace-normal break-words\">EEG caracter\u00edstico<\/li>\n<\/ul>\n<pee><strong>Dem\u00eancia relacionada com VIH:<\/strong><\/pee>\n<ul class=\"styled-list\">\n<li class=\"whitespace-normal break-words\">Menos frequente com terapias triplas<\/li>\n<li class=\"whitespace-normal break-words\">Perturba\u00e7\u00f5es subcortico-frontais<\/li>\n<li class=\"whitespace-normal break-words\">Potencialmente revers\u00edvel<\/li>\n<\/ul>\n<\/section>\n<div class=\"section-divider\">\u25c6 \u25c6 \u25c6<\/div>\n<section class=\"dynseo-section\">\n<h2 id=\"section-3\">O Mito da &quot;Dem\u00eancia Senil&quot;: Desconstruir uma Ideia Perigosa<\/h2>\n<h3>A Hist\u00f3ria de um Termo Desatualizado<\/h3>\n<pee>Aqui est\u00e1 a verdade que surpreende e choca muitos: &#8220;dem\u00eancia senil&#8221; n\u00e3o existe como diagn\u00f3stico m\u00e9dico moderno. \u00c9 um termo desatualizado, um vest\u00edgio de uma era em que a medicina compreendia mal o envelhecimento cerebral e patologizava a pr\u00f3pria velhice.<\/pee>\n<h3>Porque Persiste Este Termo na Linguagem Quotidiana?<\/h3>\n<pee><strong>Contexto hist\u00f3rico e evolu\u00e7\u00e3o do conhecimento:<\/strong><\/pee>\n<pee>Antes dos anos 1970, a classifica\u00e7\u00e3o era simplista e discriminat\u00f3ria em rela\u00e7\u00e3o \u00e0 idade:<\/pee>\n<ul class=\"styled-list\">\n<li class=\"whitespace-normal break-words\">&#8220;Dem\u00eancia pr\u00e9-senil&#8221; (antes dos 65 anos): considerada patol\u00f3gica<\/li>\n<li class=\"whitespace-normal break-words\">&#8220;Dem\u00eancia senil&#8221; (ap\u00f3s os 65 anos): vista como consequ\u00eancia &#8220;normal&#8221; do envelhecimento<\/li>\n<\/ul>\n<pee>Esta distin\u00e7\u00e3o artificial baseava-se na falsa ideia de que o c\u00e9rebro inevitavelmente se deteriorava com a idade. Acreditava-se ent\u00e3o que perder mem\u00f3ria ap\u00f3s os 65 anos era t\u00e3o normal como ter cabelos brancos. Esta vis\u00e3o est\u00e1 completamente desatualizada e cientificamente incorreta.<\/pee>\n<pee><strong>Descobertas que mudaram tudo:<\/strong><\/pee>\n<pee>Nos anos 1960-1970, v\u00e1rias descobertas revolucionaram a nossa compreens\u00e3o:<\/pee>\n<ul class=\"styled-list\">\n<li class=\"whitespace-normal break-words\">O trabalho do Dr. Alois Alzheimer foi redescoberto e compreendido<\/li>\n<li class=\"whitespace-normal break-words\">Estudos anatomopatol\u00f3gicos mostraram que as les\u00f5es eram id\u00eanticas independentemente da idade<\/li>\n<li class=\"whitespace-normal break-words\">Estudos populacionais demonstraram que muitos centen\u00e1rios mantinham as suas capacidades cognitivas intactas<\/li>\n<li class=\"whitespace-normal break-words\">A imagiologia cerebral revelou que o envelhecimento normal e a dem\u00eancia eram fundamentalmente diferentes<\/li>\n<\/ul>\n<h3>Os Perigos Concretos Deste Termo<\/h3>\n<pee>O uso de &#8220;dem\u00eancia senil&#8221; n\u00e3o \u00e9 apenas um erro de escolha de palavras. \u00c9 um erro com consequ\u00eancias potencialmente dram\u00e1ticas:<\/pee>\n<pee><strong>1. Normaliza o anormal e atrasa o diagn\u00f3stico:<\/strong><\/pee>\n<ul class=\"styled-list\">\n<li class=\"whitespace-normal break-words\">&#8220;\u00c9 normal na idade dele&#8221; = consulta adiada em m\u00e9dia 2-3 anos<\/li>\n<li class=\"whitespace-normal break-words\">Perda da janela terap\u00eautica \u00f3tima<\/li>\n<li class=\"whitespace-normal break-words\">Agravamento evit\u00e1vel dos sintomas<\/li>\n<li class=\"whitespace-normal break-words\">&#8220;Se soubesse que n\u00e3o era normal, teria consultado mais cedo&#8221; \u2013 arrependimento familiar frequente<\/li>\n<\/ul>\n<pee><strong>2. Priva de tratamentos espec\u00edficos:<\/strong><\/pee>\n<ul class=\"styled-list\">\n<li class=\"whitespace-normal break-words\">Cada tipo de dem\u00eancia tem as suas particularidades terap\u00eauticas<\/li>\n<li class=\"whitespace-normal break-words\">Alguns medicamentos eficazes para um s\u00e3o perigosos para outro<\/li>\n<li class=\"whitespace-normal break-words\">As abordagens n\u00e3o farmacol\u00f3gicas diferem por tipo<\/li>\n<\/ul>\n<pee><strong>3. Estigmatiza duplamente:<\/strong><\/pee>\n<ul class=\"styled-list\">\n<li class=\"whitespace-normal break-words\">Associa\u00e7\u00e3o velhice = decl\u00ednio inevit\u00e1vel<\/li>\n<li class=\"whitespace-normal break-words\">Fatalismo terap\u00eautico (&#8220;nada pode ser feito&#8221;)<\/li>\n<li class=\"whitespace-normal break-words\">Impacto psicol\u00f3gico devastador na pessoa e fam\u00edlia<\/li>\n<\/ul>\n<pee><strong>4. Impede a busca de causas revers\u00edveis:<\/strong><\/pee>\n<ul class=\"styled-list\">\n<li class=\"whitespace-normal break-words\">10-15% das &#8220;dem\u00eancias&#8221; s\u00e3o revers\u00edveis<\/li>\n<li class=\"whitespace-normal break-words\">O r\u00f3tulo &#8220;senil&#8221; para a investiga\u00e7\u00e3o<\/li>\n<li class=\"whitespace-normal break-words\">Casos tr\u00e1gicos de pessoas institucionalizadas por simples defici\u00eancia de B12<\/li>\n<\/ul>\n<pee><strong>Testemunho do Dr. Martins, neurologista com 30 anos de experi\u00eancia:<\/strong> &#8220;Quando as fam\u00edlias me dizem &#8216;\u00e9 apenas dem\u00eancia senil&#8217;, o meu cora\u00e7\u00e3o encolhe. Sei que perdemos tempo precioso. Por tr\u00e1s deste termo coletivo esconde-se sempre uma patologia espec\u00edfica que deve ser identificada. Vi pacientes rotulados como &#8216;senis&#8217; que recuperaram as suas capacidades ap\u00f3s tratamento de hidrocefalia ou depress\u00e3o grave. Cada vez que ou\u00e7o este termo, penso em todos aqueles que poder\u00edamos ter ajudado se tiv\u00e9ssemos procurado a causa real.&#8221;<\/pee>\n<h3>Envelhecimento Normal vs Patol\u00f3gico: Aprender a Distinguir<\/h3>\n<pee><strong>O que \u00e9 normal com a idade:<\/strong><\/pee>\n<ul class=\"styled-list\">\n<li class=\"whitespace-normal break-words\">Lentifica\u00e7\u00e3o da velocidade de processamento (mais tempo necess\u00e1rio)<\/li>\n<li class=\"whitespace-normal break-words\">Dificuldade com multitarefas<\/li>\n<li class=\"whitespace-normal break-words\">Necessidade de mais concentra\u00e7\u00e3o para aprender<\/li>\n<li class=\"whitespace-normal break-words\">Esquecimento ocasional com recupera\u00e7\u00e3o<\/li>\n<li class=\"whitespace-normal break-words\">Fen\u00f3meno &#8220;palavra na ponta da l\u00edngua&#8221; mais frequente<\/li>\n<\/ul>\n<pee><strong>O que N\u00c3O \u00e9 normal:<\/strong><\/pee>\n<ul class=\"styled-list\">\n<li class=\"whitespace-normal break-words\">Esquecer eventos inteiros<\/li>\n<li class=\"whitespace-normal break-words\">Desorienta\u00e7\u00e3o em locais familiares<\/li>\n<li class=\"whitespace-normal break-words\">Mudan\u00e7as pronunciadas de personalidade<\/li>\n<li class=\"whitespace-normal break-words\">Incapacidade de seguir uma conversa<\/li>\n<li class=\"whitespace-normal break-words\">Perda de autonomia em atividades quotidianas<\/li>\n<\/ul>\n<\/section>\n<section class=\"dynseo-section\">\n<h2 id=\"section-4\">Como Distinguir Alzheimer de Outras Dem\u00eancias: Guia Pr\u00e1tico Detalhado<\/h2>\n<pee>Reconhecer o tipo espec\u00edfico de dem\u00eancia \u00e9 crucial para um acompanhamento adaptado. Aqui est\u00e1 um guia aprofundado de pistas importantes:<\/pee>\n<h3>Pistas que Sugerem Fortemente que \u00e9 Alzheimer<\/h3>\n<pee><strong>Apresenta\u00e7\u00e3o inicial t\u00edpica:<\/strong><\/pee>\n<ul class=\"styled-list\">\n<li class=\"whitespace-normal break-words\">In\u00edcio extremamente gradual: As fam\u00edlias dizem frequentemente &#8220;agora que pensamos nisso, talvez j\u00e1 houvesse algo errado h\u00e1 3-4 anos&#8221;<\/li>\n<li class=\"whitespace-normal break-words\">Queixa de mem\u00f3ria predominante: &#8220;Perco tudo&#8221;, &#8220;J\u00e1 n\u00e3o me lembro de nada&#8221;<\/li>\n<li class=\"whitespace-normal break-words\">Anosognosia progressiva: Minimiza\u00e7\u00e3o depois nega\u00e7\u00e3o dos problemas<\/li>\n<li class=\"whitespace-normal break-words\">Ansiedade inicial: Consci\u00eancia dolorosa das dificuldades no in\u00edcio<\/li>\n<\/ul>\n<pee><strong>Padr\u00e3o cognitivo caracter\u00edstico:<\/strong><\/pee>\n<ul class=\"styled-list\">\n<li class=\"whitespace-normal break-words\">Mem\u00f3ria epis\u00f3dica afetada primeiro (eventos recentes)<\/li>\n<li class=\"whitespace-normal break-words\">Mem\u00f3ria sem\u00e2ntica preservada por muito tempo (conhecimento geral)<\/li>\n<li class=\"whitespace-normal break-words\">Linguagem: dificuldade em encontrar palavras depois circunl\u00f3quios<\/li>\n<li class=\"whitespace-normal break-words\">Orienta\u00e7\u00e3o: temporal depois espacial<\/li>\n<li class=\"whitespace-normal break-words\">Reconhecimento de familiares preservado at\u00e9 est\u00e1dio avan\u00e7ado<\/li>\n<\/ul>\n<pee><strong>Evolu\u00e7\u00e3o estereotipada:<\/strong><\/pee>\n<ul class=\"styled-list\">\n<li class=\"whitespace-normal break-words\">Fase prodr\u00f3mica (MCI): 2-5 anos<\/li>\n<li class=\"whitespace-normal break-words\">Fase ligeira: autonomia global preservada<\/li>\n<li class=\"whitespace-normal break-words\">Fase moderada: ajuda necess\u00e1ria para atividades complexas<\/li>\n<li class=\"whitespace-normal break-words\">Fase grave: depend\u00eancia para atividades b\u00e1sicas<\/li>\n<\/ul>\n<pee><strong>Exames complementares t\u00edpicos:<\/strong><\/pee>\n<ul class=\"styled-list\">\n<li class=\"whitespace-normal break-words\">RM: atrofia hipocampal bilateral<\/li>\n<li class=\"whitespace-normal break-words\">PET amiloide: positividade difusa<\/li>\n<li class=\"whitespace-normal break-words\">LCR: perfil AT(N)+ caracter\u00edstico<\/li>\n<li class=\"whitespace-normal break-words\">Neuropsicologia: perfil hipocampal<\/li>\n<\/ul>\n<h3>Pistas que Sugerem Dem\u00eancia Vascular<\/h3>\n<pee><strong>Contexto e fatores de risco:<\/strong><\/pee>\n<ul class=\"styled-list\">\n<li class=\"whitespace-normal break-words\">Hist\u00f3ria cardiovascular pesada<\/li>\n<li class=\"whitespace-normal break-words\">Hipertens\u00e3o mal controlada durante anos<\/li>\n<li class=\"whitespace-normal break-words\">Diabetes, dislipidemia, tabagismo<\/li>\n<li class=\"whitespace-normal break-words\">Evento vascular identific\u00e1vel<\/li>\n<\/ul>\n<pee><strong>Apresenta\u00e7\u00e3o cl\u00ednica:<\/strong><\/pee>\n<ul class=\"styled-list\">\n<li class=\"whitespace-normal break-words\">In\u00edcio mais abrupto: &#8220;Desde o seu AVC em fevereiro&#8230;&#8221;<\/li>\n<li class=\"whitespace-normal break-words\">Evolu\u00e7\u00e3o em degraus: Patamares interrompidos por deteriora\u00e7\u00f5es<\/li>\n<li class=\"whitespace-normal break-words\">Perturba\u00e7\u00f5es disexecutivas predominantes: Dificuldades de planeamento, julgamento<\/li>\n<li class=\"whitespace-normal break-words\">Lentifica\u00e7\u00e3o psicomotora pronunciada<\/li>\n<\/ul>\n<pee><strong>Sinais neurol\u00f3gicos associados:<\/strong><\/pee>\n<ul class=\"styled-list\">\n<li class=\"whitespace-normal break-words\">Problemas precoces de marcha (passos pequenos, marcha &#8220;magn\u00e9tica&#8221;)<\/li>\n<li class=\"whitespace-normal break-words\">Sinais pseudobulbares (riso e choro esp\u00e1sticos)<\/li>\n<li class=\"whitespace-normal break-words\">Sinais focais (hemiparesia, afasia segundo territ\u00f3rio)<\/li>\n<li class=\"whitespace-normal break-words\">S\u00edndrome lacunar (disartria, desajeitamento)<\/li>\n<\/ul>\n<pee><strong>Perfil cognitivo:<\/strong><\/pee>\n<ul class=\"styled-list\">\n<li class=\"whitespace-normal break-words\">Compromisso fronto-subcortical predominante<\/li>\n<li class=\"whitespace-normal break-words\">Mem\u00f3ria: dificuldades de evoca\u00e7\u00e3o &gt; codifica\u00e7\u00e3o<\/li>\n<li class=\"whitespace-normal break-words\">Velocidade de processamento muito lenta<\/li>\n<li class=\"whitespace-normal break-words\">Aten\u00e7\u00e3o flutuante<\/li>\n<\/ul>\n<h3>Pistas que Sugerem Dem\u00eancia com Corpos de Lewy<\/h3>\n<pee><strong>Tr\u00edade diagn\u00f3stica central:<\/strong><\/pee>\n<pee><strong>Grandes flutua\u00e7\u00f5es cognitivas:<\/strong><\/pee>\n<ul class=\"styled-list\">\n<li class=\"whitespace-normal break-words\">Varia\u00e7\u00f5es dentro do dia ou at\u00e9 de hora em hora<\/li>\n<li class=\"whitespace-normal break-words\">Epis\u00f3dios de confus\u00e3o alternados com lucidez<\/li>\n<li class=\"whitespace-normal break-words\">Sonol\u00eancia diurna excessiva inexplic\u00e1vel<\/li>\n<li class=\"whitespace-normal break-words\">&#8220;\u00c9 como se fossem duas pessoas diferentes&#8221;<\/li>\n<\/ul>\n<pee><strong>Alucina\u00e7\u00f5es visuais recorrentes:<\/strong><\/pee>\n<ul class=\"styled-list\">\n<li class=\"whitespace-normal break-words\">Muito detalhadas e formadas (pessoas, animais)<\/li>\n<li class=\"whitespace-normal break-words\">Frequentemente crian\u00e7as ou pessoas pequenas<\/li>\n<li class=\"whitespace-normal break-words\">\u00c0s vezes perce\u00e7\u00e3o preservada (&#8220;sei que n\u00e3o \u00e9 real mas vejo-as&#8221;)<\/li>\n<li class=\"whitespace-normal break-words\">Geralmente n\u00e3o amea\u00e7adoras inicialmente<\/li>\n<\/ul>\n<pee><strong>Parkinsonismo espont\u00e2neo:<\/strong><\/pee>\n<ul class=\"styled-list\">\n<li class=\"whitespace-normal break-words\">Rigidez &gt; tremor<\/li>\n<li class=\"whitespace-normal break-words\">Instabilidade postural precoce<\/li>\n<li class=\"whitespace-normal break-words\">Quedas inexplicadas repetidas<\/li>\n<li class=\"whitespace-normal break-words\">Hipomimia (rosto fixo)<\/li>\n<\/ul>\n<pee><strong>Sinais de apoio importantes:<\/strong><\/pee>\n<ul class=\"styled-list\">\n<li class=\"whitespace-normal break-words\">Perturba\u00e7\u00e3o do comportamento do sono REM (precedem 5-10 anos)<\/li>\n<li class=\"whitespace-normal break-words\">Hipersensibilidade grave aos neurol\u00e9pticos<\/li>\n<li class=\"whitespace-normal break-words\">Disautonomia (hipotens\u00e3o ortost\u00e1tica, perturba\u00e7\u00f5es urin\u00e1rias)<\/li>\n<li class=\"whitespace-normal break-words\">Hiposmia (perda do olfato)<\/li>\n<\/ul>\n<h3>Pistas que Sugerem Dem\u00eancia Frontotemporal<\/h3>\n<pee><strong>Mudan\u00e7as comportamentais precoces e pronunciadas:<\/strong><\/pee>\n<ul class=\"styled-list\">\n<li class=\"whitespace-normal break-words\">Desinibi\u00e7\u00e3o social flagrante<\/li>\n<li class=\"whitespace-normal break-words\">Comportamentos estereotipados ou ritualizados<\/li>\n<li class=\"whitespace-normal break-words\">Hiperoralidade (colocar na boca, mudan\u00e7as alimentares)<\/li>\n<li class=\"whitespace-normal break-words\">Apatia ou pelo contr\u00e1rio hiperatividade improdutiva<\/li>\n<li class=\"whitespace-normal break-words\">Perda de empatia e consci\u00eancia social<\/li>\n<\/ul>\n<pee><strong>Perfil neuropsicol\u00f3gico particular:<\/strong><\/pee>\n<ul class=\"styled-list\">\n<li class=\"whitespace-normal break-words\">Mem\u00f3ria epis\u00f3dica relativamente preservada<\/li>\n<li class=\"whitespace-normal break-words\">Grandes perturba\u00e7\u00f5es executivas<\/li>\n<li class=\"whitespace-normal break-words\">Perturba\u00e7\u00f5es da linguagem (segundo variante)<\/li>\n<li class=\"whitespace-normal break-words\">Neglig\u00eancia da higiene pessoal<\/li>\n<\/ul>\n<pee><strong>Contexto sugestivo:<\/strong><\/pee>\n<ul class=\"styled-list\">\n<li class=\"whitespace-normal break-words\">In\u00edcio precoce (45-65 anos)<\/li>\n<li class=\"whitespace-normal break-words\">Hist\u00f3ria familiar em 30-40% dos casos<\/li>\n<li class=\"whitespace-normal break-words\">Evolu\u00e7\u00e3o mais r\u00e1pida que Alzheimer<\/li>\n<li class=\"whitespace-normal break-words\">Frequentemente diagn\u00f3stico psiqui\u00e1trico inicial errado<\/li>\n<\/ul>\n<\/section>\n<div class=\"section-divider\">\u25c6 \u25c6 \u25c6<\/div>\n<section class=\"dynseo-section\">\n<h2 id=\"section-5\">Porque o Diagn\u00f3stico Correto \u00e9 Absolutamente Crucial<\/h2>\n<pee>Um diagn\u00f3stico preciso n\u00e3o \u00e9 apenas satisfa\u00e7\u00e3o intelectual ou uma caixa para marcar. \u00c9 a chave que abre a porta aos cuidados adequados e pode literalmente mudar o curso da doen\u00e7a e a qualidade de vida.<\/pee>\n<h3>1. Tratamento Farmacol\u00f3gico: \u00c0s Vezes uma Quest\u00e3o de Vida ou Morte<\/h3>\n<pee><strong>Para Alzheimer:<\/strong><\/pee>\n<ul class=\"styled-list\">\n<li class=\"whitespace-normal break-words\">Inibidores da colinesterase (donepezilo, rivastigmina, galantamina): efic\u00e1cia modesta mas real<\/li>\n<li class=\"whitespace-normal break-words\">Memantina para est\u00e1dios moderados a graves<\/li>\n<li class=\"whitespace-normal break-words\">Novos anticorpos monoclonais (aducanumab, lecanemab): controversos mas promissores<\/li>\n<li class=\"whitespace-normal break-words\">Ensaios cl\u00ednicos: poss\u00edvel acesso com diagn\u00f3stico precoce e confirmado<\/li>\n<\/ul>\n<pee><strong>Para dem\u00eancia vascular:<\/strong><\/pee>\n<ul class=\"styled-list\">\n<li class=\"whitespace-normal break-words\">Sem tratamento espec\u00edfico da dem\u00eancia em si<\/li>\n<li class=\"whitespace-normal break-words\">Controlo agressivo dos fatores de risco cardiovasculares crucial<\/li>\n<li class=\"whitespace-normal break-words\">Antitromb\u00f3ticos ou anticoagulantes segundo etiologia<\/li>\n<li class=\"whitespace-normal break-words\">Estatinas, IECA, betabloqueadores segundo perfil<\/li>\n<li class=\"whitespace-normal break-words\">Reabilita\u00e7\u00e3o cognitiva e f\u00edsica<\/li>\n<\/ul>\n<pee><strong>Para dem\u00eancia com corpos de Lewy:<\/strong><\/pee>\n<ul class=\"styled-list\">\n<li class=\"whitespace-normal break-words\">Rivastigmina: \u00fanico tratamento especificamente aprovado<\/li>\n<li class=\"whitespace-normal break-words\">NUNCA neurol\u00e9pticos t\u00edpicos (haloperidol = perigo mortal)<\/li>\n<li class=\"whitespace-normal break-words\">Se necess\u00e1rio: quetiapina em dose baixa ou clozapina<\/li>\n<li class=\"whitespace-normal break-words\">Melatonina para perturba\u00e7\u00f5es do sono<\/li>\n<li class=\"whitespace-normal break-words\">L-DOPA prudente se parkinsonismo invalidante<\/li>\n<\/ul>\n<pee><strong>Para dem\u00eancia frontotemporal:<\/strong><\/pee>\n<ul class=\"styled-list\">\n<li class=\"whitespace-normal break-words\">Sem tratamento curativo<\/li>\n<li class=\"whitespace-normal break-words\">ISRS para perturba\u00e7\u00f5es comportamentais<\/li>\n<li class=\"whitespace-normal break-words\">Evitar inibidores da colinesterase (podem agravar)<\/li>\n<li class=\"whitespace-normal break-words\">Abordagens comportamentais essenciais<\/li>\n<li class=\"whitespace-normal break-words\">Apoio familiar intensivo<\/li>\n<\/ul>\n<h3>2. Evolu\u00e7\u00e3o Esperada: Antecipar para Melhor Acompanhar<\/h3>\n<pee><strong>Trajet\u00f3rias t\u00edpicas:<\/strong><\/pee>\n<pee><strong>Alzheimer:<\/strong><\/pee>\n<ul class=\"styled-list\">\n<li class=\"whitespace-normal break-words\">Progress\u00e3o lenta e relativamente previs\u00edvel<\/li>\n<li class=\"whitespace-normal break-words\">Dura\u00e7\u00e3o m\u00e9dia: 8-12 anos (3-20 anos segundo casos)<\/li>\n<li class=\"whitespace-normal break-words\">Decl\u00ednio cognitivo de 3-4 pontos MMSE\/ano<\/li>\n<li class=\"whitespace-normal break-words\">Fases bem definidas que permitem antecipa\u00e7\u00e3o<\/li>\n<\/ul>\n<pee><strong>Vascular:<\/strong><\/pee>\n<ul class=\"styled-list\">\n<li class=\"whitespace-normal break-words\">Imprevis\u00edvel, depende de novos eventos<\/li>\n<li class=\"whitespace-normal break-words\">Pode estabilizar com bom controlo vascular<\/li>\n<li class=\"whitespace-normal break-words\">Ou deteriorar-se abruptamente (novo AVC)<\/li>\n<li class=\"whitespace-normal break-words\">Sobreviv\u00eancia mediana: 5-7 anos<\/li>\n<\/ul>\n<pee><strong>Corpos de Lewy:<\/strong><\/pee>\n<ul class=\"styled-list\">\n<li class=\"whitespace-normal break-words\">Evolu\u00e7\u00e3o geralmente mais r\u00e1pida que Alzheimer<\/li>\n<li class=\"whitespace-normal break-words\">Dura\u00e7\u00e3o m\u00e9dia: 5-8 anos<\/li>\n<li class=\"whitespace-normal break-words\">Flutua\u00e7\u00f5es tornam progn\u00f3stico dif\u00edcil<\/li>\n<li class=\"whitespace-normal break-words\">Complica\u00e7\u00f5es mais frequentes (quedas, pneumonias)<\/li>\n<\/ul>\n<pee><strong>Frontotemporal:<\/strong><\/pee>\n<ul class=\"styled-list\">\n<li class=\"whitespace-normal break-words\">Evolu\u00e7\u00e3o vari\u00e1vel segundo variante<\/li>\n<li class=\"whitespace-normal break-words\">Geralmente mais r\u00e1pida: 6-8 anos<\/li>\n<li class=\"whitespace-normal break-words\">Variante com ELA: 2-3 anos<\/li>\n<li class=\"whitespace-normal break-words\">Institucionaliza\u00e7\u00e3o frequentemente mais precoce<\/li>\n<\/ul>\n<h3>3. Estrat\u00e9gias de Acompanhamento: Personalizar a Abordagem<\/h3>\n<pee>Cada tipo de dem\u00eancia requer adapta\u00e7\u00f5es espec\u00edficas que fazem toda a diferen\u00e7a:<\/pee>\n<pee><strong>Abordagem para Alzheimer:<\/strong><\/pee>\n<ul class=\"styled-list\">\n<li class=\"whitespace-normal break-words\">Ambiente: Rotinas rigorosas, refer\u00eancias visuais omnipresentes<\/li>\n<li class=\"whitespace-normal break-words\">Comunica\u00e7\u00e3o: Frases simples, uma ideia de cada vez<\/li>\n<li class=\"whitespace-normal break-words\">Atividades: Estimula\u00e7\u00e3o cognitiva suave, reminisc\u00eancia<\/li>\n<li class=\"whitespace-normal break-words\">Gest\u00e3o: Antecipa\u00e7\u00e3o de fases, planeamento a longo prazo<\/li>\n<li class=\"whitespace-normal break-words\">Apoio: Grupos de conversa, forma\u00e7\u00e3o de cuidadores<\/li>\n<\/ul>\n<pee><strong>Abordagem para dem\u00eancia vascular:<\/strong><\/pee>\n<ul class=\"styled-list\">\n<li class=\"whitespace-normal break-words\">Preven\u00e7\u00e3o: Monitoriza\u00e7\u00e3o di\u00e1ria da tens\u00e3o arterial<\/li>\n<li class=\"whitespace-normal break-words\">Reabilita\u00e7\u00e3o: Fisioterapia intensiva, terapia ocupacional<\/li>\n<li class=\"whitespace-normal break-words\">Adapta\u00e7\u00e3o: Ambiente seguro (apoios, antiderrapante)<\/li>\n<li class=\"whitespace-normal break-words\">Vigil\u00e2ncia: Sinais de AVC (FAST: Face, Arms, Speech, Time)<\/li>\n<li class=\"whitespace-normal break-words\">Estimula\u00e7\u00e3o: Exerc\u00edcios cognitivos focados na aten\u00e7\u00e3o<\/li>\n<\/ul>\n<pee><strong>Abordagem para corpos de Lewy:<\/strong><\/pee>\n<ul class=\"styled-list\">\n<li class=\"whitespace-normal break-words\">Seguran\u00e7a noturna: Grades de cama, colch\u00e3o no ch\u00e3o<\/li>\n<li class=\"whitespace-normal break-words\">Gest\u00e3o de alucina\u00e7\u00f5es: Valida\u00e7\u00e3o sem confronta\u00e7\u00e3o<\/li>\n<li class=\"whitespace-normal break-words\">Ilumina\u00e7\u00e3o: Luzes noturnas permanentes, evitar sombras<\/li>\n<li class=\"whitespace-normal break-words\">Medicamentos: Lista de contraindica\u00e7\u00f5es vis\u00edvel<\/li>\n<li class=\"whitespace-normal break-words\">Atividades: Calmantes, pouco estimulantes, ritualizadas<\/li>\n<\/ul>\n<pee><strong>Abordagem para frontotemporal:<\/strong><\/pee>\n<ul class=\"styled-list\">\n<li class=\"whitespace-normal break-words\">Supervis\u00e3o: Constante para comportamentos de risco<\/li>\n<li class=\"whitespace-normal break-words\">Estrutura: Rotina r\u00edgida, ambiente simplificado<\/li>\n<li class=\"whitespace-normal break-words\">Comunica\u00e7\u00e3o: Direta, concreta, sem abstra\u00e7\u00e3o<\/li>\n<li class=\"whitespace-normal break-words\">Gest\u00e3o comportamental: T\u00e9cnicas de redirecionamento<\/li>\n<li class=\"whitespace-normal break-words\">Apoio familiar: Intensivo, frequentemente terapia familiar<\/li>\n<\/ul>\n<\/section>\n<section class=\"dynseo-section\">\n<h2 id=\"section-6\">O Processo Diagn\u00f3stico Moderno: Um Percurso Marcado mas Complexo<\/h2>\n<pee>Se suspeita de dem\u00eancia num ente querido, compreender o percurso diagn\u00f3stico ajud\u00e1-lo-\u00e1 a preparar-se melhor e a tirar o m\u00e1ximo proveito.<\/pee>\n<h3>1. A Consulta Inicial: A Porta de Entrada<\/h3>\n<pee><strong>Prepara\u00e7\u00e3o essencial:<\/strong><\/pee>\n<ul class=\"styled-list\">\n<li class=\"whitespace-normal break-words\">Manter um di\u00e1rio de sintomas durante algumas semanas<\/li>\n<li class=\"whitespace-normal break-words\">Anotar medicamentos (todos, incluindo automedica\u00e7\u00e3o)<\/li>\n<li class=\"whitespace-normal break-words\">Recolher hist\u00f3ria m\u00e9dica<\/li>\n<li class=\"whitespace-normal break-words\">Se poss\u00edvel, acompanhar a pessoa (testemunho crucial)<\/li>\n<\/ul>\n<pee><strong>O que o m\u00e9dico de fam\u00edlia far\u00e1:<\/strong><\/pee>\n<ul class=\"styled-list\">\n<li class=\"whitespace-normal break-words\">Anamnese detalhada (hist\u00f3ria da doen\u00e7a)<\/li>\n<li class=\"whitespace-normal break-words\">Exame cl\u00ednico geral<\/li>\n<li class=\"whitespace-normal break-words\">Testes cognitivos simples (MMSE, teste do rel\u00f3gio)<\/li>\n<li class=\"whitespace-normal break-words\">Rastreio biol\u00f3gico b\u00e1sico<\/li>\n<li class=\"whitespace-normal break-words\">Encaminhamento para especialista se necess\u00e1rio<\/li>\n<\/ul>\n<pee><strong>Armadilhas a evitar:<\/strong><\/pee>\n<ul class=\"styled-list\">\n<li class=\"whitespace-normal break-words\">Minimizar sintomas por lealdade<\/li>\n<li class=\"whitespace-normal break-words\">Aceitar um diagn\u00f3stico vago<\/li>\n<li class=\"whitespace-normal break-words\">N\u00e3o pedir encaminhamento especializado<\/li>\n<\/ul>\n<h3>2. Avalia\u00e7\u00e3o Neuropsicol\u00f3gica: Mapear os D\u00e9fices<\/h3>\n<pee><strong>Dura\u00e7\u00e3o e decurso:<\/strong><\/pee>\n<ul class=\"styled-list\">\n<li class=\"whitespace-normal break-words\">2 a 4 horas de avalia\u00e7\u00e3o<\/li>\n<li class=\"whitespace-normal break-words\">Ambiente calmo e benevolente<\/li>\n<li class=\"whitespace-normal break-words\">Pausas se necess\u00e1rio<\/li>\n<li class=\"whitespace-normal break-words\">\u00c0s vezes em v\u00e1rias sess\u00f5es<\/li>\n<\/ul>\n<pee><strong>Dom\u00ednios avaliados detalhadamente:<\/strong><\/pee>\n<ul class=\"styled-list\">\n<li class=\"whitespace-normal break-words\">Mem\u00f3ria: epis\u00f3dica, sem\u00e2ntica, de trabalho, processual<\/li>\n<li class=\"whitespace-normal break-words\">Linguagem: express\u00e3o, compreens\u00e3o, nomea\u00e7\u00e3o<\/li>\n<li class=\"whitespace-normal break-words\">Fun\u00e7\u00f5es executivas: planeamento, flexibilidade, inibi\u00e7\u00e3o<\/li>\n<li class=\"whitespace-normal break-words\">Aten\u00e7\u00e3o: sustentada, dividida, seletiva<\/li>\n<li class=\"whitespace-normal break-words\">Praxia: gestos, constru\u00e7\u00e3o<\/li>\n<li class=\"whitespace-normal break-words\">Gnosia: reconhecimento visual<\/li>\n<li class=\"whitespace-normal break-words\">Velocidade de processamento<\/li>\n<\/ul>\n<pee><strong>Resultados esperados:<\/strong><\/pee>\n<ul class=\"styled-list\">\n<li class=\"whitespace-normal break-words\">Perfil cognitivo detalhado<\/li>\n<li class=\"whitespace-normal break-words\">Compara\u00e7\u00e3o com normas (idade, n\u00edvel de escolaridade)<\/li>\n<li class=\"whitespace-normal break-words\">Hip\u00f3teses diagn\u00f3sticas<\/li>\n<li class=\"whitespace-normal break-words\">Recomenda\u00e7\u00f5es para pr\u00f3ximos passos<\/li>\n<\/ul>\n<h3>3. Exames Complementares: Ver o Invis\u00edvel<\/h3>\n<pee><strong>RM cerebral (sistem\u00e1tica):<\/strong><\/pee>\n<ul class=\"styled-list\">\n<li class=\"whitespace-normal break-words\">Procurar atrofia (hipocampo, c\u00f3rtex)<\/li>\n<li class=\"whitespace-normal break-words\">Avaliar carga vascular<\/li>\n<li class=\"whitespace-normal break-words\">Exclus\u00e3o de outras causas (tumor, hidrocefalia)<\/li>\n<li class=\"whitespace-normal break-words\">Sequ\u00eancias espec\u00edficas segundo suspeita<\/li>\n<\/ul>\n<pee><strong>An\u00e1lises biol\u00f3gicas (sistem\u00e1ticas):<\/strong><\/pee>\n<ul class=\"styled-list\">\n<li class=\"whitespace-normal break-words\">Hemograma, eletr\u00f3litos, fun\u00e7\u00e3o renal e hep\u00e1tica<\/li>\n<li class=\"whitespace-normal break-words\">TSH, T4 (tiroide)<\/li>\n<li class=\"whitespace-normal break-words\">Vitamina B12, folatos<\/li>\n<li class=\"whitespace-normal break-words\">Serologia se indicado (VIH, s\u00edfilis)<\/li>\n<li class=\"whitespace-normal break-words\">\u00c0s vezes procura de autoanticorpos<\/li>\n<\/ul>\n<pee><strong>Exames especializados (caso a caso):<\/strong><\/pee>\n<pee><strong>PET-scan:<\/strong><\/pee>\n<ul class=\"styled-list\">\n<li class=\"whitespace-normal break-words\">Amiloide (Alzheimer)<\/li>\n<li class=\"whitespace-normal break-words\">FDG (metabolismo, FTD)<\/li>\n<li class=\"whitespace-normal break-words\">Tau (investiga\u00e7\u00e3o)<\/li>\n<\/ul>\n<pee><strong>Pun\u00e7\u00e3o lombar:<\/strong><\/pee>\n<ul class=\"styled-list\">\n<li class=\"whitespace-normal break-words\">Biomarcadores de Alzheimer (A\u03b242, tau, p-tau)<\/li>\n<li class=\"whitespace-normal break-words\">Exclus\u00e3o de infe\u00e7\u00f5es, inflama\u00e7\u00f5es<\/li>\n<\/ul>\n<pee><strong>EEG:<\/strong> Se suspeita de Creutzfeldt-Jakob ou epilepsia<\/pee>\n<pee><strong>DATscan:<\/strong> Distin\u00e7\u00e3o entre corpos de Lewy e Alzheimer<\/pee>\n<pee><strong>Gen\u00e9tica:<\/strong> Com in\u00edcio precoce ou hist\u00f3ria familiar<\/pee>\n<h3>4. S\u00edntese Multidisciplinar: O Julgamento Colegial<\/h3>\n<pee><strong>Os atores:<\/strong><\/pee>\n<ul class=\"styled-list\">\n<li class=\"whitespace-normal break-words\">Neurologista ou geriatra<\/li>\n<li class=\"whitespace-normal break-words\">Neuropsic\u00f3logo<\/li>\n<li class=\"whitespace-normal break-words\">\u00c0s vezes psiquiatra<\/li>\n<li class=\"whitespace-normal break-words\">Equipa param\u00e9dica<\/li>\n<\/ul>\n<pee><strong>O processo:<\/strong><\/pee>\n<ul class=\"styled-list\">\n<li class=\"whitespace-normal break-words\">Reuni\u00e3o de resultados<\/li>\n<li class=\"whitespace-normal break-words\">Discuss\u00e3o diagn\u00f3stica<\/li>\n<li class=\"whitespace-normal break-words\">Consenso sobre diagn\u00f3stico mais prov\u00e1vel<\/li>\n<li class=\"whitespace-normal break-words\">Plano de cuidados personalizado<\/li>\n<\/ul>\n<pee><strong>A comunica\u00e7\u00e3o do diagn\u00f3stico:<\/strong><\/pee>\n<ul class=\"styled-list\">\n<li class=\"whitespace-normal break-words\">Momento crucial, n\u00e3o apressar<\/li>\n<li class=\"whitespace-normal break-words\">Presen\u00e7a da fam\u00edlia desej\u00e1vel<\/li>\n<li class=\"whitespace-normal break-words\">Informa\u00e7\u00e3o clara mas emp\u00e1tica<\/li>\n<li class=\"whitespace-normal break-words\">Entregar documentos escritos<\/li>\n<li class=\"whitespace-normal break-words\">Encaminhamento para recursos<\/li>\n<\/ul>\n<\/section>\n<div class=\"section-divider\">\u25c6 \u25c6 \u25c6<\/div>\n<section class=\"dynseo-section\">\n<h2 id=\"section-7\">Dem\u00eancias Revers\u00edveis: A Esperan\u00e7a Ainda Existe<\/h2>\n<h3>A Realidade Esperan\u00e7osa<\/h3>\n<pee>Aproximadamente 10-15% dos quadros de dem\u00eancia s\u00e3o potencialmente revers\u00edveis se tratados a tempo. Esta estat\u00edstica deveria motivar uma investiga\u00e7\u00e3o sistem\u00e1tica aprofundada.<\/pee>\n<h3>Causas Revers\u00edveis Frequentes e o seu Tratamento<\/h3>\n<pee><strong>Hidrocefalia de press\u00e3o normal (HPN):<\/strong><\/pee>\n<ul class=\"styled-list\">\n<li class=\"whitespace-normal break-words\">Tr\u00edade cl\u00e1ssica: Problemas de marcha + incontin\u00eancia + dem\u00eancia<\/li>\n<li class=\"whitespace-normal break-words\">Diagn\u00f3stico: RM, pun\u00e7\u00e3o de drenagem<\/li>\n<li class=\"whitespace-normal break-words\">Tratamento: Deriva\u00e7\u00e3o ventr\u00edculo-peritoneal<\/li>\n<li class=\"whitespace-normal break-words\">Progn\u00f3stico: 60-80% de melhoria com tratamento precoce<\/li>\n<li class=\"whitespace-normal break-words\">Testemunho: &#8220;Ap\u00f3s a deriva\u00e7\u00e3o, o meu pai recuperou 70% das suas capacidades. Volta a andar, reconhece toda a gente. \u00c9 um milagre.&#8221;<\/li>\n<\/ul>\n<pee><strong>Defici\u00eancias vitam\u00ednicas:<\/strong><\/pee>\n<pee><strong>B12 (cobalamina):<\/strong><\/pee>\n<ul class=\"styled-list\">\n<li class=\"whitespace-normal break-words\">Frequente em vegetarianos, ap\u00f3s cirurgias g\u00e1stricas, idosos<\/li>\n<li class=\"whitespace-normal break-words\">Quadro: dem\u00eancia + anemia + neuropatia<\/li>\n<li class=\"whitespace-normal break-words\">Tratamento: inje\u00e7\u00f5es IM semanais depois mensais<\/li>\n<li class=\"whitespace-normal break-words\">Recupera\u00e7\u00e3o: 50-80% com tratamento &lt; 6 meses<\/li>\n<\/ul>\n<pee><strong>B1 (tiamina):<\/strong><\/pee>\n<ul class=\"styled-list\">\n<li class=\"whitespace-normal break-words\">Alcoolismo, desnutri\u00e7\u00e3o<\/li>\n<li class=\"whitespace-normal break-words\">S\u00edndrome de Wernicke-Korsakoff<\/li>\n<li class=\"whitespace-normal break-words\">Emerg\u00eancia terap\u00eautica<\/li>\n<\/ul>\n<pee><strong>B9 (folatos), D:<\/strong> Suplementa\u00e7\u00e3o simples<\/pee>\n<pee><strong>Perturba\u00e7\u00f5es da tiroide:<\/strong><\/pee>\n<pee><strong>Hipotiroidismo:<\/strong><\/pee>\n<ul class=\"styled-list\">\n<li class=\"whitespace-normal break-words\">5% das &#8220;dem\u00eancias&#8221; em &gt; 65 anos<\/li>\n<li class=\"whitespace-normal break-words\">Lentifica\u00e7\u00e3o global, pseudo-dem\u00eancia<\/li>\n<li class=\"whitespace-normal break-words\">Levotiroxina: melhoria em 3-6 meses<\/li>\n<\/ul>\n<pee><strong>Hipertiroidismo:<\/strong> Mais raro, confus\u00e3o, agita\u00e7\u00e3o<\/pee>\n<pee><strong>Causas medicamentosas:<\/strong><\/pee>\n<ul class=\"styled-list\">\n<li class=\"whitespace-normal break-words\">Medicamentos anticolin\u00e9rgicos: Muito frequente, efeito cumulativo<\/li>\n<li class=\"whitespace-normal break-words\">Benzodiazepinas: Confus\u00e3o, perda de mem\u00f3ria<\/li>\n<li class=\"whitespace-normal break-words\">Antiepil\u00e9pticos, antidepressivos<\/li>\n<li class=\"whitespace-normal break-words\">Polifarm\u00e1cia: M\u00faltiplas intera\u00e7\u00f5es<\/li>\n<li class=\"whitespace-normal break-words\">Solu\u00e7\u00e3o: Revis\u00e3o medicamentosa, desmame gradual<\/li>\n<\/ul>\n<pee><strong>Depress\u00e3o grave (pseudo-dem\u00eancia):<\/strong><\/pee>\n<ul class=\"styled-list\">\n<li class=\"whitespace-normal break-words\">10-20% das &#8220;dem\u00eancias&#8221; iniciais<\/li>\n<li class=\"whitespace-normal break-words\">Grande lentifica\u00e7\u00e3o psicomotora<\/li>\n<li class=\"whitespace-normal break-words\">Queixas cognitivas &gt; d\u00e9fices objetivos<\/li>\n<li class=\"whitespace-normal break-words\">Antidepressivos + psicoterapia: poss\u00edvel remiss\u00e3o<\/li>\n<\/ul>\n<pee><strong>Infe\u00e7\u00f5es cr\u00f3nicas:<\/strong><\/pee>\n<ul class=\"styled-list\">\n<li class=\"whitespace-normal break-words\">Neuross\u00edfilis (rara mas cur\u00e1vel)<\/li>\n<li class=\"whitespace-normal break-words\">VIH (dem\u00eancia associada)<\/li>\n<li class=\"whitespace-normal break-words\">Doen\u00e7a de Lyme cr\u00f3nica (controverso)<\/li>\n<\/ul>\n<pee><strong>Tumores cerebrais:<\/strong><\/pee>\n<ul class=\"styled-list\">\n<li class=\"whitespace-normal break-words\">Meningiomas frontais<\/li>\n<li class=\"whitespace-normal break-words\">Gliomas de baixo grau<\/li>\n<li class=\"whitespace-normal break-words\">Cirurgia\/radioterapia segundo caso<\/li>\n<\/ul>\n<pee><strong>Hist\u00f3ria de esperan\u00e7a documentada:<\/strong> &#8220;A minha m\u00e3e de 78 anos teve todos os sintomas de Alzheimer durante 18 meses. MMSE em 18\/30, desorienta\u00e7\u00e3o, apatia. A investiga\u00e7\u00e3o revelou uma defici\u00eancia profunda de B12 (50 pg\/ml). Ap\u00f3s 3 meses de inje\u00e7\u00f5es semanais, depois mensais, recuperou 80% das suas capacidades. MMSE em 27\/30. Voltou a viver sozinha, gere as suas contas, conduz. Se tiv\u00e9ssemos aceite o diagn\u00f3stico de &#8216;dem\u00eancia senil&#8217;, estaria hoje numa institui\u00e7\u00e3o.&#8221; \u2013 Paulo, 52 anos<\/pee><\/section>\n<section class=\"dynseo-section\">\n<h2 id=\"section-8\">Viver com o Diagn\u00f3stico: Para Al\u00e9m da Comunica\u00e7\u00e3o<\/h2>\n<h3>O Impacto da Comunica\u00e7\u00e3o<\/h3>\n<pee>Qualquer que seja o tipo de dem\u00eancia diagnosticado, a comunica\u00e7\u00e3o constitui um abalo existencial que perturba todos os pontos de refer\u00eancia.<\/pee>\n<h3>O Que o Diagn\u00f3stico Concretamente Permite<\/h3>\n<pee><strong>Sair finalmente da incerteza:<\/strong><\/pee>\n<ul class=\"styled-list\">\n<li class=\"whitespace-normal break-words\">Dar um nome aos sintomas acalma paradoxalmente<\/li>\n<li class=\"whitespace-normal break-words\">Fim das deambula\u00e7\u00f5es m\u00e9dicas exaustivas<\/li>\n<li class=\"whitespace-normal break-words\">Valida\u00e7\u00e3o das observa\u00e7\u00f5es familiares<\/li>\n<li class=\"whitespace-normal break-words\">&#8220;Pelo menos agora sabemos contra o que estamos a lutar&#8221;<\/li>\n<\/ul>\n<pee><strong>Planear o futuro com clareza:<\/strong><\/pee>\n<ul class=\"styled-list\">\n<li class=\"whitespace-normal break-words\">Antecipar evolu\u00e7\u00e3o prov\u00e1vel<\/li>\n<li class=\"whitespace-normal break-words\">Diretivas antecipadas de vontade enquanto poss\u00edvel<\/li>\n<li class=\"whitespace-normal break-words\">Prote\u00e7\u00e3o jur\u00eddica (administra\u00e7\u00e3o de bens, tutela)<\/li>\n<li class=\"whitespace-normal break-words\">Organiza\u00e7\u00e3o financeira<\/li>\n<li class=\"whitespace-normal break-words\">Escolha do local de resid\u00eancia<\/li>\n<\/ul>\n<pee><strong>Adaptar o ambiente especificamente:<\/strong><\/pee>\n<ul class=\"styled-list\">\n<li class=\"whitespace-normal break-words\">Adapta\u00e7\u00f5es direcionadas segundo tipo<\/li>\n<li class=\"whitespace-normal break-words\">Ajudas t\u00e9cnicas adequadas<\/li>\n<li class=\"whitespace-normal break-words\">Seguran\u00e7a personalizada<\/li>\n<li class=\"whitespace-normal break-words\">Estimula\u00e7\u00e3o adaptada<\/li>\n<\/ul>\n<pee><strong>Acesso \u00e0 ajuda existente:<\/strong><\/pee>\n<ul class=\"styled-list\">\n<li class=\"whitespace-normal break-words\">Presta\u00e7\u00f5es da seguran\u00e7a social<\/li>\n<li class=\"whitespace-normal break-words\">Centro de dia, internamento tempor\u00e1rio<\/li>\n<li class=\"whitespace-normal break-words\">Servi\u00e7os de apoio domicili\u00e1rio<\/li>\n<li class=\"whitespace-normal break-words\">Redes de apoio especializadas<\/li>\n<li class=\"whitespace-normal break-words\">Forma\u00e7\u00e3o de cuidadores<\/li>\n<\/ul>\n<pee><strong>Ensaios terap\u00eauticos<\/strong><\/pee>\n<pee><strong>Preservar a dignidade humana:<\/strong><\/pee>\n<ul class=\"styled-list\">\n<li class=\"whitespace-normal break-words\">Compreender que \u00e9 uma doen\u00e7a, n\u00e3o uma falha<\/li>\n<li class=\"whitespace-normal break-words\">Preservar identidade da pessoa<\/li>\n<li class=\"whitespace-normal break-words\">Respeitar as suas escolhas enquanto poss\u00edvel<\/li>\n<li class=\"whitespace-normal break-words\">Evitar infantiliza\u00e7\u00e3o<\/li>\n<\/ul>\n<h3>Erros Tr\u00e1gicos que Devem Ser Absolutamente Evitados<\/h3>\n<pee><strong>N\u00e3o consultar sob pretexto de que &#8220;\u00e9 normal na idade dele&#8221;:<\/strong><\/pee>\n<ul class=\"styled-list\">\n<li class=\"whitespace-normal break-words\">Perda de tempo precioso<\/li>\n<li class=\"whitespace-normal break-words\">Deteriora\u00e7\u00e3o evit\u00e1vel<\/li>\n<li class=\"whitespace-normal break-words\">Oportunidades terap\u00eauticas perdidas<\/li>\n<\/ul>\n<pee><strong>Aceitar um diagn\u00f3stico vago como &#8220;dem\u00eancia senil&#8221;:<\/strong><\/pee>\n<ul class=\"styled-list\">\n<li class=\"whitespace-normal break-words\">Priva de cuidados espec\u00edficos<\/li>\n<li class=\"whitespace-normal break-words\">Mant\u00e9m na ignor\u00e2ncia<\/li>\n<li class=\"whitespace-normal break-words\">Impede adapta\u00e7\u00e3o adequada<\/li>\n<\/ul>\n<pee><strong>N\u00e3o pedir uma segunda opini\u00e3o em caso de d\u00favida:<\/strong><\/pee>\n<ul class=\"styled-list\">\n<li class=\"whitespace-normal break-words\">20-30% dos diagn\u00f3sticos est\u00e3o errados ou incompletos<\/li>\n<li class=\"whitespace-normal break-words\">Experi\u00eancia vari\u00e1vel segundo centros<\/li>\n<li class=\"whitespace-normal break-words\">Legitimidade total para procurar confirma\u00e7\u00e3o<\/li>\n<\/ul>\n<pee><strong>Esconder o diagn\u00f3stico ao pr\u00f3prio:<\/strong><\/pee>\n<ul class=\"styled-list\">\n<li class=\"whitespace-normal break-words\">Direito a saber (exceto exce\u00e7\u00f5es)<\/li>\n<li class=\"whitespace-normal break-words\">Possibilidade de participar nas decis\u00f5es<\/li>\n<li class=\"whitespace-normal break-words\">Respeito pela autonomia<\/li>\n<li class=\"whitespace-normal break-words\">Prepara\u00e7\u00e3o psicol\u00f3gica<\/li>\n<\/ul>\n<pee><strong>Abandonar toda a esperan\u00e7a:<\/strong><\/pee>\n<ul class=\"styled-list\">\n<li class=\"whitespace-normal break-words\">Cada tipo de dem\u00eancia tem as suas possibilidades<\/li>\n<li class=\"whitespace-normal break-words\">Qualidade de vida sempre poss\u00edvel<\/li>\n<li class=\"whitespace-normal break-words\">Momentos de alegria preservados<\/li>\n<li class=\"whitespace-normal break-words\">La\u00e7os afetivos mantidos<\/li>\n<\/ul>\n<\/section>\n<div class=\"section-divider\">\u25c6 \u25c6 \u25c6<\/div>\n<section class=\"dynseo-section\">\n<h2 id=\"section-9\">A Import\u00e2ncia Vital do Acompanhamento Adaptado<\/h2>\n<h3>Porque a Especificidade \u00e9 Crucial<\/h3>\n<pee>Cada tipo de dem\u00eancia requer uma abordagem radicalmente diferente. O que ajuda num caso pode prejudicar noutro. O acompanhamento gen\u00e9rico &#8220;tamanho \u00fanico&#8221; est\u00e1 condenado ao fracasso.<\/pee>\n<h3>Exemplos Concretos Detalhados por Patologia<\/h3>\n<pee><strong>Para Alzheimer \u2013 Estrat\u00e9gia de compensa\u00e7\u00e3o e rotina:<\/strong><\/pee>\n<pee><strong>Ambiente:<\/strong><\/pee>\n<ul class=\"styled-list\">\n<li class=\"whitespace-normal break-words\">Manter rotinas absolutamente rigorosas (acordar 8h, pequeno-almo\u00e7o 8h30&#8230;)<\/li>\n<li class=\"whitespace-normal break-words\">Calend\u00e1rio grande com apenas um dia vis\u00edvel<\/li>\n<li class=\"whitespace-normal break-words\">Fotos legendadas em todos os arm\u00e1rios<\/li>\n<li class=\"whitespace-normal break-words\">Objetos sempre no mesmo lugar<\/li>\n<li class=\"whitespace-normal break-words\">Elimina\u00e7\u00e3o gradual de escolhas (m\u00e1x 2 roupas)<\/li>\n<\/ul>\n<pee><strong>Comunica\u00e7\u00e3o:<\/strong><\/pee>\n<ul class=\"styled-list\">\n<li class=\"whitespace-normal break-words\">Uma instru\u00e7\u00e3o de cada vez<\/li>\n<li class=\"whitespace-normal break-words\">Repeti\u00e7\u00e3o sem irrita\u00e7\u00e3o<\/li>\n<li class=\"whitespace-normal break-words\">Valida\u00e7\u00e3o de emo\u00e7\u00f5es (&#8220;Vejo que est\u00e1s preocupado&#8221;)<\/li>\n<li class=\"whitespace-normal break-words\">Evitar perguntas abertas<\/li>\n<li class=\"whitespace-normal break-words\">Usar toque e contacto visual<\/li>\n<\/ul>\n<pee><strong>Atividades terap\u00eauticas:<\/strong><\/pee>\n<ul class=\"styled-list\">\n<li class=\"whitespace-normal break-words\">\u00c1lbuns de fotos cronol\u00f3gicos<\/li>\n<li class=\"whitespace-normal break-words\">M\u00fasica da sua juventude<\/li>\n<li class=\"whitespace-normal break-words\">Atividades repetitivas tranquilizantes (dobrar roupa)<\/li>\n<li class=\"whitespace-normal break-words\">Jardinagem simples<\/li>\n<li class=\"whitespace-normal break-words\">Presen\u00e7a de animais<\/li>\n<\/ul>\n<pee><strong>Para dem\u00eancia vascular \u2013 Preven\u00e7\u00e3o e reabilita\u00e7\u00e3o:<\/strong><\/pee>\n<pee><strong>Vigil\u00e2ncia m\u00e9dica:<\/strong><\/pee>\n<ul class=\"styled-list\">\n<li class=\"whitespace-normal break-words\">Tens\u00e3o arterial 2x\/dia com registo<\/li>\n<li class=\"whitespace-normal break-words\">Rigorosa ades\u00e3o \u00e0 medica\u00e7\u00e3o<\/li>\n<li class=\"whitespace-normal break-words\">Sinais de alerta de AVC afixados<\/li>\n<li class=\"whitespace-normal break-words\">N\u00famero de emerg\u00eancia vis\u00edvel<\/li>\n<\/ul>\n<pee><strong>Reabilita\u00e7\u00e3o intensiva:<\/strong><\/pee>\n<ul class=\"styled-list\">\n<li class=\"whitespace-normal break-words\">Fisioterapia di\u00e1ria<\/li>\n<li class=\"whitespace-normal break-words\">Terapia da fala para problemas de linguagem<\/li>\n<li class=\"whitespace-normal break-words\">Terapia ocupacional para autonomia<\/li>\n<li class=\"whitespace-normal break-words\">Estimula\u00e7\u00e3o cognitiva direcionada<\/li>\n<\/ul>\n<pee><strong>Adapta\u00e7\u00f5es espec\u00edficas:<\/strong><\/pee>\n<ul class=\"styled-list\">\n<li class=\"whitespace-normal break-words\">Apoios por todo o lado<\/li>\n<li class=\"whitespace-normal break-words\">Ch\u00e3o antiderrapante<\/li>\n<li class=\"whitespace-normal break-words\">Andarilho se necess\u00e1rio<\/li>\n<li class=\"whitespace-normal break-words\">Cadeira de duche<\/li>\n<li class=\"whitespace-normal break-words\">Elevador de sanita<\/li>\n<\/ul>\n<pee><strong>Para corpos de Lewy \u2013 Seguran\u00e7a e valida\u00e7\u00e3o:<\/strong><\/pee>\n<pee><strong>Gest\u00e3o de alucina\u00e7\u00f5es:<\/strong><\/pee>\n<ul class=\"styled-list\">\n<li class=\"whitespace-normal break-words\">Nunca confrontar (&#8220;N\u00e3o \u00e9 real!&#8221;)<\/li>\n<li class=\"whitespace-normal break-words\">Validar emo\u00e7\u00e3o (&#8220;Isso deve ser perturbador&#8221;)<\/li>\n<li class=\"whitespace-normal break-words\">Redirecionar aten\u00e7\u00e3o suavemente<\/li>\n<li class=\"whitespace-normal break-words\">Melhorar ilumina\u00e7\u00e3o<\/li>\n<li class=\"whitespace-normal break-words\">Eliminar sombras e reflexos<\/li>\n<\/ul>\n<pee><strong>Seguran\u00e7a noturna:<\/strong><\/pee>\n<ul class=\"styled-list\">\n<li class=\"whitespace-normal break-words\">Colch\u00e3o no ch\u00e3o em caso de quedas<\/li>\n<li class=\"whitespace-normal break-words\">Grades de cama adaptadas<\/li>\n<li class=\"whitespace-normal break-words\">Ilumina\u00e7\u00e3o noturna permanente<\/li>\n<li class=\"whitespace-normal break-words\">Caminho iluminado at\u00e9 WC<\/li>\n<li class=\"whitespace-normal break-words\">Videovigil\u00e2ncia se necess\u00e1rio<\/li>\n<\/ul>\n<pee><strong>Precau\u00e7\u00f5es medicamentosas:<\/strong><\/pee>\n<ul class=\"styled-list\">\n<li class=\"whitespace-normal break-words\">Lista de medicamentos proibidos no frigor\u00edfico<\/li>\n<li class=\"whitespace-normal break-words\">Pulseira de alerta m\u00e9dico<\/li>\n<li class=\"whitespace-normal break-words\">Informa\u00e7\u00e3o a todos os cuidadores<\/li>\n<li class=\"whitespace-normal break-words\">Farmac\u00eautico de refer\u00eancia informado<\/li>\n<\/ul>\n<pee><strong>Para frontotemporal \u2013 Estrutura e supervis\u00e3o:<\/strong><\/pee>\n<pee><strong>Gest\u00e3o comportamental:<\/strong><\/pee>\n<ul class=\"styled-list\">\n<li class=\"whitespace-normal break-words\">Ignorar pequenos comportamentos inapropriados<\/li>\n<li class=\"whitespace-normal break-words\">Redirecionamento sem confronta\u00e7\u00e3o<\/li>\n<li class=\"whitespace-normal break-words\">Ambiente s\u00f3brio (menos est\u00edmulos)<\/li>\n<li class=\"whitespace-normal break-words\">Atividades f\u00edsicas para canalizar<\/li>\n<li class=\"whitespace-normal break-words\">Rotina inflex\u00edvel<\/li>\n<\/ul>\n<pee><strong>Supervis\u00e3o constante:<\/strong><\/pee>\n<ul class=\"styled-list\">\n<li class=\"whitespace-normal break-words\">Nunca sozinho em p\u00fablico<\/li>\n<li class=\"whitespace-normal break-words\">Cart\u00e3o no bolso com contactos<\/li>\n<li class=\"whitespace-normal break-words\">Rastreador GPS em caso de fuga<\/li>\n<li class=\"whitespace-normal break-words\">Seguran\u00e7a dom\u00e9stica m\u00e1xima<\/li>\n<li class=\"whitespace-normal break-words\">\u00c0s vezes conten\u00e7\u00e3o suave necess\u00e1ria<\/li>\n<\/ul>\n<pee><strong>Comunica\u00e7\u00e3o adaptada:<\/strong><\/pee>\n<ul class=\"styled-list\">\n<li class=\"whitespace-normal break-words\">Frases muito curtas e concretas<\/li>\n<li class=\"whitespace-normal break-words\">Sem ironia ou ambiguidade<\/li>\n<li class=\"whitespace-normal break-words\">Instru\u00e7\u00f5es diretas<\/li>\n<li class=\"whitespace-normal break-words\">Evitar explica\u00e7\u00f5es complexas<\/li>\n<li class=\"whitespace-normal break-words\">Usar distra\u00e7\u00e3o em vez de raciocinar<\/li>\n<\/ul>\n<\/section>\n<section class=\"dynseo-section\">\n<h2 id=\"section-10\">Quando a Distin\u00e7\u00e3o Permanece Pouco Clara: Navegar na Incerteza<\/h2>\n<h3>A Realidade Frustrante mas Frequente<\/h3>\n<pee>Em 20-30% dos casos, o tipo exato de dem\u00eancia permanece pouco claro apesar de todas as investiga\u00e7\u00f5es, especialmente em est\u00e1dios precoces. Esta zona cinzenta \u00e9 frustrante mas n\u00e3o deve paralisar a a\u00e7\u00e3o.<\/pee>\n<h3>Estrat\u00e9gias em Incerteza Diagn\u00f3stica<\/h3>\n<pee><strong>Vigil\u00e2ncia ativa e documentada:<\/strong><\/pee>\n<ul class=\"styled-list\">\n<li class=\"whitespace-normal break-words\">Manter di\u00e1rio detalhado de sintomas<\/li>\n<li class=\"whitespace-normal break-words\">V\u00eddeos de epis\u00f3dios particulares (com consentimento)<\/li>\n<li class=\"whitespace-normal break-words\">Revis\u00e3o mensal de capacidades preservadas\/perdidas<\/li>\n<li class=\"whitespace-normal break-words\">A evolu\u00e7\u00e3o frequentemente esclarece o diagn\u00f3stico<\/li>\n<\/ul>\n<pee><strong>Abordagem pragm\u00e1tica e prudente:<\/strong><\/pee>\n<ul class=\"styled-list\">\n<li class=\"whitespace-normal break-words\">Tratar sintomas presentes<\/li>\n<li class=\"whitespace-normal break-words\">Evitar medicamentos potencialmente perigosos<\/li>\n<li class=\"whitespace-normal break-words\">Priorizar abordagens n\u00e3o farmacol\u00f3gicas<\/li>\n<li class=\"whitespace-normal break-words\">Tentativa e erro prudente documentado<\/li>\n<\/ul>\n<pee><strong>Reavalia\u00e7\u00e3o regular programada:<\/strong><\/pee>\n<ul class=\"styled-list\">\n<li class=\"whitespace-normal break-words\">Avalia\u00e7\u00e3o neuropsicol\u00f3gica cada 6-12 meses<\/li>\n<li class=\"whitespace-normal break-words\">RM de controlo anual<\/li>\n<li class=\"whitespace-normal break-words\">Ajuste diagn\u00f3stico com novos elementos<\/li>\n<li class=\"whitespace-normal break-words\">Segunda opini\u00e3o ap\u00f3s 12-18 meses se d\u00favida persistente<\/li>\n<\/ul>\n<pee><strong>Documenta\u00e7\u00e3o minuciosa:<\/strong><\/pee>\n<ul class=\"styled-list\">\n<li class=\"whitespace-normal break-words\">Registo di\u00e1rio<\/li>\n<li class=\"whitespace-normal break-words\">Fotos\/v\u00eddeos datados<\/li>\n<li class=\"whitespace-normal break-words\">Relat\u00f3rios m\u00e9dicos centralizados<\/li>\n<li class=\"whitespace-normal break-words\">Partilha com todos os envolvidos<\/li>\n<\/ul>\n<h3>O Exemplo de Maria: Um Diagn\u00f3stico em Evolu\u00e7\u00e3o<\/h3>\n<pee>&#8220;A minha m\u00e3e foi primeiro diagnosticada com Alzheimer. Depois apareceram alucina\u00e7\u00f5es: diagn\u00f3stico alterado para corpos de Lewy. Um ano depois, um pequeno AVC: falamos agora de dem\u00eancia mista. \u00c9 desestabilizante, mas pelo menos adaptamos o tratamento \u00e0 medida que sabemos mais. O importante n\u00e3o \u00e9 ter A verdade absoluta, mas fazer o nosso melhor com o que sabemos em cada fase.&#8221;<\/pee><\/section>\n<div class=\"section-divider\">\u25c6 \u25c6 \u25c6<\/div>\n<section class=\"dynseo-section\">\n<h2 id=\"section-11\">A Mensagem de Esperan\u00e7a: Para Al\u00e9m do Diagn\u00f3stico<\/h2>\n<h3>O Que Permanece Sempre Poss\u00edvel<\/h3>\n<pee>Quer o seu ente querido sofra de Alzheimer, dem\u00eancia vascular, corpos de Lewy ou outro tipo, certas verdades universais trazem esperan\u00e7a e orienta\u00e7\u00e3o:<\/pee>\n<pee><strong>Cada pessoa permanece \u00fanica:<\/strong><\/pee>\n<ul class=\"styled-list\">\n<li class=\"whitespace-normal break-words\">As estat\u00edsticas s\u00e3o apenas m\u00e9dias<\/li>\n<li class=\"whitespace-normal break-words\">Surpresas positivas acontecem<\/li>\n<li class=\"whitespace-normal break-words\">A resili\u00eancia humana surpreende sempre<\/li>\n<li class=\"whitespace-normal break-words\">O amor transcende a doen\u00e7a<\/li>\n<\/ul>\n<pee><strong>O progresso permanece poss\u00edvel:<\/strong><\/pee>\n<ul class=\"styled-list\">\n<li class=\"whitespace-normal break-words\">\u00c0s vezes estabiliza\u00e7\u00e3o longa<\/li>\n<li class=\"whitespace-normal break-words\">Melhoria com bom tratamento<\/li>\n<li class=\"whitespace-normal break-words\">Qualidade de vida preservada<\/li>\n<li class=\"whitespace-normal break-words\">Momentos preciosos de lucidez<\/li>\n<\/ul>\n<pee><strong>A qualidade de vida tem prioridade sobre a cura:<\/strong><\/pee>\n<ul class=\"styled-list\">\n<li class=\"whitespace-normal break-words\">Bem-estar poss\u00edvel em todos os est\u00e1dios<\/li>\n<li class=\"whitespace-normal break-words\">Adapta\u00e7\u00f5es que mudam tudo<\/li>\n<li class=\"whitespace-normal break-words\">Pequenas alegrias di\u00e1rias<\/li>\n<li class=\"whitespace-normal break-words\">Dignidade preservada<\/li>\n<\/ul>\n<pee><strong>O apoio existe e funciona:<\/strong><\/pee>\n<ul class=\"styled-list\">\n<li class=\"whitespace-normal break-words\">Associa\u00e7\u00f5es familiares<\/li>\n<li class=\"whitespace-normal break-words\">Profissionais treinados<\/li>\n<li class=\"whitespace-normal break-words\">Investiga\u00e7\u00e3o avan\u00e7ando<\/li>\n<li class=\"whitespace-normal break-words\">Solidariedade reconfortante<\/li>\n<\/ul>\n<h3>Progresso que Traz Esperan\u00e7a<\/h3>\n<pee><strong>Investiga\u00e7\u00e3o terap\u00eautica:<\/strong><\/pee>\n<ul class=\"styled-list\">\n<li class=\"whitespace-normal break-words\">Novos medicamentos em ensaios cl\u00ednicos<\/li>\n<li class=\"whitespace-normal break-words\">Imunoterapias promissoras<\/li>\n<li class=\"whitespace-normal break-words\">Diagn\u00f3stico cada vez mais precoce<\/li>\n<li class=\"whitespace-normal break-words\">Terapias g\u00e9nicas no horizonte<\/li>\n<\/ul>\n<pee><strong>Compreens\u00e3o crescente:<\/strong><\/pee>\n<ul class=\"styled-list\">\n<li class=\"whitespace-normal break-words\">Mecanismos melhor compreendidos<\/li>\n<li class=\"whitespace-normal break-words\">Fatores de risco modific\u00e1veis identificados<\/li>\n<li class=\"whitespace-normal break-words\">Preven\u00e7\u00e3o cada vez mais eficaz<\/li>\n<li class=\"whitespace-normal break-words\">Personaliza\u00e7\u00e3o dos cuidados<\/li>\n<\/ul>\n<pee><strong>Evolu\u00e7\u00e3o social:<\/strong><\/pee>\n<ul class=\"styled-list\">\n<li class=\"whitespace-normal break-words\">Desestigmatiza\u00e7\u00e3o progressiva<\/li>\n<li class=\"whitespace-normal break-words\">Cidades &#8220;amigas da dem\u00eancia&#8221;<\/li>\n<li class=\"whitespace-normal break-words\">Forma\u00e7\u00e3o de profissionais<\/li>\n<li class=\"whitespace-normal break-words\">Reconhecimento dos cuidadores<\/li>\n<\/ul>\n<\/section>\n<section class=\"dynseo-section\">\n<h2 id=\"section-12\">Conclus\u00e3o: A Import\u00e2ncia Crucial de Compreender e Nomear Corretamente<\/h2>\n<pee>Abandonar o termo vago e prejudicial de &#8220;dem\u00eancia senil&#8221; por um diagn\u00f3stico preciso e moderno n\u00e3o \u00e9 apenas uma quest\u00e3o de escolha de palavras ou rigor m\u00e9dico. \u00c9 um ato fundamental que:<\/pee>\n<pee><strong>Reconhece a pessoa em toda a sua unicidade:<\/strong> Cada forma de dem\u00eancia afeta de forma diferente, requer cuidados \u00fanicos. O seu ente querido n\u00e3o \u00e9 &#8220;um demente&#8221; mas uma pessoa com uma patologia espec\u00edfica que merece uma abordagem personalizada.<\/pee>\n<pee><strong>Abre a porta aos melhores cuidados poss\u00edveis:<\/strong> Apenas um diagn\u00f3stico preciso d\u00e1 acesso a tratamentos adaptados, evita erros medicamentosos potencialmente graves e implementa as estrat\u00e9gias de acompanhamento mais eficazes.<\/pee>\n<pee><strong>Respeita a dignidade humana fundamental:<\/strong> Reduzir dificuldades cognitivas \u00e0 idade (&#8220;\u00e9 normal, ele \u00e9 velho&#8221;) \u00e9 uma forma de discrimina\u00e7\u00e3o et\u00e1ria que priva de cuidados e esperan\u00e7a. Cada pessoa, independentemente da idade, merece que se procure a causa real das suas dificuldades.<\/pee>\n<pee><strong>D\u00e1 acesso a inova\u00e7\u00f5es terap\u00eauticas:<\/strong> Ensaios cl\u00ednicos, novos medicamentos, abordagens inovadoras requerem diagn\u00f3stico preciso. Permanecer na imprecis\u00e3o da &#8220;senilidade&#8221; fecha estas portas.<\/pee>\n<pee>Se reconhece a sua situa\u00e7\u00e3o nestas linhas, se vive esta incerteza diagn\u00f3stica ou luta contra o r\u00f3tulo redutor de &#8220;dem\u00eancia senil&#8221;, n\u00e3o espere mais. Exija um diagn\u00f3stico preciso. Consulte um especialista. Pe\u00e7a uma segunda opini\u00e3o se necess\u00e1rio.<\/pee>\n<pee>O seu ente querido merece melhor do que um r\u00f3tulo desatualizado. Merece um diagn\u00f3stico moderno, tratamento adaptado, acompanhamento personalizado. Voc\u00ea merece compreender o que est\u00e1 a acontecer, ter respostas claras, saber como agir.<\/pee>\n<pee>O caminho ser\u00e1 longo, por vezes dif\u00edcil, mas com a informa\u00e7\u00e3o certa, as ferramentas certas e o apoio adequado, permanece transit\u00e1vel. Cada tipo de dem\u00eancia tem os seus desafios espec\u00edficos, mas tamb\u00e9m as suas solu\u00e7\u00f5es, as suas estrat\u00e9gias, a sua esperan\u00e7a.<\/pee>\n<pee>A nossa forma\u00e7\u00e3o &#8220;Compreender a doen\u00e7a de Alzheimer e encontrar solu\u00e7\u00f5es para o quotidiano&#8221; acompanha-o neste processo de compreens\u00e3o e a\u00e7\u00e3o. Guiamo-lo atrav\u00e9s destas distin\u00e7\u00f5es complexas mas cruciais. Damos-lhe ferramentas concretas para cada situa\u00e7\u00e3o, estrat\u00e9gias espec\u00edficas para cada tipo de dem\u00eancia, recursos para n\u00e3o se esgotar.<\/pee>\n<pee>Porque compreender j\u00e1 \u00e9 agir. Porque cada tipo de dem\u00eancia requer uma abordagem \u00fanica. Porque o seu ente querido merece o melhor acompanhamento poss\u00edvel, baseado num diagn\u00f3stico preciso e n\u00e3o em preconceitos desatualizados.<\/pee>\n<pee>N\u00e3o permane\u00e7a na n\u00e9voa da &#8220;dem\u00eancia senil&#8221;. Entre na claridade de um diagn\u00f3stico moderno e acompanhamento adaptado. O seu ente querido e voc\u00ea merecem esta clareza, esta precis\u00e3o, esta esperan\u00e7a esclarecida.<\/pee>\n<pee>&nbsp;<\/pee>\n<pee>&nbsp;<\/pee><\/section>\n<\/div>\n<p>[\/et_pb_code][\/et_pb_column][\/et_pb_row][\/et_pb_section][et_pb_section fb_built=&#8221;1&#8243; _builder_version=&#8221;4.16&#8243;][et_pb_row][et_pb_column type=&#8221;4_4&#8243;][et_pb_code]<script type=\"application\/ld+json\">{\"@context\":\"https:\/\/schema.org\",\"@type\":\"FAQPage\",\"mainEntity\":[{\"@type\":\"Question\",\"name\":\"Qual \u00e9 a diferen\u00e7a entre Alzheimer e dem\u00eancia senil?\",\"acceptedAnswer\":{\"@type\":\"Answer\",\"text\":\"O Alzheimer \u00e9 uma doen\u00e7a espec\u00edfica que causa dem\u00eancia, enquanto 'dem\u00eancia senil' \u00e9 um termo desatualizado que era usado para descrever qualquer decl\u00ednio cognitivo relacionado com a idade. Hoje sabemos que a dem\u00eancia n\u00e3o \u00e9 uma consequ\u00eancia normal do envelhecimento, mas sim resultado de doen\u00e7as espec\u00edficas como o Alzheimer.\"}},{\"@type\":\"Question\",\"name\":\"Por que ainda existe confus\u00e3o entre estes dois termos?\",\"acceptedAnswer\":{\"@type\":\"Answer\",\"text\":\"A confus\u00e3o persiste devido a d\u00e9cadas de desconhecimento m\u00e9dico, estigmatiza\u00e7\u00e3o do envelhecimento e medo coletivo do decl\u00ednio cognitivo. Muitos profissionais de sa\u00fade ainda utilizam o termo 'dem\u00eancia senil', perpetuando uma vis\u00e3o desatualizada destas condi\u00e7\u00f5es.\"}},{\"@type\":\"Question\",\"name\":\"Quais s\u00e3o os riscos de confundir Alzheimer com dem\u00eancia senil?\",\"acceptedAnswer\":{\"@type\":\"Answer\",\"text\":\"Esta confus\u00e3o pode atrasar o diagn\u00f3stico durante anos, levar a tratamentos inadequados ou perigosos, gerar ansiedade desnecess\u00e1ria e privar os pacientes de estrat\u00e9gias de acompanhamento adaptadas que poderiam melhorar significativamente a qualidade de vida.\"}},{\"@type\":\"Question\",\"name\":\"O decl\u00ednio cognitivo \u00e9 uma parte normal do envelhecimento?\",\"acceptedAnswer\":{\"@type\":\"Answer\",\"text\":\"N\u00e3o, o decl\u00ednio cognitivo significativo n\u00e3o \u00e9 uma consequ\u00eancia normal do envelhecimento. Embora possam ocorrer pequenas altera\u00e7\u00f5es na mem\u00f3ria com a idade, a dem\u00eancia resulta de doen\u00e7as espec\u00edficas que requerem diagn\u00f3stico e tratamento adequados.\"}},{\"@type\":\"Question\",\"name\":\"Por que \u00e9 importante fazer um diagn\u00f3stico precoce?\",\"acceptedAnswer\":{\"@type\":\"Answer\",\"text\":\"O diagn\u00f3stico precoce \u00e9 crucial porque permite interven\u00e7\u00f5es que podem fazer uma diferen\u00e7a significativa na progress\u00e3o da doen\u00e7a. Durante os anos de atraso no diagn\u00f3stico, perdem-se oportunidades valiosas de tratamento e estrat\u00e9gias de cuidado que poderiam melhorar a qualidade de vida.\"}},{\"@type\":\"Question\",\"name\":\"Como esta confus\u00e3o afeta as fam\u00edlias dos pacientes?\",\"acceptedAnswer\":{\"@type\":\"Answer\",\"text\":\"A confus\u00e3o terminol\u00f3gica afeta milh\u00f5es de fam\u00edlias, causando ansiedade desnecess\u00e1ria em alguns casos ('\u00e9 inevit\u00e1vel com a idade') e uma falsa sensa\u00e7\u00e3o de seguran\u00e7a noutros ('\u00e9 apenas senilidade'). Isto pode impedir que as fam\u00edlias procurem ajuda m\u00e9dica adequada e implementem cuidados apropriados.\"}}]}<\/script><br \/>\n<script type=\"application\/ld+json\">{\"@context\":\"https:\/\/schema.org\",\"@type\":\"FAQPage\",\"mainEntity\":[{\"@type\":\"Question\",\"name\":\"Qual \u00e9 a diferen\u00e7a entre Alzheimer e dem\u00eancia senil?\",\"acceptedAnswer\":{\"@type\":\"Answer\",\"text\":\"O Alzheimer \u00e9 uma doen\u00e7a espec\u00edfica que causa dem\u00eancia, enquanto 'dem\u00eancia senil' \u00e9 um termo desatualizado que era usado para descrever qualquer decl\u00ednio cognitivo relacionado com a idade. Hoje sabemos que a dem\u00eancia n\u00e3o \u00e9 uma consequ\u00eancia normal do envelhecimento, mas sim resultado de doen\u00e7as espec\u00edficas como o Alzheimer.\"}},{\"@type\":\"Question\",\"name\":\"Por que ainda existe confus\u00e3o entre estes dois termos?\",\"acceptedAnswer\":{\"@type\":\"Answer\",\"text\":\"A confus\u00e3o persiste devido a d\u00e9cadas de desconhecimento m\u00e9dico, estigmatiza\u00e7\u00e3o do envelhecimento e medo coletivo do decl\u00ednio cognitivo. Muitos profissionais de sa\u00fade ainda utilizam o termo 'dem\u00eancia senil', perpetuando uma vis\u00e3o desatualizada destas condi\u00e7\u00f5es.\"}},{\"@type\":\"Question\",\"name\":\"Quais s\u00e3o os riscos de confundir Alzheimer com dem\u00eancia senil?\",\"acceptedAnswer\":{\"@type\":\"Answer\",\"text\":\"Esta confus\u00e3o pode atrasar o diagn\u00f3stico durante anos, levar a tratamentos inadequados ou perigosos, gerar ansiedade desnecess\u00e1ria e privar os pacientes de estrat\u00e9gias de acompanhamento adaptadas que poderiam melhorar significativamente a qualidade de vida.\"}},{\"@type\":\"Question\",\"name\":\"O decl\u00ednio cognitivo \u00e9 uma parte normal do envelhecimento?\",\"acceptedAnswer\":{\"@type\":\"Answer\",\"text\":\"N\u00e3o, o decl\u00ednio cognitivo significativo n\u00e3o \u00e9 uma consequ\u00eancia normal do envelhecimento. Embora possam ocorrer pequenas altera\u00e7\u00f5es na mem\u00f3ria com a idade, a dem\u00eancia resulta de doen\u00e7as espec\u00edficas que requerem diagn\u00f3stico e tratamento adequados.\"}},{\"@type\":\"Question\",\"name\":\"Por que \u00e9 importante fazer um diagn\u00f3stico precoce?\",\"acceptedAnswer\":{\"@type\":\"Answer\",\"text\":\"O diagn\u00f3stico precoce \u00e9 crucial porque permite interven\u00e7\u00f5es que podem fazer uma diferen\u00e7a significativa na progress\u00e3o da doen\u00e7a. Durante os anos de atraso no diagn\u00f3stico, perdem-se oportunidades valiosas de tratamento e estrat\u00e9gias de cuidado que poderiam melhorar a qualidade de vida.\"}},{\"@type\":\"Question\",\"name\":\"Como esta confus\u00e3o afeta as fam\u00edlias dos pacientes?\",\"acceptedAnswer\":{\"@type\":\"Answer\",\"text\":\"A confus\u00e3o terminol\u00f3gica afeta milh\u00f5es de fam\u00edlias, causando ansiedade desnecess\u00e1ria em alguns casos ('\u00e9 inevit\u00e1vel com a idade') e uma falsa sensa\u00e7\u00e3o de seguran\u00e7a noutros ('\u00e9 apenas senilidade'). Isto pode impedir que as fam\u00edlias procurem ajuda m\u00e9dica adequada e implementem cuidados apropriados.\"}}]}<\/script>[\/et_pb_code][\/et_pb_column][\/et_pb_row][\/et_pb_section]<\/p>\n","protected":false},"excerpt":{"rendered":"<div class=\"et_pb_row et_pb_row_0 et_pb_row_empty\">\n\t\t\t\t\n\t\t\t\t\n\t\t\t\t\n\t\t\t\t\n\t\t\t\t\n\t\t\t<\/div>\n","protected":false},"author":4,"featured_media":361459,"comment_status":"closed","ping_status":"closed","sticky":false,"template":"","format":"standard","meta":{"_et_pb_use_builder":"on","_et_pb_old_content":"<h1><\/h1>\r\n\"Is het seniele dementie of is het Alzheimer?\" Deze vraag, gesteld in ontelbare medische praktijken, wachtkamers en familiebijeenkomsten, onthult een diepe verwarring die miljoenen families wereldwijd raakt. Als uw dierbare geheugenproblemen vertoont, heeft u zich waarschijnlijk dezelfde vraag gesteld, wanhopig zoekend naar begrip van wat er met hen gebeurt, schommelend tussen hoop dat het iets goedaardigs is en angst voor een ernstiger diagnose.\r\n\r\nDeze verwarring is niet alleen een kwestie van woordkeuze. Het weerspiegelt decennia van medische miskenning, stigmatisering van veroudering en collectieve angst voor cognitieve achteruitgang. Nog steeds gebruiken veel zorgverleners de term \"seniele dementie\", waarmee ze een verouderde en potentieel gevaarlijke visie op deze aandoeningen in stand houden.\r\n\r\nDe verwarring tussen deze termen is niet onschuldig. Het kan de diagnose jaren vertragen, een periode waarin vroege interventies een significant verschil hadden kunnen maken. Het kan leiden naar verkeerde behandelingen, waarbij pati\u00ebnten worden blootgesteld aan ongeschikte of zelfs gevaarlijke medicijnen. Het genereert onnodige angst bij sommigen (\"het is onvermijdelijk met de leeftijd\") en een vals gevoel van veiligheid bij anderen (\"het is gewoon seniliteit\"). Nog ernstiger, het kan u beroven van aangepaste begeleidingsstrategie\u00ebn die de levenskwaliteit van uw dierbare en uzelf aanzienlijk zouden kunnen verbeteren.\r\n\r\nVandaag gaan we deze verwarring eens en voor altijd wegwerken. Door middel van een diepgaande en toegankelijke verkenning zult u eindelijk begrijpen wat deze termen werkelijk betekenen, hun fundamentele verschillen, hun praktische implicaties en vooral waarom dit onderscheid absoluut cruciaal is voor de begeleiding van uw dierbare. We zullen misvattingen wegnemen, de nieuwste wetenschappelijke vooruitgang verkennen en u de sleutels geven om met vertrouwen en helderheid door dit medische labyrint te navigeren.\r\n<h2>Dementie: Een Slecht Begrepen Overkoepelende Term<\/h2>\r\n<h3>Definitie en Verduidelijking<\/h3>\r\nLaten we beginnen met het verduidelijken van de meest misverstane maar toch belangrijkste term: dementie. In tegenstelling tot wat velen denken, en in tegenstelling tot wat de dagelijkse taal suggereert, is dementie geen ziekte op zich. Het is een syndroom, dat wil zeggen een geheel van symptomen die veroorzaakt kunnen worden door verschillende ziekten, net zoals pijn op de borst veroorzaakt kan worden door een hartaanval, longontsteking, of zelfs gewone angst.\r\n\r\nStel u dementie voor als koorts. Koorts is geen ziekte, het is een symptoom dat veroorzaakt kan worden door griep, een bacteri\u00eble infectie, ontsteking, of zelfs bepaalde kankers. Wanneer uw arts constateert dat u koorts heeft, is zijn eerste vraag: \"Wat is de oorzaak?\" Op dezelfde manier is dementie een geheel van cognitieve symptomen die meerdere oorzaken kunnen hebben, sommige behandelbaar, andere niet, sommige evolueren snel, andere zeer langzaam.\r\n\r\nDit onderscheid is fundamenteel omdat het de medische aanpak volledig verandert. Zeggen \"het is dementie\" zonder verder te zoeken, is zoals zeggen \"het is koorts\" en naar huis gaan. Het is onvoldoende, potentieel gevaarlijk, en ontneemt de pati\u00ebnt de juiste zorg.\r\n<h3>Wat Karakteriseert Werkelijk Dementie?<\/h3>\r\nOm medisch over dementie te spreken, moeten verschillende strikte criteria samenkomen. Het is niet alleen \"geheugenproblemen hebben\":\r\n\r\n<strong>1. Significante cognitieve achteruitgang in ten minste twee cognitieve domeinen:<\/strong>\r\n<ul>\r\n \t<li>Geheugen (onvermogen om nieuwe informatie te onthouden)<\/li>\r\n \t<li>Taal (woorden vinden, begrijpen, zich uitdrukken)<\/li>\r\n \t<li>Visueel-ruimtelijke vaardigheden (ori\u00ebntatie, objectherkenning)<\/li>\r\n \t<li>Uitvoerende functies (plannen, organiseren, oordelen)<\/li>\r\n \t<li>Aandacht en concentratie<\/li>\r\n \t<li>Praxie (vermogen om gebaren uit te voeren)<\/li>\r\n<\/ul>\r\n<strong>2. Significante en meetbare impact op het dagelijks leven:<\/strong>\r\n<ul>\r\n \t<li>Verlies van autonomie in instrumentele activiteiten (financi\u00ebn beheren, medicijnen innemen, boodschappen doen)<\/li>\r\n \t<li>Vervolgens in basisactiviteiten (wassen, aankleden, eten)<\/li>\r\n \t<li>Behoefte aan toenemende externe hulp<\/li>\r\n<\/ul>\r\n<strong>3. Progressieve evolutie die niet spontaan omkeerbaar is:<\/strong>\r\n<ul>\r\n \t<li>Het is geen plotselinge toestand zoals delirium<\/li>\r\n \t<li>Symptomen blijven bestaan en verergeren zonder behandeling<\/li>\r\n \t<li>Het verloop is over het algemeen aflopend, hoewel het tempo varieert<\/li>\r\n<\/ul>\r\n<strong>4. Bewustzijn over het algemeen aanvankelijk behouden:<\/strong>\r\n<ul>\r\n \t<li>De persoon is niet in coma of stuporeus<\/li>\r\n \t<li>Kan bewust zijn van hun moeilijkheden (variabele anosognosie)<\/li>\r\n \t<li>De waaktoestand is normaal (in tegenstelling tot delirium)<\/li>\r\n<\/ul>\r\n<h3>De Omvang van het Fenomeen: Duizelingwekkende Cijfers<\/h3>\r\nDementie treft momenteel 55 miljoen mensen wereldwijd, een cijfer dat volgens de WHO tegen 2050 zou moeten verdrievoudigen tot 152 miljoen. In Nederland wordt geschat dat 280.000 mensen getroffen zijn, met 46.000 nieuwe gevallen elk jaar. Maar achter deze indrukwekkende statistieken verbergen zich zeer verschillende menselijke realiteiten, unieke trajecten, ontwrichte families.\r\n\r\nElke 3 seconden ontwikkelt iemand in de wereld dementie. De wereldwijde kosten worden geschat op meer dan 1.300 miljard dollar per jaar, meer dan het BBP van veel landen. Maar de echte kosten, menselijk en emotioneel, zijn onmetelijk.\r\n<h2>Verschillende Typen Dementie: Een Complex Spectrum<\/h2>\r\nDementie kan meer dan 100 verschillende oorzaken hebben, van de meest voorkomende tot de zeldzaamste, van de meest bestudeerde tot de meest mysterieuze. Het begrijpen van deze diversiteit is essentieel voor een juiste diagnose en behandeling. Hier is een gedetailleerde verkenning van de hoofdvormen:\r\n<h3>1. De Ziekte van Alzheimer (60-70% van de gevallen): De Stille Reus<\/h3>\r\nDe meest voorkomende dementie, de ziekte van Alzheimer is een complexe neurodegeneratieve aandoening die aanvankelijk de hersengebieden verantwoordelijk voor geheugen aantast voordat het zich geleidelijk uitbreidt.\r\n\r\n<strong>Onderscheidende kenmerken:<\/strong>\r\n\r\n<strong>Sluipend begin en onverbiddelijke progressie:<\/strong> De ziekte vestigt zich zo geleidelijk dat families vaak moeite hebben om het begin van de symptomen te dateren. \"Nu we erover nadenken, misschien zoekt ze al 2-3 jaar naar woorden...\"\r\n\r\n<strong>Karakteristieke aantasting van het recente geheugen:<\/strong> De persoon vergeet wat ze net hebben gedaan maar herinnert zich hun kindertijd perfect. Dit is Ribot's wet: de oudste herinneringen weerstaan het langst.\r\n\r\n<strong>Unieke biologische handtekening:<\/strong> Ophoping van amylo\u00efde plaques tussen neuronen en tau-eiwit kluwen binnenin. Deze laesies beginnen 15-20 jaar voor de eerste symptomen.\r\n\r\n<strong>Stereotiep maar individueel variabel evolutiepatroon:<\/strong>\r\n<ul>\r\n \t<li>Fase 1 (2-4 jaar): Lichte geheugenproblemen, angst<\/li>\r\n \t<li>Fase 2 (2-10 jaar): Desori\u00ebntatie, taalproblemen<\/li>\r\n \t<li>Fase 3 (1-3 jaar): Totale afhankelijkheid, medische complicaties<\/li>\r\n<\/ul>\r\n<em>Getuigenis van Maria, 62 jaar, dochter van een pati\u00ebnte:<\/em> \"In het begin schreven we haar vergeetachtigheid toe aan de stress van haar verhuizing. Toen vergat ze mijn verjaardag, iets wat nooit was gebeurd. De dag dat ze me vroeg wie ik was terwijl ze me met lege ogen aankeek, begreep ik dat het niet alleen vermoeidheid was.\"\r\n\r\n<strong>Specifieke risicofactoren:<\/strong>\r\n<ul>\r\n \t<li>Leeftijd (risico verdubbelt elke 5 jaar na 65)<\/li>\r\n \t<li>Genetica (APOE4-gen, zeldzame familiaire mutaties)<\/li>\r\n \t<li>Geslacht (vrouwen meer getroffen, mogelijk gerelateerd aan menopauze)<\/li>\r\n \t<li>Opleidingsniveau (beschermend effect van cognitieve reserve)<\/li>\r\n \t<li>Herhaalde hoofdtraumata<\/li>\r\n<\/ul>\r\n<h3>2. Vasculaire Dementie (15-20% van de gevallen): Wanneer de Hersenen Zuurstof Tekort Komen<\/h3>\r\nDe tweede oorzaak van dementie, het resulteert uit cerebrale vasculaire laesies die bepaalde hersengebieden van zuurstof en voedingsstoffen beroven.\r\n\r\n<strong>Mechanismen en manifestaties:<\/strong>\r\n\r\n<strong>Karakteristieke trapvormige evolutie:<\/strong> In tegenstelling tot Alzheimer is de progressie niet lineair. \"Hij was goed, toen na zijn kleine beroerte in maart was hij niet meer dezelfde. Hij stabiliseerde enkele maanden, toen nieuwe achteruitgang in september...\"\r\n\r\n<strong>Meerdere oorzaken:<\/strong>\r\n<ul>\r\n \t<li>Grote beroerte (25% ontwikkelt dementie)<\/li>\r\n \t<li>Ophoping van stille mini-beroertes<\/li>\r\n \t<li>Kleine vatenziekte (leukoaraiose)<\/li>\r\n \t<li>Chronische hypoperfusie<\/li>\r\n<\/ul>\r\n<strong>Variabele symptomen volgens lokalisatie:<\/strong>\r\n<ul>\r\n \t<li>Frontale laesies: apathie, disinhibitie<\/li>\r\n \t<li>Subcorticale laesies: vertraging, loopproblemen<\/li>\r\n \t<li>Temporale laesies: geheugenproblemen<\/li>\r\n \t<li>Multiple laesies: complex gemengd beeld<\/li>\r\n<\/ul>\r\n<strong>Specifieke waarschuwingssignalen:<\/strong>\r\n<ul>\r\n \t<li>Vroege loopproblemen (kleine stappen gang)<\/li>\r\n \t<li>Emotionele labiliteit (ongepast huilen of lachen)<\/li>\r\n \t<li>Vroege urine-incontinentie<\/li>\r\n \t<li>Pseudobulbaire symptomen (slikmoeilijkheden)<\/li>\r\n<\/ul>\r\n<strong>Modificeerbare risicofactoren:<\/strong>\r\n<ul>\r\n \t<li>Hypertensie (hoofdfactor, risico x2)<\/li>\r\n \t<li>Diabetes (risico x1,5)<\/li>\r\n \t<li>Roken (risico x1,6)<\/li>\r\n \t<li>Atriumfibrilleren (risico x2)<\/li>\r\n \t<li>Hypercholesterolemie<\/li>\r\n \t<li>Obesitas<\/li>\r\n \t<li>Sedentaire levensstijl<\/li>\r\n<\/ul>\r\n<em>Typisch klinisch geval:<\/em> George, 72 jaar, slecht gecontroleerde hypertensiepati\u00ebnt, had 6 maanden geleden een beroerte. Sindsdien merkt zijn vrouw dat hij de rekeningen niet meer beheert, verdwaalt in de buurt, en huilt bij de televisie om triviale dingen. MRI toont meerdere lacunes en ernstige leukoaraiose.\r\n<h3>3. Dementie met Lewy-lichaampjes (10-15% van de gevallen): De Diagnostische Kameleon<\/h3>\r\nVaak onbekend en verward met Alzheimer of Parkinson, deze dementie heeft unieke kenmerken die specifieke behandeling vereisen.\r\n\r\n<strong>Onderscheidend klinisch beeld:<\/strong>\r\n\r\n<strong>Grote cognitieve fluctuaties:<\/strong> \"'s Ochtends is hij verward, herkent me niet. 's Middags is hij helder en speelt schaak. Het is alsof er twee verschillende personen zijn.\"\r\n\r\n<strong>Karakteristieke terugkerende visuele hallucinaties:<\/strong>\r\n<ul>\r\n \t<li>Zeer gedetailleerd en uitgewerkt (personen, dieren, kinderen)<\/li>\r\n \t<li>Vaak aanvankelijk niet bedreigend<\/li>\r\n \t<li>Persoon kan variabel inzicht hebben (\"ik weet dat het niet echt is maar ik zie ze\")<\/li>\r\n \t<li>\"Hij ziet kleine kinderen in de woonkamer spelen. Hij praat met ze, biedt koekjes aan.\"<\/li>\r\n<\/ul>\r\n<strong>REM-slaapgedragsstoornissen (RBD):<\/strong>\r\n<ul>\r\n \t<li>Gaan vaak jaren vooraf aan dementie<\/li>\r\n \t<li>Gewelddadige bewegingen tijdens dromen<\/li>\r\n \t<li>Kan onbedoeld partner verwonden<\/li>\r\n \t<li>\"Hij sloeg in zijn slaap, beleefde zijn dromen opnieuw\"<\/li>\r\n<\/ul>\r\n<strong>Parkinson-syndroom:<\/strong>\r\n<ul>\r\n \t<li>Rigiditeit, bradykinesie, evenwichtsproblemen<\/li>\r\n \t<li>Tremoren minder frequent dan bij Parkinson<\/li>\r\n \t<li>Herhaalde onverklaarbare vallen<\/li>\r\n<\/ul>\r\n<strong>Overgevoeligheid voor neuroleptica:<\/strong>\r\n<ul>\r\n \t<li>Ernstige, potentieel dodelijke reacties<\/li>\r\n \t<li>Grote verergering van symptomen<\/li>\r\n \t<li>Maligne neurolepticasyndroom mogelijk<\/li>\r\n<\/ul>\r\n<strong>Delicate differentiaaldiagnose:<\/strong>\r\n<ul>\r\n \t<li>Met Alzheimer: aanwezigheid van vroege hallucinaties<\/li>\r\n \t<li>Met Parkinson: vroege cognitieve problemen (\u00e9\u00e9n-jaar regel)<\/li>\r\n \t<li>Met vasculaire dementie: meer uitgesproken fluctuaties<\/li>\r\n<\/ul>\r\n<em>Impact op families:<\/em> \"Het moeilijkste is de onvoorspelbaarheid. We weten nooit in welke toestand we hem zullen aantreffen. De hallucinaties maken hem angstig, maar als we zeggen dat ze niet echt zijn, wordt hij boos.\" \u2013 Getuigenis van Sylvia, echtgenote van een pati\u00ebnt.\r\n<h3>4. Frontotemporale Dementie (5-10% van de gevallen): Wanneer de Persoonlijkheid Verandert<\/h3>\r\nDeze vorm treft jongere mensen en verstoort eerst gedrag en persoonlijkheid voordat het geheugen wordt aangetast.\r\n\r\n<strong>Drie hoofdvarianten:<\/strong>\r\n\r\n<strong>Gedragsvariant (bvFTD):<\/strong>\r\n<ul>\r\n \t<li>Dramatische persoonlijkheidsveranderingen<\/li>\r\n \t<li>Sociale disinhibitie (ongepaste opmerkingen, seksueel gedrag)<\/li>\r\n \t<li>Diepe apathie of steriele hyperactiviteit<\/li>\r\n \t<li>Voedingsveranderingen (boulimie, voorkeur voor zoet)<\/li>\r\n \t<li>Flagrant verlies van empathie<\/li>\r\n \t<li>\"Mijn man, zo beleefd en gereserveerd, begon opmerkingen te maken over het uiterlijk van mensen op straat\"<\/li>\r\n<\/ul>\r\n<strong>Primaire progressieve afasie (PPA):<\/strong>\r\n<ul>\r\n \t<li>Niet-vloeiende variant: moeilijkheid met woordproductie<\/li>\r\n \t<li>Semantische variant: verlies van woordbetekenis<\/li>\r\n \t<li>Logopenische variant: moeizaam zoeken naar woorden<\/li>\r\n \t<li>\"Ze vroeg 'wat is dit ook alweer, een vork?' terwijl ze hem in haar hand hield\"<\/li>\r\n<\/ul>\r\n<strong>Variant met motorische stoornissen:<\/strong>\r\n<ul>\r\n \t<li>Associatie met amyotrofische laterale sclerose (ALS)<\/li>\r\n \t<li>Corticobasaal syndroom<\/li>\r\n \t<li>Progressieve supranucleaire verlamming<\/li>\r\n<\/ul>\r\n<strong>Diagnostische uitdagingen:<\/strong>\r\n<ul>\r\n \t<li>Begin voor 65 jaar in 60% van de gevallen<\/li>\r\n \t<li>Vaak verward met depressie of bipolaire stoornis<\/li>\r\n \t<li>MRI kan aanvankelijk normaal zijn<\/li>\r\n \t<li>Genetische component in 40% van de gevallen<\/li>\r\n<\/ul>\r\n<h3>5. Gemengde Dementie: De Complexe Realiteit<\/h3>\r\nFrequenter dan gedacht, combineert het verschillende pathologie\u00ebn, waardoor het klinische beeld complex wordt.\r\n\r\n<strong>Frequente combinaties:<\/strong>\r\n<ul>\r\n \t<li>Alzheimer + vasculair (meest voorkomende)<\/li>\r\n \t<li>Alzheimer + Lewy-lichaampjes<\/li>\r\n \t<li>Vasculair + Lewy-lichaampjes<\/li>\r\n \t<li>Soms bestaan drie pathologie\u00ebn naast elkaar<\/li>\r\n<\/ul>\r\n<strong>Praktische implicaties:<\/strong>\r\n<ul>\r\n \t<li>Minder voorspelbare evolutie<\/li>\r\n \t<li>Variabele respons op behandelingen<\/li>\r\n \t<li>Noodzaak om behandeling constant aan te passen<\/li>\r\n \t<li>Over het algemeen minder gunstige prognose<\/li>\r\n<\/ul>\r\n<h3>6. Andere Oorzaken van Dementie: Het Spectrum Breidt Uit<\/h3>\r\n<strong>Dementie geassocieerd met de ziekte van Parkinson:<\/strong>\r\n<ul>\r\n \t<li>Ontstaat na meerdere jaren van motorische evolutie<\/li>\r\n \t<li>80% van Parkinson-pati\u00ebnten na 20 jaar<\/li>\r\n \t<li>Predominante uitvoerende stoornissen<\/li>\r\n<\/ul>\r\n<strong>Normaaldruk hydrocephalus:<\/strong>\r\n<ul>\r\n \t<li>Triade: loopproblemen, incontinentie, dementie<\/li>\r\n \t<li>Potentieel omkeerbaar door shunting<\/li>\r\n \t<li>Karakteristieke \"magnetische\" gang<\/li>\r\n<\/ul>\r\n<strong>Alcoholische dementie (Korsakoff-syndroom):<\/strong>\r\n<ul>\r\n \t<li>Thiamine (B1) defici\u00ebntie<\/li>\r\n \t<li>Karakteristieke confabulaties<\/li>\r\n \t<li>Gedeeltelijk omkeerbaar bij vroege behandeling<\/li>\r\n<\/ul>\r\n<strong>Creutzfeldt-Jakob-ziekte:<\/strong>\r\n<ul>\r\n \t<li>Snelle evolutie (maanden)<\/li>\r\n \t<li>Myoclonie\u00ebn, ataxie<\/li>\r\n \t<li>Karakteristiek EEG<\/li>\r\n<\/ul>\r\n<strong>HIV-gerelateerde dementie:<\/strong>\r\n<ul>\r\n \t<li>Minder frequent met drievoudige therapie\u00ebn<\/li>\r\n \t<li>Subcortico-frontale stoornissen<\/li>\r\n \t<li>Potentieel omkeerbaar<\/li>\r\n<\/ul>\r\n<h2>De Mythe van \"Seniele Dementie\": Een Gevaarlijk Idee Deconstrueren<\/h2>\r\n<h3>De Geschiedenis van een Verouderde Term<\/h3>\r\nHier is de waarheid die velen verrast en schokt: \"seniele dementie\" bestaat niet als moderne medische diagnose. Het is een verouderde term, een overblijfsel van een tijdperk waarin de geneeskunde hersenveroudering slecht begreep en ouderdom zelf pathologiseerde.\r\n<h3>Waarom Houdt Deze Term Stand in het Dagelijks Taalgebruik?<\/h3>\r\n<strong>Historische context en evolutie van kennis:<\/strong>\r\n\r\nVoor de jaren 1970 was de classificatie simplistisch en leeftijdsdiscriminerend:\r\n<ul>\r\n \t<li>\"Preseniele dementie\" (voor 65 jaar): beschouwd als pathologisch<\/li>\r\n \t<li>\"Seniele dementie\" (na 65 jaar): gezien als \"normale\" gevolg van veroudering<\/li>\r\n<\/ul>\r\nDit kunstmatige onderscheid was gebaseerd op het valse idee dat de hersenen onvermijdelijk achteruitgingen met de leeftijd. Men geloofde toen dat geheugen verliezen na 65 jaar net zo normaal was als grijs haar krijgen. Deze visie is volledig achterhaald en wetenschappelijk onjuist.\r\n\r\n<strong>Ontdekkingen die alles veranderden:<\/strong>\r\n\r\nIn de jaren 1960-1970 revolutioneerden verschillende ontdekkingen ons begrip:\r\n<ul>\r\n \t<li>Het werk van Dr. Alois Alzheimer werd herontdekt en begrepen<\/li>\r\n \t<li>Anatomopathologische studies toonden dat laesies identiek waren ongeacht leeftijd<\/li>\r\n \t<li>Bevolkingsstudies toonden aan dat veel honderdjarigen hun cognitieve vaardigheden intact hielden<\/li>\r\n \t<li>Hersenbeeldvorming onthulde dat normale veroudering en dementie fundamenteel verschillend waren<\/li>\r\n<\/ul>\r\n<h3>De Concrete Gevaren van Deze Term<\/h3>\r\nHet gebruik van \"seniele dementie\" is niet alleen een woordkeuze-fout. Het is een fout met potentieel dramatische gevolgen:\r\n\r\n<strong>1. Het normaliseert het abnormale en vertraagt diagnose:<\/strong>\r\n<ul>\r\n \t<li>\"Het is normaal op zijn leeftijd\" = consultatie gemiddeld 2-3 jaar uitgesteld<\/li>\r\n \t<li>Verlies van optimaal therapeutisch venster<\/li>\r\n \t<li>Vermijdbare verergering van symptomen<\/li>\r\n \t<li>\"Als ik had geweten dat het niet normaal was, had ik eerder geconsulteerd\" \u2013 frequent familieverdriet<\/li>\r\n<\/ul>\r\n<strong>2. Het ontneemt specifieke behandelingen:<\/strong>\r\n<ul>\r\n \t<li>Elk type dementie heeft zijn therapeutische bijzonderheden<\/li>\r\n \t<li>Sommige medicijnen effectief voor de ene zijn gevaarlijk voor de andere<\/li>\r\n \t<li>Niet-farmacologische benaderingen verschillen per type<\/li>\r\n<\/ul>\r\n<strong>3. Het stigmatiseert dubbel:<\/strong>\r\n<ul>\r\n \t<li>Associatie ouderdom = onvermijdelijk verval<\/li>\r\n \t<li>Therapeutisch fatalisme (\"er kan niets gedaan worden\")<\/li>\r\n \t<li>Verwoestende psychologische impact op persoon en familie<\/li>\r\n<\/ul>\r\n<strong>4. Het verhindert zoeken naar omkeerbare oorzaken:<\/strong>\r\n<ul>\r\n \t<li>10-15% van \"dementies\" zijn omkeerbaar<\/li>\r\n \t<li>Het \"seniele\" label stopt onderzoek<\/li>\r\n \t<li>Tragische gevallen van mensen ge\u00efnstitutionaliseerd voor simpel B12-tekort<\/li>\r\n<\/ul>\r\n<em>Getuigenis van Dr. Martin, neuroloog met 30 jaar ervaring:<\/em> \"Wanneer families me vertellen 'het is gewoon seniele dementie', krimpt mijn hart ineen. Ik weet dat we kostbare tijd hebben verloren. Achter deze verzamelterm schuilt altijd een specifieke pathologie die ge\u00efdentificeerd moet worden. Ik heb pati\u00ebnten gezien die 'seniel' werden bestempeld en hun vaardigheden terugkregen na behandeling van hydrocephalus of ernstige depressie. Elke keer dat ik deze term hoor, denk ik aan al degenen die we hadden kunnen helpen als we naar de echte oorzaak hadden gezocht.\"\r\n<h3>Normale vs Pathologische Veroudering: Leren Onderscheiden<\/h3>\r\n<strong>Wat is normaal met de leeftijd:<\/strong>\r\n<ul>\r\n \t<li>Vertraging van verwerkingssnelheid (meer tijd nodig)<\/li>\r\n \t<li>Moeilijkheid met multitasking<\/li>\r\n \t<li>Behoefte aan meer concentratie om te leren<\/li>\r\n \t<li>Occasioneel vergeten met herstel<\/li>\r\n \t<li>\"Woord op het puntje van de tong\" fenomeen frequenter<\/li>\r\n<\/ul>\r\n<strong>Wat is NIET normaal:<\/strong>\r\n<ul>\r\n \t<li>Vergeten van hele gebeurtenissen<\/li>\r\n \t<li>Desori\u00ebntatie op vertrouwde plaatsen<\/li>\r\n \t<li>Uitgesproken persoonlijkheidsveranderingen<\/li>\r\n \t<li>Onvermogen om een gesprek te volgen<\/li>\r\n \t<li>Verlies van autonomie in dagelijkse activiteiten<\/li>\r\n<\/ul>\r\n<h2>Hoe Alzheimer van Andere Dementies te Onderscheiden: Gedetailleerde Praktische Gids<\/h2>\r\nHet herkennen van het specifieke type dementie is cruciaal voor aangepaste begeleiding. Hier is een diepgaande gids van belangrijke aanwijzingen:\r\n<h3>Aanwijzingen die Sterk Suggereren dat het Alzheimer is<\/h3>\r\n<strong>Typische initi\u00eble presentatie:<\/strong>\r\n<ul>\r\n \t<li>Extreem geleidelijk begin: Families zeggen vaak \"nu we erover nadenken, misschien was er al 3-4 jaar iets niet goed\"<\/li>\r\n \t<li>Predominante geheugenklacht: \"Ik verlies alles\", \"Ik onthoud niets meer\"<\/li>\r\n \t<li>Progressieve anosognosie: Minimalisering dan ontkenning van problemen<\/li>\r\n \t<li>Initi\u00eble angst: Pijnlijk bewustzijn van moeilijkheden bij begin<\/li>\r\n<\/ul>\r\n<strong>Karakteristiek cognitief patroon:<\/strong>\r\n<ul>\r\n \t<li>Episodisch geheugen eerst aangetast (recente gebeurtenissen)<\/li>\r\n \t<li>Semantisch geheugen lang behouden (algemene kennis)<\/li>\r\n \t<li>Taal: woordvindingsproblemen dan omschrijvingen<\/li>\r\n \t<li>Ori\u00ebntatie: temporeel dan ruimtelijk<\/li>\r\n \t<li>Herkenning van naasten behouden tot gevorderd stadium<\/li>\r\n<\/ul>\r\n<strong>Stereotiepe evolutie:<\/strong>\r\n<ul>\r\n \t<li>Prodromale fase (MCI): 2-5 jaar<\/li>\r\n \t<li>Lichte fase: globale autonomie behouden<\/li>\r\n \t<li>Matige fase: hulp nodig voor complexe activiteiten<\/li>\r\n \t<li>Ernstige fase: afhankelijkheid voor basisactiviteiten<\/li>\r\n<\/ul>\r\n<strong>Typische aanvullende onderzoeken:<\/strong>\r\n<ul>\r\n \t<li>MRI: bilaterale hippocampale atrofie<\/li>\r\n \t<li>Amylo\u00efde PET: diffuse positiviteit<\/li>\r\n \t<li>CSF: karakteristiek AT(N)+ profiel<\/li>\r\n \t<li>Neuropsychologie: hippocampaal profiel<\/li>\r\n<\/ul>\r\n<h3>Aanwijzingen die Vasculaire Dementie Suggereren<\/h3>\r\n<strong>Context en risicofactoren:<\/strong>\r\n<ul>\r\n \t<li>Zware cardiovasculaire voorgeschiedenis<\/li>\r\n \t<li>Slecht gecontroleerde hypertensie jarenlang<\/li>\r\n \t<li>Diabetes, dyslipidemie, roken<\/li>\r\n \t<li>Identificeerbare vasculaire gebeurtenis<\/li>\r\n<\/ul>\r\n<strong>Klinische presentatie:<\/strong>\r\n<ul>\r\n \t<li>Meer abrupt begin: \"Sinds zijn beroerte in februari...\"<\/li>\r\n \t<li>Stepwise evolutie: Plateaus onderbroken door verslechteringen<\/li>\r\n \t<li>Predominante dysexecutieve stoornissen: Planningsmoeilijkheden, oordeelsvermogen<\/li>\r\n \t<li>Uitgesproken psychomotorische vertraging<\/li>\r\n<\/ul>\r\n<strong>Geassocieerde neurologische tekenen:<\/strong>\r\n<ul>\r\n \t<li>Vroege loopproblemen (kleine stapjes, \"magnetische\" gang)<\/li>\r\n \t<li>Pseudobulbaire tekenen (spastisch lachen en huilen)<\/li>\r\n \t<li>Focale tekenen (hemiparese, afasie volgens territorium)<\/li>\r\n \t<li>Lacunair syndroom (dysartrie, onhandigheid)<\/li>\r\n<\/ul>\r\n<strong>Cognitief profiel:<\/strong>\r\n<ul>\r\n \t<li>Predominante frontaal-subcorticale aantasting<\/li>\r\n \t<li>Geheugen: herroepingsmoeilijkheden > codering<\/li>\r\n \t<li>Zeer vertraagde verwerkingssnelheid<\/li>\r\n \t<li>Fluctuerende aandacht<\/li>\r\n<\/ul>\r\n<h3>Aanwijzingen die Dementie met Lewy-lichaampjes Suggereren<\/h3>\r\n<strong>Centrale diagnostische triade:<\/strong>\r\n\r\n<strong>Grote cognitieve fluctuaties:<\/strong>\r\n<ul>\r\n \t<li>Variaties binnen de dag of zelfs van uur tot uur<\/li>\r\n \t<li>Episodes van verwarring afgewisseld met helderheid<\/li>\r\n \t<li>Onverklaarbare overdadige dagslaperigheid<\/li>\r\n \t<li>\"Het is alsof er twee verschillende personen zijn\"<\/li>\r\n<\/ul>\r\n<strong>Terugkerende visuele hallucinaties:<\/strong>\r\n<ul>\r\n \t<li>Zeer gedetailleerd en gevormd (personen, dieren)<\/li>\r\n \t<li>Vaak kinderen of kleine mensen<\/li>\r\n \t<li>Soms behouden inzicht (\"ik weet dat het niet echt is maar ik zie ze\")<\/li>\r\n \t<li>Over het algemeen aanvankelijk niet bedreigend<\/li>\r\n<\/ul>\r\n<strong>Spontaan parkinsonisme:<\/strong>\r\n<ul>\r\n \t<li>Rigiditeit > tremor<\/li>\r\n \t<li>Vroege posturale instabiliteit<\/li>\r\n \t<li>Herhaalde onverklaarbare vallen<\/li>\r\n \t<li>Hypomimie (strak gezicht)<\/li>\r\n<\/ul>\r\n<strong>Belangrijke ondersteunende tekenen:<\/strong>\r\n<ul>\r\n \t<li>REM-slaapgedragsstoornissen (gaan 5-10 jaar vooraf)<\/li>\r\n \t<li>Ernstige overgevoeligheid voor neuroleptica<\/li>\r\n \t<li>Dysautonomie (orthostatische hypotensie, urinaire stoornissen)<\/li>\r\n \t<li>Hyposmie (verlies van reukzin)<\/li>\r\n<\/ul>\r\n<h3>Aanwijzingen die Frontotemporale Dementie Suggereren<\/h3>\r\n<strong>Vroege en uitgesproken gedragsveranderingen:<\/strong>\r\n<ul>\r\n \t<li>Flagrante sociale disinhibitie<\/li>\r\n \t<li>Stereotiepe of geritualiseerde gedragingen<\/li>\r\n \t<li>Hyperoraliteit (in de mond stoppen, voedingsveranderingen)<\/li>\r\n \t<li>Apathie of daarentegen improductieve hyperactiviteit<\/li>\r\n \t<li>Verlies van empathie en sociaal bewustzijn<\/li>\r\n<\/ul>\r\n<strong>Bijzonder neuropsychologisch profiel:<\/strong>\r\n<ul>\r\n \t<li>Relatief behouden episodisch geheugen<\/li>\r\n \t<li>Grote uitvoerende stoornissen<\/li>\r\n \t<li>Taalstoornissen (volgens variant)<\/li>\r\n \t<li>Verwaarlozing van persoonlijke hygi\u00ebne<\/li>\r\n<\/ul>\r\n<strong>Suggestieve context:<\/strong>\r\n<ul>\r\n \t<li>Vroeg begin (45-65 jaar)<\/li>\r\n \t<li>Familiegeschiedenis in 30-40% van gevallen<\/li>\r\n \t<li>Snellere evolutie dan Alzheimer<\/li>\r\n \t<li>Vaak initi\u00eble verkeerde psychiatrische diagnose<\/li>\r\n<\/ul>\r\n<h2>Waarom de Juiste Diagnose Absoluut Cruciaal is<\/h2>\r\nEen precieze diagnose is niet alleen intellectuele bevrediging of een vakje om aan te kruisen. Het is de sleutel die de deur opent naar juiste zorg en kan letterlijk het verloop van de ziekte en de levenskwaliteit veranderen.\r\n<h3>1. Farmacologische Behandeling: Soms een Kwestie van Leven of Dood<\/h3>\r\n<strong>Voor Alzheimer:<\/strong>\r\n<ul>\r\n \t<li>Cholinesterase-remmers (donepezil, rivastigmine, galantamine): bescheiden maar re\u00eble werkzaamheid<\/li>\r\n \t<li>Memantine voor matige tot ernstige stadia<\/li>\r\n \t<li>Nieuwe monoklonale antilichamen (aducanumab, lecanemab): controversieel maar veelbelovend<\/li>\r\n \t<li>Klinische trials: mogelijke toegang bij vroege en bevestigde diagnose<\/li>\r\n<\/ul>\r\n<strong>Voor vasculaire dementie:<\/strong>\r\n<ul>\r\n \t<li>Geen specifieke behandeling van dementie zelf<\/li>\r\n \t<li>Agressieve controle van cardiovasculaire risicofactoren cruciaal<\/li>\r\n \t<li>Antitrombotische middelen of anticoagulantia volgens etiologie<\/li>\r\n \t<li>Statines, ACE-remmers, b\u00e8tablokkers volgens profiel<\/li>\r\n \t<li>Cognitieve en fysieke revalidatie<\/li>\r\n<\/ul>\r\n<strong>Voor dementie met Lewy-lichaampjes:<\/strong>\r\n<ul>\r\n \t<li>Rivastigmine: enige specifiek goedgekeurde behandeling<\/li>\r\n \t<li>NOOIT typische neuroleptica (haloperidol = dodelijk gevaar)<\/li>\r\n \t<li>Indien nodig: quetiapine in lage dosis of clozapine<\/li>\r\n \t<li>Melatonine voor slaapstoornissen<\/li>\r\n \t<li>Voorzichtige L-DOPA bij invaliderende parkinsonisme<\/li>\r\n<\/ul>\r\n<strong>Voor frontotemporale dementie:<\/strong>\r\n<ul>\r\n \t<li>Geen curatieve behandeling<\/li>\r\n \t<li>SSRI's voor gedragsstoornissen<\/li>\r\n \t<li>Vermijd cholinesterase-remmers (kunnen verergeren)<\/li>\r\n \t<li>Essenti\u00eble gedragsbenaderingen<\/li>\r\n \t<li>Intensieve familieondersteuning<\/li>\r\n<\/ul>\r\n<h3>2. Verwachte Evolutie: Anticiperen voor Betere Begeleiding<\/h3>\r\n<strong>Typische trajecten:<\/strong>\r\n\r\n<strong>Alzheimer:<\/strong>\r\n<ul>\r\n \t<li>Langzame en relatief voorspelbare progressie<\/li>\r\n \t<li>Gemiddelde duur: 8-12 jaar (3-20 jaar volgens gevallen)<\/li>\r\n \t<li>Cognitieve achteruitgang van 3-4 MMSE-punten\/jaar<\/li>\r\n \t<li>Goed gedefinieerde fasen die anticipatie mogelijk maken<\/li>\r\n<\/ul>\r\n<strong>Vasculair:<\/strong>\r\n<ul>\r\n \t<li>Onvoorspelbaar, hangt af van nieuwe gebeurtenissen<\/li>\r\n \t<li>Kan stabiliseren met goede vasculaire controle<\/li>\r\n \t<li>Of abrupt verslechteren (nieuwe beroerte)<\/li>\r\n \t<li>Mediane overleving: 5-7 jaar<\/li>\r\n<\/ul>\r\n<strong>Lewy-lichaampjes:<\/strong>\r\n<ul>\r\n \t<li>Evolutie over het algemeen sneller dan Alzheimer<\/li>\r\n \t<li>Gemiddelde duur: 5-8 jaar<\/li>\r\n \t<li>Fluctuaties maken prognose moeilijk<\/li>\r\n \t<li>Frequentere complicaties (vallen, longontstekingen)<\/li>\r\n<\/ul>\r\n<strong>Frontotemporaal:<\/strong>\r\n<ul>\r\n \t<li>Variabele evolutie volgens variant<\/li>\r\n \t<li>Over het algemeen sneller: 6-8 jaar<\/li>\r\n \t<li>Variant met ALS: 2-3 jaar<\/li>\r\n \t<li>Institutionalisering vaak vroeger<\/li>\r\n<\/ul>\r\n<h3>3. Begeleidingsstrategie\u00ebn: De Benadering Personaliseren<\/h3>\r\nElk type dementie vereist specifieke aanpassingen die het hele verschil maken:\r\n\r\n<strong>Benadering voor Alzheimer:<\/strong>\r\n<ul>\r\n \t<li>Omgeving: Strikte routines, alomtegenwoordige visuele referenties<\/li>\r\n \t<li>Communicatie: Eenvoudige zinnen, \u00e9\u00e9n idee tegelijk<\/li>\r\n \t<li>Activiteiten: Zachte cognitieve stimulatie, reminiscentie<\/li>\r\n \t<li>Beheer: Anticipatie van fasen, langetermijnplanning<\/li>\r\n \t<li>Ondersteuning: Praatgroepen, mantelzorgertraining<\/li>\r\n<\/ul>\r\n<strong>Benadering voor vasculaire dementie:<\/strong>\r\n<ul>\r\n \t<li>Preventie: Dagelijkse bloeddrukmonitoring<\/li>\r\n \t<li>Revalidatie: Intensieve fysiotherapie, ergotherapie<\/li>\r\n \t<li>Aanpassing: Veilige omgeving (steunen, antislip)<\/li>\r\n \t<li>Waakzaamheid: Beroertetekenen (FAST: Face, Arms, Speech, Time)<\/li>\r\n \t<li>Stimulatie: Cognitieve oefeningen gericht op aandacht<\/li>\r\n<\/ul>\r\n<strong>Benadering voor Lewy-lichaampjes:<\/strong>\r\n<ul>\r\n \t<li>Nachtelijke veiligheid: Bedhekken, matras op grond<\/li>\r\n \t<li>Hallucinatiebeheer: Validatie zonder confrontatie<\/li>\r\n \t<li>Verlichting: Permanente nachtlampjes, schaduwen vermijden<\/li>\r\n \t<li>Medicijnen: Lijst van contra-indicaties zichtbaar<\/li>\r\n \t<li>Activiteiten: Rustgevend, weinig stimulerend, geritualiseerd<\/li>\r\n<\/ul>\r\n<strong>Benadering voor frontotemporaal:<\/strong>\r\n<ul>\r\n \t<li>Supervisie: Constant voor risicogedrag<\/li>\r\n \t<li>Structuur: Rigide routine, vereenvoudigde omgeving<\/li>\r\n \t<li>Communicatie: Direct, concreet, geen abstractie<\/li>\r\n \t<li>Gedragsbeheer: Omleidingstechnieken<\/li>\r\n \t<li>Familieondersteuning: Intensief, vaak familietherapie<\/li>\r\n<\/ul>\r\n<h2>Het Moderne Diagnostische Proces: Een Gemarkeerd maar Complex Traject<\/h2>\r\nAls u dementie vermoedt bij een dierbare, zal het begrijpen van het diagnostische traject u helpen zich beter voor te bereiden en er het maximale uit te halen.\r\n<h3>1. De Initi\u00eble Consultatie: De Toegangspoort<\/h3>\r\n<strong>Essenti\u00eble voorbereiding:<\/strong>\r\n<ul>\r\n \t<li>Een symptoomdagboek bijhouden gedurende enkele weken<\/li>\r\n \t<li>Medicijnen noteren (alle, ook zelfmedicatie)<\/li>\r\n \t<li>Medische voorgeschiedenis verzamelen<\/li>\r\n \t<li>Indien mogelijk, de persoon begeleiden (cruciaal getuigenis)<\/li>\r\n<\/ul>\r\n<strong>Wat de huisarts zal doen:<\/strong>\r\n<ul>\r\n \t<li>Gedetailleerde anamnese (ziektegeschiedenis)<\/li>\r\n \t<li>Algemeen klinisch onderzoek<\/li>\r\n \t<li>Eenvoudige cognitieve tests (MMSE, kloktest)<\/li>\r\n \t<li>Basis biologische screening<\/li>\r\n \t<li>Doorverwijzing naar specialist indien nodig<\/li>\r\n<\/ul>\r\n<strong>Te vermijden valkuilen:<\/strong>\r\n<ul>\r\n \t<li>Symptomen minimaliseren uit loyaliteit<\/li>\r\n \t<li>Een vage diagnose accepteren<\/li>\r\n \t<li>Geen specialistische doorverwijzing vragen<\/li>\r\n<\/ul>\r\n<h3>2. Neuropsychologische Beoordeling: Deficits in Kaart Brengen<\/h3>\r\n<strong>Duur en verloop:<\/strong>\r\n<ul>\r\n \t<li>2 tot 4 uur evaluatie<\/li>\r\n \t<li>Rustige en welwillende omgeving<\/li>\r\n \t<li>Pauzes indien nodig<\/li>\r\n \t<li>Soms over meerdere sessies<\/li>\r\n<\/ul>\r\n<strong>Gedetailleerd ge\u00ebvalueerde domeinen:<\/strong>\r\n<ul>\r\n \t<li>Geheugen: episodisch, semantisch, werkgeheugen, procedureel<\/li>\r\n \t<li>Taal: expressie, begrip, benoemen<\/li>\r\n \t<li>Uitvoerende functies: planning, flexibiliteit, inhibitie<\/li>\r\n \t<li>Aandacht: volgehouden, verdeeld, selectief<\/li>\r\n \t<li>Praxie: gebaren, constructie<\/li>\r\n \t<li>Gnosie: visuele herkenning<\/li>\r\n \t<li>Verwerkingssnelheid<\/li>\r\n<\/ul>\r\n<strong>Verwachte resultaten:<\/strong>\r\n<ul>\r\n \t<li>Gedetailleerd cognitief profiel<\/li>\r\n \t<li>Vergelijking met normen (leeftijd, opleidingsniveau)<\/li>\r\n \t<li>Diagnostische hypothesen<\/li>\r\n \t<li>Aanbevelingen voor vervolgstappen<\/li>\r\n<\/ul>\r\n<h3>3. Aanvullende Onderzoeken: Het Onzichtbare Zien<\/h3>\r\n<strong>Hernen-MRI (systematisch):<\/strong>\r\n<ul>\r\n \t<li>Zoeken naar atrofie (hippocampus, cortex)<\/li>\r\n \t<li>Evaluatie van vasculaire belasting<\/li>\r\n \t<li>Uitsluiting van andere oorzaken (tumor, hydrocephalus)<\/li>\r\n \t<li>Specifieke sequenties volgens vermoeden<\/li>\r\n<\/ul>\r\n<strong>Biologische analyses (systematisch):<\/strong>\r\n<ul>\r\n \t<li>Bloedbeeld, elektrolyten, nier- en leverfunctie<\/li>\r\n \t<li>TSH, T4 (schildklier)<\/li>\r\n \t<li>Vitamine B12, folaten<\/li>\r\n \t<li>Serologie indien ge\u00efndiceerd (HIV, syfilis)<\/li>\r\n \t<li>Soms zoeken naar auto-antilichamen<\/li>\r\n<\/ul>\r\n<strong>Gespecialiseerde onderzoeken (geval per geval):<\/strong>\r\n\r\n<strong>PET-scan:<\/strong>\r\n<ul>\r\n \t<li>Amylo\u00efde (Alzheimer)<\/li>\r\n \t<li>FDG (metabolisme, FTD)<\/li>\r\n \t<li>Tau (onderzoek)<\/li>\r\n<\/ul>\r\n<strong>Lumbaalpunctie:<\/strong>\r\n<ul>\r\n \t<li>Alzheimer-biomarkers (A\u03b242, tau, p-tau)<\/li>\r\n \t<li>Uitsluiting van infecties, ontstekingen<\/li>\r\n<\/ul>\r\n<strong>EEG:<\/strong> Bij vermoeden van Creutzfeldt-Jakob of epilepsie\r\n\r\n<strong>DATscan:<\/strong> Onderscheid tussen Lewy-lichaampjes en Alzheimer\r\n\r\n<strong>Genetica:<\/strong> Bij vroeg begin of familiegeschiedenis\r\n<h3>4. Multidisciplinaire Synthese: Het Collegiaal Oordeel<\/h3>\r\n<strong>De actoren:<\/strong>\r\n<ul>\r\n \t<li>Neuroloog of geriater<\/li>\r\n \t<li>Neuropsycholoog<\/li>\r\n \t<li>Soms psychiater<\/li>\r\n \t<li>Paramedisch team<\/li>\r\n<\/ul>\r\n<strong>Het proces:<\/strong>\r\n<ul>\r\n \t<li>Samenbrengen van resultaten<\/li>\r\n \t<li>Diagnostische discussie<\/li>\r\n \t<li>Consensus over meest waarschijnlijke diagnose<\/li>\r\n \t<li>Gepersonaliseerd zorgplan<\/li>\r\n<\/ul>\r\n<strong>De diagnose-mededeling:<\/strong>\r\n<ul>\r\n \t<li>Cruciaal moment, niet haasten<\/li>\r\n \t<li>Aanwezigheid familie wenselijk<\/li>\r\n \t<li>Duidelijke maar empathische informatie<\/li>\r\n \t<li>Schriftelijke documenten overhandigen<\/li>\r\n \t<li>Doorverwijzing naar hulpbronnen<\/li>\r\n<\/ul>\r\n<h2>Omkeerbare Dementies: Hoop Bestaat Nog Steeds<\/h2>\r\n<h3>De Hoopgevende Realiteit<\/h3>\r\nOngeveer 10-15% van de dementiebeelden zijn potentieel omkeerbaar als ze op tijd behandeld worden. Deze statistiek zou systematisch grondig onderzoek moeten motiveren.\r\n<h3>Frequente Omkeerbare Oorzaken en hun Behandeling<\/h3>\r\n<strong>Normaaldruk hydrocephalus (NPH):<\/strong>\r\n<ul>\r\n \t<li>Klassieke triade: Loopproblemen + incontinentie + dementie<\/li>\r\n \t<li>Diagnose: MRI, aftappende punctie<\/li>\r\n \t<li>Behandeling: Ventriculo-peritoneale shunt<\/li>\r\n \t<li>Prognose: 60-80% verbetering bij vroege behandeling<\/li>\r\n \t<li><em>Getuigenis:<\/em> \"Na de shunt kreeg mijn vader 70% van zijn vaardigheden terug. Hij loopt weer, herkent iedereen. Het is een wonder.\"<\/li>\r\n<\/ul>\r\n<strong>Vitaminetekorten:<\/strong>\r\n\r\n<strong>B12 (cobalamine):<\/strong>\r\n<ul>\r\n \t<li>Frequent bij vegetari\u00ebrs, na maagoperaties, ouderen<\/li>\r\n \t<li>Beeld: dementie + anemie + neuropathie<\/li>\r\n \t<li>Behandeling: wekelijkse dan maandelijkse IM-injecties<\/li>\r\n \t<li>Herstel: 50-80% bij behandeling < 6 maanden<\/li>\r\n<\/ul>\r\n<strong>B1 (thiamine):<\/strong>\r\n<ul>\r\n \t<li>Alcoholisme, ondervoeding<\/li>\r\n \t<li>Wernicke-Korsakoff-syndroom<\/li>\r\n \t<li>Therapeutische spoedgeval<\/li>\r\n<\/ul>\r\n<strong>B9 (folaten), D:<\/strong> Eenvoudige supplementatie\r\n\r\n<strong>Schildklierstoornissen:<\/strong>\r\n\r\n<strong>Hypothyreo\u00efdie:<\/strong>\r\n<ul>\r\n \t<li>5% van \"dementies\" bij > 65 jaar<\/li>\r\n \t<li>Globale vertraging, pseudo-dementie<\/li>\r\n \t<li>Levothyroxine: verbetering in 3-6 maanden<\/li>\r\n<\/ul>\r\n<strong>Hyperthyreo\u00efdie:<\/strong> Zeldzamer, verwarring, agitatie\r\n\r\n<strong>Medicamenteuze oorzaken:<\/strong>\r\n<ul>\r\n \t<li>Anticholinerge middelen: Zeer frequent, cumulatief effect<\/li>\r\n \t<li>Benzodiazepinen: Verwarring, geheugenverlies<\/li>\r\n \t<li>Anti-epileptica, antidepressiva<\/li>\r\n \t<li>Polyfarmacie: Meerdere interacties<\/li>\r\n \t<li>Oplossing: Medicatieherziene, geleidelijke ontschasking<\/li>\r\n<\/ul>\r\n<strong>Ernstige depressie (pseudo-dementie):<\/strong>\r\n<ul>\r\n \t<li>10-20% van initi\u00eble \"dementies\"<\/li>\r\n \t<li>Grote psychomotorische vertraging<\/li>\r\n \t<li>Cognitieve klachten > objectieve deficits<\/li>\r\n \t<li>Antidepressiva + psychotherapie: mogelijke remissie<\/li>\r\n<\/ul>\r\n<strong>Chronische infecties:<\/strong>\r\n<ul>\r\n \t<li>Neurosyfilis (zeldzaam maar geneeslijk)<\/li>\r\n \t<li>HIV (geassocieerde dementie)<\/li>\r\n \t<li>Chronische Lyme-ziekte (controversieel)<\/li>\r\n<\/ul>\r\n<strong>Hersentumoren:<\/strong>\r\n<ul>\r\n \t<li>Frontale meningeomen<\/li>\r\n \t<li>Laaggradige gliomen<\/li>\r\n \t<li>Chirurgie\/radiotherapie volgens geval<\/li>\r\n<\/ul>\r\n<em>Gedocumenteerd hoopverhaal:<\/em> \"Mijn 78-jarige moeder had 18 maanden lang alle symptomen van Alzheimer. MMSE op 18\/30, desori\u00ebntatie, apathie. Het onderzoek onthulde een diep B12-tekort (50 pg\/ml). Na 3 maanden wekelijkse, dan maandelijkse injecties, herstelde ze 80% van haar vaardigheden. MMSE op 27\/30. Ze woont weer alleen, beheert haar rekeningen, rijdt auto. Als we de diagnose 'seniele dementie' hadden geaccepteerd, zou ze vandaag in een instelling zitten.\" \u2013 Paul, 52 jaar\r\n<h2>Leven met de Diagnose: Voorbij de Mededeling<\/h2>\r\n<h3>De Impact van de Mededeling<\/h3>\r\nWelk type dementie ook gediagnosticeerd wordt, de mededeling vormt een existenti\u00eble aardbeving die alle referentiepunten verstoort.\r\n<h3>Wat de Diagnose Concreet Mogelijk Maakt<\/h3>\r\n<strong>Eindelijk uit de onzekerheid komen:<\/strong>\r\n<ul>\r\n \t<li>Een naam geven aan symptomen kalmeert paradoxaal genoeg<\/li>\r\n \t<li>Einde van uitputtende medische omzwervingen<\/li>\r\n \t<li>Validatie van familieobservaties<\/li>\r\n \t<li>\"Tenminste weten we nu waartegen we vechten\"<\/li>\r\n<\/ul>\r\n<strong>De toekomst plannen met helderheid:<\/strong>\r\n<ul>\r\n \t<li>Waarschijnlijke evolutie anticiperen<\/li>\r\n \t<li>Wilsbeschikkingen zolang mogelijk<\/li>\r\n \t<li>Juridische bescherming (bewindvoering, mentorschap)<\/li>\r\n \t<li>Financi\u00eble organisatie<\/li>\r\n \t<li>Keuze van woonplek<\/li>\r\n<\/ul>\r\n<strong>De omgeving specifiek aanpassen:<\/strong>\r\n<ul>\r\n \t<li>Gerichte aanpassingen volgens type<\/li>\r\n \t<li>Juiste technische hulpmiddelen<\/li>\r\n \t<li>Gepersonaliseerde beveiliging<\/li>\r\n \t<li>Aangepaste stimulatie<\/li>\r\n<\/ul>\r\n<strong>Toegang tot bestaande hulp:<\/strong>\r\n<ul>\r\n \t<li>Wmo\/Wlz-voorzieningen<\/li>\r\n \t<li>Dagopvang, tijdelijke opname<\/li>\r\n \t<li>Thuiszorgdiensten<\/li>\r\n \t<li>Gespecialiseerde ondersteuningsnetwerken<\/li>\r\n \t<li>Mantelzorgertraining<\/li>\r\n<\/ul>\r\n<strong>Therapeutische trials<\/strong>\r\n\r\n<strong>Menselijke waardigheid behouden:<\/strong>\r\n<ul>\r\n \t<li>Begrijpen dat het een ziekte is, geen falen<\/li>\r\n \t<li>Identiteit van persoon behouden<\/li>\r\n \t<li>Hun keuzes respecteren zolang mogelijk<\/li>\r\n \t<li>Infantilisering vermijden<\/li>\r\n<\/ul>\r\n<h3>Tragische Fouten die Absoluut Vermeden Moeten Worden<\/h3>\r\n<strong>Niet consulteren onder voorwendsel dat \"het normaal is op zijn leeftijd\":<\/strong>\r\n<ul>\r\n \t<li>Verlies van kostbare tijd<\/li>\r\n \t<li>Vermijdbare verslechtering<\/li>\r\n \t<li>Gemiste therapeutische kansen<\/li>\r\n<\/ul>\r\n<strong>Een vage diagnose als \"seniele dementie\" accepteren:<\/strong>\r\n<ul>\r\n \t<li>Berooft van specifieke zorg<\/li>\r\n \t<li>Houdt in onwetendheid<\/li>\r\n \t<li>Verhindert juiste aanpassing<\/li>\r\n<\/ul>\r\n<strong>Geen tweede mening vragen bij twijfel:<\/strong>\r\n<ul>\r\n \t<li>20-30% van diagnoses zijn fout of onvolledig<\/li>\r\n \t<li>Variabele expertise volgens centra<\/li>\r\n \t<li>Totale legitimiteit om bevestiging te zoeken<\/li>\r\n<\/ul>\r\n<strong>De diagnose verbergen voor betrokkene:<\/strong>\r\n<ul>\r\n \t<li>Recht om te weten (behalve uitzonderingen)<\/li>\r\n \t<li>Mogelijkheid om deel te nemen aan beslissingen<\/li>\r\n \t<li>Respect voor autonomie<\/li>\r\n \t<li>Psychologische voorbereiding<\/li>\r\n<\/ul>\r\n<strong>Alle hoop opgeven:<\/strong>\r\n<ul>\r\n \t<li>Elk type dementie heeft zijn mogelijkheden<\/li>\r\n \t<li>Levenskwaliteit altijd mogelijk<\/li>\r\n \t<li>Momenten van vreugde behouden<\/li>\r\n \t<li>Affectieve banden gehandhaafd<\/li>\r\n<\/ul>\r\n<h2>Het Vitale Belang van Aangepaste Begeleiding<\/h2>\r\n<h3>Waarom Specificiteit Cruciaal is<\/h3>\r\nElk type dementie vereist een radicaal verschillende benadering. Wat helpt in het ene geval kan schaden in het andere. Generieke \"\u00e9\u00e9n maat past alle\" begeleiding is gedoemd te mislukken.\r\n<h3>Gedetailleerde Concrete Voorbeelden per Pathologie<\/h3>\r\n<strong>Voor Alzheimer \u2013 Compensatie- en Routinestrategie:<\/strong>\r\n\r\n<strong>Omgeving:<\/strong>\r\n<ul>\r\n \t<li>Absoluut strikte routines handhaven (opstaan 8u, ontbijt 8u30...)<\/li>\r\n \t<li>Grote kalender met slechts \u00e9\u00e9n zichtbare dag<\/li>\r\n \t<li>Gelabelde foto's op alle kasten<\/li>\r\n \t<li>Voorwerpen altijd op dezelfde plaats<\/li>\r\n \t<li>Geleidelijke eliminatie van keuzes (max 2 outfits)<\/li>\r\n<\/ul>\r\n<strong>Communicatie:<\/strong>\r\n<ul>\r\n \t<li>\u00c9\u00e9n instructie tegelijk<\/li>\r\n \t<li>Herhaling zonder ergernis<\/li>\r\n \t<li>Validatie van emoties (\"Ik zie dat je bezorgd bent\")<\/li>\r\n \t<li>Open vragen vermijden<\/li>\r\n \t<li>Aanraking en oogcontact gebruiken<\/li>\r\n<\/ul>\r\n<strong>Therapeutische activiteiten:<\/strong>\r\n<ul>\r\n \t<li>Chronologische fotoalbums<\/li>\r\n \t<li>Muziek uit hun jeugd<\/li>\r\n \t<li>Geruststellende repetitieve activiteiten (was vouwen)<\/li>\r\n \t<li>Eenvoudig tuinieren<\/li>\r\n \t<li>Aanwezigheid van dieren<\/li>\r\n<\/ul>\r\n<strong>Voor vasculaire dementie \u2013 Preventie en revalidatie:<\/strong>\r\n\r\n<strong>Medische bewaking:<\/strong>\r\n<ul>\r\n \t<li>Bloeddruk 2x\/dag met logboek<\/li>\r\n \t<li>Strikte medicijntrouw<\/li>\r\n \t<li>Beroerte-waarschuwingssignalen opgehangen<\/li>\r\n \t<li>Noodnummer zichtbaar<\/li>\r\n<\/ul>\r\n<strong>Intensieve revalidatie:<\/strong>\r\n<ul>\r\n \t<li>Dagelijkse fysiotherapie<\/li>\r\n \t<li>Logopedie bij taalproblemen<\/li>\r\n \t<li>Ergotherapie voor autonomie<\/li>\r\n \t<li>Gerichte cognitieve stimulatie<\/li>\r\n<\/ul>\r\n<strong>Specifieke aanpassingen:<\/strong>\r\n<ul>\r\n \t<li>Overal steunbalken<\/li>\r\n \t<li>Antislipvloer<\/li>\r\n \t<li>Rollator indien nodig<\/li>\r\n \t<li>Douchestoel<\/li>\r\n \t<li>Toiletverhoger<\/li>\r\n<\/ul>\r\n<strong>Voor Lewy-lichaampjes \u2013 Veiligheid en validatie:<\/strong>\r\n\r\n<strong>Hallucinatiebeheer:<\/strong>\r\n<ul>\r\n \t<li>Nooit confronteren (\"Het is niet echt!\")<\/li>\r\n \t<li>Emotie valideren (\"Dat moet verontrustend zijn\")<\/li>\r\n \t<li>Aandacht zacht omleiden<\/li>\r\n \t<li>Verlichting verbeteren<\/li>\r\n \t<li>Schaduwen en reflecties elimineren<\/li>\r\n<\/ul>\r\n<strong>Nachtelijke veiligheid:<\/strong>\r\n<ul>\r\n \t<li>Matras op grond bij vallen<\/li>\r\n \t<li>Aangepaste bedhekken<\/li>\r\n \t<li>Permanente nachtverlichting<\/li>\r\n \t<li>Verlicht pad naar toilet<\/li>\r\n \t<li>Videobewaking indien nodig<\/li>\r\n<\/ul>\r\n<strong>Medicijnvoorzorgen:<\/strong>\r\n<ul>\r\n \t<li>Lijst van verboden medicijnen op koelkast<\/li>\r\n \t<li>Medische alarmarmband<\/li>\r\n \t<li>Informatie aan alle verzorgers<\/li>\r\n \t<li>Referentieapotheker ge\u00efnformeerd<\/li>\r\n<\/ul>\r\n<strong>Voor frontotemporaal \u2013 Structuur en toezicht:<\/strong>\r\n\r\n<strong>Gedragsbeheer:<\/strong>\r\n<ul>\r\n \t<li>Kleine ongepaste gedragingen negeren<\/li>\r\n \t<li>Omleiding zonder confrontatie<\/li>\r\n \t<li>Sobere omgeving (minder prikkels)<\/li>\r\n \t<li>Fysieke activiteiten om te kanaliseren<\/li>\r\n \t<li>Onbuigzame routine<\/li>\r\n<\/ul>\r\n<strong>Constant toezicht:<\/strong>\r\n<ul>\r\n \t<li>Nooit alleen in het openbaar<\/li>\r\n \t<li>Kaart in zak met contactgegevens<\/li>\r\n \t<li>GPS-tracker bij weglopen<\/li>\r\n \t<li>Maximale thuisbeveiliging<\/li>\r\n \t<li>Soms zachte fixatie nodig<\/li>\r\n<\/ul>\r\n<strong>Aangepaste communicatie:<\/strong>\r\n<ul>\r\n \t<li>Zeer korte en concrete zinnen<\/li>\r\n \t<li>Geen ironie of dubbelzinnigheid<\/li>\r\n \t<li>Directe instructies<\/li>\r\n \t<li>Complexe uitleg vermijden<\/li>\r\n \t<li>Afleiding gebruiken in plaats van redeneren<\/li>\r\n<\/ul>\r\n<h2>Wanneer het Onderscheid Onduidelijk Blijft: Navigeren in Onzekerheid<\/h2>\r\n<h3>De Frustrerende maar Frequente Realiteit<\/h3>\r\nIn 20-30% van de gevallen blijft het exacte type dementie onduidelijk ondanks alle onderzoeken, vooral in vroege stadia. Deze grijze zone is frustrerend maar mag actie niet verlammen.\r\n<h3>Strategie\u00ebn in Diagnostische Onzekerheid<\/h3>\r\n<strong>Actieve en gedocumenteerde bewaking:<\/strong>\r\n<ul>\r\n \t<li>Gedetailleerd symptoomdagboek bijhouden<\/li>\r\n \t<li>Video's van bijzondere episodes (met toestemming)<\/li>\r\n \t<li>Maandelijk overzicht van behouden\/verloren vaardigheden<\/li>\r\n \t<li>Evolutie verduidelijkt vaak de diagnose<\/li>\r\n<\/ul>\r\n<strong>Pragmatische en voorzichtige benadering:<\/strong>\r\n<ul>\r\n \t<li>Aanwezige symptomen behandelen<\/li>\r\n \t<li>Potentieel gevaarlijke medicijnen vermijden<\/li>\r\n \t<li>Niet-farmacologische benaderingen prioriteit<\/li>\r\n \t<li>Voorzichtig trial-and-error gedocumenteerd<\/li>\r\n<\/ul>\r\n<strong>Regelmatige geprogrammeerde heroverweging:<\/strong>\r\n<ul>\r\n \t<li>Neuropsychologische beoordeling elke 6-12 maanden<\/li>\r\n \t<li>Jaarlijkse controle-MRI<\/li>\r\n \t<li>Diagnose-aanpassing bij nieuwe elementen<\/li>\r\n \t<li>Tweede mening na 12-18 maanden bij aanhoudende twijfel<\/li>\r\n<\/ul>\r\n<strong>Minutieuze documentatie:<\/strong>\r\n<ul>\r\n \t<li>Dagelijks logboek<\/li>\r\n \t<li>Gedateerde foto's\/video's<\/li>\r\n \t<li>Gecentraliseerde medische rapporten<\/li>\r\n \t<li>Delen met alle betrokkenen<\/li>\r\n<\/ul>\r\n<h3>Maria's Voorbeeld: Een Evoluerende Diagnose<\/h3>\r\n\"Mijn moeder werd eerst gediagnosticeerd met Alzheimer. Toen verschenen hallucinaties: diagnose gewijzigd naar Lewy-lichaampjes. Een jaar later, een kleine beroerte: we spreken nu over gemengde dementie. Het is destabiliserend, maar tenminste passen we de behandeling aan naarmate we meer weten. Het belangrijke is niet DE absolute waarheid te hebben, maar ons best te doen met wat we weten in elke fase.\"\r\n<h2>De Boodschap van Hoop: Voorbij de Diagnose<\/h2>\r\n<h3>Wat Altijd Mogelijk Blijft<\/h3>\r\nOf uw dierbare lijdt aan Alzheimer, vasculaire dementie, Lewy-lichaampjes of anders, bepaalde universele waarheden brengen hoop en richting:\r\n\r\n<strong>Elke persoon blijft uniek:<\/strong>\r\n<ul>\r\n \t<li>Statistieken zijn slechts gemiddelden<\/li>\r\n \t<li>Positieve verrassingen gebeuren<\/li>\r\n \t<li>Menselijke veerkracht verbaast altijd<\/li>\r\n \t<li>Liefde overstijgt ziekte<\/li>\r\n<\/ul>\r\n<strong>Vooruitgang blijft mogelijk:<\/strong>\r\n<ul>\r\n \t<li>Soms lange stabilisatie<\/li>\r\n \t<li>Verbetering met goede behandeling<\/li>\r\n \t<li>Levenskwaliteit behouden<\/li>\r\n \t<li>Kostbare momenten van helderheid<\/li>\r\n<\/ul>\r\n<strong>Levenskwaliteit heeft prioriteit boven genezing:<\/strong>\r\n<ul>\r\n \t<li>Welzijn mogelijk in alle stadia<\/li>\r\n \t<li>Aanpassingen die alles veranderen<\/li>\r\n \t<li>Kleine dagelijkse vreugdes<\/li>\r\n \t<li>Waardigheid behouden<\/li>\r\n<\/ul>\r\n<strong>Ondersteuning bestaat en werkt:<\/strong>\r\n<ul>\r\n \t<li>Familieverenigingen<\/li>\r\n \t<li>Getrainde professionals<\/li>\r\n \t<li>Vooruitgaand onderzoek<\/li>\r\n \t<li>Troostende solidariteit<\/li>\r\n<\/ul>\r\n<h3>Vooruitgang die Hoop Geeft<\/h3>\r\n<strong>Therapeutisch onderzoek:<\/strong>\r\n<ul>\r\n \t<li>Nieuwe medicijnen in klinische trials<\/li>\r\n \t<li>Veelbelovende immunotherapie\u00ebn<\/li>\r\n \t<li>Steeds vroegere diagnose<\/li>\r\n \t<li>Gentherapie\u00ebn aan de horizon<\/li>\r\n<\/ul>\r\n<strong>Groeiend begrip:<\/strong>\r\n<ul>\r\n \t<li>Beter begrepen mechanismen<\/li>\r\n \t<li>Ge\u00efdentificeerde modificeerbare risicofactoren<\/li>\r\n \t<li>Steeds effectievere preventie<\/li>\r\n \t<li>Personalisatie van zorg<\/li>\r\n<\/ul>\r\n<strong>Maatschappelijke evolutie:<\/strong>\r\n<ul>\r\n \t<li>Progressieve destigmatisering<\/li>\r\n \t<li>\"Dementievriendelijke\" steden<\/li>\r\n \t<li>Training van professionals<\/li>\r\n \t<li>Erkenning van mantelzorgers<\/li>\r\n<\/ul>\r\n<h2>Conclusie: Het Cruciale Belang van Correct Begrijpen en Benoemen<\/h2>\r\nHet opgeven van de vage en schadelijke term \"seniele dementie\" voor een precieze en moderne diagnose is niet alleen een kwestie van woordkeuze of medische nauwkeurigheid. Het is een fundamentele daad die:\r\n\r\n<strong>De persoon erkent in al hun uniciteit:<\/strong> Elke vorm van dementie treft anders, vereist unieke zorg. Uw dierbare is niet \"een demente\" maar een persoon met een specifieke pathologie die een gepersonaliseerde benadering verdient.\r\n\r\n<strong>De deur opent naar de best mogelijke zorg:<\/strong> Alleen een precieze diagnose geeft toegang tot aangepaste behandelingen, vermijdt potentieel ernstige medicatiefouten, en implementeert de meest effectieve begeleidingsstrategie\u00ebn.\r\n\r\n<strong>Fundamentele menselijke waardigheid respecteert:<\/strong> Cognitieve moeilijkheden reduceren tot leeftijd (\"het is normaal, hij is oud\") is een vorm van leeftijdsdiscriminatie die berooft van zorg en hoop. Elke persoon, ongeacht leeftijd, verdient dat de echte oorzaak van hun moeilijkheden wordt gezocht.\r\n\r\n<strong>Toegang geeft tot therapeutische innovaties:<\/strong> Klinische trials, nieuwe medicijnen, innovatieve benaderingen vereisen precieze diagnose. Blijven in de vaagheid van \"seniliteit\" sluit deze deuren.\r\n\r\nAls u uw situatie herkent in deze regels, als u deze diagnostische onzekerheid leeft of vecht tegen het reducerende label van \"seniele dementie\", wacht niet langer. Eis een precieze diagnose. Raadpleeg een specialist. Vraag een tweede mening indien nodig.\r\n\r\nUw dierbare verdient beter dan een verouderd label. Ze verdienen een moderne diagnose, aangepaste behandeling, gepersonaliseerde begeleiding. U verdient te begrijpen wat er gebeurt, duidelijke antwoorden te hebben, te weten hoe te handelen.\r\n\r\nDe weg zal lang zijn, soms moeilijk, maar met de juiste informatie, de juiste hulpmiddelen en de juiste ondersteuning, blijft hij bewandelbaar. Elk type dementie heeft zijn specifieke uitdagingen, maar ook zijn oplossingen, zijn strategie\u00ebn, zijn hoop.\r\n\r\nOnze training \"De ziekte van Alzheimer begrijpen en oplossingen vinden voor het dagelijks leven\" begeleidt u in dit proces van begrip en actie. We begeleiden u door deze complexe maar cruciale onderscheidingen. We geven u concrete hulpmiddelen voor elke situatie, specifieke strategie\u00ebn voor elk type dementie, bronnen om uzelf niet uit te putten.\r\n\r\nOmdat begrijpen al handelen is. Omdat elk type dementie een unieke benadering vereist. Omdat uw dierbare de best mogelijke begeleiding verdient, gebaseerd op precieze diagnose en niet op verouderde vooroordelen.\r\n\r\nBlijf niet in de mist van \"seniele dementie\". Ga de helderheid binnen van een moderne diagnose en aangepaste begeleiding. Uw dierbare en uzelf verdienen deze helderheid, deze precisie, deze verlichte hoop.\r\n\r\n\u00a0","_et_gb_content_width":"","footnotes":""},"categories":[2915,2982,3002],"tags":[],"class_list":["post-412310","post","type-post","status-publish","format-standard","has-post-thumbnail","hentry","category-les-conseils-des-coachs","category-tudo-sobre-alzheimer","category-3002"],"yoast_head":"<!-- This site is optimized with the Yoast SEO plugin v27.4 - https:\/\/yoast.com\/product\/yoast-seo-wordpress\/ -->\n<title>Alzheimer vs Dem\u00eancia Senil: Compreender as Diferen\u00e7as para Melhores Cuidados - DYNSEO - Aplica\u00e7\u00f5es educativas e jogos de mem\u00f3ria<\/title>\n<meta name=\"robots\" content=\"index, follow, max-snippet:-1, max-image-preview:large, max-video-preview:-1\" \/>\n<link rel=\"canonical\" href=\"https:\/\/www.dynseo.com\/pt-pt\/alzheimer-vs-demencia-senil-compreender-diferencas\/\" \/>\n<meta property=\"og:locale\" content=\"pt_PT\" \/>\n<meta property=\"og:type\" content=\"article\" \/>\n<meta property=\"og:title\" content=\"Alzheimer vs Dem\u00eancia Senil: Compreender as Diferen\u00e7as para Melhores Cuidados - DYNSEO - Aplica\u00e7\u00f5es educativas e jogos de mem\u00f3ria\" \/>\n<meta property=\"og:url\" content=\"https:\/\/www.dynseo.com\/pt-pt\/alzheimer-vs-demencia-senil-compreender-diferencas\/\" \/>\n<meta property=\"og:site_name\" content=\"DYNSEO - Aplica\u00e7\u00f5es educativas e jogos de mem\u00f3ria\" \/>\n<meta property=\"article:published_time\" content=\"2025-09-16T23:08:15+00:00\" \/>\n<meta property=\"article:modified_time\" content=\"2025-12-26T13:24:25+00:00\" \/>\n<meta property=\"og:image\" content=\"https:\/\/www.dynseo.com\/wp-content\/uploads\/2023\/03\/communiquer-avec-une-personne-Alzheimer.png\" \/>\n\t<meta property=\"og:image:width\" content=\"500\" \/>\n\t<meta property=\"og:image:height\" content=\"500\" \/>\n\t<meta property=\"og:image:type\" content=\"image\/png\" \/>\n<meta name=\"author\" content=\"DYNSEO\" \/>\n<meta name=\"twitter:label1\" content=\"Escrito por\" \/>\n\t<meta name=\"twitter:data1\" content=\"DYNSEO\" \/>\n\t<meta name=\"twitter:label2\" content=\"Tempo estimado de leitura\" \/>\n\t<meta name=\"twitter:data2\" content=\"31 minutos\" \/>\n<script type=\"application\/ld+json\" class=\"yoast-schema-graph\">{\"@context\":\"https:\\\/\\\/schema.org\",\"@graph\":[{\"@type\":\"Article\",\"@id\":\"https:\\\/\\\/www.dynseo.com\\\/pt-pt\\\/alzheimer-vs-demencia-senil-compreender-diferencas\\\/#article\",\"isPartOf\":{\"@id\":\"https:\\\/\\\/www.dynseo.com\\\/pt-pt\\\/alzheimer-vs-demencia-senil-compreender-diferencas\\\/\"},\"author\":{\"name\":\"DYNSEO\",\"@id\":\"https:\\\/\\\/www.dynseo.com\\\/pt-pt\\\/#\\\/schema\\\/person\\\/78ef63df2ee64e0989bc68f8401b38d6\"},\"headline\":\"Alzheimer vs Dem\u00eancia Senil: Compreender as Diferen\u00e7as para Melhores Cuidados\",\"datePublished\":\"2025-09-16T23:08:15+00:00\",\"dateModified\":\"2025-12-26T13:24:25+00:00\",\"mainEntityOfPage\":{\"@id\":\"https:\\\/\\\/www.dynseo.com\\\/pt-pt\\\/alzheimer-vs-demencia-senil-compreender-diferencas\\\/\"},\"wordCount\":6262,\"publisher\":{\"@id\":\"https:\\\/\\\/www.dynseo.com\\\/pt-pt\\\/#organization\"},\"image\":{\"@id\":\"https:\\\/\\\/www.dynseo.com\\\/pt-pt\\\/alzheimer-vs-demencia-senil-compreender-diferencas\\\/#primaryimage\"},\"thumbnailUrl\":\"https:\\\/\\\/www.dynseo.com\\\/wp-content\\\/uploads\\\/2024\\\/01\\\/memory-seniors-alzheimer-work-on-your-memory.png\",\"articleSection\":[\"Les conseils des coachs\",\"Tudo sobre Alzheimer\",\"\u6240\u6709\u5173\u4e8e\u963f\u5c14\u8328\u6d77\u9ed8\u6c0f\u75c7 - Alzheimer\"],\"inLanguage\":\"pt-PT\"},{\"@type\":\"WebPage\",\"@id\":\"https:\\\/\\\/www.dynseo.com\\\/pt-pt\\\/alzheimer-vs-demencia-senil-compreender-diferencas\\\/\",\"url\":\"https:\\\/\\\/www.dynseo.com\\\/pt-pt\\\/alzheimer-vs-demencia-senil-compreender-diferencas\\\/\",\"name\":\"Alzheimer vs Dem\u00eancia Senil: Compreender as Diferen\u00e7as para Melhores Cuidados - DYNSEO - Aplica\u00e7\u00f5es educativas e jogos de mem\u00f3ria\",\"isPartOf\":{\"@id\":\"https:\\\/\\\/www.dynseo.com\\\/pt-pt\\\/#website\"},\"primaryImageOfPage\":{\"@id\":\"https:\\\/\\\/www.dynseo.com\\\/pt-pt\\\/alzheimer-vs-demencia-senil-compreender-diferencas\\\/#primaryimage\"},\"image\":{\"@id\":\"https:\\\/\\\/www.dynseo.com\\\/pt-pt\\\/alzheimer-vs-demencia-senil-compreender-diferencas\\\/#primaryimage\"},\"thumbnailUrl\":\"https:\\\/\\\/www.dynseo.com\\\/wp-content\\\/uploads\\\/2024\\\/01\\\/memory-seniors-alzheimer-work-on-your-memory.png\",\"datePublished\":\"2025-09-16T23:08:15+00:00\",\"dateModified\":\"2025-12-26T13:24:25+00:00\",\"breadcrumb\":{\"@id\":\"https:\\\/\\\/www.dynseo.com\\\/pt-pt\\\/alzheimer-vs-demencia-senil-compreender-diferencas\\\/#breadcrumb\"},\"inLanguage\":\"pt-PT\",\"potentialAction\":[{\"@type\":\"ReadAction\",\"target\":[\"https:\\\/\\\/www.dynseo.com\\\/pt-pt\\\/alzheimer-vs-demencia-senil-compreender-diferencas\\\/\"]}]},{\"@type\":\"ImageObject\",\"inLanguage\":\"pt-PT\",\"@id\":\"https:\\\/\\\/www.dynseo.com\\\/pt-pt\\\/alzheimer-vs-demencia-senil-compreender-diferencas\\\/#primaryimage\",\"url\":\"https:\\\/\\\/www.dynseo.com\\\/wp-content\\\/uploads\\\/2024\\\/01\\\/memory-seniors-alzheimer-work-on-your-memory.png\",\"contentUrl\":\"https:\\\/\\\/www.dynseo.com\\\/wp-content\\\/uploads\\\/2024\\\/01\\\/memory-seniors-alzheimer-work-on-your-memory.png\",\"width\":776,\"height\":784,\"caption\":\"Mantenha a mente ativa com a DYNSEO\"},{\"@type\":\"BreadcrumbList\",\"@id\":\"https:\\\/\\\/www.dynseo.com\\\/pt-pt\\\/alzheimer-vs-demencia-senil-compreender-diferencas\\\/#breadcrumb\",\"itemListElement\":[{\"@type\":\"ListItem\",\"position\":1,\"name\":\"Accueil\",\"item\":\"https:\\\/\\\/www.dynseo.com\\\/pt-pt\\\/\"},{\"@type\":\"ListItem\",\"position\":2,\"name\":\"Alzheimer vs Dem\u00eancia Senil: Compreender as Diferen\u00e7as para Melhores Cuidados\"}]},{\"@type\":\"WebSite\",\"@id\":\"https:\\\/\\\/www.dynseo.com\\\/pt-pt\\\/#website\",\"url\":\"https:\\\/\\\/www.dynseo.com\\\/pt-pt\\\/\",\"name\":\"Jeux de m\u00e9moire et stimulation cognitive\",\"description\":\"Entra\u00eenez votre m\u00e9moire et votre cerveau avec DYNSEO\",\"publisher\":{\"@id\":\"https:\\\/\\\/www.dynseo.com\\\/pt-pt\\\/#organization\"},\"potentialAction\":[{\"@type\":\"SearchAction\",\"target\":{\"@type\":\"EntryPoint\",\"urlTemplate\":\"https:\\\/\\\/www.dynseo.com\\\/pt-pt\\\/?s={search_term_string}\"},\"query-input\":{\"@type\":\"PropertyValueSpecification\",\"valueRequired\":true,\"valueName\":\"search_term_string\"}}],\"inLanguage\":\"pt-PT\"},{\"@type\":\"Organization\",\"@id\":\"https:\\\/\\\/www.dynseo.com\\\/pt-pt\\\/#organization\",\"name\":\"DYNSEO\",\"url\":\"https:\\\/\\\/www.dynseo.com\\\/pt-pt\\\/\",\"logo\":{\"@type\":\"ImageObject\",\"inLanguage\":\"pt-PT\",\"@id\":\"https:\\\/\\\/www.dynseo.com\\\/pt-pt\\\/#\\\/schema\\\/logo\\\/image\\\/\",\"url\":\"https:\\\/\\\/www.dynseo.com\\\/wp-content\\\/uploads\\\/2022\\\/05\\\/logo-dynseo-new.png\",\"contentUrl\":\"https:\\\/\\\/www.dynseo.com\\\/wp-content\\\/uploads\\\/2022\\\/05\\\/logo-dynseo-new.png\",\"width\":5073,\"height\":1397,\"caption\":\"DYNSEO\"},\"image\":{\"@id\":\"https:\\\/\\\/www.dynseo.com\\\/pt-pt\\\/#\\\/schema\\\/logo\\\/image\\\/\"}},{\"@type\":\"Person\",\"@id\":\"https:\\\/\\\/www.dynseo.com\\\/pt-pt\\\/#\\\/schema\\\/person\\\/78ef63df2ee64e0989bc68f8401b38d6\",\"name\":\"DYNSEO\",\"url\":\"https:\\\/\\\/www.dynseo.com\\\/pt-pt\\\/author\\\/justine\\\/\"}]}<\/script>\n<!-- \/ Yoast SEO plugin. -->","yoast_head_json":{"title":"Alzheimer vs Dem\u00eancia Senil: Compreender as Diferen\u00e7as para Melhores Cuidados - DYNSEO - Aplica\u00e7\u00f5es educativas e jogos de mem\u00f3ria","robots":{"index":"index","follow":"follow","max-snippet":"max-snippet:-1","max-image-preview":"max-image-preview:large","max-video-preview":"max-video-preview:-1"},"canonical":"https:\/\/www.dynseo.com\/pt-pt\/alzheimer-vs-demencia-senil-compreender-diferencas\/","og_locale":"pt_PT","og_type":"article","og_title":"Alzheimer vs Dem\u00eancia Senil: Compreender as Diferen\u00e7as para Melhores Cuidados - DYNSEO - Aplica\u00e7\u00f5es educativas e jogos de mem\u00f3ria","og_url":"https:\/\/www.dynseo.com\/pt-pt\/alzheimer-vs-demencia-senil-compreender-diferencas\/","og_site_name":"DYNSEO - Aplica\u00e7\u00f5es educativas e jogos de mem\u00f3ria","article_published_time":"2025-09-16T23:08:15+00:00","article_modified_time":"2025-12-26T13:24:25+00:00","og_image":[{"width":500,"height":500,"url":"https:\/\/www.dynseo.com\/wp-content\/uploads\/2023\/03\/communiquer-avec-une-personne-Alzheimer.png","type":"image\/png"}],"author":"DYNSEO","twitter_misc":{"Escrito por":"DYNSEO","Tempo estimado de leitura":"31 minutos"},"schema":{"@context":"https:\/\/schema.org","@graph":[{"@type":"Article","@id":"https:\/\/www.dynseo.com\/pt-pt\/alzheimer-vs-demencia-senil-compreender-diferencas\/#article","isPartOf":{"@id":"https:\/\/www.dynseo.com\/pt-pt\/alzheimer-vs-demencia-senil-compreender-diferencas\/"},"author":{"name":"DYNSEO","@id":"https:\/\/www.dynseo.com\/pt-pt\/#\/schema\/person\/78ef63df2ee64e0989bc68f8401b38d6"},"headline":"Alzheimer vs Dem\u00eancia Senil: Compreender as Diferen\u00e7as para Melhores Cuidados","datePublished":"2025-09-16T23:08:15+00:00","dateModified":"2025-12-26T13:24:25+00:00","mainEntityOfPage":{"@id":"https:\/\/www.dynseo.com\/pt-pt\/alzheimer-vs-demencia-senil-compreender-diferencas\/"},"wordCount":6262,"publisher":{"@id":"https:\/\/www.dynseo.com\/pt-pt\/#organization"},"image":{"@id":"https:\/\/www.dynseo.com\/pt-pt\/alzheimer-vs-demencia-senil-compreender-diferencas\/#primaryimage"},"thumbnailUrl":"https:\/\/www.dynseo.com\/wp-content\/uploads\/2024\/01\/memory-seniors-alzheimer-work-on-your-memory.png","articleSection":["Les conseils des coachs","Tudo sobre Alzheimer","\u6240\u6709\u5173\u4e8e\u963f\u5c14\u8328\u6d77\u9ed8\u6c0f\u75c7 - Alzheimer"],"inLanguage":"pt-PT"},{"@type":"WebPage","@id":"https:\/\/www.dynseo.com\/pt-pt\/alzheimer-vs-demencia-senil-compreender-diferencas\/","url":"https:\/\/www.dynseo.com\/pt-pt\/alzheimer-vs-demencia-senil-compreender-diferencas\/","name":"Alzheimer vs Dem\u00eancia Senil: Compreender as Diferen\u00e7as para Melhores Cuidados - DYNSEO - Aplica\u00e7\u00f5es educativas e jogos de mem\u00f3ria","isPartOf":{"@id":"https:\/\/www.dynseo.com\/pt-pt\/#website"},"primaryImageOfPage":{"@id":"https:\/\/www.dynseo.com\/pt-pt\/alzheimer-vs-demencia-senil-compreender-diferencas\/#primaryimage"},"image":{"@id":"https:\/\/www.dynseo.com\/pt-pt\/alzheimer-vs-demencia-senil-compreender-diferencas\/#primaryimage"},"thumbnailUrl":"https:\/\/www.dynseo.com\/wp-content\/uploads\/2024\/01\/memory-seniors-alzheimer-work-on-your-memory.png","datePublished":"2025-09-16T23:08:15+00:00","dateModified":"2025-12-26T13:24:25+00:00","breadcrumb":{"@id":"https:\/\/www.dynseo.com\/pt-pt\/alzheimer-vs-demencia-senil-compreender-diferencas\/#breadcrumb"},"inLanguage":"pt-PT","potentialAction":[{"@type":"ReadAction","target":["https:\/\/www.dynseo.com\/pt-pt\/alzheimer-vs-demencia-senil-compreender-diferencas\/"]}]},{"@type":"ImageObject","inLanguage":"pt-PT","@id":"https:\/\/www.dynseo.com\/pt-pt\/alzheimer-vs-demencia-senil-compreender-diferencas\/#primaryimage","url":"https:\/\/www.dynseo.com\/wp-content\/uploads\/2024\/01\/memory-seniors-alzheimer-work-on-your-memory.png","contentUrl":"https:\/\/www.dynseo.com\/wp-content\/uploads\/2024\/01\/memory-seniors-alzheimer-work-on-your-memory.png","width":776,"height":784,"caption":"Mantenha a mente ativa com a DYNSEO"},{"@type":"BreadcrumbList","@id":"https:\/\/www.dynseo.com\/pt-pt\/alzheimer-vs-demencia-senil-compreender-diferencas\/#breadcrumb","itemListElement":[{"@type":"ListItem","position":1,"name":"Accueil","item":"https:\/\/www.dynseo.com\/pt-pt\/"},{"@type":"ListItem","position":2,"name":"Alzheimer vs Dem\u00eancia Senil: Compreender as Diferen\u00e7as para Melhores Cuidados"}]},{"@type":"WebSite","@id":"https:\/\/www.dynseo.com\/pt-pt\/#website","url":"https:\/\/www.dynseo.com\/pt-pt\/","name":"Jeux de m\u00e9moire et stimulation cognitive","description":"Entra\u00eenez votre m\u00e9moire et votre cerveau avec DYNSEO","publisher":{"@id":"https:\/\/www.dynseo.com\/pt-pt\/#organization"},"potentialAction":[{"@type":"SearchAction","target":{"@type":"EntryPoint","urlTemplate":"https:\/\/www.dynseo.com\/pt-pt\/?s={search_term_string}"},"query-input":{"@type":"PropertyValueSpecification","valueRequired":true,"valueName":"search_term_string"}}],"inLanguage":"pt-PT"},{"@type":"Organization","@id":"https:\/\/www.dynseo.com\/pt-pt\/#organization","name":"DYNSEO","url":"https:\/\/www.dynseo.com\/pt-pt\/","logo":{"@type":"ImageObject","inLanguage":"pt-PT","@id":"https:\/\/www.dynseo.com\/pt-pt\/#\/schema\/logo\/image\/","url":"https:\/\/www.dynseo.com\/wp-content\/uploads\/2022\/05\/logo-dynseo-new.png","contentUrl":"https:\/\/www.dynseo.com\/wp-content\/uploads\/2022\/05\/logo-dynseo-new.png","width":5073,"height":1397,"caption":"DYNSEO"},"image":{"@id":"https:\/\/www.dynseo.com\/pt-pt\/#\/schema\/logo\/image\/"}},{"@type":"Person","@id":"https:\/\/www.dynseo.com\/pt-pt\/#\/schema\/person\/78ef63df2ee64e0989bc68f8401b38d6","name":"DYNSEO","url":"https:\/\/www.dynseo.com\/pt-pt\/author\/justine\/"}]}},"_links":{"self":[{"href":"https:\/\/www.dynseo.com\/pt-pt\/wp-json\/wp\/v2\/posts\/412310","targetHints":{"allow":["GET"]}}],"collection":[{"href":"https:\/\/www.dynseo.com\/pt-pt\/wp-json\/wp\/v2\/posts"}],"about":[{"href":"https:\/\/www.dynseo.com\/pt-pt\/wp-json\/wp\/v2\/types\/post"}],"author":[{"embeddable":true,"href":"https:\/\/www.dynseo.com\/pt-pt\/wp-json\/wp\/v2\/users\/4"}],"replies":[{"embeddable":true,"href":"https:\/\/www.dynseo.com\/pt-pt\/wp-json\/wp\/v2\/comments?post=412310"}],"version-history":[{"count":7,"href":"https:\/\/www.dynseo.com\/pt-pt\/wp-json\/wp\/v2\/posts\/412310\/revisions"}],"predecessor-version":[{"id":456265,"href":"https:\/\/www.dynseo.com\/pt-pt\/wp-json\/wp\/v2\/posts\/412310\/revisions\/456265"}],"wp:featuredmedia":[{"embeddable":true,"href":"https:\/\/www.dynseo.com\/pt-pt\/wp-json\/wp\/v2\/media\/361459"}],"wp:attachment":[{"href":"https:\/\/www.dynseo.com\/pt-pt\/wp-json\/wp\/v2\/media?parent=412310"}],"wp:term":[{"taxonomy":"category","embeddable":true,"href":"https:\/\/www.dynseo.com\/pt-pt\/wp-json\/wp\/v2\/categories?post=412310"},{"taxonomy":"post_tag","embeddable":true,"href":"https:\/\/www.dynseo.com\/pt-pt\/wp-json\/wp\/v2\/tags?post=412310"}],"curies":[{"name":"wp","href":"https:\/\/api.w.org\/{rel}","templated":true}]}}