{"id":440306,"date":"2025-12-12T20:53:16","date_gmt":"2025-12-12T19:53:16","guid":{"rendered":"https:\/\/www.dynseo.com\/alzheimer-12-fatores-risco-modificaveis-oms\/"},"modified":"2025-12-26T12:46:59","modified_gmt":"2025-12-26T11:46:59","slug":"alzheimer-12-fatores-risco-modificaveis-oms","status":"publish","type":"post","link":"https:\/\/www.dynseo.com\/pt-pt\/alzheimer-12-fatores-risco-modificaveis-oms\/","title":{"rendered":"Alzheimer: os 12 fatores de risco modific\u00e1veis segundo a OMS"},"content":{"rendered":"<p>[et_pb_section fb_built=&#8221;1&#8243; admin_label=&#8221;Article HTML&#8221; _builder_version=&#8221;4.16&#8243;][et_pb_row admin_label=&#8221;Contenu&#8221; _builder_version=&#8221;4.16&#8243;][et_pb_column type=&#8221;4_4&#8243; _builder_version=&#8221;4.16&#8243;][et_pb_code admin_label=&#8221;HTML import\u00e9&#8221; _builder_version=&#8221;4.16&#8243;]<link href=\"https:\/\/fonts.googleapis.com\/css2?family=Montserrat:wght@400;500;600;700;800&#038;display=swap\" rel=\"stylesheet\">\n<style>\n.dynseo-article{font-family:'Montserrat',-apple-system,BlinkMacSystemFont,'Segoe UI',Roboto,sans-serif;line-height:1.8;color:#2c3e50;max-width:100%}\n.dynseo-article h2{font-family:'Montserrat',sans-serif;font-size:1.8rem;color:#1a1a2e;margin:50px 0 25px;padding-bottom:12px;border-bottom:3px solid #a9e2e4;font-weight:700;transition:all .3s ease}\n.dynseo-article h2:hover{padding-left:10px;border-bottom-color:#e73469}\n.dynseo-article h3{font-family:'Montserrat',sans-serif;font-size:1.3rem;color:#5e5ed7;margin:35px 0 18px;font-weight:600;transition:all .3s ease}\n.dynseo-article h3:hover{color:#e73469}\n.dynseo-article p{margin-bottom:18px;font-size:1.05rem;text-align:justify}\n.dynseo-article img{max-width:100%;height:auto;border-radius:16px;margin:25px 0;box-shadow:0 8px 30px rgba(0,0,0,0.1);transition:all .4s ease}\n.dynseo-article img:hover{transform:scale(1.02);box-shadow:0 15px 50px rgba(0,0,0,0.15)}\n.dynseo-intro{font-size:1.15rem;color:#64748b;border-left:4px solid #a9e2e4;padding-left:25px;margin:35px 0;font-style:italic;background:linear-gradient(90deg,rgba(169,226,228,0.1),transparent);padding:20px 25px;border-radius:0 12px 12px 0;transition:all .3s ease}\n.dynseo-intro:hover{border-left-width:6px;background:linear-gradient(90deg,rgba(169,226,228,0.15),transparent)}\n.dynseo-toc{background:linear-gradient(135deg,#f8fafc 0%,#fff 100%);border-radius:20px;padding:35px;margin:40px 0;border:2px solid #e5e7eb;box-shadow:0 4px 20px rgba(0,0,0,0.05);transition:all .3s ease}\n.dynseo-toc:hover{box-shadow:0 8px 35px rgba(0,0,0,0.08);transform:translateY(-2px)}\n.dynseo-toc .toc-title{font-family:'Montserrat',sans-serif;font-size:1.4rem;margin-bottom:25px;color:#1a1a2e;font-weight:700}\n.dynseo-toc ol{list-style:none;padding:0;margin:0;display:grid;grid-template-columns:repeat(2,1fr);gap:12px}\n.dynseo-toc li{background:#fff;border-radius:12px;padding:14px 18px;border:2px solid #f1f5f9;transition:all .3s ease;border-left:4px solid #ffeca7}\n.dynseo-toc li:hover{background:linear-gradient(135deg,#f8fafc,#fff);transform:translateX(8px);box-shadow:0 6px 20px rgba(0,0,0,0.1);border-left-width:6px}\n.dynseo-toc a{color:#1a1a2e;text-decoration:none;font-size:.95rem;font-weight:500;transition:color .3s}\n.dynseo-toc a:hover{color:#5e5ed7}\n.dynseo-article .styled-list,.dynseo-article ul{margin:20px 0 30px;padding:0;list-style:none}\n.dynseo-article .styled-list li,.dynseo-article ul li{position:relative;padding-left:28px;margin-bottom:14px;line-height:1.7;transition:all .3s ease}\n.dynseo-article .styled-list li:hover,.dynseo-article ul li:hover{padding-left:32px}\n.dynseo-article .styled-list li::before,.dynseo-article ul li::before{content:\"\";position:absolute;left:0;top:8px;width:10px;height:10px;background:#e73469;border-radius:50%;box-shadow:0 2px 8px rgba(231,52,105,0.3);transition:all .3s ease}\n.dynseo-article .styled-list li:hover::before,.dynseo-article ul li:hover::before{transform:scale(1.3);box-shadow:0 4px 12px rgba(231,52,105,0.4)}\n.dynseo-article blockquote{background:linear-gradient(135deg,#fff9f0 0%,#fff5eb 100%);border-left:4px solid #ffeca7;border-radius:0 16px 16px 0;padding:28px 32px;margin:35px 0;position:relative;box-shadow:0 4px 20px rgba(255,236,167,0.3);transition:all .3s ease}\n.dynseo-article blockquote:hover{transform:translateX(5px);box-shadow:0 8px 30px rgba(255,236,167,0.4);border-left-width:6px}\n.dynseo-article blockquote::before{content:\"\u275d\";font-size:3rem;color:#ffeca7;opacity:.4;position:absolute;top:10px;left:15px}\n.dynseo-article blockquote p{font-style:italic;margin-bottom:12px;padding-left:30px}\n.dynseo-article blockquote cite{display:block;font-style:normal;font-weight:600;color:#1a1a2e;padding-left:30px}\n.section-divider{text-align:center;margin:60px 0;font-size:1.8rem;letter-spacing:18px;background:linear-gradient(135deg,#ffeca7,#e73469,#a9e2e4);-webkit-background-clip:text;-webkit-text-fill-color:transparent;background-clip:text}\n.dynseo-tip-box{background:linear-gradient(135deg,#ecfdf5 0%,#d1fae5 100%);border:2px solid #a9e2e4;border-radius:16px;padding:25px 30px;margin:35px 0;position:relative;box-shadow:0 4px 20px rgba(169,226,228,0.3);transition:all .3s ease}\n.dynseo-tip-box:hover{transform:translateY(-3px);box-shadow:0 8px 30px rgba(169,226,228,0.4)}\n.dynseo-tip-box-title{font-family:'Montserrat',sans-serif;font-size:1.15rem;font-weight:700;color:#1a1a2e;margin-bottom:12px;display:flex;align-items:center;gap:10px}\n.dynseo-tip-box-title::before{content:\"\ud83d\udca1\";font-size:1.3rem}\n.dynseo-tip-box p{margin:0;color:#2c3e50}\n.dynseo-feature-grid{display:grid;grid-template-columns:repeat(3,1fr);gap:20px;margin:35px 0}\n.dynseo-feature-card{background:#fff;border-radius:20px;padding:30px 25px;text-align:center;border:2px solid #f1f5f9;transition:all .4s ease;position:relative;overflow:hidden}\n.dynseo-feature-card::before{content:\"\";position:absolute;top:0;left:0;right:0;height:4px;background:linear-gradient(90deg,#ffeca7,#e73469);transform:scaleX(0);transition:transform .3s ease}\n.dynseo-feature-card:hover::before{transform:scaleX(1)}\n.dynseo-feature-card:nth-child(3n+1){border-color:rgba(255,236,167,0.5)}\n.dynseo-feature-card:nth-child(3n+2){border-color:rgba(231,52,105,0.3)}\n.dynseo-feature-card:nth-child(3n+3){border-color:rgba(169,226,228,0.5)}\n.dynseo-feature-card:hover{transform:translateY(-8px);box-shadow:0 20px 50px rgba(0,0,0,0.12)}\n.dynseo-feature-card h4{font-family:'Montserrat',sans-serif;color:#1a1a2e;margin-bottom:10px;font-size:1.1rem;font-weight:600}\n.dynseo-feature-card p{font-size:.95rem;color:#64748b;margin:0}\n.dynseo-highlight-box{background:linear-gradient(135deg,#fef3c7 0%,#fde68a 100%);border:2px solid #ffeca7;border-radius:16px;padding:25px 30px;margin:30px 0;transition:all .3s ease}\n.dynseo-highlight-box:hover{transform:translateY(-3px);box-shadow:0 8px 30px rgba(255,236,167,0.4)}\n.dynseo-highlight-box h4{font-family:'Montserrat',sans-serif;color:#1a1a2e;margin:0 0 12px 0;font-size:1.1rem}\n.dynseo-highlight-box p{margin:0;color:#2c3e50}\n@media(max-width:768px){.dynseo-article h2{font-size:1.5rem}.dynseo-toc ol{grid-template-columns:1fr}.dynseo-feature-grid{grid-template-columns:1fr}}\n<\/style>\n<div class=\"dynseo-article\">\n<div class=\"dynseo-intro\"><pee>title: Alzheimer preven\u00e7\u00e3o: 12 fatores risco modific\u00e1veis OMS reduzir dem\u00eancia 40%<\/pee>\n<pee>description: Guia completo 12 fatores risco modific\u00e1veis Alzheimer segundo OMS Lancet: prevenir 40% casos dem\u00eancia, agir educa\u00e7\u00e3o, audi\u00e7\u00e3o, tabaco, depress\u00e3o, isolamento social, hipertens\u00e3o, obesidade, diabetes, \u00e1lcool, traumatismo craniano, polui\u00e7\u00e3o ar, inatividade f\u00edsica e reduzir riscos doen\u00e7a.<\/pee>\n<pee>keywords: Alzheimer, preven\u00e7\u00e3o, fatores risco, OMS, Lancet, dem\u00eancia, modific\u00e1veis, reduzir risco, sa\u00fade<\/pee>\n<pee>[\/META]<\/pee>\n<pee>Alzheimer, preven\u00e7\u00e3o, fatores risco, OMS, Lancet, dem\u00eancia, modific\u00e1veis, sa\u00fade, redu\u00e7\u00e3o risco, modo vida<\/pee>\n<pee>[\/TAGS]<\/pee>\n<pee><em>Tempo de leitura: 36 minutos<\/em><\/pee>\n<\/a>\n<pee>&#8220;Alzheimer \u00e9 loteria gen\u00e9tica, n\u00e3o h\u00e1 nada a fazer.&#8221; &#8220;Se est\u00e1 nos meus genes, vou ter de qualquer forma.&#8221; &#8220;A preven\u00e7\u00e3o n\u00e3o funciona realmente.&#8221; &#8220;Muito tarde para mim, tenho 60 anos.&#8221;<\/pee>\n<pee>FALSO. Alzheimer \u2260 Fatalidade gen\u00e9tica inevit\u00e1vel. A ci\u00eancia revela: 40% dos casos de dem\u00eancia poderiam ser prevenidos ou retardados agindo sobre 12 fatores de risco modific\u00e1veis. \u00c9 enorme. A Comiss\u00e3o Lancet (2020, atualizada 2024), validada pela OMS, identifica estes fatores: Educa\u00e7\u00e3o limitada, perda audi\u00e7\u00e3o, tabaco, depress\u00e3o, isolamento social, hipertens\u00e3o, obesidade, diabetes, \u00e1lcool excessivo, traumatismos cranianos, polui\u00e7\u00e3o ar, inatividade f\u00edsica. Alguns agem jovem (educa\u00e7\u00e3o), outros meia-idade (hipertens\u00e3o), outros idosos (isolamento). Cada fator = Poder de a\u00e7\u00e3o. Modificar modo de vida, hoje, reduz risco Alzheimer, amanh\u00e3.<\/pee>\n<pee>Este guia detalha os 12 fatores, explica mecanismos, e d\u00e1 a\u00e7\u00f5es concretas para cada um.<\/pee><\/div>\n<nav class=\"dynseo-toc\">\n<div class=\"toc-title\">\ud83d\udccb Sommaire<\/div>\n<ol>\n<li style=\"border-left:4px solid #ffeca7\"><a href=\"#section-1\">\u00cdndice<\/a><\/li>\n<li style=\"border-left:4px solid #e73469\"><a href=\"#section-2\">Preven\u00e7\u00e3o Alzheimer: a revolu\u00e7\u00e3o cient\u00edfica {#revolucao-cientifica}<\/a><\/li>\n<li style=\"border-left:4px solid #a9e2e4\"><a href=\"#section-3\">Os 12 fatores de risco modific\u00e1veis {#12-fatores}<\/a><\/li>\n<li style=\"border-left:4px solid #5e5ed7\"><a href=\"#section-4\">Educa\u00e7\u00e3o limitada (juventude) {#educacao}<\/a><\/li>\n<li style=\"border-left:4px solid #5268c9\"><a href=\"#section-5\">Perda audi\u00e7\u00e3o (meia-idade) {#audicao}<\/a><\/li>\n<li style=\"border-left:4px solid #ffeca7\"><a href=\"#section-6\">Tabagismo (meia-idade) {#tabaco}<\/a><\/li>\n<li style=\"border-left:4px solid #e73469\"><a href=\"#section-7\">Depress\u00e3o (meia-idade, idoso) {#depressao}<\/a><\/li>\n<li style=\"border-left:4px solid #a9e2e4\"><a href=\"#section-8\">Isolamento social (idoso) {#isolamento}<\/a><\/li>\n<li style=\"border-left:4px solid #5e5ed7\"><a href=\"#section-9\">Hipertens\u00e3o (meia-idade) {#hipertensao}<\/a><\/li>\n<li style=\"border-left:4px solid #5268c9\"><a href=\"#section-10\">Obesidade (meia-idade) {#obesidade}<\/a><\/li>\n<li style=\"border-left:4px solid #ffeca7\"><a href=\"#section-11\">Diabetes (meia-idade) {#diabetes}<\/a><\/li>\n<li style=\"border-left:4px solid #e73469\"><a href=\"#section-12\">Consumo excessivo de \u00e1lcool (meia-idade) {#alcool}<\/a><\/li>\n<li style=\"border-left:4px solid #a9e2e4\"><a href=\"#section-13\">Traumatismos cranianos (toda vida) {#traumatismos}<\/a><\/li>\n<li style=\"border-left:4px solid #5e5ed7\"><a href=\"#section-14\">Polui\u00e7\u00e3o do ar (toda vida) {#poluicao}<\/a><\/li>\n<li style=\"border-left:4px solid #5268c9\"><a href=\"#section-15\">Inatividade f\u00edsica (toda vida) {#inatividade}<\/a><\/li>\n<li style=\"border-left:4px solid #ffeca7\"><a href=\"#section-16\">Agir: por onde come\u00e7ar? {#agir}<\/a><\/li>\n<li style=\"border-left:4px solid #e73469\"><a href=\"#section-17\">Testemunhos<\/a><\/li>\n<li style=\"border-left:4px solid #a9e2e4\"><a href=\"#section-18\">Conclus\u00e3o: 40% de poder nas suas m\u00e3os<\/a><\/li>\n<\/ol>\n<\/nav>\n<section class=\"dynseo-section\">\n<h2 id=\"section-1\">\u00cdndice<\/h2>\n<pee>1. <a href=\"#revolucao-cientifica\" target=\"_blank\">Preven\u00e7\u00e3o Alzheimer: a revolu\u00e7\u00e3o cient\u00edfica<\/a><\/pee>\n<pee>2. <a href=\"#12-fatores\" target=\"_blank\">Os 12 fatores de risco modific\u00e1veis<\/a><\/pee>\n<pee>3. <a href=\"#educacao\" target=\"_blank\">Educa\u00e7\u00e3o limitada (juventude)<\/a><\/pee>\n<pee>4. <a href=\"#audicao\" target=\"_blank\">Perda audi\u00e7\u00e3o (meia-idade)<\/a><\/pee>\n<pee>5. <a href=\"#tabaco\" target=\"_blank\">Tabagismo (meia-idade)<\/a><\/pee>\n<pee>6. <a href=\"#depressao\" target=\"_blank\">Depress\u00e3o (meia-idade, idoso)<\/a><\/pee>\n<pee>7. <a href=\"#isolamento\" target=\"_blank\">Isolamento social (idoso)<\/a><\/pee>\n<pee>8. <a href=\"#hipertensao\" target=\"_blank\">Hipertens\u00e3o (meia-idade)<\/a><\/pee>\n<pee>9. <a href=\"#obesidade\" target=\"_blank\">Obesidade (meia-idade)<\/a><\/pee>\n<pee>10. <a href=\"#diabetes\" target=\"_blank\">Diabetes (meia-idade)<\/a><\/pee>\n<pee>11. <a href=\"#alcool\" target=\"_blank\">Consumo excessivo de \u00e1lcool (meia-idade)<\/a><\/pee>\n<pee>12. <a href=\"#traumatismos\" target=\"_blank\">Traumatismos cranianos (toda vida)<\/a><\/pee>\n<pee>13. <a href=\"#poluicao\" target=\"_blank\">Polui\u00e7\u00e3o do ar (toda vida)<\/a><\/pee>\n<pee>14. <a href=\"#inatividade\" target=\"_blank\">Inatividade f\u00edsica (toda vida)<\/a><\/pee>\n<pee>15. <a href=\"#agir\" target=\"_blank\">Agir: por onde come\u00e7ar?<\/a><\/pee><\/section>\n<section class=\"dynseo-section\">\n<h2 id=\"section-2\">Preven\u00e7\u00e3o Alzheimer: a revolu\u00e7\u00e3o cient\u00edfica {#revolucao-cientifica}<\/h2>\n<h3>Comiss\u00e3o Lancet 2020-2024<\/h3>\n<div class=\"dynseo-feature-grid\">\n<div class=\"dynseo-feature-card\">\n<h4>Refer\u00eancia mundial<\/h4>\n<pee><\/pee><\/div>\n<div class=\"dynseo-feature-card\">\n<h4>Lancet<\/h4>\n<pee>Revista m\u00e9dica prestigiosa (refer\u00eancia).<\/pee><\/div>\n<div class=\"dynseo-feature-card\">\n<h4>Comiss\u00e3o<\/h4>\n<pee>28 especialistas internacionais (neuroci\u00eancias, epidemiologia, sa\u00fade p\u00fablica).<\/pee><\/div>\n<div class=\"dynseo-feature-card\">\n<h4>Publica\u00e7\u00e3o<\/h4>\n<pee>2020 (atualiza\u00e7\u00e3o 2024).<\/pee><\/div>\n<\/div>\n<div class=\"dynseo-feature-grid\">\n<div class=\"dynseo-feature-card\">\n<h4>Conclus\u00e3o<\/h4>\n<pee><\/pee><\/div>\n<div class=\"dynseo-feature-card\">\n<h4>40% casos dem\u00eancia<\/h4>\n<pee>Evit\u00e1veis\/retard\u00e1veis (a\u00e7\u00e3o fatores modific\u00e1veis).<\/pee><\/div>\n<div class=\"dynseo-feature-card\">\n<h4>60% restantes<\/h4>\n<pee>Gen\u00e9tica, idade, fatores n\u00e3o control\u00e1veis (mas 40% = Imenso).<\/pee><\/div>\n<\/div>\n<h3>Por que \u00e9 revolucion\u00e1rio<\/h3>\n<div class=\"dynseo-feature-grid\">\n<div class=\"dynseo-feature-card\">\n<h4>Antes<\/h4>\n<pee><\/pee><\/div>\n<div class=\"dynseo-feature-card\">\n<h4>Fatalismo<\/h4>\n<pee>&quot;Alzheimer = Loteria, nada fazer.&quot;<\/pee><\/div>\n<div class=\"dynseo-feature-card\">\n<h4>Foco<\/h4>\n<pee>Medicamentos (falhas repetidas).<\/pee><\/div>\n<div class=\"dynseo-feature-card\">\n<h4>Agora<\/h4>\n<pee><\/pee><\/div>\n<\/div>\n<div class=\"dynseo-feature-grid\">\n<div class=\"dynseo-feature-card\">\n<h4>Esperan\u00e7a<\/h4>\n<pee>Preven\u00e7\u00e3o poss\u00edvel (poder individual, coletivo).<\/pee><\/div>\n<div class=\"dynseo-feature-card\">\n<h4>A\u00e7\u00f5es<\/h4>\n<pee>Concretas, acess\u00edveis (modo de vida).<\/pee><\/div>\n<div class=\"dynseo-feature-card\">\n<h4>Sa\u00fade p\u00fablica<\/h4>\n<pee>Campanhas preven\u00e7\u00e3o (governos, OMS).<\/pee><\/div>\n<\/div>\n<h3>Mecanismo<\/h3>\n<div class=\"dynseo-feature-grid\">\n<div class=\"dynseo-feature-card\">\n<h4>Fatores risco<\/h4>\n<pee><\/pee><\/div>\n<div class=\"dynseo-feature-card\">\n<h4>Les\u00f5es c\u00e9rebro<\/h4>\n<pee>Inflama\u00e7\u00e3o, estresse oxidativo, les\u00f5es vasculares.<\/pee><\/div>\n<div class=\"dynseo-feature-card\">\n<h4>Reserva cognitiva<\/h4>\n<pee>Reduzida (capacidade compensa\u00e7\u00e3o).<\/pee><\/div>\n<div class=\"dynseo-feature-card\">\n<h4>Acumula\u00e7\u00e3o<\/h4>\n<pee>Efeitos cumulativos (v\u00e1rios fatores = Risco +++).<\/pee><\/div>\n<\/div>\n<div class=\"dynseo-feature-grid\">\n<div class=\"dynseo-feature-card\">\n<h4>Preven\u00e7\u00e3o<\/h4>\n<pee><\/pee><\/div>\n<div class=\"dynseo-feature-card\">\n<h4>Reduz les\u00f5es<\/h4>\n<pee>C\u00e9rebro protegido.<\/pee><\/div>\n<div class=\"dynseo-feature-card\">\n<h4>Aumenta reserva<\/h4>\n<pee>Plasticidade, conex\u00f5es (compensa\u00e7\u00e3o doen\u00e7a).<\/pee><\/div>\n<div class=\"dynseo-feature-card\">\n<h4>Retarda sintomas<\/h4>\n<pee>Mesmo se placas amiloides (c\u00e9rebro resiste +).<\/pee><\/div>\n<\/div>\n<p><\/a><\/section>\n<div class=\"section-divider\">\u25c6 \u25c6 \u25c6<\/div>\n<section class=\"dynseo-section\">\n<h2 id=\"section-3\">Os 12 fatores de risco modific\u00e1veis {#12-fatores}<\/h2>\n<h3>Vis\u00e3o geral<\/h3>\n<pee><strong>Por per\u00edodo vida<\/strong>:<\/pee>\n<pee><strong>Juventude (&lt;45 anos)<\/strong>:<\/pee>\n<pee>1. Educa\u00e7\u00e3o limitada<\/pee>\n<pee><strong>Meia-idade (45-65 anos)<\/strong>:<\/pee>\n<pee>2. Perda audi\u00e7\u00e3o<\/pee>\n<pee>3. Tabagismo<\/pee>\n<pee>4. Depress\u00e3o<\/pee>\n<pee>5. Hipertens\u00e3o<\/pee>\n<pee>6. Obesidade<\/pee>\n<pee>7. Diabetes<\/pee>\n<pee>8. Consumo excessivo \u00e1lcool<\/pee>\n<pee><strong>Idade avan\u00e7ada (&gt;65 anos)<\/strong>:<\/pee>\n<pee>9. Isolamento social<\/pee>\n<pee>10. Depress\u00e3o (tamb\u00e9m)<\/pee>\n<pee><strong>Toda vida<\/strong>:<\/pee>\n<pee>11. Traumatismos cranianos<\/pee>\n<pee>12. Polui\u00e7\u00e3o ar<\/pee>\n<pee>13. Inatividade f\u00edsica (impl\u00edcito Comiss\u00e3o, adicionado estudos)<\/pee>\n<h3>Contribui\u00e7\u00e3o relativa<\/h3>\n<pee><strong>Estimativas<\/strong> (% risco atribu\u00edvel):<\/pee>\n<div class=\"dynseo-feature-grid\">\n<div class=\"dynseo-feature-card\">\n<h4>Educa\u00e7\u00e3o limitada<\/h4>\n<pee>7%<\/pee><\/div>\n<div class=\"dynseo-feature-card\">\n<h4>Perda audi\u00e7\u00e3o<\/h4>\n<pee>8%<\/pee><\/div>\n<div class=\"dynseo-feature-card\">\n<h4>Hipertens\u00e3o<\/h4>\n<pee>2%<\/pee><\/div>\n<div class=\"dynseo-feature-card\">\n<h4>Obesidade<\/h4>\n<pee>1%<\/pee><\/div>\n<\/div>\n<div class=\"dynseo-feature-grid\">\n<div class=\"dynseo-feature-card\">\n<h4>Tabaco<\/h4>\n<pee>5%<\/pee><\/div>\n<div class=\"dynseo-feature-card\">\n<h4>Depress\u00e3o<\/h4>\n<pee>4%<\/pee><\/div>\n<div class=\"dynseo-feature-card\">\n<h4>Inatividade f\u00edsica<\/h4>\n<pee>3%<\/pee><\/div>\n<div class=\"dynseo-feature-card\">\n<h4>Diabetes<\/h4>\n<pee>3%<\/pee><\/div>\n<\/div>\n<div class=\"dynseo-feature-grid\">\n<div class=\"dynseo-feature-card\">\n<h4>Isolamento social<\/h4>\n<pee>4%<\/pee><\/div>\n<div class=\"dynseo-feature-card\">\n<h4>\u00c1lcool<\/h4>\n<pee>1%<\/pee><\/div>\n<div class=\"dynseo-feature-card\">\n<h4>Traumatismos cranianos<\/h4>\n<pee>3%<\/pee><\/div>\n<div class=\"dynseo-feature-card\">\n<h4>Polui\u00e7\u00e3o ar<\/h4>\n<pee>2%<\/pee><\/div>\n<\/div>\n<pee><strong>Total<\/strong>: ~40% (arredondados).<\/pee><\/section>\n<section class=\"dynseo-section\">\n<h2 id=\"section-4\">Educa\u00e7\u00e3o limitada (juventude) {#educacao}<\/h2>\n<h3>Impacto<\/h3>\n<div class=\"dynseo-feature-grid\">\n<div class=\"dynseo-feature-card\">\n<h4>Educa\u00e7\u00e3o<\/h4>\n<pee><\/pee><\/div>\n<div class=\"dynseo-feature-card\">\n<h4>Reserva cognitiva<\/h4>\n<pee>Constru\u00e7\u00e3o (inf\u00e2ncia, adolesc\u00eancia, jovens adultos).<\/pee><\/div>\n<div class=\"dynseo-feature-card\">\n<h4>Conex\u00f5es neuronais<\/h4>\n<pee>Aprendizagens criam (densidade, plasticidade).<\/pee><\/div>\n<div class=\"dynseo-feature-card\">\n<h4>Educa\u00e7\u00e3o limitada<\/h4>\n<pee><\/pee><\/div>\n<\/div>\n<pee><strong>Menos 12 anos escolaridade<\/strong>: Risco aumentado (vs estudos superiores).<\/pee>\n<pee><strong>C\u00e9rebro<\/strong>: Menos reserva (compensa\u00e7\u00e3o Alzheimer limitada).<\/pee>\n<h3>Mecanismo<\/h3>\n<div class=\"dynseo-feature-grid\">\n<div class=\"dynseo-feature-card\">\n<h4>Estimula\u00e7\u00e3o intelectual precoce<\/h4>\n<pee><\/pee><\/div>\n<div class=\"dynseo-feature-card\">\n<h4>Neur\u00f3nios<\/h4>\n<pee>Multiplica\u00e7\u00f5es conex\u00f5es (sinapses).<\/pee><\/div>\n<div class=\"dynseo-feature-card\">\n<h4>Plasticidade<\/h4>\n<pee>C\u00e9rebro flex\u00edvel, adapt\u00e1vel.<\/pee><\/div>\n<div class=\"dynseo-feature-card\">\n<h4>Adulto<\/h4>\n<pee>Reserva = Tamp\u00e3o (les\u00f5es compensadas).<\/pee><\/div>\n<\/div>\n<h3>A\u00e7\u00f5es<\/h3>\n<div class=\"dynseo-feature-grid\">\n<div class=\"dynseo-feature-card\">\n<h4>Para si<\/h4>\n<pee><\/pee><\/div>\n<div class=\"dynseo-feature-card\">\n<h4>Se educa\u00e7\u00e3o limitada<\/h4>\n<pee>Compensar (forma\u00e7\u00e3o cont\u00ednua, leituras, aprendizagens toda vida).<\/pee><\/div>\n<div class=\"dynseo-feature-card\">\n<h4>Nunca muito tarde<\/h4>\n<pee>Estimula\u00e7\u00e3o cognitiva (adulto, idoso) eficaz.<\/pee><\/div>\n<div class=\"dynseo-feature-card\">\n<h4>Para filhos, netos<\/h4>\n<pee><\/pee><\/div>\n<\/div>\n<div class=\"dynseo-feature-grid\">\n<div class=\"dynseo-feature-card\">\n<h4>Encorajar estudos<\/h4>\n<pee>M\u00e1ximo poss\u00edvel (n\u00e3o press\u00e3o, mas apoio).<\/pee><\/div>\n<div class=\"dynseo-feature-card\">\n<h4>Leitura<\/h4>\n<pee>Desde jovem idade.<\/pee><\/div>\n<div class=\"dynseo-feature-card\">\n<h4>Atividades cognitivas<\/h4>\n<pee>Jogos educativos, m\u00fasica, l\u00ednguas.<\/pee><\/div>\n<\/div>\n<\/section>\n<div class=\"section-divider\">\u25c6 \u25c6 \u25c6<\/div>\n<section class=\"dynseo-section\">\n<h2 id=\"section-5\">Perda audi\u00e7\u00e3o (meia-idade) {#audicao}<\/h2>\n<h3>Impacto<\/h3>\n<div class=\"dynseo-feature-grid\">\n<div class=\"dynseo-feature-card\">\n<h4>Perda audi\u00e7\u00e3o<\/h4>\n<pee><\/pee><\/div>\n<div class=\"dynseo-feature-card\">\n<h4>Meia-idade<\/h4>\n<pee>45-65 anos (frequentemente ignorada, minimizada).<\/pee><\/div>\n<div class=\"dynseo-feature-card\">\n<h4>Risco Alzheimer<\/h4>\n<pee>+8% (fator maior).<\/pee><\/div>\n<\/div>\n<h3>Mecanismo<\/h3>\n<div class=\"dynseo-feature-grid\">\n<div class=\"dynseo-feature-card\">\n<h4>Audi\u00e7\u00e3o reduzida<\/h4>\n<pee><\/pee><\/div>\n<div class=\"dynseo-feature-card\">\n<h4>Isolamento<\/h4>\n<pee>Conversas dif\u00edceis (retirada social).<\/pee><\/div>\n<div class=\"dynseo-feature-card\">\n<h4>Carga cognitiva<\/h4>\n<pee>C\u00e9rebro compensa (fadiga, recursos desviados).<\/pee><\/div>\n<div class=\"dynseo-feature-card\">\n<h4>Estimula\u00e7\u00e3o reduzida<\/h4>\n<pee>Inputs sensoriais (c\u00e9rebro sub-estimulado).<\/pee><\/div>\n<\/div>\n<pee><strong>Atrofia<\/strong>: Zonas auditivas c\u00e9rebro (degeneram se n\u00e3o solicitadas).<\/pee>\n<h3>A\u00e7\u00f5es<\/h3>\n<div class=\"dynseo-feature-grid\">\n<div class=\"dynseo-feature-card\">\n<h4>Rastreio<\/h4>\n<pee><\/pee><\/div>\n<div class=\"dynseo-feature-card\">\n<h4>Regular<\/h4>\n<pee>Audiograma (50 anos, depois cada 2-3 anos).<\/pee><\/div>\n<div class=\"dynseo-feature-card\">\n<h4>Sinais<\/h4>\n<pee>Pedir repetir, TV alto, dificuldade grupo.<\/pee><\/div>\n<div class=\"dynseo-feature-card\">\n<h4>Aparelhos<\/h4>\n<pee><\/pee><\/div>\n<\/div>\n<div class=\"dynseo-feature-grid\">\n<div class=\"dynseo-feature-card\">\n<h4>Aparelhos auditivos<\/h4>\n<pee>Desde perda detectada (n\u00e3o esperar).<\/pee><\/div>\n<div class=\"dynseo-feature-card\">\n<h4>Reembolso<\/h4>\n<pee>Seguran\u00e7a social, seguros (melhoria recente).<\/pee><\/div>\n<div class=\"dynseo-feature-card\">\n<h4>Corre\u00e7\u00e3o precoce<\/h4>\n<pee><\/pee><\/div>\n<div class=\"dynseo-feature-card\">\n<h4>Eficaz<\/h4>\n<pee>Antes isolamento instalado (preserva cogni\u00e7\u00e3o).<\/pee><\/div>\n<\/div>\n<\/section>\n<section class=\"dynseo-section\">\n<h2 id=\"section-6\">Tabagismo (meia-idade) {#tabaco}<\/h2>\n<h3>Impacto<\/h3>\n<div class=\"dynseo-feature-grid\">\n<div class=\"dynseo-feature-card\">\n<h4>Tabaco<\/h4>\n<pee><\/pee><\/div>\n<div class=\"dynseo-feature-card\">\n<h4>Risco Alzheimer<\/h4>\n<pee>+5% (tamb\u00e9m AVC, cancros, doen\u00e7as cardio).<\/pee><\/div>\n<div class=\"dynseo-feature-card\">\n<h4>Dose-dependente<\/h4>\n<pee>Mais fuma, mais risco.<\/pee><\/div>\n<\/div>\n<h3>Mecanismo<\/h3>\n<div class=\"dynseo-feature-grid\">\n<div class=\"dynseo-feature-card\">\n<h4>Toxinas<\/h4>\n<pee><\/pee><\/div>\n<div class=\"dynseo-feature-card\">\n<h4>Les\u00f5es vasculares<\/h4>\n<pee>Art\u00e9rias c\u00e9rebro (micro-AVC, isquemias).<\/pee><\/div>\n<div class=\"dynseo-feature-card\">\n<h4>Inflama\u00e7\u00e3o<\/h4>\n<pee>Cr\u00f3nica (c\u00e9rebro).<\/pee><\/div>\n<div class=\"dynseo-feature-card\">\n<h4>Estresse oxidativo<\/h4>\n<pee>Radicais livres (neur\u00f3nios danificados).<\/pee><\/div>\n<\/div>\n<pee><strong>Acumula\u00e7\u00e3o amiloide<\/strong>: Favorecida (placas Alzheimer).<\/pee>\n<h3>A\u00e7\u00f5es<\/h3>\n<div class=\"dynseo-feature-grid\">\n<div class=\"dynseo-feature-card\">\n<h4>Parar<\/h4>\n<pee><\/pee><\/div>\n<div class=\"dynseo-feature-card\">\n<h4>Nunca muito tarde<\/h4>\n<pee>Mesmo 60 anos, benef\u00edcios (c\u00e9rebro recupera parcialmente).<\/pee><\/div>\n<div class=\"dynseo-feature-card\">\n<h4>Ajudas<\/h4>\n<pee>Substitutos nicot\u00ednicos, medicamentos (Champix), tabacologistas.<\/pee><\/div>\n<div class=\"dynseo-feature-card\">\n<h4>N\u00famero<\/h4>\n<pee>Linha de apoio ao fumador (local).<\/pee><\/div>\n<\/div>\n<pee><strong>Evitar tabagismo passivo<\/strong>:<\/pee>\n<pee><strong>Exposi\u00e7\u00e3o<\/strong>: Tamb\u00e9m nefasta (proteger).<\/pee><\/section>\n<div class=\"section-divider\">\u25c6 \u25c6 \u25c6<\/div>\n<section class=\"dynseo-section\">\n<h2 id=\"section-7\">Depress\u00e3o (meia-idade, idoso) {#depressao}<\/h2>\n<h3>Impacto<\/h3>\n<div class=\"dynseo-feature-grid\">\n<div class=\"dynseo-feature-card\">\n<h4>Depress\u00e3o<\/h4>\n<pee><\/pee><\/div>\n<div class=\"dynseo-feature-card\">\n<h4>Meia-idade<\/h4>\n<pee>+4% risco Alzheimer.<\/pee><\/div>\n<div class=\"dynseo-feature-card\">\n<h4>Idoso<\/h4>\n<pee>Fator tamb\u00e9m (mas \u00e0s vezes sintoma precoce Alzheimer, complexo).<\/pee><\/div>\n<\/div>\n<h3>Mecanismo<\/h3>\n<div class=\"dynseo-feature-grid\">\n<div class=\"dynseo-feature-card\">\n<h4>Depress\u00e3o cr\u00f3nica<\/h4>\n<pee><\/pee><\/div>\n<div class=\"dynseo-feature-card\">\n<h4>Hipocampo<\/h4>\n<pee>Atrofia (zona mem\u00f3ria).<\/pee><\/div>\n<div class=\"dynseo-feature-card\">\n<h4>Inflama\u00e7\u00e3o<\/h4>\n<pee>Cerebral (citocinas pr\u00f3-inflamat\u00f3rias).<\/pee><\/div>\n<div class=\"dynseo-feature-card\">\n<h4>Cortisol<\/h4>\n<pee>Elevado (hormona stress, t\u00f3xico neur\u00f3nios).<\/pee><\/div>\n<\/div>\n<pee><strong>Retirada<\/strong>: Social, atividades (sub-estimula\u00e7\u00e3o).<\/pee>\n<h3>A\u00e7\u00f5es<\/h3>\n<div class=\"dynseo-feature-grid\">\n<div class=\"dynseo-feature-card\">\n<h4>Tratar depress\u00e3o<\/h4>\n<pee><\/pee><\/div>\n<div class=\"dynseo-feature-card\">\n<h4>Consultar<\/h4>\n<pee>M\u00e9dico, psiquiatra, psic\u00f3logo.<\/pee><\/div>\n<div class=\"dynseo-feature-card\">\n<h4>Terapias<\/h4>\n<pee>TCC (terapias cognitivo-comportamentais), antidepressivos (se necess\u00e1rio).<\/pee><\/div>\n<div class=\"dynseo-feature-card\">\n<h4>N\u00e3o banalizar<\/h4>\n<pee>&quot;\u00c9 idade, vai passar&quot; (n\u00e3o, tratar).<\/pee><\/div>\n<\/div>\n<div class=\"dynseo-feature-grid\">\n<div class=\"dynseo-feature-card\">\n<h4>Preven\u00e7\u00e3o<\/h4>\n<pee><\/pee><\/div>\n<div class=\"dynseo-feature-card\">\n<h4>Atividade f\u00edsica<\/h4>\n<pee>Antidepressivo natural (endorfinas).<\/pee><\/div>\n<div class=\"dynseo-feature-card\">\n<h4>Social<\/h4>\n<pee>Manter la\u00e7os (apoio).<\/pee><\/div>\n<div class=\"dynseo-feature-card\">\n<h4>Sono<\/h4>\n<pee>Regular (7-8h).<\/pee><\/div>\n<\/div>\n<\/section>\n<section class=\"dynseo-section\">\n<h2 id=\"section-8\">Isolamento social (idoso) {#isolamento}<\/h2>\n<h3>Impacto<\/h3>\n<div class=\"dynseo-feature-grid\">\n<div class=\"dynseo-feature-card\">\n<h4>Isolamento<\/h4>\n<pee><\/pee><\/div>\n<div class=\"dynseo-feature-card\">\n<h4>Idoso<\/h4>\n<pee>+4% risco Alzheimer.<\/pee><\/div>\n<div class=\"dynseo-feature-card\">\n<h4>C\u00edrculo vicioso<\/h4>\n<pee>Isolamento \u2192 Decl\u00ednio cognitivo \u2192 Mais isolamento.<\/pee><\/div>\n<\/div>\n<h3>Mecanismo<\/h3>\n<div class=\"dynseo-feature-grid\">\n<div class=\"dynseo-feature-card\">\n<h4>Intera\u00e7\u00f5es sociais<\/h4>\n<pee><\/pee><\/div>\n<div class=\"dynseo-feature-card\">\n<h4>Estimula\u00e7\u00e3o cognitiva<\/h4>\n<pee>Conversas, trocas (solicitam mem\u00f3ria, linguagem, aten\u00e7\u00e3o).<\/pee><\/div>\n<div class=\"dynseo-feature-card\">\n<h4>Emo\u00e7\u00f5es positivas<\/h4>\n<pee>La\u00e7os (protetores).<\/pee><\/div>\n<div class=\"dynseo-feature-card\">\n<h4>Isolamento<\/h4>\n<pee><\/pee><\/div>\n<\/div>\n<div class=\"dynseo-feature-grid\">\n<div class=\"dynseo-feature-card\">\n<h4>Sub-estimula\u00e7\u00e3o<\/h4>\n<pee>C\u00e9rebro (atrofia).<\/pee><\/div>\n<div class=\"dynseo-feature-card\">\n<h4>Depress\u00e3o<\/h4>\n<pee>Frequente (fator risco tamb\u00e9m).<\/pee><\/div>\n<div class=\"dynseo-feature-card\">\n<h4>Sedentarismo<\/h4>\n<pee>Frequentemente associado (inatividade f\u00edsica).<\/pee><\/div>\n<\/div>\n<h3>A\u00e7\u00f5es<\/h3>\n<div class=\"dynseo-feature-grid\">\n<div class=\"dynseo-feature-card\">\n<h4>Manter la\u00e7os<\/h4>\n<pee><\/pee><\/div>\n<div class=\"dynseo-feature-card\">\n<h4>Fam\u00edlia, amigos<\/h4>\n<pee>Chamadas, visitas (regulares).<\/pee><\/div>\n<div class=\"dynseo-feature-card\">\n<h4>Associa\u00e7\u00f5es<\/h4>\n<pee>Clubes idosos, voluntariado, atividades culturais.<\/pee><\/div>\n<div class=\"dynseo-feature-card\">\n<h4>Novos encontros<\/h4>\n<pee>Cursos, oficinas (nunca &quot;muito velho&quot;).<\/pee><\/div>\n<\/div>\n<div class=\"dynseo-feature-grid\">\n<div class=\"dynseo-feature-card\">\n<h4>Tecnologia<\/h4>\n<pee><\/pee><\/div>\n<div class=\"dynseo-feature-card\">\n<h4>V\u00eddeo<\/h4>\n<pee>Chamadas v\u00eddeo (fam\u00edlia longe).<\/pee><\/div>\n<div class=\"dynseo-feature-card\">\n<h4>Redes sociais<\/h4>\n<pee>Adaptadas idosos (ficar conectado).<\/pee><\/div>\n<div class=\"dynseo-feature-card\">\n<h4>Animais<\/h4>\n<pee><\/pee><\/div>\n<\/div>\n<pee><strong>Companhia<\/strong>: C\u00e3o, gato (la\u00e7o social indireto, passeios, rotina).<\/pee><\/section>\n<div class=\"section-divider\">\u25c6 \u25c6 \u25c6<\/div>\n<section class=\"dynseo-section\">\n<h2 id=\"section-9\">Hipertens\u00e3o (meia-idade) {#hipertensao}<\/h2>\n<h3>Impacto<\/h3>\n<div class=\"dynseo-feature-grid\">\n<div class=\"dynseo-feature-card\">\n<h4>Hipertens\u00e3o<\/h4>\n<pee><\/pee><\/div>\n<div class=\"dynseo-feature-card\">\n<h4>Meia-idade<\/h4>\n<pee>45-65 anos (+2% risco Alzheimer).<\/pee><\/div>\n<div class=\"dynseo-feature-card\">\n<h4>Idoso<\/h4>\n<pee>Liga\u00e7\u00e3o menos clara (paradoxo, tens\u00e3o muito baixa tamb\u00e9m risco).<\/pee><\/div>\n<\/div>\n<h3>Mecanismo<\/h3>\n<div class=\"dynseo-feature-grid\">\n<div class=\"dynseo-feature-card\">\n<h4>Press\u00e3o arterial elevada<\/h4>\n<pee><\/pee><\/div>\n<div class=\"dynseo-feature-card\">\n<h4>Les\u00f5es vasculares<\/h4>\n<pee>C\u00e9rebro (micro-AVC, leucoaraiose).<\/pee><\/div>\n<div class=\"dynseo-feature-card\">\n<h4>Barreira hemato-encef\u00e1lica<\/h4>\n<pee>Permeabilidade (toxinas entram c\u00e9rebro).<\/pee><\/div>\n<div class=\"dynseo-feature-card\">\n<h4>Hipoperfus\u00e3o<\/h4>\n<pee>Zonas c\u00e9rebro (falta oxig\u00e9nio).<\/pee><\/div>\n<\/div>\n<pee><strong>Dem\u00eancia vascular<\/strong>: Direta, mas tamb\u00e9m Alzheimer (les\u00f5es mistas).<\/pee>\n<h3>A\u00e7\u00f5es<\/h3>\n<div class=\"dynseo-feature-grid\">\n<div class=\"dynseo-feature-card\">\n<h4>Controlar tens\u00e3o<\/h4>\n<pee><\/pee><\/div>\n<div class=\"dynseo-feature-card\">\n<h4>Medi\u00e7\u00e3o regular<\/h4>\n<pee>Domic\u00edlio, m\u00e9dico.<\/pee><\/div>\n<div class=\"dynseo-feature-card\">\n<h4>Alvo<\/h4>\n<pee>&lt;140\/90 mmHg (meia-idade), ajustar segundo idade.<\/pee><\/div>\n<div class=\"dynseo-feature-card\">\n<h4>Tratamentos<\/h4>\n<pee><\/pee><\/div>\n<\/div>\n<pee><strong>Medicamentos<\/strong>: Anti-hipertensores (se prescritos, tomar).<\/pee>\n<pee><strong>Modo vida<\/strong>:<\/pee>\n<ul class=\"styled-list\">\n<li>Reduzir sal (cozinha caseira, evitar pratos preparados).<\/li>\n<li>Exerc\u00edcio (30 min\/dia).<\/li>\n<li>Peso saud\u00e1vel.<\/li>\n<li>N\u00e3o tabaco, \u00e1lcool moderado.<\/li>\n<\/ul>\n<\/section>\n<section class=\"dynseo-section\">\n<h2 id=\"section-10\">Obesidade (meia-idade) {#obesidade}<\/h2>\n<h3>Impacto<\/h3>\n<div class=\"dynseo-feature-grid\">\n<div class=\"dynseo-feature-card\">\n<h4>Obesidade<\/h4>\n<pee><\/pee><\/div>\n<div class=\"dynseo-feature-card\">\n<h4>Meia-idade<\/h4>\n<pee>IMC \u226530 (+1% risco Alzheimer).<\/pee><\/div>\n<div class=\"dynseo-feature-card\">\n<h4>Intera\u00e7\u00f5es<\/h4>\n<pee>Com diabetes, hipertens\u00e3o (risco cumulado).<\/pee><\/div>\n<\/div>\n<h3>Mecanismo<\/h3>\n<div class=\"dynseo-feature-grid\">\n<div class=\"dynseo-feature-card\">\n<h4>Excesso gordura<\/h4>\n<pee><\/pee><\/div>\n<div class=\"dynseo-feature-card\">\n<h4>Inflama\u00e7\u00e3o<\/h4>\n<pee>Cr\u00f3nica (adipocinas pr\u00f3-inflamat\u00f3rias).<\/pee><\/div>\n<div class=\"dynseo-feature-card\">\n<h4>Resist\u00eancia insulina<\/h4>\n<pee>C\u00e9rebro (metabolismo glicose perturbado).<\/pee><\/div>\n<div class=\"dynseo-feature-card\">\n<h4>Les\u00f5es vasculares<\/h4>\n<pee>Aterosclerose (micro-AVC).<\/pee><\/div>\n<\/div>\n<pee><strong>Hormonas<\/strong>: Desequil\u00edbrios (perturbam neur\u00f3nios).<\/pee>\n<h3>A\u00e7\u00f5es<\/h3>\n<div class=\"dynseo-feature-grid\">\n<div class=\"dynseo-feature-card\">\n<h4>Perder peso<\/h4>\n<pee><\/pee><\/div>\n<div class=\"dynseo-feature-card\">\n<h4>Objetivo<\/h4>\n<pee>IMC &lt;30 (ideal 20-25).<\/pee><\/div>\n<div class=\"dynseo-feature-card\">\n<h4>M\u00e9todo<\/h4>\n<pee><\/pee><\/div>\n<\/div>\n<ul class=\"styled-list\">\n<li>Alimenta\u00e7\u00e3o equilibrada (ver regime MIND depois).<\/li>\n<li>Exerc\u00edcio regular (cardio + Refor\u00e7o).<\/li>\n<li>Acompanhamento m\u00e9dico (nutricionista, m\u00e9dico).<\/li>\n<\/ul>\n<div class=\"dynseo-feature-grid\">\n<div class=\"dynseo-feature-card\">\n<h4>N\u00e3o regimes dr\u00e1sticos<\/h4>\n<pee>Yo-yo (ineficaz longo prazo).<\/pee><\/div>\n<div class=\"dynseo-feature-card\">\n<h4>Preven\u00e7\u00e3o<\/h4>\n<pee><\/pee><\/div>\n<div class=\"dynseo-feature-card\">\n<h4>Jovens<\/h4>\n<pee>Manter peso saud\u00e1vel (evitar obesidade instalar).<\/pee><\/div>\n<\/div>\n<\/section>\n<div class=\"section-divider\">\u25c6 \u25c6 \u25c6<\/div>\n<section class=\"dynseo-section\">\n<h2 id=\"section-11\">Diabetes (meia-idade) {#diabetes}<\/h2>\n<h3>Impacto<\/h3>\n<div class=\"dynseo-feature-grid\">\n<div class=\"dynseo-feature-card\">\n<h4>Diabetes tipo 2<\/h4>\n<pee><\/pee><\/div>\n<div class=\"dynseo-feature-card\">\n<h4>Meia-idade<\/h4>\n<pee>+3% risco Alzheimer.<\/pee><\/div>\n<div class=\"dynseo-feature-card\">\n<h4>Tamb\u00e9m<\/h4>\n<pee>Dem\u00eancia vascular.<\/pee><\/div>\n<\/div>\n<h3>Mecanismo<\/h3>\n<div class=\"dynseo-feature-grid\">\n<div class=\"dynseo-feature-card\">\n<h4>Hiperglicemia<\/h4>\n<pee><\/pee><\/div>\n<div class=\"dynseo-feature-card\">\n<h4>Les\u00f5es vasculares<\/h4>\n<pee>Micro-angiopatia (c\u00e9rebro).<\/pee><\/div>\n<div class=\"dynseo-feature-card\">\n<h4>Glica\u00e7\u00e3o<\/h4>\n<pee>Prote\u00ednas (neur\u00f3nios danificados).<\/pee><\/div>\n<div class=\"dynseo-feature-card\">\n<h4>Resist\u00eancia insulina cerebral<\/h4>\n<pee>Glicose entra mal (energia neur\u00f3nios reduzida).<\/pee><\/div>\n<\/div>\n<pee><strong>Inflama\u00e7\u00e3o<\/strong>: Cr\u00f3nica.<\/pee>\n<pee><strong>Alzheimer = &#8220;Diabetes tipo 3&#8221;<\/strong>: Hip\u00f3tese (resist\u00eancia insulina c\u00e9rebro).<\/pee>\n<h3>A\u00e7\u00f5es<\/h3>\n<div class=\"dynseo-feature-grid\">\n<div class=\"dynseo-feature-card\">\n<h4>Prevenir diabetes<\/h4>\n<pee><\/pee><\/div>\n<div class=\"dynseo-feature-card\">\n<h4>Alimenta\u00e7\u00e3o<\/h4>\n<pee>\u00cdndice glic\u00e9mico baixo, fibras.<\/pee><\/div>\n<div class=\"dynseo-feature-card\">\n<h4>Exerc\u00edcio<\/h4>\n<pee>Regular (sensibilidade insulina).<\/pee><\/div>\n<div class=\"dynseo-feature-card\">\n<h4>Peso<\/h4>\n<pee>Manter saud\u00e1vel.<\/pee><\/div>\n<\/div>\n<div class=\"dynseo-feature-grid\">\n<div class=\"dynseo-feature-card\">\n<h4>Se diabetes<\/h4>\n<pee><\/pee><\/div>\n<div class=\"dynseo-feature-card\">\n<h4>Controlar glicemia<\/h4>\n<pee>HbA1c &lt;7% (alvo).<\/pee><\/div>\n<div class=\"dynseo-feature-card\">\n<h4>Tratamentos<\/h4>\n<pee>Antidiab\u00e9ticos (tomar corretamente).<\/pee><\/div>\n<div class=\"dynseo-feature-card\">\n<h4>Acompanhamento<\/h4>\n<pee>M\u00e9dico (complica\u00e7\u00f5es vasculares).<\/pee><\/div>\n<\/div>\n<\/section>\n<section class=\"dynseo-section\">\n<h2 id=\"section-12\">Consumo excessivo de \u00e1lcool (meia-idade) {#alcool}<\/h2>\n<h3>Impacto<\/h3>\n<div class=\"dynseo-feature-grid\">\n<div class=\"dynseo-feature-card\">\n<h4>\u00c1lcool<\/h4>\n<pee><\/pee><\/div>\n<div class=\"dynseo-feature-card\">\n<h4>Excessivo<\/h4>\n<pee>&gt;21 copos\/semana (+1% risco Alzheimer).<\/pee><\/div>\n<div class=\"dynseo-feature-card\">\n<h4>Moderado<\/h4>\n<pee>Debate (alguns dizem protetor, outros neutros).<\/pee><\/div>\n<div class=\"dynseo-feature-card\">\n<h4>Excessivo<\/h4>\n<pee>T\u00f3xico direto c\u00e9rebro.<\/pee><\/div>\n<\/div>\n<h3>Mecanismo<\/h3>\n<div class=\"dynseo-feature-grid\">\n<div class=\"dynseo-feature-card\">\n<h4>\u00c1lcool excessivo<\/h4>\n<pee><\/pee><\/div>\n<div class=\"dynseo-feature-card\">\n<h4>Neurot\u00f3xico<\/h4>\n<pee>Direto (destr\u00f3i neur\u00f3nios).<\/pee><\/div>\n<div class=\"dynseo-feature-card\">\n<h4>Car\u00eancia B1<\/h4>\n<pee>Tiamina (s\u00edndrome Wernicke-Korsakoff, dem\u00eancia).<\/pee><\/div>\n<div class=\"dynseo-feature-card\">\n<h4>Les\u00f5es vasculares<\/h4>\n<pee>AVC, atrofia cerebral.<\/pee><\/div>\n<\/div>\n<pee><strong>Inflama\u00e7\u00e3o<\/strong>: Cr\u00f3nica.<\/pee>\n<h3>A\u00e7\u00f5es<\/h3>\n<div class=\"dynseo-feature-grid\">\n<div class=\"dynseo-feature-card\">\n<h4>Limitar<\/h4>\n<pee><\/pee><\/div>\n<div class=\"dynseo-feature-card\">\n<h4>Recomenda\u00e7\u00f5es<\/h4>\n<pee>M\u00e1x 10 copos\/semana, 2 copos\/dia, dias sem.<\/pee><\/div>\n<div class=\"dynseo-feature-card\">\n<h4>Ideal<\/h4>\n<pee>Menos (ou zero).<\/pee><\/div>\n<div class=\"dynseo-feature-card\">\n<h4>Se depend\u00eancia<\/h4>\n<pee><\/pee><\/div>\n<\/div>\n<pee><strong>Ajuda<\/strong>: Adictologistas, AA (Alco\u00f3licos An\u00f3nimos).<\/pee>\n<pee><strong>Desintoxica\u00e7\u00e3o<\/strong>: M\u00e9dica (perigoso sozinho se depend\u00eancia severa).<\/pee><\/section>\n<div class=\"section-divider\">\u25c6 \u25c6 \u25c6<\/div>\n<section class=\"dynseo-section\">\n<h2 id=\"section-13\">Traumatismos cranianos (toda vida) {#traumatismos}<\/h2>\n<h3>Impacto<\/h3>\n<div class=\"dynseo-feature-grid\">\n<div class=\"dynseo-feature-card\">\n<h4>Traumatismos<\/h4>\n<pee><\/pee><\/div>\n<div class=\"dynseo-feature-card\">\n<h4>Leves repetidos<\/h4>\n<pee>Como\u00e7\u00f5es (desportos contacto, quedas).<\/pee><\/div>\n<div class=\"dynseo-feature-card\">\n<h4>Severos<\/h4>\n<pee>Acidentes (carro, queda grave).<\/pee><\/div>\n<div class=\"dynseo-feature-card\">\n<h4>Risco Alzheimer<\/h4>\n<pee>+3% (cumulativo).<\/pee><\/div>\n<\/div>\n<h3>Mecanismo<\/h3>\n<div class=\"dynseo-feature-grid\">\n<div class=\"dynseo-feature-card\">\n<h4>Choque<\/h4>\n<pee><\/pee><\/div>\n<div class=\"dynseo-feature-card\">\n<h4>Les\u00f5es axonais<\/h4>\n<pee>Conex\u00f5es neur\u00f3nios (danificadas).<\/pee><\/div>\n<div class=\"dynseo-feature-card\">\n<h4>Inflama\u00e7\u00e3o<\/h4>\n<pee>Aguda depois cr\u00f3nica (se repetido).<\/pee><\/div>\n<div class=\"dynseo-feature-card\">\n<h4>Acumula\u00e7\u00e3o tau<\/h4>\n<pee>Prote\u00edna (emaranhados, Alzheimer).<\/pee><\/div>\n<\/div>\n<pee><strong>CTE<\/strong>: Encefalopatia traum\u00e1tica cr\u00f3nica (boxers, futebol americano, dem\u00eancia precoce).<\/pee>\n<h3>A\u00e7\u00f5es<\/h3>\n<div class=\"dynseo-feature-grid\">\n<div class=\"dynseo-feature-card\">\n<h4>Prevenir<\/h4>\n<pee><\/pee><\/div>\n<div class=\"dynseo-feature-card\">\n<h4>Desportos<\/h4>\n<pee>Capacetes (bicicleta, ski), prote\u00e7\u00f5es (desportos contacto).<\/pee><\/div>\n<div class=\"dynseo-feature-card\">\n<h4>Carro<\/h4>\n<pee>Cinto, condu\u00e7\u00e3o prudente.<\/pee><\/div>\n<div class=\"dynseo-feature-card\">\n<h4>Domic\u00edlio<\/h4>\n<pee>Prevenir quedas (idosos: escadas, tapetes).<\/pee><\/div>\n<\/div>\n<div class=\"dynseo-feature-grid\">\n<div class=\"dynseo-feature-card\">\n<h4>Se traumatismo<\/h4>\n<pee><\/pee><\/div>\n<div class=\"dynseo-feature-card\">\n<h4>Repouso<\/h4>\n<pee>Cognitivo (ecr\u00e3s, leitura limitados).<\/pee><\/div>\n<div class=\"dynseo-feature-card\">\n<h4>Consulta<\/h4>\n<pee>M\u00e9dico (vigil\u00e2ncia).<\/pee><\/div>\n<div class=\"dynseo-feature-card\">\n<h4>N\u00e3o minimizar<\/h4>\n<pee>&quot;Simples incha\u00e7o&quot; (se sintomas: dores cabe\u00e7a, tonturas, confus\u00e3o).<\/pee><\/div>\n<\/div>\n<p><\/a><\/section>\n<section class=\"dynseo-section\">\n<h2 id=\"section-14\">Polui\u00e7\u00e3o do ar (toda vida) {#poluicao}<\/h2>\n<h3>Impacto<\/h3>\n<div class=\"dynseo-feature-grid\">\n<div class=\"dynseo-feature-card\">\n<h4>Polui\u00e7\u00e3o<\/h4>\n<pee><\/pee><\/div>\n<div class=\"dynseo-feature-card\">\n<h4>Part\u00edculas finas<\/h4>\n<pee>PM2.5, PM10 (ve\u00edculos, ind\u00fastrias).<\/pee><\/div>\n<div class=\"dynseo-feature-card\">\n<h4>Risco Alzheimer<\/h4>\n<pee>+2% (exposi\u00e7\u00e3o cr\u00f3nica).<\/pee><\/div>\n<\/div>\n<h3>Mecanismo<\/h3>\n<div class=\"dynseo-feature-grid\">\n<div class=\"dynseo-feature-card\">\n<h4>Part\u00edculas<\/h4>\n<pee><\/pee><\/div>\n<div class=\"dynseo-feature-card\">\n<h4>Inaladas<\/h4>\n<pee>Pulm\u00f5es, depois sangue (atravessam barreira hemato-encef\u00e1lica).<\/pee><\/div>\n<div class=\"dynseo-feature-card\">\n<h4>Inflama\u00e7\u00e3o<\/h4>\n<pee>C\u00e9rebro (microglia ativada).<\/pee><\/div>\n<div class=\"dynseo-feature-card\">\n<h4>Estresse oxidativo<\/h4>\n<pee>Radicais livres.<\/pee><\/div>\n<\/div>\n<pee><strong>Acumula\u00e7\u00e3o amiloide<\/strong>: Favorecida.<\/pee>\n<h3>A\u00e7\u00f5es<\/h3>\n<div class=\"dynseo-feature-grid\">\n<div class=\"dynseo-feature-card\">\n<h4>Reduzir exposi\u00e7\u00e3o<\/h4>\n<pee><\/pee><\/div>\n<div class=\"dynseo-feature-card\">\n<h4>Evitar<\/h4>\n<pee>Picos polui\u00e7\u00e3o (ficar interior, dias alertas).<\/pee><\/div>\n<div class=\"dynseo-feature-card\">\n<h4>Transportes<\/h4>\n<pee>Menos carro (marcha, bicicleta rotas calmas, transportes p\u00fablico).<\/pee><\/div>\n<div class=\"dynseo-feature-card\">\n<h4>Domic\u00edlio<\/h4>\n<pee>Arejar (cedo manh\u00e3, tarde noite, evitar horas ponta).<\/pee><\/div>\n<\/div>\n<div class=\"dynseo-feature-grid\">\n<div class=\"dynseo-feature-card\">\n<h4>Purificadores ar<\/h4>\n<pee>Se zona muito polu\u00edda (filtros HEPA).<\/pee><\/div>\n<div class=\"dynseo-feature-card\">\n<h4>Plantas<\/h4>\n<pee>Interior (absorvem poluentes, modesto).<\/pee><\/div>\n<div class=\"dynseo-feature-card\">\n<h4>Pol\u00edtica<\/h4>\n<pee><\/pee><\/div>\n<div class=\"dynseo-feature-card\">\n<h4>Apoiar<\/h4>\n<pee>Medidas anti-polui\u00e7\u00e3o (voto, peti\u00e7\u00f5es).<\/pee><\/div>\n<\/div>\n<\/section>\n<div class=\"section-divider\">\u25c6 \u25c6 \u25c6<\/div>\n<section class=\"dynseo-section\">\n<h2 id=\"section-15\">Inatividade f\u00edsica (toda vida) {#inatividade}<\/h2>\n<h3>Impacto<\/h3>\n<div class=\"dynseo-feature-grid\">\n<div class=\"dynseo-feature-card\">\n<h4>Sedentarismo<\/h4>\n<pee><\/pee><\/div>\n<div class=\"dynseo-feature-card\">\n<h4>Risco Alzheimer<\/h4>\n<pee>+3% (estimativas vari\u00e1veis).<\/pee><\/div>\n<div class=\"dynseo-feature-card\">\n<h4>Multifatorial<\/h4>\n<pee>Liga obesidade, diabetes, hipertens\u00e3o (fatores).<\/pee><\/div>\n<\/div>\n<h3>Mecanismo<\/h3>\n<div class=\"dynseo-feature-grid\">\n<div class=\"dynseo-feature-card\">\n<h4>Exerc\u00edcio f\u00edsico<\/h4>\n<pee><\/pee><\/div>\n<div class=\"dynseo-feature-card\">\n<h4>Circula\u00e7\u00e3o sangu\u00ednea<\/h4>\n<pee>C\u00e9rebro (oxig\u00e9nio, nutrientes).<\/pee><\/div>\n<div class=\"dynseo-feature-card\">\n<h4>BDNF<\/h4>\n<pee>Fator neurotr\u00f3fico (crescimento neur\u00f3nios, plasticidade).<\/pee><\/div>\n<div class=\"dynseo-feature-card\">\n<h4>Neurog\u00e9nese<\/h4>\n<pee>Hipocampo (novos neur\u00f3nios, mesmo adultos).<\/pee><\/div>\n<\/div>\n<div class=\"dynseo-feature-grid\">\n<div class=\"dynseo-feature-card\">\n<h4>Inflama\u00e7\u00e3o<\/h4>\n<pee>Reduzida.<\/pee><\/div>\n<div class=\"dynseo-feature-card\">\n<h4>Inatividade<\/h4>\n<pee><\/pee><\/div>\n<div class=\"dynseo-feature-card\">\n<h4>Inverso<\/h4>\n<pee>Todos benef\u00edcios perdidos.<\/pee><\/div>\n<\/div>\n<h3>A\u00e7\u00f5es<\/h3>\n<div class=\"dynseo-feature-grid\">\n<div class=\"dynseo-feature-card\">\n<h4>Mover<\/h4>\n<pee><\/pee><\/div>\n<div class=\"dynseo-feature-card\">\n<h4>Recomenda\u00e7\u00e3o<\/h4>\n<pee>150 min\/semana (moderado) ou 75 min (intenso).<\/pee><\/div>\n<div class=\"dynseo-feature-card\">\n<h4>Tipos<\/h4>\n<pee><\/pee><\/div>\n<\/div>\n<ul class=\"styled-list\">\n<li>Marcha r\u00e1pida (30 min\/dia).<\/li>\n<li>Nata\u00e7\u00e3o, bicicleta, dan\u00e7a.<\/li>\n<li>Jardinagem, tarefas dom\u00e9sticas ativas.<\/li>\n<li>Muscula\u00e7\u00e3o (2 vezes\/semana).<\/li>\n<\/ul>\n<div class=\"dynseo-feature-grid\">\n<div class=\"dynseo-feature-card\">\n<h4>Toda vida<\/h4>\n<pee><\/pee><\/div>\n<div class=\"dynseo-feature-card\">\n<h4>Crian\u00e7as<\/h4>\n<pee>Atividade quotidiana (h\u00e1bitos).<\/pee><\/div>\n<div class=\"dynseo-feature-card\">\n<h4>Adultos<\/h4>\n<pee>Manter (escadas vs elevador).<\/pee><\/div>\n<div class=\"dynseo-feature-card\">\n<h4>Idosos<\/h4>\n<pee>Adaptar (gin\u00e1stica suave, hidrogin\u00e1stica).<\/pee><\/div>\n<\/div>\n<pee><strong>Ver artigo dedicado<\/strong>: Alzheimer e desporto (depois).<\/pee><\/section>\n<section class=\"dynseo-section\">\n<h2 id=\"section-16\">Agir: por onde come\u00e7ar? {#agir}<\/h2>\n<h3>Avaliar riscos pessoais<\/h3>\n<div class=\"dynseo-feature-grid\">\n<div class=\"dynseo-feature-card\">\n<h4>Lista 12 fatores<\/h4>\n<pee><\/pee><\/div>\n<div class=\"dynseo-feature-card\">\n<h4>Assinalar<\/h4>\n<pee>Os que lhe dizem respeito.<\/pee><\/div>\n<div class=\"dynseo-feature-card\">\n<h4>Priorizar<\/h4>\n<pee>Fatores modific\u00e1veis facilmente (ganhos r\u00e1pidos).<\/pee><\/div>\n<\/div>\n<h3>Plano de a\u00e7\u00e3o progressivo<\/h3>\n<div class=\"dynseo-feature-grid\">\n<div class=\"dynseo-feature-card\">\n<h4>N\u00e3o tudo ao mesmo tempo<\/h4>\n<pee><\/pee><\/div>\n<div class=\"dynseo-feature-card\">\n<h4>Falha<\/h4>\n<pee>Mudan\u00e7as dr\u00e1sticas (insustent\u00e1veis).<\/pee><\/div>\n<div class=\"dynseo-feature-card\">\n<h4>M\u00e9todo<\/h4>\n<pee>1-2 fatores \/ 3 meses (ancorar h\u00e1bitos).<\/pee><\/div>\n<div class=\"dynseo-feature-card\">\n<h4>Exemplos<\/h4>\n<pee><\/pee><\/div>\n<\/div>\n<div class=\"dynseo-feature-grid\">\n<div class=\"dynseo-feature-card\">\n<h4>Trimestre 1<\/h4>\n<pee>Parar tabaco + Marcha 30 min\/dia.<\/pee><\/div>\n<div class=\"dynseo-feature-card\">\n<h4>Trimestre 2<\/h4>\n<pee>Controlar tens\u00e3o + Reduzir \u00e1lcool.<\/pee><\/div>\n<div class=\"dynseo-feature-card\">\n<h4>Trimestre 3<\/h4>\n<pee>Perder 5 kg + Juntar-se clube social.<\/pee><\/div>\n<\/div>\n<h3>Acompanhamento m\u00e9dico<\/h3>\n<div class=\"dynseo-feature-grid\">\n<div class=\"dynseo-feature-card\">\n<h4>Balan\u00e7o<\/h4>\n<pee><\/pee><\/div>\n<div class=\"dynseo-feature-card\">\n<h4>45 anos<\/h4>\n<pee>Hipertens\u00e3o, diabetes, colesterol, IMC.<\/pee><\/div>\n<div class=\"dynseo-feature-card\">\n<h4>50 anos<\/h4>\n<pee>Audiograma.<\/pee><\/div>\n<div class=\"dynseo-feature-card\">\n<h4>60 anos<\/h4>\n<pee>Avalia\u00e7\u00e3o cognitiva (baseline).<\/pee><\/div>\n<\/div>\n<pee><strong>Regular<\/strong>: M\u00e9dico de fam\u00edlia (ajustar).<\/pee>\n<h3>Combinar fatores<\/h3>\n<div class=\"dynseo-feature-grid\">\n<div class=\"dynseo-feature-card\">\n<h4>Sinergia<\/h4>\n<pee><\/pee><\/div>\n<div class=\"dynseo-feature-card\">\n<h4>Exerc\u00edcio<\/h4>\n<pee>Reduz obesidade, diabetes, hipertens\u00e3o, depress\u00e3o, isolamento.<\/pee><\/div>\n<div class=\"dynseo-feature-card\">\n<h4>Alimenta\u00e7\u00e3o<\/h4>\n<pee>Controla peso, diabetes, hipertens\u00e3o.<\/pee><\/div>\n<div class=\"dynseo-feature-card\">\n<h4>Social<\/h4>\n<pee>Combate isolamento, depress\u00e3o.<\/pee><\/div>\n<\/div>\n<pee><strong>Agir v\u00e1rias frentes<\/strong>: Maximiza benef\u00edcios.<\/pee>\n<h3>Nunca muito tarde<\/h3>\n<div class=\"dynseo-feature-grid\">\n<div class=\"dynseo-feature-card\">\n<h4>Mesmo 70 anos<\/h4>\n<pee><\/pee><\/div>\n<div class=\"dynseo-feature-card\">\n<h4>Benef\u00edcios<\/h4>\n<pee>Exerc\u00edcio, social, alimenta\u00e7\u00e3o (provados).<\/pee><\/div>\n<div class=\"dynseo-feature-card\">\n<h4>Decl\u00ednio<\/h4>\n<pee>Abrandado (qualidade vida melhorada).<\/pee><\/div>\n<div class=\"dynseo-feature-card\">\n<h4>Esperan\u00e7a<\/h4>\n<pee>Cada mudan\u00e7a conta.<\/pee><\/div>\n<\/div>\n<\/section>\n<div class=\"section-divider\">\u25c6 \u25c6 \u25c6<\/div>\n<section class=\"dynseo-section\">\n<h2 id=\"section-17\">Testemunhos<\/h2>\n<h3>Jo\u00e3o, 58 anos<\/h3>\n<pee><em>&#8220;45 anos: Hipertens\u00e3o detetada, ignorada. 50 anos: Excesso peso (IMC 32), fumador. M\u00e3e Alzheimer 72 anos, medo. Li Comiss\u00e3o Lancet. Decis\u00e3o: Agir. Parar tabaco (dif\u00edcil, 6 meses adesivos). Exerc\u00edcio: Bicicleta 3 vezes\/semana. Alimenta\u00e7\u00e3o: Menos sal, mais legumes. 3 anos depois: IMC 26, tens\u00e3o normal, forma. Medo Alzheimer? Sempre. Mas ajo. Controlo.&#8221;<\/em><\/pee>\n<h3>Maria, 65 anos<\/h3>\n<pee><em>&#8220;Reforma: Isolamento (amigos partiram, marido falecido). Depress\u00e3o larvada. Filha empurra consultar: Psic\u00f3logo, antidepressivos 6 meses. Juntar clube leitura, voluntariado biblioteca. Agora: Vida social rica, moral melhor. Filha diz: &#8220;M\u00e3e transformada.&#8221; Preven\u00e7\u00e3o Alzheimer? N\u00e3o pensei inicialmente. Agora compreendo: Agir hoje = Prote\u00e7\u00e3o amanh\u00e3.&#8221;<\/em><\/pee>\n<h3>Paulo, 72 anos<\/h3>\n<pee><em>&#8220;Acreditava muito tarde (72 anos). Filho mostra estudos: &#8220;Nunca muito tarde Pai.&#8221; Comecei marcha quotidiana (30 min), parar TV excessiva, atividades cognitivas (<a href=\"https:\/\/www.dynseo.com\/pt-pt\/o-programa-dos-treinadores\/carmen\/\" target=\"_blank\">CARMEN<\/a>, palavras cruzadas). 2 anos depois: Mem\u00f3ria est\u00e1vel (testes cognitivos), energia, otimismo. Lamentei n\u00e3o ter feito antes, mas orgulhoso agora.&#8221;<\/em><\/pee><\/section>\n<section class=\"dynseo-section\">\n<h2 id=\"section-18\">Conclus\u00e3o: 40% de poder nas suas m\u00e3os<\/h2>\n<pee>Alzheimer \u2260 Fatalidade inelut\u00e1vel. 40% casos preven\u00edveis\/retard\u00e1veis = Revolu\u00e7\u00e3o. 12 fatores risco modific\u00e1veis = 12 alavancas de a\u00e7\u00e3o. Educa\u00e7\u00e3o, audi\u00e7\u00e3o, tabaco, depress\u00e3o, isolamento, hipertens\u00e3o, obesidade, diabetes, \u00e1lcool, traumatismos, polui\u00e7\u00e3o, inatividade: Cada um = Poder. Agir jovem (educa\u00e7\u00e3o, preven\u00e7\u00e3o traumatismos), meia-idade (hipertens\u00e3o, tabaco, audi\u00e7\u00e3o), idoso (isolamento, exerc\u00edcio): Toda vida = Oportunidades. Mudan\u00e7as modo vida = N\u00e3o garantia (gen\u00e9tica, idade permanecem), mas maximizam chances c\u00e9rebro saud\u00e1vel. Comece hoje. Um fator. Depois dois. Depois tr\u00eas. O seu c\u00e9rebro agradecer\u00e1. Amanh\u00e3, 10 anos, 30 anos. Preven\u00e7\u00e3o Alzheimer = Maratona, n\u00e3o sprint. Mas cada passo conta.<\/pee>\n<pee><strong>Os 12 fatores a reter:<\/strong><\/pee>\n<pee>1. &#x2705; Educa\u00e7\u00e3o (maximizar juventude, compensar adulto)<\/pee>\n<pee>2. &#x2705; Audi\u00e7\u00e3o (rastrear, aparelhar)<\/pee>\n<pee>3. &#x2705; Tabaco (parar)<\/pee>\n<pee>4. &#x2705; Depress\u00e3o (tratar)<\/pee>\n<pee>5. &#x2705; Isolamento (la\u00e7os sociais)<\/pee>\n<pee>6. &#x2705; Hipertens\u00e3o (controlar)<\/pee>\n<pee>7. &#x2705; Obesidade (perder peso)<\/pee>\n<pee>8. &#x2705; Diabetes (prevenir, controlar)<\/pee>\n<pee>9. &#x2705; \u00c1lcool (limitar)<\/pee>\n<pee>10. &#x2705; Traumatismos (prevenir)<\/pee>\n<pee>11. &#x2705; Polui\u00e7\u00e3o (reduzir exposi\u00e7\u00e3o)<\/pee>\n<pee>12. &#x2705; Inatividade (mover)<\/pee>\n<pee><strong>Voc\u00ea n\u00e3o est\u00e1 sozinho(a). A nossa <a href=\"https:\/\/www.dynseo.com\/pt-pt\/courses\/alzheimer-compreender-a-doenca-e-encontrar-solucoes-para-o-dia-a-dia-pt-pt\/\" target=\"_blank\">forma\u00e7\u00e3o Alzheimer<\/a> explica preven\u00e7\u00e3o. <a href=\"https:\/\/www.dynseo.com\/pt-pt\/o-programa-dos-treinadores\/carmen\/\" target=\"_blank\">CARMEN<\/a> estimula cogni\u00e7\u00e3o (reserva cognitiva). <a href=\"https:\/\/www.dynseo.com\/pt-pt\/acompanhe-as-pessoas-que-sofrem-de-alzheimer\/\" target=\"_blank\">Guia gratuito<\/a>: Todos recursos.<\/strong><\/pee>\n<pee><strong>Recursos DYNSEO para preven\u00e7\u00e3o:<\/strong><\/pee>\n<ul class=\"styled-list\">\n<li><a href=\"https:\/\/www.dynseo.com\/pt-pt\/courses\/alzheimer-compreender-a-doenca-e-encontrar-solucoes-para-o-dia-a-dia-pt-pt\/\" target=\"_blank\">Forma\u00e7\u00e3o Alzheimer: Compreender fatores risco e preven\u00e7\u00e3o<\/a><\/li>\n<li><a href=\"https:\/\/www.dynseo.com\/pt-pt\/o-programa-dos-treinadores\/carmen\/\" target=\"_blank\">CARMEN: Estimula\u00e7\u00e3o cognitiva quotidiana (reserva)<\/a><\/li>\n<li><a href=\"https:\/\/www.dynseo.com\/pt-pt\/acompanhe-as-pessoas-que-sofrem-de-alzheimer\/\" target=\"_blank\">Guia gratuito para acompanhar as pessoas Alzheimer<\/a><\/li>\n<\/ul>\n<pee><em>Voc\u00ea l\u00ea lista 12 fatores. Assinala mentalmente: Tabaco (sim), sedentarismo (sim), isolamento (come\u00e7a). Medo sobe. Depois, percebe: Poder. Cada fator = Alavanca. Voc\u00ea decide: Parar tabaco (agora), marcha 30 min quotidiana (amanh\u00e3), ligar amigo perdido vista (esta noite). Pequenos passos. Mas dirigidos. Rumo c\u00e9rebro protegido, vida longa, l\u00facida. 40% nas suas m\u00e3os. Voc\u00ea fecha punhos. Age. Hoje.<\/em><\/pee>\n<p>[et_pb_code][\/et_pb_code]<\/section>\n<\/div>\n<p>[\/et_pb_code][\/et_pb_column][\/et_pb_row][\/et_pb_section][et_pb_section fb_built=&#8221;1&#8243; _builder_version=&#8221;4.16&#8243;][et_pb_row][et_pb_column type=&#8221;4_4&#8243;][et_pb_code]<script type=\"application\/ld+json\">{\"@context\":\"https:\/\/schema.org\",\"@type\":\"FAQPage\",\"mainEntity\":[{\"@type\":\"Question\",\"name\":\"Quantos casos de dem\u00eancia poderiam ser prevenidos segundo a OMS?\",\"acceptedAnswer\":{\"@type\":\"Answer\",\"text\":\"Segundo a Comiss\u00e3o Lancet validada pela OMS, 40% dos casos de dem\u00eancia poderiam ser prevenidos ou retardados agindo sobre os 12 fatores de risco modific\u00e1veis identificados pela ci\u00eancia.\"}},{\"@type\":\"Question\",\"name\":\"Quais s\u00e3o os 12 fatores de risco modific\u00e1veis para Alzheimer?\",\"acceptedAnswer\":{\"@type\":\"Answer\",\"text\":\"Os 12 fatores de risco modific\u00e1veis s\u00e3o: educa\u00e7\u00e3o limitada, perda de audi\u00e7\u00e3o, tabagismo, depress\u00e3o, isolamento social, hipertens\u00e3o, obesidade, diabetes, consumo excessivo de \u00e1lcool, traumatismos cranianos, polui\u00e7\u00e3o do ar e inatividade f\u00edsica.\"}},{\"@type\":\"Question\",\"name\":\"O Alzheimer \u00e9 uma fatalidade gen\u00e9tica inevit\u00e1vel?\",\"acceptedAnswer\":{\"@type\":\"Answer\",\"text\":\"Falso. O Alzheimer n\u00e3o \u00e9 uma fatalidade gen\u00e9tica inevit\u00e1vel. A ci\u00eancia revela que modificar o modo de vida hoje pode reduzir significativamente o risco de Alzheimer no futuro, pois 40% dos casos podem ser prevenidos ou retardados.\"}},{\"@type\":\"Question\",\"name\":\"Os fatores de risco atuam na mesma idade da vida?\",\"acceptedAnswer\":{\"@type\":\"Answer\",\"text\":\"N\u00e3o, os fatores de risco atuam em diferentes per\u00edodos da vida: alguns na juventude (como educa\u00e7\u00e3o limitada), outros na meia-idade (hipertens\u00e3o, obesidade, diabetes) e outros na idade avan\u00e7ada (isolamento social).\"}},{\"@type\":\"Question\",\"name\":\"\u00c9 tarde demais para prevenir o Alzheimer aos 60 anos?\",\"acceptedAnswer\":{\"@type\":\"Answer\",\"text\":\"Falso. Nunca \u00e9 tarde demais para agir. Muitos fatores de risco podem ser modificados em qualquer idade, e alguns s\u00e3o especialmente relevantes na idade avan\u00e7ada, como o combate ao isolamento social e a manuten\u00e7\u00e3o da atividade f\u00edsica.\"}},{\"@type\":\"Question\",\"name\":\"Qual \u00e9 a fonte cient\u00edfica dos 12 fatores de risco modific\u00e1veis?\",\"acceptedAnswer\":{\"@type\":\"Answer\",\"text\":\"Os 12 fatores de risco modific\u00e1veis foram identificados pela Comiss\u00e3o Lancet (2020, atualizada em 2024) e validados pela Organiza\u00e7\u00e3o Mundial da Sa\u00fade (OMS), representando o consenso cient\u00edfico atual sobre preven\u00e7\u00e3o da dem\u00eancia.\"}}]}<\/script><br \/>\n<script type=\"application\/ld+json\">{\"@context\":\"https:\/\/schema.org\",\"@type\":\"FAQPage\",\"mainEntity\":[{\"@type\":\"Question\",\"name\":\"Quantos casos de dem\u00eancia poderiam ser prevenidos segundo a OMS?\",\"acceptedAnswer\":{\"@type\":\"Answer\",\"text\":\"Segundo a Comiss\u00e3o Lancet validada pela OMS, 40% dos casos de dem\u00eancia poderiam ser prevenidos ou retardados agindo sobre os 12 fatores de risco modific\u00e1veis identificados pela ci\u00eancia.\"}},{\"@type\":\"Question\",\"name\":\"Quais s\u00e3o os 12 fatores de risco modific\u00e1veis para Alzheimer?\",\"acceptedAnswer\":{\"@type\":\"Answer\",\"text\":\"Os 12 fatores de risco modific\u00e1veis s\u00e3o: educa\u00e7\u00e3o limitada, perda de audi\u00e7\u00e3o, tabagismo, depress\u00e3o, isolamento social, hipertens\u00e3o, obesidade, diabetes, consumo excessivo de \u00e1lcool, traumatismos cranianos, polui\u00e7\u00e3o do ar e inatividade f\u00edsica.\"}},{\"@type\":\"Question\",\"name\":\"O Alzheimer \u00e9 uma fatalidade gen\u00e9tica inevit\u00e1vel?\",\"acceptedAnswer\":{\"@type\":\"Answer\",\"text\":\"Falso. O Alzheimer n\u00e3o \u00e9 uma fatalidade gen\u00e9tica inevit\u00e1vel. A ci\u00eancia revela que modificar o modo de vida hoje pode reduzir significativamente o risco de Alzheimer no futuro, pois 40% dos casos podem ser prevenidos ou retardados.\"}},{\"@type\":\"Question\",\"name\":\"Os fatores de risco atuam na mesma idade da vida?\",\"acceptedAnswer\":{\"@type\":\"Answer\",\"text\":\"N\u00e3o, os fatores de risco atuam em diferentes per\u00edodos da vida: alguns na juventude (como educa\u00e7\u00e3o limitada), outros na meia-idade (hipertens\u00e3o, obesidade, diabetes) e outros na idade avan\u00e7ada (isolamento social).\"}},{\"@type\":\"Question\",\"name\":\"\u00c9 tarde demais para prevenir o Alzheimer aos 60 anos?\",\"acceptedAnswer\":{\"@type\":\"Answer\",\"text\":\"Falso. Nunca \u00e9 tarde demais para agir. Muitos fatores de risco podem ser modificados em qualquer idade, e alguns s\u00e3o especialmente relevantes na idade avan\u00e7ada, como o combate ao isolamento social e a manuten\u00e7\u00e3o da atividade f\u00edsica.\"}},{\"@type\":\"Question\",\"name\":\"Qual \u00e9 a fonte cient\u00edfica dos 12 fatores de risco modific\u00e1veis?\",\"acceptedAnswer\":{\"@type\":\"Answer\",\"text\":\"Os 12 fatores de risco modific\u00e1veis foram identificados pela Comiss\u00e3o Lancet (2020, atualizada em 2024) e validados pela Organiza\u00e7\u00e3o Mundial da Sa\u00fade (OMS), representando o consenso cient\u00edfico atual sobre preven\u00e7\u00e3o da dem\u00eancia.\"}}]}<\/script>[\/et_pb_code][\/et_pb_column][\/et_pb_row][\/et_pb_section]<\/p>\n","protected":false},"excerpt":{"rendered":"<p>title: Alzheimer preven\u00e7\u00e3o: 12 fatores risco modific\u00e1veis OMS reduzir dem\u00eancia 40% description: Guia completo 12 fatores risco modific\u00e1veis Alzheimer segundo OMS Lancet: prevenir 40% casos dem\u00eancia, agir educa\u00e7\u00e3o, audi\u00e7\u00e3o, tabaco, depress\u00e3o, isolamento social, hipertens\u00e3o, obesidade, diabetes, \u00e1lcool, traumatismo craniano, polui\u00e7\u00e3o ar, inatividade f\u00edsica e reduzir riscos doen\u00e7a. keywords: Alzheimer, preven\u00e7\u00e3o, fatores risco, OMS, Lancet, dem\u00eancia, [&hellip;]<\/p>\n","protected":false},"author":4,"featured_media":365719,"comment_status":"closed","ping_status":"closed","sticky":false,"template":"","format":"standard","meta":{"_et_pb_use_builder":"on","_et_pb_old_content":"","_et_gb_content_width":"","footnotes":""},"categories":[3582,3347,2982,3002],"tags":[],"class_list":["post-440306","post","type-post","status-publish","format-standard","has-post-thumbnail","hentry","category-advice-from-our-coaches","category-sin-categorizar","category-tudo-sobre-alzheimer","category-3002"],"yoast_head":"<!-- This site is optimized with the Yoast SEO plugin v27.4 - https:\/\/yoast.com\/product\/yoast-seo-wordpress\/ -->\n<title>Alzheimer: os 12 fatores de risco modific\u00e1veis segundo a OMS - DYNSEO - Aplica\u00e7\u00f5es educativas e jogos de mem\u00f3ria<\/title>\n<meta name=\"robots\" content=\"index, follow, max-snippet:-1, max-image-preview:large, max-video-preview:-1\" \/>\n<link rel=\"canonical\" href=\"https:\/\/www.dynseo.com\/pt-pt\/alzheimer-12-fatores-risco-modificaveis-oms\/\" \/>\n<meta property=\"og:locale\" content=\"pt_PT\" \/>\n<meta property=\"og:type\" content=\"article\" \/>\n<meta property=\"og:title\" content=\"Alzheimer: os 12 fatores de risco modific\u00e1veis segundo a OMS - DYNSEO - Aplica\u00e7\u00f5es educativas e jogos de mem\u00f3ria\" \/>\n<meta property=\"og:description\" content=\"title: Alzheimer preven\u00e7\u00e3o: 12 fatores risco modific\u00e1veis OMS reduzir dem\u00eancia 40% description: Guia completo 12 fatores risco modific\u00e1veis Alzheimer segundo OMS Lancet: prevenir 40% casos dem\u00eancia, agir educa\u00e7\u00e3o, audi\u00e7\u00e3o, tabaco, depress\u00e3o, isolamento social, hipertens\u00e3o, obesidade, diabetes, \u00e1lcool, traumatismo craniano, polui\u00e7\u00e3o ar, inatividade f\u00edsica e reduzir riscos doen\u00e7a. keywords: Alzheimer, preven\u00e7\u00e3o, fatores risco, OMS, Lancet, dem\u00eancia, [&hellip;]\" \/>\n<meta property=\"og:url\" content=\"https:\/\/www.dynseo.com\/pt-pt\/alzheimer-12-fatores-risco-modificaveis-oms\/\" \/>\n<meta property=\"og:site_name\" content=\"DYNSEO - Aplica\u00e7\u00f5es educativas e jogos de mem\u00f3ria\" \/>\n<meta property=\"article:published_time\" content=\"2025-12-12T19:53:16+00:00\" \/>\n<meta property=\"article:modified_time\" content=\"2025-12-26T11:46:59+00:00\" \/>\n<meta property=\"og:image\" content=\"https:\/\/www.dynseo.com\/wp-content\/uploads\/2024\/03\/Copie-de-Accueil-article-France-7-1024x768.png\" \/>\n\t<meta property=\"og:image:width\" content=\"1024\" \/>\n\t<meta property=\"og:image:height\" content=\"768\" \/>\n\t<meta property=\"og:image:type\" content=\"image\/png\" \/>\n<meta name=\"author\" content=\"DYNSEO\" \/>\n<meta name=\"twitter:label1\" content=\"Escrito por\" \/>\n\t<meta name=\"twitter:data1\" content=\"DYNSEO\" \/>\n\t<meta name=\"twitter:label2\" content=\"Tempo estimado de leitura\" \/>\n\t<meta name=\"twitter:data2\" content=\"12 minutos\" \/>\n<script type=\"application\/ld+json\" class=\"yoast-schema-graph\">{\"@context\":\"https:\\\/\\\/schema.org\",\"@graph\":[{\"@type\":\"Article\",\"@id\":\"https:\\\/\\\/www.dynseo.com\\\/pt-pt\\\/alzheimer-12-fatores-risco-modificaveis-oms\\\/#article\",\"isPartOf\":{\"@id\":\"https:\\\/\\\/www.dynseo.com\\\/pt-pt\\\/alzheimer-12-fatores-risco-modificaveis-oms\\\/\"},\"author\":{\"name\":\"DYNSEO\",\"@id\":\"https:\\\/\\\/www.dynseo.com\\\/pt-pt\\\/#\\\/schema\\\/person\\\/78ef63df2ee64e0989bc68f8401b38d6\"},\"headline\":\"Alzheimer: os 12 fatores de risco modific\u00e1veis segundo a OMS\",\"datePublished\":\"2025-12-12T19:53:16+00:00\",\"dateModified\":\"2025-12-26T11:46:59+00:00\",\"mainEntityOfPage\":{\"@id\":\"https:\\\/\\\/www.dynseo.com\\\/pt-pt\\\/alzheimer-12-fatores-risco-modificaveis-oms\\\/\"},\"wordCount\":2556,\"publisher\":{\"@id\":\"https:\\\/\\\/www.dynseo.com\\\/pt-pt\\\/#organization\"},\"image\":{\"@id\":\"https:\\\/\\\/www.dynseo.com\\\/pt-pt\\\/alzheimer-12-fatores-risco-modificaveis-oms\\\/#primaryimage\"},\"thumbnailUrl\":\"https:\\\/\\\/www.dynseo.com\\\/wp-content\\\/uploads\\\/2024\\\/03\\\/Copie-de-Accueil-article-France-7.png\",\"articleSection\":[\"Advice from our coaches\",\"Sin categorizar\",\"Tudo sobre Alzheimer\",\"\u6240\u6709\u5173\u4e8e\u963f\u5c14\u8328\u6d77\u9ed8\u6c0f\u75c7 - Alzheimer\"],\"inLanguage\":\"pt-PT\"},{\"@type\":\"WebPage\",\"@id\":\"https:\\\/\\\/www.dynseo.com\\\/pt-pt\\\/alzheimer-12-fatores-risco-modificaveis-oms\\\/\",\"url\":\"https:\\\/\\\/www.dynseo.com\\\/pt-pt\\\/alzheimer-12-fatores-risco-modificaveis-oms\\\/\",\"name\":\"Alzheimer: os 12 fatores de risco modific\u00e1veis segundo a OMS - DYNSEO - Aplica\u00e7\u00f5es educativas e jogos de mem\u00f3ria\",\"isPartOf\":{\"@id\":\"https:\\\/\\\/www.dynseo.com\\\/pt-pt\\\/#website\"},\"primaryImageOfPage\":{\"@id\":\"https:\\\/\\\/www.dynseo.com\\\/pt-pt\\\/alzheimer-12-fatores-risco-modificaveis-oms\\\/#primaryimage\"},\"image\":{\"@id\":\"https:\\\/\\\/www.dynseo.com\\\/pt-pt\\\/alzheimer-12-fatores-risco-modificaveis-oms\\\/#primaryimage\"},\"thumbnailUrl\":\"https:\\\/\\\/www.dynseo.com\\\/wp-content\\\/uploads\\\/2024\\\/03\\\/Copie-de-Accueil-article-France-7.png\",\"datePublished\":\"2025-12-12T19:53:16+00:00\",\"dateModified\":\"2025-12-26T11:46:59+00:00\",\"breadcrumb\":{\"@id\":\"https:\\\/\\\/www.dynseo.com\\\/pt-pt\\\/alzheimer-12-fatores-risco-modificaveis-oms\\\/#breadcrumb\"},\"inLanguage\":\"pt-PT\",\"potentialAction\":[{\"@type\":\"ReadAction\",\"target\":[\"https:\\\/\\\/www.dynseo.com\\\/pt-pt\\\/alzheimer-12-fatores-risco-modificaveis-oms\\\/\"]}]},{\"@type\":\"ImageObject\",\"inLanguage\":\"pt-PT\",\"@id\":\"https:\\\/\\\/www.dynseo.com\\\/pt-pt\\\/alzheimer-12-fatores-risco-modificaveis-oms\\\/#primaryimage\",\"url\":\"https:\\\/\\\/www.dynseo.com\\\/wp-content\\\/uploads\\\/2024\\\/03\\\/Copie-de-Accueil-article-France-7.png\",\"contentUrl\":\"https:\\\/\\\/www.dynseo.com\\\/wp-content\\\/uploads\\\/2024\\\/03\\\/Copie-de-Accueil-article-France-7.png\",\"width\":2000,\"height\":1500,\"caption\":\"Encontre solu\u00e7\u00f5es digitais para melhorar o desenvolvimento cognitivo\"},{\"@type\":\"BreadcrumbList\",\"@id\":\"https:\\\/\\\/www.dynseo.com\\\/pt-pt\\\/alzheimer-12-fatores-risco-modificaveis-oms\\\/#breadcrumb\",\"itemListElement\":[{\"@type\":\"ListItem\",\"position\":1,\"name\":\"Accueil\",\"item\":\"https:\\\/\\\/www.dynseo.com\\\/pt-pt\\\/\"},{\"@type\":\"ListItem\",\"position\":2,\"name\":\"Alzheimer: os 12 fatores de risco modific\u00e1veis segundo a OMS\"}]},{\"@type\":\"WebSite\",\"@id\":\"https:\\\/\\\/www.dynseo.com\\\/pt-pt\\\/#website\",\"url\":\"https:\\\/\\\/www.dynseo.com\\\/pt-pt\\\/\",\"name\":\"Jeux de m\u00e9moire et stimulation cognitive\",\"description\":\"Entra\u00eenez votre m\u00e9moire et votre cerveau avec DYNSEO\",\"publisher\":{\"@id\":\"https:\\\/\\\/www.dynseo.com\\\/pt-pt\\\/#organization\"},\"potentialAction\":[{\"@type\":\"SearchAction\",\"target\":{\"@type\":\"EntryPoint\",\"urlTemplate\":\"https:\\\/\\\/www.dynseo.com\\\/pt-pt\\\/?s={search_term_string}\"},\"query-input\":{\"@type\":\"PropertyValueSpecification\",\"valueRequired\":true,\"valueName\":\"search_term_string\"}}],\"inLanguage\":\"pt-PT\"},{\"@type\":\"Organization\",\"@id\":\"https:\\\/\\\/www.dynseo.com\\\/pt-pt\\\/#organization\",\"name\":\"DYNSEO\",\"url\":\"https:\\\/\\\/www.dynseo.com\\\/pt-pt\\\/\",\"logo\":{\"@type\":\"ImageObject\",\"inLanguage\":\"pt-PT\",\"@id\":\"https:\\\/\\\/www.dynseo.com\\\/pt-pt\\\/#\\\/schema\\\/logo\\\/image\\\/\",\"url\":\"https:\\\/\\\/www.dynseo.com\\\/wp-content\\\/uploads\\\/2022\\\/05\\\/logo-dynseo-new.png\",\"contentUrl\":\"https:\\\/\\\/www.dynseo.com\\\/wp-content\\\/uploads\\\/2022\\\/05\\\/logo-dynseo-new.png\",\"width\":5073,\"height\":1397,\"caption\":\"DYNSEO\"},\"image\":{\"@id\":\"https:\\\/\\\/www.dynseo.com\\\/pt-pt\\\/#\\\/schema\\\/logo\\\/image\\\/\"}},{\"@type\":\"Person\",\"@id\":\"https:\\\/\\\/www.dynseo.com\\\/pt-pt\\\/#\\\/schema\\\/person\\\/78ef63df2ee64e0989bc68f8401b38d6\",\"name\":\"DYNSEO\",\"url\":\"https:\\\/\\\/www.dynseo.com\\\/pt-pt\\\/author\\\/justine\\\/\"}]}<\/script>\n<!-- \/ Yoast SEO plugin. -->","yoast_head_json":{"title":"Alzheimer: os 12 fatores de risco modific\u00e1veis segundo a OMS - DYNSEO - Aplica\u00e7\u00f5es educativas e jogos de mem\u00f3ria","robots":{"index":"index","follow":"follow","max-snippet":"max-snippet:-1","max-image-preview":"max-image-preview:large","max-video-preview":"max-video-preview:-1"},"canonical":"https:\/\/www.dynseo.com\/pt-pt\/alzheimer-12-fatores-risco-modificaveis-oms\/","og_locale":"pt_PT","og_type":"article","og_title":"Alzheimer: os 12 fatores de risco modific\u00e1veis segundo a OMS - DYNSEO - Aplica\u00e7\u00f5es educativas e jogos de mem\u00f3ria","og_description":"title: Alzheimer preven\u00e7\u00e3o: 12 fatores risco modific\u00e1veis OMS reduzir dem\u00eancia 40% description: Guia completo 12 fatores risco modific\u00e1veis Alzheimer segundo OMS Lancet: prevenir 40% casos dem\u00eancia, agir educa\u00e7\u00e3o, audi\u00e7\u00e3o, tabaco, depress\u00e3o, isolamento social, hipertens\u00e3o, obesidade, diabetes, \u00e1lcool, traumatismo craniano, polui\u00e7\u00e3o ar, inatividade f\u00edsica e reduzir riscos doen\u00e7a. keywords: Alzheimer, preven\u00e7\u00e3o, fatores risco, OMS, Lancet, dem\u00eancia, [&hellip;]","og_url":"https:\/\/www.dynseo.com\/pt-pt\/alzheimer-12-fatores-risco-modificaveis-oms\/","og_site_name":"DYNSEO - Aplica\u00e7\u00f5es educativas e jogos de mem\u00f3ria","article_published_time":"2025-12-12T19:53:16+00:00","article_modified_time":"2025-12-26T11:46:59+00:00","og_image":[{"width":1024,"height":768,"url":"https:\/\/www.dynseo.com\/wp-content\/uploads\/2024\/03\/Copie-de-Accueil-article-France-7-1024x768.png","type":"image\/png"}],"author":"DYNSEO","twitter_misc":{"Escrito por":"DYNSEO","Tempo estimado de leitura":"12 minutos"},"schema":{"@context":"https:\/\/schema.org","@graph":[{"@type":"Article","@id":"https:\/\/www.dynseo.com\/pt-pt\/alzheimer-12-fatores-risco-modificaveis-oms\/#article","isPartOf":{"@id":"https:\/\/www.dynseo.com\/pt-pt\/alzheimer-12-fatores-risco-modificaveis-oms\/"},"author":{"name":"DYNSEO","@id":"https:\/\/www.dynseo.com\/pt-pt\/#\/schema\/person\/78ef63df2ee64e0989bc68f8401b38d6"},"headline":"Alzheimer: os 12 fatores de risco modific\u00e1veis segundo a OMS","datePublished":"2025-12-12T19:53:16+00:00","dateModified":"2025-12-26T11:46:59+00:00","mainEntityOfPage":{"@id":"https:\/\/www.dynseo.com\/pt-pt\/alzheimer-12-fatores-risco-modificaveis-oms\/"},"wordCount":2556,"publisher":{"@id":"https:\/\/www.dynseo.com\/pt-pt\/#organization"},"image":{"@id":"https:\/\/www.dynseo.com\/pt-pt\/alzheimer-12-fatores-risco-modificaveis-oms\/#primaryimage"},"thumbnailUrl":"https:\/\/www.dynseo.com\/wp-content\/uploads\/2024\/03\/Copie-de-Accueil-article-France-7.png","articleSection":["Advice from our coaches","Sin categorizar","Tudo sobre Alzheimer","\u6240\u6709\u5173\u4e8e\u963f\u5c14\u8328\u6d77\u9ed8\u6c0f\u75c7 - Alzheimer"],"inLanguage":"pt-PT"},{"@type":"WebPage","@id":"https:\/\/www.dynseo.com\/pt-pt\/alzheimer-12-fatores-risco-modificaveis-oms\/","url":"https:\/\/www.dynseo.com\/pt-pt\/alzheimer-12-fatores-risco-modificaveis-oms\/","name":"Alzheimer: os 12 fatores de risco modific\u00e1veis segundo a OMS - DYNSEO - Aplica\u00e7\u00f5es educativas e jogos de mem\u00f3ria","isPartOf":{"@id":"https:\/\/www.dynseo.com\/pt-pt\/#website"},"primaryImageOfPage":{"@id":"https:\/\/www.dynseo.com\/pt-pt\/alzheimer-12-fatores-risco-modificaveis-oms\/#primaryimage"},"image":{"@id":"https:\/\/www.dynseo.com\/pt-pt\/alzheimer-12-fatores-risco-modificaveis-oms\/#primaryimage"},"thumbnailUrl":"https:\/\/www.dynseo.com\/wp-content\/uploads\/2024\/03\/Copie-de-Accueil-article-France-7.png","datePublished":"2025-12-12T19:53:16+00:00","dateModified":"2025-12-26T11:46:59+00:00","breadcrumb":{"@id":"https:\/\/www.dynseo.com\/pt-pt\/alzheimer-12-fatores-risco-modificaveis-oms\/#breadcrumb"},"inLanguage":"pt-PT","potentialAction":[{"@type":"ReadAction","target":["https:\/\/www.dynseo.com\/pt-pt\/alzheimer-12-fatores-risco-modificaveis-oms\/"]}]},{"@type":"ImageObject","inLanguage":"pt-PT","@id":"https:\/\/www.dynseo.com\/pt-pt\/alzheimer-12-fatores-risco-modificaveis-oms\/#primaryimage","url":"https:\/\/www.dynseo.com\/wp-content\/uploads\/2024\/03\/Copie-de-Accueil-article-France-7.png","contentUrl":"https:\/\/www.dynseo.com\/wp-content\/uploads\/2024\/03\/Copie-de-Accueil-article-France-7.png","width":2000,"height":1500,"caption":"Encontre solu\u00e7\u00f5es digitais para melhorar o desenvolvimento cognitivo"},{"@type":"BreadcrumbList","@id":"https:\/\/www.dynseo.com\/pt-pt\/alzheimer-12-fatores-risco-modificaveis-oms\/#breadcrumb","itemListElement":[{"@type":"ListItem","position":1,"name":"Accueil","item":"https:\/\/www.dynseo.com\/pt-pt\/"},{"@type":"ListItem","position":2,"name":"Alzheimer: os 12 fatores de risco modific\u00e1veis segundo a OMS"}]},{"@type":"WebSite","@id":"https:\/\/www.dynseo.com\/pt-pt\/#website","url":"https:\/\/www.dynseo.com\/pt-pt\/","name":"Jeux de m\u00e9moire et stimulation cognitive","description":"Entra\u00eenez votre m\u00e9moire et votre cerveau avec DYNSEO","publisher":{"@id":"https:\/\/www.dynseo.com\/pt-pt\/#organization"},"potentialAction":[{"@type":"SearchAction","target":{"@type":"EntryPoint","urlTemplate":"https:\/\/www.dynseo.com\/pt-pt\/?s={search_term_string}"},"query-input":{"@type":"PropertyValueSpecification","valueRequired":true,"valueName":"search_term_string"}}],"inLanguage":"pt-PT"},{"@type":"Organization","@id":"https:\/\/www.dynseo.com\/pt-pt\/#organization","name":"DYNSEO","url":"https:\/\/www.dynseo.com\/pt-pt\/","logo":{"@type":"ImageObject","inLanguage":"pt-PT","@id":"https:\/\/www.dynseo.com\/pt-pt\/#\/schema\/logo\/image\/","url":"https:\/\/www.dynseo.com\/wp-content\/uploads\/2022\/05\/logo-dynseo-new.png","contentUrl":"https:\/\/www.dynseo.com\/wp-content\/uploads\/2022\/05\/logo-dynseo-new.png","width":5073,"height":1397,"caption":"DYNSEO"},"image":{"@id":"https:\/\/www.dynseo.com\/pt-pt\/#\/schema\/logo\/image\/"}},{"@type":"Person","@id":"https:\/\/www.dynseo.com\/pt-pt\/#\/schema\/person\/78ef63df2ee64e0989bc68f8401b38d6","name":"DYNSEO","url":"https:\/\/www.dynseo.com\/pt-pt\/author\/justine\/"}]}},"_links":{"self":[{"href":"https:\/\/www.dynseo.com\/pt-pt\/wp-json\/wp\/v2\/posts\/440306","targetHints":{"allow":["GET"]}}],"collection":[{"href":"https:\/\/www.dynseo.com\/pt-pt\/wp-json\/wp\/v2\/posts"}],"about":[{"href":"https:\/\/www.dynseo.com\/pt-pt\/wp-json\/wp\/v2\/types\/post"}],"author":[{"embeddable":true,"href":"https:\/\/www.dynseo.com\/pt-pt\/wp-json\/wp\/v2\/users\/4"}],"replies":[{"embeddable":true,"href":"https:\/\/www.dynseo.com\/pt-pt\/wp-json\/wp\/v2\/comments?post=440306"}],"version-history":[{"count":5,"href":"https:\/\/www.dynseo.com\/pt-pt\/wp-json\/wp\/v2\/posts\/440306\/revisions"}],"predecessor-version":[{"id":455738,"href":"https:\/\/www.dynseo.com\/pt-pt\/wp-json\/wp\/v2\/posts\/440306\/revisions\/455738"}],"wp:featuredmedia":[{"embeddable":true,"href":"https:\/\/www.dynseo.com\/pt-pt\/wp-json\/wp\/v2\/media\/365719"}],"wp:attachment":[{"href":"https:\/\/www.dynseo.com\/pt-pt\/wp-json\/wp\/v2\/media?parent=440306"}],"wp:term":[{"taxonomy":"category","embeddable":true,"href":"https:\/\/www.dynseo.com\/pt-pt\/wp-json\/wp\/v2\/categories?post=440306"},{"taxonomy":"post_tag","embeddable":true,"href":"https:\/\/www.dynseo.com\/pt-pt\/wp-json\/wp\/v2\/tags?post=440306"}],"curies":[{"name":"wp","href":"https:\/\/api.w.org\/{rel}","templated":true}]}}