{"id":440308,"date":"2025-12-12T20:57:22","date_gmt":"2025-12-12T19:57:22","guid":{"rendered":"https:\/\/www.dynseo.com\/vicio-e-plasticidade-cerebral-reconstruir-capacidades-cognitivas\/"},"modified":"2025-12-26T12:47:10","modified_gmt":"2025-12-26T11:47:10","slug":"vicio-e-plasticidade-cerebral-reconstruir-capacidades-cognitivas","status":"publish","type":"post","link":"https:\/\/www.dynseo.com\/pt-pt\/vicio-e-plasticidade-cerebral-reconstruir-capacidades-cognitivas\/","title":{"rendered":"V\u00edcio e plasticidade cerebral: Reconstruir suas capacidades cognitivas"},"content":{"rendered":"<p>[et_pb_section fb_built=&#8221;1&#8243; admin_label=&#8221;Article HTML&#8221; _builder_version=&#8221;4.16&#8243;][et_pb_row admin_label=&#8221;Contenu&#8221; _builder_version=&#8221;4.16&#8243;][et_pb_column type=&#8221;4_4&#8243; _builder_version=&#8221;4.16&#8243;][et_pb_code admin_label=&#8221;HTML import\u00e9&#8221; _builder_version=&#8221;4.16&#8243;]<link href=\"https:\/\/fonts.googleapis.com\/css2?family=Montserrat:wght@400;500;600;700;800&#038;display=swap\" rel=\"stylesheet\">\n<style>\n.dynseo-article{font-family:'Montserrat',-apple-system,BlinkMacSystemFont,'Segoe UI',Roboto,sans-serif;line-height:1.8;color:#2c3e50;max-width:100%}\n.dynseo-article h2{font-family:'Montserrat',sans-serif;font-size:1.8rem;color:#1a1a2e;margin:50px 0 25px;padding-bottom:12px;border-bottom:3px solid #a9e2e4;font-weight:700;transition:all .3s ease}\n.dynseo-article h2:hover{padding-left:10px;border-bottom-color:#e73469}\n.dynseo-article h3{font-family:'Montserrat',sans-serif;font-size:1.3rem;color:#5e5ed7;margin:35px 0 18px;font-weight:600;transition:all .3s ease}\n.dynseo-article h3:hover{color:#e73469}\n.dynseo-article p{margin-bottom:18px;font-size:1.05rem;text-align:justify}\n.dynseo-article img{max-width:100%;height:auto;border-radius:16px;margin:25px 0;box-shadow:0 8px 30px rgba(0,0,0,0.1);transition:all .4s ease}\n.dynseo-article img:hover{transform:scale(1.02);box-shadow:0 15px 50px rgba(0,0,0,0.15)}\n.dynseo-intro{font-size:1.15rem;color:#64748b;border-left:4px solid #a9e2e4;padding-left:25px;margin:35px 0;font-style:italic;background:linear-gradient(90deg,rgba(169,226,228,0.1),transparent);padding:20px 25px;border-radius:0 12px 12px 0;transition:all .3s ease}\n.dynseo-intro:hover{border-left-width:6px;background:linear-gradient(90deg,rgba(169,226,228,0.15),transparent)}\n.dynseo-toc{background:linear-gradient(135deg,#f8fafc 0%,#fff 100%);border-radius:20px;padding:35px;margin:40px 0;border:2px solid #e5e7eb;box-shadow:0 4px 20px rgba(0,0,0,0.05);transition:all .3s ease}\n.dynseo-toc:hover{box-shadow:0 8px 35px rgba(0,0,0,0.08);transform:translateY(-2px)}\n.dynseo-toc .toc-title{font-family:'Montserrat',sans-serif;font-size:1.4rem;margin-bottom:25px;color:#1a1a2e;font-weight:700}\n.dynseo-toc ol{list-style:none;padding:0;margin:0;display:grid;grid-template-columns:repeat(2,1fr);gap:12px}\n.dynseo-toc li{background:#fff;border-radius:12px;padding:14px 18px;border:2px solid #f1f5f9;transition:all .3s ease;border-left:4px solid #ffeca7}\n.dynseo-toc li:hover{background:linear-gradient(135deg,#f8fafc,#fff);transform:translateX(8px);box-shadow:0 6px 20px rgba(0,0,0,0.1);border-left-width:6px}\n.dynseo-toc a{color:#1a1a2e;text-decoration:none;font-size:.95rem;font-weight:500;transition:color .3s}\n.dynseo-toc a:hover{color:#5e5ed7}\n.dynseo-article .styled-list,.dynseo-article ul{margin:20px 0 30px;padding:0;list-style:none}\n.dynseo-article .styled-list li,.dynseo-article ul li{position:relative;padding-left:28px;margin-bottom:14px;line-height:1.7;transition:all .3s ease}\n.dynseo-article .styled-list li:hover,.dynseo-article ul li:hover{padding-left:32px}\n.dynseo-article .styled-list li::before,.dynseo-article ul li::before{content:\"\";position:absolute;left:0;top:8px;width:10px;height:10px;background:#e73469;border-radius:50%;box-shadow:0 2px 8px rgba(231,52,105,0.3);transition:all .3s ease}\n.dynseo-article .styled-list li:hover::before,.dynseo-article ul li:hover::before{transform:scale(1.3);box-shadow:0 4px 12px rgba(231,52,105,0.4)}\n.dynseo-article blockquote{background:linear-gradient(135deg,#fff9f0 0%,#fff5eb 100%);border-left:4px solid #ffeca7;border-radius:0 16px 16px 0;padding:28px 32px;margin:35px 0;position:relative;box-shadow:0 4px 20px rgba(255,236,167,0.3);transition:all .3s ease}\n.dynseo-article blockquote:hover{transform:translateX(5px);box-shadow:0 8px 30px rgba(255,236,167,0.4);border-left-width:6px}\n.dynseo-article blockquote::before{content:\"\u275d\";font-size:3rem;color:#ffeca7;opacity:.4;position:absolute;top:10px;left:15px}\n.dynseo-article blockquote p{font-style:italic;margin-bottom:12px;padding-left:30px}\n.dynseo-article blockquote cite{display:block;font-style:normal;font-weight:600;color:#1a1a2e;padding-left:30px}\n.section-divider{text-align:center;margin:60px 0;font-size:1.8rem;letter-spacing:18px;background:linear-gradient(135deg,#ffeca7,#e73469,#a9e2e4);-webkit-background-clip:text;-webkit-text-fill-color:transparent;background-clip:text}\n.dynseo-tip-box{background:linear-gradient(135deg,#ecfdf5 0%,#d1fae5 100%);border:2px solid #a9e2e4;border-radius:16px;padding:25px 30px;margin:35px 0;position:relative;box-shadow:0 4px 20px rgba(169,226,228,0.3);transition:all .3s ease}\n.dynseo-tip-box:hover{transform:translateY(-3px);box-shadow:0 8px 30px rgba(169,226,228,0.4)}\n.dynseo-tip-box-title{font-family:'Montserrat',sans-serif;font-size:1.15rem;font-weight:700;color:#1a1a2e;margin-bottom:12px;display:flex;align-items:center;gap:10px}\n.dynseo-tip-box-title::before{content:\"\ud83d\udca1\";font-size:1.3rem}\n.dynseo-tip-box p{margin:0;color:#2c3e50}\n.dynseo-feature-grid{display:grid;grid-template-columns:repeat(3,1fr);gap:20px;margin:35px 0}\n.dynseo-feature-card{background:#fff;border-radius:20px;padding:30px 25px;text-align:center;border:2px solid #f1f5f9;transition:all .4s ease;position:relative;overflow:hidden}\n.dynseo-feature-card::before{content:\"\";position:absolute;top:0;left:0;right:0;height:4px;background:linear-gradient(90deg,#ffeca7,#e73469);transform:scaleX(0);transition:transform .3s ease}\n.dynseo-feature-card:hover::before{transform:scaleX(1)}\n.dynseo-feature-card:nth-child(3n+1){border-color:rgba(255,236,167,0.5)}\n.dynseo-feature-card:nth-child(3n+2){border-color:rgba(231,52,105,0.3)}\n.dynseo-feature-card:nth-child(3n+3){border-color:rgba(169,226,228,0.5)}\n.dynseo-feature-card:hover{transform:translateY(-8px);box-shadow:0 20px 50px rgba(0,0,0,0.12)}\n.dynseo-feature-card h4{font-family:'Montserrat',sans-serif;color:#1a1a2e;margin-bottom:10px;font-size:1.1rem;font-weight:600}\n.dynseo-feature-card p{font-size:.95rem;color:#64748b;margin:0}\n.dynseo-highlight-box{background:linear-gradient(135deg,#fef3c7 0%,#fde68a 100%);border:2px solid #ffeca7;border-radius:16px;padding:25px 30px;margin:30px 0;transition:all .3s ease}\n.dynseo-highlight-box:hover{transform:translateY(-3px);box-shadow:0 8px 30px rgba(255,236,167,0.4)}\n.dynseo-highlight-box h4{font-family:'Montserrat',sans-serif;color:#1a1a2e;margin:0 0 12px 0;font-size:1.1rem}\n.dynseo-highlight-box p{margin:0;color:#2c3e50}\n@media(max-width:768px){.dynseo-article h2{font-size:1.5rem}.dynseo-toc ol{grid-template-columns:1fr}.dynseo-feature-grid{grid-template-columns:1fr}}\n<\/style>\n<div class=\"dynseo-article\">\n<nav class=\"dynseo-toc\">\n<div class=\"toc-title\">\ud83d\udccb Sommaire<\/div>\n<ol>\n<li style=\"border-left:4px solid #ffeca7\"><a href=\"#section-1\">Introdu\u00e7\u00e3o: O c\u00e9rebro diante do v\u00edcio<\/a><\/li>\n<li style=\"border-left:4px solid #e73469\"><a href=\"#section-2\">Compreender o v\u00edcio como doen\u00e7a cerebral<\/a><\/li>\n<li style=\"border-left:4px solid #a9e2e4\"><a href=\"#section-3\">As altera\u00e7\u00f5es cognitivas no v\u00edcio<\/a><\/li>\n<li style=\"border-left:4px solid #5e5ed7\"><a href=\"#section-4\">A plasticidade cerebral: uma oportunidade de reconstru\u00e7\u00e3o<\/a><\/li>\n<li style=\"border-left:4px solid #5268c9\"><a href=\"#section-5\">Estrat\u00e9gias de reconstru\u00e7\u00e3o cognitiva<\/a><\/li>\n<li style=\"border-left:4px solid #ffeca7\"><a href=\"#section-6\">Integrar a estimula\u00e7\u00e3o cognitiva ao percurso de recupera\u00e7\u00e3o<\/a><\/li>\n<li style=\"border-left:4px solid #e73469\"><a href=\"#section-7\">O acompanhamento profissional e familiar<\/a><\/li>\n<li style=\"border-left:4px solid #a9e2e4\"><a href=\"#section-8\">Conclus\u00e3o: Reconstruir para se reconstruir<\/a><\/li>\n<\/ol>\n<\/nav>\n<section class=\"dynseo-section\">\n<h2 id=\"section-1\">Introdu\u00e7\u00e3o: O c\u00e9rebro diante do v\u00edcio<\/h2>\n<pee>O v\u00edcio representa muito mais do que um simples mau h\u00e1bito ou falta de for\u00e7a de vontade. \u00c9 uma doen\u00e7a do c\u00e9rebro que modifica profundamente seu funcionamento, seus circuitos e suas capacidades. As subst\u00e2ncias psicoativas e os comportamentos aditivos desviam os sistemas cerebrais de recompensa, alteram a tomada de decis\u00e3o e comprometem o conjunto das fun\u00e7\u00f5es cognitivas.<\/pee>\n<pee>Mas o c\u00e9rebro possui uma capacidade not\u00e1vel: a plasticidade. Esta propriedade que lhe permitiu se adaptar ao v\u00edcio tamb\u00e9m pode ser mobilizada para se liberar dele. Reconstruir suas capacidades cognitivas ap\u00f3s ou durante o percurso de recupera\u00e7\u00e3o constitui um eixo terap\u00eautico promissor, complementar \u00e0s abordagens tradicionais.<\/pee><\/section>\n<section class=\"dynseo-section\">\n<h2 id=\"section-2\">Compreender o v\u00edcio como doen\u00e7a cerebral<\/h2>\n<h3>Defini\u00e7\u00e3o e mecanismos neurobiol\u00f3gicos<\/h3>\n<pee>O v\u00edcio se define como a impossibilidade repetida de controlar um comportamento de consumo de subst\u00e2ncia ou de pr\u00e1tica de uma atividade, apesar do conhecimento de suas consequ\u00eancias negativas. Esta perda de controle caracter\u00edstica resulta de modifica\u00e7\u00f5es cerebrais profundas que afetam v\u00e1rios sistemas.<\/pee>\n<pee>O sistema de recompensa, centrado no circuito dopamin\u00e9rgico mesol\u00edmbico, \u00e9 o primeiro afetado. As subst\u00e2ncias aditivas provocam uma libera\u00e7\u00e3o de dopamina muito superior \u00e0quela gerada pelos prazeres naturais. Esta estimula\u00e7\u00e3o excessiva causa uma dessensibiliza\u00e7\u00e3o progressiva: s\u00e3o necess\u00e1rias doses crescentes para obter o mesmo efeito, enquanto os prazeres ordin\u00e1rios da vida perdem seu atrativo.<\/pee>\n<pee>O c\u00f3rtex pr\u00e9-frontal, sede das fun\u00e7\u00f5es executivas e do controle comportamental, tamb\u00e9m sofre altera\u00e7\u00f5es. Sua capacidade de inibir os impulsos, de avaliar as consequ\u00eancias a longo prazo e de manter decis\u00f5es se encontra comprometida. O equil\u00edbrio entre sistemas impulsivos e sistemas de controle inclina-se em favor dos primeiros.<\/pee>\n<h3>Os diferentes tipos de v\u00edcio<\/h3>\n<pee>Os v\u00edcios em subst\u00e2ncias incluem o \u00e1lcool, o tabaco, a maconha, os opioides, a coca\u00edna, as anfetaminas e numerosas outras drogas. Cada subst\u00e2ncia possui seus mecanismos de a\u00e7\u00e3o espec\u00edficos, mas todas convergem para a altera\u00e7\u00e3o dos circuitos de recompensa e de controle.<\/pee>\n<pee>Os v\u00edcios comportamentais, reconhecidos mais recentemente, dizem respeito ao jogo patol\u00f3gico, ao v\u00edcio em telas e videogames, ao v\u00edcio sexual, \u00e0s compras compulsivas ou aos transtornos alimentares do tipo binge eating. Estes comportamentos ativam os mesmos circuitos cerebrais que as subst\u00e2ncias, gerando modifica\u00e7\u00f5es neurobiol\u00f3gicas similares.<\/pee>\n<h3>O impacto na vida cotidiana<\/h3>\n<pee>O v\u00edcio devasta progressivamente todas as esferas da exist\u00eancia. As rela\u00e7\u00f5es familiares e de amizade se degradam sob o efeito dos comportamentos ligados \u00e0 depend\u00eancia. A vida profissional sofre com o absente\u00edsmo, a queda de desempenho e as dificuldades relacionais. A sa\u00fade f\u00edsica se deteriora, diferentemente segundo as subst\u00e2ncias, mas invariavelmente com o tempo.<\/pee>\n<pee>O sofrimento ps\u00edquico acompanha este decl\u00ednio: culpa, vergonha, perda de autoestima, ansiedade, depress\u00e3o. Este sofrimento frequentemente alimenta o c\u00edrculo vicioso do consumo, utilizado como tentativa de automedica\u00e7\u00e3o que s\u00f3 agrava o problema a longo prazo.<\/pee><\/section>\n<div class=\"section-divider\">\u25c6 \u25c6 \u25c6<\/div>\n<section class=\"dynseo-section\">\n<h2 id=\"section-3\">As altera\u00e7\u00f5es cognitivas no v\u00edcio<\/h2>\n<h3>Um quadro de d\u00e9ficits extensos<\/h3>\n<pee>As pessoas que sofrem de v\u00edcio apresentam altera\u00e7\u00f5es cognitivas que afetam numerosos dom\u00ednios. A aten\u00e7\u00e3o se encontra comprometida, com dificuldades para se concentrar, filtrar as distra\u00e7\u00f5es, manter o foco em uma tarefa. A mem\u00f3ria \u00e9 afetada, tanto a mem\u00f3ria de trabalho quanto a mem\u00f3ria de longo prazo, comprometendo os aprendizados e o funcionamento cotidiano.<\/pee>\n<pee>As fun\u00e7\u00f5es executivas s\u00e3o particularmente afetadas. A inibi\u00e7\u00e3o deficiente torna dif\u00edcil a resist\u00eancia aos impulsos de consumo. A flexibilidade cognitiva reduzida aprisiona em esquemas comportamentais r\u00edgidos. O planejamento e a organiza\u00e7\u00e3o perturbados complicam a gest\u00e3o da vida cotidiana e a implementa\u00e7\u00e3o de estrat\u00e9gias de mudan\u00e7a.<\/pee>\n<pee>A tomada de decis\u00e3o \u00e9 profundamente alterada, com uma tend\u00eancia a privilegiar as gratifica\u00e7\u00f5es imediatas em detrimento dos benef\u00edcios a longo prazo. Esta miopia temporal constitui um obst\u00e1culo maior \u00e0 recupera\u00e7\u00e3o, que exige renunciar ao prazer imediato do consumo por benef\u00edcios diferidos.<\/pee>\n<h3>O efeito das diferentes subst\u00e2ncias<\/h3>\n<pee>Cada subst\u00e2ncia exerce efeitos cognitivos espec\u00edficos al\u00e9m das altera\u00e7\u00f5es comuns. O \u00e1lcool, neurot\u00f3xico direto, causa danos a numerosas estruturas cerebrais, particularmente o cerebelo e as regi\u00f5es frontais. Os d\u00e9ficits mn\u00e9sicos podem ser severos, chegando at\u00e9 a s\u00edndrome de Korsakoff nos casos mais graves.<\/pee>\n<pee>A maconha altera particularmente a mem\u00f3ria e a motiva\u00e7\u00e3o, com efeitos que podem persistir semanas ap\u00f3s a interrup\u00e7\u00e3o do consumo em usu\u00e1rios cr\u00f4nicos. A coca\u00edna e as anfetaminas, estimulantes potentes, comprometem a aten\u00e7\u00e3o e as fun\u00e7\u00f5es executivas. Os opioides retardam o processamento da informa\u00e7\u00e3o e alteram a mem\u00f3ria.<\/pee>\n<h3>Reversibilidade e recupera\u00e7\u00e3o<\/h3>\n<pee>A boa not\u00edcia \u00e9 que muitas destas altera\u00e7\u00f5es s\u00e3o pelo menos parcialmente revers\u00edveis com a abstin\u00eancia e o tempo. O c\u00e9rebro, gra\u00e7as \u00e0 sua plasticidade, pode se reparar e recuperar um funcionamento mais normal. Esta recupera\u00e7\u00e3o espont\u00e2nea pode ser amplificada e acelerada por um trabalho ativo de estimula\u00e7\u00e3o cognitiva.<\/pee>\n<pee>No entanto, certos danos podem ser permanentes, particularmente em caso de consumo prolongado ou de subst\u00e2ncias particularmente neurot\u00f3xicas. O objetivo da reeduca\u00e7\u00e3o cognitiva \u00e9 ent\u00e3o desenvolver estrat\u00e9gias compensat\u00f3rias e otimizar o funcionamento residual.<\/pee><\/section>\n<section class=\"dynseo-section\">\n<h2 id=\"section-4\">A plasticidade cerebral: uma oportunidade de reconstru\u00e7\u00e3o<\/h2>\n<h3>Compreender a plasticidade<\/h3>\n<pee>A plasticidade cerebral designa a capacidade do c\u00e9rebro de se modificar estrutural e funcionalmente em resposta \u00e0s experi\u00eancias. As conex\u00f5es neuronais se refor\u00e7am ou se enfraquecem segundo seu grau de utiliza\u00e7\u00e3o, novas sinapses se formam, certas regi\u00f5es podem at\u00e9 gerar novos neur\u00f4nios.<\/pee>\n<pee>Esta plasticidade jogou contra a pessoa durante a instala\u00e7\u00e3o do v\u00edcio: os circuitos da depend\u00eancia se refor\u00e7aram a cada consumo. Mas ela pode ser revertida a seu favor durante a recupera\u00e7\u00e3o: ao solicitar ativamente as fun\u00e7\u00f5es cognitivas alteradas, estimula-se os circuitos correspondentes e favorece-se seu refor\u00e7o.<\/pee>\n<h3>Os fatores que favorecem a recupera\u00e7\u00e3o<\/h3>\n<pee>V\u00e1rios fatores influenciam a capacidade de recupera\u00e7\u00e3o cognitiva. A idade desempenha um papel: as pessoas jovens se beneficiam de uma plasticidade mais importante. A dura\u00e7\u00e3o e a intensidade do consumo condicionam a amplitude dos danos iniciais. A abstin\u00eancia completa oferece as melhores condi\u00e7\u00f5es de recupera\u00e7\u00e3o, mas melhorias tamb\u00e9m s\u00e3o observadas com a redu\u00e7\u00e3o dos consumos.<\/pee>\n<pee>A higiene de vida global influencia fortemente a recupera\u00e7\u00e3o. O sono, frequentemente perturbado no v\u00edcio, desempenha um papel crucial na consolida\u00e7\u00e3o dos aprendizados e na recupera\u00e7\u00e3o cerebral. A alimenta\u00e7\u00e3o fornece os nutrientes necess\u00e1rios \u00e0 reconstru\u00e7\u00e3o neuronal. A atividade f\u00edsica estimula a produ\u00e7\u00e3o de fatores neurotr\u00f3ficos que favorecem a plasticidade.<\/pee><\/section>\n<div class=\"section-divider\">\u25c6 \u25c6 \u25c6<\/div>\n<section class=\"dynseo-section\">\n<h2 id=\"section-5\">Estrat\u00e9gias de reconstru\u00e7\u00e3o cognitiva<\/h2>\n<h3>O treinamento cognitivo direcionado<\/h3>\n<pee>Programas de remedia\u00e7\u00e3o cognitiva foram desenvolvidos especificamente para as pessoas em recupera\u00e7\u00e3o de v\u00edcio. Estes programas visam as fun\u00e7\u00f5es mais deficit\u00e1rias e as mais importantes para a manuten\u00e7\u00e3o da abstin\u00eancia: aten\u00e7\u00e3o, inibi\u00e7\u00e3o, mem\u00f3ria de trabalho, tomada de decis\u00e3o.<\/pee>\n<pee>Os exerc\u00edcios s\u00e3o geralmente informatizados, permitindo uma adapta\u00e7\u00e3o autom\u00e1tica da dificuldade ao n\u00edvel do usu\u00e1rio. A progress\u00e3o \u00e9 gradual, mantendo um n\u00edvel de desafio \u00f3timo: suficientemente exigente para estimular a adapta\u00e7\u00e3o, n\u00e3o muito dif\u00edcil para evitar o des\u00e2nimo.<\/pee>\n<pee>O programa FERNANDO da DYNSEO oferece uma variedade de exerc\u00edcios adaptados a este trabalho de reconstru\u00e7\u00e3o cognitiva. Suas atividades l\u00fadicas visam a aten\u00e7\u00e3o, a mem\u00f3ria, as fun\u00e7\u00f5es executivas e a velocidade de processamento, fun\u00e7\u00f5es-chave para a recupera\u00e7\u00e3o do v\u00edcio.<\/pee>\n<p><\/a><br \/>\n<a href=\"https:\/\/www.dynseo.com\/pt-pt\/o-programa-dos-treinadores\/fernando-o-seu-treinador-de-cerebro\/\" target=\"_blank\">Descobrir FERNANDO para a reconstru\u00e7\u00e3o cognitiva<\/a><\/p>\n<h3>Refor\u00e7ar a inibi\u00e7\u00e3o<\/h3>\n<pee>A inibi\u00e7\u00e3o, capacidade de frear os impulsos e os comportamentos autom\u00e1ticos, constitui um alvo priorit\u00e1rio. Exerc\u00edcios do tipo go\/no-go, onde \u00e9 preciso responder a certos est\u00edmulos e abster-se de responder a outros, treinam especificamente esta fun\u00e7\u00e3o.<\/pee>\n<pee>Na vida cotidiana, exercitar-se para diferir as gratifica\u00e7\u00f5es, mesmo menores, refor\u00e7a o m\u00fasculo da inibi\u00e7\u00e3o. Esperar alguns minutos antes de comer quando se tem fome, resistir \u00e0 vontade de consultar o telefone, terminar uma tarefa antes de come\u00e7ar outra: estes micro-exerc\u00edcios cotidianos refor\u00e7am progressivamente o controle volunt\u00e1rio.<\/pee>\n<h3>Desenvolver a flexibilidade cognitiva<\/h3>\n<pee>A flexibilidade cognitiva ajuda a sair dos esquemas autom\u00e1ticos que levam ao consumo e a considerar alternativas. Exerc\u00edcios de altern\u00e2ncia entre diferentes tarefas ou regras solicitam esta capacidade. Modificar suas rotinas, experimentar novas atividades, considerar as situa\u00e7\u00f5es sob diferentes \u00e2ngulos contribuem para esta flexibilidade.<\/pee>\n<pee>O trabalho sobre os pensamentos autom\u00e1ticos, oriundo da terapia cognitiva, desenvolve igualmente a flexibilidade mental. Identificar os pensamentos que precedem o desejo de consumir, question\u00e1-los, considerar interpreta\u00e7\u00f5es alternativas flexibiliza um pensamento frequentemente rigidamente orientado para a subst\u00e2ncia.<\/pee>\n<h3>Melhorar a tomada de decis\u00e3o<\/h3>\n<pee>A tomada de decis\u00e3o deficit\u00e1ria no v\u00edcio pode ser trabalhada por exerc\u00edcios estruturados. Listar as vantagens e desvantagens de diferentes op\u00e7\u00f5es, considerar as consequ\u00eancias a curto e longo prazo, exercitar-se para diferir as escolhas para uma reflex\u00e3o mais aprofundada: estas pr\u00e1ticas contrabalan\u00e7am a impulsividade decisional.<\/pee>\n<pee>Os jogos de estrat\u00e9gia, onde cada decis\u00e3o acarreta consequ\u00eancias que \u00e9 preciso antecipar, constituem um treinamento l\u00fadico para a tomada de decis\u00e3o refletida. O programa FERNANDO prop\u00f5e atividades que solicitam estas compet\u00eancias de maneira envolvente.<\/pee><\/section>\n<section class=\"dynseo-section\">\n<h2 id=\"section-6\">Integrar a estimula\u00e7\u00e3o cognitiva ao percurso de recupera\u00e7\u00e3o<\/h2>\n<h3>Uma abordagem complementar<\/h3>\n<pee>A estimula\u00e7\u00e3o cognitiva n\u00e3o substitui os tratamentos estabelecidos do v\u00edcio: desintoxica\u00e7\u00e3o medicalizada se necess\u00e1rio, psicoterapia, grupos de ajuda m\u00fatua, tratamento das comorbidades psiqui\u00e1tricas. Ela constitui um complemento visando refor\u00e7ar as capacidades cognitivas necess\u00e1rias ao sucesso destes tratamentos.<\/pee>\n<pee>Uma melhor aten\u00e7\u00e3o permite aproveitar mais as sess\u00f5es de terapia. Uma inibi\u00e7\u00e3o refor\u00e7ada ajuda a resistir \u00e0s situa\u00e7\u00f5es de risco. Uma tomada de decis\u00e3o melhorada facilita as escolhas em favor da recupera\u00e7\u00e3o. A estimula\u00e7\u00e3o cognitiva age assim em sinergia com os outros componentes da interven\u00e7\u00e3o.<\/pee>\n<h3>O momento certo para come\u00e7ar<\/h3>\n<pee>A quest\u00e3o do timing \u00f3timo para introduzir a estimula\u00e7\u00e3o cognitiva \u00e9 debatida. Alguns preconizam esperar um per\u00edodo de estabiliza\u00e7\u00e3o inicial, argumentando que as capacidades cognitivas muito alteradas no in\u00edcio da desintoxica\u00e7\u00e3o limitam os benef\u00edcios poss\u00edveis. Outros sugerem um in\u00edcio precoce para aproveitar a janela de plasticidade aumentada que segue a interrup\u00e7\u00e3o do consumo.<\/pee>\n<pee>Um compromisso razo\u00e1vel consiste em adaptar a intensidade dos exerc\u00edcios ao est\u00e1gio da recupera\u00e7\u00e3o. Exerc\u00edcios simples e encorajadores podem ser propostos rapidamente, enquanto desafios mais complexos ser\u00e3o introduzidos progressivamente com a melhoria do estado cognitivo de base.<\/pee>\n<h3>A regularidade como chave do sucesso<\/h3>\n<pee>A efic\u00e1cia da estimula\u00e7\u00e3o cognitiva depende de sua regularidade. Sess\u00f5es di\u00e1rias, mesmo breves (15-20 minutos), produzem melhores resultados do que sess\u00f5es longas e espa\u00e7adas. Esta regularidade estimula continuamente os circuitos neuronais e favorece seu refor\u00e7o progressivo.<\/pee>\n<pee>Integrar o treinamento cognitivo em uma rotina di\u00e1ria facilita sua manuten\u00e7\u00e3o. Associar os exerc\u00edcios a um momento fixo do dia, usar lembretes, acompanhar seus progressos: estas estrat\u00e9gias sustentam a perseveran\u00e7a necess\u00e1ria \u00e0 obten\u00e7\u00e3o de benef\u00edcios duradouros.<\/pee><\/section>\n<div class=\"section-divider\">\u25c6 \u25c6 \u25c6<\/div>\n<section class=\"dynseo-section\">\n<h2 id=\"section-7\">O acompanhamento profissional e familiar<\/h2>\n<h3>O papel dos profissionais<\/h3>\n<pee>Os profissionais da addictologia podem integrar a estimula\u00e7\u00e3o cognitiva em sua pr\u00e1tica ou orientar para especialistas. Os neuropsic\u00f3logos avaliam precisamente o perfil cognitivo e concebem programas personalizados. Os psic\u00f3logos e psiquiatras articulam este trabalho com a interven\u00e7\u00e3o global do v\u00edcio.<\/pee>\n<pee>A coordena\u00e7\u00e3o entre os diferentes profissionais otimiza os resultados. Compartilhar as informa\u00e7\u00f5es sobre os progressos cognitivos ajuda a adaptar os outros aspectos da interven\u00e7\u00e3o e a manter a motiva\u00e7\u00e3o do paciente.<\/pee>\n<h3>Formar os acompanhantes<\/h3>\n<pee>Os pr\u00f3ximos das pessoas em recupera\u00e7\u00e3o podem desempenhar um papel precioso se compreenderem os desafios cognitivos do v\u00edcio. Compreender que as dificuldades de mem\u00f3ria, de concentra\u00e7\u00e3o ou de controle dos impulsos s\u00e3o sintomas da doen\u00e7a e n\u00e3o de m\u00e1 vontade muda radicalmente a postura de acompanhamento.<\/pee>\n<pee>A DYNSEO prop\u00f5e uma forma\u00e7\u00e3o sobre os transtornos de comportamento ligados \u00e0s patologias neuropsiqui\u00e1tricas. Esta forma\u00e7\u00e3o ajuda os acompanhantes a melhor compreender e apoiar as pessoas envolvidas.<\/pee>\n<p><\/a><br \/>\n<a href=\"https:\/\/www.dynseo.com\/pt-pt\/courses\/transtornos-de-comportamento-relacionados-a-doenca-metodos-e-coordenacao-multidisciplinar-pt-pt\/\" target=\"_blank\">Acessar a forma\u00e7\u00e3o DYNSEO<\/a><\/p>\n<h3>O apoio no cotidiano<\/h3>\n<pee>No cotidiano, os pr\u00f3ximos podem encorajar e acompanhar os exerc\u00edcios cognitivos, valorizar os progressos, propor atividades estimulantes compartilhadas. Os jogos de sociedade, as conversas sobre assuntos variados, as sa\u00eddas culturais: estes momentos de compartilhamento contribuem para a estimula\u00e7\u00e3o cognitiva em um contexto relacional positivo.<\/pee>\n<pee>O equil\u00edbrio entre apoio e autonomia permanece importante. Encorajar sem for\u00e7ar, propor sem impor, celebrar os sucessos sem dramatizar as dificuldades favorece um ambiente prop\u00edcio \u00e0 recupera\u00e7\u00e3o.<\/pee><\/section>\n<section class=\"dynseo-section\">\n<h2 id=\"section-8\">Conclus\u00e3o: Reconstruir para se reconstruir<\/h2>\n<pee>O v\u00edcio altera profundamente o funcionamento cerebral, mas a plasticidade do c\u00e9rebro oferece um caminho de reconstru\u00e7\u00e3o. A estimula\u00e7\u00e3o cognitiva direcionada, praticada regularmente no \u00e2mbito de uma interven\u00e7\u00e3o global, pode contribuir significativamente para a recupera\u00e7\u00e3o.<\/pee>\n<pee>O programa FERNANDO da DYNSEO prop\u00f5e ferramentas adaptadas para esta reconstru\u00e7\u00e3o cognitiva. A forma\u00e7\u00e3o dos acompanhantes melhora a qualidade do apoio oferecido \u00e0s pessoas em caminho para a cura.<\/pee>\n<pee>A recupera\u00e7\u00e3o do v\u00edcio \u00e9 poss\u00edvel. Cada dia de abstin\u00eancia, cada exerc\u00edcio cognitivo, cada esfor\u00e7o contribui para a reconstru\u00e7\u00e3o de um c\u00e9rebro liberto da depend\u00eancia.<\/pee>\n<p><strong>Recursos DYNSEO:<\/strong><\/p>\n<ul class=\"styled-list\">\n<li><a href=\"https:\/\/www.dynseo.com\/pt-pt\/o-programa-dos-treinadores\/fernando-o-seu-treinador-de-cerebro\/\" target=\"_blank\">FERNANDO, seu treinador cerebral<\/a><\/li>\n<\/ul>\n<ul class=\"styled-list\">\n<li><a href=\"https:\/\/www.dynseo.com\/pt-pt\/courses\/transtornos-de-comportamento-relacionados-a-doenca-metodos-e-coordenacao-multidisciplinar-pt-pt\/\" target=\"_blank\">Forma\u00e7\u00e3o transtornos de comportamento<\/a><\/li>\n<\/ul>\n<p>[et_pb_code][\/et_pb_code]<\/section>\n<\/div>\n<p>[\/et_pb_code][\/et_pb_column][\/et_pb_row][\/et_pb_section][et_pb_section fb_built=&#8221;1&#8243; _builder_version=&#8221;4.16&#8243;][et_pb_row][et_pb_column type=&#8221;4_4&#8243;][et_pb_code]<script type=\"application\/ld+json\">{\"@context\":\"https:\/\/schema.org\",\"@type\":\"FAQPage\",\"mainEntity\":[{\"@type\":\"Question\",\"name\":\"O que \u00e9 o v\u00edcio e como ele afeta o c\u00e9rebro?\",\"acceptedAnswer\":{\"@type\":\"Answer\",\"text\":\"O v\u00edcio \u00e9 uma doen\u00e7a do c\u00e9rebro que vai muito al\u00e9m de um simples mau h\u00e1bito. Ele modifica profundamente o funcionamento cerebral, alterando os circuitos de recompensa e comprometendo as fun\u00e7\u00f5es cognitivas. As subst\u00e2ncias psicoativas desviam os sistemas cerebrais de recompensa e afetam a tomada de decis\u00e3o.\"}},{\"@type\":\"Question\",\"name\":\"Como o sistema de recompensa \u00e9 afetado pelo v\u00edcio?\",\"acceptedAnswer\":{\"@type\":\"Answer\",\"text\":\"O sistema de recompensa, centrado no circuito dopamin\u00e9rgico mesol\u00edmbico, \u00e9 o primeiro afetado no v\u00edcio. As subst\u00e2ncias aditivas provocam uma libera\u00e7\u00e3o de dopamina muito superior \u00e0 dos prazeres naturais, causando dessensibiliza\u00e7\u00e3o progressiva e exigindo doses crescentes para obter o mesmo efeito.\"}},{\"@type\":\"Question\",\"name\":\"Qual \u00e9 o papel do c\u00f3rtex pr\u00e9-frontal no v\u00edcio?\",\"acceptedAnswer\":{\"@type\":\"Answer\",\"text\":\"O c\u00f3rtex pr\u00e9-frontal, sede das fun\u00e7\u00f5es executivas e do controle comportamental, sofre altera\u00e7\u00f5es significativas no v\u00edcio. Sua capacidade de inibir impulsos, avaliar consequ\u00eancias a longo prazo e manter decis\u00f5es fica comprometida, desequilibrando o controle entre sistemas impulsivos e de controle.\"}},{\"@type\":\"Question\",\"name\":\"O que \u00e9 plasticidade cerebral e como ela pode ajudar na recupera\u00e7\u00e3o?\",\"acceptedAnswer\":{\"@type\":\"Answer\",\"text\":\"A plasticidade cerebral \u00e9 a capacidade not\u00e1vel do c\u00e9rebro de se adaptar e modificar. Esta mesma propriedade que permitiu ao c\u00e9rebro se adaptar ao v\u00edcio tamb\u00e9m pode ser mobilizada para se liberar dele, constituindo um eixo terap\u00eautico promissor para reconstruir as capacidades cognitivas.\"}},{\"@type\":\"Question\",\"name\":\"Como o v\u00edcio se define neurobiologicamente?\",\"acceptedAnswer\":{\"@type\":\"Answer\",\"text\":\"O v\u00edcio se define como a impossibilidade repetida de controlar um comportamento de consumo de subst\u00e2ncia ou pr\u00e1tica de atividade, apesar do conhecimento de suas consequ\u00eancias negativas. Esta perda de controle resulta de modifica\u00e7\u00f5es cerebrais profundas que afetam v\u00e1rios sistemas neurais.\"}},{\"@type\":\"Question\",\"name\":\"Por que os prazeres ordin\u00e1rios perdem atrativo no v\u00edcio?\",\"acceptedAnswer\":{\"@type\":\"Answer\",\"text\":\"No v\u00edcio, a estimula\u00e7\u00e3o excessiva do sistema de recompensa pelas subst\u00e2ncias causa uma dessensibiliza\u00e7\u00e3o progressiva. Como as subst\u00e2ncias provocam libera\u00e7\u00e3o de dopamina muito superior \u00e0 dos prazeres naturais, os prazeres ordin\u00e1rios da vida perdem seu atrativo comparativo.\"}}]}<\/script><br \/>\n<script type=\"application\/ld+json\">{\"@context\":\"https:\/\/schema.org\",\"@type\":\"FAQPage\",\"mainEntity\":[{\"@type\":\"Question\",\"name\":\"O que \u00e9 o v\u00edcio e como ele afeta o c\u00e9rebro?\",\"acceptedAnswer\":{\"@type\":\"Answer\",\"text\":\"O v\u00edcio \u00e9 uma doen\u00e7a do c\u00e9rebro que vai muito al\u00e9m de um simples mau h\u00e1bito. Ele modifica profundamente o funcionamento cerebral, alterando os circuitos de recompensa e comprometendo as fun\u00e7\u00f5es cognitivas. As subst\u00e2ncias psicoativas desviam os sistemas cerebrais de recompensa e afetam a tomada de decis\u00e3o.\"}},{\"@type\":\"Question\",\"name\":\"Como o sistema de recompensa \u00e9 afetado pelo v\u00edcio?\",\"acceptedAnswer\":{\"@type\":\"Answer\",\"text\":\"O sistema de recompensa, centrado no circuito dopamin\u00e9rgico mesol\u00edmbico, \u00e9 o primeiro afetado no v\u00edcio. As subst\u00e2ncias aditivas provocam uma libera\u00e7\u00e3o de dopamina muito superior \u00e0 dos prazeres naturais, causando dessensibiliza\u00e7\u00e3o progressiva e exigindo doses crescentes para obter o mesmo efeito.\"}},{\"@type\":\"Question\",\"name\":\"Qual \u00e9 o papel do c\u00f3rtex pr\u00e9-frontal no v\u00edcio?\",\"acceptedAnswer\":{\"@type\":\"Answer\",\"text\":\"O c\u00f3rtex pr\u00e9-frontal, sede das fun\u00e7\u00f5es executivas e do controle comportamental, sofre altera\u00e7\u00f5es significativas no v\u00edcio. Sua capacidade de inibir impulsos, avaliar consequ\u00eancias a longo prazo e manter decis\u00f5es fica comprometida, desequilibrando o controle entre sistemas impulsivos e de controle.\"}},{\"@type\":\"Question\",\"name\":\"O que \u00e9 plasticidade cerebral e como ela pode ajudar na recupera\u00e7\u00e3o?\",\"acceptedAnswer\":{\"@type\":\"Answer\",\"text\":\"A plasticidade cerebral \u00e9 a capacidade not\u00e1vel do c\u00e9rebro de se adaptar e modificar. Esta mesma propriedade que permitiu ao c\u00e9rebro se adaptar ao v\u00edcio tamb\u00e9m pode ser mobilizada para se liberar dele, constituindo um eixo terap\u00eautico promissor para reconstruir as capacidades cognitivas.\"}},{\"@type\":\"Question\",\"name\":\"Como o v\u00edcio se define neurobiologicamente?\",\"acceptedAnswer\":{\"@type\":\"Answer\",\"text\":\"O v\u00edcio se define como a impossibilidade repetida de controlar um comportamento de consumo de subst\u00e2ncia ou pr\u00e1tica de atividade, apesar do conhecimento de suas consequ\u00eancias negativas. Esta perda de controle resulta de modifica\u00e7\u00f5es cerebrais profundas que afetam v\u00e1rios sistemas neurais.\"}},{\"@type\":\"Question\",\"name\":\"Por que os prazeres ordin\u00e1rios perdem atrativo no v\u00edcio?\",\"acceptedAnswer\":{\"@type\":\"Answer\",\"text\":\"No v\u00edcio, a estimula\u00e7\u00e3o excessiva do sistema de recompensa pelas subst\u00e2ncias causa uma dessensibiliza\u00e7\u00e3o progressiva. Como as subst\u00e2ncias provocam libera\u00e7\u00e3o de dopamina muito superior \u00e0 dos prazeres naturais, os prazeres ordin\u00e1rios da vida perdem seu atrativo comparativo.\"}}]}<\/script>[\/et_pb_code][\/et_pb_column][\/et_pb_row][\/et_pb_section]<\/p>\n","protected":false},"excerpt":{"rendered":"<p>\ud83d\udccb SommaireIntrodu\u00e7\u00e3o: O c\u00e9rebro diante do v\u00edcioCompreender o v\u00edcio como doen\u00e7a cerebralAs altera\u00e7\u00f5es cognitivas no v\u00edcioA plasticidade cerebral: uma oportunidade de reconstru\u00e7\u00e3oEstrat\u00e9gias de reconstru\u00e7\u00e3o cognitivaIntegrar a estimula\u00e7\u00e3o cognitiva ao percurso de recupera\u00e7\u00e3oO acompanhamento profissional e familiarConclus\u00e3o: Reconstruir para se reconstruirIntrodu\u00e7\u00e3o: O c\u00e9rebro diante do v\u00edcioO v\u00edcio representa muito mais do que um simples mau h\u00e1bito [&hellip;]<\/p>\n","protected":false},"author":4,"featured_media":375016,"comment_status":"closed","ping_status":"closed","sticky":false,"template":"","format":"standard","meta":{"_et_pb_use_builder":"on","_et_pb_old_content":"","_et_gb_content_width":"","footnotes":""},"categories":[3582,3347,3563,3558],"tags":[],"class_list":["post-440308","post","type-post","status-publish","format-standard","has-post-thumbnail","hentry","category-advice-from-our-coaches","category-sin-categorizar","category-tudo-sobre-assistencia-domiciliar","category-3558"],"yoast_head":"<!-- This site is optimized with the Yoast SEO plugin v27.4 - https:\/\/yoast.com\/product\/yoast-seo-wordpress\/ -->\n<title>V\u00edcio e plasticidade cerebral: Reconstruir suas capacidades cognitivas - DYNSEO - Aplica\u00e7\u00f5es educativas e jogos de mem\u00f3ria<\/title>\n<meta name=\"robots\" content=\"index, follow, max-snippet:-1, max-image-preview:large, max-video-preview:-1\" \/>\n<link rel=\"canonical\" href=\"https:\/\/www.dynseo.com\/pt-pt\/vicio-e-plasticidade-cerebral-reconstruir-capacidades-cognitivas\/\" \/>\n<meta property=\"og:locale\" content=\"pt_PT\" \/>\n<meta property=\"og:type\" content=\"article\" \/>\n<meta property=\"og:title\" content=\"V\u00edcio e plasticidade cerebral: Reconstruir suas capacidades cognitivas - DYNSEO - Aplica\u00e7\u00f5es educativas e jogos de mem\u00f3ria\" \/>\n<meta property=\"og:description\" content=\"\ud83d\udccb SommaireIntrodu\u00e7\u00e3o: O c\u00e9rebro diante do v\u00edcioCompreender o v\u00edcio como doen\u00e7a cerebralAs altera\u00e7\u00f5es cognitivas no v\u00edcioA plasticidade cerebral: uma oportunidade de reconstru\u00e7\u00e3oEstrat\u00e9gias de reconstru\u00e7\u00e3o cognitivaIntegrar a estimula\u00e7\u00e3o cognitiva ao percurso de recupera\u00e7\u00e3oO acompanhamento profissional e familiarConclus\u00e3o: Reconstruir para se reconstruirIntrodu\u00e7\u00e3o: O c\u00e9rebro diante do v\u00edcioO v\u00edcio representa muito mais do que um simples mau h\u00e1bito [&hellip;]\" \/>\n<meta property=\"og:url\" content=\"https:\/\/www.dynseo.com\/pt-pt\/vicio-e-plasticidade-cerebral-reconstruir-capacidades-cognitivas\/\" \/>\n<meta property=\"og:site_name\" content=\"DYNSEO - Aplica\u00e7\u00f5es educativas e jogos de mem\u00f3ria\" \/>\n<meta property=\"article:published_time\" content=\"2025-12-12T19:57:22+00:00\" \/>\n<meta property=\"article:modified_time\" content=\"2025-12-26T11:47:10+00:00\" \/>\n<meta property=\"og:image\" content=\"https:\/\/www.dynseo.com\/wp-content\/uploads\/2024\/06\/tdah-adulte-adolescent-emotions-fortes-1024x768.png\" \/>\n\t<meta property=\"og:image:width\" content=\"1024\" \/>\n\t<meta property=\"og:image:height\" content=\"768\" \/>\n\t<meta property=\"og:image:type\" content=\"image\/png\" \/>\n<meta name=\"author\" content=\"DYNSEO\" \/>\n<meta name=\"twitter:label1\" content=\"Escrito por\" \/>\n\t<meta name=\"twitter:data1\" content=\"DYNSEO\" \/>\n\t<meta name=\"twitter:label2\" content=\"Tempo estimado de leitura\" \/>\n\t<meta name=\"twitter:data2\" content=\"12 minutos\" \/>\n<script type=\"application\/ld+json\" class=\"yoast-schema-graph\">{\"@context\":\"https:\\\/\\\/schema.org\",\"@graph\":[{\"@type\":\"Article\",\"@id\":\"https:\\\/\\\/www.dynseo.com\\\/pt-pt\\\/vicio-e-plasticidade-cerebral-reconstruir-capacidades-cognitivas\\\/#article\",\"isPartOf\":{\"@id\":\"https:\\\/\\\/www.dynseo.com\\\/pt-pt\\\/vicio-e-plasticidade-cerebral-reconstruir-capacidades-cognitivas\\\/\"},\"author\":{\"name\":\"DYNSEO\",\"@id\":\"https:\\\/\\\/www.dynseo.com\\\/pt-pt\\\/#\\\/schema\\\/person\\\/78ef63df2ee64e0989bc68f8401b38d6\"},\"headline\":\"V\u00edcio e plasticidade cerebral: Reconstruir suas capacidades cognitivas\",\"datePublished\":\"2025-12-12T19:57:22+00:00\",\"dateModified\":\"2025-12-26T11:47:10+00:00\",\"mainEntityOfPage\":{\"@id\":\"https:\\\/\\\/www.dynseo.com\\\/pt-pt\\\/vicio-e-plasticidade-cerebral-reconstruir-capacidades-cognitivas\\\/\"},\"wordCount\":2467,\"publisher\":{\"@id\":\"https:\\\/\\\/www.dynseo.com\\\/pt-pt\\\/#organization\"},\"image\":{\"@id\":\"https:\\\/\\\/www.dynseo.com\\\/pt-pt\\\/vicio-e-plasticidade-cerebral-reconstruir-capacidades-cognitivas\\\/#primaryimage\"},\"thumbnailUrl\":\"https:\\\/\\\/www.dynseo.com\\\/wp-content\\\/uploads\\\/2024\\\/06\\\/tdah-adulte-adolescent-emotions-fortes.png\",\"articleSection\":[\"Advice from our coaches\",\"Sin categorizar\",\"Tudo sobre assist\u00eancia domiciliar\",\"\u5173\u4e8e\u5bb6\u5ead\u5e2e\u52a9\u7684\u6240\u6709\u4fe1\u606f - domicile\"],\"inLanguage\":\"pt-PT\"},{\"@type\":\"WebPage\",\"@id\":\"https:\\\/\\\/www.dynseo.com\\\/pt-pt\\\/vicio-e-plasticidade-cerebral-reconstruir-capacidades-cognitivas\\\/\",\"url\":\"https:\\\/\\\/www.dynseo.com\\\/pt-pt\\\/vicio-e-plasticidade-cerebral-reconstruir-capacidades-cognitivas\\\/\",\"name\":\"V\u00edcio e plasticidade cerebral: Reconstruir suas capacidades cognitivas - DYNSEO - Aplica\u00e7\u00f5es educativas e jogos de mem\u00f3ria\",\"isPartOf\":{\"@id\":\"https:\\\/\\\/www.dynseo.com\\\/pt-pt\\\/#website\"},\"primaryImageOfPage\":{\"@id\":\"https:\\\/\\\/www.dynseo.com\\\/pt-pt\\\/vicio-e-plasticidade-cerebral-reconstruir-capacidades-cognitivas\\\/#primaryimage\"},\"image\":{\"@id\":\"https:\\\/\\\/www.dynseo.com\\\/pt-pt\\\/vicio-e-plasticidade-cerebral-reconstruir-capacidades-cognitivas\\\/#primaryimage\"},\"thumbnailUrl\":\"https:\\\/\\\/www.dynseo.com\\\/wp-content\\\/uploads\\\/2024\\\/06\\\/tdah-adulte-adolescent-emotions-fortes.png\",\"datePublished\":\"2025-12-12T19:57:22+00:00\",\"dateModified\":\"2025-12-26T11:47:10+00:00\",\"breadcrumb\":{\"@id\":\"https:\\\/\\\/www.dynseo.com\\\/pt-pt\\\/vicio-e-plasticidade-cerebral-reconstruir-capacidades-cognitivas\\\/#breadcrumb\"},\"inLanguage\":\"pt-PT\",\"potentialAction\":[{\"@type\":\"ReadAction\",\"target\":[\"https:\\\/\\\/www.dynseo.com\\\/pt-pt\\\/vicio-e-plasticidade-cerebral-reconstruir-capacidades-cognitivas\\\/\"]}]},{\"@type\":\"ImageObject\",\"inLanguage\":\"pt-PT\",\"@id\":\"https:\\\/\\\/www.dynseo.com\\\/pt-pt\\\/vicio-e-plasticidade-cerebral-reconstruir-capacidades-cognitivas\\\/#primaryimage\",\"url\":\"https:\\\/\\\/www.dynseo.com\\\/wp-content\\\/uploads\\\/2024\\\/06\\\/tdah-adulte-adolescent-emotions-fortes.png\",\"contentUrl\":\"https:\\\/\\\/www.dynseo.com\\\/wp-content\\\/uploads\\\/2024\\\/06\\\/tdah-adulte-adolescent-emotions-fortes.png\",\"width\":2732,\"height\":2048,\"caption\":\"Mantenha a mente ativa com exerc\u00edcios divertidos e desafiadores\"},{\"@type\":\"BreadcrumbList\",\"@id\":\"https:\\\/\\\/www.dynseo.com\\\/pt-pt\\\/vicio-e-plasticidade-cerebral-reconstruir-capacidades-cognitivas\\\/#breadcrumb\",\"itemListElement\":[{\"@type\":\"ListItem\",\"position\":1,\"name\":\"Accueil\",\"item\":\"https:\\\/\\\/www.dynseo.com\\\/pt-pt\\\/\"},{\"@type\":\"ListItem\",\"position\":2,\"name\":\"V\u00edcio e plasticidade cerebral: Reconstruir suas capacidades cognitivas\"}]},{\"@type\":\"WebSite\",\"@id\":\"https:\\\/\\\/www.dynseo.com\\\/pt-pt\\\/#website\",\"url\":\"https:\\\/\\\/www.dynseo.com\\\/pt-pt\\\/\",\"name\":\"Jeux de m\u00e9moire et stimulation cognitive\",\"description\":\"Entra\u00eenez votre m\u00e9moire et votre cerveau avec DYNSEO\",\"publisher\":{\"@id\":\"https:\\\/\\\/www.dynseo.com\\\/pt-pt\\\/#organization\"},\"potentialAction\":[{\"@type\":\"SearchAction\",\"target\":{\"@type\":\"EntryPoint\",\"urlTemplate\":\"https:\\\/\\\/www.dynseo.com\\\/pt-pt\\\/?s={search_term_string}\"},\"query-input\":{\"@type\":\"PropertyValueSpecification\",\"valueRequired\":true,\"valueName\":\"search_term_string\"}}],\"inLanguage\":\"pt-PT\"},{\"@type\":\"Organization\",\"@id\":\"https:\\\/\\\/www.dynseo.com\\\/pt-pt\\\/#organization\",\"name\":\"DYNSEO\",\"url\":\"https:\\\/\\\/www.dynseo.com\\\/pt-pt\\\/\",\"logo\":{\"@type\":\"ImageObject\",\"inLanguage\":\"pt-PT\",\"@id\":\"https:\\\/\\\/www.dynseo.com\\\/pt-pt\\\/#\\\/schema\\\/logo\\\/image\\\/\",\"url\":\"https:\\\/\\\/www.dynseo.com\\\/wp-content\\\/uploads\\\/2022\\\/05\\\/logo-dynseo-new.png\",\"contentUrl\":\"https:\\\/\\\/www.dynseo.com\\\/wp-content\\\/uploads\\\/2022\\\/05\\\/logo-dynseo-new.png\",\"width\":5073,\"height\":1397,\"caption\":\"DYNSEO\"},\"image\":{\"@id\":\"https:\\\/\\\/www.dynseo.com\\\/pt-pt\\\/#\\\/schema\\\/logo\\\/image\\\/\"}},{\"@type\":\"Person\",\"@id\":\"https:\\\/\\\/www.dynseo.com\\\/pt-pt\\\/#\\\/schema\\\/person\\\/78ef63df2ee64e0989bc68f8401b38d6\",\"name\":\"DYNSEO\",\"url\":\"https:\\\/\\\/www.dynseo.com\\\/pt-pt\\\/author\\\/justine\\\/\"}]}<\/script>\n<!-- \/ Yoast SEO plugin. -->","yoast_head_json":{"title":"V\u00edcio e plasticidade cerebral: Reconstruir suas capacidades cognitivas - DYNSEO - Aplica\u00e7\u00f5es educativas e jogos de mem\u00f3ria","robots":{"index":"index","follow":"follow","max-snippet":"max-snippet:-1","max-image-preview":"max-image-preview:large","max-video-preview":"max-video-preview:-1"},"canonical":"https:\/\/www.dynseo.com\/pt-pt\/vicio-e-plasticidade-cerebral-reconstruir-capacidades-cognitivas\/","og_locale":"pt_PT","og_type":"article","og_title":"V\u00edcio e plasticidade cerebral: Reconstruir suas capacidades cognitivas - DYNSEO - Aplica\u00e7\u00f5es educativas e jogos de mem\u00f3ria","og_description":"\ud83d\udccb SommaireIntrodu\u00e7\u00e3o: O c\u00e9rebro diante do v\u00edcioCompreender o v\u00edcio como doen\u00e7a cerebralAs altera\u00e7\u00f5es cognitivas no v\u00edcioA plasticidade cerebral: uma oportunidade de reconstru\u00e7\u00e3oEstrat\u00e9gias de reconstru\u00e7\u00e3o cognitivaIntegrar a estimula\u00e7\u00e3o cognitiva ao percurso de recupera\u00e7\u00e3oO acompanhamento profissional e familiarConclus\u00e3o: Reconstruir para se reconstruirIntrodu\u00e7\u00e3o: O c\u00e9rebro diante do v\u00edcioO v\u00edcio representa muito mais do que um simples mau h\u00e1bito [&hellip;]","og_url":"https:\/\/www.dynseo.com\/pt-pt\/vicio-e-plasticidade-cerebral-reconstruir-capacidades-cognitivas\/","og_site_name":"DYNSEO - Aplica\u00e7\u00f5es educativas e jogos de mem\u00f3ria","article_published_time":"2025-12-12T19:57:22+00:00","article_modified_time":"2025-12-26T11:47:10+00:00","og_image":[{"width":1024,"height":768,"url":"https:\/\/www.dynseo.com\/wp-content\/uploads\/2024\/06\/tdah-adulte-adolescent-emotions-fortes-1024x768.png","type":"image\/png"}],"author":"DYNSEO","twitter_misc":{"Escrito por":"DYNSEO","Tempo estimado de leitura":"12 minutos"},"schema":{"@context":"https:\/\/schema.org","@graph":[{"@type":"Article","@id":"https:\/\/www.dynseo.com\/pt-pt\/vicio-e-plasticidade-cerebral-reconstruir-capacidades-cognitivas\/#article","isPartOf":{"@id":"https:\/\/www.dynseo.com\/pt-pt\/vicio-e-plasticidade-cerebral-reconstruir-capacidades-cognitivas\/"},"author":{"name":"DYNSEO","@id":"https:\/\/www.dynseo.com\/pt-pt\/#\/schema\/person\/78ef63df2ee64e0989bc68f8401b38d6"},"headline":"V\u00edcio e plasticidade cerebral: Reconstruir suas capacidades cognitivas","datePublished":"2025-12-12T19:57:22+00:00","dateModified":"2025-12-26T11:47:10+00:00","mainEntityOfPage":{"@id":"https:\/\/www.dynseo.com\/pt-pt\/vicio-e-plasticidade-cerebral-reconstruir-capacidades-cognitivas\/"},"wordCount":2467,"publisher":{"@id":"https:\/\/www.dynseo.com\/pt-pt\/#organization"},"image":{"@id":"https:\/\/www.dynseo.com\/pt-pt\/vicio-e-plasticidade-cerebral-reconstruir-capacidades-cognitivas\/#primaryimage"},"thumbnailUrl":"https:\/\/www.dynseo.com\/wp-content\/uploads\/2024\/06\/tdah-adulte-adolescent-emotions-fortes.png","articleSection":["Advice from our coaches","Sin categorizar","Tudo sobre assist\u00eancia domiciliar","\u5173\u4e8e\u5bb6\u5ead\u5e2e\u52a9\u7684\u6240\u6709\u4fe1\u606f - domicile"],"inLanguage":"pt-PT"},{"@type":"WebPage","@id":"https:\/\/www.dynseo.com\/pt-pt\/vicio-e-plasticidade-cerebral-reconstruir-capacidades-cognitivas\/","url":"https:\/\/www.dynseo.com\/pt-pt\/vicio-e-plasticidade-cerebral-reconstruir-capacidades-cognitivas\/","name":"V\u00edcio e plasticidade cerebral: Reconstruir suas capacidades cognitivas - DYNSEO - Aplica\u00e7\u00f5es educativas e jogos de mem\u00f3ria","isPartOf":{"@id":"https:\/\/www.dynseo.com\/pt-pt\/#website"},"primaryImageOfPage":{"@id":"https:\/\/www.dynseo.com\/pt-pt\/vicio-e-plasticidade-cerebral-reconstruir-capacidades-cognitivas\/#primaryimage"},"image":{"@id":"https:\/\/www.dynseo.com\/pt-pt\/vicio-e-plasticidade-cerebral-reconstruir-capacidades-cognitivas\/#primaryimage"},"thumbnailUrl":"https:\/\/www.dynseo.com\/wp-content\/uploads\/2024\/06\/tdah-adulte-adolescent-emotions-fortes.png","datePublished":"2025-12-12T19:57:22+00:00","dateModified":"2025-12-26T11:47:10+00:00","breadcrumb":{"@id":"https:\/\/www.dynseo.com\/pt-pt\/vicio-e-plasticidade-cerebral-reconstruir-capacidades-cognitivas\/#breadcrumb"},"inLanguage":"pt-PT","potentialAction":[{"@type":"ReadAction","target":["https:\/\/www.dynseo.com\/pt-pt\/vicio-e-plasticidade-cerebral-reconstruir-capacidades-cognitivas\/"]}]},{"@type":"ImageObject","inLanguage":"pt-PT","@id":"https:\/\/www.dynseo.com\/pt-pt\/vicio-e-plasticidade-cerebral-reconstruir-capacidades-cognitivas\/#primaryimage","url":"https:\/\/www.dynseo.com\/wp-content\/uploads\/2024\/06\/tdah-adulte-adolescent-emotions-fortes.png","contentUrl":"https:\/\/www.dynseo.com\/wp-content\/uploads\/2024\/06\/tdah-adulte-adolescent-emotions-fortes.png","width":2732,"height":2048,"caption":"Mantenha a mente ativa com exerc\u00edcios divertidos e desafiadores"},{"@type":"BreadcrumbList","@id":"https:\/\/www.dynseo.com\/pt-pt\/vicio-e-plasticidade-cerebral-reconstruir-capacidades-cognitivas\/#breadcrumb","itemListElement":[{"@type":"ListItem","position":1,"name":"Accueil","item":"https:\/\/www.dynseo.com\/pt-pt\/"},{"@type":"ListItem","position":2,"name":"V\u00edcio e plasticidade cerebral: Reconstruir suas capacidades cognitivas"}]},{"@type":"WebSite","@id":"https:\/\/www.dynseo.com\/pt-pt\/#website","url":"https:\/\/www.dynseo.com\/pt-pt\/","name":"Jeux de m\u00e9moire et stimulation cognitive","description":"Entra\u00eenez votre m\u00e9moire et votre cerveau avec DYNSEO","publisher":{"@id":"https:\/\/www.dynseo.com\/pt-pt\/#organization"},"potentialAction":[{"@type":"SearchAction","target":{"@type":"EntryPoint","urlTemplate":"https:\/\/www.dynseo.com\/pt-pt\/?s={search_term_string}"},"query-input":{"@type":"PropertyValueSpecification","valueRequired":true,"valueName":"search_term_string"}}],"inLanguage":"pt-PT"},{"@type":"Organization","@id":"https:\/\/www.dynseo.com\/pt-pt\/#organization","name":"DYNSEO","url":"https:\/\/www.dynseo.com\/pt-pt\/","logo":{"@type":"ImageObject","inLanguage":"pt-PT","@id":"https:\/\/www.dynseo.com\/pt-pt\/#\/schema\/logo\/image\/","url":"https:\/\/www.dynseo.com\/wp-content\/uploads\/2022\/05\/logo-dynseo-new.png","contentUrl":"https:\/\/www.dynseo.com\/wp-content\/uploads\/2022\/05\/logo-dynseo-new.png","width":5073,"height":1397,"caption":"DYNSEO"},"image":{"@id":"https:\/\/www.dynseo.com\/pt-pt\/#\/schema\/logo\/image\/"}},{"@type":"Person","@id":"https:\/\/www.dynseo.com\/pt-pt\/#\/schema\/person\/78ef63df2ee64e0989bc68f8401b38d6","name":"DYNSEO","url":"https:\/\/www.dynseo.com\/pt-pt\/author\/justine\/"}]}},"_links":{"self":[{"href":"https:\/\/www.dynseo.com\/pt-pt\/wp-json\/wp\/v2\/posts\/440308","targetHints":{"allow":["GET"]}}],"collection":[{"href":"https:\/\/www.dynseo.com\/pt-pt\/wp-json\/wp\/v2\/posts"}],"about":[{"href":"https:\/\/www.dynseo.com\/pt-pt\/wp-json\/wp\/v2\/types\/post"}],"author":[{"embeddable":true,"href":"https:\/\/www.dynseo.com\/pt-pt\/wp-json\/wp\/v2\/users\/4"}],"replies":[{"embeddable":true,"href":"https:\/\/www.dynseo.com\/pt-pt\/wp-json\/wp\/v2\/comments?post=440308"}],"version-history":[{"count":5,"href":"https:\/\/www.dynseo.com\/pt-pt\/wp-json\/wp\/v2\/posts\/440308\/revisions"}],"predecessor-version":[{"id":455741,"href":"https:\/\/www.dynseo.com\/pt-pt\/wp-json\/wp\/v2\/posts\/440308\/revisions\/455741"}],"wp:featuredmedia":[{"embeddable":true,"href":"https:\/\/www.dynseo.com\/pt-pt\/wp-json\/wp\/v2\/media\/375016"}],"wp:attachment":[{"href":"https:\/\/www.dynseo.com\/pt-pt\/wp-json\/wp\/v2\/media?parent=440308"}],"wp:term":[{"taxonomy":"category","embeddable":true,"href":"https:\/\/www.dynseo.com\/pt-pt\/wp-json\/wp\/v2\/categories?post=440308"},{"taxonomy":"post_tag","embeddable":true,"href":"https:\/\/www.dynseo.com\/pt-pt\/wp-json\/wp\/v2\/tags?post=440308"}],"curies":[{"name":"wp","href":"https:\/\/api.w.org\/{rel}","templated":true}]}}