{"id":459803,"date":"2025-12-28T12:59:27","date_gmt":"2025-12-28T11:59:27","guid":{"rendered":"https:\/\/www.dynseo.com\/autismo-e-comunicacao-guia-completo-para-fonoaudiologos\/"},"modified":"2025-12-28T17:37:24","modified_gmt":"2025-12-28T16:37:24","slug":"autismo-e-comunicacao-guia-completo-para-fonoaudiologos","status":"publish","type":"post","link":"https:\/\/www.dynseo.com\/pt-pt\/autismo-e-comunicacao-guia-completo-para-fonoaudiologos\/","title":{"rendered":"Autismo e comunica\u00e7\u00e3o: guia completo para fonoaudi\u00f3logos"},"content":{"rendered":"<p>[et_pb_section fb_built=&#8221;1&#8243; admin_label=&#8221;Article HTML&#8221; _builder_version=&#8221;4.16&#8243; custom_padding=&#8221;0px||0px||false|false&#8221; global_colors_info=&#8221;{}&#8221;][et_pb_row admin_label=&#8221;Contenu&#8221; _builder_version=&#8221;4.16&#8243; width=&#8221;100%&#8221; max_width=&#8221;100%&#8221; custom_padding=&#8221;0px||0px||false|false&#8221; global_colors_info=&#8221;{}&#8221;][et_pb_column type=&#8221;4_4&#8243; _builder_version=&#8221;4.16&#8243; global_colors_info=&#8221;{}&#8221;][et_pb_code admin_label=&#8221;HTML import\u00e9&#8221; _builder_version=&#8221;4.16&#8243; global_colors_info=&#8221;{}&#8221;]<\/p>\n<style type=\"text\/css\">\n:root { --primary: #6366f1; --primary-dark: #4f46e5; --secondary: #10b981; --text: #1f2937; --text-light: #6b7280; --bg-light: #f3f4f6; --border: #e5e7eb; }\n.dbi-art-a7b2e8 * { margin: 0; padding: 0; box-sizing: border-box; }\n.dbi-art-a7b2e8 { font-family: -apple-system, BlinkMacSystemFont, 'Segoe UI', Roboto, sans-serif; line-height: 1.7; color: var(--text); }\n.dbi-art-a7b2e8 .container { max-width: 900px; margin: 0 auto; padding: 20px; }\n.dbi-art-a7b2e8 h1 { font-size: 2.2rem; color: var(--primary-dark); margin-bottom: 20px; }\n.dbi-art-a7b2e8 h2 { font-size: 1.6rem; color: var(--primary-dark); margin: 50px 0 25px; padding-bottom: 10px; border-bottom: 3px solid var(--secondary); }\n.dbi-art-a7b2e8 h3 { font-size: 1.3rem; margin: 30px 0 15px; }\n.dbi-art-a7b2e8 p { margin-bottom: 18px; text-align: justify; }\n.dbi-art-a7b2e8 .intro-box { background: linear-gradient(135deg, #e0e7ff 0%, #d1fae5 100%); border-radius: 12px; padding: 30px; margin: 30px 0; border-left: 5px solid var(--primary); }\n.dbi-art-a7b2e8 .download-hero { background: linear-gradient(135deg, var(--primary) 0%, var(--primary-dark) 100%); color: white; padding: 50px 40px; border-radius: 16px; text-align: center; margin: 40px 0; }\n.dbi-art-a7b2e8 .download-hero h2 { color: white; border: none; margin: 0 0 15px; }\n.dbi-art-a7b2e8 .btn { display: inline-block; background: white; color: var(--primary-dark); padding: 14px 30px; border-radius: 30px; text-decoration: none; font-weight: 600; margin: 5px; }\n.dbi-art-a7b2e8 .toc { background: #e0e7ff; border: 2px solid var(--primary); border-radius: 12px; padding: 25px 30px; margin: 30px 0; }\n.dbi-art-a7b2e8 .toc h3 { color: var(--primary-dark); margin-bottom: 15px; }\n.dbi-art-a7b2e8 .toc ul { list-style: none; columns: 2; column-gap: 40px; }\n.dbi-art-a7b2e8 .toc li { padding: 8px 0; border-bottom: 1px solid #c7d2fe; }\n.dbi-art-a7b2e8 .toc a { color: var(--text); text-decoration: none; }\n.dbi-art-a7b2e8 table { width: 100%; border-collapse: collapse; margin: 25px 0; }\n.dbi-art-a7b2e8 th { background: var(--primary); color: white; padding: 14px 12px; text-align: left; }\n.dbi-art-a7b2e8 td { padding: 12px; border-bottom: 1px solid var(--border); }\n.dbi-art-a7b2e8 tr:nth-child(even) { background: #eef2ff; }\n.dbi-art-a7b2e8 .tools-grid { display: grid; grid-template-columns: repeat(auto-fill, minmax(280px, 1fr)); gap: 20px; margin: 30px 0; }\n.dbi-art-a7b2e8 .tool-card { background: white; border: 1px solid var(--border); border-radius: 12px; padding: 25px; }\n.dbi-art-a7b2e8 .tool-card h4 { color: var(--primary-dark); margin-bottom: 10px; }\n.dbi-art-a7b2e8 .tool-card p { color: var(--text-light); font-size: 0.95rem; margin-bottom: 15px; }\n.dbi-art-a7b2e8 .tool-link { display: inline-block; background: var(--primary); color: white; padding: 10px 20px; border-radius: 8px; text-decoration: none; font-weight: 500; }\n.dbi-art-a7b2e8 .tip-box { background: #d1fae5; border-left: 4px solid var(--secondary); padding: 20px; margin: 25px 0; border-radius: 0 10px 10px 0; }\n.dbi-art-a7b2e8 .faq-item { border: 1px solid var(--border); border-radius: 10px; margin-bottom: 15px; }\n.dbi-art-a7b2e8 .faq-question { background: var(--bg-light); padding: 18px 20px; font-weight: 600; color: var(--primary-dark); }\n.dbi-art-a7b2e8 .faq-answer { padding: 20px; }\n@media (max-width: 768px) {\n.dbi-art-a7b2e8 .toc ul { columns: 1; }\n}<\/p>\n<\/style>\n<div class=\"dbi-art-a7b2e8\">\n<div class=\"container\">\n<h1>Autismo e comunica\u00e7\u00e3o: guia completo para fonoaudi\u00f3logos<\/h1>\n<div class=\"intro-box\">\n    <pee>O <strong>Transtorno do Espectro Autista (TEA)<\/strong> se caracteriza por dificuldades de comunica\u00e7\u00e3o social e comportamentos restritos e repetitivos. Os transtornos de comunica\u00e7\u00e3o est\u00e3o no cerne do TEA e o fonoaudi\u00f3logo desempenha um papel central no acompanhamento, seja o crian\u00e7a desenvolvendo uma linguagem oral ou utilizando uma comunica\u00e7\u00e3o alternativa.<\/pee>\n<\/div>\n<div class=\"download-hero\">\n<h2>\ud83d\udcac Ferramentas para o autismo e a comunica\u00e7\u00e3o<\/h2>\n<pee>Pictogramas, suportes visuais, cen\u00e1rios sociais, CAA<\/pee>\n    Acessar as ferramentas \u2192\n<\/div>\n<div class=\"toc\">\n<h3>\ud83d\udccb Sum\u00e1rio<\/h3>\n<ul>\n<li><a href=\"#comprendre\">1. Compreender o TEA<\/a><\/li>\n<li><a href=\"#communication\">2. Transtornos de comunica\u00e7\u00e3o<\/a><\/li>\n<li><a href=\"#langage\">3. Perfis lingu\u00edsticos<\/a><\/li>\n<li><a href=\"#evaluation\">4. Avalia\u00e7\u00e3o<\/a><\/li>\n<li><a href=\"#intervention\">5. Interven\u00e7\u00e3o fonoaudi\u00f3logica<\/a><\/li>\n<li><a href=\"#strategies\">6. Estrat\u00e9gias recomendadas<\/a><\/li>\n<li><a href=\"#outils\">7. Nossas ferramentas para download<\/a><\/li>\n<li><a href=\"#faq\">8. FAQ<\/a><\/li>\n<\/ul>\n<\/div>\n<h2 id=\"comprendre\">Compreender o TEA<\/h2>\n<pee>O TEA \u00e9 um transtorno do neurodesenvolvimento caracterizado por duas dimens\u00f5es principais segundo o DSM-5:<\/pee>\n<ul>\n<li><strong>D\u00e9ficits de comunica\u00e7\u00e3o e intera\u00e7\u00f5es sociais<\/strong>: reciprocidade socioemocional, comunica\u00e7\u00e3o n\u00e3o verbal, rela\u00e7\u00f5es sociais<\/li>\n<li><strong>Comportamentos restritos e repetitivos<\/strong>: estereotipias, rituais, interesses restritos, particularidades sensoriais<\/li>\n<\/ul>\n<pee>Fala-se em <strong>espectro<\/strong> porque as manifesta\u00e7\u00f5es s\u00e3o muito vari\u00e1veis: de pessoas sem linguagem oral a pessoas com uma linguagem elaborada, mas com dificuldades pragm\u00e1ticas sutis. O n\u00edvel de apoio necess\u00e1rio tamb\u00e9m varia consideravelmente.<\/pee>\n<h2 id=\"communication\">Transtornos de comunica\u00e7\u00e3o no TEA<\/h2>\n<h3>Comunica\u00e7\u00e3o n\u00e3o verbal<\/h3>\n<ul>\n<li><strong>Contato visual<\/strong>: frequentemente at\u00edpico (evita\u00e7\u00e3o ou fixa\u00e7\u00e3o)<\/li>\n<li><strong> Aten\u00e7\u00e3o conjunta<\/strong>: dificuldade em compartilhar a aten\u00e7\u00e3o sobre um objeto\/evento<\/li>\n<li><strong>Apontar<\/strong>: frequentemente ausente ou atrasado, especialmente o apontar proto-declarativo<\/li>\n<li><strong>Express\u00f5es faciais<\/strong>: \u00e0s vezes reduzidas ou at\u00edpicas<\/li>\n<li><strong>Gestos comunicativos<\/strong>: menos variados e menos frequentes<\/li>\n<\/ul>\n<h3>Comunica\u00e7\u00e3o verbal<\/h3>\n<ul>\n<li><strong>Ecoclalalia<\/strong>: repeti\u00e7\u00e3o de palavras\/frases (imediata ou diferida)<\/li>\n<li><strong>Pros\u00f3dia at\u00edpica<\/strong>: entona\u00e7\u00e3o mon\u00f3tona ou exagerada<\/li>\n<li><strong>Linguagem literal<\/strong>: dificuldade com o segundo grau, humor, impl\u00edcito<\/li>\n<li><strong>Dificuldades pragm\u00e1ticas<\/strong>: turno de fala, adapta\u00e7\u00e3o ao contexto, coer\u00eancia do discurso<\/li>\n<li><strong>Invers\u00e3o pronominal<\/strong>: &#8220;tu&#8221; por &#8220;eu&#8221; (fase de desenvolvimento)<\/li>\n<\/ul>\n<h3>Inten\u00e7\u00f5es de comunica\u00e7\u00e3o<\/h3>\n<ul>\n<li>Comunica\u00e7\u00e3o frequentemente mais <strong>instrumental<\/strong> (pedir) do que <strong>social<\/strong> (compartilhar)<\/li>\n<li>Dificuldades com as fun\u00e7\u00f5es comunicativas de <strong>coment\u00e1rio<\/strong> e <strong>compartilhamento<\/strong><\/li>\n<li>Interesse \u00e0s vezes limitado pela <strong>conversa<\/strong> rec\u00edproca<\/li>\n<\/ul>\n<h2 id=\"langage\">Perfis lingu\u00edsticos no TEA<\/h2>\n<table>\n<thead>\n<tr>\n<th>Perfil<\/th>\n<th>Caracter\u00edsticas<\/th>\n<\/tr>\n<\/thead>\n<tbody>\n<tr>\n<td><strong>Aus\u00eancia de linguagem oral<\/strong><\/td>\n<td>Cerca de 25-30% das pessoas com TEA. Necessidade de CAA.<\/td>\n<\/tr>\n<tr>\n<td><strong>Linguagem atrasada<\/strong><\/td>\n<td>Aquisi\u00e7\u00e3o mais tardia, pode alcan\u00e7ar ou n\u00e3o.<\/td>\n<\/tr>\n<tr>\n<td><strong>Linguagem at\u00edpica<\/strong><\/td>\n<td>Ecoclalalia, jarg\u00e3o, pros\u00f3dia particular.<\/td>\n<\/tr>\n<tr>\n<td><strong>Linguagem formal preservada<\/strong><\/td>\n<td>Vocabul\u00e1rio e sintaxe corretos, mas dificuldades pragm\u00e1ticas.<\/td>\n<\/tr>\n<\/tbody>\n<\/table>\n<h2 id=\"evaluation\">Avalia\u00e7\u00e3o fonoaudi\u00f3logica<\/h2>\n<h3>Dom\u00ednios a avaliar<\/h3>\n<ul>\n<li><strong>Comunica\u00e7\u00e3o pr\u00e9-lingu\u00edstica<\/strong>: aten\u00e7\u00e3o conjunta, apontar, imita\u00e7\u00e3o, turno de fala<\/li>\n<li><strong>Compreens\u00e3o<\/strong>: palavras, frases, instru\u00e7\u00f5es, linguagem n\u00e3o literal<\/li>\n<li><strong>Express\u00e3o<\/strong>: vocabul\u00e1rio, sintaxe, narrativa<\/li>\n<li><strong>Pragm\u00e1tica<\/strong>: fun\u00e7\u00f5es de comunica\u00e7\u00e3o, adapta\u00e7\u00e3o, conversa<\/li>\n<li><strong>Brincadeira<\/strong>: brincadeira funcional e simb\u00f3lica<\/li>\n<\/ul>\n<h3>Ferramentas espec\u00edficas<\/h3>\n<ul>\n<li><strong>ADOS-2<\/strong>: avalia\u00e7\u00e3o diagn\u00f3stica (m\u00e9dico\/psic\u00f3logo)<\/li>\n<li><strong>ECSP<\/strong>: avalia\u00e7\u00e3o da comunica\u00e7\u00e3o social precoce<\/li>\n<li><strong>Vineland<\/strong>: comportamento adaptativo incluindo a comunica\u00e7\u00e3o<\/li>\n<li><strong>CCC-2<\/strong>: question\u00e1rio de pragm\u00e1tica<\/li>\n<\/ul>\n<h2 id=\"intervention\">Interven\u00e7\u00e3o fonoaudi\u00f3logica<\/h2>\n<div class=\"tip-box\">\n<h4>\ud83d\udca1 Recomenda\u00e7\u00f5es HAS (2012)<\/h4>\n<ul>\n<li>Interven\u00e7\u00f5es <strong>precoces<\/strong> e <strong>intensivas<\/strong><\/li>\n<li>Abordagens <strong>desenvolvimentais<\/strong> e\/ou <strong>comportamentais<\/strong><\/li>\n<li><strong>Individualiza\u00e7\u00e3o<\/strong> de acordo com o perfil da crian\u00e7a<\/li>\n<li><strong>Implica\u00e7\u00e3o dos pais<\/strong> e generaliza\u00e7\u00e3o<\/li>\n<li>Implementa\u00e7\u00e3o de <strong>CAA<\/strong> se necess\u00e1rio, sem esperar<\/li>\n<\/ul>\n<\/div>\n<h3>Abordagens recomendadas<\/h3>\n<pee><strong>Abordagens desenvolvimentais<\/strong>: seguem o desenvolvimento natural da comunica\u00e7\u00e3o, baseadas no jogo e nas intera\u00e7\u00f5es naturais. Exemplos: DIR\/Floortime, ESDM (Early Start Denver Model).<\/pee>\n<pee><strong>Abordagens comportamentais<\/strong>: baseadas na ABA (An\u00e1lise Comportamental Aplicada), estruturadas, com refor\u00e7o. Exemplos: ensino por tentativas distintas, ensino incidental.<\/pee>\n<pee><strong>Abordagens naturalistas<\/strong>: combinam desenvolvimental e comportamental em contextos naturais. Exemplos: PRT (Pivotal Response Treatment), ESDM.<\/pee>\n<h2 id=\"strategies\">Estrat\u00e9gias recomendadas<\/h2>\n<h3>Suportes visuais<\/h3>\n<ul>\n<li><strong>Agenda visual<\/strong>: previsibilidade, redu\u00e7\u00e3o da ansiedade<\/li>\n<li><strong>Sequ\u00eancias visuais<\/strong>: decompor as tarefas<\/li>\n<li><strong>Cen\u00e1rios sociais<\/strong>: preparar as situa\u00e7\u00f5es sociais<\/li>\n<li><strong>Pictogramas<\/strong>: comunica\u00e7\u00e3o e compreens\u00e3o<\/li>\n<\/ul>\n<h3>Comunica\u00e7\u00e3o Alternativa e Aumentativa (CAA)<\/h3>\n<ul>\n<li><strong>PECS<\/strong> (Picture Exchange Communication System)<\/li>\n<li><strong>Makaton<\/strong>: sinais + pictogramas + fala<\/li>\n<li><strong>Tablets e aplicativos<\/strong> de CAA<\/li>\n<\/ul>\n<h3>Trabalho das habilidades sociais<\/h3>\n<ul>\n<li>Grupos de habilidades sociais<\/li>\n<li>Jogos de papel e simula\u00e7\u00f5es<\/li>\n<li>Ensino expl\u00edcito das regras sociais impl\u00edcitas<\/li>\n<li>Trabalho da teoria da mente<\/li>\n<\/ul>\n<h2 id=\"outils\">Nossas ferramentas TEA para download<\/h2>\n<div class=\"tools-grid\">\n<div class=\"tool-card\">\n<h4>\ud83d\udcc5 Agenda visual<\/h4>\n<pee>Estruturar o dia para reduzir a ansiedade e facilitar as transi\u00e7\u00f5es.<\/pee>\n        Baixar\n    <\/div>\n<div class=\"tool-card\">\n<h4>\ud83d\udccb Sequ\u00eancias visuais de rotinas<\/h4>\n<pee>Decompor as rotinas di\u00e1rias em etapas visuais.<\/pee>\n        Baixar\n    <\/div>\n<div class=\"tool-card\">\n<h4>\ud83d\udcd6 Cen\u00e1rios sociais<\/h4>\n<pee>Hist\u00f3rias ilustradas para preparar as situa\u00e7\u00f5es sociais.<\/pee>\n        Baixar\n    <\/div>\n<div class=\"tool-card\">\n<h4>\ud83d\udcac Pictogramas de comunica\u00e7\u00e3o<\/h4>\n<pee>Banco de pictogramas para a CAA.<\/pee>\n        Baixar\n    <\/div>\n<\/div>\n<h2 id=\"faq\">Perguntas frequentes<\/h2>\n<div class=\"faq-item\">\n<div class=\"faq-question\">\ud83d\udccc A CAA impede o desenvolvimento da linguagem oral?<\/div>\n<div class=\"faq-answer\">\n        <pee><strong>N\u00e3o, ao contr\u00e1rio!<\/strong> As pesquisas mostram que a CAA <strong>favorece<\/strong> o desenvolvimento da linguagem oral. Ela n\u00e3o substitui a fala, mas a apoia. As crian\u00e7as que t\u00eam um meio de se comunicar est\u00e3o mais motivadas a interagir, o que estimula o desenvolvimento global da comunica\u00e7\u00e3o. A HAS recomenda n\u00e3o atrasar a implementa\u00e7\u00e3o da CAA.<\/pee>\n    <\/div>\n<\/div>\n<div class=\"faq-item\">\n<div class=\"faq-question\">\ud83d\udccc A ecoclalalia \u00e9 um problema a ser eliminado?<\/div>\n<div class=\"faq-answer\">\n        <pee>A ecoclalalia nem sempre \u00e9 um comportamento a ser eliminado. Ela pode ter uma <strong>fun\u00e7\u00e3o comunicativa<\/strong> (pedir, protestar, manter a intera\u00e7\u00e3o) e ser uma etapa em dire\u00e7\u00e3o a uma linguagem mais flex\u00edvel. A abordagem atual \u00e9 entender a fun\u00e7\u00e3o da ecoclalalia e ajudar a crian\u00e7a a desenvolver formas mais flex\u00edveis, respeitando essa maneira de se comunicar.<\/pee>\n    <\/div>\n<\/div>\n<div class=\"faq-item\">\n<div class=\"faq-question\">\ud83d\udccc Quanto tempo dura o tratamento fonoaudi\u00f3logico no TEA?<\/div>\n<div class=\"faq-answer\">\n        <pee>O tratamento \u00e9 geralmente <strong>longo<\/strong>, muitas vezes por v\u00e1rios anos. A intensidade e a frequ\u00eancia variam conforme as necessidades e a evolu\u00e7\u00e3o. Os objetivos evoluem com a idade: comunica\u00e7\u00e3o b\u00e1sica na inf\u00e2ncia, pragm\u00e1tica e habilidades sociais mais tarde. Algumas pessoas com TEA se beneficiam de um acompanhamento pontual at\u00e9 a idade adulta.<\/pee>\n    <\/div>\n<\/div>\n<div class=\"download-hero\">\n<h2>\ud83d\udcac Acompanhar a comunica\u00e7\u00e3o no TEA<\/h2>\n<pee>Descubra todas as nossas ferramentas gratuitas para o autismo<\/pee>\n    Ver todas as ferramentas \u2192\n<\/div>\n<\/div>\n<\/div>\n<p>[\/et_pb_code][\/et_pb_column][\/et_pb_row][\/et_pb_section]<\/p>\n<p>[et_pb_code]<script type=\"application\/ld+json\">{\"@context\":\"https:\/\/schema.org\",\"@type\":\"FAQPage\",\"mainEntity\":[{\"@type\":\"Question\",\"name\":\"Quais s\u00e3o as duas dimens\u00f5es principais do TEA segundo o DSM-5?\",\"acceptedAnswer\":{\"@type\":\"Answer\",\"text\":\"Segundo o DSM-5, o TEA \u00e9 caracterizado por duas dimens\u00f5es principais: d\u00e9ficits de comunica\u00e7\u00e3o e intera\u00e7\u00f5es sociais (incluindo reciprocidade socioemocional, comunica\u00e7\u00e3o n\u00e3o verbal e rela\u00e7\u00f5es sociais) e comportamentos restritos e repetitivos (como estereotipias, rituais, interesses restritos e particularidades sensoriais).\"}},{\"@type\":\"Question\",\"name\":\"Por que se fala em 'espectro' quando se refere ao autismo?\",\"acceptedAnswer\":{\"@type\":\"Answer\",\"text\":\"Fala-se em espectro porque as manifesta\u00e7\u00f5es do autismo s\u00e3o muito vari\u00e1veis, desde pessoas sem linguagem oral at\u00e9 pessoas com linguagem elaborada mas com dificuldades pragm\u00e1ticas sutis. O n\u00edvel de apoio necess\u00e1rio tamb\u00e9m varia consideravelmente entre os indiv\u00edduos.\"}},{\"@type\":\"Question\",\"name\":\"Qual \u00e9 o papel do fonoaudi\u00f3logo no acompanhamento de crian\u00e7as com TEA?\",\"acceptedAnswer\":{\"@type\":\"Answer\",\"text\":\"O fonoaudi\u00f3logo desempenha um papel central no acompanhamento de crian\u00e7as com TEA, seja quando a crian\u00e7a est\u00e1 desenvolvendo uma linguagem oral ou quando utiliza uma comunica\u00e7\u00e3o alternativa, j\u00e1 que os transtornos de comunica\u00e7\u00e3o est\u00e3o no cerne do TEA.\"}},{\"@type\":\"Question\",\"name\":\"Quais s\u00e3o as principais dificuldades na comunica\u00e7\u00e3o n\u00e3o verbal em pessoas com TEA?\",\"acceptedAnswer\":{\"@type\":\"Answer\",\"text\":\"As principais dificuldades na comunica\u00e7\u00e3o n\u00e3o verbal incluem contato visual frequentemente at\u00edpico (evita\u00e7\u00e3o ou fixa\u00e7\u00e3o), dificuldade na aten\u00e7\u00e3o conjunta para compartilhar a aten\u00e7\u00e3o sobre um objeto ou evento, e o apontar que \u00e9 frequentemente ausente ou atrasado.\"}},{\"@type\":\"Question\",\"name\":\"Que tipos de ferramentas podem ser utilizadas para auxiliar na comunica\u00e7\u00e3o de pessoas com autismo?\",\"acceptedAnswer\":{\"@type\":\"Answer\",\"text\":\"Diversas ferramentas podem ser utilizadas, incluindo pictogramas, suportes visuais, cen\u00e1rios sociais e sistemas de Comunica\u00e7\u00e3o Alternativa e Aumentativa (CAA), que ajudam a desenvolver e apoiar a comunica\u00e7\u00e3o.\"}},{\"@type\":\"Question\",\"name\":\"O que caracteriza os comportamentos restritos e repetitivos no TEA?\",\"acceptedAnswer\":{\"@type\":\"Answer\",\"text\":\"Os comportamentos restritos e repetitivos no TEA incluem estereotipias (movimentos repetitivos), rituais (sequ\u00eancias de comportamentos fixos), interesses restritos (foco intenso em t\u00f3picos espec\u00edficos) e particularidades sensoriais (rea\u00e7\u00f5es at\u00edpicas a est\u00edmulos sensoriais).\"}}]}<\/script>[\/et_pb_code]<\/p>\n","protected":false},"excerpt":{"rendered":"","protected":false},"author":4,"featured_media":410101,"comment_status":"closed","ping_status":"closed","sticky":false,"template":"","format":"standard","meta":{"_et_pb_use_builder":"on","_et_pb_old_content":"","_et_gb_content_width":"","footnotes":""},"categories":[2993],"tags":[],"class_list":["post-459803","post","type-post","status-publish","format-standard","has-post-thumbnail","hentry","category-2993"],"yoast_head":"<!-- This site is optimized with the Yoast SEO plugin v27.4 - https:\/\/yoast.com\/product\/yoast-seo-wordpress\/ -->\n<title>Autismo e comunica\u00e7\u00e3o: guia completo para fonoaudi\u00f3logos - DYNSEO - Aplica\u00e7\u00f5es educativas e jogos de mem\u00f3ria<\/title>\n<meta name=\"robots\" content=\"index, follow, max-snippet:-1, max-image-preview:large, max-video-preview:-1\" \/>\n<link rel=\"canonical\" href=\"https:\/\/www.dynseo.com\/pt-pt\/autismo-e-comunicacao-guia-completo-para-fonoaudiologos\/\" \/>\n<meta property=\"og:locale\" content=\"pt_PT\" \/>\n<meta property=\"og:type\" content=\"article\" \/>\n<meta property=\"og:title\" content=\"Autismo e comunica\u00e7\u00e3o: guia completo para fonoaudi\u00f3logos - DYNSEO - Aplica\u00e7\u00f5es educativas e jogos de mem\u00f3ria\" \/>\n<meta property=\"og:url\" content=\"https:\/\/www.dynseo.com\/pt-pt\/autismo-e-comunicacao-guia-completo-para-fonoaudiologos\/\" \/>\n<meta property=\"og:site_name\" content=\"DYNSEO - Aplica\u00e7\u00f5es educativas e jogos de mem\u00f3ria\" \/>\n<meta property=\"article:published_time\" content=\"2025-12-28T11:59:27+00:00\" \/>\n<meta property=\"article:modified_time\" content=\"2025-12-28T16:37:24+00:00\" \/>\n<meta property=\"og:image\" content=\"https:\/\/www.dynseo.com\/wp-content\/uploads\/2025\/09\/abcdhe-5.jpg\" \/>\n\t<meta property=\"og:image:width\" content=\"1024\" \/>\n\t<meta property=\"og:image:height\" content=\"576\" \/>\n\t<meta property=\"og:image:type\" content=\"image\/jpeg\" \/>\n<meta name=\"author\" content=\"DYNSEO\" \/>\n<meta name=\"twitter:label1\" content=\"Escrito por\" \/>\n\t<meta name=\"twitter:data1\" content=\"DYNSEO\" \/>\n\t<meta name=\"twitter:label2\" content=\"Tempo estimado de leitura\" \/>\n\t<meta name=\"twitter:data2\" content=\"5 minutos\" \/>\n<script type=\"application\/ld+json\" class=\"yoast-schema-graph\">{\"@context\":\"https:\\\/\\\/schema.org\",\"@graph\":[{\"@type\":\"Article\",\"@id\":\"https:\\\/\\\/www.dynseo.com\\\/pt-pt\\\/autismo-e-comunicacao-guia-completo-para-fonoaudiologos\\\/#article\",\"isPartOf\":{\"@id\":\"https:\\\/\\\/www.dynseo.com\\\/pt-pt\\\/autismo-e-comunicacao-guia-completo-para-fonoaudiologos\\\/\"},\"author\":{\"name\":\"DYNSEO\",\"@id\":\"https:\\\/\\\/www.dynseo.com\\\/pt-pt\\\/#\\\/schema\\\/person\\\/78ef63df2ee64e0989bc68f8401b38d6\"},\"headline\":\"Autismo e comunica\u00e7\u00e3o: guia completo para fonoaudi\u00f3logos\",\"datePublished\":\"2025-12-28T11:59:27+00:00\",\"dateModified\":\"2025-12-28T16:37:24+00:00\",\"mainEntityOfPage\":{\"@id\":\"https:\\\/\\\/www.dynseo.com\\\/pt-pt\\\/autismo-e-comunicacao-guia-completo-para-fonoaudiologos\\\/\"},\"wordCount\":1042,\"publisher\":{\"@id\":\"https:\\\/\\\/www.dynseo.com\\\/pt-pt\\\/#organization\"},\"image\":{\"@id\":\"https:\\\/\\\/www.dynseo.com\\\/pt-pt\\\/autismo-e-comunicacao-guia-completo-para-fonoaudiologos\\\/#primaryimage\"},\"thumbnailUrl\":\"https:\\\/\\\/www.dynseo.com\\\/wp-content\\\/uploads\\\/2025\\\/09\\\/abcdhe-5.jpg\",\"articleSection\":[\"\u672a\u5206\u7c7b - unclassified\"],\"inLanguage\":\"pt-PT\"},{\"@type\":\"WebPage\",\"@id\":\"https:\\\/\\\/www.dynseo.com\\\/pt-pt\\\/autismo-e-comunicacao-guia-completo-para-fonoaudiologos\\\/\",\"url\":\"https:\\\/\\\/www.dynseo.com\\\/pt-pt\\\/autismo-e-comunicacao-guia-completo-para-fonoaudiologos\\\/\",\"name\":\"Autismo e comunica\u00e7\u00e3o: guia completo para fonoaudi\u00f3logos - DYNSEO - Aplica\u00e7\u00f5es educativas e jogos de mem\u00f3ria\",\"isPartOf\":{\"@id\":\"https:\\\/\\\/www.dynseo.com\\\/pt-pt\\\/#website\"},\"primaryImageOfPage\":{\"@id\":\"https:\\\/\\\/www.dynseo.com\\\/pt-pt\\\/autismo-e-comunicacao-guia-completo-para-fonoaudiologos\\\/#primaryimage\"},\"image\":{\"@id\":\"https:\\\/\\\/www.dynseo.com\\\/pt-pt\\\/autismo-e-comunicacao-guia-completo-para-fonoaudiologos\\\/#primaryimage\"},\"thumbnailUrl\":\"https:\\\/\\\/www.dynseo.com\\\/wp-content\\\/uploads\\\/2025\\\/09\\\/abcdhe-5.jpg\",\"datePublished\":\"2025-12-28T11:59:27+00:00\",\"dateModified\":\"2025-12-28T16:37:24+00:00\",\"breadcrumb\":{\"@id\":\"https:\\\/\\\/www.dynseo.com\\\/pt-pt\\\/autismo-e-comunicacao-guia-completo-para-fonoaudiologos\\\/#breadcrumb\"},\"inLanguage\":\"pt-PT\",\"potentialAction\":[{\"@type\":\"ReadAction\",\"target\":[\"https:\\\/\\\/www.dynseo.com\\\/pt-pt\\\/autismo-e-comunicacao-guia-completo-para-fonoaudiologos\\\/\"]}]},{\"@type\":\"ImageObject\",\"inLanguage\":\"pt-PT\",\"@id\":\"https:\\\/\\\/www.dynseo.com\\\/pt-pt\\\/autismo-e-comunicacao-guia-completo-para-fonoaudiologos\\\/#primaryimage\",\"url\":\"https:\\\/\\\/www.dynseo.com\\\/wp-content\\\/uploads\\\/2025\\\/09\\\/abcdhe-5.jpg\",\"contentUrl\":\"https:\\\/\\\/www.dynseo.com\\\/wp-content\\\/uploads\\\/2025\\\/09\\\/abcdhe-5.jpg\",\"width\":1024,\"height\":576,\"caption\":\"Estimula\u00e7\u00e3o mental ativa: a chave para um envelhecimento saud\u00e1vel\"},{\"@type\":\"BreadcrumbList\",\"@id\":\"https:\\\/\\\/www.dynseo.com\\\/pt-pt\\\/autismo-e-comunicacao-guia-completo-para-fonoaudiologos\\\/#breadcrumb\",\"itemListElement\":[{\"@type\":\"ListItem\",\"position\":1,\"name\":\"Accueil\",\"item\":\"https:\\\/\\\/www.dynseo.com\\\/pt-pt\\\/\"},{\"@type\":\"ListItem\",\"position\":2,\"name\":\"Autismo e comunica\u00e7\u00e3o: guia completo para fonoaudi\u00f3logos\"}]},{\"@type\":\"WebSite\",\"@id\":\"https:\\\/\\\/www.dynseo.com\\\/pt-pt\\\/#website\",\"url\":\"https:\\\/\\\/www.dynseo.com\\\/pt-pt\\\/\",\"name\":\"Jeux de m\u00e9moire et stimulation cognitive\",\"description\":\"Entra\u00eenez votre m\u00e9moire et votre cerveau avec DYNSEO\",\"publisher\":{\"@id\":\"https:\\\/\\\/www.dynseo.com\\\/pt-pt\\\/#organization\"},\"potentialAction\":[{\"@type\":\"SearchAction\",\"target\":{\"@type\":\"EntryPoint\",\"urlTemplate\":\"https:\\\/\\\/www.dynseo.com\\\/pt-pt\\\/?s={search_term_string}\"},\"query-input\":{\"@type\":\"PropertyValueSpecification\",\"valueRequired\":true,\"valueName\":\"search_term_string\"}}],\"inLanguage\":\"pt-PT\"},{\"@type\":\"Organization\",\"@id\":\"https:\\\/\\\/www.dynseo.com\\\/pt-pt\\\/#organization\",\"name\":\"DYNSEO\",\"url\":\"https:\\\/\\\/www.dynseo.com\\\/pt-pt\\\/\",\"logo\":{\"@type\":\"ImageObject\",\"inLanguage\":\"pt-PT\",\"@id\":\"https:\\\/\\\/www.dynseo.com\\\/pt-pt\\\/#\\\/schema\\\/logo\\\/image\\\/\",\"url\":\"https:\\\/\\\/www.dynseo.com\\\/wp-content\\\/uploads\\\/2022\\\/05\\\/logo-dynseo-new.png\",\"contentUrl\":\"https:\\\/\\\/www.dynseo.com\\\/wp-content\\\/uploads\\\/2022\\\/05\\\/logo-dynseo-new.png\",\"width\":5073,\"height\":1397,\"caption\":\"DYNSEO\"},\"image\":{\"@id\":\"https:\\\/\\\/www.dynseo.com\\\/pt-pt\\\/#\\\/schema\\\/logo\\\/image\\\/\"}},{\"@type\":\"Person\",\"@id\":\"https:\\\/\\\/www.dynseo.com\\\/pt-pt\\\/#\\\/schema\\\/person\\\/78ef63df2ee64e0989bc68f8401b38d6\",\"name\":\"DYNSEO\",\"url\":\"https:\\\/\\\/www.dynseo.com\\\/pt-pt\\\/author\\\/justine\\\/\"}]}<\/script>\n<!-- \/ Yoast SEO plugin. -->","yoast_head_json":{"title":"Autismo e comunica\u00e7\u00e3o: guia completo para fonoaudi\u00f3logos - DYNSEO - Aplica\u00e7\u00f5es educativas e jogos de mem\u00f3ria","robots":{"index":"index","follow":"follow","max-snippet":"max-snippet:-1","max-image-preview":"max-image-preview:large","max-video-preview":"max-video-preview:-1"},"canonical":"https:\/\/www.dynseo.com\/pt-pt\/autismo-e-comunicacao-guia-completo-para-fonoaudiologos\/","og_locale":"pt_PT","og_type":"article","og_title":"Autismo e comunica\u00e7\u00e3o: guia completo para fonoaudi\u00f3logos - DYNSEO - Aplica\u00e7\u00f5es educativas e jogos de mem\u00f3ria","og_url":"https:\/\/www.dynseo.com\/pt-pt\/autismo-e-comunicacao-guia-completo-para-fonoaudiologos\/","og_site_name":"DYNSEO - Aplica\u00e7\u00f5es educativas e jogos de mem\u00f3ria","article_published_time":"2025-12-28T11:59:27+00:00","article_modified_time":"2025-12-28T16:37:24+00:00","og_image":[{"width":1024,"height":576,"url":"https:\/\/www.dynseo.com\/wp-content\/uploads\/2025\/09\/abcdhe-5.jpg","type":"image\/jpeg"}],"author":"DYNSEO","twitter_misc":{"Escrito por":"DYNSEO","Tempo estimado de leitura":"5 minutos"},"schema":{"@context":"https:\/\/schema.org","@graph":[{"@type":"Article","@id":"https:\/\/www.dynseo.com\/pt-pt\/autismo-e-comunicacao-guia-completo-para-fonoaudiologos\/#article","isPartOf":{"@id":"https:\/\/www.dynseo.com\/pt-pt\/autismo-e-comunicacao-guia-completo-para-fonoaudiologos\/"},"author":{"name":"DYNSEO","@id":"https:\/\/www.dynseo.com\/pt-pt\/#\/schema\/person\/78ef63df2ee64e0989bc68f8401b38d6"},"headline":"Autismo e comunica\u00e7\u00e3o: guia completo para fonoaudi\u00f3logos","datePublished":"2025-12-28T11:59:27+00:00","dateModified":"2025-12-28T16:37:24+00:00","mainEntityOfPage":{"@id":"https:\/\/www.dynseo.com\/pt-pt\/autismo-e-comunicacao-guia-completo-para-fonoaudiologos\/"},"wordCount":1042,"publisher":{"@id":"https:\/\/www.dynseo.com\/pt-pt\/#organization"},"image":{"@id":"https:\/\/www.dynseo.com\/pt-pt\/autismo-e-comunicacao-guia-completo-para-fonoaudiologos\/#primaryimage"},"thumbnailUrl":"https:\/\/www.dynseo.com\/wp-content\/uploads\/2025\/09\/abcdhe-5.jpg","articleSection":["\u672a\u5206\u7c7b - unclassified"],"inLanguage":"pt-PT"},{"@type":"WebPage","@id":"https:\/\/www.dynseo.com\/pt-pt\/autismo-e-comunicacao-guia-completo-para-fonoaudiologos\/","url":"https:\/\/www.dynseo.com\/pt-pt\/autismo-e-comunicacao-guia-completo-para-fonoaudiologos\/","name":"Autismo e comunica\u00e7\u00e3o: guia completo para fonoaudi\u00f3logos - DYNSEO - Aplica\u00e7\u00f5es educativas e jogos de mem\u00f3ria","isPartOf":{"@id":"https:\/\/www.dynseo.com\/pt-pt\/#website"},"primaryImageOfPage":{"@id":"https:\/\/www.dynseo.com\/pt-pt\/autismo-e-comunicacao-guia-completo-para-fonoaudiologos\/#primaryimage"},"image":{"@id":"https:\/\/www.dynseo.com\/pt-pt\/autismo-e-comunicacao-guia-completo-para-fonoaudiologos\/#primaryimage"},"thumbnailUrl":"https:\/\/www.dynseo.com\/wp-content\/uploads\/2025\/09\/abcdhe-5.jpg","datePublished":"2025-12-28T11:59:27+00:00","dateModified":"2025-12-28T16:37:24+00:00","breadcrumb":{"@id":"https:\/\/www.dynseo.com\/pt-pt\/autismo-e-comunicacao-guia-completo-para-fonoaudiologos\/#breadcrumb"},"inLanguage":"pt-PT","potentialAction":[{"@type":"ReadAction","target":["https:\/\/www.dynseo.com\/pt-pt\/autismo-e-comunicacao-guia-completo-para-fonoaudiologos\/"]}]},{"@type":"ImageObject","inLanguage":"pt-PT","@id":"https:\/\/www.dynseo.com\/pt-pt\/autismo-e-comunicacao-guia-completo-para-fonoaudiologos\/#primaryimage","url":"https:\/\/www.dynseo.com\/wp-content\/uploads\/2025\/09\/abcdhe-5.jpg","contentUrl":"https:\/\/www.dynseo.com\/wp-content\/uploads\/2025\/09\/abcdhe-5.jpg","width":1024,"height":576,"caption":"Estimula\u00e7\u00e3o mental ativa: a chave para um envelhecimento saud\u00e1vel"},{"@type":"BreadcrumbList","@id":"https:\/\/www.dynseo.com\/pt-pt\/autismo-e-comunicacao-guia-completo-para-fonoaudiologos\/#breadcrumb","itemListElement":[{"@type":"ListItem","position":1,"name":"Accueil","item":"https:\/\/www.dynseo.com\/pt-pt\/"},{"@type":"ListItem","position":2,"name":"Autismo e comunica\u00e7\u00e3o: guia completo para fonoaudi\u00f3logos"}]},{"@type":"WebSite","@id":"https:\/\/www.dynseo.com\/pt-pt\/#website","url":"https:\/\/www.dynseo.com\/pt-pt\/","name":"Jeux de m\u00e9moire et stimulation cognitive","description":"Entra\u00eenez votre m\u00e9moire et votre cerveau avec DYNSEO","publisher":{"@id":"https:\/\/www.dynseo.com\/pt-pt\/#organization"},"potentialAction":[{"@type":"SearchAction","target":{"@type":"EntryPoint","urlTemplate":"https:\/\/www.dynseo.com\/pt-pt\/?s={search_term_string}"},"query-input":{"@type":"PropertyValueSpecification","valueRequired":true,"valueName":"search_term_string"}}],"inLanguage":"pt-PT"},{"@type":"Organization","@id":"https:\/\/www.dynseo.com\/pt-pt\/#organization","name":"DYNSEO","url":"https:\/\/www.dynseo.com\/pt-pt\/","logo":{"@type":"ImageObject","inLanguage":"pt-PT","@id":"https:\/\/www.dynseo.com\/pt-pt\/#\/schema\/logo\/image\/","url":"https:\/\/www.dynseo.com\/wp-content\/uploads\/2022\/05\/logo-dynseo-new.png","contentUrl":"https:\/\/www.dynseo.com\/wp-content\/uploads\/2022\/05\/logo-dynseo-new.png","width":5073,"height":1397,"caption":"DYNSEO"},"image":{"@id":"https:\/\/www.dynseo.com\/pt-pt\/#\/schema\/logo\/image\/"}},{"@type":"Person","@id":"https:\/\/www.dynseo.com\/pt-pt\/#\/schema\/person\/78ef63df2ee64e0989bc68f8401b38d6","name":"DYNSEO","url":"https:\/\/www.dynseo.com\/pt-pt\/author\/justine\/"}]}},"_links":{"self":[{"href":"https:\/\/www.dynseo.com\/pt-pt\/wp-json\/wp\/v2\/posts\/459803","targetHints":{"allow":["GET"]}}],"collection":[{"href":"https:\/\/www.dynseo.com\/pt-pt\/wp-json\/wp\/v2\/posts"}],"about":[{"href":"https:\/\/www.dynseo.com\/pt-pt\/wp-json\/wp\/v2\/types\/post"}],"author":[{"embeddable":true,"href":"https:\/\/www.dynseo.com\/pt-pt\/wp-json\/wp\/v2\/users\/4"}],"replies":[{"embeddable":true,"href":"https:\/\/www.dynseo.com\/pt-pt\/wp-json\/wp\/v2\/comments?post=459803"}],"version-history":[{"count":3,"href":"https:\/\/www.dynseo.com\/pt-pt\/wp-json\/wp\/v2\/posts\/459803\/revisions"}],"predecessor-version":[{"id":460292,"href":"https:\/\/www.dynseo.com\/pt-pt\/wp-json\/wp\/v2\/posts\/459803\/revisions\/460292"}],"wp:featuredmedia":[{"embeddable":true,"href":"https:\/\/www.dynseo.com\/pt-pt\/wp-json\/wp\/v2\/media\/410101"}],"wp:attachment":[{"href":"https:\/\/www.dynseo.com\/pt-pt\/wp-json\/wp\/v2\/media?parent=459803"}],"wp:term":[{"taxonomy":"category","embeddable":true,"href":"https:\/\/www.dynseo.com\/pt-pt\/wp-json\/wp\/v2\/categories?post=459803"},{"taxonomy":"post_tag","embeddable":true,"href":"https:\/\/www.dynseo.com\/pt-pt\/wp-json\/wp\/v2\/tags?post=459803"}],"curies":[{"name":"wp","href":"https:\/\/api.w.org\/{rel}","templated":true}]}}