{"id":479600,"date":"2026-01-10T17:09:40","date_gmt":"2026-01-10T16:09:40","guid":{"rendered":"https:\/\/www.dynseo.com\/rotina-matinal-para-parkinson-gestos-exercicios-e-estimulacao-cognitiva\/"},"modified":"2026-01-11T19:00:51","modified_gmt":"2026-01-11T18:00:51","slug":"rotina-matinal-para-parkinson-gestos-exercicios-e-estimulacao-cognitiva","status":"publish","type":"post","link":"https:\/\/www.dynseo.com\/pt-pt\/rotina-matinal-para-parkinson-gestos-exercicios-e-estimulacao-cognitiva\/","title":{"rendered":"Rotina matinal para Parkinson: Gestos, exerc\u00edcios e estimula\u00e7\u00e3o cognitiva"},"content":{"rendered":"<p>[et_pb_section fb_built=&#8221;1&#8243; admin_label=&#8221;Article HTML&#8221; _builder_version=&#8221;4.16&#8243; global_colors_info=&#8221;{}&#8221;][et_pb_row admin_label=&#8221;Contenu&#8221; _builder_version=&#8221;4.16&#8243; global_colors_info=&#8221;{}&#8221;][et_pb_column type=&#8221;4_4&#8243; _builder_version=&#8221;4.16&#8243; global_colors_info=&#8221;{}&#8221;][et_pb_code admin_label=&#8221;HTML import\u00e9&#8221; _builder_version=&#8221;4.16&#8243; global_colors_info=&#8221;{}&#8221;]<link href=\"https:\/\/fonts.googleapis.com\/css2?family=Montserrat:wght@400;500;600;700;800&#038;display=swap\" rel=\"stylesheet\"><!-- [et_pb_line_break_holder] --><\/p>\n<style><!-- [et_pb_line_break_holder] -->.dynseo-article{font-family:'Montserrat',-apple-system,BlinkMacSystemFont,'Segoe UI',Roboto,sans-serif;line-height:1.8;color:#2c3e50;max-width:100%}<!-- [et_pb_line_break_holder] -->.dynseo-article h2{font-family:'Montserrat',sans-serif;font-size:1.8rem;color:#1a1a2e;margin:50px 0 25px;padding-bottom:12px;border-bottom:3px solid #a9e2e4;font-weight:700;transition:all .3s ease}<!-- [et_pb_line_break_holder] -->.dynseo-article h2:hover{padding-left:10px;border-bottom-color:#e73469}<!-- [et_pb_line_break_holder] -->.dynseo-article h3{font-family:'Montserrat',sans-serif;font-size:1.3rem;color:#5e5ed7;margin:35px 0 18px;font-weight:600;transition:all .3s ease}<!-- [et_pb_line_break_holder] -->.dynseo-article h3:hover{color:#e73469}<!-- [et_pb_line_break_holder] -->.dynseo-article p{margin-bottom:18px;font-size:1.05rem;text-align:justify}<!-- [et_pb_line_break_holder] -->.dynseo-article img{max-width:100%;height:auto;border-radius:16px;margin:25px 0;box-shadow:0 8px 30px rgba(0,0,0,0.1);transition:all .4s ease}<!-- [et_pb_line_break_holder] -->.dynseo-article img:hover{transform:scale(1.02);box-shadow:0 15px 50px rgba(0,0,0,0.15)}<!-- [et_pb_line_break_holder] -->.dynseo-intro{font-size:1.15rem;color:#64748b;border-left:4px solid #a9e2e4;padding-left:25px;margin:35px 0;font-style:italic;background:linear-gradient(90deg,rgba(169,226,228,0.1),transparent);padding:20px 25px;border-radius:0 12px 12px 0;transition:all .3s ease}<!-- [et_pb_line_break_holder] -->.dynseo-intro:hover{border-left-width:6px;background:linear-gradient(90deg,rgba(169,226,228,0.15),transparent)}<!-- [et_pb_line_break_holder] -->.dynseo-toc{background:linear-gradient(135deg,#f8fafc 0%,#fff 100%);border-radius:20px;padding:35px;margin:40px 0;border:2px solid #e5e7eb;box-shadow:0 4px 20px rgba(0,0,0,0.05);transition:all .3s ease}<!-- [et_pb_line_break_holder] -->.dynseo-toc:hover{box-shadow:0 8px 35px rgba(0,0,0,0.08);transform:translateY(-2px)}<!-- [et_pb_line_break_holder] -->.dynseo-toc .toc-title{font-family:'Montserrat',sans-serif;font-size:1.4rem;margin-bottom:25px;color:#1a1a2e;font-weight:700}<!-- [et_pb_line_break_holder] -->.dynseo-toc ol{list-style:none;padding:0;margin:0;display:grid;grid-template-columns:repeat(2,1fr);gap:12px}<!-- [et_pb_line_break_holder] -->.dynseo-toc li{background:#fff;border-radius:12px;padding:14px 18px;border:2px solid #f1f5f9;transition:all .3s ease;border-left:4px solid #ffeca7}<!-- [et_pb_line_break_holder] -->.dynseo-toc li:hover{background:linear-gradient(135deg,#f8fafc,#fff);transform:translateX(8px);box-shadow:0 6px 20px rgba(0,0,0,0.1);border-left-width:6px}<!-- [et_pb_line_break_holder] -->.dynseo-toc a{color:#1a1a2e;text-decoration:none;font-size:.95rem;font-weight:500;transition:color .3s}<!-- [et_pb_line_break_holder] -->.dynseo-toc a:hover{color:#5e5ed7}<!-- [et_pb_line_break_holder] -->.dynseo-article .styled-list,.dynseo-article ul{margin:20px 0 30px;padding:0;list-style:none}<!-- [et_pb_line_break_holder] -->.dynseo-article .styled-list li,.dynseo-article ul li{position:relative;padding-left:28px;margin-bottom:14px;line-height:1.7;transition:all .3s ease}<!-- [et_pb_line_break_holder] -->.dynseo-article .styled-list li:hover,.dynseo-article ul li:hover{padding-left:32px}<!-- [et_pb_line_break_holder] -->.dynseo-article .styled-list li::before,.dynseo-article ul li::before{content:\"\";position:absolute;left:0;top:8px;width:10px;height:10px;background:#e73469;border-radius:50%;box-shadow:0 2px 8px rgba(231,52,105,0.3);transition:all .3s ease}<!-- [et_pb_line_break_holder] -->.dynseo-article .styled-list li:hover::before,.dynseo-article ul li:hover::before{transform:scale(1.3);box-shadow:0 4px 12px rgba(231,52,105,0.4)}<!-- [et_pb_line_break_holder] -->.dynseo-article blockquote{background:linear-gradient(135deg,#fff9f0 0%,#fff5eb 100%);border-left:4px solid #ffeca7;border-radius:0 16px 16px 0;padding:28px 32px;margin:35px 0;position:relative;box-shadow:0 4px 20px rgba(255,236,167,0.3);transition:all .3s ease}<!-- [et_pb_line_break_holder] -->.dynseo-article blockquote:hover{transform:translateX(5px);box-shadow:0 8px 30px rgba(255,236,167,0.4);border-left-width:6px}<!-- [et_pb_line_break_holder] -->.dynseo-article blockquote::before{content:\"\u275d\";font-size:3rem;color:#ffeca7;opacity:.4;position:absolute;top:10px;left:15px}<!-- [et_pb_line_break_holder] -->.dynseo-article blockquote p{font-style:italic;margin-bottom:12px;padding-left:30px}<!-- [et_pb_line_break_holder] -->.dynseo-article blockquote cite{display:block;font-style:normal;font-weight:600;color:#1a1a2e;padding-left:30px}<!-- [et_pb_line_break_holder] -->.section-divider{text-align:center;margin:60px 0;font-size:1.8rem;letter-spacing:18px;background:linear-gradient(135deg,#ffeca7,#e73469,#a9e2e4);-webkit-background-clip:text;-webkit-text-fill-color:transparent;background-clip:text}<!-- [et_pb_line_break_holder] -->.dynseo-tip-box{background:linear-gradient(135deg,#ecfdf5 0%,#d1fae5 100%);border:2px solid #a9e2e4;border-radius:16px;padding:25px 30px;margin:35px 0;position:relative;box-shadow:0 4px 20px rgba(169,226,228,0.3);transition:all .3s ease}<!-- [et_pb_line_break_holder] -->.dynseo-tip-box:hover{transform:translateY(-3px);box-shadow:0 8px 30px rgba(169,226,228,0.4)}<!-- [et_pb_line_break_holder] -->.dynseo-tip-box-title{font-family:'Montserrat',sans-serif;font-size:1.15rem;font-weight:700;color:#1a1a2e;margin-bottom:12px;display:flex;align-items:center;gap:10px}<!-- [et_pb_line_break_holder] -->.dynseo-tip-box-title::before{content:\"\ud83d\udca1\";font-size:1.3rem}<!-- [et_pb_line_break_holder] -->.dynseo-tip-box p{margin:0;color:#2c3e50}<!-- [et_pb_line_break_holder] -->.dynseo-feature-grid{display:grid;grid-template-columns:repeat(3,1fr);gap:20px;margin:35px 0}<!-- [et_pb_line_break_holder] -->.dynseo-feature-card{background:#fff;border-radius:20px;padding:30px 25px;text-align:center;border:2px solid #f1f5f9;transition:all .4s ease;position:relative;overflow:hidden}<!-- [et_pb_line_break_holder] -->.dynseo-feature-card::before{content:\"\";position:absolute;top:0;left:0;right:0;height:4px;background:linear-gradient(90deg,#ffeca7,#e73469);transform:scaleX(0);transition:transform .3s ease}<!-- [et_pb_line_break_holder] -->.dynseo-feature-card:hover::before{transform:scaleX(1)}<!-- [et_pb_line_break_holder] -->.dynseo-feature-card:nth-child(3n+1){border-color:rgba(255,236,167,0.5)}<!-- [et_pb_line_break_holder] -->.dynseo-feature-card:nth-child(3n+2){border-color:rgba(231,52,105,0.3)}<!-- [et_pb_line_break_holder] -->.dynseo-feature-card:nth-child(3n+3){border-color:rgba(169,226,228,0.5)}<!-- [et_pb_line_break_holder] -->.dynseo-feature-card:hover{transform:translateY(-8px);box-shadow:0 20px 50px rgba(0,0,0,0.12)}<!-- [et_pb_line_break_holder] -->.dynseo-feature-card h4{font-family:'Montserrat',sans-serif;color:#1a1a2e;margin-bottom:10px;font-size:1.1rem;font-weight:600}<!-- [et_pb_line_break_holder] -->.dynseo-feature-card p{font-size:.95rem;color:#64748b;margin:0}<!-- [et_pb_line_break_holder] -->.dynseo-highlight-box{background:linear-gradient(135deg,#fef3c7 0%,#fde68a 100%);border:2px solid #ffeca7;border-radius:16px;padding:25px 30px;margin:30px 0;transition:all .3s ease}<!-- [et_pb_line_break_holder] -->.dynseo-highlight-box:hover{transform:translateY(-3px);box-shadow:0 8px 30px rgba(255,236,167,0.4)}<!-- [et_pb_line_break_holder] -->.dynseo-highlight-box h4{font-family:'Montserrat',sans-serif;color:#1a1a2e;margin:0 0 12px 0;font-size:1.1rem}<!-- [et_pb_line_break_holder] -->.dynseo-highlight-box p{margin:0;color:#2c3e50}<!-- [et_pb_line_break_holder] -->@media(max-width:768px){.dynseo-article h2{font-size:1.5rem}.dynseo-toc ol{grid-template-columns:1fr}.dynseo-feature-grid{grid-template-columns:1fr}}<!-- [et_pb_line_break_holder] --><\/style>\n<p><!-- [et_pb_line_break_holder] --><\/p>\n<div class=\"dynseo-article\">\n<nav class=\"dynseo-toc\">\n<div class=\"toc-title\">\ud83d\udccb Sum\u00e1rio<\/div>\n<ol>\n<li style=\"border-left:4px solid #ffeca7\"><a href=\"#section-1\"> O impacto das intera\u00e7\u00f5es sociais no bem-estar<\/a><\/li>\n<li style=\"border-left:4px solid #e73469\"><a href=\"#section-2\"> A import\u00e2ncia da alimenta\u00e7\u00e3o na rotina matinal<\/a><\/li>\n<li style=\"border-left:4px solid #a9e2e4\"><a href=\"#section-3\"> Conclus\u00e3o: Rumo a uma rotina positiva e adaptada<\/a><\/li>\n<\/ol>\n<\/nav>\n<section class=\"dynseo-section\">\n<h2 id=\"section-1\"> O impacto das intera\u00e7\u00f5es sociais no bem-estar<\/h2>\n<p><!\u2013- [et_pb_br_holder] -\u2013><!-- [et_pb_line_break_holder] -->As intera\u00e7\u00f5es sociais desempenham um papel fundamental na qualidade de vida das pessoas com Parkinson. Sabemos que o isolamento pode exacerbar os sintomas da doen\u00e7a, tornando assim as rela\u00e7\u00f5es sociais ainda mais importantes. Integrando momentos de partilha na rotina matinal, podemos n\u00e3o apenas melhorar o humor, mas tamb\u00e9m estimular a motiva\u00e7\u00e3o para participar de atividades. <!\u2013- [et_pb_br_holder] -\u2013><!\u2013- [et_pb_br_holder] -\u2013>\u00c9 essencial encorajar as trocas com a fam\u00edlia e os amigos, seja por meio de visitas, chamadas telef\u00f4nicas ou atividades em comum. Essas intera\u00e7\u00f5es podem ajudar a reduzir os sentimentos de solid\u00e3o e criar um ambiente positivo. Aqui est\u00e3o algumas ideias para promover as intera\u00e7\u00f5es sociais:<!\u2013- [et_pb_br_holder] -\u2013><!-- [et_pb_line_break_holder] --><\/p>\n<ul class=\"styled-list\"><!-- [et_pb_line_break_holder] --><\/p>\n<li><strong>Caf\u00e9s da manh\u00e3 em fam\u00edlia:<\/strong> Organizar refei\u00e7\u00f5es em conjunto para come\u00e7ar o dia juntos.<\/li>\n<p><!-- [et_pb_line_break_holder] --><\/p>\n<li><strong>Grupos de apoio:<\/strong> Participar de grupos de apoio para encontrar outras pessoas com experi\u00eancias semelhantes.<\/li>\n<p><!-- [et_pb_line_break_holder] --><\/p>\n<li><strong>Atividades comunit\u00e1rias:<\/strong> Inscrever-se em atividades de grupo, como oficinas ou aulas.<\/li>\n<p><!-- [et_pb_line_break_holder] --><\/p>\n<li><strong>Chamadas regulares:<\/strong> Estabelecer momentos dedicados a chamadas com os entes queridos para manter o v\u00ednculo.<\/li>\n<p><!-- [et_pb_line_break_holder] --><\/p>\n<li><strong>Sa\u00eddas:<\/strong> Planejar sa\u00eddas a locais apreciados, como parques ou museus.<\/li>\n<p><!-- [et_pb_line_break_holder] --><\/ul>\n<p><!\u2013- [et_pb_br_holder] -\u2013><\/section>\n<section class=\"dynseo-section\">\n<h2 id=\"section-2\"> A import\u00e2ncia da alimenta\u00e7\u00e3o na rotina matinal<\/h2>\n<p><!\u2013- [et_pb_br_holder] -\u2013><!-- [et_pb_line_break_holder] -->Uma alimenta\u00e7\u00e3o equilibrada \u00e9 crucial para o bem-estar geral das pessoas com Parkinson. Sabemos que alguns alimentos podem ter um impacto positivo na sa\u00fade cognitiva e f\u00edsica. Integrando refei\u00e7\u00f5es saud\u00e1veis logo pela manh\u00e3, podemos contribuir para melhorar a energia e a concentra\u00e7\u00e3o ao longo do dia. <!\u2013- [et_pb_br_holder] -\u2013><!\u2013- [et_pb_br_holder] -\u2013>\u00c9 recomendado privilegiar alimentos ricos em antioxidantes, \u00f4mega-3 e fibras. Isso pode incluir frutas frescas, vegetais, nozes e gr\u00e3os integrais. Uma aten\u00e7\u00e3o especial \u00e0 hidrata\u00e7\u00e3o tamb\u00e9m \u00e9 necess\u00e1ria, pois uma boa hidrata\u00e7\u00e3o auxilia a manter as fun\u00e7\u00f5es corporais. Aqui est\u00e3o algumas dicas para uma alimenta\u00e7\u00e3o saud\u00e1vel:<!\u2013- [et_pb_br_holder] -\u2013><!-- [et_pb_line_break_holder] --><\/p>\n<ul class=\"styled-list\"><!-- [et_pb_line_break_holder] --><\/p>\n<li><strong>Prepara\u00e7\u00e3o de refei\u00e7\u00f5es:<\/strong> Preparar refei\u00e7\u00f5es simples e nutritivas com anteced\u00eancia para ganhar tempo.<\/li>\n<p><!-- [et_pb_line_break_holder] --><\/p>\n<li><strong>Inclus\u00e3o de frutas e vegetais:<\/strong> Adicionar frutas e vegetais a cada refei\u00e7\u00e3o para nutrientes essenciais.<\/li>\n<p><!-- [et_pb_line_break_holder] --><\/p>\n<li><strong>Lanches saud\u00e1veis:<\/strong> Ter lanches saud\u00e1veis \u00e0 m\u00e3o para evitar beliscar de maneira n\u00e3o saud\u00e1vel.<\/li>\n<p><!-- [et_pb_line_break_holder] --><\/p>\n<li><strong>Evitar alimentos processados:<\/strong> Reduzir o consumo de alimentos ricos em a\u00e7\u00facares adicionados e gorduras saturadas.<\/li>\n<p><!-- [et_pb_line_break_holder] --><\/p>\n<li><strong>Escuta das necessidades:<\/strong> Adaptar a alimenta\u00e7\u00e3o conforme as prefer\u00eancias e necessidades nutricionais individuais.<\/li>\n<p><!-- [et_pb_line_break_holder] --><\/ul>\n<p><!\u2013- [et_pb_br_holder] -\u2013><\/section>\n<div class=\"section-divider\">\u25c6 \u25c6 \u25c6<\/div>\n<section class=\"dynseo-section\">\n<h2 id=\"section-3\"> Conclus\u00e3o: Rumo a uma rotina positiva e adaptada<\/h2>\n<p><!\u2013- [et_pb_br_holder] -\u2013><!-- [et_pb_line_break_holder] -->Em conclus\u00e3o, estabelecer uma rotina matinal adaptada \u00e9 essencial para melhorar a qualidade de vida das pessoas com Parkinson. Integrando gestos simples, exerc\u00edcios f\u00edsicos, atividades cognitivas e intera\u00e7\u00f5es sociais, podemos contribuir para o seu bem-estar. <!\u2013- [et_pb_br_holder] -\u2013><!\u2013- [et_pb_br_holder] -\u2013>\u00c9 primordial estar atento \u00e0s necessidades individuais e demonstrar flexibilidade. Ferramentas como EDITH tamb\u00e9m podem facilitar esse processo oferecendo solu\u00e7\u00f5es adaptadas. Trabalhando juntos para criar uma rotina positiva, podemos ajudar nossos entes queridos a melhor gerenciar sua condi\u00e7\u00e3o e a viver dias mais gratificantes.<\/section>\n<\/div>\n<p>[\/et_pb_code][\/et_pb_column][\/et_pb_row][\/et_pb_section][et_pb_section fb_built=&#8221;1&#8243; _builder_version=&#8221;4.16&#8243; global_colors_info=&#8221;{}&#8221;][et_pb_row _builder_version=&#8221;4.16&#8243; background_size=&#8221;initial&#8221; background_position=&#8221;top_left&#8221; background_repeat=&#8221;repeat&#8221; global_colors_info=&#8221;{}&#8221;][et_pb_column type=&#8221;4_4&#8243; _builder_version=&#8221;4.16&#8243; custom_padding=&#8221;|||&#8221; global_colors_info=&#8221;{}&#8221; custom_padding__hover=&#8221;|||&#8221;][et_pb_code _builder_version=&#8221;4.16&#8243; global_colors_info=&#8221;{}&#8221;]<script type=\"application\/ld+json\">{\"@context\":\"https:\/\/schema.org\",\"@type\":\"FAQPage\",\"mainEntity\":[{\"@type\":\"Question\",\"name\":\"Por que as intera\u00e7\u00f5es sociais s\u00e3o importantes em uma rotina matinal para pessoas com Parkinson?\",\"acceptedAnswer\":{\"@type\":\"Answer\",\"text\":\"As intera\u00e7\u00f5es sociais desempenham um papel fundamental, pois o isolamento pode exacerbar os sintomas da doen\u00e7a de Parkinson. Integrando momentos de partilha na rotina matinal, pode-se melhorar o humor, estimular a motiva\u00e7\u00e3o para participar de atividades e reduzir os sentimentos de solid\u00e3o, ao mesmo tempo criando um ambiente positivo.\"}},{\"@type\":\"Question\",\"name\":\"Quais s\u00e3o as melhores formas de integrar as intera\u00e7\u00f5es sociais pela manh\u00e3?\",\"acceptedAnswer\":{\"@type\":\"Answer\",\"text\":\"V\u00e1rias op\u00e7\u00f5es est\u00e3o dispon\u00edveis: organizar caf\u00e9s da manh\u00e3 em fam\u00edlia, participar de grupos de apoio, inscrever-se em atividades comunit\u00e1rias como oficinas, estabelecer chamadas regulares com entes queridos, ou planejar sa\u00eddas a locais apreciados como parques ou museus.\"}},{\"@type\":\"Question\",\"name\":\"Por que a alimenta\u00e7\u00e3o \u00e9 crucial na rotina matinal de pessoas com Parkinson?\",\"acceptedAnswer\":{\"@type\":\"Answer\",\"text\":\"Uma alimenta\u00e7\u00e3o equilibrada \u00e9 crucial porque alguns alimentos podem ter um impacto positivo na sa\u00fade cognitiva e f\u00edsica. Integrando refei\u00e7\u00f5es saud\u00e1veis logo pela manh\u00e3, pode-se melhorar a energia e a concentra\u00e7\u00e3o ao longo do dia.\"}},{\"@type\":\"Question\",\"name\":\"Que tipos de alimentos s\u00e3o recomendados para o caf\u00e9 da manh\u00e3 de pessoas com Parkinson?\",\"acceptedAnswer\":{\"@type\":\"Answer\",\"text\":\"Recomenda-se privilegiar alimentos ricos em antioxidantes, \u00f4mega-3 e fibras. Isso inclui frutas frescas, vegetais, nozes e gr\u00e3os integrais. Esses alimentos contribuem para melhorar a sa\u00fade cognitiva e f\u00edsica.\"}},{\"@type\":\"Question\",\"name\":\"A hidrata\u00e7\u00e3o \u00e9 importante na rotina matinal para Parkinson?\",\"acceptedAnswer\":{\"@type\":\"Answer\",\"text\":\"Sim, uma aten\u00e7\u00e3o especial \u00e0 hidrata\u00e7\u00e3o \u00e9 necess\u00e1ria, pois uma boa hidrata\u00e7\u00e3o auxilia a manter as fun\u00e7\u00f5es corporais \u00f3timas. \u00c9 importante integrar uma hidrata\u00e7\u00e3o adequada logo pela manh\u00e3 na rotina di\u00e1ria.\"}},{\"@type\":\"Question\",\"name\":\"Como os grupos de apoio podem ajudar na rotina matinal de pessoas com Parkinson?\",\"acceptedAnswer\":{\"@type\":\"Answer\",\"text\":\"Os grupos de apoio permitem encontrar outras pessoas que compartilham experi\u00eancias semelhantes com a doen\u00e7a de Parkinson. Essa intera\u00e7\u00e3o social matinal pode reduzir o isolamento, melhorar o humor e fornecer um apoio emocional valioso para come\u00e7ar bem o dia.\"}}]}<\/script><br \/>\n<script type=\"application\/ld+json\">{\"@context\":\"https:\/\/schema.org\",\"@type\":\"FAQPage\",\"mainEntity\":[{\"@type\":\"Question\",\"name\":\"Por que as intera\u00e7\u00f5es sociais s\u00e3o importantes em uma rotina matinal para pessoas com Parkinson?\",\"acceptedAnswer\":{\"@type\":\"Answer\",\"text\":\"As intera\u00e7\u00f5es sociais desempenham um papel fundamental, pois o isolamento pode exacerbar os sintomas da doen\u00e7a de Parkinson. Integrando momentos de partilha na rotina matinal, pode-se melhorar o humor, estimular a motiva\u00e7\u00e3o para participar de atividades e reduzir os sentimentos de solid\u00e3o, ao mesmo tempo criando um ambiente positivo.\"}},{\"@type\":\"Question\",\"name\":\"Quais s\u00e3o as melhores formas de integrar as intera\u00e7\u00f5es sociais pela manh\u00e3?\",\"acceptedAnswer\":{\"@type\":\"Answer\",\"text\":\"V\u00e1rias op\u00e7\u00f5es est\u00e3o dispon\u00edveis: organizar caf\u00e9s da manh\u00e3 em fam\u00edlia, participar de grupos de apoio, inscrever-se em atividades comunit\u00e1rias como oficinas, estabelecer chamadas regulares com entes queridos, ou planejar sa\u00eddas a locais apreciados como parques ou museus.\"}},{\"@type\":\"Question\",\"name\":\"Por que a alimenta\u00e7\u00e3o \u00e9 crucial na rotina matinal de pessoas com Parkinson?\",\"acceptedAnswer\":{\"@type\":\"Answer\",\"text\":\"Uma alimenta\u00e7\u00e3o equilibrada \u00e9 crucial porque alguns alimentos podem ter um impacto positivo na sa\u00fade cognitiva e f\u00edsica. Integrando refei\u00e7\u00f5es saud\u00e1veis logo pela manh\u00e3, pode-se melhorar a energia e a concentra\u00e7\u00e3o ao longo do dia.\"}},{\"@type\":\"Question\",\"name\":\"Que tipos de alimentos s\u00e3o recomendados para o caf\u00e9 da manh\u00e3 de pessoas com Parkinson?\",\"acceptedAnswer\":{\"@type\":\"Answer\",\"text\":\"Recomenda-se privilegiar alimentos ricos em antioxidantes, \u00f4mega-3 e fibras. Isso inclui frutas frescas, vegetais, nozes e gr\u00e3os integrais. Esses alimentos contribuem para melhorar a sa\u00fade cognitiva e f\u00edsica.\"}},{\"@type\":\"Question\",\"name\":\"A hidrata\u00e7\u00e3o \u00e9 importante na rotina matinal para Parkinson?\",\"acceptedAnswer\":{\"@type\":\"Answer\",\"text\":\"Sim, uma aten\u00e7\u00e3o especial \u00e0 hidrata\u00e7\u00e3o \u00e9 necess\u00e1ria, pois uma boa hidrata\u00e7\u00e3o auxilia a manter as fun\u00e7\u00f5es corporais \u00f3timas. \u00c9 importante integrar uma hidrata\u00e7\u00e3o adequada logo pela manh\u00e3 na rotina di\u00e1ria.\"}},{\"@type\":\"Question\",\"name\":\"Como os grupos de apoio podem ajudar na rotina matinal de pessoas com Parkinson?\",\"acceptedAnswer\":{\"@type\":\"Answer\",\"text\":\"Os grupos de apoio permitem encontrar outras pessoas que compartilham experi\u00eancias semelhantes com a doen\u00e7a de Parkinson. Essa intera\u00e7\u00e3o social matinal pode reduzir o isolamento, melhorar o humor e fornecer um apoio emocional valioso para come\u00e7ar bem o dia.\"}}]}<\/script>[\/et_pb_code][\/et_pb_column][\/et_pb_row][\/et_pb_section]<\/p>\n","protected":false},"excerpt":{"rendered":"","protected":false},"author":4,"featured_media":396571,"comment_status":"closed","ping_status":"closed","sticky":false,"template":"","format":"standard","meta":{"_et_pb_use_builder":"on","_et_pb_old_content":"<br><h2> L'impact des interactions sociales sur le bien-\u00eatre<\/h2><br>\nLes interactions sociales jouent un r\u00f4le fondamental dans la qualit\u00e9 de vie des personnes atteintes de Parkinson. Nous savons que l'isolement peut exacerber les sympt\u00f4mes de la maladie, rendant ainsi les relations sociales d'autant plus importantes. En int\u00e9grant des moments de partage dans la routine matinale, nous pouvons non seulement am\u00e9liorer l'humeur, mais aussi stimuler la motivation \u00e0 participer \u00e0 des activit\u00e9s. <br><br>Il est essentiel d'encourager les \u00e9changes avec la famille et les amis, que ce soit par des visites, des appels t\u00e9l\u00e9phoniques ou des activit\u00e9s communes. Ces interactions peuvent aider \u00e0 r\u00e9duire les sentiments de solitude et \u00e0 cr\u00e9er un environnement positif. Voici quelques id\u00e9es pour favoriser les interactions sociales :<br>\n<ul>\n<li><strong>Petits-d\u00e9jeuners en famille :<\/strong> Organiser des repas en commun pour commencer la journ\u00e9e ensemble.<\/li>\n<li><strong>Groupes de soutien :<\/strong> Participer \u00e0 des groupes de soutien pour rencontrer d'autres personnes partageant des exp\u00e9riences similaires.<\/li>\n<li><strong>Activit\u00e9s communautaires :<\/strong> S'inscrire \u00e0 des activit\u00e9s de groupe, comme des ateliers ou des cours.<\/li>\n<li><strong>Appels r\u00e9guliers :<\/strong> \u00c9tablir des moments d\u00e9di\u00e9s aux appels avec des proches pour maintenir le lien.<\/li>\n<li><strong>Sorties :<\/strong> Planifier des sorties dans des lieux appr\u00e9ci\u00e9s, comme des parcs ou des mus\u00e9es.<\/li>\n<\/ul><br>\n\n<h2> L'importance de l'alimentation dans la routine matinale<\/h2><br>\nUne alimentation \u00e9quilibr\u00e9e est cruciale pour le bien-\u00eatre g\u00e9n\u00e9ral des personnes atteintes de Parkinson. Nous savons que certains aliments peuvent avoir un impact positif sur la sant\u00e9 cognitive et physique. En int\u00e9grant des repas sains d\u00e8s le matin, nous pouvons contribuer \u00e0 am\u00e9liorer l'\u00e9nergie et la concentration tout au long de la journ\u00e9e. <br><br>Il est recommand\u00e9 de privil\u00e9gier les aliments riches en antioxydants, en om\u00e9ga-3 et en fibres. Cela peut inclure des fruits frais, des l\u00e9gumes, des noix et des grains entiers. Une attention particuli\u00e8re \u00e0 l'hydratation est \u00e9galement n\u00e9cessaire, car une bonne hydratation aide \u00e0 maintenir les fonctions corporelles. Voici quelques conseils pour une alimentation saine :<br>\n<ul>\n<li><strong>Pr\u00e9paration de repas :<\/strong> Pr\u00e9parer des repas simples et nutritifs \u00e0 l'avance pour gagner du temps.<\/li>\n<li><strong>Inclusion de fruits et l\u00e9gumes :<\/strong> Ajouter des fruits et l\u00e9gumes \u00e0 chaque repas pour des nutriments essentiels.<\/li>\n<li><strong>Collations saines :<\/strong> Avoir des collations saines \u00e0 port\u00e9e de main pour \u00e9viter les grignotages malsains.<\/li>\n<li><strong>\u00c9viter les aliments transform\u00e9s :<\/strong> R\u00e9duire la consommation d'aliments riches en sucres ajout\u00e9s et en graisses satur\u00e9es.<\/li>\n<li><strong>\u00c9coute des besoins :<\/strong> Adapter l'alimentation en fonction des pr\u00e9f\u00e9rences et des besoins nutritionnels individuels.<\/li>\n<\/ul><br>\n\n<h2> Conclusion : Vers une routine positive et adapt\u00e9e<\/h2><br>\nEn conclusion, \u00e9tablir une routine matinale adapt\u00e9e est essentiel pour am\u00e9liorer la qualit\u00e9 de vie des personnes atteintes de Parkinson. En int\u00e9grant des gestes simples, des exercices physiques, des activit\u00e9s cognitives et des interactions sociales, nous pouvons contribuer \u00e0 leur bien-\u00eatre. <br><br>Il est primordial de rester \u00e0 l'\u00e9coute des besoins individuels et de faire preuve de flexibilit\u00e9. Des outils comme EDITH peuvent \u00e9galement faciliter cette d\u00e9marche en offrant des solutions adapt\u00e9es. En travaillant ensemble pour cr\u00e9er une routine positive, nous pouvons aider nos proches \u00e0 mieux g\u00e9rer leur condition et \u00e0 vivre des journ\u00e9es plus \u00e9panouissantes.\n\n\n\n[et_pb_code]<script type=\"application\/ld+json\">{\"@context\":\"https:\/\/schema.org\",\"@type\":\"FAQPage\",\"mainEntity\":[{\"@type\":\"Question\",\"name\":\"Pourquoi les interactions sociales sont-elles importantes dans une routine matinale pour les personnes atteintes de Parkinson ?\",\"acceptedAnswer\":{\"@type\":\"Answer\",\"text\":\"Les interactions sociales jouent un r\u00f4le fondamental car l'isolement peut exacerber les sympt\u00f4mes de la maladie de Parkinson. En int\u00e9grant des moments de partage dans la routine matinale, on peut am\u00e9liorer l'humeur, stimuler la motivation \u00e0 participer \u00e0 des activit\u00e9s et r\u00e9duire les sentiments de solitude tout en cr\u00e9ant un environnement positif.\"}},{\"@type\":\"Question\",\"name\":\"Quelles sont les meilleures fa\u00e7ons d'int\u00e9grer les interactions sociales le matin ?\",\"acceptedAnswer\":{\"@type\":\"Answer\",\"text\":\"Plusieurs options s'offrent \u00e0 vous : organiser des petits-d\u00e9jeuners en famille, participer \u00e0 des groupes de soutien, s'inscrire \u00e0 des activit\u00e9s communautaires comme des ateliers, \u00e9tablir des appels r\u00e9guliers avec des proches, ou planifier des sorties dans des lieux appr\u00e9ci\u00e9s comme des parcs ou des mus\u00e9es.\"}},{\"@type\":\"Question\",\"name\":\"Pourquoi l'alimentation est-elle cruciale dans la routine matinale des personnes atteintes de Parkinson ?\",\"acceptedAnswer\":{\"@type\":\"Answer\",\"text\":\"Une alimentation \u00e9quilibr\u00e9e est cruciale car certains aliments peuvent avoir un impact positif sur la sant\u00e9 cognitive et physique. En int\u00e9grant des repas sains d\u00e8s le matin, on peut am\u00e9liorer l'\u00e9nergie et la concentration tout au long de la journ\u00e9e.\"}},{\"@type\":\"Question\",\"name\":\"Quels types d'aliments sont recommand\u00e9s pour le petit-d\u00e9jeuner des personnes atteintes de Parkinson ?\",\"acceptedAnswer\":{\"@type\":\"Answer\",\"text\":\"Il est recommand\u00e9 de privil\u00e9gier les aliments riches en antioxydants, en om\u00e9ga-3 et en fibres. Cela inclut des fruits frais, des l\u00e9gumes, des noix et des grains entiers. Ces aliments contribuent \u00e0 am\u00e9liorer la sant\u00e9 cognitive et physique.\"}},{\"@type\":\"Question\",\"name\":\"L'hydratation est-elle importante dans la routine matinale pour Parkinson ?\",\"acceptedAnswer\":{\"@type\":\"Answer\",\"text\":\"Oui, une attention particuli\u00e8re \u00e0 l'hydratation est n\u00e9cessaire car une bonne hydratation aide \u00e0 maintenir les fonctions corporelles optimales. Il est important d'int\u00e9grer une hydratation ad\u00e9quate d\u00e8s le matin dans la routine quotidienne.\"}},{\"@type\":\"Question\",\"name\":\"Comment les groupes de soutien peuvent-ils aider dans la routine matinale des personnes atteintes de Parkinson ?\",\"acceptedAnswer\":{\"@type\":\"Answer\",\"text\":\"Les groupes de soutien permettent de rencontrer d'autres personnes partageant des exp\u00e9riences similaires avec la maladie de Parkinson. Cette interaction sociale matinale peut r\u00e9duire l'isolement, am\u00e9liorer l'humeur et fournir un soutien \u00e9motionnel pr\u00e9cieux pour bien commencer la journ\u00e9e.\"}}]}<\/script>[\/et_pb_code]","_et_gb_content_width":"","footnotes":""},"categories":[3136,3250,3261,2118],"tags":[],"class_list":["post-479600","post","type-post","status-publish","format-standard","has-post-thumbnail","hentry","category-aconselhamento-dos-treinadores","category-parkinson-2","category-parkinson-pt-pt","category-uncategorized"],"yoast_head":"<!-- This site is optimized with the Yoast SEO plugin v27.4 - https:\/\/yoast.com\/product\/yoast-seo-wordpress\/ -->\n<title>Rotina matinal para Parkinson: Gestos, exerc\u00edcios e estimula\u00e7\u00e3o cognitiva - DYNSEO - Aplica\u00e7\u00f5es educativas e jogos de mem\u00f3ria<\/title>\n<meta name=\"robots\" content=\"index, follow, max-snippet:-1, max-image-preview:large, max-video-preview:-1\" \/>\n<link rel=\"canonical\" href=\"https:\/\/www.dynseo.com\/pt-pt\/rotina-matinal-para-parkinson-gestos-exercicios-e-estimulacao-cognitiva\/\" \/>\n<meta property=\"og:locale\" content=\"pt_PT\" \/>\n<meta property=\"og:type\" content=\"article\" \/>\n<meta property=\"og:title\" content=\"Rotina matinal para Parkinson: Gestos, exerc\u00edcios e estimula\u00e7\u00e3o cognitiva - DYNSEO - Aplica\u00e7\u00f5es educativas e jogos de mem\u00f3ria\" \/>\n<meta property=\"og:url\" content=\"https:\/\/www.dynseo.com\/pt-pt\/rotina-matinal-para-parkinson-gestos-exercicios-e-estimulacao-cognitiva\/\" \/>\n<meta property=\"og:site_name\" content=\"DYNSEO - Aplica\u00e7\u00f5es educativas e jogos de mem\u00f3ria\" \/>\n<meta property=\"article:published_time\" content=\"2026-01-10T16:09:40+00:00\" \/>\n<meta property=\"article:modified_time\" content=\"2026-01-11T18:00:51+00:00\" \/>\n<meta property=\"og:image\" content=\"https:\/\/www.dynseo.com\/wp-content\/uploads\/2025\/04\/DYNSEO-demande-de-PCH-avec-nos-programme-de-jeux-de-memoire4.png\" \/>\n\t<meta property=\"og:image:width\" content=\"1080\" \/>\n\t<meta property=\"og:image:height\" content=\"540\" \/>\n\t<meta property=\"og:image:type\" content=\"image\/png\" \/>\n<meta name=\"author\" content=\"DYNSEO\" \/>\n<meta name=\"twitter:label1\" content=\"Escrito por\" \/>\n\t<meta name=\"twitter:data1\" content=\"DYNSEO\" \/>\n\t<meta name=\"twitter:label2\" content=\"Tempo estimado de leitura\" \/>\n\t<meta name=\"twitter:data2\" content=\"3 minutos\" \/>\n<script type=\"application\/ld+json\" class=\"yoast-schema-graph\">{\"@context\":\"https:\\\/\\\/schema.org\",\"@graph\":[{\"@type\":\"Article\",\"@id\":\"https:\\\/\\\/www.dynseo.com\\\/pt-pt\\\/rotina-matinal-para-parkinson-gestos-exercicios-e-estimulacao-cognitiva\\\/#article\",\"isPartOf\":{\"@id\":\"https:\\\/\\\/www.dynseo.com\\\/pt-pt\\\/rotina-matinal-para-parkinson-gestos-exercicios-e-estimulacao-cognitiva\\\/\"},\"author\":{\"name\":\"DYNSEO\",\"@id\":\"https:\\\/\\\/www.dynseo.com\\\/pt-pt\\\/#\\\/schema\\\/person\\\/78ef63df2ee64e0989bc68f8401b38d6\"},\"headline\":\"Rotina matinal para Parkinson: Gestos, exerc\u00edcios e estimula\u00e7\u00e3o cognitiva\",\"datePublished\":\"2026-01-10T16:09:40+00:00\",\"dateModified\":\"2026-01-11T18:00:51+00:00\",\"mainEntityOfPage\":{\"@id\":\"https:\\\/\\\/www.dynseo.com\\\/pt-pt\\\/rotina-matinal-para-parkinson-gestos-exercicios-e-estimulacao-cognitiva\\\/\"},\"wordCount\":642,\"publisher\":{\"@id\":\"https:\\\/\\\/www.dynseo.com\\\/pt-pt\\\/#organization\"},\"image\":{\"@id\":\"https:\\\/\\\/www.dynseo.com\\\/pt-pt\\\/rotina-matinal-para-parkinson-gestos-exercicios-e-estimulacao-cognitiva\\\/#primaryimage\"},\"thumbnailUrl\":\"https:\\\/\\\/www.dynseo.com\\\/wp-content\\\/uploads\\\/2025\\\/04\\\/DYNSEO-demande-de-PCH-avec-nos-programme-de-jeux-de-memoire4.png\",\"articleSection\":[\"Aconselhamento dos treinadores\",\"Tout sur Parkinson\",\"Tudo sobre parkinson\",\"Uncategorized\"],\"inLanguage\":\"pt-PT\"},{\"@type\":\"WebPage\",\"@id\":\"https:\\\/\\\/www.dynseo.com\\\/pt-pt\\\/rotina-matinal-para-parkinson-gestos-exercicios-e-estimulacao-cognitiva\\\/\",\"url\":\"https:\\\/\\\/www.dynseo.com\\\/pt-pt\\\/rotina-matinal-para-parkinson-gestos-exercicios-e-estimulacao-cognitiva\\\/\",\"name\":\"Rotina matinal para Parkinson: Gestos, exerc\u00edcios e estimula\u00e7\u00e3o cognitiva - DYNSEO - Aplica\u00e7\u00f5es educativas e jogos de mem\u00f3ria\",\"isPartOf\":{\"@id\":\"https:\\\/\\\/www.dynseo.com\\\/pt-pt\\\/#website\"},\"primaryImageOfPage\":{\"@id\":\"https:\\\/\\\/www.dynseo.com\\\/pt-pt\\\/rotina-matinal-para-parkinson-gestos-exercicios-e-estimulacao-cognitiva\\\/#primaryimage\"},\"image\":{\"@id\":\"https:\\\/\\\/www.dynseo.com\\\/pt-pt\\\/rotina-matinal-para-parkinson-gestos-exercicios-e-estimulacao-cognitiva\\\/#primaryimage\"},\"thumbnailUrl\":\"https:\\\/\\\/www.dynseo.com\\\/wp-content\\\/uploads\\\/2025\\\/04\\\/DYNSEO-demande-de-PCH-avec-nos-programme-de-jeux-de-memoire4.png\",\"datePublished\":\"2026-01-10T16:09:40+00:00\",\"dateModified\":\"2026-01-11T18:00:51+00:00\",\"breadcrumb\":{\"@id\":\"https:\\\/\\\/www.dynseo.com\\\/pt-pt\\\/rotina-matinal-para-parkinson-gestos-exercicios-e-estimulacao-cognitiva\\\/#breadcrumb\"},\"inLanguage\":\"pt-PT\",\"potentialAction\":[{\"@type\":\"ReadAction\",\"target\":[\"https:\\\/\\\/www.dynseo.com\\\/pt-pt\\\/rotina-matinal-para-parkinson-gestos-exercicios-e-estimulacao-cognitiva\\\/\"]}]},{\"@type\":\"ImageObject\",\"inLanguage\":\"pt-PT\",\"@id\":\"https:\\\/\\\/www.dynseo.com\\\/pt-pt\\\/rotina-matinal-para-parkinson-gestos-exercicios-e-estimulacao-cognitiva\\\/#primaryimage\",\"url\":\"https:\\\/\\\/www.dynseo.com\\\/wp-content\\\/uploads\\\/2025\\\/04\\\/DYNSEO-demande-de-PCH-avec-nos-programme-de-jeux-de-memoire4.png\",\"contentUrl\":\"https:\\\/\\\/www.dynseo.com\\\/wp-content\\\/uploads\\\/2025\\\/04\\\/DYNSEO-demande-de-PCH-avec-nos-programme-de-jeux-de-memoire4.png\",\"width\":1080,\"height\":540,\"caption\":\"Estimula\u00e7\u00e3o mental constante \u00e9 fundamental para retardar o avan\u00e7o do Alzheimer\"},{\"@type\":\"BreadcrumbList\",\"@id\":\"https:\\\/\\\/www.dynseo.com\\\/pt-pt\\\/rotina-matinal-para-parkinson-gestos-exercicios-e-estimulacao-cognitiva\\\/#breadcrumb\",\"itemListElement\":[{\"@type\":\"ListItem\",\"position\":1,\"name\":\"Accueil\",\"item\":\"https:\\\/\\\/www.dynseo.com\\\/pt-pt\\\/\"},{\"@type\":\"ListItem\",\"position\":2,\"name\":\"Rotina matinal para Parkinson: Gestos, exerc\u00edcios e estimula\u00e7\u00e3o cognitiva\"}]},{\"@type\":\"WebSite\",\"@id\":\"https:\\\/\\\/www.dynseo.com\\\/pt-pt\\\/#website\",\"url\":\"https:\\\/\\\/www.dynseo.com\\\/pt-pt\\\/\",\"name\":\"Jeux de m\u00e9moire et stimulation cognitive\",\"description\":\"Entra\u00eenez votre m\u00e9moire et votre cerveau avec DYNSEO\",\"publisher\":{\"@id\":\"https:\\\/\\\/www.dynseo.com\\\/pt-pt\\\/#organization\"},\"potentialAction\":[{\"@type\":\"SearchAction\",\"target\":{\"@type\":\"EntryPoint\",\"urlTemplate\":\"https:\\\/\\\/www.dynseo.com\\\/pt-pt\\\/?s={search_term_string}\"},\"query-input\":{\"@type\":\"PropertyValueSpecification\",\"valueRequired\":true,\"valueName\":\"search_term_string\"}}],\"inLanguage\":\"pt-PT\"},{\"@type\":\"Organization\",\"@id\":\"https:\\\/\\\/www.dynseo.com\\\/pt-pt\\\/#organization\",\"name\":\"DYNSEO\",\"url\":\"https:\\\/\\\/www.dynseo.com\\\/pt-pt\\\/\",\"logo\":{\"@type\":\"ImageObject\",\"inLanguage\":\"pt-PT\",\"@id\":\"https:\\\/\\\/www.dynseo.com\\\/pt-pt\\\/#\\\/schema\\\/logo\\\/image\\\/\",\"url\":\"https:\\\/\\\/www.dynseo.com\\\/wp-content\\\/uploads\\\/2022\\\/05\\\/logo-dynseo-new.png\",\"contentUrl\":\"https:\\\/\\\/www.dynseo.com\\\/wp-content\\\/uploads\\\/2022\\\/05\\\/logo-dynseo-new.png\",\"width\":5073,\"height\":1397,\"caption\":\"DYNSEO\"},\"image\":{\"@id\":\"https:\\\/\\\/www.dynseo.com\\\/pt-pt\\\/#\\\/schema\\\/logo\\\/image\\\/\"}},{\"@type\":\"Person\",\"@id\":\"https:\\\/\\\/www.dynseo.com\\\/pt-pt\\\/#\\\/schema\\\/person\\\/78ef63df2ee64e0989bc68f8401b38d6\",\"name\":\"DYNSEO\",\"url\":\"https:\\\/\\\/www.dynseo.com\\\/pt-pt\\\/author\\\/justine\\\/\"}]}<\/script>\n<!-- \/ Yoast SEO plugin. -->","yoast_head_json":{"title":"Rotina matinal para Parkinson: Gestos, exerc\u00edcios e estimula\u00e7\u00e3o cognitiva - DYNSEO - Aplica\u00e7\u00f5es educativas e jogos de mem\u00f3ria","robots":{"index":"index","follow":"follow","max-snippet":"max-snippet:-1","max-image-preview":"max-image-preview:large","max-video-preview":"max-video-preview:-1"},"canonical":"https:\/\/www.dynseo.com\/pt-pt\/rotina-matinal-para-parkinson-gestos-exercicios-e-estimulacao-cognitiva\/","og_locale":"pt_PT","og_type":"article","og_title":"Rotina matinal para Parkinson: Gestos, exerc\u00edcios e estimula\u00e7\u00e3o cognitiva - DYNSEO - Aplica\u00e7\u00f5es educativas e jogos de mem\u00f3ria","og_url":"https:\/\/www.dynseo.com\/pt-pt\/rotina-matinal-para-parkinson-gestos-exercicios-e-estimulacao-cognitiva\/","og_site_name":"DYNSEO - Aplica\u00e7\u00f5es educativas e jogos de mem\u00f3ria","article_published_time":"2026-01-10T16:09:40+00:00","article_modified_time":"2026-01-11T18:00:51+00:00","og_image":[{"width":1080,"height":540,"url":"https:\/\/www.dynseo.com\/wp-content\/uploads\/2025\/04\/DYNSEO-demande-de-PCH-avec-nos-programme-de-jeux-de-memoire4.png","type":"image\/png"}],"author":"DYNSEO","twitter_misc":{"Escrito por":"DYNSEO","Tempo estimado de leitura":"3 minutos"},"schema":{"@context":"https:\/\/schema.org","@graph":[{"@type":"Article","@id":"https:\/\/www.dynseo.com\/pt-pt\/rotina-matinal-para-parkinson-gestos-exercicios-e-estimulacao-cognitiva\/#article","isPartOf":{"@id":"https:\/\/www.dynseo.com\/pt-pt\/rotina-matinal-para-parkinson-gestos-exercicios-e-estimulacao-cognitiva\/"},"author":{"name":"DYNSEO","@id":"https:\/\/www.dynseo.com\/pt-pt\/#\/schema\/person\/78ef63df2ee64e0989bc68f8401b38d6"},"headline":"Rotina matinal para Parkinson: Gestos, exerc\u00edcios e estimula\u00e7\u00e3o cognitiva","datePublished":"2026-01-10T16:09:40+00:00","dateModified":"2026-01-11T18:00:51+00:00","mainEntityOfPage":{"@id":"https:\/\/www.dynseo.com\/pt-pt\/rotina-matinal-para-parkinson-gestos-exercicios-e-estimulacao-cognitiva\/"},"wordCount":642,"publisher":{"@id":"https:\/\/www.dynseo.com\/pt-pt\/#organization"},"image":{"@id":"https:\/\/www.dynseo.com\/pt-pt\/rotina-matinal-para-parkinson-gestos-exercicios-e-estimulacao-cognitiva\/#primaryimage"},"thumbnailUrl":"https:\/\/www.dynseo.com\/wp-content\/uploads\/2025\/04\/DYNSEO-demande-de-PCH-avec-nos-programme-de-jeux-de-memoire4.png","articleSection":["Aconselhamento dos treinadores","Tout sur Parkinson","Tudo sobre parkinson","Uncategorized"],"inLanguage":"pt-PT"},{"@type":"WebPage","@id":"https:\/\/www.dynseo.com\/pt-pt\/rotina-matinal-para-parkinson-gestos-exercicios-e-estimulacao-cognitiva\/","url":"https:\/\/www.dynseo.com\/pt-pt\/rotina-matinal-para-parkinson-gestos-exercicios-e-estimulacao-cognitiva\/","name":"Rotina matinal para Parkinson: Gestos, exerc\u00edcios e estimula\u00e7\u00e3o cognitiva - DYNSEO - Aplica\u00e7\u00f5es educativas e jogos de mem\u00f3ria","isPartOf":{"@id":"https:\/\/www.dynseo.com\/pt-pt\/#website"},"primaryImageOfPage":{"@id":"https:\/\/www.dynseo.com\/pt-pt\/rotina-matinal-para-parkinson-gestos-exercicios-e-estimulacao-cognitiva\/#primaryimage"},"image":{"@id":"https:\/\/www.dynseo.com\/pt-pt\/rotina-matinal-para-parkinson-gestos-exercicios-e-estimulacao-cognitiva\/#primaryimage"},"thumbnailUrl":"https:\/\/www.dynseo.com\/wp-content\/uploads\/2025\/04\/DYNSEO-demande-de-PCH-avec-nos-programme-de-jeux-de-memoire4.png","datePublished":"2026-01-10T16:09:40+00:00","dateModified":"2026-01-11T18:00:51+00:00","breadcrumb":{"@id":"https:\/\/www.dynseo.com\/pt-pt\/rotina-matinal-para-parkinson-gestos-exercicios-e-estimulacao-cognitiva\/#breadcrumb"},"inLanguage":"pt-PT","potentialAction":[{"@type":"ReadAction","target":["https:\/\/www.dynseo.com\/pt-pt\/rotina-matinal-para-parkinson-gestos-exercicios-e-estimulacao-cognitiva\/"]}]},{"@type":"ImageObject","inLanguage":"pt-PT","@id":"https:\/\/www.dynseo.com\/pt-pt\/rotina-matinal-para-parkinson-gestos-exercicios-e-estimulacao-cognitiva\/#primaryimage","url":"https:\/\/www.dynseo.com\/wp-content\/uploads\/2025\/04\/DYNSEO-demande-de-PCH-avec-nos-programme-de-jeux-de-memoire4.png","contentUrl":"https:\/\/www.dynseo.com\/wp-content\/uploads\/2025\/04\/DYNSEO-demande-de-PCH-avec-nos-programme-de-jeux-de-memoire4.png","width":1080,"height":540,"caption":"Estimula\u00e7\u00e3o mental constante \u00e9 fundamental para retardar o avan\u00e7o do Alzheimer"},{"@type":"BreadcrumbList","@id":"https:\/\/www.dynseo.com\/pt-pt\/rotina-matinal-para-parkinson-gestos-exercicios-e-estimulacao-cognitiva\/#breadcrumb","itemListElement":[{"@type":"ListItem","position":1,"name":"Accueil","item":"https:\/\/www.dynseo.com\/pt-pt\/"},{"@type":"ListItem","position":2,"name":"Rotina matinal para Parkinson: Gestos, exerc\u00edcios e estimula\u00e7\u00e3o cognitiva"}]},{"@type":"WebSite","@id":"https:\/\/www.dynseo.com\/pt-pt\/#website","url":"https:\/\/www.dynseo.com\/pt-pt\/","name":"Jeux de m\u00e9moire et stimulation cognitive","description":"Entra\u00eenez votre m\u00e9moire et votre cerveau avec DYNSEO","publisher":{"@id":"https:\/\/www.dynseo.com\/pt-pt\/#organization"},"potentialAction":[{"@type":"SearchAction","target":{"@type":"EntryPoint","urlTemplate":"https:\/\/www.dynseo.com\/pt-pt\/?s={search_term_string}"},"query-input":{"@type":"PropertyValueSpecification","valueRequired":true,"valueName":"search_term_string"}}],"inLanguage":"pt-PT"},{"@type":"Organization","@id":"https:\/\/www.dynseo.com\/pt-pt\/#organization","name":"DYNSEO","url":"https:\/\/www.dynseo.com\/pt-pt\/","logo":{"@type":"ImageObject","inLanguage":"pt-PT","@id":"https:\/\/www.dynseo.com\/pt-pt\/#\/schema\/logo\/image\/","url":"https:\/\/www.dynseo.com\/wp-content\/uploads\/2022\/05\/logo-dynseo-new.png","contentUrl":"https:\/\/www.dynseo.com\/wp-content\/uploads\/2022\/05\/logo-dynseo-new.png","width":5073,"height":1397,"caption":"DYNSEO"},"image":{"@id":"https:\/\/www.dynseo.com\/pt-pt\/#\/schema\/logo\/image\/"}},{"@type":"Person","@id":"https:\/\/www.dynseo.com\/pt-pt\/#\/schema\/person\/78ef63df2ee64e0989bc68f8401b38d6","name":"DYNSEO","url":"https:\/\/www.dynseo.com\/pt-pt\/author\/justine\/"}]}},"_links":{"self":[{"href":"https:\/\/www.dynseo.com\/pt-pt\/wp-json\/wp\/v2\/posts\/479600","targetHints":{"allow":["GET"]}}],"collection":[{"href":"https:\/\/www.dynseo.com\/pt-pt\/wp-json\/wp\/v2\/posts"}],"about":[{"href":"https:\/\/www.dynseo.com\/pt-pt\/wp-json\/wp\/v2\/types\/post"}],"author":[{"embeddable":true,"href":"https:\/\/www.dynseo.com\/pt-pt\/wp-json\/wp\/v2\/users\/4"}],"replies":[{"embeddable":true,"href":"https:\/\/www.dynseo.com\/pt-pt\/wp-json\/wp\/v2\/comments?post=479600"}],"version-history":[{"count":2,"href":"https:\/\/www.dynseo.com\/pt-pt\/wp-json\/wp\/v2\/posts\/479600\/revisions"}],"predecessor-version":[{"id":479676,"href":"https:\/\/www.dynseo.com\/pt-pt\/wp-json\/wp\/v2\/posts\/479600\/revisions\/479676"}],"wp:featuredmedia":[{"embeddable":true,"href":"https:\/\/www.dynseo.com\/pt-pt\/wp-json\/wp\/v2\/media\/396571"}],"wp:attachment":[{"href":"https:\/\/www.dynseo.com\/pt-pt\/wp-json\/wp\/v2\/media?parent=479600"}],"wp:term":[{"taxonomy":"category","embeddable":true,"href":"https:\/\/www.dynseo.com\/pt-pt\/wp-json\/wp\/v2\/categories?post=479600"},{"taxonomy":"post_tag","embeddable":true,"href":"https:\/\/www.dynseo.com\/pt-pt\/wp-json\/wp\/v2\/tags?post=479600"}],"curies":[{"name":"wp","href":"https:\/\/api.w.org\/{rel}","templated":true}]}}