{"id":485204,"date":"2026-01-16T00:04:24","date_gmt":"2026-01-15T23:04:24","guid":{"rendered":"https:\/\/www.dynseo.com\/auxiliar-de-vida-gravida-adaptacoes-e-precaucoes\/"},"modified":"2026-04-28T05:31:47","modified_gmt":"2026-04-28T03:31:47","slug":"auxiliar-de-vida-gravida-adaptacoes-e-precaucoes","status":"publish","type":"post","link":"https:\/\/www.dynseo.com\/pt-pt\/auxiliar-de-vida-gravida-adaptacoes-e-precaucoes\/","title":{"rendered":"Auxiliar de vida gr\u00e1vida: adapta\u00e7\u00f5es e precau\u00e7\u00f5es"},"content":{"rendered":"<p>[et_pb_section fb_built=&#8221;1&#8243; _builder_version=&#8221;4.16&#8243; custom_padding=&#8221;0px|0px|0px|0px|false|false&#8221; margin_top=&#8221;0px&#8221; margin_bottom=&#8221;0px&#8221; global_colors_info=&#8221;{}&#8221;][et_pb_row _builder_version=&#8221;4.16&#8243; custom_padding=&#8221;0px|0px|0px|0px|false|false&#8221; margin_top=&#8221;0px&#8221; margin_bottom=&#8221;0px&#8221; column_structure=&#8221;4_4&#8243; global_colors_info=&#8221;{}&#8221;][et_pb_column type=&#8221;4_4&#8243; _builder_version=&#8221;4.16&#8243; custom_padding=&#8221;0px|0px|0px|0px|false|false&#8221; global_colors_info=&#8221;{}&#8221;][et_pb_code _builder_version=&#8221;4.16&#8243; custom_padding=&#8221;0px|0px|0px|0px|false|false&#8221; global_colors_info=&#8221;{}&#8221;]<\/p>\n<style>\n        :root {\n            --primary-blue: #5e5ed7;\n            --dark-blue: #5268c9;\n            --teal: #a9e2e4;\n            --yellow: #ffeca7;\n            --pink: #e73469;\n        }<\/p>\n<p>        * {\n            margin: 0;\n            padding: 0;\n            box-sizing: border-box;\n        }<\/p>\n<p>        body {\n            font-family: 'Poppins', sans-serif;\n            line-height: 1.6;\n            color: #333;\n        }<\/p>\n<p>        .article-hero {\n            background: linear-gradient(135deg, var(--primary-blue) 0%, var(--dark-blue) 100%);\n            color: white;\n            position: relative;\n            padding: 2rem 0 4rem 0;\n        }<\/p>\n<p>        .article-hero-inner {\n            max-width: 1200px;\n            margin: 0 auto;\n            padding: 0 2rem;\n        }<\/p>\n<p>        .article-breadcrumb {\n            font-size: 0.9rem;\n            margin-bottom: 1rem;\n            opacity: 0.9;\n        }<\/p>\n<p>        .article-category {\n            display: inline-block;\n            background: var(--pink);\n            padding: 0.5rem 1rem;\n            border-radius: 20px;\n            font-size: 0.85rem;\n            font-weight: 500;\n            margin-bottom: 1.5rem;\n        }<\/p>\n<p>        .article-hero h1 {\n            font-family: 'Montserrat', sans-serif;\n            font-size: 2.5rem;\n            font-weight: 700;\n            margin-bottom: 1.5rem;\n            line-height: 1.2;\n        }<\/p>\n<p>        .hl {\n            background: var(--yellow);\n            color: var(--primary-blue);\n            padding: 0.2rem 0.5rem;\n            border-radius: 8px;\n        }<\/p>\n<p>        .article-meta {\n            display: flex;\n            gap: 2rem;\n            margin-bottom: 1rem;\n            flex-wrap: wrap;\n        }<\/p>\n<p>        .article-meta span {\n            display: flex;\n            align-items: center;\n            gap: 0.5rem;\n            font-size: 0.9rem;\n        }<\/p>\n<p>        .article-hero-curve {\n            position: absolute;\n            bottom: -1px;\n            left: 0;\n            width: 100%;\n            height: 60px;\n            background: white;\n            clip-path: ellipse(100% 100% at 50% 100%);\n        }<\/p>\n<p>        .article-body {\n            padding: 3rem 0;\n            background: #f8f9fa;\n        }<\/p>\n<p>        .container {\n            max-width: 1000px;\n            margin: 0 auto;\n            padding: 0 2rem;\n        }<\/p>\n<p>        .intro-block {\n            background: white;\n            padding: 2.5rem;\n            border-radius: 15px;\n            box-shadow: 0 10px 30px rgba(0,0,0,0.1);\n            margin-bottom: 3rem;\n            font-size: 1.1rem;\n            line-height: 1.8;\n        }<\/p>\n<p>        .stats-grid {\n            display: grid;\n            grid-template-columns: repeat(auto-fit, minmax(200px, 1fr));\n            gap: 1.5rem;\n            margin-bottom: 3rem;\n        }<\/p>\n<p>        .stat-card {\n            background: white;\n            padding: 2rem;\n            border-radius: 12px;\n            text-align: center;\n            box-shadow: 0 5px 15px rgba(0,0,0,0.1);\n            border-top: 4px solid var(--primary-blue);\n        }<\/p>\n<p>        .stat-card .number {\n            font-family: 'Montserrat', sans-serif;\n            font-size: 2.5rem;\n            font-weight: 700;\n            color: var(--primary-blue);\n            display: block;\n            margin-bottom: 0.5rem;\n        }<\/p>\n<p>        .stat-card .label {\n            font-weight: 500;\n            color: #666;\n        }<\/p>\n<p>        h2 {\n            font-family: 'Montserrat', sans-serif;\n            font-size: 1.8rem;\n            color: var(--primary-blue);\n            margin: 3rem 0 1.5rem 0;\n            border-left: 4px solid var(--teal);\n            padding-left: 1rem;\n        }<\/p>\n<p>        .conseil-card {\n            background: linear-gradient(135deg, var(--teal), #b8e6e8);\n            padding: 2rem;\n            border-radius: 12px;\n            margin: 2rem 0;\n            border-left: 4px solid var(--dark-blue);\n        }<\/p>\n<p>        .key-points {\n            background: white;\n            padding: 2rem;\n            border-radius: 12px;\n            margin: 2rem 0;\n            box-shadow: 0 5px 15px rgba(0,0,0,0.1);\n        }<\/p>\n<p>        .key-points ul {\n            list-style: none;\n            padding-left: 0;\n        }<\/p>\n<p>        .key-points li {\n            padding: 0.8rem 0;\n            border-bottom: 1px solid #eee;\n            position: relative;\n            padding-left: 2rem;\n        }<\/p>\n<p>        .key-points li:before {\n            content: \"\u2713\";\n            color: var(--primary-blue);\n            font-weight: bold;\n            position: absolute;\n            left: 0;\n        }<\/p>\n<p>        .tip-box {\n            background: var(--yellow);\n            border: 2px solid #f0d000;\n            padding: 1.5rem;\n            border-radius: 10px;\n            margin: 2rem 0;\n            position: relative;\n        }<\/p>\n<p>        .tip-box-label {\n            font-weight: 600;\n            color: var(--primary-blue);\n            font-size: 1.1rem;\n            margin-bottom: 1rem;\n            display: flex;\n            align-items: center;\n            gap: 0.5rem;\n        }<\/p>\n<p>        .tip-box-label:before {\n            content: \"\ud83d\udca1\";\n            font-size: 1.2rem;\n        }<\/p>\n<p>        .expert-box {\n            background: linear-gradient(135deg, var(--primary-blue), var(--dark-blue));\n            color: white;\n            padding: 2.5rem;\n            border-radius: 15px;\n            margin: 2rem 0;\n            position: relative;\n        }<\/p>\n<p>        .expert-box-label {\n            font-size: 0.9rem;\n            opacity: 0.9;\n            margin-bottom: 0.5rem;\n        }<\/p>\n<p>        .expert-box-title {\n            font-family: 'Montserrat', sans-serif;\n            font-size: 1.3rem;\n            font-weight: 600;\n            margin-bottom: 1rem;\n        }<\/p>\n<p>        .expert-inner {\n            background: rgba(255,255,255,0.1);\n            padding: 1.5rem;\n            border-radius: 10px;\n            margin-top: 1rem;\n        }<\/p>\n<p>        .expert-inner-title {\n            font-weight: 600;\n            margin-bottom: 1rem;\n            color: var(--yellow);\n        }<\/p>\n<p>        .faq-list {\n            margin: 3rem 0;\n        }<\/p>\n<p>        .faq-item {\n            background: white;\n            margin-bottom: 1rem;\n            border-radius: 10px;\n            overflow: hidden;\n            box-shadow: 0 2px 10px rgba(0,0,0,0.1);\n        }<\/p>\n<p>        .faq-q {\n            padding: 1.5rem 2rem;\n            background: #f8f9fa;\n            cursor: pointer;\n            display: flex;\n            justify-content: space-between;\n            align-items: center;\n            font-weight: 500;\n            transition: background 0.3s ease;\n        }<\/p>\n<p>        .faq-q:hover {\n            background: #e9ecef;\n        }<\/p>\n<p>        .faq-icon {\n            color: var(--primary-blue);\n            font-size: 1.2rem;\n            font-weight: bold;\n            transition: transform 0.3s ease;\n        }<\/p>\n<p>        .faq-item.open .faq-icon {\n            transform: rotate(45deg);\n        }<\/p>\n<p>        .faq-a {\n            padding: 0 2rem;\n            max-height: 0;\n            overflow: hidden;\n            transition: all 0.3s ease;\n        }<\/p>\n<p>        .faq-item.open .faq-a {\n            max-height: 200px;\n            padding: 1.5rem 2rem;\n        }<\/p>\n<p>        .cta-box {\n            background: linear-gradient(135deg, var(--primary-blue), var(--dark-blue));\n            color: white;\n            padding: 3rem;\n            border-radius: 15px;\n            text-align: center;\n            margin: 3rem 0;\n        }<\/p>\n<p>        .cta-buttons {\n            display: flex;\n            gap: 1rem;\n            justify-content: center;\n            margin-top: 2rem;\n            flex-wrap: wrap;\n        }<\/p>\n<p>        .btn-white {\n            background: white;\n            color: var(--primary-blue);\n            padding: 1rem 2rem;\n            border-radius: 50px;\n            text-decoration: none;\n            font-weight: 600;\n            transition: transform 0.3s ease;\n            display: inline-block;\n        }<\/p>\n<p>        .btn-white:hover {\n            transform: translateY(-2px);\n        }<\/p>\n<p>        .btn-outline {\n            background: transparent;\n            color: white;\n            border: 2px solid white;\n            padding: 1rem 2rem;\n            border-radius: 50px;\n            text-decoration: none;\n            font-weight: 600;\n            transition: all 0.3s ease;\n            display: inline-block;\n        }<\/p>\n<p>        .btn-outline:hover {\n            background: white;\n            color: var(--primary-blue);\n        }<\/p>\n<p>        .article-tags {\n            margin-top: 3rem;\n            padding-top: 2rem;\n            border-top: 2px solid #eee;\n        }<\/p>\n<p>        .article-tag {\n            display: inline-block;\n            background: var(--teal);\n            color: var(--dark-blue);\n            padding: 0.5rem 1rem;\n            border-radius: 20px;\n            margin: 0.25rem;\n            font-size: 0.9rem;\n            font-weight: 500;\n            text-decoration: none;\n        }<\/p>\n<p>        @media (max-width: 768px) {\n            .article-hero h1 {\n                font-size: 2rem;\n            }<\/p>\n<p>            .stats-grid {\n                grid-template-columns: 1fr;\n            }<\/p>\n<p>            .article-meta {\n                flex-direction: column;\n                gap: 1rem;\n            }<\/p>\n<p>            .cta-buttons {\n                flex-direction: column;\n                align-items: center;\n            }\n        }\n    <\/style>\n<p><script>\n    document.querySelectorAll('.faq-q').forEach(function(button) {\n        button.addEventListener('click', function() {\n            button.closest('.faq-item').classList.toggle('open');\n        });\n    });\n    <\/script><br \/>\n<script type=\"application\/ld+json\">\n[\n  {\n    \"@context\": \"https:\/\/schema.org\",\n    \"@type\": \"Article\",\n    \"headline\": \"Auxiliaire de vie enceinte : am\u00e9nagements et pr\u00e9cautions\",\n    \"description\": \"Pr\u00e9cautions essentiels\",\n    \"url\": \"https:\/\/www.dynseo.com\/auxiliaire-de-vie-enceinte-amenagements-et-precautions\/\",\n    \"datePublished\": \"2026-04-07\",\n    \"dateModified\": \"2026-04-07\",\n    \"author\": {\n      \"@type\": \"Organization\",\n      \"name\": \"DYNSEO\",\n      \"url\": \"https:\/\/www.dynseo.com\"\n    },\n    \"publisher\": {\n      \"@type\": \"Organization\",\n      \"name\": \"DYNSEO\",\n      \"url\": \"https:\/\/www.dynseo.com\"\n    },\n    \"image\": \"https:\/\/www.dynseo.com\/wp-content\/uploads\/2026\/04\/auxiliaire-vie-enceinte.jpg\",\n    \"aggregateRating\": {\n      \"@type\": \"AggregateRating\",\n      \"ratingValue\": \"4.8\",\n      \"bestRating\": \"5\",\n      \"ratingCount\": \"127\"\n    },\n    \"mainEntityOfPage\": {\n      \"@type\": \"WebPage\",\n      \"@id\": \"https:\/\/www.dynseo.com\/auxiliaire-de-vie-enceinte-amenagements-et-precautions\/\"\n    }\n  },\n  {\n    \"@context\": \"https:\/\/schema.org\",\n    \"@type\": \"WebPage\",\n    \"name\": \"Auxiliaire de vie enceinte : am\u00e9nagements et pr\u00e9cautions\",\n    \"description\": \"Pr\u00e9cautions essentiels\",\n    \"url\": \"https:\/\/www.dynseo.com\/auxiliaire-de-vie-enceinte-amenagements-et-precautions\/\",\n    \"breadcrumb\": {\n      \"@type\": \"BreadcrumbList\",\n      \"itemListElement\": [\n        {\n          \"@type\": \"ListItem\",\n          \"position\": 1,\n          \"name\": \"Accueil\",\n          \"item\": \"https:\/\/www.dynseo.com\"\n        },\n        {\n          \"@type\": \"ListItem\",\n          \"position\": 2,\n          \"name\": \"Blog\",\n          \"item\": \"https:\/\/www.dynseo.com\/blog\/\"\n        },\n        {\n          \"@type\": \"ListItem\",\n          \"position\": 3,\n          \"name\": \"Auxiliaire de vie enceinte : am\u00e9nagements et pr\u00e9cautions\",\n          \"item\": \"https:\/\/www.dynseo.com\/auxiliaire-de-vie-enceinte-amenagements-et-precautions\/\"\n        }\n      ]\n    }\n  },\n  {\n    \"@context\": \"https:\/\/schema.org\",\n    \"@type\": \"FAQPage\",\n    \"mainEntity\": [\n      {\n        \"@type\": \"Question\",\n        \"name\": \"\u00c0 partir de quand dois-je informer mon employeur de ma grossesse ?\",\n        \"acceptedAnswer\": {\n          \"@type\": \"Answer\",\n          \"text\": \"En tant qu'auxiliaire de vie, il est recommand\u00e9 d'informer votre employeur de votre grossesse d\u00e8s que possible pour b\u00e9n\u00e9ficier des am\u00e9nagements n\u00e9cessaires et garantir votre s\u00e9curit\u00e9 ainsi que celle de votre b\u00e9b\u00e9.\"\n        }\n      },\n      {\n        \"@type\": \"Question\",\n        \"name\": \"Quels am\u00e9nagements puis-je demander pendant ma grossesse ?\",\n        \"acceptedAnswer\": {\n          \"@type\": \"Answer\",\n          \"text\": \"Vous pouvez demander des am\u00e9nagements tels que la r\u00e9duction des t\u00e2ches physiques lourdes, l'adaptation des horaires, l'\u00e9vitement de certains produits chimiques et la mise \u00e0 disposition d'\u00e9quipements ergonomiques.\"\n        }\n      },\n      {\n        \"@type\": \"Question\",\n        \"name\": \"Puis-je \u00eatre licenci\u00e9e en raison de ma grossesse ?\",\n        \"acceptedAnswer\": {\n          \"@type\": \"Answer\",\n          \"text\": \"Non, il est strictement interdit de licencier une salari\u00e9e en raison de sa grossesse. Vous b\u00e9n\u00e9ficiez d'une protection l\u00e9gale contre toute discrimination li\u00e9e \u00e0 votre \u00e9tat de grossesse.\"\n        }\n      }\n    ]\n  }\n]\n<\/script>\n<link href=\"https:\/\/fonts.googleapis.com\/css2?family=Montserrat:wght@400;500;600;700&#038;family=Poppins:wght@300;400;500;600&#038;display=swap\" rel=\"stylesheet\">\n<section class=\"article-hero\">\n<div class=\"article-hero-inner\">\n<div class=\"article-breadcrumb\">\n                In\u00edcio > Blog > Sa\u00fade profissional > Auxiliar de vida gr\u00e1vida\n            <\/div>\n<div class=\"article-category\">Sa\u00fade &#038; Bem-estar<\/div>\n<h1>Auxiliar de vida gr\u00e1vida : <span class=\"hl\">ajustes e precau\u00e7\u00f5es<\/span> essenciais<\/h1>\n<div class=\"article-meta\">\n                <span>\ud83d\udcc5 Abril 2026<\/span><br \/>\n                <span>\u23f1\ufe0f 15 min de leitura<\/span><br \/>\n                <span>\ud83d\udc65 Profissionais de sa\u00fade<\/span><br \/>\n                <span>\u2b50 4.8\/5 (127 avalia\u00e7\u00f5es)<\/span>\n            <\/div>\n<\/p><\/div>\n<div class=\"article-hero-curve\"><\/div>\n<\/section>\n<div class=\"article-body\">\n<div class=\"container\">\n<div class=\"intro-block\">\n                A gravidez de uma auxiliar de vida representa um per\u00edodo particular que necessita de uma aten\u00e7\u00e3o especial tanto por parte do empregador quanto da profissional. As profiss\u00f5es de ajuda \u00e0 pessoa comportam especificidades que podem apresentar riscos para a mulher gr\u00e1vida e seu futuro filho. Esta situa\u00e7\u00e3o, longe de ser excepcional, diz respeito a muitas profissionais a cada ano e merece uma abordagem estruturada e acolhedora. A prote\u00e7\u00e3o da sa\u00fade da auxiliar de vida gr\u00e1vida passa por um conhecimento aprofundado dos direitos, das adapta\u00e7\u00f5es poss\u00edveis e das precau\u00e7\u00f5es a serem tomadas. \u00c9 essencial criar um ambiente de trabalho seguro que permita a essas profissionais continuar sua miss\u00e3o de acompanhamento enquanto preservam seu bem-estar e o de seu filho por nascer. Esta abordagem se insere em uma l\u00f3gica de preven\u00e7\u00e3o e prote\u00e7\u00e3o que beneficia todos os atores do setor de ajuda domiciliar.\n            <\/div>\n<div class=\"stats-grid\">\n<div class=\"stat-card\">\n                    <span class=\"number\">85%<\/span><br \/>\n                    <span class=\"label\">de auxiliares de vida s\u00e3o mulheres<\/span>\n                <\/div>\n<div class=\"stat-card\">\n                    <span class=\"number\">16<\/span><br \/>\n                    <span class=\"label\">semanas de licen\u00e7a maternidade m\u00ednima<\/span>\n                <\/div>\n<div class=\"stat-card\">\n                    <span class=\"number\">30%<\/span><br \/>\n                    <span class=\"label\">de redu\u00e7\u00e3o de acidentes com adapta\u00e7\u00f5es<\/span>\n                <\/div>\n<div class=\"stat-card\">\n                    <span class=\"number\">95%<\/span><br \/>\n                    <span class=\"label\">de satisfa\u00e7\u00e3o com acompanhamento adequado<\/span>\n                <\/div>\n<\/p><\/div>\n<h2>1. Os direitos fundamentais da auxiliar de vida gr\u00e1vida<\/h2>\n<pee>Quando uma auxiliar de vida se encontra gr\u00e1vida, ela beneficia de direitos espec\u00edficos que visam proteger sua sa\u00fade assim como a de seu futuro filho. Esses direitos s\u00e3o regulamentados pelo C\u00f3digo do Trabalho e incluem, entre outros, o direito a uma licen\u00e7a maternidade, que \u00e9 essencial para permitir que a m\u00e3e descanse e se prepare para a chegada de seu filho. Na Fran\u00e7a, essa licen\u00e7a pode chegar at\u00e9 16 semanas, mas pode ser prorrogada em caso de complica\u00e7\u00f5es m\u00e9dicas.<\/pee>\n<pee>Al\u00e9m disso, a auxiliar de vida gr\u00e1vida tem o direito de beneficiar de uma adapta\u00e7\u00e3o de seu posto de trabalho se suas tarefas se tornarem muito desgastantes. \u00c9 tamb\u00e9m importante ressaltar que a auxiliar de vida gr\u00e1vida n\u00e3o deve sofrer discrimina\u00e7\u00e3o devido \u00e0 sua gravidez. Isso significa que ela deve ser tratada da mesma maneira que suas colegas, sem que seu estado seja um motivo para demiss\u00e3o ou redu\u00e7\u00e3o de suas horas de trabalho.<\/pee>\n<pee>Os empregadores t\u00eam a obriga\u00e7\u00e3o legal de respeitar esses direitos e garantir um ambiente de trabalho saud\u00e1vel e seguro para todas as suas funcion\u00e1rias, incluindo aquelas que est\u00e3o gr\u00e1vidas. Essa prote\u00e7\u00e3o se estende tamb\u00e9m \u00e0s candidatas \u00e0 contrata\u00e7\u00e3o, que n\u00e3o podem ser exclu\u00eddas de um processo de recrutamento devido \u00e0 sua gravidez.<\/pee>\n<div class=\"conseil-card\">\n<h3>Ponto essencial DYNSEO<\/h3>\n<pee>A declara\u00e7\u00e3o de gravidez deve ser feita assim que poss\u00edvel para permitir uma implementa\u00e7\u00e3o r\u00e1pida das adapta\u00e7\u00f5es necess\u00e1rias. Essa transpar\u00eancia favorece uma melhor colabora\u00e7\u00e3o entre a auxiliar e seu empregador.<\/pee>\n            <\/div>\n<div class=\"key-points\">\n<h3>Direitos essenciais a reter:<\/h3>\n<ul>\n<li>Prote\u00e7\u00e3o contra o despedimento desde a declara\u00e7\u00e3o de gravidez<\/li>\n<li>Direito a consultas m\u00e9dicas pr\u00e9-natais durante o tempo de trabalho<\/li>\n<li>Possibilidade de redu\u00e7\u00e3o do tempo de trabalho por prescri\u00e7\u00e3o m\u00e9dica<\/li>\n<li>Acesso priorit\u00e1rio a forma\u00e7\u00f5es de reconvers\u00e3o, se necess\u00e1rio<\/li>\n<li>Manuten\u00e7\u00e3o dos benef\u00edcios salariais e sociais<\/li>\n<\/ul><\/div>\n<h2>2. As adapta\u00e7\u00f5es necess\u00e1rias do posto de trabalho<\/h2>\n<pee>As adapta\u00e7\u00f5es necess\u00e1rias para uma auxiliar de vida gr\u00e1vida podem variar em fun\u00e7\u00e3o das necessidades individuais e das exig\u00eancias do posto. Essas adapta\u00e7\u00f5es devem ser consideradas assim que a gravidez for anunciada para garantir uma continuidade serena da atividade profissional. O objetivo \u00e9 criar um ambiente de trabalho que preserve a sa\u00fade da futura mam\u00e3e, mantendo a qualidade dos cuidados prestados aos benefici\u00e1rios.<\/pee>\n<pee>Por exemplo, pode ser necess\u00e1rio adaptar os hor\u00e1rios de trabalho para permitir que a auxiliar fa\u00e7a pausas regulares ou evite deslocamentos muito longos. Al\u00e9m disso, algumas tarefas f\u00edsicas, como o levantamento ou o transporte de pacientes, podem ser substitu\u00eddas por atividades menos exigentes para reduzir o risco de fadiga ou les\u00e3o. Essas modifica\u00e7\u00f5es n\u00e3o devem ser vistas como restri\u00e7\u00f5es, mas como investimentos no bem-estar e na produtividade da funcion\u00e1ria.<\/pee>\n<pee>\u00c9 tamb\u00e9m crucial que o ambiente de trabalho seja adaptado. Isso pode incluir a disponibiliza\u00e7\u00e3o de um espa\u00e7o confort\u00e1vel para descansar ou equipamentos ergon\u00f4micos para facilitar as tarefas di\u00e1rias. A adapta\u00e7\u00e3o pode tamb\u00e9m envolver a pr\u00f3pria natureza das miss\u00f5es confiadas, privilegiando, por exemplo, o acompanhamento moral e social em vez de tarefas que exijam esfor\u00e7os f\u00edsicos significativos.<\/pee>\n<div class=\"tip-box\">\n<div class=\"tip-box-label\">Conselho pr\u00e1tico<\/div>\n<pee>Utilize as aplica\u00e7\u00f5es de estimula\u00e7\u00e3o cognitiva como <a href=\"https:\/\/www.dynseo.com\/pt-pt\/coco-pensa-e-coco-se-mexe\/\" target=\"_blank\">COCO PENSA e COCO SE MEXE<\/a> para propor atividades adaptadas aos benefici\u00e1rios sem esfor\u00e7o f\u00edsico para a auxiliar gr\u00e1vida.<\/pee>\n            <\/div>\n<div class=\"expert-box\">\n<div class=\"expert-box-label\">Especializa\u00e7\u00e3o DYNSEO<\/div>\n<div class=\"expert-box-title\">Adapta\u00e7\u00f5es recomendadas<\/div>\n<div class=\"expert-inner\">\n<div class=\"expert-inner-title\">Adapta\u00e7\u00f5es priorit\u00e1rias :<\/div>\n<pee>Hor\u00e1rios flex\u00edveis permitindo pausas frequentes, redu\u00e7\u00e3o dos deslocamentos com agrupamento geogr\u00e1fico das interven\u00e7\u00f5es, fornecimento de equipamentos de ajuda t\u00e9cnica para limitar os esfor\u00e7os, e adapta\u00e7\u00e3o das tarefas conforme a evolu\u00e7\u00e3o da gravidez.<\/pee>\n                <\/div>\n<\/p><\/div>\n<h2>3. As precau\u00e7\u00f5es espec\u00edficas para a seguran\u00e7a<\/h2>\n<pee>Para garantir a seguran\u00e7a de uma auxiliar de vida gr\u00e1vida, v\u00e1rias precau\u00e7\u00f5es devem ser implementadas de maneira sistem\u00e1tica e evolutiva. Essas medidas preventivas necessitam de uma avalia\u00e7\u00e3o cont\u00ednua dos riscos e uma adapta\u00e7\u00e3o constante \u00e0s evolu\u00e7\u00f5es da gravidez. A seguran\u00e7a n\u00e3o diz respeito apenas aos aspectos f\u00edsicos do trabalho, mas tamb\u00e9m ao ambiente psicol\u00f3gico e emocional no qual a profissional se encontra.<\/pee>\n<pee>Primeiramente, \u00e9 essencial avaliar os riscos potenciais relacionados \u00e0s tarefas realizadas. Isso pode incluir avalia\u00e7\u00f5es regulares das condi\u00e7\u00f5es de trabalho e ajustes de acordo com as recomenda\u00e7\u00f5es m\u00e9dicas. Essa abordagem deve ser documentada e atualizada regularmente para levar em conta a evolu\u00e7\u00e3o do estado de sa\u00fade da auxiliar e as recomenda\u00e7\u00f5es de seu m\u00e9dico assistente ou de medicina do trabalho.<\/pee>\n<pee>Por exemplo, se uma auxiliar estiver exposta a produtos qu\u00edmicos ou a agentes infecciosos, medidas devem ser tomadas para minimizar esses riscos. Al\u00e9m disso, \u00e9 importante que a auxiliar de vida gr\u00e1vida seja treinada nas boas pr\u00e1ticas de seguran\u00e7a no trabalho. Isso inclui treinamentos sobre a manipula\u00e7\u00e3o segura dos pacientes, assim como sobre as t\u00e9cnicas para evitar les\u00f5es musculoesquel\u00e9ticas.<\/pee>\n<div class=\"conseil-card\">\n<h3>Protocolo de seguran\u00e7a DYNSEO<\/h3>\n<pee>A implementa\u00e7\u00e3o de um protocolo de seguran\u00e7a adaptado \u00e0s auxiliares gr\u00e1vidas requer uma abordagem multidisciplinar envolvendo o m\u00e9dico do trabalho, o empregador e a profissional em si. Este protocolo deve ser evolutivo e se adaptar \u00e0s diferentes fases da gravidez.<\/pee>\n            <\/div>\n<h2>4. A identifica\u00e7\u00e3o e a gest\u00e3o dos riscos profissionais<\/h2>\n<pee>As auxiliares de vida gr\u00e1vidas est\u00e3o expostas a diversos riscos profissionais que podem ter um impacto significativo em sua sa\u00fade e na de seu beb\u00ea. A identifica\u00e7\u00e3o precoce desses riscos constitui a primeira etapa de uma abordagem de preven\u00e7\u00e3o eficaz. Esses riscos podem ser de natureza f\u00edsica, qu\u00edmica, biol\u00f3gica ou psicossocial, e seu impacto pode variar conforme o est\u00e1gio da gravidez e as condi\u00e7\u00f5es individuais de cada profissional.<\/pee>\n<pee>Entre esses riscos, encontram-se o estresse relacionado \u00e0s exig\u00eancias do trabalho, os esfor\u00e7os f\u00edsicos intensos e a exposi\u00e7\u00e3o a agentes patog\u00eanicos. O estresse pode ser particularmente preocupante, pois pode afetar n\u00e3o apenas a sa\u00fade mental da auxiliar, mas tamb\u00e9m o desenvolvimento do feto. A gest\u00e3o da carga de trabalho torna-se, portanto, crucial, exigindo \u00e0s vezes uma redistribui\u00e7\u00e3o das tarefas dentro da equipe para evitar a sobrecarga.<\/pee>\n<pee>Al\u00e9m disso, as tarefas relacionadas aos cuidados dos pacientes podem envolver movimentos repetitivos ou posi\u00e7\u00f5es desconfort\u00e1veis que podem levar a dores ou les\u00f5es. Portanto, \u00e9 crucial que as auxiliares estejam cientes desses riscos e que tomem as medidas necess\u00e1rias para mitig\u00e1-los. Essa conscientiza\u00e7\u00e3o deve ser acompanhada de uma forma\u00e7\u00e3o adequada e de um acompanhamento m\u00e9dico regular.<\/pee>\n<div class=\"key-points\">\n<h3>Riscos identificados no setor:<\/h3>\n<ul>\n<li>Fadiga excessiva devido \u00e0 carga de trabalho<\/li>\n<li>Estresse psicol\u00f3gico relacionado \u00e0 responsabilidade dos cuidados<\/li>\n<li>Problemas musculoesquel\u00e9ticos devido \u00e0s manuten\u00e7\u00f5es<\/li>\n<li>Exposi\u00e7\u00e3o a agentes patog\u00eanicos<\/li>\n<li>Riscos relacionados aos deslocamentos frequentes<\/li>\n<li>Exposi\u00e7\u00e3o a produtos de limpeza qu\u00edmicos<\/li>\n<\/ul><\/div>\n<div class=\"expert-box\">\n<div class=\"expert-box-label\">An\u00e1lise de especialista<\/div>\n<div class=\"expert-box-title\">Preven\u00e7\u00e3o dos riscos segundo o trimestre<\/div>\n<div class=\"expert-inner\">\n<div class=\"expert-inner-title\">Primeiro trimestre:<\/div>\n<pee>Foco na preven\u00e7\u00e3o das n\u00e1useas e da fadiga. Adapta\u00e7\u00e3o dos hor\u00e1rios matinais e possibilidade de pausas adicionais.<\/pee>\n<div class=\"expert-inner-title\">Segundo trimestre:<\/div>\n<pee>Aten\u00e7\u00e3o especial aos dist\u00farbios circulat\u00f3rios e \u00e0s modifica\u00e7\u00f5es posturais. Evitar as esta\u00e7\u00f5es em p\u00e9 prolongadas.<\/pee>\n<div class=\"expert-inner-title\">Terceiro trimestre :<\/div>\n<pee>Redu\u00e7\u00e3o significativa dos esfor\u00e7os f\u00edsicos e dos deslocamentos. Privilegiar as tarefas em posi\u00e7\u00e3o sentada.<\/pee>\n                <\/div>\n<\/p><\/div>\n<h2>5. As medidas de preven\u00e7\u00e3o e prote\u00e7\u00e3o<\/h2>\n<pee>Para prevenir eficazmente os riscos profissionais relacionados \u00e0 gravidez, v\u00e1rias medidas podem ser implementadas de forma coordenada e progressiva. Essas medidas devem se inscrever em uma abordagem global de preven\u00e7\u00e3o que envolva todos os atores da empresa e se baseie em uma avalia\u00e7\u00e3o cont\u00ednua das necessidades. O objetivo \u00e9 criar um ambiente de trabalho que favore\u00e7a o bem-estar da auxiliar gr\u00e1vida, mantendo a qualidade dos servi\u00e7os prestados.<\/pee>\n<pee>Em primeiro lugar, \u00e9 essencial estabelecer um di\u00e1logo aberto entre a auxiliar de vida gr\u00e1vida e seu empregador para identificar as tarefas que podem apresentar problemas. Juntos, eles podem elaborar um plano de a\u00e7\u00e3o que inclua ajustes nos hor\u00e1rios e nas responsabilidades. Essa colabora\u00e7\u00e3o deve ser formalizada e sujeita a um acompanhamento regular para garantir sua efic\u00e1cia e realizar os ajustes necess\u00e1rios.<\/pee>\n<pee>Em seguida, a forma\u00e7\u00e3o cont\u00ednua \u00e9 um elemento chave para garantir a seguran\u00e7a no trabalho. Sess\u00f5es sobre gest\u00e3o do estresse, t\u00e9cnicas de relaxamento e boas pr\u00e1ticas ergon\u00f4micas podem ajudar os auxiliares a gerenciar melhor sua carga de trabalho, preservando sua sa\u00fade. Essas forma\u00e7\u00f5es tamb\u00e9m podem incluir o uso de ferramentas digitais inovadoras como <a href=\"https:\/\/www.dynseo.com\/pt-pt\/coco-pensa-e-coco-se-mexe\/\" target=\"_blank\">COCO PENSA e COCO SE MEXE<\/a> para propor atividades estimulantes aos benefici\u00e1rios sem esfor\u00e7o f\u00edsico.<\/pee>\n<div class=\"tip-box\">\n<div class=\"tip-box-label\">Inova\u00e7\u00e3o DYNSEO<\/div>\n<pee>A integra\u00e7\u00e3o de ferramentas de estimula\u00e7\u00e3o cognitiva digital permite que as auxiliares gr\u00e1vidas mantenham um acompanhamento de qualidade, reduzindo as limita\u00e7\u00f5es f\u00edsicas de seu trabalho.<\/pee>\n            <\/div>\n<h2>6. A comunica\u00e7\u00e3o: pilar de um acompanhamento bem-sucedido<\/h2>\n<pee>A comunica\u00e7\u00e3o desempenha um papel fundamental na gest\u00e3o das situa\u00e7\u00f5es relacionadas \u00e0 gravidez de uma auxiliar de vida. Ela constitui a base sobre a qual repousa o sucesso de todos os ajustes e adapta\u00e7\u00f5es implementados. Uma comunica\u00e7\u00e3o eficaz permite n\u00e3o apenas antecipar as dificuldades, mas tamb\u00e9m criar um clima de confian\u00e7a prop\u00edcio ao bem-estar de todos os envolvidos.<\/pee>\n<pee>\u00c9 crucial que a auxiliar se sinta \u00e0 vontade para expressar suas preocupa\u00e7\u00f5es e necessidades junto ao seu empregador. Uma comunica\u00e7\u00e3o aberta permite n\u00e3o apenas identificar rapidamente os problemas potenciais, mas tamb\u00e9m estabelecer uma rela\u00e7\u00e3o de confian\u00e7a entre o empregador e a empregada. Essa rela\u00e7\u00e3o de confian\u00e7a \u00e9 essencial para que a auxiliar n\u00e3o hesite em compartilhar suas dificuldades ou preocupa\u00e7\u00f5es, permitindo assim um atendimento r\u00e1pido e adequado.<\/pee>\n<pee>Al\u00e9m disso, uma boa comunica\u00e7\u00e3o pode facilitar a implementa\u00e7\u00e3o de ajustes adequados ao cargo. Ao discutir regularmente as expectativas e os desafios enfrentados, podemos trabalhar juntos para encontrar solu\u00e7\u00f5es que atendam \u00e0s necessidades espec\u00edficas da auxiliar gr\u00e1vida, garantindo ao mesmo tempo a continuidade dos cuidados aos pacientes. Essa comunica\u00e7\u00e3o deve tamb\u00e9m se estender aos colegas e benefici\u00e1rios para assegurar um atendimento harmonioso.<\/pee>\n<div class=\"conseil-card\">\n<h3>Estrat\u00e9gia de comunica\u00e7\u00e3o DYNSEO<\/h3>\n<pee>A implementa\u00e7\u00e3o de entrevistas de acompanhamento regulares permite adaptar em tempo real as condi\u00e7\u00f5es de trabalho e antecipar as necessidades futuras. Essas trocas devem ser formalizadas, mas permanecer em um esp\u00edrito de benevol\u00eancia e apoio.<\/pee>\n            <\/div>\n<div class=\"key-points\">\n<h3>Elementos-chave da comunica\u00e7\u00e3o:<\/h3>\n<ul>\n<li>Escuta ativa por parte do empregador<\/li>\n<li>Reuni\u00f5es de acompanhamento mensais durante a gravidez<\/li>\n<li>Clareza nas expectativas e responsabilidades<\/li>\n<li>Incentivo \u00e0 transpar\u00eancia sobre as dificuldades<\/li>\n<li>Envolvimento da equipe no acompanhamento<\/li>\n<li>Comunica\u00e7\u00e3o com os benefici\u00e1rios sobre as adapta\u00e7\u00f5es<\/li>\n<\/ul><\/div>\n<h2>7. Os direitos e obriga\u00e7\u00f5es do empregador<\/h2>\n<pee>O empregador tem direitos e deveres em rela\u00e7\u00e3o \u00e0s suas funcion\u00e1rias gr\u00e1vidas que est\u00e3o claramente definidos pela legisla\u00e7\u00e3o trabalhista e que se inscrevem em uma abordagem de prote\u00e7\u00e3o \u00e0 maternidade. Essas obriga\u00e7\u00f5es legais constituem um quadro de refer\u00eancia que deve ser respeitado rigorosamente para evitar qualquer risco de discrimina\u00e7\u00e3o ou de colocar em perigo a sa\u00fade da funcion\u00e1ria e de seu filho.<\/pee>\n<pee>Entre esses deveres, encontra-se a obriga\u00e7\u00e3o de garantir um ambiente de trabalho seguro e saud\u00e1vel, bem como o respeito aos direitos relacionados \u00e0 licen\u00e7a maternidade. O empregador deve tamb\u00e9m garantir que a auxiliar n\u00e3o seja exposta a riscos desnecess\u00e1rios durante sua gravidez. Essa obriga\u00e7\u00e3o de seguran\u00e7a implica a implementa\u00e7\u00e3o de uma avalia\u00e7\u00e3o de riscos espec\u00edfica e a adapta\u00e7\u00e3o do posto de trabalho em consequ\u00eancia.<\/pee>\n<pee>Em contrapartida, o empregador tem o direito de esperar que a auxiliar informe rapidamente seu superior hier\u00e1rquico assim que ela souber de sua gravidez. Isso permite ao empregador antecipar os ajustes necess\u00e1rios e garantir a continuidade no servi\u00e7o prestado aos pacientes. Essa informa\u00e7\u00e3o precoce \u00e9 ben\u00e9fica para todas as partes, pois permite uma organiza\u00e7\u00e3o otimizada e evita situa\u00e7\u00f5es de emerg\u00eancia.<\/pee>\n<div class=\"expert-box\">\n<div class=\"expert-box-label\">Quadro legal<\/div>\n<div class=\"expert-box-title\">Obriga\u00e7\u00f5es patronais essenciais<\/div>\n<div class=\"expert-inner\">\n<div class=\"expert-inner-title\">Obriga\u00e7\u00f5es de seguran\u00e7a:<\/div>\n<pee>Avalia\u00e7\u00e3o de riscos, adapta\u00e7\u00e3o do posto, forma\u00e7\u00e3o em novos procedimentos, acompanhamento m\u00e9dico refor\u00e7ado e implementa\u00e7\u00e3o de um plano de preven\u00e7\u00e3o espec\u00edfico.<\/pee>\n<div class=\"expert-inner-title\">Obriga\u00e7\u00f5es sociais :<\/div>\n<pee>Respeito pela licen\u00e7a maternidade, manuten\u00e7\u00e3o dos benef\u00edcios, n\u00e3o discrimina\u00e7\u00e3o e apoio na reintegra\u00e7\u00e3o p\u00f3s-licen\u00e7a.<\/pee>\n                <\/div>\n<\/p><\/div>\n<h2>8. As ajudas financeiras e dispositivos de apoio<\/h2>\n<pee>As auxiliares de vida gr\u00e1vidas podem beneficiar de ajudas financeiras espec\u00edficas, bem como de licen\u00e7as adaptadas \u00e0 sua situa\u00e7\u00e3o profissional particular. Estes dispositivos visam compensar as eventuais perdas de rendimento relacionadas com os ajustes necess\u00e1rios e apoiar as profissionais neste per\u00edodo de transi\u00e7\u00e3o. O conhecimento destas ajudas \u00e9 essencial para permitir que as auxiliares de vida planejem serenamente a sua gravidez e o seu retorno ao trabalho.<\/pee>\n<pee>A licen\u00e7a maternidade constitui, sem d\u00favida, o principal dispositivo do qual disp\u00f5em, mas existem tamb\u00e9m outras formas de ajudas financeiras que podem aliviar sua carga durante este per\u00edodo. Por exemplo, algumas caixas de seguro de sa\u00fade oferecem presta\u00e7\u00f5es complementares para apoiar as mulheres gr\u00e1vidas em seu percurso profissional. Estas ajudas podem abranger os custos de transporte para consultas m\u00e9dicas ou os custos relacionados com os ajustes do posto de trabalho.<\/pee>\n<pee>Al\u00e9m disso, \u00e9 poss\u00edvel que algumas conven\u00e7\u00f5es coletivas prevejam licen\u00e7as adicionais ou ajustes espec\u00edficos para as auxiliares de vida gr\u00e1vidas. Os acordos de ramo no setor de ajuda a domic\u00edlio tamb\u00e9m podem prever disposi\u00e7\u00f5es particulares em mat\u00e9ria de prote\u00e7\u00e3o da maternidade. Portanto, \u00e9 essencial que cada auxiliar se informe sobre seus direitos para tirar pleno proveito e garantir uma transi\u00e7\u00e3o tranquila para a maternidade.<\/pee>\n<div class=\"tip-box\">\n<div class=\"tip-box-label\">Informa\u00e7\u00e3o importante<\/div>\n<pee>N\u00e3o hesite em se aproximar do seu servi\u00e7o de RH ou do seu representante sindical para conhecer todas as ajudas dispon\u00edveis na sua empresa ou no seu setor de atividade.<\/pee>\n            <\/div>\n<div class=\"key-points\">\n<h3>Ajudas financeiras dispon\u00edveis:<\/h3>\n<ul>\n<li>Indemniza\u00e7\u00f5es di\u00e1rias de licen\u00e7a maternidade<\/li>\n<li>Complemento do empregador de acordo com a conven\u00e7\u00e3o coletiva<\/li>\n<li>Apoio para despesas de transporte m\u00e9dico<\/li>\n<li>Benef\u00edcios da CAF para a guarda de crian\u00e7as<\/li>\n<li>Pr\u00eamios especiais de acordo com o acordo da empresa<\/li>\n<li>Ajudas para a adapta\u00e7\u00e3o da resid\u00eancia<\/li>\n<\/ul><\/div>\n<h2>9. Forma\u00e7\u00f5es e acompanhamento especializados<\/h2>\n<pee>Forma\u00e7\u00f5es espec\u00edficas est\u00e3o dispon\u00edveis para ajudar os auxiliares de vida gr\u00e1vidas a gerenciar melhor sua situa\u00e7\u00e3o profissional enquanto preservam sua sa\u00fade e a de seu beb\u00ea. Essas forma\u00e7\u00f5es constituem um investimento importante tanto para as profissionais quanto para os empregadores, pois permitem adquirir as compet\u00eancias necess\u00e1rias para adaptar as pr\u00e1ticas profissionais \u00e0s limita\u00e7\u00f5es da gravidez.<\/pee>\n<pee>Essas forma\u00e7\u00f5es podem abordar diversos temas, como a gest\u00e3o do estresse, t\u00e9cnicas ergon\u00f4micas adaptadas \u00e0s mulheres gr\u00e1vidas e boas pr\u00e1ticas em cuidados com os pacientes. Ao participar dessas forma\u00e7\u00f5es, os auxiliares podem adquirir compet\u00eancias valiosas que lhes permitir\u00e3o n\u00e3o apenas melhorar seu bem-estar pessoal, mas tamb\u00e9m garantir um servi\u00e7o \u00f3timo aos pacientes sob seus cuidados. A utiliza\u00e7\u00e3o de ferramentas inovadoras como <a href=\"https:\/\/www.dynseo.com\/pt-pt\/coco-pensa-e-coco-se-mexe\/\" target=\"_blank\">COCO PENSA e COCO SE MEXE<\/a> pode fazer parte dessa forma\u00e7\u00e3o para aprender a estimular cognitivamente os benefici\u00e1rios sem esfor\u00e7o f\u00edsico.<\/pee>\n<pee>Al\u00e9m disso, essas sess\u00f5es podem favorecer a troca de experi\u00eancias entre colegas, fortalecendo assim o apoio m\u00fatuo no ambiente profissional. Essas forma\u00e7\u00f5es podem ser organizadas internamente ou contar com institui\u00e7\u00f5es especializadas na forma\u00e7\u00e3o de pessoal de sa\u00fade. O importante \u00e9 que sejam adaptadas \u00e0s especificidades da profiss\u00e3o de auxiliar de vida e \u00e0s particularidades da gravidez.<\/pee>\n<div class=\"conseil-card\">\n<h3>Programa de forma\u00e7\u00e3o DYNSEO<\/h3>\n<pee>As forma\u00e7\u00f5es propostas devem integrar as \u00faltimas inova\u00e7\u00f5es tecnol\u00f3gicas para permitir que os auxiliares de vida mantenham um servi\u00e7o de qualidade enquanto preservam sua sa\u00fade. A abordagem deve ser tanto te\u00f3rica quanto pr\u00e1tica.<\/pee>\n            <\/div>\n<h2>10. Recursos e redes de apoio dispon\u00edveis<\/h2>\n<pee>Existem v\u00e1rios recursos e apoios dispon\u00edveis para acompanhar os auxiliares de vida durante toda a sua gravidez e facilitar sua reintegra\u00e7\u00e3o ap\u00f3s o parto. Esses recursos constituem um ecossistema de apoio que pode fazer a diferen\u00e7a na forma como a profissional vive sua gravidez e gerencia os desafios relacionados \u00e0 concilia\u00e7\u00e3o entre vida profissional e maternidade.<\/pee>\n<pee>Associa\u00e7\u00f5es profissionais podem oferecer conselhos jur\u00eddicos sobre os direitos relacionados \u00e0 maternidade, bem como informa\u00e7\u00f5es sobre as ajudas financeiras dispon\u00edveis. Essas associa\u00e7\u00f5es costumam ter uma expertise especializada nas quest\u00f5es enfrentadas pelos profissionais de ajuda domiciliar e podem orientar efetivamente para os bons recursos. Al\u00e9m disso, algumas estruturas oferecem grupos de apoio onde os auxiliares podem compartilhar suas experi\u00eancias e beneficiar de um acompanhamento psicol\u00f3gico.<\/pee>\n<pee>\u00c9 tamb\u00e9m poss\u00edvel acessar recursos online que fornecem informa\u00e7\u00f5es sobre a gravidez no trabalho e sobre as melhores pr\u00e1ticas a adotar para preservar a sa\u00fade enquanto continua a exercer sua profiss\u00e3o. Essas plataformas podem oferecer guias pr\u00e1ticos, depoimentos de outras profissionais e conselhos de especialistas em sa\u00fade no trabalho.<\/pee>\n<div class=\"expert-box\">\n<div class=\"expert-box-label\">Rede de apoio<\/div>\n<div class=\"expert-box-title\">Atores-chave do acompanhamento<\/div>\n<div class=\"expert-inner\">\n<div class=\"expert-inner-title\">Profissionais de sa\u00fade:<\/div>\n<pee>M\u00e9dico do trabalho, parteira, m\u00e9dico assistente para um acompanhamento m\u00e9dico adequado<\/pee>\n<div class=\"expert-inner-title\">Estruturas de apoio :<\/div>\n<pee>Servi\u00e7o social da empresa, associa\u00e7\u00f5es profissionais, sindicatos e organismos de forma\u00e7\u00e3o<\/pee>\n                <\/div>\n<\/p><\/div>\n<h2>11. Depoimentos e retornos de experi\u00eancia<\/h2>\n<pee>Os depoimentos de auxiliares de vida que viveram uma gravidez enquanto exerciam sua profiss\u00e3o podem oferecer um esclarecimento valioso sobre essa experi\u00eancia \u00fanica e \u00e0s vezes complexa. Esses retornos de experi\u00eancia constituem uma fonte de informa\u00e7\u00e3o pr\u00e1tica e tranquilizadora para as profissionais que vivem a mesma situa\u00e7\u00e3o. Eles permitem desmistificar algumas apreens\u00f5es e compartilhar solu\u00e7\u00f5es concretas que se mostraram eficazes.<\/pee>\n<pee>Muitas compartilham seus desafios di\u00e1rios, bem como as estrat\u00e9gias que implementaram para conciliar trabalho e maternidade. Por exemplo, algumas recomendam estabelecer uma rotina di\u00e1ria que inclua tempo para descansar e se reenergizar. Outras enfatizam a import\u00e2ncia da adapta\u00e7\u00e3o gradual das tarefas e da escuta do pr\u00f3prio corpo para evitar o sobrecarregamento.<\/pee>\n<pee>Outras ressaltam a import\u00e2ncia do apoio familiar e profissional durante esse per\u00edodo. Ter uma equipe compreensiva pode fazer toda a diferen\u00e7a na gest\u00e3o do estresse relacionado ao trabalho enquanto se est\u00e1 gr\u00e1vida. Esses depoimentos tamb\u00e9m revelam a import\u00e2ncia da prepara\u00e7\u00e3o e da antecipa\u00e7\u00e3o para gerenciar da melhor forma esse per\u00edodo de transi\u00e7\u00e3o profissional e pessoal.<\/pee>\n<div class=\"key-points\">\n<h3>Dicas recorrentes das profissionais :<\/h3>\n<ul>\n<li>Estabelecer uma rotina com momentos de descanso planejados<\/li>\n<li>Comunicar abertamente com a equipe sobre suas necessidades<\/li>\n<li>Integrar atividades relaxantes no dia a dia<\/li>\n<li>N\u00e3o hesitar em pedir ajuda quando necess\u00e1rio<\/li>\n<li>Preparar gradualmente sua substitui\u00e7\u00e3o<\/li>\n<li>Manter um acompanhamento m\u00e9dico regular e rigoroso<\/li>\n<\/ul><\/div>\n<h2>12. Perspectivas de evolu\u00e7\u00e3o e inova\u00e7\u00f5es<\/h2>\n<pee>O setor de ajuda domiciliar evolui constantemente, integrando novas tecnologias e abordagens para melhorar as condi\u00e7\u00f5es de trabalho das profissionais, particularmente aquelas que est\u00e3o gr\u00e1vidas. Essas inova\u00e7\u00f5es oferecem perspectivas promissoras para facilitar o exerc\u00edcio da profiss\u00e3o de auxiliar de vida durante a gravidez e reduzir as limita\u00e7\u00f5es f\u00edsicas e psicol\u00f3gicas associadas.<\/pee>\n<pee>A emerg\u00eancia de ferramentas digitais de estimula\u00e7\u00e3o cognitiva como COCO PENSA e COCO SE MEXE representa um avan\u00e7o significativo. Esses aplicativos permitem que as auxiliares gr\u00e1vidas ofere\u00e7am atividades enriquecedoras aos benefici\u00e1rios sem uma grande restri\u00e7\u00e3o f\u00edsica. Essa abordagem inovadora transforma a pr\u00f3pria natureza do acompanhamento, integrando uma dimens\u00e3o tecnol\u00f3gica acolhedora.<\/pee>\n<pee>As teleconsultas e o acompanhamento \u00e0 dist\u00e2ncia tamb\u00e9m est\u00e3o se desenvolvendo, permitindo um apoio aos benefici\u00e1rios que reduz os deslocamentos e a fadiga para as auxiliares gr\u00e1vidas. Essas evolu\u00e7\u00f5es fazem parte de um esfor\u00e7o de moderniza\u00e7\u00e3o do setor que beneficia todos os envolvidos. O futuro parece promissor para uma melhor concilia\u00e7\u00e3o entre exerc\u00edcio profissional e maternidade neste setor essencial.<\/pee>\n<div class=\"tip-box\">\n<div class=\"tip-box-label\">Inova\u00e7\u00e3o cont\u00ednua<\/div>\n<pee>DYNSEO continua a inovar para propor solu\u00e7\u00f5es adaptadas \u00e0s necessidades dos profissionais de ajuda domiciliar, particularmente durante per\u00edodos sens\u00edveis como a gravidez.<\/pee>\n            <\/div>\n<div class=\"faq-list\">\n<h2>Perguntas frequentes<\/h2>\n<div class=\"faq-item\">\n<div class=\"faq-q\">\n                        <span>A partir de quando devo informar meu empregador sobre minha gravidez?<\/span><br \/>\n                        <span class=\"faq-icon\">+<\/span>\n                    <\/div>\n<div class=\"faq-a\">\n                        <pee>\u00c9 recomendado informar seu empregador assim que terminar o primeiro trimestre, uma vez que a gravidez esteja confirmada e estabilizada. Esta declara\u00e7\u00e3o precoce permite implementar rapidamente as adapta\u00e7\u00f5es necess\u00e1rias e garantir sua prote\u00e7\u00e3o jur\u00eddica contra a demiss\u00e3o.<\/pee>\n                    <\/div>\n<\/p><\/div>\n<div class=\"faq-item\">\n<div class=\"faq-q\">\n                        <span>Quais adapta\u00e7\u00f5es posso solicitar durante minha gravidez?<\/span><br \/>\n                        <span class=\"faq-icon\">+<\/span>\n                    <\/div>\n<div class=\"faq-a\">\n                        <pee>Voc\u00ea pode solicitar hor\u00e1rios adaptados, a elimina\u00e7\u00e3o de tarefas fisicamente exigentes, pausas adicionais, a redu\u00e7\u00e3o de deslocamentos e a adapta\u00e7\u00e3o do seu posto de trabalho. Essas adapta\u00e7\u00f5es devem ser discutidas com seu empregador e podem ser apoiadas por um atestado m\u00e9dico.<\/pee>\n                    <\/div>\n<\/p><\/div>\n<div class=\"faq-item\">\n<div class=\"faq-q\">\n                        <span>Posso ser demitida devido \u00e0 minha gravidez?<\/span><br \/>\n                        <span class=\"faq-icon\">+<\/span>\n                    <\/div>\n<div class=\"faq-a\">\n                        <pee>N\u00e3o, a demiss\u00e3o por motivo de gravidez \u00e9 estritamente proibida por lei. Voc\u00ea tem uma prote\u00e7\u00e3o refor\u00e7ada desde a declara\u00e7\u00e3o da sua gravidez at\u00e9 o t\u00e9rmino da sua licen\u00e7a maternidade. Qualquer rescis\u00e3o de contrato durante este per\u00edodo deve ser justificada por uma falta grave n\u00e3o relacionada \u00e0 gravidez ou pela impossibilidade de manter o contrato.<\/pee>\n                    <\/div>\n<\/p><\/div>\n<div class=\"faq-item\">\n<div class=\"faq-q\">\n                        <span>Como usar as ferramentas digitais durante minha gravidez?<\/span><br \/>\n                        <span class=\"faq-icon\">+<\/span>\n                    <\/div>\n<div class=\"faq-a\">\n                        <pee>As ferramentas como COCO PENSA e COCO SE MEXE permitem manter um acompanhamento cognitivo de qualidade para seus benefici\u00e1rios sem esfor\u00e7o f\u00edsico. Esses aplicativos oferecem exerc\u00edcios de estimula\u00e7\u00e3o cognitiva adaptados que podem ser utilizados em posi\u00e7\u00e3o sentada, reduzindo assim as limita\u00e7\u00f5es f\u00edsicas do seu trabalho.<\/pee>\n                    <\/div>\n<\/p><\/div>\n<div class=\"faq-item\">\n<div class=\"faq-q\">\n                        <span>Quais s\u00e3o as ajudas financeiras dispon\u00edveis durante a licen\u00e7a maternidade?<\/span><br \/>\n                        <span class=\"faq-icon\">+<\/span>\n                    <\/div>\n<div class=\"faq-a\">\n                        <pee>Voc\u00ea tem direito \u00e0s indeniza\u00e7\u00f5es di\u00e1rias da Seguran\u00e7a Social, geralmente complementadas pelo seu empregador de acordo com a conven\u00e7\u00e3o coletiva. Ajudas complementares podem estar dispon\u00edveis junto \u00e0 CAF, \u00e0 sua cooperativa de sa\u00fade ou a organismos especializados. \u00c9 importante se informar junto ao seu servi\u00e7o de RH para conhecer todos os seus direitos.<\/pee>\n                    <\/div>\n<\/p><\/div>\n<\/p><\/div>\n<div class=\"cta-box\">\n<h2>Acompanhe seus benefici\u00e1rios com as solu\u00e7\u00f5es DYNSEO<\/h2>\n<pee>Descubra como os aplicativos COCO PENSA e COCO SE MEXE podem ajud\u00e1-lo a manter um acompanhamento de qualidade enquanto preserva sua sa\u00fade durante a gravidez. Solu\u00e7\u00f5es inovadoras pensadas para as profissionais de ajuda a domic\u00edlio.<\/pee>\n<div class=\"cta-buttons\">\n                    <a href=\"https:\/\/www.dynseo.com\/pt-pt\/coco-pensa-e-coco-se-mexe\/\" class=\"btn-white\">Descobrir COCO<\/a><br \/>\n                    <a href=\"https:\/\/www.dynseo.com\/pt-pt\/coco-pensa-e-coco-se-mexe\/\" class=\"btn-outline\">Teste gratuito<\/a>\n                <\/div>\n<\/p><\/div>\n<div class=\"article-tags\">\n<h3>Tags :<\/h3>\n<p>                <a href=\"#\" class=\"article-tag\">auxiliar de vida<\/a><br \/>\n                <a href=\"#\" class=\"article-tag\">gravidez<\/a><br \/>\n                <a href=\"#\" class=\"article-tag\">am\u00e9nagement poste<\/a><br \/>\n                <a href=\"#\" class=\"article-tag\">seguran\u00e7a no trabalho<\/a><br \/>\n                <a href=\"#\" class=\"article-tag\">direitos sociais<\/a><br \/>\n                <a href=\"#\" class=\"article-tag\">preven\u00e7\u00e3o<\/a><br \/>\n                <a href=\"#\" class=\"article-tag\">sa\u00fade profissional<\/a><br \/>\n                <a href=\"#\" class=\"article-tag\">ajuda a domic\u00edlio<\/a>\n            <\/div>\n<\/p><\/div>\n<\/p><\/div>\n<p>[\/et_pb_code][\/et_pb_column][\/et_pb_row][\/et_pb_section]<\/p>\n","protected":false},"excerpt":{"rendered":"","protected":false},"author":4,"featured_media":296332,"comment_status":"closed","ping_status":"closed","sticky":false,"template":"","format":"standard","meta":{"_et_pb_use_builder":"on","_et_pb_old_content":"[et_pb_section fb_built=\"1\" _builder_version=\"4.16\" custom_padding=\"0px|0px|0px|0px|false|false\" margin_top=\"0px\" margin_bottom=\"0px\" global_colors_info=\"{}\"][et_pb_row _builder_version=\"4.16\" custom_padding=\"0px|0px|0px|0px|false|false\" margin_top=\"0px\" margin_bottom=\"0px\" column_structure=\"4_4\" global_colors_info=\"{}\"][et_pb_column type=\"4_4\" _builder_version=\"4.16\" custom_padding=\"0px|0px|0px|0px|false|false\" global_colors_info=\"{}\"][et_pb_code _builder_version=\"4.16\" custom_padding=\"0px|0px|0px|0px|false|false\" global_colors_info=\"{}\"]<style>\n        :root {\n            --primary-blue: #5e5ed7;\n            --dark-blue: #5268c9;\n            --teal: #a9e2e4;\n            --yellow: #ffeca7;\n            --pink: #e73469;\n        }\n        \n        * {\n            margin: 0;\n            padding: 0;\n            box-sizing: border-box;\n        }\n        \n        body {\n            font-family: 'Poppins', sans-serif;\n            line-height: 1.6;\n            color: #333;\n        }\n        \n        .article-hero {\n            background: linear-gradient(135deg, var(--primary-blue) 0%, var(--dark-blue) 100%);\n            color: white;\n            position: relative;\n            padding: 2rem 0 4rem 0;\n        }\n        \n        .article-hero-inner {\n            max-width: 1200px;\n            margin: 0 auto;\n            padding: 0 2rem;\n        }\n        \n        .article-breadcrumb {\n            font-size: 0.9rem;\n            margin-bottom: 1rem;\n            opacity: 0.9;\n        }\n        \n        .article-category {\n            display: inline-block;\n            background: var(--pink);\n            padding: 0.5rem 1rem;\n            border-radius: 20px;\n            font-size: 0.85rem;\n            font-weight: 500;\n            margin-bottom: 1.5rem;\n        }\n        \n        .article-hero h1 {\n            font-family: 'Montserrat', sans-serif;\n            font-size: 2.5rem;\n            font-weight: 700;\n            margin-bottom: 1.5rem;\n            line-height: 1.2;\n        }\n        \n        .hl {\n            background: var(--yellow);\n            color: var(--primary-blue);\n            padding: 0.2rem 0.5rem;\n            border-radius: 8px;\n        }\n        \n        .article-meta {\n            display: flex;\n            gap: 2rem;\n            margin-bottom: 1rem;\n            flex-wrap: wrap;\n        }\n        \n        .article-meta span {\n            display: flex;\n            align-items: center;\n            gap: 0.5rem;\n            font-size: 0.9rem;\n        }\n        \n        .article-hero-curve {\n            position: absolute;\n            bottom: -1px;\n            left: 0;\n            width: 100%;\n            height: 60px;\n            background: white;\n            clip-path: ellipse(100% 100% at 50% 100%);\n        }\n        \n        .article-body {\n            padding: 3rem 0;\n            background: #f8f9fa;\n        }\n        \n        .container {\n            max-width: 1000px;\n            margin: 0 auto;\n            padding: 0 2rem;\n        }\n        \n        .intro-block {\n            background: white;\n            padding: 2.5rem;\n            border-radius: 15px;\n            box-shadow: 0 10px 30px rgba(0,0,0,0.1);\n            margin-bottom: 3rem;\n            font-size: 1.1rem;\n            line-height: 1.8;\n        }\n        \n        .stats-grid {\n            display: grid;\n            grid-template-columns: repeat(auto-fit, minmax(200px, 1fr));\n            gap: 1.5rem;\n            margin-bottom: 3rem;\n        }\n        \n        .stat-card {\n            background: white;\n            padding: 2rem;\n            border-radius: 12px;\n            text-align: center;\n            box-shadow: 0 5px 15px rgba(0,0,0,0.1);\n            border-top: 4px solid var(--primary-blue);\n        }\n        \n        .stat-card .number {\n            font-family: 'Montserrat', sans-serif;\n            font-size: 2.5rem;\n            font-weight: 700;\n            color: var(--primary-blue);\n            display: block;\n            margin-bottom: 0.5rem;\n        }\n        \n        .stat-card .label {\n            font-weight: 500;\n            color: #666;\n        }\n        \n        h2 {\n            font-family: 'Montserrat', sans-serif;\n            font-size: 1.8rem;\n            color: var(--primary-blue);\n            margin: 3rem 0 1.5rem 0;\n            border-left: 4px solid var(--teal);\n            padding-left: 1rem;\n        }\n        \n        .conseil-card {\n            background: linear-gradient(135deg, var(--teal), #b8e6e8);\n            padding: 2rem;\n            border-radius: 12px;\n            margin: 2rem 0;\n            border-left: 4px solid var(--dark-blue);\n        }\n        \n        .key-points {\n            background: white;\n            padding: 2rem;\n            border-radius: 12px;\n            margin: 2rem 0;\n            box-shadow: 0 5px 15px rgba(0,0,0,0.1);\n        }\n        \n        .key-points ul {\n            list-style: none;\n            padding-left: 0;\n        }\n        \n        .key-points li {\n            padding: 0.8rem 0;\n            border-bottom: 1px solid #eee;\n            position: relative;\n            padding-left: 2rem;\n        }\n        \n        .key-points li:before {\n            content: \"\u2713\";\n            color: var(--primary-blue);\n            font-weight: bold;\n            position: absolute;\n            left: 0;\n        }\n        \n        .tip-box {\n            background: var(--yellow);\n            border: 2px solid #f0d000;\n            padding: 1.5rem;\n            border-radius: 10px;\n            margin: 2rem 0;\n            position: relative;\n        }\n        \n        .tip-box-label {\n            font-weight: 600;\n            color: var(--primary-blue);\n            font-size: 1.1rem;\n            margin-bottom: 1rem;\n            display: flex;\n            align-items: center;\n            gap: 0.5rem;\n        }\n        \n        .tip-box-label:before {\n            content: \"\ud83d\udca1\";\n            font-size: 1.2rem;\n        }\n        \n        .expert-box {\n            background: linear-gradient(135deg, var(--primary-blue), var(--dark-blue));\n            color: white;\n            padding: 2.5rem;\n            border-radius: 15px;\n            margin: 2rem 0;\n            position: relative;\n        }\n        \n        .expert-box-label {\n            font-size: 0.9rem;\n            opacity: 0.9;\n            margin-bottom: 0.5rem;\n        }\n        \n        .expert-box-title {\n            font-family: 'Montserrat', sans-serif;\n            font-size: 1.3rem;\n            font-weight: 600;\n            margin-bottom: 1rem;\n        }\n        \n        .expert-inner {\n            background: rgba(255,255,255,0.1);\n            padding: 1.5rem;\n            border-radius: 10px;\n            margin-top: 1rem;\n        }\n        \n        .expert-inner-title {\n            font-weight: 600;\n            margin-bottom: 1rem;\n            color: var(--yellow);\n        }\n        \n        .faq-list {\n            margin: 3rem 0;\n        }\n        \n        .faq-item {\n            background: white;\n            margin-bottom: 1rem;\n            border-radius: 10px;\n            overflow: hidden;\n            box-shadow: 0 2px 10px rgba(0,0,0,0.1);\n        }\n        \n        .faq-q {\n            padding: 1.5rem 2rem;\n            background: #f8f9fa;\n            cursor: pointer;\n            display: flex;\n            justify-content: space-between;\n            align-items: center;\n            font-weight: 500;\n            transition: background 0.3s ease;\n        }\n        \n        .faq-q:hover {\n            background: #e9ecef;\n        }\n        \n        .faq-icon {\n            color: var(--primary-blue);\n            font-size: 1.2rem;\n            font-weight: bold;\n            transition: transform 0.3s ease;\n        }\n        \n        .faq-item.open .faq-icon {\n            transform: rotate(45deg);\n        }\n        \n        .faq-a {\n            padding: 0 2rem;\n            max-height: 0;\n            overflow: hidden;\n            transition: all 0.3s ease;\n        }\n        \n        .faq-item.open .faq-a {\n            max-height: 200px;\n            padding: 1.5rem 2rem;\n        }\n        \n        .cta-box {\n            background: linear-gradient(135deg, var(--primary-blue), var(--dark-blue));\n            color: white;\n            padding: 3rem;\n            border-radius: 15px;\n            text-align: center;\n            margin: 3rem 0;\n        }\n        \n        .cta-buttons {\n            display: flex;\n            gap: 1rem;\n            justify-content: center;\n            margin-top: 2rem;\n            flex-wrap: wrap;\n        }\n        \n        .btn-white {\n            background: white;\n            color: var(--primary-blue);\n            padding: 1rem 2rem;\n            border-radius: 50px;\n            text-decoration: none;\n            font-weight: 600;\n            transition: transform 0.3s ease;\n            display: inline-block;\n        }\n        \n        .btn-white:hover {\n            transform: translateY(-2px);\n        }\n        \n        .btn-outline {\n            background: transparent;\n            color: white;\n            border: 2px solid white;\n            padding: 1rem 2rem;\n            border-radius: 50px;\n            text-decoration: none;\n            font-weight: 600;\n            transition: all 0.3s ease;\n            display: inline-block;\n        }\n        \n        .btn-outline:hover {\n            background: white;\n            color: var(--primary-blue);\n        }\n        \n        .article-tags {\n            margin-top: 3rem;\n            padding-top: 2rem;\n            border-top: 2px solid #eee;\n        }\n        \n        .article-tag {\n            display: inline-block;\n            background: var(--teal);\n            color: var(--dark-blue);\n            padding: 0.5rem 1rem;\n            border-radius: 20px;\n            margin: 0.25rem;\n            font-size: 0.9rem;\n            font-weight: 500;\n            text-decoration: none;\n        }\n        \n        @media (max-width: 768px) {\n            .article-hero h1 {\n                font-size: 2rem;\n            }\n            \n            .stats-grid {\n                grid-template-columns: 1fr;\n            }\n            \n            .article-meta {\n                flex-direction: column;\n                gap: 1rem;\n            }\n            \n            .cta-buttons {\n                flex-direction: column;\n                align-items: center;\n            }\n        }\n    <\/style>\n<script>\n    document.querySelectorAll('.faq-q').forEach(function(button) {\n        button.addEventListener('click', function() {\n            button.closest('.faq-item').classList.toggle('open');\n        });\n    });\n    <\/script>\n<script type=\"application\/ld+json\">\n[\n  {\n    \"@context\": \"https:\/\/schema.org\",\n    \"@type\": \"Article\",\n    \"headline\": \"Auxiliaire de vie enceinte : am\u00e9nagements et pr\u00e9cautions\",\n    \"description\": \"Pr\u00e9cautions essentiels\",\n    \"url\": \"https:\/\/www.dynseo.com\/auxiliaire-de-vie-enceinte-amenagements-et-precautions\/\",\n    \"datePublished\": \"2026-04-07\",\n    \"dateModified\": \"2026-04-07\",\n    \"author\": {\n      \"@type\": \"Organization\",\n      \"name\": \"DYNSEO\",\n      \"url\": \"https:\/\/www.dynseo.com\"\n    },\n    \"publisher\": {\n      \"@type\": \"Organization\",\n      \"name\": \"DYNSEO\",\n      \"url\": \"https:\/\/www.dynseo.com\"\n    },\n    \"image\": \"https:\/\/www.dynseo.com\/wp-content\/uploads\/2026\/04\/auxiliaire-vie-enceinte.jpg\",\n    \"aggregateRating\": {\n      \"@type\": \"AggregateRating\",\n      \"ratingValue\": \"4.8\",\n      \"bestRating\": \"5\",\n      \"ratingCount\": \"127\"\n    },\n    \"mainEntityOfPage\": {\n      \"@type\": \"WebPage\",\n      \"@id\": \"https:\/\/www.dynseo.com\/auxiliaire-de-vie-enceinte-amenagements-et-precautions\/\"\n    }\n  },\n  {\n    \"@context\": \"https:\/\/schema.org\",\n    \"@type\": \"WebPage\",\n    \"name\": \"Auxiliaire de vie enceinte : am\u00e9nagements et pr\u00e9cautions\",\n    \"description\": \"Pr\u00e9cautions essentiels\",\n    \"url\": \"https:\/\/www.dynseo.com\/auxiliaire-de-vie-enceinte-amenagements-et-precautions\/\",\n    \"breadcrumb\": {\n      \"@type\": \"BreadcrumbList\",\n      \"itemListElement\": [\n        {\n          \"@type\": \"ListItem\",\n          \"position\": 1,\n          \"name\": \"Accueil\",\n          \"item\": \"https:\/\/www.dynseo.com\"\n        },\n        {\n          \"@type\": \"ListItem\",\n          \"position\": 2,\n          \"name\": \"Blog\",\n          \"item\": \"https:\/\/www.dynseo.com\/blog\/\"\n        },\n        {\n          \"@type\": \"ListItem\",\n          \"position\": 3,\n          \"name\": \"Auxiliaire de vie enceinte : am\u00e9nagements et pr\u00e9cautions\",\n          \"item\": \"https:\/\/www.dynseo.com\/auxiliaire-de-vie-enceinte-amenagements-et-precautions\/\"\n        }\n      ]\n    }\n  },\n  {\n    \"@context\": \"https:\/\/schema.org\",\n    \"@type\": \"FAQPage\",\n    \"mainEntity\": [\n      {\n        \"@type\": \"Question\",\n        \"name\": \"\u00c0 partir de quand dois-je informer mon employeur de ma grossesse ?\",\n        \"acceptedAnswer\": {\n          \"@type\": \"Answer\",\n          \"text\": \"En tant qu'auxiliaire de vie, il est recommand\u00e9 d'informer votre employeur de votre grossesse d\u00e8s que possible pour b\u00e9n\u00e9ficier des am\u00e9nagements n\u00e9cessaires et garantir votre s\u00e9curit\u00e9 ainsi que celle de votre b\u00e9b\u00e9.\"\n        }\n      },\n      {\n        \"@type\": \"Question\",\n        \"name\": \"Quels am\u00e9nagements puis-je demander pendant ma grossesse ?\",\n        \"acceptedAnswer\": {\n          \"@type\": \"Answer\",\n          \"text\": \"Vous pouvez demander des am\u00e9nagements tels que la r\u00e9duction des t\u00e2ches physiques lourdes, l'adaptation des horaires, l'\u00e9vitement de certains produits chimiques et la mise \u00e0 disposition d'\u00e9quipements ergonomiques.\"\n        }\n      },\n      {\n        \"@type\": \"Question\",\n        \"name\": \"Puis-je \u00eatre licenci\u00e9e en raison de ma grossesse ?\",\n        \"acceptedAnswer\": {\n          \"@type\": \"Answer\",\n          \"text\": \"Non, il est strictement interdit de licencier une salari\u00e9e en raison de sa grossesse. Vous b\u00e9n\u00e9ficiez d'une protection l\u00e9gale contre toute discrimination li\u00e9e \u00e0 votre \u00e9tat de grossesse.\"\n        }\n      }\n    ]\n  }\n]\n<\/script>\n<link href=\"https:\/\/fonts.googleapis.com\/css2?family=Montserrat:wght@400;500;600;700&family=Poppins:wght@300;400;500;600&display=swap\" rel=\"stylesheet\">\n\n<section class=\"article-hero\">\n        <div class=\"article-hero-inner\">\n            <div class=\"article-breadcrumb\">\n                In\u00edcio > Blog > Sa\u00fade profissional > Auxiliar de vida gr\u00e1vida\n            <\/div>\n            \n            <div class=\"article-category\">Sa\u00fade & Bem-estar<\/div>\n            \n            <h1>Auxiliar de vida gr\u00e1vida : <span class=\"hl\">ajustes e precau\u00e7\u00f5es<\/span> essenciais<\/h1>\n            \n            <div class=\"article-meta\">\n                <span>\ud83d\udcc5 Abril 2026<\/span>\n                <span>\u23f1\ufe0f 15 min de leitura<\/span>\n                <span>\ud83d\udc65 Profissionais de sa\u00fade<\/span>\n                <span>\u2b50 4.8\/5 (127 avalia\u00e7\u00f5es)<\/span>\n            <\/div>\n        <\/div>\n        <div class=\"article-hero-curve\"><\/div>\n    <\/section>\n\n    <div class=\"article-body\">\n        <div class=\"container\">\n<div class=\"intro-block\">\n                A gravidez de uma auxiliar de vida representa um per\u00edodo particular que necessita de uma aten\u00e7\u00e3o especial tanto por parte do empregador quanto da profissional. As profiss\u00f5es de ajuda \u00e0 pessoa comportam especificidades que podem apresentar riscos para a mulher gr\u00e1vida e seu futuro filho. Esta situa\u00e7\u00e3o, longe de ser excepcional, diz respeito a muitas profissionais a cada ano e merece uma abordagem estruturada e acolhedora. A prote\u00e7\u00e3o da sa\u00fade da auxiliar de vida gr\u00e1vida passa por um conhecimento aprofundado dos direitos, das adapta\u00e7\u00f5es poss\u00edveis e das precau\u00e7\u00f5es a serem tomadas. \u00c9 essencial criar um ambiente de trabalho seguro que permita a essas profissionais continuar sua miss\u00e3o de acompanhamento enquanto preservam seu bem-estar e o de seu filho por nascer. Esta abordagem se insere em uma l\u00f3gica de preven\u00e7\u00e3o e prote\u00e7\u00e3o que beneficia todos os atores do setor de ajuda domiciliar.\n            <\/div>\n\n            <div class=\"stats-grid\">\n                <div class=\"stat-card\">\n                    <span class=\"number\">85%<\/span>\n                    <span class=\"label\">de auxiliares de vida s\u00e3o mulheres<\/span>\n                <\/div>\n                <div class=\"stat-card\">\n                    <span class=\"number\">16<\/span>\n                    <span class=\"label\">semanas de licen\u00e7a maternidade m\u00ednima<\/span>\n                <\/div>\n                <div class=\"stat-card\">\n                    <span class=\"number\">30%<\/span>\n                    <span class=\"label\">de redu\u00e7\u00e3o de acidentes com adapta\u00e7\u00f5es<\/span>\n                <\/div>\n                <div class=\"stat-card\">\n                    <span class=\"number\">95%<\/span>\n                    <span class=\"label\">de satisfa\u00e7\u00e3o com acompanhamento adequado<\/span>\n                <\/div>\n            <\/div>\n\n            <h2>1. Os direitos fundamentais da auxiliar de vida gr\u00e1vida<\/h2>\n            \n            <p>Quando uma auxiliar de vida se encontra gr\u00e1vida, ela beneficia de direitos espec\u00edficos que visam proteger sua sa\u00fade assim como a de seu futuro filho. Esses direitos s\u00e3o regulamentados pelo C\u00f3digo do Trabalho e incluem, entre outros, o direito a uma licen\u00e7a maternidade, que \u00e9 essencial para permitir que a m\u00e3e descanse e se prepare para a chegada de seu filho. Na Fran\u00e7a, essa licen\u00e7a pode chegar at\u00e9 16 semanas, mas pode ser prorrogada em caso de complica\u00e7\u00f5es m\u00e9dicas.<\/p>\n\n            <p>Al\u00e9m disso, a auxiliar de vida gr\u00e1vida tem o direito de beneficiar de uma adapta\u00e7\u00e3o de seu posto de trabalho se suas tarefas se tornarem muito desgastantes. \u00c9 tamb\u00e9m importante ressaltar que a auxiliar de vida gr\u00e1vida n\u00e3o deve sofrer discrimina\u00e7\u00e3o devido \u00e0 sua gravidez. Isso significa que ela deve ser tratada da mesma maneira que suas colegas, sem que seu estado seja um motivo para demiss\u00e3o ou redu\u00e7\u00e3o de suas horas de trabalho.<\/p>\n\n            <p>Os empregadores t\u00eam a obriga\u00e7\u00e3o legal de respeitar esses direitos e garantir um ambiente de trabalho saud\u00e1vel e seguro para todas as suas funcion\u00e1rias, incluindo aquelas que est\u00e3o gr\u00e1vidas. Essa prote\u00e7\u00e3o se estende tamb\u00e9m \u00e0s candidatas \u00e0 contrata\u00e7\u00e3o, que n\u00e3o podem ser exclu\u00eddas de um processo de recrutamento devido \u00e0 sua gravidez.<\/p>\n\n            <div class=\"conseil-card\">\n                <h3>Ponto essencial DYNSEO<\/h3>\n                <p>A declara\u00e7\u00e3o de gravidez deve ser feita assim que poss\u00edvel para permitir uma implementa\u00e7\u00e3o r\u00e1pida das adapta\u00e7\u00f5es necess\u00e1rias. Essa transpar\u00eancia favorece uma melhor colabora\u00e7\u00e3o entre a auxiliar e seu empregador.<\/p>\n            <\/div>\n<div class=\"key-points\">\n                <h3>Direitos essenciais a reter:<\/h3>\n                <ul>\n                    <li>Prote\u00e7\u00e3o contra o despedimento desde a declara\u00e7\u00e3o de gravidez<\/li>\n                    <li>Direito a consultas m\u00e9dicas pr\u00e9-natais durante o tempo de trabalho<\/li>\n                    <li>Possibilidade de redu\u00e7\u00e3o do tempo de trabalho por prescri\u00e7\u00e3o m\u00e9dica<\/li>\n                    <li>Acesso priorit\u00e1rio a forma\u00e7\u00f5es de reconvers\u00e3o, se necess\u00e1rio<\/li>\n                    <li>Manuten\u00e7\u00e3o dos benef\u00edcios salariais e sociais<\/li>\n                <\/ul>\n            <\/div>\n\n            <h2>2. As adapta\u00e7\u00f5es necess\u00e1rias do posto de trabalho<\/h2>\n\n            <p>As adapta\u00e7\u00f5es necess\u00e1rias para uma auxiliar de vida gr\u00e1vida podem variar em fun\u00e7\u00e3o das necessidades individuais e das exig\u00eancias do posto. Essas adapta\u00e7\u00f5es devem ser consideradas assim que a gravidez for anunciada para garantir uma continuidade serena da atividade profissional. O objetivo \u00e9 criar um ambiente de trabalho que preserve a sa\u00fade da futura mam\u00e3e, mantendo a qualidade dos cuidados prestados aos benefici\u00e1rios.<\/p>\n\n            <p>Por exemplo, pode ser necess\u00e1rio adaptar os hor\u00e1rios de trabalho para permitir que a auxiliar fa\u00e7a pausas regulares ou evite deslocamentos muito longos. Al\u00e9m disso, algumas tarefas f\u00edsicas, como o levantamento ou o transporte de pacientes, podem ser substitu\u00eddas por atividades menos exigentes para reduzir o risco de fadiga ou les\u00e3o. Essas modifica\u00e7\u00f5es n\u00e3o devem ser vistas como restri\u00e7\u00f5es, mas como investimentos no bem-estar e na produtividade da funcion\u00e1ria.<\/p>\n\n            <p>\u00c9 tamb\u00e9m crucial que o ambiente de trabalho seja adaptado. Isso pode incluir a disponibiliza\u00e7\u00e3o de um espa\u00e7o confort\u00e1vel para descansar ou equipamentos ergon\u00f4micos para facilitar as tarefas di\u00e1rias. A adapta\u00e7\u00e3o pode tamb\u00e9m envolver a pr\u00f3pria natureza das miss\u00f5es confiadas, privilegiando, por exemplo, o acompanhamento moral e social em vez de tarefas que exijam esfor\u00e7os f\u00edsicos significativos.<\/p>\n\n            <div class=\"tip-box\">\n                <div class=\"tip-box-label\">Conselho pr\u00e1tico<\/div>\n                <p>Utilize as aplica\u00e7\u00f5es de estimula\u00e7\u00e3o cognitiva como <a href=\"https:\/\/www.dynseo.com\/pt-pt\/coco-pensa-e-coco-se-mexe\/\" target=\"_blank\">COCO PENSA e COCO SE MEXE<\/a> para propor atividades adaptadas aos benefici\u00e1rios sem esfor\u00e7o f\u00edsico para a auxiliar gr\u00e1vida.<\/p>\n            <\/div>\n\n            <div class=\"expert-box\">\n                <div class=\"expert-box-label\">Especializa\u00e7\u00e3o DYNSEO<\/div>\n                <div class=\"expert-box-title\">Adapta\u00e7\u00f5es recomendadas<\/div>\n                <div class=\"expert-inner\">\n<div class=\"expert-inner-title\">Adapta\u00e7\u00f5es priorit\u00e1rias :<\/div>\n                    <p>Hor\u00e1rios flex\u00edveis permitindo pausas frequentes, redu\u00e7\u00e3o dos deslocamentos com agrupamento geogr\u00e1fico das interven\u00e7\u00f5es, fornecimento de equipamentos de ajuda t\u00e9cnica para limitar os esfor\u00e7os, e adapta\u00e7\u00e3o das tarefas conforme a evolu\u00e7\u00e3o da gravidez.<\/p>\n                <\/div>\n            <\/div>\n\n            <h2>3. As precau\u00e7\u00f5es espec\u00edficas para a seguran\u00e7a<\/h2>\n\n            <p>Para garantir a seguran\u00e7a de uma auxiliar de vida gr\u00e1vida, v\u00e1rias precau\u00e7\u00f5es devem ser implementadas de maneira sistem\u00e1tica e evolutiva. Essas medidas preventivas necessitam de uma avalia\u00e7\u00e3o cont\u00ednua dos riscos e uma adapta\u00e7\u00e3o constante \u00e0s evolu\u00e7\u00f5es da gravidez. A seguran\u00e7a n\u00e3o diz respeito apenas aos aspectos f\u00edsicos do trabalho, mas tamb\u00e9m ao ambiente psicol\u00f3gico e emocional no qual a profissional se encontra.<\/p>\n\n            <p>Primeiramente, \u00e9 essencial avaliar os riscos potenciais relacionados \u00e0s tarefas realizadas. Isso pode incluir avalia\u00e7\u00f5es regulares das condi\u00e7\u00f5es de trabalho e ajustes de acordo com as recomenda\u00e7\u00f5es m\u00e9dicas. Essa abordagem deve ser documentada e atualizada regularmente para levar em conta a evolu\u00e7\u00e3o do estado de sa\u00fade da auxiliar e as recomenda\u00e7\u00f5es de seu m\u00e9dico assistente ou de medicina do trabalho.<\/p>\n\n            <p>Por exemplo, se uma auxiliar estiver exposta a produtos qu\u00edmicos ou a agentes infecciosos, medidas devem ser tomadas para minimizar esses riscos. Al\u00e9m disso, \u00e9 importante que a auxiliar de vida gr\u00e1vida seja treinada nas boas pr\u00e1ticas de seguran\u00e7a no trabalho. Isso inclui treinamentos sobre a manipula\u00e7\u00e3o segura dos pacientes, assim como sobre as t\u00e9cnicas para evitar les\u00f5es musculoesquel\u00e9ticas.<\/p>\n<div class=\"conseil-card\">\n                <h3>Protocolo de seguran\u00e7a DYNSEO<\/h3>\n                <p>A implementa\u00e7\u00e3o de um protocolo de seguran\u00e7a adaptado \u00e0s auxiliares gr\u00e1vidas requer uma abordagem multidisciplinar envolvendo o m\u00e9dico do trabalho, o empregador e a profissional em si. Este protocolo deve ser evolutivo e se adaptar \u00e0s diferentes fases da gravidez.<\/p>\n            <\/div>\n\n            <h2>4. A identifica\u00e7\u00e3o e a gest\u00e3o dos riscos profissionais<\/h2>\n\n            <p>As auxiliares de vida gr\u00e1vidas est\u00e3o expostas a diversos riscos profissionais que podem ter um impacto significativo em sua sa\u00fade e na de seu beb\u00ea. A identifica\u00e7\u00e3o precoce desses riscos constitui a primeira etapa de uma abordagem de preven\u00e7\u00e3o eficaz. Esses riscos podem ser de natureza f\u00edsica, qu\u00edmica, biol\u00f3gica ou psicossocial, e seu impacto pode variar conforme o est\u00e1gio da gravidez e as condi\u00e7\u00f5es individuais de cada profissional.<\/p>\n\n            <p>Entre esses riscos, encontram-se o estresse relacionado \u00e0s exig\u00eancias do trabalho, os esfor\u00e7os f\u00edsicos intensos e a exposi\u00e7\u00e3o a agentes patog\u00eanicos. O estresse pode ser particularmente preocupante, pois pode afetar n\u00e3o apenas a sa\u00fade mental da auxiliar, mas tamb\u00e9m o desenvolvimento do feto. A gest\u00e3o da carga de trabalho torna-se, portanto, crucial, exigindo \u00e0s vezes uma redistribui\u00e7\u00e3o das tarefas dentro da equipe para evitar a sobrecarga.<\/p>\n\n            <p>Al\u00e9m disso, as tarefas relacionadas aos cuidados dos pacientes podem envolver movimentos repetitivos ou posi\u00e7\u00f5es desconfort\u00e1veis que podem levar a dores ou les\u00f5es. Portanto, \u00e9 crucial que as auxiliares estejam cientes desses riscos e que tomem as medidas necess\u00e1rias para mitig\u00e1-los. Essa conscientiza\u00e7\u00e3o deve ser acompanhada de uma forma\u00e7\u00e3o adequada e de um acompanhamento m\u00e9dico regular.<\/p>\n\n            <div class=\"key-points\">\n                <h3>Riscos identificados no setor:<\/h3>\n                <ul>\n                    <li>Fadiga excessiva devido \u00e0 carga de trabalho<\/li>\n                    <li>Estresse psicol\u00f3gico relacionado \u00e0 responsabilidade dos cuidados<\/li>\n                    <li>Problemas musculoesquel\u00e9ticos devido \u00e0s manuten\u00e7\u00f5es<\/li>\n                    <li>Exposi\u00e7\u00e3o a agentes patog\u00eanicos<\/li>\n                    <li>Riscos relacionados aos deslocamentos frequentes<\/li>\n                    <li>Exposi\u00e7\u00e3o a produtos de limpeza qu\u00edmicos<\/li>\n                <\/ul>\n            <\/div>\n\n            <div class=\"expert-box\">\n                <div class=\"expert-box-label\">An\u00e1lise de especialista<\/div>\n                <div class=\"expert-box-title\">Preven\u00e7\u00e3o dos riscos segundo o trimestre<\/div>\n                <div class=\"expert-inner\">\n                    <div class=\"expert-inner-title\">Primeiro trimestre:<\/div>\n                    <p>Foco na preven\u00e7\u00e3o das n\u00e1useas e da fadiga. Adapta\u00e7\u00e3o dos hor\u00e1rios matinais e possibilidade de pausas adicionais.<\/p>\n                    <div class=\"expert-inner-title\">Segundo trimestre:<\/div>\n                    <p>Aten\u00e7\u00e3o especial aos dist\u00farbios circulat\u00f3rios e \u00e0s modifica\u00e7\u00f5es posturais. Evitar as esta\u00e7\u00f5es em p\u00e9 prolongadas.<\/p>\n<div class=\"expert-inner-title\">Terceiro trimestre :<\/div>\n                    <p>Redu\u00e7\u00e3o significativa dos esfor\u00e7os f\u00edsicos e dos deslocamentos. Privilegiar as tarefas em posi\u00e7\u00e3o sentada.<\/p>\n                <\/div>\n            <\/div>\n\n            <h2>5. As medidas de preven\u00e7\u00e3o e prote\u00e7\u00e3o<\/h2>\n\n            <p>Para prevenir eficazmente os riscos profissionais relacionados \u00e0 gravidez, v\u00e1rias medidas podem ser implementadas de forma coordenada e progressiva. Essas medidas devem se inscrever em uma abordagem global de preven\u00e7\u00e3o que envolva todos os atores da empresa e se baseie em uma avalia\u00e7\u00e3o cont\u00ednua das necessidades. O objetivo \u00e9 criar um ambiente de trabalho que favore\u00e7a o bem-estar da auxiliar gr\u00e1vida, mantendo a qualidade dos servi\u00e7os prestados.<\/p>\n\n            <p>Em primeiro lugar, \u00e9 essencial estabelecer um di\u00e1logo aberto entre a auxiliar de vida gr\u00e1vida e seu empregador para identificar as tarefas que podem apresentar problemas. Juntos, eles podem elaborar um plano de a\u00e7\u00e3o que inclua ajustes nos hor\u00e1rios e nas responsabilidades. Essa colabora\u00e7\u00e3o deve ser formalizada e sujeita a um acompanhamento regular para garantir sua efic\u00e1cia e realizar os ajustes necess\u00e1rios.<\/p>\n\n            <p>Em seguida, a forma\u00e7\u00e3o cont\u00ednua \u00e9 um elemento chave para garantir a seguran\u00e7a no trabalho. Sess\u00f5es sobre gest\u00e3o do estresse, t\u00e9cnicas de relaxamento e boas pr\u00e1ticas ergon\u00f4micas podem ajudar os auxiliares a gerenciar melhor sua carga de trabalho, preservando sua sa\u00fade. Essas forma\u00e7\u00f5es tamb\u00e9m podem incluir o uso de ferramentas digitais inovadoras como <a href=\"https:\/\/www.dynseo.com\/pt-pt\/coco-pensa-e-coco-se-mexe\/\" target=\"_blank\">COCO PENSA e COCO SE MEXE<\/a> para propor atividades estimulantes aos benefici\u00e1rios sem esfor\u00e7o f\u00edsico.<\/p>\n\n            <div class=\"tip-box\">\n<div class=\"tip-box-label\">Inova\u00e7\u00e3o DYNSEO<\/div>\n                <p>A integra\u00e7\u00e3o de ferramentas de estimula\u00e7\u00e3o cognitiva digital permite que as auxiliares gr\u00e1vidas mantenham um acompanhamento de qualidade, reduzindo as limita\u00e7\u00f5es f\u00edsicas de seu trabalho.<\/p>\n            <\/div>\n\n            <h2>6. A comunica\u00e7\u00e3o: pilar de um acompanhamento bem-sucedido<\/h2>\n\n            <p>A comunica\u00e7\u00e3o desempenha um papel fundamental na gest\u00e3o das situa\u00e7\u00f5es relacionadas \u00e0 gravidez de uma auxiliar de vida. Ela constitui a base sobre a qual repousa o sucesso de todos os ajustes e adapta\u00e7\u00f5es implementados. Uma comunica\u00e7\u00e3o eficaz permite n\u00e3o apenas antecipar as dificuldades, mas tamb\u00e9m criar um clima de confian\u00e7a prop\u00edcio ao bem-estar de todos os envolvidos.<\/p>\n\n            <p>\u00c9 crucial que a auxiliar se sinta \u00e0 vontade para expressar suas preocupa\u00e7\u00f5es e necessidades junto ao seu empregador. Uma comunica\u00e7\u00e3o aberta permite n\u00e3o apenas identificar rapidamente os problemas potenciais, mas tamb\u00e9m estabelecer uma rela\u00e7\u00e3o de confian\u00e7a entre o empregador e a empregada. Essa rela\u00e7\u00e3o de confian\u00e7a \u00e9 essencial para que a auxiliar n\u00e3o hesite em compartilhar suas dificuldades ou preocupa\u00e7\u00f5es, permitindo assim um atendimento r\u00e1pido e adequado.<\/p>\n\n            <p>Al\u00e9m disso, uma boa comunica\u00e7\u00e3o pode facilitar a implementa\u00e7\u00e3o de ajustes adequados ao cargo. Ao discutir regularmente as expectativas e os desafios enfrentados, podemos trabalhar juntos para encontrar solu\u00e7\u00f5es que atendam \u00e0s necessidades espec\u00edficas da auxiliar gr\u00e1vida, garantindo ao mesmo tempo a continuidade dos cuidados aos pacientes. Essa comunica\u00e7\u00e3o deve tamb\u00e9m se estender aos colegas e benefici\u00e1rios para assegurar um atendimento harmonioso.<\/p>\n\n            <div class=\"conseil-card\">\n                <h3>Estrat\u00e9gia de comunica\u00e7\u00e3o DYNSEO<\/h3>\n                <p>A implementa\u00e7\u00e3o de entrevistas de acompanhamento regulares permite adaptar em tempo real as condi\u00e7\u00f5es de trabalho e antecipar as necessidades futuras. Essas trocas devem ser formalizadas, mas permanecer em um esp\u00edrito de benevol\u00eancia e apoio.<\/p>\n            <\/div>\n<div class=\"key-points\">\n                <h3>Elementos-chave da comunica\u00e7\u00e3o:<\/h3>\n                <ul>\n                    <li>Escuta ativa por parte do empregador<\/li>\n                    <li>Reuni\u00f5es de acompanhamento mensais durante a gravidez<\/li>\n                    <li>Clareza nas expectativas e responsabilidades<\/li>\n                    <li>Incentivo \u00e0 transpar\u00eancia sobre as dificuldades<\/li>\n                    <li>Envolvimento da equipe no acompanhamento<\/li>\n                    <li>Comunica\u00e7\u00e3o com os benefici\u00e1rios sobre as adapta\u00e7\u00f5es<\/li>\n                <\/ul>\n            <\/div>\n\n            <h2>7. Os direitos e obriga\u00e7\u00f5es do empregador<\/h2>\n\n            <p>O empregador tem direitos e deveres em rela\u00e7\u00e3o \u00e0s suas funcion\u00e1rias gr\u00e1vidas que est\u00e3o claramente definidos pela legisla\u00e7\u00e3o trabalhista e que se inscrevem em uma abordagem de prote\u00e7\u00e3o \u00e0 maternidade. Essas obriga\u00e7\u00f5es legais constituem um quadro de refer\u00eancia que deve ser respeitado rigorosamente para evitar qualquer risco de discrimina\u00e7\u00e3o ou de colocar em perigo a sa\u00fade da funcion\u00e1ria e de seu filho.<\/p>\n\n            <p>Entre esses deveres, encontra-se a obriga\u00e7\u00e3o de garantir um ambiente de trabalho seguro e saud\u00e1vel, bem como o respeito aos direitos relacionados \u00e0 licen\u00e7a maternidade. O empregador deve tamb\u00e9m garantir que a auxiliar n\u00e3o seja exposta a riscos desnecess\u00e1rios durante sua gravidez. Essa obriga\u00e7\u00e3o de seguran\u00e7a implica a implementa\u00e7\u00e3o de uma avalia\u00e7\u00e3o de riscos espec\u00edfica e a adapta\u00e7\u00e3o do posto de trabalho em consequ\u00eancia.<\/p>\n\n            <p>Em contrapartida, o empregador tem o direito de esperar que a auxiliar informe rapidamente seu superior hier\u00e1rquico assim que ela souber de sua gravidez. Isso permite ao empregador antecipar os ajustes necess\u00e1rios e garantir a continuidade no servi\u00e7o prestado aos pacientes. Essa informa\u00e7\u00e3o precoce \u00e9 ben\u00e9fica para todas as partes, pois permite uma organiza\u00e7\u00e3o otimizada e evita situa\u00e7\u00f5es de emerg\u00eancia.<\/p>\n\n            <div class=\"expert-box\">\n                <div class=\"expert-box-label\">Quadro legal<\/div>\n                <div class=\"expert-box-title\">Obriga\u00e7\u00f5es patronais essenciais<\/div>\n                <div class=\"expert-inner\">\n                    <div class=\"expert-inner-title\">Obriga\u00e7\u00f5es de seguran\u00e7a:<\/div>\n                    <p>Avalia\u00e7\u00e3o de riscos, adapta\u00e7\u00e3o do posto, forma\u00e7\u00e3o em novos procedimentos, acompanhamento m\u00e9dico refor\u00e7ado e implementa\u00e7\u00e3o de um plano de preven\u00e7\u00e3o espec\u00edfico.<\/p>\n<div class=\"expert-inner-title\">Obriga\u00e7\u00f5es sociais :<\/div>\n                    <p>Respeito pela licen\u00e7a maternidade, manuten\u00e7\u00e3o dos benef\u00edcios, n\u00e3o discrimina\u00e7\u00e3o e apoio na reintegra\u00e7\u00e3o p\u00f3s-licen\u00e7a.<\/p>\n                <\/div>\n            <\/div>\n\n            <h2>8. As ajudas financeiras e dispositivos de apoio<\/h2>\n\n            <p>As auxiliares de vida gr\u00e1vidas podem beneficiar de ajudas financeiras espec\u00edficas, bem como de licen\u00e7as adaptadas \u00e0 sua situa\u00e7\u00e3o profissional particular. Estes dispositivos visam compensar as eventuais perdas de rendimento relacionadas com os ajustes necess\u00e1rios e apoiar as profissionais neste per\u00edodo de transi\u00e7\u00e3o. O conhecimento destas ajudas \u00e9 essencial para permitir que as auxiliares de vida planejem serenamente a sua gravidez e o seu retorno ao trabalho.<\/p>\n\n            <p>A licen\u00e7a maternidade constitui, sem d\u00favida, o principal dispositivo do qual disp\u00f5em, mas existem tamb\u00e9m outras formas de ajudas financeiras que podem aliviar sua carga durante este per\u00edodo. Por exemplo, algumas caixas de seguro de sa\u00fade oferecem presta\u00e7\u00f5es complementares para apoiar as mulheres gr\u00e1vidas em seu percurso profissional. Estas ajudas podem abranger os custos de transporte para consultas m\u00e9dicas ou os custos relacionados com os ajustes do posto de trabalho.<\/p>\n\n            <p>Al\u00e9m disso, \u00e9 poss\u00edvel que algumas conven\u00e7\u00f5es coletivas prevejam licen\u00e7as adicionais ou ajustes espec\u00edficos para as auxiliares de vida gr\u00e1vidas. Os acordos de ramo no setor de ajuda a domic\u00edlio tamb\u00e9m podem prever disposi\u00e7\u00f5es particulares em mat\u00e9ria de prote\u00e7\u00e3o da maternidade. Portanto, \u00e9 essencial que cada auxiliar se informe sobre seus direitos para tirar pleno proveito e garantir uma transi\u00e7\u00e3o tranquila para a maternidade.<\/p>\n\n            <div class=\"tip-box\">\n                <div class=\"tip-box-label\">Informa\u00e7\u00e3o importante<\/div>\n                <p>N\u00e3o hesite em se aproximar do seu servi\u00e7o de RH ou do seu representante sindical para conhecer todas as ajudas dispon\u00edveis na sua empresa ou no seu setor de atividade.<\/p>\n            <\/div>\n<div class=\"key-points\">\n                <h3>Ajudas financeiras dispon\u00edveis:<\/h3>\n                <ul>\n                    <li>Indemniza\u00e7\u00f5es di\u00e1rias de licen\u00e7a maternidade<\/li>\n                    <li>Complemento do empregador de acordo com a conven\u00e7\u00e3o coletiva<\/li>\n                    <li>Apoio para despesas de transporte m\u00e9dico<\/li>\n                    <li>Benef\u00edcios da CAF para a guarda de crian\u00e7as<\/li>\n                    <li>Pr\u00eamios especiais de acordo com o acordo da empresa<\/li>\n                    <li>Ajudas para a adapta\u00e7\u00e3o da resid\u00eancia<\/li>\n                <\/ul>\n            <\/div>\n\n            <h2>9. Forma\u00e7\u00f5es e acompanhamento especializados<\/h2>\n\n            <p>Forma\u00e7\u00f5es espec\u00edficas est\u00e3o dispon\u00edveis para ajudar os auxiliares de vida gr\u00e1vidas a gerenciar melhor sua situa\u00e7\u00e3o profissional enquanto preservam sua sa\u00fade e a de seu beb\u00ea. Essas forma\u00e7\u00f5es constituem um investimento importante tanto para as profissionais quanto para os empregadores, pois permitem adquirir as compet\u00eancias necess\u00e1rias para adaptar as pr\u00e1ticas profissionais \u00e0s limita\u00e7\u00f5es da gravidez.<\/p>\n\n            <p>Essas forma\u00e7\u00f5es podem abordar diversos temas, como a gest\u00e3o do estresse, t\u00e9cnicas ergon\u00f4micas adaptadas \u00e0s mulheres gr\u00e1vidas e boas pr\u00e1ticas em cuidados com os pacientes. Ao participar dessas forma\u00e7\u00f5es, os auxiliares podem adquirir compet\u00eancias valiosas que lhes permitir\u00e3o n\u00e3o apenas melhorar seu bem-estar pessoal, mas tamb\u00e9m garantir um servi\u00e7o \u00f3timo aos pacientes sob seus cuidados. A utiliza\u00e7\u00e3o de ferramentas inovadoras como <a href=\"https:\/\/www.dynseo.com\/pt-pt\/coco-pensa-e-coco-se-mexe\/\" target=\"_blank\">COCO PENSA e COCO SE MEXE<\/a> pode fazer parte dessa forma\u00e7\u00e3o para aprender a estimular cognitivamente os benefici\u00e1rios sem esfor\u00e7o f\u00edsico.<\/p>\n\n            <p>Al\u00e9m disso, essas sess\u00f5es podem favorecer a troca de experi\u00eancias entre colegas, fortalecendo assim o apoio m\u00fatuo no ambiente profissional. Essas forma\u00e7\u00f5es podem ser organizadas internamente ou contar com institui\u00e7\u00f5es especializadas na forma\u00e7\u00e3o de pessoal de sa\u00fade. O importante \u00e9 que sejam adaptadas \u00e0s especificidades da profiss\u00e3o de auxiliar de vida e \u00e0s particularidades da gravidez.<\/p>\n<div class=\"conseil-card\">\n                <h3>Programa de forma\u00e7\u00e3o DYNSEO<\/h3>\n                <p>As forma\u00e7\u00f5es propostas devem integrar as \u00faltimas inova\u00e7\u00f5es tecnol\u00f3gicas para permitir que os auxiliares de vida mantenham um servi\u00e7o de qualidade enquanto preservam sua sa\u00fade. A abordagem deve ser tanto te\u00f3rica quanto pr\u00e1tica.<\/p>\n            <\/div>\n\n            <h2>10. Recursos e redes de apoio dispon\u00edveis<\/h2>\n\n            <p>Existem v\u00e1rios recursos e apoios dispon\u00edveis para acompanhar os auxiliares de vida durante toda a sua gravidez e facilitar sua reintegra\u00e7\u00e3o ap\u00f3s o parto. Esses recursos constituem um ecossistema de apoio que pode fazer a diferen\u00e7a na forma como a profissional vive sua gravidez e gerencia os desafios relacionados \u00e0 concilia\u00e7\u00e3o entre vida profissional e maternidade.<\/p>\n\n            <p>Associa\u00e7\u00f5es profissionais podem oferecer conselhos jur\u00eddicos sobre os direitos relacionados \u00e0 maternidade, bem como informa\u00e7\u00f5es sobre as ajudas financeiras dispon\u00edveis. Essas associa\u00e7\u00f5es costumam ter uma expertise especializada nas quest\u00f5es enfrentadas pelos profissionais de ajuda domiciliar e podem orientar efetivamente para os bons recursos. Al\u00e9m disso, algumas estruturas oferecem grupos de apoio onde os auxiliares podem compartilhar suas experi\u00eancias e beneficiar de um acompanhamento psicol\u00f3gico.<\/p>\n\n            <p>\u00c9 tamb\u00e9m poss\u00edvel acessar recursos online que fornecem informa\u00e7\u00f5es sobre a gravidez no trabalho e sobre as melhores pr\u00e1ticas a adotar para preservar a sa\u00fade enquanto continua a exercer sua profiss\u00e3o. Essas plataformas podem oferecer guias pr\u00e1ticos, depoimentos de outras profissionais e conselhos de especialistas em sa\u00fade no trabalho.<\/p>\n\n            <div class=\"expert-box\">\n                <div class=\"expert-box-label\">Rede de apoio<\/div>\n                <div class=\"expert-box-title\">Atores-chave do acompanhamento<\/div>\n                <div class=\"expert-inner\">\n                    <div class=\"expert-inner-title\">Profissionais de sa\u00fade:<\/div>\n                    <p>M\u00e9dico do trabalho, parteira, m\u00e9dico assistente para um acompanhamento m\u00e9dico adequado<\/p>\n<div class=\"expert-inner-title\">Estruturas de apoio :<\/div>\n                    <p>Servi\u00e7o social da empresa, associa\u00e7\u00f5es profissionais, sindicatos e organismos de forma\u00e7\u00e3o<\/p>\n                <\/div>\n            <\/div>\n\n            <h2>11. Depoimentos e retornos de experi\u00eancia<\/h2>\n\n            <p>Os depoimentos de auxiliares de vida que viveram uma gravidez enquanto exerciam sua profiss\u00e3o podem oferecer um esclarecimento valioso sobre essa experi\u00eancia \u00fanica e \u00e0s vezes complexa. Esses retornos de experi\u00eancia constituem uma fonte de informa\u00e7\u00e3o pr\u00e1tica e tranquilizadora para as profissionais que vivem a mesma situa\u00e7\u00e3o. Eles permitem desmistificar algumas apreens\u00f5es e compartilhar solu\u00e7\u00f5es concretas que se mostraram eficazes.<\/p>\n\n            <p>Muitas compartilham seus desafios di\u00e1rios, bem como as estrat\u00e9gias que implementaram para conciliar trabalho e maternidade. Por exemplo, algumas recomendam estabelecer uma rotina di\u00e1ria que inclua tempo para descansar e se reenergizar. Outras enfatizam a import\u00e2ncia da adapta\u00e7\u00e3o gradual das tarefas e da escuta do pr\u00f3prio corpo para evitar o sobrecarregamento.<\/p>\n\n            <p>Outras ressaltam a import\u00e2ncia do apoio familiar e profissional durante esse per\u00edodo. Ter uma equipe compreensiva pode fazer toda a diferen\u00e7a na gest\u00e3o do estresse relacionado ao trabalho enquanto se est\u00e1 gr\u00e1vida. Esses depoimentos tamb\u00e9m revelam a import\u00e2ncia da prepara\u00e7\u00e3o e da antecipa\u00e7\u00e3o para gerenciar da melhor forma esse per\u00edodo de transi\u00e7\u00e3o profissional e pessoal.<\/p>\n\n            <div class=\"key-points\">\n                <h3>Dicas recorrentes das profissionais :<\/h3>\n                <ul>\n                    <li>Estabelecer uma rotina com momentos de descanso planejados<\/li>\n                    <li>Comunicar abertamente com a equipe sobre suas necessidades<\/li>\n                    <li>Integrar atividades relaxantes no dia a dia<\/li>\n                    <li>N\u00e3o hesitar em pedir ajuda quando necess\u00e1rio<\/li>\n                    <li>Preparar gradualmente sua substitui\u00e7\u00e3o<\/li>\n                    <li>Manter um acompanhamento m\u00e9dico regular e rigoroso<\/li>\n                <\/ul>\n            <\/div>\n\n            <h2>12. Perspectivas de evolu\u00e7\u00e3o e inova\u00e7\u00f5es<\/h2>\n\n            <p>O setor de ajuda domiciliar evolui constantemente, integrando novas tecnologias e abordagens para melhorar as condi\u00e7\u00f5es de trabalho das profissionais, particularmente aquelas que est\u00e3o gr\u00e1vidas. Essas inova\u00e7\u00f5es oferecem perspectivas promissoras para facilitar o exerc\u00edcio da profiss\u00e3o de auxiliar de vida durante a gravidez e reduzir as limita\u00e7\u00f5es f\u00edsicas e psicol\u00f3gicas associadas.<\/p>\n\n            <p>A emerg\u00eancia de ferramentas digitais de estimula\u00e7\u00e3o cognitiva como COCO PENSA e COCO SE MEXE representa um avan\u00e7o significativo. Esses aplicativos permitem que as auxiliares gr\u00e1vidas ofere\u00e7am atividades enriquecedoras aos benefici\u00e1rios sem uma grande restri\u00e7\u00e3o f\u00edsica. Essa abordagem inovadora transforma a pr\u00f3pria natureza do acompanhamento, integrando uma dimens\u00e3o tecnol\u00f3gica acolhedora.<\/p>\n\n            <p>As teleconsultas e o acompanhamento \u00e0 dist\u00e2ncia tamb\u00e9m est\u00e3o se desenvolvendo, permitindo um apoio aos benefici\u00e1rios que reduz os deslocamentos e a fadiga para as auxiliares gr\u00e1vidas. Essas evolu\u00e7\u00f5es fazem parte de um esfor\u00e7o de moderniza\u00e7\u00e3o do setor que beneficia todos os envolvidos. O futuro parece promissor para uma melhor concilia\u00e7\u00e3o entre exerc\u00edcio profissional e maternidade neste setor essencial.<\/p>\n\n            <div class=\"tip-box\">\n<div class=\"tip-box-label\">Inova\u00e7\u00e3o cont\u00ednua<\/div>\n                <p>DYNSEO continua a inovar para propor solu\u00e7\u00f5es adaptadas \u00e0s necessidades dos profissionais de ajuda domiciliar, particularmente durante per\u00edodos sens\u00edveis como a gravidez.<\/p>\n            <\/div>\n\n            <div class=\"faq-list\">\n                <h2>Perguntas frequentes<\/h2>\n                \n                <div class=\"faq-item\">\n                    <div class=\"faq-q\">\n                        <span>A partir de quando devo informar meu empregador sobre minha gravidez?<\/span>\n                        <span class=\"faq-icon\">+<\/span>\n                    <\/div>\n                    <div class=\"faq-a\">\n                        <p>\u00c9 recomendado informar seu empregador assim que terminar o primeiro trimestre, uma vez que a gravidez esteja confirmada e estabilizada. Esta declara\u00e7\u00e3o precoce permite implementar rapidamente as adapta\u00e7\u00f5es necess\u00e1rias e garantir sua prote\u00e7\u00e3o jur\u00eddica contra a demiss\u00e3o.<\/p>\n                    <\/div>\n                <\/div>\n\n                <div class=\"faq-item\">\n                    <div class=\"faq-q\">\n                        <span>Quais adapta\u00e7\u00f5es posso solicitar durante minha gravidez?<\/span>\n                        <span class=\"faq-icon\">+<\/span>\n                    <\/div>\n                    <div class=\"faq-a\">\n                        <p>Voc\u00ea pode solicitar hor\u00e1rios adaptados, a elimina\u00e7\u00e3o de tarefas fisicamente exigentes, pausas adicionais, a redu\u00e7\u00e3o de deslocamentos e a adapta\u00e7\u00e3o do seu posto de trabalho. Essas adapta\u00e7\u00f5es devem ser discutidas com seu empregador e podem ser apoiadas por um atestado m\u00e9dico.<\/p>\n                    <\/div>\n                <\/div>\n\n                <div class=\"faq-item\">\n                    <div class=\"faq-q\">\n                        <span>Posso ser demitida devido \u00e0 minha gravidez?<\/span>\n                        <span class=\"faq-icon\">+<\/span>\n                    <\/div>\n                    <div class=\"faq-a\">\n                        <p>N\u00e3o, a demiss\u00e3o por motivo de gravidez \u00e9 estritamente proibida por lei. Voc\u00ea tem uma prote\u00e7\u00e3o refor\u00e7ada desde a declara\u00e7\u00e3o da sua gravidez at\u00e9 o t\u00e9rmino da sua licen\u00e7a maternidade. Qualquer rescis\u00e3o de contrato durante este per\u00edodo deve ser justificada por uma falta grave n\u00e3o relacionada \u00e0 gravidez ou pela impossibilidade de manter o contrato.<\/p>\n                    <\/div>\n                <\/div>\n\n                <div class=\"faq-item\">\n                    <div class=\"faq-q\">\n                        <span>Como usar as ferramentas digitais durante minha gravidez?<\/span>\n                        <span class=\"faq-icon\">+<\/span>\n                    <\/div>\n                    <div class=\"faq-a\">\n                        <p>As ferramentas como COCO PENSA e COCO SE MEXE permitem manter um acompanhamento cognitivo de qualidade para seus benefici\u00e1rios sem esfor\u00e7o f\u00edsico. Esses aplicativos oferecem exerc\u00edcios de estimula\u00e7\u00e3o cognitiva adaptados que podem ser utilizados em posi\u00e7\u00e3o sentada, reduzindo assim as limita\u00e7\u00f5es f\u00edsicas do seu trabalho.<\/p>\n                    <\/div>\n                <\/div>\n\n                <div class=\"faq-item\">\n                    <div class=\"faq-q\">\n                        <span>Quais s\u00e3o as ajudas financeiras dispon\u00edveis durante a licen\u00e7a maternidade?<\/span>\n                        <span class=\"faq-icon\">+<\/span>\n                    <\/div>\n                    <div class=\"faq-a\">\n                        <p>Voc\u00ea tem direito \u00e0s indeniza\u00e7\u00f5es di\u00e1rias da Seguran\u00e7a Social, geralmente complementadas pelo seu empregador de acordo com a conven\u00e7\u00e3o coletiva. Ajudas complementares podem estar dispon\u00edveis junto \u00e0 CAF, \u00e0 sua cooperativa de sa\u00fade ou a organismos especializados. \u00c9 importante se informar junto ao seu servi\u00e7o de RH para conhecer todos os seus direitos.<\/p>\n                    <\/div>\n                <\/div>\n            <\/div>\n<div class=\"cta-box\">\n                <h2>Acompanhe seus benefici\u00e1rios com as solu\u00e7\u00f5es DYNSEO<\/h2>\n                <p>Descubra como os aplicativos COCO PENSA e COCO SE MEXE podem ajud\u00e1-lo a manter um acompanhamento de qualidade enquanto preserva sua sa\u00fade durante a gravidez. Solu\u00e7\u00f5es inovadoras pensadas para as profissionais de ajuda a domic\u00edlio.<\/p>\n                <div class=\"cta-buttons\">\n                    <a href=\"https:\/\/www.dynseo.com\/pt-pt\/coco-pensa-e-coco-se-mexe\/\" class=\"btn-white\">Descobrir COCO<\/a>\n                    <a href=\"https:\/\/www.dynseo.com\/pt-pt\/coco-pensa-e-coco-se-mexe\/\" class=\"btn-outline\">Teste gratuito<\/a>\n                <\/div>\n            <\/div>\n\n            <div class=\"article-tags\">\n                <h3>Tags :<\/h3>\n                <a href=\"#\" class=\"article-tag\">auxiliar de vida<\/a>\n                <a href=\"#\" class=\"article-tag\">gravidez<\/a>\n                <a href=\"#\" class=\"article-tag\">am\u00e9nagement poste<\/a>\n                <a href=\"#\" class=\"article-tag\">seguran\u00e7a no trabalho<\/a>\n                <a href=\"#\" class=\"article-tag\">direitos sociais<\/a>\n                <a href=\"#\" class=\"article-tag\">preven\u00e7\u00e3o<\/a>\n                <a href=\"#\" class=\"article-tag\">sa\u00fade profissional<\/a>\n                <a href=\"#\" class=\"article-tag\">ajuda a domic\u00edlio<\/a>\n            <\/div>\n        <\/div>\n    <\/div>[\/et_pb_code][\/et_pb_column][\/et_pb_row][\/et_pb_section]","_et_gb_content_width":"","footnotes":""},"categories":[2915],"tags":[],"class_list":["post-485204","post","type-post","status-publish","format-standard","has-post-thumbnail","hentry","category-les-conseils-des-coachs"],"yoast_head":"<!-- This site is optimized with the Yoast SEO plugin v27.4 - https:\/\/yoast.com\/product\/yoast-seo-wordpress\/ -->\n<title>Auxiliar de vida gr\u00e1vida: adapta\u00e7\u00f5es e precau\u00e7\u00f5es - DYNSEO - Aplica\u00e7\u00f5es educativas e jogos de mem\u00f3ria<\/title>\n<meta name=\"robots\" content=\"index, follow, max-snippet:-1, max-image-preview:large, max-video-preview:-1\" \/>\n<link rel=\"canonical\" href=\"https:\/\/www.dynseo.com\/pt-pt\/auxiliar-de-vida-gravida-adaptacoes-e-precaucoes\/\" \/>\n<meta property=\"og:locale\" content=\"pt_PT\" \/>\n<meta property=\"og:type\" content=\"article\" \/>\n<meta property=\"og:title\" content=\"Auxiliar de vida gr\u00e1vida: adapta\u00e7\u00f5es e precau\u00e7\u00f5es - DYNSEO - Aplica\u00e7\u00f5es educativas e jogos de mem\u00f3ria\" \/>\n<meta property=\"og:url\" content=\"https:\/\/www.dynseo.com\/pt-pt\/auxiliar-de-vida-gravida-adaptacoes-e-precaucoes\/\" \/>\n<meta property=\"og:site_name\" content=\"DYNSEO - Aplica\u00e7\u00f5es educativas e jogos de mem\u00f3ria\" \/>\n<meta property=\"article:published_time\" content=\"2026-01-15T23:04:24+00:00\" \/>\n<meta property=\"article:modified_time\" content=\"2026-04-28T03:31:47+00:00\" \/>\n<meta property=\"og:image\" content=\"https:\/\/www.dynseo.com\/wp-content\/uploads\/2019\/11\/Aide-\u00e0-domicile-d\u2019une-personne-atteinte-de-maladie-d\u2019Alzheimer.jpg\" \/>\n\t<meta property=\"og:image:width\" content=\"600\" \/>\n\t<meta property=\"og:image:height\" content=\"370\" \/>\n\t<meta property=\"og:image:type\" content=\"image\/jpeg\" \/>\n<meta name=\"author\" content=\"DYNSEO\" \/>\n<meta name=\"twitter:label1\" content=\"Escrito por\" \/>\n\t<meta name=\"twitter:data1\" content=\"DYNSEO\" \/>\n\t<meta name=\"twitter:label2\" content=\"Tempo estimado de leitura\" \/>\n\t<meta name=\"twitter:data2\" content=\"21 minutos\" \/>\n<script type=\"application\/ld+json\" class=\"yoast-schema-graph\">{\"@context\":\"https:\\\/\\\/schema.org\",\"@graph\":[{\"@type\":\"Article\",\"@id\":\"https:\\\/\\\/www.dynseo.com\\\/pt-pt\\\/auxiliar-de-vida-gravida-adaptacoes-e-precaucoes\\\/#article\",\"isPartOf\":{\"@id\":\"https:\\\/\\\/www.dynseo.com\\\/pt-pt\\\/auxiliar-de-vida-gravida-adaptacoes-e-precaucoes\\\/\"},\"author\":{\"name\":\"DYNSEO\",\"@id\":\"https:\\\/\\\/www.dynseo.com\\\/pt-pt\\\/#\\\/schema\\\/person\\\/78ef63df2ee64e0989bc68f8401b38d6\"},\"headline\":\"Auxiliar de vida gr\u00e1vida: adapta\u00e7\u00f5es e precau\u00e7\u00f5es\",\"datePublished\":\"2026-01-15T23:04:24+00:00\",\"dateModified\":\"2026-04-28T03:31:47+00:00\",\"mainEntityOfPage\":{\"@id\":\"https:\\\/\\\/www.dynseo.com\\\/pt-pt\\\/auxiliar-de-vida-gravida-adaptacoes-e-precaucoes\\\/\"},\"wordCount\":4145,\"publisher\":{\"@id\":\"https:\\\/\\\/www.dynseo.com\\\/pt-pt\\\/#organization\"},\"image\":{\"@id\":\"https:\\\/\\\/www.dynseo.com\\\/pt-pt\\\/auxiliar-de-vida-gravida-adaptacoes-e-precaucoes\\\/#primaryimage\"},\"thumbnailUrl\":\"https:\\\/\\\/www.dynseo.com\\\/wp-content\\\/uploads\\\/2019\\\/11\\\/Aide-\u00e0-domicile-d\u2019une-personne-atteinte-de-maladie-d\u2019Alzheimer.jpg\",\"articleSection\":[\"Les conseils des coachs\"],\"inLanguage\":\"pt-PT\"},{\"@type\":\"WebPage\",\"@id\":\"https:\\\/\\\/www.dynseo.com\\\/pt-pt\\\/auxiliar-de-vida-gravida-adaptacoes-e-precaucoes\\\/\",\"url\":\"https:\\\/\\\/www.dynseo.com\\\/pt-pt\\\/auxiliar-de-vida-gravida-adaptacoes-e-precaucoes\\\/\",\"name\":\"Auxiliar de vida gr\u00e1vida: adapta\u00e7\u00f5es e precau\u00e7\u00f5es - DYNSEO - Aplica\u00e7\u00f5es educativas e jogos de mem\u00f3ria\",\"isPartOf\":{\"@id\":\"https:\\\/\\\/www.dynseo.com\\\/pt-pt\\\/#website\"},\"primaryImageOfPage\":{\"@id\":\"https:\\\/\\\/www.dynseo.com\\\/pt-pt\\\/auxiliar-de-vida-gravida-adaptacoes-e-precaucoes\\\/#primaryimage\"},\"image\":{\"@id\":\"https:\\\/\\\/www.dynseo.com\\\/pt-pt\\\/auxiliar-de-vida-gravida-adaptacoes-e-precaucoes\\\/#primaryimage\"},\"thumbnailUrl\":\"https:\\\/\\\/www.dynseo.com\\\/wp-content\\\/uploads\\\/2019\\\/11\\\/Aide-\u00e0-domicile-d\u2019une-personne-atteinte-de-maladie-d\u2019Alzheimer.jpg\",\"datePublished\":\"2026-01-15T23:04:24+00:00\",\"dateModified\":\"2026-04-28T03:31:47+00:00\",\"breadcrumb\":{\"@id\":\"https:\\\/\\\/www.dynseo.com\\\/pt-pt\\\/auxiliar-de-vida-gravida-adaptacoes-e-precaucoes\\\/#breadcrumb\"},\"inLanguage\":\"pt-PT\",\"potentialAction\":[{\"@type\":\"ReadAction\",\"target\":[\"https:\\\/\\\/www.dynseo.com\\\/pt-pt\\\/auxiliar-de-vida-gravida-adaptacoes-e-precaucoes\\\/\"]}]},{\"@type\":\"ImageObject\",\"inLanguage\":\"pt-PT\",\"@id\":\"https:\\\/\\\/www.dynseo.com\\\/pt-pt\\\/auxiliar-de-vida-gravida-adaptacoes-e-precaucoes\\\/#primaryimage\",\"url\":\"https:\\\/\\\/www.dynseo.com\\\/wp-content\\\/uploads\\\/2019\\\/11\\\/Aide-\u00e0-domicile-d\u2019une-personne-atteinte-de-maladie-d\u2019Alzheimer.jpg\",\"contentUrl\":\"https:\\\/\\\/www.dynseo.com\\\/wp-content\\\/uploads\\\/2019\\\/11\\\/Aide-\u00e0-domicile-d\u2019une-personne-atteinte-de-maladie-d\u2019Alzheimer.jpg\",\"width\":600,\"height\":370,\"caption\":\"Estimule a mente e preserve as lembran\u00e7as com a aplica\u00e7\u00e3o DYNSEO\"},{\"@type\":\"BreadcrumbList\",\"@id\":\"https:\\\/\\\/www.dynseo.com\\\/pt-pt\\\/auxiliar-de-vida-gravida-adaptacoes-e-precaucoes\\\/#breadcrumb\",\"itemListElement\":[{\"@type\":\"ListItem\",\"position\":1,\"name\":\"Accueil\",\"item\":\"https:\\\/\\\/www.dynseo.com\\\/pt-pt\\\/\"},{\"@type\":\"ListItem\",\"position\":2,\"name\":\"Auxiliar de vida gr\u00e1vida: adapta\u00e7\u00f5es e precau\u00e7\u00f5es\"}]},{\"@type\":\"WebSite\",\"@id\":\"https:\\\/\\\/www.dynseo.com\\\/pt-pt\\\/#website\",\"url\":\"https:\\\/\\\/www.dynseo.com\\\/pt-pt\\\/\",\"name\":\"Jeux de m\u00e9moire et stimulation cognitive\",\"description\":\"Entra\u00eenez votre m\u00e9moire et votre cerveau avec DYNSEO\",\"publisher\":{\"@id\":\"https:\\\/\\\/www.dynseo.com\\\/pt-pt\\\/#organization\"},\"potentialAction\":[{\"@type\":\"SearchAction\",\"target\":{\"@type\":\"EntryPoint\",\"urlTemplate\":\"https:\\\/\\\/www.dynseo.com\\\/pt-pt\\\/?s={search_term_string}\"},\"query-input\":{\"@type\":\"PropertyValueSpecification\",\"valueRequired\":true,\"valueName\":\"search_term_string\"}}],\"inLanguage\":\"pt-PT\"},{\"@type\":\"Organization\",\"@id\":\"https:\\\/\\\/www.dynseo.com\\\/pt-pt\\\/#organization\",\"name\":\"DYNSEO\",\"url\":\"https:\\\/\\\/www.dynseo.com\\\/pt-pt\\\/\",\"logo\":{\"@type\":\"ImageObject\",\"inLanguage\":\"pt-PT\",\"@id\":\"https:\\\/\\\/www.dynseo.com\\\/pt-pt\\\/#\\\/schema\\\/logo\\\/image\\\/\",\"url\":\"https:\\\/\\\/www.dynseo.com\\\/wp-content\\\/uploads\\\/2022\\\/05\\\/logo-dynseo-new.png\",\"contentUrl\":\"https:\\\/\\\/www.dynseo.com\\\/wp-content\\\/uploads\\\/2022\\\/05\\\/logo-dynseo-new.png\",\"width\":5073,\"height\":1397,\"caption\":\"DYNSEO\"},\"image\":{\"@id\":\"https:\\\/\\\/www.dynseo.com\\\/pt-pt\\\/#\\\/schema\\\/logo\\\/image\\\/\"}},{\"@type\":\"Person\",\"@id\":\"https:\\\/\\\/www.dynseo.com\\\/pt-pt\\\/#\\\/schema\\\/person\\\/78ef63df2ee64e0989bc68f8401b38d6\",\"name\":\"DYNSEO\",\"url\":\"https:\\\/\\\/www.dynseo.com\\\/pt-pt\\\/author\\\/justine\\\/\"}]}<\/script>\n<!-- \/ Yoast SEO plugin. -->","yoast_head_json":{"title":"Auxiliar de vida gr\u00e1vida: adapta\u00e7\u00f5es e precau\u00e7\u00f5es - DYNSEO - Aplica\u00e7\u00f5es educativas e jogos de mem\u00f3ria","robots":{"index":"index","follow":"follow","max-snippet":"max-snippet:-1","max-image-preview":"max-image-preview:large","max-video-preview":"max-video-preview:-1"},"canonical":"https:\/\/www.dynseo.com\/pt-pt\/auxiliar-de-vida-gravida-adaptacoes-e-precaucoes\/","og_locale":"pt_PT","og_type":"article","og_title":"Auxiliar de vida gr\u00e1vida: adapta\u00e7\u00f5es e precau\u00e7\u00f5es - DYNSEO - Aplica\u00e7\u00f5es educativas e jogos de mem\u00f3ria","og_url":"https:\/\/www.dynseo.com\/pt-pt\/auxiliar-de-vida-gravida-adaptacoes-e-precaucoes\/","og_site_name":"DYNSEO - Aplica\u00e7\u00f5es educativas e jogos de mem\u00f3ria","article_published_time":"2026-01-15T23:04:24+00:00","article_modified_time":"2026-04-28T03:31:47+00:00","og_image":[{"width":600,"height":370,"url":"https:\/\/www.dynseo.com\/wp-content\/uploads\/2019\/11\/Aide-\u00e0-domicile-d\u2019une-personne-atteinte-de-maladie-d\u2019Alzheimer.jpg","type":"image\/jpeg"}],"author":"DYNSEO","twitter_misc":{"Escrito por":"DYNSEO","Tempo estimado de leitura":"21 minutos"},"schema":{"@context":"https:\/\/schema.org","@graph":[{"@type":"Article","@id":"https:\/\/www.dynseo.com\/pt-pt\/auxiliar-de-vida-gravida-adaptacoes-e-precaucoes\/#article","isPartOf":{"@id":"https:\/\/www.dynseo.com\/pt-pt\/auxiliar-de-vida-gravida-adaptacoes-e-precaucoes\/"},"author":{"name":"DYNSEO","@id":"https:\/\/www.dynseo.com\/pt-pt\/#\/schema\/person\/78ef63df2ee64e0989bc68f8401b38d6"},"headline":"Auxiliar de vida gr\u00e1vida: adapta\u00e7\u00f5es e precau\u00e7\u00f5es","datePublished":"2026-01-15T23:04:24+00:00","dateModified":"2026-04-28T03:31:47+00:00","mainEntityOfPage":{"@id":"https:\/\/www.dynseo.com\/pt-pt\/auxiliar-de-vida-gravida-adaptacoes-e-precaucoes\/"},"wordCount":4145,"publisher":{"@id":"https:\/\/www.dynseo.com\/pt-pt\/#organization"},"image":{"@id":"https:\/\/www.dynseo.com\/pt-pt\/auxiliar-de-vida-gravida-adaptacoes-e-precaucoes\/#primaryimage"},"thumbnailUrl":"https:\/\/www.dynseo.com\/wp-content\/uploads\/2019\/11\/Aide-\u00e0-domicile-d\u2019une-personne-atteinte-de-maladie-d\u2019Alzheimer.jpg","articleSection":["Les conseils des coachs"],"inLanguage":"pt-PT"},{"@type":"WebPage","@id":"https:\/\/www.dynseo.com\/pt-pt\/auxiliar-de-vida-gravida-adaptacoes-e-precaucoes\/","url":"https:\/\/www.dynseo.com\/pt-pt\/auxiliar-de-vida-gravida-adaptacoes-e-precaucoes\/","name":"Auxiliar de vida gr\u00e1vida: adapta\u00e7\u00f5es e precau\u00e7\u00f5es - DYNSEO - Aplica\u00e7\u00f5es educativas e jogos de mem\u00f3ria","isPartOf":{"@id":"https:\/\/www.dynseo.com\/pt-pt\/#website"},"primaryImageOfPage":{"@id":"https:\/\/www.dynseo.com\/pt-pt\/auxiliar-de-vida-gravida-adaptacoes-e-precaucoes\/#primaryimage"},"image":{"@id":"https:\/\/www.dynseo.com\/pt-pt\/auxiliar-de-vida-gravida-adaptacoes-e-precaucoes\/#primaryimage"},"thumbnailUrl":"https:\/\/www.dynseo.com\/wp-content\/uploads\/2019\/11\/Aide-\u00e0-domicile-d\u2019une-personne-atteinte-de-maladie-d\u2019Alzheimer.jpg","datePublished":"2026-01-15T23:04:24+00:00","dateModified":"2026-04-28T03:31:47+00:00","breadcrumb":{"@id":"https:\/\/www.dynseo.com\/pt-pt\/auxiliar-de-vida-gravida-adaptacoes-e-precaucoes\/#breadcrumb"},"inLanguage":"pt-PT","potentialAction":[{"@type":"ReadAction","target":["https:\/\/www.dynseo.com\/pt-pt\/auxiliar-de-vida-gravida-adaptacoes-e-precaucoes\/"]}]},{"@type":"ImageObject","inLanguage":"pt-PT","@id":"https:\/\/www.dynseo.com\/pt-pt\/auxiliar-de-vida-gravida-adaptacoes-e-precaucoes\/#primaryimage","url":"https:\/\/www.dynseo.com\/wp-content\/uploads\/2019\/11\/Aide-\u00e0-domicile-d\u2019une-personne-atteinte-de-maladie-d\u2019Alzheimer.jpg","contentUrl":"https:\/\/www.dynseo.com\/wp-content\/uploads\/2019\/11\/Aide-\u00e0-domicile-d\u2019une-personne-atteinte-de-maladie-d\u2019Alzheimer.jpg","width":600,"height":370,"caption":"Estimule a mente e preserve as lembran\u00e7as com a aplica\u00e7\u00e3o DYNSEO"},{"@type":"BreadcrumbList","@id":"https:\/\/www.dynseo.com\/pt-pt\/auxiliar-de-vida-gravida-adaptacoes-e-precaucoes\/#breadcrumb","itemListElement":[{"@type":"ListItem","position":1,"name":"Accueil","item":"https:\/\/www.dynseo.com\/pt-pt\/"},{"@type":"ListItem","position":2,"name":"Auxiliar de vida gr\u00e1vida: adapta\u00e7\u00f5es e precau\u00e7\u00f5es"}]},{"@type":"WebSite","@id":"https:\/\/www.dynseo.com\/pt-pt\/#website","url":"https:\/\/www.dynseo.com\/pt-pt\/","name":"Jeux de m\u00e9moire et stimulation cognitive","description":"Entra\u00eenez votre m\u00e9moire et votre cerveau avec DYNSEO","publisher":{"@id":"https:\/\/www.dynseo.com\/pt-pt\/#organization"},"potentialAction":[{"@type":"SearchAction","target":{"@type":"EntryPoint","urlTemplate":"https:\/\/www.dynseo.com\/pt-pt\/?s={search_term_string}"},"query-input":{"@type":"PropertyValueSpecification","valueRequired":true,"valueName":"search_term_string"}}],"inLanguage":"pt-PT"},{"@type":"Organization","@id":"https:\/\/www.dynseo.com\/pt-pt\/#organization","name":"DYNSEO","url":"https:\/\/www.dynseo.com\/pt-pt\/","logo":{"@type":"ImageObject","inLanguage":"pt-PT","@id":"https:\/\/www.dynseo.com\/pt-pt\/#\/schema\/logo\/image\/","url":"https:\/\/www.dynseo.com\/wp-content\/uploads\/2022\/05\/logo-dynseo-new.png","contentUrl":"https:\/\/www.dynseo.com\/wp-content\/uploads\/2022\/05\/logo-dynseo-new.png","width":5073,"height":1397,"caption":"DYNSEO"},"image":{"@id":"https:\/\/www.dynseo.com\/pt-pt\/#\/schema\/logo\/image\/"}},{"@type":"Person","@id":"https:\/\/www.dynseo.com\/pt-pt\/#\/schema\/person\/78ef63df2ee64e0989bc68f8401b38d6","name":"DYNSEO","url":"https:\/\/www.dynseo.com\/pt-pt\/author\/justine\/"}]}},"_links":{"self":[{"href":"https:\/\/www.dynseo.com\/pt-pt\/wp-json\/wp\/v2\/posts\/485204","targetHints":{"allow":["GET"]}}],"collection":[{"href":"https:\/\/www.dynseo.com\/pt-pt\/wp-json\/wp\/v2\/posts"}],"about":[{"href":"https:\/\/www.dynseo.com\/pt-pt\/wp-json\/wp\/v2\/types\/post"}],"author":[{"embeddable":true,"href":"https:\/\/www.dynseo.com\/pt-pt\/wp-json\/wp\/v2\/users\/4"}],"replies":[{"embeddable":true,"href":"https:\/\/www.dynseo.com\/pt-pt\/wp-json\/wp\/v2\/comments?post=485204"}],"version-history":[{"count":18,"href":"https:\/\/www.dynseo.com\/pt-pt\/wp-json\/wp\/v2\/posts\/485204\/revisions"}],"predecessor-version":[{"id":566744,"href":"https:\/\/www.dynseo.com\/pt-pt\/wp-json\/wp\/v2\/posts\/485204\/revisions\/566744"}],"wp:featuredmedia":[{"embeddable":true,"href":"https:\/\/www.dynseo.com\/pt-pt\/wp-json\/wp\/v2\/media\/296332"}],"wp:attachment":[{"href":"https:\/\/www.dynseo.com\/pt-pt\/wp-json\/wp\/v2\/media?parent=485204"}],"wp:term":[{"taxonomy":"category","embeddable":true,"href":"https:\/\/www.dynseo.com\/pt-pt\/wp-json\/wp\/v2\/categories?post=485204"},{"taxonomy":"post_tag","embeddable":true,"href":"https:\/\/www.dynseo.com\/pt-pt\/wp-json\/wp\/v2\/tags?post=485204"}],"curies":[{"name":"wp","href":"https:\/\/api.w.org\/{rel}","templated":true}]}}