{"id":489796,"date":"2026-01-25T15:32:19","date_gmt":"2026-01-25T14:32:19","guid":{"rendered":"https:\/\/www.dynseo.com\/alzheimer-et-conduite-automobile-quand-et-comment-arreter-en-toute-securite-2\/"},"modified":"2026-01-28T11:47:14","modified_gmt":"2026-01-28T10:47:14","slug":"alzheimer-et-conduite-automobile-quand-et-comment-arreter-en-toute-securite-2","status":"publish","type":"post","link":"https:\/\/www.dynseo.com\/pt-pt\/alzheimer-et-conduite-automobile-quand-et-comment-arreter-en-toute-securite-2\/","title":{"rendered":"Alzheimer et Conduite Automobile : Quand et Comment Arr\u00eater en Toute S\u00e9curit\u00e9"},"content":{"rendered":"<p>[et_pb_section fb_built=&#8221;1&#8243; admin_label=&#8221;Article HTML&#8221; _builder_version=&#8221;4.16&#8243; custom_padding=&#8221;0px||0px||false|false&#8221; global_colors_info=&#8221;{}&#8221;][et_pb_row admin_label=&#8221;Contenu&#8221; _builder_version=&#8221;4.16&#8243; width=&#8221;100%&#8221; max_width=&#8221;100%&#8221; custom_padding=&#8221;0px||0px||false|false&#8221; global_colors_info=&#8221;{}&#8221;][et_pb_column type=&#8221;4_4&#8243; _builder_version=&#8221;4.16&#8243; global_colors_info=&#8221;{}&#8221;][et_pb_code admin_label=&#8221;HTML import\u00e9&#8221; _builder_version=&#8221;4.16&#8243; global_colors_info=&#8221;{}&#8221;]<\/p>\n<style type=\"text\/css\">\n:root { --bleu-principal: #5e5ed7; --vert: #a9e2e4; --jaune: #ffeca7; --rose-framboise: #e73469; --bleu-secondaire: #5268c9; --text-color: #2c3e50; --text-light: #64748b; --white: #ffffff; }\n.dbi-art-da73b1 * { margin: 0; padding: 0; box-sizing: border-box; }\n.dbi-art-da73b1 { font-family: 'Montserrat', sans-serif; line-height: 1.8; color: var(--text-color); background: var(--white); }\n.dbi-art-da73b1 .article-header { background: linear-gradient(135deg, var(--bleu-principal), var(--bleu-secondaire)); color: var(--white); padding: 80px 25px; position: relative; }\n.dbi-art-da73b1 .article-header::before { content: \"\"; position: absolute; top: -50%; right: -20%; width: 600px; height: 600px; background: radial-gradient(circle, var(--vert) 0%, transparent 70%); opacity: 0.3; }\n.dbi-art-da73b1 .header-content { max-width: 900px; margin: 0 auto; position: relative; z-index: 1; }\n.dbi-art-da73b1 .header-badge { display: inline-flex; background: rgba(255,255,255,0.15); border: 1px solid rgba(255,255,255,0.3); padding: 8px 20px; border-radius: 50px; font-size: 14px; font-weight: 600; margin-bottom: 25px; }\n.dbi-art-da73b1 h1 { font-size: 2.8rem; font-weight: 700; margin-bottom: 25px; }\n.dbi-art-da73b1 .header-subtitle { font-size: 1.25rem; opacity: 0.9; max-width: 700px; }\n.dbi-art-da73b1 .container { max-width: 850px; margin: 0 auto; padding: 0 25px; }\n.dbi-art-da73b1 main { padding: 60px 0; }\n.dbi-art-da73b1 h2 { font-size: 2rem; color: var(--bleu-principal); margin: 60px 0 25px; padding-bottom: 15px; border-bottom: 3px solid var(--vert); }\n.dbi-art-da73b1 h3 { font-size: 1.4rem; color: var(--bleu-secondaire); margin: 40px 0 20px; }\n.dbi-art-da73b1 p { margin-bottom: 20px; font-size: 1.1rem; text-align: justify; }\n.dbi-art-da73b1 .intro { font-size: 1.2rem; color: var(--text-light); border-left: 4px solid var(--bleu-principal); padding-left: 25px; margin: 40px 0; font-style: italic; }\n.dbi-art-da73b1 .toc { background: linear-gradient(135deg, var(--bleu-principal), var(--bleu-secondaire)); border-radius: 20px; padding: 40px; margin: 50px 0; color: var(--white); }\n.dbi-art-da73b1 .toc-title { font-size: 1.4rem; margin-bottom: 25px; color: var(--jaune); }\n.dbi-art-da73b1 .toc ol { list-style: none; display: grid; grid-template-columns: repeat(2, 1fr); gap: 15px; }\n.dbi-art-da73b1 .toc li { background: rgba(255,255,255,0.08); border-radius: 10px; padding: 12px 18px; border: 2px solid var(--jaune); }\n.dbi-art-da73b1 .toc a { color: var(--white); text-decoration: none; font-size: 0.95rem; }\n.dbi-art-da73b1 ul { margin: 20px 0 30px; padding-left: 0; list-style: none; }\n.dbi-art-da73b1 ul li { position: relative; padding-left: 30px; margin-bottom: 12px; }\n.dbi-art-da73b1 ul li::before { content: \"\"; position: absolute; left: 0; top: 10px; width: 8px; height: 8px; background: var(--rose-framboise); border-radius: 50%; }\n.dbi-art-da73b1 .feature-grid { display: grid; grid-template-columns: repeat(3, 1fr); gap: 25px; margin: 40px 0; }\n@media (max-width: 768px) {\n.dbi-art-da73b1 .feature-grid { grid-template-columns: 1fr; }\n.dbi-art-da73b1 .toc ol { grid-template-columns: 1fr; }\n.dbi-art-da73b1 h1 { font-size: 2rem; }\n.dbi-art-da73b1 .stats-grid { grid-template-columns: repeat(2, 1fr); }\n}\n.dbi-art-da73b1 .feature-card { background: var(--white); border-radius: 20px; padding: 30px; text-align: center; box-shadow: 0 5px 20px rgba(0,0,0,0.08); border: 2px solid var(--vert); }\n.dbi-art-da73b1 .feature-icon { width: 70px; height: 70px; border-radius: 20px; display: flex; align-items: center; justify-content: center; font-size: 2rem; margin: 0 auto 20px; background: var(--jaune); }\n.dbi-art-da73b1 .feature-card h4 { color: var(--bleu-principal); margin-bottom: 10px; }\n.dbi-art-da73b1 .feature-card p { font-size: 0.95rem; color: var(--text-light); margin: 0; }\n.dbi-art-da73b1 .stats-section { background: linear-gradient(135deg, var(--bleu-principal), var(--bleu-secondaire)); border-radius: 25px; padding: 50px; margin: 50px 0; }\n.dbi-art-da73b1 .stats-grid { display: grid; grid-template-columns: repeat(4, 1fr); gap: 30px; text-align: center; }\n.dbi-art-da73b1 .stat-number { font-size: 3rem; font-weight: 700; color: var(--jaune); margin-bottom: 10px; }\n.dbi-art-da73b1 .stat-label { color: rgba(255,255,255,0.9); font-size: 0.95rem; }\n.dbi-art-da73b1 .highlight-box { background: linear-gradient(135deg, #fff5f8, #ffe8ee); border: 2px solid var(--rose-framboise); border-radius: 20px; padding: 35px; margin: 40px 0; }\n.dbi-art-da73b1 .highlight-box h4 { color: var(--rose-framboise); margin-bottom: 20px; }\n.dbi-art-da73b1 .tip-box { background: linear-gradient(135deg, #f0feff, #e5f9fa); border: 2px solid var(--vert); border-radius: 20px; padding: 35px; margin: 40px 0; }\n.dbi-art-da73b1 .tip-box h4 { color: var(--bleu-secondaire); margin-bottom: 20px; }\n.dbi-art-da73b1 .cta-box { background: linear-gradient(135deg, var(--bleu-principal), var(--bleu-secondaire)); border-radius: 25px; padding: 50px 40px; margin: 60px 0; text-align: center; }\n.dbi-art-da73b1 .cta-box h4 { font-size: 1.8rem; color: var(--white); margin-bottom: 15px; }\n.dbi-art-da73b1 .cta-box p { color: rgba(255,255,255,0.9); margin-bottom: 25px; }\n.dbi-art-da73b1 .cta-button { display: inline-block; background: var(--jaune); color: var(--bleu-principal); padding: 18px 45px; border-radius: 50px; text-decoration: none; font-weight: 700; }\n.dbi-art-da73b1 .conclusion { background: linear-gradient(135deg, #f0feff, #e5f9fa); border-radius: 25px; padding: 50px; margin: 60px 0; border: 2px solid var(--vert); }\n.dbi-art-da73b1 .article-footer { background: linear-gradient(135deg, var(--bleu-principal), var(--bleu-secondaire)); color: var(--white); padding: 50px 25px; text-align: center; }\n.dbi-art-da73b1 .footer-links { display: flex; justify-content: center; gap: 30px; margin-top: 25px; flex-wrap: wrap; }\n.dbi-art-da73b1 .footer-links a { color: var(--jaune); text-decoration: none; }\n.dbi-art-da73b1 blockquote { background: linear-gradient(135deg, #f0f0ff, #e8e8ff); border-left: 4px solid var(--bleu-principal); border-radius: 0 15px 15px 0; padding: 30px 35px; margin: 40px 0; }\n.dbi-art-da73b1 blockquote p { font-style: italic; padding-left: 30px; }\n.dbi-art-da73b1 blockquote cite { display: block; font-weight: 600; color: var(--bleu-principal); padding-left: 30px; }\n.dbi-art-da73b1 .product-highlight { background: linear-gradient(135deg, #fffbeb, #fef3c7); border: 2px solid var(--jaune); border-radius: 20px; padding: 40px; margin: 40px 0; }\n.dbi-art-da73b1 .product-highlight img { max-width: 100%; border-radius: 15px; margin: 20px 0; }\n.dbi-art-da73b1 .product-highlight h4 { color: var(--bleu-principal); margin-bottom: 15px; font-size: 1.3rem; }\n.dbi-art-da73b1 .warning-box { background: linear-gradient(135deg, #fef2f2, #fee2e2); border: 2px solid #ef4444; border-radius: 20px; padding: 35px; margin: 40px 0; }\n.dbi-art-da73b1 .warning-box h4 { color: #dc2626; margin-bottom: 15px; }\n.dbi-art-da73b1 .legal-box { background: linear-gradient(135deg, #fefce8, #fef9c3); border: 2px solid #eab308; border-radius: 20px; padding: 35px; margin: 40px 0; }\n.dbi-art-da73b1 .legal-box h4 { color: #ca8a04; margin-bottom: 15px; }<\/p>\n<\/style>\n<div class=\"dbi-art-da73b1\">\n<header class=\"article-header\">\n<div class=\"header-content\">\n<div class=\"header-badge\">\ud83d\ude97 Seguran\u00e7a &#038; Autonomia<\/div>\n<h1>Alzheimer e Condu\u00e7\u00e3o Autom\u00f3vel: Quando e Como Parar em Total Seguran\u00e7a<\/h1>\n<pee class=\"header-subtitle\">Parar de dirigir \u00e9 muitas vezes vivido como uma grande perda de autonomia. Como abordar este tema delicado, reconhecer os sinais de alerta e gerir a transi\u00e7\u00e3o com suavidade.<\/pee>\n    <\/div>\n<\/header>\n<p><main><\/p>\n<div class=\"container\">\n<pee class=\"intro\">A quest\u00e3o da condu\u00e7\u00e3o autom\u00f3vel \u00e9 uma das mais delicadas para abordar com uma pessoa com Alzheimer. Dirigir representa muito mais do que um meio de transporte: \u00e9 um s\u00edmbolo de independ\u00eancia, liberdade e identidade. No entanto, a seguran\u00e7a de seu ente querido e a dos outros usu\u00e1rios da estrada \u00e0s vezes exige decis\u00f5es dif\u00edceis. Este guia o acompanha nesta transi\u00e7\u00e3o sens\u00edvel.<\/pee>\n<nav class=\"toc\">\n<div class=\"toc-title\">\ud83d\udccb Sum\u00e1rio<\/div>\n<ol>\n<li><a href=\"#enjeux\">Os desafios da condu\u00e7\u00e3o e Alzheimer<\/a><\/li>\n<li><a href=\"#signes\">Reconhecer os sinais de alerta<\/a><\/li>\n<li><a href=\"#evaluation\">Avalia\u00e7\u00e3o das capacidades<\/a><\/li>\n<li><a href=\"#conversation\">Abordar a conversa<\/a><\/li>\n<li><a href=\"#strategies\">Estrat\u00e9gias para facilitar a parada<\/a><\/li>\n<li><a href=\"#legal\">Aspectos legais e responsabilidades<\/a><\/li>\n<li><a href=\"#alternatives\">Alternativas ao carro<\/a><\/li>\n<li><a href=\"#apres\">Acompanhar ap\u00f3s a parada<\/a><\/li>\n<\/ol>\n<\/nav>\n<section id=\"enjeux\">\n<h2>\ud83c\udfaf Os desafios da condu\u00e7\u00e3o e Alzheimer<\/h2>\n<pee>Conduzir um autom\u00f3vel mobiliza muitas fun\u00e7\u00f5es cognitivas que s\u00e3o precisamente aquelas afetadas pela doen\u00e7a de Alzheimer: aten\u00e7\u00e3o dividida, tempo de rea\u00e7\u00e3o, julgamento, orienta\u00e7\u00e3o espacial, mem\u00f3ria procedimental&#8230;<\/pee>\n<div class=\"stats-section\">\n<div class=\"stats-grid\">\n<div class=\"stat-item\">\n<div class=\"stat-number\">50%<\/div>\n<div class=\"stat-label\">das pessoas com Alzheimer ainda dirigem no est\u00e1gio leve<\/div>\n<\/p><\/div>\n<div class=\"stat-item\">\n<div class=\"stat-number\">x2,5<\/div>\n<div class=\"stat-label\">risco de acidente multiplicado<\/div>\n<\/p><\/div>\n<div class=\"stat-item\">\n<div class=\"stat-number\">3 anos<\/div>\n<div class=\"stat-label\">tempo m\u00e9dio entre diagn\u00f3stico e parada<\/div>\n<\/p><\/div>\n<div class=\"stat-item\">\n<div class=\"stat-number\">76%<\/div>\n<div class=\"stat-label\">subestimam suas dificuldades<\/div>\n<\/p><\/div>\n<\/p><\/div>\n<\/p><\/div>\n<h3>Por que \u00e9 t\u00e3o dif\u00edcil<\/h3>\n<div class=\"feature-grid\">\n<div class=\"feature-card\">\n<div class=\"feature-icon\">\ud83c\udd93<\/div>\n<h4>Perda de liberdade<\/h4>\n<pee>Dirigir = ir onde quiser, quando quiser, sem depender de ningu\u00e9m<\/pee>\n                <\/div>\n<div class=\"feature-card\">\n<div class=\"feature-icon\">\ud83e\udeaa<\/div>\n<h4>Perda de identidade<\/h4>\n<pee>A carteira de motorista est\u00e1 muitas vezes ligada \u00e0 imagem de si, \u00e0 autonomia adulta<\/pee>\n                <\/div>\n<div class=\"feature-card\">\n<div class=\"feature-icon\">\ud83d\ude48<\/div>\n<h4>Nega\u00e7\u00e3o das dificuldades<\/h4>\n<pee>A anosognosia impede de ver suas pr\u00f3prias limita\u00e7\u00f5es<\/pee>\n                <\/div>\n<\/p><\/div>\n<h3>As capacidades necess\u00e1rias para dirigir<\/h3>\n<ul>\n<li><strong>Aten\u00e7\u00e3o dividida:<\/strong> Vigiar a estrada, os espelhos, os sinais simultaneamente<\/li>\n<li><strong>Tempo de rea\u00e7\u00e3o:<\/strong> Frear rapidamente diante de um perigo inesperado<\/li>\n<li><strong>Julgamento:<\/strong> Avaliar dist\u00e2ncias, velocidades, tomar decis\u00f5es<\/li>\n<li><strong>Orienta\u00e7\u00e3o espacial:<\/strong> Se orientar, seguir um itiner\u00e1rio<\/li>\n<li><strong>Mem\u00f3ria:<\/strong> Lembrar do c\u00f3digo de tr\u00e2nsito, do destino<\/li>\n<li><strong>Vis\u00e3o e percep\u00e7\u00e3o:<\/strong> Ver corretamente, interpretar o que se v\u00ea<\/li>\n<\/ul>\n<pee>Todas essas capacidades s\u00e3o progressivamente alteradas pela doen\u00e7a de Alzheimer, tornando a condu\u00e7\u00e3o perigosa muito antes que a pessoa perceba.<\/pee>\n        <\/section>\n<section id=\"signes\">\n<h2>\u26a0\ufe0f Reconhecer os sinais de alerta<\/h2>\n<pee>Certos sinais devem alertar sobre uma queda nas capacidades de dirigir com seguran\u00e7a. N\u00e3o os ignore, mesmo que seu ente querido minimize ou negue as dificuldades.<\/pee>\n<div class=\"warning-box\">\n<h4>\ud83d\udea8 Sinais que requerem parada imediata<\/h4>\n<ul>\n<li>Perder-se em trajetos habituais<\/li>\n<li>Acidentes recentes, mesmo pequenos (arranh\u00f5es, amassados)<\/li>\n<li>Multas m\u00faltiplas<\/li>\n<li>Confus\u00e3o entre o acelerador e o freio<\/li>\n<li>Incapacidade de respeitar sem\u00e1foros e placas<\/li>\n<li>Condu\u00e7\u00e3o na contram\u00e3o<\/li>\n<\/ul><\/div>\n<h3>Sinais de alerta a observar<\/h3>\n<ul>\n<li><strong>Navega\u00e7\u00e3o:<\/strong> Hesita\u00e7\u00f5es, erros de dire\u00e7\u00e3o, necessidade de GPS mesmo para trajetos conhecidos<\/li>\n<li><strong>Velocidade:<\/strong> Condu\u00e7\u00e3o muito lenta ou muito r\u00e1pida, dificuldades em adaptar sua velocidade<\/li>\n<li><strong>Aten\u00e7\u00e3o:<\/strong> Distra\u00e7\u00f5es frequentes, n\u00e3o ver pedestres ou outros ve\u00edculos<\/li>\n<li><strong>Manobras:<\/strong> Dificuldades ao estacionar, ao mudar de faixa<\/li>\n<li><strong>Rea\u00e7\u00f5es:<\/strong> Frenagem tardia, rea\u00e7\u00f5es inadequadas \u00e0s situa\u00e7\u00f5es<\/li>\n<li><strong>Estresse:<\/strong> Ansiedade crescente ao volante, evitar certas situa\u00e7\u00f5es (rodovia, noite)<\/li>\n<li><strong>Coment\u00e1rios:<\/strong> Familiares ou passageiros que expressam preocupa\u00e7\u00f5es<\/li>\n<\/ul>\n<div class=\"tip-box\">\n<h4>\ud83d\udca1 Observar discretamente<\/h4>\n<pee>Acompanhe seu ente querido em trajetos habituais e observe objetivamente a condu\u00e7\u00e3o dele. Anote as dificuldades constatadas. Essas observa\u00e7\u00f5es ser\u00e3o valiosas para a conversa futura e para o m\u00e9dico.<\/pee>\n            <\/div>\n<\/section>\n<section id=\"evaluation\">\n<h2>\ud83d\udd0d Avalia\u00e7\u00e3o das capacidades de condu\u00e7\u00e3o<\/h2>\n<pee>A avalia\u00e7\u00e3o objetiva das capacidades de condu\u00e7\u00e3o pode ser realizada por diferentes profissionais. Isso permite sair do conflito familiar e ter uma opini\u00e3o neutra e profissional.<\/pee>\n<h3>Quem pode avaliar?<\/h3>\n<ul>\n<li><strong>O m\u00e9dico de fam\u00edlia:<\/strong> Pode dar uma primeira opini\u00e3o e direcionar para um especialista<\/li>\n<li><strong>O neurologista ou geriatra:<\/strong> Avalia as fun\u00e7\u00f5es cognitivas relacionadas \u00e0 condu\u00e7\u00e3o<\/li>\n<li><strong>Os centros de avalia\u00e7\u00e3o:<\/strong> Alguns centros oferecem avalia\u00e7\u00f5es espec\u00edficas de aptid\u00e3o para a condu\u00e7\u00e3o<\/li>\n<li><strong>Autoescolas especializadas:<\/strong> Avalia\u00e7\u00e3o pr\u00e1tica com um instrutor formado<\/li>\n<\/ul>\n<h3>Testes de avalia\u00e7\u00e3o<\/h3>\n<ul>\n<li><strong>Testes cognitivos:<\/strong> Avaliam aten\u00e7\u00e3o, mem\u00f3ria, fun\u00e7\u00f5es executivas<\/li>\n<li><strong>Testes visuais:<\/strong> Acuidade, campo visual, sensibilidade a contrastes<\/li>\n<li><strong>Simuladores:<\/strong> Permitem testar as rea\u00e7\u00f5es sem risco real<\/li>\n<li><strong>Avalia\u00e7\u00e3o na estrada:<\/strong> Condu\u00e7\u00e3o acompanhada por um profissional<\/li>\n<\/ul>\n<div class=\"tip-box\">\n<h4>\ud83d\udca1 Incluir o m\u00e9dico<\/h4>\n<pee>O m\u00e9dico pode desempenhar um papel fundamental: sua autoridade m\u00e9dica \u00e9 geralmente mais aceita do que a da fam\u00edlia. Ele pode ser o &#8220;vil\u00e3o&#8221; que recomenda a parada, poupando-lhe o conflito direto com seu ente querido.<\/pee>\n            <\/div>\n<\/section>\n<section id=\"conversation\">\n<h2>\ud83d\udcac Abordar a conversa<\/h2>\n<pee>Esta conversa \u00e9 temida, mas n\u00e3o pode ser evitada. Bem preparada, pode ocorrer melhor do que voc\u00ea imagina.<\/pee>\n<h3>Escolher o momento certo<\/h3>\n<ul>\n<li><strong>Calmo e descansado:<\/strong> Evitar momentos de fadiga ou agita\u00e7\u00e3o<\/li>\n<li><strong>Em privado:<\/strong> N\u00e3o na frente de outras pessoas que poderiam ser vistas como &#8220;aliados&#8221;<\/li>\n<li><strong>Ap\u00f3s um incidente:<\/strong> Uma colis\u00e3o ou susto pode abrir a discuss\u00e3o<\/li>\n<li><strong>N\u00e3o no carro:<\/strong> Terreno neutro, n\u00e3o associado ao conflito<\/li>\n<\/ul>\n<h3>O que dizer (e n\u00e3o dizer)<\/h3>\n<ul>\n<li><strong>Come\u00e7ar pelas preocupa\u00e7\u00f5es:<\/strong> &#8220;Estou preocupado com sua seguran\u00e7a&#8221; em vez de &#8220;Voc\u00ea dirige mal&#8221;<\/li>\n<li><strong>Falar sobre si:<\/strong> &#8220;Tenho medo quando voc\u00ea dirige&#8221; em vez de &#8220;Voc\u00ea \u00e9 perigoso&#8221;<\/li>\n<li><strong>Referir-se aos fatos:<\/strong> &#8220;A colis\u00e3o da semana passada me preocupou muito&#8221;<\/li>\n<li><strong>Incluir o m\u00e9dico:<\/strong> &#8220;O Dr. Martin acha que seria prudente parar&#8221;<\/li>\n<li><strong>Propor alternativas:<\/strong> Mostrar que a mobilidade ainda ser\u00e1 poss\u00edvel de outras formas<\/li>\n<\/ul>\n<h3>Respostas \u00e0s obje\u00e7\u00f5es comuns<\/h3>\n<blockquote><pee>&#8220;Dirijo h\u00e1 50 anos, sei o que estou fazendo!&#8221;<\/pee>\n                <cite>Resposta: &#8220;Eu sei que voc\u00ea \u00e9 um excelente motorista. Mas o m\u00e9dico diz que a doen\u00e7a pode pregar pe\u00e7as at\u00e9 nos melhores motoristas. N\u00e3o \u00e9 culpa sua.&#8221;<\/cite>\n            <\/p><\/blockquote>\n<blockquote><pee>&#8220;Se eu n\u00e3o dirigir mais, estou condenado a um asilo!&#8221;<\/pee>\n                <cite>Resposta: &#8220;De forma alguma! Vamos nos organizar para que voc\u00ea possa continuar indo aonde deseja. Eu estarei aqui, e encontraremos outras solu\u00e7\u00f5es tamb\u00e9m.&#8221;<\/cite>\n            <\/p><\/blockquote>\n<\/section>\n<section id=\"strategies\">\n<h2>\ud83c\udfaf Estrat\u00e9gias para facilitar a parada<\/h2>\n<pee>Se a conversa direta falhar, outras estrat\u00e9gias podem ajudar a obter a parada da condu\u00e7\u00e3o sem um confronto maior.<\/pee>\n<h3>Estrat\u00e9gias indiretas<\/h3>\n<ul>\n<li><strong>Esconder as chaves:<\/strong> Dizer que est\u00e3o perdidas, comprar outras que voc\u00ea guarda<\/li>\n<li><strong>Problema mec\u00e2nico:<\/strong> O carro est\u00e1 &#8220;quebrado&#8221; ou &#8220;na oficina&#8221;<\/li>\n<li><strong>Vender o carro:<\/strong> Sem carro = sem tenta\u00e7\u00e3o<\/li>\n<li><strong>Desconectar a bateria:<\/strong> O carro n\u00e3o liga<\/li>\n<li><strong>Mover o carro:<\/strong> Fora de vista, na casa de um vizinho, por exemplo<\/li>\n<\/ul>\n<h3>Incluir as autoridades<\/h3>\n<ul>\n<li><strong>Sinaliza\u00e7\u00e3o ao prefeito:<\/strong> O m\u00e9dico pode sinalizar a incapacidade (com ou sem o consentimento do paciente)<\/li>\n<li><strong>Comiss\u00e3o m\u00e9dica:<\/strong> Pode convocar a pessoa para uma visita de aptid\u00e3o<\/li>\n<li><strong>Retirada da carteira:<\/strong> Solu\u00e7\u00e3o radical que remove a escolha, mas tamb\u00e9m o conflito familiar<\/li>\n<\/ul>\n<div class=\"legal-box\">\n<h4>\u2696\ufe0f O m\u00e9dico pode alertar<\/h4>\n<pee>Desde 2022, o m\u00e9dico pode sinalizar ao prefeito um paciente cujo estado de sa\u00fade \u00e9 incompat\u00edvel com a manuten\u00e7\u00e3o da carteira de motorista, mesmo sem o consentimento do paciente. N\u00e3o h\u00e1 quebra do sigilo m\u00e9dico neste caso.<\/pee>\n            <\/div>\n<\/section>\n<section id=\"legal\">\n<h2>\u2696\ufe0f Aspectos legais e responsabilidades<\/h2>\n<pee>A quest\u00e3o da condu\u00e7\u00e3o com Alzheimer levanta quest\u00f5es jur\u00eddicas importantes que devem ser conhecidas.<\/pee>\n<h3>Responsabilidades em caso de acidente<\/h3>\n<ul>\n<li><strong>Responsabilidade penal:<\/strong> A pessoa continua respons\u00e1vel penalmente por seus atos ao volante<\/li>\n<li><strong>Seguro:<\/strong> Alguns contratos excluem coberturas se o motorista tinha uma patologia conhecida que alterava suas capacidades<\/li>\n<li><strong>Responsabilidade dos entes queridos:<\/strong> Os cuidadores podem ser responsabilizados se permitirem a condu\u00e7\u00e3o sabendo disso<\/li>\n<\/ul>\n<h3>A carteira de motorista<\/h3>\n<ul>\n<li><strong>Declara\u00e7\u00e3o:<\/strong> O motorista deve declarar qualquer doen\u00e7a que afete sua capacidade<\/li>\n<li><strong>Visita m\u00e9dica:<\/strong> Pode ser solicitada pelo prefeito a qualquer momento<\/li>\n<li><strong>Suspens\u00e3o\/cancelamento:<\/strong> Pode ser pronunciada por motivo m\u00e9dico<\/li>\n<\/ul>\n<div class=\"warning-box\">\n<h4>\u26a0\ufe0f Riscos financeiros e jur\u00eddicos<\/h4>\n<pee>Em caso de acidente grave, se a doen\u00e7a era conhecida e a pessoa ainda dirigia, as consequ\u00eancias podem ser graves: n\u00e3o cobertura pelo seguro, processos judiciais, responsabilidade civil ativada para os entes queridos que poderiam ter impedido a condu\u00e7\u00e3o.<\/pee>\n            <\/div>\n<\/section>\n<section id=\"alternatives\">\n<h2>\ud83d\ude8c Alternativas \u00e0 condu\u00e7\u00e3o<\/h2>\n<pee>Parar a condu\u00e7\u00e3o n\u00e3o significa o fim da mobilidade. Existem muitas alternativas para manter a autonomia de deslocamento.<\/pee>\n<div class=\"feature-grid\">\n<div class=\"feature-card\">\n<div class=\"feature-icon\">\ud83d\udc68\u200d\ud83d\udc69\u200d\ud83d\udc67<\/div>\n<h4>Fam\u00edlia e amigos<\/h4>\n<pee>Organizar revezamentos para trajetos regulares<\/pee>\n                <\/div>\n<div class=\"feature-card\">\n<div class=\"feature-icon\">\ud83d\ude95<\/div>\n<h4>T\u00e1xi e VTC<\/h4>\n<pee>Pr\u00e9-pagar corridas, criar uma conta<\/pee>\n                <\/div>\n<div class=\"feature-card\">\n<div class=\"feature-icon\">\ud83d\ude90<\/div>\n<h4>Transporte adaptado<\/h4>\n<pee>Servi\u00e7os de transporte para pessoas com mobilidade reduzida<\/pee>\n                <\/div>\n<\/p><\/div>\n<h3>Solu\u00e7\u00f5es a explorar<\/h3>\n<ul>\n<li><strong>Transporte p\u00fablico:<\/strong> Se ainda for utiliz\u00e1vel com acompanhamento inicial<\/li>\n<li><strong>Servi\u00e7os de transporte m\u00e9dico:<\/strong> Para consultas m\u00e9dicas<\/li>\n<li><strong>Volunt\u00e1rios:<\/strong> Associa\u00e7\u00f5es que oferecem acompanhamento<\/li>\n<li><strong>Entrega:<\/strong> Compras, medicamentos, refei\u00e7\u00f5es entregues em casa<\/li>\n<li><strong>Mudan\u00e7a:<\/strong> Aproximar-se do com\u00e9rcio e servi\u00e7os, se poss\u00edvel<\/li>\n<\/ul>\n<div class=\"tip-box\">\n<h4>\ud83d\udca1 Or\u00e7amento de transporte<\/h4>\n<pee>Calcule quanto custava o carro (seguro, combust\u00edvel, manuten\u00e7\u00e3o, estacionamento) e mostre que este or\u00e7amento pode financiar muitas corridas de t\u00e1xi ou VTC. O argumento financeiro pode ser convincente.<\/pee>\n            <\/div>\n<\/section>\n<section id=\"apres\">\n<h2>\ud83e\udd1d Acompanhar ap\u00f3s a parada<\/h2>\n<pee>Parar de dirigir \u00e9 um luto. \u00c9 preciso acompanh\u00e1-lo com empatia e propor novas fontes de satisfa\u00e7\u00e3o para compensar essa perda.<\/pee>\n<h3>Reconhecer o luto<\/h3>\n<ul>\n<li><strong>Ouvir:<\/strong> Permitir que a tristeza, a raiva, a frustra\u00e7\u00e3o sejam expressas<\/li>\n<li><strong>Validar:<\/strong> &#8220;Entendo que seja dif\u00edcil, \u00e9 uma grande perda&#8221;<\/li>\n<li><strong>N\u00e3o minimizar:<\/strong> &#8220;N\u00e3o \u00e9 t\u00e3o grave&#8221; seria ofensivo<\/li>\n<li><strong>Paci\u00eancia:<\/strong> A aceita\u00e7\u00e3o leva tempo<\/li>\n<\/ul>\n<h3>Compensar a perda de autonomia<\/h3>\n<ul>\n<li><strong>Manter as sa\u00eddas:<\/strong> Continuar as atividades habituais, mesmo acompanhado<\/li>\n<li><strong>Novas atividades:<\/strong> Propor ocupa\u00e7\u00f5es gratificantes<\/li>\n<li><strong>Manter o contato social:<\/strong> Evitar o isolamento que pode seguir a parada da condu\u00e7\u00e3o<\/li>\n<li><strong>Estimula\u00e7\u00e3o cognitiva:<\/strong> Atividades como EDITH mant\u00eam as capacidades<\/li>\n<\/ul>\n<\/section>\n<div class=\"product-highlight\">\n<h4>\ud83d\udcda Capacite-se para melhor acompanhar<\/h4>\n<pee>Nosso curso sobre Alzheimer ajuda voc\u00ea a gerenciar todas essas situa\u00e7\u00f5es delicadas com cuidado e efic\u00e1cia.<\/pee>\n            <a href=\"https:\/\/www.dynseo.com\/pt-pt\/courses\/alzheimer-comprendre-la-maladie-et-trouver-des-solutions-pour-le-quotidien\/\"><br \/>\n                <img decoding=\"async\" src=\"https:\/\/www.dynseo.com\/pt-pt\/wp-content\/uploads\/2025\/09\/Alzheimer-_-comprendre-la-maladie-et-trouver-des-solutions-pour-le-quotidien.png\" alt=\"Forma\u00e7\u00e3o Alzheimer DYNSEO\"><br \/>\n            <\/a>\n            <pee style=\"text-align: center; margin-top: 20px;\"><a href=\"https:\/\/www.dynseo.com\/pt-pt\/courses\/alzheimer-comprendre-la-maladie-et-trouver-des-solutions-pour-le-quotidien\/\" class=\"cta-button\">Descubra a forma\u00e7\u00e3o \u2192<\/a><\/pee>\n        <\/div>\n<div class=\"product-highlight\">\n<h4>\ud83c\udfae EDITH: manter a autonomia de outra forma<\/h4>\n<pee>Mesmo que dirigir n\u00e3o seja mais poss\u00edvel, manter as capacidades cognitivas com a EDITH permite preservar outras formas de autonomia pelo maior tempo poss\u00edvel.<\/pee>\n            <a href=\"https:\/\/www.dynseo.com\/pt-pt\/o-programa-dos-treinadores\/carmen\/\"><br \/>\n                <img decoding=\"async\" src=\"https:\/\/www.dynseo.com\/pt-pt\/wp-content\/uploads\/2025\/10\/EDITH-FR-1.png\" alt=\"Programa EDITH - Jogos de mem\u00f3ria para idosos\"><br \/>\n            <\/a>\n            <pee style=\"text-align: center; margin-top: 20px;\"><a href=\"https:\/\/www.dynseo.com\/pt-pt\/o-programa-dos-treinadores\/carmen\/\" class=\"cta-button\">Descubra a EDITH \u2192<\/a><\/pee>\n        <\/div>\n<div class=\"product-highlight\">\n<h4>\ud83d\udcd6 Nosso guia completo de acompanhamento<\/h4>\n<p>            <a href=\"https:\/\/www.dynseo.com\/pt-pt\/accompagner-les-personnes-alzheimer\/\"><br \/>\n                <img decoding=\"async\" src=\"https:\/\/www.dynseo.com\/pt-pt\/wp-content\/uploads\/2022\/01\/Accompagner-les-personnes-Alzheimer.jpg\" alt=\"Guia acompanhar pessoas com Alzheimer\"><br \/>\n            <\/a>\n            <pee style=\"text-align: center; margin-top: 20px;\"><a href=\"https:\/\/www.dynseo.com\/pt-pt\/accompagner-les-personnes-alzheimer\/\" class=\"cta-button\">Baixar o guia \u2192<\/a><\/pee>\n        <\/div>\n<div class=\"conclusion\">\n<h2>\ud83c\udfaf Conclus\u00e3o: Seguran\u00e7a e dignidade<\/h2>\n<pee>Parar de dirigir \u00e9 uma das decis\u00f5es mais dif\u00edceis de tomar e aceitar. Mas \u00e9 uma quest\u00e3o de seguran\u00e7a &#8211; para seu ente querido e para outros usu\u00e1rios da estrada.<\/pee>\n            <pee>Aborde essa transi\u00e7\u00e3o com empatia, compreendendo o que essa perda representa. Envolva o m\u00e9dico para uma opini\u00e3o externa e neutra. Proponha alternativas concretas para manter a mobilidade. E acompanhe o luto com paci\u00eancia e carinho.<\/pee>\n            <pee>N\u00e3o espere por um acidente grave para agir. Os sinais de alerta devem ser levados a s\u00e9rio, mesmo que seu ente querido negue as dificuldades. Seu papel \u00e9 proteg\u00ea-lo, \u00e0s vezes apesar de si mesmo.<\/pee>\n            <pee style=\"text-align: center; margin-top: 30px;\"><strong>A seguran\u00e7a n\u00e3o \u00e9 negoci\u00e1vel.<!\u2013- [et_pb_br_holder] -\u2013>A autonomia pode ter outras formas al\u00e9m do volante.<\/strong><\/pee>\n        <\/div>\n<\/p><\/div>\n<p><\/main><\/p>\n<footer class=\"article-footer\">\n<div class=\"container\">\n        <pee>Artigo redigido pela equipe <strong>DYNSEO<\/strong>, especialista em acompanhamento de pessoas com dist\u00farbios cognitivos.<\/pee>\n<div class=\"footer-links\">\n            <a href=\"https:\/\/www.dynseo.com\/pt-pt\/o-programa-dos-treinadores\/carmen\/\">Programa EDITH<\/a><br \/>\n            <a href=\"https:\/\/www.dynseo.com\/pt-pt\/courses\/alzheimer-comprendre-la-maladie-et-trouver-des-solutions-pour-le-quotidien\/\">Forma\u00e7\u00e3o Alzheimer<\/a><br \/>\n            <a href=\"https:\/\/www.dynseo.com\/pt-pt\/accompagner-les-personnes-alzheimer\/\">Guia Acompanhamento<\/a><br \/>\n            <a href=\"https:\/\/www.dynseo.com\/pt-pt\/\">DYNSEO<\/a>\n        <\/div>\n<\/p><\/div>\n<\/footer>\n<\/div>\n<p>[\/et_pb_code][\/et_pb_column][\/et_pb_row][\/et_pb_section]<\/p>\n<p>[et_pb_code]<script type=\"application\/ld+json\">{\"@context\":\"https:\/\/schema.org\",\"@type\":\"FAQPage\",\"mainEntity\":[{\"@type\":\"Question\",\"name\":\"Quais s\u00e3o os principais desafios da condu\u00e7\u00e3o para pessoas com Alzheimer?\",\"acceptedAnswer\":{\"@type\":\"Answer\",\"text\":\"A condu\u00e7\u00e3o mobiliza muitas fun\u00e7\u00f5es cognitivas que s\u00e3o precisamente as afetadas pelo Alzheimer: aten\u00e7\u00e3o dividida, tempo de rea\u00e7\u00e3o, julgamento, orienta\u00e7\u00e3o espacial e mem\u00f3ria procedimental. Estatisticamente, 50% das pessoas com Alzheimer ainda dirigem no est\u00e1gio leve, mas o risco de acidente \u00e9 multiplicado por 2,5 vezes.\"}},{\"@type\":\"Question\",\"name\":\"Por que \u00e9 t\u00e3o dif\u00edcil para as pessoas com Alzheimer pararem de dirigir?\",\"acceptedAnswer\":{\"@type\":\"Answer\",\"text\":\"\u00c9 dif\u00edcil porque dirigir representa muito mais que um meio de transporte. H\u00e1 tr\u00eas aspectos principais: perda de liberdade (poder ir onde quiser, quando quiser, sem depender de ningu\u00e9m), perda de identidade (a carteira de motorista est\u00e1 ligada \u00e0 imagem de si e \u00e0 autonomia adulta) e nega\u00e7\u00e3o das dificuldades.\"}},{\"@type\":\"Question\",\"name\":\"Quanto tempo em m\u00e9dia passa entre o diagn\u00f3stico de Alzheimer e a parada da condu\u00e7\u00e3o?\",\"acceptedAnswer\":{\"@type\":\"Answer\",\"text\":\"O tempo m\u00e9dio entre o diagn\u00f3stico de Alzheimer e a parada da condu\u00e7\u00e3o \u00e9 de 3 anos. Durante este per\u00edodo, \u00e9 importante estar atento aos sinais de alerta e fazer uma avalia\u00e7\u00e3o regular das capacidades de condu\u00e7\u00e3o da pessoa.\"}},{\"@type\":\"Question\",\"name\":\"Qual percentagem de pessoas com Alzheimer subestima suas dificuldades de condu\u00e7\u00e3o?\",\"acceptedAnswer\":{\"@type\":\"Answer\",\"text\":\"76% das pessoas com Alzheimer subestimam suas dificuldades de condu\u00e7\u00e3o. Esta subestima\u00e7\u00e3o das pr\u00f3prias capacidades \u00e9 um dos principais desafios, pois pode levar a situa\u00e7\u00f5es de risco tanto para o condutor quanto para outros usu\u00e1rios da estrada.\"}},{\"@type\":\"Question\",\"name\":\"Como abordar a delicada conversa sobre parar de dirigir com algu\u00e9m com Alzheimer?\",\"acceptedAnswer\":{\"@type\":\"Answer\",\"text\":\"Abordar este tema requer sensibilidade e estrat\u00e9gia. \u00c9 importante reconhecer que se trata de uma grande perda de autonomia e que a pessoa pode estar em nega\u00e7\u00e3o. A conversa deve ser feita com calma, focando na seguran\u00e7a, e \u00e9 essencial ter alternativas de transporte para propor antes de sugerir a parada.\"}},{\"@type\":\"Question\",\"name\":\"Quais s\u00e3o os principais sinais de alerta que indicam que uma pessoa com Alzheimer deve parar de dirigir?\",\"acceptedAnswer\":{\"@type\":\"Answer\",\"text\":\"Os sinais de alerta incluem dificuldades de orienta\u00e7\u00e3o espacial, tempos de rea\u00e7\u00e3o mais lentos, problemas de aten\u00e7\u00e3o dividida, julgamento comprometido e dificuldades com a mem\u00f3ria procedimental. \u00c9 importante fazer uma avalia\u00e7\u00e3o regular das capacidades e estar atento a mudan\u00e7as no comportamento ao volante.\"}}]}<\/script>[\/et_pb_code]<\/p>\n","protected":false},"excerpt":{"rendered":"","protected":false},"author":4,"featured_media":361459,"comment_status":"closed","ping_status":"closed","sticky":false,"template":"","format":"standard","meta":{"_et_pb_use_builder":"on","_et_pb_old_content":"","_et_gb_content_width":"","footnotes":""},"categories":[2993],"tags":[],"class_list":["post-489796","post","type-post","status-publish","format-standard","has-post-thumbnail","hentry","category-2993"],"yoast_head":"<!-- This site is optimized with the Yoast SEO plugin v27.4 - https:\/\/yoast.com\/product\/yoast-seo-wordpress\/ -->\n<title>Alzheimer et Conduite Automobile : Quand et Comment Arr\u00eater en Toute S\u00e9curit\u00e9 - DYNSEO - Aplica\u00e7\u00f5es educativas e jogos de mem\u00f3ria<\/title>\n<meta name=\"robots\" content=\"index, follow, max-snippet:-1, max-image-preview:large, max-video-preview:-1\" \/>\n<link rel=\"canonical\" href=\"https:\/\/www.dynseo.com\/pt-pt\/alzheimer-et-conduite-automobile-quand-et-comment-arreter-en-toute-securite-2\/\" \/>\n<meta property=\"og:locale\" content=\"pt_PT\" \/>\n<meta property=\"og:type\" content=\"article\" \/>\n<meta property=\"og:title\" content=\"Alzheimer et Conduite Automobile : Quand et Comment Arr\u00eater en Toute S\u00e9curit\u00e9 - DYNSEO - Aplica\u00e7\u00f5es educativas e jogos de mem\u00f3ria\" \/>\n<meta property=\"og:url\" content=\"https:\/\/www.dynseo.com\/pt-pt\/alzheimer-et-conduite-automobile-quand-et-comment-arreter-en-toute-securite-2\/\" \/>\n<meta property=\"og:site_name\" content=\"DYNSEO - Aplica\u00e7\u00f5es educativas e jogos de mem\u00f3ria\" \/>\n<meta property=\"article:published_time\" content=\"2026-01-25T14:32:19+00:00\" \/>\n<meta property=\"article:modified_time\" content=\"2026-01-28T10:47:14+00:00\" \/>\n<meta property=\"og:image\" content=\"https:\/\/www.dynseo.com\/wp-content\/uploads\/2024\/01\/memory-seniors-alzheimer-work-on-your-memory.png\" \/>\n\t<meta property=\"og:image:width\" content=\"776\" \/>\n\t<meta property=\"og:image:height\" content=\"784\" \/>\n\t<meta property=\"og:image:type\" content=\"image\/png\" \/>\n<meta name=\"author\" content=\"DYNSEO\" \/>\n<meta name=\"twitter:label1\" content=\"Escrito por\" \/>\n\t<meta name=\"twitter:data1\" content=\"DYNSEO\" \/>\n\t<meta name=\"twitter:label2\" content=\"Tempo estimado de leitura\" \/>\n\t<meta name=\"twitter:data2\" content=\"9 minutos\" \/>\n<script type=\"application\/ld+json\" class=\"yoast-schema-graph\">{\"@context\":\"https:\\\/\\\/schema.org\",\"@graph\":[{\"@type\":\"Article\",\"@id\":\"https:\\\/\\\/www.dynseo.com\\\/pt-pt\\\/alzheimer-et-conduite-automobile-quand-et-comment-arreter-en-toute-securite-2\\\/#article\",\"isPartOf\":{\"@id\":\"https:\\\/\\\/www.dynseo.com\\\/pt-pt\\\/alzheimer-et-conduite-automobile-quand-et-comment-arreter-en-toute-securite-2\\\/\"},\"author\":{\"name\":\"DYNSEO\",\"@id\":\"https:\\\/\\\/www.dynseo.com\\\/pt-pt\\\/#\\\/schema\\\/person\\\/78ef63df2ee64e0989bc68f8401b38d6\"},\"headline\":\"Alzheimer et Conduite Automobile : Quand et Comment Arr\u00eater en Toute S\u00e9curit\u00e9\",\"datePublished\":\"2026-01-25T14:32:19+00:00\",\"dateModified\":\"2026-01-28T10:47:14+00:00\",\"mainEntityOfPage\":{\"@id\":\"https:\\\/\\\/www.dynseo.com\\\/pt-pt\\\/alzheimer-et-conduite-automobile-quand-et-comment-arreter-en-toute-securite-2\\\/\"},\"wordCount\":1873,\"publisher\":{\"@id\":\"https:\\\/\\\/www.dynseo.com\\\/pt-pt\\\/#organization\"},\"image\":{\"@id\":\"https:\\\/\\\/www.dynseo.com\\\/pt-pt\\\/alzheimer-et-conduite-automobile-quand-et-comment-arreter-en-toute-securite-2\\\/#primaryimage\"},\"thumbnailUrl\":\"https:\\\/\\\/www.dynseo.com\\\/wp-content\\\/uploads\\\/2024\\\/01\\\/memory-seniors-alzheimer-work-on-your-memory.png\",\"articleSection\":[\"\u672a\u5206\u7c7b - unclassified\"],\"inLanguage\":\"pt-PT\"},{\"@type\":\"WebPage\",\"@id\":\"https:\\\/\\\/www.dynseo.com\\\/pt-pt\\\/alzheimer-et-conduite-automobile-quand-et-comment-arreter-en-toute-securite-2\\\/\",\"url\":\"https:\\\/\\\/www.dynseo.com\\\/pt-pt\\\/alzheimer-et-conduite-automobile-quand-et-comment-arreter-en-toute-securite-2\\\/\",\"name\":\"Alzheimer et Conduite Automobile : Quand et Comment Arr\u00eater en Toute S\u00e9curit\u00e9 - DYNSEO - Aplica\u00e7\u00f5es educativas e jogos de mem\u00f3ria\",\"isPartOf\":{\"@id\":\"https:\\\/\\\/www.dynseo.com\\\/pt-pt\\\/#website\"},\"primaryImageOfPage\":{\"@id\":\"https:\\\/\\\/www.dynseo.com\\\/pt-pt\\\/alzheimer-et-conduite-automobile-quand-et-comment-arreter-en-toute-securite-2\\\/#primaryimage\"},\"image\":{\"@id\":\"https:\\\/\\\/www.dynseo.com\\\/pt-pt\\\/alzheimer-et-conduite-automobile-quand-et-comment-arreter-en-toute-securite-2\\\/#primaryimage\"},\"thumbnailUrl\":\"https:\\\/\\\/www.dynseo.com\\\/wp-content\\\/uploads\\\/2024\\\/01\\\/memory-seniors-alzheimer-work-on-your-memory.png\",\"datePublished\":\"2026-01-25T14:32:19+00:00\",\"dateModified\":\"2026-01-28T10:47:14+00:00\",\"breadcrumb\":{\"@id\":\"https:\\\/\\\/www.dynseo.com\\\/pt-pt\\\/alzheimer-et-conduite-automobile-quand-et-comment-arreter-en-toute-securite-2\\\/#breadcrumb\"},\"inLanguage\":\"pt-PT\",\"potentialAction\":[{\"@type\":\"ReadAction\",\"target\":[\"https:\\\/\\\/www.dynseo.com\\\/pt-pt\\\/alzheimer-et-conduite-automobile-quand-et-comment-arreter-en-toute-securite-2\\\/\"]}]},{\"@type\":\"ImageObject\",\"inLanguage\":\"pt-PT\",\"@id\":\"https:\\\/\\\/www.dynseo.com\\\/pt-pt\\\/alzheimer-et-conduite-automobile-quand-et-comment-arreter-en-toute-securite-2\\\/#primaryimage\",\"url\":\"https:\\\/\\\/www.dynseo.com\\\/wp-content\\\/uploads\\\/2024\\\/01\\\/memory-seniors-alzheimer-work-on-your-memory.png\",\"contentUrl\":\"https:\\\/\\\/www.dynseo.com\\\/wp-content\\\/uploads\\\/2024\\\/01\\\/memory-seniors-alzheimer-work-on-your-memory.png\",\"width\":776,\"height\":784,\"caption\":\"Mantenha a mente ativa com a DYNSEO\"},{\"@type\":\"BreadcrumbList\",\"@id\":\"https:\\\/\\\/www.dynseo.com\\\/pt-pt\\\/alzheimer-et-conduite-automobile-quand-et-comment-arreter-en-toute-securite-2\\\/#breadcrumb\",\"itemListElement\":[{\"@type\":\"ListItem\",\"position\":1,\"name\":\"Accueil\",\"item\":\"https:\\\/\\\/www.dynseo.com\\\/pt-pt\\\/\"},{\"@type\":\"ListItem\",\"position\":2,\"name\":\"Alzheimer et Conduite Automobile : Quand et Comment Arr\u00eater en Toute S\u00e9curit\u00e9\"}]},{\"@type\":\"WebSite\",\"@id\":\"https:\\\/\\\/www.dynseo.com\\\/pt-pt\\\/#website\",\"url\":\"https:\\\/\\\/www.dynseo.com\\\/pt-pt\\\/\",\"name\":\"Jeux de m\u00e9moire et stimulation cognitive\",\"description\":\"Entra\u00eenez votre m\u00e9moire et votre cerveau avec DYNSEO\",\"publisher\":{\"@id\":\"https:\\\/\\\/www.dynseo.com\\\/pt-pt\\\/#organization\"},\"potentialAction\":[{\"@type\":\"SearchAction\",\"target\":{\"@type\":\"EntryPoint\",\"urlTemplate\":\"https:\\\/\\\/www.dynseo.com\\\/pt-pt\\\/?s={search_term_string}\"},\"query-input\":{\"@type\":\"PropertyValueSpecification\",\"valueRequired\":true,\"valueName\":\"search_term_string\"}}],\"inLanguage\":\"pt-PT\"},{\"@type\":\"Organization\",\"@id\":\"https:\\\/\\\/www.dynseo.com\\\/pt-pt\\\/#organization\",\"name\":\"DYNSEO\",\"url\":\"https:\\\/\\\/www.dynseo.com\\\/pt-pt\\\/\",\"logo\":{\"@type\":\"ImageObject\",\"inLanguage\":\"pt-PT\",\"@id\":\"https:\\\/\\\/www.dynseo.com\\\/pt-pt\\\/#\\\/schema\\\/logo\\\/image\\\/\",\"url\":\"https:\\\/\\\/www.dynseo.com\\\/wp-content\\\/uploads\\\/2022\\\/05\\\/logo-dynseo-new.png\",\"contentUrl\":\"https:\\\/\\\/www.dynseo.com\\\/wp-content\\\/uploads\\\/2022\\\/05\\\/logo-dynseo-new.png\",\"width\":5073,\"height\":1397,\"caption\":\"DYNSEO\"},\"image\":{\"@id\":\"https:\\\/\\\/www.dynseo.com\\\/pt-pt\\\/#\\\/schema\\\/logo\\\/image\\\/\"}},{\"@type\":\"Person\",\"@id\":\"https:\\\/\\\/www.dynseo.com\\\/pt-pt\\\/#\\\/schema\\\/person\\\/78ef63df2ee64e0989bc68f8401b38d6\",\"name\":\"DYNSEO\",\"url\":\"https:\\\/\\\/www.dynseo.com\\\/pt-pt\\\/author\\\/justine\\\/\"}]}<\/script>\n<!-- \/ Yoast SEO plugin. -->","yoast_head_json":{"title":"Alzheimer et Conduite Automobile : Quand et Comment Arr\u00eater en Toute S\u00e9curit\u00e9 - DYNSEO - Aplica\u00e7\u00f5es educativas e jogos de mem\u00f3ria","robots":{"index":"index","follow":"follow","max-snippet":"max-snippet:-1","max-image-preview":"max-image-preview:large","max-video-preview":"max-video-preview:-1"},"canonical":"https:\/\/www.dynseo.com\/pt-pt\/alzheimer-et-conduite-automobile-quand-et-comment-arreter-en-toute-securite-2\/","og_locale":"pt_PT","og_type":"article","og_title":"Alzheimer et Conduite Automobile : Quand et Comment Arr\u00eater en Toute S\u00e9curit\u00e9 - DYNSEO - Aplica\u00e7\u00f5es educativas e jogos de mem\u00f3ria","og_url":"https:\/\/www.dynseo.com\/pt-pt\/alzheimer-et-conduite-automobile-quand-et-comment-arreter-en-toute-securite-2\/","og_site_name":"DYNSEO - Aplica\u00e7\u00f5es educativas e jogos de mem\u00f3ria","article_published_time":"2026-01-25T14:32:19+00:00","article_modified_time":"2026-01-28T10:47:14+00:00","og_image":[{"width":776,"height":784,"url":"https:\/\/www.dynseo.com\/wp-content\/uploads\/2024\/01\/memory-seniors-alzheimer-work-on-your-memory.png","type":"image\/png"}],"author":"DYNSEO","twitter_misc":{"Escrito por":"DYNSEO","Tempo estimado de leitura":"9 minutos"},"schema":{"@context":"https:\/\/schema.org","@graph":[{"@type":"Article","@id":"https:\/\/www.dynseo.com\/pt-pt\/alzheimer-et-conduite-automobile-quand-et-comment-arreter-en-toute-securite-2\/#article","isPartOf":{"@id":"https:\/\/www.dynseo.com\/pt-pt\/alzheimer-et-conduite-automobile-quand-et-comment-arreter-en-toute-securite-2\/"},"author":{"name":"DYNSEO","@id":"https:\/\/www.dynseo.com\/pt-pt\/#\/schema\/person\/78ef63df2ee64e0989bc68f8401b38d6"},"headline":"Alzheimer et Conduite Automobile : Quand et Comment Arr\u00eater en Toute S\u00e9curit\u00e9","datePublished":"2026-01-25T14:32:19+00:00","dateModified":"2026-01-28T10:47:14+00:00","mainEntityOfPage":{"@id":"https:\/\/www.dynseo.com\/pt-pt\/alzheimer-et-conduite-automobile-quand-et-comment-arreter-en-toute-securite-2\/"},"wordCount":1873,"publisher":{"@id":"https:\/\/www.dynseo.com\/pt-pt\/#organization"},"image":{"@id":"https:\/\/www.dynseo.com\/pt-pt\/alzheimer-et-conduite-automobile-quand-et-comment-arreter-en-toute-securite-2\/#primaryimage"},"thumbnailUrl":"https:\/\/www.dynseo.com\/wp-content\/uploads\/2024\/01\/memory-seniors-alzheimer-work-on-your-memory.png","articleSection":["\u672a\u5206\u7c7b - unclassified"],"inLanguage":"pt-PT"},{"@type":"WebPage","@id":"https:\/\/www.dynseo.com\/pt-pt\/alzheimer-et-conduite-automobile-quand-et-comment-arreter-en-toute-securite-2\/","url":"https:\/\/www.dynseo.com\/pt-pt\/alzheimer-et-conduite-automobile-quand-et-comment-arreter-en-toute-securite-2\/","name":"Alzheimer et Conduite Automobile : Quand et Comment Arr\u00eater en Toute S\u00e9curit\u00e9 - DYNSEO - Aplica\u00e7\u00f5es educativas e jogos de mem\u00f3ria","isPartOf":{"@id":"https:\/\/www.dynseo.com\/pt-pt\/#website"},"primaryImageOfPage":{"@id":"https:\/\/www.dynseo.com\/pt-pt\/alzheimer-et-conduite-automobile-quand-et-comment-arreter-en-toute-securite-2\/#primaryimage"},"image":{"@id":"https:\/\/www.dynseo.com\/pt-pt\/alzheimer-et-conduite-automobile-quand-et-comment-arreter-en-toute-securite-2\/#primaryimage"},"thumbnailUrl":"https:\/\/www.dynseo.com\/wp-content\/uploads\/2024\/01\/memory-seniors-alzheimer-work-on-your-memory.png","datePublished":"2026-01-25T14:32:19+00:00","dateModified":"2026-01-28T10:47:14+00:00","breadcrumb":{"@id":"https:\/\/www.dynseo.com\/pt-pt\/alzheimer-et-conduite-automobile-quand-et-comment-arreter-en-toute-securite-2\/#breadcrumb"},"inLanguage":"pt-PT","potentialAction":[{"@type":"ReadAction","target":["https:\/\/www.dynseo.com\/pt-pt\/alzheimer-et-conduite-automobile-quand-et-comment-arreter-en-toute-securite-2\/"]}]},{"@type":"ImageObject","inLanguage":"pt-PT","@id":"https:\/\/www.dynseo.com\/pt-pt\/alzheimer-et-conduite-automobile-quand-et-comment-arreter-en-toute-securite-2\/#primaryimage","url":"https:\/\/www.dynseo.com\/wp-content\/uploads\/2024\/01\/memory-seniors-alzheimer-work-on-your-memory.png","contentUrl":"https:\/\/www.dynseo.com\/wp-content\/uploads\/2024\/01\/memory-seniors-alzheimer-work-on-your-memory.png","width":776,"height":784,"caption":"Mantenha a mente ativa com a DYNSEO"},{"@type":"BreadcrumbList","@id":"https:\/\/www.dynseo.com\/pt-pt\/alzheimer-et-conduite-automobile-quand-et-comment-arreter-en-toute-securite-2\/#breadcrumb","itemListElement":[{"@type":"ListItem","position":1,"name":"Accueil","item":"https:\/\/www.dynseo.com\/pt-pt\/"},{"@type":"ListItem","position":2,"name":"Alzheimer et Conduite Automobile : Quand et Comment Arr\u00eater en Toute S\u00e9curit\u00e9"}]},{"@type":"WebSite","@id":"https:\/\/www.dynseo.com\/pt-pt\/#website","url":"https:\/\/www.dynseo.com\/pt-pt\/","name":"Jeux de m\u00e9moire et stimulation cognitive","description":"Entra\u00eenez votre m\u00e9moire et votre cerveau avec DYNSEO","publisher":{"@id":"https:\/\/www.dynseo.com\/pt-pt\/#organization"},"potentialAction":[{"@type":"SearchAction","target":{"@type":"EntryPoint","urlTemplate":"https:\/\/www.dynseo.com\/pt-pt\/?s={search_term_string}"},"query-input":{"@type":"PropertyValueSpecification","valueRequired":true,"valueName":"search_term_string"}}],"inLanguage":"pt-PT"},{"@type":"Organization","@id":"https:\/\/www.dynseo.com\/pt-pt\/#organization","name":"DYNSEO","url":"https:\/\/www.dynseo.com\/pt-pt\/","logo":{"@type":"ImageObject","inLanguage":"pt-PT","@id":"https:\/\/www.dynseo.com\/pt-pt\/#\/schema\/logo\/image\/","url":"https:\/\/www.dynseo.com\/wp-content\/uploads\/2022\/05\/logo-dynseo-new.png","contentUrl":"https:\/\/www.dynseo.com\/wp-content\/uploads\/2022\/05\/logo-dynseo-new.png","width":5073,"height":1397,"caption":"DYNSEO"},"image":{"@id":"https:\/\/www.dynseo.com\/pt-pt\/#\/schema\/logo\/image\/"}},{"@type":"Person","@id":"https:\/\/www.dynseo.com\/pt-pt\/#\/schema\/person\/78ef63df2ee64e0989bc68f8401b38d6","name":"DYNSEO","url":"https:\/\/www.dynseo.com\/pt-pt\/author\/justine\/"}]}},"_links":{"self":[{"href":"https:\/\/www.dynseo.com\/pt-pt\/wp-json\/wp\/v2\/posts\/489796","targetHints":{"allow":["GET"]}}],"collection":[{"href":"https:\/\/www.dynseo.com\/pt-pt\/wp-json\/wp\/v2\/posts"}],"about":[{"href":"https:\/\/www.dynseo.com\/pt-pt\/wp-json\/wp\/v2\/types\/post"}],"author":[{"embeddable":true,"href":"https:\/\/www.dynseo.com\/pt-pt\/wp-json\/wp\/v2\/users\/4"}],"replies":[{"embeddable":true,"href":"https:\/\/www.dynseo.com\/pt-pt\/wp-json\/wp\/v2\/comments?post=489796"}],"version-history":[{"count":4,"href":"https:\/\/www.dynseo.com\/pt-pt\/wp-json\/wp\/v2\/posts\/489796\/revisions"}],"predecessor-version":[{"id":492027,"href":"https:\/\/www.dynseo.com\/pt-pt\/wp-json\/wp\/v2\/posts\/489796\/revisions\/492027"}],"wp:featuredmedia":[{"embeddable":true,"href":"https:\/\/www.dynseo.com\/pt-pt\/wp-json\/wp\/v2\/media\/361459"}],"wp:attachment":[{"href":"https:\/\/www.dynseo.com\/pt-pt\/wp-json\/wp\/v2\/media?parent=489796"}],"wp:term":[{"taxonomy":"category","embeddable":true,"href":"https:\/\/www.dynseo.com\/pt-pt\/wp-json\/wp\/v2\/categories?post=489796"},{"taxonomy":"post_tag","embeddable":true,"href":"https:\/\/www.dynseo.com\/pt-pt\/wp-json\/wp\/v2\/tags?post=489796"}],"curies":[{"name":"wp","href":"https:\/\/api.w.org\/{rel}","templated":true}]}}