{"id":489810,"date":"2026-01-25T15:34:50","date_gmt":"2026-01-25T14:34:50","guid":{"rendered":"https:\/\/www.dynseo.com\/sep-et-depression-quand-lhumeur-affecte-la-cognition-dynseo-2\/"},"modified":"2026-03-11T13:33:47","modified_gmt":"2026-03-11T12:33:47","slug":"sep-et-depression-quand-lhumeur-affecte-la-cognition-dynseo-2","status":"publish","type":"post","link":"https:\/\/www.dynseo.com\/pt-pt\/sep-et-depression-quand-lhumeur-affecte-la-cognition-dynseo-2\/","title":{"rendered":"SEP et D\u00e9pression : Quand l&#8217;Humeur Affecte la Cognition | DYNSEO"},"content":{"rendered":"<p>[et_pb_section fb_built=&#8221;1&#8243; admin_label=&#8221;Article HTML&#8221; _builder_version=&#8221;4.16&#8243; custom_padding=&#8221;0px||0px||false|false&#8221; global_colors_info=&#8221;{}&#8221;][et_pb_row admin_label=&#8221;Contenu&#8221; _builder_version=&#8221;4.16&#8243; width=&#8221;100%&#8221; max_width=&#8221;100%&#8221; custom_padding=&#8221;0px||0px||false|false&#8221; global_colors_info=&#8221;{}&#8221;][et_pb_column type=&#8221;4_4&#8243; _builder_version=&#8221;4.16&#8243; global_colors_info=&#8221;{}&#8221;][et_pb_code admin_label=&#8221;HTML import\u00e9&#8221; _builder_version=&#8221;4.16&#8243; global_colors_info=&#8221;{}&#8221;]<\/p>\n<style type=\"text\/css\">\n:root{--bleu-principal:#5e5ed7;--vert:#a9e2e4;--jaune:#ffeca7;--rose-framboise:#e73469;--bleu-secondaire:#5268c9;--text-color:#2c3e50;--text-light:#64748b;--white:#fff}\n.dbi-art-b1ea4a * {margin:0;padding:0;box-sizing:border-box}\n.dbi-art-b1ea4a {font-family:'Montserrat',sans-serif;line-height:1.8;color:var(--text-color);background:var(--white)}\n.dbi-art-b1ea4a .article-header {background:linear-gradient(135deg,var(--bleu-principal),var(--bleu-secondaire));color:var(--white);padding:80px 25px;position:relative}\n.dbi-art-b1ea4a .header-content {max-width:900px;margin:0 auto}\n.dbi-art-b1ea4a h1 {font-size:2.5rem;font-weight:700;margin-bottom:25px}\n.dbi-art-b1ea4a .header-subtitle {font-size:1.2rem;opacity:0.9;max-width:700px}\n.dbi-art-b1ea4a .container {max-width:850px;margin:0 auto;padding:0 25px}\n.dbi-art-b1ea4a main {padding:60px 0}\n.dbi-art-b1ea4a h2 {font-size:1.8rem;color:var(--bleu-principal);margin:50px 0 25px;padding-bottom:15px;border-bottom:3px solid var(--vert)}\n.dbi-art-b1ea4a h3 {font-size:1.3rem;color:var(--bleu-secondaire);margin:35px 0 15px}\n.dbi-art-b1ea4a p {margin-bottom:20px;font-size:1.05rem;text-align:justify}\n.dbi-art-b1ea4a .intro {font-size:1.15rem;color:var(--text-light);border-left:4px solid var(--bleu-principal);padding-left:25px;margin:40px 0;font-style:italic}\n.dbi-art-b1ea4a ul {margin:20px 0;padding-left:0;list-style:none}\n.dbi-art-b1ea4a ul li {padding-left:25px;margin-bottom:10px;position:relative}\n.dbi-art-b1ea4a ul li::before {content:\"\";position:absolute;left:0;top:10px;width:8px;height:8px;background:var(--rose-framboise);border-radius:50%}\n.dbi-art-b1ea4a .feature-grid {display:grid;grid-template-columns:repeat(3,1fr);gap:20px;margin:40px 0}\n.dbi-art-b1ea4a .feature-card {background:var(--white);border-radius:15px;padding:25px;text-align:center;box-shadow:0 5px 15px rgba(0,0,0,0.08);border:2px solid var(--vert)}\n.dbi-art-b1ea4a .feature-icon {font-size:2rem;margin-bottom:15px}\n.dbi-art-b1ea4a .feature-card h4 {color:var(--bleu-principal);margin-bottom:10px}\n.dbi-art-b1ea4a .feature-card p {font-size:0.9rem;color:var(--text-light);margin:0}\n.dbi-art-b1ea4a .stats-section {background:linear-gradient(135deg,var(--bleu-principal),var(--bleu-secondaire));border-radius:20px;padding:40px;margin:40px 0}\n.dbi-art-b1ea4a .stats-grid {display:grid;grid-template-columns:repeat(4,1fr);gap:25px;text-align:center}\n.dbi-art-b1ea4a .stat-number {font-size:2.5rem;font-weight:700;color:var(--jaune);margin-bottom:8px}\n.dbi-art-b1ea4a .stat-label {color:rgba(255,255,255,0.9);font-size:0.9rem}\n.dbi-art-b1ea4a .cta-box {background:linear-gradient(135deg,var(--bleu-principal),var(--bleu-secondaire));border-radius:20px;padding:40px;margin:50px 0;text-align:center}\n.dbi-art-b1ea4a .cta-box h4 {color:var(--white);font-size:1.5rem;margin-bottom:15px}\n.dbi-art-b1ea4a .cta-box p {color:rgba(255,255,255,0.9);margin-bottom:20px}\n.dbi-art-b1ea4a .cta-button {display:inline-block;background:var(--jaune);color:var(--bleu-principal);padding:15px 40px;border-radius:50px;text-decoration:none;font-weight:700}\n.dbi-art-b1ea4a .highlight-box {background:linear-gradient(135deg,#fff5f8,#ffe8ee);border:2px solid var(--rose-framboise);border-radius:15px;padding:30px;margin:35px 0}\n.dbi-art-b1ea4a .highlight-box h4 {color:var(--rose-framboise);margin-bottom:15px}\n.dbi-art-b1ea4a .tip-box {background:linear-gradient(135deg,#f0feff,#e5f9fa);border:2px solid var(--vert);border-radius:15px;padding:30px;margin:35px 0}\n.dbi-art-b1ea4a .tip-box h4 {color:var(--bleu-secondaire);margin-bottom:15px}\n.dbi-art-b1ea4a .conclusion {background:linear-gradient(135deg,#f0feff,#e5f9fa);border-radius:20px;padding:40px;margin:50px 0;border:2px solid var(--vert)}\n.dbi-art-b1ea4a blockquote {background:linear-gradient(135deg,#f0f0ff,#e8e8ff);border-left:4px solid var(--bleu-principal);border-radius:0 15px 15px 0;padding:25px 30px;margin:35px 0}\n.dbi-art-b1ea4a blockquote p {font-style:italic;margin-bottom:10px}\n.dbi-art-b1ea4a blockquote cite {font-weight:600;color:var(--bleu-principal)}\n.dbi-art-b1ea4a .article-footer {background:linear-gradient(135deg,var(--bleu-principal),var(--bleu-secondaire));color:var(--white);padding:40px 25px;text-align:center}\n.dbi-art-b1ea4a .footer-links {display:flex;justify-content:center;gap:25px;margin-top:20px;flex-wrap:wrap}\n.dbi-art-b1ea4a .footer-links a {color:var(--jaune);text-decoration:none}\n@media(max-width:768px) {\n.dbi-art-b1ea4a .feature-grid, .dbi-art-b1ea4a .stats-grid {grid-template-columns:1fr}\n.dbi-art-b1ea4a h1 {font-size:2rem}\n}<\/p>\n<\/style>\n<div class=\"dbi-art-b1ea4a\">\n<header class=\"article-header\">\n<div class=\"header-content\">\n<div style=\"display:inline-block;background:rgba(255,255,255,0.15);padding:8px 20px;border-radius:50px;font-size:14px;margin-bottom:25px\">\ud83d\udc9a Sa\u00fade Mental<\/div>\n<h1>EM e Depress\u00e3o: Quando o Humor Afeta as Fun\u00e7\u00f5es Cognitivas<\/h1>\n<pee class=\"header-subtitle\">A depress\u00e3o \u00e9 frequente na esclerose m\u00faltipla e impacta diretamente as capacidades cognitivas. Compreender esse elo \u00e9 essencial para melhor cuidar do c\u00e9rebro e do moral.<\/pee>\n    <\/div>\n<\/header>\n<p><main><\/p>\n<div class=\"container\">\n<pee class=\"intro\">A depress\u00e3o n\u00e3o \u00e9 simplesmente uma rea\u00e7\u00e3o emocional ao diagn\u00f3stico de esclerose m\u00faltipla: \u00e9 uma verdadeira complica\u00e7\u00e3o da doen\u00e7a, ligada aos mecanismos pr\u00f3prios da EM. Ela atinge at\u00e9 metade das pessoas acometidas ao longo de suas vidas e tem um impacto direto e significativo nas fun\u00e7\u00f5es cognitivas. Reconhecer a depress\u00e3o, compreender sua liga\u00e7\u00e3o com a cogni\u00e7\u00e3o e trat\u00e1-la adequadamente s\u00e3o etapas essenciais para preservar o c\u00e9rebro e a qualidade de vida.<\/pee>\n<h2>A depress\u00e3o na EM: mais que uma rea\u00e7\u00e3o ao diagn\u00f3stico<\/h2>\n<pee>\u00c9 natural sentir-se triste, desencorajado ou ansioso ap\u00f3s um diagn\u00f3stico de esclerose m\u00faltipla. No entanto, a depress\u00e3o que afeta as pessoas com EM vai muitas vezes al\u00e9m de uma simples rea\u00e7\u00e3o psicol\u00f3gica \u00e0 doen\u00e7a. Mecanismos biol\u00f3gicos pr\u00f3prios da EM contribuem diretamente para a depress\u00e3o, o que explica sua alta frequ\u00eancia nessa popula\u00e7\u00e3o.<\/pee>\n<pee>As les\u00f5es cerebrais causadas pela EM podem afetar regi\u00f5es envolvidas na regula\u00e7\u00e3o do humor. A inflama\u00e7\u00e3o cr\u00f4nica presente na doen\u00e7a tamb\u00e9m influencia os neurotransmissores como a serotonina e a dopamina, envolvidos na depress\u00e3o. Os tratamentos de base da EM, particularmente os interferons, podem tamb\u00e9m ter efeitos secund\u00e1rios no humor. A depress\u00e3o na EM tem, portanto, m\u00faltiplas causas, tanto psicol\u00f3gicas quanto biol\u00f3gicas.<\/pee>\n<div class=\"stats-section\">\n<div class=\"stats-grid\">\n<div class=\"stat-item\">\n<div class=\"stat-number\">50%<\/div>\n<div class=\"stat-label\">das pessoas com EM experimentam depress\u00e3o<\/div>\n<\/p><\/div>\n<div class=\"stat-item\">\n<div class=\"stat-number\">3x<\/div>\n<div class=\"stat-label\">mais frequente do que na popula\u00e7\u00e3o geral<\/div>\n<\/p><\/div>\n<div class=\"stat-item\">\n<div class=\"stat-number\">40%<\/div>\n<div class=\"stat-label\">da depress\u00e3o EM \u00e9 subdiagnosticada<\/div>\n<\/p><\/div>\n<div class=\"stat-item\">\n<div class=\"stat-number\">80%<\/div>\n<div class=\"stat-label\">respondem bem ao tratamento adequado<\/div>\n<\/p><\/div>\n<\/p><\/div>\n<\/div>\n<h3>Distinguir depress\u00e3o e fadiga<\/h3>\n<pee>Um dos desafios na EM \u00e9 distinguir a depress\u00e3o da fadiga, um sintoma omnipresente da doen\u00e7a. Ambos compartilham manifesta\u00e7\u00f5es comuns: falta de energia, dificuldade em se motivar, dist\u00farbios do sono, dificuldades de concentra\u00e7\u00e3o. No entanto, distingui-los \u00e9 importante pois seus tratamentos s\u00e3o diferentes.<\/pee>\n<pee>A fadiga da EM \u00e9 tipicamente f\u00edsica e mental, agravada pelo esfor\u00e7o e calor, parcialmente aliviada pelo repouso. A depress\u00e3o se caracteriza mais por uma tristeza persistente, uma perda de prazer nas atividades habitualmente agrad\u00e1veis, um sentimento de desesperan\u00e7a ou de inutilidade, \u00e0s vezes ideias negras. Na realidade, ambos muitas vezes coexistem e se agravam mutuamente.<\/pee>\n<div class=\"feature-grid\">\n<div class=\"feature-card\">\n<div class=\"feature-icon\">\ud83d\ude22<\/div>\n<h4>Tristeza persistente<\/h4>\n<pee>Um sentimento de tristeza ou de vazio que dura mais de duas semanas, a maior parte do tempo<\/pee>\n    <\/div>\n<div class=\"feature-card\">\n<div class=\"feature-icon\">\ud83d\udc94<\/div>\n<h4>Perda de prazer<\/h4>\n<pee>As atividades outrora agrad\u00e1veis n\u00e3o proporcionam mais satisfa\u00e7\u00e3o nem interesse<\/pee>\n    <\/div>\n<div class=\"feature-card\">\n<div class=\"feature-icon\">\ud83c\udf11<\/div>\n<h4>Desesperan\u00e7a<\/h4>\n<pee>Sentimento de que as coisas nunca v\u00e3o melhorar, perda de perspectiva positiva<\/pee>\n    <\/div>\n<\/div>\n<h2>Impacto da depress\u00e3o nas fun\u00e7\u00f5es cognitivas<\/h2>\n<pee>A depress\u00e3o tem um impacto direto e mensur\u00e1vel nas fun\u00e7\u00f5es cognitivas, independentemente dos efeitos da pr\u00f3pria EM. Nas pessoas com EM, esse impacto se soma aos dist\u00farbios cognitivos j\u00e1 causados pela doen\u00e7a, criando uma situa\u00e7\u00e3o particularmente dif\u00edcil. Reconhecer e tratar a depress\u00e3o pode, portanto, ter efeitos positivos significativos nas capacidades cerebrais.<\/pee>\n<h3>Retardo psicomotor<\/h3>\n<pee>A depress\u00e3o \u00e9 tipicamente acompanhada por um retardo global: retardo do pensamento, da fala, dos movimentos. Esse retardo psicomotor se assemelha ao retardo cognitivo da EM e se soma a ele, amplificando as dificuldades. As pessoas deprimidas com EM podem se sentir ainda mais lentas do que realmente s\u00e3o devido \u00e0 doen\u00e7a sozinha.<\/pee>\n<h3>Problemas de concentra\u00e7\u00e3o e mem\u00f3ria<\/h3>\n<pee>A depress\u00e3o afeta profundamente a aten\u00e7\u00e3o e a mem\u00f3ria. Pensamentos negativos e rumina\u00e7\u00f5es consomem os recursos atencionais, deixando pouco espa\u00e7o para se concentrar em outra coisa. A mem\u00f3ria de trabalho, que permite manter e manipular informa\u00e7\u00f5es a curto prazo, \u00e9 particularmente afetada. Pessoas deprimidas tamb\u00e9m costumam ter a impress\u00e3o de ter lapsos de mem\u00f3ria, mesmo que sua mem\u00f3ria de longo prazo permane\u00e7a relativamente preservada.<\/pee>\n<ul>\n<li><strong>Dificuldades de concentra\u00e7\u00e3o:<\/strong> A mente \u00e9 invadida por pensamentos negativos que impedem de se focar em uma tarefa<\/li>\n<li><strong>Mem\u00f3ria de trabalho alterada:<\/strong> Dificuldade em reter e manipular v\u00e1rias informa\u00e7\u00f5es simultaneamente<\/li>\n<li><strong>Indecis\u00e3o:<\/strong> Mesmo decis\u00f5es simples se tornam dif\u00edceis de tomar<\/li>\n<li><strong>Pensamento negativo:<\/strong> Tend\u00eancia a ver tudo de forma negativa, o que distorce o tratamento da informa\u00e7\u00e3o<\/li>\n<\/ul>\n<h3>Perda de motiva\u00e7\u00e3o e iniciativa<\/h3>\n<pee>A depress\u00e3o muitas vezes se caracteriza por uma perda de motiva\u00e7\u00e3o e iniciativa, o que os psiquiatras chamam de anergia ou abulia. As pessoas afetadas t\u00eam dificuldade em iniciar atividades, mesmo aquelas que sabem importantes ou agrad\u00e1veis. Essa perda de motiva\u00e7\u00e3o pode ser confundida com pregui\u00e7a ou falta de vontade, quando na verdade \u00e9 um sintoma real da doen\u00e7a depressiva.<\/pee>\n<pee>Essa perda de motiva\u00e7\u00e3o tem consequ\u00eancias diretas no treinamento cognitivo. Uma pessoa deprimida pode ter dificuldade em se motivar para fazer seus exerc\u00edcios di\u00e1rios com EDITH ou JOE, mesmo sabendo que \u00e9 bom para ela. \u00c9 por isso que o tratamento da depress\u00e3o \u00e9 um pr\u00e9-requisito importante para se beneficiar plenamente da estimula\u00e7\u00e3o cognitiva.<\/pee>\n<blockquote><pee>Durante minha depress\u00e3o, eu sentia como se tivesse perdido 50 pontos de QI. Eu n\u00e3o conseguia mais me concentrar, lembrar de nada, tomar qualquer decis\u00e3o. Quando finalmente fui tratada, era como se o nevoeiro desaparecesse gradualmente. Minhas dificuldades cognitivas relacionadas \u00e0 EM ainda estavam l\u00e1, mas n\u00e3o eram mais amplificadas pela depress\u00e3o.<\/pee>\n    <cite>Catherine, 46 anos, EM h\u00e1 11 anos<\/cite>\n<\/p><\/blockquote>\n<div class=\"highlight-box\">\n<h4>O c\u00edrculo vicioso depress\u00e3o-cogni\u00e7\u00e3o<\/h4>\n<pee>Depress\u00e3o e dist\u00farbios cognitivos se alimentam mutuamente em um c\u00edrculo vicioso. A depress\u00e3o altera as capacidades cognitivas, o que causa dificuldades no cotidiano e no trabalho, refor\u00e7a o sentimento de incompet\u00eancia e inutilidade, e agrava a depress\u00e3o. Quebrar esse c\u00edrculo tratando a depress\u00e3o pode ter efeitos positivos em cascata sobre todo o funcionamento cognitivo e a qualidade de vida.<\/pee>\n<\/div>\n<h2>Reconhecer os sinais de depress\u00e3o<\/h2>\n<pee>A depress\u00e3o \u00e9 frequentemente subdiagnosticada na EM, em parte porque seus sintomas se confundem com os da pr\u00f3pria doen\u00e7a. No entanto, reconhec\u00ea-la \u00e9 essencial pois ela se trata eficazmente. Aqui est\u00e3o os sinais que devem alertar e levar a conversar com seu m\u00e9dico.<\/pee>\n<h3>Os sintomas a observar<\/h3>\n<ul>\n<li><strong>Humor depressivo:<\/strong> Tristeza persistente, sensa\u00e7\u00e3o de vazio ou desesperan\u00e7a, na maior parte do tempo, por pelo menos duas semanas<\/li>\n<li><strong>Perda de interesse ou prazer:<\/strong> As atividades habitualmente agrad\u00e1veis n\u00e3o despertam mais interesse e n\u00e3o proporcionam mais satisfa\u00e7\u00e3o<\/li>\n<li><strong>Dist\u00farbios do sono:<\/strong> Ins\u00f4nia ou, ao contr\u00e1rio, hipersonia (dormir excessivamente)<\/li>\n<li><strong>Mudan\u00e7as de apetite:<\/strong> Perda de apetite com emagrecimento ou, ao contr\u00e1rio, hiperfagia com ganho de peso<\/li>\n<li><strong>Fadiga ou perda de energia:<\/strong> Al\u00e9m da fadiga habitual da EM, esgotamento que n\u00e3o melhora com o repouso<\/li>\n<li><strong>Sentimentos de culpa ou inutilidade:<\/strong> Tend\u00eancia a se desvalorizar, sentir-se um fardo para os outros<\/li>\n<li><strong>Dificuldades de concentra\u00e7\u00e3o:<\/strong> Al\u00e9m dos problemas cognitivos da EM, impossibilidade de se concentrar em qualquer coisa<\/li>\n<li><strong>Pensamentos de morte:<\/strong> Ideias recorrentes sobre a morte, pensamentos suicidas (sinal de gravidade que requer ajuda urgente)<\/li>\n<\/ul>\n<div class=\"tip-box\">\n<h4>Quando consultar<\/h4>\n<pee>Se voc\u00ea apresenta v\u00e1rios desses sintomas por mais de duas semanas e eles impactam sua vida di\u00e1ria, fale com seu m\u00e9dico. A depress\u00e3o n\u00e3o \u00e9 uma fraqueza de car\u00e1ter, \u00e9 uma doen\u00e7a que pode ser tratada. N\u00e3o hesite em pedir ajuda. Se voc\u00ea tiver pensamentos suicidas, consulte um servi\u00e7o de emerg\u00eancia ou ligue para um servi\u00e7o de apoio como o 3114 (n\u00famero nacional de preven\u00e7\u00e3o do suic\u00eddio).<\/pee>\n<\/div>\n<h2>Tratar a depress\u00e3o para recuperar as capacidades<\/h2>\n<pee>A boa not\u00edcia \u00e9 que a depress\u00e3o pode ser tratada de modo eficaz, mesmo no contexto da EM. V\u00e1rias abordagens, frequentemente combinadas, podem ajudar a recuperar um melhor humor e, ao mesmo tempo, melhorar as fun\u00e7\u00f5es cognitivas alteradas pela depress\u00e3o.<\/pee>\n<h3>As psicoterapias<\/h3>\n<pee>A psicoterapia, em particular a terapia cognitivo-comportamental (TCC), \u00e9 recomendada em primeira linha para depress\u00f5es leves a moderadas e como complemento dos medicamentos para depress\u00f5es mais severas. A TCC ajuda a identificar e modificar pensamentos negativos autom\u00e1ticos que alimentam a depress\u00e3o, e a retomar progressivamente atividades valorizantes.<\/pee>\n<pee>Outras formas de psicoterapia tamb\u00e9m podem ser \u00fateis: terapias de aceita\u00e7\u00e3o e compromisso (ACT), terapia baseada em aten\u00e7\u00e3o plena (MBCT), terapias interpessoais. A escolha depende das prefer\u00eancias da pessoa e da disponibilidade dos terapeutas.<\/pee>\n<h3>Os tratamentos medicamentosos<\/h3>\n<pee>Os antidepressivos podem ser necess\u00e1rios para depress\u00f5es moderadas a severas ou quando a psicoterapia sozinha n\u00e3o \u00e9 suficiente. Os inibidores seletivos da recapta\u00e7\u00e3o de serotonina (ISRS) s\u00e3o frequentemente utilizados em primeira linha, pois s\u00e3o geralmente bem tolerados. A escolha do medicamento e o acompanhamento devem ser assegurados por um m\u00e9dico que conhece bem a EM para evitar intera\u00e7\u00f5es com outros tratamentos.<\/pee>\n<div class=\"feature-grid\">\n<div class=\"feature-card\">\n<div class=\"feature-icon\">\ud83d\udde3\ufe0f<\/div>\n<h4>Psicoterapia<\/h4>\n<pee>TCC e outras terapias para modificar esquemas de pensamento negativos e retomar atividades<\/pee>\n    <\/div>\n<div class=\"feature-card\">\n<div class=\"feature-icon\">\ud83d\udc8a<\/div>\n<h4>Medicamentos<\/h4>\n<pee>Antidepressivos adaptados ao contexto da EM, sob supervis\u00e3o m\u00e9dica<\/pee>\n    <\/div>\n<div class=\"feature-card\">\n<div class=\"feature-icon\">\ud83c\udfc3<\/div>\n<h4>Atividade f\u00edsica<\/h4>\n<pee>O exerc\u00edcio tem efeitos antidepressivos comprovados e acess\u00edveis para muitos<\/pee>\n    <\/div>\n<\/div>\n<h3>A atividade f\u00edsica como antidepressivo<\/h3>\n<pee>O exerc\u00edcio f\u00edsico tem efeitos antidepressivos bem documentados, compar\u00e1veis aos dos medicamentos para depress\u00f5es leves a moderadas. Ele promove a libera\u00e7\u00e3o de endorfinas, melhora o sono, aumenta a autoestima e oferece um sentimento de realiza\u00e7\u00e3o. Para as pessoas com EM, uma atividade f\u00edsica adaptada (caminhadas, nata\u00e7\u00e3o, ioga, bicicleta ergom\u00e9trica) pode ser um complemento valioso para o tratamento da depress\u00e3o.<\/pee>\n<h3>A estimula\u00e7\u00e3o cognitiva como apoio<\/h3>\n<pee>Uma vez que a depress\u00e3o \u00e9 tratada, a estimula\u00e7\u00e3o cognitiva com programas como EDITH e JOE pode desempenhar um papel de apoio importante. Os exerc\u00edcios cognitivos oferecem metas di\u00e1rias alcan\u00e7\u00e1veis, um sentimento de realiza\u00e7\u00e3o, e podem ajudar a recuperar a confian\u00e7a em suas capacidades. Eles n\u00e3o substituem o tratamento da depress\u00e3o, mas o complementam de forma \u00fatil.<\/pee>\n<blockquote><pee>Meu psiquiatra me receitou um antidepressivo e me recomendou retomar uma atividade f\u00edsica leve. Algumas semanas depois, senti que o nevoeiro estava se dissipando. Ent\u00e3o pude retornar aos meus exerc\u00edcios com EDITH, que eu havia abandonado completamente durante minha depress\u00e3o. Hoje, esses exerc\u00edcios fazem parte da minha rotina di\u00e1ria e me ajudam a manter o moral.<\/pee>\n    <cite>Pierre, 52 anos, EM h\u00e1 15 anos<\/cite>\n<\/p><\/blockquote>\n<h2>Preven\u00e7\u00e3o e manuten\u00e7\u00e3o do bem-estar psicol\u00f3gico<\/h2>\n<pee>Al\u00e9m do tratamento dos epis\u00f3dios depressivos, \u00e9 importante implementar estrat\u00e9gias para prevenir a reca\u00edda e manter um bom equil\u00edbrio psicol\u00f3gico no cotidiano. Essas estrat\u00e9gias s\u00e3o parte integrante do manejo global da EM.<\/pee>\n<h3>Construir uma rede de apoio<\/h3>\n<pee>O isolamento social \u00e9 um importante fator de risco para a depress\u00e3o. Manter la\u00e7os sociais, mesmo quando a doen\u00e7a torna as sa\u00eddas dif\u00edceis, \u00e9 essencial. Fam\u00edlia, amigos, grupos de pacientes, associa\u00e7\u00f5es: todas as formas de v\u00ednculo social contam. N\u00e3o hesite em falar sobre sua doen\u00e7a e seus sentimentos com pessoas de confian\u00e7a.<\/pee>\n<h3>Praticar atividades significativas<\/h3>\n<pee>Ter atividades que fa\u00e7am sentido e proporcionem prazer \u00e9 um fator protetor contra a depress\u00e3o. Mesmo que a EM imponha limita\u00e7\u00f5es, muitas vezes \u00e9 poss\u00edvel encontrar atividades adaptadas: leitura, m\u00fasica, jardinagem, voluntariado, atividades manuais, estimula\u00e7\u00e3o cognitiva com EDITH e JOE. O importante \u00e9 manter um sentimento de utilidade e realiza\u00e7\u00e3o.<\/pee>\n<ul>\n<li><strong>Manter uma rotina:<\/strong> Uma estrutura di\u00e1ria ajuda a combater a apatia e o isolamento<\/li>\n<li><strong>Definir metas realistas:<\/strong> Pequenas metas alcan\u00e7\u00e1veis em vez de projetos grandiosos<\/li>\n<li><strong>Praticar a gratid\u00e3o:<\/strong> Anotar diariamente alguns elementos positivos ajuda a equilibrar a tend\u00eancia negativa<\/li>\n<li><strong>Exposi\u00e7\u00e3o \u00e0 luz:<\/strong> A luz natural tem efeitos positivos no humor, especialmente no inverno<\/li>\n<\/ul>\n<div class=\"cta-box\">\n<h4>Redescubra o prazer de estimular seu c\u00e9rebro<\/h4>\n<pee>Os programas EDITH e JOE podem se tornar momentos agrad\u00e1veis de seu cotidiano, contribuindo para manter seu moral e suas capacidades cognitivas.<\/pee>\n    <a href=\"https:\/\/www.dynseo.com\/pt-pt\/la-reeducation-cognitive-lorsque-lon-est-atteint-dune-sclerose-en-plaques\/\" class=\"cta-button\">Descubra nossos programas<\/a>\n<\/div>\n<div class=\"conclusion\">\n<h2>Conclus\u00e3o<\/h2>\n<pee>A depress\u00e3o \u00e9 uma complica\u00e7\u00e3o frequente e s\u00e9ria da esclerose m\u00faltipla, que vai muito al\u00e9m de uma simples rea\u00e7\u00e3o ao diagn\u00f3stico. Ela tem causas biol\u00f3gicas ligadas \u00e0 pr\u00f3pria doen\u00e7a e um impacto direto nas fun\u00e7\u00f5es cognitivas, somando-se aos j\u00e1 causados pela EM.<\/pee>\n    <pee>Reconhecer a depress\u00e3o \u00e9 essencial pois ela pode ser tratada de modo eficaz. Psicoterapia, medicamentos, atividade f\u00edsica: v\u00e1rias abordagens, frequentemente combinadas, podem ajudar a recuperar um melhor humor. Ao tratar a depress\u00e3o, tamb\u00e9m melhoramos as capacidades cognitivas que foram alteradas por ela.<\/pee>\n    <pee>A preven\u00e7\u00e3o e a manuten\u00e7\u00e3o do bem-estar psicol\u00f3gico s\u00e3o parte integrante do manejo da EM. Rede social, atividades significativas, rotina estruturada, estimula\u00e7\u00e3o cognitiva: todos esses elementos contribuem para manter o moral e preservar as capacidades cerebrais a longo prazo.<\/pee>\n    <pee style=\"text-align:center;margin-top:30px\"><strong>Cuidar do seu moral \u00e9 cuidar do seu c\u00e9rebro. Nunca hesite em pedir ajuda se voc\u00ea se sentir deprimido.<\/strong><\/pee>\n<\/div>\n<\/div>\n<p><\/main><\/p>\n<footer class=\"article-footer\">\n<div class=\"container\">\n        <pee>Artigo redigido pela equipe <strong>DYNSEO<\/strong>, especialista em aplicativos de estimula\u00e7\u00e3o cognitiva.<\/pee>\n<div class=\"footer-links\">\n            <a href=\"https:\/\/www.dynseo.com\/pt-pt\/la-reeducation-cognitive-lorsque-lon-est-atteint-dune-sclerose-en-plaques\/\">Esclerose m\u00faltipla<\/a><br \/>\n            <a href=\"https:\/\/www.dynseo.com\/pt-pt\/o-programa-dos-treinadores\/carmen\/\">EDITH<\/a><br \/>\n            <a href=\"https:\/\/www.dynseo.com\/pt-pt\/o-programa-dos-treinadores\/fernando-o-seu-treinador-de-cerebro\/\">JOE<\/a><br \/>\n            <a href=\"https:\/\/www.dynseo.com\/pt-pt\/nos-outils\/\">Nossos ferramentas<\/a>\n        <\/div>\n<\/p><\/div>\n<\/footer>\n<\/div>\n<p>[\/et_pb_code][\/et_pb_column][\/et_pb_row][\/et_pb_section]<\/p>\n<p>[et_pb_code]<script type=\"application\/ld+json\">{\"@context\":\"https:\/\/schema.org\",\"@type\":\"FAQPage\",\"mainEntity\":[{\"@type\":\"Question\",\"name\":\"A depress\u00e3o em pessoas com esclerose m\u00faltipla \u00e9 apenas uma rea\u00e7\u00e3o emocional ao diagn\u00f3stico?\",\"acceptedAnswer\":{\"@type\":\"Answer\",\"text\":\"N\u00e3o, a depress\u00e3o na esclerose m\u00faltipla vai muito al\u00e9m de uma simples rea\u00e7\u00e3o psicol\u00f3gica ao diagn\u00f3stico. \u00c9 uma verdadeira complica\u00e7\u00e3o da doen\u00e7a, ligada aos mecanismos pr\u00f3prios da EM, com causas tanto biol\u00f3gicas quanto psicol\u00f3gicas.\"}},{\"@type\":\"Question\",\"name\":\"Qual \u00e9 a frequ\u00eancia da depress\u00e3o em pessoas com esclerose m\u00faltipla?\",\"acceptedAnswer\":{\"@type\":\"Answer\",\"text\":\"A depress\u00e3o atinge at\u00e9 metade das pessoas com esclerose m\u00faltipla ao longo de suas vidas, sendo uma complica\u00e7\u00e3o muito frequente da doen\u00e7a.\"}},{\"@type\":\"Question\",\"name\":\"Como as les\u00f5es cerebrais da EM contribuem para a depress\u00e3o?\",\"acceptedAnswer\":{\"@type\":\"Answer\",\"text\":\"As les\u00f5es cerebrais causadas pela EM podem afetar regi\u00f5es do c\u00e9rebro envolvidas na regula\u00e7\u00e3o do humor, contribuindo diretamente para o desenvolvimento da depress\u00e3o.\"}},{\"@type\":\"Question\",\"name\":\"Qual \u00e9 o papel da inflama\u00e7\u00e3o na depress\u00e3o associada \u00e0 esclerose m\u00faltipla?\",\"acceptedAnswer\":{\"@type\":\"Answer\",\"text\":\"A inflama\u00e7\u00e3o cr\u00f4nica presente na EM influencia os neurotransmissores como a serotonina e a dopamina, que est\u00e3o diretamente envolvidos no desenvolvimento da depress\u00e3o.\"}},{\"@type\":\"Question\",\"name\":\"Os tratamentos para esclerose m\u00faltipla podem afetar o humor?\",\"acceptedAnswer\":{\"@type\":\"Answer\",\"text\":\"Sim, os tratamentos de base da EM, particularmente os interferons, podem ter efeitos secund\u00e1rios no humor e contribuir para o desenvolvimento da depress\u00e3o.\"}},{\"@type\":\"Question\",\"name\":\"Qual \u00e9 a rela\u00e7\u00e3o entre depress\u00e3o e fun\u00e7\u00f5es cognitivas na esclerose m\u00faltipla?\",\"acceptedAnswer\":{\"@type\":\"Answer\",\"text\":\"A depress\u00e3o tem um impacto direto e significativo nas fun\u00e7\u00f5es cognitivas das pessoas com EM. Reconhecer e tratar adequadamente a depress\u00e3o s\u00e3o etapas essenciais para preservar o c\u00e9rebro e a qualidade de vida.\"}}]}<\/script>[\/et_pb_code]<\/p>\n","protected":false},"excerpt":{"rendered":"","protected":false},"author":4,"featured_media":100456,"comment_status":"closed","ping_status":"closed","sticky":false,"template":"","format":"standard","meta":{"_et_pb_use_builder":"on","_et_pb_old_content":"<div class=\"row animated fadeInUp delay4 duration2 rdk-mb\"><img class=\"alignnone wp-image-23209 size-full\" src=\"https:\/\/www.dynseo.com\/wp-content\/uploads\/2019\/09\/StimArt-Joe-Dynseo.png \" alt=\"entrainement c\u00e9r\u00e9bral\" width=\"1648\" height=\"774\"><\/div>\r\n<div class=\"row rdk-mb rdk-mt\">\r\n<div class=\"hidden-lg hidden-md col-sm-12 col-xs-12 animated fadeInUp duration1\"><img class=\"aligncenter\" src=\"https:\/\/www.dynseo.com\/wp-content\/uploads\/\" alt=\"\" width=\"300\" height=\"287\"><\/div>\r\n<div class=\"col-lg-3 col-md-3 col-sm-6 col-xs-12 rdkp0\">\r\n<ul class=\"rdk-items left\">\r\n<li class=\"animated fadeInLeft duration1 eds-on-scroll\"><img class=\"img-heading\" src=\"https:\/\/www.dynseo.com\/wp-content\/uploads\/\"><\/li>\r\n<li class=\"animated fadeInLeft duration1 eds-on-scroll\">Un programme d\u2019entra\u00eenement c\u00e9r\u00e9bral, utilisant des jeux ludiques et culturels. Ce programme a d\u2019ailleurs \u00e9t\u00e9 labellis\u00e9 MedAppCare, et une \u00e9tude scientifique sur 6 mois a montr\u00e9 des r\u00e9sultats tr\u00e8s positifs.<\/li>\r\n<li class=\"animated fadeInLeft delay1 duration1 eds-on-scroll\"><img class=\"img-heading\" src=\"https:\/\/www.dynseo.com\/wp-content\/uploads\/\"><\/li>\r\n<li class=\"animated fadeInLeft delay1 duration1 eds-on-scroll\">Des niveaux de difficult\u00e9 croissants pour progresser \u00e0 votre rythme et vous fixer de nouveaux objectifs.<\/li>\r\n<li class=\"animated fadeInLeft delay2 duration1 eds-on-scroll\"><img class=\"img-heading\" src=\"https:\/\/www.dynseo.com\/wp-content\/uploads\/2019\/10\/Joe-nouveaut\u00e9-Autisme-handicap-atelier-cognitif-activit\u00e9-cognitive-stimulation-cognitive-ergoth\u00e9rapeute-atelier-personne-ag\u00e9e-activit\u00e9s-pour-seniors-motricit\u00e9-motricit\u00e9-fine.jpg\"><\/li>\r\n<li class=\"animated fadeInLeft delay2 duration1 eds-on-scroll\">Les jeux seront mis \u00e0 jour r\u00e9guli\u00e8rement, et de nouvelles activit\u00e9s seront propos\u00e9es.<\/li>\r\n<\/ul>\r\n<\/div>\r\n<div class=\"col-lg-6 col-md-6 hidden-sm hidden-xs animated fadeInUp duration1 eds-on-scroll\"><img class=\"aligncenter size-full wp-image-23241\" src=\"https:\/\/www.dynseo.com\/wp-content\/uploads\/\" alt=\"\" width=\"1280\" height=\"720\"><\/div>\r\n<div class=\"col-lg-3 col-md-3 col-sm-6 col-xs-12 rdkp0\">\r\n<ul class=\"rdk-items right\">\r\n<li class=\"animated fadeInRight duration1 eds-on-scroll\"><img class=\"img-heading\" src=\"https:\/\/www.dynseo.com\/wp-content\/uploads\/\"><\/li>\r\n<li class=\"animated fadeInRight duration1 eds-on-scroll\">D\u00e9fiez vos amis \u00e0 distance ou un membre de la communaut\u00e9 !<\/li>\r\n<li class=\"animated fadeInRight delay1 duration1 eds-on-scroll\"><img class=\"img-heading\" src=\" https:\/\/www.dynseo.com\/wp-content\/uploads\/2019\/10\/Joe-suivie-de-suzie-Autisme-handicap-atelier-cognitif-activit\u00e9-cognitive-stimulation-cognitive-ergoth\u00e9rapeute-atelier-personne-ag\u00e9e-activit\u00e9s-pour-seniors-motricit\u00e9-motricit\u00e9-fine.jpg\"><\/li>\r\n<li class=\"animated fadeInRight delay1 duration1 eds-on-scroll\">Vous pourrez suivre vos performances et progressions au sein de l\u2019application. Suzie, votre coach c\u00e9r\u00e9bral, vous fera \u00e9galement chaque lundi une analyse de vos performances<\/li>\r\n<li class=\"animated fadeInRight delay2 duration1 eds-on-scroll\"><img class=\"img-heading\" src=\"https:\/\/www.dynseo.com\/wp-content\/uploads\/2019\/09\/StimArt-Joe-D3-jeux-de-m\u00e9moire-jeux-de-logique-jeux-de-m\u00e9moire-pour-seniors-jeux-cerebraux-pour-seniors-jeux-personnes-ag\u00e9es-alzheimer-activit\u00e9s-alzheimer-activit\u00e9s-senior-activit\u00e9s-pour-seniors.png\"><\/li>\r\n<li class=\"animated fadeInRight delay2 duration1 eds-on-scroll\">Disponible au format smartphone ou tablette, Joe fonctionne sans internet. Id\u00e9al pour l\u2019emporter avec vous !<\/li>\r\n<\/ul>\r\n<\/div>\r\n<\/div>\r\n<div class=\"row rdk-mb rdk-mt\">\r\n<div class=\"rdk-download animated fadeInUp duration1 eds-on-scroll\">\r\n<p>\u00a0<\/p>\r\n<p>[row]<br>[column lg=\"6\" md=\"12\" sm=\"12\" xs=\"12\" ]<br><a href=\"https:\/\/play.google.com\/store\/apps\/details?id=com.dynseo.stimart.joe\"><img class=\"wp-image-23591 aligncenter\" src=\"https:\/\/www.dynseo.com\/wp-content\/uploads\/\" alt=\"\" width=\"245\" height=\"93\"><\/a><br>[\/column]<br>[column lg=\"6\" md=\"12\" sm=\"12\" xs=\"12\" ]<br><a href=\"https:\/\/itunes.apple.com\/fr\/app\/stimart-joe\/id1000639419?mt=8\"><img class=\"wp-image-23588 aligncenter\" src=\"https:\/\/www.dynseo.com\/wp-content\/uploads\/\" alt=\"\" width=\"245\" height=\"93\"><\/a><\/p>\r\n<p>\u00a0<\/p>\r\n<p>\u00a0<\/p>\r\n<p>[\/column]<br>[\/row]<\/p>\r\n<p>\u00a0<\/p>\r\n<p style=\"text-align: justify;\">Avec JOE, suivez un programme d'entra\u00eenement c\u00e9r\u00e9bral, afin de faire travailler votre m\u00e9moire, votre logique, votre attention, votre concentration, votre agilit\u00e9 mentale, ainsi que votre bien-\u00eatre au quotidien. Par le biais de jeux de m\u00e9moire ludiques et culturels, l'entra\u00eenement c\u00e9r\u00e9bral sera toujours un plaisir ! Une plateforme de suivi vous permettra de suivre vos progressions et ainsi vous pouvez vous fixer des objectifs \u00e0 atteindre.<\/p>\r\n<p>\u00a0<\/p>\r\n<h2 style=\"text-align: center;\"><strong><span style=\"color: #526fa1;\">UN PROGRAMME DE JEUX DE M\u00c9MOIRE ADAPT<\/span><span style=\"color: #526fa1;\">\u00c9 <\/span><span style=\"color: #526fa1;\">A CHAQUE CULTURE <\/span><\/strong><\/h2>\r\n<p style=\"text-align: justify;\">En plus de la version fran\u00e7aise, d'autres versions adapt\u00e9es \u00e0 chaque culture sont aussi disponibles : la version qu\u00e9b\u00e9coise, suisse, belge, luxembourgeoise et antillaise.<\/p>\r\n<p style=\"text-align: justify;\">Chaque jeu a \u00e9t\u00e9 \u00e9labor\u00e9 en partenariat avec des professionnels de sant\u00e9, afin de s\u2019assurer que toutes les fonctions cognitives soient bien stimul\u00e9es : la concentration, l\u2019attention, la m\u00e9moire visuo-spatiale, la mise en place de strat\u00e9gie, la m\u00e9moire de travail, la rapidit\u00e9, etc. Le programme vise ainsi \u00e0 am\u00e9liorer les performances intellectuelles, l\u2019autonomie cognitive, et ainsi offre une meilleure qualit\u00e9 de vie.<\/p>\r\n<p>\u00a0<\/p>\r\n<h2 style=\"text-align: center;\"><strong><span style=\"color: #526fa1;\">PLUS DE 25 JEUX DE M\u00c9MOIRE POUR ENTRA\u00ceNER VOTRE CERVEAU\u00a0<\/span><\/strong><\/h2>\r\n<p style=\"text-align: justify;\"><strong>Le programme d\u2019entra\u00eenement c\u00e9r\u00e9bral JOE comporte aujourd\u2019hui 25 jeux, et est mis \u00e0 jour tous les mois, avec des nouveaut\u00e9s.<\/strong><\/p>\r\n<p style=\"text-align: justify;\">Les jeux de m\u00e9moire sont un m\u00e9lange entre des jeux culturels (quizz de culture g\u00e9n\u00e9rale, de la chronologie des \u00e9v\u00e9nements, de la litt\u00e9rature, \u2026) et des jeux de r\u00e9flexes et d\u2019attention.<\/p>\r\n<p>\u00a0<\/p>\r\n<p>[row]<br>[column lg=\"4\" md=\"12\" sm=\"12\" xs=\"12\" ]<\/p>\r\n<p style=\"text-align: center;\"><img class=\"aligncenter wp-image-28120 size-medium\" src=\"https:\/\/www.dynseo.com\/wp-content\/uploads\/2020\/03\/Le-promeneur-1-300x199.png\" alt=\"\" width=\"300\" height=\"199\"><\/p>\r\n<p style=\"text-align: center;\"><b style=\"color: #007f7f;\"><span style=\"color: #526fa1;\">Le Promeneur<\/span>\u00a0<\/b>: un jeu o\u00f9 vous devez aider le promeneur \u00e0 retrouver son chemin. Attention, vous disposez de nombreuses pi\u00e8ces mais certaines n\u2019ont pas d\u2019utilit\u00e9 et sont en trop ! Ce jeu fait travailler la logique, ainsi que le rep\u00e9rage visuo-spatial.<\/p>\r\n<p style=\"text-align: center;\">[\/column]<br>[column lg=\"4\" md=\"12\" sm=\"12\" xs=\"12\" ]<\/p>\r\n<p style=\"text-align: center;\"><img class=\"aligncenter wp-image-28144 size-medium\" src=\"https:\/\/www.dynseo.com\/wp-content\/uploads\/2020\/03\/Quizzle-1-300x199.png\" alt=\"\" width=\"300\" height=\"199\"><\/p>\r\n<p style=\"text-align: center;\"><span style=\"color: #526fa1;\"><strong>Quizzle<\/strong><\/span> : un jeu o\u00f9 vous testez votre culture g\u00e9n\u00e9rale ! R\u00e9pondez \u00e0 de nombreuses questions d\u2019histoire, g\u00e9ographie, cin\u00e9ma etc\u2026 pour d\u00e9couvrir l\u2019image cach\u00e9e. Ce jeu fait appel \u00e0 votre m\u00e9moire ancienne !<\/p>\r\n<p style=\"text-align: center;\">[\/column]<br>[column lg=\"4\" md=\"12\" sm=\"12\" xs=\"12\" ]<\/p>\r\n<p style=\"text-align: center;\"><img class=\"aligncenter wp-image-28095 size-medium\" src=\"https:\/\/www.dynseo.com\/wp-content\/uploads\/2020\/03\/ColorForm-1-300x199.png\" alt=\"\" width=\"300\" height=\"199\"><\/p>\r\n<p style=\"text-align: center;\"><span style=\"color: #526fa1;\"><strong>ColorForm<\/strong><\/span>\u00a0: un jeu o\u00f9 il faut rapidement trouver la m\u00eame forme et\/ou couleur que dans l\u2019exemple. Ce jeu se joue aussi en multijoueur. Ce jeu fait appel \u00e0 votre concentration, votre m\u00e9moire visuelle mais aussi votre rep\u00e9rage visuo-spatial.<\/p>\r\n<p style=\"text-align: center;\">[\/column]<br>[\/row]<\/p>\r\n<p style=\"text-align: center;\">\r\n<\/p><p>[row]<br>[column lg=\"4\" md=\"12\" sm=\"12\" xs=\"12\" ]<\/p>\r\n<p><span style=\"color: #526fa1;\"><img class=\"aligncenter wp-image-28083 size-medium\" src=\"https:\/\/www.dynseo.com\/wp-content\/uploads\/2020\/03\/Calculus-300x199.png\" alt=\"\" width=\"300\" height=\"199\"><\/span><\/p>\r\n<p><span style=\"color: #526fa1;\"><strong>Calculus<\/strong><\/span>\u00a0: un jeu de calcul mental o\u00f9 il faut r\u00e9soudre des op\u00e9rations. Deux modes de jeux sont propos\u00e9s : r\u00e9ponse avec 4 propositions ou r\u00e9ponse libre.<\/p>\r\n<p>[\/column]<br>[column lg=\"4\" md=\"12\" sm=\"12\" xs=\"12\" ]<\/p>\r\n<p style=\"text-align: center;\"><img class=\"aligncenter wp-image-28160 size-medium\" src=\"https:\/\/www.dynseo.com\/wp-content\/uploads\/2020\/03\/Sudoku-1-300x199.png\" alt=\"\" width=\"300\" height=\"199\"><\/p>\r\n<p style=\"text-align: center;\"><span style=\"color: #526fa1;\"><strong>Sudoku<\/strong><\/span>\u00a0: le c\u00e9l\u00e8bre jeu de casse-t\u00eate japonais o\u00f9 il faut remplir la grille avec les chiffres correspondants. Pour plus de divertissement, un mode o\u00f9 il faut remplir avec des formes est \u00e9galement pr\u00e9sent !<\/p>\r\n<p>[\/column]<br>[column lg=\"4\" md=\"12\" sm=\"12\" xs=\"12\" ]<\/p>\r\n<p style=\"text-align: center;\"><img class=\"aligncenter wp-image-28087 size-medium\" src=\"https:\/\/www.dynseo.com\/wp-content\/uploads\/2020\/03\/Cascade-Infernale-1-300x199.png\" alt=\"\" width=\"300\" height=\"199\"><\/p>\r\n<p style=\"text-align: center;\"><span style=\"color: #007f7f;\"><span style=\"color: #526fa1;\"><strong>Cascade Infernale <\/strong><\/span><span style=\"color: #333333;\">: Sur Cascade, il faut cocher les diff\u00e9rences sur les symboles qui d\u00e9filent \u00e0 l'\u00e9cran ! Ce jeu fait travailler l'attention, les fonctions ex\u00e9cutives, la rapidit\u00e9, ainsi que le rep\u00e9rage visuo-spatial.<\/span><\/span><\/p>\r\n<p>[\/column]<br>[\/row]<\/p>\r\n<p>\u00a0<\/p>\r\n<p>[row]<br>[column lg=\"4\" md=\"12\" sm=\"12\" xs=\"12\" ]<\/p>\r\n<p style=\"text-align: center;\"><img class=\"aligncenter wp-image-28185 size-medium\" src=\"https:\/\/www.dynseo.com\/wp-content\/uploads\/2020\/03\/Mamie-Cuisine-2-300x199.png\" alt=\"\" width=\"300\" height=\"199\"><\/p>\r\n<p style=\"text-align: center;\"><span style=\"color: #526fa1;\"><span style=\"caret-color: #007f7f; font-weight: 600;\">Mamie<\/span><b>\u00a0Cuisine<\/b><\/span> : un jeu o\u00f9 il faut retenir les recettes de cuisine, comme ici la recette de la daube de boeuf, en se rappelant de toutes les quantit\u00e9s. Ce jeu fait travailler la m\u00e9moire s\u00e9mantique, la m\u00e9moire \u00e9pisodique, la m\u00e9moire autobiographique, ainsi que la m\u00e9moire de travail\u2026 et la gourmandise !<\/p>\r\n<p>[\/column]<br>[column lg=\"4\" md=\"12\" sm=\"12\" xs=\"12\" ]<\/p>\r\n<p style=\"text-align: center;\"><img class=\"aligncenter wp-image-28168 size-medium\" src=\"https:\/\/www.dynseo.com\/wp-content\/uploads\/2020\/03\/Tour-du-Monde-1-300x199.png\" alt=\"\" width=\"300\" height=\"199\"><\/p>\r\n<p style=\"text-align: center;\"><span style=\"color: #007f7f;\"><strong><span style=\"color: #526fa1;\">Tour du Monde<\/span>\u00a0<\/strong><\/span>: un jeu o\u00f9 il faut placer les pays Europ\u00e9ens sur la carte. Si vous ne savez pas, vous pouvez d\u00e9penser vos \u201cp\u00e9pettes\u201d gagn\u00e9es, afin d\u2019obtenir des indices. Alors o\u00f9 se situe le Royaume-Uni ? Ce jeu fait travailler la m\u00e9moire s\u00e9mantique, mais aussi le rep\u00e9rage visuo-spatial, les gnosies visuelles et la m\u00e9moire visuelle.<\/p>\r\n<p>[\/column]<br>[column lg=\"4\" md=\"12\" sm=\"12\" xs=\"12\" ]<\/p>\r\n<p style=\"text-align: center;\"><img class=\"aligncenter wp-image-28189 size-medium\" src=\"https:\/\/www.dynseo.com\/wp-content\/uploads\/2020\/03\/Chasse-\u00e0-lintru-300x201.png\" alt=\"\" width=\"300\" height=\"201\"><\/p>\r\n<p style=\"text-align: center;\"><span style=\"color: #007f7f;\"><strong><span style=\"color: #526fa1;\">Chasse \u00e0 l'Intrus<\/span>\u00a0<\/strong><\/span>: comme son nom l\u2019indique, il faut retrouver l\u2019intrus parmi les 4 propositions. Ce jeu peut de plus \u00eatre utilis\u00e9 en multijoueur et vous permet d'affronter d'autres joueurs de la communaut\u00e9 en ligne.<\/p>\r\n<p>[\/column]<br>[\/row]<\/p>\r\n<p style=\"text-align: center;\">\r\n<\/p><h2 style=\"text-align: center;\"><strong><span style=\"color: #526fa1;\">STIM'ART JOE EN 1 MINUTE <\/span><\/strong><\/h2>\r\n<p style=\"text-align: left;\">[row]<br>[column lg=\"4\" md=\"12\" sm=\"12\" xs=\"12\" ]<\/p>\r\n<p>[\/column]<br>[column lg=\"4\" md=\"12\" sm=\"12\" xs=\"12\" ]<br><iframe src=\"https:\/\/www.youtube.com\/embed\/CSIagrMgq-c\" width=\"560\" height=\"315\" frameborder=\"0\" allowfullscreen=\"allowfullscreen\"><\/iframe><br>[\/column]<br>[column lg=\"4\" md=\"12\" sm=\"12\" xs=\"12\" ]<\/p>\r\n<p>[\/column]<br>[\/row]<\/p>\r\n<p>\u00a0<\/p>\r\n<h2 style=\"text-align: center;\"><span style=\"color: #526fa1;\"><strong>UN SUIVI PERSONNALISE AVEC SUZIE<\/strong>\u00a0<\/span><\/h2>\r\n<p>[row]<br>[column lg=\"6\" md=\"12\" sm=\"12\" xs=\"12\" mdclear=\"yes\" ]<\/p>\r\n<p style=\"text-align: justify;\">Ce ne sont pas que des jeux ! En effet l\u2019int\u00e9r\u00eat est de pouvoir mesurer ses performances et rep\u00e9rer ses fragilit\u00e9s. Au sein de l\u2019application, vous avez acc\u00e8s \u00e0 une partie simplifi\u00e9e de vos r\u00e9sultats : niveaux de difficult\u00e9, jeux favoris, taux de r\u00e9ussite, nombre de parties jou\u00e9es mais aussi\u2026 aux fonctions cognitives travaill\u00e9es pour chaque jeu.<\/p>\r\n<p style=\"text-align: justify;\"><span style=\"color: #526fa1;\"><strong>De quoi suivre vos progr\u00e8s au quotidien et construire un programme d\u2019entra\u00eenement c\u00e9r\u00e9bral selon vos besoins.<\/strong><\/span><\/p>\r\n<p>De plus, <span style=\"color: #526fa1;\"><strong>Suzie votre coach c\u00e9r\u00e9bral<\/strong><\/span>, vous enverra tous les lundis matins un bilan de votre semaine, et vous conseillera sur les jeux de m\u00e9moire \u00e0 utiliser en fonction des objectifs \u00e0 atteindre.<\/p>\r\n<p><img class=\"aligncenter  wp-image-18725\" src=\"https:\/\/www.dynseo.com\/wp-content\/uploads\/\" alt=\"\" width=\"192\" height=\"158\"><\/p>\r\n<p style=\"text-align: justify;\">\r\n<\/p><p>[\/column]<br>[column lg=\"6\" md=\"12\" sm=\"12\" xs=\"12\" ]<br><img class=\"aligncenter wp-image-10139\" src=\"https:\/\/www.dynseo.com\/wp-content\/uploads\/2018\/10\/Ecran-statistiques.png\" alt=\"jeux ludiques et culturels senior\" width=\"573\" height=\"382\"><br>[\/column]<br>[\/row]<\/p>\r\n<h2 style=\"text-align: center;\">\u00a0<\/h2>\r\n<h2 style=\"text-align: center;\"><strong><span style=\"color: #526fa1;\">UN ENTRAINEMENT C\u00c9R\u00c9BRAL COMPLET <\/span><\/strong><\/h2>\r\n<ul>\r\n<li>Une application mise \u00e0 jour r\u00e9guli\u00e8rement<img class=\"size-full wp-image-10142 alignright\" src=\"https:\/\/www.dynseo.com\/wp-content\/uploads\/\" alt=\"\" width=\"400\" height=\"151\"><\/li>\r\n<li>Une ergonomie est simple et intuitive<\/li>\r\n<li>Les jeux fonctionnent sans Wifi<\/li>\r\n<li>Possibilit\u00e9 de jouer \u00e0 plusieurs sur la m\u00eame tablette, et m\u00eame \u00e0 distance !<\/li>\r\n<\/ul>\r\n<h3><span style=\"color: #526fa1;\">Une \u00e9tude scientifique<\/span><\/h3>\r\n<p>[row]<br>[column lg=\"6\" md=\"12\" sm=\"12\" xs=\"12\" ]<br>Une \u00e9tude scientifique \"Adoption and Use of a Mobile Health Application in Older Adults for Cognitive Stimulation\" - Etude r\u00e9alis\u00e9e par Mobin YASINI et Guillaume MARCHAND - sur l'adoption et l'utilisation du programme de stimulation cognitive Stim'Art a d\u00e9montr\u00e9 les \u00e9l\u00e9ments suivants :<\/p>\r\n<ul>\r\n<li>Un\u00a0<span style=\"color: #007f7f;\"><strong><span style=\"color: #526fa1;\">taux de r\u00e9ussite globale en progr\u00e8s<\/span><\/strong><\/span>\u00a0qui atteint 70,84% au bout de 6 mois<\/li>\r\n<li>Une\u00a0<span style=\"color: #526fa1;\"><strong>\u00e9volution du bien-\u00eatre<\/strong><\/span><\/li>\r\n<\/ul>\r\n<p><a href=\"https:\/\/www.dynseo.com\/wp-content\/uploads\/2018\/10\/Etudes-DMD-StimArt.pdf\"><img class=\"aligncenter wp-image-28735 size-medium\" src=\"https:\/\/www.dynseo.com\/wp-content\/uploads\/2020\/04\/Bouton-en-savoir-plus-300x90.png\" alt=\"\" width=\"300\" height=\"90\"><\/a><br>[\/column]<br>[column lg=\"6\" md=\"12\" sm=\"12\" xs=\"12\" ]<br><img class=\"wp-image-10244 aligncenter\" src=\"https:\/\/www.dynseo.com\/wp-content\/uploads\/2018\/10\/VisuelFinalEtudeClinique.png\" alt=\"\" width=\"653\" height=\"404\"><br>[\/column]<br>[\/row]<\/p>\r\n<p>\u00a0<\/p>\r\n<h2 style=\"text-align: center;\"><strong><span style=\"color: #526fa1;\">ABONNEZ-VOUS A PRIX DOUX\u00a0<\/span><\/strong><\/h2>\r\n<p>[ARPrice id=112]<\/p>\r\n<h2 style=\"text-align: center;\"><strong><span style=\"color: #526fa1;\">LA JOE FAMILY<\/span><\/strong><\/h2>\r\n<h3>[ARPrice id=115]<\/h3>\r\n<h3>\u00a0<\/h3>\r\n<h3 style=\"text-align: center;\"><span style=\"color: #526fa1;\"><span style=\"color: #526fa1;\">TOUTE LA FAMILLE SOUHAITE JOUER A JOE ? <span style=\"font-size: 18.72px;\">D\u00c9COUVREZ<\/span> STIM'ART FAMILLE<\/span> <\/span><br>[column lg=\"6\" md=\"12\" sm=\"12\" xs=\"12\" ]<\/h3>\r\n<p>Le b\u00e9n\u00e9ficiaire du cadeau Stim\u2019Art Famille, <span style=\"color: #526fa1;\"><strong>le chef de famille<\/strong>,<\/span>\u00a0 obtient un an d\u2019abonnement \u00e0 notre programme de jeux de m\u00e9moire Stim\u2019Art JOE. Il obtient \u00e9galement 6 cartes Famille, qu\u2019il va pouvoir distribuer \u00e0 6 joueurs de son choix, qui vont alors jouer en \u00e9quipe et constituer une famille.<\/p>\r\n<p>Chaque joueur re\u00e7oit alors une carte, avec la d\u00e9marche \u00e0 suivre :<\/p>\r\n<ul>\r\n<li>Il devra alors t\u00e9l\u00e9charger l\u2019application \u201cFamily Joe\u201d sur son smartphone ou sa tablette (Android ou Apple)<\/li>\r\n<li>Il rentrera le code Famille inscrit sur sa carte,<\/li>\r\n<li>Il rejoindra sa famille et pourra d\u00e9fier ses proches ou d\u2019autres familles<\/li>\r\n<\/ul>\r\n<p>[\/column]<br>[column lg=\"6\" md=\"12\" sm=\"12\" xs=\"12\" ]<br><img class=\" wp-image-10141 aligncenter\" src=\"https:\/\/www.dynseo.com\/wp-content\/uploads\/\" alt=\"\" width=\"384\" height=\"242\"><\/p>\r\n<p><a href=\"https:\/\/www.dynseo.com\/jeux-de-memoire\/stimart-famille-jeux-en-ligne\/\"><img class=\"aligncenter wp-image-28735 size-medium\" src=\"https:\/\/www.dynseo.com\/wp-content\/uploads\/2020\/04\/Bouton-en-savoir-plus-300x90.png\" alt=\"\" width=\"300\" height=\"90\"><\/a>[\/column]<\/p>\r\n<p>\u00a0<\/p><\/div><\/div>\r\n\r\n\r\n<h2>\u00a0<\/h2>\r\n\r\n\r\n\r\n\r\n\r\n","_et_gb_content_width":"","footnotes":""},"categories":[2993],"tags":[],"class_list":["post-489810","post","type-post","status-publish","format-standard","has-post-thumbnail","hentry","category-2993"],"yoast_head":"<!-- This site is optimized with the Yoast SEO plugin v27.4 - https:\/\/yoast.com\/product\/yoast-seo-wordpress\/ -->\n<title>SEP et D\u00e9pression : Quand l&#039;Humeur Affecte la Cognition | DYNSEO - DYNSEO - Aplica\u00e7\u00f5es educativas e jogos de mem\u00f3ria<\/title>\n<meta name=\"robots\" content=\"index, follow, max-snippet:-1, max-image-preview:large, max-video-preview:-1\" \/>\n<link rel=\"canonical\" href=\"https:\/\/www.dynseo.com\/pt-pt\/sep-et-depression-quand-lhumeur-affecte-la-cognition-dynseo-2\/\" \/>\n<meta property=\"og:locale\" content=\"pt_PT\" \/>\n<meta property=\"og:type\" content=\"article\" \/>\n<meta property=\"og:title\" content=\"SEP et D\u00e9pression : Quand l&#039;Humeur Affecte la Cognition | DYNSEO - DYNSEO - Aplica\u00e7\u00f5es educativas e jogos de mem\u00f3ria\" \/>\n<meta property=\"og:url\" content=\"https:\/\/www.dynseo.com\/pt-pt\/sep-et-depression-quand-lhumeur-affecte-la-cognition-dynseo-2\/\" \/>\n<meta property=\"og:site_name\" content=\"DYNSEO - Aplica\u00e7\u00f5es educativas e jogos de mem\u00f3ria\" \/>\n<meta property=\"article:published_time\" content=\"2026-01-25T14:34:50+00:00\" \/>\n<meta property=\"article:modified_time\" content=\"2026-03-11T12:33:47+00:00\" \/>\n<meta property=\"og:image\" content=\"https:\/\/www.dynseo.com\/wp-content\/uploads\/2023\/03\/telemedecine-ehpad.png\" \/>\n\t<meta property=\"og:image:width\" content=\"500\" \/>\n\t<meta property=\"og:image:height\" content=\"500\" \/>\n\t<meta property=\"og:image:type\" content=\"image\/png\" \/>\n<meta name=\"author\" content=\"DYNSEO\" \/>\n<meta name=\"twitter:label1\" content=\"Escrito por\" \/>\n\t<meta name=\"twitter:data1\" content=\"DYNSEO\" \/>\n\t<meta name=\"twitter:label2\" content=\"Tempo estimado de leitura\" \/>\n\t<meta name=\"twitter:data2\" content=\"11 minutos\" \/>\n<script type=\"application\/ld+json\" class=\"yoast-schema-graph\">{\"@context\":\"https:\\\/\\\/schema.org\",\"@graph\":[{\"@type\":\"Article\",\"@id\":\"https:\\\/\\\/www.dynseo.com\\\/pt-pt\\\/sep-et-depression-quand-lhumeur-affecte-la-cognition-dynseo-2\\\/#article\",\"isPartOf\":{\"@id\":\"https:\\\/\\\/www.dynseo.com\\\/pt-pt\\\/sep-et-depression-quand-lhumeur-affecte-la-cognition-dynseo-2\\\/\"},\"author\":{\"name\":\"DYNSEO\",\"@id\":\"https:\\\/\\\/www.dynseo.com\\\/pt-pt\\\/#\\\/schema\\\/person\\\/78ef63df2ee64e0989bc68f8401b38d6\"},\"headline\":\"SEP et D\u00e9pression : Quand l&#8217;Humeur Affecte la Cognition | DYNSEO\",\"datePublished\":\"2026-01-25T14:34:50+00:00\",\"dateModified\":\"2026-03-11T12:33:47+00:00\",\"mainEntityOfPage\":{\"@id\":\"https:\\\/\\\/www.dynseo.com\\\/pt-pt\\\/sep-et-depression-quand-lhumeur-affecte-la-cognition-dynseo-2\\\/\"},\"wordCount\":2282,\"publisher\":{\"@id\":\"https:\\\/\\\/www.dynseo.com\\\/pt-pt\\\/#organization\"},\"image\":{\"@id\":\"https:\\\/\\\/www.dynseo.com\\\/pt-pt\\\/sep-et-depression-quand-lhumeur-affecte-la-cognition-dynseo-2\\\/#primaryimage\"},\"thumbnailUrl\":\"https:\\\/\\\/www.dynseo.com\\\/wp-content\\\/uploads\\\/2023\\\/03\\\/telemedecine-ehpad.png\",\"articleSection\":[\"\u672a\u5206\u7c7b - unclassified\"],\"inLanguage\":\"pt-PT\"},{\"@type\":\"WebPage\",\"@id\":\"https:\\\/\\\/www.dynseo.com\\\/pt-pt\\\/sep-et-depression-quand-lhumeur-affecte-la-cognition-dynseo-2\\\/\",\"url\":\"https:\\\/\\\/www.dynseo.com\\\/pt-pt\\\/sep-et-depression-quand-lhumeur-affecte-la-cognition-dynseo-2\\\/\",\"name\":\"SEP et D\u00e9pression : Quand l'Humeur Affecte la Cognition | DYNSEO - DYNSEO - Aplica\u00e7\u00f5es educativas e jogos de mem\u00f3ria\",\"isPartOf\":{\"@id\":\"https:\\\/\\\/www.dynseo.com\\\/pt-pt\\\/#website\"},\"primaryImageOfPage\":{\"@id\":\"https:\\\/\\\/www.dynseo.com\\\/pt-pt\\\/sep-et-depression-quand-lhumeur-affecte-la-cognition-dynseo-2\\\/#primaryimage\"},\"image\":{\"@id\":\"https:\\\/\\\/www.dynseo.com\\\/pt-pt\\\/sep-et-depression-quand-lhumeur-affecte-la-cognition-dynseo-2\\\/#primaryimage\"},\"thumbnailUrl\":\"https:\\\/\\\/www.dynseo.com\\\/wp-content\\\/uploads\\\/2023\\\/03\\\/telemedecine-ehpad.png\",\"datePublished\":\"2026-01-25T14:34:50+00:00\",\"dateModified\":\"2026-03-11T12:33:47+00:00\",\"breadcrumb\":{\"@id\":\"https:\\\/\\\/www.dynseo.com\\\/pt-pt\\\/sep-et-depression-quand-lhumeur-affecte-la-cognition-dynseo-2\\\/#breadcrumb\"},\"inLanguage\":\"pt-PT\",\"potentialAction\":[{\"@type\":\"ReadAction\",\"target\":[\"https:\\\/\\\/www.dynseo.com\\\/pt-pt\\\/sep-et-depression-quand-lhumeur-affecte-la-cognition-dynseo-2\\\/\"]}]},{\"@type\":\"ImageObject\",\"inLanguage\":\"pt-PT\",\"@id\":\"https:\\\/\\\/www.dynseo.com\\\/pt-pt\\\/sep-et-depression-quand-lhumeur-affecte-la-cognition-dynseo-2\\\/#primaryimage\",\"url\":\"https:\\\/\\\/www.dynseo.com\\\/wp-content\\\/uploads\\\/2023\\\/03\\\/telemedecine-ehpad.png\",\"contentUrl\":\"https:\\\/\\\/www.dynseo.com\\\/wp-content\\\/uploads\\\/2023\\\/03\\\/telemedecine-ehpad.png\",\"width\":500,\"height\":500,\"caption\":\"Aprenda de maneira l\u00fadica com nossos jogos para dislexia\"},{\"@type\":\"BreadcrumbList\",\"@id\":\"https:\\\/\\\/www.dynseo.com\\\/pt-pt\\\/sep-et-depression-quand-lhumeur-affecte-la-cognition-dynseo-2\\\/#breadcrumb\",\"itemListElement\":[{\"@type\":\"ListItem\",\"position\":1,\"name\":\"Accueil\",\"item\":\"https:\\\/\\\/www.dynseo.com\\\/pt-pt\\\/\"},{\"@type\":\"ListItem\",\"position\":2,\"name\":\"SEP et D\u00e9pression : Quand l&#8217;Humeur Affecte la Cognition | DYNSEO\"}]},{\"@type\":\"WebSite\",\"@id\":\"https:\\\/\\\/www.dynseo.com\\\/pt-pt\\\/#website\",\"url\":\"https:\\\/\\\/www.dynseo.com\\\/pt-pt\\\/\",\"name\":\"Jeux de m\u00e9moire et stimulation cognitive\",\"description\":\"Entra\u00eenez votre m\u00e9moire et votre cerveau avec DYNSEO\",\"publisher\":{\"@id\":\"https:\\\/\\\/www.dynseo.com\\\/pt-pt\\\/#organization\"},\"potentialAction\":[{\"@type\":\"SearchAction\",\"target\":{\"@type\":\"EntryPoint\",\"urlTemplate\":\"https:\\\/\\\/www.dynseo.com\\\/pt-pt\\\/?s={search_term_string}\"},\"query-input\":{\"@type\":\"PropertyValueSpecification\",\"valueRequired\":true,\"valueName\":\"search_term_string\"}}],\"inLanguage\":\"pt-PT\"},{\"@type\":\"Organization\",\"@id\":\"https:\\\/\\\/www.dynseo.com\\\/pt-pt\\\/#organization\",\"name\":\"DYNSEO\",\"url\":\"https:\\\/\\\/www.dynseo.com\\\/pt-pt\\\/\",\"logo\":{\"@type\":\"ImageObject\",\"inLanguage\":\"pt-PT\",\"@id\":\"https:\\\/\\\/www.dynseo.com\\\/pt-pt\\\/#\\\/schema\\\/logo\\\/image\\\/\",\"url\":\"https:\\\/\\\/www.dynseo.com\\\/wp-content\\\/uploads\\\/2022\\\/05\\\/logo-dynseo-new.png\",\"contentUrl\":\"https:\\\/\\\/www.dynseo.com\\\/wp-content\\\/uploads\\\/2022\\\/05\\\/logo-dynseo-new.png\",\"width\":5073,\"height\":1397,\"caption\":\"DYNSEO\"},\"image\":{\"@id\":\"https:\\\/\\\/www.dynseo.com\\\/pt-pt\\\/#\\\/schema\\\/logo\\\/image\\\/\"}},{\"@type\":\"Person\",\"@id\":\"https:\\\/\\\/www.dynseo.com\\\/pt-pt\\\/#\\\/schema\\\/person\\\/78ef63df2ee64e0989bc68f8401b38d6\",\"name\":\"DYNSEO\",\"url\":\"https:\\\/\\\/www.dynseo.com\\\/pt-pt\\\/author\\\/justine\\\/\"}]}<\/script>\n<!-- \/ Yoast SEO plugin. -->","yoast_head_json":{"title":"SEP et D\u00e9pression : Quand l'Humeur Affecte la Cognition | DYNSEO - DYNSEO - Aplica\u00e7\u00f5es educativas e jogos de mem\u00f3ria","robots":{"index":"index","follow":"follow","max-snippet":"max-snippet:-1","max-image-preview":"max-image-preview:large","max-video-preview":"max-video-preview:-1"},"canonical":"https:\/\/www.dynseo.com\/pt-pt\/sep-et-depression-quand-lhumeur-affecte-la-cognition-dynseo-2\/","og_locale":"pt_PT","og_type":"article","og_title":"SEP et D\u00e9pression : Quand l'Humeur Affecte la Cognition | DYNSEO - DYNSEO - Aplica\u00e7\u00f5es educativas e jogos de mem\u00f3ria","og_url":"https:\/\/www.dynseo.com\/pt-pt\/sep-et-depression-quand-lhumeur-affecte-la-cognition-dynseo-2\/","og_site_name":"DYNSEO - Aplica\u00e7\u00f5es educativas e jogos de mem\u00f3ria","article_published_time":"2026-01-25T14:34:50+00:00","article_modified_time":"2026-03-11T12:33:47+00:00","og_image":[{"width":500,"height":500,"url":"https:\/\/www.dynseo.com\/wp-content\/uploads\/2023\/03\/telemedecine-ehpad.png","type":"image\/png"}],"author":"DYNSEO","twitter_misc":{"Escrito por":"DYNSEO","Tempo estimado de leitura":"11 minutos"},"schema":{"@context":"https:\/\/schema.org","@graph":[{"@type":"Article","@id":"https:\/\/www.dynseo.com\/pt-pt\/sep-et-depression-quand-lhumeur-affecte-la-cognition-dynseo-2\/#article","isPartOf":{"@id":"https:\/\/www.dynseo.com\/pt-pt\/sep-et-depression-quand-lhumeur-affecte-la-cognition-dynseo-2\/"},"author":{"name":"DYNSEO","@id":"https:\/\/www.dynseo.com\/pt-pt\/#\/schema\/person\/78ef63df2ee64e0989bc68f8401b38d6"},"headline":"SEP et D\u00e9pression : Quand l&#8217;Humeur Affecte la Cognition | DYNSEO","datePublished":"2026-01-25T14:34:50+00:00","dateModified":"2026-03-11T12:33:47+00:00","mainEntityOfPage":{"@id":"https:\/\/www.dynseo.com\/pt-pt\/sep-et-depression-quand-lhumeur-affecte-la-cognition-dynseo-2\/"},"wordCount":2282,"publisher":{"@id":"https:\/\/www.dynseo.com\/pt-pt\/#organization"},"image":{"@id":"https:\/\/www.dynseo.com\/pt-pt\/sep-et-depression-quand-lhumeur-affecte-la-cognition-dynseo-2\/#primaryimage"},"thumbnailUrl":"https:\/\/www.dynseo.com\/wp-content\/uploads\/2023\/03\/telemedecine-ehpad.png","articleSection":["\u672a\u5206\u7c7b - unclassified"],"inLanguage":"pt-PT"},{"@type":"WebPage","@id":"https:\/\/www.dynseo.com\/pt-pt\/sep-et-depression-quand-lhumeur-affecte-la-cognition-dynseo-2\/","url":"https:\/\/www.dynseo.com\/pt-pt\/sep-et-depression-quand-lhumeur-affecte-la-cognition-dynseo-2\/","name":"SEP et D\u00e9pression : Quand l'Humeur Affecte la Cognition | DYNSEO - DYNSEO - Aplica\u00e7\u00f5es educativas e jogos de mem\u00f3ria","isPartOf":{"@id":"https:\/\/www.dynseo.com\/pt-pt\/#website"},"primaryImageOfPage":{"@id":"https:\/\/www.dynseo.com\/pt-pt\/sep-et-depression-quand-lhumeur-affecte-la-cognition-dynseo-2\/#primaryimage"},"image":{"@id":"https:\/\/www.dynseo.com\/pt-pt\/sep-et-depression-quand-lhumeur-affecte-la-cognition-dynseo-2\/#primaryimage"},"thumbnailUrl":"https:\/\/www.dynseo.com\/wp-content\/uploads\/2023\/03\/telemedecine-ehpad.png","datePublished":"2026-01-25T14:34:50+00:00","dateModified":"2026-03-11T12:33:47+00:00","breadcrumb":{"@id":"https:\/\/www.dynseo.com\/pt-pt\/sep-et-depression-quand-lhumeur-affecte-la-cognition-dynseo-2\/#breadcrumb"},"inLanguage":"pt-PT","potentialAction":[{"@type":"ReadAction","target":["https:\/\/www.dynseo.com\/pt-pt\/sep-et-depression-quand-lhumeur-affecte-la-cognition-dynseo-2\/"]}]},{"@type":"ImageObject","inLanguage":"pt-PT","@id":"https:\/\/www.dynseo.com\/pt-pt\/sep-et-depression-quand-lhumeur-affecte-la-cognition-dynseo-2\/#primaryimage","url":"https:\/\/www.dynseo.com\/wp-content\/uploads\/2023\/03\/telemedecine-ehpad.png","contentUrl":"https:\/\/www.dynseo.com\/wp-content\/uploads\/2023\/03\/telemedecine-ehpad.png","width":500,"height":500,"caption":"Aprenda de maneira l\u00fadica com nossos jogos para dislexia"},{"@type":"BreadcrumbList","@id":"https:\/\/www.dynseo.com\/pt-pt\/sep-et-depression-quand-lhumeur-affecte-la-cognition-dynseo-2\/#breadcrumb","itemListElement":[{"@type":"ListItem","position":1,"name":"Accueil","item":"https:\/\/www.dynseo.com\/pt-pt\/"},{"@type":"ListItem","position":2,"name":"SEP et D\u00e9pression : Quand l&#8217;Humeur Affecte la Cognition | DYNSEO"}]},{"@type":"WebSite","@id":"https:\/\/www.dynseo.com\/pt-pt\/#website","url":"https:\/\/www.dynseo.com\/pt-pt\/","name":"Jeux de m\u00e9moire et stimulation cognitive","description":"Entra\u00eenez votre m\u00e9moire et votre cerveau avec DYNSEO","publisher":{"@id":"https:\/\/www.dynseo.com\/pt-pt\/#organization"},"potentialAction":[{"@type":"SearchAction","target":{"@type":"EntryPoint","urlTemplate":"https:\/\/www.dynseo.com\/pt-pt\/?s={search_term_string}"},"query-input":{"@type":"PropertyValueSpecification","valueRequired":true,"valueName":"search_term_string"}}],"inLanguage":"pt-PT"},{"@type":"Organization","@id":"https:\/\/www.dynseo.com\/pt-pt\/#organization","name":"DYNSEO","url":"https:\/\/www.dynseo.com\/pt-pt\/","logo":{"@type":"ImageObject","inLanguage":"pt-PT","@id":"https:\/\/www.dynseo.com\/pt-pt\/#\/schema\/logo\/image\/","url":"https:\/\/www.dynseo.com\/wp-content\/uploads\/2022\/05\/logo-dynseo-new.png","contentUrl":"https:\/\/www.dynseo.com\/wp-content\/uploads\/2022\/05\/logo-dynseo-new.png","width":5073,"height":1397,"caption":"DYNSEO"},"image":{"@id":"https:\/\/www.dynseo.com\/pt-pt\/#\/schema\/logo\/image\/"}},{"@type":"Person","@id":"https:\/\/www.dynseo.com\/pt-pt\/#\/schema\/person\/78ef63df2ee64e0989bc68f8401b38d6","name":"DYNSEO","url":"https:\/\/www.dynseo.com\/pt-pt\/author\/justine\/"}]}},"_links":{"self":[{"href":"https:\/\/www.dynseo.com\/pt-pt\/wp-json\/wp\/v2\/posts\/489810","targetHints":{"allow":["GET"]}}],"collection":[{"href":"https:\/\/www.dynseo.com\/pt-pt\/wp-json\/wp\/v2\/posts"}],"about":[{"href":"https:\/\/www.dynseo.com\/pt-pt\/wp-json\/wp\/v2\/types\/post"}],"author":[{"embeddable":true,"href":"https:\/\/www.dynseo.com\/pt-pt\/wp-json\/wp\/v2\/users\/4"}],"replies":[{"embeddable":true,"href":"https:\/\/www.dynseo.com\/pt-pt\/wp-json\/wp\/v2\/comments?post=489810"}],"version-history":[{"count":4,"href":"https:\/\/www.dynseo.com\/pt-pt\/wp-json\/wp\/v2\/posts\/489810\/revisions"}],"predecessor-version":[{"id":512110,"href":"https:\/\/www.dynseo.com\/pt-pt\/wp-json\/wp\/v2\/posts\/489810\/revisions\/512110"}],"wp:featuredmedia":[{"embeddable":true,"href":"https:\/\/www.dynseo.com\/pt-pt\/wp-json\/wp\/v2\/media\/100456"}],"wp:attachment":[{"href":"https:\/\/www.dynseo.com\/pt-pt\/wp-json\/wp\/v2\/media?parent=489810"}],"wp:term":[{"taxonomy":"category","embeddable":true,"href":"https:\/\/www.dynseo.com\/pt-pt\/wp-json\/wp\/v2\/categories?post=489810"},{"taxonomy":"post_tag","embeddable":true,"href":"https:\/\/www.dynseo.com\/pt-pt\/wp-json\/wp\/v2\/tags?post=489810"}],"curies":[{"name":"wp","href":"https:\/\/api.w.org\/{rel}","templated":true}]}}