{"id":489928,"date":"2026-01-25T16:42:59","date_gmt":"2026-01-25T15:42:59","guid":{"rendered":"https:\/\/www.dynseo.com\/chaleur-et-sep-le-phenomene-duhthoff-et-la-cognition-dynseo-2\/"},"modified":"2026-03-11T13:34:07","modified_gmt":"2026-03-11T12:34:07","slug":"chaleur-et-sep-le-phenomene-duhthoff-et-la-cognition-dynseo-2","status":"publish","type":"post","link":"https:\/\/www.dynseo.com\/pt-pt\/chaleur-et-sep-le-phenomene-duhthoff-et-la-cognition-dynseo-2\/","title":{"rendered":"Chaleur et SEP : Le Ph\u00e9nom\u00e8ne d&#8217;Uhthoff et la Cognition | DYNSEO"},"content":{"rendered":"<p>[et_pb_section fb_built=&#8221;1&#8243; admin_label=&#8221;Article HTML&#8221; _builder_version=&#8221;4.16&#8243; custom_padding=&#8221;0px||0px||false|false&#8221; global_colors_info=&#8221;{}&#8221;][et_pb_row admin_label=&#8221;Contenu&#8221; _builder_version=&#8221;4.16&#8243; width=&#8221;100%&#8221; max_width=&#8221;100%&#8221; custom_padding=&#8221;0px||0px||false|false&#8221; global_colors_info=&#8221;{}&#8221;][et_pb_column type=&#8221;4_4&#8243; _builder_version=&#8221;4.16&#8243; global_colors_info=&#8221;{}&#8221;][et_pb_code admin_label=&#8221;HTML import\u00e9&#8221; _builder_version=&#8221;4.16&#8243; global_colors_info=&#8221;{}&#8221;]<\/p>\n<style type=\"text\/css\">\n:root{--bleu-principal:#5e5ed7;--vert:#a9e2e4;--jaune:#ffeca7;--rose-framboise:#e73469;--bleu-secondaire:#5268c9;--text-color:#2c3e50;--text-light:#64748b;--white:#fff}\n.dbi-art-4faf7a * {margin:0;padding:0;box-sizing:border-box}\n.dbi-art-4faf7a {font-family:'Montserrat',sans-serif;line-height:1.8;color:var(--text-color);background:var(--white)}\n.dbi-art-4faf7a .article-header {background:linear-gradient(135deg,var(--rose-framboise),#ff6b6b);color:var(--white);padding:80px 25px}\n.dbi-art-4faf7a .header-content {max-width:900px;margin:0 auto}\n.dbi-art-4faf7a h1 {font-size:2.5rem;font-weight:700;margin-bottom:25px}\n.dbi-art-4faf7a .header-subtitle {font-size:1.2rem;opacity:0.9}\n.dbi-art-4faf7a .container {max-width:850px;margin:0 auto;padding:0 25px}\n.dbi-art-4faf7a main {padding:60px 0}\n.dbi-art-4faf7a h2 {font-size:1.8rem;color:var(--bleu-principal);margin:50px 0 25px;padding-bottom:15px;border-bottom:3px solid var(--vert)}\n.dbi-art-4faf7a h3 {font-size:1.3rem;color:var(--bleu-secondaire);margin:35px 0 15px}\n.dbi-art-4faf7a p {margin-bottom:20px;font-size:1.05rem;text-align:justify}\n.dbi-art-4faf7a .intro {font-size:1.15rem;color:var(--text-light);border-left:4px solid var(--rose-framboise);padding-left:25px;margin:40px 0;font-style:italic}\n.dbi-art-4faf7a ul {margin:20px 0;padding-left:0;list-style:none}\n.dbi-art-4faf7a ul li {padding-left:25px;margin-bottom:10px;position:relative}\n.dbi-art-4faf7a ul li::before {content:\"\";position:absolute;left:0;top:10px;width:8px;height:8px;background:var(--rose-framboise);border-radius:50%}\n.dbi-art-4faf7a .feature-grid {display:grid;grid-template-columns:repeat(3,1fr);gap:20px;margin:40px 0}\n.dbi-art-4faf7a .feature-card {background:var(--white);border-radius:15px;padding:25px;text-align:center;box-shadow:0 5px 15px rgba(0,0,0,0.08);border:2px solid var(--vert)}\n.dbi-art-4faf7a .feature-icon {font-size:2rem;margin-bottom:15px}\n.dbi-art-4faf7a .feature-card h4 {color:var(--bleu-principal);margin-bottom:10px}\n.dbi-art-4faf7a .feature-card p {font-size:0.9rem;color:var(--text-light);margin:0}\n.dbi-art-4faf7a .cta-box {background:linear-gradient(135deg,var(--bleu-principal),var(--bleu-secondaire));border-radius:20px;padding:40px;margin:50px 0;text-align:center}\n.dbi-art-4faf7a .cta-box h4 {color:var(--white);font-size:1.5rem;margin-bottom:15px}\n.dbi-art-4faf7a .cta-box p {color:rgba(255,255,255,0.9);margin-bottom:20px}\n.dbi-art-4faf7a .cta-button {display:inline-block;background:var(--jaune);color:var(--bleu-principal);padding:15px 40px;border-radius:50px;text-decoration:none;font-weight:700}\n.dbi-art-4faf7a .highlight-box {background:linear-gradient(135deg,#fff5f8,#ffe8ee);border:2px solid var(--rose-framboise);border-radius:15px;padding:30px;margin:35px 0}\n.dbi-art-4faf7a .highlight-box h4 {color:var(--rose-framboise);margin-bottom:15px}\n.dbi-art-4faf7a .tip-box {background:linear-gradient(135deg,#f0feff,#e5f9fa);border:2px solid var(--vert);border-radius:15px;padding:30px;margin:35px 0}\n.dbi-art-4faf7a .tip-box h4 {color:var(--bleu-secondaire);margin-bottom:15px}\n.dbi-art-4faf7a .conclusion {background:linear-gradient(135deg,#f0feff,#e5f9fa);border-radius:20px;padding:40px;margin:50px 0;border:2px solid var(--vert)}\n.dbi-art-4faf7a blockquote {background:linear-gradient(135deg,#f0f0ff,#e8e8ff);border-left:4px solid var(--bleu-principal);border-radius:0 15px 15px 0;padding:25px 30px;margin:35px 0}\n.dbi-art-4faf7a blockquote p {font-style:italic;margin-bottom:10px}\n.dbi-art-4faf7a blockquote cite {font-weight:600;color:var(--bleu-principal)}\n.dbi-art-4faf7a .article-footer {background:linear-gradient(135deg,var(--bleu-principal),var(--bleu-secondaire));color:var(--white);padding:40px 25px;text-align:center}\n.dbi-art-4faf7a .footer-links {display:flex;justify-content:center;gap:25px;margin-top:20px;flex-wrap:wrap}\n.dbi-art-4faf7a .footer-links a {color:var(--jaune);text-decoration:none}\n@media(max-width:768px) {\n.dbi-art-4faf7a .feature-grid {grid-template-columns:1fr}\n.dbi-art-4faf7a h1 {font-size:2rem}\n}<\/p>\n<\/style>\n<div class=\"dbi-art-4faf7a\">\n<header class=\"article-header\">\n<div class=\"header-content\">\n<div style=\"display:inline-block;background:rgba(255,255,255,0.15);padding:8px 20px;border-radius:50px;font-size:14px;margin-bottom:25px\">\ud83c\udf21\ufe0f Calor e EM<\/div>\n<h1>Calor e Esclerose M\u00faltipla: O Fen\u00f4meno de Uhthoff e seu Impacto na Cogni\u00e7\u00e3o<\/h1>\n<pee class=\"header-subtitle\">Quando a temperatura sobe, os sintomas da EM podem piorar temporariamente. Descubra como proteger seu c\u00e9rebro e adaptar sua estimula\u00e7\u00e3o cognitiva durante os per\u00edodos quentes.<\/pee>\n    <\/div>\n<\/header>\n<p><main><\/p>\n<div class=\"container\">\n<pee class=\"intro\">O ver\u00e3o, as f\u00e9rias ao sol, um banho quente: para muitas pessoas com esclerose m\u00faltipla, essas situa\u00e7\u00f5es aparentemente inofensivas podem desencadear uma piora tempor\u00e1ria dos sintomas. Este \u00e9 o fen\u00f4meno de Uhthoff, bem conhecido por pacientes e neurologistas. Este fen\u00f4meno pode afetar tanto as fun\u00e7\u00f5es cognitivas quanto as capacidades f\u00edsicas. Compreender esse mecanismo e saber como se adaptar a ele \u00e9 essencial para enfrentar os per\u00edodos quentes com serenidade.<\/pee>\n<h2>O que \u00e9 o fen\u00f4meno de Uhthoff?<\/h2>\n<pee>O fen\u00f4meno de Uhthoff, nomeado em homenagem ao oftalmologista alem\u00e3o que o descreveu pela primeira vez em 1890, descreve a piora tempor\u00e1ria dos sintomas de EM desencadeada por um aumento na temperatura corporal. Wilhelm Uhthoff observou que alguns de seus pacientes notaram uma deteriora\u00e7\u00e3o da vis\u00e3o ap\u00f3s esfor\u00e7o f\u00edsico. Sabe-se hoje que este fen\u00f4meno n\u00e3o se limita \u00e0 vis\u00e3o e pode afetar todos os sintomas da EM, incluindo as fun\u00e7\u00f5es cognitivas.<\/pee>\n<h3>O mecanismo envolvido<\/h3>\n<pee>Para entender o fen\u00f4meno de Uhthoff, \u00e9 preciso voltar \u00e0s bases da EM. A doen\u00e7a causa desmieliniza\u00e7\u00e3o das fibras nervosas: a bainha de mielina que normalmente isola e acelera a transmiss\u00e3o dos sinais nervosos \u00e9 danificada. Ora, a transmiss\u00e3o do impulso nervoso nas fibras desmielinizadas \u00e9 muito sens\u00edvel \u00e0 temperatura. Mesmo um leve aumento na temperatura corporal (da ordem de 0,5\u00b0C) pode ser suficiente para bloquear ou retardar a transmiss\u00e3o nessas fibras fragilizadas.<\/pee>\n<pee>O resultado \u00e9 uma piora tempor\u00e1ria dos sintomas: a vis\u00e3o pode ficar turva, a fraqueza muscular pode aumentar, a fadiga pode piorar e as fun\u00e7\u00f5es cognitivas podem se deteriorar. Esses sintomas geralmente desaparecem quando a temperatura corporal volta ao normal, sem deixar sequelas permanentes. N\u00e3o \u00e9 um surto, mas um fen\u00f4meno transit\u00f3rio e revers\u00edvel.<\/pee>\n<div class=\"feature-grid\">\n<div class=\"feature-card\">\n<div class=\"feature-icon\">\ud83d\udd25<\/div>\n<h4>Calor desencadeador<\/h4>\n<pee>Onda de calor, banho quente, sauna, febre, esfor\u00e7o intenso podem elevar a temperatura corporal<\/pee>\n    <\/div>\n<div class=\"feature-card\">\n<div class=\"feature-icon\">\u26a1<\/div>\n<h4>Transmiss\u00e3o alterada<\/h4>\n<pee>O calor perturba a condu\u00e7\u00e3o nervosa nas fibras desmielinizadas<\/pee>\n    <\/div>\n<div class=\"feature-card\">\n<div class=\"feature-icon\">\ud83d\udd04<\/div>\n<h4>Efeito revers\u00edvel<\/h4>\n<pee>Os sintomas desaparecem com o resfriamento, sem danos permanentes<\/pee>\n    <\/div>\n<\/div>\n<h2>Impacto do calor nas fun\u00e7\u00f5es cognitivas<\/h2>\n<pee>O fen\u00f4meno de Uhthoff \u00e9 frequentemente associado aos sintomas f\u00edsicos vis\u00edveis: problemas de vis\u00e3o, fraqueza nas pernas, piora na marcha. Mas as fun\u00e7\u00f5es cognitivas tamb\u00e9m podem ser afetadas, de forma \u00e0s vezes mais discreta, mas n\u00e3o menos significativa.<\/pee>\n<h3>Os sintomas cognitivos relacionados ao calor<\/h3>\n<ul>\n<li><strong>N\u00e9voa cerebral:<\/strong> Sensa\u00e7\u00e3o de pensar atrav\u00e9s do algod\u00e3o, dificuldade em ter ideias claras<\/li>\n<li><strong>Desacelera\u00e7\u00e3o cognitiva:<\/strong> Processamento de informa\u00e7\u00f5es mais lento do que o habitual<\/li>\n<li><strong>Dificuldades de concentra\u00e7\u00e3o:<\/strong> Dificuldade em manter a aten\u00e7\u00e3o, aumento da distra\u00e7\u00e3o<\/li>\n<li><strong>Fadiga cognitiva severa:<\/strong> Exaust\u00e3o mental r\u00e1pida com o menor esfor\u00e7o intelectual<\/li>\n<li><strong>Dificuldades de mem\u00f3ria:<\/strong> Esquecimentos mais frequentes, dificuldade em reter informa\u00e7\u00f5es<\/li>\n<li><strong>Dificuldades de linguagem:<\/strong> Maior dificuldade em encontrar palavras<\/li>\n<\/ul>\n<pee>Esses sintomas podem ser particularmente inc\u00f4modos na vida cotidiana e profissional. Uma reuni\u00e3o importante em um dia de onda de calor, um exame para fazer no ver\u00e3o, tarefas complexas para realizar em tempo quente: tantas situa\u00e7\u00f5es onde o fen\u00f4meno de Uhthoff pode complicar a vida das pessoas com EM.<\/pee>\n<blockquote><pee>Os ver\u00f5es s\u00e3o meu pesadelo. Assim que a temperatura ultrapassa 25\u00b0C, sinto meu c\u00e9rebro entrar em modo lento. Cometo mais erros, esque\u00e7o coisas, sou muito mais lenta. No in\u00edcio, isso me assustava, pensava que era um surto. Agora sei que \u00e9 o efeito do calor e que vai passar.<\/pee>\n    <cite>Nathalie, 48 anos, EM h\u00e1 15 anos<\/cite>\n<\/p><\/blockquote>\n<div class=\"highlight-box\">\n<h4>N\u00e3o \u00e9 um surto<\/h4>\n<pee>\u00c9 importante distinguir o fen\u00f4meno de Uhthoff de um verdadeiro surto de EM. Uhthoff \u00e9 desencadeado pelo calor, seus sintomas aparecem rapidamente (em alguns minutos a algumas horas) e desaparecem com o resfriamento. Um surto dura no m\u00ednimo 24 horas, n\u00e3o est\u00e1 relacionado \u00e0 temperatura e n\u00e3o desaparece simplesmente ao se refrescar. Em caso de d\u00favida, consulte seu neurologista.<\/pee>\n<\/div>\n<h2>Estrat\u00e9gias para se proteger do calor<\/h2>\n<pee>A boa not\u00edcia \u00e9 que conhecendo o fen\u00f4meno de Uhthoff, podemos tomar medidas para preveni-lo ou limitar seus efeitos. V\u00e1rias estrat\u00e9gias permitem atravessar os per\u00edodos quentes com mais serenidade.<\/pee>\n<h3>Evitar fontes de calor<\/h3>\n<ul>\n<li><strong>Ar condicionado:<\/strong> Indispens\u00e1vel durante uma onda de calor para pessoas sens\u00edveis<\/li>\n<li><strong>Evitar as horas quentes:<\/strong> Ficar dentro de casa entre 12h e 16h no ver\u00e3o<\/li>\n<li><strong>Banhos e duchas mornas:<\/strong> Evitar banhos quentes e saunas<\/li>\n<li><strong>Atividade f\u00edsica moderada:<\/strong> Evitar esfor\u00e7os intensos que elevam a temperatura corporal<\/li>\n<li><strong>Roupas leves:<\/strong> Preferir roupas largas e claras em fibras naturais<\/li>\n<\/ul>\n<h3>Resfriar-se ativamente<\/h3>\n<pee>T\u00e9cnicas de resfriamento podem ajudar a baixar a temperatura corporal ou mant\u00ea-la est\u00e1vel apesar do calor ambiente. Coletes refrescantes, toalhas frias no pesco\u00e7o e borrifadores s\u00e3o ferramentas \u00fateis. Beber regularmente \u00e1gua fresca (n\u00e3o gelada) tamb\u00e9m ajuda a regular a temperatura.<\/pee>\n<div class=\"feature-grid\">\n<div class=\"feature-card\">\n<div class=\"feature-icon\">\u2744\ufe0f<\/div>\n<h4>Colete refrescante<\/h4>\n<pee>Permite manter o corpo fresco por v\u00e1rias horas<\/pee>\n    <\/div>\n<div class=\"feature-card\">\n<div class=\"feature-icon\">\ud83d\udca7<\/div>\n<h4>Hidrata\u00e7\u00e3o<\/h4>\n<pee>Beber regularmente \u00e1gua fresca ajuda a regular a temperatura<\/pee>\n    <\/div>\n<div class=\"feature-card\">\n<div class=\"feature-icon\">\ud83c\udf2c\ufe0f<\/div>\n<h4>Ventila\u00e7\u00e3o<\/h4>\n<pee>Ventiladores e borrifadores para resfriar o ar ambiente<\/pee>\n    <\/div>\n<\/div>\n<h2>Adaptar sua estimula\u00e7\u00e3o cognitiva ao calor<\/h2>\n<pee>Quando o fen\u00f4meno de Uhthoff afeta suas capacidades cognitivas, \u00e9 importante adaptar seu treinamento cerebral. Este n\u00e3o \u00e9 o momento de for\u00e7ar ou se impor exerc\u00edcios exigentes. O objetivo \u00e9 manter uma atividade cognitiva leve sem adicionar estresse a um c\u00e9rebro j\u00e1 em dificuldade.<\/pee>\n<h3>Priorizar EDITH em per\u00edodo quente<\/h3>\n<pee>Durante ondas de calor ou nos dias em que sentir os efeitos de Uhthoff, priorize a utiliza\u00e7\u00e3o de EDITH com sua abordagem sem restri\u00e7\u00e3o de tempo. Escolha o n\u00edvel f\u00e1cil se sentir-se particularmente afetado. Sess\u00f5es curtas de 10-15 minutos s\u00e3o prefer\u00edveis a sess\u00f5es longas que podem cansar ainda mais.<\/pee>\n<h3>Deixar JOE para per\u00edodos frescos<\/h3>\n<pee>Os exerc\u00edcios cronometrados de JOE exigem vivacidade e rapidez que podem ser comprometidas pelo fen\u00f4meno de Uhthoff. \u00c9 prefer\u00edvel reserv\u00e1-los para momentos em que voc\u00ea se sinta bem, por exemplo, cedo de manh\u00e3, antes de o calor aumentar, ou ap\u00f3s voc\u00ea se refrescar eficazmente.<\/pee>\n<div class=\"tip-box\">\n<h4>Planejar seus exerc\u00edcios no frescor<\/h4>\n<pee>No ver\u00e3o, planeje suas sess\u00f5es de estimula\u00e7\u00e3o cognitiva nos momentos mais frescos do dia: cedo de manh\u00e3 ou \u00e0 noite, ap\u00f3s o p\u00f4r do sol. Instale-se na sala mais fresca da casa, idealmente climatizada. Tenha \u00e1gua fresca \u00e0 m\u00e3o. Essas precau\u00e7\u00f5es simples permitir\u00e3o que voc\u00ea mantenha seu treinamento apesar do calor.<\/pee>\n<\/div>\n<h3>N\u00e3o se culpar<\/h3>\n<pee>Se, apesar de suas precau\u00e7\u00f5es, voc\u00ea se sentir muito afetado pelo calor para realizar seus exerc\u00edcios cognitivos, n\u00e3o se culpe. \u00c0s vezes, \u00e9 melhor fazer uma pausa de alguns dias durante uma onda de calor do que for\u00e7ar e criar frustra\u00e7\u00e3o. Seu c\u00e9rebro se recuperar\u00e1 quando as temperaturas forem mais amenas.<\/pee>\n<blockquote><pee>No ver\u00e3o passado, durante a onda de calor, tentei continuar meus exerc\u00edcios de JOE como de costume. Foi um erro: minhas pontua\u00e7\u00f5es foram catastr\u00f3ficas, eu me senti in\u00fatil, fiquei completamente desmotivada. Este ano, adaptei: EDITH no n\u00edvel f\u00e1cil quando faz calor, e JOE quando estou melhor. \u00c9 muito mais agrad\u00e1vel e mantenho o \u00e2nimo.<\/pee>\n    <cite>Anne, 41 anos, EM h\u00e1 9 anos<\/cite>\n<\/p><\/blockquote>\n<h2>Outros fatores que elevam a temperatura corporal<\/h2>\n<pee>O ver\u00e3o e a onda de calor n\u00e3o s\u00e3o as \u00fanicas situa\u00e7\u00f5es que podem desencadear o fen\u00f4meno de Uhthoff. Outros fatores elevam a temperatura corporal e podem ter os mesmos efeitos.<\/pee>\n<ul>\n<li><strong>Febre:<\/strong> Uma infec\u00e7\u00e3o mesmo benigna com febre pode piorar temporariamente os sintomas<\/li>\n<li><strong>Esfor\u00e7o f\u00edsico intenso:<\/strong> O exerc\u00edcio aumenta a temperatura corporal, especialmente em ambiente quente<\/li>\n<li><strong>Banho quente ou sauna:<\/strong> Evitar absolutamente para pessoas sens\u00edveis<\/li>\n<li><strong>Estresse intenso:<\/strong> O estresse pode aumentar ligeiramente a temperatura corporal<\/li>\n<li><strong>Alimenta\u00e7\u00e3o:<\/strong> Refei\u00e7\u00f5es pesadas e condimentadas podem gerar calor<\/li>\n<\/ul>\n<div class=\"cta-box\">\n<h4>EDITH: seu aliado em todos os climas<\/h4>\n<pee>Com seus exerc\u00edcios sem restri\u00e7\u00e3o de tempo e seus n\u00edveis adaptativos, EDITH permite que voc\u00ea mantenha sua estimula\u00e7\u00e3o cognitiva mesmo quando o calor o afeta.<\/pee>\n    <a href=\"https:\/\/www.dynseo.com\/pt-pt\/la-reeducation-cognitive-lorsque-lon-est-atteint-dune-sclerose-en-plaques\/\" class=\"cta-button\">Descubra EDITH<\/a>\n<\/div>\n<div class=\"conclusion\">\n<h2>Conclus\u00e3o<\/h2>\n<pee>O fen\u00f4meno de Uhthoff \u00e9 uma realidade para muitas pessoas com esclerose m\u00faltipla. O calor pode temporariamente piorar os sintomas, incluindo as fun\u00e7\u00f5es cognitivas, sem, no entanto, causar danos permanentes. Conhecer esse fen\u00f4meno permite gerenci\u00e1-lo melhor e n\u00e3o entrar em p\u00e2nico quando ele ocorrer.<\/pee>\n    <pee>Adotando estrat\u00e9gias de preven\u00e7\u00e3o (evitar o calor, se resfriar, se hidratar) e adaptando sua estimula\u00e7\u00e3o cognitiva aos per\u00edodos quentes (EDITH em vez de JOE, sess\u00f5es curtas, hor\u00e1rios frescos), voc\u00ea pode atravessar os ver\u00f5es com mais serenidade.<\/pee>\n    <pee>N\u00e3o se esque\u00e7a: o fen\u00f4meno de Uhthoff \u00e9 revers\u00edvel. Quando a temperatura desce, suas capacidades retornam. N\u00e3o \u00e9 um surto, n\u00e3o \u00e9 uma piora da sua doen\u00e7a, \u00e9 apenas o seu sistema nervoso reagindo temporariamente ao calor.<\/pee>\n    <pee style=\"text-align:center;margin-top:30px\"><strong>Mantenha a cabe\u00e7a fria, literalmente, e seu c\u00e9rebro lhe agradecer\u00e1.<\/strong><\/pee>\n<\/div>\n<\/div>\n<p><\/main><\/p>\n<footer class=\"article-footer\">\n<div class=\"container\">\n        <pee>Artigo escrito pela equipe <strong>DYNSEO<\/strong>, especialista em aplica\u00e7\u00f5es de estimula\u00e7\u00e3o cognitiva.<\/pee>\n<div class=\"footer-links\">\n            <a href=\"https:\/\/www.dynseo.com\/pt-pt\/la-reeducation-cognitive-lorsque-lon-est-atteint-dune-sclerose-en-plaques\/\">Esclerose m\u00faltipla<\/a><br \/>\n            <a href=\"https:\/\/www.dynseo.com\/pt-pt\/o-programa-dos-treinadores\/carmen\/\">EDITH<\/a><br \/>\n            <a href=\"https:\/\/www.dynseo.com\/pt-pt\/o-programa-dos-treinadores\/fernando-o-seu-treinador-de-cerebro\/\">JOE<\/a><br \/>\n            <a href=\"https:\/\/www.dynseo.com\/pt-pt\/nos-outils\/\">Nossos ferramentas<\/a>\n        <\/div>\n<\/p><\/div>\n<\/footer>\n<\/div>\n<p>[\/et_pb_code][\/et_pb_column][\/et_pb_row][\/et_pb_section]<\/p>\n<p>[et_pb_code]<script type=\"application\/ld+json\">{\"@context\":\"https:\/\/schema.org\",\"@type\":\"FAQPage\",\"mainEntity\":[{\"@type\":\"Question\",\"name\":\"O que \u00e9 o fen\u00f4meno de Uhthoff na esclerose m\u00faltipla?\",\"acceptedAnswer\":{\"@type\":\"Answer\",\"text\":\"O fen\u00f4meno de Uhthoff \u00e9 a piora tempor\u00e1ria dos sintomas da esclerose m\u00faltipla desencadeada por um aumento na temperatura corporal. Foi descrito pela primeira vez em 1890 pelo oftalmologista alem\u00e3o Wilhelm Uhthoff, que observou deteriora\u00e7\u00e3o da vis\u00e3o em pacientes ap\u00f3s esfor\u00e7o f\u00edsico. Hoje sabemos que este fen\u00f4meno pode afetar todos os sintomas da EM, incluindo as fun\u00e7\u00f5es cognitivas.\"}},{\"@type\":\"Question\",\"name\":\"Por que o calor piora os sintomas da esclerose m\u00faltipla?\",\"acceptedAnswer\":{\"@type\":\"Answer\",\"text\":\"O calor piora os sintomas porque a esclerose m\u00faltipla causa desmieliniza\u00e7\u00e3o das fibras nervosas - a bainha de mielina que normalmente isola e acelera a transmiss\u00e3o dos sinais nervosos fica danificada. A transmiss\u00e3o do impulso nervoso nas fibras desmielinizadas \u00e9 muito sens\u00edvel \u00e0 temperatura, e o aumento do calor compromete ainda mais essa transmiss\u00e3o j\u00e1 prejudicada.\"}},{\"@type\":\"Question\",\"name\":\"Quais situa\u00e7\u00f5es podem desencadear o fen\u00f4meno de Uhthoff?\",\"acceptedAnswer\":{\"@type\":\"Answer\",\"text\":\"V\u00e1rias situa\u00e7\u00f5es podem desencadear o fen\u00f4meno de Uhthoff, incluindo: o ver\u00e3o e altas temperaturas, f\u00e9rias ao sol com exposi\u00e7\u00e3o prolongada, banhos quentes, esfor\u00e7o f\u00edsico intenso, febre, e qualquer outra situa\u00e7\u00e3o que cause aumento da temperatura corporal.\"}},{\"@type\":\"Question\",\"name\":\"O fen\u00f4meno de Uhthoff afeta apenas os sintomas f\u00edsicos da EM?\",\"acceptedAnswer\":{\"@type\":\"Answer\",\"text\":\"N\u00e3o, o fen\u00f4meno de Uhthoff n\u00e3o se limita aos sintomas f\u00edsicos. Ele pode afetar tanto as fun\u00e7\u00f5es cognitivas quanto as capacidades f\u00edsicas. Inicialmente observado em problemas visuais, hoje sabemos que pode impactar todas as fun\u00e7\u00f5es neurol\u00f3gicas, incluindo mem\u00f3ria, concentra\u00e7\u00e3o, racioc\u00ednio e outras habilidades cognitivas.\"}},{\"@type\":\"Question\",\"name\":\"O fen\u00f4meno de Uhthoff causa danos permanentes?\",\"acceptedAnswer\":{\"@type\":\"Answer\",\"text\":\"N\u00e3o, o fen\u00f4meno de Uhthoff causa uma piora tempor\u00e1ria dos sintomas da esclerose m\u00faltipla. Os sintomas tendem a melhorar quando a temperatura corporal retorna ao normal e o corpo se resfria. \u00c9 importante compreender que se trata de um agravamento revers\u00edvel, n\u00e3o de um dano permanente adicional.\"}},{\"@type\":\"Question\",\"name\":\"Como as pessoas com EM podem se proteger durante per\u00edodos quentes?\",\"acceptedAnswer\":{\"@type\":\"Answer\",\"text\":\"Para enfrentar per\u00edodos quentes com serenidade, pessoas com EM devem: evitar exposi\u00e7\u00e3o prolongada ao sol e altas temperaturas, manter-se hidratadas, usar roupas leves e claras, procurar ambientes com ar condicionado, evitar banhos muito quentes, adaptar a estimula\u00e7\u00e3o cognitiva \u00e0s condi\u00e7\u00f5es clim\u00e1ticas, e compreender que a piora dos sintomas \u00e9 tempor\u00e1ria.\"}}]}<\/script>[\/et_pb_code]<\/p>\n","protected":false},"excerpt":{"rendered":"","protected":false},"author":4,"featured_media":410101,"comment_status":"closed","ping_status":"closed","sticky":false,"template":"","format":"standard","meta":{"_et_pb_use_builder":"on","_et_pb_old_content":"<div class=\"row animated fadeInUp delay4 duration2 rdk-mb\"><img class=\"alignnone wp-image-23209 size-full\" src=\"https:\/\/www.dynseo.com\/wp-content\/uploads\/2019\/09\/StimArt-Joe-Dynseo.png \" alt=\"entrainement c\u00e9r\u00e9bral\" width=\"1648\" height=\"774\"><\/div>\r\n<div class=\"row rdk-mb rdk-mt\">\r\n<div class=\"hidden-lg hidden-md col-sm-12 col-xs-12 animated fadeInUp duration1\"><img class=\"aligncenter\" src=\"https:\/\/www.dynseo.com\/wp-content\/uploads\/\" alt=\"\" width=\"300\" height=\"287\"><\/div>\r\n<div class=\"col-lg-3 col-md-3 col-sm-6 col-xs-12 rdkp0\">\r\n<ul class=\"rdk-items left\">\r\n<li class=\"animated fadeInLeft duration1 eds-on-scroll\"><img class=\"img-heading\" src=\"https:\/\/www.dynseo.com\/wp-content\/uploads\/\"><\/li>\r\n<li class=\"animated fadeInLeft duration1 eds-on-scroll\">Un programme d\u2019entra\u00eenement c\u00e9r\u00e9bral, utilisant des jeux ludiques et culturels. Ce programme a d\u2019ailleurs \u00e9t\u00e9 labellis\u00e9 MedAppCare, et une \u00e9tude scientifique sur 6 mois a montr\u00e9 des r\u00e9sultats tr\u00e8s positifs.<\/li>\r\n<li class=\"animated fadeInLeft delay1 duration1 eds-on-scroll\"><img class=\"img-heading\" src=\"https:\/\/www.dynseo.com\/wp-content\/uploads\/\"><\/li>\r\n<li class=\"animated fadeInLeft delay1 duration1 eds-on-scroll\">Des niveaux de difficult\u00e9 croissants pour progresser \u00e0 votre rythme et vous fixer de nouveaux objectifs.<\/li>\r\n<li class=\"animated fadeInLeft delay2 duration1 eds-on-scroll\"><img class=\"img-heading\" src=\"https:\/\/www.dynseo.com\/wp-content\/uploads\/2019\/10\/Joe-nouveaut\u00e9-Autisme-handicap-atelier-cognitif-activit\u00e9-cognitive-stimulation-cognitive-ergoth\u00e9rapeute-atelier-personne-ag\u00e9e-activit\u00e9s-pour-seniors-motricit\u00e9-motricit\u00e9-fine.jpg\"><\/li>\r\n<li class=\"animated fadeInLeft delay2 duration1 eds-on-scroll\">Les jeux seront mis \u00e0 jour r\u00e9guli\u00e8rement, et de nouvelles activit\u00e9s seront propos\u00e9es.<\/li>\r\n<\/ul>\r\n<\/div>\r\n<div class=\"col-lg-6 col-md-6 hidden-sm hidden-xs animated fadeInUp duration1 eds-on-scroll\"><img class=\"aligncenter size-full wp-image-23241\" src=\"https:\/\/www.dynseo.com\/wp-content\/uploads\/\" alt=\"\" width=\"1280\" height=\"720\"><\/div>\r\n<div class=\"col-lg-3 col-md-3 col-sm-6 col-xs-12 rdkp0\">\r\n<ul class=\"rdk-items right\">\r\n<li class=\"animated fadeInRight duration1 eds-on-scroll\"><img class=\"img-heading\" src=\"https:\/\/www.dynseo.com\/wp-content\/uploads\/\"><\/li>\r\n<li class=\"animated fadeInRight duration1 eds-on-scroll\">D\u00e9fiez vos amis \u00e0 distance ou un membre de la communaut\u00e9 !<\/li>\r\n<li class=\"animated fadeInRight delay1 duration1 eds-on-scroll\"><img class=\"img-heading\" src=\" https:\/\/www.dynseo.com\/wp-content\/uploads\/2019\/10\/Joe-suivie-de-suzie-Autisme-handicap-atelier-cognitif-activit\u00e9-cognitive-stimulation-cognitive-ergoth\u00e9rapeute-atelier-personne-ag\u00e9e-activit\u00e9s-pour-seniors-motricit\u00e9-motricit\u00e9-fine.jpg\"><\/li>\r\n<li class=\"animated fadeInRight delay1 duration1 eds-on-scroll\">Vous pourrez suivre vos performances et progressions au sein de l\u2019application. Suzie, votre coach c\u00e9r\u00e9bral, vous fera \u00e9galement chaque lundi une analyse de vos performances<\/li>\r\n<li class=\"animated fadeInRight delay2 duration1 eds-on-scroll\"><img class=\"img-heading\" src=\"https:\/\/www.dynseo.com\/wp-content\/uploads\/2019\/09\/StimArt-Joe-D3-jeux-de-m\u00e9moire-jeux-de-logique-jeux-de-m\u00e9moire-pour-seniors-jeux-cerebraux-pour-seniors-jeux-personnes-ag\u00e9es-alzheimer-activit\u00e9s-alzheimer-activit\u00e9s-senior-activit\u00e9s-pour-seniors.png\"><\/li>\r\n<li class=\"animated fadeInRight delay2 duration1 eds-on-scroll\">Disponible au format smartphone ou tablette, Joe fonctionne sans internet. Id\u00e9al pour l\u2019emporter avec vous !<\/li>\r\n<\/ul>\r\n<\/div>\r\n<\/div>\r\n<div class=\"row rdk-mb rdk-mt\">\r\n<div class=\"rdk-download animated fadeInUp duration1 eds-on-scroll\">\r\n<p>\u00a0<\/p>\r\n<p>[row]<br>[column lg=\"6\" md=\"12\" sm=\"12\" xs=\"12\" ]<br><a href=\"https:\/\/play.google.com\/store\/apps\/details?id=com.dynseo.stimart.joe\"><img class=\"wp-image-23591 aligncenter\" src=\"https:\/\/www.dynseo.com\/wp-content\/uploads\/\" alt=\"\" width=\"245\" height=\"93\"><\/a><br>[\/column]<br>[column lg=\"6\" md=\"12\" sm=\"12\" xs=\"12\" ]<br><a href=\"https:\/\/itunes.apple.com\/fr\/app\/stimart-joe\/id1000639419?mt=8\"><img class=\"wp-image-23588 aligncenter\" src=\"https:\/\/www.dynseo.com\/wp-content\/uploads\/\" alt=\"\" width=\"245\" height=\"93\"><\/a><\/p>\r\n<p>\u00a0<\/p>\r\n<p>\u00a0<\/p>\r\n<p>[\/column]<br>[\/row]<\/p>\r\n<p>\u00a0<\/p>\r\n<p style=\"text-align: justify;\">Avec JOE, suivez un programme d'entra\u00eenement c\u00e9r\u00e9bral, afin de faire travailler votre m\u00e9moire, votre logique, votre attention, votre concentration, votre agilit\u00e9 mentale, ainsi que votre bien-\u00eatre au quotidien. Par le biais de jeux de m\u00e9moire ludiques et culturels, l'entra\u00eenement c\u00e9r\u00e9bral sera toujours un plaisir ! Une plateforme de suivi vous permettra de suivre vos progressions et ainsi vous pouvez vous fixer des objectifs \u00e0 atteindre.<\/p>\r\n<p>\u00a0<\/p>\r\n<h2 style=\"text-align: center;\"><strong><span style=\"color: #526fa1;\">UN PROGRAMME DE JEUX DE M\u00c9MOIRE ADAPT<\/span><span style=\"color: #526fa1;\">\u00c9 <\/span><span style=\"color: #526fa1;\">A CHAQUE CULTURE <\/span><\/strong><\/h2>\r\n<p style=\"text-align: justify;\">En plus de la version fran\u00e7aise, d'autres versions adapt\u00e9es \u00e0 chaque culture sont aussi disponibles : la version qu\u00e9b\u00e9coise, suisse, belge, luxembourgeoise et antillaise.<\/p>\r\n<p style=\"text-align: justify;\">Chaque jeu a \u00e9t\u00e9 \u00e9labor\u00e9 en partenariat avec des professionnels de sant\u00e9, afin de s\u2019assurer que toutes les fonctions cognitives soient bien stimul\u00e9es : la concentration, l\u2019attention, la m\u00e9moire visuo-spatiale, la mise en place de strat\u00e9gie, la m\u00e9moire de travail, la rapidit\u00e9, etc. Le programme vise ainsi \u00e0 am\u00e9liorer les performances intellectuelles, l\u2019autonomie cognitive, et ainsi offre une meilleure qualit\u00e9 de vie.<\/p>\r\n<p>\u00a0<\/p>\r\n<h2 style=\"text-align: center;\"><strong><span style=\"color: #526fa1;\">PLUS DE 25 JEUX DE M\u00c9MOIRE POUR ENTRA\u00ceNER VOTRE CERVEAU\u00a0<\/span><\/strong><\/h2>\r\n<p style=\"text-align: justify;\"><strong>Le programme d\u2019entra\u00eenement c\u00e9r\u00e9bral JOE comporte aujourd\u2019hui 25 jeux, et est mis \u00e0 jour tous les mois, avec des nouveaut\u00e9s.<\/strong><\/p>\r\n<p style=\"text-align: justify;\">Les jeux de m\u00e9moire sont un m\u00e9lange entre des jeux culturels (quizz de culture g\u00e9n\u00e9rale, de la chronologie des \u00e9v\u00e9nements, de la litt\u00e9rature, \u2026) et des jeux de r\u00e9flexes et d\u2019attention.<\/p>\r\n<p>\u00a0<\/p>\r\n<p>[row]<br>[column lg=\"4\" md=\"12\" sm=\"12\" xs=\"12\" ]<\/p>\r\n<p style=\"text-align: center;\"><img class=\"aligncenter wp-image-28120 size-medium\" src=\"https:\/\/www.dynseo.com\/wp-content\/uploads\/2020\/03\/Le-promeneur-1-300x199.png\" alt=\"\" width=\"300\" height=\"199\"><\/p>\r\n<p style=\"text-align: center;\"><b style=\"color: #007f7f;\"><span style=\"color: #526fa1;\">Le Promeneur<\/span>\u00a0<\/b>: un jeu o\u00f9 vous devez aider le promeneur \u00e0 retrouver son chemin. Attention, vous disposez de nombreuses pi\u00e8ces mais certaines n\u2019ont pas d\u2019utilit\u00e9 et sont en trop ! Ce jeu fait travailler la logique, ainsi que le rep\u00e9rage visuo-spatial.<\/p>\r\n<p style=\"text-align: center;\">[\/column]<br>[column lg=\"4\" md=\"12\" sm=\"12\" xs=\"12\" ]<\/p>\r\n<p style=\"text-align: center;\"><img class=\"aligncenter wp-image-28144 size-medium\" src=\"https:\/\/www.dynseo.com\/wp-content\/uploads\/2020\/03\/Quizzle-1-300x199.png\" alt=\"\" width=\"300\" height=\"199\"><\/p>\r\n<p style=\"text-align: center;\"><span style=\"color: #526fa1;\"><strong>Quizzle<\/strong><\/span> : un jeu o\u00f9 vous testez votre culture g\u00e9n\u00e9rale ! R\u00e9pondez \u00e0 de nombreuses questions d\u2019histoire, g\u00e9ographie, cin\u00e9ma etc\u2026 pour d\u00e9couvrir l\u2019image cach\u00e9e. Ce jeu fait appel \u00e0 votre m\u00e9moire ancienne !<\/p>\r\n<p style=\"text-align: center;\">[\/column]<br>[column lg=\"4\" md=\"12\" sm=\"12\" xs=\"12\" ]<\/p>\r\n<p style=\"text-align: center;\"><img class=\"aligncenter wp-image-28095 size-medium\" src=\"https:\/\/www.dynseo.com\/wp-content\/uploads\/2020\/03\/ColorForm-1-300x199.png\" alt=\"\" width=\"300\" height=\"199\"><\/p>\r\n<p style=\"text-align: center;\"><span style=\"color: #526fa1;\"><strong>ColorForm<\/strong><\/span>\u00a0: un jeu o\u00f9 il faut rapidement trouver la m\u00eame forme et\/ou couleur que dans l\u2019exemple. Ce jeu se joue aussi en multijoueur. Ce jeu fait appel \u00e0 votre concentration, votre m\u00e9moire visuelle mais aussi votre rep\u00e9rage visuo-spatial.<\/p>\r\n<p style=\"text-align: center;\">[\/column]<br>[\/row]<\/p>\r\n<p style=\"text-align: center;\">\r\n<\/p><p>[row]<br>[column lg=\"4\" md=\"12\" sm=\"12\" xs=\"12\" ]<\/p>\r\n<p><span style=\"color: #526fa1;\"><img class=\"aligncenter wp-image-28083 size-medium\" src=\"https:\/\/www.dynseo.com\/wp-content\/uploads\/2020\/03\/Calculus-300x199.png\" alt=\"\" width=\"300\" height=\"199\"><\/span><\/p>\r\n<p><span style=\"color: #526fa1;\"><strong>Calculus<\/strong><\/span>\u00a0: un jeu de calcul mental o\u00f9 il faut r\u00e9soudre des op\u00e9rations. Deux modes de jeux sont propos\u00e9s : r\u00e9ponse avec 4 propositions ou r\u00e9ponse libre.<\/p>\r\n<p>[\/column]<br>[column lg=\"4\" md=\"12\" sm=\"12\" xs=\"12\" ]<\/p>\r\n<p style=\"text-align: center;\"><img class=\"aligncenter wp-image-28160 size-medium\" src=\"https:\/\/www.dynseo.com\/wp-content\/uploads\/2020\/03\/Sudoku-1-300x199.png\" alt=\"\" width=\"300\" height=\"199\"><\/p>\r\n<p style=\"text-align: center;\"><span style=\"color: #526fa1;\"><strong>Sudoku<\/strong><\/span>\u00a0: le c\u00e9l\u00e8bre jeu de casse-t\u00eate japonais o\u00f9 il faut remplir la grille avec les chiffres correspondants. Pour plus de divertissement, un mode o\u00f9 il faut remplir avec des formes est \u00e9galement pr\u00e9sent !<\/p>\r\n<p>[\/column]<br>[column lg=\"4\" md=\"12\" sm=\"12\" xs=\"12\" ]<\/p>\r\n<p style=\"text-align: center;\"><img class=\"aligncenter wp-image-28087 size-medium\" src=\"https:\/\/www.dynseo.com\/wp-content\/uploads\/2020\/03\/Cascade-Infernale-1-300x199.png\" alt=\"\" width=\"300\" height=\"199\"><\/p>\r\n<p style=\"text-align: center;\"><span style=\"color: #007f7f;\"><span style=\"color: #526fa1;\"><strong>Cascade Infernale <\/strong><\/span><span style=\"color: #333333;\">: Sur Cascade, il faut cocher les diff\u00e9rences sur les symboles qui d\u00e9filent \u00e0 l'\u00e9cran ! Ce jeu fait travailler l'attention, les fonctions ex\u00e9cutives, la rapidit\u00e9, ainsi que le rep\u00e9rage visuo-spatial.<\/span><\/span><\/p>\r\n<p>[\/column]<br>[\/row]<\/p>\r\n<p>\u00a0<\/p>\r\n<p>[row]<br>[column lg=\"4\" md=\"12\" sm=\"12\" xs=\"12\" ]<\/p>\r\n<p style=\"text-align: center;\"><img class=\"aligncenter wp-image-28185 size-medium\" src=\"https:\/\/www.dynseo.com\/wp-content\/uploads\/2020\/03\/Mamie-Cuisine-2-300x199.png\" alt=\"\" width=\"300\" height=\"199\"><\/p>\r\n<p style=\"text-align: center;\"><span style=\"color: #526fa1;\"><span style=\"caret-color: #007f7f; font-weight: 600;\">Mamie<\/span><b>\u00a0Cuisine<\/b><\/span> : un jeu o\u00f9 il faut retenir les recettes de cuisine, comme ici la recette de la daube de boeuf, en se rappelant de toutes les quantit\u00e9s. Ce jeu fait travailler la m\u00e9moire s\u00e9mantique, la m\u00e9moire \u00e9pisodique, la m\u00e9moire autobiographique, ainsi que la m\u00e9moire de travail\u2026 et la gourmandise !<\/p>\r\n<p>[\/column]<br>[column lg=\"4\" md=\"12\" sm=\"12\" xs=\"12\" ]<\/p>\r\n<p style=\"text-align: center;\"><img class=\"aligncenter wp-image-28168 size-medium\" src=\"https:\/\/www.dynseo.com\/wp-content\/uploads\/2020\/03\/Tour-du-Monde-1-300x199.png\" alt=\"\" width=\"300\" height=\"199\"><\/p>\r\n<p style=\"text-align: center;\"><span style=\"color: #007f7f;\"><strong><span style=\"color: #526fa1;\">Tour du Monde<\/span>\u00a0<\/strong><\/span>: un jeu o\u00f9 il faut placer les pays Europ\u00e9ens sur la carte. Si vous ne savez pas, vous pouvez d\u00e9penser vos \u201cp\u00e9pettes\u201d gagn\u00e9es, afin d\u2019obtenir des indices. Alors o\u00f9 se situe le Royaume-Uni ? Ce jeu fait travailler la m\u00e9moire s\u00e9mantique, mais aussi le rep\u00e9rage visuo-spatial, les gnosies visuelles et la m\u00e9moire visuelle.<\/p>\r\n<p>[\/column]<br>[column lg=\"4\" md=\"12\" sm=\"12\" xs=\"12\" ]<\/p>\r\n<p style=\"text-align: center;\"><img class=\"aligncenter wp-image-28189 size-medium\" src=\"https:\/\/www.dynseo.com\/wp-content\/uploads\/2020\/03\/Chasse-\u00e0-lintru-300x201.png\" alt=\"\" width=\"300\" height=\"201\"><\/p>\r\n<p style=\"text-align: center;\"><span style=\"color: #007f7f;\"><strong><span style=\"color: #526fa1;\">Chasse \u00e0 l'Intrus<\/span>\u00a0<\/strong><\/span>: comme son nom l\u2019indique, il faut retrouver l\u2019intrus parmi les 4 propositions. Ce jeu peut de plus \u00eatre utilis\u00e9 en multijoueur et vous permet d'affronter d'autres joueurs de la communaut\u00e9 en ligne.<\/p>\r\n<p>[\/column]<br>[\/row]<\/p>\r\n<p style=\"text-align: center;\">\r\n<\/p><h2 style=\"text-align: center;\"><strong><span style=\"color: #526fa1;\">STIM'ART JOE EN 1 MINUTE <\/span><\/strong><\/h2>\r\n<p style=\"text-align: left;\">[row]<br>[column lg=\"4\" md=\"12\" sm=\"12\" xs=\"12\" ]<\/p>\r\n<p>[\/column]<br>[column lg=\"4\" md=\"12\" sm=\"12\" xs=\"12\" ]<br><iframe src=\"https:\/\/www.youtube.com\/embed\/CSIagrMgq-c\" width=\"560\" height=\"315\" frameborder=\"0\" allowfullscreen=\"allowfullscreen\"><\/iframe><br>[\/column]<br>[column lg=\"4\" md=\"12\" sm=\"12\" xs=\"12\" ]<\/p>\r\n<p>[\/column]<br>[\/row]<\/p>\r\n<p>\u00a0<\/p>\r\n<h2 style=\"text-align: center;\"><span style=\"color: #526fa1;\"><strong>UN SUIVI PERSONNALISE AVEC SUZIE<\/strong>\u00a0<\/span><\/h2>\r\n<p>[row]<br>[column lg=\"6\" md=\"12\" sm=\"12\" xs=\"12\" mdclear=\"yes\" ]<\/p>\r\n<p style=\"text-align: justify;\">Ce ne sont pas que des jeux ! En effet l\u2019int\u00e9r\u00eat est de pouvoir mesurer ses performances et rep\u00e9rer ses fragilit\u00e9s. Au sein de l\u2019application, vous avez acc\u00e8s \u00e0 une partie simplifi\u00e9e de vos r\u00e9sultats : niveaux de difficult\u00e9, jeux favoris, taux de r\u00e9ussite, nombre de parties jou\u00e9es mais aussi\u2026 aux fonctions cognitives travaill\u00e9es pour chaque jeu.<\/p>\r\n<p style=\"text-align: justify;\"><span style=\"color: #526fa1;\"><strong>De quoi suivre vos progr\u00e8s au quotidien et construire un programme d\u2019entra\u00eenement c\u00e9r\u00e9bral selon vos besoins.<\/strong><\/span><\/p>\r\n<p>De plus, <span style=\"color: #526fa1;\"><strong>Suzie votre coach c\u00e9r\u00e9bral<\/strong><\/span>, vous enverra tous les lundis matins un bilan de votre semaine, et vous conseillera sur les jeux de m\u00e9moire \u00e0 utiliser en fonction des objectifs \u00e0 atteindre.<\/p>\r\n<p><img class=\"aligncenter  wp-image-18725\" src=\"https:\/\/www.dynseo.com\/wp-content\/uploads\/\" alt=\"\" width=\"192\" height=\"158\"><\/p>\r\n<p style=\"text-align: justify;\">\r\n<\/p><p>[\/column]<br>[column lg=\"6\" md=\"12\" sm=\"12\" xs=\"12\" ]<br><img class=\"aligncenter wp-image-10139\" src=\"https:\/\/www.dynseo.com\/wp-content\/uploads\/2018\/10\/Ecran-statistiques.png\" alt=\"jeux ludiques et culturels senior\" width=\"573\" height=\"382\"><br>[\/column]<br>[\/row]<\/p>\r\n<h2 style=\"text-align: center;\">\u00a0<\/h2>\r\n<h2 style=\"text-align: center;\"><strong><span style=\"color: #526fa1;\">UN ENTRAINEMENT C\u00c9R\u00c9BRAL COMPLET <\/span><\/strong><\/h2>\r\n<ul>\r\n<li>Une application mise \u00e0 jour r\u00e9guli\u00e8rement<img class=\"size-full wp-image-10142 alignright\" src=\"https:\/\/www.dynseo.com\/wp-content\/uploads\/\" alt=\"\" width=\"400\" height=\"151\"><\/li>\r\n<li>Une ergonomie est simple et intuitive<\/li>\r\n<li>Les jeux fonctionnent sans Wifi<\/li>\r\n<li>Possibilit\u00e9 de jouer \u00e0 plusieurs sur la m\u00eame tablette, et m\u00eame \u00e0 distance !<\/li>\r\n<\/ul>\r\n<h3><span style=\"color: #526fa1;\">Une \u00e9tude scientifique<\/span><\/h3>\r\n<p>[row]<br>[column lg=\"6\" md=\"12\" sm=\"12\" xs=\"12\" ]<br>Une \u00e9tude scientifique \"Adoption and Use of a Mobile Health Application in Older Adults for Cognitive Stimulation\" - Etude r\u00e9alis\u00e9e par Mobin YASINI et Guillaume MARCHAND - sur l'adoption et l'utilisation du programme de stimulation cognitive Stim'Art a d\u00e9montr\u00e9 les \u00e9l\u00e9ments suivants :<\/p>\r\n<ul>\r\n<li>Un\u00a0<span style=\"color: #007f7f;\"><strong><span style=\"color: #526fa1;\">taux de r\u00e9ussite globale en progr\u00e8s<\/span><\/strong><\/span>\u00a0qui atteint 70,84% au bout de 6 mois<\/li>\r\n<li>Une\u00a0<span style=\"color: #526fa1;\"><strong>\u00e9volution du bien-\u00eatre<\/strong><\/span><\/li>\r\n<\/ul>\r\n<p><a href=\"https:\/\/www.dynseo.com\/wp-content\/uploads\/2018\/10\/Etudes-DMD-StimArt.pdf\"><img class=\"aligncenter wp-image-28735 size-medium\" src=\"https:\/\/www.dynseo.com\/wp-content\/uploads\/2020\/04\/Bouton-en-savoir-plus-300x90.png\" alt=\"\" width=\"300\" height=\"90\"><\/a><br>[\/column]<br>[column lg=\"6\" md=\"12\" sm=\"12\" xs=\"12\" ]<br><img class=\"wp-image-10244 aligncenter\" src=\"https:\/\/www.dynseo.com\/wp-content\/uploads\/2018\/10\/VisuelFinalEtudeClinique.png\" alt=\"\" width=\"653\" height=\"404\"><br>[\/column]<br>[\/row]<\/p>\r\n<p>\u00a0<\/p>\r\n<h2 style=\"text-align: center;\"><strong><span style=\"color: #526fa1;\">ABONNEZ-VOUS A PRIX DOUX\u00a0<\/span><\/strong><\/h2>\r\n<p>[ARPrice id=112]<\/p>\r\n<h2 style=\"text-align: center;\"><strong><span style=\"color: #526fa1;\">LA JOE FAMILY<\/span><\/strong><\/h2>\r\n<h3>[ARPrice id=115]<\/h3>\r\n<h3>\u00a0<\/h3>\r\n<h3 style=\"text-align: center;\"><span style=\"color: #526fa1;\"><span style=\"color: #526fa1;\">TOUTE LA FAMILLE SOUHAITE JOUER A JOE ? <span style=\"font-size: 18.72px;\">D\u00c9COUVREZ<\/span> STIM'ART FAMILLE<\/span> <\/span><br>[column lg=\"6\" md=\"12\" sm=\"12\" xs=\"12\" ]<\/h3>\r\n<p>Le b\u00e9n\u00e9ficiaire du cadeau Stim\u2019Art Famille, <span style=\"color: #526fa1;\"><strong>le chef de famille<\/strong>,<\/span>\u00a0 obtient un an d\u2019abonnement \u00e0 notre programme de jeux de m\u00e9moire Stim\u2019Art JOE. Il obtient \u00e9galement 6 cartes Famille, qu\u2019il va pouvoir distribuer \u00e0 6 joueurs de son choix, qui vont alors jouer en \u00e9quipe et constituer une famille.<\/p>\r\n<p>Chaque joueur re\u00e7oit alors une carte, avec la d\u00e9marche \u00e0 suivre :<\/p>\r\n<ul>\r\n<li>Il devra alors t\u00e9l\u00e9charger l\u2019application \u201cFamily Joe\u201d sur son smartphone ou sa tablette (Android ou Apple)<\/li>\r\n<li>Il rentrera le code Famille inscrit sur sa carte,<\/li>\r\n<li>Il rejoindra sa famille et pourra d\u00e9fier ses proches ou d\u2019autres familles<\/li>\r\n<\/ul>\r\n<p>[\/column]<br>[column lg=\"6\" md=\"12\" sm=\"12\" xs=\"12\" ]<br><img class=\" wp-image-10141 aligncenter\" src=\"https:\/\/www.dynseo.com\/wp-content\/uploads\/\" alt=\"\" width=\"384\" height=\"242\"><\/p>\r\n<p><a href=\"https:\/\/www.dynseo.com\/jeux-de-memoire\/stimart-famille-jeux-en-ligne\/\"><img class=\"aligncenter wp-image-28735 size-medium\" src=\"https:\/\/www.dynseo.com\/wp-content\/uploads\/2020\/04\/Bouton-en-savoir-plus-300x90.png\" alt=\"\" width=\"300\" height=\"90\"><\/a>[\/column]<\/p>\r\n<p>\u00a0<\/p><\/div><\/div>\r\n\r\n\r\n<h2>\u00a0<\/h2>\r\n\r\n\r\n\r\n\r\n\r\n","_et_gb_content_width":"","footnotes":""},"categories":[2993],"tags":[],"class_list":["post-489928","post","type-post","status-publish","format-standard","has-post-thumbnail","hentry","category-2993"],"yoast_head":"<!-- This site is optimized with the Yoast SEO plugin v27.4 - https:\/\/yoast.com\/product\/yoast-seo-wordpress\/ -->\n<title>Chaleur et SEP : Le Ph\u00e9nom\u00e8ne d&#039;Uhthoff et la Cognition | DYNSEO - DYNSEO - Aplica\u00e7\u00f5es educativas e jogos de mem\u00f3ria<\/title>\n<meta name=\"robots\" content=\"index, follow, max-snippet:-1, max-image-preview:large, max-video-preview:-1\" \/>\n<link rel=\"canonical\" href=\"https:\/\/www.dynseo.com\/pt-pt\/chaleur-et-sep-le-phenomene-duhthoff-et-la-cognition-dynseo-2\/\" \/>\n<meta property=\"og:locale\" content=\"pt_PT\" \/>\n<meta property=\"og:type\" content=\"article\" \/>\n<meta property=\"og:title\" content=\"Chaleur et SEP : Le Ph\u00e9nom\u00e8ne d&#039;Uhthoff et la Cognition | DYNSEO - DYNSEO - Aplica\u00e7\u00f5es educativas e jogos de mem\u00f3ria\" \/>\n<meta property=\"og:url\" content=\"https:\/\/www.dynseo.com\/pt-pt\/chaleur-et-sep-le-phenomene-duhthoff-et-la-cognition-dynseo-2\/\" \/>\n<meta property=\"og:site_name\" content=\"DYNSEO - Aplica\u00e7\u00f5es educativas e jogos de mem\u00f3ria\" \/>\n<meta property=\"article:published_time\" content=\"2026-01-25T15:42:59+00:00\" \/>\n<meta property=\"article:modified_time\" content=\"2026-03-11T12:34:07+00:00\" \/>\n<meta property=\"og:image\" content=\"https:\/\/www.dynseo.com\/wp-content\/uploads\/2025\/09\/abcdhe-5.jpg\" \/>\n\t<meta property=\"og:image:width\" content=\"1024\" \/>\n\t<meta property=\"og:image:height\" content=\"576\" \/>\n\t<meta property=\"og:image:type\" content=\"image\/jpeg\" \/>\n<meta name=\"author\" content=\"DYNSEO\" \/>\n<meta name=\"twitter:label1\" content=\"Escrito por\" \/>\n\t<meta name=\"twitter:data1\" content=\"DYNSEO\" \/>\n\t<meta name=\"twitter:label2\" content=\"Tempo estimado de leitura\" \/>\n\t<meta name=\"twitter:data2\" content=\"8 minutos\" \/>\n<script type=\"application\/ld+json\" class=\"yoast-schema-graph\">{\"@context\":\"https:\\\/\\\/schema.org\",\"@graph\":[{\"@type\":\"Article\",\"@id\":\"https:\\\/\\\/www.dynseo.com\\\/pt-pt\\\/chaleur-et-sep-le-phenomene-duhthoff-et-la-cognition-dynseo-2\\\/#article\",\"isPartOf\":{\"@id\":\"https:\\\/\\\/www.dynseo.com\\\/pt-pt\\\/chaleur-et-sep-le-phenomene-duhthoff-et-la-cognition-dynseo-2\\\/\"},\"author\":{\"name\":\"DYNSEO\",\"@id\":\"https:\\\/\\\/www.dynseo.com\\\/pt-pt\\\/#\\\/schema\\\/person\\\/78ef63df2ee64e0989bc68f8401b38d6\"},\"headline\":\"Chaleur et SEP : Le Ph\u00e9nom\u00e8ne d&#8217;Uhthoff et la Cognition | DYNSEO\",\"datePublished\":\"2026-01-25T15:42:59+00:00\",\"dateModified\":\"2026-03-11T12:34:07+00:00\",\"mainEntityOfPage\":{\"@id\":\"https:\\\/\\\/www.dynseo.com\\\/pt-pt\\\/chaleur-et-sep-le-phenomene-duhthoff-et-la-cognition-dynseo-2\\\/\"},\"wordCount\":1646,\"publisher\":{\"@id\":\"https:\\\/\\\/www.dynseo.com\\\/pt-pt\\\/#organization\"},\"image\":{\"@id\":\"https:\\\/\\\/www.dynseo.com\\\/pt-pt\\\/chaleur-et-sep-le-phenomene-duhthoff-et-la-cognition-dynseo-2\\\/#primaryimage\"},\"thumbnailUrl\":\"https:\\\/\\\/www.dynseo.com\\\/wp-content\\\/uploads\\\/2025\\\/09\\\/abcdhe-5.jpg\",\"articleSection\":[\"\u672a\u5206\u7c7b - unclassified\"],\"inLanguage\":\"pt-PT\"},{\"@type\":\"WebPage\",\"@id\":\"https:\\\/\\\/www.dynseo.com\\\/pt-pt\\\/chaleur-et-sep-le-phenomene-duhthoff-et-la-cognition-dynseo-2\\\/\",\"url\":\"https:\\\/\\\/www.dynseo.com\\\/pt-pt\\\/chaleur-et-sep-le-phenomene-duhthoff-et-la-cognition-dynseo-2\\\/\",\"name\":\"Chaleur et SEP : Le Ph\u00e9nom\u00e8ne d'Uhthoff et la Cognition | DYNSEO - DYNSEO - Aplica\u00e7\u00f5es educativas e jogos de mem\u00f3ria\",\"isPartOf\":{\"@id\":\"https:\\\/\\\/www.dynseo.com\\\/pt-pt\\\/#website\"},\"primaryImageOfPage\":{\"@id\":\"https:\\\/\\\/www.dynseo.com\\\/pt-pt\\\/chaleur-et-sep-le-phenomene-duhthoff-et-la-cognition-dynseo-2\\\/#primaryimage\"},\"image\":{\"@id\":\"https:\\\/\\\/www.dynseo.com\\\/pt-pt\\\/chaleur-et-sep-le-phenomene-duhthoff-et-la-cognition-dynseo-2\\\/#primaryimage\"},\"thumbnailUrl\":\"https:\\\/\\\/www.dynseo.com\\\/wp-content\\\/uploads\\\/2025\\\/09\\\/abcdhe-5.jpg\",\"datePublished\":\"2026-01-25T15:42:59+00:00\",\"dateModified\":\"2026-03-11T12:34:07+00:00\",\"breadcrumb\":{\"@id\":\"https:\\\/\\\/www.dynseo.com\\\/pt-pt\\\/chaleur-et-sep-le-phenomene-duhthoff-et-la-cognition-dynseo-2\\\/#breadcrumb\"},\"inLanguage\":\"pt-PT\",\"potentialAction\":[{\"@type\":\"ReadAction\",\"target\":[\"https:\\\/\\\/www.dynseo.com\\\/pt-pt\\\/chaleur-et-sep-le-phenomene-duhthoff-et-la-cognition-dynseo-2\\\/\"]}]},{\"@type\":\"ImageObject\",\"inLanguage\":\"pt-PT\",\"@id\":\"https:\\\/\\\/www.dynseo.com\\\/pt-pt\\\/chaleur-et-sep-le-phenomene-duhthoff-et-la-cognition-dynseo-2\\\/#primaryimage\",\"url\":\"https:\\\/\\\/www.dynseo.com\\\/wp-content\\\/uploads\\\/2025\\\/09\\\/abcdhe-5.jpg\",\"contentUrl\":\"https:\\\/\\\/www.dynseo.com\\\/wp-content\\\/uploads\\\/2025\\\/09\\\/abcdhe-5.jpg\",\"width\":1024,\"height\":576,\"caption\":\"Estimula\u00e7\u00e3o mental ativa: a chave para um envelhecimento saud\u00e1vel\"},{\"@type\":\"BreadcrumbList\",\"@id\":\"https:\\\/\\\/www.dynseo.com\\\/pt-pt\\\/chaleur-et-sep-le-phenomene-duhthoff-et-la-cognition-dynseo-2\\\/#breadcrumb\",\"itemListElement\":[{\"@type\":\"ListItem\",\"position\":1,\"name\":\"Accueil\",\"item\":\"https:\\\/\\\/www.dynseo.com\\\/pt-pt\\\/\"},{\"@type\":\"ListItem\",\"position\":2,\"name\":\"Chaleur et SEP : Le Ph\u00e9nom\u00e8ne d&#8217;Uhthoff et la Cognition | DYNSEO\"}]},{\"@type\":\"WebSite\",\"@id\":\"https:\\\/\\\/www.dynseo.com\\\/pt-pt\\\/#website\",\"url\":\"https:\\\/\\\/www.dynseo.com\\\/pt-pt\\\/\",\"name\":\"Jeux de m\u00e9moire et stimulation cognitive\",\"description\":\"Entra\u00eenez votre m\u00e9moire et votre cerveau avec DYNSEO\",\"publisher\":{\"@id\":\"https:\\\/\\\/www.dynseo.com\\\/pt-pt\\\/#organization\"},\"potentialAction\":[{\"@type\":\"SearchAction\",\"target\":{\"@type\":\"EntryPoint\",\"urlTemplate\":\"https:\\\/\\\/www.dynseo.com\\\/pt-pt\\\/?s={search_term_string}\"},\"query-input\":{\"@type\":\"PropertyValueSpecification\",\"valueRequired\":true,\"valueName\":\"search_term_string\"}}],\"inLanguage\":\"pt-PT\"},{\"@type\":\"Organization\",\"@id\":\"https:\\\/\\\/www.dynseo.com\\\/pt-pt\\\/#organization\",\"name\":\"DYNSEO\",\"url\":\"https:\\\/\\\/www.dynseo.com\\\/pt-pt\\\/\",\"logo\":{\"@type\":\"ImageObject\",\"inLanguage\":\"pt-PT\",\"@id\":\"https:\\\/\\\/www.dynseo.com\\\/pt-pt\\\/#\\\/schema\\\/logo\\\/image\\\/\",\"url\":\"https:\\\/\\\/www.dynseo.com\\\/wp-content\\\/uploads\\\/2022\\\/05\\\/logo-dynseo-new.png\",\"contentUrl\":\"https:\\\/\\\/www.dynseo.com\\\/wp-content\\\/uploads\\\/2022\\\/05\\\/logo-dynseo-new.png\",\"width\":5073,\"height\":1397,\"caption\":\"DYNSEO\"},\"image\":{\"@id\":\"https:\\\/\\\/www.dynseo.com\\\/pt-pt\\\/#\\\/schema\\\/logo\\\/image\\\/\"}},{\"@type\":\"Person\",\"@id\":\"https:\\\/\\\/www.dynseo.com\\\/pt-pt\\\/#\\\/schema\\\/person\\\/78ef63df2ee64e0989bc68f8401b38d6\",\"name\":\"DYNSEO\",\"url\":\"https:\\\/\\\/www.dynseo.com\\\/pt-pt\\\/author\\\/justine\\\/\"}]}<\/script>\n<!-- \/ Yoast SEO plugin. -->","yoast_head_json":{"title":"Chaleur et SEP : Le Ph\u00e9nom\u00e8ne d'Uhthoff et la Cognition | DYNSEO - DYNSEO - Aplica\u00e7\u00f5es educativas e jogos de mem\u00f3ria","robots":{"index":"index","follow":"follow","max-snippet":"max-snippet:-1","max-image-preview":"max-image-preview:large","max-video-preview":"max-video-preview:-1"},"canonical":"https:\/\/www.dynseo.com\/pt-pt\/chaleur-et-sep-le-phenomene-duhthoff-et-la-cognition-dynseo-2\/","og_locale":"pt_PT","og_type":"article","og_title":"Chaleur et SEP : Le Ph\u00e9nom\u00e8ne d'Uhthoff et la Cognition | DYNSEO - DYNSEO - Aplica\u00e7\u00f5es educativas e jogos de mem\u00f3ria","og_url":"https:\/\/www.dynseo.com\/pt-pt\/chaleur-et-sep-le-phenomene-duhthoff-et-la-cognition-dynseo-2\/","og_site_name":"DYNSEO - Aplica\u00e7\u00f5es educativas e jogos de mem\u00f3ria","article_published_time":"2026-01-25T15:42:59+00:00","article_modified_time":"2026-03-11T12:34:07+00:00","og_image":[{"width":1024,"height":576,"url":"https:\/\/www.dynseo.com\/wp-content\/uploads\/2025\/09\/abcdhe-5.jpg","type":"image\/jpeg"}],"author":"DYNSEO","twitter_misc":{"Escrito por":"DYNSEO","Tempo estimado de leitura":"8 minutos"},"schema":{"@context":"https:\/\/schema.org","@graph":[{"@type":"Article","@id":"https:\/\/www.dynseo.com\/pt-pt\/chaleur-et-sep-le-phenomene-duhthoff-et-la-cognition-dynseo-2\/#article","isPartOf":{"@id":"https:\/\/www.dynseo.com\/pt-pt\/chaleur-et-sep-le-phenomene-duhthoff-et-la-cognition-dynseo-2\/"},"author":{"name":"DYNSEO","@id":"https:\/\/www.dynseo.com\/pt-pt\/#\/schema\/person\/78ef63df2ee64e0989bc68f8401b38d6"},"headline":"Chaleur et SEP : Le Ph\u00e9nom\u00e8ne d&#8217;Uhthoff et la Cognition | DYNSEO","datePublished":"2026-01-25T15:42:59+00:00","dateModified":"2026-03-11T12:34:07+00:00","mainEntityOfPage":{"@id":"https:\/\/www.dynseo.com\/pt-pt\/chaleur-et-sep-le-phenomene-duhthoff-et-la-cognition-dynseo-2\/"},"wordCount":1646,"publisher":{"@id":"https:\/\/www.dynseo.com\/pt-pt\/#organization"},"image":{"@id":"https:\/\/www.dynseo.com\/pt-pt\/chaleur-et-sep-le-phenomene-duhthoff-et-la-cognition-dynseo-2\/#primaryimage"},"thumbnailUrl":"https:\/\/www.dynseo.com\/wp-content\/uploads\/2025\/09\/abcdhe-5.jpg","articleSection":["\u672a\u5206\u7c7b - unclassified"],"inLanguage":"pt-PT"},{"@type":"WebPage","@id":"https:\/\/www.dynseo.com\/pt-pt\/chaleur-et-sep-le-phenomene-duhthoff-et-la-cognition-dynseo-2\/","url":"https:\/\/www.dynseo.com\/pt-pt\/chaleur-et-sep-le-phenomene-duhthoff-et-la-cognition-dynseo-2\/","name":"Chaleur et SEP : Le Ph\u00e9nom\u00e8ne d'Uhthoff et la Cognition | DYNSEO - DYNSEO - Aplica\u00e7\u00f5es educativas e jogos de mem\u00f3ria","isPartOf":{"@id":"https:\/\/www.dynseo.com\/pt-pt\/#website"},"primaryImageOfPage":{"@id":"https:\/\/www.dynseo.com\/pt-pt\/chaleur-et-sep-le-phenomene-duhthoff-et-la-cognition-dynseo-2\/#primaryimage"},"image":{"@id":"https:\/\/www.dynseo.com\/pt-pt\/chaleur-et-sep-le-phenomene-duhthoff-et-la-cognition-dynseo-2\/#primaryimage"},"thumbnailUrl":"https:\/\/www.dynseo.com\/wp-content\/uploads\/2025\/09\/abcdhe-5.jpg","datePublished":"2026-01-25T15:42:59+00:00","dateModified":"2026-03-11T12:34:07+00:00","breadcrumb":{"@id":"https:\/\/www.dynseo.com\/pt-pt\/chaleur-et-sep-le-phenomene-duhthoff-et-la-cognition-dynseo-2\/#breadcrumb"},"inLanguage":"pt-PT","potentialAction":[{"@type":"ReadAction","target":["https:\/\/www.dynseo.com\/pt-pt\/chaleur-et-sep-le-phenomene-duhthoff-et-la-cognition-dynseo-2\/"]}]},{"@type":"ImageObject","inLanguage":"pt-PT","@id":"https:\/\/www.dynseo.com\/pt-pt\/chaleur-et-sep-le-phenomene-duhthoff-et-la-cognition-dynseo-2\/#primaryimage","url":"https:\/\/www.dynseo.com\/wp-content\/uploads\/2025\/09\/abcdhe-5.jpg","contentUrl":"https:\/\/www.dynseo.com\/wp-content\/uploads\/2025\/09\/abcdhe-5.jpg","width":1024,"height":576,"caption":"Estimula\u00e7\u00e3o mental ativa: a chave para um envelhecimento saud\u00e1vel"},{"@type":"BreadcrumbList","@id":"https:\/\/www.dynseo.com\/pt-pt\/chaleur-et-sep-le-phenomene-duhthoff-et-la-cognition-dynseo-2\/#breadcrumb","itemListElement":[{"@type":"ListItem","position":1,"name":"Accueil","item":"https:\/\/www.dynseo.com\/pt-pt\/"},{"@type":"ListItem","position":2,"name":"Chaleur et SEP : Le Ph\u00e9nom\u00e8ne d&#8217;Uhthoff et la Cognition | DYNSEO"}]},{"@type":"WebSite","@id":"https:\/\/www.dynseo.com\/pt-pt\/#website","url":"https:\/\/www.dynseo.com\/pt-pt\/","name":"Jeux de m\u00e9moire et stimulation cognitive","description":"Entra\u00eenez votre m\u00e9moire et votre cerveau avec DYNSEO","publisher":{"@id":"https:\/\/www.dynseo.com\/pt-pt\/#organization"},"potentialAction":[{"@type":"SearchAction","target":{"@type":"EntryPoint","urlTemplate":"https:\/\/www.dynseo.com\/pt-pt\/?s={search_term_string}"},"query-input":{"@type":"PropertyValueSpecification","valueRequired":true,"valueName":"search_term_string"}}],"inLanguage":"pt-PT"},{"@type":"Organization","@id":"https:\/\/www.dynseo.com\/pt-pt\/#organization","name":"DYNSEO","url":"https:\/\/www.dynseo.com\/pt-pt\/","logo":{"@type":"ImageObject","inLanguage":"pt-PT","@id":"https:\/\/www.dynseo.com\/pt-pt\/#\/schema\/logo\/image\/","url":"https:\/\/www.dynseo.com\/wp-content\/uploads\/2022\/05\/logo-dynseo-new.png","contentUrl":"https:\/\/www.dynseo.com\/wp-content\/uploads\/2022\/05\/logo-dynseo-new.png","width":5073,"height":1397,"caption":"DYNSEO"},"image":{"@id":"https:\/\/www.dynseo.com\/pt-pt\/#\/schema\/logo\/image\/"}},{"@type":"Person","@id":"https:\/\/www.dynseo.com\/pt-pt\/#\/schema\/person\/78ef63df2ee64e0989bc68f8401b38d6","name":"DYNSEO","url":"https:\/\/www.dynseo.com\/pt-pt\/author\/justine\/"}]}},"_links":{"self":[{"href":"https:\/\/www.dynseo.com\/pt-pt\/wp-json\/wp\/v2\/posts\/489928","targetHints":{"allow":["GET"]}}],"collection":[{"href":"https:\/\/www.dynseo.com\/pt-pt\/wp-json\/wp\/v2\/posts"}],"about":[{"href":"https:\/\/www.dynseo.com\/pt-pt\/wp-json\/wp\/v2\/types\/post"}],"author":[{"embeddable":true,"href":"https:\/\/www.dynseo.com\/pt-pt\/wp-json\/wp\/v2\/users\/4"}],"replies":[{"embeddable":true,"href":"https:\/\/www.dynseo.com\/pt-pt\/wp-json\/wp\/v2\/comments?post=489928"}],"version-history":[{"count":4,"href":"https:\/\/www.dynseo.com\/pt-pt\/wp-json\/wp\/v2\/posts\/489928\/revisions"}],"predecessor-version":[{"id":512118,"href":"https:\/\/www.dynseo.com\/pt-pt\/wp-json\/wp\/v2\/posts\/489928\/revisions\/512118"}],"wp:featuredmedia":[{"embeddable":true,"href":"https:\/\/www.dynseo.com\/pt-pt\/wp-json\/wp\/v2\/media\/410101"}],"wp:attachment":[{"href":"https:\/\/www.dynseo.com\/pt-pt\/wp-json\/wp\/v2\/media?parent=489928"}],"wp:term":[{"taxonomy":"category","embeddable":true,"href":"https:\/\/www.dynseo.com\/pt-pt\/wp-json\/wp\/v2\/categories?post=489928"},{"taxonomy":"post_tag","embeddable":true,"href":"https:\/\/www.dynseo.com\/pt-pt\/wp-json\/wp\/v2\/tags?post=489928"}],"curies":[{"name":"wp","href":"https:\/\/api.w.org\/{rel}","templated":true}]}}