{"id":515514,"date":"2026-03-12T10:23:56","date_gmt":"2026-03-12T09:23:56","guid":{"rendered":"https:\/\/www.dynseo.com\/reminiscence-therapeutique-et-alzheimer-quels-bienfaits-concrets-dynseo-2\/"},"modified":"2026-03-20T21:03:41","modified_gmt":"2026-03-20T20:03:41","slug":"reminiscencia-terapeutica-e-alzheimer-quais-bemfeitos-concretos","status":"publish","type":"post","link":"https:\/\/www.dynseo.com\/pt-pt\/reminiscencia-terapeutica-e-alzheimer-quais-bemfeitos-concretos\/","title":{"rendered":"Reminisc\u00eancia terap\u00eautica e Alzheimer: quais s\u00e3o os benef\u00edcios concretos?"},"content":{"rendered":"<p>[et_pb_section fb_built=&#8221;1&#8243; admin_label=&#8221;Article HTML&#8221; _builder_version=&#8221;4.16&#8243; custom_padding=&#8221;0px||0px||false|false&#8221; global_colors_info=&#8221;{}&#8221;][et_pb_row admin_label=&#8221;Contenu&#8221; _builder_version=&#8221;4.16&#8243; width=&#8221;100%&#8221; max_width=&#8221;100%&#8221; custom_padding=&#8221;0px||0px||false|false&#8221; global_colors_info=&#8221;{}&#8221;][et_pb_column type=&#8221;4_4&#8243; _builder_version=&#8221;4.16&#8243; global_colors_info=&#8221;{}&#8221;][et_pb_code admin_label=&#8221;HTML import\u00e9&#8221; _builder_version=&#8221;4.16&#8243; global_colors_info=&#8221;{}&#8221;]<\/p>\n<style type=\"text\/css\"><!-- [et_pb_line_break_holder] -->:root{--ambre:#c07740;--ambre-soft:#fdf3e7;--sauge:#5a8a6a;--sauge-soft:#eaf3ed;--ardoise:#4a6080;--ardoise-soft:#eaeff5;--rose-vieux:#a05070;--rose-vieux-soft:#f5eaef;--dark:#1a1a2e;--radius:20px;--shadow:0 4px 20px rgba(0,0,0,.06);}<!-- [et_pb_line_break_holder] -->.dbi-art-c28c8a * {margin:0;padding:0;box-sizing:border-box;}<!-- [et_pb_line_break_holder] -->.dbi-art-c28c8a {scroll-behavior:smooth;}<!-- [et_pb_line_break_holder] -->.dbi-art-c28c8a {font-family:'Poppins',-apple-system,BlinkMacSystemFont,sans-serif;line-height:1.75;color:#333;background:#fff;overflow-x:hidden;}<!-- [et_pb_line_break_holder] -->.dbi-art-c28c8a img {max-width:100%;height:auto;display:block;}<!-- [et_pb_line_break_holder] -->.dbi-art-c28c8a a {color:inherit;text-decoration:none;}<!-- [et_pb_line_break_holder] -->.dbi-art-c28c8a .container {max-width:820px;margin:0 auto;padding:0 24px;}<!-- [et_pb_line_break_holder] -->.dbi-art-c28c8a .article-hero {background:linear-gradient(160deg,#fdf3e7 0%,#fef9f0 55%,#eaf3ed 100%);padding:70px 24px 0;position:relative;overflow:visible;}<!-- [et_pb_line_break_holder] -->.dbi-art-c28c8a .article-hero-curve {position:absolute;bottom:-2px;left:0;right:0;width:100%;height:60px;background:#fff;border-radius:50% 50% 0 0;z-index:4;}<!-- [et_pb_line_break_holder] -->.dbi-art-c28c8a .article-hero-inner {max-width:820px;margin:0 auto;position:relative;z-index:3;padding-bottom:80px;}<!-- [et_pb_line_break_holder] -->.dbi-art-c28c8a .article-breadcrumb {font-size:12px;color:var(--ambre);margin-bottom:20px;}<!-- [et_pb_line_break_holder] -->.dbi-art-c28c8a .article-breadcrumb a {color:var(--ambre);border-bottom:1px solid rgba(192,119,64,.25);}<!-- [et_pb_line_break_holder] -->.dbi-art-c28c8a .article-category {display:inline-block;font-family:'Montserrat',sans-serif;font-size:11px;font-weight:700;letter-spacing:1.5px;text-transform:uppercase;color:var(--ambre);background:#fff;border-radius:30px;padding:7px 18px;margin-bottom:16px;box-shadow:var(--shadow);}<!-- [et_pb_line_break_holder] -->.dbi-art-c28c8a .article-hero h1 {font-family:'Montserrat',sans-serif;font-size:clamp(24px,4vw,34px);font-weight:800;color:var(--dark);line-height:1.3;margin-bottom:16px;}<!-- [et_pb_line_break_holder] -->.dbi-art-c28c8a .article-hero h1 .hl {display:inline;color:#fff;background:var(--sauge);border-radius:8px;padding:1px 12px 3px;}<!-- [et_pb_line_break_holder] -->.dbi-art-c28c8a .article-meta {font-size:13px;color:#555;display:flex;gap:20px;flex-wrap:wrap;align-items:center;}<!-- [et_pb_line_break_holder] -->.dbi-art-c28c8a .article-body {padding:50px 0 60px;}<!-- [et_pb_line_break_holder] -->.dbi-art-c28c8a .article-body p {margin-bottom:22px;text-align:justify;font-size:15px;color:#444;line-height:1.9;}<!-- [et_pb_line_break_holder] -->.dbi-art-c28c8a .article-body strong {color:var(--dark);font-weight:600;}<!-- [et_pb_line_break_holder] -->.dbi-art-c28c8a .article-body h2 {font-family:'Montserrat',sans-serif;font-size:clamp(20px,3vw,26px);font-weight:800;color:var(--dark);margin:55px 0 18px;line-height:1.3;padding-bottom:10px;border-bottom:3px solid var(--sauge);}<!-- [et_pb_line_break_holder] -->.dbi-art-c28c8a .article-body h3 {font-family:'Montserrat',sans-serif;font-size:clamp(17px,2.5vw,20px);font-weight:700;color:var(--ambre);margin:35px 0 14px;}<!-- [et_pb_line_break_holder] -->.dbi-art-c28c8a .bienfait-grid {display:grid;grid-template-columns:1fr 1fr;gap:16px;margin:28px 0;}<!-- [et_pb_line_break_holder] -->.dbi-art-c28c8a .bienfait-card {background:#fff;border-radius:var(--radius);padding:22px 24px;box-shadow:var(--shadow);}<!-- [et_pb_line_break_holder] -->.dbi-art-c28c8a .bienfait-card.b1 {border-top:4px solid var(--ambre);}<!-- [et_pb_line_break_holder] -->.dbi-art-c28c8a .bienfait-card.b2 {border-top:4px solid var(--sauge);}<!-- [et_pb_line_break_holder] -->.dbi-art-c28c8a .bienfait-card.b3 {border-top:4px solid var(--ardoise);}<!-- [et_pb_line_break_holder] -->.dbi-art-c28c8a .bienfait-card.b4 {border-top:4px solid var(--rose-vieux);}<!-- [et_pb_line_break_holder] -->.dbi-art-c28c8a .bienfait-card h4 {font-family:'Montserrat',sans-serif;font-size:14px;font-weight:800;color:var(--dark);margin-bottom:6px;}<!-- [et_pb_line_break_holder] -->.dbi-art-c28c8a .bienfait-card p {font-size:13px;color:#555;line-height:1.65;margin:0;}<!-- [et_pb_line_break_holder] -->.dbi-art-c28c8a .soft-box {background:var(--ambre-soft);padding:28px 32px;border-radius:var(--radius);margin:35px 0;box-shadow:var(--shadow);border-left:4px solid var(--ambre);}<!-- [et_pb_line_break_holder] -->.dbi-art-c28c8a .soft-box p {font-size:14px;color:#444;margin-bottom:10px;line-height:1.8;}<!-- [et_pb_line_break_holder] -->.dbi-art-c28c8a .soft-box p:last-child {margin-bottom:0;}<!-- [et_pb_line_break_holder] -->.dbi-art-c28c8a .key-points {background:var(--sauge-soft);padding:30px 32px;border-radius:var(--radius);margin:35px 0;box-shadow:var(--shadow);}<!-- [et_pb_line_break_holder] -->.dbi-art-c28c8a .key-points h3 {font-family:'Montserrat',sans-serif;font-size:17px;font-weight:800;color:var(--sauge);margin:0 0 14px;}<!-- [et_pb_line_break_holder] -->.dbi-art-c28c8a .key-points ul {list-style:none;padding:0;margin:0;}<!-- [et_pb_line_break_holder] -->.dbi-art-c28c8a .key-points li {margin:10px 0;padding-left:26px;position:relative;color:#444;font-size:14px;line-height:1.7;}<!-- [et_pb_line_break_holder] -->.dbi-art-c28c8a .key-points li::before {content:'\u2726';position:absolute;left:0;color:var(--ambre);font-size:11px;top:3px;}<!-- [et_pb_line_break_holder] -->.dbi-art-c28c8a .temoignage {background:#fff8f0;padding:34px 32px;border-radius:var(--radius);margin:40px 0;box-shadow:var(--shadow);position:relative;}<!-- [et_pb_line_break_holder] -->.dbi-art-c28c8a .temoignage::before {content:'201C';font-size:110px;position:absolute;top:-24px;left:18px;font-family:Georgia,serif;color:var(--ambre);opacity:.2;line-height:1;}<!-- [et_pb_line_break_holder] -->.dbi-art-c28c8a .temoignage p {font-size:15px;font-style:italic;color:#555;position:relative;z-index:1;margin-bottom:12px;text-align:left;line-height:1.85;}<!-- [et_pb_line_break_holder] -->.dbi-art-c28c8a .temoignage .quote-author {font-family:'Montserrat',sans-serif;font-weight:800;font-style:normal;color:var(--ambre);font-size:13px;}<!-- [et_pb_line_break_holder] -->.dbi-art-c28c8a .soignant-box {background:#fff;border-radius:var(--radius);padding:28px 30px;box-shadow:0 6px 25px rgba(0,0,0,.07);margin:30px 0;border-top:4px solid var(--sauge);}<!-- [et_pb_line_break_holder] -->.dbi-art-c28c8a .soignant-box-label {font-family:'Montserrat',sans-serif;font-size:11px;font-weight:700;letter-spacing:1.5px;text-transform:uppercase;color:var(--sauge);margin-bottom:8px;}<!-- [et_pb_line_break_holder] -->.dbi-art-c28c8a .soignant-box-title {font-family:'Montserrat',sans-serif;font-size:17px;font-weight:800;color:var(--dark);margin-bottom:14px;}<!-- [et_pb_line_break_holder] -->.dbi-art-c28c8a .soignant-box p {font-size:14px;color:#444;line-height:1.8;margin-bottom:10px;}<!-- [et_pb_line_break_holder] -->.dbi-art-c28c8a .soignant-box p:last-child {margin-bottom:0;}<!-- [et_pb_line_break_holder] -->.dbi-art-c28c8a .pratique-box {background:var(--ardoise-soft);border-radius:var(--radius);padding:22px 26px;margin-top:14px;}<!-- [et_pb_line_break_holder] -->.dbi-art-c28c8a .pratique-box-title {font-family:'Montserrat',sans-serif;font-size:13px;font-weight:700;color:var(--ardoise);margin-bottom:8px;text-transform:uppercase;letter-spacing:1px;}<!-- [et_pb_line_break_holder] -->.dbi-art-c28c8a .pratique-box p {font-size:13px;color:#444;margin:0;line-height:1.7;}<!-- [et_pb_line_break_holder] -->.dbi-art-c28c8a .cta-box {background:linear-gradient(135deg,var(--ambre) 0%,#a05530 100%);padding:40px 36px;border-radius:22px;margin:50px 0;text-align:center;color:#fff;}<!-- [et_pb_line_break_holder] -->.dbi-art-c28c8a .cta-box h3 {font-family:'Montserrat',sans-serif;font-size:22px;font-weight:800;margin-bottom:12px;}<!-- [et_pb_line_break_holder] -->.dbi-art-c28c8a .cta-box p {font-size:14px;color:rgba(255,255,255,.88);margin-bottom:24px;max-width:550px;margin-left:auto;margin-right:auto;}<!-- [et_pb_line_break_holder] -->.dbi-art-c28c8a .cta-box .cta-buttons {display:flex;justify-content:center;gap:14px;flex-wrap:wrap;}<!-- [et_pb_line_break_holder] -->.dbi-art-c28c8a .btn-cta-white {display:inline-block;padding:14px 34px;border-radius:30px;font-family:'Montserrat',sans-serif;font-size:14px;font-weight:700;background:#fff;color:var(--ambre);transition:all .3s ease;}<!-- [et_pb_line_break_holder] -->.dbi-art-c28c8a .btn-cta-white:hover {background:var(--dark);color:#fff;transform:translateY(-2px);}<!-- [et_pb_line_break_holder] -->.dbi-art-c28c8a .btn-cta-outline {display:inline-block;padding:14px 34px;border-radius:30px;font-family:'Montserrat',sans-serif;font-size:14px;font-weight:700;border:2px solid rgba(255,255,255,.5);color:#fff;}<!-- [et_pb_line_break_holder] -->.dbi-art-c28c8a .internal-link {display:flex;align-items:center;gap:20px;background:var(--ambre-soft);padding:24px 28px;border-radius:var(--radius);box-shadow:var(--shadow);margin:40px 0;transition:all .3s ease;}<!-- [et_pb_line_break_holder] -->.dbi-art-c28c8a .internal-link:hover {transform:translateY(-3px);box-shadow:0 8px 28px rgba(0,0,0,.1);}<!-- [et_pb_line_break_holder] -->.dbi-art-c28c8a .internal-link-icon {font-size:2.5rem;flex-shrink:0;}<!-- [et_pb_line_break_holder] -->.dbi-art-c28c8a .internal-link-content {flex:1;}<!-- [et_pb_line_break_holder] -->.dbi-art-c28c8a .internal-link-label {font-size:11px;font-weight:700;letter-spacing:1.5px;text-transform:uppercase;color:var(--rose-vieux);margin-bottom:4px;}<!-- [et_pb_line_break_holder] -->.dbi-art-c28c8a .internal-link-title {font-family:'Montserrat',sans-serif;font-size:16px;font-weight:800;color:var(--dark);margin-bottom:4px;}<!-- [et_pb_line_break_holder] -->.dbi-art-c28c8a .internal-link-desc {font-size:13px;color:#555;}<!-- [et_pb_line_break_holder] -->.dbi-art-c28c8a .internal-link-arrow {font-size:1.5rem;color:var(--ambre);flex-shrink:0;transition:transform .3s;}<!-- [et_pb_line_break_holder] -->.dbi-art-c28c8a .internal-link:hover .internal-link-arrow {transform:translateX(4px);}<!-- [et_pb_line_break_holder] -->.dbi-art-c28c8a .article-tags {display:flex;flex-wrap:wrap;gap:8px;margin:40px 0 20px;padding-top:30px;border-top:2px solid #f0ebe4;}<!-- [et_pb_line_break_holder] -->.dbi-art-c28c8a .article-tag {display:inline-block;padding:6px 16px;border-radius:30px;font-size:12px;font-weight:600;}<!-- [et_pb_line_break_holder] -->.dbi-art-c28c8a .article-tag:nth-child(odd) {color:var(--ambre);background:var(--ambre-soft);}<!-- [et_pb_line_break_holder] -->.dbi-art-c28c8a .article-tag:nth-child(even) {color:var(--sauge);background:var(--sauge-soft);}<!-- [et_pb_line_break_holder] -->.dbi-art-c28c8a .toc {background:var(--ambre-soft);padding:28px 30px;border-radius:var(--radius);margin:0 0 40px;box-shadow:var(--shadow);border-left:4px solid var(--ambre);}<!-- [et_pb_line_break_holder] -->.dbi-art-c28c8a .toc h4 {font-family:'Montserrat',sans-serif;font-size:14px;font-weight:800;color:var(--dark);margin-bottom:14px;}<!-- [et_pb_line_break_holder] -->.dbi-art-c28c8a .toc ol {padding-left:20px;margin:0;}<!-- [et_pb_line_break_holder] -->.dbi-art-c28c8a .toc li {margin:8px 0;font-size:13px;}<!-- [et_pb_line_break_holder] -->.dbi-art-c28c8a .toc a {color:var(--ambre);font-weight:600;}<!-- [et_pb_line_break_holder] -->@media(max-width:600px) {<!-- [et_pb_line_break_holder] -->.dbi-art-c28c8a .article-hero {padding:50px 16px 0;}<!-- [et_pb_line_break_holder] -->.dbi-art-c28c8a .container {padding:0 16px;}<!-- [et_pb_line_break_holder] -->.dbi-art-c28c8a .article-body p {font-size:14px;}<!-- [et_pb_line_break_holder] -->.dbi-art-c28c8a .bienfait-grid {grid-template-columns:1fr;}<!-- [et_pb_line_break_holder] -->.dbi-art-c28c8a .cta-box {padding:30px 20px;}<!-- [et_pb_line_break_holder] -->.dbi-art-c28c8a .cta-box .cta-buttons {flex-direction:column;max-width:260px;margin:0 auto;}<!-- [et_pb_line_break_holder] -->.dbi-art-c28c8a .btn-cta-white, .dbi-art-c28c8a .btn-cta-outline {width:100%;text-align:center;}<!-- [et_pb_line_break_holder] -->.dbi-art-c28c8a .internal-link {flex-direction:column;text-align:center;gap:12px;}<!-- [et_pb_line_break_holder] -->}<!-- [et_pb_line_break_holder] --><!-- [et_pb_line_break_holder] --><\/style>\n<p><!-- [et_pb_line_break_holder] --><script type=\"application\/ld+json\">{\"@context\":\"https:\/\/schema.org\",\"@type\":\"Article\",\"headline\":\"R\u00e9miniscence et Alzheimer : quels bienfaits concrets pour les r\u00e9sidents ?\",\"image\":\"https:\/\/www.dynseo.com\/wp-content\/uploads\/2026\/03\/reminiscence.jpg\",\"description\":\"Effets document\u00e9s de la r\u00e9miniscence th\u00e9rapeutique chez les personnes atteintes d'Alzheimer \u2014 d\u00e9pression, agitation, communication, identit\u00e9, lien soignant-r\u00e9sident.\",\"author\":{\"@type\":\"Organization\",\"name\":\"DYNSEO\",\"url\":\"https:\/\/www.dynseo.com\"},\"publisher\":{\"@type\":\"Organization\",\"name\":\"DYNSEO\"},\"datePublished\":\"2026-03-07\",\"dateModified\":\"2026-03-07\"}<\/script><!-- [et_pb_line_break_holder] --><!-- [et_pb_line_break_holder] --><\/p>\n<div class=\"dbi-art-c28c8a\"><!-- [et_pb_line_break_holder] --><\/p>\n<header class=\"article-hero\"><!-- [et_pb_line_break_holder] -->  <\/p>\n<div class=\"article-hero-inner\"><!-- [et_pb_line_break_holder] -->    <\/p>\n<nav class=\"article-breadcrumb\"><!-- [et_pb_line_break_holder] -->      <a href=\"https:\/\/www.dynseo.com\/pt-pt\/\">In\u00edcio<\/a> \u203a<!-- [et_pb_line_break_holder] -->      <a href=\"https:\/\/www.dynseo.com\/pt-pt\/profissionais-de-saude\/\">Recursos para cuidadores<\/a> \u203a<!-- [et_pb_line_break_holder] -->      R\u00e9minisc\u00eancia e Alzheimer<!-- [et_pb_line_break_holder] -->    <\/nav>\n<p><!-- [et_pb_line_break_holder] -->    <span class=\"article-category\">\ud83d\udd70\ufe0f R\u00c9MINISC\u00caNCIA TERAP\u00caUTICA<\/span><!-- [et_pb_line_break_holder] -->    <\/p>\n<h1>R\u00e9minisc\u00eancia e Alzheimer: <span class=\"hl\">quais benef\u00edcios concretos<\/span> para os residentes?<\/h1>\n<p><!-- [et_pb_line_break_holder] -->    <\/p>\n<div class=\"article-meta\"><!-- [et_pb_line_break_holder] -->      <span>\ud83d\udcc5 Mar\u00e7o 2026<\/span><!-- [et_pb_line_break_holder] -->      <span>\u23f1 17 min de leitura<\/span><!-- [et_pb_line_break_holder] -->      <span>\u270d\ufe0f Pela equipe DYNSEO<\/span><!-- [et_pb_line_break_holder] -->    <\/div>\n<p><!-- [et_pb_line_break_holder] -->  <\/div>\n<p><!-- [et_pb_line_break_holder] -->  <\/p>\n<div class=\"article-hero-curve\"><\/div>\n<p><!-- [et_pb_line_break_holder] --><\/header>\n<p><!-- [et_pb_line_break_holder] --><!-- [et_pb_line_break_holder] --><\/p>\n<div class=\"container\"><!-- [et_pb_line_break_holder] --><\/p>\n<article class=\"article-body\"><!-- [et_pb_line_break_holder] --><!-- [et_pb_line_break_holder] --><\/p>\n<div class=\"toc\"><!-- [et_pb_line_break_holder] -->  <\/p>\n<h4>\ud83d\udccb Sum\u00e1rio<\/h4>\n<p><!-- [et_pb_line_break_holder] -->  <\/p>\n<ol><!-- [et_pb_line_break_holder] -->    <\/p>\n<li><a href=\"#ce-que-dit-recherche\">O que a pesquisa diz<\/a><\/li>\n<p><!-- [et_pb_line_break_holder] -->    <\/p>\n<li><a href=\"#depression\">Efeito sobre a depress\u00e3o e a ansiedade<\/a><\/li>\n<p><!-- [et_pb_line_break_holder] -->    <\/p>\n<li><a href=\"#agitation\">Redu\u00e7\u00e3o da agita\u00e7\u00e3o e dos SCPD<\/a><\/li>\n<p><!-- [et_pb_line_break_holder] -->    <\/p>\n<li><a href=\"#communication\">Melhoria da comunica\u00e7\u00e3o<\/a><\/li>\n<p><!-- [et_pb_line_break_holder] -->    <\/p>\n<li><a href=\"#identite\">Refor\u00e7o da identidade e da autoestima<\/a><\/li>\n<p><!-- [et_pb_line_break_holder] -->    <\/p>\n<li><a href=\"#lien-soignant\">Qualidade da rela\u00e7\u00e3o cuidador-residente<\/a><\/li>\n<p><!-- [et_pb_line_break_holder] -->    <\/p>\n<li><a href=\"#famille\">Benef\u00edcios para as fam\u00edlias<\/a><\/li>\n<p><!-- [et_pb_line_break_holder] -->    <\/p>\n<li><a href=\"#stades\">De acordo com os est\u00e1gios da doen\u00e7a<\/a><\/li>\n<p><!-- [et_pb_line_break_holder] -->    <\/p>\n<li><a href=\"#limites\">As limita\u00e7\u00f5es a conhecer<\/a><\/li>\n<p><!-- [et_pb_line_break_holder] -->    <\/p>\n<li><a href=\"#integration\">Integrar a r\u00e9minisc\u00eancia no projeto de cuidados<\/a><\/li>\n<p><!-- [et_pb_line_break_holder] -->  <\/ol>\n<p><!-- [et_pb_line_break_holder] --><\/div>\n<p><!-- [et_pb_line_break_holder] --><!-- [et_pb_line_break_holder] --><pee>\u00ab\u00a0N\u00e3o sei o que aconteceu, mas desde que fazemos essas sess\u00f5es com as fotos antigas, o Sr. D. est\u00e1 mais calmo. Ele participa das refei\u00e7\u00f5es. Ele nos olha quando falamos com ele.\u00a0\u00bb Esse tipo de retorno, dos cuidadores em Lar de idosos, \u00e9 compartilhado regularmente ap\u00f3s a implementa\u00e7\u00e3o de atividades de r\u00e9minisc\u00eancia. N\u00e3o \u00e9 m\u00e1gica \u2014 \u00e9 neuropsicologia aplicada com benevol\u00eancia.<\/pee><!-- [et_pb_line_break_holder] --><!-- [et_pb_line_break_holder] --><pee>Os efeitos da r\u00e9minisc\u00eancia terap\u00eautica em pessoas com doen\u00e7a de Alzheimer e dist\u00farbios relacionados est\u00e3o documentados por d\u00e9cadas de pesquisa cl\u00ednica. Este artigo os apresenta concretamente \u2014 para que os cuidadores compreendam o que est\u00e1 em jogo e possam falar sobre isso com clareza para suas equipes e para as fam\u00edlias.<\/pee><!-- [et_pb_line_break_holder] --><!-- [et_pb_line_break_holder] --><\/p>\n<h2 id=\"ce-que-dit-recherche\">1. O que a pesquisa diz<\/h2>\n<p><!-- [et_pb_line_break_holder] --><!-- [et_pb_line_break_holder] --><pee>A r\u00e9minisc\u00eancia terap\u00eautica figura nas recomenda\u00e7\u00f5es internacionais de manejo n\u00e3o medicamentoso da doen\u00e7a de Alzheimer \u2014 notadamente aquelas da OMS, da Alta Autoridade de Sa\u00fade (HAS) na Fran\u00e7a, e do National Institute for Health and Care Excellence (NICE) no Reino Unido. Essas recomenda\u00e7\u00f5es se baseiam em um corpo s\u00f3lido de estudos controlados e meta-an\u00e1lises.<\/pee><!-- [et_pb_line_break_holder] --><!-- [et_pb_line_break_holder] --><pee>Uma meta-an\u00e1lise publicada no <em>British Journal of Clinical Psychology<\/em> envolvendo 128 estudos e mais de 10.000 participantes conclui que h\u00e1 efeitos positivos significativos da r\u00e9minisc\u00eancia sobre o bem-estar, a depress\u00e3o, a qualidade de vida e os comportamentos problem\u00e1ticos em pessoas idosas em institui\u00e7\u00f5es. Esses efeitos s\u00e3o observados tanto em sess\u00f5es individuais quanto em grupos.<\/pee><!-- [et_pb_line_break_holder] --><!-- [et_pb_line_break_holder] --><\/p>\n<h2 id=\"depression\">2. Efeito sobre a depress\u00e3o e a ansiedade<\/h2>\n<p><!-- [et_pb_line_break_holder] --><!-- [et_pb_line_break_holder] --><pee>A depress\u00e3o afeta entre 30 e 50% dos residentes em Lar de idosos \u2014 frequentemente subdiagnosticada e subtratada. A r\u00e9minisc\u00eancia terap\u00eautica \u00e9 uma das abordagens n\u00e3o medicamentosas mais bem documentadas para reduzir os sintomas depressivos nessa popula\u00e7\u00e3o.<\/pee><!-- [et_pb_line_break_holder] --><!-- [et_pb_line_break_holder] --><pee>Seu mecanismo de a\u00e7\u00e3o \u00e9 m\u00faltiplo. O acesso a mem\u00f3rias positivas gera emo\u00e7\u00f5es positivas que contrabalan\u00e7am o afeto depressivo. O reconhecimento de sua pr\u00f3pria hist\u00f3ria refor\u00e7a o sentimento de ter levado uma vida que teve sentido. E o v\u00ednculo com o cuidador criado durante as sess\u00f5es atende \u00e0 necessidade de conex\u00e3o social \u2014 frequentemente profundamente deficit\u00e1ria em institui\u00e7\u00f5es.<\/pee><!-- [et_pb_line_break_holder] --><!-- [et_pb_line_break_holder] --><\/p>\n<div class=\"soft-box\"><!-- [et_pb_line_break_holder] -->  <pee><strong>O que os estudos mostram.<\/strong> Programas de r\u00e9minisc\u00eancia de 6 a 12 sess\u00f5es produzem em m\u00e9dia uma redu\u00e7\u00e3o de 25 a 35% nos escores de depress\u00e3o em escalas validadas (GDS, Cornell Scale). Esses efeitos muitas vezes persistem por v\u00e1rias semanas ap\u00f3s o t\u00e9rmino do programa \u2014 e s\u00e3o refor\u00e7ados quando a abordagem \u00e9 integrada ao cotidiano dos cuidados, em vez de se restringir apenas \u00e0s sess\u00f5es formais.<\/pee><!-- [et_pb_line_break_holder] --><\/div>\n<p><!-- [et_pb_line_break_holder] --><!-- [et_pb_line_break_holder] --><\/p>\n<h2 id=\"agitation\">3. Redu\u00e7\u00e3o da agita\u00e7\u00e3o e dos SCPD<\/h2>\n<p><!-- [et_pb_line_break_holder] --><!-- [et_pb_line_break_holder] --><pee>Os sintomas comportamentais e psicol\u00f3gicos da dem\u00eancia (SCPD) \u2014 agita\u00e7\u00e3o, err\u00e2ncia, gritos, agressividade \u2014 representam um dos desafios mais pesados para as equipes de Lar de idosos. Eles tamb\u00e9m s\u00e3o uma das principais causas de prescri\u00e7\u00e3o de psicotr\u00f3picos entre os residentes com dem\u00eancia \u2014 uma prescri\u00e7\u00e3o que tem efeitos colaterais significativos e cuja redu\u00e7\u00e3o \u00e9 um objetivo de sa\u00fade p\u00fablica.<\/pee><!-- [et_pb_line_break_holder] --><!-- [et_pb_line_break_holder] --><pee>A r\u00e9minisc\u00eancia terap\u00eautica, ao reduzir a ansiedade subjacente aos comportamentos de agita\u00e7\u00e3o e ao oferecer um espa\u00e7o de conex\u00e3o e sentido, pode contribuir para reduzir alguns SCPD \u2014 particularmente a agita\u00e7\u00e3o relacionada \u00e0 ansiedade e \u00e0 desorienta\u00e7\u00e3o identit\u00e1ria.<\/pee><!-- [et_pb_line_break_holder] --><!-- [et_pb_line_break_holder] --><\/p>\n<div class=\"bienfait-grid\"><!-- [et_pb_line_break_holder] -->  <\/p>\n<div class=\"bienfait-card b1\"><!-- [et_pb_line_break_holder] -->    <\/p>\n<h4>\ud83c\udfb5 A m\u00fasica biogr\u00e1fica<\/h4>\n<p><!-- [et_pb_line_break_holder] -->    <pee>As can\u00e7\u00f5es da juventude do residente s\u00e3o particularmente eficazes para reduzir a agita\u00e7\u00e3o \u2014 \u00e0s vezes em poucos minutos. Elas ativam a mem\u00f3ria emocional e procedural, preservadas at\u00e9 tarde na doen\u00e7a.<\/pee><!-- [et_pb_line_break_holder] -->  <\/div>\n<p><!-- [et_pb_line_break_holder] -->  <\/p>\n<div class=\"bienfait-card b2\"><!-- [et_pb_line_break_holder] -->    <\/p>\n<h4>\ud83d\udcf8 As fotos de inf\u00e2ncia<\/h4>\n<p><!-- [et_pb_line_break_holder] -->    <pee>Olhar e comentar fotos de sua vida passada pode interromper um epis\u00f3dio de agita\u00e7\u00e3o, reestabelecendo \u00e0 pessoa um anclagem identit\u00e1ria e uma ocupa\u00e7\u00e3o significativa.<\/pee><!-- [et_pb_line_break_holder] -->  <\/div>\n<p><!-- [et_pb_line_break_holder] -->  <\/p>\n<div class=\"bienfait-card b3\"><!-- [et_pb_line_break_holder] -->    <\/p>\n<h4>\ud83d\udc50 Os objetos sensoriais<\/h4>\n<p><!-- [et_pb_line_break_holder] -->    <pee>Segurar um objeto familiar \u2014 uma ferramenta de seu antigo of\u00edcio, um tecido da casa \u2014 ativa a mem\u00f3ria procedural e muitas vezes acalma uma agita\u00e7\u00e3o motora.<\/pee><!-- [et_pb_line_break_holder] -->  <\/div>\n<p><!-- [et_pb_line_break_holder] -->  <\/p>\n<div class=\"bienfait-card b4\"><!-- [et_pb_line_break_holder] -->    <\/p>\n<h4>\ud83c\udf39 Os cheiros biogr\u00e1ficos<\/h4>\n<p><!-- [et_pb_line_break_holder] -->    <pee>Os perfumes ligados \u00e0 hist\u00f3ria pessoal (p\u00e3o, caf\u00e9, lavanda, madeira) s\u00e3o processados pela am\u00edgdala \u2014 estrutura emocional preservada por muito tempo \u2014 e podem desencadear mem\u00f3rias e emo\u00e7\u00f5es positivas muito poderosas.<\/pee><!-- [et_pb_line_break_holder] -->  <\/div>\n<p><!-- [et_pb_line_break_holder] --><\/div>\n<p><!-- [et_pb_line_break_holder] --><!-- [et_pb_line_break_holder] --><\/p>\n<h2 id=\"communication\">4. Melhoria da comunica\u00e7\u00e3o<\/h2>\n<p><!-- [et_pb_line_break_holder] --><!-- [et_pb_line_break_holder] --><pee>Um dos efeitos mais vis\u00edveis e imediatamente gratificantes para os cuidadores \u00e9 a melhoria da comunica\u00e7\u00e3o durante e ap\u00f3s as atividades de r\u00e9minisc\u00eancia. Residentes normalmente silenciosos ou pouco comunicativos podem se tornar verbalmente ativos, precisos, animados \u2014 \u00e0s vezes de forma surpreendente para cuidadores que os veem todos os dias.<\/pee><!-- [et_pb_line_break_holder] --><!-- [et_pb_line_break_holder] --><\/p>\n<div class=\"temoignage\"><!-- [et_pb_line_break_holder] -->  <pee>\u00ab\u00a0Sra. L. nunca nos dizia muito. Um dia, coloquei na mesa uma velha foto de Marselha \u2014 ela vinha do Vieux-Port. Ela come\u00e7ou a falar por vinte minutos. Ela nos descreveu o mercado de peixes, o cheiro, as cores, os gritos dos vendedores. Ela ria. No dia seguinte, ela voltou ao seu sil\u00eancio habitual \u2014 mas n\u00f3s a vimos de outra forma. E ela nos viu de outra forma.\u00a0\u00bb<\/pee><!-- [et_pb_line_break_holder] -->  <\/p>\n<div class=\"quote-author\">\u2014 Animadora, Lar de idosos, Marselha<\/div>\n<p><!-- [et_pb_line_break_holder] --><\/div>\n<p><!-- [et_pb_line_break_holder] --><!-- [et_pb_line_break_holder] --><pee>Essa melhoria na comunica\u00e7\u00e3o tem efeitos em cascata \u2014 sobre a qualidade dos cuidados (a equipe compreende melhor as necessidades do residente), sobre a rela\u00e7\u00e3o cuidador-residente (a pessoa \u00e9 vista como um interlocutor), e sobre o sentimento de ser reconhecido e ouvido que o residente sente.<\/pee><!-- [et_pb_line_break_holder] --><!-- [et_pb_line_break_holder] --><\/p>\n<h2 id=\"identite\">5. Refor\u00e7o da identidade e da autoestima<\/h2>\n<p><!-- [et_pb_line_break_holder] --><!-- [et_pb_line_break_holder] --><pee>A doen\u00e7a de Alzheimer erode gradualmente o que permite a uma pessoa se reconhecer no presente \u2014 a mem\u00f3ria recente, os marcos temporais, as habilidades di\u00e1rias. A r\u00e9minisc\u00eancia oferece um contrapeso poderoso: ela d\u00e1 acesso a uma parte de si que permanece intacta \u2014 a hist\u00f3ria vivida, as conquistas, os la\u00e7os, os valores.<\/pee><!-- [et_pb_line_break_holder] --><!-- [et_pb_line_break_holder] --><pee>Um residente que conta como construiu sua casa com suas pr\u00f3prias m\u00e3os, criou seus filhos, enfrentou dificuldades \u2014 recupera durante esse tempo um orgulho e uma dignidade que a doen\u00e7a n\u00e3o pode lhe tirar. Essa experi\u00eancia de si como uma pessoa com valor e uma hist\u00f3ria \u00e9 fundamental para o bem-estar psicol\u00f3gico.<\/pee><!-- [et_pb_line_break_holder] --><!-- [et_pb_line_break_holder] --><\/p>\n<h2 id=\"lien-soignant\">6. Qualidade da rela\u00e7\u00e3o cuidador-residente<\/h2>\n<p><!-- [et_pb_line_break_holder] --><!-- [et_pb_line_break_holder] --><pee>Os benef\u00edcios da r\u00e9minisc\u00eancia n\u00e3o dizem respeito apenas aos residentes. Eles tamb\u00e9m transformam os cuidadores \u2014 e, por isso, a qualidade dos cuidados prestados. Um cuidador que conhece a hist\u00f3ria de um residente \u2014 que sabe que ele foi professor, que perdeu um filho, que cantava em um coral \u2014 desenvolve uma empatia e uma paci\u00eancia que n\u00e3o podem nascer apenas do conhecimento cl\u00ednico.<\/pee><!-- [et_pb_line_break_holder] --><!-- [et_pb_line_break_holder] --><\/p>\n<div class=\"soignant-box\"><!-- [et_pb_line_break_holder] -->  <\/p>\n<div class=\"soignant-box-label\">\ud83e\ude7a Para os cuidadores<\/div>\n<p><!-- [et_pb_line_break_holder] -->  <\/p>\n<div class=\"soignant-box-title\">O que a r\u00e9minisc\u00eancia faz na rela\u00e7\u00e3o de cuidado<\/div>\n<p><!-- [et_pb_line_break_holder] -->  <pee>As equipes que praticam a r\u00e9minisc\u00eancia de forma regular relatam uma transforma\u00e7\u00e3o em sua rela\u00e7\u00e3o com o trabalho \u2014 menos exaust\u00e3o diante dos comportamentos dif\u00edceis, mais sentido nos gestos cotidianos, uma melhor resist\u00eancia \u00e0 dist\u00e2ncia emocional que a institui\u00e7\u00e3o pode induzir. Cuidar de algu\u00e9m cuja hist\u00f3ria conhecemos \u00e9 diferente de cuidar de um n\u00famero de quarto.<\/pee><!-- [et_pb_line_break_holder] -->  <\/p>\n<div class=\"pratique-box\"><!-- [et_pb_line_break_holder] -->    <\/p>\n<div class=\"pratique-box-title\">\u2726 Na pr\u00e1tica \u2014 construir uma \u00ab\u00a0biografia cuidadora\u00a0\u00bb<\/div>\n<p><!-- [et_pb_line_break_holder] -->    <pee>Incentivar cada cuidador a coletar dois ou tr\u00eas elementos biogr\u00e1ficos-chave de cada residente que cuida regularmente \u2014 e a anot\u00e1-los no prontu\u00e1rio de cuidados. N\u00e3o no prontu\u00e1rio m\u00e9dico \u2014 no prontu\u00e1rio de vida. Essas informa\u00e7\u00f5es se tornam portas de entrada para a r\u00e9minisc\u00eancia no dia a dia.<\/pee><!-- [et_pb_line_break_holder] -->  <\/div>\n<p><!-- [et_pb_line_break_holder] --><\/div>\n<p><!-- [et_pb_line_break_holder] --><!-- [et_pb_line_break_holder] --><\/p>\n<h2 id=\"famille\">7. Benef\u00edcios para as fam\u00edlias<\/h2>\n<p><!-- [et_pb_line_break_holder] --><!-- [et_pb_line_break_holder] --><pee>A r\u00e9minisc\u00eancia terap\u00eautica tamb\u00e9m tem efeitos documentados sobre as fam\u00edlias dos residentes \u2014 particularmente sobre os cuidadores pr\u00f3ximos que acompanham h\u00e1 muito tempo um parente na doen\u00e7a.<\/pee><!-- [et_pb_line_break_holder] --><!-- [et_pb_line_break_holder] --><pee>Participar de sess\u00f5es de r\u00e9minisc\u00eancia com seu ente querido permite que eles recuperem uma forma de rela\u00e7\u00e3o que n\u00e3o \u00e9 definida pela doen\u00e7a \u2014 de rever a pessoa que conheceram, e n\u00e3o apenas o paciente que acompanham. Isso reduz o sentimento de luto antecipado, o sentimento de impot\u00eancia, e \u00e0s vezes a culpa relacionada \u00e0 institucionaliza\u00e7\u00e3o. E isso refor\u00e7a seu sentimento de serem \u00fateis \u2014 eles trazem as fotos, os objetos, as hist\u00f3rias que ningu\u00e9m mais pode trazer.<\/pee><!-- [et_pb_line_break_holder] --><!-- [et_pb_line_break_holder] --><\/p>\n<h2 id=\"stades\">8. De acordo com os est\u00e1gios da doen\u00e7a<\/h2>\n<p><!-- [et_pb_line_break_holder] --><!-- [et_pb_line_break_holder] --><\/p>\n<div class=\"key-points\"><!-- [et_pb_line_break_holder] -->  <\/p>\n<h3>\u2726 Adaptar a r\u00e9minisc\u00eancia aos est\u00e1gios da doen\u00e7a<\/h3>\n<p><!-- [et_pb_line_break_holder] -->  <\/p>\n<ul><!-- [et_pb_line_break_holder] -->    <\/p>\n<li><strong>Est\u00e1gio leve<\/strong> \u2014 a pessoa pode participar de uma revis\u00e3o de vida estruturada, construir um relato coerente, expressar emo\u00e7\u00f5es nuan\u00e7adas. Os grupos de r\u00e9minisc\u00eancia funcionam bem. A comunica\u00e7\u00e3o verbal \u00e9 rica.<\/li>\n<p><!-- [et_pb_line_break_holder] -->    <\/p>\n<li><strong>Est\u00e1gio moderado<\/strong> \u2014 as sess\u00f5es individuais s\u00e3o mais adequadas. Os suportes sensoriais (fotos, m\u00fasica, objetos) ocupam mais espa\u00e7o do que o relato verbal. A dura\u00e7\u00e3o \u00e9 reduzida (20 a 30 minutos no m\u00e1ximo). As emo\u00e7\u00f5es ainda s\u00e3o muito acess\u00edveis.<\/li>\n<p><!-- [et_pb_line_break_holder] -->    <\/p>\n<li><strong>Est\u00e1gio severo<\/strong> \u2014 a r\u00e9minisc\u00eancia sensorial (m\u00fasica, cheiros, texturas) ainda \u00e9 poss\u00edvel e ben\u00e9fica. A comunica\u00e7\u00e3o n\u00e3o verbal \u2014 sorriso, olhar, aperto de m\u00e3o \u2014 est\u00e1 em primeiro plano. Os benef\u00edcios s\u00e3o principalmente emocionais e relacionais.<\/li>\n<p><!-- [et_pb_line_break_holder] -->  <\/ul>\n<p><!-- [et_pb_line_break_holder] --><\/div>\n<p><!-- [et_pb_line_break_holder] --><!-- [et_pb_line_break_holder] --><\/p>\n<h2 id=\"limites\">9. As limita\u00e7\u00f5es a conhecer<\/h2>\n<p><!-- [et_pb_line_break_holder] --><!-- [et_pb_line_break_holder] --><pee>A r\u00e9minisc\u00eancia terap\u00eautica n\u00e3o \u00e9 uma abordagem sem riscos nem limites. Conhec\u00ea-la honestamente permite pratic\u00e1-la com discernimento.<\/pee><!-- [et_pb_line_break_holder] --><!-- [et_pb_line_break_holder] --><pee>Algumas mem\u00f3rias podem ser dolorosas \u2014 lutos n\u00e3o resolvidos, traumas, arrependimentos \u2014 e sua emerg\u00eancia exige uma capacidade do cuidador de acolh\u00ea-las sem fugir ou amplific\u00e1-las. A r\u00e9minisc\u00eancia n\u00e3o \u00e9 indicada para pessoas que apresentam uma r\u00e9minisc\u00eancia obsessiva (retorno compulsivo a mem\u00f3rias negativas) sem acompanhamento psicol\u00f3gico espec\u00edfico.<\/pee><!-- [et_pb_line_break_holder] --><!-- [et_pb_line_break_holder] --><pee>Al\u00e9m disso, os benef\u00edcios n\u00e3o s\u00e3o permanentes \u2014 eles necessitam de uma pr\u00e1tica regular para se manter ao longo do tempo. Uma sess\u00e3o isolada proporciona um momento de bem-estar; um programa integrado aos cuidados produz efeitos duradouros.<\/pee><!-- [et_pb_line_break_holder] --><!-- [et_pb_line_break_holder] --><\/p>\n<h2 id=\"integration\">10. Integrar a r\u00e9minisc\u00eancia no projeto de cuidados<\/h2>\n<p><!-- [et_pb_line_break_holder] --><!-- [et_pb_line_break_holder] --><pee>Para que os benef\u00edcios da r\u00e9minisc\u00eancia sejam duradouros e compartilhados por toda a equipe, ela deve ser integrada no projeto de cuidados personalizado do residente \u2014 n\u00e3o deixada apenas \u00e0 iniciativa de alguns cuidadores motivados. Isso implica em coletar a hist\u00f3ria de vida de cada residente assim que entra, compartilhar essas informa\u00e7\u00f5es na equipe, identificar suportes biogr\u00e1ficos adequados, e treinar todo o pessoal nos princ\u00edpios e ferramentas b\u00e1sicas.<\/pee><!-- [et_pb_line_break_holder] --><!-- [et_pb_line_break_holder] --><a href=\"https:\/\/www.dynseo.com\/pt-pt\/courses\/a-reminiscencia-terapeutica-revisitar-o-passado-para-viver-melhor-o-presente-pt-pt\/\" class=\"internal-link\"><!-- [et_pb_line_break_holder] -->  <\/p>\n<div class=\"internal-link-icon\">\ud83c\udf93<\/div>\n<p><!-- [et_pb_line_break_holder] -->  <\/p>\n<div class=\"internal-link-content\"><!-- [et_pb_line_break_holder] -->    <\/p>\n<div class=\"internal-link-label\">Forma\u00e7\u00e3o certificada<\/div>\n<p><!-- [et_pb_line_break_holder] -->    <\/p>\n<div class=\"internal-link-title\">A r\u00e9minisc\u00eancia terap\u00eautica: revisitar o passado para viver melhor o presente<\/div>\n<p><!-- [et_pb_line_break_holder] -->    <\/p>\n<div class=\"internal-link-desc\">Forma\u00e7\u00e3o DYNSEO Qualiopi \u2014 benef\u00edcios, protocolos, suportes, integra\u00e7\u00e3o no projeto de cuidados.<\/div>\n<p><!-- [et_pb_line_break_holder] -->  <\/div>\n<p><!-- [et_pb_line_break_holder] -->  <\/p>\n<div class=\"internal-link-arrow\">\u2192<\/div>\n<p><!-- [et_pb_line_break_holder] --><\/a><!-- [et_pb_line_break_holder] --><!-- [et_pb_line_break_holder] --><\/p>\n<div class=\"cta-box\"><!-- [et_pb_line_break_holder] -->  <\/p>\n<h3>\ud83c\udf93 Treine sua equipe na r\u00e9minisc\u00eancia terap\u00eautica<\/h3>\n<p><!-- [et_pb_line_break_holder] -->  <pee>A forma\u00e7\u00e3o DYNSEO fornece \u00e0s equipes de Lar de idosos as ferramentas para entender e praticar a r\u00e9minisc\u00eancia \u2014 da sess\u00e3o individual \u00e0 integra\u00e7\u00e3o no projeto de cuidados. Certificada Qualiopi.<\/pee><!-- [et_pb_line_break_holder] -->  <\/p>\n<div class=\"cta-buttons\"><!-- [et_pb_line_break_holder] -->    <a href=\"https:\/\/www.dynseo.com\/pt-pt\/courses\/a-reminiscencia-terapeutica-revisitar-o-passado-para-viver-melhor-o-presente-pt-pt\/\" class=\"btn-cta-white\">\ud83d\udccb Ver o programa<\/a><!-- [et_pb_line_break_holder] -->    <a href=\"https:\/\/www.dynseo.com\/formations\/\" class=\"btn-cta-outline\">Todas as forma\u00e7\u00f5es \u2192<\/a><!-- [et_pb_line_break_holder] -->  <\/div>\n<p><!-- [et_pb_line_break_holder] --><\/div>\n<p><!-- [et_pb_line_break_holder] --><!-- [et_pb_line_break_holder] --><\/p>\n<div class=\"article-tags\"><!-- [et_pb_line_break_holder] -->  <a href=\"#\" class=\"article-tag\">r\u00e9minisc\u00eancia Alzheimer benef\u00edcios<\/a><!-- [et_pb_line_break_holder] -->  <a href=\"#\" class=\"article-tag\">SCPD agita\u00e7\u00e3o r\u00e9minisc\u00eancia<\/a><!-- [et_pb_line_break_holder] -->  <a href=\"#\" class=\"article-tag\">depress\u00e3o residentes Lar de idosos n\u00e3o medicamentoso<\/a><!-- [et_pb_line_break_holder] -->  <a href=\"#\" class=\"article-tag\">comunica\u00e7\u00e3o Alzheimer mem\u00f3ria<\/a><!-- [et_pb_line_break_holder] -->  <a href=\"#\" class=\"article-tag\">identidade residente dem\u00eancia<\/a><!-- [et_pb_line_break_holder] -->  <a href=\"#\" class=\"article-tag\">DYNSEO forma\u00e7\u00e3o cuidadores<\/a><!-- [et_pb_line_break_holder] --><\/div>\n<p><!-- [et_pb_line_break_holder] --><\/article>\n<p><!-- [et_pb_line_break_holder] --><\/div>\n<p><!-- [et_pb_line_break_holder] --><!-- [et_pb_line_break_holder] --><\/div>\n<p>[\/et_pb_code][\/et_pb_column][\/et_pb_row][\/et_pb_section]<\/p>\n","protected":false},"excerpt":{"rendered":"","protected":false},"author":4,"featured_media":480315,"comment_status":"closed","ping_status":"closed","sticky":false,"template":"","format":"standard","meta":{"_et_pb_use_builder":"on","_et_pb_old_content":"[et_pb_section fb_built=\"1\" admin_label=\"Article HTML\" _builder_version=\"4.16\" custom_padding=\"0px||0px||false|false\" global_colors_info=\"{}\"][et_pb_row admin_label=\"Contenu\" _builder_version=\"4.16\" width=\"100%\" max_width=\"100%\" custom_padding=\"0px||0px||false|false\" global_colors_info=\"{}\"][et_pb_column type=\"4_4\" _builder_version=\"4.16\" global_colors_info=\"{}\"][et_pb_code admin_label=\"HTML import\u00e9\" _builder_version=\"4.16\" global_colors_info=\"{}\"]<style type=\"text\/css\"><!-- [et_pb_line_break_holder] -->:root{--ambre:#c07740;--ambre-soft:#fdf3e7;--sauge:#5a8a6a;--sauge-soft:#eaf3ed;--ardoise:#4a6080;--ardoise-soft:#eaeff5;--rose-vieux:#a05070;--rose-vieux-soft:#f5eaef;--dark:#1a1a2e;--radius:20px;--shadow:0 4px 20px rgba(0,0,0,.06);}<!-- [et_pb_line_break_holder] -->.dbi-art-c28c8a * {margin:0;padding:0;box-sizing:border-box;}<!-- [et_pb_line_break_holder] -->.dbi-art-c28c8a {scroll-behavior:smooth;}<!-- [et_pb_line_break_holder] -->.dbi-art-c28c8a {font-family:'Poppins',-apple-system,BlinkMacSystemFont,sans-serif;line-height:1.75;color:#333;background:#fff;overflow-x:hidden;}<!-- [et_pb_line_break_holder] -->.dbi-art-c28c8a img {max-width:100%;height:auto;display:block;}<!-- [et_pb_line_break_holder] -->.dbi-art-c28c8a a {color:inherit;text-decoration:none;}<!-- [et_pb_line_break_holder] -->.dbi-art-c28c8a .container {max-width:820px;margin:0 auto;padding:0 24px;}<!-- [et_pb_line_break_holder] -->.dbi-art-c28c8a .article-hero {background:linear-gradient(160deg,#fdf3e7 0%,#fef9f0 55%,#eaf3ed 100%);padding:70px 24px 0;position:relative;overflow:visible;}<!-- [et_pb_line_break_holder] -->.dbi-art-c28c8a .article-hero-curve {position:absolute;bottom:-2px;left:0;right:0;width:100%;height:60px;background:#fff;border-radius:50% 50% 0 0;z-index:4;}<!-- [et_pb_line_break_holder] -->.dbi-art-c28c8a .article-hero-inner {max-width:820px;margin:0 auto;position:relative;z-index:3;padding-bottom:80px;}<!-- [et_pb_line_break_holder] -->.dbi-art-c28c8a .article-breadcrumb {font-size:12px;color:var(--ambre);margin-bottom:20px;}<!-- [et_pb_line_break_holder] -->.dbi-art-c28c8a .article-breadcrumb a {color:var(--ambre);border-bottom:1px solid rgba(192,119,64,.25);}<!-- [et_pb_line_break_holder] -->.dbi-art-c28c8a .article-category {display:inline-block;font-family:'Montserrat',sans-serif;font-size:11px;font-weight:700;letter-spacing:1.5px;text-transform:uppercase;color:var(--ambre);background:#fff;border-radius:30px;padding:7px 18px;margin-bottom:16px;box-shadow:var(--shadow);}<!-- [et_pb_line_break_holder] -->.dbi-art-c28c8a .article-hero h1 {font-family:'Montserrat',sans-serif;font-size:clamp(24px,4vw,34px);font-weight:800;color:var(--dark);line-height:1.3;margin-bottom:16px;}<!-- [et_pb_line_break_holder] -->.dbi-art-c28c8a .article-hero h1 .hl {display:inline;color:#fff;background:var(--sauge);border-radius:8px;padding:1px 12px 3px;}<!-- [et_pb_line_break_holder] -->.dbi-art-c28c8a .article-meta {font-size:13px;color:#555;display:flex;gap:20px;flex-wrap:wrap;align-items:center;}<!-- [et_pb_line_break_holder] -->.dbi-art-c28c8a .article-body {padding:50px 0 60px;}<!-- [et_pb_line_break_holder] -->.dbi-art-c28c8a .article-body p {margin-bottom:22px;text-align:justify;font-size:15px;color:#444;line-height:1.9;}<!-- [et_pb_line_break_holder] -->.dbi-art-c28c8a .article-body strong {color:var(--dark);font-weight:600;}<!-- [et_pb_line_break_holder] -->.dbi-art-c28c8a .article-body h2 {font-family:'Montserrat',sans-serif;font-size:clamp(20px,3vw,26px);font-weight:800;color:var(--dark);margin:55px 0 18px;line-height:1.3;padding-bottom:10px;border-bottom:3px solid var(--sauge);}<!-- [et_pb_line_break_holder] -->.dbi-art-c28c8a .article-body h3 {font-family:'Montserrat',sans-serif;font-size:clamp(17px,2.5vw,20px);font-weight:700;color:var(--ambre);margin:35px 0 14px;}<!-- [et_pb_line_break_holder] -->.dbi-art-c28c8a .bienfait-grid {display:grid;grid-template-columns:1fr 1fr;gap:16px;margin:28px 0;}<!-- [et_pb_line_break_holder] -->.dbi-art-c28c8a .bienfait-card {background:#fff;border-radius:var(--radius);padding:22px 24px;box-shadow:var(--shadow);}<!-- [et_pb_line_break_holder] -->.dbi-art-c28c8a .bienfait-card.b1 {border-top:4px solid var(--ambre);}<!-- [et_pb_line_break_holder] -->.dbi-art-c28c8a .bienfait-card.b2 {border-top:4px solid var(--sauge);}<!-- [et_pb_line_break_holder] -->.dbi-art-c28c8a .bienfait-card.b3 {border-top:4px solid var(--ardoise);}<!-- [et_pb_line_break_holder] -->.dbi-art-c28c8a .bienfait-card.b4 {border-top:4px solid var(--rose-vieux);}<!-- [et_pb_line_break_holder] -->.dbi-art-c28c8a .bienfait-card h4 {font-family:'Montserrat',sans-serif;font-size:14px;font-weight:800;color:var(--dark);margin-bottom:6px;}<!-- [et_pb_line_break_holder] -->.dbi-art-c28c8a .bienfait-card p {font-size:13px;color:#555;line-height:1.65;margin:0;}<!-- [et_pb_line_break_holder] -->.dbi-art-c28c8a .soft-box {background:var(--ambre-soft);padding:28px 32px;border-radius:var(--radius);margin:35px 0;box-shadow:var(--shadow);border-left:4px solid var(--ambre);}<!-- [et_pb_line_break_holder] -->.dbi-art-c28c8a .soft-box p {font-size:14px;color:#444;margin-bottom:10px;line-height:1.8;}<!-- [et_pb_line_break_holder] -->.dbi-art-c28c8a .soft-box p:last-child {margin-bottom:0;}<!-- [et_pb_line_break_holder] -->.dbi-art-c28c8a .key-points {background:var(--sauge-soft);padding:30px 32px;border-radius:var(--radius);margin:35px 0;box-shadow:var(--shadow);}<!-- [et_pb_line_break_holder] -->.dbi-art-c28c8a .key-points h3 {font-family:'Montserrat',sans-serif;font-size:17px;font-weight:800;color:var(--sauge);margin:0 0 14px;}<!-- [et_pb_line_break_holder] -->.dbi-art-c28c8a .key-points ul {list-style:none;padding:0;margin:0;}<!-- [et_pb_line_break_holder] -->.dbi-art-c28c8a .key-points li {margin:10px 0;padding-left:26px;position:relative;color:#444;font-size:14px;line-height:1.7;}<!-- [et_pb_line_break_holder] -->.dbi-art-c28c8a .key-points li::before {content:'\u2726';position:absolute;left:0;color:var(--ambre);font-size:11px;top:3px;}<!-- [et_pb_line_break_holder] -->.dbi-art-c28c8a .temoignage {background:#fff8f0;padding:34px 32px;border-radius:var(--radius);margin:40px 0;box-shadow:var(--shadow);position:relative;}<!-- [et_pb_line_break_holder] -->.dbi-art-c28c8a .temoignage::before {content:'201C';font-size:110px;position:absolute;top:-24px;left:18px;font-family:Georgia,serif;color:var(--ambre);opacity:.2;line-height:1;}<!-- [et_pb_line_break_holder] -->.dbi-art-c28c8a .temoignage p {font-size:15px;font-style:italic;color:#555;position:relative;z-index:1;margin-bottom:12px;text-align:left;line-height:1.85;}<!-- [et_pb_line_break_holder] -->.dbi-art-c28c8a .temoignage .quote-author {font-family:'Montserrat',sans-serif;font-weight:800;font-style:normal;color:var(--ambre);font-size:13px;}<!-- [et_pb_line_break_holder] -->.dbi-art-c28c8a .soignant-box {background:#fff;border-radius:var(--radius);padding:28px 30px;box-shadow:0 6px 25px rgba(0,0,0,.07);margin:30px 0;border-top:4px solid var(--sauge);}<!-- [et_pb_line_break_holder] -->.dbi-art-c28c8a .soignant-box-label {font-family:'Montserrat',sans-serif;font-size:11px;font-weight:700;letter-spacing:1.5px;text-transform:uppercase;color:var(--sauge);margin-bottom:8px;}<!-- [et_pb_line_break_holder] -->.dbi-art-c28c8a .soignant-box-title {font-family:'Montserrat',sans-serif;font-size:17px;font-weight:800;color:var(--dark);margin-bottom:14px;}<!-- [et_pb_line_break_holder] -->.dbi-art-c28c8a .soignant-box p {font-size:14px;color:#444;line-height:1.8;margin-bottom:10px;}<!-- [et_pb_line_break_holder] -->.dbi-art-c28c8a .soignant-box p:last-child {margin-bottom:0;}<!-- [et_pb_line_break_holder] -->.dbi-art-c28c8a .pratique-box {background:var(--ardoise-soft);border-radius:var(--radius);padding:22px 26px;margin-top:14px;}<!-- [et_pb_line_break_holder] -->.dbi-art-c28c8a .pratique-box-title {font-family:'Montserrat',sans-serif;font-size:13px;font-weight:700;color:var(--ardoise);margin-bottom:8px;text-transform:uppercase;letter-spacing:1px;}<!-- [et_pb_line_break_holder] -->.dbi-art-c28c8a .pratique-box p {font-size:13px;color:#444;margin:0;line-height:1.7;}<!-- [et_pb_line_break_holder] -->.dbi-art-c28c8a .cta-box {background:linear-gradient(135deg,var(--ambre) 0%,#a05530 100%);padding:40px 36px;border-radius:22px;margin:50px 0;text-align:center;color:#fff;}<!-- [et_pb_line_break_holder] -->.dbi-art-c28c8a .cta-box h3 {font-family:'Montserrat',sans-serif;font-size:22px;font-weight:800;margin-bottom:12px;}<!-- [et_pb_line_break_holder] -->.dbi-art-c28c8a .cta-box p {font-size:14px;color:rgba(255,255,255,.88);margin-bottom:24px;max-width:550px;margin-left:auto;margin-right:auto;}<!-- [et_pb_line_break_holder] -->.dbi-art-c28c8a .cta-box .cta-buttons {display:flex;justify-content:center;gap:14px;flex-wrap:wrap;}<!-- [et_pb_line_break_holder] -->.dbi-art-c28c8a .btn-cta-white {display:inline-block;padding:14px 34px;border-radius:30px;font-family:'Montserrat',sans-serif;font-size:14px;font-weight:700;background:#fff;color:var(--ambre);transition:all .3s ease;}<!-- [et_pb_line_break_holder] -->.dbi-art-c28c8a .btn-cta-white:hover {background:var(--dark);color:#fff;transform:translateY(-2px);}<!-- [et_pb_line_break_holder] -->.dbi-art-c28c8a .btn-cta-outline {display:inline-block;padding:14px 34px;border-radius:30px;font-family:'Montserrat',sans-serif;font-size:14px;font-weight:700;border:2px solid rgba(255,255,255,.5);color:#fff;}<!-- [et_pb_line_break_holder] -->.dbi-art-c28c8a .internal-link {display:flex;align-items:center;gap:20px;background:var(--ambre-soft);padding:24px 28px;border-radius:var(--radius);box-shadow:var(--shadow);margin:40px 0;transition:all .3s ease;}<!-- [et_pb_line_break_holder] -->.dbi-art-c28c8a .internal-link:hover {transform:translateY(-3px);box-shadow:0 8px 28px rgba(0,0,0,.1);}<!-- [et_pb_line_break_holder] -->.dbi-art-c28c8a .internal-link-icon {font-size:2.5rem;flex-shrink:0;}<!-- [et_pb_line_break_holder] -->.dbi-art-c28c8a .internal-link-content {flex:1;}<!-- [et_pb_line_break_holder] -->.dbi-art-c28c8a .internal-link-label {font-size:11px;font-weight:700;letter-spacing:1.5px;text-transform:uppercase;color:var(--rose-vieux);margin-bottom:4px;}<!-- [et_pb_line_break_holder] -->.dbi-art-c28c8a .internal-link-title {font-family:'Montserrat',sans-serif;font-size:16px;font-weight:800;color:var(--dark);margin-bottom:4px;}<!-- [et_pb_line_break_holder] -->.dbi-art-c28c8a .internal-link-desc {font-size:13px;color:#555;}<!-- [et_pb_line_break_holder] -->.dbi-art-c28c8a .internal-link-arrow {font-size:1.5rem;color:var(--ambre);flex-shrink:0;transition:transform .3s;}<!-- [et_pb_line_break_holder] -->.dbi-art-c28c8a .internal-link:hover .internal-link-arrow {transform:translateX(4px);}<!-- [et_pb_line_break_holder] -->.dbi-art-c28c8a .article-tags {display:flex;flex-wrap:wrap;gap:8px;margin:40px 0 20px;padding-top:30px;border-top:2px solid #f0ebe4;}<!-- [et_pb_line_break_holder] -->.dbi-art-c28c8a .article-tag {display:inline-block;padding:6px 16px;border-radius:30px;font-size:12px;font-weight:600;}<!-- [et_pb_line_break_holder] -->.dbi-art-c28c8a .article-tag:nth-child(odd) {color:var(--ambre);background:var(--ambre-soft);}<!-- [et_pb_line_break_holder] -->.dbi-art-c28c8a .article-tag:nth-child(even) {color:var(--sauge);background:var(--sauge-soft);}<!-- [et_pb_line_break_holder] -->.dbi-art-c28c8a .toc {background:var(--ambre-soft);padding:28px 30px;border-radius:var(--radius);margin:0 0 40px;box-shadow:var(--shadow);border-left:4px solid var(--ambre);}<!-- [et_pb_line_break_holder] -->.dbi-art-c28c8a .toc h4 {font-family:'Montserrat',sans-serif;font-size:14px;font-weight:800;color:var(--dark);margin-bottom:14px;}<!-- [et_pb_line_break_holder] -->.dbi-art-c28c8a .toc ol {padding-left:20px;margin:0;}<!-- [et_pb_line_break_holder] -->.dbi-art-c28c8a .toc li {margin:8px 0;font-size:13px;}<!-- [et_pb_line_break_holder] -->.dbi-art-c28c8a .toc a {color:var(--ambre);font-weight:600;}<!-- [et_pb_line_break_holder] -->@media(max-width:600px) {<!-- [et_pb_line_break_holder] -->.dbi-art-c28c8a .article-hero {padding:50px 16px 0;}<!-- [et_pb_line_break_holder] -->.dbi-art-c28c8a .container {padding:0 16px;}<!-- [et_pb_line_break_holder] -->.dbi-art-c28c8a .article-body p {font-size:14px;}<!-- [et_pb_line_break_holder] -->.dbi-art-c28c8a .bienfait-grid {grid-template-columns:1fr;}<!-- [et_pb_line_break_holder] -->.dbi-art-c28c8a .cta-box {padding:30px 20px;}<!-- [et_pb_line_break_holder] -->.dbi-art-c28c8a .cta-box .cta-buttons {flex-direction:column;max-width:260px;margin:0 auto;}<!-- [et_pb_line_break_holder] -->.dbi-art-c28c8a .btn-cta-white, .dbi-art-c28c8a .btn-cta-outline {width:100%;text-align:center;}<!-- [et_pb_line_break_holder] -->.dbi-art-c28c8a .internal-link {flex-direction:column;text-align:center;gap:12px;}<!-- [et_pb_line_break_holder] -->}<!-- [et_pb_line_break_holder] --><!-- [et_pb_line_break_holder] --><\/style>\r\n<script type=\"application\/ld+json\">{\"@context\":\"https:\/\/schema.org\",\"@type\":\"Article\",\"headline\":\"R\u00e9miniscence et Alzheimer : quels bienfaits concrets pour les r\u00e9sidents ?\",\"image\":\"https:\/\/www.dynseo.com\/wp-content\/uploads\/2026\/03\/reminiscence.jpg\",\"description\":\"Effets document\u00e9s de la r\u00e9miniscence th\u00e9rapeutique chez les personnes atteintes d'Alzheimer \u2014 d\u00e9pression, agitation, communication, identit\u00e9, lien soignant-r\u00e9sident.\",\"author\":{\"@type\":\"Organization\",\"name\":\"DYNSEO\",\"url\":\"https:\/\/www.dynseo.com\"},\"publisher\":{\"@type\":\"Organization\",\"name\":\"DYNSEO\"},\"datePublished\":\"2026-03-07\",\"dateModified\":\"2026-03-07\"}<\/script>\r\n<!-- [et_pb_line_break_holder] --><div class=\"dbi-art-c28c8a\"><!-- [et_pb_line_break_holder] --><header class=\"article-hero\"><!-- [et_pb_line_break_holder] -->  <div class=\"article-hero-inner\"><!-- [et_pb_line_break_holder] -->    <nav class=\"article-breadcrumb\"><!-- [et_pb_line_break_holder] -->      <a href=\"https:\/\/www.dynseo.com\/\">In\u00edcio<\/a> \u203a<!-- [et_pb_line_break_holder] -->      <a href=\"https:\/\/www.dynseo.com\/professionnels-de-sante\/\">Recursos para cuidadores<\/a> \u203a<!-- [et_pb_line_break_holder] -->      R\u00e9minisc\u00eancia e Alzheimer<!-- [et_pb_line_break_holder] -->    <\/nav><!-- [et_pb_line_break_holder] -->    <span class=\"article-category\">\ud83d\udd70\ufe0f R\u00c9MINISC\u00caNCIA TERAP\u00caUTICA<\/span><!-- [et_pb_line_break_holder] -->    <h1>R\u00e9minisc\u00eancia e Alzheimer: <span class=\"hl\">quais benef\u00edcios concretos<\/span> para os residentes?<\/h1><!-- [et_pb_line_break_holder] -->    <div class=\"article-meta\"><!-- [et_pb_line_break_holder] -->      <span>\ud83d\udcc5 Mar\u00e7o 2026<\/span><!-- [et_pb_line_break_holder] -->      <span>\u23f1 17 min de leitura<\/span><!-- [et_pb_line_break_holder] -->      <span>\u270d\ufe0f Pela equipe DYNSEO<\/span><!-- [et_pb_line_break_holder] -->    <\/div><!-- [et_pb_line_break_holder] -->  <\/div><!-- [et_pb_line_break_holder] -->  <div class=\"article-hero-curve\"><\/div><!-- [et_pb_line_break_holder] --><\/header><!-- [et_pb_line_break_holder] --><!-- [et_pb_line_break_holder] --><div class=\"container\"><!-- [et_pb_line_break_holder] --><article class=\"article-body\"><!-- [et_pb_line_break_holder] --><!-- [et_pb_line_break_holder] --><div class=\"toc\"><!-- [et_pb_line_break_holder] -->  <h4>\ud83d\udccb Sum\u00e1rio<\/h4><!-- [et_pb_line_break_holder] -->  <ol><!-- [et_pb_line_break_holder] -->    <li><a href=\"#ce-que-dit-recherche\">O que a pesquisa diz<\/a><\/li><!-- [et_pb_line_break_holder] -->    <li><a href=\"#depression\">Efeito sobre a depress\u00e3o e a ansiedade<\/a><\/li><!-- [et_pb_line_break_holder] -->    <li><a href=\"#agitation\">Redu\u00e7\u00e3o da agita\u00e7\u00e3o e dos SCPD<\/a><\/li><!-- [et_pb_line_break_holder] -->    <li><a href=\"#communication\">Melhoria da comunica\u00e7\u00e3o<\/a><\/li><!-- [et_pb_line_break_holder] -->    <li><a href=\"#identite\">Refor\u00e7o da identidade e da autoestima<\/a><\/li><!-- [et_pb_line_break_holder] -->    <li><a href=\"#lien-soignant\">Qualidade da rela\u00e7\u00e3o cuidador-residente<\/a><\/li><!-- [et_pb_line_break_holder] -->    <li><a href=\"#famille\">Benef\u00edcios para as fam\u00edlias<\/a><\/li><!-- [et_pb_line_break_holder] -->    <li><a href=\"#stades\">De acordo com os est\u00e1gios da doen\u00e7a<\/a><\/li><!-- [et_pb_line_break_holder] -->    <li><a href=\"#limites\">As limita\u00e7\u00f5es a conhecer<\/a><\/li><!-- [et_pb_line_break_holder] -->    <li><a href=\"#integration\">Integrar a r\u00e9minisc\u00eancia no projeto de cuidados<\/a><\/li><!-- [et_pb_line_break_holder] -->  <\/ol><!-- [et_pb_line_break_holder] --><\/div><!-- [et_pb_line_break_holder] --><!-- [et_pb_line_break_holder] --><p>\u00ab\u00a0N\u00e3o sei o que aconteceu, mas desde que fazemos essas sess\u00f5es com as fotos antigas, o Sr. D. est\u00e1 mais calmo. Ele participa das refei\u00e7\u00f5es. Ele nos olha quando falamos com ele.\u00a0\u00bb Esse tipo de retorno, dos cuidadores em Lar de idosos, \u00e9 compartilhado regularmente ap\u00f3s a implementa\u00e7\u00e3o de atividades de r\u00e9minisc\u00eancia. N\u00e3o \u00e9 m\u00e1gica \u2014 \u00e9 neuropsicologia aplicada com benevol\u00eancia.<\/p><!-- [et_pb_line_break_holder] --><!-- [et_pb_line_break_holder] --><p>Os efeitos da r\u00e9minisc\u00eancia terap\u00eautica em pessoas com doen\u00e7a de Alzheimer e dist\u00farbios relacionados est\u00e3o documentados por d\u00e9cadas de pesquisa cl\u00ednica. Este artigo os apresenta concretamente \u2014 para que os cuidadores compreendam o que est\u00e1 em jogo e possam falar sobre isso com clareza para suas equipes e para as fam\u00edlias.<\/p><!-- [et_pb_line_break_holder] --><!-- [et_pb_line_break_holder] --><h2 id=\"ce-que-dit-recherche\">1. O que a pesquisa diz<\/h2><!-- [et_pb_line_break_holder] --><!-- [et_pb_line_break_holder] --><p>A r\u00e9minisc\u00eancia terap\u00eautica figura nas recomenda\u00e7\u00f5es internacionais de manejo n\u00e3o medicamentoso da doen\u00e7a de Alzheimer \u2014 notadamente aquelas da OMS, da Alta Autoridade de Sa\u00fade (HAS) na Fran\u00e7a, e do National Institute for Health and Care Excellence (NICE) no Reino Unido. Essas recomenda\u00e7\u00f5es se baseiam em um corpo s\u00f3lido de estudos controlados e meta-an\u00e1lises.<\/p><!-- [et_pb_line_break_holder] --><!-- [et_pb_line_break_holder] --><p>Uma meta-an\u00e1lise publicada no <em>British Journal of Clinical Psychology<\/em> envolvendo 128 estudos e mais de 10.000 participantes conclui que h\u00e1 efeitos positivos significativos da r\u00e9minisc\u00eancia sobre o bem-estar, a depress\u00e3o, a qualidade de vida e os comportamentos problem\u00e1ticos em pessoas idosas em institui\u00e7\u00f5es. Esses efeitos s\u00e3o observados tanto em sess\u00f5es individuais quanto em grupos.<\/p><!-- [et_pb_line_break_holder] --><!-- [et_pb_line_break_holder] --><h2 id=\"depression\">2. Efeito sobre a depress\u00e3o e a ansiedade<\/h2><!-- [et_pb_line_break_holder] --><!-- [et_pb_line_break_holder] --><p>A depress\u00e3o afeta entre 30 e 50% dos residentes em Lar de idosos \u2014 frequentemente subdiagnosticada e subtratada. A r\u00e9minisc\u00eancia terap\u00eautica \u00e9 uma das abordagens n\u00e3o medicamentosas mais bem documentadas para reduzir os sintomas depressivos nessa popula\u00e7\u00e3o.<\/p><!-- [et_pb_line_break_holder] --><!-- [et_pb_line_break_holder] --><p>Seu mecanismo de a\u00e7\u00e3o \u00e9 m\u00faltiplo. O acesso a mem\u00f3rias positivas gera emo\u00e7\u00f5es positivas que contrabalan\u00e7am o afeto depressivo. O reconhecimento de sua pr\u00f3pria hist\u00f3ria refor\u00e7a o sentimento de ter levado uma vida que teve sentido. E o v\u00ednculo com o cuidador criado durante as sess\u00f5es atende \u00e0 necessidade de conex\u00e3o social \u2014 frequentemente profundamente deficit\u00e1ria em institui\u00e7\u00f5es.<\/p><!-- [et_pb_line_break_holder] --><!-- [et_pb_line_break_holder] --><div class=\"soft-box\"><!-- [et_pb_line_break_holder] -->  <p><strong>O que os estudos mostram.<\/strong> Programas de r\u00e9minisc\u00eancia de 6 a 12 sess\u00f5es produzem em m\u00e9dia uma redu\u00e7\u00e3o de 25 a 35% nos escores de depress\u00e3o em escalas validadas (GDS, Cornell Scale). Esses efeitos muitas vezes persistem por v\u00e1rias semanas ap\u00f3s o t\u00e9rmino do programa \u2014 e s\u00e3o refor\u00e7ados quando a abordagem \u00e9 integrada ao cotidiano dos cuidados, em vez de se restringir apenas \u00e0s sess\u00f5es formais.<\/p><!-- [et_pb_line_break_holder] --><\/div><!-- [et_pb_line_break_holder] --><!-- [et_pb_line_break_holder] --><h2 id=\"agitation\">3. Redu\u00e7\u00e3o da agita\u00e7\u00e3o e dos SCPD<\/h2><!-- [et_pb_line_break_holder] --><!-- [et_pb_line_break_holder] --><p>Os sintomas comportamentais e psicol\u00f3gicos da dem\u00eancia (SCPD) \u2014 agita\u00e7\u00e3o, err\u00e2ncia, gritos, agressividade \u2014 representam um dos desafios mais pesados para as equipes de Lar de idosos. Eles tamb\u00e9m s\u00e3o uma das principais causas de prescri\u00e7\u00e3o de psicotr\u00f3picos entre os residentes com dem\u00eancia \u2014 uma prescri\u00e7\u00e3o que tem efeitos colaterais significativos e cuja redu\u00e7\u00e3o \u00e9 um objetivo de sa\u00fade p\u00fablica.<\/p><!-- [et_pb_line_break_holder] --><!-- [et_pb_line_break_holder] --><p>A r\u00e9minisc\u00eancia terap\u00eautica, ao reduzir a ansiedade subjacente aos comportamentos de agita\u00e7\u00e3o e ao oferecer um espa\u00e7o de conex\u00e3o e sentido, pode contribuir para reduzir alguns SCPD \u2014 particularmente a agita\u00e7\u00e3o relacionada \u00e0 ansiedade e \u00e0 desorienta\u00e7\u00e3o identit\u00e1ria.<\/p><!-- [et_pb_line_break_holder] --><!-- [et_pb_line_break_holder] --><div class=\"bienfait-grid\"><!-- [et_pb_line_break_holder] -->  <div class=\"bienfait-card b1\"><!-- [et_pb_line_break_holder] -->    <h4>\ud83c\udfb5 A m\u00fasica biogr\u00e1fica<\/h4><!-- [et_pb_line_break_holder] -->    <p>As can\u00e7\u00f5es da juventude do residente s\u00e3o particularmente eficazes para reduzir a agita\u00e7\u00e3o \u2014 \u00e0s vezes em poucos minutos. Elas ativam a mem\u00f3ria emocional e procedural, preservadas at\u00e9 tarde na doen\u00e7a.<\/p><!-- [et_pb_line_break_holder] -->  <\/div><!-- [et_pb_line_break_holder] -->  <div class=\"bienfait-card b2\"><!-- [et_pb_line_break_holder] -->    <h4>\ud83d\udcf8 As fotos de inf\u00e2ncia<\/h4><!-- [et_pb_line_break_holder] -->    <p>Olhar e comentar fotos de sua vida passada pode interromper um epis\u00f3dio de agita\u00e7\u00e3o, reestabelecendo \u00e0 pessoa um anclagem identit\u00e1ria e uma ocupa\u00e7\u00e3o significativa.<\/p><!-- [et_pb_line_break_holder] -->  <\/div><!-- [et_pb_line_break_holder] -->  <div class=\"bienfait-card b3\"><!-- [et_pb_line_break_holder] -->    <h4>\ud83d\udc50 Os objetos sensoriais<\/h4><!-- [et_pb_line_break_holder] -->    <p>Segurar um objeto familiar \u2014 uma ferramenta de seu antigo of\u00edcio, um tecido da casa \u2014 ativa a mem\u00f3ria procedural e muitas vezes acalma uma agita\u00e7\u00e3o motora.<\/p><!-- [et_pb_line_break_holder] -->  <\/div><!-- [et_pb_line_break_holder] -->  <div class=\"bienfait-card b4\"><!-- [et_pb_line_break_holder] -->    <h4>\ud83c\udf39 Os cheiros biogr\u00e1ficos<\/h4><!-- [et_pb_line_break_holder] -->    <p>Os perfumes ligados \u00e0 hist\u00f3ria pessoal (p\u00e3o, caf\u00e9, lavanda, madeira) s\u00e3o processados pela am\u00edgdala \u2014 estrutura emocional preservada por muito tempo \u2014 e podem desencadear mem\u00f3rias e emo\u00e7\u00f5es positivas muito poderosas.<\/p><!-- [et_pb_line_break_holder] -->  <\/div><!-- [et_pb_line_break_holder] --><\/div><!-- [et_pb_line_break_holder] --><!-- [et_pb_line_break_holder] --><h2 id=\"communication\">4. Melhoria da comunica\u00e7\u00e3o<\/h2><!-- [et_pb_line_break_holder] --><!-- [et_pb_line_break_holder] --><p>Um dos efeitos mais vis\u00edveis e imediatamente gratificantes para os cuidadores \u00e9 a melhoria da comunica\u00e7\u00e3o durante e ap\u00f3s as atividades de r\u00e9minisc\u00eancia. Residentes normalmente silenciosos ou pouco comunicativos podem se tornar verbalmente ativos, precisos, animados \u2014 \u00e0s vezes de forma surpreendente para cuidadores que os veem todos os dias.<\/p><!-- [et_pb_line_break_holder] --><!-- [et_pb_line_break_holder] --><div class=\"temoignage\"><!-- [et_pb_line_break_holder] -->  <p>\u00ab\u00a0Sra. L. nunca nos dizia muito. Um dia, coloquei na mesa uma velha foto de Marselha \u2014 ela vinha do Vieux-Port. Ela come\u00e7ou a falar por vinte minutos. Ela nos descreveu o mercado de peixes, o cheiro, as cores, os gritos dos vendedores. Ela ria. No dia seguinte, ela voltou ao seu sil\u00eancio habitual \u2014 mas n\u00f3s a vimos de outra forma. E ela nos viu de outra forma.\u00a0\u00bb<\/p><!-- [et_pb_line_break_holder] -->  <div class=\"quote-author\">\u2014 Animadora, Lar de idosos, Marselha<\/div><!-- [et_pb_line_break_holder] --><\/div><!-- [et_pb_line_break_holder] --><!-- [et_pb_line_break_holder] --><p>Essa melhoria na comunica\u00e7\u00e3o tem efeitos em cascata \u2014 sobre a qualidade dos cuidados (a equipe compreende melhor as necessidades do residente), sobre a rela\u00e7\u00e3o cuidador-residente (a pessoa \u00e9 vista como um interlocutor), e sobre o sentimento de ser reconhecido e ouvido que o residente sente.<\/p><!-- [et_pb_line_break_holder] --><!-- [et_pb_line_break_holder] --><h2 id=\"identite\">5. Refor\u00e7o da identidade e da autoestima<\/h2><!-- [et_pb_line_break_holder] --><!-- [et_pb_line_break_holder] --><p>A doen\u00e7a de Alzheimer erode gradualmente o que permite a uma pessoa se reconhecer no presente \u2014 a mem\u00f3ria recente, os marcos temporais, as habilidades di\u00e1rias. A r\u00e9minisc\u00eancia oferece um contrapeso poderoso: ela d\u00e1 acesso a uma parte de si que permanece intacta \u2014 a hist\u00f3ria vivida, as conquistas, os la\u00e7os, os valores.<\/p><!-- [et_pb_line_break_holder] --><!-- [et_pb_line_break_holder] --><p>Um residente que conta como construiu sua casa com suas pr\u00f3prias m\u00e3os, criou seus filhos, enfrentou dificuldades \u2014 recupera durante esse tempo um orgulho e uma dignidade que a doen\u00e7a n\u00e3o pode lhe tirar. Essa experi\u00eancia de si como uma pessoa com valor e uma hist\u00f3ria \u00e9 fundamental para o bem-estar psicol\u00f3gico.<\/p><!-- [et_pb_line_break_holder] --><!-- [et_pb_line_break_holder] --><h2 id=\"lien-soignant\">6. Qualidade da rela\u00e7\u00e3o cuidador-residente<\/h2><!-- [et_pb_line_break_holder] --><!-- [et_pb_line_break_holder] --><p>Os benef\u00edcios da r\u00e9minisc\u00eancia n\u00e3o dizem respeito apenas aos residentes. Eles tamb\u00e9m transformam os cuidadores \u2014 e, por isso, a qualidade dos cuidados prestados. Um cuidador que conhece a hist\u00f3ria de um residente \u2014 que sabe que ele foi professor, que perdeu um filho, que cantava em um coral \u2014 desenvolve uma empatia e uma paci\u00eancia que n\u00e3o podem nascer apenas do conhecimento cl\u00ednico.<\/p><!-- [et_pb_line_break_holder] --><!-- [et_pb_line_break_holder] --><div class=\"soignant-box\"><!-- [et_pb_line_break_holder] -->  <div class=\"soignant-box-label\">\ud83e\ude7a Para os cuidadores<\/div><!-- [et_pb_line_break_holder] -->  <div class=\"soignant-box-title\">O que a r\u00e9minisc\u00eancia faz na rela\u00e7\u00e3o de cuidado<\/div><!-- [et_pb_line_break_holder] -->  <p>As equipes que praticam a r\u00e9minisc\u00eancia de forma regular relatam uma transforma\u00e7\u00e3o em sua rela\u00e7\u00e3o com o trabalho \u2014 menos exaust\u00e3o diante dos comportamentos dif\u00edceis, mais sentido nos gestos cotidianos, uma melhor resist\u00eancia \u00e0 dist\u00e2ncia emocional que a institui\u00e7\u00e3o pode induzir. Cuidar de algu\u00e9m cuja hist\u00f3ria conhecemos \u00e9 diferente de cuidar de um n\u00famero de quarto.<\/p><!-- [et_pb_line_break_holder] -->  <div class=\"pratique-box\"><!-- [et_pb_line_break_holder] -->    <div class=\"pratique-box-title\">\u2726 Na pr\u00e1tica \u2014 construir uma \u00ab\u00a0biografia cuidadora\u00a0\u00bb<\/div><!-- [et_pb_line_break_holder] -->    <p>Incentivar cada cuidador a coletar dois ou tr\u00eas elementos biogr\u00e1ficos-chave de cada residente que cuida regularmente \u2014 e a anot\u00e1-los no prontu\u00e1rio de cuidados. N\u00e3o no prontu\u00e1rio m\u00e9dico \u2014 no prontu\u00e1rio de vida. Essas informa\u00e7\u00f5es se tornam portas de entrada para a r\u00e9minisc\u00eancia no dia a dia.<\/p><!-- [et_pb_line_break_holder] -->  <\/div><!-- [et_pb_line_break_holder] --><\/div><!-- [et_pb_line_break_holder] --><!-- [et_pb_line_break_holder] --><h2 id=\"famille\">7. Benef\u00edcios para as fam\u00edlias<\/h2><!-- [et_pb_line_break_holder] --><!-- [et_pb_line_break_holder] --><p>A r\u00e9minisc\u00eancia terap\u00eautica tamb\u00e9m tem efeitos documentados sobre as fam\u00edlias dos residentes \u2014 particularmente sobre os cuidadores pr\u00f3ximos que acompanham h\u00e1 muito tempo um parente na doen\u00e7a.<\/p><!-- [et_pb_line_break_holder] --><!-- [et_pb_line_break_holder] --><p>Participar de sess\u00f5es de r\u00e9minisc\u00eancia com seu ente querido permite que eles recuperem uma forma de rela\u00e7\u00e3o que n\u00e3o \u00e9 definida pela doen\u00e7a \u2014 de rever a pessoa que conheceram, e n\u00e3o apenas o paciente que acompanham. Isso reduz o sentimento de luto antecipado, o sentimento de impot\u00eancia, e \u00e0s vezes a culpa relacionada \u00e0 institucionaliza\u00e7\u00e3o. E isso refor\u00e7a seu sentimento de serem \u00fateis \u2014 eles trazem as fotos, os objetos, as hist\u00f3rias que ningu\u00e9m mais pode trazer.<\/p><!-- [et_pb_line_break_holder] --><!-- [et_pb_line_break_holder] --><h2 id=\"stades\">8. De acordo com os est\u00e1gios da doen\u00e7a<\/h2><!-- [et_pb_line_break_holder] --><!-- [et_pb_line_break_holder] --><div class=\"key-points\"><!-- [et_pb_line_break_holder] -->  <h3>\u2726 Adaptar a r\u00e9minisc\u00eancia aos est\u00e1gios da doen\u00e7a<\/h3><!-- [et_pb_line_break_holder] -->  <ul><!-- [et_pb_line_break_holder] -->    <li><strong>Est\u00e1gio leve<\/strong> \u2014 a pessoa pode participar de uma revis\u00e3o de vida estruturada, construir um relato coerente, expressar emo\u00e7\u00f5es nuan\u00e7adas. Os grupos de r\u00e9minisc\u00eancia funcionam bem. A comunica\u00e7\u00e3o verbal \u00e9 rica.<\/li><!-- [et_pb_line_break_holder] -->    <li><strong>Est\u00e1gio moderado<\/strong> \u2014 as sess\u00f5es individuais s\u00e3o mais adequadas. Os suportes sensoriais (fotos, m\u00fasica, objetos) ocupam mais espa\u00e7o do que o relato verbal. A dura\u00e7\u00e3o \u00e9 reduzida (20 a 30 minutos no m\u00e1ximo). As emo\u00e7\u00f5es ainda s\u00e3o muito acess\u00edveis.<\/li><!-- [et_pb_line_break_holder] -->    <li><strong>Est\u00e1gio severo<\/strong> \u2014 a r\u00e9minisc\u00eancia sensorial (m\u00fasica, cheiros, texturas) ainda \u00e9 poss\u00edvel e ben\u00e9fica. A comunica\u00e7\u00e3o n\u00e3o verbal \u2014 sorriso, olhar, aperto de m\u00e3o \u2014 est\u00e1 em primeiro plano. Os benef\u00edcios s\u00e3o principalmente emocionais e relacionais.<\/li><!-- [et_pb_line_break_holder] -->  <\/ul><!-- [et_pb_line_break_holder] --><\/div><!-- [et_pb_line_break_holder] --><!-- [et_pb_line_break_holder] --><h2 id=\"limites\">9. As limita\u00e7\u00f5es a conhecer<\/h2><!-- [et_pb_line_break_holder] --><!-- [et_pb_line_break_holder] --><p>A r\u00e9minisc\u00eancia terap\u00eautica n\u00e3o \u00e9 uma abordagem sem riscos nem limites. Conhec\u00ea-la honestamente permite pratic\u00e1-la com discernimento.<\/p><!-- [et_pb_line_break_holder] --><!-- [et_pb_line_break_holder] --><p>Algumas mem\u00f3rias podem ser dolorosas \u2014 lutos n\u00e3o resolvidos, traumas, arrependimentos \u2014 e sua emerg\u00eancia exige uma capacidade do cuidador de acolh\u00ea-las sem fugir ou amplific\u00e1-las. A r\u00e9minisc\u00eancia n\u00e3o \u00e9 indicada para pessoas que apresentam uma r\u00e9minisc\u00eancia obsessiva (retorno compulsivo a mem\u00f3rias negativas) sem acompanhamento psicol\u00f3gico espec\u00edfico.<\/p><!-- [et_pb_line_break_holder] --><!-- [et_pb_line_break_holder] --><p>Al\u00e9m disso, os benef\u00edcios n\u00e3o s\u00e3o permanentes \u2014 eles necessitam de uma pr\u00e1tica regular para se manter ao longo do tempo. Uma sess\u00e3o isolada proporciona um momento de bem-estar; um programa integrado aos cuidados produz efeitos duradouros.<\/p><!-- [et_pb_line_break_holder] --><!-- [et_pb_line_break_holder] --><h2 id=\"integration\">10. Integrar a r\u00e9minisc\u00eancia no projeto de cuidados<\/h2><!-- [et_pb_line_break_holder] --><!-- [et_pb_line_break_holder] --><p>Para que os benef\u00edcios da r\u00e9minisc\u00eancia sejam duradouros e compartilhados por toda a equipe, ela deve ser integrada no projeto de cuidados personalizado do residente \u2014 n\u00e3o deixada apenas \u00e0 iniciativa de alguns cuidadores motivados. Isso implica em coletar a hist\u00f3ria de vida de cada residente assim que entra, compartilhar essas informa\u00e7\u00f5es na equipe, identificar suportes biogr\u00e1ficos adequados, e treinar todo o pessoal nos princ\u00edpios e ferramentas b\u00e1sicas.<\/p><!-- [et_pb_line_break_holder] --><!-- [et_pb_line_break_holder] --><a href=\"https:\/\/www.dynseo.com\/courses\/la-reminiscence-therapeutique-revisiter-le-passe-pour-mieux-vivre-le-present\/\" class=\"internal-link\"><!-- [et_pb_line_break_holder] -->  <div class=\"internal-link-icon\">\ud83c\udf93<\/div><!-- [et_pb_line_break_holder] -->  <div class=\"internal-link-content\"><!-- [et_pb_line_break_holder] -->    <div class=\"internal-link-label\">Forma\u00e7\u00e3o certificada<\/div><!-- [et_pb_line_break_holder] -->    <div class=\"internal-link-title\">A r\u00e9minisc\u00eancia terap\u00eautica: revisitar o passado para viver melhor o presente<\/div><!-- [et_pb_line_break_holder] -->    <div class=\"internal-link-desc\">Forma\u00e7\u00e3o DYNSEO Qualiopi \u2014 benef\u00edcios, protocolos, suportes, integra\u00e7\u00e3o no projeto de cuidados.<\/div><!-- [et_pb_line_break_holder] -->  <\/div><!-- [et_pb_line_break_holder] -->  <div class=\"internal-link-arrow\">\u2192<\/div><!-- [et_pb_line_break_holder] --><\/a><!-- [et_pb_line_break_holder] --><!-- [et_pb_line_break_holder] --><div class=\"cta-box\"><!-- [et_pb_line_break_holder] -->  <h3>\ud83c\udf93 Treine sua equipe na r\u00e9minisc\u00eancia terap\u00eautica<\/h3><!-- [et_pb_line_break_holder] -->  <p>A forma\u00e7\u00e3o DYNSEO fornece \u00e0s equipes de Lar de idosos as ferramentas para entender e praticar a r\u00e9minisc\u00eancia \u2014 da sess\u00e3o individual \u00e0 integra\u00e7\u00e3o no projeto de cuidados. Certificada Qualiopi.<\/p><!-- [et_pb_line_break_holder] -->  <div class=\"cta-buttons\"><!-- [et_pb_line_break_holder] -->    <a href=\"https:\/\/www.dynseo.com\/courses\/la-reminiscence-therapeutique-revisiter-le-passe-pour-mieux-vivre-le-present\/\" class=\"btn-cta-white\">\ud83d\udccb Ver o programa<\/a><!-- [et_pb_line_break_holder] -->    <a href=\"https:\/\/www.dynseo.com\/formations\/\" class=\"btn-cta-outline\">Todas as forma\u00e7\u00f5es \u2192<\/a><!-- [et_pb_line_break_holder] -->  <\/div><!-- [et_pb_line_break_holder] --><\/div><!-- [et_pb_line_break_holder] --><!-- [et_pb_line_break_holder] --><div class=\"article-tags\"><!-- [et_pb_line_break_holder] -->  <a href=\"#\" class=\"article-tag\">r\u00e9minisc\u00eancia Alzheimer benef\u00edcios<\/a><!-- [et_pb_line_break_holder] -->  <a href=\"#\" class=\"article-tag\">SCPD agita\u00e7\u00e3o r\u00e9minisc\u00eancia<\/a><!-- [et_pb_line_break_holder] -->  <a href=\"#\" class=\"article-tag\">depress\u00e3o residentes Lar de idosos n\u00e3o medicamentoso<\/a><!-- [et_pb_line_break_holder] -->  <a href=\"#\" class=\"article-tag\">comunica\u00e7\u00e3o Alzheimer mem\u00f3ria<\/a><!-- [et_pb_line_break_holder] -->  <a href=\"#\" class=\"article-tag\">identidade residente dem\u00eancia<\/a><!-- [et_pb_line_break_holder] -->  <a href=\"#\" class=\"article-tag\">DYNSEO forma\u00e7\u00e3o cuidadores<\/a><!-- [et_pb_line_break_holder] --><\/div><!-- [et_pb_line_break_holder] --><\/article><!-- [et_pb_line_break_holder] --><\/div><!-- [et_pb_line_break_holder] --><!-- [et_pb_line_break_holder] --><\/div>[\/et_pb_code][\/et_pb_column][\/et_pb_row][\/et_pb_section]","_et_gb_content_width":"","footnotes":""},"categories":[2850],"tags":[],"class_list":["post-515514","post","type-post","status-publish","format-standard","has-post-thumbnail","hentry","category-sem-categoria"],"yoast_head":"<!-- This site is optimized with the Yoast SEO plugin v27.4 - https:\/\/yoast.com\/product\/yoast-seo-wordpress\/ -->\n<title>Reminisc\u00eancia terap\u00eautica e Alzheimer: quais s\u00e3o os benef\u00edcios concretos? - DYNSEO - Aplica\u00e7\u00f5es educativas e jogos de mem\u00f3ria<\/title>\n<meta name=\"robots\" content=\"index, follow, max-snippet:-1, max-image-preview:large, max-video-preview:-1\" \/>\n<link rel=\"canonical\" href=\"https:\/\/www.dynseo.com\/pt-pt\/reminiscencia-terapeutica-e-alzheimer-quais-bemfeitos-concretos\/\" \/>\n<meta property=\"og:locale\" content=\"pt_PT\" \/>\n<meta property=\"og:type\" content=\"article\" \/>\n<meta property=\"og:title\" content=\"Reminisc\u00eancia terap\u00eautica e Alzheimer: quais s\u00e3o os benef\u00edcios concretos? - DYNSEO - Aplica\u00e7\u00f5es educativas e jogos de mem\u00f3ria\" \/>\n<meta property=\"og:url\" content=\"https:\/\/www.dynseo.com\/pt-pt\/reminiscencia-terapeutica-e-alzheimer-quais-bemfeitos-concretos\/\" \/>\n<meta property=\"og:site_name\" content=\"DYNSEO - Aplica\u00e7\u00f5es educativas e jogos de mem\u00f3ria\" \/>\n<meta property=\"article:published_time\" content=\"2026-03-12T09:23:56+00:00\" \/>\n<meta property=\"article:modified_time\" content=\"2026-03-20T20:03:41+00:00\" \/>\n<meta property=\"og:image\" content=\"https:\/\/www.dynseo.com\/wp-content\/uploads\/2025\/09\/abcdhe-5.jpg\" \/>\n\t<meta property=\"og:image:width\" content=\"1024\" \/>\n\t<meta property=\"og:image:height\" content=\"576\" \/>\n\t<meta property=\"og:image:type\" content=\"image\/jpeg\" \/>\n<meta name=\"author\" content=\"DYNSEO\" \/>\n<meta name=\"twitter:label1\" content=\"Escrito por\" \/>\n\t<meta name=\"twitter:data1\" content=\"DYNSEO\" \/>\n\t<meta name=\"twitter:label2\" content=\"Tempo estimado de leitura\" \/>\n\t<meta name=\"twitter:data2\" content=\"8 minutos\" \/>\n<script type=\"application\/ld+json\" class=\"yoast-schema-graph\">{\"@context\":\"https:\\\/\\\/schema.org\",\"@graph\":[{\"@type\":\"Article\",\"@id\":\"https:\\\/\\\/www.dynseo.com\\\/pt-pt\\\/reminiscencia-terapeutica-e-alzheimer-quais-bemfeitos-concretos\\\/#article\",\"isPartOf\":{\"@id\":\"https:\\\/\\\/www.dynseo.com\\\/pt-pt\\\/reminiscencia-terapeutica-e-alzheimer-quais-bemfeitos-concretos\\\/\"},\"author\":{\"name\":\"DYNSEO\",\"@id\":\"https:\\\/\\\/www.dynseo.com\\\/pt-pt\\\/#\\\/schema\\\/person\\\/78ef63df2ee64e0989bc68f8401b38d6\"},\"headline\":\"Reminisc\u00eancia terap\u00eautica e Alzheimer: quais s\u00e3o os benef\u00edcios concretos?\",\"datePublished\":\"2026-03-12T09:23:56+00:00\",\"dateModified\":\"2026-03-20T20:03:41+00:00\",\"mainEntityOfPage\":{\"@id\":\"https:\\\/\\\/www.dynseo.com\\\/pt-pt\\\/reminiscencia-terapeutica-e-alzheimer-quais-bemfeitos-concretos\\\/\"},\"wordCount\":2005,\"publisher\":{\"@id\":\"https:\\\/\\\/www.dynseo.com\\\/pt-pt\\\/#organization\"},\"image\":{\"@id\":\"https:\\\/\\\/www.dynseo.com\\\/pt-pt\\\/reminiscencia-terapeutica-e-alzheimer-quais-bemfeitos-concretos\\\/#primaryimage\"},\"thumbnailUrl\":\"https:\\\/\\\/www.dynseo.com\\\/wp-content\\\/uploads\\\/2025\\\/09\\\/abcdhe-5.jpg\",\"inLanguage\":\"pt-PT\"},{\"@type\":\"WebPage\",\"@id\":\"https:\\\/\\\/www.dynseo.com\\\/pt-pt\\\/reminiscencia-terapeutica-e-alzheimer-quais-bemfeitos-concretos\\\/\",\"url\":\"https:\\\/\\\/www.dynseo.com\\\/pt-pt\\\/reminiscencia-terapeutica-e-alzheimer-quais-bemfeitos-concretos\\\/\",\"name\":\"Reminisc\u00eancia terap\u00eautica e Alzheimer: quais s\u00e3o os benef\u00edcios concretos? - DYNSEO - Aplica\u00e7\u00f5es educativas e jogos de mem\u00f3ria\",\"isPartOf\":{\"@id\":\"https:\\\/\\\/www.dynseo.com\\\/pt-pt\\\/#website\"},\"primaryImageOfPage\":{\"@id\":\"https:\\\/\\\/www.dynseo.com\\\/pt-pt\\\/reminiscencia-terapeutica-e-alzheimer-quais-bemfeitos-concretos\\\/#primaryimage\"},\"image\":{\"@id\":\"https:\\\/\\\/www.dynseo.com\\\/pt-pt\\\/reminiscencia-terapeutica-e-alzheimer-quais-bemfeitos-concretos\\\/#primaryimage\"},\"thumbnailUrl\":\"https:\\\/\\\/www.dynseo.com\\\/wp-content\\\/uploads\\\/2025\\\/09\\\/abcdhe-5.jpg\",\"datePublished\":\"2026-03-12T09:23:56+00:00\",\"dateModified\":\"2026-03-20T20:03:41+00:00\",\"breadcrumb\":{\"@id\":\"https:\\\/\\\/www.dynseo.com\\\/pt-pt\\\/reminiscencia-terapeutica-e-alzheimer-quais-bemfeitos-concretos\\\/#breadcrumb\"},\"inLanguage\":\"pt-PT\",\"potentialAction\":[{\"@type\":\"ReadAction\",\"target\":[\"https:\\\/\\\/www.dynseo.com\\\/pt-pt\\\/reminiscencia-terapeutica-e-alzheimer-quais-bemfeitos-concretos\\\/\"]}]},{\"@type\":\"ImageObject\",\"inLanguage\":\"pt-PT\",\"@id\":\"https:\\\/\\\/www.dynseo.com\\\/pt-pt\\\/reminiscencia-terapeutica-e-alzheimer-quais-bemfeitos-concretos\\\/#primaryimage\",\"url\":\"https:\\\/\\\/www.dynseo.com\\\/wp-content\\\/uploads\\\/2025\\\/09\\\/abcdhe-5.jpg\",\"contentUrl\":\"https:\\\/\\\/www.dynseo.com\\\/wp-content\\\/uploads\\\/2025\\\/09\\\/abcdhe-5.jpg\",\"width\":1024,\"height\":576,\"caption\":\"Estimula\u00e7\u00e3o mental ativa: a chave para um envelhecimento saud\u00e1vel\"},{\"@type\":\"BreadcrumbList\",\"@id\":\"https:\\\/\\\/www.dynseo.com\\\/pt-pt\\\/reminiscencia-terapeutica-e-alzheimer-quais-bemfeitos-concretos\\\/#breadcrumb\",\"itemListElement\":[{\"@type\":\"ListItem\",\"position\":1,\"name\":\"Accueil\",\"item\":\"https:\\\/\\\/www.dynseo.com\\\/pt-pt\\\/\"},{\"@type\":\"ListItem\",\"position\":2,\"name\":\"Reminisc\u00eancia terap\u00eautica e Alzheimer: quais s\u00e3o os benef\u00edcios concretos?\"}]},{\"@type\":\"WebSite\",\"@id\":\"https:\\\/\\\/www.dynseo.com\\\/pt-pt\\\/#website\",\"url\":\"https:\\\/\\\/www.dynseo.com\\\/pt-pt\\\/\",\"name\":\"Jeux de m\u00e9moire et stimulation cognitive\",\"description\":\"Entra\u00eenez votre m\u00e9moire et votre cerveau avec DYNSEO\",\"publisher\":{\"@id\":\"https:\\\/\\\/www.dynseo.com\\\/pt-pt\\\/#organization\"},\"potentialAction\":[{\"@type\":\"SearchAction\",\"target\":{\"@type\":\"EntryPoint\",\"urlTemplate\":\"https:\\\/\\\/www.dynseo.com\\\/pt-pt\\\/?s={search_term_string}\"},\"query-input\":{\"@type\":\"PropertyValueSpecification\",\"valueRequired\":true,\"valueName\":\"search_term_string\"}}],\"inLanguage\":\"pt-PT\"},{\"@type\":\"Organization\",\"@id\":\"https:\\\/\\\/www.dynseo.com\\\/pt-pt\\\/#organization\",\"name\":\"DYNSEO\",\"url\":\"https:\\\/\\\/www.dynseo.com\\\/pt-pt\\\/\",\"logo\":{\"@type\":\"ImageObject\",\"inLanguage\":\"pt-PT\",\"@id\":\"https:\\\/\\\/www.dynseo.com\\\/pt-pt\\\/#\\\/schema\\\/logo\\\/image\\\/\",\"url\":\"https:\\\/\\\/www.dynseo.com\\\/wp-content\\\/uploads\\\/2022\\\/05\\\/logo-dynseo-new.png\",\"contentUrl\":\"https:\\\/\\\/www.dynseo.com\\\/wp-content\\\/uploads\\\/2022\\\/05\\\/logo-dynseo-new.png\",\"width\":5073,\"height\":1397,\"caption\":\"DYNSEO\"},\"image\":{\"@id\":\"https:\\\/\\\/www.dynseo.com\\\/pt-pt\\\/#\\\/schema\\\/logo\\\/image\\\/\"}},{\"@type\":\"Person\",\"@id\":\"https:\\\/\\\/www.dynseo.com\\\/pt-pt\\\/#\\\/schema\\\/person\\\/78ef63df2ee64e0989bc68f8401b38d6\",\"name\":\"DYNSEO\",\"url\":\"https:\\\/\\\/www.dynseo.com\\\/pt-pt\\\/author\\\/justine\\\/\"}]}<\/script>\n<!-- \/ Yoast SEO plugin. -->","yoast_head_json":{"title":"Reminisc\u00eancia terap\u00eautica e Alzheimer: quais s\u00e3o os benef\u00edcios concretos? - DYNSEO - Aplica\u00e7\u00f5es educativas e jogos de mem\u00f3ria","robots":{"index":"index","follow":"follow","max-snippet":"max-snippet:-1","max-image-preview":"max-image-preview:large","max-video-preview":"max-video-preview:-1"},"canonical":"https:\/\/www.dynseo.com\/pt-pt\/reminiscencia-terapeutica-e-alzheimer-quais-bemfeitos-concretos\/","og_locale":"pt_PT","og_type":"article","og_title":"Reminisc\u00eancia terap\u00eautica e Alzheimer: quais s\u00e3o os benef\u00edcios concretos? - DYNSEO - Aplica\u00e7\u00f5es educativas e jogos de mem\u00f3ria","og_url":"https:\/\/www.dynseo.com\/pt-pt\/reminiscencia-terapeutica-e-alzheimer-quais-bemfeitos-concretos\/","og_site_name":"DYNSEO - Aplica\u00e7\u00f5es educativas e jogos de mem\u00f3ria","article_published_time":"2026-03-12T09:23:56+00:00","article_modified_time":"2026-03-20T20:03:41+00:00","og_image":[{"width":1024,"height":576,"url":"https:\/\/www.dynseo.com\/wp-content\/uploads\/2025\/09\/abcdhe-5.jpg","type":"image\/jpeg"}],"author":"DYNSEO","twitter_misc":{"Escrito por":"DYNSEO","Tempo estimado de leitura":"8 minutos"},"schema":{"@context":"https:\/\/schema.org","@graph":[{"@type":"Article","@id":"https:\/\/www.dynseo.com\/pt-pt\/reminiscencia-terapeutica-e-alzheimer-quais-bemfeitos-concretos\/#article","isPartOf":{"@id":"https:\/\/www.dynseo.com\/pt-pt\/reminiscencia-terapeutica-e-alzheimer-quais-bemfeitos-concretos\/"},"author":{"name":"DYNSEO","@id":"https:\/\/www.dynseo.com\/pt-pt\/#\/schema\/person\/78ef63df2ee64e0989bc68f8401b38d6"},"headline":"Reminisc\u00eancia terap\u00eautica e Alzheimer: quais s\u00e3o os benef\u00edcios concretos?","datePublished":"2026-03-12T09:23:56+00:00","dateModified":"2026-03-20T20:03:41+00:00","mainEntityOfPage":{"@id":"https:\/\/www.dynseo.com\/pt-pt\/reminiscencia-terapeutica-e-alzheimer-quais-bemfeitos-concretos\/"},"wordCount":2005,"publisher":{"@id":"https:\/\/www.dynseo.com\/pt-pt\/#organization"},"image":{"@id":"https:\/\/www.dynseo.com\/pt-pt\/reminiscencia-terapeutica-e-alzheimer-quais-bemfeitos-concretos\/#primaryimage"},"thumbnailUrl":"https:\/\/www.dynseo.com\/wp-content\/uploads\/2025\/09\/abcdhe-5.jpg","inLanguage":"pt-PT"},{"@type":"WebPage","@id":"https:\/\/www.dynseo.com\/pt-pt\/reminiscencia-terapeutica-e-alzheimer-quais-bemfeitos-concretos\/","url":"https:\/\/www.dynseo.com\/pt-pt\/reminiscencia-terapeutica-e-alzheimer-quais-bemfeitos-concretos\/","name":"Reminisc\u00eancia terap\u00eautica e Alzheimer: quais s\u00e3o os benef\u00edcios concretos? - DYNSEO - Aplica\u00e7\u00f5es educativas e jogos de mem\u00f3ria","isPartOf":{"@id":"https:\/\/www.dynseo.com\/pt-pt\/#website"},"primaryImageOfPage":{"@id":"https:\/\/www.dynseo.com\/pt-pt\/reminiscencia-terapeutica-e-alzheimer-quais-bemfeitos-concretos\/#primaryimage"},"image":{"@id":"https:\/\/www.dynseo.com\/pt-pt\/reminiscencia-terapeutica-e-alzheimer-quais-bemfeitos-concretos\/#primaryimage"},"thumbnailUrl":"https:\/\/www.dynseo.com\/wp-content\/uploads\/2025\/09\/abcdhe-5.jpg","datePublished":"2026-03-12T09:23:56+00:00","dateModified":"2026-03-20T20:03:41+00:00","breadcrumb":{"@id":"https:\/\/www.dynseo.com\/pt-pt\/reminiscencia-terapeutica-e-alzheimer-quais-bemfeitos-concretos\/#breadcrumb"},"inLanguage":"pt-PT","potentialAction":[{"@type":"ReadAction","target":["https:\/\/www.dynseo.com\/pt-pt\/reminiscencia-terapeutica-e-alzheimer-quais-bemfeitos-concretos\/"]}]},{"@type":"ImageObject","inLanguage":"pt-PT","@id":"https:\/\/www.dynseo.com\/pt-pt\/reminiscencia-terapeutica-e-alzheimer-quais-bemfeitos-concretos\/#primaryimage","url":"https:\/\/www.dynseo.com\/wp-content\/uploads\/2025\/09\/abcdhe-5.jpg","contentUrl":"https:\/\/www.dynseo.com\/wp-content\/uploads\/2025\/09\/abcdhe-5.jpg","width":1024,"height":576,"caption":"Estimula\u00e7\u00e3o mental ativa: a chave para um envelhecimento saud\u00e1vel"},{"@type":"BreadcrumbList","@id":"https:\/\/www.dynseo.com\/pt-pt\/reminiscencia-terapeutica-e-alzheimer-quais-bemfeitos-concretos\/#breadcrumb","itemListElement":[{"@type":"ListItem","position":1,"name":"Accueil","item":"https:\/\/www.dynseo.com\/pt-pt\/"},{"@type":"ListItem","position":2,"name":"Reminisc\u00eancia terap\u00eautica e Alzheimer: quais s\u00e3o os benef\u00edcios concretos?"}]},{"@type":"WebSite","@id":"https:\/\/www.dynseo.com\/pt-pt\/#website","url":"https:\/\/www.dynseo.com\/pt-pt\/","name":"Jeux de m\u00e9moire et stimulation cognitive","description":"Entra\u00eenez votre m\u00e9moire et votre cerveau avec DYNSEO","publisher":{"@id":"https:\/\/www.dynseo.com\/pt-pt\/#organization"},"potentialAction":[{"@type":"SearchAction","target":{"@type":"EntryPoint","urlTemplate":"https:\/\/www.dynseo.com\/pt-pt\/?s={search_term_string}"},"query-input":{"@type":"PropertyValueSpecification","valueRequired":true,"valueName":"search_term_string"}}],"inLanguage":"pt-PT"},{"@type":"Organization","@id":"https:\/\/www.dynseo.com\/pt-pt\/#organization","name":"DYNSEO","url":"https:\/\/www.dynseo.com\/pt-pt\/","logo":{"@type":"ImageObject","inLanguage":"pt-PT","@id":"https:\/\/www.dynseo.com\/pt-pt\/#\/schema\/logo\/image\/","url":"https:\/\/www.dynseo.com\/wp-content\/uploads\/2022\/05\/logo-dynseo-new.png","contentUrl":"https:\/\/www.dynseo.com\/wp-content\/uploads\/2022\/05\/logo-dynseo-new.png","width":5073,"height":1397,"caption":"DYNSEO"},"image":{"@id":"https:\/\/www.dynseo.com\/pt-pt\/#\/schema\/logo\/image\/"}},{"@type":"Person","@id":"https:\/\/www.dynseo.com\/pt-pt\/#\/schema\/person\/78ef63df2ee64e0989bc68f8401b38d6","name":"DYNSEO","url":"https:\/\/www.dynseo.com\/pt-pt\/author\/justine\/"}]}},"_links":{"self":[{"href":"https:\/\/www.dynseo.com\/pt-pt\/wp-json\/wp\/v2\/posts\/515514","targetHints":{"allow":["GET"]}}],"collection":[{"href":"https:\/\/www.dynseo.com\/pt-pt\/wp-json\/wp\/v2\/posts"}],"about":[{"href":"https:\/\/www.dynseo.com\/pt-pt\/wp-json\/wp\/v2\/types\/post"}],"author":[{"embeddable":true,"href":"https:\/\/www.dynseo.com\/pt-pt\/wp-json\/wp\/v2\/users\/4"}],"replies":[{"embeddable":true,"href":"https:\/\/www.dynseo.com\/pt-pt\/wp-json\/wp\/v2\/comments?post=515514"}],"version-history":[{"count":5,"href":"https:\/\/www.dynseo.com\/pt-pt\/wp-json\/wp\/v2\/posts\/515514\/revisions"}],"predecessor-version":[{"id":523759,"href":"https:\/\/www.dynseo.com\/pt-pt\/wp-json\/wp\/v2\/posts\/515514\/revisions\/523759"}],"wp:featuredmedia":[{"embeddable":true,"href":"https:\/\/www.dynseo.com\/pt-pt\/wp-json\/wp\/v2\/media\/480315"}],"wp:attachment":[{"href":"https:\/\/www.dynseo.com\/pt-pt\/wp-json\/wp\/v2\/media?parent=515514"}],"wp:term":[{"taxonomy":"category","embeddable":true,"href":"https:\/\/www.dynseo.com\/pt-pt\/wp-json\/wp\/v2\/categories?post=515514"},{"taxonomy":"post_tag","embeddable":true,"href":"https:\/\/www.dynseo.com\/pt-pt\/wp-json\/wp\/v2\/tags?post=515514"}],"curies":[{"name":"wp","href":"https:\/\/api.w.org\/{rel}","templated":true}]}}