{"id":557880,"date":"2026-04-25T03:27:39","date_gmt":"2026-04-25T01:27:39","guid":{"rendered":"https:\/\/www.dynseo.com\/vrai-faux-sur-le-metier-dauxiliaire-de-vie-casser-les-idees-recues-dynseo-2\/"},"modified":"2026-04-25T03:30:59","modified_gmt":"2026-04-25T01:30:59","slug":"vrai-faux-sobre-o-metier-de-auxiliar-de-vida-cassar-as-ideias-recebidas-dynseo","status":"publish","type":"post","link":"https:\/\/www.dynseo.com\/pt-pt\/vrai-faux-sobre-o-metier-de-auxiliar-de-vida-cassar-as-ideias-recebidas-dynseo\/","title":{"rendered":"Vrai\/faux sur le m\u00e9tier d&#8217;auxiliaire de vie : casser les id\u00e9es re\u00e7ues | DYNSEO"},"content":{"rendered":"<p>[et_pb_section fb_built=&#8221;1&#8243; admin_label=&#8221;Article HTML&#8221; _builder_version=&#8221;4.16&#8243; custom_padding=&#8221;0px||0px||false|false&#8221; global_colors_info=&#8221;{}&#8221;][et_pb_row admin_label=&#8221;Contenu&#8221; _builder_version=&#8221;4.16&#8243; width=&#8221;100%&#8221; max_width=&#8221;100%&#8221; custom_padding=&#8221;0px||0px||false|false&#8221; global_colors_info=&#8221;{}&#8221;][et_pb_column type=&#8221;4_4&#8243; _builder_version=&#8221;4.16&#8243; global_colors_info=&#8221;{}&#8221;][et_pb_code admin_label=&#8221;HTML import\u00e9&#8221; _builder_version=&#8221;4.16&#8243; global_colors_info=&#8221;{}&#8221;]<\/p>\n<style type=\"text\/css\">\n@import url('https:\/\/fonts.googleapis.com\/css2?family=Montserrat:wght@600;700;800&family=Poppins:wght@400;500;600&display=swap');\n        * { margin: 0; padding: 0; box-sizing: border-box; }\n.dbi-art-0d931c { font-family: 'Poppins', sans-serif; line-height: 1.9; color: #333; background-color: #f8f9fa; }\n.dbi-art-0d931c .container { max-width: 920px; margin: 0 auto; padding: 20px; }\n.dbi-art-0d931c .article-header { background: linear-gradient(135deg, #5e5ed7 0%, #5268c9 100%); color: white; padding: 70px 20px; text-align: center; border-radius: 0 0 30px 30px; margin-bottom: 50px; }\n.dbi-art-0d931c .article-category { display: inline-block; background: rgba(255,255,255,0.2); padding: 8px 20px; border-radius: 25px; font-size: 0.9rem; margin-bottom: 20px; }\n.dbi-art-0d931c .article-header h1 { font-family: 'Montserrat', sans-serif; font-size: 2.4rem; margin-bottom: 20px; }\n.dbi-art-0d931c .article-header .subtitle { font-size: 1.1rem; opacity: 0.95; max-width: 720px; margin: 0 auto; }\n.dbi-art-0d931c .intro-paragraph { font-size: 1.1rem; color: #555; padding: 32px; background: white; border-radius: 15px; border-left: 5px solid #5e5ed7; margin-bottom: 45px; box-shadow: 0 5px 20px rgba(94,94,215,0.1); }\n.dbi-art-0d931c h2 { font-family: 'Montserrat', sans-serif; color: #5e5ed7; font-size: 2rem; margin: 55px 0 25px; padding-bottom: 15px; border-bottom: 3px solid #a9e2e4; }\n.dbi-art-0d931c h3 { font-family: 'Montserrat', sans-serif; color: #5268c9; font-size: 1.4rem; margin: 38px 0 16px; }\n.dbi-art-0d931c p { margin-bottom: 22px; text-align: justify; font-size: 1.02rem; }\n.dbi-art-0d931c .highlight-box { background: linear-gradient(135deg, #a9e2e4 0%, #d0f0f2 100%); padding: 32px; border-radius: 15px; margin: 32px 0; }\n.dbi-art-0d931c .highlight-box h4 { font-family: 'Montserrat', sans-serif; color: #5268c9; margin-bottom: 15px; font-size: 1.2rem; }\n.dbi-art-0d931c .tip-box { background: linear-gradient(135deg, #ffeca7 0%, #ffe88a 100%); padding: 26px; border-radius: 15px; margin: 26px 0; }\n.dbi-art-0d931c .tip-box h4 { font-family: 'Montserrat', sans-serif; color: #5268c9; margin-bottom: 10px; }\n.dbi-art-0d931c .warning-box { background: linear-gradient(135deg, #fde8ee 0%, #fcc8d6 100%); padding: 26px; border-radius: 15px; margin: 26px 0; border-left: 5px solid #e73469; }\n.dbi-art-0d931c .warning-box h4 { font-family: 'Montserrat', sans-serif; color: #e73469; margin-bottom: 10px; }\n.dbi-art-0d931c .stats-grid { display: grid; grid-template-columns: repeat(3, 1fr); gap: 22px; margin: 32px 0; }\n.dbi-art-0d931c .stat-card { background: white; padding: 28px; border-radius: 15px; text-align: center; box-shadow: 0 5px 20px rgba(94,94,215,0.1); }\n.dbi-art-0d931c .stat-number { font-family: 'Montserrat', sans-serif; font-size: 2.6rem; font-weight: 800; color: #5e5ed7; display: block; }\n.dbi-art-0d931c .stat-label { color: #666; font-size: 0.88rem; margin-top: 8px; }\n.dbi-art-0d931c .comparison-table { width: 100%; border-collapse: collapse; margin: 32px 0; border-radius: 15px; overflow: hidden; box-shadow: 0 5px 20px rgba(94,94,215,0.1); }\n.dbi-art-0d931c .comparison-table th { background: linear-gradient(135deg, #5e5ed7 0%, #5268c9 100%); color: white; padding: 16px 20px; text-align: left; font-family: 'Montserrat', sans-serif; }\n.dbi-art-0d931c .comparison-table td { padding: 15px 20px; border-bottom: 1px solid #f0f0ff; background: white; vertical-align: top; }\n.dbi-art-0d931c .comparison-table tr:last-child td { border-bottom: none; }\n.dbi-art-0d931c .comparison-table tr:nth-child(even) td { background: #f8f8ff; }\n.dbi-art-0d931c .method-card { background: white; border-radius: 15px; padding: 28px; margin: 24px 0; box-shadow: 0 5px 20px rgba(94,94,215,0.08); }\n.dbi-art-0d931c .method-card.blue { border-left: 4px solid #5e5ed7; }\n.dbi-art-0d931c .method-card.teal { border-left: 4px solid #a9e2e4; }\n.dbi-art-0d931c .method-card.rose { border-left: 4px solid #e73469; }\n.dbi-art-0d931c .method-card.yellow { border-left: 4px solid #ffeca7; border-top: 3px solid #ffeca7; }\n.dbi-art-0d931c .method-card h4 { font-family: 'Montserrat', sans-serif; color: #5e5ed7; margin-bottom: 12px; font-size: 1.12rem; }\n.dbi-art-0d931c .method-card.teal h4 { color: #5268c9; }\n.dbi-art-0d931c .method-card.rose h4 { color: #e73469; }\n.dbi-art-0d931c .method-badge { display: inline-block; padding: 5px 14px; border-radius: 20px; font-size: 0.82rem; font-weight: 600; margin-bottom: 12px; }\n.dbi-art-0d931c .badge-blue { background: #f0f0ff; color: #5e5ed7; }\n.dbi-art-0d931c .badge-green { background: #e0f7f8; color: #5268c9; }\n.dbi-art-0d931c .badge-rose { background: #fde8ee; color: #e73469; }\n.dbi-art-0d931c .badge-yellow { background: #fff8dc; color: #8a6d00; }\n.dbi-art-0d931c .checklist { background: white; padding: 32px; border-radius: 15px; box-shadow: 0 5px 20px rgba(94,94,215,0.1); margin: 28px 0; }\n.dbi-art-0d931c .checklist h4 { font-family: 'Montserrat', sans-serif; color: #5e5ed7; margin-bottom: 20px; }\n.dbi-art-0d931c .checklist ul { list-style: none; padding: 0; }\n.dbi-art-0d931c .checklist li { padding: 12px 0; border-bottom: 1px solid #f0f0ff; padding-left: 38px; position: relative; }\n.dbi-art-0d931c .checklist li::before { content: '\u2714'; position: absolute; left: 0; color: #5e5ed7; font-weight: bold; }\n.dbi-art-0d931c .checklist li:last-child { border-bottom: none; }\n.dbi-art-0d931c .app-card { background: white; border-radius: 18px; padding: 30px; margin: 28px 0; box-shadow: 0 8px 30px rgba(94,94,215,0.15); border-top: 4px solid #5e5ed7; }\n.dbi-art-0d931c .app-card h4 { font-family: 'Montserrat', sans-serif; color: #5e5ed7; font-size: 1.3rem; margin-bottom: 12px; }\n.dbi-art-0d931c .cta-button { display: inline-block; background: linear-gradient(135deg, #5e5ed7 0%, #5268c9 100%); color: white; padding: 15px 35px; border-radius: 30px; text-decoration: none; font-weight: 600; margin-top: 15px; }\n.dbi-art-0d931c .quote-box { background: #f0f0ff; border-left: 4px solid #5e5ed7; padding: 26px; margin: 32px 0; border-radius: 0 15px 15px 0; }\n.dbi-art-0d931c .quote-box p { font-style: italic; color: #5268c9; margin-bottom: 10px; }\n.dbi-art-0d931c .quote-box .author { font-weight: 600; color: #5e5ed7; font-style: normal; font-size: 0.9rem; }\n.dbi-art-0d931c .conclusion { background: linear-gradient(135deg, #f5f7fa 0%, #e8e8ff 100%); padding: 45px; border-radius: 20px; margin-top: 55px; }\n.dbi-art-0d931c .conclusion h2 { border-bottom: none; margin-top: 0; }\n.dbi-art-0d931c .article-footer { text-align: center; padding: 55px 20px; background: linear-gradient(135deg, #5e5ed7 0%, #5268c9 100%); color: white; border-radius: 30px 30px 0 0; margin-top: 65px; }\n.dbi-art-0d931c .article-footer h3 { font-family: 'Montserrat', sans-serif; color: white; margin-bottom: 20px; font-size: 1.5rem; }\n.dbi-art-0d931c .article-footer a { color: #ffeca7; text-decoration: none; font-weight: 600; }\n.dbi-art-0d931c .footer-links { display: flex; gap: 20px; justify-content: center; flex-wrap: wrap; margin-top: 15px; }\n.dbi-art-0d931c .faq-item { background: white; border-radius: 15px; padding: 28px 32px; margin: 16px 0; box-shadow: 0 3px 15px rgba(94,94,215,0.08); border-left: 4px solid #a9e2e4; }\n.dbi-art-0d931c .faq-item h4 { font-family: 'Montserrat', sans-serif; color: #5e5ed7; margin-bottom: 13px; font-size: 1.08rem; }\n.dbi-art-0d931c .faq-item p { margin: 0; color: #555; }\n.dbi-art-0d931c .idee-recue { background: white; border-radius: 15px; margin: 28px 0; overflow: hidden; box-shadow: 0 5px 20px rgba(94,94,215,0.1); }\n.dbi-art-0d931c .idee-header { padding: 20px 28px; display: flex; align-items: center; gap: 15px; }\n.dbi-art-0d931c .idee-header.faux { background: linear-gradient(135deg, #fde8ee, #fcc8d6); }\n.dbi-art-0d931c .idee-header.vrai { background: linear-gradient(135deg, #a9e2e4, #d0f0f2); }\n.dbi-art-0d931c .idee-label { font-family: 'Montserrat', sans-serif; font-size: 1.3rem; font-weight: 800; }\n.dbi-art-0d931c .idee-header.faux .idee-label { color: #e73469; }\n.dbi-art-0d931c .idee-header.vrai .idee-label { color: #5268c9; }\n.dbi-art-0d931c .idee-statement { font-weight: 600; font-size: 1.05rem; color: #333; }\n.dbi-art-0d931c .idee-body { padding: 24px 28px; }\n.dbi-art-0d931c a { color: #5e5ed7; }\n@media (max-width: 768px) {\n.dbi-art-0d931c .article-header h1 { font-size: 1.85rem; }\n.dbi-art-0d931c .stats-grid { grid-template-columns: 1fr; }\n.dbi-art-0d931c .article-header { padding: 45px 15px; }\n.dbi-art-0d931c .container { padding: 15px; }\n.dbi-art-0d931c h2 { font-size: 1.6rem; }\n.dbi-art-0d931c .comparison-table { font-size: 0.9rem; }\n}<\/p>\n<\/style>\n<div class=\"dbi-art-0d931c\">\n<article>\n<header class=\"article-header\">\n<div class=\"article-category\">\ud83c\udfe0 Aide \u00e0 domicile \u2014 M\u00e9tiers do cuidado<\/div>\n<h1>Verdadeiro\/falso sobre a profiss\u00e3o de auxiliar de vida: quebrando ideias preconcebidas<\/h1>\n<pee class=\"subtitle\">A profiss\u00e3o de auxiliar de vida sofre de representa\u00e7\u00f5es persistentes que n\u00e3o fazem justi\u00e7a \u00e0 sua realidade cotidiana. Entre a &#8220;simples ajudante de limpeza&#8221; e o &#8220;profissional de sa\u00fade por completo&#8221;, a verdade \u00e9 mais sutil \u2014 e muito mais rica \u2014 do que se imagina.<\/pee>\n<\/header>\n<div class=\"container\">\n<div class=\"intro-paragraph\">\nNa Fran\u00e7a, mais de 600 000 pessoas exercem a profiss\u00e3o de auxiliar de vida social ou assistente de vida \u00e0s fam\u00edlias. Elas interv\u00eam todos os dias junto a pessoas idosas, doentes cr\u00f4nicos, pessoas com defici\u00eancia \u2014 em seu espa\u00e7o mais \u00edntimo, em suas casas. No entanto, essa profiss\u00e3o permanece profundamente desconhecida, muitas vezes caricaturada, \u00e0s vezes desvalorizada. As ideias preconcebidas que a atravessam n\u00e3o s\u00e3o insignificantes: elas freiam as voca\u00e7\u00f5es, alimentam a rotatividade e podem distorcer as expectativas das fam\u00edlias e dos benefici\u00e1rios. \u00c9 hora de enfrent\u00e1-las uma a uma.\n<\/div>\n<div class=\"stats-grid\">\n<div class=\"stat-card\"><span class=\"stat-number\">600 000<\/span><\/p>\n<div class=\"stat-label\">profissionais de ajuda a domic\u00edlio na Fran\u00e7a \u2014 um dos setores que mais contrata<\/div>\n<\/div>\n<div class=\"stat-card\"><span class=\"stat-number\">78%<\/span><\/p>\n<div class=\"stat-label\">dos franceses desejam permanecer em casa o maior tempo poss\u00edvel, segundo pesquisas de opini\u00e3o<\/div>\n<\/div>\n<div class=\"stat-card\"><span class=\"stat-number\">40%<\/span><\/p>\n<div class=\"stat-label\">dos auxiliares de vida afirmam considerar deixar a profiss\u00e3o a curto prazo \u2014 crise de valoriza\u00e7\u00e3o<\/div>\n<\/div>\n<\/div>\n<h2>Ideia preconcebida n\u00b01: &#8220;O auxiliar de vida \u00e9 apenas algu\u00e9m que faz a limpeza&#8221;<\/h2>\n<div class=\"idee-recue\">\n<div class=\"idee-header faux\">\n        <span class=\"idee-label\">\u274c FALSO<\/span><br \/>\n        <span class=\"idee-statement\">O auxiliar de vida cuida principalmente da limpeza e das compras<\/span>\n    <\/div>\n<div class=\"idee-body\">\n        <pee>Essa \u00e9, sem d\u00favida, a ideia preconcebida mais persistente e prejudicial. Ela \u00e9 falsa em seu conte\u00fado e em suas propor\u00e7\u00f5es.<\/pee>\n        <pee>O referencial oficial do DEAVS (Dipl\u00f4me d&#8217;\u00c9tat d&#8217;Auxiliaire de Vie Sociale) define tr\u00eas \u00e1reas principais de interven\u00e7\u00e3o: o acompanhamento nas atividades essenciais da vida cotidiana (ajuda com a higiene, vestu\u00e1rio, deslocamentos, refei\u00e7\u00f5es), o acompanhamento na vida social e relacional (manuten\u00e7\u00e3o do v\u00ednculo, atividades, estimula\u00e7\u00e3o) e a ajuda na manuten\u00e7\u00e3o do ambiente de vida e na prepara\u00e7\u00e3o das refei\u00e7\u00f5es. Esta terceira \u00e1rea \u2014 que inclui a limpeza \u2014 \u00e9 apenas uma componente entre tr\u00eas, e n\u00e3o necessariamente a mais importante em termos de tempo e compromisso profissional.<\/pee>\n        <pee>Na pr\u00e1tica, uma grande parte do trabalho do auxiliar de vida ocorre na rela\u00e7\u00e3o: ouvir uma pessoa ansiosa, adaptar seu discurso a algu\u00e9m com Alzheimer, observar os sinais de deteriora\u00e7\u00e3o cognitiva ou f\u00edsica, coordenar com a enfermeira que passar\u00e1 \u00e0 tarde. Essas compet\u00eancias relacionais e cl\u00ednicas n\u00e3o se improvisam.<\/pee>\n    <\/div>\n<\/div>\n<h3>O que realmente faz o auxiliar de vida \u2014 um dia t\u00edpico<\/h3>\n<pee>Um dia t\u00edpico de um auxiliar de vida junto a uma pessoa com a doen\u00e7a de Alzheimer pode se parecer com isto: chegada e avalia\u00e7\u00e3o do estado geral da pessoa (humor, mobilidade, orienta\u00e7\u00e3o), ajuda com a higiene e vestu\u00e1rio respeitando o ritmo e as prefer\u00eancias, prepara\u00e7\u00e3o do caf\u00e9 da manh\u00e3 incentivando a participa\u00e7\u00e3o ativa, sess\u00e3o de estimula\u00e7\u00e3o cognitiva de 20 a 30 minutos com atividades adaptadas, acompanhamento na caminhada ou exerc\u00edcios leves, prepara\u00e7\u00e3o do almo\u00e7o e ajuda na alimenta\u00e7\u00e3o se necess\u00e1rio, observa\u00e7\u00e3o e transmiss\u00e3o de informa\u00e7\u00f5es sobre o estado da pessoa \u00e0 equipe de cuidados. A limpeza, se prevista, geralmente ocorre como complemento a tudo isso.<\/pee>\n<div class=\"app-card\">\n<h4>\ud83e\udde0 CARMEN \u2014 o aplicativo que apoia o trabalho de estimula\u00e7\u00e3o em casa<\/h4>\n<pee>O aplicativo <a href=\"https:\/\/www.dynseo.com\/pt-pt\/o-programa-dos-treinadores\/carmen\/\" target=\"_blank\"><strong>CARMEN<\/strong><\/a> da DYNSEO \u00e9 especificamente projetado para os idosos \u2014 especialmente pessoas com a doen\u00e7a de Alzheimer ou Parkinson. Simples de usar (grande interface, comandos t\u00e1teis intuitivos), permite que o auxiliar de vida proponha atividades de mem\u00f3ria, aten\u00e7\u00e3o e estimula\u00e7\u00e3o cognitiva adaptadas ao n\u00edvel da pessoa, sem necessitar de habilidades inform\u00e1ticas avan\u00e7adas. Um verdadeiro apoio profissional no dia a dia.<\/pee>\n    <a href=\"https:\/\/www.dynseo.com\/pt-pt\/o-programa-dos-treinadores\/carmen\/\" target=\"_blank\" class=\"cta-button\">Descobrir CARMEN \u2192<\/a>\n<\/div>\n<h2>Ideia preconcebida n\u00b02: &#8220;Qualquer um pode fazer essa profiss\u00e3o, n\u00e3o \u00e9 necess\u00e1rio diploma&#8221;<\/h2>\n<div class=\"idee-recue\">\n<div class=\"idee-header faux\">\n        <span class=\"idee-label\">\u274c FALSO<\/span><br \/>\n        <span class=\"idee-statement\">\u00c9 uma profiss\u00e3o pouco qualificada, acess\u00edvel a todos sem forma\u00e7\u00e3o<\/span>\n    <\/div>\n<div class=\"idee-body\">\n        <pee>Essa ideia preconcebida \u00e9 particularmente persistente porque decorre de uma confus\u00e3o entre a acessibilidade do setor (\u00e9 verdade que alguns postos de ajuda a domic\u00edlio podem ser ocupados por n\u00e3o diplomados em um primeiro momento) e a qualifica\u00e7\u00e3o real do cerne da profiss\u00e3o.<\/pee>\n    <\/div>\n<\/div>\n<h3>Forma\u00e7\u00f5es exigentes e reconhecidas<\/h3>\n<pee>O DEAVS (Dipl\u00f4me d&#8217;\u00c9tat d&#8217;Auxiliaire de Vie Sociale), substitu\u00eddo desde 2023 pelo DEAES (Dipl\u00f4me d&#8217;\u00c9tat d&#8217;Accompagnant \u00c9ducatif et Social), \u00e9 uma forma\u00e7\u00e3o de n\u00edvel 3 (anteriormente n\u00edvel V) que compreende v\u00e1rias centenas de horas de ensino te\u00f3rico e est\u00e1gio. Ela abrange a gerontologia, as patologias neurodegenerativas, as t\u00e9cnicas de movimenta\u00e7\u00e3o, a comunica\u00e7\u00e3o com pessoas com defici\u00eancia, os direitos dos usu\u00e1rios e a coordena\u00e7\u00e3o interprofissional.<\/pee>\n<pee>O t\u00edtulo ADVF (Assistente de Vida \u00e0s Fam\u00edlias), por sua vez, tamb\u00e9m \u00e9 uma forma\u00e7\u00e3o profissional reconhecida pelo Estado, que compreende 315 horas de forma\u00e7\u00e3o e 21 semanas de est\u00e1gio. Esses dois percursos formam profissionais capazes de intervir em situa\u00e7\u00f5es complexas \u2014 pessoas com m\u00faltiplas defici\u00eancias, pacientes em fim de vida, pessoas com dist\u00farbios comportamentais severos.<\/pee>\n<div class=\"highlight-box\">\n<h4>\ud83d\udcda A forma\u00e7\u00e3o cont\u00ednua: um desafio permanente<\/h4>\n<pee>Al\u00e9m da forma\u00e7\u00e3o inicial, os auxiliares de vida t\u00eam acesso \u00e0 forma\u00e7\u00e3o cont\u00ednua. As forma\u00e7\u00f5es especializadas em estimula\u00e7\u00e3o cognitiva, em acompanhamento das dem\u00eancias, em comunica\u00e7\u00e3o n\u00e3o-violenta ou em gest\u00e3o dos dist\u00farbios do comportamento s\u00e3o particularmente valorizadas. DYNSEO prop\u00f5e, em particular, <a href=\"https:\/\/www.dynseo.com\/pt-pt\/os-nossos-cursos-de-formacao\/\" target=\"_blank\"><strong>forma\u00e7\u00f5es online especializadas<\/strong><\/a> para os profissionais que atuam junto \u00e0s pessoas idosas, com m\u00f3dulos sobre as doen\u00e7as neurodegenerativas e o acompanhamento dos familiares.<\/pee>\n<\/div>\n<h2>Ideia recebida n\u00b03: &#8220;O auxiliar de vida n\u00e3o pode fazer estimula\u00e7\u00e3o cognitiva, isso \u00e9 reservado aos fonoaudi\u00f3logos&#8221;<\/h2>\n<div class=\"idee-recue\">\n<div class=\"idee-header faux\">\n        <span class=\"idee-label\">\u274c FALSO (e VERDADEIRO em parte)<\/span><br \/>\n        <span class=\"idee-statement\">Apenas os profissionais param\u00e9dicos podem estimular cognitivamente<\/span>\n    <\/div>\n<div class=\"idee-body\">\n        <pee>Essa ideia recebida mistura duas realidades distintas: a reabilita\u00e7\u00e3o cognitiva (ato param\u00e9dico reservado aos neuropsic\u00f3logos e fonoaudi\u00f3logos) e a estimula\u00e7\u00e3o cognitiva (atividade de acompanhamento que qualquer profissional treinado pode propor no \u00e2mbito de seu papel).<\/pee>\n    <\/div>\n<\/div>\n<h3>Estimula\u00e7\u00e3o vs reabilita\u00e7\u00e3o: uma distin\u00e7\u00e3o fundamental<\/h3>\n<pee>A <strong>reabilita\u00e7\u00e3o cognitiva<\/strong> \u00e9 um ato param\u00e9dico que necessita de uma avalia\u00e7\u00e3o pr\u00e9via, objetivos terap\u00eauticos precisos e uma forma\u00e7\u00e3o especializada. Ela \u00e9 realizada por neuropsic\u00f3logos ou fonoaudi\u00f3logos, e pode ser objeto de uma prescri\u00e7\u00e3o m\u00e9dica e de um reembolso.<\/pee>\n<pee>A <strong>estimula\u00e7\u00e3o cognitiva<\/strong>, por outro lado, designa um conjunto de atividades destinadas a manter as capacidades cognitivas preservadas, enriquecer a vida cotidiana e favorecer o bem-estar. N\u00e3o \u00e9 um ato m\u00e9dico \u2014 e pode ser perfeitamente proposta por um auxiliar de vida treinado, no \u00e2mbito do projeto de acompanhamento da pessoa. Jogos de cartas, atividades de reminisc\u00eancia com fotos, quebra-cabe\u00e7as, can\u00e7\u00f5es, atividades criativas, leitura em voz alta \u2014 todas essas atividades pertencem \u00e0 estimula\u00e7\u00e3o cognitiva e podem ser organizadas e conduzidas pelo auxiliar de vida.<\/pee>\n<div class=\"method-card blue\">\n<div class=\"method-badge badge-blue\">\ud83e\udde9 A reminisc\u00eancia terap\u00eautica em casa<\/div>\n<h4>Uma ferramenta poderosa nas m\u00e3os do auxiliar<\/h4>\n<pee>A terapia de reminisc\u00eancia \u2014 revisitar intencionalmente as mem\u00f3rias autobiogr\u00e1ficas \u2014 \u00e9 a abordagem n\u00e3o medicamentosa cujas evid\u00eancias de efic\u00e1cia na doen\u00e7a de Alzheimer est\u00e3o entre as mais s\u00f3lidas. O auxiliar de vida, que conhece bem a pessoa e sua hist\u00f3ria de vida, \u00e9 frequentemente o profissional mais bem posicionado para conduzi-la: fotos de fam\u00edlia, m\u00fasicas da \u00e9poca, objetos familiares podem desencadear mem\u00f3rias preciosas e melhorar o humor, reduzir a agita\u00e7\u00e3o e manter o sentimento de identidade.<\/pee>\n<\/div>\n<div class=\"method-card teal\">\n<div class=\"method-badge badge-green\">\ud83d\udee0\ufe0f As ferramentas de acompanhamento para a coordena\u00e7\u00e3o<\/div>\n<h4>Rastrear e comunicar as atividades propostas<\/h4>\n<pee>Quando o auxiliar de vida prop\u00f5e atividades de estimula\u00e7\u00e3o, sua rastreabilidade e coordena\u00e7\u00e3o com a equipe de cuidados s\u00e3o essenciais. A <a href=\"https:\/\/www.dynseo.com\/nos-outils\/fiche-suivi-seance\/\" target=\"_blank\"><strong>ficha de acompanhamento de sess\u00e3o<\/strong><\/a> DYNSEO permite registrar simplesmente as atividades realizadas, o n\u00edvel de engajamento da pessoa e as observa\u00e7\u00f5es pertinentes. O <a href=\"https:\/\/www.dynseo.com\/pt-pt\/brochura-de-ligacao\/\" target=\"_blank\"><strong>caderno de liga\u00e7\u00e3o fonoaudi\u00f3logo-fam\u00edlia<\/strong><\/a> facilita a transmiss\u00e3o de informa\u00e7\u00f5es entre os diferentes intervenientes.<\/pee>\n<\/div>\n<h3>Como integrar a estimula\u00e7\u00e3o cognitiva nas visitas domiciliares<\/h3>\n<pee>A integra\u00e7\u00e3o da estimula\u00e7\u00e3o cognitiva nas visitas n\u00e3o requer tempo adicional espec\u00edfico \u2014 ela pode se inscrever naturalmente nas atividades j\u00e1 realizadas. Durante a prepara\u00e7\u00e3o da refei\u00e7\u00e3o, o auxiliar pode convidar a pessoa a nomear os ingredientes, a se lembrar de receitas familiares, a escolher os temperos. Durante o tempo de vestir, ela pode encorajar a pessoa a escolher suas roupas e a vesti-las na ordem correta (com a ajuda necess\u00e1ria, mas n\u00e3o mais do que isso). Essas microatividades estimulantes, repetidas diariamente, t\u00eam um impacto real na manuten\u00e7\u00e3o das fun\u00e7\u00f5es cognitivas.<\/pee>\n<pee>Para os auxiliares que desejam ir al\u00e9m, os aplicativos <a href=\"https:\/\/www.dynseo.com\/pt-pt\/o-programa-dos-treinadores\/carmen\/\" target=\"_blank\"><strong>CARMEN<\/strong><\/a> (para os idosos e as pessoas com Alzheimer ou Parkinson) e <a href=\"https:\/\/www.dynseo.com\/pt-pt\/o-programa-dos-treinadores\/fernando-o-seu-treinador-de-cerebro\/\" target=\"_blank\"><strong>FERNANDO<\/strong><\/a> (para adultos, especialmente p\u00f3s-AVC ou em sa\u00fade mental) oferecem atividades cognitivas progressivas diretamente utiliz\u00e1veis em casa, com perfis personaliz\u00e1veis e um acompanhamento integrado.<\/pee>\n<h2>Ideia recebida n\u00b04: &#8220;\u00c9 uma profiss\u00e3o de mulheres, pouco valorizada socialmente&#8221;<\/h2>\n<div class=\"idee-recue\">\n<div class=\"idee-header faux\">\n        <span class=\"idee-label\">\u274c FALSO (mas realidade a mudar)<\/span><br \/>\n        <span class=\"idee-statement\">\u00c9 um setor feminino por natureza, sem perspectiva de carreira<\/span>\n    <\/div>\n<div class=\"idee-body\">\n        <pee>\u00c9 verdade que o setor de ajuda domiciliar \u00e9 hoje majoritariamente feminino (mais de 90% dos profissionais s\u00e3o mulheres). \u00c9 falso que essa realidade seja uma fatalidade, e ainda mais falso que seja uma raz\u00e3o para desvaloriz\u00e1-la.<\/pee>\n    <\/div>\n<\/div>\n<h3>Um setor em profunda transforma\u00e7\u00e3o<\/h3>\n<pee>O movimento de profissionaliza\u00e7\u00e3o e revaloriza\u00e7\u00e3o do setor est\u00e1 em curso h\u00e1 v\u00e1rios anos. O acordo da categoria de ajuda domiciliar, os reajustes salariais sucessivos e o aumento da forma\u00e7\u00e3o cont\u00ednua transformam gradualmente as condi\u00e7\u00f5es de exerc\u00edcio. Homens est\u00e3o se juntando cada vez mais \u00e0 profiss\u00e3o, especialmente em postos especializados (acompanhamento de pessoas com defici\u00eancia, cuidados de enfermagem).<\/pee>\n<pee>As perspectivas de carreira existem e se desenvolvem: respons\u00e1vel de setor, coordenador de servi\u00e7o, formador, respons\u00e1vel pela qualidade, diretor de ag\u00eancia, avaliador das necessidades domiciliares. A valida\u00e7\u00e3o das aquisi\u00e7\u00f5es da experi\u00eancia (VAE) permite que auxiliares experientes fa\u00e7am reconhecer formalmente sua expertise e evoluam para cargos de responsabilidade.<\/pee>\n<div class=\"comparison-table\">\n<thead>\n<tr>\n<th>N\u00edvel de entrada<\/th>\n<th>Posto poss\u00edvel<\/th>\n<th>Forma\u00e7\u00e3o<\/th>\n<\/tr>\n<\/thead>\n<tbody>\n<tr>\n<td>Sem diploma<\/td>\n<td>Ajudante de lar n\u00edvel 1<\/td>\n<td>Forma\u00e7\u00e3o interna + VAE<\/td>\n<\/tr>\n<tr>\n<td>ADVF \/ DEAVS<\/td>\n<td>Auxiliar de vida diplomada<\/td>\n<td>315h + est\u00e1gios<\/td>\n<\/tr>\n<tr>\n<td>DEAES<\/td>\n<td>Acompanhante educativo e social<\/td>\n<td>Forma\u00e7\u00e3o de Estado n\u00edvel 3<\/td>\n<\/tr>\n<tr>\n<td>BTS \/ Licen\u00e7a<\/td>\n<td>Coordenador \/ respons\u00e1vel de setor<\/td>\n<td>Forma\u00e7\u00e3o superior<\/td>\n<\/tr>\n<tr>\n<td>Experi\u00eancia + forma\u00e7\u00e3o<\/td>\n<td>Formador \/ referencial t\u00e9cnico<\/td>\n<td>VAE + forma\u00e7\u00e3o pedag\u00f3gica<\/td>\n<\/tr>\n<\/tbody>\n<\/div>\n<h2>Ideia recebida n\u00b05 : &#8220;O auxiliar de vida n\u00e3o lida apenas com o f\u00edsico, mas tamb\u00e9m com o emocional&#8221;<\/h2>\n<div class=\"idee-recue\">\n<div class=\"idee-header faux\">\n        <span class=\"idee-label\">\u274c FALSO<\/span><br \/>\n        <span class=\"idee-statement\">O lado emocional n\u00e3o faz parte do trabalho de um auxiliar de vida<\/span>\n    <\/div>\n<div class=\"idee-body\">\n        <pee>\u00c9 uma das ideias recebidas mais distantes da realidade do campo. O acompanhamento emocional est\u00e1 no cerne da profiss\u00e3o \u2014 e muitas vezes \u00e9 a dimens\u00e3o mais exigente.<\/pee>\n    <\/div>\n<\/div>\n<h3>O &#8220;trabalho emocional&#8221; : um componente maior e desconhecido<\/h3>\n<pee>A soci\u00f3loga americana Arlie Hochschild criou o conceito de &#8220;trabalho emocional&#8221; para designar o esfor\u00e7o de gest\u00e3o das emo\u00e7\u00f5es exigido por certas profiss\u00f5es de servi\u00e7o. Os auxiliares de vida est\u00e3o na linha de frente dessas profiss\u00f5es: eles devem manter uma presen\u00e7a benevolente e tranquilizadora mesmo diante de comportamentos dif\u00edceis (agita\u00e7\u00e3o, agressividade, recusa de cuidados), acompanhar pessoas em fim de vida com serenidade e conter sua pr\u00f3pria dor diante das perdas sucessivas de benefici\u00e1rios falecidos.<\/pee>\n<pee>Essa dimens\u00e3o emocional \u00e9 ainda mais complexa porque se insere em uma rela\u00e7\u00e3o muito \u00edntima \u2014 entrar no espa\u00e7o dom\u00e9stico, tocar o corpo de outra pessoa, ser testemunha de sua vulnerabilidade mais profunda \u2014 enquanto mant\u00e9m a dist\u00e2ncia profissional adequada. Nem muito pr\u00f3ximo (risco de fus\u00e3o que compromete o julgamento profissional) nem muito distante (risco de desumaniza\u00e7\u00e3o que n\u00e3o serve \u00e0 pessoa acompanhada).<\/pee>\n<div class=\"method-card rose\">\n<div class=\"method-badge badge-rose\">\u2764\ufe0f Identificar e nomear as emo\u00e7\u00f5es<\/div>\n<h4>Uma ferramenta preciosa : o term\u00f4metro das emo\u00e7\u00f5es<\/h4>\n<pee>Para as pessoas que apresentam dificuldades de comunica\u00e7\u00e3o emocional \u2014 o que \u00e9 comum em dem\u00eancias, afasia ou certos dist\u00farbios psiqui\u00e1tricos \u2014 o <a href=\"https:\/\/www.dynseo.com\/pt-pt\/as-nossas-ferramentas\/termometro-das-emocoes\/\" target=\"_blank\"><strong>Term\u00f4metro das emo\u00e7\u00f5es DYNSEO<\/strong><\/a> \u00e9 uma ferramenta de comunica\u00e7\u00e3o visual que ajuda a pessoa a expressar seu estado emocional do momento. O auxiliar de vida pode utiliz\u00e1-lo no in\u00edcio de cada visita para avaliar o humor da pessoa e adaptar sua abordagem em consequ\u00eancia.<\/pee>\n<\/div>\n<h3>Quando as emo\u00e7\u00f5es se tornam dif\u00edceis de gerenciar<\/h3>\n<pee>Os dist\u00farbios de comportamento relacionados \u00e0s doen\u00e7as neurodegenerativas (agita\u00e7\u00e3o, agressividade, err\u00e2ncia, recusa de cuidados) est\u00e3o entre as situa\u00e7\u00f5es mais complexas de gerenciar para os auxiliares. Compreender que esses comportamentos n\u00e3o s\u00e3o dirigidos contra eles pessoalmente, mas s\u00e3o a express\u00e3o de um sofrimento n\u00e3o verbalizado ou de uma les\u00e3o cerebral, requer uma forma\u00e7\u00e3o espec\u00edfica.<\/pee>\n<pee>DYNSEO oferece uma <a href=\"https:\/\/www.dynseo.com\/pt-pt\/courses\/transtornos-de-comportamento-relacionados-a-doenca-metodos-e-coordenacao-multidisciplinar-pt-pt\/\" target=\"_blank\"><strong>forma\u00e7\u00e3o profissional sobre os dist\u00farbios de comportamento relacionados \u00e0 doen\u00e7a<\/strong><\/a> que fornece aos profissionais os m\u00e9todos concretos para analisar, compreender e responder a essas situa\u00e7\u00f5es. Uma vers\u00e3o espec\u00edfica est\u00e1 dispon\u00edvel para as <a href=\"https:\/\/www.dynseo.com\/pt-pt\/courses\/mudancas-comportamento-doenca-familia-formacao\/\" target=\"_blank\"><strong>fam\u00edlias e cuidadores pr\u00f3ximos<\/strong><\/a>.<\/pee>\n<h2>Ideia recebida n\u00b06 : &#8220;Trabalhar de forma aut\u00f4noma \u00e9 agrad\u00e1vel \u2014 sem chefe, sem press\u00e3o&#8221;<\/h2>\n<div class=\"idee-recue\">\n<div class=\"idee-header faux\">\n        <span class=\"idee-label\">\u274c FALSO<\/span><br \/>\n        <span class=\"idee-statement\">Trabalhar sozinho na casa das pessoas \u00e9 uma grande liberdade sem press\u00e3o<\/span>\n    <\/div>\n<div class=\"idee-body\">\n        <pee>O isolamento profissional do auxiliar de vida \u00e9 uma das problem\u00e1ticas mais s\u00e9rias do setor \u2014 e uma das principais causas de burnout e turnover.<\/pee>\n    <\/div>\n<\/div>\n<h3>O isolamento profissional: um fator de risco maior<\/h3>\n<pee>Trabalhar sozinha na casa de uma pessoa vulner\u00e1vel, sem colega para conversar, sem valida\u00e7\u00e3o imediata de suas decis\u00f5es, sem apoio em situa\u00e7\u00f5es dif\u00edceis \u2014 \u00e9 uma realidade cotidiana para muitos auxiliares de vida. As estruturas de ajuda domiciliar mais profissionais implementaram reuni\u00f5es de equipe regulares, tempos de supervis\u00e3o e linhas telef\u00f4nicas de plant\u00e3o para reduzir esse isolamento. Mas esses dispositivos est\u00e3o longe de ser universais.<\/pee>\n<pee>O isolamento tem consequ\u00eancias diretas na qualidade do acompanhamento: um auxiliar de vida que n\u00e3o pode falar com um colega ou com seu respons\u00e1vel sobre uma situa\u00e7\u00e3o preocupante (quedas repetidas, mudan\u00e7a de comportamento suspeita, ang\u00fastia emocional da pessoa) est\u00e1 menos capacitado para alertar e coordenar uma resposta adequada.<\/pee>\n<div class=\"tip-box\">\n<h4>\ud83d\udca1 A coordena\u00e7\u00e3o: um imperativo profissional<\/h4>\n<pee>A coordena\u00e7\u00e3o entre o auxiliar de vida e os outros profissionais (m\u00e9dico respons\u00e1vel, enfermeira, fisioterapeuta, fonoaudi\u00f3logo) \u00e9 um aspecto fundamental da profiss\u00e3o. A <a href=\"https:\/\/www.dynseo.com\/nos-outils\/fiche-suivi-seance\/\" target=\"_blank\"><strong>ficha de acompanhamento de sess\u00e3o<\/strong><\/a> e o <a href=\"https:\/\/www.dynseo.com\/pt-pt\/brochura-de-ligacao\/\" target=\"_blank\"><strong>caderno de comunica\u00e7\u00e3o<\/strong><\/a> DYNSEO facilitam essa transmiss\u00e3o de informa\u00e7\u00f5es essencial. Um <a href=\"https:\/\/www.dynseo.com\/nos-outils\/tableau-suivi-competences\/\" target=\"_blank\"><strong>quadro de acompanhamento das compet\u00eancias<\/strong><\/a> permite documentar a evolu\u00e7\u00e3o das capacidades funcionais da pessoa ao longo do tempo.<\/pee>\n<\/div>\n<h2>Ideia recebida n\u00b07: &#8220;\u00c9 uma profiss\u00e3o de \u00faltimo recurso, para quem n\u00e3o encontrou outra coisa&#8221;<\/h2>\n<div class=\"idee-recue\">\n<div class=\"idee-header faux\">\n        <span class=\"idee-label\">\u274c FALSO<\/span><br \/>\n        <span class=\"idee-statement\">Torna-se auxiliar de vida por falta de ter encontrado algo melhor<\/span>\n    <\/div>\n<div class=\"idee-body\">\n        <pee>Essa ideia recebida \u00e9 particularmente dolorosa para os profissionais que escolheram essa profiss\u00e3o por voca\u00e7\u00e3o. E eles s\u00e3o muitos.<\/pee>\n    <\/div>\n<\/div>\n<h3>A escolha profissional: uma realidade multifacetada<\/h3>\n<pee>Os estudos sobre as motiva\u00e7\u00f5es para entrar na profiss\u00e3o revelam perfis muito diversos. Alguns profissionais v\u00eam efetivamente de uma reconvers\u00e3o for\u00e7ada (desemprego, fechamento de f\u00e1brica), mas muitos escolheram essa profiss\u00e3o deliberadamente: ap\u00f3s ter acompanhado um ente querido doente, ap\u00f3s uma experi\u00eancia de voluntariado, por convic\u00e7\u00e3o de que o cuidado e o acompanhamento humano s\u00e3o atos fundamentais. Essas motiva\u00e7\u00f5es profundas est\u00e3o associadas a um compromisso profissional mais forte e a uma melhor qualidade de acompanhamento.<\/pee>\n<p><quote class=\"quote-box\">\n    <pee>Eu poderia ter feito outra coisa \u2014 eu tenho meu diploma. Mas escolhi essa profiss\u00e3o porque acompanhei minha av\u00f3 durante sua doen\u00e7a de Alzheimer e vi o que o apoio domiciliar pode mudar. \u00c9 o trabalho mais humano que conhe\u00e7o.<\/pee>\n<div class=\"author\">\u2014 Auxiliar de vida, 8 anos de experi\u00eancia<\/div>\n<p><\/quote><\/p>\n<h2>Ideia recebida n\u00b08: &#8220;O auxiliar de vida n\u00e3o precisa conhecer as doen\u00e7as de seus benefici\u00e1rios&#8221;<\/h2>\n<div class=\"idee-recue\">\n<div class=\"idee-header faux\">\n        <span class=\"idee-label\">\u274c FALSO<\/span><br \/>\n        <span class=\"idee-statement\">Basta ser gentil e prestativo, n\u00e3o precisa saber o que a pessoa tem<\/span>\n    <\/div>\n<div class=\"idee-body\">\n        <pee>Ser benevolente \u00e9 necess\u00e1rio \u2014 mas n\u00e3o suficiente. A efic\u00e1cia profissional e a seguran\u00e7a da pessoa acompanhada dependem diretamente do conhecimento que o auxiliar tem de sua patologia.<\/pee>\n    <\/div>\n<\/div>\n<h3>Conhecer as patologias para adaptar as pr\u00e1ticas<\/h3>\n<pee>Acompanhar uma pessoa com doen\u00e7a de Alzheimer n\u00e3o se improvisa. Compreender que a desorienta\u00e7\u00e3o temporal \u00e9 um sintoma e n\u00e3o m\u00e1 vontade, saber que a mem\u00f3ria procedural (como fazer as coisas) \u00e9 preservada por mais tempo do que a mem\u00f3ria epis\u00f3dica (o que aconteceu), conhecer o fen\u00f4meno do sundowning (agita\u00e7\u00e3o no final do dia), adaptar sua comunica\u00e7\u00e3o para evitar confrontos desnecess\u00e1rios \u2014 tudo isso requer um conhecimento preciso da doen\u00e7a.<\/pee>\n<pee>Da mesma forma, acompanhar uma pessoa com Parkinson implica entender os bloqueios motores (freezing), os efeitos dos medicamentos (janelas terap\u00eauticas ON\/OFF), os riscos de queda relacionados \u00e0 rigidez e \u00e0 instabilidade postural, e os dist\u00farbios cognitivos que frequentemente acompanham a doen\u00e7a em est\u00e1gios avan\u00e7ados. O aplicativo <a href=\"https:\/\/www.dynseo.com\/pt-pt\/o-programa-dos-treinadores\/carmen\/\" target=\"_blank\"><strong>CARMEN<\/strong><\/a> integra atividades especificamente adaptadas ao perfil cognitivo das pessoas com Parkinson.<\/pee>\n<div class=\"checklist\">\n<h4>\u2714 O que o auxiliar de vida deve conhecer sobre as principais patologias<\/h4>\n<ul>\n<li><strong>Alzheimer:<\/strong> est\u00e1gios, sintomas, abordagens de comunica\u00e7\u00e3o, reminisc\u00eancia, gest\u00e3o da err\u00e2ncia e da agita\u00e7\u00e3o<\/li>\n<li><strong>Parkinson:<\/strong> tremores, rigidez, bloqueios motores, efeitos dos medicamentos, riscos de queda, dist\u00farbios cognitivos<\/li>\n<li><strong>AVC:<\/strong> sequelas conforme a localiza\u00e7\u00e3o, afasia, hemiparesia, neglig\u00eancia espacial, depress\u00e3o p\u00f3s-AVC<\/li>\n<li><strongEsclerose m\u00faltipla:<\/strong> fadiga neurol\u00f3gica, sensibilidade ao calor, surtos, variabilidade das capacidades<\/li>\n<li><strong>Depress\u00e3o em idosos:<\/strong> sintomas at\u00edpicos, risco suicida, distin\u00e7\u00e3o com o in\u00edcio da dem\u00eancia<\/li>\n<li><strong>Dist\u00farbios de comportamento:<\/strong> identificar os gatilhos, t\u00e9cnicas de desescalada, quando alertar<\/li>\n<\/ul>\n<\/div>\n<h2>Ideia recebida n\u00b09: &#8220;O burn-out \u00e9 para enfermeiras \u2014 o auxiliar de vida, isso afeta menos&#8221;<\/h2>\n<div class=\"idee-recue\">\n<div class=\"idee-header faux\">\n        <span class=\"idee-label\">\u274c FALSO<\/span><br \/>\n        <span class=\"idee-statement\">O burn-out \u00e9 reservado aos cuidadores hospitalares<\/span>\n    <\/div>\n<div class=\"idee-body\">\n        <pee>Os estudos dispon\u00edveis mostram que a taxa de esgotamento profissional na assist\u00eancia domiciliar \u00e9 significativamente superior \u00e0 m\u00e9dia nacional \u2014 e compar\u00e1vel, ou at\u00e9 superior, \u00e0 dos cuidadores hospitalares.<\/pee>\n    <\/div>\n<\/div>\n<h3>Os fatores de burn-out espec\u00edficos da assist\u00eancia domiciliar<\/h3>\n<pee>A assist\u00eancia domiciliar acumula v\u00e1rios fatores de risco de esgotamento profissional que s\u00e3o pr\u00f3prios dela. A <strong>carga emocional<\/strong> \u00e9 intensa e cont\u00ednua \u2014 ser testemunha do sofrimento, da morte, dos conflitos familiares. O <strong>isolamento profissional<\/strong> priva da regula\u00e7\u00e3o emocional natural que ocorre entre colegas em uma estrutura coletiva. A <strong>sucess\u00e3o de perdas<\/strong> (falecimentos de benefici\u00e1rios acompanhados por anos) raramente \u00e9 acompanhada por dispositivos de apoio formais. As <strong>condi\u00e7\u00f5es f\u00edsicas<\/strong> (manuseio de pessoas, trajetos m\u00faltiplos, amplitude hor\u00e1ria) geram uma fadiga f\u00edsica consider\u00e1vel.<\/pee>\n<pee>As estruturas mais exemplares implementaram espa\u00e7os de fala (an\u00e1lise das pr\u00e1ticas), forma\u00e7\u00f5es sobre gest\u00e3o do estresse e do luto profissional, e dispositivos de supervis\u00e3o. O <a href=\"https:\/\/www.dynseo.com\/pt-pt\/as-nossas-ferramentas\/termometro-das-emocoes\/\" target=\"_blank\"><strong>Term\u00f4metro das emo\u00e7\u00f5es<\/strong><\/a> pode, ali\u00e1s, ser utilizado nesses espa\u00e7os de fala para ajudar os profissionais a identificar e nomear seu pr\u00f3prio estado emocional \u2014 n\u00e3o apenas o de seus benefici\u00e1rios.<\/pee>\n<h3>Preven\u00e7\u00e3o e apoio: pistas concretas<\/h3>\n<div class=\"method-card yellow\">\n<div class=\"method-badge badge-yellow\">\ud83c\udf31 Prevenir o burn-out<\/div>\n<h4>Alavancas individuais e organizacionais<\/h4>\n<pee>A preven\u00e7\u00e3o do burn-out na assist\u00eancia domiciliar requer uma a\u00e7\u00e3o em dois n\u00edveis. No n\u00edvel individual: reconhecer os sinais de esgotamento, desenvolver rotinas de desconex\u00e3o entre as visitas, manter uma vida social e atividades extraprofissionais, n\u00e3o hesitar em alertar seu respons\u00e1vel quando uma situa\u00e7\u00e3o se torna muito pesada para carregar sozinho. No n\u00edvel organizacional: reuni\u00f5es de equipe regulares, supervis\u00e3o dispon\u00edvel, forma\u00e7\u00e3o cont\u00ednua, valoriza\u00e7\u00e3o do trabalho realizado e limita\u00e7\u00e3o das amplitudes hor\u00e1rias excessivas.<\/pee>\n<\/div>\n<h2>Ideia recebida n\u00b010: &#8220;O auxiliar de vida n\u00e3o tem voz no projeto de cuidado&#8221;<\/h2>\n<div class=\"idee-recue\">\n<div class=\"idee-header faux\">\n        <span class=\"idee-label\">\u274c FALSO<\/span><br \/>\n        <span class=\"idee-statement\">O auxiliar executa as decis\u00f5es dos profissionais de sa\u00fade sem participar<\/span>\n    <\/div>\n<div class=\"idee-body\">\n        <pee>O auxiliar de vida \u00e9 frequentemente o profissional que melhor conhece a pessoa em seu cotidiano \u2014 seus h\u00e1bitos, suas prefer\u00eancias, seus medos, seus recursos. Esse conhecimento \u00edntimo \u00e9 insubstitu\u00edvel e deve alimentar o projeto de acompanhamento.<\/pee>\n    <\/div>\n<\/div>\n<h3>A posi\u00e7\u00e3o do auxiliar na equipe multidisciplinar<\/h3>\n<pee>Nos servi\u00e7os de ajuda domiciliar bem organizados, o auxiliar de vida \u00e9 um membro de pleno direito da equipe multidisciplinar. Ele participa (ou pelo menos suas observa\u00e7\u00f5es s\u00e3o levadas em conta) das reuni\u00f5es de s\u00edntese, das revis\u00f5es dos projetos de vida individualizados e das transmiss\u00f5es com os outros intervenientes. Suas observa\u00e7\u00f5es \u2014 o primeiro a ver uma queda, uma mudan\u00e7a de comportamento, uma perda de peso \u2014 podem desencadear interven\u00e7\u00f5es m\u00e9dicas cruciais.<\/pee>\n<pee>A <a href=\"https:\/\/www.dynseo.com\/pt-pt\/as-nossas-ferramentas\/roda-de-escolha-ferramentas-de-formacao-dynseo\/\" target=\"_blank\"><strong>Roda de escolhas DYNSEO<\/strong><\/a> \u00e9 uma ferramenta de comunica\u00e7\u00e3o que permite \u00e0 pessoa acompanhada participar ativamente das decis\u00f5es que a concernem \u2014 o que vamos comer? que atividade faremos hoje? com quem queremos falar? Us\u00e1-la regularmente permite ao auxiliar alimentar o projeto de acompanhamento com as prefer\u00eancias reais da pessoa, em vez de suposi\u00e7\u00f5es.<\/pee>\n<h2>Ideia recebida n\u00b011: &#8220;Com os aplicativos digitais, o auxiliar de vida vai se tornar obsoleto&#8221;<\/h2>\n<div class=\"idee-recue\">\n<div class=\"idee-header faux\">\n        <span class=\"idee-label\">\u274c FALSO<\/span><br \/>\n        <span class=\"idee-statement\">A tecnologia vai substituir os auxiliares de vida<\/span>\n    <\/div>\n<div class=\"idee-body\">\n        <pee>Essa ideia recebida \u00e9 ao mesmo tempo um medo leg\u00edtimo e um erro de an\u00e1lise. A tecnologia n\u00e3o substitui a rela\u00e7\u00e3o humana \u2014 ela a apoia e a enriquece.<\/pee>\n    <\/div>\n<\/div>\n<h3>A tecnologia como ferramenta, n\u00e3o como substituto<\/h3>\n<pee>Os aplicativos de estimula\u00e7\u00e3o cognitiva como <a href=\"https:\/\/www.dynseo.com\/pt-pt\/o-programa-dos-treinadores\/carmen\/\" target=\"_blank\"><strong>CARMEN<\/strong><\/a> para os idosos, <a href=\"https:\/\/www.dynseo.com\/pt-pt\/o-programa-dos-treinadores\/fernando-o-seu-treinador-de-cerebro\/\" target=\"_blank\"><strong>FERNANDO<\/strong><\/a> para os adultos, ou <a href=\"https:\/\/www.dynseo.com\/mon-dico-une-application-pour-favoriser-la-communication\/\" target=\"_blank\"><strong>MEU DICION\u00c1RIO<\/strong><\/a> para as pessoas com dist\u00farbios de linguagem ou autismo n\u00e3o substituem o auxiliar de vida. Eles fornecem ferramentas adicionais para enriquecer suas visitas, diversificar as atividades propostas e apoiar fun\u00e7\u00f5es (comunica\u00e7\u00e3o, mem\u00f3ria, autonomia) que se beneficiam de uma estimula\u00e7\u00e3o di\u00e1ria.<\/pee>\n<pee>A intelig\u00eancia artificial atrav\u00e9s do <a href=\"https:\/\/www.dynseo.com\/pt-pt\/treinador-ia\/\" target=\"_blank\"><strong>Coach IA DYNSEO<\/strong><\/a> pode at\u00e9 acompanhar os profissionais em sua pr\u00e1tica \u2014 sugerir atividades adequadas, ajudar a redigir observa\u00e7\u00f5es, orientar para os recursos pertinentes. Mas n\u00e3o pode substituir a presen\u00e7a calorosa, o olhar emp\u00e1tico e o toque acolhedor que definem o cora\u00e7\u00e3o da profiss\u00e3o de auxiliar de vida.<\/pee>\n<div class=\"app-card\">\n<h4>\ud83d\udcf1 A su\u00edte de aplicativos DYNSEO para profissionais em domic\u00edlio<\/h4>\n<pee>DYNSEO desenvolveu uma gama de aplicativos adaptados a cada perfil :<!\u2013- [et_pb_br_holder] -\u2013><br \/>\n    \u2022 <a href=\"https:\/\/www.dynseo.com\/pt-pt\/o-programa-dos-treinadores\/carmen\/\" target=\"_blank\"><strong>CARMEN<\/strong><\/a> \u2014 idosos, Alzheimer, Parkinson: interface simplificada, atividades de mem\u00f3ria e estimula\u00e7\u00e3o<!\u2013- [et_pb_br_holder] -\u2013><br \/>\n    \u2022 <a href=\"https:\/\/www.dynseo.com\/pt-pt\/o-programa-dos-treinadores\/fernando-o-seu-treinador-de-cerebro\/\" target=\"_blank\"><strong>FERNANDO<\/strong><\/a> \u2014 adultos, p\u00f3s-AVC, sa\u00fade mental: estimula\u00e7\u00e3o cognitiva progressiva<!\u2013- [et_pb_br_holder] -\u2013><br \/>\n    \u2022 <a href=\"https:\/\/www.dynseo.com\/jeux-de-memoire\/coco-jeux-enfants\/\" target=\"_blank\"><strong>COCO<\/strong><\/a> \u2014 crian\u00e7as de 5 a 10 anos: aprendizagem e desenvolvimento cognitivo<!\u2013- [et_pb_br_holder] -\u2013><br \/>\n    \u2022 <a href=\"https:\/\/www.dynseo.com\/mon-dico-une-application-pour-favoriser-la-communication\/\" target=\"_blank\"><strong>MEU DICION\u00c1RIO<\/strong><\/a> \u2014 autismo, afasia, comunica\u00e7\u00e3o alternativa aumentativa<\/pee>\n    <a href=\"https:\/\/www.dynseo.com\/pt-pt\/as-nossas-ferramentas\/\" target=\"_blank\" class=\"cta-button\">Descobrir todas as ferramentas DYNSEO \u2192<\/a>\n<\/div>\n<h2>Ideia recebida n\u00b012: &#8220;As fam\u00edlias s\u00e3o parceiras f\u00e1ceis \u2014 elas sabem o que querem&#8221;<\/h2>\n<div class=\"idee-recue\">\n<div class=\"idee-header faux\">\n        <span class=\"idee-label\">\u274c FALSO (a realidade \u00e9 mais complexa)<\/span><br \/>\n        <span class=\"idee-statement\">Trabalhar com as fam\u00edlias \u00e9 simples e natural<\/span>\n    <\/div>\n<div class=\"idee-body\">\n        <pee>A rela\u00e7\u00e3o com as fam\u00edlias \u00e9 uma das dimens\u00f5es mais delicadas da profiss\u00e3o. As fam\u00edlias muitas vezes vivem uma situa\u00e7\u00e3o de crise, de luto antecipat\u00f3rio, \u00e0s vezes de conflitos internos sobre a gest\u00e3o da situa\u00e7\u00e3o de seu ente querido \u2014 e o auxiliar de vida se encontra no cruzamento de todas essas tens\u00f5es.<\/pee>\n    <\/div>\n<\/div>\n<h3>A fam\u00edlia como sistema: uma abordagem sist\u00eamica<\/h3>\n<pee>Por tr\u00e1s de cada benefici\u00e1rio, h\u00e1 uma fam\u00edlia que reage de maneira diferente \u00e0 situa\u00e7\u00e3o: a crian\u00e7a que nega a gravidade da doen\u00e7a, aquela que se culpa por n\u00e3o cuidar pessoalmente de seu pai ou m\u00e3e, a companheira exausta que n\u00e3o pode admitir que n\u00e3o consegue mais, as tens\u00f5es entre irm\u00e3os sobre as decis\u00f5es a serem tomadas. O auxiliar de vida atravessa essas din\u00e2micas familiares complexas todos os dias \u2014 sem ter sido treinado para se tornar terapeuta familiar, mas com a obriga\u00e7\u00e3o de encontrar a postura certa.<\/pee>\n<pee>A forma\u00e7\u00e3o em t\u00e9cnicas de comunica\u00e7\u00e3o gentil, na resolu\u00e7\u00e3o de conflitos e na gest\u00e3o das emo\u00e7\u00f5es dos entes queridos \u00e9 um grande trunfo. As ferramentas DYNSEO como o <a href=\"https:\/\/www.dynseo.com\/pt-pt\/as-nossas-ferramentas\/termometro-das-emocoes\/\" target=\"_blank\"><strong>Term\u00f4metro das emo\u00e7\u00f5es<\/strong><\/a> podem facilitar as discuss\u00f5es com as fam\u00edlias, oferecendo um suporte concreto e n\u00e3o amea\u00e7ador para falar sobre o estado emocional de seu ente querido.<\/pee>\n<h2>O que a profiss\u00e3o de auxiliar de vida realmente traz<\/h2>\n<pee>Al\u00e9m das ideias preconcebidas, a profiss\u00e3o de auxiliar de vida \u00e9 portadora de uma riqueza humana rara. Estar com algu\u00e9m em seus momentos mais vulner\u00e1veis \u2014 e contribuir para preservar sua dignidade, sua autonomia e sua alegria de viver \u2014 \u00e9 uma experi\u00eancia humana de uma intensidade que poucas profiss\u00f5es oferecem.<\/pee>\n<pee>Os profissionais que permanecem na profiss\u00e3o a longo prazo raramente o fazem apenas por raz\u00f5es financeiras. Eles ficam porque sabem que sua presen\u00e7a faz uma diferen\u00e7a real na vida de pessoas que precisam profundamente. Eles ficam porque desenvolveram habilidades raras \u2014 a empatia pr\u00e1tica, a paci\u00eancia, a criatividade no acompanhamento, a solidez diante do sofrimento \u2014 que n\u00e3o se encontra em nenhuma outra profiss\u00e3o.<\/pee>\n<div class=\"highlight-box\">\n<h4>\ud83d\udd0d Avaliar para melhor acompanhar<\/h4>\n<pee>Os <a href=\"https:\/\/www.dynseo.com\/pt-pt\/os-nossos-testes\/\" target=\"_blank\"><strong>testes cognitivos DYNSEO<\/strong><\/a> podem ser \u00fateis no contexto da ajuda domiciliar \u2014 n\u00e3o para fazer diagn\u00f3sticos, mas para objetivar certas observa\u00e7\u00f5es e comunic\u00e1-las \u00e0 equipe de cuidados. O <a href=\"https:\/\/www.dynseo.com\/pt-pt\/teste-de-memoria\/\" target=\"_blank\"><strong>teste de mem\u00f3ria<\/strong><\/a> ou o <a href=\"https:\/\/www.dynseo.com\/test-concentra\u00e7\u00e3o-attention\/\" target=\"_blank\"><strong>teste de concentra\u00e7\u00e3o<\/strong><\/a> podem revelar mudan\u00e7as que merecem aten\u00e7\u00e3o m\u00e9dica.<\/pee>\n<\/div>\n<div class=\"conclusion\">\n<h2>Conclus\u00e3o: uma profiss\u00e3o essencial que merece ser conhecida<\/h2>\n<pee>As ideias preconcebidas sobre a profiss\u00e3o de auxiliar de vida s\u00e3o numerosas, persistentes e muitas vezes injustas. Elas reduzem a uma caricatura um trabalho profissional complexo, exigente e fundamentalmente humano. Quebrar essas representa\u00e7\u00f5es \u00e9 essencial \u2014 para atrair e reter as voca\u00e7\u00f5es das quais nossa sociedade envelhecida precisa desesperadamente, para que as fam\u00edlias que recorrem a esses profissionais tenham expectativas realistas e respeitosas, e para que os benefici\u00e1rios recebam o acompanhamento de qualidade que merecem.<\/pee>\n    <pee>O auxiliar de vida \u00e9 um profissional qualificado, engajado, no cruzamento da rela\u00e7\u00e3o humana e do cuidado. Ele merece reconhecimento, forma\u00e7\u00e3o cont\u00ednua e ferramentas adequadas ao seu papel complexo. A DYNSEO se compromete a fornecer essas ferramentas \u2014 aplicativos, testes cognitivos, forma\u00e7\u00f5es \u2014 para que cada profissional domiciliar possa exercer com toda a compet\u00eancia e confian\u00e7a que sua profiss\u00e3o requer.<\/pee>\n    <a href=\"https:\/\/www.dynseo.com\/pt-pt\/as-nossas-ferramentas\/\" target=\"_blank\" class=\"cta-button\">Descobrir as ferramentas DYNSEO para os profissionais \u2192<\/a>\n<\/div>\n<h2>FAQ<\/h2>\n<div class=\"faq-item\">\n<h4>O auxiliar de vida pode praticar atividades de estimula\u00e7\u00e3o cognitiva?<\/h4>\n<pee>Sim \u2014 no \u00e2mbito do projeto de acompanhamento e com as ferramentas adequadas. A estimula\u00e7\u00e3o cognitiva (a ser distinguida da reabilita\u00e7\u00e3o, ato param\u00e9dico) pode ser proposta pelo auxiliar: jogos de mem\u00f3ria, reminisc\u00eancia, aplicativos como CARMEN ou FERNANDO.<\/pee><\/div>\n<div class=\"faq-item\">\n<h4>Quais diplomas s\u00e3o necess\u00e1rios para se tornar auxiliar de vida?<\/h4>\n<pee>O DEAES (anteriormente DEAVS) \u00e9 o diploma de Estado de refer\u00eancia. O t\u00edtulo ADVF \u00e9 outra via reconhecida. Alguns cargos est\u00e3o acess\u00edveis sem diploma com forma\u00e7\u00e3o interna e VAE poss\u00edvel.<\/pee><\/div>\n<div class=\"faq-item\">\n<h4>Como prevenir o burn-out nesta profiss\u00e3o?<\/h4>\n<pee>Supervis\u00e3o e an\u00e1lise das pr\u00e1ticas, reuni\u00f5es de equipe regulares, forma\u00e7\u00e3o cont\u00ednua, desconex\u00e3o entre as visitas, limita\u00e7\u00e3o das amplitudes hor\u00e1rias e reconhecimento institucional do trabalho emocional realizado.<\/pee><\/div>\n<div class=\"faq-item\">\n<h4>Como o auxiliar de vida coordena com os outros profissionais?<\/h4>\n<pee>Atrav\u00e9s das ferramentas de transmiss\u00e3o (ficha de acompanhamento, caderno de liga\u00e7\u00e3o), reuni\u00f5es de equipe e alertas ao respons\u00e1vel de setor ou ao m\u00e9dico respons\u00e1vel em caso de mudan\u00e7a no estado da pessoa.<\/pee><\/div>\n<\/div>\n<footer class=\"article-footer\">\n<h3>Recursos DYNSEO para os profissionais domiciliares<\/h3>\n<div class=\"footer-links\">\n        <a href=\"https:\/\/www.dynseo.com\/pt-pt\/o-programa-dos-treinadores\/carmen\/\" target=\"_blank\">Aplicativo CARMEN<\/a><br \/>\n        <a href=\"https:\/\/www.dynseo.com\/pt-pt\/o-programa-dos-treinadores\/fernando-o-seu-treinador-de-cerebro\/\" target=\"_blank\">Aplicativo FERNANDO<\/a><br \/>\n        <a href=\"https:\/\/www.dynseo.com\/pt-pt\/os-nossos-cursos-de-formacao\/\" target=\"_blank\">Forma\u00e7\u00f5es<\/a><br \/>\n        <a href=\"https:\/\/www.dynseo.com\/pt-pt\/as-nossas-ferramentas\/\" target=\"_blank\">Todas as ferramentas<\/a><br \/>\n        <a href=\"https:\/\/www.dynseo.com\/pt-pt\/os-nossos-testes\/\" target=\"_blank\">Testes cognitivos<\/a>\n    <\/div>\n<\/footer>\n<\/article>\n<\/div>\n<p>[\/et_pb_code][\/et_pb_column][\/et_pb_row][\/et_pb_section]<\/p>\n","protected":false},"excerpt":{"rendered":"<p>\ud83c\udfe0 Aide \u00e0 domicile \u2014 M\u00e9tiers do cuidado Verdadeiro\/falso sobre a profiss\u00e3o de auxiliar de vida: quebrando ideias preconcebidas A profiss\u00e3o de auxiliar de vida sofre de representa\u00e7\u00f5es persistentes que n\u00e3o fazem justi\u00e7a \u00e0 sua realidade cotidiana. Entre a &#8220;simples ajudante de limpeza&#8221; e o &#8220;profissional de sa\u00fade por completo&#8221;, a verdade \u00e9 mais sutil [&hellip;]<\/p>\n","protected":false},"author":4,"featured_media":150367,"comment_status":"closed","ping_status":"closed","sticky":false,"template":"","format":"standard","meta":{"_et_pb_use_builder":"on","_et_pb_old_content":"[et_pb_section fb_built=\"1\" admin_label=\"Article HTML\" _builder_version=\"4.16\" custom_padding=\"0px||0px||false|false\" global_colors_info=\"{}\"][et_pb_row admin_label=\"Contenu\" _builder_version=\"4.16\" width=\"100%\" max_width=\"100%\" custom_padding=\"0px||0px||false|false\" global_colors_info=\"{}\"][et_pb_column type=\"4_4\" _builder_version=\"4.16\" global_colors_info=\"{}\"][et_pb_code admin_label=\"HTML import\u00e9\" _builder_version=\"4.16\" global_colors_info=\"{}\"]<style type=\"text\/css\">\n@import url('https:\/\/fonts.googleapis.com\/css2?family=Montserrat:wght@600;700;800&family=Poppins:wght@400;500;600&display=swap');\n        * { margin: 0; padding: 0; box-sizing: border-box; }\n.dbi-art-0d931c { font-family: 'Poppins', sans-serif; line-height: 1.9; color: #333; background-color: #f8f9fa; }\n.dbi-art-0d931c .container { max-width: 920px; margin: 0 auto; padding: 20px; }\n.dbi-art-0d931c .article-header { background: linear-gradient(135deg, #5e5ed7 0%, #5268c9 100%); color: white; padding: 70px 20px; text-align: center; border-radius: 0 0 30px 30px; margin-bottom: 50px; }\n.dbi-art-0d931c .article-category { display: inline-block; background: rgba(255,255,255,0.2); padding: 8px 20px; border-radius: 25px; font-size: 0.9rem; margin-bottom: 20px; }\n.dbi-art-0d931c .article-header h1 { font-family: 'Montserrat', sans-serif; font-size: 2.4rem; margin-bottom: 20px; }\n.dbi-art-0d931c .article-header .subtitle { font-size: 1.1rem; opacity: 0.95; max-width: 720px; margin: 0 auto; }\n.dbi-art-0d931c .intro-paragraph { font-size: 1.1rem; color: #555; padding: 32px; background: white; border-radius: 15px; border-left: 5px solid #5e5ed7; margin-bottom: 45px; box-shadow: 0 5px 20px rgba(94,94,215,0.1); }\n.dbi-art-0d931c h2 { font-family: 'Montserrat', sans-serif; color: #5e5ed7; font-size: 2rem; margin: 55px 0 25px; padding-bottom: 15px; border-bottom: 3px solid #a9e2e4; }\n.dbi-art-0d931c h3 { font-family: 'Montserrat', sans-serif; color: #5268c9; font-size: 1.4rem; margin: 38px 0 16px; }\n.dbi-art-0d931c p { margin-bottom: 22px; text-align: justify; font-size: 1.02rem; }\n.dbi-art-0d931c .highlight-box { background: linear-gradient(135deg, #a9e2e4 0%, #d0f0f2 100%); padding: 32px; border-radius: 15px; margin: 32px 0; }\n.dbi-art-0d931c .highlight-box h4 { font-family: 'Montserrat', sans-serif; color: #5268c9; margin-bottom: 15px; font-size: 1.2rem; }\n.dbi-art-0d931c .tip-box { background: linear-gradient(135deg, #ffeca7 0%, #ffe88a 100%); padding: 26px; border-radius: 15px; margin: 26px 0; }\n.dbi-art-0d931c .tip-box h4 { font-family: 'Montserrat', sans-serif; color: #5268c9; margin-bottom: 10px; }\n.dbi-art-0d931c .warning-box { background: linear-gradient(135deg, #fde8ee 0%, #fcc8d6 100%); padding: 26px; border-radius: 15px; margin: 26px 0; border-left: 5px solid #e73469; }\n.dbi-art-0d931c .warning-box h4 { font-family: 'Montserrat', sans-serif; color: #e73469; margin-bottom: 10px; }\n.dbi-art-0d931c .stats-grid { display: grid; grid-template-columns: repeat(3, 1fr); gap: 22px; margin: 32px 0; }\n.dbi-art-0d931c .stat-card { background: white; padding: 28px; border-radius: 15px; text-align: center; box-shadow: 0 5px 20px rgba(94,94,215,0.1); }\n.dbi-art-0d931c .stat-number { font-family: 'Montserrat', sans-serif; font-size: 2.6rem; font-weight: 800; color: #5e5ed7; display: block; }\n.dbi-art-0d931c .stat-label { color: #666; font-size: 0.88rem; margin-top: 8px; }\n.dbi-art-0d931c .comparison-table { width: 100%; border-collapse: collapse; margin: 32px 0; border-radius: 15px; overflow: hidden; box-shadow: 0 5px 20px rgba(94,94,215,0.1); }\n.dbi-art-0d931c .comparison-table th { background: linear-gradient(135deg, #5e5ed7 0%, #5268c9 100%); color: white; padding: 16px 20px; text-align: left; font-family: 'Montserrat', sans-serif; }\n.dbi-art-0d931c .comparison-table td { padding: 15px 20px; border-bottom: 1px solid #f0f0ff; background: white; vertical-align: top; }\n.dbi-art-0d931c .comparison-table tr:last-child td { border-bottom: none; }\n.dbi-art-0d931c .comparison-table tr:nth-child(even) td { background: #f8f8ff; }\n.dbi-art-0d931c .method-card { background: white; border-radius: 15px; padding: 28px; margin: 24px 0; box-shadow: 0 5px 20px rgba(94,94,215,0.08); }\n.dbi-art-0d931c .method-card.blue { border-left: 4px solid #5e5ed7; }\n.dbi-art-0d931c .method-card.teal { border-left: 4px solid #a9e2e4; }\n.dbi-art-0d931c .method-card.rose { border-left: 4px solid #e73469; }\n.dbi-art-0d931c .method-card.yellow { border-left: 4px solid #ffeca7; border-top: 3px solid #ffeca7; }\n.dbi-art-0d931c .method-card h4 { font-family: 'Montserrat', sans-serif; color: #5e5ed7; margin-bottom: 12px; font-size: 1.12rem; }\n.dbi-art-0d931c .method-card.teal h4 { color: #5268c9; }\n.dbi-art-0d931c .method-card.rose h4 { color: #e73469; }\n.dbi-art-0d931c .method-badge { display: inline-block; padding: 5px 14px; border-radius: 20px; font-size: 0.82rem; font-weight: 600; margin-bottom: 12px; }\n.dbi-art-0d931c .badge-blue { background: #f0f0ff; color: #5e5ed7; }\n.dbi-art-0d931c .badge-green { background: #e0f7f8; color: #5268c9; }\n.dbi-art-0d931c .badge-rose { background: #fde8ee; color: #e73469; }\n.dbi-art-0d931c .badge-yellow { background: #fff8dc; color: #8a6d00; }\n.dbi-art-0d931c .checklist { background: white; padding: 32px; border-radius: 15px; box-shadow: 0 5px 20px rgba(94,94,215,0.1); margin: 28px 0; }\n.dbi-art-0d931c .checklist h4 { font-family: 'Montserrat', sans-serif; color: #5e5ed7; margin-bottom: 20px; }\n.dbi-art-0d931c .checklist ul { list-style: none; padding: 0; }\n.dbi-art-0d931c .checklist li { padding: 12px 0; border-bottom: 1px solid #f0f0ff; padding-left: 38px; position: relative; }\n.dbi-art-0d931c .checklist li::before { content: '\u2714'; position: absolute; left: 0; color: #5e5ed7; font-weight: bold; }\n.dbi-art-0d931c .checklist li:last-child { border-bottom: none; }\n.dbi-art-0d931c .app-card { background: white; border-radius: 18px; padding: 30px; margin: 28px 0; box-shadow: 0 8px 30px rgba(94,94,215,0.15); border-top: 4px solid #5e5ed7; }\n.dbi-art-0d931c .app-card h4 { font-family: 'Montserrat', sans-serif; color: #5e5ed7; font-size: 1.3rem; margin-bottom: 12px; }\n.dbi-art-0d931c .cta-button { display: inline-block; background: linear-gradient(135deg, #5e5ed7 0%, #5268c9 100%); color: white; padding: 15px 35px; border-radius: 30px; text-decoration: none; font-weight: 600; margin-top: 15px; }\n.dbi-art-0d931c .quote-box { background: #f0f0ff; border-left: 4px solid #5e5ed7; padding: 26px; margin: 32px 0; border-radius: 0 15px 15px 0; }\n.dbi-art-0d931c .quote-box p { font-style: italic; color: #5268c9; margin-bottom: 10px; }\n.dbi-art-0d931c .quote-box .author { font-weight: 600; color: #5e5ed7; font-style: normal; font-size: 0.9rem; }\n.dbi-art-0d931c .conclusion { background: linear-gradient(135deg, #f5f7fa 0%, #e8e8ff 100%); padding: 45px; border-radius: 20px; margin-top: 55px; }\n.dbi-art-0d931c .conclusion h2 { border-bottom: none; margin-top: 0; }\n.dbi-art-0d931c .article-footer { text-align: center; padding: 55px 20px; background: linear-gradient(135deg, #5e5ed7 0%, #5268c9 100%); color: white; border-radius: 30px 30px 0 0; margin-top: 65px; }\n.dbi-art-0d931c .article-footer h3 { font-family: 'Montserrat', sans-serif; color: white; margin-bottom: 20px; font-size: 1.5rem; }\n.dbi-art-0d931c .article-footer a { color: #ffeca7; text-decoration: none; font-weight: 600; }\n.dbi-art-0d931c .footer-links { display: flex; gap: 20px; justify-content: center; flex-wrap: wrap; margin-top: 15px; }\n.dbi-art-0d931c .faq-item { background: white; border-radius: 15px; padding: 28px 32px; margin: 16px 0; box-shadow: 0 3px 15px rgba(94,94,215,0.08); border-left: 4px solid #a9e2e4; }\n.dbi-art-0d931c .faq-item h4 { font-family: 'Montserrat', sans-serif; color: #5e5ed7; margin-bottom: 13px; font-size: 1.08rem; }\n.dbi-art-0d931c .faq-item p { margin: 0; color: #555; }\n.dbi-art-0d931c .idee-recue { background: white; border-radius: 15px; margin: 28px 0; overflow: hidden; box-shadow: 0 5px 20px rgba(94,94,215,0.1); }\n.dbi-art-0d931c .idee-header { padding: 20px 28px; display: flex; align-items: center; gap: 15px; }\n.dbi-art-0d931c .idee-header.faux { background: linear-gradient(135deg, #fde8ee, #fcc8d6); }\n.dbi-art-0d931c .idee-header.vrai { background: linear-gradient(135deg, #a9e2e4, #d0f0f2); }\n.dbi-art-0d931c .idee-label { font-family: 'Montserrat', sans-serif; font-size: 1.3rem; font-weight: 800; }\n.dbi-art-0d931c .idee-header.faux .idee-label { color: #e73469; }\n.dbi-art-0d931c .idee-header.vrai .idee-label { color: #5268c9; }\n.dbi-art-0d931c .idee-statement { font-weight: 600; font-size: 1.05rem; color: #333; }\n.dbi-art-0d931c .idee-body { padding: 24px 28px; }\n.dbi-art-0d931c a { color: #5e5ed7; }\n@media (max-width: 768px) {\n.dbi-art-0d931c .article-header h1 { font-size: 1.85rem; }\n.dbi-art-0d931c .stats-grid { grid-template-columns: 1fr; }\n.dbi-art-0d931c .article-header { padding: 45px 15px; }\n.dbi-art-0d931c .container { padding: 15px; }\n.dbi-art-0d931c h2 { font-size: 1.6rem; }\n.dbi-art-0d931c .comparison-table { font-size: 0.9rem; }\n}\n\n<\/style>\n<div class=\"dbi-art-0d931c\">\n<article>\n<header class=\"article-header\">\n    <div class=\"article-category\">\ud83c\udfe0 Aide \u00e0 domicile \u2014 M\u00e9tiers do cuidado<\/div>\n    <h1>Verdadeiro\/falso sobre a profiss\u00e3o de auxiliar de vida: quebrando ideias preconcebidas<\/h1>\n    <p class=\"subtitle\">A profiss\u00e3o de auxiliar de vida sofre de representa\u00e7\u00f5es persistentes que n\u00e3o fazem justi\u00e7a \u00e0 sua realidade cotidiana. Entre a \"simples ajudante de limpeza\" e o \"profissional de sa\u00fade por completo\", a verdade \u00e9 mais sutil \u2014 e muito mais rica \u2014 do que se imagina.<\/p>\n<\/header>\n\n<div class=\"container\">\n\n<div class=\"intro-paragraph\">\nNa Fran\u00e7a, mais de 600 000 pessoas exercem a profiss\u00e3o de auxiliar de vida social ou assistente de vida \u00e0s fam\u00edlias. Elas interv\u00eam todos os dias junto a pessoas idosas, doentes cr\u00f4nicos, pessoas com defici\u00eancia \u2014 em seu espa\u00e7o mais \u00edntimo, em suas casas. No entanto, essa profiss\u00e3o permanece profundamente desconhecida, muitas vezes caricaturada, \u00e0s vezes desvalorizada. As ideias preconcebidas que a atravessam n\u00e3o s\u00e3o insignificantes: elas freiam as voca\u00e7\u00f5es, alimentam a rotatividade e podem distorcer as expectativas das fam\u00edlias e dos benefici\u00e1rios. \u00c9 hora de enfrent\u00e1-las uma a uma.\n<\/div>\n\n<div class=\"stats-grid\">\n    <div class=\"stat-card\"><span class=\"stat-number\">600 000<\/span><div class=\"stat-label\">profissionais de ajuda a domic\u00edlio na Fran\u00e7a \u2014 um dos setores que mais contrata<\/div><\/div>\n    <div class=\"stat-card\"><span class=\"stat-number\">78%<\/span><div class=\"stat-label\">dos franceses desejam permanecer em casa o maior tempo poss\u00edvel, segundo pesquisas de opini\u00e3o<\/div><\/div>\n    <div class=\"stat-card\"><span class=\"stat-number\">40%<\/span><div class=\"stat-label\">dos auxiliares de vida afirmam considerar deixar a profiss\u00e3o a curto prazo \u2014 crise de valoriza\u00e7\u00e3o<\/div><\/div>\n<\/div>\n\n<h2>Ideia preconcebida n\u00b01: \"O auxiliar de vida \u00e9 apenas algu\u00e9m que faz a limpeza\"<\/h2>\n\n<div class=\"idee-recue\">\n    <div class=\"idee-header faux\">\n        <span class=\"idee-label\">\u274c FALSO<\/span>\n        <span class=\"idee-statement\">O auxiliar de vida cuida principalmente da limpeza e das compras<\/span>\n    <\/div>\n    <div class=\"idee-body\">\n        <p>Essa \u00e9, sem d\u00favida, a ideia preconcebida mais persistente e prejudicial. Ela \u00e9 falsa em seu conte\u00fado e em suas propor\u00e7\u00f5es.<\/p>\n        <p>O referencial oficial do DEAVS (Dipl\u00f4me d'\u00c9tat d'Auxiliaire de Vie Sociale) define tr\u00eas \u00e1reas principais de interven\u00e7\u00e3o: o acompanhamento nas atividades essenciais da vida cotidiana (ajuda com a higiene, vestu\u00e1rio, deslocamentos, refei\u00e7\u00f5es), o acompanhamento na vida social e relacional (manuten\u00e7\u00e3o do v\u00ednculo, atividades, estimula\u00e7\u00e3o) e a ajuda na manuten\u00e7\u00e3o do ambiente de vida e na prepara\u00e7\u00e3o das refei\u00e7\u00f5es. Esta terceira \u00e1rea \u2014 que inclui a limpeza \u2014 \u00e9 apenas uma componente entre tr\u00eas, e n\u00e3o necessariamente a mais importante em termos de tempo e compromisso profissional.<\/p>\n        <p>Na pr\u00e1tica, uma grande parte do trabalho do auxiliar de vida ocorre na rela\u00e7\u00e3o: ouvir uma pessoa ansiosa, adaptar seu discurso a algu\u00e9m com Alzheimer, observar os sinais de deteriora\u00e7\u00e3o cognitiva ou f\u00edsica, coordenar com a enfermeira que passar\u00e1 \u00e0 tarde. Essas compet\u00eancias relacionais e cl\u00ednicas n\u00e3o se improvisam.<\/p>\n    <\/div>\n<\/div>\n\n<h3>O que realmente faz o auxiliar de vida \u2014 um dia t\u00edpico<\/h3>\n\n<p>Um dia t\u00edpico de um auxiliar de vida junto a uma pessoa com a doen\u00e7a de Alzheimer pode se parecer com isto: chegada e avalia\u00e7\u00e3o do estado geral da pessoa (humor, mobilidade, orienta\u00e7\u00e3o), ajuda com a higiene e vestu\u00e1rio respeitando o ritmo e as prefer\u00eancias, prepara\u00e7\u00e3o do caf\u00e9 da manh\u00e3 incentivando a participa\u00e7\u00e3o ativa, sess\u00e3o de estimula\u00e7\u00e3o cognitiva de 20 a 30 minutos com atividades adaptadas, acompanhamento na caminhada ou exerc\u00edcios leves, prepara\u00e7\u00e3o do almo\u00e7o e ajuda na alimenta\u00e7\u00e3o se necess\u00e1rio, observa\u00e7\u00e3o e transmiss\u00e3o de informa\u00e7\u00f5es sobre o estado da pessoa \u00e0 equipe de cuidados. A limpeza, se prevista, geralmente ocorre como complemento a tudo isso.<\/p>\n\n<div class=\"app-card\">\n    <h4>\ud83e\udde0 CARMEN \u2014 o aplicativo que apoia o trabalho de estimula\u00e7\u00e3o em casa<\/h4>\n    <p>O aplicativo <a href=\"https:\/\/www.dynseo.com\/pt-pt\/o-programa-dos-treinadores\/carmen\/\" target=\"_blank\"><strong>CARMEN<\/strong><\/a> da DYNSEO \u00e9 especificamente projetado para os idosos \u2014 especialmente pessoas com a doen\u00e7a de Alzheimer ou Parkinson. Simples de usar (grande interface, comandos t\u00e1teis intuitivos), permite que o auxiliar de vida proponha atividades de mem\u00f3ria, aten\u00e7\u00e3o e estimula\u00e7\u00e3o cognitiva adaptadas ao n\u00edvel da pessoa, sem necessitar de habilidades inform\u00e1ticas avan\u00e7adas. Um verdadeiro apoio profissional no dia a dia.<\/p>\n    <a href=\"https:\/\/www.dynseo.com\/pt-pt\/o-programa-dos-treinadores\/carmen\/\" target=\"_blank\" class=\"cta-button\">Descobrir CARMEN \u2192<\/a>\n<\/div>\n\n<h2>Ideia preconcebida n\u00b02: \"Qualquer um pode fazer essa profiss\u00e3o, n\u00e3o \u00e9 necess\u00e1rio diploma\"<\/h2>\n\n<div class=\"idee-recue\">\n    <div class=\"idee-header faux\">\n        <span class=\"idee-label\">\u274c FALSO<\/span>\n        <span class=\"idee-statement\">\u00c9 uma profiss\u00e3o pouco qualificada, acess\u00edvel a todos sem forma\u00e7\u00e3o<\/span>\n    <\/div>\n    <div class=\"idee-body\">\n        <p>Essa ideia preconcebida \u00e9 particularmente persistente porque decorre de uma confus\u00e3o entre a acessibilidade do setor (\u00e9 verdade que alguns postos de ajuda a domic\u00edlio podem ser ocupados por n\u00e3o diplomados em um primeiro momento) e a qualifica\u00e7\u00e3o real do cerne da profiss\u00e3o.<\/p>\n    <\/div>\n<\/div>\n\n<h3>Forma\u00e7\u00f5es exigentes e reconhecidas<\/h3>\n\n<p>O DEAVS (Dipl\u00f4me d'\u00c9tat d'Auxiliaire de Vie Sociale), substitu\u00eddo desde 2023 pelo DEAES (Dipl\u00f4me d'\u00c9tat d'Accompagnant \u00c9ducatif et Social), \u00e9 uma forma\u00e7\u00e3o de n\u00edvel 3 (anteriormente n\u00edvel V) que compreende v\u00e1rias centenas de horas de ensino te\u00f3rico e est\u00e1gio. Ela abrange a gerontologia, as patologias neurodegenerativas, as t\u00e9cnicas de movimenta\u00e7\u00e3o, a comunica\u00e7\u00e3o com pessoas com defici\u00eancia, os direitos dos usu\u00e1rios e a coordena\u00e7\u00e3o interprofissional.<\/p>\n\n<p>O t\u00edtulo ADVF (Assistente de Vida \u00e0s Fam\u00edlias), por sua vez, tamb\u00e9m \u00e9 uma forma\u00e7\u00e3o profissional reconhecida pelo Estado, que compreende 315 horas de forma\u00e7\u00e3o e 21 semanas de est\u00e1gio. Esses dois percursos formam profissionais capazes de intervir em situa\u00e7\u00f5es complexas \u2014 pessoas com m\u00faltiplas defici\u00eancias, pacientes em fim de vida, pessoas com dist\u00farbios comportamentais severos.<\/p>\n<div class=\"highlight-box\">\n    <h4>\ud83d\udcda A forma\u00e7\u00e3o cont\u00ednua: um desafio permanente<\/h4>\n    <p>Al\u00e9m da forma\u00e7\u00e3o inicial, os auxiliares de vida t\u00eam acesso \u00e0 forma\u00e7\u00e3o cont\u00ednua. As forma\u00e7\u00f5es especializadas em estimula\u00e7\u00e3o cognitiva, em acompanhamento das dem\u00eancias, em comunica\u00e7\u00e3o n\u00e3o-violenta ou em gest\u00e3o dos dist\u00farbios do comportamento s\u00e3o particularmente valorizadas. DYNSEO prop\u00f5e, em particular, <a href=\"https:\/\/www.dynseo.com\/nos-formations\/\" target=\"_blank\"><strong>forma\u00e7\u00f5es online especializadas<\/strong><\/a> para os profissionais que atuam junto \u00e0s pessoas idosas, com m\u00f3dulos sobre as doen\u00e7as neurodegenerativas e o acompanhamento dos familiares.<\/p>\n<\/div>\n\n<h2>Ideia recebida n\u00b03: \"O auxiliar de vida n\u00e3o pode fazer estimula\u00e7\u00e3o cognitiva, isso \u00e9 reservado aos fonoaudi\u00f3logos\"<\/h2>\n\n<div class=\"idee-recue\">\n    <div class=\"idee-header faux\">\n        <span class=\"idee-label\">\u274c FALSO (e VERDADEIRO em parte)<\/span>\n        <span class=\"idee-statement\">Apenas os profissionais param\u00e9dicos podem estimular cognitivamente<\/span>\n    <\/div>\n    <div class=\"idee-body\">\n        <p>Essa ideia recebida mistura duas realidades distintas: a reabilita\u00e7\u00e3o cognitiva (ato param\u00e9dico reservado aos neuropsic\u00f3logos e fonoaudi\u00f3logos) e a estimula\u00e7\u00e3o cognitiva (atividade de acompanhamento que qualquer profissional treinado pode propor no \u00e2mbito de seu papel).<\/p>\n    <\/div>\n<\/div>\n\n<h3>Estimula\u00e7\u00e3o vs reabilita\u00e7\u00e3o: uma distin\u00e7\u00e3o fundamental<\/h3>\n\n<p>A <strong>reabilita\u00e7\u00e3o cognitiva<\/strong> \u00e9 um ato param\u00e9dico que necessita de uma avalia\u00e7\u00e3o pr\u00e9via, objetivos terap\u00eauticos precisos e uma forma\u00e7\u00e3o especializada. Ela \u00e9 realizada por neuropsic\u00f3logos ou fonoaudi\u00f3logos, e pode ser objeto de uma prescri\u00e7\u00e3o m\u00e9dica e de um reembolso.<\/p>\n\n<p>A <strong>estimula\u00e7\u00e3o cognitiva<\/strong>, por outro lado, designa um conjunto de atividades destinadas a manter as capacidades cognitivas preservadas, enriquecer a vida cotidiana e favorecer o bem-estar. N\u00e3o \u00e9 um ato m\u00e9dico \u2014 e pode ser perfeitamente proposta por um auxiliar de vida treinado, no \u00e2mbito do projeto de acompanhamento da pessoa. Jogos de cartas, atividades de reminisc\u00eancia com fotos, quebra-cabe\u00e7as, can\u00e7\u00f5es, atividades criativas, leitura em voz alta \u2014 todas essas atividades pertencem \u00e0 estimula\u00e7\u00e3o cognitiva e podem ser organizadas e conduzidas pelo auxiliar de vida.<\/p>\n\n<div class=\"method-card blue\">\n    <div class=\"method-badge badge-blue\">\ud83e\udde9 A reminisc\u00eancia terap\u00eautica em casa<\/div>\n    <h4>Uma ferramenta poderosa nas m\u00e3os do auxiliar<\/h4>\n    <p>A terapia de reminisc\u00eancia \u2014 revisitar intencionalmente as mem\u00f3rias autobiogr\u00e1ficas \u2014 \u00e9 a abordagem n\u00e3o medicamentosa cujas evid\u00eancias de efic\u00e1cia na doen\u00e7a de Alzheimer est\u00e3o entre as mais s\u00f3lidas. O auxiliar de vida, que conhece bem a pessoa e sua hist\u00f3ria de vida, \u00e9 frequentemente o profissional mais bem posicionado para conduzi-la: fotos de fam\u00edlia, m\u00fasicas da \u00e9poca, objetos familiares podem desencadear mem\u00f3rias preciosas e melhorar o humor, reduzir a agita\u00e7\u00e3o e manter o sentimento de identidade.<\/p>\n<\/div>\n\n<div class=\"method-card teal\">\n<div class=\"method-badge badge-green\">\ud83d\udee0\ufe0f As ferramentas de acompanhamento para a coordena\u00e7\u00e3o<\/div>\n    <h4>Rastrear e comunicar as atividades propostas<\/h4>\n    <p>Quando o auxiliar de vida prop\u00f5e atividades de estimula\u00e7\u00e3o, sua rastreabilidade e coordena\u00e7\u00e3o com a equipe de cuidados s\u00e3o essenciais. A <a href=\"https:\/\/www.dynseo.com\/nos-outils\/fiche-suivi-seance\/\" target=\"_blank\"><strong>ficha de acompanhamento de sess\u00e3o<\/strong><\/a> DYNSEO permite registrar simplesmente as atividades realizadas, o n\u00edvel de engajamento da pessoa e as observa\u00e7\u00f5es pertinentes. O <a href=\"https:\/\/www.dynseo.com\/nos-outils\/carnet-de-liaison\/\" target=\"_blank\"><strong>caderno de liga\u00e7\u00e3o fonoaudi\u00f3logo-fam\u00edlia<\/strong><\/a> facilita a transmiss\u00e3o de informa\u00e7\u00f5es entre os diferentes intervenientes.<\/p>\n<\/div>\n\n<h3>Como integrar a estimula\u00e7\u00e3o cognitiva nas visitas domiciliares<\/h3>\n\n<p>A integra\u00e7\u00e3o da estimula\u00e7\u00e3o cognitiva nas visitas n\u00e3o requer tempo adicional espec\u00edfico \u2014 ela pode se inscrever naturalmente nas atividades j\u00e1 realizadas. Durante a prepara\u00e7\u00e3o da refei\u00e7\u00e3o, o auxiliar pode convidar a pessoa a nomear os ingredientes, a se lembrar de receitas familiares, a escolher os temperos. Durante o tempo de vestir, ela pode encorajar a pessoa a escolher suas roupas e a vesti-las na ordem correta (com a ajuda necess\u00e1ria, mas n\u00e3o mais do que isso). Essas microatividades estimulantes, repetidas diariamente, t\u00eam um impacto real na manuten\u00e7\u00e3o das fun\u00e7\u00f5es cognitivas.<\/p>\n\n<p>Para os auxiliares que desejam ir al\u00e9m, os aplicativos <a href=\"https:\/\/www.dynseo.com\/pt-pt\/o-programa-dos-treinadores\/carmen\/\" target=\"_blank\"><strong>CARMEN<\/strong><\/a> (para os idosos e as pessoas com Alzheimer ou Parkinson) e <a href=\"https:\/\/www.dynseo.com\/pt-pt\/o-programa-dos-treinadores\/fernando-o-seu-treinador-de-cerebro\/\" target=\"_blank\"><strong>FERNANDO<\/strong><\/a> (para adultos, especialmente p\u00f3s-AVC ou em sa\u00fade mental) oferecem atividades cognitivas progressivas diretamente utiliz\u00e1veis em casa, com perfis personaliz\u00e1veis e um acompanhamento integrado.<\/p>\n\n<h2>Ideia recebida n\u00b04: \"\u00c9 uma profiss\u00e3o de mulheres, pouco valorizada socialmente\"<\/h2>\n\n<div class=\"idee-recue\">\n    <div class=\"idee-header faux\">\n        <span class=\"idee-label\">\u274c FALSO (mas realidade a mudar)<\/span>\n        <span class=\"idee-statement\">\u00c9 um setor feminino por natureza, sem perspectiva de carreira<\/span>\n    <\/div>\n    <div class=\"idee-body\">\n        <p>\u00c9 verdade que o setor de ajuda domiciliar \u00e9 hoje majoritariamente feminino (mais de 90% dos profissionais s\u00e3o mulheres). \u00c9 falso que essa realidade seja uma fatalidade, e ainda mais falso que seja uma raz\u00e3o para desvaloriz\u00e1-la.<\/p>\n    <\/div>\n<\/div>\n\n<h3>Um setor em profunda transforma\u00e7\u00e3o<\/h3>\n\n<p>O movimento de profissionaliza\u00e7\u00e3o e revaloriza\u00e7\u00e3o do setor est\u00e1 em curso h\u00e1 v\u00e1rios anos. O acordo da categoria de ajuda domiciliar, os reajustes salariais sucessivos e o aumento da forma\u00e7\u00e3o cont\u00ednua transformam gradualmente as condi\u00e7\u00f5es de exerc\u00edcio. Homens est\u00e3o se juntando cada vez mais \u00e0 profiss\u00e3o, especialmente em postos especializados (acompanhamento de pessoas com defici\u00eancia, cuidados de enfermagem).<\/p>\n\n<p>As perspectivas de carreira existem e se desenvolvem: respons\u00e1vel de setor, coordenador de servi\u00e7o, formador, respons\u00e1vel pela qualidade, diretor de ag\u00eancia, avaliador das necessidades domiciliares. A valida\u00e7\u00e3o das aquisi\u00e7\u00f5es da experi\u00eancia (VAE) permite que auxiliares experientes fa\u00e7am reconhecer formalmente sua expertise e evoluam para cargos de responsabilidade.<\/p>\n<div class=\"comparison-table\">\n    <thead><tr><th>N\u00edvel de entrada<\/th><th>Posto poss\u00edvel<\/th><th>Forma\u00e7\u00e3o<\/th><\/tr><\/thead>\n    <tbody>\n    <tr><td>Sem diploma<\/td><td>Ajudante de lar n\u00edvel 1<\/td><td>Forma\u00e7\u00e3o interna + VAE<\/td><\/tr>\n    <tr><td>ADVF \/ DEAVS<\/td><td>Auxiliar de vida diplomada<\/td><td>315h + est\u00e1gios<\/td><\/tr>\n    <tr><td>DEAES<\/td><td>Acompanhante educativo e social<\/td><td>Forma\u00e7\u00e3o de Estado n\u00edvel 3<\/td><\/tr>\n    <tr><td>BTS \/ Licen\u00e7a<\/td><td>Coordenador \/ respons\u00e1vel de setor<\/td><td>Forma\u00e7\u00e3o superior<\/td><\/tr>\n    <tr><td>Experi\u00eancia + forma\u00e7\u00e3o<\/td><td>Formador \/ referencial t\u00e9cnico<\/td><td>VAE + forma\u00e7\u00e3o pedag\u00f3gica<\/td><\/tr>\n    <\/tbody>\n<\/div>\n\n<h2>Ideia recebida n\u00b05 : \"O auxiliar de vida n\u00e3o lida apenas com o f\u00edsico, mas tamb\u00e9m com o emocional\"<\/h2>\n\n<div class=\"idee-recue\">\n    <div class=\"idee-header faux\">\n        <span class=\"idee-label\">\u274c FALSO<\/span>\n        <span class=\"idee-statement\">O lado emocional n\u00e3o faz parte do trabalho de um auxiliar de vida<\/span>\n    <\/div>\n    <div class=\"idee-body\">\n        <p>\u00c9 uma das ideias recebidas mais distantes da realidade do campo. O acompanhamento emocional est\u00e1 no cerne da profiss\u00e3o \u2014 e muitas vezes \u00e9 a dimens\u00e3o mais exigente.<\/p>\n    <\/div>\n<\/div>\n\n<h3>O \"trabalho emocional\" : um componente maior e desconhecido<\/h3>\n\n<p>A soci\u00f3loga americana Arlie Hochschild criou o conceito de \"trabalho emocional\" para designar o esfor\u00e7o de gest\u00e3o das emo\u00e7\u00f5es exigido por certas profiss\u00f5es de servi\u00e7o. Os auxiliares de vida est\u00e3o na linha de frente dessas profiss\u00f5es: eles devem manter uma presen\u00e7a benevolente e tranquilizadora mesmo diante de comportamentos dif\u00edceis (agita\u00e7\u00e3o, agressividade, recusa de cuidados), acompanhar pessoas em fim de vida com serenidade e conter sua pr\u00f3pria dor diante das perdas sucessivas de benefici\u00e1rios falecidos.<\/p>\n\n<p>Essa dimens\u00e3o emocional \u00e9 ainda mais complexa porque se insere em uma rela\u00e7\u00e3o muito \u00edntima \u2014 entrar no espa\u00e7o dom\u00e9stico, tocar o corpo de outra pessoa, ser testemunha de sua vulnerabilidade mais profunda \u2014 enquanto mant\u00e9m a dist\u00e2ncia profissional adequada. Nem muito pr\u00f3ximo (risco de fus\u00e3o que compromete o julgamento profissional) nem muito distante (risco de desumaniza\u00e7\u00e3o que n\u00e3o serve \u00e0 pessoa acompanhada).<\/p>\n\n<div class=\"method-card rose\">\n    <div class=\"method-badge badge-rose\">\u2764\ufe0f Identificar e nomear as emo\u00e7\u00f5es<\/div>\n    <h4>Uma ferramenta preciosa : o term\u00f4metro das emo\u00e7\u00f5es<\/h4>\n    <p>Para as pessoas que apresentam dificuldades de comunica\u00e7\u00e3o emocional \u2014 o que \u00e9 comum em dem\u00eancias, afasia ou certos dist\u00farbios psiqui\u00e1tricos \u2014 o <a href=\"https:\/\/www.dynseo.com\/nos-outils\/thermometre-des-emotions\/\" target=\"_blank\"><strong>Term\u00f4metro das emo\u00e7\u00f5es DYNSEO<\/strong><\/a> \u00e9 uma ferramenta de comunica\u00e7\u00e3o visual que ajuda a pessoa a expressar seu estado emocional do momento. O auxiliar de vida pode utiliz\u00e1-lo no in\u00edcio de cada visita para avaliar o humor da pessoa e adaptar sua abordagem em consequ\u00eancia.<\/p>\n<\/div>\n\n<h3>Quando as emo\u00e7\u00f5es se tornam dif\u00edceis de gerenciar<\/h3>\n\n<p>Os dist\u00farbios de comportamento relacionados \u00e0s doen\u00e7as neurodegenerativas (agita\u00e7\u00e3o, agressividade, err\u00e2ncia, recusa de cuidados) est\u00e3o entre as situa\u00e7\u00f5es mais complexas de gerenciar para os auxiliares. Compreender que esses comportamentos n\u00e3o s\u00e3o dirigidos contra eles pessoalmente, mas s\u00e3o a express\u00e3o de um sofrimento n\u00e3o verbalizado ou de uma les\u00e3o cerebral, requer uma forma\u00e7\u00e3o espec\u00edfica.<\/p>\n\n<p>DYNSEO oferece uma <a href=\"https:\/\/www.dynseo.com\/courses\/troubles-du-comportement-lies-a-la-maladie-methodes-et-coordination-pluridisciplinaire\" target=\"_blank\"><strong>forma\u00e7\u00e3o profissional sobre os dist\u00farbios de comportamento relacionados \u00e0 doen\u00e7a<\/strong><\/a> que fornece aos profissionais os m\u00e9todos concretos para analisar, compreender e responder a essas situa\u00e7\u00f5es. Uma vers\u00e3o espec\u00edfica est\u00e1 dispon\u00edvel para as <a href=\"https:\/\/www.dynseo.com\/courses\/changements-de-comportement-lies-a-maladie-guide-pratique-pour-les-proches\" target=\"_blank\"><strong>fam\u00edlias e cuidadores pr\u00f3ximos<\/strong><\/a>.<\/p>\n\n<h2>Ideia recebida n\u00b06 : \"Trabalhar de forma aut\u00f4noma \u00e9 agrad\u00e1vel \u2014 sem chefe, sem press\u00e3o\"<\/h2>\n\n<div class=\"idee-recue\">\n    <div class=\"idee-header faux\">\n        <span class=\"idee-label\">\u274c FALSO<\/span>\n        <span class=\"idee-statement\">Trabalhar sozinho na casa das pessoas \u00e9 uma grande liberdade sem press\u00e3o<\/span>\n    <\/div>\n<div class=\"idee-body\">\n        <p>O isolamento profissional do auxiliar de vida \u00e9 uma das problem\u00e1ticas mais s\u00e9rias do setor \u2014 e uma das principais causas de burnout e turnover.<\/p>\n    <\/div>\n<\/div>\n\n<h3>O isolamento profissional: um fator de risco maior<\/h3>\n\n<p>Trabalhar sozinha na casa de uma pessoa vulner\u00e1vel, sem colega para conversar, sem valida\u00e7\u00e3o imediata de suas decis\u00f5es, sem apoio em situa\u00e7\u00f5es dif\u00edceis \u2014 \u00e9 uma realidade cotidiana para muitos auxiliares de vida. As estruturas de ajuda domiciliar mais profissionais implementaram reuni\u00f5es de equipe regulares, tempos de supervis\u00e3o e linhas telef\u00f4nicas de plant\u00e3o para reduzir esse isolamento. Mas esses dispositivos est\u00e3o longe de ser universais.<\/p>\n\n<p>O isolamento tem consequ\u00eancias diretas na qualidade do acompanhamento: um auxiliar de vida que n\u00e3o pode falar com um colega ou com seu respons\u00e1vel sobre uma situa\u00e7\u00e3o preocupante (quedas repetidas, mudan\u00e7a de comportamento suspeita, ang\u00fastia emocional da pessoa) est\u00e1 menos capacitado para alertar e coordenar uma resposta adequada.<\/p>\n\n<div class=\"tip-box\">\n    <h4>\ud83d\udca1 A coordena\u00e7\u00e3o: um imperativo profissional<\/h4>\n    <p>A coordena\u00e7\u00e3o entre o auxiliar de vida e os outros profissionais (m\u00e9dico respons\u00e1vel, enfermeira, fisioterapeuta, fonoaudi\u00f3logo) \u00e9 um aspecto fundamental da profiss\u00e3o. A <a href=\"https:\/\/www.dynseo.com\/nos-outils\/fiche-suivi-seance\/\" target=\"_blank\"><strong>ficha de acompanhamento de sess\u00e3o<\/strong><\/a> e o <a href=\"https:\/\/www.dynseo.com\/nos-outils\/carnet-de-liaison\/\" target=\"_blank\"><strong>caderno de comunica\u00e7\u00e3o<\/strong><\/a> DYNSEO facilitam essa transmiss\u00e3o de informa\u00e7\u00f5es essencial. Um <a href=\"https:\/\/www.dynseo.com\/nos-outils\/tableau-suivi-competences\/\" target=\"_blank\"><strong>quadro de acompanhamento das compet\u00eancias<\/strong><\/a> permite documentar a evolu\u00e7\u00e3o das capacidades funcionais da pessoa ao longo do tempo.<\/p>\n<\/div>\n\n<h2>Ideia recebida n\u00b07: \"\u00c9 uma profiss\u00e3o de \u00faltimo recurso, para quem n\u00e3o encontrou outra coisa\"<\/h2>\n\n<div class=\"idee-recue\">\n    <div class=\"idee-header faux\">\n        <span class=\"idee-label\">\u274c FALSO<\/span>\n        <span class=\"idee-statement\">Torna-se auxiliar de vida por falta de ter encontrado algo melhor<\/span>\n    <\/div>\n    <div class=\"idee-body\">\n        <p>Essa ideia recebida \u00e9 particularmente dolorosa para os profissionais que escolheram essa profiss\u00e3o por voca\u00e7\u00e3o. E eles s\u00e3o muitos.<\/p>\n    <\/div>\n<\/div>\n\n<h3>A escolha profissional: uma realidade multifacetada<\/h3>\n\n<p>Os estudos sobre as motiva\u00e7\u00f5es para entrar na profiss\u00e3o revelam perfis muito diversos. Alguns profissionais v\u00eam efetivamente de uma reconvers\u00e3o for\u00e7ada (desemprego, fechamento de f\u00e1brica), mas muitos escolheram essa profiss\u00e3o deliberadamente: ap\u00f3s ter acompanhado um ente querido doente, ap\u00f3s uma experi\u00eancia de voluntariado, por convic\u00e7\u00e3o de que o cuidado e o acompanhamento humano s\u00e3o atos fundamentais. Essas motiva\u00e7\u00f5es profundas est\u00e3o associadas a um compromisso profissional mais forte e a uma melhor qualidade de acompanhamento.<\/p>\n\n<quote class=\"quote-box\">\n    <p>Eu poderia ter feito outra coisa \u2014 eu tenho meu diploma. Mas escolhi essa profiss\u00e3o porque acompanhei minha av\u00f3 durante sua doen\u00e7a de Alzheimer e vi o que o apoio domiciliar pode mudar. \u00c9 o trabalho mais humano que conhe\u00e7o.<\/p>\n    <div class=\"author\">\u2014 Auxiliar de vida, 8 anos de experi\u00eancia<\/div>\n<\/quote>\n\n<h2>Ideia recebida n\u00b08: \"O auxiliar de vida n\u00e3o precisa conhecer as doen\u00e7as de seus benefici\u00e1rios\"<\/h2>\n\n<div class=\"idee-recue\">\n    <div class=\"idee-header faux\">\n        <span class=\"idee-label\">\u274c FALSO<\/span>\n        <span class=\"idee-statement\">Basta ser gentil e prestativo, n\u00e3o precisa saber o que a pessoa tem<\/span>\n    <\/div>\n<div class=\"idee-body\">\n        <p>Ser benevolente \u00e9 necess\u00e1rio \u2014 mas n\u00e3o suficiente. A efic\u00e1cia profissional e a seguran\u00e7a da pessoa acompanhada dependem diretamente do conhecimento que o auxiliar tem de sua patologia.<\/p>\n    <\/div>\n<\/div>\n\n<h3>Conhecer as patologias para adaptar as pr\u00e1ticas<\/h3>\n\n<p>Acompanhar uma pessoa com doen\u00e7a de Alzheimer n\u00e3o se improvisa. Compreender que a desorienta\u00e7\u00e3o temporal \u00e9 um sintoma e n\u00e3o m\u00e1 vontade, saber que a mem\u00f3ria procedural (como fazer as coisas) \u00e9 preservada por mais tempo do que a mem\u00f3ria epis\u00f3dica (o que aconteceu), conhecer o fen\u00f4meno do sundowning (agita\u00e7\u00e3o no final do dia), adaptar sua comunica\u00e7\u00e3o para evitar confrontos desnecess\u00e1rios \u2014 tudo isso requer um conhecimento preciso da doen\u00e7a.<\/p>\n\n<p>Da mesma forma, acompanhar uma pessoa com Parkinson implica entender os bloqueios motores (freezing), os efeitos dos medicamentos (janelas terap\u00eauticas ON\/OFF), os riscos de queda relacionados \u00e0 rigidez e \u00e0 instabilidade postural, e os dist\u00farbios cognitivos que frequentemente acompanham a doen\u00e7a em est\u00e1gios avan\u00e7ados. O aplicativo <a href=\"https:\/\/www.dynseo.com\/pt-pt\/o-programa-dos-treinadores\/carmen\/\" target=\"_blank\"><strong>CARMEN<\/strong><\/a> integra atividades especificamente adaptadas ao perfil cognitivo das pessoas com Parkinson.<\/p>\n\n<div class=\"checklist\">\n    <h4>\u2714 O que o auxiliar de vida deve conhecer sobre as principais patologias<\/h4>\n    <ul>\n        <li><strong>Alzheimer:<\/strong> est\u00e1gios, sintomas, abordagens de comunica\u00e7\u00e3o, reminisc\u00eancia, gest\u00e3o da err\u00e2ncia e da agita\u00e7\u00e3o<\/li>\n        <li><strong>Parkinson:<\/strong> tremores, rigidez, bloqueios motores, efeitos dos medicamentos, riscos de queda, dist\u00farbios cognitivos<\/li>\n        <li><strong>AVC:<\/strong> sequelas conforme a localiza\u00e7\u00e3o, afasia, hemiparesia, neglig\u00eancia espacial, depress\u00e3o p\u00f3s-AVC<\/li>\n        <li><strongEsclerose m\u00faltipla:<\/strong> fadiga neurol\u00f3gica, sensibilidade ao calor, surtos, variabilidade das capacidades<\/li>\n        <li><strong>Depress\u00e3o em idosos:<\/strong> sintomas at\u00edpicos, risco suicida, distin\u00e7\u00e3o com o in\u00edcio da dem\u00eancia<\/li>\n        <li><strong>Dist\u00farbios de comportamento:<\/strong> identificar os gatilhos, t\u00e9cnicas de desescalada, quando alertar<\/li>\n    <\/ul>\n<\/div>\n\n<h2>Ideia recebida n\u00b09: \"O burn-out \u00e9 para enfermeiras \u2014 o auxiliar de vida, isso afeta menos\"<\/h2>\n\n<div class=\"idee-recue\">\n    <div class=\"idee-header faux\">\n        <span class=\"idee-label\">\u274c FALSO<\/span>\n        <span class=\"idee-statement\">O burn-out \u00e9 reservado aos cuidadores hospitalares<\/span>\n    <\/div>\n<div class=\"idee-body\">\n        <p>Os estudos dispon\u00edveis mostram que a taxa de esgotamento profissional na assist\u00eancia domiciliar \u00e9 significativamente superior \u00e0 m\u00e9dia nacional \u2014 e compar\u00e1vel, ou at\u00e9 superior, \u00e0 dos cuidadores hospitalares.<\/p>\n    <\/div>\n<\/div>\n\n<h3>Os fatores de burn-out espec\u00edficos da assist\u00eancia domiciliar<\/h3>\n\n<p>A assist\u00eancia domiciliar acumula v\u00e1rios fatores de risco de esgotamento profissional que s\u00e3o pr\u00f3prios dela. A <strong>carga emocional<\/strong> \u00e9 intensa e cont\u00ednua \u2014 ser testemunha do sofrimento, da morte, dos conflitos familiares. O <strong>isolamento profissional<\/strong> priva da regula\u00e7\u00e3o emocional natural que ocorre entre colegas em uma estrutura coletiva. A <strong>sucess\u00e3o de perdas<\/strong> (falecimentos de benefici\u00e1rios acompanhados por anos) raramente \u00e9 acompanhada por dispositivos de apoio formais. As <strong>condi\u00e7\u00f5es f\u00edsicas<\/strong> (manuseio de pessoas, trajetos m\u00faltiplos, amplitude hor\u00e1ria) geram uma fadiga f\u00edsica consider\u00e1vel.<\/p>\n\n<p>As estruturas mais exemplares implementaram espa\u00e7os de fala (an\u00e1lise das pr\u00e1ticas), forma\u00e7\u00f5es sobre gest\u00e3o do estresse e do luto profissional, e dispositivos de supervis\u00e3o. O <a href=\"https:\/\/www.dynseo.com\/nos-outils\/thermometre-des-emotions\/\" target=\"_blank\"><strong>Term\u00f4metro das emo\u00e7\u00f5es<\/strong><\/a> pode, ali\u00e1s, ser utilizado nesses espa\u00e7os de fala para ajudar os profissionais a identificar e nomear seu pr\u00f3prio estado emocional \u2014 n\u00e3o apenas o de seus benefici\u00e1rios.<\/p>\n\n<h3>Preven\u00e7\u00e3o e apoio: pistas concretas<\/h3>\n\n<div class=\"method-card yellow\">\n    <div class=\"method-badge badge-yellow\">\ud83c\udf31 Prevenir o burn-out<\/div>\n    <h4>Alavancas individuais e organizacionais<\/h4>\n    <p>A preven\u00e7\u00e3o do burn-out na assist\u00eancia domiciliar requer uma a\u00e7\u00e3o em dois n\u00edveis. No n\u00edvel individual: reconhecer os sinais de esgotamento, desenvolver rotinas de desconex\u00e3o entre as visitas, manter uma vida social e atividades extraprofissionais, n\u00e3o hesitar em alertar seu respons\u00e1vel quando uma situa\u00e7\u00e3o se torna muito pesada para carregar sozinho. No n\u00edvel organizacional: reuni\u00f5es de equipe regulares, supervis\u00e3o dispon\u00edvel, forma\u00e7\u00e3o cont\u00ednua, valoriza\u00e7\u00e3o do trabalho realizado e limita\u00e7\u00e3o das amplitudes hor\u00e1rias excessivas.<\/p>\n<\/div>\n\n<h2>Ideia recebida n\u00b010: \"O auxiliar de vida n\u00e3o tem voz no projeto de cuidado\"<\/h2>\n\n<div class=\"idee-recue\">\n    <div class=\"idee-header faux\">\n        <span class=\"idee-label\">\u274c FALSO<\/span>\n        <span class=\"idee-statement\">O auxiliar executa as decis\u00f5es dos profissionais de sa\u00fade sem participar<\/span>\n    <\/div>\n<div class=\"idee-body\">\n        <p>O auxiliar de vida \u00e9 frequentemente o profissional que melhor conhece a pessoa em seu cotidiano \u2014 seus h\u00e1bitos, suas prefer\u00eancias, seus medos, seus recursos. Esse conhecimento \u00edntimo \u00e9 insubstitu\u00edvel e deve alimentar o projeto de acompanhamento.<\/p>\n    <\/div>\n<\/div>\n\n<h3>A posi\u00e7\u00e3o do auxiliar na equipe multidisciplinar<\/h3>\n\n<p>Nos servi\u00e7os de ajuda domiciliar bem organizados, o auxiliar de vida \u00e9 um membro de pleno direito da equipe multidisciplinar. Ele participa (ou pelo menos suas observa\u00e7\u00f5es s\u00e3o levadas em conta) das reuni\u00f5es de s\u00edntese, das revis\u00f5es dos projetos de vida individualizados e das transmiss\u00f5es com os outros intervenientes. Suas observa\u00e7\u00f5es \u2014 o primeiro a ver uma queda, uma mudan\u00e7a de comportamento, uma perda de peso \u2014 podem desencadear interven\u00e7\u00f5es m\u00e9dicas cruciais.<\/p>\n\n<p>A <a href=\"https:\/\/www.dynseo.com\/nos-outils\/roue-des-choix\/\" target=\"_blank\"><strong>Roda de escolhas DYNSEO<\/strong><\/a> \u00e9 uma ferramenta de comunica\u00e7\u00e3o que permite \u00e0 pessoa acompanhada participar ativamente das decis\u00f5es que a concernem \u2014 o que vamos comer? que atividade faremos hoje? com quem queremos falar? Us\u00e1-la regularmente permite ao auxiliar alimentar o projeto de acompanhamento com as prefer\u00eancias reais da pessoa, em vez de suposi\u00e7\u00f5es.<\/p>\n\n<h2>Ideia recebida n\u00b011: \"Com os aplicativos digitais, o auxiliar de vida vai se tornar obsoleto\"<\/h2>\n\n<div class=\"idee-recue\">\n    <div class=\"idee-header faux\">\n        <span class=\"idee-label\">\u274c FALSO<\/span>\n        <span class=\"idee-statement\">A tecnologia vai substituir os auxiliares de vida<\/span>\n    <\/div>\n    <div class=\"idee-body\">\n        <p>Essa ideia recebida \u00e9 ao mesmo tempo um medo leg\u00edtimo e um erro de an\u00e1lise. A tecnologia n\u00e3o substitui a rela\u00e7\u00e3o humana \u2014 ela a apoia e a enriquece.<\/p>\n    <\/div>\n<\/div>\n\n<h3>A tecnologia como ferramenta, n\u00e3o como substituto<\/h3>\n\n<p>Os aplicativos de estimula\u00e7\u00e3o cognitiva como <a href=\"https:\/\/www.dynseo.com\/pt-pt\/o-programa-dos-treinadores\/carmen\/\" target=\"_blank\"><strong>CARMEN<\/strong><\/a> para os idosos, <a href=\"https:\/\/www.dynseo.com\/pt-pt\/o-programa-dos-treinadores\/fernando-o-seu-treinador-de-cerebro\/\" target=\"_blank\"><strong>FERNANDO<\/strong><\/a> para os adultos, ou <a href=\"https:\/\/www.dynseo.com\/mon-dico-une-application-pour-favoriser-la-communication\/\" target=\"_blank\"><strong>MEU DICION\u00c1RIO<\/strong><\/a> para as pessoas com dist\u00farbios de linguagem ou autismo n\u00e3o substituem o auxiliar de vida. Eles fornecem ferramentas adicionais para enriquecer suas visitas, diversificar as atividades propostas e apoiar fun\u00e7\u00f5es (comunica\u00e7\u00e3o, mem\u00f3ria, autonomia) que se beneficiam de uma estimula\u00e7\u00e3o di\u00e1ria.<\/p>\n\n<p>A intelig\u00eancia artificial atrav\u00e9s do <a href=\"https:\/\/www.dynseo.com\/coach-ia\/\" target=\"_blank\"><strong>Coach IA DYNSEO<\/strong><\/a> pode at\u00e9 acompanhar os profissionais em sua pr\u00e1tica \u2014 sugerir atividades adequadas, ajudar a redigir observa\u00e7\u00f5es, orientar para os recursos pertinentes. Mas n\u00e3o pode substituir a presen\u00e7a calorosa, o olhar emp\u00e1tico e o toque acolhedor que definem o cora\u00e7\u00e3o da profiss\u00e3o de auxiliar de vida.<\/p>\n\n<div class=\"app-card\">\n    <h4>\ud83d\udcf1 A su\u00edte de aplicativos DYNSEO para profissionais em domic\u00edlio<\/h4>\n    <p>DYNSEO desenvolveu uma gama de aplicativos adaptados a cada perfil :<br>\n    \u2022 <a href=\"https:\/\/www.dynseo.com\/pt-pt\/o-programa-dos-treinadores\/carmen\/\" target=\"_blank\"><strong>CARMEN<\/strong><\/a> \u2014 idosos, Alzheimer, Parkinson: interface simplificada, atividades de mem\u00f3ria e estimula\u00e7\u00e3o<br>\n    \u2022 <a href=\"https:\/\/www.dynseo.com\/pt-pt\/o-programa-dos-treinadores\/fernando-o-seu-treinador-de-cerebro\/\" target=\"_blank\"><strong>FERNANDO<\/strong><\/a> \u2014 adultos, p\u00f3s-AVC, sa\u00fade mental: estimula\u00e7\u00e3o cognitiva progressiva<br>\n    \u2022 <a href=\"https:\/\/www.dynseo.com\/jeux-de-memoire\/coco-jeux-enfants\/\" target=\"_blank\"><strong>COCO<\/strong><\/a> \u2014 crian\u00e7as de 5 a 10 anos: aprendizagem e desenvolvimento cognitivo<br>\n    \u2022 <a href=\"https:\/\/www.dynseo.com\/mon-dico-une-application-pour-favoriser-la-communication\/\" target=\"_blank\"><strong>MEU DICION\u00c1RIO<\/strong><\/a> \u2014 autismo, afasia, comunica\u00e7\u00e3o alternativa aumentativa<\/p>\n    <a href=\"https:\/\/www.dynseo.com\/nos-outils\/\" target=\"_blank\" class=\"cta-button\">Descobrir todas as ferramentas DYNSEO \u2192<\/a>\n<\/div>\n\n<h2>Ideia recebida n\u00b012: \"As fam\u00edlias s\u00e3o parceiras f\u00e1ceis \u2014 elas sabem o que querem\"<\/h2>\n\n<div class=\"idee-recue\">\n    <div class=\"idee-header faux\">\n        <span class=\"idee-label\">\u274c FALSO (a realidade \u00e9 mais complexa)<\/span>\n        <span class=\"idee-statement\">Trabalhar com as fam\u00edlias \u00e9 simples e natural<\/span>\n    <\/div>\n<div class=\"idee-body\">\n        <p>A rela\u00e7\u00e3o com as fam\u00edlias \u00e9 uma das dimens\u00f5es mais delicadas da profiss\u00e3o. As fam\u00edlias muitas vezes vivem uma situa\u00e7\u00e3o de crise, de luto antecipat\u00f3rio, \u00e0s vezes de conflitos internos sobre a gest\u00e3o da situa\u00e7\u00e3o de seu ente querido \u2014 e o auxiliar de vida se encontra no cruzamento de todas essas tens\u00f5es.<\/p>\n    <\/div>\n<\/div>\n\n<h3>A fam\u00edlia como sistema: uma abordagem sist\u00eamica<\/h3>\n\n<p>Por tr\u00e1s de cada benefici\u00e1rio, h\u00e1 uma fam\u00edlia que reage de maneira diferente \u00e0 situa\u00e7\u00e3o: a crian\u00e7a que nega a gravidade da doen\u00e7a, aquela que se culpa por n\u00e3o cuidar pessoalmente de seu pai ou m\u00e3e, a companheira exausta que n\u00e3o pode admitir que n\u00e3o consegue mais, as tens\u00f5es entre irm\u00e3os sobre as decis\u00f5es a serem tomadas. O auxiliar de vida atravessa essas din\u00e2micas familiares complexas todos os dias \u2014 sem ter sido treinado para se tornar terapeuta familiar, mas com a obriga\u00e7\u00e3o de encontrar a postura certa.<\/p>\n\n<p>A forma\u00e7\u00e3o em t\u00e9cnicas de comunica\u00e7\u00e3o gentil, na resolu\u00e7\u00e3o de conflitos e na gest\u00e3o das emo\u00e7\u00f5es dos entes queridos \u00e9 um grande trunfo. As ferramentas DYNSEO como o <a href=\"https:\/\/www.dynseo.com\/nos-outils\/thermometre-des-emotions\/\" target=\"_blank\"><strong>Term\u00f4metro das emo\u00e7\u00f5es<\/strong><\/a> podem facilitar as discuss\u00f5es com as fam\u00edlias, oferecendo um suporte concreto e n\u00e3o amea\u00e7ador para falar sobre o estado emocional de seu ente querido.<\/p>\n\n<h2>O que a profiss\u00e3o de auxiliar de vida realmente traz<\/h2>\n\n<p>Al\u00e9m das ideias preconcebidas, a profiss\u00e3o de auxiliar de vida \u00e9 portadora de uma riqueza humana rara. Estar com algu\u00e9m em seus momentos mais vulner\u00e1veis \u2014 e contribuir para preservar sua dignidade, sua autonomia e sua alegria de viver \u2014 \u00e9 uma experi\u00eancia humana de uma intensidade que poucas profiss\u00f5es oferecem.<\/p>\n\n<p>Os profissionais que permanecem na profiss\u00e3o a longo prazo raramente o fazem apenas por raz\u00f5es financeiras. Eles ficam porque sabem que sua presen\u00e7a faz uma diferen\u00e7a real na vida de pessoas que precisam profundamente. Eles ficam porque desenvolveram habilidades raras \u2014 a empatia pr\u00e1tica, a paci\u00eancia, a criatividade no acompanhamento, a solidez diante do sofrimento \u2014 que n\u00e3o se encontra em nenhuma outra profiss\u00e3o.<\/p>\n<div class=\"highlight-box\">\n    <h4>\ud83d\udd0d Avaliar para melhor acompanhar<\/h4>\n    <p>Os <a href=\"https:\/\/www.dynseo.com\/nos-tests\/\" target=\"_blank\"><strong>testes cognitivos DYNSEO<\/strong><\/a> podem ser \u00fateis no contexto da ajuda domiciliar \u2014 n\u00e3o para fazer diagn\u00f3sticos, mas para objetivar certas observa\u00e7\u00f5es e comunic\u00e1-las \u00e0 equipe de cuidados. O <a href=\"https:\/\/www.dynseo.com\/test-memoire\/\" target=\"_blank\"><strong>teste de mem\u00f3ria<\/strong><\/a> ou o <a href=\"https:\/\/www.dynseo.com\/test-concentra\u00e7\u00e3o-attention\/\" target=\"_blank\"><strong>teste de concentra\u00e7\u00e3o<\/strong><\/a> podem revelar mudan\u00e7as que merecem aten\u00e7\u00e3o m\u00e9dica.<\/p>\n<\/div>\n\n<div class=\"conclusion\">\n    <h2>Conclus\u00e3o: uma profiss\u00e3o essencial que merece ser conhecida<\/h2>\n    <p>As ideias preconcebidas sobre a profiss\u00e3o de auxiliar de vida s\u00e3o numerosas, persistentes e muitas vezes injustas. Elas reduzem a uma caricatura um trabalho profissional complexo, exigente e fundamentalmente humano. Quebrar essas representa\u00e7\u00f5es \u00e9 essencial \u2014 para atrair e reter as voca\u00e7\u00f5es das quais nossa sociedade envelhecida precisa desesperadamente, para que as fam\u00edlias que recorrem a esses profissionais tenham expectativas realistas e respeitosas, e para que os benefici\u00e1rios recebam o acompanhamento de qualidade que merecem.<\/p>\n    <p>O auxiliar de vida \u00e9 um profissional qualificado, engajado, no cruzamento da rela\u00e7\u00e3o humana e do cuidado. Ele merece reconhecimento, forma\u00e7\u00e3o cont\u00ednua e ferramentas adequadas ao seu papel complexo. A DYNSEO se compromete a fornecer essas ferramentas \u2014 aplicativos, testes cognitivos, forma\u00e7\u00f5es \u2014 para que cada profissional domiciliar possa exercer com toda a compet\u00eancia e confian\u00e7a que sua profiss\u00e3o requer.<\/p>\n    <a href=\"https:\/\/www.dynseo.com\/nos-outils\/\" target=\"_blank\" class=\"cta-button\">Descobrir as ferramentas DYNSEO para os profissionais \u2192<\/a>\n<\/div>\n\n<h2>FAQ<\/h2>\n<div class=\"faq-item\"><h4>O auxiliar de vida pode praticar atividades de estimula\u00e7\u00e3o cognitiva?<\/h4><p>Sim \u2014 no \u00e2mbito do projeto de acompanhamento e com as ferramentas adequadas. A estimula\u00e7\u00e3o cognitiva (a ser distinguida da reabilita\u00e7\u00e3o, ato param\u00e9dico) pode ser proposta pelo auxiliar: jogos de mem\u00f3ria, reminisc\u00eancia, aplicativos como CARMEN ou FERNANDO.<\/p><\/div>\n<div class=\"faq-item\"><h4>Quais diplomas s\u00e3o necess\u00e1rios para se tornar auxiliar de vida?<\/h4><p>O DEAES (anteriormente DEAVS) \u00e9 o diploma de Estado de refer\u00eancia. O t\u00edtulo ADVF \u00e9 outra via reconhecida. Alguns cargos est\u00e3o acess\u00edveis sem diploma com forma\u00e7\u00e3o interna e VAE poss\u00edvel.<\/p><\/div>\n<div class=\"faq-item\"><h4>Como prevenir o burn-out nesta profiss\u00e3o?<\/h4><p>Supervis\u00e3o e an\u00e1lise das pr\u00e1ticas, reuni\u00f5es de equipe regulares, forma\u00e7\u00e3o cont\u00ednua, desconex\u00e3o entre as visitas, limita\u00e7\u00e3o das amplitudes hor\u00e1rias e reconhecimento institucional do trabalho emocional realizado.<\/p><\/div>\n<div class=\"faq-item\"><h4>Como o auxiliar de vida coordena com os outros profissionais?<\/h4><p>Atrav\u00e9s das ferramentas de transmiss\u00e3o (ficha de acompanhamento, caderno de liga\u00e7\u00e3o), reuni\u00f5es de equipe e alertas ao respons\u00e1vel de setor ou ao m\u00e9dico respons\u00e1vel em caso de mudan\u00e7a no estado da pessoa.<\/p><\/div>\n\n<\/div>\n\n<footer class=\"article-footer\">\n    <h3>Recursos DYNSEO para os profissionais domiciliares<\/h3>\n    <div class=\"footer-links\">\n        <a href=\"https:\/\/www.dynseo.com\/pt-pt\/o-programa-dos-treinadores\/carmen\/\" target=\"_blank\">Aplicativo CARMEN<\/a>\n        <a href=\"https:\/\/www.dynseo.com\/pt-pt\/o-programa-dos-treinadores\/fernando-o-seu-treinador-de-cerebro\/\" target=\"_blank\">Aplicativo FERNANDO<\/a>\n        <a href=\"https:\/\/www.dynseo.com\/nos-formations\/\" target=\"_blank\">Forma\u00e7\u00f5es<\/a>\n        <a href=\"https:\/\/www.dynseo.com\/nos-outils\/\" target=\"_blank\">Todas as ferramentas<\/a>\n        <a href=\"https:\/\/www.dynseo.com\/nos-tests\/\" target=\"_blank\">Testes cognitivos<\/a>\n    <\/div>\n<\/footer>\n<\/article>\n<\/div>[\/et_pb_code][\/et_pb_column][\/et_pb_row][\/et_pb_section]","_et_gb_content_width":"","footnotes":""},"categories":[2915],"tags":[],"class_list":["post-557880","post","type-post","status-publish","format-standard","has-post-thumbnail","hentry","category-les-conseils-des-coachs"],"yoast_head":"<!-- This site is optimized with the Yoast SEO plugin v27.4 - https:\/\/yoast.com\/product\/yoast-seo-wordpress\/ -->\n<title>Vrai\/faux sur le m\u00e9tier d&#039;auxiliaire de vie : casser les id\u00e9es re\u00e7ues | DYNSEO - DYNSEO - Aplica\u00e7\u00f5es educativas e jogos de mem\u00f3ria<\/title>\n<meta name=\"robots\" content=\"index, follow, max-snippet:-1, max-image-preview:large, max-video-preview:-1\" \/>\n<link rel=\"canonical\" href=\"https:\/\/www.dynseo.com\/pt-pt\/vrai-faux-sobre-o-metier-de-auxiliar-de-vida-cassar-as-ideias-recebidas-dynseo\/\" \/>\n<meta property=\"og:locale\" content=\"pt_PT\" \/>\n<meta property=\"og:type\" content=\"article\" \/>\n<meta property=\"og:title\" content=\"Vrai\/faux sur le m\u00e9tier d&#039;auxiliaire de vie : casser les id\u00e9es re\u00e7ues | DYNSEO - DYNSEO - Aplica\u00e7\u00f5es educativas e jogos de mem\u00f3ria\" \/>\n<meta property=\"og:description\" content=\"\ud83c\udfe0 Aide \u00e0 domicile \u2014 M\u00e9tiers do cuidado Verdadeiro\/falso sobre a profiss\u00e3o de auxiliar de vida: quebrando ideias preconcebidas A profiss\u00e3o de auxiliar de vida sofre de representa\u00e7\u00f5es persistentes que n\u00e3o fazem justi\u00e7a \u00e0 sua realidade cotidiana. Entre a &quot;simples ajudante de limpeza&quot; e o &quot;profissional de sa\u00fade por completo&quot;, a verdade \u00e9 mais sutil [&hellip;]\" \/>\n<meta property=\"og:url\" content=\"https:\/\/www.dynseo.com\/pt-pt\/vrai-faux-sobre-o-metier-de-auxiliar-de-vida-cassar-as-ideias-recebidas-dynseo\/\" \/>\n<meta property=\"og:site_name\" content=\"DYNSEO - Aplica\u00e7\u00f5es educativas e jogos de mem\u00f3ria\" \/>\n<meta property=\"article:published_time\" content=\"2026-04-25T01:27:39+00:00\" \/>\n<meta property=\"article:modified_time\" content=\"2026-04-25T01:30:59+00:00\" \/>\n<meta property=\"og:image\" content=\"https:\/\/www.dynseo.com\/wp-content\/uploads\/2025\/04\/DYNSEO-demande-de-PCH-avec-nos-programme-de-jeux-de-memoire4.png\" \/>\n\t<meta property=\"og:image:width\" content=\"1080\" \/>\n\t<meta property=\"og:image:height\" content=\"540\" \/>\n\t<meta property=\"og:image:type\" content=\"image\/png\" \/>\n<meta name=\"author\" content=\"DYNSEO\" \/>\n<meta name=\"twitter:label1\" content=\"Escrito por\" \/>\n\t<meta name=\"twitter:data1\" content=\"DYNSEO\" \/>\n\t<meta name=\"twitter:label2\" content=\"Tempo estimado de leitura\" \/>\n\t<meta name=\"twitter:data2\" content=\"15 minutos\" \/>\n<script type=\"application\/ld+json\" class=\"yoast-schema-graph\">{\"@context\":\"https:\\\/\\\/schema.org\",\"@graph\":[{\"@type\":\"Article\",\"@id\":\"https:\\\/\\\/www.dynseo.com\\\/pt-pt\\\/vrai-faux-sobre-o-metier-de-auxiliar-de-vida-cassar-as-ideias-recebidas-dynseo\\\/#article\",\"isPartOf\":{\"@id\":\"https:\\\/\\\/www.dynseo.com\\\/pt-pt\\\/vrai-faux-sobre-o-metier-de-auxiliar-de-vida-cassar-as-ideias-recebidas-dynseo\\\/\"},\"author\":{\"name\":\"DYNSEO\",\"@id\":\"https:\\\/\\\/www.dynseo.com\\\/pt-pt\\\/#\\\/schema\\\/person\\\/78ef63df2ee64e0989bc68f8401b38d6\"},\"headline\":\"Vrai\\\/faux sur le m\u00e9tier d&#8217;auxiliaire de vie : casser les id\u00e9es re\u00e7ues | DYNSEO\",\"datePublished\":\"2026-04-25T01:27:39+00:00\",\"dateModified\":\"2026-04-25T01:30:59+00:00\",\"mainEntityOfPage\":{\"@id\":\"https:\\\/\\\/www.dynseo.com\\\/pt-pt\\\/vrai-faux-sobre-o-metier-de-auxiliar-de-vida-cassar-as-ideias-recebidas-dynseo\\\/\"},\"wordCount\":2997,\"publisher\":{\"@id\":\"https:\\\/\\\/www.dynseo.com\\\/pt-pt\\\/#organization\"},\"image\":{\"@id\":\"https:\\\/\\\/www.dynseo.com\\\/pt-pt\\\/vrai-faux-sobre-o-metier-de-auxiliar-de-vida-cassar-as-ideias-recebidas-dynseo\\\/#primaryimage\"},\"thumbnailUrl\":\"https:\\\/\\\/www.dynseo.com\\\/wp-content\\\/uploads\\\/2025\\\/04\\\/DYNSEO-demande-de-PCH-avec-nos-programme-de-jeux-de-memoire4.png\",\"articleSection\":[\"Les conseils des coachs\"],\"inLanguage\":\"pt-PT\"},{\"@type\":\"WebPage\",\"@id\":\"https:\\\/\\\/www.dynseo.com\\\/pt-pt\\\/vrai-faux-sobre-o-metier-de-auxiliar-de-vida-cassar-as-ideias-recebidas-dynseo\\\/\",\"url\":\"https:\\\/\\\/www.dynseo.com\\\/pt-pt\\\/vrai-faux-sobre-o-metier-de-auxiliar-de-vida-cassar-as-ideias-recebidas-dynseo\\\/\",\"name\":\"Vrai\\\/faux sur le m\u00e9tier d'auxiliaire de vie : casser les id\u00e9es re\u00e7ues | DYNSEO - DYNSEO - Aplica\u00e7\u00f5es educativas e jogos de mem\u00f3ria\",\"isPartOf\":{\"@id\":\"https:\\\/\\\/www.dynseo.com\\\/pt-pt\\\/#website\"},\"primaryImageOfPage\":{\"@id\":\"https:\\\/\\\/www.dynseo.com\\\/pt-pt\\\/vrai-faux-sobre-o-metier-de-auxiliar-de-vida-cassar-as-ideias-recebidas-dynseo\\\/#primaryimage\"},\"image\":{\"@id\":\"https:\\\/\\\/www.dynseo.com\\\/pt-pt\\\/vrai-faux-sobre-o-metier-de-auxiliar-de-vida-cassar-as-ideias-recebidas-dynseo\\\/#primaryimage\"},\"thumbnailUrl\":\"https:\\\/\\\/www.dynseo.com\\\/wp-content\\\/uploads\\\/2025\\\/04\\\/DYNSEO-demande-de-PCH-avec-nos-programme-de-jeux-de-memoire4.png\",\"datePublished\":\"2026-04-25T01:27:39+00:00\",\"dateModified\":\"2026-04-25T01:30:59+00:00\",\"breadcrumb\":{\"@id\":\"https:\\\/\\\/www.dynseo.com\\\/pt-pt\\\/vrai-faux-sobre-o-metier-de-auxiliar-de-vida-cassar-as-ideias-recebidas-dynseo\\\/#breadcrumb\"},\"inLanguage\":\"pt-PT\",\"potentialAction\":[{\"@type\":\"ReadAction\",\"target\":[\"https:\\\/\\\/www.dynseo.com\\\/pt-pt\\\/vrai-faux-sobre-o-metier-de-auxiliar-de-vida-cassar-as-ideias-recebidas-dynseo\\\/\"]}]},{\"@type\":\"ImageObject\",\"inLanguage\":\"pt-PT\",\"@id\":\"https:\\\/\\\/www.dynseo.com\\\/pt-pt\\\/vrai-faux-sobre-o-metier-de-auxiliar-de-vida-cassar-as-ideias-recebidas-dynseo\\\/#primaryimage\",\"url\":\"https:\\\/\\\/www.dynseo.com\\\/wp-content\\\/uploads\\\/2025\\\/04\\\/DYNSEO-demande-de-PCH-avec-nos-programme-de-jeux-de-memoire4.png\",\"contentUrl\":\"https:\\\/\\\/www.dynseo.com\\\/wp-content\\\/uploads\\\/2025\\\/04\\\/DYNSEO-demande-de-PCH-avec-nos-programme-de-jeux-de-memoire4.png\",\"width\":1080,\"height\":540,\"caption\":\"Estimula\u00e7\u00e3o mental constante \u00e9 fundamental para retardar o avan\u00e7o do Alzheimer\"},{\"@type\":\"BreadcrumbList\",\"@id\":\"https:\\\/\\\/www.dynseo.com\\\/pt-pt\\\/vrai-faux-sobre-o-metier-de-auxiliar-de-vida-cassar-as-ideias-recebidas-dynseo\\\/#breadcrumb\",\"itemListElement\":[{\"@type\":\"ListItem\",\"position\":1,\"name\":\"Accueil\",\"item\":\"https:\\\/\\\/www.dynseo.com\\\/pt-pt\\\/\"},{\"@type\":\"ListItem\",\"position\":2,\"name\":\"Vrai\\\/faux sur le m\u00e9tier d&#8217;auxiliaire de vie : casser les id\u00e9es re\u00e7ues | DYNSEO\"}]},{\"@type\":\"WebSite\",\"@id\":\"https:\\\/\\\/www.dynseo.com\\\/pt-pt\\\/#website\",\"url\":\"https:\\\/\\\/www.dynseo.com\\\/pt-pt\\\/\",\"name\":\"Jeux de m\u00e9moire et stimulation cognitive\",\"description\":\"Entra\u00eenez votre m\u00e9moire et votre cerveau avec DYNSEO\",\"publisher\":{\"@id\":\"https:\\\/\\\/www.dynseo.com\\\/pt-pt\\\/#organization\"},\"potentialAction\":[{\"@type\":\"SearchAction\",\"target\":{\"@type\":\"EntryPoint\",\"urlTemplate\":\"https:\\\/\\\/www.dynseo.com\\\/pt-pt\\\/?s={search_term_string}\"},\"query-input\":{\"@type\":\"PropertyValueSpecification\",\"valueRequired\":true,\"valueName\":\"search_term_string\"}}],\"inLanguage\":\"pt-PT\"},{\"@type\":\"Organization\",\"@id\":\"https:\\\/\\\/www.dynseo.com\\\/pt-pt\\\/#organization\",\"name\":\"DYNSEO\",\"url\":\"https:\\\/\\\/www.dynseo.com\\\/pt-pt\\\/\",\"logo\":{\"@type\":\"ImageObject\",\"inLanguage\":\"pt-PT\",\"@id\":\"https:\\\/\\\/www.dynseo.com\\\/pt-pt\\\/#\\\/schema\\\/logo\\\/image\\\/\",\"url\":\"https:\\\/\\\/www.dynseo.com\\\/wp-content\\\/uploads\\\/2022\\\/05\\\/logo-dynseo-new.png\",\"contentUrl\":\"https:\\\/\\\/www.dynseo.com\\\/wp-content\\\/uploads\\\/2022\\\/05\\\/logo-dynseo-new.png\",\"width\":5073,\"height\":1397,\"caption\":\"DYNSEO\"},\"image\":{\"@id\":\"https:\\\/\\\/www.dynseo.com\\\/pt-pt\\\/#\\\/schema\\\/logo\\\/image\\\/\"}},{\"@type\":\"Person\",\"@id\":\"https:\\\/\\\/www.dynseo.com\\\/pt-pt\\\/#\\\/schema\\\/person\\\/78ef63df2ee64e0989bc68f8401b38d6\",\"name\":\"DYNSEO\",\"url\":\"https:\\\/\\\/www.dynseo.com\\\/pt-pt\\\/author\\\/justine\\\/\"}]}<\/script>\n<!-- \/ Yoast SEO plugin. -->","yoast_head_json":{"title":"Vrai\/faux sur le m\u00e9tier d'auxiliaire de vie : casser les id\u00e9es re\u00e7ues | DYNSEO - DYNSEO - Aplica\u00e7\u00f5es educativas e jogos de mem\u00f3ria","robots":{"index":"index","follow":"follow","max-snippet":"max-snippet:-1","max-image-preview":"max-image-preview:large","max-video-preview":"max-video-preview:-1"},"canonical":"https:\/\/www.dynseo.com\/pt-pt\/vrai-faux-sobre-o-metier-de-auxiliar-de-vida-cassar-as-ideias-recebidas-dynseo\/","og_locale":"pt_PT","og_type":"article","og_title":"Vrai\/faux sur le m\u00e9tier d'auxiliaire de vie : casser les id\u00e9es re\u00e7ues | DYNSEO - DYNSEO - Aplica\u00e7\u00f5es educativas e jogos de mem\u00f3ria","og_description":"\ud83c\udfe0 Aide \u00e0 domicile \u2014 M\u00e9tiers do cuidado Verdadeiro\/falso sobre a profiss\u00e3o de auxiliar de vida: quebrando ideias preconcebidas A profiss\u00e3o de auxiliar de vida sofre de representa\u00e7\u00f5es persistentes que n\u00e3o fazem justi\u00e7a \u00e0 sua realidade cotidiana. Entre a \"simples ajudante de limpeza\" e o \"profissional de sa\u00fade por completo\", a verdade \u00e9 mais sutil [&hellip;]","og_url":"https:\/\/www.dynseo.com\/pt-pt\/vrai-faux-sobre-o-metier-de-auxiliar-de-vida-cassar-as-ideias-recebidas-dynseo\/","og_site_name":"DYNSEO - Aplica\u00e7\u00f5es educativas e jogos de mem\u00f3ria","article_published_time":"2026-04-25T01:27:39+00:00","article_modified_time":"2026-04-25T01:30:59+00:00","og_image":[{"width":1080,"height":540,"url":"https:\/\/www.dynseo.com\/wp-content\/uploads\/2025\/04\/DYNSEO-demande-de-PCH-avec-nos-programme-de-jeux-de-memoire4.png","type":"image\/png"}],"author":"DYNSEO","twitter_misc":{"Escrito por":"DYNSEO","Tempo estimado de leitura":"15 minutos"},"schema":{"@context":"https:\/\/schema.org","@graph":[{"@type":"Article","@id":"https:\/\/www.dynseo.com\/pt-pt\/vrai-faux-sobre-o-metier-de-auxiliar-de-vida-cassar-as-ideias-recebidas-dynseo\/#article","isPartOf":{"@id":"https:\/\/www.dynseo.com\/pt-pt\/vrai-faux-sobre-o-metier-de-auxiliar-de-vida-cassar-as-ideias-recebidas-dynseo\/"},"author":{"name":"DYNSEO","@id":"https:\/\/www.dynseo.com\/pt-pt\/#\/schema\/person\/78ef63df2ee64e0989bc68f8401b38d6"},"headline":"Vrai\/faux sur le m\u00e9tier d&#8217;auxiliaire de vie : casser les id\u00e9es re\u00e7ues | DYNSEO","datePublished":"2026-04-25T01:27:39+00:00","dateModified":"2026-04-25T01:30:59+00:00","mainEntityOfPage":{"@id":"https:\/\/www.dynseo.com\/pt-pt\/vrai-faux-sobre-o-metier-de-auxiliar-de-vida-cassar-as-ideias-recebidas-dynseo\/"},"wordCount":2997,"publisher":{"@id":"https:\/\/www.dynseo.com\/pt-pt\/#organization"},"image":{"@id":"https:\/\/www.dynseo.com\/pt-pt\/vrai-faux-sobre-o-metier-de-auxiliar-de-vida-cassar-as-ideias-recebidas-dynseo\/#primaryimage"},"thumbnailUrl":"https:\/\/www.dynseo.com\/wp-content\/uploads\/2025\/04\/DYNSEO-demande-de-PCH-avec-nos-programme-de-jeux-de-memoire4.png","articleSection":["Les conseils des coachs"],"inLanguage":"pt-PT"},{"@type":"WebPage","@id":"https:\/\/www.dynseo.com\/pt-pt\/vrai-faux-sobre-o-metier-de-auxiliar-de-vida-cassar-as-ideias-recebidas-dynseo\/","url":"https:\/\/www.dynseo.com\/pt-pt\/vrai-faux-sobre-o-metier-de-auxiliar-de-vida-cassar-as-ideias-recebidas-dynseo\/","name":"Vrai\/faux sur le m\u00e9tier d'auxiliaire de vie : casser les id\u00e9es re\u00e7ues | DYNSEO - DYNSEO - Aplica\u00e7\u00f5es educativas e jogos de mem\u00f3ria","isPartOf":{"@id":"https:\/\/www.dynseo.com\/pt-pt\/#website"},"primaryImageOfPage":{"@id":"https:\/\/www.dynseo.com\/pt-pt\/vrai-faux-sobre-o-metier-de-auxiliar-de-vida-cassar-as-ideias-recebidas-dynseo\/#primaryimage"},"image":{"@id":"https:\/\/www.dynseo.com\/pt-pt\/vrai-faux-sobre-o-metier-de-auxiliar-de-vida-cassar-as-ideias-recebidas-dynseo\/#primaryimage"},"thumbnailUrl":"https:\/\/www.dynseo.com\/wp-content\/uploads\/2025\/04\/DYNSEO-demande-de-PCH-avec-nos-programme-de-jeux-de-memoire4.png","datePublished":"2026-04-25T01:27:39+00:00","dateModified":"2026-04-25T01:30:59+00:00","breadcrumb":{"@id":"https:\/\/www.dynseo.com\/pt-pt\/vrai-faux-sobre-o-metier-de-auxiliar-de-vida-cassar-as-ideias-recebidas-dynseo\/#breadcrumb"},"inLanguage":"pt-PT","potentialAction":[{"@type":"ReadAction","target":["https:\/\/www.dynseo.com\/pt-pt\/vrai-faux-sobre-o-metier-de-auxiliar-de-vida-cassar-as-ideias-recebidas-dynseo\/"]}]},{"@type":"ImageObject","inLanguage":"pt-PT","@id":"https:\/\/www.dynseo.com\/pt-pt\/vrai-faux-sobre-o-metier-de-auxiliar-de-vida-cassar-as-ideias-recebidas-dynseo\/#primaryimage","url":"https:\/\/www.dynseo.com\/wp-content\/uploads\/2025\/04\/DYNSEO-demande-de-PCH-avec-nos-programme-de-jeux-de-memoire4.png","contentUrl":"https:\/\/www.dynseo.com\/wp-content\/uploads\/2025\/04\/DYNSEO-demande-de-PCH-avec-nos-programme-de-jeux-de-memoire4.png","width":1080,"height":540,"caption":"Estimula\u00e7\u00e3o mental constante \u00e9 fundamental para retardar o avan\u00e7o do Alzheimer"},{"@type":"BreadcrumbList","@id":"https:\/\/www.dynseo.com\/pt-pt\/vrai-faux-sobre-o-metier-de-auxiliar-de-vida-cassar-as-ideias-recebidas-dynseo\/#breadcrumb","itemListElement":[{"@type":"ListItem","position":1,"name":"Accueil","item":"https:\/\/www.dynseo.com\/pt-pt\/"},{"@type":"ListItem","position":2,"name":"Vrai\/faux sur le m\u00e9tier d&#8217;auxiliaire de vie : casser les id\u00e9es re\u00e7ues | DYNSEO"}]},{"@type":"WebSite","@id":"https:\/\/www.dynseo.com\/pt-pt\/#website","url":"https:\/\/www.dynseo.com\/pt-pt\/","name":"Jeux de m\u00e9moire et stimulation cognitive","description":"Entra\u00eenez votre m\u00e9moire et votre cerveau avec DYNSEO","publisher":{"@id":"https:\/\/www.dynseo.com\/pt-pt\/#organization"},"potentialAction":[{"@type":"SearchAction","target":{"@type":"EntryPoint","urlTemplate":"https:\/\/www.dynseo.com\/pt-pt\/?s={search_term_string}"},"query-input":{"@type":"PropertyValueSpecification","valueRequired":true,"valueName":"search_term_string"}}],"inLanguage":"pt-PT"},{"@type":"Organization","@id":"https:\/\/www.dynseo.com\/pt-pt\/#organization","name":"DYNSEO","url":"https:\/\/www.dynseo.com\/pt-pt\/","logo":{"@type":"ImageObject","inLanguage":"pt-PT","@id":"https:\/\/www.dynseo.com\/pt-pt\/#\/schema\/logo\/image\/","url":"https:\/\/www.dynseo.com\/wp-content\/uploads\/2022\/05\/logo-dynseo-new.png","contentUrl":"https:\/\/www.dynseo.com\/wp-content\/uploads\/2022\/05\/logo-dynseo-new.png","width":5073,"height":1397,"caption":"DYNSEO"},"image":{"@id":"https:\/\/www.dynseo.com\/pt-pt\/#\/schema\/logo\/image\/"}},{"@type":"Person","@id":"https:\/\/www.dynseo.com\/pt-pt\/#\/schema\/person\/78ef63df2ee64e0989bc68f8401b38d6","name":"DYNSEO","url":"https:\/\/www.dynseo.com\/pt-pt\/author\/justine\/"}]}},"_links":{"self":[{"href":"https:\/\/www.dynseo.com\/pt-pt\/wp-json\/wp\/v2\/posts\/557880","targetHints":{"allow":["GET"]}}],"collection":[{"href":"https:\/\/www.dynseo.com\/pt-pt\/wp-json\/wp\/v2\/posts"}],"about":[{"href":"https:\/\/www.dynseo.com\/pt-pt\/wp-json\/wp\/v2\/types\/post"}],"author":[{"embeddable":true,"href":"https:\/\/www.dynseo.com\/pt-pt\/wp-json\/wp\/v2\/users\/4"}],"replies":[{"embeddable":true,"href":"https:\/\/www.dynseo.com\/pt-pt\/wp-json\/wp\/v2\/comments?post=557880"}],"version-history":[{"count":11,"href":"https:\/\/www.dynseo.com\/pt-pt\/wp-json\/wp\/v2\/posts\/557880\/revisions"}],"predecessor-version":[{"id":557891,"href":"https:\/\/www.dynseo.com\/pt-pt\/wp-json\/wp\/v2\/posts\/557880\/revisions\/557891"}],"wp:featuredmedia":[{"embeddable":true,"href":"https:\/\/www.dynseo.com\/pt-pt\/wp-json\/wp\/v2\/media\/150367"}],"wp:attachment":[{"href":"https:\/\/www.dynseo.com\/pt-pt\/wp-json\/wp\/v2\/media?parent=557880"}],"wp:term":[{"taxonomy":"category","embeddable":true,"href":"https:\/\/www.dynseo.com\/pt-pt\/wp-json\/wp\/v2\/categories?post=557880"},{"taxonomy":"post_tag","embeddable":true,"href":"https:\/\/www.dynseo.com\/pt-pt\/wp-json\/wp\/v2\/tags?post=557880"}],"curies":[{"name":"wp","href":"https:\/\/api.w.org\/{rel}","templated":true}]}}