{"id":558108,"date":"2026-04-25T04:49:47","date_gmt":"2026-04-25T02:49:47","guid":{"rendered":"https:\/\/www.dynseo.com\/comment-impliquer-les-aidants-familiaux-dans-la-reeducation-cognitive-dynseo-2\/"},"modified":"2026-04-25T04:53:00","modified_gmt":"2026-04-25T02:53:00","slug":"como-envolver-os-cuidadores-familiares-na-reabilitacao-cognitiva-dynseo","status":"publish","type":"post","link":"https:\/\/www.dynseo.com\/pt-pt\/como-envolver-os-cuidadores-familiares-na-reabilitacao-cognitiva-dynseo\/","title":{"rendered":"Como envolver os cuidadores familiares na reabilita\u00e7\u00e3o cognitiva? | DYNSEO"},"content":{"rendered":"<p>[et_pb_section fb_built=&#8221;1&#8243; admin_label=&#8221;Article HTML&#8221; _builder_version=&#8221;4.16&#8243; custom_padding=&#8221;0px||0px||false|false&#8221; global_colors_info=&#8221;{}&#8221;][et_pb_row admin_label=&#8221;Contenu&#8221; _builder_version=&#8221;4.16&#8243; width=&#8221;100%&#8221; max_width=&#8221;100%&#8221; custom_padding=&#8221;0px||0px||false|false&#8221; global_colors_info=&#8221;{}&#8221;][et_pb_column type=&#8221;4_4&#8243; _builder_version=&#8221;4.16&#8243; global_colors_info=&#8221;{}&#8221;][et_pb_code admin_label=&#8221;HTML import\u00e9&#8221; _builder_version=&#8221;4.16&#8243; global_colors_info=&#8221;{}&#8221;]<\/p>\n<style type=\"text\/css\">\n@import url('https:\/\/fonts.googleapis.com\/css2?family=Montserrat:wght@600;700;800&family=Poppins:wght@400;500;600&display=swap');\n        * { margin: 0; padding: 0; box-sizing: border-box; }\n.dbi-art-ac8a88 { font-family: 'Poppins', sans-serif; line-height: 1.9; color: #333; background-color: #f8f9fa; }\n.dbi-art-ac8a88 .container { max-width: 920px; margin: 0 auto; padding: 20px; }\n.dbi-art-ac8a88 .article-header { background: linear-gradient(135deg, #5e5ed7 0%, #5268c9 100%); color: white; padding: 70px 20px; text-align: center; border-radius: 0 0 30px 30px; margin-bottom: 50px; }\n.dbi-art-ac8a88 .article-category { display: inline-block; background: rgba(255,255,255,0.2); padding: 8px 20px; border-radius: 25px; font-size: 0.9rem; margin-bottom: 20px; }\n.dbi-art-ac8a88 .article-header h1 { font-family: 'Montserrat', sans-serif; font-size: 2.4rem; margin-bottom: 20px; }\n.dbi-art-ac8a88 .article-header .subtitle { font-size: 1.1rem; opacity: 0.95; max-width: 720px; margin: 0 auto; }\n.dbi-art-ac8a88 .intro-paragraph { font-size: 1.1rem; color: #555; padding: 32px; background: white; border-radius: 15px; border-left: 5px solid #5e5ed7; margin-bottom: 45px; box-shadow: 0 5px 20px rgba(94,94,215,0.1); }\n.dbi-art-ac8a88 h2 { font-family: 'Montserrat', sans-serif; color: #5e5ed7; font-size: 2rem; margin: 55px 0 25px; padding-bottom: 15px; border-bottom: 3px solid #a9e2e4; }\n.dbi-art-ac8a88 h3 { font-family: 'Montserrat', sans-serif; color: #5268c9; font-size: 1.4rem; margin: 38px 0 16px; }\n.dbi-art-ac8a88 p { margin-bottom: 22px; text-align: justify; font-size: 1.02rem; }\n.dbi-art-ac8a88 .highlight-box { background: linear-gradient(135deg, #a9e2e4 0%, #d0f0f2 100%); padding: 32px; border-radius: 15px; margin: 32px 0; }\n.dbi-art-ac8a88 .highlight-box h4 { font-family: 'Montserrat', sans-serif; color: #5268c9; margin-bottom: 15px; font-size: 1.2rem; }\n.dbi-art-ac8a88 .tip-box { background: linear-gradient(135deg, #ffeca7 0%, #ffe88a 100%); padding: 26px; border-radius: 15px; margin: 26px 0; }\n.dbi-art-ac8a88 .tip-box h4 { font-family: 'Montserrat', sans-serif; color: #5268c9; margin-bottom: 10px; }\n.dbi-art-ac8a88 .warning-box { background: linear-gradient(135deg, #fde8ee 0%, #fcc8d6 100%); padding: 26px; border-radius: 15px; margin: 26px 0; border-left: 5px solid #e73469; }\n.dbi-art-ac8a88 .warning-box h4 { font-family: 'Montserrat', sans-serif; color: #e73469; margin-bottom: 10px; }\n.dbi-art-ac8a88 .stats-grid { display: grid; grid-template-columns: repeat(3, 1fr); gap: 22px; margin: 32px 0; }\n.dbi-art-ac8a88 .stat-card { background: white; padding: 28px; border-radius: 15px; text-align: center; box-shadow: 0 5px 20px rgba(94,94,215,0.1); }\n.dbi-art-ac8a88 .stat-number { font-family: 'Montserrat', sans-serif; font-size: 2.6rem; font-weight: 800; color: #5e5ed7; display: block; }\n.dbi-art-ac8a88 .stat-label { color: #666; font-size: 0.88rem; margin-top: 8px; }\n.dbi-art-ac8a88 .comparison-table { width: 100%; border-collapse: collapse; margin: 32px 0; border-radius: 15px; overflow: hidden; box-shadow: 0 5px 20px rgba(94,94,215,0.1); }\n.dbi-art-ac8a88 .comparison-table th { background: linear-gradient(135deg, #5e5ed7 0%, #5268c9 100%); color: white; padding: 16px 20px; text-align: left; font-family: 'Montserrat', sans-serif; }\n.dbi-art-ac8a88 .comparison-table td { padding: 15px 20px; border-bottom: 1px solid #f0f0ff; background: white; vertical-align: top; }\n.dbi-art-ac8a88 .comparison-table tr:last-child td { border-bottom: none; }\n.dbi-art-ac8a88 .comparison-table tr:nth-child(even) td { background: #f8f8ff; }\n.dbi-art-ac8a88 .method-card { background: white; border-radius: 15px; padding: 28px; margin: 24px 0; box-shadow: 0 5px 20px rgba(94,94,215,0.08); }\n.dbi-art-ac8a88 .method-card.blue { border-left: 4px solid #5e5ed7; }\n.dbi-art-ac8a88 .method-card.teal { border-left: 4px solid #a9e2e4; }\n.dbi-art-ac8a88 .method-card.rose { border-left: 4px solid #e73469; }\n.dbi-art-ac8a88 .method-card.yellow { border-left: 4px solid #ffeca7; border-top: 3px solid #ffeca7; }\n.dbi-art-ac8a88 .method-card h4 { font-family: 'Montserrat', sans-serif; color: #5e5ed7; margin-bottom: 12px; font-size: 1.12rem; }\n.dbi-art-ac8a88 .method-card.teal h4 { color: #5268c9; }\n.dbi-art-ac8a88 .method-card.rose h4 { color: #e73469; }\n.dbi-art-ac8a88 .method-badge { display: inline-block; padding: 5px 14px; border-radius: 20px; font-size: 0.82rem; font-weight: 600; margin-bottom: 12px; }\n.dbi-art-ac8a88 .badge-blue { background: #f0f0ff; color: #5e5ed7; }\n.dbi-art-ac8a88 .badge-green { background: #e0f7f8; color: #5268c9; }\n.dbi-art-ac8a88 .badge-rose { background: #fde8ee; color: #e73469; }\n.dbi-art-ac8a88 .badge-yellow { background: #fff8dc; color: #8a6d00; }\n.dbi-art-ac8a88 .checklist { background: white; padding: 32px; border-radius: 15px; box-shadow: 0 5px 20px rgba(94,94,215,0.1); margin: 28px 0; }\n.dbi-art-ac8a88 .checklist h4 { font-family: 'Montserrat', sans-serif; color: #5e5ed7; margin-bottom: 20px; }\n.dbi-art-ac8a88 .checklist ul { list-style: none; padding: 0; }\n.dbi-art-ac8a88 .checklist li { padding: 12px 0; border-bottom: 1px solid #f0f0ff; padding-left: 38px; position: relative; }\n.dbi-art-ac8a88 .checklist li::before { content: '\u2714'; position: absolute; left: 0; color: #5e5ed7; font-weight: bold; }\n.dbi-art-ac8a88 .checklist li:last-child { border-bottom: none; }\n.dbi-art-ac8a88 .app-card { background: white; border-radius: 18px; padding: 30px; margin: 28px 0; box-shadow: 0 8px 30px rgba(94,94,215,0.15); border-top: 4px solid #5e5ed7; }\n.dbi-art-ac8a88 .app-card h4 { font-family: 'Montserrat', sans-serif; color: #5e5ed7; font-size: 1.3rem; margin-bottom: 12px; }\n.dbi-art-ac8a88 .cta-button { display: inline-block; background: linear-gradient(135deg, #5e5ed7 0%, #5268c9 100%); color: white; padding: 15px 35px; border-radius: 30px; text-decoration: none; font-weight: 600; margin-top: 15px; }\n.dbi-art-ac8a88 .quote-box { background: #f0f0ff; border-left: 4px solid #5e5ed7; padding: 26px; margin: 32px 0; border-radius: 0 15px 15px 0; }\n.dbi-art-ac8a88 .quote-box p { font-style: italic; color: #5268c9; margin-bottom: 10px; }\n.dbi-art-ac8a88 .quote-box .author { font-weight: 600; color: #5e5ed7; font-style: normal; font-size: 0.9rem; }\n.dbi-art-ac8a88 .conclusion { background: linear-gradient(135deg, #f5f7fa 0%, #e8e8ff 100%); padding: 45px; border-radius: 20px; margin-top: 55px; }\n.dbi-art-ac8a88 .conclusion h2 { border-bottom: none; margin-top: 0; }\n.dbi-art-ac8a88 .article-footer { text-align: center; padding: 55px 20px; background: linear-gradient(135deg, #5e5ed7 0%, #5268c9 100%); color: white; border-radius: 30px 30px 0 0; margin-top: 65px; }\n.dbi-art-ac8a88 .article-footer h3 { font-family: 'Montserrat', sans-serif; color: white; margin-bottom: 20px; font-size: 1.5rem; }\n.dbi-art-ac8a88 .article-footer a { color: #ffeca7; text-decoration: none; font-weight: 600; }\n.dbi-art-ac8a88 .footer-links { display: flex; gap: 20px; justify-content: center; flex-wrap: wrap; margin-top: 15px; }\n.dbi-art-ac8a88 .faq-item { background: white; border-radius: 15px; padding: 28px 32px; margin: 16px 0; box-shadow: 0 3px 15px rgba(94,94,215,0.08); border-left: 4px solid #a9e2e4; }\n.dbi-art-ac8a88 .faq-item h4 { font-family: 'Montserrat', sans-serif; color: #5e5ed7; margin-bottom: 13px; font-size: 1.08rem; }\n.dbi-art-ac8a88 .faq-item p { margin: 0; color: #555; }\n.dbi-art-ac8a88 .idee-recue { background: white; border-radius: 15px; margin: 28px 0; overflow: hidden; box-shadow: 0 5px 20px rgba(94,94,215,0.1); }\n.dbi-art-ac8a88 .idee-header { padding: 20px 28px; display: flex; align-items: center; gap: 15px; }\n.dbi-art-ac8a88 .idee-header.faux { background: linear-gradient(135deg, #fde8ee, #fcc8d6); }\n.dbi-art-ac8a88 .idee-header.vrai { background: linear-gradient(135deg, #a9e2e4, #d0f0f2); }\n.dbi-art-ac8a88 .idee-label { font-family: 'Montserrat', sans-serif; font-size: 1.3rem; font-weight: 800; }\n.dbi-art-ac8a88 .idee-header.faux .idee-label { color: #e73469; }\n.dbi-art-ac8a88 .idee-header.vrai .idee-label { color: #5268c9; }\n.dbi-art-ac8a88 .idee-statement { font-weight: 600; font-size: 1.05rem; color: #333; }\n.dbi-art-ac8a88 .idee-body { padding: 24px 28px; }\n.dbi-art-ac8a88 a { color: #5e5ed7; }\n@media (max-width: 768px) {\n.dbi-art-ac8a88 .article-header h1 { font-size: 1.85rem; }\n.dbi-art-ac8a88 .stats-grid { grid-template-columns: 1fr; }\n.dbi-art-ac8a88 .article-header { padding: 45px 15px; }\n.dbi-art-ac8a88 .container { padding: 15px; }\n.dbi-art-ac8a88 h2 { font-size: 1.6rem; }\n.dbi-art-ac8a88 .comparison-table { font-size: 0.9rem; }\n}<\/p>\n<\/style>\n<div class=\"dbi-art-ac8a88\">\n<article>\n<header class=\"article-header\">\n<div class=\"article-category\">\ud83e\udd1d Esclerose m\u00faltipla &amp; Cuidadores familiares \u2014 Reabilita\u00e7\u00e3o cognitiva<\/div>\n<h1>Como envolver os cuidadores familiares na reabilita\u00e7\u00e3o cognitiva?<\/h1>\n<pee class=\"subtitle\">Os cuidadores familiares est\u00e3o na linha de frente do acompanhamento \u2014 mas muitas vezes s\u00e3o deixados sem forma\u00e7\u00e3o nem ferramentas. Este guia lhes d\u00e1 as chaves para participar da estimula\u00e7\u00e3o cognitiva de forma eficaz, segura e gratificante para todos.<\/pee>\n<\/header>\n<div class=\"container\">\n<div class=\"intro-paragraph\">\nNa Fran\u00e7a, estima-se que haja 11 milh\u00f5es de cuidadores familiares \u2014 esses parentes (c\u00f4njuges, filhos adultos, irm\u00e3os e irm\u00e3s) que acompanham diariamente uma pessoa com uma doen\u00e7a cr\u00f4nica, uma defici\u00eancia ou uma fragilidade. No contexto da reabilita\u00e7\u00e3o cognitiva \u2014 seja ap\u00f3s um AVC, na esclerose m\u00faltipla, na doen\u00e7a de Alzheimer ou em qualquer outro dist\u00farbio cognitivo \u2014 o cuidador familiar n\u00e3o \u00e9 um espectador. Ele pode se tornar um parceiro ativo, complementar aos profissionais, cuja contribui\u00e7\u00e3o di\u00e1ria faz uma diferen\u00e7a real nos resultados a longo prazo.\n<\/div>\n<div class=\"stats-grid\">\n<div class=\"stat-card\"><span class=\"stat-number\">11 milh\u00f5es<\/span><\/p>\n<div class=\"stat-label\">de cuidadores familiares na Fran\u00e7a \u2014 um recurso precioso muitas vezes subformado e subapoiado<\/div>\n<\/div>\n<div class=\"stat-card\"><span class=\"stat-number\">70%<\/span><\/p>\n<div class=\"stat-label\">dos cuidadores afirmam n\u00e3o ter recebido forma\u00e7\u00e3o para seu papel, segundo as pesquisas<\/div>\n<\/div>\n<div class=\"stat-card\"><span class=\"stat-number\">\u00d72<\/span><\/p>\n<div class=\"stat-label\">os benef\u00edcios da reabilita\u00e7\u00e3o cognitiva s\u00e3o duplicados quando o entorno participa ativamente<\/div>\n<\/div>\n<\/div>\n<h2>Compreender a distin\u00e7\u00e3o: o que o cuidador pode fazer, o que cabe aos profissionais<\/h2>\n<pee>Antes de abordar como envolver os cuidadores familiares na reabilita\u00e7\u00e3o cognitiva, \u00e9 fundamental esclarecer uma distin\u00e7\u00e3o frequentemente fonte de confus\u00e3o: a diferen\u00e7a entre <strong>reabilita\u00e7\u00e3o cognitiva<\/strong> e <strong>estimula\u00e7\u00e3o cognitiva<\/strong>. Essa distin\u00e7\u00e3o determina o que \u00e9 responsabilidade do profissional de sa\u00fade e o que o cuidador pode contribuir de forma segura e eficaz.<\/pee>\n<h3>A reabilita\u00e7\u00e3o cognitiva: um ato param\u00e9dico<\/h3>\n<pee>A reabilita\u00e7\u00e3o cognitiva \u00e9 uma interven\u00e7\u00e3o terap\u00eautica especializada realizada por neuropsic\u00f3logos ou fonoaudi\u00f3logos. Ela requer uma avalia\u00e7\u00e3o neuropsicol\u00f3gica pr\u00e9via para identificar precisamente as fun\u00e7\u00f5es deficit\u00e1rias, objetivos terap\u00eauticos definidos segundo protocolos validados, uma adapta\u00e7\u00e3o constante em fun\u00e7\u00e3o da evolu\u00e7\u00e3o do paciente, e um conhecimento das contraindica\u00e7\u00f5es e das situa\u00e7\u00f5es complexas. O cuidador n\u00e3o pode e n\u00e3o deve tentar substituir esses profissionais. Esse n\u00e3o \u00e9 seu papel \u2014 e querer assumir essa responsabilidade muitas vezes gera exaust\u00e3o, culpa e tens\u00f5es na rela\u00e7\u00e3o.<\/pee>\n<h3>A estimula\u00e7\u00e3o cognitiva: um papel para o cuidador<\/h3>\n<pee>A <strong>estimula\u00e7\u00e3o cognitiva<\/strong>, por outro lado, refere-se a um conjunto de atividades di\u00e1rias destinadas a manter e enriquecer as fun\u00e7\u00f5es cognitivas preservadas \u2014 sem visar &#8220;tratar&#8221; um d\u00e9ficit espec\u00edfico. \u00c9 aqui que o cuidador familiar tem um papel precioso e insubstitu\u00edvel. Ele conhece a pessoa melhor do que ningu\u00e9m \u2014 sua hist\u00f3ria, suas paix\u00f5es, seus h\u00e1bitos, seus medos, seus recursos. Esse conhecimento \u00edntimo permite uma personaliza\u00e7\u00e3o da estimula\u00e7\u00e3o que nenhum profissional pode reproduzir no \u00e2mbito de suas sess\u00f5es limitadas.<\/pee>\n<div class=\"highlight-box\">\n<h4>\ud83c\udfaf A partilha de pap\u00e9is<\/h4>\n<pee><strong>O profissional (neuropsic\u00f3logo, fonoaudi\u00f3logo) :<\/strong> avalia, define os objetivos, concebe os programas de reabilita\u00e7\u00e3o, adapta conforme a evolu\u00e7\u00e3o, gerencia as situa\u00e7\u00f5es complexas, forma o cuidador.<!\u2013- [et_pb_br_holder] -\u2013><!\u2013- [et_pb_br_holder] -\u2013><br \/>\n    <strong>O cuidador familiar :<\/strong> mant\u00e9m a regularidade das atividades no dia a dia, adapta as atividades aos interesses e ao humor da pessoa, cria um ambiente favor\u00e1vel \u00e0 estimula\u00e7\u00e3o, transmite suas observa\u00e7\u00f5es ao profissional, mant\u00e9m o v\u00ednculo afetivo e social.<\/pee>\n<\/div>\n<h2>A forma\u00e7\u00e3o dos cuidadores: um imperativo frequentemente negligenciado<\/h2>\n<pee>70 % dos cuidadores afirmam n\u00e3o ter recebido forma\u00e7\u00e3o para seu papel. No entanto, a forma\u00e7\u00e3o \u00e9 o investimento mais rent\u00e1vel tanto para o cuidador quanto para a pessoa acompanhada. Um cuidador treinado \u00e9 mais eficaz em seu papel, menos suscet\u00edvel ao burnout, melhor capaz de interpretar comportamentos dif\u00edceis e mais apto a se comunicar de forma \u00fatil com os profissionais.<\/pee>\n<h3>O que o cuidador precisa saber<\/h3>\n<pee>A forma\u00e7\u00e3o de um cuidador envolvido na reabilita\u00e7\u00e3o cognitiva deve abranger v\u00e1rias \u00e1reas: compreender a patologia da pessoa acompanhada (mecanismos, sintomas, evolu\u00e7\u00e3o previs\u00edvel, tratamentos); conhecer as bases dos dist\u00farbios cognitivos e seu impacto no comportamento di\u00e1rio; dominar as t\u00e9cnicas de comunica\u00e7\u00e3o adequadas (falar devagar, de forma simples, sem confronto); saber propor atividades de estimula\u00e7\u00e3o adequadas ao n\u00edvel e aos interesses da pessoa; identificar os sinais de alerta que exigem contatar o m\u00e9dico ou o profissional respons\u00e1vel; e cuidar de si mesmo para durar nesse papel exigente.<\/pee>\n<div class=\"method-card blue\">\n<div class=\"method-badge badge-blue\">\ud83c\udf93 Forma\u00e7\u00f5es especializadas DYNSEO para as fam\u00edlias<\/div>\n<h4>Aprender para melhor acompanhar<\/h4>\n<pee>DYNSEO prop\u00f5e forma\u00e7\u00f5es especificamente concebidas para as fam\u00edlias e os cuidadores. A forma\u00e7\u00e3o <a href=\"https:\/\/www.dynseo.com\/pt-pt\/courses\/mudancas-comportamento-doenca-familia-formacao\/\" target=\"_blank\"><strong>&#8220;Mudan\u00e7as de comportamento relacionadas \u00e0 doen\u00e7a \u2014 guia pr\u00e1tico para os cuidadores&#8221;<\/strong><\/a> d\u00e1 as chaves para compreender e gerir as modifica\u00e7\u00f5es comportamentais relacionadas a patologias como a doen\u00e7a de Alzheimer, a SEP, o Parkinson ou as sequelas de AVC. A vers\u00e3o para os <a href=\"https:\/\/www.dynseo.com\/pt-pt\/courses\/transtornos-de-comportamento-relacionados-a-doenca-metodos-e-coordenacao-multidisciplinar-pt-pt\/\" target=\"_blank\"><strong>profissionais<\/strong><\/a> aprofunda os m\u00e9todos e a coordena\u00e7\u00e3o multidisciplinar.<\/pee>\n<\/div>\n<h2>Como o cuidador pode contribuir para a estimula\u00e7\u00e3o cognitiva: 6 dom\u00ednios de a\u00e7\u00e3o<\/h2>\n<h3>1. Manter a regularidade: o fator mais importante<\/h3>\n<pee>A pesquisa sobre a estimula\u00e7\u00e3o cognitiva \u00e9 clara: a regularidade \u00e9 mais importante que a intensidade. 15 a 20 minutos de atividade cognitiva di\u00e1ria d\u00e3o melhores resultados do que uma hora semanal. O cuidador familiar \u00e9, por defini\u00e7\u00e3o, a pessoa mais bem colocada para garantir essa regularidade \u2014 uma vez que est\u00e1 presente no dia a dia. O desafio \u00e9 encontrar o momento certo do dia (nem muito cansado, nem muito agitado) e as atividades adequadas para que essa regularidade seja duradoura sem se tornar uma obriga\u00e7\u00e3o.<\/pee>\n<pee>O <a href=\"https:\/\/www.dynseo.com\/pt-pt\/as-nossas-ferramentas\/temporizador-visual-2\/\" target=\"_blank\"><strong>Temporizador visual DYNSEO<\/strong><\/a> pode ajudar a estruturar esses momentos de estimula\u00e7\u00e3o \u2014 tornando vis\u00edvel a dura\u00e7\u00e3o da atividade, o que tranquiliza as pessoas ansiosas (&#8220;quanto tempo ainda?&#8221;) e ajuda as pessoas com dificuldades de mem\u00f3ria temporal a antecipar o fim da sess\u00e3o.<\/pee>\n<h3>2. Explorar os interesses e a hist\u00f3ria de vida<\/h3>\n<pee>Um profissional de sa\u00fade que encontra um paciente 2 horas por semana n\u00e3o pode conhecer suas paix\u00f5es de juventude, suas m\u00fasicas favoritas, suas atividades de lazer anteriores. O cuidador, por sua vez, det\u00e9m esse patrim\u00f4nio de conhecimento \u00edntimo que \u00e9 a mat\u00e9ria-prima de uma estimula\u00e7\u00e3o verdadeiramente personalizada. Propor atividades relacionadas \u00e0 hist\u00f3ria de vida \u2014 resolver problemas matem\u00e1ticos para uma pessoa que foi engenheira, reviver receitas de cozinha para algu\u00e9m que adorava cozinhar, ouvir os \u00e1lbuns de juventude de um amante da m\u00fasica \u2014 multiplica o engajamento e a efic\u00e1cia da estimula\u00e7\u00e3o.<\/pee>\n<pee>A <a href=\"https:\/\/www.dynseo.com\/pt-pt\/as-nossas-ferramentas\/roda-de-escolha-ferramentas-de-formacao-dynseo\/\" target=\"_blank\"><strong>Roda de escolhas DYNSEO<\/strong><\/a> \u00e9 uma ferramenta pr\u00e1tica para manter a autonomia decisional da pessoa: ela pode escolher a atividade do momento entre v\u00e1rias op\u00e7\u00f5es propostas, o que refor\u00e7a seu sentimento de controle e sua motiva\u00e7\u00e3o para se engajar.<\/pee>\n<h3>3. Criar um ambiente favor\u00e1vel<\/h3>\n<pee>O ambiente f\u00edsico tem um impacto direto nas capacidades cognitivas, especialmente para as pessoas que apresentam d\u00e9ficits. Um ambiente calmo, bem iluminado, sem distra\u00e7\u00f5es (televis\u00e3o desligada, notifica\u00e7\u00f5es silenciosas) favorece a concentra\u00e7\u00e3o. Um ambiente enriquecedor \u2014 fotos de fam\u00edlia, objetos familiares, plantas, m\u00fasica suave \u2014 estimula os sentidos e as mem\u00f3rias. O cuidador pode organizar o espa\u00e7o de vida para maximizar essas condi\u00e7\u00f5es favor\u00e1veis sem que isso represente um esfor\u00e7o di\u00e1rio consciente.<\/pee>\n<pee>Para as pessoas que t\u00eam dificuldade em expressar seus estados emocionais \u2014 o que \u00e9 frequente na dem\u00eancia, ap\u00f3s um AVC com afasia, ou na SEP avan\u00e7ada \u2014 o <a href=\"https:\/\/www.dynseo.com\/pt-pt\/as-nossas-ferramentas\/termometro-das-emocoes\/\" target=\"_blank\"><strong>Term\u00f4metro das emo\u00e7\u00f5es DYNSEO<\/strong><\/a> exibido no espa\u00e7o de vida permite uma comunica\u00e7\u00e3o sobre o bem-estar sem necessitar de palavras. A pessoa pode simplesmente apontar a emo\u00e7\u00e3o ou o n\u00edvel que sente.<\/pee>\n<h3>4. Utilizar aplicativos de estimula\u00e7\u00e3o em casa<\/h3>\n<pee>Os aplicativos de estimula\u00e7\u00e3o cognitiva concebidos para perfis patol\u00f3gicos s\u00e3o aliados valiosos para os cuidadores \u2014 eles prop\u00f5em atividades estruturadas, progressivas e envolventes, sem que o cuidador precise conceb\u00ea-las ele mesmo. O aplicativo <a href=\"https:\/\/www.dynseo.com\/pt-pt\/o-programa-dos-treinadores\/carmen\/\" target=\"_blank\"><strong>CARMEN<\/strong><\/a> \u00e9 concebido para os idosos, Alzheimer e Parkinson: interface simples, atividades de mem\u00f3ria, aten\u00e7\u00e3o e estimula\u00e7\u00e3o adaptadas. O aplicativo <a href=\"https:\/\/www.dynseo.com\/pt-pt\/o-programa-dos-treinadores\/fernando-o-seu-treinador-de-cerebro\/\" target=\"_blank\"><strong>FERNANDO<\/strong><\/a> destina-se a adultos, especialmente p\u00f3s-AVC ou com SEP, com exerc\u00edcios cognitivos progressivos adaptados \u00e0s capacidades residuais.<\/pee>\n<div class=\"app-card\">\n<h4>\ud83d\udcf1 Aplicativos DYNSEO para a estimula\u00e7\u00e3o em casa<\/h4>\n<pee>\u2022 <a href=\"https:\/\/www.dynseo.com\/pt-pt\/o-programa-dos-treinadores\/carmen\/\" target=\"_blank\"><strong>CARMEN<\/strong><\/a> \u2014 idosos, doen\u00e7a de Alzheimer, Parkinson : atividades mem\u00f3ria, aten\u00e7\u00e3o, estimula\u00e7\u00e3o. Interface simplificada.<!\u2013- [et_pb_br_holder] -\u2013><br \/>\n    \u2022 <a href=\"https:\/\/www.dynseo.com\/pt-pt\/o-programa-dos-treinadores\/fernando-o-seu-treinador-de-cerebro\/\" target=\"_blank\"><strong>FERNANDO<\/strong><\/a> \u2014 adultos, p\u00f3s-AVC, SEP, sa\u00fade mental : estimula\u00e7\u00e3o cognitiva progressiva adaptada.<!\u2013- [et_pb_br_holder] -\u2013><br \/>\n    \u2022 <a href=\"https:\/\/www.dynseo.com\/mon-dico-une-application-pour-favoriser-la-communication\/\" target=\"_blank\"><strong>MEU DICION\u00c1RIO<\/strong><\/a> \u2014 para pessoas com afasia, autismo ou dificuldades de comunica\u00e7\u00e3o.<!\u2013- [et_pb_br_holder] -\u2013><br \/>\n    \u2022 <a href=\"https:\/\/www.dynseo.com\/pt-pt\/treinador-ia\/\" target=\"_blank\"><strong>Coach IA<\/strong><\/a> \u2014 acompanhamento personalizado para os cuidadores e os benefici\u00e1rios.<\/pee>\n    <a href=\"https:\/\/www.dynseo.com\/pt-pt\/o-programa-dos-treinadores\/fernando-o-seu-treinador-de-cerebro\/\" target=\"_blank\" class=\"cta-button\">Descobrir FERNANDO para a reabilita\u00e7\u00e3o em casa \u2192<\/a>\n<\/div>\n<h3>5. Observar e transmitir : o papel de vigia<\/h3>\n<pee>O cuidador familiar \u00e9 a &#8220;sentinela&#8221; do estado cognitivo da pessoa acompanhada. Ele observa no dia a dia mudan\u00e7as que o profissional de sa\u00fade que interv\u00e9m 2 horas por semana n\u00e3o pode ver: uma agravamento dos esquecimentos, uma confus\u00e3o temporal nova, uma mudan\u00e7a de humor, uma recusa incomum, uma regress\u00e3o em uma atividade previamente dominada. Essas observa\u00e7\u00f5es, se bem documentadas e transmitidas, s\u00e3o informa\u00e7\u00f5es cl\u00ednicas de um valor inestim\u00e1vel.<\/pee>\n<pee>O <a href=\"https:\/\/www.dynseo.com\/pt-pt\/brochura-de-ligacao\/\" target=\"_blank\"><strong>Caderno de liga\u00e7\u00e3o fonoaudi\u00f3logo-fam\u00edlia DYNSEO<\/strong><\/a> facilita essa transmiss\u00e3o de informa\u00e7\u00f5es. Ele estrutura as observa\u00e7\u00f5es do cuidador (o que, quando, em qual contexto, intensidade) de forma utiliz\u00e1vel pelo profissional. O <a href=\"https:\/\/www.dynseo.com\/nos-outils\/tableau-suivi-competences\/\" target=\"_blank\"><strong>Quadro de acompanhamento das compet\u00eancias<\/strong><\/a> permite documentar a evolu\u00e7\u00e3o das capacidades funcionais ao longo do tempo, fornecendo uma base factual para os ajustes terap\u00eauticos.<\/pee>\n<h3>6. Manter o v\u00ednculo social e emocional<\/h3>\n<pee>As neuroci\u00eancias confirmam o que a experi\u00eancia cl\u00ednica j\u00e1 sabia: o v\u00ednculo social e emocional \u00e9 um poderoso fator neuroprotetor. A presen\u00e7a acolhedora, o olhar caloroso, a conversa mesmo simplificada, o compartilhamento de uma atividade agrad\u00e1vel \u2014 tudo isso ativa os circuitos cerebrais da recompensa, do v\u00ednculo de apego e da regula\u00e7\u00e3o emocional, contribuindo diretamente para o bem-estar neurol\u00f3gico. O cuidador familiar n\u00e3o precisa ser um &#8220;profissional da estimula\u00e7\u00e3o&#8221; para cumprir essa fun\u00e7\u00e3o vital \u2014 ele s\u00f3 precisa estar presente, atento e acolhedor.<\/pee>\n<h2>Adaptar a implica\u00e7\u00e3o segundo as patologias<\/h2>\n<h3>A esclerose m\u00faltipla (SEP)<\/h3>\n<pee>Na SEP, os dist\u00farbios cognitivos (lentid\u00e3o, dificuldades de aten\u00e7\u00e3o, mem\u00f3ria de trabalho) afetam 40 a 70 % dos pacientes e podem ocorrer em est\u00e1gios relativamente precoces. A fadiga neurol\u00f3gica \u2014 muitas vezes invis\u00edvel, mas profundamente invalidante \u2014 \u00e9 a principal restri\u00e7\u00e3o a ser respeitada na organiza\u00e7\u00e3o das atividades de estimula\u00e7\u00e3o.<\/pee>\n<pee>O cuidador deve aprender a reconhecer os sinais de fadiga cognitiva (irritabilidade, lentid\u00e3o s\u00fabita, dificuldades em acompanhar uma conversa) e a interromper ou adaptar a atividade em consequ\u00eancia. As sess\u00f5es curtas (10-15 minutos no m\u00e1ximo) e fracionadas s\u00e3o melhores do que uma \u00fanica sess\u00e3o longa e exaustiva. As atividades devem ser programadas nos melhores hor\u00e1rios do dia \u2014 muitas vezes pela manh\u00e3, antes que a fadiga se acumule \u2014 e interrompidas assim que os sinais de exaust\u00e3o cognitiva aparecerem.<\/pee>\n<div class=\"method-card teal\">\n<div class=\"method-badge badge-green\">\ud83c\udf21\ufe0f Monitorar a temperatura na SEP<\/div>\n<h4>O fen\u00f4meno de Uhthoff: calor e sintomas<\/h4>\n<pee>O fen\u00f4meno de Uhthoff \u00e9 um agravamento tempor\u00e1rio dos sintomas neurol\u00f3gicos relacionado \u00e0 eleva\u00e7\u00e3o da temperatura corporal. Banho quente, febre, exerc\u00edcio intenso em clima quente \u2014 essas situa\u00e7\u00f5es podem provocar uma deteriora\u00e7\u00e3o tempor\u00e1ria das capacidades cognitivas e motoras. O cuidador deve ser informado para n\u00e3o interpretar essas flutua\u00e7\u00f5es como uma progress\u00e3o da doen\u00e7a e adaptar as atividades (sem estimula\u00e7\u00e3o intensa ap\u00f3s o exerc\u00edcio ou em clima quente, por exemplo).<\/pee>\n<\/div>\n<h3>Ap\u00f3s um AVC<\/h3>\n<pee>As sequelas cognitivas p\u00f3s-AVC (mem\u00f3ria, aten\u00e7\u00e3o, linguagem, neglig\u00eancia espacial) necessitam de reabilita\u00e7\u00e3o especializada que o cuidador n\u00e3o pode garantir totalmente. Mas seu papel na generaliza\u00e7\u00e3o das aquisi\u00e7\u00f5es em ambiente ecol\u00f3gico \u2014 ou seja, na vida real, em casa \u2014 \u00e9 fundamental. As estrat\u00e9gias aprendidas nas sess\u00f5es de reabilita\u00e7\u00e3o s\u00f3 se transferem para a vida cotidiana se forem praticadas e refor\u00e7adas em casa pelo entorno.<\/pee>\n<pee>O cuidador aprende com o profissional as estrat\u00e9gias compensat\u00f3rias adequadas \u00e0s defici\u00eancias da pessoa \u2014 como apresentar as informa\u00e7\u00f5es \u00e0 esquerda (para uma pessoa com neglig\u00eancia \u00e0 direita), como comunicar-se com uma pessoa af\u00e1sica, como estruturar as atividades para uma pessoa com dificuldades de planejamento. Esses aprendizados s\u00e3o ent\u00e3o aplicados no dia a dia pelo cuidador, multiplicando o impacto das sess\u00f5es profissionais.<\/pee>\n<h3>Na doen\u00e7a de Alzheimer<\/h3>\n<pee>A estimula\u00e7\u00e3o cognitiva pelos cuidadores \u00e9 particularmente valiosa na doen\u00e7a de Alzheimer, onde as sess\u00f5es profissionais s\u00e3o frequentemente espa\u00e7adas e onde a continuidade da estimula\u00e7\u00e3o entre as sess\u00f5es \u00e9 essencial. A reminisc\u00eancia \u2014 revisitar as mem\u00f3rias autobiogr\u00e1ficas com fotos, m\u00fasicas, objetos \u2014 \u00e9 a atividade mais acess\u00edvel e eficaz para os cuidadores n\u00e3o profissionais. Ela n\u00e3o requer material sofisticado, explora os recursos preservados (mem\u00f3ria autobiogr\u00e1fica de longo prazo) e refor\u00e7a simultaneamente o v\u00ednculo afetivo entre a pessoa e seus familiares.<\/pee>\n<pee>O <a href=\"https:\/\/www.dynseo.com\/pt-pt\/as-nossas-ferramentas\/quadro-de-motivacao-ferramenta-formacao-dynseo\/\" target=\"_blank\"><strong>Quadro de motiva\u00e7\u00e3o DYNSEO<\/strong><\/a> pode ajudar a identificar e manter as atividades que mais envolvem a pessoa \u2014 valioso na Alzheimer onde a motiva\u00e7\u00e3o intr\u00ednseca pode diminuir com a progress\u00e3o da doen\u00e7a.<\/pee>\n<h2>Cuidar de si para cuidar do outro<\/h2>\n<pee>Nenhum guia sobre a implica\u00e7\u00e3o dos cuidadores na reabilita\u00e7\u00e3o estaria completo sem abordar a quest\u00e3o de sua pr\u00f3pria sa\u00fade. Os estudos convergem: os cuidadores familiares apresentam um risco significativamente maior de depress\u00e3o, ansiedade, doen\u00e7as cr\u00f4nicas e decl\u00ednio cognitivo do que a popula\u00e7\u00e3o geral. O burnout do cuidador \u00e9 uma realidade m\u00e9dica reconhecida \u2014 e prevenir \u00e9 infinitamente mais f\u00e1cil do que tratar.<\/pee>\n<h3>Os sinais de alerta do burnout do cuidador<\/h3>\n<div class=\"warning-box\">\n<h4>\u26a0\ufe0f Sinais a n\u00e3o ignorar<\/h4>\n<pee>\u2022 Sentimento de exaust\u00e3o persistente n\u00e3o aliviado pelo descanso<!\u2013- [et_pb_br_holder] -\u2013><br \/>\n    \u2022 Irritabilidade crescente em rela\u00e7\u00e3o \u00e0 pessoa acompanhada (e sentimento de culpa que se segue)<!\u2013- [et_pb_br_holder] -\u2013><br \/>\n    \u2022 Perda de prazer em atividades antes apreciadas<!\u2013- [et_pb_br_holder] -\u2013><br \/>\n    \u2022 Dist\u00farbios do sono cr\u00f4nicos<!\u2013- [et_pb_br_holder] -\u2013><br \/>\n    \u2022 Tend\u00eancia a negligenciar a pr\u00f3pria sa\u00fade (consultas m\u00e9dicas adiadas, alimenta\u00e7\u00e3o negligenciada)<!\u2013- [et_pb_br_holder] -\u2013><br \/>\n    \u2022 Sentimento de isolamento e solid\u00e3o<!\u2013- [et_pb_br_holder] -\u2013><br \/>\n    \u2022 Dificuldade em aceitar ajuda do entorno ou dos profissionais<!\u2013- [et_pb_br_holder] -\u2013><br \/>\n    \u2022 Pensamentos sombrios sobre o futuro ou a situa\u00e7\u00e3o<\/pee>\n<\/div>\n<h3>Os recursos dispon\u00edveis<\/h3>\n<pee>O burnout do cuidador n\u00e3o se evita sozinho. Os recursos dispon\u00edveis na Fran\u00e7a incluem plataformas de descanso para cuidadores, centros de dia para as pessoas acompanhadas (permitindo que o cuidador respire), grupos de apoio entre cuidadores (Fran\u00e7a Alzheimer, Cuidadores Conectados) e forma\u00e7\u00f5es que oferecem ferramentas concretas para lidar com situa\u00e7\u00f5es dif\u00edceis sem se esgotar.<\/pee>\n<pee>As <a href=\"https:\/\/www.dynseo.com\/pt-pt\/os-nossos-cursos-de-formacao\/\" target=\"_blank\"><strong>forma\u00e7\u00f5es DYNSEO<\/strong><\/a> para as fam\u00edlias abordam explicitamente a quest\u00e3o do bem-estar do cuidador \u2014 porque cuidar de si mesmo \u00e9 uma condi\u00e7\u00e3o necess\u00e1ria para poder cuidar do outro a longo prazo. O <a href=\"https:\/\/www.dynseo.com\/pt-pt\/as-nossas-ferramentas\/termometro-das-emocoes\/\" target=\"_blank\"><strong>Term\u00f4metro das emo\u00e7\u00f5es<\/strong><\/a> pode ser utilizado pelo pr\u00f3prio cuidador, n\u00e3o apenas para seu ente querido \u2014 para identificar e nomear seus pr\u00f3prios estados emocionais antes que eles se acumulem em exaust\u00e3o.<\/pee>\n<h2>Construir uma colabora\u00e7\u00e3o eficaz entre cuidador e profissional<\/h2>\n<pee>A complementaridade entre o cuidador familiar e os profissionais de sa\u00fade \u00e9 a chave para uma reabilita\u00e7\u00e3o cognitiva \u00f3tima. Essa complementaridade n\u00e3o se estabelece espontaneamente \u2014 ela se constr\u00f3i, se discute e se formaliza.<\/pee>\n<div class=\"checklist\">\n<h4>\u2714 Os pilares de uma colabora\u00e7\u00e3o bem-sucedida entre cuidador e profissional<\/h4>\n<ul>\n<li><strong>Comunica\u00e7\u00e3o regular :<\/strong> ponto de situa\u00e7\u00e3o pelo menos mensal entre o cuidador principal e o profissional respons\u00e1vel, formalizado atrav\u00e9s do caderno de comunica\u00e7\u00e3o<\/li>\n<li><strong>Objetivos compartilhados :<\/strong> o cuidador conhece os objetivos terap\u00eauticos e entende como seu papel se insere no plano global<\/li>\n<li><strong>Forma\u00e7\u00e3o inicial :<\/strong> o profissional dedica tempo para formar o cuidador nas atividades que pode propor \u2014 e para explicar o que n\u00e3o deve fazer<\/li>\n<li><strong>Respeito pelos limites :<\/strong> o cuidador sabe claramente quando contatar o profissional (mudan\u00e7a not\u00e1vel no estado, comportamento preocupante, situa\u00e7\u00e3o de emerg\u00eancia)<\/li>\n<li><strong>Reconhecimento e valoriza\u00e7\u00e3o :<\/strong> os profissionais reconhecem e valorizam explicitamente a contribui\u00e7\u00e3o do cuidador \u2014 indispens\u00e1vel para manter sua motiva\u00e7\u00e3o<\/li>\n<li><strong>Apoio ao cuidador :<\/strong> os profissionais est\u00e3o atentos aos sinais de burnout do cuidador e orientam para os recursos de apoio dispon\u00edveis<\/li>\n<\/ul>\n<\/div>\n<h2>Ferramentas concretas para cuidadores que desejam se envolver<\/h2>\n<pee>Al\u00e9m dos grandes princ\u00edpios, os cuidadores precisam de ferramentas concretas e acess\u00edveis. A DYNSEO desenvolveu uma gama de ferramentas pedag\u00f3gicas projetadas para apoiar o trabalho dos cuidadores no \u00e2mbito da estimula\u00e7\u00e3o cognitiva em casa.<\/pee>\n<table class=\"comparison-table\">\n<thead>\n<tr>\n<th>Ferramenta<\/th>\n<th>Utiliza\u00e7\u00e3o na estimula\u00e7\u00e3o em casa<\/th>\n<th>Perfis envolvidos<\/th>\n<\/tr>\n<\/thead>\n<tbody>\n<tr>\n<td><a href=\"https:\/\/www.dynseo.com\/pt-pt\/as-nossas-ferramentas\/termometro-das-emocoes\/\" target=\"_blank\"><strong>Term\u00f4metro das emo\u00e7\u00f5es<\/strong><\/a><\/td>\n<td>Avaliar o estado emocional antes e depois da atividade, adaptar a abordagem<\/td>\n<td>Alzheimer, AVC com afasia, SEP, autismo<\/td>\n<\/tr>\n<tr>\n<td><a href=\"https:\/\/www.dynseo.com\/pt-pt\/as-nossas-ferramentas\/roda-de-escolha-ferramentas-de-formacao-dynseo\/\" target=\"_blank\"><strong>Roda das escolhas<\/strong><\/a><\/td>\n<td>Manter a autonomia decisional na escolha das atividades<\/td>\n<td>Todos os perfis cognitivos<\/td>\n<\/tr>\n<tr>\n<td><a href=\"https:\/\/www.dynseo.com\/pt-pt\/as-nossas-ferramentas\/temporizador-visual-2\/\" target=\"_blank\"><strong>Timer visual<\/strong><\/a><\/td>\n<td>Estruturar o tempo das atividades, reduzir a ansiedade relacionada \u00e0 dura\u00e7\u00e3o<\/td>\n<td>TDAH, Alzheimer, ansiedade, crian\u00e7as<\/td>\n<\/tr>\n<tr>\n<td><a href=\"https:\/\/www.dynseo.com\/pt-pt\/as-nossas-ferramentas\/quadro-de-motivacao-ferramenta-formacao-dynseo\/\" target=\"_blank\"><strong>Quadro de motiva\u00e7\u00e3o<\/strong><\/a><\/td>\n<td>Visualizar os progressos e manter a motiva\u00e7\u00e3o<\/td>\n<td>Depress\u00e3o, apatia, reabilita\u00e7\u00e3o p\u00f3s-AVC<\/td>\n<\/tr>\n<tr>\n<td><a href=\"https:\/\/www.dynseo.com\/pt-pt\/as-nossas-ferramentas\/tableau-3-colunas\/\" target=\"_blank\"><strong>Quadro 3 colunas<\/strong><\/a><\/td>\n<td>Organizar as tarefas e acompanhar seu progresso<\/td>\n<td>TDAH, dist\u00farbios executivos, p\u00f3s-AVC<\/td>\n<\/tr>\n<tr>\n<td><a href=\"https:\/\/www.dynseo.com\/pt-pt\/brochura-de-ligacao\/\" target=\"_blank\"><strong>Caderno de comunica\u00e7\u00e3o<\/strong><\/a><\/td>\n<td>Documentar as observa\u00e7\u00f5es e transmiti-las aos profissionais<\/td>\n<td>Todos os perfis \u2014 coordena\u00e7\u00e3o multidisciplinar<\/td>\n<\/tr>\n<\/tbody>\n<\/table>\n<h2>A intelig\u00eancia artificial a servi\u00e7o dos cuidadores<\/h2>\n<pee>As novas tecnologias podem apoiar os cuidadores em seu papel de maneira in\u00e9dita. O <a href=\"https:\/\/www.dynseo.com\/pt-pt\/treinador-ia\/\" target=\"_blank\"><strong>Coach IA DYNSEO<\/strong><\/a> pode acompanhar o cuidador, propondo atividades adaptadas ao perfil da pessoa que ele acompanha, respondendo a suas perguntas sobre o cuidado, e orientando-o para os recursos profissionais apropriados quando a situa\u00e7\u00e3o exigir. Essa disponibilidade 24h\/24 \u00e9 preciosa para os cuidadores que t\u00eam d\u00favidas fora do hor\u00e1rio comercial dos profissionais.<\/pee>\n<div class=\"conclusion\">\n<h2>Conclus\u00e3o: o cuidador familiar, parceiro indispens\u00e1vel da reabilita\u00e7\u00e3o<\/h2>\n<pee>A implica\u00e7\u00e3o dos cuidadores familiares na reabilita\u00e7\u00e3o cognitiva n\u00e3o \u00e9 um luxo \u2014 \u00e9 uma alavanca terap\u00eautica fundamental. Os benef\u00edcios da reabilita\u00e7\u00e3o se multiplicam quando a pessoa est\u00e1 cercada por familiares treinados, equipados com ferramentas adequadas e integrados em uma colabora\u00e7\u00e3o clara com os profissionais de sa\u00fade. O desafio \u00e9 transformar a boa vontade do cuidador em uma contribui\u00e7\u00e3o estruturada e eficaz \u2014 preservando sua pr\u00f3pria sa\u00fade e bem-estar.<\/pee>\n    <pee>DYNSEO acompanha esse desafio com aplica\u00e7\u00f5es de estimula\u00e7\u00e3o adequadas, ferramentas pedag\u00f3gicas concretas e forma\u00e7\u00f5es especialmente concebidas para as fam\u00edlias. Porque por tr\u00e1s de cada pessoa em reabilita\u00e7\u00e3o, h\u00e1 familiares que se comprometem \u2014 e que tamb\u00e9m merecem ser acompanhados.<\/pee>\n    <a href=\"https:\/\/www.dynseo.com\/pt-pt\/os-nossos-cursos-de-formacao\/\" target=\"_blank\" class=\"cta-button\">Descobrir as forma\u00e7\u00f5es DYNSEO para os cuidadores \u2192<\/a>\n<\/div>\n<h2>FAQ<\/h2>\n<div class=\"faq-item\">\n<h4>Os cuidadores familiares podem participar da reabilita\u00e7\u00e3o cognitiva?<\/h4>\n<pee>Sim \u2014 no campo da estimula\u00e7\u00e3o (manter as fun\u00e7\u00f5es preservadas), n\u00e3o da reabilita\u00e7\u00e3o (ato param\u00e9dico). A contribui\u00e7\u00e3o di\u00e1ria deles pode dobrar os benef\u00edcios das sess\u00f5es profissionais.<\/pee><\/div>\n<div class=\"faq-item\">\n<h4>Reabilita\u00e7\u00e3o vs estimula\u00e7\u00e3o cognitiva: qual a diferen\u00e7a?<\/h4>\n<pee>Reabilita\u00e7\u00e3o: ato terap\u00eautico especializado (neuropsic\u00f3logo, fonoaudi\u00f3logo). Estimula\u00e7\u00e3o: atividades di\u00e1rias enriquecedoras que os cuidadores treinados podem propor com ferramentas adequadas.<\/pee><\/div>\n<div class=\"faq-item\">\n<h4>Como prevenir o burn-out dos cuidadores?<\/h4>\n<pee>Delimitar seu papel, aceitar ajuda, pertencer a um grupo de apoio, se formar, preservar atividades pessoais e utilizar os recursos de descanso dispon\u00edveis.<\/pee><\/div>\n<div class=\"faq-item\">\n<h4>Quais ferramentas simples para estimular cognitivamente em casa?<\/h4>\n<pee>Aplica\u00e7\u00f5es CARMEN e FERNANDO (atividades progressivas adaptadas), Term\u00f4metro das emo\u00e7\u00f5es, Caderno de liga\u00e7\u00e3o, Roda das escolhas, Quadro de motiva\u00e7\u00e3o. Todos acess\u00edveis em dynseo.com\/nos-outils\/<\/pee><\/div>\n<\/div>\n<footer class=\"article-footer\">\n<h3>Recursos DYNSEO para os cuidadores familiares<\/h3>\n<div class=\"footer-links\">\n        <a href=\"https:\/\/www.dynseo.com\/pt-pt\/o-programa-dos-treinadores\/carmen\/\" target=\"_blank\">Aplica\u00e7\u00e3o CARMEN<\/a><br \/>\n        <a href=\"https:\/\/www.dynseo.com\/pt-pt\/o-programa-dos-treinadores\/fernando-o-seu-treinador-de-cerebro\/\" target=\"_blank\">Aplica\u00e7\u00e3o FERNANDO<\/a><br \/>\n        <a href=\"https:\/\/www.dynseo.com\/pt-pt\/os-nossos-cursos-de-formacao\/\" target=\"_blank\">Forma\u00e7\u00f5es cuidadores<\/a><br \/>\n        <a href=\"https:\/\/www.dynseo.com\/pt-pt\/as-nossas-ferramentas\/\" target=\"_blank\">Todas as ferramentas<\/a><br \/>\n        <a href=\"https:\/\/www.dynseo.com\/pt-pt\/treinador-ia\/\" target=\"_blank\">Coach IA<\/a>\n    <\/div>\n<\/footer>\n<\/article>\n<\/div>\n<p>[\/et_pb_code][\/et_pb_column][\/et_pb_row][\/et_pb_section]<\/p>\n","protected":false},"excerpt":{"rendered":"","protected":false},"author":4,"featured_media":410101,"comment_status":"closed","ping_status":"closed","sticky":false,"template":"","format":"standard","meta":{"_et_pb_use_builder":"on","_et_pb_old_content":"[et_pb_section fb_built=\"1\" admin_label=\"Article HTML\" _builder_version=\"4.16\" custom_padding=\"0px||0px||false|false\" global_colors_info=\"{}\"][et_pb_row admin_label=\"Contenu\" _builder_version=\"4.16\" width=\"100%\" max_width=\"100%\" custom_padding=\"0px||0px||false|false\" global_colors_info=\"{}\"][et_pb_column type=\"4_4\" _builder_version=\"4.16\" global_colors_info=\"{}\"][et_pb_code admin_label=\"HTML import\u00e9\" _builder_version=\"4.16\" global_colors_info=\"{}\"]<style type=\"text\/css\">\n@import url('https:\/\/fonts.googleapis.com\/css2?family=Montserrat:wght@600;700;800&family=Poppins:wght@400;500;600&display=swap');\n        * { margin: 0; padding: 0; box-sizing: border-box; }\n.dbi-art-ac8a88 { font-family: 'Poppins', sans-serif; line-height: 1.9; color: #333; background-color: #f8f9fa; }\n.dbi-art-ac8a88 .container { max-width: 920px; margin: 0 auto; padding: 20px; }\n.dbi-art-ac8a88 .article-header { background: linear-gradient(135deg, #5e5ed7 0%, #5268c9 100%); color: white; padding: 70px 20px; text-align: center; border-radius: 0 0 30px 30px; margin-bottom: 50px; }\n.dbi-art-ac8a88 .article-category { display: inline-block; background: rgba(255,255,255,0.2); padding: 8px 20px; border-radius: 25px; font-size: 0.9rem; margin-bottom: 20px; }\n.dbi-art-ac8a88 .article-header h1 { font-family: 'Montserrat', sans-serif; font-size: 2.4rem; margin-bottom: 20px; }\n.dbi-art-ac8a88 .article-header .subtitle { font-size: 1.1rem; opacity: 0.95; max-width: 720px; margin: 0 auto; }\n.dbi-art-ac8a88 .intro-paragraph { font-size: 1.1rem; color: #555; padding: 32px; background: white; border-radius: 15px; border-left: 5px solid #5e5ed7; margin-bottom: 45px; box-shadow: 0 5px 20px rgba(94,94,215,0.1); }\n.dbi-art-ac8a88 h2 { font-family: 'Montserrat', sans-serif; color: #5e5ed7; font-size: 2rem; margin: 55px 0 25px; padding-bottom: 15px; border-bottom: 3px solid #a9e2e4; }\n.dbi-art-ac8a88 h3 { font-family: 'Montserrat', sans-serif; color: #5268c9; font-size: 1.4rem; margin: 38px 0 16px; }\n.dbi-art-ac8a88 p { margin-bottom: 22px; text-align: justify; font-size: 1.02rem; }\n.dbi-art-ac8a88 .highlight-box { background: linear-gradient(135deg, #a9e2e4 0%, #d0f0f2 100%); padding: 32px; border-radius: 15px; margin: 32px 0; }\n.dbi-art-ac8a88 .highlight-box h4 { font-family: 'Montserrat', sans-serif; color: #5268c9; margin-bottom: 15px; font-size: 1.2rem; }\n.dbi-art-ac8a88 .tip-box { background: linear-gradient(135deg, #ffeca7 0%, #ffe88a 100%); padding: 26px; border-radius: 15px; margin: 26px 0; }\n.dbi-art-ac8a88 .tip-box h4 { font-family: 'Montserrat', sans-serif; color: #5268c9; margin-bottom: 10px; }\n.dbi-art-ac8a88 .warning-box { background: linear-gradient(135deg, #fde8ee 0%, #fcc8d6 100%); padding: 26px; border-radius: 15px; margin: 26px 0; border-left: 5px solid #e73469; }\n.dbi-art-ac8a88 .warning-box h4 { font-family: 'Montserrat', sans-serif; color: #e73469; margin-bottom: 10px; }\n.dbi-art-ac8a88 .stats-grid { display: grid; grid-template-columns: repeat(3, 1fr); gap: 22px; margin: 32px 0; }\n.dbi-art-ac8a88 .stat-card { background: white; padding: 28px; border-radius: 15px; text-align: center; box-shadow: 0 5px 20px rgba(94,94,215,0.1); }\n.dbi-art-ac8a88 .stat-number { font-family: 'Montserrat', sans-serif; font-size: 2.6rem; font-weight: 800; color: #5e5ed7; display: block; }\n.dbi-art-ac8a88 .stat-label { color: #666; font-size: 0.88rem; margin-top: 8px; }\n.dbi-art-ac8a88 .comparison-table { width: 100%; border-collapse: collapse; margin: 32px 0; border-radius: 15px; overflow: hidden; box-shadow: 0 5px 20px rgba(94,94,215,0.1); }\n.dbi-art-ac8a88 .comparison-table th { background: linear-gradient(135deg, #5e5ed7 0%, #5268c9 100%); color: white; padding: 16px 20px; text-align: left; font-family: 'Montserrat', sans-serif; }\n.dbi-art-ac8a88 .comparison-table td { padding: 15px 20px; border-bottom: 1px solid #f0f0ff; background: white; vertical-align: top; }\n.dbi-art-ac8a88 .comparison-table tr:last-child td { border-bottom: none; }\n.dbi-art-ac8a88 .comparison-table tr:nth-child(even) td { background: #f8f8ff; }\n.dbi-art-ac8a88 .method-card { background: white; border-radius: 15px; padding: 28px; margin: 24px 0; box-shadow: 0 5px 20px rgba(94,94,215,0.08); }\n.dbi-art-ac8a88 .method-card.blue { border-left: 4px solid #5e5ed7; }\n.dbi-art-ac8a88 .method-card.teal { border-left: 4px solid #a9e2e4; }\n.dbi-art-ac8a88 .method-card.rose { border-left: 4px solid #e73469; }\n.dbi-art-ac8a88 .method-card.yellow { border-left: 4px solid #ffeca7; border-top: 3px solid #ffeca7; }\n.dbi-art-ac8a88 .method-card h4 { font-family: 'Montserrat', sans-serif; color: #5e5ed7; margin-bottom: 12px; font-size: 1.12rem; }\n.dbi-art-ac8a88 .method-card.teal h4 { color: #5268c9; }\n.dbi-art-ac8a88 .method-card.rose h4 { color: #e73469; }\n.dbi-art-ac8a88 .method-badge { display: inline-block; padding: 5px 14px; border-radius: 20px; font-size: 0.82rem; font-weight: 600; margin-bottom: 12px; }\n.dbi-art-ac8a88 .badge-blue { background: #f0f0ff; color: #5e5ed7; }\n.dbi-art-ac8a88 .badge-green { background: #e0f7f8; color: #5268c9; }\n.dbi-art-ac8a88 .badge-rose { background: #fde8ee; color: #e73469; }\n.dbi-art-ac8a88 .badge-yellow { background: #fff8dc; color: #8a6d00; }\n.dbi-art-ac8a88 .checklist { background: white; padding: 32px; border-radius: 15px; box-shadow: 0 5px 20px rgba(94,94,215,0.1); margin: 28px 0; }\n.dbi-art-ac8a88 .checklist h4 { font-family: 'Montserrat', sans-serif; color: #5e5ed7; margin-bottom: 20px; }\n.dbi-art-ac8a88 .checklist ul { list-style: none; padding: 0; }\n.dbi-art-ac8a88 .checklist li { padding: 12px 0; border-bottom: 1px solid #f0f0ff; padding-left: 38px; position: relative; }\n.dbi-art-ac8a88 .checklist li::before { content: '\u2714'; position: absolute; left: 0; color: #5e5ed7; font-weight: bold; }\n.dbi-art-ac8a88 .checklist li:last-child { border-bottom: none; }\n.dbi-art-ac8a88 .app-card { background: white; border-radius: 18px; padding: 30px; margin: 28px 0; box-shadow: 0 8px 30px rgba(94,94,215,0.15); border-top: 4px solid #5e5ed7; }\n.dbi-art-ac8a88 .app-card h4 { font-family: 'Montserrat', sans-serif; color: #5e5ed7; font-size: 1.3rem; margin-bottom: 12px; }\n.dbi-art-ac8a88 .cta-button { display: inline-block; background: linear-gradient(135deg, #5e5ed7 0%, #5268c9 100%); color: white; padding: 15px 35px; border-radius: 30px; text-decoration: none; font-weight: 600; margin-top: 15px; }\n.dbi-art-ac8a88 .quote-box { background: #f0f0ff; border-left: 4px solid #5e5ed7; padding: 26px; margin: 32px 0; border-radius: 0 15px 15px 0; }\n.dbi-art-ac8a88 .quote-box p { font-style: italic; color: #5268c9; margin-bottom: 10px; }\n.dbi-art-ac8a88 .quote-box .author { font-weight: 600; color: #5e5ed7; font-style: normal; font-size: 0.9rem; }\n.dbi-art-ac8a88 .conclusion { background: linear-gradient(135deg, #f5f7fa 0%, #e8e8ff 100%); padding: 45px; border-radius: 20px; margin-top: 55px; }\n.dbi-art-ac8a88 .conclusion h2 { border-bottom: none; margin-top: 0; }\n.dbi-art-ac8a88 .article-footer { text-align: center; padding: 55px 20px; background: linear-gradient(135deg, #5e5ed7 0%, #5268c9 100%); color: white; border-radius: 30px 30px 0 0; margin-top: 65px; }\n.dbi-art-ac8a88 .article-footer h3 { font-family: 'Montserrat', sans-serif; color: white; margin-bottom: 20px; font-size: 1.5rem; }\n.dbi-art-ac8a88 .article-footer a { color: #ffeca7; text-decoration: none; font-weight: 600; }\n.dbi-art-ac8a88 .footer-links { display: flex; gap: 20px; justify-content: center; flex-wrap: wrap; margin-top: 15px; }\n.dbi-art-ac8a88 .faq-item { background: white; border-radius: 15px; padding: 28px 32px; margin: 16px 0; box-shadow: 0 3px 15px rgba(94,94,215,0.08); border-left: 4px solid #a9e2e4; }\n.dbi-art-ac8a88 .faq-item h4 { font-family: 'Montserrat', sans-serif; color: #5e5ed7; margin-bottom: 13px; font-size: 1.08rem; }\n.dbi-art-ac8a88 .faq-item p { margin: 0; color: #555; }\n.dbi-art-ac8a88 .idee-recue { background: white; border-radius: 15px; margin: 28px 0; overflow: hidden; box-shadow: 0 5px 20px rgba(94,94,215,0.1); }\n.dbi-art-ac8a88 .idee-header { padding: 20px 28px; display: flex; align-items: center; gap: 15px; }\n.dbi-art-ac8a88 .idee-header.faux { background: linear-gradient(135deg, #fde8ee, #fcc8d6); }\n.dbi-art-ac8a88 .idee-header.vrai { background: linear-gradient(135deg, #a9e2e4, #d0f0f2); }\n.dbi-art-ac8a88 .idee-label { font-family: 'Montserrat', sans-serif; font-size: 1.3rem; font-weight: 800; }\n.dbi-art-ac8a88 .idee-header.faux .idee-label { color: #e73469; }\n.dbi-art-ac8a88 .idee-header.vrai .idee-label { color: #5268c9; }\n.dbi-art-ac8a88 .idee-statement { font-weight: 600; font-size: 1.05rem; color: #333; }\n.dbi-art-ac8a88 .idee-body { padding: 24px 28px; }\n.dbi-art-ac8a88 a { color: #5e5ed7; }\n@media (max-width: 768px) {\n.dbi-art-ac8a88 .article-header h1 { font-size: 1.85rem; }\n.dbi-art-ac8a88 .stats-grid { grid-template-columns: 1fr; }\n.dbi-art-ac8a88 .article-header { padding: 45px 15px; }\n.dbi-art-ac8a88 .container { padding: 15px; }\n.dbi-art-ac8a88 h2 { font-size: 1.6rem; }\n.dbi-art-ac8a88 .comparison-table { font-size: 0.9rem; }\n}\n\n<\/style>\n<div class=\"dbi-art-ac8a88\">\n<article>\n<header class=\"article-header\">\n    <div class=\"article-category\">\ud83e\udd1d Esclerose m\u00faltipla &amp; Cuidadores familiares \u2014 Reabilita\u00e7\u00e3o cognitiva<\/div>\n    <h1>Como envolver os cuidadores familiares na reabilita\u00e7\u00e3o cognitiva?<\/h1>\n    <p class=\"subtitle\">Os cuidadores familiares est\u00e3o na linha de frente do acompanhamento \u2014 mas muitas vezes s\u00e3o deixados sem forma\u00e7\u00e3o nem ferramentas. Este guia lhes d\u00e1 as chaves para participar da estimula\u00e7\u00e3o cognitiva de forma eficaz, segura e gratificante para todos.<\/p>\n<\/header>\n\n<div class=\"container\">\n\n<div class=\"intro-paragraph\">\nNa Fran\u00e7a, estima-se que haja 11 milh\u00f5es de cuidadores familiares \u2014 esses parentes (c\u00f4njuges, filhos adultos, irm\u00e3os e irm\u00e3s) que acompanham diariamente uma pessoa com uma doen\u00e7a cr\u00f4nica, uma defici\u00eancia ou uma fragilidade. No contexto da reabilita\u00e7\u00e3o cognitiva \u2014 seja ap\u00f3s um AVC, na esclerose m\u00faltipla, na doen\u00e7a de Alzheimer ou em qualquer outro dist\u00farbio cognitivo \u2014 o cuidador familiar n\u00e3o \u00e9 um espectador. Ele pode se tornar um parceiro ativo, complementar aos profissionais, cuja contribui\u00e7\u00e3o di\u00e1ria faz uma diferen\u00e7a real nos resultados a longo prazo.\n<\/div>\n\n<div class=\"stats-grid\">\n    <div class=\"stat-card\"><span class=\"stat-number\">11 milh\u00f5es<\/span><div class=\"stat-label\">de cuidadores familiares na Fran\u00e7a \u2014 um recurso precioso muitas vezes subformado e subapoiado<\/div><\/div>\n    <div class=\"stat-card\"><span class=\"stat-number\">70%<\/span><div class=\"stat-label\">dos cuidadores afirmam n\u00e3o ter recebido forma\u00e7\u00e3o para seu papel, segundo as pesquisas<\/div><\/div>\n    <div class=\"stat-card\"><span class=\"stat-number\">\u00d72<\/span><div class=\"stat-label\">os benef\u00edcios da reabilita\u00e7\u00e3o cognitiva s\u00e3o duplicados quando o entorno participa ativamente<\/div><\/div>\n<\/div>\n\n<h2>Compreender a distin\u00e7\u00e3o: o que o cuidador pode fazer, o que cabe aos profissionais<\/h2>\n\n<p>Antes de abordar como envolver os cuidadores familiares na reabilita\u00e7\u00e3o cognitiva, \u00e9 fundamental esclarecer uma distin\u00e7\u00e3o frequentemente fonte de confus\u00e3o: a diferen\u00e7a entre <strong>reabilita\u00e7\u00e3o cognitiva<\/strong> e <strong>estimula\u00e7\u00e3o cognitiva<\/strong>. Essa distin\u00e7\u00e3o determina o que \u00e9 responsabilidade do profissional de sa\u00fade e o que o cuidador pode contribuir de forma segura e eficaz.<\/p>\n\n<h3>A reabilita\u00e7\u00e3o cognitiva: um ato param\u00e9dico<\/h3>\n\n<p>A reabilita\u00e7\u00e3o cognitiva \u00e9 uma interven\u00e7\u00e3o terap\u00eautica especializada realizada por neuropsic\u00f3logos ou fonoaudi\u00f3logos. Ela requer uma avalia\u00e7\u00e3o neuropsicol\u00f3gica pr\u00e9via para identificar precisamente as fun\u00e7\u00f5es deficit\u00e1rias, objetivos terap\u00eauticos definidos segundo protocolos validados, uma adapta\u00e7\u00e3o constante em fun\u00e7\u00e3o da evolu\u00e7\u00e3o do paciente, e um conhecimento das contraindica\u00e7\u00f5es e das situa\u00e7\u00f5es complexas. O cuidador n\u00e3o pode e n\u00e3o deve tentar substituir esses profissionais. Esse n\u00e3o \u00e9 seu papel \u2014 e querer assumir essa responsabilidade muitas vezes gera exaust\u00e3o, culpa e tens\u00f5es na rela\u00e7\u00e3o.<\/p>\n\n<h3>A estimula\u00e7\u00e3o cognitiva: um papel para o cuidador<\/h3>\n\n<p>A <strong>estimula\u00e7\u00e3o cognitiva<\/strong>, por outro lado, refere-se a um conjunto de atividades di\u00e1rias destinadas a manter e enriquecer as fun\u00e7\u00f5es cognitivas preservadas \u2014 sem visar \"tratar\" um d\u00e9ficit espec\u00edfico. \u00c9 aqui que o cuidador familiar tem um papel precioso e insubstitu\u00edvel. Ele conhece a pessoa melhor do que ningu\u00e9m \u2014 sua hist\u00f3ria, suas paix\u00f5es, seus h\u00e1bitos, seus medos, seus recursos. Esse conhecimento \u00edntimo permite uma personaliza\u00e7\u00e3o da estimula\u00e7\u00e3o que nenhum profissional pode reproduzir no \u00e2mbito de suas sess\u00f5es limitadas.<\/p>\n<div class=\"highlight-box\">\n    <h4>\ud83c\udfaf A partilha de pap\u00e9is<\/h4>\n    <p><strong>O profissional (neuropsic\u00f3logo, fonoaudi\u00f3logo) :<\/strong> avalia, define os objetivos, concebe os programas de reabilita\u00e7\u00e3o, adapta conforme a evolu\u00e7\u00e3o, gerencia as situa\u00e7\u00f5es complexas, forma o cuidador.<br><br>\n    <strong>O cuidador familiar :<\/strong> mant\u00e9m a regularidade das atividades no dia a dia, adapta as atividades aos interesses e ao humor da pessoa, cria um ambiente favor\u00e1vel \u00e0 estimula\u00e7\u00e3o, transmite suas observa\u00e7\u00f5es ao profissional, mant\u00e9m o v\u00ednculo afetivo e social.<\/p>\n<\/div>\n\n<h2>A forma\u00e7\u00e3o dos cuidadores: um imperativo frequentemente negligenciado<\/h2>\n\n<p>70 % dos cuidadores afirmam n\u00e3o ter recebido forma\u00e7\u00e3o para seu papel. No entanto, a forma\u00e7\u00e3o \u00e9 o investimento mais rent\u00e1vel tanto para o cuidador quanto para a pessoa acompanhada. Um cuidador treinado \u00e9 mais eficaz em seu papel, menos suscet\u00edvel ao burnout, melhor capaz de interpretar comportamentos dif\u00edceis e mais apto a se comunicar de forma \u00fatil com os profissionais.<\/p>\n\n<h3>O que o cuidador precisa saber<\/h3>\n\n<p>A forma\u00e7\u00e3o de um cuidador envolvido na reabilita\u00e7\u00e3o cognitiva deve abranger v\u00e1rias \u00e1reas: compreender a patologia da pessoa acompanhada (mecanismos, sintomas, evolu\u00e7\u00e3o previs\u00edvel, tratamentos); conhecer as bases dos dist\u00farbios cognitivos e seu impacto no comportamento di\u00e1rio; dominar as t\u00e9cnicas de comunica\u00e7\u00e3o adequadas (falar devagar, de forma simples, sem confronto); saber propor atividades de estimula\u00e7\u00e3o adequadas ao n\u00edvel e aos interesses da pessoa; identificar os sinais de alerta que exigem contatar o m\u00e9dico ou o profissional respons\u00e1vel; e cuidar de si mesmo para durar nesse papel exigente.<\/p>\n\n<div class=\"method-card blue\">\n<div class=\"method-badge badge-blue\">\ud83c\udf93 Forma\u00e7\u00f5es especializadas DYNSEO para as fam\u00edlias<\/div>\n    <h4>Aprender para melhor acompanhar<\/h4>\n    <p>DYNSEO prop\u00f5e forma\u00e7\u00f5es especificamente concebidas para as fam\u00edlias e os cuidadores. A forma\u00e7\u00e3o <a href=\"https:\/\/www.dynseo.com\/courses\/changements-de-comportement-lies-a-maladie-guide-pratique-pour-les-proches\" target=\"_blank\"><strong>\"Mudan\u00e7as de comportamento relacionadas \u00e0 doen\u00e7a \u2014 guia pr\u00e1tico para os cuidadores\"<\/strong><\/a> d\u00e1 as chaves para compreender e gerir as modifica\u00e7\u00f5es comportamentais relacionadas a patologias como a doen\u00e7a de Alzheimer, a SEP, o Parkinson ou as sequelas de AVC. A vers\u00e3o para os <a href=\"https:\/\/www.dynseo.com\/courses\/troubles-du-comportement-lies-a-la-maladie-methodes-et-coordination-pluridisciplinaire\" target=\"_blank\"><strong>profissionais<\/strong><\/a> aprofunda os m\u00e9todos e a coordena\u00e7\u00e3o multidisciplinar.<\/p>\n<\/div>\n\n<h2>Como o cuidador pode contribuir para a estimula\u00e7\u00e3o cognitiva: 6 dom\u00ednios de a\u00e7\u00e3o<\/h2>\n\n<h3>1. Manter a regularidade: o fator mais importante<\/h3>\n\n<p>A pesquisa sobre a estimula\u00e7\u00e3o cognitiva \u00e9 clara: a regularidade \u00e9 mais importante que a intensidade. 15 a 20 minutos de atividade cognitiva di\u00e1ria d\u00e3o melhores resultados do que uma hora semanal. O cuidador familiar \u00e9, por defini\u00e7\u00e3o, a pessoa mais bem colocada para garantir essa regularidade \u2014 uma vez que est\u00e1 presente no dia a dia. O desafio \u00e9 encontrar o momento certo do dia (nem muito cansado, nem muito agitado) e as atividades adequadas para que essa regularidade seja duradoura sem se tornar uma obriga\u00e7\u00e3o.<\/p>\n\n<p>O <a href=\"https:\/\/www.dynseo.com\/nos-outils\/timer-visuel\/\" target=\"_blank\"><strong>Temporizador visual DYNSEO<\/strong><\/a> pode ajudar a estruturar esses momentos de estimula\u00e7\u00e3o \u2014 tornando vis\u00edvel a dura\u00e7\u00e3o da atividade, o que tranquiliza as pessoas ansiosas (\"quanto tempo ainda?\") e ajuda as pessoas com dificuldades de mem\u00f3ria temporal a antecipar o fim da sess\u00e3o.<\/p>\n\n<h3>2. Explorar os interesses e a hist\u00f3ria de vida<\/h3>\n\n<p>Um profissional de sa\u00fade que encontra um paciente 2 horas por semana n\u00e3o pode conhecer suas paix\u00f5es de juventude, suas m\u00fasicas favoritas, suas atividades de lazer anteriores. O cuidador, por sua vez, det\u00e9m esse patrim\u00f4nio de conhecimento \u00edntimo que \u00e9 a mat\u00e9ria-prima de uma estimula\u00e7\u00e3o verdadeiramente personalizada. Propor atividades relacionadas \u00e0 hist\u00f3ria de vida \u2014 resolver problemas matem\u00e1ticos para uma pessoa que foi engenheira, reviver receitas de cozinha para algu\u00e9m que adorava cozinhar, ouvir os \u00e1lbuns de juventude de um amante da m\u00fasica \u2014 multiplica o engajamento e a efic\u00e1cia da estimula\u00e7\u00e3o.<\/p>\n\n<p>A <a href=\"https:\/\/www.dynseo.com\/nos-outils\/roue-des-choix\/\" target=\"_blank\"><strong>Roda de escolhas DYNSEO<\/strong><\/a> \u00e9 uma ferramenta pr\u00e1tica para manter a autonomia decisional da pessoa: ela pode escolher a atividade do momento entre v\u00e1rias op\u00e7\u00f5es propostas, o que refor\u00e7a seu sentimento de controle e sua motiva\u00e7\u00e3o para se engajar.<\/p>\n\n<h3>3. Criar um ambiente favor\u00e1vel<\/h3>\n\n<p>O ambiente f\u00edsico tem um impacto direto nas capacidades cognitivas, especialmente para as pessoas que apresentam d\u00e9ficits. Um ambiente calmo, bem iluminado, sem distra\u00e7\u00f5es (televis\u00e3o desligada, notifica\u00e7\u00f5es silenciosas) favorece a concentra\u00e7\u00e3o. Um ambiente enriquecedor \u2014 fotos de fam\u00edlia, objetos familiares, plantas, m\u00fasica suave \u2014 estimula os sentidos e as mem\u00f3rias. O cuidador pode organizar o espa\u00e7o de vida para maximizar essas condi\u00e7\u00f5es favor\u00e1veis sem que isso represente um esfor\u00e7o di\u00e1rio consciente.<\/p>\n\n<p>Para as pessoas que t\u00eam dificuldade em expressar seus estados emocionais \u2014 o que \u00e9 frequente na dem\u00eancia, ap\u00f3s um AVC com afasia, ou na SEP avan\u00e7ada \u2014 o <a href=\"https:\/\/www.dynseo.com\/nos-outils\/thermometre-des-emotions\/\" target=\"_blank\"><strong>Term\u00f4metro das emo\u00e7\u00f5es DYNSEO<\/strong><\/a> exibido no espa\u00e7o de vida permite uma comunica\u00e7\u00e3o sobre o bem-estar sem necessitar de palavras. A pessoa pode simplesmente apontar a emo\u00e7\u00e3o ou o n\u00edvel que sente.<\/p>\n\n<h3>4. Utilizar aplicativos de estimula\u00e7\u00e3o em casa<\/h3>\n\n<p>Os aplicativos de estimula\u00e7\u00e3o cognitiva concebidos para perfis patol\u00f3gicos s\u00e3o aliados valiosos para os cuidadores \u2014 eles prop\u00f5em atividades estruturadas, progressivas e envolventes, sem que o cuidador precise conceb\u00ea-las ele mesmo. O aplicativo <a href=\"https:\/\/www.dynseo.com\/pt-pt\/o-programa-dos-treinadores\/carmen\/\" target=\"_blank\"><strong>CARMEN<\/strong><\/a> \u00e9 concebido para os idosos, Alzheimer e Parkinson: interface simples, atividades de mem\u00f3ria, aten\u00e7\u00e3o e estimula\u00e7\u00e3o adaptadas. O aplicativo <a href=\"https:\/\/www.dynseo.com\/pt-pt\/o-programa-dos-treinadores\/fernando-o-seu-treinador-de-cerebro\/\" target=\"_blank\"><strong>FERNANDO<\/strong><\/a> destina-se a adultos, especialmente p\u00f3s-AVC ou com SEP, com exerc\u00edcios cognitivos progressivos adaptados \u00e0s capacidades residuais.<\/p>\n<div class=\"app-card\">\n    <h4>\ud83d\udcf1 Aplicativos DYNSEO para a estimula\u00e7\u00e3o em casa<\/h4>\n    <p>\u2022 <a href=\"https:\/\/www.dynseo.com\/pt-pt\/o-programa-dos-treinadores\/carmen\/\" target=\"_blank\"><strong>CARMEN<\/strong><\/a> \u2014 idosos, doen\u00e7a de Alzheimer, Parkinson : atividades mem\u00f3ria, aten\u00e7\u00e3o, estimula\u00e7\u00e3o. Interface simplificada.<br>\n    \u2022 <a href=\"https:\/\/www.dynseo.com\/pt-pt\/o-programa-dos-treinadores\/fernando-o-seu-treinador-de-cerebro\/\" target=\"_blank\"><strong>FERNANDO<\/strong><\/a> \u2014 adultos, p\u00f3s-AVC, SEP, sa\u00fade mental : estimula\u00e7\u00e3o cognitiva progressiva adaptada.<br>\n    \u2022 <a href=\"https:\/\/www.dynseo.com\/mon-dico-une-application-pour-favoriser-la-communication\/\" target=\"_blank\"><strong>MEU DICION\u00c1RIO<\/strong><\/a> \u2014 para pessoas com afasia, autismo ou dificuldades de comunica\u00e7\u00e3o.<br>\n    \u2022 <a href=\"https:\/\/www.dynseo.com\/coach-ia\/\" target=\"_blank\"><strong>Coach IA<\/strong><\/a> \u2014 acompanhamento personalizado para os cuidadores e os benefici\u00e1rios.<\/p>\n    <a href=\"https:\/\/www.dynseo.com\/pt-pt\/o-programa-dos-treinadores\/fernando-o-seu-treinador-de-cerebro\/\" target=\"_blank\" class=\"cta-button\">Descobrir FERNANDO para a reabilita\u00e7\u00e3o em casa \u2192<\/a>\n<\/div>\n\n<h3>5. Observar e transmitir : o papel de vigia<\/h3>\n\n<p>O cuidador familiar \u00e9 a \"sentinela\" do estado cognitivo da pessoa acompanhada. Ele observa no dia a dia mudan\u00e7as que o profissional de sa\u00fade que interv\u00e9m 2 horas por semana n\u00e3o pode ver: uma agravamento dos esquecimentos, uma confus\u00e3o temporal nova, uma mudan\u00e7a de humor, uma recusa incomum, uma regress\u00e3o em uma atividade previamente dominada. Essas observa\u00e7\u00f5es, se bem documentadas e transmitidas, s\u00e3o informa\u00e7\u00f5es cl\u00ednicas de um valor inestim\u00e1vel.<\/p>\n\n<p>O <a href=\"https:\/\/www.dynseo.com\/nos-outils\/carnet-de-liaison\/\" target=\"_blank\"><strong>Caderno de liga\u00e7\u00e3o fonoaudi\u00f3logo-fam\u00edlia DYNSEO<\/strong><\/a> facilita essa transmiss\u00e3o de informa\u00e7\u00f5es. Ele estrutura as observa\u00e7\u00f5es do cuidador (o que, quando, em qual contexto, intensidade) de forma utiliz\u00e1vel pelo profissional. O <a href=\"https:\/\/www.dynseo.com\/nos-outils\/tableau-suivi-competences\/\" target=\"_blank\"><strong>Quadro de acompanhamento das compet\u00eancias<\/strong><\/a> permite documentar a evolu\u00e7\u00e3o das capacidades funcionais ao longo do tempo, fornecendo uma base factual para os ajustes terap\u00eauticos.<\/p>\n\n<h3>6. Manter o v\u00ednculo social e emocional<\/h3>\n\n<p>As neuroci\u00eancias confirmam o que a experi\u00eancia cl\u00ednica j\u00e1 sabia: o v\u00ednculo social e emocional \u00e9 um poderoso fator neuroprotetor. A presen\u00e7a acolhedora, o olhar caloroso, a conversa mesmo simplificada, o compartilhamento de uma atividade agrad\u00e1vel \u2014 tudo isso ativa os circuitos cerebrais da recompensa, do v\u00ednculo de apego e da regula\u00e7\u00e3o emocional, contribuindo diretamente para o bem-estar neurol\u00f3gico. O cuidador familiar n\u00e3o precisa ser um \"profissional da estimula\u00e7\u00e3o\" para cumprir essa fun\u00e7\u00e3o vital \u2014 ele s\u00f3 precisa estar presente, atento e acolhedor.<\/p>\n\n<h2>Adaptar a implica\u00e7\u00e3o segundo as patologias<\/h2>\n\n<h3>A esclerose m\u00faltipla (SEP)<\/h3>\n\n<p>Na SEP, os dist\u00farbios cognitivos (lentid\u00e3o, dificuldades de aten\u00e7\u00e3o, mem\u00f3ria de trabalho) afetam 40 a 70 % dos pacientes e podem ocorrer em est\u00e1gios relativamente precoces. A fadiga neurol\u00f3gica \u2014 muitas vezes invis\u00edvel, mas profundamente invalidante \u2014 \u00e9 a principal restri\u00e7\u00e3o a ser respeitada na organiza\u00e7\u00e3o das atividades de estimula\u00e7\u00e3o.<\/p>\n\n<p>O cuidador deve aprender a reconhecer os sinais de fadiga cognitiva (irritabilidade, lentid\u00e3o s\u00fabita, dificuldades em acompanhar uma conversa) e a interromper ou adaptar a atividade em consequ\u00eancia. As sess\u00f5es curtas (10-15 minutos no m\u00e1ximo) e fracionadas s\u00e3o melhores do que uma \u00fanica sess\u00e3o longa e exaustiva. As atividades devem ser programadas nos melhores hor\u00e1rios do dia \u2014 muitas vezes pela manh\u00e3, antes que a fadiga se acumule \u2014 e interrompidas assim que os sinais de exaust\u00e3o cognitiva aparecerem.<\/p>\n\n<div class=\"method-card teal\">\n<div class=\"method-badge badge-green\">\ud83c\udf21\ufe0f Monitorar a temperatura na SEP<\/div>\n    <h4>O fen\u00f4meno de Uhthoff: calor e sintomas<\/h4>\n    <p>O fen\u00f4meno de Uhthoff \u00e9 um agravamento tempor\u00e1rio dos sintomas neurol\u00f3gicos relacionado \u00e0 eleva\u00e7\u00e3o da temperatura corporal. Banho quente, febre, exerc\u00edcio intenso em clima quente \u2014 essas situa\u00e7\u00f5es podem provocar uma deteriora\u00e7\u00e3o tempor\u00e1ria das capacidades cognitivas e motoras. O cuidador deve ser informado para n\u00e3o interpretar essas flutua\u00e7\u00f5es como uma progress\u00e3o da doen\u00e7a e adaptar as atividades (sem estimula\u00e7\u00e3o intensa ap\u00f3s o exerc\u00edcio ou em clima quente, por exemplo).<\/p>\n<\/div>\n\n<h3>Ap\u00f3s um AVC<\/h3>\n\n<p>As sequelas cognitivas p\u00f3s-AVC (mem\u00f3ria, aten\u00e7\u00e3o, linguagem, neglig\u00eancia espacial) necessitam de reabilita\u00e7\u00e3o especializada que o cuidador n\u00e3o pode garantir totalmente. Mas seu papel na generaliza\u00e7\u00e3o das aquisi\u00e7\u00f5es em ambiente ecol\u00f3gico \u2014 ou seja, na vida real, em casa \u2014 \u00e9 fundamental. As estrat\u00e9gias aprendidas nas sess\u00f5es de reabilita\u00e7\u00e3o s\u00f3 se transferem para a vida cotidiana se forem praticadas e refor\u00e7adas em casa pelo entorno.<\/p>\n\n<p>O cuidador aprende com o profissional as estrat\u00e9gias compensat\u00f3rias adequadas \u00e0s defici\u00eancias da pessoa \u2014 como apresentar as informa\u00e7\u00f5es \u00e0 esquerda (para uma pessoa com neglig\u00eancia \u00e0 direita), como comunicar-se com uma pessoa af\u00e1sica, como estruturar as atividades para uma pessoa com dificuldades de planejamento. Esses aprendizados s\u00e3o ent\u00e3o aplicados no dia a dia pelo cuidador, multiplicando o impacto das sess\u00f5es profissionais.<\/p>\n\n<h3>Na doen\u00e7a de Alzheimer<\/h3>\n\n<p>A estimula\u00e7\u00e3o cognitiva pelos cuidadores \u00e9 particularmente valiosa na doen\u00e7a de Alzheimer, onde as sess\u00f5es profissionais s\u00e3o frequentemente espa\u00e7adas e onde a continuidade da estimula\u00e7\u00e3o entre as sess\u00f5es \u00e9 essencial. A reminisc\u00eancia \u2014 revisitar as mem\u00f3rias autobiogr\u00e1ficas com fotos, m\u00fasicas, objetos \u2014 \u00e9 a atividade mais acess\u00edvel e eficaz para os cuidadores n\u00e3o profissionais. Ela n\u00e3o requer material sofisticado, explora os recursos preservados (mem\u00f3ria autobiogr\u00e1fica de longo prazo) e refor\u00e7a simultaneamente o v\u00ednculo afetivo entre a pessoa e seus familiares.<\/p>\n\n<p>O <a href=\"https:\/\/www.dynseo.com\/nos-outils\/tableau-de-motivation\/\" target=\"_blank\"><strong>Quadro de motiva\u00e7\u00e3o DYNSEO<\/strong><\/a> pode ajudar a identificar e manter as atividades que mais envolvem a pessoa \u2014 valioso na Alzheimer onde a motiva\u00e7\u00e3o intr\u00ednseca pode diminuir com a progress\u00e3o da doen\u00e7a.<\/p>\n\n<h2>Cuidar de si para cuidar do outro<\/h2>\n\n<p>Nenhum guia sobre a implica\u00e7\u00e3o dos cuidadores na reabilita\u00e7\u00e3o estaria completo sem abordar a quest\u00e3o de sua pr\u00f3pria sa\u00fade. Os estudos convergem: os cuidadores familiares apresentam um risco significativamente maior de depress\u00e3o, ansiedade, doen\u00e7as cr\u00f4nicas e decl\u00ednio cognitivo do que a popula\u00e7\u00e3o geral. O burnout do cuidador \u00e9 uma realidade m\u00e9dica reconhecida \u2014 e prevenir \u00e9 infinitamente mais f\u00e1cil do que tratar.<\/p>\n\n<h3>Os sinais de alerta do burnout do cuidador<\/h3>\n<div class=\"warning-box\">\n    <h4>\u26a0\ufe0f Sinais a n\u00e3o ignorar<\/h4>\n    <p>\u2022 Sentimento de exaust\u00e3o persistente n\u00e3o aliviado pelo descanso<br>\n    \u2022 Irritabilidade crescente em rela\u00e7\u00e3o \u00e0 pessoa acompanhada (e sentimento de culpa que se segue)<br>\n    \u2022 Perda de prazer em atividades antes apreciadas<br>\n    \u2022 Dist\u00farbios do sono cr\u00f4nicos<br>\n    \u2022 Tend\u00eancia a negligenciar a pr\u00f3pria sa\u00fade (consultas m\u00e9dicas adiadas, alimenta\u00e7\u00e3o negligenciada)<br>\n    \u2022 Sentimento de isolamento e solid\u00e3o<br>\n    \u2022 Dificuldade em aceitar ajuda do entorno ou dos profissionais<br>\n    \u2022 Pensamentos sombrios sobre o futuro ou a situa\u00e7\u00e3o<\/p>\n<\/div>\n\n<h3>Os recursos dispon\u00edveis<\/h3>\n\n<p>O burnout do cuidador n\u00e3o se evita sozinho. Os recursos dispon\u00edveis na Fran\u00e7a incluem plataformas de descanso para cuidadores, centros de dia para as pessoas acompanhadas (permitindo que o cuidador respire), grupos de apoio entre cuidadores (Fran\u00e7a Alzheimer, Cuidadores Conectados) e forma\u00e7\u00f5es que oferecem ferramentas concretas para lidar com situa\u00e7\u00f5es dif\u00edceis sem se esgotar.<\/p>\n\n<p>As <a href=\"https:\/\/www.dynseo.com\/nos-formations\/\" target=\"_blank\"><strong>forma\u00e7\u00f5es DYNSEO<\/strong><\/a> para as fam\u00edlias abordam explicitamente a quest\u00e3o do bem-estar do cuidador \u2014 porque cuidar de si mesmo \u00e9 uma condi\u00e7\u00e3o necess\u00e1ria para poder cuidar do outro a longo prazo. O <a href=\"https:\/\/www.dynseo.com\/nos-outils\/thermometre-des-emotions\/\" target=\"_blank\"><strong>Term\u00f4metro das emo\u00e7\u00f5es<\/strong><\/a> pode ser utilizado pelo pr\u00f3prio cuidador, n\u00e3o apenas para seu ente querido \u2014 para identificar e nomear seus pr\u00f3prios estados emocionais antes que eles se acumulem em exaust\u00e3o.<\/p>\n\n<h2>Construir uma colabora\u00e7\u00e3o eficaz entre cuidador e profissional<\/h2>\n\n<p>A complementaridade entre o cuidador familiar e os profissionais de sa\u00fade \u00e9 a chave para uma reabilita\u00e7\u00e3o cognitiva \u00f3tima. Essa complementaridade n\u00e3o se estabelece espontaneamente \u2014 ela se constr\u00f3i, se discute e se formaliza.<\/p>\n<div class=\"checklist\">\n    <h4>\u2714 Os pilares de uma colabora\u00e7\u00e3o bem-sucedida entre cuidador e profissional<\/h4>\n    <ul>\n        <li><strong>Comunica\u00e7\u00e3o regular :<\/strong> ponto de situa\u00e7\u00e3o pelo menos mensal entre o cuidador principal e o profissional respons\u00e1vel, formalizado atrav\u00e9s do caderno de comunica\u00e7\u00e3o<\/li>\n        <li><strong>Objetivos compartilhados :<\/strong> o cuidador conhece os objetivos terap\u00eauticos e entende como seu papel se insere no plano global<\/li>\n        <li><strong>Forma\u00e7\u00e3o inicial :<\/strong> o profissional dedica tempo para formar o cuidador nas atividades que pode propor \u2014 e para explicar o que n\u00e3o deve fazer<\/li>\n        <li><strong>Respeito pelos limites :<\/strong> o cuidador sabe claramente quando contatar o profissional (mudan\u00e7a not\u00e1vel no estado, comportamento preocupante, situa\u00e7\u00e3o de emerg\u00eancia)<\/li>\n        <li><strong>Reconhecimento e valoriza\u00e7\u00e3o :<\/strong> os profissionais reconhecem e valorizam explicitamente a contribui\u00e7\u00e3o do cuidador \u2014 indispens\u00e1vel para manter sua motiva\u00e7\u00e3o<\/li>\n        <li><strong>Apoio ao cuidador :<\/strong> os profissionais est\u00e3o atentos aos sinais de burnout do cuidador e orientam para os recursos de apoio dispon\u00edveis<\/li>\n    <\/ul>\n<\/div>\n\n<h2>Ferramentas concretas para cuidadores que desejam se envolver<\/h2>\n\n<p>Al\u00e9m dos grandes princ\u00edpios, os cuidadores precisam de ferramentas concretas e acess\u00edveis. A DYNSEO desenvolveu uma gama de ferramentas pedag\u00f3gicas projetadas para apoiar o trabalho dos cuidadores no \u00e2mbito da estimula\u00e7\u00e3o cognitiva em casa.<\/p>\n\n<table class=\"comparison-table\">\n    <thead><tr><th>Ferramenta<\/th><th>Utiliza\u00e7\u00e3o na estimula\u00e7\u00e3o em casa<\/th><th>Perfis envolvidos<\/th><\/tr><\/thead>\n    <tbody>\n    <tr><td><a href=\"https:\/\/www.dynseo.com\/nos-outils\/thermometre-des-emotions\/\" target=\"_blank\"><strong>Term\u00f4metro das emo\u00e7\u00f5es<\/strong><\/a><\/td><td>Avaliar o estado emocional antes e depois da atividade, adaptar a abordagem<\/td><td>Alzheimer, AVC com afasia, SEP, autismo<\/td><\/tr>\n    <tr><td><a href=\"https:\/\/www.dynseo.com\/nos-outils\/roue-des-choix\/\" target=\"_blank\"><strong>Roda das escolhas<\/strong><\/a><\/td><td>Manter a autonomia decisional na escolha das atividades<\/td><td>Todos os perfis cognitivos<\/td><\/tr>\n    <tr><td><a href=\"https:\/\/www.dynseo.com\/nos-outils\/timer-visuel\/\" target=\"_blank\"><strong>Timer visual<\/strong><\/a><\/td><td>Estruturar o tempo das atividades, reduzir a ansiedade relacionada \u00e0 dura\u00e7\u00e3o<\/td><td>TDAH, Alzheimer, ansiedade, crian\u00e7as<\/td><\/tr>\n    <tr><td><a href=\"https:\/\/www.dynseo.com\/nos-outils\/tableau-de-motivation\/\" target=\"_blank\"><strong>Quadro de motiva\u00e7\u00e3o<\/strong><\/a><\/td><td>Visualizar os progressos e manter a motiva\u00e7\u00e3o<\/td><td>Depress\u00e3o, apatia, reabilita\u00e7\u00e3o p\u00f3s-AVC<\/td><\/tr>\n    <tr><td><a href=\"https:\/\/www.dynseo.com\/nos-outils\/tableau-3-colonnes\/\" target=\"_blank\"><strong>Quadro 3 colunas<\/strong><\/a><\/td><td>Organizar as tarefas e acompanhar seu progresso<\/td><td>TDAH, dist\u00farbios executivos, p\u00f3s-AVC<\/td><\/tr>\n    <tr><td><a href=\"https:\/\/www.dynseo.com\/nos-outils\/carnet-de-liaison\/\" target=\"_blank\"><strong>Caderno de comunica\u00e7\u00e3o<\/strong><\/a><\/td><td>Documentar as observa\u00e7\u00f5es e transmiti-las aos profissionais<\/td><td>Todos os perfis \u2014 coordena\u00e7\u00e3o multidisciplinar<\/td><\/tr>\n    <\/tbody>\n<\/table>\n\n<h2>A intelig\u00eancia artificial a servi\u00e7o dos cuidadores<\/h2>\n\n<p>As novas tecnologias podem apoiar os cuidadores em seu papel de maneira in\u00e9dita. O <a href=\"https:\/\/www.dynseo.com\/coach-ia\/\" target=\"_blank\"><strong>Coach IA DYNSEO<\/strong><\/a> pode acompanhar o cuidador, propondo atividades adaptadas ao perfil da pessoa que ele acompanha, respondendo a suas perguntas sobre o cuidado, e orientando-o para os recursos profissionais apropriados quando a situa\u00e7\u00e3o exigir. Essa disponibilidade 24h\/24 \u00e9 preciosa para os cuidadores que t\u00eam d\u00favidas fora do hor\u00e1rio comercial dos profissionais.<\/p>\n<div class=\"conclusion\">\n    <h2>Conclus\u00e3o: o cuidador familiar, parceiro indispens\u00e1vel da reabilita\u00e7\u00e3o<\/h2>\n    <p>A implica\u00e7\u00e3o dos cuidadores familiares na reabilita\u00e7\u00e3o cognitiva n\u00e3o \u00e9 um luxo \u2014 \u00e9 uma alavanca terap\u00eautica fundamental. Os benef\u00edcios da reabilita\u00e7\u00e3o se multiplicam quando a pessoa est\u00e1 cercada por familiares treinados, equipados com ferramentas adequadas e integrados em uma colabora\u00e7\u00e3o clara com os profissionais de sa\u00fade. O desafio \u00e9 transformar a boa vontade do cuidador em uma contribui\u00e7\u00e3o estruturada e eficaz \u2014 preservando sua pr\u00f3pria sa\u00fade e bem-estar.<\/p>\n    <p>DYNSEO acompanha esse desafio com aplica\u00e7\u00f5es de estimula\u00e7\u00e3o adequadas, ferramentas pedag\u00f3gicas concretas e forma\u00e7\u00f5es especialmente concebidas para as fam\u00edlias. Porque por tr\u00e1s de cada pessoa em reabilita\u00e7\u00e3o, h\u00e1 familiares que se comprometem \u2014 e que tamb\u00e9m merecem ser acompanhados.<\/p>\n    <a href=\"https:\/\/www.dynseo.com\/nos-formations\/\" target=\"_blank\" class=\"cta-button\">Descobrir as forma\u00e7\u00f5es DYNSEO para os cuidadores \u2192<\/a>\n<\/div>\n\n<h2>FAQ<\/h2>\n<div class=\"faq-item\"><h4>Os cuidadores familiares podem participar da reabilita\u00e7\u00e3o cognitiva?<\/h4><p>Sim \u2014 no campo da estimula\u00e7\u00e3o (manter as fun\u00e7\u00f5es preservadas), n\u00e3o da reabilita\u00e7\u00e3o (ato param\u00e9dico). A contribui\u00e7\u00e3o di\u00e1ria deles pode dobrar os benef\u00edcios das sess\u00f5es profissionais.<\/p><\/div>\n<div class=\"faq-item\"><h4>Reabilita\u00e7\u00e3o vs estimula\u00e7\u00e3o cognitiva: qual a diferen\u00e7a?<\/h4><p>Reabilita\u00e7\u00e3o: ato terap\u00eautico especializado (neuropsic\u00f3logo, fonoaudi\u00f3logo). Estimula\u00e7\u00e3o: atividades di\u00e1rias enriquecedoras que os cuidadores treinados podem propor com ferramentas adequadas.<\/p><\/div>\n<div class=\"faq-item\"><h4>Como prevenir o burn-out dos cuidadores?<\/h4><p>Delimitar seu papel, aceitar ajuda, pertencer a um grupo de apoio, se formar, preservar atividades pessoais e utilizar os recursos de descanso dispon\u00edveis.<\/p><\/div>\n<div class=\"faq-item\"><h4>Quais ferramentas simples para estimular cognitivamente em casa?<\/h4><p>Aplica\u00e7\u00f5es CARMEN e FERNANDO (atividades progressivas adaptadas), Term\u00f4metro das emo\u00e7\u00f5es, Caderno de liga\u00e7\u00e3o, Roda das escolhas, Quadro de motiva\u00e7\u00e3o. Todos acess\u00edveis em dynseo.com\/nos-outils\/<\/p><\/div>\n\n<\/div>\n\n<footer class=\"article-footer\">\n    <h3>Recursos DYNSEO para os cuidadores familiares<\/h3>\n    <div class=\"footer-links\">\n        <a href=\"https:\/\/www.dynseo.com\/pt-pt\/o-programa-dos-treinadores\/carmen\/\" target=\"_blank\">Aplica\u00e7\u00e3o CARMEN<\/a>\n        <a href=\"https:\/\/www.dynseo.com\/pt-pt\/o-programa-dos-treinadores\/fernando-o-seu-treinador-de-cerebro\/\" target=\"_blank\">Aplica\u00e7\u00e3o FERNANDO<\/a>\n        <a href=\"https:\/\/www.dynseo.com\/nos-formations\/\" target=\"_blank\">Forma\u00e7\u00f5es cuidadores<\/a>\n        <a href=\"https:\/\/www.dynseo.com\/nos-outils\/\" target=\"_blank\">Todas as ferramentas<\/a>\n        <a href=\"https:\/\/www.dynseo.com\/coach-ia\/\" target=\"_blank\">Coach IA<\/a>\n    <\/div>\n<\/footer>\n<\/article>\n<\/div>[\/et_pb_code][\/et_pb_column][\/et_pb_row][\/et_pb_section]","_et_gb_content_width":"","footnotes":""},"categories":[2915],"tags":[],"class_list":["post-558108","post","type-post","status-publish","format-standard","has-post-thumbnail","hentry","category-les-conseils-des-coachs"],"yoast_head":"<!-- This site is optimized with the Yoast SEO plugin v27.4 - https:\/\/yoast.com\/product\/yoast-seo-wordpress\/ -->\n<title>Como envolver os cuidadores familiares na reabilita\u00e7\u00e3o cognitiva? | DYNSEO - DYNSEO - Aplica\u00e7\u00f5es educativas e jogos de mem\u00f3ria<\/title>\n<meta name=\"robots\" content=\"index, follow, max-snippet:-1, max-image-preview:large, max-video-preview:-1\" \/>\n<link rel=\"canonical\" href=\"https:\/\/www.dynseo.com\/pt-pt\/como-envolver-os-cuidadores-familiares-na-reabilitacao-cognitiva-dynseo\/\" \/>\n<meta property=\"og:locale\" content=\"pt_PT\" \/>\n<meta property=\"og:type\" content=\"article\" \/>\n<meta property=\"og:title\" content=\"Como envolver os cuidadores familiares na reabilita\u00e7\u00e3o cognitiva? | DYNSEO - DYNSEO - Aplica\u00e7\u00f5es educativas e jogos de mem\u00f3ria\" \/>\n<meta property=\"og:url\" content=\"https:\/\/www.dynseo.com\/pt-pt\/como-envolver-os-cuidadores-familiares-na-reabilitacao-cognitiva-dynseo\/\" \/>\n<meta property=\"og:site_name\" content=\"DYNSEO - Aplica\u00e7\u00f5es educativas e jogos de mem\u00f3ria\" \/>\n<meta property=\"article:published_time\" content=\"2026-04-25T02:49:47+00:00\" \/>\n<meta property=\"article:modified_time\" content=\"2026-04-25T02:53:00+00:00\" \/>\n<meta property=\"og:image\" content=\"https:\/\/www.dynseo.com\/wp-content\/uploads\/2025\/09\/abcdhe-5.jpg\" \/>\n\t<meta property=\"og:image:width\" content=\"1024\" \/>\n\t<meta property=\"og:image:height\" content=\"576\" \/>\n\t<meta property=\"og:image:type\" content=\"image\/jpeg\" \/>\n<meta name=\"author\" content=\"DYNSEO\" \/>\n<meta name=\"twitter:label1\" content=\"Escrito por\" \/>\n\t<meta name=\"twitter:data1\" content=\"DYNSEO\" \/>\n\t<meta name=\"twitter:label2\" content=\"Tempo estimado de leitura\" \/>\n\t<meta name=\"twitter:data2\" content=\"17 minutos\" \/>\n<script type=\"application\/ld+json\" class=\"yoast-schema-graph\">{\"@context\":\"https:\\\/\\\/schema.org\",\"@graph\":[{\"@type\":\"Article\",\"@id\":\"https:\\\/\\\/www.dynseo.com\\\/pt-pt\\\/como-envolver-os-cuidadores-familiares-na-reabilitacao-cognitiva-dynseo\\\/#article\",\"isPartOf\":{\"@id\":\"https:\\\/\\\/www.dynseo.com\\\/pt-pt\\\/como-envolver-os-cuidadores-familiares-na-reabilitacao-cognitiva-dynseo\\\/\"},\"author\":{\"name\":\"DYNSEO\",\"@id\":\"https:\\\/\\\/www.dynseo.com\\\/pt-pt\\\/#\\\/schema\\\/person\\\/78ef63df2ee64e0989bc68f8401b38d6\"},\"headline\":\"Como envolver os cuidadores familiares na reabilita\u00e7\u00e3o cognitiva? | DYNSEO\",\"datePublished\":\"2026-04-25T02:49:47+00:00\",\"dateModified\":\"2026-04-25T02:53:00+00:00\",\"mainEntityOfPage\":{\"@id\":\"https:\\\/\\\/www.dynseo.com\\\/pt-pt\\\/como-envolver-os-cuidadores-familiares-na-reabilitacao-cognitiva-dynseo\\\/\"},\"wordCount\":3351,\"publisher\":{\"@id\":\"https:\\\/\\\/www.dynseo.com\\\/pt-pt\\\/#organization\"},\"image\":{\"@id\":\"https:\\\/\\\/www.dynseo.com\\\/pt-pt\\\/como-envolver-os-cuidadores-familiares-na-reabilitacao-cognitiva-dynseo\\\/#primaryimage\"},\"thumbnailUrl\":\"https:\\\/\\\/www.dynseo.com\\\/wp-content\\\/uploads\\\/2025\\\/09\\\/abcdhe-5.jpg\",\"articleSection\":[\"Les conseils des coachs\"],\"inLanguage\":\"pt-PT\"},{\"@type\":\"WebPage\",\"@id\":\"https:\\\/\\\/www.dynseo.com\\\/pt-pt\\\/como-envolver-os-cuidadores-familiares-na-reabilitacao-cognitiva-dynseo\\\/\",\"url\":\"https:\\\/\\\/www.dynseo.com\\\/pt-pt\\\/como-envolver-os-cuidadores-familiares-na-reabilitacao-cognitiva-dynseo\\\/\",\"name\":\"Como envolver os cuidadores familiares na reabilita\u00e7\u00e3o cognitiva? | DYNSEO - DYNSEO - Aplica\u00e7\u00f5es educativas e jogos de mem\u00f3ria\",\"isPartOf\":{\"@id\":\"https:\\\/\\\/www.dynseo.com\\\/pt-pt\\\/#website\"},\"primaryImageOfPage\":{\"@id\":\"https:\\\/\\\/www.dynseo.com\\\/pt-pt\\\/como-envolver-os-cuidadores-familiares-na-reabilitacao-cognitiva-dynseo\\\/#primaryimage\"},\"image\":{\"@id\":\"https:\\\/\\\/www.dynseo.com\\\/pt-pt\\\/como-envolver-os-cuidadores-familiares-na-reabilitacao-cognitiva-dynseo\\\/#primaryimage\"},\"thumbnailUrl\":\"https:\\\/\\\/www.dynseo.com\\\/wp-content\\\/uploads\\\/2025\\\/09\\\/abcdhe-5.jpg\",\"datePublished\":\"2026-04-25T02:49:47+00:00\",\"dateModified\":\"2026-04-25T02:53:00+00:00\",\"breadcrumb\":{\"@id\":\"https:\\\/\\\/www.dynseo.com\\\/pt-pt\\\/como-envolver-os-cuidadores-familiares-na-reabilitacao-cognitiva-dynseo\\\/#breadcrumb\"},\"inLanguage\":\"pt-PT\",\"potentialAction\":[{\"@type\":\"ReadAction\",\"target\":[\"https:\\\/\\\/www.dynseo.com\\\/pt-pt\\\/como-envolver-os-cuidadores-familiares-na-reabilitacao-cognitiva-dynseo\\\/\"]}]},{\"@type\":\"ImageObject\",\"inLanguage\":\"pt-PT\",\"@id\":\"https:\\\/\\\/www.dynseo.com\\\/pt-pt\\\/como-envolver-os-cuidadores-familiares-na-reabilitacao-cognitiva-dynseo\\\/#primaryimage\",\"url\":\"https:\\\/\\\/www.dynseo.com\\\/wp-content\\\/uploads\\\/2025\\\/09\\\/abcdhe-5.jpg\",\"contentUrl\":\"https:\\\/\\\/www.dynseo.com\\\/wp-content\\\/uploads\\\/2025\\\/09\\\/abcdhe-5.jpg\",\"width\":1024,\"height\":576,\"caption\":\"Estimula\u00e7\u00e3o mental ativa: a chave para um envelhecimento saud\u00e1vel\"},{\"@type\":\"BreadcrumbList\",\"@id\":\"https:\\\/\\\/www.dynseo.com\\\/pt-pt\\\/como-envolver-os-cuidadores-familiares-na-reabilitacao-cognitiva-dynseo\\\/#breadcrumb\",\"itemListElement\":[{\"@type\":\"ListItem\",\"position\":1,\"name\":\"Accueil\",\"item\":\"https:\\\/\\\/www.dynseo.com\\\/pt-pt\\\/\"},{\"@type\":\"ListItem\",\"position\":2,\"name\":\"Como envolver os cuidadores familiares na reabilita\u00e7\u00e3o cognitiva? | DYNSEO\"}]},{\"@type\":\"WebSite\",\"@id\":\"https:\\\/\\\/www.dynseo.com\\\/pt-pt\\\/#website\",\"url\":\"https:\\\/\\\/www.dynseo.com\\\/pt-pt\\\/\",\"name\":\"Jeux de m\u00e9moire et stimulation cognitive\",\"description\":\"Entra\u00eenez votre m\u00e9moire et votre cerveau avec DYNSEO\",\"publisher\":{\"@id\":\"https:\\\/\\\/www.dynseo.com\\\/pt-pt\\\/#organization\"},\"potentialAction\":[{\"@type\":\"SearchAction\",\"target\":{\"@type\":\"EntryPoint\",\"urlTemplate\":\"https:\\\/\\\/www.dynseo.com\\\/pt-pt\\\/?s={search_term_string}\"},\"query-input\":{\"@type\":\"PropertyValueSpecification\",\"valueRequired\":true,\"valueName\":\"search_term_string\"}}],\"inLanguage\":\"pt-PT\"},{\"@type\":\"Organization\",\"@id\":\"https:\\\/\\\/www.dynseo.com\\\/pt-pt\\\/#organization\",\"name\":\"DYNSEO\",\"url\":\"https:\\\/\\\/www.dynseo.com\\\/pt-pt\\\/\",\"logo\":{\"@type\":\"ImageObject\",\"inLanguage\":\"pt-PT\",\"@id\":\"https:\\\/\\\/www.dynseo.com\\\/pt-pt\\\/#\\\/schema\\\/logo\\\/image\\\/\",\"url\":\"https:\\\/\\\/www.dynseo.com\\\/wp-content\\\/uploads\\\/2022\\\/05\\\/logo-dynseo-new.png\",\"contentUrl\":\"https:\\\/\\\/www.dynseo.com\\\/wp-content\\\/uploads\\\/2022\\\/05\\\/logo-dynseo-new.png\",\"width\":5073,\"height\":1397,\"caption\":\"DYNSEO\"},\"image\":{\"@id\":\"https:\\\/\\\/www.dynseo.com\\\/pt-pt\\\/#\\\/schema\\\/logo\\\/image\\\/\"}},{\"@type\":\"Person\",\"@id\":\"https:\\\/\\\/www.dynseo.com\\\/pt-pt\\\/#\\\/schema\\\/person\\\/78ef63df2ee64e0989bc68f8401b38d6\",\"name\":\"DYNSEO\",\"url\":\"https:\\\/\\\/www.dynseo.com\\\/pt-pt\\\/author\\\/justine\\\/\"}]}<\/script>\n<!-- \/ Yoast SEO plugin. -->","yoast_head_json":{"title":"Como envolver os cuidadores familiares na reabilita\u00e7\u00e3o cognitiva? | DYNSEO - DYNSEO - Aplica\u00e7\u00f5es educativas e jogos de mem\u00f3ria","robots":{"index":"index","follow":"follow","max-snippet":"max-snippet:-1","max-image-preview":"max-image-preview:large","max-video-preview":"max-video-preview:-1"},"canonical":"https:\/\/www.dynseo.com\/pt-pt\/como-envolver-os-cuidadores-familiares-na-reabilitacao-cognitiva-dynseo\/","og_locale":"pt_PT","og_type":"article","og_title":"Como envolver os cuidadores familiares na reabilita\u00e7\u00e3o cognitiva? | DYNSEO - DYNSEO - Aplica\u00e7\u00f5es educativas e jogos de mem\u00f3ria","og_url":"https:\/\/www.dynseo.com\/pt-pt\/como-envolver-os-cuidadores-familiares-na-reabilitacao-cognitiva-dynseo\/","og_site_name":"DYNSEO - Aplica\u00e7\u00f5es educativas e jogos de mem\u00f3ria","article_published_time":"2026-04-25T02:49:47+00:00","article_modified_time":"2026-04-25T02:53:00+00:00","og_image":[{"width":1024,"height":576,"url":"https:\/\/www.dynseo.com\/wp-content\/uploads\/2025\/09\/abcdhe-5.jpg","type":"image\/jpeg"}],"author":"DYNSEO","twitter_misc":{"Escrito por":"DYNSEO","Tempo estimado de leitura":"17 minutos"},"schema":{"@context":"https:\/\/schema.org","@graph":[{"@type":"Article","@id":"https:\/\/www.dynseo.com\/pt-pt\/como-envolver-os-cuidadores-familiares-na-reabilitacao-cognitiva-dynseo\/#article","isPartOf":{"@id":"https:\/\/www.dynseo.com\/pt-pt\/como-envolver-os-cuidadores-familiares-na-reabilitacao-cognitiva-dynseo\/"},"author":{"name":"DYNSEO","@id":"https:\/\/www.dynseo.com\/pt-pt\/#\/schema\/person\/78ef63df2ee64e0989bc68f8401b38d6"},"headline":"Como envolver os cuidadores familiares na reabilita\u00e7\u00e3o cognitiva? | DYNSEO","datePublished":"2026-04-25T02:49:47+00:00","dateModified":"2026-04-25T02:53:00+00:00","mainEntityOfPage":{"@id":"https:\/\/www.dynseo.com\/pt-pt\/como-envolver-os-cuidadores-familiares-na-reabilitacao-cognitiva-dynseo\/"},"wordCount":3351,"publisher":{"@id":"https:\/\/www.dynseo.com\/pt-pt\/#organization"},"image":{"@id":"https:\/\/www.dynseo.com\/pt-pt\/como-envolver-os-cuidadores-familiares-na-reabilitacao-cognitiva-dynseo\/#primaryimage"},"thumbnailUrl":"https:\/\/www.dynseo.com\/wp-content\/uploads\/2025\/09\/abcdhe-5.jpg","articleSection":["Les conseils des coachs"],"inLanguage":"pt-PT"},{"@type":"WebPage","@id":"https:\/\/www.dynseo.com\/pt-pt\/como-envolver-os-cuidadores-familiares-na-reabilitacao-cognitiva-dynseo\/","url":"https:\/\/www.dynseo.com\/pt-pt\/como-envolver-os-cuidadores-familiares-na-reabilitacao-cognitiva-dynseo\/","name":"Como envolver os cuidadores familiares na reabilita\u00e7\u00e3o cognitiva? | DYNSEO - DYNSEO - Aplica\u00e7\u00f5es educativas e jogos de mem\u00f3ria","isPartOf":{"@id":"https:\/\/www.dynseo.com\/pt-pt\/#website"},"primaryImageOfPage":{"@id":"https:\/\/www.dynseo.com\/pt-pt\/como-envolver-os-cuidadores-familiares-na-reabilitacao-cognitiva-dynseo\/#primaryimage"},"image":{"@id":"https:\/\/www.dynseo.com\/pt-pt\/como-envolver-os-cuidadores-familiares-na-reabilitacao-cognitiva-dynseo\/#primaryimage"},"thumbnailUrl":"https:\/\/www.dynseo.com\/wp-content\/uploads\/2025\/09\/abcdhe-5.jpg","datePublished":"2026-04-25T02:49:47+00:00","dateModified":"2026-04-25T02:53:00+00:00","breadcrumb":{"@id":"https:\/\/www.dynseo.com\/pt-pt\/como-envolver-os-cuidadores-familiares-na-reabilitacao-cognitiva-dynseo\/#breadcrumb"},"inLanguage":"pt-PT","potentialAction":[{"@type":"ReadAction","target":["https:\/\/www.dynseo.com\/pt-pt\/como-envolver-os-cuidadores-familiares-na-reabilitacao-cognitiva-dynseo\/"]}]},{"@type":"ImageObject","inLanguage":"pt-PT","@id":"https:\/\/www.dynseo.com\/pt-pt\/como-envolver-os-cuidadores-familiares-na-reabilitacao-cognitiva-dynseo\/#primaryimage","url":"https:\/\/www.dynseo.com\/wp-content\/uploads\/2025\/09\/abcdhe-5.jpg","contentUrl":"https:\/\/www.dynseo.com\/wp-content\/uploads\/2025\/09\/abcdhe-5.jpg","width":1024,"height":576,"caption":"Estimula\u00e7\u00e3o mental ativa: a chave para um envelhecimento saud\u00e1vel"},{"@type":"BreadcrumbList","@id":"https:\/\/www.dynseo.com\/pt-pt\/como-envolver-os-cuidadores-familiares-na-reabilitacao-cognitiva-dynseo\/#breadcrumb","itemListElement":[{"@type":"ListItem","position":1,"name":"Accueil","item":"https:\/\/www.dynseo.com\/pt-pt\/"},{"@type":"ListItem","position":2,"name":"Como envolver os cuidadores familiares na reabilita\u00e7\u00e3o cognitiva? | DYNSEO"}]},{"@type":"WebSite","@id":"https:\/\/www.dynseo.com\/pt-pt\/#website","url":"https:\/\/www.dynseo.com\/pt-pt\/","name":"Jeux de m\u00e9moire et stimulation cognitive","description":"Entra\u00eenez votre m\u00e9moire et votre cerveau avec DYNSEO","publisher":{"@id":"https:\/\/www.dynseo.com\/pt-pt\/#organization"},"potentialAction":[{"@type":"SearchAction","target":{"@type":"EntryPoint","urlTemplate":"https:\/\/www.dynseo.com\/pt-pt\/?s={search_term_string}"},"query-input":{"@type":"PropertyValueSpecification","valueRequired":true,"valueName":"search_term_string"}}],"inLanguage":"pt-PT"},{"@type":"Organization","@id":"https:\/\/www.dynseo.com\/pt-pt\/#organization","name":"DYNSEO","url":"https:\/\/www.dynseo.com\/pt-pt\/","logo":{"@type":"ImageObject","inLanguage":"pt-PT","@id":"https:\/\/www.dynseo.com\/pt-pt\/#\/schema\/logo\/image\/","url":"https:\/\/www.dynseo.com\/wp-content\/uploads\/2022\/05\/logo-dynseo-new.png","contentUrl":"https:\/\/www.dynseo.com\/wp-content\/uploads\/2022\/05\/logo-dynseo-new.png","width":5073,"height":1397,"caption":"DYNSEO"},"image":{"@id":"https:\/\/www.dynseo.com\/pt-pt\/#\/schema\/logo\/image\/"}},{"@type":"Person","@id":"https:\/\/www.dynseo.com\/pt-pt\/#\/schema\/person\/78ef63df2ee64e0989bc68f8401b38d6","name":"DYNSEO","url":"https:\/\/www.dynseo.com\/pt-pt\/author\/justine\/"}]}},"_links":{"self":[{"href":"https:\/\/www.dynseo.com\/pt-pt\/wp-json\/wp\/v2\/posts\/558108","targetHints":{"allow":["GET"]}}],"collection":[{"href":"https:\/\/www.dynseo.com\/pt-pt\/wp-json\/wp\/v2\/posts"}],"about":[{"href":"https:\/\/www.dynseo.com\/pt-pt\/wp-json\/wp\/v2\/types\/post"}],"author":[{"embeddable":true,"href":"https:\/\/www.dynseo.com\/pt-pt\/wp-json\/wp\/v2\/users\/4"}],"replies":[{"embeddable":true,"href":"https:\/\/www.dynseo.com\/pt-pt\/wp-json\/wp\/v2\/comments?post=558108"}],"version-history":[{"count":9,"href":"https:\/\/www.dynseo.com\/pt-pt\/wp-json\/wp\/v2\/posts\/558108\/revisions"}],"predecessor-version":[{"id":558117,"href":"https:\/\/www.dynseo.com\/pt-pt\/wp-json\/wp\/v2\/posts\/558108\/revisions\/558117"}],"wp:featuredmedia":[{"embeddable":true,"href":"https:\/\/www.dynseo.com\/pt-pt\/wp-json\/wp\/v2\/media\/410101"}],"wp:attachment":[{"href":"https:\/\/www.dynseo.com\/pt-pt\/wp-json\/wp\/v2\/media?parent=558108"}],"wp:term":[{"taxonomy":"category","embeddable":true,"href":"https:\/\/www.dynseo.com\/pt-pt\/wp-json\/wp\/v2\/categories?post=558108"},{"taxonomy":"post_tag","embeddable":true,"href":"https:\/\/www.dynseo.com\/pt-pt\/wp-json\/wp\/v2\/tags?post=558108"}],"curies":[{"name":"wp","href":"https:\/\/api.w.org\/{rel}","templated":true}]}}