{"id":559345,"date":"2026-04-25T21:39:13","date_gmt":"2026-04-25T19:39:13","guid":{"rendered":"https:\/\/www.dynseo.com\/les-troubles-de-la-memoire-frequemment-rencontres-en-orthophonie-guide-de-prise-en-charge-2\/"},"modified":"2026-04-25T21:43:14","modified_gmt":"2026-04-25T19:43:14","slug":"os-transtornos-da-memoria-frequentemente-encontrados-em-fonoaudiologia-guia-de-manejo","status":"publish","type":"post","link":"https:\/\/www.dynseo.com\/pt-pt\/os-transtornos-da-memoria-frequentemente-encontrados-em-fonoaudiologia-guia-de-manejo\/","title":{"rendered":"Os transtornos da mem\u00f3ria frequentemente encontrados em fonoaudiologia: guia de manejo"},"content":{"rendered":"<p>[et_pb_section fb_built=&#8221;1&#8243; _builder_version=&#8221;4.16&#8243; custom_padding=&#8221;0px|0px|0px|0px|false|false&#8221; margin_top=&#8221;0px&#8221; margin_bottom=&#8221;0px&#8221; global_colors_info=&#8221;{}&#8221;][et_pb_row _builder_version=&#8221;4.16&#8243; custom_padding=&#8221;0px|0px|0px|0px|false|false&#8221; margin_top=&#8221;0px&#8221; margin_bottom=&#8221;0px&#8221; column_structure=&#8221;4_4&#8243; global_colors_info=&#8221;{}&#8221;][et_pb_column type=&#8221;4_4&#8243; _builder_version=&#8221;4.16&#8243; custom_padding=&#8221;0px|0px|0px|0px|false|false&#8221; global_colors_info=&#8221;{}&#8221;][et_pb_code _builder_version=&#8221;4.16&#8243; custom_padding=&#8221;0px|0px|0px|0px|false|false&#8221; global_colors_info=&#8221;{}&#8221;]<\/p>\n<style>\n        :root {\n            --primary: #5e5ed7;\n            --primary-dark: #5268c9;\n            --teal: #a9e2e4;\n            --yellow: #ffeca7;\n            --pink: #e73469;\n            --white: #ffffff;\n            --light-gray: #f8f9fa;\n            --dark-gray: #333333;\n            --text-gray: #666666;\n        }<\/p>\n<p>        * {\n            margin: 0;\n            padding: 0;\n            box-sizing: border-box;\n        }<\/p>\n<p>        body {\n            font-family: 'Poppins', sans-serif;\n            line-height: 1.6;\n            color: var(--dark-gray);\n            background: var(--white);\n        }<\/p>\n<p>        h1, h2, h3, h4, h5, h6 {\n            font-family: 'Montserrat', sans-serif;\n            font-weight: 600;\n            margin-bottom: 1rem;\n        }<\/p>\n<p>        .hl {\n            color: var(--primary);\n        }<\/p>\n<p>        .article-hero {\n            background: linear-gradient(135deg, var(--primary) 0%, var(--primary-dark) 100%);\n            color: var(--white);\n            padding: 2rem 0;\n            position: relative;\n            overflow: hidden;\n        }<\/p>\n<p>        .article-hero-inner {\n            max-width: 1200px;\n            margin: 0 auto;\n            padding: 0 2rem;\n            position: relative;\n            z-index: 2;\n        }<\/p>\n<p>        .article-breadcrumb {\n            margin-bottom: 1rem;\n            font-size: 0.9rem;\n            opacity: 0.9;\n        }<\/p>\n<p>        .article-breadcrumb a {\n            color: var(--white);\n            text-decoration: none;\n        }<\/p>\n<p>        .article-category {\n            display: inline-block;\n            background: var(--teal);\n            color: var(--dark-gray);\n            padding: 0.5rem 1rem;\n            border-radius: 25px;\n            font-size: 0.9rem;\n            font-weight: 500;\n            margin-bottom: 1.5rem;\n        }<\/p>\n<p>        .article-hero h1 {\n            font-size: 2.5rem;\n            font-weight: 700;\n            margin-bottom: 1.5rem;\n            line-height: 1.2;\n        }<\/p>\n<p>        .article-meta {\n            display: flex;\n            flex-wrap: wrap;\n            gap: 2rem;\n            align-items: center;\n            margin-bottom: 2rem;\n        }<\/p>\n<p>        .article-meta span {\n            display: flex;\n            align-items: center;\n            gap: 0.5rem;\n            font-size: 0.9rem;\n        }<\/p>\n<p>        .stars {\n            color: var(--yellow);\n            font-size: 1.2rem;\n        }<\/p>\n<p>        .article-hero-curve {\n            position: absolute;\n            bottom: -1px;\n            left: 0;\n            width: 100%;\n            height: 50px;\n            background: var(--white);\n            clip-path: ellipse(100% 100% at 50% 100%);\n        }<\/p>\n<p>        .container {\n            max-width: 1200px;\n            margin: 0 auto;\n            padding: 0 2rem;\n        }<\/p>\n<p>        .article-body {\n            padding: 3rem 0;\n        }<\/p>\n<p>        .intro-block {\n            background: var(--light-gray);\n            padding: 2rem;\n            border-radius: 15px;\n            margin-bottom: 3rem;\n            border-left: 5px solid var(--primary);\n        }<\/p>\n<p>        .intro-block p {\n            font-size: 1.1rem;\n            margin-bottom: 1rem;\n        }<\/p>\n<p>        .stats-grid {\n            display: grid;\n            grid-template-columns: repeat(auto-fit, minmax(250px, 1fr));\n            gap: 2rem;\n            margin: 3rem 0;\n        }<\/p>\n<p>        .stat-card {\n            background: var(--white);\n            padding: 2rem;\n            border-radius: 15px;\n            text-align: center;\n            box-shadow: 0 10px 30px rgba(0,0,0,0.1);\n            border: 2px solid transparent;\n            transition: all 0.3s ease;\n        }<\/p>\n<p>        .stat-card:hover {\n            border-color: var(--primary);\n            transform: translateY(-5px);\n        }<\/p>\n<p>        .stat-card .number {\n            font-size: 2.5rem;\n            font-weight: 700;\n            color: var(--primary);\n            display: block;\n            margin-bottom: 0.5rem;\n        }<\/p>\n<p>        .stat-card .label {\n            font-size: 1rem;\n            color: var(--text-gray);\n            font-weight: 500;\n        }<\/p>\n<p>        .conseil-card {\n            background: linear-gradient(135deg, var(--teal), #b8e6e8);\n            padding: 2rem;\n            border-radius: 15px;\n            margin: 2rem 0;\n            border-left: 5px solid var(--primary);\n        }<\/p>\n<p>        .conseil-card h3 {\n            color: var(--dark-gray);\n            margin-bottom: 1rem;\n        }<\/p>\n<p>        .key-points {\n            background: var(--white);\n            border: 2px solid var(--yellow);\n            border-radius: 15px;\n            padding: 2rem;\n            margin: 2rem 0;\n        }<\/p>\n<p>        .key-points h3 {\n            color: var(--primary);\n            margin-bottom: 1.5rem;\n            font-size: 1.3rem;\n        }<\/p>\n<p>        .key-points ul {\n            list-style: none;\n            padding: 0;\n        }<\/p>\n<p>        .key-points li {\n            padding: 0.5rem 0;\n            padding-left: 2rem;\n            position: relative;\n        }<\/p>\n<p>        .key-points li:before {\n            content: \"\u2713\";\n            position: absolute;\n            left: 0;\n            color: var(--primary);\n            font-weight: bold;\n        }<\/p>\n<p>        .tip-box {\n            background: linear-gradient(135deg, var(--yellow), #fff4c4);\n            border-radius: 15px;\n            padding: 2rem;\n            margin: 2rem 0;\n            position: relative;\n        }<\/p>\n<p>        .tip-box-label {\n            background: var(--primary);\n            color: var(--white);\n            padding: 0.5rem 1rem;\n            border-radius: 25px;\n            font-size: 0.9rem;\n            font-weight: 600;\n            display: inline-block;\n            margin-bottom: 1rem;\n        }<\/p>\n<p>        .expert-box {\n            background: var(--white);\n            border: 3px solid var(--pink);\n            border-radius: 15px;\n            padding: 0;\n            margin: 3rem 0;\n            overflow: hidden;\n        }<\/p>\n<p>        .expert-box-label {\n            background: var(--pink);\n            color: var(--white);\n            padding: 1rem 2rem;\n            margin: 0;\n            font-size: 0.9rem;\n            font-weight: 600;\n        }<\/p>\n<p>        .expert-box-title {\n            padding: 1.5rem 2rem 0;\n            margin: 0;\n            color: var(--primary);\n            font-size: 1.4rem;\n        }<\/p>\n<p>        .expert-inner {\n            padding: 0 2rem 2rem;\n        }<\/p>\n<p>        .expert-inner-title {\n            color: var(--pink);\n            font-size: 1.2rem;\n            margin: 1.5rem 0 1rem;\n        }<\/p>\n<p>        .faq-list {\n            margin: 3rem 0;\n        }<\/p>\n<p>        .faq-item {\n            border: 2px solid var(--light-gray);\n            border-radius: 10px;\n            margin-bottom: 1rem;\n            overflow: hidden;\n            transition: all 0.3s ease;\n        }<\/p>\n<p>        .faq-item.open {\n            border-color: var(--primary);\n        }<\/p>\n<p>        .faq-q {\n            padding: 1.5rem;\n            background: var(--light-gray);\n            cursor: pointer;\n            display: flex;\n            justify-content: space-between;\n            align-items: center;\n            font-weight: 600;\n            transition: all 0.3s ease;\n        }<\/p>\n<p>        .faq-item.open .faq-q {\n            background: var(--primary);\n            color: var(--white);\n        }<\/p>\n<p>        .faq-icon {\n            font-size: 1.5rem;\n            font-weight: bold;\n            transition: transform 0.3s ease;\n        }<\/p>\n<p>        .faq-item.open .faq-icon {\n            transform: rotate(45deg);\n        }<\/p>\n<p>        .faq-a {\n            padding: 0 1.5rem;\n            max-height: 0;\n            overflow: hidden;\n            transition: all 0.3s ease;\n        }<\/p>\n<p>        .faq-item.open .faq-a {\n            padding: 1.5rem;\n            max-height: 500px;\n        }<\/p>\n<p>        .cta-box {\n            background: linear-gradient(135deg, var(--primary), var(--primary-dark));\n            color: var(--white);\n            padding: 3rem;\n            border-radius: 20px;\n            text-align: center;\n            margin: 4rem 0;\n        }<\/p>\n<p>        .cta-box h3 {\n            font-size: 2rem;\n            margin-bottom: 1rem;\n        }<\/p>\n<p>        .cta-buttons {\n            display: flex;\n            gap: 1rem;\n            justify-content: center;\n            margin-top: 2rem;\n            flex-wrap: wrap;\n        }<\/p>\n<p>        .btn-white, .btn-outline {\n            padding: 1rem 2rem;\n            border-radius: 50px;\n            text-decoration: none;\n            font-weight: 600;\n            transition: all 0.3s ease;\n            display: inline-block;\n        }<\/p>\n<p>        .btn-white {\n            background: var(--white);\n            color: var(--primary);\n            border: 2px solid var(--white);\n        }<\/p>\n<p>        .btn-white:hover {\n            background: transparent;\n            color: var(--white);\n        }<\/p>\n<p>        .btn-outline {\n            background: transparent;\n            color: var(--white);\n            border: 2px solid var(--white);\n        }<\/p>\n<p>        .btn-outline:hover {\n            background: var(--white);\n            color: var(--primary);\n        }<\/p>\n<p>        .article-tags {\n            margin: 3rem 0;\n            display: flex;\n            flex-wrap: wrap;\n            gap: 1rem;\n        }<\/p>\n<p>        .article-tag {\n            background: var(--light-gray);\n            color: var(--dark-gray);\n            padding: 0.5rem 1rem;\n            border-radius: 25px;\n            text-decoration: none;\n            font-size: 0.9rem;\n            transition: all 0.3s ease;\n        }<\/p>\n<p>        .article-tag:hover {\n            background: var(--primary);\n            color: var(--white);\n        }<\/p>\n<p>        h2 {\n            font-size: 2rem;\n            color: var(--primary);\n            margin: 3rem 0 1.5rem;\n            position: relative;\n            padding-left: 1rem;\n        }<\/p>\n<p>        h2:before {\n            content: \"\";\n            position: absolute;\n            left: 0;\n            top: 0;\n            bottom: 0;\n            width: 5px;\n            background: var(--teal);\n            border-radius: 3px;\n        }<\/p>\n<p>        h3 {\n            font-size: 1.5rem;\n            color: var(--primary-dark);\n            margin: 2rem 0 1rem;\n        }<\/p>\n<p>        p {\n            margin-bottom: 1.5rem;\n            line-height: 1.7;\n        }<\/p>\n<p>        ul, ol {\n            margin: 1.5rem 0;\n            padding-left: 2rem;\n        }<\/p>\n<p>        li {\n            margin-bottom: 0.5rem;\n        }<\/p>\n<p>        @media (max-width: 768px) {\n            .article-hero h1 {\n                font-size: 2rem;\n            }<\/p>\n<p>            .article-meta {\n                gap: 1rem;\n            }<\/p>\n<p>            .stats-grid {\n                grid-template-columns: 1fr;\n                gap: 1rem;\n            }<\/p>\n<p>            .container {\n                padding: 0 1rem;\n            }<\/p>\n<p>            .cta-buttons {\n                flex-direction: column;\n                align-items: center;\n            }\n        }\n    <\/style>\n<p><script>\n        document.querySelectorAll('.faq-q').forEach(function(question) {\n            question.addEventListener('click', function() {\n                const faqItem = question.closest('.faq-item');\n                faqItem.classList.toggle('open');\n            });\n        });\n    <\/script><br \/>\n<script type=\"application\/ld+json\">\n{\n  \"@context\": \"https:\/\/schema.org\",\n  \"@graph\": [\n    {\n      \"@type\": \"Article\",\n      \"headline\": \"Les troubles de la m\u00e9moire fr\u00e9quemment rencontr\u00e9s en orthophonie : guide de prise en charge\",\n      \"description\": \"Guide complet sur les troubles de la m\u00e9moire rencontr\u00e9s en orthophonie et leur prise en charge. 25 min de lecture pour orthophonistes et patients.\",\n      \"url\": \"https:\/\/www.dynseo.com\/les-troubles-de-la-memoire-frequemment-rencontres-en-orthophonie-guide-de-prise-en-charge\/\",\n      \"datePublished\": \"2026-04-07\",\n      \"author\": {\n        \"@type\": \"Organization\",\n        \"name\": \"DYNSEO\",\n        \"url\": \"https:\/\/www.dynseo.com\"\n      },\n      \"publisher\": {\n        \"@type\": \"Organization\",\n        \"name\": \"DYNSEO\",\n        \"url\": \"https:\/\/www.dynseo.com\"\n      },\n      \"aggregateRating\": {\n        \"@type\": \"AggregateRating\",\n        \"ratingValue\": \"4.8\",\n        \"bestRating\": \"5\",\n        \"ratingCount\": \"47\"\n      },\n      \"image\": \"https:\/\/www.dynseo.com\/wp-content\/uploads\/2026\/04\/troubles-memoire-orthophonie.jpg\"\n    },\n    {\n      \"@type\": \"WebPage\",\n      \"name\": \"Les troubles de la m\u00e9moire fr\u00e9quemment rencontr\u00e9s en orthophonie : guide de prise en charge\",\n      \"url\": \"https:\/\/www.dynseo.com\/les-troubles-de-la-memoire-frequemment-rencontres-en-orthophonie-guide-de-prise-en-charge\/\",\n      \"breadcrumb\": {\n        \"@type\": \"BreadcrumbList\",\n        \"itemListElement\": [\n          {\n            \"@type\": \"ListItem\",\n            \"position\": 1,\n            \"name\": \"Accueil\",\n            \"item\": \"https:\/\/www.dynseo.com\"\n          },\n          {\n            \"@type\": \"ListItem\",\n            \"position\": 2,\n            \"name\": \"Blog\",\n            \"item\": \"https:\/\/www.dynseo.com\/blog\"\n          },\n          {\n            \"@type\": \"ListItem\",\n            \"position\": 3,\n            \"name\": \"Les troubles de la m\u00e9moire fr\u00e9quemment rencontr\u00e9s en orthophonie : guide de prise en charge\",\n            \"item\": \"https:\/\/www.dynseo.com\/les-troubles-de-la-memoire-frequemment-rencontres-en-orthophonie-guide-de-prise-en-charge\/\"\n          }\n        ]\n      }\n    },\n    {\n      \"@type\": \"FAQPage\",\n      \"mainEntity\": [\n        {\n          \"@type\": \"Question\",\n          \"name\": \"Combien de temps faut-il pour observer des am\u00e9liorations dans les troubles de la m\u00e9moire ?\",\n          \"acceptedAnswer\": {\n            \"@type\": \"Answer\",\n            \"text\": \"Les am\u00e9liorations dans les troubles de la m\u00e9moire varient selon l'individu et la s\u00e9v\u00e9rit\u00e9 du trouble. En g\u00e9n\u00e9ral, les premiers progr\u00e8s peuvent \u00eatre observ\u00e9s apr\u00e8s 4 \u00e0 8 semaines de prise en charge orthophonique r\u00e9guli\u00e8re, avec des s\u00e9ances adapt\u00e9es aux besoins sp\u00e9cifiques du patient.\"\n          }\n        },\n        {\n          \"@type\": \"Question\",\n          \"name\": \"Les applications num\u00e9riques peuvent-elles remplacer les s\u00e9ances d'orthophonie traditionnelles ?\",\n          \"acceptedAnswer\": {\n            \"@type\": \"Answer\",\n            \"text\": \"Les applications num\u00e9riques sont un compl\u00e9ment pr\u00e9cieux \u00e0 la prise en charge orthophonique, mais ne remplacent pas l'expertise et l'accompagnement personnalis\u00e9 d'un orthophoniste. Elles permettent de prolonger les exercices \u00e0 domicile et d'optimiser les r\u00e9sultats th\u00e9rapeutiques.\"\n          }\n        },\n        {\n          \"@type\": \"Question\",\n          \"name\": \"\u00c0 partir de quel \u00e2ge peut-on d\u00e9tecter des troubles de la m\u00e9moire chez l'enfant ?\",\n          \"acceptedAnswer\": {\n            \"@type\": \"Answer\",\n            \"text\": \"Les troubles de la m\u00e9moire peuvent \u00eatre d\u00e9tect\u00e9s d\u00e8s l'\u00e2ge de 3-4 ans chez l'enfant, lorsque les capacit\u00e9s mn\u00e9siques de base sont normalement d\u00e9velopp\u00e9es. Un bilan orthophonique permet d'\u00e9valuer pr\u00e9cis\u00e9ment les diff\u00e9rents types de m\u00e9moire et d'identifier d'\u00e9ventuelles difficult\u00e9s.\"\n          }\n        }\n      ]\n    }\n  ]\n}\n<\/script>\n<link href=\"https:\/\/fonts.googleapis.com\/css2?family=Montserrat:wght@400;500;600;700&#038;family=Poppins:wght@300;400;500;600&#038;display=swap\" rel=\"stylesheet\">\n<section class=\"article-hero\">\n<div class=\"article-hero-inner\">\n<nav class=\"article-breadcrumb\">\n                <a href=\"\/\">In\u00edcio<\/a> > <a href=\"\/blog\">Blog<\/a> > <a href=\"\/orthophonie\">Fonoaudiologia<\/a> > Dist\u00farbios da mem\u00f3ria<br \/>\n            <\/nav>\n<p>            <span class=\"article-category\">Fonoaudiologia &#038; Estimula\u00e7\u00e3o cognitiva<\/span><\/p>\n<h1>Os dist\u00farbios da mem\u00f3ria frequentemente encontrados em fonoaudiologia: <span class=\"hl\">guia de manejo<\/span><\/h1>\n<div class=\"article-meta\">\n                <span>\ud83d\udcc5 Abril 2026<\/span><br \/>\n                <span>\u23f1\ufe0f 25 min de leitura<\/span><br \/>\n                <span>\ud83d\udc65 Fonoaudi\u00f3logos e pacientes<\/span><br \/>\n                <span class=\"stars\">\u2605\u2605\u2605\u2605\u2605 4.8\/5<\/span>\n            <\/div>\n<\/p><\/div>\n<div class=\"article-hero-curve\"><\/div>\n<\/section>\n<div class=\"article-body\">\n<div class=\"container\">\n<div class=\"intro-block\">\n                <pee>Os dist\u00farbios da mem\u00f3ria representam um desafio maior na fonoaudiologia, afetando milh\u00f5es de pessoas ao redor do mundo e impactando significativamente sua qualidade de vida di\u00e1ria. Essas dificuldades cognitivas podem ocorrer em qualquer idade e necessitam de uma abordagem especializada e personalizada para um atendimento otimizado.<\/pee>\n                <pee>Como fonoaudi\u00f3logos, estamos na linha de frente para avaliar, diagnosticar e acompanhar os pacientes que apresentam d\u00e9ficits mn\u00e9sicos variados. Nossa expertise nos permite propor estrat\u00e9gias de reabilita\u00e7\u00e3o adaptadas e ferramentas inovadoras para estimular as capacidades cognitivas.<\/pee>\n                <pee>Este guia completo explora as diferentes facetas dos dist\u00farbios da mem\u00f3ria na fonoaudiologia, desde os mecanismos neurobiol\u00f3gicos at\u00e9 as t\u00e9cnicas de remedia\u00e7\u00e3o mais avan\u00e7adas. Tamb\u00e9m abordaremos a import\u00e2ncia das ferramentas digitais como <a href=\"https:\/\/www.dynseo.com\/pt-pt\/coco-pensa-e-coco-se-mexe\/\" style=\"color: var(--primary);\">COCO PENSA e COCO SE MEXE<\/a> no atendimento moderno.<\/pee>\n                <pee>Se voc\u00ea \u00e9 um profissional de sa\u00fade, paciente ou cuidador pr\u00f3ximo, este guia fornecer\u00e1 as chaves para entender e gerenciar os dist\u00farbios mn\u00e9sicos com efic\u00e1cia e benevol\u00eancia.<\/pee>\n                <pee>Descubra como transformar os desafios da mem\u00f3ria em oportunidades de melhoria gra\u00e7as aos \u00faltimos avan\u00e7os em fonoaudiologia e estimula\u00e7\u00e3o cognitiva.<\/pee>\n            <\/div>\n<div class=\"stats-grid\">\n<div class=\"stat-card\">\n                    <span class=\"number\">40%<\/span><br \/>\n                    <span class=\"label\">dos pacientes em fonoaudiologia apresentam dist\u00farbios mn\u00e9sicos<\/span>\n                <\/div>\n<div class=\"stat-card\">\n                    <span class=\"number\">85%<\/span><br \/>\n                    <span class=\"label\">de melhoria com um atendimento adequado<\/span>\n                <\/div>\n<div class=\"stat-card\">\n                    <span class=\"number\">4<\/span><br \/>\n                    <span class=\"label\">tipos principais de mem\u00f3ria envolvidos<\/span>\n                <\/div>\n<div class=\"stat-card\">\n                    <span class=\"number\">12<\/span><br \/>\n                    <span class=\"label\">semanas em m\u00e9dia para observar progresso<\/span>\n                <\/div>\n<\/p><\/div>\n<h2>1. Compreender os mecanismos da mem\u00f3ria na fonoaudiologia<\/h2>\n<pee>A mem\u00f3ria constitui um sistema complexo e multifacetado que sustenta muitas compet\u00eancias lingu\u00edsticas e comunicativas. Na fonoaudiologia, distinguimos v\u00e1rios tipos de mem\u00f3ria interconectados que podem ser afetados por diversos dist\u00farbios neurol\u00f3gicos, de desenvolvimento ou adquiridos.<\/pee>\n<pee>O processo mn\u00e9sico envolve tr\u00eas etapas fundamentais: a codifica\u00e7\u00e3o (aquisi\u00e7\u00e3o da informa\u00e7\u00e3o), o armazenamento (conserva\u00e7\u00e3o) e a recupera\u00e7\u00e3o (restitui\u00e7\u00e3o). Cada uma dessas fases pode ser perturbada, levando a manifesta\u00e7\u00f5es cl\u00ednicas espec\u00edficas que o fonoaudi\u00f3logo deve identificar e tratar com precis\u00e3o.<\/pee>\n<pee>Os avan\u00e7os em neuroci\u00eancias cognitivas nos permitem hoje compreender melhor os substratos neurobiol\u00f3gicos da mem\u00f3ria. Essa compreens\u00e3o aprofundada orienta nossas interven\u00e7\u00f5es terap\u00eauticas e nos ajuda a desenvolver protocolos de reabilita\u00e7\u00e3o mais eficazes e direcionados.<\/pee>\n<div class=\"conseil-card\">\n<h3>\ud83d\udca1 Conselho de especialista<\/h3>\n<pee>A avalia\u00e7\u00e3o inicial da mem\u00f3ria deve sempre ser multidimensional, explorando n\u00e3o apenas os diferentes tipos de mem\u00f3ria, mas tamb\u00e9m suas intera\u00e7\u00f5es com outras fun\u00e7\u00f5es cognitivas, como aten\u00e7\u00e3o, fun\u00e7\u00f5es executivas e linguagem.<\/pee>\n            <\/div>\n<div class=\"key-points\">\n<h3>\ud83d\udd11 Pontos-chave sobre os mecanismos mn\u00e9sicos<\/h3>\n<ul>\n<li>A mem\u00f3ria \u00e9 um sistema din\u00e2mico em constante intera\u00e7\u00e3o<\/li>\n<li>Cada tipo de mem\u00f3ria possui suas pr\u00f3prias caracter\u00edsticas neurobiol\u00f3gicas<\/li>\n<li>Os dist\u00farbios podem afetar uma ou mais componentes simultaneamente<\/li>\n<li>A plasticidade cerebral permite uma recupera\u00e7\u00e3o funcional<\/li>\n<li>A idade influencia as capacidades de recupera\u00e7\u00e3o, mas n\u00e3o impede a melhoria<\/li>\n<\/ul><\/div>\n<h2>2. Os diferentes tipos de dist\u00farbios da mem\u00f3ria na pr\u00e1tica de fonoaudiologia<\/h2>\n<pee>Na fonoaudiologia, encontramos uma grande variedade de dist\u00farbios mn\u00e9sicos, cada um necessitando de uma abordagem terap\u00eautica espec\u00edfica. A mem\u00f3ria de trabalho, frequentemente chamada de &#8220;mem\u00f3ria de curto prazo&#8221;, constitui um dos d\u00e9ficits mais frequentemente observados em consulta. Esta forma de mem\u00f3ria permite o processamento imediato da informa\u00e7\u00e3o e a realiza\u00e7\u00e3o de opera\u00e7\u00f5es mentais complexas.<\/pee>\n<pee>A mem\u00f3ria sem\u00e2ntica, que diz respeito \u00e0 memoriza\u00e7\u00e3o de conhecimentos gerais, do vocabul\u00e1rio e de conceitos abstratos, tamb\u00e9m pode ser alterada. Os pacientes apresentando esse tipo de d\u00e9ficit enfrentam dificuldades em acessar as informa\u00e7\u00f5es armazenadas a longo prazo, impactando significativamente suas capacidades de comunica\u00e7\u00e3o e aprendizado.<\/pee>\n<pee>A mem\u00f3ria epis\u00f3dica, respons\u00e1vel pela memoriza\u00e7\u00e3o de eventos pessoais e de seu contexto espa\u00e7o-temporal, constitui outro dom\u00ednio de interven\u00e7\u00e3o crucial. Os dist\u00farbios dessa mem\u00f3ria afetam a capacidade de recordar experi\u00eancias vividas e de situ\u00e1-las no tempo e no espa\u00e7o.<\/pee>\n<div class=\"tip-box\">\n                <span class=\"tip-box-label\">\ud83d\udcad Dica pr\u00e1tica<\/span>\n                <pee>Para avaliar efetivamente os dist\u00farbios da mem\u00f3ria, utilize tarefas ecol\u00f3gicas que reproduzam as situa\u00e7\u00f5es da vida cotidiana. Isso permitir\u00e1 obter uma imagem mais precisa das dificuldades reais do paciente.<\/pee>\n            <\/div>\n<div class=\"expert-box\">\n<div class=\"expert-box-label\">Especializa\u00e7\u00e3o DYNSEO<\/div>\n<h3 class=\"expert-box-title\">Classifica\u00e7\u00e3o dos dist\u00farbios mn\u00e9sicos<\/h3>\n<div class=\"expert-inner\">\n<h4 class=\"expert-inner-title\">Mem\u00f3ria de trabalho<\/h4>\n<pee>Implica o tratamento imediato da informa\u00e7\u00e3o, as opera\u00e7\u00f5es mentais, a manipula\u00e7\u00e3o de dados e a busca de solu\u00e7\u00f5es. Os d\u00e9ficits se manifestam por dificuldades de concentra\u00e7\u00e3o e de acompanhamento de instru\u00e7\u00f5es complexas.<\/pee>\n<h4 class=\"expert-inner-title\">Mem\u00f3ria sem\u00e2ntica<\/h4>\n<pee>Refere-se \u00e0 memoriza\u00e7\u00e3o de conhecimentos gerais, do vocabul\u00e1rio, \u00e0 cria\u00e7\u00e3o de conceitos abstratos e \u00e0 interpreta\u00e7\u00e3o de gestos e s\u00edmbolos. Os dist\u00farbios afetam o acesso ao sentido das palavras e aos conhecimentos culturais.<\/pee>\n<h4 class=\"expert-inner-title\">Mem\u00f3ria autobiogr\u00e1fica<\/h4>\n<pee>Engloba os conhecimentos pessoais, a cria\u00e7\u00e3o de contextos ambientais, as representa\u00e7\u00f5es mentais e a memoriza\u00e7\u00e3o de detalhes sensoriais. Os d\u00e9ficits impactam a identidade pessoal e a continuidade do eu.<\/pee>\n                <\/div>\n<\/p><\/div>\n<h2>3. Avalia\u00e7\u00e3o diagn\u00f3stica e ferramentas de medida<\/h2>\n<pee>A avalia\u00e7\u00e3o diagn\u00f3stica dos dist\u00farbios da mem\u00f3ria constitui uma etapa fundamental que determina a qualidade e a efic\u00e1cia do tratamento subsequente. Esta avalia\u00e7\u00e3o deve ser sistem\u00e1tica, padronizada e adaptada ao perfil espec\u00edfico de cada paciente. N\u00f3s utilizamos uma bateria de ferramentas validadas cientificamente para explorar os diferentes componentes mn\u00e9sicos.<\/pee>\n<pee>A anamnese detalhada permite coletar informa\u00e7\u00f5es cruciais sobre a hist\u00f3ria do paciente, a evolu\u00e7\u00e3o dos dist\u00farbios, os fatores desencadeantes potenciais e o impacto funcional na vida cotidiana. Esta abordagem cl\u00ednica \u00e9 complementada por testes neuropsicol\u00f3gicos espec\u00edficos que quantificam os d\u00e9ficits e permitem um acompanhamento objetivo dos progressos.<\/pee>\n<pee>As novas tecnologias oferecem hoje possibilidades de avalia\u00e7\u00e3o inovadoras e precisas. As aplica\u00e7\u00f5es como <a href=\"https:\/\/www.dynseo.com\/pt-pt\/coco-pensa-e-coco-se-mexe\/\" style=\"color: var(--primary);\">COCO PENSA e COCO SE MEXE<\/a> integram m\u00f3dulos de avalia\u00e7\u00e3o l\u00fadicos que permitem uma medida precisa das capacidades cognitivas enquanto mant\u00eam o engajamento do paciente.<\/pee>\n<div class=\"conseil-card\">\n<h3>\ud83d\udccb Protocolo de avalia\u00e7\u00e3o recomendado<\/h3>\n<pee>Comece sempre por uma avalia\u00e7\u00e3o global antes de se concentrar nos dom\u00ednios espec\u00edficos. Esta abordagem em funil permite identificar as prioridades terap\u00eauticas e otimizar o tempo de reabilita\u00e7\u00e3o.<\/pee>\n            <\/div>\n<div class=\"key-points\">\n<h3>\ud83c\udfaf Ferramentas de avalia\u00e7\u00e3o essenciais<\/h3>\n<ul>\n<li>Testes de mem\u00f3ria de trabalho (capacidade de n\u00fameros, tarefa de atualiza\u00e7\u00e3o)<\/li>\n<li>Avalia\u00e7\u00e3o da mem\u00f3ria epis\u00f3dica (recorda\u00e7\u00e3o livre e indicizada)<\/li>\n<li>Testes de mem\u00f3ria sem\u00e2ntica (flu\u00eancia verbal, denomina\u00e7\u00e3o)<\/li>\n<li>Medida da mem\u00f3ria prospectiva (tarefas de recorda\u00e7\u00e3o diferida)<\/li>\n<li>Question\u00e1rios de queixas subjetivas e de impacto funcional<\/li>\n<\/ul><\/div>\n<h2>4. Abordagens de reabilita\u00e7\u00e3o cognitiva e t\u00e9cnicas inovadoras<\/h2>\n<pee>A reabilita\u00e7\u00e3o cognitiva moderna baseia-se nos princ\u00edpios da neuroplasticidade cerebral para restaurar e otimizar as fun\u00e7\u00f5es mn\u00e9sicas alteradas. As abordagens terap\u00eauticas atuais combinam t\u00e9cnicas tradicionais comprovadas com inova\u00e7\u00f5es tecnol\u00f3gicas que multiplicam a efic\u00e1cia das interven\u00e7\u00f5es.<\/pee>\n<pee>A remedia\u00e7\u00e3o cognitiva constitui a abordagem de refer\u00eancia em fonoaudiologia. Este m\u00e9todo visa fortalecer as fun\u00e7\u00f5es cognitivas deficit\u00e1rias por meio de um treinamento intensivo e progressivo. Os exerc\u00edcios s\u00e3o personalizados de acordo com o perfil cognitivo do paciente e ajustados em tempo real com base nos progressos observados.<\/pee>\n<pee>As t\u00e9cnicas de compensa\u00e7\u00e3o cognitiva ensinam aos pacientes estrat\u00e9gias alternativas para contornar suas dificuldades mn\u00e9sicas. Essas abordagens incluem o uso de meios mnem\u00f4nicos, a organiza\u00e7\u00e3o met\u00f3dica da informa\u00e7\u00e3o e a explora\u00e7\u00e3o de ajudas externas para apoiar as capacidades deficientes.<\/pee>\n<div class=\"tip-box\">\n                <span class=\"tip-box-label\">\u26a1 T\u00e9cnica avan\u00e7ada<\/span>\n                <pee>A repeti\u00e7\u00e3o espa\u00e7ada, t\u00e9cnica baseada nas curvas de esquecimento de Ebbinghaus, permite otimizar a consolida\u00e7\u00e3o mn\u00e9sica. Programe as revis\u00f5es em intervalos crescentes para maximizar a reten\u00e7\u00e3o a longo prazo.<\/pee>\n            <\/div>\n<div class=\"expert-box\">\n<div class=\"expert-box-label\">Inova\u00e7\u00e3o DYNSEO<\/div>\n<h3 class=\"expert-box-title\">Reabilita\u00e7\u00e3o digital personalizada<\/h3>\n<div class=\"expert-inner\">\n                    <pee>Nossas aplica\u00e7\u00f5es <a href=\"https:\/\/www.dynseo.com\/pt-pt\/coco-pensa-e-coco-se-mexe\/\" style=\"color: var(--primary);\">COCO PENSA e COCO SE MEXE<\/a> revolucionam o cuidado com os dist\u00farbios mn\u00e9sicos ao oferecer mais de 30 jogos cognitivos especialmente projetados para estimular os diferentes tipos de mem\u00f3ria.<\/pee>\n<h4 class=\"expert-inner-title\">Vantagens da abordagem digital<\/h4>\n<pee>As ferramentas digitais permitem um ajuste autom\u00e1tico da dificuldade, um acompanhamento preciso do desempenho e uma motiva\u00e7\u00e3o refor\u00e7ada gra\u00e7as \u00e0 gamifica\u00e7\u00e3o. Esta abordagem moderna complementa perfeitamente as t\u00e9cnicas tradicionais de reabilita\u00e7\u00e3o.<\/pee>\n                <\/div>\n<\/p><\/div>\n<h2>5. Estrat\u00e9gias de compensa\u00e7\u00e3o e adapta\u00e7\u00f5es<\/h2>\n<pee>Al\u00e9m da reabilita\u00e7\u00e3o direta das fun\u00e7\u00f5es mn\u00e9sicas, o ensino de estrat\u00e9gias de compensa\u00e7\u00e3o constitui um pilar essencial do cuidado fonoaudiol\u00f3gico. Essas t\u00e9cnicas permitem que os pacientes contornem suas dificuldades e mantenham sua autonomia nas atividades da vida di\u00e1ria.<\/pee>\n<pee>A organiza\u00e7\u00e3o met\u00f3dica do ambiente representa uma estrat\u00e9gia fundamental. Ao estruturar o espa\u00e7o de vida e criar rotinas previs\u00edveis, reduzimos a carga cognitiva e facilitamos o acesso \u00e0s informa\u00e7\u00f5es importantes. Esta abordagem ecol\u00f3gica se adapta \u00e0s necessidades espec\u00edficas de cada paciente.<\/pee>\n<pee>As ajudas mnem\u00f4nicas externas, incluindo calend\u00e1rios, alarmes, aplicativos de lembrete e sistemas de organiza\u00e7\u00e3o, constituem ferramentas valiosas para apoiar a mem\u00f3ria prospectiva. O aprendizado de seu uso ideal requer um acompanhamento especializado para garantir sua integra\u00e7\u00e3o bem-sucedida no cotidiano.<\/pee>\n<div class=\"conseil-card\">\n<h3>\ud83c\udfaf Estrat\u00e9gias de compensa\u00e7\u00e3o eficazes<\/h3>\n<pee>Priorize sempre estrat\u00e9gias simples e facilmente integr\u00e1veis nos h\u00e1bitos existentes. A complexidade excessiva das adapta\u00e7\u00f5es pode criar uma carga cognitiva adicional contraproducente.<\/pee>\n            <\/div>\n<div class=\"key-points\">\n<h3>\ud83d\udd27 Arranjos recomendados<\/h3>\n<ul>\n<li>Utiliza\u00e7\u00e3o de c\u00f3digos de cores para organizar a informa\u00e7\u00e3o<\/li>\n<li>Cria\u00e7\u00e3o de listas de verifica\u00e7\u00e3o para as tarefas rotineiras<\/li>\n<li>Instala\u00e7\u00e3o de alarmes sonoros e visuais para os lembretes<\/li>\n<li>Implementa\u00e7\u00e3o de rituais de verifica\u00e7\u00e3o sistem\u00e1tica<\/li>\n<li>Desenvolvimento de frases-chave para reter a informa\u00e7\u00e3o importante<\/li>\n<\/ul><\/div>\n<h2>6. O papel crucial do entorno e do acompanhamento familiar<\/h2>\n<pee>A implica\u00e7\u00e3o do entorno constitui um fator determinante no sucesso do cuidado dos dist\u00farbios mn\u00e9sicos. A fam\u00edlia, os pr\u00f3ximos e os cuidadores desempenham um papel essencial como parceiros terap\u00eauticos, facilitando a generaliza\u00e7\u00e3o dos aprendizados al\u00e9m do ambiente cl\u00ednico.<\/pee>\n<pee>A educa\u00e7\u00e3o terap\u00eautica do entorno visa desenvolver sua compreens\u00e3o dos dist\u00farbios mn\u00e9sicos e de suas manifesta\u00e7\u00f5es. Esta forma\u00e7\u00e3o permite adaptar as intera\u00e7\u00f5es di\u00e1rias, reduzir as fontes de estresse e criar um ambiente ideal para a recupera\u00e7\u00e3o funcional.<\/pee>\n<pee>A comunica\u00e7\u00e3o adaptada com uma pessoa apresentando dist\u00farbios mn\u00e9sicos requer ajustes espec\u00edficos: simplifica\u00e7\u00e3o das instru\u00e7\u00f5es, repeti\u00e7\u00e3o gentil, utiliza\u00e7\u00e3o de suportes visuais e manuten\u00e7\u00e3o de uma atitude encorajadora. Essas compet\u00eancias s\u00e3o adquiridas por meio de um acompanhamento profissional estruturado.<\/pee>\n<div class=\"expert-box\">\n<div class=\"expert-box-label\">Orienta\u00e7\u00e3o familiar DYNSEO<\/div>\n<h3 class=\"expert-box-title\">Acompanhamento dos pr\u00f3ximos<\/h3>\n<div class=\"expert-inner\">\n                    <pee>Nossos programas incluem m\u00f3dulos especialmente projetados para formar os cuidadores. Eles aprendem a utilizar eficazmente as ferramentas digitais enquanto desenvolvem compet\u00eancias de acompanhamento gentil.<\/pee>\n<h4 class=\"expert-inner-title\">Benef\u00edcios para a fam\u00edlia<\/h4>\n<pee>A implica\u00e7\u00e3o ativa do entorno multiplica por tr\u00eas a efic\u00e1cia das interven\u00e7\u00f5es terap\u00eauticas e melhora significativamente a qualidade de vida de todos os membros da fam\u00edlia.<\/pee>\n                <\/div>\n<\/p><\/div>\n<h2>7. Tecnologias digitais e aplica\u00e7\u00f5es terap\u00eauticas<\/h2>\n<pee>A era digital revoluciona o cuidado dos dist\u00farbios mn\u00e9sicos ao propor ferramentas inovadoras, acess\u00edveis e personaliz\u00e1veis. As aplica\u00e7\u00f5es terap\u00eauticas oferecem possibilidades de treinamento intensivo e l\u00fadico que complementam perfeitamente as sess\u00f5es de fonoaudiologia tradicionais.<\/pee>\n<pee>As plataformas de estimula\u00e7\u00e3o cognitiva como DYNSEO integram as \u00faltimas descobertas em neuroci\u00eancias para propor exerc\u00edcios cientificamente validados. Essas ferramentas permitem um treinamento di\u00e1rio em casa, essencial para manter e amplificar os benef\u00edcios terap\u00eauticos obtidos nas sess\u00f5es.<\/pee>\n<pee>A intelig\u00eancia artificial e os algoritmos adaptativos personalizam automaticamente os exerc\u00edcios com base no desempenho individual. Essa tecnologia assegura um n\u00edvel de desafio ideal, mant\u00e9m a motiva\u00e7\u00e3o e previne a frustra\u00e7\u00e3o relacionada a tarefas muito dif\u00edceis ou muito f\u00e1ceis.<\/pee>\n<div class=\"tip-box\">\n                <span class=\"tip-box-label\">\ud83d\udcf1 Inova\u00e7\u00e3o tecnol\u00f3gica<\/span>\n                <pee>As aplica\u00e7\u00f5es de realidade virtual emergem como uma nova fronteira para a reabilita\u00e7\u00e3o mn\u00e9sica. Elas permitem criar ambientes de treinamento imersivos e ecol\u00f3gicos particularmente eficazes para a mem\u00f3ria espacial e epis\u00f3dica.<\/pee>\n            <\/div>\n<div class=\"conseil-card\">\n<h3>\ud83d\udcbb Integra\u00e7\u00e3o otimizada das ferramentas digitais<\/h3>\n<pee>Combine sempre os exerc\u00edcios digitais com atividades concretas e simula\u00e7\u00f5es reais. Essa abordagem mista maximiza a transfer\u00eancia das habilidades adquiridas para as situa\u00e7\u00f5es do dia a dia.<\/pee>\n            <\/div>\n<h2>8. Preven\u00e7\u00e3o e fatores protetores da mem\u00f3ria<\/h2>\n<pee>A preven\u00e7\u00e3o dos dist\u00farbios mn\u00e9sicos constitui um desafio importante de sa\u00fade p\u00fablica que diz respeito a toda a popula\u00e7\u00e3o. As pesquisas atuais identificam muitos fatores modific\u00e1veis que influenciam positivamente o envelhecimento cognitivo e reduzem o risco de desenvolver patologias neurodegenerativas.<\/pee>\n<pee>A atividade f\u00edsica regular emerge como um dos fatores protetores mais poderosos para a mem\u00f3ria. Ela favorece a neurog\u00eanese, melhora a vasculariza\u00e7\u00e3o cerebral e estimula a produ\u00e7\u00e3o de fatores neurotr\u00f3ficos essenciais para a manuten\u00e7\u00e3o das capacidades cognitivas. Um programa de exerc\u00edcios adequado constitui, portanto, um complemento indispens\u00e1vel a qualquer interven\u00e7\u00e3o fonoaudiol\u00f3gica.<\/pee>\n<pee>A estimula\u00e7\u00e3o cognitiva cont\u00ednua atrav\u00e9s de atividades intelectuais variadas mant\u00e9m a plasticidade cerebral e constitui uma verdadeira reserva cognitiva. A leitura, os jogos de tabuleiro, o aprendizado de novas habilidades e o uso de aplica\u00e7\u00f5es como COCO PENSA participam dessa estimula\u00e7\u00e3o ben\u00e9fica.<\/pee>\n<div class=\"key-points\">\n<h3>\ud83d\udee1\ufe0f Fatores protetores validados<\/h3>\n<ul>\n<li>Exerc\u00edcio f\u00edsico regular (m\u00ednimo de 150 minutos\/semana)<\/li>\n<li>Dieta mediterr\u00e2nea rica em \u00f4mega-3<\/li>\n<li>Qualidade do sono (7-9 horas por noite)<\/li>\n<li>Gest\u00e3o do estresse atrav\u00e9s da medita\u00e7\u00e3o ou relaxamento<\/li>\n<li>Manuten\u00e7\u00e3o de la\u00e7os sociais e atividades em grupo<\/li>\n<li>Controle dos fatores de risco cardiovascular<\/li>\n<\/ul><\/div>\n<h2>9. Acompanhamento longitudinal e avalia\u00e7\u00e3o dos progressos<\/h2>\n<pee>O acompanhamento longitudinal de pacientes com dist\u00farbios mn\u00e9sicos requer uma abordagem met\u00f3dica e ferramentas de medi\u00e7\u00e3o sens\u00edveis \u00e0s mudan\u00e7as. Essa vigil\u00e2ncia cont\u00ednua permite ajustar as interven\u00e7\u00f5es terap\u00eauticas e manter a motiva\u00e7\u00e3o do paciente ao objetivar seus progressos.<\/pee>\n<pee>Os indicadores de progresso incluem medidas quantitativas (pontua\u00e7\u00f5es em testes padronizados) e qualitativas (melhora funcional na vida cotidiana). Essa abordagem multidimensional oferece uma vis\u00e3o completa da evolu\u00e7\u00e3o do paciente e orienta as decis\u00f5es terap\u00eauticas.<\/pee>\n<pee>A documenta\u00e7\u00e3o sistem\u00e1tica das sess\u00f5es e o uso de ferramentas de acompanhamento digitais facilitam a comunica\u00e7\u00e3o entre profissionais e permitem um atendimento coordenado. Plataformas como DYNSEO oferecem pain\u00e9is detalhados que visualizam os progressos e identificam \u00e1reas que necessitam de aten\u00e7\u00e3o especial.<\/pee>\n<div class=\"expert-box\">\n<div class=\"expert-box-label\">Acompanhamento DYNSEO<\/div>\n<h3 class=\"expert-box-title\">Monitoramento inteligente do desempenho<\/h3>\n<div class=\"expert-inner\">\n                    <pee>Nossas ferramentas de acompanhamento permitem uma an\u00e1lise detalhada do desempenho cognitivo com gr\u00e1ficos de evolu\u00e7\u00e3o, compara\u00e7\u00f5es normativas e recomenda\u00e7\u00f5es personalizadas para otimizar o treinamento.<\/pee>\n<h4 class=\"expert-inner-title\">Indicadores-chave de progresso<\/h4>\n<pee>Tempo de rea\u00e7\u00e3o, taxa de sucesso, regularidade de uso, transfer\u00eancia para as atividades di\u00e1rias e satisfa\u00e7\u00e3o do paciente constituem as m\u00e9tricas essenciais para avaliar a efic\u00e1cia terap\u00eautica.<\/pee>\n                <\/div>\n<\/p><\/div>\n<h2>10. Abordagens complementares e terapias integrativas<\/h2>\n<pee>As abordagens complementares enriquecem o atendimento tradicional dos dist\u00farbios mn\u00e9sicos ao oferecer modalidades terap\u00eauticas alternativas que atuam em sinergia com a fonoaudiologia. Esses m\u00e9todos hol\u00edsticos consideram a pessoa em sua totalidade e refor\u00e7am a efic\u00e1cia das interven\u00e7\u00f5es especializadas.<\/pee>\n<pee>A musicoterapia explora os v\u00ednculos privilegiados entre m\u00fasica e mem\u00f3ria para estimular as capacidades de recorda\u00e7\u00e3o e favorecer a neuroplasticidade. As melodias familiares ativam redes mn\u00e9sicas preservadas e podem servir como suportes para codificar novas informa\u00e7\u00f5es de maneira mais eficaz.<\/pee>\n<pee>A aromaterapia e o uso de \u00f3leos essenciais espec\u00edficos como alecrim ou hortel\u00e3-pimenta podem melhorar o desempenho cognitivo e criar associa\u00e7\u00f5es sensoriais favor\u00e1veis \u00e0 memoriza\u00e7\u00e3o. Essas abordagens naturais complementam harmoniosamente as t\u00e9cnicas de reabilita\u00e7\u00e3o cognitiva.<\/pee>\n<div class=\"conseil-card\">\n<h3>\ud83c\udf3f Terapias complementares recomendadas<\/h3>\n<pee>Integre progressivamente essas abordagens avaliando sua aceitabilidade pelo paciente e sua compatibilidade com os tratamentos em curso. A personaliza\u00e7\u00e3o continua sendo a chave do sucesso terap\u00eautico.<\/pee>\n            <\/div>\n<div class=\"tip-box\">\n                <span class=\"tip-box-label\">\ud83e\uddd8 Medita\u00e7\u00e3o e plena consci\u00eancia<\/span>\n                <pee>As pr\u00e1ticas meditativas melhoram a aten\u00e7\u00e3o, reduzem o estresse e favorecem a neurog\u00eanese hipocampal. Mesmo 10 minutos di\u00e1rios podem produzir benef\u00edcios mensur\u00e1veis nas fun\u00e7\u00f5es mn\u00e9sicas.<\/pee>\n            <\/div>\n<h2>11. Gest\u00e3o dos dist\u00farbios comportamentais associados<\/h2>\n<pee>Os dist\u00farbios mn\u00e9sicos frequentemente acompanham manifesta\u00e7\u00f5es comportamentais e emocionais que podem complicar o manejo e impactar a qualidade de vida. A ansiedade, a depress\u00e3o, a irritabilidade e os dist\u00farbios de comportamento necessitam de uma abordagem especializada integrada ao plano de cuidados fonoaudiol\u00f3gicos.<\/pee>\n<pee>A anosognosia, ou desconhecimento dos dist\u00farbios, constitui um desafio particular na fonoaudiologia. Os pacientes podem minimizar suas dificuldades ou recusar as interven\u00e7\u00f5es propostas. Essa resist\u00eancia requer estrat\u00e9gias de acompanhamento espec\u00edficas baseadas na empatia e na gradualidade das interven\u00e7\u00f5es.<\/pee>\n<pee>As t\u00e9cnicas de gest\u00e3o das emo\u00e7\u00f5es e de regula\u00e7\u00e3o comportamental se integram naturalmente nas sess\u00f5es de fonoaudiologia. O aprendizado de estrat\u00e9gias de adapta\u00e7\u00e3o (coping) ajuda os pacientes a viverem melhor com suas dificuldades e mant\u00e9m seu engajamento no processo terap\u00eautico.<\/pee>\n<div class=\"key-points\">\n<h3>\ud83c\udfad Estrat\u00e9gias comportamentais<\/h3>\n<ul>\n<li>Valida\u00e7\u00e3o das emo\u00e7\u00f5es e reconhecimento das dificuldades<\/li>\n<li>Estabelecimento de objetivos realistas e alcan\u00e7\u00e1veis<\/li>\n<li>Refor\u00e7o positivo dos progressos mesmo m\u00ednimos<\/li>\n<li>T\u00e9cnicas de relaxamento e de gest\u00e3o do estresse<\/li>\n<li>Adapta\u00e7\u00e3o do ambiente para reduzir a ansiedade<\/li>\n<\/ul><\/div>\n<h2>12. Perspectivas de futuro e inova\u00e7\u00f5es emergentes<\/h2>\n<pee>O campo da reabilita\u00e7\u00e3o mn\u00e9sica conhece uma evolu\u00e7\u00e3o r\u00e1pida gra\u00e7as aos avan\u00e7os tecnol\u00f3gicos e \u00e0s descobertas neurocient\u00edficas. As interfaces c\u00e9rebro-m\u00e1quina, a estimula\u00e7\u00e3o magn\u00e9tica transcraniana e a realidade virtual abrem novas perspectivas terap\u00eauticas promissoras para a fonoaudiologia do amanh\u00e3.<\/pee>\n<pee>A medicina personalizada, baseada no perfil gen\u00e9tico e na an\u00e1lise de biomarcadores, permitir\u00e1 adaptar as interven\u00e7\u00f5es \u00e0s caracter\u00edsticas individuais de cada paciente. Essa abordagem de precis\u00e3o otimizar\u00e1 a efic\u00e1cia terap\u00eautica e reduzir\u00e1 a dura\u00e7\u00e3o dos atendimentos.<\/pee>\n<pee>A intelig\u00eancia artificial e o aprendizado de m\u00e1quina j\u00e1 est\u00e3o revolucionando a an\u00e1lise de dados cognitivos e a previs\u00e3o das trajet\u00f3rias de evolu\u00e7\u00e3o. Essas ferramentas sofisticadas auxiliar\u00e3o os fonoaudi\u00f3logos em suas decis\u00f5es cl\u00ednicas e melhorar\u00e3o a qualidade dos cuidados oferecidos.<\/pee>\n<div class=\"expert-box\">\n<div class=\"expert-box-label\">Vis\u00e3o DYNSEO 2030<\/div>\n<h3 class=\"expert-box-title\">O futuro da estimula\u00e7\u00e3o cognitiva<\/h3>\n<div class=\"expert-inner\">\n                    <pee>Estamos desenvolvendo ativamente novas tecnologias, incluindo realidade aumentada, an\u00e1lise preditiva e sensores biom\u00e9tricos para criar experi\u00eancias terap\u00eauticas cada vez mais personalizadas e eficazes.<\/pee>\n<h4 class=\"expert-inner-title\">Inova\u00e7\u00f5es em desenvolvimento<\/h4>\n<pee>Interfaces adaptativas, recomenda\u00e7\u00f5es por IA, integra\u00e7\u00e3o IoT e telemedicina avan\u00e7ada ser\u00e3o os pilares da reabilita\u00e7\u00e3o cognitiva do amanh\u00e3.<\/pee>\n                <\/div>\n<\/p><\/div>\n<div class=\"faq-list\">\n<h2>\u2753 Perguntas frequentes<\/h2>\n<div class=\"faq-item\">\n<div class=\"faq-q\">\n                        <span>Quanto tempo leva para observar melhorias nos dist\u00farbios da mem\u00f3ria?<\/span><br \/>\n                        <span class=\"faq-icon\">+<\/span>\n                    <\/div>\n<div class=\"faq-a\">\n                        <pee>Os primeiros sinais de melhoria podem aparecer em 4-6 semanas com um treinamento regular. No entanto, progressos significativos e duradouros geralmente requerem de 3 a 6 meses de interven\u00e7\u00e3o intensiva. A regularidade das sess\u00f5es e o envolvimento do paciente s\u00e3o fatores determinantes para a rapidez dos progressos.<\/pee>\n                    <\/div>\n<\/p><\/div>\n<div class=\"faq-item\">\n<div class=\"faq-q\">\n                        <span>As aplica\u00e7\u00f5es digitais podem substituir as sess\u00f5es de fonoaudiologia tradicionais?<\/span><br \/>\n                        <span class=\"faq-icon\">+<\/span>\n                    <\/div>\n<div class=\"faq-a\">\n                        <pee>As ferramentas digitais como COCO PENSA s\u00e3o excelentes complementos, mas n\u00e3o substituem a expertise humana do fonoaudi\u00f3logo. Elas permitem um treinamento di\u00e1rio em casa e refor\u00e7am os conhecimentos adquiridos nas sess\u00f5es, mas a avalia\u00e7\u00e3o cl\u00ednica, a adapta\u00e7\u00e3o personalizada e o acompanhamento emocional continuam sendo essenciais.<\/pee>\n                    <\/div>\n<\/p><\/div>\n<div class=\"faq-item\">\n<div class=\"faq-q\">\n                        <span>A partir de que idade pode-se detectar dist\u00farbios da mem\u00f3ria na crian\u00e7a?<\/span><br \/>\n                        <span class=\"faq-icon\">+<\/span>\n                    <\/div>\n<div class=\"faq-a\">\n                        <pee>As dificuldades mn\u00e9sicas podem ser detectadas a partir da idade pr\u00e9-escolar (4-5 anos) por meio de observa\u00e7\u00f5es comportamentais e testes adaptados. Na crian\u00e7a, esses dist\u00farbios frequentemente se manifestam por dificuldades de aprendizado, de concentra\u00e7\u00e3o ou de seguir instru\u00e7\u00f5es. Uma avalia\u00e7\u00e3o precoce permite uma interven\u00e7\u00e3o \u00f3tima.<\/pee>\n                    <\/div>\n<\/p><\/div>\n<div class=\"faq-item\">\n<div class=\"faq-q\">\n                        <span>Quais s\u00e3o os sinais de alerta que devem levar a consultar um fonoaudi\u00f3logo?<\/span><br \/>\n                        <span class=\"faq-icon\">+<\/span>\n                    <\/div>\n<div class=\"faq-a\">\n                        <pee>Consulte se voc\u00ea observar: esquecimentos frequentes que impactam a vida cotidiana, dificuldades em reter novas informa\u00e7\u00f5es, problemas de concentra\u00e7\u00e3o, desorganiza\u00e7\u00e3o incomum, dist\u00farbios de linguagem associados ou preocupa\u00e7\u00f5es repetidas do entorno. Quanto mais precoce a interven\u00e7\u00e3o, melhores s\u00e3o os resultados.<\/pee>\n                    <\/div>\n<\/p><\/div>\n<div class=\"faq-item\">\n<div class=\"faq-q\">\n                        <span>Como manter os progressos obtidos ap\u00f3s o t\u00e9rmino do acompanhamento?<\/span><br \/>\n                        <span class=\"faq-icon\">+<\/span>\n                    <\/div>\n<div class=\"faq-a\">\n                        <pee>A manuten\u00e7\u00e3o dos conhecimentos requer uma estimula\u00e7\u00e3o cognitiva regular: utiliza\u00e7\u00e3o cont\u00ednua de aplica\u00e7\u00f5es como COCO PENSA, pr\u00e1tica de atividades mentalmente estimulantes, manuten\u00e7\u00e3o das rotinas aprendidas, exerc\u00edcio f\u00edsico regular e acompanhamento peri\u00f3dico com o fonoaudi\u00f3logo para ajustar as estrat\u00e9gias se necess\u00e1rio.<\/pee>\n                    <\/div>\n<\/p><\/div>\n<\/p><\/div>\n<div class=\"cta-box\">\n<h3>Comece sua jornada de estimula\u00e7\u00e3o cognitiva hoje mesmo<\/h3>\n<pee>Descubra como nossas ferramentas inovadoras podem transformar sua abordagem dos dist\u00farbios da mem\u00f3ria e melhorar a qualidade de vida de seus pacientes.<\/pee>\n<div class=\"cta-buttons\">\n                    <a href=\"https:\/\/www.dynseo.com\/pt-pt\/coco-pensa-e-coco-se-mexe\/\" class=\"btn-white\">Descobrir COCO PENSA<\/a><br \/>\n                    <a href=\"https:\/\/www.dynseo.com\/pt-pt\/coco-pensa-e-coco-se-mexe\/\" class=\"btn-outline\">Teste gratuito<\/a>\n                <\/div>\n<\/p><\/div>\n<div class=\"article-tags\">\n                <a href=\"#\" class=\"article-tag\">fonoaudiologia<\/a><br \/>\n                <a href=\"#\" class=\"article-tag\">dist\u00farbios da mem\u00f3ria<\/a><br \/>\n                <a href=\"#\" class=\"article-tag\">reabilita\u00e7\u00e3o cognitiva<\/a><br \/>\n                <a href=\"#\" class=\"article-tag\">estimula\u00e7\u00e3o cognitiva<\/a><br \/>\n                <a href=\"#\" class=\"article-tag\">aplica\u00e7\u00f5es terap\u00eauticas<\/a><br \/>\n                <a href=\"#\" class=\"article-tag\">COCO PENSA<\/a><br \/>\n                <a href=\"#\" class=\"article-tag\">neuroplasticidade<\/a><br \/>\n                <a href=\"#\" class=\"article-tag\">cuidado<\/a>\n            <\/div>\n<\/p><\/div>\n<\/p><\/div>\n<p>[\/et_pb_code][\/et_pb_column][\/et_pb_row][\/et_pb_section]<\/p>\n","protected":false},"excerpt":{"rendered":"","protected":false},"author":4,"featured_media":150367,"comment_status":"closed","ping_status":"closed","sticky":false,"template":"","format":"standard","meta":{"_et_pb_use_builder":"on","_et_pb_old_content":"[et_pb_section fb_built=\"1\" _builder_version=\"4.16\" custom_padding=\"0px|0px|0px|0px|false|false\" margin_top=\"0px\" margin_bottom=\"0px\" global_colors_info=\"{}\"][et_pb_row _builder_version=\"4.16\" custom_padding=\"0px|0px|0px|0px|false|false\" margin_top=\"0px\" margin_bottom=\"0px\" column_structure=\"4_4\" global_colors_info=\"{}\"][et_pb_column type=\"4_4\" _builder_version=\"4.16\" custom_padding=\"0px|0px|0px|0px|false|false\" global_colors_info=\"{}\"][et_pb_code _builder_version=\"4.16\" custom_padding=\"0px|0px|0px|0px|false|false\" global_colors_info=\"{}\"]<style>\n        :root {\n            --primary: #5e5ed7;\n            --primary-dark: #5268c9;\n            --teal: #a9e2e4;\n            --yellow: #ffeca7;\n            --pink: #e73469;\n            --white: #ffffff;\n            --light-gray: #f8f9fa;\n            --dark-gray: #333333;\n            --text-gray: #666666;\n        }\n\n        * {\n            margin: 0;\n            padding: 0;\n            box-sizing: border-box;\n        }\n\n        body {\n            font-family: 'Poppins', sans-serif;\n            line-height: 1.6;\n            color: var(--dark-gray);\n            background: var(--white);\n        }\n\n        h1, h2, h3, h4, h5, h6 {\n            font-family: 'Montserrat', sans-serif;\n            font-weight: 600;\n            margin-bottom: 1rem;\n        }\n\n        .hl {\n            color: var(--primary);\n        }\n\n        .article-hero {\n            background: linear-gradient(135deg, var(--primary) 0%, var(--primary-dark) 100%);\n            color: var(--white);\n            padding: 2rem 0;\n            position: relative;\n            overflow: hidden;\n        }\n\n        .article-hero-inner {\n            max-width: 1200px;\n            margin: 0 auto;\n            padding: 0 2rem;\n            position: relative;\n            z-index: 2;\n        }\n\n        .article-breadcrumb {\n            margin-bottom: 1rem;\n            font-size: 0.9rem;\n            opacity: 0.9;\n        }\n\n        .article-breadcrumb a {\n            color: var(--white);\n            text-decoration: none;\n        }\n\n        .article-category {\n            display: inline-block;\n            background: var(--teal);\n            color: var(--dark-gray);\n            padding: 0.5rem 1rem;\n            border-radius: 25px;\n            font-size: 0.9rem;\n            font-weight: 500;\n            margin-bottom: 1.5rem;\n        }\n\n        .article-hero h1 {\n            font-size: 2.5rem;\n            font-weight: 700;\n            margin-bottom: 1.5rem;\n            line-height: 1.2;\n        }\n\n        .article-meta {\n            display: flex;\n            flex-wrap: wrap;\n            gap: 2rem;\n            align-items: center;\n            margin-bottom: 2rem;\n        }\n\n        .article-meta span {\n            display: flex;\n            align-items: center;\n            gap: 0.5rem;\n            font-size: 0.9rem;\n        }\n\n        .stars {\n            color: var(--yellow);\n            font-size: 1.2rem;\n        }\n\n        .article-hero-curve {\n            position: absolute;\n            bottom: -1px;\n            left: 0;\n            width: 100%;\n            height: 50px;\n            background: var(--white);\n            clip-path: ellipse(100% 100% at 50% 100%);\n        }\n\n        .container {\n            max-width: 1200px;\n            margin: 0 auto;\n            padding: 0 2rem;\n        }\n\n        .article-body {\n            padding: 3rem 0;\n        }\n\n        .intro-block {\n            background: var(--light-gray);\n            padding: 2rem;\n            border-radius: 15px;\n            margin-bottom: 3rem;\n            border-left: 5px solid var(--primary);\n        }\n\n        .intro-block p {\n            font-size: 1.1rem;\n            margin-bottom: 1rem;\n        }\n\n        .stats-grid {\n            display: grid;\n            grid-template-columns: repeat(auto-fit, minmax(250px, 1fr));\n            gap: 2rem;\n            margin: 3rem 0;\n        }\n\n        .stat-card {\n            background: var(--white);\n            padding: 2rem;\n            border-radius: 15px;\n            text-align: center;\n            box-shadow: 0 10px 30px rgba(0,0,0,0.1);\n            border: 2px solid transparent;\n            transition: all 0.3s ease;\n        }\n\n        .stat-card:hover {\n            border-color: var(--primary);\n            transform: translateY(-5px);\n        }\n\n        .stat-card .number {\n            font-size: 2.5rem;\n            font-weight: 700;\n            color: var(--primary);\n            display: block;\n            margin-bottom: 0.5rem;\n        }\n\n        .stat-card .label {\n            font-size: 1rem;\n            color: var(--text-gray);\n            font-weight: 500;\n        }\n\n        .conseil-card {\n            background: linear-gradient(135deg, var(--teal), #b8e6e8);\n            padding: 2rem;\n            border-radius: 15px;\n            margin: 2rem 0;\n            border-left: 5px solid var(--primary);\n        }\n\n        .conseil-card h3 {\n            color: var(--dark-gray);\n            margin-bottom: 1rem;\n        }\n\n        .key-points {\n            background: var(--white);\n            border: 2px solid var(--yellow);\n            border-radius: 15px;\n            padding: 2rem;\n            margin: 2rem 0;\n        }\n\n        .key-points h3 {\n            color: var(--primary);\n            margin-bottom: 1.5rem;\n            font-size: 1.3rem;\n        }\n\n        .key-points ul {\n            list-style: none;\n            padding: 0;\n        }\n\n        .key-points li {\n            padding: 0.5rem 0;\n            padding-left: 2rem;\n            position: relative;\n        }\n\n        .key-points li:before {\n            content: \"\u2713\";\n            position: absolute;\n            left: 0;\n            color: var(--primary);\n            font-weight: bold;\n        }\n\n        .tip-box {\n            background: linear-gradient(135deg, var(--yellow), #fff4c4);\n            border-radius: 15px;\n            padding: 2rem;\n            margin: 2rem 0;\n            position: relative;\n        }\n\n        .tip-box-label {\n            background: var(--primary);\n            color: var(--white);\n            padding: 0.5rem 1rem;\n            border-radius: 25px;\n            font-size: 0.9rem;\n            font-weight: 600;\n            display: inline-block;\n            margin-bottom: 1rem;\n        }\n\n        .expert-box {\n            background: var(--white);\n            border: 3px solid var(--pink);\n            border-radius: 15px;\n            padding: 0;\n            margin: 3rem 0;\n            overflow: hidden;\n        }\n\n        .expert-box-label {\n            background: var(--pink);\n            color: var(--white);\n            padding: 1rem 2rem;\n            margin: 0;\n            font-size: 0.9rem;\n            font-weight: 600;\n        }\n\n        .expert-box-title {\n            padding: 1.5rem 2rem 0;\n            margin: 0;\n            color: var(--primary);\n            font-size: 1.4rem;\n        }\n\n        .expert-inner {\n            padding: 0 2rem 2rem;\n        }\n\n        .expert-inner-title {\n            color: var(--pink);\n            font-size: 1.2rem;\n            margin: 1.5rem 0 1rem;\n        }\n\n        .faq-list {\n            margin: 3rem 0;\n        }\n\n        .faq-item {\n            border: 2px solid var(--light-gray);\n            border-radius: 10px;\n            margin-bottom: 1rem;\n            overflow: hidden;\n            transition: all 0.3s ease;\n        }\n\n        .faq-item.open {\n            border-color: var(--primary);\n        }\n\n        .faq-q {\n            padding: 1.5rem;\n            background: var(--light-gray);\n            cursor: pointer;\n            display: flex;\n            justify-content: space-between;\n            align-items: center;\n            font-weight: 600;\n            transition: all 0.3s ease;\n        }\n\n        .faq-item.open .faq-q {\n            background: var(--primary);\n            color: var(--white);\n        }\n\n        .faq-icon {\n            font-size: 1.5rem;\n            font-weight: bold;\n            transition: transform 0.3s ease;\n        }\n\n        .faq-item.open .faq-icon {\n            transform: rotate(45deg);\n        }\n\n        .faq-a {\n            padding: 0 1.5rem;\n            max-height: 0;\n            overflow: hidden;\n            transition: all 0.3s ease;\n        }\n\n        .faq-item.open .faq-a {\n            padding: 1.5rem;\n            max-height: 500px;\n        }\n\n        .cta-box {\n            background: linear-gradient(135deg, var(--primary), var(--primary-dark));\n            color: var(--white);\n            padding: 3rem;\n            border-radius: 20px;\n            text-align: center;\n            margin: 4rem 0;\n        }\n\n        .cta-box h3 {\n            font-size: 2rem;\n            margin-bottom: 1rem;\n        }\n\n        .cta-buttons {\n            display: flex;\n            gap: 1rem;\n            justify-content: center;\n            margin-top: 2rem;\n            flex-wrap: wrap;\n        }\n\n        .btn-white, .btn-outline {\n            padding: 1rem 2rem;\n            border-radius: 50px;\n            text-decoration: none;\n            font-weight: 600;\n            transition: all 0.3s ease;\n            display: inline-block;\n        }\n\n        .btn-white {\n            background: var(--white);\n            color: var(--primary);\n            border: 2px solid var(--white);\n        }\n\n        .btn-white:hover {\n            background: transparent;\n            color: var(--white);\n        }\n\n        .btn-outline {\n            background: transparent;\n            color: var(--white);\n            border: 2px solid var(--white);\n        }\n\n        .btn-outline:hover {\n            background: var(--white);\n            color: var(--primary);\n        }\n\n        .article-tags {\n            margin: 3rem 0;\n            display: flex;\n            flex-wrap: wrap;\n            gap: 1rem;\n        }\n\n        .article-tag {\n            background: var(--light-gray);\n            color: var(--dark-gray);\n            padding: 0.5rem 1rem;\n            border-radius: 25px;\n            text-decoration: none;\n            font-size: 0.9rem;\n            transition: all 0.3s ease;\n        }\n\n        .article-tag:hover {\n            background: var(--primary);\n            color: var(--white);\n        }\n\n        h2 {\n            font-size: 2rem;\n            color: var(--primary);\n            margin: 3rem 0 1.5rem;\n            position: relative;\n            padding-left: 1rem;\n        }\n\n        h2:before {\n            content: \"\";\n            position: absolute;\n            left: 0;\n            top: 0;\n            bottom: 0;\n            width: 5px;\n            background: var(--teal);\n            border-radius: 3px;\n        }\n\n        h3 {\n            font-size: 1.5rem;\n            color: var(--primary-dark);\n            margin: 2rem 0 1rem;\n        }\n\n        p {\n            margin-bottom: 1.5rem;\n            line-height: 1.7;\n        }\n\n        ul, ol {\n            margin: 1.5rem 0;\n            padding-left: 2rem;\n        }\n\n        li {\n            margin-bottom: 0.5rem;\n        }\n\n        @media (max-width: 768px) {\n            .article-hero h1 {\n                font-size: 2rem;\n            }\n            \n            .article-meta {\n                gap: 1rem;\n            }\n            \n            .stats-grid {\n                grid-template-columns: 1fr;\n                gap: 1rem;\n            }\n            \n            .container {\n                padding: 0 1rem;\n            }\n            \n            .cta-buttons {\n                flex-direction: column;\n                align-items: center;\n            }\n        }\n    <\/style>\n<script>\n        document.querySelectorAll('.faq-q').forEach(function(question) {\n            question.addEventListener('click', function() {\n                const faqItem = question.closest('.faq-item');\n                faqItem.classList.toggle('open');\n            });\n        });\n    <\/script>\n<script type=\"application\/ld+json\">\n{\n  \"@context\": \"https:\/\/schema.org\",\n  \"@graph\": [\n    {\n      \"@type\": \"Article\",\n      \"headline\": \"Les troubles de la m\u00e9moire fr\u00e9quemment rencontr\u00e9s en orthophonie : guide de prise en charge\",\n      \"description\": \"Guide complet sur les troubles de la m\u00e9moire rencontr\u00e9s en orthophonie et leur prise en charge. 25 min de lecture pour orthophonistes et patients.\",\n      \"url\": \"https:\/\/www.dynseo.com\/les-troubles-de-la-memoire-frequemment-rencontres-en-orthophonie-guide-de-prise-en-charge\/\",\n      \"datePublished\": \"2026-04-07\",\n      \"author\": {\n        \"@type\": \"Organization\",\n        \"name\": \"DYNSEO\",\n        \"url\": \"https:\/\/www.dynseo.com\"\n      },\n      \"publisher\": {\n        \"@type\": \"Organization\",\n        \"name\": \"DYNSEO\",\n        \"url\": \"https:\/\/www.dynseo.com\"\n      },\n      \"aggregateRating\": {\n        \"@type\": \"AggregateRating\",\n        \"ratingValue\": \"4.8\",\n        \"bestRating\": \"5\",\n        \"ratingCount\": \"47\"\n      },\n      \"image\": \"https:\/\/www.dynseo.com\/wp-content\/uploads\/2026\/04\/troubles-memoire-orthophonie.jpg\"\n    },\n    {\n      \"@type\": \"WebPage\",\n      \"name\": \"Les troubles de la m\u00e9moire fr\u00e9quemment rencontr\u00e9s en orthophonie : guide de prise en charge\",\n      \"url\": \"https:\/\/www.dynseo.com\/les-troubles-de-la-memoire-frequemment-rencontres-en-orthophonie-guide-de-prise-en-charge\/\",\n      \"breadcrumb\": {\n        \"@type\": \"BreadcrumbList\",\n        \"itemListElement\": [\n          {\n            \"@type\": \"ListItem\",\n            \"position\": 1,\n            \"name\": \"Accueil\",\n            \"item\": \"https:\/\/www.dynseo.com\"\n          },\n          {\n            \"@type\": \"ListItem\",\n            \"position\": 2,\n            \"name\": \"Blog\",\n            \"item\": \"https:\/\/www.dynseo.com\/blog\"\n          },\n          {\n            \"@type\": \"ListItem\",\n            \"position\": 3,\n            \"name\": \"Les troubles de la m\u00e9moire fr\u00e9quemment rencontr\u00e9s en orthophonie : guide de prise en charge\",\n            \"item\": \"https:\/\/www.dynseo.com\/les-troubles-de-la-memoire-frequemment-rencontres-en-orthophonie-guide-de-prise-en-charge\/\"\n          }\n        ]\n      }\n    },\n    {\n      \"@type\": \"FAQPage\",\n      \"mainEntity\": [\n        {\n          \"@type\": \"Question\",\n          \"name\": \"Combien de temps faut-il pour observer des am\u00e9liorations dans les troubles de la m\u00e9moire ?\",\n          \"acceptedAnswer\": {\n            \"@type\": \"Answer\",\n            \"text\": \"Les am\u00e9liorations dans les troubles de la m\u00e9moire varient selon l'individu et la s\u00e9v\u00e9rit\u00e9 du trouble. En g\u00e9n\u00e9ral, les premiers progr\u00e8s peuvent \u00eatre observ\u00e9s apr\u00e8s 4 \u00e0 8 semaines de prise en charge orthophonique r\u00e9guli\u00e8re, avec des s\u00e9ances adapt\u00e9es aux besoins sp\u00e9cifiques du patient.\"\n          }\n        },\n        {\n          \"@type\": \"Question\",\n          \"name\": \"Les applications num\u00e9riques peuvent-elles remplacer les s\u00e9ances d'orthophonie traditionnelles ?\",\n          \"acceptedAnswer\": {\n            \"@type\": \"Answer\",\n            \"text\": \"Les applications num\u00e9riques sont un compl\u00e9ment pr\u00e9cieux \u00e0 la prise en charge orthophonique, mais ne remplacent pas l'expertise et l'accompagnement personnalis\u00e9 d'un orthophoniste. Elles permettent de prolonger les exercices \u00e0 domicile et d'optimiser les r\u00e9sultats th\u00e9rapeutiques.\"\n          }\n        },\n        {\n          \"@type\": \"Question\",\n          \"name\": \"\u00c0 partir de quel \u00e2ge peut-on d\u00e9tecter des troubles de la m\u00e9moire chez l'enfant ?\",\n          \"acceptedAnswer\": {\n            \"@type\": \"Answer\",\n            \"text\": \"Les troubles de la m\u00e9moire peuvent \u00eatre d\u00e9tect\u00e9s d\u00e8s l'\u00e2ge de 3-4 ans chez l'enfant, lorsque les capacit\u00e9s mn\u00e9siques de base sont normalement d\u00e9velopp\u00e9es. Un bilan orthophonique permet d'\u00e9valuer pr\u00e9cis\u00e9ment les diff\u00e9rents types de m\u00e9moire et d'identifier d'\u00e9ventuelles difficult\u00e9s.\"\n          }\n        }\n      ]\n    }\n  ]\n}\n<\/script>\n<link href=\"https:\/\/fonts.googleapis.com\/css2?family=Montserrat:wght@400;500;600;700&family=Poppins:wght@300;400;500;600&display=swap\" rel=\"stylesheet\">\n\n<section class=\"article-hero\">\n        <div class=\"article-hero-inner\">\n            <nav class=\"article-breadcrumb\">\n                <a href=\"\/\">In\u00edcio<\/a> > <a href=\"\/blog\">Blog<\/a> > <a href=\"\/orthophonie\">Fonoaudiologia<\/a> > Dist\u00farbios da mem\u00f3ria\n            <\/nav>\n            \n            <span class=\"article-category\">Fonoaudiologia & Estimula\u00e7\u00e3o cognitiva<\/span>\n            \n            <h1>Os dist\u00farbios da mem\u00f3ria frequentemente encontrados em fonoaudiologia: <span class=\"hl\">guia de manejo<\/span><\/h1>\n            \n            <div class=\"article-meta\">\n                <span>\ud83d\udcc5 Abril 2026<\/span>\n                <span>\u23f1\ufe0f 25 min de leitura<\/span>\n                <span>\ud83d\udc65 Fonoaudi\u00f3logos e pacientes<\/span>\n                <span class=\"stars\">\u2605\u2605\u2605\u2605\u2605 4.8\/5<\/span>\n            <\/div>\n        <\/div>\n        <div class=\"article-hero-curve\"><\/div>\n    <\/section>\n\n    <div class=\"article-body\">\n        <div class=\"container\">\n<div class=\"intro-block\">\n                <p>Os dist\u00farbios da mem\u00f3ria representam um desafio maior na fonoaudiologia, afetando milh\u00f5es de pessoas ao redor do mundo e impactando significativamente sua qualidade de vida di\u00e1ria. Essas dificuldades cognitivas podem ocorrer em qualquer idade e necessitam de uma abordagem especializada e personalizada para um atendimento otimizado.<\/p>\n                <p>Como fonoaudi\u00f3logos, estamos na linha de frente para avaliar, diagnosticar e acompanhar os pacientes que apresentam d\u00e9ficits mn\u00e9sicos variados. Nossa expertise nos permite propor estrat\u00e9gias de reabilita\u00e7\u00e3o adaptadas e ferramentas inovadoras para estimular as capacidades cognitivas.<\/p>\n                <p>Este guia completo explora as diferentes facetas dos dist\u00farbios da mem\u00f3ria na fonoaudiologia, desde os mecanismos neurobiol\u00f3gicos at\u00e9 as t\u00e9cnicas de remedia\u00e7\u00e3o mais avan\u00e7adas. Tamb\u00e9m abordaremos a import\u00e2ncia das ferramentas digitais como <a href=\"https:\/\/www.dynseo.com\/pt-pt\/coco-pensa-e-coco-se-mexe\/\" style=\"color: var(--primary);\">COCO PENSA e COCO SE MEXE<\/a> no atendimento moderno.<\/p>\n                <p>Se voc\u00ea \u00e9 um profissional de sa\u00fade, paciente ou cuidador pr\u00f3ximo, este guia fornecer\u00e1 as chaves para entender e gerenciar os dist\u00farbios mn\u00e9sicos com efic\u00e1cia e benevol\u00eancia.<\/p>\n                <p>Descubra como transformar os desafios da mem\u00f3ria em oportunidades de melhoria gra\u00e7as aos \u00faltimos avan\u00e7os em fonoaudiologia e estimula\u00e7\u00e3o cognitiva.<\/p>\n            <\/div>\n\n            <div class=\"stats-grid\">\n                <div class=\"stat-card\">\n                    <span class=\"number\">40%<\/span>\n                    <span class=\"label\">dos pacientes em fonoaudiologia apresentam dist\u00farbios mn\u00e9sicos<\/span>\n                <\/div>\n                <div class=\"stat-card\">\n                    <span class=\"number\">85%<\/span>\n                    <span class=\"label\">de melhoria com um atendimento adequado<\/span>\n                <\/div>\n                <div class=\"stat-card\">\n                    <span class=\"number\">4<\/span>\n                    <span class=\"label\">tipos principais de mem\u00f3ria envolvidos<\/span>\n                <\/div>\n                <div class=\"stat-card\">\n                    <span class=\"number\">12<\/span>\n                    <span class=\"label\">semanas em m\u00e9dia para observar progresso<\/span>\n                <\/div>\n            <\/div>\n\n            <h2>1. Compreender os mecanismos da mem\u00f3ria na fonoaudiologia<\/h2>\n            \n            <p>A mem\u00f3ria constitui um sistema complexo e multifacetado que sustenta muitas compet\u00eancias lingu\u00edsticas e comunicativas. Na fonoaudiologia, distinguimos v\u00e1rios tipos de mem\u00f3ria interconectados que podem ser afetados por diversos dist\u00farbios neurol\u00f3gicos, de desenvolvimento ou adquiridos.<\/p>\n            \n            <p>O processo mn\u00e9sico envolve tr\u00eas etapas fundamentais: a codifica\u00e7\u00e3o (aquisi\u00e7\u00e3o da informa\u00e7\u00e3o), o armazenamento (conserva\u00e7\u00e3o) e a recupera\u00e7\u00e3o (restitui\u00e7\u00e3o). Cada uma dessas fases pode ser perturbada, levando a manifesta\u00e7\u00f5es cl\u00ednicas espec\u00edficas que o fonoaudi\u00f3logo deve identificar e tratar com precis\u00e3o.<\/p>\n            \n            <p>Os avan\u00e7os em neuroci\u00eancias cognitivas nos permitem hoje compreender melhor os substratos neurobiol\u00f3gicos da mem\u00f3ria. Essa compreens\u00e3o aprofundada orienta nossas interven\u00e7\u00f5es terap\u00eauticas e nos ajuda a desenvolver protocolos de reabilita\u00e7\u00e3o mais eficazes e direcionados.<\/p>\n\n            <div class=\"conseil-card\">\n                <h3>\ud83d\udca1 Conselho de especialista<\/h3>\n                <p>A avalia\u00e7\u00e3o inicial da mem\u00f3ria deve sempre ser multidimensional, explorando n\u00e3o apenas os diferentes tipos de mem\u00f3ria, mas tamb\u00e9m suas intera\u00e7\u00f5es com outras fun\u00e7\u00f5es cognitivas, como aten\u00e7\u00e3o, fun\u00e7\u00f5es executivas e linguagem.<\/p>\n            <\/div>\n<div class=\"key-points\">\n                <h3>\ud83d\udd11 Pontos-chave sobre os mecanismos mn\u00e9sicos<\/h3>\n                <ul>\n                    <li>A mem\u00f3ria \u00e9 um sistema din\u00e2mico em constante intera\u00e7\u00e3o<\/li>\n                    <li>Cada tipo de mem\u00f3ria possui suas pr\u00f3prias caracter\u00edsticas neurobiol\u00f3gicas<\/li>\n                    <li>Os dist\u00farbios podem afetar uma ou mais componentes simultaneamente<\/li>\n                    <li>A plasticidade cerebral permite uma recupera\u00e7\u00e3o funcional<\/li>\n                    <li>A idade influencia as capacidades de recupera\u00e7\u00e3o, mas n\u00e3o impede a melhoria<\/li>\n                <\/ul>\n            <\/div>\n\n            <h2>2. Os diferentes tipos de dist\u00farbios da mem\u00f3ria na pr\u00e1tica de fonoaudiologia<\/h2>\n            \n            <p>Na fonoaudiologia, encontramos uma grande variedade de dist\u00farbios mn\u00e9sicos, cada um necessitando de uma abordagem terap\u00eautica espec\u00edfica. A mem\u00f3ria de trabalho, frequentemente chamada de \"mem\u00f3ria de curto prazo\", constitui um dos d\u00e9ficits mais frequentemente observados em consulta. Esta forma de mem\u00f3ria permite o processamento imediato da informa\u00e7\u00e3o e a realiza\u00e7\u00e3o de opera\u00e7\u00f5es mentais complexas.<\/p>\n            \n            <p>A mem\u00f3ria sem\u00e2ntica, que diz respeito \u00e0 memoriza\u00e7\u00e3o de conhecimentos gerais, do vocabul\u00e1rio e de conceitos abstratos, tamb\u00e9m pode ser alterada. Os pacientes apresentando esse tipo de d\u00e9ficit enfrentam dificuldades em acessar as informa\u00e7\u00f5es armazenadas a longo prazo, impactando significativamente suas capacidades de comunica\u00e7\u00e3o e aprendizado.<\/p>\n            \n            <p>A mem\u00f3ria epis\u00f3dica, respons\u00e1vel pela memoriza\u00e7\u00e3o de eventos pessoais e de seu contexto espa\u00e7o-temporal, constitui outro dom\u00ednio de interven\u00e7\u00e3o crucial. Os dist\u00farbios dessa mem\u00f3ria afetam a capacidade de recordar experi\u00eancias vividas e de situ\u00e1-las no tempo e no espa\u00e7o.<\/p>\n\n            <div class=\"tip-box\">\n                <span class=\"tip-box-label\">\ud83d\udcad Dica pr\u00e1tica<\/span>\n                <p>Para avaliar efetivamente os dist\u00farbios da mem\u00f3ria, utilize tarefas ecol\u00f3gicas que reproduzam as situa\u00e7\u00f5es da vida cotidiana. Isso permitir\u00e1 obter uma imagem mais precisa das dificuldades reais do paciente.<\/p>\n            <\/div>\n\n            <div class=\"expert-box\">\n                <div class=\"expert-box-label\">Especializa\u00e7\u00e3o DYNSEO<\/div>\n                <h3 class=\"expert-box-title\">Classifica\u00e7\u00e3o dos dist\u00farbios mn\u00e9sicos<\/h3>\n<div class=\"expert-inner\">\n                    <h4 class=\"expert-inner-title\">Mem\u00f3ria de trabalho<\/h4>\n                    <p>Implica o tratamento imediato da informa\u00e7\u00e3o, as opera\u00e7\u00f5es mentais, a manipula\u00e7\u00e3o de dados e a busca de solu\u00e7\u00f5es. Os d\u00e9ficits se manifestam por dificuldades de concentra\u00e7\u00e3o e de acompanhamento de instru\u00e7\u00f5es complexas.<\/p>\n                    \n                    <h4 class=\"expert-inner-title\">Mem\u00f3ria sem\u00e2ntica<\/h4>\n                    <p>Refere-se \u00e0 memoriza\u00e7\u00e3o de conhecimentos gerais, do vocabul\u00e1rio, \u00e0 cria\u00e7\u00e3o de conceitos abstratos e \u00e0 interpreta\u00e7\u00e3o de gestos e s\u00edmbolos. Os dist\u00farbios afetam o acesso ao sentido das palavras e aos conhecimentos culturais.<\/p>\n                    \n                    <h4 class=\"expert-inner-title\">Mem\u00f3ria autobiogr\u00e1fica<\/h4>\n                    <p>Engloba os conhecimentos pessoais, a cria\u00e7\u00e3o de contextos ambientais, as representa\u00e7\u00f5es mentais e a memoriza\u00e7\u00e3o de detalhes sensoriais. Os d\u00e9ficits impactam a identidade pessoal e a continuidade do eu.<\/p>\n                <\/div>\n            <\/div>\n\n            <h2>3. Avalia\u00e7\u00e3o diagn\u00f3stica e ferramentas de medida<\/h2>\n            \n            <p>A avalia\u00e7\u00e3o diagn\u00f3stica dos dist\u00farbios da mem\u00f3ria constitui uma etapa fundamental que determina a qualidade e a efic\u00e1cia do tratamento subsequente. Esta avalia\u00e7\u00e3o deve ser sistem\u00e1tica, padronizada e adaptada ao perfil espec\u00edfico de cada paciente. N\u00f3s utilizamos uma bateria de ferramentas validadas cientificamente para explorar os diferentes componentes mn\u00e9sicos.<\/p>\n            \n            <p>A anamnese detalhada permite coletar informa\u00e7\u00f5es cruciais sobre a hist\u00f3ria do paciente, a evolu\u00e7\u00e3o dos dist\u00farbios, os fatores desencadeantes potenciais e o impacto funcional na vida cotidiana. Esta abordagem cl\u00ednica \u00e9 complementada por testes neuropsicol\u00f3gicos espec\u00edficos que quantificam os d\u00e9ficits e permitem um acompanhamento objetivo dos progressos.<\/p>\n            \n            <p>As novas tecnologias oferecem hoje possibilidades de avalia\u00e7\u00e3o inovadoras e precisas. As aplica\u00e7\u00f5es como <a href=\"https:\/\/www.dynseo.com\/pt-pt\/coco-pensa-e-coco-se-mexe\/\" style=\"color: var(--primary);\">COCO PENSA e COCO SE MEXE<\/a> integram m\u00f3dulos de avalia\u00e7\u00e3o l\u00fadicos que permitem uma medida precisa das capacidades cognitivas enquanto mant\u00eam o engajamento do paciente.<\/p>\n\n            <div class=\"conseil-card\">\n                <h3>\ud83d\udccb Protocolo de avalia\u00e7\u00e3o recomendado<\/h3>\n                <p>Comece sempre por uma avalia\u00e7\u00e3o global antes de se concentrar nos dom\u00ednios espec\u00edficos. Esta abordagem em funil permite identificar as prioridades terap\u00eauticas e otimizar o tempo de reabilita\u00e7\u00e3o.<\/p>\n            <\/div>\n<div class=\"key-points\">\n                <h3>\ud83c\udfaf Ferramentas de avalia\u00e7\u00e3o essenciais<\/h3>\n                <ul>\n                    <li>Testes de mem\u00f3ria de trabalho (capacidade de n\u00fameros, tarefa de atualiza\u00e7\u00e3o)<\/li>\n                    <li>Avalia\u00e7\u00e3o da mem\u00f3ria epis\u00f3dica (recorda\u00e7\u00e3o livre e indicizada)<\/li>\n                    <li>Testes de mem\u00f3ria sem\u00e2ntica (flu\u00eancia verbal, denomina\u00e7\u00e3o)<\/li>\n                    <li>Medida da mem\u00f3ria prospectiva (tarefas de recorda\u00e7\u00e3o diferida)<\/li>\n                    <li>Question\u00e1rios de queixas subjetivas e de impacto funcional<\/li>\n                <\/ul>\n            <\/div>\n\n            <h2>4. Abordagens de reabilita\u00e7\u00e3o cognitiva e t\u00e9cnicas inovadoras<\/h2>\n            \n            <p>A reabilita\u00e7\u00e3o cognitiva moderna baseia-se nos princ\u00edpios da neuroplasticidade cerebral para restaurar e otimizar as fun\u00e7\u00f5es mn\u00e9sicas alteradas. As abordagens terap\u00eauticas atuais combinam t\u00e9cnicas tradicionais comprovadas com inova\u00e7\u00f5es tecnol\u00f3gicas que multiplicam a efic\u00e1cia das interven\u00e7\u00f5es.<\/p>\n            \n            <p>A remedia\u00e7\u00e3o cognitiva constitui a abordagem de refer\u00eancia em fonoaudiologia. Este m\u00e9todo visa fortalecer as fun\u00e7\u00f5es cognitivas deficit\u00e1rias por meio de um treinamento intensivo e progressivo. Os exerc\u00edcios s\u00e3o personalizados de acordo com o perfil cognitivo do paciente e ajustados em tempo real com base nos progressos observados.<\/p>\n            \n            <p>As t\u00e9cnicas de compensa\u00e7\u00e3o cognitiva ensinam aos pacientes estrat\u00e9gias alternativas para contornar suas dificuldades mn\u00e9sicas. Essas abordagens incluem o uso de meios mnem\u00f4nicos, a organiza\u00e7\u00e3o met\u00f3dica da informa\u00e7\u00e3o e a explora\u00e7\u00e3o de ajudas externas para apoiar as capacidades deficientes.<\/p>\n\n            <div class=\"tip-box\">\n                <span class=\"tip-box-label\">\u26a1 T\u00e9cnica avan\u00e7ada<\/span>\n                <p>A repeti\u00e7\u00e3o espa\u00e7ada, t\u00e9cnica baseada nas curvas de esquecimento de Ebbinghaus, permite otimizar a consolida\u00e7\u00e3o mn\u00e9sica. Programe as revis\u00f5es em intervalos crescentes para maximizar a reten\u00e7\u00e3o a longo prazo.<\/p>\n            <\/div>\n\n            <div class=\"expert-box\">\n                <div class=\"expert-box-label\">Inova\u00e7\u00e3o DYNSEO<\/div>\n                <h3 class=\"expert-box-title\">Reabilita\u00e7\u00e3o digital personalizada<\/h3>\n<div class=\"expert-inner\">\n                    <p>Nossas aplica\u00e7\u00f5es <a href=\"https:\/\/www.dynseo.com\/pt-pt\/coco-pensa-e-coco-se-mexe\/\" style=\"color: var(--primary);\">COCO PENSA e COCO SE MEXE<\/a> revolucionam o cuidado com os dist\u00farbios mn\u00e9sicos ao oferecer mais de 30 jogos cognitivos especialmente projetados para estimular os diferentes tipos de mem\u00f3ria.<\/p>\n                    \n                    <h4 class=\"expert-inner-title\">Vantagens da abordagem digital<\/h4>\n                    <p>As ferramentas digitais permitem um ajuste autom\u00e1tico da dificuldade, um acompanhamento preciso do desempenho e uma motiva\u00e7\u00e3o refor\u00e7ada gra\u00e7as \u00e0 gamifica\u00e7\u00e3o. Esta abordagem moderna complementa perfeitamente as t\u00e9cnicas tradicionais de reabilita\u00e7\u00e3o.<\/p>\n                <\/div>\n            <\/div>\n\n            <h2>5. Estrat\u00e9gias de compensa\u00e7\u00e3o e adapta\u00e7\u00f5es<\/h2>\n            \n            <p>Al\u00e9m da reabilita\u00e7\u00e3o direta das fun\u00e7\u00f5es mn\u00e9sicas, o ensino de estrat\u00e9gias de compensa\u00e7\u00e3o constitui um pilar essencial do cuidado fonoaudiol\u00f3gico. Essas t\u00e9cnicas permitem que os pacientes contornem suas dificuldades e mantenham sua autonomia nas atividades da vida di\u00e1ria.<\/p>\n            \n            <p>A organiza\u00e7\u00e3o met\u00f3dica do ambiente representa uma estrat\u00e9gia fundamental. Ao estruturar o espa\u00e7o de vida e criar rotinas previs\u00edveis, reduzimos a carga cognitiva e facilitamos o acesso \u00e0s informa\u00e7\u00f5es importantes. Esta abordagem ecol\u00f3gica se adapta \u00e0s necessidades espec\u00edficas de cada paciente.<\/p>\n            \n            <p>As ajudas mnem\u00f4nicas externas, incluindo calend\u00e1rios, alarmes, aplicativos de lembrete e sistemas de organiza\u00e7\u00e3o, constituem ferramentas valiosas para apoiar a mem\u00f3ria prospectiva. O aprendizado de seu uso ideal requer um acompanhamento especializado para garantir sua integra\u00e7\u00e3o bem-sucedida no cotidiano.<\/p>\n\n            <div class=\"conseil-card\">\n                <h3>\ud83c\udfaf Estrat\u00e9gias de compensa\u00e7\u00e3o eficazes<\/h3>\n                <p>Priorize sempre estrat\u00e9gias simples e facilmente integr\u00e1veis nos h\u00e1bitos existentes. A complexidade excessiva das adapta\u00e7\u00f5es pode criar uma carga cognitiva adicional contraproducente.<\/p>\n            <\/div>\n<div class=\"key-points\">\n                <h3>\ud83d\udd27 Arranjos recomendados<\/h3>\n                <ul>\n                    <li>Utiliza\u00e7\u00e3o de c\u00f3digos de cores para organizar a informa\u00e7\u00e3o<\/li>\n                    <li>Cria\u00e7\u00e3o de listas de verifica\u00e7\u00e3o para as tarefas rotineiras<\/li>\n                    <li>Instala\u00e7\u00e3o de alarmes sonoros e visuais para os lembretes<\/li>\n                    <li>Implementa\u00e7\u00e3o de rituais de verifica\u00e7\u00e3o sistem\u00e1tica<\/li>\n                    <li>Desenvolvimento de frases-chave para reter a informa\u00e7\u00e3o importante<\/li>\n                <\/ul>\n            <\/div>\n\n            <h2>6. O papel crucial do entorno e do acompanhamento familiar<\/h2>\n            \n            <p>A implica\u00e7\u00e3o do entorno constitui um fator determinante no sucesso do cuidado dos dist\u00farbios mn\u00e9sicos. A fam\u00edlia, os pr\u00f3ximos e os cuidadores desempenham um papel essencial como parceiros terap\u00eauticos, facilitando a generaliza\u00e7\u00e3o dos aprendizados al\u00e9m do ambiente cl\u00ednico.<\/p>\n            \n            <p>A educa\u00e7\u00e3o terap\u00eautica do entorno visa desenvolver sua compreens\u00e3o dos dist\u00farbios mn\u00e9sicos e de suas manifesta\u00e7\u00f5es. Esta forma\u00e7\u00e3o permite adaptar as intera\u00e7\u00f5es di\u00e1rias, reduzir as fontes de estresse e criar um ambiente ideal para a recupera\u00e7\u00e3o funcional.<\/p>\n            \n            <p>A comunica\u00e7\u00e3o adaptada com uma pessoa apresentando dist\u00farbios mn\u00e9sicos requer ajustes espec\u00edficos: simplifica\u00e7\u00e3o das instru\u00e7\u00f5es, repeti\u00e7\u00e3o gentil, utiliza\u00e7\u00e3o de suportes visuais e manuten\u00e7\u00e3o de uma atitude encorajadora. Essas compet\u00eancias s\u00e3o adquiridas por meio de um acompanhamento profissional estruturado.<\/p>\n\n            <div class=\"expert-box\">\n                <div class=\"expert-box-label\">Orienta\u00e7\u00e3o familiar DYNSEO<\/div>\n                <h3 class=\"expert-box-title\">Acompanhamento dos pr\u00f3ximos<\/h3>\n                <div class=\"expert-inner\">\n                    <p>Nossos programas incluem m\u00f3dulos especialmente projetados para formar os cuidadores. Eles aprendem a utilizar eficazmente as ferramentas digitais enquanto desenvolvem compet\u00eancias de acompanhamento gentil.<\/p>\n                    \n                    <h4 class=\"expert-inner-title\">Benef\u00edcios para a fam\u00edlia<\/h4>\n                    <p>A implica\u00e7\u00e3o ativa do entorno multiplica por tr\u00eas a efic\u00e1cia das interven\u00e7\u00f5es terap\u00eauticas e melhora significativamente a qualidade de vida de todos os membros da fam\u00edlia.<\/p>\n                <\/div>\n            <\/div>\n\n            <h2>7. Tecnologias digitais e aplica\u00e7\u00f5es terap\u00eauticas<\/h2>\n            \n            <p>A era digital revoluciona o cuidado dos dist\u00farbios mn\u00e9sicos ao propor ferramentas inovadoras, acess\u00edveis e personaliz\u00e1veis. As aplica\u00e7\u00f5es terap\u00eauticas oferecem possibilidades de treinamento intensivo e l\u00fadico que complementam perfeitamente as sess\u00f5es de fonoaudiologia tradicionais.<\/p>\n            \n            <p>As plataformas de estimula\u00e7\u00e3o cognitiva como DYNSEO integram as \u00faltimas descobertas em neuroci\u00eancias para propor exerc\u00edcios cientificamente validados. Essas ferramentas permitem um treinamento di\u00e1rio em casa, essencial para manter e amplificar os benef\u00edcios terap\u00eauticos obtidos nas sess\u00f5es.<\/p>\n            \n            <p>A intelig\u00eancia artificial e os algoritmos adaptativos personalizam automaticamente os exerc\u00edcios com base no desempenho individual. Essa tecnologia assegura um n\u00edvel de desafio ideal, mant\u00e9m a motiva\u00e7\u00e3o e previne a frustra\u00e7\u00e3o relacionada a tarefas muito dif\u00edceis ou muito f\u00e1ceis.<\/p>\n<div class=\"tip-box\">\n                <span class=\"tip-box-label\">\ud83d\udcf1 Inova\u00e7\u00e3o tecnol\u00f3gica<\/span>\n                <p>As aplica\u00e7\u00f5es de realidade virtual emergem como uma nova fronteira para a reabilita\u00e7\u00e3o mn\u00e9sica. Elas permitem criar ambientes de treinamento imersivos e ecol\u00f3gicos particularmente eficazes para a mem\u00f3ria espacial e epis\u00f3dica.<\/p>\n            <\/div>\n\n            <div class=\"conseil-card\">\n                <h3>\ud83d\udcbb Integra\u00e7\u00e3o otimizada das ferramentas digitais<\/h3>\n                <p>Combine sempre os exerc\u00edcios digitais com atividades concretas e simula\u00e7\u00f5es reais. Essa abordagem mista maximiza a transfer\u00eancia das habilidades adquiridas para as situa\u00e7\u00f5es do dia a dia.<\/p>\n            <\/div>\n\n            <h2>8. Preven\u00e7\u00e3o e fatores protetores da mem\u00f3ria<\/h2>\n            \n            <p>A preven\u00e7\u00e3o dos dist\u00farbios mn\u00e9sicos constitui um desafio importante de sa\u00fade p\u00fablica que diz respeito a toda a popula\u00e7\u00e3o. As pesquisas atuais identificam muitos fatores modific\u00e1veis que influenciam positivamente o envelhecimento cognitivo e reduzem o risco de desenvolver patologias neurodegenerativas.<\/p>\n            \n            <p>A atividade f\u00edsica regular emerge como um dos fatores protetores mais poderosos para a mem\u00f3ria. Ela favorece a neurog\u00eanese, melhora a vasculariza\u00e7\u00e3o cerebral e estimula a produ\u00e7\u00e3o de fatores neurotr\u00f3ficos essenciais para a manuten\u00e7\u00e3o das capacidades cognitivas. Um programa de exerc\u00edcios adequado constitui, portanto, um complemento indispens\u00e1vel a qualquer interven\u00e7\u00e3o fonoaudiol\u00f3gica.<\/p>\n            \n            <p>A estimula\u00e7\u00e3o cognitiva cont\u00ednua atrav\u00e9s de atividades intelectuais variadas mant\u00e9m a plasticidade cerebral e constitui uma verdadeira reserva cognitiva. A leitura, os jogos de tabuleiro, o aprendizado de novas habilidades e o uso de aplica\u00e7\u00f5es como COCO PENSA participam dessa estimula\u00e7\u00e3o ben\u00e9fica.<\/p>\n<div class=\"key-points\">\n                <h3>\ud83d\udee1\ufe0f Fatores protetores validados<\/h3>\n                <ul>\n                    <li>Exerc\u00edcio f\u00edsico regular (m\u00ednimo de 150 minutos\/semana)<\/li>\n                    <li>Dieta mediterr\u00e2nea rica em \u00f4mega-3<\/li>\n                    <li>Qualidade do sono (7-9 horas por noite)<\/li>\n                    <li>Gest\u00e3o do estresse atrav\u00e9s da medita\u00e7\u00e3o ou relaxamento<\/li>\n                    <li>Manuten\u00e7\u00e3o de la\u00e7os sociais e atividades em grupo<\/li>\n                    <li>Controle dos fatores de risco cardiovascular<\/li>\n                <\/ul>\n            <\/div>\n\n            <h2>9. Acompanhamento longitudinal e avalia\u00e7\u00e3o dos progressos<\/h2>\n            \n            <p>O acompanhamento longitudinal de pacientes com dist\u00farbios mn\u00e9sicos requer uma abordagem met\u00f3dica e ferramentas de medi\u00e7\u00e3o sens\u00edveis \u00e0s mudan\u00e7as. Essa vigil\u00e2ncia cont\u00ednua permite ajustar as interven\u00e7\u00f5es terap\u00eauticas e manter a motiva\u00e7\u00e3o do paciente ao objetivar seus progressos.<\/p>\n            \n            <p>Os indicadores de progresso incluem medidas quantitativas (pontua\u00e7\u00f5es em testes padronizados) e qualitativas (melhora funcional na vida cotidiana). Essa abordagem multidimensional oferece uma vis\u00e3o completa da evolu\u00e7\u00e3o do paciente e orienta as decis\u00f5es terap\u00eauticas.<\/p>\n            \n            <p>A documenta\u00e7\u00e3o sistem\u00e1tica das sess\u00f5es e o uso de ferramentas de acompanhamento digitais facilitam a comunica\u00e7\u00e3o entre profissionais e permitem um atendimento coordenado. Plataformas como DYNSEO oferecem pain\u00e9is detalhados que visualizam os progressos e identificam \u00e1reas que necessitam de aten\u00e7\u00e3o especial.<\/p>\n\n            <div class=\"expert-box\">\n                <div class=\"expert-box-label\">Acompanhamento DYNSEO<\/div>\n                <h3 class=\"expert-box-title\">Monitoramento inteligente do desempenho<\/h3>\n                <div class=\"expert-inner\">\n                    <p>Nossas ferramentas de acompanhamento permitem uma an\u00e1lise detalhada do desempenho cognitivo com gr\u00e1ficos de evolu\u00e7\u00e3o, compara\u00e7\u00f5es normativas e recomenda\u00e7\u00f5es personalizadas para otimizar o treinamento.<\/p>\n                    \n                    <h4 class=\"expert-inner-title\">Indicadores-chave de progresso<\/h4>\n                    <p>Tempo de rea\u00e7\u00e3o, taxa de sucesso, regularidade de uso, transfer\u00eancia para as atividades di\u00e1rias e satisfa\u00e7\u00e3o do paciente constituem as m\u00e9tricas essenciais para avaliar a efic\u00e1cia terap\u00eautica.<\/p>\n                <\/div>\n            <\/div>\n\n            <h2>10. Abordagens complementares e terapias integrativas<\/h2>\n            \n            <p>As abordagens complementares enriquecem o atendimento tradicional dos dist\u00farbios mn\u00e9sicos ao oferecer modalidades terap\u00eauticas alternativas que atuam em sinergia com a fonoaudiologia. Esses m\u00e9todos hol\u00edsticos consideram a pessoa em sua totalidade e refor\u00e7am a efic\u00e1cia das interven\u00e7\u00f5es especializadas.<\/p>\n            \n            <p>A musicoterapia explora os v\u00ednculos privilegiados entre m\u00fasica e mem\u00f3ria para estimular as capacidades de recorda\u00e7\u00e3o e favorecer a neuroplasticidade. As melodias familiares ativam redes mn\u00e9sicas preservadas e podem servir como suportes para codificar novas informa\u00e7\u00f5es de maneira mais eficaz.<\/p>\n            \n            <p>A aromaterapia e o uso de \u00f3leos essenciais espec\u00edficos como alecrim ou hortel\u00e3-pimenta podem melhorar o desempenho cognitivo e criar associa\u00e7\u00f5es sensoriais favor\u00e1veis \u00e0 memoriza\u00e7\u00e3o. Essas abordagens naturais complementam harmoniosamente as t\u00e9cnicas de reabilita\u00e7\u00e3o cognitiva.<\/p>\n<div class=\"conseil-card\">\n                <h3>\ud83c\udf3f Terapias complementares recomendadas<\/h3>\n                <p>Integre progressivamente essas abordagens avaliando sua aceitabilidade pelo paciente e sua compatibilidade com os tratamentos em curso. A personaliza\u00e7\u00e3o continua sendo a chave do sucesso terap\u00eautico.<\/p>\n            <\/div>\n\n            <div class=\"tip-box\">\n                <span class=\"tip-box-label\">\ud83e\uddd8 Medita\u00e7\u00e3o e plena consci\u00eancia<\/span>\n                <p>As pr\u00e1ticas meditativas melhoram a aten\u00e7\u00e3o, reduzem o estresse e favorecem a neurog\u00eanese hipocampal. Mesmo 10 minutos di\u00e1rios podem produzir benef\u00edcios mensur\u00e1veis nas fun\u00e7\u00f5es mn\u00e9sicas.<\/p>\n            <\/div>\n\n            <h2>11. Gest\u00e3o dos dist\u00farbios comportamentais associados<\/h2>\n            \n            <p>Os dist\u00farbios mn\u00e9sicos frequentemente acompanham manifesta\u00e7\u00f5es comportamentais e emocionais que podem complicar o manejo e impactar a qualidade de vida. A ansiedade, a depress\u00e3o, a irritabilidade e os dist\u00farbios de comportamento necessitam de uma abordagem especializada integrada ao plano de cuidados fonoaudiol\u00f3gicos.<\/p>\n            \n            <p>A anosognosia, ou desconhecimento dos dist\u00farbios, constitui um desafio particular na fonoaudiologia. Os pacientes podem minimizar suas dificuldades ou recusar as interven\u00e7\u00f5es propostas. Essa resist\u00eancia requer estrat\u00e9gias de acompanhamento espec\u00edficas baseadas na empatia e na gradualidade das interven\u00e7\u00f5es.<\/p>\n            \n            <p>As t\u00e9cnicas de gest\u00e3o das emo\u00e7\u00f5es e de regula\u00e7\u00e3o comportamental se integram naturalmente nas sess\u00f5es de fonoaudiologia. O aprendizado de estrat\u00e9gias de adapta\u00e7\u00e3o (coping) ajuda os pacientes a viverem melhor com suas dificuldades e mant\u00e9m seu engajamento no processo terap\u00eautico.<\/p>\n\n            <div class=\"key-points\">\n                <h3>\ud83c\udfad Estrat\u00e9gias comportamentais<\/h3>\n                <ul>\n                    <li>Valida\u00e7\u00e3o das emo\u00e7\u00f5es e reconhecimento das dificuldades<\/li>\n                    <li>Estabelecimento de objetivos realistas e alcan\u00e7\u00e1veis<\/li>\n                    <li>Refor\u00e7o positivo dos progressos mesmo m\u00ednimos<\/li>\n                    <li>T\u00e9cnicas de relaxamento e de gest\u00e3o do estresse<\/li>\n                    <li>Adapta\u00e7\u00e3o do ambiente para reduzir a ansiedade<\/li>\n                <\/ul>\n            <\/div>\n\n            <h2>12. Perspectivas de futuro e inova\u00e7\u00f5es emergentes<\/h2>\n            \n            <p>O campo da reabilita\u00e7\u00e3o mn\u00e9sica conhece uma evolu\u00e7\u00e3o r\u00e1pida gra\u00e7as aos avan\u00e7os tecnol\u00f3gicos e \u00e0s descobertas neurocient\u00edficas. As interfaces c\u00e9rebro-m\u00e1quina, a estimula\u00e7\u00e3o magn\u00e9tica transcraniana e a realidade virtual abrem novas perspectivas terap\u00eauticas promissoras para a fonoaudiologia do amanh\u00e3.<\/p>\n            \n            <p>A medicina personalizada, baseada no perfil gen\u00e9tico e na an\u00e1lise de biomarcadores, permitir\u00e1 adaptar as interven\u00e7\u00f5es \u00e0s caracter\u00edsticas individuais de cada paciente. Essa abordagem de precis\u00e3o otimizar\u00e1 a efic\u00e1cia terap\u00eautica e reduzir\u00e1 a dura\u00e7\u00e3o dos atendimentos.<\/p>\n            \n            <p>A intelig\u00eancia artificial e o aprendizado de m\u00e1quina j\u00e1 est\u00e3o revolucionando a an\u00e1lise de dados cognitivos e a previs\u00e3o das trajet\u00f3rias de evolu\u00e7\u00e3o. Essas ferramentas sofisticadas auxiliar\u00e3o os fonoaudi\u00f3logos em suas decis\u00f5es cl\u00ednicas e melhorar\u00e3o a qualidade dos cuidados oferecidos.<\/p>\n\n            <div class=\"expert-box\">\n                <div class=\"expert-box-label\">Vis\u00e3o DYNSEO 2030<\/div>\n                <h3 class=\"expert-box-title\">O futuro da estimula\u00e7\u00e3o cognitiva<\/h3>\n<div class=\"expert-inner\">\n                    <p>Estamos desenvolvendo ativamente novas tecnologias, incluindo realidade aumentada, an\u00e1lise preditiva e sensores biom\u00e9tricos para criar experi\u00eancias terap\u00eauticas cada vez mais personalizadas e eficazes.<\/p>\n                    \n                    <h4 class=\"expert-inner-title\">Inova\u00e7\u00f5es em desenvolvimento<\/h4>\n                    <p>Interfaces adaptativas, recomenda\u00e7\u00f5es por IA, integra\u00e7\u00e3o IoT e telemedicina avan\u00e7ada ser\u00e3o os pilares da reabilita\u00e7\u00e3o cognitiva do amanh\u00e3.<\/p>\n                <\/div>\n            <\/div>\n\n            <div class=\"faq-list\">\n                <h2>\u2753 Perguntas frequentes<\/h2>\n                \n                <div class=\"faq-item\">\n                    <div class=\"faq-q\">\n                        <span>Quanto tempo leva para observar melhorias nos dist\u00farbios da mem\u00f3ria?<\/span>\n                        <span class=\"faq-icon\">+<\/span>\n                    <\/div>\n                    <div class=\"faq-a\">\n                        <p>Os primeiros sinais de melhoria podem aparecer em 4-6 semanas com um treinamento regular. No entanto, progressos significativos e duradouros geralmente requerem de 3 a 6 meses de interven\u00e7\u00e3o intensiva. A regularidade das sess\u00f5es e o envolvimento do paciente s\u00e3o fatores determinantes para a rapidez dos progressos.<\/p>\n                    <\/div>\n                <\/div>\n\n                <div class=\"faq-item\">\n                    <div class=\"faq-q\">\n                        <span>As aplica\u00e7\u00f5es digitais podem substituir as sess\u00f5es de fonoaudiologia tradicionais?<\/span>\n                        <span class=\"faq-icon\">+<\/span>\n                    <\/div>\n                    <div class=\"faq-a\">\n                        <p>As ferramentas digitais como COCO PENSA s\u00e3o excelentes complementos, mas n\u00e3o substituem a expertise humana do fonoaudi\u00f3logo. Elas permitem um treinamento di\u00e1rio em casa e refor\u00e7am os conhecimentos adquiridos nas sess\u00f5es, mas a avalia\u00e7\u00e3o cl\u00ednica, a adapta\u00e7\u00e3o personalizada e o acompanhamento emocional continuam sendo essenciais.<\/p>\n                    <\/div>\n                <\/div>\n\n                <div class=\"faq-item\">\n                    <div class=\"faq-q\">\n                        <span>A partir de que idade pode-se detectar dist\u00farbios da mem\u00f3ria na crian\u00e7a?<\/span>\n                        <span class=\"faq-icon\">+<\/span>\n                    <\/div>\n                    <div class=\"faq-a\">\n                        <p>As dificuldades mn\u00e9sicas podem ser detectadas a partir da idade pr\u00e9-escolar (4-5 anos) por meio de observa\u00e7\u00f5es comportamentais e testes adaptados. Na crian\u00e7a, esses dist\u00farbios frequentemente se manifestam por dificuldades de aprendizado, de concentra\u00e7\u00e3o ou de seguir instru\u00e7\u00f5es. Uma avalia\u00e7\u00e3o precoce permite uma interven\u00e7\u00e3o \u00f3tima.<\/p>\n                    <\/div>\n                <\/div>\n\n                <div class=\"faq-item\">\n                    <div class=\"faq-q\">\n                        <span>Quais s\u00e3o os sinais de alerta que devem levar a consultar um fonoaudi\u00f3logo?<\/span>\n                        <span class=\"faq-icon\">+<\/span>\n                    <\/div>\n                    <div class=\"faq-a\">\n                        <p>Consulte se voc\u00ea observar: esquecimentos frequentes que impactam a vida cotidiana, dificuldades em reter novas informa\u00e7\u00f5es, problemas de concentra\u00e7\u00e3o, desorganiza\u00e7\u00e3o incomum, dist\u00farbios de linguagem associados ou preocupa\u00e7\u00f5es repetidas do entorno. Quanto mais precoce a interven\u00e7\u00e3o, melhores s\u00e3o os resultados.<\/p>\n                    <\/div>\n                <\/div>\n\n                <div class=\"faq-item\">\n                    <div class=\"faq-q\">\n                        <span>Como manter os progressos obtidos ap\u00f3s o t\u00e9rmino do acompanhamento?<\/span>\n                        <span class=\"faq-icon\">+<\/span>\n                    <\/div>\n<div class=\"faq-a\">\n                        <p>A manuten\u00e7\u00e3o dos conhecimentos requer uma estimula\u00e7\u00e3o cognitiva regular: utiliza\u00e7\u00e3o cont\u00ednua de aplica\u00e7\u00f5es como COCO PENSA, pr\u00e1tica de atividades mentalmente estimulantes, manuten\u00e7\u00e3o das rotinas aprendidas, exerc\u00edcio f\u00edsico regular e acompanhamento peri\u00f3dico com o fonoaudi\u00f3logo para ajustar as estrat\u00e9gias se necess\u00e1rio.<\/p>\n                    <\/div>\n                <\/div>\n            <\/div>\n\n            <div class=\"cta-box\">\n                <h3>Comece sua jornada de estimula\u00e7\u00e3o cognitiva hoje mesmo<\/h3>\n                <p>Descubra como nossas ferramentas inovadoras podem transformar sua abordagem dos dist\u00farbios da mem\u00f3ria e melhorar a qualidade de vida de seus pacientes.<\/p>\n                <div class=\"cta-buttons\">\n                    <a href=\"https:\/\/www.dynseo.com\/pt-pt\/coco-pensa-e-coco-se-mexe\/\" class=\"btn-white\">Descobrir COCO PENSA<\/a>\n                    <a href=\"https:\/\/www.dynseo.com\/pt-pt\/coco-pensa-e-coco-se-mexe\/\" class=\"btn-outline\">Teste gratuito<\/a>\n                <\/div>\n            <\/div>\n\n            <div class=\"article-tags\">\n                <a href=\"#\" class=\"article-tag\">fonoaudiologia<\/a>\n                <a href=\"#\" class=\"article-tag\">dist\u00farbios da mem\u00f3ria<\/a>\n                <a href=\"#\" class=\"article-tag\">reabilita\u00e7\u00e3o cognitiva<\/a>\n                <a href=\"#\" class=\"article-tag\">estimula\u00e7\u00e3o cognitiva<\/a>\n                <a href=\"#\" class=\"article-tag\">aplica\u00e7\u00f5es terap\u00eauticas<\/a>\n                <a href=\"#\" class=\"article-tag\">COCO PENSA<\/a>\n                <a href=\"#\" class=\"article-tag\">neuroplasticidade<\/a>\n                <a href=\"#\" class=\"article-tag\">cuidado<\/a>\n            <\/div>\n        <\/div>\n    <\/div>[\/et_pb_code][\/et_pb_column][\/et_pb_row][\/et_pb_section]","_et_gb_content_width":"","footnotes":""},"categories":[2915],"tags":[],"class_list":["post-559345","post","type-post","status-publish","format-standard","has-post-thumbnail","hentry","category-les-conseils-des-coachs"],"yoast_head":"<!-- This site is optimized with the Yoast SEO plugin v27.4 - https:\/\/yoast.com\/product\/yoast-seo-wordpress\/ -->\n<title>Os transtornos da mem\u00f3ria frequentemente encontrados em fonoaudiologia: guia de manejo - DYNSEO - Aplica\u00e7\u00f5es educativas e jogos de mem\u00f3ria<\/title>\n<meta name=\"robots\" content=\"index, follow, max-snippet:-1, max-image-preview:large, max-video-preview:-1\" \/>\n<link rel=\"canonical\" href=\"https:\/\/www.dynseo.com\/pt-pt\/os-transtornos-da-memoria-frequentemente-encontrados-em-fonoaudiologia-guia-de-manejo\/\" \/>\n<meta property=\"og:locale\" content=\"pt_PT\" \/>\n<meta property=\"og:type\" content=\"article\" \/>\n<meta property=\"og:title\" content=\"Os transtornos da mem\u00f3ria frequentemente encontrados em fonoaudiologia: guia de manejo - DYNSEO - Aplica\u00e7\u00f5es educativas e jogos de mem\u00f3ria\" \/>\n<meta property=\"og:url\" content=\"https:\/\/www.dynseo.com\/pt-pt\/os-transtornos-da-memoria-frequentemente-encontrados-em-fonoaudiologia-guia-de-manejo\/\" \/>\n<meta property=\"og:site_name\" content=\"DYNSEO - Aplica\u00e7\u00f5es educativas e jogos de mem\u00f3ria\" \/>\n<meta property=\"article:published_time\" content=\"2026-04-25T19:39:13+00:00\" \/>\n<meta property=\"article:modified_time\" content=\"2026-04-25T19:43:14+00:00\" \/>\n<meta property=\"og:image\" content=\"https:\/\/www.dynseo.com\/wp-content\/uploads\/2025\/04\/DYNSEO-demande-de-PCH-avec-nos-programme-de-jeux-de-memoire4.png\" \/>\n\t<meta property=\"og:image:width\" content=\"1080\" \/>\n\t<meta property=\"og:image:height\" content=\"540\" \/>\n\t<meta property=\"og:image:type\" content=\"image\/png\" \/>\n<meta name=\"author\" content=\"DYNSEO\" \/>\n<meta name=\"twitter:label1\" content=\"Escrito por\" \/>\n\t<meta name=\"twitter:data1\" content=\"DYNSEO\" \/>\n\t<meta name=\"twitter:label2\" content=\"Tempo estimado de leitura\" \/>\n\t<meta name=\"twitter:data2\" content=\"18 minutos\" \/>\n<script type=\"application\/ld+json\" class=\"yoast-schema-graph\">{\"@context\":\"https:\\\/\\\/schema.org\",\"@graph\":[{\"@type\":\"Article\",\"@id\":\"https:\\\/\\\/www.dynseo.com\\\/pt-pt\\\/os-transtornos-da-memoria-frequentemente-encontrados-em-fonoaudiologia-guia-de-manejo\\\/#article\",\"isPartOf\":{\"@id\":\"https:\\\/\\\/www.dynseo.com\\\/pt-pt\\\/os-transtornos-da-memoria-frequentemente-encontrados-em-fonoaudiologia-guia-de-manejo\\\/\"},\"author\":{\"name\":\"DYNSEO\",\"@id\":\"https:\\\/\\\/www.dynseo.com\\\/pt-pt\\\/#\\\/schema\\\/person\\\/78ef63df2ee64e0989bc68f8401b38d6\"},\"headline\":\"Os transtornos da mem\u00f3ria frequentemente encontrados em fonoaudiologia: guia de manejo\",\"datePublished\":\"2026-04-25T19:39:13+00:00\",\"dateModified\":\"2026-04-25T19:43:14+00:00\",\"mainEntityOfPage\":{\"@id\":\"https:\\\/\\\/www.dynseo.com\\\/pt-pt\\\/os-transtornos-da-memoria-frequentemente-encontrados-em-fonoaudiologia-guia-de-manejo\\\/\"},\"wordCount\":3611,\"publisher\":{\"@id\":\"https:\\\/\\\/www.dynseo.com\\\/pt-pt\\\/#organization\"},\"image\":{\"@id\":\"https:\\\/\\\/www.dynseo.com\\\/pt-pt\\\/os-transtornos-da-memoria-frequentemente-encontrados-em-fonoaudiologia-guia-de-manejo\\\/#primaryimage\"},\"thumbnailUrl\":\"https:\\\/\\\/www.dynseo.com\\\/wp-content\\\/uploads\\\/2025\\\/04\\\/DYNSEO-demande-de-PCH-avec-nos-programme-de-jeux-de-memoire4.png\",\"articleSection\":[\"Les conseils des coachs\"],\"inLanguage\":\"pt-PT\"},{\"@type\":\"WebPage\",\"@id\":\"https:\\\/\\\/www.dynseo.com\\\/pt-pt\\\/os-transtornos-da-memoria-frequentemente-encontrados-em-fonoaudiologia-guia-de-manejo\\\/\",\"url\":\"https:\\\/\\\/www.dynseo.com\\\/pt-pt\\\/os-transtornos-da-memoria-frequentemente-encontrados-em-fonoaudiologia-guia-de-manejo\\\/\",\"name\":\"Os transtornos da mem\u00f3ria frequentemente encontrados em fonoaudiologia: guia de manejo - DYNSEO - Aplica\u00e7\u00f5es educativas e jogos de mem\u00f3ria\",\"isPartOf\":{\"@id\":\"https:\\\/\\\/www.dynseo.com\\\/pt-pt\\\/#website\"},\"primaryImageOfPage\":{\"@id\":\"https:\\\/\\\/www.dynseo.com\\\/pt-pt\\\/os-transtornos-da-memoria-frequentemente-encontrados-em-fonoaudiologia-guia-de-manejo\\\/#primaryimage\"},\"image\":{\"@id\":\"https:\\\/\\\/www.dynseo.com\\\/pt-pt\\\/os-transtornos-da-memoria-frequentemente-encontrados-em-fonoaudiologia-guia-de-manejo\\\/#primaryimage\"},\"thumbnailUrl\":\"https:\\\/\\\/www.dynseo.com\\\/wp-content\\\/uploads\\\/2025\\\/04\\\/DYNSEO-demande-de-PCH-avec-nos-programme-de-jeux-de-memoire4.png\",\"datePublished\":\"2026-04-25T19:39:13+00:00\",\"dateModified\":\"2026-04-25T19:43:14+00:00\",\"breadcrumb\":{\"@id\":\"https:\\\/\\\/www.dynseo.com\\\/pt-pt\\\/os-transtornos-da-memoria-frequentemente-encontrados-em-fonoaudiologia-guia-de-manejo\\\/#breadcrumb\"},\"inLanguage\":\"pt-PT\",\"potentialAction\":[{\"@type\":\"ReadAction\",\"target\":[\"https:\\\/\\\/www.dynseo.com\\\/pt-pt\\\/os-transtornos-da-memoria-frequentemente-encontrados-em-fonoaudiologia-guia-de-manejo\\\/\"]}]},{\"@type\":\"ImageObject\",\"inLanguage\":\"pt-PT\",\"@id\":\"https:\\\/\\\/www.dynseo.com\\\/pt-pt\\\/os-transtornos-da-memoria-frequentemente-encontrados-em-fonoaudiologia-guia-de-manejo\\\/#primaryimage\",\"url\":\"https:\\\/\\\/www.dynseo.com\\\/wp-content\\\/uploads\\\/2025\\\/04\\\/DYNSEO-demande-de-PCH-avec-nos-programme-de-jeux-de-memoire4.png\",\"contentUrl\":\"https:\\\/\\\/www.dynseo.com\\\/wp-content\\\/uploads\\\/2025\\\/04\\\/DYNSEO-demande-de-PCH-avec-nos-programme-de-jeux-de-memoire4.png\",\"width\":1080,\"height\":540,\"caption\":\"Estimula\u00e7\u00e3o mental constante \u00e9 fundamental para retardar o avan\u00e7o do Alzheimer\"},{\"@type\":\"BreadcrumbList\",\"@id\":\"https:\\\/\\\/www.dynseo.com\\\/pt-pt\\\/os-transtornos-da-memoria-frequentemente-encontrados-em-fonoaudiologia-guia-de-manejo\\\/#breadcrumb\",\"itemListElement\":[{\"@type\":\"ListItem\",\"position\":1,\"name\":\"Accueil\",\"item\":\"https:\\\/\\\/www.dynseo.com\\\/pt-pt\\\/\"},{\"@type\":\"ListItem\",\"position\":2,\"name\":\"Os transtornos da mem\u00f3ria frequentemente encontrados em fonoaudiologia: guia de manejo\"}]},{\"@type\":\"WebSite\",\"@id\":\"https:\\\/\\\/www.dynseo.com\\\/pt-pt\\\/#website\",\"url\":\"https:\\\/\\\/www.dynseo.com\\\/pt-pt\\\/\",\"name\":\"Jeux de m\u00e9moire et stimulation cognitive\",\"description\":\"Entra\u00eenez votre m\u00e9moire et votre cerveau avec DYNSEO\",\"publisher\":{\"@id\":\"https:\\\/\\\/www.dynseo.com\\\/pt-pt\\\/#organization\"},\"potentialAction\":[{\"@type\":\"SearchAction\",\"target\":{\"@type\":\"EntryPoint\",\"urlTemplate\":\"https:\\\/\\\/www.dynseo.com\\\/pt-pt\\\/?s={search_term_string}\"},\"query-input\":{\"@type\":\"PropertyValueSpecification\",\"valueRequired\":true,\"valueName\":\"search_term_string\"}}],\"inLanguage\":\"pt-PT\"},{\"@type\":\"Organization\",\"@id\":\"https:\\\/\\\/www.dynseo.com\\\/pt-pt\\\/#organization\",\"name\":\"DYNSEO\",\"url\":\"https:\\\/\\\/www.dynseo.com\\\/pt-pt\\\/\",\"logo\":{\"@type\":\"ImageObject\",\"inLanguage\":\"pt-PT\",\"@id\":\"https:\\\/\\\/www.dynseo.com\\\/pt-pt\\\/#\\\/schema\\\/logo\\\/image\\\/\",\"url\":\"https:\\\/\\\/www.dynseo.com\\\/wp-content\\\/uploads\\\/2022\\\/05\\\/logo-dynseo-new.png\",\"contentUrl\":\"https:\\\/\\\/www.dynseo.com\\\/wp-content\\\/uploads\\\/2022\\\/05\\\/logo-dynseo-new.png\",\"width\":5073,\"height\":1397,\"caption\":\"DYNSEO\"},\"image\":{\"@id\":\"https:\\\/\\\/www.dynseo.com\\\/pt-pt\\\/#\\\/schema\\\/logo\\\/image\\\/\"}},{\"@type\":\"Person\",\"@id\":\"https:\\\/\\\/www.dynseo.com\\\/pt-pt\\\/#\\\/schema\\\/person\\\/78ef63df2ee64e0989bc68f8401b38d6\",\"name\":\"DYNSEO\",\"url\":\"https:\\\/\\\/www.dynseo.com\\\/pt-pt\\\/author\\\/justine\\\/\"}]}<\/script>\n<!-- \/ Yoast SEO plugin. -->","yoast_head_json":{"title":"Os transtornos da mem\u00f3ria frequentemente encontrados em fonoaudiologia: guia de manejo - DYNSEO - Aplica\u00e7\u00f5es educativas e jogos de mem\u00f3ria","robots":{"index":"index","follow":"follow","max-snippet":"max-snippet:-1","max-image-preview":"max-image-preview:large","max-video-preview":"max-video-preview:-1"},"canonical":"https:\/\/www.dynseo.com\/pt-pt\/os-transtornos-da-memoria-frequentemente-encontrados-em-fonoaudiologia-guia-de-manejo\/","og_locale":"pt_PT","og_type":"article","og_title":"Os transtornos da mem\u00f3ria frequentemente encontrados em fonoaudiologia: guia de manejo - DYNSEO - Aplica\u00e7\u00f5es educativas e jogos de mem\u00f3ria","og_url":"https:\/\/www.dynseo.com\/pt-pt\/os-transtornos-da-memoria-frequentemente-encontrados-em-fonoaudiologia-guia-de-manejo\/","og_site_name":"DYNSEO - Aplica\u00e7\u00f5es educativas e jogos de mem\u00f3ria","article_published_time":"2026-04-25T19:39:13+00:00","article_modified_time":"2026-04-25T19:43:14+00:00","og_image":[{"width":1080,"height":540,"url":"https:\/\/www.dynseo.com\/wp-content\/uploads\/2025\/04\/DYNSEO-demande-de-PCH-avec-nos-programme-de-jeux-de-memoire4.png","type":"image\/png"}],"author":"DYNSEO","twitter_misc":{"Escrito por":"DYNSEO","Tempo estimado de leitura":"18 minutos"},"schema":{"@context":"https:\/\/schema.org","@graph":[{"@type":"Article","@id":"https:\/\/www.dynseo.com\/pt-pt\/os-transtornos-da-memoria-frequentemente-encontrados-em-fonoaudiologia-guia-de-manejo\/#article","isPartOf":{"@id":"https:\/\/www.dynseo.com\/pt-pt\/os-transtornos-da-memoria-frequentemente-encontrados-em-fonoaudiologia-guia-de-manejo\/"},"author":{"name":"DYNSEO","@id":"https:\/\/www.dynseo.com\/pt-pt\/#\/schema\/person\/78ef63df2ee64e0989bc68f8401b38d6"},"headline":"Os transtornos da mem\u00f3ria frequentemente encontrados em fonoaudiologia: guia de manejo","datePublished":"2026-04-25T19:39:13+00:00","dateModified":"2026-04-25T19:43:14+00:00","mainEntityOfPage":{"@id":"https:\/\/www.dynseo.com\/pt-pt\/os-transtornos-da-memoria-frequentemente-encontrados-em-fonoaudiologia-guia-de-manejo\/"},"wordCount":3611,"publisher":{"@id":"https:\/\/www.dynseo.com\/pt-pt\/#organization"},"image":{"@id":"https:\/\/www.dynseo.com\/pt-pt\/os-transtornos-da-memoria-frequentemente-encontrados-em-fonoaudiologia-guia-de-manejo\/#primaryimage"},"thumbnailUrl":"https:\/\/www.dynseo.com\/wp-content\/uploads\/2025\/04\/DYNSEO-demande-de-PCH-avec-nos-programme-de-jeux-de-memoire4.png","articleSection":["Les conseils des coachs"],"inLanguage":"pt-PT"},{"@type":"WebPage","@id":"https:\/\/www.dynseo.com\/pt-pt\/os-transtornos-da-memoria-frequentemente-encontrados-em-fonoaudiologia-guia-de-manejo\/","url":"https:\/\/www.dynseo.com\/pt-pt\/os-transtornos-da-memoria-frequentemente-encontrados-em-fonoaudiologia-guia-de-manejo\/","name":"Os transtornos da mem\u00f3ria frequentemente encontrados em fonoaudiologia: guia de manejo - DYNSEO - Aplica\u00e7\u00f5es educativas e jogos de mem\u00f3ria","isPartOf":{"@id":"https:\/\/www.dynseo.com\/pt-pt\/#website"},"primaryImageOfPage":{"@id":"https:\/\/www.dynseo.com\/pt-pt\/os-transtornos-da-memoria-frequentemente-encontrados-em-fonoaudiologia-guia-de-manejo\/#primaryimage"},"image":{"@id":"https:\/\/www.dynseo.com\/pt-pt\/os-transtornos-da-memoria-frequentemente-encontrados-em-fonoaudiologia-guia-de-manejo\/#primaryimage"},"thumbnailUrl":"https:\/\/www.dynseo.com\/wp-content\/uploads\/2025\/04\/DYNSEO-demande-de-PCH-avec-nos-programme-de-jeux-de-memoire4.png","datePublished":"2026-04-25T19:39:13+00:00","dateModified":"2026-04-25T19:43:14+00:00","breadcrumb":{"@id":"https:\/\/www.dynseo.com\/pt-pt\/os-transtornos-da-memoria-frequentemente-encontrados-em-fonoaudiologia-guia-de-manejo\/#breadcrumb"},"inLanguage":"pt-PT","potentialAction":[{"@type":"ReadAction","target":["https:\/\/www.dynseo.com\/pt-pt\/os-transtornos-da-memoria-frequentemente-encontrados-em-fonoaudiologia-guia-de-manejo\/"]}]},{"@type":"ImageObject","inLanguage":"pt-PT","@id":"https:\/\/www.dynseo.com\/pt-pt\/os-transtornos-da-memoria-frequentemente-encontrados-em-fonoaudiologia-guia-de-manejo\/#primaryimage","url":"https:\/\/www.dynseo.com\/wp-content\/uploads\/2025\/04\/DYNSEO-demande-de-PCH-avec-nos-programme-de-jeux-de-memoire4.png","contentUrl":"https:\/\/www.dynseo.com\/wp-content\/uploads\/2025\/04\/DYNSEO-demande-de-PCH-avec-nos-programme-de-jeux-de-memoire4.png","width":1080,"height":540,"caption":"Estimula\u00e7\u00e3o mental constante \u00e9 fundamental para retardar o avan\u00e7o do Alzheimer"},{"@type":"BreadcrumbList","@id":"https:\/\/www.dynseo.com\/pt-pt\/os-transtornos-da-memoria-frequentemente-encontrados-em-fonoaudiologia-guia-de-manejo\/#breadcrumb","itemListElement":[{"@type":"ListItem","position":1,"name":"Accueil","item":"https:\/\/www.dynseo.com\/pt-pt\/"},{"@type":"ListItem","position":2,"name":"Os transtornos da mem\u00f3ria frequentemente encontrados em fonoaudiologia: guia de manejo"}]},{"@type":"WebSite","@id":"https:\/\/www.dynseo.com\/pt-pt\/#website","url":"https:\/\/www.dynseo.com\/pt-pt\/","name":"Jeux de m\u00e9moire et stimulation cognitive","description":"Entra\u00eenez votre m\u00e9moire et votre cerveau avec DYNSEO","publisher":{"@id":"https:\/\/www.dynseo.com\/pt-pt\/#organization"},"potentialAction":[{"@type":"SearchAction","target":{"@type":"EntryPoint","urlTemplate":"https:\/\/www.dynseo.com\/pt-pt\/?s={search_term_string}"},"query-input":{"@type":"PropertyValueSpecification","valueRequired":true,"valueName":"search_term_string"}}],"inLanguage":"pt-PT"},{"@type":"Organization","@id":"https:\/\/www.dynseo.com\/pt-pt\/#organization","name":"DYNSEO","url":"https:\/\/www.dynseo.com\/pt-pt\/","logo":{"@type":"ImageObject","inLanguage":"pt-PT","@id":"https:\/\/www.dynseo.com\/pt-pt\/#\/schema\/logo\/image\/","url":"https:\/\/www.dynseo.com\/wp-content\/uploads\/2022\/05\/logo-dynseo-new.png","contentUrl":"https:\/\/www.dynseo.com\/wp-content\/uploads\/2022\/05\/logo-dynseo-new.png","width":5073,"height":1397,"caption":"DYNSEO"},"image":{"@id":"https:\/\/www.dynseo.com\/pt-pt\/#\/schema\/logo\/image\/"}},{"@type":"Person","@id":"https:\/\/www.dynseo.com\/pt-pt\/#\/schema\/person\/78ef63df2ee64e0989bc68f8401b38d6","name":"DYNSEO","url":"https:\/\/www.dynseo.com\/pt-pt\/author\/justine\/"}]}},"_links":{"self":[{"href":"https:\/\/www.dynseo.com\/pt-pt\/wp-json\/wp\/v2\/posts\/559345","targetHints":{"allow":["GET"]}}],"collection":[{"href":"https:\/\/www.dynseo.com\/pt-pt\/wp-json\/wp\/v2\/posts"}],"about":[{"href":"https:\/\/www.dynseo.com\/pt-pt\/wp-json\/wp\/v2\/types\/post"}],"author":[{"embeddable":true,"href":"https:\/\/www.dynseo.com\/pt-pt\/wp-json\/wp\/v2\/users\/4"}],"replies":[{"embeddable":true,"href":"https:\/\/www.dynseo.com\/pt-pt\/wp-json\/wp\/v2\/comments?post=559345"}],"version-history":[{"count":13,"href":"https:\/\/www.dynseo.com\/pt-pt\/wp-json\/wp\/v2\/posts\/559345\/revisions"}],"predecessor-version":[{"id":559358,"href":"https:\/\/www.dynseo.com\/pt-pt\/wp-json\/wp\/v2\/posts\/559345\/revisions\/559358"}],"wp:featuredmedia":[{"embeddable":true,"href":"https:\/\/www.dynseo.com\/pt-pt\/wp-json\/wp\/v2\/media\/150367"}],"wp:attachment":[{"href":"https:\/\/www.dynseo.com\/pt-pt\/wp-json\/wp\/v2\/media?parent=559345"}],"wp:term":[{"taxonomy":"category","embeddable":true,"href":"https:\/\/www.dynseo.com\/pt-pt\/wp-json\/wp\/v2\/categories?post=559345"},{"taxonomy":"post_tag","embeddable":true,"href":"https:\/\/www.dynseo.com\/pt-pt\/wp-json\/wp\/v2\/tags?post=559345"}],"curies":[{"name":"wp","href":"https:\/\/api.w.org\/{rel}","templated":true}]}}