{"id":560571,"date":"2026-04-26T03:40:20","date_gmt":"2026-04-26T01:40:20","guid":{"rendered":"https:\/\/www.dynseo.com\/les-meilleures-techniques-pour-enseigner-a-un-eleve-dysphasique-2\/"},"modified":"2026-04-26T03:44:14","modified_gmt":"2026-04-26T01:44:14","slug":"les-meilleures-techniques-pour-enseigner-a-un-eleve-dysphasique-2","status":"publish","type":"post","link":"https:\/\/www.dynseo.com\/pt-pt\/les-meilleures-techniques-pour-enseigner-a-un-eleve-dysphasique-2\/","title":{"rendered":"Les meilleures techniques pour enseigner \u00e0 un \u00e9l\u00e8ve dysphasique"},"content":{"rendered":"<p>[et_pb_section fb_built=&#8221;1&#8243; _builder_version=&#8221;4.16&#8243; custom_padding=&#8221;0px|0px|0px|0px|false|false&#8221; margin_top=&#8221;0px&#8221; margin_bottom=&#8221;0px&#8221; global_colors_info=&#8221;{}&#8221;][et_pb_row _builder_version=&#8221;4.16&#8243; custom_padding=&#8221;0px|0px|0px|0px|false|false&#8221; margin_top=&#8221;0px&#8221; margin_bottom=&#8221;0px&#8221; column_structure=&#8221;4_4&#8243; global_colors_info=&#8221;{}&#8221;][et_pb_column type=&#8221;4_4&#8243; _builder_version=&#8221;4.16&#8243; custom_padding=&#8221;0px|0px|0px|0px|false|false&#8221; global_colors_info=&#8221;{}&#8221;][et_pb_code _builder_version=&#8221;4.16&#8243; custom_padding=&#8221;0px|0px|0px|0px|false|false&#8221; global_colors_info=&#8221;{}&#8221;]<!DOCTYPE html><br \/>\n<html lang=\"fr\"><br \/>\n<head><br \/>\n    <meta charset=\"UTF-8\"><br \/>\n    <meta name=\"viewport\" content=\"width=device-width, initial-scale=1.0\"><br \/>\n    <title>Les meilleures techniques pour enseigner \u00e0 un \u00e9l\u00e8ve dysphasique | Guide DYNSEO<\/title><br \/>\n    <meta name=\"description\" content=\"D\u00e9couvrez les techniques p\u00e9dagogiques expertes pour accompagner efficacement les \u00e9l\u00e8ves dysphasiques. Guide complet avec outils pratiques et adaptations.\">\n    <link rel=\"preconnect\" href=\"https:\/\/fonts.googleapis.com\">\n    <link rel=\"preconnect\" href=\"https:\/\/fonts.gstatic.com\" crossorigin>\n    <link href=\"https:\/\/fonts.googleapis.com\/css2?family=Montserrat:wght@400;600;700;800&#038;family=Poppins:wght@300;400;500;600;700&#038;display=swap\" rel=\"stylesheet\">\n<style>\n        :root {\n            --primary-blue: #5e5ed7;\n            --primary-blue-dark: #5268c9;\n            --primary-teal: #a9e2e4;\n            --primary-yellow: #ffeca7;\n            --primary-pink: #e73469;\n            --text-dark: #2c3e50;\n            --text-light: #6c757d;\n            --bg-light: #f8f9fa;\n            --white: #ffffff;\n            --font-heading: 'Montserrat', sans-serif;\n            --font-body: 'Poppins', sans-serif;\n        }<\/p>\n<p>        * {\n            margin: 0;\n            padding: 0;\n            box-sizing: border-box;\n        }<\/p>\n<p>        body {\n            font-family: var(--font-body);\n            line-height: 1.6;\n            color: var(--text-dark);\n            overflow-x: hidden;\n        }<\/p>\n<p>        .article-hero {\n            background: linear-gradient(135deg, var(--primary-blue) 0%, var(--primary-blue-dark) 100%);\n            color: white;\n            position: relative;\n            padding: 2rem 0 8rem;\n            margin-bottom: 4rem;\n        }<\/p>\n<p>        .article-hero-inner {\n            max-width: 1200px;\n            margin: 0 auto;\n            padding: 0 2rem;\n        }<\/p>\n<p>        .article-breadcrumb {\n            font-size: 0.9rem;\n            margin-bottom: 1rem;\n            opacity: 0.9;\n        }<\/p>\n<p>        .article-breadcrumb a {\n            color: white;\n            text-decoration: none;\n            margin-right: 0.5rem;\n        }<\/p>\n<p>        .article-category {\n            display: inline-block;\n            background: var(--primary-pink);\n            color: white;\n            padding: 0.4rem 0.8rem;\n            border-radius: 20px;\n            font-size: 0.85rem;\n            font-weight: 600;\n            margin-bottom: 2rem;\n        }<\/p>\n<p>        .article-hero h1 {\n            font-family: var(--font-heading);\n            font-size: 3rem;\n            font-weight: 800;\n            line-height: 1.2;\n            margin-bottom: 1.5rem;\n        }<\/p>\n<p>        .hl {\n            background: linear-gradient(90deg, var(--primary-yellow), var(--primary-teal));\n            -webkit-background-clip: text;\n            -webkit-text-fill-color: transparent;\n            background-clip: text;\n        }<\/p>\n<p>        .article-meta {\n            display: flex;\n            gap: 2rem;\n            margin-bottom: 2rem;\n            font-size: 0.9rem;\n        }<\/p>\n<p>        .article-meta span {\n            display: flex;\n            align-items: center;\n            gap: 0.5rem;\n        }<\/p>\n<p>        .article-hero-curve {\n            position: absolute;\n            bottom: 0;\n            left: 0;\n            width: 100%;\n            height: 80px;\n            background: white;\n            clip-path: ellipse(100% 100% at 50% 100%);\n        }<\/p>\n<p>        .container {\n            max-width: 1200px;\n            margin: 0 auto;\n            padding: 0 2rem;\n        }<\/p>\n<p>        .article-body {\n            padding: 2rem 0;\n        }<\/p>\n<p>        .intro-block {\n            background: var(--bg-light);\n            padding: 3rem;\n            border-radius: 20px;\n            margin-bottom: 4rem;\n            font-size: 1.1rem;\n            line-height: 1.8;\n        }<\/p>\n<p>        .stats-grid {\n            display: grid;\n            grid-template-columns: repeat(auto-fit, minmax(250px, 1fr));\n            gap: 2rem;\n            margin-bottom: 4rem;\n        }<\/p>\n<p>        .stat-card {\n            background: white;\n            padding: 2rem;\n            border-radius: 15px;\n            text-align: center;\n            box-shadow: 0 10px 30px rgba(0,0,0,0.1);\n            transition: transform 0.3s ease;\n        }<\/p>\n<p>        .stat-card:hover {\n            transform: translateY(-5px);\n        }<\/p>\n<p>        .stat-card .number {\n            font-size: 3rem;\n            font-weight: 800;\n            color: var(--primary-blue);\n            font-family: var(--font-heading);\n            display: block;\n            margin-bottom: 0.5rem;\n        }<\/p>\n<p>        .stat-card .label {\n            font-weight: 600;\n            color: var(--text-dark);\n            font-size: 1.1rem;\n        }<\/p>\n<p>        .article-body h2 {\n            font-family: var(--font-heading);\n            font-size: 2.2rem;\n            font-weight: 700;\n            color: var(--primary-blue);\n            margin: 3rem 0 1.5rem;\n            border-left: 5px solid var(--primary-blue);\n            padding-left: 1rem;\n        }<\/p>\n<p>        .article-body h3 {\n            font-family: var(--font-heading);\n            font-size: 1.6rem;\n            font-weight: 600;\n            color: var(--primary-blue-dark);\n            margin: 2rem 0 1rem;\n        }<\/p>\n<p>        .article-body h4 {\n            font-family: var(--font-heading);\n            font-size: 1.3rem;\n            font-weight: 600;\n            color: var(--text-dark);\n            margin: 1.5rem 0 0.8rem;\n        }<\/p>\n<p>        .article-body p {\n            margin-bottom: 1.5rem;\n            font-size: 1.05rem;\n            line-height: 1.7;\n        }<\/p>\n<p>        .article-body ul, .article-body ol {\n            margin-bottom: 1.5rem;\n            padding-left: 2rem;\n        }<\/p>\n<p>        .article-body li {\n            margin-bottom: 0.8rem;\n            font-size: 1.05rem;\n            line-height: 1.6;\n        }<\/p>\n<p>        .conseil-card {\n            background: linear-gradient(135deg, var(--primary-teal), #7dd3f8);\n            padding: 2rem;\n            border-radius: 15px;\n            margin: 2rem 0;\n            color: var(--text-dark);\n            position: relative;\n            overflow: hidden;\n        }<\/p>\n<p>        .conseil-card::before {\n            content: \"\ud83d\udca1\";\n            position: absolute;\n            top: 1rem;\n            right: 1rem;\n            font-size: 2rem;\n            opacity: 0.7;\n        }<\/p>\n<p>        .conseil-card h4 {\n            color: var(--primary-blue-dark);\n            margin-bottom: 1rem;\n            font-weight: 700;\n        }<\/p>\n<p>        .key-points {\n            background: var(--bg-light);\n            padding: 2rem;\n            border-radius: 15px;\n            margin: 2rem 0;\n            border-left: 5px solid var(--primary-blue);\n        }<\/p>\n<p>        .key-points h4 {\n            color: var(--primary-blue);\n            margin-bottom: 1rem;\n            display: flex;\n            align-items: center;\n            gap: 0.5rem;\n        }<\/p>\n<p>        .key-points h4::before {\n            content: \"\ud83c\udfaf\";\n            font-size: 1.2rem;\n        }<\/p>\n<p>        .tip-box {\n            background: linear-gradient(135deg, var(--primary-yellow), #ffd93d);\n            padding: 1.5rem;\n            border-radius: 10px;\n            margin: 2rem 0;\n            border-left: 4px solid var(--primary-pink);\n        }<\/p>\n<p>        .tip-box-label {\n            font-weight: 700;\n            color: var(--primary-blue-dark);\n            margin-bottom: 0.5rem;\n            display: block;\n        }<\/p>\n<p>        .expert-box {\n            background: white;\n            border: 2px solid var(--primary-blue);\n            border-radius: 15px;\n            padding: 2rem;\n            margin: 2rem 0;\n            position: relative;\n        }<\/p>\n<p>        .expert-box-label {\n            position: absolute;\n            top: -12px;\n            left: 2rem;\n            background: var(--primary-blue);\n            color: white;\n            padding: 0.3rem 1rem;\n            border-radius: 20px;\n            font-size: 0.9rem;\n            font-weight: 600;\n        }<\/p>\n<p>        .expert-box-title {\n            color: var(--primary-blue);\n            font-weight: 700;\n            margin-bottom: 1rem;\n            font-size: 1.2rem;\n        }<\/p>\n<p>        .expert-inner {\n            background: var(--bg-light);\n            padding: 1.5rem;\n            border-radius: 10px;\n            margin-top: 1rem;\n        }<\/p>\n<p>        .expert-inner-title {\n            font-weight: 600;\n            color: var(--primary-blue-dark);\n            margin-bottom: 0.8rem;\n        }<\/p>\n<p>        .faq-list {\n            margin: 3rem 0;\n        }<\/p>\n<p>        .faq-item {\n            background: white;\n            border: 1px solid #e9ecef;\n            border-radius: 10px;\n            margin-bottom: 1rem;\n            overflow: hidden;\n            transition: box-shadow 0.3s ease;\n        }<\/p>\n<p>        .faq-item:hover {\n            box-shadow: 0 5px 15px rgba(0,0,0,0.1);\n        }<\/p>\n<p>        .faq-q {\n            padding: 1.5rem;\n            cursor: pointer;\n            display: flex;\n            justify-content: space-between;\n            align-items: center;\n            font-weight: 600;\n            color: var(--primary-blue);\n            transition: background-color 0.3s ease;\n        }<\/p>\n<p>        .faq-q:hover {\n            background-color: var(--bg-light);\n        }<\/p>\n<p>        .faq-icon {\n            font-size: 1.5rem;\n            font-weight: bold;\n            color: var(--primary-blue);\n            transition: transform 0.3s ease;\n        }<\/p>\n<p>        .faq-item.open .faq-icon {\n            transform: rotate(45deg);\n        }<\/p>\n<p>        .faq-a {\n            padding: 0 1.5rem;\n            max-height: 0;\n            overflow: hidden;\n            transition: all 0.3s ease;\n            background-color: var(--bg-light);\n        }<\/p>\n<p>        .faq-item.open .faq-a {\n            padding: 1.5rem;\n            max-height: 1000px;\n        }<\/p>\n<p>        .cta-box {\n            background: linear-gradient(135deg, var(--primary-blue), var(--primary-blue-dark));\n            color: white;\n            padding: 3rem;\n            border-radius: 20px;\n            text-align: center;\n            margin: 4rem 0;\n        }<\/p>\n<p>        .cta-box h3 {\n            color: white;\n            margin-bottom: 1rem;\n        }<\/p>\n<p>        .cta-buttons {\n            margin-top: 2rem;\n            display: flex;\n            gap: 1rem;\n            justify-content: center;\n            flex-wrap: wrap;\n        }<\/p>\n<p>        .btn-white {\n            background: white;\n            color: var(--primary-blue);\n            padding: 1rem 2rem;\n            border: none;\n            border-radius: 50px;\n            font-weight: 600;\n            text-decoration: none;\n            display: inline-block;\n            transition: transform 0.3s ease;\n        }<\/p>\n<p>        .btn-white:hover {\n            transform: translateY(-2px);\n            box-shadow: 0 10px 20px rgba(0,0,0,0.2);\n        }<\/p>\n<p>        .btn-outline {\n            background: transparent;\n            color: white;\n            padding: 1rem 2rem;\n            border: 2px solid white;\n            border-radius: 50px;\n            font-weight: 600;\n            text-decoration: none;\n            display: inline-block;\n            transition: all 0.3s ease;\n        }<\/p>\n<p>        .btn-outline:hover {\n            background: white;\n            color: var(--primary-blue);\n            transform: translateY(-2px);\n        }<\/p>\n<p>        .article-tags {\n            margin-top: 3rem;\n            padding-top: 2rem;\n            border-top: 1px solid #e9ecef;\n        }<\/p>\n<p>        .article-tag {\n            display: inline-block;\n            background: var(--bg-light);\n            color: var(--text-dark);\n            padding: 0.5rem 1rem;\n            border-radius: 20px;\n            margin: 0.5rem 0.5rem 0.5rem 0;\n            text-decoration: none;\n            font-size: 0.9rem;\n            transition: all 0.3s ease;\n        }<\/p>\n<p>        .article-tag:hover {\n            background: var(--primary-blue);\n            color: white;\n        }<\/p>\n<p>        @media (max-width: 768px) {\n            .article-hero h1 {\n                font-size: 2rem;\n            }<\/p>\n<p>            .article-hero-inner {\n                padding: 0 1rem;\n            }<\/p>\n<p>            .container {\n                padding: 0 1rem;\n            }<\/p>\n<p>            .intro-block {\n                padding: 2rem;\n            }<\/p>\n<p>            .stats-grid {\n                grid-template-columns: 1fr;\n            }<\/p>\n<p>            .article-meta {\n                flex-direction: column;\n                gap: 0.5rem;\n            }<\/p>\n<p>            .cta-buttons {\n                flex-direction: column;\n                align-items: center;\n            }\n        }<\/p>\n<p>        .rating-stars {\n            color: var(--primary-yellow);\n            margin-top: 1rem;\n            display: flex;\n            align-items: center;\n            gap: 0.5rem;\n        }\n    <\/style>\n<p><\/head><br \/>\n<body><\/p>\n<section class=\"article-hero\">\n<div class=\"article-hero-inner\">\n<div class=\"article-breadcrumb\">\n                <a href=\"#\">In\u00edcio<\/a> > <a href=\"#\">Pedagogia<\/a> > <a href=\"#\">Dist\u00farbios da linguagem<\/a> > Ensinar a um aluno disfasico\n            <\/div>\n<div class=\"article-category\">Pedagogia adaptada<\/div>\n<h1>As melhores t\u00e9cnicas para <span class=\"hl\">ensinar a um aluno disfasico<\/span><\/h1>\n<div class=\"article-meta\">\n                <span>\ud83d\udcc5 Abril 2026<\/span><br \/>\n                <span>\u23f1\ufe0f 25 min de leitura<\/span><br \/>\n                <span>\ud83d\udc65 Professores &#038; Educadores<\/span>\n            <\/div>\n<div class=\"rating-stars\">\n                <span>\u2b50\u2b50\u2b50\u2b50\u2b50<\/span><br \/>\n                <span>4.8\/5 (234 avalia\u00e7\u00f5es)<\/span>\n            <\/div>\n<\/p><\/div>\n<div class=\"article-hero-curve\"><\/div>\n<\/section>\n<div class=\"article-body\">\n<div class=\"container\">\n<div class=\"intro-block\">\n                <pee>A disfasia representa um dos desafios pedag\u00f3gicos mais complexos enfrentados pelos professores hoje. Esse dist\u00farbio da linguagem, que afeta entre 2 e 3% da popula\u00e7\u00e3o escolar, necessita de uma abordagem pedag\u00f3gica especializada e adaptada. Ao contr\u00e1rio do que se pensa, a disfasia n\u00e3o est\u00e1 relacionada a um d\u00e9ficit intelectual, mas constitui um dist\u00farbio espec\u00edfico do desenvolvimento da linguagem oral que impacta significativamente os aprendizados escolares.<\/pee>\n<pee>O acompanhamento bem-sucedido de um aluno disl\u00e9xico depende da implementa\u00e7\u00e3o de estrat\u00e9gias pedag\u00f3gicas inovadoras, da utiliza\u00e7\u00e3o de ferramentas tecnol\u00f3gicas adequadas como <a href=\"https:\/\/www.dynseo.com\/pt-pt\/coco-pensa-e-coco-se-mexe\/\">COCO PENSA e COCO SE MEXE<\/a>, e de uma colabora\u00e7\u00e3o estreita entre todos os atores educacionais. Este guia completo lhe propor\u00e1 t\u00e9cnicas comprovadas, adapta\u00e7\u00f5es concretas e recursos pr\u00e1ticos para transformar sua sala de aula em um ambiente de aprendizagem inclusivo e estimulante.<\/pee>\n<pee>Cada aluno disl\u00e9xico apresenta um perfil \u00fanico que requer a individualiza\u00e7\u00e3o das abordagens pedag\u00f3gicas. As pesquisas recentes em neuroplasticidade demonstram que interven\u00e7\u00f5es direcionadas e precoces podem melhorar consideravelmente as habilidades lingu\u00edsticas e o desempenho escolar dessas crian\u00e7as. Nossa expertise na DYNSEO nos permite apoi\u00e1-lo nessa abordagem de adapta\u00e7\u00e3o pedag\u00f3gica.<\/pee>\n<pee>Al\u00e9m das t\u00e9cnicas especializadas, este guia tamb\u00e9m aborda os aspectos legislativos, as modalidades de avalia\u00e7\u00e3o adequadas e as perspectivas futuras para a inclus\u00e3o escolar. O objetivo \u00e9 fornecer todas as ferramentas necess\u00e1rias para fazer de sua sala de aula um espa\u00e7o onde cada aluno disl\u00e9xico possa florescer e ter sucesso em sua escolaridade.<\/pee>\n<pee>Os depoimentos de professores experientes, os estudos de caso detalhados e os recursos complementares enriquecer\u00e3o sua compreens\u00e3o e sua pr\u00e1tica di\u00e1ria. Juntos, vamos construir uma escola mais inclusiva e acolhedora para todos os nossos alunos.<\/pee>\n            <\/div>\n<div class=\"stats-grid\">\n<div class=\"stat-card\">\n                    <span class=\"number\">2-3%<\/span><br \/>\n                    <span class=\"label\">dos alunos afetados pela disfasia<\/span>\n                <\/div>\n<div class=\"stat-card\">\n                    <span class=\"number\">85%<\/span><br \/>\n                    <span class=\"label\">de melhoria com adapta\u00e7\u00f5es<\/span>\n                <\/div>\n<div class=\"stat-card\">\n                    <span class=\"number\">12<\/span><br \/>\n                    <span class=\"label\">t\u00e9cnicas pedag\u00f3gicas especializadas<\/span>\n                <\/div>\n<div class=\"stat-card\">\n                    <span class=\"number\">95%<\/span><br \/>\n                    <span class=\"label\">de satisfa\u00e7\u00e3o professores<\/span>\n                <\/div>\n<\/p><\/div>\n<h2>1. Compreender a disfasia: defini\u00e7\u00e3o e manifesta\u00e7\u00f5es<\/h2>\n<pee>A disfasia, tamb\u00e9m chamada de dist\u00farbio do desenvolvimento da linguagem (DDL), constitui um dist\u00farbio neurodesenvolvimental persistente que afeta a aquisi\u00e7\u00e3o, a compreens\u00e3o e a express\u00e3o da linguagem oral. Ao contr\u00e1rio de um simples atraso de linguagem transit\u00f3rio, a disfasia se caracteriza por dificuldades duradouras que impactam significativamente a comunica\u00e7\u00e3o e os aprendizados escolares.<\/pee>\n<pee>As manifesta\u00e7\u00f5es da disfasia variam consideravelmente de uma crian\u00e7a para outra, mas geralmente observam-se dificuldades em v\u00e1rios dom\u00ednios lingu\u00edsticos: a fonologia (organiza\u00e7\u00e3o dos sons), a morfossintaxe (estrutura gramatical), o l\u00e9xico (vocabul\u00e1rio) e a pragm\u00e1tica (uso social da linguagem). Esses dist\u00farbios podem ser acompanhados de dificuldades na compreens\u00e3o de instru\u00e7\u00f5es complexas, na organiza\u00e7\u00e3o do discurso e na memoriza\u00e7\u00e3o de sequ\u00eancias verbais.<\/pee>\n<pee>\u00c9 crucial distinguir a disfasia de outros dist\u00farbios que podem apresentar sintomas semelhantes. Ao contr\u00e1rio do transtorno do espectro autista, a disfasia n\u00e3o afeta as compet\u00eancias sociais n\u00e3o-verbais. Ela tamb\u00e9m se diferencia da defici\u00eancia intelectual pela preserva\u00e7\u00e3o das capacidades cognitivas n\u00e3o-verbais. Essa distin\u00e7\u00e3o diagn\u00f3stica \u00e9 essencial para propor adapta\u00e7\u00f5es pedag\u00f3gicas apropriadas.<\/pee>\n<div class=\"conseil-card\">\n<h4>Conselho de especialista DYNSEO<\/h4>\n<pee>A observa\u00e7\u00e3o atenta das intera\u00e7\u00f5es em sala de aula permite identificar os sinais de alerta: dificuldades em seguir as instru\u00e7\u00f5es orais, express\u00f5es simplificadas, evita\u00e7\u00e3o de falar, compensa\u00e7\u00e3o por gestos ou desenhos. Um caderno de observa\u00e7\u00f5es compartilhado entre a equipe educativa facilita a identifica\u00e7\u00e3o precoce e a adapta\u00e7\u00e3o das estrat\u00e9gias.<\/pee>\n            <\/div>\n<div class=\"key-points\">\n<h4>Pontos-chave a reter<\/h4>\n<ul>\n<li>A disfasia afeta de 2 a 3% das crian\u00e7as em idade escolar, com predomin\u00e2ncia masculina<\/li>\n<li>Os dist\u00farbios persistem na idade adulta, mas podem ser consideravelmente melhorados por interven\u00e7\u00f5es adequadas<\/li>\n<li>O diagn\u00f3stico diferencial requer uma avalia\u00e7\u00e3o multidisciplinar incluindo fonoaudi\u00f3logo, neuropsic\u00f3logo e m\u00e9dico<\/li>\n<li>A precocidade da identifica\u00e7\u00e3o e da interven\u00e7\u00e3o condiciona amplamente o sucesso escolar e social<\/li>\n<\/ul><\/div>\n<div class=\"tip-box\">\n                <span class=\"tip-box-label\">Dica pr\u00e1tica<\/span><br \/>\n                Crie um &#8220;dicion\u00e1rio visual&#8221; personalizado para cada aluno disl\u00e9xico, associando palavras-chave do programa escolar e suportes visuais. Esta ferramenta evolutiva facilita a memoriza\u00e7\u00e3o e a express\u00e3o oral.\n            <\/div>\n<h2>2. Neurobiologia e mecanismos da dislexia<\/h2>\n<pee>Os avan\u00e7os em neuroimagem enriqueceram consideravelmente nossa compreens\u00e3o dos mecanismos neurobiol\u00f3gicos subjacentes \u00e0 dislexia. Os estudos mostram particularidades anat\u00f4micas e funcionais nas regi\u00f5es cerebrais dedicadas \u00e0 linguagem, notavelmente a \u00e1rea de Broca (produ\u00e7\u00e3o) e a \u00e1rea de Wernicke (compreens\u00e3o), assim como nos circuitos de conex\u00e3o entre essas regi\u00f5es.<\/pee>\n<pee>A dislexia resulta de uma combina\u00e7\u00e3o de fatores gen\u00e9ticos e ambientais que perturbam o desenvolvimento normal das redes neuronais lingu\u00edsticas. Pesquisas recentes identificam v\u00e1rios genes candidatos envolvidos nesse transtorno, explicando a componente heredit\u00e1ria observada em muitas fam\u00edlias. No entanto, a express\u00e3o dessas predisposi\u00e7\u00f5es gen\u00e9ticas pode ser modulada pelo ambiente lingu\u00edstico e educacional.<\/pee>\n<pee>A neuroplasticidade cerebral oferece uma esperan\u00e7a consider\u00e1vel para a reabilita\u00e7\u00e3o e a adapta\u00e7\u00e3o pedag\u00f3gica. O c\u00e9rebro da crian\u00e7a disl\u00e9xica conserva uma capacidade not\u00e1vel de desenvolver circuitos alternativos e otimizar as regi\u00f5es preservadas. Essa plasticidade justifica a import\u00e2ncia de interven\u00e7\u00f5es precoces e intensivas, assim como a utiliza\u00e7\u00e3o de ferramentas tecnol\u00f3gicas como <a href=\"https:\/\/www.dynseo.com\/pt-pt\/coco-pensa-e-coco-se-mexe\/\">COCO PENSA e COCO SE MEXE<\/a> que estimulam esses processos adaptativos.<\/pee>\n<div class=\"expert-box\">\n                <span class=\"expert-box-label\">Especializa\u00e7\u00e3o neurol\u00f3gica<\/span><\/p>\n<div class=\"expert-box-title\">Mecanismos compensat\u00f3rios na dislexia<\/div>\n<pee>As crian\u00e7as disl\u00e9xicas desenvolvem naturalmente estrat\u00e9gias de compensa\u00e7\u00e3o que merecem ser encorajadas e otimizadas em sala de aula. O uso preferencial do hemisf\u00e9rio direito para certas tarefas lingu\u00edsticas, o recurso a \u00edndices visuais e contextuais, e a ativa\u00e7\u00e3o de circuitos fronto-parietais para a mem\u00f3ria de trabalho constituem recursos a serem explorados pedagogicamente.<\/pee>\n<div class=\"expert-inner\">\n<div class=\"expert-inner-title\">Aplica\u00e7\u00f5es pedag\u00f3gicas diretas<\/div>\n<pee>Essa compreens\u00e3o neurobiol\u00f3gica orienta as escolhas pedag\u00f3gicas: privilegiar os suportes multissensoriais, respeitar os tempos de processamento prolongados, utilizar a repeti\u00e7\u00e3o espa\u00e7ada para consolidar os circuitos neuronais e propor atividades que solicitem as capacidades preservadas enquanto estimulam as \u00e1reas deficit\u00e1rias.<\/pee>\n                <\/div>\n<\/p><\/div>\n<div class=\"key-points\">\n<h4>Implica\u00e7\u00f5es pedag\u00f3gicas das descobertas neurocient\u00edficas<\/h4>\n<ul>\n<li>Os tempos de processamento da informa\u00e7\u00e3o verbal s\u00e3o prolongados, necessitando de pausas e repeti\u00e7\u00f5es<\/li>\n<li>A mem\u00f3ria de trabalho verbal \u00e9 limitada, justificando a decomposi\u00e7\u00e3o das tarefas complexas<\/li>\n<li>As capacidades visuoespaciais s\u00e3o frequentemente preservadas e constituem um grande trunfo pedag\u00f3gico<\/li>\n<li>A motiva\u00e7\u00e3o e a autoestima influenciam diretamente a ativa\u00e7\u00e3o dos circuitos de aprendizagem<\/li>\n<\/ul><\/div>\n<h2>3. Resumo das melhores pr\u00e1ticas pedag\u00f3gicas<\/h2>\n<pee>Acompanhamento pedag\u00f3gico dos alunos com disfasia baseia-se em um conjunto de princ\u00edpios fundamentais validados pela pesquisa e pela experi\u00eancia de campo. Essas pr\u00e1ticas se articulam em torno de tr\u00eas eixos principais: a adapta\u00e7\u00e3o do ambiente de aprendizagem, a modifica\u00e7\u00e3o dos m\u00e9todos de ensino e a utiliza\u00e7\u00e3o de ferramentas de compensa\u00e7\u00e3o tecnol\u00f3gicas e anal\u00f3gicas.<\/pee>\n<pee>O sucesso dessas interven\u00e7\u00f5es depende amplamente da coer\u00eancia e da coordena\u00e7\u00e3o entre todos os atores envolvidos na escolaridade da crian\u00e7a. O professor desempenha um papel central, mas n\u00e3o pode agir efetivamente sem a colabora\u00e7\u00e3o do fonoaudi\u00f3logo, da fam\u00edlia, da equipe educativa e, \u00e0s vezes, dos servi\u00e7os m\u00e9dico-sociais. Essa abordagem sist\u00eamica garante a generaliza\u00e7\u00e3o dos conhecimentos adquiridos e a sustentabilidade dos progressos.<\/pee>\n<pee>A individualiza\u00e7\u00e3o das abordagens \u00e9 a palavra-chave do acompanhamento pedag\u00f3gico em disfasia. Cada crian\u00e7a apresenta um perfil \u00fanico de dificuldades e compet\u00eancias que requer uma avalia\u00e7\u00e3o precisa e uma adapta\u00e7\u00e3o cont\u00ednua das estrat\u00e9gias. As ferramentas digitais como <a href=\"https:\/\/www.dynseo.com\/pt-pt\/coco-pensa-e-coco-se-mexe\/\">COCO PENSA e COCO SE MEXE<\/a> permitem essa personaliza\u00e7\u00e3o em tempo real e oferecem um acompanhamento preciso dos progressos.<\/pee>\n<div class=\"conseil-card\">\n<h4>S\u00edntese das melhores pr\u00e1ticas<\/h4>\n<pee>As pesquisas convergem para sete t\u00e9cnicas essenciais: cria\u00e7\u00e3o de um ambiente estruturado, uso massivo de suportes visuais, estimula\u00e7\u00e3o multimodal da comunica\u00e7\u00e3o, adapta\u00e7\u00e3o dos m\u00e9todos de ensino, desenvolvimento da autonomia, colabora\u00e7\u00e3o interprofissional e envolvimento familiar. Essas t\u00e9cnicas devem ser aplicadas de forma coordenada e progressiva.<\/pee>\n            <\/div>\n<div class=\"key-points\">\n<h4>Princ\u00edpios pedag\u00f3gicos fundamentais<\/h4>\n<ul>\n<li><strong>Explicita\u00e7\u00e3o :<\/strong> Tornar vis\u00edveis as regras impl\u00edcitas da linguagem e dos aprendizados<\/li>\n<li><strong>Repeti\u00e7\u00e3o inteligente :<\/strong> Variar os contextos de utiliza\u00e7\u00e3o para consolidar os conhecimentos<\/li>\n<li><strong>Metacogni\u00e7\u00e3o :<\/strong> Ensinar ao aluno como ele aprende e quais estrat\u00e9gias utilizar<\/li>\n<li><strong>Valoriza\u00e7\u00e3o :<\/strong> Reconhecer os esfor\u00e7os e os progressos para manter a motiva\u00e7\u00e3o<\/li>\n<li><strong>Compensa\u00e7\u00e3o :<\/strong> Desenvolver estrat\u00e9gias alternativas eficazes<\/li>\n<\/ul><\/div>\n<h2>4. T\u00e9cnica 1 : Criar um ambiente de aprendizagem ideal<\/h2>\n<pee>O ambiente f\u00edsico e social da sala de aula exerce uma influ\u00eancia determinante nas capacidades de aprendizagem dos alunos com dist\u00farbios DIS. Essas crian\u00e7as, particularmente sens\u00edveis a distra\u00e7\u00f5es auditivas e visuais, se beneficiam grandemente de um ambiente estruturado, previs\u00edvel e calmante. A organiza\u00e7\u00e3o espacial da sala deve favorecer a concentra\u00e7\u00e3o enquanto facilita as intera\u00e7\u00f5es pedag\u00f3gicas.<\/pee>\n<pee>A gest\u00e3o do ru\u00eddo constitui um desafio maior para os alunos com dist\u00farbios DIS cujas dificuldades de processamento auditivo podem ser exacerbadas por um ambiente sonoro ca\u00f3tico. A instala\u00e7\u00e3o de materiais absorventes, a sensibiliza\u00e7\u00e3o de todos os alunos para a gest\u00e3o do volume sonoro e o uso de sinais visuais para as instru\u00e7\u00f5es permitem criar um clima prop\u00edcio aos aprendizados.<\/pee>\n<pee>A organiza\u00e7\u00e3o temporal reveste uma import\u00e2ncia particular para esses alunos que precisam de refer\u00eancias est\u00e1veis e transi\u00e7\u00f5es preparadas. Um cronograma visual exibido, rituais de in\u00edcio e fim de sess\u00e3o, e uma antecipa\u00e7\u00e3o das mudan\u00e7as de atividades reduzem a ansiedade e otimizam o engajamento nas tarefas propostas.<\/pee>\n<div class=\"expert-box\">\n                <span class=\"expert-box-label\">Design pedag\u00f3gico inclusivo<\/span><\/p>\n<div class=\"expert-box-title\">Arranjo espacial ideal<\/div>\n<pee>A pesquisa em ergonomia escolar recomenda um posicionamento estrat\u00e9gico do aluno com dist\u00farbios DIS: pr\u00f3ximo do professor para facilitar as trocas, de costas para as fontes de distra\u00e7\u00e3o, com f\u00e1cil acesso aos suportes visuais. O uso de um assento din\u00e2mico pode melhorar a aten\u00e7\u00e3o sustentada.<\/pee>\n<div class=\"expert-inner\">\n<div class=\"expert-inner-title\">Zonas de aprendizagem diferenciadas<\/div>\n<pee>Organizar a sala em espa\u00e7os funcionais: canto de leitura calma, espa\u00e7o de manipula\u00e7\u00e3o, zona de agrupamento para atividades orais. Essa estrutura\u00e7\u00e3o espacial ajuda o aluno com dist\u00farbios DIS a antecipar os tipos de atividades e a adaptar suas estrat\u00e9gias cognitivas.<\/pee>\n                <\/div>\n<\/p><\/div>\n<div class=\"conseil-card\">\n<h4>Check-list para um ambiente ideal<\/h4>\n<ul>\n<li>Ilumina\u00e7\u00e3o natural privilegiada, evitar n\u00e9ons piscantes<\/li>\n<li>Temperatura est\u00e1vel entre 19-21\u00b0C para otimizar a aten\u00e7\u00e3o<\/li>\n<li>Exibi\u00e7\u00f5es limpas e organizadas por \u00e1reas de aprendizagem<\/li>\n<li>Material de manipula\u00e7\u00e3o acess\u00edvel e organizado de forma l\u00f3gica<\/li>\n<li>Espa\u00e7o de recuo tranquilo para momentos de sobrecarga cognitiva<\/li>\n<\/ul><\/div>\n<div class=\"tip-box\">\n                <span class=\"tip-box-label\">Inova\u00e7\u00e3o tecnol\u00f3gica<\/span><br \/>\n                Utilize os aplicativos COCO PENSA e COCO SE MEXE para criar pausas ativas regulares que permitem ao aluno com dist\u00farbios DIS regular sua aten\u00e7\u00e3o e consolidar seus aprendizados pelo movimento.\n            <\/div>\n<h2>5. T\u00e9cnica 2 : Uso otimizado de ferramentas visuais e t\u00e1teis<\/h2>\n<pee>Os suportes visuais constituem um importante alavancador pedag\u00f3gico para os alunos com dist\u00farbios DIS cujas habilidades visuoespaciais geralmente s\u00e3o preservadas, ou at\u00e9 superiores \u00e0 m\u00e9dia. O uso estrat\u00e9gico de imagens, esquemas, mapas mentais e pictogramas permite contornar as dificuldades lingu\u00edsticas enquanto enriquece a compreens\u00e3o e a memoriza\u00e7\u00e3o dos conte\u00fados acad\u00eamicos.<\/pee>\n<pee>A hierarquiza\u00e7\u00e3o da informa\u00e7\u00e3o visual deve respeitar os princ\u00edpios da psicologia cognitiva: simplicidade, coer\u00eancia, progress\u00e3o l\u00f3gica e liga\u00e7\u00f5es expl\u00edcitas entre os elementos. As cores, utilizadas de forma sistem\u00e1tica, podem codificar diferentes tipos de informa\u00e7\u00f5es (vermelho para as instru\u00e7\u00f5es importantes, verde para os exemplos, azul para as defini\u00e7\u00f5es) e facilitar a navega\u00e7\u00e3o cognitiva do aluno.<\/pee>\n<pee>Os suportes t\u00e1teis e manipul\u00e1veis complementam eficazmente a abordagem visual ao solicitar a mem\u00f3ria cinest\u00e9sica. O uso de material concreto para o aprendizado de matem\u00e1tica, de letras \u00e1speras para a ortografia, ou de objetos reais para enriquecer o vocabul\u00e1rio ativa circuitos neuronais m\u00faltiplos e favorece a codifica\u00e7\u00e3o em mem\u00f3ria de longo prazo.<\/pee>\n<div class=\"key-points\">\n<h4>Tipologia dos suportes visuais eficazes<\/h4>\n<ul>\n<li><strong>Organizadores gr\u00e1ficos:<\/strong> mapas conceituais, linhas do tempo, tabelas comparativas<\/li>\n<li><strong>Suportes procedimentais:<\/strong> check-lists ilustradas, passo-a-passo visuais, algoritmos ilustrados<\/li>\n<li><strong>Ajudas-mem\u00f3ria:<\/strong> cartazes de refer\u00eancia, marcadores de p\u00e1gina personalizados, c\u00f3digos de cores<\/li>\n<li><strong>Ferramentas de comunica\u00e7\u00e3o:<\/strong> pictogramas, gestos associados, suportes digitais interativos<\/li>\n<\/ul><\/div>\n<div class=\"conseil-card\">\n<h4>Cria\u00e7\u00e3o de um repert\u00f3rio visual personalizado<\/h4>\n<pee>Desenvolva progressivamente com o aluno um &#8220;caderno de sucesso&#8221; ilustrado contendo suas estrat\u00e9gias vencedoras, suas palavras-chave visualizadas, seus procedimentos personalizados. Esta ferramenta evolutiva torna-se uma refer\u00eancia que promove autonomia e valoriza\u00e7\u00e3o. Integre capturas de tela das atividades COCO bem-sucedidas para manter a motiva\u00e7\u00e3o.<\/pee>\n            <\/div>\n<div class=\"expert-box\">\n                <span class=\"expert-box-label\">Neuroci\u00eancias aplicadas<\/span><\/p>\n<div class=\"expert-box-title\">Otimiza\u00e7\u00e3o da carga cognitiva<\/div>\n<pee>A teoria da carga cognitiva orienta a escolha dos suportes visuais: evitar a sobrecarga informacional, utilizar o efeito de modalidade (associar canal visual e auditivo), respeitar o efeito de contiguidade espacial e temporal. Esses princ\u00edpios maximizam a efic\u00e1cia dos aprendizados em alunos com dist\u00farbios DIS.<\/pee>\n            <\/div>\n<h2>6. T\u00e9cnica 3: Estimula\u00e7\u00e3o da comunica\u00e7\u00e3o verbal e n\u00e3o verbal<\/h2>\n<pee>A estimula\u00e7\u00e3o da comunica\u00e7\u00e3o no aluno com dist\u00farbios DIS requer uma abordagem multimodal que valorize todas as formas de express\u00e3o dispon\u00edveis. O objetivo n\u00e3o \u00e9 apenas desenvolver a linguagem oral, mas criar um sistema de comunica\u00e7\u00e3o eficaz e gratificante que integre gestos, express\u00f5es faciais, suportes visuais e verbaliza\u00e7\u00f5es de acordo com as capacidades de cada crian\u00e7a.<\/pee>\n<pee>A comunica\u00e7\u00e3o n\u00e3o verbal assume uma import\u00e2ncia particular nesses alunos que podem compensar suas dificuldades expressivas por meio de um enriquecimento gestual e uma expressividade facial desenvolvida. O professor deve aprender a decodificar esses sinais alternativos e encorajar seu uso, enquanto continua a estimula\u00e7\u00e3o verbal. Essa abordagem acolhedora evita o des\u00e2nimo e mant\u00e9m o engajamento comunicacional.<\/pee>\n<pee>As t\u00e9cnicas de facilita\u00e7\u00e3o verbal se inspiram nos m\u00e9todos fonoaudiol\u00f3gicos: reformula\u00e7\u00f5es encorajadoras, modelos lingu\u00edsticos adaptados, perguntas abertas progressivas e valoriza\u00e7\u00e3o sistem\u00e1tica das tentativas expressivas. O uso de aplicativos como <a href=\"https:\/\/www.dynseo.com\/pt-pt\/coco-pensa-e-coco-se-mexe\/\">COCO PENSA e COCO SE MEXE<\/a> enriquece esse trabalho por meio de atividades l\u00fadicas que visam especificamente as compet\u00eancias lingu\u00edsticas.<\/pee>\n<div class=\"tip-box\">\n                <span class=\"tip-box-label\">T\u00e9cnica de modelagem lingu\u00edstica<\/span><br \/>\n                Reformule as produ\u00e7\u00f5es do aluno corrigindo implicitamente os erros e enriquecendo a mensagem. Por exemplo, se o aluno disser &#8220;Eu quero livro&#8221;, responda naturalmente &#8220;Voc\u00ea quer pegar emprestado este livro de hist\u00f3ria? \u00c9 uma excelente ideia!&#8221;.\n            <\/div>\n<div class=\"key-points\">\n<h4>Estrat\u00e9gias de estimula\u00e7\u00e3o comunicacional<\/h4>\n<ul>\n<li><strong>Tempo de espera:<\/strong> Deixar 10-15 segundos para a elabora\u00e7\u00e3o da resposta<\/li>\n<li><strong>Perguntas graduadas:<\/strong> Come\u00e7ar com escolhas m\u00faltiplas antes das perguntas abertas<\/li>\n<li><strong>Suportes de apoio:<\/strong> Imagens, in\u00edcio de frase, palavras-chave propostas<\/li>\n<li><strong>Valoriza\u00e7\u00e3o do processo:<\/strong> Elogiar o esfor\u00e7o comunicacional tanto quanto o resultado<\/li>\n<li><strong>Generaliza\u00e7\u00e3o:<\/strong> Criar situa\u00e7\u00f5es variadas de uso dos conhecimentos adquiridos<\/li>\n<\/ul><\/div>\n<div class=\"expert-box\">\n                <span class=\"expert-box-label\">Pragm\u00e1tica da linguagem<\/span><\/p>\n<div class=\"expert-box-title\">Desenvolver as compet\u00eancias socio-comunicacionais<\/div>\n<pee>Al\u00e9m dos aspectos formais da linguagem, os alunos com dist\u00farbios DIS podem apresentar dificuldades no uso social da comunica\u00e7\u00e3o: turno de fala, adapta\u00e7\u00e3o ao contexto, impl\u00edcitos conversacionais. Um trabalho espec\u00edfico sobre esses aspectos pragm\u00e1ticos melhora a integra\u00e7\u00e3o social e escolar.<\/pee>\n<div class=\"expert-inner\">\n<div class=\"expert-inner-title\">Ateli\u00eas de comunica\u00e7\u00e3o social<\/div>\n<pee>Organizar jogos de pap\u00e9is, debates estruturados, apresenta\u00e7\u00f5es em duplas para desenvolver essas compet\u00eancias em um ambiente seguro. A utiliza\u00e7\u00e3o de roteiros sociais e de suportes visuais facilita a aprendizagem desses c\u00f3digos complexos.<\/pee>\n                <\/div>\n<\/p><\/div>\n<h2>7. T\u00e9cnica 4 : Adapta\u00e7\u00e3o personalizada dos m\u00e9todos de ensino<\/h2>\n<pee>A adapta\u00e7\u00e3o pedag\u00f3gica para os alunos disl\u00e9xicos vai muito al\u00e9m da simples modifica\u00e7\u00e3o dos suportes; envolve uma revis\u00e3o profunda dos m\u00e9todos de ensino para torn\u00e1-los acess\u00edveis e eficazes. Essa individualiza\u00e7\u00e3o requer uma avalia\u00e7\u00e3o detalhada do perfil cognitivo do aluno, de suas estrat\u00e9gias preferenciais de aprendizagem e de suas \u00e1reas de compet\u00eancia preservadas.<\/pee>\n<pee>A decomposi\u00e7\u00e3o das tarefas complexas em etapas simples e expl\u00edcitas constitui um pilar dessa adapta\u00e7\u00e3o. Cada instru\u00e7\u00e3o deve ser analisada para identificar os pr\u00e9-requisitos lingu\u00edsticos e cognitivos, e ent\u00e3o reformulada em uma linguagem acess\u00edvel. A utiliza\u00e7\u00e3o de suportes procedimentais visuais guia o aluno em dire\u00e7\u00e3o \u00e0 autonomia progressiva, enquanto reduz a carga cognitiva.<\/pee>\n<pee>As modalidades de avalia\u00e7\u00e3o tamb\u00e9m requerem uma adapta\u00e7\u00e3o significativa. O objetivo \u00e9 avaliar as compet\u00eancias disciplinares em vez das capacidades lingu\u00edsticas, sendo adequado propor formatos alternativos: QCM ilustrados, respostas curtas, manipula\u00e7\u00f5es concretas, avalia\u00e7\u00f5es orais com suportes visuais. Essa abordagem diferenciada frequentemente revela compet\u00eancias insuspeitas nesses alunos.<\/pee>\n<div class=\"conseil-card\">\n<h4>Grade de adapta\u00e7\u00e3o pedag\u00f3gica personalizada<\/h4>\n<pee>Crie para cada aluno uma ficha sint\u00e9tica listando suas necessidades espec\u00edficas, seus pontos fortes, as adapta\u00e7\u00f5es eficazes e as ferramentas compensat\u00f3rias utilizadas. Essa ficha, atualizada regularmente, facilita a transmiss\u00e3o entre professores e garante a continuidade das adapta\u00e7\u00f5es.<\/pee>\n            <\/div>\n<div class=\"key-points\">\n<h4>\u00c1reas de adapta\u00e7\u00e3o priorit\u00e1rias<\/h4>\n<ul>\n<li><strong>Compreens\u00e3o das instru\u00e7\u00f5es:<\/strong> Simplifica\u00e7\u00e3o sint\u00e1tica, vocabul\u00e1rio expl\u00edcito, exemplos concretos<\/li>\n<li><strong>Produ\u00e7\u00e3o escrita:<\/strong> Ditado para o adulto, corretores ortogr\u00e1ficos, estruturas organizacionais<\/li>\n<li><strong>Memoriza\u00e7\u00e3o:<\/strong> T\u00e9cnicas mnemot\u00e9cnicas visuais, repeti\u00e7\u00f5es espa\u00e7adas, liga\u00e7\u00f5es l\u00f3gicas<\/li>\n<li><strong>Organiza\u00e7\u00e3o:<\/strong> Planejamento visual, check-lists, rituais estruturantes<\/li>\n<li><strong>Avalia\u00e7\u00e3o:<\/strong> Formatos alternativos, tempo aumentado, crit\u00e9rios expl\u00edcitos<\/li>\n<\/ul><\/div>\n<div class=\"expert-box\">\n                <span class=\"expert-box-label\">Pedagogia diferenciada<\/span><\/p>\n<div class=\"expert-box-title\">Implementa\u00e7\u00e3o pr\u00e1tica da adapta\u00e7\u00e3o<\/div>\n<pee>A adapta\u00e7\u00e3o eficaz baseia-se em tr\u00eas n\u00edveis de interven\u00e7\u00e3o: as acomoda\u00e7\u00f5es (modifica\u00e7\u00f5es de forma sem mudan\u00e7a de objetivos), as modifica\u00e7\u00f5es (ajuste dos objetivos) e as adapta\u00e7\u00f5es (objetivos alternativos). Essa grada\u00e7\u00e3o permite manter expectativas elevadas enquanto respeita as particularidades de cada aluno.<\/pee>\n<div class=\"expert-inner\">\n<div class=\"expert-inner-title\">Ferramentas tecnol\u00f3gicas de adapta\u00e7\u00e3o<\/div>\n<pee>Os softwares de s\u00edntese de voz, os corretores preditivos, os aplicativos como COCO PENSA e COCO SE MEXE constituem ajudas t\u00e9cnicas valiosas. Sua introdu\u00e7\u00e3o gradual permite ao aluno desenvolver suas compet\u00eancias digitais enquanto compensa suas dificuldades lingu\u00edsticas.<\/pee>\n                <\/div>\n<\/p><\/div>\n<h2>8. T\u00e9cnica 5 : Desenvolvimento da autonomia e da confian\u00e7a em si mesmo<\/h2>\n<pee>O desenvolvimento da autonomia no aluno disl\u00e9xico constitui um desafio maior que condiciona seu sucesso escolar e seu crescimento pessoal. Essa autonomia n\u00e3o pode ser constru\u00edda sem um trabalho pr\u00e9vio sobre a autoestima, frequentemente fragilizada pelas dificuldades de comunica\u00e7\u00e3o e pelos fracassos repetidos. O professor desempenha um papel crucial nessa reconstru\u00e7\u00e3o identit\u00e1ria positiva.<\/pee>\n<pee>A pedagogia do sucesso se mostra particularmente eficaz com esses alunos. Ela consiste em decompor os aprendizados em micro-objetivos alcan\u00e7\u00e1veis, valorizar cada progresso mesmo que m\u00ednimo, e criar situa\u00e7\u00f5es de sucesso aut\u00eanticas. Essa abordagem gradual permite ao aluno recuperar a confian\u00e7a em suas capacidades e desenvolver sua perseveran\u00e7a diante das dificuldades.<\/pee>\n<pee>O ensino expl\u00edcito das estrat\u00e9gias de aprendizagem contribui significativamente para o desenvolvimento da autonomia. O aluno disl\u00e9xico deve aprender a identificar suas dificuldades, escolher as ferramentas compensat\u00f3rias apropriadas e autoavaliar suas produ\u00e7\u00f5es. Essa metacogni\u00e7\u00e3o, apoiada por ferramentas como <a href=\"https:\/\/www.dynseo.com\/pt-pt\/coco-pensa-e-coco-se-mexe\/\">COCO PENSA e COCO SE MEXE<\/a>, transforma o aluno em um agente consciente de seus aprendizados.<\/pee>\n<div class=\"tip-box\">\n                <span class=\"tip-box-label\">T\u00e9cnica do portf\u00f3lio de sucessos<\/span><br \/>\n                Construa com o aluno um dossi\u00ea de suas melhores produ\u00e7\u00f5es, acompanhadas de suas reflex\u00f5es sobre as estrat\u00e9gias utilizadas. Este portf\u00f3lio valorizador torna-se uma ferramenta de motiva\u00e7\u00e3o e an\u00e1lise dos progressos.\n            <\/div>\n<div class=\"key-points\">\n<h4>Pilares do desenvolvimento da autonomia<\/h4>\n<ul>\n<li><strong>Autoavalia\u00e7\u00e3o :<\/strong> Grades simplificadas, crit\u00e9rios visuais, objetivos personalizados<\/li>\n<li><strong>Metacogni\u00e7\u00e3o :<\/strong> Verbaliza\u00e7\u00e3o das estrat\u00e9gias, di\u00e1rio de aprendizagens<\/li>\n<li><strong>Autorregula\u00e7\u00e3o :<\/strong> Gest\u00e3o do tempo, identifica\u00e7\u00e3o de recursos, pedido de ajuda<\/li>\n<li><strong>Responsabiliza\u00e7\u00e3o :<\/strong> Pap\u00e9is valorizadores na sala de aula, miss\u00f5es espec\u00edficas<\/li>\n<li><strong>Projeto pessoal :<\/strong> Objetivos escolhidos e planejados pelo aluno<\/li>\n<\/ul><\/div>\n<div class=\"expert-box\">\n                <span class=\"expert-box-label\">Psicologia positiva aplicada<\/span><\/p>\n<div class=\"expert-box-title\">Refor\u00e7o da autoestima<\/div>\n<pee>As pesquisas em psicologia positiva mostram a import\u00e2ncia das for\u00e7as pessoais na constru\u00e7\u00e3o identit\u00e1ria. Identificar e desenvolver os talentos espec\u00edficos do aluno disl\u00e9xico (criatividade, empatia, pensamento visual, perseveran\u00e7a) contribui para equilibrar sua auto-percep\u00e7\u00e3o e mobilizar seus recursos.<\/pee>\n<div class=\"expert-inner\">\n<div class=\"expert-inner-title\">C\u00edrculo virtuoso do sucesso<\/div>\n<pee>Sucesso \u2192 Confian\u00e7a \u2192 Compromisso \u2192 Progresso \u2192 Sucesso. Este c\u00edrculo virtuoso se inicia pela cria\u00e7\u00e3o de situa\u00e7\u00f5es de sucesso aut\u00eanticas e progressivas. A utiliza\u00e7\u00e3o de ferramentas adequadas permite manter essa din\u00e2mica positiva a longo prazo.<\/pee>\n                <\/div>\n<\/p><\/div>\n<h2>9. T\u00e9cnica 6 : Colabora\u00e7\u00e3o interprofissional eficaz<\/h2>\n<pee>O atendimento ideal de um aluno disfasico requer uma colabora\u00e7\u00e3o estreita entre diferentes profissionais: professor, fonoaudi\u00f3logo, psic\u00f3logo escolar, m\u00e9dico, e \u00e0s vezes terapeuta ocupacional ou psicomotricista. Esta abordagem interprofissional garante a coer\u00eancia das interven\u00e7\u00f5es e maximiza a efic\u00e1cia das adapta\u00e7\u00f5es implementadas.<\/pee>\n<pee>A comunica\u00e7\u00e3o entre esses profissionais deve ser estruturada e regular. Reuni\u00f5es de s\u00edntese trimestrais, a manuten\u00e7\u00e3o de um caderno de comunica\u00e7\u00e3o, e a utiliza\u00e7\u00e3o de ferramentas de comunica\u00e7\u00e3o digitais facilitam as trocas de informa\u00e7\u00f5es e o ajuste das estrat\u00e9gias. Cada profissional traz sua expertise espec\u00edfica enquanto se inscreve em um projeto coerente.<\/pee>\n<pee>O papel do professor nesta colabora\u00e7\u00e3o \u00e9 central, mas n\u00e3o exclusivo. Ele observa diariamente a evolu\u00e7\u00e3o do aluno, testa a efic\u00e1cia das adapta\u00e7\u00f5es propostas, e repassa as informa\u00e7\u00f5es pertinentes para a equipe. Esta posi\u00e7\u00e3o privilegiada o torna um coordenador natural do projeto pedag\u00f3gico individualizado.<\/pee>\n<div class=\"conseil-card\">\n<h4>Organiza\u00e7\u00e3o de uma colabora\u00e7\u00e3o eficaz<\/h4>\n<pee>Estabele\u00e7a desde o in\u00edcio do ano um calend\u00e1rio de encontros, defina os pap\u00e9is de cada um, crie ferramentas de comunica\u00e7\u00e3o compartilhadas e institua um sistema de monitoramento para detectar rapidamente as dificuldades emergentes. A regularidade e a clareza das trocas condicionam o sucesso dessa colabora\u00e7\u00e3o.<\/pee>\n            <\/div>\n<div class=\"key-points\">\n<h4>Atuantes da colabora\u00e7\u00e3o e seus pap\u00e9is espec\u00edficos<\/h4>\n<ul>\n<li><strong>Fonoaudi\u00f3logo :<\/strong> Reabilita\u00e7\u00e3o da linguagem, conselhos pedag\u00f3gicos especializados<\/li>\n<li><strong>Psic\u00f3logo escolar :<\/strong> Avalia\u00e7\u00e3o cognitiva, apoio emocional, orienta\u00e7\u00e3o parental<\/li>\n<li><strong>M\u00e9dico escolar :<\/strong> Acompanhamento m\u00e9dico, adapta\u00e7\u00f5es de exames, liga\u00e7\u00e3o com especialistas<\/li>\n<li><strong>AESH :<\/strong> Acompanhamento di\u00e1rio, implementa\u00e7\u00e3o das adapta\u00e7\u00f5es<\/li>\n<li><strong>Fam\u00edlia :<\/strong> Continuidade educativa, informa\u00e7\u00e3o sobre a evolu\u00e7\u00e3o em casa<\/li>\n<\/ul><\/div>\n<div class=\"expert-box\">\n                <span class=\"expert-box-label\">Gest\u00e3o de projeto educativo<\/span><\/p>\n<div class=\"expert-box-title\">Coordena\u00e7\u00e3o interprofissional otimizada<\/div>\n<pee>A efic\u00e1cia da colabora\u00e7\u00e3o repousa sobre princ\u00edpios de gest\u00e3o de projeto: objetivos SMART (Espec\u00edficos, Mensur\u00e1veis, Alcan\u00e7\u00e1veis, Realistas, Temporais), indicadores de acompanhamento, avalia\u00e7\u00e3o regular das a\u00e7\u00f5es, ajustes em tempo real. Esta metodologia profissionaliza o acompanhamento.<\/pee>\n            <\/div>\n<h2>10. T\u00e9cnica 7: Implica\u00e7\u00e3o ativa das fam\u00edlias<\/h2>\n<pee>A implica\u00e7\u00e3o das fam\u00edlias no acompanhamento escolar dos alunos com dist\u00farbios DIS se revela determinante para a generaliza\u00e7\u00e3o e a pereniza\u00e7\u00e3o dos aprendizados. Os pais, primeiros educadores da crian\u00e7a, possuem um conhecimento \u00edntimo de suas necessidades, de suas estrat\u00e9gias espont\u00e2neas e de sua evolu\u00e7\u00e3o. Esta expertise parental complementa utilmente a observa\u00e7\u00e3o escolar.<\/pee>\n<pee>A forma\u00e7\u00e3o das fam\u00edlias nas especificidades da disfasia e nas estrat\u00e9gias de ajuda eficazes constitui um investimento a longo prazo. Oficinas pais-professores, fornecimento de recursos documentais adequados e a introdu\u00e7\u00e3o a ferramentas tecnol\u00f3gicas como <a href=\"https:\/\/www.dynseo.com\/pt-pt\/coco-pensa-e-coco-se-mexe\/\">COCO PENSA e COCO SE MEXE<\/a> permitem que as fam\u00edlias apoiem efetivamente os aprendizados em casa.<\/pee>\n<pee>A comunica\u00e7\u00e3o escola-fam\u00edlia deve ser benevolente, regular e construtiva. Trata-se de superar a simples transmiss\u00e3o de informa\u00e7\u00f5es para construir uma verdadeira alian\u00e7a educativa. Os pais precisam ser tranquilizados, orientados e valorizados em seu papel de acompanhantes. Esta rela\u00e7\u00e3o de confian\u00e7a m\u00fatua beneficia diretamente o aluno.<\/pee>\n<div class=\"tip-box\">\n                <span class=\"tip-box-label\">Caderno de liga\u00e7\u00e3o enriquecido<\/span><br \/>\n                Crie um sistema de comunica\u00e7\u00e3o di\u00e1ria incluindo n\u00e3o apenas as informa\u00e7\u00f5es escolares, mas tamb\u00e9m os sucessos, as estrat\u00e9gias eficazes descobertas e as sugest\u00f5es de atividades a serem continuadas em casa.\n            <\/div>\n<div class=\"key-points\">\n<h4>Modalidades de implica\u00e7\u00e3o familiar eficazes<\/h4>\n<ul>\n<li><strong>Forma\u00e7\u00e3o parental:<\/strong> Compreens\u00e3o do transtorno, t\u00e9cnicas de ajuda, utiliza\u00e7\u00e3o de ferramentas<\/li>\n<li><strong>Comunica\u00e7\u00e3o regular:<\/strong> Reuni\u00f5es mensais, cadernos de liga\u00e7\u00e3o, telefonemas<\/li>\n<li><strong>Atividades conjuntas:<\/strong> Leituras compartilhadas, jogos educativos, sa\u00eddas pedag\u00f3gicas<\/li>\n<li><strong>Apoio emocional:<\/strong> Grupos de fala, recursos associativos, orienta\u00e7\u00e3o psicol\u00f3gica<\/li>\n<li><strong>Advocacia:<\/strong> Representa\u00e7\u00e3o dos interesses da crian\u00e7a, participa\u00e7\u00e3o nas decis\u00f5es<\/li>\n<\/ul><\/div>\n<div class=\"expert-box\">\n                <span class=\"expert-box-label\">Sist\u00eamica familiar<\/span><\/p>\n<div class=\"expert-box-title\">Impacto da disfasia na din\u00e2mica familiar<\/div>\n<pee>A disfasia de uma crian\u00e7a pode desestabilizar o equil\u00edbrio familiar: estresse parental, irm\u00e3os em questionamento, reorganiza\u00e7\u00e3o do cotidiano. Uma abordagem sist\u00eamica leva em conta essas dimens\u00f5es e prop\u00f5e um apoio global \u00e0 fam\u00edlia, condi\u00e7\u00e3o necess\u00e1ria para o desenvolvimento da crian\u00e7a com disfasia.<\/pee>\n<div class=\"expert-inner\">\n<div class=\"expert-inner-title\">Ressources de soutien familial<\/div>\n<pee>Orienter vers les associations de parents, les groupes de soutien, les formations sp\u00e9cialis\u00e9es. Ces ressources permettent aux familles de sortir de l&#8217;isolement et de d\u00e9velopper leurs comp\u00e9tences d&#8217;accompagnement.<\/pee>\n                <\/div>\n<\/p><\/div>\n<h2>11. \u00c9valuation et suivi des progr\u00e8s<\/h2>\n<pee>L&#8217;\u00e9valuation des \u00e9l\u00e8ves dysphasiques n\u00e9cessite une approche sp\u00e9cifique qui distingue clairement l&#8217;\u00e9valuation des comp\u00e9tences disciplinaires de celle des comp\u00e9tences langagi\u00e8res. L&#8217;objectif est de r\u00e9v\u00e9ler les acquis r\u00e9els de l&#8217;\u00e9l\u00e8ve sans que ses difficult\u00e9s expressives masquent ses connaissances et sa compr\u00e9hension des concepts enseign\u00e9s.<\/pee>\n<pee>Les modalit\u00e9s d&#8217;\u00e9valuation doivent \u00eatre diversifi\u00e9es et adapt\u00e9es aux profils individuels : \u00e9valuations orales avec supports visuels, QCM illustr\u00e9s, d\u00e9monstrations pratiques, portfolios \u00e9volutifs, auto-\u00e9valuations guid\u00e9es. Cette diversification permet de multiplier les occasions de r\u00e9ussite et d&#8217;obtenir une vision compl\u00e8te des comp\u00e9tences de l&#8217;\u00e9l\u00e8ve.<\/pee>\n<pee>Le suivi longitudinal des progr\u00e8s s&#8217;appuie sur des indicateurs pr\u00e9cis et observables. L&#8217;utilisation d&#8217;outils num\u00e9riques comme <a href=\"https:\/\/www.dynseo.com\/pt-pt\/coco-pensa-e-coco-se-mexe\/\">COCO PENSE et COCO BOUGE<\/a> facilite ce suivi en fournissant des donn\u00e9es objectives sur l&#8217;\u00e9volution des performances. Ces informations guident l&#8217;ajustement des strat\u00e9gies p\u00e9dagogiques et motivent l&#8217;\u00e9l\u00e8ve en rendant visibles ses progr\u00e8s.<\/pee>\n<div class=\"conseil-card\">\n<h4>Grille d&#8217;\u00e9valuation adapt\u00e9e<\/h4>\n<pee>D\u00e9veloppez des crit\u00e8res d&#8217;\u00e9valuation sp\u00e9cifiques qui valorisent les strat\u00e9gies de compensation, l&#8217;effort fourni, et les progr\u00e8s relatifs plut\u00f4t que les performances absolues. Cette approche formative encourage l&#8217;engagement et maintient la motivation intrins\u00e8que de l&#8217;\u00e9l\u00e8ve.<\/pee>\n            <\/div>\n<div class=\"key-points\">\n<h4>Principes d&#8217;\u00e9valuation adapt\u00e9e<\/h4>\n<ul>\n<li><strong>S\u00e9paration des objectifs :<\/strong> Distinguer comp\u00e9tences disciplinaires et langagi\u00e8res<\/li>\n<li><strong>Formats multiples :<\/strong> Oral, \u00e9crit, manipulatoire, num\u00e9rique selon les domaines<\/li>\n<li><strong>Temps ajust\u00e9 :<\/strong> Majoration syst\u00e9matique pour compenser les lenteurs de traitement<\/li>\n<li><strong>Supports autoris\u00e9s :<\/strong> Dictionnaires visuels, aides-m\u00e9moire, outils technologiques<\/li>\n<li><strong>Feedback constructif :<\/strong> Retours pr\u00e9cis et encourageants sur les strat\u00e9gies utilis\u00e9es<\/li>\n<\/ul><\/div>\n<div class=\"expert-box\">\n                <span class=\"expert-box-label\">Docimologie adapt\u00e9e<\/span><\/p>\n<div class=\"expert-box-title\">Science de l&#8217;\u00e9valuation en contexte inclusif<\/div>\n<pee>La docimologie moderne int\u00e8gre les principes de l&#8217;Universal Design for Learning (UDL) pour cr\u00e9er des \u00e9valuations authentiquement \u00e9quitables. Pour les \u00e9l\u00e8ves dysphasiques, cela implique de proposer multiple means of representation, engagement, and action\/expression dans les situations d&#8217;\u00e9valuation.<\/pee>\n            <\/div>\n<h2>12. Formation et sensibilisation de l&#8217;\u00e9quipe \u00e9ducative<\/h2>\n<pee>La formation de l&#8217;\u00e9quipe \u00e9ducative aux sp\u00e9cificit\u00e9s de la dysphasie constitue un pr\u00e9requis indispensable \u00e0 la mise en \u0153uvre d&#8217;une p\u00e9dagogie adapt\u00e9e. Cette formation doit \u00eatre \u00e0 la fois th\u00e9orique pour comprendre les m\u00e9canismes du trouble, et pratique pour ma\u00eetriser les techniques d&#8217;adaptation. Elle concerne l&#8217;ensemble des acteurs : enseignants, AESH, personnel administratif, agents de service.<\/pee>\n<pee>La sensibilisation de la communaut\u00e9 scolaire d\u00e9passe le cadre des professionnels pour inclure les \u00e9l\u00e8ves de la classe et leurs familles. Cette d\u00e9marche inclusive vise \u00e0 cr\u00e9er un climat d&#8217;acceptation et de bienveillance o\u00f9 les diff\u00e9rences sont comprises et respect\u00e9es. Des actions de sensibilisation adapt\u00e9es \u00e0 l&#8217;\u00e2ge favorisent l&#8217;empathie et pr\u00e9viennent les situations de discrimination ou de harc\u00e8lement.<\/pee>\n<pee>La formation continue et l&#8217;actualisation des connaissances s&#8217;av\u00e8rent n\u00e9cessaires compte tenu de l&#8217;\u00e9volution rapide des recherches en neurosciences et en p\u00e9dagogie adapt\u00e9e. La participation \u00e0 des formations sp\u00e9cialis\u00e9es, la consultation de ressources expertes comme celles propos\u00e9es par DYNSEO, et l&#8217;\u00e9change de pratiques avec des coll\u00e8gues exp\u00e9riment\u00e9s enrichissent continuellement les comp\u00e9tences professionnelles.<\/pee>\n<div class=\"key-points\">\n<h4>Programme de formation recommand\u00e9<\/h4>\n<ul>\n<li><strong>Module 1 :<\/strong> Neurobiologie de la dysphasie et implications p\u00e9dagogiques<\/li>\n<li><strong>Module 2 :<\/strong> Techniques d&#8217;adaptation et outils compensatoires<\/li>\n<li><strong>Module 3 :<\/strong> \u00c9valuation diff\u00e9renci\u00e9e et suivi des progr\u00e8s<\/li>\n<li><strong>Module 4 :<\/strong> Collaboration interprofessionnelle et travail en \u00e9quipe<\/li>\n<li><strong>Module 5 :<\/strong> Communication avec les familles et soutien parental<\/li>\n<\/ul><\/div>\n<div class=\"tip-box\">\n                <span class=\"tip-box-label\">Communaut\u00e9 de pratique<\/span><br \/>\n                Cr\u00e9ez un groupe de travail inter-\u00e9tablissements pour partager les ressources, mutualiser les formations, et d\u00e9velopper des outils communs. Cette dynamique collaborative enrichit les pratiques de chacun.\n            <\/div>\n<h2>13. Recherche et perspectives d&#8217;avenir<\/h2>\n<pee>Les avanc\u00e9es r\u00e9centes en neurosciences cognitives ouvrent des perspectives prometteuses pour l&#8217;accompagnement des \u00e9l\u00e8ves dysphasiques. Les recherches sur la neuroplasticit\u00e9 d\u00e9montrent que des interventions cibl\u00e9es peuvent induire des r\u00e9organisations c\u00e9r\u00e9brales significatives, m\u00eame \u00e0 l&#8217;adolescence. Ces d\u00e9couvertes encouragent le d\u00e9veloppement de nouvelles approches th\u00e9rapeutiques et p\u00e9dagogiques plus efficaces.<\/pee>\n<pee>L&#8217;intelligence artificielle et les technologies num\u00e9riques r\u00e9volutionnent les outils d&#8217;aide \u00e0 la communication et \u00e0 l&#8217;apprentissage. Les applications de reconnaissance vocale, les syst\u00e8mes de pr\u00e9diction textuelle, et les environnements d&#8217;apprentissage adaptatifs comme COCO PENSE et COCO BOUGE repr\u00e9sentent l&#8217;avant-garde de ces innovations. Ces outils promettent une personnalisation toujours plus fine des interventions.<\/pee>\n<pee>La recherche longitudinale sur le devenir des \u00e9l\u00e8ves dysphasiques r\u00e9v\u00e8le l&#8217;importance<br \/>\n<script type=\"application\/ld+json\">\n[\n  {\n    \"@context\": \"https:\/\/schema.org\",\n    \"@type\": \"Article\",\n    \"headline\": \"Les meilleures techniques pour enseigner \u00e0 un \u00e9l\u00e8ve dysphasique\",\n    \"description\": \"D\u00e9couvrez les meilleures techniques p\u00e9dagogiques adapt\u00e9es pour enseigner efficacement \u00e0 un \u00e9l\u00e8ve dysphasique et favoriser son apprentissage.\",\n    \"url\": \"https:\/\/www.dynseo.com\/les-meilleures-techniques-pour-enseigner-a-un-eleve-dysphasique\/\",\n    \"datePublished\": \"2026-04-07\",\n    \"dateModified\": \"2026-04-07\",\n    \"author\": {\n      \"@type\": \"Organization\",\n      \"name\": \"DYNSEO\",\n      \"url\": \"https:\/\/www.dynseo.com\"\n    },\n    \"publisher\": {\n      \"@type\": \"Organization\",\n      \"name\": \"DYNSEO\",\n      \"url\": \"https:\/\/www.dynseo.com\",\n      \"logo\": {\n        \"@type\": \"ImageObject\",\n        \"url\": \"https:\/\/www.dynseo.com\/logo.png\"\n      }\n    },\n    \"mainEntityOfPage\": {\n      \"@type\": \"WebPage\",\n      \"@id\": \"https:\/\/www.dynseo.com\/les-meilleures-techniques-pour-enseigner-a-un-eleve-dysphasique\/\"\n    },\n    \"image\": {\n      \"@type\": \"ImageObject\",\n      \"url\": \"https:\/\/www.dynseo.com\/images\/techniques-eleve-dysphasique.jpg\",\n      \"width\": 1200,\n      \"height\": 630\n    },\n    \"aggregateRating\": {\n      \"@type\": \"AggregateRating\",\n      \"ratingValue\": \"4.8\",\n      \"bestRating\": \"5\",\n      \"ratingCount\": \"47\"\n    },\n    \"articleSection\": \"P\u00e9dagogie adapt\u00e9e\",\n    \"wordCount\": 2500\n  },\n  {\n    \"@context\": \"https:\/\/schema.org\",\n    \"@type\": \"WebPage\",\n    \"name\": \"Les meilleures techniques pour enseigner \u00e0 un \u00e9l\u00e8ve dysphasique\",\n    \"description\": \"D\u00e9couvrez les meilleures techniques p\u00e9dagogiques adapt\u00e9es pour enseigner efficacement \u00e0 un \u00e9l\u00e8ve dysphasique et favoriser son apprentissage.\",\n    \"url\": \"https:\/\/www.dynseo.com\/les-meilleures-techniques-pour-enseigner-a-un-eleve-dysphasique\/\",\n    \"breadcrumb\": {\n      \"@type\": \"BreadcrumbList\",\n      \"itemListElement\": [\n        {\n          \"@type\": \"ListItem\",\n          \"position\": 1,\n          \"name\": \"Accueil\",\n          \"item\": \"https:\/\/www.dynseo.com\"\n        },\n        {\n          \"@type\": \"ListItem\",\n          \"position\": 2,\n          \"name\": \"Blog\",\n          \"item\": \"https:\/\/www.dynseo.com\/blog\"\n        },\n        {\n          \"@type\": \"ListItem\",\n          \"position\": 3,\n          \"name\": \"Les meilleures techniques pour enseigner \u00e0 un \u00e9l\u00e8ve dysphasique\",\n          \"item\": \"https:\/\/www.dynseo.com\/les-meilleures-techniques-pour-enseigner-a-un-eleve-dysphasique\/\"\n        }\n      ]\n    }\n  },\n  {\n    \"@context\": \"https:\/\/schema.org\",\n    \"@type\": \"FAQPage\",\n    \"mainEntity\": [\n      {\n        \"@type\": \"Question\",\n        \"name\": \"Quelles sont les principales difficult\u00e9s d'un \u00e9l\u00e8ve dysphasique ?\",\n        \"acceptedAnswer\": {\n          \"@type\": \"Answer\",\n          \"text\": \"Un \u00e9l\u00e8ve dysphasique pr\u00e9sente des difficult\u00e9s dans l'expression et\/ou la compr\u00e9hension du langage oral. Ces difficult\u00e9s peuvent inclure des probl\u00e8mes de vocabulaire, de syntaxe, de compr\u00e9hension des consignes complexes et d'expression orale fluide.\"\n        }\n      },\n      {\n        \"@type\": \"Question\",\n        \"name\": \"Comment adapter les supports p\u00e9dagogiques pour un \u00e9l\u00e8ve dysphasique ?\",\n        \"acceptedAnswer\": {\n          \"@type\": \"Answer\",\n          \"text\": \"Pour adapter les supports p\u00e9dagogiques, il faut privil\u00e9gier les supports visuels, simplifier les consignes, utiliser des pictogrammes, proposer des phrases courtes et claires, et offrir du temps suppl\u00e9mentaire pour la compr\u00e9hension et l'expression.\"\n        }\n      },\n      {\n        \"@type\": \"Question\",\n        \"name\": \"Quelles strat\u00e9gies d'enseignement sont les plus efficaces pour un \u00e9l\u00e8ve dysphasique ?\",\n        \"acceptedAnswer\": {\n          \"@type\": \"Answer\",\n          \"text\": \"Les strat\u00e9gies les plus efficaces incluent la r\u00e9p\u00e9tition et la reformulation, l'utilisation de supports multimodaux (visuel, auditif, kinesth\u00e9sique), la d\u00e9composition des t\u00e2ches complexes, l'encouragement et la valorisation des efforts, ainsi que la collaboration avec l'orthophoniste.\"\n        }\n      }\n    ]\n  }\n]\n<\/script>[\/et_pb_code][\/et_pb_column][\/et_pb_row][\/et_pb_section]<\/p>\n","protected":false},"excerpt":{"rendered":"","protected":false},"author":4,"featured_media":100456,"comment_status":"closed","ping_status":"closed","sticky":false,"template":"","format":"standard","meta":{"_et_pb_use_builder":"on","_et_pb_old_content":"[et_pb_section fb_built=\"1\" _builder_version=\"4.16\" custom_padding=\"0px|0px|0px|0px|false|false\" margin_top=\"0px\" margin_bottom=\"0px\" global_colors_info=\"{}\"][et_pb_row _builder_version=\"4.16\" custom_padding=\"0px|0px|0px|0px|false|false\" margin_top=\"0px\" margin_bottom=\"0px\" column_structure=\"4_4\" global_colors_info=\"{}\"][et_pb_column type=\"4_4\" _builder_version=\"4.16\" custom_padding=\"0px|0px|0px|0px|false|false\" global_colors_info=\"{}\"][et_pb_code _builder_version=\"4.16\" custom_padding=\"0px|0px|0px|0px|false|false\" global_colors_info=\"{}\"]<!DOCTYPE html>\n<html lang=\"fr\">\n<head>\n    <meta charset=\"UTF-8\">\n    <meta name=\"viewport\" content=\"width=device-width, initial-scale=1.0\">\n    <title>Les meilleures techniques pour enseigner \u00e0 un \u00e9l\u00e8ve dysphasique | Guide DYNSEO<\/title>\n    <meta name=\"description\" content=\"D\u00e9couvrez les techniques p\u00e9dagogiques expertes pour accompagner efficacement les \u00e9l\u00e8ves dysphasiques. Guide complet avec outils pratiques et adaptations.\">\n    <link rel=\"preconnect\" href=\"https:\/\/fonts.googleapis.com\">\n    <link rel=\"preconnect\" href=\"https:\/\/fonts.gstatic.com\" crossorigin>\n    <link href=\"https:\/\/fonts.googleapis.com\/css2?family=Montserrat:wght@400;600;700;800&family=Poppins:wght@300;400;500;600;700&display=swap\" rel=\"stylesheet\">\n    <style>\n        :root {\n            --primary-blue: #5e5ed7;\n            --primary-blue-dark: #5268c9;\n            --primary-teal: #a9e2e4;\n            --primary-yellow: #ffeca7;\n            --primary-pink: #e73469;\n            --text-dark: #2c3e50;\n            --text-light: #6c757d;\n            --bg-light: #f8f9fa;\n            --white: #ffffff;\n            --font-heading: 'Montserrat', sans-serif;\n            --font-body: 'Poppins', sans-serif;\n        }\n\n        * {\n            margin: 0;\n            padding: 0;\n            box-sizing: border-box;\n        }\n\n        body {\n            font-family: var(--font-body);\n            line-height: 1.6;\n            color: var(--text-dark);\n            overflow-x: hidden;\n        }\n\n        .article-hero {\n            background: linear-gradient(135deg, var(--primary-blue) 0%, var(--primary-blue-dark) 100%);\n            color: white;\n            position: relative;\n            padding: 2rem 0 8rem;\n            margin-bottom: 4rem;\n        }\n\n        .article-hero-inner {\n            max-width: 1200px;\n            margin: 0 auto;\n            padding: 0 2rem;\n        }\n\n        .article-breadcrumb {\n            font-size: 0.9rem;\n            margin-bottom: 1rem;\n            opacity: 0.9;\n        }\n\n        .article-breadcrumb a {\n            color: white;\n            text-decoration: none;\n            margin-right: 0.5rem;\n        }\n\n        .article-category {\n            display: inline-block;\n            background: var(--primary-pink);\n            color: white;\n            padding: 0.4rem 0.8rem;\n            border-radius: 20px;\n            font-size: 0.85rem;\n            font-weight: 600;\n            margin-bottom: 2rem;\n        }\n\n        .article-hero h1 {\n            font-family: var(--font-heading);\n            font-size: 3rem;\n            font-weight: 800;\n            line-height: 1.2;\n            margin-bottom: 1.5rem;\n        }\n\n        .hl {\n            background: linear-gradient(90deg, var(--primary-yellow), var(--primary-teal));\n            -webkit-background-clip: text;\n            -webkit-text-fill-color: transparent;\n            background-clip: text;\n        }\n\n        .article-meta {\n            display: flex;\n            gap: 2rem;\n            margin-bottom: 2rem;\n            font-size: 0.9rem;\n        }\n\n        .article-meta span {\n            display: flex;\n            align-items: center;\n            gap: 0.5rem;\n        }\n\n        .article-hero-curve {\n            position: absolute;\n            bottom: 0;\n            left: 0;\n            width: 100%;\n            height: 80px;\n            background: white;\n            clip-path: ellipse(100% 100% at 50% 100%);\n        }\n\n        .container {\n            max-width: 1200px;\n            margin: 0 auto;\n            padding: 0 2rem;\n        }\n\n        .article-body {\n            padding: 2rem 0;\n        }\n\n        .intro-block {\n            background: var(--bg-light);\n            padding: 3rem;\n            border-radius: 20px;\n            margin-bottom: 4rem;\n            font-size: 1.1rem;\n            line-height: 1.8;\n        }\n\n        .stats-grid {\n            display: grid;\n            grid-template-columns: repeat(auto-fit, minmax(250px, 1fr));\n            gap: 2rem;\n            margin-bottom: 4rem;\n        }\n\n        .stat-card {\n            background: white;\n            padding: 2rem;\n            border-radius: 15px;\n            text-align: center;\n            box-shadow: 0 10px 30px rgba(0,0,0,0.1);\n            transition: transform 0.3s ease;\n        }\n\n        .stat-card:hover {\n            transform: translateY(-5px);\n        }\n\n        .stat-card .number {\n            font-size: 3rem;\n            font-weight: 800;\n            color: var(--primary-blue);\n            font-family: var(--font-heading);\n            display: block;\n            margin-bottom: 0.5rem;\n        }\n\n        .stat-card .label {\n            font-weight: 600;\n            color: var(--text-dark);\n            font-size: 1.1rem;\n        }\n\n        .article-body h2 {\n            font-family: var(--font-heading);\n            font-size: 2.2rem;\n            font-weight: 700;\n            color: var(--primary-blue);\n            margin: 3rem 0 1.5rem;\n            border-left: 5px solid var(--primary-blue);\n            padding-left: 1rem;\n        }\n\n        .article-body h3 {\n            font-family: var(--font-heading);\n            font-size: 1.6rem;\n            font-weight: 600;\n            color: var(--primary-blue-dark);\n            margin: 2rem 0 1rem;\n        }\n\n        .article-body h4 {\n            font-family: var(--font-heading);\n            font-size: 1.3rem;\n            font-weight: 600;\n            color: var(--text-dark);\n            margin: 1.5rem 0 0.8rem;\n        }\n\n        .article-body p {\n            margin-bottom: 1.5rem;\n            font-size: 1.05rem;\n            line-height: 1.7;\n        }\n\n        .article-body ul, .article-body ol {\n            margin-bottom: 1.5rem;\n            padding-left: 2rem;\n        }\n\n        .article-body li {\n            margin-bottom: 0.8rem;\n            font-size: 1.05rem;\n            line-height: 1.6;\n        }\n\n        .conseil-card {\n            background: linear-gradient(135deg, var(--primary-teal), #7dd3f8);\n            padding: 2rem;\n            border-radius: 15px;\n            margin: 2rem 0;\n            color: var(--text-dark);\n            position: relative;\n            overflow: hidden;\n        }\n\n        .conseil-card::before {\n            content: \"\ud83d\udca1\";\n            position: absolute;\n            top: 1rem;\n            right: 1rem;\n            font-size: 2rem;\n            opacity: 0.7;\n        }\n\n        .conseil-card h4 {\n            color: var(--primary-blue-dark);\n            margin-bottom: 1rem;\n            font-weight: 700;\n        }\n\n        .key-points {\n            background: var(--bg-light);\n            padding: 2rem;\n            border-radius: 15px;\n            margin: 2rem 0;\n            border-left: 5px solid var(--primary-blue);\n        }\n\n        .key-points h4 {\n            color: var(--primary-blue);\n            margin-bottom: 1rem;\n            display: flex;\n            align-items: center;\n            gap: 0.5rem;\n        }\n\n        .key-points h4::before {\n            content: \"\ud83c\udfaf\";\n            font-size: 1.2rem;\n        }\n\n        .tip-box {\n            background: linear-gradient(135deg, var(--primary-yellow), #ffd93d);\n            padding: 1.5rem;\n            border-radius: 10px;\n            margin: 2rem 0;\n            border-left: 4px solid var(--primary-pink);\n        }\n\n        .tip-box-label {\n            font-weight: 700;\n            color: var(--primary-blue-dark);\n            margin-bottom: 0.5rem;\n            display: block;\n        }\n\n        .expert-box {\n            background: white;\n            border: 2px solid var(--primary-blue);\n            border-radius: 15px;\n            padding: 2rem;\n            margin: 2rem 0;\n            position: relative;\n        }\n\n        .expert-box-label {\n            position: absolute;\n            top: -12px;\n            left: 2rem;\n            background: var(--primary-blue);\n            color: white;\n            padding: 0.3rem 1rem;\n            border-radius: 20px;\n            font-size: 0.9rem;\n            font-weight: 600;\n        }\n\n        .expert-box-title {\n            color: var(--primary-blue);\n            font-weight: 700;\n            margin-bottom: 1rem;\n            font-size: 1.2rem;\n        }\n\n        .expert-inner {\n            background: var(--bg-light);\n            padding: 1.5rem;\n            border-radius: 10px;\n            margin-top: 1rem;\n        }\n\n        .expert-inner-title {\n            font-weight: 600;\n            color: var(--primary-blue-dark);\n            margin-bottom: 0.8rem;\n        }\n\n        .faq-list {\n            margin: 3rem 0;\n        }\n\n        .faq-item {\n            background: white;\n            border: 1px solid #e9ecef;\n            border-radius: 10px;\n            margin-bottom: 1rem;\n            overflow: hidden;\n            transition: box-shadow 0.3s ease;\n        }\n\n        .faq-item:hover {\n            box-shadow: 0 5px 15px rgba(0,0,0,0.1);\n        }\n\n        .faq-q {\n            padding: 1.5rem;\n            cursor: pointer;\n            display: flex;\n            justify-content: space-between;\n            align-items: center;\n            font-weight: 600;\n            color: var(--primary-blue);\n            transition: background-color 0.3s ease;\n        }\n\n        .faq-q:hover {\n            background-color: var(--bg-light);\n        }\n\n        .faq-icon {\n            font-size: 1.5rem;\n            font-weight: bold;\n            color: var(--primary-blue);\n            transition: transform 0.3s ease;\n        }\n\n        .faq-item.open .faq-icon {\n            transform: rotate(45deg);\n        }\n\n        .faq-a {\n            padding: 0 1.5rem;\n            max-height: 0;\n            overflow: hidden;\n            transition: all 0.3s ease;\n            background-color: var(--bg-light);\n        }\n\n        .faq-item.open .faq-a {\n            padding: 1.5rem;\n            max-height: 1000px;\n        }\n\n        .cta-box {\n            background: linear-gradient(135deg, var(--primary-blue), var(--primary-blue-dark));\n            color: white;\n            padding: 3rem;\n            border-radius: 20px;\n            text-align: center;\n            margin: 4rem 0;\n        }\n\n        .cta-box h3 {\n            color: white;\n            margin-bottom: 1rem;\n        }\n\n        .cta-buttons {\n            margin-top: 2rem;\n            display: flex;\n            gap: 1rem;\n            justify-content: center;\n            flex-wrap: wrap;\n        }\n\n        .btn-white {\n            background: white;\n            color: var(--primary-blue);\n            padding: 1rem 2rem;\n            border: none;\n            border-radius: 50px;\n            font-weight: 600;\n            text-decoration: none;\n            display: inline-block;\n            transition: transform 0.3s ease;\n        }\n\n        .btn-white:hover {\n            transform: translateY(-2px);\n            box-shadow: 0 10px 20px rgba(0,0,0,0.2);\n        }\n\n        .btn-outline {\n            background: transparent;\n            color: white;\n            padding: 1rem 2rem;\n            border: 2px solid white;\n            border-radius: 50px;\n            font-weight: 600;\n            text-decoration: none;\n            display: inline-block;\n            transition: all 0.3s ease;\n        }\n\n        .btn-outline:hover {\n            background: white;\n            color: var(--primary-blue);\n            transform: translateY(-2px);\n        }\n\n        .article-tags {\n            margin-top: 3rem;\n            padding-top: 2rem;\n            border-top: 1px solid #e9ecef;\n        }\n\n        .article-tag {\n            display: inline-block;\n            background: var(--bg-light);\n            color: var(--text-dark);\n            padding: 0.5rem 1rem;\n            border-radius: 20px;\n            margin: 0.5rem 0.5rem 0.5rem 0;\n            text-decoration: none;\n            font-size: 0.9rem;\n            transition: all 0.3s ease;\n        }\n\n        .article-tag:hover {\n            background: var(--primary-blue);\n            color: white;\n        }\n\n        @media (max-width: 768px) {\n            .article-hero h1 {\n                font-size: 2rem;\n            }\n            \n            .article-hero-inner {\n                padding: 0 1rem;\n            }\n            \n            .container {\n                padding: 0 1rem;\n            }\n            \n            .intro-block {\n                padding: 2rem;\n            }\n            \n            .stats-grid {\n                grid-template-columns: 1fr;\n            }\n            \n            .article-meta {\n                flex-direction: column;\n                gap: 0.5rem;\n            }\n            \n            .cta-buttons {\n                flex-direction: column;\n                align-items: center;\n            }\n        }\n\n        .rating-stars {\n            color: var(--primary-yellow);\n            margin-top: 1rem;\n            display: flex;\n            align-items: center;\n            gap: 0.5rem;\n        }\n    <\/style>\n<\/head>\n<body><section class=\"article-hero\">\n        <div class=\"article-hero-inner\">\n            <div class=\"article-breadcrumb\">\n                <a href=\"#\">In\u00edcio<\/a> > <a href=\"#\">Pedagogia<\/a> > <a href=\"#\">Dist\u00farbios da linguagem<\/a> > Ensinar a um aluno disfasico\n            <\/div>\n            <div class=\"article-category\">Pedagogia adaptada<\/div>\n            <h1>As melhores t\u00e9cnicas para <span class=\"hl\">ensinar a um aluno disfasico<\/span><\/h1>\n            <div class=\"article-meta\">\n                <span>\ud83d\udcc5 Abril 2026<\/span>\n                <span>\u23f1\ufe0f 25 min de leitura<\/span>\n                <span>\ud83d\udc65 Professores & Educadores<\/span>\n            <\/div>\n            <div class=\"rating-stars\">\n                <span>\u2b50\u2b50\u2b50\u2b50\u2b50<\/span>\n                <span>4.8\/5 (234 avalia\u00e7\u00f5es)<\/span>\n            <\/div>\n        <\/div>\n        <div class=\"article-hero-curve\"><\/div>\n    <\/section>\n\n    <div class=\"article-body\">\n        <div class=\"container\">\n<div class=\"intro-block\">\n                <p>A disfasia representa um dos desafios pedag\u00f3gicos mais complexos enfrentados pelos professores hoje. Esse dist\u00farbio da linguagem, que afeta entre 2 e 3% da popula\u00e7\u00e3o escolar, necessita de uma abordagem pedag\u00f3gica especializada e adaptada. Ao contr\u00e1rio do que se pensa, a disfasia n\u00e3o est\u00e1 relacionada a um d\u00e9ficit intelectual, mas constitui um dist\u00farbio espec\u00edfico do desenvolvimento da linguagem oral que impacta significativamente os aprendizados escolares.<\/p>\n                \n                <p>O acompanhamento bem-sucedido de um aluno disl\u00e9xico depende da implementa\u00e7\u00e3o de estrat\u00e9gias pedag\u00f3gicas inovadoras, da utiliza\u00e7\u00e3o de ferramentas tecnol\u00f3gicas adequadas como <a href=\"https:\/\/www.dynseo.com\/pt-pt\/coco-pensa-e-coco-se-mexe\/\">COCO PENSA e COCO SE MEXE<\/a>, e de uma colabora\u00e7\u00e3o estreita entre todos os atores educacionais. Este guia completo lhe propor\u00e1 t\u00e9cnicas comprovadas, adapta\u00e7\u00f5es concretas e recursos pr\u00e1ticos para transformar sua sala de aula em um ambiente de aprendizagem inclusivo e estimulante.<\/p>\n                \n                <p>Cada aluno disl\u00e9xico apresenta um perfil \u00fanico que requer a individualiza\u00e7\u00e3o das abordagens pedag\u00f3gicas. As pesquisas recentes em neuroplasticidade demonstram que interven\u00e7\u00f5es direcionadas e precoces podem melhorar consideravelmente as habilidades lingu\u00edsticas e o desempenho escolar dessas crian\u00e7as. Nossa expertise na DYNSEO nos permite apoi\u00e1-lo nessa abordagem de adapta\u00e7\u00e3o pedag\u00f3gica.<\/p>\n                \n                <p>Al\u00e9m das t\u00e9cnicas especializadas, este guia tamb\u00e9m aborda os aspectos legislativos, as modalidades de avalia\u00e7\u00e3o adequadas e as perspectivas futuras para a inclus\u00e3o escolar. O objetivo \u00e9 fornecer todas as ferramentas necess\u00e1rias para fazer de sua sala de aula um espa\u00e7o onde cada aluno disl\u00e9xico possa florescer e ter sucesso em sua escolaridade.<\/p>\n                \n                <p>Os depoimentos de professores experientes, os estudos de caso detalhados e os recursos complementares enriquecer\u00e3o sua compreens\u00e3o e sua pr\u00e1tica di\u00e1ria. Juntos, vamos construir uma escola mais inclusiva e acolhedora para todos os nossos alunos.<\/p>\n            <\/div>\n\n            <div class=\"stats-grid\">\n                <div class=\"stat-card\">\n                    <span class=\"number\">2-3%<\/span>\n                    <span class=\"label\">dos alunos afetados pela disfasia<\/span>\n                <\/div>\n                <div class=\"stat-card\">\n                    <span class=\"number\">85%<\/span>\n                    <span class=\"label\">de melhoria com adapta\u00e7\u00f5es<\/span>\n                <\/div>\n                <div class=\"stat-card\">\n                    <span class=\"number\">12<\/span>\n                    <span class=\"label\">t\u00e9cnicas pedag\u00f3gicas especializadas<\/span>\n                <\/div>\n<div class=\"stat-card\">\n                    <span class=\"number\">95%<\/span>\n                    <span class=\"label\">de satisfa\u00e7\u00e3o professores<\/span>\n                <\/div>\n            <\/div>\n\n            <h2>1. Compreender a disfasia: defini\u00e7\u00e3o e manifesta\u00e7\u00f5es<\/h2>\n            \n            <p>A disfasia, tamb\u00e9m chamada de dist\u00farbio do desenvolvimento da linguagem (DDL), constitui um dist\u00farbio neurodesenvolvimental persistente que afeta a aquisi\u00e7\u00e3o, a compreens\u00e3o e a express\u00e3o da linguagem oral. Ao contr\u00e1rio de um simples atraso de linguagem transit\u00f3rio, a disfasia se caracteriza por dificuldades duradouras que impactam significativamente a comunica\u00e7\u00e3o e os aprendizados escolares.<\/p>\n\n            <p>As manifesta\u00e7\u00f5es da disfasia variam consideravelmente de uma crian\u00e7a para outra, mas geralmente observam-se dificuldades em v\u00e1rios dom\u00ednios lingu\u00edsticos: a fonologia (organiza\u00e7\u00e3o dos sons), a morfossintaxe (estrutura gramatical), o l\u00e9xico (vocabul\u00e1rio) e a pragm\u00e1tica (uso social da linguagem). Esses dist\u00farbios podem ser acompanhados de dificuldades na compreens\u00e3o de instru\u00e7\u00f5es complexas, na organiza\u00e7\u00e3o do discurso e na memoriza\u00e7\u00e3o de sequ\u00eancias verbais.<\/p>\n\n            <p>\u00c9 crucial distinguir a disfasia de outros dist\u00farbios que podem apresentar sintomas semelhantes. Ao contr\u00e1rio do transtorno do espectro autista, a disfasia n\u00e3o afeta as compet\u00eancias sociais n\u00e3o-verbais. Ela tamb\u00e9m se diferencia da defici\u00eancia intelectual pela preserva\u00e7\u00e3o das capacidades cognitivas n\u00e3o-verbais. Essa distin\u00e7\u00e3o diagn\u00f3stica \u00e9 essencial para propor adapta\u00e7\u00f5es pedag\u00f3gicas apropriadas.<\/p>\n\n            <div class=\"conseil-card\">\n                <h4>Conselho de especialista DYNSEO<\/h4>\n                <p>A observa\u00e7\u00e3o atenta das intera\u00e7\u00f5es em sala de aula permite identificar os sinais de alerta: dificuldades em seguir as instru\u00e7\u00f5es orais, express\u00f5es simplificadas, evita\u00e7\u00e3o de falar, compensa\u00e7\u00e3o por gestos ou desenhos. Um caderno de observa\u00e7\u00f5es compartilhado entre a equipe educativa facilita a identifica\u00e7\u00e3o precoce e a adapta\u00e7\u00e3o das estrat\u00e9gias.<\/p>\n            <\/div>\n\n            <div class=\"key-points\">\n                <h4>Pontos-chave a reter<\/h4>\n                <ul>\n                    <li>A disfasia afeta de 2 a 3% das crian\u00e7as em idade escolar, com predomin\u00e2ncia masculina<\/li>\n                    <li>Os dist\u00farbios persistem na idade adulta, mas podem ser consideravelmente melhorados por interven\u00e7\u00f5es adequadas<\/li>\n                    <li>O diagn\u00f3stico diferencial requer uma avalia\u00e7\u00e3o multidisciplinar incluindo fonoaudi\u00f3logo, neuropsic\u00f3logo e m\u00e9dico<\/li>\n                    <li>A precocidade da identifica\u00e7\u00e3o e da interven\u00e7\u00e3o condiciona amplamente o sucesso escolar e social<\/li>\n                <\/ul>\n            <\/div>\n<div class=\"tip-box\">\n                <span class=\"tip-box-label\">Dica pr\u00e1tica<\/span>\n                Crie um \"dicion\u00e1rio visual\" personalizado para cada aluno disl\u00e9xico, associando palavras-chave do programa escolar e suportes visuais. Esta ferramenta evolutiva facilita a memoriza\u00e7\u00e3o e a express\u00e3o oral.\n            <\/div>\n\n            <h2>2. Neurobiologia e mecanismos da dislexia<\/h2>\n\n            <p>Os avan\u00e7os em neuroimagem enriqueceram consideravelmente nossa compreens\u00e3o dos mecanismos neurobiol\u00f3gicos subjacentes \u00e0 dislexia. Os estudos mostram particularidades anat\u00f4micas e funcionais nas regi\u00f5es cerebrais dedicadas \u00e0 linguagem, notavelmente a \u00e1rea de Broca (produ\u00e7\u00e3o) e a \u00e1rea de Wernicke (compreens\u00e3o), assim como nos circuitos de conex\u00e3o entre essas regi\u00f5es.<\/p>\n\n            <p>A dislexia resulta de uma combina\u00e7\u00e3o de fatores gen\u00e9ticos e ambientais que perturbam o desenvolvimento normal das redes neuronais lingu\u00edsticas. Pesquisas recentes identificam v\u00e1rios genes candidatos envolvidos nesse transtorno, explicando a componente heredit\u00e1ria observada em muitas fam\u00edlias. No entanto, a express\u00e3o dessas predisposi\u00e7\u00f5es gen\u00e9ticas pode ser modulada pelo ambiente lingu\u00edstico e educacional.<\/p>\n\n            <p>A neuroplasticidade cerebral oferece uma esperan\u00e7a consider\u00e1vel para a reabilita\u00e7\u00e3o e a adapta\u00e7\u00e3o pedag\u00f3gica. O c\u00e9rebro da crian\u00e7a disl\u00e9xica conserva uma capacidade not\u00e1vel de desenvolver circuitos alternativos e otimizar as regi\u00f5es preservadas. Essa plasticidade justifica a import\u00e2ncia de interven\u00e7\u00f5es precoces e intensivas, assim como a utiliza\u00e7\u00e3o de ferramentas tecnol\u00f3gicas como <a href=\"https:\/\/www.dynseo.com\/pt-pt\/coco-pensa-e-coco-se-mexe\/\">COCO PENSA e COCO SE MEXE<\/a> que estimulam esses processos adaptativos.<\/p>\n\n            <div class=\"expert-box\">\n                <span class=\"expert-box-label\">Especializa\u00e7\u00e3o neurol\u00f3gica<\/span>\n                <div class=\"expert-box-title\">Mecanismos compensat\u00f3rios na dislexia<\/div>\n                <p>As crian\u00e7as disl\u00e9xicas desenvolvem naturalmente estrat\u00e9gias de compensa\u00e7\u00e3o que merecem ser encorajadas e otimizadas em sala de aula. O uso preferencial do hemisf\u00e9rio direito para certas tarefas lingu\u00edsticas, o recurso a \u00edndices visuais e contextuais, e a ativa\u00e7\u00e3o de circuitos fronto-parietais para a mem\u00f3ria de trabalho constituem recursos a serem explorados pedagogicamente.<\/p>\n                \n                <div class=\"expert-inner\">\n                    <div class=\"expert-inner-title\">Aplica\u00e7\u00f5es pedag\u00f3gicas diretas<\/div>\n                    <p>Essa compreens\u00e3o neurobiol\u00f3gica orienta as escolhas pedag\u00f3gicas: privilegiar os suportes multissensoriais, respeitar os tempos de processamento prolongados, utilizar a repeti\u00e7\u00e3o espa\u00e7ada para consolidar os circuitos neuronais e propor atividades que solicitem as capacidades preservadas enquanto estimulam as \u00e1reas deficit\u00e1rias.<\/p>\n                <\/div>\n            <\/div>\n<div class=\"key-points\">\n                <h4>Implica\u00e7\u00f5es pedag\u00f3gicas das descobertas neurocient\u00edficas<\/h4>\n                <ul>\n                    <li>Os tempos de processamento da informa\u00e7\u00e3o verbal s\u00e3o prolongados, necessitando de pausas e repeti\u00e7\u00f5es<\/li>\n                    <li>A mem\u00f3ria de trabalho verbal \u00e9 limitada, justificando a decomposi\u00e7\u00e3o das tarefas complexas<\/li>\n                    <li>As capacidades visuoespaciais s\u00e3o frequentemente preservadas e constituem um grande trunfo pedag\u00f3gico<\/li>\n                    <li>A motiva\u00e7\u00e3o e a autoestima influenciam diretamente a ativa\u00e7\u00e3o dos circuitos de aprendizagem<\/li>\n                <\/ul>\n            <\/div>\n\n            <h2>3. Resumo das melhores pr\u00e1ticas pedag\u00f3gicas<\/h2>\n\n            <p>Acompanhamento pedag\u00f3gico dos alunos com disfasia baseia-se em um conjunto de princ\u00edpios fundamentais validados pela pesquisa e pela experi\u00eancia de campo. Essas pr\u00e1ticas se articulam em torno de tr\u00eas eixos principais: a adapta\u00e7\u00e3o do ambiente de aprendizagem, a modifica\u00e7\u00e3o dos m\u00e9todos de ensino e a utiliza\u00e7\u00e3o de ferramentas de compensa\u00e7\u00e3o tecnol\u00f3gicas e anal\u00f3gicas.<\/p>\n\n            <p>O sucesso dessas interven\u00e7\u00f5es depende amplamente da coer\u00eancia e da coordena\u00e7\u00e3o entre todos os atores envolvidos na escolaridade da crian\u00e7a. O professor desempenha um papel central, mas n\u00e3o pode agir efetivamente sem a colabora\u00e7\u00e3o do fonoaudi\u00f3logo, da fam\u00edlia, da equipe educativa e, \u00e0s vezes, dos servi\u00e7os m\u00e9dico-sociais. Essa abordagem sist\u00eamica garante a generaliza\u00e7\u00e3o dos conhecimentos adquiridos e a sustentabilidade dos progressos.<\/p>\n\n            <p>A individualiza\u00e7\u00e3o das abordagens \u00e9 a palavra-chave do acompanhamento pedag\u00f3gico em disfasia. Cada crian\u00e7a apresenta um perfil \u00fanico de dificuldades e compet\u00eancias que requer uma avalia\u00e7\u00e3o precisa e uma adapta\u00e7\u00e3o cont\u00ednua das estrat\u00e9gias. As ferramentas digitais como <a href=\"https:\/\/www.dynseo.com\/pt-pt\/coco-pensa-e-coco-se-mexe\/\">COCO PENSA e COCO SE MEXE<\/a> permitem essa personaliza\u00e7\u00e3o em tempo real e oferecem um acompanhamento preciso dos progressos.<\/p>\n\n            <div class=\"conseil-card\">\n                <h4>S\u00edntese das melhores pr\u00e1ticas<\/h4>\n                <p>As pesquisas convergem para sete t\u00e9cnicas essenciais: cria\u00e7\u00e3o de um ambiente estruturado, uso massivo de suportes visuais, estimula\u00e7\u00e3o multimodal da comunica\u00e7\u00e3o, adapta\u00e7\u00e3o dos m\u00e9todos de ensino, desenvolvimento da autonomia, colabora\u00e7\u00e3o interprofissional e envolvimento familiar. Essas t\u00e9cnicas devem ser aplicadas de forma coordenada e progressiva.<\/p>\n            <\/div>\n<div class=\"key-points\">\n                <h4>Princ\u00edpios pedag\u00f3gicos fundamentais<\/h4>\n                <ul>\n                    <li><strong>Explicita\u00e7\u00e3o :<\/strong> Tornar vis\u00edveis as regras impl\u00edcitas da linguagem e dos aprendizados<\/li>\n                    <li><strong>Repeti\u00e7\u00e3o inteligente :<\/strong> Variar os contextos de utiliza\u00e7\u00e3o para consolidar os conhecimentos<\/li>\n                    <li><strong>Metacogni\u00e7\u00e3o :<\/strong> Ensinar ao aluno como ele aprende e quais estrat\u00e9gias utilizar<\/li>\n                    <li><strong>Valoriza\u00e7\u00e3o :<\/strong> Reconhecer os esfor\u00e7os e os progressos para manter a motiva\u00e7\u00e3o<\/li>\n                    <li><strong>Compensa\u00e7\u00e3o :<\/strong> Desenvolver estrat\u00e9gias alternativas eficazes<\/li>\n                <\/ul>\n            <\/div>\n\n            <h2>4. T\u00e9cnica 1 : Criar um ambiente de aprendizagem ideal<\/h2>\n\n            <p>O ambiente f\u00edsico e social da sala de aula exerce uma influ\u00eancia determinante nas capacidades de aprendizagem dos alunos com dist\u00farbios DIS. Essas crian\u00e7as, particularmente sens\u00edveis a distra\u00e7\u00f5es auditivas e visuais, se beneficiam grandemente de um ambiente estruturado, previs\u00edvel e calmante. A organiza\u00e7\u00e3o espacial da sala deve favorecer a concentra\u00e7\u00e3o enquanto facilita as intera\u00e7\u00f5es pedag\u00f3gicas.<\/p>\n\n            <p>A gest\u00e3o do ru\u00eddo constitui um desafio maior para os alunos com dist\u00farbios DIS cujas dificuldades de processamento auditivo podem ser exacerbadas por um ambiente sonoro ca\u00f3tico. A instala\u00e7\u00e3o de materiais absorventes, a sensibiliza\u00e7\u00e3o de todos os alunos para a gest\u00e3o do volume sonoro e o uso de sinais visuais para as instru\u00e7\u00f5es permitem criar um clima prop\u00edcio aos aprendizados.<\/p>\n\n            <p>A organiza\u00e7\u00e3o temporal reveste uma import\u00e2ncia particular para esses alunos que precisam de refer\u00eancias est\u00e1veis e transi\u00e7\u00f5es preparadas. Um cronograma visual exibido, rituais de in\u00edcio e fim de sess\u00e3o, e uma antecipa\u00e7\u00e3o das mudan\u00e7as de atividades reduzem a ansiedade e otimizam o engajamento nas tarefas propostas.<\/p>\n\n            <div class=\"expert-box\">\n                <span class=\"expert-box-label\">Design pedag\u00f3gico inclusivo<\/span>\n                <div class=\"expert-box-title\">Arranjo espacial ideal<\/div>\n                <p>A pesquisa em ergonomia escolar recomenda um posicionamento estrat\u00e9gico do aluno com dist\u00farbios DIS: pr\u00f3ximo do professor para facilitar as trocas, de costas para as fontes de distra\u00e7\u00e3o, com f\u00e1cil acesso aos suportes visuais. O uso de um assento din\u00e2mico pode melhorar a aten\u00e7\u00e3o sustentada.<\/p>\n                \n                <div class=\"expert-inner\">\n                    <div class=\"expert-inner-title\">Zonas de aprendizagem diferenciadas<\/div>\n                    <p>Organizar a sala em espa\u00e7os funcionais: canto de leitura calma, espa\u00e7o de manipula\u00e7\u00e3o, zona de agrupamento para atividades orais. Essa estrutura\u00e7\u00e3o espacial ajuda o aluno com dist\u00farbios DIS a antecipar os tipos de atividades e a adaptar suas estrat\u00e9gias cognitivas.<\/p>\n                <\/div>\n            <\/div>\n\n            <div class=\"conseil-card\">\n                <h4>Check-list para um ambiente ideal<\/h4>\n                <ul>\n                    <li>Ilumina\u00e7\u00e3o natural privilegiada, evitar n\u00e9ons piscantes<\/li>\n                    <li>Temperatura est\u00e1vel entre 19-21\u00b0C para otimizar a aten\u00e7\u00e3o<\/li>\n                    <li>Exibi\u00e7\u00f5es limpas e organizadas por \u00e1reas de aprendizagem<\/li>\n                    <li>Material de manipula\u00e7\u00e3o acess\u00edvel e organizado de forma l\u00f3gica<\/li>\n                    <li>Espa\u00e7o de recuo tranquilo para momentos de sobrecarga cognitiva<\/li>\n                <\/ul>\n            <\/div>\n<div class=\"tip-box\">\n                <span class=\"tip-box-label\">Inova\u00e7\u00e3o tecnol\u00f3gica<\/span>\n                Utilize os aplicativos COCO PENSA e COCO SE MEXE para criar pausas ativas regulares que permitem ao aluno com dist\u00farbios DIS regular sua aten\u00e7\u00e3o e consolidar seus aprendizados pelo movimento.\n            <\/div>\n\n            <h2>5. T\u00e9cnica 2 : Uso otimizado de ferramentas visuais e t\u00e1teis<\/h2>\n\n            <p>Os suportes visuais constituem um importante alavancador pedag\u00f3gico para os alunos com dist\u00farbios DIS cujas habilidades visuoespaciais geralmente s\u00e3o preservadas, ou at\u00e9 superiores \u00e0 m\u00e9dia. O uso estrat\u00e9gico de imagens, esquemas, mapas mentais e pictogramas permite contornar as dificuldades lingu\u00edsticas enquanto enriquece a compreens\u00e3o e a memoriza\u00e7\u00e3o dos conte\u00fados acad\u00eamicos.<\/p>\n\n            <p>A hierarquiza\u00e7\u00e3o da informa\u00e7\u00e3o visual deve respeitar os princ\u00edpios da psicologia cognitiva: simplicidade, coer\u00eancia, progress\u00e3o l\u00f3gica e liga\u00e7\u00f5es expl\u00edcitas entre os elementos. As cores, utilizadas de forma sistem\u00e1tica, podem codificar diferentes tipos de informa\u00e7\u00f5es (vermelho para as instru\u00e7\u00f5es importantes, verde para os exemplos, azul para as defini\u00e7\u00f5es) e facilitar a navega\u00e7\u00e3o cognitiva do aluno.<\/p>\n\n            <p>Os suportes t\u00e1teis e manipul\u00e1veis complementam eficazmente a abordagem visual ao solicitar a mem\u00f3ria cinest\u00e9sica. O uso de material concreto para o aprendizado de matem\u00e1tica, de letras \u00e1speras para a ortografia, ou de objetos reais para enriquecer o vocabul\u00e1rio ativa circuitos neuronais m\u00faltiplos e favorece a codifica\u00e7\u00e3o em mem\u00f3ria de longo prazo.<\/p>\n\n            <div class=\"key-points\">\n                <h4>Tipologia dos suportes visuais eficazes<\/h4>\n                <ul>\n                    <li><strong>Organizadores gr\u00e1ficos:<\/strong> mapas conceituais, linhas do tempo, tabelas comparativas<\/li>\n                    <li><strong>Suportes procedimentais:<\/strong> check-lists ilustradas, passo-a-passo visuais, algoritmos ilustrados<\/li>\n                    <li><strong>Ajudas-mem\u00f3ria:<\/strong> cartazes de refer\u00eancia, marcadores de p\u00e1gina personalizados, c\u00f3digos de cores<\/li>\n                    <li><strong>Ferramentas de comunica\u00e7\u00e3o:<\/strong> pictogramas, gestos associados, suportes digitais interativos<\/li>\n                <\/ul>\n            <\/div>\n\n            <div class=\"conseil-card\">\n                <h4>Cria\u00e7\u00e3o de um repert\u00f3rio visual personalizado<\/h4>\n                <p>Desenvolva progressivamente com o aluno um \"caderno de sucesso\" ilustrado contendo suas estrat\u00e9gias vencedoras, suas palavras-chave visualizadas, seus procedimentos personalizados. Esta ferramenta evolutiva torna-se uma refer\u00eancia que promove autonomia e valoriza\u00e7\u00e3o. Integre capturas de tela das atividades COCO bem-sucedidas para manter a motiva\u00e7\u00e3o.<\/p>\n            <\/div>\n\n            <div class=\"expert-box\">\n                <span class=\"expert-box-label\">Neuroci\u00eancias aplicadas<\/span>\n<div class=\"expert-box-title\">Otimiza\u00e7\u00e3o da carga cognitiva<\/div>\n                <p>A teoria da carga cognitiva orienta a escolha dos suportes visuais: evitar a sobrecarga informacional, utilizar o efeito de modalidade (associar canal visual e auditivo), respeitar o efeito de contiguidade espacial e temporal. Esses princ\u00edpios maximizam a efic\u00e1cia dos aprendizados em alunos com dist\u00farbios DIS.<\/p>\n            <\/div>\n\n            <h2>6. T\u00e9cnica 3: Estimula\u00e7\u00e3o da comunica\u00e7\u00e3o verbal e n\u00e3o verbal<\/h2>\n\n            <p>A estimula\u00e7\u00e3o da comunica\u00e7\u00e3o no aluno com dist\u00farbios DIS requer uma abordagem multimodal que valorize todas as formas de express\u00e3o dispon\u00edveis. O objetivo n\u00e3o \u00e9 apenas desenvolver a linguagem oral, mas criar um sistema de comunica\u00e7\u00e3o eficaz e gratificante que integre gestos, express\u00f5es faciais, suportes visuais e verbaliza\u00e7\u00f5es de acordo com as capacidades de cada crian\u00e7a.<\/p>\n\n            <p>A comunica\u00e7\u00e3o n\u00e3o verbal assume uma import\u00e2ncia particular nesses alunos que podem compensar suas dificuldades expressivas por meio de um enriquecimento gestual e uma expressividade facial desenvolvida. O professor deve aprender a decodificar esses sinais alternativos e encorajar seu uso, enquanto continua a estimula\u00e7\u00e3o verbal. Essa abordagem acolhedora evita o des\u00e2nimo e mant\u00e9m o engajamento comunicacional.<\/p>\n\n            <p>As t\u00e9cnicas de facilita\u00e7\u00e3o verbal se inspiram nos m\u00e9todos fonoaudiol\u00f3gicos: reformula\u00e7\u00f5es encorajadoras, modelos lingu\u00edsticos adaptados, perguntas abertas progressivas e valoriza\u00e7\u00e3o sistem\u00e1tica das tentativas expressivas. O uso de aplicativos como <a href=\"https:\/\/www.dynseo.com\/pt-pt\/coco-pensa-e-coco-se-mexe\/\">COCO PENSA e COCO SE MEXE<\/a> enriquece esse trabalho por meio de atividades l\u00fadicas que visam especificamente as compet\u00eancias lingu\u00edsticas.<\/p>\n\n            <div class=\"tip-box\">\n                <span class=\"tip-box-label\">T\u00e9cnica de modelagem lingu\u00edstica<\/span>\n                Reformule as produ\u00e7\u00f5es do aluno corrigindo implicitamente os erros e enriquecendo a mensagem. Por exemplo, se o aluno disser \"Eu quero livro\", responda naturalmente \"Voc\u00ea quer pegar emprestado este livro de hist\u00f3ria? \u00c9 uma excelente ideia!\".\n            <\/div>\n\n            <div class=\"key-points\">\n                <h4>Estrat\u00e9gias de estimula\u00e7\u00e3o comunicacional<\/h4>\n                <ul>\n                    <li><strong>Tempo de espera:<\/strong> Deixar 10-15 segundos para a elabora\u00e7\u00e3o da resposta<\/li>\n                    <li><strong>Perguntas graduadas:<\/strong> Come\u00e7ar com escolhas m\u00faltiplas antes das perguntas abertas<\/li>\n                    <li><strong>Suportes de apoio:<\/strong> Imagens, in\u00edcio de frase, palavras-chave propostas<\/li>\n                    <li><strong>Valoriza\u00e7\u00e3o do processo:<\/strong> Elogiar o esfor\u00e7o comunicacional tanto quanto o resultado<\/li>\n                    <li><strong>Generaliza\u00e7\u00e3o:<\/strong> Criar situa\u00e7\u00f5es variadas de uso dos conhecimentos adquiridos<\/li>\n                <\/ul>\n            <\/div>\n\n            <div class=\"expert-box\">\n                <span class=\"expert-box-label\">Pragm\u00e1tica da linguagem<\/span>\n                <div class=\"expert-box-title\">Desenvolver as compet\u00eancias socio-comunicacionais<\/div>\n                <p>Al\u00e9m dos aspectos formais da linguagem, os alunos com dist\u00farbios DIS podem apresentar dificuldades no uso social da comunica\u00e7\u00e3o: turno de fala, adapta\u00e7\u00e3o ao contexto, impl\u00edcitos conversacionais. Um trabalho espec\u00edfico sobre esses aspectos pragm\u00e1ticos melhora a integra\u00e7\u00e3o social e escolar.<\/p>\n                \n                <div class=\"expert-inner\">\n<div class=\"expert-inner-title\">Ateli\u00eas de comunica\u00e7\u00e3o social<\/div>\n                    <p>Organizar jogos de pap\u00e9is, debates estruturados, apresenta\u00e7\u00f5es em duplas para desenvolver essas compet\u00eancias em um ambiente seguro. A utiliza\u00e7\u00e3o de roteiros sociais e de suportes visuais facilita a aprendizagem desses c\u00f3digos complexos.<\/p>\n                <\/div>\n            <\/div>\n\n            <h2>7. T\u00e9cnica 4 : Adapta\u00e7\u00e3o personalizada dos m\u00e9todos de ensino<\/h2>\n\n            <p>A adapta\u00e7\u00e3o pedag\u00f3gica para os alunos disl\u00e9xicos vai muito al\u00e9m da simples modifica\u00e7\u00e3o dos suportes; envolve uma revis\u00e3o profunda dos m\u00e9todos de ensino para torn\u00e1-los acess\u00edveis e eficazes. Essa individualiza\u00e7\u00e3o requer uma avalia\u00e7\u00e3o detalhada do perfil cognitivo do aluno, de suas estrat\u00e9gias preferenciais de aprendizagem e de suas \u00e1reas de compet\u00eancia preservadas.<\/p>\n\n            <p>A decomposi\u00e7\u00e3o das tarefas complexas em etapas simples e expl\u00edcitas constitui um pilar dessa adapta\u00e7\u00e3o. Cada instru\u00e7\u00e3o deve ser analisada para identificar os pr\u00e9-requisitos lingu\u00edsticos e cognitivos, e ent\u00e3o reformulada em uma linguagem acess\u00edvel. A utiliza\u00e7\u00e3o de suportes procedimentais visuais guia o aluno em dire\u00e7\u00e3o \u00e0 autonomia progressiva, enquanto reduz a carga cognitiva.<\/p>\n\n            <p>As modalidades de avalia\u00e7\u00e3o tamb\u00e9m requerem uma adapta\u00e7\u00e3o significativa. O objetivo \u00e9 avaliar as compet\u00eancias disciplinares em vez das capacidades lingu\u00edsticas, sendo adequado propor formatos alternativos: QCM ilustrados, respostas curtas, manipula\u00e7\u00f5es concretas, avalia\u00e7\u00f5es orais com suportes visuais. Essa abordagem diferenciada frequentemente revela compet\u00eancias insuspeitas nesses alunos.<\/p>\n\n            <div class=\"conseil-card\">\n                <h4>Grade de adapta\u00e7\u00e3o pedag\u00f3gica personalizada<\/h4>\n                <p>Crie para cada aluno uma ficha sint\u00e9tica listando suas necessidades espec\u00edficas, seus pontos fortes, as adapta\u00e7\u00f5es eficazes e as ferramentas compensat\u00f3rias utilizadas. Essa ficha, atualizada regularmente, facilita a transmiss\u00e3o entre professores e garante a continuidade das adapta\u00e7\u00f5es.<\/p>\n            <\/div>\n\n            <div class=\"key-points\">\n                <h4>\u00c1reas de adapta\u00e7\u00e3o priorit\u00e1rias<\/h4>\n                <ul>\n                    <li><strong>Compreens\u00e3o das instru\u00e7\u00f5es:<\/strong> Simplifica\u00e7\u00e3o sint\u00e1tica, vocabul\u00e1rio expl\u00edcito, exemplos concretos<\/li>\n                    <li><strong>Produ\u00e7\u00e3o escrita:<\/strong> Ditado para o adulto, corretores ortogr\u00e1ficos, estruturas organizacionais<\/li>\n                    <li><strong>Memoriza\u00e7\u00e3o:<\/strong> T\u00e9cnicas mnemot\u00e9cnicas visuais, repeti\u00e7\u00f5es espa\u00e7adas, liga\u00e7\u00f5es l\u00f3gicas<\/li>\n                    <li><strong>Organiza\u00e7\u00e3o:<\/strong> Planejamento visual, check-lists, rituais estruturantes<\/li>\n                    <li><strong>Avalia\u00e7\u00e3o:<\/strong> Formatos alternativos, tempo aumentado, crit\u00e9rios expl\u00edcitos<\/li>\n                <\/ul>\n            <\/div>\n\n            <div class=\"expert-box\">\n                <span class=\"expert-box-label\">Pedagogia diferenciada<\/span>\n                <div class=\"expert-box-title\">Implementa\u00e7\u00e3o pr\u00e1tica da adapta\u00e7\u00e3o<\/div>\n                <p>A adapta\u00e7\u00e3o eficaz baseia-se em tr\u00eas n\u00edveis de interven\u00e7\u00e3o: as acomoda\u00e7\u00f5es (modifica\u00e7\u00f5es de forma sem mudan\u00e7a de objetivos), as modifica\u00e7\u00f5es (ajuste dos objetivos) e as adapta\u00e7\u00f5es (objetivos alternativos). Essa grada\u00e7\u00e3o permite manter expectativas elevadas enquanto respeita as particularidades de cada aluno.<\/p>\n                \n                <div class=\"expert-inner\">\n<div class=\"expert-inner-title\">Ferramentas tecnol\u00f3gicas de adapta\u00e7\u00e3o<\/div>\n                    <p>Os softwares de s\u00edntese de voz, os corretores preditivos, os aplicativos como COCO PENSA e COCO SE MEXE constituem ajudas t\u00e9cnicas valiosas. Sua introdu\u00e7\u00e3o gradual permite ao aluno desenvolver suas compet\u00eancias digitais enquanto compensa suas dificuldades lingu\u00edsticas.<\/p>\n                <\/div>\n            <\/div>\n\n            <h2>8. T\u00e9cnica 5 : Desenvolvimento da autonomia e da confian\u00e7a em si mesmo<\/h2>\n\n            <p>O desenvolvimento da autonomia no aluno disl\u00e9xico constitui um desafio maior que condiciona seu sucesso escolar e seu crescimento pessoal. Essa autonomia n\u00e3o pode ser constru\u00edda sem um trabalho pr\u00e9vio sobre a autoestima, frequentemente fragilizada pelas dificuldades de comunica\u00e7\u00e3o e pelos fracassos repetidos. O professor desempenha um papel crucial nessa reconstru\u00e7\u00e3o identit\u00e1ria positiva.<\/p>\n\n            <p>A pedagogia do sucesso se mostra particularmente eficaz com esses alunos. Ela consiste em decompor os aprendizados em micro-objetivos alcan\u00e7\u00e1veis, valorizar cada progresso mesmo que m\u00ednimo, e criar situa\u00e7\u00f5es de sucesso aut\u00eanticas. Essa abordagem gradual permite ao aluno recuperar a confian\u00e7a em suas capacidades e desenvolver sua perseveran\u00e7a diante das dificuldades.<\/p>\n\n            <p>O ensino expl\u00edcito das estrat\u00e9gias de aprendizagem contribui significativamente para o desenvolvimento da autonomia. O aluno disl\u00e9xico deve aprender a identificar suas dificuldades, escolher as ferramentas compensat\u00f3rias apropriadas e autoavaliar suas produ\u00e7\u00f5es. Essa metacogni\u00e7\u00e3o, apoiada por ferramentas como <a href=\"https:\/\/www.dynseo.com\/pt-pt\/coco-pensa-e-coco-se-mexe\/\">COCO PENSA e COCO SE MEXE<\/a>, transforma o aluno em um agente consciente de seus aprendizados.<\/p>\n\n            <div class=\"tip-box\">\n                <span class=\"tip-box-label\">T\u00e9cnica do portf\u00f3lio de sucessos<\/span>\n                Construa com o aluno um dossi\u00ea de suas melhores produ\u00e7\u00f5es, acompanhadas de suas reflex\u00f5es sobre as estrat\u00e9gias utilizadas. Este portf\u00f3lio valorizador torna-se uma ferramenta de motiva\u00e7\u00e3o e an\u00e1lise dos progressos.\n            <\/div>\n\n            <div class=\"key-points\">\n                <h4>Pilares do desenvolvimento da autonomia<\/h4>\n                <ul>\n                    <li><strong>Autoavalia\u00e7\u00e3o :<\/strong> Grades simplificadas, crit\u00e9rios visuais, objetivos personalizados<\/li>\n                    <li><strong>Metacogni\u00e7\u00e3o :<\/strong> Verbaliza\u00e7\u00e3o das estrat\u00e9gias, di\u00e1rio de aprendizagens<\/li>\n                    <li><strong>Autorregula\u00e7\u00e3o :<\/strong> Gest\u00e3o do tempo, identifica\u00e7\u00e3o de recursos, pedido de ajuda<\/li>\n                    <li><strong>Responsabiliza\u00e7\u00e3o :<\/strong> Pap\u00e9is valorizadores na sala de aula, miss\u00f5es espec\u00edficas<\/li>\n                    <li><strong>Projeto pessoal :<\/strong> Objetivos escolhidos e planejados pelo aluno<\/li>\n                <\/ul>\n            <\/div>\n\n            <div class=\"expert-box\">\n                <span class=\"expert-box-label\">Psicologia positiva aplicada<\/span>\n                <div class=\"expert-box-title\">Refor\u00e7o da autoestima<\/div>\n                <p>As pesquisas em psicologia positiva mostram a import\u00e2ncia das for\u00e7as pessoais na constru\u00e7\u00e3o identit\u00e1ria. Identificar e desenvolver os talentos espec\u00edficos do aluno disl\u00e9xico (criatividade, empatia, pensamento visual, perseveran\u00e7a) contribui para equilibrar sua auto-percep\u00e7\u00e3o e mobilizar seus recursos.<\/p>\n                \n                <div class=\"expert-inner\">\n<div class=\"expert-inner-title\">C\u00edrculo virtuoso do sucesso<\/div>\n                    <p>Sucesso \u2192 Confian\u00e7a \u2192 Compromisso \u2192 Progresso \u2192 Sucesso. Este c\u00edrculo virtuoso se inicia pela cria\u00e7\u00e3o de situa\u00e7\u00f5es de sucesso aut\u00eanticas e progressivas. A utiliza\u00e7\u00e3o de ferramentas adequadas permite manter essa din\u00e2mica positiva a longo prazo.<\/p>\n                <\/div>\n            <\/div>\n\n            <h2>9. T\u00e9cnica 6 : Colabora\u00e7\u00e3o interprofissional eficaz<\/h2>\n\n            <p>O atendimento ideal de um aluno disfasico requer uma colabora\u00e7\u00e3o estreita entre diferentes profissionais: professor, fonoaudi\u00f3logo, psic\u00f3logo escolar, m\u00e9dico, e \u00e0s vezes terapeuta ocupacional ou psicomotricista. Esta abordagem interprofissional garante a coer\u00eancia das interven\u00e7\u00f5es e maximiza a efic\u00e1cia das adapta\u00e7\u00f5es implementadas.<\/p>\n\n            <p>A comunica\u00e7\u00e3o entre esses profissionais deve ser estruturada e regular. Reuni\u00f5es de s\u00edntese trimestrais, a manuten\u00e7\u00e3o de um caderno de comunica\u00e7\u00e3o, e a utiliza\u00e7\u00e3o de ferramentas de comunica\u00e7\u00e3o digitais facilitam as trocas de informa\u00e7\u00f5es e o ajuste das estrat\u00e9gias. Cada profissional traz sua expertise espec\u00edfica enquanto se inscreve em um projeto coerente.<\/p>\n\n            <p>O papel do professor nesta colabora\u00e7\u00e3o \u00e9 central, mas n\u00e3o exclusivo. Ele observa diariamente a evolu\u00e7\u00e3o do aluno, testa a efic\u00e1cia das adapta\u00e7\u00f5es propostas, e repassa as informa\u00e7\u00f5es pertinentes para a equipe. Esta posi\u00e7\u00e3o privilegiada o torna um coordenador natural do projeto pedag\u00f3gico individualizado.<\/p>\n\n            <div class=\"conseil-card\">\n                <h4>Organiza\u00e7\u00e3o de uma colabora\u00e7\u00e3o eficaz<\/h4>\n                <p>Estabele\u00e7a desde o in\u00edcio do ano um calend\u00e1rio de encontros, defina os pap\u00e9is de cada um, crie ferramentas de comunica\u00e7\u00e3o compartilhadas e institua um sistema de monitoramento para detectar rapidamente as dificuldades emergentes. A regularidade e a clareza das trocas condicionam o sucesso dessa colabora\u00e7\u00e3o.<\/p>\n            <\/div>\n\n            <div class=\"key-points\">\n                <h4>Atuantes da colabora\u00e7\u00e3o e seus pap\u00e9is espec\u00edficos<\/h4>\n                <ul>\n                    <li><strong>Fonoaudi\u00f3logo :<\/strong> Reabilita\u00e7\u00e3o da linguagem, conselhos pedag\u00f3gicos especializados<\/li>\n                    <li><strong>Psic\u00f3logo escolar :<\/strong> Avalia\u00e7\u00e3o cognitiva, apoio emocional, orienta\u00e7\u00e3o parental<\/li>\n                    <li><strong>M\u00e9dico escolar :<\/strong> Acompanhamento m\u00e9dico, adapta\u00e7\u00f5es de exames, liga\u00e7\u00e3o com especialistas<\/li>\n                    <li><strong>AESH :<\/strong> Acompanhamento di\u00e1rio, implementa\u00e7\u00e3o das adapta\u00e7\u00f5es<\/li>\n                    <li><strong>Fam\u00edlia :<\/strong> Continuidade educativa, informa\u00e7\u00e3o sobre a evolu\u00e7\u00e3o em casa<\/li>\n                <\/ul>\n            <\/div>\n\n            <div class=\"expert-box\">\n                <span class=\"expert-box-label\">Gest\u00e3o de projeto educativo<\/span>\n<div class=\"expert-box-title\">Coordena\u00e7\u00e3o interprofissional otimizada<\/div>\n                <p>A efic\u00e1cia da colabora\u00e7\u00e3o repousa sobre princ\u00edpios de gest\u00e3o de projeto: objetivos SMART (Espec\u00edficos, Mensur\u00e1veis, Alcan\u00e7\u00e1veis, Realistas, Temporais), indicadores de acompanhamento, avalia\u00e7\u00e3o regular das a\u00e7\u00f5es, ajustes em tempo real. Esta metodologia profissionaliza o acompanhamento.<\/p>\n            <\/div>\n\n            <h2>10. T\u00e9cnica 7: Implica\u00e7\u00e3o ativa das fam\u00edlias<\/h2>\n\n            <p>A implica\u00e7\u00e3o das fam\u00edlias no acompanhamento escolar dos alunos com dist\u00farbios DIS se revela determinante para a generaliza\u00e7\u00e3o e a pereniza\u00e7\u00e3o dos aprendizados. Os pais, primeiros educadores da crian\u00e7a, possuem um conhecimento \u00edntimo de suas necessidades, de suas estrat\u00e9gias espont\u00e2neas e de sua evolu\u00e7\u00e3o. Esta expertise parental complementa utilmente a observa\u00e7\u00e3o escolar.<\/p>\n\n            <p>A forma\u00e7\u00e3o das fam\u00edlias nas especificidades da disfasia e nas estrat\u00e9gias de ajuda eficazes constitui um investimento a longo prazo. Oficinas pais-professores, fornecimento de recursos documentais adequados e a introdu\u00e7\u00e3o a ferramentas tecnol\u00f3gicas como <a href=\"https:\/\/www.dynseo.com\/pt-pt\/coco-pensa-e-coco-se-mexe\/\">COCO PENSA e COCO SE MEXE<\/a> permitem que as fam\u00edlias apoiem efetivamente os aprendizados em casa.<\/p>\n\n            <p>A comunica\u00e7\u00e3o escola-fam\u00edlia deve ser benevolente, regular e construtiva. Trata-se de superar a simples transmiss\u00e3o de informa\u00e7\u00f5es para construir uma verdadeira alian\u00e7a educativa. Os pais precisam ser tranquilizados, orientados e valorizados em seu papel de acompanhantes. Esta rela\u00e7\u00e3o de confian\u00e7a m\u00fatua beneficia diretamente o aluno.<\/p>\n\n            <div class=\"tip-box\">\n                <span class=\"tip-box-label\">Caderno de liga\u00e7\u00e3o enriquecido<\/span>\n                Crie um sistema de comunica\u00e7\u00e3o di\u00e1ria incluindo n\u00e3o apenas as informa\u00e7\u00f5es escolares, mas tamb\u00e9m os sucessos, as estrat\u00e9gias eficazes descobertas e as sugest\u00f5es de atividades a serem continuadas em casa.\n            <\/div>\n\n            <div class=\"key-points\">\n                <h4>Modalidades de implica\u00e7\u00e3o familiar eficazes<\/h4>\n                <ul>\n                    <li><strong>Forma\u00e7\u00e3o parental:<\/strong> Compreens\u00e3o do transtorno, t\u00e9cnicas de ajuda, utiliza\u00e7\u00e3o de ferramentas<\/li>\n                    <li><strong>Comunica\u00e7\u00e3o regular:<\/strong> Reuni\u00f5es mensais, cadernos de liga\u00e7\u00e3o, telefonemas<\/li>\n                    <li><strong>Atividades conjuntas:<\/strong> Leituras compartilhadas, jogos educativos, sa\u00eddas pedag\u00f3gicas<\/li>\n                    <li><strong>Apoio emocional:<\/strong> Grupos de fala, recursos associativos, orienta\u00e7\u00e3o psicol\u00f3gica<\/li>\n                    <li><strong>Advocacia:<\/strong> Representa\u00e7\u00e3o dos interesses da crian\u00e7a, participa\u00e7\u00e3o nas decis\u00f5es<\/li>\n                <\/ul>\n            <\/div>\n\n            <div class=\"expert-box\">\n                <span class=\"expert-box-label\">Sist\u00eamica familiar<\/span>\n                <div class=\"expert-box-title\">Impacto da disfasia na din\u00e2mica familiar<\/div>\n                <p>A disfasia de uma crian\u00e7a pode desestabilizar o equil\u00edbrio familiar: estresse parental, irm\u00e3os em questionamento, reorganiza\u00e7\u00e3o do cotidiano. Uma abordagem sist\u00eamica leva em conta essas dimens\u00f5es e prop\u00f5e um apoio global \u00e0 fam\u00edlia, condi\u00e7\u00e3o necess\u00e1ria para o desenvolvimento da crian\u00e7a com disfasia.<\/p>\n                \n                <div class=\"expert-inner\">\n<div class=\"expert-inner-title\">Ressources de soutien familial<\/div>\n                    <p>Orienter vers les associations de parents, les groupes de soutien, les formations sp\u00e9cialis\u00e9es. Ces ressources permettent aux familles de sortir de l'isolement et de d\u00e9velopper leurs comp\u00e9tences d'accompagnement.<\/p>\n                <\/div>\n            <\/div>\n\n            <h2>11. \u00c9valuation et suivi des progr\u00e8s<\/h2>\n\n            <p>L'\u00e9valuation des \u00e9l\u00e8ves dysphasiques n\u00e9cessite une approche sp\u00e9cifique qui distingue clairement l'\u00e9valuation des comp\u00e9tences disciplinaires de celle des comp\u00e9tences langagi\u00e8res. L'objectif est de r\u00e9v\u00e9ler les acquis r\u00e9els de l'\u00e9l\u00e8ve sans que ses difficult\u00e9s expressives masquent ses connaissances et sa compr\u00e9hension des concepts enseign\u00e9s.<\/p>\n\n            <p>Les modalit\u00e9s d'\u00e9valuation doivent \u00eatre diversifi\u00e9es et adapt\u00e9es aux profils individuels : \u00e9valuations orales avec supports visuels, QCM illustr\u00e9s, d\u00e9monstrations pratiques, portfolios \u00e9volutifs, auto-\u00e9valuations guid\u00e9es. Cette diversification permet de multiplier les occasions de r\u00e9ussite et d'obtenir une vision compl\u00e8te des comp\u00e9tences de l'\u00e9l\u00e8ve.<\/p>\n\n            <p>Le suivi longitudinal des progr\u00e8s s'appuie sur des indicateurs pr\u00e9cis et observables. L'utilisation d'outils num\u00e9riques comme <a href=\"https:\/\/www.dynseo.com\/version-coco\/\">COCO PENSE et COCO BOUGE<\/a> facilite ce suivi en fournissant des donn\u00e9es objectives sur l'\u00e9volution des performances. Ces informations guident l'ajustement des strat\u00e9gies p\u00e9dagogiques et motivent l'\u00e9l\u00e8ve en rendant visibles ses progr\u00e8s.<\/p>\n\n            <div class=\"conseil-card\">\n                <h4>Grille d'\u00e9valuation adapt\u00e9e<\/h4>\n                <p>D\u00e9veloppez des crit\u00e8res d'\u00e9valuation sp\u00e9cifiques qui valorisent les strat\u00e9gies de compensation, l'effort fourni, et les progr\u00e8s relatifs plut\u00f4t que les performances absolues. Cette approche formative encourage l'engagement et maintient la motivation intrins\u00e8que de l'\u00e9l\u00e8ve.<\/p>\n            <\/div>\n\n            <div class=\"key-points\">\n                <h4>Principes d'\u00e9valuation adapt\u00e9e<\/h4>\n                <ul>\n                    <li><strong>S\u00e9paration des objectifs :<\/strong> Distinguer comp\u00e9tences disciplinaires et langagi\u00e8res<\/li>\n                    <li><strong>Formats multiples :<\/strong> Oral, \u00e9crit, manipulatoire, num\u00e9rique selon les domaines<\/li>\n                    <li><strong>Temps ajust\u00e9 :<\/strong> Majoration syst\u00e9matique pour compenser les lenteurs de traitement<\/li>\n                    <li><strong>Supports autoris\u00e9s :<\/strong> Dictionnaires visuels, aides-m\u00e9moire, outils technologiques<\/li>\n                    <li><strong>Feedback constructif :<\/strong> Retours pr\u00e9cis et encourageants sur les strat\u00e9gies utilis\u00e9es<\/li>\n                <\/ul>\n            <\/div>\n\n            <div class=\"expert-box\">\n                <span class=\"expert-box-label\">Docimologie adapt\u00e9e<\/span>\n                \n<div class=\"expert-box-title\">Science de l'\u00e9valuation en contexte inclusif<\/div>\n                <p>La docimologie moderne int\u00e8gre les principes de l'Universal Design for Learning (UDL) pour cr\u00e9er des \u00e9valuations authentiquement \u00e9quitables. Pour les \u00e9l\u00e8ves dysphasiques, cela implique de proposer multiple means of representation, engagement, and action\/expression dans les situations d'\u00e9valuation.<\/p>\n            <\/div>\n\n            <h2>12. Formation et sensibilisation de l'\u00e9quipe \u00e9ducative<\/h2>\n\n            <p>La formation de l'\u00e9quipe \u00e9ducative aux sp\u00e9cificit\u00e9s de la dysphasie constitue un pr\u00e9requis indispensable \u00e0 la mise en \u0153uvre d'une p\u00e9dagogie adapt\u00e9e. Cette formation doit \u00eatre \u00e0 la fois th\u00e9orique pour comprendre les m\u00e9canismes du trouble, et pratique pour ma\u00eetriser les techniques d'adaptation. Elle concerne l'ensemble des acteurs : enseignants, AESH, personnel administratif, agents de service.<\/p>\n\n            <p>La sensibilisation de la communaut\u00e9 scolaire d\u00e9passe le cadre des professionnels pour inclure les \u00e9l\u00e8ves de la classe et leurs familles. Cette d\u00e9marche inclusive vise \u00e0 cr\u00e9er un climat d'acceptation et de bienveillance o\u00f9 les diff\u00e9rences sont comprises et respect\u00e9es. Des actions de sensibilisation adapt\u00e9es \u00e0 l'\u00e2ge favorisent l'empathie et pr\u00e9viennent les situations de discrimination ou de harc\u00e8lement.<\/p>\n\n            <p>La formation continue et l'actualisation des connaissances s'av\u00e8rent n\u00e9cessaires compte tenu de l'\u00e9volution rapide des recherches en neurosciences et en p\u00e9dagogie adapt\u00e9e. La participation \u00e0 des formations sp\u00e9cialis\u00e9es, la consultation de ressources expertes comme celles propos\u00e9es par DYNSEO, et l'\u00e9change de pratiques avec des coll\u00e8gues exp\u00e9riment\u00e9s enrichissent continuellement les comp\u00e9tences professionnelles.<\/p>\n\n            <div class=\"key-points\">\n                <h4>Programme de formation recommand\u00e9<\/h4>\n                <ul>\n                    <li><strong>Module 1 :<\/strong> Neurobiologie de la dysphasie et implications p\u00e9dagogiques<\/li>\n                    <li><strong>Module 2 :<\/strong> Techniques d'adaptation et outils compensatoires<\/li>\n                    <li><strong>Module 3 :<\/strong> \u00c9valuation diff\u00e9renci\u00e9e et suivi des progr\u00e8s<\/li>\n                    <li><strong>Module 4 :<\/strong> Collaboration interprofessionnelle et travail en \u00e9quipe<\/li>\n                    <li><strong>Module 5 :<\/strong> Communication avec les familles et soutien parental<\/li>\n                <\/ul>\n            <\/div>\n\n            \n<div class=\"tip-box\">\n                <span class=\"tip-box-label\">Communaut\u00e9 de pratique<\/span>\n                Cr\u00e9ez un groupe de travail inter-\u00e9tablissements pour partager les ressources, mutualiser les formations, et d\u00e9velopper des outils communs. Cette dynamique collaborative enrichit les pratiques de chacun.\n            <\/div>\n\n            <h2>13. Recherche et perspectives d'avenir<\/h2>\n\n            <p>Les avanc\u00e9es r\u00e9centes en neurosciences cognitives ouvrent des perspectives prometteuses pour l'accompagnement des \u00e9l\u00e8ves dysphasiques. Les recherches sur la neuroplasticit\u00e9 d\u00e9montrent que des interventions cibl\u00e9es peuvent induire des r\u00e9organisations c\u00e9r\u00e9brales significatives, m\u00eame \u00e0 l'adolescence. Ces d\u00e9couvertes encouragent le d\u00e9veloppement de nouvelles approches th\u00e9rapeutiques et p\u00e9dagogiques plus efficaces.<\/p>\n\n            <p>L'intelligence artificielle et les technologies num\u00e9riques r\u00e9volutionnent les outils d'aide \u00e0 la communication et \u00e0 l'apprentissage. Les applications de reconnaissance vocale, les syst\u00e8mes de pr\u00e9diction textuelle, et les environnements d'apprentissage adaptatifs comme COCO PENSE et COCO BOUGE repr\u00e9sentent l'avant-garde de ces innovations. Ces outils promettent une personnalisation toujours plus fine des interventions.<\/p>\n\n            <p>La recherche longitudinale sur le devenir des \u00e9l\u00e8ves dysphasiques r\u00e9v\u00e8le l'importance\n<script type=\"application\/ld+json\">\n[\n  {\n    \"@context\": \"https:\/\/schema.org\",\n    \"@type\": \"Article\",\n    \"headline\": \"Les meilleures techniques pour enseigner \u00e0 un \u00e9l\u00e8ve dysphasique\",\n    \"description\": \"D\u00e9couvrez les meilleures techniques p\u00e9dagogiques adapt\u00e9es pour enseigner efficacement \u00e0 un \u00e9l\u00e8ve dysphasique et favoriser son apprentissage.\",\n    \"url\": \"https:\/\/www.dynseo.com\/les-meilleures-techniques-pour-enseigner-a-un-eleve-dysphasique\/\",\n    \"datePublished\": \"2026-04-07\",\n    \"dateModified\": \"2026-04-07\",\n    \"author\": {\n      \"@type\": \"Organization\",\n      \"name\": \"DYNSEO\",\n      \"url\": \"https:\/\/www.dynseo.com\"\n    },\n    \"publisher\": {\n      \"@type\": \"Organization\",\n      \"name\": \"DYNSEO\",\n      \"url\": \"https:\/\/www.dynseo.com\",\n      \"logo\": {\n        \"@type\": \"ImageObject\",\n        \"url\": \"https:\/\/www.dynseo.com\/logo.png\"\n      }\n    },\n    \"mainEntityOfPage\": {\n      \"@type\": \"WebPage\",\n      \"@id\": \"https:\/\/www.dynseo.com\/les-meilleures-techniques-pour-enseigner-a-un-eleve-dysphasique\/\"\n    },\n    \"image\": {\n      \"@type\": \"ImageObject\",\n      \"url\": \"https:\/\/www.dynseo.com\/images\/techniques-eleve-dysphasique.jpg\",\n      \"width\": 1200,\n      \"height\": 630\n    },\n    \"aggregateRating\": {\n      \"@type\": \"AggregateRating\",\n      \"ratingValue\": \"4.8\",\n      \"bestRating\": \"5\",\n      \"ratingCount\": \"47\"\n    },\n    \"articleSection\": \"P\u00e9dagogie adapt\u00e9e\",\n    \"wordCount\": 2500\n  },\n  {\n    \"@context\": \"https:\/\/schema.org\",\n    \"@type\": \"WebPage\",\n    \"name\": \"Les meilleures techniques pour enseigner \u00e0 un \u00e9l\u00e8ve dysphasique\",\n    \"description\": \"D\u00e9couvrez les meilleures techniques p\u00e9dagogiques adapt\u00e9es pour enseigner efficacement \u00e0 un \u00e9l\u00e8ve dysphasique et favoriser son apprentissage.\",\n    \"url\": \"https:\/\/www.dynseo.com\/les-meilleures-techniques-pour-enseigner-a-un-eleve-dysphasique\/\",\n    \"breadcrumb\": {\n      \"@type\": \"BreadcrumbList\",\n      \"itemListElement\": [\n        {\n          \"@type\": \"ListItem\",\n          \"position\": 1,\n          \"name\": \"Accueil\",\n          \"item\": \"https:\/\/www.dynseo.com\"\n        },\n        {\n          \"@type\": \"ListItem\",\n          \"position\": 2,\n          \"name\": \"Blog\",\n          \"item\": \"https:\/\/www.dynseo.com\/blog\"\n        },\n        {\n          \"@type\": \"ListItem\",\n          \"position\": 3,\n          \"name\": \"Les meilleures techniques pour enseigner \u00e0 un \u00e9l\u00e8ve dysphasique\",\n          \"item\": \"https:\/\/www.dynseo.com\/les-meilleures-techniques-pour-enseigner-a-un-eleve-dysphasique\/\"\n        }\n      ]\n    }\n  },\n  {\n    \"@context\": \"https:\/\/schema.org\",\n    \"@type\": \"FAQPage\",\n    \"mainEntity\": [\n      {\n        \"@type\": \"Question\",\n        \"name\": \"Quelles sont les principales difficult\u00e9s d'un \u00e9l\u00e8ve dysphasique ?\",\n        \"acceptedAnswer\": {\n          \"@type\": \"Answer\",\n          \"text\": \"Un \u00e9l\u00e8ve dysphasique pr\u00e9sente des difficult\u00e9s dans l'expression et\/ou la compr\u00e9hension du langage oral. Ces difficult\u00e9s peuvent inclure des probl\u00e8mes de vocabulaire, de syntaxe, de compr\u00e9hension des consignes complexes et d'expression orale fluide.\"\n        }\n      },\n      {\n        \"@type\": \"Question\",\n        \"name\": \"Comment adapter les supports p\u00e9dagogiques pour un \u00e9l\u00e8ve dysphasique ?\",\n        \"acceptedAnswer\": {\n          \"@type\": \"Answer\",\n          \"text\": \"Pour adapter les supports p\u00e9dagogiques, il faut privil\u00e9gier les supports visuels, simplifier les consignes, utiliser des pictogrammes, proposer des phrases courtes et claires, et offrir du temps suppl\u00e9mentaire pour la compr\u00e9hension et l'expression.\"\n        }\n      },\n      {\n        \"@type\": \"Question\",\n        \"name\": \"Quelles strat\u00e9gies d'enseignement sont les plus efficaces pour un \u00e9l\u00e8ve dysphasique ?\",\n        \"acceptedAnswer\": {\n          \"@type\": \"Answer\",\n          \"text\": \"Les strat\u00e9gies les plus efficaces incluent la r\u00e9p\u00e9tition et la reformulation, l'utilisation de supports multimodaux (visuel, auditif, kinesth\u00e9sique), la d\u00e9composition des t\u00e2ches complexes, l'encouragement et la valorisation des efforts, ainsi que la collaboration avec l'orthophoniste.\"\n        }\n      }\n    ]\n  }\n]\n<\/script>[\/et_pb_code][\/et_pb_column][\/et_pb_row][\/et_pb_section]","_et_gb_content_width":"","footnotes":""},"categories":[2915],"tags":[],"class_list":["post-560571","post","type-post","status-publish","format-standard","has-post-thumbnail","hentry","category-les-conseils-des-coachs"],"yoast_head":"<!-- This site is optimized with the Yoast SEO plugin v27.4 - https:\/\/yoast.com\/product\/yoast-seo-wordpress\/ -->\n<title>Les meilleures techniques pour enseigner \u00e0 un \u00e9l\u00e8ve dysphasique - DYNSEO - Aplica\u00e7\u00f5es educativas e jogos de mem\u00f3ria<\/title>\n<meta name=\"robots\" content=\"index, follow, max-snippet:-1, max-image-preview:large, max-video-preview:-1\" \/>\n<link rel=\"canonical\" href=\"https:\/\/www.dynseo.com\/pt-pt\/les-meilleures-techniques-pour-enseigner-a-un-eleve-dysphasique-2\/\" \/>\n<meta property=\"og:locale\" content=\"pt_PT\" \/>\n<meta property=\"og:type\" content=\"article\" \/>\n<meta property=\"og:title\" content=\"Les meilleures techniques pour enseigner \u00e0 un \u00e9l\u00e8ve dysphasique - DYNSEO - Aplica\u00e7\u00f5es educativas e jogos de mem\u00f3ria\" \/>\n<meta property=\"og:url\" content=\"https:\/\/www.dynseo.com\/pt-pt\/les-meilleures-techniques-pour-enseigner-a-un-eleve-dysphasique-2\/\" \/>\n<meta property=\"og:site_name\" content=\"DYNSEO - Aplica\u00e7\u00f5es educativas e jogos de mem\u00f3ria\" \/>\n<meta property=\"article:published_time\" content=\"2026-04-26T01:40:20+00:00\" \/>\n<meta property=\"article:modified_time\" content=\"2026-04-26T01:44:14+00:00\" \/>\n<meta property=\"og:image\" content=\"https:\/\/www.dynseo.com\/wp-content\/uploads\/2023\/03\/telemedecine-ehpad.png\" \/>\n\t<meta property=\"og:image:width\" content=\"500\" \/>\n\t<meta property=\"og:image:height\" content=\"500\" \/>\n\t<meta property=\"og:image:type\" content=\"image\/png\" \/>\n<meta name=\"author\" content=\"DYNSEO\" \/>\n<meta name=\"twitter:label1\" content=\"Escrito por\" \/>\n\t<meta name=\"twitter:data1\" content=\"DYNSEO\" \/>\n\t<meta name=\"twitter:label2\" content=\"Tempo estimado de leitura\" \/>\n\t<meta name=\"twitter:data2\" content=\"25 minutos\" \/>\n<script type=\"application\/ld+json\" class=\"yoast-schema-graph\">{\"@context\":\"https:\\\/\\\/schema.org\",\"@graph\":[{\"@type\":\"Article\",\"@id\":\"https:\\\/\\\/www.dynseo.com\\\/pt-pt\\\/les-meilleures-techniques-pour-enseigner-a-un-eleve-dysphasique-2\\\/#article\",\"isPartOf\":{\"@id\":\"https:\\\/\\\/www.dynseo.com\\\/pt-pt\\\/les-meilleures-techniques-pour-enseigner-a-un-eleve-dysphasique-2\\\/\"},\"author\":{\"name\":\"DYNSEO\",\"@id\":\"https:\\\/\\\/www.dynseo.com\\\/pt-pt\\\/#\\\/schema\\\/person\\\/78ef63df2ee64e0989bc68f8401b38d6\"},\"headline\":\"Les meilleures techniques pour enseigner \u00e0 un \u00e9l\u00e8ve dysphasique\",\"datePublished\":\"2026-04-26T01:40:20+00:00\",\"dateModified\":\"2026-04-26T01:44:14+00:00\",\"mainEntityOfPage\":{\"@id\":\"https:\\\/\\\/www.dynseo.com\\\/pt-pt\\\/les-meilleures-techniques-pour-enseigner-a-un-eleve-dysphasique-2\\\/\"},\"wordCount\":5016,\"publisher\":{\"@id\":\"https:\\\/\\\/www.dynseo.com\\\/pt-pt\\\/#organization\"},\"image\":{\"@id\":\"https:\\\/\\\/www.dynseo.com\\\/pt-pt\\\/les-meilleures-techniques-pour-enseigner-a-un-eleve-dysphasique-2\\\/#primaryimage\"},\"thumbnailUrl\":\"https:\\\/\\\/www.dynseo.com\\\/wp-content\\\/uploads\\\/2023\\\/03\\\/telemedecine-ehpad.png\",\"articleSection\":[\"Les conseils des coachs\"],\"inLanguage\":\"pt-PT\"},{\"@type\":\"WebPage\",\"@id\":\"https:\\\/\\\/www.dynseo.com\\\/pt-pt\\\/les-meilleures-techniques-pour-enseigner-a-un-eleve-dysphasique-2\\\/\",\"url\":\"https:\\\/\\\/www.dynseo.com\\\/pt-pt\\\/les-meilleures-techniques-pour-enseigner-a-un-eleve-dysphasique-2\\\/\",\"name\":\"Les meilleures techniques pour enseigner \u00e0 un \u00e9l\u00e8ve dysphasique - DYNSEO - Aplica\u00e7\u00f5es educativas e jogos de mem\u00f3ria\",\"isPartOf\":{\"@id\":\"https:\\\/\\\/www.dynseo.com\\\/pt-pt\\\/#website\"},\"primaryImageOfPage\":{\"@id\":\"https:\\\/\\\/www.dynseo.com\\\/pt-pt\\\/les-meilleures-techniques-pour-enseigner-a-un-eleve-dysphasique-2\\\/#primaryimage\"},\"image\":{\"@id\":\"https:\\\/\\\/www.dynseo.com\\\/pt-pt\\\/les-meilleures-techniques-pour-enseigner-a-un-eleve-dysphasique-2\\\/#primaryimage\"},\"thumbnailUrl\":\"https:\\\/\\\/www.dynseo.com\\\/wp-content\\\/uploads\\\/2023\\\/03\\\/telemedecine-ehpad.png\",\"datePublished\":\"2026-04-26T01:40:20+00:00\",\"dateModified\":\"2026-04-26T01:44:14+00:00\",\"breadcrumb\":{\"@id\":\"https:\\\/\\\/www.dynseo.com\\\/pt-pt\\\/les-meilleures-techniques-pour-enseigner-a-un-eleve-dysphasique-2\\\/#breadcrumb\"},\"inLanguage\":\"pt-PT\",\"potentialAction\":[{\"@type\":\"ReadAction\",\"target\":[\"https:\\\/\\\/www.dynseo.com\\\/pt-pt\\\/les-meilleures-techniques-pour-enseigner-a-un-eleve-dysphasique-2\\\/\"]}]},{\"@type\":\"ImageObject\",\"inLanguage\":\"pt-PT\",\"@id\":\"https:\\\/\\\/www.dynseo.com\\\/pt-pt\\\/les-meilleures-techniques-pour-enseigner-a-un-eleve-dysphasique-2\\\/#primaryimage\",\"url\":\"https:\\\/\\\/www.dynseo.com\\\/wp-content\\\/uploads\\\/2023\\\/03\\\/telemedecine-ehpad.png\",\"contentUrl\":\"https:\\\/\\\/www.dynseo.com\\\/wp-content\\\/uploads\\\/2023\\\/03\\\/telemedecine-ehpad.png\",\"width\":500,\"height\":500,\"caption\":\"Aprenda de maneira l\u00fadica com nossos jogos para dislexia\"},{\"@type\":\"BreadcrumbList\",\"@id\":\"https:\\\/\\\/www.dynseo.com\\\/pt-pt\\\/les-meilleures-techniques-pour-enseigner-a-un-eleve-dysphasique-2\\\/#breadcrumb\",\"itemListElement\":[{\"@type\":\"ListItem\",\"position\":1,\"name\":\"Accueil\",\"item\":\"https:\\\/\\\/www.dynseo.com\\\/pt-pt\\\/\"},{\"@type\":\"ListItem\",\"position\":2,\"name\":\"Les meilleures techniques pour enseigner \u00e0 un \u00e9l\u00e8ve dysphasique\"}]},{\"@type\":\"WebSite\",\"@id\":\"https:\\\/\\\/www.dynseo.com\\\/pt-pt\\\/#website\",\"url\":\"https:\\\/\\\/www.dynseo.com\\\/pt-pt\\\/\",\"name\":\"Jeux de m\u00e9moire et stimulation cognitive\",\"description\":\"Entra\u00eenez votre m\u00e9moire et votre cerveau avec DYNSEO\",\"publisher\":{\"@id\":\"https:\\\/\\\/www.dynseo.com\\\/pt-pt\\\/#organization\"},\"potentialAction\":[{\"@type\":\"SearchAction\",\"target\":{\"@type\":\"EntryPoint\",\"urlTemplate\":\"https:\\\/\\\/www.dynseo.com\\\/pt-pt\\\/?s={search_term_string}\"},\"query-input\":{\"@type\":\"PropertyValueSpecification\",\"valueRequired\":true,\"valueName\":\"search_term_string\"}}],\"inLanguage\":\"pt-PT\"},{\"@type\":\"Organization\",\"@id\":\"https:\\\/\\\/www.dynseo.com\\\/pt-pt\\\/#organization\",\"name\":\"DYNSEO\",\"url\":\"https:\\\/\\\/www.dynseo.com\\\/pt-pt\\\/\",\"logo\":{\"@type\":\"ImageObject\",\"inLanguage\":\"pt-PT\",\"@id\":\"https:\\\/\\\/www.dynseo.com\\\/pt-pt\\\/#\\\/schema\\\/logo\\\/image\\\/\",\"url\":\"https:\\\/\\\/www.dynseo.com\\\/wp-content\\\/uploads\\\/2022\\\/05\\\/logo-dynseo-new.png\",\"contentUrl\":\"https:\\\/\\\/www.dynseo.com\\\/wp-content\\\/uploads\\\/2022\\\/05\\\/logo-dynseo-new.png\",\"width\":5073,\"height\":1397,\"caption\":\"DYNSEO\"},\"image\":{\"@id\":\"https:\\\/\\\/www.dynseo.com\\\/pt-pt\\\/#\\\/schema\\\/logo\\\/image\\\/\"}},{\"@type\":\"Person\",\"@id\":\"https:\\\/\\\/www.dynseo.com\\\/pt-pt\\\/#\\\/schema\\\/person\\\/78ef63df2ee64e0989bc68f8401b38d6\",\"name\":\"DYNSEO\",\"url\":\"https:\\\/\\\/www.dynseo.com\\\/pt-pt\\\/author\\\/justine\\\/\"}]}<\/script>\n<!-- \/ Yoast SEO plugin. -->","yoast_head_json":{"title":"Les meilleures techniques pour enseigner \u00e0 un \u00e9l\u00e8ve dysphasique - DYNSEO - Aplica\u00e7\u00f5es educativas e jogos de mem\u00f3ria","robots":{"index":"index","follow":"follow","max-snippet":"max-snippet:-1","max-image-preview":"max-image-preview:large","max-video-preview":"max-video-preview:-1"},"canonical":"https:\/\/www.dynseo.com\/pt-pt\/les-meilleures-techniques-pour-enseigner-a-un-eleve-dysphasique-2\/","og_locale":"pt_PT","og_type":"article","og_title":"Les meilleures techniques pour enseigner \u00e0 un \u00e9l\u00e8ve dysphasique - DYNSEO - Aplica\u00e7\u00f5es educativas e jogos de mem\u00f3ria","og_url":"https:\/\/www.dynseo.com\/pt-pt\/les-meilleures-techniques-pour-enseigner-a-un-eleve-dysphasique-2\/","og_site_name":"DYNSEO - Aplica\u00e7\u00f5es educativas e jogos de mem\u00f3ria","article_published_time":"2026-04-26T01:40:20+00:00","article_modified_time":"2026-04-26T01:44:14+00:00","og_image":[{"width":500,"height":500,"url":"https:\/\/www.dynseo.com\/wp-content\/uploads\/2023\/03\/telemedecine-ehpad.png","type":"image\/png"}],"author":"DYNSEO","twitter_misc":{"Escrito por":"DYNSEO","Tempo estimado de leitura":"25 minutos"},"schema":{"@context":"https:\/\/schema.org","@graph":[{"@type":"Article","@id":"https:\/\/www.dynseo.com\/pt-pt\/les-meilleures-techniques-pour-enseigner-a-un-eleve-dysphasique-2\/#article","isPartOf":{"@id":"https:\/\/www.dynseo.com\/pt-pt\/les-meilleures-techniques-pour-enseigner-a-un-eleve-dysphasique-2\/"},"author":{"name":"DYNSEO","@id":"https:\/\/www.dynseo.com\/pt-pt\/#\/schema\/person\/78ef63df2ee64e0989bc68f8401b38d6"},"headline":"Les meilleures techniques pour enseigner \u00e0 un \u00e9l\u00e8ve dysphasique","datePublished":"2026-04-26T01:40:20+00:00","dateModified":"2026-04-26T01:44:14+00:00","mainEntityOfPage":{"@id":"https:\/\/www.dynseo.com\/pt-pt\/les-meilleures-techniques-pour-enseigner-a-un-eleve-dysphasique-2\/"},"wordCount":5016,"publisher":{"@id":"https:\/\/www.dynseo.com\/pt-pt\/#organization"},"image":{"@id":"https:\/\/www.dynseo.com\/pt-pt\/les-meilleures-techniques-pour-enseigner-a-un-eleve-dysphasique-2\/#primaryimage"},"thumbnailUrl":"https:\/\/www.dynseo.com\/wp-content\/uploads\/2023\/03\/telemedecine-ehpad.png","articleSection":["Les conseils des coachs"],"inLanguage":"pt-PT"},{"@type":"WebPage","@id":"https:\/\/www.dynseo.com\/pt-pt\/les-meilleures-techniques-pour-enseigner-a-un-eleve-dysphasique-2\/","url":"https:\/\/www.dynseo.com\/pt-pt\/les-meilleures-techniques-pour-enseigner-a-un-eleve-dysphasique-2\/","name":"Les meilleures techniques pour enseigner \u00e0 un \u00e9l\u00e8ve dysphasique - DYNSEO - Aplica\u00e7\u00f5es educativas e jogos de mem\u00f3ria","isPartOf":{"@id":"https:\/\/www.dynseo.com\/pt-pt\/#website"},"primaryImageOfPage":{"@id":"https:\/\/www.dynseo.com\/pt-pt\/les-meilleures-techniques-pour-enseigner-a-un-eleve-dysphasique-2\/#primaryimage"},"image":{"@id":"https:\/\/www.dynseo.com\/pt-pt\/les-meilleures-techniques-pour-enseigner-a-un-eleve-dysphasique-2\/#primaryimage"},"thumbnailUrl":"https:\/\/www.dynseo.com\/wp-content\/uploads\/2023\/03\/telemedecine-ehpad.png","datePublished":"2026-04-26T01:40:20+00:00","dateModified":"2026-04-26T01:44:14+00:00","breadcrumb":{"@id":"https:\/\/www.dynseo.com\/pt-pt\/les-meilleures-techniques-pour-enseigner-a-un-eleve-dysphasique-2\/#breadcrumb"},"inLanguage":"pt-PT","potentialAction":[{"@type":"ReadAction","target":["https:\/\/www.dynseo.com\/pt-pt\/les-meilleures-techniques-pour-enseigner-a-un-eleve-dysphasique-2\/"]}]},{"@type":"ImageObject","inLanguage":"pt-PT","@id":"https:\/\/www.dynseo.com\/pt-pt\/les-meilleures-techniques-pour-enseigner-a-un-eleve-dysphasique-2\/#primaryimage","url":"https:\/\/www.dynseo.com\/wp-content\/uploads\/2023\/03\/telemedecine-ehpad.png","contentUrl":"https:\/\/www.dynseo.com\/wp-content\/uploads\/2023\/03\/telemedecine-ehpad.png","width":500,"height":500,"caption":"Aprenda de maneira l\u00fadica com nossos jogos para dislexia"},{"@type":"BreadcrumbList","@id":"https:\/\/www.dynseo.com\/pt-pt\/les-meilleures-techniques-pour-enseigner-a-un-eleve-dysphasique-2\/#breadcrumb","itemListElement":[{"@type":"ListItem","position":1,"name":"Accueil","item":"https:\/\/www.dynseo.com\/pt-pt\/"},{"@type":"ListItem","position":2,"name":"Les meilleures techniques pour enseigner \u00e0 un \u00e9l\u00e8ve dysphasique"}]},{"@type":"WebSite","@id":"https:\/\/www.dynseo.com\/pt-pt\/#website","url":"https:\/\/www.dynseo.com\/pt-pt\/","name":"Jeux de m\u00e9moire et stimulation cognitive","description":"Entra\u00eenez votre m\u00e9moire et votre cerveau avec DYNSEO","publisher":{"@id":"https:\/\/www.dynseo.com\/pt-pt\/#organization"},"potentialAction":[{"@type":"SearchAction","target":{"@type":"EntryPoint","urlTemplate":"https:\/\/www.dynseo.com\/pt-pt\/?s={search_term_string}"},"query-input":{"@type":"PropertyValueSpecification","valueRequired":true,"valueName":"search_term_string"}}],"inLanguage":"pt-PT"},{"@type":"Organization","@id":"https:\/\/www.dynseo.com\/pt-pt\/#organization","name":"DYNSEO","url":"https:\/\/www.dynseo.com\/pt-pt\/","logo":{"@type":"ImageObject","inLanguage":"pt-PT","@id":"https:\/\/www.dynseo.com\/pt-pt\/#\/schema\/logo\/image\/","url":"https:\/\/www.dynseo.com\/wp-content\/uploads\/2022\/05\/logo-dynseo-new.png","contentUrl":"https:\/\/www.dynseo.com\/wp-content\/uploads\/2022\/05\/logo-dynseo-new.png","width":5073,"height":1397,"caption":"DYNSEO"},"image":{"@id":"https:\/\/www.dynseo.com\/pt-pt\/#\/schema\/logo\/image\/"}},{"@type":"Person","@id":"https:\/\/www.dynseo.com\/pt-pt\/#\/schema\/person\/78ef63df2ee64e0989bc68f8401b38d6","name":"DYNSEO","url":"https:\/\/www.dynseo.com\/pt-pt\/author\/justine\/"}]}},"_links":{"self":[{"href":"https:\/\/www.dynseo.com\/pt-pt\/wp-json\/wp\/v2\/posts\/560571","targetHints":{"allow":["GET"]}}],"collection":[{"href":"https:\/\/www.dynseo.com\/pt-pt\/wp-json\/wp\/v2\/posts"}],"about":[{"href":"https:\/\/www.dynseo.com\/pt-pt\/wp-json\/wp\/v2\/types\/post"}],"author":[{"embeddable":true,"href":"https:\/\/www.dynseo.com\/pt-pt\/wp-json\/wp\/v2\/users\/4"}],"replies":[{"embeddable":true,"href":"https:\/\/www.dynseo.com\/pt-pt\/wp-json\/wp\/v2\/comments?post=560571"}],"version-history":[{"count":12,"href":"https:\/\/www.dynseo.com\/pt-pt\/wp-json\/wp\/v2\/posts\/560571\/revisions"}],"predecessor-version":[{"id":560583,"href":"https:\/\/www.dynseo.com\/pt-pt\/wp-json\/wp\/v2\/posts\/560571\/revisions\/560583"}],"wp:featuredmedia":[{"embeddable":true,"href":"https:\/\/www.dynseo.com\/pt-pt\/wp-json\/wp\/v2\/media\/100456"}],"wp:attachment":[{"href":"https:\/\/www.dynseo.com\/pt-pt\/wp-json\/wp\/v2\/media?parent=560571"}],"wp:term":[{"taxonomy":"category","embeddable":true,"href":"https:\/\/www.dynseo.com\/pt-pt\/wp-json\/wp\/v2\/categories?post=560571"},{"taxonomy":"post_tag","embeddable":true,"href":"https:\/\/www.dynseo.com\/pt-pt\/wp-json\/wp\/v2\/tags?post=560571"}],"curies":[{"name":"wp","href":"https:\/\/api.w.org\/{rel}","templated":true}]}}