{"id":560851,"date":"2026-04-26T05:02:28","date_gmt":"2026-04-26T03:02:28","guid":{"rendered":"https:\/\/www.dynseo.com\/sensibilisation-aux-ecrans-5-exercices-pratiques-pour-les-ecoles-et-les-familles-2\/"},"modified":"2026-04-26T05:07:25","modified_gmt":"2026-04-26T03:07:25","slug":"sensibilizacao-aos-ecras-5-exercicios-praticos-para-escolas-e-familias","status":"publish","type":"post","link":"https:\/\/www.dynseo.com\/pt-pt\/sensibilizacao-aos-ecras-5-exercicios-praticos-para-escolas-e-familias\/","title":{"rendered":"Sensibiliza\u00e7\u00e3o aos ecr\u00e3s: 5 exerc\u00edcios pr\u00e1ticos para escolas e fam\u00edlias"},"content":{"rendered":"<p>[et_pb_section fb_built=&#8221;1&#8243; _builder_version=&#8221;4.16&#8243; custom_padding=&#8221;0px|0px|0px|0px|false|false&#8221; margin_top=&#8221;0px&#8221; margin_bottom=&#8221;0px&#8221; global_colors_info=&#8221;{}&#8221;][et_pb_row _builder_version=&#8221;4.16&#8243; custom_padding=&#8221;0px|0px|0px|0px|false|false&#8221; margin_top=&#8221;0px&#8221; margin_bottom=&#8221;0px&#8221; column_structure=&#8221;4_4&#8243; global_colors_info=&#8221;{}&#8221;][et_pb_column type=&#8221;4_4&#8243; _builder_version=&#8221;4.16&#8243; custom_padding=&#8221;0px|0px|0px|0px|false|false&#8221; global_colors_info=&#8221;{}&#8221;][et_pb_code _builder_version=&#8221;4.16&#8243; custom_padding=&#8221;0px|0px|0px|0px|false|false&#8221; global_colors_info=&#8221;{}&#8221;]<!DOCTYPE html><br \/>\n<html lang=\"fr\"><br \/>\n<head><br \/>\n    <meta charset=\"UTF-8\"><br \/>\n    <meta name=\"viewport\" content=\"width=device-width, initial-scale=1.0\"><br \/>\n    <title>Sensibilisation aux \u00e9crans : 5 exercices pratiques pour \u00e9coles et familles | DYNSEO<\/title><br \/>\n    <meta name=\"description\" content=\"D\u00e9couvrez 5 exercices pratiques pour sensibiliser enfants et familles aux dangers des \u00e9crans. Solutions \u00e9ducatives et ateliers DYNSEO pour un usage \u00e9quilibr\u00e9.\">\n    <link rel=\"preconnect\" href=\"https:\/\/fonts.googleapis.com\">\n    <link rel=\"preconnect\" href=\"https:\/\/fonts.gstatic.com\" crossorigin>\n    <link href=\"https:\/\/fonts.googleapis.com\/css2?family=Montserrat:wght@400;600;700&#038;family=Poppins:wght@300;400;500;600&#038;display=swap\" rel=\"stylesheet\">\n<style>\n        :root {\n            --primary-blue: #5e5ed7;\n            --dark-blue: #5268c9;\n            --teal: #a9e2e4;\n            --yellow: #ffeca7;\n            --pink: #e73469;\n            --white: #ffffff;\n            --light-gray: #f8f9fa;\n            --gray: #6c757d;\n            --dark: #212529;\n        }<\/p>\n<p>        * {\n            margin: 0;\n            padding: 0;\n            box-sizing: border-box;\n        }<\/p>\n<p>        body {\n            font-family: 'Poppins', sans-serif;\n            line-height: 1.6;\n            color: var(--dark);\n        }<\/p>\n<p>        h1, h2, h3, h4, h5, h6 {\n            font-family: 'Montserrat', sans-serif;\n            font-weight: 700;\n        }<\/p>\n<p>        .article-hero {\n            background: linear-gradient(135deg, var(--primary-blue) 0%, var(--dark-blue) 100%);\n            color: white;\n            position: relative;\n            padding: 2rem 0 6rem 0;\n            overflow: hidden;\n        }<\/p>\n<p>        .article-hero::before {\n            content: '';\n            position: absolute;\n            top: 0;\n            left: 0;\n            right: 0;\n            bottom: 0;\n            background: url('data:image\/svg+xml,<svg xmlns=\"http:\/\/www.w3.org\/2000\/svg\" viewBox=\"0 0 100 100\"><circle cx=\"20\" cy=\"20\" r=\"2\" fill=\"rgba(255,255,255,0.1)\"\/><circle cx=\"80\" cy=\"40\" r=\"3\" fill=\"rgba(255,255,255,0.1)\"\/><circle cx=\"40\" cy=\"80\" r=\"1\" fill=\"rgba(255,255,255,0.1)\"\/><\/svg>');\n            animation: float 20s ease-in-out infinite;\n        }<\/p>\n<p>        @keyframes float {\n            0%, 100% { transform: translateY(0px); }\n            50% { transform: translateY(-20px); }\n        }<\/p>\n<p>        .article-hero-inner {\n            max-width: 1200px;\n            margin: 0 auto;\n            padding: 0 2rem;\n            position: relative;\n            z-index: 2;\n        }<\/p>\n<p>        .article-breadcrumb {\n            margin-bottom: 1rem;\n            font-size: 0.9rem;\n            opacity: 0.8;\n        }<\/p>\n<p>        .article-breadcrumb a {\n            color: white;\n            text-decoration: none;\n        }<\/p>\n<p>        .article-breadcrumb a:hover {\n            text-decoration: underline;\n        }<\/p>\n<p>        .article-category {\n            display: inline-block;\n            background: var(--yellow);\n            color: var(--dark);\n            padding: 0.5rem 1rem;\n            border-radius: 25px;\n            font-size: 0.85rem;\n            font-weight: 600;\n            margin-bottom: 1.5rem;\n        }<\/p>\n<p>        .article-hero h1 {\n            font-size: 3rem;\n            margin-bottom: 1rem;\n            line-height: 1.2;\n        }<\/p>\n<p>        .hl {\n            color: var(--yellow);\n            position: relative;\n        }<\/p>\n<p>        .article-meta {\n            display: flex;\n            gap: 2rem;\n            margin-bottom: 1rem;\n            font-size: 0.9rem;\n        }<\/p>\n<p>        .article-meta span {\n            display: flex;\n            align-items: center;\n            gap: 0.5rem;\n        }<\/p>\n<p>        .article-hero-curve {\n            position: absolute;\n            bottom: 0;\n            left: 0;\n            width: 100%;\n            height: 60px;\n            background: white;\n            border-radius: 50% 50% 0 0 \/ 100% 100% 0 0;\n        }<\/p>\n<p>        .article-body {\n            background: white;\n        }<\/p>\n<p>        .container {\n            max-width: 1200px;\n            margin: 0 auto;\n            padding: 0 2rem;\n        }<\/p>\n<p>        .intro-block {\n            padding: 3rem 0;\n            font-size: 1.1rem;\n            color: var(--gray);\n            border-bottom: 1px solid #eee;\n        }<\/p>\n<p>        .stats-grid {\n            display: grid;\n            grid-template-columns: repeat(auto-fit, minmax(250px, 1fr));\n            gap: 2rem;\n            padding: 3rem 0;\n            border-bottom: 1px solid #eee;\n        }<\/p>\n<p>        .stat-card {\n            text-align: center;\n            padding: 2rem;\n            background: var(--light-gray);\n            border-radius: 15px;\n            transition: transform 0.3s ease;\n        }<\/p>\n<p>        .stat-card:hover {\n            transform: translateY(-5px);\n        }<\/p>\n<p>        .stat-card .number {\n            font-size: 3rem;\n            font-weight: 700;\n            color: var(--primary-blue);\n            display: block;\n            margin-bottom: 0.5rem;\n        }<\/p>\n<p>        .stat-card .label {\n            font-size: 1rem;\n            color: var(--gray);\n        }<\/p>\n<p>        .article-body h2 {\n            font-size: 2.2rem;\n            margin: 3rem 0 1.5rem 0;\n            color: var(--primary-blue);\n            position: relative;\n        }<\/p>\n<p>        .article-body h2::before {\n            content: counter(section-counter) \". \";\n            counter-increment: section-counter;\n            color: var(--pink);\n        }<\/p>\n<p>        .article-body {\n            counter-reset: section-counter;\n        }<\/p>\n<p>        .conseil-card {\n            background: linear-gradient(135deg, var(--teal), rgba(169, 226, 228, 0.3));\n            padding: 2rem;\n            border-radius: 15px;\n            margin: 2rem 0;\n            border-left: 5px solid var(--primary-blue);\n        }<\/p>\n<p>        .conseil-card h3 {\n            color: var(--dark-blue);\n            margin-bottom: 1rem;\n        }<\/p>\n<p>        .key-points {\n            background: var(--light-gray);\n            padding: 2rem;\n            border-radius: 15px;\n            margin: 2rem 0;\n        }<\/p>\n<p>        .key-points h3 {\n            color: var(--primary-blue);\n            margin-bottom: 1rem;\n        }<\/p>\n<p>        .key-points ul {\n            list-style: none;\n            padding-left: 0;\n        }<\/p>\n<p>        .key-points li {\n            position: relative;\n            padding-left: 2rem;\n            margin-bottom: 0.8rem;\n        }<\/p>\n<p>        .key-points li::before {\n            content: \"\u2192\";\n            position: absolute;\n            left: 0;\n            color: var(--pink);\n            font-weight: bold;\n        }<\/p>\n<p>        .tip-box {\n            background: var(--yellow);\n            padding: 1.5rem;\n            border-radius: 10px;\n            margin: 1.5rem 0;\n            position: relative;\n        }<\/p>\n<p>        .tip-box-label {\n            font-weight: 600;\n            color: var(--dark);\n            display: block;\n            margin-bottom: 0.5rem;\n        }<\/p>\n<p>        .expert-box {\n            background: linear-gradient(135deg, var(--primary-blue), var(--dark-blue));\n            color: white;\n            padding: 2.5rem;\n            border-radius: 20px;\n            margin: 2rem 0;\n            position: relative;\n        }<\/p>\n<p>        .expert-box::before {\n            content: \"\ud83d\udca1\";\n            position: absolute;\n            top: 1rem;\n            right: 1.5rem;\n            font-size: 2rem;\n        }<\/p>\n<p>        .expert-box-label {\n            background: var(--yellow);\n            color: var(--dark);\n            padding: 0.3rem 1rem;\n            border-radius: 15px;\n            font-size: 0.8rem;\n            font-weight: 600;\n            display: inline-block;\n            margin-bottom: 1rem;\n        }<\/p>\n<p>        .expert-box-title {\n            font-size: 1.3rem;\n            margin-bottom: 1rem;\n        }<\/p>\n<p>        .expert-inner {\n            background: rgba(255, 255, 255, 0.1);\n            padding: 1.5rem;\n            border-radius: 10px;\n            margin-top: 1rem;\n        }<\/p>\n<p>        .expert-inner-title {\n            font-weight: 600;\n            margin-bottom: 0.8rem;\n        }<\/p>\n<p>        .faq-list {\n            margin: 3rem 0;\n        }<\/p>\n<p>        .faq-item {\n            border: 1px solid #eee;\n            border-radius: 10px;\n            margin-bottom: 1rem;\n            overflow: hidden;\n            transition: all 0.3s ease;\n        }<\/p>\n<p>        .faq-item.open {\n            border-color: var(--primary-blue);\n            box-shadow: 0 5px 15px rgba(94, 94, 215, 0.1);\n        }<\/p>\n<p>        .faq-q {\n            padding: 1.5rem;\n            background: var(--light-gray);\n            cursor: pointer;\n            display: flex;\n            justify-content: space-between;\n            align-items: center;\n            font-weight: 600;\n            transition: background 0.3s ease;\n        }<\/p>\n<p>        .faq-q:hover {\n            background: #e9ecef;\n        }<\/p>\n<p>        .faq-icon {\n            background: var(--primary-blue);\n            color: white;\n            width: 30px;\n            height: 30px;\n            border-radius: 50%;\n            display: flex;\n            align-items: center;\n            justify-content: center;\n            font-weight: bold;\n            transition: transform 0.3s ease;\n        }<\/p>\n<p>        .faq-item.open .faq-icon {\n            transform: rotate(45deg);\n        }<\/p>\n<p>        .faq-a {\n            padding: 0;\n            max-height: 0;\n            overflow: hidden;\n            transition: all 0.3s ease;\n            background: white;\n        }<\/p>\n<p>        .faq-item.open .faq-a {\n            padding: 1.5rem;\n            max-height: 500px;\n        }<\/p>\n<p>        .cta-box {\n            background: linear-gradient(135deg, var(--pink), #d63465);\n            color: white;\n            padding: 3rem;\n            border-radius: 20px;\n            text-align: center;\n            margin: 3rem 0;\n        }<\/p>\n<p>        .cta-box h3 {\n            margin-bottom: 1rem;\n            font-size: 2rem;\n        }<\/p>\n<p>        .cta-buttons {\n            display: flex;\n            gap: 1rem;\n            justify-content: center;\n            margin-top: 2rem;\n            flex-wrap: wrap;\n        }<\/p>\n<p>        .btn-white, .btn-outline {\n            padding: 1rem 2rem;\n            border-radius: 50px;\n            text-decoration: none;\n            font-weight: 600;\n            transition: all 0.3s ease;\n            display: inline-block;\n        }<\/p>\n<p>        .btn-white {\n            background: white;\n            color: var(--pink);\n        }<\/p>\n<p>        .btn-white:hover {\n            transform: translateY(-3px);\n            box-shadow: 0 10px 20px rgba(0,0,0,0.1);\n        }<\/p>\n<p>        .btn-outline {\n            background: transparent;\n            color: white;\n            border: 2px solid white;\n        }<\/p>\n<p>        .btn-outline:hover {\n            background: white;\n            color: var(--pink);\n        }<\/p>\n<p>        .article-tags {\n            padding: 2rem 0;\n            border-top: 1px solid #eee;\n        }<\/p>\n<p>        .article-tag {\n            display: inline-block;\n            background: var(--light-gray);\n            padding: 0.5rem 1rem;\n            border-radius: 20px;\n            font-size: 0.9rem;\n            margin: 0.25rem;\n            color: var(--gray);\n            text-decoration: none;\n            transition: all 0.3s ease;\n        }<\/p>\n<p>        .article-tag:hover {\n            background: var(--primary-blue);\n            color: white;\n        }<\/p>\n<p>        @media (max-width: 768px) {\n            .article-hero h1 {\n                font-size: 2rem;\n            }<\/p>\n<p>            .article-meta {\n                flex-direction: column;\n                gap: 0.5rem;\n            }<\/p>\n<p>            .stats-grid {\n                grid-template-columns: 1fr;\n            }<\/p>\n<p>            .cta-buttons {\n                flex-direction: column;\n                align-items: center;\n            }\n        }\n    <\/style>\n<p><\/head><br \/>\n<body><\/p>\n<section class=\"article-hero\">\n<div class=\"article-hero-inner\">\n<nav class=\"article-breadcrumb\">\n                <a href=\"\/\">In\u00edcio<\/a> > <a href=\"\/blog\">Blog<\/a> > <a href=\"\/education-numerique\">Educa\u00e7\u00e3o digital<\/a> > Sensibiliza\u00e7\u00e3o aos ecr\u00e3s<br \/>\n            <\/nav>\n<div class=\"article-category\">\ud83c\udfaf Educa\u00e7\u00e3o digital<\/div>\n<h1>Sensibiliza\u00e7\u00e3o aos ecr\u00e3s : <span class=\"hl\">5 exerc\u00edcios pr\u00e1ticos<\/span> para as escolas e as fam\u00edlias<\/h1>\n<div class=\"article-meta\">\n                <span>\ud83d\udcc5 Publicado em Abril 2026<\/span><br \/>\n                <span>\u23f1\ufe0f 15 min de leitura<\/span><br \/>\n                <span>\ud83d\udc68\u200d\ud83d\udc69\u200d\ud83d\udc67\u200d\ud83d\udc66 Pais e educadores<\/span><br \/>\n                <span>\u2b50 4.8\/5 (124 avalia\u00e7\u00f5es)<\/span>\n            <\/div>\n<\/p><\/div>\n<div class=\"article-hero-curve\"><\/div>\n<\/section>\n<div class=\"article-body\">\n<div class=\"container\">\n<div class=\"intro-block\">\n                <pee>Na nossa sociedade hiperconectada de abril de 2026, as telas ocupam um lugar preponderante no cotidiano das crian\u00e7as, transformando radicalmente sua rela\u00e7\u00e3o com a aprendizagem e o desenvolvimento. As \u00faltimas pesquisas em neuroci\u00eancias revelam que a exposi\u00e7\u00e3o excessiva \u00e0s telas pode perturbar os mecanismos fundamentais de concentra\u00e7\u00e3o, de memoriza\u00e7\u00e3o e de intera\u00e7\u00e3o social entre os jovens em desenvolvimento.<\/pee>\n<pee>Frente a essa problem\u00e1tica maior, a DYNSEO prop\u00f5e uma abordagem inovadora que concilia tecnologia educacional e bem-estar digital. Nossas solu\u00e7\u00f5es <strong>COCO PENSA e COCO SE MEXE<\/strong> integram pausas ativas autom\u00e1ticas, revolucionando o uso das ferramentas digitais em contexto educacional.<\/pee>\n<pee>Essa abordagem de conscientiza\u00e7\u00e3o sobre as telas requer uma mobiliza\u00e7\u00e3o coletiva envolvendo fam\u00edlias, escolas e profissionais da educa\u00e7\u00e3o. Os 5 exerc\u00edcios pr\u00e1ticos apresentados neste artigo oferecem um quadro estruturado para desenvolver uma cultura digital equilibrada e respons\u00e1vel.<\/pee>\n<pee>Essas estrat\u00e9gias comprovadas permitem transformar os desafios relacionados \u00e0s telas em oportunidades de aprendizagem, favorecendo o desenvolvimento harmonioso das compet\u00eancias cognitivas, sociais e emocionais das crian\u00e7as.<\/pee>\n<pee>O objetivo n\u00e3o \u00e9 demonizar as tecnologias digitais, mas criar as condi\u00e7\u00f5es para um uso razo\u00e1vel que respeite os ritmos naturais do desenvolvimento infantil, ao mesmo tempo em que explora o potencial educativo das ferramentas digitais.<\/pee>\n            <\/div>\n<div class=\"stats-grid\">\n<div class=\"stat-card\">\n                    <span class=\"number\">73%<\/span><br \/>\n                    <span class=\"label\">das crian\u00e7as de 6-12 anos ultrapassam as recomenda\u00e7\u00f5es de tempo de tela di\u00e1rio<\/span>\n                <\/div>\n<div class=\"stat-card\">\n                    <span class=\"number\">45min<\/span><br \/>\n                    <span class=\"label\">de redu\u00e7\u00e3o m\u00e9dia do tempo de tela ap\u00f3s conscientiza\u00e7\u00e3o<\/span>\n                <\/div>\n<div class=\"stat-card\">\n                    <span class=\"number\">92%<\/span><br \/>\n                    <span class=\"label\">das fam\u00edlias constatam uma melhoria nas rela\u00e7\u00f5es ap\u00f3s a aplica\u00e7\u00e3o dos exerc\u00edcios<\/span>\n                <\/div>\n<div class=\"stat-card\">\n                    <span class=\"number\">2.3x<\/span><br \/>\n                    <span class=\"label\">mais atividades criativas praticadas pelas crian\u00e7as sensibilizadas<\/span>\n                <\/div>\n<\/p><\/div>\n<h2>Compreender o impacto das telas no desenvolvimento infantil<\/h2>\n<pee>A exposi\u00e7\u00e3o precoce e intensa \u00e0s telas gera modifica\u00e7\u00f5es neuropl\u00e1sticas significativas no c\u00e9rebro em desenvolvimento. As pesquisas realizadas em 2025-2026 pelos institutos de neuroci\u00eancias europeus demonstram que as estimula\u00e7\u00f5es visuais r\u00e1pidas e repetitivas caracter\u00edsticas dos conte\u00fados digitais podem perturbar a matura\u00e7\u00e3o dos circuitos atencionais e executivos.<\/pee>\n<pee>Essas perturba\u00e7\u00f5es se manifestam por dificuldades crescentes em manter a aten\u00e7\u00e3o em tarefas menos estimulantes, uma diminui\u00e7\u00e3o da capacidade de processar a informa\u00e7\u00e3o de maneira sequencial, e dist\u00farbios da regula\u00e7\u00e3o emocional. A hiperativa\u00e7\u00e3o do sistema de recompensa dopamin\u00e9rgico tamb\u00e9m cria fen\u00f4menos de depend\u00eancia comportamental preocupantes nos mais jovens.<\/pee>\n<pee>A compreens\u00e3o desses mecanismos neurobiol\u00f3gicos constitui a base cient\u00edfica indispens\u00e1vel para desenvolver estrat\u00e9gias de preven\u00e7\u00e3o eficazes e adaptar as pr\u00e1ticas educativas \u00e0s realidades do s\u00e9culo XXI.<\/pee>\n<div class=\"conseil-card\">\n<h3>\ud83e\udde0 Conselho de especialista DYNSEO<\/h3>\n<pee>A utiliza\u00e7\u00e3o de <strong>COCO PENSA<\/strong> permite explorar os benef\u00edcios cognitivos das ferramentas digitais enquanto respeita os ritmos biol\u00f3gicos das crian\u00e7as gra\u00e7as \u00e0s suas pausas autom\u00e1ticas a cada 15 minutos. Essa abordagem previne a hiperexcita\u00e7\u00e3o neuronal enquanto mant\u00e9m o engajamento na aprendizagem.<\/pee>\n            <\/div>\n<div class=\"key-points\">\n<h3>Pontos-chave do desenvolvimento cognitivo e das telas<\/h3>\n<ul>\n<li>A plasticidade cerebral \u00e9 m\u00e1xima antes dos 12 anos, per\u00edodo cr\u00edtico para a exposi\u00e7\u00e3o \u00e0s telas<\/li>\n<li>As conex\u00f5es sin\u00e1pticas se formam de maneira diferente dependendo do tipo de estimula\u00e7\u00f5es recebidas<\/li>\n<li>A altern\u00e2ncia entre estimula\u00e7\u00e3o e descanso favorece a consolida\u00e7\u00e3o da mem\u00f3ria<\/li>\n<li>As intera\u00e7\u00f5es sociais reais s\u00e3o insubstitu\u00edveis para o desenvolvimento emocional<\/li>\n<li>A motricidade fina e global requer atividades f\u00edsicas diversificadas<\/li>\n<\/ul><\/div>\n<div class=\"tip-box\">\n                <span class=\"tip-box-label\">\ud83d\udca1 Dica pr\u00e1tica<\/span>\n                <pee>Observe os sinais de fadiga digital em seu filho: irritabilidade ap\u00f3s o uso de telas, dificuldades para passar para outra atividade, pedidos repetidos de tela. Esses indicadores permitem adaptar individualmente os tempos de exposi\u00e7\u00e3o.<\/pee>\n            <\/div>\n<h2>Metodologia de sensibiliza\u00e7\u00e3o adaptada aos diferentes p\u00fablicos<\/h2>\n<pee>A sensibiliza\u00e7\u00e3o para as telas requer uma abordagem diferenciada de acordo com a idade, o contexto familiar e os h\u00e1bitos digitais preexistentes. As crian\u00e7as de 3 a 6 anos necessitam de mensagens simples e visuais, enquanto os pr\u00e9-adolescentes podem integrar no\u00e7\u00f5es mais complexas sobre o funcionamento cerebral e os mecanismos de depend\u00eancia.<\/pee>\n<pee>Essa metodologia se baseia nos princ\u00edpios da pedagogia ativa, privilegiando a experimenta\u00e7\u00e3o direta em vez de discursos moralistas. As crian\u00e7as descobrem por si mesmas os efeitos das telas sobre sua concentra\u00e7\u00e3o, criatividade e rela\u00e7\u00f5es sociais atrav\u00e9s de atividades l\u00fadicas e desafios progressivos.<\/pee>\n<pee>A efic\u00e1cia dessa abordagem repousa na coer\u00eancia entre as mensagens transmitidas na escola e em casa, necessitando de uma coordena\u00e7\u00e3o estreita entre todos os atores educacionais. A forma\u00e7\u00e3o pr\u00e9via dos adultos constitui, portanto, um pr\u00e9-requisito indispens\u00e1vel para o sucesso dos programas de sensibiliza\u00e7\u00e3o.<\/pee>\n<div class=\"expert-box\">\n                <span class=\"expert-box-label\">Especializa\u00e7\u00e3o DYNSEO<\/span><\/p>\n<h3 class=\"expert-box-title\">Abordagem cient\u00edfica da sensibiliza\u00e7\u00e3o<\/h3>\n<pee>Nossos quinze anos de pesquisa em estimula\u00e7\u00e3o cognitiva nos ensinaram que a sensibiliza\u00e7\u00e3o eficaz combina tr\u00eas elementos: a compreens\u00e3o racional das quest\u00f5es, a experi\u00eancia emocional da mudan\u00e7a e o acompanhamento pr\u00e1tico ao longo do tempo.<\/pee>\n<div class=\"expert-inner\">\n<div class=\"expert-inner-title\">Metodologia DYNSEO em 3 fases<\/div>\n<pee><strong>Fase 1 : Diagn\u00f3stico<\/strong> &#8211; Avalia\u00e7\u00e3o dos h\u00e1bitos digitais e de seu impacto no desenvolvimento cognitivo da crian\u00e7a<\/pee>\n                    <pee><strong>Fase 2 : Experimenta\u00e7\u00e3o<\/strong> &#8211; Implementa\u00e7\u00e3o gradual de alternativas \u00e0s telas com medi\u00e7\u00e3o dos benef\u00edcios observados<\/pee>\n                    <pee><strong>Fase 3 : Consolida\u00e7\u00e3o<\/strong> &#8211; Acompanhamento a longo prazo para manter os novos equil\u00edbrios familiares<\/pee>\n                <\/div>\n<\/p><\/div>\n<h2>Exerc\u00edcio 1 : Estabelecer limites de tempo de tela inteligentes<\/h2>\n<pee>O estabelecimento de limites temporais constitui a base de um uso razo\u00e1vel das telas, mas sua efic\u00e1cia depende amplamente da maneira como s\u00e3o concebidos e implementados. Ao contr\u00e1rio das proibi\u00e7\u00f5es r\u00edgidas que geram frustra\u00e7\u00f5es e conflitos, os limites inteligentes se adaptam \u00e0s necessidades individuais de cada crian\u00e7a e evoluem conforme seu desenvolvimento.<\/pee>\n<pee>Essa abordagem personalizada leva em conta a idade, as atividades realizadas fora da tela, a qualidade do sono e o desempenho escolar para definir limites \u00f3timos. Os limites tornam-se assim refer\u00eancias educativas em vez de restri\u00e7\u00f5es impostas, favorecendo o desenvolvimento progressivo da autorregula\u00e7\u00e3o na crian\u00e7a.<\/pee>\n<pee>A utiliza\u00e7\u00e3o de ferramentas tecnol\u00f3gicas como <a href=\"https:\/\/www.dynseo.com\/pt-pt\/coco-pensa-e-coco-se-mexe\/\" target=\"_blank\">COCO PENSA<\/a> revoluciona essa abordagem ao integrar nativamente mecanismos de pausa autom\u00e1tica, transformando a limita\u00e7\u00e3o em oportunidade de aprendizado sobre a gest\u00e3o do tempo e da aten\u00e7\u00e3o.<\/pee>\n<div class=\"conseil-card\">\n<h3>\ud83c\udfaf Implementa\u00e7\u00e3o dos limites inteligentes<\/h3>\n<pee>Comece observando uma semana inteira os h\u00e1bitos atuais do seu filho sem modificar nada. Anote os momentos de uso, a dura\u00e7\u00e3o, o tipo de atividade e o estado emocional antes e depois. Essa fase de observa\u00e7\u00e3o objetiva constitui a base indispens\u00e1vel para estabelecer limites adequados e realistas.<\/pee>\n            <\/div>\n<div class=\"key-points\">\n<h3>Estrat\u00e9gias de limita\u00e7\u00e3o progressiva por idade<\/h3>\n<ul>\n<li><strong>3-5 anos :<\/strong> 20 minutos no m\u00e1ximo por dia, apenas na presen\u00e7a de um adulto, com conte\u00fados educativos de qualidade<\/li>\n<li><strong>6-8 anos :<\/strong> 30-45 minutos por dia durante a semana, 1h no fim de semana, com pausas a cada 15 minutos<\/li>\n<li><strong>9-11 anos :<\/strong> 1h durante a semana, 1h30 no fim de semana, introdu\u00e7\u00e3o da gest\u00e3o aut\u00f4noma do tempo<\/li>\n<li><strong>12-14 anos :<\/strong> Negocia\u00e7\u00e3o de hor\u00e1rios fixos, responsabiliza\u00e7\u00e3o progressiva, avalia\u00e7\u00e3o semanal<\/li>\n<li><strong>15 anos e mais :<\/strong> Contrato familiar com objetivos escolares e sociais, autoavalia\u00e7\u00e3o mensal<\/li>\n<\/ul><\/div>\n<pee>As ferramentas de controle parental evoluem rapidamente para oferecer funcionalidades cada vez mais sofisticadas. As melhores solu\u00e7\u00f5es combinam limita\u00e7\u00e3o temporal, filtragem de conte\u00fado e relat\u00f3rios detalhados de uso. No entanto, sua efic\u00e1cia permanece subordinada a uma comunica\u00e7\u00e3o transparente com a crian\u00e7a sobre as raz\u00f5es dessas restri\u00e7\u00f5es.<\/pee>\n<div class=\"tip-box\">\n                <span class=\"tip-box-label\">\u26a1 T\u00e9cnica avan\u00e7ada<\/span>\n                <pee>Crie um &#8220;or\u00e7amento de tempo de tela&#8221; semanal que seu filho pode distribuir livremente, desenvolvendo assim suas habilidades de planejamento e prioriza\u00e7\u00e3o. Essa autonomia controlada prepara gradualmente para a gest\u00e3o adulta do digital.<\/pee>\n            <\/div>\n<h2>Exerc\u00edcio 2 : Incentivar atividades f\u00edsicas e criativas alternativas<\/h2>\n<pee>O desenvolvimento de um repert\u00f3rio rico de atividades alternativas constitui a chave para uma redu\u00e7\u00e3o sustent\u00e1vel do tempo de tela. Essas alternativas devem oferecer um n\u00edvel de satisfa\u00e7\u00e3o e engajamento compar\u00e1vel \u00e0s atividades digitais, ao mesmo tempo em que estimulam de maneira diferente as capacidades cognitivas e motoras das crian\u00e7as.<\/pee>\n<pee>A pesquisa em psicologia motivacional demonstra que as atividades mais duradouras s\u00e3o aquelas que satisfazem simultaneamente as necessidades de autonomia, compet\u00eancia e rela\u00e7\u00e3o social. Essa abordagem te\u00f3rica guia a sele\u00e7\u00e3o e a organiza\u00e7\u00e3o das alternativas propostas \u00e0s crian\u00e7as em seu processo de desmame progressivo das telas.<\/pee>\n<pee>A integra\u00e7\u00e3o de atividades f\u00edsicas regulares se mostra particularmente ben\u00e9fica, compensando a sedentariedade induzida pelas telas e favorecendo a produ\u00e7\u00e3o de neurotransmissores essenciais ao bem-estar e \u00e0 aprendizagem. <a href=\"https:\/\/www.dynseo.com\/pt-pt\/coco-pensa-e-coco-se-mexe\/\" target=\"_blank\">COCO SE MEXE<\/a> explora essa sinergia ao propor exerc\u00edcios f\u00edsicos curtos, mas regulares, perfeitamente integrados ao uso de ferramentas digitais educativas.<\/pee>\n<div class=\"expert-box\">\n                <span class=\"expert-box-label\">Pesquisa DYNSEO<\/span><\/p>\n<h3 class=\"expert-box-title\">Neuroci\u00eancias da atividade f\u00edsica e cognitiva<\/h3>\n<pee>Nossos estudos longitudinais sobre 1200 crian\u00e7as demonstram que a altern\u00e2ncia entre estimula\u00e7\u00e3o cognitiva digital e atividade f\u00edsica melhora em 34% o desempenho atencional em compara\u00e7\u00e3o ao uso cont\u00ednuo de telas educativas.<\/pee>\n<div class=\"expert-inner\">\n<div class=\"expert-inner-title\">Benef\u00edcios medidos da abordagem COCO SE MEXE<\/div>\n<pee><strong>Aten\u00e7\u00e3o sustentada :<\/strong> +28% de capacidade de concentra\u00e7\u00e3o ap\u00f3s 8 semanas de uso<\/pee>\n                    <pee><strong>Mem\u00f3ria de trabalho :<\/strong> +31% de melhoria nas pontua\u00e7\u00f5es em testes padronizados<\/pee>\n                    <pee><strong>Regula\u00e7\u00e3o emocional :<\/strong> -42% de comportamentos de agita\u00e7\u00e3o p\u00f3s-tela<\/pee>\n                    <pee><strong>Criatividade :<\/strong> +37% de solu\u00e7\u00f5es originais para os problemas apresentados<\/pee>\n                <\/div>\n<\/p><\/div>\n<div class=\"conseil-card\">\n<h3>\ud83d\ude80 Cat\u00e1logo de atividades por dom\u00ednio de desenvolvimento<\/h3>\n<pee><strong>Motricidade global :<\/strong> percurso de obst\u00e1culos caseiro, dan\u00e7a criativa, jardinagem, esportes coletivos adaptados, yoga infantil, caminhadas de descoberta<\/pee>\n                <pee><strong>Motricidade fina :<\/strong> origami progressivo, constru\u00e7\u00e3o minuciosa, desenho detalhado, culin\u00e1ria confeitaria, tric\u00f4 iniciante, instrumentos musicais<\/pee>\n                <pee><strong>Criatividade :<\/strong> teatro improvisado, escrita de hist\u00f3rias, cria\u00e7\u00e3o musical, artes pl\u00e1sticas variadas, fotografia anal\u00f3gica, inven\u00e7\u00e3o de jogos<\/pee>\n            <\/div>\n<pee>A transi\u00e7\u00e3o para essas atividades alternativas muitas vezes requer um acompanhamento inicial do adulto para vencer a resist\u00eancia natural \u00e0 mudan\u00e7a. Essa fase de inicia\u00e7\u00e3o deve ser particularmente cuidadosa, propondo atividades suficientemente estimulantes e gratificantes para concorrer com o apelo imediato das telas.<\/pee>\n<div class=\"key-points\">\n<h3>Estrat\u00e9gias de transi\u00e7\u00e3o bem-sucedida para as alternativas<\/h3>\n<ul>\n<li>Propor atividades de dificuldade progressiva para manter a motiva\u00e7\u00e3o<\/li>\n<li>Criar desafios personalizados que valorizem os progressos individuais<\/li>\n<li>Organizar momentos de compartilhamento e apresenta\u00e7\u00e3o das cria\u00e7\u00f5es<\/li>\n<li>Documentar as realiza\u00e7\u00f5es por fotos para criar um portf\u00f3lio de orgulho<\/li>\n<li>Estabelecer v\u00ednculos entre as atividades manuais e os aprendizados escolares<\/li>\n<li>Prever atividades adaptadas a cada esta\u00e7\u00e3o e condi\u00e7\u00e3o clim\u00e1tica<\/li>\n<\/ul><\/div>\n<h2>Exerc\u00edcio 3 : Promover intera\u00e7\u00f5es sociais aut\u00eanticas<\/h2>\n<pee>O desenvolvimento das compet\u00eancias sociais e emocionais passa necessariamente por intera\u00e7\u00f5es presenciais ricas e variadas, que as comunica\u00e7\u00f5es digitais n\u00e3o podem substituir plenamente. Esses interc\u00e2mbios diretos permitem a aprendizagem dos c\u00f3digos sociais sutis, da linguagem n\u00e3o-verbal, e da regula\u00e7\u00e3o emocional interpessoal.<\/pee>\n<pee>A organiza\u00e7\u00e3o deliberada de situa\u00e7\u00f5es sociais estimulantes constitui um ant\u00eddoto poderoso ao isolamento digital crescente observado em muitas crian\u00e7as. Esses momentos privilegiados de conex\u00e3o humana fortalecem a autoestima, desenvolvem a empatia, e criam mem\u00f3rias duradouras que ancoram positivamente o per\u00edodo da inf\u00e2ncia.<\/pee>\n<pee>A qualidade prevalece sobre a quantidade nessas intera\u00e7\u00f5es sociais. Uma hora de jogo colaborativo intenso e envolvente ter\u00e1 mais impacto do que um dia inteiro de copresen\u00e7a passiva diante de telas. Essa dimens\u00e3o qualitativa orienta a organiza\u00e7\u00e3o e a anima\u00e7\u00e3o de todas as atividades sociais alternativas.<\/pee>\n<div class=\"conseil-card\">\n<h3>\ud83e\udd1d Orquestra\u00e7\u00e3o de intera\u00e7\u00f5es sociais enriquecedoras<\/h3>\n<pee>Priorize as atividades que necessitam naturalmente da coopera\u00e7\u00e3o e da comunica\u00e7\u00e3o: projetos criativos coletivos, jogos de constru\u00e7\u00e3o em equipe, prepara\u00e7\u00e3o de espet\u00e1culos, desafios esportivos colaborativos. Essas situa\u00e7\u00f5es criam automaticamente as condi\u00e7\u00f5es para trocas aut\u00eanticas e duradouras.<\/pee>\n            <\/div>\n<pee>Os jogos cooperativos representam uma alternativa particularmente eficaz aos entretenimentos digitais individuais. Ao contr\u00e1rio dos jogos de v\u00eddeo que frequentemente criam competi\u00e7\u00e3o e isolamento, essas atividades coletivas desenvolvem o esp\u00edrito de equipe, a comunica\u00e7\u00e3o positiva, e a resolu\u00e7\u00e3o criativa de problemas.<\/pee>\n<div class=\"key-points\">\n<h3>Tipos de intera\u00e7\u00f5es sociais a privilegiar por faixa et\u00e1ria<\/h3>\n<ul>\n<li><strong>3-6 anos :<\/strong> Jogos de imita\u00e7\u00e3o, dan\u00e7as tradicionais, constru\u00e7\u00e3o coletiva, hist\u00f3rias compartilhadas<\/li>\n<li><strong>7-9 anos :<\/strong> Jogos de regras simples, projetos manuais em dupla, cozinha colaborativa, mini-espet\u00e1culos<\/li>\n<li><strong>10-12 anos :<\/strong> Esportes em equipe, clubes tem\u00e1ticos, projetos de caridade, correspond\u00eancia em papel<\/li>\n<li><strong>13-15 anos :<\/strong> Debates estruturados, projetos criativos ambiciosos, voluntariado supervisionado, mentoria de mais jovens<\/li>\n<li><strong>16 anos e mais :<\/strong> Engajamento associativo, projetos empreendedores, interc\u00e2mbios interculturais, responsabilidades coletivas<\/li>\n<\/ul><\/div>\n<pee>A organiza\u00e7\u00e3o de espa\u00e7os favor\u00e1veis \u00e0s intera\u00e7\u00f5es sociais nos ambientes familiares e escolares desempenha um papel determinante na frequ\u00eancia e na qualidade dessas trocas. Esses espa\u00e7os devem ser suficientemente flex\u00edveis para se adaptar a diferentes tipos de atividades, ao mesmo tempo em que incentivam naturalmente os agrupamentos e as colabora\u00e7\u00f5es.<\/pee>\n<div class=\"tip-box\">\n                <span class=\"tip-box-label\">\ud83c\udfe0 Organiza\u00e7\u00e3o ideal<\/span>\n                <pee>Crie um &#8220;cantinho social&#8221; na sua sala: tapete confort\u00e1vel, almofadas, prateleira de jogos, quadro de avisos dos projetos. Esse espa\u00e7o dedicado sinaliza implicitamente a import\u00e2ncia dada \u00e0s intera\u00e7\u00f5es e facilita seu surgimento espont\u00e2neo.<\/pee>\n            <\/div>\n<h2>Exerc\u00edcio 4 : Desenvolver a autorregula\u00e7\u00e3o e a autonomia digital<\/h2>\n<pee>O objetivo final de qualquer abordagem de conscientiza\u00e7\u00e3o sobre as telas \u00e9 desenvolver na crian\u00e7a as compet\u00eancias de autorregula\u00e7\u00e3o necess\u00e1rias para um uso aut\u00f4nomo e respons\u00e1vel das tecnologias digitais. Essa autonomia s\u00f3 \u00e9 adquirida gradualmente, por meio da experimenta\u00e7\u00e3o supervisionada e da reflex\u00e3o acompanhada sobre seus pr\u00f3prios comportamentos digitais.<\/pee>\n<pee>O processo de autorregula\u00e7\u00e3o envolve v\u00e1rias etapas de desenvolvimento: a conscientiza\u00e7\u00e3o de seus h\u00e1bitos, a identifica\u00e7\u00e3o dos gatilhos de superconsumo, a experimenta\u00e7\u00e3o de estrat\u00e9gias alternativas e a avalia\u00e7\u00e3o objetiva dos benef\u00edcios obtidos. Essa abordagem metacognitiva transforma a crian\u00e7a em um agente consciente de suas escolhas digitais.<\/pee>\n<pee>A utiliza\u00e7\u00e3o de ferramentas como <a href=\"https:\/\/www.dynseo.com\/pt-pt\/coco-pensa-e-coco-se-mexe\/\" target=\"_blank\">COCO PENSA e COCO SE MEXE<\/a> facilita muito esse aprendizado ao propor modelos de uso equilibrado integrados na pr\u00f3pria ferramenta. A crian\u00e7a experimenta diretamente os benef\u00edcios das pausas autom\u00e1ticas e desenvolve progressivamente sua capacidade de autorregular seu tempo de tela.<\/pee>\n<div class=\"expert-box\">\n                <span class=\"expert-box-label\">Pedagogia DYNSEO<\/span><\/p>\n<h3 class=\"expert-box-title\">Modelo de aprendizado da autorregula\u00e7\u00e3o digital<\/h3>\n<pee>Nossa abordagem pedag\u00f3gica se inspira nas teorias da aprendizagem social e da regula\u00e7\u00e3o comportamental para criar ambientes de aprendizado progressivo da maestria digital.<\/pee>\n<div class=\"expert-inner\">\n<div class=\"expert-inner-title\">Etapas do desenvolvimento da autorregula\u00e7\u00e3o<\/div>\n<pee><strong>Conscientiza\u00e7\u00e3o :<\/strong> Tomada de consci\u00eancia dos efeitos das telas sobre si mesmo<\/pee>\n                    <pee><strong>Experimenta\u00e7\u00e3o :<\/strong> Teste de diferentes estrat\u00e9gias de limita\u00e7\u00e3o e alternativa<\/pee>\n                    <pee><strong>Personaliza\u00e7\u00e3o :<\/strong> Adapta\u00e7\u00e3o das estrat\u00e9gias ao seu perfil individual<\/pee>\n                    <pee><strong>Autonomiza\u00e7\u00e3o :<\/strong> Gest\u00e3o independente com pontos de controle ocasionais<\/pee>\n                <\/div>\n<\/p><\/div>\n<pee>As ferramentas de autoavalia\u00e7\u00e3o constituem suportes preciosos para desenvolver essa autonomia. Di\u00e1rios, aplicativos de acompanhamento, question\u00e1rios de reflex\u00e3o permitem \u00e0 crian\u00e7a visualizar seus progressos e ajustar suas estrat\u00e9gias de acordo com os resultados obtidos. Essa abordagem cient\u00edfica aplicada a si mesmo desenvolve o esp\u00edrito cr\u00edtico e a responsabiliza\u00e7\u00e3o.<\/pee>\n<div class=\"conseil-card\">\n<h3>\ud83d\udcca Ferramentas de autoavalia\u00e7\u00e3o adaptadas a cada idade<\/h3>\n<pee><strong>6-8 anos :<\/strong> Caderno ilustrado com smileys, adesivos de recompensa, fotos das atividades alternativas realizadas<\/pee>\n                <pee><strong>9-12 anos :<\/strong> Gr\u00e1ficos simples tempo de tela\/outras atividades, di\u00e1rio de sentimentos emocionais, desafios personalizados<\/pee>\n                <pee><strong>13 anos e mais :<\/strong> Aplicativos de rastreamento detalhado, reflex\u00f5es escritas, objetivos SMART personalizados, relat\u00f3rios mensais<\/pee>\n            <\/div>\n<div class=\"key-points\">\n<h3>Compet\u00eancias de autorregula\u00e7\u00e3o a desenvolver progressivamente<\/h3>\n<ul>\n<li>Reconhecimento dos sinais internos de satura\u00e7\u00e3o digital (fadiga, irritabilidade, dificuldades de aten\u00e7\u00e3o)<\/li>\n<li>Planejamento antecipado do uso das telas na organiza\u00e7\u00e3o do seu dia<\/li>\n<li>Resist\u00eancia \u00e0s solicita\u00e7\u00f5es digitais inadequadas (notifica\u00e7\u00f5es, propostas autom\u00e1ticas)<\/li>\n<li>Capacidade de interromper uma atividade digital para passar a outra<\/li>\n<li>Avalia\u00e7\u00e3o cr\u00edtica da qualidade e da utilidade dos conte\u00fados consumidos<\/li>\n<li>Busca ativa de alternativas satisfat\u00f3rias aos entretenimentos digitais<\/li>\n<\/ul><\/div>\n<h2>Exerc\u00edcio 5 : Organizar oficinas de conscientiza\u00e7\u00e3o comunit\u00e1rias<\/h2>\n<pee>A efic\u00e1cia das abordagens individuais de conscientiza\u00e7\u00e3o sobre as telas \u00e9 consideravelmente refor\u00e7ada pela organiza\u00e7\u00e3o de a\u00e7\u00f5es coletivas que criam uma din\u00e2mica comunit\u00e1ria positiva. Essas oficinas permitem compartilhar experi\u00eancias, normalizar as dificuldades encontradas e desenvolver solu\u00e7\u00f5es criativas por meio da intelig\u00eancia coletiva.<\/pee>\n<pee>A dimens\u00e3o comunit\u00e1ria tamb\u00e9m traz uma legitimidade social \u00e0s mudan\u00e7as comportamentais empreendidas. Quando v\u00e1rias fam\u00edlias de uma mesma escola ou de um mesmo bairro se comprometem simultaneamente em uma abordagem de regula\u00e7\u00e3o das telas, o efeito de cont\u00e1gio facilita grandemente a ades\u00e3o das crian\u00e7as e a persist\u00eancia dos novos h\u00e1bitos.<\/pee>\n<pee>Essas oficinas tamb\u00e9m constituem uma oportunidade \u00fanica de forma\u00e7\u00e3o para os adultos respons\u00e1veis, que adquirem conhecimentos cient\u00edficos atualizados e ferramentas pr\u00e1ticas diretamente aplic\u00e1veis em seu contexto familiar ou profissional. Esse aumento de compet\u00eancias coletivas beneficia duradouramente toda a comunidade educativa.<\/pee>\n<div class=\"conseil-card\">\n<h3>\ud83c\udfaa Organiza\u00e7\u00e3o de um ateli\u00ea comunit\u00e1rio bem-sucedido<\/h3>\n<pee>Planeje seu ateli\u00ea em 3 horas com 4 momentos principais: acolhimento amig\u00e1vel (30 min), contribui\u00e7\u00f5es te\u00f3ricas interativas (45 min), ateli\u00eas pr\u00e1ticos em pequenos grupos (90 min), s\u00edntese coletiva e compromissos (15 min). Essa estrutura equilibrada mant\u00e9m o engajamento ao longo da sess\u00e3o.<\/pee>\n            <\/div>\n<pee>A prepara\u00e7\u00e3o meticulosa desses eventos condiciona amplamente seu sucesso. A escolha do local, dos palestrantes, dos materiais pedag\u00f3gicos e das atividades propostas deve levar em conta as especificidades do p\u00fablico-alvo e os objetivos perseguidos. Uma pesquisa pr\u00e9via com os participantes potenciais permite adaptar finamente o programa \u00e0s suas necessidades reais.<\/pee>\n<div class=\"key-points\">\n<h3>Formato de ateli\u00eas conforme os p\u00fablicos-alvo<\/h3>\n<ul>\n<li><strong>Fam\u00edlias com crian\u00e7as pequenas (3-8 anos) :<\/strong> Ateli\u00eas l\u00fadicos pais-filhos, demonstra\u00e7\u00f5es pr\u00e1ticas, entrega de kits de atividades<\/li>\n<li><strong>Pais de pr\u00e9-adolescentes :<\/strong> Confer\u00eancias-debate, depoimentos cruzados, forma\u00e7\u00e3o em ferramentas de controle parental<\/li>\n<li><strong>Equipes educativas :<\/strong> Forma\u00e7\u00e3o profissional, an\u00e1lise de casos pr\u00e1ticos, elabora\u00e7\u00e3o de protocolos de estabelecimento<\/li>\n<li><strong>Adolescentes :<\/strong> Ateli\u00eas participativos, cria\u00e7\u00e3o de conte\u00fados de sensibiliza\u00e7\u00e3o, projetos peer-to-peer<\/li>\n<li><strong>Comunidade local :<\/strong> Eventos para o p\u00fablico em geral, estandes de informa\u00e7\u00e3o, demonstra\u00e7\u00f5es de alternativas \u00e0s telas<\/li>\n<\/ul><\/div>\n<div class=\"expert-box\">\n                <span class=\"expert-box-label\">Retorno de experi\u00eancia DYNSEO<\/span><\/p>\n<h3 class=\"expert-box-title\">15 anos de anima\u00e7\u00e3o de ateli\u00eas comunit\u00e1rios<\/h3>\n<pee>Nossa experi\u00eancia com mais de 15 000 fam\u00edlias nos ensinou que os ateli\u00eas mais impactantes combinam descoberta cient\u00edfica, experimenta\u00e7\u00e3o pr\u00e1tica e a dimens\u00e3o emocional de compartilhar experi\u00eancias entre os participantes.<\/pee>\n<div class=\"expert-inner\">\n<div class=\"expert-inner-title\">Fatores de sucesso identificados<\/div>\n<pee><strong>Clima acolhedor :<\/strong> Nenhum julgamento sobre as pr\u00e1ticas atuais, foco nas solu\u00e7\u00f5es<\/pee>\n                    <pee><strong>Altern\u00e2ncia teoria\/pr\u00e1tica :<\/strong> M\u00e1ximo de 15 min de teoria consecutivas, manipula\u00e7\u00f5es regulares<\/pee>\n                    <pee><strong>Materiais variados :<\/strong> Visuais atraentes, demonstra\u00e7\u00f5es ao vivo, depoimentos em v\u00eddeo<\/pee>\n                    <pee><strong>Recursos port\u00e1teis :<\/strong> Fichas pr\u00e1ticas, links para aplicativos, contatos de especialistas<\/pee>\n                <\/div>\n<\/p><\/div>\n<pee>A avalia\u00e7\u00e3o sistem\u00e1tica desses ateli\u00eas permite melhorar continuamente sua efic\u00e1cia e adaptar seu conte\u00fado \u00e0s evolu\u00e7\u00f5es das quest\u00f5es digitais. Question\u00e1rios de satisfa\u00e7\u00e3o imediata, pesquisas de acompanhamento em 3 meses e medidas de impacto comportamental constituem os tr\u00eas pilares dessa abordagem de melhoria cont\u00ednua.<\/pee>\n<div class=\"tip-box\">\n                <span class=\"tip-box-label\">\ud83d\udccb Acompanhamento p\u00f3s-oficina<\/span>\n                <pee>Crie um grupo de acompanhamento digital (paradoxo assumido!) limitado a 15 dias para compartilhar as primeiras experi\u00eancias, depois mude para encontros f\u00edsicos mensais para manter a din\u00e2mica coletiva sem criar uma nova depend\u00eancia digital.<\/pee>\n            <\/div>\n<h2>Envolver os pais na abordagem de conscientiza\u00e7\u00e3o<\/h2>\n<pee>O sucesso de toda estrat\u00e9gia de conscientiza\u00e7\u00e3o sobre as telas depende fundamentalmente do engajamento ativo e esclarecido dos pais, que s\u00e3o os primeiros modelos comportamentais de seus filhos. Esse envolvimento parental n\u00e3o pode ser superficial ou for\u00e7ado; deve estar enraizado em uma compreens\u00e3o profunda das quest\u00f5es e uma motiva\u00e7\u00e3o aut\u00eantica de mudan\u00e7a para o bem-estar familiar.<\/pee>\n<pee>O acompanhamento dos pais requer uma abordagem progressiva e acolhedora que reconhe\u00e7a suas dificuldades pr\u00f3prias com as tecnologias digitais. Muitos adultos vivem eles mesmos uma rela\u00e7\u00e3o complexa com as telas, oscilando entre fasc\u00ednio e culpa, o que complica sua capacidade de estabelecer um quadro coerente para seus filhos.<\/pee>\n<pee>A forma\u00e7\u00e3o parental deve, portanto, abordar simultaneamente os aspectos de desenvolvimento da crian\u00e7a e as quest\u00f5es de regula\u00e7\u00e3o comportamental do adulto. Essa dupla abordagem cria as condi\u00e7\u00f5es para uma coer\u00eancia educativa indispens\u00e1vel \u00e0 efic\u00e1cia das interven\u00e7\u00f5es familiares.<\/pee>\n<div class=\"conseil-card\">\n<h3>\ud83d\udc68\u200d\ud83d\udc69\u200d\ud83d\udc67\u200d\ud83d\udc66 Estrat\u00e9gias de engajamento parental progressivo<\/h3>\n<pee>Comece propondo aos pais que observem seus pr\u00f3prios h\u00e1bitos digitais durante uma semana, sem julgamento ou modifica\u00e7\u00e3o. Essa auto-observa\u00e7\u00e3o cria uma conscientiza\u00e7\u00e3o que facilita, em seguida, a ades\u00e3o \u00e0s mudan\u00e7as propostas para toda a fam\u00edlia.<\/pee>\n            <\/div>\n<pee>A cria\u00e7\u00e3o de redes de pais que compartilham as mesmas preocupa\u00e7\u00f5es constitui um poderoso alavancador de motiva\u00e7\u00e3o e perseveran\u00e7a. Esses grupos de apoio permitem relativizar as dificuldades, compartilhar solu\u00e7\u00f5es pr\u00e1ticas e manter o engajamento ao longo do tempo diante das resist\u00eancias naturais \u00e0 mudan\u00e7a.<\/pee>\n<div class=\"key-points\">\n<h3>Eixos de forma\u00e7\u00e3o parental priorit\u00e1rios<\/h3>\n<ul>\n<li><strong>Desenvolvimento da crian\u00e7a:<\/strong> Compreender as etapas cruciais e as vulnerabilidades espec\u00edficas de cada idade<\/li>\n<li><strong>Neuroci\u00eancias aplicadas:<\/strong> Integrar as descobertas recentes sobre o impacto das telas no c\u00e9rebro em desenvolvimento<\/li>\n<li><strong>Comunica\u00e7\u00e3o positiva:<\/strong> Abordar o tema das telas sem criar conflitos ou culpabiliza\u00e7\u00e3o<\/li>\n<li><strong>Modelagem comportamental:<\/strong> Ajustar os pr\u00f3prios h\u00e1bitos para se tornar um exemplo coerente<\/li>\n<li><strong>Alternativas criativas:<\/strong> Desenvolver um repert\u00f3rio de atividades familiares envolventes e duradouras<\/li>\n<li><strong>Gest\u00e3o das resist\u00eancias:<\/strong> Antecipar e gerenciar as oposi\u00e7\u00f5es previs\u00edveis da crian\u00e7a<\/li>\n<\/ul><\/div>\n<pee>A utiliza\u00e7\u00e3o de ferramentas digitais para acompanhar essa abordagem pode parecer paradoxal, mas se mostra frequentemente eficaz quando essas ferramentas respeitam os princ\u00edpios que promovem. Aplicativos de acompanhamento familiar com limita\u00e7\u00f5es autom\u00e1ticas, plataformas de recursos educacionais, f\u00f3runs de pais moderados constituem suportes valiosos se utilizados com modera\u00e7\u00e3o e discernimento.<\/pee>\n<div class=\"expert-box\">\n                <span class=\"expert-box-label\">Acompanhamento DYNSEO<\/span><\/p>\n<h3 class=\"expert-box-title\">Programa de forma\u00e7\u00e3o parental &#8220;Telas em Fam\u00edlia&#8221;<\/h3>\n<pee>Nosso programa de forma\u00e7\u00e3o parental, testado com 3000 fam\u00edlias desde 2023, combina forma\u00e7\u00e3o te\u00f3rica, experimenta\u00e7\u00e3o pr\u00e1tica e acompanhamento comunit\u00e1rio ao longo de 6 meses.<\/pee>\n<div class=\"expert-inner\">\n<div class=\"expert-inner-title\">Resultados medidos do programa<\/div>\n<pee><strong>Redu\u00e7\u00e3o do tempo de tela das crian\u00e7as:<\/strong> -47% em m\u00e9dia ap\u00f3s 6 meses<\/pee>\n                    <pee><strong>Melhoria do clima familiar:<\/strong> 89% das fam\u00edlias relatam menos conflitos relacionados \u00e0s telas<\/pee>\n                    <pee><strong>Diversifica\u00e7\u00e3o de atividades:<\/strong> +156% de atividades alternativas praticadas regularmente<\/pee>\n                    <pee><strong>Satisfa\u00e7\u00e3o parental:<\/strong> 94% recomendariam o programa a outras fam\u00edlias<\/pee>\n                <\/div>\n<\/p><\/div>\n<h2>Criar um ambiente familiar e escolar equilibrado<\/h2>\n<pee>O ambiente f\u00edsico e social no qual as crian\u00e7as se desenvolvem influencia diretamente seus comportamentos digitais e sua capacidade de desenvolver usos equilibrados das tecnologias. Essa influ\u00eancia ambiental se exerce de maneira frequentemente inconsciente, mas determinante sobre as escolhas espont\u00e2neas dos jovens entre atividades digitais e alternativas.<\/pee>\n<pee>A organiza\u00e7\u00e3o de espa\u00e7os favor\u00e1veis \u00e0s atividades n\u00e3o digitais constitui uma estrat\u00e9gia preventiva particularmente eficaz. Quando as alternativas \u00e0s telas s\u00e3o facilmente acess\u00edveis, visualmente atraentes e funcionalmente otimizadas, elas naturalmente competem com as solicita\u00e7\u00f5es digitais sem exigir esfor\u00e7os constantes por parte dos adultos.<\/pee>\n<pee>Essa abordagem ambiental deve ser acompanhada de uma reflex\u00e3o sobre os ritmos familiares e escolares, que condicionam amplamente os momentos de uso das telas. Transi\u00e7\u00f5es muito bruscas entre atividades, tempos mortos n\u00e3o estruturados ou momentos de estresse mal geridos criam automaticamente apelos para as distra\u00e7\u00f5es digitais.<\/pee>\n<div class=\"conseil-card\">\n<h3>\ud83c\udfe0 Am\u00e9nagement d&#8217;espaces \u00e9quilibr\u00e9s<\/h3>\n<pee><strong>Zone de cria\u00e7\u00e3o :<\/strong> Mesa dedicada \u00e0s atividades manuais, armazenamentos acess\u00edveis, ilumina\u00e7\u00e3o ideal, inspira\u00e7\u00f5es visuais renovadas<\/pee>\n                <pee><strong>Canto de leitura :<\/strong> Ilumina\u00e7\u00e3o suave, assentos confort\u00e1veis, biblioteca na altura da crian\u00e7a, ambiente relaxante<\/pee>\n                <pee><strong>Espa\u00e7o digital :<\/strong> Posto fixo em espa\u00e7o comum, cadeira ergon\u00f4mica, cron\u00f4metro vis\u00edvel, alternativas ao alcance das m\u00e3os<\/pee>\n            <\/div>\n<pee>A coer\u00eancia entre ambientes familiares e escolares refor\u00e7a consideravelmente a efic\u00e1cia das interven\u00e7\u00f5es. Quando a crian\u00e7a encontra mensagens e pr\u00e1ticas semelhantes em seus diferentes locais de vida, a integra\u00e7\u00e3o dos novos comportamentos ocorre de forma mais natural e duradoura.<\/pee>\n<div class=\"key-points\">\n<h3>Princ\u00edpios de arranjo favor\u00e1veis ao equil\u00edbrio digital<\/h3>\n<ul>\n<li><strong>Acessibilidade das alternativas :<\/strong> Material criativo, livros, jogos, instrumentos musicais facilmente dispon\u00edveis<\/li>\n<li><strong>Limita\u00e7\u00e3o das tenta\u00e7\u00f5es :<\/strong> Telas guardadas quando n\u00e3o utilizadas, carregadores em espa\u00e7os dedicados<\/li>\n<li><strong>Sinaliza\u00e7\u00e3o positiva :<\/strong> Exibi\u00e7\u00f5es valorizando as atividades n\u00e3o digitais e seus benef\u00edcios<\/li>\n<li><strong>Espa\u00e7os de transi\u00e7\u00e3o :<\/strong> Zonas calmas para passar de uma atividade para outra sem pressa<\/li>\n<li><strong>Natureza integrada :<\/strong> Plantas, luz natural, materiais naturais para equilibrar a tecnicidade<\/li>\n<li><strong>Flexibilidade de uso :<\/strong> Espa\u00e7os modulares de acordo com as atividades e os momentos do dia<\/li>\n<\/ul><\/div>\n<div class=\"tip-box\">\n                <span class=\"tip-box-label\">\ud83c\udf31 Dica de arranjo<\/span>\n                <pee>Instale um &#8220;jardim de atividades&#8221; vis\u00edvel a partir do canto da tela: prateleira atraente apresentando 5-6 atividades alternativas renovadas a cada semana. Essa proximidade visual facilita as transi\u00e7\u00f5es espont\u00e2neas.<\/pee>\n            <\/div>\n<h2>Forma\u00e7\u00e3o dos profissionais educativos para os desafios digitais<\/h2>\n<pee>Os professores e educadores se encontram hoje na linha de frente diante dos desafios impostos pela revolu\u00e7\u00e3o digital nos aprendizados. Sua forma\u00e7\u00e3o inicial, muitas vezes anterior \u00e0 explos\u00e3o dos usos digitais infantis, n\u00e3o os preparou para gerenciar os impactos comportamentais e cognitivos da exposi\u00e7\u00e3o intensa \u00e0s telas em seus alunos.<\/pee>\n<pee>Essa situa\u00e7\u00e3o gera \u00e0s vezes um sentimento de impot\u00eancia nos profissionais, que observam mudan\u00e7as preocupantes nas capacidades atencionais e relacionais de seus alunos sem dispor de ferramentas adequadas para responder a isso. A forma\u00e7\u00e3o cont\u00ednua torna-se, portanto, um desafio crucial para manter a efic\u00e1cia pedag\u00f3gica nesse contexto em r\u00e1pida mudan\u00e7a.<\/pee>\n<pee>A abordagem desenvolvida pela DYNSEO prop\u00f5e \u00e0s equipes educativas solu\u00e7\u00f5es pr\u00e1ticas imediatamente aplic\u00e1veis, como a integra\u00e7\u00e3o de <a href=\"https:\/\/www.dynseo.com\/pt-pt\/coco-pensa-e-coco-se-mexe\/\" target=\"_blank\">COCO PENSA e COCO SE MEXE<\/a> nas atividades pedag\u00f3gicas digitais, transformando as restri\u00e7\u00f5es tecnol\u00f3gicas em oportunidades de aprendizado da regula\u00e7\u00e3o comportamental.<\/pee>\n<div class=\"expert-box\">\n                <span class=\"expert-box-label\">Forma\u00e7\u00e3o DYNSEO<\/span><\/p>\n<h3 class=\"expert-box-title\">Programa &#8220;Educador Digital Respons\u00e1vel&#8221;<\/h3>\n<pee>Nosso programa de forma\u00e7\u00e3o profissional, certificada e eleg\u00edvel para o plano de forma\u00e7\u00e3o cont\u00ednua, aborda todos os aspectos da educa\u00e7\u00e3o digital equilibrada em contexto escolar.<\/pee>\n<div class=\"expert-inner\">\n<div class=\"expert-inner-title\">M\u00f3dulos de forma\u00e7\u00e3o profissional<\/div>\n<pee><strong>M\u00f3dulo 1 :<\/strong> Neuroci\u00eancias educativas e impacto das telas (14h)<\/pee>\n                    <pee><strong>M\u00f3dulo 2 :<\/strong> Ferramentas pedag\u00f3gicas de integra\u00e7\u00e3o digital equilibrada (21h)<\/pee>\n                    <pee><strong>M\u00f3dulo 3 :<\/strong> Comunica\u00e7\u00e3o com as fam\u00edlias sobre os desafios digitais (7h)<\/pee>\n                    <pee><strong>M\u00f3dulo 4 :<\/strong> Pr\u00e1tica e acompanhamento de projeto (14h)<\/pee>\n                <\/div>\n<\/p><\/div>\n<pee>A forma\u00e7\u00e3o dos profissionais deve integrar tanto os aspectos te\u00f3ricos (compreens\u00e3o dos mecanismos neurobiol\u00f3gicos) quanto pr\u00e1ticos (ferramentas concretas de interven\u00e7\u00e3o). Esta dupla abordagem permite aos educadores desenvolver uma expertise que combina rigor cient\u00edfico e efic\u00e1cia operacional em suas interven\u00e7\u00f5es di\u00e1rias.<\/pee>\n<div class=\"conseil-card\">\n<h3>\ud83c\udf93 Kit de forma\u00e7\u00e3o interna de estabelecimento<\/h3>\n<pee><strong>Documenta\u00e7\u00e3o b\u00e1sica :<\/strong> S\u00ednteses cient\u00edficas acess\u00edveis, guias pr\u00e1ticos, depoimentos de especialistas<\/pee>\n                <pee><strong>Ferramentas de avalia\u00e7\u00e3o :<\/strong> Grades de observa\u00e7\u00e3o comportamental, testes de aten\u00e7\u00e3o simples, question\u00e1rios para pais<\/pee>\n                <pee><strong>Recursos de interven\u00e7\u00e3o :<\/strong> Sequ\u00eancias pedag\u00f3gicas prontas, atividades alternativas, protocolos de gest\u00e3o de crise<\/pee>\n            <\/div>\n<div class=\"key-points\">\n<h3>Compet\u00eancias profissionais a desenvolver prioritariamente<\/h3>\n<ul>\n<li><strong>Diagn\u00f3stico comportamental:<\/strong> Identificar os sinais de superexposi\u00e7\u00e3o \u00e0s telas entre os alunos<\/li>\n<li><strong>Pedagogia diferenciada:<\/strong> Adaptar as abordagens de acordo com os perfis digitais das crian\u00e7as<\/li>\n<li><strong>Gest\u00e3o de grupo:<\/strong> Manter a aten\u00e7\u00e3o coletiva apesar dos impactos atencionais das telas<\/li>\n<li><strong>Colabora\u00e7\u00e3o familiar:<\/strong> Comunicar-se eficazmente com os pais sobre esses assuntos sens\u00edveis<\/li>\n<li><strong>Integra\u00e7\u00e3o digital:<\/strong> Utilizar positivamente as ferramentas digitais nos aprendizados<\/li>\n<li><strong>Preven\u00e7\u00e3o e interven\u00e7\u00e3o:<\/strong> Agir precocemente diante das dificuldades relacionadas \u00e0s telas<\/li>\n<\/ul><\/div>\n<h2>Avalia\u00e7\u00e3o e acompanhamento dos programas de sensibiliza\u00e7\u00e3o<\/h2>\n<pee>A efic\u00e1cia das interven\u00e7\u00f5es de sensibiliza\u00e7\u00e3o \u00e0s telas s\u00f3 pode ser demonstrada por meio de uma avalia\u00e7\u00e3o rigorosa e um acompanhamento longitudinal das mudan\u00e7as observadas. Essa abordagem cient\u00edfica permite n\u00e3o apenas medir o impacto das a\u00e7\u00f5es realizadas, mas tamb\u00e9m identificar os fatores de sucesso e fracasso para melhorar continuamente as pr\u00e1ticas.<\/pee>\n<pee>A avalia\u00e7\u00e3o deve abranger m\u00faltiplas dimens\u00f5es: comportamentais (tempo de tela, diversidade das atividades), cognitivas (aten\u00e7\u00e3o, mem\u00f3ria, criatividade), sociais (qualidade das intera\u00e7\u00f5es, conflitos familiares) e acad\u00eamicas (desempenhos escolares, engajamento nos aprendizados). Essa abordagem multifatorial oferece uma vis\u00e3o completa dos benef\u00edcios obtidos.<\/pee>\n<pee>Os instrumentos de medida devem ser adaptados \u00e0 idade dos participantes e suficientemente simples para permitir um uso regular sem criar uma carga excessiva para as fam\u00edlias e educadores. O objetivo \u00e9 manter a motiva\u00e7\u00e3o de todos os envolvidos enquanto coleta dados confi\u00e1veis sobre a evolu\u00e7\u00e3o das situa\u00e7\u00f5es.<\/pee>\n<div class=\"conseil-card\">\n<h3>\ud83d\udcca Protocolo de avalia\u00e7\u00e3o familiar simples<\/h3>\n<pee><strong>Semana 0:<\/strong> Foto dos espa\u00e7os de vida, caderno de tempo de tela por 7 dias, question\u00e1rio de bem-estar infantil<\/pee>\n                <pee><strong>M\u00eas 1, 3, 6:<\/strong> Mesmo protocolo + avalia\u00e7\u00e3o das alternativas praticadas + satisfa\u00e7\u00e3o familiar<\/pee>\n                <pee><strong>Ano 1:<\/strong> Balan\u00e7o completo com medidas cognitivas simples + entrevista qualitativa aprofundada<\/pee>\n            <\/div>\n<pee>Os indicadores de sucesso devem ser definidos de forma colaborativa com os participantes para garantir sua ades\u00e3o ao processo de avalia\u00e7\u00e3o. Esses objetivos personalizados levam em conta a situa\u00e7\u00e3o inicial de cada fam\u00edlia e suas aspira\u00e7\u00f5es espec\u00edficas, criando uma din\u00e2mica motivacional positiva.<\/pee>\n<div class=\"key-points\">\n<h3>Indicadores de sucesso de acordo com os objetivos visados<\/h3>\n<ul>\n<li><strong>Redu\u00e7\u00e3o quantitativa:<\/strong> Diminui\u00e7\u00e3o mensur\u00e1vel do tempo de tela di\u00e1rio e semanal<\/li>\n<li><strong>Melhoria qualitativa:<\/strong> Sele\u00e7\u00e3o de conte\u00fados mais educativos e adequados \u00e0 idade<\/li>\n<li><strong>Diversifica\u00e7\u00e3o comport<br \/>\n<script type=\"application\/ld+json\">\n[\n  {\n    \"@context\": \"https:\/\/schema.org\",\n    \"@type\": \"Article\",\n    \"headline\": \"Sensibilisation aux \u00e9crans : 5 exercices pratiques pour les \u00e9coles et les familles\",\n    \"description\": \"Sensibilisation aux \u00e9crans - \u00c9ducation num\u00e9rique - 5 exercices pratiques pour les \u00e9coles et les familles\",\n    \"url\": \"https:\/\/www.dynseo.com\/sensibilisation-aux-ecrans-5-exercices-pratiques-pour-les-ecoles-et-les-familles\/\",\n    \"datePublished\": \"2026-04-07\",\n    \"dateModified\": \"2026-04-07\",\n    \"author\": {\n      \"@type\": \"Organization\",\n      \"name\": \"DYNSEO\",\n      \"url\": \"https:\/\/www.dynseo.com\"\n    },\n    \"publisher\": {\n      \"@type\": \"Organization\",\n      \"name\": \"DYNSEO\",\n      \"url\": \"https:\/\/www.dynseo.com\"\n    },\n    \"image\": \"https:\/\/www.dynseo.com\/wp-content\/uploads\/2024\/sensibilisation-ecrans-exercices.jpg\",\n    \"aggregateRating\": {\n      \"@type\": \"AggregateRating\",\n      \"ratingValue\": \"4.8\",\n      \"bestRating\": \"5\",\n      \"reviewCount\": \"47\"\n    }\n  },\n  {\n    \"@context\": \"https:\/\/schema.org\",\n    \"@type\": \"WebPage\",\n    \"name\": \"Sensibilisation aux \u00e9crans : 5 exercices pratiques pour les \u00e9coles et les familles\",\n    \"url\": \"https:\/\/www.dynseo.com\/sensibilisation-aux-ecrans-5-exercices-pratiques-pour-les-ecoles-et-les-familles\/\",\n    \"description\": \"Sensibilisation aux \u00e9crans - \u00c9ducation num\u00e9rique - 5 exercices pratiques pour les \u00e9coles et les familles\"\n  },\n  {\n    \"@context\": \"https:\/\/schema.org\",\n    \"@type\": \"BreadcrumbList\",\n    \"itemListElement\": [\n      {\n        \"@type\": \"ListItem\",\n        \"position\": 1,\n        \"name\": \"Accueil\",\n        \"item\": \"https:\/\/www.dynseo.com\"\n      },\n      {\n        \"@type\": \"ListItem\",\n        \"position\": 2,\n        \"name\": \"Blog\",\n        \"item\": \"https:\/\/www.dynseo.com\/blog\/\"\n      },\n      {\n        \"@type\": \"ListItem\",\n        \"position\": 3,\n        \"name\": \"Sensibilisation aux \u00e9crans : 5 exercices pratiques pour les \u00e9coles et les familles\",\n        \"item\": \"https:\/\/www.dynseo.com\/sensibilisation-aux-ecrans-5-exercices-pratiques-pour-les-ecoles-et-les-familles\/\"\n      }\n    ]\n  },\n  {\n    \"@context\": \"https:\/\/schema.org\",\n    \"@type\": \"FAQPage\",\n    \"mainEntity\": [\n      {\n        \"@type\": \"Question\",\n        \"name\": \"Quels sont les effets n\u00e9gatifs d'une exposition excessive aux \u00e9crans chez les enfants ?\",\n        \"acceptedAnswer\": {\n          \"@type\": \"Answer\",\n          \"text\": \"Une exposition excessive aux \u00e9crans peut entra\u00eener des troubles du sommeil, des difficult\u00e9s de concentra\u00e7\u00e3o, une diminution de l'activit\u00e9 physique, des probl\u00e8mes de vue et des retards dans le d\u00e9veloppement social et \u00e9motionnel chez les enfants.\"\n        }\n      },\n      {\n        \"@type\": \"Question\",\n        \"name\": \"Comment sensibiliser efficacement les enfants aux risques des \u00e9crans ?\",\n        \"acceptedAnswer\": {\n          \"@type\": \"Answer\",\n          \"text\": \"La sensibilisation passe par des exercices pratiques, des discussions ouvertes, l'\u00e9tablissement de r\u00e8gles claires sur l'usage des \u00e9crans, la promotion d'activit\u00e9s alternatives et l'exemple donn\u00e9 par les adultes dans leur propre utilisation des technologies.\"\n        }\n      },\n      {\n        \"@type\": \"Question\",\n        \"name\": \"\u00c0 quel \u00e2ge faut-il commencer la sensibilisation aux \u00e9crans ?\",\n        \"acceptedAnswer\": {\n          \"@type\": \"Answer\",\n          \"text\": \"La sensibilisation aux \u00e9crans peut commencer d\u00e8s l'\u00e2ge de 3-4 ans avec des explications simples et adapt\u00e9es. Plus l'enfant grandit, plus les discussions peuvent devenir approfondies sur l'usage responsable des technologies num\u00e9riques.\"\n        }\n      }\n    ]\n  }\n]\n<\/script>[\/et_pb_code][\/et_pb_column][\/et_pb_row][\/et_pb_section]<\/p>\n","protected":false},"excerpt":{"rendered":"","protected":false},"author":4,"featured_media":142596,"comment_status":"closed","ping_status":"closed","sticky":false,"template":"","format":"standard","meta":{"_et_pb_use_builder":"on","_et_pb_old_content":"[et_pb_section fb_built=\"1\" _builder_version=\"4.16\" custom_padding=\"0px|0px|0px|0px|false|false\" margin_top=\"0px\" margin_bottom=\"0px\" global_colors_info=\"{}\"][et_pb_row _builder_version=\"4.16\" custom_padding=\"0px|0px|0px|0px|false|false\" margin_top=\"0px\" margin_bottom=\"0px\" column_structure=\"4_4\" global_colors_info=\"{}\"][et_pb_column type=\"4_4\" _builder_version=\"4.16\" custom_padding=\"0px|0px|0px|0px|false|false\" global_colors_info=\"{}\"][et_pb_code _builder_version=\"4.16\" custom_padding=\"0px|0px|0px|0px|false|false\" global_colors_info=\"{}\"]<!DOCTYPE html>\n<html lang=\"fr\">\n<head>\n    <meta charset=\"UTF-8\">\n    <meta name=\"viewport\" content=\"width=device-width, initial-scale=1.0\">\n    <title>Sensibilisation aux \u00e9crans : 5 exercices pratiques pour \u00e9coles et familles | DYNSEO<\/title>\n    <meta name=\"description\" content=\"D\u00e9couvrez 5 exercices pratiques pour sensibiliser enfants et familles aux dangers des \u00e9crans. Solutions \u00e9ducatives et ateliers DYNSEO pour un usage \u00e9quilibr\u00e9.\">\n    <link rel=\"preconnect\" href=\"https:\/\/fonts.googleapis.com\">\n    <link rel=\"preconnect\" href=\"https:\/\/fonts.gstatic.com\" crossorigin>\n    <link href=\"https:\/\/fonts.googleapis.com\/css2?family=Montserrat:wght@400;600;700&family=Poppins:wght@300;400;500;600&display=swap\" rel=\"stylesheet\">\n    <style>\n        :root {\n            --primary-blue: #5e5ed7;\n            --dark-blue: #5268c9;\n            --teal: #a9e2e4;\n            --yellow: #ffeca7;\n            --pink: #e73469;\n            --white: #ffffff;\n            --light-gray: #f8f9fa;\n            --gray: #6c757d;\n            --dark: #212529;\n        }\n\n        * {\n            margin: 0;\n            padding: 0;\n            box-sizing: border-box;\n        }\n\n        body {\n            font-family: 'Poppins', sans-serif;\n            line-height: 1.6;\n            color: var(--dark);\n        }\n\n        h1, h2, h3, h4, h5, h6 {\n            font-family: 'Montserrat', sans-serif;\n            font-weight: 700;\n        }\n\n        .article-hero {\n            background: linear-gradient(135deg, var(--primary-blue) 0%, var(--dark-blue) 100%);\n            color: white;\n            position: relative;\n            padding: 2rem 0 6rem 0;\n            overflow: hidden;\n        }\n\n        .article-hero::before {\n            content: '';\n            position: absolute;\n            top: 0;\n            left: 0;\n            right: 0;\n            bottom: 0;\n            background: url('data:image\/svg+xml,<svg xmlns=\"http:\/\/www.w3.org\/2000\/svg\" viewBox=\"0 0 100 100\"><circle cx=\"20\" cy=\"20\" r=\"2\" fill=\"rgba(255,255,255,0.1)\"\/><circle cx=\"80\" cy=\"40\" r=\"3\" fill=\"rgba(255,255,255,0.1)\"\/><circle cx=\"40\" cy=\"80\" r=\"1\" fill=\"rgba(255,255,255,0.1)\"\/><\/svg>');\n            animation: float 20s ease-in-out infinite;\n        }\n\n        @keyframes float {\n            0%, 100% { transform: translateY(0px); }\n            50% { transform: translateY(-20px); }\n        }\n\n        .article-hero-inner {\n            max-width: 1200px;\n            margin: 0 auto;\n            padding: 0 2rem;\n            position: relative;\n            z-index: 2;\n        }\n\n        .article-breadcrumb {\n            margin-bottom: 1rem;\n            font-size: 0.9rem;\n            opacity: 0.8;\n        }\n\n        .article-breadcrumb a {\n            color: white;\n            text-decoration: none;\n        }\n\n        .article-breadcrumb a:hover {\n            text-decoration: underline;\n        }\n\n        .article-category {\n            display: inline-block;\n            background: var(--yellow);\n            color: var(--dark);\n            padding: 0.5rem 1rem;\n            border-radius: 25px;\n            font-size: 0.85rem;\n            font-weight: 600;\n            margin-bottom: 1.5rem;\n        }\n\n        .article-hero h1 {\n            font-size: 3rem;\n            margin-bottom: 1rem;\n            line-height: 1.2;\n        }\n\n        .hl {\n            color: var(--yellow);\n            position: relative;\n        }\n\n        .article-meta {\n            display: flex;\n            gap: 2rem;\n            margin-bottom: 1rem;\n            font-size: 0.9rem;\n        }\n\n        .article-meta span {\n            display: flex;\n            align-items: center;\n            gap: 0.5rem;\n        }\n\n        .article-hero-curve {\n            position: absolute;\n            bottom: 0;\n            left: 0;\n            width: 100%;\n            height: 60px;\n            background: white;\n            border-radius: 50% 50% 0 0 \/ 100% 100% 0 0;\n        }\n\n        .article-body {\n            background: white;\n        }\n\n        .container {\n            max-width: 1200px;\n            margin: 0 auto;\n            padding: 0 2rem;\n        }\n\n        .intro-block {\n            padding: 3rem 0;\n            font-size: 1.1rem;\n            color: var(--gray);\n            border-bottom: 1px solid #eee;\n        }\n\n        .stats-grid {\n            display: grid;\n            grid-template-columns: repeat(auto-fit, minmax(250px, 1fr));\n            gap: 2rem;\n            padding: 3rem 0;\n            border-bottom: 1px solid #eee;\n        }\n\n        .stat-card {\n            text-align: center;\n            padding: 2rem;\n            background: var(--light-gray);\n            border-radius: 15px;\n            transition: transform 0.3s ease;\n        }\n\n        .stat-card:hover {\n            transform: translateY(-5px);\n        }\n\n        .stat-card .number {\n            font-size: 3rem;\n            font-weight: 700;\n            color: var(--primary-blue);\n            display: block;\n            margin-bottom: 0.5rem;\n        }\n\n        .stat-card .label {\n            font-size: 1rem;\n            color: var(--gray);\n        }\n\n        .article-body h2 {\n            font-size: 2.2rem;\n            margin: 3rem 0 1.5rem 0;\n            color: var(--primary-blue);\n            position: relative;\n        }\n\n        .article-body h2::before {\n            content: counter(section-counter) \". \";\n            counter-increment: section-counter;\n            color: var(--pink);\n        }\n\n        .article-body {\n            counter-reset: section-counter;\n        }\n\n        .conseil-card {\n            background: linear-gradient(135deg, var(--teal), rgba(169, 226, 228, 0.3));\n            padding: 2rem;\n            border-radius: 15px;\n            margin: 2rem 0;\n            border-left: 5px solid var(--primary-blue);\n        }\n\n        .conseil-card h3 {\n            color: var(--dark-blue);\n            margin-bottom: 1rem;\n        }\n\n        .key-points {\n            background: var(--light-gray);\n            padding: 2rem;\n            border-radius: 15px;\n            margin: 2rem 0;\n        }\n\n        .key-points h3 {\n            color: var(--primary-blue);\n            margin-bottom: 1rem;\n        }\n\n        .key-points ul {\n            list-style: none;\n            padding-left: 0;\n        }\n\n        .key-points li {\n            position: relative;\n            padding-left: 2rem;\n            margin-bottom: 0.8rem;\n        }\n\n        .key-points li::before {\n            content: \"\u2192\";\n            position: absolute;\n            left: 0;\n            color: var(--pink);\n            font-weight: bold;\n        }\n\n        .tip-box {\n            background: var(--yellow);\n            padding: 1.5rem;\n            border-radius: 10px;\n            margin: 1.5rem 0;\n            position: relative;\n        }\n\n        .tip-box-label {\n            font-weight: 600;\n            color: var(--dark);\n            display: block;\n            margin-bottom: 0.5rem;\n        }\n\n        .expert-box {\n            background: linear-gradient(135deg, var(--primary-blue), var(--dark-blue));\n            color: white;\n            padding: 2.5rem;\n            border-radius: 20px;\n            margin: 2rem 0;\n            position: relative;\n        }\n\n        .expert-box::before {\n            content: \"\ud83d\udca1\";\n            position: absolute;\n            top: 1rem;\n            right: 1.5rem;\n            font-size: 2rem;\n        }\n\n        .expert-box-label {\n            background: var(--yellow);\n            color: var(--dark);\n            padding: 0.3rem 1rem;\n            border-radius: 15px;\n            font-size: 0.8rem;\n            font-weight: 600;\n            display: inline-block;\n            margin-bottom: 1rem;\n        }\n\n        .expert-box-title {\n            font-size: 1.3rem;\n            margin-bottom: 1rem;\n        }\n\n        .expert-inner {\n            background: rgba(255, 255, 255, 0.1);\n            padding: 1.5rem;\n            border-radius: 10px;\n            margin-top: 1rem;\n        }\n\n        .expert-inner-title {\n            font-weight: 600;\n            margin-bottom: 0.8rem;\n        }\n\n        .faq-list {\n            margin: 3rem 0;\n        }\n\n        .faq-item {\n            border: 1px solid #eee;\n            border-radius: 10px;\n            margin-bottom: 1rem;\n            overflow: hidden;\n            transition: all 0.3s ease;\n        }\n\n        .faq-item.open {\n            border-color: var(--primary-blue);\n            box-shadow: 0 5px 15px rgba(94, 94, 215, 0.1);\n        }\n\n        .faq-q {\n            padding: 1.5rem;\n            background: var(--light-gray);\n            cursor: pointer;\n            display: flex;\n            justify-content: space-between;\n            align-items: center;\n            font-weight: 600;\n            transition: background 0.3s ease;\n        }\n\n        .faq-q:hover {\n            background: #e9ecef;\n        }\n\n        .faq-icon {\n            background: var(--primary-blue);\n            color: white;\n            width: 30px;\n            height: 30px;\n            border-radius: 50%;\n            display: flex;\n            align-items: center;\n            justify-content: center;\n            font-weight: bold;\n            transition: transform 0.3s ease;\n        }\n\n        .faq-item.open .faq-icon {\n            transform: rotate(45deg);\n        }\n\n        .faq-a {\n            padding: 0;\n            max-height: 0;\n            overflow: hidden;\n            transition: all 0.3s ease;\n            background: white;\n        }\n\n        .faq-item.open .faq-a {\n            padding: 1.5rem;\n            max-height: 500px;\n        }\n\n        .cta-box {\n            background: linear-gradient(135deg, var(--pink), #d63465);\n            color: white;\n            padding: 3rem;\n            border-radius: 20px;\n            text-align: center;\n            margin: 3rem 0;\n        }\n\n        .cta-box h3 {\n            margin-bottom: 1rem;\n            font-size: 2rem;\n        }\n\n        .cta-buttons {\n            display: flex;\n            gap: 1rem;\n            justify-content: center;\n            margin-top: 2rem;\n            flex-wrap: wrap;\n        }\n\n        .btn-white, .btn-outline {\n            padding: 1rem 2rem;\n            border-radius: 50px;\n            text-decoration: none;\n            font-weight: 600;\n            transition: all 0.3s ease;\n            display: inline-block;\n        }\n\n        .btn-white {\n            background: white;\n            color: var(--pink);\n        }\n\n        .btn-white:hover {\n            transform: translateY(-3px);\n            box-shadow: 0 10px 20px rgba(0,0,0,0.1);\n        }\n\n        .btn-outline {\n            background: transparent;\n            color: white;\n            border: 2px solid white;\n        }\n\n        .btn-outline:hover {\n            background: white;\n            color: var(--pink);\n        }\n\n        .article-tags {\n            padding: 2rem 0;\n            border-top: 1px solid #eee;\n        }\n\n        .article-tag {\n            display: inline-block;\n            background: var(--light-gray);\n            padding: 0.5rem 1rem;\n            border-radius: 20px;\n            font-size: 0.9rem;\n            margin: 0.25rem;\n            color: var(--gray);\n            text-decoration: none;\n            transition: all 0.3s ease;\n        }\n\n        .article-tag:hover {\n            background: var(--primary-blue);\n            color: white;\n        }\n\n        @media (max-width: 768px) {\n            .article-hero h1 {\n                font-size: 2rem;\n            }\n            \n            .article-meta {\n                flex-direction: column;\n                gap: 0.5rem;\n            }\n            \n            .stats-grid {\n                grid-template-columns: 1fr;\n            }\n            \n            .cta-buttons {\n                flex-direction: column;\n                align-items: center;\n            }\n        }\n    <\/style>\n<\/head>\n<body><section class=\"article-hero\">\n        <div class=\"article-hero-inner\">\n            <nav class=\"article-breadcrumb\">\n                <a href=\"\/\">In\u00edcio<\/a> > <a href=\"\/blog\">Blog<\/a> > <a href=\"\/education-numerique\">Educa\u00e7\u00e3o digital<\/a> > Sensibiliza\u00e7\u00e3o aos ecr\u00e3s\n            <\/nav>\n            \n            <div class=\"article-category\">\ud83c\udfaf Educa\u00e7\u00e3o digital<\/div>\n            \n            <h1>Sensibiliza\u00e7\u00e3o aos ecr\u00e3s : <span class=\"hl\">5 exerc\u00edcios pr\u00e1ticos<\/span> para as escolas e as fam\u00edlias<\/h1>\n            \n            <div class=\"article-meta\">\n                <span>\ud83d\udcc5 Publicado em Abril 2026<\/span>\n                <span>\u23f1\ufe0f 15 min de leitura<\/span>\n                <span>\ud83d\udc68\u200d\ud83d\udc69\u200d\ud83d\udc67\u200d\ud83d\udc66 Pais e educadores<\/span>\n                <span>\u2b50 4.8\/5 (124 avalia\u00e7\u00f5es)<\/span>\n            <\/div>\n        <\/div>\n        <div class=\"article-hero-curve\"><\/div>\n    <\/section>\n\n    <div class=\"article-body\">\n        <div class=\"container\">\n<div class=\"intro-block\">\n                <p>Na nossa sociedade hiperconectada de abril de 2026, as telas ocupam um lugar preponderante no cotidiano das crian\u00e7as, transformando radicalmente sua rela\u00e7\u00e3o com a aprendizagem e o desenvolvimento. As \u00faltimas pesquisas em neuroci\u00eancias revelam que a exposi\u00e7\u00e3o excessiva \u00e0s telas pode perturbar os mecanismos fundamentais de concentra\u00e7\u00e3o, de memoriza\u00e7\u00e3o e de intera\u00e7\u00e3o social entre os jovens em desenvolvimento.<\/p>\n                \n                <p>Frente a essa problem\u00e1tica maior, a DYNSEO prop\u00f5e uma abordagem inovadora que concilia tecnologia educacional e bem-estar digital. Nossas solu\u00e7\u00f5es <strong>COCO PENSA e COCO SE MEXE<\/strong> integram pausas ativas autom\u00e1ticas, revolucionando o uso das ferramentas digitais em contexto educacional.<\/p>\n                \n                <p>Essa abordagem de conscientiza\u00e7\u00e3o sobre as telas requer uma mobiliza\u00e7\u00e3o coletiva envolvendo fam\u00edlias, escolas e profissionais da educa\u00e7\u00e3o. Os 5 exerc\u00edcios pr\u00e1ticos apresentados neste artigo oferecem um quadro estruturado para desenvolver uma cultura digital equilibrada e respons\u00e1vel.<\/p>\n                \n                <p>Essas estrat\u00e9gias comprovadas permitem transformar os desafios relacionados \u00e0s telas em oportunidades de aprendizagem, favorecendo o desenvolvimento harmonioso das compet\u00eancias cognitivas, sociais e emocionais das crian\u00e7as.<\/p>\n                \n                <p>O objetivo n\u00e3o \u00e9 demonizar as tecnologias digitais, mas criar as condi\u00e7\u00f5es para um uso razo\u00e1vel que respeite os ritmos naturais do desenvolvimento infantil, ao mesmo tempo em que explora o potencial educativo das ferramentas digitais.<\/p>\n            <\/div>\n\n            <div class=\"stats-grid\">\n                <div class=\"stat-card\">\n                    <span class=\"number\">73%<\/span>\n                    <span class=\"label\">das crian\u00e7as de 6-12 anos ultrapassam as recomenda\u00e7\u00f5es de tempo de tela di\u00e1rio<\/span>\n                <\/div>\n                <div class=\"stat-card\">\n                    <span class=\"number\">45min<\/span>\n                    <span class=\"label\">de redu\u00e7\u00e3o m\u00e9dia do tempo de tela ap\u00f3s conscientiza\u00e7\u00e3o<\/span>\n                <\/div>\n                <div class=\"stat-card\">\n                    <span class=\"number\">92%<\/span>\n                    <span class=\"label\">das fam\u00edlias constatam uma melhoria nas rela\u00e7\u00f5es ap\u00f3s a aplica\u00e7\u00e3o dos exerc\u00edcios<\/span>\n                <\/div>\n<div class=\"stat-card\">\n                    <span class=\"number\">2.3x<\/span>\n                    <span class=\"label\">mais atividades criativas praticadas pelas crian\u00e7as sensibilizadas<\/span>\n                <\/div>\n            <\/div>\n\n            <h2>Compreender o impacto das telas no desenvolvimento infantil<\/h2>\n            \n            <p>A exposi\u00e7\u00e3o precoce e intensa \u00e0s telas gera modifica\u00e7\u00f5es neuropl\u00e1sticas significativas no c\u00e9rebro em desenvolvimento. As pesquisas realizadas em 2025-2026 pelos institutos de neuroci\u00eancias europeus demonstram que as estimula\u00e7\u00f5es visuais r\u00e1pidas e repetitivas caracter\u00edsticas dos conte\u00fados digitais podem perturbar a matura\u00e7\u00e3o dos circuitos atencionais e executivos.<\/p>\n            \n            <p>Essas perturba\u00e7\u00f5es se manifestam por dificuldades crescentes em manter a aten\u00e7\u00e3o em tarefas menos estimulantes, uma diminui\u00e7\u00e3o da capacidade de processar a informa\u00e7\u00e3o de maneira sequencial, e dist\u00farbios da regula\u00e7\u00e3o emocional. A hiperativa\u00e7\u00e3o do sistema de recompensa dopamin\u00e9rgico tamb\u00e9m cria fen\u00f4menos de depend\u00eancia comportamental preocupantes nos mais jovens.<\/p>\n            \n            <p>A compreens\u00e3o desses mecanismos neurobiol\u00f3gicos constitui a base cient\u00edfica indispens\u00e1vel para desenvolver estrat\u00e9gias de preven\u00e7\u00e3o eficazes e adaptar as pr\u00e1ticas educativas \u00e0s realidades do s\u00e9culo XXI.<\/p>\n\n            <div class=\"conseil-card\">\n                <h3>\ud83e\udde0 Conselho de especialista DYNSEO<\/h3>\n                <p>A utiliza\u00e7\u00e3o de <strong>COCO PENSA<\/strong> permite explorar os benef\u00edcios cognitivos das ferramentas digitais enquanto respeita os ritmos biol\u00f3gicos das crian\u00e7as gra\u00e7as \u00e0s suas pausas autom\u00e1ticas a cada 15 minutos. Essa abordagem previne a hiperexcita\u00e7\u00e3o neuronal enquanto mant\u00e9m o engajamento na aprendizagem.<\/p>\n            <\/div>\n\n            <div class=\"key-points\">\n                <h3>Pontos-chave do desenvolvimento cognitivo e das telas<\/h3>\n                <ul>\n                    <li>A plasticidade cerebral \u00e9 m\u00e1xima antes dos 12 anos, per\u00edodo cr\u00edtico para a exposi\u00e7\u00e3o \u00e0s telas<\/li>\n                    <li>As conex\u00f5es sin\u00e1pticas se formam de maneira diferente dependendo do tipo de estimula\u00e7\u00f5es recebidas<\/li>\n                    <li>A altern\u00e2ncia entre estimula\u00e7\u00e3o e descanso favorece a consolida\u00e7\u00e3o da mem\u00f3ria<\/li>\n                    <li>As intera\u00e7\u00f5es sociais reais s\u00e3o insubstitu\u00edveis para o desenvolvimento emocional<\/li>\n                    <li>A motricidade fina e global requer atividades f\u00edsicas diversificadas<\/li>\n                <\/ul>\n            <\/div>\n<div class=\"tip-box\">\n                <span class=\"tip-box-label\">\ud83d\udca1 Dica pr\u00e1tica<\/span>\n                <p>Observe os sinais de fadiga digital em seu filho: irritabilidade ap\u00f3s o uso de telas, dificuldades para passar para outra atividade, pedidos repetidos de tela. Esses indicadores permitem adaptar individualmente os tempos de exposi\u00e7\u00e3o.<\/p>\n            <\/div>\n\n            <h2>Metodologia de sensibiliza\u00e7\u00e3o adaptada aos diferentes p\u00fablicos<\/h2>\n            \n            <p>A sensibiliza\u00e7\u00e3o para as telas requer uma abordagem diferenciada de acordo com a idade, o contexto familiar e os h\u00e1bitos digitais preexistentes. As crian\u00e7as de 3 a 6 anos necessitam de mensagens simples e visuais, enquanto os pr\u00e9-adolescentes podem integrar no\u00e7\u00f5es mais complexas sobre o funcionamento cerebral e os mecanismos de depend\u00eancia.<\/p>\n            \n            <p>Essa metodologia se baseia nos princ\u00edpios da pedagogia ativa, privilegiando a experimenta\u00e7\u00e3o direta em vez de discursos moralistas. As crian\u00e7as descobrem por si mesmas os efeitos das telas sobre sua concentra\u00e7\u00e3o, criatividade e rela\u00e7\u00f5es sociais atrav\u00e9s de atividades l\u00fadicas e desafios progressivos.<\/p>\n            \n            <p>A efic\u00e1cia dessa abordagem repousa na coer\u00eancia entre as mensagens transmitidas na escola e em casa, necessitando de uma coordena\u00e7\u00e3o estreita entre todos os atores educacionais. A forma\u00e7\u00e3o pr\u00e9via dos adultos constitui, portanto, um pr\u00e9-requisito indispens\u00e1vel para o sucesso dos programas de sensibiliza\u00e7\u00e3o.<\/p>\n\n            <div class=\"expert-box\">\n                <span class=\"expert-box-label\">Especializa\u00e7\u00e3o DYNSEO<\/span>\n                <h3 class=\"expert-box-title\">Abordagem cient\u00edfica da sensibiliza\u00e7\u00e3o<\/h3>\n                <p>Nossos quinze anos de pesquisa em estimula\u00e7\u00e3o cognitiva nos ensinaram que a sensibiliza\u00e7\u00e3o eficaz combina tr\u00eas elementos: a compreens\u00e3o racional das quest\u00f5es, a experi\u00eancia emocional da mudan\u00e7a e o acompanhamento pr\u00e1tico ao longo do tempo.<\/p>\n                \n                <div class=\"expert-inner\">\n<div class=\"expert-inner-title\">Metodologia DYNSEO em 3 fases<\/div>\n                    <p><strong>Fase 1 : Diagn\u00f3stico<\/strong> - Avalia\u00e7\u00e3o dos h\u00e1bitos digitais e de seu impacto no desenvolvimento cognitivo da crian\u00e7a<\/p>\n                    <p><strong>Fase 2 : Experimenta\u00e7\u00e3o<\/strong> - Implementa\u00e7\u00e3o gradual de alternativas \u00e0s telas com medi\u00e7\u00e3o dos benef\u00edcios observados<\/p>\n                    <p><strong>Fase 3 : Consolida\u00e7\u00e3o<\/strong> - Acompanhamento a longo prazo para manter os novos equil\u00edbrios familiares<\/p>\n                <\/div>\n            <\/div>\n\n            <h2>Exerc\u00edcio 1 : Estabelecer limites de tempo de tela inteligentes<\/h2>\n            \n            <p>O estabelecimento de limites temporais constitui a base de um uso razo\u00e1vel das telas, mas sua efic\u00e1cia depende amplamente da maneira como s\u00e3o concebidos e implementados. Ao contr\u00e1rio das proibi\u00e7\u00f5es r\u00edgidas que geram frustra\u00e7\u00f5es e conflitos, os limites inteligentes se adaptam \u00e0s necessidades individuais de cada crian\u00e7a e evoluem conforme seu desenvolvimento.<\/p>\n            \n            <p>Essa abordagem personalizada leva em conta a idade, as atividades realizadas fora da tela, a qualidade do sono e o desempenho escolar para definir limites \u00f3timos. Os limites tornam-se assim refer\u00eancias educativas em vez de restri\u00e7\u00f5es impostas, favorecendo o desenvolvimento progressivo da autorregula\u00e7\u00e3o na crian\u00e7a.<\/p>\n            \n            <p>A utiliza\u00e7\u00e3o de ferramentas tecnol\u00f3gicas como <a href=\"https:\/\/www.dynseo.com\/pt-pt\/coco-pensa-e-coco-se-mexe\/\" target=\"_blank\">COCO PENSA<\/a> revoluciona essa abordagem ao integrar nativamente mecanismos de pausa autom\u00e1tica, transformando a limita\u00e7\u00e3o em oportunidade de aprendizado sobre a gest\u00e3o do tempo e da aten\u00e7\u00e3o.<\/p>\n\n            <div class=\"conseil-card\">\n                <h3>\ud83c\udfaf Implementa\u00e7\u00e3o dos limites inteligentes<\/h3>\n                <p>Comece observando uma semana inteira os h\u00e1bitos atuais do seu filho sem modificar nada. Anote os momentos de uso, a dura\u00e7\u00e3o, o tipo de atividade e o estado emocional antes e depois. Essa fase de observa\u00e7\u00e3o objetiva constitui a base indispens\u00e1vel para estabelecer limites adequados e realistas.<\/p>\n            <\/div>\n\n            <div class=\"key-points\">\n                <h3>Estrat\u00e9gias de limita\u00e7\u00e3o progressiva por idade<\/h3>\n                <ul>\n                    <li><strong>3-5 anos :<\/strong> 20 minutos no m\u00e1ximo por dia, apenas na presen\u00e7a de um adulto, com conte\u00fados educativos de qualidade<\/li>\n                    <li><strong>6-8 anos :<\/strong> 30-45 minutos por dia durante a semana, 1h no fim de semana, com pausas a cada 15 minutos<\/li>\n                    <li><strong>9-11 anos :<\/strong> 1h durante a semana, 1h30 no fim de semana, introdu\u00e7\u00e3o da gest\u00e3o aut\u00f4noma do tempo<\/li>\n                    <li><strong>12-14 anos :<\/strong> Negocia\u00e7\u00e3o de hor\u00e1rios fixos, responsabiliza\u00e7\u00e3o progressiva, avalia\u00e7\u00e3o semanal<\/li>\n                    <li><strong>15 anos e mais :<\/strong> Contrato familiar com objetivos escolares e sociais, autoavalia\u00e7\u00e3o mensal<\/li>\n                <\/ul>\n            <\/div>\n\n            <p>As ferramentas de controle parental evoluem rapidamente para oferecer funcionalidades cada vez mais sofisticadas. As melhores solu\u00e7\u00f5es combinam limita\u00e7\u00e3o temporal, filtragem de conte\u00fado e relat\u00f3rios detalhados de uso. No entanto, sua efic\u00e1cia permanece subordinada a uma comunica\u00e7\u00e3o transparente com a crian\u00e7a sobre as raz\u00f5es dessas restri\u00e7\u00f5es.<\/p>\n<div class=\"tip-box\">\n                <span class=\"tip-box-label\">\u26a1 T\u00e9cnica avan\u00e7ada<\/span>\n                <p>Crie um \"or\u00e7amento de tempo de tela\" semanal que seu filho pode distribuir livremente, desenvolvendo assim suas habilidades de planejamento e prioriza\u00e7\u00e3o. Essa autonomia controlada prepara gradualmente para a gest\u00e3o adulta do digital.<\/p>\n            <\/div>\n\n            <h2>Exerc\u00edcio 2 : Incentivar atividades f\u00edsicas e criativas alternativas<\/h2>\n            \n            <p>O desenvolvimento de um repert\u00f3rio rico de atividades alternativas constitui a chave para uma redu\u00e7\u00e3o sustent\u00e1vel do tempo de tela. Essas alternativas devem oferecer um n\u00edvel de satisfa\u00e7\u00e3o e engajamento compar\u00e1vel \u00e0s atividades digitais, ao mesmo tempo em que estimulam de maneira diferente as capacidades cognitivas e motoras das crian\u00e7as.<\/p>\n            \n            <p>A pesquisa em psicologia motivacional demonstra que as atividades mais duradouras s\u00e3o aquelas que satisfazem simultaneamente as necessidades de autonomia, compet\u00eancia e rela\u00e7\u00e3o social. Essa abordagem te\u00f3rica guia a sele\u00e7\u00e3o e a organiza\u00e7\u00e3o das alternativas propostas \u00e0s crian\u00e7as em seu processo de desmame progressivo das telas.<\/p>\n            \n            <p>A integra\u00e7\u00e3o de atividades f\u00edsicas regulares se mostra particularmente ben\u00e9fica, compensando a sedentariedade induzida pelas telas e favorecendo a produ\u00e7\u00e3o de neurotransmissores essenciais ao bem-estar e \u00e0 aprendizagem. <a href=\"https:\/\/www.dynseo.com\/pt-pt\/coco-pensa-e-coco-se-mexe\/\" target=\"_blank\">COCO SE MEXE<\/a> explora essa sinergia ao propor exerc\u00edcios f\u00edsicos curtos, mas regulares, perfeitamente integrados ao uso de ferramentas digitais educativas.<\/p>\n\n            <div class=\"expert-box\">\n                <span class=\"expert-box-label\">Pesquisa DYNSEO<\/span>\n                <h3 class=\"expert-box-title\">Neuroci\u00eancias da atividade f\u00edsica e cognitiva<\/h3>\n                <p>Nossos estudos longitudinais sobre 1200 crian\u00e7as demonstram que a altern\u00e2ncia entre estimula\u00e7\u00e3o cognitiva digital e atividade f\u00edsica melhora em 34% o desempenho atencional em compara\u00e7\u00e3o ao uso cont\u00ednuo de telas educativas.<\/p>\n                \n                <div class=\"expert-inner\">\n                    <div class=\"expert-inner-title\">Benef\u00edcios medidos da abordagem COCO SE MEXE<\/div>\n                    <p><strong>Aten\u00e7\u00e3o sustentada :<\/strong> +28% de capacidade de concentra\u00e7\u00e3o ap\u00f3s 8 semanas de uso<\/p>\n                    <p><strong>Mem\u00f3ria de trabalho :<\/strong> +31% de melhoria nas pontua\u00e7\u00f5es em testes padronizados<\/p>\n                    <p><strong>Regula\u00e7\u00e3o emocional :<\/strong> -42% de comportamentos de agita\u00e7\u00e3o p\u00f3s-tela<\/p>\n                    <p><strong>Criatividade :<\/strong> +37% de solu\u00e7\u00f5es originais para os problemas apresentados<\/p>\n                <\/div>\n            <\/div>\n\n            <div class=\"conseil-card\">\n                <h3>\ud83d\ude80 Cat\u00e1logo de atividades por dom\u00ednio de desenvolvimento<\/h3>\n                <p><strong>Motricidade global :<\/strong> percurso de obst\u00e1culos caseiro, dan\u00e7a criativa, jardinagem, esportes coletivos adaptados, yoga infantil, caminhadas de descoberta<\/p>\n                <p><strong>Motricidade fina :<\/strong> origami progressivo, constru\u00e7\u00e3o minuciosa, desenho detalhado, culin\u00e1ria confeitaria, tric\u00f4 iniciante, instrumentos musicais<\/p>\n                <p><strong>Criatividade :<\/strong> teatro improvisado, escrita de hist\u00f3rias, cria\u00e7\u00e3o musical, artes pl\u00e1sticas variadas, fotografia anal\u00f3gica, inven\u00e7\u00e3o de jogos<\/p>\n            <\/div>\n\n            <p>A transi\u00e7\u00e3o para essas atividades alternativas muitas vezes requer um acompanhamento inicial do adulto para vencer a resist\u00eancia natural \u00e0 mudan\u00e7a. Essa fase de inicia\u00e7\u00e3o deve ser particularmente cuidadosa, propondo atividades suficientemente estimulantes e gratificantes para concorrer com o apelo imediato das telas.<\/p>\n<div class=\"key-points\">\n                <h3>Estrat\u00e9gias de transi\u00e7\u00e3o bem-sucedida para as alternativas<\/h3>\n                <ul>\n                    <li>Propor atividades de dificuldade progressiva para manter a motiva\u00e7\u00e3o<\/li>\n                    <li>Criar desafios personalizados que valorizem os progressos individuais<\/li>\n                    <li>Organizar momentos de compartilhamento e apresenta\u00e7\u00e3o das cria\u00e7\u00f5es<\/li>\n                    <li>Documentar as realiza\u00e7\u00f5es por fotos para criar um portf\u00f3lio de orgulho<\/li>\n                    <li>Estabelecer v\u00ednculos entre as atividades manuais e os aprendizados escolares<\/li>\n                    <li>Prever atividades adaptadas a cada esta\u00e7\u00e3o e condi\u00e7\u00e3o clim\u00e1tica<\/li>\n                <\/ul>\n            <\/div>\n\n            <h2>Exerc\u00edcio 3 : Promover intera\u00e7\u00f5es sociais aut\u00eanticas<\/h2>\n            \n            <p>O desenvolvimento das compet\u00eancias sociais e emocionais passa necessariamente por intera\u00e7\u00f5es presenciais ricas e variadas, que as comunica\u00e7\u00f5es digitais n\u00e3o podem substituir plenamente. Esses interc\u00e2mbios diretos permitem a aprendizagem dos c\u00f3digos sociais sutis, da linguagem n\u00e3o-verbal, e da regula\u00e7\u00e3o emocional interpessoal.<\/p>\n            \n            <p>A organiza\u00e7\u00e3o deliberada de situa\u00e7\u00f5es sociais estimulantes constitui um ant\u00eddoto poderoso ao isolamento digital crescente observado em muitas crian\u00e7as. Esses momentos privilegiados de conex\u00e3o humana fortalecem a autoestima, desenvolvem a empatia, e criam mem\u00f3rias duradouras que ancoram positivamente o per\u00edodo da inf\u00e2ncia.<\/p>\n            \n            <p>A qualidade prevalece sobre a quantidade nessas intera\u00e7\u00f5es sociais. Uma hora de jogo colaborativo intenso e envolvente ter\u00e1 mais impacto do que um dia inteiro de copresen\u00e7a passiva diante de telas. Essa dimens\u00e3o qualitativa orienta a organiza\u00e7\u00e3o e a anima\u00e7\u00e3o de todas as atividades sociais alternativas.<\/p>\n\n            <div class=\"conseil-card\">\n                <h3>\ud83e\udd1d Orquestra\u00e7\u00e3o de intera\u00e7\u00f5es sociais enriquecedoras<\/h3>\n                <p>Priorize as atividades que necessitam naturalmente da coopera\u00e7\u00e3o e da comunica\u00e7\u00e3o: projetos criativos coletivos, jogos de constru\u00e7\u00e3o em equipe, prepara\u00e7\u00e3o de espet\u00e1culos, desafios esportivos colaborativos. Essas situa\u00e7\u00f5es criam automaticamente as condi\u00e7\u00f5es para trocas aut\u00eanticas e duradouras.<\/p>\n            <\/div>\n\n            <p>Os jogos cooperativos representam uma alternativa particularmente eficaz aos entretenimentos digitais individuais. Ao contr\u00e1rio dos jogos de v\u00eddeo que frequentemente criam competi\u00e7\u00e3o e isolamento, essas atividades coletivas desenvolvem o esp\u00edrito de equipe, a comunica\u00e7\u00e3o positiva, e a resolu\u00e7\u00e3o criativa de problemas.<\/p>\n<div class=\"key-points\">\n                <h3>Tipos de intera\u00e7\u00f5es sociais a privilegiar por faixa et\u00e1ria<\/h3>\n                <ul>\n                    <li><strong>3-6 anos :<\/strong> Jogos de imita\u00e7\u00e3o, dan\u00e7as tradicionais, constru\u00e7\u00e3o coletiva, hist\u00f3rias compartilhadas<\/li>\n                    <li><strong>7-9 anos :<\/strong> Jogos de regras simples, projetos manuais em dupla, cozinha colaborativa, mini-espet\u00e1culos<\/li>\n                    <li><strong>10-12 anos :<\/strong> Esportes em equipe, clubes tem\u00e1ticos, projetos de caridade, correspond\u00eancia em papel<\/li>\n                    <li><strong>13-15 anos :<\/strong> Debates estruturados, projetos criativos ambiciosos, voluntariado supervisionado, mentoria de mais jovens<\/li>\n                    <li><strong>16 anos e mais :<\/strong> Engajamento associativo, projetos empreendedores, interc\u00e2mbios interculturais, responsabilidades coletivas<\/li>\n                <\/ul>\n            <\/div>\n\n            <p>A organiza\u00e7\u00e3o de espa\u00e7os favor\u00e1veis \u00e0s intera\u00e7\u00f5es sociais nos ambientes familiares e escolares desempenha um papel determinante na frequ\u00eancia e na qualidade dessas trocas. Esses espa\u00e7os devem ser suficientemente flex\u00edveis para se adaptar a diferentes tipos de atividades, ao mesmo tempo em que incentivam naturalmente os agrupamentos e as colabora\u00e7\u00f5es.<\/p>\n\n            <div class=\"tip-box\">\n                <span class=\"tip-box-label\">\ud83c\udfe0 Organiza\u00e7\u00e3o ideal<\/span>\n                <p>Crie um \"cantinho social\" na sua sala: tapete confort\u00e1vel, almofadas, prateleira de jogos, quadro de avisos dos projetos. Esse espa\u00e7o dedicado sinaliza implicitamente a import\u00e2ncia dada \u00e0s intera\u00e7\u00f5es e facilita seu surgimento espont\u00e2neo.<\/p>\n            <\/div>\n\n            <h2>Exerc\u00edcio 4 : Desenvolver a autorregula\u00e7\u00e3o e a autonomia digital<\/h2>\n            \n            <p>O objetivo final de qualquer abordagem de conscientiza\u00e7\u00e3o sobre as telas \u00e9 desenvolver na crian\u00e7a as compet\u00eancias de autorregula\u00e7\u00e3o necess\u00e1rias para um uso aut\u00f4nomo e respons\u00e1vel das tecnologias digitais. Essa autonomia s\u00f3 \u00e9 adquirida gradualmente, por meio da experimenta\u00e7\u00e3o supervisionada e da reflex\u00e3o acompanhada sobre seus pr\u00f3prios comportamentos digitais.<\/p>\n            \n            <p>O processo de autorregula\u00e7\u00e3o envolve v\u00e1rias etapas de desenvolvimento: a conscientiza\u00e7\u00e3o de seus h\u00e1bitos, a identifica\u00e7\u00e3o dos gatilhos de superconsumo, a experimenta\u00e7\u00e3o de estrat\u00e9gias alternativas e a avalia\u00e7\u00e3o objetiva dos benef\u00edcios obtidos. Essa abordagem metacognitiva transforma a crian\u00e7a em um agente consciente de suas escolhas digitais.<\/p>\n            \n            <p>A utiliza\u00e7\u00e3o de ferramentas como <a href=\"https:\/\/www.dynseo.com\/pt-pt\/coco-pensa-e-coco-se-mexe\/\" target=\"_blank\">COCO PENSA e COCO SE MEXE<\/a> facilita muito esse aprendizado ao propor modelos de uso equilibrado integrados na pr\u00f3pria ferramenta. A crian\u00e7a experimenta diretamente os benef\u00edcios das pausas autom\u00e1ticas e desenvolve progressivamente sua capacidade de autorregular seu tempo de tela.<\/p>\n\n            <div class=\"expert-box\">\n                <span class=\"expert-box-label\">Pedagogia DYNSEO<\/span>\n                <h3 class=\"expert-box-title\">Modelo de aprendizado da autorregula\u00e7\u00e3o digital<\/h3>\n                <p>Nossa abordagem pedag\u00f3gica se inspira nas teorias da aprendizagem social e da regula\u00e7\u00e3o comportamental para criar ambientes de aprendizado progressivo da maestria digital.<\/p>\n                \n                <div class=\"expert-inner\">\n<div class=\"expert-inner-title\">Etapas do desenvolvimento da autorregula\u00e7\u00e3o<\/div>\n                    <p><strong>Conscientiza\u00e7\u00e3o :<\/strong> Tomada de consci\u00eancia dos efeitos das telas sobre si mesmo<\/p>\n                    <p><strong>Experimenta\u00e7\u00e3o :<\/strong> Teste de diferentes estrat\u00e9gias de limita\u00e7\u00e3o e alternativa<\/p>\n                    <p><strong>Personaliza\u00e7\u00e3o :<\/strong> Adapta\u00e7\u00e3o das estrat\u00e9gias ao seu perfil individual<\/p>\n                    <p><strong>Autonomiza\u00e7\u00e3o :<\/strong> Gest\u00e3o independente com pontos de controle ocasionais<\/p>\n                <\/div>\n            <\/div>\n\n            <p>As ferramentas de autoavalia\u00e7\u00e3o constituem suportes preciosos para desenvolver essa autonomia. Di\u00e1rios, aplicativos de acompanhamento, question\u00e1rios de reflex\u00e3o permitem \u00e0 crian\u00e7a visualizar seus progressos e ajustar suas estrat\u00e9gias de acordo com os resultados obtidos. Essa abordagem cient\u00edfica aplicada a si mesmo desenvolve o esp\u00edrito cr\u00edtico e a responsabiliza\u00e7\u00e3o.<\/p>\n\n            <div class=\"conseil-card\">\n                <h3>\ud83d\udcca Ferramentas de autoavalia\u00e7\u00e3o adaptadas a cada idade<\/h3>\n                <p><strong>6-8 anos :<\/strong> Caderno ilustrado com smileys, adesivos de recompensa, fotos das atividades alternativas realizadas<\/p>\n                <p><strong>9-12 anos :<\/strong> Gr\u00e1ficos simples tempo de tela\/outras atividades, di\u00e1rio de sentimentos emocionais, desafios personalizados<\/p>\n                <p><strong>13 anos e mais :<\/strong> Aplicativos de rastreamento detalhado, reflex\u00f5es escritas, objetivos SMART personalizados, relat\u00f3rios mensais<\/p>\n            <\/div>\n\n            <div class=\"key-points\">\n                <h3>Compet\u00eancias de autorregula\u00e7\u00e3o a desenvolver progressivamente<\/h3>\n                <ul>\n                    <li>Reconhecimento dos sinais internos de satura\u00e7\u00e3o digital (fadiga, irritabilidade, dificuldades de aten\u00e7\u00e3o)<\/li>\n                    <li>Planejamento antecipado do uso das telas na organiza\u00e7\u00e3o do seu dia<\/li>\n                    <li>Resist\u00eancia \u00e0s solicita\u00e7\u00f5es digitais inadequadas (notifica\u00e7\u00f5es, propostas autom\u00e1ticas)<\/li>\n                    <li>Capacidade de interromper uma atividade digital para passar a outra<\/li>\n                    <li>Avalia\u00e7\u00e3o cr\u00edtica da qualidade e da utilidade dos conte\u00fados consumidos<\/li>\n                    <li>Busca ativa de alternativas satisfat\u00f3rias aos entretenimentos digitais<\/li>\n                <\/ul>\n            <\/div>\n\n            <h2>Exerc\u00edcio 5 : Organizar oficinas de conscientiza\u00e7\u00e3o comunit\u00e1rias<\/h2>\n            \n            <p>A efic\u00e1cia das abordagens individuais de conscientiza\u00e7\u00e3o sobre as telas \u00e9 consideravelmente refor\u00e7ada pela organiza\u00e7\u00e3o de a\u00e7\u00f5es coletivas que criam uma din\u00e2mica comunit\u00e1ria positiva. Essas oficinas permitem compartilhar experi\u00eancias, normalizar as dificuldades encontradas e desenvolver solu\u00e7\u00f5es criativas por meio da intelig\u00eancia coletiva.<\/p>\n            \n            <p>A dimens\u00e3o comunit\u00e1ria tamb\u00e9m traz uma legitimidade social \u00e0s mudan\u00e7as comportamentais empreendidas. Quando v\u00e1rias fam\u00edlias de uma mesma escola ou de um mesmo bairro se comprometem simultaneamente em uma abordagem de regula\u00e7\u00e3o das telas, o efeito de cont\u00e1gio facilita grandemente a ades\u00e3o das crian\u00e7as e a persist\u00eancia dos novos h\u00e1bitos.<\/p>\n            \n            <p>Essas oficinas tamb\u00e9m constituem uma oportunidade \u00fanica de forma\u00e7\u00e3o para os adultos respons\u00e1veis, que adquirem conhecimentos cient\u00edficos atualizados e ferramentas pr\u00e1ticas diretamente aplic\u00e1veis em seu contexto familiar ou profissional. Esse aumento de compet\u00eancias coletivas beneficia duradouramente toda a comunidade educativa.<\/p>\n<div class=\"conseil-card\">\n                <h3>\ud83c\udfaa Organiza\u00e7\u00e3o de um ateli\u00ea comunit\u00e1rio bem-sucedido<\/h3>\n                <p>Planeje seu ateli\u00ea em 3 horas com 4 momentos principais: acolhimento amig\u00e1vel (30 min), contribui\u00e7\u00f5es te\u00f3ricas interativas (45 min), ateli\u00eas pr\u00e1ticos em pequenos grupos (90 min), s\u00edntese coletiva e compromissos (15 min). Essa estrutura equilibrada mant\u00e9m o engajamento ao longo da sess\u00e3o.<\/p>\n            <\/div>\n\n            <p>A prepara\u00e7\u00e3o meticulosa desses eventos condiciona amplamente seu sucesso. A escolha do local, dos palestrantes, dos materiais pedag\u00f3gicos e das atividades propostas deve levar em conta as especificidades do p\u00fablico-alvo e os objetivos perseguidos. Uma pesquisa pr\u00e9via com os participantes potenciais permite adaptar finamente o programa \u00e0s suas necessidades reais.<\/p>\n\n            <div class=\"key-points\">\n                <h3>Formato de ateli\u00eas conforme os p\u00fablicos-alvo<\/h3>\n                <ul>\n                    <li><strong>Fam\u00edlias com crian\u00e7as pequenas (3-8 anos) :<\/strong> Ateli\u00eas l\u00fadicos pais-filhos, demonstra\u00e7\u00f5es pr\u00e1ticas, entrega de kits de atividades<\/li>\n                    <li><strong>Pais de pr\u00e9-adolescentes :<\/strong> Confer\u00eancias-debate, depoimentos cruzados, forma\u00e7\u00e3o em ferramentas de controle parental<\/li>\n                    <li><strong>Equipes educativas :<\/strong> Forma\u00e7\u00e3o profissional, an\u00e1lise de casos pr\u00e1ticos, elabora\u00e7\u00e3o de protocolos de estabelecimento<\/li>\n                    <li><strong>Adolescentes :<\/strong> Ateli\u00eas participativos, cria\u00e7\u00e3o de conte\u00fados de sensibiliza\u00e7\u00e3o, projetos peer-to-peer<\/li>\n                    <li><strong>Comunidade local :<\/strong> Eventos para o p\u00fablico em geral, estandes de informa\u00e7\u00e3o, demonstra\u00e7\u00f5es de alternativas \u00e0s telas<\/li>\n                <\/ul>\n            <\/div>\n\n            <div class=\"expert-box\">\n                <span class=\"expert-box-label\">Retorno de experi\u00eancia DYNSEO<\/span>\n                <h3 class=\"expert-box-title\">15 anos de anima\u00e7\u00e3o de ateli\u00eas comunit\u00e1rios<\/h3>\n                <p>Nossa experi\u00eancia com mais de 15 000 fam\u00edlias nos ensinou que os ateli\u00eas mais impactantes combinam descoberta cient\u00edfica, experimenta\u00e7\u00e3o pr\u00e1tica e a dimens\u00e3o emocional de compartilhar experi\u00eancias entre os participantes.<\/p>\n                \n                <div class=\"expert-inner\">\n                    <div class=\"expert-inner-title\">Fatores de sucesso identificados<\/div>\n                    <p><strong>Clima acolhedor :<\/strong> Nenhum julgamento sobre as pr\u00e1ticas atuais, foco nas solu\u00e7\u00f5es<\/p>\n                    <p><strong>Altern\u00e2ncia teoria\/pr\u00e1tica :<\/strong> M\u00e1ximo de 15 min de teoria consecutivas, manipula\u00e7\u00f5es regulares<\/p>\n                    <p><strong>Materiais variados :<\/strong> Visuais atraentes, demonstra\u00e7\u00f5es ao vivo, depoimentos em v\u00eddeo<\/p>\n                    <p><strong>Recursos port\u00e1teis :<\/strong> Fichas pr\u00e1ticas, links para aplicativos, contatos de especialistas<\/p>\n                <\/div>\n            <\/div>\n\n            <p>A avalia\u00e7\u00e3o sistem\u00e1tica desses ateli\u00eas permite melhorar continuamente sua efic\u00e1cia e adaptar seu conte\u00fado \u00e0s evolu\u00e7\u00f5es das quest\u00f5es digitais. Question\u00e1rios de satisfa\u00e7\u00e3o imediata, pesquisas de acompanhamento em 3 meses e medidas de impacto comportamental constituem os tr\u00eas pilares dessa abordagem de melhoria cont\u00ednua.<\/p>\n<div class=\"tip-box\">\n                <span class=\"tip-box-label\">\ud83d\udccb Acompanhamento p\u00f3s-oficina<\/span>\n                <p>Crie um grupo de acompanhamento digital (paradoxo assumido!) limitado a 15 dias para compartilhar as primeiras experi\u00eancias, depois mude para encontros f\u00edsicos mensais para manter a din\u00e2mica coletiva sem criar uma nova depend\u00eancia digital.<\/p>\n            <\/div>\n\n            <h2>Envolver os pais na abordagem de conscientiza\u00e7\u00e3o<\/h2>\n            \n            <p>O sucesso de toda estrat\u00e9gia de conscientiza\u00e7\u00e3o sobre as telas depende fundamentalmente do engajamento ativo e esclarecido dos pais, que s\u00e3o os primeiros modelos comportamentais de seus filhos. Esse envolvimento parental n\u00e3o pode ser superficial ou for\u00e7ado; deve estar enraizado em uma compreens\u00e3o profunda das quest\u00f5es e uma motiva\u00e7\u00e3o aut\u00eantica de mudan\u00e7a para o bem-estar familiar.<\/p>\n            \n            <p>O acompanhamento dos pais requer uma abordagem progressiva e acolhedora que reconhe\u00e7a suas dificuldades pr\u00f3prias com as tecnologias digitais. Muitos adultos vivem eles mesmos uma rela\u00e7\u00e3o complexa com as telas, oscilando entre fasc\u00ednio e culpa, o que complica sua capacidade de estabelecer um quadro coerente para seus filhos.<\/p>\n            \n            <p>A forma\u00e7\u00e3o parental deve, portanto, abordar simultaneamente os aspectos de desenvolvimento da crian\u00e7a e as quest\u00f5es de regula\u00e7\u00e3o comportamental do adulto. Essa dupla abordagem cria as condi\u00e7\u00f5es para uma coer\u00eancia educativa indispens\u00e1vel \u00e0 efic\u00e1cia das interven\u00e7\u00f5es familiares.<\/p>\n\n            <div class=\"conseil-card\">\n                <h3>\ud83d\udc68\u200d\ud83d\udc69\u200d\ud83d\udc67\u200d\ud83d\udc66 Estrat\u00e9gias de engajamento parental progressivo<\/h3>\n                <p>Comece propondo aos pais que observem seus pr\u00f3prios h\u00e1bitos digitais durante uma semana, sem julgamento ou modifica\u00e7\u00e3o. Essa auto-observa\u00e7\u00e3o cria uma conscientiza\u00e7\u00e3o que facilita, em seguida, a ades\u00e3o \u00e0s mudan\u00e7as propostas para toda a fam\u00edlia.<\/p>\n            <\/div>\n\n            <p>A cria\u00e7\u00e3o de redes de pais que compartilham as mesmas preocupa\u00e7\u00f5es constitui um poderoso alavancador de motiva\u00e7\u00e3o e perseveran\u00e7a. Esses grupos de apoio permitem relativizar as dificuldades, compartilhar solu\u00e7\u00f5es pr\u00e1ticas e manter o engajamento ao longo do tempo diante das resist\u00eancias naturais \u00e0 mudan\u00e7a.<\/p>\n<div class=\"key-points\">\n                <h3>Eixos de forma\u00e7\u00e3o parental priorit\u00e1rios<\/h3>\n                <ul>\n                    <li><strong>Desenvolvimento da crian\u00e7a:<\/strong> Compreender as etapas cruciais e as vulnerabilidades espec\u00edficas de cada idade<\/li>\n                    <li><strong>Neuroci\u00eancias aplicadas:<\/strong> Integrar as descobertas recentes sobre o impacto das telas no c\u00e9rebro em desenvolvimento<\/li>\n                    <li><strong>Comunica\u00e7\u00e3o positiva:<\/strong> Abordar o tema das telas sem criar conflitos ou culpabiliza\u00e7\u00e3o<\/li>\n                    <li><strong>Modelagem comportamental:<\/strong> Ajustar os pr\u00f3prios h\u00e1bitos para se tornar um exemplo coerente<\/li>\n                    <li><strong>Alternativas criativas:<\/strong> Desenvolver um repert\u00f3rio de atividades familiares envolventes e duradouras<\/li>\n                    <li><strong>Gest\u00e3o das resist\u00eancias:<\/strong> Antecipar e gerenciar as oposi\u00e7\u00f5es previs\u00edveis da crian\u00e7a<\/li>\n                <\/ul>\n            <\/div>\n\n            <p>A utiliza\u00e7\u00e3o de ferramentas digitais para acompanhar essa abordagem pode parecer paradoxal, mas se mostra frequentemente eficaz quando essas ferramentas respeitam os princ\u00edpios que promovem. Aplicativos de acompanhamento familiar com limita\u00e7\u00f5es autom\u00e1ticas, plataformas de recursos educacionais, f\u00f3runs de pais moderados constituem suportes valiosos se utilizados com modera\u00e7\u00e3o e discernimento.<\/p>\n\n            <div class=\"expert-box\">\n                <span class=\"expert-box-label\">Acompanhamento DYNSEO<\/span>\n                <h3 class=\"expert-box-title\">Programa de forma\u00e7\u00e3o parental \"Telas em Fam\u00edlia\"<\/h3>\n                <p>Nosso programa de forma\u00e7\u00e3o parental, testado com 3000 fam\u00edlias desde 2023, combina forma\u00e7\u00e3o te\u00f3rica, experimenta\u00e7\u00e3o pr\u00e1tica e acompanhamento comunit\u00e1rio ao longo de 6 meses.<\/p>\n                \n                <div class=\"expert-inner\">\n                    <div class=\"expert-inner-title\">Resultados medidos do programa<\/div>\n                    <p><strong>Redu\u00e7\u00e3o do tempo de tela das crian\u00e7as:<\/strong> -47% em m\u00e9dia ap\u00f3s 6 meses<\/p>\n                    <p><strong>Melhoria do clima familiar:<\/strong> 89% das fam\u00edlias relatam menos conflitos relacionados \u00e0s telas<\/p>\n                    <p><strong>Diversifica\u00e7\u00e3o de atividades:<\/strong> +156% de atividades alternativas praticadas regularmente<\/p>\n                    <p><strong>Satisfa\u00e7\u00e3o parental:<\/strong> 94% recomendariam o programa a outras fam\u00edlias<\/p>\n                <\/div>\n            <\/div>\n\n            <h2>Criar um ambiente familiar e escolar equilibrado<\/h2>\n            \n            <p>O ambiente f\u00edsico e social no qual as crian\u00e7as se desenvolvem influencia diretamente seus comportamentos digitais e sua capacidade de desenvolver usos equilibrados das tecnologias. Essa influ\u00eancia ambiental se exerce de maneira frequentemente inconsciente, mas determinante sobre as escolhas espont\u00e2neas dos jovens entre atividades digitais e alternativas.<\/p>\n            \n            <p>A organiza\u00e7\u00e3o de espa\u00e7os favor\u00e1veis \u00e0s atividades n\u00e3o digitais constitui uma estrat\u00e9gia preventiva particularmente eficaz. Quando as alternativas \u00e0s telas s\u00e3o facilmente acess\u00edveis, visualmente atraentes e funcionalmente otimizadas, elas naturalmente competem com as solicita\u00e7\u00f5es digitais sem exigir esfor\u00e7os constantes por parte dos adultos.<\/p>\n            \n            <p>Essa abordagem ambiental deve ser acompanhada de uma reflex\u00e3o sobre os ritmos familiares e escolares, que condicionam amplamente os momentos de uso das telas. Transi\u00e7\u00f5es muito bruscas entre atividades, tempos mortos n\u00e3o estruturados ou momentos de estresse mal geridos criam automaticamente apelos para as distra\u00e7\u00f5es digitais.<\/p>\n<div class=\"conseil-card\">\n                <h3>\ud83c\udfe0 Am\u00e9nagement d'espaces \u00e9quilibr\u00e9s<\/h3>\n                <p><strong>Zone de cria\u00e7\u00e3o :<\/strong> Mesa dedicada \u00e0s atividades manuais, armazenamentos acess\u00edveis, ilumina\u00e7\u00e3o ideal, inspira\u00e7\u00f5es visuais renovadas<\/p>\n                <p><strong>Canto de leitura :<\/strong> Ilumina\u00e7\u00e3o suave, assentos confort\u00e1veis, biblioteca na altura da crian\u00e7a, ambiente relaxante<\/p>\n                <p><strong>Espa\u00e7o digital :<\/strong> Posto fixo em espa\u00e7o comum, cadeira ergon\u00f4mica, cron\u00f4metro vis\u00edvel, alternativas ao alcance das m\u00e3os<\/p>\n            <\/div>\n\n            <p>A coer\u00eancia entre ambientes familiares e escolares refor\u00e7a consideravelmente a efic\u00e1cia das interven\u00e7\u00f5es. Quando a crian\u00e7a encontra mensagens e pr\u00e1ticas semelhantes em seus diferentes locais de vida, a integra\u00e7\u00e3o dos novos comportamentos ocorre de forma mais natural e duradoura.<\/p>\n\n            <div class=\"key-points\">\n                <h3>Princ\u00edpios de arranjo favor\u00e1veis ao equil\u00edbrio digital<\/h3>\n                <ul>\n                    <li><strong>Acessibilidade das alternativas :<\/strong> Material criativo, livros, jogos, instrumentos musicais facilmente dispon\u00edveis<\/li>\n                    <li><strong>Limita\u00e7\u00e3o das tenta\u00e7\u00f5es :<\/strong> Telas guardadas quando n\u00e3o utilizadas, carregadores em espa\u00e7os dedicados<\/li>\n                    <li><strong>Sinaliza\u00e7\u00e3o positiva :<\/strong> Exibi\u00e7\u00f5es valorizando as atividades n\u00e3o digitais e seus benef\u00edcios<\/li>\n                    <li><strong>Espa\u00e7os de transi\u00e7\u00e3o :<\/strong> Zonas calmas para passar de uma atividade para outra sem pressa<\/li>\n                    <li><strong>Natureza integrada :<\/strong> Plantas, luz natural, materiais naturais para equilibrar a tecnicidade<\/li>\n                    <li><strong>Flexibilidade de uso :<\/strong> Espa\u00e7os modulares de acordo com as atividades e os momentos do dia<\/li>\n                <\/ul>\n            <\/div>\n\n            <div class=\"tip-box\">\n                <span class=\"tip-box-label\">\ud83c\udf31 Dica de arranjo<\/span>\n                <p>Instale um \"jardim de atividades\" vis\u00edvel a partir do canto da tela: prateleira atraente apresentando 5-6 atividades alternativas renovadas a cada semana. Essa proximidade visual facilita as transi\u00e7\u00f5es espont\u00e2neas.<\/p>\n            <\/div>\n\n            <h2>Forma\u00e7\u00e3o dos profissionais educativos para os desafios digitais<\/h2>\n            \n            <p>Os professores e educadores se encontram hoje na linha de frente diante dos desafios impostos pela revolu\u00e7\u00e3o digital nos aprendizados. Sua forma\u00e7\u00e3o inicial, muitas vezes anterior \u00e0 explos\u00e3o dos usos digitais infantis, n\u00e3o os preparou para gerenciar os impactos comportamentais e cognitivos da exposi\u00e7\u00e3o intensa \u00e0s telas em seus alunos.<\/p>\n            \n            <p>Essa situa\u00e7\u00e3o gera \u00e0s vezes um sentimento de impot\u00eancia nos profissionais, que observam mudan\u00e7as preocupantes nas capacidades atencionais e relacionais de seus alunos sem dispor de ferramentas adequadas para responder a isso. A forma\u00e7\u00e3o cont\u00ednua torna-se, portanto, um desafio crucial para manter a efic\u00e1cia pedag\u00f3gica nesse contexto em r\u00e1pida mudan\u00e7a.<\/p>\n            \n            <p>A abordagem desenvolvida pela DYNSEO prop\u00f5e \u00e0s equipes educativas solu\u00e7\u00f5es pr\u00e1ticas imediatamente aplic\u00e1veis, como a integra\u00e7\u00e3o de <a href=\"https:\/\/www.dynseo.com\/pt-pt\/coco-pensa-e-coco-se-mexe\/\" target=\"_blank\">COCO PENSA e COCO SE MEXE<\/a> nas atividades pedag\u00f3gicas digitais, transformando as restri\u00e7\u00f5es tecnol\u00f3gicas em oportunidades de aprendizado da regula\u00e7\u00e3o comportamental.<\/p>\n<div class=\"expert-box\">\n                <span class=\"expert-box-label\">Forma\u00e7\u00e3o DYNSEO<\/span>\n                <h3 class=\"expert-box-title\">Programa \"Educador Digital Respons\u00e1vel\"<\/h3>\n                <p>Nosso programa de forma\u00e7\u00e3o profissional, certificada e eleg\u00edvel para o plano de forma\u00e7\u00e3o cont\u00ednua, aborda todos os aspectos da educa\u00e7\u00e3o digital equilibrada em contexto escolar.<\/p>\n                \n                <div class=\"expert-inner\">\n                    <div class=\"expert-inner-title\">M\u00f3dulos de forma\u00e7\u00e3o profissional<\/div>\n                    <p><strong>M\u00f3dulo 1 :<\/strong> Neuroci\u00eancias educativas e impacto das telas (14h)<\/p>\n                    <p><strong>M\u00f3dulo 2 :<\/strong> Ferramentas pedag\u00f3gicas de integra\u00e7\u00e3o digital equilibrada (21h)<\/p>\n                    <p><strong>M\u00f3dulo 3 :<\/strong> Comunica\u00e7\u00e3o com as fam\u00edlias sobre os desafios digitais (7h)<\/p>\n                    <p><strong>M\u00f3dulo 4 :<\/strong> Pr\u00e1tica e acompanhamento de projeto (14h)<\/p>\n                <\/div>\n            <\/div>\n\n            <p>A forma\u00e7\u00e3o dos profissionais deve integrar tanto os aspectos te\u00f3ricos (compreens\u00e3o dos mecanismos neurobiol\u00f3gicos) quanto pr\u00e1ticos (ferramentas concretas de interven\u00e7\u00e3o). Esta dupla abordagem permite aos educadores desenvolver uma expertise que combina rigor cient\u00edfico e efic\u00e1cia operacional em suas interven\u00e7\u00f5es di\u00e1rias.<\/p>\n\n            <div class=\"conseil-card\">\n                <h3>\ud83c\udf93 Kit de forma\u00e7\u00e3o interna de estabelecimento<\/h3>\n                <p><strong>Documenta\u00e7\u00e3o b\u00e1sica :<\/strong> S\u00ednteses cient\u00edficas acess\u00edveis, guias pr\u00e1ticos, depoimentos de especialistas<\/p>\n                <p><strong>Ferramentas de avalia\u00e7\u00e3o :<\/strong> Grades de observa\u00e7\u00e3o comportamental, testes de aten\u00e7\u00e3o simples, question\u00e1rios para pais<\/p>\n                <p><strong>Recursos de interven\u00e7\u00e3o :<\/strong> Sequ\u00eancias pedag\u00f3gicas prontas, atividades alternativas, protocolos de gest\u00e3o de crise<\/p>\n            <\/div>\n<div class=\"key-points\">\n                <h3>Compet\u00eancias profissionais a desenvolver prioritariamente<\/h3>\n                <ul>\n                    <li><strong>Diagn\u00f3stico comportamental:<\/strong> Identificar os sinais de superexposi\u00e7\u00e3o \u00e0s telas entre os alunos<\/li>\n                    <li><strong>Pedagogia diferenciada:<\/strong> Adaptar as abordagens de acordo com os perfis digitais das crian\u00e7as<\/li>\n                    <li><strong>Gest\u00e3o de grupo:<\/strong> Manter a aten\u00e7\u00e3o coletiva apesar dos impactos atencionais das telas<\/li>\n                    <li><strong>Colabora\u00e7\u00e3o familiar:<\/strong> Comunicar-se eficazmente com os pais sobre esses assuntos sens\u00edveis<\/li>\n                    <li><strong>Integra\u00e7\u00e3o digital:<\/strong> Utilizar positivamente as ferramentas digitais nos aprendizados<\/li>\n                    <li><strong>Preven\u00e7\u00e3o e interven\u00e7\u00e3o:<\/strong> Agir precocemente diante das dificuldades relacionadas \u00e0s telas<\/li>\n                <\/ul>\n            <\/div>\n\n            <h2>Avalia\u00e7\u00e3o e acompanhamento dos programas de sensibiliza\u00e7\u00e3o<\/h2>\n            \n            <p>A efic\u00e1cia das interven\u00e7\u00f5es de sensibiliza\u00e7\u00e3o \u00e0s telas s\u00f3 pode ser demonstrada por meio de uma avalia\u00e7\u00e3o rigorosa e um acompanhamento longitudinal das mudan\u00e7as observadas. Essa abordagem cient\u00edfica permite n\u00e3o apenas medir o impacto das a\u00e7\u00f5es realizadas, mas tamb\u00e9m identificar os fatores de sucesso e fracasso para melhorar continuamente as pr\u00e1ticas.<\/p>\n            \n            <p>A avalia\u00e7\u00e3o deve abranger m\u00faltiplas dimens\u00f5es: comportamentais (tempo de tela, diversidade das atividades), cognitivas (aten\u00e7\u00e3o, mem\u00f3ria, criatividade), sociais (qualidade das intera\u00e7\u00f5es, conflitos familiares) e acad\u00eamicas (desempenhos escolares, engajamento nos aprendizados). Essa abordagem multifatorial oferece uma vis\u00e3o completa dos benef\u00edcios obtidos.<\/p>\n            \n            <p>Os instrumentos de medida devem ser adaptados \u00e0 idade dos participantes e suficientemente simples para permitir um uso regular sem criar uma carga excessiva para as fam\u00edlias e educadores. O objetivo \u00e9 manter a motiva\u00e7\u00e3o de todos os envolvidos enquanto coleta dados confi\u00e1veis sobre a evolu\u00e7\u00e3o das situa\u00e7\u00f5es.<\/p>\n\n            <div class=\"conseil-card\">\n                <h3>\ud83d\udcca Protocolo de avalia\u00e7\u00e3o familiar simples<\/h3>\n                <p><strong>Semana 0:<\/strong> Foto dos espa\u00e7os de vida, caderno de tempo de tela por 7 dias, question\u00e1rio de bem-estar infantil<\/p>\n                <p><strong>M\u00eas 1, 3, 6:<\/strong> Mesmo protocolo + avalia\u00e7\u00e3o das alternativas praticadas + satisfa\u00e7\u00e3o familiar<\/p>\n                <p><strong>Ano 1:<\/strong> Balan\u00e7o completo com medidas cognitivas simples + entrevista qualitativa aprofundada<\/p>\n            <\/div>\n\n            <p>Os indicadores de sucesso devem ser definidos de forma colaborativa com os participantes para garantir sua ades\u00e3o ao processo de avalia\u00e7\u00e3o. Esses objetivos personalizados levam em conta a situa\u00e7\u00e3o inicial de cada fam\u00edlia e suas aspira\u00e7\u00f5es espec\u00edficas, criando uma din\u00e2mica motivacional positiva.<\/p>\n<div class=\"key-points\">\n                <h3>Indicadores de sucesso de acordo com os objetivos visados<\/h3>\n                <ul>\n                    <li><strong>Redu\u00e7\u00e3o quantitativa:<\/strong> Diminui\u00e7\u00e3o mensur\u00e1vel do tempo de tela di\u00e1rio e semanal<\/li>\n                    <li><strong>Melhoria qualitativa:<\/strong> Sele\u00e7\u00e3o de conte\u00fados mais educativos e adequados \u00e0 idade<\/li>\n                    <li><strong>Diversifica\u00e7\u00e3o comport\n<script type=\"application\/ld+json\">\n[\n  {\n    \"@context\": \"https:\/\/schema.org\",\n    \"@type\": \"Article\",\n    \"headline\": \"Sensibilisation aux \u00e9crans : 5 exercices pratiques pour les \u00e9coles et les familles\",\n    \"description\": \"Sensibilisation aux \u00e9crans - \u00c9ducation num\u00e9rique - 5 exercices pratiques pour les \u00e9coles et les familles\",\n    \"url\": \"https:\/\/www.dynseo.com\/sensibilisation-aux-ecrans-5-exercices-pratiques-pour-les-ecoles-et-les-familles\/\",\n    \"datePublished\": \"2026-04-07\",\n    \"dateModified\": \"2026-04-07\",\n    \"author\": {\n      \"@type\": \"Organization\",\n      \"name\": \"DYNSEO\",\n      \"url\": \"https:\/\/www.dynseo.com\"\n    },\n    \"publisher\": {\n      \"@type\": \"Organization\",\n      \"name\": \"DYNSEO\",\n      \"url\": \"https:\/\/www.dynseo.com\"\n    },\n    \"image\": \"https:\/\/www.dynseo.com\/wp-content\/uploads\/2024\/sensibilisation-ecrans-exercices.jpg\",\n    \"aggregateRating\": {\n      \"@type\": \"AggregateRating\",\n      \"ratingValue\": \"4.8\",\n      \"bestRating\": \"5\",\n      \"reviewCount\": \"47\"\n    }\n  },\n  {\n    \"@context\": \"https:\/\/schema.org\",\n    \"@type\": \"WebPage\",\n    \"name\": \"Sensibilisation aux \u00e9crans : 5 exercices pratiques pour les \u00e9coles et les familles\",\n    \"url\": \"https:\/\/www.dynseo.com\/sensibilisation-aux-ecrans-5-exercices-pratiques-pour-les-ecoles-et-les-familles\/\",\n    \"description\": \"Sensibilisation aux \u00e9crans - \u00c9ducation num\u00e9rique - 5 exercices pratiques pour les \u00e9coles et les familles\"\n  },\n  {\n    \"@context\": \"https:\/\/schema.org\",\n    \"@type\": \"BreadcrumbList\",\n    \"itemListElement\": [\n      {\n        \"@type\": \"ListItem\",\n        \"position\": 1,\n        \"name\": \"Accueil\",\n        \"item\": \"https:\/\/www.dynseo.com\"\n      },\n      {\n        \"@type\": \"ListItem\",\n        \"position\": 2,\n        \"name\": \"Blog\",\n        \"item\": \"https:\/\/www.dynseo.com\/blog\/\"\n      },\n      {\n        \"@type\": \"ListItem\",\n        \"position\": 3,\n        \"name\": \"Sensibilisation aux \u00e9crans : 5 exercices pratiques pour les \u00e9coles et les familles\",\n        \"item\": \"https:\/\/www.dynseo.com\/sensibilisation-aux-ecrans-5-exercices-pratiques-pour-les-ecoles-et-les-familles\/\"\n      }\n    ]\n  },\n  {\n    \"@context\": \"https:\/\/schema.org\",\n    \"@type\": \"FAQPage\",\n    \"mainEntity\": [\n      {\n        \"@type\": \"Question\",\n        \"name\": \"Quels sont les effets n\u00e9gatifs d'une exposition excessive aux \u00e9crans chez les enfants ?\",\n        \"acceptedAnswer\": {\n          \"@type\": \"Answer\",\n          \"text\": \"Une exposition excessive aux \u00e9crans peut entra\u00eener des troubles du sommeil, des difficult\u00e9s de concentra\u00e7\u00e3o, une diminution de l'activit\u00e9 physique, des probl\u00e8mes de vue et des retards dans le d\u00e9veloppement social et \u00e9motionnel chez les enfants.\"\n        }\n      },\n      {\n        \"@type\": \"Question\",\n        \"name\": \"Comment sensibiliser efficacement les enfants aux risques des \u00e9crans ?\",\n        \"acceptedAnswer\": {\n          \"@type\": \"Answer\",\n          \"text\": \"La sensibilisation passe par des exercices pratiques, des discussions ouvertes, l'\u00e9tablissement de r\u00e8gles claires sur l'usage des \u00e9crans, la promotion d'activit\u00e9s alternatives et l'exemple donn\u00e9 par les adultes dans leur propre utilisation des technologies.\"\n        }\n      },\n      {\n        \"@type\": \"Question\",\n        \"name\": \"\u00c0 quel \u00e2ge faut-il commencer la sensibilisation aux \u00e9crans ?\",\n        \"acceptedAnswer\": {\n          \"@type\": \"Answer\",\n          \"text\": \"La sensibilisation aux \u00e9crans peut commencer d\u00e8s l'\u00e2ge de 3-4 ans avec des explications simples et adapt\u00e9es. Plus l'enfant grandit, plus les discussions peuvent devenir approfondies sur l'usage responsable des technologies num\u00e9riques.\"\n        }\n      }\n    ]\n  }\n]\n<\/script>[\/et_pb_code][\/et_pb_column][\/et_pb_row][\/et_pb_section]","_et_gb_content_width":"","footnotes":""},"categories":[2915],"tags":[],"class_list":["post-560851","post","type-post","status-publish","format-standard","has-post-thumbnail","hentry","category-les-conseils-des-coachs"],"yoast_head":"<!-- This site is optimized with the Yoast SEO plugin v27.4 - https:\/\/yoast.com\/product\/yoast-seo-wordpress\/ -->\n<title>Sensibiliza\u00e7\u00e3o aos ecr\u00e3s: 5 exerc\u00edcios pr\u00e1ticos para escolas e fam\u00edlias - DYNSEO - Aplica\u00e7\u00f5es educativas e jogos de mem\u00f3ria<\/title>\n<meta name=\"robots\" content=\"index, follow, max-snippet:-1, max-image-preview:large, max-video-preview:-1\" \/>\n<link rel=\"canonical\" href=\"https:\/\/www.dynseo.com\/pt-pt\/sensibilizacao-aos-ecras-5-exercicios-praticos-para-escolas-e-familias\/\" \/>\n<meta property=\"og:locale\" content=\"pt_PT\" \/>\n<meta property=\"og:type\" content=\"article\" \/>\n<meta property=\"og:title\" content=\"Sensibiliza\u00e7\u00e3o aos ecr\u00e3s: 5 exerc\u00edcios pr\u00e1ticos para escolas e fam\u00edlias - DYNSEO - Aplica\u00e7\u00f5es educativas e jogos de mem\u00f3ria\" \/>\n<meta property=\"og:url\" content=\"https:\/\/www.dynseo.com\/pt-pt\/sensibilizacao-aos-ecras-5-exercicios-praticos-para-escolas-e-familias\/\" \/>\n<meta property=\"og:site_name\" content=\"DYNSEO - Aplica\u00e7\u00f5es educativas e jogos de mem\u00f3ria\" \/>\n<meta property=\"article:published_time\" content=\"2026-04-26T03:02:28+00:00\" \/>\n<meta property=\"article:modified_time\" content=\"2026-04-26T03:07:25+00:00\" \/>\n<meta property=\"og:image\" content=\"https:\/\/www.dynseo.com\/wp-content\/uploads\/2022\/02\/jeu-educatif-top-kids-ecole-primaire-concours-scaled.jpg\" \/>\n\t<meta property=\"og:image:width\" content=\"2560\" \/>\n\t<meta property=\"og:image:height\" content=\"1440\" \/>\n\t<meta property=\"og:image:type\" content=\"image\/jpeg\" \/>\n<meta name=\"author\" content=\"DYNSEO\" \/>\n<meta name=\"twitter:label1\" content=\"Escrito por\" \/>\n\t<meta name=\"twitter:data1\" content=\"DYNSEO\" \/>\n\t<meta name=\"twitter:label2\" content=\"Tempo estimado de leitura\" \/>\n\t<meta name=\"twitter:data2\" content=\"25 minutos\" \/>\n<script type=\"application\/ld+json\" class=\"yoast-schema-graph\">{\"@context\":\"https:\\\/\\\/schema.org\",\"@graph\":[{\"@type\":\"Article\",\"@id\":\"https:\\\/\\\/www.dynseo.com\\\/pt-pt\\\/sensibilizacao-aos-ecras-5-exercicios-praticos-para-escolas-e-familias\\\/#article\",\"isPartOf\":{\"@id\":\"https:\\\/\\\/www.dynseo.com\\\/pt-pt\\\/sensibilizacao-aos-ecras-5-exercicios-praticos-para-escolas-e-familias\\\/\"},\"author\":{\"name\":\"DYNSEO\",\"@id\":\"https:\\\/\\\/www.dynseo.com\\\/pt-pt\\\/#\\\/schema\\\/person\\\/78ef63df2ee64e0989bc68f8401b38d6\"},\"headline\":\"Sensibiliza\u00e7\u00e3o aos ecr\u00e3s: 5 exerc\u00edcios pr\u00e1ticos para escolas e fam\u00edlias\",\"datePublished\":\"2026-04-26T03:02:28+00:00\",\"dateModified\":\"2026-04-26T03:07:25+00:00\",\"mainEntityOfPage\":{\"@id\":\"https:\\\/\\\/www.dynseo.com\\\/pt-pt\\\/sensibilizacao-aos-ecras-5-exercicios-praticos-para-escolas-e-familias\\\/\"},\"wordCount\":5013,\"publisher\":{\"@id\":\"https:\\\/\\\/www.dynseo.com\\\/pt-pt\\\/#organization\"},\"image\":{\"@id\":\"https:\\\/\\\/www.dynseo.com\\\/pt-pt\\\/sensibilizacao-aos-ecras-5-exercicios-praticos-para-escolas-e-familias\\\/#primaryimage\"},\"thumbnailUrl\":\"https:\\\/\\\/www.dynseo.com\\\/wp-content\\\/uploads\\\/2022\\\/02\\\/jeu-educatif-top-kids-ecole-primaire-concours-scaled.jpg\",\"articleSection\":[\"Les conseils des coachs\"],\"inLanguage\":\"pt-PT\"},{\"@type\":\"WebPage\",\"@id\":\"https:\\\/\\\/www.dynseo.com\\\/pt-pt\\\/sensibilizacao-aos-ecras-5-exercicios-praticos-para-escolas-e-familias\\\/\",\"url\":\"https:\\\/\\\/www.dynseo.com\\\/pt-pt\\\/sensibilizacao-aos-ecras-5-exercicios-praticos-para-escolas-e-familias\\\/\",\"name\":\"Sensibiliza\u00e7\u00e3o aos ecr\u00e3s: 5 exerc\u00edcios pr\u00e1ticos para escolas e fam\u00edlias - DYNSEO - Aplica\u00e7\u00f5es educativas e jogos de mem\u00f3ria\",\"isPartOf\":{\"@id\":\"https:\\\/\\\/www.dynseo.com\\\/pt-pt\\\/#website\"},\"primaryImageOfPage\":{\"@id\":\"https:\\\/\\\/www.dynseo.com\\\/pt-pt\\\/sensibilizacao-aos-ecras-5-exercicios-praticos-para-escolas-e-familias\\\/#primaryimage\"},\"image\":{\"@id\":\"https:\\\/\\\/www.dynseo.com\\\/pt-pt\\\/sensibilizacao-aos-ecras-5-exercicios-praticos-para-escolas-e-familias\\\/#primaryimage\"},\"thumbnailUrl\":\"https:\\\/\\\/www.dynseo.com\\\/wp-content\\\/uploads\\\/2022\\\/02\\\/jeu-educatif-top-kids-ecole-primaire-concours-scaled.jpg\",\"datePublished\":\"2026-04-26T03:02:28+00:00\",\"dateModified\":\"2026-04-26T03:07:25+00:00\",\"breadcrumb\":{\"@id\":\"https:\\\/\\\/www.dynseo.com\\\/pt-pt\\\/sensibilizacao-aos-ecras-5-exercicios-praticos-para-escolas-e-familias\\\/#breadcrumb\"},\"inLanguage\":\"pt-PT\",\"potentialAction\":[{\"@type\":\"ReadAction\",\"target\":[\"https:\\\/\\\/www.dynseo.com\\\/pt-pt\\\/sensibilizacao-aos-ecras-5-exercicios-praticos-para-escolas-e-familias\\\/\"]}]},{\"@type\":\"ImageObject\",\"inLanguage\":\"pt-PT\",\"@id\":\"https:\\\/\\\/www.dynseo.com\\\/pt-pt\\\/sensibilizacao-aos-ecras-5-exercicios-praticos-para-escolas-e-familias\\\/#primaryimage\",\"url\":\"https:\\\/\\\/www.dynseo.com\\\/wp-content\\\/uploads\\\/2022\\\/02\\\/jeu-educatif-top-kids-ecole-primaire-concours-scaled.jpg\",\"contentUrl\":\"https:\\\/\\\/www.dynseo.com\\\/wp-content\\\/uploads\\\/2022\\\/02\\\/jeu-educatif-top-kids-ecole-primaire-concours-scaled.jpg\",\"width\":2560,\"height\":1440,\"caption\":\"Momentos de divers\u00e3o e desenvolvimento cognitivo com jogos estimulantes\"},{\"@type\":\"BreadcrumbList\",\"@id\":\"https:\\\/\\\/www.dynseo.com\\\/pt-pt\\\/sensibilizacao-aos-ecras-5-exercicios-praticos-para-escolas-e-familias\\\/#breadcrumb\",\"itemListElement\":[{\"@type\":\"ListItem\",\"position\":1,\"name\":\"Accueil\",\"item\":\"https:\\\/\\\/www.dynseo.com\\\/pt-pt\\\/\"},{\"@type\":\"ListItem\",\"position\":2,\"name\":\"Sensibiliza\u00e7\u00e3o aos ecr\u00e3s: 5 exerc\u00edcios pr\u00e1ticos para escolas e fam\u00edlias\"}]},{\"@type\":\"WebSite\",\"@id\":\"https:\\\/\\\/www.dynseo.com\\\/pt-pt\\\/#website\",\"url\":\"https:\\\/\\\/www.dynseo.com\\\/pt-pt\\\/\",\"name\":\"Jeux de m\u00e9moire et stimulation cognitive\",\"description\":\"Entra\u00eenez votre m\u00e9moire et votre cerveau avec DYNSEO\",\"publisher\":{\"@id\":\"https:\\\/\\\/www.dynseo.com\\\/pt-pt\\\/#organization\"},\"potentialAction\":[{\"@type\":\"SearchAction\",\"target\":{\"@type\":\"EntryPoint\",\"urlTemplate\":\"https:\\\/\\\/www.dynseo.com\\\/pt-pt\\\/?s={search_term_string}\"},\"query-input\":{\"@type\":\"PropertyValueSpecification\",\"valueRequired\":true,\"valueName\":\"search_term_string\"}}],\"inLanguage\":\"pt-PT\"},{\"@type\":\"Organization\",\"@id\":\"https:\\\/\\\/www.dynseo.com\\\/pt-pt\\\/#organization\",\"name\":\"DYNSEO\",\"url\":\"https:\\\/\\\/www.dynseo.com\\\/pt-pt\\\/\",\"logo\":{\"@type\":\"ImageObject\",\"inLanguage\":\"pt-PT\",\"@id\":\"https:\\\/\\\/www.dynseo.com\\\/pt-pt\\\/#\\\/schema\\\/logo\\\/image\\\/\",\"url\":\"https:\\\/\\\/www.dynseo.com\\\/wp-content\\\/uploads\\\/2022\\\/05\\\/logo-dynseo-new.png\",\"contentUrl\":\"https:\\\/\\\/www.dynseo.com\\\/wp-content\\\/uploads\\\/2022\\\/05\\\/logo-dynseo-new.png\",\"width\":5073,\"height\":1397,\"caption\":\"DYNSEO\"},\"image\":{\"@id\":\"https:\\\/\\\/www.dynseo.com\\\/pt-pt\\\/#\\\/schema\\\/logo\\\/image\\\/\"}},{\"@type\":\"Person\",\"@id\":\"https:\\\/\\\/www.dynseo.com\\\/pt-pt\\\/#\\\/schema\\\/person\\\/78ef63df2ee64e0989bc68f8401b38d6\",\"name\":\"DYNSEO\",\"url\":\"https:\\\/\\\/www.dynseo.com\\\/pt-pt\\\/author\\\/justine\\\/\"}]}<\/script>\n<!-- \/ Yoast SEO plugin. -->","yoast_head_json":{"title":"Sensibiliza\u00e7\u00e3o aos ecr\u00e3s: 5 exerc\u00edcios pr\u00e1ticos para escolas e fam\u00edlias - DYNSEO - Aplica\u00e7\u00f5es educativas e jogos de mem\u00f3ria","robots":{"index":"index","follow":"follow","max-snippet":"max-snippet:-1","max-image-preview":"max-image-preview:large","max-video-preview":"max-video-preview:-1"},"canonical":"https:\/\/www.dynseo.com\/pt-pt\/sensibilizacao-aos-ecras-5-exercicios-praticos-para-escolas-e-familias\/","og_locale":"pt_PT","og_type":"article","og_title":"Sensibiliza\u00e7\u00e3o aos ecr\u00e3s: 5 exerc\u00edcios pr\u00e1ticos para escolas e fam\u00edlias - DYNSEO - Aplica\u00e7\u00f5es educativas e jogos de mem\u00f3ria","og_url":"https:\/\/www.dynseo.com\/pt-pt\/sensibilizacao-aos-ecras-5-exercicios-praticos-para-escolas-e-familias\/","og_site_name":"DYNSEO - Aplica\u00e7\u00f5es educativas e jogos de mem\u00f3ria","article_published_time":"2026-04-26T03:02:28+00:00","article_modified_time":"2026-04-26T03:07:25+00:00","og_image":[{"width":2560,"height":1440,"url":"https:\/\/www.dynseo.com\/wp-content\/uploads\/2022\/02\/jeu-educatif-top-kids-ecole-primaire-concours-scaled.jpg","type":"image\/jpeg"}],"author":"DYNSEO","twitter_misc":{"Escrito por":"DYNSEO","Tempo estimado de leitura":"25 minutos"},"schema":{"@context":"https:\/\/schema.org","@graph":[{"@type":"Article","@id":"https:\/\/www.dynseo.com\/pt-pt\/sensibilizacao-aos-ecras-5-exercicios-praticos-para-escolas-e-familias\/#article","isPartOf":{"@id":"https:\/\/www.dynseo.com\/pt-pt\/sensibilizacao-aos-ecras-5-exercicios-praticos-para-escolas-e-familias\/"},"author":{"name":"DYNSEO","@id":"https:\/\/www.dynseo.com\/pt-pt\/#\/schema\/person\/78ef63df2ee64e0989bc68f8401b38d6"},"headline":"Sensibiliza\u00e7\u00e3o aos ecr\u00e3s: 5 exerc\u00edcios pr\u00e1ticos para escolas e fam\u00edlias","datePublished":"2026-04-26T03:02:28+00:00","dateModified":"2026-04-26T03:07:25+00:00","mainEntityOfPage":{"@id":"https:\/\/www.dynseo.com\/pt-pt\/sensibilizacao-aos-ecras-5-exercicios-praticos-para-escolas-e-familias\/"},"wordCount":5013,"publisher":{"@id":"https:\/\/www.dynseo.com\/pt-pt\/#organization"},"image":{"@id":"https:\/\/www.dynseo.com\/pt-pt\/sensibilizacao-aos-ecras-5-exercicios-praticos-para-escolas-e-familias\/#primaryimage"},"thumbnailUrl":"https:\/\/www.dynseo.com\/wp-content\/uploads\/2022\/02\/jeu-educatif-top-kids-ecole-primaire-concours-scaled.jpg","articleSection":["Les conseils des coachs"],"inLanguage":"pt-PT"},{"@type":"WebPage","@id":"https:\/\/www.dynseo.com\/pt-pt\/sensibilizacao-aos-ecras-5-exercicios-praticos-para-escolas-e-familias\/","url":"https:\/\/www.dynseo.com\/pt-pt\/sensibilizacao-aos-ecras-5-exercicios-praticos-para-escolas-e-familias\/","name":"Sensibiliza\u00e7\u00e3o aos ecr\u00e3s: 5 exerc\u00edcios pr\u00e1ticos para escolas e fam\u00edlias - DYNSEO - Aplica\u00e7\u00f5es educativas e jogos de mem\u00f3ria","isPartOf":{"@id":"https:\/\/www.dynseo.com\/pt-pt\/#website"},"primaryImageOfPage":{"@id":"https:\/\/www.dynseo.com\/pt-pt\/sensibilizacao-aos-ecras-5-exercicios-praticos-para-escolas-e-familias\/#primaryimage"},"image":{"@id":"https:\/\/www.dynseo.com\/pt-pt\/sensibilizacao-aos-ecras-5-exercicios-praticos-para-escolas-e-familias\/#primaryimage"},"thumbnailUrl":"https:\/\/www.dynseo.com\/wp-content\/uploads\/2022\/02\/jeu-educatif-top-kids-ecole-primaire-concours-scaled.jpg","datePublished":"2026-04-26T03:02:28+00:00","dateModified":"2026-04-26T03:07:25+00:00","breadcrumb":{"@id":"https:\/\/www.dynseo.com\/pt-pt\/sensibilizacao-aos-ecras-5-exercicios-praticos-para-escolas-e-familias\/#breadcrumb"},"inLanguage":"pt-PT","potentialAction":[{"@type":"ReadAction","target":["https:\/\/www.dynseo.com\/pt-pt\/sensibilizacao-aos-ecras-5-exercicios-praticos-para-escolas-e-familias\/"]}]},{"@type":"ImageObject","inLanguage":"pt-PT","@id":"https:\/\/www.dynseo.com\/pt-pt\/sensibilizacao-aos-ecras-5-exercicios-praticos-para-escolas-e-familias\/#primaryimage","url":"https:\/\/www.dynseo.com\/wp-content\/uploads\/2022\/02\/jeu-educatif-top-kids-ecole-primaire-concours-scaled.jpg","contentUrl":"https:\/\/www.dynseo.com\/wp-content\/uploads\/2022\/02\/jeu-educatif-top-kids-ecole-primaire-concours-scaled.jpg","width":2560,"height":1440,"caption":"Momentos de divers\u00e3o e desenvolvimento cognitivo com jogos estimulantes"},{"@type":"BreadcrumbList","@id":"https:\/\/www.dynseo.com\/pt-pt\/sensibilizacao-aos-ecras-5-exercicios-praticos-para-escolas-e-familias\/#breadcrumb","itemListElement":[{"@type":"ListItem","position":1,"name":"Accueil","item":"https:\/\/www.dynseo.com\/pt-pt\/"},{"@type":"ListItem","position":2,"name":"Sensibiliza\u00e7\u00e3o aos ecr\u00e3s: 5 exerc\u00edcios pr\u00e1ticos para escolas e fam\u00edlias"}]},{"@type":"WebSite","@id":"https:\/\/www.dynseo.com\/pt-pt\/#website","url":"https:\/\/www.dynseo.com\/pt-pt\/","name":"Jeux de m\u00e9moire et stimulation cognitive","description":"Entra\u00eenez votre m\u00e9moire et votre cerveau avec DYNSEO","publisher":{"@id":"https:\/\/www.dynseo.com\/pt-pt\/#organization"},"potentialAction":[{"@type":"SearchAction","target":{"@type":"EntryPoint","urlTemplate":"https:\/\/www.dynseo.com\/pt-pt\/?s={search_term_string}"},"query-input":{"@type":"PropertyValueSpecification","valueRequired":true,"valueName":"search_term_string"}}],"inLanguage":"pt-PT"},{"@type":"Organization","@id":"https:\/\/www.dynseo.com\/pt-pt\/#organization","name":"DYNSEO","url":"https:\/\/www.dynseo.com\/pt-pt\/","logo":{"@type":"ImageObject","inLanguage":"pt-PT","@id":"https:\/\/www.dynseo.com\/pt-pt\/#\/schema\/logo\/image\/","url":"https:\/\/www.dynseo.com\/wp-content\/uploads\/2022\/05\/logo-dynseo-new.png","contentUrl":"https:\/\/www.dynseo.com\/wp-content\/uploads\/2022\/05\/logo-dynseo-new.png","width":5073,"height":1397,"caption":"DYNSEO"},"image":{"@id":"https:\/\/www.dynseo.com\/pt-pt\/#\/schema\/logo\/image\/"}},{"@type":"Person","@id":"https:\/\/www.dynseo.com\/pt-pt\/#\/schema\/person\/78ef63df2ee64e0989bc68f8401b38d6","name":"DYNSEO","url":"https:\/\/www.dynseo.com\/pt-pt\/author\/justine\/"}]}},"_links":{"self":[{"href":"https:\/\/www.dynseo.com\/pt-pt\/wp-json\/wp\/v2\/posts\/560851","targetHints":{"allow":["GET"]}}],"collection":[{"href":"https:\/\/www.dynseo.com\/pt-pt\/wp-json\/wp\/v2\/posts"}],"about":[{"href":"https:\/\/www.dynseo.com\/pt-pt\/wp-json\/wp\/v2\/types\/post"}],"author":[{"embeddable":true,"href":"https:\/\/www.dynseo.com\/pt-pt\/wp-json\/wp\/v2\/users\/4"}],"replies":[{"embeddable":true,"href":"https:\/\/www.dynseo.com\/pt-pt\/wp-json\/wp\/v2\/comments?post=560851"}],"version-history":[{"count":17,"href":"https:\/\/www.dynseo.com\/pt-pt\/wp-json\/wp\/v2\/posts\/560851\/revisions"}],"predecessor-version":[{"id":560868,"href":"https:\/\/www.dynseo.com\/pt-pt\/wp-json\/wp\/v2\/posts\/560851\/revisions\/560868"}],"wp:featuredmedia":[{"embeddable":true,"href":"https:\/\/www.dynseo.com\/pt-pt\/wp-json\/wp\/v2\/media\/142596"}],"wp:attachment":[{"href":"https:\/\/www.dynseo.com\/pt-pt\/wp-json\/wp\/v2\/media?parent=560851"}],"wp:term":[{"taxonomy":"category","embeddable":true,"href":"https:\/\/www.dynseo.com\/pt-pt\/wp-json\/wp\/v2\/categories?post=560851"},{"taxonomy":"post_tag","embeddable":true,"href":"https:\/\/www.dynseo.com\/pt-pt\/wp-json\/wp\/v2\/tags?post=560851"}],"curies":[{"name":"wp","href":"https:\/\/api.w.org\/{rel}","templated":true}]}}