{"id":562628,"date":"2026-04-26T18:50:35","date_gmt":"2026-04-26T16:50:35","guid":{"rendered":"https:\/\/www.dynseo.com\/le-lien-entre-la-motricite-fine-et-lapprentissage-a-lecole-2\/"},"modified":"2026-04-26T18:55:16","modified_gmt":"2026-04-26T16:55:16","slug":"a-ligacao-entre-a-motricidade-fina-e-a-aprendizagem-na-escola","status":"publish","type":"post","link":"https:\/\/www.dynseo.com\/pt-pt\/a-ligacao-entre-a-motricidade-fina-e-a-aprendizagem-na-escola\/","title":{"rendered":"A liga\u00e7\u00e3o entre a motricidade fina e a aprendizagem na escola"},"content":{"rendered":"<p>[et_pb_section fb_built=&#8221;1&#8243; _builder_version=&#8221;4.16&#8243; custom_padding=&#8221;0px|0px|0px|0px|false|false&#8221; margin_top=&#8221;0px&#8221; margin_bottom=&#8221;0px&#8221; global_colors_info=&#8221;{}&#8221;][et_pb_row _builder_version=&#8221;4.16&#8243; custom_padding=&#8221;0px|0px|0px|0px|false|false&#8221; margin_top=&#8221;0px&#8221; margin_bottom=&#8221;0px&#8221; column_structure=&#8221;4_4&#8243; global_colors_info=&#8221;{}&#8221;][et_pb_column type=&#8221;4_4&#8243; _builder_version=&#8221;4.16&#8243; custom_padding=&#8221;0px|0px|0px|0px|false|false&#8221; global_colors_info=&#8221;{}&#8221;][et_pb_code _builder_version=&#8221;4.16&#8243; custom_padding=&#8221;0px|0px|0px|0px|false|false&#8221; global_colors_info=&#8221;{}&#8221;]<\/p>\n<style>\n        :root {\n            --primary: #5e5ed7;\n            --primary-dark: #5268c9;\n            --teal: #a9e2e4;\n            --yellow: #ffeca7;\n            --pink: #e73469;\n            --grey-light: #f5f5f5;\n            --grey-dark: #333;\n            --white: #ffffff;\n        }<\/p>\n<p>        * {\n            margin: 0;\n            padding: 0;\n            box-sizing: border-box;\n        }<\/p>\n<p>        body {\n            font-family: 'Poppins', sans-serif;\n            line-height: 1.6;\n            color: var(--grey-dark);\n            background: #fafafa;\n        }<\/p>\n<p>        h1, h2, h3, h4, h5, h6 {\n            font-family: 'Montserrat', sans-serif;\n            font-weight: 600;\n            margin-bottom: 1rem;\n        }<\/p>\n<p>        .article-hero {\n            background: linear-gradient(135deg, var(--primary) 0%, var(--primary-dark) 100%);\n            color: white;\n            padding: 2rem 0 4rem;\n            position: relative;\n            overflow: hidden;\n        }<\/p>\n<p>        .article-hero::before {\n            content: '';\n            position: absolute;\n            top: 0;\n            left: 0;\n            right: 0;\n            bottom: 0;\n            background: url('data:image\/svg+xml,<svg xmlns=\"http:\/\/www.w3.org\/2000\/svg\" viewBox=\"0 0 100 100\"><circle cx=\"20\" cy=\"20\" r=\"2\" fill=\"rgba(255,255,255,0.1)\"\/><circle cx=\"80\" cy=\"40\" r=\"1.5\" fill=\"rgba(255,255,255,0.1)\"\/><circle cx=\"40\" cy=\"80\" r=\"1\" fill=\"rgba(255,255,255,0.1)\"\/><\/svg>');\n        }<\/p>\n<p>        .article-hero-inner {\n            max-width: 1200px;\n            margin: 0 auto;\n            padding: 0 2rem;\n            position: relative;\n            z-index: 2;\n        }<\/p>\n<p>        .article-breadcrumb {\n            font-size: 0.9rem;\n            margin-bottom: 1rem;\n            opacity: 0.9;\n        }<\/p>\n<p>        .article-breadcrumb a {\n            color: white;\n            text-decoration: none;\n        }<\/p>\n<p>        .article-category {\n            display: inline-block;\n            background: var(--teal);\n            color: var(--grey-dark);\n            padding: 0.5rem 1rem;\n            border-radius: 25px;\n            font-size: 0.85rem;\n            font-weight: 500;\n            margin-bottom: 1rem;\n        }<\/p>\n<p>        .article-hero h1 {\n            font-size: 2.5rem;\n            font-weight: 700;\n            margin-bottom: 1.5rem;\n            line-height: 1.2;\n        }<\/p>\n<p>        .hl {\n            background: var(--yellow);\n            color: var(--grey-dark);\n            padding: 0 0.5rem;\n            border-radius: 4px;\n        }<\/p>\n<p>        .article-meta {\n            display: flex;\n            align-items: center;\n            gap: 2rem;\n            margin-bottom: 2rem;\n            font-size: 0.9rem;\n        }<\/p>\n<p>        .article-meta .stars {\n            color: var(--yellow);\n            font-size: 1.1rem;\n        }<\/p>\n<p>        .article-hero-curve {\n            position: absolute;\n            bottom: -1px;\n            left: 0;\n            width: 100%;\n            height: 50px;\n            background: #fafafa;\n            border-radius: 50% 50% 0 0 \/ 100% 100% 0 0;\n        }<\/p>\n<p>        .article-body {\n            padding: 3rem 0;\n        }<\/p>\n<p>        .container {\n            max-width: 1000px;\n            margin: 0 auto;\n            padding: 0 2rem;\n        }<\/p>\n<p>        .intro-block {\n            background: white;\n            padding: 2rem;\n            border-radius: 15px;\n            box-shadow: 0 5px 20px rgba(0,0,0,0.1);\n            margin-bottom: 3rem;\n            border-left: 4px solid var(--primary);\n        }<\/p>\n<p>        .stats-grid {\n            display: grid;\n            grid-template-columns: repeat(auto-fit, minmax(200px, 1fr));\n            gap: 1.5rem;\n            margin-bottom: 3rem;\n        }<\/p>\n<p>        .stat-card {\n            background: white;\n            padding: 1.5rem;\n            border-radius: 15px;\n            text-align: center;\n            box-shadow: 0 5px 15px rgba(0,0,0,0.1);\n            border-top: 3px solid var(--primary);\n        }<\/p>\n<p>        .stat-card .number {\n            font-size: 2.5rem;\n            font-weight: 700;\n            color: var(--primary);\n            display: block;\n            margin-bottom: 0.5rem;\n        }<\/p>\n<p>        .stat-card .label {\n            font-size: 0.9rem;\n            color: var(--grey-dark);\n            font-weight: 500;\n        }<\/p>\n<p>        .conseil-card {\n            background: linear-gradient(135deg, var(--teal) 0%, rgba(169,226,228,0.7) 100%);\n            padding: 1.5rem;\n            border-radius: 15px;\n            margin: 1.5rem 0;\n            border-left: 4px solid var(--primary-dark);\n        }<\/p>\n<p>        .key-points {\n            background: white;\n            padding: 1.5rem;\n            border-radius: 10px;\n            margin: 1.5rem 0;\n            box-shadow: 0 3px 10px rgba(0,0,0,0.1);\n        }<\/p>\n<p>        .key-points ul {\n            list-style: none;\n            padding-left: 0;\n        }<\/p>\n<p>        .key-points li {\n            position: relative;\n            padding-left: 1.5rem;\n            margin-bottom: 0.5rem;\n        }<\/p>\n<p>        .key-points li::before {\n            content: '\u2713';\n            position: absolute;\n            left: 0;\n            color: var(--primary);\n            font-weight: bold;\n        }<\/p>\n<p>        .tip-box {\n            background: var(--yellow);\n            padding: 1.5rem;\n            border-radius: 10px;\n            margin: 1.5rem 0;\n            position: relative;\n        }<\/p>\n<p>        .tip-box-label {\n            background: var(--primary);\n            color: white;\n            padding: 0.3rem 0.8rem;\n            border-radius: 15px;\n            font-size: 0.8rem;\n            font-weight: 600;\n            position: absolute;\n            top: -10px;\n            left: 1rem;\n        }<\/p>\n<p>        .expert-box {\n            background: white;\n            border: 2px solid var(--primary);\n            border-radius: 15px;\n            margin: 2rem 0;\n            overflow: hidden;\n        }<\/p>\n<p>        .expert-box-label {\n            background: var(--primary);\n            color: white;\n            padding: 0.5rem 1rem;\n            font-weight: 600;\n            font-size: 0.9rem;\n        }<\/p>\n<p>        .expert-inner {\n            padding: 1.5rem;\n        }<\/p>\n<p>        .expert-inner-title {\n            color: var(--primary);\n            font-size: 1.1rem;\n            margin-bottom: 1rem;\n        }<\/p>\n<p>        .faq-list {\n            background: white;\n            border-radius: 15px;\n            padding: 2rem;\n            box-shadow: 0 5px 20px rgba(0,0,0,0.1);\n            margin: 2rem 0;\n        }<\/p>\n<p>        .faq-item {\n            border-bottom: 1px solid #eee;\n            margin-bottom: 1rem;\n        }<\/p>\n<p>        .faq-item:last-child {\n            border-bottom: none;\n        }<\/p>\n<p>        .faq-q {\n            display: flex;\n            justify-content: space-between;\n            align-items: center;\n            padding: 1rem 0;\n            cursor: pointer;\n            font-weight: 600;\n            color: var(--primary);\n        }<\/p>\n<p>        .faq-icon {\n            background: var(--primary);\n            color: white;\n            width: 25px;\n            height: 25px;\n            border-radius: 50%;\n            display: flex;\n            align-items: center;\n            justify-content: center;\n            font-size: 1.2rem;\n            transition: transform 0.3s ease;\n        }<\/p>\n<p>        .faq-item.open .faq-icon {\n            transform: rotate(45deg);\n        }<\/p>\n<p>        .faq-a {\n            padding-bottom: 1rem;\n            display: none;\n            color: var(--grey-dark);\n        }<\/p>\n<p>        .faq-item.open .faq-a {\n            display: block;\n        }<\/p>\n<p>        .cta-box {\n            background: linear-gradient(135deg, var(--primary) 0%, var(--primary-dark) 100%);\n            color: white;\n            padding: 2rem;\n            border-radius: 15px;\n            text-align: center;\n            margin: 3rem 0;\n        }<\/p>\n<p>        .cta-buttons {\n            margin-top: 1.5rem;\n            display: flex;\n            gap: 1rem;\n            justify-content: center;\n            flex-wrap: wrap;\n        }<\/p>\n<p>        .btn-white {\n            background: white;\n            color: var(--primary);\n            padding: 0.8rem 1.5rem;\n            border-radius: 25px;\n            text-decoration: none;\n            font-weight: 600;\n            transition: all 0.3s ease;\n        }<\/p>\n<p>        .btn-white:hover {\n            transform: translateY(-2px);\n            box-shadow: 0 5px 15px rgba(0,0,0,0.2);\n        }<\/p>\n<p>        .btn-outline {\n            background: transparent;\n            color: white;\n            border: 2px solid white;\n            padding: 0.8rem 1.5rem;\n            border-radius: 25px;\n            text-decoration: none;\n            font-weight: 600;\n            transition: all 0.3s ease;\n        }<\/p>\n<p>        .btn-outline:hover {\n            background: white;\n            color: var(--primary);\n        }<\/p>\n<p>        .article-tags {\n            margin-top: 3rem;\n            padding-top: 2rem;\n            border-top: 1px solid #eee;\n        }<\/p>\n<p>        .article-tag {\n            display: inline-block;\n            background: var(--grey-light);\n            color: var(--grey-dark);\n            padding: 0.5rem 1rem;\n            border-radius: 20px;\n            font-size: 0.85rem;\n            margin: 0.25rem;\n            text-decoration: none;\n            transition: all 0.3s ease;\n        }<\/p>\n<p>        .article-tag:hover {\n            background: var(--primary);\n            color: white;\n        }<\/p>\n<p>        @media (max-width: 768px) {\n            .article-hero h1 {\n                font-size: 2rem;\n            }<\/p>\n<p>            .article-meta {\n                flex-direction: column;\n                gap: 1rem;\n                align-items: flex-start;\n            }<\/p>\n<p>            .stats-grid {\n                grid-template-columns: 1fr;\n            }<\/p>\n<p>            .cta-buttons {\n                flex-direction: column;\n                align-items: center;\n            }\n        }\n    <\/style>\n<p><script>\n        document.querySelectorAll('.faq-q').forEach(function(button) {\n            button.addEventListener('click', function() {\n                button.closest('.faq-item').classList.toggle('open');\n            });\n        });\n    <\/script><br \/>\n<script type=\"application\/ld+json\">\n{\n  \"@context\": \"https:\/\/schema.org\",\n  \"@graph\": [\n    {\n      \"@type\": \"Article\",\n      \"headline\": \"Le lien entre la motricit\u00e9 fine et l'apprentissage \u00e0 l'\u00e9cole\",\n      \"description\": \"\ud83d\udcc5 Avril 2026 \u23f1\ufe0f 15 min de lecture \ud83d\udc65 Parents & Enseignants \u2b50\u2b50\u2b50\u2b50\u2b50 4.8\/5\",\n      \"url\": \"https:\/\/www.dynseo.com\/le-lien-entre-la-motricite-fine-et-lapprentissage-a-lecole\/\",\n      \"datePublished\": \"2026-04-07\",\n      \"author\": {\n        \"@type\": \"Organization\",\n        \"name\": \"DYNSEO\",\n        \"url\": \"https:\/\/www.dynseo.com\"\n      },\n      \"publisher\": {\n        \"@type\": \"Organization\",\n        \"name\": \"DYNSEO\",\n        \"url\": \"https:\/\/www.dynseo.com\"\n      },\n      \"aggregateRating\": {\n        \"@type\": \"AggregateRating\",\n        \"ratingValue\": \"4.8\",\n        \"bestRating\": \"5\",\n        \"ratingCount\": \"47\"\n      }\n    },\n    {\n      \"@type\": \"WebPage\",\n      \"url\": \"https:\/\/www.dynseo.com\/le-lien-entre-la-motricite-fine-et-lapprentissage-a-lecole\/\",\n      \"name\": \"Le lien entre la motricit\u00e9 fine et l'apprentissage \u00e0 l'\u00e9cole\",\n      \"description\": \"\ud83d\udcc5 Avril 2026 \u23f1\ufe0f 15 min de lecture \ud83d\udc65 Parents & Enseignants \u2b50\u2b50\u2b50\u2b50\u2b50 4.8\/5\",\n      \"breadcrumb\": {\n        \"@type\": \"BreadcrumbList\",\n        \"itemListElement\": [\n          {\n            \"@type\": \"ListItem\",\n            \"position\": 1,\n            \"name\": \"Accueil\",\n            \"item\": \"https:\/\/www.dynseo.com\"\n          },\n          {\n            \"@type\": \"ListItem\",\n            \"position\": 2,\n            \"name\": \"Blog\",\n            \"item\": \"https:\/\/www.dynseo.com\/blog\/\"\n          },\n          {\n            \"@type\": \"ListItem\",\n            \"position\": 3,\n            \"name\": \"Le lien entre la motricit\u00e9 fine et l'apprentissage \u00e0 l'\u00e9cole\",\n            \"item\": \"https:\/\/www.dynseo.com\/le-lien-entre-la-motricite-fine-et-lapprentissage-a-lecole\/\"\n          }\n        ]\n      }\n    },\n    {\n      \"@type\": \"FAQPage\",\n      \"mainEntity\": [\n        {\n          \"@type\": \"Question\",\n          \"name\": \"\u00c0 quel \u00e2ge faut-il commencer \u00e0 stimuler la motricit\u00e9 fine ?\"\n        },\n        {\n          \"@type\": \"Question\",\n          \"name\": \"Comment reconna\u00eetre un trouble de la motricit\u00e9 fine chez un enfant ?\"\n        },\n        {\n          \"@type\": \"Question\",\n          \"name\": \"Les \u00e9crans peuvent-ils aider ou nuire au d\u00e9veloppement de la motricit\u00e9 fine ?\"\n        }\n      ]\n    }\n  ]\n}\n<\/script>\n<link rel=\"preconnect\" href=\"https:\/\/fonts.googleapis.com\">\n<section class=\"article-hero\">\n<div class=\"article-hero-inner\">\n<nav class=\"article-breadcrumb\">\n                <a href=\"\/\">In\u00edcio<\/a> > <a href=\"\/blog\/\">Blog<\/a> > Motricidade fina e aprendizagem<br \/>\n            <\/nav>\n<p>            <span class=\"article-category\">Desenvolvimento Cognitivo<\/span><\/p>\n<h1>A liga\u00e7\u00e3o entre a <span class=\"hl\">motricidade fina<\/span> e a aprendizagem na escola<\/h1>\n<div class=\"article-meta\">\n                <span>\ud83d\udcc5 Abril 2026<\/span><br \/>\n                <span>\u23f1\ufe0f 15 min de leitura<\/span><br \/>\n                <span>\ud83d\udc65 Pais &#038; Professores<\/span><br \/>\n                <span class=\"stars\">\u2b50\u2b50\u2b50\u2b50\u2b50 4.8\/5<\/span>\n            <\/div>\n<\/p><\/div>\n<div class=\"article-hero-curve\"><\/div>\n<\/section>\n<div class=\"article-body\">\n<div class=\"container\">\n<div class=\"intro-block\">\n                <pee>As compet\u00eancias motoras finas s\u00e3o muito mais do que uma simples habilidade manual: elas constituem um verdadeiro pilar do desenvolvimento cognitivo e do sucesso escolar. Essas compet\u00eancias, que envolvem a coordena\u00e7\u00e3o precisa dos pequenos m\u00fasculos das m\u00e3os e dos dedos, desempenham um papel fundamental na aprendizagem acad\u00eamica, da escrita \u00e0 matem\u00e1tica passando pelas atividades art\u00edsticas. A pesquisa moderna revela liga\u00e7\u00f5es fascinantes entre a destreza manual e o desempenho intelectual, ressaltando a import\u00e2ncia de um desenvolvimento harmonioso dessas capacidades desde a mais tenra idade. Compreender essa rela\u00e7\u00e3o permite que pais e professores otimizem o ambiente de aprendizagem e promovam o desenvolvimento global de cada crian\u00e7a. Essa abordagem hol\u00edstica do desenvolvimento reconhece que o corpo e a mente trabalham em conjunto para construir as bases da aprendizagem.<\/pee>\n            <\/div>\n<div class=\"stats-grid\">\n<div class=\"stat-card\">\n                    <span class=\"number\">85%<\/span><br \/>\n                    <span class=\"label\">das crian\u00e7as melhoram sua escrita com um treinamento motor adequado<\/span>\n                <\/div>\n<div class=\"stat-card\">\n                    <span class=\"number\">7 anos<\/span><br \/>\n                    <span class=\"label\">idade cr\u00edtica para o desenvolvimento motor fino ideal<\/span>\n                <\/div>\n<div class=\"stat-card\">\n                    <span class=\"number\">30%<\/span><br \/>\n                    <span class=\"label\">de melhoria no desempenho escolar com atividades direcionadas<\/span>\n                <\/div>\n<div class=\"stat-card\">\n                    <span class=\"number\">15 min<\/span><br \/>\n                    <span class=\"label\">de exerc\u00edcios di\u00e1rios s\u00e3o suficientes para progressos significativos<\/span>\n                <\/div>\n<\/p><\/div>\n<h2>1. Os fundamentos neurol\u00f3gicos da motricidade fina<\/h2>\n<pee>A motricidade fina baseia-se em uma rede complexa de conex\u00f5es neurol\u00f3gicas que se desenvolvem progressivamente durante a inf\u00e2ncia. Essa habilidade envolve a coordena\u00e7\u00e3o precisa entre o sistema nervoso central, os m\u00fasculos das m\u00e3os e dos dedos, bem como os sistemas sensoriais. O c\u00e9rebro processa simultaneamente as informa\u00e7\u00f5es visuais, t\u00e1teis e proprioceptivas para permitir movimentos precisos e controlados.<\/pee>\n<pee>As pesquisas em neuroci\u00eancias revelam que o desenvolvimento da motricidade fina estimula a mieliniza\u00e7\u00e3o das fibras nervosas, acelerando assim a transmiss\u00e3o dos sinais entre as diferentes regi\u00f5es cerebrais. Essa melhoria da conectividade neuronal tem repercuss\u00f5es diretas nas capacidades cognitivas, incluindo a mem\u00f3ria de trabalho, a aten\u00e7\u00e3o sustentada e as fun\u00e7\u00f5es executivas.<\/pee>\n<pee>A \u00e1rea motora prim\u00e1ria e o cerebelo desempenham pap\u00e9is cruciais na aprendizagem e na automa\u00e7\u00e3o dos gestos finos. Quando uma crian\u00e7a repete movimentos precisos, como tra\u00e7ar letras ou manipular objetos, essas estruturas cerebrais criam &#8220;mapas motores&#8221; que facilitam a execu\u00e7\u00e3o futura dessas tarefas. Essa plasticidade neuronal explica por que o treinamento precoce da motricidade fina traz benef\u00edcios duradouros para a aprendizagem.<\/pee>\n<div class=\"conseil-card\">\n<h4>\ud83d\udca1 Conselho de especialista<\/h4>\n<pee>A per\u00edodo ideal para desenvolver a motricidade fina est\u00e1 entre 3 e 8 anos, quando a plasticidade cerebral \u00e9 m\u00e1xima. Aproveite essa janela de desenvolvimento para propor atividades variadas e progressivas.<\/pee>\n            <\/div>\n<div class=\"key-points\">\n<h4>Pontos-chave do desenvolvimento neurol\u00f3gico :<\/h4>\n<ul>\n<li>A mieliniza\u00e7\u00e3o se completa por volta dos 7-8 anos para os circuitos motores finos<\/li>\n<li>Cada gesto repetido fortalece as conex\u00f5es sin\u00e1pticas<\/li>\n<li>A integra\u00e7\u00e3o sensorial melhora a precis\u00e3o gestual<\/li>\n<li>As \u00e1reas pr\u00e9-motoras planejam as sequ\u00eancias de movimentos<\/li>\n<\/ul><\/div>\n<h2>2. Impacto na aquisi\u00e7\u00e3o da escrita e da leitura<\/h2>\n<pee>A escrita representa uma das compet\u00eancias acad\u00eamicas mais diretamente relacionadas \u00e0 motricidade fina. Segurar um l\u00e1pis, controlar a press\u00e3o exercida sobre o papel e coordenar os movimentos para formar letras requerem um dom\u00ednio preciso dos m\u00fasculos intr\u00ednsecos da m\u00e3o. As crian\u00e7as que apresentam dificuldades motoras finas frequentemente t\u00eam dificuldade em automatizar a escrita, mobilizando uma aten\u00e7\u00e3o cognitiva excessiva em detrimento do conte\u00fado.<\/pee>\n<pee>A pesquisa demonstra que a qualidade da escrita \u00e0 m\u00e3o influencia diretamente a compreens\u00e3o da leitura. Quando a crian\u00e7a deve concentrar sua aten\u00e7\u00e3o na forma\u00e7\u00e3o das letras, ela disp\u00f5e de menos recursos cognitivos para processar o sentido do texto. Em contrapartida, uma escrita fluida e automatizada libera a mente para se concentrar na criatividade e na express\u00e3o das ideias.<\/pee>\n<pee>Os estudos longitudinais revelam que as crian\u00e7as que se beneficiam de um treinamento precoce da motricidade fina desenvolvem uma escrita mais leg\u00edvel e mais r\u00e1pida, o que correlaciona positivamente com seu desempenho em ortografia e composi\u00e7\u00e3o escrita. Essa rela\u00e7\u00e3o se explica pelo fortalecimento das representa\u00e7\u00f5es visuomotoras das letras na mem\u00f3ria de longo prazo.<\/pee>\n<div class=\"expert-box\">\n<div class=\"expert-box-label\">\ud83d\udc68\u200d\ud83d\udd2c Especializa\u00e7\u00e3o DYNSEO<\/div>\n<div class=\"expert-inner\">\n<h4 class=\"expert-inner-title\">A abordagem digital complementar<\/h4>\n<pee>As aplica\u00e7\u00f5es como <a href=\"https:\/\/www.dynseo.com\/pt-pt\/coco-pensa-e-coco-se-mexe\/\" target=\"_blank\">COCO PENSA e COCO SE MEXE<\/a> prop\u00f5em exerc\u00edcios de tra\u00e7ado interativos que fortalecem as compet\u00eancias grafomotoras enquanto mant\u00eam o engajamento da crian\u00e7a. Essas ferramentas tecnol\u00f3gicas complementam eficazmente o aprendizado tradicional do gesto de escrita.<\/pee>\n                <\/div>\n<\/p><\/div>\n<div class=\"tip-box\">\n<div class=\"tip-box-label\">\ud83d\udca1 Dica pr\u00e1tica<\/div>\n<pee>Alterne entre escrever no papel e atividades digitais para desenvolver uma motricidade fina completa. O importante \u00e9 manter um equil\u00edbrio entre suportes tradicionais e novas tecnologias.<\/pee>\n            <\/div>\n<h2>3. Rela\u00e7\u00e3o com as compet\u00eancias matem\u00e1ticas<\/h2>\n<pee>As matem\u00e1ticas, ao contr\u00e1rio do que se pensa, baseiam-se amplamente na motricidade fina atrav\u00e9s da manipula\u00e7\u00e3o de objetos, do tra\u00e7ado de figuras geom\u00e9tricas e da resolu\u00e7\u00e3o de problemas visuoespaciais. As crian\u00e7as que dominam bem seus gestos finos compreendem mais facilmente os conceitos de quantidade, espa\u00e7o e medida gra\u00e7as \u00e0s experi\u00eancias concretas de manipula\u00e7\u00e3o.<\/pee>\n<pee>A utiliza\u00e7\u00e3o de materiais de manipula\u00e7\u00e3o como os cubos, as r\u00e9guas ou as formas geom\u00e9tricas desenvolve simultaneamente a destreza manual e a compreens\u00e3o matem\u00e1tica. Essas atividades permitem que as crian\u00e7as interiorizem os conceitos abstratos passando pela experi\u00eancia sens\u00f3rio-motora, criando bases s\u00f3lidas para a aprendizagem futura.<\/pee>\n<pee>Pesquisas mostram que as crian\u00e7as que se beneficiam de atividades manuais estruturadas desenvolvem uma melhor representa\u00e7\u00e3o mental dos n\u00fameros e das rela\u00e7\u00f5es espaciais. Essa capacidade de visualiza\u00e7\u00e3o constitui uma vantagem significativa para a resolu\u00e7\u00e3o de problemas complexos e a geometria avan\u00e7ada.<\/pee>\n<div class=\"conseil-card\">\n<h4>\ud83c\udfaf Atividades recomendadas<\/h4>\n<pee>Proponha regularmente jogos de constru\u00e7\u00e3o, quebra-cabe\u00e7as e atividades de classifica\u00e7\u00e3o para refor\u00e7ar simultaneamente a motricidade fina e os conceitos matem\u00e1ticos fundamentais.<\/pee>\n            <\/div>\n<h2>4. Desenvolvimento da autonomia e da confian\u00e7a em si mesmo<\/h2>\n<pee>O dom\u00ednio da motricidade fina contribui significativamente para o desenvolvimento da autonomia na crian\u00e7a. Poder se vestir sozinho, usar corretamente os talheres ou realizar tarefas di\u00e1rias refor\u00e7a o sentimento de compet\u00eancia e a autoestima. Essa autonomia crescente se traduz em uma maior motiva\u00e7\u00e3o para aprender e enfrentar novos desafios acad\u00eamicos.<\/pee>\n<pee>Crian\u00e7as que t\u00eam dificuldades com seus gestos finos podem desenvolver estrat\u00e9gias de evita\u00e7\u00e3o em rela\u00e7\u00e3o \u00e0s tarefas escolares, criando um ciclo vicioso de desmotiva\u00e7\u00e3o e atraso na aprendizagem. Em contrapartida, aquelas que dominam bem seus movimentos demonstram mais perseveran\u00e7a e confian\u00e7a diante das dificuldades.<\/pee>\n<pee>O impacto psicol\u00f3gico da motricidade fina n\u00e3o deve ser subestimado. As crian\u00e7as comparam naturalmente suas produ\u00e7\u00f5es com as de seus pares, e dificuldades motoras podem gerar sentimentos de inferioridade ou frustra\u00e7\u00e3o. Portanto, \u00e9 essencial acompanhar cada crian\u00e7a de acordo com seu ritmo e valorizar seus progressos, mesmo que modestos.<\/pee>\n<div class=\"key-points\">\n<h4>Indicadores de autonomia motora fina :<\/h4>\n<ul>\n<li>Capacidade de se vestir sem ajuda por volta dos 5-6 anos<\/li>\n<li>Uso aut\u00f4nomo de tesouras e cola<\/li>\n<li>Escrita do seu nome sem modelo<\/li>\n<li>Manipula\u00e7\u00e3o precisa de objetos de tamanho reduzido<\/li>\n<li>Realiza\u00e7\u00e3o de desenhos detalhados e organizados<\/li>\n<\/ul><\/div>\n<h2>5. Atividades criativas e express\u00e3o art\u00edstica<\/h2>\n<pee>As atividades art\u00edsticas oferecem um terreno privilegiado para desenvolver a motricidade fina enquanto estimulam a criatividade e a express\u00e3o pessoal. O desenho, a pintura, a escultura e as atividades manuais solicitam diferentes grupos musculares e tipos de coordena\u00e7\u00e3o, enriquecendo o repert\u00f3rio motor da crian\u00e7a.<\/pee>\n<pee>A pr\u00e1tica art\u00edstica desenvolve particularmente a coordena\u00e7\u00e3o olho-m\u00e3o, essencial para muitos aprendizados escolares. Quando uma crian\u00e7a pinta ou desenha, ela deve coordenar suas percep\u00e7\u00f5es visuais com seus gestos, afinando gradualmente sua capacidade de traduzir suas inten\u00e7\u00f5es em a\u00e7\u00f5es precisas.<\/pee>\n<pee>As pesquisas demonstram que as crian\u00e7as que praticam regularmente atividades art\u00edsticas desenvolvem uma melhor consci\u00eancia espacial e uma maior fluidez gestual. Essas compet\u00eancias se transferem positivamente para a escrita, matem\u00e1tica e at\u00e9 ci\u00eancias, onde a representa\u00e7\u00e3o gr\u00e1fica desempenha um papel importante.<\/pee>\n<div class=\"expert-box\">\n<div class=\"expert-box-label\">\ud83c\udfa8 Expertise criativa<\/div>\n<div class=\"expert-inner\">\n<h4 class=\"expert-inner-title\">Progress\u00e3o art\u00edstica e motora<\/h4>\n<pee>Comece com atividades de rabisco livre, progrida para a colora\u00e7\u00e3o em formas simples, e depois introduza o recorte e a colagem. Essa progress\u00e3o respeita o desenvolvimento natural da motricidade fina.<\/pee>\n                <\/div>\n<\/p><\/div>\n<div class=\"tip-box\">\n<div class=\"tip-box-label\">\ud83d\udd8c\ufe0f Material recomendado<\/div>\n<pee>Varie os instrumentos: l\u00e1pis gordos, canetinhas, pinc\u00e9is de diferentes tamanhos, past\u00e9is. Cada ferramenta solicita a motricidade fina de maneira diferente e enriquece a experi\u00eancia sensorial da crian\u00e7a.<\/pee>\n            <\/div>\n<h2>6. Identifica\u00e7\u00e3o e acompanhamento dos dist\u00farbios motores<\/h2>\n<pee>Algumas crian\u00e7as apresentam dist\u00farbios do desenvolvimento da coordena\u00e7\u00e3o (dispraxia) que afetam significativamente sua motricidade fina. Essas dificuldades podem se manifestar por uma escrita trabalhosa, dificuldades em manipular ferramentas escolares ou problemas de organiza\u00e7\u00e3o espacial nos cadernos.<\/pee>\n<pee>A identifica\u00e7\u00e3o precoce desses dist\u00farbios \u00e9 crucial para implementar adapta\u00e7\u00f5es pedag\u00f3gicas apropriadas. Os sinais de alerta incluem fadiga excessiva ao escrever, evas\u00e3o de atividades manuais, lentid\u00e3o acentuada na execu\u00e7\u00e3o de gestos finos ou uma variabilidade importante na qualidade das produ\u00e7\u00f5es.<\/pee>\n<pee>O acompanhamento dessas crian\u00e7as requer uma abordagem multidisciplinar envolvendo professores, pais, terapeutas ocupacionais e, \u00e0s vezes, psicomotricistas. Ajustes simples, como o uso de ferramentas ergon\u00f4micas, a redu\u00e7\u00e3o da quantidade de escrita ou a autoriza\u00e7\u00e3o para usar um computador, podem melhorar consideravelmente o cotidiano escolar desses alunos.<\/pee>\n<div class=\"conseil-card\">\n<h4>\ud83d\udd0d Sinais de alerta<\/h4>\n<pee>Estejam atentos \u00e0 fadiga excessiva, \u00e0s dificuldades persistentes com as tesouras, ao evitamento de atividades manuais ou aos problemas de segurar o l\u00e1pis apesar de um aprendizado adequado.<\/pee>\n            <\/div>\n<h2>7. Estrat\u00e9gias pedag\u00f3gicas inovadoras<\/h2>\n<pee>A integra\u00e7\u00e3o eficaz do desenvolvimento motor fino nos aprendizados escolares requer estrat\u00e9gias pedag\u00f3gicas criativas e adaptadas. Os professores podem transformar as li\u00e7\u00f5es tradicionais em atividades multimodais que envolvem simultaneamente a motricidade e a cogni\u00e7\u00e3o, criando experi\u00eancias de aprendizado mais ricas e memor\u00e1veis.<\/pee>\n<pee>A gamifica\u00e7\u00e3o dos exerc\u00edcios motores representa uma abordagem particularmente eficaz para manter a motiva\u00e7\u00e3o dos alunos. Ao transformar os exerc\u00edcios de escrita em jogos, criar desafios de constru\u00e7\u00e3o ou organizar oficinas art\u00edsticas tem\u00e1ticas, os professores podem desenvolver as habilidades motoras em um contexto l\u00fadico e envolvente.<\/pee>\n<pee>O aprendizado cooperativo tamb\u00e9m oferece oportunidades \u00fanicas para desenvolver a motricidade fina. Projetos em grupo que envolvem manipula\u00e7\u00f5es, constru\u00e7\u00f5es ou cria\u00e7\u00f5es art\u00edsticas permitem que as crian\u00e7as aprendam umas com as outras enquanto aperfei\u00e7oam seus movimentos finos em um contexto social motivador.<\/pee>\n<div class=\"key-points\">\n<h4>T\u00e9cnicas pedag\u00f3gicas eficazes:<\/h4>\n<ul>\n<li>Integra\u00e7\u00e3o de atividades manuais em todas as mat\u00e9rias<\/li>\n<li>Utiliza\u00e7\u00e3o de suportes variados (areia, massa, quadros verticais)<\/li>\n<li>Altern\u00e2ncia entre atividades finas e globais<\/li>\n<li>Avalia\u00e7\u00e3o formativa dos progressos motores<\/li>\n<li>Adapta\u00e7\u00e3o do material \u00e0s necessidades individuais<\/li>\n<\/ul><\/div>\n<h2>8. O papel crucial dos pais no desenvolvimento<\/h2>\n<pee>Os pais desempenham um papel fundamental no desenvolvimento da motricidade fina de seu filho, muito antes da entrada na escola. As atividades di\u00e1rias oferecem in\u00fameras oportunidades de treinamento natural: preparar a comida, jardinagem, bricolagem ou simplesmente brincar com objetos de diferentes tamanhos e texturas.<\/pee>\n<pee>A atitude dos pais em rela\u00e7\u00e3o \u00e0s dificuldades motoras influencia consideravelmente a motiva\u00e7\u00e3o da crian\u00e7a. Incentivar as tentativas em vez de se concentrar nos resultados, valorizar os progressos mesmo que m\u00ednimos e manter uma atmosfera positiva durante as atividades manuais contribuem para o desenvolvimento de uma rela\u00e7\u00e3o saud\u00e1vel com o aprendizado.<\/pee>\n<pee>A colabora\u00e7\u00e3o entre pais e professores \u00e9 essencial para garantir uma continuidade no desenvolvimento motor. Compartilhar observa\u00e7\u00f5es, coordenar os exerc\u00edcios e manter uma coer\u00eancia nas abordagens pedag\u00f3gicas maximizam os benef\u00edcios para a crian\u00e7a.<\/pee>\n<div class=\"expert-box\">\n<div class=\"expert-box-label\">\ud83d\udc68\u200d\ud83d\udc69\u200d\ud83d\udc67\u200d\ud83d\udc66 Guia parental<\/div>\n<div class=\"expert-inner\">\n<h4 class=\"expert-inner-title\">Atividades familiares enriquecedoras<\/h4>\n<pee>Transforme as tarefas dom\u00e9sticas em oportunidades de aprendizado: dobrar roupas, preparar refei\u00e7\u00f5es, jardinagem. Essas atividades naturais desenvolvem a motricidade fina em um contexto significativo e motivador para a crian\u00e7a.<\/pee>\n                <\/div>\n<\/p><\/div>\n<h2>9. Tecnologias educacionais e motricidade fina<\/h2>\n<pee>A evolu\u00e7\u00e3o tecnol\u00f3gica oferece novas possibilidades para desenvolver a motricidade fina de maneira inovadora e envolvente. Os tablets, por exemplo, permitem exerc\u00edcios de tra\u00e7ado interativos que fornecem feedback imediato e adaptativo, particularmente ben\u00e9fico para crian\u00e7as com dificuldades de aprendizado.<\/pee>\n<pee>No entanto, o uso da tecnologia deve permanecer complementar \u00e0s atividades tradicionais de manipula\u00e7\u00e3o de objetos reais. As telas sens\u00edveis ao toque solicitam a motricidade fina de maneira diferente do papel e do l\u00e1pis, e n\u00e3o podem substituir completamente a experi\u00eancia sensorial rica oferecida pelos materiais tradicionais.<\/pee>\n<pee>Os aplicativos educacionais como <a href=\"https:\/\/www.dynseo.com\/pt-pt\/coco-pensa-e-coco-se-mexe\/\" target=\"_blank\">COCO PENSA e COCO SE MEXE<\/a> integram inteligentemente o desenvolvimento motor em atividades cognitivas variadas. O princ\u00edpio das pausas esportivas obrigat\u00f3rias a cada 15 minutos favorece um desenvolvimento equilibrado entre motricidade fina e global, evitando a sobrecarga cognitiva e mantendo o engajamento da crian\u00e7a.<\/pee>\n<div class=\"tip-box\">\n<div class=\"tip-box-label\">\ud83d\udcf1 Uso equilibrado<\/div>\n<pee>Limite o tempo de tela a 30-45 minutos por dia para atividades educacionais, alternando com manipula\u00e7\u00f5es de objetos reais. Essa abordagem h\u00edbrida otimiza os benef\u00edcios de cada suporte.<\/pee>\n            <\/div>\n<h2>10. Avalia\u00e7\u00e3o e acompanhamento dos progressos<\/h2>\n<pee>A avalia\u00e7\u00e3o das habilidades motoras finas requer uma abordagem multidimensional que leve em conta a precis\u00e3o, fluidez, velocidade e resist\u00eancia. As grades de observa\u00e7\u00e3o padronizadas permitem que os professores e os pais acompanhem objetivamente os progressos e identifiquem as \u00e1reas que necessitam de apoio especial.<\/pee>\n<pee>Os portf\u00f3lios de trabalhos constituem uma ferramenta de avalia\u00e7\u00e3o particularmente rica, permitindo documentar a evolu\u00e7\u00e3o das produ\u00e7\u00f5es da crian\u00e7a ao longo do tempo. Comparar os desenhos, as escritas e as realiza\u00e7\u00f5es manuais ao longo de v\u00e1rios meses revela progressos muitas vezes impercept\u00edveis no dia a dia, mas significativos a longo prazo.<\/pee>\n<pee>A autoavalia\u00e7\u00e3o tamb\u00e9m pode ser introduzida gradualmente, permitindo que as crian\u00e7as desenvolvam uma consci\u00eancia metacognitiva de suas habilidades motoras. Essa reflex\u00e3o sobre suas pr\u00f3prias capacidades favorece a autorregula\u00e7\u00e3o e a motiva\u00e7\u00e3o intr\u00ednseca para progredir.<\/pee>\n<div class=\"conseil-card\">\n<h4>\ud83d\udcca Ferramentas de avalia\u00e7\u00e3o recomendadas<\/h4>\n<pee>Utilize grades simples com crit\u00e9rios visuais (smileys, cores) para que a crian\u00e7a possa participar da avalia\u00e7\u00e3o de seus progressos e desenvolver sua capacidade de auto-observa\u00e7\u00e3o.<\/pee>\n            <\/div>\n<h2>11. Preven\u00e7\u00e3o e interven\u00e7\u00e3o precoce<\/h2>\n<pee>A preven\u00e7\u00e3o das dificuldades motoras finas come\u00e7a na primeira inf\u00e2ncia com a proposta de atividades variadas e adaptadas ao desenvolvimento da crian\u00e7a. Os profissionais da primeira inf\u00e2ncia desempenham um papel crucial na detec\u00e7\u00e3o precoce de atrasos no desenvolvimento e na orienta\u00e7\u00e3o para atendimentos especializados, se necess\u00e1rio.<\/pee>\n<pee>Os programas de interven\u00e7\u00e3o precoce mostram uma efic\u00e1cia not\u00e1vel quando implementados antes dos 6 anos. Essas interven\u00e7\u00f5es, muitas vezes l\u00fadicas e integradas nas atividades di\u00e1rias, podem melhorar consideravelmente o progn\u00f3stico de desenvolvimento da crian\u00e7a e prevenir a instala\u00e7\u00e3o de dificuldades de aprendizagem secund\u00e1rias.<\/pee>\n<pee>A forma\u00e7\u00e3o dos profissionais da educa\u00e7\u00e3o na observa\u00e7\u00e3o e estimula\u00e7\u00e3o da motricidade fina representa um desafio importante de sa\u00fade p\u00fablica. Professores melhor treinados podem identificar mais precocemente as dificuldades e adaptar sua pedagogia para apoiar efetivamente cada crian\u00e7a.<\/pee>\n<div class=\"expert-box\">\n<div class=\"expert-box-label\">\ud83d\udd2c Pesquisa cient\u00edfica<\/div>\n<div class=\"expert-inner\">\n<h4 class=\"expert-inner-title\">Janelas cr\u00edticas de desenvolvimento<\/h4>\n<pee>As neuroci\u00eancias identificam per\u00edodos sens\u00edveis em que o c\u00e9rebro \u00e9 particularmente receptivo \u00e0s estimula\u00e7\u00f5es motoras. Otimizar essas janelas de desenvolvimento maximiza a efic\u00e1cia das interven\u00e7\u00f5es pedag\u00f3gicas e terap\u00eauticas.<\/pee>\n                <\/div>\n<\/p><\/div>\n<h2>12. Perspectivas futuras e inova\u00e7\u00f5es<\/h2>\n<pee>O futuro do desenvolvimento da motricidade fina se orienta para abordagens cada vez mais personalizadas e tecnologicamente assistidas. A intelig\u00eancia artificial em breve permitir\u00e1 adaptar em tempo real os exerc\u00edcios ao n\u00edvel e \u00e0s necessidades espec\u00edficas de cada crian\u00e7a, otimizando a efic\u00e1cia dos treinamentos.<\/pee>\n<pee>A realidade aumentada abre perspectivas fascinantes para a aprendizagem motora, permitindo sobrepor guias visuais aos gestos reais da crian\u00e7a. Essas tecnologias imersivas poderiam revolucionar o ensino da escrita e das atividades manuais complexas.<\/pee>\n<pee>A pesquisa continua a revelar novos v\u00ednculos entre motricidade fina e desenvolvimento cognitivo, abrindo caminhos para interven\u00e7\u00f5es inovadoras. A crescente integra\u00e7\u00e3o das neuroci\u00eancias nas pr\u00e1ticas educativas promete abordagens pedag\u00f3gicas cada vez mais eficazes e respeitosas do desenvolvimento natural da crian\u00e7a.<\/pee>\n<div class=\"tip-box\">\n<div class=\"tip-box-label\">\ud83d\ude80 Inova\u00e7\u00e3o DYNSEO<\/div>\n<pee>As futuras vers\u00f5es de <a href=\"https:\/\/www.dynseo.com\/pt-pt\/coco-pensa-e-coco-se-mexe\/\" target=\"_blank\">COCO PENSA e COCO SE MEXE<\/a> integrar\u00e3o sensores de movimento para analisar precisamente os gestos da crian\u00e7a e propor exerc\u00edcios personalizados em tempo real.<\/pee>\n            <\/div>\n<div class=\"faq-list\">\n<h3>Perguntas frequentes<\/h3>\n<div class=\"faq-item\">\n<div class=\"faq-q\">\n                        <span>Com que idade deve-se come\u00e7ar a estimular a motricidade fina?<\/span><br \/>\n                        <span class=\"faq-icon\">+<\/span>\n                    <\/div>\n<div class=\"faq-a\">\n                        <pee>A estimula\u00e7\u00e3o da motricidade fina pode come\u00e7ar j\u00e1 nos primeiros meses de vida com atividades adaptadas, como a manipula\u00e7\u00e3o de objetos de diferentes texturas. Por volta dos 2-3 anos, atividades mais estruturadas podem ser propostas. O per\u00edodo \u00f3timo para um desenvolvimento intensivo ocorre entre 3 e 8 anos, durante o qual a plasticidade cerebral \u00e9 m\u00e1xima.<\/pee>\n                    <\/div>\n<\/p><\/div>\n<div class=\"faq-item\">\n<div class=\"faq-q\">\n                        <span>Como reconhecer um dist\u00farbio da motricidade fina em uma crian\u00e7a?<\/span><br \/>\n                        <span class=\"faq-icon\">+<\/span>\n                    <\/div>\n<div class=\"faq-a\">\n                        <pee>Os sinais de alerta incluem: dificuldades persistentes em segurar um l\u00e1pis apesar do aprendizado, escrita muito trabalhosa e ileg\u00edvel, evita\u00e7\u00e3o de atividades manuais, fadiga excessiva durante tarefas finas, dificuldades em usar tesouras ou manipular pequenos objetos. Se essas dificuldades persistirem al\u00e9m dos 6 anos, uma avalia\u00e7\u00e3o profissional \u00e9 recomendada.<\/pee>\n                    <\/div>\n<\/p><\/div>\n<div class=\"faq-item\">\n<div class=\"faq-q\">\n                        <span>As telas podem ajudar ou prejudicar o desenvolvimento da motricidade fina?<\/span><br \/>\n                        <span class=\"faq-icon\">+<\/span>\n                    <\/div>\n<div class=\"faq-a\">\n                        <pee>As telas sens\u00edveis ao toque podem contribuir para o desenvolvimento de certos aspectos da motricidade fina, especialmente a coordena\u00e7\u00e3o olho-dedo. No entanto, elas n\u00e3o substituem a manipula\u00e7\u00e3o de objetos reais, que oferece uma experi\u00eancia sensorial mais rica. O ideal \u00e9 usar ferramentas digitais em complemento \u00e0s atividades tradicionais, com pausas regulares, como prop\u00f5e COCO PENSA e COCO SE MEXE.<\/pee>\n                    <\/div>\n<\/p><\/div>\n<div class=\"faq-item\">\n<div class=\"faq-q\">\n                        <span>Quanto tempo por dia deve-se dedicar \u00e0s atividades de motricidade fina?<\/span><br \/>\n                        <span class=\"faq-icon\">+<\/span>\n                    <\/div>\n<div class=\"faq-a\">\n                        <pee>Para um desenvolvimento ideal, 15 a 30 minutos de atividades direcionadas por dia s\u00e3o suficientes, distribu\u00eddas em v\u00e1rias sess\u00f5es curtas. O importante \u00e9 a regularidade, em vez da dura\u00e7\u00e3o. As atividades podem ser integradas naturalmente na rotina di\u00e1ria: vestir-se, refei\u00e7\u00f5es, jogos, li\u00e7\u00f5es de casa.<\/pee>\n                    <\/div>\n<\/p><\/div>\n<div class=\"faq-item\">\n<div class=\"faq-q\">\n                        <span>Quais materiais s\u00e3o mais eficazes para desenvolver a motricidade fina?<\/span><br \/>\n                        <span class=\"faq-icon\">+<\/span>\n                    <\/div>\n<div class=\"faq-a\">\n                        <pee>Os materiais mais eficazes s\u00e3o aqueles que oferecem uma variedade de texturas e resist\u00eancias: massa de modelar, contas de diferentes tamanhos, quebra-cabe\u00e7as, tesouras adequadas, pinc\u00e9is variados, constru\u00e7\u00e3o tipo Lego, objetos para rosquear\/desrosquear. A diversidade dos suportes estimula diferentes aspectos da motricidade fina e mant\u00e9m o interesse da crian\u00e7a.<\/pee>\n                    <\/div>\n<\/p><\/div>\n<\/p><\/div>\n<div class=\"cta-box\">\n<h3>Desenvolva a motricidade fina do seu filho com COCO<\/h3>\n<pee>Descubra uma abordagem inovadora que combina estimula\u00e7\u00e3o cognitiva e motora com pausas esportivas obrigat\u00f3rias a cada 15 minutos. COCO PENSA e COCO SE MEXE acompanha o desenvolvimento harmonioso do seu filho.<\/pee>\n<div class=\"cta-buttons\">\n                    <a href=\"https:\/\/www.dynseo.com\/pt-pt\/coco-pensa-e-coco-se-mexe\/\" class=\"btn-white\">Experimentar COCO gratuitamente<\/a><br \/>\n                    <a href=\"https:\/\/www.dynseo.com\/pt-pt\/coco-pensa-e-coco-se-mexe\/\" class=\"btn-outline\">Saiba mais<\/a>\n                <\/div>\n<\/p><\/div>\n<div class=\"article-tags\">\n<h4>Palavras-chave :<\/h4>\n<p>                <a href=\"#\" class=\"article-tag\">Motricidade fina<\/a><br \/>\n                <a href=\"#\" class=\"article-tag\">Desenvolvimento cognitivo<\/a><br \/>\n                <a href=\"#\" class=\"article-tag\">Aprendizagem escolar<\/a><br \/>\n                <a href=\"#\" class=\"article-tag\">Escrita infantil<\/a><br \/>\n                <a href=\"#\" class=\"article-tag\">Atividades manuais<\/a><br \/>\n                <a href=\"#\" class=\"article-tag\">Coordena\u00e7\u00e3o olho-m\u00e3o<\/a><br \/>\n                <a href=\"#\" class=\"article-tag\">Dispraxia<\/a><br \/>\n                <a href=\"#\" class=\"article-tag\">Pedagogia inovadora<\/a><br \/>\n                <a href=\"#\" class=\"article-tag\">Tecnologias educacionais<\/a><br \/>\n                <a href=\"#\" class=\"article-tag\">COCO<\/a>\n            <\/div>\n<\/p><\/div>\n<\/p><\/div>\n<p>[\/et_pb_code][\/et_pb_column][\/et_pb_row][\/et_pb_section]<\/p>\n","protected":false},"excerpt":{"rendered":"","protected":false},"author":4,"featured_media":142596,"comment_status":"closed","ping_status":"closed","sticky":false,"template":"","format":"standard","meta":{"_et_pb_use_builder":"on","_et_pb_old_content":"[et_pb_section fb_built=\"1\" _builder_version=\"4.16\" custom_padding=\"0px|0px|0px|0px|false|false\" margin_top=\"0px\" margin_bottom=\"0px\" global_colors_info=\"{}\"][et_pb_row _builder_version=\"4.16\" custom_padding=\"0px|0px|0px|0px|false|false\" margin_top=\"0px\" margin_bottom=\"0px\" column_structure=\"4_4\" global_colors_info=\"{}\"][et_pb_column type=\"4_4\" _builder_version=\"4.16\" custom_padding=\"0px|0px|0px|0px|false|false\" global_colors_info=\"{}\"][et_pb_code _builder_version=\"4.16\" custom_padding=\"0px|0px|0px|0px|false|false\" global_colors_info=\"{}\"]<style>\n        :root {\n            --primary: #5e5ed7;\n            --primary-dark: #5268c9;\n            --teal: #a9e2e4;\n            --yellow: #ffeca7;\n            --pink: #e73469;\n            --grey-light: #f5f5f5;\n            --grey-dark: #333;\n            --white: #ffffff;\n        }\n\n        * {\n            margin: 0;\n            padding: 0;\n            box-sizing: border-box;\n        }\n\n        body {\n            font-family: 'Poppins', sans-serif;\n            line-height: 1.6;\n            color: var(--grey-dark);\n            background: #fafafa;\n        }\n\n        h1, h2, h3, h4, h5, h6 {\n            font-family: 'Montserrat', sans-serif;\n            font-weight: 600;\n            margin-bottom: 1rem;\n        }\n\n        .article-hero {\n            background: linear-gradient(135deg, var(--primary) 0%, var(--primary-dark) 100%);\n            color: white;\n            padding: 2rem 0 4rem;\n            position: relative;\n            overflow: hidden;\n        }\n\n        .article-hero::before {\n            content: '';\n            position: absolute;\n            top: 0;\n            left: 0;\n            right: 0;\n            bottom: 0;\n            background: url('data:image\/svg+xml,<svg xmlns=\"http:\/\/www.w3.org\/2000\/svg\" viewBox=\"0 0 100 100\"><circle cx=\"20\" cy=\"20\" r=\"2\" fill=\"rgba(255,255,255,0.1)\"\/><circle cx=\"80\" cy=\"40\" r=\"1.5\" fill=\"rgba(255,255,255,0.1)\"\/><circle cx=\"40\" cy=\"80\" r=\"1\" fill=\"rgba(255,255,255,0.1)\"\/><\/svg>');\n        }\n\n        .article-hero-inner {\n            max-width: 1200px;\n            margin: 0 auto;\n            padding: 0 2rem;\n            position: relative;\n            z-index: 2;\n        }\n\n        .article-breadcrumb {\n            font-size: 0.9rem;\n            margin-bottom: 1rem;\n            opacity: 0.9;\n        }\n\n        .article-breadcrumb a {\n            color: white;\n            text-decoration: none;\n        }\n\n        .article-category {\n            display: inline-block;\n            background: var(--teal);\n            color: var(--grey-dark);\n            padding: 0.5rem 1rem;\n            border-radius: 25px;\n            font-size: 0.85rem;\n            font-weight: 500;\n            margin-bottom: 1rem;\n        }\n\n        .article-hero h1 {\n            font-size: 2.5rem;\n            font-weight: 700;\n            margin-bottom: 1.5rem;\n            line-height: 1.2;\n        }\n\n        .hl {\n            background: var(--yellow);\n            color: var(--grey-dark);\n            padding: 0 0.5rem;\n            border-radius: 4px;\n        }\n\n        .article-meta {\n            display: flex;\n            align-items: center;\n            gap: 2rem;\n            margin-bottom: 2rem;\n            font-size: 0.9rem;\n        }\n\n        .article-meta .stars {\n            color: var(--yellow);\n            font-size: 1.1rem;\n        }\n\n        .article-hero-curve {\n            position: absolute;\n            bottom: -1px;\n            left: 0;\n            width: 100%;\n            height: 50px;\n            background: #fafafa;\n            border-radius: 50% 50% 0 0 \/ 100% 100% 0 0;\n        }\n\n        .article-body {\n            padding: 3rem 0;\n        }\n\n        .container {\n            max-width: 1000px;\n            margin: 0 auto;\n            padding: 0 2rem;\n        }\n\n        .intro-block {\n            background: white;\n            padding: 2rem;\n            border-radius: 15px;\n            box-shadow: 0 5px 20px rgba(0,0,0,0.1);\n            margin-bottom: 3rem;\n            border-left: 4px solid var(--primary);\n        }\n\n        .stats-grid {\n            display: grid;\n            grid-template-columns: repeat(auto-fit, minmax(200px, 1fr));\n            gap: 1.5rem;\n            margin-bottom: 3rem;\n        }\n\n        .stat-card {\n            background: white;\n            padding: 1.5rem;\n            border-radius: 15px;\n            text-align: center;\n            box-shadow: 0 5px 15px rgba(0,0,0,0.1);\n            border-top: 3px solid var(--primary);\n        }\n\n        .stat-card .number {\n            font-size: 2.5rem;\n            font-weight: 700;\n            color: var(--primary);\n            display: block;\n            margin-bottom: 0.5rem;\n        }\n\n        .stat-card .label {\n            font-size: 0.9rem;\n            color: var(--grey-dark);\n            font-weight: 500;\n        }\n\n        .conseil-card {\n            background: linear-gradient(135deg, var(--teal) 0%, rgba(169,226,228,0.7) 100%);\n            padding: 1.5rem;\n            border-radius: 15px;\n            margin: 1.5rem 0;\n            border-left: 4px solid var(--primary-dark);\n        }\n\n        .key-points {\n            background: white;\n            padding: 1.5rem;\n            border-radius: 10px;\n            margin: 1.5rem 0;\n            box-shadow: 0 3px 10px rgba(0,0,0,0.1);\n        }\n\n        .key-points ul {\n            list-style: none;\n            padding-left: 0;\n        }\n\n        .key-points li {\n            position: relative;\n            padding-left: 1.5rem;\n            margin-bottom: 0.5rem;\n        }\n\n        .key-points li::before {\n            content: '\u2713';\n            position: absolute;\n            left: 0;\n            color: var(--primary);\n            font-weight: bold;\n        }\n\n        .tip-box {\n            background: var(--yellow);\n            padding: 1.5rem;\n            border-radius: 10px;\n            margin: 1.5rem 0;\n            position: relative;\n        }\n\n        .tip-box-label {\n            background: var(--primary);\n            color: white;\n            padding: 0.3rem 0.8rem;\n            border-radius: 15px;\n            font-size: 0.8rem;\n            font-weight: 600;\n            position: absolute;\n            top: -10px;\n            left: 1rem;\n        }\n\n        .expert-box {\n            background: white;\n            border: 2px solid var(--primary);\n            border-radius: 15px;\n            margin: 2rem 0;\n            overflow: hidden;\n        }\n\n        .expert-box-label {\n            background: var(--primary);\n            color: white;\n            padding: 0.5rem 1rem;\n            font-weight: 600;\n            font-size: 0.9rem;\n        }\n\n        .expert-inner {\n            padding: 1.5rem;\n        }\n\n        .expert-inner-title {\n            color: var(--primary);\n            font-size: 1.1rem;\n            margin-bottom: 1rem;\n        }\n\n        .faq-list {\n            background: white;\n            border-radius: 15px;\n            padding: 2rem;\n            box-shadow: 0 5px 20px rgba(0,0,0,0.1);\n            margin: 2rem 0;\n        }\n\n        .faq-item {\n            border-bottom: 1px solid #eee;\n            margin-bottom: 1rem;\n        }\n\n        .faq-item:last-child {\n            border-bottom: none;\n        }\n\n        .faq-q {\n            display: flex;\n            justify-content: space-between;\n            align-items: center;\n            padding: 1rem 0;\n            cursor: pointer;\n            font-weight: 600;\n            color: var(--primary);\n        }\n\n        .faq-icon {\n            background: var(--primary);\n            color: white;\n            width: 25px;\n            height: 25px;\n            border-radius: 50%;\n            display: flex;\n            align-items: center;\n            justify-content: center;\n            font-size: 1.2rem;\n            transition: transform 0.3s ease;\n        }\n\n        .faq-item.open .faq-icon {\n            transform: rotate(45deg);\n        }\n\n        .faq-a {\n            padding-bottom: 1rem;\n            display: none;\n            color: var(--grey-dark);\n        }\n\n        .faq-item.open .faq-a {\n            display: block;\n        }\n\n        .cta-box {\n            background: linear-gradient(135deg, var(--primary) 0%, var(--primary-dark) 100%);\n            color: white;\n            padding: 2rem;\n            border-radius: 15px;\n            text-align: center;\n            margin: 3rem 0;\n        }\n\n        .cta-buttons {\n            margin-top: 1.5rem;\n            display: flex;\n            gap: 1rem;\n            justify-content: center;\n            flex-wrap: wrap;\n        }\n\n        .btn-white {\n            background: white;\n            color: var(--primary);\n            padding: 0.8rem 1.5rem;\n            border-radius: 25px;\n            text-decoration: none;\n            font-weight: 600;\n            transition: all 0.3s ease;\n        }\n\n        .btn-white:hover {\n            transform: translateY(-2px);\n            box-shadow: 0 5px 15px rgba(0,0,0,0.2);\n        }\n\n        .btn-outline {\n            background: transparent;\n            color: white;\n            border: 2px solid white;\n            padding: 0.8rem 1.5rem;\n            border-radius: 25px;\n            text-decoration: none;\n            font-weight: 600;\n            transition: all 0.3s ease;\n        }\n\n        .btn-outline:hover {\n            background: white;\n            color: var(--primary);\n        }\n\n        .article-tags {\n            margin-top: 3rem;\n            padding-top: 2rem;\n            border-top: 1px solid #eee;\n        }\n\n        .article-tag {\n            display: inline-block;\n            background: var(--grey-light);\n            color: var(--grey-dark);\n            padding: 0.5rem 1rem;\n            border-radius: 20px;\n            font-size: 0.85rem;\n            margin: 0.25rem;\n            text-decoration: none;\n            transition: all 0.3s ease;\n        }\n\n        .article-tag:hover {\n            background: var(--primary);\n            color: white;\n        }\n\n        @media (max-width: 768px) {\n            .article-hero h1 {\n                font-size: 2rem;\n            }\n            \n            .article-meta {\n                flex-direction: column;\n                gap: 1rem;\n                align-items: flex-start;\n            }\n            \n            .stats-grid {\n                grid-template-columns: 1fr;\n            }\n            \n            .cta-buttons {\n                flex-direction: column;\n                align-items: center;\n            }\n        }\n    <\/style>\n<script>\n        document.querySelectorAll('.faq-q').forEach(function(button) {\n            button.addEventListener('click', function() {\n                button.closest('.faq-item').classList.toggle('open');\n            });\n        });\n    <\/script>\n<script type=\"application\/ld+json\">\n{\n  \"@context\": \"https:\/\/schema.org\",\n  \"@graph\": [\n    {\n      \"@type\": \"Article\",\n      \"headline\": \"Le lien entre la motricit\u00e9 fine et l'apprentissage \u00e0 l'\u00e9cole\",\n      \"description\": \"\ud83d\udcc5 Avril 2026 \u23f1\ufe0f 15 min de lecture \ud83d\udc65 Parents & Enseignants \u2b50\u2b50\u2b50\u2b50\u2b50 4.8\/5\",\n      \"url\": \"https:\/\/www.dynseo.com\/le-lien-entre-la-motricite-fine-et-lapprentissage-a-lecole\/\",\n      \"datePublished\": \"2026-04-07\",\n      \"author\": {\n        \"@type\": \"Organization\",\n        \"name\": \"DYNSEO\",\n        \"url\": \"https:\/\/www.dynseo.com\"\n      },\n      \"publisher\": {\n        \"@type\": \"Organization\",\n        \"name\": \"DYNSEO\",\n        \"url\": \"https:\/\/www.dynseo.com\"\n      },\n      \"aggregateRating\": {\n        \"@type\": \"AggregateRating\",\n        \"ratingValue\": \"4.8\",\n        \"bestRating\": \"5\",\n        \"ratingCount\": \"47\"\n      }\n    },\n    {\n      \"@type\": \"WebPage\",\n      \"url\": \"https:\/\/www.dynseo.com\/le-lien-entre-la-motricite-fine-et-lapprentissage-a-lecole\/\",\n      \"name\": \"Le lien entre la motricit\u00e9 fine et l'apprentissage \u00e0 l'\u00e9cole\",\n      \"description\": \"\ud83d\udcc5 Avril 2026 \u23f1\ufe0f 15 min de lecture \ud83d\udc65 Parents & Enseignants \u2b50\u2b50\u2b50\u2b50\u2b50 4.8\/5\",\n      \"breadcrumb\": {\n        \"@type\": \"BreadcrumbList\",\n        \"itemListElement\": [\n          {\n            \"@type\": \"ListItem\",\n            \"position\": 1,\n            \"name\": \"Accueil\",\n            \"item\": \"https:\/\/www.dynseo.com\"\n          },\n          {\n            \"@type\": \"ListItem\",\n            \"position\": 2,\n            \"name\": \"Blog\",\n            \"item\": \"https:\/\/www.dynseo.com\/blog\/\"\n          },\n          {\n            \"@type\": \"ListItem\",\n            \"position\": 3,\n            \"name\": \"Le lien entre la motricit\u00e9 fine et l'apprentissage \u00e0 l'\u00e9cole\",\n            \"item\": \"https:\/\/www.dynseo.com\/le-lien-entre-la-motricite-fine-et-lapprentissage-a-lecole\/\"\n          }\n        ]\n      }\n    },\n    {\n      \"@type\": \"FAQPage\",\n      \"mainEntity\": [\n        {\n          \"@type\": \"Question\",\n          \"name\": \"\u00c0 quel \u00e2ge faut-il commencer \u00e0 stimuler la motricit\u00e9 fine ?\"\n        },\n        {\n          \"@type\": \"Question\",\n          \"name\": \"Comment reconna\u00eetre un trouble de la motricit\u00e9 fine chez un enfant ?\"\n        },\n        {\n          \"@type\": \"Question\",\n          \"name\": \"Les \u00e9crans peuvent-ils aider ou nuire au d\u00e9veloppement de la motricit\u00e9 fine ?\"\n        }\n      ]\n    }\n  ]\n}\n<\/script>\n<link rel=\"preconnect\" href=\"https:\/\/fonts.googleapis.com\">\n\n<section class=\"article-hero\">\n        <div class=\"article-hero-inner\">\n            <nav class=\"article-breadcrumb\">\n                <a href=\"\/\">In\u00edcio<\/a> > <a href=\"\/blog\/\">Blog<\/a> > Motricidade fina e aprendizagem\n            <\/nav>\n            \n            <span class=\"article-category\">Desenvolvimento Cognitivo<\/span>\n            \n            <h1>A liga\u00e7\u00e3o entre a <span class=\"hl\">motricidade fina<\/span> e a aprendizagem na escola<\/h1>\n            \n            <div class=\"article-meta\">\n                <span>\ud83d\udcc5 Abril 2026<\/span>\n                <span>\u23f1\ufe0f 15 min de leitura<\/span>\n                <span>\ud83d\udc65 Pais & Professores<\/span>\n                <span class=\"stars\">\u2b50\u2b50\u2b50\u2b50\u2b50 4.8\/5<\/span>\n            <\/div>\n        <\/div>\n        <div class=\"article-hero-curve\"><\/div>\n    <\/section>\n\n    <div class=\"article-body\">\n        <div class=\"container\">\n            <div class=\"intro-block\">\n                <p>As compet\u00eancias motoras finas s\u00e3o muito mais do que uma simples habilidade manual: elas constituem um verdadeiro pilar do desenvolvimento cognitivo e do sucesso escolar. Essas compet\u00eancias, que envolvem a coordena\u00e7\u00e3o precisa dos pequenos m\u00fasculos das m\u00e3os e dos dedos, desempenham um papel fundamental na aprendizagem acad\u00eamica, da escrita \u00e0 matem\u00e1tica passando pelas atividades art\u00edsticas. A pesquisa moderna revela liga\u00e7\u00f5es fascinantes entre a destreza manual e o desempenho intelectual, ressaltando a import\u00e2ncia de um desenvolvimento harmonioso dessas capacidades desde a mais tenra idade. Compreender essa rela\u00e7\u00e3o permite que pais e professores otimizem o ambiente de aprendizagem e promovam o desenvolvimento global de cada crian\u00e7a. Essa abordagem hol\u00edstica do desenvolvimento reconhece que o corpo e a mente trabalham em conjunto para construir as bases da aprendizagem.<\/p>\n            <\/div>\n\n            <div class=\"stats-grid\">\n                <div class=\"stat-card\">\n                    <span class=\"number\">85%<\/span>\n                    <span class=\"label\">das crian\u00e7as melhoram sua escrita com um treinamento motor adequado<\/span>\n                <\/div>\n                <div class=\"stat-card\">\n                    <span class=\"number\">7 anos<\/span>\n                    <span class=\"label\">idade cr\u00edtica para o desenvolvimento motor fino ideal<\/span>\n                <\/div>\n                <div class=\"stat-card\">\n                    <span class=\"number\">30%<\/span>\n                    <span class=\"label\">de melhoria no desempenho escolar com atividades direcionadas<\/span>\n                <\/div>\n<div class=\"stat-card\">\n                    <span class=\"number\">15 min<\/span>\n                    <span class=\"label\">de exerc\u00edcios di\u00e1rios s\u00e3o suficientes para progressos significativos<\/span>\n                <\/div>\n            <\/div>\n\n            <h2>1. Os fundamentos neurol\u00f3gicos da motricidade fina<\/h2>\n            <p>A motricidade fina baseia-se em uma rede complexa de conex\u00f5es neurol\u00f3gicas que se desenvolvem progressivamente durante a inf\u00e2ncia. Essa habilidade envolve a coordena\u00e7\u00e3o precisa entre o sistema nervoso central, os m\u00fasculos das m\u00e3os e dos dedos, bem como os sistemas sensoriais. O c\u00e9rebro processa simultaneamente as informa\u00e7\u00f5es visuais, t\u00e1teis e proprioceptivas para permitir movimentos precisos e controlados.<\/p>\n\n            <p>As pesquisas em neuroci\u00eancias revelam que o desenvolvimento da motricidade fina estimula a mieliniza\u00e7\u00e3o das fibras nervosas, acelerando assim a transmiss\u00e3o dos sinais entre as diferentes regi\u00f5es cerebrais. Essa melhoria da conectividade neuronal tem repercuss\u00f5es diretas nas capacidades cognitivas, incluindo a mem\u00f3ria de trabalho, a aten\u00e7\u00e3o sustentada e as fun\u00e7\u00f5es executivas.<\/p>\n\n            <p>A \u00e1rea motora prim\u00e1ria e o cerebelo desempenham pap\u00e9is cruciais na aprendizagem e na automa\u00e7\u00e3o dos gestos finos. Quando uma crian\u00e7a repete movimentos precisos, como tra\u00e7ar letras ou manipular objetos, essas estruturas cerebrais criam \"mapas motores\" que facilitam a execu\u00e7\u00e3o futura dessas tarefas. Essa plasticidade neuronal explica por que o treinamento precoce da motricidade fina traz benef\u00edcios duradouros para a aprendizagem.<\/p>\n\n            <div class=\"conseil-card\">\n                <h4>\ud83d\udca1 Conselho de especialista<\/h4>\n                <p>A per\u00edodo ideal para desenvolver a motricidade fina est\u00e1 entre 3 e 8 anos, quando a plasticidade cerebral \u00e9 m\u00e1xima. Aproveite essa janela de desenvolvimento para propor atividades variadas e progressivas.<\/p>\n            <\/div>\n<div class=\"key-points\">\n                <h4>Pontos-chave do desenvolvimento neurol\u00f3gico :<\/h4>\n                <ul>\n                    <li>A mieliniza\u00e7\u00e3o se completa por volta dos 7-8 anos para os circuitos motores finos<\/li>\n                    <li>Cada gesto repetido fortalece as conex\u00f5es sin\u00e1pticas<\/li>\n                    <li>A integra\u00e7\u00e3o sensorial melhora a precis\u00e3o gestual<\/li>\n                    <li>As \u00e1reas pr\u00e9-motoras planejam as sequ\u00eancias de movimentos<\/li>\n                <\/ul>\n            <\/div>\n\n            <h2>2. Impacto na aquisi\u00e7\u00e3o da escrita e da leitura<\/h2>\n            <p>A escrita representa uma das compet\u00eancias acad\u00eamicas mais diretamente relacionadas \u00e0 motricidade fina. Segurar um l\u00e1pis, controlar a press\u00e3o exercida sobre o papel e coordenar os movimentos para formar letras requerem um dom\u00ednio preciso dos m\u00fasculos intr\u00ednsecos da m\u00e3o. As crian\u00e7as que apresentam dificuldades motoras finas frequentemente t\u00eam dificuldade em automatizar a escrita, mobilizando uma aten\u00e7\u00e3o cognitiva excessiva em detrimento do conte\u00fado.<\/p>\n\n            <p>A pesquisa demonstra que a qualidade da escrita \u00e0 m\u00e3o influencia diretamente a compreens\u00e3o da leitura. Quando a crian\u00e7a deve concentrar sua aten\u00e7\u00e3o na forma\u00e7\u00e3o das letras, ela disp\u00f5e de menos recursos cognitivos para processar o sentido do texto. Em contrapartida, uma escrita fluida e automatizada libera a mente para se concentrar na criatividade e na express\u00e3o das ideias.<\/p>\n\n            <p>Os estudos longitudinais revelam que as crian\u00e7as que se beneficiam de um treinamento precoce da motricidade fina desenvolvem uma escrita mais leg\u00edvel e mais r\u00e1pida, o que correlaciona positivamente com seu desempenho em ortografia e composi\u00e7\u00e3o escrita. Essa rela\u00e7\u00e3o se explica pelo fortalecimento das representa\u00e7\u00f5es visuomotoras das letras na mem\u00f3ria de longo prazo.<\/p>\n\n            <div class=\"expert-box\">\n                <div class=\"expert-box-label\">\ud83d\udc68\u200d\ud83d\udd2c Especializa\u00e7\u00e3o DYNSEO<\/div>\n                <div class=\"expert-inner\">\n                    <h4 class=\"expert-inner-title\">A abordagem digital complementar<\/h4>\n                    <p>As aplica\u00e7\u00f5es como <a href=\"https:\/\/www.dynseo.com\/pt-pt\/coco-pensa-e-coco-se-mexe\/\" target=\"_blank\">COCO PENSA e COCO SE MEXE<\/a> prop\u00f5em exerc\u00edcios de tra\u00e7ado interativos que fortalecem as compet\u00eancias grafomotoras enquanto mant\u00eam o engajamento da crian\u00e7a. Essas ferramentas tecnol\u00f3gicas complementam eficazmente o aprendizado tradicional do gesto de escrita.<\/p>\n                <\/div>\n            <\/div>\n\n            <div class=\"tip-box\">\n<div class=\"tip-box-label\">\ud83d\udca1 Dica pr\u00e1tica<\/div>\n                <p>Alterne entre escrever no papel e atividades digitais para desenvolver uma motricidade fina completa. O importante \u00e9 manter um equil\u00edbrio entre suportes tradicionais e novas tecnologias.<\/p>\n            <\/div>\n\n            <h2>3. Rela\u00e7\u00e3o com as compet\u00eancias matem\u00e1ticas<\/h2>\n            <p>As matem\u00e1ticas, ao contr\u00e1rio do que se pensa, baseiam-se amplamente na motricidade fina atrav\u00e9s da manipula\u00e7\u00e3o de objetos, do tra\u00e7ado de figuras geom\u00e9tricas e da resolu\u00e7\u00e3o de problemas visuoespaciais. As crian\u00e7as que dominam bem seus gestos finos compreendem mais facilmente os conceitos de quantidade, espa\u00e7o e medida gra\u00e7as \u00e0s experi\u00eancias concretas de manipula\u00e7\u00e3o.<\/p>\n\n            <p>A utiliza\u00e7\u00e3o de materiais de manipula\u00e7\u00e3o como os cubos, as r\u00e9guas ou as formas geom\u00e9tricas desenvolve simultaneamente a destreza manual e a compreens\u00e3o matem\u00e1tica. Essas atividades permitem que as crian\u00e7as interiorizem os conceitos abstratos passando pela experi\u00eancia sens\u00f3rio-motora, criando bases s\u00f3lidas para a aprendizagem futura.<\/p>\n\n            <p>Pesquisas mostram que as crian\u00e7as que se beneficiam de atividades manuais estruturadas desenvolvem uma melhor representa\u00e7\u00e3o mental dos n\u00fameros e das rela\u00e7\u00f5es espaciais. Essa capacidade de visualiza\u00e7\u00e3o constitui uma vantagem significativa para a resolu\u00e7\u00e3o de problemas complexos e a geometria avan\u00e7ada.<\/p>\n\n            <div class=\"conseil-card\">\n                <h4>\ud83c\udfaf Atividades recomendadas<\/h4>\n                <p>Proponha regularmente jogos de constru\u00e7\u00e3o, quebra-cabe\u00e7as e atividades de classifica\u00e7\u00e3o para refor\u00e7ar simultaneamente a motricidade fina e os conceitos matem\u00e1ticos fundamentais.<\/p>\n            <\/div>\n\n            <h2>4. Desenvolvimento da autonomia e da confian\u00e7a em si mesmo<\/h2>\n            <p>O dom\u00ednio da motricidade fina contribui significativamente para o desenvolvimento da autonomia na crian\u00e7a. Poder se vestir sozinho, usar corretamente os talheres ou realizar tarefas di\u00e1rias refor\u00e7a o sentimento de compet\u00eancia e a autoestima. Essa autonomia crescente se traduz em uma maior motiva\u00e7\u00e3o para aprender e enfrentar novos desafios acad\u00eamicos.<\/p>\n\n            <p>Crian\u00e7as que t\u00eam dificuldades com seus gestos finos podem desenvolver estrat\u00e9gias de evita\u00e7\u00e3o em rela\u00e7\u00e3o \u00e0s tarefas escolares, criando um ciclo vicioso de desmotiva\u00e7\u00e3o e atraso na aprendizagem. Em contrapartida, aquelas que dominam bem seus movimentos demonstram mais perseveran\u00e7a e confian\u00e7a diante das dificuldades.<\/p>\n\n            <p>O impacto psicol\u00f3gico da motricidade fina n\u00e3o deve ser subestimado. As crian\u00e7as comparam naturalmente suas produ\u00e7\u00f5es com as de seus pares, e dificuldades motoras podem gerar sentimentos de inferioridade ou frustra\u00e7\u00e3o. Portanto, \u00e9 essencial acompanhar cada crian\u00e7a de acordo com seu ritmo e valorizar seus progressos, mesmo que modestos.<\/p>\n<div class=\"key-points\">\n                <h4>Indicadores de autonomia motora fina :<\/h4>\n                <ul>\n                    <li>Capacidade de se vestir sem ajuda por volta dos 5-6 anos<\/li>\n                    <li>Uso aut\u00f4nomo de tesouras e cola<\/li>\n                    <li>Escrita do seu nome sem modelo<\/li>\n                    <li>Manipula\u00e7\u00e3o precisa de objetos de tamanho reduzido<\/li>\n                    <li>Realiza\u00e7\u00e3o de desenhos detalhados e organizados<\/li>\n                <\/ul>\n            <\/div>\n\n            <h2>5. Atividades criativas e express\u00e3o art\u00edstica<\/h2>\n            <p>As atividades art\u00edsticas oferecem um terreno privilegiado para desenvolver a motricidade fina enquanto estimulam a criatividade e a express\u00e3o pessoal. O desenho, a pintura, a escultura e as atividades manuais solicitam diferentes grupos musculares e tipos de coordena\u00e7\u00e3o, enriquecendo o repert\u00f3rio motor da crian\u00e7a.<\/p>\n\n            <p>A pr\u00e1tica art\u00edstica desenvolve particularmente a coordena\u00e7\u00e3o olho-m\u00e3o, essencial para muitos aprendizados escolares. Quando uma crian\u00e7a pinta ou desenha, ela deve coordenar suas percep\u00e7\u00f5es visuais com seus gestos, afinando gradualmente sua capacidade de traduzir suas inten\u00e7\u00f5es em a\u00e7\u00f5es precisas.<\/p>\n\n            <p>As pesquisas demonstram que as crian\u00e7as que praticam regularmente atividades art\u00edsticas desenvolvem uma melhor consci\u00eancia espacial e uma maior fluidez gestual. Essas compet\u00eancias se transferem positivamente para a escrita, matem\u00e1tica e at\u00e9 ci\u00eancias, onde a representa\u00e7\u00e3o gr\u00e1fica desempenha um papel importante.<\/p>\n\n            <div class=\"expert-box\">\n                <div class=\"expert-box-label\">\ud83c\udfa8 Expertise criativa<\/div>\n                <div class=\"expert-inner\">\n                    <h4 class=\"expert-inner-title\">Progress\u00e3o art\u00edstica e motora<\/h4>\n                    <p>Comece com atividades de rabisco livre, progrida para a colora\u00e7\u00e3o em formas simples, e depois introduza o recorte e a colagem. Essa progress\u00e3o respeita o desenvolvimento natural da motricidade fina.<\/p>\n                <\/div>\n            <\/div>\n\n            <div class=\"tip-box\">\n                <div class=\"tip-box-label\">\ud83d\udd8c\ufe0f Material recomendado<\/div>\n                <p>Varie os instrumentos: l\u00e1pis gordos, canetinhas, pinc\u00e9is de diferentes tamanhos, past\u00e9is. Cada ferramenta solicita a motricidade fina de maneira diferente e enriquece a experi\u00eancia sensorial da crian\u00e7a.<\/p>\n            <\/div>\n\n            <h2>6. Identifica\u00e7\u00e3o e acompanhamento dos dist\u00farbios motores<\/h2>\n            <p>Algumas crian\u00e7as apresentam dist\u00farbios do desenvolvimento da coordena\u00e7\u00e3o (dispraxia) que afetam significativamente sua motricidade fina. Essas dificuldades podem se manifestar por uma escrita trabalhosa, dificuldades em manipular ferramentas escolares ou problemas de organiza\u00e7\u00e3o espacial nos cadernos.<\/p>\n\n            <p>A identifica\u00e7\u00e3o precoce desses dist\u00farbios \u00e9 crucial para implementar adapta\u00e7\u00f5es pedag\u00f3gicas apropriadas. Os sinais de alerta incluem fadiga excessiva ao escrever, evas\u00e3o de atividades manuais, lentid\u00e3o acentuada na execu\u00e7\u00e3o de gestos finos ou uma variabilidade importante na qualidade das produ\u00e7\u00f5es.<\/p>\n\n            <p>O acompanhamento dessas crian\u00e7as requer uma abordagem multidisciplinar envolvendo professores, pais, terapeutas ocupacionais e, \u00e0s vezes, psicomotricistas. Ajustes simples, como o uso de ferramentas ergon\u00f4micas, a redu\u00e7\u00e3o da quantidade de escrita ou a autoriza\u00e7\u00e3o para usar um computador, podem melhorar consideravelmente o cotidiano escolar desses alunos.<\/p>\n<div class=\"conseil-card\">\n                <h4>\ud83d\udd0d Sinais de alerta<\/h4>\n                <p>Estejam atentos \u00e0 fadiga excessiva, \u00e0s dificuldades persistentes com as tesouras, ao evitamento de atividades manuais ou aos problemas de segurar o l\u00e1pis apesar de um aprendizado adequado.<\/p>\n            <\/div>\n\n            <h2>7. Estrat\u00e9gias pedag\u00f3gicas inovadoras<\/h2>\n            <p>A integra\u00e7\u00e3o eficaz do desenvolvimento motor fino nos aprendizados escolares requer estrat\u00e9gias pedag\u00f3gicas criativas e adaptadas. Os professores podem transformar as li\u00e7\u00f5es tradicionais em atividades multimodais que envolvem simultaneamente a motricidade e a cogni\u00e7\u00e3o, criando experi\u00eancias de aprendizado mais ricas e memor\u00e1veis.<\/p>\n\n            <p>A gamifica\u00e7\u00e3o dos exerc\u00edcios motores representa uma abordagem particularmente eficaz para manter a motiva\u00e7\u00e3o dos alunos. Ao transformar os exerc\u00edcios de escrita em jogos, criar desafios de constru\u00e7\u00e3o ou organizar oficinas art\u00edsticas tem\u00e1ticas, os professores podem desenvolver as habilidades motoras em um contexto l\u00fadico e envolvente.<\/p>\n\n            <p>O aprendizado cooperativo tamb\u00e9m oferece oportunidades \u00fanicas para desenvolver a motricidade fina. Projetos em grupo que envolvem manipula\u00e7\u00f5es, constru\u00e7\u00f5es ou cria\u00e7\u00f5es art\u00edsticas permitem que as crian\u00e7as aprendam umas com as outras enquanto aperfei\u00e7oam seus movimentos finos em um contexto social motivador.<\/p>\n\n            <div class=\"key-points\">\n                <h4>T\u00e9cnicas pedag\u00f3gicas eficazes:<\/h4>\n                <ul>\n                    <li>Integra\u00e7\u00e3o de atividades manuais em todas as mat\u00e9rias<\/li>\n                    <li>Utiliza\u00e7\u00e3o de suportes variados (areia, massa, quadros verticais)<\/li>\n                    <li>Altern\u00e2ncia entre atividades finas e globais<\/li>\n                    <li>Avalia\u00e7\u00e3o formativa dos progressos motores<\/li>\n                    <li>Adapta\u00e7\u00e3o do material \u00e0s necessidades individuais<\/li>\n                <\/ul>\n            <\/div>\n\n            <h2>8. O papel crucial dos pais no desenvolvimento<\/h2>\n            <p>Os pais desempenham um papel fundamental no desenvolvimento da motricidade fina de seu filho, muito antes da entrada na escola. As atividades di\u00e1rias oferecem in\u00fameras oportunidades de treinamento natural: preparar a comida, jardinagem, bricolagem ou simplesmente brincar com objetos de diferentes tamanhos e texturas.<\/p>\n\n            <p>A atitude dos pais em rela\u00e7\u00e3o \u00e0s dificuldades motoras influencia consideravelmente a motiva\u00e7\u00e3o da crian\u00e7a. Incentivar as tentativas em vez de se concentrar nos resultados, valorizar os progressos mesmo que m\u00ednimos e manter uma atmosfera positiva durante as atividades manuais contribuem para o desenvolvimento de uma rela\u00e7\u00e3o saud\u00e1vel com o aprendizado.<\/p>\n\n            <p>A colabora\u00e7\u00e3o entre pais e professores \u00e9 essencial para garantir uma continuidade no desenvolvimento motor. Compartilhar observa\u00e7\u00f5es, coordenar os exerc\u00edcios e manter uma coer\u00eancia nas abordagens pedag\u00f3gicas maximizam os benef\u00edcios para a crian\u00e7a.<\/p>\n\n            <div class=\"expert-box\">\n                <div class=\"expert-box-label\">\ud83d\udc68\u200d\ud83d\udc69\u200d\ud83d\udc67\u200d\ud83d\udc66 Guia parental<\/div>\n<div class=\"expert-inner\">\n                    <h4 class=\"expert-inner-title\">Atividades familiares enriquecedoras<\/h4>\n                    <p>Transforme as tarefas dom\u00e9sticas em oportunidades de aprendizado: dobrar roupas, preparar refei\u00e7\u00f5es, jardinagem. Essas atividades naturais desenvolvem a motricidade fina em um contexto significativo e motivador para a crian\u00e7a.<\/p>\n                <\/div>\n            <\/div>\n\n            <h2>9. Tecnologias educacionais e motricidade fina<\/h2>\n            <p>A evolu\u00e7\u00e3o tecnol\u00f3gica oferece novas possibilidades para desenvolver a motricidade fina de maneira inovadora e envolvente. Os tablets, por exemplo, permitem exerc\u00edcios de tra\u00e7ado interativos que fornecem feedback imediato e adaptativo, particularmente ben\u00e9fico para crian\u00e7as com dificuldades de aprendizado.<\/p>\n\n            <p>No entanto, o uso da tecnologia deve permanecer complementar \u00e0s atividades tradicionais de manipula\u00e7\u00e3o de objetos reais. As telas sens\u00edveis ao toque solicitam a motricidade fina de maneira diferente do papel e do l\u00e1pis, e n\u00e3o podem substituir completamente a experi\u00eancia sensorial rica oferecida pelos materiais tradicionais.<\/p>\n\n            <p>Os aplicativos educacionais como <a href=\"https:\/\/www.dynseo.com\/pt-pt\/coco-pensa-e-coco-se-mexe\/\" target=\"_blank\">COCO PENSA e COCO SE MEXE<\/a> integram inteligentemente o desenvolvimento motor em atividades cognitivas variadas. O princ\u00edpio das pausas esportivas obrigat\u00f3rias a cada 15 minutos favorece um desenvolvimento equilibrado entre motricidade fina e global, evitando a sobrecarga cognitiva e mantendo o engajamento da crian\u00e7a.<\/p>\n\n            <div class=\"tip-box\">\n                <div class=\"tip-box-label\">\ud83d\udcf1 Uso equilibrado<\/div>\n                <p>Limite o tempo de tela a 30-45 minutos por dia para atividades educacionais, alternando com manipula\u00e7\u00f5es de objetos reais. Essa abordagem h\u00edbrida otimiza os benef\u00edcios de cada suporte.<\/p>\n            <\/div>\n\n            <h2>10. Avalia\u00e7\u00e3o e acompanhamento dos progressos<\/h2>\n            <p>A avalia\u00e7\u00e3o das habilidades motoras finas requer uma abordagem multidimensional que leve em conta a precis\u00e3o, fluidez, velocidade e resist\u00eancia. As grades de observa\u00e7\u00e3o padronizadas permitem que os professores e os pais acompanhem objetivamente os progressos e identifiquem as \u00e1reas que necessitam de apoio especial.<\/p>\n\n            <p>Os portf\u00f3lios de trabalhos constituem uma ferramenta de avalia\u00e7\u00e3o particularmente rica, permitindo documentar a evolu\u00e7\u00e3o das produ\u00e7\u00f5es da crian\u00e7a ao longo do tempo. Comparar os desenhos, as escritas e as realiza\u00e7\u00f5es manuais ao longo de v\u00e1rios meses revela progressos muitas vezes impercept\u00edveis no dia a dia, mas significativos a longo prazo.<\/p>\n\n            <p>A autoavalia\u00e7\u00e3o tamb\u00e9m pode ser introduzida gradualmente, permitindo que as crian\u00e7as desenvolvam uma consci\u00eancia metacognitiva de suas habilidades motoras. Essa reflex\u00e3o sobre suas pr\u00f3prias capacidades favorece a autorregula\u00e7\u00e3o e a motiva\u00e7\u00e3o intr\u00ednseca para progredir.<\/p>\n<div class=\"conseil-card\">\n                <h4>\ud83d\udcca Ferramentas de avalia\u00e7\u00e3o recomendadas<\/h4>\n                <p>Utilize grades simples com crit\u00e9rios visuais (smileys, cores) para que a crian\u00e7a possa participar da avalia\u00e7\u00e3o de seus progressos e desenvolver sua capacidade de auto-observa\u00e7\u00e3o.<\/p>\n            <\/div>\n\n            <h2>11. Preven\u00e7\u00e3o e interven\u00e7\u00e3o precoce<\/h2>\n            <p>A preven\u00e7\u00e3o das dificuldades motoras finas come\u00e7a na primeira inf\u00e2ncia com a proposta de atividades variadas e adaptadas ao desenvolvimento da crian\u00e7a. Os profissionais da primeira inf\u00e2ncia desempenham um papel crucial na detec\u00e7\u00e3o precoce de atrasos no desenvolvimento e na orienta\u00e7\u00e3o para atendimentos especializados, se necess\u00e1rio.<\/p>\n\n            <p>Os programas de interven\u00e7\u00e3o precoce mostram uma efic\u00e1cia not\u00e1vel quando implementados antes dos 6 anos. Essas interven\u00e7\u00f5es, muitas vezes l\u00fadicas e integradas nas atividades di\u00e1rias, podem melhorar consideravelmente o progn\u00f3stico de desenvolvimento da crian\u00e7a e prevenir a instala\u00e7\u00e3o de dificuldades de aprendizagem secund\u00e1rias.<\/p>\n\n            <p>A forma\u00e7\u00e3o dos profissionais da educa\u00e7\u00e3o na observa\u00e7\u00e3o e estimula\u00e7\u00e3o da motricidade fina representa um desafio importante de sa\u00fade p\u00fablica. Professores melhor treinados podem identificar mais precocemente as dificuldades e adaptar sua pedagogia para apoiar efetivamente cada crian\u00e7a.<\/p>\n\n            <div class=\"expert-box\">\n                <div class=\"expert-box-label\">\ud83d\udd2c Pesquisa cient\u00edfica<\/div>\n                <div class=\"expert-inner\">\n                    <h4 class=\"expert-inner-title\">Janelas cr\u00edticas de desenvolvimento<\/h4>\n                    <p>As neuroci\u00eancias identificam per\u00edodos sens\u00edveis em que o c\u00e9rebro \u00e9 particularmente receptivo \u00e0s estimula\u00e7\u00f5es motoras. Otimizar essas janelas de desenvolvimento maximiza a efic\u00e1cia das interven\u00e7\u00f5es pedag\u00f3gicas e terap\u00eauticas.<\/p>\n                <\/div>\n            <\/div>\n\n            <h2>12. Perspectivas futuras e inova\u00e7\u00f5es<\/h2>\n            <p>O futuro do desenvolvimento da motricidade fina se orienta para abordagens cada vez mais personalizadas e tecnologicamente assistidas. A intelig\u00eancia artificial em breve permitir\u00e1 adaptar em tempo real os exerc\u00edcios ao n\u00edvel e \u00e0s necessidades espec\u00edficas de cada crian\u00e7a, otimizando a efic\u00e1cia dos treinamentos.<\/p>\n\n            <p>A realidade aumentada abre perspectivas fascinantes para a aprendizagem motora, permitindo sobrepor guias visuais aos gestos reais da crian\u00e7a. Essas tecnologias imersivas poderiam revolucionar o ensino da escrita e das atividades manuais complexas.<\/p>\n\n            <p>A pesquisa continua a revelar novos v\u00ednculos entre motricidade fina e desenvolvimento cognitivo, abrindo caminhos para interven\u00e7\u00f5es inovadoras. A crescente integra\u00e7\u00e3o das neuroci\u00eancias nas pr\u00e1ticas educativas promete abordagens pedag\u00f3gicas cada vez mais eficazes e respeitosas do desenvolvimento natural da crian\u00e7a.<\/p>\n\n            <div class=\"tip-box\">\n                <div class=\"tip-box-label\">\ud83d\ude80 Inova\u00e7\u00e3o DYNSEO<\/div>\n                <p>As futuras vers\u00f5es de <a href=\"https:\/\/www.dynseo.com\/pt-pt\/coco-pensa-e-coco-se-mexe\/\" target=\"_blank\">COCO PENSA e COCO SE MEXE<\/a> integrar\u00e3o sensores de movimento para analisar precisamente os gestos da crian\u00e7a e propor exerc\u00edcios personalizados em tempo real.<\/p>\n            <\/div>\n\n            <div class=\"faq-list\">\n                <h3>Perguntas frequentes<\/h3>\n                \n                <div class=\"faq-item\">\n                    <div class=\"faq-q\">\n                        <span>Com que idade deve-se come\u00e7ar a estimular a motricidade fina?<\/span>\n                        <span class=\"faq-icon\">+<\/span>\n                    <\/div>\n<div class=\"faq-a\">\n                        <p>A estimula\u00e7\u00e3o da motricidade fina pode come\u00e7ar j\u00e1 nos primeiros meses de vida com atividades adaptadas, como a manipula\u00e7\u00e3o de objetos de diferentes texturas. Por volta dos 2-3 anos, atividades mais estruturadas podem ser propostas. O per\u00edodo \u00f3timo para um desenvolvimento intensivo ocorre entre 3 e 8 anos, durante o qual a plasticidade cerebral \u00e9 m\u00e1xima.<\/p>\n                    <\/div>\n                <\/div>\n\n                <div class=\"faq-item\">\n                    <div class=\"faq-q\">\n                        <span>Como reconhecer um dist\u00farbio da motricidade fina em uma crian\u00e7a?<\/span>\n                        <span class=\"faq-icon\">+<\/span>\n                    <\/div>\n                    <div class=\"faq-a\">\n                        <p>Os sinais de alerta incluem: dificuldades persistentes em segurar um l\u00e1pis apesar do aprendizado, escrita muito trabalhosa e ileg\u00edvel, evita\u00e7\u00e3o de atividades manuais, fadiga excessiva durante tarefas finas, dificuldades em usar tesouras ou manipular pequenos objetos. Se essas dificuldades persistirem al\u00e9m dos 6 anos, uma avalia\u00e7\u00e3o profissional \u00e9 recomendada.<\/p>\n                    <\/div>\n                <\/div>\n\n                <div class=\"faq-item\">\n                    <div class=\"faq-q\">\n                        <span>As telas podem ajudar ou prejudicar o desenvolvimento da motricidade fina?<\/span>\n                        <span class=\"faq-icon\">+<\/span>\n                    <\/div>\n                    <div class=\"faq-a\">\n                        <p>As telas sens\u00edveis ao toque podem contribuir para o desenvolvimento de certos aspectos da motricidade fina, especialmente a coordena\u00e7\u00e3o olho-dedo. No entanto, elas n\u00e3o substituem a manipula\u00e7\u00e3o de objetos reais, que oferece uma experi\u00eancia sensorial mais rica. O ideal \u00e9 usar ferramentas digitais em complemento \u00e0s atividades tradicionais, com pausas regulares, como prop\u00f5e COCO PENSA e COCO SE MEXE.<\/p>\n                    <\/div>\n                <\/div>\n\n                <div class=\"faq-item\">\n                    <div class=\"faq-q\">\n                        <span>Quanto tempo por dia deve-se dedicar \u00e0s atividades de motricidade fina?<\/span>\n                        <span class=\"faq-icon\">+<\/span>\n                    <\/div>\n                    <div class=\"faq-a\">\n                        <p>Para um desenvolvimento ideal, 15 a 30 minutos de atividades direcionadas por dia s\u00e3o suficientes, distribu\u00eddas em v\u00e1rias sess\u00f5es curtas. O importante \u00e9 a regularidade, em vez da dura\u00e7\u00e3o. As atividades podem ser integradas naturalmente na rotina di\u00e1ria: vestir-se, refei\u00e7\u00f5es, jogos, li\u00e7\u00f5es de casa.<\/p>\n                    <\/div>\n                <\/div>\n\n                <div class=\"faq-item\">\n                    <div class=\"faq-q\">\n                        <span>Quais materiais s\u00e3o mais eficazes para desenvolver a motricidade fina?<\/span>\n                        <span class=\"faq-icon\">+<\/span>\n                    <\/div>\n                    <div class=\"faq-a\">\n                        <p>Os materiais mais eficazes s\u00e3o aqueles que oferecem uma variedade de texturas e resist\u00eancias: massa de modelar, contas de diferentes tamanhos, quebra-cabe\u00e7as, tesouras adequadas, pinc\u00e9is variados, constru\u00e7\u00e3o tipo Lego, objetos para rosquear\/desrosquear. A diversidade dos suportes estimula diferentes aspectos da motricidade fina e mant\u00e9m o interesse da crian\u00e7a.<\/p>\n                    <\/div>\n                    <\/div>\n                <\/div>\n\n            <div class=\"cta-box\">\n                <h3>Desenvolva a motricidade fina do seu filho com COCO<\/h3>\n                <p>Descubra uma abordagem inovadora que combina estimula\u00e7\u00e3o cognitiva e motora com pausas esportivas obrigat\u00f3rias a cada 15 minutos. COCO PENSA e COCO SE MEXE acompanha o desenvolvimento harmonioso do seu filho.<\/p>\n<div class=\"cta-buttons\">\n                    <a href=\"https:\/\/www.dynseo.com\/pt-pt\/coco-pensa-e-coco-se-mexe\/\" class=\"btn-white\">Experimentar COCO gratuitamente<\/a>\n                    <a href=\"https:\/\/www.dynseo.com\/pt-pt\/coco-pensa-e-coco-se-mexe\/\" class=\"btn-outline\">Saiba mais<\/a>\n                <\/div>\n            <\/div>\n\n            <div class=\"article-tags\">\n                <h4>Palavras-chave :<\/h4>\n                <a href=\"#\" class=\"article-tag\">Motricidade fina<\/a>\n                <a href=\"#\" class=\"article-tag\">Desenvolvimento cognitivo<\/a>\n                <a href=\"#\" class=\"article-tag\">Aprendizagem escolar<\/a>\n                <a href=\"#\" class=\"article-tag\">Escrita infantil<\/a>\n                <a href=\"#\" class=\"article-tag\">Atividades manuais<\/a>\n                <a href=\"#\" class=\"article-tag\">Coordena\u00e7\u00e3o olho-m\u00e3o<\/a>\n                <a href=\"#\" class=\"article-tag\">Dispraxia<\/a>\n                <a href=\"#\" class=\"article-tag\">Pedagogia inovadora<\/a>\n                <a href=\"#\" class=\"article-tag\">Tecnologias educacionais<\/a>\n                <a href=\"#\" class=\"article-tag\">COCO<\/a>\n            <\/div>\n        <\/div>\n    <\/div>[\/et_pb_code][\/et_pb_column][\/et_pb_row][\/et_pb_section]","_et_gb_content_width":"","footnotes":""},"categories":[2915],"tags":[],"class_list":["post-562628","post","type-post","status-publish","format-standard","has-post-thumbnail","hentry","category-les-conseils-des-coachs"],"yoast_head":"<!-- This site is optimized with the Yoast SEO plugin v27.4 - https:\/\/yoast.com\/product\/yoast-seo-wordpress\/ -->\n<title>A liga\u00e7\u00e3o entre a motricidade fina e a aprendizagem na escola - DYNSEO - Aplica\u00e7\u00f5es educativas e jogos de mem\u00f3ria<\/title>\n<meta name=\"robots\" content=\"index, follow, max-snippet:-1, max-image-preview:large, max-video-preview:-1\" \/>\n<link rel=\"canonical\" href=\"https:\/\/www.dynseo.com\/pt-pt\/a-ligacao-entre-a-motricidade-fina-e-a-aprendizagem-na-escola\/\" \/>\n<meta property=\"og:locale\" content=\"pt_PT\" \/>\n<meta property=\"og:type\" content=\"article\" \/>\n<meta property=\"og:title\" content=\"A liga\u00e7\u00e3o entre a motricidade fina e a aprendizagem na escola - DYNSEO - Aplica\u00e7\u00f5es educativas e jogos de mem\u00f3ria\" \/>\n<meta property=\"og:url\" content=\"https:\/\/www.dynseo.com\/pt-pt\/a-ligacao-entre-a-motricidade-fina-e-a-aprendizagem-na-escola\/\" \/>\n<meta property=\"og:site_name\" content=\"DYNSEO - Aplica\u00e7\u00f5es educativas e jogos de mem\u00f3ria\" \/>\n<meta property=\"article:published_time\" content=\"2026-04-26T16:50:35+00:00\" \/>\n<meta property=\"article:modified_time\" content=\"2026-04-26T16:55:16+00:00\" \/>\n<meta property=\"og:image\" content=\"https:\/\/www.dynseo.com\/wp-content\/uploads\/2022\/02\/jeu-educatif-top-kids-ecole-primaire-concours-scaled.jpg\" \/>\n\t<meta property=\"og:image:width\" content=\"2560\" \/>\n\t<meta property=\"og:image:height\" content=\"1440\" \/>\n\t<meta property=\"og:image:type\" content=\"image\/jpeg\" \/>\n<meta name=\"author\" content=\"DYNSEO\" \/>\n<meta name=\"twitter:label1\" content=\"Escrito por\" \/>\n\t<meta name=\"twitter:data1\" content=\"DYNSEO\" \/>\n\t<meta name=\"twitter:label2\" content=\"Tempo estimado de leitura\" \/>\n\t<meta name=\"twitter:data2\" content=\"16 minutos\" \/>\n<script type=\"application\/ld+json\" class=\"yoast-schema-graph\">{\"@context\":\"https:\\\/\\\/schema.org\",\"@graph\":[{\"@type\":\"Article\",\"@id\":\"https:\\\/\\\/www.dynseo.com\\\/pt-pt\\\/a-ligacao-entre-a-motricidade-fina-e-a-aprendizagem-na-escola\\\/#article\",\"isPartOf\":{\"@id\":\"https:\\\/\\\/www.dynseo.com\\\/pt-pt\\\/a-ligacao-entre-a-motricidade-fina-e-a-aprendizagem-na-escola\\\/\"},\"author\":{\"name\":\"DYNSEO\",\"@id\":\"https:\\\/\\\/www.dynseo.com\\\/pt-pt\\\/#\\\/schema\\\/person\\\/78ef63df2ee64e0989bc68f8401b38d6\"},\"headline\":\"A liga\u00e7\u00e3o entre a motricidade fina e a aprendizagem na escola\",\"datePublished\":\"2026-04-26T16:50:35+00:00\",\"dateModified\":\"2026-04-26T16:55:16+00:00\",\"mainEntityOfPage\":{\"@id\":\"https:\\\/\\\/www.dynseo.com\\\/pt-pt\\\/a-ligacao-entre-a-motricidade-fina-e-a-aprendizagem-na-escola\\\/\"},\"wordCount\":3241,\"publisher\":{\"@id\":\"https:\\\/\\\/www.dynseo.com\\\/pt-pt\\\/#organization\"},\"image\":{\"@id\":\"https:\\\/\\\/www.dynseo.com\\\/pt-pt\\\/a-ligacao-entre-a-motricidade-fina-e-a-aprendizagem-na-escola\\\/#primaryimage\"},\"thumbnailUrl\":\"https:\\\/\\\/www.dynseo.com\\\/wp-content\\\/uploads\\\/2022\\\/02\\\/jeu-educatif-top-kids-ecole-primaire-concours-scaled.jpg\",\"articleSection\":[\"Les conseils des coachs\"],\"inLanguage\":\"pt-PT\"},{\"@type\":\"WebPage\",\"@id\":\"https:\\\/\\\/www.dynseo.com\\\/pt-pt\\\/a-ligacao-entre-a-motricidade-fina-e-a-aprendizagem-na-escola\\\/\",\"url\":\"https:\\\/\\\/www.dynseo.com\\\/pt-pt\\\/a-ligacao-entre-a-motricidade-fina-e-a-aprendizagem-na-escola\\\/\",\"name\":\"A liga\u00e7\u00e3o entre a motricidade fina e a aprendizagem na escola - DYNSEO - Aplica\u00e7\u00f5es educativas e jogos de mem\u00f3ria\",\"isPartOf\":{\"@id\":\"https:\\\/\\\/www.dynseo.com\\\/pt-pt\\\/#website\"},\"primaryImageOfPage\":{\"@id\":\"https:\\\/\\\/www.dynseo.com\\\/pt-pt\\\/a-ligacao-entre-a-motricidade-fina-e-a-aprendizagem-na-escola\\\/#primaryimage\"},\"image\":{\"@id\":\"https:\\\/\\\/www.dynseo.com\\\/pt-pt\\\/a-ligacao-entre-a-motricidade-fina-e-a-aprendizagem-na-escola\\\/#primaryimage\"},\"thumbnailUrl\":\"https:\\\/\\\/www.dynseo.com\\\/wp-content\\\/uploads\\\/2022\\\/02\\\/jeu-educatif-top-kids-ecole-primaire-concours-scaled.jpg\",\"datePublished\":\"2026-04-26T16:50:35+00:00\",\"dateModified\":\"2026-04-26T16:55:16+00:00\",\"breadcrumb\":{\"@id\":\"https:\\\/\\\/www.dynseo.com\\\/pt-pt\\\/a-ligacao-entre-a-motricidade-fina-e-a-aprendizagem-na-escola\\\/#breadcrumb\"},\"inLanguage\":\"pt-PT\",\"potentialAction\":[{\"@type\":\"ReadAction\",\"target\":[\"https:\\\/\\\/www.dynseo.com\\\/pt-pt\\\/a-ligacao-entre-a-motricidade-fina-e-a-aprendizagem-na-escola\\\/\"]}]},{\"@type\":\"ImageObject\",\"inLanguage\":\"pt-PT\",\"@id\":\"https:\\\/\\\/www.dynseo.com\\\/pt-pt\\\/a-ligacao-entre-a-motricidade-fina-e-a-aprendizagem-na-escola\\\/#primaryimage\",\"url\":\"https:\\\/\\\/www.dynseo.com\\\/wp-content\\\/uploads\\\/2022\\\/02\\\/jeu-educatif-top-kids-ecole-primaire-concours-scaled.jpg\",\"contentUrl\":\"https:\\\/\\\/www.dynseo.com\\\/wp-content\\\/uploads\\\/2022\\\/02\\\/jeu-educatif-top-kids-ecole-primaire-concours-scaled.jpg\",\"width\":2560,\"height\":1440,\"caption\":\"Momentos de divers\u00e3o e desenvolvimento cognitivo com jogos estimulantes\"},{\"@type\":\"BreadcrumbList\",\"@id\":\"https:\\\/\\\/www.dynseo.com\\\/pt-pt\\\/a-ligacao-entre-a-motricidade-fina-e-a-aprendizagem-na-escola\\\/#breadcrumb\",\"itemListElement\":[{\"@type\":\"ListItem\",\"position\":1,\"name\":\"Accueil\",\"item\":\"https:\\\/\\\/www.dynseo.com\\\/pt-pt\\\/\"},{\"@type\":\"ListItem\",\"position\":2,\"name\":\"A liga\u00e7\u00e3o entre a motricidade fina e a aprendizagem na escola\"}]},{\"@type\":\"WebSite\",\"@id\":\"https:\\\/\\\/www.dynseo.com\\\/pt-pt\\\/#website\",\"url\":\"https:\\\/\\\/www.dynseo.com\\\/pt-pt\\\/\",\"name\":\"Jeux de m\u00e9moire et stimulation cognitive\",\"description\":\"Entra\u00eenez votre m\u00e9moire et votre cerveau avec DYNSEO\",\"publisher\":{\"@id\":\"https:\\\/\\\/www.dynseo.com\\\/pt-pt\\\/#organization\"},\"potentialAction\":[{\"@type\":\"SearchAction\",\"target\":{\"@type\":\"EntryPoint\",\"urlTemplate\":\"https:\\\/\\\/www.dynseo.com\\\/pt-pt\\\/?s={search_term_string}\"},\"query-input\":{\"@type\":\"PropertyValueSpecification\",\"valueRequired\":true,\"valueName\":\"search_term_string\"}}],\"inLanguage\":\"pt-PT\"},{\"@type\":\"Organization\",\"@id\":\"https:\\\/\\\/www.dynseo.com\\\/pt-pt\\\/#organization\",\"name\":\"DYNSEO\",\"url\":\"https:\\\/\\\/www.dynseo.com\\\/pt-pt\\\/\",\"logo\":{\"@type\":\"ImageObject\",\"inLanguage\":\"pt-PT\",\"@id\":\"https:\\\/\\\/www.dynseo.com\\\/pt-pt\\\/#\\\/schema\\\/logo\\\/image\\\/\",\"url\":\"https:\\\/\\\/www.dynseo.com\\\/wp-content\\\/uploads\\\/2022\\\/05\\\/logo-dynseo-new.png\",\"contentUrl\":\"https:\\\/\\\/www.dynseo.com\\\/wp-content\\\/uploads\\\/2022\\\/05\\\/logo-dynseo-new.png\",\"width\":5073,\"height\":1397,\"caption\":\"DYNSEO\"},\"image\":{\"@id\":\"https:\\\/\\\/www.dynseo.com\\\/pt-pt\\\/#\\\/schema\\\/logo\\\/image\\\/\"}},{\"@type\":\"Person\",\"@id\":\"https:\\\/\\\/www.dynseo.com\\\/pt-pt\\\/#\\\/schema\\\/person\\\/78ef63df2ee64e0989bc68f8401b38d6\",\"name\":\"DYNSEO\",\"url\":\"https:\\\/\\\/www.dynseo.com\\\/pt-pt\\\/author\\\/justine\\\/\"}]}<\/script>\n<!-- \/ Yoast SEO plugin. -->","yoast_head_json":{"title":"A liga\u00e7\u00e3o entre a motricidade fina e a aprendizagem na escola - DYNSEO - Aplica\u00e7\u00f5es educativas e jogos de mem\u00f3ria","robots":{"index":"index","follow":"follow","max-snippet":"max-snippet:-1","max-image-preview":"max-image-preview:large","max-video-preview":"max-video-preview:-1"},"canonical":"https:\/\/www.dynseo.com\/pt-pt\/a-ligacao-entre-a-motricidade-fina-e-a-aprendizagem-na-escola\/","og_locale":"pt_PT","og_type":"article","og_title":"A liga\u00e7\u00e3o entre a motricidade fina e a aprendizagem na escola - DYNSEO - Aplica\u00e7\u00f5es educativas e jogos de mem\u00f3ria","og_url":"https:\/\/www.dynseo.com\/pt-pt\/a-ligacao-entre-a-motricidade-fina-e-a-aprendizagem-na-escola\/","og_site_name":"DYNSEO - Aplica\u00e7\u00f5es educativas e jogos de mem\u00f3ria","article_published_time":"2026-04-26T16:50:35+00:00","article_modified_time":"2026-04-26T16:55:16+00:00","og_image":[{"width":2560,"height":1440,"url":"https:\/\/www.dynseo.com\/wp-content\/uploads\/2022\/02\/jeu-educatif-top-kids-ecole-primaire-concours-scaled.jpg","type":"image\/jpeg"}],"author":"DYNSEO","twitter_misc":{"Escrito por":"DYNSEO","Tempo estimado de leitura":"16 minutos"},"schema":{"@context":"https:\/\/schema.org","@graph":[{"@type":"Article","@id":"https:\/\/www.dynseo.com\/pt-pt\/a-ligacao-entre-a-motricidade-fina-e-a-aprendizagem-na-escola\/#article","isPartOf":{"@id":"https:\/\/www.dynseo.com\/pt-pt\/a-ligacao-entre-a-motricidade-fina-e-a-aprendizagem-na-escola\/"},"author":{"name":"DYNSEO","@id":"https:\/\/www.dynseo.com\/pt-pt\/#\/schema\/person\/78ef63df2ee64e0989bc68f8401b38d6"},"headline":"A liga\u00e7\u00e3o entre a motricidade fina e a aprendizagem na escola","datePublished":"2026-04-26T16:50:35+00:00","dateModified":"2026-04-26T16:55:16+00:00","mainEntityOfPage":{"@id":"https:\/\/www.dynseo.com\/pt-pt\/a-ligacao-entre-a-motricidade-fina-e-a-aprendizagem-na-escola\/"},"wordCount":3241,"publisher":{"@id":"https:\/\/www.dynseo.com\/pt-pt\/#organization"},"image":{"@id":"https:\/\/www.dynseo.com\/pt-pt\/a-ligacao-entre-a-motricidade-fina-e-a-aprendizagem-na-escola\/#primaryimage"},"thumbnailUrl":"https:\/\/www.dynseo.com\/wp-content\/uploads\/2022\/02\/jeu-educatif-top-kids-ecole-primaire-concours-scaled.jpg","articleSection":["Les conseils des coachs"],"inLanguage":"pt-PT"},{"@type":"WebPage","@id":"https:\/\/www.dynseo.com\/pt-pt\/a-ligacao-entre-a-motricidade-fina-e-a-aprendizagem-na-escola\/","url":"https:\/\/www.dynseo.com\/pt-pt\/a-ligacao-entre-a-motricidade-fina-e-a-aprendizagem-na-escola\/","name":"A liga\u00e7\u00e3o entre a motricidade fina e a aprendizagem na escola - DYNSEO - Aplica\u00e7\u00f5es educativas e jogos de mem\u00f3ria","isPartOf":{"@id":"https:\/\/www.dynseo.com\/pt-pt\/#website"},"primaryImageOfPage":{"@id":"https:\/\/www.dynseo.com\/pt-pt\/a-ligacao-entre-a-motricidade-fina-e-a-aprendizagem-na-escola\/#primaryimage"},"image":{"@id":"https:\/\/www.dynseo.com\/pt-pt\/a-ligacao-entre-a-motricidade-fina-e-a-aprendizagem-na-escola\/#primaryimage"},"thumbnailUrl":"https:\/\/www.dynseo.com\/wp-content\/uploads\/2022\/02\/jeu-educatif-top-kids-ecole-primaire-concours-scaled.jpg","datePublished":"2026-04-26T16:50:35+00:00","dateModified":"2026-04-26T16:55:16+00:00","breadcrumb":{"@id":"https:\/\/www.dynseo.com\/pt-pt\/a-ligacao-entre-a-motricidade-fina-e-a-aprendizagem-na-escola\/#breadcrumb"},"inLanguage":"pt-PT","potentialAction":[{"@type":"ReadAction","target":["https:\/\/www.dynseo.com\/pt-pt\/a-ligacao-entre-a-motricidade-fina-e-a-aprendizagem-na-escola\/"]}]},{"@type":"ImageObject","inLanguage":"pt-PT","@id":"https:\/\/www.dynseo.com\/pt-pt\/a-ligacao-entre-a-motricidade-fina-e-a-aprendizagem-na-escola\/#primaryimage","url":"https:\/\/www.dynseo.com\/wp-content\/uploads\/2022\/02\/jeu-educatif-top-kids-ecole-primaire-concours-scaled.jpg","contentUrl":"https:\/\/www.dynseo.com\/wp-content\/uploads\/2022\/02\/jeu-educatif-top-kids-ecole-primaire-concours-scaled.jpg","width":2560,"height":1440,"caption":"Momentos de divers\u00e3o e desenvolvimento cognitivo com jogos estimulantes"},{"@type":"BreadcrumbList","@id":"https:\/\/www.dynseo.com\/pt-pt\/a-ligacao-entre-a-motricidade-fina-e-a-aprendizagem-na-escola\/#breadcrumb","itemListElement":[{"@type":"ListItem","position":1,"name":"Accueil","item":"https:\/\/www.dynseo.com\/pt-pt\/"},{"@type":"ListItem","position":2,"name":"A liga\u00e7\u00e3o entre a motricidade fina e a aprendizagem na escola"}]},{"@type":"WebSite","@id":"https:\/\/www.dynseo.com\/pt-pt\/#website","url":"https:\/\/www.dynseo.com\/pt-pt\/","name":"Jeux de m\u00e9moire et stimulation cognitive","description":"Entra\u00eenez votre m\u00e9moire et votre cerveau avec DYNSEO","publisher":{"@id":"https:\/\/www.dynseo.com\/pt-pt\/#organization"},"potentialAction":[{"@type":"SearchAction","target":{"@type":"EntryPoint","urlTemplate":"https:\/\/www.dynseo.com\/pt-pt\/?s={search_term_string}"},"query-input":{"@type":"PropertyValueSpecification","valueRequired":true,"valueName":"search_term_string"}}],"inLanguage":"pt-PT"},{"@type":"Organization","@id":"https:\/\/www.dynseo.com\/pt-pt\/#organization","name":"DYNSEO","url":"https:\/\/www.dynseo.com\/pt-pt\/","logo":{"@type":"ImageObject","inLanguage":"pt-PT","@id":"https:\/\/www.dynseo.com\/pt-pt\/#\/schema\/logo\/image\/","url":"https:\/\/www.dynseo.com\/wp-content\/uploads\/2022\/05\/logo-dynseo-new.png","contentUrl":"https:\/\/www.dynseo.com\/wp-content\/uploads\/2022\/05\/logo-dynseo-new.png","width":5073,"height":1397,"caption":"DYNSEO"},"image":{"@id":"https:\/\/www.dynseo.com\/pt-pt\/#\/schema\/logo\/image\/"}},{"@type":"Person","@id":"https:\/\/www.dynseo.com\/pt-pt\/#\/schema\/person\/78ef63df2ee64e0989bc68f8401b38d6","name":"DYNSEO","url":"https:\/\/www.dynseo.com\/pt-pt\/author\/justine\/"}]}},"_links":{"self":[{"href":"https:\/\/www.dynseo.com\/pt-pt\/wp-json\/wp\/v2\/posts\/562628","targetHints":{"allow":["GET"]}}],"collection":[{"href":"https:\/\/www.dynseo.com\/pt-pt\/wp-json\/wp\/v2\/posts"}],"about":[{"href":"https:\/\/www.dynseo.com\/pt-pt\/wp-json\/wp\/v2\/types\/post"}],"author":[{"embeddable":true,"href":"https:\/\/www.dynseo.com\/pt-pt\/wp-json\/wp\/v2\/users\/4"}],"replies":[{"embeddable":true,"href":"https:\/\/www.dynseo.com\/pt-pt\/wp-json\/wp\/v2\/comments?post=562628"}],"version-history":[{"count":11,"href":"https:\/\/www.dynseo.com\/pt-pt\/wp-json\/wp\/v2\/posts\/562628\/revisions"}],"predecessor-version":[{"id":562639,"href":"https:\/\/www.dynseo.com\/pt-pt\/wp-json\/wp\/v2\/posts\/562628\/revisions\/562639"}],"wp:featuredmedia":[{"embeddable":true,"href":"https:\/\/www.dynseo.com\/pt-pt\/wp-json\/wp\/v2\/media\/142596"}],"wp:attachment":[{"href":"https:\/\/www.dynseo.com\/pt-pt\/wp-json\/wp\/v2\/media?parent=562628"}],"wp:term":[{"taxonomy":"category","embeddable":true,"href":"https:\/\/www.dynseo.com\/pt-pt\/wp-json\/wp\/v2\/categories?post=562628"},{"taxonomy":"post_tag","embeddable":true,"href":"https:\/\/www.dynseo.com\/pt-pt\/wp-json\/wp\/v2\/tags?post=562628"}],"curies":[{"name":"wp","href":"https:\/\/api.w.org\/{rel}","templated":true}]}}