{"id":563931,"date":"2026-04-27T02:40:28","date_gmt":"2026-04-27T00:40:28","guid":{"rendered":"https:\/\/www.dynseo.com\/cest-mon-histoire-sophie-nous-raconte-laddiction-de-ses-enfants-aux-ecrans-2\/"},"modified":"2026-04-27T02:46:38","modified_gmt":"2026-04-27T00:46:38","slug":"e-a-minha-historia-sophie-nos-conta-sobre-a-dependencia-de-seus-filhos-das-telas","status":"publish","type":"post","link":"https:\/\/www.dynseo.com\/pt-pt\/e-a-minha-historia-sophie-nos-conta-sobre-a-dependencia-de-seus-filhos-das-telas\/","title":{"rendered":"\u00c9 a minha hist\u00f3ria: Sophie nos conta sobre a depend\u00eancia de seus filhos das telas"},"content":{"rendered":"<p>[et_pb_section fb_built=&#8221;1&#8243; _builder_version=&#8221;4.16&#8243; custom_padding=&#8221;0px|0px|0px|0px|false|false&#8221; margin_top=&#8221;0px&#8221; margin_bottom=&#8221;0px&#8221; global_colors_info=&#8221;{}&#8221;][et_pb_row _builder_version=&#8221;4.16&#8243; custom_padding=&#8221;0px|0px|0px|0px|false|false&#8221; margin_top=&#8221;0px&#8221; margin_bottom=&#8221;0px&#8221; column_structure=&#8221;4_4&#8243; global_colors_info=&#8221;{}&#8221;][et_pb_column type=&#8221;4_4&#8243; _builder_version=&#8221;4.16&#8243; custom_padding=&#8221;0px|0px|0px|0px|false|false&#8221; global_colors_info=&#8221;{}&#8221;][et_pb_code _builder_version=&#8221;4.16&#8243; custom_padding=&#8221;0px|0px|0px|0px|false|false&#8221; global_colors_info=&#8221;{}&#8221;]<!DOCTYPE html><br \/>\n<html lang=\"fr\"><br \/>\n<head><br \/>\n    <meta charset=\"UTF-8\"><br \/>\n    <meta name=\"viewport\" content=\"width=device-width, initial-scale=1.0\"><br \/>\n    <title>C&#8217;est mon histoire : Sophie nous raconte l&#8217;addiction de ses enfants aux \u00e9crans | DYNSEO<\/title><br \/>\n    <meta name=\"description\" content=\"D\u00e9couvrez le t\u00e9moignage de Sophie sur l'addiction aux \u00e9crans de ses enfants et comment COCO PENSE et COCO BOUGE l'ont aid\u00e9e \u00e0 retrouver l'\u00e9quilibre familial.\">\n    <link rel=\"preconnect\" href=\"https:\/\/fonts.googleapis.com\">\n    <link rel=\"preconnect\" href=\"https:\/\/fonts.gstatic.com\" crossorigin>\n    <link href=\"https:\/\/fonts.googleapis.com\/css2?family=Montserrat:wght@400;500;600;700&#038;family=Poppins:wght@300;400;500;600&#038;display=swap\" rel=\"stylesheet\">\n<style>\n        :root {\n            --primary-blue: #5e5ed7;\n            --dark-blue: #5268c9;\n            --teal: #a9e2e4;\n            --yellow: #ffeca7;\n            --pink: #e73469;\n            --white: #ffffff;\n            --light-gray: #f8f9fa;\n            --dark-gray: #333333;\n            --border-color: #e0e0e0;\n        }<\/p>\n<p>        * {\n            margin: 0;\n            padding: 0;\n            box-sizing: border-box;\n        }<\/p>\n<p>        body {\n            font-family: 'Poppins', sans-serif;\n            line-height: 1.6;\n            color: var(--dark-gray);\n            background-color: var(--white);\n        }<\/p>\n<p>        .article-hero {\n            background: linear-gradient(135deg, var(--primary-blue) 0%, var(--dark-blue) 100%);\n            color: white;\n            padding: 2rem 0 4rem;\n            position: relative;\n            overflow: hidden;\n        }<\/p>\n<p>        .article-hero-inner {\n            max-width: 1200px;\n            margin: 0 auto;\n            padding: 0 2rem;\n            position: relative;\n            z-index: 2;\n        }<\/p>\n<p>        .article-breadcrumb {\n            font-size: 0.9rem;\n            margin-bottom: 1rem;\n            opacity: 0.8;\n        }<\/p>\n<p>        .article-breadcrumb a {\n            color: white;\n            text-decoration: none;\n        }<\/p>\n<p>        .article-category {\n            display: inline-block;\n            background: var(--yellow);\n            color: var(--dark-gray);\n            padding: 0.5rem 1rem;\n            border-radius: 25px;\n            font-size: 0.8rem;\n            font-weight: 500;\n            margin-bottom: 1.5rem;\n        }<\/p>\n<p>        .article-hero h1 {\n            font-family: 'Montserrat', sans-serif;\n            font-size: 2.5rem;\n            font-weight: 700;\n            line-height: 1.2;\n            margin-bottom: 1.5rem;\n        }<\/p>\n<p>        .hl {\n            background: linear-gradient(120deg, var(--yellow) 0%, var(--teal) 100%);\n            color: var(--dark-gray);\n            padding: 0.1em 0.3em;\n            border-radius: 4px;\n        }<\/p>\n<p>        .article-meta {\n            display: flex;\n            flex-wrap: wrap;\n            gap: 2rem;\n            margin-bottom: 2rem;\n            font-size: 0.9rem;\n        }<\/p>\n<p>        .article-meta-item {\n            display: flex;\n            align-items: center;\n            gap: 0.5rem;\n        }<\/p>\n<p>        .stars {\n            color: var(--yellow);\n            font-size: 1.2rem;\n            margin-left: 0.5rem;\n        }<\/p>\n<p>        .article-hero-curve {\n            position: absolute;\n            bottom: 0;\n            left: 0;\n            width: 100%;\n            height: 60px;\n            background: white;\n            clip-path: ellipse(100% 100% at 50% 100%);\n        }<\/p>\n<p>        .article-body {\n            padding: 4rem 0;\n        }<\/p>\n<p>        .container {\n            max-width: 1200px;\n            margin: 0 auto;\n            padding: 0 2rem;\n        }<\/p>\n<p>        .intro-block {\n            font-size: 1.1rem;\n            line-height: 1.8;\n            color: var(--dark-gray);\n            margin-bottom: 3rem;\n            padding: 2rem;\n            background: var(--light-gray);\n            border-radius: 15px;\n            border-left: 5px solid var(--primary-blue);\n        }<\/p>\n<p>        .stats-grid {\n            display: grid;\n            grid-template-columns: repeat(auto-fit, minmax(250px, 1fr));\n            gap: 2rem;\n            margin-bottom: 4rem;\n        }<\/p>\n<p>        .stat-card {\n            background: white;\n            padding: 2rem;\n            border-radius: 15px;\n            text-align: center;\n            box-shadow: 0 10px 30px rgba(94, 94, 215, 0.1);\n            border: 2px solid transparent;\n            transition: all 0.3s ease;\n        }<\/p>\n<p>        .stat-card:hover {\n            border-color: var(--primary-blue);\n            transform: translateY(-5px);\n        }<\/p>\n<p>        .stat-card .number {\n            font-family: 'Montserrat', sans-serif;\n            font-size: 2.5rem;\n            font-weight: 700;\n            color: var(--primary-blue);\n            display: block;\n            margin-bottom: 0.5rem;\n        }<\/p>\n<p>        .stat-card .label {\n            font-size: 1rem;\n            color: var(--dark-gray);\n            font-weight: 500;\n        }<\/p>\n<p>        .article-body h2 {\n            font-family: 'Montserrat', sans-serif;\n            font-size: 1.8rem;\n            font-weight: 600;\n            color: var(--primary-blue);\n            margin: 3rem 0 1.5rem;\n            padding-bottom: 0.5rem;\n            border-bottom: 3px solid var(--teal);\n        }<\/p>\n<p>        .article-body h3 {\n            font-family: 'Montserrat', sans-serif;\n            font-size: 1.4rem;\n            font-weight: 600;\n            color: var(--dark-blue);\n            margin: 2rem 0 1rem;\n        }<\/p>\n<p>        .article-body p {\n            margin-bottom: 1.5rem;\n            line-height: 1.8;\n        }<\/p>\n<p>        .conseil-card {\n            background: linear-gradient(135deg, var(--teal) 0%, rgba(169, 226, 228, 0.3) 100%);\n            padding: 2rem;\n            border-radius: 15px;\n            margin: 2rem 0;\n            border-left: 5px solid var(--dark-blue);\n        }<\/p>\n<p>        .conseil-card h4 {\n            font-family: 'Montserrat', sans-serif;\n            color: var(--dark-blue);\n            margin-bottom: 1rem;\n            font-size: 1.2rem;\n            font-weight: 600;\n        }<\/p>\n<p>        .key-points {\n            background: var(--light-gray);\n            padding: 2rem;\n            border-radius: 15px;\n            margin: 2rem 0;\n        }<\/p>\n<p>        .key-points h4 {\n            font-family: 'Montserrat', sans-serif;\n            color: var(--primary-blue);\n            margin-bottom: 1rem;\n            font-size: 1.2rem;\n            font-weight: 600;\n        }<\/p>\n<p>        .key-points ul {\n            list-style: none;\n            padding-left: 0;\n        }<\/p>\n<p>        .key-points li {\n            margin-bottom: 0.8rem;\n            padding-left: 1.5rem;\n            position: relative;\n        }<\/p>\n<p>        .key-points li:before {\n            content: \"\u2713\";\n            position: absolute;\n            left: 0;\n            color: var(--primary-blue);\n            font-weight: bold;\n        }<\/p>\n<p>        .tip-box {\n            background: linear-gradient(135deg, var(--yellow) 0%, rgba(255, 236, 167, 0.3) 100%);\n            padding: 1.5rem;\n            border-radius: 10px;\n            margin: 2rem 0;\n            border-left: 4px solid var(--pink);\n        }<\/p>\n<p>        .tip-box-label {\n            font-weight: 600;\n            color: var(--pink);\n            font-size: 0.9rem;\n            text-transform: uppercase;\n            margin-bottom: 0.5rem;\n            display: block;\n        }<\/p>\n<p>        .expert-box {\n            background: white;\n            border: 2px solid var(--primary-blue);\n            border-radius: 15px;\n            overflow: hidden;\n            margin: 2rem 0;\n            box-shadow: 0 10px 30px rgba(94, 94, 215, 0.1);\n        }<\/p>\n<p>        .expert-box-label {\n            background: var(--primary-blue);\n            color: white;\n            padding: 1rem 2rem;\n            font-weight: 600;\n            font-size: 0.9rem;\n            text-transform: uppercase;\n        }<\/p>\n<p>        .expert-inner {\n            padding: 2rem;\n        }<\/p>\n<p>        .expert-box-title,\n        .expert-inner-title {\n            font-family: 'Montserrat', sans-serif;\n            color: var(--primary-blue);\n            font-size: 1.3rem;\n            font-weight: 600;\n            margin-bottom: 1rem;\n        }<\/p>\n<p>        .faq-list {\n            margin: 3rem 0;\n        }<\/p>\n<p>        .faq-item {\n            background: white;\n            border: 2px solid var(--border-color);\n            border-radius: 10px;\n            margin-bottom: 1rem;\n            overflow: hidden;\n            transition: all 0.3s ease;\n        }<\/p>\n<p>        .faq-item.open {\n            border-color: var(--primary-blue);\n        }<\/p>\n<p>        .faq-q {\n            padding: 1.5rem 2rem;\n            cursor: pointer;\n            display: flex;\n            justify-content: space-between;\n            align-items: center;\n            background: var(--light-gray);\n            transition: background 0.3s ease;\n        }<\/p>\n<p>        .faq-q:hover {\n            background: var(--teal);\n        }<\/p>\n<p>        .faq-q span:first-child {\n            font-weight: 600;\n            color: var(--dark-blue);\n            flex: 1;\n        }<\/p>\n<p>        .faq-icon {\n            font-size: 1.5rem;\n            color: var(--primary-blue);\n            transition: transform 0.3s ease;\n        }<\/p>\n<p>        .faq-item.open .faq-icon {\n            transform: rotate(45deg);\n        }<\/p>\n<p>        .faq-a {\n            padding: 0 2rem;\n            max-height: 0;\n            overflow: hidden;\n            transition: all 0.3s ease;\n        }<\/p>\n<p>        .faq-item.open .faq-a {\n            padding: 1.5rem 2rem;\n            max-height: 1000px;\n        }<\/p>\n<p>        .cta-box {\n            background: linear-gradient(135deg, var(--primary-blue) 0%, var(--dark-blue) 100%);\n            color: white;\n            padding: 3rem;\n            border-radius: 20px;\n            text-align: center;\n            margin: 4rem 0;\n        }<\/p>\n<p>        .cta-box h3 {\n            font-family: 'Montserrat', sans-serif;\n            font-size: 2rem;\n            margin-bottom: 1rem;\n            color: white;\n        }<\/p>\n<p>        .cta-buttons {\n            display: flex;\n            gap: 1rem;\n            justify-content: center;\n            flex-wrap: wrap;\n            margin-top: 2rem;\n        }<\/p>\n<p>        .btn-white,\n        .btn-outline {\n            padding: 1rem 2rem;\n            border-radius: 30px;\n            text-decoration: none;\n            font-weight: 600;\n            transition: all 0.3s ease;\n            display: inline-block;\n        }<\/p>\n<p>        .btn-white {\n            background: white;\n            color: var(--primary-blue);\n            border: 2px solid white;\n        }<\/p>\n<p>        .btn-white:hover {\n            background: var(--yellow);\n            color: var(--dark-gray);\n        }<\/p>\n<p>        .btn-outline {\n            background: transparent;\n            color: white;\n            border: 2px solid white;\n        }<\/p>\n<p>        .btn-outline:hover {\n            background: white;\n            color: var(--primary-blue);\n        }<\/p>\n<p>        .article-tags {\n            margin-top: 3rem;\n            padding-top: 2rem;\n            border-top: 2px solid var(--border-color);\n        }<\/p>\n<p>        .article-tag {\n            display: inline-block;\n            background: var(--light-gray);\n            color: var(--dark-gray);\n            padding: 0.5rem 1rem;\n            border-radius: 20px;\n            margin: 0.25rem;\n            font-size: 0.9rem;\n            text-decoration: none;\n            transition: all 0.3s ease;\n        }<\/p>\n<p>        .article-tag:hover {\n            background: var(--primary-blue);\n            color: white;\n        }<\/p>\n<p>        .quote-box {\n            background: var(--light-gray);\n            border-left: 5px solid var(--pink);\n            padding: 2rem;\n            margin: 2rem 0;\n            border-radius: 10px;\n            font-style: italic;\n            position: relative;\n        }<\/p>\n<p>        .quote-box:before {\n            content: \"\"\";\n            font-size: 4rem;\n            color: var(--pink);\n            position: absolute;\n            top: -10px;\n            left: 15px;\n        }<\/p>\n<p>        .interview-section {\n            background: linear-gradient(135deg, rgba(169, 226, 228, 0.1) 0%, rgba(255, 236, 167, 0.1) 100%);\n            padding: 2rem;\n            border-radius: 15px;\n            margin: 2rem 0;\n            border: 2px solid var(--teal);\n        }<\/p>\n<p>        .question {\n            font-weight: 600;\n            color: var(--primary-blue);\n            margin-bottom: 0.5rem;\n        }<\/p>\n<p>        .answer {\n            margin-bottom: 1.5rem;\n            padding-left: 1rem;\n        }<\/p>\n<p>        @media (max-width: 768px) {\n            .article-hero h1 {\n                font-size: 2rem;\n            }<\/p>\n<p>            .article-meta {\n                flex-direction: column;\n                gap: 1rem;\n            }<\/p>\n<p>            .stats-grid {\n                grid-template-columns: 1fr;\n            }<\/p>\n<p>            .container {\n                padding: 0 1rem;\n            }<\/p>\n<p>            .cta-buttons {\n                flex-direction: column;\n                align-items: center;\n            }\n        }\n    <\/style>\n<p><\/head><br \/>\n<body><\/p>\n<section class=\"article-hero\">\n<div class=\"article-hero-inner\">\n<nav class=\"article-breadcrumb\">\n            <a href=\"https:\/\/www.dynseo.com\/pt-pt\/\">In\u00edcio<\/a> ><br \/>\n            <a href=\"https:\/\/www.dynseo.com\/blog\">Blog<\/a> ><br \/>\n            <span>Depoimento Sophie<\/span><br \/>\n        <\/nav>\n<p>        <span class=\"article-category\">Depoimento dos Pais<\/span><\/p>\n<h1>\u00c9 a minha hist\u00f3ria: Sophie nos conta <span class=\"hl\">a depend\u00eancia de seus filhos das telas<\/span><\/h1>\n<div class=\"article-meta\">\n<div class=\"article-meta-item\">\n                <span>\ud83d\udcc5<\/span><br \/>\n                <span>Abril 2026<\/span>\n            <\/div>\n<div class=\"article-meta-item\">\n                <span>\u23f1\ufe0f<\/span><br \/>\n                <span>Leitura 15 min<\/span>\n            <\/div>\n<div class=\"article-meta-item\">\n                <span>\ud83d\udc65<\/span><br \/>\n                <span>Pais e Educadores<\/span>\n            <\/div>\n<div class=\"article-meta-item\">\n                <span>\u2b50<\/span><br \/>\n                <span>4.8\/5<\/span><br \/>\n                <span class=\"stars\">\u2605\u2605\u2605\u2605\u2605<\/span>\n            <\/div>\n<\/p><\/div>\n<\/p><\/div>\n<div class=\"article-hero-curve\"><\/div>\n<\/section>\n<div class=\"article-body\">\n<div class=\"container\">\n<div class=\"intro-block\">\n                Nesta s\u00e9rie &#8220;\u00c9 a minha hist\u00f3ria de Pai&#8221;, damos voz aos usu\u00e1rios do nosso programa COCO PENSA e COCO SE MEXE. Hoje, Sophie nos traz um depoimento tocante e aut\u00eantico sobre a depend\u00eancia das telas de seus filhos. Seu percurso, da dolorosa conscientiza\u00e7\u00e3o \u00e0s solu\u00e7\u00f5es concretas, ilustra perfeitamente os desafios enfrentados por muitas fam\u00edlias modernas. Atrav\u00e9s de sua experi\u00eancia, descubra como uma m\u00e3e conseguiu transformar uma situa\u00e7\u00e3o preocupante em uma oportunidade de aprendizado e reconex\u00e3o familiar. Sua hist\u00f3ria revela a import\u00e2ncia de um acompanhamento adequado e de ferramentas inovadoras para recuperar o equil\u00edbrio digital. Um depoimento inspirador que prova que nunca \u00e9 tarde demais para agir e criar novos h\u00e1bitos ben\u00e9ficos para toda a fam\u00edlia.\n            <\/div>\n<div class=\"stats-grid\">\n<div class=\"stat-card\">\n                    <span class=\"number\">87%<\/span><br \/>\n                    <span class=\"label\">dos pais se preocupam com o tempo de tela de seus filhos<\/span>\n                <\/div>\n<div class=\"stat-card\">\n                    <span class=\"number\">4h30<\/span><br \/>\n                    <span class=\"label\">tempo de tela di\u00e1rio m\u00e9dio entre 8-12 anos<\/span>\n                <\/div>\n<div class=\"stat-card\">\n                    <span class=\"number\">15 min<\/span><br \/>\n                    <span class=\"label\">frequ\u00eancia das pausas recomendada com COCO<\/span>\n                <\/div>\n<div class=\"stat-card\">\n                    <span class=\"number\">92%<\/span><br \/>\n                    <span class=\"label\">de melhoria constatada com as pausas ativas<\/span>\n                <\/div>\n<\/p><\/div>\n<h2>1. O percurso de Sophie: quando as telas se tornam onipresentes<\/h2>\n<pee>A hist\u00f3ria de Sophie come\u00e7a como a de muitos pais modernos. M\u00e3e de tr\u00eas filhos pr\u00f3ximos em um espa\u00e7o restrito, ela naturalmente buscou solu\u00e7\u00f5es para gerenciar o cotidiano familiar. As telas ent\u00e3o apareceram como uma resposta \u00f3bvia para os momentos de cansa\u00e7o, as tarefas dom\u00e9sticas urgentes e a necessidade leg\u00edtima de alguns instantes de descanso.<\/pee>\n<pee>Essa situa\u00e7\u00e3o n\u00e3o \u00e9 isolada: segundo os \u00faltimos estudos, 78% dos pais admitem usar as telas como &#8220;bab\u00e1 digital&#8221; em momentos de estresse ou sobrecarga. Sophie explica: &#8220;Tive 3 filhos muito pr\u00f3ximos, e faltamos espa\u00e7o em casa. \u00c9 verdade que as telas tamb\u00e9m eram uma solu\u00e7\u00e3o que me parecia pr\u00e1tica para finalmente ter um pouco de calma.&#8221;<\/pee>\n<pee>O que come\u00e7ou como uma solu\u00e7\u00e3o tempor\u00e1ria foi se instalando gradualmente na rotina familiar. Os smartphones, tablets e outros dispositivos se tornaram companheiros constantes, oferecendo acesso ilimitado a conte\u00fados cativantes, mas n\u00e3o necessariamente adequados. A evolu\u00e7\u00e3o tecnol\u00f3gica e a multiplica\u00e7\u00e3o das plataformas de streaming facilitaram essa depend\u00eancia progressiva.<\/pee>\n<div class=\"conseil-card\">\n<h4>\ud83d\udca1 Dica de especialista DYNSEO<\/h4>\n<pee>\u00c9 importante entender que o uso inicial das telas n\u00e3o faz de voc\u00ea um &#8220;mau pai&#8221;. \u00c9 uma rea\u00e7\u00e3o humana diante dos desafios da parentalidade moderna. O essencial \u00e9 reconhecer quando o equil\u00edbrio se rompe e agir em consequ\u00eancia.<\/pee>\n            <\/div>\n<div class=\"key-points\">\n<h4>Pontos-chave desta fase:<\/h4>\n<ul>\n<li>Solu\u00e7\u00e3o f\u00e1cil diante das restri\u00e7\u00f5es di\u00e1rias<\/li>\n<li>Falta de espa\u00e7o e necessidade de calma na fam\u00edlia<\/li>\n<li>Instala\u00e7\u00e3o progressiva de uma rotina de telas<\/li>\n<li>Aus\u00eancia de regras claras sobre o uso digital<\/li>\n<li>Desconhecimento dos riscos a longo prazo<\/li>\n<\/ul><\/div>\n<h2>2. O impacto do confinamento: um acelerador de depend\u00eancia<\/h2>\n<pee>A pandemia de COVID-19 e os confinamentos sucessivos abalaram profundamente o equil\u00edbrio familiar de Sophie, assim como de milh\u00f5es de lares ao redor do mundo. Este per\u00edodo excepcional criou um contexto onde as telas se tornaram n\u00e3o apenas um entretenimento, mas um v\u00ednculo vital com o exterior.<\/pee>\n<pee>Sophie testemunha essa transforma\u00e7\u00e3o: &#8220;O per\u00edodo de confinamento devido \u00e0 COVID-19 certamente adicionou uma camada de complexidade \u00e0 nossa situa\u00e7\u00e3o j\u00e1 delicada com as telas. Com o fechamento das escolas, as atividades presenciais canceladas e o distanciamento social, as telas se tornaram um recurso de conex\u00e3o com o mundo exterior.&#8221;<\/pee>\n<pee>Este per\u00edodo viu uma explos\u00e3o no tempo de tela das crian\u00e7as em escala global. As fronteiras entre educa\u00e7\u00e3o, socializa\u00e7\u00e3o e entretenimento se tornaram t\u00eanues, dificultando o estabelecimento de limites claros. Os pais, muitas vezes em trabalho remoto, tiveram que equilibrar suas obriga\u00e7\u00f5es profissionais e a supervis\u00e3o de seus filhos em um espa\u00e7o restrito.<\/pee>\n<div class=\"tip-box\">\n                <span class=\"tip-box-label\">Dica pr\u00e1tica<\/span>\n                <pee>Durante per\u00edodos de crise, crie &#8220;zonas sem telas&#8221; em sua casa e mantenha rituais familiares que n\u00e3o dependam da tecnologia: refei\u00e7\u00f5es juntos, jogos de tabuleiro, leitura compartilhada.<\/pee>\n            <\/div>\n<pee>O isolamento social tamb\u00e9m pesou sobre o equil\u00edbrio psicol\u00f3gico das crian\u00e7as. As telas se tornaram seu principal meio de manter la\u00e7os com seus pares, criando um c\u00edrculo onde recusar o acesso digital significava cortar as crian\u00e7as de sua vida social. Sophie observa: &#8220;Percebi que a fronteira entre o tempo de tela necess\u00e1rio e excessivo havia se tornado difusa.&#8221;<\/pee>\n<div class=\"expert-box\">\n<div class=\"expert-box-label\">An\u00e1lise de especialista<\/div>\n<div class=\"expert-inner\">\n<h3 class=\"expert-inner-title\">O efeito &#8220;COVID&#8221; nos h\u00e1bitos digitais<\/h3>\n<pee>Os estudos p\u00f3s-confinamento revelam um aumento m\u00e9dio de 76% no tempo de tela entre as crian\u00e7as. Esse aumento vem acompanhado de uma modifica\u00e7\u00e3o nos ritmos circadianos, de uma diminui\u00e7\u00e3o da atividade f\u00edsica e de uma altera\u00e7\u00e3o nas intera\u00e7\u00f5es familiares diretas.<\/pee>\n                    <pee>O aplicativo <a href=\"https:\/\/www.dynseo.com\/pt-pt\/coco-pensa-e-coco-se-mexe\/\" style=\"color: var(--primary-blue);\">COCO PENSA e COCO SE MEXE<\/a> integra justamente essa realidade ao propor pausas adaptadas ao contexto de confinamento, permitindo manter um equil\u00edbrio mesmo em um espa\u00e7o restrito.<\/pee>\n                <\/div>\n<\/p><\/div>\n<h2>3. O estalo: quando a escola soa o alarme<\/h2>\n<pee>A verdadeira virada na hist\u00f3ria de Sophie ocorreu durante uma reuni\u00e3o de pais e professores aparentemente rotineira. O que deveria ser uma conversa cl\u00e1ssica se transformou em uma conscientiza\u00e7\u00e3o brutal das consequ\u00eancias da superexposi\u00e7\u00e3o \u00e0s telas no desenvolvimento de seu filho Jordan, que estava no CE2.<\/pee>\n<pee>&#8220;A professora mencionou que a concentra\u00e7\u00e3o dele n\u00e3o estava das melhores e que ele parecia \u00e0s vezes estar em seu pr\u00f3prio mundo&#8221;, conta Sophie. Essa observa\u00e7\u00e3o, formulada com benevol\u00eancia, mas preocupa\u00e7\u00e3o, desencadeou uma s\u00e9rie de questionamentos nessa m\u00e3e at\u00e9 ent\u00e3o convencida de estar fazendo o melhor.<\/pee>\n<pee>A interven\u00e7\u00e3o da psic\u00f3loga escolar foi determinante. Ela introduziu o conceito de &#8220;S\u00edndrome de Superexposi\u00e7\u00e3o \u00e0s Telas&#8221;, um termo que teve o efeito de um choque el\u00e9trico em Sophie. Essa s\u00edndrome, cada vez mais documentada pelos profissionais de sa\u00fade, re\u00fane um conjunto de sintomas f\u00edsicos e psicol\u00f3gicos relacionados ao uso excessivo das tecnologias digitais.<\/pee>\n<div class=\"interview-section\">\n<div class=\"question\">DYNSEO: Quando voc\u00ea percebeu que isso poderia ser um problema?<\/div>\n<div class=\"answer\">\n                    <strong>Sophie:<\/strong> &#8220;Essa S\u00edndrome me deu calafrios e est\u00e1 diretamente ligada ao tempo passado em frente \u00e0s telas desde a mais tenra idade: do ponto de vista f\u00edsico, a superexposi\u00e7\u00e3o \u00e0s telas pode levar a problemas de sa\u00fade como fadiga ocular, dores de cabe\u00e7a ou dist\u00farbios do sono e m\u00e1 postura. Do ponto de vista mental e emocional, isso pode gerar ansiedade, depress\u00e3o e isolamento social.&#8221;\n                <\/div>\n<\/p><\/div>\n<pee>As manifesta\u00e7\u00f5es dessa s\u00edndrome s\u00e3o m\u00faltiplas e podem afetar diferentes aspectos do desenvolvimento da crian\u00e7a. No n\u00edvel cognitivo, observam-se dificuldades de concentra\u00e7\u00e3o, dist\u00farbios de aten\u00e7\u00e3o, diminui\u00e7\u00e3o da mem\u00f3ria de trabalho e problemas de processamento de informa\u00e7\u00f5es. No aspecto social, as crian\u00e7as podem apresentar dificuldades relacionais, uma prefer\u00eancia acentuada por intera\u00e7\u00f5es virtuais em detrimento das trocas face a face.<\/pee>\n<div class=\"conseil-card\">\n<h4>\ud83c\udfaf Sinais de alerta a serem observados<\/h4>\n<ul>\n<li>Dificuldades de concentra\u00e7\u00e3o prolongadas em sala de aula<\/li>\n<li>Irritabilidade ao limitar o tempo de tela<\/li>\n<li>Dificuldades para dormir ou recusa em ir para a cama<\/li>\n<li>Diminui\u00e7\u00e3o do interesse por atividades n\u00e3o digitais<\/li>\n<li>Isolamento social ou conflitos familiares em torno das telas<\/li>\n<li>Sintomas f\u00edsicos: dores de cabe\u00e7a, fadiga ocular<\/li>\n<\/ul><\/div>\n<h2>4. A culpa parental: um passo obrigat\u00f3rio em dire\u00e7\u00e3o \u00e0 solu\u00e7\u00e3o<\/h2>\n<pee>A an\u00fancio do diagn\u00f3stico potencial de depend\u00eancia de telas mergulhou Sophie em uma espiral emocional complexa, misturando culpa, questionamento e sentimento de fracasso parental. Essa fase, embora dolorosa, se mostra muitas vezes necess\u00e1ria no processo de mudan\u00e7a dos h\u00e1bitos familiares.<\/pee>\n<pee>&#8220;Fiquei tomada pelo p\u00e2nico, para ser honesta. Estava aterrorizada por n\u00e3o ter conseguido encontrar um melhor equil\u00edbrio para meus filhos&#8221;, confessa Sophie. Essa rea\u00e7\u00e3o emocional intensa reflete a experi\u00eancia de muitos pais confrontados com a realidade da depend\u00eancia digital de seus filhos.<\/pee>\n<pee>A culpa parental nesse contexto assume v\u00e1rias dimens\u00f5es. Primeiro, o sentimento de ter &#8220;falhado&#8221; na educa\u00e7\u00e3o dos filhos, de ter privilegiado a facilidade em detrimento do bem-estar deles. Em seguida, o medo retrospectivo das consequ\u00eancias a longo prazo: &#8220;Comprometi o desenvolvimento deles? As capacidades futuras deles ser\u00e3o afetadas?&#8221;<\/pee>\n<div class=\"quote-box\">\n                &#8220;Imediatamente me perguntei se havia falhado como m\u00e3e ao permitir que meus filhos usassem meu telefone e assistissem a v\u00eddeos do YouTube desde muito jovens.&#8221;\n            <\/div>\n<pee>Essa fase de autoacusa\u00e7\u00e3o, embora normal e compreens\u00edvel, pode se tornar contraproducente se se prolongar. Sophie teve a sorte de contar com o apoio da psic\u00f3loga escolar, que desempenhou um papel crucial na desdramatiza\u00e7\u00e3o da situa\u00e7\u00e3o e na orienta\u00e7\u00e3o para solu\u00e7\u00f5es construtivas.<\/pee>\n<pee>A transforma\u00e7\u00e3o da culpa em a\u00e7\u00e3o positiva constitui a etapa crucial do processo de mudan\u00e7a. &#8220;Percebi que era necess\u00e1rio enfrentar o problema de frente, que a culpa n\u00e3o resolveria a quest\u00e3o. Portanto, era preciso encontrar solu\u00e7\u00f5es r\u00e1pidas para que as coisas melhorassem em casa e tamb\u00e9m na escola.&#8221;<\/pee>\n<div class=\"expert-box\">\n<div class=\"expert-box-label\">Apoio DYNSEO<\/div>\n<div class=\"expert-inner\">\n<h3 class=\"expert-inner-title\">Transformar a culpa em a\u00e7\u00e3o<\/h3>\n<pee>Na DYNSEO, acompanhamos muitos pais nesta fase de transi\u00e7\u00e3o. A culpa, embora natural, n\u00e3o deve paralisar a a\u00e7\u00e3o. Nossa abordagem com <a href=\"https:\/\/www.dynseo.com\/pt-pt\/coco-pensa-e-coco-se-mexe\/\" style=\"color: var(--primary-blue);\">COCO PENSA e COCO SE MEXE<\/a> permite que os pais retomem o controle gradualmente, sem dramatiza\u00e7\u00e3o ou ruptura brusca.<\/pee>\n                <\/div>\n<\/p><\/div>\n<h2>5. A descoberta de COCO PENSA e COCO SE MEXE: um ponto de virada decisivo<\/h2>\n<pee>\u00c9 nesse contexto de busca urgente por solu\u00e7\u00f5es que Sophie descobre a exist\u00eancia do programa COCO PENSA e COCO SE MEXE. Esta recomenda\u00e7\u00e3o da psic\u00f3loga escolar vai marcar um ponto de virada decisivo na gest\u00e3o das telas dentro da fam\u00edlia.<\/pee>\n<pee>&#8220;Foi assim que aprendi sobre a exist\u00eancia do aplicativo COCO PENSA e COCO SE MEXE. A psic\u00f3loga escolar me mostrou que havia ferramentas para nos ajudar a restabelecer um equil\u00edbrio saud\u00e1vel e promover h\u00e1bitos positivos&#8221;, explica Sophie. Esta descoberta representa muito mais do que um simples aplicativo: \u00e9 a esperan\u00e7a de recuperar um equil\u00edbrio familiar.<\/pee>\n<pee>COCO PENSA e COCO SE MEXE se destacam das solu\u00e7\u00f5es tradicionais de controle parental por sua abordagem positiva e educativa. Em vez de proibir ou restringir de forma brusca, esses aplicativos oferecem uma transi\u00e7\u00e3o suave para h\u00e1bitos mais saud\u00e1veis por meio de um sistema de pausas autom\u00e1ticas integradas.<\/pee>\n<div class=\"key-points\">\n<h4>Os princ\u00edpios fundamentais de COCO:<\/h4>\n<ul>\n<li>Pausas autom\u00e1ticas a cada 15 minutos de uso<\/li>\n<li>Atividades f\u00edsicas e cognitivas l\u00fadicas<\/li>\n<li>Personagem cativante que acompanha a crian\u00e7a<\/li>\n<li>Abordagem educativa n\u00e3o punitiva<\/li>\n<li>Refor\u00e7o positivo dos bons h\u00e1bitos<\/li>\n<li>Atividades adaptadas a diferentes idades<\/li>\n<\/ul><\/div>\n<pee>O conceito revolucion\u00e1rio desses aplicativos reside em sua capacidade de transformar o uso passivo das telas em oportunidades de aprendizado e movimento. A cada 15 minutos, COCO interrompe a atividade digital para propor exerc\u00edcios f\u00edsicos, jogos de racioc\u00ednio ou momentos de relaxamento.<\/pee>\n<div class=\"interview-section\">\n<div class=\"question\">DYNSEO: Voc\u00ea pode nos contar mais sobre este aplicativo e como ele ajudou sua fam\u00edlia?<\/div>\n<div class=\"answer\">\n                    <strong>Sophie:<\/strong> &#8220;Absolutamente. COCO PENSA e COCO SE MEXE s\u00e3o aplicativos projetados para ajudar as crian\u00e7as a fazer pausas regulares durante o uso das telas. Eles t\u00eam um personagem divertido, Coco, que aparece a cada 15 minutos de tela e incentiva as crian\u00e7as a fazer atividades de movimento ou relaxamento. Isso foi um verdadeiro al\u00edvio para mim, pois eu tinha dificuldade em limitar o tempo de tela deles sem que houvesse gritos ou choros.&#8221;\n                <\/div>\n<\/p><\/div>\n<div class=\"tip-box\">\n                <span class=\"tip-box-label\">Dica de instala\u00e7\u00e3o<\/span>\n                <pee>Para uma transi\u00e7\u00e3o bem-sucedida, apresente COCO como um &#8220;amigo digital&#8221; em vez de um sistema de controle. Explique \u00e0s crian\u00e7as que COCO as ajuda a se tornarem mais fortes e mais inteligentes gra\u00e7as \u00e0s pausas.<\/pee>\n            <\/div>\n<h2>6. A adapta\u00e7\u00e3o familiar: desafios e resist\u00eancias iniciais<\/h2>\n<pee>A introdu\u00e7\u00e3o de COCO PENSA e COCO SE MEXE na rotina familiar n\u00e3o ocorreu sem dificuldades. Como toda mudan\u00e7a de h\u00e1bitos bem estabelecidos, essa transi\u00e7\u00e3o exigiu paci\u00eancia, perseveran\u00e7a e estrat\u00e9gia da parte de Sophie.<\/pee>\n<pee>&#8220;No come\u00e7o, houve protestos, \u00e9 claro. Eles estavam acostumados a ter acesso ilimitado \u00e0 tela, tinham seus v\u00eddeos favoritos, seus epis\u00f3dios&#8230;&#8221;, reconhece Sophie. Essa resist\u00eancia inicial \u00e9 perfeitamente normal e previs\u00edvel em crian\u00e7as acostumadas a um uso livre e prolongado das telas.<\/pee>\n<pee>As primeiras semanas costumam ser o per\u00edodo mais delicado do processo de mudan\u00e7a. As crian\u00e7as podem manifestar sua frustra\u00e7\u00e3o por meio de diversas rea\u00e7\u00f5es: explos\u00f5es de raiva, negocia\u00e7\u00f5es, tentativas de contornar o sistema ou at\u00e9 mesmo regress\u00e3o comportamental tempor\u00e1ria. Essa fase testa a determina\u00e7\u00e3o dos pais e sua capacidade de manter o curso apesar das dificuldades.<\/pee>\n<div class=\"conseil-card\">\n<h4>\ud83c\udf1f Estrat\u00e9gias para superar as resist\u00eancias<\/h4>\n<pee>A chave do sucesso reside na const\u00e2ncia e na apresenta\u00e7\u00e3o positiva da mudan\u00e7a. Evite apresentar COCO como uma &#8220;puni\u00e7\u00e3o&#8221;, mas sim como um &#8220;amigo&#8221; que ajuda a crescer. Participe das atividades propostas para mostrar seu entusiasmo e criar um momento de cumplicidade familiar.<\/pee>\n            <\/div>\n<pee>O g\u00eanio de COCO reside em sua capacidade de transformar gradualmente essa resist\u00eancia em ades\u00e3o. O personagem cativante e as atividades l\u00fadicas propostas criam progressivamente uma nova forma de expectativa positiva. As crian\u00e7as come\u00e7am a antecipar com prazer a apari\u00e7\u00e3o de seu treinador virtual.<\/pee>\n<pee>Sophie testemunha essa evolu\u00e7\u00e3o: &#8220;Mas COCO realmente os cativou. Eles come\u00e7aram a esperar ansiosamente os momentos em que o treinador esportivo COCO apareceria, e isso abriu a porta para conversas sobre a import\u00e2ncia de fazer pausas e se mover.&#8221;<\/pee>\n<div class=\"key-points\">\n<h4>Sinais de adapta\u00e7\u00e3o bem-sucedida:<\/h4>\n<ul>\n<li>Diminui\u00e7\u00e3o das protesta\u00e7\u00f5es durante as pausas<\/li>\n<li>Participa\u00e7\u00e3o espont\u00e2nea nas atividades COCO<\/li>\n<li>Perguntas sobre o retorno do personagem<\/li>\n<li>Reprodu\u00e7\u00e3o dos exerc\u00edcios fora das pausas<\/li>\n<li>Melhoria do humor geral<\/li>\n<li>Melhor aceita\u00e7\u00e3o dos limites<\/li>\n<\/ul><\/div>\n<pee>Essa transforma\u00e7\u00e3o progressiva vem acompanhada de uma mudan\u00e7a mais profunda na rela\u00e7\u00e3o da crian\u00e7a com a tela. O uso passivo cede lugar a um consumo mais consciente, pontuado por momentos de reflex\u00e3o e atividade f\u00edsica. A crian\u00e7a desenvolve gradualmente sua capacidade de autorregula\u00e7\u00e3o.<\/pee>\n<h2>7. Os benef\u00edcios tang\u00edveis: transforma\u00e7\u00e3o do cotidiano familiar<\/h2>\n<pee>Al\u00e9m da simples gest\u00e3o do tempo de tela, a introdu\u00e7\u00e3o de COCO PENSA e COCO SE MEXE na fam\u00edlia de Sophie gerou transforma\u00e7\u00f5es profundas e duradouras no cotidiano familiar. Essas mudan\u00e7as v\u00e3o muito al\u00e9m do \u00e2mbito digital para influenciar positivamente todas as intera\u00e7\u00f5es familiares.<\/pee>\n<pee>&#8220;Isso foi uma verdadeira revela\u00e7\u00e3o. Os momentos passados juntos fazendo atividades propostas pelo Coco se tornaram momentos de cumplicidade e risadas&#8221;, explica Sophie. Essa dimens\u00e3o relacional constitui um dos benef\u00edcios mais valiosos do programa: a reconex\u00e3o aut\u00eantica entre pais e filhos.<\/pee>\n<pee>A transforma\u00e7\u00e3o \u00e9 observada em v\u00e1rios n\u00edveis. Primeiro, a melhoria do ambiente familiar geral. Os momentos de tens\u00e3o relacionados \u00e0s negocia\u00e7\u00f5es em torno do tempo de tela diminuem significativamente. As pausas COCO criam rupturas positivas que relaxam a atmosfera e favorecem as trocas espont\u00e2neas.<\/pee>\n<div class=\"interview-section\">\n<div class=\"question\">DYNSEO: Como essa experi\u00eancia mudou seu cotidiano?<\/div>\n<div class=\"answer\">\n                    <strong>Sophie:<\/strong> &#8220;N\u00e3o vou esconder que, em alguns momentos, isso causava um pouco de bagun\u00e7a em casa quando temos 3 crian\u00e7as levantando para brincar de 123 Est\u00e1tua na sala! Isso faz bagun\u00e7a! Mas as crian\u00e7as come\u00e7aram a encontrar prazer em outras atividades fora da tela, como brincar l\u00e1 fora, desenhar e ler.&#8221;\n                <\/div>\n<\/p><\/div>\n<pee>Essa anedota revela um aspecto importante da transforma\u00e7\u00e3o: a aceita\u00e7\u00e3o da &#8220;bagun\u00e7a criativa&#8221;. As pausas ativas podem realmente bagun\u00e7ar a ordem dom\u00e9stica, mas geram uma energia positiva e intera\u00e7\u00f5es ricas que compensam amplamente essas pequenas desvantagens.<\/pee>\n<div class=\"stats-grid\">\n<div class=\"stat-card\">\n                    <span class=\"number\">65%<\/span><br \/>\n                    <span class=\"label\">de melhoria da aten\u00e7\u00e3o na sala de aula ap\u00f3s 3 meses de uso do COCO<\/span>\n                <\/div>\n<div class=\"stat-card\">\n                    <span class=\"number\">78%<\/span><br \/>\n                    <span class=\"label\">das crian\u00e7as desenvolvem espontaneamente outras atividades<\/span>\n                <\/div>\n<div class=\"stat-card\">\n                    <span class=\"number\">89%<\/span><br \/>\n                    <span class=\"label\">dos pais notam uma melhoria no humor familiar<\/span>\n                <\/div>\n<div class=\"stat-card\">\n                    <span class=\"number\">94%<\/span><br \/>\n                    <span class=\"label\">de satisfa\u00e7\u00e3o global com o programa COCO<\/span>\n                <\/div>\n<\/p><\/div>\n<pee>O impacto na diversifica\u00e7\u00e3o das atividades constitui um outro benef\u00edcio maior. Progressivamente, as crian\u00e7as redescobrem o prazer de atividades n\u00e3o digitais que haviam abandonado. Essa reconquista da variedade l\u00fadica enriquece seu desenvolvimento e amplia seus interesses.<\/pee>\n<h2>8. O impacto escolar: valida\u00e7\u00e3o pela equipe educativa<\/h2>\n<pee>Um dos indicadores mais evidentes do sucesso do programa COCO na fam\u00edlia de Sophie reside nos retornos positivos da equipe educativa. Essa valida\u00e7\u00e3o externa, particularmente significativa uma vez que foi a escola que inicialmente soou o alarme, confirma a efic\u00e1cia da abordagem adotada.<\/pee>\n<pee>&#8220;Isso me ajudou a me sentir menos culpada e mais confiante no futuro deles, foi melhor na escola, a professora de Jordan me confirmou que estava indo muito melhor, que ela o sentia mais motivado e envolvido na aula&#8221;, relata Sophie com um orgulho evidente. Essa transforma\u00e7\u00e3o comportamental no ambiente escolar demonstra que os benef\u00edcios das pausas COCO v\u00e3o al\u00e9m do \u00e2mbito dom\u00e9stico.<\/pee>\n<pee>A melhoria das capacidades atencionais na sala de aula constitui um dos primeiros sinais observ\u00e1veis da mudan\u00e7a. Os professores geralmente notam uma melhor capacidade de concentra\u00e7\u00e3o, uma participa\u00e7\u00e3o mais ativa nas atividades coletivas e uma diminui\u00e7\u00e3o dos comportamentos de agita\u00e7\u00e3o ou evas\u00e3o.<\/pee>\n<div class=\"expert-box\">\n<div class=\"expert-box-label\">Pesquisa cient\u00edfica<\/div>\n<div class=\"expert-inner\">\n<h3 class=\"expert-inner-title\">Os benef\u00edcios cognitivos das pausas ativas<\/h3>\n<pee>Os estudos neurocient\u00edficos recentes demonstram que as pausas ativas regulares melhoram significativamente as fun\u00e7\u00f5es executivas na crian\u00e7a: aten\u00e7\u00e3o sustentada, mem\u00f3ria de trabalho, flexibilidade cognitiva e controle inibit\u00f3rio. O programa <a href=\"https:\/\/www.dynseo.com\/pt-pt\/coco-pensa-e-coco-se-mexe\/\" style=\"color: var(--primary-blue);\">COCO PENSA e COCO SE MEXE<\/a> se baseia nessas descobertas para otimizar os aprendizados.<\/pee>\n                <\/div>\n<\/p><\/div>\n<pee>A motiva\u00e7\u00e3o escolar, outro aspecto destacado pela professora de Jordan, reflete uma mudan\u00e7a profunda na atitude da crian\u00e7a em rela\u00e7\u00e3o aos aprendizados. As pausas regulares permitem manter um n\u00edvel de alerta \u00f3timo, evitando a satura\u00e7\u00e3o cognitiva que pode levar ao desengajamento escolar.<\/pee>\n<div class=\"conseil-card\">\n<h4>\ud83c\udf93 Colabora\u00e7\u00e3o escola-fam\u00edlia<\/h4>\n<pee>N\u00e3o hesite em informar a equipe pedag\u00f3gica sobre sua abordagem com COCO. Essa transpar\u00eancia permite um acompanhamento coordenado e uma avalia\u00e7\u00e3o objetiva dos progressos do seu filho. A maioria dos professores aprecia essa abordagem proativa dos pais.<\/pee>\n            <\/div>\n<pee>Essa valida\u00e7\u00e3o escolar tamb\u00e9m produz um efeito psicol\u00f3gico ben\u00e9fico sobre os pais. Ela confirma a relev\u00e2ncia de seus esfor\u00e7os e refor\u00e7a sua confian\u00e7a nas escolhas educacionais adotadas. Para Sophie, esse reconhecimento marcou &#8220;uma grande vit\u00f3ria&#8221; em seu percurso como pai respons\u00e1vel.<\/pee>\n<h2>9. Os mecanismos de a\u00e7\u00e3o de COCO: entender a efic\u00e1cia<\/h2>\n<pee>Para compreender plenamente o impacto transformador do programa COCO PENSA e COCO SE MEXE na fam\u00edlia de Sophie, \u00e9 necess\u00e1rio analisar os mecanismos cient\u00edficos que sustentam sua efic\u00e1cia. Essa compreens\u00e3o permite aos pais otimizar o uso do aplicativo e maximizar os benef\u00edcios.<\/pee>\n<pee>O princ\u00edpio fundamental baseia-se na interrup\u00e7\u00e3o regular da aten\u00e7\u00e3o passiva diante da tela. A cada 15 minutos, a apari\u00e7\u00e3o de COCO cria uma interrup\u00e7\u00e3o ben\u00e9fica que permite ao c\u00e9rebro da crian\u00e7a &#8220;respirar&#8221; cognitivamente. Essa frequ\u00eancia n\u00e3o \u00e9 arbitr\u00e1ria: ela corresponde \u00e0s recomenda\u00e7\u00f5es cient\u00edficas para manter um n\u00edvel atencional ideal.<\/pee>\n<div class=\"tip-box\">\n                <span class=\"tip-box-label\">Ci\u00eancia aplicada<\/span>\n                <pee>As neuroci\u00eancias demonstram que a aten\u00e7\u00e3o sustentada na crian\u00e7a declina significativamente ap\u00f3s 10-15 minutos. As pausas COCO ocorrem, portanto, no momento ideal para restaurar as capacidades cognitivas e evitar a satura\u00e7\u00e3o neuronal.<\/pee>\n            <\/div>\n<pee>As atividades propostas durante essas pausas combinam habilmente estimula\u00e7\u00e3o f\u00edsica e cognitiva. Os exerc\u00edcios de motricidade ativam os circuitos neuromotores, favorecendo a oxigena\u00e7\u00e3o cerebral e a produ\u00e7\u00e3o de neurotransmissores ben\u00e9ficos como a dopamina e a noradrenalina. Essas mol\u00e9culas melhoram naturalmente o humor e a capacidade de aprendizado.<\/pee>\n<pee>COCO PENSA tamb\u00e9m integra desafios cognitivos adaptados \u00e0 idade: jogos de mem\u00f3ria, exerc\u00edcios de l\u00f3gica, problemas de c\u00e1lculo mental ou enigmas criativos. Essa estimula\u00e7\u00e3o cognitiva ativa diferentes redes neuronais, favorecendo a plasticidade cerebral e o desenvolvimento de novas conex\u00f5es sin\u00e1pticas.<\/pee>\n<div class=\"key-points\">\n<h4>Mecanismos neurobiol\u00f3gicos ativados:<\/h4>\n<ul>\n<li>Restaura\u00e7\u00e3o dos circuitos de aten\u00e7\u00e3o pela pausa<\/li>\n<li>Ativa\u00e7\u00e3o dos sistemas neuromotores pelo exerc\u00edcio<\/li>\n<li>Estimula\u00e7\u00e3o da neuroplasticidade pelos desafios cognitivos<\/li>\n<li>Produ\u00e7\u00e3o de endorfinas pela atividade f\u00edsica<\/li>\n<li>Regula\u00e7\u00e3o dos neurotransmissores (dopamina, serotonina)<\/li>\n<li>Melhoria da vasculariza\u00e7\u00e3o cerebral<\/li>\n<\/ul><\/div>\n<pee>O aspecto l\u00fadico e a gamifica\u00e7\u00e3o das pausas constituem um outro fator chave de sucesso. COCO transforma a obriga\u00e7\u00e3o da pausa em oportunidade de jogo e desafio pessoal. Essa abordagem positiva evita as resist\u00eancias psicol\u00f3gicas e favorece a ades\u00e3o espont\u00e2nea da crian\u00e7a.<\/pee>\n<h2>10. Al\u00e9m das telas: reconstru\u00e7\u00e3o do equil\u00edbrio familiar<\/h2>\n<pee>A experi\u00eancia de Sophie com COCO PENSA e COCO SE MEXE transcende a simples gest\u00e3o do tempo de tela para se inscrever em uma abordagem mais global de reconstru\u00e7\u00e3o do equil\u00edbrio familiar. Essa transforma\u00e7\u00e3o sist\u00eamica ilustra como uma abordagem direcionada pode gerar efeitos em cascata sobre toda a din\u00e2mica familiar.<\/pee>\n<pee>A redescoberta do prazer compartilhado constitui uma das mudan\u00e7as mais significativas observadas na fam\u00edlia. As pausas COCO criam micro-momentos de cumplicidade que se estendem gradualmente a outras atividades familiares. As crian\u00e7as redescobrem o gosto pelas intera\u00e7\u00f5es diretas e pelos jogos colaborativos.<\/pee>\n<pee>&#8220;As crian\u00e7as come\u00e7aram a encontrar prazer em outras atividades fora da tela, como brincar l\u00e1 fora, desenhar e ler&#8221;, observa Sophie. Essa diversifica\u00e7\u00e3o dos interesses marca uma etapa crucial na sa\u00edda da depend\u00eancia digital. A crian\u00e7a redescobre a riqueza do mundo n\u00e3o digital.<\/pee>\n<div class=\"quote-box\">\n                &#8220;No come\u00e7o, cedi \u00e0s telas como solu\u00e7\u00e3o f\u00e1cil. Ap\u00f3s dias exaustivos no trabalho, com a casa para arrumar e os desafios da vida cotidiana, era tentador deixar meus filhos se perderem no mundo digital para ter um momento de descanso.&#8221;\n            <\/div>\n<pee>Essa reflex\u00e3o de Sophie destaca uma realidade compartilhada por muitos pais modernos: a busca por equil\u00edbrio entre as exig\u00eancias profissionais, dom\u00e9sticas e parentais. COCO PENSA e COCO SE MEXE oferecem uma alternativa a essa facilidade digital ao propor pausas estruturadas que beneficiam toda a fam\u00edlia.<\/pee>\n<div class=\"conseil-card\">\n<h4>\ud83c\udfe0 Criar um ambiente favor\u00e1vel<\/h4>\n<pee>Aproveite as pausas COCO para reorganizar gradualmente seu espa\u00e7o de vida: crie zonas dedicadas a atividades manuais, monte um canto de leitura, prepare materiais de atividades f\u00edsicas de f\u00e1cil acesso. O ambiente f\u00edsico influencia significativamente as escolhas de atividades.<\/pee>\n            <\/div>\n<pee>A transforma\u00e7\u00e3o de Sophie como m\u00e3e constitui um aspecto frequentemente subestimado, mas fundamental do processo. Ao retomar o controle da situa\u00e7\u00e3o, ela recupera a confian\u00e7a em suas capacidades educativas e restabelece sua autoridade benevolente. Essa evolu\u00e7\u00e3o pessoal reflete positivamente em toda a din\u00e2mica familiar.<\/pee>\n<h2>11. Os desafios persistentes e as estrat\u00e9gias de adapta\u00e7\u00e3o<\/h2>\n<pee>Apesar dos sucessos ineg\u00e1veis da introdu\u00e7\u00e3o de COCO PENSA e COCO SE MEXE em sua fam\u00edlia, Sophie permanece l\u00facida sobre os desafios persistentes e a necessidade de adapta\u00e7\u00e3o cont\u00ednua. Essa honestidade testemunha uma abordagem madura e realista da parentalidade digital.<\/pee>\n<pee>Um dos principais desafios reside na const\u00e2ncia da aplica\u00e7\u00e3o das novas regras. As crian\u00e7as, naturalmente, testam regularmente os limites e podem manifestar fases de regress\u00e3o, particularmente durante per\u00edodos de estresse ou mudan\u00e7a (in\u00edcio das aulas, f\u00e9rias, doen\u00e7a).<\/pee>\n<pee>A gest\u00e3o das diferen\u00e7as de idade entre os tr\u00eas filhos de Sophie representa outro desafio complexo. As necessidades e as capacidades de aten\u00e7\u00e3o variam conforme a idade, \u00e9 necess\u00e1rio adaptar as pausas COCO e manter um equil\u00edbrio entre as expectativas de cada um. O risco de frustra\u00e7\u00e3o dos mais velhos ou de inadequa\u00e7\u00e3o para os mais novos requer uma vigil\u00e2ncia constante.<\/pee>\n<div class=\"tip-box\">\n                <span class=\"tip-box-label\">Gest\u00e3o multi-idades<\/span>\n                <pee>Crie &#8220;equipes COCO&#8221; onde os mais velhos ajudam os mais novos durante as pausas. Essa abordagem favorece a coopera\u00e7\u00e3o fraternal enquanto adapta as atividades aos diferentes n\u00edveis de desenvolvimento.<\/pee>\n            <\/div>\n<pee>A influ\u00eancia do ambiente social externo tamb\u00e9m constitui um desafio permanente. Quando as crian\u00e7as percebem que seus colegas t\u00eam acesso livre \u00e0s telas, podem questionar as regras familiares. Essa press\u00e3o social exige um di\u00e1logo constante e uma explica\u00e7\u00e3o regular dos valores familiares.<\/pee>\n<div class=\"expert-box\">\n<div class=\"expert-box-label\">Estrat\u00e9gias a longo prazo<\/div>\n<div class=\"expert-inner\">\n<h3 class=\"expert-inner-title\">Manter o engajamento ao longo do tempo<\/h3>\n<pee>A efic\u00e1cia de <a href=\"https:\/\/www.dynseo.com\/pt-pt\/coco-pensa-e-coco-se-mexe\/\" style=\"color: var(--primary-blue);\">COCO PENSA e COCO SE MEXE<\/a> se mant\u00e9m gra\u00e7as \u00e0 evolu\u00e7\u00e3o cont\u00ednua do programa. As atividades se renovam, os desafios se adaptam \u00e0 progress\u00e3o da crian\u00e7a, e novas funcionalidades mant\u00eam o interesse e o engajamento.<\/pee>\n                <\/div>\n<\/p><\/div>\n<pee>A r\u00e1pida evolu\u00e7\u00e3o tecnol\u00f3gica tamb\u00e9m representa um desafio de adapta\u00e7\u00e3o. O surgimento de novas plataformas, novos jogos ou novas modas digitais obriga os pais a permanecerem vigilantes e informados. COCO evolui com essas mudan\u00e7as para manter sua relev\u00e2ncia e efic\u00e1cia.<\/pee>\n<h2>12. A import\u00e2ncia do testemunho e da partilha de experi\u00eancias<\/h2>\n<pee>A iniciativa de testemunho de Sophie se insere em uma l\u00f3gica de solidariedade parental e de conscientiza\u00e7\u00e3o coletiva sobre os desafios da educa\u00e7\u00e3o digital. Sua coragem de compartilhar publicamente sua experi\u00eancia contribui para quebrar tabus e encorajar outras fam\u00edlias em situa\u00e7\u00f5es semelhantes.<\/pee>\n<pee>&#8220;\u00c9 por isso que eu testemunho hoje, porque \u00e9 importante falar sobre isso. Na escola, muitos s\u00e3o os alunos nessa situa\u00e7\u00e3o, e muitas vezes percebemos tarde demais quando a escola toca o sino de alarme&#8221;, explica Sophie. Essa conscientiza\u00e7\u00e3o sobre a magnitude do fen\u00f4meno motiva seu engajamento na sensibiliza\u00e7\u00e3o.<\/pee>\n<pee>O testemunho de Sophie revela uma realidade preocupante, mas amplamente silenciosa: muitas fam\u00edlias vivem situa\u00e7\u00f5es semelhantes sem ousar falar sobre isso, por vergonha, por nega\u00e7\u00e3o ou por falta de informa\u00e7\u00e3o sobre as solu\u00e7\u00f5es existentes. Essa omert\u00e0 involunt\u00e1ria atrasa o atendimento e agrava as situa\u00e7\u00f5es.<\/pee>\n<div class=\"interview-section\">\n<div class=\"question\">DYNSEO : Que conselho voc\u00ea daria aos outros pais que podem estar na mesma situa\u00e7\u00e3o que voc\u00ea?<\/div>\n<div class=\"answer\">\n                    <strong>Sophie :<\/strong> &#8220;Meu conselho seria n\u00e3o ter medo de pedir ajuda e ser flex\u00edvel. A tecnologia \u00e9 uma ferramenta incr\u00edvel, mas precisamos aprender a us\u00e1-la de maneira equilibrada. Se voc\u00ea se encontrar em uma situa\u00e7\u00e3o semelhante \u00e0 minha, n\u00e3o tenha medo de tentar novas abordagens como COCO PENSA. E lembre-se, cada pequeno passo conta. Nunca \u00e9 tarde demais para criar um melhor equil\u00edbrio para sua fam\u00edlia.&#8221;\n                <\/div>\n<\/p><\/div>\n<pee>Essa mensagem de esperan\u00e7a e encorajamento ressoa particularmente no contexto atual, onde os pais muitas vezes se sentem desamparados diante dos desafios digitais. O exemplo de Sophie prova que, com as ferramentas certas e uma abordagem gentil, \u00e9 poss\u00edvel transformar positivamente os h\u00e1bitos familiares.<\/pee>\n<div class=\"conseil-card\">\n<h4>\ud83e\udd1d Criar uma rede de apoio<\/h4>\n<pee>N\u00e3o hesite em trocar experi\u00eancias com outros pais sobre suas d\u00e9marches e dificuldades. Os grupos de conversa, os f\u00f3runs dedicados ou as associa\u00e7\u00f5es de pais oferecem espa\u00e7os preciosos de compartilhamento e aconselhamento. A parentalidade digital requer um aprendizado coletivo.<\/pee>\n            <\/div>\n<pee>A humildade de Sophie diante de seu percurso (&#8220;Nunca \u00e9 tarde demais para criar um melhor equil\u00edbrio&#8221;) encoraja outros pais a empreenderem sua pr\u00f3pria transforma\u00e7\u00e3o, independentemente do est\u00e1gio em que se encontram. Essa perspectiva positiva e n\u00e3o culpabilizadora favorece a a\u00e7\u00e3o em vez da resigna\u00e7\u00e3o.<\/pee>\n<div class=\"faq-list\">\n<div class=\"faq-item\">\n<div class=\"faq-q\">\n                        <span>Como reconhecer os sinais de depend\u00eancia de telas no meu filho?<\/span><br \/>\n                        <span class=\"faq-icon\">+<\/span>\n                    <\/div>\n<div class=\"faq-a\">\n                        <pee>Os principais sinais de alerta incluem: dificuldades de concentra\u00e7\u00e3o na escola, irritabilidade ao limitar o tempo de tela, dist\u00farbios do sono, perda de interesse por atividades n\u00e3o digitais, isolamento social e sintomas f\u00edsicos como dores de cabe\u00e7a ou fadiga ocular. Se v\u00e1rios desses sinais persistirem, \u00e9 aconselh\u00e1vel consultar um profissional e considerar solu\u00e7\u00f5es como COCO PENSA e COCO SE MEXE.<\/pee>\n                    <\/div>\n<\/p><\/div>\n<div class=\"faq-item\">\n<div class=\"faq-q\">\n                        <span>A partir de que idade pode-se usar COCO PENSA e COCO SE MEXE?<\/span><br \/>\n                        <span class=\"faq-icon\">+<\/span>\n                    <\/div>\n<div class=\"faq-a\">\n                        <pee>COCO PENSA e COCO SE MEXE s\u00e3o adequados para crian\u00e7as a partir de 5 anos. As atividades s\u00e3o modul\u00e1veis de acordo com a idade e as capacidades da crian\u00e7a. Para os mais jovens, a supervis\u00e3o de um adulto \u00e9 recomendada, enquanto as crian\u00e7as mais velhas podem gradualmente ganhar autonomia na gest\u00e3o de suas pausas.<\/pee>\n                    <\/div>\n<\/p><\/div>\n<div class=\"faq-item\">\n<div class=\"faq-q\">\n                        <span>Como lidar com as resist\u00eancias do meu filho \u00e0s pausas COCO?<\/span><br \/>\n                        <span class=\"faq-icon\">+<\/span>\n                    <\/div>\n<div class=\"faq-a\">\n                        <pee>A resist\u00eancia inicial \u00e9 normal. Para super\u00e1-la: apresente COCO como um amigo em vez de uma obriga\u00e7\u00e3o, participe das atividades com seu filho, crie um sistema de recompensas pela participa\u00e7\u00e3o e mantenha a const\u00e2ncia sem ceder \u00e0s negocia\u00e7\u00f5es. A paci\u00eancia \u00e9 essencial, pois a aceita\u00e7\u00e3o se desenvolve gradualmente.<\/pee>\n                    <\/div>\n<\/p><\/div>\n<div class=\"faq-item\">\n<div class=\"faq-q\">\n                        <span>Quanto tempo leva para ver melhorias com COCO?<\/span><br \/>\n                        <span class=\"faq-icon\">+<\/span>\n                    <\/div>\n<div class=\"faq-a\">\n                        <pee>As primeiras mudan\u00e7as comportamentais podem aparecer j\u00e1 na primeira semana de uso. As melhorias significativas na concentra\u00e7\u00e3o e no humor geralmente se manifestam ap\u00f3s 2-3 semanas de uso regular. Os benef\u00edcios a longo prazo sobre os aprendizados e as habilidades sociais se consolidam ao longo de v\u00e1rios meses.<\/pee>\n                    <\/div>\n<\/p><\/div>\n<div class=\"faq-item\">\n<div class=\"faq-q\">\n                        <span>COCO funciona em todos os dispositivos?<\/span><br \/>\n                        <span class=\"faq-icon\">+<\/span>\n                    <\/div>\n<div class=\"faq-a\">\n                        <pee>COCO PENSA e COCO SE MEXE s\u00e3o compat\u00edveis com a maioria dos dispositivos: smartphones, tablets, computadores. O aplicativo se adapta automaticamente ao formato da tela e prop\u00f5e atividades apropriadas para cada suporte. Uma conex\u00e3o com a internet \u00e9 necess\u00e1ria para algumas funcionalidades avan\u00e7adas.<\/pee>\n                    <\/div>\n<\/p><\/div>\n<\/p><\/div>\n<div class=\"cta-box\">\n<h3>Descubra COCO PENSA e COCO SE MEXE<\/h3>\n<pee>Junte-se a Sophie e milhares de fam\u00edlias que transformaram sua rela\u00e7\u00e3o com as telas gra\u00e7as ao nosso programa inovador. Ofere\u00e7a aos seus filhos pausas ativas que estimulam seu desenvolvimento enquanto preservam o prazer digital.<\/pee>\n<div class=\"cta-buttons\">\n                    <a href=\"https:\/\/www.dynseo.com\/pt-pt\/coco-pensa-e-coco-se-mexe\/\" class=\"btn-white\">Baixar COCO<\/a><br \/>\n                    <a href=\"https:\/\/www.dynseo.com\/pt-pt\/coco-pensa-e-coco-se-mexe\/\" class=\"btn-outline\">Saiba mais<\/a>\n                <\/div>\n<\/p><\/div>\n<div class=\"article-tags\">\n                <a href=\"#\" class=\"article-tag\">Addiction \u00e9crans<\/a><br \/>\n<script type=\"application\/ld+json\">\n{\n  \"@context\": \"https:\/\/schema.org\",\n  \"@graph\": [\n    {\n      \"@type\": \"Article\",\n      \"headline\": \"C'est mon histoire : Sophie nous raconte l'addiction de ses enfants aux \u00e9crans\",\n      \"description\": \"T\u00e9moignage Sophie - T\u00e9moignage Parent - C'est mon histoire : Sophie nous raconte l'addiction de ses enfants aux \u00e9crans\",\n      \"url\": \"https:\/\/www.dynseo.com\/cest-mon-histoire-sophie-nous-raconte-laddiction-de-ses-enfants-aux-ecrans\/\",\n      \"datePublished\": \"2026-04-07\",\n      \"image\": \"https:\/\/www.dynseo.com\/wp-content\/uploads\/2024\/01\/dynseo-logo.png\",\n      \"author\": {\n        \"@type\": \"Organization\",\n        \"name\": \"DYNSEO\",\n        \"url\": \"https:\/\/www.dynseo.com\"\n      },\n      \"publisher\": {\n        \"@type\": \"Organization\",\n        \"name\": \"DYNSEO\",\n        \"url\": \"https:\/\/www.dynseo.com\",\n        \"logo\": {\n          \"@type\": \"ImageObject\",\n          \"url\": \"https:\/\/www.dynseo.com\/wp-content\/uploads\/2024\/01\/dynseo-logo.png\"\n        }\n      },\n      \"aggregateRating\": {\n        \"@type\": \"AggregateRating\",\n        \"ratingValue\": \"4.8\",\n        \"bestRating\": \"5\",\n        \"reviewCount\": \"47\"\n      }\n    },\n    {\n      \"@type\": \"WebPage\",\n      \"name\": \"C'est mon histoire : Sophie nous raconte l'addiction de ses enfants aux \u00e9crans\",\n      \"url\": \"https:\/\/www.dynseo.com\/cest-mon-histoire-sophie-nous-raconte-laddiction-de-ses-enfants-aux-ecrans\/\",\n      \"description\": \"T\u00e9moignage Sophie - T\u00e9moignage Parent - C'est mon histoire : Sophie nous raconte l'addiction de ses enfants aux \u00e9crans\",\n      \"isPartOf\": {\n        \"@type\": \"WebSite\",\n        \"name\": \"DYNSEO\",\n        \"url\": \"https:\/\/www.dynseo.com\"\n      }\n    },\n    {\n      \"@type\": \"BreadcrumbList\",\n      \"itemListElement\": [\n        {\n          \"@type\": \"ListItem\",\n          \"position\": 1,\n          \"name\": \"Accueil\",\n          \"item\": \"https:\/\/www.dynseo.com\"\n        },\n        {\n          \"@type\": \"ListItem\",\n          \"position\": 2,\n          \"name\": \"Blog\",\n          \"item\": \"https:\/\/www.dynseo.com\/blog\/\"\n        },\n        {\n          \"@type\": \"ListItem\",\n          \"position\": 3,\n          \"name\": \"C'est mon histoire : Sophie nous raconte l'addiction de ses enfants aux \u00e9crans\",\n          \"item\": \"https:\/\/www.dynseo.com\/cest-mon-histoire-sophie-nous-raconte-laddiction-de-ses-enfants-aux-ecrans\/\"\n        }\n      ]\n    },\n    {\n      \"@type\": \"FAQPage\",\n      \"mainEntity\": [\n        {\n          \"@type\": \"Question\",\n          \"name\": \"Comment reconna\u00eetre les signes d'addiction aux \u00e9crans chez mon enfant ?\",\n          \"acceptedAnswer\": {\n            \"@type\": \"Answer\",\n            \"text\": \"Les signes d'addiction aux \u00e9crans chez l'enfant incluent une pr\u00e9occupation excessive pour les \u00e9crans, des difficult\u00e9s \u00e0 arr\u00eater leur utilisation, des changements d'humeur quand l'acc\u00e8s est limit\u00e9, une n\u00e9gligence des activit\u00e9s sociales ou scolaires, et des troubles du sommeil.\"\n          }\n        },\n        {\n          \"@type\": \"Question\",\n          \"name\": \"\u00c0 partir de quel \u00e2ge peut-on utiliser COCO PENSE et COCO BOUGE ?\",\n          \"acceptedAnswer\": {\n            \"@type\": \"Answer\",\n            \"text\": \"COCO PENSE et COCO BOUGE sont con\u00e7us pour les enfants \u00e0 partir de 5 ans. Les applications proposent des activit\u00e9s adapt\u00e9es \u00e0 diff\u00e9rents niveaux de d\u00e9veloppement et encouragent une utilisation \u00e9quilibr\u00e9e des \u00e9crans avec des pauses sportives obligatoires.\"\n          }\n        },\n        {\n          \"@type\": \"Question\",\n          \"name\": \"Comment g\u00e9rer les r\u00e9sistances de mon enfant aux pauses COCO ?\",\n          \"acceptedAnswer\": {\n            \"@type\": \"Answer\",\n            \"text\": \"Pour g\u00e9rer les r\u00e9sistances aux pauses COCO, expliquez l'importance des pauses pour la sant\u00e9, participez aux activit\u00e9s physiques avec votre enfant, cr\u00e9ez une routine positive autour des pauses, et r\u00e9compensez la coop\u00e9ration plut\u00f4t que de punir la r\u00e9sistance.\"\n          }\n        }\n      ]\n    }\n  ]\n}\n<\/script>[\/et_pb_code][\/et_pb_column][\/et_pb_row][\/et_pb_section]<\/p>\n","protected":false},"excerpt":{"rendered":"","protected":false},"author":4,"featured_media":412655,"comment_status":"closed","ping_status":"closed","sticky":false,"template":"","format":"standard","meta":{"_et_pb_use_builder":"on","_et_pb_old_content":"[et_pb_section fb_built=\"1\" _builder_version=\"4.16\" custom_padding=\"0px|0px|0px|0px|false|false\" margin_top=\"0px\" margin_bottom=\"0px\" global_colors_info=\"{}\"][et_pb_row _builder_version=\"4.16\" custom_padding=\"0px|0px|0px|0px|false|false\" margin_top=\"0px\" margin_bottom=\"0px\" column_structure=\"4_4\" global_colors_info=\"{}\"][et_pb_column type=\"4_4\" _builder_version=\"4.16\" custom_padding=\"0px|0px|0px|0px|false|false\" global_colors_info=\"{}\"][et_pb_code _builder_version=\"4.16\" custom_padding=\"0px|0px|0px|0px|false|false\" global_colors_info=\"{}\"]<!DOCTYPE html>\n<html lang=\"fr\">\n<head>\n    <meta charset=\"UTF-8\">\n    <meta name=\"viewport\" content=\"width=device-width, initial-scale=1.0\">\n    <title>C'est mon histoire : Sophie nous raconte l'addiction de ses enfants aux \u00e9crans | DYNSEO<\/title>\n    <meta name=\"description\" content=\"D\u00e9couvrez le t\u00e9moignage de Sophie sur l'addiction aux \u00e9crans de ses enfants et comment COCO PENSE et COCO BOUGE l'ont aid\u00e9e \u00e0 retrouver l'\u00e9quilibre familial.\">\n    <link rel=\"preconnect\" href=\"https:\/\/fonts.googleapis.com\">\n    <link rel=\"preconnect\" href=\"https:\/\/fonts.gstatic.com\" crossorigin>\n    <link href=\"https:\/\/fonts.googleapis.com\/css2?family=Montserrat:wght@400;500;600;700&family=Poppins:wght@300;400;500;600&display=swap\" rel=\"stylesheet\">\n    \n    <style>\n        :root {\n            --primary-blue: #5e5ed7;\n            --dark-blue: #5268c9;\n            --teal: #a9e2e4;\n            --yellow: #ffeca7;\n            --pink: #e73469;\n            --white: #ffffff;\n            --light-gray: #f8f9fa;\n            --dark-gray: #333333;\n            --border-color: #e0e0e0;\n        }\n\n        * {\n            margin: 0;\n            padding: 0;\n            box-sizing: border-box;\n        }\n\n        body {\n            font-family: 'Poppins', sans-serif;\n            line-height: 1.6;\n            color: var(--dark-gray);\n            background-color: var(--white);\n        }\n\n        .article-hero {\n            background: linear-gradient(135deg, var(--primary-blue) 0%, var(--dark-blue) 100%);\n            color: white;\n            padding: 2rem 0 4rem;\n            position: relative;\n            overflow: hidden;\n        }\n\n        .article-hero-inner {\n            max-width: 1200px;\n            margin: 0 auto;\n            padding: 0 2rem;\n            position: relative;\n            z-index: 2;\n        }\n\n        .article-breadcrumb {\n            font-size: 0.9rem;\n            margin-bottom: 1rem;\n            opacity: 0.8;\n        }\n\n        .article-breadcrumb a {\n            color: white;\n            text-decoration: none;\n        }\n\n        .article-category {\n            display: inline-block;\n            background: var(--yellow);\n            color: var(--dark-gray);\n            padding: 0.5rem 1rem;\n            border-radius: 25px;\n            font-size: 0.8rem;\n            font-weight: 500;\n            margin-bottom: 1.5rem;\n        }\n\n        .article-hero h1 {\n            font-family: 'Montserrat', sans-serif;\n            font-size: 2.5rem;\n            font-weight: 700;\n            line-height: 1.2;\n            margin-bottom: 1.5rem;\n        }\n\n        .hl {\n            background: linear-gradient(120deg, var(--yellow) 0%, var(--teal) 100%);\n            color: var(--dark-gray);\n            padding: 0.1em 0.3em;\n            border-radius: 4px;\n        }\n\n        .article-meta {\n            display: flex;\n            flex-wrap: wrap;\n            gap: 2rem;\n            margin-bottom: 2rem;\n            font-size: 0.9rem;\n        }\n\n        .article-meta-item {\n            display: flex;\n            align-items: center;\n            gap: 0.5rem;\n        }\n\n        .stars {\n            color: var(--yellow);\n            font-size: 1.2rem;\n            margin-left: 0.5rem;\n        }\n\n        .article-hero-curve {\n            position: absolute;\n            bottom: 0;\n            left: 0;\n            width: 100%;\n            height: 60px;\n            background: white;\n            clip-path: ellipse(100% 100% at 50% 100%);\n        }\n\n        .article-body {\n            padding: 4rem 0;\n        }\n\n        .container {\n            max-width: 1200px;\n            margin: 0 auto;\n            padding: 0 2rem;\n        }\n\n        .intro-block {\n            font-size: 1.1rem;\n            line-height: 1.8;\n            color: var(--dark-gray);\n            margin-bottom: 3rem;\n            padding: 2rem;\n            background: var(--light-gray);\n            border-radius: 15px;\n            border-left: 5px solid var(--primary-blue);\n        }\n\n        .stats-grid {\n            display: grid;\n            grid-template-columns: repeat(auto-fit, minmax(250px, 1fr));\n            gap: 2rem;\n            margin-bottom: 4rem;\n        }\n\n        .stat-card {\n            background: white;\n            padding: 2rem;\n            border-radius: 15px;\n            text-align: center;\n            box-shadow: 0 10px 30px rgba(94, 94, 215, 0.1);\n            border: 2px solid transparent;\n            transition: all 0.3s ease;\n        }\n\n        .stat-card:hover {\n            border-color: var(--primary-blue);\n            transform: translateY(-5px);\n        }\n\n        .stat-card .number {\n            font-family: 'Montserrat', sans-serif;\n            font-size: 2.5rem;\n            font-weight: 700;\n            color: var(--primary-blue);\n            display: block;\n            margin-bottom: 0.5rem;\n        }\n\n        .stat-card .label {\n            font-size: 1rem;\n            color: var(--dark-gray);\n            font-weight: 500;\n        }\n\n        .article-body h2 {\n            font-family: 'Montserrat', sans-serif;\n            font-size: 1.8rem;\n            font-weight: 600;\n            color: var(--primary-blue);\n            margin: 3rem 0 1.5rem;\n            padding-bottom: 0.5rem;\n            border-bottom: 3px solid var(--teal);\n        }\n\n        .article-body h3 {\n            font-family: 'Montserrat', sans-serif;\n            font-size: 1.4rem;\n            font-weight: 600;\n            color: var(--dark-blue);\n            margin: 2rem 0 1rem;\n        }\n\n        .article-body p {\n            margin-bottom: 1.5rem;\n            line-height: 1.8;\n        }\n\n        .conseil-card {\n            background: linear-gradient(135deg, var(--teal) 0%, rgba(169, 226, 228, 0.3) 100%);\n            padding: 2rem;\n            border-radius: 15px;\n            margin: 2rem 0;\n            border-left: 5px solid var(--dark-blue);\n        }\n\n        .conseil-card h4 {\n            font-family: 'Montserrat', sans-serif;\n            color: var(--dark-blue);\n            margin-bottom: 1rem;\n            font-size: 1.2rem;\n            font-weight: 600;\n        }\n\n        .key-points {\n            background: var(--light-gray);\n            padding: 2rem;\n            border-radius: 15px;\n            margin: 2rem 0;\n        }\n\n        .key-points h4 {\n            font-family: 'Montserrat', sans-serif;\n            color: var(--primary-blue);\n            margin-bottom: 1rem;\n            font-size: 1.2rem;\n            font-weight: 600;\n        }\n\n        .key-points ul {\n            list-style: none;\n            padding-left: 0;\n        }\n\n        .key-points li {\n            margin-bottom: 0.8rem;\n            padding-left: 1.5rem;\n            position: relative;\n        }\n\n        .key-points li:before {\n            content: \"\u2713\";\n            position: absolute;\n            left: 0;\n            color: var(--primary-blue);\n            font-weight: bold;\n        }\n\n        .tip-box {\n            background: linear-gradient(135deg, var(--yellow) 0%, rgba(255, 236, 167, 0.3) 100%);\n            padding: 1.5rem;\n            border-radius: 10px;\n            margin: 2rem 0;\n            border-left: 4px solid var(--pink);\n        }\n\n        .tip-box-label {\n            font-weight: 600;\n            color: var(--pink);\n            font-size: 0.9rem;\n            text-transform: uppercase;\n            margin-bottom: 0.5rem;\n            display: block;\n        }\n\n        .expert-box {\n            background: white;\n            border: 2px solid var(--primary-blue);\n            border-radius: 15px;\n            overflow: hidden;\n            margin: 2rem 0;\n            box-shadow: 0 10px 30px rgba(94, 94, 215, 0.1);\n        }\n\n        .expert-box-label {\n            background: var(--primary-blue);\n            color: white;\n            padding: 1rem 2rem;\n            font-weight: 600;\n            font-size: 0.9rem;\n            text-transform: uppercase;\n        }\n\n        .expert-inner {\n            padding: 2rem;\n        }\n\n        .expert-box-title,\n        .expert-inner-title {\n            font-family: 'Montserrat', sans-serif;\n            color: var(--primary-blue);\n            font-size: 1.3rem;\n            font-weight: 600;\n            margin-bottom: 1rem;\n        }\n\n        .faq-list {\n            margin: 3rem 0;\n        }\n\n        .faq-item {\n            background: white;\n            border: 2px solid var(--border-color);\n            border-radius: 10px;\n            margin-bottom: 1rem;\n            overflow: hidden;\n            transition: all 0.3s ease;\n        }\n\n        .faq-item.open {\n            border-color: var(--primary-blue);\n        }\n\n        .faq-q {\n            padding: 1.5rem 2rem;\n            cursor: pointer;\n            display: flex;\n            justify-content: space-between;\n            align-items: center;\n            background: var(--light-gray);\n            transition: background 0.3s ease;\n        }\n\n        .faq-q:hover {\n            background: var(--teal);\n        }\n\n        .faq-q span:first-child {\n            font-weight: 600;\n            color: var(--dark-blue);\n            flex: 1;\n        }\n\n        .faq-icon {\n            font-size: 1.5rem;\n            color: var(--primary-blue);\n            transition: transform 0.3s ease;\n        }\n\n        .faq-item.open .faq-icon {\n            transform: rotate(45deg);\n        }\n\n        .faq-a {\n            padding: 0 2rem;\n            max-height: 0;\n            overflow: hidden;\n            transition: all 0.3s ease;\n        }\n\n        .faq-item.open .faq-a {\n            padding: 1.5rem 2rem;\n            max-height: 1000px;\n        }\n\n        .cta-box {\n            background: linear-gradient(135deg, var(--primary-blue) 0%, var(--dark-blue) 100%);\n            color: white;\n            padding: 3rem;\n            border-radius: 20px;\n            text-align: center;\n            margin: 4rem 0;\n        }\n\n        .cta-box h3 {\n            font-family: 'Montserrat', sans-serif;\n            font-size: 2rem;\n            margin-bottom: 1rem;\n            color: white;\n        }\n\n        .cta-buttons {\n            display: flex;\n            gap: 1rem;\n            justify-content: center;\n            flex-wrap: wrap;\n            margin-top: 2rem;\n        }\n\n        .btn-white,\n        .btn-outline {\n            padding: 1rem 2rem;\n            border-radius: 30px;\n            text-decoration: none;\n            font-weight: 600;\n            transition: all 0.3s ease;\n            display: inline-block;\n        }\n\n        .btn-white {\n            background: white;\n            color: var(--primary-blue);\n            border: 2px solid white;\n        }\n\n        .btn-white:hover {\n            background: var(--yellow);\n            color: var(--dark-gray);\n        }\n\n        .btn-outline {\n            background: transparent;\n            color: white;\n            border: 2px solid white;\n        }\n\n        .btn-outline:hover {\n            background: white;\n            color: var(--primary-blue);\n        }\n\n        .article-tags {\n            margin-top: 3rem;\n            padding-top: 2rem;\n            border-top: 2px solid var(--border-color);\n        }\n\n        .article-tag {\n            display: inline-block;\n            background: var(--light-gray);\n            color: var(--dark-gray);\n            padding: 0.5rem 1rem;\n            border-radius: 20px;\n            margin: 0.25rem;\n            font-size: 0.9rem;\n            text-decoration: none;\n            transition: all 0.3s ease;\n        }\n\n        .article-tag:hover {\n            background: var(--primary-blue);\n            color: white;\n        }\n\n        .quote-box {\n            background: var(--light-gray);\n            border-left: 5px solid var(--pink);\n            padding: 2rem;\n            margin: 2rem 0;\n            border-radius: 10px;\n            font-style: italic;\n            position: relative;\n        }\n\n        .quote-box:before {\n            content: \"\"\";\n            font-size: 4rem;\n            color: var(--pink);\n            position: absolute;\n            top: -10px;\n            left: 15px;\n        }\n\n        .interview-section {\n            background: linear-gradient(135deg, rgba(169, 226, 228, 0.1) 0%, rgba(255, 236, 167, 0.1) 100%);\n            padding: 2rem;\n            border-radius: 15px;\n            margin: 2rem 0;\n            border: 2px solid var(--teal);\n        }\n\n        .question {\n            font-weight: 600;\n            color: var(--primary-blue);\n            margin-bottom: 0.5rem;\n        }\n\n        .answer {\n            margin-bottom: 1.5rem;\n            padding-left: 1rem;\n        }\n\n        @media (max-width: 768px) {\n            .article-hero h1 {\n                font-size: 2rem;\n            }\n            \n            .article-meta {\n                flex-direction: column;\n                gap: 1rem;\n            }\n            \n            .stats-grid {\n                grid-template-columns: 1fr;\n            }\n            \n            .container {\n                padding: 0 1rem;\n            }\n            \n            .cta-buttons {\n                flex-direction: column;\n                align-items: center;\n            }\n        }\n    <\/style>\n<\/head>\n<body><section class=\"article-hero\">\n    <div class=\"article-hero-inner\">\n        <nav class=\"article-breadcrumb\">\n            <a href=\"https:\/\/www.dynseo.com\">In\u00edcio<\/a> > \n            <a href=\"https:\/\/www.dynseo.com\/blog\">Blog<\/a> > \n            <span>Depoimento Sophie<\/span>\n        <\/nav>\n        \n        <span class=\"article-category\">Depoimento dos Pais<\/span>\n        \n        <h1>\u00c9 a minha hist\u00f3ria: Sophie nos conta <span class=\"hl\">a depend\u00eancia de seus filhos das telas<\/span><\/h1>\n        \n        <div class=\"article-meta\">\n            <div class=\"article-meta-item\">\n                <span>\ud83d\udcc5<\/span>\n                <span>Abril 2026<\/span>\n            <\/div>\n            <div class=\"article-meta-item\">\n                <span>\u23f1\ufe0f<\/span>\n                <span>Leitura 15 min<\/span>\n            <\/div>\n            <div class=\"article-meta-item\">\n                <span>\ud83d\udc65<\/span>\n                <span>Pais e Educadores<\/span>\n            <\/div>\n            <div class=\"article-meta-item\">\n                <span>\u2b50<\/span>\n                <span>4.8\/5<\/span>\n                <span class=\"stars\">\u2605\u2605\u2605\u2605\u2605<\/span>\n            <\/div>\n        <\/div>\n    <\/div>\n    <div class=\"article-hero-curve\"><\/div>\n<\/section>\n\n<div class=\"article-body\">\n    <div class=\"container\">\n<div class=\"intro-block\">\n                Nesta s\u00e9rie \"\u00c9 a minha hist\u00f3ria de Pai\", damos voz aos usu\u00e1rios do nosso programa COCO PENSA e COCO SE MEXE. Hoje, Sophie nos traz um depoimento tocante e aut\u00eantico sobre a depend\u00eancia das telas de seus filhos. Seu percurso, da dolorosa conscientiza\u00e7\u00e3o \u00e0s solu\u00e7\u00f5es concretas, ilustra perfeitamente os desafios enfrentados por muitas fam\u00edlias modernas. Atrav\u00e9s de sua experi\u00eancia, descubra como uma m\u00e3e conseguiu transformar uma situa\u00e7\u00e3o preocupante em uma oportunidade de aprendizado e reconex\u00e3o familiar. Sua hist\u00f3ria revela a import\u00e2ncia de um acompanhamento adequado e de ferramentas inovadoras para recuperar o equil\u00edbrio digital. Um depoimento inspirador que prova que nunca \u00e9 tarde demais para agir e criar novos h\u00e1bitos ben\u00e9ficos para toda a fam\u00edlia.\n            <\/div>\n\n            <div class=\"stats-grid\">\n                <div class=\"stat-card\">\n                    <span class=\"number\">87%<\/span>\n                    <span class=\"label\">dos pais se preocupam com o tempo de tela de seus filhos<\/span>\n                <\/div>\n                <div class=\"stat-card\">\n                    <span class=\"number\">4h30<\/span>\n                    <span class=\"label\">tempo de tela di\u00e1rio m\u00e9dio entre 8-12 anos<\/span>\n                <\/div>\n                <div class=\"stat-card\">\n                    <span class=\"number\">15 min<\/span>\n                    <span class=\"label\">frequ\u00eancia das pausas recomendada com COCO<\/span>\n                <\/div>\n                <div class=\"stat-card\">\n                    <span class=\"number\">92%<\/span>\n                    <span class=\"label\">de melhoria constatada com as pausas ativas<\/span>\n                <\/div>\n            <\/div>\n\n            <h2>1. O percurso de Sophie: quando as telas se tornam onipresentes<\/h2>\n            \n            <p>A hist\u00f3ria de Sophie come\u00e7a como a de muitos pais modernos. M\u00e3e de tr\u00eas filhos pr\u00f3ximos em um espa\u00e7o restrito, ela naturalmente buscou solu\u00e7\u00f5es para gerenciar o cotidiano familiar. As telas ent\u00e3o apareceram como uma resposta \u00f3bvia para os momentos de cansa\u00e7o, as tarefas dom\u00e9sticas urgentes e a necessidade leg\u00edtima de alguns instantes de descanso.<\/p>\n\n            <p>Essa situa\u00e7\u00e3o n\u00e3o \u00e9 isolada: segundo os \u00faltimos estudos, 78% dos pais admitem usar as telas como \"bab\u00e1 digital\" em momentos de estresse ou sobrecarga. Sophie explica: \"Tive 3 filhos muito pr\u00f3ximos, e faltamos espa\u00e7o em casa. \u00c9 verdade que as telas tamb\u00e9m eram uma solu\u00e7\u00e3o que me parecia pr\u00e1tica para finalmente ter um pouco de calma.\"<\/p>\n\n            <p>O que come\u00e7ou como uma solu\u00e7\u00e3o tempor\u00e1ria foi se instalando gradualmente na rotina familiar. Os smartphones, tablets e outros dispositivos se tornaram companheiros constantes, oferecendo acesso ilimitado a conte\u00fados cativantes, mas n\u00e3o necessariamente adequados. A evolu\u00e7\u00e3o tecnol\u00f3gica e a multiplica\u00e7\u00e3o das plataformas de streaming facilitaram essa depend\u00eancia progressiva.<\/p>\n\n            <div class=\"conseil-card\">\n                <h4>\ud83d\udca1 Dica de especialista DYNSEO<\/h4>\n                <p>\u00c9 importante entender que o uso inicial das telas n\u00e3o faz de voc\u00ea um \"mau pai\". \u00c9 uma rea\u00e7\u00e3o humana diante dos desafios da parentalidade moderna. O essencial \u00e9 reconhecer quando o equil\u00edbrio se rompe e agir em consequ\u00eancia.<\/p>\n            <\/div>\n<div class=\"key-points\">\n                <h4>Pontos-chave desta fase:<\/h4>\n                <ul>\n                    <li>Solu\u00e7\u00e3o f\u00e1cil diante das restri\u00e7\u00f5es di\u00e1rias<\/li>\n                    <li>Falta de espa\u00e7o e necessidade de calma na fam\u00edlia<\/li>\n                    <li>Instala\u00e7\u00e3o progressiva de uma rotina de telas<\/li>\n                    <li>Aus\u00eancia de regras claras sobre o uso digital<\/li>\n                    <li>Desconhecimento dos riscos a longo prazo<\/li>\n                <\/ul>\n            <\/div>\n\n            <h2>2. O impacto do confinamento: um acelerador de depend\u00eancia<\/h2>\n\n            <p>A pandemia de COVID-19 e os confinamentos sucessivos abalaram profundamente o equil\u00edbrio familiar de Sophie, assim como de milh\u00f5es de lares ao redor do mundo. Este per\u00edodo excepcional criou um contexto onde as telas se tornaram n\u00e3o apenas um entretenimento, mas um v\u00ednculo vital com o exterior.<\/p>\n\n            <p>Sophie testemunha essa transforma\u00e7\u00e3o: \"O per\u00edodo de confinamento devido \u00e0 COVID-19 certamente adicionou uma camada de complexidade \u00e0 nossa situa\u00e7\u00e3o j\u00e1 delicada com as telas. Com o fechamento das escolas, as atividades presenciais canceladas e o distanciamento social, as telas se tornaram um recurso de conex\u00e3o com o mundo exterior.\"<\/p>\n\n            <p>Este per\u00edodo viu uma explos\u00e3o no tempo de tela das crian\u00e7as em escala global. As fronteiras entre educa\u00e7\u00e3o, socializa\u00e7\u00e3o e entretenimento se tornaram t\u00eanues, dificultando o estabelecimento de limites claros. Os pais, muitas vezes em trabalho remoto, tiveram que equilibrar suas obriga\u00e7\u00f5es profissionais e a supervis\u00e3o de seus filhos em um espa\u00e7o restrito.<\/p>\n\n            <div class=\"tip-box\">\n                <span class=\"tip-box-label\">Dica pr\u00e1tica<\/span>\n                <p>Durante per\u00edodos de crise, crie \"zonas sem telas\" em sua casa e mantenha rituais familiares que n\u00e3o dependam da tecnologia: refei\u00e7\u00f5es juntos, jogos de tabuleiro, leitura compartilhada.<\/p>\n            <\/div>\n\n            <p>O isolamento social tamb\u00e9m pesou sobre o equil\u00edbrio psicol\u00f3gico das crian\u00e7as. As telas se tornaram seu principal meio de manter la\u00e7os com seus pares, criando um c\u00edrculo onde recusar o acesso digital significava cortar as crian\u00e7as de sua vida social. Sophie observa: \"Percebi que a fronteira entre o tempo de tela necess\u00e1rio e excessivo havia se tornado difusa.\"<\/p>\n\n            <div class=\"expert-box\">\n                <div class=\"expert-box-label\">An\u00e1lise de especialista<\/div>\n<div class=\"expert-inner\">\n                    <h3 class=\"expert-inner-title\">O efeito \"COVID\" nos h\u00e1bitos digitais<\/h3>\n                    <p>Os estudos p\u00f3s-confinamento revelam um aumento m\u00e9dio de 76% no tempo de tela entre as crian\u00e7as. Esse aumento vem acompanhado de uma modifica\u00e7\u00e3o nos ritmos circadianos, de uma diminui\u00e7\u00e3o da atividade f\u00edsica e de uma altera\u00e7\u00e3o nas intera\u00e7\u00f5es familiares diretas.<\/p>\n                    <p>O aplicativo <a href=\"https:\/\/www.dynseo.com\/pt-pt\/coco-pensa-e-coco-se-mexe\/\" style=\"color: var(--primary-blue);\">COCO PENSA e COCO SE MEXE<\/a> integra justamente essa realidade ao propor pausas adaptadas ao contexto de confinamento, permitindo manter um equil\u00edbrio mesmo em um espa\u00e7o restrito.<\/p>\n                <\/div>\n            <\/div>\n\n            <h2>3. O estalo: quando a escola soa o alarme<\/h2>\n\n            <p>A verdadeira virada na hist\u00f3ria de Sophie ocorreu durante uma reuni\u00e3o de pais e professores aparentemente rotineira. O que deveria ser uma conversa cl\u00e1ssica se transformou em uma conscientiza\u00e7\u00e3o brutal das consequ\u00eancias da superexposi\u00e7\u00e3o \u00e0s telas no desenvolvimento de seu filho Jordan, que estava no CE2.<\/p>\n\n            <p>\"A professora mencionou que a concentra\u00e7\u00e3o dele n\u00e3o estava das melhores e que ele parecia \u00e0s vezes estar em seu pr\u00f3prio mundo\", conta Sophie. Essa observa\u00e7\u00e3o, formulada com benevol\u00eancia, mas preocupa\u00e7\u00e3o, desencadeou uma s\u00e9rie de questionamentos nessa m\u00e3e at\u00e9 ent\u00e3o convencida de estar fazendo o melhor.<\/p>\n\n            <p>A interven\u00e7\u00e3o da psic\u00f3loga escolar foi determinante. Ela introduziu o conceito de \"S\u00edndrome de Superexposi\u00e7\u00e3o \u00e0s Telas\", um termo que teve o efeito de um choque el\u00e9trico em Sophie. Essa s\u00edndrome, cada vez mais documentada pelos profissionais de sa\u00fade, re\u00fane um conjunto de sintomas f\u00edsicos e psicol\u00f3gicos relacionados ao uso excessivo das tecnologias digitais.<\/p>\n\n            <div class=\"interview-section\">\n                <div class=\"question\">DYNSEO: Quando voc\u00ea percebeu que isso poderia ser um problema?<\/div>\n                <div class=\"answer\">\n                    <strong>Sophie:<\/strong> \"Essa S\u00edndrome me deu calafrios e est\u00e1 diretamente ligada ao tempo passado em frente \u00e0s telas desde a mais tenra idade: do ponto de vista f\u00edsico, a superexposi\u00e7\u00e3o \u00e0s telas pode levar a problemas de sa\u00fade como fadiga ocular, dores de cabe\u00e7a ou dist\u00farbios do sono e m\u00e1 postura. Do ponto de vista mental e emocional, isso pode gerar ansiedade, depress\u00e3o e isolamento social.\"\n                <\/div>\n            <\/div>\n\n            <p>As manifesta\u00e7\u00f5es dessa s\u00edndrome s\u00e3o m\u00faltiplas e podem afetar diferentes aspectos do desenvolvimento da crian\u00e7a. No n\u00edvel cognitivo, observam-se dificuldades de concentra\u00e7\u00e3o, dist\u00farbios de aten\u00e7\u00e3o, diminui\u00e7\u00e3o da mem\u00f3ria de trabalho e problemas de processamento de informa\u00e7\u00f5es. No aspecto social, as crian\u00e7as podem apresentar dificuldades relacionais, uma prefer\u00eancia acentuada por intera\u00e7\u00f5es virtuais em detrimento das trocas face a face.<\/p>\n<div class=\"conseil-card\">\n                <h4>\ud83c\udfaf Sinais de alerta a serem observados<\/h4>\n                <ul>\n                    <li>Dificuldades de concentra\u00e7\u00e3o prolongadas em sala de aula<\/li>\n                    <li>Irritabilidade ao limitar o tempo de tela<\/li>\n                    <li>Dificuldades para dormir ou recusa em ir para a cama<\/li>\n                    <li>Diminui\u00e7\u00e3o do interesse por atividades n\u00e3o digitais<\/li>\n                    <li>Isolamento social ou conflitos familiares em torno das telas<\/li>\n                    <li>Sintomas f\u00edsicos: dores de cabe\u00e7a, fadiga ocular<\/li>\n                <\/ul>\n            <\/div>\n\n            <h2>4. A culpa parental: um passo obrigat\u00f3rio em dire\u00e7\u00e3o \u00e0 solu\u00e7\u00e3o<\/h2>\n\n            <p>A an\u00fancio do diagn\u00f3stico potencial de depend\u00eancia de telas mergulhou Sophie em uma espiral emocional complexa, misturando culpa, questionamento e sentimento de fracasso parental. Essa fase, embora dolorosa, se mostra muitas vezes necess\u00e1ria no processo de mudan\u00e7a dos h\u00e1bitos familiares.<\/p>\n\n            <p>\"Fiquei tomada pelo p\u00e2nico, para ser honesta. Estava aterrorizada por n\u00e3o ter conseguido encontrar um melhor equil\u00edbrio para meus filhos\", confessa Sophie. Essa rea\u00e7\u00e3o emocional intensa reflete a experi\u00eancia de muitos pais confrontados com a realidade da depend\u00eancia digital de seus filhos.<\/p>\n\n            <p>A culpa parental nesse contexto assume v\u00e1rias dimens\u00f5es. Primeiro, o sentimento de ter \"falhado\" na educa\u00e7\u00e3o dos filhos, de ter privilegiado a facilidade em detrimento do bem-estar deles. Em seguida, o medo retrospectivo das consequ\u00eancias a longo prazo: \"Comprometi o desenvolvimento deles? As capacidades futuras deles ser\u00e3o afetadas?\"<\/p>\n\n            <div class=\"quote-box\">\n                \"Imediatamente me perguntei se havia falhado como m\u00e3e ao permitir que meus filhos usassem meu telefone e assistissem a v\u00eddeos do YouTube desde muito jovens.\"\n            <\/div>\n\n            <p>Essa fase de autoacusa\u00e7\u00e3o, embora normal e compreens\u00edvel, pode se tornar contraproducente se se prolongar. Sophie teve a sorte de contar com o apoio da psic\u00f3loga escolar, que desempenhou um papel crucial na desdramatiza\u00e7\u00e3o da situa\u00e7\u00e3o e na orienta\u00e7\u00e3o para solu\u00e7\u00f5es construtivas.<\/p>\n\n            <p>A transforma\u00e7\u00e3o da culpa em a\u00e7\u00e3o positiva constitui a etapa crucial do processo de mudan\u00e7a. \"Percebi que era necess\u00e1rio enfrentar o problema de frente, que a culpa n\u00e3o resolveria a quest\u00e3o. Portanto, era preciso encontrar solu\u00e7\u00f5es r\u00e1pidas para que as coisas melhorassem em casa e tamb\u00e9m na escola.\"<\/p>\n\n            <div class=\"expert-box\">\n                <div class=\"expert-box-label\">Apoio DYNSEO<\/div>\n<div class=\"expert-inner\">\n                    <h3 class=\"expert-inner-title\">Transformar a culpa em a\u00e7\u00e3o<\/h3>\n                    <p>Na DYNSEO, acompanhamos muitos pais nesta fase de transi\u00e7\u00e3o. A culpa, embora natural, n\u00e3o deve paralisar a a\u00e7\u00e3o. Nossa abordagem com <a href=\"https:\/\/www.dynseo.com\/pt-pt\/coco-pensa-e-coco-se-mexe\/\" style=\"color: var(--primary-blue);\">COCO PENSA e COCO SE MEXE<\/a> permite que os pais retomem o controle gradualmente, sem dramatiza\u00e7\u00e3o ou ruptura brusca.<\/p>\n                <\/div>\n            <\/div>\n\n            <h2>5. A descoberta de COCO PENSA e COCO SE MEXE: um ponto de virada decisivo<\/h2>\n\n            <p>\u00c9 nesse contexto de busca urgente por solu\u00e7\u00f5es que Sophie descobre a exist\u00eancia do programa COCO PENSA e COCO SE MEXE. Esta recomenda\u00e7\u00e3o da psic\u00f3loga escolar vai marcar um ponto de virada decisivo na gest\u00e3o das telas dentro da fam\u00edlia.<\/p>\n\n            <p>\"Foi assim que aprendi sobre a exist\u00eancia do aplicativo COCO PENSA e COCO SE MEXE. A psic\u00f3loga escolar me mostrou que havia ferramentas para nos ajudar a restabelecer um equil\u00edbrio saud\u00e1vel e promover h\u00e1bitos positivos\", explica Sophie. Esta descoberta representa muito mais do que um simples aplicativo: \u00e9 a esperan\u00e7a de recuperar um equil\u00edbrio familiar.<\/p>\n\n            <p>COCO PENSA e COCO SE MEXE se destacam das solu\u00e7\u00f5es tradicionais de controle parental por sua abordagem positiva e educativa. Em vez de proibir ou restringir de forma brusca, esses aplicativos oferecem uma transi\u00e7\u00e3o suave para h\u00e1bitos mais saud\u00e1veis por meio de um sistema de pausas autom\u00e1ticas integradas.<\/p>\n\n            <div class=\"key-points\">\n                <h4>Os princ\u00edpios fundamentais de COCO:<\/h4>\n                <ul>\n                    <li>Pausas autom\u00e1ticas a cada 15 minutos de uso<\/li>\n                    <li>Atividades f\u00edsicas e cognitivas l\u00fadicas<\/li>\n                    <li>Personagem cativante que acompanha a crian\u00e7a<\/li>\n                    <li>Abordagem educativa n\u00e3o punitiva<\/li>\n                    <li>Refor\u00e7o positivo dos bons h\u00e1bitos<\/li>\n                    <li>Atividades adaptadas a diferentes idades<\/li>\n                <\/ul>\n            <\/div>\n\n            <p>O conceito revolucion\u00e1rio desses aplicativos reside em sua capacidade de transformar o uso passivo das telas em oportunidades de aprendizado e movimento. A cada 15 minutos, COCO interrompe a atividade digital para propor exerc\u00edcios f\u00edsicos, jogos de racioc\u00ednio ou momentos de relaxamento.<\/p>\n\n            <div class=\"interview-section\">\n                <div class=\"question\">DYNSEO: Voc\u00ea pode nos contar mais sobre este aplicativo e como ele ajudou sua fam\u00edlia?<\/div>\n                <div class=\"answer\">\n                    <strong>Sophie:<\/strong> \"Absolutamente. COCO PENSA e COCO SE MEXE s\u00e3o aplicativos projetados para ajudar as crian\u00e7as a fazer pausas regulares durante o uso das telas. Eles t\u00eam um personagem divertido, Coco, que aparece a cada 15 minutos de tela e incentiva as crian\u00e7as a fazer atividades de movimento ou relaxamento. Isso foi um verdadeiro al\u00edvio para mim, pois eu tinha dificuldade em limitar o tempo de tela deles sem que houvesse gritos ou choros.\"\n                <\/div>\n            <\/div>\n<div class=\"tip-box\">\n                <span class=\"tip-box-label\">Dica de instala\u00e7\u00e3o<\/span>\n                <p>Para uma transi\u00e7\u00e3o bem-sucedida, apresente COCO como um \"amigo digital\" em vez de um sistema de controle. Explique \u00e0s crian\u00e7as que COCO as ajuda a se tornarem mais fortes e mais inteligentes gra\u00e7as \u00e0s pausas.<\/p>\n            <\/div>\n\n            <h2>6. A adapta\u00e7\u00e3o familiar: desafios e resist\u00eancias iniciais<\/h2>\n\n            <p>A introdu\u00e7\u00e3o de COCO PENSA e COCO SE MEXE na rotina familiar n\u00e3o ocorreu sem dificuldades. Como toda mudan\u00e7a de h\u00e1bitos bem estabelecidos, essa transi\u00e7\u00e3o exigiu paci\u00eancia, perseveran\u00e7a e estrat\u00e9gia da parte de Sophie.<\/p>\n\n            <p>\"No come\u00e7o, houve protestos, \u00e9 claro. Eles estavam acostumados a ter acesso ilimitado \u00e0 tela, tinham seus v\u00eddeos favoritos, seus epis\u00f3dios...\", reconhece Sophie. Essa resist\u00eancia inicial \u00e9 perfeitamente normal e previs\u00edvel em crian\u00e7as acostumadas a um uso livre e prolongado das telas.<\/p>\n\n            <p>As primeiras semanas costumam ser o per\u00edodo mais delicado do processo de mudan\u00e7a. As crian\u00e7as podem manifestar sua frustra\u00e7\u00e3o por meio de diversas rea\u00e7\u00f5es: explos\u00f5es de raiva, negocia\u00e7\u00f5es, tentativas de contornar o sistema ou at\u00e9 mesmo regress\u00e3o comportamental tempor\u00e1ria. Essa fase testa a determina\u00e7\u00e3o dos pais e sua capacidade de manter o curso apesar das dificuldades.<\/p>\n\n            <div class=\"conseil-card\">\n                <h4>\ud83c\udf1f Estrat\u00e9gias para superar as resist\u00eancias<\/h4>\n                <p>A chave do sucesso reside na const\u00e2ncia e na apresenta\u00e7\u00e3o positiva da mudan\u00e7a. Evite apresentar COCO como uma \"puni\u00e7\u00e3o\", mas sim como um \"amigo\" que ajuda a crescer. Participe das atividades propostas para mostrar seu entusiasmo e criar um momento de cumplicidade familiar.<\/p>\n            <\/div>\n\n            <p>O g\u00eanio de COCO reside em sua capacidade de transformar gradualmente essa resist\u00eancia em ades\u00e3o. O personagem cativante e as atividades l\u00fadicas propostas criam progressivamente uma nova forma de expectativa positiva. As crian\u00e7as come\u00e7am a antecipar com prazer a apari\u00e7\u00e3o de seu treinador virtual.<\/p>\n\n            <p>Sophie testemunha essa evolu\u00e7\u00e3o: \"Mas COCO realmente os cativou. Eles come\u00e7aram a esperar ansiosamente os momentos em que o treinador esportivo COCO apareceria, e isso abriu a porta para conversas sobre a import\u00e2ncia de fazer pausas e se mover.\"<\/p>\n<div class=\"key-points\">\n                <h4>Sinais de adapta\u00e7\u00e3o bem-sucedida:<\/h4>\n                <ul>\n                    <li>Diminui\u00e7\u00e3o das protesta\u00e7\u00f5es durante as pausas<\/li>\n                    <li>Participa\u00e7\u00e3o espont\u00e2nea nas atividades COCO<\/li>\n                    <li>Perguntas sobre o retorno do personagem<\/li>\n                    <li>Reprodu\u00e7\u00e3o dos exerc\u00edcios fora das pausas<\/li>\n                    <li>Melhoria do humor geral<\/li>\n                    <li>Melhor aceita\u00e7\u00e3o dos limites<\/li>\n                <\/ul>\n            <\/div>\n\n            <p>Essa transforma\u00e7\u00e3o progressiva vem acompanhada de uma mudan\u00e7a mais profunda na rela\u00e7\u00e3o da crian\u00e7a com a tela. O uso passivo cede lugar a um consumo mais consciente, pontuado por momentos de reflex\u00e3o e atividade f\u00edsica. A crian\u00e7a desenvolve gradualmente sua capacidade de autorregula\u00e7\u00e3o.<\/p>\n\n            <h2>7. Os benef\u00edcios tang\u00edveis: transforma\u00e7\u00e3o do cotidiano familiar<\/h2>\n\n            <p>Al\u00e9m da simples gest\u00e3o do tempo de tela, a introdu\u00e7\u00e3o de COCO PENSA e COCO SE MEXE na fam\u00edlia de Sophie gerou transforma\u00e7\u00f5es profundas e duradouras no cotidiano familiar. Essas mudan\u00e7as v\u00e3o muito al\u00e9m do \u00e2mbito digital para influenciar positivamente todas as intera\u00e7\u00f5es familiares.<\/p>\n\n            <p>\"Isso foi uma verdadeira revela\u00e7\u00e3o. Os momentos passados juntos fazendo atividades propostas pelo Coco se tornaram momentos de cumplicidade e risadas\", explica Sophie. Essa dimens\u00e3o relacional constitui um dos benef\u00edcios mais valiosos do programa: a reconex\u00e3o aut\u00eantica entre pais e filhos.<\/p>\n\n            <p>A transforma\u00e7\u00e3o \u00e9 observada em v\u00e1rios n\u00edveis. Primeiro, a melhoria do ambiente familiar geral. Os momentos de tens\u00e3o relacionados \u00e0s negocia\u00e7\u00f5es em torno do tempo de tela diminuem significativamente. As pausas COCO criam rupturas positivas que relaxam a atmosfera e favorecem as trocas espont\u00e2neas.<\/p>\n\n            <div class=\"interview-section\">\n                <div class=\"question\">DYNSEO: Como essa experi\u00eancia mudou seu cotidiano?<\/div>\n                <div class=\"answer\">\n                    <strong>Sophie:<\/strong> \"N\u00e3o vou esconder que, em alguns momentos, isso causava um pouco de bagun\u00e7a em casa quando temos 3 crian\u00e7as levantando para brincar de 123 Est\u00e1tua na sala! Isso faz bagun\u00e7a! Mas as crian\u00e7as come\u00e7aram a encontrar prazer em outras atividades fora da tela, como brincar l\u00e1 fora, desenhar e ler.\"\n                <\/div>\n            <\/div>\n\n            <p>Essa anedota revela um aspecto importante da transforma\u00e7\u00e3o: a aceita\u00e7\u00e3o da \"bagun\u00e7a criativa\". As pausas ativas podem realmente bagun\u00e7ar a ordem dom\u00e9stica, mas geram uma energia positiva e intera\u00e7\u00f5es ricas que compensam amplamente essas pequenas desvantagens.<\/p>\n\n            <div class=\"stats-grid\">\n                <div class=\"stat-card\">\n                    <span class=\"number\">65%<\/span>\n                    <span class=\"label\">de melhoria da aten\u00e7\u00e3o na sala de aula ap\u00f3s 3 meses de uso do COCO<\/span>\n                <\/div>\n                <div class=\"stat-card\">\n                    <span class=\"number\">78%<\/span>\n                    <span class=\"label\">das crian\u00e7as desenvolvem espontaneamente outras atividades<\/span>\n                <\/div>\n                <div class=\"stat-card\">\n                    <span class=\"number\">89%<\/span>\n                    <span class=\"label\">dos pais notam uma melhoria no humor familiar<\/span>\n                <\/div>\n<div class=\"stat-card\">\n                    <span class=\"number\">94%<\/span>\n                    <span class=\"label\">de satisfa\u00e7\u00e3o global com o programa COCO<\/span>\n                <\/div>\n            <\/div>\n\n            <p>O impacto na diversifica\u00e7\u00e3o das atividades constitui um outro benef\u00edcio maior. Progressivamente, as crian\u00e7as redescobrem o prazer de atividades n\u00e3o digitais que haviam abandonado. Essa reconquista da variedade l\u00fadica enriquece seu desenvolvimento e amplia seus interesses.<\/p>\n\n            <h2>8. O impacto escolar: valida\u00e7\u00e3o pela equipe educativa<\/h2>\n\n            <p>Um dos indicadores mais evidentes do sucesso do programa COCO na fam\u00edlia de Sophie reside nos retornos positivos da equipe educativa. Essa valida\u00e7\u00e3o externa, particularmente significativa uma vez que foi a escola que inicialmente soou o alarme, confirma a efic\u00e1cia da abordagem adotada.<\/p>\n\n            <p>\"Isso me ajudou a me sentir menos culpada e mais confiante no futuro deles, foi melhor na escola, a professora de Jordan me confirmou que estava indo muito melhor, que ela o sentia mais motivado e envolvido na aula\", relata Sophie com um orgulho evidente. Essa transforma\u00e7\u00e3o comportamental no ambiente escolar demonstra que os benef\u00edcios das pausas COCO v\u00e3o al\u00e9m do \u00e2mbito dom\u00e9stico.<\/p>\n\n            <p>A melhoria das capacidades atencionais na sala de aula constitui um dos primeiros sinais observ\u00e1veis da mudan\u00e7a. Os professores geralmente notam uma melhor capacidade de concentra\u00e7\u00e3o, uma participa\u00e7\u00e3o mais ativa nas atividades coletivas e uma diminui\u00e7\u00e3o dos comportamentos de agita\u00e7\u00e3o ou evas\u00e3o.<\/p>\n\n            <div class=\"expert-box\">\n                <div class=\"expert-box-label\">Pesquisa cient\u00edfica<\/div>\n                <div class=\"expert-inner\">\n                    <h3 class=\"expert-inner-title\">Os benef\u00edcios cognitivos das pausas ativas<\/h3>\n                    <p>Os estudos neurocient\u00edficos recentes demonstram que as pausas ativas regulares melhoram significativamente as fun\u00e7\u00f5es executivas na crian\u00e7a: aten\u00e7\u00e3o sustentada, mem\u00f3ria de trabalho, flexibilidade cognitiva e controle inibit\u00f3rio. O programa <a href=\"https:\/\/www.dynseo.com\/pt-pt\/coco-pensa-e-coco-se-mexe\/\" style=\"color: var(--primary-blue);\">COCO PENSA e COCO SE MEXE<\/a> se baseia nessas descobertas para otimizar os aprendizados.<\/p>\n                <\/div>\n            <\/div>\n\n            <p>A motiva\u00e7\u00e3o escolar, outro aspecto destacado pela professora de Jordan, reflete uma mudan\u00e7a profunda na atitude da crian\u00e7a em rela\u00e7\u00e3o aos aprendizados. As pausas regulares permitem manter um n\u00edvel de alerta \u00f3timo, evitando a satura\u00e7\u00e3o cognitiva que pode levar ao desengajamento escolar.<\/p>\n<div class=\"conseil-card\">\n                <h4>\ud83c\udf93 Colabora\u00e7\u00e3o escola-fam\u00edlia<\/h4>\n                <p>N\u00e3o hesite em informar a equipe pedag\u00f3gica sobre sua abordagem com COCO. Essa transpar\u00eancia permite um acompanhamento coordenado e uma avalia\u00e7\u00e3o objetiva dos progressos do seu filho. A maioria dos professores aprecia essa abordagem proativa dos pais.<\/p>\n            <\/div>\n\n            <p>Essa valida\u00e7\u00e3o escolar tamb\u00e9m produz um efeito psicol\u00f3gico ben\u00e9fico sobre os pais. Ela confirma a relev\u00e2ncia de seus esfor\u00e7os e refor\u00e7a sua confian\u00e7a nas escolhas educacionais adotadas. Para Sophie, esse reconhecimento marcou \"uma grande vit\u00f3ria\" em seu percurso como pai respons\u00e1vel.<\/p>\n\n            <h2>9. Os mecanismos de a\u00e7\u00e3o de COCO: entender a efic\u00e1cia<\/h2>\n\n            <p>Para compreender plenamente o impacto transformador do programa COCO PENSA e COCO SE MEXE na fam\u00edlia de Sophie, \u00e9 necess\u00e1rio analisar os mecanismos cient\u00edficos que sustentam sua efic\u00e1cia. Essa compreens\u00e3o permite aos pais otimizar o uso do aplicativo e maximizar os benef\u00edcios.<\/p>\n\n            <p>O princ\u00edpio fundamental baseia-se na interrup\u00e7\u00e3o regular da aten\u00e7\u00e3o passiva diante da tela. A cada 15 minutos, a apari\u00e7\u00e3o de COCO cria uma interrup\u00e7\u00e3o ben\u00e9fica que permite ao c\u00e9rebro da crian\u00e7a \"respirar\" cognitivamente. Essa frequ\u00eancia n\u00e3o \u00e9 arbitr\u00e1ria: ela corresponde \u00e0s recomenda\u00e7\u00f5es cient\u00edficas para manter um n\u00edvel atencional ideal.<\/p>\n\n            <div class=\"tip-box\">\n                <span class=\"tip-box-label\">Ci\u00eancia aplicada<\/span>\n                <p>As neuroci\u00eancias demonstram que a aten\u00e7\u00e3o sustentada na crian\u00e7a declina significativamente ap\u00f3s 10-15 minutos. As pausas COCO ocorrem, portanto, no momento ideal para restaurar as capacidades cognitivas e evitar a satura\u00e7\u00e3o neuronal.<\/p>\n            <\/div>\n\n            <p>As atividades propostas durante essas pausas combinam habilmente estimula\u00e7\u00e3o f\u00edsica e cognitiva. Os exerc\u00edcios de motricidade ativam os circuitos neuromotores, favorecendo a oxigena\u00e7\u00e3o cerebral e a produ\u00e7\u00e3o de neurotransmissores ben\u00e9ficos como a dopamina e a noradrenalina. Essas mol\u00e9culas melhoram naturalmente o humor e a capacidade de aprendizado.<\/p>\n\n            <p>COCO PENSA tamb\u00e9m integra desafios cognitivos adaptados \u00e0 idade: jogos de mem\u00f3ria, exerc\u00edcios de l\u00f3gica, problemas de c\u00e1lculo mental ou enigmas criativos. Essa estimula\u00e7\u00e3o cognitiva ativa diferentes redes neuronais, favorecendo a plasticidade cerebral e o desenvolvimento de novas conex\u00f5es sin\u00e1pticas.<\/p>\n<div class=\"key-points\">\n                <h4>Mecanismos neurobiol\u00f3gicos ativados:<\/h4>\n                <ul>\n                    <li>Restaura\u00e7\u00e3o dos circuitos de aten\u00e7\u00e3o pela pausa<\/li>\n                    <li>Ativa\u00e7\u00e3o dos sistemas neuromotores pelo exerc\u00edcio<\/li>\n                    <li>Estimula\u00e7\u00e3o da neuroplasticidade pelos desafios cognitivos<\/li>\n                    <li>Produ\u00e7\u00e3o de endorfinas pela atividade f\u00edsica<\/li>\n                    <li>Regula\u00e7\u00e3o dos neurotransmissores (dopamina, serotonina)<\/li>\n                    <li>Melhoria da vasculariza\u00e7\u00e3o cerebral<\/li>\n                <\/ul>\n            <\/div>\n\n            <p>O aspecto l\u00fadico e a gamifica\u00e7\u00e3o das pausas constituem um outro fator chave de sucesso. COCO transforma a obriga\u00e7\u00e3o da pausa em oportunidade de jogo e desafio pessoal. Essa abordagem positiva evita as resist\u00eancias psicol\u00f3gicas e favorece a ades\u00e3o espont\u00e2nea da crian\u00e7a.<\/p>\n\n            <h2>10. Al\u00e9m das telas: reconstru\u00e7\u00e3o do equil\u00edbrio familiar<\/h2>\n\n            <p>A experi\u00eancia de Sophie com COCO PENSA e COCO SE MEXE transcende a simples gest\u00e3o do tempo de tela para se inscrever em uma abordagem mais global de reconstru\u00e7\u00e3o do equil\u00edbrio familiar. Essa transforma\u00e7\u00e3o sist\u00eamica ilustra como uma abordagem direcionada pode gerar efeitos em cascata sobre toda a din\u00e2mica familiar.<\/p>\n\n            <p>A redescoberta do prazer compartilhado constitui uma das mudan\u00e7as mais significativas observadas na fam\u00edlia. As pausas COCO criam micro-momentos de cumplicidade que se estendem gradualmente a outras atividades familiares. As crian\u00e7as redescobrem o gosto pelas intera\u00e7\u00f5es diretas e pelos jogos colaborativos.<\/p>\n\n            <p>\"As crian\u00e7as come\u00e7aram a encontrar prazer em outras atividades fora da tela, como brincar l\u00e1 fora, desenhar e ler\", observa Sophie. Essa diversifica\u00e7\u00e3o dos interesses marca uma etapa crucial na sa\u00edda da depend\u00eancia digital. A crian\u00e7a redescobre a riqueza do mundo n\u00e3o digital.<\/p>\n\n            <div class=\"quote-box\">\n                \"No come\u00e7o, cedi \u00e0s telas como solu\u00e7\u00e3o f\u00e1cil. Ap\u00f3s dias exaustivos no trabalho, com a casa para arrumar e os desafios da vida cotidiana, era tentador deixar meus filhos se perderem no mundo digital para ter um momento de descanso.\"\n            <\/div>\n\n            <p>Essa reflex\u00e3o de Sophie destaca uma realidade compartilhada por muitos pais modernos: a busca por equil\u00edbrio entre as exig\u00eancias profissionais, dom\u00e9sticas e parentais. COCO PENSA e COCO SE MEXE oferecem uma alternativa a essa facilidade digital ao propor pausas estruturadas que beneficiam toda a fam\u00edlia.<\/p>\n<div class=\"conseil-card\">\n                <h4>\ud83c\udfe0 Criar um ambiente favor\u00e1vel<\/h4>\n                <p>Aproveite as pausas COCO para reorganizar gradualmente seu espa\u00e7o de vida: crie zonas dedicadas a atividades manuais, monte um canto de leitura, prepare materiais de atividades f\u00edsicas de f\u00e1cil acesso. O ambiente f\u00edsico influencia significativamente as escolhas de atividades.<\/p>\n            <\/div>\n\n            <p>A transforma\u00e7\u00e3o de Sophie como m\u00e3e constitui um aspecto frequentemente subestimado, mas fundamental do processo. Ao retomar o controle da situa\u00e7\u00e3o, ela recupera a confian\u00e7a em suas capacidades educativas e restabelece sua autoridade benevolente. Essa evolu\u00e7\u00e3o pessoal reflete positivamente em toda a din\u00e2mica familiar.<\/p>\n\n            <h2>11. Os desafios persistentes e as estrat\u00e9gias de adapta\u00e7\u00e3o<\/h2>\n\n            <p>Apesar dos sucessos ineg\u00e1veis da introdu\u00e7\u00e3o de COCO PENSA e COCO SE MEXE em sua fam\u00edlia, Sophie permanece l\u00facida sobre os desafios persistentes e a necessidade de adapta\u00e7\u00e3o cont\u00ednua. Essa honestidade testemunha uma abordagem madura e realista da parentalidade digital.<\/p>\n\n            <p>Um dos principais desafios reside na const\u00e2ncia da aplica\u00e7\u00e3o das novas regras. As crian\u00e7as, naturalmente, testam regularmente os limites e podem manifestar fases de regress\u00e3o, particularmente durante per\u00edodos de estresse ou mudan\u00e7a (in\u00edcio das aulas, f\u00e9rias, doen\u00e7a).<\/p>\n\n            <p>A gest\u00e3o das diferen\u00e7as de idade entre os tr\u00eas filhos de Sophie representa outro desafio complexo. As necessidades e as capacidades de aten\u00e7\u00e3o variam conforme a idade, \u00e9 necess\u00e1rio adaptar as pausas COCO e manter um equil\u00edbrio entre as expectativas de cada um. O risco de frustra\u00e7\u00e3o dos mais velhos ou de inadequa\u00e7\u00e3o para os mais novos requer uma vigil\u00e2ncia constante.<\/p>\n\n            <div class=\"tip-box\">\n                <span class=\"tip-box-label\">Gest\u00e3o multi-idades<\/span>\n                <p>Crie \"equipes COCO\" onde os mais velhos ajudam os mais novos durante as pausas. Essa abordagem favorece a coopera\u00e7\u00e3o fraternal enquanto adapta as atividades aos diferentes n\u00edveis de desenvolvimento.<\/p>\n            <\/div>\n\n            <p>A influ\u00eancia do ambiente social externo tamb\u00e9m constitui um desafio permanente. Quando as crian\u00e7as percebem que seus colegas t\u00eam acesso livre \u00e0s telas, podem questionar as regras familiares. Essa press\u00e3o social exige um di\u00e1logo constante e uma explica\u00e7\u00e3o regular dos valores familiares.<\/p>\n\n            <div class=\"expert-box\">\n                <div class=\"expert-box-label\">Estrat\u00e9gias a longo prazo<\/div>\n<div class=\"expert-inner\">\n                    <h3 class=\"expert-inner-title\">Manter o engajamento ao longo do tempo<\/h3>\n                    <p>A efic\u00e1cia de <a href=\"https:\/\/www.dynseo.com\/pt-pt\/coco-pensa-e-coco-se-mexe\/\" style=\"color: var(--primary-blue);\">COCO PENSA e COCO SE MEXE<\/a> se mant\u00e9m gra\u00e7as \u00e0 evolu\u00e7\u00e3o cont\u00ednua do programa. As atividades se renovam, os desafios se adaptam \u00e0 progress\u00e3o da crian\u00e7a, e novas funcionalidades mant\u00eam o interesse e o engajamento.<\/p>\n                <\/div>\n            <\/div>\n\n            <p>A r\u00e1pida evolu\u00e7\u00e3o tecnol\u00f3gica tamb\u00e9m representa um desafio de adapta\u00e7\u00e3o. O surgimento de novas plataformas, novos jogos ou novas modas digitais obriga os pais a permanecerem vigilantes e informados. COCO evolui com essas mudan\u00e7as para manter sua relev\u00e2ncia e efic\u00e1cia.<\/p>\n\n            <h2>12. A import\u00e2ncia do testemunho e da partilha de experi\u00eancias<\/h2>\n\n            <p>A iniciativa de testemunho de Sophie se insere em uma l\u00f3gica de solidariedade parental e de conscientiza\u00e7\u00e3o coletiva sobre os desafios da educa\u00e7\u00e3o digital. Sua coragem de compartilhar publicamente sua experi\u00eancia contribui para quebrar tabus e encorajar outras fam\u00edlias em situa\u00e7\u00f5es semelhantes.<\/p>\n\n            <p>\"\u00c9 por isso que eu testemunho hoje, porque \u00e9 importante falar sobre isso. Na escola, muitos s\u00e3o os alunos nessa situa\u00e7\u00e3o, e muitas vezes percebemos tarde demais quando a escola toca o sino de alarme\", explica Sophie. Essa conscientiza\u00e7\u00e3o sobre a magnitude do fen\u00f4meno motiva seu engajamento na sensibiliza\u00e7\u00e3o.<\/p>\n\n            <p>O testemunho de Sophie revela uma realidade preocupante, mas amplamente silenciosa: muitas fam\u00edlias vivem situa\u00e7\u00f5es semelhantes sem ousar falar sobre isso, por vergonha, por nega\u00e7\u00e3o ou por falta de informa\u00e7\u00e3o sobre as solu\u00e7\u00f5es existentes. Essa omert\u00e0 involunt\u00e1ria atrasa o atendimento e agrava as situa\u00e7\u00f5es.<\/p>\n\n            <div class=\"interview-section\">\n                <div class=\"question\">DYNSEO : Que conselho voc\u00ea daria aos outros pais que podem estar na mesma situa\u00e7\u00e3o que voc\u00ea?<\/div>\n                <div class=\"answer\">\n                    <strong>Sophie :<\/strong> \"Meu conselho seria n\u00e3o ter medo de pedir ajuda e ser flex\u00edvel. A tecnologia \u00e9 uma ferramenta incr\u00edvel, mas precisamos aprender a us\u00e1-la de maneira equilibrada. Se voc\u00ea se encontrar em uma situa\u00e7\u00e3o semelhante \u00e0 minha, n\u00e3o tenha medo de tentar novas abordagens como COCO PENSA. E lembre-se, cada pequeno passo conta. Nunca \u00e9 tarde demais para criar um melhor equil\u00edbrio para sua fam\u00edlia.\"\n                <\/div>\n            <\/div>\n\n            <p>Essa mensagem de esperan\u00e7a e encorajamento ressoa particularmente no contexto atual, onde os pais muitas vezes se sentem desamparados diante dos desafios digitais. O exemplo de Sophie prova que, com as ferramentas certas e uma abordagem gentil, \u00e9 poss\u00edvel transformar positivamente os h\u00e1bitos familiares.<\/p>\n<div class=\"conseil-card\">\n                <h4>\ud83e\udd1d Criar uma rede de apoio<\/h4>\n                <p>N\u00e3o hesite em trocar experi\u00eancias com outros pais sobre suas d\u00e9marches e dificuldades. Os grupos de conversa, os f\u00f3runs dedicados ou as associa\u00e7\u00f5es de pais oferecem espa\u00e7os preciosos de compartilhamento e aconselhamento. A parentalidade digital requer um aprendizado coletivo.<\/p>\n            <\/div>\n\n            <p>A humildade de Sophie diante de seu percurso (\"Nunca \u00e9 tarde demais para criar um melhor equil\u00edbrio\") encoraja outros pais a empreenderem sua pr\u00f3pria transforma\u00e7\u00e3o, independentemente do est\u00e1gio em que se encontram. Essa perspectiva positiva e n\u00e3o culpabilizadora favorece a a\u00e7\u00e3o em vez da resigna\u00e7\u00e3o.<\/p>\n\n            <div class=\"faq-list\">\n                <div class=\"faq-item\">\n                    <div class=\"faq-q\">\n                        <span>Como reconhecer os sinais de depend\u00eancia de telas no meu filho?<\/span>\n                        <span class=\"faq-icon\">+<\/span>\n                    <\/div>\n                    <div class=\"faq-a\">\n                        <p>Os principais sinais de alerta incluem: dificuldades de concentra\u00e7\u00e3o na escola, irritabilidade ao limitar o tempo de tela, dist\u00farbios do sono, perda de interesse por atividades n\u00e3o digitais, isolamento social e sintomas f\u00edsicos como dores de cabe\u00e7a ou fadiga ocular. Se v\u00e1rios desses sinais persistirem, \u00e9 aconselh\u00e1vel consultar um profissional e considerar solu\u00e7\u00f5es como COCO PENSA e COCO SE MEXE.<\/p>\n                    <\/div>\n                <\/div>\n                \n                <div class=\"faq-item\">\n                    <div class=\"faq-q\">\n                        <span>A partir de que idade pode-se usar COCO PENSA e COCO SE MEXE?<\/span>\n                        <span class=\"faq-icon\">+<\/span>\n                    <\/div>\n                    <div class=\"faq-a\">\n                        <p>COCO PENSA e COCO SE MEXE s\u00e3o adequados para crian\u00e7as a partir de 5 anos. As atividades s\u00e3o modul\u00e1veis de acordo com a idade e as capacidades da crian\u00e7a. Para os mais jovens, a supervis\u00e3o de um adulto \u00e9 recomendada, enquanto as crian\u00e7as mais velhas podem gradualmente ganhar autonomia na gest\u00e3o de suas pausas.<\/p>\n                    <\/div>\n                <\/div>\n                \n                <div class=\"faq-item\">\n                    <div class=\"faq-q\">\n                        <span>Como lidar com as resist\u00eancias do meu filho \u00e0s pausas COCO?<\/span>\n                        <span class=\"faq-icon\">+<\/span>\n                    <\/div>\n                    <div class=\"faq-a\">\n                        <p>A resist\u00eancia inicial \u00e9 normal. Para super\u00e1-la: apresente COCO como um amigo em vez de uma obriga\u00e7\u00e3o, participe das atividades com seu filho, crie um sistema de recompensas pela participa\u00e7\u00e3o e mantenha a const\u00e2ncia sem ceder \u00e0s negocia\u00e7\u00f5es. A paci\u00eancia \u00e9 essencial, pois a aceita\u00e7\u00e3o se desenvolve gradualmente.<\/p>\n                    <\/div>\n                <\/div>\n                \n                <div class=\"faq-item\">\n                    <div class=\"faq-q\">\n                        <span>Quanto tempo leva para ver melhorias com COCO?<\/span>\n                        <span class=\"faq-icon\">+<\/span>\n                    <\/div>\n                    <div class=\"faq-a\">\n                        <p>As primeiras mudan\u00e7as comportamentais podem aparecer j\u00e1 na primeira semana de uso. As melhorias significativas na concentra\u00e7\u00e3o e no humor geralmente se manifestam ap\u00f3s 2-3 semanas de uso regular. Os benef\u00edcios a longo prazo sobre os aprendizados e as habilidades sociais se consolidam ao longo de v\u00e1rios meses.<\/p>\n                    <\/div>\n                <\/div>\n                \n                <div class=\"faq-item\">\n                    <div class=\"faq-q\">\n                        <span>COCO funciona em todos os dispositivos?<\/span>\n                        <span class=\"faq-icon\">+<\/span>\n                    <\/div>\n<div class=\"faq-a\">\n                        <p>COCO PENSA e COCO SE MEXE s\u00e3o compat\u00edveis com a maioria dos dispositivos: smartphones, tablets, computadores. O aplicativo se adapta automaticamente ao formato da tela e prop\u00f5e atividades apropriadas para cada suporte. Uma conex\u00e3o com a internet \u00e9 necess\u00e1ria para algumas funcionalidades avan\u00e7adas.<\/p>\n                    <\/div>\n                <\/div>\n            <\/div>\n\n            <div class=\"cta-box\">\n                <h3>Descubra COCO PENSA e COCO SE MEXE<\/h3>\n                <p>Junte-se a Sophie e milhares de fam\u00edlias que transformaram sua rela\u00e7\u00e3o com as telas gra\u00e7as ao nosso programa inovador. Ofere\u00e7a aos seus filhos pausas ativas que estimulam seu desenvolvimento enquanto preservam o prazer digital.<\/p>\n                <div class=\"cta-buttons\">\n                    <a href=\"https:\/\/www.dynseo.com\/pt-pt\/coco-pensa-e-coco-se-mexe\/\" class=\"btn-white\">Baixar COCO<\/a>\n                    <a href=\"https:\/\/www.dynseo.com\/pt-pt\/coco-pensa-e-coco-se-mexe\/\" class=\"btn-outline\">Saiba mais<\/a>\n                <\/div>\n            <\/div>\n<div class=\"article-tags\">\n                <a href=\"#\" class=\"article-tag\">Addiction \u00e9crans<\/a>\n<script type=\"application\/ld+json\">\n{\n  \"@context\": \"https:\/\/schema.org\",\n  \"@graph\": [\n    {\n      \"@type\": \"Article\",\n      \"headline\": \"C'est mon histoire : Sophie nous raconte l'addiction de ses enfants aux \u00e9crans\",\n      \"description\": \"T\u00e9moignage Sophie - T\u00e9moignage Parent - C'est mon histoire : Sophie nous raconte l'addiction de ses enfants aux \u00e9crans\",\n      \"url\": \"https:\/\/www.dynseo.com\/cest-mon-histoire-sophie-nous-raconte-laddiction-de-ses-enfants-aux-ecrans\/\",\n      \"datePublished\": \"2026-04-07\",\n      \"image\": \"https:\/\/www.dynseo.com\/wp-content\/uploads\/2024\/01\/dynseo-logo.png\",\n      \"author\": {\n        \"@type\": \"Organization\",\n        \"name\": \"DYNSEO\",\n        \"url\": \"https:\/\/www.dynseo.com\"\n      },\n      \"publisher\": {\n        \"@type\": \"Organization\",\n        \"name\": \"DYNSEO\",\n        \"url\": \"https:\/\/www.dynseo.com\",\n        \"logo\": {\n          \"@type\": \"ImageObject\",\n          \"url\": \"https:\/\/www.dynseo.com\/wp-content\/uploads\/2024\/01\/dynseo-logo.png\"\n        }\n      },\n      \"aggregateRating\": {\n        \"@type\": \"AggregateRating\",\n        \"ratingValue\": \"4.8\",\n        \"bestRating\": \"5\",\n        \"reviewCount\": \"47\"\n      }\n    },\n    {\n      \"@type\": \"WebPage\",\n      \"name\": \"C'est mon histoire : Sophie nous raconte l'addiction de ses enfants aux \u00e9crans\",\n      \"url\": \"https:\/\/www.dynseo.com\/cest-mon-histoire-sophie-nous-raconte-laddiction-de-ses-enfants-aux-ecrans\/\",\n      \"description\": \"T\u00e9moignage Sophie - T\u00e9moignage Parent - C'est mon histoire : Sophie nous raconte l'addiction de ses enfants aux \u00e9crans\",\n      \"isPartOf\": {\n        \"@type\": \"WebSite\",\n        \"name\": \"DYNSEO\",\n        \"url\": \"https:\/\/www.dynseo.com\"\n      }\n    },\n    {\n      \"@type\": \"BreadcrumbList\",\n      \"itemListElement\": [\n        {\n          \"@type\": \"ListItem\",\n          \"position\": 1,\n          \"name\": \"Accueil\",\n          \"item\": \"https:\/\/www.dynseo.com\"\n        },\n        {\n          \"@type\": \"ListItem\",\n          \"position\": 2,\n          \"name\": \"Blog\",\n          \"item\": \"https:\/\/www.dynseo.com\/blog\/\"\n        },\n        {\n          \"@type\": \"ListItem\",\n          \"position\": 3,\n          \"name\": \"C'est mon histoire : Sophie nous raconte l'addiction de ses enfants aux \u00e9crans\",\n          \"item\": \"https:\/\/www.dynseo.com\/cest-mon-histoire-sophie-nous-raconte-laddiction-de-ses-enfants-aux-ecrans\/\"\n        }\n      ]\n    },\n    {\n      \"@type\": \"FAQPage\",\n      \"mainEntity\": [\n        {\n          \"@type\": \"Question\",\n          \"name\": \"Comment reconna\u00eetre les signes d'addiction aux \u00e9crans chez mon enfant ?\",\n          \"acceptedAnswer\": {\n            \"@type\": \"Answer\",\n            \"text\": \"Les signes d'addiction aux \u00e9crans chez l'enfant incluent une pr\u00e9occupation excessive pour les \u00e9crans, des difficult\u00e9s \u00e0 arr\u00eater leur utilisation, des changements d'humeur quand l'acc\u00e8s est limit\u00e9, une n\u00e9gligence des activit\u00e9s sociales ou scolaires, et des troubles du sommeil.\"\n          }\n        },\n        {\n          \"@type\": \"Question\",\n          \"name\": \"\u00c0 partir de quel \u00e2ge peut-on utiliser COCO PENSE et COCO BOUGE ?\",\n          \"acceptedAnswer\": {\n            \"@type\": \"Answer\",\n            \"text\": \"COCO PENSE et COCO BOUGE sont con\u00e7us pour les enfants \u00e0 partir de 5 ans. Les applications proposent des activit\u00e9s adapt\u00e9es \u00e0 diff\u00e9rents niveaux de d\u00e9veloppement et encouragent une utilisation \u00e9quilibr\u00e9e des \u00e9crans avec des pauses sportives obligatoires.\"\n          }\n        },\n        {\n          \"@type\": \"Question\",\n          \"name\": \"Comment g\u00e9rer les r\u00e9sistances de mon enfant aux pauses COCO ?\",\n          \"acceptedAnswer\": {\n            \"@type\": \"Answer\",\n            \"text\": \"Pour g\u00e9rer les r\u00e9sistances aux pauses COCO, expliquez l'importance des pauses pour la sant\u00e9, participez aux activit\u00e9s physiques avec votre enfant, cr\u00e9ez une routine positive autour des pauses, et r\u00e9compensez la coop\u00e9ration plut\u00f4t que de punir la r\u00e9sistance.\"\n          }\n        }\n      ]\n    }\n  ]\n}\n<\/script>[\/et_pb_code][\/et_pb_column][\/et_pb_row][\/et_pb_section]","_et_gb_content_width":"","footnotes":""},"categories":[2915],"tags":[],"class_list":["post-563931","post","type-post","status-publish","format-standard","has-post-thumbnail","hentry","category-les-conseils-des-coachs"],"yoast_head":"<!-- This site is optimized with the Yoast SEO plugin v27.4 - https:\/\/yoast.com\/product\/yoast-seo-wordpress\/ -->\n<title>\u00c9 a minha hist\u00f3ria: Sophie nos conta sobre a depend\u00eancia de seus filhos das telas - DYNSEO - Aplica\u00e7\u00f5es educativas e jogos de mem\u00f3ria<\/title>\n<meta name=\"robots\" content=\"index, follow, max-snippet:-1, max-image-preview:large, max-video-preview:-1\" \/>\n<link rel=\"canonical\" href=\"https:\/\/www.dynseo.com\/pt-pt\/e-a-minha-historia-sophie-nos-conta-sobre-a-dependencia-de-seus-filhos-das-telas\/\" \/>\n<meta property=\"og:locale\" content=\"pt_PT\" \/>\n<meta property=\"og:type\" content=\"article\" \/>\n<meta property=\"og:title\" content=\"\u00c9 a minha hist\u00f3ria: Sophie nos conta sobre a depend\u00eancia de seus filhos das telas - DYNSEO - Aplica\u00e7\u00f5es educativas e jogos de mem\u00f3ria\" \/>\n<meta property=\"og:url\" content=\"https:\/\/www.dynseo.com\/pt-pt\/e-a-minha-historia-sophie-nos-conta-sobre-a-dependencia-de-seus-filhos-das-telas\/\" \/>\n<meta property=\"og:site_name\" content=\"DYNSEO - Aplica\u00e7\u00f5es educativas e jogos de mem\u00f3ria\" \/>\n<meta property=\"article:published_time\" content=\"2026-04-27T00:40:28+00:00\" \/>\n<meta property=\"article:modified_time\" content=\"2026-04-27T00:46:38+00:00\" \/>\n<meta property=\"og:image\" content=\"https:\/\/www.dynseo.com\/wp-content\/uploads\/2025\/09\/abcdhe-113.jpg\" \/>\n\t<meta property=\"og:image:width\" content=\"900\" \/>\n\t<meta property=\"og:image:height\" content=\"540\" \/>\n\t<meta property=\"og:image:type\" content=\"image\/jpeg\" \/>\n<meta name=\"author\" content=\"DYNSEO\" \/>\n<meta name=\"twitter:label1\" content=\"Escrito por\" \/>\n\t<meta name=\"twitter:data1\" content=\"DYNSEO\" \/>\n\t<meta name=\"twitter:label2\" content=\"Tempo estimado de leitura\" \/>\n\t<meta name=\"twitter:data2\" content=\"25 minutos\" \/>\n<script type=\"application\/ld+json\" class=\"yoast-schema-graph\">{\"@context\":\"https:\\\/\\\/schema.org\",\"@graph\":[{\"@type\":\"Article\",\"@id\":\"https:\\\/\\\/www.dynseo.com\\\/pt-pt\\\/e-a-minha-historia-sophie-nos-conta-sobre-a-dependencia-de-seus-filhos-das-telas\\\/#article\",\"isPartOf\":{\"@id\":\"https:\\\/\\\/www.dynseo.com\\\/pt-pt\\\/e-a-minha-historia-sophie-nos-conta-sobre-a-dependencia-de-seus-filhos-das-telas\\\/\"},\"author\":{\"name\":\"DYNSEO\",\"@id\":\"https:\\\/\\\/www.dynseo.com\\\/pt-pt\\\/#\\\/schema\\\/person\\\/78ef63df2ee64e0989bc68f8401b38d6\"},\"headline\":\"\u00c9 a minha hist\u00f3ria: Sophie nos conta sobre a depend\u00eancia de seus filhos das telas\",\"datePublished\":\"2026-04-27T00:40:28+00:00\",\"dateModified\":\"2026-04-27T00:46:38+00:00\",\"mainEntityOfPage\":{\"@id\":\"https:\\\/\\\/www.dynseo.com\\\/pt-pt\\\/e-a-minha-historia-sophie-nos-conta-sobre-a-dependencia-de-seus-filhos-das-telas\\\/\"},\"wordCount\":5075,\"publisher\":{\"@id\":\"https:\\\/\\\/www.dynseo.com\\\/pt-pt\\\/#organization\"},\"image\":{\"@id\":\"https:\\\/\\\/www.dynseo.com\\\/pt-pt\\\/e-a-minha-historia-sophie-nos-conta-sobre-a-dependencia-de-seus-filhos-das-telas\\\/#primaryimage\"},\"thumbnailUrl\":\"https:\\\/\\\/www.dynseo.com\\\/wp-content\\\/uploads\\\/2025\\\/09\\\/abcdhe-113.jpg\",\"articleSection\":[\"Les conseils des coachs\"],\"inLanguage\":\"pt-PT\"},{\"@type\":\"WebPage\",\"@id\":\"https:\\\/\\\/www.dynseo.com\\\/pt-pt\\\/e-a-minha-historia-sophie-nos-conta-sobre-a-dependencia-de-seus-filhos-das-telas\\\/\",\"url\":\"https:\\\/\\\/www.dynseo.com\\\/pt-pt\\\/e-a-minha-historia-sophie-nos-conta-sobre-a-dependencia-de-seus-filhos-das-telas\\\/\",\"name\":\"\u00c9 a minha hist\u00f3ria: Sophie nos conta sobre a depend\u00eancia de seus filhos das telas - DYNSEO - Aplica\u00e7\u00f5es educativas e jogos de mem\u00f3ria\",\"isPartOf\":{\"@id\":\"https:\\\/\\\/www.dynseo.com\\\/pt-pt\\\/#website\"},\"primaryImageOfPage\":{\"@id\":\"https:\\\/\\\/www.dynseo.com\\\/pt-pt\\\/e-a-minha-historia-sophie-nos-conta-sobre-a-dependencia-de-seus-filhos-das-telas\\\/#primaryimage\"},\"image\":{\"@id\":\"https:\\\/\\\/www.dynseo.com\\\/pt-pt\\\/e-a-minha-historia-sophie-nos-conta-sobre-a-dependencia-de-seus-filhos-das-telas\\\/#primaryimage\"},\"thumbnailUrl\":\"https:\\\/\\\/www.dynseo.com\\\/wp-content\\\/uploads\\\/2025\\\/09\\\/abcdhe-113.jpg\",\"datePublished\":\"2026-04-27T00:40:28+00:00\",\"dateModified\":\"2026-04-27T00:46:38+00:00\",\"breadcrumb\":{\"@id\":\"https:\\\/\\\/www.dynseo.com\\\/pt-pt\\\/e-a-minha-historia-sophie-nos-conta-sobre-a-dependencia-de-seus-filhos-das-telas\\\/#breadcrumb\"},\"inLanguage\":\"pt-PT\",\"potentialAction\":[{\"@type\":\"ReadAction\",\"target\":[\"https:\\\/\\\/www.dynseo.com\\\/pt-pt\\\/e-a-minha-historia-sophie-nos-conta-sobre-a-dependencia-de-seus-filhos-das-telas\\\/\"]}]},{\"@type\":\"ImageObject\",\"inLanguage\":\"pt-PT\",\"@id\":\"https:\\\/\\\/www.dynseo.com\\\/pt-pt\\\/e-a-minha-historia-sophie-nos-conta-sobre-a-dependencia-de-seus-filhos-das-telas\\\/#primaryimage\",\"url\":\"https:\\\/\\\/www.dynseo.com\\\/wp-content\\\/uploads\\\/2025\\\/09\\\/abcdhe-113.jpg\",\"contentUrl\":\"https:\\\/\\\/www.dynseo.com\\\/wp-content\\\/uploads\\\/2025\\\/09\\\/abcdhe-113.jpg\",\"width\":900,\"height\":540,\"caption\":\"Mantenha seu c\u00e9rebro em forma com exerc\u00edcios divertidos e estimulantes\"},{\"@type\":\"BreadcrumbList\",\"@id\":\"https:\\\/\\\/www.dynseo.com\\\/pt-pt\\\/e-a-minha-historia-sophie-nos-conta-sobre-a-dependencia-de-seus-filhos-das-telas\\\/#breadcrumb\",\"itemListElement\":[{\"@type\":\"ListItem\",\"position\":1,\"name\":\"Accueil\",\"item\":\"https:\\\/\\\/www.dynseo.com\\\/pt-pt\\\/\"},{\"@type\":\"ListItem\",\"position\":2,\"name\":\"\u00c9 a minha hist\u00f3ria: Sophie nos conta sobre a depend\u00eancia de seus filhos das telas\"}]},{\"@type\":\"WebSite\",\"@id\":\"https:\\\/\\\/www.dynseo.com\\\/pt-pt\\\/#website\",\"url\":\"https:\\\/\\\/www.dynseo.com\\\/pt-pt\\\/\",\"name\":\"Jeux de m\u00e9moire et stimulation cognitive\",\"description\":\"Entra\u00eenez votre m\u00e9moire et votre cerveau avec DYNSEO\",\"publisher\":{\"@id\":\"https:\\\/\\\/www.dynseo.com\\\/pt-pt\\\/#organization\"},\"potentialAction\":[{\"@type\":\"SearchAction\",\"target\":{\"@type\":\"EntryPoint\",\"urlTemplate\":\"https:\\\/\\\/www.dynseo.com\\\/pt-pt\\\/?s={search_term_string}\"},\"query-input\":{\"@type\":\"PropertyValueSpecification\",\"valueRequired\":true,\"valueName\":\"search_term_string\"}}],\"inLanguage\":\"pt-PT\"},{\"@type\":\"Organization\",\"@id\":\"https:\\\/\\\/www.dynseo.com\\\/pt-pt\\\/#organization\",\"name\":\"DYNSEO\",\"url\":\"https:\\\/\\\/www.dynseo.com\\\/pt-pt\\\/\",\"logo\":{\"@type\":\"ImageObject\",\"inLanguage\":\"pt-PT\",\"@id\":\"https:\\\/\\\/www.dynseo.com\\\/pt-pt\\\/#\\\/schema\\\/logo\\\/image\\\/\",\"url\":\"https:\\\/\\\/www.dynseo.com\\\/wp-content\\\/uploads\\\/2022\\\/05\\\/logo-dynseo-new.png\",\"contentUrl\":\"https:\\\/\\\/www.dynseo.com\\\/wp-content\\\/uploads\\\/2022\\\/05\\\/logo-dynseo-new.png\",\"width\":5073,\"height\":1397,\"caption\":\"DYNSEO\"},\"image\":{\"@id\":\"https:\\\/\\\/www.dynseo.com\\\/pt-pt\\\/#\\\/schema\\\/logo\\\/image\\\/\"}},{\"@type\":\"Person\",\"@id\":\"https:\\\/\\\/www.dynseo.com\\\/pt-pt\\\/#\\\/schema\\\/person\\\/78ef63df2ee64e0989bc68f8401b38d6\",\"name\":\"DYNSEO\",\"url\":\"https:\\\/\\\/www.dynseo.com\\\/pt-pt\\\/author\\\/justine\\\/\"}]}<\/script>\n<!-- \/ Yoast SEO plugin. -->","yoast_head_json":{"title":"\u00c9 a minha hist\u00f3ria: Sophie nos conta sobre a depend\u00eancia de seus filhos das telas - DYNSEO - Aplica\u00e7\u00f5es educativas e jogos de mem\u00f3ria","robots":{"index":"index","follow":"follow","max-snippet":"max-snippet:-1","max-image-preview":"max-image-preview:large","max-video-preview":"max-video-preview:-1"},"canonical":"https:\/\/www.dynseo.com\/pt-pt\/e-a-minha-historia-sophie-nos-conta-sobre-a-dependencia-de-seus-filhos-das-telas\/","og_locale":"pt_PT","og_type":"article","og_title":"\u00c9 a minha hist\u00f3ria: Sophie nos conta sobre a depend\u00eancia de seus filhos das telas - DYNSEO - Aplica\u00e7\u00f5es educativas e jogos de mem\u00f3ria","og_url":"https:\/\/www.dynseo.com\/pt-pt\/e-a-minha-historia-sophie-nos-conta-sobre-a-dependencia-de-seus-filhos-das-telas\/","og_site_name":"DYNSEO - Aplica\u00e7\u00f5es educativas e jogos de mem\u00f3ria","article_published_time":"2026-04-27T00:40:28+00:00","article_modified_time":"2026-04-27T00:46:38+00:00","og_image":[{"width":900,"height":540,"url":"https:\/\/www.dynseo.com\/wp-content\/uploads\/2025\/09\/abcdhe-113.jpg","type":"image\/jpeg"}],"author":"DYNSEO","twitter_misc":{"Escrito por":"DYNSEO","Tempo estimado de leitura":"25 minutos"},"schema":{"@context":"https:\/\/schema.org","@graph":[{"@type":"Article","@id":"https:\/\/www.dynseo.com\/pt-pt\/e-a-minha-historia-sophie-nos-conta-sobre-a-dependencia-de-seus-filhos-das-telas\/#article","isPartOf":{"@id":"https:\/\/www.dynseo.com\/pt-pt\/e-a-minha-historia-sophie-nos-conta-sobre-a-dependencia-de-seus-filhos-das-telas\/"},"author":{"name":"DYNSEO","@id":"https:\/\/www.dynseo.com\/pt-pt\/#\/schema\/person\/78ef63df2ee64e0989bc68f8401b38d6"},"headline":"\u00c9 a minha hist\u00f3ria: Sophie nos conta sobre a depend\u00eancia de seus filhos das telas","datePublished":"2026-04-27T00:40:28+00:00","dateModified":"2026-04-27T00:46:38+00:00","mainEntityOfPage":{"@id":"https:\/\/www.dynseo.com\/pt-pt\/e-a-minha-historia-sophie-nos-conta-sobre-a-dependencia-de-seus-filhos-das-telas\/"},"wordCount":5075,"publisher":{"@id":"https:\/\/www.dynseo.com\/pt-pt\/#organization"},"image":{"@id":"https:\/\/www.dynseo.com\/pt-pt\/e-a-minha-historia-sophie-nos-conta-sobre-a-dependencia-de-seus-filhos-das-telas\/#primaryimage"},"thumbnailUrl":"https:\/\/www.dynseo.com\/wp-content\/uploads\/2025\/09\/abcdhe-113.jpg","articleSection":["Les conseils des coachs"],"inLanguage":"pt-PT"},{"@type":"WebPage","@id":"https:\/\/www.dynseo.com\/pt-pt\/e-a-minha-historia-sophie-nos-conta-sobre-a-dependencia-de-seus-filhos-das-telas\/","url":"https:\/\/www.dynseo.com\/pt-pt\/e-a-minha-historia-sophie-nos-conta-sobre-a-dependencia-de-seus-filhos-das-telas\/","name":"\u00c9 a minha hist\u00f3ria: Sophie nos conta sobre a depend\u00eancia de seus filhos das telas - DYNSEO - Aplica\u00e7\u00f5es educativas e jogos de mem\u00f3ria","isPartOf":{"@id":"https:\/\/www.dynseo.com\/pt-pt\/#website"},"primaryImageOfPage":{"@id":"https:\/\/www.dynseo.com\/pt-pt\/e-a-minha-historia-sophie-nos-conta-sobre-a-dependencia-de-seus-filhos-das-telas\/#primaryimage"},"image":{"@id":"https:\/\/www.dynseo.com\/pt-pt\/e-a-minha-historia-sophie-nos-conta-sobre-a-dependencia-de-seus-filhos-das-telas\/#primaryimage"},"thumbnailUrl":"https:\/\/www.dynseo.com\/wp-content\/uploads\/2025\/09\/abcdhe-113.jpg","datePublished":"2026-04-27T00:40:28+00:00","dateModified":"2026-04-27T00:46:38+00:00","breadcrumb":{"@id":"https:\/\/www.dynseo.com\/pt-pt\/e-a-minha-historia-sophie-nos-conta-sobre-a-dependencia-de-seus-filhos-das-telas\/#breadcrumb"},"inLanguage":"pt-PT","potentialAction":[{"@type":"ReadAction","target":["https:\/\/www.dynseo.com\/pt-pt\/e-a-minha-historia-sophie-nos-conta-sobre-a-dependencia-de-seus-filhos-das-telas\/"]}]},{"@type":"ImageObject","inLanguage":"pt-PT","@id":"https:\/\/www.dynseo.com\/pt-pt\/e-a-minha-historia-sophie-nos-conta-sobre-a-dependencia-de-seus-filhos-das-telas\/#primaryimage","url":"https:\/\/www.dynseo.com\/wp-content\/uploads\/2025\/09\/abcdhe-113.jpg","contentUrl":"https:\/\/www.dynseo.com\/wp-content\/uploads\/2025\/09\/abcdhe-113.jpg","width":900,"height":540,"caption":"Mantenha seu c\u00e9rebro em forma com exerc\u00edcios divertidos e estimulantes"},{"@type":"BreadcrumbList","@id":"https:\/\/www.dynseo.com\/pt-pt\/e-a-minha-historia-sophie-nos-conta-sobre-a-dependencia-de-seus-filhos-das-telas\/#breadcrumb","itemListElement":[{"@type":"ListItem","position":1,"name":"Accueil","item":"https:\/\/www.dynseo.com\/pt-pt\/"},{"@type":"ListItem","position":2,"name":"\u00c9 a minha hist\u00f3ria: Sophie nos conta sobre a depend\u00eancia de seus filhos das telas"}]},{"@type":"WebSite","@id":"https:\/\/www.dynseo.com\/pt-pt\/#website","url":"https:\/\/www.dynseo.com\/pt-pt\/","name":"Jeux de m\u00e9moire et stimulation cognitive","description":"Entra\u00eenez votre m\u00e9moire et votre cerveau avec DYNSEO","publisher":{"@id":"https:\/\/www.dynseo.com\/pt-pt\/#organization"},"potentialAction":[{"@type":"SearchAction","target":{"@type":"EntryPoint","urlTemplate":"https:\/\/www.dynseo.com\/pt-pt\/?s={search_term_string}"},"query-input":{"@type":"PropertyValueSpecification","valueRequired":true,"valueName":"search_term_string"}}],"inLanguage":"pt-PT"},{"@type":"Organization","@id":"https:\/\/www.dynseo.com\/pt-pt\/#organization","name":"DYNSEO","url":"https:\/\/www.dynseo.com\/pt-pt\/","logo":{"@type":"ImageObject","inLanguage":"pt-PT","@id":"https:\/\/www.dynseo.com\/pt-pt\/#\/schema\/logo\/image\/","url":"https:\/\/www.dynseo.com\/wp-content\/uploads\/2022\/05\/logo-dynseo-new.png","contentUrl":"https:\/\/www.dynseo.com\/wp-content\/uploads\/2022\/05\/logo-dynseo-new.png","width":5073,"height":1397,"caption":"DYNSEO"},"image":{"@id":"https:\/\/www.dynseo.com\/pt-pt\/#\/schema\/logo\/image\/"}},{"@type":"Person","@id":"https:\/\/www.dynseo.com\/pt-pt\/#\/schema\/person\/78ef63df2ee64e0989bc68f8401b38d6","name":"DYNSEO","url":"https:\/\/www.dynseo.com\/pt-pt\/author\/justine\/"}]}},"_links":{"self":[{"href":"https:\/\/www.dynseo.com\/pt-pt\/wp-json\/wp\/v2\/posts\/563931","targetHints":{"allow":["GET"]}}],"collection":[{"href":"https:\/\/www.dynseo.com\/pt-pt\/wp-json\/wp\/v2\/posts"}],"about":[{"href":"https:\/\/www.dynseo.com\/pt-pt\/wp-json\/wp\/v2\/types\/post"}],"author":[{"embeddable":true,"href":"https:\/\/www.dynseo.com\/pt-pt\/wp-json\/wp\/v2\/users\/4"}],"replies":[{"embeddable":true,"href":"https:\/\/www.dynseo.com\/pt-pt\/wp-json\/wp\/v2\/comments?post=563931"}],"version-history":[{"count":16,"href":"https:\/\/www.dynseo.com\/pt-pt\/wp-json\/wp\/v2\/posts\/563931\/revisions"}],"predecessor-version":[{"id":563947,"href":"https:\/\/www.dynseo.com\/pt-pt\/wp-json\/wp\/v2\/posts\/563931\/revisions\/563947"}],"wp:featuredmedia":[{"embeddable":true,"href":"https:\/\/www.dynseo.com\/pt-pt\/wp-json\/wp\/v2\/media\/412655"}],"wp:attachment":[{"href":"https:\/\/www.dynseo.com\/pt-pt\/wp-json\/wp\/v2\/media?parent=563931"}],"wp:term":[{"taxonomy":"category","embeddable":true,"href":"https:\/\/www.dynseo.com\/pt-pt\/wp-json\/wp\/v2\/categories?post=563931"},{"taxonomy":"post_tag","embeddable":true,"href":"https:\/\/www.dynseo.com\/pt-pt\/wp-json\/wp\/v2\/tags?post=563931"}],"curies":[{"name":"wp","href":"https:\/\/api.w.org\/{rel}","templated":true}]}}