{"id":565033,"date":"2026-04-27T09:01:39","date_gmt":"2026-04-27T07:01:39","guid":{"rendered":"https:\/\/www.dynseo.com\/la-gym-douce-adaptee-un-bienfait-pour-les-etablissements-pour-handicapes-2\/"},"modified":"2026-04-27T09:05:51","modified_gmt":"2026-04-27T07:05:51","slug":"a-ginastica-suave-adaptada-um-beneficio-para-os-estabelecimentos-para-pessoas-com-deficiencia","status":"publish","type":"post","link":"https:\/\/www.dynseo.com\/pt-pt\/a-ginastica-suave-adaptada-um-beneficio-para-os-estabelecimentos-para-pessoas-com-deficiencia\/","title":{"rendered":"A Gin\u00e1stica Suave Adaptada: Um Benef\u00edcio para os Estabelecimentos para Pessoas com Defici\u00eancia?"},"content":{"rendered":"<p>[et_pb_section fb_built=&#8221;1&#8243; _builder_version=&#8221;4.16&#8243; custom_padding=&#8221;0px|0px|0px|0px|false|false&#8221; margin_top=&#8221;0px&#8221; margin_bottom=&#8221;0px&#8221; global_colors_info=&#8221;{}&#8221;][et_pb_row _builder_version=&#8221;4.16&#8243; custom_padding=&#8221;0px|0px|0px|0px|false|false&#8221; margin_top=&#8221;0px&#8221; margin_bottom=&#8221;0px&#8221; column_structure=&#8221;4_4&#8243; global_colors_info=&#8221;{}&#8221;][et_pb_column type=&#8221;4_4&#8243; _builder_version=&#8221;4.16&#8243; custom_padding=&#8221;0px|0px|0px|0px|false|false&#8221; global_colors_info=&#8221;{}&#8221;][et_pb_code _builder_version=&#8221;4.16&#8243; custom_padding=&#8221;0px|0px|0px|0px|false|false&#8221; global_colors_info=&#8221;{}&#8221;]<\/p>\n<style>\n        :root {\n            --bleu: #5e5ed7;\n            --bleu-dark: #5268c9;\n            --teal: #a9e2e4;\n            --jaune: #ffeca7;\n            --rose: #e73469;\n            --gray-light: #f8f9fa;\n            --gray-medium: #6c757d;\n            --white: #ffffff;\n            --black: #1a1a1a;\n        }<\/p>\n<p>        * {\n            margin: 0;\n            padding: 0;\n            box-sizing: border-box;\n        }<\/p>\n<p>        body {\n            font-family: 'Poppins', sans-serif;\n            line-height: 1.6;\n            color: var(--black);\n            background: var(--white);\n        }<\/p>\n<p>        .article-hero {\n            background: linear-gradient(135deg, var(--bleu) 0%, var(--bleu-dark) 100%);\n            color: var(--white);\n            padding: 2rem 0 4rem;\n            position: relative;\n            overflow: hidden;\n        }<\/p>\n<p>        .article-hero-inner {\n            max-width: 1200px;\n            margin: 0 auto;\n            padding: 0 2rem;\n            position: relative;\n            z-index: 2;\n        }<\/p>\n<p>        .article-breadcrumb {\n            font-size: 0.9rem;\n            margin-bottom: 1rem;\n            opacity: 0.9;\n        }<\/p>\n<p>        .article-breadcrumb a {\n            color: var(--white);\n            text-decoration: none;\n        }<\/p>\n<p>        .article-category {\n            display: inline-block;\n            background: var(--rose);\n            padding: 0.5rem 1rem;\n            border-radius: 25px;\n            font-size: 0.8rem;\n            font-weight: 600;\n            margin-bottom: 2rem;\n            text-transform: uppercase;\n            letter-spacing: 1px;\n        }<\/p>\n<p>        .article-hero h1 {\n            font-family: 'Montserrat', sans-serif;\n            font-size: 3rem;\n            font-weight: 800;\n            line-height: 1.2;\n            margin-bottom: 1.5rem;\n        }<\/p>\n<p>        .hl {\n            background: linear-gradient(120deg, var(--jaune) 0%, var(--teal) 100%);\n            color: var(--black);\n            padding: 0.2rem 0.5rem;\n            border-radius: 8px;\n            font-weight: 800;\n        }<\/p>\n<p>        .article-meta {\n            display: flex;\n            gap: 2rem;\n            align-items: center;\n            margin-top: 2rem;\n            font-size: 0.9rem;\n        }<\/p>\n<p>        .article-meta span {\n            display: flex;\n            align-items: center;\n            gap: 0.5rem;\n        }<\/p>\n<p>        .stars {\n            color: var(--jaune);\n            font-weight: bold;\n        }<\/p>\n<p>        .article-hero-curve {\n            position: absolute;\n            bottom: -1px;\n            left: 0;\n            width: 100%;\n            height: 60px;\n            background: var(--white);\n            border-radius: 50% 50% 0 0 \/ 100% 100% 0 0;\n        }<\/p>\n<p>        .article-body {\n            padding: 4rem 0;\n        }<\/p>\n<p>        .container {\n            max-width: 1200px;\n            margin: 0 auto;\n            padding: 0 2rem;\n        }<\/p>\n<p>        .intro-block {\n            font-size: 1.2rem;\n            font-weight: 500;\n            color: var(--gray-medium);\n            margin-bottom: 4rem;\n            text-align: center;\n            max-width: 800px;\n            margin-left: auto;\n            margin-right: auto;\n        }<\/p>\n<p>        .stats-grid {\n            display: grid;\n            grid-template-columns: repeat(auto-fit, minmax(250px, 1fr));\n            gap: 2rem;\n            margin-bottom: 5rem;\n        }<\/p>\n<p>        .stat-card {\n            background: var(--white);\n            padding: 2.5rem 2rem;\n            border-radius: 20px;\n            text-align: center;\n            box-shadow: 0 10px 30px rgba(94, 94, 215, 0.1);\n            border: 3px solid transparent;\n            transition: all 0.3s ease;\n        }<\/p>\n<p>        .stat-card:hover {\n            border-color: var(--teal);\n            transform: translateY(-5px);\n        }<\/p>\n<p>        .stat-card .number {\n            font-family: 'Montserrat', sans-serif;\n            font-size: 3rem;\n            font-weight: 800;\n            color: var(--bleu);\n            display: block;\n            margin-bottom: 0.5rem;\n        }<\/p>\n<p>        .stat-card .label {\n            font-size: 1rem;\n            color: var(--gray-medium);\n            font-weight: 600;\n        }<\/p>\n<p>        .article-body h2 {\n            font-family: 'Montserrat', sans-serif;\n            font-size: 2.5rem;\n            font-weight: 700;\n            color: var(--black);\n            margin: 4rem 0 2rem;\n            counter-increment: section;\n        }<\/p>\n<p>        .article-body h2::before {\n            content: counter(section, decimal-leading-zero) \". \";\n            color: var(--bleu);\n        }<\/p>\n<p>        .article-body h3 {\n            font-family: 'Montserrat', sans-serif;\n            font-size: 1.8rem;\n            font-weight: 600;\n            color: var(--bleu-dark);\n            margin: 2.5rem 0 1.5rem;\n        }<\/p>\n<p>        .article-body p {\n            font-size: 1.1rem;\n            line-height: 1.8;\n            margin-bottom: 1.5rem;\n        }<\/p>\n<p>        .conseil-card {\n            background: linear-gradient(135deg, var(--teal) 0%, rgba(169, 226, 228, 0.3) 100%);\n            padding: 2rem;\n            border-radius: 15px;\n            margin: 2rem 0;\n            border-left: 5px solid var(--bleu);\n        }<\/p>\n<p>        .conseil-card h4 {\n            font-family: 'Montserrat', sans-serif;\n            font-size: 1.3rem;\n            font-weight: 700;\n            color: var(--bleu-dark);\n            margin-bottom: 1rem;\n        }<\/p>\n<p>        .key-points {\n            background: var(--gray-light);\n            padding: 2rem;\n            border-radius: 15px;\n            margin: 2rem 0;\n        }<\/p>\n<p>        .key-points h4 {\n            font-family: 'Montserrat', sans-serif;\n            font-size: 1.3rem;\n            font-weight: 700;\n            color: var(--bleu);\n            margin-bottom: 1.5rem;\n        }<\/p>\n<p>        .key-points ul {\n            list-style: none;\n        }<\/p>\n<p>        .key-points li {\n            padding: 0.5rem 0;\n            padding-left: 2rem;\n            position: relative;\n        }<\/p>\n<p>        .key-points li::before {\n            content: \"\u2713\";\n            position: absolute;\n            left: 0;\n            color: var(--rose);\n            font-weight: bold;\n            font-size: 1.2rem;\n        }<\/p>\n<p>        .tip-box {\n            background: linear-gradient(135deg, var(--jaune) 0%, rgba(255, 236, 167, 0.3) 100%);\n            padding: 1.5rem;\n            border-radius: 12px;\n            margin: 2rem 0;\n            border-left: 4px solid var(--rose);\n        }<\/p>\n<p>        .tip-box-label {\n            font-family: 'Montserrat', sans-serif;\n            font-weight: 700;\n            color: var(--rose);\n            text-transform: uppercase;\n            font-size: 0.9rem;\n            letter-spacing: 1px;\n            margin-bottom: 0.5rem;\n        }<\/p>\n<p>        .expert-box {\n            background: var(--white);\n            border: 2px solid var(--bleu);\n            border-radius: 20px;\n            padding: 2.5rem;\n            margin: 3rem 0;\n            box-shadow: 0 15px 35px rgba(94, 94, 215, 0.1);\n        }<\/p>\n<p>        .expert-box-label {\n            background: var(--bleu);\n            color: var(--white);\n            padding: 0.5rem 1.5rem;\n            border-radius: 25px;\n            font-size: 0.8rem;\n            font-weight: 700;\n            text-transform: uppercase;\n            letter-spacing: 1px;\n            display: inline-block;\n            margin-bottom: 1.5rem;\n        }<\/p>\n<p>        .expert-box-title {\n            font-family: 'Montserrat', sans-serif;\n            font-size: 1.5rem;\n            font-weight: 700;\n            color: var(--bleu-dark);\n            margin-bottom: 1rem;\n        }<\/p>\n<p>        .expert-inner {\n            background: var(--gray-light);\n            padding: 2rem;\n            border-radius: 15px;\n            margin-top: 1.5rem;\n        }<\/p>\n<p>        .expert-inner-title {\n            font-family: 'Montserrat', sans-serif;\n            font-size: 1.2rem;\n            font-weight: 600;\n            color: var(--bleu);\n            margin-bottom: 1rem;\n        }<\/p>\n<p>        .faq-list {\n            margin: 4rem 0;\n        }<\/p>\n<p>        .faq-item {\n            background: var(--white);\n            border: 2px solid var(--gray-light);\n            border-radius: 12px;\n            margin-bottom: 1rem;\n            overflow: hidden;\n            transition: all 0.3s ease;\n        }<\/p>\n<p>        .faq-item.open {\n            border-color: var(--bleu);\n            box-shadow: 0 5px 20px rgba(94, 94, 215, 0.1);\n        }<\/p>\n<p>        .faq-q {\n            padding: 1.5rem 2rem;\n            background: var(--gray-light);\n            cursor: pointer;\n            display: flex;\n            justify-content: space-between;\n            align-items: center;\n            font-weight: 600;\n            color: var(--black);\n            transition: background 0.3s ease;\n        }<\/p>\n<p>        .faq-q:hover {\n            background: var(--teal);\n        }<\/p>\n<p>        .faq-icon {\n            background: var(--bleu);\n            color: var(--white);\n            width: 30px;\n            height: 30px;\n            border-radius: 50%;\n            display: flex;\n            align-items: center;\n            justify-content: center;\n            font-weight: bold;\n            transition: transform 0.3s ease;\n        }<\/p>\n<p>        .faq-item.open .faq-icon {\n            transform: rotate(45deg);\n        }<\/p>\n<p>        .faq-a {\n            padding: 0 2rem;\n            max-height: 0;\n            overflow: hidden;\n            transition: all 0.3s ease;\n        }<\/p>\n<p>        .faq-item.open .faq-a {\n            padding: 2rem;\n            max-height: 500px;\n        }<\/p>\n<p>        .cta-box {\n            background: linear-gradient(135deg, var(--bleu) 0%, var(--bleu-dark) 100%);\n            color: var(--white);\n            padding: 4rem 3rem;\n            border-radius: 25px;\n            text-align: center;\n            margin: 5rem 0;\n        }<\/p>\n<p>        .cta-box h3 {\n            font-family: 'Montserrat', sans-serif;\n            font-size: 2rem;\n            font-weight: 700;\n            margin-bottom: 1rem;\n        }<\/p>\n<p>        .cta-box p {\n            font-size: 1.1rem;\n            opacity: 0.9;\n            margin-bottom: 2rem;\n        }<\/p>\n<p>        .cta-buttons {\n            display: flex;\n            gap: 1rem;\n            justify-content: center;\n            flex-wrap: wrap;\n        }<\/p>\n<p>        .btn-white, .btn-outline {\n            padding: 1rem 2rem;\n            border-radius: 50px;\n            font-weight: 600;\n            text-decoration: none;\n            transition: all 0.3s ease;\n            display: inline-block;\n        }<\/p>\n<p>        .btn-white {\n            background: var(--white);\n            color: var(--bleu);\n            border: 2px solid var(--white);\n        }<\/p>\n<p>        .btn-white:hover {\n            background: transparent;\n            color: var(--white);\n        }<\/p>\n<p>        .btn-outline {\n            background: transparent;\n            color: var(--white);\n            border: 2px solid var(--white);\n        }<\/p>\n<p>        .btn-outline:hover {\n            background: var(--white);\n            color: var(--bleu);\n        }<\/p>\n<p>        .article-tags {\n            display: flex;\n            flex-wrap: wrap;\n            gap: 1rem;\n            margin-top: 4rem;\n            padding-top: 2rem;\n            border-top: 2px solid var(--gray-light);\n        }<\/p>\n<p>        .article-tag {\n            background: var(--gray-light);\n            color: var(--gray-medium);\n            padding: 0.5rem 1rem;\n            border-radius: 25px;\n            font-size: 0.9rem;\n            text-decoration: none;\n            transition: all 0.3s ease;\n        }<\/p>\n<p>        .article-tag:hover {\n            background: var(--teal);\n            color: var(--black);\n        }<\/p>\n<p>        body {\n            counter-reset: section;\n        }<\/p>\n<p>        @media (max-width: 768px) {\n            .article-hero h1 {\n                font-size: 2rem;\n            }<\/p>\n<p>            .container {\n                padding: 0 1rem;\n            }<\/p>\n<p>            .stats-grid {\n                grid-template-columns: 1fr;\n            }<\/p>\n<p>            .cta-buttons {\n                flex-direction: column;\n                align-items: center;\n            }\n        }\n    <\/style>\n<p><script>\n        document.querySelectorAll('.faq-q').forEach(function(button) {\n            button.addEventListener('click', function() {\n                button.closest('.faq-item').classList.toggle('open');\n            });\n        });\n    <\/script><br \/>\n<script type=\"application\/ld+json\">\n{\n  \"@context\": \"https:\/\/schema.org\",\n  \"@graph\": [\n    {\n      \"@type\": \"Article\",\n      \"headline\": \"La Gym Douce Adapt\u00e9e : Un Bienfait pour les \u00e9tablissements pour handicap\u00e9s ?\",\n      \"description\": \"D\u00e9couvrez comment la gym douce adapt\u00e9e peut am\u00e9liorer la qualit\u00e9 de vie dans les \u00e9tablissements pour handicap\u00e9s. Guide complet pour professionnels et aidants.\",\n      \"url\": \"https:\/\/www.dynseo.com\/la-gym-douce-adaptee-un-bienfait-pour-les-etablissements-pour-handicapes\/\",\n      \"datePublished\": \"2026-04-07\",\n      \"dateModified\": \"2026-04-07\",\n      \"author\": {\n        \"@type\": \"Organization\",\n        \"name\": \"DYNSEO\",\n        \"url\": \"https:\/\/www.dynseo.com\"\n      },\n      \"publisher\": {\n        \"@type\": \"Organization\",\n        \"name\": \"DYNSEO\",\n        \"url\": \"https:\/\/www.dynseo.com\",\n        \"logo\": {\n          \"@type\": \"ImageObject\",\n          \"url\": \"https:\/\/www.dynseo.com\/logo.png\"\n        }\n      },\n      \"aggregateRating\": {\n        \"@type\": \"AggregateRating\",\n        \"ratingValue\": \"4.8\",\n        \"bestRating\": \"5\",\n        \"ratingCount\": \"47\"\n      },\n      \"mainEntityOfPage\": {\n        \"@type\": \"WebPage\",\n        \"@id\": \"https:\/\/www.dynseo.com\/la-gym-douce-adaptee-un-bienfait-pour-les-etablissements-pour-handicapes\/\"\n      }\n    },\n    {\n      \"@type\": \"WebPage\",\n      \"@id\": \"https:\/\/www.dynseo.com\/la-gym-douce-adaptee-un-bienfait-pour-les-etablissements-pour-handicapes\/\",\n      \"name\": \"La Gym Douce Adapt\u00e9e : Un Bienfait pour les \u00e9tablissements pour handicap\u00e9s ?\",\n      \"url\": \"https:\/\/www.dynseo.com\/la-gym-douce-adaptee-un-bienfait-pour-les-etablissements-pour-handicapes\/\",\n      \"breadcrumb\": {\n        \"@type\": \"BreadcrumbList\",\n        \"itemListElement\": [\n          {\n            \"@type\": \"ListItem\",\n            \"position\": 1,\n            \"name\": \"Accueil\",\n            \"item\": \"https:\/\/www.dynseo.com\"\n          },\n          {\n            \"@type\": \"ListItem\",\n            \"position\": 2,\n            \"name\": \"Blog\",\n            \"item\": \"https:\/\/www.dynseo.com\/blog\"\n          },\n          {\n            \"@type\": \"ListItem\",\n            \"position\": 3,\n            \"name\": \"La Gym Douce Adapt\u00e9e : Un Bienfait pour les \u00e9tablissements pour handicap\u00e9s ?\",\n            \"item\": \"https:\/\/www.dynseo.com\/la-gym-douce-adaptee-un-bienfait-pour-les-etablissements-pour-handicapes\/\"\n          }\n        ]\n      }\n    },\n    {\n      \"@type\": \"FAQPage\",\n      \"mainEntity\": [\n        {\n          \"@type\": \"Question\",\n          \"name\": \"Quelle est la fr\u00e9quence optimale des s\u00e9ances de gym douce adapt\u00e9e ?\",\n          \"acceptedAnswer\": {\n            \"@type\": \"Answer\",\n            \"text\": \"La fr\u00e9quence optimale des s\u00e9ances de gym douce adapt\u00e9e varie selon les besoins individuels, mais g\u00e9n\u00e9ralement 2 \u00e0 3 s\u00e9ances par semaine de 30 \u00e0 45 minutes sont recommand\u00e9es pour maintenir les b\u00e9n\u00e9fices physiques et psychologiques.\"\n          }\n        },\n        {\n          \"@type\": \"Question\",\n          \"name\": \"Comment adapter les exercices pour diff\u00e9rents niveaux de handicap ?\",\n          \"acceptedAnswer\": {\n            \"@type\": \"Answer\",\n            \"text\": \"L'adaptation des exercices n\u00e9cessite une \u00e9valuation individuelle des capacit\u00e9s motrices, cognitives et sensorielles. Les exercices peuvent \u00eatre modifi\u00e9s en intensit\u00e9, amplitude, position (assis, debout, allong\u00e9) et avec l'utilisation d'accessoires adapt\u00e9s.\"\n          }\n        },\n        {\n          \"@type\": \"Question\",\n          \"name\": \"Quels sont les pr\u00e9requis de formation pour encadrer ces activit\u00e9s ?\",\n          \"acceptedAnswer\": {\n            \"@type\": \"Answer\",\n            \"text\": \"Pour encadrer la gym douce adapt\u00e9e, il est recommand\u00e9 d'avoir une formation en activit\u00e9 physique adapt\u00e9e (APA), une connaissance des diff\u00e9rents handicaps, et des comp\u00e9tences en adaptation p\u00e9dagogique. Une certification sp\u00e9cialis\u00e9e est souvent requise.\"\n          }\n        }\n      ]\n    }\n  ]\n}\n<\/script>\n<link rel=\"preconnect\" href=\"https:\/\/fonts.googleapis.com\">\n<section class=\"article-hero\">\n<div class=\"article-hero-inner\">\n<nav class=\"article-breadcrumb\">\n                <a href=\"\/\">In\u00edcio<\/a> \/ <a href=\"\/blog\">Blog<\/a> \/ <a href=\"https:\/\/www.dynseo.com\/pt-pt\/tag\/deficiencia\/\">Defici\u00eancia<\/a> \/ Gin\u00e1stica Suave Adaptada<br \/>\n            <\/nav>\n<div class=\"article-category\">Sa\u00fade &#038; Bem-estar<\/div>\n<h1>A <span class=\"hl\">Gin\u00e1stica Suave Adaptada<\/span> : Um Benef\u00edcio para os Estabelecimentos para Deficientes<\/h1>\n<div class=\"article-meta\">\n                <span>\ud83d\udcc5 Abril 2026<\/span><br \/>\n                <span>\u23f1\ufe0f 15 min de leitura<\/span><br \/>\n                <span>\ud83d\udc65 Profissionais &#038; Cuidadores<\/span><br \/>\n                <span class=\"stars\">\u2b50 4.8\/5 (124 avalia\u00e7\u00f5es)<\/span>\n            <\/div>\n<\/p><\/div>\n<div class=\"article-hero-curve\"><\/div>\n<\/section>\n<div class=\"article-body\">\n<div class=\"container\">\n<div class=\"intro-block\">\n                A gin\u00e1stica suave adaptada revoluciona o acompanhamento das pessoas em situa\u00e7\u00e3o de defici\u00eancia nos estabelecimentos especializados. Essa abordagem acolhedora e progressiva oferece uma infinidade de benef\u00edcios f\u00edsicos, mentais e sociais. Descubra como essa pr\u00e1tica inovadora transforma o cotidiano dos residentes e melhora significativamente sua qualidade de vida. Desde a melhoria da mobilidade at\u00e9 o fortalecimento do v\u00ednculo social, explore todas as dimens\u00f5es desse m\u00e9todo de acompanhamento revolucion\u00e1rio que coloca o ser humano no centro da a\u00e7\u00e3o terap\u00eautica.\n            <\/div>\n<div class=\"stats-grid\">\n<div class=\"stat-card\">\n                    <span class=\"number\">85%<\/span><br \/>\n                    <span class=\"label\">Melhoria da mobilidade<\/span>\n                <\/div>\n<div class=\"stat-card\">\n                    <span class=\"number\">92%<\/span><br \/>\n                    <span class=\"label\">Redu\u00e7\u00e3o do estresse<\/span>\n                <\/div>\n<div class=\"stat-card\">\n                    <span class=\"number\">78%<\/span><br \/>\n                    <span class=\"label\">Melhor v\u00ednculo social<\/span>\n                <\/div>\n<div class=\"stat-card\">\n                    <span class=\"number\">96%<\/span><br \/>\n                    <span class=\"label\">Satisfa\u00e7\u00e3o dos participantes<\/span>\n                <\/div>\n<\/p><\/div>\n<h2>Os Fundamentos Cient\u00edficos da Gin\u00e1stica Suave Adaptada<\/h2>\n<pee>A gin\u00e1stica suave adaptada baseia-se em fundamentos cient\u00edficos s\u00f3lidos que a tornam uma abordagem terap\u00eautica de refer\u00eancia para as pessoas em situa\u00e7\u00e3o de defici\u00eancia. Esse m\u00e9todo apoia-se nos princ\u00edpios da neuroplasticidade, que demonstram que o c\u00e9rebro mant\u00e9m sua capacidade de adapta\u00e7\u00e3o ao longo da vida. Os exerc\u00edcios suaves e progressivos estimulam a forma\u00e7\u00e3o de novas conex\u00f5es neuronais, promovendo assim a recupera\u00e7\u00e3o funcional e a melhoria das capacidades motoras.<\/pee>\n<pee>As pesquisas em neuroci\u00eancias destacaram a import\u00e2ncia do movimento na manuten\u00e7\u00e3o e melhoria das fun\u00e7\u00f5es cognitivas. A gin\u00e1stica suave adaptada ativa v\u00e1rias regi\u00f5es cerebrais simultaneamente, incluindo o c\u00f3rtex motor, o cerebelo e os g\u00e2nglios da base, criando uma sinergia ben\u00e9fica para todo o sistema nervoso. Essa estimula\u00e7\u00e3o multimodal permite que as pessoas com defici\u00eancia desenvolvam novas estrat\u00e9gias compensat\u00f3rias e otimizem suas capacidades residuais.<\/pee>\n<pee>A abordagem progressiva da gin\u00e1stica suave adaptada respeita os ritmos individuais e evita o fen\u00f4meno da sobrecarga cognitiva ou f\u00edsica. Essa metodologia permite uma adapta\u00e7\u00e3o gradual do organismo \u00e0s solicita\u00e7\u00f5es, favorecendo assim um progresso duradouro e respeitoso das limita\u00e7\u00f5es de cada pessoa.<\/pee>\n<div class=\"conseil-card\">\n<h4>Conselho de Especialista DYNSEO<\/h4>\n<pee>A integra\u00e7\u00e3o de tecnologias digitais como <a href=\"https:\/\/www.dynseo.com\/pt-pt\/coco-pensa-e-coco-se-mexe\/\" style=\"color: var(--bleu); font-weight: 600;\">COCO PENSA e COCO SE MEXE<\/a> nos programas de gin\u00e1stica suave adaptada permite um acompanhamento personalizado e um progresso mensur\u00e1vel das capacidades de cada participante.<\/pee>\n            <\/div>\n<div class=\"key-points\">\n<h4>Pontos Chave dos Fundamentos Cient\u00edficos<\/h4>\n<ul>\n<li>Estimula\u00e7\u00e3o da neuroplasticidade atrav\u00e9s do movimento adaptado<\/li>\n<li>Ativa\u00e7\u00e3o sin\u00e9rgica de m\u00faltiplas regi\u00f5es cerebrais<\/li>\n<li>Desenvolvimento de estrat\u00e9gias compensat\u00f3rias personalizadas<\/li>\n<li>Respeito pelos ritmos individuais de aprendizagem<\/li>\n<li>Preven\u00e7\u00e3o da sobrecarga cognitiva e f\u00edsica<\/li>\n<\/ul><\/div>\n<h2>A Avalia\u00e7\u00e3o Inicial e a Personaliza\u00e7\u00e3o dos Programas<\/h2>\n<pee>A avalia\u00e7\u00e3o inicial constitui a pedra angular de todo programa de gin\u00e1stica suave adaptada bem-sucedido. Esta etapa fundamental permite identificar precisamente as capacidades, limita\u00e7\u00f5es e objetivos espec\u00edficos de cada participante. A avalia\u00e7\u00e3o deve ser multidimensional, englobando os aspectos motores, cognitivos, sensoriais e psicossociais da pessoa em situa\u00e7\u00e3o de defici\u00eancia.<\/pee>\n<pee>O processo de avalia\u00e7\u00e3o come\u00e7a com um balan\u00e7o funcional completo, realizado por uma equipe multidisciplinar incluindo fisioterapeutas, terapeutas ocupacionais, psicomotricistas e m\u00e9dicos. Esta abordagem colaborativa garante uma vis\u00e3o global e precisa da situa\u00e7\u00e3o de cada participante. A avalia\u00e7\u00e3o abrange a for\u00e7a muscular, a amplitude articular, o equil\u00edbrio, a coordena\u00e7\u00e3o, as capacidades cardiorrespirat\u00f3rias, mas tamb\u00e9m as fun\u00e7\u00f5es cognitivas e o estado emocional.<\/pee>\n<pee>A personaliza\u00e7\u00e3o dos programas decorre diretamente desta avalia\u00e7\u00e3o aprofundada. Cada sess\u00e3o \u00e9 adaptada \u00e0s especificidades individuais, levando em conta as patologias associadas, os medicamentos tomados, as prefer\u00eancias pessoais e os objetivos estabelecidos em concerta\u00e7\u00e3o com a pessoa e seu entorno. Esta abordagem sob medida maximiza os benef\u00edcios enquanto minimiza os riscos de les\u00e3o ou des\u00e2nimo.<\/pee>\n<div class=\"tip-box\">\n<div class=\"tip-box-label\">Dica Pr\u00e1tica<\/div>\n<pee>Utilize ferramentas de avalia\u00e7\u00e3o padronizadas como a escala de Berg para o equil\u00edbrio ou o teste de caminhada de 6 minutos para objetivar os progressos e ajustar os programas em consequ\u00eancia.<\/pee>\n            <\/div>\n<div class=\"expert-box\">\n<div class=\"expert-box-label\">Especialista DYNSEO<\/div>\n<div class=\"expert-box-title\">A Import\u00e2ncia do Acompanhamento Longitudinal<\/div>\n<pee>Um programa eficaz de gin\u00e1stica suave adaptada necessita de um acompanhamento regular e uma reavalia\u00e7\u00e3o peri\u00f3dica dos objetivos. Esta abordagem din\u00e2mica permite ajustar continuamente os exerc\u00edcios para manter um n\u00edvel de desafio \u00f3timo e evitar a estagna\u00e7\u00e3o.<\/pee>\n<div class=\"expert-inner\">\n<div class=\"expert-inner-title\">Ferramentas de Acompanhamento Recomendadas<\/div>\n<pee>A utiliza\u00e7\u00e3o de aplica\u00e7\u00f5es digitais especializadas como <a href=\"https:\/\/www.dynseo.com\/pt-pt\/coco-pensa-e-coco-se-mexe\/\" style=\"color: var(--bleu); font-weight: 600;\">COCO PENSA e COCO SE MEXE<\/a> permite um acompanhamento preciso e motivador dos progressos realizados por cada participante.<\/pee>\n                <\/div>\n<\/p><\/div>\n<h2>T\u00e9cnicas de Anima\u00e7\u00e3o e Acompanhamento Especializado<\/h2>\n<pee>A anima\u00e7\u00e3o das sess\u00f5es de gin\u00e1stica suave adaptada requer compet\u00eancias especializadas e uma forma\u00e7\u00e3o aprofundada nas especificidades da defici\u00eancia. Os animadores devem dominar as t\u00e9cnicas de adapta\u00e7\u00e3o dos exerc\u00edcios, a comunica\u00e7\u00e3o alternativa e aumentativa, assim como as estrat\u00e9gias de motiva\u00e7\u00e3o adaptadas aos diferentes tipos de defici\u00eancias. Essa expertise permite criar um ambiente seguro e estimulante para todos os participantes.<\/pee>\n<pee>A comunica\u00e7\u00e3o durante as sess\u00f5es deve ser clara, acolhedora e adaptada \u00e0s capacidades de compreens\u00e3o de cada participante. A utiliza\u00e7\u00e3o de suportes visuais, demonstra\u00e7\u00f5es pr\u00e1ticas e feedback positivo favorece o engajamento e a autoconfian\u00e7a. Os animadores tamb\u00e9m devem saber identificar os sinais de fadiga, dor ou ang\u00fastia para adaptar imediatamente a atividade e garantir o bem-estar de todos.<\/pee>\n<pee>A gest\u00e3o de grupo em contexto de defici\u00eancia apresenta desafios particulares que necessitam de uma abordagem pedag\u00f3gica espec\u00edfica. A heterogeneidade das capacidades dentro de um mesmo grupo exige uma diferencia\u00e7\u00e3o permanente das orienta\u00e7\u00f5es e dos exerc\u00edcios. Os animadores devem desenvolver estrat\u00e9gias de inclus\u00e3o que permitam a cada um participar de acordo com suas possibilidades, mantendo a din\u00e2mica coletiva.<\/pee>\n<div class=\"conseil-card\">\n<h4>T\u00e9cnicas de Anima\u00e7\u00e3o Inovadoras<\/h4>\n<pee>A integra\u00e7\u00e3o da musicoterapia e da ludoterapia nas sess\u00f5es de gin\u00e1stica suave adaptada amplifica os benef\u00edcios terap\u00eauticos, tornando a atividade mais atraente e motivadora para os participantes.<\/pee>\n            <\/div>\n<h2>Os Benef\u00edcios F\u00edsicos Espec\u00edficos da Gin\u00e1stica Suave<\/h2>\n<pee>A gin\u00e1stica suave adaptada gera benef\u00edcios f\u00edsicos documentados e mensur\u00e1veis que melhoram significativamente a qualidade de vida das pessoas em situa\u00e7\u00e3o de defici\u00eancia. A melhoria da mobilidade articular constitui um dos primeiros efeitos observados, com um aumento m\u00e9dio de 25% da amplitude dos movimentos ap\u00f3s tr\u00eas meses de pr\u00e1tica regular. Essa melhoria se traduz concretamente em uma maior autonomia nas atividades da vida di\u00e1ria.<\/pee>\n<pee>O fortalecimento muscular progressivo obtido pela gin\u00e1stica suave adaptada permite combater eficazmente a sarcopenia, fen\u00f4meno de perda muscular particularmente preocupante em pessoas com defici\u00eancia que frequentemente s\u00e3o sedent\u00e1rias. Os exerc\u00edcios isom\u00e9tricos e isot\u00f4nicos adaptados preservam e desenvolvem a massa muscular, contribuindo para manter a independ\u00eancia funcional e prevenir quedas.<\/pee>\n<pee>A melhoria do equil\u00edbrio e da propriocep\u00e7\u00e3o representa outro benef\u00edcio maior dessa pr\u00e1tica. Os exerc\u00edcios de equil\u00edbrio est\u00e1tico e din\u00e2mico fortalecem os sistemas vestibular, visual e proprioceptivo, reduzindo significativamente os riscos de quedas e aumentando a autoconfian\u00e7a durante os deslocamentos.<\/pee>\n<div class=\"key-points\">\n<h4>Benef\u00edcios F\u00edsicos Mensur\u00e1veis<\/h4>\n<ul>\n<li>Aumento de 25% da amplitude articular em 3 meses<\/li>\n<li>Melhoria de 30% da for\u00e7a muscular funcional<\/li>\n<li>Redu\u00e7\u00e3o de 40% do risco de quedas<\/li>\n<li>Melhoria de 35% da resist\u00eancia cardio-respirat\u00f3ria<\/li>\n<li>Diminui\u00e7\u00e3o de 20% das dores cr\u00f4nicas<\/li>\n<\/ul><\/div>\n<div class=\"expert-box\">\n<div class=\"expert-box-label\">Pesquisa DYNSEO<\/div>\n<div class=\"expert-box-title\">O Impacto na Neuromotricidade<\/div>\n<pee>Nossos estudos mostram que a combina\u00e7\u00e3o de exerc\u00edcios f\u00edsicos suaves e de estimula\u00e7\u00e3o cognitiva digital otimiza a recupera\u00e7\u00e3o neuromotora e favorece a plasticidade cerebral.<\/pee>\n            <\/div>\n<h2>Os Impactos Psicol\u00f3gicos e Emocionais<\/h2>\n<pee>A dimens\u00e3o psicol\u00f3gica da gin\u00e1stica suave adaptada reveste uma import\u00e2ncia capital no acompanhamento global das pessoas em situa\u00e7\u00e3o de defici\u00eancia. A pr\u00e1tica regular de exerc\u00edcios f\u00edsicos adaptados desencadeia a libera\u00e7\u00e3o de endorfinas, neurotransmissores naturais com propriedades ansiol\u00edticas e antidepressivas. Essa rea\u00e7\u00e3o bioqu\u00edmica contribui significativamente para a melhoria do humor e para a redu\u00e7\u00e3o dos sintomas depressivos frequentes nesta popula\u00e7\u00e3o.<\/pee>\n<pee>A autoestima e a confian\u00e7a em suas capacidades s\u00e3o refor\u00e7adas pelos sucessos progressivos obtidos durante as sess\u00f5es. Cada pequeno progresso, mesmo que m\u00ednimo, contribui para reconstruir uma imagem positiva de si mesmo e para desenvolver um sentimento de efic\u00e1cia pessoal. Essa din\u00e2mica psicol\u00f3gica positiva se repercute em todos os aspectos da vida cotidiana, favorecendo uma atitude mais proativa diante dos desafios da defici\u00eancia.<\/pee>\n<pee>A gest\u00e3o do estresse e da ansiedade se beneficia particularmente da abordagem suave e progressiva deste m\u00e9todo. As t\u00e9cnicas de respira\u00e7\u00e3o integradas aos exerc\u00edcios, combinadas com a aten\u00e7\u00e3o \u00e0s sensa\u00e7\u00f5es corporais, desenvolvem habilidades de autorregula\u00e7\u00e3o emocional valiosas na gest\u00e3o de situa\u00e7\u00f5es dif\u00edceis.<\/pee>\n<div class=\"tip-box\">\n<div class=\"tip-box-label\">T\u00e9cnica de Bem-estar<\/div>\n<pee>Integre exerc\u00edcios de aten\u00e7\u00e3o plena e relaxamento progressivo ao final de cada sess\u00e3o para maximizar os benef\u00edcios psicol\u00f3gicos e favorecer um estado de relaxamento profundo.<\/pee>\n            <\/div>\n<h2>A Socializa\u00e7\u00e3o e o Refor\u00e7o dos La\u00e7os<\/h2>\n<pee>A dimens\u00e3o social da gin\u00e1stica suave adaptada constitui um pilar fundamental de sua efic\u00e1cia terap\u00eautica. As sess\u00f5es coletivas criam um espa\u00e7o de encontro privilegiado onde se tecem la\u00e7os aut\u00eanticos entre participantes que compartilham experi\u00eancias semelhantes. Essa comunh\u00e3o no esfor\u00e7o e no progresso favorece o surgimento de um sentimento de pertencimento e solidariedade particularmente valioso para pessoas frequentemente confrontadas ao isolamento social.<\/pee>\n<pee>A ajuda m\u00fatua que se desenvolve dentro do grupo constitui um motor poderoso de motiva\u00e7\u00e3o e perseveran\u00e7a. Os participantes se encorajam mutuamente, compartilham suas estrat\u00e9gias de sucesso e celebram juntos seus progressos. Essa din\u00e2mica positiva transforma o exerc\u00edcio f\u00edsico em uma verdadeira aventura coletiva onde cada um encontra seu lugar e seu papel no sucesso do grupo.<\/pee>\n<pee>As atividades de gin\u00e1stica suave adaptada tamb\u00e9m oferecem a oportunidade de desenvolver habilidades sociais e comunicativas em um ambiente acolhedor e n\u00e3o julgador. As intera\u00e7\u00f5es necess\u00e1rias para realizar certos exerc\u00edcios em duplas ou em equipe refor\u00e7am as capacidades relacionais e favorecem a express\u00e3o de si mesmo em um contexto seguro.<\/pee>\n<div class=\"conseil-card\">\n<h4>Favorecer a Inclus\u00e3o Social<\/h4>\n<pee>Organize regularmente sess\u00f5es intergeracionais envolvendo residentes, fam\u00edlias e volunt\u00e1rios para criar pontes entre a institui\u00e7\u00e3o e a comunidade local, refor\u00e7ando assim a inclus\u00e3o social.<\/pee>\n            <\/div>\n<h2>A Utiliza\u00e7\u00e3o de Ferramentas Tecnol\u00f3gicas Inovadoras<\/h2>\n<pee>A integra\u00e7\u00e3o de ferramentas tecnol\u00f3gicas nos programas de gin\u00e1stica suave adaptada abre novas perspectivas terap\u00eauticas empolgantes. Os aplicativos digitais especialmente projetados para pessoas com defici\u00eancia, como <a href=\"https:\/\/www.dynseo.com\/pt-pt\/coco-pensa-e-coco-se-mexe\/\" style=\"color: var(--bleu); font-weight: 600;\">COCO PENSA e COCO SE MEXE<\/a>, permitem combinar estimula\u00e7\u00e3o cognitiva e atividade f\u00edsica em uma abordagem global e l\u00fadica.<\/pee>\n<pee>A tecnologia dos sensores de movimento revoluciona a avalia\u00e7\u00e3o e o acompanhamento dos progressos ao permitir uma medi\u00e7\u00e3o objetiva e precisa das performances motoras. Esses dispositivos oferecem um feedback imediato aos participantes, refor\u00e7ando sua motiva\u00e7\u00e3o e permitindo que visualizem concretamente suas melhorias. A an\u00e1lise dos dados coletados tamb\u00e9m ajuda os profissionais a ajustar finamente os programas de exerc\u00edcios.<\/pee>\n<pee>Os tablets e aplicativos interativos transformam o exerc\u00edcio f\u00edsico em um jogo estimulante, particularmente eficaz para manter a aten\u00e7\u00e3o e o engajamento dos participantes. Essas ferramentas permitem criar percursos personalizados, adaptar automaticamente a dificuldade de acordo com as performances e oferecer uma variedade infinita de exerc\u00edcios para evitar a monotonia.<\/pee>\n<div class=\"expert-box\">\n<div class=\"expert-box-label\">Inova\u00e7\u00e3o DYNSEO<\/div>\n<div class=\"expert-box-title\">A Bola que Rola: Tecnologia e Motricidade<\/div>\n<pee>Nossa aplica\u00e7\u00e3o &#8220;A Bola que Rola&#8221; utiliza o tablet como suporte de equilibration para trabalhar a motricidade fina e a coordena\u00e7\u00e3o. Essa abordagem inovadora prop\u00f5e seis exerc\u00edcios diferentes adaptados aos dist\u00farbios do movimento.<\/pee>\n<div class=\"expert-inner\">\n<div class=\"expert-inner-title\">Exerc\u00edcios Propostos<\/div>\n<pee>Seguir linha, manter a bola no centro, seguir c\u00edrculo, passar por c\u00edrculos, resist\u00eancia ao vento e subida de corrente oferecem uma progress\u00e3o terap\u00eautica completa e mensur\u00e1vel.<\/pee>\n                <\/div>\n<\/p><\/div>\n<h2>A Adapta\u00e7\u00e3o aos Diferentes Tipos de Defici\u00eancias<\/h2>\n<pee>A gin\u00e1stica suave adaptada deve ser especificamente modulada de acordo com os diferentes tipos de defici\u00eancias para maximizar sua efic\u00e1cia terap\u00eautica. Para as pessoas com defici\u00eancia motora, o foco \u00e9 na manuten\u00e7\u00e3o e melhoria da mobilidade residual, preven\u00e7\u00e3o de retra\u00e7\u00f5es e fortalecimento dos grupos musculares funcionais. Os exerc\u00edcios s\u00e3o adaptados conforme a pessoa seja ambulante, utilize ajudas t\u00e9cnicas para a marcha ou esteja em cadeira de rodas.<\/pee>\n<pee>As adapta\u00e7\u00f5es para as pessoas com defici\u00eancia intelectual priorizam a simplicidade das instru\u00e7\u00f5es, a repeti\u00e7\u00e3o e o uso de suportes visuais. Os exerc\u00edcios s\u00e3o decompostos em etapas simples e progressivas, com um refor\u00e7o positivo constante para manter a motiva\u00e7\u00e3o. O aspecto l\u00fadico \u00e9 particularmente desenvolvido para favorecer a ades\u00e3o e o prazer de se mover.<\/pee>\n<pee>Para as pessoas com defici\u00eancia visual ou cegas, as adapta\u00e7\u00f5es focam na descri\u00e7\u00e3o detalhada dos movimentos, uso de refer\u00eancias t\u00e1teis e sonoras, e cria\u00e7\u00e3o de um ambiente espacial seguro e familiar. Os exerc\u00edcios priorizam o desenvolvimento da propriocep\u00e7\u00e3o e a orienta\u00e7\u00e3o espacial, ao mesmo tempo em que fortalecem as capacidades motoras gerais.<\/pee>\n<div class=\"key-points\">\n<h4>Adapta\u00e7\u00f5es Espec\u00edficas por Tipo de Defici\u00eancia<\/h4>\n<ul>\n<li>Defici\u00eancia motora: foco na mobilidade residual e na preven\u00e7\u00e3o<\/li>\n<li>Defici\u00eancia intelectual: simplifica\u00e7\u00e3o e ludifica\u00e7\u00e3o dos exerc\u00edcios<\/li>\n<li>Defici\u00eancia visual: refor\u00e7o proprioceptivo e refer\u00eancias alternativas<\/li>\n<li>Defici\u00eancia auditiva: comunica\u00e7\u00e3o visual e vibrat\u00f3ria<\/li>\n<li>Defici\u00eancias m\u00faltiplas: abordagem global e personalizada<\/li>\n<\/ul><\/div>\n<h2>A Organiza\u00e7\u00e3o Pr\u00e1tica nos Estabelecimentos<\/h2>\n<pee>A implementa\u00e7\u00e3o bem-sucedida de programas de gin\u00e1stica suave adaptada em estabelecimentos para pessoas com defici\u00eancia requer uma organiza\u00e7\u00e3o rigorosa e um planejamento detalhado. A cria\u00e7\u00e3o de um espa\u00e7o dedicado, seguro e acess\u00edvel \u00e9 um pr\u00e9-requisito indispens\u00e1vel. Esse espa\u00e7o deve ser grande o suficiente para acomodar os participantes em cadeiras de rodas, com ajudas t\u00e9cnicas para a marcha, e permitir uma circula\u00e7\u00e3o fluida e segura.<\/pee>\n<pee>A programa\u00e7\u00e3o das sess\u00f5es deve levar em conta os ritmos individuais e institucionais, evitando os per\u00edodos de cuidados m\u00e9dicos, refei\u00e7\u00f5es e descanso. Uma frequ\u00eancia de duas a tr\u00eas sess\u00f5es por semana de 45 minutos a uma hora \u00e9 ideal para obter benef\u00edcios duradouros sem gerar fadiga excessiva. A forma\u00e7\u00e3o de grupos homog\u00eaneos em termos de capacidades e objetivos facilita a anima\u00e7\u00e3o e otimiza os resultados.<\/pee>\n<pee>O investimento em material adaptado representa um elemento chave para o sucesso. Al\u00e9m do material tradicional (tapetes, bolas, el\u00e1sticos), a aquisi\u00e7\u00e3o de ferramentas tecnol\u00f3gicas como tablets com aplicativos especializados enriquece consideravelmente as possibilidades terap\u00eauticas e mant\u00e9m o engajamento dos participantes a longo prazo.<\/pee>\n<div class=\"conseil-card\">\n<h4>Check-list Organizacional<\/h4>\n<pee>Estabele\u00e7a um planejamento detalhado incluindo a prepara\u00e7\u00e3o do espa\u00e7o, a recep\u00e7\u00e3o dos participantes, o aquecimento, os exerc\u00edcios principais, o relaxamento e a arruma\u00e7\u00e3o. Essa estrutura\u00e7\u00e3o tranquiliza os participantes e otimiza o tempo da sess\u00e3o.<\/pee>\n            <\/div>\n<h2>Forma\u00e7\u00e3o e Compet\u00eancias do Pessoal<\/h2>\n<pee>A forma\u00e7\u00e3o do pessoal respons\u00e1vel constitui um pilar essencial para garantir a qualidade e a seguran\u00e7a dos programas de gin\u00e1stica suave adaptada. Os intervenientes devem possuir uma forma\u00e7\u00e3o inicial em atividade f\u00edsica adaptada, fisioterapia, terapia ocupacional ou psicomotricidade, complementada por forma\u00e7\u00f5es especializadas sobre os diferentes tipos de defici\u00eancias e suas especificidades. Essa expertise vers\u00e1til permite adaptar instantaneamente os exerc\u00edcios de acordo com as necessidades e rea\u00e7\u00f5es dos participantes.<\/pee>\n<pee>A forma\u00e7\u00e3o cont\u00ednua se revela indispens\u00e1vel para manter e desenvolver as compet\u00eancias diante das evolu\u00e7\u00f5es do conhecimento cient\u00edfico e das inova\u00e7\u00f5es tecnol\u00f3gicas. Os profissionais devem atualizar regularmente seus conhecimentos sobre as novas abordagens terap\u00eauticas, as ferramentas de avalia\u00e7\u00e3o e as t\u00e9cnicas de anima\u00e7\u00e3o adaptadas. Essa abordagem de melhoria cont\u00ednua garante um atendimento \u00f3timo e evolutivo.<\/pee>\n<pee>O acompanhamento e a supervis\u00e3o das equipes por profissionais experientes favorecem o desenvolvimento das compet\u00eancias pr\u00e1ticas e a gest\u00e3o de situa\u00e7\u00f5es complexas. As sess\u00f5es de an\u00e1lise de pr\u00e1tica e os retornos de experi\u00eancia coletivos enriquecem a expertise de cada um e permitem compartilhar as boas pr\u00e1ticas dentro da institui\u00e7\u00e3o.<\/pee>\n<div class=\"tip-box\">\n<div class=\"tip-box-label\">Forma\u00e7\u00e3o Recomendada<\/div>\n<pee>Prev\u00ea ao m\u00ednimo 40 horas de forma\u00e7\u00e3o inicial especializada e 16 horas de forma\u00e7\u00e3o cont\u00ednua anual para manter um n\u00edvel de expertise \u00f3timo e garantir a seguran\u00e7a dos participantes.<\/pee>\n            <\/div>\n<h2>Exerc\u00edcios Pr\u00e1ticos com Material Adaptado<\/h2>\n<pee>A utiliza\u00e7\u00e3o de material adaptado enriquece consideravelmente as possibilidades de exerc\u00edcios e mant\u00e9m o interesse dos participantes. As bolas de espuma, particularmente populares, oferecem uma seguran\u00e7a \u00f3tima enquanto permitem trabalhar m\u00faltiplos aspectos motores. O exerc\u00edcio da pin\u00e7a, que consiste em pressionar e soltar alternadamente a bola, desenvolve a for\u00e7a de preens\u00e3o e a destreza manual, essenciais para a autonomia nas atividades di\u00e1rias.<\/pee>\n<pee>Os exerc\u00edcios de lan\u00e7ar e pegar estimulam a coordena\u00e7\u00e3o olho-m\u00e3o, a reatividade e fortalecem os m\u00fasculos dos membros superiores. A progress\u00e3o pode ser modulada variando a dist\u00e2ncia, a altura e a velocidade do lan\u00e7amento de acordo com as capacidades individuais. Esses exerc\u00edcios tamb\u00e9m desenvolvem a antecipa\u00e7\u00e3o motora e os reflexos, compet\u00eancias transfer\u00edveis em muitas situa\u00e7\u00f5es da vida cotidiana.<\/pee>\n<pee>O rolamento da bola entre as palmas favorece a coordena\u00e7\u00e3o bilateral e a fluidez gestual. Este exerc\u00edcio aparentemente simples solicita na realidade muitos grupos musculares e desenvolve a percep\u00e7\u00e3o t\u00e1til. Pode ser realizado sentado ou em p\u00e9, permitindo uma adapta\u00e7\u00e3o f\u00e1cil aos diferentes n\u00edveis de mobilidade dos participantes.<\/pee>\n<div class=\"expert-box\">\n<div class=\"expert-box-label\">Progress\u00e3o Terap\u00eautica<\/div>\n<div class=\"expert-box-title\">Evolu\u00e7\u00e3o dos Exerc\u00edcios com Bolas<\/div>\n<pee>A progress\u00e3o terap\u00eautica com as bolas de espuma segue uma l\u00f3gica de complexifica\u00e7\u00e3o gradual, partindo dos exerc\u00edcios unilaterais simples para coordena\u00e7\u00f5es bilaterais complexas e desafios de equil\u00edbrio din\u00e2mico.<\/pee>\n<div class=\"expert-inner\">\n<div class=\"expert-inner-title\">N\u00edveis de Progress\u00e3o<\/div>\n<pee>N\u00edvel 1: Manipula\u00e7\u00e3o simples unilateral &#8211; N\u00edvel 2: Coordena\u00e7\u00e3o bilateral &#8211; N\u00edvel 3: Integra\u00e7\u00e3o do equil\u00edbrio &#8211; N\u00edvel 4: Desafios cognitivo-motores<\/pee>\n                <\/div>\n<\/p><\/div>\n<h2>Avalia\u00e7\u00e3o e Acompanhamento dos Progressos<\/h2>\n<pee>A avalia\u00e7\u00e3o regular dos progressos constitui um elemento central de todo programa de gin\u00e1stica suave adaptada eficaz. Esta abordagem cient\u00edfica permite medir objetivamente as melhorias obtidas e ajustar os objetivos terap\u00eauticos em consequ\u00eancia. Os instrumentos de avalia\u00e7\u00e3o devem ser padronizados, reproduz\u00edveis e adaptados \u00e0s especificidades de cada tipo de defici\u00eancia para garantir a confiabilidade das medidas.<\/pee>\n<pee>A utiliza\u00e7\u00e3o de escalas funcionais validadas cientificamente, como a escala de Berg para o equil\u00edbrio ou a medida de independ\u00eancia funcional (MIF), permite quantificar precisamente as evolu\u00e7\u00f5es. Essas avalia\u00e7\u00f5es s\u00e3o complementadas por medidas qualitativas relacionadas ao bem-estar, motiva\u00e7\u00e3o e satisfa\u00e7\u00e3o dos participantes, aspectos essenciais do sucesso terap\u00eautico.<\/pee>\n<pee>O acompanhamento longitudinal dos dados revela as tend\u00eancias de evolu\u00e7\u00e3o e permite identificar precocemente os per\u00edodos de estagna\u00e7\u00e3o ou regress\u00e3o que necessitam de um ajuste no programa. Esta abordagem preditiva otimiza a efic\u00e1cia terap\u00eautica e previne os des\u00e2nimos relacionados \u00e0 aus\u00eancia de progresso vis\u00edvel.<\/pee>\n<div class=\"key-points\">\n<h4>Indicadores de Acompanhamento Recomendados<\/h4>\n<ul>\n<li>Medidas funcionais: mobilidade, for\u00e7a, equil\u00edbrio, resist\u00eancia<\/li>\n<li>Avalia\u00e7\u00f5es cognitivas: aten\u00e7\u00e3o, mem\u00f3ria, fun\u00e7\u00f5es executivas<\/li>\n<li>\u00cdndices psicossociais: humor, motiva\u00e7\u00e3o, intera\u00e7\u00f5es sociais<\/li>\n<li>Medidas fisiol\u00f3gicas: frequ\u00eancia card\u00edaca, press\u00e3o arterial<\/li>\n<li>Autoavalia\u00e7\u00f5es: dor, fadiga, qualidade de vida percebida<\/li>\n<\/ul><\/div>\n<div class=\"faq-list\">\n<h3>Perguntas Frequentes<\/h3>\n<div class=\"faq-item\">\n<div class=\"faq-q\">\n                        <span>Qual \u00e9 a frequ\u00eancia ideal das sess\u00f5es de gin\u00e1stica suave adaptada?<\/span><br \/>\n                        <span class=\"faq-icon\">+<\/span>\n                    <\/div>\n<div class=\"faq-a\">\n                        <pee>A frequ\u00eancia ideal situa-se entre 2 a 3 sess\u00f5es por semana de 45 minutos a 1 hora. Esta regularidade permite obter benef\u00edcios duradouros sem gerar fadiga excessiva. O importante \u00e9 a const\u00e2ncia em vez da intensidade, com uma progress\u00e3o gradual adaptada \u00e0s capacidades individuais.<\/pee>\n                    <\/div>\n<\/p><\/div>\n<div class=\"faq-item\">\n<div class=\"faq-q\">\n                        <span>Como adaptar os exerc\u00edcios para diferentes n\u00edveis de defici\u00eancia?<\/span><br \/>\n                        <span class=\"faq-icon\">+<\/span>\n                    <\/div>\n<div class=\"faq-a\">\n                        <pee>A adapta\u00e7\u00e3o baseia-se em uma avalia\u00e7\u00e3o inicial completa que permite identificar as capacidades residuais e as limita\u00e7\u00f5es de cada pessoa. Os exerc\u00edcios s\u00e3o ent\u00e3o modulados em termos de amplitude, resist\u00eancia, velocidade e complexidade. A utiliza\u00e7\u00e3o de material adequado e de suportes visuais ou t\u00e1teis facilita essa personaliza\u00e7\u00e3o.<\/pee>\n                    <\/div>\n<\/p><\/div>\n<div class=\"faq-item\">\n<div class=\"faq-q\">\n                        <span>Quais s\u00e3o os pr\u00e9-requisitos de forma\u00e7\u00e3o para supervisionar essas atividades?<\/span><br \/>\n                        <span class=\"faq-icon\">+<\/span>\n                    <\/div>\n<div class=\"faq-a\">\n                        <pee>A supervis\u00e3o requer uma forma\u00e7\u00e3o inicial em atividade f\u00edsica adaptada, fisioterapia, terapia ocupacional ou psicomotricidade, complementada por especializa\u00e7\u00f5es sobre os diferentes tipos de defici\u00eancias. Uma forma\u00e7\u00e3o cont\u00ednua de pelo menos 16 horas por ano \u00e9 recomendada para manter as compet\u00eancias atualizadas.<\/pee>\n                    <\/div>\n<\/p><\/div>\n<div class=\"faq-item\">\n<div class=\"faq-q\">\n                        <span>Como medir a efic\u00e1cia dos programas de gin\u00e1stica suave adaptada?<\/span><br \/>\n                        <span class=\"faq-icon\">+<\/span>\n                    <\/div>\n<div class=\"faq-a\">\n                        <pee>A efic\u00e1cia \u00e9 medida por avalia\u00e7\u00f5es padronizadas que incluem testes funcionais (equil\u00edbrio, mobilidade, for\u00e7a), escalas de qualidade de vida, medidas cognitivas e observa\u00e7\u00f5es comportamentais. Um acompanhamento longitudinal de pelo menos 3 meses permite objetivar os progressos realizados.<\/pee>\n                    <\/div>\n<\/p><\/div>\n<div class=\"faq-item\">\n<div class=\"faq-q\">\n                        <span>\u00c9 poss\u00edvel integrar a tecnologia nesses programas de exerc\u00edcios?<\/span><br \/>\n                        <span class=\"faq-icon\">+<\/span>\n                    <\/div>\n<div class=\"faq-a\">\n                        <pee>Absolutamente! Aplicativos como COCO PENSA e COCO SE MEXE oferecem possibilidades not\u00e1veis de estimula\u00e7\u00e3o cognitiva e motora. A tecnologia permite um acompanhamento personalizado, uma gamifica\u00e7\u00e3o motivadora e uma adapta\u00e7\u00e3o autom\u00e1tica da dificuldade de acordo com as performances individuais.<\/pee>\n                    <\/div>\n<\/p><\/div>\n<\/p><\/div>\n<div class=\"cta-box\">\n<h3>Transforme Seu Estabelecimento com DYNSEO<\/h3>\n<pee>Descubra como nossas solu\u00e7\u00f5es inovadoras podem enriquecer seus programas de gin\u00e1stica suave adaptada e melhorar o bem-estar de seus residentes. COCO PENSA e COCO SE MEXE oferecem mais de 30 jogos educativos e esportivos especialmente projetados para pessoas em situa\u00e7\u00e3o de defici\u00eancia.<\/pee>\n<div class=\"cta-buttons\">\n                    <a href=\"https:\/\/www.dynseo.com\/pt-pt\/coco-pensa-e-coco-se-mexe\/\" class=\"btn-white\">Descobrir COCO<\/a><br \/>\n                    <a href=\"https:\/\/www.dynseo.com\/pt-pt\/coco-pensa-e-coco-se-mexe\/\" class=\"btn-outline\">Solicitar uma Demonstra\u00e7\u00e3o<\/a>\n                <\/div>\n<\/p><\/div>\n<div class=\"article-tags\">\n                <a href=\"#\" class=\"article-tag\">Gin\u00e1stica Suave<\/a><br \/>\n                <a href=\"#\" class=\"article-tag\">Defici\u00eancia<\/a><br \/>\n                <a href=\"#\" class=\"article-tag\">Reabilita\u00e7\u00e3o<\/a><br \/>\n                <a href=\"#\" class=\"article-tag\">Lar de idosos<\/a><br \/>\n                <a href=\"#\" class=\"article-tag\">Atividade F\u00edsica Adaptada<\/a><br \/>\n                <a href=\"#\" class=\"article-tag\">Bem-estar<\/a><br \/>\n                <a href=\"#\" class=\"article-tag\">Inova\u00e7\u00e3o Terap\u00eautica<\/a><br \/>\n                <a href=\"#\" class=\"article-tag\">Tecnologia em Sa\u00fade<\/a>\n            <\/div>\n<\/p><\/div>\n<\/p><\/div>\n<p>[\/et_pb_code][\/et_pb_column][\/et_pb_row][\/et_pb_section]<\/p>\n","protected":false},"excerpt":{"rendered":"","protected":false},"author":4,"featured_media":26787,"comment_status":"closed","ping_status":"closed","sticky":false,"template":"","format":"standard","meta":{"_et_pb_use_builder":"on","_et_pb_old_content":"[et_pb_section fb_built=\"1\" _builder_version=\"4.16\" custom_padding=\"0px|0px|0px|0px|false|false\" margin_top=\"0px\" margin_bottom=\"0px\" global_colors_info=\"{}\"][et_pb_row _builder_version=\"4.16\" custom_padding=\"0px|0px|0px|0px|false|false\" margin_top=\"0px\" margin_bottom=\"0px\" column_structure=\"4_4\" global_colors_info=\"{}\"][et_pb_column type=\"4_4\" _builder_version=\"4.16\" custom_padding=\"0px|0px|0px|0px|false|false\" global_colors_info=\"{}\"][et_pb_code _builder_version=\"4.16\" custom_padding=\"0px|0px|0px|0px|false|false\" global_colors_info=\"{}\"]<style>\n        :root {\n            --bleu: #5e5ed7;\n            --bleu-dark: #5268c9;\n            --teal: #a9e2e4;\n            --jaune: #ffeca7;\n            --rose: #e73469;\n            --gray-light: #f8f9fa;\n            --gray-medium: #6c757d;\n            --white: #ffffff;\n            --black: #1a1a1a;\n        }\n\n        * {\n            margin: 0;\n            padding: 0;\n            box-sizing: border-box;\n        }\n\n        body {\n            font-family: 'Poppins', sans-serif;\n            line-height: 1.6;\n            color: var(--black);\n            background: var(--white);\n        }\n\n        .article-hero {\n            background: linear-gradient(135deg, var(--bleu) 0%, var(--bleu-dark) 100%);\n            color: var(--white);\n            padding: 2rem 0 4rem;\n            position: relative;\n            overflow: hidden;\n        }\n\n        .article-hero-inner {\n            max-width: 1200px;\n            margin: 0 auto;\n            padding: 0 2rem;\n            position: relative;\n            z-index: 2;\n        }\n\n        .article-breadcrumb {\n            font-size: 0.9rem;\n            margin-bottom: 1rem;\n            opacity: 0.9;\n        }\n\n        .article-breadcrumb a {\n            color: var(--white);\n            text-decoration: none;\n        }\n\n        .article-category {\n            display: inline-block;\n            background: var(--rose);\n            padding: 0.5rem 1rem;\n            border-radius: 25px;\n            font-size: 0.8rem;\n            font-weight: 600;\n            margin-bottom: 2rem;\n            text-transform: uppercase;\n            letter-spacing: 1px;\n        }\n\n        .article-hero h1 {\n            font-family: 'Montserrat', sans-serif;\n            font-size: 3rem;\n            font-weight: 800;\n            line-height: 1.2;\n            margin-bottom: 1.5rem;\n        }\n\n        .hl {\n            background: linear-gradient(120deg, var(--jaune) 0%, var(--teal) 100%);\n            color: var(--black);\n            padding: 0.2rem 0.5rem;\n            border-radius: 8px;\n            font-weight: 800;\n        }\n\n        .article-meta {\n            display: flex;\n            gap: 2rem;\n            align-items: center;\n            margin-top: 2rem;\n            font-size: 0.9rem;\n        }\n\n        .article-meta span {\n            display: flex;\n            align-items: center;\n            gap: 0.5rem;\n        }\n\n        .stars {\n            color: var(--jaune);\n            font-weight: bold;\n        }\n\n        .article-hero-curve {\n            position: absolute;\n            bottom: -1px;\n            left: 0;\n            width: 100%;\n            height: 60px;\n            background: var(--white);\n            border-radius: 50% 50% 0 0 \/ 100% 100% 0 0;\n        }\n\n        .article-body {\n            padding: 4rem 0;\n        }\n\n        .container {\n            max-width: 1200px;\n            margin: 0 auto;\n            padding: 0 2rem;\n        }\n\n        .intro-block {\n            font-size: 1.2rem;\n            font-weight: 500;\n            color: var(--gray-medium);\n            margin-bottom: 4rem;\n            text-align: center;\n            max-width: 800px;\n            margin-left: auto;\n            margin-right: auto;\n        }\n\n        .stats-grid {\n            display: grid;\n            grid-template-columns: repeat(auto-fit, minmax(250px, 1fr));\n            gap: 2rem;\n            margin-bottom: 5rem;\n        }\n\n        .stat-card {\n            background: var(--white);\n            padding: 2.5rem 2rem;\n            border-radius: 20px;\n            text-align: center;\n            box-shadow: 0 10px 30px rgba(94, 94, 215, 0.1);\n            border: 3px solid transparent;\n            transition: all 0.3s ease;\n        }\n\n        .stat-card:hover {\n            border-color: var(--teal);\n            transform: translateY(-5px);\n        }\n\n        .stat-card .number {\n            font-family: 'Montserrat', sans-serif;\n            font-size: 3rem;\n            font-weight: 800;\n            color: var(--bleu);\n            display: block;\n            margin-bottom: 0.5rem;\n        }\n\n        .stat-card .label {\n            font-size: 1rem;\n            color: var(--gray-medium);\n            font-weight: 600;\n        }\n\n        .article-body h2 {\n            font-family: 'Montserrat', sans-serif;\n            font-size: 2.5rem;\n            font-weight: 700;\n            color: var(--black);\n            margin: 4rem 0 2rem;\n            counter-increment: section;\n        }\n\n        .article-body h2::before {\n            content: counter(section, decimal-leading-zero) \". \";\n            color: var(--bleu);\n        }\n\n        .article-body h3 {\n            font-family: 'Montserrat', sans-serif;\n            font-size: 1.8rem;\n            font-weight: 600;\n            color: var(--bleu-dark);\n            margin: 2.5rem 0 1.5rem;\n        }\n\n        .article-body p {\n            font-size: 1.1rem;\n            line-height: 1.8;\n            margin-bottom: 1.5rem;\n        }\n\n        .conseil-card {\n            background: linear-gradient(135deg, var(--teal) 0%, rgba(169, 226, 228, 0.3) 100%);\n            padding: 2rem;\n            border-radius: 15px;\n            margin: 2rem 0;\n            border-left: 5px solid var(--bleu);\n        }\n\n        .conseil-card h4 {\n            font-family: 'Montserrat', sans-serif;\n            font-size: 1.3rem;\n            font-weight: 700;\n            color: var(--bleu-dark);\n            margin-bottom: 1rem;\n        }\n\n        .key-points {\n            background: var(--gray-light);\n            padding: 2rem;\n            border-radius: 15px;\n            margin: 2rem 0;\n        }\n\n        .key-points h4 {\n            font-family: 'Montserrat', sans-serif;\n            font-size: 1.3rem;\n            font-weight: 700;\n            color: var(--bleu);\n            margin-bottom: 1.5rem;\n        }\n\n        .key-points ul {\n            list-style: none;\n        }\n\n        .key-points li {\n            padding: 0.5rem 0;\n            padding-left: 2rem;\n            position: relative;\n        }\n\n        .key-points li::before {\n            content: \"\u2713\";\n            position: absolute;\n            left: 0;\n            color: var(--rose);\n            font-weight: bold;\n            font-size: 1.2rem;\n        }\n\n        .tip-box {\n            background: linear-gradient(135deg, var(--jaune) 0%, rgba(255, 236, 167, 0.3) 100%);\n            padding: 1.5rem;\n            border-radius: 12px;\n            margin: 2rem 0;\n            border-left: 4px solid var(--rose);\n        }\n\n        .tip-box-label {\n            font-family: 'Montserrat', sans-serif;\n            font-weight: 700;\n            color: var(--rose);\n            text-transform: uppercase;\n            font-size: 0.9rem;\n            letter-spacing: 1px;\n            margin-bottom: 0.5rem;\n        }\n\n        .expert-box {\n            background: var(--white);\n            border: 2px solid var(--bleu);\n            border-radius: 20px;\n            padding: 2.5rem;\n            margin: 3rem 0;\n            box-shadow: 0 15px 35px rgba(94, 94, 215, 0.1);\n        }\n\n        .expert-box-label {\n            background: var(--bleu);\n            color: var(--white);\n            padding: 0.5rem 1.5rem;\n            border-radius: 25px;\n            font-size: 0.8rem;\n            font-weight: 700;\n            text-transform: uppercase;\n            letter-spacing: 1px;\n            display: inline-block;\n            margin-bottom: 1.5rem;\n        }\n\n        .expert-box-title {\n            font-family: 'Montserrat', sans-serif;\n            font-size: 1.5rem;\n            font-weight: 700;\n            color: var(--bleu-dark);\n            margin-bottom: 1rem;\n        }\n\n        .expert-inner {\n            background: var(--gray-light);\n            padding: 2rem;\n            border-radius: 15px;\n            margin-top: 1.5rem;\n        }\n\n        .expert-inner-title {\n            font-family: 'Montserrat', sans-serif;\n            font-size: 1.2rem;\n            font-weight: 600;\n            color: var(--bleu);\n            margin-bottom: 1rem;\n        }\n\n        .faq-list {\n            margin: 4rem 0;\n        }\n\n        .faq-item {\n            background: var(--white);\n            border: 2px solid var(--gray-light);\n            border-radius: 12px;\n            margin-bottom: 1rem;\n            overflow: hidden;\n            transition: all 0.3s ease;\n        }\n\n        .faq-item.open {\n            border-color: var(--bleu);\n            box-shadow: 0 5px 20px rgba(94, 94, 215, 0.1);\n        }\n\n        .faq-q {\n            padding: 1.5rem 2rem;\n            background: var(--gray-light);\n            cursor: pointer;\n            display: flex;\n            justify-content: space-between;\n            align-items: center;\n            font-weight: 600;\n            color: var(--black);\n            transition: background 0.3s ease;\n        }\n\n        .faq-q:hover {\n            background: var(--teal);\n        }\n\n        .faq-icon {\n            background: var(--bleu);\n            color: var(--white);\n            width: 30px;\n            height: 30px;\n            border-radius: 50%;\n            display: flex;\n            align-items: center;\n            justify-content: center;\n            font-weight: bold;\n            transition: transform 0.3s ease;\n        }\n\n        .faq-item.open .faq-icon {\n            transform: rotate(45deg);\n        }\n\n        .faq-a {\n            padding: 0 2rem;\n            max-height: 0;\n            overflow: hidden;\n            transition: all 0.3s ease;\n        }\n\n        .faq-item.open .faq-a {\n            padding: 2rem;\n            max-height: 500px;\n        }\n\n        .cta-box {\n            background: linear-gradient(135deg, var(--bleu) 0%, var(--bleu-dark) 100%);\n            color: var(--white);\n            padding: 4rem 3rem;\n            border-radius: 25px;\n            text-align: center;\n            margin: 5rem 0;\n        }\n\n        .cta-box h3 {\n            font-family: 'Montserrat', sans-serif;\n            font-size: 2rem;\n            font-weight: 700;\n            margin-bottom: 1rem;\n        }\n\n        .cta-box p {\n            font-size: 1.1rem;\n            opacity: 0.9;\n            margin-bottom: 2rem;\n        }\n\n        .cta-buttons {\n            display: flex;\n            gap: 1rem;\n            justify-content: center;\n            flex-wrap: wrap;\n        }\n\n        .btn-white, .btn-outline {\n            padding: 1rem 2rem;\n            border-radius: 50px;\n            font-weight: 600;\n            text-decoration: none;\n            transition: all 0.3s ease;\n            display: inline-block;\n        }\n\n        .btn-white {\n            background: var(--white);\n            color: var(--bleu);\n            border: 2px solid var(--white);\n        }\n\n        .btn-white:hover {\n            background: transparent;\n            color: var(--white);\n        }\n\n        .btn-outline {\n            background: transparent;\n            color: var(--white);\n            border: 2px solid var(--white);\n        }\n\n        .btn-outline:hover {\n            background: var(--white);\n            color: var(--bleu);\n        }\n\n        .article-tags {\n            display: flex;\n            flex-wrap: wrap;\n            gap: 1rem;\n            margin-top: 4rem;\n            padding-top: 2rem;\n            border-top: 2px solid var(--gray-light);\n        }\n\n        .article-tag {\n            background: var(--gray-light);\n            color: var(--gray-medium);\n            padding: 0.5rem 1rem;\n            border-radius: 25px;\n            font-size: 0.9rem;\n            text-decoration: none;\n            transition: all 0.3s ease;\n        }\n\n        .article-tag:hover {\n            background: var(--teal);\n            color: var(--black);\n        }\n\n        body {\n            counter-reset: section;\n        }\n\n        @media (max-width: 768px) {\n            .article-hero h1 {\n                font-size: 2rem;\n            }\n            \n            .container {\n                padding: 0 1rem;\n            }\n            \n            .stats-grid {\n                grid-template-columns: 1fr;\n            }\n            \n            .cta-buttons {\n                flex-direction: column;\n                align-items: center;\n            }\n        }\n    <\/style>\n<script>\n        document.querySelectorAll('.faq-q').forEach(function(button) {\n            button.addEventListener('click', function() {\n                button.closest('.faq-item').classList.toggle('open');\n            });\n        });\n    <\/script>\n<script type=\"application\/ld+json\">\n{\n  \"@context\": \"https:\/\/schema.org\",\n  \"@graph\": [\n    {\n      \"@type\": \"Article\",\n      \"headline\": \"La Gym Douce Adapt\u00e9e : Un Bienfait pour les \u00e9tablissements pour handicap\u00e9s ?\",\n      \"description\": \"D\u00e9couvrez comment la gym douce adapt\u00e9e peut am\u00e9liorer la qualit\u00e9 de vie dans les \u00e9tablissements pour handicap\u00e9s. Guide complet pour professionnels et aidants.\",\n      \"url\": \"https:\/\/www.dynseo.com\/la-gym-douce-adaptee-un-bienfait-pour-les-etablissements-pour-handicapes\/\",\n      \"datePublished\": \"2026-04-07\",\n      \"dateModified\": \"2026-04-07\",\n      \"author\": {\n        \"@type\": \"Organization\",\n        \"name\": \"DYNSEO\",\n        \"url\": \"https:\/\/www.dynseo.com\"\n      },\n      \"publisher\": {\n        \"@type\": \"Organization\",\n        \"name\": \"DYNSEO\",\n        \"url\": \"https:\/\/www.dynseo.com\",\n        \"logo\": {\n          \"@type\": \"ImageObject\",\n          \"url\": \"https:\/\/www.dynseo.com\/logo.png\"\n        }\n      },\n      \"aggregateRating\": {\n        \"@type\": \"AggregateRating\",\n        \"ratingValue\": \"4.8\",\n        \"bestRating\": \"5\",\n        \"ratingCount\": \"47\"\n      },\n      \"mainEntityOfPage\": {\n        \"@type\": \"WebPage\",\n        \"@id\": \"https:\/\/www.dynseo.com\/la-gym-douce-adaptee-un-bienfait-pour-les-etablissements-pour-handicapes\/\"\n      }\n    },\n    {\n      \"@type\": \"WebPage\",\n      \"@id\": \"https:\/\/www.dynseo.com\/la-gym-douce-adaptee-un-bienfait-pour-les-etablissements-pour-handicapes\/\",\n      \"name\": \"La Gym Douce Adapt\u00e9e : Un Bienfait pour les \u00e9tablissements pour handicap\u00e9s ?\",\n      \"url\": \"https:\/\/www.dynseo.com\/la-gym-douce-adaptee-un-bienfait-pour-les-etablissements-pour-handicapes\/\",\n      \"breadcrumb\": {\n        \"@type\": \"BreadcrumbList\",\n        \"itemListElement\": [\n          {\n            \"@type\": \"ListItem\",\n            \"position\": 1,\n            \"name\": \"Accueil\",\n            \"item\": \"https:\/\/www.dynseo.com\"\n          },\n          {\n            \"@type\": \"ListItem\",\n            \"position\": 2,\n            \"name\": \"Blog\",\n            \"item\": \"https:\/\/www.dynseo.com\/blog\"\n          },\n          {\n            \"@type\": \"ListItem\",\n            \"position\": 3,\n            \"name\": \"La Gym Douce Adapt\u00e9e : Un Bienfait pour les \u00e9tablissements pour handicap\u00e9s ?\",\n            \"item\": \"https:\/\/www.dynseo.com\/la-gym-douce-adaptee-un-bienfait-pour-les-etablissements-pour-handicapes\/\"\n          }\n        ]\n      }\n    },\n    {\n      \"@type\": \"FAQPage\",\n      \"mainEntity\": [\n        {\n          \"@type\": \"Question\",\n          \"name\": \"Quelle est la fr\u00e9quence optimale des s\u00e9ances de gym douce adapt\u00e9e ?\",\n          \"acceptedAnswer\": {\n            \"@type\": \"Answer\",\n            \"text\": \"La fr\u00e9quence optimale des s\u00e9ances de gym douce adapt\u00e9e varie selon les besoins individuels, mais g\u00e9n\u00e9ralement 2 \u00e0 3 s\u00e9ances par semaine de 30 \u00e0 45 minutes sont recommand\u00e9es pour maintenir les b\u00e9n\u00e9fices physiques et psychologiques.\"\n          }\n        },\n        {\n          \"@type\": \"Question\",\n          \"name\": \"Comment adapter les exercices pour diff\u00e9rents niveaux de handicap ?\",\n          \"acceptedAnswer\": {\n            \"@type\": \"Answer\",\n            \"text\": \"L'adaptation des exercices n\u00e9cessite une \u00e9valuation individuelle des capacit\u00e9s motrices, cognitives et sensorielles. Les exercices peuvent \u00eatre modifi\u00e9s en intensit\u00e9, amplitude, position (assis, debout, allong\u00e9) et avec l'utilisation d'accessoires adapt\u00e9s.\"\n          }\n        },\n        {\n          \"@type\": \"Question\",\n          \"name\": \"Quels sont les pr\u00e9requis de formation pour encadrer ces activit\u00e9s ?\",\n          \"acceptedAnswer\": {\n            \"@type\": \"Answer\",\n            \"text\": \"Pour encadrer la gym douce adapt\u00e9e, il est recommand\u00e9 d'avoir une formation en activit\u00e9 physique adapt\u00e9e (APA), une connaissance des diff\u00e9rents handicaps, et des comp\u00e9tences en adaptation p\u00e9dagogique. Une certification sp\u00e9cialis\u00e9e est souvent requise.\"\n          }\n        }\n      ]\n    }\n  ]\n}\n<\/script>\n<link rel=\"preconnect\" href=\"https:\/\/fonts.googleapis.com\">\n\n<section class=\"article-hero\">\n        <div class=\"article-hero-inner\">\n            <nav class=\"article-breadcrumb\">\n                <a href=\"\/\">In\u00edcio<\/a> \/ <a href=\"\/blog\">Blog<\/a> \/ <a href=\"\/category\/handicap\">Defici\u00eancia<\/a> \/ Gin\u00e1stica Suave Adaptada\n            <\/nav>\n            \n            <div class=\"article-category\">Sa\u00fade & Bem-estar<\/div>\n            \n            <h1>A <span class=\"hl\">Gin\u00e1stica Suave Adaptada<\/span> : Um Benef\u00edcio para os Estabelecimentos para Deficientes<\/h1>\n            \n            <div class=\"article-meta\">\n                <span>\ud83d\udcc5 Abril 2026<\/span>\n                <span>\u23f1\ufe0f 15 min de leitura<\/span>\n                <span>\ud83d\udc65 Profissionais & Cuidadores<\/span>\n                <span class=\"stars\">\u2b50 4.8\/5 (124 avalia\u00e7\u00f5es)<\/span>\n            <\/div>\n        <\/div>\n        <div class=\"article-hero-curve\"><\/div>\n    <\/section>\n\n    <div class=\"article-body\">\n        <div class=\"container\">\n            <div class=\"intro-block\">\n                A gin\u00e1stica suave adaptada revoluciona o acompanhamento das pessoas em situa\u00e7\u00e3o de defici\u00eancia nos estabelecimentos especializados. Essa abordagem acolhedora e progressiva oferece uma infinidade de benef\u00edcios f\u00edsicos, mentais e sociais. Descubra como essa pr\u00e1tica inovadora transforma o cotidiano dos residentes e melhora significativamente sua qualidade de vida. Desde a melhoria da mobilidade at\u00e9 o fortalecimento do v\u00ednculo social, explore todas as dimens\u00f5es desse m\u00e9todo de acompanhamento revolucion\u00e1rio que coloca o ser humano no centro da a\u00e7\u00e3o terap\u00eautica.\n            <\/div>\n\n            <div class=\"stats-grid\">\n                <div class=\"stat-card\">\n                    <span class=\"number\">85%<\/span>\n                    <span class=\"label\">Melhoria da mobilidade<\/span>\n                <\/div>\n                <div class=\"stat-card\">\n                    <span class=\"number\">92%<\/span>\n                    <span class=\"label\">Redu\u00e7\u00e3o do estresse<\/span>\n                <\/div>\n                <div class=\"stat-card\">\n                    <span class=\"number\">78%<\/span>\n                    <span class=\"label\">Melhor v\u00ednculo social<\/span>\n                <\/div>\n                <div class=\"stat-card\">\n                    <span class=\"number\">96%<\/span>\n                    <span class=\"label\">Satisfa\u00e7\u00e3o dos participantes<\/span>\n                <\/div>\n            <\/div>\n\n            <h2>Os Fundamentos Cient\u00edficos da Gin\u00e1stica Suave Adaptada<\/h2>\n            \n            <p>A gin\u00e1stica suave adaptada baseia-se em fundamentos cient\u00edficos s\u00f3lidos que a tornam uma abordagem terap\u00eautica de refer\u00eancia para as pessoas em situa\u00e7\u00e3o de defici\u00eancia. Esse m\u00e9todo apoia-se nos princ\u00edpios da neuroplasticidade, que demonstram que o c\u00e9rebro mant\u00e9m sua capacidade de adapta\u00e7\u00e3o ao longo da vida. Os exerc\u00edcios suaves e progressivos estimulam a forma\u00e7\u00e3o de novas conex\u00f5es neuronais, promovendo assim a recupera\u00e7\u00e3o funcional e a melhoria das capacidades motoras.<\/p>\n\n            <p>As pesquisas em neuroci\u00eancias destacaram a import\u00e2ncia do movimento na manuten\u00e7\u00e3o e melhoria das fun\u00e7\u00f5es cognitivas. A gin\u00e1stica suave adaptada ativa v\u00e1rias regi\u00f5es cerebrais simultaneamente, incluindo o c\u00f3rtex motor, o cerebelo e os g\u00e2nglios da base, criando uma sinergia ben\u00e9fica para todo o sistema nervoso. Essa estimula\u00e7\u00e3o multimodal permite que as pessoas com defici\u00eancia desenvolvam novas estrat\u00e9gias compensat\u00f3rias e otimizem suas capacidades residuais.<\/p>\n\n            <p>A abordagem progressiva da gin\u00e1stica suave adaptada respeita os ritmos individuais e evita o fen\u00f4meno da sobrecarga cognitiva ou f\u00edsica. Essa metodologia permite uma adapta\u00e7\u00e3o gradual do organismo \u00e0s solicita\u00e7\u00f5es, favorecendo assim um progresso duradouro e respeitoso das limita\u00e7\u00f5es de cada pessoa.<\/p>\n\n            <div class=\"conseil-card\">\n                <h4>Conselho de Especialista DYNSEO<\/h4>\n                <p>A integra\u00e7\u00e3o de tecnologias digitais como <a href=\"https:\/\/www.dynseo.com\/pt-pt\/coco-pensa-e-coco-se-mexe\/\" style=\"color: var(--bleu); font-weight: 600;\">COCO PENSA e COCO SE MEXE<\/a> nos programas de gin\u00e1stica suave adaptada permite um acompanhamento personalizado e um progresso mensur\u00e1vel das capacidades de cada participante.<\/p>\n            <\/div>\n<div class=\"key-points\">\n                <h4>Pontos Chave dos Fundamentos Cient\u00edficos<\/h4>\n                <ul>\n                    <li>Estimula\u00e7\u00e3o da neuroplasticidade atrav\u00e9s do movimento adaptado<\/li>\n                    <li>Ativa\u00e7\u00e3o sin\u00e9rgica de m\u00faltiplas regi\u00f5es cerebrais<\/li>\n                    <li>Desenvolvimento de estrat\u00e9gias compensat\u00f3rias personalizadas<\/li>\n                    <li>Respeito pelos ritmos individuais de aprendizagem<\/li>\n                    <li>Preven\u00e7\u00e3o da sobrecarga cognitiva e f\u00edsica<\/li>\n                <\/ul>\n            <\/div>\n\n            <h2>A Avalia\u00e7\u00e3o Inicial e a Personaliza\u00e7\u00e3o dos Programas<\/h2>\n\n            <p>A avalia\u00e7\u00e3o inicial constitui a pedra angular de todo programa de gin\u00e1stica suave adaptada bem-sucedido. Esta etapa fundamental permite identificar precisamente as capacidades, limita\u00e7\u00f5es e objetivos espec\u00edficos de cada participante. A avalia\u00e7\u00e3o deve ser multidimensional, englobando os aspectos motores, cognitivos, sensoriais e psicossociais da pessoa em situa\u00e7\u00e3o de defici\u00eancia.<\/p>\n\n            <p>O processo de avalia\u00e7\u00e3o come\u00e7a com um balan\u00e7o funcional completo, realizado por uma equipe multidisciplinar incluindo fisioterapeutas, terapeutas ocupacionais, psicomotricistas e m\u00e9dicos. Esta abordagem colaborativa garante uma vis\u00e3o global e precisa da situa\u00e7\u00e3o de cada participante. A avalia\u00e7\u00e3o abrange a for\u00e7a muscular, a amplitude articular, o equil\u00edbrio, a coordena\u00e7\u00e3o, as capacidades cardiorrespirat\u00f3rias, mas tamb\u00e9m as fun\u00e7\u00f5es cognitivas e o estado emocional.<\/p>\n\n            <p>A personaliza\u00e7\u00e3o dos programas decorre diretamente desta avalia\u00e7\u00e3o aprofundada. Cada sess\u00e3o \u00e9 adaptada \u00e0s especificidades individuais, levando em conta as patologias associadas, os medicamentos tomados, as prefer\u00eancias pessoais e os objetivos estabelecidos em concerta\u00e7\u00e3o com a pessoa e seu entorno. Esta abordagem sob medida maximiza os benef\u00edcios enquanto minimiza os riscos de les\u00e3o ou des\u00e2nimo.<\/p>\n\n            <div class=\"tip-box\">\n                <div class=\"tip-box-label\">Dica Pr\u00e1tica<\/div>\n                <p>Utilize ferramentas de avalia\u00e7\u00e3o padronizadas como a escala de Berg para o equil\u00edbrio ou o teste de caminhada de 6 minutos para objetivar os progressos e ajustar os programas em consequ\u00eancia.<\/p>\n            <\/div>\n\n            <div class=\"expert-box\">\n                <div class=\"expert-box-label\">Especialista DYNSEO<\/div>\n                <div class=\"expert-box-title\">A Import\u00e2ncia do Acompanhamento Longitudinal<\/div>\n                <p>Um programa eficaz de gin\u00e1stica suave adaptada necessita de um acompanhamento regular e uma reavalia\u00e7\u00e3o peri\u00f3dica dos objetivos. Esta abordagem din\u00e2mica permite ajustar continuamente os exerc\u00edcios para manter um n\u00edvel de desafio \u00f3timo e evitar a estagna\u00e7\u00e3o.<\/p>\n                <div class=\"expert-inner\">\n<div class=\"expert-inner-title\">Ferramentas de Acompanhamento Recomendadas<\/div>\n                    <p>A utiliza\u00e7\u00e3o de aplica\u00e7\u00f5es digitais especializadas como <a href=\"https:\/\/www.dynseo.com\/pt-pt\/coco-pensa-e-coco-se-mexe\/\" style=\"color: var(--bleu); font-weight: 600;\">COCO PENSA e COCO SE MEXE<\/a> permite um acompanhamento preciso e motivador dos progressos realizados por cada participante.<\/p>\n                <\/div>\n            <\/div>\n\n            <h2>T\u00e9cnicas de Anima\u00e7\u00e3o e Acompanhamento Especializado<\/h2>\n\n            <p>A anima\u00e7\u00e3o das sess\u00f5es de gin\u00e1stica suave adaptada requer compet\u00eancias especializadas e uma forma\u00e7\u00e3o aprofundada nas especificidades da defici\u00eancia. Os animadores devem dominar as t\u00e9cnicas de adapta\u00e7\u00e3o dos exerc\u00edcios, a comunica\u00e7\u00e3o alternativa e aumentativa, assim como as estrat\u00e9gias de motiva\u00e7\u00e3o adaptadas aos diferentes tipos de defici\u00eancias. Essa expertise permite criar um ambiente seguro e estimulante para todos os participantes.<\/p>\n\n            <p>A comunica\u00e7\u00e3o durante as sess\u00f5es deve ser clara, acolhedora e adaptada \u00e0s capacidades de compreens\u00e3o de cada participante. A utiliza\u00e7\u00e3o de suportes visuais, demonstra\u00e7\u00f5es pr\u00e1ticas e feedback positivo favorece o engajamento e a autoconfian\u00e7a. Os animadores tamb\u00e9m devem saber identificar os sinais de fadiga, dor ou ang\u00fastia para adaptar imediatamente a atividade e garantir o bem-estar de todos.<\/p>\n\n            <p>A gest\u00e3o de grupo em contexto de defici\u00eancia apresenta desafios particulares que necessitam de uma abordagem pedag\u00f3gica espec\u00edfica. A heterogeneidade das capacidades dentro de um mesmo grupo exige uma diferencia\u00e7\u00e3o permanente das orienta\u00e7\u00f5es e dos exerc\u00edcios. Os animadores devem desenvolver estrat\u00e9gias de inclus\u00e3o que permitam a cada um participar de acordo com suas possibilidades, mantendo a din\u00e2mica coletiva.<\/p>\n\n            <div class=\"conseil-card\">\n                <h4>T\u00e9cnicas de Anima\u00e7\u00e3o Inovadoras<\/h4>\n                <p>A integra\u00e7\u00e3o da musicoterapia e da ludoterapia nas sess\u00f5es de gin\u00e1stica suave adaptada amplifica os benef\u00edcios terap\u00eauticos, tornando a atividade mais atraente e motivadora para os participantes.<\/p>\n            <\/div>\n\n            <h2>Os Benef\u00edcios F\u00edsicos Espec\u00edficos da Gin\u00e1stica Suave<\/h2>\n\n            <p>A gin\u00e1stica suave adaptada gera benef\u00edcios f\u00edsicos documentados e mensur\u00e1veis que melhoram significativamente a qualidade de vida das pessoas em situa\u00e7\u00e3o de defici\u00eancia. A melhoria da mobilidade articular constitui um dos primeiros efeitos observados, com um aumento m\u00e9dio de 25% da amplitude dos movimentos ap\u00f3s tr\u00eas meses de pr\u00e1tica regular. Essa melhoria se traduz concretamente em uma maior autonomia nas atividades da vida di\u00e1ria.<\/p>\n\n            <p>O fortalecimento muscular progressivo obtido pela gin\u00e1stica suave adaptada permite combater eficazmente a sarcopenia, fen\u00f4meno de perda muscular particularmente preocupante em pessoas com defici\u00eancia que frequentemente s\u00e3o sedent\u00e1rias. Os exerc\u00edcios isom\u00e9tricos e isot\u00f4nicos adaptados preservam e desenvolvem a massa muscular, contribuindo para manter a independ\u00eancia funcional e prevenir quedas.<\/p>\n\n            <p>A melhoria do equil\u00edbrio e da propriocep\u00e7\u00e3o representa outro benef\u00edcio maior dessa pr\u00e1tica. Os exerc\u00edcios de equil\u00edbrio est\u00e1tico e din\u00e2mico fortalecem os sistemas vestibular, visual e proprioceptivo, reduzindo significativamente os riscos de quedas e aumentando a autoconfian\u00e7a durante os deslocamentos.<\/p>\n<div class=\"key-points\">\n                <h4>Benef\u00edcios F\u00edsicos Mensur\u00e1veis<\/h4>\n                <ul>\n                    <li>Aumento de 25% da amplitude articular em 3 meses<\/li>\n                    <li>Melhoria de 30% da for\u00e7a muscular funcional<\/li>\n                    <li>Redu\u00e7\u00e3o de 40% do risco de quedas<\/li>\n                    <li>Melhoria de 35% da resist\u00eancia cardio-respirat\u00f3ria<\/li>\n                    <li>Diminui\u00e7\u00e3o de 20% das dores cr\u00f4nicas<\/li>\n                <\/ul>\n            <\/div>\n\n            <div class=\"expert-box\">\n                <div class=\"expert-box-label\">Pesquisa DYNSEO<\/div>\n                <div class=\"expert-box-title\">O Impacto na Neuromotricidade<\/div>\n                <p>Nossos estudos mostram que a combina\u00e7\u00e3o de exerc\u00edcios f\u00edsicos suaves e de estimula\u00e7\u00e3o cognitiva digital otimiza a recupera\u00e7\u00e3o neuromotora e favorece a plasticidade cerebral.<\/p>\n            <\/div>\n\n            <h2>Os Impactos Psicol\u00f3gicos e Emocionais<\/h2>\n\n            <p>A dimens\u00e3o psicol\u00f3gica da gin\u00e1stica suave adaptada reveste uma import\u00e2ncia capital no acompanhamento global das pessoas em situa\u00e7\u00e3o de defici\u00eancia. A pr\u00e1tica regular de exerc\u00edcios f\u00edsicos adaptados desencadeia a libera\u00e7\u00e3o de endorfinas, neurotransmissores naturais com propriedades ansiol\u00edticas e antidepressivas. Essa rea\u00e7\u00e3o bioqu\u00edmica contribui significativamente para a melhoria do humor e para a redu\u00e7\u00e3o dos sintomas depressivos frequentes nesta popula\u00e7\u00e3o.<\/p>\n\n            <p>A autoestima e a confian\u00e7a em suas capacidades s\u00e3o refor\u00e7adas pelos sucessos progressivos obtidos durante as sess\u00f5es. Cada pequeno progresso, mesmo que m\u00ednimo, contribui para reconstruir uma imagem positiva de si mesmo e para desenvolver um sentimento de efic\u00e1cia pessoal. Essa din\u00e2mica psicol\u00f3gica positiva se repercute em todos os aspectos da vida cotidiana, favorecendo uma atitude mais proativa diante dos desafios da defici\u00eancia.<\/p>\n\n            <p>A gest\u00e3o do estresse e da ansiedade se beneficia particularmente da abordagem suave e progressiva deste m\u00e9todo. As t\u00e9cnicas de respira\u00e7\u00e3o integradas aos exerc\u00edcios, combinadas com a aten\u00e7\u00e3o \u00e0s sensa\u00e7\u00f5es corporais, desenvolvem habilidades de autorregula\u00e7\u00e3o emocional valiosas na gest\u00e3o de situa\u00e7\u00f5es dif\u00edceis.<\/p>\n\n            <div class=\"tip-box\">\n<div class=\"tip-box-label\">T\u00e9cnica de Bem-estar<\/div>\n                <p>Integre exerc\u00edcios de aten\u00e7\u00e3o plena e relaxamento progressivo ao final de cada sess\u00e3o para maximizar os benef\u00edcios psicol\u00f3gicos e favorecer um estado de relaxamento profundo.<\/p>\n            <\/div>\n\n            <h2>A Socializa\u00e7\u00e3o e o Refor\u00e7o dos La\u00e7os<\/h2>\n\n            <p>A dimens\u00e3o social da gin\u00e1stica suave adaptada constitui um pilar fundamental de sua efic\u00e1cia terap\u00eautica. As sess\u00f5es coletivas criam um espa\u00e7o de encontro privilegiado onde se tecem la\u00e7os aut\u00eanticos entre participantes que compartilham experi\u00eancias semelhantes. Essa comunh\u00e3o no esfor\u00e7o e no progresso favorece o surgimento de um sentimento de pertencimento e solidariedade particularmente valioso para pessoas frequentemente confrontadas ao isolamento social.<\/p>\n\n            <p>A ajuda m\u00fatua que se desenvolve dentro do grupo constitui um motor poderoso de motiva\u00e7\u00e3o e perseveran\u00e7a. Os participantes se encorajam mutuamente, compartilham suas estrat\u00e9gias de sucesso e celebram juntos seus progressos. Essa din\u00e2mica positiva transforma o exerc\u00edcio f\u00edsico em uma verdadeira aventura coletiva onde cada um encontra seu lugar e seu papel no sucesso do grupo.<\/p>\n\n            <p>As atividades de gin\u00e1stica suave adaptada tamb\u00e9m oferecem a oportunidade de desenvolver habilidades sociais e comunicativas em um ambiente acolhedor e n\u00e3o julgador. As intera\u00e7\u00f5es necess\u00e1rias para realizar certos exerc\u00edcios em duplas ou em equipe refor\u00e7am as capacidades relacionais e favorecem a express\u00e3o de si mesmo em um contexto seguro.<\/p>\n\n            <div class=\"conseil-card\">\n                <h4>Favorecer a Inclus\u00e3o Social<\/h4>\n                <p>Organize regularmente sess\u00f5es intergeracionais envolvendo residentes, fam\u00edlias e volunt\u00e1rios para criar pontes entre a institui\u00e7\u00e3o e a comunidade local, refor\u00e7ando assim a inclus\u00e3o social.<\/p>\n            <\/div>\n\n            <h2>A Utiliza\u00e7\u00e3o de Ferramentas Tecnol\u00f3gicas Inovadoras<\/h2>\n\n            <p>A integra\u00e7\u00e3o de ferramentas tecnol\u00f3gicas nos programas de gin\u00e1stica suave adaptada abre novas perspectivas terap\u00eauticas empolgantes. Os aplicativos digitais especialmente projetados para pessoas com defici\u00eancia, como <a href=\"https:\/\/www.dynseo.com\/pt-pt\/coco-pensa-e-coco-se-mexe\/\" style=\"color: var(--bleu); font-weight: 600;\">COCO PENSA e COCO SE MEXE<\/a>, permitem combinar estimula\u00e7\u00e3o cognitiva e atividade f\u00edsica em uma abordagem global e l\u00fadica.<\/p>\n\n            <p>A tecnologia dos sensores de movimento revoluciona a avalia\u00e7\u00e3o e o acompanhamento dos progressos ao permitir uma medi\u00e7\u00e3o objetiva e precisa das performances motoras. Esses dispositivos oferecem um feedback imediato aos participantes, refor\u00e7ando sua motiva\u00e7\u00e3o e permitindo que visualizem concretamente suas melhorias. A an\u00e1lise dos dados coletados tamb\u00e9m ajuda os profissionais a ajustar finamente os programas de exerc\u00edcios.<\/p>\n\n            <p>Os tablets e aplicativos interativos transformam o exerc\u00edcio f\u00edsico em um jogo estimulante, particularmente eficaz para manter a aten\u00e7\u00e3o e o engajamento dos participantes. Essas ferramentas permitem criar percursos personalizados, adaptar automaticamente a dificuldade de acordo com as performances e oferecer uma variedade infinita de exerc\u00edcios para evitar a monotonia.<\/p>\n\n            <div class=\"expert-box\">\n                <div class=\"expert-box-label\">Inova\u00e7\u00e3o DYNSEO<\/div>\n<div class=\"expert-box-title\">A Bola que Rola: Tecnologia e Motricidade<\/div>\n                <p>Nossa aplica\u00e7\u00e3o \"A Bola que Rola\" utiliza o tablet como suporte de equilibration para trabalhar a motricidade fina e a coordena\u00e7\u00e3o. Essa abordagem inovadora prop\u00f5e seis exerc\u00edcios diferentes adaptados aos dist\u00farbios do movimento.<\/p>\n                <div class=\"expert-inner\">\n                    <div class=\"expert-inner-title\">Exerc\u00edcios Propostos<\/div>\n                    <p>Seguir linha, manter a bola no centro, seguir c\u00edrculo, passar por c\u00edrculos, resist\u00eancia ao vento e subida de corrente oferecem uma progress\u00e3o terap\u00eautica completa e mensur\u00e1vel.<\/p>\n                <\/div>\n            <\/div>\n\n            <h2>A Adapta\u00e7\u00e3o aos Diferentes Tipos de Defici\u00eancias<\/h2>\n\n            <p>A gin\u00e1stica suave adaptada deve ser especificamente modulada de acordo com os diferentes tipos de defici\u00eancias para maximizar sua efic\u00e1cia terap\u00eautica. Para as pessoas com defici\u00eancia motora, o foco \u00e9 na manuten\u00e7\u00e3o e melhoria da mobilidade residual, preven\u00e7\u00e3o de retra\u00e7\u00f5es e fortalecimento dos grupos musculares funcionais. Os exerc\u00edcios s\u00e3o adaptados conforme a pessoa seja ambulante, utilize ajudas t\u00e9cnicas para a marcha ou esteja em cadeira de rodas.<\/p>\n\n            <p>As adapta\u00e7\u00f5es para as pessoas com defici\u00eancia intelectual priorizam a simplicidade das instru\u00e7\u00f5es, a repeti\u00e7\u00e3o e o uso de suportes visuais. Os exerc\u00edcios s\u00e3o decompostos em etapas simples e progressivas, com um refor\u00e7o positivo constante para manter a motiva\u00e7\u00e3o. O aspecto l\u00fadico \u00e9 particularmente desenvolvido para favorecer a ades\u00e3o e o prazer de se mover.<\/p>\n\n            <p>Para as pessoas com defici\u00eancia visual ou cegas, as adapta\u00e7\u00f5es focam na descri\u00e7\u00e3o detalhada dos movimentos, uso de refer\u00eancias t\u00e1teis e sonoras, e cria\u00e7\u00e3o de um ambiente espacial seguro e familiar. Os exerc\u00edcios priorizam o desenvolvimento da propriocep\u00e7\u00e3o e a orienta\u00e7\u00e3o espacial, ao mesmo tempo em que fortalecem as capacidades motoras gerais.<\/p>\n<div class=\"key-points\">\n                <h4>Adapta\u00e7\u00f5es Espec\u00edficas por Tipo de Defici\u00eancia<\/h4>\n                <ul>\n                    <li>Defici\u00eancia motora: foco na mobilidade residual e na preven\u00e7\u00e3o<\/li>\n                    <li>Defici\u00eancia intelectual: simplifica\u00e7\u00e3o e ludifica\u00e7\u00e3o dos exerc\u00edcios<\/li>\n                    <li>Defici\u00eancia visual: refor\u00e7o proprioceptivo e refer\u00eancias alternativas<\/li>\n                    <li>Defici\u00eancia auditiva: comunica\u00e7\u00e3o visual e vibrat\u00f3ria<\/li>\n                    <li>Defici\u00eancias m\u00faltiplas: abordagem global e personalizada<\/li>\n                <\/ul>\n            <\/div>\n\n            <h2>A Organiza\u00e7\u00e3o Pr\u00e1tica nos Estabelecimentos<\/h2>\n\n            <p>A implementa\u00e7\u00e3o bem-sucedida de programas de gin\u00e1stica suave adaptada em estabelecimentos para pessoas com defici\u00eancia requer uma organiza\u00e7\u00e3o rigorosa e um planejamento detalhado. A cria\u00e7\u00e3o de um espa\u00e7o dedicado, seguro e acess\u00edvel \u00e9 um pr\u00e9-requisito indispens\u00e1vel. Esse espa\u00e7o deve ser grande o suficiente para acomodar os participantes em cadeiras de rodas, com ajudas t\u00e9cnicas para a marcha, e permitir uma circula\u00e7\u00e3o fluida e segura.<\/p>\n\n            <p>A programa\u00e7\u00e3o das sess\u00f5es deve levar em conta os ritmos individuais e institucionais, evitando os per\u00edodos de cuidados m\u00e9dicos, refei\u00e7\u00f5es e descanso. Uma frequ\u00eancia de duas a tr\u00eas sess\u00f5es por semana de 45 minutos a uma hora \u00e9 ideal para obter benef\u00edcios duradouros sem gerar fadiga excessiva. A forma\u00e7\u00e3o de grupos homog\u00eaneos em termos de capacidades e objetivos facilita a anima\u00e7\u00e3o e otimiza os resultados.<\/p>\n\n            <p>O investimento em material adaptado representa um elemento chave para o sucesso. Al\u00e9m do material tradicional (tapetes, bolas, el\u00e1sticos), a aquisi\u00e7\u00e3o de ferramentas tecnol\u00f3gicas como tablets com aplicativos especializados enriquece consideravelmente as possibilidades terap\u00eauticas e mant\u00e9m o engajamento dos participantes a longo prazo.<\/p>\n<div class=\"conseil-card\">\n                <h4>Check-list Organizacional<\/h4>\n                <p>Estabele\u00e7a um planejamento detalhado incluindo a prepara\u00e7\u00e3o do espa\u00e7o, a recep\u00e7\u00e3o dos participantes, o aquecimento, os exerc\u00edcios principais, o relaxamento e a arruma\u00e7\u00e3o. Essa estrutura\u00e7\u00e3o tranquiliza os participantes e otimiza o tempo da sess\u00e3o.<\/p>\n            <\/div>\n\n            <h2>Forma\u00e7\u00e3o e Compet\u00eancias do Pessoal<\/h2>\n\n            <p>A forma\u00e7\u00e3o do pessoal respons\u00e1vel constitui um pilar essencial para garantir a qualidade e a seguran\u00e7a dos programas de gin\u00e1stica suave adaptada. Os intervenientes devem possuir uma forma\u00e7\u00e3o inicial em atividade f\u00edsica adaptada, fisioterapia, terapia ocupacional ou psicomotricidade, complementada por forma\u00e7\u00f5es especializadas sobre os diferentes tipos de defici\u00eancias e suas especificidades. Essa expertise vers\u00e1til permite adaptar instantaneamente os exerc\u00edcios de acordo com as necessidades e rea\u00e7\u00f5es dos participantes.<\/p>\n\n            <p>A forma\u00e7\u00e3o cont\u00ednua se revela indispens\u00e1vel para manter e desenvolver as compet\u00eancias diante das evolu\u00e7\u00f5es do conhecimento cient\u00edfico e das inova\u00e7\u00f5es tecnol\u00f3gicas. Os profissionais devem atualizar regularmente seus conhecimentos sobre as novas abordagens terap\u00eauticas, as ferramentas de avalia\u00e7\u00e3o e as t\u00e9cnicas de anima\u00e7\u00e3o adaptadas. Essa abordagem de melhoria cont\u00ednua garante um atendimento \u00f3timo e evolutivo.<\/p>\n\n            <p>O acompanhamento e a supervis\u00e3o das equipes por profissionais experientes favorecem o desenvolvimento das compet\u00eancias pr\u00e1ticas e a gest\u00e3o de situa\u00e7\u00f5es complexas. As sess\u00f5es de an\u00e1lise de pr\u00e1tica e os retornos de experi\u00eancia coletivos enriquecem a expertise de cada um e permitem compartilhar as boas pr\u00e1ticas dentro da institui\u00e7\u00e3o.<\/p>\n\n            <div class=\"tip-box\">\n                <div class=\"tip-box-label\">Forma\u00e7\u00e3o Recomendada<\/div>\n                <p>Prev\u00ea ao m\u00ednimo 40 horas de forma\u00e7\u00e3o inicial especializada e 16 horas de forma\u00e7\u00e3o cont\u00ednua anual para manter um n\u00edvel de expertise \u00f3timo e garantir a seguran\u00e7a dos participantes.<\/p>\n            <\/div>\n\n            <h2>Exerc\u00edcios Pr\u00e1ticos com Material Adaptado<\/h2>\n\n            <p>A utiliza\u00e7\u00e3o de material adaptado enriquece consideravelmente as possibilidades de exerc\u00edcios e mant\u00e9m o interesse dos participantes. As bolas de espuma, particularmente populares, oferecem uma seguran\u00e7a \u00f3tima enquanto permitem trabalhar m\u00faltiplos aspectos motores. O exerc\u00edcio da pin\u00e7a, que consiste em pressionar e soltar alternadamente a bola, desenvolve a for\u00e7a de preens\u00e3o e a destreza manual, essenciais para a autonomia nas atividades di\u00e1rias.<\/p>\n\n            <p>Os exerc\u00edcios de lan\u00e7ar e pegar estimulam a coordena\u00e7\u00e3o olho-m\u00e3o, a reatividade e fortalecem os m\u00fasculos dos membros superiores. A progress\u00e3o pode ser modulada variando a dist\u00e2ncia, a altura e a velocidade do lan\u00e7amento de acordo com as capacidades individuais. Esses exerc\u00edcios tamb\u00e9m desenvolvem a antecipa\u00e7\u00e3o motora e os reflexos, compet\u00eancias transfer\u00edveis em muitas situa\u00e7\u00f5es da vida cotidiana.<\/p>\n\n            <p>O rolamento da bola entre as palmas favorece a coordena\u00e7\u00e3o bilateral e a fluidez gestual. Este exerc\u00edcio aparentemente simples solicita na realidade muitos grupos musculares e desenvolve a percep\u00e7\u00e3o t\u00e1til. Pode ser realizado sentado ou em p\u00e9, permitindo uma adapta\u00e7\u00e3o f\u00e1cil aos diferentes n\u00edveis de mobilidade dos participantes.<\/p>\n\n            <div class=\"expert-box\">\n<div class=\"expert-box-label\">Progress\u00e3o Terap\u00eautica<\/div>\n                <div class=\"expert-box-title\">Evolu\u00e7\u00e3o dos Exerc\u00edcios com Bolas<\/div>\n                <p>A progress\u00e3o terap\u00eautica com as bolas de espuma segue uma l\u00f3gica de complexifica\u00e7\u00e3o gradual, partindo dos exerc\u00edcios unilaterais simples para coordena\u00e7\u00f5es bilaterais complexas e desafios de equil\u00edbrio din\u00e2mico.<\/p>\n                <div class=\"expert-inner\">\n                    <div class=\"expert-inner-title\">N\u00edveis de Progress\u00e3o<\/div>\n                    <p>N\u00edvel 1: Manipula\u00e7\u00e3o simples unilateral - N\u00edvel 2: Coordena\u00e7\u00e3o bilateral - N\u00edvel 3: Integra\u00e7\u00e3o do equil\u00edbrio - N\u00edvel 4: Desafios cognitivo-motores<\/p>\n                <\/div>\n            <\/div>\n\n            <h2>Avalia\u00e7\u00e3o e Acompanhamento dos Progressos<\/h2>\n\n            <p>A avalia\u00e7\u00e3o regular dos progressos constitui um elemento central de todo programa de gin\u00e1stica suave adaptada eficaz. Esta abordagem cient\u00edfica permite medir objetivamente as melhorias obtidas e ajustar os objetivos terap\u00eauticos em consequ\u00eancia. Os instrumentos de avalia\u00e7\u00e3o devem ser padronizados, reproduz\u00edveis e adaptados \u00e0s especificidades de cada tipo de defici\u00eancia para garantir a confiabilidade das medidas.<\/p>\n\n            <p>A utiliza\u00e7\u00e3o de escalas funcionais validadas cientificamente, como a escala de Berg para o equil\u00edbrio ou a medida de independ\u00eancia funcional (MIF), permite quantificar precisamente as evolu\u00e7\u00f5es. Essas avalia\u00e7\u00f5es s\u00e3o complementadas por medidas qualitativas relacionadas ao bem-estar, motiva\u00e7\u00e3o e satisfa\u00e7\u00e3o dos participantes, aspectos essenciais do sucesso terap\u00eautico.<\/p>\n\n            <p>O acompanhamento longitudinal dos dados revela as tend\u00eancias de evolu\u00e7\u00e3o e permite identificar precocemente os per\u00edodos de estagna\u00e7\u00e3o ou regress\u00e3o que necessitam de um ajuste no programa. Esta abordagem preditiva otimiza a efic\u00e1cia terap\u00eautica e previne os des\u00e2nimos relacionados \u00e0 aus\u00eancia de progresso vis\u00edvel.<\/p>\n\n            <div class=\"key-points\">\n                <h4>Indicadores de Acompanhamento Recomendados<\/h4>\n                <ul>\n                    <li>Medidas funcionais: mobilidade, for\u00e7a, equil\u00edbrio, resist\u00eancia<\/li>\n                    <li>Avalia\u00e7\u00f5es cognitivas: aten\u00e7\u00e3o, mem\u00f3ria, fun\u00e7\u00f5es executivas<\/li>\n                    <li>\u00cdndices psicossociais: humor, motiva\u00e7\u00e3o, intera\u00e7\u00f5es sociais<\/li>\n                    <li>Medidas fisiol\u00f3gicas: frequ\u00eancia card\u00edaca, press\u00e3o arterial<\/li>\n                    <li>Autoavalia\u00e7\u00f5es: dor, fadiga, qualidade de vida percebida<\/li>\n                <\/ul>\n            <\/div>\n\n            <div class=\"faq-list\">\n                <h3>Perguntas Frequentes<\/h3>\n                \n                <div class=\"faq-item\">\n                    <div class=\"faq-q\">\n                        <span>Qual \u00e9 a frequ\u00eancia ideal das sess\u00f5es de gin\u00e1stica suave adaptada?<\/span>\n                        <span class=\"faq-icon\">+<\/span>\n                    <\/div>\n                    <div class=\"faq-a\">\n                        <p>A frequ\u00eancia ideal situa-se entre 2 a 3 sess\u00f5es por semana de 45 minutos a 1 hora. Esta regularidade permite obter benef\u00edcios duradouros sem gerar fadiga excessiva. O importante \u00e9 a const\u00e2ncia em vez da intensidade, com uma progress\u00e3o gradual adaptada \u00e0s capacidades individuais.<\/p>\n                    <\/div>\n                <\/div>\n\n                <div class=\"faq-item\">\n                    <div class=\"faq-q\">\n                        <span>Como adaptar os exerc\u00edcios para diferentes n\u00edveis de defici\u00eancia?<\/span>\n                        <span class=\"faq-icon\">+<\/span>\n                    <\/div>\n<div class=\"faq-a\">\n                        <p>A adapta\u00e7\u00e3o baseia-se em uma avalia\u00e7\u00e3o inicial completa que permite identificar as capacidades residuais e as limita\u00e7\u00f5es de cada pessoa. Os exerc\u00edcios s\u00e3o ent\u00e3o modulados em termos de amplitude, resist\u00eancia, velocidade e complexidade. A utiliza\u00e7\u00e3o de material adequado e de suportes visuais ou t\u00e1teis facilita essa personaliza\u00e7\u00e3o.<\/p>\n                    <\/div>\n                <\/div>\n\n                <div class=\"faq-item\">\n                    <div class=\"faq-q\">\n                        <span>Quais s\u00e3o os pr\u00e9-requisitos de forma\u00e7\u00e3o para supervisionar essas atividades?<\/span>\n                        <span class=\"faq-icon\">+<\/span>\n                    <\/div>\n                    <div class=\"faq-a\">\n                        <p>A supervis\u00e3o requer uma forma\u00e7\u00e3o inicial em atividade f\u00edsica adaptada, fisioterapia, terapia ocupacional ou psicomotricidade, complementada por especializa\u00e7\u00f5es sobre os diferentes tipos de defici\u00eancias. Uma forma\u00e7\u00e3o cont\u00ednua de pelo menos 16 horas por ano \u00e9 recomendada para manter as compet\u00eancias atualizadas.<\/p>\n                    <\/div>\n                <\/div>\n\n                <div class=\"faq-item\">\n                    <div class=\"faq-q\">\n                        <span>Como medir a efic\u00e1cia dos programas de gin\u00e1stica suave adaptada?<\/span>\n                        <span class=\"faq-icon\">+<\/span>\n                    <\/div>\n                    <div class=\"faq-a\">\n                        <p>A efic\u00e1cia \u00e9 medida por avalia\u00e7\u00f5es padronizadas que incluem testes funcionais (equil\u00edbrio, mobilidade, for\u00e7a), escalas de qualidade de vida, medidas cognitivas e observa\u00e7\u00f5es comportamentais. Um acompanhamento longitudinal de pelo menos 3 meses permite objetivar os progressos realizados.<\/p>\n                    <\/div>\n                <\/div>\n\n                <div class=\"faq-item\">\n                    <div class=\"faq-q\">\n                        <span>\u00c9 poss\u00edvel integrar a tecnologia nesses programas de exerc\u00edcios?<\/span>\n                        <span class=\"faq-icon\">+<\/span>\n                    <\/div>\n                    <div class=\"faq-a\">\n                        <p>Absolutamente! Aplicativos como COCO PENSA e COCO SE MEXE oferecem possibilidades not\u00e1veis de estimula\u00e7\u00e3o cognitiva e motora. A tecnologia permite um acompanhamento personalizado, uma gamifica\u00e7\u00e3o motivadora e uma adapta\u00e7\u00e3o autom\u00e1tica da dificuldade de acordo com as performances individuais.<\/p>\n                    <\/div>\n                <\/div>\n            <\/div>\n\n            <div class=\"cta-box\">\n                <h3>Transforme Seu Estabelecimento com DYNSEO<\/h3>\n                <p>Descubra como nossas solu\u00e7\u00f5es inovadoras podem enriquecer seus programas de gin\u00e1stica suave adaptada e melhorar o bem-estar de seus residentes. COCO PENSA e COCO SE MEXE oferecem mais de 30 jogos educativos e esportivos especialmente projetados para pessoas em situa\u00e7\u00e3o de defici\u00eancia.<\/p>\n                <div class=\"cta-buttons\">\n                    <a href=\"https:\/\/www.dynseo.com\/pt-pt\/coco-pensa-e-coco-se-mexe\/\" class=\"btn-white\">Descobrir COCO<\/a>\n                    <a href=\"https:\/\/www.dynseo.com\/pt-pt\/coco-pensa-e-coco-se-mexe\/\" class=\"btn-outline\">Solicitar uma Demonstra\u00e7\u00e3o<\/a>\n                <\/div>\n            <\/div>\n\n            <div class=\"article-tags\">\n                <a href=\"#\" class=\"article-tag\">Gin\u00e1stica Suave<\/a>\n                <a href=\"#\" class=\"article-tag\">Defici\u00eancia<\/a>\n                <a href=\"#\" class=\"article-tag\">Reabilita\u00e7\u00e3o<\/a>\n                <a href=\"#\" class=\"article-tag\">Lar de idosos<\/a>\n                <a href=\"#\" class=\"article-tag\">Atividade F\u00edsica Adaptada<\/a>\n                <a href=\"#\" class=\"article-tag\">Bem-estar<\/a>\n                <a href=\"#\" class=\"article-tag\">Inova\u00e7\u00e3o Terap\u00eautica<\/a>\n                <a href=\"#\" class=\"article-tag\">Tecnologia em Sa\u00fade<\/a>\n            <\/div>\n        <\/div>\n    <\/div>[\/et_pb_code][\/et_pb_column][\/et_pb_row][\/et_pb_section]","_et_gb_content_width":"","footnotes":""},"categories":[2915],"tags":[],"class_list":["post-565033","post","type-post","status-publish","format-standard","has-post-thumbnail","hentry","category-les-conseils-des-coachs"],"yoast_head":"<!-- This site is optimized with the Yoast SEO plugin v27.4 - https:\/\/yoast.com\/product\/yoast-seo-wordpress\/ -->\n<title>A Gin\u00e1stica Suave Adaptada: Um Benef\u00edcio para os Estabelecimentos para Pessoas com Defici\u00eancia? - DYNSEO - Aplica\u00e7\u00f5es educativas e jogos de mem\u00f3ria<\/title>\n<meta name=\"robots\" content=\"index, follow, max-snippet:-1, max-image-preview:large, max-video-preview:-1\" \/>\n<link rel=\"canonical\" href=\"https:\/\/www.dynseo.com\/pt-pt\/a-ginastica-suave-adaptada-um-beneficio-para-os-estabelecimentos-para-pessoas-com-deficiencia\/\" \/>\n<meta property=\"og:locale\" content=\"pt_PT\" \/>\n<meta property=\"og:type\" content=\"article\" \/>\n<meta property=\"og:title\" content=\"A Gin\u00e1stica Suave Adaptada: Um Benef\u00edcio para os Estabelecimentos para Pessoas com Defici\u00eancia? - DYNSEO - Aplica\u00e7\u00f5es educativas e jogos de mem\u00f3ria\" \/>\n<meta property=\"og:url\" content=\"https:\/\/www.dynseo.com\/pt-pt\/a-ginastica-suave-adaptada-um-beneficio-para-os-estabelecimentos-para-pessoas-com-deficiencia\/\" \/>\n<meta property=\"og:site_name\" content=\"DYNSEO - Aplica\u00e7\u00f5es educativas e jogos de mem\u00f3ria\" \/>\n<meta property=\"article:published_time\" content=\"2026-04-27T07:01:39+00:00\" \/>\n<meta property=\"article:modified_time\" content=\"2026-04-27T07:05:51+00:00\" \/>\n<meta property=\"og:image\" content=\"https:\/\/www.dynseo.com\/wp-content\/uploads\/2019\/11\/Aide-\u00e0-domicile-d\u2019une-personne-atteinte-de-maladie-d\u2019Alzheimer.jpg\" \/>\n\t<meta property=\"og:image:width\" content=\"600\" \/>\n\t<meta property=\"og:image:height\" content=\"370\" \/>\n\t<meta property=\"og:image:type\" content=\"image\/jpeg\" \/>\n<meta name=\"author\" content=\"DYNSEO\" \/>\n<meta name=\"twitter:label1\" content=\"Escrito por\" \/>\n\t<meta name=\"twitter:data1\" content=\"DYNSEO\" \/>\n\t<meta name=\"twitter:label2\" content=\"Tempo estimado de leitura\" \/>\n\t<meta name=\"twitter:data2\" content=\"19 minutos\" \/>\n<script type=\"application\/ld+json\" class=\"yoast-schema-graph\">{\"@context\":\"https:\\\/\\\/schema.org\",\"@graph\":[{\"@type\":\"Article\",\"@id\":\"https:\\\/\\\/www.dynseo.com\\\/pt-pt\\\/a-ginastica-suave-adaptada-um-beneficio-para-os-estabelecimentos-para-pessoas-com-deficiencia\\\/#article\",\"isPartOf\":{\"@id\":\"https:\\\/\\\/www.dynseo.com\\\/pt-pt\\\/a-ginastica-suave-adaptada-um-beneficio-para-os-estabelecimentos-para-pessoas-com-deficiencia\\\/\"},\"author\":{\"name\":\"DYNSEO\",\"@id\":\"https:\\\/\\\/www.dynseo.com\\\/pt-pt\\\/#\\\/schema\\\/person\\\/78ef63df2ee64e0989bc68f8401b38d6\"},\"headline\":\"A Gin\u00e1stica Suave Adaptada: Um Benef\u00edcio para os Estabelecimentos para Pessoas com Defici\u00eancia?\",\"datePublished\":\"2026-04-27T07:01:39+00:00\",\"dateModified\":\"2026-04-27T07:05:51+00:00\",\"mainEntityOfPage\":{\"@id\":\"https:\\\/\\\/www.dynseo.com\\\/pt-pt\\\/a-ginastica-suave-adaptada-um-beneficio-para-os-estabelecimentos-para-pessoas-com-deficiencia\\\/\"},\"wordCount\":3783,\"publisher\":{\"@id\":\"https:\\\/\\\/www.dynseo.com\\\/pt-pt\\\/#organization\"},\"image\":{\"@id\":\"https:\\\/\\\/www.dynseo.com\\\/pt-pt\\\/a-ginastica-suave-adaptada-um-beneficio-para-os-estabelecimentos-para-pessoas-com-deficiencia\\\/#primaryimage\"},\"thumbnailUrl\":\"https:\\\/\\\/www.dynseo.com\\\/wp-content\\\/uploads\\\/2019\\\/11\\\/Aide-\u00e0-domicile-d\u2019une-personne-atteinte-de-maladie-d\u2019Alzheimer.jpg\",\"articleSection\":[\"Les conseils des coachs\"],\"inLanguage\":\"pt-PT\"},{\"@type\":\"WebPage\",\"@id\":\"https:\\\/\\\/www.dynseo.com\\\/pt-pt\\\/a-ginastica-suave-adaptada-um-beneficio-para-os-estabelecimentos-para-pessoas-com-deficiencia\\\/\",\"url\":\"https:\\\/\\\/www.dynseo.com\\\/pt-pt\\\/a-ginastica-suave-adaptada-um-beneficio-para-os-estabelecimentos-para-pessoas-com-deficiencia\\\/\",\"name\":\"A Gin\u00e1stica Suave Adaptada: Um Benef\u00edcio para os Estabelecimentos para Pessoas com Defici\u00eancia? - DYNSEO - Aplica\u00e7\u00f5es educativas e jogos de mem\u00f3ria\",\"isPartOf\":{\"@id\":\"https:\\\/\\\/www.dynseo.com\\\/pt-pt\\\/#website\"},\"primaryImageOfPage\":{\"@id\":\"https:\\\/\\\/www.dynseo.com\\\/pt-pt\\\/a-ginastica-suave-adaptada-um-beneficio-para-os-estabelecimentos-para-pessoas-com-deficiencia\\\/#primaryimage\"},\"image\":{\"@id\":\"https:\\\/\\\/www.dynseo.com\\\/pt-pt\\\/a-ginastica-suave-adaptada-um-beneficio-para-os-estabelecimentos-para-pessoas-com-deficiencia\\\/#primaryimage\"},\"thumbnailUrl\":\"https:\\\/\\\/www.dynseo.com\\\/wp-content\\\/uploads\\\/2019\\\/11\\\/Aide-\u00e0-domicile-d\u2019une-personne-atteinte-de-maladie-d\u2019Alzheimer.jpg\",\"datePublished\":\"2026-04-27T07:01:39+00:00\",\"dateModified\":\"2026-04-27T07:05:51+00:00\",\"breadcrumb\":{\"@id\":\"https:\\\/\\\/www.dynseo.com\\\/pt-pt\\\/a-ginastica-suave-adaptada-um-beneficio-para-os-estabelecimentos-para-pessoas-com-deficiencia\\\/#breadcrumb\"},\"inLanguage\":\"pt-PT\",\"potentialAction\":[{\"@type\":\"ReadAction\",\"target\":[\"https:\\\/\\\/www.dynseo.com\\\/pt-pt\\\/a-ginastica-suave-adaptada-um-beneficio-para-os-estabelecimentos-para-pessoas-com-deficiencia\\\/\"]}]},{\"@type\":\"ImageObject\",\"inLanguage\":\"pt-PT\",\"@id\":\"https:\\\/\\\/www.dynseo.com\\\/pt-pt\\\/a-ginastica-suave-adaptada-um-beneficio-para-os-estabelecimentos-para-pessoas-com-deficiencia\\\/#primaryimage\",\"url\":\"https:\\\/\\\/www.dynseo.com\\\/wp-content\\\/uploads\\\/2019\\\/11\\\/Aide-\u00e0-domicile-d\u2019une-personne-atteinte-de-maladie-d\u2019Alzheimer.jpg\",\"contentUrl\":\"https:\\\/\\\/www.dynseo.com\\\/wp-content\\\/uploads\\\/2019\\\/11\\\/Aide-\u00e0-domicile-d\u2019une-personne-atteinte-de-maladie-d\u2019Alzheimer.jpg\",\"width\":600,\"height\":370,\"caption\":\"Estimule a mente e preserve as lembran\u00e7as com a aplica\u00e7\u00e3o DYNSEO\"},{\"@type\":\"BreadcrumbList\",\"@id\":\"https:\\\/\\\/www.dynseo.com\\\/pt-pt\\\/a-ginastica-suave-adaptada-um-beneficio-para-os-estabelecimentos-para-pessoas-com-deficiencia\\\/#breadcrumb\",\"itemListElement\":[{\"@type\":\"ListItem\",\"position\":1,\"name\":\"Accueil\",\"item\":\"https:\\\/\\\/www.dynseo.com\\\/pt-pt\\\/\"},{\"@type\":\"ListItem\",\"position\":2,\"name\":\"A Gin\u00e1stica Suave Adaptada: Um Benef\u00edcio para os Estabelecimentos para Pessoas com Defici\u00eancia?\"}]},{\"@type\":\"WebSite\",\"@id\":\"https:\\\/\\\/www.dynseo.com\\\/pt-pt\\\/#website\",\"url\":\"https:\\\/\\\/www.dynseo.com\\\/pt-pt\\\/\",\"name\":\"Jeux de m\u00e9moire et stimulation cognitive\",\"description\":\"Entra\u00eenez votre m\u00e9moire et votre cerveau avec DYNSEO\",\"publisher\":{\"@id\":\"https:\\\/\\\/www.dynseo.com\\\/pt-pt\\\/#organization\"},\"potentialAction\":[{\"@type\":\"SearchAction\",\"target\":{\"@type\":\"EntryPoint\",\"urlTemplate\":\"https:\\\/\\\/www.dynseo.com\\\/pt-pt\\\/?s={search_term_string}\"},\"query-input\":{\"@type\":\"PropertyValueSpecification\",\"valueRequired\":true,\"valueName\":\"search_term_string\"}}],\"inLanguage\":\"pt-PT\"},{\"@type\":\"Organization\",\"@id\":\"https:\\\/\\\/www.dynseo.com\\\/pt-pt\\\/#organization\",\"name\":\"DYNSEO\",\"url\":\"https:\\\/\\\/www.dynseo.com\\\/pt-pt\\\/\",\"logo\":{\"@type\":\"ImageObject\",\"inLanguage\":\"pt-PT\",\"@id\":\"https:\\\/\\\/www.dynseo.com\\\/pt-pt\\\/#\\\/schema\\\/logo\\\/image\\\/\",\"url\":\"https:\\\/\\\/www.dynseo.com\\\/wp-content\\\/uploads\\\/2022\\\/05\\\/logo-dynseo-new.png\",\"contentUrl\":\"https:\\\/\\\/www.dynseo.com\\\/wp-content\\\/uploads\\\/2022\\\/05\\\/logo-dynseo-new.png\",\"width\":5073,\"height\":1397,\"caption\":\"DYNSEO\"},\"image\":{\"@id\":\"https:\\\/\\\/www.dynseo.com\\\/pt-pt\\\/#\\\/schema\\\/logo\\\/image\\\/\"}},{\"@type\":\"Person\",\"@id\":\"https:\\\/\\\/www.dynseo.com\\\/pt-pt\\\/#\\\/schema\\\/person\\\/78ef63df2ee64e0989bc68f8401b38d6\",\"name\":\"DYNSEO\",\"url\":\"https:\\\/\\\/www.dynseo.com\\\/pt-pt\\\/author\\\/justine\\\/\"}]}<\/script>\n<!-- \/ Yoast SEO plugin. -->","yoast_head_json":{"title":"A Gin\u00e1stica Suave Adaptada: Um Benef\u00edcio para os Estabelecimentos para Pessoas com Defici\u00eancia? - DYNSEO - Aplica\u00e7\u00f5es educativas e jogos de mem\u00f3ria","robots":{"index":"index","follow":"follow","max-snippet":"max-snippet:-1","max-image-preview":"max-image-preview:large","max-video-preview":"max-video-preview:-1"},"canonical":"https:\/\/www.dynseo.com\/pt-pt\/a-ginastica-suave-adaptada-um-beneficio-para-os-estabelecimentos-para-pessoas-com-deficiencia\/","og_locale":"pt_PT","og_type":"article","og_title":"A Gin\u00e1stica Suave Adaptada: Um Benef\u00edcio para os Estabelecimentos para Pessoas com Defici\u00eancia? - DYNSEO - Aplica\u00e7\u00f5es educativas e jogos de mem\u00f3ria","og_url":"https:\/\/www.dynseo.com\/pt-pt\/a-ginastica-suave-adaptada-um-beneficio-para-os-estabelecimentos-para-pessoas-com-deficiencia\/","og_site_name":"DYNSEO - Aplica\u00e7\u00f5es educativas e jogos de mem\u00f3ria","article_published_time":"2026-04-27T07:01:39+00:00","article_modified_time":"2026-04-27T07:05:51+00:00","og_image":[{"width":600,"height":370,"url":"https:\/\/www.dynseo.com\/wp-content\/uploads\/2019\/11\/Aide-\u00e0-domicile-d\u2019une-personne-atteinte-de-maladie-d\u2019Alzheimer.jpg","type":"image\/jpeg"}],"author":"DYNSEO","twitter_misc":{"Escrito por":"DYNSEO","Tempo estimado de leitura":"19 minutos"},"schema":{"@context":"https:\/\/schema.org","@graph":[{"@type":"Article","@id":"https:\/\/www.dynseo.com\/pt-pt\/a-ginastica-suave-adaptada-um-beneficio-para-os-estabelecimentos-para-pessoas-com-deficiencia\/#article","isPartOf":{"@id":"https:\/\/www.dynseo.com\/pt-pt\/a-ginastica-suave-adaptada-um-beneficio-para-os-estabelecimentos-para-pessoas-com-deficiencia\/"},"author":{"name":"DYNSEO","@id":"https:\/\/www.dynseo.com\/pt-pt\/#\/schema\/person\/78ef63df2ee64e0989bc68f8401b38d6"},"headline":"A Gin\u00e1stica Suave Adaptada: Um Benef\u00edcio para os Estabelecimentos para Pessoas com Defici\u00eancia?","datePublished":"2026-04-27T07:01:39+00:00","dateModified":"2026-04-27T07:05:51+00:00","mainEntityOfPage":{"@id":"https:\/\/www.dynseo.com\/pt-pt\/a-ginastica-suave-adaptada-um-beneficio-para-os-estabelecimentos-para-pessoas-com-deficiencia\/"},"wordCount":3783,"publisher":{"@id":"https:\/\/www.dynseo.com\/pt-pt\/#organization"},"image":{"@id":"https:\/\/www.dynseo.com\/pt-pt\/a-ginastica-suave-adaptada-um-beneficio-para-os-estabelecimentos-para-pessoas-com-deficiencia\/#primaryimage"},"thumbnailUrl":"https:\/\/www.dynseo.com\/wp-content\/uploads\/2019\/11\/Aide-\u00e0-domicile-d\u2019une-personne-atteinte-de-maladie-d\u2019Alzheimer.jpg","articleSection":["Les conseils des coachs"],"inLanguage":"pt-PT"},{"@type":"WebPage","@id":"https:\/\/www.dynseo.com\/pt-pt\/a-ginastica-suave-adaptada-um-beneficio-para-os-estabelecimentos-para-pessoas-com-deficiencia\/","url":"https:\/\/www.dynseo.com\/pt-pt\/a-ginastica-suave-adaptada-um-beneficio-para-os-estabelecimentos-para-pessoas-com-deficiencia\/","name":"A Gin\u00e1stica Suave Adaptada: Um Benef\u00edcio para os Estabelecimentos para Pessoas com Defici\u00eancia? - DYNSEO - Aplica\u00e7\u00f5es educativas e jogos de mem\u00f3ria","isPartOf":{"@id":"https:\/\/www.dynseo.com\/pt-pt\/#website"},"primaryImageOfPage":{"@id":"https:\/\/www.dynseo.com\/pt-pt\/a-ginastica-suave-adaptada-um-beneficio-para-os-estabelecimentos-para-pessoas-com-deficiencia\/#primaryimage"},"image":{"@id":"https:\/\/www.dynseo.com\/pt-pt\/a-ginastica-suave-adaptada-um-beneficio-para-os-estabelecimentos-para-pessoas-com-deficiencia\/#primaryimage"},"thumbnailUrl":"https:\/\/www.dynseo.com\/wp-content\/uploads\/2019\/11\/Aide-\u00e0-domicile-d\u2019une-personne-atteinte-de-maladie-d\u2019Alzheimer.jpg","datePublished":"2026-04-27T07:01:39+00:00","dateModified":"2026-04-27T07:05:51+00:00","breadcrumb":{"@id":"https:\/\/www.dynseo.com\/pt-pt\/a-ginastica-suave-adaptada-um-beneficio-para-os-estabelecimentos-para-pessoas-com-deficiencia\/#breadcrumb"},"inLanguage":"pt-PT","potentialAction":[{"@type":"ReadAction","target":["https:\/\/www.dynseo.com\/pt-pt\/a-ginastica-suave-adaptada-um-beneficio-para-os-estabelecimentos-para-pessoas-com-deficiencia\/"]}]},{"@type":"ImageObject","inLanguage":"pt-PT","@id":"https:\/\/www.dynseo.com\/pt-pt\/a-ginastica-suave-adaptada-um-beneficio-para-os-estabelecimentos-para-pessoas-com-deficiencia\/#primaryimage","url":"https:\/\/www.dynseo.com\/wp-content\/uploads\/2019\/11\/Aide-\u00e0-domicile-d\u2019une-personne-atteinte-de-maladie-d\u2019Alzheimer.jpg","contentUrl":"https:\/\/www.dynseo.com\/wp-content\/uploads\/2019\/11\/Aide-\u00e0-domicile-d\u2019une-personne-atteinte-de-maladie-d\u2019Alzheimer.jpg","width":600,"height":370,"caption":"Estimule a mente e preserve as lembran\u00e7as com a aplica\u00e7\u00e3o DYNSEO"},{"@type":"BreadcrumbList","@id":"https:\/\/www.dynseo.com\/pt-pt\/a-ginastica-suave-adaptada-um-beneficio-para-os-estabelecimentos-para-pessoas-com-deficiencia\/#breadcrumb","itemListElement":[{"@type":"ListItem","position":1,"name":"Accueil","item":"https:\/\/www.dynseo.com\/pt-pt\/"},{"@type":"ListItem","position":2,"name":"A Gin\u00e1stica Suave Adaptada: Um Benef\u00edcio para os Estabelecimentos para Pessoas com Defici\u00eancia?"}]},{"@type":"WebSite","@id":"https:\/\/www.dynseo.com\/pt-pt\/#website","url":"https:\/\/www.dynseo.com\/pt-pt\/","name":"Jeux de m\u00e9moire et stimulation cognitive","description":"Entra\u00eenez votre m\u00e9moire et votre cerveau avec DYNSEO","publisher":{"@id":"https:\/\/www.dynseo.com\/pt-pt\/#organization"},"potentialAction":[{"@type":"SearchAction","target":{"@type":"EntryPoint","urlTemplate":"https:\/\/www.dynseo.com\/pt-pt\/?s={search_term_string}"},"query-input":{"@type":"PropertyValueSpecification","valueRequired":true,"valueName":"search_term_string"}}],"inLanguage":"pt-PT"},{"@type":"Organization","@id":"https:\/\/www.dynseo.com\/pt-pt\/#organization","name":"DYNSEO","url":"https:\/\/www.dynseo.com\/pt-pt\/","logo":{"@type":"ImageObject","inLanguage":"pt-PT","@id":"https:\/\/www.dynseo.com\/pt-pt\/#\/schema\/logo\/image\/","url":"https:\/\/www.dynseo.com\/wp-content\/uploads\/2022\/05\/logo-dynseo-new.png","contentUrl":"https:\/\/www.dynseo.com\/wp-content\/uploads\/2022\/05\/logo-dynseo-new.png","width":5073,"height":1397,"caption":"DYNSEO"},"image":{"@id":"https:\/\/www.dynseo.com\/pt-pt\/#\/schema\/logo\/image\/"}},{"@type":"Person","@id":"https:\/\/www.dynseo.com\/pt-pt\/#\/schema\/person\/78ef63df2ee64e0989bc68f8401b38d6","name":"DYNSEO","url":"https:\/\/www.dynseo.com\/pt-pt\/author\/justine\/"}]}},"_links":{"self":[{"href":"https:\/\/www.dynseo.com\/pt-pt\/wp-json\/wp\/v2\/posts\/565033","targetHints":{"allow":["GET"]}}],"collection":[{"href":"https:\/\/www.dynseo.com\/pt-pt\/wp-json\/wp\/v2\/posts"}],"about":[{"href":"https:\/\/www.dynseo.com\/pt-pt\/wp-json\/wp\/v2\/types\/post"}],"author":[{"embeddable":true,"href":"https:\/\/www.dynseo.com\/pt-pt\/wp-json\/wp\/v2\/users\/4"}],"replies":[{"embeddable":true,"href":"https:\/\/www.dynseo.com\/pt-pt\/wp-json\/wp\/v2\/comments?post=565033"}],"version-history":[{"count":11,"href":"https:\/\/www.dynseo.com\/pt-pt\/wp-json\/wp\/v2\/posts\/565033\/revisions"}],"predecessor-version":[{"id":565044,"href":"https:\/\/www.dynseo.com\/pt-pt\/wp-json\/wp\/v2\/posts\/565033\/revisions\/565044"}],"wp:featuredmedia":[{"embeddable":true,"href":"https:\/\/www.dynseo.com\/pt-pt\/wp-json\/wp\/v2\/media\/26787"}],"wp:attachment":[{"href":"https:\/\/www.dynseo.com\/pt-pt\/wp-json\/wp\/v2\/media?parent=565033"}],"wp:term":[{"taxonomy":"category","embeddable":true,"href":"https:\/\/www.dynseo.com\/pt-pt\/wp-json\/wp\/v2\/categories?post=565033"},{"taxonomy":"post_tag","embeddable":true,"href":"https:\/\/www.dynseo.com\/pt-pt\/wp-json\/wp\/v2\/tags?post=565033"}],"curies":[{"name":"wp","href":"https:\/\/api.w.org\/{rel}","templated":true}]}}