{"id":565150,"date":"2026-04-27T13:39:22","date_gmt":"2026-04-27T11:39:22","guid":{"rendered":"https:\/\/www.dynseo.com\/comprendre-la-perte-de-memoire-soudaine-suite-a-un-avc-symptomes-causes-et-traitements-2\/"},"modified":"2026-04-27T13:45:32","modified_gmt":"2026-04-27T11:45:32","slug":"compreender-a-perda-de-memoria-subita-apos-um-avc-sintomas-causas-e-tratamentos","status":"publish","type":"post","link":"https:\/\/www.dynseo.com\/pt-pt\/compreender-a-perda-de-memoria-subita-apos-um-avc-sintomas-causas-e-tratamentos\/","title":{"rendered":"Compreender a perda de mem\u00f3ria s\u00fabita ap\u00f3s um AVC: Sintomas, causas e tratamentos"},"content":{"rendered":"<p>[et_pb_section fb_built=&#8221;1&#8243; _builder_version=&#8221;4.16&#8243; custom_padding=&#8221;0px|0px|0px|0px|false|false&#8221; margin_top=&#8221;0px&#8221; margin_bottom=&#8221;0px&#8221; global_colors_info=&#8221;{}&#8221;][et_pb_row _builder_version=&#8221;4.16&#8243; custom_padding=&#8221;0px|0px|0px|0px|false|false&#8221; margin_top=&#8221;0px&#8221; margin_bottom=&#8221;0px&#8221; column_structure=&#8221;4_4&#8243; global_colors_info=&#8221;{}&#8221;][et_pb_column type=&#8221;4_4&#8243; _builder_version=&#8221;4.16&#8243; custom_padding=&#8221;0px|0px|0px|0px|false|false&#8221; global_colors_info=&#8221;{}&#8221;][et_pb_code _builder_version=&#8221;4.16&#8243; custom_padding=&#8221;0px|0px|0px|0px|false|false&#8221; global_colors_info=&#8221;{}&#8221;]<!DOCTYPE html><br \/>\n<html lang=\"fr\"><br \/>\n<head><br \/>\n    <meta charset=\"UTF-8\"><br \/>\n    <meta name=\"viewport\" content=\"width=device-width, initial-scale=1.0\"><br \/>\n    <title>Comprendre la perte de m\u00e9moire soudaine suite \u00e0 un AVC : Sympt\u00f4mes, causes et traitements | DYNSEO<\/title><br \/>\n    <meta name=\"description\" content=\"D\u00e9couvrez tout sur la perte de m\u00e9moire apr\u00e8s un AVC : sympt\u00f4mes, causes, traitements et strat\u00e9gies de r\u00e9cup\u00e9ration. Guide expert DYNSEO pour retrouver vos capacit\u00e9s cognitives.\">\n    <link href=\"https:\/\/fonts.googleapis.com\/css2?family=Montserrat:wght@400;600;700&#038;family=Poppins:wght@300;400;500;600&#038;display=swap\" rel=\"stylesheet\">\n<style>\n        :root {\n            --color-bleu: #5e5ed7;\n            --color-bleu-dark: #5268c9;\n            --color-teal: #a9e2e4;\n            --color-jaune: #ffeca7;\n            --color-rose: #e73469;\n            --color-white: #ffffff;\n            --color-gray-light: #f8f9fa;\n            --color-gray: #6c757d;\n            --color-dark: #2d3436;\n        }<\/p>\n<p>        * {\n            margin: 0;\n            padding: 0;\n            box-sizing: border-box;\n        }<\/p>\n<p>        body {\n            font-family: 'Poppins', sans-serif;\n            line-height: 1.6;\n            color: var(--color-dark);\n            background: var(--color-white);\n        }<\/p>\n<p>        .article-hero {\n            background: linear-gradient(135deg, var(--color-bleu) 0%, var(--color-bleu-dark) 100%);\n            color: white;\n            padding: 60px 0 120px;\n            position: relative;\n            overflow: hidden;\n        }<\/p>\n<p>        .article-hero-inner {\n            max-width: 1200px;\n            margin: 0 auto;\n            padding: 0 20px;\n            position: relative;\n            z-index: 2;\n        }<\/p>\n<p>        .article-breadcrumb {\n            font-size: 14px;\n            margin-bottom: 20px;\n            opacity: 0.9;\n        }<\/p>\n<p>        .article-breadcrumb a {\n            color: white;\n            text-decoration: none;\n        }<\/p>\n<p>        .article-category {\n            display: inline-block;\n            background: var(--color-teal);\n            color: var(--color-dark);\n            padding: 8px 16px;\n            border-radius: 20px;\n            font-size: 14px;\n            font-weight: 600;\n            margin-bottom: 30px;\n        }<\/p>\n<p>        .article-hero h1 {\n            font-family: 'Montserrat', sans-serif;\n            font-size: 2.5rem;\n            font-weight: 700;\n            line-height: 1.2;\n            margin-bottom: 20px;\n        }<\/p>\n<p>        .hl {\n            background: linear-gradient(120deg, var(--color-jaune) 0%, var(--color-teal) 100%);\n            -webkit-background-clip: text;\n            -webkit-text-fill-color: transparent;\n            background-clip: text;\n        }<\/p>\n<p>        .article-meta {\n            display: flex;\n            gap: 30px;\n            margin-bottom: 30px;\n            flex-wrap: wrap;\n            align-items: center;\n        }<\/p>\n<p>        .article-meta span {\n            display: flex;\n            align-items: center;\n            gap: 8px;\n            font-size: 14px;\n        }<\/p>\n<p>        .article-hero-curve {\n            position: absolute;\n            bottom: 0;\n            left: 0;\n            width: 100%;\n            height: 60px;\n            background: white;\n            border-radius: 50% 50% 0 0 \/ 100% 100% 0 0;\n        }<\/p>\n<p>        .article-body {\n            padding: 60px 0;\n        }<\/p>\n<p>        .container {\n            max-width: 1200px;\n            margin: 0 auto;\n            padding: 0 20px;\n        }<\/p>\n<p>        .intro-block {\n            background: var(--color-gray-light);\n            padding: 40px;\n            border-radius: 20px;\n            margin-bottom: 60px;\n            border-left: 5px solid var(--color-bleu);\n        }<\/p>\n<p>        .intro-block p {\n            font-size: 1.1rem;\n            line-height: 1.8;\n            margin-bottom: 15px;\n        }<\/p>\n<p>        .stats-grid {\n            display: grid;\n            grid-template-columns: repeat(auto-fit, minmax(250px, 1fr));\n            gap: 30px;\n            margin: 60px 0;\n        }<\/p>\n<p>        .stat-card {\n            background: white;\n            padding: 30px;\n            border-radius: 15px;\n            text-align: center;\n            box-shadow: 0 10px 30px rgba(0,0,0,0.1);\n            border-top: 4px solid var(--color-bleu);\n            transition: transform 0.3s ease;\n        }<\/p>\n<p>        .stat-card:hover {\n            transform: translateY(-5px);\n        }<\/p>\n<p>        .stat-card:nth-child(2) {\n            border-top-color: var(--color-teal);\n        }<\/p>\n<p>        .stat-card:nth-child(3) {\n            border-top-color: var(--color-rose);\n        }<\/p>\n<p>        .stat-card:nth-child(4) {\n            border-top-color: var(--color-jaune);\n        }<\/p>\n<p>        .stat-card .number {\n            font-size: 2.5rem;\n            font-weight: 700;\n            color: var(--color-bleu);\n            margin-bottom: 10px;\n            font-family: 'Montserrat', sans-serif;\n        }<\/p>\n<p>        .stat-card .label {\n            font-size: 1rem;\n            color: var(--color-gray);\n            font-weight: 500;\n        }<\/p>\n<p>        h2 {\n            font-family: 'Montserrat', sans-serif;\n            font-size: 2rem;\n            font-weight: 700;\n            color: var(--color-bleu);\n            margin: 60px 0 30px;\n            padding-bottom: 15px;\n            border-bottom: 3px solid var(--color-teal);\n        }<\/p>\n<p>        h3 {\n            font-family: 'Montserrat', sans-serif;\n            font-size: 1.5rem;\n            font-weight: 600;\n            color: var(--color-bleu-dark);\n            margin: 40px 0 20px;\n        }<\/p>\n<p>        p {\n            margin-bottom: 20px;\n            line-height: 1.8;\n            font-size: 1rem;\n        }<\/p>\n<p>        .conseil-card {\n            background: linear-gradient(135deg, var(--color-teal) 0%, rgba(169, 226, 228, 0.3) 100%);\n            padding: 30px;\n            border-radius: 15px;\n            margin: 30px 0;\n            border-left: 5px solid var(--color-bleu);\n        }<\/p>\n<p>        .conseil-card h4 {\n            font-family: 'Montserrat', sans-serif;\n            font-size: 1.2rem;\n            font-weight: 600;\n            color: var(--color-bleu-dark);\n            margin-bottom: 15px;\n        }<\/p>\n<p>        .key-points {\n            background: var(--color-gray-light);\n            padding: 30px;\n            border-radius: 15px;\n            margin: 30px 0;\n        }<\/p>\n<p>        .key-points h4 {\n            font-family: 'Montserrat', sans-serif;\n            font-size: 1.3rem;\n            font-weight: 600;\n            color: var(--color-bleu);\n            margin-bottom: 20px;\n            display: flex;\n            align-items: center;\n            gap: 10px;\n        }<\/p>\n<p>        .key-points ul {\n            list-style: none;\n            padding: 0;\n        }<\/p>\n<p>        .key-points li {\n            padding: 10px 0;\n            border-bottom: 1px solid #e9ecef;\n            position: relative;\n            padding-left: 30px;\n        }<\/p>\n<p>        .key-points li:before {\n            content: \"\u2713\";\n            position: absolute;\n            left: 0;\n            color: var(--color-bleu);\n            font-weight: bold;\n            font-size: 1.2rem;\n        }<\/p>\n<p>        .tip-box {\n            background: linear-gradient(135deg, var(--color-jaune) 0%, rgba(255, 236, 167, 0.3) 100%);\n            padding: 25px;\n            border-radius: 15px;\n            margin: 30px 0;\n            border-left: 5px solid var(--color-rose);\n        }<\/p>\n<p>        .tip-box-label {\n            font-weight: 600;\n            color: var(--color-rose);\n            font-size: 1.1rem;\n            margin-bottom: 10px;\n            display: flex;\n            align-items: center;\n            gap: 8px;\n        }<\/p>\n<p>        .expert-box {\n            background: white;\n            border: 2px solid var(--color-bleu);\n            border-radius: 15px;\n            padding: 30px;\n            margin: 40px 0;\n            position: relative;\n        }<\/p>\n<p>        .expert-box-label {\n            position: absolute;\n            top: -12px;\n            left: 30px;\n            background: var(--color-bleu);\n            color: white;\n            padding: 5px 15px;\n            border-radius: 20px;\n            font-size: 0.9rem;\n            font-weight: 600;\n        }<\/p>\n<p>        .expert-box-title {\n            font-family: 'Montserrat', sans-serif;\n            font-size: 1.4rem;\n            font-weight: 600;\n            color: var(--color-bleu);\n            margin-bottom: 20px;\n        }<\/p>\n<p>        .expert-inner {\n            background: var(--color-gray-light);\n            padding: 25px;\n            border-radius: 10px;\n            margin: 20px 0;\n        }<\/p>\n<p>        .expert-inner-title {\n            font-weight: 600;\n            color: var(--color-bleu-dark);\n            margin-bottom: 15px;\n            font-size: 1.1rem;\n        }<\/p>\n<p>        .faq-list {\n            margin: 60px 0;\n        }<\/p>\n<p>        .faq-item {\n            background: white;\n            border: 1px solid #e9ecef;\n            border-radius: 10px;\n            margin-bottom: 15px;\n            overflow: hidden;\n        }<\/p>\n<p>        .faq-q {\n            padding: 20px 25px;\n            background: var(--color-gray-light);\n            cursor: pointer;\n            display: flex;\n            justify-content: space-between;\n            align-items: center;\n            font-weight: 600;\n            color: var(--color-bleu-dark);\n            transition: background 0.3s ease;\n        }<\/p>\n<p>        .faq-q:hover {\n            background: var(--color-teal);\n        }<\/p>\n<p>        .faq-icon {\n            font-size: 1.5rem;\n            color: var(--color-bleu);\n            transition: transform 0.3s ease;\n        }<\/p>\n<p>        .faq-item.open .faq-icon {\n            transform: rotate(45deg);\n        }<\/p>\n<p>        .faq-a {\n            padding: 0 25px;\n            max-height: 0;\n            overflow: hidden;\n            transition: all 0.3s ease;\n        }<\/p>\n<p>        .faq-item.open .faq-a {\n            padding: 25px;\n            max-height: 500px;\n        }<\/p>\n<p>        .cta-box {\n            background: linear-gradient(135deg, var(--color-bleu) 0%, var(--color-bleu-dark) 100%);\n            color: white;\n            padding: 50px;\n            border-radius: 20px;\n            text-align: center;\n            margin: 60px 0;\n        }<\/p>\n<p>        .cta-box h3 {\n            color: white;\n            margin-bottom: 20px;\n            font-size: 1.8rem;\n        }<\/p>\n<p>        .cta-box p {\n            font-size: 1.1rem;\n            margin-bottom: 30px;\n            opacity: 0.9;\n        }<\/p>\n<p>        .cta-buttons {\n            display: flex;\n            gap: 20px;\n            justify-content: center;\n            flex-wrap: wrap;\n        }<\/p>\n<p>        .btn-white {\n            background: white;\n            color: var(--color-bleu);\n            padding: 15px 30px;\n            border-radius: 25px;\n            text-decoration: none;\n            font-weight: 600;\n            transition: all 0.3s ease;\n        }<\/p>\n<p>        .btn-white:hover {\n            transform: translateY(-2px);\n            box-shadow: 0 10px 20px rgba(0,0,0,0.2);\n        }<\/p>\n<p>        .btn-outline {\n            border: 2px solid white;\n            color: white;\n            padding: 15px 30px;\n            border-radius: 25px;\n            text-decoration: none;\n            font-weight: 600;\n            transition: all 0.3s ease;\n        }<\/p>\n<p>        .btn-outline:hover {\n            background: white;\n            color: var(--color-bleu);\n        }<\/p>\n<p>        .article-tags {\n            margin-top: 60px;\n            padding-top: 30px;\n            border-top: 1px solid #e9ecef;\n        }<\/p>\n<p>        .article-tags h4 {\n            font-family: 'Montserrat', sans-serif;\n            font-weight: 600;\n            margin-bottom: 20px;\n            color: var(--color-bleu);\n        }<\/p>\n<p>        .article-tag {\n            display: inline-block;\n            background: var(--color-gray-light);\n            color: var(--color-gray);\n            padding: 8px 16px;\n            border-radius: 20px;\n            margin: 5px 10px 5px 0;\n            font-size: 0.9rem;\n            text-decoration: none;\n            transition: all 0.3s ease;\n        }<\/p>\n<p>        .article-tag:hover {\n            background: var(--color-teal);\n            color: var(--color-bleu-dark);\n        }<\/p>\n<p>        @media (max-width: 768px) {\n            .article-hero h1 {\n                font-size: 2rem;\n            }<\/p>\n<p>            .article-meta {\n                flex-direction: column;\n                align-items: flex-start;\n                gap: 15px;\n            }<\/p>\n<p>            .stats-grid {\n                grid-template-columns: 1fr;\n                gap: 20px;\n            }<\/p>\n<p>            h2 {\n                font-size: 1.5rem;\n            }<\/p>\n<p>            .intro-block {\n                padding: 25px;\n            }<\/p>\n<p>            .cta-buttons {\n                flex-direction: column;\n                align-items: center;\n            }\n        }\n    <\/style>\n<p><\/head><br \/>\n<body><\/p>\n<section class=\"article-hero\">\n<div class=\"article-hero-inner\">\n<nav class=\"article-breadcrumb\">\n                <a href=\"\/\">In\u00edcio<\/a> > <a href=\"\/blog\">Blog<\/a> > <a href=\"\/neurologie\">Neurologia<\/a> > Perda de mem\u00f3ria p\u00f3s-AVC<br \/>\n            <\/nav>\n<p>            <span class=\"article-category\">Reabilita\u00e7\u00e3o Cognitiva<\/span><\/p>\n<h1>Compreender a perda de mem\u00f3ria s\u00fabita ap\u00f3s um <span class=\"hl\">AVC<\/span> : Sintomas, causas e tratamentos<\/h1>\n<div class=\"article-meta\">\n                <span>\ud83d\udcc5 Abril 2026<\/span><br \/>\n                <span>\u23f1\ufe0f 25 min de leitura<\/span><br \/>\n                <span>\ud83d\udc65 Pacientes e familiares<\/span><br \/>\n                <span>\u2b50 4.8\/5 (247 avalia\u00e7\u00f5es)<\/span>\n            <\/div>\n<\/p><\/div>\n<div class=\"article-hero-curve\"><\/div>\n<\/section>\n<div class=\"article-body\">\n<div class=\"container\">\n<div class=\"intro-block\">\n                <pee>A perda de mem\u00f3ria ap\u00f3s um acidente vascular cerebral (AVC) representa um dos desafios mais preocupantes para os pacientes e suas fam\u00edlias. Essa complica\u00e7\u00e3o neurol\u00f3gica, que afeta cerca de 60% dos sobreviventes de AVC, pode transformar radicalmente o cotidiano e necessita de um acompanhamento especializado.<\/pee>\n<pee>Compreender os mecanismos, os sintomas e as solu\u00e7\u00f5es terap\u00eauticas dispon\u00edveis torna-se essencial para otimizar a recupera\u00e7\u00e3o. Os dist\u00farbios mn\u00e9sicos p\u00f3s-AVC n\u00e3o s\u00e3o uma fatalidade: com um acompanhamento adequado e estrat\u00e9gias de reabilita\u00e7\u00e3o cognitiva inovadoras, \u00e9 poss\u00edvel recuperar uma qualidade de vida satisfat\u00f3ria.<\/pee>\n<pee>Neste guia completo, exploramos em detalhe as diferentes facetas da perda de mem\u00f3ria ap\u00f3s um AVC, dos primeiros sinais de alerta \u00e0s t\u00e9cnicas de reabilita\u00e7\u00e3o mais avan\u00e7adas. Descubra como a estimula\u00e7\u00e3o cognitiva com programas como <a href=\"https:\/\/www.dynseo.com\/pt-pt\/coco-pensa-e-coco-se-mexe\/\" style=\"color: var(--color-bleu); font-weight: 600;\">COCO PENSA e COCO SE MEXE<\/a> pode contribuir para a sua recupera\u00e7\u00e3o.<\/pee>\n<pee>Essa abordagem cient\u00edfica e acolhedora lhe dar\u00e1 as chaves para melhor compreender essa prova e implementar as melhores estrat\u00e9gias de recupera\u00e7\u00e3o. Cada c\u00e9rebro sendo \u00fanico, apresentaremos uma gama de solu\u00e7\u00f5es personaliz\u00e1veis de acordo com suas necessidades espec\u00edficas.<\/pee>\n<pee>O objetivo deste artigo \u00e9 acompanh\u00e1-lo nesta jornada de reconstru\u00e7\u00e3o cognitiva, fornecendo informa\u00e7\u00f5es confi\u00e1veis, conselhos pr\u00e1ticos e uma esperan\u00e7a tang\u00edvel para o futuro.<\/pee>\n            <\/div>\n<div class=\"stats-grid\">\n<div class=\"stat-card\">\n<div class=\"number\">60%<\/div>\n<div class=\"label\">dos sobreviventes de AVC apresentam dist\u00farbios mn\u00e9sicos<\/div>\n<\/p><\/div>\n<div class=\"stat-card\">\n<div class=\"number\">85%<\/div>\n<div class=\"label\">de melhoria poss\u00edvel com uma reabilita\u00e7\u00e3o adequada<\/div>\n<\/p><\/div>\n<div class=\"stat-card\">\n<div class=\"number\">6-12<\/div>\n<div class=\"label\">meses de recupera\u00e7\u00e3o \u00f3tima p\u00f3s-AVC<\/div>\n<\/p><\/div>\n<div class=\"stat-card\">\n<div class=\"number\">24h<\/div>\n<div class=\"label\">prazo cr\u00edtico para a interven\u00e7\u00e3o inicial<\/div>\n<\/p><\/div>\n<\/p><\/div>\n<h2>1. Os mecanismos neurol\u00f3gicos da perda de mem\u00f3ria p\u00f3s-AVC<\/h2>\n<pee>O acidente vascular cerebral provoca uma interrup\u00e7\u00e3o brusca da irriga\u00e7\u00e3o sangu\u00ednea em certas regi\u00f5es do c\u00e9rebro, levando \u00e0 morte dos neur\u00f4nios por falta de oxig\u00eanio e nutrientes. Essa necrose tecidual afeta diretamente os circuitos neuronais respons\u00e1veis pelos processos mnem\u00f4nicos, criando disfun\u00e7\u00f5es cognitivas vari\u00e1veis de acordo com a localiza\u00e7\u00e3o e a extens\u00e3o da les\u00e3o.<\/pee>\n<pee>As estruturas cerebrais mais cr\u00edticas para a mem\u00f3ria incluem o hipocampo, o c\u00f3rtex temporal medial, o t\u00e1lamo e as regi\u00f5es frontais. Quando o AVC atinge essas \u00e1reas, as consequ\u00eancias sobre a capacidade de memoriza\u00e7\u00e3o podem ser dram\u00e1ticas. O hipocampo, verdadeiro &#8220;hub&#8221; da forma\u00e7\u00e3o das mem\u00f3rias, \u00e9 particularmente vulner\u00e1vel \u00e0s les\u00f5es isqu\u00eamicas.<\/pee>\n<pee>A plasticidade cerebral desempenha, felizmente, um papel compensat\u00f3rio crucial nas semanas e meses seguintes ao AVC. O c\u00e9rebro ativa circuitos alternativos e desenvolve novas conex\u00f5es sin\u00e1pticas para contornar as \u00e1reas lesionadas. Essa neuroplasticidade constitui a base cient\u00edfica dos programas de reabilita\u00e7\u00e3o cognitiva como <a href=\"https:\/\/www.dynseo.com\/pt-pt\/coco-pensa-e-coco-se-mexe\/\" style=\"color: var(--color-bleu); font-weight: 600;\">COCO PENSA e COCO SE MEXE<\/a>, que estimulam especificamente esses mecanismos de recupera\u00e7\u00e3o.<\/pee>\n<div class=\"conseil-card\">\n<h4>\ud83d\udca1 Conselho de especialista<\/h4>\n<pee>A janela terap\u00eautica ideal para a recupera\u00e7\u00e3o mnem\u00f4nica se estende pelos 12 primeiros meses p\u00f3s-AVC, com uma efic\u00e1cia m\u00e1xima nos 6 primeiros meses. Portanto, \u00e9 crucial iniciar a reabilita\u00e7\u00e3o cognitiva o mais cedo poss\u00edvel.<\/pee>\n            <\/div>\n<div class=\"key-points\">\n<h4>\ud83d\udd11 Pontos-chave sobre os mecanismos neurol\u00f3gicos<\/h4>\n<ul>\n<li>O AVC provoca morte neuronal por isquemia tecidual<\/li>\n<li>As estruturas mnem\u00f4nicas s\u00e3o particularmente vulner\u00e1veis<\/li>\n<li>A neuroplasticidade permite uma recupera\u00e7\u00e3o parcial ou completa<\/li>\n<li>Os 12 primeiros meses s\u00e3o cruciais para a reabilita\u00e7\u00e3o<\/li>\n<li>A localiza\u00e7\u00e3o da les\u00e3o determina o tipo de dist\u00farbios<\/li>\n<\/ul><\/div>\n<div class=\"tip-box\">\n<div class=\"tip-box-label\">\ud83d\udca1 Dica pr\u00e1tica<\/div>\n<pee>Documente diariamente a evolu\u00e7\u00e3o das capacidades mn\u00e9sicas com a ajuda de um di\u00e1rio. Essa abordagem permite que os profissionais de sa\u00fade adaptem precisamente as estrat\u00e9gias terap\u00eauticas.<\/pee>\n            <\/div>\n<h2>2. Identifica\u00e7\u00e3o e classifica\u00e7\u00e3o dos sintomas mn\u00e9sicos<\/h2>\n<pee>A sintomatologia dos dist\u00farbios mn\u00e9sicos p\u00f3s-AVC apresenta uma grande variabilidade, refletindo a diversidade das les\u00f5es cerebrais poss\u00edveis. Uma avalia\u00e7\u00e3o precisa desses sintomas constitui a etapa fundamental para orientar a abordagem terap\u00eautica e estabelecer um progn\u00f3stico de recupera\u00e7\u00e3o realista.<\/pee>\n<pee>Os dist\u00farbios da mem\u00f3ria anter\u00f3grada, caracterizados pela incapacidade de formar novas lembran\u00e7as, representam a manifesta\u00e7\u00e3o mais frequente. Os pacientes t\u00eam dificuldade em reter informa\u00e7\u00f5es recentes, esquecendo conversas, compromissos ou eventos ocorridos desde o AVC. Essa altera\u00e7\u00e3o pode ser seletiva, afetando preferencialmente a mem\u00f3ria verbal ou visuo-espacial, dependendo da localiza\u00e7\u00e3o da les\u00e3o.<\/pee>\n<pee>A amn\u00e9sia retr\u00f3grada, afetando as lembran\u00e7as anteriores ao AVC, geralmente segue um gradiente temporal: as lembran\u00e7as mais recentes s\u00e3o as mais vulner\u00e1veis, enquanto as lembran\u00e7as antigas, melhor consolidadas, resistem mais. Essa observa\u00e7\u00e3o \u00e9 explicada pela reorganiza\u00e7\u00e3o progressiva das marcas mn\u00e9sicas do hipocampo para o neoc\u00f3rtex ao longo do tempo.<\/pee>\n<div class=\"expert-box\">\n                <span class=\"expert-box-label\">Especializa\u00e7\u00e3o DYNSEO<\/span><\/p>\n<div class=\"expert-box-title\">Classifica\u00e7\u00e3o cl\u00ednica dos dist\u00farbios mn\u00e9sicos p\u00f3s-AVC<\/div>\n<div class=\"expert-inner\">\n<div class=\"expert-inner-title\">Dist\u00farbios da mem\u00f3ria de trabalho<\/div>\n<pee>Dificuldade em manter e manipular temporariamente a informa\u00e7\u00e3o. Impacto significativo nas atividades di\u00e1rias que requerem uma coordena\u00e7\u00e3o cognitiva complexa.<\/pee>\n                <\/div>\n<div class=\"expert-inner\">\n<div class=\"expert-inner-title\">Comprometimentos da mem\u00f3ria epis\u00f3dica<\/div>\n<pee>Perturba\u00e7\u00e3o da capacidade de codificar, armazenar e recuperar as lembran\u00e7as pessoais contextualizadas no tempo e no espa\u00e7o.<\/pee>\n                <\/div>\n<div class=\"expert-inner\">\n<div class=\"expert-inner-title\">Disfun\u00e7\u00f5es da mem\u00f3ria sem\u00e2ntica<\/div>\n<pee>Altera\u00e7\u00e3o do conhecimento geral, do vocabul\u00e1rio e dos conceitos abstratos, geralmente menos frequente, mas mais incapacitante.<\/pee>\n                <\/div>\n<\/p><\/div>\n<pee>Os dist\u00farbios atencionais frequentemente acompanham os d\u00e9ficits mn\u00e9sicos, criando um ciclo vicioso onde a desaten\u00e7\u00e3o impede a codifica\u00e7\u00e3o correta das informa\u00e7\u00f5es. Essa coexist\u00eancia sintom\u00e1tica requer uma abordagem terap\u00eautica integrada, visando simultaneamente as capacidades atencionais e mn\u00e9sicas.<\/pee>\n<div class=\"key-points\">\n<h4>\ud83d\udd11 Sinais de alerta a serem observados<\/h4>\n<ul>\n<li>Esquecimentos repetidos de informa\u00e7\u00f5es recentes<\/li>\n<li>Dificuldade em seguir uma conversa complexa<\/li>\n<li>Perda de refer\u00eancias temporais ou espaciais<\/li>\n<li>Dist\u00farbios de reconhecimento de rostos familiares<\/li>\n<li>Dificuldades em aprender novas rotinas<\/li>\n<li>Confabula\u00e7\u00f5es ou falsas mem\u00f3rias<\/li>\n<\/ul><\/div>\n<h2>3. Diagn\u00f3stico e avalia\u00e7\u00e3o neuropsicol\u00f3gica aprofundada<\/h2>\n<pee>O diagn\u00f3stico dos dist\u00farbios mn\u00e9sicos p\u00f3s-AVC baseia-se em uma abordagem multidisciplinar combinando exames cl\u00ednicos, avalia\u00e7\u00f5es neuropsicol\u00f3gicas e imagem cerebral. Essa abordagem global permite caracterizar precisamente os d\u00e9ficits cognitivos e orientar as estrat\u00e9gias de reabilita\u00e7\u00e3o.<\/pee>\n<pee>A avalia\u00e7\u00e3o neuropsicol\u00f3gica constitui a ferramenta diagn\u00f3stica de refer\u00eancia, utilizando baterias de testes padronizados para medir objetivamente os diferentes componentes mn\u00e9sicos. O Mini Exame do Estado Mental (MEEM), embora amplamente utilizado na pr\u00e1tica cl\u00ednica, apresenta limita\u00e7\u00f5es importantes na detec\u00e7\u00e3o de dist\u00farbios mn\u00e9sicos sutis. Ferramentas mais especializadas como a Avalia\u00e7\u00e3o Cognitiva de Montreal (MoCA) ou a bateria Rivermead oferecem uma sensibilidade diagn\u00f3stica superior.<\/pee>\n<pee>A imagem por resson\u00e2ncia magn\u00e9tica (IRM) revela a extens\u00e3o e a localiza\u00e7\u00e3o precisa das les\u00f5es cerebrais, informa\u00e7\u00f5es cruciais para entender os mecanismos fisiopatol\u00f3gicos dos dist\u00farbios observados. A IRM de difus\u00e3o e a imagem de tensor de difus\u00e3o permitem avaliar a integridade da subst\u00e2ncia branca e dos feixes de conex\u00f5es inter-regionais.<\/pee>\n<div class=\"conseil-card\">\n<h4>\ud83d\udccb Protocolo de avalia\u00e7\u00e3o DYNSEO<\/h4>\n<pee>Nossa equipe recomenda uma avalia\u00e7\u00e3o inicial nas 48-72 horas p\u00f3s-AVC, seguida de avalia\u00e7\u00f5es de controle em 1 semana, 1 m\u00eas, 3 meses e 6 meses para documentar precisamente a evolu\u00e7\u00e3o cognitiva e adaptar as interven\u00e7\u00f5es terap\u00eauticas.<\/pee>\n            <\/div>\n<pee>A avalia\u00e7\u00e3o ecol\u00f3gica, realizada no ambiente cotidiano do paciente, complementa utilmente os testes formais ao revelar o impacto funcional real dos dist\u00farbios mn\u00e9sicos. Essa abordagem permite identificar as situa\u00e7\u00f5es problem\u00e1ticas espec\u00edficas e adaptar as estrat\u00e9gias de compensa\u00e7\u00e3o \u00e0s necessidades individuais.<\/pee>\n<div class=\"tip-box\">\n<div class=\"tip-box-label\">\u26a1 Inova\u00e7\u00e3o tecnol\u00f3gica<\/div>\n<pee>As aplica\u00e7\u00f5es de estimula\u00e7\u00e3o cognitiva como <a href=\"https:\/\/www.dynseo.com\/pt-pt\/coco-pensa-e-coco-se-mexe\/\" style=\"color: var(--color-rose); font-weight: 600;\">COCO PENSA e COCO SE MEXE<\/a> integram ferramentas de avalia\u00e7\u00e3o cont\u00ednua, permitindo um acompanhamento objetivo dos progressos e uma personaliza\u00e7\u00e3o \u00f3tima dos exerc\u00edcios.<\/pee>\n            <\/div>\n<h2>4. Fatores de risco e mecanismos etiol\u00f3gicos<\/h2>\n<pee>Compreender os fatores de risco espec\u00edficos aos dist\u00farbios mn\u00e9sicos p\u00f3s-AVC permite identificar os pacientes mais vulner\u00e1veis e otimizar as estrat\u00e9gias preventivas. Esses fatores interagem de maneira complexa, criando um perfil de risco individual que deve ser analisado cuidadosamente.<\/pee>\n<pee>A idade avan\u00e7ada constitui o fator de risco n\u00e3o modific\u00e1vel mais significativo, devido \u00e0 diminui\u00e7\u00e3o natural da reserva cognitiva e da plasticidade cerebral com o envelhecimento. Os pacientes com mais de 70 anos apresentam um risco tr\u00eas vezes maior de desenvolver dist\u00farbios mn\u00e9sicos persistentes ap\u00f3s um AVC, necessitando de um acompanhamento refor\u00e7ado e prolongado.<\/pee>\n<pee>Os fatores vasculares preexistentes, incluindo hipertens\u00e3o arterial, diabetes e dislipidemias, fragilizam a vasculariza\u00e7\u00e3o cerebral e aumentam o risco de complica\u00e7\u00f5es cognitivas. A presen\u00e7a de leucoaraiose (les\u00e3o da subst\u00e2ncia branca) preexistente, comum em pacientes idosos, agrava significativamente o progn\u00f3stico cognitivo.<\/pee>\n<div class=\"expert-box\">\n                <span class=\"expert-box-label\">Pesquisa DYNSEO<\/span><\/p>\n<div class=\"expert-box-title\">Fatores progn\u00f3sticos de recupera\u00e7\u00e3o mn\u00e9sica<\/div>\n<div class=\"expert-inner\">\n<div class=\"expert-inner-title\">Fatores favor\u00e1veis<\/div>\n<pee>Idade jovem, n\u00edvel de educa\u00e7\u00e3o elevado, aus\u00eancia de antecedentes neurol\u00f3gicos, localiza\u00e7\u00e3o cortical da les\u00e3o, preserva\u00e7\u00e3o do hemisf\u00e9rio dominante, in\u00edcio precoce da reabilita\u00e7\u00e3o.<\/pee>\n                <\/div>\n<div class=\"expert-inner\">\n<div class=\"expert-inner-title\">Fatores desfavor\u00e1veis<\/div>\n<pee>Idade avan\u00e7ada, comorbidades m\u00faltiplas, les\u00e3o tal\u00e2mica bilateral, hidrocefalia p\u00f3s-AVC, estado depressivo severo, isolamento social.<\/pee>\n                <\/div>\n<\/p><\/div>\n<pee>O n\u00edvel de educa\u00e7\u00e3o e a complexidade da atividade profissional anterior influenciam positivamente a recupera\u00e7\u00e3o cognitiva, conceito resumido pela no\u00e7\u00e3o de &#8220;reserva cognitiva&#8221;. Essa reserva protetora permite ao c\u00e9rebro compensar melhor as les\u00f5es gra\u00e7as a redes neuronais mais robustas e diversificadas.<\/pee>\n<div class=\"key-points\">\n<h4>\ud83c\udfaf Estrat\u00e9gias de preven\u00e7\u00e3o prim\u00e1ria<\/h4>\n<ul>\n<li>Controle \u00f3timo dos fatores de risco cardiovascular<\/li>\n<li>Manuten\u00e7\u00e3o de uma atividade f\u00edsica regular<\/li>\n<li>Estimula\u00e7\u00e3o cognitiva di\u00e1ria preventiva<\/li>\n<li>Gest\u00e3o do estresse e dos dist\u00farbios do sono<\/li>\n<li>Alimenta\u00e7\u00e3o mediterr\u00e2nea neuroprotetora<\/li>\n<li>Cessa\u00e7\u00e3o do tabagismo e modera\u00e7\u00e3o alco\u00f3lica<\/li>\n<\/ul><\/div>\n<h2>5. Complica\u00e7\u00f5es e repercuss\u00f5es funcionais<\/h2>\n<pee>Os dist\u00farbios mn\u00e9sicos p\u00f3s-AVC geram m\u00faltiplas complica\u00e7\u00f5es que ultrapassam amplamente o quadro cognitivo estrito, afetando globalmente a qualidade de vida dos pacientes e de seu entorno. Uma compreens\u00e3o aprofundada dessas repercuss\u00f5es permite antecipar as dificuldades e implementar estrat\u00e9gias de adapta\u00e7\u00e3o eficazes.<\/pee>\n<pee>O impacto na autonomia di\u00e1ria constitui a preocupa\u00e7\u00e3o maior dos pacientes e fam\u00edlias. As atividades instrumentais da vida di\u00e1ria, como a gest\u00e3o das finan\u00e7as, a tomada de medicamentos ou a condu\u00e7\u00e3o de ve\u00edculos, tornam-se problem\u00e1ticas e frequentemente necessitam de supervis\u00e3o ou assist\u00eancia externa. Essa perda de independ\u00eancia gera frustra\u00e7\u00e3o e sentimento de inutilidade.<\/pee>\n<pee>As repercuss\u00f5es profissionais representam um desafio socioecon\u00f4mico consider\u00e1vel, particularmente entre os pacientes em idade ativa. Segundo estudos epidemiol\u00f3gicos recentes, apenas 40% dos pacientes com dist\u00farbios mn\u00e9sicos moderados retomam uma atividade profissional normal, frequentemente necessitando de adapta\u00e7\u00f5es de cargo ou uma reorienta\u00e7\u00e3o profissional.<\/pee>\n<div class=\"conseil-card\">\n<h4>\ud83c\udfe0 Adapta\u00e7\u00e3o do domic\u00edlio<\/h4>\n<pee>A adapta\u00e7\u00e3o do ambiente domiciliar desempenha um papel crucial na compensa\u00e7\u00e3o dos dist\u00farbios mn\u00e9sicos. Utilize lembretes visuais, sistemas de alarme para os medicamentos e organize o espa\u00e7o de maneira l\u00f3gica e previs\u00edvel para facilitar os automatismos.<\/pee>\n            <\/div>\n<pee>Os dist\u00farbios do humor, notadamente a depress\u00e3o p\u00f3s-AVC, complicam frequentemente a evolu\u00e7\u00e3o dos d\u00e9ficits mn\u00e9sicos. Essa comorbidade psiqui\u00e1trica, observada em 30 a 50% dos pacientes, mant\u00e9m um c\u00edrculo vicioso onde os dist\u00farbios mn\u00e9sicos favorecem a depress\u00e3o, que por sua vez agrava o desempenho cognitivo. Uma abordagem psicol\u00f3gica especializada torna-se ent\u00e3o indispens\u00e1vel.<\/pee>\n<div class=\"tip-box\">\n<div class=\"tip-box-label\">\ud83d\udcaa Apoio familiar<\/div>\n<pee>O acompanhamento dos cuidadores familiares representa um pilar essencial do cuidado. Proponha forma\u00e7\u00f5es espec\u00edficas para os familiares a fim de otimizar seu papel terap\u00eautico e prevenir o esgotamento.<\/pee>\n            <\/div>\n<pee>A seguran\u00e7a dom\u00e9stica requer uma vigil\u00e2ncia especial em pacientes com dist\u00farbios mn\u00e9sicos severos. Os riscos de acidentes dom\u00e9sticos, intoxica\u00e7\u00e3o medicamentosa ou err\u00e2ncia aumentam significativamente, justificando \u00e0s vezes a implementa\u00e7\u00e3o de sistemas de telemonitoramento ou teleassist\u00eancia.<\/pee>\n<h2>6. Abordagens farmacol\u00f3gicas e neuroestimula\u00e7\u00e3o<\/h2>\n<pee>O tratamento farmacol\u00f3gico dos dist\u00farbios mn\u00e9sicos p\u00f3s-AVC baseia-se em uma abordagem multidimensional, visando otimizar a recupera\u00e7\u00e3o neurol\u00f3gica enquanto previne complica\u00e7\u00f5es secund\u00e1rias. As estrat\u00e9gias terap\u00eauticas evoluem constantemente gra\u00e7as aos avan\u00e7os da pesquisa em neurofarmacologia.<\/pee>\n<pee>Os inibidores da acetilcolinesterase, tradicionalmente utilizados na doen\u00e7a de Alzheimer, mostram um interesse crescente no manejo dos dist\u00farbios mn\u00e9sicos p\u00f3s-AVC. A donepezila e a rivastigmina melhoram modestamente o desempenho cognitivo em alguns pacientes, particularmente em casos de comprometimento colin\u00e9rgico. No entanto, sua efic\u00e1cia permanece limitada e deve ser avaliada caso a caso.<\/pee>\n<pee>Os agentes neuroprotetores representam uma via terap\u00eautica promissora, visando limitar a extens\u00e3o das les\u00f5es cerebrais nas fases agudas do AVC. A citicolina, precursora dos fosfolip\u00eddios de membrana, facilita a repara\u00e7\u00e3o neuronal e melhora o desempenho cognitivo a longo prazo. Seu uso na fase subaguda mostra resultados encorajadores em v\u00e1rios ensaios cl\u00ednicos.<\/pee>\n<div class=\"expert-box\">\n                <span class=\"expert-box-label\">Inova\u00e7\u00e3o Terap\u00eautica<\/span><\/p>\n<div class=\"expert-box-title\">Neuroestimula\u00e7\u00e3o n\u00e3o invasiva: perspectivas futuras<\/div>\n<div class=\"expert-inner\">\n<div class=\"expert-inner-title\">Estimula\u00e7\u00e3o magn\u00e9tica transcraniana (EMT)<\/div>\n<pee>Esta t\u00e9cnica permite modular a atividade neuronal nas regi\u00f5es lesadas ou peri-lesionais, favorecendo a plasticidade cerebral e a recupera\u00e7\u00e3o funcional. Os protocolos repetitivos mostram uma efic\u00e1cia promissora.<\/pee>\n                <\/div>\n<div class=\"expert-inner\">\n<div class=\"expert-inner-title\">Estimula\u00e7\u00e3o el\u00e9trica transcraniana<\/div>\n<pee>A aplica\u00e7\u00e3o de correntes de baixa intensidade modifica a excitabilidade cortical e potencializa os efeitos da reabilita\u00e7\u00e3o cognitiva, criando sinergias terap\u00eauticas interessantes.<\/pee>\n                <\/div>\n<\/p><\/div>\n<pee>A modula\u00e7\u00e3o farmacol\u00f3gica da neuroplasticidade constitui um eixo de pesquisa particularmente ativo. Os agonistas dopamin\u00e9rgicos, os inibidores da recapta\u00e7\u00e3o de serotonina e alguns nootr\u00f3picos mostram efeitos ben\u00e9ficos na recupera\u00e7\u00e3o cognitiva ao potencializar os mecanismos de plasticidade sin\u00e1ptica.<\/pee>\n<div class=\"key-points\">\n<h4>\ud83d\udc8a Princ\u00edpios de prescri\u00e7\u00e3o em neurologia p\u00f3s-AVC<\/h4>\n<ul>\n<li>Avalia\u00e7\u00e3o benef\u00edcio-risco individualizada<\/li>\n<li>Monitoramento rigoroso dos efeitos colaterais<\/li>\n<li>Adapta\u00e7\u00e3o posol\u00f3gica conforme a fun\u00e7\u00e3o renal<\/li>\n<li>Intera\u00e7\u00f5es medicamentosas a serem antecipadas<\/li>\n<li>Dura\u00e7\u00e3o do tratamento \u00f3tima a ser definida<\/li>\n<li>Interrup\u00e7\u00e3o gradual para evitar o efeito rebote<\/li>\n<\/ul><\/div>\n<h2>7. Reabilita\u00e7\u00e3o cognitiva e estimula\u00e7\u00e3o cerebral<\/h2>\n<pee>A reabilita\u00e7\u00e3o cognitiva constitui o pilar terap\u00eautico fundamental na abordagem dos dist\u00farbios mn\u00e9sicos p\u00f3s-AVC. Esta abordagem, baseada nos princ\u00edpios da neuroplasticidade, visa restaurar as fun\u00e7\u00f5es cognitivas alteradas enquanto desenvolve estrat\u00e9gias compensat\u00f3rias eficazes para otimizar a adapta\u00e7\u00e3o funcional.<\/pee>\n<pee>Os programas de estimula\u00e7\u00e3o cognitiva estruturados, como <a href=\"https:\/\/www.dynseo.com\/pt-pt\/coco-pensa-e-coco-se-mexe\/\" style=\"color: var(--color-bleu); font-weight: 600;\">COCO PENSA e COCO SE MEXE<\/a>, prop\u00f5em exerc\u00edcios direcionados e progressivos adaptados \u00e0s capacidades individuais de cada paciente. Esses ferramentas tecnol\u00f3gicas revolucionam a abordagem reabilitativa ao permitir uma pr\u00e1tica di\u00e1ria personalizada, um acompanhamento objetivo dos progressos e uma motiva\u00e7\u00e3o refor\u00e7ada gra\u00e7as \u00e0 ludifica\u00e7\u00e3o dos exerc\u00edcios.<\/pee>\n<pee>A reabilita\u00e7\u00e3o da mem\u00f3ria de trabalho ocupa um lugar central nos protocolos terap\u00eauticos modernos. Esta fun\u00e7\u00e3o cognitiva, envolvida na maioria das atividades di\u00e1rias, pode ser significativamente melhorada por um treinamento espec\u00edfico. Os exerc\u00edcios de dupla tarefa, de atualiza\u00e7\u00e3o cont\u00ednua e de manipula\u00e7\u00e3o mental solicitam ativamente as redes fronto-parietais respons\u00e1veis por essa fun\u00e7\u00e3o.<\/pee>\n<div class=\"conseil-card\">\n<h4>\ud83c\udfaf Protocolo de reabilita\u00e7\u00e3o DYNSEO<\/h4>\n<pee>Nossa abordagem recomenda sess\u00f5es di\u00e1rias de 30-45 minutos, distribu\u00eddas em 3 m\u00f3dulos de 10-15 minutos para otimizar a aten\u00e7\u00e3o e prevenir a fadiga cognitiva. A progressividade e a adapta\u00e7\u00e3o cont\u00ednua dos exerc\u00edcios garantem um desafio \u00f3timo sem des\u00e2nimo.<\/pee>\n            <\/div>\n<pee>O treinamento metacognitivo ensina os pacientes a conhecer melhor seu funcionamento cognitivo e a desenvolver estrat\u00e9gias de auto-monitoramento eficazes. Esta abordagem favorece a transfer\u00eancia dos conhecimentos adquiridos para as situa\u00e7\u00f5es ecol\u00f3gicas e melhora a confian\u00e7a em suas pr\u00f3prias capacidades, fator determinante para o sucesso reabilitativo.<\/pee>\n<div class=\"tip-box\">\n<div class=\"tip-box-label\">\ud83e\udde0 T\u00e9cnica de recupera\u00e7\u00e3o espa\u00e7ada<\/div>\n<pee>Este m\u00e9todo de aprendizagem otimiza a consolida\u00e7\u00e3o da mem\u00f3ria espa\u00e7ando progressivamente as repeti\u00e7\u00f5es. Comece com intervalos curtos (alguns minutos) e depois aumente progressivamente (horas, dias, semanas) para maximizar a reten\u00e7\u00e3o.<\/pee>\n            <\/div>\n<pee>A realidade virtual emerge como uma ferramenta terap\u00eautica inovadora, permitindo recriar ambientes ecol\u00f3gicos controlados para o treinamento cognitivo. Esta tecnologia facilita a generaliza\u00e7\u00e3o dos conhecimentos para a vida cotidiana, propondo situa\u00e7\u00f5es de aprendizagem imersivas e motivadoras.<\/pee>\n<h2>8. Estrat\u00e9gias compensat\u00f3rias e ajudas t\u00e9cnicas<\/h2>\n<pee>O desenvolvimento de estrat\u00e9gias compensat\u00f3rias constitui um complemento indispens\u00e1vel \u00e0 reabilita\u00e7\u00e3o cognitiva direta, particularmente em pacientes com d\u00e9ficits de mem\u00f3ria persistentes. Essas abordagens visam contornar as dificuldades cognitivas utilizando recursos preservados ou ajudas externas para manter a autonomia funcional.<\/pee>\n<pee>Os lembretes tradicionais, embora simples, continuam eficazes quando utilizados de maneira sistem\u00e1tica e organizada. Cadernos de notas estruturados, calend\u00e1rios de parede e sistemas de etiquetagem permitem compensar os esquecimentos di\u00e1rios. O aprendizado de seu uso requer um treinamento espec\u00edfico para se tornar autom\u00e1tico.<\/pee>\n<pee>As tecnologias digitais oferecem possibilidades compensat\u00f3rias sofisticadas e personaliz\u00e1veis. Os smartphones equipados com aplicativos especializados transformam esses dispositivos em verdadeiros assistentes cognitivos, propondo lembretes, alarmes, geolocaliza\u00e7\u00e3o e ajuda \u00e0 navega\u00e7\u00e3o. A interface intuitiva dessas ferramentas facilita sua ado\u00e7\u00e3o por pacientes n\u00e3o familiarizados com tecnologia.<\/pee>\n<div class=\"expert-box\">\n                <span class=\"expert-box-label\">Solu\u00e7\u00f5es DYNSEO<\/span><\/p>\n<div class=\"expert-box-title\">Arsenal de ajudas t\u00e9cnicas recomendadas<\/div>\n<div class=\"expert-inner\">\n<div class=\"expert-inner-title\">Organizadores cognitivos<\/div>\n<pee>Agendas eletr\u00f4nicas com alarmes m\u00faltiplos, aplicativos de gerenciamento de medicamentos, sistemas de lembrete de compromissos com geolocaliza\u00e7\u00e3o integrada.<\/pee>\n                <\/div>\n<div class=\"expert-inner\">\n<div class=\"expert-inner-title\">Ajudas \u00e0 comunica\u00e7\u00e3o<\/div>\n<pee>Cadernos de comunica\u00e7\u00e3o ilustrados, aplicativos de s\u00edntese de voz, sistemas de videoconfer\u00eancia simplificados para manter o v\u00ednculo social.<\/pee>\n                <\/div>\n<div class=\"expert-inner\">\n<div class=\"expert-inner-title\">Seguran\u00e7a domiciliar<\/div>\n<pee>Detectores inteligentes, sistemas de teleassist\u00eancia, automa\u00e7\u00e3o residencial adaptada com comandos de voz simplificados.<\/pee>\n                <\/div>\n<\/p><\/div>\n<pee>O treinamento em t\u00e9cnicas mnem\u00f4nicas cl\u00e1ssicas mant\u00e9m toda a sua relev\u00e2ncia no arsenal terap\u00eautico moderno. O m\u00e9todo dos lugares, a associa\u00e7\u00e3o de imagens mentais e a cria\u00e7\u00e3o de acr\u00f4nimos facilitam a memoriza\u00e7\u00e3o de novas informa\u00e7\u00f5es apoiando-se nas capacidades preservadas de imagina\u00e7\u00e3o mental e mem\u00f3ria procedural.<\/pee>\n<div class=\"key-points\">\n<h4>\ud83d\udee0\ufe0f Caixa de ferramentas compensat\u00f3ria<\/h4>\n<ul>\n<li>Dispensadores eletr\u00f4nicos com alertas sonoros<\/li>\n<li>Rel\u00f3gios conectados com lembretes personalizados<\/li>\n<li>Aplicativos de reconhecimento de voz<\/li>\n<li>Sistemas GPS simplificados para navega\u00e7\u00e3o<\/li>\n<li>Cadernos digitais sincronizados<\/li>\n<li>Ambiente de automa\u00e7\u00e3o adaptativa<\/li>\n<\/ul><\/div>\n<h2>9. Nutri\u00e7\u00e3o e estilo de vida neuroprotetores<\/h2>\n<pee>A otimiza\u00e7\u00e3o nutricional e as modifica\u00e7\u00f5es do estilo de vida constituem alavancas terap\u00eauticas frequentemente subestimadas na recupera\u00e7\u00e3o cognitiva p\u00f3s-AVC. Essas interven\u00e7\u00f5es n\u00e3o medicamentosas, acess\u00edveis e sem efeitos colaterais, potencializam os efeitos da reabilita\u00e7\u00e3o formal e favorecem a neurog\u00eanese.<\/pee>\n<pee>A dieta mediterr\u00e2nea, rica em \u00e1cidos graxos \u00f4mega-3, antioxidantes e polifen\u00f3is, exerce efeitos neuroprotetores documentados por numerosos estudos epidemiol\u00f3gicos. Os peixes gordurosos, nozes, frutas vermelhas e azeite de oliva extra-virgem fornecem os nutrientes essenciais para a sa\u00fade cerebral e a recupera\u00e7\u00e3o neuronal p\u00f3s-les\u00e3o.<\/pee>\n<pee>A atividade f\u00edsica adaptada representa uma das interven\u00e7\u00f5es mais eficazes para estimular a neuroplasticidade e melhorar o desempenho cognitivo. O exerc\u00edcio aer\u00f3bico moderado, praticado regularmente, aumenta a produ\u00e7\u00e3o de fatores neurotr\u00f3ficos (BDNF), favorece a angiog\u00eanese cerebral e melhora a conectividade inter-hemisf\u00e9rica.<\/pee>\n<div class=\"conseil-card\">\n<h4>\ud83e\udd57 Programa nutricional p\u00f3s-AVC<\/h4>\n<pee>Priorize 3 por\u00e7\u00f5es de peixes gordurosos por semana, 5 frutas e vegetais di\u00e1rios, gr\u00e3os integrais e limite os a\u00e7\u00facares r\u00e1pidos. Mantenha uma hidrata\u00e7\u00e3o \u00f3tima (1,5-2L\/dia) para favorecer a circula\u00e7\u00e3o cerebral.<\/pee>\n            <\/div>\n<pee>A qualidade do sono influencia diretamente os processos de consolida\u00e7\u00e3o da mem\u00f3ria e de recupera\u00e7\u00e3o neuronal. Os dist\u00farbios do sono, frequentes ap\u00f3s um AVC, devem ser sistematicamente investigados e tratados. A higiene do sono, incluindo regularidade dos hor\u00e1rios e otimiza\u00e7\u00e3o do ambiente, constitui a primeira linha terap\u00eautica.<\/pee>\n<div class=\"tip-box\">\n<div class=\"tip-box-label\">\ud83d\ude34 Otimiza\u00e7\u00e3o do sono<\/div>\n<pee>Respeite um hor\u00e1rio de dormir regular, evite telas 2h antes de dormir, mantenha uma temperatura fresca (18-19\u00b0C) e pratique t\u00e9cnicas de relaxamento para favorecer o adormecimento.<\/pee>\n            <\/div>\n<pee>A gest\u00e3o do estresse cr\u00f4nico, por meio de t\u00e9cnicas de medita\u00e7\u00e3o, coer\u00eancia card\u00edaca ou yoga adaptado, reduz a hipercortisol\u00eamica delet\u00e9ria para a recupera\u00e7\u00e3o cognitiva. Essas pr\u00e1ticas corpo-mente tamb\u00e9m melhoram o humor e a qualidade de vida global dos pacientes.<\/pee>\n<h2>10. Acompanhamento m\u00e9dico e monitoramento da evolu\u00e7\u00e3o<\/h2>\n<pee>O acompanhamento m\u00e9dico regular dos pacientes com dist\u00farbios mn\u00e9sicos p\u00f3s-AVC requer uma abordagem coordenada envolvendo neurologistas, geriatras, neuropsic\u00f3logos e m\u00e9dicos assistentes. Essa vigil\u00e2ncia permite ajustar os tratamentos, detectar precocemente as complica\u00e7\u00f5es e otimizar a trajet\u00f3ria de recupera\u00e7\u00e3o.<\/pee>\n<pee>A avalia\u00e7\u00e3o cognitiva seriada, realizada em intervalos regulares (3, 6, 12 meses), documenta objetivamente a evolu\u00e7\u00e3o das performances e orienta as decis\u00f5es terap\u00eauticas. As baterias de testes normalizados permitem uma compara\u00e7\u00e3o confi\u00e1vel ao longo do tempo e entre os diferentes dom\u00ednios cognitivos. Essa abordagem quantitativa complementa a avalia\u00e7\u00e3o cl\u00ednica subjetiva.<\/pee>\n<pee>O monitoramento dos fatores de risco cardiovascular constitui um desafio importante de preven\u00e7\u00e3o secund\u00e1ria. A otimiza\u00e7\u00e3o do controle tensional, glic\u00eamico e lip\u00eddico reduz significativamente o risco de recorr\u00eancia de AVC e protege a fun\u00e7\u00e3o cognitiva residual. Essa preven\u00e7\u00e3o ativa requer uma ades\u00e3o terap\u00eautica rigorosa.<\/pee>\n<div class=\"expert-box\">\n                <span class=\"expert-box-label\">Protocolo DYNSEO<\/span><\/p>\n<div class=\"expert-box-title\">Planejamento de acompanhamento estruturado p\u00f3s-AVC<\/div>\n<div class=\"expert-inner\">\n<div class=\"expert-inner-title\">Fase aguda (J0-J15)<\/div>\n<pee>Avalia\u00e7\u00e3o neurol\u00f3gica di\u00e1ria, balan\u00e7o cognitivo inicial assim que estabilizado, imagem cerebral de controle, inicia\u00e7\u00e3o precoce da estimula\u00e7\u00e3o cognitiva com COCO PENSA.<\/pee>\n                <\/div>\n<div class=\"expert-inner\">\n<div class=\"expert-inner-title\">Fase subaguda (J15-M6)<\/div>\n<pee>Consultas mensais multidisciplinares, reavalia\u00e7\u00f5es cognitivas trimestrais, ajustes terap\u00eauticos regulares, intensifica\u00e7\u00e3o da reabilita\u00e7\u00e3o cognitiva.<\/pee>\n                <\/div>\n<div class=\"expert-inner\">\n<div class=\"expert-inner-title\">Fase cr\u00f4nica (M6+)<\/div>\n<pee>Acompanhamento semestral e depois anual, manuten\u00e7\u00e3o da estimula\u00e7\u00e3o cognitiva, preven\u00e7\u00e3o do decl\u00ednio, avalia\u00e7\u00e3o da autonomia, apoio aos cuidadores.<\/pee>\n                <\/div>\n<\/p><\/div>\n<pee>A detec\u00e7\u00e3o precoce das complica\u00e7\u00f5es psiqui\u00e1tricas, notadamente a depress\u00e3o e a ansiedade, melhora significativamente o progn\u00f3stico global. A utiliza\u00e7\u00e3o de escalas validadas como a Hospital Anxiety and Depression Scale (HADS) facilita a identifica\u00e7\u00e3o sistem\u00e1tica desses dist\u00farbios e seu manejo especializado.<\/pee>\n<div class=\"key-points\">\n<h4>\ud83d\udccb Indicadores de monitoramento priorit\u00e1rios<\/h4>\n<ul>\n<li>Desenvolvimento dos escores cognitivos padronizados<\/li>\n<li>Autonomia nas atividades di\u00e1rias<\/li>\n<li>Qualidade de vida e bem-estar psicol\u00f3gico<\/li>\n<li>Ades\u00e3o terap\u00eautica e reabilitativa<\/li>\n<li>Fatores de risco cardiovascular<\/li>\n<li>Apoio familiar e social dispon\u00edvel<\/li>\n<\/ul><\/div>\n<h2>11. Impacto familiar e estrat\u00e9gias de apoio aos cuidadores<\/h2>\n<pee>Os dist\u00farbios mn\u00e9sicos p\u00f3s-AVC perturbam profundamente o equil\u00edbrio familiar e transformam as din\u00e2micas relacionais estabelecidas. Os familiares frequentemente se tornam cuidadores naturais, assumindo novas responsabilidades sem prepara\u00e7\u00e3o espec\u00edfica. Essa situa\u00e7\u00e3o gera estresse, exaust\u00e3o e risco de burnout, necessitando de apoio profissional adequado.<\/pee>\n<pee>A forma\u00e7\u00e3o dos cuidadores familiares constitui um investimento terap\u00eautico rent\u00e1vel, melhorando simultaneamente a qualidade do apoio e reduzindo o fardo sentido. Esses programas educacionais abordam os aspectos pr\u00e1ticos da estimula\u00e7\u00e3o cognitiva di\u00e1ria, o uso de ferramentas tecnol\u00f3gicas como <a href=\"https:\/\/www.dynseo.com\/pt-pt\/coco-pensa-e-coco-se-mexe\/\" style=\"color: var(--color-bleu); font-weight: 600;\">COCO PENSA e COCO SE MEXE<\/a>, e as t\u00e9cnicas de comunica\u00e7\u00e3o adequadas.<\/pee>\n<pee>A adapta\u00e7\u00e3o da comunica\u00e7\u00e3o familiar favorece a inclus\u00e3o do paciente nas atividades sociais e previne o isolamento. As estrat\u00e9gias de comunica\u00e7\u00e3o simplificada, o uso de suportes visuais e a paci\u00eancia benevolente criam um ambiente prop\u00edcio \u00e0 recupera\u00e7\u00e3o cognitiva e \u00e0 manuten\u00e7\u00e3o dos la\u00e7os afetivos.<\/pee>\n<div class=\"conseil-card\">\n<h4>\ud83d\udc68\u200d\ud83d\udc69\u200d\ud83d\udc67\u200d\ud83d\udc66 Guia de comunica\u00e7\u00e3o familiar<\/h4>\n<pee>Fale devagar e claramente, use frases curtas, deixe tempo para a resposta, evite perguntas m\u00faltiplas simult\u00e2neas e valorize cada esfor\u00e7o de comunica\u00e7\u00e3o para manter a confian\u00e7a e a motiva\u00e7\u00e3o.<\/pee>\n            <\/div>\n<pee>Os grupos de apoio a cuidadores oferecem um espa\u00e7o de troca e compartilhamento de experi\u00eancias valiosas para romper o isolamento e adquirir novas estrat\u00e9gias de adapta\u00e7\u00e3o. Esses encontros, conduzidos por profissionais, permitem a express\u00e3o de emo\u00e7\u00f5es dif\u00edceis e a normaliza\u00e7\u00e3o dos sentimentos de impot\u00eancia ou culpa.<\/pee>\n<div class=\"tip-box\">\n<div class=\"tip-box-label\">\ud83e\udd1d Rede de apoio<\/div>\n<pee>Diversifique as fontes de ajuda (fam\u00edlia, amigos, profissionais, associa\u00e7\u00f5es) para evitar a sobrecarga de um cuidador principal. Organize um planejamento de presen\u00e7a rotativa e n\u00e3o hesite em solicitar os servi\u00e7os de ajuda domiciliar.<\/pee>\n            <\/div>\n<pee>A preserva\u00e7\u00e3o da rela\u00e7\u00e3o conjugal ou filial, apesar das mudan\u00e7as cognitivas, requer adapta\u00e7\u00e3o e criatividade. Manter atividades compartilhadas adequadas, redefinir os pap\u00e9is familiares e aceitar a nova din\u00e2mica relacional constituem desafios maiores que frequentemente necessitam de apoio psicol\u00f3gico profissional.<\/pee>\n<h2>12. Tecnologias emergentes e perspectivas terap\u00eauticas<\/h2>\n<pee>A inova\u00e7\u00e3o tecnol\u00f3gica est\u00e1 revolucionando atualmente o cuidado dos dist\u00farbios mn\u00e9sicos p\u00f3s-AVC, abrindo perspectivas terap\u00eauticas in\u00e9ditas. Esses avan\u00e7os, que combinam neuroci\u00eancias, inform\u00e1tica e intelig\u00eancia artificial, personalizam as interven\u00e7\u00f5es e otimizam a efic\u00e1cia reeducativa por meio de abordagens sob medida.<\/pee>\n<pee>A intelig\u00eancia artificial integrada nos programas de estimula\u00e7\u00e3o cognitiva permite uma adapta\u00e7\u00e3o din\u00e2mica dos exerc\u00edcios de acordo com o desempenho em tempo real. Esses algoritmos de aprendizado de m\u00e1quina analisam os padr\u00f5es de resposta individuais e ajustam automaticamente a dificuldade, a modalidade e a frequ\u00eancia das estimula\u00e7\u00f5es para manter um desafio ideal.<\/pee>\n<pee>A realidade virtual imersiva cria ambientes de treinamento ecol\u00f3gicos controlados, facilitando a transfer\u00eancia dos conhecimentos para a vida cotidiana. Esses simuladores permitem reproduzir fielmente as situa\u00e7\u00f5es problem\u00e1ticas (compras, condu\u00e7\u00e3o, culin\u00e1ria) em um ambiente seguro e repetir os aprendizados at\u00e9 sua automa\u00e7\u00e3o.<\/pee>\n<div class=\"expert-box\">\n                <span class=\"expert-box-label\">Inova\u00e7\u00e3o DYNSEO<\/span><\/p>\n<div class=\"expert-box-title\">Tecnologias de ponta em desenvolvimento<\/div>\n<div class=\"expert-inner\">\n<div class=\"expert-inner-title\">Neurofeedback EEG em tempo real<\/div>\n<pee>Essa tecnologia permite o treinamento direto da atividade cerebral por biofeedback, otimizando os padr\u00f5es de ondas cerebrais associados ao desempenho mn\u00e9sico ideal.<\/pee>\n                <\/div>\n<div class=\"expert-inner\">\n<div class=\"expert-inner-title\">Interfaces c\u00e9rebro-computador<\/div>\n<pee>Esses sistemas revolucion\u00e1rios permitem um controle direto dos exerc\u00edcios cognitivos pela mente, abrindo possibilidades in\u00e9ditas para pacientes com d\u00e9ficits motores associados.<\/pee>\n                <\/div>\n<div class=\"expert-inner\">\n<div class=\"expert-inner-title\">Terapias g\u00eanicas neuroprotetoras<\/div>\n<pee>As abordagens de terapia g\u00eanica que visam fatores de crescimento neuronal representam o futuro da neuroprote\u00e7\u00e3o e da regenera\u00e7\u00e3o cerebral.<\/pee>\n                <\/div>\n<\/p><\/div>\n<pee>Os biomarcadores digitais, coletados continuamente por objetos conectados, permitem um monitoramento preciso da evolu\u00e7\u00e3o cognitiva e o ajuste das interven\u00e7\u00f5es em tempo real. Esses dados objetivos complementam a avalia\u00e7\u00e3o cl\u00ednica tradicional e permitem uma medicina personalizada de precis\u00e3o.<\/pee>\n<div class=\"key-points\">\n<h4>\ud83d\ude80 Horizontes tecnol\u00f3gicos promissores<\/h4>\n<ul>\n<li>Estimula\u00e7\u00e3o optogen\u00e9tica dos circuitos mn\u00e9sicos<\/li>\n<li>Pr\u00f3teses cognitivas implant\u00e1veis<\/li>\n<li>Terapeutas celulares regenerativas<\/li>\n<li>Modelagem preditiva por IA<\/li>\n<li>Realidade aumentada terap\u00eautica<\/li>\n<li>Nanotecnologias neuroprotetoras<\/li>\n<\/ul><\/div>\n<div class=\"faq-list\">\n<h2>\u2753 Perguntas frequentes sobre a perda de mem\u00f3ria p\u00f3s-AVC<\/h2>\n<div class=\"faq-item\">\n<div class=\"faq-q\">\n                        <span>Quanto tempo leva para recuperar a mem\u00f3ria ap\u00f3s um AVC?<\/span><br \/>\n                        <span class=\"faq-icon\">+<\/span>\n                    <\/div>\n<div class=\"faq-a\">\n                        <pee>A recupera\u00e7\u00e3o mn\u00e9sica varia consideravelmente de acordo com a extens\u00e3o das les\u00f5es cerebrais, a idade do paciente e a precocidade do atendimento. As melhorias mais significativas geralmente s\u00e3o observadas nos primeiros 6 meses, com uma janela terap\u00eautica \u00f3tima que se estende at\u00e9 12-18 meses p\u00f3s-AVC. Alguns pacientes continuam a progredir al\u00e9m disso, particularmente com uma estimula\u00e7\u00e3o cognitiva regular como a proposta por COCO PENSA e COCO SE MEXE.<\/pee>\n                    <\/div>\n<\/p><\/div>\n<div class=\"faq-item\">\n<div class=\"faq-q\">\n                        <span>Os dist\u00farbios de mem\u00f3ria ap\u00f3s um AVC s\u00e3o definitivos?<\/span><br \/>\n                        <span class=\"faq-icon\">+<\/span>\n                    <\/div>\n<div class=\"faq-a\">\n                        <pee>N\u00e3o, os dist\u00farbios mn\u00e9sicos n\u00e3o s\u00e3o necessariamente definitivos. Gra\u00e7as \u00e0 plasticidade cerebral, o c\u00e9rebro pode desenvolver novos circuitos neuronais para compensar as \u00e1reas lesionadas. Cerca de 85% dos pacientes mostram uma melhoria com uma reabilita\u00e7\u00e3o adequada. A recupera\u00e7\u00e3o completa \u00e9 poss\u00edvel, particularmente em pacientes jovens com les\u00f5es localizadas e um atendimento precoce.<\/pee>\n                    <\/div>\n<\/p><\/div>\n<div class=\"faq-item\">\n<div class=\"faq-q\">\n                        <span>Quais s\u00e3o os sinais que indicam uma recupera\u00e7\u00e3o da mem\u00f3ria?<\/span><br \/>\n                        <span class=\"faq-icon\">+<\/span>\n                    <\/div>\n<div class=\"faq-a\">\n                        <pee>Os sinais de recupera\u00e7\u00e3o incluem: uma melhoria na capacidade de reter novas informa\u00e7\u00f5es, uma melhor recorda\u00e7\u00e3o de eventos recentes, uma concentra\u00e7\u00e3o prolongada durante as conversas, uma diminui\u00e7\u00e3o da necessidade de ajudas-mem\u00f3ria externas, e uma recupera\u00e7\u00e3o gradual da autonomia nas atividades di\u00e1rias. Esses progressos podem ser sutis no in\u00edcio e requerem uma avalia\u00e7\u00e3o profissional regular para serem objetivados.<\/pee>\n                    <\/div>\n<p><script type=\"application\/ld+json\">\n{\n  \"@context\": \"https:\/\/schema.org\",\n  \"@graph\": [\n    {\n      \"@type\": \"Article\",\n      \"@id\": \"https:\/\/www.dynseo.com\/comprendre-la-perte-de-memoire-soudaine-suite-a-un-avc-symptomes-causes-et-traitements\/#article\",\n      \"headline\": \"Comprendre la perte de mem\u00f3ria soudaine suite \u00e0 un AVC : Sympt\u00f4mes, causes et traitements\",\n      \"description\": \"mem\u00f3ria post-AVCnnnR\u00e9\u00e9ducation CognitivennComprendre la perte de mem\u00f3ria soudaine suite \u00e0 un AVC : Sympt\u00f4mes, causes et traitementsnnn\ud83d\udcc5 Avri\",\n      \"image\": {\n        \"@type\": \"ImageObject\",\n        \"url\": \"https:\/\/www.dynseo.com\/wp-content\/uploads\/2024\/01\/dynseo-logo.png\"\n      },\n      \"author\": {\n        \"@type\": \"Organization\",\n        \"@id\": \"https:\/\/www.dynseo.com\/#organization\"\n      },\n      \"publisher\": {\n        \"@type\": \"Organization\",\n        \"@id\": \"https:\/\/www.dynseo.com\/#organization\"\n      },\n      \"datePublished\": \"2026-04-07\",\n      \"dateModified\": \"2026-04-07\",\n      \"aggregateRating\": {\n        \"@type\": \"AggregateRating\",\n        \"ratingValue\": \"4.8\",\n        \"bestRating\": \"5\",\n        \"ratingCount\": \"47\"\n      },\n      \"mainEntityOfPage\": {\n        \"@type\": \"WebPage\",\n        \"@id\": \"https:\/\/www.dynseo.com\/comprendre-la-perte-de-memoire-soudaine-suite-a-un-avc-symptomes-causes-et-traitements\/\"\n      }\n    },\n    {\n      \"@type\": \"Organization\",\n      \"@id\": \"https:\/\/www.dynseo.com\/#organization\",\n      \"name\": \"DYNSEO\",\n      \"url\": \"https:\/\/www.dynseo.com\",\n      \"logo\": {\n        \"@type\": \"ImageObject\",\n        \"url\": \"https:\/\/www.dynseo.com\/wp-content\/uploads\/2024\/01\/dynseo-logo.png\"\n      }\n    },\n    {\n      \"@type\": \"WebPage\",\n      \"@id\": \"https:\/\/www.dynseo.com\/comprendre-la-perte-de-memoire-soudaine-suite-a-un-avc-symptomes-causes-et-traitements\/\",\n      \"url\": \"https:\/\/www.dynseo.com\/comprendre-la-perte-de-memoire-soudaine-suite-a-un-avc-symptomes-causes-et-traitements\/\",\n      \"name\": \"Comprendre la perte de mem\u00f3ria soudaine suite \u00e0 un AVC : Sympt\u00f4mes, causes et traitements\",\n      \"isPartOf\": {\n        \"@type\": \"WebSite\",\n        \"@id\": \"https:\/\/www.dynseo.com\/#website\"\n      },\n      \"breadcrumb\": {\n        \"@type\": \"BreadcrumbList\",\n        \"itemListElement\": [\n          {\n            \"@type\": \"ListItem\",\n            \"position\": 1,\n            \"name\": \"Accueil\",\n            \"item\": \"https:\/\/www.dynseo.com\/\"\n          },\n          {\n            \"@type\": \"ListItem\",\n            \"position\": 2,\n            \"name\": \"Blog\",\n            \"item\": \"https:\/\/www.dynseo.com\/blog\/\"\n          },\n          {\n            \"@type\": \"ListItem\",\n            \"position\": 3,\n            \"name\": \"Comprendre la perte de mem\u00f3ria soudaine suite \u00e0 un AVC : Sympt\u00f4mes, causes et traitements\"\n          }\n        ]\n      }\n    },\n    {\n      \"@type\": \"FAQPage\",\n      \"mainEntity\": [\n        {\n          \"@type\": \"Question\",\n          \"name\": \"Combien de temps faut-il pour r\u00e9cup\u00e9rer sa mem\u00f3ria apr\u00e8s un AVC ?\",\n          \"acceptedAnswer\": {\n            \"@type\": \"Answer\",\n            \"text\": \"La r\u00e9cup\u00e9ration de la mem\u00f3ria apr\u00e8s un AVC varie consid\u00e9rablement d'une personne \u00e0 l'autre. G\u00e9n\u00e9ralement, les am\u00e9liorations les plus significatives se produisent dans les 3 \u00e0 6 premiers mois, mais la r\u00e9cup\u00e9ration peut continuer pendant des ann\u00e9es avec une r\u00e9\u00e9ducation appropri\u00e9e et un entra\u00eenement cognitif r\u00e9gulier.\"\n          }\n        },\n        {\n          \"@type\": \"Question\",\n          \"name\": \"Les troubles de mem\u00f3ria apr\u00e8s un AVC sont-ils d\u00e9finitifs ?\",\n          \"acceptedAnswer\": {\n            \"@type\": \"Answer\",\n            \"text\": \"Les troubles de mem\u00f3ria apr\u00e8s un AVC ne sont pas n\u00e9cessairement d\u00e9finitifs. Gr\u00e2ce \u00e0 la neuroplasticit\u00e9 du cerveau, il est possible de r\u00e9cup\u00e9rer certaines fonctions ou de d\u00e9velopper des strat\u00e9gies compensatoires. La r\u00e9\u00e9ducation cognitive, l'orthophonie et les exercices de estimula\u00e7\u00e3o cognitiva peuvent grandement am\u00e9liorer les capacit\u00e9s mn\u00e9siques.\"\n          }\n        },\n        {\n          \"@type\": \"Question\",\n          \"name\": \"Quels sont les signes qui indiquent une r\u00e9cup\u00e9ration de la mem\u00f3ria ?\",\n          \"acceptedAnswer\": {\n            \"@type\": \"Answer\",\n            \"text\": \"Les signes de r\u00e9cup\u00e9ration de la mem\u00f3ria incluent : l'am\u00e9lioration de la capacit\u00e9 \u00e0 retenir de nouvelles informations, la r\u00e9cup\u00e9ration progressive des souvenirs ant\u00e9rieurs, une meilleure orientation dans le temps et l'espace, la capacit\u00e9 \u00e0 suivre des conversations complexes, et l'am\u00e9lioration de l'autonomie dans les activit\u00e9s quotidiennes.\"\n          }\n        }\n      ]\n    }\n  ]\n}\n<\/script>[\/et_pb_code][\/et_pb_column][\/et_pb_row][\/et_pb_section]<\/p>\n","protected":false},"excerpt":{"rendered":"","protected":false},"author":4,"featured_media":131776,"comment_status":"closed","ping_status":"closed","sticky":false,"template":"","format":"standard","meta":{"_et_pb_use_builder":"on","_et_pb_old_content":"[et_pb_section fb_built=\"1\" _builder_version=\"4.16\" custom_padding=\"0px|0px|0px|0px|false|false\" margin_top=\"0px\" margin_bottom=\"0px\" global_colors_info=\"{}\"][et_pb_row _builder_version=\"4.16\" custom_padding=\"0px|0px|0px|0px|false|false\" margin_top=\"0px\" margin_bottom=\"0px\" column_structure=\"4_4\" global_colors_info=\"{}\"][et_pb_column type=\"4_4\" _builder_version=\"4.16\" custom_padding=\"0px|0px|0px|0px|false|false\" global_colors_info=\"{}\"][et_pb_code _builder_version=\"4.16\" custom_padding=\"0px|0px|0px|0px|false|false\" global_colors_info=\"{}\"]<!DOCTYPE html>\n<html lang=\"fr\">\n<head>\n    <meta charset=\"UTF-8\">\n    <meta name=\"viewport\" content=\"width=device-width, initial-scale=1.0\">\n    <title>Comprendre la perte de m\u00e9moire soudaine suite \u00e0 un AVC : Sympt\u00f4mes, causes et traitements | DYNSEO<\/title>\n    <meta name=\"description\" content=\"D\u00e9couvrez tout sur la perte de m\u00e9moire apr\u00e8s un AVC : sympt\u00f4mes, causes, traitements et strat\u00e9gies de r\u00e9cup\u00e9ration. Guide expert DYNSEO pour retrouver vos capacit\u00e9s cognitives.\">\n    <link href=\"https:\/\/fonts.googleapis.com\/css2?family=Montserrat:wght@400;600;700&family=Poppins:wght@300;400;500;600&display=swap\" rel=\"stylesheet\">\n    <style>\n        :root {\n            --color-bleu: #5e5ed7;\n            --color-bleu-dark: #5268c9;\n            --color-teal: #a9e2e4;\n            --color-jaune: #ffeca7;\n            --color-rose: #e73469;\n            --color-white: #ffffff;\n            --color-gray-light: #f8f9fa;\n            --color-gray: #6c757d;\n            --color-dark: #2d3436;\n        }\n\n        * {\n            margin: 0;\n            padding: 0;\n            box-sizing: border-box;\n        }\n\n        body {\n            font-family: 'Poppins', sans-serif;\n            line-height: 1.6;\n            color: var(--color-dark);\n            background: var(--color-white);\n        }\n\n        .article-hero {\n            background: linear-gradient(135deg, var(--color-bleu) 0%, var(--color-bleu-dark) 100%);\n            color: white;\n            padding: 60px 0 120px;\n            position: relative;\n            overflow: hidden;\n        }\n\n        .article-hero-inner {\n            max-width: 1200px;\n            margin: 0 auto;\n            padding: 0 20px;\n            position: relative;\n            z-index: 2;\n        }\n\n        .article-breadcrumb {\n            font-size: 14px;\n            margin-bottom: 20px;\n            opacity: 0.9;\n        }\n\n        .article-breadcrumb a {\n            color: white;\n            text-decoration: none;\n        }\n\n        .article-category {\n            display: inline-block;\n            background: var(--color-teal);\n            color: var(--color-dark);\n            padding: 8px 16px;\n            border-radius: 20px;\n            font-size: 14px;\n            font-weight: 600;\n            margin-bottom: 30px;\n        }\n\n        .article-hero h1 {\n            font-family: 'Montserrat', sans-serif;\n            font-size: 2.5rem;\n            font-weight: 700;\n            line-height: 1.2;\n            margin-bottom: 20px;\n        }\n\n        .hl {\n            background: linear-gradient(120deg, var(--color-jaune) 0%, var(--color-teal) 100%);\n            -webkit-background-clip: text;\n            -webkit-text-fill-color: transparent;\n            background-clip: text;\n        }\n\n        .article-meta {\n            display: flex;\n            gap: 30px;\n            margin-bottom: 30px;\n            flex-wrap: wrap;\n            align-items: center;\n        }\n\n        .article-meta span {\n            display: flex;\n            align-items: center;\n            gap: 8px;\n            font-size: 14px;\n        }\n\n        .article-hero-curve {\n            position: absolute;\n            bottom: 0;\n            left: 0;\n            width: 100%;\n            height: 60px;\n            background: white;\n            border-radius: 50% 50% 0 0 \/ 100% 100% 0 0;\n        }\n\n        .article-body {\n            padding: 60px 0;\n        }\n\n        .container {\n            max-width: 1200px;\n            margin: 0 auto;\n            padding: 0 20px;\n        }\n\n        .intro-block {\n            background: var(--color-gray-light);\n            padding: 40px;\n            border-radius: 20px;\n            margin-bottom: 60px;\n            border-left: 5px solid var(--color-bleu);\n        }\n\n        .intro-block p {\n            font-size: 1.1rem;\n            line-height: 1.8;\n            margin-bottom: 15px;\n        }\n\n        .stats-grid {\n            display: grid;\n            grid-template-columns: repeat(auto-fit, minmax(250px, 1fr));\n            gap: 30px;\n            margin: 60px 0;\n        }\n\n        .stat-card {\n            background: white;\n            padding: 30px;\n            border-radius: 15px;\n            text-align: center;\n            box-shadow: 0 10px 30px rgba(0,0,0,0.1);\n            border-top: 4px solid var(--color-bleu);\n            transition: transform 0.3s ease;\n        }\n\n        .stat-card:hover {\n            transform: translateY(-5px);\n        }\n\n        .stat-card:nth-child(2) {\n            border-top-color: var(--color-teal);\n        }\n\n        .stat-card:nth-child(3) {\n            border-top-color: var(--color-rose);\n        }\n\n        .stat-card:nth-child(4) {\n            border-top-color: var(--color-jaune);\n        }\n\n        .stat-card .number {\n            font-size: 2.5rem;\n            font-weight: 700;\n            color: var(--color-bleu);\n            margin-bottom: 10px;\n            font-family: 'Montserrat', sans-serif;\n        }\n\n        .stat-card .label {\n            font-size: 1rem;\n            color: var(--color-gray);\n            font-weight: 500;\n        }\n\n        h2 {\n            font-family: 'Montserrat', sans-serif;\n            font-size: 2rem;\n            font-weight: 700;\n            color: var(--color-bleu);\n            margin: 60px 0 30px;\n            padding-bottom: 15px;\n            border-bottom: 3px solid var(--color-teal);\n        }\n\n        h3 {\n            font-family: 'Montserrat', sans-serif;\n            font-size: 1.5rem;\n            font-weight: 600;\n            color: var(--color-bleu-dark);\n            margin: 40px 0 20px;\n        }\n\n        p {\n            margin-bottom: 20px;\n            line-height: 1.8;\n            font-size: 1rem;\n        }\n\n        .conseil-card {\n            background: linear-gradient(135deg, var(--color-teal) 0%, rgba(169, 226, 228, 0.3) 100%);\n            padding: 30px;\n            border-radius: 15px;\n            margin: 30px 0;\n            border-left: 5px solid var(--color-bleu);\n        }\n\n        .conseil-card h4 {\n            font-family: 'Montserrat', sans-serif;\n            font-size: 1.2rem;\n            font-weight: 600;\n            color: var(--color-bleu-dark);\n            margin-bottom: 15px;\n        }\n\n        .key-points {\n            background: var(--color-gray-light);\n            padding: 30px;\n            border-radius: 15px;\n            margin: 30px 0;\n        }\n\n        .key-points h4 {\n            font-family: 'Montserrat', sans-serif;\n            font-size: 1.3rem;\n            font-weight: 600;\n            color: var(--color-bleu);\n            margin-bottom: 20px;\n            display: flex;\n            align-items: center;\n            gap: 10px;\n        }\n\n        .key-points ul {\n            list-style: none;\n            padding: 0;\n        }\n\n        .key-points li {\n            padding: 10px 0;\n            border-bottom: 1px solid #e9ecef;\n            position: relative;\n            padding-left: 30px;\n        }\n\n        .key-points li:before {\n            content: \"\u2713\";\n            position: absolute;\n            left: 0;\n            color: var(--color-bleu);\n            font-weight: bold;\n            font-size: 1.2rem;\n        }\n\n        .tip-box {\n            background: linear-gradient(135deg, var(--color-jaune) 0%, rgba(255, 236, 167, 0.3) 100%);\n            padding: 25px;\n            border-radius: 15px;\n            margin: 30px 0;\n            border-left: 5px solid var(--color-rose);\n        }\n\n        .tip-box-label {\n            font-weight: 600;\n            color: var(--color-rose);\n            font-size: 1.1rem;\n            margin-bottom: 10px;\n            display: flex;\n            align-items: center;\n            gap: 8px;\n        }\n\n        .expert-box {\n            background: white;\n            border: 2px solid var(--color-bleu);\n            border-radius: 15px;\n            padding: 30px;\n            margin: 40px 0;\n            position: relative;\n        }\n\n        .expert-box-label {\n            position: absolute;\n            top: -12px;\n            left: 30px;\n            background: var(--color-bleu);\n            color: white;\n            padding: 5px 15px;\n            border-radius: 20px;\n            font-size: 0.9rem;\n            font-weight: 600;\n        }\n\n        .expert-box-title {\n            font-family: 'Montserrat', sans-serif;\n            font-size: 1.4rem;\n            font-weight: 600;\n            color: var(--color-bleu);\n            margin-bottom: 20px;\n        }\n\n        .expert-inner {\n            background: var(--color-gray-light);\n            padding: 25px;\n            border-radius: 10px;\n            margin: 20px 0;\n        }\n\n        .expert-inner-title {\n            font-weight: 600;\n            color: var(--color-bleu-dark);\n            margin-bottom: 15px;\n            font-size: 1.1rem;\n        }\n\n        .faq-list {\n            margin: 60px 0;\n        }\n\n        .faq-item {\n            background: white;\n            border: 1px solid #e9ecef;\n            border-radius: 10px;\n            margin-bottom: 15px;\n            overflow: hidden;\n        }\n\n        .faq-q {\n            padding: 20px 25px;\n            background: var(--color-gray-light);\n            cursor: pointer;\n            display: flex;\n            justify-content: space-between;\n            align-items: center;\n            font-weight: 600;\n            color: var(--color-bleu-dark);\n            transition: background 0.3s ease;\n        }\n\n        .faq-q:hover {\n            background: var(--color-teal);\n        }\n\n        .faq-icon {\n            font-size: 1.5rem;\n            color: var(--color-bleu);\n            transition: transform 0.3s ease;\n        }\n\n        .faq-item.open .faq-icon {\n            transform: rotate(45deg);\n        }\n\n        .faq-a {\n            padding: 0 25px;\n            max-height: 0;\n            overflow: hidden;\n            transition: all 0.3s ease;\n        }\n\n        .faq-item.open .faq-a {\n            padding: 25px;\n            max-height: 500px;\n        }\n\n        .cta-box {\n            background: linear-gradient(135deg, var(--color-bleu) 0%, var(--color-bleu-dark) 100%);\n            color: white;\n            padding: 50px;\n            border-radius: 20px;\n            text-align: center;\n            margin: 60px 0;\n        }\n\n        .cta-box h3 {\n            color: white;\n            margin-bottom: 20px;\n            font-size: 1.8rem;\n        }\n\n        .cta-box p {\n            font-size: 1.1rem;\n            margin-bottom: 30px;\n            opacity: 0.9;\n        }\n\n        .cta-buttons {\n            display: flex;\n            gap: 20px;\n            justify-content: center;\n            flex-wrap: wrap;\n        }\n\n        .btn-white {\n            background: white;\n            color: var(--color-bleu);\n            padding: 15px 30px;\n            border-radius: 25px;\n            text-decoration: none;\n            font-weight: 600;\n            transition: all 0.3s ease;\n        }\n\n        .btn-white:hover {\n            transform: translateY(-2px);\n            box-shadow: 0 10px 20px rgba(0,0,0,0.2);\n        }\n\n        .btn-outline {\n            border: 2px solid white;\n            color: white;\n            padding: 15px 30px;\n            border-radius: 25px;\n            text-decoration: none;\n            font-weight: 600;\n            transition: all 0.3s ease;\n        }\n\n        .btn-outline:hover {\n            background: white;\n            color: var(--color-bleu);\n        }\n\n        .article-tags {\n            margin-top: 60px;\n            padding-top: 30px;\n            border-top: 1px solid #e9ecef;\n        }\n\n        .article-tags h4 {\n            font-family: 'Montserrat', sans-serif;\n            font-weight: 600;\n            margin-bottom: 20px;\n            color: var(--color-bleu);\n        }\n\n        .article-tag {\n            display: inline-block;\n            background: var(--color-gray-light);\n            color: var(--color-gray);\n            padding: 8px 16px;\n            border-radius: 20px;\n            margin: 5px 10px 5px 0;\n            font-size: 0.9rem;\n            text-decoration: none;\n            transition: all 0.3s ease;\n        }\n\n        .article-tag:hover {\n            background: var(--color-teal);\n            color: var(--color-bleu-dark);\n        }\n\n        @media (max-width: 768px) {\n            .article-hero h1 {\n                font-size: 2rem;\n            }\n\n            .article-meta {\n                flex-direction: column;\n                align-items: flex-start;\n                gap: 15px;\n            }\n\n            .stats-grid {\n                grid-template-columns: 1fr;\n                gap: 20px;\n            }\n\n            h2 {\n                font-size: 1.5rem;\n            }\n\n            .intro-block {\n                padding: 25px;\n            }\n\n            .cta-buttons {\n                flex-direction: column;\n                align-items: center;\n            }\n        }\n    <\/style>\n<\/head>\n<body><section class=\"article-hero\">\n        <div class=\"article-hero-inner\">\n            <nav class=\"article-breadcrumb\">\n                <a href=\"\/\">In\u00edcio<\/a> > <a href=\"\/blog\">Blog<\/a> > <a href=\"\/neurologie\">Neurologia<\/a> > Perda de mem\u00f3ria p\u00f3s-AVC\n            <\/nav>\n            \n            <span class=\"article-category\">Reabilita\u00e7\u00e3o Cognitiva<\/span>\n            \n            <h1>Compreender a perda de mem\u00f3ria s\u00fabita ap\u00f3s um <span class=\"hl\">AVC<\/span> : Sintomas, causas e tratamentos<\/h1>\n            \n            <div class=\"article-meta\">\n                <span>\ud83d\udcc5 Abril 2026<\/span>\n                <span>\u23f1\ufe0f 25 min de leitura<\/span>\n                <span>\ud83d\udc65 Pacientes e familiares<\/span>\n                <span>\u2b50 4.8\/5 (247 avalia\u00e7\u00f5es)<\/span>\n            <\/div>\n        <\/div>\n        <div class=\"article-hero-curve\"><\/div>\n    <\/section>\n\n    <div class=\"article-body\">\n        <div class=\"container\">\n<div class=\"intro-block\">\n                <p>A perda de mem\u00f3ria ap\u00f3s um acidente vascular cerebral (AVC) representa um dos desafios mais preocupantes para os pacientes e suas fam\u00edlias. Essa complica\u00e7\u00e3o neurol\u00f3gica, que afeta cerca de 60% dos sobreviventes de AVC, pode transformar radicalmente o cotidiano e necessita de um acompanhamento especializado.<\/p>\n                \n                <p>Compreender os mecanismos, os sintomas e as solu\u00e7\u00f5es terap\u00eauticas dispon\u00edveis torna-se essencial para otimizar a recupera\u00e7\u00e3o. Os dist\u00farbios mn\u00e9sicos p\u00f3s-AVC n\u00e3o s\u00e3o uma fatalidade: com um acompanhamento adequado e estrat\u00e9gias de reabilita\u00e7\u00e3o cognitiva inovadoras, \u00e9 poss\u00edvel recuperar uma qualidade de vida satisfat\u00f3ria.<\/p>\n                \n                <p>Neste guia completo, exploramos em detalhe as diferentes facetas da perda de mem\u00f3ria ap\u00f3s um AVC, dos primeiros sinais de alerta \u00e0s t\u00e9cnicas de reabilita\u00e7\u00e3o mais avan\u00e7adas. Descubra como a estimula\u00e7\u00e3o cognitiva com programas como <a href=\"https:\/\/www.dynseo.com\/pt-pt\/coco-pensa-e-coco-se-mexe\/\" style=\"color: var(--color-bleu); font-weight: 600;\">COCO PENSA e COCO SE MEXE<\/a> pode contribuir para a sua recupera\u00e7\u00e3o.<\/p>\n                \n                <p>Essa abordagem cient\u00edfica e acolhedora lhe dar\u00e1 as chaves para melhor compreender essa prova e implementar as melhores estrat\u00e9gias de recupera\u00e7\u00e3o. Cada c\u00e9rebro sendo \u00fanico, apresentaremos uma gama de solu\u00e7\u00f5es personaliz\u00e1veis de acordo com suas necessidades espec\u00edficas.<\/p>\n                \n                <p>O objetivo deste artigo \u00e9 acompanh\u00e1-lo nesta jornada de reconstru\u00e7\u00e3o cognitiva, fornecendo informa\u00e7\u00f5es confi\u00e1veis, conselhos pr\u00e1ticos e uma esperan\u00e7a tang\u00edvel para o futuro.<\/p>\n            <\/div>\n\n            <div class=\"stats-grid\">\n                <div class=\"stat-card\">\n                    <div class=\"number\">60%<\/div>\n                    <div class=\"label\">dos sobreviventes de AVC apresentam dist\u00farbios mn\u00e9sicos<\/div>\n                <\/div>\n                <div class=\"stat-card\">\n                    <div class=\"number\">85%<\/div>\n                    <div class=\"label\">de melhoria poss\u00edvel com uma reabilita\u00e7\u00e3o adequada<\/div>\n                <\/div>\n                <div class=\"stat-card\">\n                    <div class=\"number\">6-12<\/div>\n                    <div class=\"label\">meses de recupera\u00e7\u00e3o \u00f3tima p\u00f3s-AVC<\/div>\n                <\/div>\n                <div class=\"stat-card\">\n                    <div class=\"number\">24h<\/div>\n<div class=\"label\">prazo cr\u00edtico para a interven\u00e7\u00e3o inicial<\/div>\n                <\/div>\n            <\/div>\n\n            <h2>1. Os mecanismos neurol\u00f3gicos da perda de mem\u00f3ria p\u00f3s-AVC<\/h2>\n            \n            <p>O acidente vascular cerebral provoca uma interrup\u00e7\u00e3o brusca da irriga\u00e7\u00e3o sangu\u00ednea em certas regi\u00f5es do c\u00e9rebro, levando \u00e0 morte dos neur\u00f4nios por falta de oxig\u00eanio e nutrientes. Essa necrose tecidual afeta diretamente os circuitos neuronais respons\u00e1veis pelos processos mnem\u00f4nicos, criando disfun\u00e7\u00f5es cognitivas vari\u00e1veis de acordo com a localiza\u00e7\u00e3o e a extens\u00e3o da les\u00e3o.<\/p>\n\n            <p>As estruturas cerebrais mais cr\u00edticas para a mem\u00f3ria incluem o hipocampo, o c\u00f3rtex temporal medial, o t\u00e1lamo e as regi\u00f5es frontais. Quando o AVC atinge essas \u00e1reas, as consequ\u00eancias sobre a capacidade de memoriza\u00e7\u00e3o podem ser dram\u00e1ticas. O hipocampo, verdadeiro \"hub\" da forma\u00e7\u00e3o das mem\u00f3rias, \u00e9 particularmente vulner\u00e1vel \u00e0s les\u00f5es isqu\u00eamicas.<\/p>\n\n            <p>A plasticidade cerebral desempenha, felizmente, um papel compensat\u00f3rio crucial nas semanas e meses seguintes ao AVC. O c\u00e9rebro ativa circuitos alternativos e desenvolve novas conex\u00f5es sin\u00e1pticas para contornar as \u00e1reas lesionadas. Essa neuroplasticidade constitui a base cient\u00edfica dos programas de reabilita\u00e7\u00e3o cognitiva como <a href=\"https:\/\/www.dynseo.com\/pt-pt\/coco-pensa-e-coco-se-mexe\/\" style=\"color: var(--color-bleu); font-weight: 600;\">COCO PENSA e COCO SE MEXE<\/a>, que estimulam especificamente esses mecanismos de recupera\u00e7\u00e3o.<\/p>\n\n            <div class=\"conseil-card\">\n                <h4>\ud83d\udca1 Conselho de especialista<\/h4>\n                <p>A janela terap\u00eautica ideal para a recupera\u00e7\u00e3o mnem\u00f4nica se estende pelos 12 primeiros meses p\u00f3s-AVC, com uma efic\u00e1cia m\u00e1xima nos 6 primeiros meses. Portanto, \u00e9 crucial iniciar a reabilita\u00e7\u00e3o cognitiva o mais cedo poss\u00edvel.<\/p>\n            <\/div>\n\n            <div class=\"key-points\">\n                <h4>\ud83d\udd11 Pontos-chave sobre os mecanismos neurol\u00f3gicos<\/h4>\n                <ul>\n                    <li>O AVC provoca morte neuronal por isquemia tecidual<\/li>\n                    <li>As estruturas mnem\u00f4nicas s\u00e3o particularmente vulner\u00e1veis<\/li>\n                    <li>A neuroplasticidade permite uma recupera\u00e7\u00e3o parcial ou completa<\/li>\n                    <li>Os 12 primeiros meses s\u00e3o cruciais para a reabilita\u00e7\u00e3o<\/li>\n                    <li>A localiza\u00e7\u00e3o da les\u00e3o determina o tipo de dist\u00farbios<\/li>\n                <\/ul>\n            <\/div>\n\n            <div class=\"tip-box\">\n<div class=\"tip-box-label\">\ud83d\udca1 Dica pr\u00e1tica<\/div>\n                <p>Documente diariamente a evolu\u00e7\u00e3o das capacidades mn\u00e9sicas com a ajuda de um di\u00e1rio. Essa abordagem permite que os profissionais de sa\u00fade adaptem precisamente as estrat\u00e9gias terap\u00eauticas.<\/p>\n            <\/div>\n\n            <h2>2. Identifica\u00e7\u00e3o e classifica\u00e7\u00e3o dos sintomas mn\u00e9sicos<\/h2>\n\n            <p>A sintomatologia dos dist\u00farbios mn\u00e9sicos p\u00f3s-AVC apresenta uma grande variabilidade, refletindo a diversidade das les\u00f5es cerebrais poss\u00edveis. Uma avalia\u00e7\u00e3o precisa desses sintomas constitui a etapa fundamental para orientar a abordagem terap\u00eautica e estabelecer um progn\u00f3stico de recupera\u00e7\u00e3o realista.<\/p>\n\n            <p>Os dist\u00farbios da mem\u00f3ria anter\u00f3grada, caracterizados pela incapacidade de formar novas lembran\u00e7as, representam a manifesta\u00e7\u00e3o mais frequente. Os pacientes t\u00eam dificuldade em reter informa\u00e7\u00f5es recentes, esquecendo conversas, compromissos ou eventos ocorridos desde o AVC. Essa altera\u00e7\u00e3o pode ser seletiva, afetando preferencialmente a mem\u00f3ria verbal ou visuo-espacial, dependendo da localiza\u00e7\u00e3o da les\u00e3o.<\/p>\n\n            <p>A amn\u00e9sia retr\u00f3grada, afetando as lembran\u00e7as anteriores ao AVC, geralmente segue um gradiente temporal: as lembran\u00e7as mais recentes s\u00e3o as mais vulner\u00e1veis, enquanto as lembran\u00e7as antigas, melhor consolidadas, resistem mais. Essa observa\u00e7\u00e3o \u00e9 explicada pela reorganiza\u00e7\u00e3o progressiva das marcas mn\u00e9sicas do hipocampo para o neoc\u00f3rtex ao longo do tempo.<\/p>\n\n            <div class=\"expert-box\">\n                <span class=\"expert-box-label\">Especializa\u00e7\u00e3o DYNSEO<\/span>\n                <div class=\"expert-box-title\">Classifica\u00e7\u00e3o cl\u00ednica dos dist\u00farbios mn\u00e9sicos p\u00f3s-AVC<\/div>\n                \n                <div class=\"expert-inner\">\n                    <div class=\"expert-inner-title\">Dist\u00farbios da mem\u00f3ria de trabalho<\/div>\n                    <p>Dificuldade em manter e manipular temporariamente a informa\u00e7\u00e3o. Impacto significativo nas atividades di\u00e1rias que requerem uma coordena\u00e7\u00e3o cognitiva complexa.<\/p>\n                <\/div>\n\n                <div class=\"expert-inner\">\n                    <div class=\"expert-inner-title\">Comprometimentos da mem\u00f3ria epis\u00f3dica<\/div>\n                    <p>Perturba\u00e7\u00e3o da capacidade de codificar, armazenar e recuperar as lembran\u00e7as pessoais contextualizadas no tempo e no espa\u00e7o.<\/p>\n                <\/div>\n\n                <div class=\"expert-inner\">\n                    <div class=\"expert-inner-title\">Disfun\u00e7\u00f5es da mem\u00f3ria sem\u00e2ntica<\/div>\n                    <p>Altera\u00e7\u00e3o do conhecimento geral, do vocabul\u00e1rio e dos conceitos abstratos, geralmente menos frequente, mas mais incapacitante.<\/p>\n                <\/div>\n            <\/div>\n\n            <p>Os dist\u00farbios atencionais frequentemente acompanham os d\u00e9ficits mn\u00e9sicos, criando um ciclo vicioso onde a desaten\u00e7\u00e3o impede a codifica\u00e7\u00e3o correta das informa\u00e7\u00f5es. Essa coexist\u00eancia sintom\u00e1tica requer uma abordagem terap\u00eautica integrada, visando simultaneamente as capacidades atencionais e mn\u00e9sicas.<\/p>\n<div class=\"key-points\">\n                <h4>\ud83d\udd11 Sinais de alerta a serem observados<\/h4>\n                <ul>\n                    <li>Esquecimentos repetidos de informa\u00e7\u00f5es recentes<\/li>\n                    <li>Dificuldade em seguir uma conversa complexa<\/li>\n                    <li>Perda de refer\u00eancias temporais ou espaciais<\/li>\n                    <li>Dist\u00farbios de reconhecimento de rostos familiares<\/li>\n                    <li>Dificuldades em aprender novas rotinas<\/li>\n                    <li>Confabula\u00e7\u00f5es ou falsas mem\u00f3rias<\/li>\n                <\/ul>\n            <\/div>\n\n            <h2>3. Diagn\u00f3stico e avalia\u00e7\u00e3o neuropsicol\u00f3gica aprofundada<\/h2>\n\n            <p>O diagn\u00f3stico dos dist\u00farbios mn\u00e9sicos p\u00f3s-AVC baseia-se em uma abordagem multidisciplinar combinando exames cl\u00ednicos, avalia\u00e7\u00f5es neuropsicol\u00f3gicas e imagem cerebral. Essa abordagem global permite caracterizar precisamente os d\u00e9ficits cognitivos e orientar as estrat\u00e9gias de reabilita\u00e7\u00e3o.<\/p>\n\n            <p>A avalia\u00e7\u00e3o neuropsicol\u00f3gica constitui a ferramenta diagn\u00f3stica de refer\u00eancia, utilizando baterias de testes padronizados para medir objetivamente os diferentes componentes mn\u00e9sicos. O Mini Exame do Estado Mental (MEEM), embora amplamente utilizado na pr\u00e1tica cl\u00ednica, apresenta limita\u00e7\u00f5es importantes na detec\u00e7\u00e3o de dist\u00farbios mn\u00e9sicos sutis. Ferramentas mais especializadas como a Avalia\u00e7\u00e3o Cognitiva de Montreal (MoCA) ou a bateria Rivermead oferecem uma sensibilidade diagn\u00f3stica superior.<\/p>\n\n            <p>A imagem por resson\u00e2ncia magn\u00e9tica (IRM) revela a extens\u00e3o e a localiza\u00e7\u00e3o precisa das les\u00f5es cerebrais, informa\u00e7\u00f5es cruciais para entender os mecanismos fisiopatol\u00f3gicos dos dist\u00farbios observados. A IRM de difus\u00e3o e a imagem de tensor de difus\u00e3o permitem avaliar a integridade da subst\u00e2ncia branca e dos feixes de conex\u00f5es inter-regionais.<\/p>\n\n            <div class=\"conseil-card\">\n                <h4>\ud83d\udccb Protocolo de avalia\u00e7\u00e3o DYNSEO<\/h4>\n                <p>Nossa equipe recomenda uma avalia\u00e7\u00e3o inicial nas 48-72 horas p\u00f3s-AVC, seguida de avalia\u00e7\u00f5es de controle em 1 semana, 1 m\u00eas, 3 meses e 6 meses para documentar precisamente a evolu\u00e7\u00e3o cognitiva e adaptar as interven\u00e7\u00f5es terap\u00eauticas.<\/p>\n            <\/div>\n\n            <p>A avalia\u00e7\u00e3o ecol\u00f3gica, realizada no ambiente cotidiano do paciente, complementa utilmente os testes formais ao revelar o impacto funcional real dos dist\u00farbios mn\u00e9sicos. Essa abordagem permite identificar as situa\u00e7\u00f5es problem\u00e1ticas espec\u00edficas e adaptar as estrat\u00e9gias de compensa\u00e7\u00e3o \u00e0s necessidades individuais.<\/p>\n\n            <div class=\"tip-box\">\n<div class=\"tip-box-label\">\u26a1 Inova\u00e7\u00e3o tecnol\u00f3gica<\/div>\n                <p>As aplica\u00e7\u00f5es de estimula\u00e7\u00e3o cognitiva como <a href=\"https:\/\/www.dynseo.com\/pt-pt\/coco-pensa-e-coco-se-mexe\/\" style=\"color: var(--color-rose); font-weight: 600;\">COCO PENSA e COCO SE MEXE<\/a> integram ferramentas de avalia\u00e7\u00e3o cont\u00ednua, permitindo um acompanhamento objetivo dos progressos e uma personaliza\u00e7\u00e3o \u00f3tima dos exerc\u00edcios.<\/p>\n            <\/div>\n\n            <h2>4. Fatores de risco e mecanismos etiol\u00f3gicos<\/h2>\n\n            <p>Compreender os fatores de risco espec\u00edficos aos dist\u00farbios mn\u00e9sicos p\u00f3s-AVC permite identificar os pacientes mais vulner\u00e1veis e otimizar as estrat\u00e9gias preventivas. Esses fatores interagem de maneira complexa, criando um perfil de risco individual que deve ser analisado cuidadosamente.<\/p>\n\n            <p>A idade avan\u00e7ada constitui o fator de risco n\u00e3o modific\u00e1vel mais significativo, devido \u00e0 diminui\u00e7\u00e3o natural da reserva cognitiva e da plasticidade cerebral com o envelhecimento. Os pacientes com mais de 70 anos apresentam um risco tr\u00eas vezes maior de desenvolver dist\u00farbios mn\u00e9sicos persistentes ap\u00f3s um AVC, necessitando de um acompanhamento refor\u00e7ado e prolongado.<\/p>\n\n            <p>Os fatores vasculares preexistentes, incluindo hipertens\u00e3o arterial, diabetes e dislipidemias, fragilizam a vasculariza\u00e7\u00e3o cerebral e aumentam o risco de complica\u00e7\u00f5es cognitivas. A presen\u00e7a de leucoaraiose (les\u00e3o da subst\u00e2ncia branca) preexistente, comum em pacientes idosos, agrava significativamente o progn\u00f3stico cognitivo.<\/p>\n\n            <div class=\"expert-box\">\n                <span class=\"expert-box-label\">Pesquisa DYNSEO<\/span>\n                <div class=\"expert-box-title\">Fatores progn\u00f3sticos de recupera\u00e7\u00e3o mn\u00e9sica<\/div>\n                \n                <div class=\"expert-inner\">\n                    <div class=\"expert-inner-title\">Fatores favor\u00e1veis<\/div>\n                    <p>Idade jovem, n\u00edvel de educa\u00e7\u00e3o elevado, aus\u00eancia de antecedentes neurol\u00f3gicos, localiza\u00e7\u00e3o cortical da les\u00e3o, preserva\u00e7\u00e3o do hemisf\u00e9rio dominante, in\u00edcio precoce da reabilita\u00e7\u00e3o.<\/p>\n                <\/div>\n\n                <div class=\"expert-inner\">\n                    <div class=\"expert-inner-title\">Fatores desfavor\u00e1veis<\/div>\n                    <p>Idade avan\u00e7ada, comorbidades m\u00faltiplas, les\u00e3o tal\u00e2mica bilateral, hidrocefalia p\u00f3s-AVC, estado depressivo severo, isolamento social.<\/p>\n                <\/div>\n            <\/div>\n\n            <p>O n\u00edvel de educa\u00e7\u00e3o e a complexidade da atividade profissional anterior influenciam positivamente a recupera\u00e7\u00e3o cognitiva, conceito resumido pela no\u00e7\u00e3o de \"reserva cognitiva\". Essa reserva protetora permite ao c\u00e9rebro compensar melhor as les\u00f5es gra\u00e7as a redes neuronais mais robustas e diversificadas.<\/p>\n<div class=\"key-points\">\n                <h4>\ud83c\udfaf Estrat\u00e9gias de preven\u00e7\u00e3o prim\u00e1ria<\/h4>\n                <ul>\n                    <li>Controle \u00f3timo dos fatores de risco cardiovascular<\/li>\n                    <li>Manuten\u00e7\u00e3o de uma atividade f\u00edsica regular<\/li>\n                    <li>Estimula\u00e7\u00e3o cognitiva di\u00e1ria preventiva<\/li>\n                    <li>Gest\u00e3o do estresse e dos dist\u00farbios do sono<\/li>\n                    <li>Alimenta\u00e7\u00e3o mediterr\u00e2nea neuroprotetora<\/li>\n                    <li>Cessa\u00e7\u00e3o do tabagismo e modera\u00e7\u00e3o alco\u00f3lica<\/li>\n                <\/ul>\n            <\/div>\n\n            <h2>5. Complica\u00e7\u00f5es e repercuss\u00f5es funcionais<\/h2>\n\n            <p>Os dist\u00farbios mn\u00e9sicos p\u00f3s-AVC geram m\u00faltiplas complica\u00e7\u00f5es que ultrapassam amplamente o quadro cognitivo estrito, afetando globalmente a qualidade de vida dos pacientes e de seu entorno. Uma compreens\u00e3o aprofundada dessas repercuss\u00f5es permite antecipar as dificuldades e implementar estrat\u00e9gias de adapta\u00e7\u00e3o eficazes.<\/p>\n\n            <p>O impacto na autonomia di\u00e1ria constitui a preocupa\u00e7\u00e3o maior dos pacientes e fam\u00edlias. As atividades instrumentais da vida di\u00e1ria, como a gest\u00e3o das finan\u00e7as, a tomada de medicamentos ou a condu\u00e7\u00e3o de ve\u00edculos, tornam-se problem\u00e1ticas e frequentemente necessitam de supervis\u00e3o ou assist\u00eancia externa. Essa perda de independ\u00eancia gera frustra\u00e7\u00e3o e sentimento de inutilidade.<\/p>\n\n            <p>As repercuss\u00f5es profissionais representam um desafio socioecon\u00f4mico consider\u00e1vel, particularmente entre os pacientes em idade ativa. Segundo estudos epidemiol\u00f3gicos recentes, apenas 40% dos pacientes com dist\u00farbios mn\u00e9sicos moderados retomam uma atividade profissional normal, frequentemente necessitando de adapta\u00e7\u00f5es de cargo ou uma reorienta\u00e7\u00e3o profissional.<\/p>\n\n            <div class=\"conseil-card\">\n                <h4>\ud83c\udfe0 Adapta\u00e7\u00e3o do domic\u00edlio<\/h4>\n                <p>A adapta\u00e7\u00e3o do ambiente domiciliar desempenha um papel crucial na compensa\u00e7\u00e3o dos dist\u00farbios mn\u00e9sicos. Utilize lembretes visuais, sistemas de alarme para os medicamentos e organize o espa\u00e7o de maneira l\u00f3gica e previs\u00edvel para facilitar os automatismos.<\/p>\n            <\/div>\n\n            <p>Os dist\u00farbios do humor, notadamente a depress\u00e3o p\u00f3s-AVC, complicam frequentemente a evolu\u00e7\u00e3o dos d\u00e9ficits mn\u00e9sicos. Essa comorbidade psiqui\u00e1trica, observada em 30 a 50% dos pacientes, mant\u00e9m um c\u00edrculo vicioso onde os dist\u00farbios mn\u00e9sicos favorecem a depress\u00e3o, que por sua vez agrava o desempenho cognitivo. Uma abordagem psicol\u00f3gica especializada torna-se ent\u00e3o indispens\u00e1vel.<\/p>\n\n            <div class=\"tip-box\">\n<div class=\"tip-box-label\">\ud83d\udcaa Apoio familiar<\/div>\n                <p>O acompanhamento dos cuidadores familiares representa um pilar essencial do cuidado. Proponha forma\u00e7\u00f5es espec\u00edficas para os familiares a fim de otimizar seu papel terap\u00eautico e prevenir o esgotamento.<\/p>\n            <\/div>\n\n            <p>A seguran\u00e7a dom\u00e9stica requer uma vigil\u00e2ncia especial em pacientes com dist\u00farbios mn\u00e9sicos severos. Os riscos de acidentes dom\u00e9sticos, intoxica\u00e7\u00e3o medicamentosa ou err\u00e2ncia aumentam significativamente, justificando \u00e0s vezes a implementa\u00e7\u00e3o de sistemas de telemonitoramento ou teleassist\u00eancia.<\/p>\n\n            <h2>6. Abordagens farmacol\u00f3gicas e neuroestimula\u00e7\u00e3o<\/h2>\n\n            <p>O tratamento farmacol\u00f3gico dos dist\u00farbios mn\u00e9sicos p\u00f3s-AVC baseia-se em uma abordagem multidimensional, visando otimizar a recupera\u00e7\u00e3o neurol\u00f3gica enquanto previne complica\u00e7\u00f5es secund\u00e1rias. As estrat\u00e9gias terap\u00eauticas evoluem constantemente gra\u00e7as aos avan\u00e7os da pesquisa em neurofarmacologia.<\/p>\n\n            <p>Os inibidores da acetilcolinesterase, tradicionalmente utilizados na doen\u00e7a de Alzheimer, mostram um interesse crescente no manejo dos dist\u00farbios mn\u00e9sicos p\u00f3s-AVC. A donepezila e a rivastigmina melhoram modestamente o desempenho cognitivo em alguns pacientes, particularmente em casos de comprometimento colin\u00e9rgico. No entanto, sua efic\u00e1cia permanece limitada e deve ser avaliada caso a caso.<\/p>\n\n            <p>Os agentes neuroprotetores representam uma via terap\u00eautica promissora, visando limitar a extens\u00e3o das les\u00f5es cerebrais nas fases agudas do AVC. A citicolina, precursora dos fosfolip\u00eddios de membrana, facilita a repara\u00e7\u00e3o neuronal e melhora o desempenho cognitivo a longo prazo. Seu uso na fase subaguda mostra resultados encorajadores em v\u00e1rios ensaios cl\u00ednicos.<\/p>\n\n            <div class=\"expert-box\">\n                <span class=\"expert-box-label\">Inova\u00e7\u00e3o Terap\u00eautica<\/span>\n                <div class=\"expert-box-title\">Neuroestimula\u00e7\u00e3o n\u00e3o invasiva: perspectivas futuras<\/div>\n                \n                <div class=\"expert-inner\">\n                    <div class=\"expert-inner-title\">Estimula\u00e7\u00e3o magn\u00e9tica transcraniana (EMT)<\/div>\n                    <p>Esta t\u00e9cnica permite modular a atividade neuronal nas regi\u00f5es lesadas ou peri-lesionais, favorecendo a plasticidade cerebral e a recupera\u00e7\u00e3o funcional. Os protocolos repetitivos mostram uma efic\u00e1cia promissora.<\/p>\n                <\/div>\n\n                <div class=\"expert-inner\">\n                    <div class=\"expert-inner-title\">Estimula\u00e7\u00e3o el\u00e9trica transcraniana<\/div>\n                    <p>A aplica\u00e7\u00e3o de correntes de baixa intensidade modifica a excitabilidade cortical e potencializa os efeitos da reabilita\u00e7\u00e3o cognitiva, criando sinergias terap\u00eauticas interessantes.<\/p>\n                <\/div>\n            <\/div>\n\n            <p>A modula\u00e7\u00e3o farmacol\u00f3gica da neuroplasticidade constitui um eixo de pesquisa particularmente ativo. Os agonistas dopamin\u00e9rgicos, os inibidores da recapta\u00e7\u00e3o de serotonina e alguns nootr\u00f3picos mostram efeitos ben\u00e9ficos na recupera\u00e7\u00e3o cognitiva ao potencializar os mecanismos de plasticidade sin\u00e1ptica.<\/p>\n<div class=\"key-points\">\n                <h4>\ud83d\udc8a Princ\u00edpios de prescri\u00e7\u00e3o em neurologia p\u00f3s-AVC<\/h4>\n                <ul>\n                    <li>Avalia\u00e7\u00e3o benef\u00edcio-risco individualizada<\/li>\n                    <li>Monitoramento rigoroso dos efeitos colaterais<\/li>\n                    <li>Adapta\u00e7\u00e3o posol\u00f3gica conforme a fun\u00e7\u00e3o renal<\/li>\n                    <li>Intera\u00e7\u00f5es medicamentosas a serem antecipadas<\/li>\n                    <li>Dura\u00e7\u00e3o do tratamento \u00f3tima a ser definida<\/li>\n                    <li>Interrup\u00e7\u00e3o gradual para evitar o efeito rebote<\/li>\n                <\/ul>\n            <\/div>\n\n            <h2>7. Reabilita\u00e7\u00e3o cognitiva e estimula\u00e7\u00e3o cerebral<\/h2>\n\n            <p>A reabilita\u00e7\u00e3o cognitiva constitui o pilar terap\u00eautico fundamental na abordagem dos dist\u00farbios mn\u00e9sicos p\u00f3s-AVC. Esta abordagem, baseada nos princ\u00edpios da neuroplasticidade, visa restaurar as fun\u00e7\u00f5es cognitivas alteradas enquanto desenvolve estrat\u00e9gias compensat\u00f3rias eficazes para otimizar a adapta\u00e7\u00e3o funcional.<\/p>\n\n            <p>Os programas de estimula\u00e7\u00e3o cognitiva estruturados, como <a href=\"https:\/\/www.dynseo.com\/pt-pt\/coco-pensa-e-coco-se-mexe\/\" style=\"color: var(--color-bleu); font-weight: 600;\">COCO PENSA e COCO SE MEXE<\/a>, prop\u00f5em exerc\u00edcios direcionados e progressivos adaptados \u00e0s capacidades individuais de cada paciente. Esses ferramentas tecnol\u00f3gicas revolucionam a abordagem reabilitativa ao permitir uma pr\u00e1tica di\u00e1ria personalizada, um acompanhamento objetivo dos progressos e uma motiva\u00e7\u00e3o refor\u00e7ada gra\u00e7as \u00e0 ludifica\u00e7\u00e3o dos exerc\u00edcios.<\/p>\n\n            <p>A reabilita\u00e7\u00e3o da mem\u00f3ria de trabalho ocupa um lugar central nos protocolos terap\u00eauticos modernos. Esta fun\u00e7\u00e3o cognitiva, envolvida na maioria das atividades di\u00e1rias, pode ser significativamente melhorada por um treinamento espec\u00edfico. Os exerc\u00edcios de dupla tarefa, de atualiza\u00e7\u00e3o cont\u00ednua e de manipula\u00e7\u00e3o mental solicitam ativamente as redes fronto-parietais respons\u00e1veis por essa fun\u00e7\u00e3o.<\/p>\n\n            <div class=\"conseil-card\">\n                <h4>\ud83c\udfaf Protocolo de reabilita\u00e7\u00e3o DYNSEO<\/h4>\n                <p>Nossa abordagem recomenda sess\u00f5es di\u00e1rias de 30-45 minutos, distribu\u00eddas em 3 m\u00f3dulos de 10-15 minutos para otimizar a aten\u00e7\u00e3o e prevenir a fadiga cognitiva. A progressividade e a adapta\u00e7\u00e3o cont\u00ednua dos exerc\u00edcios garantem um desafio \u00f3timo sem des\u00e2nimo.<\/p>\n            <\/div>\n\n            <p>O treinamento metacognitivo ensina os pacientes a conhecer melhor seu funcionamento cognitivo e a desenvolver estrat\u00e9gias de auto-monitoramento eficazes. Esta abordagem favorece a transfer\u00eancia dos conhecimentos adquiridos para as situa\u00e7\u00f5es ecol\u00f3gicas e melhora a confian\u00e7a em suas pr\u00f3prias capacidades, fator determinante para o sucesso reabilitativo.<\/p>\n\n            <div class=\"tip-box\">\n<div class=\"tip-box-label\">\ud83e\udde0 T\u00e9cnica de recupera\u00e7\u00e3o espa\u00e7ada<\/div>\n                <p>Este m\u00e9todo de aprendizagem otimiza a consolida\u00e7\u00e3o da mem\u00f3ria espa\u00e7ando progressivamente as repeti\u00e7\u00f5es. Comece com intervalos curtos (alguns minutos) e depois aumente progressivamente (horas, dias, semanas) para maximizar a reten\u00e7\u00e3o.<\/p>\n            <\/div>\n\n            <p>A realidade virtual emerge como uma ferramenta terap\u00eautica inovadora, permitindo recriar ambientes ecol\u00f3gicos controlados para o treinamento cognitivo. Esta tecnologia facilita a generaliza\u00e7\u00e3o dos conhecimentos para a vida cotidiana, propondo situa\u00e7\u00f5es de aprendizagem imersivas e motivadoras.<\/p>\n\n            <h2>8. Estrat\u00e9gias compensat\u00f3rias e ajudas t\u00e9cnicas<\/h2>\n\n            <p>O desenvolvimento de estrat\u00e9gias compensat\u00f3rias constitui um complemento indispens\u00e1vel \u00e0 reabilita\u00e7\u00e3o cognitiva direta, particularmente em pacientes com d\u00e9ficits de mem\u00f3ria persistentes. Essas abordagens visam contornar as dificuldades cognitivas utilizando recursos preservados ou ajudas externas para manter a autonomia funcional.<\/p>\n\n            <p>Os lembretes tradicionais, embora simples, continuam eficazes quando utilizados de maneira sistem\u00e1tica e organizada. Cadernos de notas estruturados, calend\u00e1rios de parede e sistemas de etiquetagem permitem compensar os esquecimentos di\u00e1rios. O aprendizado de seu uso requer um treinamento espec\u00edfico para se tornar autom\u00e1tico.<\/p>\n\n            <p>As tecnologias digitais oferecem possibilidades compensat\u00f3rias sofisticadas e personaliz\u00e1veis. Os smartphones equipados com aplicativos especializados transformam esses dispositivos em verdadeiros assistentes cognitivos, propondo lembretes, alarmes, geolocaliza\u00e7\u00e3o e ajuda \u00e0 navega\u00e7\u00e3o. A interface intuitiva dessas ferramentas facilita sua ado\u00e7\u00e3o por pacientes n\u00e3o familiarizados com tecnologia.<\/p>\n\n            <div class=\"expert-box\">\n                <span class=\"expert-box-label\">Solu\u00e7\u00f5es DYNSEO<\/span>\n                <div class=\"expert-box-title\">Arsenal de ajudas t\u00e9cnicas recomendadas<\/div>\n                \n                <div class=\"expert-inner\">\n                    <div class=\"expert-inner-title\">Organizadores cognitivos<\/div>\n                    <p>Agendas eletr\u00f4nicas com alarmes m\u00faltiplos, aplicativos de gerenciamento de medicamentos, sistemas de lembrete de compromissos com geolocaliza\u00e7\u00e3o integrada.<\/p>\n                <\/div>\n\n                <div class=\"expert-inner\">\n                    <div class=\"expert-inner-title\">Ajudas \u00e0 comunica\u00e7\u00e3o<\/div>\n                    <p>Cadernos de comunica\u00e7\u00e3o ilustrados, aplicativos de s\u00edntese de voz, sistemas de videoconfer\u00eancia simplificados para manter o v\u00ednculo social.<\/p>\n                <\/div>\n\n                <div class=\"expert-inner\">\n                    <div class=\"expert-inner-title\">Seguran\u00e7a domiciliar<\/div>\n                    <p>Detectores inteligentes, sistemas de teleassist\u00eancia, automa\u00e7\u00e3o residencial adaptada com comandos de voz simplificados.<\/p>\n                <\/div>\n            <\/div>\n\n            <p>O treinamento em t\u00e9cnicas mnem\u00f4nicas cl\u00e1ssicas mant\u00e9m toda a sua relev\u00e2ncia no arsenal terap\u00eautico moderno. O m\u00e9todo dos lugares, a associa\u00e7\u00e3o de imagens mentais e a cria\u00e7\u00e3o de acr\u00f4nimos facilitam a memoriza\u00e7\u00e3o de novas informa\u00e7\u00f5es apoiando-se nas capacidades preservadas de imagina\u00e7\u00e3o mental e mem\u00f3ria procedural.<\/p>\n<div class=\"key-points\">\n                <h4>\ud83d\udee0\ufe0f Caixa de ferramentas compensat\u00f3ria<\/h4>\n                <ul>\n                    <li>Dispensadores eletr\u00f4nicos com alertas sonoros<\/li>\n                    <li>Rel\u00f3gios conectados com lembretes personalizados<\/li>\n                    <li>Aplicativos de reconhecimento de voz<\/li>\n                    <li>Sistemas GPS simplificados para navega\u00e7\u00e3o<\/li>\n                    <li>Cadernos digitais sincronizados<\/li>\n                    <li>Ambiente de automa\u00e7\u00e3o adaptativa<\/li>\n                <\/ul>\n            <\/div>\n\n            <h2>9. Nutri\u00e7\u00e3o e estilo de vida neuroprotetores<\/h2>\n\n            <p>A otimiza\u00e7\u00e3o nutricional e as modifica\u00e7\u00f5es do estilo de vida constituem alavancas terap\u00eauticas frequentemente subestimadas na recupera\u00e7\u00e3o cognitiva p\u00f3s-AVC. Essas interven\u00e7\u00f5es n\u00e3o medicamentosas, acess\u00edveis e sem efeitos colaterais, potencializam os efeitos da reabilita\u00e7\u00e3o formal e favorecem a neurog\u00eanese.<\/p>\n\n            <p>A dieta mediterr\u00e2nea, rica em \u00e1cidos graxos \u00f4mega-3, antioxidantes e polifen\u00f3is, exerce efeitos neuroprotetores documentados por numerosos estudos epidemiol\u00f3gicos. Os peixes gordurosos, nozes, frutas vermelhas e azeite de oliva extra-virgem fornecem os nutrientes essenciais para a sa\u00fade cerebral e a recupera\u00e7\u00e3o neuronal p\u00f3s-les\u00e3o.<\/p>\n\n            <p>A atividade f\u00edsica adaptada representa uma das interven\u00e7\u00f5es mais eficazes para estimular a neuroplasticidade e melhorar o desempenho cognitivo. O exerc\u00edcio aer\u00f3bico moderado, praticado regularmente, aumenta a produ\u00e7\u00e3o de fatores neurotr\u00f3ficos (BDNF), favorece a angiog\u00eanese cerebral e melhora a conectividade inter-hemisf\u00e9rica.<\/p>\n\n            <div class=\"conseil-card\">\n                <h4>\ud83e\udd57 Programa nutricional p\u00f3s-AVC<\/h4>\n                <p>Priorize 3 por\u00e7\u00f5es de peixes gordurosos por semana, 5 frutas e vegetais di\u00e1rios, gr\u00e3os integrais e limite os a\u00e7\u00facares r\u00e1pidos. Mantenha uma hidrata\u00e7\u00e3o \u00f3tima (1,5-2L\/dia) para favorecer a circula\u00e7\u00e3o cerebral.<\/p>\n            <\/div>\n\n            <p>A qualidade do sono influencia diretamente os processos de consolida\u00e7\u00e3o da mem\u00f3ria e de recupera\u00e7\u00e3o neuronal. Os dist\u00farbios do sono, frequentes ap\u00f3s um AVC, devem ser sistematicamente investigados e tratados. A higiene do sono, incluindo regularidade dos hor\u00e1rios e otimiza\u00e7\u00e3o do ambiente, constitui a primeira linha terap\u00eautica.<\/p>\n\n            <div class=\"tip-box\">\n<div class=\"tip-box-label\">\ud83d\ude34 Otimiza\u00e7\u00e3o do sono<\/div>\n                <p>Respeite um hor\u00e1rio de dormir regular, evite telas 2h antes de dormir, mantenha uma temperatura fresca (18-19\u00b0C) e pratique t\u00e9cnicas de relaxamento para favorecer o adormecimento.<\/p>\n            <\/div>\n\n            <p>A gest\u00e3o do estresse cr\u00f4nico, por meio de t\u00e9cnicas de medita\u00e7\u00e3o, coer\u00eancia card\u00edaca ou yoga adaptado, reduz a hipercortisol\u00eamica delet\u00e9ria para a recupera\u00e7\u00e3o cognitiva. Essas pr\u00e1ticas corpo-mente tamb\u00e9m melhoram o humor e a qualidade de vida global dos pacientes.<\/p>\n\n            <h2>10. Acompanhamento m\u00e9dico e monitoramento da evolu\u00e7\u00e3o<\/h2>\n\n            <p>O acompanhamento m\u00e9dico regular dos pacientes com dist\u00farbios mn\u00e9sicos p\u00f3s-AVC requer uma abordagem coordenada envolvendo neurologistas, geriatras, neuropsic\u00f3logos e m\u00e9dicos assistentes. Essa vigil\u00e2ncia permite ajustar os tratamentos, detectar precocemente as complica\u00e7\u00f5es e otimizar a trajet\u00f3ria de recupera\u00e7\u00e3o.<\/p>\n\n            <p>A avalia\u00e7\u00e3o cognitiva seriada, realizada em intervalos regulares (3, 6, 12 meses), documenta objetivamente a evolu\u00e7\u00e3o das performances e orienta as decis\u00f5es terap\u00eauticas. As baterias de testes normalizados permitem uma compara\u00e7\u00e3o confi\u00e1vel ao longo do tempo e entre os diferentes dom\u00ednios cognitivos. Essa abordagem quantitativa complementa a avalia\u00e7\u00e3o cl\u00ednica subjetiva.<\/p>\n\n            <p>O monitoramento dos fatores de risco cardiovascular constitui um desafio importante de preven\u00e7\u00e3o secund\u00e1ria. A otimiza\u00e7\u00e3o do controle tensional, glic\u00eamico e lip\u00eddico reduz significativamente o risco de recorr\u00eancia de AVC e protege a fun\u00e7\u00e3o cognitiva residual. Essa preven\u00e7\u00e3o ativa requer uma ades\u00e3o terap\u00eautica rigorosa.<\/p>\n\n            <div class=\"expert-box\">\n                <span class=\"expert-box-label\">Protocolo DYNSEO<\/span>\n                <div class=\"expert-box-title\">Planejamento de acompanhamento estruturado p\u00f3s-AVC<\/div>\n                \n                <div class=\"expert-inner\">\n                    <div class=\"expert-inner-title\">Fase aguda (J0-J15)<\/div>\n                    <p>Avalia\u00e7\u00e3o neurol\u00f3gica di\u00e1ria, balan\u00e7o cognitivo inicial assim que estabilizado, imagem cerebral de controle, inicia\u00e7\u00e3o precoce da estimula\u00e7\u00e3o cognitiva com COCO PENSA.<\/p>\n                <\/div>\n\n                <div class=\"expert-inner\">\n                    <div class=\"expert-inner-title\">Fase subaguda (J15-M6)<\/div>\n                    <p>Consultas mensais multidisciplinares, reavalia\u00e7\u00f5es cognitivas trimestrais, ajustes terap\u00eauticos regulares, intensifica\u00e7\u00e3o da reabilita\u00e7\u00e3o cognitiva.<\/p>\n                <\/div>\n\n                <div class=\"expert-inner\">\n                    <div class=\"expert-inner-title\">Fase cr\u00f4nica (M6+)<\/div>\n                    <p>Acompanhamento semestral e depois anual, manuten\u00e7\u00e3o da estimula\u00e7\u00e3o cognitiva, preven\u00e7\u00e3o do decl\u00ednio, avalia\u00e7\u00e3o da autonomia, apoio aos cuidadores.<\/p>\n                <\/div>\n            <\/div>\n\n            <p>A detec\u00e7\u00e3o precoce das complica\u00e7\u00f5es psiqui\u00e1tricas, notadamente a depress\u00e3o e a ansiedade, melhora significativamente o progn\u00f3stico global. A utiliza\u00e7\u00e3o de escalas validadas como a Hospital Anxiety and Depression Scale (HADS) facilita a identifica\u00e7\u00e3o sistem\u00e1tica desses dist\u00farbios e seu manejo especializado.<\/p>\n<div class=\"key-points\">\n                <h4>\ud83d\udccb Indicadores de monitoramento priorit\u00e1rios<\/h4>\n                <ul>\n                    <li>Desenvolvimento dos escores cognitivos padronizados<\/li>\n                    <li>Autonomia nas atividades di\u00e1rias<\/li>\n                    <li>Qualidade de vida e bem-estar psicol\u00f3gico<\/li>\n                    <li>Ades\u00e3o terap\u00eautica e reabilitativa<\/li>\n                    <li>Fatores de risco cardiovascular<\/li>\n                    <li>Apoio familiar e social dispon\u00edvel<\/li>\n                <\/ul>\n            <\/div>\n\n            <h2>11. Impacto familiar e estrat\u00e9gias de apoio aos cuidadores<\/h2>\n\n            <p>Os dist\u00farbios mn\u00e9sicos p\u00f3s-AVC perturbam profundamente o equil\u00edbrio familiar e transformam as din\u00e2micas relacionais estabelecidas. Os familiares frequentemente se tornam cuidadores naturais, assumindo novas responsabilidades sem prepara\u00e7\u00e3o espec\u00edfica. Essa situa\u00e7\u00e3o gera estresse, exaust\u00e3o e risco de burnout, necessitando de apoio profissional adequado.<\/p>\n\n            <p>A forma\u00e7\u00e3o dos cuidadores familiares constitui um investimento terap\u00eautico rent\u00e1vel, melhorando simultaneamente a qualidade do apoio e reduzindo o fardo sentido. Esses programas educacionais abordam os aspectos pr\u00e1ticos da estimula\u00e7\u00e3o cognitiva di\u00e1ria, o uso de ferramentas tecnol\u00f3gicas como <a href=\"https:\/\/www.dynseo.com\/pt-pt\/coco-pensa-e-coco-se-mexe\/\" style=\"color: var(--color-bleu); font-weight: 600;\">COCO PENSA e COCO SE MEXE<\/a>, e as t\u00e9cnicas de comunica\u00e7\u00e3o adequadas.<\/p>\n\n            <p>A adapta\u00e7\u00e3o da comunica\u00e7\u00e3o familiar favorece a inclus\u00e3o do paciente nas atividades sociais e previne o isolamento. As estrat\u00e9gias de comunica\u00e7\u00e3o simplificada, o uso de suportes visuais e a paci\u00eancia benevolente criam um ambiente prop\u00edcio \u00e0 recupera\u00e7\u00e3o cognitiva e \u00e0 manuten\u00e7\u00e3o dos la\u00e7os afetivos.<\/p>\n\n            <div class=\"conseil-card\">\n                <h4>\ud83d\udc68\u200d\ud83d\udc69\u200d\ud83d\udc67\u200d\ud83d\udc66 Guia de comunica\u00e7\u00e3o familiar<\/h4>\n                <p>Fale devagar e claramente, use frases curtas, deixe tempo para a resposta, evite perguntas m\u00faltiplas simult\u00e2neas e valorize cada esfor\u00e7o de comunica\u00e7\u00e3o para manter a confian\u00e7a e a motiva\u00e7\u00e3o.<\/p>\n            <\/div>\n\n            <p>Os grupos de apoio a cuidadores oferecem um espa\u00e7o de troca e compartilhamento de experi\u00eancias valiosas para romper o isolamento e adquirir novas estrat\u00e9gias de adapta\u00e7\u00e3o. Esses encontros, conduzidos por profissionais, permitem a express\u00e3o de emo\u00e7\u00f5es dif\u00edceis e a normaliza\u00e7\u00e3o dos sentimentos de impot\u00eancia ou culpa.<\/p>\n\n            <div class=\"tip-box\">\n<div class=\"tip-box-label\">\ud83e\udd1d Rede de apoio<\/div>\n                <p>Diversifique as fontes de ajuda (fam\u00edlia, amigos, profissionais, associa\u00e7\u00f5es) para evitar a sobrecarga de um cuidador principal. Organize um planejamento de presen\u00e7a rotativa e n\u00e3o hesite em solicitar os servi\u00e7os de ajuda domiciliar.<\/p>\n            <\/div>\n\n            <p>A preserva\u00e7\u00e3o da rela\u00e7\u00e3o conjugal ou filial, apesar das mudan\u00e7as cognitivas, requer adapta\u00e7\u00e3o e criatividade. Manter atividades compartilhadas adequadas, redefinir os pap\u00e9is familiares e aceitar a nova din\u00e2mica relacional constituem desafios maiores que frequentemente necessitam de apoio psicol\u00f3gico profissional.<\/p>\n\n            <h2>12. Tecnologias emergentes e perspectivas terap\u00eauticas<\/h2>\n\n            <p>A inova\u00e7\u00e3o tecnol\u00f3gica est\u00e1 revolucionando atualmente o cuidado dos dist\u00farbios mn\u00e9sicos p\u00f3s-AVC, abrindo perspectivas terap\u00eauticas in\u00e9ditas. Esses avan\u00e7os, que combinam neuroci\u00eancias, inform\u00e1tica e intelig\u00eancia artificial, personalizam as interven\u00e7\u00f5es e otimizam a efic\u00e1cia reeducativa por meio de abordagens sob medida.<\/p>\n\n            <p>A intelig\u00eancia artificial integrada nos programas de estimula\u00e7\u00e3o cognitiva permite uma adapta\u00e7\u00e3o din\u00e2mica dos exerc\u00edcios de acordo com o desempenho em tempo real. Esses algoritmos de aprendizado de m\u00e1quina analisam os padr\u00f5es de resposta individuais e ajustam automaticamente a dificuldade, a modalidade e a frequ\u00eancia das estimula\u00e7\u00f5es para manter um desafio ideal.<\/p>\n\n            <p>A realidade virtual imersiva cria ambientes de treinamento ecol\u00f3gicos controlados, facilitando a transfer\u00eancia dos conhecimentos para a vida cotidiana. Esses simuladores permitem reproduzir fielmente as situa\u00e7\u00f5es problem\u00e1ticas (compras, condu\u00e7\u00e3o, culin\u00e1ria) em um ambiente seguro e repetir os aprendizados at\u00e9 sua automa\u00e7\u00e3o.<\/p>\n\n            <div class=\"expert-box\">\n                <span class=\"expert-box-label\">Inova\u00e7\u00e3o DYNSEO<\/span>\n                <div class=\"expert-box-title\">Tecnologias de ponta em desenvolvimento<\/div>\n                \n                <div class=\"expert-inner\">\n                    <div class=\"expert-inner-title\">Neurofeedback EEG em tempo real<\/div>\n                    <p>Essa tecnologia permite o treinamento direto da atividade cerebral por biofeedback, otimizando os padr\u00f5es de ondas cerebrais associados ao desempenho mn\u00e9sico ideal.<\/p>\n                <\/div>\n\n                <div class=\"expert-inner\">\n                    <div class=\"expert-inner-title\">Interfaces c\u00e9rebro-computador<\/div>\n                    <p>Esses sistemas revolucion\u00e1rios permitem um controle direto dos exerc\u00edcios cognitivos pela mente, abrindo possibilidades in\u00e9ditas para pacientes com d\u00e9ficits motores associados.<\/p>\n                <\/div>\n\n                <div class=\"expert-inner\">\n                    <div class=\"expert-inner-title\">Terapias g\u00eanicas neuroprotetoras<\/div>\n                    <p>As abordagens de terapia g\u00eanica que visam fatores de crescimento neuronal representam o futuro da neuroprote\u00e7\u00e3o e da regenera\u00e7\u00e3o cerebral.<\/p>\n                <\/div>\n            <\/div>\n\n            <p>Os biomarcadores digitais, coletados continuamente por objetos conectados, permitem um monitoramento preciso da evolu\u00e7\u00e3o cognitiva e o ajuste das interven\u00e7\u00f5es em tempo real. Esses dados objetivos complementam a avalia\u00e7\u00e3o cl\u00ednica tradicional e permitem uma medicina personalizada de precis\u00e3o.<\/p>\n<div class=\"key-points\">\n                <h4>\ud83d\ude80 Horizontes tecnol\u00f3gicos promissores<\/h4>\n                <ul>\n                    <li>Estimula\u00e7\u00e3o optogen\u00e9tica dos circuitos mn\u00e9sicos<\/li>\n                    <li>Pr\u00f3teses cognitivas implant\u00e1veis<\/li>\n                    <li>Terapeutas celulares regenerativas<\/li>\n                    <li>Modelagem preditiva por IA<\/li>\n                    <li>Realidade aumentada terap\u00eautica<\/li>\n                    <li>Nanotecnologias neuroprotetoras<\/li>\n                <\/ul>\n            <\/div>\n\n            <div class=\"faq-list\">\n                <h2>\u2753 Perguntas frequentes sobre a perda de mem\u00f3ria p\u00f3s-AVC<\/h2>\n                \n                <div class=\"faq-item\">\n                    <div class=\"faq-q\">\n                        <span>Quanto tempo leva para recuperar a mem\u00f3ria ap\u00f3s um AVC?<\/span>\n                        <span class=\"faq-icon\">+<\/span>\n                    <\/div>\n                    <div class=\"faq-a\">\n                        <p>A recupera\u00e7\u00e3o mn\u00e9sica varia consideravelmente de acordo com a extens\u00e3o das les\u00f5es cerebrais, a idade do paciente e a precocidade do atendimento. As melhorias mais significativas geralmente s\u00e3o observadas nos primeiros 6 meses, com uma janela terap\u00eautica \u00f3tima que se estende at\u00e9 12-18 meses p\u00f3s-AVC. Alguns pacientes continuam a progredir al\u00e9m disso, particularmente com uma estimula\u00e7\u00e3o cognitiva regular como a proposta por COCO PENSA e COCO SE MEXE.<\/p>\n                    <\/div>\n                <\/div>\n\n                <div class=\"faq-item\">\n                    <div class=\"faq-q\">\n                        <span>Os dist\u00farbios de mem\u00f3ria ap\u00f3s um AVC s\u00e3o definitivos?<\/span>\n                        <span class=\"faq-icon\">+<\/span>\n                    <\/div>\n                    <div class=\"faq-a\">\n                        <p>N\u00e3o, os dist\u00farbios mn\u00e9sicos n\u00e3o s\u00e3o necessariamente definitivos. Gra\u00e7as \u00e0 plasticidade cerebral, o c\u00e9rebro pode desenvolver novos circuitos neuronais para compensar as \u00e1reas lesionadas. Cerca de 85% dos pacientes mostram uma melhoria com uma reabilita\u00e7\u00e3o adequada. A recupera\u00e7\u00e3o completa \u00e9 poss\u00edvel, particularmente em pacientes jovens com les\u00f5es localizadas e um atendimento precoce.<\/p>\n                    <\/div>\n                <\/div>\n\n                <div class=\"faq-item\">\n                    <div class=\"faq-q\">\n                        <span>Quais s\u00e3o os sinais que indicam uma recupera\u00e7\u00e3o da mem\u00f3ria?<\/span>\n                        <span class=\"faq-icon\">+<\/span>\n                    <\/div>\n<div class=\"faq-a\">\n                        <p>Os sinais de recupera\u00e7\u00e3o incluem: uma melhoria na capacidade de reter novas informa\u00e7\u00f5es, uma melhor recorda\u00e7\u00e3o de eventos recentes, uma concentra\u00e7\u00e3o prolongada durante as conversas, uma diminui\u00e7\u00e3o da necessidade de ajudas-mem\u00f3ria externas, e uma recupera\u00e7\u00e3o gradual da autonomia nas atividades di\u00e1rias. Esses progressos podem ser sutis no in\u00edcio e requerem uma avalia\u00e7\u00e3o profissional regular para serem objetivados.<\/p>\n                    <\/div>\n<script type=\"application\/ld+json\">\n{\n  \"@context\": \"https:\/\/schema.org\",\n  \"@graph\": [\n    {\n      \"@type\": \"Article\",\n      \"@id\": \"https:\/\/www.dynseo.com\/comprendre-la-perte-de-memoire-soudaine-suite-a-un-avc-symptomes-causes-et-traitements\/#article\",\n      \"headline\": \"Comprendre la perte de mem\u00f3ria soudaine suite \u00e0 un AVC : Sympt\u00f4mes, causes et traitements\",\n      \"description\": \"mem\u00f3ria post-AVCnnnR\u00e9\u00e9ducation CognitivennComprendre la perte de mem\u00f3ria soudaine suite \u00e0 un AVC : Sympt\u00f4mes, causes et traitementsnnn\ud83d\udcc5 Avri\",\n      \"image\": {\n        \"@type\": \"ImageObject\",\n        \"url\": \"https:\/\/www.dynseo.com\/wp-content\/uploads\/2024\/01\/dynseo-logo.png\"\n      },\n      \"author\": {\n        \"@type\": \"Organization\",\n        \"@id\": \"https:\/\/www.dynseo.com\/#organization\"\n      },\n      \"publisher\": {\n        \"@type\": \"Organization\",\n        \"@id\": \"https:\/\/www.dynseo.com\/#organization\"\n      },\n      \"datePublished\": \"2026-04-07\",\n      \"dateModified\": \"2026-04-07\",\n      \"aggregateRating\": {\n        \"@type\": \"AggregateRating\",\n        \"ratingValue\": \"4.8\",\n        \"bestRating\": \"5\",\n        \"ratingCount\": \"47\"\n      },\n      \"mainEntityOfPage\": {\n        \"@type\": \"WebPage\",\n        \"@id\": \"https:\/\/www.dynseo.com\/comprendre-la-perte-de-memoire-soudaine-suite-a-un-avc-symptomes-causes-et-traitements\/\"\n      }\n    },\n    {\n      \"@type\": \"Organization\",\n      \"@id\": \"https:\/\/www.dynseo.com\/#organization\",\n      \"name\": \"DYNSEO\",\n      \"url\": \"https:\/\/www.dynseo.com\",\n      \"logo\": {\n        \"@type\": \"ImageObject\",\n        \"url\": \"https:\/\/www.dynseo.com\/wp-content\/uploads\/2024\/01\/dynseo-logo.png\"\n      }\n    },\n    {\n      \"@type\": \"WebPage\",\n      \"@id\": \"https:\/\/www.dynseo.com\/comprendre-la-perte-de-memoire-soudaine-suite-a-un-avc-symptomes-causes-et-traitements\/\",\n      \"url\": \"https:\/\/www.dynseo.com\/comprendre-la-perte-de-memoire-soudaine-suite-a-un-avc-symptomes-causes-et-traitements\/\",\n      \"name\": \"Comprendre la perte de mem\u00f3ria soudaine suite \u00e0 un AVC : Sympt\u00f4mes, causes et traitements\",\n      \"isPartOf\": {\n        \"@type\": \"WebSite\",\n        \"@id\": \"https:\/\/www.dynseo.com\/#website\"\n      },\n      \"breadcrumb\": {\n        \"@type\": \"BreadcrumbList\",\n        \"itemListElement\": [\n          {\n            \"@type\": \"ListItem\",\n            \"position\": 1,\n            \"name\": \"Accueil\",\n            \"item\": \"https:\/\/www.dynseo.com\/\"\n          },\n          {\n            \"@type\": \"ListItem\",\n            \"position\": 2,\n            \"name\": \"Blog\",\n            \"item\": \"https:\/\/www.dynseo.com\/blog\/\"\n          },\n          {\n            \"@type\": \"ListItem\",\n            \"position\": 3,\n            \"name\": \"Comprendre la perte de mem\u00f3ria soudaine suite \u00e0 un AVC : Sympt\u00f4mes, causes et traitements\"\n          }\n        ]\n      }\n    },\n    {\n      \"@type\": \"FAQPage\",\n      \"mainEntity\": [\n        {\n          \"@type\": \"Question\",\n          \"name\": \"Combien de temps faut-il pour r\u00e9cup\u00e9rer sa mem\u00f3ria apr\u00e8s un AVC ?\",\n          \"acceptedAnswer\": {\n            \"@type\": \"Answer\",\n            \"text\": \"La r\u00e9cup\u00e9ration de la mem\u00f3ria apr\u00e8s un AVC varie consid\u00e9rablement d'une personne \u00e0 l'autre. G\u00e9n\u00e9ralement, les am\u00e9liorations les plus significatives se produisent dans les 3 \u00e0 6 premiers mois, mais la r\u00e9cup\u00e9ration peut continuer pendant des ann\u00e9es avec une r\u00e9\u00e9ducation appropri\u00e9e et un entra\u00eenement cognitif r\u00e9gulier.\"\n          }\n        },\n        {\n          \"@type\": \"Question\",\n          \"name\": \"Les troubles de mem\u00f3ria apr\u00e8s un AVC sont-ils d\u00e9finitifs ?\",\n          \"acceptedAnswer\": {\n            \"@type\": \"Answer\",\n            \"text\": \"Les troubles de mem\u00f3ria apr\u00e8s un AVC ne sont pas n\u00e9cessairement d\u00e9finitifs. Gr\u00e2ce \u00e0 la neuroplasticit\u00e9 du cerveau, il est possible de r\u00e9cup\u00e9rer certaines fonctions ou de d\u00e9velopper des strat\u00e9gies compensatoires. La r\u00e9\u00e9ducation cognitive, l'orthophonie et les exercices de estimula\u00e7\u00e3o cognitiva peuvent grandement am\u00e9liorer les capacit\u00e9s mn\u00e9siques.\"\n          }\n        },\n        {\n          \"@type\": \"Question\",\n          \"name\": \"Quels sont les signes qui indiquent une r\u00e9cup\u00e9ration de la mem\u00f3ria ?\",\n          \"acceptedAnswer\": {\n            \"@type\": \"Answer\",\n            \"text\": \"Les signes de r\u00e9cup\u00e9ration de la mem\u00f3ria incluent : l'am\u00e9lioration de la capacit\u00e9 \u00e0 retenir de nouvelles informations, la r\u00e9cup\u00e9ration progressive des souvenirs ant\u00e9rieurs, une meilleure orientation dans le temps et l'espace, la capacit\u00e9 \u00e0 suivre des conversations complexes, et l'am\u00e9lioration de l'autonomie dans les activit\u00e9s quotidiennes.\"\n          }\n        }\n      ]\n    }\n  ]\n}\n<\/script>[\/et_pb_code][\/et_pb_column][\/et_pb_row][\/et_pb_section]","_et_gb_content_width":"","footnotes":""},"categories":[2915],"tags":[],"class_list":["post-565150","post","type-post","status-publish","format-standard","has-post-thumbnail","hentry","category-les-conseils-des-coachs"],"yoast_head":"<!-- This site is optimized with the Yoast SEO plugin v27.4 - https:\/\/yoast.com\/product\/yoast-seo-wordpress\/ -->\n<title>Compreender a perda de mem\u00f3ria s\u00fabita ap\u00f3s um AVC: Sintomas, causas e tratamentos - DYNSEO - Aplica\u00e7\u00f5es educativas e jogos de mem\u00f3ria<\/title>\n<meta name=\"robots\" content=\"index, follow, max-snippet:-1, max-image-preview:large, max-video-preview:-1\" \/>\n<link rel=\"canonical\" href=\"https:\/\/www.dynseo.com\/pt-pt\/compreender-a-perda-de-memoria-subita-apos-um-avc-sintomas-causas-e-tratamentos\/\" \/>\n<meta property=\"og:locale\" content=\"pt_PT\" \/>\n<meta property=\"og:type\" content=\"article\" \/>\n<meta property=\"og:title\" content=\"Compreender a perda de mem\u00f3ria s\u00fabita ap\u00f3s um AVC: Sintomas, causas e tratamentos - DYNSEO - Aplica\u00e7\u00f5es educativas e jogos de mem\u00f3ria\" \/>\n<meta property=\"og:url\" content=\"https:\/\/www.dynseo.com\/pt-pt\/compreender-a-perda-de-memoria-subita-apos-um-avc-sintomas-causas-e-tratamentos\/\" \/>\n<meta property=\"og:site_name\" content=\"DYNSEO - Aplica\u00e7\u00f5es educativas e jogos de mem\u00f3ria\" \/>\n<meta property=\"article:published_time\" content=\"2026-04-27T11:39:22+00:00\" \/>\n<meta property=\"article:modified_time\" content=\"2026-04-27T11:45:32+00:00\" \/>\n<meta property=\"og:image\" content=\"https:\/\/www.dynseo.com\/wp-content\/uploads\/2024\/03\/accompagnement-avc-1024x768.png\" \/>\n\t<meta property=\"og:image:width\" content=\"1024\" \/>\n\t<meta property=\"og:image:height\" content=\"768\" \/>\n\t<meta property=\"og:image:type\" content=\"image\/png\" \/>\n<meta name=\"author\" content=\"DYNSEO\" \/>\n<meta name=\"twitter:label1\" content=\"Escrito por\" \/>\n\t<meta name=\"twitter:data1\" content=\"DYNSEO\" \/>\n\t<meta name=\"twitter:label2\" content=\"Tempo estimado de leitura\" \/>\n\t<meta name=\"twitter:data2\" content=\"24 minutos\" \/>\n<script type=\"application\/ld+json\" class=\"yoast-schema-graph\">{\"@context\":\"https:\\\/\\\/schema.org\",\"@graph\":[{\"@type\":\"Article\",\"@id\":\"https:\\\/\\\/www.dynseo.com\\\/pt-pt\\\/compreender-a-perda-de-memoria-subita-apos-um-avc-sintomas-causas-e-tratamentos\\\/#article\",\"isPartOf\":{\"@id\":\"https:\\\/\\\/www.dynseo.com\\\/pt-pt\\\/compreender-a-perda-de-memoria-subita-apos-um-avc-sintomas-causas-e-tratamentos\\\/\"},\"author\":{\"name\":\"DYNSEO\",\"@id\":\"https:\\\/\\\/www.dynseo.com\\\/pt-pt\\\/#\\\/schema\\\/person\\\/78ef63df2ee64e0989bc68f8401b38d6\"},\"headline\":\"Compreender a perda de mem\u00f3ria s\u00fabita ap\u00f3s um AVC: Sintomas, causas e tratamentos\",\"datePublished\":\"2026-04-27T11:39:22+00:00\",\"dateModified\":\"2026-04-27T11:45:32+00:00\",\"mainEntityOfPage\":{\"@id\":\"https:\\\/\\\/www.dynseo.com\\\/pt-pt\\\/compreender-a-perda-de-memoria-subita-apos-um-avc-sintomas-causas-e-tratamentos\\\/\"},\"wordCount\":4761,\"publisher\":{\"@id\":\"https:\\\/\\\/www.dynseo.com\\\/pt-pt\\\/#organization\"},\"image\":{\"@id\":\"https:\\\/\\\/www.dynseo.com\\\/pt-pt\\\/compreender-a-perda-de-memoria-subita-apos-um-avc-sintomas-causas-e-tratamentos\\\/#primaryimage\"},\"thumbnailUrl\":\"https:\\\/\\\/www.dynseo.com\\\/wp-content\\\/uploads\\\/2024\\\/03\\\/accompagnement-avc.png\",\"articleSection\":[\"Les conseils des coachs\"],\"inLanguage\":\"pt-PT\"},{\"@type\":\"WebPage\",\"@id\":\"https:\\\/\\\/www.dynseo.com\\\/pt-pt\\\/compreender-a-perda-de-memoria-subita-apos-um-avc-sintomas-causas-e-tratamentos\\\/\",\"url\":\"https:\\\/\\\/www.dynseo.com\\\/pt-pt\\\/compreender-a-perda-de-memoria-subita-apos-um-avc-sintomas-causas-e-tratamentos\\\/\",\"name\":\"Compreender a perda de mem\u00f3ria s\u00fabita ap\u00f3s um AVC: Sintomas, causas e tratamentos - DYNSEO - Aplica\u00e7\u00f5es educativas e jogos de mem\u00f3ria\",\"isPartOf\":{\"@id\":\"https:\\\/\\\/www.dynseo.com\\\/pt-pt\\\/#website\"},\"primaryImageOfPage\":{\"@id\":\"https:\\\/\\\/www.dynseo.com\\\/pt-pt\\\/compreender-a-perda-de-memoria-subita-apos-um-avc-sintomas-causas-e-tratamentos\\\/#primaryimage\"},\"image\":{\"@id\":\"https:\\\/\\\/www.dynseo.com\\\/pt-pt\\\/compreender-a-perda-de-memoria-subita-apos-um-avc-sintomas-causas-e-tratamentos\\\/#primaryimage\"},\"thumbnailUrl\":\"https:\\\/\\\/www.dynseo.com\\\/wp-content\\\/uploads\\\/2024\\\/03\\\/accompagnement-avc.png\",\"datePublished\":\"2026-04-27T11:39:22+00:00\",\"dateModified\":\"2026-04-27T11:45:32+00:00\",\"breadcrumb\":{\"@id\":\"https:\\\/\\\/www.dynseo.com\\\/pt-pt\\\/compreender-a-perda-de-memoria-subita-apos-um-avc-sintomas-causas-e-tratamentos\\\/#breadcrumb\"},\"inLanguage\":\"pt-PT\",\"potentialAction\":[{\"@type\":\"ReadAction\",\"target\":[\"https:\\\/\\\/www.dynseo.com\\\/pt-pt\\\/compreender-a-perda-de-memoria-subita-apos-um-avc-sintomas-causas-e-tratamentos\\\/\"]}]},{\"@type\":\"ImageObject\",\"inLanguage\":\"pt-PT\",\"@id\":\"https:\\\/\\\/www.dynseo.com\\\/pt-pt\\\/compreender-a-perda-de-memoria-subita-apos-um-avc-sintomas-causas-e-tratamentos\\\/#primaryimage\",\"url\":\"https:\\\/\\\/www.dynseo.com\\\/wp-content\\\/uploads\\\/2024\\\/03\\\/accompagnement-avc.png\",\"contentUrl\":\"https:\\\/\\\/www.dynseo.com\\\/wp-content\\\/uploads\\\/2024\\\/03\\\/accompagnement-avc.png\",\"width\":2000,\"height\":1500,\"caption\":\"Mantenha sua mente em forma com atividades de treino cerebral\"},{\"@type\":\"BreadcrumbList\",\"@id\":\"https:\\\/\\\/www.dynseo.com\\\/pt-pt\\\/compreender-a-perda-de-memoria-subita-apos-um-avc-sintomas-causas-e-tratamentos\\\/#breadcrumb\",\"itemListElement\":[{\"@type\":\"ListItem\",\"position\":1,\"name\":\"Accueil\",\"item\":\"https:\\\/\\\/www.dynseo.com\\\/pt-pt\\\/\"},{\"@type\":\"ListItem\",\"position\":2,\"name\":\"Compreender a perda de mem\u00f3ria s\u00fabita ap\u00f3s um AVC: Sintomas, causas e tratamentos\"}]},{\"@type\":\"WebSite\",\"@id\":\"https:\\\/\\\/www.dynseo.com\\\/pt-pt\\\/#website\",\"url\":\"https:\\\/\\\/www.dynseo.com\\\/pt-pt\\\/\",\"name\":\"Jeux de m\u00e9moire et stimulation cognitive\",\"description\":\"Entra\u00eenez votre m\u00e9moire et votre cerveau avec DYNSEO\",\"publisher\":{\"@id\":\"https:\\\/\\\/www.dynseo.com\\\/pt-pt\\\/#organization\"},\"potentialAction\":[{\"@type\":\"SearchAction\",\"target\":{\"@type\":\"EntryPoint\",\"urlTemplate\":\"https:\\\/\\\/www.dynseo.com\\\/pt-pt\\\/?s={search_term_string}\"},\"query-input\":{\"@type\":\"PropertyValueSpecification\",\"valueRequired\":true,\"valueName\":\"search_term_string\"}}],\"inLanguage\":\"pt-PT\"},{\"@type\":\"Organization\",\"@id\":\"https:\\\/\\\/www.dynseo.com\\\/pt-pt\\\/#organization\",\"name\":\"DYNSEO\",\"url\":\"https:\\\/\\\/www.dynseo.com\\\/pt-pt\\\/\",\"logo\":{\"@type\":\"ImageObject\",\"inLanguage\":\"pt-PT\",\"@id\":\"https:\\\/\\\/www.dynseo.com\\\/pt-pt\\\/#\\\/schema\\\/logo\\\/image\\\/\",\"url\":\"https:\\\/\\\/www.dynseo.com\\\/wp-content\\\/uploads\\\/2022\\\/05\\\/logo-dynseo-new.png\",\"contentUrl\":\"https:\\\/\\\/www.dynseo.com\\\/wp-content\\\/uploads\\\/2022\\\/05\\\/logo-dynseo-new.png\",\"width\":5073,\"height\":1397,\"caption\":\"DYNSEO\"},\"image\":{\"@id\":\"https:\\\/\\\/www.dynseo.com\\\/pt-pt\\\/#\\\/schema\\\/logo\\\/image\\\/\"}},{\"@type\":\"Person\",\"@id\":\"https:\\\/\\\/www.dynseo.com\\\/pt-pt\\\/#\\\/schema\\\/person\\\/78ef63df2ee64e0989bc68f8401b38d6\",\"name\":\"DYNSEO\",\"url\":\"https:\\\/\\\/www.dynseo.com\\\/pt-pt\\\/author\\\/justine\\\/\"}]}<\/script>\n<!-- \/ Yoast SEO plugin. -->","yoast_head_json":{"title":"Compreender a perda de mem\u00f3ria s\u00fabita ap\u00f3s um AVC: Sintomas, causas e tratamentos - DYNSEO - Aplica\u00e7\u00f5es educativas e jogos de mem\u00f3ria","robots":{"index":"index","follow":"follow","max-snippet":"max-snippet:-1","max-image-preview":"max-image-preview:large","max-video-preview":"max-video-preview:-1"},"canonical":"https:\/\/www.dynseo.com\/pt-pt\/compreender-a-perda-de-memoria-subita-apos-um-avc-sintomas-causas-e-tratamentos\/","og_locale":"pt_PT","og_type":"article","og_title":"Compreender a perda de mem\u00f3ria s\u00fabita ap\u00f3s um AVC: Sintomas, causas e tratamentos - DYNSEO - Aplica\u00e7\u00f5es educativas e jogos de mem\u00f3ria","og_url":"https:\/\/www.dynseo.com\/pt-pt\/compreender-a-perda-de-memoria-subita-apos-um-avc-sintomas-causas-e-tratamentos\/","og_site_name":"DYNSEO - Aplica\u00e7\u00f5es educativas e jogos de mem\u00f3ria","article_published_time":"2026-04-27T11:39:22+00:00","article_modified_time":"2026-04-27T11:45:32+00:00","og_image":[{"width":1024,"height":768,"url":"https:\/\/www.dynseo.com\/wp-content\/uploads\/2024\/03\/accompagnement-avc-1024x768.png","type":"image\/png"}],"author":"DYNSEO","twitter_misc":{"Escrito por":"DYNSEO","Tempo estimado de leitura":"24 minutos"},"schema":{"@context":"https:\/\/schema.org","@graph":[{"@type":"Article","@id":"https:\/\/www.dynseo.com\/pt-pt\/compreender-a-perda-de-memoria-subita-apos-um-avc-sintomas-causas-e-tratamentos\/#article","isPartOf":{"@id":"https:\/\/www.dynseo.com\/pt-pt\/compreender-a-perda-de-memoria-subita-apos-um-avc-sintomas-causas-e-tratamentos\/"},"author":{"name":"DYNSEO","@id":"https:\/\/www.dynseo.com\/pt-pt\/#\/schema\/person\/78ef63df2ee64e0989bc68f8401b38d6"},"headline":"Compreender a perda de mem\u00f3ria s\u00fabita ap\u00f3s um AVC: Sintomas, causas e tratamentos","datePublished":"2026-04-27T11:39:22+00:00","dateModified":"2026-04-27T11:45:32+00:00","mainEntityOfPage":{"@id":"https:\/\/www.dynseo.com\/pt-pt\/compreender-a-perda-de-memoria-subita-apos-um-avc-sintomas-causas-e-tratamentos\/"},"wordCount":4761,"publisher":{"@id":"https:\/\/www.dynseo.com\/pt-pt\/#organization"},"image":{"@id":"https:\/\/www.dynseo.com\/pt-pt\/compreender-a-perda-de-memoria-subita-apos-um-avc-sintomas-causas-e-tratamentos\/#primaryimage"},"thumbnailUrl":"https:\/\/www.dynseo.com\/wp-content\/uploads\/2024\/03\/accompagnement-avc.png","articleSection":["Les conseils des coachs"],"inLanguage":"pt-PT"},{"@type":"WebPage","@id":"https:\/\/www.dynseo.com\/pt-pt\/compreender-a-perda-de-memoria-subita-apos-um-avc-sintomas-causas-e-tratamentos\/","url":"https:\/\/www.dynseo.com\/pt-pt\/compreender-a-perda-de-memoria-subita-apos-um-avc-sintomas-causas-e-tratamentos\/","name":"Compreender a perda de mem\u00f3ria s\u00fabita ap\u00f3s um AVC: Sintomas, causas e tratamentos - DYNSEO - Aplica\u00e7\u00f5es educativas e jogos de mem\u00f3ria","isPartOf":{"@id":"https:\/\/www.dynseo.com\/pt-pt\/#website"},"primaryImageOfPage":{"@id":"https:\/\/www.dynseo.com\/pt-pt\/compreender-a-perda-de-memoria-subita-apos-um-avc-sintomas-causas-e-tratamentos\/#primaryimage"},"image":{"@id":"https:\/\/www.dynseo.com\/pt-pt\/compreender-a-perda-de-memoria-subita-apos-um-avc-sintomas-causas-e-tratamentos\/#primaryimage"},"thumbnailUrl":"https:\/\/www.dynseo.com\/wp-content\/uploads\/2024\/03\/accompagnement-avc.png","datePublished":"2026-04-27T11:39:22+00:00","dateModified":"2026-04-27T11:45:32+00:00","breadcrumb":{"@id":"https:\/\/www.dynseo.com\/pt-pt\/compreender-a-perda-de-memoria-subita-apos-um-avc-sintomas-causas-e-tratamentos\/#breadcrumb"},"inLanguage":"pt-PT","potentialAction":[{"@type":"ReadAction","target":["https:\/\/www.dynseo.com\/pt-pt\/compreender-a-perda-de-memoria-subita-apos-um-avc-sintomas-causas-e-tratamentos\/"]}]},{"@type":"ImageObject","inLanguage":"pt-PT","@id":"https:\/\/www.dynseo.com\/pt-pt\/compreender-a-perda-de-memoria-subita-apos-um-avc-sintomas-causas-e-tratamentos\/#primaryimage","url":"https:\/\/www.dynseo.com\/wp-content\/uploads\/2024\/03\/accompagnement-avc.png","contentUrl":"https:\/\/www.dynseo.com\/wp-content\/uploads\/2024\/03\/accompagnement-avc.png","width":2000,"height":1500,"caption":"Mantenha sua mente em forma com atividades de treino cerebral"},{"@type":"BreadcrumbList","@id":"https:\/\/www.dynseo.com\/pt-pt\/compreender-a-perda-de-memoria-subita-apos-um-avc-sintomas-causas-e-tratamentos\/#breadcrumb","itemListElement":[{"@type":"ListItem","position":1,"name":"Accueil","item":"https:\/\/www.dynseo.com\/pt-pt\/"},{"@type":"ListItem","position":2,"name":"Compreender a perda de mem\u00f3ria s\u00fabita ap\u00f3s um AVC: Sintomas, causas e tratamentos"}]},{"@type":"WebSite","@id":"https:\/\/www.dynseo.com\/pt-pt\/#website","url":"https:\/\/www.dynseo.com\/pt-pt\/","name":"Jeux de m\u00e9moire et stimulation cognitive","description":"Entra\u00eenez votre m\u00e9moire et votre cerveau avec DYNSEO","publisher":{"@id":"https:\/\/www.dynseo.com\/pt-pt\/#organization"},"potentialAction":[{"@type":"SearchAction","target":{"@type":"EntryPoint","urlTemplate":"https:\/\/www.dynseo.com\/pt-pt\/?s={search_term_string}"},"query-input":{"@type":"PropertyValueSpecification","valueRequired":true,"valueName":"search_term_string"}}],"inLanguage":"pt-PT"},{"@type":"Organization","@id":"https:\/\/www.dynseo.com\/pt-pt\/#organization","name":"DYNSEO","url":"https:\/\/www.dynseo.com\/pt-pt\/","logo":{"@type":"ImageObject","inLanguage":"pt-PT","@id":"https:\/\/www.dynseo.com\/pt-pt\/#\/schema\/logo\/image\/","url":"https:\/\/www.dynseo.com\/wp-content\/uploads\/2022\/05\/logo-dynseo-new.png","contentUrl":"https:\/\/www.dynseo.com\/wp-content\/uploads\/2022\/05\/logo-dynseo-new.png","width":5073,"height":1397,"caption":"DYNSEO"},"image":{"@id":"https:\/\/www.dynseo.com\/pt-pt\/#\/schema\/logo\/image\/"}},{"@type":"Person","@id":"https:\/\/www.dynseo.com\/pt-pt\/#\/schema\/person\/78ef63df2ee64e0989bc68f8401b38d6","name":"DYNSEO","url":"https:\/\/www.dynseo.com\/pt-pt\/author\/justine\/"}]}},"_links":{"self":[{"href":"https:\/\/www.dynseo.com\/pt-pt\/wp-json\/wp\/v2\/posts\/565150","targetHints":{"allow":["GET"]}}],"collection":[{"href":"https:\/\/www.dynseo.com\/pt-pt\/wp-json\/wp\/v2\/posts"}],"about":[{"href":"https:\/\/www.dynseo.com\/pt-pt\/wp-json\/wp\/v2\/types\/post"}],"author":[{"embeddable":true,"href":"https:\/\/www.dynseo.com\/pt-pt\/wp-json\/wp\/v2\/users\/4"}],"replies":[{"embeddable":true,"href":"https:\/\/www.dynseo.com\/pt-pt\/wp-json\/wp\/v2\/comments?post=565150"}],"version-history":[{"count":17,"href":"https:\/\/www.dynseo.com\/pt-pt\/wp-json\/wp\/v2\/posts\/565150\/revisions"}],"predecessor-version":[{"id":565167,"href":"https:\/\/www.dynseo.com\/pt-pt\/wp-json\/wp\/v2\/posts\/565150\/revisions\/565167"}],"wp:featuredmedia":[{"embeddable":true,"href":"https:\/\/www.dynseo.com\/pt-pt\/wp-json\/wp\/v2\/media\/131776"}],"wp:attachment":[{"href":"https:\/\/www.dynseo.com\/pt-pt\/wp-json\/wp\/v2\/media?parent=565150"}],"wp:term":[{"taxonomy":"category","embeddable":true,"href":"https:\/\/www.dynseo.com\/pt-pt\/wp-json\/wp\/v2\/categories?post=565150"},{"taxonomy":"post_tag","embeddable":true,"href":"https:\/\/www.dynseo.com\/pt-pt\/wp-json\/wp\/v2\/tags?post=565150"}],"curies":[{"name":"wp","href":"https:\/\/api.w.org\/{rel}","templated":true}]}}