{"id":565627,"date":"2026-04-27T23:08:03","date_gmt":"2026-04-27T21:08:03","guid":{"rendered":"https:\/\/www.dynseo.com\/comment-choisir-des-vetements-faciles-a-enfiler-pour-habiller-une-personne-agee-2\/"},"modified":"2026-04-27T23:11:54","modified_gmt":"2026-04-27T21:11:54","slug":"como-escolher-roupas-faceis-de-vestir-para-veste-uma-pessoa-idosa","status":"publish","type":"post","link":"https:\/\/www.dynseo.com\/pt-pt\/como-escolher-roupas-faceis-de-vestir-para-veste-uma-pessoa-idosa\/","title":{"rendered":"Como escolher roupas f\u00e1ceis de vestir para vestir uma pessoa idosa?"},"content":{"rendered":"<p>[et_pb_section fb_built=&#8221;1&#8243; _builder_version=&#8221;4.16&#8243; custom_padding=&#8221;0px|0px|0px|0px|false|false&#8221; margin_top=&#8221;0px&#8221; margin_bottom=&#8221;0px&#8221; global_colors_info=&#8221;{}&#8221;][et_pb_row _builder_version=&#8221;4.16&#8243; custom_padding=&#8221;0px|0px|0px|0px|false|false&#8221; margin_top=&#8221;0px&#8221; margin_bottom=&#8221;0px&#8221; column_structure=&#8221;4_4&#8243; global_colors_info=&#8221;{}&#8221;][et_pb_column type=&#8221;4_4&#8243; _builder_version=&#8221;4.16&#8243; custom_padding=&#8221;0px|0px|0px|0px|false|false&#8221; global_colors_info=&#8221;{}&#8221;][et_pb_code _builder_version=&#8221;4.16&#8243; custom_padding=&#8221;0px|0px|0px|0px|false|false&#8221; global_colors_info=&#8221;{}&#8221;]<\/p>\n<style>\n        :root {\n            --bleu: #5e5ed7;\n            --bleu-dark: #5268c9;\n            --teal: #a9e2e4;\n            --jaune: #ffeca7;\n            --rose: #e73469;\n            --gris-clair: #f8f9fa;\n            --gris-moyen: #6c757d;\n            --blanc: #ffffff;\n            --noir: #212529;\n        }<\/p>\n<p>        * {\n            margin: 0;\n            padding: 0;\n            box-sizing: border-box;\n        }<\/p>\n<p>        body {\n            font-family: 'Poppins', sans-serif;\n            line-height: 1.6;\n            color: var(--noir);\n            background-color: var(--blanc);\n        }<\/p>\n<p>        .container {\n            max-width: 1200px;\n            margin: 0 auto;\n            padding: 0 20px;\n        }<\/p>\n<p>        .article-hero {\n            background: linear-gradient(135deg, var(--bleu) 0%, var(--bleu-dark) 100%);\n            color: var(--blanc);\n            padding: 60px 0 100px;\n            position: relative;\n            overflow: hidden;\n        }<\/p>\n<p>        .article-hero-inner {\n            position: relative;\n            z-index: 2;\n        }<\/p>\n<p>        .article-breadcrumb {\n            font-size: 14px;\n            margin-bottom: 20px;\n            opacity: 0.9;\n        }<\/p>\n<p>        .article-breadcrumb a {\n            color: var(--blanc);\n            text-decoration: none;\n            opacity: 0.8;\n        }<\/p>\n<p>        .article-breadcrumb a:hover {\n            opacity: 1;\n        }<\/p>\n<p>        .article-category {\n            display: inline-block;\n            background: var(--rose);\n            color: var(--blanc);\n            padding: 8px 16px;\n            border-radius: 20px;\n            font-size: 12px;\n            font-weight: 600;\n            text-transform: uppercase;\n            letter-spacing: 1px;\n            margin-bottom: 20px;\n        }<\/p>\n<p>        .article-hero h1 {\n            font-family: 'Montserrat', sans-serif;\n            font-size: 2.5rem;\n            font-weight: 700;\n            margin-bottom: 20px;\n            line-height: 1.2;\n        }<\/p>\n<p>        .hl {\n            background: var(--jaune);\n            color: var(--noir);\n            padding: 2px 8px;\n            border-radius: 4px;\n        }<\/p>\n<p>        .article-meta {\n            display: flex;\n            align-items: center;\n            gap: 20px;\n            margin-bottom: 30px;\n            font-size: 14px;\n            opacity: 0.9;\n        }<\/p>\n<p>        .article-meta span {\n            display: flex;\n            align-items: center;\n            gap: 5px;\n        }<\/p>\n<p>        .article-hero-curve {\n            position: absolute;\n            bottom: -1px;\n            left: 0;\n            right: 0;\n            height: 60px;\n            background: var(--blanc);\n            clip-path: polygon(0 100%, 100% 100%, 100% 0, 0 80%);\n        }<\/p>\n<p>        .article-body {\n            padding: 60px 0;\n        }<\/p>\n<p>        .intro-block {\n            background: var(--gris-clair);\n            padding: 40px;\n            border-radius: 12px;\n            margin-bottom: 60px;\n            border-left: 4px solid var(--bleu);\n            font-size: 1.1rem;\n            line-height: 1.7;\n        }<\/p>\n<p>        .stats-grid {\n            display: grid;\n            grid-template-columns: repeat(auto-fit, minmax(250px, 1fr));\n            gap: 30px;\n            margin-bottom: 60px;\n        }<\/p>\n<p>        .stat-card {\n            background: var(--blanc);\n            padding: 30px;\n            border-radius: 12px;\n            text-align: center;\n            box-shadow: 0 5px 20px rgba(0,0,0,0.1);\n            border-top: 4px solid var(--bleu);\n        }<\/p>\n<p>        .stat-card .number {\n            font-family: 'Montserrat', sans-serif;\n            font-size: 2.5rem;\n            font-weight: 700;\n            color: var(--bleu);\n            margin-bottom: 10px;\n            display: block;\n        }<\/p>\n<p>        .stat-card .label {\n            font-weight: 500;\n            color: var(--gris-moyen);\n        }<\/p>\n<p>        .article-body h2 {\n            font-family: 'Montserrat', sans-serif;\n            font-size: 2rem;\n            font-weight: 600;\n            color: var(--bleu-dark);\n            margin: 50px 0 30px;\n            padding-bottom: 15px;\n            border-bottom: 2px solid var(--teal);\n        }<\/p>\n<p>        .article-body h3 {\n            font-family: 'Montserrat', sans-serif;\n            font-size: 1.4rem;\n            font-weight: 600;\n            color: var(--bleu-dark);\n            margin: 30px 0 20px;\n        }<\/p>\n<p>        .article-body p {\n            margin-bottom: 20px;\n            line-height: 1.7;\n        }<\/p>\n<p>        .conseil-card {\n            background: linear-gradient(135deg, var(--teal), #98d8da);\n            padding: 30px;\n            border-radius: 12px;\n            margin: 30px 0;\n            color: var(--noir);\n        }<\/p>\n<p>        .conseil-card h4 {\n            font-family: 'Montserrat', sans-serif;\n            font-weight: 600;\n            margin-bottom: 15px;\n            color: var(--bleu-dark);\n        }<\/p>\n<p>        .key-points {\n            background: var(--jaune);\n            padding: 25px;\n            border-radius: 8px;\n            margin: 30px 0;\n        }<\/p>\n<p>        .key-points h4 {\n            font-family: 'Montserrat', sans-serif;\n            font-weight: 600;\n            margin-bottom: 15px;\n            color: var(--bleu-dark);\n        }<\/p>\n<p>        .key-points ul {\n            list-style: none;\n            padding-left: 0;\n        }<\/p>\n<p>        .key-points li {\n            padding: 8px 0;\n            padding-left: 25px;\n            position: relative;\n        }<\/p>\n<p>        .key-points li:before {\n            content: \"\u2713\";\n            position: absolute;\n            left: 0;\n            color: var(--bleu);\n            font-weight: bold;\n        }<\/p>\n<p>        .tip-box {\n            background: var(--gris-clair);\n            border-left: 4px solid var(--rose);\n            padding: 25px;\n            margin: 30px 0;\n            border-radius: 8px;\n        }<\/p>\n<p>        .tip-box-label {\n            font-family: 'Montserrat', sans-serif;\n            font-weight: 600;\n            color: var(--rose);\n            font-size: 14px;\n            text-transform: uppercase;\n            margin-bottom: 10px;\n        }<\/p>\n<p>        .expert-box {\n            background: linear-gradient(135deg, var(--bleu), var(--bleu-dark));\n            color: var(--blanc);\n            padding: 40px;\n            border-radius: 12px;\n            margin: 40px 0;\n            position: relative;\n        }<\/p>\n<p>        .expert-box-label {\n            font-size: 12px;\n            text-transform: uppercase;\n            letter-spacing: 1px;\n            opacity: 0.9;\n            margin-bottom: 10px;\n        }<\/p>\n<p>        .expert-box-title {\n            font-family: 'Montserrat', sans-serif;\n            font-size: 1.3rem;\n            font-weight: 600;\n            margin-bottom: 20px;\n        }<\/p>\n<p>        .expert-inner {\n            background: rgba(255,255,255,0.1);\n            padding: 25px;\n            border-radius: 8px;\n            margin-top: 20px;\n        }<\/p>\n<p>        .expert-inner-title {\n            font-family: 'Montserrat', sans-serif;\n            font-weight: 600;\n            margin-bottom: 15px;\n        }<\/p>\n<p>        .faq-list {\n            margin: 50px 0;\n        }<\/p>\n<p>        .faq-item {\n            border: 1px solid #e9ecef;\n            border-radius: 8px;\n            margin-bottom: 15px;\n            overflow: hidden;\n        }<\/p>\n<p>        .faq-q {\n            background: var(--gris-clair);\n            padding: 20px;\n            cursor: pointer;\n            display: flex;\n            justify-content: space-between;\n            align-items: center;\n            font-weight: 500;\n            transition: background 0.3s;\n        }<\/p>\n<p>        .faq-q:hover {\n            background: #e9ecef;\n        }<\/p>\n<p>        .faq-icon {\n            font-size: 18px;\n            font-weight: bold;\n            color: var(--bleu);\n        }<\/p>\n<p>        .faq-a {\n            padding: 0 20px;\n            max-height: 0;\n            overflow: hidden;\n            transition: all 0.3s;\n        }<\/p>\n<p>        .faq-item.open .faq-a {\n            padding: 20px;\n            max-height: 500px;\n        }<\/p>\n<p>        .faq-item.open .faq-icon {\n            transform: rotate(45deg);\n        }<\/p>\n<p>        .cta-box {\n            background: linear-gradient(135deg, var(--rose), #d12c5a);\n            color: var(--blanc);\n            padding: 50px;\n            border-radius: 12px;\n            text-align: center;\n            margin: 50px 0;\n        }<\/p>\n<p>        .cta-box h3 {\n            font-family: 'Montserrat', sans-serif;\n            font-size: 1.8rem;\n            margin-bottom: 20px;\n        }<\/p>\n<p>        .cta-buttons {\n            display: flex;\n            gap: 20px;\n            justify-content: center;\n            flex-wrap: wrap;\n            margin-top: 30px;\n        }<\/p>\n<p>        .btn-white {\n            background: var(--blanc);\n            color: var(--rose);\n            padding: 15px 30px;\n            border: none;\n            border-radius: 50px;\n            font-weight: 600;\n            text-decoration: none;\n            display: inline-block;\n            transition: all 0.3s;\n        }<\/p>\n<p>        .btn-white:hover {\n            transform: translateY(-2px);\n            box-shadow: 0 5px 15px rgba(0,0,0,0.2);\n        }<\/p>\n<p>        .btn-outline {\n            background: transparent;\n            color: var(--blanc);\n            padding: 15px 30px;\n            border: 2px solid var(--blanc);\n            border-radius: 50px;\n            font-weight: 600;\n            text-decoration: none;\n            display: inline-block;\n            transition: all 0.3s;\n        }<\/p>\n<p>        .btn-outline:hover {\n            background: var(--blanc);\n            color: var(--rose);\n        }<\/p>\n<p>        .article-tags {\n            margin-top: 50px;\n            padding-top: 30px;\n            border-top: 1px solid #e9ecef;\n        }<\/p>\n<p>        .article-tag {\n            display: inline-block;\n            background: var(--gris-clair);\n            color: var(--gris-moyen);\n            padding: 8px 15px;\n            border-radius: 20px;\n            font-size: 14px;\n            margin-right: 10px;\n            margin-bottom: 10px;\n            text-decoration: none;\n            transition: all 0.3s;\n        }<\/p>\n<p>        .article-tag:hover {\n            background: var(--teal);\n            color: var(--noir);\n        }<\/p>\n<p>        @media (max-width: 768px) {\n            .article-hero h1 {\n                font-size: 2rem;\n            }<\/p>\n<p>            .stats-grid {\n                grid-template-columns: 1fr;\n            }<\/p>\n<p>            .article-meta {\n                flex-direction: column;\n                align-items: flex-start;\n                gap: 10px;\n            }<\/p>\n<p>            .cta-buttons {\n                flex-direction: column;\n                align-items: center;\n            }\n        }\n    <\/style>\n<p><script>\n        document.querySelectorAll('.faq-q').forEach(function(button) {\n            button.addEventListener('click', function() {\n                button.closest('.faq-item').classList.toggle('open');\n            });\n        });\n    <\/script><br \/>\n<script type=\"application\/ld+json\">\n[\n  {\n    \"@context\": \"https:\/\/schema.org\",\n    \"@type\": \"Article\",\n    \"headline\": \"Comment choisir des v\u00eatements faciles \u00e0 enfiler pour habiller une personne \u00e2g\u00e9e ?\",\n    \"description\": \"enfiler pour habiller une personne \u00e2g\u00e9e ?\",\n    \"url\": \"https:\/\/www.dynseo.com\/comment-choisir-des-vetements-faciles-a-enfiler-pour-habiller-une-personne-agee\/\",\n    \"datePublished\": \"2026-04-07\",\n    \"dateModified\": \"2026-04-07\",\n    \"author\": {\n      \"@type\": \"Organization\",\n      \"name\": \"DYNSEO\",\n      \"url\": \"https:\/\/www.dynseo.com\"\n    },\n    \"publisher\": {\n      \"@type\": \"Organization\",\n      \"name\": \"DYNSEO\",\n      \"url\": \"https:\/\/www.dynseo.com\",\n      \"logo\": {\n        \"@type\": \"ImageObject\",\n        \"url\": \"https:\/\/www.dynseo.com\/logo.png\"\n      }\n    },\n    \"image\": {\n      \"@type\": \"ImageObject\",\n      \"url\": \"https:\/\/www.dynseo.com\/images\/vetements-adaptes-personnes-agees.jpg\"\n    },\n    \"aggregateRating\": {\n      \"@type\": \"AggregateRating\",\n      \"ratingValue\": \"4.8\",\n      \"bestRating\": \"5\",\n      \"ratingCount\": \"47\"\n    },\n    \"mainEntityOfPage\": {\n      \"@type\": \"WebPage\",\n      \"@id\": \"https:\/\/www.dynseo.com\/comment-choisir-des-vetements-faciles-a-enfiler-pour-habiller-une-personne-agee\/\"\n    }\n  },\n  {\n    \"@context\": \"https:\/\/schema.org\",\n    \"@type\": \"WebPage\",\n    \"name\": \"Comment choisir des v\u00eatements faciles \u00e0 enfiler pour habiller une personne \u00e2g\u00e9e ?\",\n    \"url\": \"https:\/\/www.dynseo.com\/comment-choisir-des-vetements-faciles-a-enfiler-pour-habiller-une-personne-agee\/\",\n    \"breadcrumb\": {\n      \"@type\": \"BreadcrumbList\",\n      \"itemListElement\": [\n        {\n          \"@type\": \"ListItem\",\n          \"position\": 1,\n          \"name\": \"Accueil\",\n          \"item\": \"https:\/\/www.dynseo.com\"\n        },\n        {\n          \"@type\": \"ListItem\",\n          \"position\": 2,\n          \"name\": \"Blog\",\n          \"item\": \"https:\/\/www.dynseo.com\/blog\"\n        },\n        {\n          \"@type\": \"ListItem\",\n          \"position\": 3,\n          \"name\": \"Comment choisir des v\u00eatements faciles \u00e0 enfiler pour habiller une personne \u00e2g\u00e9e ?\",\n          \"item\": \"https:\/\/www.dynseo.com\/comment-choisir-des-vetements-faciles-a-enfiler-pour-habiller-une-personne-agee\/\"\n        }\n      ]\n    }\n  },\n  {\n    \"@context\": \"https:\/\/schema.org\",\n    \"@type\": \"FAQPage\",\n    \"mainEntity\": [\n      {\n        \"@type\": \"Question\",\n        \"name\": \"\u00c0 partir de quel moment faut-il envisager des v\u00eatements adapt\u00e9s ?\",\n        \"acceptedAnswer\": {\n          \"@type\": \"Answer\",\n          \"text\": \"Il faut envisager des v\u00eatements adapt\u00e9s d\u00e8s que la personne \u00e2g\u00e9e rencontre des difficult\u00e9s pour s'habiller seule, notamment en cas de probl\u00e8mes de mobilit\u00e9, d'arthrite ou de troubles cognitifs.\"\n        }\n      },\n      {\n        \"@type\": \"Question\",\n        \"name\": \"Les v\u00eatements adapt\u00e9s sont-ils vraiment esth\u00e9tiques ?\",\n        \"acceptedAnswer\": {\n          \"@type\": \"Answer\",\n          \"text\": \"Oui, les v\u00eatements adapt\u00e9s ont consid\u00e9rablement \u00e9volu\u00e9 et offrent aujourd'hui des designs modernes et esth\u00e9tiques tout en conservant leur fonctionnalit\u00e9 pratique.\"\n        }\n      },\n      {\n        \"@type\": \"Question\",\n        \"name\": \"Comment convaincre une personne \u00e2g\u00e9e r\u00e9ticente \u00e0 porter des v\u00eatements adapt\u00e9s ?\",\n        \"acceptedAnswer\": {\n          \"@type\": \"Answer\",\n          \"text\": \"Il est important d'expliquer les b\u00e9n\u00e9fices en termes de confort et d'autonomie, de choisir des mod\u00e8les esth\u00e9tiques et de proc\u00e9der progressivement en introduisant d'abord quelques pi\u00e8ces.\"\n        }\n      }\n    ]\n  }\n]\n<\/script>\n<link href=\"https:\/\/fonts.googleapis.com\/css2?family=Montserrat:wght@400;600;700&#038;family=Poppins:wght@300;400;500;600&#038;display=swap\" rel=\"stylesheet\">\n<section class=\"article-hero\">\n<div class=\"container\">\n<div class=\"article-hero-inner\">\n<div class=\"article-breadcrumb\">\n                    <a href=\"\/\">In\u00edcio<\/a> \u203a <a href=\"\/blog\">Blog<\/a> \u203a <a href=\"\/sante-idosos\">Sa\u00fade Idosos<\/a> \u203a Roupas adaptadas\n                <\/div>\n<div class=\"article-category\">Guia Pr\u00e1tico<\/div>\n<h1>Como escolher roupas <span class=\"hl\">f\u00e1ceis de vestir<\/span> para vestir uma pessoa idosa?<\/h1>\n<div class=\"article-meta\">\n                    <span>\ud83d\udcc5 Abril 2026<\/span><br \/>\n                    <span>\u23f1\ufe0f 15 min de leitura<\/span><br \/>\n                    <span>\ud83d\udc65 Fam\u00edlias &#038; Profissionais<\/span><br \/>\n                    <span>\u2b50 4.8\/5 (324 avalia\u00e7\u00f5es)<\/span>\n                <\/div>\n<\/p><\/div>\n<\/p><\/div>\n<div class=\"article-hero-curve\"><\/div>\n<\/section>\n<div class=\"article-body\">\n<div class=\"container\">\n<div class=\"intro-block\">\n                O vestu\u00e1rio das pessoas idosas representa um desafio di\u00e1rio que toca tanto a autonomia, a dignidade e o conforto. Diante da diminui\u00e7\u00e3o da mobilidade, dos problemas articulares e das diversas patologias relacionadas \u00e0 idade, a escolha de roupas adequadas torna-se essencial para manter a qualidade de vida. Na DYNSEO, entendemos a import\u00e2ncia desses detalhes do cotidiano que fazem toda a diferen\u00e7a. Essa problem\u00e1tica diz respeito n\u00e3o apenas \u00e0s pessoas idosas, mas tamb\u00e9m aos seus cuidadores e aos profissionais de sa\u00fade que as acompanham. Uma boa escolha de vestu\u00e1rio pode transformar uma tarefa frustrante em um momento de bem-estar compartilhado. Neste guia completo, exploraremos todas as facetas da escolha de roupas f\u00e1ceis de vestir, aliando praticidade, conforto e eleg\u00e2ncia.\n            <\/div>\n<div class=\"stats-grid\">\n<div class=\"stat-card\">\n                    <span class=\"number\">85%<\/span><\/p>\n<div class=\"label\">dos idosos t\u00eam dificuldades de vestu\u00e1rio<\/div>\n<\/p><\/div>\n<div class=\"stat-card\">\n                    <span class=\"number\">60%<\/span><\/p>\n<div class=\"label\">reduzem o tempo de vestu\u00e1rio com roupas adequadas<\/div>\n<\/p><\/div>\n<div class=\"stat-card\">\n                    <span class=\"number\">40%<\/span><\/p>\n<div class=\"label\">ganham em autonomia com as escolhas certas<\/div>\n<\/p><\/div>\n<div class=\"stat-card\">\n                    <span class=\"number\">95%<\/span><\/p>\n<div class=\"label\">dos cuidadores recomendam as roupas adequadas<\/div>\n<\/p><\/div>\n<\/p><\/div>\n<h2>1. Compreender os desafios do vestu\u00e1rio entre os idosos<\/h2>\n<pee>O vestu\u00e1rio di\u00e1rio, gesto natural e autom\u00e1tico para a maioria de n\u00f3s, pode se tornar um verdadeiro percurso de obst\u00e1culos para as pessoas idosas. Essa dificuldade n\u00e3o \u00e9 apenas f\u00edsica, ela tamb\u00e9m toca o aspecto psicol\u00f3gico e emocional. A perda progressiva de autonomia nesses gestos do cotidiano pode gerar frustra\u00e7\u00e3o, sentimento de impot\u00eancia e comprometimento da autoestima.<\/pee>\n<pee>Os dist\u00farbios cognitivos, sejam leves ou mais avan\u00e7ados, complicam ainda mais a situa\u00e7\u00e3o. As pessoas afetadas por dem\u00eancia ou Alzheimer podem esquecer as etapas do vestu\u00e1rio, n\u00e3o reconhecer suas roupas ou ter dificuldades em coordenar seus movimentos. \u00c9 por isso que nossas aplica\u00e7\u00f5es como <a href=\"https:\/\/www.dynseo.com\/pt-pt\/coco-pensa-e-coco-se-mexe\/\" style=\"color: var(--bleu); font-weight: 600;\">COCO PENSA e COCO SE MEXE<\/a> prop\u00f5em exerc\u00edcios de estimula\u00e7\u00e3o cognitiva que podem ajudar a manter essas capacidades o m\u00e1ximo de tempo poss\u00edvel.<\/pee>\n<pee>Al\u00e9m dos aspectos pr\u00e1ticos, o vestu\u00e1rio continua sendo um meio de express\u00e3o pessoal e de manuten\u00e7\u00e3o da dignidade. Uma pessoa idosa que pode escolher suas roupas e se vestir de acordo com seus gostos preserva uma parte importante de sua identidade. As roupas adequadas n\u00e3o devem, portanto, sacrificar a est\u00e9tica em prol da funcionalidade, mas sim conciliar esses dois aspectos essenciais.<\/pee>\n<div class=\"conseil-card\">\n<h4>\ud83d\udca1 Conselho de especialista DYNSEO<\/h4>\n<pee>A adapta\u00e7\u00e3o do vestu\u00e1rio deve ser progressiva e respeitar as prefer\u00eancias da pessoa. Comece identificando as dificuldades espec\u00edficas antes de propor solu\u00e7\u00f5es. Essa abordagem personalizada garante uma melhor aceita\u00e7\u00e3o das mudan\u00e7as.<\/pee>\n            <\/div>\n<div class=\"key-points\">\n<h4>\ud83c\udfaf Pontos-chave a reter<\/h4>\n<ul>\n<li>Dificuldades para se vestir afetam 85% dos idosos<\/li>\n<li>O impacto psicol\u00f3gico \u00e9 t\u00e3o importante quanto os aspectos pr\u00e1ticos<\/li>\n<li>Cada pessoa tem necessidades espec\u00edficas de acordo com suas patologias<\/li>\n<li>A estimula\u00e7\u00e3o cognitiva pode ajudar a manter a autonomia<\/li>\n<\/ul><\/div>\n<h2>2. As caracter\u00edsticas essenciais das roupas adaptadas<\/h2>\n<pee>A escolha de roupas adaptadas baseia-se em v\u00e1rios crit\u00e9rios fundamentais que determinam sua facilidade de uso. A primeira caracter\u00edstica diz respeito aos sistemas de fechamento. Os bot\u00f5es tradicionais, muitas vezes pequenos e dif\u00edceis de manusear com dedos menos \u00e1geis, podem ser substitu\u00eddos por alternativas mais pr\u00e1ticas. Os fechos de velcro, embora eficazes, nem sempre s\u00e3o est\u00e9ticos e podem se desgastar rapidamente.<\/pee>\n<pee>Os fechos magn\u00e9ticos representam uma inova\u00e7\u00e3o not\u00e1vel neste campo. Invis\u00edveis do exterior, oferecem a apar\u00eancia de uma roupa tradicional, enquanto permitem uma abertura e fechamento facilitados. Os bot\u00f5es de press\u00e3o, maiores que os bot\u00f5es cl\u00e1ssicos, tamb\u00e9m constituem uma excelente alternativa, especialmente para pessoas que mant\u00eam certa destreza manual.<\/pee>\n<pee>A modelagem das roupas desempenha um papel crucial na facilidade de vestir. As aberturas largas na regi\u00e3o do pesco\u00e7o evitam as dificuldades relacionadas aos movimentos limitados da cabe\u00e7a e dos bra\u00e7os. As mangas kimono ou raglan facilitam a inser\u00e7\u00e3o dos bra\u00e7os, enquanto os cortes retos reduzem as manipula\u00e7\u00f5es complexas durante o vestir.<\/pee>\n<div class=\"tip-box\">\n<div class=\"tip-box-label\">Dica pr\u00e1tica<\/div>\n<pee>Teste sempre uma roupa antes da compra. Se poss\u00edvel, pe\u00e7a \u00e0 pessoa interessada para experiment\u00e1-la ou simule os gestos de vestir para verificar a praticidade real da roupa.<\/pee>\n            <\/div>\n<div class=\"expert-box\">\n<div class=\"expert-box-label\">Especializa\u00e7\u00e3o DYNSEO<\/div>\n<div class=\"expert-box-title\">A import\u00e2ncia da escolha dos tecidos<\/div>\n<pee>O tecido determina amplamente o conforto e a facilidade de manuten\u00e7\u00e3o de uma roupa adaptada. As misturas de algod\u00e3o e elastano oferecem a suavidade do algod\u00e3o natural com a elasticidade necess\u00e1ria para os movimentos. As fibras sint\u00e9ticas modernas, como o poli\u00e9ster t\u00e9cnico, apresentam a vantagem de serem f\u00e1ceis de cuidar e secar rapidamente.<\/pee>\n<div class=\"expert-inner\">\n<div class=\"expert-inner-title\">Crit\u00e9rios de sele\u00e7\u00e3o dos tecidos:<\/div>\n<pee>Priorize os tecidos respir\u00e1veis que eliminam a umidade, essenciais para as pessoas menos m\u00f3veis. Evite materiais que prendem ou que necessitam de cuidados especiais. A facilidade de lavagem na m\u00e1quina \u00e9 um crit\u00e9rio determinante para os cuidadores.<\/pee>\n                <\/div>\n<\/p><\/div>\n<h2>3. Solu\u00e7\u00f5es para a parte superior do corpo<\/h2>\n<pee>Vestir a parte superior do corpo apresenta desafios particulares, especialmente para as pessoas com limita\u00e7\u00f5es na mobilidade dos bra\u00e7os e ombros. Camisas e blusas tradicionais podem ser substitu\u00eddas por modelos especialmente projetados com aberturas adequadas. Camisas com abertura nas costas, por exemplo, permitem vestir uma pessoa sentada sem precisar levantar os bra\u00e7os.<\/pee>\n<pee>Os su\u00e9teres e coletes frequentemente representam um grande desafio devido \u00e0 abertura estreita na regi\u00e3o do colarinho. As alternativas incluem cardigans longos com fechos facilitados, ou su\u00e9teres com z\u00edper que se abrem amplamente. Alguns modelos oferecem aberturas parciais nos ombros, ocultas por abas, que facilitam muito o vestir.<\/pee>\n<pee>Para as pessoas em cadeira de rodas, adapta\u00e7\u00f5es espec\u00edficas s\u00e3o necess\u00e1rias. As costas mais curtas evitam dobras desconfort\u00e1veis, enquanto as frentes mais longas garantem uma boa cobertura. As mangas podem ser ligeiramente mais curtas para evitar que se prendam nas rodas ou nos apoios de bra\u00e7o.<\/pee>\n<div class=\"conseil-card\">\n<h4>\ud83d\udd27 Solu\u00e7\u00f5es t\u00e9cnicas inovadoras<\/h4>\n<pee>As roupas com aberturas laterais permitem um vestir facilitado para as pessoas acamadas. Esses sistemas, desenvolvidos inicialmente para hospitais, agora est\u00e3o dispon\u00edveis em vers\u00f5es mais est\u00e9ticas para o dia a dia.<\/pee>\n            <\/div>\n<h2>4. Adaptar as roupas da parte inferior<\/h2>\n<pee>As cal\u00e7as e saias adaptadas exigem uma abordagem diferente dependendo do n\u00edvel de mobilidade da pessoa. Para as pessoas em p\u00e9, mas com dificuldades de equil\u00edbrio, as cal\u00e7as de cintura el\u00e1stica alta oferecem conforto e facilidade de vestir. Os modelos com fechos laterais ou sistemas de ajuste por velcro permitem um ajuste personalizado sem as limita\u00e7\u00f5es de um cinto tradicional.<\/pee>\n<pee>As pessoas em cadeira de rodas se beneficiam de cal\u00e7as especialmente projetadas com costas elevadas para evitar dobras na regi\u00e3o dos quadris e joelhos pr\u00e9-formados para se adaptar \u00e0 posi\u00e7\u00e3o sentada. Essas adapta\u00e7\u00f5es, embora t\u00e9cnicas, podem ser integradas em designs elegantes e contempor\u00e2neos.<\/pee>\n<pee>A lingerie adaptada, muitas vezes negligenciada, desempenha um papel essencial no conforto di\u00e1rio. Os suti\u00e3s com abertura frontal, as calcinhas altas em materiais suaves e a roupa \u00edntima sem costuras reduzem os riscos de irrita\u00e7\u00e3o e facilitam as trocas, especialmente importantes para as pessoas com problemas de incontin\u00eancia.<\/pee>\n<div class=\"key-points\">\n<h4>\ud83c\udfaf Checklist para as roupas de baixo<\/h4>\n<ul>\n<li>Tamanho ajust\u00e1vel sem cinto complexo<\/li>\n<li>Aberturas facilitadas (lateral ou traseira)<\/li>\n<li>Materiais el\u00e1sticos e confort\u00e1veis<\/li>\n<li>Adapta\u00e7\u00f5es espec\u00edficas conforme a mobilidade<\/li>\n<li>Facilidade de manuten\u00e7\u00e3o e lavagem<\/li>\n<\/ul><\/div>\n<h2>5. Cal\u00e7ados e acess\u00f3rios adequados<\/h2>\n<pee>A escolha dos cal\u00e7ados \u00e9 de extrema import\u00e2ncia para a seguran\u00e7a e a autonomia das pessoas idosas. Os cal\u00e7ados tradicionais com cadar\u00e7os muitas vezes se tornam imposs\u00edveis de usar quando a flexibilidade diminui. As alternativas incluem cal\u00e7ados com velcro, mais f\u00e1ceis de ajustar, ou modelos slip-on que s\u00e3o cal\u00e7ados sem manipula\u00e7\u00e3o complexa.<\/pee>\n<pee>Os cal\u00e7ados terap\u00eauticos, desenvolvidos especialmente para p\u00e9s sens\u00edveis ou deformados, integram tecnologias avan\u00e7adas. Solas remov\u00edveis para \u00f3rteses, materiais hipoalerg\u00eanicos e sistemas de ajuste progressivo permitem conciliar conforto m\u00e9dico e est\u00e9tica aceit\u00e1vel. Alguns modelos oferecem at\u00e9 aberturas extra-largas que se fecham completamente uma vez cal\u00e7ados.<\/pee>\n<pee>Os acess\u00f3rios como len\u00e7os, chap\u00e9us e joias tamb\u00e9m devem ser repensados. Os len\u00e7os com sistemas de fixa\u00e7\u00e3o magn\u00e9tica evitam n\u00f3s complexos, enquanto os chap\u00e9us com el\u00e1sticos integrados permanecem no lugar sem apertar. Esses detalhes, aparentemente menores, contribuem significativamente para a manuten\u00e7\u00e3o da autonomia e da autoestima.<\/pee>\n<div class=\"tip-box\">\n<div class=\"tip-box-label\">Seguran\u00e7a em primeiro lugar<\/div>\n<pee>Verifique regularmente o estado das solas para evitar quedas. Os cal\u00e7ados adequados devem aliar conforto e ader\u00eancia, particularmente importante em pisos escorregadios.<\/pee>\n            <\/div>\n<h2>6. A abordagem psicol\u00f3gica da vestimenta adequada<\/h2>\n<pee>Al\u00e9m dos aspectos puramente t\u00e9cnicos, a introdu\u00e7\u00e3o de roupas adequadas deve levar em conta a dimens\u00e3o psicol\u00f3gica. A mudan\u00e7a pode ser percebida como uma perda adicional de autonomia, gerando resist\u00eancia e tristeza. O acompanhamento dessa transi\u00e7\u00e3o requer tato, empatia e paci\u00eancia por parte dos cuidadores e dos familiares.<\/pee>\n<pee>A personaliza\u00e7\u00e3o continua sendo essencial para manter a identidade vestimentar. Uma pessoa acostumada a cores vibrantes n\u00e3o deve ser imposta a usar roupas sem gra\u00e7a sob o pretexto de praticidade. Da mesma forma, respeitar os h\u00e1bitos de eleg\u00e2ncia ou descontra\u00e7\u00e3o contribui para o bem-estar psicol\u00f3gico. As marcas modernas agora oferecem linhas adaptadas em diferentes estilos para atender a essas necessidades individuais.<\/pee>\n<pee>A implica\u00e7\u00e3o da pessoa envolvida na escolha de suas novas roupas, mesmo que parcial, preserva seu sentimento de controle sobre sua vida cotidiana. Essa abordagem participativa, apoiada por exerc\u00edcios de estimula\u00e7\u00e3o cognitiva como os propostos em <a href=\"https:\/\/www.dynseo.com\/pt-pt\/coco-pensa-e-coco-se-mexe\/\" style=\"color: var(--bleu); font-weight: 600;\">nossos aplicativos COCO<\/a>, contribui para a manuten\u00e7\u00e3o da autonomia decisional.<\/pee>\n<div class=\"expert-box\">\n<div class=\"expert-box-label\">Abordagem DYNSEO<\/div>\n<div class=\"expert-box-title\">Manter a autonomia pela estimula\u00e7\u00e3o<\/div>\n<pee>O vestir envolve muitas fun\u00e7\u00f5es cognitivas: mem\u00f3ria sequencial, coordena\u00e7\u00e3o, reconhecimento espacial. Nossos exerc\u00edcios de estimula\u00e7\u00e3o cognitiva podem ajudar a manter essas capacidades essenciais.<\/pee>\n<div class=\"expert-inner\">\n<div class=\"expert-inner-title\">Exerc\u00edcios recomendados:<\/div>\n<pee>Os jogos de sequenciamento, os exerc\u00edcios de coordena\u00e7\u00e3o m\u00e3o-olho e as atividades de reconhecimento visual contribuem para preservar as capacidades necess\u00e1rias ao vestir-se de forma aut\u00f4noma. Uma abordagem global combinando adapta\u00e7\u00e3o material e estimula\u00e7\u00e3o cognitiva otimiza os resultados.<\/pee>\n                <\/div>\n<\/p><\/div>\n<h2>7. Guia de compra e onde encontrar roupas adaptadas<\/h2>\n<pee>O mercado de roupas adaptadas se desenvolveu consideravelmente nos \u00faltimos anos, oferecendo uma escolha mais ampla tanto em termos de estilos quanto de pre\u00e7os. As lojas especializadas em material m\u00e9dico geralmente oferecem linhas funcionais, mas muitas vezes limitadas em termos de est\u00e9tica. Em contrapartida, algumas marcas de moda tradicionais come\u00e7am a integrar linhas adaptadas em suas cole\u00e7\u00f5es.<\/pee>\n<pee>A compra online apresenta a vantagem da discri\u00e7\u00e3o e da ampla escolha, mas requer aten\u00e7\u00e3o especial \u00e0s guias de tamanhos e \u00e0s pol\u00edticas de devolu\u00e7\u00e3o. A maioria dos sites especializados oferece descri\u00e7\u00f5es detalhadas das adapta\u00e7\u00f5es e dicas de uso. As avalia\u00e7\u00f5es de clientes constituem uma fonte de informa\u00e7\u00e3o valiosa sobre a qualidade real e a durabilidade dos produtos.<\/pee>\n<pee>Os servi\u00e7os de personal shopping especializados no setor de idosos tamb\u00e9m est\u00e3o se desenvolvendo. Esses profissionais acompanham as fam\u00edlias em suas escolhas, oferecem provas em casa e garantem um acompanhamento personalizado. Essa abordagem, embora mais cara, garante resultados adaptados \u00e0s necessidades espec\u00edficas de cada pessoa.<\/pee>\n<div class=\"conseil-card\">\n<h4>\ud83d\udcb0 Optimizar o or\u00e7amento para roupas adaptadas<\/h4>\n<pee>Invista prioritariamente nas pe\u00e7as do dia a dia: roupas \u00edntimas, cal\u00e7as de casa e sapatos. As roupas de sair podem ser adaptadas gradualmente. Algumas seguradoras reembolsam parcialmente as roupas adaptadas com prescri\u00e7\u00e3o m\u00e9dica.<\/pee>\n            <\/div>\n<h2>8. Adapta\u00e7\u00e3o e personaliza\u00e7\u00e3o das roupas existentes<\/h2>\n<pee>Todas as roupas n\u00e3o precisam ser substitu\u00eddas imediatamente. Muitas adapta\u00e7\u00f5es podem ser feitas nas roupas existentes para torn\u00e1-las mais funcionais. Um costureiro experiente ou um familiar habilidoso pode transformar pe\u00e7as cl\u00e1ssicas em roupas adaptadas, mantendo sua est\u00e9tica original.<\/pee>\n<pee>As modifica\u00e7\u00f5es mais comuns incluem a substitui\u00e7\u00e3o de bot\u00f5es por sistemas magn\u00e9ticos, a adi\u00e7\u00e3o de aberturas laterais discretas ou a transforma\u00e7\u00e3o de z\u00edperes em sistemas com puxadores mais largos. Essas adapta\u00e7\u00f5es, muitas vezes menos custosas do que a compra de roupas novas, permitem conservar pe\u00e7as que t\u00eam valor sentimental.<\/pee>\n<pee>Kits de adapta\u00e7\u00e3o est\u00e3o dispon\u00edveis no com\u00e9rcio, incluindo \u00edm\u00e3s super fortes para roupas, puxadores ergon\u00f4micos e sistemas de fechamento alternativos. Essas solu\u00e7\u00f5es permitem que os cuidadores realizem algumas modifica\u00e7\u00f5es simples, refor\u00e7ando seu sentimento de serem protagonistas na melhoria do cotidiano de seus entes queridos.<\/pee>\n<div class=\"key-points\">\n<h4>\ud83d\udee0\ufe0f Modifica\u00e7\u00f5es poss\u00edveis em casa<\/h4>\n<ul>\n<li>Substituir bot\u00f5es por fechos magn\u00e9ticos<\/li>\n<li>Ampliar as aberturas na regi\u00e3o do pesco\u00e7o<\/li>\n<li>Adicionar el\u00e1sticos nas cinturas das cal\u00e7as<\/li>\n<li>Instalar puxadores ergon\u00f4micos nos fechos<\/li>\n<li>Criar aberturas laterais com velcro invis\u00edvel<\/li>\n<\/ul><\/div>\n<h2>9. Impacto sobre os cuidadores e profissionais<\/h2>\n<pee>Os benef\u00edcios das roupas adaptadas n\u00e3o se limitam \u00e0s pessoas que as usam. Os cuidadores familiares e profissionais veem seu cotidiano consideravelmente melhorado gra\u00e7as a essas solu\u00e7\u00f5es pr\u00e1ticas. O tempo dedicado ao vestir pode ser reduzido pela metade, liberando tempo para outras atividades de cuidado ou de relacionamento.<\/pee>\n<pee>No Lar de idosos, o impacto \u00e9 particularmente significativo. As equipes de cuidados podem dedicar mais tempo ao acompanhamento relacional e aos cuidados m\u00e9dicos, em vez das dificuldades t\u00e9cnicas de vestir. Essa otimiza\u00e7\u00e3o do tempo de trabalho melhora as condi\u00e7\u00f5es de trabalho do pessoal e a qualidade do atendimento aos residentes.<\/pee>\n<pee>A redu\u00e7\u00e3o do estresse relacionado ao vestir beneficia a todos. Os momentos de frustra\u00e7\u00e3o, fonte de tens\u00e3o tanto para a pessoa idosa quanto para o cuidador, diminuem significativamente. Essa melhoria no ambiente cotidiano contribui para o bem-estar geral e pode at\u00e9 desacelerar a progress\u00e3o de certos dist\u00farbios comportamentais relacionados \u00e0 dem\u00eancia.<\/pee>\n<div class=\"expert-box\">\n<div class=\"expert-box-label\">Depoimento profissional<\/div>\n<div class=\"expert-box-title\">A experi\u00eancia em estabelecimento<\/div>\n<pee>Marie, auxiliar de enfermagem em Lar de idosos, testemunha: &#8220;Desde que adotamos as roupas adaptadas para nossos residentes, as manh\u00e3s foram transformadas. Menos estresse, mais sorrisos e, acima de tudo, mais tempo para conversar com cada um.&#8221;<\/pee>\n<div class=\"expert-inner\">\n<div class=\"expert-inner-title\">Benef\u00edcios observados:<\/div>\n<pee>Redu\u00e7\u00e3o de 40% do tempo de vestir, diminui\u00e7\u00e3o dos incidentes relacionados \u00e0 frustra\u00e7\u00e3o, melhoria do humor geral dos residentes e otimiza\u00e7\u00e3o do planejamento das equipes de cuidados.<\/pee>\n                <\/div>\n<\/p><\/div>\n<h2>10. Manuten\u00e7\u00e3o e durabilidade das roupas adaptadas<\/h2>\n<pee>A longevidade das roupas adaptadas depende amplamente de sua manuten\u00e7\u00e3o adequada. Os sistemas de fechamento especiais exigem precau\u00e7\u00f5es espec\u00edficas durante a lavagem. Os fechos de velcro devem ser fechados antes da lavagem para evitar que se prendam a outros tecidos, enquanto os \u00edm\u00e3s podem exigir uma lavagem em temperatura moderada para preservar sua efic\u00e1cia.<\/pee>\n<pee>A secagem tamb\u00e9m representa um ponto de aten\u00e7\u00e3o. Alguns tecidos t\u00e9cnicos n\u00e3o suportam a secadora, enquanto outros s\u00e3o especialmente projetados para secagem r\u00e1pida. A leitura atenta das etiquetas de manuten\u00e7\u00e3o e o cumprimento das instru\u00e7\u00f5es garantem uma vida \u00fatil ideal das roupas, rentabilizando assim o investimento inicial.<\/pee>\n<pee>A constitui\u00e7\u00e3o de um guarda-roupa adaptado requer planejamento para evitar per\u00edodos sem roupas limpas. O ideal \u00e9 ter tr\u00eas exemplares das pe\u00e7as mais utilizadas: uma vestida, uma suja, uma limpa. Essa organiza\u00e7\u00e3o, particularmente importante em casos de incontin\u00eancia ou dist\u00farbios alimentares, assegura uma continuidade no conforto vestimentar.<\/pee>\n<div class=\"tip-box\">\n<div class=\"tip-box-label\">Dica de manuten\u00e7\u00e3o<\/div>\n<pee>Crie um sistema de marca\u00e7\u00e3o discreta para identificar rapidamente as roupas de cada pessoa na institui\u00e7\u00e3o, ou para diferenciar os tamanhos em um mesmo guarda-roupa pessoal. As etiquetas termocolantes resistem melhor \u00e0s lavagens repetidas.<\/pee>\n            <\/div>\n<h2>11. Tecnologias inovadoras e futuro do setor<\/h2>\n<pee>A ind\u00fastria t\u00eaxtil desenvolve constantemente novas solu\u00e7\u00f5es para atender \u00e0s crescentes necessidades do mercado de idosos. Os tecidos inteligentes, capazes de regular a temperatura corporal ou evacuar a umidade de maneira otimizada, representam o futuro pr\u00f3ximo das roupas adaptadas. Essas inova\u00e7\u00f5es, oriundas da pesquisa espacial ou esportiva, agora encontram aplica\u00e7\u00e3o no campo gerontol\u00f3gico.<\/pee>\n<pee>Os sensores integrados \u00e0s roupas abrem perspectivas fascinantes para o monitoramento da sa\u00fade. Detec\u00e7\u00e3o de quedas, monitoramento card\u00edaco ou an\u00e1lise de movimentos podem ser integrados de forma invis\u00edvel nos tecidos. Essas tecnologias, ainda emergentes, poderiam revolucionar o cuidado das pessoas idosas em casa.<\/pee>\n<pee>A impress\u00e3o 3D tamb\u00e9m come\u00e7a a encontrar seu lugar neste setor, especialmente para a cria\u00e7\u00e3o de acess\u00f3rios sob medida: bot\u00f5es ergon\u00f4micos, fechos personalizados ou elementos decorativos adaptados. Essa tecnologia permite uma personaliza\u00e7\u00e3o avan\u00e7ada a um custo razo\u00e1vel, atendendo \u00e0s necessidades espec\u00edficas de cada usu\u00e1rio.<\/pee>\n<div class=\"conseil-card\">\n<h4>\ud83d\ude80 Vis\u00e3o de futuro DYNSEO<\/h4>\n<pee>A integra\u00e7\u00e3o da tecnologia na vestimenta adaptada se insere em nossa vis\u00e3o global de um envelhecimento assistido pelo digital. Nossas solu\u00e7\u00f5es de estimula\u00e7\u00e3o cognitiva como <a href=\"https:\/\/www.dynseo.com\/pt-pt\/coco-pensa-e-coco-se-mexe\/\" style=\"color: var(--bleu); font-weight: 600;\">COCO PENSA e COCO SE MEXE<\/a> prefiguram essa abordagem hol\u00edstica do bem-estar idoso.<\/pee>\n            <\/div>\n<h2>12. Aspectos econ\u00f4micos e cuidados<\/h2>\n<pee>O custo das roupas adaptadas muitas vezes constitui um obst\u00e1culo \u00e0 sua ado\u00e7\u00e3o, particularmente para fam\u00edlias de baixa renda. No entanto, \u00e9 importante considerar essas compras como um investimento na qualidade de vida e na autonomia. O custo hor\u00e1rio de um cuidador para o vestu\u00e1rio rapidamente supera o pre\u00e7o de uma roupa adaptada usada diariamente por v\u00e1rios anos.<\/pee>\n<pee>Existem algumas ajudas financeiras para apoiar essas despesas. A Aloca\u00e7\u00e3o Personalizada de Autonomia (APA) pode incluir a compra de roupas adaptadas no plano de ajuda, sob certas condi\u00e7\u00f5es. As seguradoras tamb\u00e9m est\u00e3o come\u00e7ando a oferecer pacotes especiais para equipamentos de manuten\u00e7\u00e3o em casa, incluindo \u00e0s vezes roupas terap\u00eauticas.<\/pee>\n<pee>As associa\u00e7\u00f5es de caridade e os servi\u00e7os sociais das prefeituras \u00e0s vezes oferecem bolsas para roupas adaptadas ou parcerias com fabricantes. Essas iniciativas, ainda raras, tendem a se desenvolver diante da demanda crescente. N\u00e3o hesite em se informar junto aos CCAS (Centros Comunit\u00e1rios de A\u00e7\u00e3o Social) para conhecer as ajudas dispon\u00edveis localmente.<\/pee>\n<div class=\"key-points\">\n<h4>\ud83d\udcb0 Fontes de financiamento poss\u00edveis<\/h4>\n<ul>\n<li>APA (Aloca\u00e7\u00e3o Personalizada de Autonomia)<\/li>\n<li>Planos de sa\u00fade especializados<\/li>\n<li>Ajudas dos conselhos departamentais<\/li>\n<li>Associa\u00e7\u00f5es de caridade locais<\/li>\n<li>Cr\u00e9ditos fiscais para equipamentos m\u00e9dicos<\/li>\n<\/ul><\/div>\n<div class=\"faq-list\">\n<h3>\u2753 Perguntas frequentes<\/h3>\n<div class=\"faq-item\">\n<div class=\"faq-q\">\n                        <span>A partir de quando deve-se considerar roupas adaptadas?<\/span><br \/>\n                        <span class=\"faq-icon\">+<\/span>\n                    <\/div>\n<div class=\"faq-a\">\n                        <pee>Recomenda-se considerar roupas adaptadas assim que surgirem os primeiros sinais de dificuldade ao se vestir: tempo de vestir que se alonga, frustra\u00e7\u00e3o repetida, pedido de ajuda frequente ou dores durante os movimentos. \u00c9 melhor antecipar do que esperar que a situa\u00e7\u00e3o se torne cr\u00edtica. Uma transi\u00e7\u00e3o gradual permite uma melhor aceita\u00e7\u00e3o.<\/pee>\n                    <\/div>\n<\/p><\/div>\n<div class=\"faq-item\">\n<div class=\"faq-q\">\n                        <span>As roupas adaptadas s\u00e3o realmente est\u00e9ticas?<\/span><br \/>\n                        <span class=\"faq-icon\">+<\/span>\n                    <\/div>\n<div class=\"faq-a\">\n                        <pee>As roupas adaptadas evolu\u00edram consideravelmente em termos de design. As marcas modernas oferecem cole\u00e7\u00f5es elegantes que rivalizam com a moda tradicional. As adapta\u00e7\u00f5es s\u00e3o muitas vezes invis\u00edveis do exterior, permitindo manter estilo e eleg\u00e2ncia. Agora existem linhas adaptadas em todos os estilos: cl\u00e1ssico, casual, elegante ou esportivo.<\/pee>\n                    <\/div>\n<\/p><\/div>\n<div class=\"faq-item\">\n<div class=\"faq-q\">\n                        <span>Como convencer uma pessoa idosa relutante a usar roupas adequadas?<\/span><br \/>\n                        <span class=\"faq-icon\">+<\/span>\n                    <\/div>\n<div class=\"faq-a\">\n                        <pee>A comunica\u00e7\u00e3o e a paci\u00eancia s\u00e3o essenciais. Explique as vantagens em termos de conforto em vez de necessidade m\u00e9dica. Proponha experimentar uma \u00fanica pe\u00e7a de roupa para come\u00e7ar, de prefer\u00eancia em um estilo que agrade \u00e0 pessoa. Envolva-a na escolha das cores e modelos. Mostre exemplos est\u00e9ticos e compartilhe a experi\u00eancia positiva de outras pessoas.<\/pee>\n                    <\/div>\n<\/p><\/div>\n<div class=\"faq-item\">\n<div class=\"faq-q\">\n                        <span>\u00c9 poss\u00edvel adaptar roupas existentes por conta pr\u00f3pria?<\/span><br \/>\n                        <span class=\"faq-icon\">+<\/span>\n                    <\/div>\n<div class=\"faq-a\">\n                        <pee>Sim, muitas adapta\u00e7\u00f5es simples podem ser realizadas em casa com um m\u00ednimo de material. Substituir bot\u00f5es por fechos magn\u00e9ticos, adicionar el\u00e1sticos ou instalar puxadores mais largos s\u00e3o modifica\u00e7\u00f5es acess\u00edveis. Kits de adapta\u00e7\u00e3o est\u00e3o dispon\u00edveis no com\u00e9rcio com instru\u00e7\u00f5es detalhadas. Para modifica\u00e7\u00f5es mais complexas, \u00e9 recomend\u00e1vel recorrer a um costureiro experiente.<\/pee>\n                    <\/div>\n<\/p><\/div>\n<div class=\"faq-item\">\n<div class=\"faq-q\">\n                        <span>As roupas adaptadas requerem manuten\u00e7\u00e3o especial?<\/span><br \/>\n                        <span class=\"faq-icon\">+<\/span>\n                    <\/div>\n<div class=\"faq-a\">\n                        <pee>A manuten\u00e7\u00e3o depende do tipo de adapta\u00e7\u00f5es presentes na roupa. Os fechos de velcro devem ser fechados antes da lavagem, os \u00edm\u00e3s podem exigir temperaturas moderadas. A maioria das roupas adaptadas \u00e9 projetada para uma manuten\u00e7\u00e3o f\u00e1cil, muitas vezes lav\u00e1veis \u00e0 m\u00e1quina. \u00c9 importante seguir as instru\u00e7\u00f5es de manuten\u00e7\u00e3o para preservar a efic\u00e1cia dos sistemas de adapta\u00e7\u00e3o.<\/pee>\n                    <\/div>\n<\/p><\/div>\n<\/p><\/div>\n<div class=\"cta-box\">\n<h3>Descubra nossas solu\u00e7\u00f5es para o bem-estar dos idosos<\/h3>\n<pee>Na DYNSEO, estamos comprometidos em melhorar a qualidade de vida das pessoas idosas por meio de solu\u00e7\u00f5es inovadoras. Nossos aplicativos de estimula\u00e7\u00e3o cognitiva complementam perfeitamente uma abordagem global do bem-estar, incluindo a adapta\u00e7\u00e3o vestimentar.<\/pee>\n<div class=\"cta-buttons\">\n                    <a href=\"https:\/\/www.dynseo.com\/pt-pt\/coco-pensa-e-coco-se-mexe\/\" class=\"btn-white\">Descobrir COCO PENSA &#038; COCO SE MEXE<\/a><br \/>\n                    <a href=\"#\" class=\"btn-outline\">Saiba mais<\/a>\n                <\/div>\n<\/p><\/div>\n<div class=\"article-tags\">\n                <strong>Tags :<\/strong><br \/>\n                <a href=\"#\" class=\"article-tag\">roupas adaptadas<\/a><br \/>\n                <a href=\"#\" class=\"article-tag\">pessoas idosas<\/a><br \/>\n                <a href=\"#\" class=\"article-tag\">autonomia<\/a><br \/>\n                <a href=\"#\" class=\"article-tag\">cuidadores<\/a><br \/>\n                <a href=\"#\" class=\"article-tag\">conforto<\/a><br \/>\n                <a href=\"#\" class=\"article-tag\">Lar de idosos<\/a><br \/>\n                <a href=\"#\" class=\"article-tag\">manuten\u00e7\u00e3o em casa<\/a><br \/>\n                <a href=\"#\" class=\"article-tag\">bem-estar<\/a>\n            <\/div>\n<\/p><\/div>\n<\/p><\/div>\n<p>[\/et_pb_code][\/et_pb_column][\/et_pb_row][\/et_pb_section]<\/p>\n","protected":false},"excerpt":{"rendered":"","protected":false},"author":4,"featured_media":26792,"comment_status":"closed","ping_status":"closed","sticky":false,"template":"","format":"standard","meta":{"_et_pb_use_builder":"on","_et_pb_old_content":"[et_pb_section fb_built=\"1\" _builder_version=\"4.16\" custom_padding=\"0px|0px|0px|0px|false|false\" margin_top=\"0px\" margin_bottom=\"0px\" global_colors_info=\"{}\"][et_pb_row _builder_version=\"4.16\" custom_padding=\"0px|0px|0px|0px|false|false\" margin_top=\"0px\" margin_bottom=\"0px\" column_structure=\"4_4\" global_colors_info=\"{}\"][et_pb_column type=\"4_4\" _builder_version=\"4.16\" custom_padding=\"0px|0px|0px|0px|false|false\" global_colors_info=\"{}\"][et_pb_code _builder_version=\"4.16\" custom_padding=\"0px|0px|0px|0px|false|false\" global_colors_info=\"{}\"]<style>\n        :root {\n            --bleu: #5e5ed7;\n            --bleu-dark: #5268c9;\n            --teal: #a9e2e4;\n            --jaune: #ffeca7;\n            --rose: #e73469;\n            --gris-clair: #f8f9fa;\n            --gris-moyen: #6c757d;\n            --blanc: #ffffff;\n            --noir: #212529;\n        }\n\n        * {\n            margin: 0;\n            padding: 0;\n            box-sizing: border-box;\n        }\n\n        body {\n            font-family: 'Poppins', sans-serif;\n            line-height: 1.6;\n            color: var(--noir);\n            background-color: var(--blanc);\n        }\n\n        .container {\n            max-width: 1200px;\n            margin: 0 auto;\n            padding: 0 20px;\n        }\n\n        .article-hero {\n            background: linear-gradient(135deg, var(--bleu) 0%, var(--bleu-dark) 100%);\n            color: var(--blanc);\n            padding: 60px 0 100px;\n            position: relative;\n            overflow: hidden;\n        }\n\n        .article-hero-inner {\n            position: relative;\n            z-index: 2;\n        }\n\n        .article-breadcrumb {\n            font-size: 14px;\n            margin-bottom: 20px;\n            opacity: 0.9;\n        }\n\n        .article-breadcrumb a {\n            color: var(--blanc);\n            text-decoration: none;\n            opacity: 0.8;\n        }\n\n        .article-breadcrumb a:hover {\n            opacity: 1;\n        }\n\n        .article-category {\n            display: inline-block;\n            background: var(--rose);\n            color: var(--blanc);\n            padding: 8px 16px;\n            border-radius: 20px;\n            font-size: 12px;\n            font-weight: 600;\n            text-transform: uppercase;\n            letter-spacing: 1px;\n            margin-bottom: 20px;\n        }\n\n        .article-hero h1 {\n            font-family: 'Montserrat', sans-serif;\n            font-size: 2.5rem;\n            font-weight: 700;\n            margin-bottom: 20px;\n            line-height: 1.2;\n        }\n\n        .hl {\n            background: var(--jaune);\n            color: var(--noir);\n            padding: 2px 8px;\n            border-radius: 4px;\n        }\n\n        .article-meta {\n            display: flex;\n            align-items: center;\n            gap: 20px;\n            margin-bottom: 30px;\n            font-size: 14px;\n            opacity: 0.9;\n        }\n\n        .article-meta span {\n            display: flex;\n            align-items: center;\n            gap: 5px;\n        }\n\n        .article-hero-curve {\n            position: absolute;\n            bottom: -1px;\n            left: 0;\n            right: 0;\n            height: 60px;\n            background: var(--blanc);\n            clip-path: polygon(0 100%, 100% 100%, 100% 0, 0 80%);\n        }\n\n        .article-body {\n            padding: 60px 0;\n        }\n\n        .intro-block {\n            background: var(--gris-clair);\n            padding: 40px;\n            border-radius: 12px;\n            margin-bottom: 60px;\n            border-left: 4px solid var(--bleu);\n            font-size: 1.1rem;\n            line-height: 1.7;\n        }\n\n        .stats-grid {\n            display: grid;\n            grid-template-columns: repeat(auto-fit, minmax(250px, 1fr));\n            gap: 30px;\n            margin-bottom: 60px;\n        }\n\n        .stat-card {\n            background: var(--blanc);\n            padding: 30px;\n            border-radius: 12px;\n            text-align: center;\n            box-shadow: 0 5px 20px rgba(0,0,0,0.1);\n            border-top: 4px solid var(--bleu);\n        }\n\n        .stat-card .number {\n            font-family: 'Montserrat', sans-serif;\n            font-size: 2.5rem;\n            font-weight: 700;\n            color: var(--bleu);\n            margin-bottom: 10px;\n            display: block;\n        }\n\n        .stat-card .label {\n            font-weight: 500;\n            color: var(--gris-moyen);\n        }\n\n        .article-body h2 {\n            font-family: 'Montserrat', sans-serif;\n            font-size: 2rem;\n            font-weight: 600;\n            color: var(--bleu-dark);\n            margin: 50px 0 30px;\n            padding-bottom: 15px;\n            border-bottom: 2px solid var(--teal);\n        }\n\n        .article-body h3 {\n            font-family: 'Montserrat', sans-serif;\n            font-size: 1.4rem;\n            font-weight: 600;\n            color: var(--bleu-dark);\n            margin: 30px 0 20px;\n        }\n\n        .article-body p {\n            margin-bottom: 20px;\n            line-height: 1.7;\n        }\n\n        .conseil-card {\n            background: linear-gradient(135deg, var(--teal), #98d8da);\n            padding: 30px;\n            border-radius: 12px;\n            margin: 30px 0;\n            color: var(--noir);\n        }\n\n        .conseil-card h4 {\n            font-family: 'Montserrat', sans-serif;\n            font-weight: 600;\n            margin-bottom: 15px;\n            color: var(--bleu-dark);\n        }\n\n        .key-points {\n            background: var(--jaune);\n            padding: 25px;\n            border-radius: 8px;\n            margin: 30px 0;\n        }\n\n        .key-points h4 {\n            font-family: 'Montserrat', sans-serif;\n            font-weight: 600;\n            margin-bottom: 15px;\n            color: var(--bleu-dark);\n        }\n\n        .key-points ul {\n            list-style: none;\n            padding-left: 0;\n        }\n\n        .key-points li {\n            padding: 8px 0;\n            padding-left: 25px;\n            position: relative;\n        }\n\n        .key-points li:before {\n            content: \"\u2713\";\n            position: absolute;\n            left: 0;\n            color: var(--bleu);\n            font-weight: bold;\n        }\n\n        .tip-box {\n            background: var(--gris-clair);\n            border-left: 4px solid var(--rose);\n            padding: 25px;\n            margin: 30px 0;\n            border-radius: 8px;\n        }\n\n        .tip-box-label {\n            font-family: 'Montserrat', sans-serif;\n            font-weight: 600;\n            color: var(--rose);\n            font-size: 14px;\n            text-transform: uppercase;\n            margin-bottom: 10px;\n        }\n\n        .expert-box {\n            background: linear-gradient(135deg, var(--bleu), var(--bleu-dark));\n            color: var(--blanc);\n            padding: 40px;\n            border-radius: 12px;\n            margin: 40px 0;\n            position: relative;\n        }\n\n        .expert-box-label {\n            font-size: 12px;\n            text-transform: uppercase;\n            letter-spacing: 1px;\n            opacity: 0.9;\n            margin-bottom: 10px;\n        }\n\n        .expert-box-title {\n            font-family: 'Montserrat', sans-serif;\n            font-size: 1.3rem;\n            font-weight: 600;\n            margin-bottom: 20px;\n        }\n\n        .expert-inner {\n            background: rgba(255,255,255,0.1);\n            padding: 25px;\n            border-radius: 8px;\n            margin-top: 20px;\n        }\n\n        .expert-inner-title {\n            font-family: 'Montserrat', sans-serif;\n            font-weight: 600;\n            margin-bottom: 15px;\n        }\n\n        .faq-list {\n            margin: 50px 0;\n        }\n\n        .faq-item {\n            border: 1px solid #e9ecef;\n            border-radius: 8px;\n            margin-bottom: 15px;\n            overflow: hidden;\n        }\n\n        .faq-q {\n            background: var(--gris-clair);\n            padding: 20px;\n            cursor: pointer;\n            display: flex;\n            justify-content: space-between;\n            align-items: center;\n            font-weight: 500;\n            transition: background 0.3s;\n        }\n\n        .faq-q:hover {\n            background: #e9ecef;\n        }\n\n        .faq-icon {\n            font-size: 18px;\n            font-weight: bold;\n            color: var(--bleu);\n        }\n\n        .faq-a {\n            padding: 0 20px;\n            max-height: 0;\n            overflow: hidden;\n            transition: all 0.3s;\n        }\n\n        .faq-item.open .faq-a {\n            padding: 20px;\n            max-height: 500px;\n        }\n\n        .faq-item.open .faq-icon {\n            transform: rotate(45deg);\n        }\n\n        .cta-box {\n            background: linear-gradient(135deg, var(--rose), #d12c5a);\n            color: var(--blanc);\n            padding: 50px;\n            border-radius: 12px;\n            text-align: center;\n            margin: 50px 0;\n        }\n\n        .cta-box h3 {\n            font-family: 'Montserrat', sans-serif;\n            font-size: 1.8rem;\n            margin-bottom: 20px;\n        }\n\n        .cta-buttons {\n            display: flex;\n            gap: 20px;\n            justify-content: center;\n            flex-wrap: wrap;\n            margin-top: 30px;\n        }\n\n        .btn-white {\n            background: var(--blanc);\n            color: var(--rose);\n            padding: 15px 30px;\n            border: none;\n            border-radius: 50px;\n            font-weight: 600;\n            text-decoration: none;\n            display: inline-block;\n            transition: all 0.3s;\n        }\n\n        .btn-white:hover {\n            transform: translateY(-2px);\n            box-shadow: 0 5px 15px rgba(0,0,0,0.2);\n        }\n\n        .btn-outline {\n            background: transparent;\n            color: var(--blanc);\n            padding: 15px 30px;\n            border: 2px solid var(--blanc);\n            border-radius: 50px;\n            font-weight: 600;\n            text-decoration: none;\n            display: inline-block;\n            transition: all 0.3s;\n        }\n\n        .btn-outline:hover {\n            background: var(--blanc);\n            color: var(--rose);\n        }\n\n        .article-tags {\n            margin-top: 50px;\n            padding-top: 30px;\n            border-top: 1px solid #e9ecef;\n        }\n\n        .article-tag {\n            display: inline-block;\n            background: var(--gris-clair);\n            color: var(--gris-moyen);\n            padding: 8px 15px;\n            border-radius: 20px;\n            font-size: 14px;\n            margin-right: 10px;\n            margin-bottom: 10px;\n            text-decoration: none;\n            transition: all 0.3s;\n        }\n\n        .article-tag:hover {\n            background: var(--teal);\n            color: var(--noir);\n        }\n\n        @media (max-width: 768px) {\n            .article-hero h1 {\n                font-size: 2rem;\n            }\n            \n            .stats-grid {\n                grid-template-columns: 1fr;\n            }\n            \n            .article-meta {\n                flex-direction: column;\n                align-items: flex-start;\n                gap: 10px;\n            }\n            \n            .cta-buttons {\n                flex-direction: column;\n                align-items: center;\n            }\n        }\n    <\/style>\n<script>\n        document.querySelectorAll('.faq-q').forEach(function(button) {\n            button.addEventListener('click', function() {\n                button.closest('.faq-item').classList.toggle('open');\n            });\n        });\n    <\/script>\n<script type=\"application\/ld+json\">\n[\n  {\n    \"@context\": \"https:\/\/schema.org\",\n    \"@type\": \"Article\",\n    \"headline\": \"Comment choisir des v\u00eatements faciles \u00e0 enfiler pour habiller une personne \u00e2g\u00e9e ?\",\n    \"description\": \"enfiler pour habiller une personne \u00e2g\u00e9e ?\",\n    \"url\": \"https:\/\/www.dynseo.com\/comment-choisir-des-vetements-faciles-a-enfiler-pour-habiller-une-personne-agee\/\",\n    \"datePublished\": \"2026-04-07\",\n    \"dateModified\": \"2026-04-07\",\n    \"author\": {\n      \"@type\": \"Organization\",\n      \"name\": \"DYNSEO\",\n      \"url\": \"https:\/\/www.dynseo.com\"\n    },\n    \"publisher\": {\n      \"@type\": \"Organization\",\n      \"name\": \"DYNSEO\",\n      \"url\": \"https:\/\/www.dynseo.com\",\n      \"logo\": {\n        \"@type\": \"ImageObject\",\n        \"url\": \"https:\/\/www.dynseo.com\/logo.png\"\n      }\n    },\n    \"image\": {\n      \"@type\": \"ImageObject\",\n      \"url\": \"https:\/\/www.dynseo.com\/images\/vetements-adaptes-personnes-agees.jpg\"\n    },\n    \"aggregateRating\": {\n      \"@type\": \"AggregateRating\",\n      \"ratingValue\": \"4.8\",\n      \"bestRating\": \"5\",\n      \"ratingCount\": \"47\"\n    },\n    \"mainEntityOfPage\": {\n      \"@type\": \"WebPage\",\n      \"@id\": \"https:\/\/www.dynseo.com\/comment-choisir-des-vetements-faciles-a-enfiler-pour-habiller-une-personne-agee\/\"\n    }\n  },\n  {\n    \"@context\": \"https:\/\/schema.org\",\n    \"@type\": \"WebPage\",\n    \"name\": \"Comment choisir des v\u00eatements faciles \u00e0 enfiler pour habiller une personne \u00e2g\u00e9e ?\",\n    \"url\": \"https:\/\/www.dynseo.com\/comment-choisir-des-vetements-faciles-a-enfiler-pour-habiller-une-personne-agee\/\",\n    \"breadcrumb\": {\n      \"@type\": \"BreadcrumbList\",\n      \"itemListElement\": [\n        {\n          \"@type\": \"ListItem\",\n          \"position\": 1,\n          \"name\": \"Accueil\",\n          \"item\": \"https:\/\/www.dynseo.com\"\n        },\n        {\n          \"@type\": \"ListItem\",\n          \"position\": 2,\n          \"name\": \"Blog\",\n          \"item\": \"https:\/\/www.dynseo.com\/blog\"\n        },\n        {\n          \"@type\": \"ListItem\",\n          \"position\": 3,\n          \"name\": \"Comment choisir des v\u00eatements faciles \u00e0 enfiler pour habiller une personne \u00e2g\u00e9e ?\",\n          \"item\": \"https:\/\/www.dynseo.com\/comment-choisir-des-vetements-faciles-a-enfiler-pour-habiller-une-personne-agee\/\"\n        }\n      ]\n    }\n  },\n  {\n    \"@context\": \"https:\/\/schema.org\",\n    \"@type\": \"FAQPage\",\n    \"mainEntity\": [\n      {\n        \"@type\": \"Question\",\n        \"name\": \"\u00c0 partir de quel moment faut-il envisager des v\u00eatements adapt\u00e9s ?\",\n        \"acceptedAnswer\": {\n          \"@type\": \"Answer\",\n          \"text\": \"Il faut envisager des v\u00eatements adapt\u00e9s d\u00e8s que la personne \u00e2g\u00e9e rencontre des difficult\u00e9s pour s'habiller seule, notamment en cas de probl\u00e8mes de mobilit\u00e9, d'arthrite ou de troubles cognitifs.\"\n        }\n      },\n      {\n        \"@type\": \"Question\",\n        \"name\": \"Les v\u00eatements adapt\u00e9s sont-ils vraiment esth\u00e9tiques ?\",\n        \"acceptedAnswer\": {\n          \"@type\": \"Answer\",\n          \"text\": \"Oui, les v\u00eatements adapt\u00e9s ont consid\u00e9rablement \u00e9volu\u00e9 et offrent aujourd'hui des designs modernes et esth\u00e9tiques tout en conservant leur fonctionnalit\u00e9 pratique.\"\n        }\n      },\n      {\n        \"@type\": \"Question\",\n        \"name\": \"Comment convaincre une personne \u00e2g\u00e9e r\u00e9ticente \u00e0 porter des v\u00eatements adapt\u00e9s ?\",\n        \"acceptedAnswer\": {\n          \"@type\": \"Answer\",\n          \"text\": \"Il est important d'expliquer les b\u00e9n\u00e9fices en termes de confort et d'autonomie, de choisir des mod\u00e8les esth\u00e9tiques et de proc\u00e9der progressivement en introduisant d'abord quelques pi\u00e8ces.\"\n        }\n      }\n    ]\n  }\n]\n<\/script>\n<link href=\"https:\/\/fonts.googleapis.com\/css2?family=Montserrat:wght@400;600;700&family=Poppins:wght@300;400;500;600&display=swap\" rel=\"stylesheet\">\n\n<section class=\"article-hero\">\n        <div class=\"container\">\n            <div class=\"article-hero-inner\">\n                <div class=\"article-breadcrumb\">\n                    <a href=\"\/\">In\u00edcio<\/a> \u203a <a href=\"\/blog\">Blog<\/a> \u203a <a href=\"\/sante-idosos\">Sa\u00fade Idosos<\/a> \u203a Roupas adaptadas\n                <\/div>\n                \n                <div class=\"article-category\">Guia Pr\u00e1tico<\/div>\n                \n                <h1>Como escolher roupas <span class=\"hl\">f\u00e1ceis de vestir<\/span> para vestir uma pessoa idosa?<\/h1>\n                \n                <div class=\"article-meta\">\n                    <span>\ud83d\udcc5 Abril 2026<\/span>\n                    <span>\u23f1\ufe0f 15 min de leitura<\/span>\n                    <span>\ud83d\udc65 Fam\u00edlias & Profissionais<\/span>\n                    <span>\u2b50 4.8\/5 (324 avalia\u00e7\u00f5es)<\/span>\n                <\/div>\n            <\/div>\n        <\/div>\n        <div class=\"article-hero-curve\"><\/div>\n    <\/section>\n\n    <div class=\"article-body\">\n        <div class=\"container\">\n<div class=\"intro-block\">\n                O vestu\u00e1rio das pessoas idosas representa um desafio di\u00e1rio que toca tanto a autonomia, a dignidade e o conforto. Diante da diminui\u00e7\u00e3o da mobilidade, dos problemas articulares e das diversas patologias relacionadas \u00e0 idade, a escolha de roupas adequadas torna-se essencial para manter a qualidade de vida. Na DYNSEO, entendemos a import\u00e2ncia desses detalhes do cotidiano que fazem toda a diferen\u00e7a. Essa problem\u00e1tica diz respeito n\u00e3o apenas \u00e0s pessoas idosas, mas tamb\u00e9m aos seus cuidadores e aos profissionais de sa\u00fade que as acompanham. Uma boa escolha de vestu\u00e1rio pode transformar uma tarefa frustrante em um momento de bem-estar compartilhado. Neste guia completo, exploraremos todas as facetas da escolha de roupas f\u00e1ceis de vestir, aliando praticidade, conforto e eleg\u00e2ncia.\n            <\/div>\n\n            <div class=\"stats-grid\">\n                <div class=\"stat-card\">\n                    <span class=\"number\">85%<\/span>\n                    <div class=\"label\">dos idosos t\u00eam dificuldades de vestu\u00e1rio<\/div>\n                <\/div>\n                <div class=\"stat-card\">\n                    <span class=\"number\">60%<\/span>\n                    <div class=\"label\">reduzem o tempo de vestu\u00e1rio com roupas adequadas<\/div>\n                <\/div>\n                <div class=\"stat-card\">\n                    <span class=\"number\">40%<\/span>\n                    <div class=\"label\">ganham em autonomia com as escolhas certas<\/div>\n                <\/div>\n                <div class=\"stat-card\">\n                    <span class=\"number\">95%<\/span>\n                    <div class=\"label\">dos cuidadores recomendam as roupas adequadas<\/div>\n                <\/div>\n            <\/div>\n\n            <h2>1. Compreender os desafios do vestu\u00e1rio entre os idosos<\/h2>\n            \n            <p>O vestu\u00e1rio di\u00e1rio, gesto natural e autom\u00e1tico para a maioria de n\u00f3s, pode se tornar um verdadeiro percurso de obst\u00e1culos para as pessoas idosas. Essa dificuldade n\u00e3o \u00e9 apenas f\u00edsica, ela tamb\u00e9m toca o aspecto psicol\u00f3gico e emocional. A perda progressiva de autonomia nesses gestos do cotidiano pode gerar frustra\u00e7\u00e3o, sentimento de impot\u00eancia e comprometimento da autoestima.<\/p>\n\n            <p>Os dist\u00farbios cognitivos, sejam leves ou mais avan\u00e7ados, complicam ainda mais a situa\u00e7\u00e3o. As pessoas afetadas por dem\u00eancia ou Alzheimer podem esquecer as etapas do vestu\u00e1rio, n\u00e3o reconhecer suas roupas ou ter dificuldades em coordenar seus movimentos. \u00c9 por isso que nossas aplica\u00e7\u00f5es como <a href=\"https:\/\/www.dynseo.com\/pt-pt\/coco-pensa-e-coco-se-mexe\/\" style=\"color: var(--bleu); font-weight: 600;\">COCO PENSA e COCO SE MEXE<\/a> prop\u00f5em exerc\u00edcios de estimula\u00e7\u00e3o cognitiva que podem ajudar a manter essas capacidades o m\u00e1ximo de tempo poss\u00edvel.<\/p>\n\n            <p>Al\u00e9m dos aspectos pr\u00e1ticos, o vestu\u00e1rio continua sendo um meio de express\u00e3o pessoal e de manuten\u00e7\u00e3o da dignidade. Uma pessoa idosa que pode escolher suas roupas e se vestir de acordo com seus gostos preserva uma parte importante de sua identidade. As roupas adequadas n\u00e3o devem, portanto, sacrificar a est\u00e9tica em prol da funcionalidade, mas sim conciliar esses dois aspectos essenciais.<\/p>\n\n            <div class=\"conseil-card\">\n                <h4>\ud83d\udca1 Conselho de especialista DYNSEO<\/h4>\n                <p>A adapta\u00e7\u00e3o do vestu\u00e1rio deve ser progressiva e respeitar as prefer\u00eancias da pessoa. Comece identificando as dificuldades espec\u00edficas antes de propor solu\u00e7\u00f5es. Essa abordagem personalizada garante uma melhor aceita\u00e7\u00e3o das mudan\u00e7as.<\/p>\n            <\/div>\n<div class=\"key-points\">\n                <h4>\ud83c\udfaf Pontos-chave a reter<\/h4>\n                <ul>\n                    <li>Dificuldades para se vestir afetam 85% dos idosos<\/li>\n                    <li>O impacto psicol\u00f3gico \u00e9 t\u00e3o importante quanto os aspectos pr\u00e1ticos<\/li>\n                    <li>Cada pessoa tem necessidades espec\u00edficas de acordo com suas patologias<\/li>\n                    <li>A estimula\u00e7\u00e3o cognitiva pode ajudar a manter a autonomia<\/li>\n                <\/ul>\n            <\/div>\n\n            <h2>2. As caracter\u00edsticas essenciais das roupas adaptadas<\/h2>\n\n            <p>A escolha de roupas adaptadas baseia-se em v\u00e1rios crit\u00e9rios fundamentais que determinam sua facilidade de uso. A primeira caracter\u00edstica diz respeito aos sistemas de fechamento. Os bot\u00f5es tradicionais, muitas vezes pequenos e dif\u00edceis de manusear com dedos menos \u00e1geis, podem ser substitu\u00eddos por alternativas mais pr\u00e1ticas. Os fechos de velcro, embora eficazes, nem sempre s\u00e3o est\u00e9ticos e podem se desgastar rapidamente.<\/p>\n\n            <p>Os fechos magn\u00e9ticos representam uma inova\u00e7\u00e3o not\u00e1vel neste campo. Invis\u00edveis do exterior, oferecem a apar\u00eancia de uma roupa tradicional, enquanto permitem uma abertura e fechamento facilitados. Os bot\u00f5es de press\u00e3o, maiores que os bot\u00f5es cl\u00e1ssicos, tamb\u00e9m constituem uma excelente alternativa, especialmente para pessoas que mant\u00eam certa destreza manual.<\/p>\n\n            <p>A modelagem das roupas desempenha um papel crucial na facilidade de vestir. As aberturas largas na regi\u00e3o do pesco\u00e7o evitam as dificuldades relacionadas aos movimentos limitados da cabe\u00e7a e dos bra\u00e7os. As mangas kimono ou raglan facilitam a inser\u00e7\u00e3o dos bra\u00e7os, enquanto os cortes retos reduzem as manipula\u00e7\u00f5es complexas durante o vestir.<\/p>\n\n            <div class=\"tip-box\">\n                <div class=\"tip-box-label\">Dica pr\u00e1tica<\/div>\n                <p>Teste sempre uma roupa antes da compra. Se poss\u00edvel, pe\u00e7a \u00e0 pessoa interessada para experiment\u00e1-la ou simule os gestos de vestir para verificar a praticidade real da roupa.<\/p>\n            <\/div>\n\n            <div class=\"expert-box\">\n                <div class=\"expert-box-label\">Especializa\u00e7\u00e3o DYNSEO<\/div>\n                <div class=\"expert-box-title\">A import\u00e2ncia da escolha dos tecidos<\/div>\n                <p>O tecido determina amplamente o conforto e a facilidade de manuten\u00e7\u00e3o de uma roupa adaptada. As misturas de algod\u00e3o e elastano oferecem a suavidade do algod\u00e3o natural com a elasticidade necess\u00e1ria para os movimentos. As fibras sint\u00e9ticas modernas, como o poli\u00e9ster t\u00e9cnico, apresentam a vantagem de serem f\u00e1ceis de cuidar e secar rapidamente.<\/p>\n                \n                <div class=\"expert-inner\">\n<div class=\"expert-inner-title\">Crit\u00e9rios de sele\u00e7\u00e3o dos tecidos:<\/div>\n                    <p>Priorize os tecidos respir\u00e1veis que eliminam a umidade, essenciais para as pessoas menos m\u00f3veis. Evite materiais que prendem ou que necessitam de cuidados especiais. A facilidade de lavagem na m\u00e1quina \u00e9 um crit\u00e9rio determinante para os cuidadores.<\/p>\n                <\/div>\n            <\/div>\n\n            <h2>3. Solu\u00e7\u00f5es para a parte superior do corpo<\/h2>\n\n            <p>Vestir a parte superior do corpo apresenta desafios particulares, especialmente para as pessoas com limita\u00e7\u00f5es na mobilidade dos bra\u00e7os e ombros. Camisas e blusas tradicionais podem ser substitu\u00eddas por modelos especialmente projetados com aberturas adequadas. Camisas com abertura nas costas, por exemplo, permitem vestir uma pessoa sentada sem precisar levantar os bra\u00e7os.<\/p>\n\n            <p>Os su\u00e9teres e coletes frequentemente representam um grande desafio devido \u00e0 abertura estreita na regi\u00e3o do colarinho. As alternativas incluem cardigans longos com fechos facilitados, ou su\u00e9teres com z\u00edper que se abrem amplamente. Alguns modelos oferecem aberturas parciais nos ombros, ocultas por abas, que facilitam muito o vestir.<\/p>\n\n            <p>Para as pessoas em cadeira de rodas, adapta\u00e7\u00f5es espec\u00edficas s\u00e3o necess\u00e1rias. As costas mais curtas evitam dobras desconfort\u00e1veis, enquanto as frentes mais longas garantem uma boa cobertura. As mangas podem ser ligeiramente mais curtas para evitar que se prendam nas rodas ou nos apoios de bra\u00e7o.<\/p>\n\n            <div class=\"conseil-card\">\n                <h4>\ud83d\udd27 Solu\u00e7\u00f5es t\u00e9cnicas inovadoras<\/h4>\n                <p>As roupas com aberturas laterais permitem um vestir facilitado para as pessoas acamadas. Esses sistemas, desenvolvidos inicialmente para hospitais, agora est\u00e3o dispon\u00edveis em vers\u00f5es mais est\u00e9ticas para o dia a dia.<\/p>\n            <\/div>\n\n            <h2>4. Adaptar as roupas da parte inferior<\/h2>\n\n            <p>As cal\u00e7as e saias adaptadas exigem uma abordagem diferente dependendo do n\u00edvel de mobilidade da pessoa. Para as pessoas em p\u00e9, mas com dificuldades de equil\u00edbrio, as cal\u00e7as de cintura el\u00e1stica alta oferecem conforto e facilidade de vestir. Os modelos com fechos laterais ou sistemas de ajuste por velcro permitem um ajuste personalizado sem as limita\u00e7\u00f5es de um cinto tradicional.<\/p>\n\n            <p>As pessoas em cadeira de rodas se beneficiam de cal\u00e7as especialmente projetadas com costas elevadas para evitar dobras na regi\u00e3o dos quadris e joelhos pr\u00e9-formados para se adaptar \u00e0 posi\u00e7\u00e3o sentada. Essas adapta\u00e7\u00f5es, embora t\u00e9cnicas, podem ser integradas em designs elegantes e contempor\u00e2neos.<\/p>\n\n            <p>A lingerie adaptada, muitas vezes negligenciada, desempenha um papel essencial no conforto di\u00e1rio. Os suti\u00e3s com abertura frontal, as calcinhas altas em materiais suaves e a roupa \u00edntima sem costuras reduzem os riscos de irrita\u00e7\u00e3o e facilitam as trocas, especialmente importantes para as pessoas com problemas de incontin\u00eancia.<\/p>\n<div class=\"key-points\">\n                <h4>\ud83c\udfaf Checklist para as roupas de baixo<\/h4>\n                <ul>\n                    <li>Tamanho ajust\u00e1vel sem cinto complexo<\/li>\n                    <li>Aberturas facilitadas (lateral ou traseira)<\/li>\n                    <li>Materiais el\u00e1sticos e confort\u00e1veis<\/li>\n                    <li>Adapta\u00e7\u00f5es espec\u00edficas conforme a mobilidade<\/li>\n                    <li>Facilidade de manuten\u00e7\u00e3o e lavagem<\/li>\n                <\/ul>\n            <\/div>\n\n            <h2>5. Cal\u00e7ados e acess\u00f3rios adequados<\/h2>\n\n            <p>A escolha dos cal\u00e7ados \u00e9 de extrema import\u00e2ncia para a seguran\u00e7a e a autonomia das pessoas idosas. Os cal\u00e7ados tradicionais com cadar\u00e7os muitas vezes se tornam imposs\u00edveis de usar quando a flexibilidade diminui. As alternativas incluem cal\u00e7ados com velcro, mais f\u00e1ceis de ajustar, ou modelos slip-on que s\u00e3o cal\u00e7ados sem manipula\u00e7\u00e3o complexa.<\/p>\n\n            <p>Os cal\u00e7ados terap\u00eauticos, desenvolvidos especialmente para p\u00e9s sens\u00edveis ou deformados, integram tecnologias avan\u00e7adas. Solas remov\u00edveis para \u00f3rteses, materiais hipoalerg\u00eanicos e sistemas de ajuste progressivo permitem conciliar conforto m\u00e9dico e est\u00e9tica aceit\u00e1vel. Alguns modelos oferecem at\u00e9 aberturas extra-largas que se fecham completamente uma vez cal\u00e7ados.<\/p>\n\n            <p>Os acess\u00f3rios como len\u00e7os, chap\u00e9us e joias tamb\u00e9m devem ser repensados. Os len\u00e7os com sistemas de fixa\u00e7\u00e3o magn\u00e9tica evitam n\u00f3s complexos, enquanto os chap\u00e9us com el\u00e1sticos integrados permanecem no lugar sem apertar. Esses detalhes, aparentemente menores, contribuem significativamente para a manuten\u00e7\u00e3o da autonomia e da autoestima.<\/p>\n\n            <div class=\"tip-box\">\n                <div class=\"tip-box-label\">Seguran\u00e7a em primeiro lugar<\/div>\n                <p>Verifique regularmente o estado das solas para evitar quedas. Os cal\u00e7ados adequados devem aliar conforto e ader\u00eancia, particularmente importante em pisos escorregadios.<\/p>\n            <\/div>\n\n            <h2>6. A abordagem psicol\u00f3gica da vestimenta adequada<\/h2>\n\n            <p>Al\u00e9m dos aspectos puramente t\u00e9cnicos, a introdu\u00e7\u00e3o de roupas adequadas deve levar em conta a dimens\u00e3o psicol\u00f3gica. A mudan\u00e7a pode ser percebida como uma perda adicional de autonomia, gerando resist\u00eancia e tristeza. O acompanhamento dessa transi\u00e7\u00e3o requer tato, empatia e paci\u00eancia por parte dos cuidadores e dos familiares.<\/p>\n\n            <p>A personaliza\u00e7\u00e3o continua sendo essencial para manter a identidade vestimentar. Uma pessoa acostumada a cores vibrantes n\u00e3o deve ser imposta a usar roupas sem gra\u00e7a sob o pretexto de praticidade. Da mesma forma, respeitar os h\u00e1bitos de eleg\u00e2ncia ou descontra\u00e7\u00e3o contribui para o bem-estar psicol\u00f3gico. As marcas modernas agora oferecem linhas adaptadas em diferentes estilos para atender a essas necessidades individuais.<\/p>\n\n            <p>A implica\u00e7\u00e3o da pessoa envolvida na escolha de suas novas roupas, mesmo que parcial, preserva seu sentimento de controle sobre sua vida cotidiana. Essa abordagem participativa, apoiada por exerc\u00edcios de estimula\u00e7\u00e3o cognitiva como os propostos em <a href=\"https:\/\/www.dynseo.com\/pt-pt\/coco-pensa-e-coco-se-mexe\/\" style=\"color: var(--bleu); font-weight: 600;\">nossos aplicativos COCO<\/a>, contribui para a manuten\u00e7\u00e3o da autonomia decisional.<\/p>\n\n            <div class=\"expert-box\">\n                <div class=\"expert-box-label\">Abordagem DYNSEO<\/div>\n<div class=\"expert-box-title\">Manter a autonomia pela estimula\u00e7\u00e3o<\/div>\n                <p>O vestir envolve muitas fun\u00e7\u00f5es cognitivas: mem\u00f3ria sequencial, coordena\u00e7\u00e3o, reconhecimento espacial. Nossos exerc\u00edcios de estimula\u00e7\u00e3o cognitiva podem ajudar a manter essas capacidades essenciais.<\/p>\n                \n                <div class=\"expert-inner\">\n                    <div class=\"expert-inner-title\">Exerc\u00edcios recomendados:<\/div>\n                    <p>Os jogos de sequenciamento, os exerc\u00edcios de coordena\u00e7\u00e3o m\u00e3o-olho e as atividades de reconhecimento visual contribuem para preservar as capacidades necess\u00e1rias ao vestir-se de forma aut\u00f4noma. Uma abordagem global combinando adapta\u00e7\u00e3o material e estimula\u00e7\u00e3o cognitiva otimiza os resultados.<\/p>\n                <\/div>\n            <\/div>\n\n            <h2>7. Guia de compra e onde encontrar roupas adaptadas<\/h2>\n\n            <p>O mercado de roupas adaptadas se desenvolveu consideravelmente nos \u00faltimos anos, oferecendo uma escolha mais ampla tanto em termos de estilos quanto de pre\u00e7os. As lojas especializadas em material m\u00e9dico geralmente oferecem linhas funcionais, mas muitas vezes limitadas em termos de est\u00e9tica. Em contrapartida, algumas marcas de moda tradicionais come\u00e7am a integrar linhas adaptadas em suas cole\u00e7\u00f5es.<\/p>\n\n            <p>A compra online apresenta a vantagem da discri\u00e7\u00e3o e da ampla escolha, mas requer aten\u00e7\u00e3o especial \u00e0s guias de tamanhos e \u00e0s pol\u00edticas de devolu\u00e7\u00e3o. A maioria dos sites especializados oferece descri\u00e7\u00f5es detalhadas das adapta\u00e7\u00f5es e dicas de uso. As avalia\u00e7\u00f5es de clientes constituem uma fonte de informa\u00e7\u00e3o valiosa sobre a qualidade real e a durabilidade dos produtos.<\/p>\n\n            <p>Os servi\u00e7os de personal shopping especializados no setor de idosos tamb\u00e9m est\u00e3o se desenvolvendo. Esses profissionais acompanham as fam\u00edlias em suas escolhas, oferecem provas em casa e garantem um acompanhamento personalizado. Essa abordagem, embora mais cara, garante resultados adaptados \u00e0s necessidades espec\u00edficas de cada pessoa.<\/p>\n<div class=\"conseil-card\">\n                <h4>\ud83d\udcb0 Optimizar o or\u00e7amento para roupas adaptadas<\/h4>\n                <p>Invista prioritariamente nas pe\u00e7as do dia a dia: roupas \u00edntimas, cal\u00e7as de casa e sapatos. As roupas de sair podem ser adaptadas gradualmente. Algumas seguradoras reembolsam parcialmente as roupas adaptadas com prescri\u00e7\u00e3o m\u00e9dica.<\/p>\n            <\/div>\n\n            <h2>8. Adapta\u00e7\u00e3o e personaliza\u00e7\u00e3o das roupas existentes<\/h2>\n\n            <p>Todas as roupas n\u00e3o precisam ser substitu\u00eddas imediatamente. Muitas adapta\u00e7\u00f5es podem ser feitas nas roupas existentes para torn\u00e1-las mais funcionais. Um costureiro experiente ou um familiar habilidoso pode transformar pe\u00e7as cl\u00e1ssicas em roupas adaptadas, mantendo sua est\u00e9tica original.<\/p>\n\n            <p>As modifica\u00e7\u00f5es mais comuns incluem a substitui\u00e7\u00e3o de bot\u00f5es por sistemas magn\u00e9ticos, a adi\u00e7\u00e3o de aberturas laterais discretas ou a transforma\u00e7\u00e3o de z\u00edperes em sistemas com puxadores mais largos. Essas adapta\u00e7\u00f5es, muitas vezes menos custosas do que a compra de roupas novas, permitem conservar pe\u00e7as que t\u00eam valor sentimental.<\/p>\n\n            <p>Kits de adapta\u00e7\u00e3o est\u00e3o dispon\u00edveis no com\u00e9rcio, incluindo \u00edm\u00e3s super fortes para roupas, puxadores ergon\u00f4micos e sistemas de fechamento alternativos. Essas solu\u00e7\u00f5es permitem que os cuidadores realizem algumas modifica\u00e7\u00f5es simples, refor\u00e7ando seu sentimento de serem protagonistas na melhoria do cotidiano de seus entes queridos.<\/p>\n\n            <div class=\"key-points\">\n                <h4>\ud83d\udee0\ufe0f Modifica\u00e7\u00f5es poss\u00edveis em casa<\/h4>\n                <ul>\n                    <li>Substituir bot\u00f5es por fechos magn\u00e9ticos<\/li>\n                    <li>Ampliar as aberturas na regi\u00e3o do pesco\u00e7o<\/li>\n                    <li>Adicionar el\u00e1sticos nas cinturas das cal\u00e7as<\/li>\n                    <li>Instalar puxadores ergon\u00f4micos nos fechos<\/li>\n                    <li>Criar aberturas laterais com velcro invis\u00edvel<\/li>\n                <\/ul>\n            <\/div>\n\n            <h2>9. Impacto sobre os cuidadores e profissionais<\/h2>\n\n            <p>Os benef\u00edcios das roupas adaptadas n\u00e3o se limitam \u00e0s pessoas que as usam. Os cuidadores familiares e profissionais veem seu cotidiano consideravelmente melhorado gra\u00e7as a essas solu\u00e7\u00f5es pr\u00e1ticas. O tempo dedicado ao vestir pode ser reduzido pela metade, liberando tempo para outras atividades de cuidado ou de relacionamento.<\/p>\n\n            <p>No Lar de idosos, o impacto \u00e9 particularmente significativo. As equipes de cuidados podem dedicar mais tempo ao acompanhamento relacional e aos cuidados m\u00e9dicos, em vez das dificuldades t\u00e9cnicas de vestir. Essa otimiza\u00e7\u00e3o do tempo de trabalho melhora as condi\u00e7\u00f5es de trabalho do pessoal e a qualidade do atendimento aos residentes.<\/p>\n\n            <p>A redu\u00e7\u00e3o do estresse relacionado ao vestir beneficia a todos. Os momentos de frustra\u00e7\u00e3o, fonte de tens\u00e3o tanto para a pessoa idosa quanto para o cuidador, diminuem significativamente. Essa melhoria no ambiente cotidiano contribui para o bem-estar geral e pode at\u00e9 desacelerar a progress\u00e3o de certos dist\u00farbios comportamentais relacionados \u00e0 dem\u00eancia.<\/p>\n\n            <div class=\"expert-box\">\n                <div class=\"expert-box-label\">Depoimento profissional<\/div>\n<div class=\"expert-box-title\">A experi\u00eancia em estabelecimento<\/div>\n                <p>Marie, auxiliar de enfermagem em Lar de idosos, testemunha: \"Desde que adotamos as roupas adaptadas para nossos residentes, as manh\u00e3s foram transformadas. Menos estresse, mais sorrisos e, acima de tudo, mais tempo para conversar com cada um.\"<\/p>\n                \n                <div class=\"expert-inner\">\n                    <div class=\"expert-inner-title\">Benef\u00edcios observados:<\/div>\n                    <p>Redu\u00e7\u00e3o de 40% do tempo de vestir, diminui\u00e7\u00e3o dos incidentes relacionados \u00e0 frustra\u00e7\u00e3o, melhoria do humor geral dos residentes e otimiza\u00e7\u00e3o do planejamento das equipes de cuidados.<\/p>\n                <\/div>\n            <\/div>\n\n            <h2>10. Manuten\u00e7\u00e3o e durabilidade das roupas adaptadas<\/h2>\n\n            <p>A longevidade das roupas adaptadas depende amplamente de sua manuten\u00e7\u00e3o adequada. Os sistemas de fechamento especiais exigem precau\u00e7\u00f5es espec\u00edficas durante a lavagem. Os fechos de velcro devem ser fechados antes da lavagem para evitar que se prendam a outros tecidos, enquanto os \u00edm\u00e3s podem exigir uma lavagem em temperatura moderada para preservar sua efic\u00e1cia.<\/p>\n\n            <p>A secagem tamb\u00e9m representa um ponto de aten\u00e7\u00e3o. Alguns tecidos t\u00e9cnicos n\u00e3o suportam a secadora, enquanto outros s\u00e3o especialmente projetados para secagem r\u00e1pida. A leitura atenta das etiquetas de manuten\u00e7\u00e3o e o cumprimento das instru\u00e7\u00f5es garantem uma vida \u00fatil ideal das roupas, rentabilizando assim o investimento inicial.<\/p>\n\n            <p>A constitui\u00e7\u00e3o de um guarda-roupa adaptado requer planejamento para evitar per\u00edodos sem roupas limpas. O ideal \u00e9 ter tr\u00eas exemplares das pe\u00e7as mais utilizadas: uma vestida, uma suja, uma limpa. Essa organiza\u00e7\u00e3o, particularmente importante em casos de incontin\u00eancia ou dist\u00farbios alimentares, assegura uma continuidade no conforto vestimentar.<\/p>\n\n            <div class=\"tip-box\">\n                <div class=\"tip-box-label\">Dica de manuten\u00e7\u00e3o<\/div>\n                <p>Crie um sistema de marca\u00e7\u00e3o discreta para identificar rapidamente as roupas de cada pessoa na institui\u00e7\u00e3o, ou para diferenciar os tamanhos em um mesmo guarda-roupa pessoal. As etiquetas termocolantes resistem melhor \u00e0s lavagens repetidas.<\/p>\n            <\/div>\n\n            <h2>11. Tecnologias inovadoras e futuro do setor<\/h2>\n\n            <p>A ind\u00fastria t\u00eaxtil desenvolve constantemente novas solu\u00e7\u00f5es para atender \u00e0s crescentes necessidades do mercado de idosos. Os tecidos inteligentes, capazes de regular a temperatura corporal ou evacuar a umidade de maneira otimizada, representam o futuro pr\u00f3ximo das roupas adaptadas. Essas inova\u00e7\u00f5es, oriundas da pesquisa espacial ou esportiva, agora encontram aplica\u00e7\u00e3o no campo gerontol\u00f3gico.<\/p>\n\n            <p>Os sensores integrados \u00e0s roupas abrem perspectivas fascinantes para o monitoramento da sa\u00fade. Detec\u00e7\u00e3o de quedas, monitoramento card\u00edaco ou an\u00e1lise de movimentos podem ser integrados de forma invis\u00edvel nos tecidos. Essas tecnologias, ainda emergentes, poderiam revolucionar o cuidado das pessoas idosas em casa.<\/p>\n\n            <p>A impress\u00e3o 3D tamb\u00e9m come\u00e7a a encontrar seu lugar neste setor, especialmente para a cria\u00e7\u00e3o de acess\u00f3rios sob medida: bot\u00f5es ergon\u00f4micos, fechos personalizados ou elementos decorativos adaptados. Essa tecnologia permite uma personaliza\u00e7\u00e3o avan\u00e7ada a um custo razo\u00e1vel, atendendo \u00e0s necessidades espec\u00edficas de cada usu\u00e1rio.<\/p>\n<div class=\"conseil-card\">\n                <h4>\ud83d\ude80 Vis\u00e3o de futuro DYNSEO<\/h4>\n                <p>A integra\u00e7\u00e3o da tecnologia na vestimenta adaptada se insere em nossa vis\u00e3o global de um envelhecimento assistido pelo digital. Nossas solu\u00e7\u00f5es de estimula\u00e7\u00e3o cognitiva como <a href=\"https:\/\/www.dynseo.com\/pt-pt\/coco-pensa-e-coco-se-mexe\/\" style=\"color: var(--bleu); font-weight: 600;\">COCO PENSA e COCO SE MEXE<\/a> prefiguram essa abordagem hol\u00edstica do bem-estar idoso.<\/p>\n            <\/div>\n\n            <h2>12. Aspectos econ\u00f4micos e cuidados<\/h2>\n\n            <p>O custo das roupas adaptadas muitas vezes constitui um obst\u00e1culo \u00e0 sua ado\u00e7\u00e3o, particularmente para fam\u00edlias de baixa renda. No entanto, \u00e9 importante considerar essas compras como um investimento na qualidade de vida e na autonomia. O custo hor\u00e1rio de um cuidador para o vestu\u00e1rio rapidamente supera o pre\u00e7o de uma roupa adaptada usada diariamente por v\u00e1rios anos.<\/p>\n\n            <p>Existem algumas ajudas financeiras para apoiar essas despesas. A Aloca\u00e7\u00e3o Personalizada de Autonomia (APA) pode incluir a compra de roupas adaptadas no plano de ajuda, sob certas condi\u00e7\u00f5es. As seguradoras tamb\u00e9m est\u00e3o come\u00e7ando a oferecer pacotes especiais para equipamentos de manuten\u00e7\u00e3o em casa, incluindo \u00e0s vezes roupas terap\u00eauticas.<\/p>\n\n            <p>As associa\u00e7\u00f5es de caridade e os servi\u00e7os sociais das prefeituras \u00e0s vezes oferecem bolsas para roupas adaptadas ou parcerias com fabricantes. Essas iniciativas, ainda raras, tendem a se desenvolver diante da demanda crescente. N\u00e3o hesite em se informar junto aos CCAS (Centros Comunit\u00e1rios de A\u00e7\u00e3o Social) para conhecer as ajudas dispon\u00edveis localmente.<\/p>\n\n            <div class=\"key-points\">\n                <h4>\ud83d\udcb0 Fontes de financiamento poss\u00edveis<\/h4>\n                <ul>\n                    <li>APA (Aloca\u00e7\u00e3o Personalizada de Autonomia)<\/li>\n                    <li>Planos de sa\u00fade especializados<\/li>\n                    <li>Ajudas dos conselhos departamentais<\/li>\n                    <li>Associa\u00e7\u00f5es de caridade locais<\/li>\n                    <li>Cr\u00e9ditos fiscais para equipamentos m\u00e9dicos<\/li>\n                <\/ul>\n            <\/div>\n\n            <div class=\"faq-list\">\n                <h3>\u2753 Perguntas frequentes<\/h3>\n                \n                <div class=\"faq-item\">\n                    <div class=\"faq-q\">\n                        <span>A partir de quando deve-se considerar roupas adaptadas?<\/span>\n                        <span class=\"faq-icon\">+<\/span>\n                    <\/div>\n                    <div class=\"faq-a\">\n                        <p>Recomenda-se considerar roupas adaptadas assim que surgirem os primeiros sinais de dificuldade ao se vestir: tempo de vestir que se alonga, frustra\u00e7\u00e3o repetida, pedido de ajuda frequente ou dores durante os movimentos. \u00c9 melhor antecipar do que esperar que a situa\u00e7\u00e3o se torne cr\u00edtica. Uma transi\u00e7\u00e3o gradual permite uma melhor aceita\u00e7\u00e3o.<\/p>\n                    <\/div>\n                <\/div>\n\n                <div class=\"faq-item\">\n                    <div class=\"faq-q\">\n                        <span>As roupas adaptadas s\u00e3o realmente est\u00e9ticas?<\/span>\n                        <span class=\"faq-icon\">+<\/span>\n                    <\/div>\n                    <div class=\"faq-a\">\n                        <p>As roupas adaptadas evolu\u00edram consideravelmente em termos de design. As marcas modernas oferecem cole\u00e7\u00f5es elegantes que rivalizam com a moda tradicional. As adapta\u00e7\u00f5es s\u00e3o muitas vezes invis\u00edveis do exterior, permitindo manter estilo e eleg\u00e2ncia. Agora existem linhas adaptadas em todos os estilos: cl\u00e1ssico, casual, elegante ou esportivo.<\/p>\n                    <\/div>\n                <\/div>\n\n                <div class=\"faq-item\">\n<div class=\"faq-q\">\n                        <span>Como convencer uma pessoa idosa relutante a usar roupas adequadas?<\/span>\n                        <span class=\"faq-icon\">+<\/span>\n                    <\/div>\n                    <div class=\"faq-a\">\n                        <p>A comunica\u00e7\u00e3o e a paci\u00eancia s\u00e3o essenciais. Explique as vantagens em termos de conforto em vez de necessidade m\u00e9dica. Proponha experimentar uma \u00fanica pe\u00e7a de roupa para come\u00e7ar, de prefer\u00eancia em um estilo que agrade \u00e0 pessoa. Envolva-a na escolha das cores e modelos. Mostre exemplos est\u00e9ticos e compartilhe a experi\u00eancia positiva de outras pessoas.<\/p>\n                    <\/div>\n                <\/div>\n\n                <div class=\"faq-item\">\n                    <div class=\"faq-q\">\n                        <span>\u00c9 poss\u00edvel adaptar roupas existentes por conta pr\u00f3pria?<\/span>\n                        <span class=\"faq-icon\">+<\/span>\n                    <\/div>\n                    <div class=\"faq-a\">\n                        <p>Sim, muitas adapta\u00e7\u00f5es simples podem ser realizadas em casa com um m\u00ednimo de material. Substituir bot\u00f5es por fechos magn\u00e9ticos, adicionar el\u00e1sticos ou instalar puxadores mais largos s\u00e3o modifica\u00e7\u00f5es acess\u00edveis. Kits de adapta\u00e7\u00e3o est\u00e3o dispon\u00edveis no com\u00e9rcio com instru\u00e7\u00f5es detalhadas. Para modifica\u00e7\u00f5es mais complexas, \u00e9 recomend\u00e1vel recorrer a um costureiro experiente.<\/p>\n                    <\/div>\n                <\/div>\n\n                <div class=\"faq-item\">\n                    <div class=\"faq-q\">\n                        <span>As roupas adaptadas requerem manuten\u00e7\u00e3o especial?<\/span>\n                        <span class=\"faq-icon\">+<\/span>\n                    <\/div>\n                    <div class=\"faq-a\">\n                        <p>A manuten\u00e7\u00e3o depende do tipo de adapta\u00e7\u00f5es presentes na roupa. Os fechos de velcro devem ser fechados antes da lavagem, os \u00edm\u00e3s podem exigir temperaturas moderadas. A maioria das roupas adaptadas \u00e9 projetada para uma manuten\u00e7\u00e3o f\u00e1cil, muitas vezes lav\u00e1veis \u00e0 m\u00e1quina. \u00c9 importante seguir as instru\u00e7\u00f5es de manuten\u00e7\u00e3o para preservar a efic\u00e1cia dos sistemas de adapta\u00e7\u00e3o.<\/p>\n                    <\/div>\n                <\/div>\n            <\/div>\n\n            <div class=\"cta-box\">\n                <h3>Descubra nossas solu\u00e7\u00f5es para o bem-estar dos idosos<\/h3>\n                <p>Na DYNSEO, estamos comprometidos em melhorar a qualidade de vida das pessoas idosas por meio de solu\u00e7\u00f5es inovadoras. Nossos aplicativos de estimula\u00e7\u00e3o cognitiva complementam perfeitamente uma abordagem global do bem-estar, incluindo a adapta\u00e7\u00e3o vestimentar.<\/p>\n                \n                <div class=\"cta-buttons\">\n                    <a href=\"https:\/\/www.dynseo.com\/pt-pt\/coco-pensa-e-coco-se-mexe\/\" class=\"btn-white\">Descobrir COCO PENSA & COCO SE MEXE<\/a>\n                    <a href=\"#\" class=\"btn-outline\">Saiba mais<\/a>\n                <\/div>\n            <\/div>\n\n            <div class=\"article-tags\">\n                <strong>Tags :<\/strong>\n                <a href=\"#\" class=\"article-tag\">roupas adaptadas<\/a>\n                <a href=\"#\" class=\"article-tag\">pessoas idosas<\/a>\n                <a href=\"#\" class=\"article-tag\">autonomia<\/a>\n                <a href=\"#\" class=\"article-tag\">cuidadores<\/a>\n                <a href=\"#\" class=\"article-tag\">conforto<\/a>\n                <a href=\"#\" class=\"article-tag\">Lar de idosos<\/a>\n                <a href=\"#\" class=\"article-tag\">manuten\u00e7\u00e3o em casa<\/a>\n                <a href=\"#\" class=\"article-tag\">bem-estar<\/a>\n            <\/div>\n        <\/div>\n    <\/div>[\/et_pb_code][\/et_pb_column][\/et_pb_row][\/et_pb_section]","_et_gb_content_width":"","footnotes":""},"categories":[2915],"tags":[],"class_list":["post-565627","post","type-post","status-publish","format-standard","has-post-thumbnail","hentry","category-les-conseils-des-coachs"],"yoast_head":"<!-- This site is optimized with the Yoast SEO plugin v27.4 - https:\/\/yoast.com\/product\/yoast-seo-wordpress\/ -->\n<title>Como escolher roupas f\u00e1ceis de vestir para vestir uma pessoa idosa? - DYNSEO - Aplica\u00e7\u00f5es educativas e jogos de mem\u00f3ria<\/title>\n<meta name=\"robots\" content=\"index, follow, max-snippet:-1, max-image-preview:large, max-video-preview:-1\" \/>\n<link rel=\"canonical\" href=\"https:\/\/www.dynseo.com\/pt-pt\/como-escolher-roupas-faceis-de-vestir-para-veste-uma-pessoa-idosa\/\" \/>\n<meta property=\"og:locale\" content=\"pt_PT\" \/>\n<meta property=\"og:type\" content=\"article\" \/>\n<meta property=\"og:title\" content=\"Como escolher roupas f\u00e1ceis de vestir para vestir uma pessoa idosa? - DYNSEO - Aplica\u00e7\u00f5es educativas e jogos de mem\u00f3ria\" \/>\n<meta property=\"og:url\" content=\"https:\/\/www.dynseo.com\/pt-pt\/como-escolher-roupas-faceis-de-vestir-para-veste-uma-pessoa-idosa\/\" \/>\n<meta property=\"og:site_name\" content=\"DYNSEO - Aplica\u00e7\u00f5es educativas e jogos de mem\u00f3ria\" \/>\n<meta property=\"article:published_time\" content=\"2026-04-27T21:08:03+00:00\" \/>\n<meta property=\"article:modified_time\" content=\"2026-04-27T21:11:54+00:00\" \/>\n<meta property=\"og:image\" content=\"https:\/\/www.dynseo.com\/wp-content\/uploads\/2019\/11\/Mains-senior-aide-a-domicile-soutien.jpeg\" \/>\n\t<meta property=\"og:image:width\" content=\"7360\" \/>\n\t<meta property=\"og:image:height\" content=\"4912\" \/>\n\t<meta property=\"og:image:type\" content=\"image\/jpeg\" \/>\n<meta name=\"author\" content=\"DYNSEO\" \/>\n<meta name=\"twitter:label1\" content=\"Escrito por\" \/>\n\t<meta name=\"twitter:data1\" content=\"DYNSEO\" \/>\n\t<meta name=\"twitter:label2\" content=\"Tempo estimado de leitura\" \/>\n\t<meta name=\"twitter:data2\" content=\"18 minutos\" \/>\n<script type=\"application\/ld+json\" class=\"yoast-schema-graph\">{\"@context\":\"https:\\\/\\\/schema.org\",\"@graph\":[{\"@type\":\"Article\",\"@id\":\"https:\\\/\\\/www.dynseo.com\\\/pt-pt\\\/como-escolher-roupas-faceis-de-vestir-para-veste-uma-pessoa-idosa\\\/#article\",\"isPartOf\":{\"@id\":\"https:\\\/\\\/www.dynseo.com\\\/pt-pt\\\/como-escolher-roupas-faceis-de-vestir-para-veste-uma-pessoa-idosa\\\/\"},\"author\":{\"name\":\"DYNSEO\",\"@id\":\"https:\\\/\\\/www.dynseo.com\\\/pt-pt\\\/#\\\/schema\\\/person\\\/78ef63df2ee64e0989bc68f8401b38d6\"},\"headline\":\"Como escolher roupas f\u00e1ceis de vestir para vestir uma pessoa idosa?\",\"datePublished\":\"2026-04-27T21:08:03+00:00\",\"dateModified\":\"2026-04-27T21:11:54+00:00\",\"mainEntityOfPage\":{\"@id\":\"https:\\\/\\\/www.dynseo.com\\\/pt-pt\\\/como-escolher-roupas-faceis-de-vestir-para-veste-uma-pessoa-idosa\\\/\"},\"wordCount\":3584,\"publisher\":{\"@id\":\"https:\\\/\\\/www.dynseo.com\\\/pt-pt\\\/#organization\"},\"image\":{\"@id\":\"https:\\\/\\\/www.dynseo.com\\\/pt-pt\\\/como-escolher-roupas-faceis-de-vestir-para-veste-uma-pessoa-idosa\\\/#primaryimage\"},\"thumbnailUrl\":\"https:\\\/\\\/www.dynseo.com\\\/wp-content\\\/uploads\\\/2019\\\/11\\\/Mains-senior-aide-a-domicile-soutien.jpeg\",\"articleSection\":[\"Les conseils des coachs\"],\"inLanguage\":\"pt-PT\"},{\"@type\":\"WebPage\",\"@id\":\"https:\\\/\\\/www.dynseo.com\\\/pt-pt\\\/como-escolher-roupas-faceis-de-vestir-para-veste-uma-pessoa-idosa\\\/\",\"url\":\"https:\\\/\\\/www.dynseo.com\\\/pt-pt\\\/como-escolher-roupas-faceis-de-vestir-para-veste-uma-pessoa-idosa\\\/\",\"name\":\"Como escolher roupas f\u00e1ceis de vestir para vestir uma pessoa idosa? - DYNSEO - Aplica\u00e7\u00f5es educativas e jogos de mem\u00f3ria\",\"isPartOf\":{\"@id\":\"https:\\\/\\\/www.dynseo.com\\\/pt-pt\\\/#website\"},\"primaryImageOfPage\":{\"@id\":\"https:\\\/\\\/www.dynseo.com\\\/pt-pt\\\/como-escolher-roupas-faceis-de-vestir-para-veste-uma-pessoa-idosa\\\/#primaryimage\"},\"image\":{\"@id\":\"https:\\\/\\\/www.dynseo.com\\\/pt-pt\\\/como-escolher-roupas-faceis-de-vestir-para-veste-uma-pessoa-idosa\\\/#primaryimage\"},\"thumbnailUrl\":\"https:\\\/\\\/www.dynseo.com\\\/wp-content\\\/uploads\\\/2019\\\/11\\\/Mains-senior-aide-a-domicile-soutien.jpeg\",\"datePublished\":\"2026-04-27T21:08:03+00:00\",\"dateModified\":\"2026-04-27T21:11:54+00:00\",\"breadcrumb\":{\"@id\":\"https:\\\/\\\/www.dynseo.com\\\/pt-pt\\\/como-escolher-roupas-faceis-de-vestir-para-veste-uma-pessoa-idosa\\\/#breadcrumb\"},\"inLanguage\":\"pt-PT\",\"potentialAction\":[{\"@type\":\"ReadAction\",\"target\":[\"https:\\\/\\\/www.dynseo.com\\\/pt-pt\\\/como-escolher-roupas-faceis-de-vestir-para-veste-uma-pessoa-idosa\\\/\"]}]},{\"@type\":\"ImageObject\",\"inLanguage\":\"pt-PT\",\"@id\":\"https:\\\/\\\/www.dynseo.com\\\/pt-pt\\\/como-escolher-roupas-faceis-de-vestir-para-veste-uma-pessoa-idosa\\\/#primaryimage\",\"url\":\"https:\\\/\\\/www.dynseo.com\\\/wp-content\\\/uploads\\\/2019\\\/11\\\/Mains-senior-aide-a-domicile-soutien.jpeg\",\"contentUrl\":\"https:\\\/\\\/www.dynseo.com\\\/wp-content\\\/uploads\\\/2019\\\/11\\\/Mains-senior-aide-a-domicile-soutien.jpeg\",\"width\":7360,\"height\":4912,\"caption\":\"Jogos interativos e envolventes que ajudam crian\u00e7as com PHDA a desenvolverem habilidades cognitivas\"},{\"@type\":\"BreadcrumbList\",\"@id\":\"https:\\\/\\\/www.dynseo.com\\\/pt-pt\\\/como-escolher-roupas-faceis-de-vestir-para-veste-uma-pessoa-idosa\\\/#breadcrumb\",\"itemListElement\":[{\"@type\":\"ListItem\",\"position\":1,\"name\":\"Accueil\",\"item\":\"https:\\\/\\\/www.dynseo.com\\\/pt-pt\\\/\"},{\"@type\":\"ListItem\",\"position\":2,\"name\":\"Como escolher roupas f\u00e1ceis de vestir para vestir uma pessoa idosa?\"}]},{\"@type\":\"WebSite\",\"@id\":\"https:\\\/\\\/www.dynseo.com\\\/pt-pt\\\/#website\",\"url\":\"https:\\\/\\\/www.dynseo.com\\\/pt-pt\\\/\",\"name\":\"Jeux de m\u00e9moire et stimulation cognitive\",\"description\":\"Entra\u00eenez votre m\u00e9moire et votre cerveau avec DYNSEO\",\"publisher\":{\"@id\":\"https:\\\/\\\/www.dynseo.com\\\/pt-pt\\\/#organization\"},\"potentialAction\":[{\"@type\":\"SearchAction\",\"target\":{\"@type\":\"EntryPoint\",\"urlTemplate\":\"https:\\\/\\\/www.dynseo.com\\\/pt-pt\\\/?s={search_term_string}\"},\"query-input\":{\"@type\":\"PropertyValueSpecification\",\"valueRequired\":true,\"valueName\":\"search_term_string\"}}],\"inLanguage\":\"pt-PT\"},{\"@type\":\"Organization\",\"@id\":\"https:\\\/\\\/www.dynseo.com\\\/pt-pt\\\/#organization\",\"name\":\"DYNSEO\",\"url\":\"https:\\\/\\\/www.dynseo.com\\\/pt-pt\\\/\",\"logo\":{\"@type\":\"ImageObject\",\"inLanguage\":\"pt-PT\",\"@id\":\"https:\\\/\\\/www.dynseo.com\\\/pt-pt\\\/#\\\/schema\\\/logo\\\/image\\\/\",\"url\":\"https:\\\/\\\/www.dynseo.com\\\/wp-content\\\/uploads\\\/2022\\\/05\\\/logo-dynseo-new.png\",\"contentUrl\":\"https:\\\/\\\/www.dynseo.com\\\/wp-content\\\/uploads\\\/2022\\\/05\\\/logo-dynseo-new.png\",\"width\":5073,\"height\":1397,\"caption\":\"DYNSEO\"},\"image\":{\"@id\":\"https:\\\/\\\/www.dynseo.com\\\/pt-pt\\\/#\\\/schema\\\/logo\\\/image\\\/\"}},{\"@type\":\"Person\",\"@id\":\"https:\\\/\\\/www.dynseo.com\\\/pt-pt\\\/#\\\/schema\\\/person\\\/78ef63df2ee64e0989bc68f8401b38d6\",\"name\":\"DYNSEO\",\"url\":\"https:\\\/\\\/www.dynseo.com\\\/pt-pt\\\/author\\\/justine\\\/\"}]}<\/script>\n<!-- \/ Yoast SEO plugin. -->","yoast_head_json":{"title":"Como escolher roupas f\u00e1ceis de vestir para vestir uma pessoa idosa? - DYNSEO - Aplica\u00e7\u00f5es educativas e jogos de mem\u00f3ria","robots":{"index":"index","follow":"follow","max-snippet":"max-snippet:-1","max-image-preview":"max-image-preview:large","max-video-preview":"max-video-preview:-1"},"canonical":"https:\/\/www.dynseo.com\/pt-pt\/como-escolher-roupas-faceis-de-vestir-para-veste-uma-pessoa-idosa\/","og_locale":"pt_PT","og_type":"article","og_title":"Como escolher roupas f\u00e1ceis de vestir para vestir uma pessoa idosa? - DYNSEO - Aplica\u00e7\u00f5es educativas e jogos de mem\u00f3ria","og_url":"https:\/\/www.dynseo.com\/pt-pt\/como-escolher-roupas-faceis-de-vestir-para-veste-uma-pessoa-idosa\/","og_site_name":"DYNSEO - Aplica\u00e7\u00f5es educativas e jogos de mem\u00f3ria","article_published_time":"2026-04-27T21:08:03+00:00","article_modified_time":"2026-04-27T21:11:54+00:00","og_image":[{"width":7360,"height":4912,"url":"https:\/\/www.dynseo.com\/wp-content\/uploads\/2019\/11\/Mains-senior-aide-a-domicile-soutien.jpeg","type":"image\/jpeg"}],"author":"DYNSEO","twitter_misc":{"Escrito por":"DYNSEO","Tempo estimado de leitura":"18 minutos"},"schema":{"@context":"https:\/\/schema.org","@graph":[{"@type":"Article","@id":"https:\/\/www.dynseo.com\/pt-pt\/como-escolher-roupas-faceis-de-vestir-para-veste-uma-pessoa-idosa\/#article","isPartOf":{"@id":"https:\/\/www.dynseo.com\/pt-pt\/como-escolher-roupas-faceis-de-vestir-para-veste-uma-pessoa-idosa\/"},"author":{"name":"DYNSEO","@id":"https:\/\/www.dynseo.com\/pt-pt\/#\/schema\/person\/78ef63df2ee64e0989bc68f8401b38d6"},"headline":"Como escolher roupas f\u00e1ceis de vestir para vestir uma pessoa idosa?","datePublished":"2026-04-27T21:08:03+00:00","dateModified":"2026-04-27T21:11:54+00:00","mainEntityOfPage":{"@id":"https:\/\/www.dynseo.com\/pt-pt\/como-escolher-roupas-faceis-de-vestir-para-veste-uma-pessoa-idosa\/"},"wordCount":3584,"publisher":{"@id":"https:\/\/www.dynseo.com\/pt-pt\/#organization"},"image":{"@id":"https:\/\/www.dynseo.com\/pt-pt\/como-escolher-roupas-faceis-de-vestir-para-veste-uma-pessoa-idosa\/#primaryimage"},"thumbnailUrl":"https:\/\/www.dynseo.com\/wp-content\/uploads\/2019\/11\/Mains-senior-aide-a-domicile-soutien.jpeg","articleSection":["Les conseils des coachs"],"inLanguage":"pt-PT"},{"@type":"WebPage","@id":"https:\/\/www.dynseo.com\/pt-pt\/como-escolher-roupas-faceis-de-vestir-para-veste-uma-pessoa-idosa\/","url":"https:\/\/www.dynseo.com\/pt-pt\/como-escolher-roupas-faceis-de-vestir-para-veste-uma-pessoa-idosa\/","name":"Como escolher roupas f\u00e1ceis de vestir para vestir uma pessoa idosa? - DYNSEO - Aplica\u00e7\u00f5es educativas e jogos de mem\u00f3ria","isPartOf":{"@id":"https:\/\/www.dynseo.com\/pt-pt\/#website"},"primaryImageOfPage":{"@id":"https:\/\/www.dynseo.com\/pt-pt\/como-escolher-roupas-faceis-de-vestir-para-veste-uma-pessoa-idosa\/#primaryimage"},"image":{"@id":"https:\/\/www.dynseo.com\/pt-pt\/como-escolher-roupas-faceis-de-vestir-para-veste-uma-pessoa-idosa\/#primaryimage"},"thumbnailUrl":"https:\/\/www.dynseo.com\/wp-content\/uploads\/2019\/11\/Mains-senior-aide-a-domicile-soutien.jpeg","datePublished":"2026-04-27T21:08:03+00:00","dateModified":"2026-04-27T21:11:54+00:00","breadcrumb":{"@id":"https:\/\/www.dynseo.com\/pt-pt\/como-escolher-roupas-faceis-de-vestir-para-veste-uma-pessoa-idosa\/#breadcrumb"},"inLanguage":"pt-PT","potentialAction":[{"@type":"ReadAction","target":["https:\/\/www.dynseo.com\/pt-pt\/como-escolher-roupas-faceis-de-vestir-para-veste-uma-pessoa-idosa\/"]}]},{"@type":"ImageObject","inLanguage":"pt-PT","@id":"https:\/\/www.dynseo.com\/pt-pt\/como-escolher-roupas-faceis-de-vestir-para-veste-uma-pessoa-idosa\/#primaryimage","url":"https:\/\/www.dynseo.com\/wp-content\/uploads\/2019\/11\/Mains-senior-aide-a-domicile-soutien.jpeg","contentUrl":"https:\/\/www.dynseo.com\/wp-content\/uploads\/2019\/11\/Mains-senior-aide-a-domicile-soutien.jpeg","width":7360,"height":4912,"caption":"Jogos interativos e envolventes que ajudam crian\u00e7as com PHDA a desenvolverem habilidades cognitivas"},{"@type":"BreadcrumbList","@id":"https:\/\/www.dynseo.com\/pt-pt\/como-escolher-roupas-faceis-de-vestir-para-veste-uma-pessoa-idosa\/#breadcrumb","itemListElement":[{"@type":"ListItem","position":1,"name":"Accueil","item":"https:\/\/www.dynseo.com\/pt-pt\/"},{"@type":"ListItem","position":2,"name":"Como escolher roupas f\u00e1ceis de vestir para vestir uma pessoa idosa?"}]},{"@type":"WebSite","@id":"https:\/\/www.dynseo.com\/pt-pt\/#website","url":"https:\/\/www.dynseo.com\/pt-pt\/","name":"Jeux de m\u00e9moire et stimulation cognitive","description":"Entra\u00eenez votre m\u00e9moire et votre cerveau avec DYNSEO","publisher":{"@id":"https:\/\/www.dynseo.com\/pt-pt\/#organization"},"potentialAction":[{"@type":"SearchAction","target":{"@type":"EntryPoint","urlTemplate":"https:\/\/www.dynseo.com\/pt-pt\/?s={search_term_string}"},"query-input":{"@type":"PropertyValueSpecification","valueRequired":true,"valueName":"search_term_string"}}],"inLanguage":"pt-PT"},{"@type":"Organization","@id":"https:\/\/www.dynseo.com\/pt-pt\/#organization","name":"DYNSEO","url":"https:\/\/www.dynseo.com\/pt-pt\/","logo":{"@type":"ImageObject","inLanguage":"pt-PT","@id":"https:\/\/www.dynseo.com\/pt-pt\/#\/schema\/logo\/image\/","url":"https:\/\/www.dynseo.com\/wp-content\/uploads\/2022\/05\/logo-dynseo-new.png","contentUrl":"https:\/\/www.dynseo.com\/wp-content\/uploads\/2022\/05\/logo-dynseo-new.png","width":5073,"height":1397,"caption":"DYNSEO"},"image":{"@id":"https:\/\/www.dynseo.com\/pt-pt\/#\/schema\/logo\/image\/"}},{"@type":"Person","@id":"https:\/\/www.dynseo.com\/pt-pt\/#\/schema\/person\/78ef63df2ee64e0989bc68f8401b38d6","name":"DYNSEO","url":"https:\/\/www.dynseo.com\/pt-pt\/author\/justine\/"}]}},"_links":{"self":[{"href":"https:\/\/www.dynseo.com\/pt-pt\/wp-json\/wp\/v2\/posts\/565627","targetHints":{"allow":["GET"]}}],"collection":[{"href":"https:\/\/www.dynseo.com\/pt-pt\/wp-json\/wp\/v2\/posts"}],"about":[{"href":"https:\/\/www.dynseo.com\/pt-pt\/wp-json\/wp\/v2\/types\/post"}],"author":[{"embeddable":true,"href":"https:\/\/www.dynseo.com\/pt-pt\/wp-json\/wp\/v2\/users\/4"}],"replies":[{"embeddable":true,"href":"https:\/\/www.dynseo.com\/pt-pt\/wp-json\/wp\/v2\/comments?post=565627"}],"version-history":[{"count":11,"href":"https:\/\/www.dynseo.com\/pt-pt\/wp-json\/wp\/v2\/posts\/565627\/revisions"}],"predecessor-version":[{"id":565638,"href":"https:\/\/www.dynseo.com\/pt-pt\/wp-json\/wp\/v2\/posts\/565627\/revisions\/565638"}],"wp:featuredmedia":[{"embeddable":true,"href":"https:\/\/www.dynseo.com\/pt-pt\/wp-json\/wp\/v2\/media\/26792"}],"wp:attachment":[{"href":"https:\/\/www.dynseo.com\/pt-pt\/wp-json\/wp\/v2\/media?parent=565627"}],"wp:term":[{"taxonomy":"category","embeddable":true,"href":"https:\/\/www.dynseo.com\/pt-pt\/wp-json\/wp\/v2\/categories?post=565627"},{"taxonomy":"post_tag","embeddable":true,"href":"https:\/\/www.dynseo.com\/pt-pt\/wp-json\/wp\/v2\/tags?post=565627"}],"curies":[{"name":"wp","href":"https:\/\/api.w.org\/{rel}","templated":true}]}}