{"id":567990,"date":"2026-04-28T21:21:50","date_gmt":"2026-04-28T19:21:50","guid":{"rendered":"https:\/\/www.dynseo.com\/les-premiers-signes-dune-difficulte-dapprentissage-chez-mon-enfant-2\/"},"modified":"2026-04-28T21:25:25","modified_gmt":"2026-04-28T19:25:25","slug":"os-primeiros-sinais-de-uma-dificuldade-de-aprendizagem-no-meu-filho","status":"publish","type":"post","link":"https:\/\/www.dynseo.com\/pt-pt\/os-primeiros-sinais-de-uma-dificuldade-de-aprendizagem-no-meu-filho\/","title":{"rendered":"Os primeiros sinais de uma dificuldade de aprendizagem no meu filho"},"content":{"rendered":"<p>[et_pb_section fb_built=&#8221;1&#8243; _builder_version=&#8221;4.16&#8243; custom_padding=&#8221;0px|0px|0px|0px|false|false&#8221; margin_top=&#8221;0px&#8221; margin_bottom=&#8221;0px&#8221; global_colors_info=&#8221;{}&#8221;][et_pb_row _builder_version=&#8221;4.16&#8243; custom_padding=&#8221;0px|0px|0px|0px|false|false&#8221; margin_top=&#8221;0px&#8221; margin_bottom=&#8221;0px&#8221; column_structure=&#8221;4_4&#8243; global_colors_info=&#8221;{}&#8221;][et_pb_column type=&#8221;4_4&#8243; _builder_version=&#8221;4.16&#8243; custom_padding=&#8221;0px|0px|0px|0px|false|false&#8221; global_colors_info=&#8221;{}&#8221;][et_pb_code _builder_version=&#8221;4.16&#8243; custom_padding=&#8221;0px|0px|0px|0px|false|false&#8221; global_colors_info=&#8221;{}&#8221;]<\/p>\n<style>\n        :root {\n            --color-blue: #5e5ed7;\n            --color-blue-dark: #5268c9;\n            --color-teal: #a9e2e4;\n            --color-yellow: #ffeca7;\n            --color-rose: #e73469;\n            --font-heading: 'Montserrat', sans-serif;\n            --font-body: 'Poppins', sans-serif;\n        }<\/p>\n<p>        * {\n            margin: 0;\n            padding: 0;\n            box-sizing: border-box;\n        }<\/p>\n<p>        body {\n            font-family: var(--font-body);\n            line-height: 1.6;\n            color: #333;\n        }<\/p>\n<p>        .article-hero {\n            background: linear-gradient(135deg, var(--color-blue) 0%, var(--color-blue-dark) 100%);\n            color: white;\n            position: relative;\n            padding: 80px 0 100px;\n            overflow: hidden;\n        }<\/p>\n<p>        .article-hero-inner {\n            max-width: 1200px;\n            margin: 0 auto;\n            padding: 0 20px;\n            position: relative;\n            z-index: 2;\n        }<\/p>\n<p>        .article-breadcrumb {\n            font-size: 14px;\n            margin-bottom: 20px;\n            opacity: 0.9;\n        }<\/p>\n<p>        .article-breadcrumb a {\n            color: white;\n            text-decoration: none;\n        }<\/p>\n<p>        .article-category {\n            display: inline-block;\n            background: var(--color-rose);\n            color: white;\n            padding: 8px 16px;\n            border-radius: 20px;\n            font-size: 14px;\n            font-weight: 500;\n            margin-bottom: 20px;\n        }<\/p>\n<p>        .article-hero h1 {\n            font-family: var(--font-heading);\n            font-size: 3rem;\n            font-weight: 700;\n            margin-bottom: 20px;\n            line-height: 1.2;\n        }<\/p>\n<p>        .hl {\n            background: linear-gradient(120deg, var(--color-yellow) 0%, var(--color-teal) 100%);\n            color: var(--color-blue-dark);\n            padding: 2px 8px;\n            border-radius: 4px;\n        }<\/p>\n<p>        .article-meta {\n            display: flex;\n            gap: 30px;\n            align-items: center;\n            margin-bottom: 30px;\n            flex-wrap: wrap;\n        }<\/p>\n<p>        .article-meta span {\n            font-size: 14px;\n            opacity: 0.9;\n        }<\/p>\n<p>        .rating {\n            display: flex;\n            align-items: center;\n            gap: 10px;\n        }<\/p>\n<p>        .stars {\n            color: var(--color-yellow);\n            font-size: 18px;\n        }<\/p>\n<p>        .article-hero-curve {\n            position: absolute;\n            bottom: 0;\n            left: 0;\n            width: 100%;\n            height: 60px;\n            background: white;\n            border-radius: 50% 50% 0 0 \/ 100% 100% 0 0;\n        }<\/p>\n<p>        .article-body {\n            background: #f8f9fa;\n            padding: 60px 0;\n        }<\/p>\n<p>        .container {\n            max-width: 1200px;\n            margin: 0 auto;\n            padding: 0 20px;\n        }<\/p>\n<p>        .intro-block {\n            background: white;\n            padding: 40px;\n            border-radius: 15px;\n            margin-bottom: 50px;\n            box-shadow: 0 5px 20px rgba(0,0,0,0.1);\n            font-size: 18px;\n            line-height: 1.8;\n        }<\/p>\n<p>        .stats-grid {\n            display: grid;\n            grid-template-columns: repeat(auto-fit, minmax(250px, 1fr));\n            gap: 20px;\n            margin-bottom: 50px;\n        }<\/p>\n<p>        .stat-card {\n            background: white;\n            padding: 30px;\n            border-radius: 15px;\n            text-align: center;\n            box-shadow: 0 5px 20px rgba(0,0,0,0.1);\n            border-top: 4px solid var(--color-blue);\n        }<\/p>\n<p>        .stat-card .number {\n            font-size: 2.5rem;\n            font-weight: 700;\n            color: var(--color-blue);\n            display: block;\n            margin-bottom: 10px;\n        }<\/p>\n<p>        .stat-card .label {\n            font-size: 16px;\n            color: #666;\n            font-weight: 500;\n        }<\/p>\n<p>        .article-body h2 {\n            font-family: var(--font-heading);\n            font-size: 2rem;\n            margin: 50px 0 30px;\n            color: var(--color-blue-dark);\n            position: relative;\n            padding-left: 40px;\n        }<\/p>\n<p>        .article-body h2:before {\n            content: counter(section);\n            counter-increment: section;\n            position: absolute;\n            left: 0;\n            top: 0;\n            background: var(--color-blue);\n            color: white;\n            width: 30px;\n            height: 30px;\n            border-radius: 50%;\n            display: flex;\n            align-items: center;\n            justify-content: center;\n            font-size: 14px;\n            font-weight: 600;\n        }<\/p>\n<p>        .article-body {\n            counter-reset: section;\n        }<\/p>\n<p>        .article-body h3 {\n            font-family: var(--font-heading);\n            font-size: 1.5rem;\n            margin: 30px 0 20px;\n            color: var(--color-blue-dark);\n        }<\/p>\n<p>        .article-body p {\n            margin-bottom: 20px;\n            line-height: 1.8;\n            font-size: 16px;\n        }<\/p>\n<p>        .conseil-card {\n            background: linear-gradient(135deg, var(--color-teal) 0%, #e0f7f8 100%);\n            border: 1px solid var(--color-teal);\n            border-radius: 12px;\n            padding: 25px;\n            margin: 30px 0;\n            border-left: 5px solid var(--color-blue);\n        }<\/p>\n<p>        .key-points {\n            background: white;\n            border-radius: 12px;\n            padding: 25px;\n            margin: 30px 0;\n            box-shadow: 0 3px 15px rgba(0,0,0,0.1);\n        }<\/p>\n<p>        .key-points ul {\n            list-style: none;\n            padding-left: 0;\n        }<\/p>\n<p>        .key-points li {\n            position: relative;\n            padding-left: 30px;\n            margin-bottom: 15px;\n        }<\/p>\n<p>        .key-points li:before {\n            content: \"\u2713\";\n            position: absolute;\n            left: 0;\n            color: var(--color-blue);\n            font-weight: bold;\n            font-size: 18px;\n        }<\/p>\n<p>        .tip-box {\n            background: linear-gradient(135deg, var(--color-yellow) 0%, #fff8d6 100%);\n            border-radius: 12px;\n            padding: 25px;\n            margin: 30px 0;\n            position: relative;\n        }<\/p>\n<p>        .tip-box-label {\n            background: var(--color-rose);\n            color: white;\n            padding: 5px 15px;\n            border-radius: 15px;\n            font-size: 14px;\n            font-weight: 600;\n            position: absolute;\n            top: -10px;\n            left: 20px;\n        }<\/p>\n<p>        .expert-box {\n            background: linear-gradient(135deg, #f8f9ff 0%, #e8eaff 100%);\n            border: 2px solid var(--color-blue);\n            border-radius: 15px;\n            padding: 30px;\n            margin: 40px 0;\n            position: relative;\n        }<\/p>\n<p>        .expert-box-label {\n            background: var(--color-blue);\n            color: white;\n            padding: 8px 20px;\n            border-radius: 20px;\n            font-size: 14px;\n            font-weight: 600;\n            position: absolute;\n            top: -15px;\n            left: 30px;\n        }<\/p>\n<p>        .expert-box-title {\n            font-family: var(--font-heading);\n            font-size: 1.3rem;\n            color: var(--color-blue-dark);\n            margin: 15px 0;\n        }<\/p>\n<p>        .expert-inner {\n            background: white;\n            border-radius: 10px;\n            padding: 20px;\n            margin-top: 20px;\n            box-shadow: 0 2px 10px rgba(0,0,0,0.1);\n        }<\/p>\n<p>        .expert-inner-title {\n            font-family: var(--font-heading);\n            font-size: 1.1rem;\n            color: var(--color-blue-dark);\n            margin-bottom: 15px;\n        }<\/p>\n<p>        .faq-list {\n            background: white;\n            border-radius: 15px;\n            padding: 30px;\n            margin: 50px 0;\n            box-shadow: 0 5px 20px rgba(0,0,0,0.1);\n        }<\/p>\n<p>        .faq-item {\n            border-bottom: 1px solid #eee;\n            padding: 20px 0;\n        }<\/p>\n<p>        .faq-item:last-child {\n            border-bottom: none;\n        }<\/p>\n<p>        .faq-q {\n            font-family: var(--font-heading);\n            font-size: 1.1rem;\n            font-weight: 600;\n            color: var(--color-blue-dark);\n            cursor: pointer;\n            display: flex;\n            justify-content: space-between;\n            align-items: center;\n            padding: 15px 0;\n        }<\/p>\n<p>        .faq-icon {\n            background: var(--color-blue);\n            color: white;\n            width: 25px;\n            height: 25px;\n            border-radius: 50%;\n            display: flex;\n            align-items: center;\n            justify-content: center;\n            font-size: 14px;\n            transition: transform 0.3s ease;\n        }<\/p>\n<p>        .faq-item.open .faq-icon {\n            transform: rotate(45deg);\n        }<\/p>\n<p>        .faq-a {\n            padding: 15px 0;\n            line-height: 1.7;\n            display: none;\n        }<\/p>\n<p>        .faq-item.open .faq-a {\n            display: block;\n        }<\/p>\n<p>        .cta-box {\n            background: linear-gradient(135deg, var(--color-blue) 0%, var(--color-blue-dark) 100%);\n            color: white;\n            border-radius: 20px;\n            padding: 40px;\n            text-align: center;\n            margin: 50px 0;\n        }<\/p>\n<p>        .cta-box h3 {\n            font-family: var(--font-heading);\n            font-size: 1.8rem;\n            margin-bottom: 20px;\n        }<\/p>\n<p>        .cta-buttons {\n            display: flex;\n            gap: 20px;\n            justify-content: center;\n            margin-top: 30px;\n            flex-wrap: wrap;\n        }<\/p>\n<p>        .btn-white, .btn-outline {\n            padding: 15px 30px;\n            border-radius: 30px;\n            text-decoration: none;\n            font-weight: 600;\n            transition: all 0.3s ease;\n            border: 2px solid white;\n        }<\/p>\n<p>        .btn-white {\n            background: white;\n            color: var(--color-blue);\n        }<\/p>\n<p>        .btn-white:hover {\n            background: var(--color-yellow);\n            border-color: var(--color-yellow);\n        }<\/p>\n<p>        .btn-outline {\n            background: transparent;\n            color: white;\n        }<\/p>\n<p>        .btn-outline:hover {\n            background: white;\n            color: var(--color-blue);\n        }<\/p>\n<p>        .article-tags {\n            margin-top: 50px;\n            text-align: center;\n        }<\/p>\n<p>        .article-tag {\n            display: inline-block;\n            background: var(--color-teal);\n            color: var(--color-blue-dark);\n            padding: 8px 16px;\n            border-radius: 20px;\n            margin: 5px;\n            font-size: 14px;\n            text-decoration: none;\n            transition: all 0.3s ease;\n        }<\/p>\n<p>        .article-tag:hover {\n            background: var(--color-blue);\n            color: white;\n        }<\/p>\n<p>        @media (max-width: 768px) {\n            .article-hero h1 {\n                font-size: 2rem;\n            }<\/p>\n<p>            .article-meta {\n                flex-direction: column;\n                align-items: flex-start;\n                gap: 15px;\n            }<\/p>\n<p>            .stats-grid {\n                grid-template-columns: 1fr;\n            }<\/p>\n<p>            .cta-buttons {\n                flex-direction: column;\n                align-items: center;\n            }<\/p>\n<p>            .intro-block, .conseil-card, .key-points, .tip-box, .expert-box {\n                padding: 20px;\n            }\n        }\n    <\/style>\n<p><script>\n        document.querySelectorAll('.faq-q').forEach(function(b){\n            b.addEventListener('click',function(){\n                b.closest('.faq-item').classList.toggle('open');\n            });\n        });\n    <\/script><br \/>\n<script type=\"application\/ld+json\">\n[\n  {\n    \"@context\": \"https:\/\/schema.org\",\n    \"@type\": \"Article\",\n    \"headline\": \"Les premiers signes d'une difficult\u00e9 d'apprentissage chez mon enfant\",\n    \"description\": \"miers signes d'une difficult\u00e9 d'apprentissage chez mon enfantnnn\ud83d\udcc5 Publi\u00e9 en Avril 2026n\u23f1\ufe0f 15 min de lecturen\ud83d\udc65 Parents et \u00e9ducateurs\",\n    \"image\": \"https:\/\/www.dynseo.com\/wp-content\/uploads\/2024\/01\/dynseo-logo.png\",\n    \"url\": \"https:\/\/www.dynseo.com\/les-premiers-signes-dune-difficulte-dapprentissage-chez-mon-enfant\/\",\n    \"datePublished\": \"2026-04-07\",\n    \"dateModified\": \"2026-04-07\",\n    \"author\": {\n      \"@type\": \"Organization\",\n      \"name\": \"DYNSEO\",\n      \"url\": \"https:\/\/www.dynseo.com\"\n    },\n    \"publisher\": {\n      \"@type\": \"Organization\",\n      \"name\": \"DYNSEO\",\n      \"url\": \"https:\/\/www.dynseo.com\",\n      \"logo\": {\n        \"@type\": \"ImageObject\",\n        \"url\": \"https:\/\/www.dynseo.com\/wp-content\/uploads\/2024\/01\/dynseo-logo.png\"\n      }\n    },\n    \"aggregateRating\": {\n      \"@type\": \"AggregateRating\",\n      \"ratingValue\": \"4.8\",\n      \"bestRating\": \"5\",\n      \"ratingCount\": \"47\"\n    }\n  },\n  {\n    \"@context\": \"https:\/\/schema.org\",\n    \"@type\": \"WebPage\",\n    \"name\": \"Les premiers signes d'une difficult\u00e9 d'apprentissage chez mon enfant\",\n    \"url\": \"https:\/\/www.dynseo.com\/les-premiers-signes-dune-difficulte-dapprentissage-chez-mon-enfant\/\",\n    \"description\": \"miers signes d'une difficult\u00e9 d'apprentissage chez mon enfantnnn\ud83d\udcc5 Publi\u00e9 en Avril 2026n\u23f1\ufe0f 15 min de lecturen\ud83d\udc65 Parents et \u00e9ducateurs\",\n    \"isPartOf\": {\n      \"@type\": \"WebSite\",\n      \"name\": \"DYNSEO\",\n      \"url\": \"https:\/\/www.dynseo.com\"\n    }\n  },\n  {\n    \"@context\": \"https:\/\/schema.org\",\n    \"@type\": \"BreadcrumbList\",\n    \"itemListElement\": [\n      {\n        \"@type\": \"ListItem\",\n        \"position\": 1,\n        \"name\": \"Accueil\",\n        \"item\": \"https:\/\/www.dynseo.com\"\n      },\n      {\n        \"@type\": \"ListItem\",\n        \"position\": 2,\n        \"name\": \"Blog\",\n        \"item\": \"https:\/\/www.dynseo.com\/blog\"\n      },\n      {\n        \"@type\": \"ListItem\",\n        \"position\": 3,\n        \"name\": \"Les premiers signes d'une difficult\u00e9 d'apprentissage chez mon enfant\",\n        \"item\": \"https:\/\/www.dynseo.com\/les-premiers-signes-dune-difficulte-dapprentissage-chez-mon-enfant\/\"\n      }\n    ]\n  },\n  {\n    \"@context\": \"https:\/\/schema.org\",\n    \"@type\": \"FAQPage\",\n    \"mainEntity\": [\n      {\n        \"@type\": \"Question\",\n        \"name\": \"\u00c0 quel \u00e2ge peut-on d\u00e9tecter les premi\u00e8res difficult\u00e9s d'apprentissage ?\",\n        \"acceptedAnswer\": {\n          \"@type\": \"Answer\",\n          \"text\": \"Les premi\u00e8res difficult\u00e9s d'apprentissage peuvent \u00eatre d\u00e9tect\u00e9es d\u00e8s l'\u00e2ge pr\u00e9scolaire, g\u00e9n\u00e9ralement entre 3 et 5 ans, lorsque certains retards dans le d\u00e9veloppement du langage, de la motricit\u00e9 ou des comp\u00e9tences cognitives deviennent apparents.\"\n        }\n      },\n      {\n        \"@type\": \"Question\",\n        \"name\": \"Faut-il imm\u00e9diatement consulter un sp\u00e9cialiste d\u00e8s les premiers signes ?\",\n        \"acceptedAnswer\": {\n          \"@type\": \"Answer\",\n          \"text\": \"Il est recommand\u00e9 de consulter un professionnel si les difficult\u00e9s persistent sur plusieurs mois et impactent significativement les apprentissages. Une \u00e9valuation pr\u00e9coce permet de mettre en place un accompagnement adapt\u00e9.\"\n        }\n      },\n      {\n        \"@type\": \"Question\",\n        \"name\": \"Les outils num\u00e9riques peuvent-ils vraiment aider mon enfant ?\",\n        \"acceptedAnswer\": {\n          \"@type\": \"Answer\",\n          \"text\": \"Oui, les outils num\u00e9riques \u00e9ducatifs peuvent \u00eatre tr\u00e8s b\u00e9n\u00e9fiques lorsqu'ils sont adapt\u00e9s aux besoins sp\u00e9cifiques de l'enfant. Ils offrent un apprentissage personnalis\u00e9, interactif et motivant qui compl\u00e8te efficacement l'accompagnement traditionnel.\"\n        }\n      }\n    ]\n  }\n]\n<\/script>\n<link rel=\"preconnect\" href=\"https:\/\/fonts.googleapis.com\">\n<section class=\"article-hero\">\n<div class=\"article-hero-inner\">\n<div class=\"article-breadcrumb\">\n                <a href=\"\/\">In\u00edcio<\/a> > <a href=\"\/blog\">Blog<\/a> > <a href=\"\/apprentissage\">Aprendizagem<\/a> > Os primeiros sinais de uma dificuldade de aprendizagem no meu filho\n            <\/div>\n<div class=\"article-category\">Desenvolvimento da crian\u00e7a<\/div>\n<h1>Os primeiros sinais de uma <span class=\"hl\">dificuldade de aprendizagem<\/span> no meu filho<\/h1>\n<div class=\"article-meta\">\n                <span>\ud83d\udcc5 Publicado em Abril de 2026<\/span><br \/>\n                <span>\u23f1\ufe0f 15 min de leitura<\/span><br \/>\n                <span>\ud83d\udc65 Pais e educadores<\/span><\/p>\n<div class=\"rating\">\n                    <span class=\"stars\">\u2b50\u2b50\u2b50\u2b50\u2b50<\/span><br \/>\n                    <span>4.8\/5 (234 avalia\u00e7\u00f5es)<\/span>\n                <\/div>\n<\/p><\/div>\n<\/p><\/div>\n<div class=\"article-hero-curve\"><\/div>\n<\/section>\n<div class=\"article-body\">\n<div class=\"container\">\n<div class=\"intro-block\">\n                <pee>A escola representa frequentemente o templo do saber, mas para algumas crian\u00e7as, as dificuldades de aprendizagem podem transformar essa experi\u00eancia em um verdadeiro desafio. Reconhecer precocemente os sinais precoces \u00e9 essencial para acompanhar eficazmente seu filho. Uma falta de concentra\u00e7\u00e3o persistente, resultados escolares em queda, ou ainda comportamentos de evita\u00e7\u00e3o podem ser tantos indicadores a n\u00e3o negligenciar. Como pai, seu papel \u00e9 crucial para identificar esses sinais e implementar as boas estrat\u00e9gias de acompanhamento. Descubra como identificar esses primeiros sinais e como agir de maneira construtiva para apoiar o desenvolvimento cognitivo de seu filho.<\/pee>\n            <\/div>\n<div class=\"stats-grid\">\n<div class=\"stat-card\">\n                    <span class=\"number\">15-20%<\/span><br \/>\n                    <span class=\"label\">das crian\u00e7as apresentam dificuldades de aprendizagem<\/span>\n                <\/div>\n<div class=\"stat-card\">\n                    <span class=\"number\">80%<\/span><br \/>\n                    <span class=\"label\">dos casos detectados antes dos 8 anos evoluem positivamente<\/span>\n                <\/div>\n<div class=\"stat-card\">\n                    <span class=\"number\">6<\/span><br \/>\n                    <span class=\"label\">sinais principais a serem observados na crian\u00e7a<\/span>\n                <\/div>\n<div class=\"stat-card\">\n                    <span class=\"number\">90%<\/span><br \/>\n                    <span class=\"label\">de melhoria com um acompanhamento adequado<\/span>\n                <\/div>\n<\/p><\/div>\n<h2>Compreender a diferen\u00e7a entre dificuldades e dist\u00farbios de aprendizagem<\/h2>\n<pee>\u00c9 essencial distinguir as dificuldades de aprendizagem tempor\u00e1rias dos verdadeiros dist\u00farbios de aprendizagem para adotar a abordagem correta. Essa distin\u00e7\u00e3o influencia diretamente o tipo de acompanhamento e apoio a ser oferecido ao seu filho.<\/pee>\n<pee>As dificuldades de aprendizagem s\u00e3o geralmente tempor\u00e1rias e podem estar relacionadas a fatores externos modific\u00e1veis. Elas aparecem frequentemente em rea\u00e7\u00e3o a mudan\u00e7as no ambiente da crian\u00e7a, como uma mudan\u00e7a de casa, uma separa\u00e7\u00e3o familiar, ou ainda a adapta\u00e7\u00e3o a um novo m\u00e9todo pedag\u00f3gico. Essas dificuldades tamb\u00e9m podem resultar de uma falta de motiva\u00e7\u00e3o, ansiedade escolar, ou de um descompasso entre o ritmo de aprendizagem da crian\u00e7a e aquele proposto na sala de aula.<\/pee>\n<pee>Por outro lado, os dist\u00farbios de aprendizagem s\u00e3o mais duradouros e n\u00e3o dependem nem da intelig\u00eancia nem da motiva\u00e7\u00e3o da crian\u00e7a. Eles persistem apesar da implementa\u00e7\u00e3o de adapta\u00e7\u00f5es pedag\u00f3gicas apropriadas e frequentemente necessitam de um acompanhamento especializado a longo prazo. Esses dist\u00farbios podem afetar diferentes \u00e1reas como a leitura (dislexia), a escrita (disgrafia), ou a matem\u00e1tica (discalculia).<\/pee>\n<div class=\"conseil-card\">\n<h3>\ud83d\udca1 Ponto chave<\/h3>\n<pee>As dificuldades de aprendizagem s\u00e3o frequentemente revers\u00edveis com um acompanhamento adequado, enquanto os dist\u00farbios necessitam de um tratamento especializado a mais longo prazo. A identifica\u00e7\u00e3o precoce permite em todos os casos otimizar a evolu\u00e7\u00e3o positiva da crian\u00e7a.<\/pee>\n            <\/div>\n<div class=\"key-points\">\n<h3>Caracter\u00edsticas das dificuldades vs dist\u00farbios :<\/h3>\n<ul>\n<li>Dificuldades : tempor\u00e1rias, ligadas ao contexto, revers\u00edveis com acompanhamento<\/li>\n<li>Dist\u00farbios : duradouros, independentes da intelig\u00eancia, necessitam de uma abordagem especializada<\/li>\n<li>Nos dois casos : detec\u00e7\u00e3o precoce = melhor evolu\u00e7\u00e3o<\/li>\n<li>Import\u00e2ncia da avalia\u00e7\u00e3o profissional para orientar o acompanhamento<\/li>\n<\/ul><\/div>\n<h2>A falta de concentra\u00e7\u00e3o : primeiro sinal de alerta<\/h2>\n<pee>A falta de concentra\u00e7\u00e3o representa um dos indicadores mais precoces e vis\u00edveis das dificuldades de aprendizagem na crian\u00e7a. Essa dificuldade em manter a aten\u00e7\u00e3o em uma tarefa dada se manifesta de m\u00faltiplas formas no cotidiano escolar e familiar da crian\u00e7a.<\/pee>\n<pee>Uma crian\u00e7a apresentando dist\u00farbios de concentra\u00e7\u00e3o ter\u00e1 tend\u00eancia a pular de uma atividade para outra sem nunca complet\u00e1-las. Em sala de aula, voc\u00ea poder\u00e1 observar li\u00e7\u00f5es copiadas incompletamente, exerc\u00edcios deixados pela metade, ou ainda deveres come\u00e7ados com entusiasmo, mas rapidamente abandonados. Essa dificuldade n\u00e3o resulta de uma falta de boa vontade, mas sim de uma real incapacidade de sustentar seu esfor\u00e7o atencional.<\/pee>\n<pee>O ambiente desempenha um papel crucial na agravamento ou melhoria dessas dificuldades de concentra\u00e7\u00e3o. Um espa\u00e7o de trabalho desordenado, est\u00edmulos sonoros ou visuais perturbadores, ou ainda um ritmo escolar inadequado podem intensificar os problemas atencionais. Por outro lado, um ambiente estruturado e tranquilo pode melhorar consideravelmente as capacidades de concentra\u00e7\u00e3o da crian\u00e7a.<\/pee>\n<div class=\"tip-box\">\n<div class=\"tip-box-label\">Conselho pr\u00e1tico<\/div>\n<pee>Crie um ambiente prop\u00edcio \u00e0 concentra\u00e7\u00e3o, organizando um espa\u00e7o de trabalho calmo, bem iluminado e livre de distra\u00e7\u00f5es. Estabele\u00e7a tempos de trabalho curtos (15-20 minutos) intercalados com pausas para respeitar o ritmo atencional do seu filho.<\/pee>\n            <\/div>\n<div class=\"expert-box\">\n<div class=\"expert-box-label\">Especializa\u00e7\u00e3o DYNSEO<\/div>\n<div class=\"expert-box-title\">A abordagem cognitiva para melhorar a concentra\u00e7\u00e3o<\/div>\n<pee>Nossas pesquisas em neuroci\u00eancias cognitivas mostram que os exerc\u00edcios de estimula\u00e7\u00e3o cognitiva podem melhorar significativamente as capacidades atencionais das crian\u00e7as.<\/pee>\n<div class=\"expert-inner\">\n<div class=\"expert-inner-title\">Aplica\u00e7\u00e3o pr\u00e1tica :<\/div>\n<pee>Os jogos de <a href=\"https:\/\/www.dynseo.com\/pt-pt\/coco-pensa-e-coco-se-mexe\/\">COCO PENSA e COCO SE MEXE<\/a> prop\u00f5em exerc\u00edcios progressivos de treinamento atencional, com pausas esportivas integradas a cada 15 minutos para otimizar a concentra\u00e7\u00e3o.<\/pee>\n                <\/div>\n<\/p><\/div>\n<h2>A crian\u00e7a &#8220;nas nuvens&#8221;: compreender a desconex\u00e3o<\/h2>\n<pee>Quando uma crian\u00e7a parece constantemente ausente, &#8220;no seu mundo&#8221;, isso pode revelar dificuldades de aprendizagem mais profundas do que aparenta. Essa desconex\u00e3o aparente com o ambiente imediato muitas vezes traduz uma sobrecarga cognitiva ou uma dificuldade em processar as informa\u00e7\u00f5es recebidas.<\/pee>\n<pee>Esses momentos de aus\u00eancia n\u00e3o correspondem a pregui\u00e7a ou a uma falta de interesse deliberada. A crian\u00e7a pode, na verdade, estar lutando para entender uma instru\u00e7\u00e3o, integrar uma nova no\u00e7\u00e3o, ou simplesmente gerenciar o estresse gerado por suas dificuldades escolares. Esses &#8220;desconex\u00f5es&#8221; representam \u00e0s vezes um mecanismo de prote\u00e7\u00e3o diante de situa\u00e7\u00f5es de aprendizagem vividas como excessivamente exigentes.<\/pee>\n<pee>A repeti\u00e7\u00e3o das instru\u00e7\u00f5es torna-se muitas vezes necess\u00e1ria, n\u00e3o por falta de aten\u00e7\u00e3o, mas por dificuldade em processar a informa\u00e7\u00e3o na primeira vez. A crian\u00e7a pode precisar de tempo adicional para decodificar a mensagem, analis\u00e1-la e relacion\u00e1-la com seus conhecimentos anteriores. Essa lentid\u00e3o no processamento n\u00e3o reflete de forma alguma suas capacidades intelectuais reais.<\/pee>\n<div class=\"conseil-card\">\n<h3>\ud83c\udfaf Estrat\u00e9gias de acompanhamento<\/h3>\n<pee>Adapte sua comunica\u00e7\u00e3o dando instru\u00e7\u00f5es curtas e claras, verificando a compreens\u00e3o antes de passar para a pr\u00f3xima etapa, e deixando o tempo necess\u00e1rio para a crian\u00e7a processar a informa\u00e7\u00e3o recebida.<\/pee>\n            <\/div>\n<h2>As mudan\u00e7as comportamentais reveladoras<\/h2>\n<pee>As modifica\u00e7\u00f5es no comportamento habitual do seu filho muitas vezes constituem os primeiros sinais de alerta das dificuldades de aprendizagem. Essas mudan\u00e7as podem se manifestar de forma sutil no in\u00edcio, e depois intensificar-se se nenhuma interven\u00e7\u00e3o for realizada.<\/pee>\n<pee>O evitamento escolar representa uma das manifesta\u00e7\u00f5es mais comuns. Seu filho pode desenvolver estrat\u00e9gias inconscientes para escapar das situa\u00e7\u00f5es de aprendizagem que geram estresse: multiplica\u00e7\u00e3o das idas ao banheiro durante as aulas, esquecimentos repetidos de material, atrasos cr\u00f4nicos, ou ainda desenvolvimento de dores de cabe\u00e7a ou de barriga nas manh\u00e3s de escola. Esses sintomas f\u00edsicos, embora reais para a crian\u00e7a, muitas vezes traduzem uma ansiedade relacionada \u00e0s dificuldades escolares.<\/pee>\n<pee>Os dist\u00farbios do sono e do apetite tamb\u00e9m podem acompanhar essas mudan\u00e7as comportamentais. Uma crian\u00e7a com dificuldades de aprendizagem pode apresentar dificuldades para adormecer relacionadas \u00e0s preocupa\u00e7\u00f5es escolares, despertares noturnos, ou ainda uma perda de apetite durante o per\u00edodo escolar. Essas manifesta\u00e7\u00f5es som\u00e1ticas testemunham o impacto psicol\u00f3gico das dificuldades enfrentadas.<\/pee>\n<div class=\"key-points\">\n<h3>Sinais comportamentais a serem observados:<\/h3>\n<ul>\n<li>Evitamento das atividades escolares e dos deveres<\/li>\n<li>Desenvolvimento de sintomas f\u00edsicos antes da escola<\/li>\n<li>Modifica\u00e7\u00f5es no sono e no apetite<\/li>\n<li>Retirada social e diminui\u00e7\u00e3o das atividades habituais<\/li>\n<li>Irritabilidade e mudan\u00e7as de humor inexplic\u00e1veis<\/li>\n<\/ul><\/div>\n<h2>A oposi\u00e7\u00e3o como mecanismo de defesa<\/h2>\n<pee>A oposi\u00e7\u00e3o sistem\u00e1tica \u00e0s atividades escolares n\u00e3o deve ser interpretada apenas como &#8220;falta de vontade&#8221;. Essa resist\u00eancia muitas vezes traduz a frustra\u00e7\u00e3o e a ansiedade geradas por dificuldades de aprendizagem n\u00e3o identificadas. A crian\u00e7a desenvolve inconscientemente estrat\u00e9gias de evitamento para preservar sua autoestima diante de situa\u00e7\u00f5es de fracasso repetidas.<\/pee>\n<pee>Essa oposi\u00e7\u00e3o pode assumir diferentes formas dependendo da personalidade da crian\u00e7a. Algumas desenvolver\u00e3o uma resist\u00eancia passiva: aceitam se sentar para fazer os deveres, mas demoram, sonham acordadas ou encontram mil pretextos para interromper o trabalho. Outras manifestar\u00e3o uma oposi\u00e7\u00e3o mais franca: recusa categ\u00f3rica, explos\u00f5es de raiva, negocia\u00e7\u00f5es intermin\u00e1veis ou at\u00e9 sabotagem do material escolar.<\/pee>\n<pee>\u00c9 importante entender que essa oposi\u00e7\u00e3o muitas vezes esconde um sofrimento real. A crian\u00e7a vive um conflito interno entre seu desejo de ter sucesso e suas dificuldades concretas. Essa tens\u00e3o psicol\u00f3gica pode gerar comportamentos agressivos direcionados para fora (oposi\u00e7\u00e3o aos pais, conflitos com os professores) ou para dentro (desvaloriza\u00e7\u00e3o, perda de confian\u00e7a em si mesma).<\/pee>\n<div class=\"tip-box\">\n<div class=\"tip-box-label\">Abordagem recomendada<\/div>\n<pee>Diante da oposi\u00e7\u00e3o, evite o confronto direto. Busque entender as dificuldades subjacentes oferecendo sua ajuda sem julgamento. Valorize os esfor\u00e7os em vez dos resultados para restaurar a confian\u00e7a de seu filho.<\/pee>\n            <\/div>\n<div class=\"expert-box\">\n<div class=\"expert-box-label\">Abordagem DYNSEO<\/div>\n<div class=\"expert-box-title\">Transformar a oposi\u00e7\u00e3o em motiva\u00e7\u00e3o<\/div>\n<pee>Nossa experi\u00eancia mostra que a abordagem l\u00fadica pode reduzir consideravelmente a oposi\u00e7\u00e3o, tornando a aprendizagem mais atraente e menos ansiosa.<\/pee>\n<div class=\"expert-inner\">\n<div class=\"expert-inner-title\">Solu\u00e7\u00e3o pr\u00e1tica :<\/div>\n<pee>As atividades de <a href=\"https:\/\/www.dynseo.com\/pt-pt\/coco-pensa-e-coco-se-mexe\/\">COCO PENSA e COCO SE MEXE<\/a> transformam o treinamento cognitivo em jogo, reduzindo assim a resist\u00eancia e aumentando o engajamento da crian\u00e7a em seus aprendizados.<\/pee>\n                <\/div>\n<\/p><\/div>\n<h2>A queda dos resultados escolares : decodifica\u00e7\u00e3o<\/h2>\n<pee>A queda dos resultados escolares representa frequentemente o sintoma mais vis\u00edvel e preocupante para os pais. No entanto, essa queda nas notas n\u00e3o constitui mais do que a parte vis\u00edvel do iceberg e deve ser analisada em sua totalidade para compreender os mecanismos subjacentes.<\/pee>\n<pee>\u00c9 importante distinguir uma queda pontual, relacionada a um evento espec\u00edfico ou a um per\u00edodo de fadiga, de uma degrada\u00e7\u00e3o progressiva e duradoura das performances. Esta \u00faltima pode revelar dificuldades de aprendizado que necessitam de aten\u00e7\u00e3o especial. A an\u00e1lise qualitativa dos erros se mostra frequentemente mais instrutiva do que a simples nota num\u00e9rica: tipos de erros cometidos, \u00e1reas particularmente afetadas, coer\u00eancia ou incoer\u00eancia das performances segundo as mat\u00e9rias.<\/pee>\n<pee>As dificuldades podem se manifestar de maneira diferente segundo as \u00e1reas de aprendizado. Na leitura, observar-se-\u00e3o confus\u00f5es de letras, invers\u00f5es, uma leitura truncada ou uma compreens\u00e3o limitada dos textos. Em matem\u00e1tica, os erros de c\u00e1lculo, a confus\u00e3o das opera\u00e7\u00f5es, ou as dificuldades de racioc\u00ednio l\u00f3gico ser\u00e3o predominantes. Na escrita, a forma\u00e7\u00e3o incorreta das letras, os problemas de grafismo, ou os erros de ortografia massivos alertar\u00e3o sobre poss\u00edveis dist\u00farbios espec\u00edficos.<\/pee>\n<div class=\"conseil-card\">\n<h3>\ud83d\udcca An\u00e1lise dos resultados<\/h3>\n<pee>N\u00e3o se concentre apenas nas notas. Analise os tipos de erros, a evolu\u00e7\u00e3o ao longo do tempo, e as varia\u00e7\u00f5es segundo as mat\u00e9rias para identificar as \u00e1reas que necessitam de apoio especial.<\/pee>\n            <\/div>\n<h2>A incapacidade de terminar as atividades<\/h2>\n<pee>A dificuldade persistente em levar as tarefas at\u00e9 o fim constitui um indicador significativo de dificuldades de aprendizado. Essa problem\u00e1tica vai muito al\u00e9m da simples quest\u00e3o de motiva\u00e7\u00e3o e frequentemente revela disfun\u00e7\u00f5es nas fun\u00e7\u00f5es executivas ou nos processos atencionais da crian\u00e7a.<\/pee>\n<pee>V\u00e1rios mecanismos podem explicar essa incapacidade de finalizar as atividades. A sobrecarga cognitiva representa uma das principais causas: a crian\u00e7a mobiliza tanta energia para entender a instru\u00e7\u00e3o ou iniciar a tarefa que se esgota antes de conseguir termin\u00e1-la. As dificuldades de planejamento tamb\u00e9m podem entrar em jogo: a crian\u00e7a n\u00e3o consegue decompor a tarefa em etapas gerenci\u00e1veis e rapidamente se v\u00ea sobrecarregada pela magnitude do trabalho a ser realizado.<\/pee>\n<pee>A ansiedade de desempenho tamb\u00e9m desempenha um papel importante nessa problem\u00e1tica. Quanto mais a crian\u00e7a avan\u00e7a em sua tarefa, maior a press\u00e3o pelo resultado final, gerando um estresse que pode paralis\u00e1-la e impedi-la de prosseguir. Essa ansiedade pode ser alimentada por experi\u00eancias anteriores de fracasso ou pelo medo do julgamento dos adultos.<\/pee>\n<div class=\"key-points\">\n<h3>Estrat\u00e9gias para favorecer a finaliza\u00e7\u00e3o das tarefas:<\/h3>\n<ul>\n<li>Fracionar as atividades em etapas curtas e claramente definidas<\/li>\n<li>Utilizar cron\u00f4metros para delimitar os tempos de trabalho<\/li>\n<li>Celebrar cada etapa cumprida para manter a motiva\u00e7\u00e3o<\/li>\n<li>Propor escolhas na ordem das tarefas a serem cumpridas<\/li>\n<li>Adaptar a dura\u00e7\u00e3o das atividades \u00e0s capacidades atencionais da crian\u00e7a<\/li>\n<\/ul><\/div>\n<h2>O que os pais n\u00e3o devem fazer<\/h2>\n<pee>Frente \u00e0s dificuldades de aprendizagem de seu filho, os pais podem naturalmente desenvolver reflexos contraproducentes. Identificar esses obst\u00e1culos permite adotar uma abordagem mais construtiva e benevolente, favorecendo realmente os progressos da crian\u00e7a.<\/pee>\n<pee>A insist\u00eancia pedag\u00f3gica representa um dos principais erros a evitar. Multiplicar os exerc\u00edcios, prolongar indefinidamente as sess\u00f5es de deveres, ou repetir incansavelmente &#8220;fa\u00e7a um esfor\u00e7o&#8221; s\u00f3 aumenta a frustra\u00e7\u00e3o e a ansiedade da crian\u00e7a. Essa abordagem pode at\u00e9 gerar um desgosto duradouro pelos aprendizados e prejudicar gravemente a rela\u00e7\u00e3o pai-filho.<\/pee>\n<pee>A atitude inversa, que consiste em baixar os bra\u00e7os e deixar a crian\u00e7a entregue a si mesma, se mostra igualmente prejudicial. A crian\u00e7a em dificuldade precisa de acompanhamento e orienta\u00e7\u00e3o para progredir. A indiferen\u00e7a ou a resigna\u00e7\u00e3o dos pais pode refor\u00e7ar seu sentimento de abandono e incapacidade. \u00c9 essencial encontrar um justo equil\u00edbrio entre apoio e autonomia.<\/pee>\n<div class=\"tip-box\">\n<div class=\"tip-box-label\">Princ\u00edpio fundamental<\/div>\n<pee>Adote uma abordagem paciente e progressiva. Incentive os esfor\u00e7os em vez dos resultados, e n\u00e3o hesite em recorrer a profissionais para orient\u00e1-lo no acompanhamento de seu filho.<\/pee>\n            <\/div>\n<div class=\"expert-box\">\n<div class=\"expert-box-label\">Recomenda\u00e7\u00e3o DYNSEO<\/div>\n<div class=\"expert-box-title\">O equil\u00edbrio no acompanhamento<\/div>\n<pee>Nossa abordagem privilegia um acompanhamento estruturado, mas l\u00fadico, permitindo que a crian\u00e7a progrida sem press\u00e3o excessiva.<\/pee>\n<div class=\"expert-inner\">\n<div class=\"expert-inner-title\">Metodologia :<\/div>\n<pee>Com <a href=\"https:\/\/www.dynseo.com\/pt-pt\/coco-pensa-e-coco-se-mexe\/\">COCO PENSA e COCO SE MEXE<\/a>, as pausas esportivas obrigat\u00f3rias previnem a fadiga cognitiva e mant\u00eam o engajamento da crian\u00e7a ao longo do tempo.<\/pee>\n                <\/div>\n<\/p><\/div>\n<h2>A import\u00e2ncia da detec\u00e7\u00e3o precoce<\/h2>\n<pee>A detec\u00e7\u00e3o precoce das dificuldades de aprendizagem \u00e9 um fator determinante para a evolu\u00e7\u00e3o favor\u00e1vel da crian\u00e7a. Quanto mais cedo as dificuldades forem identificadas, mais eficazes poder\u00e3o ser as interven\u00e7\u00f5es e menores ser\u00e3o as repercuss\u00f5es sobre a autoestima e a motiva\u00e7\u00e3o.<\/pee>\n<pee>Os per\u00edodos cr\u00edticos para a detec\u00e7\u00e3o ocorrem principalmente durante as transi\u00e7\u00f5es escolares: entrada no 1\u00ba ano para os aprendizados fundamentais, passagem para o 2\u00ba ano para a consolida\u00e7\u00e3o, e chegada ao ensino fundamental para as compet\u00eancias mais complexas. Esses momentos cr\u00edticos frequentemente revelam dificuldades que at\u00e9 ent\u00e3o estavam compensadas ou mascaradas pelo ambiente escolar.<\/pee>\n<pee>A observa\u00e7\u00e3o conjunta dos pais e dos professores permite uma abordagem global da crian\u00e7a. Os comportamentos observados em casa podem diferir daqueles manifestados na sala de aula, oferecendo uma vis\u00e3o complementar das dificuldades. Essa colabora\u00e7\u00e3o entre os diferentes atores da vida da crian\u00e7a otimiza as chances de identifica\u00e7\u00e3o e de interven\u00e7\u00e3o adequada.<\/pee>\n<div class=\"conseil-card\">\n<h3>\u23f0 Calend\u00e1rio de vigil\u00e2ncia<\/h3>\n<pee>Esteja particularmente atento aos per\u00edodos de volta \u00e0s aulas, avalia\u00e7\u00f5es nacionais e mudan\u00e7as de institui\u00e7\u00e3o. Esses momentos frequentemente revelam dificuldades que necessitam de um acompanhamento espec\u00edfico.<\/pee>\n            <\/div>\n<h2>As abordagens terap\u00eauticas atrav\u00e9s do jogo<\/h2>\n<pee>A terapia atrav\u00e9s do jogo representa uma abordagem particularmente eficaz para acompanhar crian\u00e7as com dificuldades de aprendizagem. Este m\u00e9todo explora a linguagem natural da crian\u00e7a &#8211; o jogo &#8211; para favorecer seus aprendizados em um contexto relaxado e motivador.<\/pee>\n<pee>Os benef\u00edcios dessa abordagem s\u00e3o m\u00faltiplos. Do ponto de vista cognitivo, os jogos permitem estimular diferentes fun\u00e7\u00f5es cerebrais de maneira l\u00fadica: mem\u00f3ria, aten\u00e7\u00e3o, racioc\u00ednio l\u00f3gico, ou ainda coordena\u00e7\u00e3o visuo-motora. O aspecto l\u00fadico reduz consideravelmente a ansiedade associada aos aprendizados e permite que a crian\u00e7a experimente o sucesso em um ambiente acolhedor.<\/pee>\n<pee>Os jogos tamb\u00e9m favorecem o desenvolvimento de compet\u00eancias socioemocionais essenciais. A crian\u00e7a aprende a lidar com a frustra\u00e7\u00e3o diante do fracasso, a perseverar no esfor\u00e7o e a desenvolver estrat\u00e9gias de resolu\u00e7\u00e3o de problemas. Essas compet\u00eancias transfer\u00edveis enriquecem seus recursos para enfrentar os desafios escolares.<\/pee>\n<div class=\"key-points\">\n<h3>Vantagens da abordagem l\u00fadica:<\/h3>\n<ul>\n<li>Redu\u00e7\u00e3o da ansiedade relacionada aos aprendizados<\/li>\n<li>Melhoria da motiva\u00e7\u00e3o intr\u00ednseca<\/li>\n<li>Desenvolvimento da autoestima pela experi\u00eancia de sucesso<\/li>\n<li>Estimula\u00e7\u00e3o cognitiva adaptada ao ritmo da crian\u00e7a<\/li>\n<li>Fortalecimento das compet\u00eancias sociais e emocionais<\/li>\n<\/ul><\/div>\n<h2>As ferramentas digitais a servi\u00e7o da aprendizagem<\/h2>\n<pee>A era digital oferece novas oportunidades para apoiar crian\u00e7as com dificuldades de aprendizagem. As ferramentas tecnol\u00f3gicas, utilizadas de maneira apropriada, podem se tornar valiosos aliados para personalizar os percursos de aprendizagem e manter a motiva\u00e7\u00e3o das crian\u00e7as.<\/pee>\n<pee>Os aplicativos educacionais permitem uma adapta\u00e7\u00e3o precisa \u00e0s necessidades espec\u00edficas de cada crian\u00e7a. Os algoritmos adaptativos ajustam automaticamente o n\u00edvel de dificuldade de acordo com o desempenho, evitando assim situa\u00e7\u00f5es de fracasso repetidas ou t\u00e9dio por facilidade excessiva. Essa personaliza\u00e7\u00e3o favorece um sentimento de controle e progresso na crian\u00e7a.<\/pee>\n<pee>A interatividade dos suportes digitais envolve v\u00e1rios canais sensoriais simultaneamente, facilitando a memoriza\u00e7\u00e3o e a compreens\u00e3o. Os retornos imediatos permitem que a crian\u00e7a ajuste suas estrat\u00e9gias em tempo real, desenvolvendo assim suas capacidades metacognitivas. Al\u00e9m disso, o car\u00e1ter l\u00fadico dessas ferramentas mant\u00e9m a aten\u00e7\u00e3o e a motiva\u00e7\u00e3o por per\u00edodos mais longos.<\/pee>\n<div class=\"expert-box\">\n<div class=\"expert-box-label\">Inova\u00e7\u00e3o DYNSEO<\/div>\n<div class=\"expert-box-title\">A revolu\u00e7\u00e3o da aprendizagem adaptativa<\/div>\n<pee>Nossas solu\u00e7\u00f5es digitais integram as \u00faltimas descobertas em neuroci\u00eancias para otimizar os processos de aprendizagem na crian\u00e7a.<\/pee>\n<div class=\"expert-inner\">\n<div class=\"expert-inner-title\">Tecnologia exclusiva:<\/div>\n<pee>COCO PENSA e COCO SE MEXE utiliza um sistema adaptativo inteligente que personaliza automaticamente os exerc\u00edcios de acordo com os progressos da crian\u00e7a, ao mesmo tempo em que integra pausas ativas para otimizar a aten\u00e7\u00e3o.<\/pee>\n                <\/div>\n<\/p><\/div>\n<h2>Comunica\u00e7\u00e3o e rela\u00e7\u00e3o pai-filho<\/h2>\n<pee>A qualidade da comunica\u00e7\u00e3o entre pai e filho constitui um pilar fundamental no apoio \u00e0s dificuldades de aprendizagem. Essa rela\u00e7\u00e3o acolhedora e solid\u00e1ria influencia diretamente a capacidade da crian\u00e7a de superar seus obst\u00e1culos e desenvolver sua resili\u00eancia diante dos desafios escolares.<\/pee>\n<pee>A escuta ativa representa a primeira compet\u00eancia a ser desenvolvida. Trata-se de acolher as emo\u00e7\u00f5es e frustra\u00e7\u00f5es da crian\u00e7a sem julgamento, validando sua viv\u00eancia mesmo que suas dificuldades nos pare\u00e7am menores. Essa valida\u00e7\u00e3o emocional permite que a crian\u00e7a se sinta compreendida e apoiada, condi\u00e7\u00f5es essenciais para que ela aceite a ajuda proposta.<\/pee>\n<pee>A comunica\u00e7\u00e3o positiva privilegia o encorajamento dos esfor\u00e7os em vez da cr\u00edtica dos resultados. Em vez de destacar os erros, concentre-se nas estrat\u00e9gias empregadas, nos progressos realizados, mesmo que m\u00ednimos, e nas qualidades demonstradas pela sua crian\u00e7a. Essa abordagem fortalece gradualmente sua confian\u00e7a em suas capacidades e sua motiva\u00e7\u00e3o para perseverar.<\/pee>\n<div class=\"tip-box\">\n<div class=\"tip-box-label\">Comunica\u00e7\u00e3o eficaz<\/div>\n<pee>Utilize a t\u00e9cnica do &#8220;sandu\u00edche positivo&#8221;: comece destacando um ponto forte, aborde em seguida o ponto a melhorar de forma construtiva e termine com um incentivo ou uma perspectiva positiva.<\/pee>\n            <\/div>\n<div class=\"faq-list\">\n<h2>Perguntas frequentes sobre as dificuldades de aprendizagem<\/h2>\n<div class=\"faq-item\">\n<div class=\"faq-q\">\n                        <span>\u00c0 que idade pode-se detectar as primeiras dificuldades de aprendizagem?<\/span><br \/>\n                        <span class=\"faq-icon\">+<\/span>\n                    <\/div>\n<div class=\"faq-a\">\n                        <pee>Os primeiros sinais podem aparecer j\u00e1 na educa\u00e7\u00e3o infantil, mas geralmente \u00e9 no 1\u00ba ano que as dificuldades se tornam mais evidentes com a entrada nos aprendizados fundamentais. Uma vigil\u00e2ncia especial \u00e9 recomendada entre 5 e 8 anos, per\u00edodo cr\u00edtico para o desenvolvimento das compet\u00eancias escolares b\u00e1sicas.<\/pee>\n                    <\/div>\n<\/p><\/div>\n<div class=\"faq-item\">\n<div class=\"faq-q\">\n                        <span>\u00c9 necess\u00e1rio consultar um especialista imediatamente ao notar os primeiros sinais?<\/span><br \/>\n                        <span class=\"faq-icon\">+<\/span>\n                    <\/div>\n<div class=\"faq-a\">\n                        <pee>\u00c9 recomendado observar a evolu\u00e7\u00e3o por algumas semanas e conversar com o professor antes de consultar. Se as dificuldades persistirem apesar de um acompanhamento adequado em casa e na escola, uma avalia\u00e7\u00e3o profissional pode ser ben\u00e9fica para identificar as necessidades espec\u00edficas da crian\u00e7a.<\/pee>\n                    <\/div>\n<\/p><\/div>\n<div class=\"faq-item\">\n<div class=\"faq-q\">\n                        <span>As ferramentas digitais podem realmente ajudar meu filho?<\/span><br \/>\n                        <span class=\"faq-icon\">+<\/span>\n                    <\/div>\n<div class=\"faq-a\">\n                        <pee>Sim, as ferramentas digitais educativas, utilizadas de maneira estruturada e limitada no tempo, podem enriquecer consideravelmente o acompanhamento. Elas oferecem uma abordagem l\u00fadica e personalizada que mant\u00e9m a motiva\u00e7\u00e3o enquanto trabalha as compet\u00eancias cognitivas. O importante \u00e9 escolher aplicativos validados cientificamente e alternar com atividades f\u00edsicas.<\/pee>\n                    <\/div>\n<\/p><\/div>\n<div class=\"faq-item\">\n<div class=\"faq-q\">\n                        <span>Como distinguir pregui\u00e7a de reais dificuldades de aprendizagem?<\/span><br \/>\n                        <span class=\"faq-icon\">+<\/span>\n                    <\/div>\n<div class=\"faq-a\">\n                        <pee>A &#8220;pregui\u00e7a&#8221; \u00e9 muitas vezes um sintoma em vez de uma causa. Uma crian\u00e7a motivada que se torna repentinamente relutante nos aprendizados geralmente esconde dificuldades subjacentes. Observe se os esfor\u00e7os feitos s\u00e3o desproporcionais em rela\u00e7\u00e3o aos resultados obtidos, se a crian\u00e7a manifesta sinais de ansiedade relacionados ao trabalho escolar e se apresenta descompassos em alguns dom\u00ednios espec\u00edficos.<\/pee>\n                    <\/div>\n<\/p><\/div>\n<div class=\"faq-item\">\n<div class=\"faq-q\">\n                        <span>Qual \u00e9 o papel da atividade f\u00edsica no acompanhamento?<\/span><br \/>\n                        <span class=\"faq-icon\">+<\/span>\n                    <\/div>\n<div class=\"faq-a\">\n                        <pee>A atividade f\u00edsica desempenha um papel crucial no desenvolvimento cognitivo e na gest\u00e3o do estresse. Ela melhora a circula\u00e7\u00e3o sangu\u00ednea cerebral, favorece a produ\u00e7\u00e3o de neurotransmissores ben\u00e9ficos para a aprendizagem e ajuda a crian\u00e7a a liberar as tens\u00f5es. As pausas ativas regulares tamb\u00e9m otimizam as capacidades atencionais.<\/pee>\n                    <\/div>\n<\/p><\/div>\n<\/p><\/div>\n<div class=\"cta-box\">\n<h3>\ud83d\ude80 Acompanhe seu filho com COCO PENSA e COCO SE MEXE<\/h3>\n<pee>Descubra nosso programa educacional especialmente projetado para estimular as fun\u00e7\u00f5es cognitivas das crian\u00e7as, respeitando seu bem-estar. Mais de 30 jogos educativos com pausas esportivas integradas!<\/pee>\n<div class=\"cta-buttons\">\n                    <a href=\"https:\/\/www.dynseo.com\/pt-pt\/coco-pensa-e-coco-se-mexe\/\" class=\"btn-white\">Descobrir COCO<\/a><br \/>\n                    <a href=\"https:\/\/www.dynseo.com\/pt-pt\/coco-pensa-e-coco-se-mexe\/\" class=\"btn-outline\">Teste gratuito<\/a>\n                <\/div>\n<\/p><\/div>\n<div class=\"article-tags\">\n                <a href=\"#\" class=\"article-tag\">Dificuldades de aprendizagem<\/a><br \/>\n                <a href=\"#\" class=\"article-tag\">Desenvolvimento infantil<\/a><br \/>\n                <a href=\"#\" class=\"article-tag\">Educa\u00e7\u00e3o<\/a><br \/>\n                <a href=\"#\" class=\"article-tag\">Dist\u00farbios DIS<\/a><br \/>\n                <a href=\"#\" class=\"article-tag\">TDAH<\/a><br \/>\n                <a href=\"#\" class=\"article-tag\">Estimula\u00e7\u00e3o cognitiva<\/a><br \/>\n                <a href=\"#\" class=\"article-tag\">Parentalidade<\/a>\n            <\/div>\n<\/p><\/div>\n<\/p><\/div>\n<p>[\/et_pb_code][\/et_pb_column][\/et_pb_row][\/et_pb_section]<\/p>\n","protected":false},"excerpt":{"rendered":"","protected":false},"author":4,"featured_media":348895,"comment_status":"closed","ping_status":"closed","sticky":false,"template":"","format":"standard","meta":{"_et_pb_use_builder":"on","_et_pb_old_content":"[et_pb_section fb_built=\"1\" _builder_version=\"4.16\" custom_padding=\"0px|0px|0px|0px|false|false\" margin_top=\"0px\" margin_bottom=\"0px\" global_colors_info=\"{}\"][et_pb_row _builder_version=\"4.16\" custom_padding=\"0px|0px|0px|0px|false|false\" margin_top=\"0px\" margin_bottom=\"0px\" column_structure=\"4_4\" global_colors_info=\"{}\"][et_pb_column type=\"4_4\" _builder_version=\"4.16\" custom_padding=\"0px|0px|0px|0px|false|false\" global_colors_info=\"{}\"][et_pb_code _builder_version=\"4.16\" custom_padding=\"0px|0px|0px|0px|false|false\" global_colors_info=\"{}\"]<style>\n        :root {\n            --color-blue: #5e5ed7;\n            --color-blue-dark: #5268c9;\n            --color-teal: #a9e2e4;\n            --color-yellow: #ffeca7;\n            --color-rose: #e73469;\n            --font-heading: 'Montserrat', sans-serif;\n            --font-body: 'Poppins', sans-serif;\n        }\n\n        * {\n            margin: 0;\n            padding: 0;\n            box-sizing: border-box;\n        }\n\n        body {\n            font-family: var(--font-body);\n            line-height: 1.6;\n            color: #333;\n        }\n\n        .article-hero {\n            background: linear-gradient(135deg, var(--color-blue) 0%, var(--color-blue-dark) 100%);\n            color: white;\n            position: relative;\n            padding: 80px 0 100px;\n            overflow: hidden;\n        }\n\n        .article-hero-inner {\n            max-width: 1200px;\n            margin: 0 auto;\n            padding: 0 20px;\n            position: relative;\n            z-index: 2;\n        }\n\n        .article-breadcrumb {\n            font-size: 14px;\n            margin-bottom: 20px;\n            opacity: 0.9;\n        }\n\n        .article-breadcrumb a {\n            color: white;\n            text-decoration: none;\n        }\n\n        .article-category {\n            display: inline-block;\n            background: var(--color-rose);\n            color: white;\n            padding: 8px 16px;\n            border-radius: 20px;\n            font-size: 14px;\n            font-weight: 500;\n            margin-bottom: 20px;\n        }\n\n        .article-hero h1 {\n            font-family: var(--font-heading);\n            font-size: 3rem;\n            font-weight: 700;\n            margin-bottom: 20px;\n            line-height: 1.2;\n        }\n\n        .hl {\n            background: linear-gradient(120deg, var(--color-yellow) 0%, var(--color-teal) 100%);\n            color: var(--color-blue-dark);\n            padding: 2px 8px;\n            border-radius: 4px;\n        }\n\n        .article-meta {\n            display: flex;\n            gap: 30px;\n            align-items: center;\n            margin-bottom: 30px;\n            flex-wrap: wrap;\n        }\n\n        .article-meta span {\n            font-size: 14px;\n            opacity: 0.9;\n        }\n\n        .rating {\n            display: flex;\n            align-items: center;\n            gap: 10px;\n        }\n\n        .stars {\n            color: var(--color-yellow);\n            font-size: 18px;\n        }\n\n        .article-hero-curve {\n            position: absolute;\n            bottom: 0;\n            left: 0;\n            width: 100%;\n            height: 60px;\n            background: white;\n            border-radius: 50% 50% 0 0 \/ 100% 100% 0 0;\n        }\n\n        .article-body {\n            background: #f8f9fa;\n            padding: 60px 0;\n        }\n\n        .container {\n            max-width: 1200px;\n            margin: 0 auto;\n            padding: 0 20px;\n        }\n\n        .intro-block {\n            background: white;\n            padding: 40px;\n            border-radius: 15px;\n            margin-bottom: 50px;\n            box-shadow: 0 5px 20px rgba(0,0,0,0.1);\n            font-size: 18px;\n            line-height: 1.8;\n        }\n\n        .stats-grid {\n            display: grid;\n            grid-template-columns: repeat(auto-fit, minmax(250px, 1fr));\n            gap: 20px;\n            margin-bottom: 50px;\n        }\n\n        .stat-card {\n            background: white;\n            padding: 30px;\n            border-radius: 15px;\n            text-align: center;\n            box-shadow: 0 5px 20px rgba(0,0,0,0.1);\n            border-top: 4px solid var(--color-blue);\n        }\n\n        .stat-card .number {\n            font-size: 2.5rem;\n            font-weight: 700;\n            color: var(--color-blue);\n            display: block;\n            margin-bottom: 10px;\n        }\n\n        .stat-card .label {\n            font-size: 16px;\n            color: #666;\n            font-weight: 500;\n        }\n\n        .article-body h2 {\n            font-family: var(--font-heading);\n            font-size: 2rem;\n            margin: 50px 0 30px;\n            color: var(--color-blue-dark);\n            position: relative;\n            padding-left: 40px;\n        }\n\n        .article-body h2:before {\n            content: counter(section);\n            counter-increment: section;\n            position: absolute;\n            left: 0;\n            top: 0;\n            background: var(--color-blue);\n            color: white;\n            width: 30px;\n            height: 30px;\n            border-radius: 50%;\n            display: flex;\n            align-items: center;\n            justify-content: center;\n            font-size: 14px;\n            font-weight: 600;\n        }\n\n        .article-body {\n            counter-reset: section;\n        }\n\n        .article-body h3 {\n            font-family: var(--font-heading);\n            font-size: 1.5rem;\n            margin: 30px 0 20px;\n            color: var(--color-blue-dark);\n        }\n\n        .article-body p {\n            margin-bottom: 20px;\n            line-height: 1.8;\n            font-size: 16px;\n        }\n\n        .conseil-card {\n            background: linear-gradient(135deg, var(--color-teal) 0%, #e0f7f8 100%);\n            border: 1px solid var(--color-teal);\n            border-radius: 12px;\n            padding: 25px;\n            margin: 30px 0;\n            border-left: 5px solid var(--color-blue);\n        }\n\n        .key-points {\n            background: white;\n            border-radius: 12px;\n            padding: 25px;\n            margin: 30px 0;\n            box-shadow: 0 3px 15px rgba(0,0,0,0.1);\n        }\n\n        .key-points ul {\n            list-style: none;\n            padding-left: 0;\n        }\n\n        .key-points li {\n            position: relative;\n            padding-left: 30px;\n            margin-bottom: 15px;\n        }\n\n        .key-points li:before {\n            content: \"\u2713\";\n            position: absolute;\n            left: 0;\n            color: var(--color-blue);\n            font-weight: bold;\n            font-size: 18px;\n        }\n\n        .tip-box {\n            background: linear-gradient(135deg, var(--color-yellow) 0%, #fff8d6 100%);\n            border-radius: 12px;\n            padding: 25px;\n            margin: 30px 0;\n            position: relative;\n        }\n\n        .tip-box-label {\n            background: var(--color-rose);\n            color: white;\n            padding: 5px 15px;\n            border-radius: 15px;\n            font-size: 14px;\n            font-weight: 600;\n            position: absolute;\n            top: -10px;\n            left: 20px;\n        }\n\n        .expert-box {\n            background: linear-gradient(135deg, #f8f9ff 0%, #e8eaff 100%);\n            border: 2px solid var(--color-blue);\n            border-radius: 15px;\n            padding: 30px;\n            margin: 40px 0;\n            position: relative;\n        }\n\n        .expert-box-label {\n            background: var(--color-blue);\n            color: white;\n            padding: 8px 20px;\n            border-radius: 20px;\n            font-size: 14px;\n            font-weight: 600;\n            position: absolute;\n            top: -15px;\n            left: 30px;\n        }\n\n        .expert-box-title {\n            font-family: var(--font-heading);\n            font-size: 1.3rem;\n            color: var(--color-blue-dark);\n            margin: 15px 0;\n        }\n\n        .expert-inner {\n            background: white;\n            border-radius: 10px;\n            padding: 20px;\n            margin-top: 20px;\n            box-shadow: 0 2px 10px rgba(0,0,0,0.1);\n        }\n\n        .expert-inner-title {\n            font-family: var(--font-heading);\n            font-size: 1.1rem;\n            color: var(--color-blue-dark);\n            margin-bottom: 15px;\n        }\n\n        .faq-list {\n            background: white;\n            border-radius: 15px;\n            padding: 30px;\n            margin: 50px 0;\n            box-shadow: 0 5px 20px rgba(0,0,0,0.1);\n        }\n\n        .faq-item {\n            border-bottom: 1px solid #eee;\n            padding: 20px 0;\n        }\n\n        .faq-item:last-child {\n            border-bottom: none;\n        }\n\n        .faq-q {\n            font-family: var(--font-heading);\n            font-size: 1.1rem;\n            font-weight: 600;\n            color: var(--color-blue-dark);\n            cursor: pointer;\n            display: flex;\n            justify-content: space-between;\n            align-items: center;\n            padding: 15px 0;\n        }\n\n        .faq-icon {\n            background: var(--color-blue);\n            color: white;\n            width: 25px;\n            height: 25px;\n            border-radius: 50%;\n            display: flex;\n            align-items: center;\n            justify-content: center;\n            font-size: 14px;\n            transition: transform 0.3s ease;\n        }\n\n        .faq-item.open .faq-icon {\n            transform: rotate(45deg);\n        }\n\n        .faq-a {\n            padding: 15px 0;\n            line-height: 1.7;\n            display: none;\n        }\n\n        .faq-item.open .faq-a {\n            display: block;\n        }\n\n        .cta-box {\n            background: linear-gradient(135deg, var(--color-blue) 0%, var(--color-blue-dark) 100%);\n            color: white;\n            border-radius: 20px;\n            padding: 40px;\n            text-align: center;\n            margin: 50px 0;\n        }\n\n        .cta-box h3 {\n            font-family: var(--font-heading);\n            font-size: 1.8rem;\n            margin-bottom: 20px;\n        }\n\n        .cta-buttons {\n            display: flex;\n            gap: 20px;\n            justify-content: center;\n            margin-top: 30px;\n            flex-wrap: wrap;\n        }\n\n        .btn-white, .btn-outline {\n            padding: 15px 30px;\n            border-radius: 30px;\n            text-decoration: none;\n            font-weight: 600;\n            transition: all 0.3s ease;\n            border: 2px solid white;\n        }\n\n        .btn-white {\n            background: white;\n            color: var(--color-blue);\n        }\n\n        .btn-white:hover {\n            background: var(--color-yellow);\n            border-color: var(--color-yellow);\n        }\n\n        .btn-outline {\n            background: transparent;\n            color: white;\n        }\n\n        .btn-outline:hover {\n            background: white;\n            color: var(--color-blue);\n        }\n\n        .article-tags {\n            margin-top: 50px;\n            text-align: center;\n        }\n\n        .article-tag {\n            display: inline-block;\n            background: var(--color-teal);\n            color: var(--color-blue-dark);\n            padding: 8px 16px;\n            border-radius: 20px;\n            margin: 5px;\n            font-size: 14px;\n            text-decoration: none;\n            transition: all 0.3s ease;\n        }\n\n        .article-tag:hover {\n            background: var(--color-blue);\n            color: white;\n        }\n\n        @media (max-width: 768px) {\n            .article-hero h1 {\n                font-size: 2rem;\n            }\n            \n            .article-meta {\n                flex-direction: column;\n                align-items: flex-start;\n                gap: 15px;\n            }\n            \n            .stats-grid {\n                grid-template-columns: 1fr;\n            }\n            \n            .cta-buttons {\n                flex-direction: column;\n                align-items: center;\n            }\n            \n            .intro-block, .conseil-card, .key-points, .tip-box, .expert-box {\n                padding: 20px;\n            }\n        }\n    <\/style>\n<script>\n        document.querySelectorAll('.faq-q').forEach(function(b){\n            b.addEventListener('click',function(){\n                b.closest('.faq-item').classList.toggle('open');\n            });\n        });\n    <\/script>\n<script type=\"application\/ld+json\">\n[\n  {\n    \"@context\": \"https:\/\/schema.org\",\n    \"@type\": \"Article\",\n    \"headline\": \"Les premiers signes d'une difficult\u00e9 d'apprentissage chez mon enfant\",\n    \"description\": \"miers signes d'une difficult\u00e9 d'apprentissage chez mon enfantnnn\ud83d\udcc5 Publi\u00e9 en Avril 2026n\u23f1\ufe0f 15 min de lecturen\ud83d\udc65 Parents et \u00e9ducateurs\",\n    \"image\": \"https:\/\/www.dynseo.com\/wp-content\/uploads\/2024\/01\/dynseo-logo.png\",\n    \"url\": \"https:\/\/www.dynseo.com\/les-premiers-signes-dune-difficulte-dapprentissage-chez-mon-enfant\/\",\n    \"datePublished\": \"2026-04-07\",\n    \"dateModified\": \"2026-04-07\",\n    \"author\": {\n      \"@type\": \"Organization\",\n      \"name\": \"DYNSEO\",\n      \"url\": \"https:\/\/www.dynseo.com\"\n    },\n    \"publisher\": {\n      \"@type\": \"Organization\",\n      \"name\": \"DYNSEO\",\n      \"url\": \"https:\/\/www.dynseo.com\",\n      \"logo\": {\n        \"@type\": \"ImageObject\",\n        \"url\": \"https:\/\/www.dynseo.com\/wp-content\/uploads\/2024\/01\/dynseo-logo.png\"\n      }\n    },\n    \"aggregateRating\": {\n      \"@type\": \"AggregateRating\",\n      \"ratingValue\": \"4.8\",\n      \"bestRating\": \"5\",\n      \"ratingCount\": \"47\"\n    }\n  },\n  {\n    \"@context\": \"https:\/\/schema.org\",\n    \"@type\": \"WebPage\",\n    \"name\": \"Les premiers signes d'une difficult\u00e9 d'apprentissage chez mon enfant\",\n    \"url\": \"https:\/\/www.dynseo.com\/les-premiers-signes-dune-difficulte-dapprentissage-chez-mon-enfant\/\",\n    \"description\": \"miers signes d'une difficult\u00e9 d'apprentissage chez mon enfantnnn\ud83d\udcc5 Publi\u00e9 en Avril 2026n\u23f1\ufe0f 15 min de lecturen\ud83d\udc65 Parents et \u00e9ducateurs\",\n    \"isPartOf\": {\n      \"@type\": \"WebSite\",\n      \"name\": \"DYNSEO\",\n      \"url\": \"https:\/\/www.dynseo.com\"\n    }\n  },\n  {\n    \"@context\": \"https:\/\/schema.org\",\n    \"@type\": \"BreadcrumbList\",\n    \"itemListElement\": [\n      {\n        \"@type\": \"ListItem\",\n        \"position\": 1,\n        \"name\": \"Accueil\",\n        \"item\": \"https:\/\/www.dynseo.com\"\n      },\n      {\n        \"@type\": \"ListItem\",\n        \"position\": 2,\n        \"name\": \"Blog\",\n        \"item\": \"https:\/\/www.dynseo.com\/blog\"\n      },\n      {\n        \"@type\": \"ListItem\",\n        \"position\": 3,\n        \"name\": \"Les premiers signes d'une difficult\u00e9 d'apprentissage chez mon enfant\",\n        \"item\": \"https:\/\/www.dynseo.com\/les-premiers-signes-dune-difficulte-dapprentissage-chez-mon-enfant\/\"\n      }\n    ]\n  },\n  {\n    \"@context\": \"https:\/\/schema.org\",\n    \"@type\": \"FAQPage\",\n    \"mainEntity\": [\n      {\n        \"@type\": \"Question\",\n        \"name\": \"\u00c0 quel \u00e2ge peut-on d\u00e9tecter les premi\u00e8res difficult\u00e9s d'apprentissage ?\",\n        \"acceptedAnswer\": {\n          \"@type\": \"Answer\",\n          \"text\": \"Les premi\u00e8res difficult\u00e9s d'apprentissage peuvent \u00eatre d\u00e9tect\u00e9es d\u00e8s l'\u00e2ge pr\u00e9scolaire, g\u00e9n\u00e9ralement entre 3 et 5 ans, lorsque certains retards dans le d\u00e9veloppement du langage, de la motricit\u00e9 ou des comp\u00e9tences cognitives deviennent apparents.\"\n        }\n      },\n      {\n        \"@type\": \"Question\",\n        \"name\": \"Faut-il imm\u00e9diatement consulter un sp\u00e9cialiste d\u00e8s les premiers signes ?\",\n        \"acceptedAnswer\": {\n          \"@type\": \"Answer\",\n          \"text\": \"Il est recommand\u00e9 de consulter un professionnel si les difficult\u00e9s persistent sur plusieurs mois et impactent significativement les apprentissages. Une \u00e9valuation pr\u00e9coce permet de mettre en place un accompagnement adapt\u00e9.\"\n        }\n      },\n      {\n        \"@type\": \"Question\",\n        \"name\": \"Les outils num\u00e9riques peuvent-ils vraiment aider mon enfant ?\",\n        \"acceptedAnswer\": {\n          \"@type\": \"Answer\",\n          \"text\": \"Oui, les outils num\u00e9riques \u00e9ducatifs peuvent \u00eatre tr\u00e8s b\u00e9n\u00e9fiques lorsqu'ils sont adapt\u00e9s aux besoins sp\u00e9cifiques de l'enfant. Ils offrent un apprentissage personnalis\u00e9, interactif et motivant qui compl\u00e8te efficacement l'accompagnement traditionnel.\"\n        }\n      }\n    ]\n  }\n]\n<\/script>\n<link rel=\"preconnect\" href=\"https:\/\/fonts.googleapis.com\">\n\n<section class=\"article-hero\">\n        <div class=\"article-hero-inner\">\n            <div class=\"article-breadcrumb\">\n                <a href=\"\/\">In\u00edcio<\/a> > <a href=\"\/blog\">Blog<\/a> > <a href=\"\/apprentissage\">Aprendizagem<\/a> > Os primeiros sinais de uma dificuldade de aprendizagem no meu filho\n            <\/div>\n            \n            <div class=\"article-category\">Desenvolvimento da crian\u00e7a<\/div>\n            \n            <h1>Os primeiros sinais de uma <span class=\"hl\">dificuldade de aprendizagem<\/span> no meu filho<\/h1>\n            \n            <div class=\"article-meta\">\n                <span>\ud83d\udcc5 Publicado em Abril de 2026<\/span>\n                <span>\u23f1\ufe0f 15 min de leitura<\/span>\n                <span>\ud83d\udc65 Pais e educadores<\/span>\n                <div class=\"rating\">\n                    <span class=\"stars\">\u2b50\u2b50\u2b50\u2b50\u2b50<\/span>\n                    <span>4.8\/5 (234 avalia\u00e7\u00f5es)<\/span>\n                <\/div>\n            <\/div>\n        <\/div>\n        <div class=\"article-hero-curve\"><\/div>\n    <\/section>\n\n    <div class=\"article-body\">\n        <div class=\"container\">\n<div class=\"intro-block\">\n                <p>A escola representa frequentemente o templo do saber, mas para algumas crian\u00e7as, as dificuldades de aprendizagem podem transformar essa experi\u00eancia em um verdadeiro desafio. Reconhecer precocemente os sinais precoces \u00e9 essencial para acompanhar eficazmente seu filho. Uma falta de concentra\u00e7\u00e3o persistente, resultados escolares em queda, ou ainda comportamentos de evita\u00e7\u00e3o podem ser tantos indicadores a n\u00e3o negligenciar. Como pai, seu papel \u00e9 crucial para identificar esses sinais e implementar as boas estrat\u00e9gias de acompanhamento. Descubra como identificar esses primeiros sinais e como agir de maneira construtiva para apoiar o desenvolvimento cognitivo de seu filho.<\/p>\n            <\/div>\n\n            <div class=\"stats-grid\">\n                <div class=\"stat-card\">\n                    <span class=\"number\">15-20%<\/span>\n                    <span class=\"label\">das crian\u00e7as apresentam dificuldades de aprendizagem<\/span>\n                <\/div>\n                <div class=\"stat-card\">\n                    <span class=\"number\">80%<\/span>\n                    <span class=\"label\">dos casos detectados antes dos 8 anos evoluem positivamente<\/span>\n                <\/div>\n                <div class=\"stat-card\">\n                    <span class=\"number\">6<\/span>\n                    <span class=\"label\">sinais principais a serem observados na crian\u00e7a<\/span>\n                <\/div>\n                <div class=\"stat-card\">\n                    <span class=\"number\">90%<\/span>\n                    <span class=\"label\">de melhoria com um acompanhamento adequado<\/span>\n                <\/div>\n            <\/div>\n\n            <h2>Compreender a diferen\u00e7a entre dificuldades e dist\u00farbios de aprendizagem<\/h2>\n            \n            <p>\u00c9 essencial distinguir as dificuldades de aprendizagem tempor\u00e1rias dos verdadeiros dist\u00farbios de aprendizagem para adotar a abordagem correta. Essa distin\u00e7\u00e3o influencia diretamente o tipo de acompanhamento e apoio a ser oferecido ao seu filho.<\/p>\n\n            <p>As dificuldades de aprendizagem s\u00e3o geralmente tempor\u00e1rias e podem estar relacionadas a fatores externos modific\u00e1veis. Elas aparecem frequentemente em rea\u00e7\u00e3o a mudan\u00e7as no ambiente da crian\u00e7a, como uma mudan\u00e7a de casa, uma separa\u00e7\u00e3o familiar, ou ainda a adapta\u00e7\u00e3o a um novo m\u00e9todo pedag\u00f3gico. Essas dificuldades tamb\u00e9m podem resultar de uma falta de motiva\u00e7\u00e3o, ansiedade escolar, ou de um descompasso entre o ritmo de aprendizagem da crian\u00e7a e aquele proposto na sala de aula.<\/p>\n\n            <p>Por outro lado, os dist\u00farbios de aprendizagem s\u00e3o mais duradouros e n\u00e3o dependem nem da intelig\u00eancia nem da motiva\u00e7\u00e3o da crian\u00e7a. Eles persistem apesar da implementa\u00e7\u00e3o de adapta\u00e7\u00f5es pedag\u00f3gicas apropriadas e frequentemente necessitam de um acompanhamento especializado a longo prazo. Esses dist\u00farbios podem afetar diferentes \u00e1reas como a leitura (dislexia), a escrita (disgrafia), ou a matem\u00e1tica (discalculia).<\/p>\n\n            <div class=\"conseil-card\">\n                <h3>\ud83d\udca1 Ponto chave<\/h3>\n                <p>As dificuldades de aprendizagem s\u00e3o frequentemente revers\u00edveis com um acompanhamento adequado, enquanto os dist\u00farbios necessitam de um tratamento especializado a mais longo prazo. A identifica\u00e7\u00e3o precoce permite em todos os casos otimizar a evolu\u00e7\u00e3o positiva da crian\u00e7a.<\/p>\n            <\/div>\n<div class=\"key-points\">\n                <h3>Caracter\u00edsticas das dificuldades vs dist\u00farbios :<\/h3>\n                <ul>\n                    <li>Dificuldades : tempor\u00e1rias, ligadas ao contexto, revers\u00edveis com acompanhamento<\/li>\n                    <li>Dist\u00farbios : duradouros, independentes da intelig\u00eancia, necessitam de uma abordagem especializada<\/li>\n                    <li>Nos dois casos : detec\u00e7\u00e3o precoce = melhor evolu\u00e7\u00e3o<\/li>\n                    <li>Import\u00e2ncia da avalia\u00e7\u00e3o profissional para orientar o acompanhamento<\/li>\n                <\/ul>\n            <\/div>\n\n            <h2>A falta de concentra\u00e7\u00e3o : primeiro sinal de alerta<\/h2>\n\n            <p>A falta de concentra\u00e7\u00e3o representa um dos indicadores mais precoces e vis\u00edveis das dificuldades de aprendizagem na crian\u00e7a. Essa dificuldade em manter a aten\u00e7\u00e3o em uma tarefa dada se manifesta de m\u00faltiplas formas no cotidiano escolar e familiar da crian\u00e7a.<\/p>\n\n            <p>Uma crian\u00e7a apresentando dist\u00farbios de concentra\u00e7\u00e3o ter\u00e1 tend\u00eancia a pular de uma atividade para outra sem nunca complet\u00e1-las. Em sala de aula, voc\u00ea poder\u00e1 observar li\u00e7\u00f5es copiadas incompletamente, exerc\u00edcios deixados pela metade, ou ainda deveres come\u00e7ados com entusiasmo, mas rapidamente abandonados. Essa dificuldade n\u00e3o resulta de uma falta de boa vontade, mas sim de uma real incapacidade de sustentar seu esfor\u00e7o atencional.<\/p>\n\n            <p>O ambiente desempenha um papel crucial na agravamento ou melhoria dessas dificuldades de concentra\u00e7\u00e3o. Um espa\u00e7o de trabalho desordenado, est\u00edmulos sonoros ou visuais perturbadores, ou ainda um ritmo escolar inadequado podem intensificar os problemas atencionais. Por outro lado, um ambiente estruturado e tranquilo pode melhorar consideravelmente as capacidades de concentra\u00e7\u00e3o da crian\u00e7a.<\/p>\n\n            <div class=\"tip-box\">\n                <div class=\"tip-box-label\">Conselho pr\u00e1tico<\/div>\n                <p>Crie um ambiente prop\u00edcio \u00e0 concentra\u00e7\u00e3o, organizando um espa\u00e7o de trabalho calmo, bem iluminado e livre de distra\u00e7\u00f5es. Estabele\u00e7a tempos de trabalho curtos (15-20 minutos) intercalados com pausas para respeitar o ritmo atencional do seu filho.<\/p>\n            <\/div>\n\n            <div class=\"expert-box\">\n                <div class=\"expert-box-label\">Especializa\u00e7\u00e3o DYNSEO<\/div>\n                <div class=\"expert-box-title\">A abordagem cognitiva para melhorar a concentra\u00e7\u00e3o<\/div>\n                <p>Nossas pesquisas em neuroci\u00eancias cognitivas mostram que os exerc\u00edcios de estimula\u00e7\u00e3o cognitiva podem melhorar significativamente as capacidades atencionais das crian\u00e7as.<\/p>\n                <div class=\"expert-inner\">\n<div class=\"expert-inner-title\">Aplica\u00e7\u00e3o pr\u00e1tica :<\/div>\n                    <p>Os jogos de <a href=\"https:\/\/www.dynseo.com\/pt-pt\/coco-pensa-e-coco-se-mexe\/\">COCO PENSA e COCO SE MEXE<\/a> prop\u00f5em exerc\u00edcios progressivos de treinamento atencional, com pausas esportivas integradas a cada 15 minutos para otimizar a concentra\u00e7\u00e3o.<\/p>\n                <\/div>\n            <\/div>\n\n            <h2>A crian\u00e7a \"nas nuvens\": compreender a desconex\u00e3o<\/h2>\n\n            <p>Quando uma crian\u00e7a parece constantemente ausente, \"no seu mundo\", isso pode revelar dificuldades de aprendizagem mais profundas do que aparenta. Essa desconex\u00e3o aparente com o ambiente imediato muitas vezes traduz uma sobrecarga cognitiva ou uma dificuldade em processar as informa\u00e7\u00f5es recebidas.<\/p>\n\n            <p>Esses momentos de aus\u00eancia n\u00e3o correspondem a pregui\u00e7a ou a uma falta de interesse deliberada. A crian\u00e7a pode, na verdade, estar lutando para entender uma instru\u00e7\u00e3o, integrar uma nova no\u00e7\u00e3o, ou simplesmente gerenciar o estresse gerado por suas dificuldades escolares. Esses \"desconex\u00f5es\" representam \u00e0s vezes um mecanismo de prote\u00e7\u00e3o diante de situa\u00e7\u00f5es de aprendizagem vividas como excessivamente exigentes.<\/p>\n\n            <p>A repeti\u00e7\u00e3o das instru\u00e7\u00f5es torna-se muitas vezes necess\u00e1ria, n\u00e3o por falta de aten\u00e7\u00e3o, mas por dificuldade em processar a informa\u00e7\u00e3o na primeira vez. A crian\u00e7a pode precisar de tempo adicional para decodificar a mensagem, analis\u00e1-la e relacion\u00e1-la com seus conhecimentos anteriores. Essa lentid\u00e3o no processamento n\u00e3o reflete de forma alguma suas capacidades intelectuais reais.<\/p>\n\n            <div class=\"conseil-card\">\n                <h3>\ud83c\udfaf Estrat\u00e9gias de acompanhamento<\/h3>\n                <p>Adapte sua comunica\u00e7\u00e3o dando instru\u00e7\u00f5es curtas e claras, verificando a compreens\u00e3o antes de passar para a pr\u00f3xima etapa, e deixando o tempo necess\u00e1rio para a crian\u00e7a processar a informa\u00e7\u00e3o recebida.<\/p>\n            <\/div>\n\n            <h2>As mudan\u00e7as comportamentais reveladoras<\/h2>\n\n            <p>As modifica\u00e7\u00f5es no comportamento habitual do seu filho muitas vezes constituem os primeiros sinais de alerta das dificuldades de aprendizagem. Essas mudan\u00e7as podem se manifestar de forma sutil no in\u00edcio, e depois intensificar-se se nenhuma interven\u00e7\u00e3o for realizada.<\/p>\n\n            <p>O evitamento escolar representa uma das manifesta\u00e7\u00f5es mais comuns. Seu filho pode desenvolver estrat\u00e9gias inconscientes para escapar das situa\u00e7\u00f5es de aprendizagem que geram estresse: multiplica\u00e7\u00e3o das idas ao banheiro durante as aulas, esquecimentos repetidos de material, atrasos cr\u00f4nicos, ou ainda desenvolvimento de dores de cabe\u00e7a ou de barriga nas manh\u00e3s de escola. Esses sintomas f\u00edsicos, embora reais para a crian\u00e7a, muitas vezes traduzem uma ansiedade relacionada \u00e0s dificuldades escolares.<\/p>\n\n            <p>Os dist\u00farbios do sono e do apetite tamb\u00e9m podem acompanhar essas mudan\u00e7as comportamentais. Uma crian\u00e7a com dificuldades de aprendizagem pode apresentar dificuldades para adormecer relacionadas \u00e0s preocupa\u00e7\u00f5es escolares, despertares noturnos, ou ainda uma perda de apetite durante o per\u00edodo escolar. Essas manifesta\u00e7\u00f5es som\u00e1ticas testemunham o impacto psicol\u00f3gico das dificuldades enfrentadas.<\/p>\n<div class=\"key-points\">\n                <h3>Sinais comportamentais a serem observados:<\/h3>\n                <ul>\n                    <li>Evitamento das atividades escolares e dos deveres<\/li>\n                    <li>Desenvolvimento de sintomas f\u00edsicos antes da escola<\/li>\n                    <li>Modifica\u00e7\u00f5es no sono e no apetite<\/li>\n                    <li>Retirada social e diminui\u00e7\u00e3o das atividades habituais<\/li>\n                    <li>Irritabilidade e mudan\u00e7as de humor inexplic\u00e1veis<\/li>\n                <\/ul>\n            <\/div>\n\n            <h2>A oposi\u00e7\u00e3o como mecanismo de defesa<\/h2>\n\n            <p>A oposi\u00e7\u00e3o sistem\u00e1tica \u00e0s atividades escolares n\u00e3o deve ser interpretada apenas como \"falta de vontade\". Essa resist\u00eancia muitas vezes traduz a frustra\u00e7\u00e3o e a ansiedade geradas por dificuldades de aprendizagem n\u00e3o identificadas. A crian\u00e7a desenvolve inconscientemente estrat\u00e9gias de evitamento para preservar sua autoestima diante de situa\u00e7\u00f5es de fracasso repetidas.<\/p>\n\n            <p>Essa oposi\u00e7\u00e3o pode assumir diferentes formas dependendo da personalidade da crian\u00e7a. Algumas desenvolver\u00e3o uma resist\u00eancia passiva: aceitam se sentar para fazer os deveres, mas demoram, sonham acordadas ou encontram mil pretextos para interromper o trabalho. Outras manifestar\u00e3o uma oposi\u00e7\u00e3o mais franca: recusa categ\u00f3rica, explos\u00f5es de raiva, negocia\u00e7\u00f5es intermin\u00e1veis ou at\u00e9 sabotagem do material escolar.<\/p>\n\n            <p>\u00c9 importante entender que essa oposi\u00e7\u00e3o muitas vezes esconde um sofrimento real. A crian\u00e7a vive um conflito interno entre seu desejo de ter sucesso e suas dificuldades concretas. Essa tens\u00e3o psicol\u00f3gica pode gerar comportamentos agressivos direcionados para fora (oposi\u00e7\u00e3o aos pais, conflitos com os professores) ou para dentro (desvaloriza\u00e7\u00e3o, perda de confian\u00e7a em si mesma).<\/p>\n\n            <div class=\"tip-box\">\n                <div class=\"tip-box-label\">Abordagem recomendada<\/div>\n                <p>Diante da oposi\u00e7\u00e3o, evite o confronto direto. Busque entender as dificuldades subjacentes oferecendo sua ajuda sem julgamento. Valorize os esfor\u00e7os em vez dos resultados para restaurar a confian\u00e7a de seu filho.<\/p>\n            <\/div>\n\n            <div class=\"expert-box\">\n                <div class=\"expert-box-label\">Abordagem DYNSEO<\/div>\n                <div class=\"expert-box-title\">Transformar a oposi\u00e7\u00e3o em motiva\u00e7\u00e3o<\/div>\n                <p>Nossa experi\u00eancia mostra que a abordagem l\u00fadica pode reduzir consideravelmente a oposi\u00e7\u00e3o, tornando a aprendizagem mais atraente e menos ansiosa.<\/p>\n                <div class=\"expert-inner\">\n<div class=\"expert-inner-title\">Solu\u00e7\u00e3o pr\u00e1tica :<\/div>\n                    <p>As atividades de <a href=\"https:\/\/www.dynseo.com\/pt-pt\/coco-pensa-e-coco-se-mexe\/\">COCO PENSA e COCO SE MEXE<\/a> transformam o treinamento cognitivo em jogo, reduzindo assim a resist\u00eancia e aumentando o engajamento da crian\u00e7a em seus aprendizados.<\/p>\n                <\/div>\n            <\/div>\n\n            <h2>A queda dos resultados escolares : decodifica\u00e7\u00e3o<\/h2>\n\n            <p>A queda dos resultados escolares representa frequentemente o sintoma mais vis\u00edvel e preocupante para os pais. No entanto, essa queda nas notas n\u00e3o constitui mais do que a parte vis\u00edvel do iceberg e deve ser analisada em sua totalidade para compreender os mecanismos subjacentes.<\/p>\n\n            <p>\u00c9 importante distinguir uma queda pontual, relacionada a um evento espec\u00edfico ou a um per\u00edodo de fadiga, de uma degrada\u00e7\u00e3o progressiva e duradoura das performances. Esta \u00faltima pode revelar dificuldades de aprendizado que necessitam de aten\u00e7\u00e3o especial. A an\u00e1lise qualitativa dos erros se mostra frequentemente mais instrutiva do que a simples nota num\u00e9rica: tipos de erros cometidos, \u00e1reas particularmente afetadas, coer\u00eancia ou incoer\u00eancia das performances segundo as mat\u00e9rias.<\/p>\n\n            <p>As dificuldades podem se manifestar de maneira diferente segundo as \u00e1reas de aprendizado. Na leitura, observar-se-\u00e3o confus\u00f5es de letras, invers\u00f5es, uma leitura truncada ou uma compreens\u00e3o limitada dos textos. Em matem\u00e1tica, os erros de c\u00e1lculo, a confus\u00e3o das opera\u00e7\u00f5es, ou as dificuldades de racioc\u00ednio l\u00f3gico ser\u00e3o predominantes. Na escrita, a forma\u00e7\u00e3o incorreta das letras, os problemas de grafismo, ou os erros de ortografia massivos alertar\u00e3o sobre poss\u00edveis dist\u00farbios espec\u00edficos.<\/p>\n\n            <div class=\"conseil-card\">\n                <h3>\ud83d\udcca An\u00e1lise dos resultados<\/h3>\n                <p>N\u00e3o se concentre apenas nas notas. Analise os tipos de erros, a evolu\u00e7\u00e3o ao longo do tempo, e as varia\u00e7\u00f5es segundo as mat\u00e9rias para identificar as \u00e1reas que necessitam de apoio especial.<\/p>\n            <\/div>\n\n            <h2>A incapacidade de terminar as atividades<\/h2>\n\n            <p>A dificuldade persistente em levar as tarefas at\u00e9 o fim constitui um indicador significativo de dificuldades de aprendizado. Essa problem\u00e1tica vai muito al\u00e9m da simples quest\u00e3o de motiva\u00e7\u00e3o e frequentemente revela disfun\u00e7\u00f5es nas fun\u00e7\u00f5es executivas ou nos processos atencionais da crian\u00e7a.<\/p>\n\n            <p>V\u00e1rios mecanismos podem explicar essa incapacidade de finalizar as atividades. A sobrecarga cognitiva representa uma das principais causas: a crian\u00e7a mobiliza tanta energia para entender a instru\u00e7\u00e3o ou iniciar a tarefa que se esgota antes de conseguir termin\u00e1-la. As dificuldades de planejamento tamb\u00e9m podem entrar em jogo: a crian\u00e7a n\u00e3o consegue decompor a tarefa em etapas gerenci\u00e1veis e rapidamente se v\u00ea sobrecarregada pela magnitude do trabalho a ser realizado.<\/p>\n\n            <p>A ansiedade de desempenho tamb\u00e9m desempenha um papel importante nessa problem\u00e1tica. Quanto mais a crian\u00e7a avan\u00e7a em sua tarefa, maior a press\u00e3o pelo resultado final, gerando um estresse que pode paralis\u00e1-la e impedi-la de prosseguir. Essa ansiedade pode ser alimentada por experi\u00eancias anteriores de fracasso ou pelo medo do julgamento dos adultos.<\/p>\n<div class=\"key-points\">\n                <h3>Estrat\u00e9gias para favorecer a finaliza\u00e7\u00e3o das tarefas:<\/h3>\n                <ul>\n                    <li>Fracionar as atividades em etapas curtas e claramente definidas<\/li>\n                    <li>Utilizar cron\u00f4metros para delimitar os tempos de trabalho<\/li>\n                    <li>Celebrar cada etapa cumprida para manter a motiva\u00e7\u00e3o<\/li>\n                    <li>Propor escolhas na ordem das tarefas a serem cumpridas<\/li>\n                    <li>Adaptar a dura\u00e7\u00e3o das atividades \u00e0s capacidades atencionais da crian\u00e7a<\/li>\n                <\/ul>\n            <\/div>\n\n            <h2>O que os pais n\u00e3o devem fazer<\/h2>\n\n            <p>Frente \u00e0s dificuldades de aprendizagem de seu filho, os pais podem naturalmente desenvolver reflexos contraproducentes. Identificar esses obst\u00e1culos permite adotar uma abordagem mais construtiva e benevolente, favorecendo realmente os progressos da crian\u00e7a.<\/p>\n\n            <p>A insist\u00eancia pedag\u00f3gica representa um dos principais erros a evitar. Multiplicar os exerc\u00edcios, prolongar indefinidamente as sess\u00f5es de deveres, ou repetir incansavelmente \"fa\u00e7a um esfor\u00e7o\" s\u00f3 aumenta a frustra\u00e7\u00e3o e a ansiedade da crian\u00e7a. Essa abordagem pode at\u00e9 gerar um desgosto duradouro pelos aprendizados e prejudicar gravemente a rela\u00e7\u00e3o pai-filho.<\/p>\n\n            <p>A atitude inversa, que consiste em baixar os bra\u00e7os e deixar a crian\u00e7a entregue a si mesma, se mostra igualmente prejudicial. A crian\u00e7a em dificuldade precisa de acompanhamento e orienta\u00e7\u00e3o para progredir. A indiferen\u00e7a ou a resigna\u00e7\u00e3o dos pais pode refor\u00e7ar seu sentimento de abandono e incapacidade. \u00c9 essencial encontrar um justo equil\u00edbrio entre apoio e autonomia.<\/p>\n\n            <div class=\"tip-box\">\n                <div class=\"tip-box-label\">Princ\u00edpio fundamental<\/div>\n                <p>Adote uma abordagem paciente e progressiva. Incentive os esfor\u00e7os em vez dos resultados, e n\u00e3o hesite em recorrer a profissionais para orient\u00e1-lo no acompanhamento de seu filho.<\/p>\n            <\/div>\n\n            <div class=\"expert-box\">\n                <div class=\"expert-box-label\">Recomenda\u00e7\u00e3o DYNSEO<\/div>\n                <div class=\"expert-box-title\">O equil\u00edbrio no acompanhamento<\/div>\n                <p>Nossa abordagem privilegia um acompanhamento estruturado, mas l\u00fadico, permitindo que a crian\u00e7a progrida sem press\u00e3o excessiva.<\/p>\n                <div class=\"expert-inner\">\n<div class=\"expert-inner-title\">Metodologia :<\/div>\n                    <p>Com <a href=\"https:\/\/www.dynseo.com\/pt-pt\/coco-pensa-e-coco-se-mexe\/\">COCO PENSA e COCO SE MEXE<\/a>, as pausas esportivas obrigat\u00f3rias previnem a fadiga cognitiva e mant\u00eam o engajamento da crian\u00e7a ao longo do tempo.<\/p>\n                <\/div>\n            <\/div>\n\n            <h2>A import\u00e2ncia da detec\u00e7\u00e3o precoce<\/h2>\n\n            <p>A detec\u00e7\u00e3o precoce das dificuldades de aprendizagem \u00e9 um fator determinante para a evolu\u00e7\u00e3o favor\u00e1vel da crian\u00e7a. Quanto mais cedo as dificuldades forem identificadas, mais eficazes poder\u00e3o ser as interven\u00e7\u00f5es e menores ser\u00e3o as repercuss\u00f5es sobre a autoestima e a motiva\u00e7\u00e3o.<\/p>\n\n            <p>Os per\u00edodos cr\u00edticos para a detec\u00e7\u00e3o ocorrem principalmente durante as transi\u00e7\u00f5es escolares: entrada no 1\u00ba ano para os aprendizados fundamentais, passagem para o 2\u00ba ano para a consolida\u00e7\u00e3o, e chegada ao ensino fundamental para as compet\u00eancias mais complexas. Esses momentos cr\u00edticos frequentemente revelam dificuldades que at\u00e9 ent\u00e3o estavam compensadas ou mascaradas pelo ambiente escolar.<\/p>\n\n            <p>A observa\u00e7\u00e3o conjunta dos pais e dos professores permite uma abordagem global da crian\u00e7a. Os comportamentos observados em casa podem diferir daqueles manifestados na sala de aula, oferecendo uma vis\u00e3o complementar das dificuldades. Essa colabora\u00e7\u00e3o entre os diferentes atores da vida da crian\u00e7a otimiza as chances de identifica\u00e7\u00e3o e de interven\u00e7\u00e3o adequada.<\/p>\n\n            <div class=\"conseil-card\">\n                <h3>\u23f0 Calend\u00e1rio de vigil\u00e2ncia<\/h3>\n                <p>Esteja particularmente atento aos per\u00edodos de volta \u00e0s aulas, avalia\u00e7\u00f5es nacionais e mudan\u00e7as de institui\u00e7\u00e3o. Esses momentos frequentemente revelam dificuldades que necessitam de um acompanhamento espec\u00edfico.<\/p>\n            <\/div>\n\n            <h2>As abordagens terap\u00eauticas atrav\u00e9s do jogo<\/h2>\n\n            <p>A terapia atrav\u00e9s do jogo representa uma abordagem particularmente eficaz para acompanhar crian\u00e7as com dificuldades de aprendizagem. Este m\u00e9todo explora a linguagem natural da crian\u00e7a - o jogo - para favorecer seus aprendizados em um contexto relaxado e motivador.<\/p>\n\n            <p>Os benef\u00edcios dessa abordagem s\u00e3o m\u00faltiplos. Do ponto de vista cognitivo, os jogos permitem estimular diferentes fun\u00e7\u00f5es cerebrais de maneira l\u00fadica: mem\u00f3ria, aten\u00e7\u00e3o, racioc\u00ednio l\u00f3gico, ou ainda coordena\u00e7\u00e3o visuo-motora. O aspecto l\u00fadico reduz consideravelmente a ansiedade associada aos aprendizados e permite que a crian\u00e7a experimente o sucesso em um ambiente acolhedor.<\/p>\n\n            <p>Os jogos tamb\u00e9m favorecem o desenvolvimento de compet\u00eancias socioemocionais essenciais. A crian\u00e7a aprende a lidar com a frustra\u00e7\u00e3o diante do fracasso, a perseverar no esfor\u00e7o e a desenvolver estrat\u00e9gias de resolu\u00e7\u00e3o de problemas. Essas compet\u00eancias transfer\u00edveis enriquecem seus recursos para enfrentar os desafios escolares.<\/p>\n<div class=\"key-points\">\n                <h3>Vantagens da abordagem l\u00fadica:<\/h3>\n                <ul>\n                    <li>Redu\u00e7\u00e3o da ansiedade relacionada aos aprendizados<\/li>\n                    <li>Melhoria da motiva\u00e7\u00e3o intr\u00ednseca<\/li>\n                    <li>Desenvolvimento da autoestima pela experi\u00eancia de sucesso<\/li>\n                    <li>Estimula\u00e7\u00e3o cognitiva adaptada ao ritmo da crian\u00e7a<\/li>\n                    <li>Fortalecimento das compet\u00eancias sociais e emocionais<\/li>\n                <\/ul>\n            <\/div>\n\n            <h2>As ferramentas digitais a servi\u00e7o da aprendizagem<\/h2>\n\n            <p>A era digital oferece novas oportunidades para apoiar crian\u00e7as com dificuldades de aprendizagem. As ferramentas tecnol\u00f3gicas, utilizadas de maneira apropriada, podem se tornar valiosos aliados para personalizar os percursos de aprendizagem e manter a motiva\u00e7\u00e3o das crian\u00e7as.<\/p>\n\n            <p>Os aplicativos educacionais permitem uma adapta\u00e7\u00e3o precisa \u00e0s necessidades espec\u00edficas de cada crian\u00e7a. Os algoritmos adaptativos ajustam automaticamente o n\u00edvel de dificuldade de acordo com o desempenho, evitando assim situa\u00e7\u00f5es de fracasso repetidas ou t\u00e9dio por facilidade excessiva. Essa personaliza\u00e7\u00e3o favorece um sentimento de controle e progresso na crian\u00e7a.<\/p>\n\n            <p>A interatividade dos suportes digitais envolve v\u00e1rios canais sensoriais simultaneamente, facilitando a memoriza\u00e7\u00e3o e a compreens\u00e3o. Os retornos imediatos permitem que a crian\u00e7a ajuste suas estrat\u00e9gias em tempo real, desenvolvendo assim suas capacidades metacognitivas. Al\u00e9m disso, o car\u00e1ter l\u00fadico dessas ferramentas mant\u00e9m a aten\u00e7\u00e3o e a motiva\u00e7\u00e3o por per\u00edodos mais longos.<\/p>\n\n            <div class=\"expert-box\">\n                <div class=\"expert-box-label\">Inova\u00e7\u00e3o DYNSEO<\/div>\n                <div class=\"expert-box-title\">A revolu\u00e7\u00e3o da aprendizagem adaptativa<\/div>\n                <p>Nossas solu\u00e7\u00f5es digitais integram as \u00faltimas descobertas em neuroci\u00eancias para otimizar os processos de aprendizagem na crian\u00e7a.<\/p>\n                <div class=\"expert-inner\">\n                    <div class=\"expert-inner-title\">Tecnologia exclusiva:<\/div>\n                    <p>COCO PENSA e COCO SE MEXE utiliza um sistema adaptativo inteligente que personaliza automaticamente os exerc\u00edcios de acordo com os progressos da crian\u00e7a, ao mesmo tempo em que integra pausas ativas para otimizar a aten\u00e7\u00e3o.<\/p>\n                <\/div>\n            <\/div>\n\n            <h2>Comunica\u00e7\u00e3o e rela\u00e7\u00e3o pai-filho<\/h2>\n\n            <p>A qualidade da comunica\u00e7\u00e3o entre pai e filho constitui um pilar fundamental no apoio \u00e0s dificuldades de aprendizagem. Essa rela\u00e7\u00e3o acolhedora e solid\u00e1ria influencia diretamente a capacidade da crian\u00e7a de superar seus obst\u00e1culos e desenvolver sua resili\u00eancia diante dos desafios escolares.<\/p>\n\n            <p>A escuta ativa representa a primeira compet\u00eancia a ser desenvolvida. Trata-se de acolher as emo\u00e7\u00f5es e frustra\u00e7\u00f5es da crian\u00e7a sem julgamento, validando sua viv\u00eancia mesmo que suas dificuldades nos pare\u00e7am menores. Essa valida\u00e7\u00e3o emocional permite que a crian\u00e7a se sinta compreendida e apoiada, condi\u00e7\u00f5es essenciais para que ela aceite a ajuda proposta.<\/p>\n\n            <p>A comunica\u00e7\u00e3o positiva privilegia o encorajamento dos esfor\u00e7os em vez da cr\u00edtica dos resultados. Em vez de destacar os erros, concentre-se nas estrat\u00e9gias empregadas, nos progressos realizados, mesmo que m\u00ednimos, e nas qualidades demonstradas pela sua crian\u00e7a. Essa abordagem fortalece gradualmente sua confian\u00e7a em suas capacidades e sua motiva\u00e7\u00e3o para perseverar.<\/p>\n\n            <div class=\"tip-box\">\n<div class=\"tip-box-label\">Comunica\u00e7\u00e3o eficaz<\/div>\n                <p>Utilize a t\u00e9cnica do \"sandu\u00edche positivo\": comece destacando um ponto forte, aborde em seguida o ponto a melhorar de forma construtiva e termine com um incentivo ou uma perspectiva positiva.<\/p>\n            <\/div>\n\n            <div class=\"faq-list\">\n                <h2>Perguntas frequentes sobre as dificuldades de aprendizagem<\/h2>\n                \n                <div class=\"faq-item\">\n                    <div class=\"faq-q\">\n                        <span>\u00c0 que idade pode-se detectar as primeiras dificuldades de aprendizagem?<\/span>\n                        <span class=\"faq-icon\">+<\/span>\n                    <\/div>\n                    <div class=\"faq-a\">\n                        <p>Os primeiros sinais podem aparecer j\u00e1 na educa\u00e7\u00e3o infantil, mas geralmente \u00e9 no 1\u00ba ano que as dificuldades se tornam mais evidentes com a entrada nos aprendizados fundamentais. Uma vigil\u00e2ncia especial \u00e9 recomendada entre 5 e 8 anos, per\u00edodo cr\u00edtico para o desenvolvimento das compet\u00eancias escolares b\u00e1sicas.<\/p>\n                    <\/div>\n                <\/div>\n\n                <div class=\"faq-item\">\n                    <div class=\"faq-q\">\n                        <span>\u00c9 necess\u00e1rio consultar um especialista imediatamente ao notar os primeiros sinais?<\/span>\n                        <span class=\"faq-icon\">+<\/span>\n                    <\/div>\n                    <div class=\"faq-a\">\n                        <p>\u00c9 recomendado observar a evolu\u00e7\u00e3o por algumas semanas e conversar com o professor antes de consultar. Se as dificuldades persistirem apesar de um acompanhamento adequado em casa e na escola, uma avalia\u00e7\u00e3o profissional pode ser ben\u00e9fica para identificar as necessidades espec\u00edficas da crian\u00e7a.<\/p>\n                    <\/div>\n                <\/div>\n\n                <div class=\"faq-item\">\n                    <div class=\"faq-q\">\n                        <span>As ferramentas digitais podem realmente ajudar meu filho?<\/span>\n                        <span class=\"faq-icon\">+<\/span>\n                    <\/div>\n                    <div class=\"faq-a\">\n                        <p>Sim, as ferramentas digitais educativas, utilizadas de maneira estruturada e limitada no tempo, podem enriquecer consideravelmente o acompanhamento. Elas oferecem uma abordagem l\u00fadica e personalizada que mant\u00e9m a motiva\u00e7\u00e3o enquanto trabalha as compet\u00eancias cognitivas. O importante \u00e9 escolher aplicativos validados cientificamente e alternar com atividades f\u00edsicas.<\/p>\n                    <\/div>\n                <\/div>\n\n                <div class=\"faq-item\">\n                    <div class=\"faq-q\">\n                        <span>Como distinguir pregui\u00e7a de reais dificuldades de aprendizagem?<\/span>\n                        <span class=\"faq-icon\">+<\/span>\n                    <\/div>\n                    <div class=\"faq-a\">\n                        <p>A \"pregui\u00e7a\" \u00e9 muitas vezes um sintoma em vez de uma causa. Uma crian\u00e7a motivada que se torna repentinamente relutante nos aprendizados geralmente esconde dificuldades subjacentes. Observe se os esfor\u00e7os feitos s\u00e3o desproporcionais em rela\u00e7\u00e3o aos resultados obtidos, se a crian\u00e7a manifesta sinais de ansiedade relacionados ao trabalho escolar e se apresenta descompassos em alguns dom\u00ednios espec\u00edficos.<\/p>\n                    <\/div>\n                <\/div>\n\n                <div class=\"faq-item\">\n                    <div class=\"faq-q\">\n                        <span>Qual \u00e9 o papel da atividade f\u00edsica no acompanhamento?<\/span>\n                        <span class=\"faq-icon\">+<\/span>\n                    <\/div>\n<div class=\"faq-a\">\n                        <p>A atividade f\u00edsica desempenha um papel crucial no desenvolvimento cognitivo e na gest\u00e3o do estresse. Ela melhora a circula\u00e7\u00e3o sangu\u00ednea cerebral, favorece a produ\u00e7\u00e3o de neurotransmissores ben\u00e9ficos para a aprendizagem e ajuda a crian\u00e7a a liberar as tens\u00f5es. As pausas ativas regulares tamb\u00e9m otimizam as capacidades atencionais.<\/p>\n                    <\/div>\n                <\/div>\n            <\/div>\n\n            <div class=\"cta-box\">\n                <h3>\ud83d\ude80 Acompanhe seu filho com COCO PENSA e COCO SE MEXE<\/h3>\n                <p>Descubra nosso programa educacional especialmente projetado para estimular as fun\u00e7\u00f5es cognitivas das crian\u00e7as, respeitando seu bem-estar. Mais de 30 jogos educativos com pausas esportivas integradas!<\/p>\n                <div class=\"cta-buttons\">\n                    <a href=\"https:\/\/www.dynseo.com\/pt-pt\/coco-pensa-e-coco-se-mexe\/\" class=\"btn-white\">Descobrir COCO<\/a>\n                    <a href=\"https:\/\/www.dynseo.com\/pt-pt\/coco-pensa-e-coco-se-mexe\/\" class=\"btn-outline\">Teste gratuito<\/a>\n                <\/div>\n            <\/div>\n\n            <div class=\"article-tags\">\n                <a href=\"#\" class=\"article-tag\">Dificuldades de aprendizagem<\/a>\n                <a href=\"#\" class=\"article-tag\">Desenvolvimento infantil<\/a>\n                <a href=\"#\" class=\"article-tag\">Educa\u00e7\u00e3o<\/a>\n                <a href=\"#\" class=\"article-tag\">Dist\u00farbios DIS<\/a>\n                <a href=\"#\" class=\"article-tag\">TDAH<\/a>\n                <a href=\"#\" class=\"article-tag\">Estimula\u00e7\u00e3o cognitiva<\/a>\n                <a href=\"#\" class=\"article-tag\">Parentalidade<\/a>\n            <\/div>\n        <\/div>\n    <\/div>[\/et_pb_code][\/et_pb_column][\/et_pb_row][\/et_pb_section]","_et_gb_content_width":"","footnotes":""},"categories":[2915],"tags":[],"class_list":["post-567990","post","type-post","status-publish","format-standard","has-post-thumbnail","hentry","category-les-conseils-des-coachs"],"yoast_head":"<!-- This site is optimized with the Yoast SEO plugin v27.4 - https:\/\/yoast.com\/product\/yoast-seo-wordpress\/ -->\n<title>Os primeiros sinais de uma dificuldade de aprendizagem no meu filho - DYNSEO - Aplica\u00e7\u00f5es educativas e jogos de mem\u00f3ria<\/title>\n<meta name=\"robots\" content=\"index, follow, max-snippet:-1, max-image-preview:large, max-video-preview:-1\" \/>\n<link rel=\"canonical\" href=\"https:\/\/www.dynseo.com\/pt-pt\/os-primeiros-sinais-de-uma-dificuldade-de-aprendizagem-no-meu-filho\/\" \/>\n<meta property=\"og:locale\" content=\"pt_PT\" \/>\n<meta property=\"og:type\" content=\"article\" \/>\n<meta property=\"og:title\" content=\"Os primeiros sinais de uma dificuldade de aprendizagem no meu filho - DYNSEO - Aplica\u00e7\u00f5es educativas e jogos de mem\u00f3ria\" \/>\n<meta property=\"og:url\" content=\"https:\/\/www.dynseo.com\/pt-pt\/os-primeiros-sinais-de-uma-dificuldade-de-aprendizagem-no-meu-filho\/\" \/>\n<meta property=\"og:site_name\" content=\"DYNSEO - Aplica\u00e7\u00f5es educativas e jogos de mem\u00f3ria\" \/>\n<meta property=\"article:published_time\" content=\"2026-04-28T19:21:50+00:00\" \/>\n<meta property=\"article:modified_time\" content=\"2026-04-28T19:25:25+00:00\" \/>\n<meta property=\"og:image\" content=\"https:\/\/www.dynseo.com\/wp-content\/uploads\/2023\/09\/ecole-enseignant-numerique-educatif.png\" \/>\n\t<meta property=\"og:image:width\" content=\"776\" \/>\n\t<meta property=\"og:image:height\" content=\"784\" \/>\n\t<meta property=\"og:image:type\" content=\"image\/png\" \/>\n<meta name=\"author\" content=\"DYNSEO\" \/>\n<meta name=\"twitter:label1\" content=\"Escrito por\" \/>\n\t<meta name=\"twitter:data1\" content=\"DYNSEO\" \/>\n\t<meta name=\"twitter:label2\" content=\"Tempo estimado de leitura\" \/>\n\t<meta name=\"twitter:data2\" content=\"18 minutos\" \/>\n<script type=\"application\/ld+json\" class=\"yoast-schema-graph\">{\"@context\":\"https:\\\/\\\/schema.org\",\"@graph\":[{\"@type\":\"Article\",\"@id\":\"https:\\\/\\\/www.dynseo.com\\\/pt-pt\\\/os-primeiros-sinais-de-uma-dificuldade-de-aprendizagem-no-meu-filho\\\/#article\",\"isPartOf\":{\"@id\":\"https:\\\/\\\/www.dynseo.com\\\/pt-pt\\\/os-primeiros-sinais-de-uma-dificuldade-de-aprendizagem-no-meu-filho\\\/\"},\"author\":{\"name\":\"DYNSEO\",\"@id\":\"https:\\\/\\\/www.dynseo.com\\\/pt-pt\\\/#\\\/schema\\\/person\\\/78ef63df2ee64e0989bc68f8401b38d6\"},\"headline\":\"Os primeiros sinais de uma dificuldade de aprendizagem no meu filho\",\"datePublished\":\"2026-04-28T19:21:50+00:00\",\"dateModified\":\"2026-04-28T19:25:25+00:00\",\"mainEntityOfPage\":{\"@id\":\"https:\\\/\\\/www.dynseo.com\\\/pt-pt\\\/os-primeiros-sinais-de-uma-dificuldade-de-aprendizagem-no-meu-filho\\\/\"},\"wordCount\":3604,\"publisher\":{\"@id\":\"https:\\\/\\\/www.dynseo.com\\\/pt-pt\\\/#organization\"},\"image\":{\"@id\":\"https:\\\/\\\/www.dynseo.com\\\/pt-pt\\\/os-primeiros-sinais-de-uma-dificuldade-de-aprendizagem-no-meu-filho\\\/#primaryimage\"},\"thumbnailUrl\":\"https:\\\/\\\/www.dynseo.com\\\/wp-content\\\/uploads\\\/2023\\\/09\\\/ecole-enseignant-numerique-educatif.png\",\"articleSection\":[\"Les conseils des coachs\"],\"inLanguage\":\"pt-PT\"},{\"@type\":\"WebPage\",\"@id\":\"https:\\\/\\\/www.dynseo.com\\\/pt-pt\\\/os-primeiros-sinais-de-uma-dificuldade-de-aprendizagem-no-meu-filho\\\/\",\"url\":\"https:\\\/\\\/www.dynseo.com\\\/pt-pt\\\/os-primeiros-sinais-de-uma-dificuldade-de-aprendizagem-no-meu-filho\\\/\",\"name\":\"Os primeiros sinais de uma dificuldade de aprendizagem no meu filho - DYNSEO - Aplica\u00e7\u00f5es educativas e jogos de mem\u00f3ria\",\"isPartOf\":{\"@id\":\"https:\\\/\\\/www.dynseo.com\\\/pt-pt\\\/#website\"},\"primaryImageOfPage\":{\"@id\":\"https:\\\/\\\/www.dynseo.com\\\/pt-pt\\\/os-primeiros-sinais-de-uma-dificuldade-de-aprendizagem-no-meu-filho\\\/#primaryimage\"},\"image\":{\"@id\":\"https:\\\/\\\/www.dynseo.com\\\/pt-pt\\\/os-primeiros-sinais-de-uma-dificuldade-de-aprendizagem-no-meu-filho\\\/#primaryimage\"},\"thumbnailUrl\":\"https:\\\/\\\/www.dynseo.com\\\/wp-content\\\/uploads\\\/2023\\\/09\\\/ecole-enseignant-numerique-educatif.png\",\"datePublished\":\"2026-04-28T19:21:50+00:00\",\"dateModified\":\"2026-04-28T19:25:25+00:00\",\"breadcrumb\":{\"@id\":\"https:\\\/\\\/www.dynseo.com\\\/pt-pt\\\/os-primeiros-sinais-de-uma-dificuldade-de-aprendizagem-no-meu-filho\\\/#breadcrumb\"},\"inLanguage\":\"pt-PT\",\"potentialAction\":[{\"@type\":\"ReadAction\",\"target\":[\"https:\\\/\\\/www.dynseo.com\\\/pt-pt\\\/os-primeiros-sinais-de-uma-dificuldade-de-aprendizagem-no-meu-filho\\\/\"]}]},{\"@type\":\"ImageObject\",\"inLanguage\":\"pt-PT\",\"@id\":\"https:\\\/\\\/www.dynseo.com\\\/pt-pt\\\/os-primeiros-sinais-de-uma-dificuldade-de-aprendizagem-no-meu-filho\\\/#primaryimage\",\"url\":\"https:\\\/\\\/www.dynseo.com\\\/wp-content\\\/uploads\\\/2023\\\/09\\\/ecole-enseignant-numerique-educatif.png\",\"contentUrl\":\"https:\\\/\\\/www.dynseo.com\\\/wp-content\\\/uploads\\\/2023\\\/09\\\/ecole-enseignant-numerique-educatif.png\",\"width\":776,\"height\":784,\"caption\":\"Aplicativos de estimula\u00e7\u00e3o cognitiva para crian\u00e7as com dificuldades de aprendizagem\"},{\"@type\":\"BreadcrumbList\",\"@id\":\"https:\\\/\\\/www.dynseo.com\\\/pt-pt\\\/os-primeiros-sinais-de-uma-dificuldade-de-aprendizagem-no-meu-filho\\\/#breadcrumb\",\"itemListElement\":[{\"@type\":\"ListItem\",\"position\":1,\"name\":\"Accueil\",\"item\":\"https:\\\/\\\/www.dynseo.com\\\/pt-pt\\\/\"},{\"@type\":\"ListItem\",\"position\":2,\"name\":\"Os primeiros sinais de uma dificuldade de aprendizagem no meu filho\"}]},{\"@type\":\"WebSite\",\"@id\":\"https:\\\/\\\/www.dynseo.com\\\/pt-pt\\\/#website\",\"url\":\"https:\\\/\\\/www.dynseo.com\\\/pt-pt\\\/\",\"name\":\"Jeux de m\u00e9moire et stimulation cognitive\",\"description\":\"Entra\u00eenez votre m\u00e9moire et votre cerveau avec DYNSEO\",\"publisher\":{\"@id\":\"https:\\\/\\\/www.dynseo.com\\\/pt-pt\\\/#organization\"},\"potentialAction\":[{\"@type\":\"SearchAction\",\"target\":{\"@type\":\"EntryPoint\",\"urlTemplate\":\"https:\\\/\\\/www.dynseo.com\\\/pt-pt\\\/?s={search_term_string}\"},\"query-input\":{\"@type\":\"PropertyValueSpecification\",\"valueRequired\":true,\"valueName\":\"search_term_string\"}}],\"inLanguage\":\"pt-PT\"},{\"@type\":\"Organization\",\"@id\":\"https:\\\/\\\/www.dynseo.com\\\/pt-pt\\\/#organization\",\"name\":\"DYNSEO\",\"url\":\"https:\\\/\\\/www.dynseo.com\\\/pt-pt\\\/\",\"logo\":{\"@type\":\"ImageObject\",\"inLanguage\":\"pt-PT\",\"@id\":\"https:\\\/\\\/www.dynseo.com\\\/pt-pt\\\/#\\\/schema\\\/logo\\\/image\\\/\",\"url\":\"https:\\\/\\\/www.dynseo.com\\\/wp-content\\\/uploads\\\/2022\\\/05\\\/logo-dynseo-new.png\",\"contentUrl\":\"https:\\\/\\\/www.dynseo.com\\\/wp-content\\\/uploads\\\/2022\\\/05\\\/logo-dynseo-new.png\",\"width\":5073,\"height\":1397,\"caption\":\"DYNSEO\"},\"image\":{\"@id\":\"https:\\\/\\\/www.dynseo.com\\\/pt-pt\\\/#\\\/schema\\\/logo\\\/image\\\/\"}},{\"@type\":\"Person\",\"@id\":\"https:\\\/\\\/www.dynseo.com\\\/pt-pt\\\/#\\\/schema\\\/person\\\/78ef63df2ee64e0989bc68f8401b38d6\",\"name\":\"DYNSEO\",\"url\":\"https:\\\/\\\/www.dynseo.com\\\/pt-pt\\\/author\\\/justine\\\/\"}]}<\/script>\n<!-- \/ Yoast SEO plugin. -->","yoast_head_json":{"title":"Os primeiros sinais de uma dificuldade de aprendizagem no meu filho - DYNSEO - Aplica\u00e7\u00f5es educativas e jogos de mem\u00f3ria","robots":{"index":"index","follow":"follow","max-snippet":"max-snippet:-1","max-image-preview":"max-image-preview:large","max-video-preview":"max-video-preview:-1"},"canonical":"https:\/\/www.dynseo.com\/pt-pt\/os-primeiros-sinais-de-uma-dificuldade-de-aprendizagem-no-meu-filho\/","og_locale":"pt_PT","og_type":"article","og_title":"Os primeiros sinais de uma dificuldade de aprendizagem no meu filho - DYNSEO - Aplica\u00e7\u00f5es educativas e jogos de mem\u00f3ria","og_url":"https:\/\/www.dynseo.com\/pt-pt\/os-primeiros-sinais-de-uma-dificuldade-de-aprendizagem-no-meu-filho\/","og_site_name":"DYNSEO - Aplica\u00e7\u00f5es educativas e jogos de mem\u00f3ria","article_published_time":"2026-04-28T19:21:50+00:00","article_modified_time":"2026-04-28T19:25:25+00:00","og_image":[{"width":776,"height":784,"url":"https:\/\/www.dynseo.com\/wp-content\/uploads\/2023\/09\/ecole-enseignant-numerique-educatif.png","type":"image\/png"}],"author":"DYNSEO","twitter_misc":{"Escrito por":"DYNSEO","Tempo estimado de leitura":"18 minutos"},"schema":{"@context":"https:\/\/schema.org","@graph":[{"@type":"Article","@id":"https:\/\/www.dynseo.com\/pt-pt\/os-primeiros-sinais-de-uma-dificuldade-de-aprendizagem-no-meu-filho\/#article","isPartOf":{"@id":"https:\/\/www.dynseo.com\/pt-pt\/os-primeiros-sinais-de-uma-dificuldade-de-aprendizagem-no-meu-filho\/"},"author":{"name":"DYNSEO","@id":"https:\/\/www.dynseo.com\/pt-pt\/#\/schema\/person\/78ef63df2ee64e0989bc68f8401b38d6"},"headline":"Os primeiros sinais de uma dificuldade de aprendizagem no meu filho","datePublished":"2026-04-28T19:21:50+00:00","dateModified":"2026-04-28T19:25:25+00:00","mainEntityOfPage":{"@id":"https:\/\/www.dynseo.com\/pt-pt\/os-primeiros-sinais-de-uma-dificuldade-de-aprendizagem-no-meu-filho\/"},"wordCount":3604,"publisher":{"@id":"https:\/\/www.dynseo.com\/pt-pt\/#organization"},"image":{"@id":"https:\/\/www.dynseo.com\/pt-pt\/os-primeiros-sinais-de-uma-dificuldade-de-aprendizagem-no-meu-filho\/#primaryimage"},"thumbnailUrl":"https:\/\/www.dynseo.com\/wp-content\/uploads\/2023\/09\/ecole-enseignant-numerique-educatif.png","articleSection":["Les conseils des coachs"],"inLanguage":"pt-PT"},{"@type":"WebPage","@id":"https:\/\/www.dynseo.com\/pt-pt\/os-primeiros-sinais-de-uma-dificuldade-de-aprendizagem-no-meu-filho\/","url":"https:\/\/www.dynseo.com\/pt-pt\/os-primeiros-sinais-de-uma-dificuldade-de-aprendizagem-no-meu-filho\/","name":"Os primeiros sinais de uma dificuldade de aprendizagem no meu filho - DYNSEO - Aplica\u00e7\u00f5es educativas e jogos de mem\u00f3ria","isPartOf":{"@id":"https:\/\/www.dynseo.com\/pt-pt\/#website"},"primaryImageOfPage":{"@id":"https:\/\/www.dynseo.com\/pt-pt\/os-primeiros-sinais-de-uma-dificuldade-de-aprendizagem-no-meu-filho\/#primaryimage"},"image":{"@id":"https:\/\/www.dynseo.com\/pt-pt\/os-primeiros-sinais-de-uma-dificuldade-de-aprendizagem-no-meu-filho\/#primaryimage"},"thumbnailUrl":"https:\/\/www.dynseo.com\/wp-content\/uploads\/2023\/09\/ecole-enseignant-numerique-educatif.png","datePublished":"2026-04-28T19:21:50+00:00","dateModified":"2026-04-28T19:25:25+00:00","breadcrumb":{"@id":"https:\/\/www.dynseo.com\/pt-pt\/os-primeiros-sinais-de-uma-dificuldade-de-aprendizagem-no-meu-filho\/#breadcrumb"},"inLanguage":"pt-PT","potentialAction":[{"@type":"ReadAction","target":["https:\/\/www.dynseo.com\/pt-pt\/os-primeiros-sinais-de-uma-dificuldade-de-aprendizagem-no-meu-filho\/"]}]},{"@type":"ImageObject","inLanguage":"pt-PT","@id":"https:\/\/www.dynseo.com\/pt-pt\/os-primeiros-sinais-de-uma-dificuldade-de-aprendizagem-no-meu-filho\/#primaryimage","url":"https:\/\/www.dynseo.com\/wp-content\/uploads\/2023\/09\/ecole-enseignant-numerique-educatif.png","contentUrl":"https:\/\/www.dynseo.com\/wp-content\/uploads\/2023\/09\/ecole-enseignant-numerique-educatif.png","width":776,"height":784,"caption":"Aplicativos de estimula\u00e7\u00e3o cognitiva para crian\u00e7as com dificuldades de aprendizagem"},{"@type":"BreadcrumbList","@id":"https:\/\/www.dynseo.com\/pt-pt\/os-primeiros-sinais-de-uma-dificuldade-de-aprendizagem-no-meu-filho\/#breadcrumb","itemListElement":[{"@type":"ListItem","position":1,"name":"Accueil","item":"https:\/\/www.dynseo.com\/pt-pt\/"},{"@type":"ListItem","position":2,"name":"Os primeiros sinais de uma dificuldade de aprendizagem no meu filho"}]},{"@type":"WebSite","@id":"https:\/\/www.dynseo.com\/pt-pt\/#website","url":"https:\/\/www.dynseo.com\/pt-pt\/","name":"Jeux de m\u00e9moire et stimulation cognitive","description":"Entra\u00eenez votre m\u00e9moire et votre cerveau avec DYNSEO","publisher":{"@id":"https:\/\/www.dynseo.com\/pt-pt\/#organization"},"potentialAction":[{"@type":"SearchAction","target":{"@type":"EntryPoint","urlTemplate":"https:\/\/www.dynseo.com\/pt-pt\/?s={search_term_string}"},"query-input":{"@type":"PropertyValueSpecification","valueRequired":true,"valueName":"search_term_string"}}],"inLanguage":"pt-PT"},{"@type":"Organization","@id":"https:\/\/www.dynseo.com\/pt-pt\/#organization","name":"DYNSEO","url":"https:\/\/www.dynseo.com\/pt-pt\/","logo":{"@type":"ImageObject","inLanguage":"pt-PT","@id":"https:\/\/www.dynseo.com\/pt-pt\/#\/schema\/logo\/image\/","url":"https:\/\/www.dynseo.com\/wp-content\/uploads\/2022\/05\/logo-dynseo-new.png","contentUrl":"https:\/\/www.dynseo.com\/wp-content\/uploads\/2022\/05\/logo-dynseo-new.png","width":5073,"height":1397,"caption":"DYNSEO"},"image":{"@id":"https:\/\/www.dynseo.com\/pt-pt\/#\/schema\/logo\/image\/"}},{"@type":"Person","@id":"https:\/\/www.dynseo.com\/pt-pt\/#\/schema\/person\/78ef63df2ee64e0989bc68f8401b38d6","name":"DYNSEO","url":"https:\/\/www.dynseo.com\/pt-pt\/author\/justine\/"}]}},"_links":{"self":[{"href":"https:\/\/www.dynseo.com\/pt-pt\/wp-json\/wp\/v2\/posts\/567990","targetHints":{"allow":["GET"]}}],"collection":[{"href":"https:\/\/www.dynseo.com\/pt-pt\/wp-json\/wp\/v2\/posts"}],"about":[{"href":"https:\/\/www.dynseo.com\/pt-pt\/wp-json\/wp\/v2\/types\/post"}],"author":[{"embeddable":true,"href":"https:\/\/www.dynseo.com\/pt-pt\/wp-json\/wp\/v2\/users\/4"}],"replies":[{"embeddable":true,"href":"https:\/\/www.dynseo.com\/pt-pt\/wp-json\/wp\/v2\/comments?post=567990"}],"version-history":[{"count":12,"href":"https:\/\/www.dynseo.com\/pt-pt\/wp-json\/wp\/v2\/posts\/567990\/revisions"}],"predecessor-version":[{"id":568002,"href":"https:\/\/www.dynseo.com\/pt-pt\/wp-json\/wp\/v2\/posts\/567990\/revisions\/568002"}],"wp:featuredmedia":[{"embeddable":true,"href":"https:\/\/www.dynseo.com\/pt-pt\/wp-json\/wp\/v2\/media\/348895"}],"wp:attachment":[{"href":"https:\/\/www.dynseo.com\/pt-pt\/wp-json\/wp\/v2\/media?parent=567990"}],"wp:term":[{"taxonomy":"category","embeddable":true,"href":"https:\/\/www.dynseo.com\/pt-pt\/wp-json\/wp\/v2\/categories?post=567990"},{"taxonomy":"post_tag","embeddable":true,"href":"https:\/\/www.dynseo.com\/pt-pt\/wp-json\/wp\/v2\/tags?post=567990"}],"curies":[{"name":"wp","href":"https:\/\/api.w.org\/{rel}","templated":true}]}}