{"id":568982,"date":"2026-04-29T02:19:54","date_gmt":"2026-04-29T00:19:54","guid":{"rendered":"https:\/\/www.dynseo.com\/comment-ameliorer-la-memoire-a-court-terme-strategies-et-astuces-2\/"},"modified":"2026-04-29T02:24:56","modified_gmt":"2026-04-29T00:24:56","slug":"como-melhorar-a-memoria-a-curto-prazo-estrategias-e-dicas","status":"publish","type":"post","link":"https:\/\/www.dynseo.com\/pt-pt\/como-melhorar-a-memoria-a-curto-prazo-estrategias-e-dicas\/","title":{"rendered":"Como melhorar a mem\u00f3ria a curto prazo: estrat\u00e9gias e dicas"},"content":{"rendered":"<p>[et_pb_section fb_built=&#8221;1&#8243; _builder_version=&#8221;4.16&#8243; custom_padding=&#8221;0px|0px|0px|0px|false|false&#8221; margin_top=&#8221;0px&#8221; margin_bottom=&#8221;0px&#8221; global_colors_info=&#8221;{}&#8221;][et_pb_row _builder_version=&#8221;4.16&#8243; custom_padding=&#8221;0px|0px|0px|0px|false|false&#8221; margin_top=&#8221;0px&#8221; margin_bottom=&#8221;0px&#8221; column_structure=&#8221;4_4&#8243; global_colors_info=&#8221;{}&#8221;][et_pb_column type=&#8221;4_4&#8243; _builder_version=&#8221;4.16&#8243; custom_padding=&#8221;0px|0px|0px|0px|false|false&#8221; global_colors_info=&#8221;{}&#8221;][et_pb_code _builder_version=&#8221;4.16&#8243; custom_padding=&#8221;0px|0px|0px|0px|false|false&#8221; global_colors_info=&#8221;{}&#8221;]<!DOCTYPE html><br \/>\n<html lang=\"fr\"><br \/>\n<head><br \/>\n    <meta charset=\"UTF-8\"><br \/>\n    <meta name=\"viewport\" content=\"width=device-width, initial-scale=1.0\"><br \/>\n    <title>Comment am\u00e9liorer la m\u00e9moire \u00e0 court terme : strat\u00e9gies et astuces<\/title>\n    <link href=\"https:\/\/fonts.googleapis.com\/css2?family=Montserrat:wght@400;600;700&#038;family=Poppins:wght@400;500;600&#038;display=swap\" rel=\"stylesheet\">\n<style>\n        :root {\n            --bleu: #5e5ed7;\n            --bleu-dark: #5268c9;\n            --teal: #a9e2e4;\n            --jaune: #ffeca7;\n            --rose: #e73469;\n            --gris-clair: #f8f9fa;\n            --gris-moyen: #6c757d;\n            --noir: #2c3e50;\n        }<\/p>\n<p>        * {\n            margin: 0;\n            padding: 0;\n            box-sizing: border-box;\n        }<\/p>\n<p>        body {\n            font-family: 'Poppins', sans-serif;\n            line-height: 1.6;\n            color: var(--noir);\n        }<\/p>\n<p>        .article-hero {\n            background: linear-gradient(135deg, var(--bleu) 0%, var(--bleu-dark) 100%);\n            color: white;\n            padding: 3rem 0 8rem 0;\n            position: relative;\n        }<\/p>\n<p>        .article-hero-inner {\n            max-width: 1200px;\n            margin: 0 auto;\n            padding: 0 2rem;\n        }<\/p>\n<p>        .article-breadcrumb {\n            font-size: 0.9rem;\n            margin-bottom: 1rem;\n            opacity: 0.9;\n        }<\/p>\n<p>        .article-category {\n            background: var(--rose);\n            color: white;\n            padding: 0.5rem 1rem;\n            border-radius: 20px;\n            font-size: 0.85rem;\n            font-weight: 600;\n            display: inline-block;\n            margin-bottom: 1.5rem;\n        }<\/p>\n<p>        .article-hero h1 {\n            font-family: 'Montserrat', sans-serif;\n            font-size: 2.5rem;\n            font-weight: 700;\n            margin-bottom: 1.5rem;\n            line-height: 1.2;\n        }<\/p>\n<p>        .hl {\n            background: var(--jaune);\n            color: var(--noir);\n            padding: 0 0.5rem;\n            border-radius: 5px;\n        }<\/p>\n<p>        .article-meta {\n            display: flex;\n            flex-wrap: wrap;\n            gap: 2rem;\n            align-items: center;\n            margin-bottom: 1rem;\n            font-size: 0.9rem;\n        }<\/p>\n<p>        .rating {\n            display: flex;\n            align-items: center;\n            gap: 0.5rem;\n        }<\/p>\n<p>        .stars {\n            color: var(--jaune);\n        }<\/p>\n<p>        .article-hero-curve {\n            position: absolute;\n            bottom: -1px;\n            left: 0;\n            width: 100%;\n            height: 80px;\n            background: white;\n            clip-path: ellipse(100% 100% at 50% 100%);\n        }<\/p>\n<p>        .article-body {\n            padding: 4rem 0;\n        }<\/p>\n<p>        .container {\n            max-width: 1000px;\n            margin: 0 auto;\n            padding: 0 2rem;\n        }<\/p>\n<p>        .intro-block {\n            font-size: 1.1rem;\n            color: var(--gris-moyen);\n            margin-bottom: 3rem;\n            text-align: center;\n            line-height: 1.8;\n        }<\/p>\n<p>        .stats-grid {\n            display: grid;\n            grid-template-columns: repeat(auto-fit, minmax(200px, 1fr));\n            gap: 2rem;\n            margin-bottom: 4rem;\n        }<\/p>\n<p>        .stat-card {\n            background: white;\n            border-radius: 15px;\n            padding: 2rem;\n            text-align: center;\n            box-shadow: 0 10px 30px rgba(0,0,0,0.1);\n            border-left: 5px solid var(--teal);\n        }<\/p>\n<p>        .stat-card .number {\n            font-size: 2.5rem;\n            font-weight: 700;\n            color: var(--bleu);\n            display: block;\n            margin-bottom: 0.5rem;\n        }<\/p>\n<p>        .stat-card .label {\n            color: var(--gris-moyen);\n            font-size: 0.9rem;\n        }<\/p>\n<p>        h2 {\n            font-family: 'Montserrat', sans-serif;\n            font-size: 1.8rem;\n            color: var(--bleu);\n            margin: 3rem 0 1.5rem 0;\n            position: relative;\n        }<\/p>\n<p>        h2:before {\n            content: '';\n            width: 50px;\n            height: 3px;\n            background: var(--teal);\n            position: absolute;\n            bottom: -5px;\n            left: 0;\n        }<\/p>\n<p>        h3 {\n            font-family: 'Montserrat', sans-serif;\n            font-size: 1.3rem;\n            color: var(--bleu-dark);\n            margin: 2rem 0 1rem 0;\n        }<\/p>\n<p>        p {\n            margin-bottom: 1.5rem;\n            line-height: 1.8;\n        }<\/p>\n<p>        ul, ol {\n            margin-bottom: 1.5rem;\n            padding-left: 2rem;\n        }<\/p>\n<p>        li {\n            margin-bottom: 0.5rem;\n        }<\/p>\n<p>        .conseil-card {\n            background: linear-gradient(135deg, var(--teal), #87ceeb);\n            border-radius: 15px;\n            padding: 2rem;\n            margin: 2rem 0;\n            color: var(--noir);\n        }<\/p>\n<p>        .conseil-card h4 {\n            font-family: 'Montserrat', sans-serif;\n            margin-bottom: 1rem;\n            color: var(--bleu-dark);\n        }<\/p>\n<p>        .key-points {\n            background: var(--gris-clair);\n            border-radius: 10px;\n            padding: 1.5rem;\n            margin: 2rem 0;\n            border-left: 5px solid var(--bleu);\n        }<\/p>\n<p>        .key-points h4 {\n            color: var(--bleu);\n            margin-bottom: 1rem;\n        }<\/p>\n<p>        .tip-box {\n            background: var(--jaune);\n            border-radius: 10px;\n            padding: 1.5rem;\n            margin: 2rem 0;\n            position: relative;\n        }<\/p>\n<p>        .tip-box-label {\n            background: var(--rose);\n            color: white;\n            padding: 0.3rem 0.8rem;\n            border-radius: 15px;\n            font-size: 0.8rem;\n            font-weight: 600;\n            position: absolute;\n            top: -10px;\n            left: 1.5rem;\n        }<\/p>\n<p>        .expert-box {\n            background: white;\n            border: 2px solid var(--bleu);\n            border-radius: 15px;\n            padding: 2rem;\n            margin: 2rem 0;\n        }<\/p>\n<p>        .expert-box-label {\n            background: var(--bleu);\n            color: white;\n            padding: 0.3rem 0.8rem;\n            border-radius: 15px;\n            font-size: 0.8rem;\n            font-weight: 600;\n            display: inline-block;\n            margin-bottom: 1rem;\n        }<\/p>\n<p>        .expert-box-title {\n            font-family: 'Montserrat', sans-serif;\n            color: var(--bleu);\n            margin-bottom: 1rem;\n        }<\/p>\n<p>        .expert-inner {\n            background: var(--gris-clair);\n            padding: 1.5rem;\n            border-radius: 10px;\n            margin-top: 1rem;\n        }<\/p>\n<p>        .expert-inner-title {\n            font-weight: 600;\n            color: var(--bleu-dark);\n            margin-bottom: 0.5rem;\n        }<\/p>\n<p>        .faq-list {\n            margin: 3rem 0;\n        }<\/p>\n<p>        .faq-item {\n            border: 1px solid #e0e0e0;\n            border-radius: 10px;\n            margin-bottom: 1rem;\n            overflow: hidden;\n        }<\/p>\n<p>        .faq-q {\n            background: var(--gris-clair);\n            padding: 1.5rem;\n            cursor: pointer;\n            display: flex;\n            justify-content: space-between;\n            align-items: center;\n            font-weight: 600;\n            color: var(--bleu-dark);\n        }<\/p>\n<p>        .faq-icon {\n            background: var(--bleu);\n            color: white;\n            width: 25px;\n            height: 25px;\n            border-radius: 50%;\n            display: flex;\n            align-items: center;\n            justify-content: center;\n            font-weight: bold;\n        }<\/p>\n<p>        .faq-a {\n            padding: 0 1.5rem;\n            max-height: 0;\n            overflow: hidden;\n            transition: max-height 0.3s ease;\n        }<\/p>\n<p>        .faq-item.open .faq-a {\n            max-height: 500px;\n            padding: 1.5rem;\n        }<\/p>\n<p>        .cta-box {\n            background: linear-gradient(135deg, var(--bleu) 0%, var(--bleu-dark) 100%);\n            color: white;\n            border-radius: 15px;\n            padding: 3rem;\n            text-align: center;\n            margin: 3rem 0;\n        }<\/p>\n<p>        .cta-buttons {\n            display: flex;\n            gap: 1rem;\n            justify-content: center;\n            flex-wrap: wrap;\n            margin-top: 2rem;\n        }<\/p>\n<p>        .btn-white {\n            background: white;\n            color: var(--bleu);\n            padding: 1rem 2rem;\n            border-radius: 25px;\n            text-decoration: none;\n            font-weight: 600;\n            transition: transform 0.3s;\n        }<\/p>\n<p>        .btn-white:hover {\n            transform: translateY(-2px);\n        }<\/p>\n<p>        .btn-outline {\n            background: transparent;\n            color: white;\n            border: 2px solid white;\n            padding: 1rem 2rem;\n            border-radius: 25px;\n            text-decoration: none;\n            font-weight: 600;\n            transition: all 0.3s;\n        }<\/p>\n<p>        .btn-outline:hover {\n            background: white;\n            color: var(--bleu);\n        }<\/p>\n<p>        .article-tags {\n            margin: 3rem 0;\n            text-align: center;\n        }<\/p>\n<p>        .article-tag {\n            background: var(--teal);\n            color: var(--noir);\n            padding: 0.5rem 1rem;\n            border-radius: 20px;\n            text-decoration: none;\n            font-size: 0.85rem;\n            margin: 0.25rem;\n            display: inline-block;\n        }<\/p>\n<p>        @media (max-width: 768px) {\n            .article-hero {\n                padding: 2rem 0 6rem 0;\n            }<\/p>\n<p>            .article-hero h1 {\n                font-size: 2rem;\n            }<\/p>\n<p>            .article-meta {\n                flex-direction: column;\n                gap: 1rem;\n            }<\/p>\n<p>            .stats-grid {\n                grid-template-columns: 1fr;\n            }<\/p>\n<p>            .cta-buttons {\n                flex-direction: column;\n                align-items: center;\n            }\n        }\n    <\/style>\n<p><\/head><br \/>\n<body><\/p>\n<section class=\"article-hero\">\n<div class=\"article-hero-inner\">\n<div class=\"article-breadcrumb\">\n                In\u00edcio > Blog > Mem\u00f3ria > Como melhorar a mem\u00f3ria a curto prazo\n            <\/div>\n<div class=\"article-category\">Estimula\u00e7\u00e3o Cognitiva<\/div>\n<h1>Como melhorar a <span class=\"hl\">mem\u00f3ria a curto prazo<\/span> : estrat\u00e9gias e dicas<\/h1>\n<div class=\"article-meta\">\n                <span>\ud83d\udcc5 Abril 2026<\/span><br \/>\n                <span>\u23f1\ufe0f 15 min de leitura<\/span><br \/>\n                <span>\ud83d\udc65 Todo p\u00fablico<\/span><\/p>\n<div class=\"rating\">\n                    <span class=\"stars\">\u2b50\u2b50\u2b50\u2b50\u2b50<\/span><br \/>\n                    <span>4.8\/5 (127 avalia\u00e7\u00f5es)<\/span>\n                <\/div>\n<\/p><\/div>\n<\/p><\/div>\n<div class=\"article-hero-curve\"><\/div>\n<\/section>\n<div class=\"article-body\">\n<div class=\"container\">\n<div class=\"intro-block\">\n                A mem\u00f3ria de curto prazo \u00e9 um pilar fundamental do nosso funcionamento cognitivo di\u00e1rio. Ela nos permite reter temporariamente informa\u00e7\u00f5es cruciais, resolver problemas complexos e tomar decis\u00f5es informadas. No entanto, muitos fatores podem alterar seu desempenho, criando desafios em nossa vida pessoal e profissional. Neste guia completo, exploramos estrat\u00e9gias cientificamente comprovadas e t\u00e9cnicas pr\u00e1ticas para otimizar sua mem\u00f3ria de curto prazo. Descubra como transformar sua capacidade de memoriza\u00e7\u00e3o atrav\u00e9s de abordagens inovadoras e h\u00e1bitos de vida adaptados.\n            <\/div>\n<div class=\"stats-grid\">\n<div class=\"stat-card\">\n                    <span class=\"number\">7\u00b12<\/span><br \/>\n                    <span class=\"label\">Elementos retidos em m\u00e9dia<\/span>\n                <\/div>\n<div class=\"stat-card\">\n                    <span class=\"number\">15-30s<\/span><br \/>\n                    <span class=\"label\">Dura\u00e7\u00e3o de reten\u00e7\u00e3o natural<\/span>\n                <\/div>\n<div class=\"stat-card\">\n                    <span class=\"number\">25%<\/span><br \/>\n                    <span class=\"label\">Melhoria poss\u00edvel com treinamento<\/span>\n                <\/div>\n<div class=\"stat-card\">\n                    <span class=\"number\">3<\/span><br \/>\n                    <span class=\"label\">Regi\u00f5es cerebrais principais envolvidas<\/span>\n                <\/div>\n<\/p><\/div>\n<h2>1. Compreender os mecanismos da mem\u00f3ria de curto prazo<\/h2>\n<pee>A mem\u00f3ria de curto prazo, tamb\u00e9m chamada de mem\u00f3ria de trabalho, constitui um sistema cognitivo sofisticado que nos permite manter e manipular temporariamente informa\u00e7\u00f5es enquanto realizamos tarefas complexas. Essa capacidade mental excepcional envolve v\u00e1rias regi\u00f5es cerebrais trabalhando em perfeita sincronia para processar, armazenar e recuperar dados essenciais para nosso funcionamento di\u00e1rio.<\/pee>\n<pee>No n\u00edvel neurol\u00f3gico, a mem\u00f3ria de curto prazo ativa principalmente o c\u00f3rtex pr\u00e9-frontal, o hipocampo e o c\u00f3rtex parietal. O c\u00f3rtex pr\u00e9-frontal atua como um maestro, coordenando os diferentes processos cognitivos e mantendo a aten\u00e7\u00e3o focada nas informa\u00e7\u00f5es relevantes. O hipocampo, por sua vez, desempenha um papel crucial na codifica\u00e7\u00e3o inicial das informa\u00e7\u00f5es e seu potencial transfer\u00eancia para a mem\u00f3ria de longo prazo. O c\u00f3rtex parietal contribui para a integra\u00e7\u00e3o espacial e temporal dos dados processados.<\/pee>\n<pee>A capacidade limitada da mem\u00f3ria de curto prazo, geralmente estimada em 7 mais ou menos 2 elementos segundo a regra de Miller, reflete uma adapta\u00e7\u00e3o evolutiva que permite ao c\u00e9rebro processar informa\u00e7\u00f5es de forma eficaz sem sobrecarga cognitiva. Essa limita\u00e7\u00e3o aparente torna-se um trunfo quando aprendemos a otimiz\u00e1-la atrav\u00e9s das estrat\u00e9gias apropriadas que desenvolveremos nas se\u00e7\u00f5es seguintes.<\/pee>\n<div class=\"conseil-card\">\n<h4>\ud83e\udde0 Conselho de especialista DYNSEO<\/h4>\n<pee>A mem\u00f3ria de curto prazo funciona como um escrit\u00f3rio mental tempor\u00e1rio. Quanto mais voc\u00ea organizar eficientemente esse &#8220;escrit\u00f3rio&#8221;, mais informa\u00e7\u00f5es voc\u00ea pode processar simultaneamente. O treinamento cognitivo com nossos aplicativos <a href=\"https:\/\/www.dynseo.com\/pt-pt\/coco-pensa-e-coco-se-mexe\/\" style=\"color: var(--bleu-dark); font-weight: 600;\">COCO PENSA e COCO SE MEXE<\/a> permite desenvolver essa organiza\u00e7\u00e3o mental de forma l\u00fadica e progressiva.<\/pee>\n            <\/div>\n<div class=\"key-points\">\n<h4>\ud83c\udfaf Pontos-chave a reter<\/h4>\n<ul>\n<li>A mem\u00f3ria de curto prazo envolve m\u00faltiplas regi\u00f5es cerebrais em intera\u00e7\u00e3o<\/li>\n<li>Sua capacidade limitada (7\u00b12 elementos) \u00e9 uma caracter\u00edstica adaptativa<\/li>\n<li>O c\u00f3rtex pr\u00e9-frontal coordena os processos de memoriza\u00e7\u00e3o<\/li>\n<li>O treinamento pode melhorar significativamente seu desempenho<\/li>\n<\/ul><\/div>\n<div class=\"tip-box\">\n<div class=\"tip-box-label\">\ud83d\udca1 Dica pr\u00e1tica<\/div>\n<pee>Teste sua capacidade de mem\u00f3ria de curto prazo repetindo mentalmente uma sequ\u00eancia de n\u00fameros cada vez mais longa. Comece com 5 n\u00fameros e aumente progressivamente. Essa avalia\u00e7\u00e3o lhe dar\u00e1 uma linha de base para medir seus progressos futuros.<\/pee>\n            <\/div>\n<h2>2. Os fatores que influenciam o desempenho mn\u00e9sico<\/h2>\n<pee>Numerosos s\u00e3o os elementos que podem afetar positivamente ou negativamente nossa mem\u00f3ria de curto prazo. Compreender esses fatores constitui o primeiro passo para uma otimiza\u00e7\u00e3o eficaz de nossas capacidades cognitivas. Os fatores internos, relacionados ao nosso estado fisiol\u00f3gico e psicol\u00f3gico, interagem constantemente com fatores externos ambientais para determinar nosso desempenho mn\u00e9sico global.<\/pee>\n<pee>O estresse representa um dos principais inibidores da mem\u00f3ria de curto prazo. Quando estamos estressados, nosso organismo libera cortisol, um horm\u00f4nio que pode perturbar a comunica\u00e7\u00e3o entre os neur\u00f4nios e alterar os processos de memoriza\u00e7\u00e3o. Essa rea\u00e7\u00e3o biol\u00f3gica, embora adaptativa em certas situa\u00e7\u00f5es de emerg\u00eancia, torna-se problem\u00e1tica quando se cronifica e afeta nossa capacidade de processar informa\u00e7\u00f5es di\u00e1rias de forma eficaz.<\/pee>\n<pee>A fadiga constitui outro fator cr\u00edtico. Um c\u00e9rebro fatigado tem dificuldade em manter a aten\u00e7\u00e3o sustentada necess\u00e1ria para o bom funcionamento da mem\u00f3ria de curto prazo. Os neurotransmissores respons\u00e1veis pela vigil\u00e2ncia e pela concentra\u00e7\u00e3o se esgotam progressivamente, criando condi\u00e7\u00f5es desfavor\u00e1veis \u00e0 reten\u00e7\u00e3o de informa\u00e7\u00f5es. Essa fadiga pode ser f\u00edsica, mental ou emocional, cada uma afetando de maneira diferente, mas significativamente, nossas capacidades cognitivas.<\/pee>\n<div class=\"expert-box\">\n<div class=\"expert-box-label\">\ud83d\udc68\u200d\u2695\ufe0f Especializa\u00e7\u00e3o DYNSEO<\/div>\n<h4 class=\"expert-box-title\">O impacto multifatorial na mem\u00f3ria<\/h4>\n<pee>Nossas pesquisas mostram que a mem\u00f3ria de curto prazo sofre a influ\u00eancia simult\u00e2nea de m\u00faltiplos fatores. Uma abordagem hol\u00edstica, integrando gest\u00e3o do estresse, otimiza\u00e7\u00e3o do sono e treinamento cognitivo direcionado, produz os melhores resultados.<\/pee>\n<div class=\"expert-inner\">\n<div class=\"expert-inner-title\">Fatores positivos identificados:<\/div>\n<ul>\n<li>Exerc\u00edcio f\u00edsico regular (+15-20% de desempenho)<\/li>\n<li>Medita\u00e7\u00e3o di\u00e1ria (+12-18% de concentra\u00e7\u00e3o)<\/li>\n<li>Nutri\u00e7\u00e3o equilibrada (+8-15% de clareza mental)<\/li>\n<li>Treinamento cognitivo estruturado (+20-30% de capacidade)<\/li>\n<\/ul><\/div>\n<\/p><\/div>\n<h3>Fatores ambientais determinantes<\/h3>\n<pee>O ambiente em que evolu\u00edmos exerce uma influ\u00eancia consider\u00e1vel sobre nossa capacidade de memoriza\u00e7\u00e3o a curto prazo. O ru\u00eddo ambiente, a qualidade da ilumina\u00e7\u00e3o, a temperatura e at\u00e9 mesmo os odores podem afetar nossa concentra\u00e7\u00e3o e, por extens\u00e3o, nosso desempenho mn\u00e9stico. Um ambiente otimizado favorece a focaliza\u00e7\u00e3o atencional necess\u00e1ria a um processamento eficaz da informa\u00e7\u00e3o.<\/pee>\n<div class=\"key-points\">\n<h4>\ud83c\udf1f Otimiza\u00e7\u00e3o ambiental<\/h4>\n<ul>\n<li><strong>Ilumina\u00e7\u00e3o:<\/strong> Priorize a luz natural ou uma ilumina\u00e7\u00e3o branca neutra<\/li>\n<li><strong>Temperatura:<\/strong> Mantenha entre 20-22\u00b0C para um conforto cognitivo ideal<\/li>\n<li><strong>Ac\u00fastica:<\/strong> Reduza os ru\u00eddos indesejados ou utilize sons brancos<\/li>\n<li><strong>Organiza\u00e7\u00e3o:<\/strong> Livre seu espa\u00e7o de distra\u00e7\u00f5es visuais<\/li>\n<\/ul><\/div>\n<h2>3. T\u00e9cnicas de treinamento cognitivo especializadas<\/h2>\n<pee>O treinamento cognitivo especializado representa uma das abordagens mais eficazes para melhorar de forma duradoura a mem\u00f3ria a curto prazo. Esta metodologia, baseada nos princ\u00edpios da neuroplasticidade, permite ao c\u00e9rebro desenvolver novas conex\u00f5es neuronais e fortalecer os circuitos existentes. Os exerc\u00edcios direcionados estimulam especificamente as regi\u00f5es cerebrais envolvidas na memoriza\u00e7\u00e3o tempor\u00e1ria, criando adapta\u00e7\u00f5es estruturais e funcionais mensur\u00e1veis.<\/pee>\n<pee>A repeti\u00e7\u00e3o espa\u00e7ada constitui uma t\u00e9cnica fundamental do treinamento cognitivo. Este m\u00e9todo consiste em revisar as informa\u00e7\u00f5es em intervalos de tempo crescentes, otimizando assim o processo de consolida\u00e7\u00e3o mn\u00e9stica. O c\u00e9rebro, diante dessa estimula\u00e7\u00e3o repetida, mas espa\u00e7ada, refor\u00e7a progressivamente as conex\u00f5es sin\u00e1pticas associadas \u00e0s informa\u00e7\u00f5es processadas, melhorando sua acessibilidade e durabilidade.<\/pee>\n<pee>Os exerc\u00edcios de span mn\u00e9stico, que consistem em reter sequ\u00eancias de elementos de comprimento crescente, constituem uma outra abordagem comprovada. Esses exerc\u00edcios podem utilizar n\u00fameros, letras, palavras ou imagens, solicitando diferentes sistemas de codifica\u00e7\u00e3o e armazenamento. A progress\u00e3o gradual da dificuldade permite que o c\u00e9rebro se adapte progressivamente a cargas cognitivas maiores, estendendo naturalmente a capacidade da mem\u00f3ria a curto prazo.<\/pee>\n<div class=\"conseil-card\">\n<h4>\ud83c\udfaf Programa de treinamento DYNSEO<\/h4>\n<pee>Nossos aplicativos <a href=\"https:\/\/www.dynseo.com\/pt-pt\/coco-pensa-e-coco-se-mexe\/\" style=\"color: var(--bleu-dark); font-weight: 600;\">COCO PENSA e COCO SE MEXE<\/a> prop\u00f5em um programa de treinamento cognitivo progressivo especialmente projetado para melhorar a mem\u00f3ria a curto prazo. Com mais de 30 jogos dedicados, voc\u00ea se beneficia de uma estimula\u00e7\u00e3o cognitiva completa e personalizada de acordo com seu n\u00edvel e seus objetivos.<\/pee>\n            <\/div>\n<h3>T\u00e9cnicas de chunking e organiza\u00e7\u00e3o<\/h3>\n<pee>O chunking, ou agrupamento de informa\u00e7\u00f5es, representa uma estrat\u00e9gia cognitiva poderosa que permite contornar as limita\u00e7\u00f5es naturais da mem\u00f3ria a curto prazo. Esta t\u00e9cnica consiste em organizar as informa\u00e7\u00f5es em unidades maiores e significativas, reduzindo a carga cognitiva enquanto mant\u00e9m a quantidade de informa\u00e7\u00e3o processada. Por exemplo, reter o n\u00famero 149217761945 se torna mais f\u00e1cil ao segment\u00e1-lo: 1492 (descobrimento da Am\u00e9rica), 1776 (independ\u00eancia americana), 1945 (fim da Segunda Guerra Mundial).<\/pee>\n<div class=\"tip-box\">\n<div class=\"tip-box-label\">\ud83e\udde9 T\u00e9cnica avan\u00e7ada<\/div>\n<pee>Crie &#8220;pal\u00e1cios mentais&#8221; associando as informa\u00e7\u00f5es a serem retidas a locais familiares de sua casa. Esta t\u00e9cnica milenar, utilizada por campe\u00f5es de mem\u00f3ria, explora nossa excelente mem\u00f3ria espacial para ancorar temporariamente dados em um contexto mental est\u00e1vel e acess\u00edvel.<\/pee>\n            <\/div>\n<h2>4. Estrat\u00e9gias nutricionais para otimizar a fun\u00e7\u00e3o cognitiva<\/h2>\n<pee>A alimenta\u00e7\u00e3o desempenha um papel fundamental na manuten\u00e7\u00e3o e melhoria das fun\u00e7\u00f5es cognitivas, incluindo a mem\u00f3ria a curto prazo. O c\u00e9rebro, embora represente apenas 2% do peso corporal, consome cerca de 20% da nossa energia total, destacando sua necessidade constante de nutrientes de qualidade. Uma estrat\u00e9gia nutricional otimizada fornece ao c\u00e9rebro os substratos energ\u00e9ticos e os micronutrientes essenciais para seu funcionamento ideal.<\/pee>\n<pee>Os \u00e1cidos graxos \u00f4mega-3, particularmente o \u00e1cido docosahexaenoico (DHA), constituem componentes estruturais principais das membranas neuronais. Esses lip\u00eddios essenciais facilitam a transmiss\u00e3o sin\u00e1ptica e mant\u00eam a fluidez da membrana necess\u00e1ria para os processos de comunica\u00e7\u00e3o neuronal. As fontes ricas em \u00f4mega-3 incluem peixes gordurosos (salm\u00e3o, cavala, sardinha), nozes, sementes de linha\u00e7a e chia, al\u00e9m de \u00f3leos vegetais de primeira press\u00e3o a frio.<\/pee>\n<pee>Os antioxidantes protegem o c\u00e9rebro contra o estresse oxidativo, um fator de envelhecimento celular que pode alterar as fun\u00e7\u00f5es cognitivas. Os polifen\u00f3is presentes em frutas vermelhas, ch\u00e1 verde, chocolate amargo e vegetais coloridos neutralizam os radicais livres e promovem a neurog\u00eanese. Esta prote\u00e7\u00e3o antioxidante se mostra particularmente importante para preservar as capacidades de mem\u00f3ria a curto prazo diante do estresse e do envelhecimento.<\/pee>\n<div class=\"expert-box\">\n<div class=\"expert-box-label\">\ud83e\udd57 Nutri\u00e7\u00e3o cognitiva<\/div>\n<h4 class=\"expert-box-title\">Menu tipo para otimizar a mem\u00f3ria<\/h4>\n<pee>Uma alimenta\u00e7\u00e3o equilibrada apoia efetivamente as fun\u00e7\u00f5es cognitivas. Aqui est\u00e3o nossas recomenda\u00e7\u00f5es baseadas nas \u00faltimas pesquisas em neuroci\u00eancias nutricionais.<\/pee>\n<div class=\"expert-inner\">\n<div class=\"expert-inner-title\">Caf\u00e9 da manh\u00e3 ideal :<\/div>\n<ul>\n<li>Flocos de aveia com mirtilos (carboidratos complexos + antioxidantes)<\/li>\n<li>Nozes e sementes (\u00f4mega-3 + vitamina E)<\/li>\n<li>Ch\u00e1 verde (L-teanina + polifen\u00f3is)<\/li>\n<\/ul><\/div>\n<div class=\"expert-inner\">\n<div class=\"expert-inner-title\">Lanches cognitivos :<\/div>\n<ul>\n<li>Chocolate amargo 70% + am\u00eandoas<\/li>\n<li>Abacate em p\u00e3o integral<\/li>\n<li>Smoothie de espinafre-banana-sementes de linha\u00e7a<\/li>\n<\/ul><\/div>\n<\/p><\/div>\n<h3>Hidrata\u00e7\u00e3o e desempenho cognitivo<\/h3>\n<pee>A hidrata\u00e7\u00e3o adequada \u00e9 um fator muitas vezes negligenciado, mas crucial para a manuten\u00e7\u00e3o das fun\u00e7\u00f5es cognitivas ideais. Uma desidrata\u00e7\u00e3o, mesmo leve (2-3% do peso corporal), pode reduzir significativamente a concentra\u00e7\u00e3o, a aten\u00e7\u00e3o e a mem\u00f3ria de curto prazo. O c\u00e9rebro, composto por 75% de \u00e1gua, depende de um aporte h\u00eddrico constante para manter o equil\u00edbrio eletrol\u00edtico necess\u00e1rio \u00e0 transmiss\u00e3o neuronal.<\/pee>\n<div class=\"key-points\">\n<h4>\ud83d\udca7 Guia de hidrata\u00e7\u00e3o cognitiva<\/h4>\n<ul>\n<li><strong>Quantidade :<\/strong> 35ml\/kg de peso corporal por dia no m\u00ednimo<\/li>\n<li><strong>Distribui\u00e7\u00e3o :<\/strong> Pequenas quantidades regulares em vez de grandes ingest\u00f5es<\/li>\n<li><strong>Tempo :<\/strong> Hidrata\u00e7\u00e3o preventiva antes de tarefas cognitivas intensas<\/li>\n<li><strong>Qualidade :<\/strong> \u00c1gua pura, ch\u00e1s, ch\u00e1 verde sem a\u00e7\u00facar<\/li>\n<\/ul><\/div>\n<h2>5. O impacto do sono na consolida\u00e7\u00e3o da mem\u00f3ria<\/h2>\n<pee>O sono representa muito mais do que um simples per\u00edodo de descanso; \u00e9 um processo ativo de manuten\u00e7\u00e3o e otimiza\u00e7\u00e3o cerebral diretamente ligado ao desempenho da mem\u00f3ria de curto prazo. Durante as diferentes fases do sono, o c\u00e9rebro orquestra processos complexos de consolida\u00e7\u00e3o, reorganiza\u00e7\u00e3o e limpeza sin\u00e1ptica que preparam os circuitos neuronais para os desafios cognitivos do dia seguinte. Este per\u00edodo de recupera\u00e7\u00e3o ativa influencia diretamente nossa capacidade de codificar, manter e recuperar informa\u00e7\u00f5es tempor\u00e1rias.<\/pee>\n<pee>A fase de sono profundo lento desempenha um papel particularmente crucial na consolida\u00e7\u00e3o das aprendizagens do dia e na prepara\u00e7\u00e3o dos circuitos de mem\u00f3ria. Durante essa fase, as oscila\u00e7\u00f5es lentas corticais sincronizam a atividade neuronal e facilitam a transfer\u00eancia de informa\u00e7\u00f5es entre o hipocampo e o neoc\u00f3rtex. Esse processo, chamado de &#8220;replay&#8221;, permite n\u00e3o apenas consolidar as mem\u00f3rias, mas tamb\u00e9m otimizar as redes neuronais para um melhor desempenho futuro da mem\u00f3ria de trabalho.<\/pee>\n<pee>O sono paradoxal, caracterizado por uma intensa atividade cerebral semelhante \u00e0 vig\u00edlia, contribui para a integra\u00e7\u00e3o criativa das informa\u00e7\u00f5es e para a flexibilidade cognitiva. Essa fase favorece a forma\u00e7\u00e3o de novas conex\u00f5es sin\u00e1pticas e a elimina\u00e7\u00e3o de conex\u00f5es redundantes, processos essenciais para manter uma mem\u00f3ria de curto prazo eficaz e adapt\u00e1vel. A priva\u00e7\u00e3o de sono paradoxal reduz significativamente a capacidade de aten\u00e7\u00e3o sustentada e a flexibilidade cognitiva necess\u00e1rias para tarefas complexas de mem\u00f3ria de trabalho.<\/pee>\n<div class=\"conseil-card\">\n<h4>\ud83d\ude34 Protocolo sono-mem\u00f3ria DYNSEO<\/h4>\n<pee>Um sono de qualidade constitui a base para o desempenho cognitivo ideal. Nossos usu\u00e1rios que seguem nosso protocolo sono-mem\u00f3ria constatam uma melhoria m\u00e9dia de 15-25% em sua capacidade de memoriza\u00e7\u00e3o a curto prazo. Combine este protocolo com o treinamento cognitivo <a href=\"https:\/\/www.dynseo.com\/pt-pt\/coco-pensa-e-coco-se-mexe\/\" style=\"color: var(--bleu-dark); font-weight: 600;\">COCO PENSA e COCO SE MEXE<\/a> para resultados \u00f3timos.<\/pee>\n            <\/div>\n<h3>Otimiza\u00e7\u00e3o da higiene do sono<\/h3>\n<pee>A higiene do sono re\u00fane um conjunto de pr\u00e1ticas e h\u00e1bitos que favorecem um sono reparador e regular. Essas pr\u00e1ticas influenciam diretamente a qualidade dos processos de consolida\u00e7\u00e3o mnem\u00f4nica noturna e, por consequ\u00eancia, o desempenho cognitivo diurno. O estabelecimento de um ritmo circadiano est\u00e1vel constitui a base de uma higiene do sono eficaz, permitindo que o c\u00e9rebro otimize seus ciclos naturais de recupera\u00e7\u00e3o e prepara\u00e7\u00e3o cognitiva.<\/pee>\n<div class=\"tip-box\">\n<div class=\"tip-box-label\">\ud83c\udf19 Rotina pr\u00e9-sono ideal<\/div>\n<pee>Estabele\u00e7a um ritual de 30-45 minutos antes de dormir: diminui\u00e7\u00e3o progressiva da ilumina\u00e7\u00e3o, desligamento das telas, t\u00e9cnicas de relaxamento (respira\u00e7\u00e3o profunda, medita\u00e7\u00e3o), temperatura ambiente a 18-19\u00b0C. Essa rotina sinaliza ao c\u00e9rebro que \u00e9 hora de preparar os processos de consolida\u00e7\u00e3o mnem\u00f4nica.<\/pee>\n            <\/div>\n<h2>6. Gest\u00e3o do estresse e t\u00e9cnicas de relaxamento cognitivo<\/h2>\n<pee>O estresse cr\u00f4nico representa um dos principais inimigos da mem\u00f3ria a curto prazo, criando um ciclo vicioso onde a ansiedade relacionada ao desempenho cognitivo gera mais estresse, agravando ainda mais as dificuldades mnem\u00f4nicas. Compreender os mecanismos neurobiol\u00f3gicos do estresse e dominar t\u00e9cnicas eficazes de gest\u00e3o permite quebrar esse ciclo destrutivo e otimizar as condi\u00e7\u00f5es internas favor\u00e1veis a uma mem\u00f3ria de trabalho eficaz.<\/pee>\n<pee>No n\u00edvel neurobiol\u00f3gico, o estresse ativa o eixo hipot\u00e1lamo-hipofis\u00e1rio-adrenal, desencadeando a libera\u00e7\u00e3o de cortisol e adrenalina. Esses horm\u00f4nios, embora adaptativos a curto prazo, perturbam os processos de memoriza\u00e7\u00e3o quando persistem em n\u00edveis elevados. O cortisol interfere na plasticidade sin\u00e1ptica hipocampal e altera as conex\u00f5es entre o c\u00f3rtex pr\u00e9-frontal e as estruturas l\u00edmbicas, regi\u00f5es cruciais para a mem\u00f3ria de trabalho e o controle atencional.<\/pee>\n<pee>A neuroplasticidade permite, felizmente, que o c\u00e9rebro desenvolva resist\u00eancia ao estresse e recupere suas capacidades cognitivas ideais. As t\u00e9cnicas de relaxamento e medita\u00e7\u00e3o induzem mudan\u00e7as estruturais mensur\u00e1veis no c\u00e9rebro, refor\u00e7ando as regi\u00f5es associadas \u00e0 aten\u00e7\u00e3o e \u00e0 regula\u00e7\u00e3o emocional, ao mesmo tempo em que reduzem a atividade da am\u00edgdala, centro da resposta ao estresse. Essas adapta\u00e7\u00f5es neuropl\u00e1sticas criam uma base neurobiol\u00f3gica mais est\u00e1vel para as fun\u00e7\u00f5es de mem\u00f3ria a curto prazo.<\/pee>\n<div class=\"expert-box\">\n<div class=\"expert-box-label\">\ud83e\uddd8 T\u00e9cnicas validadas cientificamente<\/div>\n<h4 class=\"expert-box-title\">Protocolos de gest\u00e3o do estresse cognitivo<\/h4>\n<pee>Nossas pesquisas identificam v\u00e1rias t\u00e9cnicas particularmente eficazes para reduzir o impacto do estresse na mem\u00f3ria a curto prazo.<\/pee>\n<div class=\"expert-inner\">\n<div class=\"expert-inner-title\">Medita\u00e7\u00e3o de plena consci\u00eancia (m\u00ednimo de 8 semanas) :<\/div>\n<ul>\n<li>Melhora de 18-25% da aten\u00e7\u00e3o sustentada<\/li>\n<li>Redu\u00e7\u00e3o de 20-30% do cortisol basal<\/li>\n<li>Aumento da mat\u00e9ria cinzenta pr\u00e9-frontal<\/li>\n<\/ul><\/div>\n<div class=\"expert-inner\">\n<div class=\"expert-inner-title\">Coer\u00eancia card\u00edaca (3 vezes 5 minutos\/dia) :<\/div>\n<ul>\n<li>Regula\u00e7\u00e3o do sistema nervoso aut\u00f4nomo<\/li>\n<li>Melhora da variabilidade card\u00edaca<\/li>\n<li>Otimiza\u00e7\u00e3o da oxigena\u00e7\u00e3o cerebral<\/li>\n<\/ul><\/div>\n<\/p><\/div>\n<h3>T\u00e9cnicas de respira\u00e7\u00e3o e relaxamento progressivo<\/h3>\n<pee>A respira\u00e7\u00e3o controlada constitui um dos instrumentos mais acess\u00edveis e eficazes para regular rapidamente o estado de estresse e otimizar as condi\u00e7\u00f5es cognitivas. As t\u00e9cnicas respirat\u00f3rias agem diretamente sobre o sistema nervoso aut\u00f4nomo, ativando a ramifica\u00e7\u00e3o parassimp\u00e1tica respons\u00e1vel pelo relaxamento e pela recupera\u00e7\u00e3o. Essa ativa\u00e7\u00e3o favorece um estado mental prop\u00edcio aos processos de memoriza\u00e7\u00e3o e concentra\u00e7\u00e3o necess\u00e1rios \u00e0 mem\u00f3ria de trabalho.<\/pee>\n<div class=\"key-points\">\n<h4>\ud83c\udf2c\ufe0f T\u00e9cnicas respirat\u00f3rias essenciais<\/h4>\n<ul>\n<li><strong>Respira\u00e7\u00e3o 4-7-8 :<\/strong> Inspira\u00e7\u00e3o 4 tempos, reten\u00e7\u00e3o 7 tempos, expira\u00e7\u00e3o 8 tempos<\/li>\n<li><strong>Respira\u00e7\u00e3o abdominal :<\/strong> Foco na expans\u00e3o do diafragma<\/li>\n<li><strong>Respira\u00e7\u00e3o quadrada :<\/strong> 4 tempos para cada fase respirat\u00f3ria<\/li>\n<li><strong>Respira\u00e7\u00e3o alternada :<\/strong> Altern\u00e2ncia das narinas para equilibrar os hemisf\u00e9rios<\/li>\n<\/ul><\/div>\n<h2>7. Exerc\u00edcio f\u00edsico e neurog\u00eanese cognitiva<\/h2>\n<pee>O exerc\u00edcio f\u00edsico regular constitui um dos fatores mais poderosos para melhorar de forma duradoura as fun\u00e7\u00f5es cognitivas, incluindo a mem\u00f3ria de curto prazo. Essa influ\u00eancia positiva se explica por m\u00faltiplos mecanismos neurobiol\u00f3gicos que agem em sinergia para otimizar o funcionamento cerebral. A atividade f\u00edsica estimula a produ\u00e7\u00e3o de fatores neurotr\u00f3ficos, melhora a vasculariza\u00e7\u00e3o cerebral, favorece a neurog\u00eanese e reduz a inflama\u00e7\u00e3o cr\u00f4nica, criando um ambiente neurobiol\u00f3gico ideal para o desempenho mnem\u00f4nico.<\/pee>\n<pee>O fator neurotr\u00f3fico derivado do c\u00e9rebro (BDNF) representa um dos mediadores-chave dos benef\u00edcios cognitivos do exerc\u00edcio. Essa prote\u00edna, frequentemente chamada de &#8220;milagre do crescimento&#8221; do c\u00e9rebro, favorece a sobreviv\u00eancia dos neur\u00f4nios existentes, estimula o crescimento de novos neur\u00f4nios e sinapses, e melhora a plasticidade sin\u00e1ptica. Os n\u00edveis de BDNF aumentam significativamente ap\u00f3s o exerc\u00edcio, particularmente no hipocampo e no c\u00f3rtex pr\u00e9-frontal, regi\u00f5es cruciais para a mem\u00f3ria de trabalho e as fun\u00e7\u00f5es executivas.<\/pee>\n<pee>O exerc\u00edcio aer\u00f3bico tamb\u00e9m induz adapta\u00e7\u00f5es vasculares que beneficiam diretamente o c\u00e9rebro. A melhoria da circula\u00e7\u00e3o sangu\u00ednea cerebral aumenta a oferta de oxig\u00eanio e nutrientes essenciais, ao mesmo tempo que facilita a elimina\u00e7\u00e3o de res\u00edduos metab\u00f3licos. Essa otimiza\u00e7\u00e3o da perfus\u00e3o cerebral cria condi\u00e7\u00f5es fisiol\u00f3gicas favor\u00e1veis \u00e0 manuten\u00e7\u00e3o da aten\u00e7\u00e3o sustentada e ao desempenho da mem\u00f3ria de curto prazo, particularmente durante tarefas cognitivas exigentes.<\/pee>\n<div class=\"conseil-card\">\n<h4>\ud83c\udfc3\u200d\u2642\ufe0f Programa exerc\u00edcio-cogni\u00e7\u00e3o DYNSEO<\/h4>\n<pee>Combine atividade f\u00edsica e treinamento cognitivo para maximizar os benef\u00edcios neuropl\u00e1sticos. Nossa abordagem integrada, incluindo <a href=\"https:\/\/www.dynseo.com\/pt-pt\/coco-pensa-e-coco-se-mexe\/\" style=\"color: var(--bleu-dark); font-weight: 600;\">COCO SE MEXE<\/a> para a atividade f\u00edsica e COCO PENSA para a estimula\u00e7\u00e3o cognitiva, cria sinergias excepcionais para a melhoria da mem\u00f3ria a curto prazo.<\/pee>\n            <\/div>\n<h3>Modalidades \u00f3timas de exerc\u00edcio para a cogni\u00e7\u00e3o<\/h3>\n<pee>A pesquisa identifica par\u00e2metros espec\u00edficos de exerc\u00edcio que maximizam os benef\u00edcios cognitivos. A intensidade moderada, correspondente a 60-70% da frequ\u00eancia card\u00edaca m\u00e1xima, parece ser \u00f3tima para estimular a produ\u00e7\u00e3o de BDNF sem induzir um estresse oxidativo excessivo. Essa intensidade permite manter o exerc\u00edcio por tempo suficiente para desencadear as adapta\u00e7\u00f5es neurobiol\u00f3gicas ben\u00e9ficas, ao mesmo tempo em que preserva a recupera\u00e7\u00e3o necess\u00e1ria para a consolida\u00e7\u00e3o dessas adapta\u00e7\u00f5es.<\/pee>\n<div class=\"tip-box\">\n<div class=\"tip-box-label\">\u26a1 Protocolo de alta intensidade<\/div>\n<pee>O treinamento intervalado de alta intensidade (HIIT) de curta dura\u00e7\u00e3o (15-20 minutos) pode produzir benef\u00edcios cognitivos r\u00e1pidos. Alterne 30 segundos de esfor\u00e7o intenso com 90 segundos de recupera\u00e7\u00e3o ativa. Essa modalidade estimula particularmente a produ\u00e7\u00e3o de fatores neurotr\u00f3ficos e melhora a aten\u00e7\u00e3o nas horas seguintes ao exerc\u00edcio.<\/pee>\n            <\/div>\n<h2>8. Tecnologias e ferramentas digitais de treinamento<\/h2>\n<pee>A chegada das tecnologias digitais revolucionou as possibilidades de treinamento cognitivo, oferecendo ferramentas sofisticadas e personalizadas para melhorar a mem\u00f3ria a curto prazo. Essas tecnologias exploram os princ\u00edpios de gamifica\u00e7\u00e3o, adapta\u00e7\u00e3o din\u00e2mica da dificuldade e acompanhamento do progresso para criar experi\u00eancias de treinamento envolventes e eficazes. A principal vantagem dessas ferramentas reside na sua capacidade de fornecer feedback imediato e ajustar automaticamente os par\u00e2metros de treinamento de acordo com o desempenho individual.<\/pee>\n<pee>Os aplicativos de treinamento cognitivo baseados em evid\u00eancias cient\u00edficas integram paradigmas experimentais validados pela pesquisa em neuroci\u00eancias cognitivas. Esses paradigmas, adaptados na forma de jogos interativos, visam especificamente os processos cognitivos subjacentes \u00e0 mem\u00f3ria de trabalho: atualiza\u00e7\u00e3o cont\u00ednua de informa\u00e7\u00f5es, inibi\u00e7\u00e3o de distra\u00e7\u00f5es, flexibilidade atencional e manipula\u00e7\u00e3o mental de dados. Essa abordagem direcionada permite otimizar a efic\u00e1cia do treinamento, estimulando precisamente os mecanismos neurais envolvidos na mem\u00f3ria a curto prazo.<\/pee>\n<pee>A personaliza\u00e7\u00e3o algor\u00edtmica representa um grande trunfo das tecnologias de treinamento modernas. Esses sistemas analisam continuamente os padr\u00f5es de desempenho, identificam as for\u00e7as e fraquezas cognitivas individuais e adaptam dinamicamente os exerc\u00edcios para manter um n\u00edvel de desafio \u00f3timo. Essa zona de desafio \u00f3timo, nem muito f\u00e1cil nem muito dif\u00edcil, maximiza o engajamento motivacional e a efic\u00e1cia neuropl\u00e1stica, criando as condi\u00e7\u00f5es ideais para a melhoria duradoura das capacidades mn\u00e9sicas.<\/pee>\n<div class=\"expert-box\">\n<div class=\"expert-box-label\">\ud83d\udcf1 Inova\u00e7\u00e3o DYNSEO<\/div>\n<h4 class=\"expert-box-title\">Ecossistema de treinamento cognitivo integrado<\/h4>\n<pee>Nossas solu\u00e7\u00f5es tecnol\u00f3gicas representam o auge da inova\u00e7\u00e3o em treinamento cognitivo, combinando rigor cient\u00edfico e experi\u00eancia do usu\u00e1rio otimizada.<\/pee>\n<div class=\"expert-inner\">\n<div class=\"expert-inner-title\">COCO PENSA &#8211; Treinamento cognitivo puro:<\/div>\n<ul>\n<li>Mais de 30 jogos que visam especificamente a mem\u00f3ria de trabalho<\/li>\n<li>Algoritmo de adapta\u00e7\u00e3o din\u00e2mica da dificuldade<\/li>\n<li>Acompanhamento detalhado dos progressos e an\u00e1lises cognitivas<\/li>\n<li>Protocolos validados cientificamente<\/li>\n<\/ul><\/div>\n<div class=\"expert-inner\">\n<div class=\"expert-inner-title\">COCO SE MEXE &#8211; Abordagem corpo-mente:<\/div>\n<ul>\n<li>Exerc\u00edcios f\u00edsicos combinados com desafios cognitivos<\/li>\n<li>Estimula\u00e7\u00e3o simult\u00e2nea motora e mn\u00e9stica<\/li>\n<li>Otimiza\u00e7\u00e3o dos benef\u00edcios neuropl\u00e1sticos cruzados<\/li>\n<\/ul><\/div>\n<\/p><\/div>\n<h3>Realidade virtual e ambientes imersivos<\/h3>\n<pee>A realidade virtual emerge como uma tecnologia promissora para o treinamento da mem\u00f3ria de curto prazo, oferecendo possibilidades de imers\u00e3o e contextualiza\u00e7\u00e3o imposs\u00edveis com as abordagens tradicionais. Os ambientes virtuais permitem criar cen\u00e1rios complexos e realistas que solicitam a mem\u00f3ria de trabalho em contextos ecologicamente v\u00e1lidos, melhorando assim a transfer\u00eancia dos conhecimentos para as situa\u00e7\u00f5es do dia a dia.<\/pee>\n<div class=\"key-points\">\n<h4>\ud83e\udd7d Vantagens da realidade virtual<\/h4>\n<ul>\n<li><strong>Imers\u00e3o total :<\/strong> Elimina\u00e7\u00e3o das distra\u00e7\u00f5es externas<\/li>\n<li><strong>Contextualiza\u00e7\u00e3o :<\/strong> Aprendizagem em situa\u00e7\u00e3o quase-real<\/li>\n<li><strong>Comprometimento aumentado :<\/strong> Motiva\u00e7\u00e3o mantida pelo aspecto l\u00fadico<\/li>\n<li><strong>Reprodutibilidade :<\/strong> Condi\u00e7\u00f5es de treinamento padronizadas<\/li>\n<\/ul><\/div>\n<h2>9. Estrat\u00e9gias mnem\u00f4nicas avan\u00e7adas<\/h2>\n<pee>As estrat\u00e9gias mnem\u00f4nicas representam ferramentas cognitivas sofisticadas que exploram as capacidades naturais de processamento da informa\u00e7\u00e3o do c\u00e9rebro para otimizar a codifica\u00e7\u00e3o, o armazenamento e a recupera\u00e7\u00e3o em mem\u00f3ria de curto prazo. Essas t\u00e9cnicas, desenvolvidas e refinadas ao longo dos s\u00e9culos pelos mestres da mem\u00f3ria, aproveitam os sistemas de mem\u00f3ria que funcionam naturalmente de maneira excelente no ser humano, notavelmente a mem\u00f3ria espacial, a mem\u00f3ria visual e a mem\u00f3ria associativa. A efic\u00e1cia dessas estrat\u00e9gias repousa em sua capacidade de transformar informa\u00e7\u00f5es abstratas em representa\u00e7\u00f5es concretas, coloridas e significativas.<\/pee>\n<pee>A t\u00e9cnica dos loci, tamb\u00e9m chamada de pal\u00e1cio da mem\u00f3ria, constitui uma das t\u00e9cnicas mnem\u00f4nicas mais poderosas e melhor documentadas cientificamente. Essa t\u00e9cnica explora nossa excelente mem\u00f3ria espacial ao associar as informa\u00e7\u00f5es a serem retidas a locais espec\u00edficos em um ambiente familiar. O c\u00e9rebro, que evoluiu para navegar eficientemente no espa\u00e7o, processa e ret\u00e9m naturalmente as informa\u00e7\u00f5es espaciais com grande precis\u00e3o. Ao ancorar os dados tempor\u00e1rios nesses &#8220;locais mentais&#8221; est\u00e1veis, criamos \u00edndices de recupera\u00e7\u00e3o robustos que facilitam grandemente o acesso \u00e0s informa\u00e7\u00f5es armazenadas.<\/pee>\n<pee>As t\u00e9cnicas de associa\u00e7\u00e3o criativa permitem criar liga\u00e7\u00f5es mnem\u00f4nicas duradouras ao explorar a imagina\u00e7\u00e3o, a emo\u00e7\u00e3o e o humor. O c\u00e9rebro codifica preferencialmente informa\u00e7\u00f5es incomuns, engra\u00e7adas, coloridas ou emocionalmente carregadas, fen\u00f4meno conhecido como efeito de estranheza. Ao transformar conscientemente dados neutros em imagens mentais v\u00edvidas e memor\u00e1veis, facilitamos consideravelmente sua reten\u00e7\u00e3o tempor\u00e1ria e sua recupera\u00e7\u00e3o posterior. Essa transforma\u00e7\u00e3o ativa envolve as regi\u00f5es cerebrais associadas \u00e0 criatividade e \u00e0 emo\u00e7\u00e3o, enriquecendo a codifica\u00e7\u00e3o mnem\u00f4nica por circuitos neuronais m\u00faltiplos.<\/pee>\n<div class=\"conseil-card\">\n<h4>\ud83c\udff0 Construa seu pal\u00e1cio de mem\u00f3ria<\/h4>\n<pee>Comece mapeando mentalmente um lugar que voc\u00ea conhece perfeitamente (sua casa, seu trajeto di\u00e1rio). Identifique 10-20 locais distintos e memor\u00e1veis. Em seguida, associe cada informa\u00e7\u00e3o a ser lembrada a um local espec\u00edfico, criando uma imagem mental v\u00edvida e interativa. Nossos exerc\u00edcios <a href=\"https:\/\/www.dynseo.com\/pt-pt\/coco-pensa-e-coco-se-mexe\/\" style=\"color: var(--bleu-dark); font-weight: 600;\">COCO PENSA<\/a> incluem m\u00f3dulos de treinamento para pal\u00e1cios de mem\u00f3ria adaptativos.<\/pee>\n            <\/div>\n<h3>Sistemas de codifica\u00e7\u00e3o alfanum\u00e9rica<\/h3>\n<pee>Os sistemas de codifica\u00e7\u00e3o alfanum\u00e9rica transformam n\u00fameros abstratos em palavras concretas e memor\u00e1veis, aproveitando assim a superioridade da mem\u00f3ria verbal e imag\u00e9tica sobre a mem\u00f3ria num\u00e9rica pura. O sistema fon\u00e9tico major, desenvolvido no s\u00e9culo 17 e aperfei\u00e7oado desde ent\u00e3o, associa cada n\u00famero a um ou mais sons consonanticos espec\u00edficos. Essa transforma\u00e7\u00e3o sistem\u00e1tica permite converter qualquer sequ\u00eancia num\u00e9rica em palavras pronunciadas, que podem ent\u00e3o ser organizadas em frases ou hist\u00f3rias memor\u00e1veis.<\/pee>\n<div class=\"tip-box\">\n<div class=\"tip-box-label\">\ud83d\udd22 C\u00f3digo fon\u00e9tico simplificado<\/div>\n<pee>Memorize essas associa\u00e7\u00f5es b\u00e1sicas: 1=T\/D, 2=N, 3=M, 4=R, 5=L, 6=J\/CH, 7=K\/G, 8=F\/V, 9=P\/B, 0=S\/Z. O n\u00famero 1492 se torna &#8220;TaRe MiNe&#8221; ou &#8220;ToRNaDe&#8221;. Crie frases: &#8220;A TORNaDe devasta&#8221; para lembrar 1492. Essa t\u00e9cnica melhora drasticamente a reten\u00e7\u00e3o de sequ\u00eancias num\u00e9ricas.<\/pee>\n            <\/div>\n<h2>10. Otimiza\u00e7\u00e3o da aten\u00e7\u00e3o e da concentra\u00e7\u00e3o<\/h2>\n<pee>A aten\u00e7\u00e3o constitui o guardi\u00e3o da mem\u00f3ria de curto prazo, determinando quais informa\u00e7\u00f5es ser\u00e3o processadas, mantidas e dispon\u00edveis para os processos cognitivos superiores. Sem uma aten\u00e7\u00e3o eficientemente direcionada e sustentada, mesmo as estrat\u00e9gias mnem\u00f4nicas mais sofisticadas perdem sua efic\u00e1cia. A otimiza\u00e7\u00e3o das capacidades atencionais representa, portanto, um pr\u00e9-requisito fundamental para a melhoria da mem\u00f3ria de trabalho. Essa otimiza\u00e7\u00e3o envolve o desenvolvimento de v\u00e1rias componentes atencionais complementares: a aten\u00e7\u00e3o sustentada, a aten\u00e7\u00e3o seletiva, a flexibilidade atencional e o controle inibit\u00f3rio.<\/pee>\n<pee>A aten\u00e7\u00e3o sustentada, capacidade de manter um foco constante em uma tarefa ou est\u00edmulo por um per\u00edodo prolongado, constitui a base do bom funcionamento da mem\u00f3ria de curto prazo. Essa forma de aten\u00e7\u00e3o depende principalmente das redes neuronais frontoparietais e de sua capacidade de resistir \u00e0s distra\u00e7\u00f5es internas e externas. O treinamento da aten\u00e7\u00e3o sustentada melhora diretamente a estabilidade das representa\u00e7\u00f5es na mem\u00f3ria de trabalho e reduz as interfer\u00eancias que podem corromper ou apagar as informa\u00e7\u00f5es temporariamente armazenadas.<\/pee>\n<pee>A aten\u00e7\u00e3o seletiva permite filtrar as informa\u00e7\u00f5es relevantes e suprimir os distraidores n\u00e3o relevantes, fun\u00e7\u00e3o crucial em nossos ambientes modernos ricos em estimula\u00e7\u00f5es. Essa capacidade de filtragem atencional determina a qualidade da codifica\u00e7\u00e3o inicial na mem\u00f3ria de curto prazo e influencia diretamente a precis\u00e3o das informa\u00e7\u00f5es dispon\u00edveis para o processamento cognitivo. Um filtragem atencional falha resulta em sobrecarga cognitiva que diminui a efic\u00e1cia da mem\u00f3ria de trabalho e aumenta os erros de processamento.<\/pee>\n<div class=\"expert-box\">\n<div class=\"expert-box-label\">\ud83c\udfaf Protocolos atencionais<\/div>\n<h4 class=\"expert-box-title\">Treinamento da aten\u00e7\u00e3o executiva<\/h4>\n<pee>Nossos protocolos de otimiza\u00e7\u00e3o atencional visam especificamente as redes neurais executivas respons\u00e1veis pelo controle cognitivo e pela mem\u00f3ria de trabalho.<\/pee>\n<div class=\"expert-inner\">\n<div class=\"expert-inner-title\">Tarefas de conflito atencional:<\/div>\n<ul>\n<li>Teste de Stroop adaptativo para a inibi\u00e7\u00e3o cognitiva<\/li>\n<li>Tarefas de flanker para a aten\u00e7\u00e3o seletiva<\/li>\n<li>Paradigmas de set-shifting para a flexibilidade mental<\/li>\n<li>Exerc\u00edcios de atualiza\u00e7\u00e3o cont\u00ednua (tarefas n-back)<\/li>\n<\/ul><\/div>\n<div class=\"expert-inner\">\n<div class=\"expert-inner-title\">Benef\u00edcios medidos ap\u00f3s 4 semanas:<\/div>\n<ul>\n<li>+22% de estabilidade atencional sustentada<\/li>\n<li>+18% de rapidez de desengajamento atencional<\/li>\n<li>+15% de resist\u00eancia \u00e0s interfer\u00eancias<\/li>\n<\/ul><\/div>\n<\/p><\/div>\n<h3>Medita\u00e7\u00e3o e plena consci\u00eancia cognitiva<\/h3>\n<pee>A medita\u00e7\u00e3o de plena consci\u00eancia representa um treinamento atencional que produz benef\u00edcios cognitivos mensur\u00e1veis e duradouros. Esta pr\u00e1tica desenvolve especificamente a capacidade de manter a aten\u00e7\u00e3o no momento presente enquanto observa sem julgamento as flutua\u00e7\u00f5es mentais. Essas habilidades atencionais se transferem diretamente para as tarefas de mem\u00f3ria de trabalho, melhorando a estabilidade das representa\u00e7\u00f5es mentais e a resist\u00eancia \u00e0s distra\u00e7\u00f5es internas (pensamentos intrusivos, rumina\u00e7\u00f5es).<\/pee>\n<div class=\"key-points\">\n<h4>\ud83e\uddd8\u200d\u2640\ufe0f Programa de plena consci\u00eancia cognitiva<\/h4>\n<ul>\n<li><strong>Semanas 1-2 :<\/strong> Medita\u00e7\u00e3o sobre a respira\u00e7\u00e3o (10-15 min\/dia)<\/li>\n<li><strong>Semanas 3-4 :<\/strong> Varredura corporal e aten\u00e7\u00e3o \u00e0s sensa\u00e7\u00f5es<\/li>\n<li><strong>Semanas 5-6 :<\/strong> Medita\u00e7\u00e3o dos sons e do ambiente<\/li>\n<li><strong>Semanas 7-8 :<\/strong> Plena consci\u00eancia nas atividades di\u00e1rias<\/li>\n<\/ul><\/div>\n<h2>11. Adapta\u00e7\u00e3o das estrat\u00e9gias conforme a idade e o perfil cognitivo<\/h2>\n<pee>A otimiza\u00e7\u00e3o da mem\u00f3ria de curto prazo deve levar em conta as varia\u00e7\u00f5es interindividuais relacionadas \u00e0 idade, ao perfil cognitivo pessoal e \u00e0s especificidades neurobiol\u00f3gicas de cada indiv\u00edduo. Essas diferen\u00e7as influenciam n\u00e3o apenas as capacidades mn\u00e9sicas b\u00e1sicas, mas tamb\u00e9m a receptividade \u00e0s diferentes estrat\u00e9gias de melhoria e as modalidades de treinamento mais eficazes. Uma abordagem personalizada, baseada em uma avalia\u00e7\u00e3o precisa das for\u00e7as e fraquezas cognitivas individuais, maximiza a efic\u00e1cia das interven\u00e7\u00f5es e otimiza a rela\u00e7\u00e3o tempo investido\/benef\u00edcios obtidos.<\/pee>\n<pee>O envelhecimento normal \u00e9 acompanhado de modifica\u00e7\u00f5es neurobiol\u00f3gicas que afetam de maneira diferente os componentes da mem\u00f3ria de trabalho. A velocidade de processamento diminui gradualmente, a efic\u00e1cia da filtragem atencional se reduz e a capacidade de inibi\u00e7\u00e3o de informa\u00e7\u00f5es n\u00e3o pertinentes declina. No entanto, algumas capacidades, como a mem\u00f3ria cristalizada e as estrat\u00e9gias compensat\u00f3rias, se mant\u00eam ou at\u00e9 melhoram com a idade. Esses padr\u00f5es de preserva\u00e7\u00e3o e decl\u00ednio orientam a adapta\u00e7\u00e3o das estrat\u00e9gias de treinamento para os adultos idosos, privilegiando as abordagens que capitalizam sobre as for\u00e7as preservadas, enquanto visam especificamente as vulnerabilidades relacionadas \u00e0 idade.<\/pee>\n<pee>Os perfis cognitivos individuais refletem diferen\u00e7as na organiza\u00e7\u00e3o e na efic\u00e1cia das redes neuronais, influenciando as prefer\u00eancias de processamento da informa\u00e7\u00e3o e a receptividade \u00e0s diferentes modalidades de aprendizagem. Alguns indiv\u00edduos se destacam no processamento visuo-espacial, enquanto outros privilegiam as modalidades verbais-auditivas. Essas diferen\u00e7as, longe de serem simples prefer\u00eancias subjetivas, refletem varia\u00e7\u00f5es na arquitetura neuronal que podem ser exploradas para otimizar as estrat\u00e9gias de memoriza\u00e7\u00e3o personalizadas.<\/pee>\n<div class=\"conseil-card\">\n<h4>\ud83c\udfaf Avalia\u00e7\u00e3o cognitiva personalizada<\/h4>\n<pee>Nossos ferramentas de avalia\u00e7\u00e3o cognitiva integradas em <a href=\"https:\/\/www.dynseo.com\/pt-pt\/coco-pensa-e-coco-se-mexe\/\" style=\"color: var(--bleu-dark); font-weight: 600;\">COCO PENSA<\/a> identificam seu perfil cognitivo \u00fanico ao analisar seu desempenho em m\u00faltiplas tarefas padronizadas. Essa avalia\u00e7\u00e3o gera automaticamente um programa de treinamento personalizado que visa suas necessidades espec\u00edficas, enquanto capitaliza sobre suas for\u00e7as naturais.<\/pee>\n            <\/div>\n<h3>Estrat\u00e9gias espec\u00edficas por faixa et\u00e1ria<\/h3>\n<pee>A adapta\u00e7\u00e3o das estrat\u00e9gias de melhoria da mem\u00f3ria de curto prazo conforme a idade requer uma compreens\u00e3o detalhada das especificidades desenvolvimentais e dos mecanismos compensat\u00f3rios dispon\u00edveis em cada per\u00edodo da vida. Essa adapta\u00e7\u00e3o n\u00e3o se limita a uma simples redu\u00e7\u00e3o da dificuldade, mas envolve uma reconsidera\u00e7\u00e3o completa das modalidades de treinamento, dos objetivos visados e dos crit\u00e9rios de progress\u00e3o.<\/pee>\n<div class=\"tip-box\">\n<div class=\"tip-box-label\">\ud83d\udc65 Adapta\u00e7\u00e3o por perfil<\/div>\n<pee><strong>Crian\u00e7as\/Adolescentes :<\/strong> Privilegiar a gamifica\u00e7\u00e3o, a aprendizagem pelo erro e os desafios sociais. <strong>Adultos ativos :<\/strong> Integra\u00e7\u00e3o nas atividades profissionais, treinamento intensivo curto. <strong>Idosos :<\/strong> Progress\u00e3o gradual, valoriza\u00e7\u00e3o da experi\u00eancia, abordagens multimodais compensat\u00f3rias.<\/pee>\n            <\/div>\n<div class=\"key-points\">\n<h4>\ud83c\udfa8 Perfis cognitivos e modalidades \u00f3timas<\/h4>\n<ul>\n<li><strong>Perfil visual :<\/strong> Mapas mentais, pal\u00e1cio da mem\u00f3ria, associa\u00e7\u00f5es imag\u00e9ticas<\/li>\n<li><strong>Perfil auditivo :<\/strong> Repeti\u00e7\u00e3o r\u00edtmica, associa\u00e7\u00f5es fon\u00e9ticas, narra\u00e7\u00e3o<\/li>\n<li><strong>Perfil cinest\u00e9sico :<\/strong> Gestos associados, manipula\u00e7\u00e3o de objetos, movimento<\/li>\n<li><strong>Perfil anal\u00edtico :<\/strong> Categoriza\u00e7\u00e3o l\u00f3gica, estruturas hier\u00e1rquicas, padr\u00f5es<\/li>\n<\/ul><\/div>\n<div class=\"faq-list\">\n<div class=\"faq-item\">\n<div class=\"faq-q\">\n                        <span>Quanto tempo leva para observar melhorias na mem\u00f3ria a curto prazo?<\/span><br \/>\n                        <span class=\"faq-icon\">+<\/span>\n                    <\/div>\n<div class=\"faq-a\">\n                        <pee>As primeiras melhorias podem ser observadas a partir de 2-3 semanas de treinamento regular, com benef\u00edcios significativos geralmente vis\u00edveis ap\u00f3s 6-8 semanas. As adapta\u00e7\u00f5es neuropl\u00e1sticas maiores se consolidam em 3-6 meses de treinamento consistente. A chave est\u00e1 na regularidade em vez da intensidade excessiva.<\/pee>\n                    <\/div>\n<\/p><\/div>\n<div class=\"faq-item\">\n<div class=\"faq-q\">\n                        <span>O treinamento cognitivo digital \u00e9 t\u00e3o eficaz quanto os m\u00e9todos tradicionais?<\/span><br \/>\n                        <span class=\"faq-icon\">+<\/span>\n                    <\/div>\n<div class=\"faq-a\">\n                        <pee>As estudos mostram que os aplicativos de treinamento cognitivo baseados em evid\u00eancias cient\u00edficas, como COCO PENSA, podem ser t\u00e3o eficazes quanto os m\u00e9todos tradicionais, com o<br \/>\n<script type=\"application\/ld+json\">\n[\n  {\n    \"@context\": \"https:\/\/schema.org\",\n    \"@type\": \"Article\",\n    \"headline\": \"Comment am\u00e9liorer la mem\u00f3ria \u00e0 court terme : strat\u00e9gies et astuces\",\n    \"description\": \"estimula\u00e7\u00e3o cognitiva - Comment am\u00e9liorer la mem\u00f3ria \u00e0 court terme : strat\u00e9gies et astuces. \ud83d\udcc5 Avril 2026 \u23f1\ufe0f 15 min de lec\",\n    \"image\": \"https:\/\/www.dynseo.com\/wp-content\/uploads\/2026\/04\/memoire-court-terme.jpg\",\n    \"datePublished\": \"2026-04-07\",\n    \"dateModified\": \"2026-04-07\",\n    \"author\": {\n      \"@type\": \"Organization\",\n      \"name\": \"DYNSEO\",\n      \"url\": \"https:\/\/www.dynseo.com\"\n    },\n    \"publisher\": {\n      \"@type\": \"Organization\",\n      \"name\": \"DYNSEO\",\n      \"url\": \"https:\/\/www.dynseo.com\",\n      \"logo\": {\n        \"@type\": \"ImageObject\",\n        \"url\": \"https:\/\/www.dynseo.com\/wp-content\/uploads\/logo-dynseo.png\"\n      }\n    },\n    \"aggregateRating\": {\n      \"@type\": \"AggregateRating\",\n      \"ratingValue\": \"4.8\",\n      \"bestRating\": \"5\",\n      \"worstRating\": \"1\",\n      \"ratingCount\": \"47\"\n    },\n    \"mainEntityOfPage\": {\n      \"@type\": \"WebPage\",\n      \"@id\": \"https:\/\/www.dynseo.com\/comment-ameliorer-la-memoire-a-court-terme-strategies-et-astuces\/\"\n    }\n  },\n  {\n    \"@context\": \"https:\/\/schema.org\",\n    \"@type\": \"WebPage\",\n    \"url\": \"https:\/\/www.dynseo.com\/comment-ameliorer-la-memoire-a-court-terme-strategies-et-astuces\/\",\n    \"name\": \"Comment am\u00e9liorer la mem\u00f3ria \u00e0 court terme : strat\u00e9gies et astuces\",\n    \"breadcrumb\": {\n      \"@type\": \"BreadcrumbList\",\n      \"itemListElement\": [\n        {\n          \"@type\": \"ListItem\",\n          \"position\": 1,\n          \"name\": \"Accueil\",\n          \"item\": \"https:\/\/www.dynseo.com\/\"\n        },\n        {\n          \"@type\": \"ListItem\",\n          \"position\": 2,\n          \"name\": \"Blog\",\n          \"item\": \"https:\/\/www.dynseo.com\/blog\/\"\n        },\n        {\n          \"@type\": \"ListItem\",\n          \"position\": 3,\n          \"name\": \"Comment am\u00e9liorer la mem\u00f3ria \u00e0 court terme : strat\u00e9gies et astuces\",\n          \"item\": \"https:\/\/www.dynseo.com\/comment-ameliorer-la-memoire-a-court-terme-strategies-et-astuces\/\"\n        }\n      ]\n    }\n  },\n  {\n    \"@context\": \"https:\/\/schema.org\",\n    \"@type\": \"FAQPage\",\n    \"mainEntity\": [\n      {\n        \"@type\": \"Question\",\n        \"name\": \"Combien de temps faut-il pour observer des am\u00e9liorations de la mem\u00f3ria \u00e0 court terme ?\",\n        \"acceptedAnswer\": {\n          \"@type\": \"Answer\",\n          \"text\": \"Les am\u00e9liorations de la mem\u00f3ria \u00e0 court terme peuvent \u00eatre observ\u00e9es apr\u00e8s quelques semaines d'entra\u00eenement r\u00e9gulier. Cependant, la dur\u00e9e exacte varie selon l'individu, l'intensit\u00e9 de l'entra\u00eenement et les m\u00e9thodes utilis\u00e9es. Une pratique quotidienne de 15 \u00e0 30 minutes peut montrer des r\u00e9sultats significatifs apr\u00e8s 4 \u00e0 6 semaines.\"\n        }\n      },\n      {\n        \"@type\": \"Question\",\n        \"name\": \"L'entra\u00eenement cognitif num\u00e9rique est-il aussi efficace que les m\u00e9thodes traditionnelles ?\",\n        \"acceptedAnswer\": {\n          \"@type\": \"Answer\",\n          \"text\": \"L'entra\u00eenement cognitif num\u00e9rique pr\u00e9sente plusieurs avantages : personnalisation des exercices, suivi des progr\u00e8s en temps r\u00e9el et adaptation automatique de la difficult\u00e9. Les \u00e9tudes montrent une efficacit\u00e9 comparable aux m\u00e9thodes traditionnelles, avec l'avantage suppl\u00e9mentaire de la motivation gr\u00e2ce aux \u00e9l\u00e9ments ludiques et \u00e0 l'accessibilit\u00e9.\"\n        }\n      }\n    ]\n  }\n]\n<\/script>[\/et_pb_code][\/et_pb_column][\/et_pb_row][\/et_pb_section]<\/p>\n","protected":false},"excerpt":{"rendered":"","protected":false},"author":4,"featured_media":412655,"comment_status":"closed","ping_status":"closed","sticky":false,"template":"","format":"standard","meta":{"_et_pb_use_builder":"on","_et_pb_old_content":"[et_pb_section fb_built=\"1\" _builder_version=\"4.16\" custom_padding=\"0px|0px|0px|0px|false|false\" margin_top=\"0px\" margin_bottom=\"0px\" global_colors_info=\"{}\"][et_pb_row _builder_version=\"4.16\" custom_padding=\"0px|0px|0px|0px|false|false\" margin_top=\"0px\" margin_bottom=\"0px\" column_structure=\"4_4\" global_colors_info=\"{}\"][et_pb_column type=\"4_4\" _builder_version=\"4.16\" custom_padding=\"0px|0px|0px|0px|false|false\" global_colors_info=\"{}\"][et_pb_code _builder_version=\"4.16\" custom_padding=\"0px|0px|0px|0px|false|false\" global_colors_info=\"{}\"]<!DOCTYPE html>\n<html lang=\"fr\">\n<head>\n    <meta charset=\"UTF-8\">\n    <meta name=\"viewport\" content=\"width=device-width, initial-scale=1.0\">\n    <title>Comment am\u00e9liorer la m\u00e9moire \u00e0 court terme : strat\u00e9gies et astuces<\/title>\n    <link href=\"https:\/\/fonts.googleapis.com\/css2?family=Montserrat:wght@400;600;700&family=Poppins:wght@400;500;600&display=swap\" rel=\"stylesheet\">\n    <style>\n        :root {\n            --bleu: #5e5ed7;\n            --bleu-dark: #5268c9;\n            --teal: #a9e2e4;\n            --jaune: #ffeca7;\n            --rose: #e73469;\n            --gris-clair: #f8f9fa;\n            --gris-moyen: #6c757d;\n            --noir: #2c3e50;\n        }\n\n        * {\n            margin: 0;\n            padding: 0;\n            box-sizing: border-box;\n        }\n\n        body {\n            font-family: 'Poppins', sans-serif;\n            line-height: 1.6;\n            color: var(--noir);\n        }\n\n        .article-hero {\n            background: linear-gradient(135deg, var(--bleu) 0%, var(--bleu-dark) 100%);\n            color: white;\n            padding: 3rem 0 8rem 0;\n            position: relative;\n        }\n\n        .article-hero-inner {\n            max-width: 1200px;\n            margin: 0 auto;\n            padding: 0 2rem;\n        }\n\n        .article-breadcrumb {\n            font-size: 0.9rem;\n            margin-bottom: 1rem;\n            opacity: 0.9;\n        }\n\n        .article-category {\n            background: var(--rose);\n            color: white;\n            padding: 0.5rem 1rem;\n            border-radius: 20px;\n            font-size: 0.85rem;\n            font-weight: 600;\n            display: inline-block;\n            margin-bottom: 1.5rem;\n        }\n\n        .article-hero h1 {\n            font-family: 'Montserrat', sans-serif;\n            font-size: 2.5rem;\n            font-weight: 700;\n            margin-bottom: 1.5rem;\n            line-height: 1.2;\n        }\n\n        .hl {\n            background: var(--jaune);\n            color: var(--noir);\n            padding: 0 0.5rem;\n            border-radius: 5px;\n        }\n\n        .article-meta {\n            display: flex;\n            flex-wrap: wrap;\n            gap: 2rem;\n            align-items: center;\n            margin-bottom: 1rem;\n            font-size: 0.9rem;\n        }\n\n        .rating {\n            display: flex;\n            align-items: center;\n            gap: 0.5rem;\n        }\n\n        .stars {\n            color: var(--jaune);\n        }\n\n        .article-hero-curve {\n            position: absolute;\n            bottom: -1px;\n            left: 0;\n            width: 100%;\n            height: 80px;\n            background: white;\n            clip-path: ellipse(100% 100% at 50% 100%);\n        }\n\n        .article-body {\n            padding: 4rem 0;\n        }\n\n        .container {\n            max-width: 1000px;\n            margin: 0 auto;\n            padding: 0 2rem;\n        }\n\n        .intro-block {\n            font-size: 1.1rem;\n            color: var(--gris-moyen);\n            margin-bottom: 3rem;\n            text-align: center;\n            line-height: 1.8;\n        }\n\n        .stats-grid {\n            display: grid;\n            grid-template-columns: repeat(auto-fit, minmax(200px, 1fr));\n            gap: 2rem;\n            margin-bottom: 4rem;\n        }\n\n        .stat-card {\n            background: white;\n            border-radius: 15px;\n            padding: 2rem;\n            text-align: center;\n            box-shadow: 0 10px 30px rgba(0,0,0,0.1);\n            border-left: 5px solid var(--teal);\n        }\n\n        .stat-card .number {\n            font-size: 2.5rem;\n            font-weight: 700;\n            color: var(--bleu);\n            display: block;\n            margin-bottom: 0.5rem;\n        }\n\n        .stat-card .label {\n            color: var(--gris-moyen);\n            font-size: 0.9rem;\n        }\n\n        h2 {\n            font-family: 'Montserrat', sans-serif;\n            font-size: 1.8rem;\n            color: var(--bleu);\n            margin: 3rem 0 1.5rem 0;\n            position: relative;\n        }\n\n        h2:before {\n            content: '';\n            width: 50px;\n            height: 3px;\n            background: var(--teal);\n            position: absolute;\n            bottom: -5px;\n            left: 0;\n        }\n\n        h3 {\n            font-family: 'Montserrat', sans-serif;\n            font-size: 1.3rem;\n            color: var(--bleu-dark);\n            margin: 2rem 0 1rem 0;\n        }\n\n        p {\n            margin-bottom: 1.5rem;\n            line-height: 1.8;\n        }\n\n        ul, ol {\n            margin-bottom: 1.5rem;\n            padding-left: 2rem;\n        }\n\n        li {\n            margin-bottom: 0.5rem;\n        }\n\n        .conseil-card {\n            background: linear-gradient(135deg, var(--teal), #87ceeb);\n            border-radius: 15px;\n            padding: 2rem;\n            margin: 2rem 0;\n            color: var(--noir);\n        }\n\n        .conseil-card h4 {\n            font-family: 'Montserrat', sans-serif;\n            margin-bottom: 1rem;\n            color: var(--bleu-dark);\n        }\n\n        .key-points {\n            background: var(--gris-clair);\n            border-radius: 10px;\n            padding: 1.5rem;\n            margin: 2rem 0;\n            border-left: 5px solid var(--bleu);\n        }\n\n        .key-points h4 {\n            color: var(--bleu);\n            margin-bottom: 1rem;\n        }\n\n        .tip-box {\n            background: var(--jaune);\n            border-radius: 10px;\n            padding: 1.5rem;\n            margin: 2rem 0;\n            position: relative;\n        }\n\n        .tip-box-label {\n            background: var(--rose);\n            color: white;\n            padding: 0.3rem 0.8rem;\n            border-radius: 15px;\n            font-size: 0.8rem;\n            font-weight: 600;\n            position: absolute;\n            top: -10px;\n            left: 1.5rem;\n        }\n\n        .expert-box {\n            background: white;\n            border: 2px solid var(--bleu);\n            border-radius: 15px;\n            padding: 2rem;\n            margin: 2rem 0;\n        }\n\n        .expert-box-label {\n            background: var(--bleu);\n            color: white;\n            padding: 0.3rem 0.8rem;\n            border-radius: 15px;\n            font-size: 0.8rem;\n            font-weight: 600;\n            display: inline-block;\n            margin-bottom: 1rem;\n        }\n\n        .expert-box-title {\n            font-family: 'Montserrat', sans-serif;\n            color: var(--bleu);\n            margin-bottom: 1rem;\n        }\n\n        .expert-inner {\n            background: var(--gris-clair);\n            padding: 1.5rem;\n            border-radius: 10px;\n            margin-top: 1rem;\n        }\n\n        .expert-inner-title {\n            font-weight: 600;\n            color: var(--bleu-dark);\n            margin-bottom: 0.5rem;\n        }\n\n        .faq-list {\n            margin: 3rem 0;\n        }\n\n        .faq-item {\n            border: 1px solid #e0e0e0;\n            border-radius: 10px;\n            margin-bottom: 1rem;\n            overflow: hidden;\n        }\n\n        .faq-q {\n            background: var(--gris-clair);\n            padding: 1.5rem;\n            cursor: pointer;\n            display: flex;\n            justify-content: space-between;\n            align-items: center;\n            font-weight: 600;\n            color: var(--bleu-dark);\n        }\n\n        .faq-icon {\n            background: var(--bleu);\n            color: white;\n            width: 25px;\n            height: 25px;\n            border-radius: 50%;\n            display: flex;\n            align-items: center;\n            justify-content: center;\n            font-weight: bold;\n        }\n\n        .faq-a {\n            padding: 0 1.5rem;\n            max-height: 0;\n            overflow: hidden;\n            transition: max-height 0.3s ease;\n        }\n\n        .faq-item.open .faq-a {\n            max-height: 500px;\n            padding: 1.5rem;\n        }\n\n        .cta-box {\n            background: linear-gradient(135deg, var(--bleu) 0%, var(--bleu-dark) 100%);\n            color: white;\n            border-radius: 15px;\n            padding: 3rem;\n            text-align: center;\n            margin: 3rem 0;\n        }\n\n        .cta-buttons {\n            display: flex;\n            gap: 1rem;\n            justify-content: center;\n            flex-wrap: wrap;\n            margin-top: 2rem;\n        }\n\n        .btn-white {\n            background: white;\n            color: var(--bleu);\n            padding: 1rem 2rem;\n            border-radius: 25px;\n            text-decoration: none;\n            font-weight: 600;\n            transition: transform 0.3s;\n        }\n\n        .btn-white:hover {\n            transform: translateY(-2px);\n        }\n\n        .btn-outline {\n            background: transparent;\n            color: white;\n            border: 2px solid white;\n            padding: 1rem 2rem;\n            border-radius: 25px;\n            text-decoration: none;\n            font-weight: 600;\n            transition: all 0.3s;\n        }\n\n        .btn-outline:hover {\n            background: white;\n            color: var(--bleu);\n        }\n\n        .article-tags {\n            margin: 3rem 0;\n            text-align: center;\n        }\n\n        .article-tag {\n            background: var(--teal);\n            color: var(--noir);\n            padding: 0.5rem 1rem;\n            border-radius: 20px;\n            text-decoration: none;\n            font-size: 0.85rem;\n            margin: 0.25rem;\n            display: inline-block;\n        }\n\n        @media (max-width: 768px) {\n            .article-hero {\n                padding: 2rem 0 6rem 0;\n            }\n\n            .article-hero h1 {\n                font-size: 2rem;\n            }\n\n            .article-meta {\n                flex-direction: column;\n                gap: 1rem;\n            }\n\n            .stats-grid {\n                grid-template-columns: 1fr;\n            }\n\n            .cta-buttons {\n                flex-direction: column;\n                align-items: center;\n            }\n        }\n    <\/style>\n<\/head>\n<body><section class=\"article-hero\">\n        <div class=\"article-hero-inner\">\n            <div class=\"article-breadcrumb\">\n                In\u00edcio > Blog > Mem\u00f3ria > Como melhorar a mem\u00f3ria a curto prazo\n            <\/div>\n            \n            <div class=\"article-category\">Estimula\u00e7\u00e3o Cognitiva<\/div>\n            \n            <h1>Como melhorar a <span class=\"hl\">mem\u00f3ria a curto prazo<\/span> : estrat\u00e9gias e dicas<\/h1>\n            \n            <div class=\"article-meta\">\n                <span>\ud83d\udcc5 Abril 2026<\/span>\n                <span>\u23f1\ufe0f 15 min de leitura<\/span>\n                <span>\ud83d\udc65 Todo p\u00fablico<\/span>\n                <div class=\"rating\">\n                    <span class=\"stars\">\u2b50\u2b50\u2b50\u2b50\u2b50<\/span>\n                    <span>4.8\/5 (127 avalia\u00e7\u00f5es)<\/span>\n                <\/div>\n            <\/div>\n        <\/div>\n        <div class=\"article-hero-curve\"><\/div>\n    <\/section>\n\n    <div class=\"article-body\">\n        <div class=\"container\">\n<div class=\"intro-block\">\n                A mem\u00f3ria de curto prazo \u00e9 um pilar fundamental do nosso funcionamento cognitivo di\u00e1rio. Ela nos permite reter temporariamente informa\u00e7\u00f5es cruciais, resolver problemas complexos e tomar decis\u00f5es informadas. No entanto, muitos fatores podem alterar seu desempenho, criando desafios em nossa vida pessoal e profissional. Neste guia completo, exploramos estrat\u00e9gias cientificamente comprovadas e t\u00e9cnicas pr\u00e1ticas para otimizar sua mem\u00f3ria de curto prazo. Descubra como transformar sua capacidade de memoriza\u00e7\u00e3o atrav\u00e9s de abordagens inovadoras e h\u00e1bitos de vida adaptados.\n            <\/div>\n\n            <div class=\"stats-grid\">\n                <div class=\"stat-card\">\n                    <span class=\"number\">7\u00b12<\/span>\n                    <span class=\"label\">Elementos retidos em m\u00e9dia<\/span>\n                <\/div>\n                <div class=\"stat-card\">\n                    <span class=\"number\">15-30s<\/span>\n                    <span class=\"label\">Dura\u00e7\u00e3o de reten\u00e7\u00e3o natural<\/span>\n                <\/div>\n                <div class=\"stat-card\">\n                    <span class=\"number\">25%<\/span>\n                    <span class=\"label\">Melhoria poss\u00edvel com treinamento<\/span>\n                <\/div>\n                <div class=\"stat-card\">\n                    <span class=\"number\">3<\/span>\n                    <span class=\"label\">Regi\u00f5es cerebrais principais envolvidas<\/span>\n                <\/div>\n            <\/div>\n\n            <h2>1. Compreender os mecanismos da mem\u00f3ria de curto prazo<\/h2>\n            \n            <p>A mem\u00f3ria de curto prazo, tamb\u00e9m chamada de mem\u00f3ria de trabalho, constitui um sistema cognitivo sofisticado que nos permite manter e manipular temporariamente informa\u00e7\u00f5es enquanto realizamos tarefas complexas. Essa capacidade mental excepcional envolve v\u00e1rias regi\u00f5es cerebrais trabalhando em perfeita sincronia para processar, armazenar e recuperar dados essenciais para nosso funcionamento di\u00e1rio.<\/p>\n\n            <p>No n\u00edvel neurol\u00f3gico, a mem\u00f3ria de curto prazo ativa principalmente o c\u00f3rtex pr\u00e9-frontal, o hipocampo e o c\u00f3rtex parietal. O c\u00f3rtex pr\u00e9-frontal atua como um maestro, coordenando os diferentes processos cognitivos e mantendo a aten\u00e7\u00e3o focada nas informa\u00e7\u00f5es relevantes. O hipocampo, por sua vez, desempenha um papel crucial na codifica\u00e7\u00e3o inicial das informa\u00e7\u00f5es e seu potencial transfer\u00eancia para a mem\u00f3ria de longo prazo. O c\u00f3rtex parietal contribui para a integra\u00e7\u00e3o espacial e temporal dos dados processados.<\/p>\n\n            <p>A capacidade limitada da mem\u00f3ria de curto prazo, geralmente estimada em 7 mais ou menos 2 elementos segundo a regra de Miller, reflete uma adapta\u00e7\u00e3o evolutiva que permite ao c\u00e9rebro processar informa\u00e7\u00f5es de forma eficaz sem sobrecarga cognitiva. Essa limita\u00e7\u00e3o aparente torna-se um trunfo quando aprendemos a otimiz\u00e1-la atrav\u00e9s das estrat\u00e9gias apropriadas que desenvolveremos nas se\u00e7\u00f5es seguintes.<\/p>\n\n            <div class=\"conseil-card\">\n                <h4>\ud83e\udde0 Conselho de especialista DYNSEO<\/h4>\n                <p>A mem\u00f3ria de curto prazo funciona como um escrit\u00f3rio mental tempor\u00e1rio. Quanto mais voc\u00ea organizar eficientemente esse \"escrit\u00f3rio\", mais informa\u00e7\u00f5es voc\u00ea pode processar simultaneamente. O treinamento cognitivo com nossos aplicativos <a href=\"https:\/\/www.dynseo.com\/pt-pt\/coco-pensa-e-coco-se-mexe\/\" style=\"color: var(--bleu-dark); font-weight: 600;\">COCO PENSA e COCO SE MEXE<\/a> permite desenvolver essa organiza\u00e7\u00e3o mental de forma l\u00fadica e progressiva.<\/p>\n            <\/div>\n<div class=\"key-points\">\n                <h4>\ud83c\udfaf Pontos-chave a reter<\/h4>\n                <ul>\n                    <li>A mem\u00f3ria de curto prazo envolve m\u00faltiplas regi\u00f5es cerebrais em intera\u00e7\u00e3o<\/li>\n                    <li>Sua capacidade limitada (7\u00b12 elementos) \u00e9 uma caracter\u00edstica adaptativa<\/li>\n                    <li>O c\u00f3rtex pr\u00e9-frontal coordena os processos de memoriza\u00e7\u00e3o<\/li>\n                    <li>O treinamento pode melhorar significativamente seu desempenho<\/li>\n                <\/ul>\n            <\/div>\n\n            <div class=\"tip-box\">\n                <div class=\"tip-box-label\">\ud83d\udca1 Dica pr\u00e1tica<\/div>\n                <p>Teste sua capacidade de mem\u00f3ria de curto prazo repetindo mentalmente uma sequ\u00eancia de n\u00fameros cada vez mais longa. Comece com 5 n\u00fameros e aumente progressivamente. Essa avalia\u00e7\u00e3o lhe dar\u00e1 uma linha de base para medir seus progressos futuros.<\/p>\n            <\/div>\n\n            <h2>2. Os fatores que influenciam o desempenho mn\u00e9sico<\/h2>\n\n            <p>Numerosos s\u00e3o os elementos que podem afetar positivamente ou negativamente nossa mem\u00f3ria de curto prazo. Compreender esses fatores constitui o primeiro passo para uma otimiza\u00e7\u00e3o eficaz de nossas capacidades cognitivas. Os fatores internos, relacionados ao nosso estado fisiol\u00f3gico e psicol\u00f3gico, interagem constantemente com fatores externos ambientais para determinar nosso desempenho mn\u00e9sico global.<\/p>\n\n            <p>O estresse representa um dos principais inibidores da mem\u00f3ria de curto prazo. Quando estamos estressados, nosso organismo libera cortisol, um horm\u00f4nio que pode perturbar a comunica\u00e7\u00e3o entre os neur\u00f4nios e alterar os processos de memoriza\u00e7\u00e3o. Essa rea\u00e7\u00e3o biol\u00f3gica, embora adaptativa em certas situa\u00e7\u00f5es de emerg\u00eancia, torna-se problem\u00e1tica quando se cronifica e afeta nossa capacidade de processar informa\u00e7\u00f5es di\u00e1rias de forma eficaz.<\/p>\n\n            <p>A fadiga constitui outro fator cr\u00edtico. Um c\u00e9rebro fatigado tem dificuldade em manter a aten\u00e7\u00e3o sustentada necess\u00e1ria para o bom funcionamento da mem\u00f3ria de curto prazo. Os neurotransmissores respons\u00e1veis pela vigil\u00e2ncia e pela concentra\u00e7\u00e3o se esgotam progressivamente, criando condi\u00e7\u00f5es desfavor\u00e1veis \u00e0 reten\u00e7\u00e3o de informa\u00e7\u00f5es. Essa fadiga pode ser f\u00edsica, mental ou emocional, cada uma afetando de maneira diferente, mas significativamente, nossas capacidades cognitivas.<\/p>\n\n            <div class=\"expert-box\">\n                <div class=\"expert-box-label\">\ud83d\udc68\u200d\u2695\ufe0f Especializa\u00e7\u00e3o DYNSEO<\/div>\n                <h4 class=\"expert-box-title\">O impacto multifatorial na mem\u00f3ria<\/h4>\n                <p>Nossas pesquisas mostram que a mem\u00f3ria de curto prazo sofre a influ\u00eancia simult\u00e2nea de m\u00faltiplos fatores. Uma abordagem hol\u00edstica, integrando gest\u00e3o do estresse, otimiza\u00e7\u00e3o do sono e treinamento cognitivo direcionado, produz os melhores resultados.<\/p>\n                <div class=\"expert-inner\">\n<div class=\"expert-inner-title\">Fatores positivos identificados:<\/div>\n                    <ul>\n                        <li>Exerc\u00edcio f\u00edsico regular (+15-20% de desempenho)<\/li>\n                        <li>Medita\u00e7\u00e3o di\u00e1ria (+12-18% de concentra\u00e7\u00e3o)<\/li>\n                        <li>Nutri\u00e7\u00e3o equilibrada (+8-15% de clareza mental)<\/li>\n                        <li>Treinamento cognitivo estruturado (+20-30% de capacidade)<\/li>\n                    <\/ul>\n                <\/div>\n            <\/div>\n\n            <h3>Fatores ambientais determinantes<\/h3>\n\n            <p>O ambiente em que evolu\u00edmos exerce uma influ\u00eancia consider\u00e1vel sobre nossa capacidade de memoriza\u00e7\u00e3o a curto prazo. O ru\u00eddo ambiente, a qualidade da ilumina\u00e7\u00e3o, a temperatura e at\u00e9 mesmo os odores podem afetar nossa concentra\u00e7\u00e3o e, por extens\u00e3o, nosso desempenho mn\u00e9stico. Um ambiente otimizado favorece a focaliza\u00e7\u00e3o atencional necess\u00e1ria a um processamento eficaz da informa\u00e7\u00e3o.<\/p>\n\n            <div class=\"key-points\">\n                <h4>\ud83c\udf1f Otimiza\u00e7\u00e3o ambiental<\/h4>\n                <ul>\n                    <li><strong>Ilumina\u00e7\u00e3o:<\/strong> Priorize a luz natural ou uma ilumina\u00e7\u00e3o branca neutra<\/li>\n                    <li><strong>Temperatura:<\/strong> Mantenha entre 20-22\u00b0C para um conforto cognitivo ideal<\/li>\n                    <li><strong>Ac\u00fastica:<\/strong> Reduza os ru\u00eddos indesejados ou utilize sons brancos<\/li>\n                    <li><strong>Organiza\u00e7\u00e3o:<\/strong> Livre seu espa\u00e7o de distra\u00e7\u00f5es visuais<\/li>\n                <\/ul>\n            <\/div>\n\n            <h2>3. T\u00e9cnicas de treinamento cognitivo especializadas<\/h2>\n\n            <p>O treinamento cognitivo especializado representa uma das abordagens mais eficazes para melhorar de forma duradoura a mem\u00f3ria a curto prazo. Esta metodologia, baseada nos princ\u00edpios da neuroplasticidade, permite ao c\u00e9rebro desenvolver novas conex\u00f5es neuronais e fortalecer os circuitos existentes. Os exerc\u00edcios direcionados estimulam especificamente as regi\u00f5es cerebrais envolvidas na memoriza\u00e7\u00e3o tempor\u00e1ria, criando adapta\u00e7\u00f5es estruturais e funcionais mensur\u00e1veis.<\/p>\n\n            <p>A repeti\u00e7\u00e3o espa\u00e7ada constitui uma t\u00e9cnica fundamental do treinamento cognitivo. Este m\u00e9todo consiste em revisar as informa\u00e7\u00f5es em intervalos de tempo crescentes, otimizando assim o processo de consolida\u00e7\u00e3o mn\u00e9stica. O c\u00e9rebro, diante dessa estimula\u00e7\u00e3o repetida, mas espa\u00e7ada, refor\u00e7a progressivamente as conex\u00f5es sin\u00e1pticas associadas \u00e0s informa\u00e7\u00f5es processadas, melhorando sua acessibilidade e durabilidade.<\/p>\n\n            <p>Os exerc\u00edcios de span mn\u00e9stico, que consistem em reter sequ\u00eancias de elementos de comprimento crescente, constituem uma outra abordagem comprovada. Esses exerc\u00edcios podem utilizar n\u00fameros, letras, palavras ou imagens, solicitando diferentes sistemas de codifica\u00e7\u00e3o e armazenamento. A progress\u00e3o gradual da dificuldade permite que o c\u00e9rebro se adapte progressivamente a cargas cognitivas maiores, estendendo naturalmente a capacidade da mem\u00f3ria a curto prazo.<\/p>\n<div class=\"conseil-card\">\n                <h4>\ud83c\udfaf Programa de treinamento DYNSEO<\/h4>\n                <p>Nossos aplicativos <a href=\"https:\/\/www.dynseo.com\/pt-pt\/coco-pensa-e-coco-se-mexe\/\" style=\"color: var(--bleu-dark); font-weight: 600;\">COCO PENSA e COCO SE MEXE<\/a> prop\u00f5em um programa de treinamento cognitivo progressivo especialmente projetado para melhorar a mem\u00f3ria a curto prazo. Com mais de 30 jogos dedicados, voc\u00ea se beneficia de uma estimula\u00e7\u00e3o cognitiva completa e personalizada de acordo com seu n\u00edvel e seus objetivos.<\/p>\n            <\/div>\n\n            <h3>T\u00e9cnicas de chunking e organiza\u00e7\u00e3o<\/h3>\n\n            <p>O chunking, ou agrupamento de informa\u00e7\u00f5es, representa uma estrat\u00e9gia cognitiva poderosa que permite contornar as limita\u00e7\u00f5es naturais da mem\u00f3ria a curto prazo. Esta t\u00e9cnica consiste em organizar as informa\u00e7\u00f5es em unidades maiores e significativas, reduzindo a carga cognitiva enquanto mant\u00e9m a quantidade de informa\u00e7\u00e3o processada. Por exemplo, reter o n\u00famero 149217761945 se torna mais f\u00e1cil ao segment\u00e1-lo: 1492 (descobrimento da Am\u00e9rica), 1776 (independ\u00eancia americana), 1945 (fim da Segunda Guerra Mundial).<\/p>\n\n            <div class=\"tip-box\">\n                <div class=\"tip-box-label\">\ud83e\udde9 T\u00e9cnica avan\u00e7ada<\/div>\n                <p>Crie \"pal\u00e1cios mentais\" associando as informa\u00e7\u00f5es a serem retidas a locais familiares de sua casa. Esta t\u00e9cnica milenar, utilizada por campe\u00f5es de mem\u00f3ria, explora nossa excelente mem\u00f3ria espacial para ancorar temporariamente dados em um contexto mental est\u00e1vel e acess\u00edvel.<\/p>\n            <\/div>\n\n            <h2>4. Estrat\u00e9gias nutricionais para otimizar a fun\u00e7\u00e3o cognitiva<\/h2>\n\n            <p>A alimenta\u00e7\u00e3o desempenha um papel fundamental na manuten\u00e7\u00e3o e melhoria das fun\u00e7\u00f5es cognitivas, incluindo a mem\u00f3ria a curto prazo. O c\u00e9rebro, embora represente apenas 2% do peso corporal, consome cerca de 20% da nossa energia total, destacando sua necessidade constante de nutrientes de qualidade. Uma estrat\u00e9gia nutricional otimizada fornece ao c\u00e9rebro os substratos energ\u00e9ticos e os micronutrientes essenciais para seu funcionamento ideal.<\/p>\n\n            <p>Os \u00e1cidos graxos \u00f4mega-3, particularmente o \u00e1cido docosahexaenoico (DHA), constituem componentes estruturais principais das membranas neuronais. Esses lip\u00eddios essenciais facilitam a transmiss\u00e3o sin\u00e1ptica e mant\u00eam a fluidez da membrana necess\u00e1ria para os processos de comunica\u00e7\u00e3o neuronal. As fontes ricas em \u00f4mega-3 incluem peixes gordurosos (salm\u00e3o, cavala, sardinha), nozes, sementes de linha\u00e7a e chia, al\u00e9m de \u00f3leos vegetais de primeira press\u00e3o a frio.<\/p>\n\n            <p>Os antioxidantes protegem o c\u00e9rebro contra o estresse oxidativo, um fator de envelhecimento celular que pode alterar as fun\u00e7\u00f5es cognitivas. Os polifen\u00f3is presentes em frutas vermelhas, ch\u00e1 verde, chocolate amargo e vegetais coloridos neutralizam os radicais livres e promovem a neurog\u00eanese. Esta prote\u00e7\u00e3o antioxidante se mostra particularmente importante para preservar as capacidades de mem\u00f3ria a curto prazo diante do estresse e do envelhecimento.<\/p>\n\n            <div class=\"expert-box\">\n                <div class=\"expert-box-label\">\ud83e\udd57 Nutri\u00e7\u00e3o cognitiva<\/div>\n                <h4 class=\"expert-box-title\">Menu tipo para otimizar a mem\u00f3ria<\/h4>\n                <p>Uma alimenta\u00e7\u00e3o equilibrada apoia efetivamente as fun\u00e7\u00f5es cognitivas. Aqui est\u00e3o nossas recomenda\u00e7\u00f5es baseadas nas \u00faltimas pesquisas em neuroci\u00eancias nutricionais.<\/p>\n                <div class=\"expert-inner\">\n<div class=\"expert-inner-title\">Caf\u00e9 da manh\u00e3 ideal :<\/div>\n                    <ul>\n                        <li>Flocos de aveia com mirtilos (carboidratos complexos + antioxidantes)<\/li>\n                        <li>Nozes e sementes (\u00f4mega-3 + vitamina E)<\/li>\n                        <li>Ch\u00e1 verde (L-teanina + polifen\u00f3is)<\/li>\n                    <\/ul>\n                <\/div>\n                <div class=\"expert-inner\">\n                    <div class=\"expert-inner-title\">Lanches cognitivos :<\/div>\n                    <ul>\n                        <li>Chocolate amargo 70% + am\u00eandoas<\/li>\n                        <li>Abacate em p\u00e3o integral<\/li>\n                        <li>Smoothie de espinafre-banana-sementes de linha\u00e7a<\/li>\n                    <\/ul>\n                <\/div>\n            <\/div>\n\n            <h3>Hidrata\u00e7\u00e3o e desempenho cognitivo<\/h3>\n\n            <p>A hidrata\u00e7\u00e3o adequada \u00e9 um fator muitas vezes negligenciado, mas crucial para a manuten\u00e7\u00e3o das fun\u00e7\u00f5es cognitivas ideais. Uma desidrata\u00e7\u00e3o, mesmo leve (2-3% do peso corporal), pode reduzir significativamente a concentra\u00e7\u00e3o, a aten\u00e7\u00e3o e a mem\u00f3ria de curto prazo. O c\u00e9rebro, composto por 75% de \u00e1gua, depende de um aporte h\u00eddrico constante para manter o equil\u00edbrio eletrol\u00edtico necess\u00e1rio \u00e0 transmiss\u00e3o neuronal.<\/p>\n\n            <div class=\"key-points\">\n                <h4>\ud83d\udca7 Guia de hidrata\u00e7\u00e3o cognitiva<\/h4>\n                <ul>\n                    <li><strong>Quantidade :<\/strong> 35ml\/kg de peso corporal por dia no m\u00ednimo<\/li>\n                    <li><strong>Distribui\u00e7\u00e3o :<\/strong> Pequenas quantidades regulares em vez de grandes ingest\u00f5es<\/li>\n                    <li><strong>Tempo :<\/strong> Hidrata\u00e7\u00e3o preventiva antes de tarefas cognitivas intensas<\/li>\n                    <li><strong>Qualidade :<\/strong> \u00c1gua pura, ch\u00e1s, ch\u00e1 verde sem a\u00e7\u00facar<\/li>\n                <\/ul>\n            <\/div>\n\n            <h2>5. O impacto do sono na consolida\u00e7\u00e3o da mem\u00f3ria<\/h2>\n\n            <p>O sono representa muito mais do que um simples per\u00edodo de descanso; \u00e9 um processo ativo de manuten\u00e7\u00e3o e otimiza\u00e7\u00e3o cerebral diretamente ligado ao desempenho da mem\u00f3ria de curto prazo. Durante as diferentes fases do sono, o c\u00e9rebro orquestra processos complexos de consolida\u00e7\u00e3o, reorganiza\u00e7\u00e3o e limpeza sin\u00e1ptica que preparam os circuitos neuronais para os desafios cognitivos do dia seguinte. Este per\u00edodo de recupera\u00e7\u00e3o ativa influencia diretamente nossa capacidade de codificar, manter e recuperar informa\u00e7\u00f5es tempor\u00e1rias.<\/p>\n\n            <p>A fase de sono profundo lento desempenha um papel particularmente crucial na consolida\u00e7\u00e3o das aprendizagens do dia e na prepara\u00e7\u00e3o dos circuitos de mem\u00f3ria. Durante essa fase, as oscila\u00e7\u00f5es lentas corticais sincronizam a atividade neuronal e facilitam a transfer\u00eancia de informa\u00e7\u00f5es entre o hipocampo e o neoc\u00f3rtex. Esse processo, chamado de \"replay\", permite n\u00e3o apenas consolidar as mem\u00f3rias, mas tamb\u00e9m otimizar as redes neuronais para um melhor desempenho futuro da mem\u00f3ria de trabalho.<\/p>\n\n            <p>O sono paradoxal, caracterizado por uma intensa atividade cerebral semelhante \u00e0 vig\u00edlia, contribui para a integra\u00e7\u00e3o criativa das informa\u00e7\u00f5es e para a flexibilidade cognitiva. Essa fase favorece a forma\u00e7\u00e3o de novas conex\u00f5es sin\u00e1pticas e a elimina\u00e7\u00e3o de conex\u00f5es redundantes, processos essenciais para manter uma mem\u00f3ria de curto prazo eficaz e adapt\u00e1vel. A priva\u00e7\u00e3o de sono paradoxal reduz significativamente a capacidade de aten\u00e7\u00e3o sustentada e a flexibilidade cognitiva necess\u00e1rias para tarefas complexas de mem\u00f3ria de trabalho.<\/p>\n<div class=\"conseil-card\">\n                <h4>\ud83d\ude34 Protocolo sono-mem\u00f3ria DYNSEO<\/h4>\n                <p>Um sono de qualidade constitui a base para o desempenho cognitivo ideal. Nossos usu\u00e1rios que seguem nosso protocolo sono-mem\u00f3ria constatam uma melhoria m\u00e9dia de 15-25% em sua capacidade de memoriza\u00e7\u00e3o a curto prazo. Combine este protocolo com o treinamento cognitivo <a href=\"https:\/\/www.dynseo.com\/pt-pt\/coco-pensa-e-coco-se-mexe\/\" style=\"color: var(--bleu-dark); font-weight: 600;\">COCO PENSA e COCO SE MEXE<\/a> para resultados \u00f3timos.<\/p>\n            <\/div>\n\n            <h3>Otimiza\u00e7\u00e3o da higiene do sono<\/h3>\n\n            <p>A higiene do sono re\u00fane um conjunto de pr\u00e1ticas e h\u00e1bitos que favorecem um sono reparador e regular. Essas pr\u00e1ticas influenciam diretamente a qualidade dos processos de consolida\u00e7\u00e3o mnem\u00f4nica noturna e, por consequ\u00eancia, o desempenho cognitivo diurno. O estabelecimento de um ritmo circadiano est\u00e1vel constitui a base de uma higiene do sono eficaz, permitindo que o c\u00e9rebro otimize seus ciclos naturais de recupera\u00e7\u00e3o e prepara\u00e7\u00e3o cognitiva.<\/p>\n\n            <div class=\"tip-box\">\n                <div class=\"tip-box-label\">\ud83c\udf19 Rotina pr\u00e9-sono ideal<\/div>\n                <p>Estabele\u00e7a um ritual de 30-45 minutos antes de dormir: diminui\u00e7\u00e3o progressiva da ilumina\u00e7\u00e3o, desligamento das telas, t\u00e9cnicas de relaxamento (respira\u00e7\u00e3o profunda, medita\u00e7\u00e3o), temperatura ambiente a 18-19\u00b0C. Essa rotina sinaliza ao c\u00e9rebro que \u00e9 hora de preparar os processos de consolida\u00e7\u00e3o mnem\u00f4nica.<\/p>\n            <\/div>\n\n            <h2>6. Gest\u00e3o do estresse e t\u00e9cnicas de relaxamento cognitivo<\/h2>\n\n            <p>O estresse cr\u00f4nico representa um dos principais inimigos da mem\u00f3ria a curto prazo, criando um ciclo vicioso onde a ansiedade relacionada ao desempenho cognitivo gera mais estresse, agravando ainda mais as dificuldades mnem\u00f4nicas. Compreender os mecanismos neurobiol\u00f3gicos do estresse e dominar t\u00e9cnicas eficazes de gest\u00e3o permite quebrar esse ciclo destrutivo e otimizar as condi\u00e7\u00f5es internas favor\u00e1veis a uma mem\u00f3ria de trabalho eficaz.<\/p>\n\n            <p>No n\u00edvel neurobiol\u00f3gico, o estresse ativa o eixo hipot\u00e1lamo-hipofis\u00e1rio-adrenal, desencadeando a libera\u00e7\u00e3o de cortisol e adrenalina. Esses horm\u00f4nios, embora adaptativos a curto prazo, perturbam os processos de memoriza\u00e7\u00e3o quando persistem em n\u00edveis elevados. O cortisol interfere na plasticidade sin\u00e1ptica hipocampal e altera as conex\u00f5es entre o c\u00f3rtex pr\u00e9-frontal e as estruturas l\u00edmbicas, regi\u00f5es cruciais para a mem\u00f3ria de trabalho e o controle atencional.<\/p>\n\n            <p>A neuroplasticidade permite, felizmente, que o c\u00e9rebro desenvolva resist\u00eancia ao estresse e recupere suas capacidades cognitivas ideais. As t\u00e9cnicas de relaxamento e medita\u00e7\u00e3o induzem mudan\u00e7as estruturais mensur\u00e1veis no c\u00e9rebro, refor\u00e7ando as regi\u00f5es associadas \u00e0 aten\u00e7\u00e3o e \u00e0 regula\u00e7\u00e3o emocional, ao mesmo tempo em que reduzem a atividade da am\u00edgdala, centro da resposta ao estresse. Essas adapta\u00e7\u00f5es neuropl\u00e1sticas criam uma base neurobiol\u00f3gica mais est\u00e1vel para as fun\u00e7\u00f5es de mem\u00f3ria a curto prazo.<\/p>\n\n            <div class=\"expert-box\">\n                <div class=\"expert-box-label\">\ud83e\uddd8 T\u00e9cnicas validadas cientificamente<\/div>\n                <h4 class=\"expert-box-title\">Protocolos de gest\u00e3o do estresse cognitivo<\/h4>\n                <p>Nossas pesquisas identificam v\u00e1rias t\u00e9cnicas particularmente eficazes para reduzir o impacto do estresse na mem\u00f3ria a curto prazo.<\/p>\n                <div class=\"expert-inner\">\n<div class=\"expert-inner-title\">Medita\u00e7\u00e3o de plena consci\u00eancia (m\u00ednimo de 8 semanas) :<\/div>\n                    <ul>\n                        <li>Melhora de 18-25% da aten\u00e7\u00e3o sustentada<\/li>\n                        <li>Redu\u00e7\u00e3o de 20-30% do cortisol basal<\/li>\n                        <li>Aumento da mat\u00e9ria cinzenta pr\u00e9-frontal<\/li>\n                    <\/ul>\n                <\/div>\n                <div class=\"expert-inner\">\n                    <div class=\"expert-inner-title\">Coer\u00eancia card\u00edaca (3 vezes 5 minutos\/dia) :<\/div>\n                    <ul>\n                        <li>Regula\u00e7\u00e3o do sistema nervoso aut\u00f4nomo<\/li>\n                        <li>Melhora da variabilidade card\u00edaca<\/li>\n                        <li>Otimiza\u00e7\u00e3o da oxigena\u00e7\u00e3o cerebral<\/li>\n                    <\/ul>\n                <\/div>\n            <\/div>\n\n            <h3>T\u00e9cnicas de respira\u00e7\u00e3o e relaxamento progressivo<\/h3>\n\n            <p>A respira\u00e7\u00e3o controlada constitui um dos instrumentos mais acess\u00edveis e eficazes para regular rapidamente o estado de estresse e otimizar as condi\u00e7\u00f5es cognitivas. As t\u00e9cnicas respirat\u00f3rias agem diretamente sobre o sistema nervoso aut\u00f4nomo, ativando a ramifica\u00e7\u00e3o parassimp\u00e1tica respons\u00e1vel pelo relaxamento e pela recupera\u00e7\u00e3o. Essa ativa\u00e7\u00e3o favorece um estado mental prop\u00edcio aos processos de memoriza\u00e7\u00e3o e concentra\u00e7\u00e3o necess\u00e1rios \u00e0 mem\u00f3ria de trabalho.<\/p>\n\n            <div class=\"key-points\">\n                <h4>\ud83c\udf2c\ufe0f T\u00e9cnicas respirat\u00f3rias essenciais<\/h4>\n                <ul>\n                    <li><strong>Respira\u00e7\u00e3o 4-7-8 :<\/strong> Inspira\u00e7\u00e3o 4 tempos, reten\u00e7\u00e3o 7 tempos, expira\u00e7\u00e3o 8 tempos<\/li>\n                    <li><strong>Respira\u00e7\u00e3o abdominal :<\/strong> Foco na expans\u00e3o do diafragma<\/li>\n                    <li><strong>Respira\u00e7\u00e3o quadrada :<\/strong> 4 tempos para cada fase respirat\u00f3ria<\/li>\n                    <li><strong>Respira\u00e7\u00e3o alternada :<\/strong> Altern\u00e2ncia das narinas para equilibrar os hemisf\u00e9rios<\/li>\n                <\/ul>\n            <\/div>\n\n            <h2>7. Exerc\u00edcio f\u00edsico e neurog\u00eanese cognitiva<\/h2>\n\n            <p>O exerc\u00edcio f\u00edsico regular constitui um dos fatores mais poderosos para melhorar de forma duradoura as fun\u00e7\u00f5es cognitivas, incluindo a mem\u00f3ria de curto prazo. Essa influ\u00eancia positiva se explica por m\u00faltiplos mecanismos neurobiol\u00f3gicos que agem em sinergia para otimizar o funcionamento cerebral. A atividade f\u00edsica estimula a produ\u00e7\u00e3o de fatores neurotr\u00f3ficos, melhora a vasculariza\u00e7\u00e3o cerebral, favorece a neurog\u00eanese e reduz a inflama\u00e7\u00e3o cr\u00f4nica, criando um ambiente neurobiol\u00f3gico ideal para o desempenho mnem\u00f4nico.<\/p>\n\n            <p>O fator neurotr\u00f3fico derivado do c\u00e9rebro (BDNF) representa um dos mediadores-chave dos benef\u00edcios cognitivos do exerc\u00edcio. Essa prote\u00edna, frequentemente chamada de \"milagre do crescimento\" do c\u00e9rebro, favorece a sobreviv\u00eancia dos neur\u00f4nios existentes, estimula o crescimento de novos neur\u00f4nios e sinapses, e melhora a plasticidade sin\u00e1ptica. Os n\u00edveis de BDNF aumentam significativamente ap\u00f3s o exerc\u00edcio, particularmente no hipocampo e no c\u00f3rtex pr\u00e9-frontal, regi\u00f5es cruciais para a mem\u00f3ria de trabalho e as fun\u00e7\u00f5es executivas.<\/p>\n\n            <p>O exerc\u00edcio aer\u00f3bico tamb\u00e9m induz adapta\u00e7\u00f5es vasculares que beneficiam diretamente o c\u00e9rebro. A melhoria da circula\u00e7\u00e3o sangu\u00ednea cerebral aumenta a oferta de oxig\u00eanio e nutrientes essenciais, ao mesmo tempo que facilita a elimina\u00e7\u00e3o de res\u00edduos metab\u00f3licos. Essa otimiza\u00e7\u00e3o da perfus\u00e3o cerebral cria condi\u00e7\u00f5es fisiol\u00f3gicas favor\u00e1veis \u00e0 manuten\u00e7\u00e3o da aten\u00e7\u00e3o sustentada e ao desempenho da mem\u00f3ria de curto prazo, particularmente durante tarefas cognitivas exigentes.<\/p>\n<div class=\"conseil-card\">\n                <h4>\ud83c\udfc3\u200d\u2642\ufe0f Programa exerc\u00edcio-cogni\u00e7\u00e3o DYNSEO<\/h4>\n                <p>Combine atividade f\u00edsica e treinamento cognitivo para maximizar os benef\u00edcios neuropl\u00e1sticos. Nossa abordagem integrada, incluindo <a href=\"https:\/\/www.dynseo.com\/pt-pt\/coco-pensa-e-coco-se-mexe\/\" style=\"color: var(--bleu-dark); font-weight: 600;\">COCO SE MEXE<\/a> para a atividade f\u00edsica e COCO PENSA para a estimula\u00e7\u00e3o cognitiva, cria sinergias excepcionais para a melhoria da mem\u00f3ria a curto prazo.<\/p>\n            <\/div>\n\n            <h3>Modalidades \u00f3timas de exerc\u00edcio para a cogni\u00e7\u00e3o<\/h3>\n\n            <p>A pesquisa identifica par\u00e2metros espec\u00edficos de exerc\u00edcio que maximizam os benef\u00edcios cognitivos. A intensidade moderada, correspondente a 60-70% da frequ\u00eancia card\u00edaca m\u00e1xima, parece ser \u00f3tima para estimular a produ\u00e7\u00e3o de BDNF sem induzir um estresse oxidativo excessivo. Essa intensidade permite manter o exerc\u00edcio por tempo suficiente para desencadear as adapta\u00e7\u00f5es neurobiol\u00f3gicas ben\u00e9ficas, ao mesmo tempo em que preserva a recupera\u00e7\u00e3o necess\u00e1ria para a consolida\u00e7\u00e3o dessas adapta\u00e7\u00f5es.<\/p>\n\n            <div class=\"tip-box\">\n                <div class=\"tip-box-label\">\u26a1 Protocolo de alta intensidade<\/div>\n                <p>O treinamento intervalado de alta intensidade (HIIT) de curta dura\u00e7\u00e3o (15-20 minutos) pode produzir benef\u00edcios cognitivos r\u00e1pidos. Alterne 30 segundos de esfor\u00e7o intenso com 90 segundos de recupera\u00e7\u00e3o ativa. Essa modalidade estimula particularmente a produ\u00e7\u00e3o de fatores neurotr\u00f3ficos e melhora a aten\u00e7\u00e3o nas horas seguintes ao exerc\u00edcio.<\/p>\n            <\/div>\n\n            <h2>8. Tecnologias e ferramentas digitais de treinamento<\/h2>\n\n            <p>A chegada das tecnologias digitais revolucionou as possibilidades de treinamento cognitivo, oferecendo ferramentas sofisticadas e personalizadas para melhorar a mem\u00f3ria a curto prazo. Essas tecnologias exploram os princ\u00edpios de gamifica\u00e7\u00e3o, adapta\u00e7\u00e3o din\u00e2mica da dificuldade e acompanhamento do progresso para criar experi\u00eancias de treinamento envolventes e eficazes. A principal vantagem dessas ferramentas reside na sua capacidade de fornecer feedback imediato e ajustar automaticamente os par\u00e2metros de treinamento de acordo com o desempenho individual.<\/p>\n\n            <p>Os aplicativos de treinamento cognitivo baseados em evid\u00eancias cient\u00edficas integram paradigmas experimentais validados pela pesquisa em neuroci\u00eancias cognitivas. Esses paradigmas, adaptados na forma de jogos interativos, visam especificamente os processos cognitivos subjacentes \u00e0 mem\u00f3ria de trabalho: atualiza\u00e7\u00e3o cont\u00ednua de informa\u00e7\u00f5es, inibi\u00e7\u00e3o de distra\u00e7\u00f5es, flexibilidade atencional e manipula\u00e7\u00e3o mental de dados. Essa abordagem direcionada permite otimizar a efic\u00e1cia do treinamento, estimulando precisamente os mecanismos neurais envolvidos na mem\u00f3ria a curto prazo.<\/p>\n\n            <p>A personaliza\u00e7\u00e3o algor\u00edtmica representa um grande trunfo das tecnologias de treinamento modernas. Esses sistemas analisam continuamente os padr\u00f5es de desempenho, identificam as for\u00e7as e fraquezas cognitivas individuais e adaptam dinamicamente os exerc\u00edcios para manter um n\u00edvel de desafio \u00f3timo. Essa zona de desafio \u00f3timo, nem muito f\u00e1cil nem muito dif\u00edcil, maximiza o engajamento motivacional e a efic\u00e1cia neuropl\u00e1stica, criando as condi\u00e7\u00f5es ideais para a melhoria duradoura das capacidades mn\u00e9sicas.<\/p>\n\n            <div class=\"expert-box\">\n<div class=\"expert-box-label\">\ud83d\udcf1 Inova\u00e7\u00e3o DYNSEO<\/div>\n                <h4 class=\"expert-box-title\">Ecossistema de treinamento cognitivo integrado<\/h4>\n                <p>Nossas solu\u00e7\u00f5es tecnol\u00f3gicas representam o auge da inova\u00e7\u00e3o em treinamento cognitivo, combinando rigor cient\u00edfico e experi\u00eancia do usu\u00e1rio otimizada.<\/p>\n                <div class=\"expert-inner\">\n                    <div class=\"expert-inner-title\">COCO PENSA - Treinamento cognitivo puro:<\/div>\n                    <ul>\n                        <li>Mais de 30 jogos que visam especificamente a mem\u00f3ria de trabalho<\/li>\n                        <li>Algoritmo de adapta\u00e7\u00e3o din\u00e2mica da dificuldade<\/li>\n                        <li>Acompanhamento detalhado dos progressos e an\u00e1lises cognitivas<\/li>\n                        <li>Protocolos validados cientificamente<\/li>\n                    <\/ul>\n                <\/div>\n                <div class=\"expert-inner\">\n                    <div class=\"expert-inner-title\">COCO SE MEXE - Abordagem corpo-mente:<\/div>\n                    <ul>\n                        <li>Exerc\u00edcios f\u00edsicos combinados com desafios cognitivos<\/li>\n                        <li>Estimula\u00e7\u00e3o simult\u00e2nea motora e mn\u00e9stica<\/li>\n                        <li>Otimiza\u00e7\u00e3o dos benef\u00edcios neuropl\u00e1sticos cruzados<\/li>\n                    <\/ul>\n                <\/div>\n            <\/div>\n\n            <h3>Realidade virtual e ambientes imersivos<\/h3>\n\n            <p>A realidade virtual emerge como uma tecnologia promissora para o treinamento da mem\u00f3ria de curto prazo, oferecendo possibilidades de imers\u00e3o e contextualiza\u00e7\u00e3o imposs\u00edveis com as abordagens tradicionais. Os ambientes virtuais permitem criar cen\u00e1rios complexos e realistas que solicitam a mem\u00f3ria de trabalho em contextos ecologicamente v\u00e1lidos, melhorando assim a transfer\u00eancia dos conhecimentos para as situa\u00e7\u00f5es do dia a dia.<\/p>\n<div class=\"key-points\">\n                <h4>\ud83e\udd7d Vantagens da realidade virtual<\/h4>\n                <ul>\n                    <li><strong>Imers\u00e3o total :<\/strong> Elimina\u00e7\u00e3o das distra\u00e7\u00f5es externas<\/li>\n                    <li><strong>Contextualiza\u00e7\u00e3o :<\/strong> Aprendizagem em situa\u00e7\u00e3o quase-real<\/li>\n                    <li><strong>Comprometimento aumentado :<\/strong> Motiva\u00e7\u00e3o mantida pelo aspecto l\u00fadico<\/li>\n                    <li><strong>Reprodutibilidade :<\/strong> Condi\u00e7\u00f5es de treinamento padronizadas<\/li>\n                <\/ul>\n            <\/div>\n\n            <h2>9. Estrat\u00e9gias mnem\u00f4nicas avan\u00e7adas<\/h2>\n\n            <p>As estrat\u00e9gias mnem\u00f4nicas representam ferramentas cognitivas sofisticadas que exploram as capacidades naturais de processamento da informa\u00e7\u00e3o do c\u00e9rebro para otimizar a codifica\u00e7\u00e3o, o armazenamento e a recupera\u00e7\u00e3o em mem\u00f3ria de curto prazo. Essas t\u00e9cnicas, desenvolvidas e refinadas ao longo dos s\u00e9culos pelos mestres da mem\u00f3ria, aproveitam os sistemas de mem\u00f3ria que funcionam naturalmente de maneira excelente no ser humano, notavelmente a mem\u00f3ria espacial, a mem\u00f3ria visual e a mem\u00f3ria associativa. A efic\u00e1cia dessas estrat\u00e9gias repousa em sua capacidade de transformar informa\u00e7\u00f5es abstratas em representa\u00e7\u00f5es concretas, coloridas e significativas.<\/p>\n\n            <p>A t\u00e9cnica dos loci, tamb\u00e9m chamada de pal\u00e1cio da mem\u00f3ria, constitui uma das t\u00e9cnicas mnem\u00f4nicas mais poderosas e melhor documentadas cientificamente. Essa t\u00e9cnica explora nossa excelente mem\u00f3ria espacial ao associar as informa\u00e7\u00f5es a serem retidas a locais espec\u00edficos em um ambiente familiar. O c\u00e9rebro, que evoluiu para navegar eficientemente no espa\u00e7o, processa e ret\u00e9m naturalmente as informa\u00e7\u00f5es espaciais com grande precis\u00e3o. Ao ancorar os dados tempor\u00e1rios nesses \"locais mentais\" est\u00e1veis, criamos \u00edndices de recupera\u00e7\u00e3o robustos que facilitam grandemente o acesso \u00e0s informa\u00e7\u00f5es armazenadas.<\/p>\n\n            <p>As t\u00e9cnicas de associa\u00e7\u00e3o criativa permitem criar liga\u00e7\u00f5es mnem\u00f4nicas duradouras ao explorar a imagina\u00e7\u00e3o, a emo\u00e7\u00e3o e o humor. O c\u00e9rebro codifica preferencialmente informa\u00e7\u00f5es incomuns, engra\u00e7adas, coloridas ou emocionalmente carregadas, fen\u00f4meno conhecido como efeito de estranheza. Ao transformar conscientemente dados neutros em imagens mentais v\u00edvidas e memor\u00e1veis, facilitamos consideravelmente sua reten\u00e7\u00e3o tempor\u00e1ria e sua recupera\u00e7\u00e3o posterior. Essa transforma\u00e7\u00e3o ativa envolve as regi\u00f5es cerebrais associadas \u00e0 criatividade e \u00e0 emo\u00e7\u00e3o, enriquecendo a codifica\u00e7\u00e3o mnem\u00f4nica por circuitos neuronais m\u00faltiplos.<\/p>\n<div class=\"conseil-card\">\n                <h4>\ud83c\udff0 Construa seu pal\u00e1cio de mem\u00f3ria<\/h4>\n                <p>Comece mapeando mentalmente um lugar que voc\u00ea conhece perfeitamente (sua casa, seu trajeto di\u00e1rio). Identifique 10-20 locais distintos e memor\u00e1veis. Em seguida, associe cada informa\u00e7\u00e3o a ser lembrada a um local espec\u00edfico, criando uma imagem mental v\u00edvida e interativa. Nossos exerc\u00edcios <a href=\"https:\/\/www.dynseo.com\/pt-pt\/coco-pensa-e-coco-se-mexe\/\" style=\"color: var(--bleu-dark); font-weight: 600;\">COCO PENSA<\/a> incluem m\u00f3dulos de treinamento para pal\u00e1cios de mem\u00f3ria adaptativos.<\/p>\n            <\/div>\n\n            <h3>Sistemas de codifica\u00e7\u00e3o alfanum\u00e9rica<\/h3>\n\n            <p>Os sistemas de codifica\u00e7\u00e3o alfanum\u00e9rica transformam n\u00fameros abstratos em palavras concretas e memor\u00e1veis, aproveitando assim a superioridade da mem\u00f3ria verbal e imag\u00e9tica sobre a mem\u00f3ria num\u00e9rica pura. O sistema fon\u00e9tico major, desenvolvido no s\u00e9culo 17 e aperfei\u00e7oado desde ent\u00e3o, associa cada n\u00famero a um ou mais sons consonanticos espec\u00edficos. Essa transforma\u00e7\u00e3o sistem\u00e1tica permite converter qualquer sequ\u00eancia num\u00e9rica em palavras pronunciadas, que podem ent\u00e3o ser organizadas em frases ou hist\u00f3rias memor\u00e1veis.<\/p>\n\n            <div class=\"tip-box\">\n                <div class=\"tip-box-label\">\ud83d\udd22 C\u00f3digo fon\u00e9tico simplificado<\/div>\n                <p>Memorize essas associa\u00e7\u00f5es b\u00e1sicas: 1=T\/D, 2=N, 3=M, 4=R, 5=L, 6=J\/CH, 7=K\/G, 8=F\/V, 9=P\/B, 0=S\/Z. O n\u00famero 1492 se torna \"TaRe MiNe\" ou \"ToRNaDe\". Crie frases: \"A TORNaDe devasta\" para lembrar 1492. Essa t\u00e9cnica melhora drasticamente a reten\u00e7\u00e3o de sequ\u00eancias num\u00e9ricas.<\/p>\n            <\/div>\n\n            <h2>10. Otimiza\u00e7\u00e3o da aten\u00e7\u00e3o e da concentra\u00e7\u00e3o<\/h2>\n\n            <p>A aten\u00e7\u00e3o constitui o guardi\u00e3o da mem\u00f3ria de curto prazo, determinando quais informa\u00e7\u00f5es ser\u00e3o processadas, mantidas e dispon\u00edveis para os processos cognitivos superiores. Sem uma aten\u00e7\u00e3o eficientemente direcionada e sustentada, mesmo as estrat\u00e9gias mnem\u00f4nicas mais sofisticadas perdem sua efic\u00e1cia. A otimiza\u00e7\u00e3o das capacidades atencionais representa, portanto, um pr\u00e9-requisito fundamental para a melhoria da mem\u00f3ria de trabalho. Essa otimiza\u00e7\u00e3o envolve o desenvolvimento de v\u00e1rias componentes atencionais complementares: a aten\u00e7\u00e3o sustentada, a aten\u00e7\u00e3o seletiva, a flexibilidade atencional e o controle inibit\u00f3rio.<\/p>\n\n            <p>A aten\u00e7\u00e3o sustentada, capacidade de manter um foco constante em uma tarefa ou est\u00edmulo por um per\u00edodo prolongado, constitui a base do bom funcionamento da mem\u00f3ria de curto prazo. Essa forma de aten\u00e7\u00e3o depende principalmente das redes neuronais frontoparietais e de sua capacidade de resistir \u00e0s distra\u00e7\u00f5es internas e externas. O treinamento da aten\u00e7\u00e3o sustentada melhora diretamente a estabilidade das representa\u00e7\u00f5es na mem\u00f3ria de trabalho e reduz as interfer\u00eancias que podem corromper ou apagar as informa\u00e7\u00f5es temporariamente armazenadas.<\/p>\n\n            <p>A aten\u00e7\u00e3o seletiva permite filtrar as informa\u00e7\u00f5es relevantes e suprimir os distraidores n\u00e3o relevantes, fun\u00e7\u00e3o crucial em nossos ambientes modernos ricos em estimula\u00e7\u00f5es. Essa capacidade de filtragem atencional determina a qualidade da codifica\u00e7\u00e3o inicial na mem\u00f3ria de curto prazo e influencia diretamente a precis\u00e3o das informa\u00e7\u00f5es dispon\u00edveis para o processamento cognitivo. Um filtragem atencional falha resulta em sobrecarga cognitiva que diminui a efic\u00e1cia da mem\u00f3ria de trabalho e aumenta os erros de processamento.<\/p>\n\n            <div class=\"expert-box\">\n<div class=\"expert-box-label\">\ud83c\udfaf Protocolos atencionais<\/div>\n                <h4 class=\"expert-box-title\">Treinamento da aten\u00e7\u00e3o executiva<\/h4>\n                <p>Nossos protocolos de otimiza\u00e7\u00e3o atencional visam especificamente as redes neurais executivas respons\u00e1veis pelo controle cognitivo e pela mem\u00f3ria de trabalho.<\/p>\n                <div class=\"expert-inner\">\n                    <div class=\"expert-inner-title\">Tarefas de conflito atencional:<\/div>\n                    <ul>\n                        <li>Teste de Stroop adaptativo para a inibi\u00e7\u00e3o cognitiva<\/li>\n                        <li>Tarefas de flanker para a aten\u00e7\u00e3o seletiva<\/li>\n                        <li>Paradigmas de set-shifting para a flexibilidade mental<\/li>\n                        <li>Exerc\u00edcios de atualiza\u00e7\u00e3o cont\u00ednua (tarefas n-back)<\/li>\n                    <\/ul>\n                <\/div>\n                <div class=\"expert-inner\">\n                    <div class=\"expert-inner-title\">Benef\u00edcios medidos ap\u00f3s 4 semanas:<\/div>\n                    <ul>\n                        <li>+22% de estabilidade atencional sustentada<\/li>\n                        <li>+18% de rapidez de desengajamento atencional<\/li>\n                        <li>+15% de resist\u00eancia \u00e0s interfer\u00eancias<\/li>\n                    <\/ul>\n                <\/div>\n            <\/div>\n\n            <h3>Medita\u00e7\u00e3o e plena consci\u00eancia cognitiva<\/h3>\n\n            <p>A medita\u00e7\u00e3o de plena consci\u00eancia representa um treinamento atencional que produz benef\u00edcios cognitivos mensur\u00e1veis e duradouros. Esta pr\u00e1tica desenvolve especificamente a capacidade de manter a aten\u00e7\u00e3o no momento presente enquanto observa sem julgamento as flutua\u00e7\u00f5es mentais. Essas habilidades atencionais se transferem diretamente para as tarefas de mem\u00f3ria de trabalho, melhorando a estabilidade das representa\u00e7\u00f5es mentais e a resist\u00eancia \u00e0s distra\u00e7\u00f5es internas (pensamentos intrusivos, rumina\u00e7\u00f5es).<\/p>\n<div class=\"key-points\">\n                <h4>\ud83e\uddd8\u200d\u2640\ufe0f Programa de plena consci\u00eancia cognitiva<\/h4>\n                <ul>\n                    <li><strong>Semanas 1-2 :<\/strong> Medita\u00e7\u00e3o sobre a respira\u00e7\u00e3o (10-15 min\/dia)<\/li>\n                    <li><strong>Semanas 3-4 :<\/strong> Varredura corporal e aten\u00e7\u00e3o \u00e0s sensa\u00e7\u00f5es<\/li>\n                    <li><strong>Semanas 5-6 :<\/strong> Medita\u00e7\u00e3o dos sons e do ambiente<\/li>\n                    <li><strong>Semanas 7-8 :<\/strong> Plena consci\u00eancia nas atividades di\u00e1rias<\/li>\n                <\/ul>\n            <\/div>\n\n            <h2>11. Adapta\u00e7\u00e3o das estrat\u00e9gias conforme a idade e o perfil cognitivo<\/h2>\n\n            <p>A otimiza\u00e7\u00e3o da mem\u00f3ria de curto prazo deve levar em conta as varia\u00e7\u00f5es interindividuais relacionadas \u00e0 idade, ao perfil cognitivo pessoal e \u00e0s especificidades neurobiol\u00f3gicas de cada indiv\u00edduo. Essas diferen\u00e7as influenciam n\u00e3o apenas as capacidades mn\u00e9sicas b\u00e1sicas, mas tamb\u00e9m a receptividade \u00e0s diferentes estrat\u00e9gias de melhoria e as modalidades de treinamento mais eficazes. Uma abordagem personalizada, baseada em uma avalia\u00e7\u00e3o precisa das for\u00e7as e fraquezas cognitivas individuais, maximiza a efic\u00e1cia das interven\u00e7\u00f5es e otimiza a rela\u00e7\u00e3o tempo investido\/benef\u00edcios obtidos.<\/p>\n\n            <p>O envelhecimento normal \u00e9 acompanhado de modifica\u00e7\u00f5es neurobiol\u00f3gicas que afetam de maneira diferente os componentes da mem\u00f3ria de trabalho. A velocidade de processamento diminui gradualmente, a efic\u00e1cia da filtragem atencional se reduz e a capacidade de inibi\u00e7\u00e3o de informa\u00e7\u00f5es n\u00e3o pertinentes declina. No entanto, algumas capacidades, como a mem\u00f3ria cristalizada e as estrat\u00e9gias compensat\u00f3rias, se mant\u00eam ou at\u00e9 melhoram com a idade. Esses padr\u00f5es de preserva\u00e7\u00e3o e decl\u00ednio orientam a adapta\u00e7\u00e3o das estrat\u00e9gias de treinamento para os adultos idosos, privilegiando as abordagens que capitalizam sobre as for\u00e7as preservadas, enquanto visam especificamente as vulnerabilidades relacionadas \u00e0 idade.<\/p>\n\n            <p>Os perfis cognitivos individuais refletem diferen\u00e7as na organiza\u00e7\u00e3o e na efic\u00e1cia das redes neuronais, influenciando as prefer\u00eancias de processamento da informa\u00e7\u00e3o e a receptividade \u00e0s diferentes modalidades de aprendizagem. Alguns indiv\u00edduos se destacam no processamento visuo-espacial, enquanto outros privilegiam as modalidades verbais-auditivas. Essas diferen\u00e7as, longe de serem simples prefer\u00eancias subjetivas, refletem varia\u00e7\u00f5es na arquitetura neuronal que podem ser exploradas para otimizar as estrat\u00e9gias de memoriza\u00e7\u00e3o personalizadas.<\/p>\n\n            <div class=\"conseil-card\">\n                <h4>\ud83c\udfaf Avalia\u00e7\u00e3o cognitiva personalizada<\/h4>\n                <p>Nossos ferramentas de avalia\u00e7\u00e3o cognitiva integradas em <a href=\"https:\/\/www.dynseo.com\/pt-pt\/coco-pensa-e-coco-se-mexe\/\" style=\"color: var(--bleu-dark); font-weight: 600;\">COCO PENSA<\/a> identificam seu perfil cognitivo \u00fanico ao analisar seu desempenho em m\u00faltiplas tarefas padronizadas. Essa avalia\u00e7\u00e3o gera automaticamente um programa de treinamento personalizado que visa suas necessidades espec\u00edficas, enquanto capitaliza sobre suas for\u00e7as naturais.<\/p>\n            <\/div>\n\n            <h3>Estrat\u00e9gias espec\u00edficas por faixa et\u00e1ria<\/h3>\n\n            <p>A adapta\u00e7\u00e3o das estrat\u00e9gias de melhoria da mem\u00f3ria de curto prazo conforme a idade requer uma compreens\u00e3o detalhada das especificidades desenvolvimentais e dos mecanismos compensat\u00f3rios dispon\u00edveis em cada per\u00edodo da vida. Essa adapta\u00e7\u00e3o n\u00e3o se limita a uma simples redu\u00e7\u00e3o da dificuldade, mas envolve uma reconsidera\u00e7\u00e3o completa das modalidades de treinamento, dos objetivos visados e dos crit\u00e9rios de progress\u00e3o.<\/p>\n<div class=\"tip-box\">\n                <div class=\"tip-box-label\">\ud83d\udc65 Adapta\u00e7\u00e3o por perfil<\/div>\n                <p><strong>Crian\u00e7as\/Adolescentes :<\/strong> Privilegiar a gamifica\u00e7\u00e3o, a aprendizagem pelo erro e os desafios sociais. <strong>Adultos ativos :<\/strong> Integra\u00e7\u00e3o nas atividades profissionais, treinamento intensivo curto. <strong>Idosos :<\/strong> Progress\u00e3o gradual, valoriza\u00e7\u00e3o da experi\u00eancia, abordagens multimodais compensat\u00f3rias.<\/p>\n            <\/div>\n\n            <div class=\"key-points\">\n                <h4>\ud83c\udfa8 Perfis cognitivos e modalidades \u00f3timas<\/h4>\n                <ul>\n                    <li><strong>Perfil visual :<\/strong> Mapas mentais, pal\u00e1cio da mem\u00f3ria, associa\u00e7\u00f5es imag\u00e9ticas<\/li>\n                    <li><strong>Perfil auditivo :<\/strong> Repeti\u00e7\u00e3o r\u00edtmica, associa\u00e7\u00f5es fon\u00e9ticas, narra\u00e7\u00e3o<\/li>\n                    <li><strong>Perfil cinest\u00e9sico :<\/strong> Gestos associados, manipula\u00e7\u00e3o de objetos, movimento<\/li>\n                    <li><strong>Perfil anal\u00edtico :<\/strong> Categoriza\u00e7\u00e3o l\u00f3gica, estruturas hier\u00e1rquicas, padr\u00f5es<\/li>\n                <\/ul>\n            <\/div>\n\n            <div class=\"faq-list\">\n                <div class=\"faq-item\">\n                    <div class=\"faq-q\">\n                        <span>Quanto tempo leva para observar melhorias na mem\u00f3ria a curto prazo?<\/span>\n                        <span class=\"faq-icon\">+<\/span>\n                    <\/div>\n                    <div class=\"faq-a\">\n                        <p>As primeiras melhorias podem ser observadas a partir de 2-3 semanas de treinamento regular, com benef\u00edcios significativos geralmente vis\u00edveis ap\u00f3s 6-8 semanas. As adapta\u00e7\u00f5es neuropl\u00e1sticas maiores se consolidam em 3-6 meses de treinamento consistente. A chave est\u00e1 na regularidade em vez da intensidade excessiva.<\/p>\n                    <\/div>\n                <\/div>\n\n                <div class=\"faq-item\">\n                    <div class=\"faq-q\">\n                        <span>O treinamento cognitivo digital \u00e9 t\u00e3o eficaz quanto os m\u00e9todos tradicionais?<\/span>\n                        <span class=\"faq-icon\">+<\/span>\n                    <\/div>\n<div class=\"faq-a\">\n                        <p>As estudos mostram que os aplicativos de treinamento cognitivo baseados em evid\u00eancias cient\u00edficas, como COCO PENSA, podem ser t\u00e3o eficazes quanto os m\u00e9todos tradicionais, com o\n<script type=\"application\/ld+json\">\n[\n  {\n    \"@context\": \"https:\/\/schema.org\",\n    \"@type\": \"Article\",\n    \"headline\": \"Comment am\u00e9liorer la mem\u00f3ria \u00e0 court terme : strat\u00e9gies et astuces\",\n    \"description\": \"estimula\u00e7\u00e3o cognitiva - Comment am\u00e9liorer la mem\u00f3ria \u00e0 court terme : strat\u00e9gies et astuces. \ud83d\udcc5 Avril 2026 \u23f1\ufe0f 15 min de lec\",\n    \"image\": \"https:\/\/www.dynseo.com\/wp-content\/uploads\/2026\/04\/memoire-court-terme.jpg\",\n    \"datePublished\": \"2026-04-07\",\n    \"dateModified\": \"2026-04-07\",\n    \"author\": {\n      \"@type\": \"Organization\",\n      \"name\": \"DYNSEO\",\n      \"url\": \"https:\/\/www.dynseo.com\"\n    },\n    \"publisher\": {\n      \"@type\": \"Organization\",\n      \"name\": \"DYNSEO\",\n      \"url\": \"https:\/\/www.dynseo.com\",\n      \"logo\": {\n        \"@type\": \"ImageObject\",\n        \"url\": \"https:\/\/www.dynseo.com\/wp-content\/uploads\/logo-dynseo.png\"\n      }\n    },\n    \"aggregateRating\": {\n      \"@type\": \"AggregateRating\",\n      \"ratingValue\": \"4.8\",\n      \"bestRating\": \"5\",\n      \"worstRating\": \"1\",\n      \"ratingCount\": \"47\"\n    },\n    \"mainEntityOfPage\": {\n      \"@type\": \"WebPage\",\n      \"@id\": \"https:\/\/www.dynseo.com\/comment-ameliorer-la-memoire-a-court-terme-strategies-et-astuces\/\"\n    }\n  },\n  {\n    \"@context\": \"https:\/\/schema.org\",\n    \"@type\": \"WebPage\",\n    \"url\": \"https:\/\/www.dynseo.com\/comment-ameliorer-la-memoire-a-court-terme-strategies-et-astuces\/\",\n    \"name\": \"Comment am\u00e9liorer la mem\u00f3ria \u00e0 court terme : strat\u00e9gies et astuces\",\n    \"breadcrumb\": {\n      \"@type\": \"BreadcrumbList\",\n      \"itemListElement\": [\n        {\n          \"@type\": \"ListItem\",\n          \"position\": 1,\n          \"name\": \"Accueil\",\n          \"item\": \"https:\/\/www.dynseo.com\/\"\n        },\n        {\n          \"@type\": \"ListItem\",\n          \"position\": 2,\n          \"name\": \"Blog\",\n          \"item\": \"https:\/\/www.dynseo.com\/blog\/\"\n        },\n        {\n          \"@type\": \"ListItem\",\n          \"position\": 3,\n          \"name\": \"Comment am\u00e9liorer la mem\u00f3ria \u00e0 court terme : strat\u00e9gies et astuces\",\n          \"item\": \"https:\/\/www.dynseo.com\/comment-ameliorer-la-memoire-a-court-terme-strategies-et-astuces\/\"\n        }\n      ]\n    }\n  },\n  {\n    \"@context\": \"https:\/\/schema.org\",\n    \"@type\": \"FAQPage\",\n    \"mainEntity\": [\n      {\n        \"@type\": \"Question\",\n        \"name\": \"Combien de temps faut-il pour observer des am\u00e9liorations de la mem\u00f3ria \u00e0 court terme ?\",\n        \"acceptedAnswer\": {\n          \"@type\": \"Answer\",\n          \"text\": \"Les am\u00e9liorations de la mem\u00f3ria \u00e0 court terme peuvent \u00eatre observ\u00e9es apr\u00e8s quelques semaines d'entra\u00eenement r\u00e9gulier. Cependant, la dur\u00e9e exacte varie selon l'individu, l'intensit\u00e9 de l'entra\u00eenement et les m\u00e9thodes utilis\u00e9es. Une pratique quotidienne de 15 \u00e0 30 minutes peut montrer des r\u00e9sultats significatifs apr\u00e8s 4 \u00e0 6 semaines.\"\n        }\n      },\n      {\n        \"@type\": \"Question\",\n        \"name\": \"L'entra\u00eenement cognitif num\u00e9rique est-il aussi efficace que les m\u00e9thodes traditionnelles ?\",\n        \"acceptedAnswer\": {\n          \"@type\": \"Answer\",\n          \"text\": \"L'entra\u00eenement cognitif num\u00e9rique pr\u00e9sente plusieurs avantages : personnalisation des exercices, suivi des progr\u00e8s en temps r\u00e9el et adaptation automatique de la difficult\u00e9. Les \u00e9tudes montrent une efficacit\u00e9 comparable aux m\u00e9thodes traditionnelles, avec l'avantage suppl\u00e9mentaire de la motivation gr\u00e2ce aux \u00e9l\u00e9ments ludiques et \u00e0 l'accessibilit\u00e9.\"\n        }\n      }\n    ]\n  }\n]\n<\/script>[\/et_pb_code][\/et_pb_column][\/et_pb_row][\/et_pb_section]","_et_gb_content_width":"","footnotes":""},"categories":[2915],"tags":[],"class_list":["post-568982","post","type-post","status-publish","format-standard","has-post-thumbnail","hentry","category-les-conseils-des-coachs"],"yoast_head":"<!-- This site is optimized with the Yoast SEO plugin v27.4 - https:\/\/yoast.com\/product\/yoast-seo-wordpress\/ -->\n<title>Como melhorar a mem\u00f3ria a curto prazo: estrat\u00e9gias e dicas - DYNSEO - Aplica\u00e7\u00f5es educativas e jogos de mem\u00f3ria<\/title>\n<meta name=\"robots\" content=\"index, follow, max-snippet:-1, max-image-preview:large, max-video-preview:-1\" \/>\n<link rel=\"canonical\" href=\"https:\/\/www.dynseo.com\/pt-pt\/como-melhorar-a-memoria-a-curto-prazo-estrategias-e-dicas\/\" \/>\n<meta property=\"og:locale\" content=\"pt_PT\" \/>\n<meta property=\"og:type\" content=\"article\" \/>\n<meta property=\"og:title\" content=\"Como melhorar a mem\u00f3ria a curto prazo: estrat\u00e9gias e dicas - DYNSEO - Aplica\u00e7\u00f5es educativas e jogos de mem\u00f3ria\" \/>\n<meta property=\"og:url\" content=\"https:\/\/www.dynseo.com\/pt-pt\/como-melhorar-a-memoria-a-curto-prazo-estrategias-e-dicas\/\" \/>\n<meta property=\"og:site_name\" content=\"DYNSEO - Aplica\u00e7\u00f5es educativas e jogos de mem\u00f3ria\" \/>\n<meta property=\"article:published_time\" content=\"2026-04-29T00:19:54+00:00\" \/>\n<meta property=\"article:modified_time\" content=\"2026-04-29T00:24:56+00:00\" \/>\n<meta property=\"og:image\" content=\"https:\/\/www.dynseo.com\/wp-content\/uploads\/2025\/09\/abcdhe-113.jpg\" \/>\n\t<meta property=\"og:image:width\" content=\"900\" \/>\n\t<meta property=\"og:image:height\" content=\"540\" \/>\n\t<meta property=\"og:image:type\" content=\"image\/jpeg\" \/>\n<meta name=\"author\" content=\"DYNSEO\" \/>\n<meta name=\"twitter:label1\" content=\"Escrito por\" \/>\n\t<meta name=\"twitter:data1\" content=\"DYNSEO\" \/>\n\t<meta name=\"twitter:label2\" content=\"Tempo estimado de leitura\" \/>\n\t<meta name=\"twitter:data2\" content=\"27 minutos\" \/>\n<script type=\"application\/ld+json\" class=\"yoast-schema-graph\">{\"@context\":\"https:\\\/\\\/schema.org\",\"@graph\":[{\"@type\":\"Article\",\"@id\":\"https:\\\/\\\/www.dynseo.com\\\/pt-pt\\\/como-melhorar-a-memoria-a-curto-prazo-estrategias-e-dicas\\\/#article\",\"isPartOf\":{\"@id\":\"https:\\\/\\\/www.dynseo.com\\\/pt-pt\\\/como-melhorar-a-memoria-a-curto-prazo-estrategias-e-dicas\\\/\"},\"author\":{\"name\":\"DYNSEO\",\"@id\":\"https:\\\/\\\/www.dynseo.com\\\/pt-pt\\\/#\\\/schema\\\/person\\\/78ef63df2ee64e0989bc68f8401b38d6\"},\"headline\":\"Como melhorar a mem\u00f3ria a curto prazo: estrat\u00e9gias e dicas\",\"datePublished\":\"2026-04-29T00:19:54+00:00\",\"dateModified\":\"2026-04-29T00:24:56+00:00\",\"mainEntityOfPage\":{\"@id\":\"https:\\\/\\\/www.dynseo.com\\\/pt-pt\\\/como-melhorar-a-memoria-a-curto-prazo-estrategias-e-dicas\\\/\"},\"wordCount\":5358,\"publisher\":{\"@id\":\"https:\\\/\\\/www.dynseo.com\\\/pt-pt\\\/#organization\"},\"image\":{\"@id\":\"https:\\\/\\\/www.dynseo.com\\\/pt-pt\\\/como-melhorar-a-memoria-a-curto-prazo-estrategias-e-dicas\\\/#primaryimage\"},\"thumbnailUrl\":\"https:\\\/\\\/www.dynseo.com\\\/wp-content\\\/uploads\\\/2025\\\/09\\\/abcdhe-113.jpg\",\"articleSection\":[\"Les conseils des coachs\"],\"inLanguage\":\"pt-PT\"},{\"@type\":\"WebPage\",\"@id\":\"https:\\\/\\\/www.dynseo.com\\\/pt-pt\\\/como-melhorar-a-memoria-a-curto-prazo-estrategias-e-dicas\\\/\",\"url\":\"https:\\\/\\\/www.dynseo.com\\\/pt-pt\\\/como-melhorar-a-memoria-a-curto-prazo-estrategias-e-dicas\\\/\",\"name\":\"Como melhorar a mem\u00f3ria a curto prazo: estrat\u00e9gias e dicas - DYNSEO - Aplica\u00e7\u00f5es educativas e jogos de mem\u00f3ria\",\"isPartOf\":{\"@id\":\"https:\\\/\\\/www.dynseo.com\\\/pt-pt\\\/#website\"},\"primaryImageOfPage\":{\"@id\":\"https:\\\/\\\/www.dynseo.com\\\/pt-pt\\\/como-melhorar-a-memoria-a-curto-prazo-estrategias-e-dicas\\\/#primaryimage\"},\"image\":{\"@id\":\"https:\\\/\\\/www.dynseo.com\\\/pt-pt\\\/como-melhorar-a-memoria-a-curto-prazo-estrategias-e-dicas\\\/#primaryimage\"},\"thumbnailUrl\":\"https:\\\/\\\/www.dynseo.com\\\/wp-content\\\/uploads\\\/2025\\\/09\\\/abcdhe-113.jpg\",\"datePublished\":\"2026-04-29T00:19:54+00:00\",\"dateModified\":\"2026-04-29T00:24:56+00:00\",\"breadcrumb\":{\"@id\":\"https:\\\/\\\/www.dynseo.com\\\/pt-pt\\\/como-melhorar-a-memoria-a-curto-prazo-estrategias-e-dicas\\\/#breadcrumb\"},\"inLanguage\":\"pt-PT\",\"potentialAction\":[{\"@type\":\"ReadAction\",\"target\":[\"https:\\\/\\\/www.dynseo.com\\\/pt-pt\\\/como-melhorar-a-memoria-a-curto-prazo-estrategias-e-dicas\\\/\"]}]},{\"@type\":\"ImageObject\",\"inLanguage\":\"pt-PT\",\"@id\":\"https:\\\/\\\/www.dynseo.com\\\/pt-pt\\\/como-melhorar-a-memoria-a-curto-prazo-estrategias-e-dicas\\\/#primaryimage\",\"url\":\"https:\\\/\\\/www.dynseo.com\\\/wp-content\\\/uploads\\\/2025\\\/09\\\/abcdhe-113.jpg\",\"contentUrl\":\"https:\\\/\\\/www.dynseo.com\\\/wp-content\\\/uploads\\\/2025\\\/09\\\/abcdhe-113.jpg\",\"width\":900,\"height\":540,\"caption\":\"Mantenha seu c\u00e9rebro em forma com exerc\u00edcios divertidos e estimulantes\"},{\"@type\":\"BreadcrumbList\",\"@id\":\"https:\\\/\\\/www.dynseo.com\\\/pt-pt\\\/como-melhorar-a-memoria-a-curto-prazo-estrategias-e-dicas\\\/#breadcrumb\",\"itemListElement\":[{\"@type\":\"ListItem\",\"position\":1,\"name\":\"Accueil\",\"item\":\"https:\\\/\\\/www.dynseo.com\\\/pt-pt\\\/\"},{\"@type\":\"ListItem\",\"position\":2,\"name\":\"Como melhorar a mem\u00f3ria a curto prazo: estrat\u00e9gias e dicas\"}]},{\"@type\":\"WebSite\",\"@id\":\"https:\\\/\\\/www.dynseo.com\\\/pt-pt\\\/#website\",\"url\":\"https:\\\/\\\/www.dynseo.com\\\/pt-pt\\\/\",\"name\":\"Jeux de m\u00e9moire et stimulation cognitive\",\"description\":\"Entra\u00eenez votre m\u00e9moire et votre cerveau avec DYNSEO\",\"publisher\":{\"@id\":\"https:\\\/\\\/www.dynseo.com\\\/pt-pt\\\/#organization\"},\"potentialAction\":[{\"@type\":\"SearchAction\",\"target\":{\"@type\":\"EntryPoint\",\"urlTemplate\":\"https:\\\/\\\/www.dynseo.com\\\/pt-pt\\\/?s={search_term_string}\"},\"query-input\":{\"@type\":\"PropertyValueSpecification\",\"valueRequired\":true,\"valueName\":\"search_term_string\"}}],\"inLanguage\":\"pt-PT\"},{\"@type\":\"Organization\",\"@id\":\"https:\\\/\\\/www.dynseo.com\\\/pt-pt\\\/#organization\",\"name\":\"DYNSEO\",\"url\":\"https:\\\/\\\/www.dynseo.com\\\/pt-pt\\\/\",\"logo\":{\"@type\":\"ImageObject\",\"inLanguage\":\"pt-PT\",\"@id\":\"https:\\\/\\\/www.dynseo.com\\\/pt-pt\\\/#\\\/schema\\\/logo\\\/image\\\/\",\"url\":\"https:\\\/\\\/www.dynseo.com\\\/wp-content\\\/uploads\\\/2022\\\/05\\\/logo-dynseo-new.png\",\"contentUrl\":\"https:\\\/\\\/www.dynseo.com\\\/wp-content\\\/uploads\\\/2022\\\/05\\\/logo-dynseo-new.png\",\"width\":5073,\"height\":1397,\"caption\":\"DYNSEO\"},\"image\":{\"@id\":\"https:\\\/\\\/www.dynseo.com\\\/pt-pt\\\/#\\\/schema\\\/logo\\\/image\\\/\"}},{\"@type\":\"Person\",\"@id\":\"https:\\\/\\\/www.dynseo.com\\\/pt-pt\\\/#\\\/schema\\\/person\\\/78ef63df2ee64e0989bc68f8401b38d6\",\"name\":\"DYNSEO\",\"url\":\"https:\\\/\\\/www.dynseo.com\\\/pt-pt\\\/author\\\/justine\\\/\"}]}<\/script>\n<!-- \/ Yoast SEO plugin. -->","yoast_head_json":{"title":"Como melhorar a mem\u00f3ria a curto prazo: estrat\u00e9gias e dicas - DYNSEO - Aplica\u00e7\u00f5es educativas e jogos de mem\u00f3ria","robots":{"index":"index","follow":"follow","max-snippet":"max-snippet:-1","max-image-preview":"max-image-preview:large","max-video-preview":"max-video-preview:-1"},"canonical":"https:\/\/www.dynseo.com\/pt-pt\/como-melhorar-a-memoria-a-curto-prazo-estrategias-e-dicas\/","og_locale":"pt_PT","og_type":"article","og_title":"Como melhorar a mem\u00f3ria a curto prazo: estrat\u00e9gias e dicas - DYNSEO - Aplica\u00e7\u00f5es educativas e jogos de mem\u00f3ria","og_url":"https:\/\/www.dynseo.com\/pt-pt\/como-melhorar-a-memoria-a-curto-prazo-estrategias-e-dicas\/","og_site_name":"DYNSEO - Aplica\u00e7\u00f5es educativas e jogos de mem\u00f3ria","article_published_time":"2026-04-29T00:19:54+00:00","article_modified_time":"2026-04-29T00:24:56+00:00","og_image":[{"width":900,"height":540,"url":"https:\/\/www.dynseo.com\/wp-content\/uploads\/2025\/09\/abcdhe-113.jpg","type":"image\/jpeg"}],"author":"DYNSEO","twitter_misc":{"Escrito por":"DYNSEO","Tempo estimado de leitura":"27 minutos"},"schema":{"@context":"https:\/\/schema.org","@graph":[{"@type":"Article","@id":"https:\/\/www.dynseo.com\/pt-pt\/como-melhorar-a-memoria-a-curto-prazo-estrategias-e-dicas\/#article","isPartOf":{"@id":"https:\/\/www.dynseo.com\/pt-pt\/como-melhorar-a-memoria-a-curto-prazo-estrategias-e-dicas\/"},"author":{"name":"DYNSEO","@id":"https:\/\/www.dynseo.com\/pt-pt\/#\/schema\/person\/78ef63df2ee64e0989bc68f8401b38d6"},"headline":"Como melhorar a mem\u00f3ria a curto prazo: estrat\u00e9gias e dicas","datePublished":"2026-04-29T00:19:54+00:00","dateModified":"2026-04-29T00:24:56+00:00","mainEntityOfPage":{"@id":"https:\/\/www.dynseo.com\/pt-pt\/como-melhorar-a-memoria-a-curto-prazo-estrategias-e-dicas\/"},"wordCount":5358,"publisher":{"@id":"https:\/\/www.dynseo.com\/pt-pt\/#organization"},"image":{"@id":"https:\/\/www.dynseo.com\/pt-pt\/como-melhorar-a-memoria-a-curto-prazo-estrategias-e-dicas\/#primaryimage"},"thumbnailUrl":"https:\/\/www.dynseo.com\/wp-content\/uploads\/2025\/09\/abcdhe-113.jpg","articleSection":["Les conseils des coachs"],"inLanguage":"pt-PT"},{"@type":"WebPage","@id":"https:\/\/www.dynseo.com\/pt-pt\/como-melhorar-a-memoria-a-curto-prazo-estrategias-e-dicas\/","url":"https:\/\/www.dynseo.com\/pt-pt\/como-melhorar-a-memoria-a-curto-prazo-estrategias-e-dicas\/","name":"Como melhorar a mem\u00f3ria a curto prazo: estrat\u00e9gias e dicas - DYNSEO - Aplica\u00e7\u00f5es educativas e jogos de mem\u00f3ria","isPartOf":{"@id":"https:\/\/www.dynseo.com\/pt-pt\/#website"},"primaryImageOfPage":{"@id":"https:\/\/www.dynseo.com\/pt-pt\/como-melhorar-a-memoria-a-curto-prazo-estrategias-e-dicas\/#primaryimage"},"image":{"@id":"https:\/\/www.dynseo.com\/pt-pt\/como-melhorar-a-memoria-a-curto-prazo-estrategias-e-dicas\/#primaryimage"},"thumbnailUrl":"https:\/\/www.dynseo.com\/wp-content\/uploads\/2025\/09\/abcdhe-113.jpg","datePublished":"2026-04-29T00:19:54+00:00","dateModified":"2026-04-29T00:24:56+00:00","breadcrumb":{"@id":"https:\/\/www.dynseo.com\/pt-pt\/como-melhorar-a-memoria-a-curto-prazo-estrategias-e-dicas\/#breadcrumb"},"inLanguage":"pt-PT","potentialAction":[{"@type":"ReadAction","target":["https:\/\/www.dynseo.com\/pt-pt\/como-melhorar-a-memoria-a-curto-prazo-estrategias-e-dicas\/"]}]},{"@type":"ImageObject","inLanguage":"pt-PT","@id":"https:\/\/www.dynseo.com\/pt-pt\/como-melhorar-a-memoria-a-curto-prazo-estrategias-e-dicas\/#primaryimage","url":"https:\/\/www.dynseo.com\/wp-content\/uploads\/2025\/09\/abcdhe-113.jpg","contentUrl":"https:\/\/www.dynseo.com\/wp-content\/uploads\/2025\/09\/abcdhe-113.jpg","width":900,"height":540,"caption":"Mantenha seu c\u00e9rebro em forma com exerc\u00edcios divertidos e estimulantes"},{"@type":"BreadcrumbList","@id":"https:\/\/www.dynseo.com\/pt-pt\/como-melhorar-a-memoria-a-curto-prazo-estrategias-e-dicas\/#breadcrumb","itemListElement":[{"@type":"ListItem","position":1,"name":"Accueil","item":"https:\/\/www.dynseo.com\/pt-pt\/"},{"@type":"ListItem","position":2,"name":"Como melhorar a mem\u00f3ria a curto prazo: estrat\u00e9gias e dicas"}]},{"@type":"WebSite","@id":"https:\/\/www.dynseo.com\/pt-pt\/#website","url":"https:\/\/www.dynseo.com\/pt-pt\/","name":"Jeux de m\u00e9moire et stimulation cognitive","description":"Entra\u00eenez votre m\u00e9moire et votre cerveau avec DYNSEO","publisher":{"@id":"https:\/\/www.dynseo.com\/pt-pt\/#organization"},"potentialAction":[{"@type":"SearchAction","target":{"@type":"EntryPoint","urlTemplate":"https:\/\/www.dynseo.com\/pt-pt\/?s={search_term_string}"},"query-input":{"@type":"PropertyValueSpecification","valueRequired":true,"valueName":"search_term_string"}}],"inLanguage":"pt-PT"},{"@type":"Organization","@id":"https:\/\/www.dynseo.com\/pt-pt\/#organization","name":"DYNSEO","url":"https:\/\/www.dynseo.com\/pt-pt\/","logo":{"@type":"ImageObject","inLanguage":"pt-PT","@id":"https:\/\/www.dynseo.com\/pt-pt\/#\/schema\/logo\/image\/","url":"https:\/\/www.dynseo.com\/wp-content\/uploads\/2022\/05\/logo-dynseo-new.png","contentUrl":"https:\/\/www.dynseo.com\/wp-content\/uploads\/2022\/05\/logo-dynseo-new.png","width":5073,"height":1397,"caption":"DYNSEO"},"image":{"@id":"https:\/\/www.dynseo.com\/pt-pt\/#\/schema\/logo\/image\/"}},{"@type":"Person","@id":"https:\/\/www.dynseo.com\/pt-pt\/#\/schema\/person\/78ef63df2ee64e0989bc68f8401b38d6","name":"DYNSEO","url":"https:\/\/www.dynseo.com\/pt-pt\/author\/justine\/"}]}},"_links":{"self":[{"href":"https:\/\/www.dynseo.com\/pt-pt\/wp-json\/wp\/v2\/posts\/568982","targetHints":{"allow":["GET"]}}],"collection":[{"href":"https:\/\/www.dynseo.com\/pt-pt\/wp-json\/wp\/v2\/posts"}],"about":[{"href":"https:\/\/www.dynseo.com\/pt-pt\/wp-json\/wp\/v2\/types\/post"}],"author":[{"embeddable":true,"href":"https:\/\/www.dynseo.com\/pt-pt\/wp-json\/wp\/v2\/users\/4"}],"replies":[{"embeddable":true,"href":"https:\/\/www.dynseo.com\/pt-pt\/wp-json\/wp\/v2\/comments?post=568982"}],"version-history":[{"count":17,"href":"https:\/\/www.dynseo.com\/pt-pt\/wp-json\/wp\/v2\/posts\/568982\/revisions"}],"predecessor-version":[{"id":568999,"href":"https:\/\/www.dynseo.com\/pt-pt\/wp-json\/wp\/v2\/posts\/568982\/revisions\/568999"}],"wp:featuredmedia":[{"embeddable":true,"href":"https:\/\/www.dynseo.com\/pt-pt\/wp-json\/wp\/v2\/media\/412655"}],"wp:attachment":[{"href":"https:\/\/www.dynseo.com\/pt-pt\/wp-json\/wp\/v2\/media?parent=568982"}],"wp:term":[{"taxonomy":"category","embeddable":true,"href":"https:\/\/www.dynseo.com\/pt-pt\/wp-json\/wp\/v2\/categories?post=568982"},{"taxonomy":"post_tag","embeddable":true,"href":"https:\/\/www.dynseo.com\/pt-pt\/wp-json\/wp\/v2\/tags?post=568982"}],"curies":[{"name":"wp","href":"https:\/\/api.w.org\/{rel}","templated":true}]}}