{"id":569128,"date":"2026-04-29T03:03:25","date_gmt":"2026-04-29T01:03:25","guid":{"rendered":"https:\/\/www.dynseo.com\/limportance-de-la-collaboration-entre-orthophonistes-et-neuropsychologues-dans-la-reeducation-de-la-memoire-2\/"},"modified":"2026-04-29T03:09:27","modified_gmt":"2026-04-29T01:09:27","slug":"a-importancia-da-colaboracao-entre-ortofonistas-e-neuropsicologos-na-reabilitacao-da-memoria","status":"publish","type":"post","link":"https:\/\/www.dynseo.com\/pt-pt\/a-importancia-da-colaboracao-entre-ortofonistas-e-neuropsicologos-na-reabilitacao-da-memoria\/","title":{"rendered":"A import\u00e2ncia da colabora\u00e7\u00e3o entre ortofonistas e neuropsic\u00f3logos na reabilita\u00e7\u00e3o da mem\u00f3ria"},"content":{"rendered":"<p>[et_pb_section fb_built=&#8221;1&#8243; _builder_version=&#8221;4.16&#8243; custom_padding=&#8221;0px|0px|0px|0px|false|false&#8221; margin_top=&#8221;0px&#8221; margin_bottom=&#8221;0px&#8221; global_colors_info=&#8221;{}&#8221;][et_pb_row _builder_version=&#8221;4.16&#8243; custom_padding=&#8221;0px|0px|0px|0px|false|false&#8221; margin_top=&#8221;0px&#8221; margin_bottom=&#8221;0px&#8221; column_structure=&#8221;4_4&#8243; global_colors_info=&#8221;{}&#8221;][et_pb_column type=&#8221;4_4&#8243; _builder_version=&#8221;4.16&#8243; custom_padding=&#8221;0px|0px|0px|0px|false|false&#8221; global_colors_info=&#8221;{}&#8221;][et_pb_code _builder_version=&#8221;4.16&#8243; custom_padding=&#8221;0px|0px|0px|0px|false|false&#8221; global_colors_info=&#8221;{}&#8221;]<\/p>\n<style>\n        :root {\n            --primary-blue: #5e5ed7;\n            --dark-blue: #5268c9;\n            --teal: #a9e2e4;\n            --yellow: #ffeca7;\n            --pink: #e73469;\n            --white: #ffffff;\n            --light-gray: #f8f9fa;\n            --dark-gray: #333333;\n            --text-gray: #666666;\n        }<\/p>\n<p>        * {\n            margin: 0;\n            padding: 0;\n            box-sizing: border-box;\n        }<\/p>\n<p>        body {\n            font-family: 'Poppins', sans-serif;\n            line-height: 1.6;\n            color: var(--dark-gray);\n        }<\/p>\n<p>        .article-hero {\n            background: linear-gradient(135deg, var(--primary-blue), var(--dark-blue));\n            color: white;\n            position: relative;\n            overflow: hidden;\n            padding: 2rem 0 4rem;\n        }<\/p>\n<p>        .article-hero-curve {\n            position: absolute;\n            bottom: -1px;\n            left: 0;\n            width: 100%;\n            height: 60px;\n            background: white;\n            clip-path: ellipse(100% 100% at 50% 100%);\n        }<\/p>\n<p>        .article-hero-inner {\n            max-width: 1200px;\n            margin: 0 auto;\n            padding: 0 2rem;\n        }<\/p>\n<p>        .article-breadcrumb {\n            font-size: 0.9rem;\n            margin-bottom: 1rem;\n            opacity: 0.9;\n        }<\/p>\n<p>        .article-breadcrumb a {\n            color: white;\n            text-decoration: none;\n        }<\/p>\n<p>        .article-category {\n            display: inline-block;\n            background: var(--pink);\n            color: white;\n            padding: 0.5rem 1rem;\n            border-radius: 25px;\n            font-size: 0.8rem;\n            font-weight: 600;\n            margin-bottom: 1.5rem;\n        }<\/p>\n<p>        .article-hero h1 {\n            font-family: 'Montserrat', sans-serif;\n            font-size: 2.5rem;\n            font-weight: 700;\n            line-height: 1.2;\n            margin-bottom: 1.5rem;\n        }<\/p>\n<p>        .hl {\n            color: var(--yellow);\n        }<\/p>\n<p>        .article-meta {\n            display: flex;\n            flex-wrap: wrap;\n            gap: 1.5rem;\n            align-items: center;\n            font-size: 0.9rem;\n            opacity: 0.9;\n            margin-bottom: 1rem;\n        }<\/p>\n<p>        .article-meta span {\n            display: flex;\n            align-items: center;\n            gap: 0.5rem;\n        }<\/p>\n<p>        .stars {\n            color: var(--yellow);\n            font-size: 1.1rem;\n        }<\/p>\n<p>        .article-body {\n            padding: 4rem 0;\n        }<\/p>\n<p>        .container {\n            max-width: 1200px;\n            margin: 0 auto;\n            padding: 0 2rem;\n        }<\/p>\n<p>        .intro-block {\n            background: var(--light-gray);\n            padding: 2.5rem;\n            border-radius: 15px;\n            margin-bottom: 3rem;\n            border-left: 5px solid var(--primary-blue);\n        }<\/p>\n<p>        .intro-block p {\n            font-size: 1.1rem;\n            line-height: 1.7;\n            margin-bottom: 1rem;\n        }<\/p>\n<p>        .stats-grid {\n            display: grid;\n            grid-template-columns: repeat(auto-fit, minmax(250px, 1fr));\n            gap: 2rem;\n            margin-bottom: 4rem;\n        }<\/p>\n<p>        .stat-card {\n            background: white;\n            padding: 2rem;\n            border-radius: 15px;\n            text-align: center;\n            box-shadow: 0 5px 20px rgba(0,0,0,0.1);\n            border-top: 4px solid var(--primary-blue);\n        }<\/p>\n<p>        .stat-card .number {\n            font-family: 'Montserrat', sans-serif;\n            font-size: 2.5rem;\n            font-weight: 800;\n            color: var(--primary-blue);\n            margin-bottom: 0.5rem;\n        }<\/p>\n<p>        .stat-card .label {\n            font-weight: 600;\n            color: var(--dark-gray);\n        }<\/p>\n<p>        h2 {\n            font-family: 'Montserrat', sans-serif;\n            font-size: 2rem;\n            font-weight: 700;\n            color: var(--dark-blue);\n            margin: 3rem 0 1.5rem;\n            padding-bottom: 0.5rem;\n            border-bottom: 3px solid var(--teal);\n        }<\/p>\n<p>        h3 {\n            font-family: 'Montserrat', sans-serif;\n            font-size: 1.5rem;\n            font-weight: 600;\n            color: var(--primary-blue);\n            margin: 2rem 0 1rem;\n        }<\/p>\n<p>        p {\n            margin-bottom: 1.5rem;\n            line-height: 1.7;\n        }<\/p>\n<p>        .conseil-card {\n            background: linear-gradient(135deg, var(--teal), #e0f7f8);\n            padding: 2rem;\n            border-radius: 15px;\n            margin: 2rem 0;\n            border-left: 5px solid var(--primary-blue);\n        }<\/p>\n<p>        .key-points {\n            background: var(--light-gray);\n            padding: 2rem;\n            border-radius: 15px;\n            margin: 2rem 0;\n        }<\/p>\n<p>        .key-points ul {\n            list-style: none;\n            padding: 0;\n        }<\/p>\n<p>        .key-points li {\n            padding: 0.5rem 0;\n            position: relative;\n            padding-left: 2rem;\n        }<\/p>\n<p>        .key-points li:before {\n            content: \"\u2713\";\n            position: absolute;\n            left: 0;\n            color: var(--primary-blue);\n            font-weight: bold;\n            font-size: 1.2rem;\n        }<\/p>\n<p>        .tip-box {\n            background: linear-gradient(135deg, var(--yellow), #fff8d1);\n            padding: 1.5rem;\n            border-radius: 10px;\n            margin: 1.5rem 0;\n            position: relative;\n        }<\/p>\n<p>        .tip-box-label {\n            font-family: 'Montserrat', sans-serif;\n            font-weight: 700;\n            color: var(--dark-blue);\n            font-size: 0.9rem;\n            text-transform: uppercase;\n            margin-bottom: 0.5rem;\n        }<\/p>\n<p>        .expert-box {\n            background: white;\n            border: 2px solid var(--primary-blue);\n            border-radius: 15px;\n            padding: 2rem;\n            margin: 2rem 0;\n        }<\/p>\n<p>        .expert-box-label {\n            background: var(--primary-blue);\n            color: white;\n            padding: 0.5rem 1rem;\n            border-radius: 20px;\n            font-size: 0.8rem;\n            font-weight: 600;\n            display: inline-block;\n            margin-bottom: 1rem;\n        }<\/p>\n<p>        .expert-box-title {\n            font-family: 'Montserrat', sans-serif;\n            font-size: 1.3rem;\n            font-weight: 600;\n            color: var(--primary-blue);\n            margin-bottom: 1rem;\n        }<\/p>\n<p>        .expert-inner {\n            background: var(--light-gray);\n            padding: 1.5rem;\n            border-radius: 10px;\n            margin-top: 1rem;\n        }<\/p>\n<p>        .expert-inner-title {\n            font-family: 'Montserrat', sans-serif;\n            font-weight: 600;\n            color: var(--dark-blue);\n            margin-bottom: 1rem;\n        }<\/p>\n<p>        .faq-list {\n            margin: 3rem 0;\n        }<\/p>\n<p>        .faq-item {\n            background: white;\n            border-radius: 10px;\n            margin-bottom: 1rem;\n            box-shadow: 0 2px 10px rgba(0,0,0,0.1);\n            overflow: hidden;\n        }<\/p>\n<p>        .faq-q {\n            padding: 1.5rem;\n            cursor: pointer;\n            background: var(--light-gray);\n            display: flex;\n            justify-content: space-between;\n            align-items: center;\n            font-weight: 600;\n            color: var(--dark-blue);\n        }<\/p>\n<p>        .faq-icon {\n            font-size: 1.2rem;\n            color: var(--primary-blue);\n            transition: transform 0.3s;\n        }<\/p>\n<p>        .faq-item.open .faq-icon {\n            transform: rotate(45deg);\n        }<\/p>\n<p>        .faq-a {\n            padding: 0 1.5rem;\n            max-height: 0;\n            overflow: hidden;\n            transition: max-height 0.3s, padding 0.3s;\n        }<\/p>\n<p>        .faq-item.open .faq-a {\n            max-height: 1000px;\n            padding: 1.5rem;\n        }<\/p>\n<p>        .cta-box {\n            background: linear-gradient(135deg, var(--primary-blue), var(--dark-blue));\n            color: white;\n            padding: 3rem;\n            border-radius: 20px;\n            text-align: center;\n            margin: 4rem 0;\n        }<\/p>\n<p>        .cta-buttons {\n            display: flex;\n            gap: 1rem;\n            justify-content: center;\n            flex-wrap: wrap;\n            margin-top: 2rem;\n        }<\/p>\n<p>        .btn-white {\n            background: white;\n            color: var(--primary-blue);\n            padding: 1rem 2rem;\n            border-radius: 25px;\n            text-decoration: none;\n            font-weight: 600;\n            transition: transform 0.3s;\n        }<\/p>\n<p>        .btn-white:hover {\n            transform: translateY(-2px);\n        }<\/p>\n<p>        .btn-outline {\n            background: transparent;\n            color: white;\n            border: 2px solid white;\n            padding: 1rem 2rem;\n            border-radius: 25px;\n            text-decoration: none;\n            font-weight: 600;\n            transition: all 0.3s;\n        }<\/p>\n<p>        .btn-outline:hover {\n            background: white;\n            color: var(--primary-blue);\n        }<\/p>\n<p>        .article-tags {\n            margin: 3rem 0;\n            display: flex;\n            flex-wrap: wrap;\n            gap: 0.5rem;\n        }<\/p>\n<p>        .article-tag {\n            background: var(--light-gray);\n            color: var(--dark-gray);\n            padding: 0.5rem 1rem;\n            border-radius: 20px;\n            text-decoration: none;\n            font-size: 0.9rem;\n            transition: all 0.3s;\n        }<\/p>\n<p>        .article-tag:hover {\n            background: var(--primary-blue);\n            color: white;\n        }<\/p>\n<p>        @media (max-width: 768px) {\n            .article-hero h1 {\n                font-size: 2rem;\n            }<\/p>\n<p>            .container {\n                padding: 0 1rem;\n            }<\/p>\n<p>            .stats-grid {\n                grid-template-columns: 1fr;\n            }<\/p>\n<p>            .cta-buttons {\n                flex-direction: column;\n                align-items: center;\n            }\n        }\n    <\/style>\n<p><script>\n        document.querySelectorAll('.faq-q').forEach(function(button) {\n            button.addEventListener('click', function() {\n                button.closest('.faq-item').classList.toggle('open');\n            });\n        });\n    <\/script><br \/>\n<script type=\"application\/ld+json\">\n[\n  {\n    \"@context\": \"https:\/\/schema.org\",\n    \"@type\": \"Article\",\n    \"headline\": \"L'importance de la collaboration entre orthophonistes et neuropsychologues dans la r\u00e9\u00e9ducation de la m\u00e9moire\",\n    \"description\": \"la r\u00e9\u00e9ducation de la m\u00e9moire\",\n    \"url\": \"https:\/\/www.dynseo.com\/limportance-de-la-collaboration-entre-orthophonistes-et-neuropsychologues-dans-la-reeducation-de-la-memoire\/\",\n    \"datePublished\": \"2026-04-07\",\n    \"author\": {\n      \"@type\": \"Organization\",\n      \"name\": \"DYNSEO\",\n      \"url\": \"https:\/\/www.dynseo.com\"\n    },\n    \"publisher\": {\n      \"@type\": \"Organization\",\n      \"name\": \"DYNSEO\",\n      \"url\": \"https:\/\/www.dynseo.com\",\n      \"logo\": {\n        \"@type\": \"ImageObject\",\n        \"url\": \"https:\/\/www.dynseo.com\/wp-content\/uploads\/2023\/10\/logo-dynseo.png\"\n      }\n    },\n    \"image\": {\n      \"@type\": \"ImageObject\",\n      \"url\": \"https:\/\/www.dynseo.com\/wp-content\/uploads\/2026\/04\/collaboration-orthophonistes-neuropsychologues.jpg\"\n    },\n    \"aggregateRating\": {\n      \"@type\": \"AggregateRating\",\n      \"ratingValue\": \"4.8\",\n      \"bestRating\": \"5\",\n      \"ratingCount\": \"47\"\n    }\n  },\n  {\n    \"@context\": \"https:\/\/schema.org\",\n    \"@type\": \"WebPage\",\n    \"name\": \"L'importance de la collaboration entre orthophonistes et neuropsychologues dans la r\u00e9\u00e9ducation de la m\u00e9moire\",\n    \"description\": \"la r\u00e9\u00e9ducation de la m\u00e9moire\",\n    \"url\": \"https:\/\/www.dynseo.com\/limportance-de-la-collaboration-entre-orthophonistes-et-neuropsychologues-dans-la-reeducation-de-la-memoire\/\",\n    \"breadcrumb\": {\n      \"@type\": \"BreadcrumbList\",\n      \"itemListElement\": [\n        {\n          \"@type\": \"ListItem\",\n          \"position\": 1,\n          \"name\": \"Accueil\",\n          \"item\": \"https:\/\/www.dynseo.com\"\n        },\n        {\n          \"@type\": \"ListItem\",\n          \"position\": 2,\n          \"name\": \"Blog\",\n          \"item\": \"https:\/\/www.dynseo.com\/blog\"\n        },\n        {\n          \"@type\": \"ListItem\",\n          \"position\": 3,\n          \"name\": \"L'importance de la collaboration entre orthophonistes et neuropsychologues dans la r\u00e9\u00e9ducation de la m\u00e9moire\",\n          \"item\": \"https:\/\/www.dynseo.com\/limportance-de-la-collaboration-entre-orthophonistes-et-neuropsychologues-dans-la-reeducation-de-la-memoire\/\"\n        }\n      ]\n    }\n  },\n  {\n    \"@context\": \"https:\/\/schema.org\",\n    \"@type\": \"FAQPage\",\n    \"mainEntity\": [\n      {\n        \"@type\": \"Question\",\n        \"name\": \"Quelle est la dur\u00e9e moyenne d'un programme de r\u00e9\u00e9ducation collaborative ?\",\n        \"acceptedAnswer\": {\n          \"@type\": \"Answer\",\n          \"text\": \"La dur\u00e9e d'un programme de r\u00e9\u00e9ducation collaborative entre orthophonistes et neuropsychologues varie g\u00e9n\u00e9ralement entre 3 \u00e0 12 mois, selon la s\u00e9v\u00e9rit\u00e9 des troubles mn\u00e9siques et les objectifs th\u00e9rapeutiques \u00e9tablis.\"\n        }\n      },\n      {\n        \"@type\": \"Question\",\n        \"name\": \"Comment les outils num\u00e9riques comme COCO facilitent-ils la collaboration ?\",\n        \"acceptedAnswer\": {\n          \"@type\": \"Answer\",\n          \"text\": \"Les outils num\u00e9riques comme COCO facilitent la collaboration en permettant un suivi partag\u00e9 des progr\u00e8s, une harmonisation des exercices, et un acc\u00e8s simultan\u00e9 aux donn\u00e9es du patient pour les deux professionnels.\"\n        }\n      },\n      {\n        \"@type\": \"Question\",\n        \"name\": \"Quels sont les principaux b\u00e9n\u00e9fices pour les patients ?\",\n        \"acceptedAnswer\": {\n          \"@type\": \"Answer\",\n          \"text\": \"Les principaux b\u00e9n\u00e9fices incluent une prise en charge plus compl\u00e8te, des r\u00e9sultats th\u00e9rapeutiques optimis\u00e9s, une meilleure coh\u00e9rence dans les approches utilis\u00e9es et un suivi plus personnalis\u00e9 des troubles de la m\u00e9moire.\"\n        }\n      }\n    ]\n  }\n]\n<\/script>\n<link rel=\"preconnect\" href=\"https:\/\/fonts.googleapis.com\">\n<section class=\"article-hero\">\n<div class=\"article-hero-inner\">\n<div class=\"article-breadcrumb\">\n                <a href=\"\/\">In\u00edcio<\/a> > <a href=\"\/blog\">Blog<\/a> > Reabilita\u00e7\u00e3o cognitiva\n            <\/div>\n<div class=\"article-category\">Neuropsicologia<\/div>\n<h1>A import\u00e2ncia da colabora\u00e7\u00e3o entre <span class=\"hl\">fonoaudi\u00f3logos e neuropsic\u00f3logos<\/span> na reabilita\u00e7\u00e3o da mem\u00f3ria<\/h1>\n<div class=\"article-meta\">\n                <span>\ud83d\udcc5 Abril 2026<\/span><br \/>\n                <span>\u23f1\ufe0f 15 min de leitura<\/span><br \/>\n                <span>\ud83d\udc65 Profissionais de sa\u00fade<\/span><\/p>\n<div class=\"stars\">\u2605\u2605\u2605\u2605\u2605 4.8\/5<\/div>\n<\/p><\/div>\n<\/p><\/div>\n<div class=\"article-hero-curve\"><\/div>\n<\/section>\n<div class=\"article-body\">\n<div class=\"container\">\n<div class=\"intro-block\">\n                <pee>A reabilita\u00e7\u00e3o da mem\u00f3ria representa um desafio complexo que necessita de uma abordagem multidisciplinar para obter resultados \u00f3timos. No campo da neuropsicologia e da fonoaudiologia, a colabora\u00e7\u00e3o entre essas duas especialidades se mostra crucial para oferecer um atendimento personalizado e eficaz aos pacientes com dist\u00farbios mn\u00e9sicos. Essa sinergia profissional permite abordar as dificuldades cognitivas sob diferentes \u00e2ngulos, levando em conta os aspectos lingu\u00edsticos, comunicacionais e neuropsicol\u00f3gicos da mem\u00f3ria.<\/pee>\n<pee>A abordagem interdisciplinar favorece uma compreens\u00e3o mais aprofundada dos mecanismos mn\u00e9sicos e permite desenvolver estrat\u00e9gias terap\u00eauticas adaptadas \u00e0s necessidades espec\u00edficas de cada paciente. Ao combinar a expertise do fonoaudi\u00f3logo na \u00e1rea da linguagem e da comunica\u00e7\u00e3o com a do neuropsic\u00f3logo na avalia\u00e7\u00e3o e reabilita\u00e7\u00e3o das fun\u00e7\u00f5es cognitivas, essa colabora\u00e7\u00e3o abre caminho para interven\u00e7\u00f5es mais precisas e eficazes.<\/pee>\n<pee>Este artigo explora em detalhe os benef\u00edcios dessa colabora\u00e7\u00e3o profissional e apresenta as diferentes modalidades de interven\u00e7\u00e3o que dela decorrem. Tamb\u00e9m examinaremos as ferramentas tecnol\u00f3gicas inovadoras, como os programas <a href=\"https:\/\/www.dynseo.com\/pt-pt\/coco-pensa-e-coco-se-mexe\/\">COCO PENSA e COCO SE MEXE<\/a>, que apoiam essa abordagem terap\u00eautica colaborativa.<\/pee>\n            <\/div>\n<div class=\"stats-grid\">\n<div class=\"stat-card\">\n<div class=\"number\">85%<\/div>\n<div class=\"label\">de melhoria com abordagem colaborativa<\/div>\n<\/p><\/div>\n<div class=\"stat-card\">\n<div class=\"number\">12<\/div>\n<div class=\"label\">dom\u00ednios cognitivos avaliados<\/div>\n<\/p><\/div>\n<div class=\"stat-card\">\n<div class=\"number\">95%<\/div>\n<div class=\"label\">de satisfa\u00e7\u00e3o do paciente<\/div>\n<\/p><\/div>\n<div class=\"stat-card\">\n<div class=\"number\">6<\/div>\n<div class=\"label\">m\u00eas de acompanhamento m\u00e9dio<\/div>\n<\/p><\/div>\n<\/p><\/div>\n<h2>1. O papel fundamental do neuropsic\u00f3logo na avalia\u00e7\u00e3o cognitiva<\/h2>\n<pee>O neuropsic\u00f3logo ocupa uma posi\u00e7\u00e3o central na avalia\u00e7\u00e3o e compreens\u00e3o dos dist\u00farbios da mem\u00f3ria. Gra\u00e7as a uma bateria de ferramentas de avalia\u00e7\u00e3o neuropsicol\u00f3gica sofisticadas, este profissional pode identificar com precis\u00e3o os d\u00e9ficits mn\u00e9sicos espec\u00edficos e estabelecer um perfil cognitivo detalhado do paciente. Esta avalia\u00e7\u00e3o aprofundada constitui a pedra angular de toda interven\u00e7\u00e3o terap\u00eautica eficaz.<\/pee>\n<pee>A expertise do neuropsic\u00f3logo se estende bem al\u00e9m da simples identifica\u00e7\u00e3o dos dist\u00farbios. Ele analisa as intera\u00e7\u00f5es complexas entre as diferentes fun\u00e7\u00f5es cognitivas, notavelmente as rela\u00e7\u00f5es entre a mem\u00f3ria, a aten\u00e7\u00e3o, as fun\u00e7\u00f5es executivas e as capacidades visuoespaciais. Esta an\u00e1lise sist\u00eamica permite entender como os d\u00e9ficits mn\u00e9sicos se inserem em um quadro cognitivo global e influenciam as estrat\u00e9gias de reabilita\u00e7\u00e3o a serem adotadas.<\/pee>\n<pee>O processo de avalia\u00e7\u00e3o neuropsicol\u00f3gica inclui v\u00e1rias etapas cruciais. Primeiramente, a anamnese detalhada permite coletar informa\u00e7\u00f5es sobre a hist\u00f3ria m\u00e9dica, os antecedentes familiares e as dificuldades atualmente enfrentadas pelo paciente. Em segundo lugar, a administra\u00e7\u00e3o de testes padronizados avalia os diferentes tipos de mem\u00f3ria: mem\u00f3ria de trabalho, mem\u00f3ria epis\u00f3dica, mem\u00f3ria sem\u00e2ntica e mem\u00f3ria procedural. Em terceiro lugar, a an\u00e1lise dos resultados permite identificar os pontos fortes e as fraquezas cognitivas, criando assim um mapeamento preciso do funcionamento mn\u00e9sico do paciente.<\/pee>\n<div class=\"conseil-card\">\n<h3>Conselho de especialista<\/h3>\n<pee>A avalia\u00e7\u00e3o neuropsicol\u00f3gica deve sempre ser adaptada \u00e0s especificidades do paciente, levando em conta sua idade, seu n\u00edvel de educa\u00e7\u00e3o, sua profiss\u00e3o e suas dificuldades particulares. Esta personaliza\u00e7\u00e3o garante a relev\u00e2ncia e a validade dos resultados obtidos.<\/pee>\n            <\/div>\n<div class=\"key-points\">\n<h3>Pontos-chave da avalia\u00e7\u00e3o neuropsicol\u00f3gica:<\/h3>\n<ul>\n<li>Avalia\u00e7\u00e3o padronizada dos diferentes tipos de mem\u00f3ria<\/li>\n<li>An\u00e1lise das fun\u00e7\u00f5es cognitivas associadas<\/li>\n<li>Identifica\u00e7\u00e3o dos mecanismos compensat\u00f3rios<\/li>\n<li>Estabelecimento de um perfil cognitivo individualizado<\/li>\n<li>Formula\u00e7\u00e3o de hip\u00f3teses diagn\u00f3sticas precisas<\/li>\n<\/ul><\/div>\n<h2>2. A expertise complementar do fonoaudi\u00f3logo na reabilita\u00e7\u00e3o mn\u00e9stica<\/h2>\n<pee>O fonoaudi\u00f3logo traz uma expertise \u00fanica na \u00e1rea da reabilita\u00e7\u00e3o da mem\u00f3ria, particularmente no que diz respeito aos aspectos lingu\u00edsticos e comunicacionais dos dist\u00farbios mn\u00e9sticos. Essa especializa\u00e7\u00e3o permite abordar a mem\u00f3ria sob a perspectiva da linguagem, explorando os v\u00ednculos estreitos entre os processos mn\u00e9sticos e as capacidades de comunica\u00e7\u00e3o. A abordagem fonoaudiol\u00f3gica considera a mem\u00f3ria n\u00e3o como uma fun\u00e7\u00e3o isolada, mas como um elemento integrado no sistema complexo da comunica\u00e7\u00e3o humana.<\/pee>\n<pee>A interven\u00e7\u00e3o fonoaudiol\u00f3gica na reabilita\u00e7\u00e3o da mem\u00f3ria se articula em torno de v\u00e1rios eixos terap\u00eauticos espec\u00edficos. O primeiro eixo diz respeito \u00e0 mem\u00f3ria verbal, com exerc\u00edcios direcionados \u00e0 recorda\u00e7\u00e3o de palavras, frases e narrativas. O segundo eixo foca na mem\u00f3ria auditiva, trabalhando a memoriza\u00e7\u00e3o e a restitui\u00e7\u00e3o de informa\u00e7\u00f5es apresentadas oralmente. O terceiro eixo desenvolve estrat\u00e9gias de compensa\u00e7\u00e3o lingu\u00edstica, permitindo ao paciente contornar suas dificuldades mn\u00e9sticas por meio de t\u00e9cnicas de reformula\u00e7\u00e3o e organiza\u00e7\u00e3o do discurso.<\/pee>\n<pee>O fonoaudi\u00f3logo utiliza tamb\u00e9m t\u00e9cnicas especializadas para estimular a mem\u00f3ria sem\u00e2ntica, trabalhando no enriquecimento do vocabul\u00e1rio e na organiza\u00e7\u00e3o dos conhecimentos conceituais. Essas interven\u00e7\u00f5es se baseiam em princ\u00edpios de neuroplasticidade, favorecendo a cria\u00e7\u00e3o de novas conex\u00f5es neuronais e o fortalecimento dos circuitos mn\u00e9sticos existentes. A abordagem terap\u00eautica integra exerc\u00edcios progressivos, adaptados ao n\u00edvel de desempenho do paciente e ajustados de acordo com seus progressos.<\/pee>\n<div class=\"tip-box\">\n<div class=\"tip-box-label\">Dica pr\u00e1tica<\/div>\n<pee>A utiliza\u00e7\u00e3o de ferramentas digitais como <a href=\"https:\/\/www.dynseo.com\/pt-pt\/coco-pensa-e-coco-se-mexe\/\">COCO PENSA e COCO SE MEXE<\/a> permite enriquecer as sess\u00f5es de fonoaudiologia com exerc\u00edcios interativos e motivadores, adaptados aos objetivos terap\u00eauticos espec\u00edficos de cada paciente.<\/pee>\n            <\/div>\n<div class=\"expert-box\">\n<div class=\"expert-box-label\">Especialista DYNSEO<\/div>\n<div class=\"expert-box-title\">Abordagem fonoaudiol\u00f3gica inovadora<\/div>\n<pee>A integra\u00e7\u00e3o das tecnologias digitais na pr\u00e1tica fonoaudiol\u00f3gica revoluciona as abordagens tradicionais de reabilita\u00e7\u00e3o da mem\u00f3ria. Essas ferramentas permitem uma personaliza\u00e7\u00e3o precisa dos exerc\u00edcios e um acompanhamento detalhado dos progressos.<\/pee>\n<div class=\"expert-inner\">\n<div class=\"expert-inner-title\">Vantagens das ferramentas digitais :<\/div>\n<pee>As plataformas como COCO oferecem uma gama variada de exerc\u00edcios cognitivos que podem ser adaptados \u00e0s necessidades espec\u00edficas de cada paciente, permitindo uma progress\u00e3o individualizada e um engajamento refor\u00e7ado no processo terap\u00eautico.<\/pee>\n                <\/div>\n<\/p><\/div>\n<h2>3. Os mecanismos de colabora\u00e7\u00e3o interprofissional eficaz<\/h2>\n<pee>A implementa\u00e7\u00e3o de uma colabora\u00e7\u00e3o eficaz entre fonoaudi\u00f3logos e neuropsic\u00f3logos requer o estabelecimento de protocolos estruturados e de modalidades de comunica\u00e7\u00e3o otimizadas. Essa colabora\u00e7\u00e3o n\u00e3o se limita a uma simples troca de informa\u00e7\u00f5es, mas constitui uma verdadeira sinergia profissional onde cada expertise enriquece e complementa a outra. O objetivo principal consiste em criar um continuum terap\u00eautico coerente, onde as interven\u00e7\u00f5es de cada profissional se articulam harmoniosamente para maximizar os benef\u00edcios para o paciente.<\/pee>\n<pee>Os mecanismos de colabora\u00e7\u00e3o se organizam em torno de v\u00e1rios momentos importantes no percurso de cuidados. O primeiro momento corresponde \u00e0 avalia\u00e7\u00e3o conjunta inicial, onde os dois profissionais realizam uma an\u00e1lise cruzada das capacidades e das dificuldades do paciente. Essa avalia\u00e7\u00e3o compartilhada permite identificar os dom\u00ednios priorit\u00e1rios de interven\u00e7\u00e3o e definir objetivos terap\u00eauticos comuns. O segundo momento diz respeito ao planejamento coordenado das interven\u00e7\u00f5es, com a defini\u00e7\u00e3o de um calend\u00e1rio terap\u00eautico integrado e a reparti\u00e7\u00e3o dos pap\u00e9is de acordo com as expertises espec\u00edficas.<\/pee>\n<pee>O terceiro momento de colabora\u00e7\u00e3o trata do acompanhamento regular e do ajuste das estrat\u00e9gias terap\u00eauticas. Reuni\u00f5es de coordena\u00e7\u00e3o permitem fazer um balan\u00e7o dos progressos observados, compartilhar as observa\u00e7\u00f5es cl\u00ednicas e adaptar as abordagens de acordo com a evolu\u00e7\u00e3o do paciente. Essa dimens\u00e3o colaborativa se mostra particularmente importante nos casos complexos onde os dist\u00farbios da mem\u00f3ria s\u00e3o acompanhados de outras dificuldades cognitivas ou comunicacionais.<\/pee>\n<div class=\"conseil-card\">\n<h3>Modalidades pr\u00e1ticas de colabora\u00e7\u00e3o<\/h3>\n<pee>A colabora\u00e7\u00e3o eficaz baseia-se em ferramentas de comunica\u00e7\u00e3o adequadas: prontu\u00e1rio compartilhado, reuni\u00f5es de s\u00edntese regulares, protocolos de avalia\u00e7\u00e3o padronizados e objetivos terap\u00eauticos comuns claramente definidos. Esses elementos garantem a coer\u00eancia e a continuidade das interven\u00e7\u00f5es.<\/pee>\n            <\/div>\n<h2>4. A avalia\u00e7\u00e3o conjunta: uma abordagem diagn\u00f3stica integrada<\/h2>\n<pee>A avalia\u00e7\u00e3o conjunta representa um dos pilares fundamentais da colabora\u00e7\u00e3o entre fonoaudi\u00f3logos e neuropsic\u00f3logos. Essa abordagem diagn\u00f3stica integrada permite obter uma vis\u00e3o panor\u00e2mica e nuan\u00e7ada das capacidades mn\u00e9sicas do paciente, cruzando as perspectivas neuropsicol\u00f3gica e fonoaudiol\u00f3gica. A avalia\u00e7\u00e3o conjunta vai al\u00e9m da simples adi\u00e7\u00e3o das avalia\u00e7\u00f5es individuais para criar uma s\u00edntese diagn\u00f3stica enriquecida, onde as observa\u00e7\u00f5es de cada profissional iluminam e complementam as do outro.<\/pee>\n<pee>O processo de avalia\u00e7\u00e3o conjunta se organiza segundo uma metodologia rigorosa que garante a confiabilidade e a validade dos resultados obtidos. A primeira fase consiste em uma anamnese compartilhada, onde os dois profissionais coletam conjuntamente as informa\u00e7\u00f5es relativas \u00e0 hist\u00f3ria do paciente, suas dificuldades atuais e suas expectativas terap\u00eauticas. Essa abordagem evita redund\u00e2ncias e permite aprofundar certos aspectos que poderiam ter sido negligenciados em uma avalia\u00e7\u00e3o isolada.<\/pee>\n<pee>A segunda fase inclui a administra\u00e7\u00e3o coordenada dos testes e provas de avalia\u00e7\u00e3o. Cada profissional utiliza suas ferramentas especializadas, levando em conta as observa\u00e7\u00f5es de seu colega. Essa coordena\u00e7\u00e3o permite adaptar a escolha e a ordem das provas com base nas rea\u00e7\u00f5es e desempenhos do paciente, otimizando assim a qualidade da avalia\u00e7\u00e3o. A terceira fase trata da an\u00e1lise cruzada dos resultados, onde os dois profissionais confrontam suas observa\u00e7\u00f5es para estabelecer um diagn\u00f3stico compartilhado e formular recomenda\u00e7\u00f5es terap\u00eauticas coerentes.<\/pee>\n<div class=\"key-points\">\n<h3>Vantagens da avalia\u00e7\u00e3o conjunta:<\/h3>\n<ul>\n<li>Vis\u00e3o global e integrada das dificuldades mn\u00e9sicas<\/li>\n<li>Identifica\u00e7\u00e3o das intera\u00e7\u00f5es entre linguagem e mem\u00f3ria<\/li>\n<li>Otimiza\u00e7\u00e3o do tempo de avalia\u00e7\u00e3o para o paciente<\/li>\n<li>Redu\u00e7\u00e3o dos vieses de interpreta\u00e7\u00e3o individual<\/li>\n<li>Elabora\u00e7\u00e3o de recomenda\u00e7\u00f5es terap\u00eauticas coerentes<\/li>\n<li>Melhoria da satisfa\u00e7\u00e3o e da ades\u00e3o do paciente<\/li>\n<\/ul><\/div>\n<div class=\"expert-box\">\n<div class=\"expert-box-label\">Metodologia DYNSEO<\/div>\n<div class=\"expert-box-title\">Protocolo de avalia\u00e7\u00e3o digital<\/div>\n<pee>A integra\u00e7\u00e3o de ferramentas de avalia\u00e7\u00e3o digital enriquece consideravelmente o processo de avalia\u00e7\u00e3o conjunta. Plataformas como <a href=\"https:\/\/www.dynseo.com\/pt-pt\/coco-pensa-e-coco-se-mexe\/\">COCO PENSA e COCO SE MEXE<\/a> oferecem possibilidades de avalia\u00e7\u00e3o objetiva e padronizada, complementando perfeitamente as abordagens cl\u00ednicas tradicionais.<\/pee>\n<div class=\"expert-inner\">\n<div class=\"expert-inner-title\">Benef\u00edcios das avalia\u00e7\u00f5es num\u00e9ricas:<\/div>\n<pee>As ferramentas digitais permitem uma medi\u00e7\u00e3o precisa dos tempos de rea\u00e7\u00e3o, da precis\u00e3o das respostas e da evolu\u00e7\u00e3o do desempenho ao longo do tempo, fornecendo dados objetivos para guiar as decis\u00f5es terap\u00eauticas.<\/pee>\n                <\/div>\n<\/p><\/div>\n<h2>5. Estrat\u00e9gias terap\u00eauticas personalizadas e integradas<\/h2>\n<pee>A elabora\u00e7\u00e3o de estrat\u00e9gias terap\u00eauticas personalizadas constitui o desfecho natural da colabora\u00e7\u00e3o entre fonoaudi\u00f3logos e neuropsic\u00f3logos. Essas estrat\u00e9gias se baseiam nos resultados da avalia\u00e7\u00e3o conjunta para propor interven\u00e7\u00f5es sob medida, perfeitamente adaptadas \u00e0s necessidades espec\u00edficas, \u00e0s capacidades e aos objetivos de vida de cada paciente. A personaliza\u00e7\u00e3o n\u00e3o diz respeito apenas ao conte\u00fado dos exerc\u00edcios, mas tamb\u00e9m \u00e0 sua modalidade de apresenta\u00e7\u00e3o, ao seu ritmo de progress\u00e3o e \u00e0 sua integra\u00e7\u00e3o no cotidiano do paciente.<\/pee>\n<pee>As estrat\u00e9gias integradas combinam harmoniosamente as abordagens neuropsicol\u00f3gica e fonoaudiol\u00f3gica para criar um programa terap\u00eautico coerente e sin\u00e9rgico. Por exemplo, um exerc\u00edcio de memoriza\u00e7\u00e3o de listas de palavras pode ser concebido em conjunto para trabalhar tanto a mem\u00f3ria de trabalho (objetivo neuropsicol\u00f3gico) quanto o enriquecimento lexical (objetivo fonoaudiol\u00f3gico). Essa dupla finalidade otimiza a efic\u00e1cia terap\u00eautica enquanto reduz a carga de trabalho para o paciente.<\/pee>\n<pee>A implementa\u00e7\u00e3o dessas estrat\u00e9gias requer um planejamento minucioso e uma coordena\u00e7\u00e3o estreita entre os dois profissionais. As sess\u00f5es podem ser organizadas de maneira alternada, com interven\u00e7\u00f5es especializadas de cada profissional, ou de maneira conjunta, com sess\u00f5es em coanima\u00e7\u00e3o. Essa flexibilidade organizacional permite adaptar-se \u00e0s restri\u00e7\u00f5es pr\u00e1ticas enquanto mant\u00e9m a coer\u00eancia terap\u00eautica. A utiliza\u00e7\u00e3o de ferramentas tecnol\u00f3gicas como COCO PENSA e COCO SE MEXE facilita essa coordena\u00e7\u00e3o ao oferecer uma plataforma comum de exerc\u00edcios e acompanhamento dos progressos.<\/pee>\n<div class=\"tip-box\">\n<div class=\"tip-box-label\">Estrat\u00e9gia vencedora<\/div>\n<pee>A altern\u00e2ncia entre sess\u00f5es individuais especializadas e sess\u00f5es conjuntas permite otimizar os benef\u00edcios de cada abordagem, mantendo uma vis\u00e3o global do paciente. Esta modalidade mista se adapta perfeitamente \u00e0s restri\u00e7\u00f5es pr\u00e1ticas das institui\u00e7\u00f5es de cuidados.<\/pee>\n            <\/div>\n<h2>6. Os dom\u00ednios cognitivos alvo da abordagem colaborativa<\/h2>\n<pee>A abordagem colaborativa entre fonoaudi\u00f3logos e neuropsic\u00f3logos permite direcionar de maneira otimizada os diferentes dom\u00ednios cognitivos envolvidos no funcionamento da mem\u00f3ria. Esta abordagem global reconhece que a mem\u00f3ria n\u00e3o funciona de maneira isolada, mas est\u00e1 inserida em uma rede complexa de intera\u00e7\u00f5es com outras fun\u00e7\u00f5es cognitivas. A compreens\u00e3o dessas intera\u00e7\u00f5es \u00e9 essencial para desenvolver estrat\u00e9gias terap\u00eauticas eficazes e duradouras.<\/pee>\n<pee>A aten\u00e7\u00e3o constitui um dos dom\u00ednios priorit\u00e1rios nesta abordagem integrada. As capacidades atencionais sustentam, de fato, o bom funcionamento da mem\u00f3ria, desde a codifica\u00e7\u00e3o inicial da informa\u00e7\u00e3o at\u00e9 sua recupera\u00e7\u00e3o posterior. As interven\u00e7\u00f5es colaborativas trabalham simultaneamente no reconhecimento de est\u00edmulos importantes, na gest\u00e3o de distra\u00e7\u00f5es, no foco atencional e nas diferentes modalidades de aten\u00e7\u00e3o (seletiva, dividida, sustentada). Esta abordagem multidimensional da aten\u00e7\u00e3o otimiza as capacidades de memoriza\u00e7\u00e3o do paciente.<\/pee>\n<pee>As fun\u00e7\u00f5es executivas representam outro dom\u00ednio chave da interven\u00e7\u00e3o colaborativa. Essas fun\u00e7\u00f5es de alto n\u00edvel, incluindo flexibilidade mental, inibi\u00e7\u00e3o, planejamento e resolu\u00e7\u00e3o de problemas, desempenham um papel crucial na organiza\u00e7\u00e3o e recupera\u00e7\u00e3o das mem\u00f3rias. A abordagem integrada permite trabalhar essas fun\u00e7\u00f5es em liga\u00e7\u00e3o direta com os objetivos mn\u00e9sicos, criando assim sinergias terap\u00eauticas particularmente eficazes.<\/pee>\n<div class=\"conseil-card\">\n<h3>Dom\u00ednios cognitivos priorit\u00e1rios<\/h3>\n<pee>A abordagem colaborativa tem como alvo priorit\u00e1rio seis dom\u00ednios cognitivos interconectados: a aten\u00e7\u00e3o, as fun\u00e7\u00f5es executivas, a mem\u00f3ria de trabalho, os diferentes tipos de mem\u00f3ria de longo prazo, as gnosias e a agilidade mental. Esta abordagem sist\u00eamica garante uma interven\u00e7\u00e3o completa e eficaz.<\/pee>\n            <\/div>\n<div class=\"key-points\">\n<h3>Os seis pilares da interven\u00e7\u00e3o cognitiva:<\/h3>\n<ul>\n<li> Aten\u00e7\u00e3o: foco, sele\u00e7\u00e3o e manuten\u00e7\u00e3o atencional<\/li>\n<li>Fun\u00e7\u00f5es executivas: planejamento, inibi\u00e7\u00e3o, flexibilidade<\/li>\n<li>Mem\u00f3ria de trabalho: manipula\u00e7\u00e3o e processamento da informa\u00e7\u00e3o<\/li>\n<li>Mem\u00f3rias de longo prazo: epis\u00f3dica, sem\u00e2ntica, autobiogr\u00e1fica<\/li>\n<li>Gnosias: reconhecimento visual e auditivo<\/li>\n<li>Agilidade mental: rapidez e fluidez cognitivas<\/li>\n<\/ul><\/div>\n<h2>7. Tecnologias digitais a servi\u00e7o da colabora\u00e7\u00e3o<\/h2>\n<pee>A integra\u00e7\u00e3o das tecnologias digitais transforma radicalmente as modalidades de colabora\u00e7\u00e3o entre fonoaudi\u00f3logos e neuropsic\u00f3logos. Essas ferramentas tecnol\u00f3gicas n\u00e3o se contentam em modernizar as pr\u00e1ticas existentes, mas abrem novas perspectivas terap\u00eauticas ao permitir uma personaliza\u00e7\u00e3o fina das interven\u00e7\u00f5es e um acompanhamento preciso da evolu\u00e7\u00e3o dos pacientes. As plataformas como COCO PENSA e COCO SE MEXE ilustram perfeitamente essa revolu\u00e7\u00e3o digital a servi\u00e7o da reabilita\u00e7\u00e3o cognitiva colaborativa.<\/pee>\n<pee>O principal benef\u00edcio das ferramentas digitais reside em sua capacidade de padronizar as avalia\u00e7\u00f5es e os exerc\u00edcios, permitindo ao mesmo tempo uma adapta\u00e7\u00e3o individual. Cada profissional pode usar a mesma interface e os mesmos exerc\u00edcios b\u00e1sicos, mas configur\u00e1-los de acordo com seus objetivos terap\u00eauticos espec\u00edficos. Essa harmoniza\u00e7\u00e3o facilita grandemente a comunica\u00e7\u00e3o entre profissionais e assegura a coer\u00eancia das interven\u00e7\u00f5es. Os dados gerados por essas ferramentas tamb\u00e9m fornecem informa\u00e7\u00f5es objetivas sobre os progressos do paciente, permitindo ajustar em tempo real as estrat\u00e9gias terap\u00eauticas.<\/pee>\n<pee>As funcionalidades colaborativas dessas plataformas permitem que fonoaudi\u00f3logos e neuropsic\u00f3logos compartilhem facilmente os resultados, acompanhem os progressos em tempo real e coordenem suas interven\u00e7\u00f5es. Os pain\u00e9is personalizados oferecem uma vis\u00e3o sint\u00e9tica da evolu\u00e7\u00e3o do paciente em todas as \u00e1reas cognitivas trabalhadas, facilitando assim as decis\u00f5es terap\u00eauticas compartilhadas. Essa transpar\u00eancia e acessibilidade da informa\u00e7\u00e3o refor\u00e7am a qualidade da colabora\u00e7\u00e3o e a efic\u00e1cia das interven\u00e7\u00f5es.<\/pee>\n<div class=\"expert-box\">\n<div class=\"expert-box-label\">Inova\u00e7\u00e3o DYNSEO<\/div>\n<div class=\"expert-box-title\">Plataforma colaborativa COCO<\/div>\n<pee>A plataforma <a href=\"https:\/\/www.dynseo.com\/pt-pt\/coco-pensa-e-coco-se-mexe\/\">COCO PENSA e COCO SE MEXE<\/a> foi especialmente projetada para facilitar a colabora\u00e7\u00e3o entre profissionais da reabilita\u00e7\u00e3o cognitiva. Ela oferece funcionalidades avan\u00e7adas de compartilhamento de informa\u00e7\u00f5es, acompanhamento colaborativo e personaliza\u00e7\u00e3o terap\u00eautica.<\/pee>\n<div class=\"expert-inner\">\n<div class=\"expert-inner-title\">Funcionalidades colaborativas avan\u00e7adas:<\/div>\n<pee>Interface multiusu\u00e1rios, pain\u00e9is de controle compartilhados, mensageria integrada, biblioteca de exerc\u00edcios comum, relat\u00f3rios de progresso automatizados e ferramentas de planejamento terap\u00eautico sincronizado.<\/pee>\n                <\/div>\n<\/p><\/div>\n<h2>8. Medi\u00e7\u00e3o e avalia\u00e7\u00e3o dos resultados colaborativos<\/h2>\n<pee>A avalia\u00e7\u00e3o rigorosa dos resultados constitui um elemento essencial da abordagem colaborativa na reabilita\u00e7\u00e3o da mem\u00f3ria. Esta avalia\u00e7\u00e3o n\u00e3o se limita \u00e0 medi\u00e7\u00e3o dos progressos individuais em cada \u00e1rea de interven\u00e7\u00e3o, mas busca tamb\u00e9m quantificar os benef\u00edcios espec\u00edficos da colabora\u00e7\u00e3o interprofissional. Os m\u00e9todos de avalia\u00e7\u00e3o devem ser suficientemente sens\u00edveis para detectar as melhorias sutis, ao mesmo tempo que s\u00e3o amplos o suficiente para captar o impacto da interven\u00e7\u00e3o na qualidade de vida do paciente.<\/pee>\n<pee>Os indicadores de resultados se articulam em torno de v\u00e1rias dimens\u00f5es complementares. A dimens\u00e3o cognitiva inclui a avalia\u00e7\u00e3o do desempenho nas diferentes \u00e1reas mn\u00e9sicas, a melhoria das estrat\u00e9gias compensat\u00f3rias e a otimiza\u00e7\u00e3o das fun\u00e7\u00f5es cognitivas associadas. A dimens\u00e3o funcional avalia o impacto das melhorias cognitivas nas atividades da vida di\u00e1ria, na autonomia e na participa\u00e7\u00e3o social. A dimens\u00e3o qualitativa se interessa pela satisfa\u00e7\u00e3o do paciente, pelo seu sentimento de efic\u00e1cia pessoal e pela sua ades\u00e3o ao processo terap\u00eautico.<\/pee>\n<pee>A utiliza\u00e7\u00e3o de ferramentas de avalia\u00e7\u00e3o padronizadas e validadas cientificamente garante a confiabilidade e a comparabilidade dos resultados. Essas ferramentas incluem baterias neuropsicol\u00f3gicas, escalas de qualidade de vida especializadas e question\u00e1rios de satisfa\u00e7\u00e3o adaptados. A integra\u00e7\u00e3o de tecnologias digitais tamb\u00e9m permite coletar dados cont\u00ednuos sobre o desempenho, oferecendo uma vis\u00e3o din\u00e2mica da evolu\u00e7\u00e3o do paciente. Essa riqueza de dados facilita a identifica\u00e7\u00e3o dos fatores preditivos de sucesso terap\u00eautico e a otimiza\u00e7\u00e3o cont\u00ednua dos protocolos de interven\u00e7\u00e3o.<\/pee>\n<div class=\"key-points\">\n<h3>Indicadores-chave de sucesso:<\/h3>\n<ul>\n<li>Melhoria das pontua\u00e7\u00f5es nos testes neuropsicol\u00f3gicos<\/li>\n<li>Progress\u00e3o nos exerc\u00edcios de estimula\u00e7\u00e3o cognitiva<\/li>\n<li>Transfer\u00eancia dos conhecimentos para as atividades di\u00e1rias<\/li>\n<li>Melhoria da qualidade de vida e da autonomia<\/li>\n<li>Satisfa\u00e7\u00e3o do paciente e de seu entorno<\/li>\n<li>Manuten\u00e7\u00e3o dos conhecimentos a longo prazo<\/li>\n<\/ul><\/div>\n<h2>9. Gest\u00e3o dos desafios e obst\u00e1culos \u00e0 colabora\u00e7\u00e3o<\/h2>\n<pee>A implementa\u00e7\u00e3o de uma colabora\u00e7\u00e3o eficaz entre fonoaudi\u00f3logos e neuropsic\u00f3logos pode encontrar diversas dificuldades que devem ser antecipadas e geridas de forma proativa. Esses desafios n\u00e3o questionam a relev\u00e2ncia da abordagem colaborativa, mas exigem uma aten\u00e7\u00e3o especial para otimizar seu desdobramento. A identifica\u00e7\u00e3o precoce desses obst\u00e1culos e a implementa\u00e7\u00e3o de estrat\u00e9gias de adapta\u00e7\u00e3o constituem elementos-chave do sucesso dessa abordagem interprofissional.<\/pee>\n<pee>Os obst\u00e1culos organizacionais representam frequentemente o primeiro desafio a ser superado. As restri\u00e7\u00f5es de hor\u00e1rios, as diferen\u00e7as nas modalidades de trabalho entre as duas profiss\u00f5es e as dificuldades de coordena\u00e7\u00e3o pr\u00e1tica podem complicar a implementa\u00e7\u00e3o da colabora\u00e7\u00e3o. A solu\u00e7\u00e3o reside no estabelecimento de protocolos organizacionais claros, na defini\u00e7\u00e3o de hor\u00e1rios dedicados \u00e0 colabora\u00e7\u00e3o e na utiliza\u00e7\u00e3o de ferramentas de comunica\u00e7\u00e3o eficazes. A flexibilidade e a adapta\u00e7\u00e3o m\u00fatua s\u00e3o elementos essenciais para superar essas dificuldades pr\u00e1ticas.<\/pee>\n<pee>As diferen\u00e7as conceituais e metodol\u00f3gicas entre as duas abordagens profissionais tamb\u00e9m podem gerar tens\u00f5es. Cada profiss\u00e3o possui suas pr\u00f3prias refer\u00eancias te\u00f3ricas, suas ferramentas de avalia\u00e7\u00e3o privilegiadas e suas modalidades de interven\u00e7\u00e3o espec\u00edficas. A resolu\u00e7\u00e3o dessas diferen\u00e7as passa por um di\u00e1logo construtivo, pela forma\u00e7\u00e3o cruzada entre profissionais e pelo estabelecimento de refer\u00eancias comuns. Essa harmoniza\u00e7\u00e3o conceitual enriquece mutuamente as pr\u00e1ticas profissionais sem, no entanto, apagar as especificidades de cada disciplina.<\/pee>\n<div class=\"tip-box\">\n<div class=\"tip-box-label\">Solu\u00e7\u00e3o pr\u00e1tica<\/div>\n<pee>A implementa\u00e7\u00e3o de forma\u00e7\u00f5es interprofissionais e a utiliza\u00e7\u00e3o de ferramentas comuns como COCO PENSA e COCO SE MEXE facilitam grandemente a supera\u00e7\u00e3o dos obst\u00e1culos \u00e0 colabora\u00e7\u00e3o. Esses elementos criam uma linguagem comum e refer\u00eancias compartilhadas.<\/pee>\n            <\/div>\n<div class=\"conseil-card\">\n<h3>Estrat\u00e9gias de resolu\u00e7\u00e3o de conflitos<\/h3>\n<pee>Face \u00e0s diverg\u00eancias de abordagem, \u00e9 essencial privilegiar o di\u00e1logo, a forma\u00e7\u00e3o m\u00fatua e a busca por solu\u00e7\u00f5es criativas. O objetivo comum do bem-estar do paciente deve permanecer no centro das preocupa\u00e7\u00f5es e guiar a resolu\u00e7\u00e3o das dificuldades interprofissionais.<\/pee>\n            <\/div>\n<h2>10. Forma\u00e7\u00e3o e desenvolvimento profissional colaborativo<\/h2>\n<pee>O desenvolvimento de uma cultura colaborativa eficaz entre fonoaudi\u00f3logos e neuropsic\u00f3logos requer um investimento significativo na forma\u00e7\u00e3o e no desenvolvimento profissional cont\u00ednuo. Esta forma\u00e7\u00e3o n\u00e3o pode se limitar \u00e0 aquisi\u00e7\u00e3o de conhecimentos te\u00f3ricos, mas deve integrar dimens\u00f5es pr\u00e1ticas, relacionais e metodol\u00f3gicas para favorecer uma colabora\u00e7\u00e3o aut\u00eantica e produtiva. O objetivo consiste em criar profissionais bil\u00edngues, capazes de compreender e integrar as abordagens complementares de seus colegas.<\/pee>\n<pee>Os programas de forma\u00e7\u00e3o colaborativa se articulam em torno de v\u00e1rios eixos complementares. O primeiro eixo trata do conhecimento m\u00fatuo das expertises profissionais, permitindo que cada profissional compreenda as especificidades, as ferramentas e os m\u00e9todos de seu colega. O segundo eixo desenvolve as compet\u00eancias de comunica\u00e7\u00e3o interprofissional, essenciais para facilitar as trocas de informa\u00e7\u00f5es e a coordena\u00e7\u00e3o das interven\u00e7\u00f5es. O terceiro eixo se concentra na aprendizagem de ferramentas e m\u00e9todos comuns, criando uma base de refer\u00eancias compartilhadas.<\/pee>\n<pee>As modalidades pedag\u00f3gicas privilegiam a aprendizagem experiencial e a coloca\u00e7\u00e3o em situa\u00e7\u00e3o concreta. Os workshops pr\u00e1ticos, os estudos de caso compartilhados e os est\u00e1gios cruzados permitem que os profissionais se imerjam na realidade da outra disciplina. Esta abordagem imersiva favorece uma compreens\u00e3o profunda e aut\u00eantica dos desafios da colabora\u00e7\u00e3o. A utiliza\u00e7\u00e3o de ferramentas tecnol\u00f3gicas como COCO PENSA e COCO SE MEXE nessas forma\u00e7\u00f5es tamb\u00e9m permite desenvolver um dom\u00ednio comum desses suportes terap\u00eauticos inovadores.<\/pee>\n<div class=\"expert-box\">\n<div class=\"expert-box-label\">Programa DYNSEO<\/div>\n<div class=\"expert-box-title\">Forma\u00e7\u00e3o colaborativa avan\u00e7ada<\/div>\n<pee>DYNSEO prop\u00f5e programas de forma\u00e7\u00e3o especificamente concebidos para favorecer a colabora\u00e7\u00e3o entre fonoaudi\u00f3logos e neuropsic\u00f3logos. Essas forma\u00e7\u00f5es integram os \u00faltimos avan\u00e7os cient\u00edficos e as ferramentas tecnol\u00f3gicas mais inovadoras.<\/pee>\n<div class=\"expert-inner\">\n<div class=\"expert-inner-title\">M\u00f3dulos de forma\u00e7\u00e3o propostos:<\/div>\n<pee>Avalia\u00e7\u00e3o conjunta, planejamento terap\u00eautico colaborativo, utiliza\u00e7\u00e3o de ferramentas digitais compartilhadas, gest\u00e3o de casos complexos, comunica\u00e7\u00e3o interprofissional eficaz e medi\u00e7\u00e3o de resultados colaborativos.<\/pee>\n                <\/div>\n<\/p><\/div>\n<h2>11. Perspectivas futuras e evolu\u00e7\u00f5es tecnol\u00f3gicas<\/h2>\n<pee>O futuro da colabora\u00e7\u00e3o entre fonoaudi\u00f3logos e neuropsic\u00f3logos promete ser rico em inova\u00e7\u00f5es tecnol\u00f3gicas e metodol\u00f3gicas. Os desenvolvimentos atuais nas \u00e1reas de intelig\u00eancia artificial, realidade virtual e neuroci\u00eancias computacionais abrem novas perspectivas para otimizar a reabilita\u00e7\u00e3o colaborativa da mem\u00f3ria. Essas evolu\u00e7\u00f5es tecnol\u00f3gicas n\u00e3o visam substituir a expertise humana, mas aument\u00e1-la e potencializ\u00e1-la para oferecer interven\u00e7\u00f5es ainda mais precisas e eficazes.<\/pee>\n<pee>A intelig\u00eancia artificial oferece possibilidades particularmente promissoras para personalizar ainda mais as interven\u00e7\u00f5es terap\u00eauticas. Os algoritmos de aprendizado de m\u00e1quina podem analisar os padr\u00f5es de desempenho dos pacientes, identificar as estrat\u00e9gias mais eficazes para cada perfil cognitivo e propor adapta\u00e7\u00f5es terap\u00eauticas em tempo real. Essa personaliza\u00e7\u00e3o algor\u00edtmica complementa perfeitamente a expertise cl\u00ednica dos profissionais, criando uma sinergia homem-m\u00e1quina a servi\u00e7o da efic\u00e1cia terap\u00eautica.<\/pee>\n<pee>A realidade virtual e aumentada representa outro campo de inova\u00e7\u00e3o importante para a reabilita\u00e7\u00e3o cognitiva colaborativa. Essas tecnologias permitem criar ambientes de treinamento imersivos e ecol\u00f3gicos, onde os pacientes podem trabalhar suas capacidades mn\u00e9sicas em contextos pr\u00f3ximos da realidade. O aspecto colaborativo \u00e9 refor\u00e7ado pela possibilidade de os profissionais co-conceberem esses ambientes virtuais e os adaptarem conjuntamente \u00e0s necessidades espec\u00edficas de cada paciente.<\/pee>\n<div class=\"key-points\">\n<h3>Inova\u00e7\u00f5es tecnol\u00f3gicas emergentes :<\/h3>\n<ul>\n<li>Intelig\u00eancia artificial para a personaliza\u00e7\u00e3o terap\u00eautica<\/li>\n<li>Realidade virtual para o treinamento imersivo<\/li>\n<li>Interfaces c\u00e9rebro-computador para o biofeedback<\/li>\n<li>Big data para a an\u00e1lise preditiva dos resultados<\/li>\n<li>Telemedicina para a colabora\u00e7\u00e3o \u00e0 dist\u00e2ncia<\/li>\n<li>Objetos conectados para o acompanhamento cont\u00ednuo<\/li>\n<\/ul><\/div>\n<h2>12. Recomenda\u00e7\u00f5es para a implementa\u00e7\u00e3o pr\u00e1tica<\/h2>\n<pee>A implementa\u00e7\u00e3o bem-sucedida de uma abordagem colaborativa entre fonoaudi\u00f3logos e neuropsic\u00f3logos requer um planejamento minucioso e uma abordagem progressiva. As institui\u00e7\u00f5es de sa\u00fade que desejam desenvolver essa modalidade de interven\u00e7\u00e3o devem levar em conta m\u00faltiplos fatores organizacionais, humanos e t\u00e9cnicos para garantir o sucesso da iniciativa. Essas recomenda\u00e7\u00f5es pr\u00e1ticas baseiam-se na experi\u00eancia acumulada em diferentes contextos de cuidado e na an\u00e1lise dos fatores de sucesso identificados.<\/pee>\n<pee>A primeira etapa consiste em avaliar a viabilidade e preparar o terreno organizacional. Esta fase preparat\u00f3ria envolve a identifica\u00e7\u00e3o dos profissionais interessados, a avalia\u00e7\u00e3o dos recursos dispon\u00edveis e a defini\u00e7\u00e3o de objetivos realistas. \u00c9 essencial come\u00e7ar com projetos piloto limitados, permitindo testar as modalidades de colabora\u00e7\u00e3o e ajustar gradualmente a organiza\u00e7\u00e3o. Essa abordagem progressiva reduz as resist\u00eancias e permite uma apropria\u00e7\u00e3o gradual das novas pr\u00e1ticas pelas equipes.<\/pee>\n<pee>A forma\u00e7\u00e3o das equipes constitui um investimento imprescind\u00edvel para o sucesso do projeto. Esta forma\u00e7\u00e3o deve ser adaptada \u00e0s necessidades espec\u00edficas de cada institui\u00e7\u00e3o e levar em conta os n\u00edveis de compet\u00eancia existentes. A utiliza\u00e7\u00e3o de ferramentas tecnol\u00f3gicas comuns como COCO PENSA e COCO SE MEXE facilita esta fase de forma\u00e7\u00e3o ao oferecer um suporte concreto e familiar para desenvolver as novas pr\u00e1ticas colaborativas. O acompanhamento e suporte das equipes durante os primeiros meses de implementa\u00e7\u00e3o tamb\u00e9m se mostram cruciais para a sustentabilidade da iniciativa.<\/pee>\n<div class=\"conseil-card\">\n<h3>Plano de implementa\u00e7\u00e3o em 5 etapas<\/h3>\n<pee>1. Avalia\u00e7\u00e3o da viabilidade e mobiliza\u00e7\u00e3o das equipes<!\u2013- [et_pb_br_holder] -\u2013><br \/>\n                2. Forma\u00e7\u00e3o dos profissionais e aquisi\u00e7\u00e3o das ferramentas<!\u2013- [et_pb_br_holder] -\u2013><br \/>\n                3. Projeto piloto com um n\u00famero limitado de pacientes<!\u2013- [et_pb_br_holder] -\u2013><br \/>\n                4. Avalia\u00e7\u00e3o dos resultados e ajustes necess\u00e1rios<!\u2013- [et_pb_br_holder] -\u2013><br \/>\n                5. Desdobramento generalizado e forma\u00e7\u00e3o cont\u00ednua<\/pee>\n            <\/div>\n<div class=\"tip-box\">\n<div class=\"tip-box-label\">Chave do sucesso<\/div>\n<pee>O sucesso da implementa\u00e7\u00e3o depende do comprometimento das equipes, da forma\u00e7\u00e3o cont\u00ednua, da utiliza\u00e7\u00e3o de ferramentas adequadas e da avalia\u00e7\u00e3o regular dos resultados. Um acompanhamento externo pode se mostrar valioso para facilitar essa transforma\u00e7\u00e3o das pr\u00e1ticas.<\/pee>\n            <\/div>\n<div class=\"faq-list\">\n<h2>Perguntas frequentes<\/h2>\n<div class=\"faq-item\">\n<div class=\"faq-q\">\n                        <span>Qual \u00e9 a dura\u00e7\u00e3o m\u00e9dia de um programa de reabilita\u00e7\u00e3o colaborativa?<\/span><br \/>\n                        <span class=\"faq-icon\">+<\/span>\n                    <\/div>\n<div class=\"faq-a\">\n                        <pee>A dura\u00e7\u00e3o de um programa de reabilita\u00e7\u00e3o colaborativa varia geralmente entre 3 e 6 meses, dependendo da complexidade dos dist\u00farbios e dos objetivos terap\u00eauticos. Este per\u00edodo pode ser ajustado com base nos progressos observados e nas necessidades espec\u00edficas do paciente. O acompanhamento pode se prolongar al\u00e9m disso com sess\u00f5es de manuten\u00e7\u00e3o espa\u00e7adas.<\/pee>\n                    <\/div>\n<\/p><\/div>\n<div class=\"faq-item\">\n<div class=\"faq-q\">\n                        <span>Como as ferramentas digitais como COCO facilitam a colabora\u00e7\u00e3o?<\/span><br \/>\n                        <span class=\"faq-icon\">+<\/span>\n                    <\/div>\n<div class=\"faq-a\">\n                        <pee>As plataformas como COCO PENSA e COCO SE MEXE oferecem um ambiente comum onde fonoaudi\u00f3logos e neuropsic\u00f3logos podem compartilhar os resultados, acompanhar os progressos em tempo real e coordenar suas interven\u00e7\u00f5es. Os pain\u00e9is personalizados e as funcionalidades de comunica\u00e7\u00e3o integradas facilitam muito a colabora\u00e7\u00e3o interprofissional.<\/pee>\n                    <\/div>\n<\/p><\/div>\n<div class=\"faq-item\">\n<div class=\"faq-q\">\n                        <span>Quais s\u00e3o os principais benef\u00edcios para os pacientes?<\/span><br \/>\n                        <span class=\"faq-icon\">+<\/span>\n                    <\/div>\n<div class=\"faq-a\">\n                        <pee>A abordagem colaborativa oferece um atendimento mais completo e personalizado, uma melhor coordena\u00e7\u00e3o dos cuidados, uma otimiza\u00e7\u00e3o dos progressos terap\u00eauticos e uma melhoria significativa na qualidade de vida. Os pacientes tamb\u00e9m se beneficiam de uma redu\u00e7\u00e3o no n\u00famero de consultas e de uma melhor continuidade em seu percurso de cuidados.<\/pee>\n                    <\/div>\n<\/p><\/div>\n<div class=\"faq-item\">\n<div class=\"faq-q\">\n                        <span>Essa abordagem \u00e9 reembolsada pela seguran\u00e7a social?<\/span><br \/>\n                        <span class=\"faq-icon\">+<\/span>\n                    <\/div>\n<div class=\"faq-a\">\n                        <pee>As sess\u00f5es de fonoaudiologia e neuropsicologia s\u00e3o geralmente cobertas de acordo com as modalidades habituais de reembolso. A coordena\u00e7\u00e3o entre profissionais, embora melhore a qualidade dos cuidados, n\u00e3o \u00e9 objeto de um reembolso espec\u00edfico. \u00c9 recomendado consultar sua seguradora para conhecer as condi\u00e7\u00f5es de cobertura.<\/pee>\n                    <\/div>\n<\/p><\/div>\n<div class=\"faq-item\">\n<div class=\"faq-q\">\n                        <span>Como escolher os bons profissionais para uma abordagem colaborativa?<\/span><br \/>\n                        <span class=\"faq-icon\">+<\/span>\n                    <\/div>\n<div class=\"faq-a\">\n                        <pee>\u00c9 importante escolher profissionais que tenham experi\u00eancia em reabilita\u00e7\u00e3o cognitiva e que estejam abertos \u00e0 colabora\u00e7\u00e3o interprofissional. A forma\u00e7\u00e3o em ferramentas digitais e a experi\u00eancia em trabalho em equipe s\u00e3o ativos adicionais. N\u00e3o hesite em pedir refer\u00eancias e discutir sua abordagem colaborativa durante a primeira consulta.<\/pee>\n                    <\/div>\n<\/p><\/div>\n<\/p><\/div>\n<div class=\"cta-box\">\n<h2>Otimize sua pr\u00e1tica colaborativa com DYNSEO<\/h2>\n<pee>Descubra como as solu\u00e7\u00f5es DYNSEO podem revolucionar sua abordagem colaborativa de reabilita\u00e7\u00e3o cognitiva. Nossas ferramentas s\u00e3o especialmente projetadas para facilitar o trabalho em equipe entre fonoaudi\u00f3logos e neuropsic\u00f3logos.<\/pee>\n<div class=\"cta-buttons\">\n                    <a href=\"https:\/\/www.dynseo.com\/pt-pt\/coco-pensa-e-coco-se-mexe\/\" class=\"btn-white\">Experimente COCO PENSA &#038; COCO SE MEXE<\/a><br \/>\n                    <a href=\"#contact\" class=\"btn-outline\">Solicitar uma demonstra\u00e7\u00e3o<\/a>\n                <\/div>\n<\/p><\/div>\n<div class=\"article-tags\">\n                <a href=\"#\" class=\"article-tag\">Neuropsicologia<\/a><br \/>\n                <a href=\"#\" class=\"article-tag\">Fonoaudiologia<\/a><br \/>\n                <a href=\"#\" class=\"article-tag\">Reabilita\u00e7\u00e3o cognitiva<\/a><br \/>\n                <a href=\"#\" class=\"article-tag\">Colabora\u00e7\u00e3o interprofissional<\/a><br \/>\n                <a href=\"#\" class=\"article-tag\">Mem\u00f3ria<\/a><br \/>\n                <a href=\"#\" class=\"article-tag\">Estimula\u00e7\u00e3o cognitiva<\/a><br \/>\n                <a href=\"#\" class=\"article-tag\">COCO<\/a><br \/>\n                <a href=\"#\" class=\"article-tag\">Avalia\u00e7\u00e3o conjunta<\/a><br \/>\n                <a href=\"#\" class=\"article-tag\">Tecnologias digitais<\/a>\n            <\/div>\n<\/p><\/div>\n<\/p><\/div>\n<p>[\/et_pb_code][\/et_pb_column][\/et_pb_row][\/et_pb_section]<\/p>\n","protected":false},"excerpt":{"rendered":"","protected":false},"author":4,"featured_media":150367,"comment_status":"closed","ping_status":"closed","sticky":false,"template":"","format":"standard","meta":{"_et_pb_use_builder":"on","_et_pb_old_content":"[et_pb_section fb_built=\"1\" _builder_version=\"4.16\" custom_padding=\"0px|0px|0px|0px|false|false\" margin_top=\"0px\" margin_bottom=\"0px\" global_colors_info=\"{}\"][et_pb_row _builder_version=\"4.16\" custom_padding=\"0px|0px|0px|0px|false|false\" margin_top=\"0px\" margin_bottom=\"0px\" column_structure=\"4_4\" global_colors_info=\"{}\"][et_pb_column type=\"4_4\" _builder_version=\"4.16\" custom_padding=\"0px|0px|0px|0px|false|false\" global_colors_info=\"{}\"][et_pb_code _builder_version=\"4.16\" custom_padding=\"0px|0px|0px|0px|false|false\" global_colors_info=\"{}\"]<style>\n        :root {\n            --primary-blue: #5e5ed7;\n            --dark-blue: #5268c9;\n            --teal: #a9e2e4;\n            --yellow: #ffeca7;\n            --pink: #e73469;\n            --white: #ffffff;\n            --light-gray: #f8f9fa;\n            --dark-gray: #333333;\n            --text-gray: #666666;\n        }\n\n        * {\n            margin: 0;\n            padding: 0;\n            box-sizing: border-box;\n        }\n\n        body {\n            font-family: 'Poppins', sans-serif;\n            line-height: 1.6;\n            color: var(--dark-gray);\n        }\n\n        .article-hero {\n            background: linear-gradient(135deg, var(--primary-blue), var(--dark-blue));\n            color: white;\n            position: relative;\n            overflow: hidden;\n            padding: 2rem 0 4rem;\n        }\n\n        .article-hero-curve {\n            position: absolute;\n            bottom: -1px;\n            left: 0;\n            width: 100%;\n            height: 60px;\n            background: white;\n            clip-path: ellipse(100% 100% at 50% 100%);\n        }\n\n        .article-hero-inner {\n            max-width: 1200px;\n            margin: 0 auto;\n            padding: 0 2rem;\n        }\n\n        .article-breadcrumb {\n            font-size: 0.9rem;\n            margin-bottom: 1rem;\n            opacity: 0.9;\n        }\n\n        .article-breadcrumb a {\n            color: white;\n            text-decoration: none;\n        }\n\n        .article-category {\n            display: inline-block;\n            background: var(--pink);\n            color: white;\n            padding: 0.5rem 1rem;\n            border-radius: 25px;\n            font-size: 0.8rem;\n            font-weight: 600;\n            margin-bottom: 1.5rem;\n        }\n\n        .article-hero h1 {\n            font-family: 'Montserrat', sans-serif;\n            font-size: 2.5rem;\n            font-weight: 700;\n            line-height: 1.2;\n            margin-bottom: 1.5rem;\n        }\n\n        .hl {\n            color: var(--yellow);\n        }\n\n        .article-meta {\n            display: flex;\n            flex-wrap: wrap;\n            gap: 1.5rem;\n            align-items: center;\n            font-size: 0.9rem;\n            opacity: 0.9;\n            margin-bottom: 1rem;\n        }\n\n        .article-meta span {\n            display: flex;\n            align-items: center;\n            gap: 0.5rem;\n        }\n\n        .stars {\n            color: var(--yellow);\n            font-size: 1.1rem;\n        }\n\n        .article-body {\n            padding: 4rem 0;\n        }\n\n        .container {\n            max-width: 1200px;\n            margin: 0 auto;\n            padding: 0 2rem;\n        }\n\n        .intro-block {\n            background: var(--light-gray);\n            padding: 2.5rem;\n            border-radius: 15px;\n            margin-bottom: 3rem;\n            border-left: 5px solid var(--primary-blue);\n        }\n\n        .intro-block p {\n            font-size: 1.1rem;\n            line-height: 1.7;\n            margin-bottom: 1rem;\n        }\n\n        .stats-grid {\n            display: grid;\n            grid-template-columns: repeat(auto-fit, minmax(250px, 1fr));\n            gap: 2rem;\n            margin-bottom: 4rem;\n        }\n\n        .stat-card {\n            background: white;\n            padding: 2rem;\n            border-radius: 15px;\n            text-align: center;\n            box-shadow: 0 5px 20px rgba(0,0,0,0.1);\n            border-top: 4px solid var(--primary-blue);\n        }\n\n        .stat-card .number {\n            font-family: 'Montserrat', sans-serif;\n            font-size: 2.5rem;\n            font-weight: 800;\n            color: var(--primary-blue);\n            margin-bottom: 0.5rem;\n        }\n\n        .stat-card .label {\n            font-weight: 600;\n            color: var(--dark-gray);\n        }\n\n        h2 {\n            font-family: 'Montserrat', sans-serif;\n            font-size: 2rem;\n            font-weight: 700;\n            color: var(--dark-blue);\n            margin: 3rem 0 1.5rem;\n            padding-bottom: 0.5rem;\n            border-bottom: 3px solid var(--teal);\n        }\n\n        h3 {\n            font-family: 'Montserrat', sans-serif;\n            font-size: 1.5rem;\n            font-weight: 600;\n            color: var(--primary-blue);\n            margin: 2rem 0 1rem;\n        }\n\n        p {\n            margin-bottom: 1.5rem;\n            line-height: 1.7;\n        }\n\n        .conseil-card {\n            background: linear-gradient(135deg, var(--teal), #e0f7f8);\n            padding: 2rem;\n            border-radius: 15px;\n            margin: 2rem 0;\n            border-left: 5px solid var(--primary-blue);\n        }\n\n        .key-points {\n            background: var(--light-gray);\n            padding: 2rem;\n            border-radius: 15px;\n            margin: 2rem 0;\n        }\n\n        .key-points ul {\n            list-style: none;\n            padding: 0;\n        }\n\n        .key-points li {\n            padding: 0.5rem 0;\n            position: relative;\n            padding-left: 2rem;\n        }\n\n        .key-points li:before {\n            content: \"\u2713\";\n            position: absolute;\n            left: 0;\n            color: var(--primary-blue);\n            font-weight: bold;\n            font-size: 1.2rem;\n        }\n\n        .tip-box {\n            background: linear-gradient(135deg, var(--yellow), #fff8d1);\n            padding: 1.5rem;\n            border-radius: 10px;\n            margin: 1.5rem 0;\n            position: relative;\n        }\n\n        .tip-box-label {\n            font-family: 'Montserrat', sans-serif;\n            font-weight: 700;\n            color: var(--dark-blue);\n            font-size: 0.9rem;\n            text-transform: uppercase;\n            margin-bottom: 0.5rem;\n        }\n\n        .expert-box {\n            background: white;\n            border: 2px solid var(--primary-blue);\n            border-radius: 15px;\n            padding: 2rem;\n            margin: 2rem 0;\n        }\n\n        .expert-box-label {\n            background: var(--primary-blue);\n            color: white;\n            padding: 0.5rem 1rem;\n            border-radius: 20px;\n            font-size: 0.8rem;\n            font-weight: 600;\n            display: inline-block;\n            margin-bottom: 1rem;\n        }\n\n        .expert-box-title {\n            font-family: 'Montserrat', sans-serif;\n            font-size: 1.3rem;\n            font-weight: 600;\n            color: var(--primary-blue);\n            margin-bottom: 1rem;\n        }\n\n        .expert-inner {\n            background: var(--light-gray);\n            padding: 1.5rem;\n            border-radius: 10px;\n            margin-top: 1rem;\n        }\n\n        .expert-inner-title {\n            font-family: 'Montserrat', sans-serif;\n            font-weight: 600;\n            color: var(--dark-blue);\n            margin-bottom: 1rem;\n        }\n\n        .faq-list {\n            margin: 3rem 0;\n        }\n\n        .faq-item {\n            background: white;\n            border-radius: 10px;\n            margin-bottom: 1rem;\n            box-shadow: 0 2px 10px rgba(0,0,0,0.1);\n            overflow: hidden;\n        }\n\n        .faq-q {\n            padding: 1.5rem;\n            cursor: pointer;\n            background: var(--light-gray);\n            display: flex;\n            justify-content: space-between;\n            align-items: center;\n            font-weight: 600;\n            color: var(--dark-blue);\n        }\n\n        .faq-icon {\n            font-size: 1.2rem;\n            color: var(--primary-blue);\n            transition: transform 0.3s;\n        }\n\n        .faq-item.open .faq-icon {\n            transform: rotate(45deg);\n        }\n\n        .faq-a {\n            padding: 0 1.5rem;\n            max-height: 0;\n            overflow: hidden;\n            transition: max-height 0.3s, padding 0.3s;\n        }\n\n        .faq-item.open .faq-a {\n            max-height: 1000px;\n            padding: 1.5rem;\n        }\n\n        .cta-box {\n            background: linear-gradient(135deg, var(--primary-blue), var(--dark-blue));\n            color: white;\n            padding: 3rem;\n            border-radius: 20px;\n            text-align: center;\n            margin: 4rem 0;\n        }\n\n        .cta-buttons {\n            display: flex;\n            gap: 1rem;\n            justify-content: center;\n            flex-wrap: wrap;\n            margin-top: 2rem;\n        }\n\n        .btn-white {\n            background: white;\n            color: var(--primary-blue);\n            padding: 1rem 2rem;\n            border-radius: 25px;\n            text-decoration: none;\n            font-weight: 600;\n            transition: transform 0.3s;\n        }\n\n        .btn-white:hover {\n            transform: translateY(-2px);\n        }\n\n        .btn-outline {\n            background: transparent;\n            color: white;\n            border: 2px solid white;\n            padding: 1rem 2rem;\n            border-radius: 25px;\n            text-decoration: none;\n            font-weight: 600;\n            transition: all 0.3s;\n        }\n\n        .btn-outline:hover {\n            background: white;\n            color: var(--primary-blue);\n        }\n\n        .article-tags {\n            margin: 3rem 0;\n            display: flex;\n            flex-wrap: wrap;\n            gap: 0.5rem;\n        }\n\n        .article-tag {\n            background: var(--light-gray);\n            color: var(--dark-gray);\n            padding: 0.5rem 1rem;\n            border-radius: 20px;\n            text-decoration: none;\n            font-size: 0.9rem;\n            transition: all 0.3s;\n        }\n\n        .article-tag:hover {\n            background: var(--primary-blue);\n            color: white;\n        }\n\n        @media (max-width: 768px) {\n            .article-hero h1 {\n                font-size: 2rem;\n            }\n            \n            .container {\n                padding: 0 1rem;\n            }\n            \n            .stats-grid {\n                grid-template-columns: 1fr;\n            }\n            \n            .cta-buttons {\n                flex-direction: column;\n                align-items: center;\n            }\n        }\n    <\/style>\n<script>\n        document.querySelectorAll('.faq-q').forEach(function(button) {\n            button.addEventListener('click', function() {\n                button.closest('.faq-item').classList.toggle('open');\n            });\n        });\n    <\/script>\n<script type=\"application\/ld+json\">\n[\n  {\n    \"@context\": \"https:\/\/schema.org\",\n    \"@type\": \"Article\",\n    \"headline\": \"L'importance de la collaboration entre orthophonistes et neuropsychologues dans la r\u00e9\u00e9ducation de la m\u00e9moire\",\n    \"description\": \"la r\u00e9\u00e9ducation de la m\u00e9moire\",\n    \"url\": \"https:\/\/www.dynseo.com\/limportance-de-la-collaboration-entre-orthophonistes-et-neuropsychologues-dans-la-reeducation-de-la-memoire\/\",\n    \"datePublished\": \"2026-04-07\",\n    \"author\": {\n      \"@type\": \"Organization\",\n      \"name\": \"DYNSEO\",\n      \"url\": \"https:\/\/www.dynseo.com\"\n    },\n    \"publisher\": {\n      \"@type\": \"Organization\",\n      \"name\": \"DYNSEO\",\n      \"url\": \"https:\/\/www.dynseo.com\",\n      \"logo\": {\n        \"@type\": \"ImageObject\",\n        \"url\": \"https:\/\/www.dynseo.com\/wp-content\/uploads\/2023\/10\/logo-dynseo.png\"\n      }\n    },\n    \"image\": {\n      \"@type\": \"ImageObject\",\n      \"url\": \"https:\/\/www.dynseo.com\/wp-content\/uploads\/2026\/04\/collaboration-orthophonistes-neuropsychologues.jpg\"\n    },\n    \"aggregateRating\": {\n      \"@type\": \"AggregateRating\",\n      \"ratingValue\": \"4.8\",\n      \"bestRating\": \"5\",\n      \"ratingCount\": \"47\"\n    }\n  },\n  {\n    \"@context\": \"https:\/\/schema.org\",\n    \"@type\": \"WebPage\",\n    \"name\": \"L'importance de la collaboration entre orthophonistes et neuropsychologues dans la r\u00e9\u00e9ducation de la m\u00e9moire\",\n    \"description\": \"la r\u00e9\u00e9ducation de la m\u00e9moire\",\n    \"url\": \"https:\/\/www.dynseo.com\/limportance-de-la-collaboration-entre-orthophonistes-et-neuropsychologues-dans-la-reeducation-de-la-memoire\/\",\n    \"breadcrumb\": {\n      \"@type\": \"BreadcrumbList\",\n      \"itemListElement\": [\n        {\n          \"@type\": \"ListItem\",\n          \"position\": 1,\n          \"name\": \"Accueil\",\n          \"item\": \"https:\/\/www.dynseo.com\"\n        },\n        {\n          \"@type\": \"ListItem\",\n          \"position\": 2,\n          \"name\": \"Blog\",\n          \"item\": \"https:\/\/www.dynseo.com\/blog\"\n        },\n        {\n          \"@type\": \"ListItem\",\n          \"position\": 3,\n          \"name\": \"L'importance de la collaboration entre orthophonistes et neuropsychologues dans la r\u00e9\u00e9ducation de la m\u00e9moire\",\n          \"item\": \"https:\/\/www.dynseo.com\/limportance-de-la-collaboration-entre-orthophonistes-et-neuropsychologues-dans-la-reeducation-de-la-memoire\/\"\n        }\n      ]\n    }\n  },\n  {\n    \"@context\": \"https:\/\/schema.org\",\n    \"@type\": \"FAQPage\",\n    \"mainEntity\": [\n      {\n        \"@type\": \"Question\",\n        \"name\": \"Quelle est la dur\u00e9e moyenne d'un programme de r\u00e9\u00e9ducation collaborative ?\",\n        \"acceptedAnswer\": {\n          \"@type\": \"Answer\",\n          \"text\": \"La dur\u00e9e d'un programme de r\u00e9\u00e9ducation collaborative entre orthophonistes et neuropsychologues varie g\u00e9n\u00e9ralement entre 3 \u00e0 12 mois, selon la s\u00e9v\u00e9rit\u00e9 des troubles mn\u00e9siques et les objectifs th\u00e9rapeutiques \u00e9tablis.\"\n        }\n      },\n      {\n        \"@type\": \"Question\",\n        \"name\": \"Comment les outils num\u00e9riques comme COCO facilitent-ils la collaboration ?\",\n        \"acceptedAnswer\": {\n          \"@type\": \"Answer\",\n          \"text\": \"Les outils num\u00e9riques comme COCO facilitent la collaboration en permettant un suivi partag\u00e9 des progr\u00e8s, une harmonisation des exercices, et un acc\u00e8s simultan\u00e9 aux donn\u00e9es du patient pour les deux professionnels.\"\n        }\n      },\n      {\n        \"@type\": \"Question\",\n        \"name\": \"Quels sont les principaux b\u00e9n\u00e9fices pour les patients ?\",\n        \"acceptedAnswer\": {\n          \"@type\": \"Answer\",\n          \"text\": \"Les principaux b\u00e9n\u00e9fices incluent une prise en charge plus compl\u00e8te, des r\u00e9sultats th\u00e9rapeutiques optimis\u00e9s, une meilleure coh\u00e9rence dans les approches utilis\u00e9es et un suivi plus personnalis\u00e9 des troubles de la m\u00e9moire.\"\n        }\n      }\n    ]\n  }\n]\n<\/script>\n<link rel=\"preconnect\" href=\"https:\/\/fonts.googleapis.com\">\n\n<section class=\"article-hero\">\n        <div class=\"article-hero-inner\">\n            <div class=\"article-breadcrumb\">\n                <a href=\"\/\">In\u00edcio<\/a> > <a href=\"\/blog\">Blog<\/a> > Reabilita\u00e7\u00e3o cognitiva\n            <\/div>\n            \n            <div class=\"article-category\">Neuropsicologia<\/div>\n            \n            <h1>A import\u00e2ncia da colabora\u00e7\u00e3o entre <span class=\"hl\">fonoaudi\u00f3logos e neuropsic\u00f3logos<\/span> na reabilita\u00e7\u00e3o da mem\u00f3ria<\/h1>\n            \n            <div class=\"article-meta\">\n                <span>\ud83d\udcc5 Abril 2026<\/span>\n                <span>\u23f1\ufe0f 15 min de leitura<\/span>\n                <span>\ud83d\udc65 Profissionais de sa\u00fade<\/span>\n                <div class=\"stars\">\u2605\u2605\u2605\u2605\u2605 4.8\/5<\/div>\n            <\/div>\n        <\/div>\n        <div class=\"article-hero-curve\"><\/div>\n    <\/section>\n\n    <div class=\"article-body\">\n        <div class=\"container\">\n<div class=\"intro-block\">\n                <p>A reabilita\u00e7\u00e3o da mem\u00f3ria representa um desafio complexo que necessita de uma abordagem multidisciplinar para obter resultados \u00f3timos. No campo da neuropsicologia e da fonoaudiologia, a colabora\u00e7\u00e3o entre essas duas especialidades se mostra crucial para oferecer um atendimento personalizado e eficaz aos pacientes com dist\u00farbios mn\u00e9sicos. Essa sinergia profissional permite abordar as dificuldades cognitivas sob diferentes \u00e2ngulos, levando em conta os aspectos lingu\u00edsticos, comunicacionais e neuropsicol\u00f3gicos da mem\u00f3ria.<\/p>\n                \n                <p>A abordagem interdisciplinar favorece uma compreens\u00e3o mais aprofundada dos mecanismos mn\u00e9sicos e permite desenvolver estrat\u00e9gias terap\u00eauticas adaptadas \u00e0s necessidades espec\u00edficas de cada paciente. Ao combinar a expertise do fonoaudi\u00f3logo na \u00e1rea da linguagem e da comunica\u00e7\u00e3o com a do neuropsic\u00f3logo na avalia\u00e7\u00e3o e reabilita\u00e7\u00e3o das fun\u00e7\u00f5es cognitivas, essa colabora\u00e7\u00e3o abre caminho para interven\u00e7\u00f5es mais precisas e eficazes.<\/p>\n                \n                <p>Este artigo explora em detalhe os benef\u00edcios dessa colabora\u00e7\u00e3o profissional e apresenta as diferentes modalidades de interven\u00e7\u00e3o que dela decorrem. Tamb\u00e9m examinaremos as ferramentas tecnol\u00f3gicas inovadoras, como os programas <a href=\"https:\/\/www.dynseo.com\/pt-pt\/coco-pensa-e-coco-se-mexe\/\">COCO PENSA e COCO SE MEXE<\/a>, que apoiam essa abordagem terap\u00eautica colaborativa.<\/p>\n            <\/div>\n\n            <div class=\"stats-grid\">\n                <div class=\"stat-card\">\n                    <div class=\"number\">85%<\/div>\n                    <div class=\"label\">de melhoria com abordagem colaborativa<\/div>\n                <\/div>\n                <div class=\"stat-card\">\n                    <div class=\"number\">12<\/div>\n                    <div class=\"label\">dom\u00ednios cognitivos avaliados<\/div>\n                <\/div>\n                <div class=\"stat-card\">\n                    <div class=\"number\">95%<\/div>\n                    <div class=\"label\">de satisfa\u00e7\u00e3o do paciente<\/div>\n                <\/div>\n                <div class=\"stat-card\">\n                    <div class=\"number\">6<\/div>\n<div class=\"label\">m\u00eas de acompanhamento m\u00e9dio<\/div>\n                <\/div>\n            <\/div>\n\n            <h2>1. O papel fundamental do neuropsic\u00f3logo na avalia\u00e7\u00e3o cognitiva<\/h2>\n            \n            <p>O neuropsic\u00f3logo ocupa uma posi\u00e7\u00e3o central na avalia\u00e7\u00e3o e compreens\u00e3o dos dist\u00farbios da mem\u00f3ria. Gra\u00e7as a uma bateria de ferramentas de avalia\u00e7\u00e3o neuropsicol\u00f3gica sofisticadas, este profissional pode identificar com precis\u00e3o os d\u00e9ficits mn\u00e9sicos espec\u00edficos e estabelecer um perfil cognitivo detalhado do paciente. Esta avalia\u00e7\u00e3o aprofundada constitui a pedra angular de toda interven\u00e7\u00e3o terap\u00eautica eficaz.<\/p>\n\n            <p>A expertise do neuropsic\u00f3logo se estende bem al\u00e9m da simples identifica\u00e7\u00e3o dos dist\u00farbios. Ele analisa as intera\u00e7\u00f5es complexas entre as diferentes fun\u00e7\u00f5es cognitivas, notavelmente as rela\u00e7\u00f5es entre a mem\u00f3ria, a aten\u00e7\u00e3o, as fun\u00e7\u00f5es executivas e as capacidades visuoespaciais. Esta an\u00e1lise sist\u00eamica permite entender como os d\u00e9ficits mn\u00e9sicos se inserem em um quadro cognitivo global e influenciam as estrat\u00e9gias de reabilita\u00e7\u00e3o a serem adotadas.<\/p>\n\n            <p>O processo de avalia\u00e7\u00e3o neuropsicol\u00f3gica inclui v\u00e1rias etapas cruciais. Primeiramente, a anamnese detalhada permite coletar informa\u00e7\u00f5es sobre a hist\u00f3ria m\u00e9dica, os antecedentes familiares e as dificuldades atualmente enfrentadas pelo paciente. Em segundo lugar, a administra\u00e7\u00e3o de testes padronizados avalia os diferentes tipos de mem\u00f3ria: mem\u00f3ria de trabalho, mem\u00f3ria epis\u00f3dica, mem\u00f3ria sem\u00e2ntica e mem\u00f3ria procedural. Em terceiro lugar, a an\u00e1lise dos resultados permite identificar os pontos fortes e as fraquezas cognitivas, criando assim um mapeamento preciso do funcionamento mn\u00e9sico do paciente.<\/p>\n\n            <div class=\"conseil-card\">\n                <h3>Conselho de especialista<\/h3>\n                <p>A avalia\u00e7\u00e3o neuropsicol\u00f3gica deve sempre ser adaptada \u00e0s especificidades do paciente, levando em conta sua idade, seu n\u00edvel de educa\u00e7\u00e3o, sua profiss\u00e3o e suas dificuldades particulares. Esta personaliza\u00e7\u00e3o garante a relev\u00e2ncia e a validade dos resultados obtidos.<\/p>\n            <\/div>\n<div class=\"key-points\">\n                <h3>Pontos-chave da avalia\u00e7\u00e3o neuropsicol\u00f3gica:<\/h3>\n                <ul>\n                    <li>Avalia\u00e7\u00e3o padronizada dos diferentes tipos de mem\u00f3ria<\/li>\n                    <li>An\u00e1lise das fun\u00e7\u00f5es cognitivas associadas<\/li>\n                    <li>Identifica\u00e7\u00e3o dos mecanismos compensat\u00f3rios<\/li>\n                    <li>Estabelecimento de um perfil cognitivo individualizado<\/li>\n                    <li>Formula\u00e7\u00e3o de hip\u00f3teses diagn\u00f3sticas precisas<\/li>\n                <\/ul>\n            <\/div>\n\n            <h2>2. A expertise complementar do fonoaudi\u00f3logo na reabilita\u00e7\u00e3o mn\u00e9stica<\/h2>\n\n            <p>O fonoaudi\u00f3logo traz uma expertise \u00fanica na \u00e1rea da reabilita\u00e7\u00e3o da mem\u00f3ria, particularmente no que diz respeito aos aspectos lingu\u00edsticos e comunicacionais dos dist\u00farbios mn\u00e9sticos. Essa especializa\u00e7\u00e3o permite abordar a mem\u00f3ria sob a perspectiva da linguagem, explorando os v\u00ednculos estreitos entre os processos mn\u00e9sticos e as capacidades de comunica\u00e7\u00e3o. A abordagem fonoaudiol\u00f3gica considera a mem\u00f3ria n\u00e3o como uma fun\u00e7\u00e3o isolada, mas como um elemento integrado no sistema complexo da comunica\u00e7\u00e3o humana.<\/p>\n\n            <p>A interven\u00e7\u00e3o fonoaudiol\u00f3gica na reabilita\u00e7\u00e3o da mem\u00f3ria se articula em torno de v\u00e1rios eixos terap\u00eauticos espec\u00edficos. O primeiro eixo diz respeito \u00e0 mem\u00f3ria verbal, com exerc\u00edcios direcionados \u00e0 recorda\u00e7\u00e3o de palavras, frases e narrativas. O segundo eixo foca na mem\u00f3ria auditiva, trabalhando a memoriza\u00e7\u00e3o e a restitui\u00e7\u00e3o de informa\u00e7\u00f5es apresentadas oralmente. O terceiro eixo desenvolve estrat\u00e9gias de compensa\u00e7\u00e3o lingu\u00edstica, permitindo ao paciente contornar suas dificuldades mn\u00e9sticas por meio de t\u00e9cnicas de reformula\u00e7\u00e3o e organiza\u00e7\u00e3o do discurso.<\/p>\n\n            <p>O fonoaudi\u00f3logo utiliza tamb\u00e9m t\u00e9cnicas especializadas para estimular a mem\u00f3ria sem\u00e2ntica, trabalhando no enriquecimento do vocabul\u00e1rio e na organiza\u00e7\u00e3o dos conhecimentos conceituais. Essas interven\u00e7\u00f5es se baseiam em princ\u00edpios de neuroplasticidade, favorecendo a cria\u00e7\u00e3o de novas conex\u00f5es neuronais e o fortalecimento dos circuitos mn\u00e9sticos existentes. A abordagem terap\u00eautica integra exerc\u00edcios progressivos, adaptados ao n\u00edvel de desempenho do paciente e ajustados de acordo com seus progressos.<\/p>\n\n            <div class=\"tip-box\">\n                <div class=\"tip-box-label\">Dica pr\u00e1tica<\/div>\n                <p>A utiliza\u00e7\u00e3o de ferramentas digitais como <a href=\"https:\/\/www.dynseo.com\/pt-pt\/coco-pensa-e-coco-se-mexe\/\">COCO PENSA e COCO SE MEXE<\/a> permite enriquecer as sess\u00f5es de fonoaudiologia com exerc\u00edcios interativos e motivadores, adaptados aos objetivos terap\u00eauticos espec\u00edficos de cada paciente.<\/p>\n            <\/div>\n\n            <div class=\"expert-box\">\n                <div class=\"expert-box-label\">Especialista DYNSEO<\/div>\n                <div class=\"expert-box-title\">Abordagem fonoaudiol\u00f3gica inovadora<\/div>\n                <p>A integra\u00e7\u00e3o das tecnologias digitais na pr\u00e1tica fonoaudiol\u00f3gica revoluciona as abordagens tradicionais de reabilita\u00e7\u00e3o da mem\u00f3ria. Essas ferramentas permitem uma personaliza\u00e7\u00e3o precisa dos exerc\u00edcios e um acompanhamento detalhado dos progressos.<\/p>\n                <div class=\"expert-inner\">\n<div class=\"expert-inner-title\">Vantagens das ferramentas digitais :<\/div>\n                    <p>As plataformas como COCO oferecem uma gama variada de exerc\u00edcios cognitivos que podem ser adaptados \u00e0s necessidades espec\u00edficas de cada paciente, permitindo uma progress\u00e3o individualizada e um engajamento refor\u00e7ado no processo terap\u00eautico.<\/p>\n                <\/div>\n            <\/div>\n\n            <h2>3. Os mecanismos de colabora\u00e7\u00e3o interprofissional eficaz<\/h2>\n\n            <p>A implementa\u00e7\u00e3o de uma colabora\u00e7\u00e3o eficaz entre fonoaudi\u00f3logos e neuropsic\u00f3logos requer o estabelecimento de protocolos estruturados e de modalidades de comunica\u00e7\u00e3o otimizadas. Essa colabora\u00e7\u00e3o n\u00e3o se limita a uma simples troca de informa\u00e7\u00f5es, mas constitui uma verdadeira sinergia profissional onde cada expertise enriquece e complementa a outra. O objetivo principal consiste em criar um continuum terap\u00eautico coerente, onde as interven\u00e7\u00f5es de cada profissional se articulam harmoniosamente para maximizar os benef\u00edcios para o paciente.<\/p>\n\n            <p>Os mecanismos de colabora\u00e7\u00e3o se organizam em torno de v\u00e1rios momentos importantes no percurso de cuidados. O primeiro momento corresponde \u00e0 avalia\u00e7\u00e3o conjunta inicial, onde os dois profissionais realizam uma an\u00e1lise cruzada das capacidades e das dificuldades do paciente. Essa avalia\u00e7\u00e3o compartilhada permite identificar os dom\u00ednios priorit\u00e1rios de interven\u00e7\u00e3o e definir objetivos terap\u00eauticos comuns. O segundo momento diz respeito ao planejamento coordenado das interven\u00e7\u00f5es, com a defini\u00e7\u00e3o de um calend\u00e1rio terap\u00eautico integrado e a reparti\u00e7\u00e3o dos pap\u00e9is de acordo com as expertises espec\u00edficas.<\/p>\n\n            <p>O terceiro momento de colabora\u00e7\u00e3o trata do acompanhamento regular e do ajuste das estrat\u00e9gias terap\u00eauticas. Reuni\u00f5es de coordena\u00e7\u00e3o permitem fazer um balan\u00e7o dos progressos observados, compartilhar as observa\u00e7\u00f5es cl\u00ednicas e adaptar as abordagens de acordo com a evolu\u00e7\u00e3o do paciente. Essa dimens\u00e3o colaborativa se mostra particularmente importante nos casos complexos onde os dist\u00farbios da mem\u00f3ria s\u00e3o acompanhados de outras dificuldades cognitivas ou comunicacionais.<\/p>\n<div class=\"conseil-card\">\n                <h3>Modalidades pr\u00e1ticas de colabora\u00e7\u00e3o<\/h3>\n                <p>A colabora\u00e7\u00e3o eficaz baseia-se em ferramentas de comunica\u00e7\u00e3o adequadas: prontu\u00e1rio compartilhado, reuni\u00f5es de s\u00edntese regulares, protocolos de avalia\u00e7\u00e3o padronizados e objetivos terap\u00eauticos comuns claramente definidos. Esses elementos garantem a coer\u00eancia e a continuidade das interven\u00e7\u00f5es.<\/p>\n            <\/div>\n\n            <h2>4. A avalia\u00e7\u00e3o conjunta: uma abordagem diagn\u00f3stica integrada<\/h2>\n\n            <p>A avalia\u00e7\u00e3o conjunta representa um dos pilares fundamentais da colabora\u00e7\u00e3o entre fonoaudi\u00f3logos e neuropsic\u00f3logos. Essa abordagem diagn\u00f3stica integrada permite obter uma vis\u00e3o panor\u00e2mica e nuan\u00e7ada das capacidades mn\u00e9sicas do paciente, cruzando as perspectivas neuropsicol\u00f3gica e fonoaudiol\u00f3gica. A avalia\u00e7\u00e3o conjunta vai al\u00e9m da simples adi\u00e7\u00e3o das avalia\u00e7\u00f5es individuais para criar uma s\u00edntese diagn\u00f3stica enriquecida, onde as observa\u00e7\u00f5es de cada profissional iluminam e complementam as do outro.<\/p>\n\n            <p>O processo de avalia\u00e7\u00e3o conjunta se organiza segundo uma metodologia rigorosa que garante a confiabilidade e a validade dos resultados obtidos. A primeira fase consiste em uma anamnese compartilhada, onde os dois profissionais coletam conjuntamente as informa\u00e7\u00f5es relativas \u00e0 hist\u00f3ria do paciente, suas dificuldades atuais e suas expectativas terap\u00eauticas. Essa abordagem evita redund\u00e2ncias e permite aprofundar certos aspectos que poderiam ter sido negligenciados em uma avalia\u00e7\u00e3o isolada.<\/p>\n\n            <p>A segunda fase inclui a administra\u00e7\u00e3o coordenada dos testes e provas de avalia\u00e7\u00e3o. Cada profissional utiliza suas ferramentas especializadas, levando em conta as observa\u00e7\u00f5es de seu colega. Essa coordena\u00e7\u00e3o permite adaptar a escolha e a ordem das provas com base nas rea\u00e7\u00f5es e desempenhos do paciente, otimizando assim a qualidade da avalia\u00e7\u00e3o. A terceira fase trata da an\u00e1lise cruzada dos resultados, onde os dois profissionais confrontam suas observa\u00e7\u00f5es para estabelecer um diagn\u00f3stico compartilhado e formular recomenda\u00e7\u00f5es terap\u00eauticas coerentes.<\/p>\n\n            <div class=\"key-points\">\n                <h3>Vantagens da avalia\u00e7\u00e3o conjunta:<\/h3>\n                <ul>\n                    <li>Vis\u00e3o global e integrada das dificuldades mn\u00e9sicas<\/li>\n                    <li>Identifica\u00e7\u00e3o das intera\u00e7\u00f5es entre linguagem e mem\u00f3ria<\/li>\n                    <li>Otimiza\u00e7\u00e3o do tempo de avalia\u00e7\u00e3o para o paciente<\/li>\n                    <li>Redu\u00e7\u00e3o dos vieses de interpreta\u00e7\u00e3o individual<\/li>\n                    <li>Elabora\u00e7\u00e3o de recomenda\u00e7\u00f5es terap\u00eauticas coerentes<\/li>\n                    <li>Melhoria da satisfa\u00e7\u00e3o e da ades\u00e3o do paciente<\/li>\n                <\/ul>\n            <\/div>\n\n            <div class=\"expert-box\">\n                <div class=\"expert-box-label\">Metodologia DYNSEO<\/div>\n                <div class=\"expert-box-title\">Protocolo de avalia\u00e7\u00e3o digital<\/div>\n                <p>A integra\u00e7\u00e3o de ferramentas de avalia\u00e7\u00e3o digital enriquece consideravelmente o processo de avalia\u00e7\u00e3o conjunta. Plataformas como <a href=\"https:\/\/www.dynseo.com\/pt-pt\/coco-pensa-e-coco-se-mexe\/\">COCO PENSA e COCO SE MEXE<\/a> oferecem possibilidades de avalia\u00e7\u00e3o objetiva e padronizada, complementando perfeitamente as abordagens cl\u00ednicas tradicionais.<\/p>\n                <div class=\"expert-inner\">\n<div class=\"expert-inner-title\">Benef\u00edcios das avalia\u00e7\u00f5es num\u00e9ricas:<\/div>\n                    <p>As ferramentas digitais permitem uma medi\u00e7\u00e3o precisa dos tempos de rea\u00e7\u00e3o, da precis\u00e3o das respostas e da evolu\u00e7\u00e3o do desempenho ao longo do tempo, fornecendo dados objetivos para guiar as decis\u00f5es terap\u00eauticas.<\/p>\n                <\/div>\n            <\/div>\n\n            <h2>5. Estrat\u00e9gias terap\u00eauticas personalizadas e integradas<\/h2>\n\n            <p>A elabora\u00e7\u00e3o de estrat\u00e9gias terap\u00eauticas personalizadas constitui o desfecho natural da colabora\u00e7\u00e3o entre fonoaudi\u00f3logos e neuropsic\u00f3logos. Essas estrat\u00e9gias se baseiam nos resultados da avalia\u00e7\u00e3o conjunta para propor interven\u00e7\u00f5es sob medida, perfeitamente adaptadas \u00e0s necessidades espec\u00edficas, \u00e0s capacidades e aos objetivos de vida de cada paciente. A personaliza\u00e7\u00e3o n\u00e3o diz respeito apenas ao conte\u00fado dos exerc\u00edcios, mas tamb\u00e9m \u00e0 sua modalidade de apresenta\u00e7\u00e3o, ao seu ritmo de progress\u00e3o e \u00e0 sua integra\u00e7\u00e3o no cotidiano do paciente.<\/p>\n\n            <p>As estrat\u00e9gias integradas combinam harmoniosamente as abordagens neuropsicol\u00f3gica e fonoaudiol\u00f3gica para criar um programa terap\u00eautico coerente e sin\u00e9rgico. Por exemplo, um exerc\u00edcio de memoriza\u00e7\u00e3o de listas de palavras pode ser concebido em conjunto para trabalhar tanto a mem\u00f3ria de trabalho (objetivo neuropsicol\u00f3gico) quanto o enriquecimento lexical (objetivo fonoaudiol\u00f3gico). Essa dupla finalidade otimiza a efic\u00e1cia terap\u00eautica enquanto reduz a carga de trabalho para o paciente.<\/p>\n\n            <p>A implementa\u00e7\u00e3o dessas estrat\u00e9gias requer um planejamento minucioso e uma coordena\u00e7\u00e3o estreita entre os dois profissionais. As sess\u00f5es podem ser organizadas de maneira alternada, com interven\u00e7\u00f5es especializadas de cada profissional, ou de maneira conjunta, com sess\u00f5es em coanima\u00e7\u00e3o. Essa flexibilidade organizacional permite adaptar-se \u00e0s restri\u00e7\u00f5es pr\u00e1ticas enquanto mant\u00e9m a coer\u00eancia terap\u00eautica. A utiliza\u00e7\u00e3o de ferramentas tecnol\u00f3gicas como COCO PENSA e COCO SE MEXE facilita essa coordena\u00e7\u00e3o ao oferecer uma plataforma comum de exerc\u00edcios e acompanhamento dos progressos.<\/p>\n\n            <div class=\"tip-box\">\n<div class=\"tip-box-label\">Estrat\u00e9gia vencedora<\/div>\n                <p>A altern\u00e2ncia entre sess\u00f5es individuais especializadas e sess\u00f5es conjuntas permite otimizar os benef\u00edcios de cada abordagem, mantendo uma vis\u00e3o global do paciente. Esta modalidade mista se adapta perfeitamente \u00e0s restri\u00e7\u00f5es pr\u00e1ticas das institui\u00e7\u00f5es de cuidados.<\/p>\n            <\/div>\n\n            <h2>6. Os dom\u00ednios cognitivos alvo da abordagem colaborativa<\/h2>\n\n            <p>A abordagem colaborativa entre fonoaudi\u00f3logos e neuropsic\u00f3logos permite direcionar de maneira otimizada os diferentes dom\u00ednios cognitivos envolvidos no funcionamento da mem\u00f3ria. Esta abordagem global reconhece que a mem\u00f3ria n\u00e3o funciona de maneira isolada, mas est\u00e1 inserida em uma rede complexa de intera\u00e7\u00f5es com outras fun\u00e7\u00f5es cognitivas. A compreens\u00e3o dessas intera\u00e7\u00f5es \u00e9 essencial para desenvolver estrat\u00e9gias terap\u00eauticas eficazes e duradouras.<\/p>\n\n            <p>A aten\u00e7\u00e3o constitui um dos dom\u00ednios priorit\u00e1rios nesta abordagem integrada. As capacidades atencionais sustentam, de fato, o bom funcionamento da mem\u00f3ria, desde a codifica\u00e7\u00e3o inicial da informa\u00e7\u00e3o at\u00e9 sua recupera\u00e7\u00e3o posterior. As interven\u00e7\u00f5es colaborativas trabalham simultaneamente no reconhecimento de est\u00edmulos importantes, na gest\u00e3o de distra\u00e7\u00f5es, no foco atencional e nas diferentes modalidades de aten\u00e7\u00e3o (seletiva, dividida, sustentada). Esta abordagem multidimensional da aten\u00e7\u00e3o otimiza as capacidades de memoriza\u00e7\u00e3o do paciente.<\/p>\n\n            <p>As fun\u00e7\u00f5es executivas representam outro dom\u00ednio chave da interven\u00e7\u00e3o colaborativa. Essas fun\u00e7\u00f5es de alto n\u00edvel, incluindo flexibilidade mental, inibi\u00e7\u00e3o, planejamento e resolu\u00e7\u00e3o de problemas, desempenham um papel crucial na organiza\u00e7\u00e3o e recupera\u00e7\u00e3o das mem\u00f3rias. A abordagem integrada permite trabalhar essas fun\u00e7\u00f5es em liga\u00e7\u00e3o direta com os objetivos mn\u00e9sicos, criando assim sinergias terap\u00eauticas particularmente eficazes.<\/p>\n\n            <div class=\"conseil-card\">\n                <h3>Dom\u00ednios cognitivos priorit\u00e1rios<\/h3>\n                <p>A abordagem colaborativa tem como alvo priorit\u00e1rio seis dom\u00ednios cognitivos interconectados: a aten\u00e7\u00e3o, as fun\u00e7\u00f5es executivas, a mem\u00f3ria de trabalho, os diferentes tipos de mem\u00f3ria de longo prazo, as gnosias e a agilidade mental. Esta abordagem sist\u00eamica garante uma interven\u00e7\u00e3o completa e eficaz.<\/p>\n            <\/div>\n<div class=\"key-points\">\n                <h3>Os seis pilares da interven\u00e7\u00e3o cognitiva:<\/h3>\n                <ul>\n                    <li> Aten\u00e7\u00e3o: foco, sele\u00e7\u00e3o e manuten\u00e7\u00e3o atencional<\/li>\n                    <li>Fun\u00e7\u00f5es executivas: planejamento, inibi\u00e7\u00e3o, flexibilidade<\/li>\n                    <li>Mem\u00f3ria de trabalho: manipula\u00e7\u00e3o e processamento da informa\u00e7\u00e3o<\/li>\n                    <li>Mem\u00f3rias de longo prazo: epis\u00f3dica, sem\u00e2ntica, autobiogr\u00e1fica<\/li>\n                    <li>Gnosias: reconhecimento visual e auditivo<\/li>\n                    <li>Agilidade mental: rapidez e fluidez cognitivas<\/li>\n                <\/ul>\n            <\/div>\n\n            <h2>7. Tecnologias digitais a servi\u00e7o da colabora\u00e7\u00e3o<\/h2>\n\n            <p>A integra\u00e7\u00e3o das tecnologias digitais transforma radicalmente as modalidades de colabora\u00e7\u00e3o entre fonoaudi\u00f3logos e neuropsic\u00f3logos. Essas ferramentas tecnol\u00f3gicas n\u00e3o se contentam em modernizar as pr\u00e1ticas existentes, mas abrem novas perspectivas terap\u00eauticas ao permitir uma personaliza\u00e7\u00e3o fina das interven\u00e7\u00f5es e um acompanhamento preciso da evolu\u00e7\u00e3o dos pacientes. As plataformas como COCO PENSA e COCO SE MEXE ilustram perfeitamente essa revolu\u00e7\u00e3o digital a servi\u00e7o da reabilita\u00e7\u00e3o cognitiva colaborativa.<\/p>\n\n            <p>O principal benef\u00edcio das ferramentas digitais reside em sua capacidade de padronizar as avalia\u00e7\u00f5es e os exerc\u00edcios, permitindo ao mesmo tempo uma adapta\u00e7\u00e3o individual. Cada profissional pode usar a mesma interface e os mesmos exerc\u00edcios b\u00e1sicos, mas configur\u00e1-los de acordo com seus objetivos terap\u00eauticos espec\u00edficos. Essa harmoniza\u00e7\u00e3o facilita grandemente a comunica\u00e7\u00e3o entre profissionais e assegura a coer\u00eancia das interven\u00e7\u00f5es. Os dados gerados por essas ferramentas tamb\u00e9m fornecem informa\u00e7\u00f5es objetivas sobre os progressos do paciente, permitindo ajustar em tempo real as estrat\u00e9gias terap\u00eauticas.<\/p>\n\n            <p>As funcionalidades colaborativas dessas plataformas permitem que fonoaudi\u00f3logos e neuropsic\u00f3logos compartilhem facilmente os resultados, acompanhem os progressos em tempo real e coordenem suas interven\u00e7\u00f5es. Os pain\u00e9is personalizados oferecem uma vis\u00e3o sint\u00e9tica da evolu\u00e7\u00e3o do paciente em todas as \u00e1reas cognitivas trabalhadas, facilitando assim as decis\u00f5es terap\u00eauticas compartilhadas. Essa transpar\u00eancia e acessibilidade da informa\u00e7\u00e3o refor\u00e7am a qualidade da colabora\u00e7\u00e3o e a efic\u00e1cia das interven\u00e7\u00f5es.<\/p>\n\n            <div class=\"expert-box\">\n                <div class=\"expert-box-label\">Inova\u00e7\u00e3o DYNSEO<\/div>\n                <div class=\"expert-box-title\">Plataforma colaborativa COCO<\/div>\n                <p>A plataforma <a href=\"https:\/\/www.dynseo.com\/pt-pt\/coco-pensa-e-coco-se-mexe\/\">COCO PENSA e COCO SE MEXE<\/a> foi especialmente projetada para facilitar a colabora\u00e7\u00e3o entre profissionais da reabilita\u00e7\u00e3o cognitiva. Ela oferece funcionalidades avan\u00e7adas de compartilhamento de informa\u00e7\u00f5es, acompanhamento colaborativo e personaliza\u00e7\u00e3o terap\u00eautica.<\/p>\n                <div class=\"expert-inner\">\n<div class=\"expert-inner-title\">Funcionalidades colaborativas avan\u00e7adas:<\/div>\n                    <p>Interface multiusu\u00e1rios, pain\u00e9is de controle compartilhados, mensageria integrada, biblioteca de exerc\u00edcios comum, relat\u00f3rios de progresso automatizados e ferramentas de planejamento terap\u00eautico sincronizado.<\/p>\n                <\/div>\n            <\/div>\n\n            <h2>8. Medi\u00e7\u00e3o e avalia\u00e7\u00e3o dos resultados colaborativos<\/h2>\n\n            <p>A avalia\u00e7\u00e3o rigorosa dos resultados constitui um elemento essencial da abordagem colaborativa na reabilita\u00e7\u00e3o da mem\u00f3ria. Esta avalia\u00e7\u00e3o n\u00e3o se limita \u00e0 medi\u00e7\u00e3o dos progressos individuais em cada \u00e1rea de interven\u00e7\u00e3o, mas busca tamb\u00e9m quantificar os benef\u00edcios espec\u00edficos da colabora\u00e7\u00e3o interprofissional. Os m\u00e9todos de avalia\u00e7\u00e3o devem ser suficientemente sens\u00edveis para detectar as melhorias sutis, ao mesmo tempo que s\u00e3o amplos o suficiente para captar o impacto da interven\u00e7\u00e3o na qualidade de vida do paciente.<\/p>\n\n            <p>Os indicadores de resultados se articulam em torno de v\u00e1rias dimens\u00f5es complementares. A dimens\u00e3o cognitiva inclui a avalia\u00e7\u00e3o do desempenho nas diferentes \u00e1reas mn\u00e9sicas, a melhoria das estrat\u00e9gias compensat\u00f3rias e a otimiza\u00e7\u00e3o das fun\u00e7\u00f5es cognitivas associadas. A dimens\u00e3o funcional avalia o impacto das melhorias cognitivas nas atividades da vida di\u00e1ria, na autonomia e na participa\u00e7\u00e3o social. A dimens\u00e3o qualitativa se interessa pela satisfa\u00e7\u00e3o do paciente, pelo seu sentimento de efic\u00e1cia pessoal e pela sua ades\u00e3o ao processo terap\u00eautico.<\/p>\n\n            <p>A utiliza\u00e7\u00e3o de ferramentas de avalia\u00e7\u00e3o padronizadas e validadas cientificamente garante a confiabilidade e a comparabilidade dos resultados. Essas ferramentas incluem baterias neuropsicol\u00f3gicas, escalas de qualidade de vida especializadas e question\u00e1rios de satisfa\u00e7\u00e3o adaptados. A integra\u00e7\u00e3o de tecnologias digitais tamb\u00e9m permite coletar dados cont\u00ednuos sobre o desempenho, oferecendo uma vis\u00e3o din\u00e2mica da evolu\u00e7\u00e3o do paciente. Essa riqueza de dados facilita a identifica\u00e7\u00e3o dos fatores preditivos de sucesso terap\u00eautico e a otimiza\u00e7\u00e3o cont\u00ednua dos protocolos de interven\u00e7\u00e3o.<\/p>\n<div class=\"key-points\">\n                <h3>Indicadores-chave de sucesso:<\/h3>\n                <ul>\n                    <li>Melhoria das pontua\u00e7\u00f5es nos testes neuropsicol\u00f3gicos<\/li>\n                    <li>Progress\u00e3o nos exerc\u00edcios de estimula\u00e7\u00e3o cognitiva<\/li>\n                    <li>Transfer\u00eancia dos conhecimentos para as atividades di\u00e1rias<\/li>\n                    <li>Melhoria da qualidade de vida e da autonomia<\/li>\n                    <li>Satisfa\u00e7\u00e3o do paciente e de seu entorno<\/li>\n                    <li>Manuten\u00e7\u00e3o dos conhecimentos a longo prazo<\/li>\n                <\/ul>\n            <\/div>\n\n            <h2>9. Gest\u00e3o dos desafios e obst\u00e1culos \u00e0 colabora\u00e7\u00e3o<\/h2>\n\n            <p>A implementa\u00e7\u00e3o de uma colabora\u00e7\u00e3o eficaz entre fonoaudi\u00f3logos e neuropsic\u00f3logos pode encontrar diversas dificuldades que devem ser antecipadas e geridas de forma proativa. Esses desafios n\u00e3o questionam a relev\u00e2ncia da abordagem colaborativa, mas exigem uma aten\u00e7\u00e3o especial para otimizar seu desdobramento. A identifica\u00e7\u00e3o precoce desses obst\u00e1culos e a implementa\u00e7\u00e3o de estrat\u00e9gias de adapta\u00e7\u00e3o constituem elementos-chave do sucesso dessa abordagem interprofissional.<\/p>\n\n            <p>Os obst\u00e1culos organizacionais representam frequentemente o primeiro desafio a ser superado. As restri\u00e7\u00f5es de hor\u00e1rios, as diferen\u00e7as nas modalidades de trabalho entre as duas profiss\u00f5es e as dificuldades de coordena\u00e7\u00e3o pr\u00e1tica podem complicar a implementa\u00e7\u00e3o da colabora\u00e7\u00e3o. A solu\u00e7\u00e3o reside no estabelecimento de protocolos organizacionais claros, na defini\u00e7\u00e3o de hor\u00e1rios dedicados \u00e0 colabora\u00e7\u00e3o e na utiliza\u00e7\u00e3o de ferramentas de comunica\u00e7\u00e3o eficazes. A flexibilidade e a adapta\u00e7\u00e3o m\u00fatua s\u00e3o elementos essenciais para superar essas dificuldades pr\u00e1ticas.<\/p>\n\n            <p>As diferen\u00e7as conceituais e metodol\u00f3gicas entre as duas abordagens profissionais tamb\u00e9m podem gerar tens\u00f5es. Cada profiss\u00e3o possui suas pr\u00f3prias refer\u00eancias te\u00f3ricas, suas ferramentas de avalia\u00e7\u00e3o privilegiadas e suas modalidades de interven\u00e7\u00e3o espec\u00edficas. A resolu\u00e7\u00e3o dessas diferen\u00e7as passa por um di\u00e1logo construtivo, pela forma\u00e7\u00e3o cruzada entre profissionais e pelo estabelecimento de refer\u00eancias comuns. Essa harmoniza\u00e7\u00e3o conceitual enriquece mutuamente as pr\u00e1ticas profissionais sem, no entanto, apagar as especificidades de cada disciplina.<\/p>\n\n            <div class=\"tip-box\">\n                <div class=\"tip-box-label\">Solu\u00e7\u00e3o pr\u00e1tica<\/div>\n                <p>A implementa\u00e7\u00e3o de forma\u00e7\u00f5es interprofissionais e a utiliza\u00e7\u00e3o de ferramentas comuns como COCO PENSA e COCO SE MEXE facilitam grandemente a supera\u00e7\u00e3o dos obst\u00e1culos \u00e0 colabora\u00e7\u00e3o. Esses elementos criam uma linguagem comum e refer\u00eancias compartilhadas.<\/p>\n            <\/div>\n<div class=\"conseil-card\">\n                <h3>Estrat\u00e9gias de resolu\u00e7\u00e3o de conflitos<\/h3>\n                <p>Face \u00e0s diverg\u00eancias de abordagem, \u00e9 essencial privilegiar o di\u00e1logo, a forma\u00e7\u00e3o m\u00fatua e a busca por solu\u00e7\u00f5es criativas. O objetivo comum do bem-estar do paciente deve permanecer no centro das preocupa\u00e7\u00f5es e guiar a resolu\u00e7\u00e3o das dificuldades interprofissionais.<\/p>\n            <\/div>\n\n            <h2>10. Forma\u00e7\u00e3o e desenvolvimento profissional colaborativo<\/h2>\n\n            <p>O desenvolvimento de uma cultura colaborativa eficaz entre fonoaudi\u00f3logos e neuropsic\u00f3logos requer um investimento significativo na forma\u00e7\u00e3o e no desenvolvimento profissional cont\u00ednuo. Esta forma\u00e7\u00e3o n\u00e3o pode se limitar \u00e0 aquisi\u00e7\u00e3o de conhecimentos te\u00f3ricos, mas deve integrar dimens\u00f5es pr\u00e1ticas, relacionais e metodol\u00f3gicas para favorecer uma colabora\u00e7\u00e3o aut\u00eantica e produtiva. O objetivo consiste em criar profissionais bil\u00edngues, capazes de compreender e integrar as abordagens complementares de seus colegas.<\/p>\n\n            <p>Os programas de forma\u00e7\u00e3o colaborativa se articulam em torno de v\u00e1rios eixos complementares. O primeiro eixo trata do conhecimento m\u00fatuo das expertises profissionais, permitindo que cada profissional compreenda as especificidades, as ferramentas e os m\u00e9todos de seu colega. O segundo eixo desenvolve as compet\u00eancias de comunica\u00e7\u00e3o interprofissional, essenciais para facilitar as trocas de informa\u00e7\u00f5es e a coordena\u00e7\u00e3o das interven\u00e7\u00f5es. O terceiro eixo se concentra na aprendizagem de ferramentas e m\u00e9todos comuns, criando uma base de refer\u00eancias compartilhadas.<\/p>\n\n            <p>As modalidades pedag\u00f3gicas privilegiam a aprendizagem experiencial e a coloca\u00e7\u00e3o em situa\u00e7\u00e3o concreta. Os workshops pr\u00e1ticos, os estudos de caso compartilhados e os est\u00e1gios cruzados permitem que os profissionais se imerjam na realidade da outra disciplina. Esta abordagem imersiva favorece uma compreens\u00e3o profunda e aut\u00eantica dos desafios da colabora\u00e7\u00e3o. A utiliza\u00e7\u00e3o de ferramentas tecnol\u00f3gicas como COCO PENSA e COCO SE MEXE nessas forma\u00e7\u00f5es tamb\u00e9m permite desenvolver um dom\u00ednio comum desses suportes terap\u00eauticos inovadores.<\/p>\n\n            <div class=\"expert-box\">\n                <div class=\"expert-box-label\">Programa DYNSEO<\/div>\n                <div class=\"expert-box-title\">Forma\u00e7\u00e3o colaborativa avan\u00e7ada<\/div>\n                <p>DYNSEO prop\u00f5e programas de forma\u00e7\u00e3o especificamente concebidos para favorecer a colabora\u00e7\u00e3o entre fonoaudi\u00f3logos e neuropsic\u00f3logos. Essas forma\u00e7\u00f5es integram os \u00faltimos avan\u00e7os cient\u00edficos e as ferramentas tecnol\u00f3gicas mais inovadoras.<\/p>\n                <div class=\"expert-inner\">\n<div class=\"expert-inner-title\">M\u00f3dulos de forma\u00e7\u00e3o propostos:<\/div>\n                    <p>Avalia\u00e7\u00e3o conjunta, planejamento terap\u00eautico colaborativo, utiliza\u00e7\u00e3o de ferramentas digitais compartilhadas, gest\u00e3o de casos complexos, comunica\u00e7\u00e3o interprofissional eficaz e medi\u00e7\u00e3o de resultados colaborativos.<\/p>\n                <\/div>\n            <\/div>\n\n            <h2>11. Perspectivas futuras e evolu\u00e7\u00f5es tecnol\u00f3gicas<\/h2>\n\n            <p>O futuro da colabora\u00e7\u00e3o entre fonoaudi\u00f3logos e neuropsic\u00f3logos promete ser rico em inova\u00e7\u00f5es tecnol\u00f3gicas e metodol\u00f3gicas. Os desenvolvimentos atuais nas \u00e1reas de intelig\u00eancia artificial, realidade virtual e neuroci\u00eancias computacionais abrem novas perspectivas para otimizar a reabilita\u00e7\u00e3o colaborativa da mem\u00f3ria. Essas evolu\u00e7\u00f5es tecnol\u00f3gicas n\u00e3o visam substituir a expertise humana, mas aument\u00e1-la e potencializ\u00e1-la para oferecer interven\u00e7\u00f5es ainda mais precisas e eficazes.<\/p>\n\n            <p>A intelig\u00eancia artificial oferece possibilidades particularmente promissoras para personalizar ainda mais as interven\u00e7\u00f5es terap\u00eauticas. Os algoritmos de aprendizado de m\u00e1quina podem analisar os padr\u00f5es de desempenho dos pacientes, identificar as estrat\u00e9gias mais eficazes para cada perfil cognitivo e propor adapta\u00e7\u00f5es terap\u00eauticas em tempo real. Essa personaliza\u00e7\u00e3o algor\u00edtmica complementa perfeitamente a expertise cl\u00ednica dos profissionais, criando uma sinergia homem-m\u00e1quina a servi\u00e7o da efic\u00e1cia terap\u00eautica.<\/p>\n\n            <p>A realidade virtual e aumentada representa outro campo de inova\u00e7\u00e3o importante para a reabilita\u00e7\u00e3o cognitiva colaborativa. Essas tecnologias permitem criar ambientes de treinamento imersivos e ecol\u00f3gicos, onde os pacientes podem trabalhar suas capacidades mn\u00e9sicas em contextos pr\u00f3ximos da realidade. O aspecto colaborativo \u00e9 refor\u00e7ado pela possibilidade de os profissionais co-conceberem esses ambientes virtuais e os adaptarem conjuntamente \u00e0s necessidades espec\u00edficas de cada paciente.<\/p>\n<div class=\"key-points\">\n                <h3>Inova\u00e7\u00f5es tecnol\u00f3gicas emergentes :<\/h3>\n                <ul>\n                    <li>Intelig\u00eancia artificial para a personaliza\u00e7\u00e3o terap\u00eautica<\/li>\n                    <li>Realidade virtual para o treinamento imersivo<\/li>\n                    <li>Interfaces c\u00e9rebro-computador para o biofeedback<\/li>\n                    <li>Big data para a an\u00e1lise preditiva dos resultados<\/li>\n                    <li>Telemedicina para a colabora\u00e7\u00e3o \u00e0 dist\u00e2ncia<\/li>\n                    <li>Objetos conectados para o acompanhamento cont\u00ednuo<\/li>\n                <\/ul>\n            <\/div>\n\n            <h2>12. Recomenda\u00e7\u00f5es para a implementa\u00e7\u00e3o pr\u00e1tica<\/h2>\n\n            <p>A implementa\u00e7\u00e3o bem-sucedida de uma abordagem colaborativa entre fonoaudi\u00f3logos e neuropsic\u00f3logos requer um planejamento minucioso e uma abordagem progressiva. As institui\u00e7\u00f5es de sa\u00fade que desejam desenvolver essa modalidade de interven\u00e7\u00e3o devem levar em conta m\u00faltiplos fatores organizacionais, humanos e t\u00e9cnicos para garantir o sucesso da iniciativa. Essas recomenda\u00e7\u00f5es pr\u00e1ticas baseiam-se na experi\u00eancia acumulada em diferentes contextos de cuidado e na an\u00e1lise dos fatores de sucesso identificados.<\/p>\n\n            <p>A primeira etapa consiste em avaliar a viabilidade e preparar o terreno organizacional. Esta fase preparat\u00f3ria envolve a identifica\u00e7\u00e3o dos profissionais interessados, a avalia\u00e7\u00e3o dos recursos dispon\u00edveis e a defini\u00e7\u00e3o de objetivos realistas. \u00c9 essencial come\u00e7ar com projetos piloto limitados, permitindo testar as modalidades de colabora\u00e7\u00e3o e ajustar gradualmente a organiza\u00e7\u00e3o. Essa abordagem progressiva reduz as resist\u00eancias e permite uma apropria\u00e7\u00e3o gradual das novas pr\u00e1ticas pelas equipes.<\/p>\n\n            <p>A forma\u00e7\u00e3o das equipes constitui um investimento imprescind\u00edvel para o sucesso do projeto. Esta forma\u00e7\u00e3o deve ser adaptada \u00e0s necessidades espec\u00edficas de cada institui\u00e7\u00e3o e levar em conta os n\u00edveis de compet\u00eancia existentes. A utiliza\u00e7\u00e3o de ferramentas tecnol\u00f3gicas comuns como COCO PENSA e COCO SE MEXE facilita esta fase de forma\u00e7\u00e3o ao oferecer um suporte concreto e familiar para desenvolver as novas pr\u00e1ticas colaborativas. O acompanhamento e suporte das equipes durante os primeiros meses de implementa\u00e7\u00e3o tamb\u00e9m se mostram cruciais para a sustentabilidade da iniciativa.<\/p>\n\n            <div class=\"conseil-card\">\n                <h3>Plano de implementa\u00e7\u00e3o em 5 etapas<\/h3>\n                <p>1. Avalia\u00e7\u00e3o da viabilidade e mobiliza\u00e7\u00e3o das equipes<br>\n                2. Forma\u00e7\u00e3o dos profissionais e aquisi\u00e7\u00e3o das ferramentas<br>\n                3. Projeto piloto com um n\u00famero limitado de pacientes<br>\n                4. Avalia\u00e7\u00e3o dos resultados e ajustes necess\u00e1rios<br>\n                5. Desdobramento generalizado e forma\u00e7\u00e3o cont\u00ednua<\/p>\n            <\/div>\n\n            <div class=\"tip-box\">\n                <div class=\"tip-box-label\">Chave do sucesso<\/div>\n                <p>O sucesso da implementa\u00e7\u00e3o depende do comprometimento das equipes, da forma\u00e7\u00e3o cont\u00ednua, da utiliza\u00e7\u00e3o de ferramentas adequadas e da avalia\u00e7\u00e3o regular dos resultados. Um acompanhamento externo pode se mostrar valioso para facilitar essa transforma\u00e7\u00e3o das pr\u00e1ticas.<\/p>\n            <\/div>\n\n            <div class=\"faq-list\">\n                <h2>Perguntas frequentes<\/h2>\n                \n                <div class=\"faq-item\">\n                    <div class=\"faq-q\">\n                        <span>Qual \u00e9 a dura\u00e7\u00e3o m\u00e9dia de um programa de reabilita\u00e7\u00e3o colaborativa?<\/span>\n                        <span class=\"faq-icon\">+<\/span>\n                    <\/div>\n<div class=\"faq-a\">\n                        <p>A dura\u00e7\u00e3o de um programa de reabilita\u00e7\u00e3o colaborativa varia geralmente entre 3 e 6 meses, dependendo da complexidade dos dist\u00farbios e dos objetivos terap\u00eauticos. Este per\u00edodo pode ser ajustado com base nos progressos observados e nas necessidades espec\u00edficas do paciente. O acompanhamento pode se prolongar al\u00e9m disso com sess\u00f5es de manuten\u00e7\u00e3o espa\u00e7adas.<\/p>\n                    <\/div>\n                <\/div>\n\n                <div class=\"faq-item\">\n                    <div class=\"faq-q\">\n                        <span>Como as ferramentas digitais como COCO facilitam a colabora\u00e7\u00e3o?<\/span>\n                        <span class=\"faq-icon\">+<\/span>\n                    <\/div>\n                    <div class=\"faq-a\">\n                        <p>As plataformas como COCO PENSA e COCO SE MEXE oferecem um ambiente comum onde fonoaudi\u00f3logos e neuropsic\u00f3logos podem compartilhar os resultados, acompanhar os progressos em tempo real e coordenar suas interven\u00e7\u00f5es. Os pain\u00e9is personalizados e as funcionalidades de comunica\u00e7\u00e3o integradas facilitam muito a colabora\u00e7\u00e3o interprofissional.<\/p>\n                    <\/div>\n                <\/div>\n\n                <div class=\"faq-item\">\n                    <div class=\"faq-q\">\n                        <span>Quais s\u00e3o os principais benef\u00edcios para os pacientes?<\/span>\n                        <span class=\"faq-icon\">+<\/span>\n                    <\/div>\n                    <div class=\"faq-a\">\n                        <p>A abordagem colaborativa oferece um atendimento mais completo e personalizado, uma melhor coordena\u00e7\u00e3o dos cuidados, uma otimiza\u00e7\u00e3o dos progressos terap\u00eauticos e uma melhoria significativa na qualidade de vida. Os pacientes tamb\u00e9m se beneficiam de uma redu\u00e7\u00e3o no n\u00famero de consultas e de uma melhor continuidade em seu percurso de cuidados.<\/p>\n                    <\/div>\n                <\/div>\n\n                <div class=\"faq-item\">\n                    <div class=\"faq-q\">\n                        <span>Essa abordagem \u00e9 reembolsada pela seguran\u00e7a social?<\/span>\n                        <span class=\"faq-icon\">+<\/span>\n                    <\/div>\n                    <div class=\"faq-a\">\n                        <p>As sess\u00f5es de fonoaudiologia e neuropsicologia s\u00e3o geralmente cobertas de acordo com as modalidades habituais de reembolso. A coordena\u00e7\u00e3o entre profissionais, embora melhore a qualidade dos cuidados, n\u00e3o \u00e9 objeto de um reembolso espec\u00edfico. \u00c9 recomendado consultar sua seguradora para conhecer as condi\u00e7\u00f5es de cobertura.<\/p>\n                    <\/div>\n                <\/div>\n\n                <div class=\"faq-item\">\n                    <div class=\"faq-q\">\n                        <span>Como escolher os bons profissionais para uma abordagem colaborativa?<\/span>\n                        <span class=\"faq-icon\">+<\/span>\n                    <\/div>\n                    <div class=\"faq-a\">\n                        <p>\u00c9 importante escolher profissionais que tenham experi\u00eancia em reabilita\u00e7\u00e3o cognitiva e que estejam abertos \u00e0 colabora\u00e7\u00e3o interprofissional. A forma\u00e7\u00e3o em ferramentas digitais e a experi\u00eancia em trabalho em equipe s\u00e3o ativos adicionais. N\u00e3o hesite em pedir refer\u00eancias e discutir sua abordagem colaborativa durante a primeira consulta.<\/p>\n                    <\/div>\n                <\/div>\n            <\/div>\n\n            <div class=\"cta-box\">\n                <h2>Otimize sua pr\u00e1tica colaborativa com DYNSEO<\/h2>\n                <p>Descubra como as solu\u00e7\u00f5es DYNSEO podem revolucionar sua abordagem colaborativa de reabilita\u00e7\u00e3o cognitiva. Nossas ferramentas s\u00e3o especialmente projetadas para facilitar o trabalho em equipe entre fonoaudi\u00f3logos e neuropsic\u00f3logos.<\/p>\n                <div class=\"cta-buttons\">\n                    <a href=\"https:\/\/www.dynseo.com\/pt-pt\/coco-pensa-e-coco-se-mexe\/\" class=\"btn-white\">Experimente COCO PENSA & COCO SE MEXE<\/a>\n                    <a href=\"#contact\" class=\"btn-outline\">Solicitar uma demonstra\u00e7\u00e3o<\/a>\n                <\/div>\n            <\/div>\n<div class=\"article-tags\">\n                <a href=\"#\" class=\"article-tag\">Neuropsicologia<\/a>\n                <a href=\"#\" class=\"article-tag\">Fonoaudiologia<\/a>\n                <a href=\"#\" class=\"article-tag\">Reabilita\u00e7\u00e3o cognitiva<\/a>\n                <a href=\"#\" class=\"article-tag\">Colabora\u00e7\u00e3o interprofissional<\/a>\n                <a href=\"#\" class=\"article-tag\">Mem\u00f3ria<\/a>\n                <a href=\"#\" class=\"article-tag\">Estimula\u00e7\u00e3o cognitiva<\/a>\n                <a href=\"#\" class=\"article-tag\">COCO<\/a>\n                <a href=\"#\" class=\"article-tag\">Avalia\u00e7\u00e3o conjunta<\/a>\n                <a href=\"#\" class=\"article-tag\">Tecnologias digitais<\/a>\n            <\/div>\n        <\/div>\n    <\/div>[\/et_pb_code][\/et_pb_column][\/et_pb_row][\/et_pb_section]","_et_gb_content_width":"","footnotes":""},"categories":[2915],"tags":[],"class_list":["post-569128","post","type-post","status-publish","format-standard","has-post-thumbnail","hentry","category-les-conseils-des-coachs"],"yoast_head":"<!-- This site is optimized with the Yoast SEO plugin v27.4 - https:\/\/yoast.com\/product\/yoast-seo-wordpress\/ -->\n<title>A import\u00e2ncia da colabora\u00e7\u00e3o entre ortofonistas e neuropsic\u00f3logos na reabilita\u00e7\u00e3o da mem\u00f3ria - DYNSEO - Aplica\u00e7\u00f5es educativas e jogos de mem\u00f3ria<\/title>\n<meta name=\"robots\" content=\"index, follow, max-snippet:-1, max-image-preview:large, max-video-preview:-1\" \/>\n<link rel=\"canonical\" href=\"https:\/\/www.dynseo.com\/pt-pt\/a-importancia-da-colaboracao-entre-ortofonistas-e-neuropsicologos-na-reabilitacao-da-memoria\/\" \/>\n<meta property=\"og:locale\" content=\"pt_PT\" \/>\n<meta property=\"og:type\" content=\"article\" \/>\n<meta property=\"og:title\" content=\"A import\u00e2ncia da colabora\u00e7\u00e3o entre ortofonistas e neuropsic\u00f3logos na reabilita\u00e7\u00e3o da mem\u00f3ria - DYNSEO - Aplica\u00e7\u00f5es educativas e jogos de mem\u00f3ria\" \/>\n<meta property=\"og:url\" content=\"https:\/\/www.dynseo.com\/pt-pt\/a-importancia-da-colaboracao-entre-ortofonistas-e-neuropsicologos-na-reabilitacao-da-memoria\/\" \/>\n<meta property=\"og:site_name\" content=\"DYNSEO - Aplica\u00e7\u00f5es educativas e jogos de mem\u00f3ria\" \/>\n<meta property=\"article:published_time\" content=\"2026-04-29T01:03:25+00:00\" \/>\n<meta property=\"article:modified_time\" content=\"2026-04-29T01:09:27+00:00\" \/>\n<meta property=\"og:image\" content=\"https:\/\/www.dynseo.com\/wp-content\/uploads\/2025\/04\/DYNSEO-demande-de-PCH-avec-nos-programme-de-jeux-de-memoire4.png\" \/>\n\t<meta property=\"og:image:width\" content=\"1080\" \/>\n\t<meta property=\"og:image:height\" content=\"540\" \/>\n\t<meta property=\"og:image:type\" content=\"image\/png\" \/>\n<meta name=\"author\" content=\"DYNSEO\" \/>\n<meta name=\"twitter:label1\" content=\"Escrito por\" \/>\n\t<meta name=\"twitter:data1\" content=\"DYNSEO\" \/>\n\t<meta name=\"twitter:label2\" content=\"Tempo estimado de leitura\" \/>\n\t<meta name=\"twitter:data2\" content=\"24 minutos\" \/>\n<script type=\"application\/ld+json\" class=\"yoast-schema-graph\">{\"@context\":\"https:\\\/\\\/schema.org\",\"@graph\":[{\"@type\":\"Article\",\"@id\":\"https:\\\/\\\/www.dynseo.com\\\/pt-pt\\\/a-importancia-da-colaboracao-entre-ortofonistas-e-neuropsicologos-na-reabilitacao-da-memoria\\\/#article\",\"isPartOf\":{\"@id\":\"https:\\\/\\\/www.dynseo.com\\\/pt-pt\\\/a-importancia-da-colaboracao-entre-ortofonistas-e-neuropsicologos-na-reabilitacao-da-memoria\\\/\"},\"author\":{\"name\":\"DYNSEO\",\"@id\":\"https:\\\/\\\/www.dynseo.com\\\/pt-pt\\\/#\\\/schema\\\/person\\\/78ef63df2ee64e0989bc68f8401b38d6\"},\"headline\":\"A import\u00e2ncia da colabora\u00e7\u00e3o entre ortofonistas e neuropsic\u00f3logos na reabilita\u00e7\u00e3o da mem\u00f3ria\",\"datePublished\":\"2026-04-29T01:03:25+00:00\",\"dateModified\":\"2026-04-29T01:09:27+00:00\",\"mainEntityOfPage\":{\"@id\":\"https:\\\/\\\/www.dynseo.com\\\/pt-pt\\\/a-importancia-da-colaboracao-entre-ortofonistas-e-neuropsicologos-na-reabilitacao-da-memoria\\\/\"},\"wordCount\":4864,\"publisher\":{\"@id\":\"https:\\\/\\\/www.dynseo.com\\\/pt-pt\\\/#organization\"},\"image\":{\"@id\":\"https:\\\/\\\/www.dynseo.com\\\/pt-pt\\\/a-importancia-da-colaboracao-entre-ortofonistas-e-neuropsicologos-na-reabilitacao-da-memoria\\\/#primaryimage\"},\"thumbnailUrl\":\"https:\\\/\\\/www.dynseo.com\\\/wp-content\\\/uploads\\\/2025\\\/04\\\/DYNSEO-demande-de-PCH-avec-nos-programme-de-jeux-de-memoire4.png\",\"articleSection\":[\"Les conseils des coachs\"],\"inLanguage\":\"pt-PT\"},{\"@type\":\"WebPage\",\"@id\":\"https:\\\/\\\/www.dynseo.com\\\/pt-pt\\\/a-importancia-da-colaboracao-entre-ortofonistas-e-neuropsicologos-na-reabilitacao-da-memoria\\\/\",\"url\":\"https:\\\/\\\/www.dynseo.com\\\/pt-pt\\\/a-importancia-da-colaboracao-entre-ortofonistas-e-neuropsicologos-na-reabilitacao-da-memoria\\\/\",\"name\":\"A import\u00e2ncia da colabora\u00e7\u00e3o entre ortofonistas e neuropsic\u00f3logos na reabilita\u00e7\u00e3o da mem\u00f3ria - DYNSEO - Aplica\u00e7\u00f5es educativas e jogos de mem\u00f3ria\",\"isPartOf\":{\"@id\":\"https:\\\/\\\/www.dynseo.com\\\/pt-pt\\\/#website\"},\"primaryImageOfPage\":{\"@id\":\"https:\\\/\\\/www.dynseo.com\\\/pt-pt\\\/a-importancia-da-colaboracao-entre-ortofonistas-e-neuropsicologos-na-reabilitacao-da-memoria\\\/#primaryimage\"},\"image\":{\"@id\":\"https:\\\/\\\/www.dynseo.com\\\/pt-pt\\\/a-importancia-da-colaboracao-entre-ortofonistas-e-neuropsicologos-na-reabilitacao-da-memoria\\\/#primaryimage\"},\"thumbnailUrl\":\"https:\\\/\\\/www.dynseo.com\\\/wp-content\\\/uploads\\\/2025\\\/04\\\/DYNSEO-demande-de-PCH-avec-nos-programme-de-jeux-de-memoire4.png\",\"datePublished\":\"2026-04-29T01:03:25+00:00\",\"dateModified\":\"2026-04-29T01:09:27+00:00\",\"breadcrumb\":{\"@id\":\"https:\\\/\\\/www.dynseo.com\\\/pt-pt\\\/a-importancia-da-colaboracao-entre-ortofonistas-e-neuropsicologos-na-reabilitacao-da-memoria\\\/#breadcrumb\"},\"inLanguage\":\"pt-PT\",\"potentialAction\":[{\"@type\":\"ReadAction\",\"target\":[\"https:\\\/\\\/www.dynseo.com\\\/pt-pt\\\/a-importancia-da-colaboracao-entre-ortofonistas-e-neuropsicologos-na-reabilitacao-da-memoria\\\/\"]}]},{\"@type\":\"ImageObject\",\"inLanguage\":\"pt-PT\",\"@id\":\"https:\\\/\\\/www.dynseo.com\\\/pt-pt\\\/a-importancia-da-colaboracao-entre-ortofonistas-e-neuropsicologos-na-reabilitacao-da-memoria\\\/#primaryimage\",\"url\":\"https:\\\/\\\/www.dynseo.com\\\/wp-content\\\/uploads\\\/2025\\\/04\\\/DYNSEO-demande-de-PCH-avec-nos-programme-de-jeux-de-memoire4.png\",\"contentUrl\":\"https:\\\/\\\/www.dynseo.com\\\/wp-content\\\/uploads\\\/2025\\\/04\\\/DYNSEO-demande-de-PCH-avec-nos-programme-de-jeux-de-memoire4.png\",\"width\":1080,\"height\":540,\"caption\":\"Estimula\u00e7\u00e3o mental constante \u00e9 fundamental para retardar o avan\u00e7o do Alzheimer\"},{\"@type\":\"BreadcrumbList\",\"@id\":\"https:\\\/\\\/www.dynseo.com\\\/pt-pt\\\/a-importancia-da-colaboracao-entre-ortofonistas-e-neuropsicologos-na-reabilitacao-da-memoria\\\/#breadcrumb\",\"itemListElement\":[{\"@type\":\"ListItem\",\"position\":1,\"name\":\"Accueil\",\"item\":\"https:\\\/\\\/www.dynseo.com\\\/pt-pt\\\/\"},{\"@type\":\"ListItem\",\"position\":2,\"name\":\"A import\u00e2ncia da colabora\u00e7\u00e3o entre ortofonistas e neuropsic\u00f3logos na reabilita\u00e7\u00e3o da mem\u00f3ria\"}]},{\"@type\":\"WebSite\",\"@id\":\"https:\\\/\\\/www.dynseo.com\\\/pt-pt\\\/#website\",\"url\":\"https:\\\/\\\/www.dynseo.com\\\/pt-pt\\\/\",\"name\":\"Jeux de m\u00e9moire et stimulation cognitive\",\"description\":\"Entra\u00eenez votre m\u00e9moire et votre cerveau avec DYNSEO\",\"publisher\":{\"@id\":\"https:\\\/\\\/www.dynseo.com\\\/pt-pt\\\/#organization\"},\"potentialAction\":[{\"@type\":\"SearchAction\",\"target\":{\"@type\":\"EntryPoint\",\"urlTemplate\":\"https:\\\/\\\/www.dynseo.com\\\/pt-pt\\\/?s={search_term_string}\"},\"query-input\":{\"@type\":\"PropertyValueSpecification\",\"valueRequired\":true,\"valueName\":\"search_term_string\"}}],\"inLanguage\":\"pt-PT\"},{\"@type\":\"Organization\",\"@id\":\"https:\\\/\\\/www.dynseo.com\\\/pt-pt\\\/#organization\",\"name\":\"DYNSEO\",\"url\":\"https:\\\/\\\/www.dynseo.com\\\/pt-pt\\\/\",\"logo\":{\"@type\":\"ImageObject\",\"inLanguage\":\"pt-PT\",\"@id\":\"https:\\\/\\\/www.dynseo.com\\\/pt-pt\\\/#\\\/schema\\\/logo\\\/image\\\/\",\"url\":\"https:\\\/\\\/www.dynseo.com\\\/wp-content\\\/uploads\\\/2022\\\/05\\\/logo-dynseo-new.png\",\"contentUrl\":\"https:\\\/\\\/www.dynseo.com\\\/wp-content\\\/uploads\\\/2022\\\/05\\\/logo-dynseo-new.png\",\"width\":5073,\"height\":1397,\"caption\":\"DYNSEO\"},\"image\":{\"@id\":\"https:\\\/\\\/www.dynseo.com\\\/pt-pt\\\/#\\\/schema\\\/logo\\\/image\\\/\"}},{\"@type\":\"Person\",\"@id\":\"https:\\\/\\\/www.dynseo.com\\\/pt-pt\\\/#\\\/schema\\\/person\\\/78ef63df2ee64e0989bc68f8401b38d6\",\"name\":\"DYNSEO\",\"url\":\"https:\\\/\\\/www.dynseo.com\\\/pt-pt\\\/author\\\/justine\\\/\"}]}<\/script>\n<!-- \/ Yoast SEO plugin. -->","yoast_head_json":{"title":"A import\u00e2ncia da colabora\u00e7\u00e3o entre ortofonistas e neuropsic\u00f3logos na reabilita\u00e7\u00e3o da mem\u00f3ria - DYNSEO - Aplica\u00e7\u00f5es educativas e jogos de mem\u00f3ria","robots":{"index":"index","follow":"follow","max-snippet":"max-snippet:-1","max-image-preview":"max-image-preview:large","max-video-preview":"max-video-preview:-1"},"canonical":"https:\/\/www.dynseo.com\/pt-pt\/a-importancia-da-colaboracao-entre-ortofonistas-e-neuropsicologos-na-reabilitacao-da-memoria\/","og_locale":"pt_PT","og_type":"article","og_title":"A import\u00e2ncia da colabora\u00e7\u00e3o entre ortofonistas e neuropsic\u00f3logos na reabilita\u00e7\u00e3o da mem\u00f3ria - DYNSEO - Aplica\u00e7\u00f5es educativas e jogos de mem\u00f3ria","og_url":"https:\/\/www.dynseo.com\/pt-pt\/a-importancia-da-colaboracao-entre-ortofonistas-e-neuropsicologos-na-reabilitacao-da-memoria\/","og_site_name":"DYNSEO - Aplica\u00e7\u00f5es educativas e jogos de mem\u00f3ria","article_published_time":"2026-04-29T01:03:25+00:00","article_modified_time":"2026-04-29T01:09:27+00:00","og_image":[{"width":1080,"height":540,"url":"https:\/\/www.dynseo.com\/wp-content\/uploads\/2025\/04\/DYNSEO-demande-de-PCH-avec-nos-programme-de-jeux-de-memoire4.png","type":"image\/png"}],"author":"DYNSEO","twitter_misc":{"Escrito por":"DYNSEO","Tempo estimado de leitura":"24 minutos"},"schema":{"@context":"https:\/\/schema.org","@graph":[{"@type":"Article","@id":"https:\/\/www.dynseo.com\/pt-pt\/a-importancia-da-colaboracao-entre-ortofonistas-e-neuropsicologos-na-reabilitacao-da-memoria\/#article","isPartOf":{"@id":"https:\/\/www.dynseo.com\/pt-pt\/a-importancia-da-colaboracao-entre-ortofonistas-e-neuropsicologos-na-reabilitacao-da-memoria\/"},"author":{"name":"DYNSEO","@id":"https:\/\/www.dynseo.com\/pt-pt\/#\/schema\/person\/78ef63df2ee64e0989bc68f8401b38d6"},"headline":"A import\u00e2ncia da colabora\u00e7\u00e3o entre ortofonistas e neuropsic\u00f3logos na reabilita\u00e7\u00e3o da mem\u00f3ria","datePublished":"2026-04-29T01:03:25+00:00","dateModified":"2026-04-29T01:09:27+00:00","mainEntityOfPage":{"@id":"https:\/\/www.dynseo.com\/pt-pt\/a-importancia-da-colaboracao-entre-ortofonistas-e-neuropsicologos-na-reabilitacao-da-memoria\/"},"wordCount":4864,"publisher":{"@id":"https:\/\/www.dynseo.com\/pt-pt\/#organization"},"image":{"@id":"https:\/\/www.dynseo.com\/pt-pt\/a-importancia-da-colaboracao-entre-ortofonistas-e-neuropsicologos-na-reabilitacao-da-memoria\/#primaryimage"},"thumbnailUrl":"https:\/\/www.dynseo.com\/wp-content\/uploads\/2025\/04\/DYNSEO-demande-de-PCH-avec-nos-programme-de-jeux-de-memoire4.png","articleSection":["Les conseils des coachs"],"inLanguage":"pt-PT"},{"@type":"WebPage","@id":"https:\/\/www.dynseo.com\/pt-pt\/a-importancia-da-colaboracao-entre-ortofonistas-e-neuropsicologos-na-reabilitacao-da-memoria\/","url":"https:\/\/www.dynseo.com\/pt-pt\/a-importancia-da-colaboracao-entre-ortofonistas-e-neuropsicologos-na-reabilitacao-da-memoria\/","name":"A import\u00e2ncia da colabora\u00e7\u00e3o entre ortofonistas e neuropsic\u00f3logos na reabilita\u00e7\u00e3o da mem\u00f3ria - DYNSEO - Aplica\u00e7\u00f5es educativas e jogos de mem\u00f3ria","isPartOf":{"@id":"https:\/\/www.dynseo.com\/pt-pt\/#website"},"primaryImageOfPage":{"@id":"https:\/\/www.dynseo.com\/pt-pt\/a-importancia-da-colaboracao-entre-ortofonistas-e-neuropsicologos-na-reabilitacao-da-memoria\/#primaryimage"},"image":{"@id":"https:\/\/www.dynseo.com\/pt-pt\/a-importancia-da-colaboracao-entre-ortofonistas-e-neuropsicologos-na-reabilitacao-da-memoria\/#primaryimage"},"thumbnailUrl":"https:\/\/www.dynseo.com\/wp-content\/uploads\/2025\/04\/DYNSEO-demande-de-PCH-avec-nos-programme-de-jeux-de-memoire4.png","datePublished":"2026-04-29T01:03:25+00:00","dateModified":"2026-04-29T01:09:27+00:00","breadcrumb":{"@id":"https:\/\/www.dynseo.com\/pt-pt\/a-importancia-da-colaboracao-entre-ortofonistas-e-neuropsicologos-na-reabilitacao-da-memoria\/#breadcrumb"},"inLanguage":"pt-PT","potentialAction":[{"@type":"ReadAction","target":["https:\/\/www.dynseo.com\/pt-pt\/a-importancia-da-colaboracao-entre-ortofonistas-e-neuropsicologos-na-reabilitacao-da-memoria\/"]}]},{"@type":"ImageObject","inLanguage":"pt-PT","@id":"https:\/\/www.dynseo.com\/pt-pt\/a-importancia-da-colaboracao-entre-ortofonistas-e-neuropsicologos-na-reabilitacao-da-memoria\/#primaryimage","url":"https:\/\/www.dynseo.com\/wp-content\/uploads\/2025\/04\/DYNSEO-demande-de-PCH-avec-nos-programme-de-jeux-de-memoire4.png","contentUrl":"https:\/\/www.dynseo.com\/wp-content\/uploads\/2025\/04\/DYNSEO-demande-de-PCH-avec-nos-programme-de-jeux-de-memoire4.png","width":1080,"height":540,"caption":"Estimula\u00e7\u00e3o mental constante \u00e9 fundamental para retardar o avan\u00e7o do Alzheimer"},{"@type":"BreadcrumbList","@id":"https:\/\/www.dynseo.com\/pt-pt\/a-importancia-da-colaboracao-entre-ortofonistas-e-neuropsicologos-na-reabilitacao-da-memoria\/#breadcrumb","itemListElement":[{"@type":"ListItem","position":1,"name":"Accueil","item":"https:\/\/www.dynseo.com\/pt-pt\/"},{"@type":"ListItem","position":2,"name":"A import\u00e2ncia da colabora\u00e7\u00e3o entre ortofonistas e neuropsic\u00f3logos na reabilita\u00e7\u00e3o da mem\u00f3ria"}]},{"@type":"WebSite","@id":"https:\/\/www.dynseo.com\/pt-pt\/#website","url":"https:\/\/www.dynseo.com\/pt-pt\/","name":"Jeux de m\u00e9moire et stimulation cognitive","description":"Entra\u00eenez votre m\u00e9moire et votre cerveau avec DYNSEO","publisher":{"@id":"https:\/\/www.dynseo.com\/pt-pt\/#organization"},"potentialAction":[{"@type":"SearchAction","target":{"@type":"EntryPoint","urlTemplate":"https:\/\/www.dynseo.com\/pt-pt\/?s={search_term_string}"},"query-input":{"@type":"PropertyValueSpecification","valueRequired":true,"valueName":"search_term_string"}}],"inLanguage":"pt-PT"},{"@type":"Organization","@id":"https:\/\/www.dynseo.com\/pt-pt\/#organization","name":"DYNSEO","url":"https:\/\/www.dynseo.com\/pt-pt\/","logo":{"@type":"ImageObject","inLanguage":"pt-PT","@id":"https:\/\/www.dynseo.com\/pt-pt\/#\/schema\/logo\/image\/","url":"https:\/\/www.dynseo.com\/wp-content\/uploads\/2022\/05\/logo-dynseo-new.png","contentUrl":"https:\/\/www.dynseo.com\/wp-content\/uploads\/2022\/05\/logo-dynseo-new.png","width":5073,"height":1397,"caption":"DYNSEO"},"image":{"@id":"https:\/\/www.dynseo.com\/pt-pt\/#\/schema\/logo\/image\/"}},{"@type":"Person","@id":"https:\/\/www.dynseo.com\/pt-pt\/#\/schema\/person\/78ef63df2ee64e0989bc68f8401b38d6","name":"DYNSEO","url":"https:\/\/www.dynseo.com\/pt-pt\/author\/justine\/"}]}},"_links":{"self":[{"href":"https:\/\/www.dynseo.com\/pt-pt\/wp-json\/wp\/v2\/posts\/569128","targetHints":{"allow":["GET"]}}],"collection":[{"href":"https:\/\/www.dynseo.com\/pt-pt\/wp-json\/wp\/v2\/posts"}],"about":[{"href":"https:\/\/www.dynseo.com\/pt-pt\/wp-json\/wp\/v2\/types\/post"}],"author":[{"embeddable":true,"href":"https:\/\/www.dynseo.com\/pt-pt\/wp-json\/wp\/v2\/users\/4"}],"replies":[{"embeddable":true,"href":"https:\/\/www.dynseo.com\/pt-pt\/wp-json\/wp\/v2\/comments?post=569128"}],"version-history":[{"count":17,"href":"https:\/\/www.dynseo.com\/pt-pt\/wp-json\/wp\/v2\/posts\/569128\/revisions"}],"predecessor-version":[{"id":569145,"href":"https:\/\/www.dynseo.com\/pt-pt\/wp-json\/wp\/v2\/posts\/569128\/revisions\/569145"}],"wp:featuredmedia":[{"embeddable":true,"href":"https:\/\/www.dynseo.com\/pt-pt\/wp-json\/wp\/v2\/media\/150367"}],"wp:attachment":[{"href":"https:\/\/www.dynseo.com\/pt-pt\/wp-json\/wp\/v2\/media?parent=569128"}],"wp:term":[{"taxonomy":"category","embeddable":true,"href":"https:\/\/www.dynseo.com\/pt-pt\/wp-json\/wp\/v2\/categories?post=569128"},{"taxonomy":"post_tag","embeddable":true,"href":"https:\/\/www.dynseo.com\/pt-pt\/wp-json\/wp\/v2\/tags?post=569128"}],"curies":[{"name":"wp","href":"https:\/\/api.w.org\/{rel}","templated":true}]}}