{"id":570364,"date":"2026-04-29T09:53:48","date_gmt":"2026-04-29T07:53:48","guid":{"rendered":"https:\/\/www.dynseo.com\/comment-etablir-un-planning-decran-equilibre-pour-vos-enfants-2\/"},"modified":"2026-04-29T09:58:14","modified_gmt":"2026-04-29T07:58:14","slug":"como-estabelecer-um-planejamento-de-tela-equilibrado-para-seus-filhos","status":"publish","type":"post","link":"https:\/\/www.dynseo.com\/pt-pt\/como-estabelecer-um-planejamento-de-tela-equilibrado-para-seus-filhos\/","title":{"rendered":"Como Estabelecer um Planejamento de Tela Equilibrado para Seus Filhos"},"content":{"rendered":"<p>[et_pb_section fb_built=&#8221;1&#8243; _builder_version=&#8221;4.16&#8243; custom_padding=&#8221;0px|0px|0px|0px|false|false&#8221; margin_top=&#8221;0px&#8221; margin_bottom=&#8221;0px&#8221; global_colors_info=&#8221;{}&#8221;][et_pb_row _builder_version=&#8221;4.16&#8243; custom_padding=&#8221;0px|0px|0px|0px|false|false&#8221; margin_top=&#8221;0px&#8221; margin_bottom=&#8221;0px&#8221; column_structure=&#8221;4_4&#8243; global_colors_info=&#8221;{}&#8221;][et_pb_column type=&#8221;4_4&#8243; _builder_version=&#8221;4.16&#8243; custom_padding=&#8221;0px|0px|0px|0px|false|false&#8221; global_colors_info=&#8221;{}&#8221;][et_pb_code _builder_version=&#8221;4.16&#8243; custom_padding=&#8221;0px|0px|0px|0px|false|false&#8221; global_colors_info=&#8221;{}&#8221;]<\/p>\n<style>\n        :root {\n            --primary: #5e5ed7;\n            --primary-dark: #5268c9;\n            --teal: #a9e2e4;\n            --yellow: #ffeca7;\n            --pink: #e73469;\n            --white: #ffffff;\n            --gray-50: #f9fafb;\n            --gray-100: #f3f4f6;\n            --gray-200: #e5e7eb;\n            --gray-300: #d1d5db;\n            --gray-600: #4b5563;\n            --gray-800: #1f2937;\n            --gray-900: #111827;\n        }<\/p>\n<p>        * {\n            margin: 0;\n            padding: 0;\n            box-sizing: border-box;\n        }<\/p>\n<p>        body {\n            font-family: 'Poppins', sans-serif;\n            line-height: 1.7;\n            color: var(--gray-800);\n            background-color: var(--white);\n        }<\/p>\n<p>        .container {\n            max-width: 1200px;\n            margin: 0 auto;\n            padding: 0 24px;\n        }<\/p>\n<p>        .article-hero {\n            background: linear-gradient(135deg, var(--primary) 0%, var(--primary-dark) 100%);\n            color: var(--white);\n            padding: 80px 0 0;\n            position: relative;\n            overflow: hidden;\n        }<\/p>\n<p>        .article-hero::before {\n            content: '';\n            position: absolute;\n            top: 0;\n            left: 0;\n            right: 0;\n            bottom: 0;\n            background: url(\"data:image\/svg+xml,%3Csvg width='60' height='60' viewBox='0 0 60 60' xmlns='http:\/\/www.w3.org\/2000\/svg'%3E%3Cg fill='none' fill-rule='evenodd'%3E%3Cg fill='%23ffffff' fill-opacity='0.05'%3E%3Ccircle cx='7' cy='7' r='7'\/%3E%3C\/g%3E%3C\/g%3E%3C\/svg%3E\") repeat;\n            z-index: 1;\n        }<\/p>\n<p>        .article-hero-inner {\n            position: relative;\n            z-index: 2;\n            padding-bottom: 120px;\n        }<\/p>\n<p>        .article-breadcrumb {\n            font-size: 14px;\n            margin-bottom: 16px;\n            opacity: 0.9;\n        }<\/p>\n<p>        .article-breadcrumb a {\n            color: var(--white);\n            text-decoration: none;\n            opacity: 0.8;\n            transition: opacity 0.3s;\n        }<\/p>\n<p>        .article-breadcrumb a:hover {\n            opacity: 1;\n        }<\/p>\n<p>        .article-category {\n            display: inline-block;\n            background: var(--teal);\n            color: var(--gray-800);\n            padding: 8px 20px;\n            border-radius: 25px;\n            font-size: 14px;\n            font-weight: 600;\n            margin-bottom: 24px;\n            text-transform: uppercase;\n            letter-spacing: 0.5px;\n        }<\/p>\n<p>        .article-hero h1 {\n            font-family: 'Montserrat', sans-serif;\n            font-size: clamp(2rem, 4vw, 3.5rem);\n            font-weight: 800;\n            line-height: 1.2;\n            margin-bottom: 24px;\n        }<\/p>\n<p>        .hl {\n            background: linear-gradient(45deg, var(--yellow), var(--teal));\n            -webkit-background-clip: text;\n            -webkit-text-fill-color: transparent;\n            background-clip: text;\n        }<\/p>\n<p>        .article-meta {\n            display: flex;\n            flex-wrap: wrap;\n            gap: 24px;\n            align-items: center;\n            margin-bottom: 24px;\n            font-size: 14px;\n            opacity: 0.9;\n        }<\/p>\n<p>        .article-meta span {\n            display: flex;\n            align-items: center;\n            gap: 8px;\n        }<\/p>\n<p>        .article-hero-curve {\n            position: absolute;\n            bottom: 0;\n            left: 0;\n            right: 0;\n            height: 100px;\n            background: var(--white);\n            clip-path: polygon(0 50%, 100% 100%, 0 100%);\n        }<\/p>\n<p>        .article-body {\n            padding: 80px 0;\n        }<\/p>\n<p>        .intro-block {\n            background: var(--gray-50);\n            padding: 48px;\n            border-radius: 20px;\n            margin-bottom: 80px;\n            border-left: 6px solid var(--primary);\n            font-size: 18px;\n            line-height: 1.8;\n        }<\/p>\n<p>        .stats-grid {\n            display: grid;\n            grid-template-columns: repeat(auto-fit, minmax(250px, 1fr));\n            gap: 32px;\n            margin-bottom: 80px;\n        }<\/p>\n<p>        .stat-card {\n            background: var(--white);\n            padding: 32px;\n            border-radius: 16px;\n            text-align: center;\n            box-shadow: 0 10px 30px rgba(94, 94, 215, 0.1);\n            border: 1px solid var(--gray-100);\n            transition: transform 0.3s, box-shadow 0.3s;\n        }<\/p>\n<p>        .stat-card:hover {\n            transform: translateY(-5px);\n            box-shadow: 0 20px 40px rgba(94, 94, 215, 0.15);\n        }<\/p>\n<p>        .stat-card .number {\n            font-family: 'Montserrat', sans-serif;\n            font-size: 3rem;\n            font-weight: 800;\n            color: var(--primary);\n            display: block;\n            margin-bottom: 12px;\n        }<\/p>\n<p>        .stat-card .label {\n            font-size: 16px;\n            font-weight: 600;\n            color: var(--gray-600);\n            text-transform: uppercase;\n            letter-spacing: 0.5px;\n        }<\/p>\n<p>        .article-body h2 {\n            font-family: 'Montserrat', sans-serif;\n            font-size: 2.2rem;\n            font-weight: 700;\n            color: var(--gray-900);\n            margin: 80px 0 32px 0;\n            padding-bottom: 16px;\n            border-bottom: 3px solid var(--teal);\n        }<\/p>\n<p>        .article-body h3 {\n            font-family: 'Montserrat', sans-serif;\n            font-size: 1.5rem;\n            font-weight: 600;\n            color: var(--primary);\n            margin: 40px 0 20px 0;\n        }<\/p>\n<p>        .article-body p {\n            font-size: 16px;\n            line-height: 1.8;\n            margin-bottom: 24px;\n            color: var(--gray-800);\n        }<\/p>\n<p>        .conseil-card {\n            background: linear-gradient(135deg, var(--yellow), var(--teal));\n            padding: 32px;\n            border-radius: 20px;\n            margin: 40px 0;\n            color: var(--gray-800);\n            box-shadow: 0 10px 30px rgba(169, 226, 228, 0.3);\n        }<\/p>\n<p>        .conseil-card h4 {\n            font-family: 'Montserrat', sans-serif;\n            font-size: 1.3rem;\n            font-weight: 700;\n            margin-bottom: 16px;\n            color: var(--gray-900);\n        }<\/p>\n<p>        .key-points {\n            background: var(--gray-50);\n            padding: 32px;\n            border-radius: 16px;\n            margin: 40px 0;\n            border-left: 6px solid var(--pink);\n        }<\/p>\n<p>        .key-points h4 {\n            font-family: 'Montserrat', sans-serif;\n            font-size: 1.3rem;\n            font-weight: 700;\n            color: var(--pink);\n            margin-bottom: 20px;\n        }<\/p>\n<p>        .key-points ul {\n            list-style: none;\n            padding: 0;\n        }<\/p>\n<p>        .key-points li {\n            padding: 8px 0 8px 32px;\n            position: relative;\n            font-weight: 500;\n        }<\/p>\n<p>        .key-points li::before {\n            content: '\u2713';\n            position: absolute;\n            left: 0;\n            color: var(--pink);\n            font-weight: bold;\n            font-size: 18px;\n        }<\/p>\n<p>        .tip-box {\n            background: var(--white);\n            border: 2px solid var(--primary);\n            border-radius: 16px;\n            padding: 32px;\n            margin: 40px 0;\n            position: relative;\n        }<\/p>\n<p>        .tip-box-label {\n            position: absolute;\n            top: -12px;\n            left: 24px;\n            background: var(--primary);\n            color: var(--white);\n            padding: 6px 20px;\n            border-radius: 20px;\n            font-size: 14px;\n            font-weight: 600;\n            text-transform: uppercase;\n            letter-spacing: 0.5px;\n        }<\/p>\n<p>        .expert-box {\n            background: linear-gradient(135deg, var(--primary), var(--primary-dark));\n            color: var(--white);\n            border-radius: 20px;\n            padding: 0;\n            margin: 40px 0;\n            overflow: hidden;\n            box-shadow: 0 20px 40px rgba(94, 94, 215, 0.2);\n        }<\/p>\n<p>        .expert-box-label {\n            background: var(--pink);\n            color: var(--white);\n            padding: 12px 32px;\n            font-size: 14px;\n            font-weight: 700;\n            text-transform: uppercase;\n            letter-spacing: 1px;\n        }<\/p>\n<p>        .expert-box-title {\n            font-family: 'Montserrat', sans-serif;\n            font-size: 1.5rem;\n            font-weight: 700;\n            padding: 24px 32px 0;\n            margin-bottom: 20px;\n        }<\/p>\n<p>        .expert-inner {\n            padding: 0 32px 32px;\n        }<\/p>\n<p>        .expert-inner-title {\n            font-family: 'Montserrat', sans-serif;\n            font-size: 1.2rem;\n            font-weight: 600;\n            margin: 24px 0 16px 0;\n            color: var(--teal);\n        }<\/p>\n<p>        .faq-list {\n            margin: 80px 0;\n        }<\/p>\n<p>        .faq-item {\n            background: var(--white);\n            border: 1px solid var(--gray-200);\n            border-radius: 12px;\n            margin-bottom: 16px;\n            overflow: hidden;\n            transition: all 0.3s;\n        }<\/p>\n<p>        .faq-item:hover {\n            box-shadow: 0 10px 30px rgba(94, 94, 215, 0.1);\n        }<\/p>\n<p>        .faq-q {\n            padding: 24px;\n            cursor: pointer;\n            display: flex;\n            justify-content: space-between;\n            align-items: center;\n            font-weight: 600;\n            color: var(--gray-900);\n            transition: background-color 0.3s;\n        }<\/p>\n<p>        .faq-q:hover {\n            background-color: var(--gray-50);\n        }<\/p>\n<p>        .faq-icon {\n            font-size: 24px;\n            font-weight: bold;\n            color: var(--primary);\n            transition: transform 0.3s;\n        }<\/p>\n<p>        .faq-item.open .faq-icon {\n            transform: rotate(45deg);\n        }<\/p>\n<p>        .faq-a {\n            padding: 0 24px;\n            max-height: 0;\n            overflow: hidden;\n            transition: max-height 0.3s, padding 0.3s;\n            background-color: var(--gray-50);\n        }<\/p>\n<p>        .faq-item.open .faq-a {\n            max-height: 500px;\n            padding: 24px;\n        }<\/p>\n<p>        .cta-box {\n            background: linear-gradient(135deg, var(--primary), var(--primary-dark));\n            color: var(--white);\n            padding: 60px;\n            border-radius: 24px;\n            text-align: center;\n            margin: 80px 0;\n            position: relative;\n            overflow: hidden;\n        }<\/p>\n<p>        .cta-box::before {\n            content: '';\n            position: absolute;\n            top: 0;\n            left: 0;\n            right: 0;\n            bottom: 0;\n            background: url(\"data:image\/svg+xml,%3Csvg width='40' height='40' viewBox='0 0 40 40' xmlns='http:\/\/www.w3.org\/2000\/svg'%3E%3Cg fill='%23ffffff' fill-opacity='0.05'%3E%3Cpath d='M20 20c0-11.046-8.954-20-20-20v20h20z'\/%3E%3C\/g%3E%3C\/svg%3E\") repeat;\n            z-index: 1;\n        }<\/p>\n<p>        .cta-box > * {\n            position: relative;\n            z-index: 2;\n        }<\/p>\n<p>        .cta-box h3 {\n            font-family: 'Montserrat', sans-serif;\n            font-size: 2.2rem;\n            font-weight: 800;\n            margin-bottom: 20px;\n            color: var(--white);\n        }<\/p>\n<p>        .cta-box p {\n            font-size: 18px;\n            margin-bottom: 40px;\n            opacity: 0.9;\n            color: var(--white);\n        }<\/p>\n<p>        .cta-buttons {\n            display: flex;\n            gap: 24px;\n            justify-content: center;\n            flex-wrap: wrap;\n        }<\/p>\n<p>        .btn-white {\n            background: var(--white);\n            color: var(--primary);\n            padding: 16px 32px;\n            border: none;\n            border-radius: 50px;\n            font-size: 16px;\n            font-weight: 600;\n            text-decoration: none;\n            display: inline-block;\n            transition: all 0.3s;\n            box-shadow: 0 4px 15px rgba(255, 255, 255, 0.2);\n        }<\/p>\n<p>        .btn-white:hover {\n            transform: translateY(-2px);\n            box-shadow: 0 8px 25px rgba(255, 255, 255, 0.3);\n            background: var(--teal);\n            color: var(--gray-900);\n        }<\/p>\n<p>        .btn-outline {\n            background: transparent;\n            color: var(--white);\n            padding: 16px 32px;\n            border: 2px solid var(--white);\n            border-radius: 50px;\n            font-size: 16px;\n            font-weight: 600;\n            text-decoration: none;\n            display: inline-block;\n            transition: all 0.3s;\n        }<\/p>\n<p>        .btn-outline:hover {\n            background: var(--white);\n            color: var(--primary);\n            transform: translateY(-2px);\n        }<\/p>\n<p>        .article-tags {\n            display: flex;\n            flex-wrap: wrap;\n            gap: 12px;\n            margin: 60px 0;\n            padding: 40px;\n            background: var(--gray-50);\n            border-radius: 16px;\n        }<\/p>\n<p>        .article-tag {\n            background: var(--white);\n            color: var(--gray-700);\n            padding: 8px 16px;\n            border-radius: 25px;\n            font-size: 14px;\n            font-weight: 500;\n            border: 1px solid var(--gray-200);\n            text-decoration: none;\n            transition: all 0.3s;\n        }<\/p>\n<p>        .article-tag:hover {\n            background: var(--primary);\n            color: var(--white);\n            transform: translateY(-2px);\n        }<\/p>\n<p>        @media (max-width: 768px) {\n            .container {\n                padding: 0 16px;\n            }<\/p>\n<p>            .article-hero {\n                padding: 40px 0 0;\n            }<\/p>\n<p>            .article-hero-inner {\n                padding-bottom: 80px;\n            }<\/p>\n<p>            .intro-block {\n                padding: 32px 24px;\n                font-size: 16px;\n            }<\/p>\n<p>            .stats-grid {\n                grid-template-columns: 1fr;\n                gap: 24px;\n            }<\/p>\n<p>            .article-body h2 {\n                font-size: 1.8rem;\n                margin: 60px 0 24px 0;\n            }<\/p>\n<p>            .cta-box {\n                padding: 40px 24px;\n            }<\/p>\n<p>            .cta-buttons {\n                flex-direction: column;\n                align-items: center;\n            }<\/p>\n<p>            .conseil-card, .key-points, .tip-box, .expert-inner {\n                padding: 24px;\n            }\n        }\n    <\/style>\n<p><script>\n        document.querySelectorAll('.faq-q').forEach(function(button) {\n            button.addEventListener('click', function() {\n                button.closest('.faq-item').classList.toggle('open');\n            });\n        });\n    <\/script><br \/>\n<script type=\"application\/ld+json\">\n{\n  \"@context\": \"https:\/\/schema.org\",\n  \"@graph\": [\n    {\n      \"@type\": \"Article\",\n      \"headline\": \"Comment \u00c9tablir un Planning d'\u00c9cran \u00c9quilibr\u00e9 pour Vos Enfants\",\n      \"description\": \"r Vos Enfantsn                n                n                    \ud83d\udcc5 Publi\u00e9 en Avril 2026n                    \u23f1\ufe0f 15 min de lecturen                    \ud83d\udc68\u200d\ud83d\udc69\u200d\ud83d\udc67\u200d\ud83d\udc66 Parents & \u00c9ducateursn                    \u2b50 4.8\/5 (127 avis)\",\n      \"url\": \"https:\/\/www.dynseo.com\/comment-etablir-un-planning-decran-equilibre-pour-vos-enfants\/\",\n      \"datePublished\": \"2026-04-07\",\n      \"image\": {\n        \"@type\": \"ImageObject\",\n        \"url\": \"https:\/\/www.dynseo.com\/wp-content\/uploads\/planning-ecran-enfants.jpg\"\n      },\n      \"author\": {\n        \"@type\": \"Organization\",\n        \"name\": \"DYNSEO\",\n        \"url\": \"https:\/\/www.dynseo.com\"\n      },\n      \"publisher\": {\n        \"@type\": \"Organization\",\n        \"name\": \"DYNSEO\",\n        \"url\": \"https:\/\/www.dynseo.com\",\n        \"logo\": {\n          \"@type\": \"ImageObject\",\n          \"url\": \"https:\/\/www.dynseo.com\/wp-content\/uploads\/logo-dynseo.png\"\n        }\n      },\n      \"aggregateRating\": {\n        \"@type\": \"AggregateRating\",\n        \"ratingValue\": \"4.8\",\n        \"bestRating\": \"5\",\n        \"ratingCount\": \"47\"\n      }\n    },\n    {\n      \"@type\": \"WebPage\",\n      \"name\": \"Comment \u00c9tablir un Planning d'\u00c9cran \u00c9quilibr\u00e9 pour Vos Enfants\",\n      \"url\": \"https:\/\/www.dynseo.com\/comment-etablir-un-planning-decran-equilibre-pour-vos-enfants\/\",\n      \"breadcrumb\": {\n        \"@type\": \"BreadcrumbList\",\n        \"itemListElement\": [\n          {\n            \"@type\": \"ListItem\",\n            \"position\": 1,\n            \"name\": \"Accueil\",\n            \"item\": \"https:\/\/www.dynseo.com\"\n          },\n          {\n            \"@type\": \"ListItem\",\n            \"position\": 2,\n            \"name\": \"Blog\",\n            \"item\": \"https:\/\/www.dynseo.com\/blog\"\n          },\n          {\n            \"@type\": \"ListItem\",\n            \"position\": 3,\n            \"name\": \"Comment \u00c9tablir un Planning d'\u00c9cran \u00c9quilibr\u00e9 pour Vos Enfants\",\n            \"item\": \"https:\/\/www.dynseo.com\/comment-etablir-un-planning-decran-equilibre-pour-vos-enfants\/\"\n          }\n        ]\n      }\n    },\n    {\n      \"@type\": \"FAQPage\",\n      \"mainEntity\": [\n        {\n          \"@type\": \"Question\",\n          \"name\": \"\u00c0 partir de quel \u00e2ge peut-on introduire les \u00e9crans dans le quotidien d'un enfant ?\",\n          \"acceptedAnswer\": {\n            \"@type\": \"Answer\",\n            \"text\": \"L'introduction des \u00e9crans dans le quotidien d'un enfant doit \u00eatre progressive et adapt\u00e9e \u00e0 son d\u00e9veloppement. Les recommandations g\u00e9n\u00e9rales sugg\u00e8rent d'\u00e9viter les \u00e9crans avant 18 mois, sauf pour les appels vid\u00e9o en famille, et de privil\u00e9gier un accompagnement parental pour les enfants de 2 \u00e0 5 ans.\"\n          }\n        },\n        {\n          \"@type\": \"Question\",\n          \"name\": \"Comment g\u00e9rer les \u00e9crans pendant les vacances scolaires ?\",\n          \"acceptedAnswer\": {\n            \"@type\": \"Answer\",\n            \"text\": \"Pendant les vacances, il est important de maintenir une structure tout en \u00e9tant plus flexible. \u00c9tablissez un planning adapt\u00e9 avec des cr\u00e9neaux d\u00e9di\u00e9s aux \u00e9crans, mais veillez \u00e0 \u00e9quilibrer avec des activit\u00e9s physiques, cr\u00e9atives et sociales. Profitez de cette p\u00e9riode pour d\u00e9couvrir de nouvelles activit\u00e9s ensemble.\"\n          }\n        },\n        {\n          \"@type\": \"Question\",\n          \"name\": \"Que faire si mon enfant devient agressif quand je limite son temps d'\u00e9cran ?\",\n          \"acceptedAnswer\": {\n            \"@type\": \"Answer\",\n            \"text\": \"L'agressivit\u00e9 lors de la limitation du temps d'\u00e9cran est courante. Restez calme et ferme dans vos r\u00e8gles. Pr\u00e9venez votre enfant 10 minutes avant la fin du temps d'\u00e9cran, proposez une activit\u00e9 alternative attractive et expliquez clairement les raisons de ces limites. La constance dans l'application des r\u00e8gles est essentielle.\"\n          }\n        }\n      ]\n    }\n  ]\n}\n<\/script>\n<link href=\"https:\/\/fonts.googleapis.com\/css2?family=Montserrat:wght@400;500;600;700;800&#038;family=Poppins:wght@300;400;500;600;700&#038;display=swap\" rel=\"stylesheet\">\n<section class=\"article-hero\">\n<div class=\"container\">\n<div class=\"article-hero-inner\">\n<div class=\"article-breadcrumb\">\n                    <a href=\"\/\">In\u00edcio<\/a> > <a href=\"\/blog\/\">Blog<\/a> > Parentalidade digital\n                <\/div>\n<div class=\"article-category\">Parentalidade &#038; Telas<\/div>\n<h1>Como Estabelecer um Planejamento de Tela <span class=\"hl\">Equilibrado<\/span> para Seus Filhos<\/h1>\n<div class=\"article-meta\">\n                    <span>\ud83d\udcc5 Publicado em Abril de 2026<\/span><br \/>\n                    <span>\u23f1\ufe0f 15 min de leitura<\/span><br \/>\n                    <span>\ud83d\udc68\u200d\ud83d\udc69\u200d\ud83d\udc67\u200d\ud83d\udc66 Pais &#038; Educadores<\/span><br \/>\n                    <span>\u2b50 4.8\/5 (127 avalia\u00e7\u00f5es)<\/span>\n                <\/div>\n<\/p><\/div>\n<\/p><\/div>\n<div class=\"article-hero-curve\"><\/div>\n<\/section>\n<div class=\"article-body\">\n<div class=\"container\">\n<div class=\"intro-block\">\n                Na nossa sociedade hiperconectada, a gest\u00e3o do tempo de tela das crian\u00e7as representa um dos desafios maiores da parentalidade moderna. Entre as preocupa\u00e7\u00f5es leg\u00edtimas sobre o impacto das telas no desenvolvimento e a realidade de um mundo digital onipresente, os pais buscam solu\u00e7\u00f5es equilibradas e pragm\u00e1ticas. Essa problem\u00e1tica ultrapassa amplamente a simples limita\u00e7\u00e3o do tempo passado em frente \u00e0s telas para se estender a uma reflex\u00e3o global sobre a educa\u00e7\u00e3o digital. O objetivo n\u00e3o \u00e9 mais proibir, mas acompanhar nossos filhos em dire\u00e7\u00e3o a um uso consciente e ben\u00e9fico da tecnologia. Um planejamento de tela equilibrado permite n\u00e3o apenas preservar a sa\u00fade f\u00edsica e mental das crian\u00e7as, mas tamb\u00e9m transformar o tempo digital em oportunidade de aprendizado e desenvolvimento. Essa abordagem met\u00f3dica e benevolente constitui a chave para uma rela\u00e7\u00e3o saud\u00e1vel com a tecnologia desde a mais tenra idade.\n            <\/div>\n<div class=\"stats-grid\">\n<div class=\"stat-card\">\n                    <span class=\"number\">7h<\/span><br \/>\n                    <span class=\"label\">Tempo de tela di\u00e1rio m\u00e9dio dos 8-12 anos<\/span>\n                <\/div>\n<div class=\"stat-card\">\n                    <span class=\"number\">73%<\/span><br \/>\n                    <span class=\"label\">Pais preocupados com o tempo de tela de seus filhos<\/span>\n                <\/div>\n<div class=\"stat-card\">\n                    <span class=\"number\">2h<\/span><br \/>\n                    <span class=\"label\">Tempo recomendado pelos especialistas para os 6-18 anos<\/span>\n                <\/div>\n<div class=\"stat-card\">\n                    <span class=\"number\">45%<\/span><br \/>\n                    <span class=\"label\">Melhoria do sono com um planejamento equilibrado<\/span>\n                <\/div>\n<\/p><\/div>\n<h2>1. Compreender o Impacto Real das Telas no Desenvolvimento da Crian\u00e7a<\/h2>\n<pee>Um uso excessivo das telas pode ter muitas consequ\u00eancias negativas na sa\u00fade f\u00edsica e mental das crian\u00e7as. No aspecto f\u00edsico, isso leva a uma sedentariedade excessiva, favorecendo o ganho de peso, os dist\u00farbios do sono e os problemas musculoesquel\u00e9ticos. As crian\u00e7as superexpostas \u00e0s telas frequentemente desenvolvem h\u00e1bitos alimentares desequilibrados, pulam refei\u00e7\u00f5es regulares e adotam comportamentos de petiscar compulsivamente.<\/pee>\n<pee>No aspecto mental e cognitivo, a exposi\u00e7\u00e3o prolongada \u00e0s telas perturba as capacidades de concentra\u00e7\u00e3o, aten\u00e7\u00e3o sustentada e aprendizado profundo. Pesquisas cient\u00edficas demonstram que as crian\u00e7as que passam mais de tr\u00eas horas di\u00e1rias em frente \u00e0s telas apresentam n\u00edveis mais altos de ansiedade e dificuldades comportamentais aumentadas. A exposi\u00e7\u00e3o precoce a conte\u00fados inadequados ou violentos tamb\u00e9m pode comprometer o desenvolvimento emocional e social.<\/pee>\n<pee>No entanto, \u00e9 crucial nuan\u00e7ar essa vis\u00e3o reconhecendo que todas as telas n\u00e3o s\u00e3o iguais. Aplicativos educativos como <a href=\"https:\/\/www.dynseo.com\/pt-pt\/coco-pensa-e-coco-se-mexe\/\">COCO PENSA e COCO SE MEXE<\/a> transformam o tempo de tela em oportunidade de aprendizado estruturado, aliando estimula\u00e7\u00e3o cognitiva e atividade f\u00edsica. Essa abordagem diferenciada permite que os pais superem a simples l\u00f3gica de restri\u00e7\u00e3o para adotar uma estrat\u00e9gia de uso inteligente e ben\u00e9fico.<\/pee>\n<div class=\"conseil-card\">\n<h4>\ud83e\udde0 Conselho de Especialista DYNSEO<\/h4>\n<pee>A chave reside na qualidade em vez da quantidade. Uma hora de atividade educativa interativa no COCO PENSA pode ser mais ben\u00e9fica do que tr\u00eas horas de visualiza\u00e7\u00e3o passiva. O importante \u00e9 priorizar conte\u00fados que estimulem o engajamento ativo da crian\u00e7a e favore\u00e7am seu desenvolvimento cognitivo.<\/pee>\n            <\/div>\n<div class=\"key-points\">\n<h4>Pontos Chave a Lembrar:<\/h4>\n<ul>\n<li>O impacto das telas varia conforme o tipo de conte\u00fado e o modo de utiliza\u00e7\u00e3o<\/li>\n<li>A sedentariedade prolongada afeta a sa\u00fade f\u00edsica global<\/li>\n<li>Os dist\u00farbios do sono est\u00e3o frequentemente relacionados \u00e0 exposi\u00e7\u00e3o tardia \u00e0s telas<\/li>\n<li>Os aplicativos educativos podem transformar o tempo de tela em aprendizado<\/li>\n<li>A idade da crian\u00e7a determina sua vulnerabilidade aos efeitos negativos<\/li>\n<\/ul><\/div>\n<h2>2. Determinar o Tempo \u00d3timo de Uso conforme a Idade e o Desenvolvimento<\/h2>\n<pee>A determina\u00e7\u00e3o do tempo \u00f3timo de tela requer uma abordagem personalizada que leve em conta a idade, o est\u00e1gio de desenvolvimento e as necessidades individuais de cada crian\u00e7a. As recomenda\u00e7\u00f5es internacionais fornecem um quadro de refer\u00eancia, mas sua aplica\u00e7\u00e3o pr\u00e1tica exige uma adapta\u00e7\u00e3o \u00e0s realidades familiares e aos objetivos educativos espec\u00edficos.<\/pee>\n<pee>Para crian\u00e7as em idade pr\u00e9-escolar (3-5 anos), os especialistas geralmente recomendam uma limita\u00e7\u00e3o a uma hora di\u00e1ria de conte\u00fado educativo de qualidade, sempre acompanhado por um adulto. Este per\u00edodo cr\u00edtico do desenvolvimento cerebral exige uma vigil\u00e2ncia especial, pois as conex\u00f5es neuronais se formam rapidamente e podem ser influenciadas de forma duradoura pelas estimula\u00e7\u00f5es externas. O uso de aplicativos como COCO PENSA, projetados especificamente para essa faixa et\u00e1ria, permite otimizar esses momentos de tela ao propor atividades adequadas ao desenvolvimento cognitivo.<\/pee>\n<pee>Para crian\u00e7as em idade escolar (6-12 anos), a dura\u00e7\u00e3o pode se estender progressivamente at\u00e9 duas horas di\u00e1rias, sempre priorizando a diversidade dos conte\u00fados e a altern\u00e2ncia entre atividades digitais e f\u00edsicas. Este per\u00edodo corresponde \u00e0 aquisi\u00e7\u00e3o de habilidades fundamentais e ao desenvolvimento da autonomia. A integra\u00e7\u00e3o de ferramentas digitais educativas torna-se ent\u00e3o um complemento valioso aos aprendizados tradicionais, desde que se mantenha um equil\u00edbrio com as atividades n\u00e3o digitais.<\/pee>\n<div class=\"expert-box\">\n<div class=\"expert-box-label\">EXPERTISE DYNSEO<\/div>\n<div class=\"expert-box-title\">Adaptar o Tempo de Tela \u00e0s Necessidades Individuais<\/div>\n<div class=\"expert-inner\">\n                    <pee>Nossas pesquisas mostram que a efic\u00e1cia do tempo de tela depende mais da estrutura e da interatividade do que da dura\u00e7\u00e3o pura. Uma crian\u00e7a utilizando COCO SE MEXE durante 30 minutos desenvolve suas capacidades cognitivas enquanto satisfaz suas necessidades de atividade f\u00edsica.<\/pee>\n<div class=\"expert-inner-title\">Crit\u00e9rios de Avalia\u00e7\u00e3o Personalizada :<\/div>\n<pee>\u2022 N\u00edvel de desenvolvimento cognitivo e motor<!\u2013- [et_pb_br_holder] -\u2013><br \/>\n                    \u2022 Capacidades de aten\u00e7\u00e3o e de concentra\u00e7\u00e3o<!\u2013- [et_pb_br_holder] -\u2013><br \/>\n                    \u2022 Necessidades educativas espec\u00edficas<!\u2013- [et_pb_br_holder] -\u2013><br \/>\n                    \u2022 Contexto familiar e social<!\u2013- [et_pb_br_holder] -\u2013><br \/>\n                    \u2022 Rea\u00e7\u00f5es comportamentais observadas<\/pee>\n                <\/div>\n<\/p><\/div>\n<div class=\"tip-box\">\n<div class=\"tip-box-label\">DICA PR\u00c1TICA<\/div>\n<pee>Crie um &#8220;caderno de bordo digital&#8221; para acompanhar as rea\u00e7\u00f5es do seu filho de acordo com os diferentes tipos de conte\u00fados e dura\u00e7\u00f5es de exposi\u00e7\u00e3o. Esta observa\u00e7\u00e3o permitir\u00e1 ajustar gradualmente para o planejamento ideal para sua fam\u00edlia.<\/pee>\n            <\/div>\n<h2>3. Analisar o Impacto Diferenciado dos Tipos de Telas na Sa\u00fade Infantil<\/h2>\n<pee>Os diferentes tipos de telas exercem influ\u00eancias vari\u00e1veis sobre a sa\u00fade e o desenvolvimento das crian\u00e7as, exigindo uma compreens\u00e3o nuan\u00e7ada para elaborar um planejamento equilibrado. O tamanho da tela, a dist\u00e2ncia de visualiza\u00e7\u00e3o, a qualidade da exibi\u00e7\u00e3o e o tipo de intera\u00e7\u00e3o determinam amplamente o impacto no bem-estar f\u00edsico e mental.<\/pee>\n<pee>As telas de televis\u00e3o, geralmente assistidas \u00e0 dist\u00e2ncia e em posi\u00e7\u00e3o sentada prolongada, favorecem a passividade e a sedentariedade. Esta configura\u00e7\u00e3o encoraja o beliscar e pode perturbar os ritmos alimentares naturais. No entanto, quando utilizadas para conte\u00fados educativos interativos ou sess\u00f5es de exerc\u00edcios guiados, como as propostas por <a href=\"https:\/\/www.dynseo.com\/pt-pt\/coco-pensa-e-coco-se-mexe\/\">COCO SE MEXE<\/a>, tornam-se ferramentas valiosas para estimular a atividade f\u00edsica e a aprendizagem.<\/pee>\n<pee>Os tablets e smartphones, pela sua proximidade e luminosidade intensa, apresentam riscos espec\u00edficos para a vis\u00e3o e o sono. A exposi\u00e7\u00e3o \u00e0 luz azul, particularmente intensa nesses dispositivos, pode perturbar a produ\u00e7\u00e3o de melatonina e afetar a qualidade do sono. No entanto, seu car\u00e1ter t\u00e1til e interativo os torna particularmente adequados para aplicativos educativos que exigem uma manipula\u00e7\u00e3o fina e uma reatividade imediata.<\/pee>\n<div class=\"conseil-card\">\n<h4>\u26a1 Estrat\u00e9gia Anti-Fadiga Visual<\/h4>\n<pee>Aplique a regra do 20-20-20: a cada 20 minutos, olhe para um objeto a 20 metros de dist\u00e2ncia por 20 segundos. Integre pausas ativas com COCO SE MEXE para combinar descanso visual e estimula\u00e7\u00e3o f\u00edsica.<\/pee>\n            <\/div>\n<pee>Os computadores ocupam uma posi\u00e7\u00e3o intermedi\u00e1ria, oferecendo um compromisso interessante entre conforto visual e possibilidades interativas. Seu uso favorece o desenvolvimento de habilidades digitais essenciais, ao mesmo tempo que permite um melhor controle postural. A tela maior e a posi\u00e7\u00e3o de uso mais ergon\u00f4mica reduzem a fadiga ocular, mantendo um alto n\u00edvel de engajamento.<\/pee>\n<h2>4. Estrat\u00e9gias Eficazes para Limitar e Estruturar o Tempo de Tela<\/h2>\n<pee>A limita\u00e7\u00e3o eficaz do tempo de tela baseia-se no estabelecimento de regras claras, coerentes e adaptadas ao ritmo familiar. Essa abordagem estruturada permite que as crian\u00e7as desenvolvam uma rela\u00e7\u00e3o saud\u00e1vel com a tecnologia, preservando os momentos essenciais da vida cotidiana. O objetivo n\u00e3o \u00e9 criar frustra\u00e7\u00e3o, mas instaurar um ambiente seguro e previs\u00edvel.<\/pee>\n<pee>A cria\u00e7\u00e3o de zonas e momentos sem tela constitui um pilar fundamental dessa estrat\u00e9gia. O quarto deve permanecer um espa\u00e7o de descanso, isento de qualquer estimula\u00e7\u00e3o digital. As refei\u00e7\u00f5es familiares representam oportunidades valiosas de comunica\u00e7\u00e3o e compartilhamento que merecem ser preservadas das distra\u00e7\u00f5es digitais. Esses momentos privilegiados fortalecem os la\u00e7os familiares e desenvolvem as habilidades sociais essenciais.<\/pee>\n<pee>A cria\u00e7\u00e3o de um planejamento visual e participativo envolve a crian\u00e7a na gest\u00e3o de seu tempo digital. Essa abordagem colaborativa refor\u00e7a a ades\u00e3o \u00e0s regras estabelecidas e desenvolve as habilidades de autorregula\u00e7\u00e3o. O uso de aplicativos como COCO PENSA nesse contexto estruturado transforma o tempo de tela permitido em uma oportunidade de aprendizado maximizada, tornando cada minuto passado diante da tela produtivo e enriquecedor.<\/pee>\n<div class=\"key-points\">\n<h4>M\u00e9todos de Limita\u00e7\u00e3o Eficazes:<\/h4>\n<ul>\n<li>Defini\u00e7\u00e3o de hor\u00e1rios fixos e n\u00e3o negoci\u00e1veis<\/li>\n<li>Uso de cron\u00f4metros visuais para materializar o tempo<\/li>\n<li>Altern\u00e2ncia obrigat\u00f3ria entre atividades digitais e f\u00edsicas<\/li>\n<li>Sistema de recompensas pelo respeito aos limites<\/li>\n<li>Implica\u00e7\u00e3o ativa das crian\u00e7as na elabora\u00e7\u00e3o das regras<\/li>\n<\/ul><\/div>\n<div class=\"expert-box\">\n<div class=\"expert-box-label\">M\u00c9TODO DYNSEO<\/div>\n<div class=\"expert-box-title\">O Planejamento 60\/30: Equil\u00edbrio \u00d3timo<\/div>\n<div class=\"expert-inner\">\n                    <pee>Nossa metodologia comprovada prop\u00f5e sess\u00f5es de 30 minutos de atividade digital educativa seguidas de 30 minutos de atividade f\u00edsica ou criativa. Essa altern\u00e2ncia regular otimiza a aten\u00e7\u00e3o e previne a fadiga.<\/pee>\n<div class=\"expert-inner-title\">Vantagens Observadas:<\/div>\n<pee>\u2022 Manuten\u00e7\u00e3o de um n\u00edvel de aten\u00e7\u00e3o ideal<!\u2013- [et_pb_br_holder] -\u2013><br \/>\n                    \u2022 Redu\u00e7\u00e3o de 65% dos conflitos relacionados \u00e0s telas<!\u2013- [et_pb_br_holder] -\u2013><br \/>\n                    \u2022 Melhoria do desempenho escolar<!\u2013- [et_pb_br_holder] -\u2013><br \/>\n                    \u2022 Desenvolvimento equilibrado das compet\u00eancias<\/pee>\n                <\/div>\n<\/p><\/div>\n<h2>5. Alternativas Criativas e Enriquecedoras \u00e0s Telas Tradicionais<\/h2>\n<pee>O desenvolvimento de alternativas atraentes \u00e0s telas representa um aspecto crucial do estabelecimento de um planejamento equilibrado. Essas atividades alternativas n\u00e3o devem ser vistas como substitutos de consolo, mas como experi\u00eancias enriquecedoras por si mesmas, capazes de cativar o interesse das crian\u00e7as enquanto promovem seu desenvolvimento global.<\/pee>\n<pee>As atividades ao ar livre oferecem benef\u00edcios incompar\u00e1veis para o desenvolvimento f\u00edsico, mental e social. A explora\u00e7\u00e3o da natureza estimula a curiosidade cient\u00edfica, desenvolve as habilidades de observa\u00e7\u00e3o e fortalece o sistema imunol\u00f3gico. Os jogos em grupo ao ar livre favorecem as habilidades sociais, a coopera\u00e7\u00e3o e a gest\u00e3o das emo\u00e7\u00f5es. Essas experi\u00eancias sensoriais ricas contrastam ben\u00e9ficamente com a estimula\u00e7\u00e3o unidimensional das telas tradicionais.<\/pee>\n<pee>As atividades art\u00edsticas e criativas, como desenho, pintura, m\u00fasica ou constru\u00e7\u00e3o, estimulam a imagina\u00e7\u00e3o e desenvolvem as habilidades motoras finas. Essas atividades permitem a express\u00e3o pessoal e refor\u00e7am a autoestima atrav\u00e9s da cria\u00e7\u00e3o tang\u00edvel. A aus\u00eancia de restri\u00e7\u00f5es digitais favorece o pensamento divergente e a criatividade espont\u00e2nea, habilidades essenciais para a inova\u00e7\u00e3o futura.<\/pee>\n<div class=\"conseil-card\">\n<h4>\ud83c\udfa8 Transi\u00e7\u00e3o Suave para Atividades Alternativas<\/h4>\n<pee>Crie &#8220;caixas de atividades tem\u00e1ticas&#8221; que as crian\u00e7as podem escolher livremente ao final do seu tempo de tela. Essa abordagem transforma a limita\u00e7\u00e3o em oportunidade de descoberta e mant\u00e9m o entusiasmo por atividades n\u00e3o digitais.<\/pee>\n            <\/div>\n<pee>A leitura constitui uma alternativa particularmente valiosa, desenvolvendo o vocabul\u00e1rio, a imagina\u00e7\u00e3o e as habilidades de concentra\u00e7\u00e3o sustentada. A introdu\u00e7\u00e3o gradual de formatos variados (hist\u00f3rias em quadrinhos, romances ilustrados, document\u00e1rios interativos) permite adaptar a atividade \u00e0s prefer\u00eancias individuais, mantendo o objetivo de desenvolvimento cognitivo.<\/pee>\n<h2>6. Estabelecer Regras Familiares para um Uso Saud\u00e1vel e Respons\u00e1vel<\/h2>\n<pee>A elabora\u00e7\u00e3o de regras familiares coerentes e aplicadas constitui a base para um uso saud\u00e1vel das telas. Essas regras devem ser claras, justificadas e adaptadas aos valores familiares, levando em conta as necessidades de desenvolvimento espec\u00edficas de cada crian\u00e7a. O objetivo \u00e9 criar um ambiente seguro que favore\u00e7a a autonomia progressiva e a responsabiliza\u00e7\u00e3o.<\/pee>\n<pee>A defini\u00e7\u00e3o de momentos privilegiados sem tela, como as refei\u00e7\u00f5es familiares, os passeios de domingo ou os momentos de prepara\u00e7\u00e3o para dormir, sagra momentos de qualidade relacional. Esses momentos permitem o desenvolvimento de habilidades conversacionais, a express\u00e3o de emo\u00e7\u00f5es e o fortalecimento dos la\u00e7os familiares. A regularidade desses tempos sem tela cria refer\u00eancias est\u00e1veis no cotidiano da crian\u00e7a.<\/pee>\n<pee>A instaura\u00e7\u00e3o de regras sobre o conte\u00fado digital consumido protege as crian\u00e7as de influ\u00eancias inadequadas, ao mesmo tempo que desenvolve seu esp\u00edrito cr\u00edtico. A sele\u00e7\u00e3o ativa de conte\u00fados educativos e enriquecedores, como os propostos por <a href=\"https:\/\/www.dynseo.com\/pt-pt\/coco-pensa-e-coco-se-mexe\/\">COCO PENSA e COCO SE MEXE<\/a>, transforma cada momento de tela em uma oportunidade de aprendizado. Essa abordagem qualitativa supera a simples l\u00f3gica quantitativa para otimizar os benef\u00edcios do tempo digital.<\/pee>\n<div class=\"tip-box\">\n<div class=\"tip-box-label\">REGRA DE OURO<\/div>\n<pee>Envolva todos os membros da fam\u00edlia no respeito \u00e0s regras estabelecidas. Quando os pais d\u00e3o o exemplo limitando seu pr\u00f3prio uso das telas durante os momentos familiares, as crian\u00e7as integram naturalmente esses comportamentos como normais e desej\u00e1veis.<\/pee>\n            <\/div>\n<div class=\"key-points\">\n<h4>Regras Essenciais a Estabelecer:<\/h4>\n<ul>\n<li>Sem tela durante as refei\u00e7\u00f5es e conversas familiares<\/li>\n<li>Parar as telas 1 hora antes de dormir<\/li>\n<li>Tempo de tela condicionado \u00e0s tarefas di\u00e1rias realizadas<\/li>\n<li>Escolha dos conte\u00fados supervisionada e justificada<\/li>\n<li>Pausas obrigat\u00f3rias a cada 30 minutos de uso<\/li>\n<li>Respeito pelos espa\u00e7os comuns e pelos momentos compartilhados<\/li>\n<\/ul><\/div>\n<h2>7. Envolver Ativamente as Crian\u00e7as na Elabora\u00e7\u00e3o do Planejamento<\/h2>\n<pee>O envolvimento das crian\u00e7as na concep\u00e7\u00e3o de seu planejamento de tela transforma uma restri\u00e7\u00e3o externa em um compromisso pessoal. Essa abordagem participativa desenvolve as habilidades de negocia\u00e7\u00e3o, planejamento e autorregula\u00e7\u00e3o, ao mesmo tempo em que refor\u00e7a a ades\u00e3o \u00e0s regras estabelecidas. As crian\u00e7as que participam da elabora\u00e7\u00e3o das regras se apropriam mais dos objetivos e demonstram uma melhor conformidade.<\/pee>\n<pee>A organiza\u00e7\u00e3o de &#8220;conselhos de fam\u00edlia digitais&#8221; regulares permite discutir as quest\u00f5es relacionadas \u00e0s telas, avaliar a efic\u00e1cia do planejamento em andamento e fazer os ajustes necess\u00e1rios. Esses momentos de di\u00e1logo favorecem a express\u00e3o das necessidades, frustra\u00e7\u00f5es e sugest\u00f5es de melhoria. A escuta ativa das preocupa\u00e7\u00f5es infantis permite adaptar as regras \u00e0s evolu\u00e7\u00f5es do desenvolvimento e aos novos desafios.<\/pee>\n<pee>A cria\u00e7\u00e3o de um &#8220;contrato digital familiar&#8221; envolve cada membro na defini\u00e7\u00e3o dos compromissos m\u00fatuos. Este documento, assinado simbolicamente por todos, materializa o acordo coletivo e pode ser revisado periodicamente. A inclus\u00e3o de objetivos positivos, como o uso de aplicativos educativos como COCO PENSA, orienta a aten\u00e7\u00e3o para os benef\u00edcios em vez das restri\u00e7\u00f5es.<\/pee>\n<div class=\"expert-box\">\n<div class=\"expert-box-label\">ABORDAGEM COLABORATIVA<\/div>\n<div class=\"expert-box-title\">M\u00e9todo de Co-constru\u00e7\u00e3o do Planejamento<\/div>\n<div class=\"expert-inner\">\n                    <pee>Nossa experi\u00eancia mostra que os planejamentos co-constru\u00eddos com as crian\u00e7as apresentam uma taxa de respeito 3 vezes superior \u00e0s regras impostas unilateralmente. Essa abordagem desenvolve a autonomia e a responsabilidade digital.<\/pee>\n<div class=\"expert-inner-title\">Etapas de Constru\u00e7\u00e3o Colaborativa :<\/div>\n<pee>1. Discuss\u00e3o aberta sobre as necessidades e desejos<!\u2013- [et_pb_br_holder] -\u2013><br \/>\n                    2. Apresenta\u00e7\u00e3o das restri\u00e7\u00f5es e objetivos familiares<!\u2013- [et_pb_br_holder] -\u2013><br \/>\n                    3. Negocia\u00e7\u00e3o e busca de compromissos equilibrados<!\u2013- [et_pb_br_holder] -\u2013><br \/>\n                    4. Reda\u00e7\u00e3o conjunta do planejamento<!\u2013- [et_pb_br_holder] -\u2013><br \/>\n                    5. Teste em per\u00edodo de experi\u00eancia com avalia\u00e7\u00f5es regulares<\/pee>\n                <\/div>\n<\/p><\/div>\n<h2>8. Transformar o Tempo de Tela em Oportunidades Educativas Interativas<\/h2>\n<pee>A transforma\u00e7\u00e3o do tempo de tela em experi\u00eancia educativa interativa representa a evolu\u00e7\u00e3o mais promissora da gest\u00e3o digital familiar. Esta abordagem vai al\u00e9m da simples limita\u00e7\u00e3o para otimizar cada minuto passado diante da tela, transformando um tempo potencialmente passivo em oportunidade de aprendizado ativa e estruturada.<\/pee>\n<pee>A escolha de aplicativos e conte\u00fados educativos de qualidade constitui a pedra angular desta estrat\u00e9gia. Os programas que incentivam a intera\u00e7\u00e3o, fazem perguntas, prop\u00f5em desafios adequados e fornecem feedbacks construtivos maximizam os benef\u00edcios cognitivos. COCO PENSA ilustra perfeitamente essa abordagem ao propor atividades que estimulam simultaneamente v\u00e1rias fun\u00e7\u00f5es cognitivas enquanto mant\u00e9m um n\u00edvel de engajamento \u00f3timo.<\/pee>\n<pee>O acompanhamento parental durante os momentos de tela educativa multiplica os benef\u00edcios da experi\u00eancia. A discuss\u00e3o dos conte\u00fados, o incentivo \u00e0s reflex\u00f5es e a extens\u00e3o dos aprendizados para atividades concretas criam conex\u00f5es duradouras. Esta co-participa\u00e7\u00e3o transforma a tela em um suporte de media\u00e7\u00e3o em vez de uma atividade solit\u00e1ria e passiva.<\/pee>\n<div class=\"conseil-card\">\n<h4>\ud83c\udfaf Maximizar o Impacto Educativo<\/h4>\n<pee>Prepare perguntas abertas relacionadas aos conte\u00fados educativos visualizados. Ap\u00f3s uma sess\u00e3o sobre COCO PENSA, pe\u00e7a ao seu filho que explique as estrat\u00e9gias utilizadas e que imagine variantes para os exerc\u00edcios realizados. Essa verbaliza\u00e7\u00e3o refor\u00e7a a integra\u00e7\u00e3o dos aprendizados.<\/pee>\n            <\/div>\n<pee>A integra\u00e7\u00e3o de atividades f\u00edsicas na experi\u00eancia digital, como prop\u00f5e COCO SE MEXE, atende \u00e0s necessidades de movimento enquanto mant\u00e9m o engajamento cognitivo. Essa abordagem h\u00edbrida combina os benef\u00edcios da tecnologia interativa com os benef\u00edcios fisiol\u00f3gicos da atividade f\u00edsica, criando uma experi\u00eancia completa e equilibrada.<\/pee>\n<h2>9. Monitoramento e Avalia\u00e7\u00e3o Cont\u00ednua da Efic\u00e1cia do Planejamento<\/h2>\n<pee>A avalia\u00e7\u00e3o regular da efic\u00e1cia do planejamento de tela permite ajustar as estrat\u00e9gias de acordo com a evolu\u00e7\u00e3o das necessidades e dos resultados observados. Essa abordagem de melhoria cont\u00ednua garante a adapta\u00e7\u00e3o do sistema \u00e0s mudan\u00e7as desenvolvimentais da crian\u00e7a e \u00e0s evolu\u00e7\u00f5es do contexto familiar. A observa\u00e7\u00e3o atenta dos indicadores comportamentais, escolares e relacionais orienta os ajustes necess\u00e1rios.<\/pee>\n<pee>A implementa\u00e7\u00e3o de indicadores de acompanhamento objetivos permite uma avalia\u00e7\u00e3o factual do impacto do planejamento. A qualidade do sono, o desempenho escolar, o humor geral, a capacidade de concentra\u00e7\u00e3o e a qualidade das rela\u00e7\u00f5es familiares constituem marcadores confi\u00e1veis do equil\u00edbrio alcan\u00e7ado. O uso de um caderno de bordo familiar facilita o acompanhamento desses indicadores ao longo do tempo.<\/pee>\n<pee>A adapta\u00e7\u00e3o progressiva do planejamento com base nos retornos de experi\u00eancia mant\u00e9m sua relev\u00e2ncia e efic\u00e1cia. Os per\u00edodos de f\u00e9rias, as mudan\u00e7as de idade, a chegada de novas tecnologias ou a evolu\u00e7\u00e3o dos interesses da crian\u00e7a exigem ajustes ponderados. Essa flexibilidade controlada preserva o equil\u00edbrio enquanto se adapta \u00e0s realidades em mudan\u00e7a.<\/pee>\n<div class=\"key-points\">\n<h4>Indicadores Chave a Monitorar:<\/h4>\n<ul>\n<li>Qualidade e dura\u00e7\u00e3o do sono noturno<\/li>\n<li>Facilidade para adormecer e despertares noturnos<\/li>\n<li>Concentra\u00e7\u00e3o e aten\u00e7\u00e3o em sala de aula<\/li>\n<li>Humor e irritabilidade geral<\/li>\n<li>Participa\u00e7\u00e3o nas atividades familiares<\/li>\n<li>Rela\u00e7\u00f5es sociais e de amizade<\/li>\n<li>Resist\u00eancia frente aos limites de tela<\/li>\n<\/ul><\/div>\n<h2>10. Gest\u00e3o das Resist\u00eancias e dos Conflitos Familiares<\/h2>\n<pee>A implementa\u00e7\u00e3o de um planejamento de tela equilibrado gera inevitavelmente resist\u00eancias e conflitos que devem ser antecipados e geridos com benevol\u00eancia. Essas rea\u00e7\u00f5es s\u00e3o normais e muitas vezes refletem o h\u00e1bito adquirido de um uso menos estruturado. A abordagem gradual, a explica\u00e7\u00e3o dos benef\u00edcios e a busca de compromissos facilitam a aceita\u00e7\u00e3o das novas regras.<\/pee>\n<pee>A identifica\u00e7\u00e3o das fontes de resist\u00eancia permite adaptar a estrat\u00e9gia de implementa\u00e7\u00e3o. O medo de perder conte\u00fados, o t\u00e9dio antecipado ou a press\u00e3o social constituem as principais fontes de oposi\u00e7\u00e3o. A antecipa\u00e7\u00e3o dessas preocupa\u00e7\u00f5es atrav\u00e9s da proposta de alternativas atraentes e a valoriza\u00e7\u00e3o dos benef\u00edcios observados facilitam a transi\u00e7\u00e3o para novos h\u00e1bitos.<\/pee>\n<pee>A manuten\u00e7\u00e3o da coer\u00eancia parental frente \u00e0s negocia\u00e7\u00f5es e tentativas de contorno refor\u00e7a a autoridade do planejamento estabelecido. Os momentos de fraqueza ou as exce\u00e7\u00f5es n\u00e3o justificadas fragilizam todo o sistema. A explica\u00e7\u00e3o repetida das raz\u00f5es que motivam as regras e a celebra\u00e7\u00e3o dos progressos observados mant\u00eam a motiva\u00e7\u00e3o familiar.<\/pee>\n<div class=\"expert-box\">\n<div class=\"expert-box-label\">GEST\u00c3O DE CRISE<\/div>\n<div class=\"expert-box-title\">Estrat\u00e9gias de Resolu\u00e7\u00e3o de Conflitos<\/div>\n<div class=\"expert-inner\">\n                    <pee>Frente \u00e0s resist\u00eancias significativas, nossa abordagem privilegia a escuta emp\u00e1tica e a busca por solu\u00e7\u00f5es criativas em vez do confronto direto. O objetivo \u00e9 transformar a oposi\u00e7\u00e3o em colabora\u00e7\u00e3o construtiva.<\/pee>\n<div class=\"expert-inner-title\">T\u00e9cnicas Comprovadas :<\/div>\n<pee>\u2022 Valida\u00e7\u00e3o das emo\u00e7\u00f5es expressas pela crian\u00e7a<!\u2013- [et_pb_br_holder] -\u2013><br \/>\n                    \u2022 Reformula\u00e7\u00e3o das regras em termos positivos<!\u2013- [et_pb_br_holder] -\u2013><br \/>\n                    \u2022 Proposi\u00e7\u00e3o de escolhas dentro das limita\u00e7\u00f5es<!\u2013- [et_pb_br_holder] -\u2013><br \/>\n                    \u2022 Implementa\u00e7\u00e3o de per\u00edodos de teste negociados<!\u2013- [et_pb_br_holder] -\u2013><br \/>\n                    \u2022 Reconhecimento e celebra\u00e7\u00e3o dos esfor\u00e7os realizados<\/pee>\n                <\/div>\n<\/p><\/div>\n<h2>11. Adaptar o Planejamento \u00e0s Diferentes Faixas Et\u00e1rias<\/h2>\n<pee>A adapta\u00e7\u00e3o do planejamento de tela \u00e0s especificidades de desenvolvimento de cada faixa et\u00e1ria otimiza sua efic\u00e1cia e relev\u00e2ncia. As necessidades, capacidades e vulnerabilidades evoluem significativamente entre a primeira inf\u00e2ncia e a adolesc\u00eancia, exigindo abordagens diferenciadas enquanto se mant\u00e9m a coer\u00eancia dos objetivos fundamentais.<\/pee>\n<pee>Para crian\u00e7as de 3 a 6 anos, a prioridade \u00e9 a prote\u00e7\u00e3o do desenvolvimento cerebral e o estabelecimento de bases saud\u00e1veis. As sess\u00f5es curtas (15-30 minutos), sempre acompanhadas de um adulto, com conte\u00fados exclusivamente educativos como os de COCO PENSA, criam um ambiente seguro. A altern\u00e2ncia frequente com atividades sensoriais e motoras preserva o equil\u00edbrio de desenvolvimento necess\u00e1rio nessa idade cr\u00edtica.<\/pee>\n<pee>Crian\u00e7as de 7 a 12 anos podem se beneficiar de sess\u00f5es mais longas (45-60 minutos) com maior autonomia na escolha dos conte\u00fados, mantendo uma supervis\u00e3o ativa. A introdu\u00e7\u00e3o gradual de responsabilidades na gest\u00e3o do tempo de tela desenvolve as habilidades de autorregula\u00e7\u00e3o. A integra\u00e7\u00e3o de aplicativos como COCO SE MEXE atende \u00e0s crescentes necessidades de atividade f\u00edsica desse per\u00edodo.<\/pee>\n<div class=\"tip-box\">\n<div class=\"tip-box-label\">ADAPTA\u00c7\u00c3O PROGRESSIVA<\/div>\n<pee>Preveja um per\u00edodo de transi\u00e7\u00e3o de 2-3 semanas ao passar de uma faixa et\u00e1ria para outra. Essa progressividade permite a adapta\u00e7\u00e3o suave \u00e0s novas liberdades e responsabilidades, reduzindo as resist\u00eancias e otimizando a aceita\u00e7\u00e3o.<\/pee>\n            <\/div>\n<pee>A adolesc\u00eancia (13-18 anos) requer uma abordagem mais colaborativa que integre as quest\u00f5es sociais e identit\u00e1rias espec\u00edficas desse per\u00edodo. A negocia\u00e7\u00e3o de um contrato de uso respons\u00e1vel, incluindo objetivos escolares e compromissos familiares, respeita a necessidade de autonomia enquanto mant\u00e9m um quadro protetor. A educa\u00e7\u00e3o sobre as quest\u00f5es digitais (privacidade, cyberbullying, depend\u00eancia) torna-se priorit\u00e1ria.<\/pee>\n<h2>12. Integrar a Dimens\u00e3o Social e Familiar do Digital<\/h2>\n<pee>A dimens\u00e3o social do digital representa um aspecto central frequentemente negligenciado na elabora\u00e7\u00e3o dos planejamentos de tela. As tecnologias n\u00e3o s\u00e3o mais apenas ferramentas individuais, mas espa\u00e7os de socializa\u00e7\u00e3o, comunica\u00e7\u00e3o e constru\u00e7\u00e3o identit\u00e1ria, particularmente importantes para o desenvolvimento social de crian\u00e7as e adolescentes.<\/pee>\n<pee>A organiza\u00e7\u00e3o de atividades digitais familiares, como sess\u00f5es coletivas sobre COCO SE MEXE ou descobertas educativas compartilhadas, transforma a tela em um suporte de v\u00ednculo social em vez de um fator de isolamento. Esses momentos compartilhados criam refer\u00eancias comuns, facilitam as discuss\u00f5es intergeracionais e refor\u00e7am a coes\u00e3o familiar em torno das ferramentas digitais.<\/pee>\n<pee>A estabelecimento de regras coletivas sobre o uso familiar das telas (refei\u00e7\u00f5es sem telefone, noites desconectadas, atividades comuns) envolve todos os membros da fam\u00edlia no processo. Essa abordagem sist\u00eamica evita a estigmatiza\u00e7\u00e3o das crian\u00e7as e cria uma cultura familiar coerente em torno das quest\u00f5es digitais. A modelagem parental torna-se, ent\u00e3o, uma ferramenta educativa poderosa.<\/pee>\n<div class=\"conseil-card\">\n<h4>\ud83d\udc68\u200d\ud83d\udc69\u200d\ud83d\udc67\u200d\ud83d\udc66 Refor\u00e7ar os La\u00e7os Familiares<\/h4>\n<pee>Estabele\u00e7a um &#8220;tempo de tela familiar&#8221; semanal onde todos os membros participem juntos de uma atividade educativa digital. Esses momentos privilegiados criam cumplicidade enquanto d\u00e3o o exemplo de um uso positivo da tecnologia.<\/pee>\n            <\/div>\n<pee>A considera\u00e7\u00e3o das necessidades de socializa\u00e7\u00e3o digital das crian\u00e7as, particularmente na adolesc\u00eancia, requer um equil\u00edbrio entre prote\u00e7\u00e3o e autonomia. O acompanhamento no aprendizado dos c\u00f3digos sociais digitais, a sensibiliza\u00e7\u00e3o para os riscos e a abertura ao di\u00e1logo sobre as experi\u00eancias vividas criam um ambiente seguro enquanto respeitam as necessidades de desenvolvimento.<\/pee>\n<div class=\"faq-list\">\n<h2 style=\"margin-bottom: 40px;\">\u2753 Perguntas Frequentes<\/h2>\n<div class=\"faq-item\">\n<div class=\"faq-q\">\n                        <span>A partir de qual idade pode-se introduzir as telas no cotidiano de uma crian\u00e7a?<\/span><br \/>\n                        <span class=\"faq-icon\">+<\/span>\n                    <\/div>\n<div class=\"faq-a\">\n                        <pee>Os especialistas recomendam evitar as telas antes dos 2 anos, exceto para videochamadas com a fam\u00edlia. Entre 2 e 3 anos, uma introdu\u00e7\u00e3o muito gradual com conte\u00fados educativos acompanhados \u00e9 poss\u00edvel. A partir dos 3 anos, sess\u00f5es curtas de 15-20 minutos com aplicativos como COCO PENSA podem ser ben\u00e9ficas para o desenvolvimento cognitivo, sempre sob supervis\u00e3o dos pais.<\/pee>\n                    <\/div>\n<\/p><\/div>\n<div class=\"faq-item\">\n<div class=\"faq-q\">\n                        <span>Como gerenciar as telas durante as f\u00e9rias escolares?<\/span><br \/>\n                        <span class=\"faq-icon\">+<\/span>\n                    <\/div>\n<div class=\"faq-a\">\n                        <pee>As f\u00e9rias exigem um relaxamento razo\u00e1vel do planejamento habitual. Recomendamos aumentar em 30-50% o tempo de tela permitido, mantendo as regras fundamentais (sem tela antes das 9h, parar 1h antes de dormir, alternar com atividades f\u00edsicas). \u00c9 a oportunidade perfeita para explorar novos conte\u00fados educativos ou projetos criativos mais longos.<\/pee>\n                    <\/div>\n<\/p><\/div>\n<div class=\"faq-item\">\n<div class=\"faq-q\">\n                        <span>O que fazer se meu filho ficar agressivo quando limito seu tempo de tela?<\/span><br \/>\n                        <span class=\"faq-icon\">+<\/span>\n                    <\/div>\n<div class=\"faq-a\">\n                        <pee>A agressividade \u00e9 uma rea\u00e7\u00e3o normal diante da frustra\u00e7\u00e3o. Mantenha a calma e seja firme nas regras estabelecidas. Ofere\u00e7a imediatamente uma alternativa atraente e acompanhe a transi\u00e7\u00e3o. Se as rea\u00e7\u00f5es persistirem, reduza gradualmente o tempo de tela e consulte um profissional se necess\u00e1rio. O uso de um timer visual e avisos pr\u00e9vios facilita a aceita\u00e7\u00e3o dos limites.<\/pee>\n                    <\/div>\n<\/p><\/div>\n<div class=\"faq-item\">\n<div class=\"faq-q\">\n                        <span>Os aplicativos educativos realmente substituem as atividades tradicionais?<\/span><br \/>\n                        <span class=\"faq-icon\">+<\/span>\n                    <\/div>\n<div class=\"faq-a\">\n                        <pee>Os aplicativos educativos como COCO PENSA complementam, mas nunca substituem completamente as atividades tradicionais. Eles oferecem vantagens espec\u00edficas (interatividade, adapta\u00e7\u00e3o ao n\u00edvel, feedback imediato) enquanto apresentam limita\u00e7\u00f5es (aus\u00eancia de manipula\u00e7\u00e3o f\u00edsica, estimula\u00e7\u00e3o sensorial reduzida). O ideal \u00e9 uma combina\u00e7\u00e3o equilibrada das duas abordagens.<\/pee>\n                    <\/div>\n<\/p><\/div>\n<div class=\"faq-item\">\n<div class=\"faq-q\">\n                        <span>Como adaptar o planejamento se v\u00e1rias crian\u00e7as de idades diferentes vivem na casa?<\/span><br \/>\n                        <span class=\"faq-icon\">+<\/span>\n                    <\/div>\n<div class=\"faq-a\">\n                        <pee>Crie planejamentos individualizados, mas coordenados. Os mais jovens podem usar aplicativos educativos enquanto os mais velhos fazem suas li\u00e7\u00f5es digitais. Organize hor\u00e1rios comuns com atividades adapt\u00e1veis a todas as idades. O importante \u00e9 manter a equidade percebida, respeitando as necessidades espec\u00edficas de cada idade.<\/pee>\n                    <\/div>\n<\/p><\/div>\n<div class=\"faq-item\">\n<div class=\"faq-q\">\n                        <span>Devo proibir completamente as telas \u00e0 noite?<\/span><br \/>\n                        <span class=\"faq-icon\">+<\/span>\n                    <\/div>\n<div class=\"faq-a\">\n                        <pee>A interrup\u00e7\u00e3o das telas 1 a 2 horas antes de dormir \u00e9 fortemente recomendada para preservar a qualidade do sono. A luz azul perturba a produ\u00e7\u00e3o de melatonina. Se um uso excepcional for necess\u00e1rio, ative os filtros de luz azul e priorize conte\u00fados calmos. Estabele\u00e7a uma rotina relaxante com leitura, m\u00fasica suave ou atividades manuais.<\/pee>\n                    <\/div>\n<\/p><\/div>\n<\/p><\/div>\n<div class=\"cta-box\">\n<h3>\ud83d\ude80 Transforme o Tempo de Tela do Seu Filho em Oportunidade de Aprendizado<\/h3>\n<pee>Descubra COCO PENSA e COCO SE MEXE, os aplicativos educacionais projetados por nossos especialistas em estimula\u00e7\u00e3o cognitiva para um desenvolvimento harmonioso e equilibrado do seu filho.<\/pee>\n<div class=\"cta-buttons\">\n                    <a href=\"https:\/\/www.dynseo.com\/pt-pt\/coco-pensa-e-coco-se-mexe\/\" class=\"btn-white\">Experimente COCO Gratuitamente<\/a><br \/>\n                    <a href=\"https:\/\/www.dynseo.com\/pt-pt\/contact\/\" class=\"btn-outline\">Solicitar Conselho<\/a>\n                <\/div>\n<\/p><\/div>\n<div class=\"article-tags\">\n                <span style=\"font-weight: 600; color: var(--gray-700);\">Tags :<\/span><br \/>\n                <a href=\"\/?tag=planning-ecran\" class=\"article-tag\">Planejamento de tela<\/a><br \/>\n                <a href=\"\/?tag=parentalite-numerique\" class=\"article-tag\">Parentalidade digital<\/a><br \/>\n                <a href=\"\/?tag=education-enfants\" class=\"article-tag\">Educa\u00e7\u00e3o infantil<\/a><br \/>\n                <a href=\"\/?tag=ecrans-equilibres\" class=\"article-tag\">Telas equilibradas<\/a><br \/>\n                <a href=\"\/?tag=coco-pense\" class=\"article-tag\">COCO PENSA<\/a><br \/>\n                <a href=\"\/?tag=coco-bouge\" class=\"article-tag\">COCO SE MEXE<\/a><br \/>\n                <a href=\"https:\/\/www.dynseo.com\/tag\/developpement-cognitif\/\" class=\"article-tag\">Desenvolvimento cognitivo<\/a><br \/>\n                <a href=\"\/?tag=stimulation-cerebrale\" class=\"article-tag\">Estimula\u00e7\u00e3o cerebral<\/a>\n            <\/div>\n<\/p><\/div>\n<\/p><\/div>\n<p>[\/et_pb_code][\/et_pb_column][\/et_pb_row][\/et_pb_section]<\/p>\n","protected":false},"excerpt":{"rendered":"","protected":false},"author":4,"featured_media":415103,"comment_status":"closed","ping_status":"closed","sticky":false,"template":"","format":"standard","meta":{"_et_pb_use_builder":"on","_et_pb_old_content":"[et_pb_section fb_built=\"1\" _builder_version=\"4.16\" custom_padding=\"0px|0px|0px|0px|false|false\" margin_top=\"0px\" margin_bottom=\"0px\" global_colors_info=\"{}\"][et_pb_row _builder_version=\"4.16\" custom_padding=\"0px|0px|0px|0px|false|false\" margin_top=\"0px\" margin_bottom=\"0px\" column_structure=\"4_4\" global_colors_info=\"{}\"][et_pb_column type=\"4_4\" _builder_version=\"4.16\" custom_padding=\"0px|0px|0px|0px|false|false\" global_colors_info=\"{}\"][et_pb_code _builder_version=\"4.16\" custom_padding=\"0px|0px|0px|0px|false|false\" global_colors_info=\"{}\"]<style>\n        :root {\n            --primary: #5e5ed7;\n            --primary-dark: #5268c9;\n            --teal: #a9e2e4;\n            --yellow: #ffeca7;\n            --pink: #e73469;\n            --white: #ffffff;\n            --gray-50: #f9fafb;\n            --gray-100: #f3f4f6;\n            --gray-200: #e5e7eb;\n            --gray-300: #d1d5db;\n            --gray-600: #4b5563;\n            --gray-800: #1f2937;\n            --gray-900: #111827;\n        }\n\n        * {\n            margin: 0;\n            padding: 0;\n            box-sizing: border-box;\n        }\n\n        body {\n            font-family: 'Poppins', sans-serif;\n            line-height: 1.7;\n            color: var(--gray-800);\n            background-color: var(--white);\n        }\n\n        .container {\n            max-width: 1200px;\n            margin: 0 auto;\n            padding: 0 24px;\n        }\n\n        .article-hero {\n            background: linear-gradient(135deg, var(--primary) 0%, var(--primary-dark) 100%);\n            color: var(--white);\n            padding: 80px 0 0;\n            position: relative;\n            overflow: hidden;\n        }\n\n        .article-hero::before {\n            content: '';\n            position: absolute;\n            top: 0;\n            left: 0;\n            right: 0;\n            bottom: 0;\n            background: url(\"data:image\/svg+xml,%3Csvg width='60' height='60' viewBox='0 0 60 60' xmlns='http:\/\/www.w3.org\/2000\/svg'%3E%3Cg fill='none' fill-rule='evenodd'%3E%3Cg fill='%23ffffff' fill-opacity='0.05'%3E%3Ccircle cx='7' cy='7' r='7'\/%3E%3C\/g%3E%3C\/g%3E%3C\/svg%3E\") repeat;\n            z-index: 1;\n        }\n\n        .article-hero-inner {\n            position: relative;\n            z-index: 2;\n            padding-bottom: 120px;\n        }\n\n        .article-breadcrumb {\n            font-size: 14px;\n            margin-bottom: 16px;\n            opacity: 0.9;\n        }\n\n        .article-breadcrumb a {\n            color: var(--white);\n            text-decoration: none;\n            opacity: 0.8;\n            transition: opacity 0.3s;\n        }\n\n        .article-breadcrumb a:hover {\n            opacity: 1;\n        }\n\n        .article-category {\n            display: inline-block;\n            background: var(--teal);\n            color: var(--gray-800);\n            padding: 8px 20px;\n            border-radius: 25px;\n            font-size: 14px;\n            font-weight: 600;\n            margin-bottom: 24px;\n            text-transform: uppercase;\n            letter-spacing: 0.5px;\n        }\n\n        .article-hero h1 {\n            font-family: 'Montserrat', sans-serif;\n            font-size: clamp(2rem, 4vw, 3.5rem);\n            font-weight: 800;\n            line-height: 1.2;\n            margin-bottom: 24px;\n        }\n\n        .hl {\n            background: linear-gradient(45deg, var(--yellow), var(--teal));\n            -webkit-background-clip: text;\n            -webkit-text-fill-color: transparent;\n            background-clip: text;\n        }\n\n        .article-meta {\n            display: flex;\n            flex-wrap: wrap;\n            gap: 24px;\n            align-items: center;\n            margin-bottom: 24px;\n            font-size: 14px;\n            opacity: 0.9;\n        }\n\n        .article-meta span {\n            display: flex;\n            align-items: center;\n            gap: 8px;\n        }\n\n        .article-hero-curve {\n            position: absolute;\n            bottom: 0;\n            left: 0;\n            right: 0;\n            height: 100px;\n            background: var(--white);\n            clip-path: polygon(0 50%, 100% 100%, 0 100%);\n        }\n\n        .article-body {\n            padding: 80px 0;\n        }\n\n        .intro-block {\n            background: var(--gray-50);\n            padding: 48px;\n            border-radius: 20px;\n            margin-bottom: 80px;\n            border-left: 6px solid var(--primary);\n            font-size: 18px;\n            line-height: 1.8;\n        }\n\n        .stats-grid {\n            display: grid;\n            grid-template-columns: repeat(auto-fit, minmax(250px, 1fr));\n            gap: 32px;\n            margin-bottom: 80px;\n        }\n\n        .stat-card {\n            background: var(--white);\n            padding: 32px;\n            border-radius: 16px;\n            text-align: center;\n            box-shadow: 0 10px 30px rgba(94, 94, 215, 0.1);\n            border: 1px solid var(--gray-100);\n            transition: transform 0.3s, box-shadow 0.3s;\n        }\n\n        .stat-card:hover {\n            transform: translateY(-5px);\n            box-shadow: 0 20px 40px rgba(94, 94, 215, 0.15);\n        }\n\n        .stat-card .number {\n            font-family: 'Montserrat', sans-serif;\n            font-size: 3rem;\n            font-weight: 800;\n            color: var(--primary);\n            display: block;\n            margin-bottom: 12px;\n        }\n\n        .stat-card .label {\n            font-size: 16px;\n            font-weight: 600;\n            color: var(--gray-600);\n            text-transform: uppercase;\n            letter-spacing: 0.5px;\n        }\n\n        .article-body h2 {\n            font-family: 'Montserrat', sans-serif;\n            font-size: 2.2rem;\n            font-weight: 700;\n            color: var(--gray-900);\n            margin: 80px 0 32px 0;\n            padding-bottom: 16px;\n            border-bottom: 3px solid var(--teal);\n        }\n\n        .article-body h3 {\n            font-family: 'Montserrat', sans-serif;\n            font-size: 1.5rem;\n            font-weight: 600;\n            color: var(--primary);\n            margin: 40px 0 20px 0;\n        }\n\n        .article-body p {\n            font-size: 16px;\n            line-height: 1.8;\n            margin-bottom: 24px;\n            color: var(--gray-800);\n        }\n\n        .conseil-card {\n            background: linear-gradient(135deg, var(--yellow), var(--teal));\n            padding: 32px;\n            border-radius: 20px;\n            margin: 40px 0;\n            color: var(--gray-800);\n            box-shadow: 0 10px 30px rgba(169, 226, 228, 0.3);\n        }\n\n        .conseil-card h4 {\n            font-family: 'Montserrat', sans-serif;\n            font-size: 1.3rem;\n            font-weight: 700;\n            margin-bottom: 16px;\n            color: var(--gray-900);\n        }\n\n        .key-points {\n            background: var(--gray-50);\n            padding: 32px;\n            border-radius: 16px;\n            margin: 40px 0;\n            border-left: 6px solid var(--pink);\n        }\n\n        .key-points h4 {\n            font-family: 'Montserrat', sans-serif;\n            font-size: 1.3rem;\n            font-weight: 700;\n            color: var(--pink);\n            margin-bottom: 20px;\n        }\n\n        .key-points ul {\n            list-style: none;\n            padding: 0;\n        }\n\n        .key-points li {\n            padding: 8px 0 8px 32px;\n            position: relative;\n            font-weight: 500;\n        }\n\n        .key-points li::before {\n            content: '\u2713';\n            position: absolute;\n            left: 0;\n            color: var(--pink);\n            font-weight: bold;\n            font-size: 18px;\n        }\n\n        .tip-box {\n            background: var(--white);\n            border: 2px solid var(--primary);\n            border-radius: 16px;\n            padding: 32px;\n            margin: 40px 0;\n            position: relative;\n        }\n\n        .tip-box-label {\n            position: absolute;\n            top: -12px;\n            left: 24px;\n            background: var(--primary);\n            color: var(--white);\n            padding: 6px 20px;\n            border-radius: 20px;\n            font-size: 14px;\n            font-weight: 600;\n            text-transform: uppercase;\n            letter-spacing: 0.5px;\n        }\n\n        .expert-box {\n            background: linear-gradient(135deg, var(--primary), var(--primary-dark));\n            color: var(--white);\n            border-radius: 20px;\n            padding: 0;\n            margin: 40px 0;\n            overflow: hidden;\n            box-shadow: 0 20px 40px rgba(94, 94, 215, 0.2);\n        }\n\n        .expert-box-label {\n            background: var(--pink);\n            color: var(--white);\n            padding: 12px 32px;\n            font-size: 14px;\n            font-weight: 700;\n            text-transform: uppercase;\n            letter-spacing: 1px;\n        }\n\n        .expert-box-title {\n            font-family: 'Montserrat', sans-serif;\n            font-size: 1.5rem;\n            font-weight: 700;\n            padding: 24px 32px 0;\n            margin-bottom: 20px;\n        }\n\n        .expert-inner {\n            padding: 0 32px 32px;\n        }\n\n        .expert-inner-title {\n            font-family: 'Montserrat', sans-serif;\n            font-size: 1.2rem;\n            font-weight: 600;\n            margin: 24px 0 16px 0;\n            color: var(--teal);\n        }\n\n        .faq-list {\n            margin: 80px 0;\n        }\n\n        .faq-item {\n            background: var(--white);\n            border: 1px solid var(--gray-200);\n            border-radius: 12px;\n            margin-bottom: 16px;\n            overflow: hidden;\n            transition: all 0.3s;\n        }\n\n        .faq-item:hover {\n            box-shadow: 0 10px 30px rgba(94, 94, 215, 0.1);\n        }\n\n        .faq-q {\n            padding: 24px;\n            cursor: pointer;\n            display: flex;\n            justify-content: space-between;\n            align-items: center;\n            font-weight: 600;\n            color: var(--gray-900);\n            transition: background-color 0.3s;\n        }\n\n        .faq-q:hover {\n            background-color: var(--gray-50);\n        }\n\n        .faq-icon {\n            font-size: 24px;\n            font-weight: bold;\n            color: var(--primary);\n            transition: transform 0.3s;\n        }\n\n        .faq-item.open .faq-icon {\n            transform: rotate(45deg);\n        }\n\n        .faq-a {\n            padding: 0 24px;\n            max-height: 0;\n            overflow: hidden;\n            transition: max-height 0.3s, padding 0.3s;\n            background-color: var(--gray-50);\n        }\n\n        .faq-item.open .faq-a {\n            max-height: 500px;\n            padding: 24px;\n        }\n\n        .cta-box {\n            background: linear-gradient(135deg, var(--primary), var(--primary-dark));\n            color: var(--white);\n            padding: 60px;\n            border-radius: 24px;\n            text-align: center;\n            margin: 80px 0;\n            position: relative;\n            overflow: hidden;\n        }\n\n        .cta-box::before {\n            content: '';\n            position: absolute;\n            top: 0;\n            left: 0;\n            right: 0;\n            bottom: 0;\n            background: url(\"data:image\/svg+xml,%3Csvg width='40' height='40' viewBox='0 0 40 40' xmlns='http:\/\/www.w3.org\/2000\/svg'%3E%3Cg fill='%23ffffff' fill-opacity='0.05'%3E%3Cpath d='M20 20c0-11.046-8.954-20-20-20v20h20z'\/%3E%3C\/g%3E%3C\/svg%3E\") repeat;\n            z-index: 1;\n        }\n\n        .cta-box > * {\n            position: relative;\n            z-index: 2;\n        }\n\n        .cta-box h3 {\n            font-family: 'Montserrat', sans-serif;\n            font-size: 2.2rem;\n            font-weight: 800;\n            margin-bottom: 20px;\n            color: var(--white);\n        }\n\n        .cta-box p {\n            font-size: 18px;\n            margin-bottom: 40px;\n            opacity: 0.9;\n            color: var(--white);\n        }\n\n        .cta-buttons {\n            display: flex;\n            gap: 24px;\n            justify-content: center;\n            flex-wrap: wrap;\n        }\n\n        .btn-white {\n            background: var(--white);\n            color: var(--primary);\n            padding: 16px 32px;\n            border: none;\n            border-radius: 50px;\n            font-size: 16px;\n            font-weight: 600;\n            text-decoration: none;\n            display: inline-block;\n            transition: all 0.3s;\n            box-shadow: 0 4px 15px rgba(255, 255, 255, 0.2);\n        }\n\n        .btn-white:hover {\n            transform: translateY(-2px);\n            box-shadow: 0 8px 25px rgba(255, 255, 255, 0.3);\n            background: var(--teal);\n            color: var(--gray-900);\n        }\n\n        .btn-outline {\n            background: transparent;\n            color: var(--white);\n            padding: 16px 32px;\n            border: 2px solid var(--white);\n            border-radius: 50px;\n            font-size: 16px;\n            font-weight: 600;\n            text-decoration: none;\n            display: inline-block;\n            transition: all 0.3s;\n        }\n\n        .btn-outline:hover {\n            background: var(--white);\n            color: var(--primary);\n            transform: translateY(-2px);\n        }\n\n        .article-tags {\n            display: flex;\n            flex-wrap: wrap;\n            gap: 12px;\n            margin: 60px 0;\n            padding: 40px;\n            background: var(--gray-50);\n            border-radius: 16px;\n        }\n\n        .article-tag {\n            background: var(--white);\n            color: var(--gray-700);\n            padding: 8px 16px;\n            border-radius: 25px;\n            font-size: 14px;\n            font-weight: 500;\n            border: 1px solid var(--gray-200);\n            text-decoration: none;\n            transition: all 0.3s;\n        }\n\n        .article-tag:hover {\n            background: var(--primary);\n            color: var(--white);\n            transform: translateY(-2px);\n        }\n\n        @media (max-width: 768px) {\n            .container {\n                padding: 0 16px;\n            }\n            \n            .article-hero {\n                padding: 40px 0 0;\n            }\n            \n            .article-hero-inner {\n                padding-bottom: 80px;\n            }\n            \n            .intro-block {\n                padding: 32px 24px;\n                font-size: 16px;\n            }\n            \n            .stats-grid {\n                grid-template-columns: 1fr;\n                gap: 24px;\n            }\n            \n            .article-body h2 {\n                font-size: 1.8rem;\n                margin: 60px 0 24px 0;\n            }\n            \n            .cta-box {\n                padding: 40px 24px;\n            }\n            \n            .cta-buttons {\n                flex-direction: column;\n                align-items: center;\n            }\n            \n            .conseil-card, .key-points, .tip-box, .expert-inner {\n                padding: 24px;\n            }\n        }\n    <\/style>\n<script>\n        document.querySelectorAll('.faq-q').forEach(function(button) {\n            button.addEventListener('click', function() {\n                button.closest('.faq-item').classList.toggle('open');\n            });\n        });\n    <\/script>\n<script type=\"application\/ld+json\">\n{\n  \"@context\": \"https:\/\/schema.org\",\n  \"@graph\": [\n    {\n      \"@type\": \"Article\",\n      \"headline\": \"Comment \u00c9tablir un Planning d'\u00c9cran \u00c9quilibr\u00e9 pour Vos Enfants\",\n      \"description\": \"r Vos Enfantsn                n                n                    \ud83d\udcc5 Publi\u00e9 en Avril 2026n                    \u23f1\ufe0f 15 min de lecturen                    \ud83d\udc68\u200d\ud83d\udc69\u200d\ud83d\udc67\u200d\ud83d\udc66 Parents & \u00c9ducateursn                    \u2b50 4.8\/5 (127 avis)\",\n      \"url\": \"https:\/\/www.dynseo.com\/comment-etablir-un-planning-decran-equilibre-pour-vos-enfants\/\",\n      \"datePublished\": \"2026-04-07\",\n      \"image\": {\n        \"@type\": \"ImageObject\",\n        \"url\": \"https:\/\/www.dynseo.com\/wp-content\/uploads\/planning-ecran-enfants.jpg\"\n      },\n      \"author\": {\n        \"@type\": \"Organization\",\n        \"name\": \"DYNSEO\",\n        \"url\": \"https:\/\/www.dynseo.com\"\n      },\n      \"publisher\": {\n        \"@type\": \"Organization\",\n        \"name\": \"DYNSEO\",\n        \"url\": \"https:\/\/www.dynseo.com\",\n        \"logo\": {\n          \"@type\": \"ImageObject\",\n          \"url\": \"https:\/\/www.dynseo.com\/wp-content\/uploads\/logo-dynseo.png\"\n        }\n      },\n      \"aggregateRating\": {\n        \"@type\": \"AggregateRating\",\n        \"ratingValue\": \"4.8\",\n        \"bestRating\": \"5\",\n        \"ratingCount\": \"47\"\n      }\n    },\n    {\n      \"@type\": \"WebPage\",\n      \"name\": \"Comment \u00c9tablir un Planning d'\u00c9cran \u00c9quilibr\u00e9 pour Vos Enfants\",\n      \"url\": \"https:\/\/www.dynseo.com\/comment-etablir-un-planning-decran-equilibre-pour-vos-enfants\/\",\n      \"breadcrumb\": {\n        \"@type\": \"BreadcrumbList\",\n        \"itemListElement\": [\n          {\n            \"@type\": \"ListItem\",\n            \"position\": 1,\n            \"name\": \"Accueil\",\n            \"item\": \"https:\/\/www.dynseo.com\"\n          },\n          {\n            \"@type\": \"ListItem\",\n            \"position\": 2,\n            \"name\": \"Blog\",\n            \"item\": \"https:\/\/www.dynseo.com\/blog\"\n          },\n          {\n            \"@type\": \"ListItem\",\n            \"position\": 3,\n            \"name\": \"Comment \u00c9tablir un Planning d'\u00c9cran \u00c9quilibr\u00e9 pour Vos Enfants\",\n            \"item\": \"https:\/\/www.dynseo.com\/comment-etablir-un-planning-decran-equilibre-pour-vos-enfants\/\"\n          }\n        ]\n      }\n    },\n    {\n      \"@type\": \"FAQPage\",\n      \"mainEntity\": [\n        {\n          \"@type\": \"Question\",\n          \"name\": \"\u00c0 partir de quel \u00e2ge peut-on introduire les \u00e9crans dans le quotidien d'un enfant ?\",\n          \"acceptedAnswer\": {\n            \"@type\": \"Answer\",\n            \"text\": \"L'introduction des \u00e9crans dans le quotidien d'un enfant doit \u00eatre progressive et adapt\u00e9e \u00e0 son d\u00e9veloppement. Les recommandations g\u00e9n\u00e9rales sugg\u00e8rent d'\u00e9viter les \u00e9crans avant 18 mois, sauf pour les appels vid\u00e9o en famille, et de privil\u00e9gier un accompagnement parental pour les enfants de 2 \u00e0 5 ans.\"\n          }\n        },\n        {\n          \"@type\": \"Question\",\n          \"name\": \"Comment g\u00e9rer les \u00e9crans pendant les vacances scolaires ?\",\n          \"acceptedAnswer\": {\n            \"@type\": \"Answer\",\n            \"text\": \"Pendant les vacances, il est important de maintenir une structure tout en \u00e9tant plus flexible. \u00c9tablissez un planning adapt\u00e9 avec des cr\u00e9neaux d\u00e9di\u00e9s aux \u00e9crans, mais veillez \u00e0 \u00e9quilibrer avec des activit\u00e9s physiques, cr\u00e9atives et sociales. Profitez de cette p\u00e9riode pour d\u00e9couvrir de nouvelles activit\u00e9s ensemble.\"\n          }\n        },\n        {\n          \"@type\": \"Question\",\n          \"name\": \"Que faire si mon enfant devient agressif quand je limite son temps d'\u00e9cran ?\",\n          \"acceptedAnswer\": {\n            \"@type\": \"Answer\",\n            \"text\": \"L'agressivit\u00e9 lors de la limitation du temps d'\u00e9cran est courante. Restez calme et ferme dans vos r\u00e8gles. Pr\u00e9venez votre enfant 10 minutes avant la fin du temps d'\u00e9cran, proposez une activit\u00e9 alternative attractive et expliquez clairement les raisons de ces limites. La constance dans l'application des r\u00e8gles est essentielle.\"\n          }\n        }\n      ]\n    }\n  ]\n}\n<\/script>\n<link href=\"https:\/\/fonts.googleapis.com\/css2?family=Montserrat:wght@400;500;600;700;800&family=Poppins:wght@300;400;500;600;700&display=swap\" rel=\"stylesheet\">\n\n<section class=\"article-hero\">\n        <div class=\"container\">\n            <div class=\"article-hero-inner\">\n                <div class=\"article-breadcrumb\">\n                    <a href=\"\/\">In\u00edcio<\/a> > <a href=\"\/blog\/\">Blog<\/a> > Parentalidade digital\n                <\/div>\n                \n                <div class=\"article-category\">Parentalidade & Telas<\/div>\n                \n                <h1>Como Estabelecer um Planejamento de Tela <span class=\"hl\">Equilibrado<\/span> para Seus Filhos<\/h1>\n                \n                <div class=\"article-meta\">\n                    <span>\ud83d\udcc5 Publicado em Abril de 2026<\/span>\n                    <span>\u23f1\ufe0f 15 min de leitura<\/span>\n                    <span>\ud83d\udc68\u200d\ud83d\udc69\u200d\ud83d\udc67\u200d\ud83d\udc66 Pais & Educadores<\/span>\n                    <span>\u2b50 4.8\/5 (127 avalia\u00e7\u00f5es)<\/span>\n                <\/div>\n            <\/div>\n        <\/div>\n        <div class=\"article-hero-curve\"><\/div>\n    <\/section>\n\n    <div class=\"article-body\">\n        <div class=\"container\">\n<div class=\"intro-block\">\n                Na nossa sociedade hiperconectada, a gest\u00e3o do tempo de tela das crian\u00e7as representa um dos desafios maiores da parentalidade moderna. Entre as preocupa\u00e7\u00f5es leg\u00edtimas sobre o impacto das telas no desenvolvimento e a realidade de um mundo digital onipresente, os pais buscam solu\u00e7\u00f5es equilibradas e pragm\u00e1ticas. Essa problem\u00e1tica ultrapassa amplamente a simples limita\u00e7\u00e3o do tempo passado em frente \u00e0s telas para se estender a uma reflex\u00e3o global sobre a educa\u00e7\u00e3o digital. O objetivo n\u00e3o \u00e9 mais proibir, mas acompanhar nossos filhos em dire\u00e7\u00e3o a um uso consciente e ben\u00e9fico da tecnologia. Um planejamento de tela equilibrado permite n\u00e3o apenas preservar a sa\u00fade f\u00edsica e mental das crian\u00e7as, mas tamb\u00e9m transformar o tempo digital em oportunidade de aprendizado e desenvolvimento. Essa abordagem met\u00f3dica e benevolente constitui a chave para uma rela\u00e7\u00e3o saud\u00e1vel com a tecnologia desde a mais tenra idade.\n            <\/div>\n\n            <div class=\"stats-grid\">\n                <div class=\"stat-card\">\n                    <span class=\"number\">7h<\/span>\n                    <span class=\"label\">Tempo de tela di\u00e1rio m\u00e9dio dos 8-12 anos<\/span>\n                <\/div>\n                <div class=\"stat-card\">\n                    <span class=\"number\">73%<\/span>\n                    <span class=\"label\">Pais preocupados com o tempo de tela de seus filhos<\/span>\n                <\/div>\n                <div class=\"stat-card\">\n                    <span class=\"number\">2h<\/span>\n                    <span class=\"label\">Tempo recomendado pelos especialistas para os 6-18 anos<\/span>\n                <\/div>\n                <div class=\"stat-card\">\n                    <span class=\"number\">45%<\/span>\n                    <span class=\"label\">Melhoria do sono com um planejamento equilibrado<\/span>\n                <\/div>\n            <\/div>\n\n            <h2>1. Compreender o Impacto Real das Telas no Desenvolvimento da Crian\u00e7a<\/h2>\n            \n            <p>Um uso excessivo das telas pode ter muitas consequ\u00eancias negativas na sa\u00fade f\u00edsica e mental das crian\u00e7as. No aspecto f\u00edsico, isso leva a uma sedentariedade excessiva, favorecendo o ganho de peso, os dist\u00farbios do sono e os problemas musculoesquel\u00e9ticos. As crian\u00e7as superexpostas \u00e0s telas frequentemente desenvolvem h\u00e1bitos alimentares desequilibrados, pulam refei\u00e7\u00f5es regulares e adotam comportamentos de petiscar compulsivamente.<\/p>\n\n            <p>No aspecto mental e cognitivo, a exposi\u00e7\u00e3o prolongada \u00e0s telas perturba as capacidades de concentra\u00e7\u00e3o, aten\u00e7\u00e3o sustentada e aprendizado profundo. Pesquisas cient\u00edficas demonstram que as crian\u00e7as que passam mais de tr\u00eas horas di\u00e1rias em frente \u00e0s telas apresentam n\u00edveis mais altos de ansiedade e dificuldades comportamentais aumentadas. A exposi\u00e7\u00e3o precoce a conte\u00fados inadequados ou violentos tamb\u00e9m pode comprometer o desenvolvimento emocional e social.<\/p>\n\n            <p>No entanto, \u00e9 crucial nuan\u00e7ar essa vis\u00e3o reconhecendo que todas as telas n\u00e3o s\u00e3o iguais. Aplicativos educativos como <a href=\"https:\/\/www.dynseo.com\/pt-pt\/coco-pensa-e-coco-se-mexe\/\">COCO PENSA e COCO SE MEXE<\/a> transformam o tempo de tela em oportunidade de aprendizado estruturado, aliando estimula\u00e7\u00e3o cognitiva e atividade f\u00edsica. Essa abordagem diferenciada permite que os pais superem a simples l\u00f3gica de restri\u00e7\u00e3o para adotar uma estrat\u00e9gia de uso inteligente e ben\u00e9fico.<\/p>\n<div class=\"conseil-card\">\n                <h4>\ud83e\udde0 Conselho de Especialista DYNSEO<\/h4>\n                <p>A chave reside na qualidade em vez da quantidade. Uma hora de atividade educativa interativa no COCO PENSA pode ser mais ben\u00e9fica do que tr\u00eas horas de visualiza\u00e7\u00e3o passiva. O importante \u00e9 priorizar conte\u00fados que estimulem o engajamento ativo da crian\u00e7a e favore\u00e7am seu desenvolvimento cognitivo.<\/p>\n            <\/div>\n\n            <div class=\"key-points\">\n                <h4>Pontos Chave a Lembrar:<\/h4>\n                <ul>\n                    <li>O impacto das telas varia conforme o tipo de conte\u00fado e o modo de utiliza\u00e7\u00e3o<\/li>\n                    <li>A sedentariedade prolongada afeta a sa\u00fade f\u00edsica global<\/li>\n                    <li>Os dist\u00farbios do sono est\u00e3o frequentemente relacionados \u00e0 exposi\u00e7\u00e3o tardia \u00e0s telas<\/li>\n                    <li>Os aplicativos educativos podem transformar o tempo de tela em aprendizado<\/li>\n                    <li>A idade da crian\u00e7a determina sua vulnerabilidade aos efeitos negativos<\/li>\n                <\/ul>\n            <\/div>\n\n            <h2>2. Determinar o Tempo \u00d3timo de Uso conforme a Idade e o Desenvolvimento<\/h2>\n\n            <p>A determina\u00e7\u00e3o do tempo \u00f3timo de tela requer uma abordagem personalizada que leve em conta a idade, o est\u00e1gio de desenvolvimento e as necessidades individuais de cada crian\u00e7a. As recomenda\u00e7\u00f5es internacionais fornecem um quadro de refer\u00eancia, mas sua aplica\u00e7\u00e3o pr\u00e1tica exige uma adapta\u00e7\u00e3o \u00e0s realidades familiares e aos objetivos educativos espec\u00edficos.<\/p>\n\n            <p>Para crian\u00e7as em idade pr\u00e9-escolar (3-5 anos), os especialistas geralmente recomendam uma limita\u00e7\u00e3o a uma hora di\u00e1ria de conte\u00fado educativo de qualidade, sempre acompanhado por um adulto. Este per\u00edodo cr\u00edtico do desenvolvimento cerebral exige uma vigil\u00e2ncia especial, pois as conex\u00f5es neuronais se formam rapidamente e podem ser influenciadas de forma duradoura pelas estimula\u00e7\u00f5es externas. O uso de aplicativos como COCO PENSA, projetados especificamente para essa faixa et\u00e1ria, permite otimizar esses momentos de tela ao propor atividades adequadas ao desenvolvimento cognitivo.<\/p>\n\n            <p>Para crian\u00e7as em idade escolar (6-12 anos), a dura\u00e7\u00e3o pode se estender progressivamente at\u00e9 duas horas di\u00e1rias, sempre priorizando a diversidade dos conte\u00fados e a altern\u00e2ncia entre atividades digitais e f\u00edsicas. Este per\u00edodo corresponde \u00e0 aquisi\u00e7\u00e3o de habilidades fundamentais e ao desenvolvimento da autonomia. A integra\u00e7\u00e3o de ferramentas digitais educativas torna-se ent\u00e3o um complemento valioso aos aprendizados tradicionais, desde que se mantenha um equil\u00edbrio com as atividades n\u00e3o digitais.<\/p>\n\n            <div class=\"expert-box\">\n                <div class=\"expert-box-label\">EXPERTISE DYNSEO<\/div>\n                <div class=\"expert-box-title\">Adaptar o Tempo de Tela \u00e0s Necessidades Individuais<\/div>\n                <div class=\"expert-inner\">\n                    <p>Nossas pesquisas mostram que a efic\u00e1cia do tempo de tela depende mais da estrutura e da interatividade do que da dura\u00e7\u00e3o pura. Uma crian\u00e7a utilizando COCO SE MEXE durante 30 minutos desenvolve suas capacidades cognitivas enquanto satisfaz suas necessidades de atividade f\u00edsica.<\/p>\n<div class=\"expert-inner-title\">Crit\u00e9rios de Avalia\u00e7\u00e3o Personalizada :<\/div>\n                    <p>\u2022 N\u00edvel de desenvolvimento cognitivo e motor<br>\n                    \u2022 Capacidades de aten\u00e7\u00e3o e de concentra\u00e7\u00e3o<br>\n                    \u2022 Necessidades educativas espec\u00edficas<br>\n                    \u2022 Contexto familiar e social<br>\n                    \u2022 Rea\u00e7\u00f5es comportamentais observadas<\/p>\n                <\/div>\n            <\/div>\n\n            <div class=\"tip-box\">\n                <div class=\"tip-box-label\">DICA PR\u00c1TICA<\/div>\n                <p>Crie um \"caderno de bordo digital\" para acompanhar as rea\u00e7\u00f5es do seu filho de acordo com os diferentes tipos de conte\u00fados e dura\u00e7\u00f5es de exposi\u00e7\u00e3o. Esta observa\u00e7\u00e3o permitir\u00e1 ajustar gradualmente para o planejamento ideal para sua fam\u00edlia.<\/p>\n            <\/div>\n\n            <h2>3. Analisar o Impacto Diferenciado dos Tipos de Telas na Sa\u00fade Infantil<\/h2>\n\n            <p>Os diferentes tipos de telas exercem influ\u00eancias vari\u00e1veis sobre a sa\u00fade e o desenvolvimento das crian\u00e7as, exigindo uma compreens\u00e3o nuan\u00e7ada para elaborar um planejamento equilibrado. O tamanho da tela, a dist\u00e2ncia de visualiza\u00e7\u00e3o, a qualidade da exibi\u00e7\u00e3o e o tipo de intera\u00e7\u00e3o determinam amplamente o impacto no bem-estar f\u00edsico e mental.<\/p>\n\n            <p>As telas de televis\u00e3o, geralmente assistidas \u00e0 dist\u00e2ncia e em posi\u00e7\u00e3o sentada prolongada, favorecem a passividade e a sedentariedade. Esta configura\u00e7\u00e3o encoraja o beliscar e pode perturbar os ritmos alimentares naturais. No entanto, quando utilizadas para conte\u00fados educativos interativos ou sess\u00f5es de exerc\u00edcios guiados, como as propostas por <a href=\"https:\/\/www.dynseo.com\/pt-pt\/coco-pensa-e-coco-se-mexe\/\">COCO SE MEXE<\/a>, tornam-se ferramentas valiosas para estimular a atividade f\u00edsica e a aprendizagem.<\/p>\n\n            <p>Os tablets e smartphones, pela sua proximidade e luminosidade intensa, apresentam riscos espec\u00edficos para a vis\u00e3o e o sono. A exposi\u00e7\u00e3o \u00e0 luz azul, particularmente intensa nesses dispositivos, pode perturbar a produ\u00e7\u00e3o de melatonina e afetar a qualidade do sono. No entanto, seu car\u00e1ter t\u00e1til e interativo os torna particularmente adequados para aplicativos educativos que exigem uma manipula\u00e7\u00e3o fina e uma reatividade imediata.<\/p>\n<div class=\"conseil-card\">\n                <h4>\u26a1 Estrat\u00e9gia Anti-Fadiga Visual<\/h4>\n                <p>Aplique a regra do 20-20-20: a cada 20 minutos, olhe para um objeto a 20 metros de dist\u00e2ncia por 20 segundos. Integre pausas ativas com COCO SE MEXE para combinar descanso visual e estimula\u00e7\u00e3o f\u00edsica.<\/p>\n            <\/div>\n\n            <p>Os computadores ocupam uma posi\u00e7\u00e3o intermedi\u00e1ria, oferecendo um compromisso interessante entre conforto visual e possibilidades interativas. Seu uso favorece o desenvolvimento de habilidades digitais essenciais, ao mesmo tempo que permite um melhor controle postural. A tela maior e a posi\u00e7\u00e3o de uso mais ergon\u00f4mica reduzem a fadiga ocular, mantendo um alto n\u00edvel de engajamento.<\/p>\n\n            <h2>4. Estrat\u00e9gias Eficazes para Limitar e Estruturar o Tempo de Tela<\/h2>\n\n            <p>A limita\u00e7\u00e3o eficaz do tempo de tela baseia-se no estabelecimento de regras claras, coerentes e adaptadas ao ritmo familiar. Essa abordagem estruturada permite que as crian\u00e7as desenvolvam uma rela\u00e7\u00e3o saud\u00e1vel com a tecnologia, preservando os momentos essenciais da vida cotidiana. O objetivo n\u00e3o \u00e9 criar frustra\u00e7\u00e3o, mas instaurar um ambiente seguro e previs\u00edvel.<\/p>\n\n            <p>A cria\u00e7\u00e3o de zonas e momentos sem tela constitui um pilar fundamental dessa estrat\u00e9gia. O quarto deve permanecer um espa\u00e7o de descanso, isento de qualquer estimula\u00e7\u00e3o digital. As refei\u00e7\u00f5es familiares representam oportunidades valiosas de comunica\u00e7\u00e3o e compartilhamento que merecem ser preservadas das distra\u00e7\u00f5es digitais. Esses momentos privilegiados fortalecem os la\u00e7os familiares e desenvolvem as habilidades sociais essenciais.<\/p>\n\n            <p>A cria\u00e7\u00e3o de um planejamento visual e participativo envolve a crian\u00e7a na gest\u00e3o de seu tempo digital. Essa abordagem colaborativa refor\u00e7a a ades\u00e3o \u00e0s regras estabelecidas e desenvolve as habilidades de autorregula\u00e7\u00e3o. O uso de aplicativos como COCO PENSA nesse contexto estruturado transforma o tempo de tela permitido em uma oportunidade de aprendizado maximizada, tornando cada minuto passado diante da tela produtivo e enriquecedor.<\/p>\n\n            <div class=\"key-points\">\n                <h4>M\u00e9todos de Limita\u00e7\u00e3o Eficazes:<\/h4>\n                <ul>\n                    <li>Defini\u00e7\u00e3o de hor\u00e1rios fixos e n\u00e3o negoci\u00e1veis<\/li>\n                    <li>Uso de cron\u00f4metros visuais para materializar o tempo<\/li>\n                    <li>Altern\u00e2ncia obrigat\u00f3ria entre atividades digitais e f\u00edsicas<\/li>\n                    <li>Sistema de recompensas pelo respeito aos limites<\/li>\n                    <li>Implica\u00e7\u00e3o ativa das crian\u00e7as na elabora\u00e7\u00e3o das regras<\/li>\n                <\/ul>\n            <\/div>\n\n            <div class=\"expert-box\">\n                <div class=\"expert-box-label\">M\u00c9TODO DYNSEO<\/div>\n                <div class=\"expert-box-title\">O Planejamento 60\/30: Equil\u00edbrio \u00d3timo<\/div>\n                <div class=\"expert-inner\">\n                    <p>Nossa metodologia comprovada prop\u00f5e sess\u00f5es de 30 minutos de atividade digital educativa seguidas de 30 minutos de atividade f\u00edsica ou criativa. Essa altern\u00e2ncia regular otimiza a aten\u00e7\u00e3o e previne a fadiga.<\/p>\n<div class=\"expert-inner-title\">Vantagens Observadas:<\/div>\n                    <p>\u2022 Manuten\u00e7\u00e3o de um n\u00edvel de aten\u00e7\u00e3o ideal<br>\n                    \u2022 Redu\u00e7\u00e3o de 65% dos conflitos relacionados \u00e0s telas<br>\n                    \u2022 Melhoria do desempenho escolar<br>\n                    \u2022 Desenvolvimento equilibrado das compet\u00eancias<\/p>\n                <\/div>\n            <\/div>\n\n            <h2>5. Alternativas Criativas e Enriquecedoras \u00e0s Telas Tradicionais<\/h2>\n\n            <p>O desenvolvimento de alternativas atraentes \u00e0s telas representa um aspecto crucial do estabelecimento de um planejamento equilibrado. Essas atividades alternativas n\u00e3o devem ser vistas como substitutos de consolo, mas como experi\u00eancias enriquecedoras por si mesmas, capazes de cativar o interesse das crian\u00e7as enquanto promovem seu desenvolvimento global.<\/p>\n\n            <p>As atividades ao ar livre oferecem benef\u00edcios incompar\u00e1veis para o desenvolvimento f\u00edsico, mental e social. A explora\u00e7\u00e3o da natureza estimula a curiosidade cient\u00edfica, desenvolve as habilidades de observa\u00e7\u00e3o e fortalece o sistema imunol\u00f3gico. Os jogos em grupo ao ar livre favorecem as habilidades sociais, a coopera\u00e7\u00e3o e a gest\u00e3o das emo\u00e7\u00f5es. Essas experi\u00eancias sensoriais ricas contrastam ben\u00e9ficamente com a estimula\u00e7\u00e3o unidimensional das telas tradicionais.<\/p>\n\n            <p>As atividades art\u00edsticas e criativas, como desenho, pintura, m\u00fasica ou constru\u00e7\u00e3o, estimulam a imagina\u00e7\u00e3o e desenvolvem as habilidades motoras finas. Essas atividades permitem a express\u00e3o pessoal e refor\u00e7am a autoestima atrav\u00e9s da cria\u00e7\u00e3o tang\u00edvel. A aus\u00eancia de restri\u00e7\u00f5es digitais favorece o pensamento divergente e a criatividade espont\u00e2nea, habilidades essenciais para a inova\u00e7\u00e3o futura.<\/p>\n<div class=\"conseil-card\">\n                <h4>\ud83c\udfa8 Transi\u00e7\u00e3o Suave para Atividades Alternativas<\/h4>\n                <p>Crie \"caixas de atividades tem\u00e1ticas\" que as crian\u00e7as podem escolher livremente ao final do seu tempo de tela. Essa abordagem transforma a limita\u00e7\u00e3o em oportunidade de descoberta e mant\u00e9m o entusiasmo por atividades n\u00e3o digitais.<\/p>\n            <\/div>\n\n            <p>A leitura constitui uma alternativa particularmente valiosa, desenvolvendo o vocabul\u00e1rio, a imagina\u00e7\u00e3o e as habilidades de concentra\u00e7\u00e3o sustentada. A introdu\u00e7\u00e3o gradual de formatos variados (hist\u00f3rias em quadrinhos, romances ilustrados, document\u00e1rios interativos) permite adaptar a atividade \u00e0s prefer\u00eancias individuais, mantendo o objetivo de desenvolvimento cognitivo.<\/p>\n\n            <h2>6. Estabelecer Regras Familiares para um Uso Saud\u00e1vel e Respons\u00e1vel<\/h2>\n\n            <p>A elabora\u00e7\u00e3o de regras familiares coerentes e aplicadas constitui a base para um uso saud\u00e1vel das telas. Essas regras devem ser claras, justificadas e adaptadas aos valores familiares, levando em conta as necessidades de desenvolvimento espec\u00edficas de cada crian\u00e7a. O objetivo \u00e9 criar um ambiente seguro que favore\u00e7a a autonomia progressiva e a responsabiliza\u00e7\u00e3o.<\/p>\n\n            <p>A defini\u00e7\u00e3o de momentos privilegiados sem tela, como as refei\u00e7\u00f5es familiares, os passeios de domingo ou os momentos de prepara\u00e7\u00e3o para dormir, sagra momentos de qualidade relacional. Esses momentos permitem o desenvolvimento de habilidades conversacionais, a express\u00e3o de emo\u00e7\u00f5es e o fortalecimento dos la\u00e7os familiares. A regularidade desses tempos sem tela cria refer\u00eancias est\u00e1veis no cotidiano da crian\u00e7a.<\/p>\n\n            <p>A instaura\u00e7\u00e3o de regras sobre o conte\u00fado digital consumido protege as crian\u00e7as de influ\u00eancias inadequadas, ao mesmo tempo que desenvolve seu esp\u00edrito cr\u00edtico. A sele\u00e7\u00e3o ativa de conte\u00fados educativos e enriquecedores, como os propostos por <a href=\"https:\/\/www.dynseo.com\/pt-pt\/coco-pensa-e-coco-se-mexe\/\">COCO PENSA e COCO SE MEXE<\/a>, transforma cada momento de tela em uma oportunidade de aprendizado. Essa abordagem qualitativa supera a simples l\u00f3gica quantitativa para otimizar os benef\u00edcios do tempo digital.<\/p>\n\n            <div class=\"tip-box\">\n                <div class=\"tip-box-label\">REGRA DE OURO<\/div>\n                <p>Envolva todos os membros da fam\u00edlia no respeito \u00e0s regras estabelecidas. Quando os pais d\u00e3o o exemplo limitando seu pr\u00f3prio uso das telas durante os momentos familiares, as crian\u00e7as integram naturalmente esses comportamentos como normais e desej\u00e1veis.<\/p>\n            <\/div>\n<div class=\"key-points\">\n                <h4>Regras Essenciais a Estabelecer:<\/h4>\n                <ul>\n                    <li>Sem tela durante as refei\u00e7\u00f5es e conversas familiares<\/li>\n                    <li>Parar as telas 1 hora antes de dormir<\/li>\n                    <li>Tempo de tela condicionado \u00e0s tarefas di\u00e1rias realizadas<\/li>\n                    <li>Escolha dos conte\u00fados supervisionada e justificada<\/li>\n                    <li>Pausas obrigat\u00f3rias a cada 30 minutos de uso<\/li>\n                    <li>Respeito pelos espa\u00e7os comuns e pelos momentos compartilhados<\/li>\n                <\/ul>\n            <\/div>\n\n            <h2>7. Envolver Ativamente as Crian\u00e7as na Elabora\u00e7\u00e3o do Planejamento<\/h2>\n\n            <p>O envolvimento das crian\u00e7as na concep\u00e7\u00e3o de seu planejamento de tela transforma uma restri\u00e7\u00e3o externa em um compromisso pessoal. Essa abordagem participativa desenvolve as habilidades de negocia\u00e7\u00e3o, planejamento e autorregula\u00e7\u00e3o, ao mesmo tempo em que refor\u00e7a a ades\u00e3o \u00e0s regras estabelecidas. As crian\u00e7as que participam da elabora\u00e7\u00e3o das regras se apropriam mais dos objetivos e demonstram uma melhor conformidade.<\/p>\n\n            <p>A organiza\u00e7\u00e3o de \"conselhos de fam\u00edlia digitais\" regulares permite discutir as quest\u00f5es relacionadas \u00e0s telas, avaliar a efic\u00e1cia do planejamento em andamento e fazer os ajustes necess\u00e1rios. Esses momentos de di\u00e1logo favorecem a express\u00e3o das necessidades, frustra\u00e7\u00f5es e sugest\u00f5es de melhoria. A escuta ativa das preocupa\u00e7\u00f5es infantis permite adaptar as regras \u00e0s evolu\u00e7\u00f5es do desenvolvimento e aos novos desafios.<\/p>\n\n            <p>A cria\u00e7\u00e3o de um \"contrato digital familiar\" envolve cada membro na defini\u00e7\u00e3o dos compromissos m\u00fatuos. Este documento, assinado simbolicamente por todos, materializa o acordo coletivo e pode ser revisado periodicamente. A inclus\u00e3o de objetivos positivos, como o uso de aplicativos educativos como COCO PENSA, orienta a aten\u00e7\u00e3o para os benef\u00edcios em vez das restri\u00e7\u00f5es.<\/p>\n\n            <div class=\"expert-box\">\n                <div class=\"expert-box-label\">ABORDAGEM COLABORATIVA<\/div>\n                <div class=\"expert-box-title\">M\u00e9todo de Co-constru\u00e7\u00e3o do Planejamento<\/div>\n                <div class=\"expert-inner\">\n                    <p>Nossa experi\u00eancia mostra que os planejamentos co-constru\u00eddos com as crian\u00e7as apresentam uma taxa de respeito 3 vezes superior \u00e0s regras impostas unilateralmente. Essa abordagem desenvolve a autonomia e a responsabilidade digital.<\/p>\n<div class=\"expert-inner-title\">Etapas de Constru\u00e7\u00e3o Colaborativa :<\/div>\n                    <p>1. Discuss\u00e3o aberta sobre as necessidades e desejos<br>\n                    2. Apresenta\u00e7\u00e3o das restri\u00e7\u00f5es e objetivos familiares<br>\n                    3. Negocia\u00e7\u00e3o e busca de compromissos equilibrados<br>\n                    4. Reda\u00e7\u00e3o conjunta do planejamento<br>\n                    5. Teste em per\u00edodo de experi\u00eancia com avalia\u00e7\u00f5es regulares<\/p>\n                <\/div>\n            <\/div>\n\n            <h2>8. Transformar o Tempo de Tela em Oportunidades Educativas Interativas<\/h2>\n\n            <p>A transforma\u00e7\u00e3o do tempo de tela em experi\u00eancia educativa interativa representa a evolu\u00e7\u00e3o mais promissora da gest\u00e3o digital familiar. Esta abordagem vai al\u00e9m da simples limita\u00e7\u00e3o para otimizar cada minuto passado diante da tela, transformando um tempo potencialmente passivo em oportunidade de aprendizado ativa e estruturada.<\/p>\n\n            <p>A escolha de aplicativos e conte\u00fados educativos de qualidade constitui a pedra angular desta estrat\u00e9gia. Os programas que incentivam a intera\u00e7\u00e3o, fazem perguntas, prop\u00f5em desafios adequados e fornecem feedbacks construtivos maximizam os benef\u00edcios cognitivos. COCO PENSA ilustra perfeitamente essa abordagem ao propor atividades que estimulam simultaneamente v\u00e1rias fun\u00e7\u00f5es cognitivas enquanto mant\u00e9m um n\u00edvel de engajamento \u00f3timo.<\/p>\n\n            <p>O acompanhamento parental durante os momentos de tela educativa multiplica os benef\u00edcios da experi\u00eancia. A discuss\u00e3o dos conte\u00fados, o incentivo \u00e0s reflex\u00f5es e a extens\u00e3o dos aprendizados para atividades concretas criam conex\u00f5es duradouras. Esta co-participa\u00e7\u00e3o transforma a tela em um suporte de media\u00e7\u00e3o em vez de uma atividade solit\u00e1ria e passiva.<\/p>\n<div class=\"conseil-card\">\n                <h4>\ud83c\udfaf Maximizar o Impacto Educativo<\/h4>\n                <p>Prepare perguntas abertas relacionadas aos conte\u00fados educativos visualizados. Ap\u00f3s uma sess\u00e3o sobre COCO PENSA, pe\u00e7a ao seu filho que explique as estrat\u00e9gias utilizadas e que imagine variantes para os exerc\u00edcios realizados. Essa verbaliza\u00e7\u00e3o refor\u00e7a a integra\u00e7\u00e3o dos aprendizados.<\/p>\n            <\/div>\n\n            <p>A integra\u00e7\u00e3o de atividades f\u00edsicas na experi\u00eancia digital, como prop\u00f5e COCO SE MEXE, atende \u00e0s necessidades de movimento enquanto mant\u00e9m o engajamento cognitivo. Essa abordagem h\u00edbrida combina os benef\u00edcios da tecnologia interativa com os benef\u00edcios fisiol\u00f3gicos da atividade f\u00edsica, criando uma experi\u00eancia completa e equilibrada.<\/p>\n\n            <h2>9. Monitoramento e Avalia\u00e7\u00e3o Cont\u00ednua da Efic\u00e1cia do Planejamento<\/h2>\n\n            <p>A avalia\u00e7\u00e3o regular da efic\u00e1cia do planejamento de tela permite ajustar as estrat\u00e9gias de acordo com a evolu\u00e7\u00e3o das necessidades e dos resultados observados. Essa abordagem de melhoria cont\u00ednua garante a adapta\u00e7\u00e3o do sistema \u00e0s mudan\u00e7as desenvolvimentais da crian\u00e7a e \u00e0s evolu\u00e7\u00f5es do contexto familiar. A observa\u00e7\u00e3o atenta dos indicadores comportamentais, escolares e relacionais orienta os ajustes necess\u00e1rios.<\/p>\n\n            <p>A implementa\u00e7\u00e3o de indicadores de acompanhamento objetivos permite uma avalia\u00e7\u00e3o factual do impacto do planejamento. A qualidade do sono, o desempenho escolar, o humor geral, a capacidade de concentra\u00e7\u00e3o e a qualidade das rela\u00e7\u00f5es familiares constituem marcadores confi\u00e1veis do equil\u00edbrio alcan\u00e7ado. O uso de um caderno de bordo familiar facilita o acompanhamento desses indicadores ao longo do tempo.<\/p>\n\n            <p>A adapta\u00e7\u00e3o progressiva do planejamento com base nos retornos de experi\u00eancia mant\u00e9m sua relev\u00e2ncia e efic\u00e1cia. Os per\u00edodos de f\u00e9rias, as mudan\u00e7as de idade, a chegada de novas tecnologias ou a evolu\u00e7\u00e3o dos interesses da crian\u00e7a exigem ajustes ponderados. Essa flexibilidade controlada preserva o equil\u00edbrio enquanto se adapta \u00e0s realidades em mudan\u00e7a.<\/p>\n<div class=\"key-points\">\n                <h4>Indicadores Chave a Monitorar:<\/h4>\n                <ul>\n                    <li>Qualidade e dura\u00e7\u00e3o do sono noturno<\/li>\n                    <li>Facilidade para adormecer e despertares noturnos<\/li>\n                    <li>Concentra\u00e7\u00e3o e aten\u00e7\u00e3o em sala de aula<\/li>\n                    <li>Humor e irritabilidade geral<\/li>\n                    <li>Participa\u00e7\u00e3o nas atividades familiares<\/li>\n                    <li>Rela\u00e7\u00f5es sociais e de amizade<\/li>\n                    <li>Resist\u00eancia frente aos limites de tela<\/li>\n                <\/ul>\n            <\/div>\n\n            <h2>10. Gest\u00e3o das Resist\u00eancias e dos Conflitos Familiares<\/h2>\n\n            <p>A implementa\u00e7\u00e3o de um planejamento de tela equilibrado gera inevitavelmente resist\u00eancias e conflitos que devem ser antecipados e geridos com benevol\u00eancia. Essas rea\u00e7\u00f5es s\u00e3o normais e muitas vezes refletem o h\u00e1bito adquirido de um uso menos estruturado. A abordagem gradual, a explica\u00e7\u00e3o dos benef\u00edcios e a busca de compromissos facilitam a aceita\u00e7\u00e3o das novas regras.<\/p>\n\n            <p>A identifica\u00e7\u00e3o das fontes de resist\u00eancia permite adaptar a estrat\u00e9gia de implementa\u00e7\u00e3o. O medo de perder conte\u00fados, o t\u00e9dio antecipado ou a press\u00e3o social constituem as principais fontes de oposi\u00e7\u00e3o. A antecipa\u00e7\u00e3o dessas preocupa\u00e7\u00f5es atrav\u00e9s da proposta de alternativas atraentes e a valoriza\u00e7\u00e3o dos benef\u00edcios observados facilitam a transi\u00e7\u00e3o para novos h\u00e1bitos.<\/p>\n\n            <p>A manuten\u00e7\u00e3o da coer\u00eancia parental frente \u00e0s negocia\u00e7\u00f5es e tentativas de contorno refor\u00e7a a autoridade do planejamento estabelecido. Os momentos de fraqueza ou as exce\u00e7\u00f5es n\u00e3o justificadas fragilizam todo o sistema. A explica\u00e7\u00e3o repetida das raz\u00f5es que motivam as regras e a celebra\u00e7\u00e3o dos progressos observados mant\u00eam a motiva\u00e7\u00e3o familiar.<\/p>\n\n            <div class=\"expert-box\">\n                <div class=\"expert-box-label\">GEST\u00c3O DE CRISE<\/div>\n                <div class=\"expert-box-title\">Estrat\u00e9gias de Resolu\u00e7\u00e3o de Conflitos<\/div>\n                <div class=\"expert-inner\">\n                    <p>Frente \u00e0s resist\u00eancias significativas, nossa abordagem privilegia a escuta emp\u00e1tica e a busca por solu\u00e7\u00f5es criativas em vez do confronto direto. O objetivo \u00e9 transformar a oposi\u00e7\u00e3o em colabora\u00e7\u00e3o construtiva.<\/p>\n<div class=\"expert-inner-title\">T\u00e9cnicas Comprovadas :<\/div>\n                    <p>\u2022 Valida\u00e7\u00e3o das emo\u00e7\u00f5es expressas pela crian\u00e7a<br>\n                    \u2022 Reformula\u00e7\u00e3o das regras em termos positivos<br>\n                    \u2022 Proposi\u00e7\u00e3o de escolhas dentro das limita\u00e7\u00f5es<br>\n                    \u2022 Implementa\u00e7\u00e3o de per\u00edodos de teste negociados<br>\n                    \u2022 Reconhecimento e celebra\u00e7\u00e3o dos esfor\u00e7os realizados<\/p>\n                <\/div>\n            <\/div>\n\n            <h2>11. Adaptar o Planejamento \u00e0s Diferentes Faixas Et\u00e1rias<\/h2>\n\n            <p>A adapta\u00e7\u00e3o do planejamento de tela \u00e0s especificidades de desenvolvimento de cada faixa et\u00e1ria otimiza sua efic\u00e1cia e relev\u00e2ncia. As necessidades, capacidades e vulnerabilidades evoluem significativamente entre a primeira inf\u00e2ncia e a adolesc\u00eancia, exigindo abordagens diferenciadas enquanto se mant\u00e9m a coer\u00eancia dos objetivos fundamentais.<\/p>\n\n            <p>Para crian\u00e7as de 3 a 6 anos, a prioridade \u00e9 a prote\u00e7\u00e3o do desenvolvimento cerebral e o estabelecimento de bases saud\u00e1veis. As sess\u00f5es curtas (15-30 minutos), sempre acompanhadas de um adulto, com conte\u00fados exclusivamente educativos como os de COCO PENSA, criam um ambiente seguro. A altern\u00e2ncia frequente com atividades sensoriais e motoras preserva o equil\u00edbrio de desenvolvimento necess\u00e1rio nessa idade cr\u00edtica.<\/p>\n\n            <p>Crian\u00e7as de 7 a 12 anos podem se beneficiar de sess\u00f5es mais longas (45-60 minutos) com maior autonomia na escolha dos conte\u00fados, mantendo uma supervis\u00e3o ativa. A introdu\u00e7\u00e3o gradual de responsabilidades na gest\u00e3o do tempo de tela desenvolve as habilidades de autorregula\u00e7\u00e3o. A integra\u00e7\u00e3o de aplicativos como COCO SE MEXE atende \u00e0s crescentes necessidades de atividade f\u00edsica desse per\u00edodo.<\/p>\n\n            <div class=\"tip-box\">\n<div class=\"tip-box-label\">ADAPTA\u00c7\u00c3O PROGRESSIVA<\/div>\n                <p>Preveja um per\u00edodo de transi\u00e7\u00e3o de 2-3 semanas ao passar de uma faixa et\u00e1ria para outra. Essa progressividade permite a adapta\u00e7\u00e3o suave \u00e0s novas liberdades e responsabilidades, reduzindo as resist\u00eancias e otimizando a aceita\u00e7\u00e3o.<\/p>\n            <\/div>\n\n            <p>A adolesc\u00eancia (13-18 anos) requer uma abordagem mais colaborativa que integre as quest\u00f5es sociais e identit\u00e1rias espec\u00edficas desse per\u00edodo. A negocia\u00e7\u00e3o de um contrato de uso respons\u00e1vel, incluindo objetivos escolares e compromissos familiares, respeita a necessidade de autonomia enquanto mant\u00e9m um quadro protetor. A educa\u00e7\u00e3o sobre as quest\u00f5es digitais (privacidade, cyberbullying, depend\u00eancia) torna-se priorit\u00e1ria.<\/p>\n\n            <h2>12. Integrar a Dimens\u00e3o Social e Familiar do Digital<\/h2>\n\n            <p>A dimens\u00e3o social do digital representa um aspecto central frequentemente negligenciado na elabora\u00e7\u00e3o dos planejamentos de tela. As tecnologias n\u00e3o s\u00e3o mais apenas ferramentas individuais, mas espa\u00e7os de socializa\u00e7\u00e3o, comunica\u00e7\u00e3o e constru\u00e7\u00e3o identit\u00e1ria, particularmente importantes para o desenvolvimento social de crian\u00e7as e adolescentes.<\/p>\n\n            <p>A organiza\u00e7\u00e3o de atividades digitais familiares, como sess\u00f5es coletivas sobre COCO SE MEXE ou descobertas educativas compartilhadas, transforma a tela em um suporte de v\u00ednculo social em vez de um fator de isolamento. Esses momentos compartilhados criam refer\u00eancias comuns, facilitam as discuss\u00f5es intergeracionais e refor\u00e7am a coes\u00e3o familiar em torno das ferramentas digitais.<\/p>\n\n            <p>A estabelecimento de regras coletivas sobre o uso familiar das telas (refei\u00e7\u00f5es sem telefone, noites desconectadas, atividades comuns) envolve todos os membros da fam\u00edlia no processo. Essa abordagem sist\u00eamica evita a estigmatiza\u00e7\u00e3o das crian\u00e7as e cria uma cultura familiar coerente em torno das quest\u00f5es digitais. A modelagem parental torna-se, ent\u00e3o, uma ferramenta educativa poderosa.<\/p>\n\n            <div class=\"conseil-card\">\n                <h4>\ud83d\udc68\u200d\ud83d\udc69\u200d\ud83d\udc67\u200d\ud83d\udc66 Refor\u00e7ar os La\u00e7os Familiares<\/h4>\n                <p>Estabele\u00e7a um \"tempo de tela familiar\" semanal onde todos os membros participem juntos de uma atividade educativa digital. Esses momentos privilegiados criam cumplicidade enquanto d\u00e3o o exemplo de um uso positivo da tecnologia.<\/p>\n            <\/div>\n\n            <p>A considera\u00e7\u00e3o das necessidades de socializa\u00e7\u00e3o digital das crian\u00e7as, particularmente na adolesc\u00eancia, requer um equil\u00edbrio entre prote\u00e7\u00e3o e autonomia. O acompanhamento no aprendizado dos c\u00f3digos sociais digitais, a sensibiliza\u00e7\u00e3o para os riscos e a abertura ao di\u00e1logo sobre as experi\u00eancias vividas criam um ambiente seguro enquanto respeitam as necessidades de desenvolvimento.<\/p>\n\n            <div class=\"faq-list\">\n                <h2 style=\"margin-bottom: 40px;\">\u2753 Perguntas Frequentes<\/h2>\n                \n                <div class=\"faq-item\">\n                    <div class=\"faq-q\">\n                        <span>A partir de qual idade pode-se introduzir as telas no cotidiano de uma crian\u00e7a?<\/span>\n                        <span class=\"faq-icon\">+<\/span>\n                    <\/div>\n<div class=\"faq-a\">\n                        <p>Os especialistas recomendam evitar as telas antes dos 2 anos, exceto para videochamadas com a fam\u00edlia. Entre 2 e 3 anos, uma introdu\u00e7\u00e3o muito gradual com conte\u00fados educativos acompanhados \u00e9 poss\u00edvel. A partir dos 3 anos, sess\u00f5es curtas de 15-20 minutos com aplicativos como COCO PENSA podem ser ben\u00e9ficas para o desenvolvimento cognitivo, sempre sob supervis\u00e3o dos pais.<\/p>\n                    <\/div>\n                <\/div>\n\n                <div class=\"faq-item\">\n                    <div class=\"faq-q\">\n                        <span>Como gerenciar as telas durante as f\u00e9rias escolares?<\/span>\n                        <span class=\"faq-icon\">+<\/span>\n                    <\/div>\n                    <div class=\"faq-a\">\n                        <p>As f\u00e9rias exigem um relaxamento razo\u00e1vel do planejamento habitual. Recomendamos aumentar em 30-50% o tempo de tela permitido, mantendo as regras fundamentais (sem tela antes das 9h, parar 1h antes de dormir, alternar com atividades f\u00edsicas). \u00c9 a oportunidade perfeita para explorar novos conte\u00fados educativos ou projetos criativos mais longos.<\/p>\n                    <\/div>\n                <\/div>\n\n                <div class=\"faq-item\">\n                    <div class=\"faq-q\">\n                        <span>O que fazer se meu filho ficar agressivo quando limito seu tempo de tela?<\/span>\n                        <span class=\"faq-icon\">+<\/span>\n                    <\/div>\n                    <div class=\"faq-a\">\n                        <p>A agressividade \u00e9 uma rea\u00e7\u00e3o normal diante da frustra\u00e7\u00e3o. Mantenha a calma e seja firme nas regras estabelecidas. Ofere\u00e7a imediatamente uma alternativa atraente e acompanhe a transi\u00e7\u00e3o. Se as rea\u00e7\u00f5es persistirem, reduza gradualmente o tempo de tela e consulte um profissional se necess\u00e1rio. O uso de um timer visual e avisos pr\u00e9vios facilita a aceita\u00e7\u00e3o dos limites.<\/p>\n                    <\/div>\n                <\/div>\n\n                <div class=\"faq-item\">\n                    <div class=\"faq-q\">\n                        <span>Os aplicativos educativos realmente substituem as atividades tradicionais?<\/span>\n                        <span class=\"faq-icon\">+<\/span>\n                    <\/div>\n                    <div class=\"faq-a\">\n                        <p>Os aplicativos educativos como COCO PENSA complementam, mas nunca substituem completamente as atividades tradicionais. Eles oferecem vantagens espec\u00edficas (interatividade, adapta\u00e7\u00e3o ao n\u00edvel, feedback imediato) enquanto apresentam limita\u00e7\u00f5es (aus\u00eancia de manipula\u00e7\u00e3o f\u00edsica, estimula\u00e7\u00e3o sensorial reduzida). O ideal \u00e9 uma combina\u00e7\u00e3o equilibrada das duas abordagens.<\/p>\n                    <\/div>\n                <\/div>\n\n                <div class=\"faq-item\">\n                    <div class=\"faq-q\">\n                        <span>Como adaptar o planejamento se v\u00e1rias crian\u00e7as de idades diferentes vivem na casa?<\/span>\n                        <span class=\"faq-icon\">+<\/span>\n                    <\/div>\n                    <div class=\"faq-a\">\n                        <p>Crie planejamentos individualizados, mas coordenados. Os mais jovens podem usar aplicativos educativos enquanto os mais velhos fazem suas li\u00e7\u00f5es digitais. Organize hor\u00e1rios comuns com atividades adapt\u00e1veis a todas as idades. O importante \u00e9 manter a equidade percebida, respeitando as necessidades espec\u00edficas de cada idade.<\/p>\n                    <\/div>\n                <\/div>\n\n                <div class=\"faq-item\">\n                    <div class=\"faq-q\">\n                        <span>Devo proibir completamente as telas \u00e0 noite?<\/span>\n                        <span class=\"faq-icon\">+<\/span>\n                    <\/div>\n<div class=\"faq-a\">\n                        <p>A interrup\u00e7\u00e3o das telas 1 a 2 horas antes de dormir \u00e9 fortemente recomendada para preservar a qualidade do sono. A luz azul perturba a produ\u00e7\u00e3o de melatonina. Se um uso excepcional for necess\u00e1rio, ative os filtros de luz azul e priorize conte\u00fados calmos. Estabele\u00e7a uma rotina relaxante com leitura, m\u00fasica suave ou atividades manuais.<\/p>\n                    <\/div>\n                <\/div>\n            <\/div>\n\n            <div class=\"cta-box\">\n                <h3>\ud83d\ude80 Transforme o Tempo de Tela do Seu Filho em Oportunidade de Aprendizado<\/h3>\n                <p>Descubra COCO PENSA e COCO SE MEXE, os aplicativos educacionais projetados por nossos especialistas em estimula\u00e7\u00e3o cognitiva para um desenvolvimento harmonioso e equilibrado do seu filho.<\/p>\n                <div class=\"cta-buttons\">\n                    <a href=\"https:\/\/www.dynseo.com\/pt-pt\/coco-pensa-e-coco-se-mexe\/\" class=\"btn-white\">Experimente COCO Gratuitamente<\/a>\n                    <a href=\"\/contact\/\" class=\"btn-outline\">Solicitar Conselho<\/a>\n                <\/div>\n            <\/div>\n\n            <div class=\"article-tags\">\n                <span style=\"font-weight: 600; color: var(--gray-700);\">Tags :<\/span>\n                <a href=\"\/tag\/planning-ecran\/\" class=\"article-tag\">Planejamento de tela<\/a>\n                <a href=\"\/tag\/parentalite-numerique\/\" class=\"article-tag\">Parentalidade digital<\/a>\n                <a href=\"\/tag\/education-enfants\/\" class=\"article-tag\">Educa\u00e7\u00e3o infantil<\/a>\n                <a href=\"\/tag\/ecrans-equilibres\/\" class=\"article-tag\">Telas equilibradas<\/a>\n                <a href=\"\/tag\/coco-pense\/\" class=\"article-tag\">COCO PENSA<\/a>\n                <a href=\"\/tag\/coco-bouge\/\" class=\"article-tag\">COCO SE MEXE<\/a>\n                <a href=\"\/tag\/developpement-cognitif\/\" class=\"article-tag\">Desenvolvimento cognitivo<\/a>\n                <a href=\"\/tag\/stimulation-cerebrale\/\" class=\"article-tag\">Estimula\u00e7\u00e3o cerebral<\/a>\n            <\/div>\n        <\/div>\n    <\/div>[\/et_pb_code][\/et_pb_column][\/et_pb_row][\/et_pb_section]","_et_gb_content_width":"","footnotes":""},"categories":[2915],"tags":[],"class_list":["post-570364","post","type-post","status-publish","format-standard","has-post-thumbnail","hentry","category-les-conseils-des-coachs"],"yoast_head":"<!-- This site is optimized with the Yoast SEO plugin v27.4 - https:\/\/yoast.com\/product\/yoast-seo-wordpress\/ -->\n<title>Como Estabelecer um Planejamento de Tela Equilibrado para Seus Filhos - DYNSEO - Aplica\u00e7\u00f5es educativas e jogos de mem\u00f3ria<\/title>\n<meta name=\"robots\" content=\"index, follow, max-snippet:-1, max-image-preview:large, max-video-preview:-1\" \/>\n<link rel=\"canonical\" href=\"https:\/\/www.dynseo.com\/pt-pt\/como-estabelecer-um-planejamento-de-tela-equilibrado-para-seus-filhos\/\" \/>\n<meta property=\"og:locale\" content=\"pt_PT\" \/>\n<meta property=\"og:type\" content=\"article\" \/>\n<meta property=\"og:title\" content=\"Como Estabelecer um Planejamento de Tela Equilibrado para Seus Filhos - DYNSEO - Aplica\u00e7\u00f5es educativas e jogos de mem\u00f3ria\" \/>\n<meta property=\"og:url\" content=\"https:\/\/www.dynseo.com\/pt-pt\/como-estabelecer-um-planejamento-de-tela-equilibrado-para-seus-filhos\/\" \/>\n<meta property=\"og:site_name\" content=\"DYNSEO - Aplica\u00e7\u00f5es educativas e jogos de mem\u00f3ria\" \/>\n<meta property=\"article:published_time\" content=\"2026-04-29T07:53:48+00:00\" \/>\n<meta property=\"article:modified_time\" content=\"2026-04-29T07:58:14+00:00\" \/>\n<meta property=\"og:image\" content=\"https:\/\/www.dynseo.com\/wp-content\/uploads\/2025\/10\/parents-jeux-tablette-jeux-educativs-avec-coco--1024x768.png\" \/>\n\t<meta property=\"og:image:width\" content=\"1024\" \/>\n\t<meta property=\"og:image:height\" content=\"768\" \/>\n\t<meta property=\"og:image:type\" content=\"image\/png\" \/>\n<meta name=\"author\" content=\"DYNSEO\" \/>\n<meta name=\"twitter:label1\" content=\"Escrito por\" \/>\n\t<meta name=\"twitter:data1\" content=\"DYNSEO\" \/>\n\t<meta name=\"twitter:label2\" content=\"Tempo estimado de leitura\" \/>\n\t<meta name=\"twitter:data2\" content=\"22 minutos\" \/>\n<script type=\"application\/ld+json\" class=\"yoast-schema-graph\">{\"@context\":\"https:\\\/\\\/schema.org\",\"@graph\":[{\"@type\":\"Article\",\"@id\":\"https:\\\/\\\/www.dynseo.com\\\/pt-pt\\\/como-estabelecer-um-planejamento-de-tela-equilibrado-para-seus-filhos\\\/#article\",\"isPartOf\":{\"@id\":\"https:\\\/\\\/www.dynseo.com\\\/pt-pt\\\/como-estabelecer-um-planejamento-de-tela-equilibrado-para-seus-filhos\\\/\"},\"author\":{\"name\":\"DYNSEO\",\"@id\":\"https:\\\/\\\/www.dynseo.com\\\/pt-pt\\\/#\\\/schema\\\/person\\\/78ef63df2ee64e0989bc68f8401b38d6\"},\"headline\":\"Como Estabelecer um Planejamento de Tela Equilibrado para Seus Filhos\",\"datePublished\":\"2026-04-29T07:53:48+00:00\",\"dateModified\":\"2026-04-29T07:58:14+00:00\",\"mainEntityOfPage\":{\"@id\":\"https:\\\/\\\/www.dynseo.com\\\/pt-pt\\\/como-estabelecer-um-planejamento-de-tela-equilibrado-para-seus-filhos\\\/\"},\"wordCount\":4489,\"publisher\":{\"@id\":\"https:\\\/\\\/www.dynseo.com\\\/pt-pt\\\/#organization\"},\"image\":{\"@id\":\"https:\\\/\\\/www.dynseo.com\\\/pt-pt\\\/como-estabelecer-um-planejamento-de-tela-equilibrado-para-seus-filhos\\\/#primaryimage\"},\"thumbnailUrl\":\"https:\\\/\\\/www.dynseo.com\\\/wp-content\\\/uploads\\\/2025\\\/10\\\/parents-jeux-tablette-jeux-educativs-avec-coco-.png\",\"articleSection\":[\"Les conseils des coachs\"],\"inLanguage\":\"pt-PT\"},{\"@type\":\"WebPage\",\"@id\":\"https:\\\/\\\/www.dynseo.com\\\/pt-pt\\\/como-estabelecer-um-planejamento-de-tela-equilibrado-para-seus-filhos\\\/\",\"url\":\"https:\\\/\\\/www.dynseo.com\\\/pt-pt\\\/como-estabelecer-um-planejamento-de-tela-equilibrado-para-seus-filhos\\\/\",\"name\":\"Como Estabelecer um Planejamento de Tela Equilibrado para Seus Filhos - DYNSEO - Aplica\u00e7\u00f5es educativas e jogos de mem\u00f3ria\",\"isPartOf\":{\"@id\":\"https:\\\/\\\/www.dynseo.com\\\/pt-pt\\\/#website\"},\"primaryImageOfPage\":{\"@id\":\"https:\\\/\\\/www.dynseo.com\\\/pt-pt\\\/como-estabelecer-um-planejamento-de-tela-equilibrado-para-seus-filhos\\\/#primaryimage\"},\"image\":{\"@id\":\"https:\\\/\\\/www.dynseo.com\\\/pt-pt\\\/como-estabelecer-um-planejamento-de-tela-equilibrado-para-seus-filhos\\\/#primaryimage\"},\"thumbnailUrl\":\"https:\\\/\\\/www.dynseo.com\\\/wp-content\\\/uploads\\\/2025\\\/10\\\/parents-jeux-tablette-jeux-educativs-avec-coco-.png\",\"datePublished\":\"2026-04-29T07:53:48+00:00\",\"dateModified\":\"2026-04-29T07:58:14+00:00\",\"breadcrumb\":{\"@id\":\"https:\\\/\\\/www.dynseo.com\\\/pt-pt\\\/como-estabelecer-um-planejamento-de-tela-equilibrado-para-seus-filhos\\\/#breadcrumb\"},\"inLanguage\":\"pt-PT\",\"potentialAction\":[{\"@type\":\"ReadAction\",\"target\":[\"https:\\\/\\\/www.dynseo.com\\\/pt-pt\\\/como-estabelecer-um-planejamento-de-tela-equilibrado-para-seus-filhos\\\/\"]}]},{\"@type\":\"ImageObject\",\"inLanguage\":\"pt-PT\",\"@id\":\"https:\\\/\\\/www.dynseo.com\\\/pt-pt\\\/como-estabelecer-um-planejamento-de-tela-equilibrado-para-seus-filhos\\\/#primaryimage\",\"url\":\"https:\\\/\\\/www.dynseo.com\\\/wp-content\\\/uploads\\\/2025\\\/10\\\/parents-jeux-tablette-jeux-educativs-avec-coco-.png\",\"contentUrl\":\"https:\\\/\\\/www.dynseo.com\\\/wp-content\\\/uploads\\\/2025\\\/10\\\/parents-jeux-tablette-jeux-educativs-avec-coco-.png\",\"width\":2000,\"height\":1500,\"caption\":\"Tecnologia a servi\u00e7o do bem-estar dos idosos com Alzheimer\"},{\"@type\":\"BreadcrumbList\",\"@id\":\"https:\\\/\\\/www.dynseo.com\\\/pt-pt\\\/como-estabelecer-um-planejamento-de-tela-equilibrado-para-seus-filhos\\\/#breadcrumb\",\"itemListElement\":[{\"@type\":\"ListItem\",\"position\":1,\"name\":\"Accueil\",\"item\":\"https:\\\/\\\/www.dynseo.com\\\/pt-pt\\\/\"},{\"@type\":\"ListItem\",\"position\":2,\"name\":\"Como Estabelecer um Planejamento de Tela Equilibrado para Seus Filhos\"}]},{\"@type\":\"WebSite\",\"@id\":\"https:\\\/\\\/www.dynseo.com\\\/pt-pt\\\/#website\",\"url\":\"https:\\\/\\\/www.dynseo.com\\\/pt-pt\\\/\",\"name\":\"Jeux de m\u00e9moire et stimulation cognitive\",\"description\":\"Entra\u00eenez votre m\u00e9moire et votre cerveau avec DYNSEO\",\"publisher\":{\"@id\":\"https:\\\/\\\/www.dynseo.com\\\/pt-pt\\\/#organization\"},\"potentialAction\":[{\"@type\":\"SearchAction\",\"target\":{\"@type\":\"EntryPoint\",\"urlTemplate\":\"https:\\\/\\\/www.dynseo.com\\\/pt-pt\\\/?s={search_term_string}\"},\"query-input\":{\"@type\":\"PropertyValueSpecification\",\"valueRequired\":true,\"valueName\":\"search_term_string\"}}],\"inLanguage\":\"pt-PT\"},{\"@type\":\"Organization\",\"@id\":\"https:\\\/\\\/www.dynseo.com\\\/pt-pt\\\/#organization\",\"name\":\"DYNSEO\",\"url\":\"https:\\\/\\\/www.dynseo.com\\\/pt-pt\\\/\",\"logo\":{\"@type\":\"ImageObject\",\"inLanguage\":\"pt-PT\",\"@id\":\"https:\\\/\\\/www.dynseo.com\\\/pt-pt\\\/#\\\/schema\\\/logo\\\/image\\\/\",\"url\":\"https:\\\/\\\/www.dynseo.com\\\/wp-content\\\/uploads\\\/2022\\\/05\\\/logo-dynseo-new.png\",\"contentUrl\":\"https:\\\/\\\/www.dynseo.com\\\/wp-content\\\/uploads\\\/2022\\\/05\\\/logo-dynseo-new.png\",\"width\":5073,\"height\":1397,\"caption\":\"DYNSEO\"},\"image\":{\"@id\":\"https:\\\/\\\/www.dynseo.com\\\/pt-pt\\\/#\\\/schema\\\/logo\\\/image\\\/\"}},{\"@type\":\"Person\",\"@id\":\"https:\\\/\\\/www.dynseo.com\\\/pt-pt\\\/#\\\/schema\\\/person\\\/78ef63df2ee64e0989bc68f8401b38d6\",\"name\":\"DYNSEO\",\"url\":\"https:\\\/\\\/www.dynseo.com\\\/pt-pt\\\/author\\\/justine\\\/\"}]}<\/script>\n<!-- \/ Yoast SEO plugin. -->","yoast_head_json":{"title":"Como Estabelecer um Planejamento de Tela Equilibrado para Seus Filhos - DYNSEO - Aplica\u00e7\u00f5es educativas e jogos de mem\u00f3ria","robots":{"index":"index","follow":"follow","max-snippet":"max-snippet:-1","max-image-preview":"max-image-preview:large","max-video-preview":"max-video-preview:-1"},"canonical":"https:\/\/www.dynseo.com\/pt-pt\/como-estabelecer-um-planejamento-de-tela-equilibrado-para-seus-filhos\/","og_locale":"pt_PT","og_type":"article","og_title":"Como Estabelecer um Planejamento de Tela Equilibrado para Seus Filhos - DYNSEO - Aplica\u00e7\u00f5es educativas e jogos de mem\u00f3ria","og_url":"https:\/\/www.dynseo.com\/pt-pt\/como-estabelecer-um-planejamento-de-tela-equilibrado-para-seus-filhos\/","og_site_name":"DYNSEO - Aplica\u00e7\u00f5es educativas e jogos de mem\u00f3ria","article_published_time":"2026-04-29T07:53:48+00:00","article_modified_time":"2026-04-29T07:58:14+00:00","og_image":[{"width":1024,"height":768,"url":"https:\/\/www.dynseo.com\/wp-content\/uploads\/2025\/10\/parents-jeux-tablette-jeux-educativs-avec-coco--1024x768.png","type":"image\/png"}],"author":"DYNSEO","twitter_misc":{"Escrito por":"DYNSEO","Tempo estimado de leitura":"22 minutos"},"schema":{"@context":"https:\/\/schema.org","@graph":[{"@type":"Article","@id":"https:\/\/www.dynseo.com\/pt-pt\/como-estabelecer-um-planejamento-de-tela-equilibrado-para-seus-filhos\/#article","isPartOf":{"@id":"https:\/\/www.dynseo.com\/pt-pt\/como-estabelecer-um-planejamento-de-tela-equilibrado-para-seus-filhos\/"},"author":{"name":"DYNSEO","@id":"https:\/\/www.dynseo.com\/pt-pt\/#\/schema\/person\/78ef63df2ee64e0989bc68f8401b38d6"},"headline":"Como Estabelecer um Planejamento de Tela Equilibrado para Seus Filhos","datePublished":"2026-04-29T07:53:48+00:00","dateModified":"2026-04-29T07:58:14+00:00","mainEntityOfPage":{"@id":"https:\/\/www.dynseo.com\/pt-pt\/como-estabelecer-um-planejamento-de-tela-equilibrado-para-seus-filhos\/"},"wordCount":4489,"publisher":{"@id":"https:\/\/www.dynseo.com\/pt-pt\/#organization"},"image":{"@id":"https:\/\/www.dynseo.com\/pt-pt\/como-estabelecer-um-planejamento-de-tela-equilibrado-para-seus-filhos\/#primaryimage"},"thumbnailUrl":"https:\/\/www.dynseo.com\/wp-content\/uploads\/2025\/10\/parents-jeux-tablette-jeux-educativs-avec-coco-.png","articleSection":["Les conseils des coachs"],"inLanguage":"pt-PT"},{"@type":"WebPage","@id":"https:\/\/www.dynseo.com\/pt-pt\/como-estabelecer-um-planejamento-de-tela-equilibrado-para-seus-filhos\/","url":"https:\/\/www.dynseo.com\/pt-pt\/como-estabelecer-um-planejamento-de-tela-equilibrado-para-seus-filhos\/","name":"Como Estabelecer um Planejamento de Tela Equilibrado para Seus Filhos - DYNSEO - Aplica\u00e7\u00f5es educativas e jogos de mem\u00f3ria","isPartOf":{"@id":"https:\/\/www.dynseo.com\/pt-pt\/#website"},"primaryImageOfPage":{"@id":"https:\/\/www.dynseo.com\/pt-pt\/como-estabelecer-um-planejamento-de-tela-equilibrado-para-seus-filhos\/#primaryimage"},"image":{"@id":"https:\/\/www.dynseo.com\/pt-pt\/como-estabelecer-um-planejamento-de-tela-equilibrado-para-seus-filhos\/#primaryimage"},"thumbnailUrl":"https:\/\/www.dynseo.com\/wp-content\/uploads\/2025\/10\/parents-jeux-tablette-jeux-educativs-avec-coco-.png","datePublished":"2026-04-29T07:53:48+00:00","dateModified":"2026-04-29T07:58:14+00:00","breadcrumb":{"@id":"https:\/\/www.dynseo.com\/pt-pt\/como-estabelecer-um-planejamento-de-tela-equilibrado-para-seus-filhos\/#breadcrumb"},"inLanguage":"pt-PT","potentialAction":[{"@type":"ReadAction","target":["https:\/\/www.dynseo.com\/pt-pt\/como-estabelecer-um-planejamento-de-tela-equilibrado-para-seus-filhos\/"]}]},{"@type":"ImageObject","inLanguage":"pt-PT","@id":"https:\/\/www.dynseo.com\/pt-pt\/como-estabelecer-um-planejamento-de-tela-equilibrado-para-seus-filhos\/#primaryimage","url":"https:\/\/www.dynseo.com\/wp-content\/uploads\/2025\/10\/parents-jeux-tablette-jeux-educativs-avec-coco-.png","contentUrl":"https:\/\/www.dynseo.com\/wp-content\/uploads\/2025\/10\/parents-jeux-tablette-jeux-educativs-avec-coco-.png","width":2000,"height":1500,"caption":"Tecnologia a servi\u00e7o do bem-estar dos idosos com Alzheimer"},{"@type":"BreadcrumbList","@id":"https:\/\/www.dynseo.com\/pt-pt\/como-estabelecer-um-planejamento-de-tela-equilibrado-para-seus-filhos\/#breadcrumb","itemListElement":[{"@type":"ListItem","position":1,"name":"Accueil","item":"https:\/\/www.dynseo.com\/pt-pt\/"},{"@type":"ListItem","position":2,"name":"Como Estabelecer um Planejamento de Tela Equilibrado para Seus Filhos"}]},{"@type":"WebSite","@id":"https:\/\/www.dynseo.com\/pt-pt\/#website","url":"https:\/\/www.dynseo.com\/pt-pt\/","name":"Jeux de m\u00e9moire et stimulation cognitive","description":"Entra\u00eenez votre m\u00e9moire et votre cerveau avec DYNSEO","publisher":{"@id":"https:\/\/www.dynseo.com\/pt-pt\/#organization"},"potentialAction":[{"@type":"SearchAction","target":{"@type":"EntryPoint","urlTemplate":"https:\/\/www.dynseo.com\/pt-pt\/?s={search_term_string}"},"query-input":{"@type":"PropertyValueSpecification","valueRequired":true,"valueName":"search_term_string"}}],"inLanguage":"pt-PT"},{"@type":"Organization","@id":"https:\/\/www.dynseo.com\/pt-pt\/#organization","name":"DYNSEO","url":"https:\/\/www.dynseo.com\/pt-pt\/","logo":{"@type":"ImageObject","inLanguage":"pt-PT","@id":"https:\/\/www.dynseo.com\/pt-pt\/#\/schema\/logo\/image\/","url":"https:\/\/www.dynseo.com\/wp-content\/uploads\/2022\/05\/logo-dynseo-new.png","contentUrl":"https:\/\/www.dynseo.com\/wp-content\/uploads\/2022\/05\/logo-dynseo-new.png","width":5073,"height":1397,"caption":"DYNSEO"},"image":{"@id":"https:\/\/www.dynseo.com\/pt-pt\/#\/schema\/logo\/image\/"}},{"@type":"Person","@id":"https:\/\/www.dynseo.com\/pt-pt\/#\/schema\/person\/78ef63df2ee64e0989bc68f8401b38d6","name":"DYNSEO","url":"https:\/\/www.dynseo.com\/pt-pt\/author\/justine\/"}]}},"_links":{"self":[{"href":"https:\/\/www.dynseo.com\/pt-pt\/wp-json\/wp\/v2\/posts\/570364","targetHints":{"allow":["GET"]}}],"collection":[{"href":"https:\/\/www.dynseo.com\/pt-pt\/wp-json\/wp\/v2\/posts"}],"about":[{"href":"https:\/\/www.dynseo.com\/pt-pt\/wp-json\/wp\/v2\/types\/post"}],"author":[{"embeddable":true,"href":"https:\/\/www.dynseo.com\/pt-pt\/wp-json\/wp\/v2\/users\/4"}],"replies":[{"embeddable":true,"href":"https:\/\/www.dynseo.com\/pt-pt\/wp-json\/wp\/v2\/comments?post=570364"}],"version-history":[{"count":16,"href":"https:\/\/www.dynseo.com\/pt-pt\/wp-json\/wp\/v2\/posts\/570364\/revisions"}],"predecessor-version":[{"id":570380,"href":"https:\/\/www.dynseo.com\/pt-pt\/wp-json\/wp\/v2\/posts\/570364\/revisions\/570380"}],"wp:featuredmedia":[{"embeddable":true,"href":"https:\/\/www.dynseo.com\/pt-pt\/wp-json\/wp\/v2\/media\/415103"}],"wp:attachment":[{"href":"https:\/\/www.dynseo.com\/pt-pt\/wp-json\/wp\/v2\/media?parent=570364"}],"wp:term":[{"taxonomy":"category","embeddable":true,"href":"https:\/\/www.dynseo.com\/pt-pt\/wp-json\/wp\/v2\/categories?post=570364"},{"taxonomy":"post_tag","embeddable":true,"href":"https:\/\/www.dynseo.com\/pt-pt\/wp-json\/wp\/v2\/tags?post=570364"}],"curies":[{"name":"wp","href":"https:\/\/api.w.org\/{rel}","templated":true}]}}