{"id":571920,"date":"2026-04-30T08:22:52","date_gmt":"2026-04-30T06:22:52","guid":{"rendered":"https:\/\/www.dynseo.com\/les-hallucinations-chez-les-personnes-atteintes-de-la-maladie-dalzheimer-comprendre-et-accompagner-2\/"},"modified":"2026-04-30T08:29:06","modified_gmt":"2026-04-30T06:29:06","slug":"as-alucinacoes-em-pessoas-com-a-doenca-de-alzheimer-compreender-e-acompanhar","status":"publish","type":"post","link":"https:\/\/www.dynseo.com\/pt-pt\/as-alucinacoes-em-pessoas-com-a-doenca-de-alzheimer-compreender-e-acompanhar\/","title":{"rendered":"As alucina\u00e7\u00f5es em pessoas com a doen\u00e7a de Alzheimer: compreender e acompanhar"},"content":{"rendered":"<p>[et_pb_section fb_built=&#8221;1&#8243; _builder_version=&#8221;4.16&#8243; custom_padding=&#8221;0px|0px|0px|0px|false|false&#8221; margin_top=&#8221;0px&#8221; margin_bottom=&#8221;0px&#8221; global_colors_info=&#8221;{}&#8221;][et_pb_row _builder_version=&#8221;4.16&#8243; custom_padding=&#8221;0px|0px|0px|0px|false|false&#8221; margin_top=&#8221;0px&#8221; margin_bottom=&#8221;0px&#8221; column_structure=&#8221;4_4&#8243; global_colors_info=&#8221;{}&#8221;][et_pb_column type=&#8221;4_4&#8243; _builder_version=&#8221;4.16&#8243; custom_padding=&#8221;0px|0px|0px|0px|false|false&#8221; global_colors_info=&#8221;{}&#8221;][et_pb_code _builder_version=&#8221;4.16&#8243; custom_padding=&#8221;0px|0px|0px|0px|false|false&#8221; global_colors_info=&#8221;{}&#8221;]<\/p>\n<style>\n        :root {\n            --primary: #5e5ed7;\n            --primary-dark: #5268c9;\n            --secondary: #a9e2e4;\n            --accent: #ffeca7;\n            --danger: #e73469;\n            --white: #ffffff;\n            --gray-light: #f8f9fa;\n            --gray-medium: #6c757d;\n            --gray-dark: #343a40;\n        }<\/p>\n<p>        * {\n            margin: 0;\n            padding: 0;\n            box-sizing: border-box;\n        }<\/p>\n<p>        body {\n            font-family: 'Poppins', sans-serif;\n            line-height: 1.6;\n            color: var(--gray-dark);\n            background: var(--white);\n        }<\/p>\n<p>        .article-hero {\n            background: linear-gradient(135deg, var(--primary) 0%, var(--primary-dark) 100%);\n            color: var(--white);\n            padding: 80px 0 120px;\n            position: relative;\n        }<\/p>\n<p>        .article-hero-inner {\n            max-width: 1200px;\n            margin: 0 auto;\n            padding: 0 20px;\n        }<\/p>\n<p>        .article-breadcrumb {\n            font-size: 14px;\n            margin-bottom: 20px;\n            opacity: 0.8;\n        }<\/p>\n<p>        .article-breadcrumb a {\n            color: var(--white);\n            text-decoration: none;\n        }<\/p>\n<p>        .article-category {\n            display: inline-block;\n            background: var(--secondary);\n            color: var(--gray-dark);\n            padding: 8px 16px;\n            border-radius: 25px;\n            font-size: 14px;\n            font-weight: 600;\n            margin-bottom: 30px;\n        }<\/p>\n<p>        .article-hero h1 {\n            font-family: 'Montserrat', sans-serif;\n            font-size: 3.2em;\n            font-weight: 700;\n            line-height: 1.2;\n            margin-bottom: 30px;\n        }<\/p>\n<p>        .hl {\n            color: var(--accent);\n        }<\/p>\n<p>        .article-meta {\n            display: flex;\n            gap: 30px;\n            flex-wrap: wrap;\n            align-items: center;\n            margin-bottom: 30px;\n        }<\/p>\n<p>        .article-meta span {\n            display: flex;\n            align-items: center;\n            gap: 8px;\n            font-size: 14px;\n            opacity: 0.9;\n        }<\/p>\n<p>        .stars {\n            display: flex;\n            gap: 5px;\n            align-items: center;\n        }<\/p>\n<p>        .stars::before {\n            content: \"\u2b50\u2b50\u2b50\u2b50\u2b50\";\n            margin-right: 8px;\n        }<\/p>\n<p>        .article-hero-curve {\n            position: absolute;\n            bottom: 0;\n            left: 0;\n            width: 100%;\n            height: 60px;\n            background: var(--white);\n            clip-path: polygon(0 100%, 100% 100%, 100% 0);\n        }<\/p>\n<p>        .article-body {\n            padding: 60px 0;\n        }<\/p>\n<p>        .container {\n            max-width: 1200px;\n            margin: 0 auto;\n            padding: 0 20px;\n        }<\/p>\n<p>        .intro-block {\n            font-size: 1.2em;\n            line-height: 1.8;\n            color: var(--gray-medium);\n            margin-bottom: 60px;\n            text-align: center;\n            max-width: 900px;\n            margin-left: auto;\n            margin-right: auto;\n        }<\/p>\n<p>        .stats-grid {\n            display: grid;\n            grid-template-columns: repeat(auto-fit, minmax(250px, 1fr));\n            gap: 30px;\n            margin: 60px 0;\n        }<\/p>\n<p>        .stat-card {\n            background: var(--gray-light);\n            padding: 40px 30px;\n            border-radius: 15px;\n            text-align: center;\n            border: 3px solid transparent;\n            transition: all 0.3s ease;\n        }<\/p>\n<p>        .stat-card:hover {\n            border-color: var(--primary);\n            transform: translateY(-5px);\n        }<\/p>\n<p>        .stat-card .number {\n            font-family: 'Montserrat', sans-serif;\n            font-size: 3em;\n            font-weight: 700;\n            color: var(--primary);\n            margin-bottom: 10px;\n            display: block;\n        }<\/p>\n<p>        .stat-card .label {\n            font-size: 1.1em;\n            font-weight: 500;\n            color: var(--gray-dark);\n        }<\/p>\n<p>        h2 {\n            font-family: 'Montserrat', sans-serif;\n            font-size: 2.5em;\n            font-weight: 700;\n            color: var(--gray-dark);\n            margin: 80px 0 30px;\n            line-height: 1.3;\n        }<\/p>\n<p>        h3 {\n            font-family: 'Montserrat', sans-serif;\n            font-size: 1.8em;\n            font-weight: 600;\n            color: var(--primary);\n            margin: 40px 0 20px;\n        }<\/p>\n<p>        p {\n            font-size: 1.1em;\n            line-height: 1.8;\n            margin-bottom: 20px;\n            text-align: justify;\n        }<\/p>\n<p>        .conseil-card {\n            background: linear-gradient(135deg, var(--secondary) 0%, rgba(169, 226, 228, 0.3) 100%);\n            border-left: 5px solid var(--primary);\n            padding: 30px;\n            margin: 30px 0;\n            border-radius: 10px;\n        }<\/p>\n<p>        .conseil-card h4 {\n            font-family: 'Montserrat', sans-serif;\n            font-size: 1.3em;\n            font-weight: 600;\n            color: var(--primary-dark);\n            margin-bottom: 15px;\n        }<\/p>\n<p>        .key-points {\n            background: var(--gray-light);\n            padding: 30px;\n            border-radius: 15px;\n            margin: 30px 0;\n        }<\/p>\n<p>        .key-points h4 {\n            font-family: 'Montserrat', sans-serif;\n            font-size: 1.4em;\n            font-weight: 600;\n            color: var(--primary);\n            margin-bottom: 20px;\n        }<\/p>\n<p>        .key-points ul {\n            list-style: none;\n            padding: 0;\n        }<\/p>\n<p>        .key-points li {\n            padding: 10px 0;\n            border-bottom: 1px solid #e0e0e0;\n            position: relative;\n            padding-left: 30px;\n        }<\/p>\n<p>        .key-points li:before {\n            content: \"\u2713\";\n            color: var(--primary);\n            font-weight: bold;\n            position: absolute;\n            left: 0;\n        }<\/p>\n<p>        .tip-box {\n            background: linear-gradient(135deg, var(--accent) 0%, rgba(255, 236, 167, 0.3) 100%);\n            border: 2px solid var(--accent);\n            border-radius: 15px;\n            padding: 25px;\n            margin: 30px 0;\n            position: relative;\n        }<\/p>\n<p>        .tip-box-label {\n            background: var(--primary);\n            color: var(--white);\n            padding: 5px 15px;\n            border-radius: 20px;\n            font-size: 0.9em;\n            font-weight: 600;\n            position: absolute;\n            top: -12px;\n            left: 20px;\n        }<\/p>\n<p>        .expert-box {\n            background: linear-gradient(135deg, var(--primary) 0%, var(--primary-dark) 100%);\n            color: var(--white);\n            border-radius: 20px;\n            padding: 40px;\n            margin: 50px 0;\n            position: relative;\n        }<\/p>\n<p>        .expert-box-label {\n            background: var(--accent);\n            color: var(--gray-dark);\n            padding: 8px 20px;\n            border-radius: 25px;\n            font-size: 0.9em;\n            font-weight: 600;\n            position: absolute;\n            top: -15px;\n            left: 30px;\n        }<\/p>\n<p>        .expert-box-title {\n            font-family: 'Montserrat', sans-serif;\n            font-size: 1.6em;\n            font-weight: 700;\n            margin-bottom: 20px;\n            color: var(--accent);\n        }<\/p>\n<p>        .expert-inner {\n            background: rgba(255, 255, 255, 0.1);\n            border-radius: 15px;\n            padding: 25px;\n            margin-top: 20px;\n        }<\/p>\n<p>        .expert-inner-title {\n            font-family: 'Montserrat', sans-serif;\n            font-size: 1.3em;\n            font-weight: 600;\n            margin-bottom: 15px;\n            color: var(--white);\n        }<\/p>\n<p>        .faq-list {\n            margin: 60px 0;\n        }<\/p>\n<p>        .faq-item {\n            border: 2px solid var(--gray-light);\n            border-radius: 15px;\n            margin-bottom: 20px;\n            overflow: hidden;\n            transition: all 0.3s ease;\n        }<\/p>\n<p>        .faq-item.open {\n            border-color: var(--primary);\n        }<\/p>\n<p>        .faq-q {\n            background: var(--gray-light);\n            padding: 25px;\n            cursor: pointer;\n            display: flex;\n            justify-content: space-between;\n            align-items: center;\n            font-weight: 600;\n            color: var(--gray-dark);\n            transition: all 0.3s ease;\n        }<\/p>\n<p>        .faq-q:hover {\n            background: var(--secondary);\n        }<\/p>\n<p>        .faq-icon {\n            background: var(--primary);\n            color: var(--white);\n            width: 30px;\n            height: 30px;\n            border-radius: 50%;\n            display: flex;\n            align-items: center;\n            justify-content: center;\n            font-weight: bold;\n            transition: transform 0.3s ease;\n        }<\/p>\n<p>        .faq-item.open .faq-icon {\n            transform: rotate(45deg);\n        }<\/p>\n<p>        .faq-a {\n            padding: 0 25px;\n            max-height: 0;\n            overflow: hidden;\n            transition: all 0.3s ease;\n        }<\/p>\n<p>        .faq-item.open .faq-a {\n            padding: 25px;\n            max-height: 1000px;\n        }<\/p>\n<p>        .cta-box {\n            background: linear-gradient(135deg, var(--primary) 0%, var(--primary-dark) 100%);\n            color: var(--white);\n            text-align: center;\n            padding: 60px 40px;\n            border-radius: 20px;\n            margin: 60px 0;\n        }<\/p>\n<p>        .cta-box h3 {\n            font-family: 'Montserrat', sans-serif;\n            font-size: 2.2em;\n            font-weight: 700;\n            color: var(--white);\n            margin-bottom: 20px;\n        }<\/p>\n<p>        .cta-box p {\n            font-size: 1.2em;\n            margin-bottom: 40px;\n            opacity: 0.9;\n        }<\/p>\n<p>        .cta-buttons {\n            display: flex;\n            gap: 20px;\n            justify-content: center;\n            flex-wrap: wrap;\n        }<\/p>\n<p>        .btn-white {\n            background: var(--white);\n            color: var(--primary);\n            padding: 15px 30px;\n            border: none;\n            border-radius: 50px;\n            font-weight: 600;\n            text-decoration: none;\n            transition: all 0.3s ease;\n            display: inline-flex;\n            align-items: center;\n            gap: 10px;\n        }<\/p>\n<p>        .btn-white:hover {\n            background: var(--accent);\n            transform: translateY(-3px);\n        }<\/p>\n<p>        .btn-outline {\n            background: transparent;\n            color: var(--white);\n            padding: 15px 30px;\n            border: 2px solid var(--white);\n            border-radius: 50px;\n            font-weight: 600;\n            text-decoration: none;\n            transition: all 0.3s ease;\n            display: inline-flex;\n            align-items: center;\n            gap: 10px;\n        }<\/p>\n<p>        .btn-outline:hover {\n            background: var(--white);\n            color: var(--primary);\n            transform: translateY(-3px);\n        }<\/p>\n<p>        .article-tags {\n            display: flex;\n            flex-wrap: wrap;\n            gap: 15px;\n            margin-top: 60px;\n            padding-top: 40px;\n            border-top: 2px solid var(--gray-light);\n        }<\/p>\n<p>        .article-tag {\n            background: var(--secondary);\n            color: var(--gray-dark);\n            padding: 10px 20px;\n            border-radius: 25px;\n            text-decoration: none;\n            font-weight: 500;\n            font-size: 0.95em;\n            transition: all 0.3s ease;\n        }<\/p>\n<p>        .article-tag:hover {\n            background: var(--primary);\n            color: var(--white);\n        }<\/p>\n<p>        @media (max-width: 768px) {\n            .article-hero h1 {\n                font-size: 2.2em;\n            }<\/p>\n<p>            h2 {\n                font-size: 2em;\n            }<\/p>\n<p>            .article-meta {\n                flex-direction: column;\n                gap: 15px;\n                align-items: flex-start;\n            }<\/p>\n<p>            .cta-buttons {\n                flex-direction: column;\n                align-items: center;\n            }<\/p>\n<p>            .stats-grid {\n                grid-template-columns: 1fr;\n            }\n        }\n    <\/style>\n<p><script>\n        document.querySelectorAll('.faq-q').forEach(function(button) {\n            button.addEventListener('click', function() {\n                button.closest('.faq-item').classList.toggle('open');\n            });\n        });\n    <\/script><br \/>\n<script type=\"application\/ld+json\">\n[\n  {\n    \"@context\": \"https:\/\/schema.org\",\n    \"@type\": \"Article\",\n    \"headline\": \"Les hallucinations chez les personnes atteintes de la maladie d'Alzheimer : comprendre et accompagner\",\n    \"description\": \"ions chez les personnes atteintes de la maladie d'Alzheimer : comprendre et accompagner\",\n    \"url\": \"https:\/\/www.dynseo.com\/les-hallucinations-chez-les-personnes-atteintes-de-la-maladie-dalzheimer-comprendre-et-accompagner\/\",\n    \"datePublished\": \"2026-04-07\",\n    \"dateModified\": \"2026-04-07\",\n    \"author\": {\n      \"@type\": \"Organization\",\n      \"name\": \"DYNSEO\",\n      \"url\": \"https:\/\/www.dynseo.com\"\n    },\n    \"publisher\": {\n      \"@type\": \"Organization\",\n      \"name\": \"DYNSEO\",\n      \"url\": \"https:\/\/www.dynseo.com\"\n    },\n    \"aggregateRating\": {\n      \"@type\": \"AggregateRating\",\n      \"ratingValue\": \"4.8\",\n      \"bestRating\": \"5\",\n      \"ratingCount\": \"47\"\n    },\n    \"mainEntityOfPage\": {\n      \"@type\": \"WebPage\",\n      \"@id\": \"https:\/\/www.dynseo.com\/les-hallucinations-chez-les-personnes-atteintes-de-la-maladie-dalzheimer-comprendre-et-accompagner\/\"\n    }\n  },\n  {\n    \"@context\": \"https:\/\/schema.org\",\n    \"@type\": \"WebPage\",\n    \"name\": \"Les hallucinations chez les personnes atteintes de la maladie d'Alzheimer : comprendre et accompagner\",\n    \"url\": \"https:\/\/www.dynseo.com\/les-hallucinations-chez-les-personnes-atteintes-de-la-maladie-dalzheimer-comprendre-et-accompagner\/\",\n    \"breadcrumb\": {\n      \"@type\": \"BreadcrumbList\",\n      \"itemListElement\": [\n        {\n          \"@type\": \"ListItem\",\n          \"position\": 1,\n          \"name\": \"Accueil\",\n          \"item\": \"https:\/\/www.dynseo.com\"\n        },\n        {\n          \"@type\": \"ListItem\",\n          \"position\": 2,\n          \"name\": \"Blog\",\n          \"item\": \"https:\/\/www.dynseo.com\/blog\"\n        },\n        {\n          \"@type\": \"ListItem\",\n          \"position\": 3,\n          \"name\": \"Les hallucinations chez les personnes atteintes de la maladie d'Alzheimer : comprendre et accompagner\",\n          \"item\": \"https:\/\/www.dynseo.com\/les-hallucinations-chez-les-personnes-atteintes-de-la-maladie-dalzheimer-comprendre-et-accompagner\/\"\n        }\n      ]\n    }\n  },\n  {\n    \"@context\": \"https:\/\/schema.org\",\n    \"@type\": \"FAQPage\",\n    \"mainEntity\": [\n      {\n        \"@type\": \"Question\",\n        \"name\": \"Les hallucinations signifient-elles que la maladie s'aggrave rapidement ?\",\n        \"acceptedAnswer\": {\n          \"@type\": \"Answer\",\n          \"text\": \"Les hallucinations ne signifient pas n\u00e9cessairement une aggravation rapide de la maladie d'Alzheimer. Elles peuvent survenir \u00e0 diff\u00e9rents stades et \u00eatre influenc\u00e9es par divers facteurs comme la fatigue, l'environnement ou les m\u00e9dicaments.\"\n        }\n      },\n      {\n        \"@type\": \"Question\",\n        \"name\": \"Dois-je toujours corriger mon proche quand il hallucine ?\",\n        \"acceptedAnswer\": {\n          \"@type\": \"Answer\",\n          \"text\": \"Il n'est pas toujours n\u00e9cessaire de corriger les hallucinations. Si elles ne sont pas d\u00e9rangeantes ou effrayantes pour la personne, il est souvent pr\u00e9f\u00e9rable d'adopter une approche d'accompagnement bienveillant plut\u00f4t que de contradiction syst\u00e9matique.\"\n        }\n      },\n      {\n        \"@type\": \"Question\",\n        \"name\": \"Les hallucinations sont-elles toujours d\u00e9rangeantes pour la personne ?\",\n        \"acceptedAnswer\": {\n          \"@type\": \"Answer\",\n          \"text\": \"Non, toutes les hallucinations ne sont pas d\u00e9rangeantes. Certaines peuvent \u00eatre neutres ou m\u00eame agr\u00e9ables pour la personne. Il est important d'\u00e9valuer l'impact \u00e9motionnel avant d'intervenir.\"\n        }\n      }\n    ]\n  }\n]\n<\/script>\n<link href=\"https:\/\/fonts.googleapis.com\/css2?family=Montserrat:wght@400;600;700&#038;family=Poppins:wght@300;400;500;600&#038;display=swap\" rel=\"stylesheet\">\n<section class=\"article-hero\">\n<div class=\"article-hero-inner\">\n<nav class=\"article-breadcrumb\">\n                <a href=\"\/\">In\u00edcio<\/a> > <a href=\"\/blog\">Blog<\/a> > <a href=\"https:\/\/www.dynseo.com\/pt-pt\/acompanhe-as-pessoas-que-sofrem-de-alzheimer\/alzheimer-2\/\">Alzheimer<\/a> > As alucina\u00e7\u00f5es em pessoas com a doen\u00e7a de Alzheimer<br \/>\n            <\/nav>\n<div class=\"article-category\">Doen\u00e7a de Alzheimer<\/div>\n<h1>As alucina\u00e7\u00f5es em pessoas com a <span class=\"hl\">doen\u00e7a de Alzheimer<\/span> : compreender e acompanhar<\/h1>\n<div class=\"article-meta\">\n                <span>\ud83d\udcc5 Abril 2026<\/span><br \/>\n                <span>\u23f1\ufe0f 15 min de leitura<\/span><br \/>\n                <span>\ud83d\udc65 Fam\u00edlias e cuidadores<\/span><br \/>\n                <span class=\"stars\">4.8\/5<\/span>\n            <\/div>\n<\/p><\/div>\n<div class=\"article-hero-curve\"><\/div>\n<\/section>\n<div class=\"article-body\">\n<div class=\"container\">\n<div class=\"intro-block\">\n                As alucina\u00e7\u00f5es representam um dos sintomas mais perturbadores da doen\u00e7a de Alzheimer, afetando quase 40% das pessoas idosas afetadas. Essas manifesta\u00e7\u00f5es, embora desestabilizadoras para as fam\u00edlias, necessitam de uma compreens\u00e3o aprofundada para um acompanhamento adequado. Na DYNSEO, acompanhamos h\u00e1 mais de 10 anos as fam\u00edlias confrontadas com esses desafios complexos. Nossa expertise nos permite oferecer chaves de compreens\u00e3o essenciais e estrat\u00e9gias de acompanhamento eficazes. Este guia completo ajudar\u00e1 voc\u00ea a entender melhor esse fen\u00f4meno e a implementar solu\u00e7\u00f5es concretas para melhorar a qualidade de vida do seu ente querido. Juntos, podemos transformar essa prova em uma oportunidade de fortalecer os la\u00e7os familiares.\n            <\/div>\n<div class=\"stats-grid\">\n<div class=\"stat-card\">\n                    <span class=\"number\">40%<\/span><br \/>\n                    <span class=\"label\">das pessoas com Alzheimer vivem alucina\u00e7\u00f5es<\/span>\n                <\/div>\n<div class=\"stat-card\">\n                    <span class=\"number\">65%<\/span><br \/>\n                    <span class=\"label\">s\u00e3o alucina\u00e7\u00f5es visuais<\/span>\n                <\/div>\n<div class=\"stat-card\">\n                    <span class=\"number\">25%<\/span><br \/>\n                    <span class=\"label\">dizem respeito \u00e0 audi\u00e7\u00e3o<\/span>\n                <\/div>\n<div class=\"stat-card\">\n                    <span class=\"number\">10%<\/span><br \/>\n                    <span class=\"label\">envolvem o olfato ou o toque<\/span>\n                <\/div>\n<\/p><\/div>\n<h2>1. Compreender as alucina\u00e7\u00f5es no contexto da Alzheimer<\/h2>\n<pee>As alucina\u00e7\u00f5es na doen\u00e7a de Alzheimer resultam de disfun\u00e7\u00f5es neurol\u00f3gicas complexas que afetam a percep\u00e7\u00e3o da realidade. Ao contr\u00e1rio do que se pensa, essas manifesta\u00e7\u00f5es n\u00e3o s\u00e3o fruto da imagina\u00e7\u00e3o, mas sim sintomas reais relacionados \u00e0 degenera\u00e7\u00e3o cerebral progressiva. A compreens\u00e3o desse mecanismo \u00e9 fundamental para adotar uma abordagem emp\u00e1tica e eficaz.<\/pee>\n<pee>O c\u00e9rebro das pessoas idosas afetadas pela Alzheimer sofre modifica\u00e7\u00f5es estruturais importantes, particularmente nas regi\u00f5es respons\u00e1veis pela integra\u00e7\u00e3o sensorial e pela interpreta\u00e7\u00e3o dos est\u00edmulos. Essas altera\u00e7\u00f5es criam &#8220;falsos sinais&#8221; que o c\u00e9rebro interpreta como percep\u00e7\u00f5es reais, dando origem \u00e0s alucina\u00e7\u00f5es. Esta explica\u00e7\u00e3o neurobiol\u00f3gica ajuda as fam\u00edlias a superarem a culpa e a adotarem uma postura de compreens\u00e3o.<\/pee>\n<pee>O impacto emocional sobre a fam\u00edlia \u00e9 consider\u00e1vel, gerando frequentemente incompreens\u00e3o, medo e sentimento de impot\u00eancia. No entanto, com as informa\u00e7\u00f5es corretas e as estrat\u00e9gias apropriadas, torna-se poss\u00edvel transformar essa prova em uma oportunidade de fortalecimento dos la\u00e7os afetivos. A chave reside na aceita\u00e7\u00e3o do sintoma como parte integrante da doen\u00e7a, n\u00e3o como um fracasso pessoal ou familiar.<\/pee>\n<div class=\"conseil-card\">\n<h4>\ud83d\udca1 Conselho DYNSEO<\/h4>\n<pee>N\u00e3o tente &#8220;racionalizar&#8221; a pessoa ou negar suas percep\u00e7\u00f5es. Valide seu sentimento enquanto a tranquiliza sobre sua seguran\u00e7a. Essa abordagem preserva sua dignidade e mant\u00e9m sua rela\u00e7\u00e3o de confian\u00e7a.<\/pee>\n            <\/div>\n<div class=\"key-points\">\n<h4>Pontos-chave a reter:<\/h4>\n<ul>\n<li>As alucina\u00e7\u00f5es s\u00e3o sintomas neurol\u00f3gicos reais<\/li>\n<li>Elas afetam 4 em cada 10 pessoas com Alzheimer<\/li>\n<li>Elas n\u00e3o significam uma agravamento s\u00fabito<\/li>\n<li>Uma abordagem emp\u00e1tica \u00e9 sempre mais eficaz<\/li>\n<li>O apoio familiar faz toda a diferen\u00e7a<\/li>\n<\/ul><\/div>\n<h2>2. Os diferentes tipos de alucina\u00e7\u00f5es e suas manifesta\u00e7\u00f5es<\/h2>\n<pee>As alucina\u00e7\u00f5es visuais dominam o quadro cl\u00ednico, representando quase 65% dos casos. Elas podem assumir diversas formas: vis\u00e3o de pessoas falecidas, de animais, de objetos inexistentes ou de cenas complexas. Essas manifesta\u00e7\u00f5es ocorrem frequentemente no final do dia, durante a &#8220;confus\u00e3o da noite&#8221; t\u00edpica da doen\u00e7a de Alzheimer. A pessoa pode ver visitantes em seu quarto, crian\u00e7as brincando ou ainda situa\u00e7\u00f5es do passado se repetindo.<\/pee>\n<pee>As alucina\u00e7\u00f5es auditivas, menos frequentes mas ainda assim significativas, dizem respeito a cerca de 25% dos casos. Elas se caracterizam pela audi\u00e7\u00e3o de vozes, de m\u00fasicas, de conversas ou de ru\u00eddos inexistentes. A pessoa pode ouvir seus entes queridos chamando, pessoas conversando em outra sala ou ainda melodias de seu passado. Essas percep\u00e7\u00f5es auditivas geram frequentemente rea\u00e7\u00f5es de busca ou de resposta que podem parecer incoerentes.<\/pee>\n<pee>As alucina\u00e7\u00f5es t\u00e1teis e olfativas, embora menos comuns, n\u00e3o s\u00e3o menos perturbadoras. A sensa\u00e7\u00e3o de presen\u00e7a de insetos na pele, de texturas inexistentes ou de cheiros particulares pode criar grande ang\u00fastia. Essas manifesta\u00e7\u00f5es sensoriais complexas requerem aten\u00e7\u00e3o especial, pois podem provocar comportamentos de coceira, de esfregamento ou de evita\u00e7\u00e3o que podem ocasionar ferimentos.<\/pee>\n<div class=\"tip-box\">\n                <span class=\"tip-box-label\">Dica pr\u00e1tica<\/span>\n                <pee>Mantenha um caderno dos epis\u00f3dios alucinat\u00f3rios anotando a hora, o contexto e o tipo. Essas informa\u00e7\u00f5es valiosas ajudar\u00e3o a equipe m\u00e9dica a adaptar a abordagem.<\/pee>\n            <\/div>\n<div class=\"expert-box\">\n                <span class=\"expert-box-label\">Especializa\u00e7\u00e3o DYNSEO<\/span><\/p>\n<div class=\"expert-box-title\">Classifica\u00e7\u00e3o detalhada das alucina\u00e7\u00f5es<\/div>\n<div class=\"expert-inner\">\n<div class=\"expert-inner-title\">Alucina\u00e7\u00f5es simples vs complexas<\/div>\n<pee>As alucina\u00e7\u00f5es simples envolvem um \u00fanico sentido e percep\u00e7\u00f5es b\u00e1sicas (luzes, sons). As alucina\u00e7\u00f5es complexas envolvem v\u00e1rios sentidos e criam cen\u00e1rios elaborados, exigindo abordagens de acompanhamento diferenciadas.<\/pee>\n                <\/div>\n<\/p><\/div>\n<h2>3. As causas neurol\u00f3gicas e fatores desencadeantes<\/h2>\n<pee>A degenera\u00e7\u00e3o dos neur\u00f4nios nas regi\u00f5es temporais e occipitais do c\u00e9rebro constitui a causa principal das alucina\u00e7\u00f5es alzheimerianas. As placas amiloides e os emaranhados neurofibrilares perturbam a transmiss\u00e3o dos sinais nervosos, criando disfun\u00e7\u00f5es na integra\u00e7\u00e3o das informa\u00e7\u00f5es sensoriais. Essa altera\u00e7\u00e3o neurobiol\u00f3gica explica por que as alucina\u00e7\u00f5es n\u00e3o podem ser &#8220;curadas&#8221; pela simples vontade ou explica\u00e7\u00f5es racionais.<\/pee>\n<pee>Os fatores ambientais tamb\u00e9m desempenham um papel determinante na apari\u00e7\u00e3o dos epis\u00f3dios alucinat\u00f3rios. A baixa luminosidade, as sombras, os reflexos em espelhos ou janelas podem ser interpretados de maneira err\u00f4nea por um c\u00e9rebro j\u00e1 fragilizado. Da mesma forma, os ru\u00eddos de fundo, as conversas distantes ou os sons da televis\u00e3o podem ser transformados em percep\u00e7\u00f5es alucinat\u00f3rias. A compreens\u00e3o desses mecanismos permite adaptar o ambiente para reduzir os fatores desencadeantes.<\/pee>\n<pee>O estado de fadiga, o estresse, o isolamento social, as infec\u00e7\u00f5es ou certos medicamentos constituem tantos fatores agravantes. A desidrata\u00e7\u00e3o, os dist\u00farbios do sono ou as mudan\u00e7as bruscas de ambiente podem tamb\u00e9m precipitar os epis\u00f3dios. Essa multifatorialidade explica por que uma abordagem global, levando em conta todos esses elementos, se mostra indispens\u00e1vel para uma gest\u00e3o \u00f3tima das alucina\u00e7\u00f5es.<\/pee>\n<div class=\"conseil-card\">\n<h4>\ud83d\udd0d Identifica\u00e7\u00e3o dos fatores desencadeantes<\/h4>\n<pee>Observe atentamente as circunst\u00e2ncias de aparecimento das alucina\u00e7\u00f5es: momento do dia, atividade em curso, ambiente, estado emocional. Esta an\u00e1lise ajudar\u00e1 voc\u00ea a implementar estrat\u00e9gias preventivas eficazes.<\/pee>\n            <\/div>\n<h2>4. O impacto emocional sobre a pessoa doente e sua fam\u00edlia<\/h2>\n<pee>Para a pessoa afetada pela doen\u00e7a de Alzheimer, as alucina\u00e7\u00f5es geram frequentemente um sofrimento consider\u00e1vel, misturando confus\u00e3o, medo e incompreens\u00e3o. Ela pode se sentir isolada em suas percep\u00e7\u00f5es, incompreendida por seu entorno que nega suas experi\u00eancias sensoriais. Esta situa\u00e7\u00e3o cria um c\u00edrculo vicioso de ansiedade e agita\u00e7\u00e3o que pode comprometer seu bem-estar geral e sua rela\u00e7\u00e3o com seus entes queridos. A preserva\u00e7\u00e3o de sua dignidade e de seu sentimento de seguran\u00e7a torna-se, ent\u00e3o, um desafio importante.<\/pee>\n<pee>As fam\u00edlias tamb\u00e9m enfrentam emo\u00e7\u00f5es intensas diante das alucina\u00e7\u00f5es de seu ente querido. O sentimento de impot\u00eancia muitas vezes predomina, acompanhado de uma culpa difusa e de um medo de reagir mal. Os cuidadores podem sentir exaust\u00e3o emocional, especialmente quando os epis\u00f3dios se repetem com frequ\u00eancia ou ocorrem \u00e0 noite. Esta carga psicol\u00f3gica requer um apoio apropriado e estrat\u00e9gias para preservar o bem-estar familiar.<\/pee>\n<pee>A incompreens\u00e3o m\u00fatua pode gradualmente erodir a qualidade da rela\u00e7\u00e3o entre a pessoa doente e seus entes queridos. No entanto, com uma abordagem adequada, esses momentos dif\u00edceis podem se tornar oportunidades para fortalecer os la\u00e7os afetivos. A aceita\u00e7\u00e3o benevolente das percep\u00e7\u00f5es da pessoa, mesmo que err\u00f4neas, mant\u00e9m a comunica\u00e7\u00e3o e preserva sua autoestima. Esta postura emp\u00e1tica transforma a din\u00e2mica familiar e melhora significativamente a qualidade de vida de todos.<\/pee>\n<div class=\"key-points\">\n<h4>Sinais de alerta a serem monitorados:<\/h4>\n<ul>\n<li>Aumento da agita\u00e7\u00e3o ou da ansiedade<\/li>\n<li>Recusa de certos lugares ou atividades<\/li>\n<li>Dist\u00farbios do sono acentuados<\/li>\n<li>Isolamento social crescente<\/li>\n<li>Comportamentos repetitivos novos<\/li>\n<\/ul><\/div>\n<h2>5. Estrat\u00e9gias de comunica\u00e7\u00e3o adaptadas<\/h2>\n<pee>A valida\u00e7\u00e3o terap\u00eautica constitui a abordagem comunicacional mais eficaz diante das alucina\u00e7\u00f5es. Esta t\u00e9cnica consiste em aceitar e validar as emo\u00e7\u00f5es da pessoa sem necessariamente confirmar a realidade de suas percep\u00e7\u00f5es. Por exemplo, se ela v\u00ea crian\u00e7as em seu quarto, em vez de negar sua presen\u00e7a, voc\u00ea pode dizer: &#8220;Essas crian\u00e7as parecem te preocupar, voc\u00ea gostaria que f\u00f4ssemos para a sala?&#8221; Esta abordagem preserva sua dignidade enquanto a direciona para um ambiente mais seguro.<\/pee>\n<pee>A utiliza\u00e7\u00e3o de uma linguagem simples, tranquilizadora e n\u00e3o confrontadora facilita bastante as trocas. Evite frases complexas, explica\u00e7\u00f5es racionais ou tentativas de &#8220;racioc\u00ednio&#8221;. Prefira f\u00f3rmulas curtas, positivas e reconfortantes. Seu tom de voz, seus gestos e sua postura corporal transmitem tantas informa\u00e7\u00f5es quanto suas palavras. Uma abordagem calma e benevolente muitas vezes tem mais impacto do que um longo discurso explicativo.<\/pee>\n<pee>A distra\u00e7\u00e3o positiva e a redire\u00e7\u00e3o da aten\u00e7\u00e3o representam ferramentas valiosas em seu arsenal comunicacional. Proponha uma atividade agrad\u00e1vel, recorde uma mem\u00f3ria feliz ou direcione seu olhar para algo agrad\u00e1vel. Esta t\u00e9cnica permite tirar a pessoa do epis\u00f3dio alucinat\u00f3rio sem confronto ou nega\u00e7\u00e3o. O objetivo n\u00e3o \u00e9 eliminar a alucina\u00e7\u00e3o, mas reduzir a ansiedade que ela gera e manter um clima de confian\u00e7a.<\/pee>\n<div class=\"tip-box\">\n                <span class=\"tip-box-label\">T\u00e9cnica de valida\u00e7\u00e3o<\/span>\n                <pee>&#8220;Eu vejo que isso te preocupa&#8221; ou &#8220;Voc\u00ea parece preocupado(a)&#8221; s\u00e3o f\u00f3rmulas que validam a emo\u00e7\u00e3o sem confirmar a alucina\u00e7\u00e3o. Essa abordagem mant\u00e9m o v\u00ednculo enquanto acalma a pessoa.<\/pee>\n            <\/div>\n<h2>6. Arranjo do ambiente para reduzir as alucina\u00e7\u00f5es<\/h2>\n<pee>A otimiza\u00e7\u00e3o da ilumina\u00e7\u00e3o constitui uma das interven\u00e7\u00f5es ambientais mais eficazes. Uma ilumina\u00e7\u00e3o uniforme e suficiente reduz consideravelmente as sombras e as \u00e1reas de escurid\u00e3o propensas a interpreta\u00e7\u00f5es err\u00f4neas. Priorize a luz natural durante o dia e mantenha uma ilumina\u00e7\u00e3o suave, mas constante \u00e0 noite. Evite ilumina\u00e7\u00f5es muito contrastantes que criam jogos de sombras que podem ser fonte de alucina\u00e7\u00f5es visuais. A instala\u00e7\u00e3o de luzes noturnas nos corredores e no banheiro garante a seguran\u00e7a dos deslocamentos noturnos.<\/pee>\n<pee>A gest\u00e3o das superf\u00edcies refletoras merece aten\u00e7\u00e3o especial. Espelhos, vidros e superf\u00edcies brilhantes podem gerar reflexos interpretados como presen\u00e7as por uma pessoa com Alzheimer. Considere a remo\u00e7\u00e3o ou a cobertura tempor\u00e1ria de grandes espelhos, particularmente \u00e0 noite. Substitua-os eventualmente por quadros ou fotografias tranquilizadoras que criem uma atmosfera mais segura e familiar.<\/pee>\n<pee>A redu\u00e7\u00e3o das estimula\u00e7\u00f5es auditivas excessivas melhora significativamente o ambiente sensorial. Limite os ru\u00eddos de fundo, diminua o volume da televis\u00e3o e evite a sobreposi\u00e7\u00e3o de v\u00e1rias fontes sonoras. Conversas distantes ou sons indistintos podem ser transformados em alucina\u00e7\u00f5es auditivas. Priorize um ambiente sonoro calmo e previs\u00edvel, com eventualmente uma m\u00fasica suave e familiar que acalma sem estimular excessivamente.<\/pee>\n<div class=\"expert-box\">\n                <span class=\"expert-box-label\">Especializa\u00e7\u00e3o ambiental<\/span><\/p>\n<div class=\"expert-box-title\">Checklist de arranjo DYNSEO<\/div>\n<div class=\"expert-inner\">\n<div class=\"expert-inner-title\">Zonas de risco alucinat\u00f3rio<\/div>\n<pee>Quarto: ilumina\u00e7\u00e3o gradual, remo\u00e7\u00e3o de espelhos em frente \u00e0 cama. Sala: posicionamento da poltrona de costas para as janelas. Corredores: ilumina\u00e7\u00e3o cont\u00ednua, remo\u00e7\u00e3o de objetos que criam sombras. Banheiro: ilumina\u00e7\u00e3o uniforme, tapete antiderrapante contrastante.<\/pee>\n                <\/div>\n<\/p><\/div>\n<div class=\"conseil-card\">\n<h4>\ud83c\udfe0 Am\u00e9nagement pr\u00e1tico<\/h4>\n<pee>Crie um &#8220;caminho seguro&#8221; na resid\u00eancia com ilumina\u00e7\u00e3o adequada e pontos de refer\u00eancia visuais claros. Essa adapta\u00e7\u00e3o previne quedas e reduz os riscos de alucina\u00e7\u00f5es relacionadas \u00e0 desorienta\u00e7\u00e3o espacial.<\/pee>\n            <\/div>\n<h2>7. Quando e como recorrer aos profissionais de sa\u00fade<\/h2>\n<pee>A consulta m\u00e9dica torna-se imperativa quando as alucina\u00e7\u00f5es s\u00e3o acompanhadas de agita\u00e7\u00e3o significativa, agressividade ou comportamentos perigosos. Se seu ente querido manifesta medos intensos, recusa-se a se alimentar ou apresenta dist\u00farbios do sono graves relacionados \u00e0s alucina\u00e7\u00f5es, uma avalia\u00e7\u00e3o profissional \u00e9 necess\u00e1ria. Da mesma forma, o aparecimento s\u00fabito de alucina\u00e7\u00f5es em uma pessoa que n\u00e3o apresentava anteriormente requer uma avalia\u00e7\u00e3o m\u00e9dica para eliminar outras causas (infec\u00e7\u00e3o, desidrata\u00e7\u00e3o, efeitos medicamentosos).<\/pee>\n<pee>O m\u00e9dico respons\u00e1vel ou o geriatra realizar\u00e1 uma avalia\u00e7\u00e3o completa incluindo o exame cl\u00ednico, a revis\u00e3o dos tratamentos em curso e a busca por fatores desencadeantes. Ele poder\u00e1 prescrever exames complementares se necess\u00e1rio e ajustar a medica\u00e7\u00e3o. O objetivo n\u00e3o \u00e9 sempre eliminar totalmente as alucina\u00e7\u00f5es, mas reduzir a ansiedade que elas geram e melhorar a qualidade de vida geral.<\/pee>\n<pee>A equipe multidisciplinar (psic\u00f3logo, terapeuta ocupacional, fonoaudi\u00f3logo) pode trazer compet\u00eancias especializadas no acompanhamento das alucina\u00e7\u00f5es. O psic\u00f3logo oferece apoio \u00e0s fam\u00edlias e t\u00e9cnicas de gerenciamento do estresse. O terapeuta ocupacional avalia o ambiente dom\u00e9stico e sugere adapta\u00e7\u00f5es. Essa abordagem colaborativa otimiza o cuidado e oferece um suporte global \u00e0 fam\u00edlia.<\/pee>\n<div class=\"key-points\">\n<h4>Crit\u00e9rios de urg\u00eancia m\u00e9dica :<\/h4>\n<ul>\n<li>Alucina\u00e7\u00f5es acompanhadas de del\u00edrio ou confus\u00e3o maior<\/li>\n<li>Comportamentos auto ou hetero-agressivos<\/li>\n<li>Recusa total de alimenta\u00e7\u00e3o ou hidrata\u00e7\u00e3o<\/li>\n<li>Ins\u00f4nia total persistente<\/li>\n<li>Ang\u00fastia psicol\u00f3gica intensa<\/li>\n<\/ul><\/div>\n<h2>8. Os tratamentos medicamentosos: benef\u00edcios e precau\u00e7\u00f5es<\/h2>\n<pee>Os antipsic\u00f3ticos at\u00edpicos constituem a classe medicamentosa mais frequentemente prescrita para gerenciar as alucina\u00e7\u00f5es severas na doen\u00e7a de Alzheimer. Esses medicamentos (risperidona, olanzapina, quetiapina) podem reduzir a intensidade das percep\u00e7\u00f5es alucinat\u00f3rias e a agita\u00e7\u00e3o associada. No entanto, seu uso em pessoas idosas com dem\u00eancia requer uma supervis\u00e3o rigorosa devido aos riscos de efeitos colaterais significativos: sonol\u00eancia, quedas, dist\u00farbios da degluti\u00e7\u00e3o e risco cardiovascular aumentado.<\/pee>\n<pee>A abordagem medicamentosa deve sempre ser individualizada e reavaliada regularmente. O princ\u00edpio &#8220;come\u00e7ar baixo, ir devagar&#8221; guia a prescri\u00e7\u00e3o em pessoas idosas. O m\u00e9dico busca a dose m\u00ednima eficaz e reavalia regularmente a rela\u00e7\u00e3o benef\u00edcio\/risco. Esses tratamentos n\u00e3o constituem uma solu\u00e7\u00e3o definitiva, mas uma ferramenta tempor\u00e1ria para atravessar as fases mais dif\u00edceis.<\/pee>\n<pee>As alternativas medicamentosas incluem \u00e0s vezes os inibidores da acetilcolinesterase (donepezila, rivastigmina) que podem ter um efeito ben\u00e9fico sobre os sintomas comportamentais. Alguns medicamentos utilizados para epilepsia ou depress\u00e3o tamb\u00e9m mostram resultados promissores em casos espec\u00edficos. O importante \u00e9 manter um di\u00e1logo constante com a equipe m\u00e9dica para ajustar o tratamento conforme a evolu\u00e7\u00e3o dos sintomas.<\/pee>\n<div class=\"tip-box\">\n                <span class=\"tip-box-label\">Acompanhamento m\u00e9dico<\/span>\n                <pee>Documente cuidadosamente os efeitos dos tratamentos: frequ\u00eancia das alucina\u00e7\u00f5es, n\u00edvel de agita\u00e7\u00e3o, qualidade do sono, apetite. Essas informa\u00e7\u00f5es orientam os ajustes terap\u00eauticos.<\/pee>\n            <\/div>\n<h2>9. Abordagens n\u00e3o medicamentosas e terapias alternativas<\/h2>\n<pee>A estimula\u00e7\u00e3o cognitiva personalizada representa uma abordagem promissora na gest\u00e3o das alucina\u00e7\u00f5es associadas \u00e0 doen\u00e7a de Alzheimer. <a href=\"https:\/\/www.dynseo.com\/pt-pt\/coco-pensa-e-coco-se-mexe\/\">Os programas COCO PENSA e COCO SE MEXE da DYNSEO<\/a> oferecem atividades cognitivas adaptadas que mant\u00eam o engajamento mental e reduzem os momentos de vulnerabilidade \u00e0s alucina\u00e7\u00f5es. Esses exerc\u00edcios direcionados estimulam as fun\u00e7\u00f5es cerebrais preservadas e proporcionam um sentimento de realiza\u00e7\u00e3o que melhora o humor geral.<\/pee>\n<pee>A musicoterapia demonstra resultados not\u00e1veis no al\u00edvio das pessoas sujeitas a alucina\u00e7\u00f5es. Ouvir m\u00fasicas familiares do passado ativa os circuitos da mem\u00f3ria emocional e proporciona um sentimento de seguran\u00e7a. A pr\u00e1tica de instrumentos simples ou o canto tamb\u00e9m contribuem para a redu\u00e7\u00e3o da ansiedade. Essa abordagem n\u00e3o invasiva pode ser facilmente integrada no cotidiano familiar e oferece momentos de compartilhamento privilegiados.<\/pee>\n<pee>A aromaterapia e a luminoterapia constituem complementos terap\u00eauticos interessantes. Alguns \u00f3leos essenciais (lavanda, camomila) favorecem o relaxamento e podem reduzir a agita\u00e7\u00e3o associada \u00e0s alucina\u00e7\u00f5es. A luminoterapia matinal ajuda a regular os ritmos circadianos e pode diminuir a frequ\u00eancia dos epis\u00f3dios alucinat\u00f3rios no final do dia. Essas abordagens suaves se integram harmoniosamente em uma estrat\u00e9gia global de bem-estar.<\/pee>\n<div class=\"expert-box\">\n                <span class=\"expert-box-label\">Inova\u00e7\u00e3o DYNSEO<\/span><\/p>\n<div class=\"expert-box-title\">Estimula\u00e7\u00e3o cognitiva personalizada<\/div>\n<div class=\"expert-inner\">\n<div class=\"expert-inner-title\">Protocolo anti-alucina\u00e7\u00f5es<\/div>\n<pee><a href=\"https:\/\/www.dynseo.com\/pt-pt\/coco-pensa-e-coco-se-mexe\/\">COCO PENSA prop\u00f5e exerc\u00edcios de percep\u00e7\u00e3o visual<\/a> que refor\u00e7am a interpreta\u00e7\u00e3o correta dos est\u00edmulos sensoriais. Essas atividades l\u00fadicas mant\u00eam a aten\u00e7\u00e3o e reduzem os per\u00edodos de &#8220;vazio cognitivo&#8221; prop\u00edcios \u00e0s alucina\u00e7\u00f5es.<\/pee>\n                <\/div>\n<\/p><\/div>\n<h2>10. Atividades e ocupa\u00e7\u00f5es para prevenir os epis\u00f3dios<\/h2>\n<pee>O envolvimento em atividades significativas constitui uma das melhores preven\u00e7\u00f5es contra as alucina\u00e7\u00f5es. As atividades manuais simples (dobradura, triagem, jardinagem interna) mant\u00eam a aten\u00e7\u00e3o focada e proporcionam uma sensa\u00e7\u00e3o de utilidade. Essas ocupa\u00e7\u00f5es devem ser adaptadas \u00e0s capacidades preservadas da pessoa e ajustadas de acordo com seu n\u00edvel de fadiga. O objetivo n\u00e3o \u00e9 o desempenho, mas o bem-estar e a estimula\u00e7\u00e3o suave dos sentidos.<\/pee>\n<pee>As atividades de reminisc\u00eancia, utilizando fotografias, objetos familiares ou m\u00fasicas do passado, criam um ancoragem emocional positiva que reduz a ansiedade. Esses momentos de compartilhamento refor\u00e7am a identidade da pessoa e mant\u00eam suas conex\u00f5es com a realidade. O uso de \u00e1lbuns de fotos comentados, caixas de recorda\u00e7\u00f5es ou playlists personalizadas transforma essas sess\u00f5es em verdadeiras terapias relacionais.<\/pee>\n<pee>A estrutura\u00e7\u00e3o dos dias com rituais previs\u00edveis oferece um quadro seguro que limita os per\u00edodos de ociosidade. A altern\u00e2ncia entre atividades estimulantes e momentos de descanso, a regularidade das refei\u00e7\u00f5es e dos cuidados criam um ritmo calmante. Essa organiza\u00e7\u00e3o temporal ajuda a pessoa a se localizar no dia e reduz a ansiedade relacionada \u00e0 desorienta\u00e7\u00e3o, fator que favorece as alucina\u00e7\u00f5es.<\/pee>\n<div class=\"conseil-card\">\n<h4>\ud83c\udfa8 Atividades recomendadas<\/h4>\n<pee>Pintura com os dedos, escuta musical, folhea\u00e7\u00e3o de revistas, car\u00edcias em animais de pel\u00facia, observa\u00e7\u00e3o da natureza&#8230; Priorize atividades sensoriais agrad\u00e1veis que ancorem na realidade presente.<\/pee>\n            <\/div>\n<h2>11. Gest\u00e3o de crises e situa\u00e7\u00f5es de emerg\u00eancia<\/h2>\n<pee>Frente a uma alucina\u00e7\u00e3o geradora de p\u00e2nico, sua primeira rea\u00e7\u00e3o determina a evolu\u00e7\u00e3o da situa\u00e7\u00e3o. Mantenha a calma, respire profundamente e aproxime-se lentamente do seu ente querido. Sua serenidade ser\u00e1 transmitida e contribuir\u00e1 para o al\u00edvio geral. Evite gestos bruscos, gritos ou tentativas de conten\u00e7\u00e3o f\u00edsica que apenas amplificariam a ang\u00fastia. Sua presen\u00e7a tranquilizadora costuma ser o melhor dos al\u00edvios.<\/pee>\n<pee>A t\u00e9cnica da &#8220;divers\u00e3o suave&#8221; se mostra particularmente eficaz durante crises alucinat\u00f3rias. Proponha uma mudan\u00e7a de ambiente (&#8220;Venha, estaremos melhor na cozinha&#8221;), uma atividade agrad\u00e1vel (&#8220;Voc\u00ea quer beber algo?&#8221;) ou direcione a aten\u00e7\u00e3o para um est\u00edmulo positivo (m\u00fasica, fotografia, animal de estima\u00e7\u00e3o). Essa redire\u00e7\u00e3o natural permite sair do c\u00edrculo da alucina\u00e7\u00e3o sem confronto direto.<\/pee>\n<pee>Se a agita\u00e7\u00e3o persistir apesar de seus esfor\u00e7os, n\u00e3o hesite em contatar os servi\u00e7os de emerg\u00eancia ou o m\u00e9dico respons\u00e1vel. Prepare com anteced\u00eancia um kit de emerg\u00eancia contendo os contatos m\u00e9dicos, a lista de tratamentos e as t\u00e9cnicas que costumam funcionar com seu ente querido. Essa antecipa\u00e7\u00e3o permitir\u00e1 que voc\u00ea reaja de forma eficaz mesmo sob o estresse da situa\u00e7\u00e3o de emerg\u00eancia.<\/pee>\n<div class=\"key-points\">\n<h4>Plano de a\u00e7\u00e3o de emerg\u00eancia:<\/h4>\n<ul>\n<li>Manter a calma e falar com uma voz suave<\/li>\n<li>N\u00e3o contradizer nem argumentar<\/li>\n<li>Propor uma distra\u00e7\u00e3o ou uma mudan\u00e7a de local<\/li>\n<li>Assegurar a seguran\u00e7a f\u00edsica (remover objetos perigosos)<\/li>\n<li>Chamar os servi\u00e7os de emerg\u00eancia se necess\u00e1rio<\/li>\n<\/ul><\/div>\n<h2>12. Apoio e recursos para os cuidadores familiares<\/h2>\n<pee>O acompanhamento de uma pessoa sujeita a alucina\u00e7\u00f5es gera um estresse consider\u00e1vel nos cuidadores familiares. \u00c9 crucial reconhecer essa carga emocional e buscar apoio para evitar o esgotamento. Os grupos de apoio especializados no acompanhamento da doen\u00e7a de Alzheimer oferecem um espa\u00e7o de troca com outras fam\u00edlias que vivem situa\u00e7\u00f5es semelhantes. Esse compartilhamento de experi\u00eancias \u00e9 frequentemente terap\u00eautico e permite descobrir novas estrat\u00e9gias de adapta\u00e7\u00e3o.<\/pee>\n<pee>Os servi\u00e7os de descanso, sejam em casa ou em acolhimento diurno, constituem um recurso valioso para as fam\u00edlias. Esses momentos de pausa permitem que o cuidador se recupere f\u00edsica e psicologicamente, mantenha suas atividades pessoais e sociais. Essa preserva\u00e7\u00e3o do bem-estar do cuidador beneficia indiretamente a pessoa doente, que aproveita um acompanhamento de melhor qualidade.<\/pee>\n<pee>As forma\u00e7\u00f5es destinadas aos cuidadores, oferecidas pelas associa\u00e7\u00f5es de Alzheimer ou pelos estabelecimentos de sa\u00fade, fornecem ferramentas concretas para gerenciar situa\u00e7\u00f5es dif\u00edceis. Essas sess\u00f5es de aprendizado cobrem t\u00e9cnicas de comunica\u00e7\u00e3o, gerenciamento do estresse, adapta\u00e7\u00e3o do lar e recursos jur\u00eddicos. Esse aumento de compet\u00eancias refor\u00e7a a confian\u00e7a dos cuidadores e melhora significativamente sua capacidade de acompanhamento.<\/pee>\n<div class=\"tip-box\">\n                <span class=\"tip-box-label\">Recursos \u00fateis<\/span>\n                <pee>Fran\u00e7a Alzheimer, Plataforma de acompanhamento e de descanso, servi\u00e7os sociais do CCAS, consultas de mem\u00f3ria hospitalares. N\u00e3o hesite em solicitar esses recursos especializados.<\/pee>\n            <\/div>\n<h2>13. Evolu\u00e7\u00e3o das alucina\u00e7\u00f5es segundo os est\u00e1gios da doen\u00e7a<\/h2>\n<pee>No est\u00e1gio leve da doen\u00e7a de Alzheimer, as alucina\u00e7\u00f5es permanecem geralmente discretas e intermitentes. A pessoa ainda pode manter uma certa consci\u00eancia de seu car\u00e1ter incomum e relat\u00e1-las ao seu entorno. Este per\u00edodo representa uma oportunidade privilegiada para implementar estrat\u00e9gias preventivas e educativas. A adapta\u00e7\u00e3o do ambiente e o aprendizado de t\u00e9cnicas de gest\u00e3o podem retardar significativamente a agravamento dos sintomas alucinat\u00f3rios.<\/pee>\n<pee>O est\u00e1gio moderado marca frequentemente uma intensifica\u00e7\u00e3o das alucina\u00e7\u00f5es, particularmente visuais e auditivas. A pessoa perde progressivamente sua capacidade de distinguir o real do irreal, tornando os epis\u00f3dios mais frequentes e perturbadores. \u00c9 geralmente neste est\u00e1gio que as fam\u00edlias consultam pela primeira vez sobre esses sintomas. O acompanhamento torna-se mais complexo, mas continua sendo muito ben\u00e9fico com abordagens adequadas.<\/pee>\n<pee>No est\u00e1gio avan\u00e7ado, as alucina\u00e7\u00f5es podem paradoxalmente diminuir em frequ\u00eancia devido \u00e0 redu\u00e7\u00e3o global da atividade cerebral. No entanto, quando ocorrem, podem ser mais intensas e dif\u00edceis de gerenciar. A abordagem privilegia ent\u00e3o o conforto e o acalento em vez da corre\u00e7\u00e3o das percep\u00e7\u00f5es. Esta evolu\u00e7\u00e3o natural ajuda as fam\u00edlias a adaptar suas expectativas e suas estrat\u00e9gias de acompanhamento.<\/pee>\n<div class=\"expert-box\">\n                <span class=\"expert-box-label\">Evolu\u00e7\u00e3o cl\u00ednica<\/span><\/p>\n<div class=\"expert-box-title\">Trajet\u00f3ria das alucina\u00e7\u00f5es<\/div>\n<div class=\"expert-inner\">\n<div class=\"expert-inner-title\">Curva de intensidade conforme os est\u00e1gios<\/div>\n<pee>Est\u00e1gio leve: 15% de preval\u00eancia, alucina\u00e7\u00f5es simples. Est\u00e1gio moderado: 45% de preval\u00eancia, alucina\u00e7\u00f5es complexas. Est\u00e1gio severo: 30% de preval\u00eancia, alucina\u00e7\u00f5es flutuantes. Este conhecimento orienta a adapta\u00e7\u00e3o das estrat\u00e9gias de acompanhamento.<\/pee>\n                <\/div>\n<\/p><\/div>\n<h2>14. Depoimentos e retornos de experi\u00eancia das fam\u00edlias<\/h2>\n<pee>Maria, 68 anos, acompanha seu esposo Fernando h\u00e1 5 anos: &#8220;No in\u00edcio, eu tentava convenc\u00ea-lo quando ele via sua m\u00e3e na sala. Isso gerava discuss\u00f5es terr\u00edveis. Desde que aprendi a validar suas emo\u00e7\u00f5es sem negar suas percep\u00e7\u00f5es, nossa rela\u00e7\u00e3o se acalmou. Agora eu digo a ele: &#8216;Sua mam\u00e3e est\u00e1 com saudades&#8217; e n\u00f3s olhamos juntos suas fotos. Esses momentos se tornaram preciosos.&#8221; Este depoimento ilustra a import\u00e2ncia da adapta\u00e7\u00e3o familiar na gest\u00e3o das alucina\u00e7\u00f5es.<\/pee>\n<pee>Jo\u00e3o-Cl\u00e1udio, filho cuidador, compartilha sua experi\u00eancia: &#8220;Minha m\u00e3e ouvia frequentemente crian\u00e7as brincando em seu quarto \u00e0 noite. Em vez de explicar que isso era imposs\u00edvel, eu instalei uma pequena luz noturna musical que toca can\u00e7\u00f5es de ninar suaves. Essas &#8216;crian\u00e7as&#8217; se tornaram menos perturbadoras e ela dorme melhor. \u00c0s vezes, as solu\u00e7\u00f5es simples s\u00e3o as mais eficazes.&#8221; Esta abordagem criativa mostra como a adapta\u00e7\u00e3o ambiental pode transformar um problema em solu\u00e7\u00e3o.<\/pee>\n<pee>S\u00edlvia, psic\u00f3loga especializada, observa: &#8220;As fam\u00edlias que t\u00eam mais sucesso no acompanhamento das alucina\u00e7\u00f5es s\u00e3o aquelas que abandonam a luta contra o sintoma para entrar no acompanhamento da pessoa. Elas transformam cada epis\u00f3dio em uma oportunidade de conex\u00e3o e reassuran\u00e7a. Essa postura muda tudo: para a pessoa doente como para seus familiares.&#8221; Esta expertise profissional confirma a efic\u00e1cia das abordagens benevolentes.<\/pee>\n<div class=\"conseil-card\">\n<h4>\ud83d\udc9d Depoimento inspirador<\/h4>\n<pee>&#8220;Aprendemos a ver as alucina\u00e7\u00f5es do papai n\u00e3o como obst\u00e1culos, mas como janelas para seu mundo interior. Isso nos aproximou de uma maneira inesperada.&#8221; &#8211; Fam\u00edlia Martin, usu\u00e1ria COCO PENSA<\/pee>\n            <\/div>\n<h2>15. Perspectivas futuras e inova\u00e7\u00f5es no acompanhamento<\/h2>\n<pee>A pesquisa moderna explora caminhos inovadores para entender e gerenciar melhor as alucina\u00e7\u00f5es alzheimerianas. As tecnologias de realidade virtual come\u00e7am a mostrar resultados promissores ao criar ambientes controlados que podem reduzir a ansiedade associada \u00e0s alucina\u00e7\u00f5es. Essas ferramentas permitem criar espa\u00e7os tranquilizadores e familiares que contrabalan\u00e7am as percep\u00e7\u00f5es perturbadoras. As aplica\u00e7\u00f5es de estimula\u00e7\u00e3o cognitiva como <a href=\"https:\/\/www.dynseo.com\/pt-pt\/coco-pensa-e-coco-se-mexe\/\">COCO PENSA e COCO SE MEXE<\/a> j\u00e1 integram algumas dessas inova\u00e7\u00f5es tecnol\u00f3gicas.<\/pee>\n<pee>A intelig\u00eancia artificial abre perspectivas fascinantes na previs\u00e3o e preven\u00e7\u00e3o de epis\u00f3dios alucinat\u00f3rios. Sistemas de monitoramento n\u00e3o invasivos podem detectar sinais precursores (mudan\u00e7as na frequ\u00eancia card\u00edaca, na respira\u00e7\u00e3o, na atividade) e acionar interven\u00e7\u00f5es preventivas automatizadas. Essa abordagem preditiva pode revolucionar o acompanhamento, transformando a gest\u00e3o reativa em preven\u00e7\u00e3o proativa.<\/pee>\n<pee>As terapias g\u00eanicas e os tratamentos que visam especificamente os mecanismos neurobiol\u00f3gicos das alucina\u00e7\u00f5es est\u00e3o sendo objeto de pesquisas intensivas. Embora ainda experimentais, essas abordagens trazem esperan\u00e7a de tratamentos mais eficazes e melhor tolerados nos pr\u00f3ximos anos. Enquanto aguardamos essas inova\u00e7\u00f5es, a otimiza\u00e7\u00e3o das estrat\u00e9gias atuais de acompanhamento continua sendo a chave para uma melhor qualidade de vida para as pessoas afetadas e suas fam\u00edlias.<\/pee>\n<div class=\"expert-box\">\n                <span class=\"expert-box-label\">Inova\u00e7\u00e3o DYNSEO 2026<\/span><\/p>\n<div class=\"expert-box-title\">Tecnologia preditiva<\/div>\n<div class=\"expert-inner\">\n<div class=\"expert-inner-title\">M\u00f3dulo anti-alucina\u00e7\u00f5es<\/div>\n<pee>Nossa nova vers\u00e3o integra algoritmos de detec\u00e7\u00e3o precoce de estados prop\u00edcios \u00e0s alucina\u00e7\u00f5es. O sistema prop\u00f5e automaticamente atividades tranquilizadoras adaptadas ao perfil de cada usu\u00e1rio, revolucionando o acompanhamento preventivo.<\/pee>\n                <\/div>\n<\/p><\/div>\n<div class=\"faq-list\">\n<h2>Perguntas frequentes sobre alucina\u00e7\u00f5es na doen\u00e7a de Alzheimer<\/h2>\n<div class=\"faq-item\">\n<div class=\"faq-q\">\n                        <span>As alucina\u00e7\u00f5es significam que a doen\u00e7a est\u00e1 piorando rapidamente?<\/span><br \/>\n                        <span class=\"faq-icon\">+<\/span>\n                    <\/div>\n<div class=\"faq-a\">\n                        <pee>N\u00e3o, as alucina\u00e7\u00f5es n\u00e3o significam necessariamente uma piora r\u00e1pida da doen\u00e7a. Elas podem aparecer em diferentes est\u00e1gios e est\u00e3o mais relacionadas a \u00e1reas cerebrais espec\u00edficas afetadas pela doen\u00e7a. Sua presen\u00e7a indica a necessidade de adaptar o acompanhamento, mas n\u00e3o prev\u00ea a evolu\u00e7\u00e3o geral da doen\u00e7a.<\/pee>\n                    <\/div>\n<\/p><\/div>\n<div class=\"faq-item\">\n<div class=\"faq-q\">\n                        <span>Devo sempre corrigir meu ente querido quando ele alucina?<\/span><br \/>\n                        <span class=\"faq-icon\">+<\/span>\n                    <\/div>\n<div class=\"faq-a\">\n                        <pee>Geralmente, n\u00e3o \u00e9 recomend\u00e1vel corrigir ou negar as alucina\u00e7\u00f5es. Essa abordagem pode criar agita\u00e7\u00e3o e deteriorar seu relacionamento. Priorize a valida\u00e7\u00e3o das emo\u00e7\u00f5es (&#8220;Vejo que isso te preocupa&#8221;) e a redire\u00e7\u00e3o suave para atividades calmantes. O objetivo \u00e9 o conforto da pessoa, n\u00e3o a corre\u00e7\u00e3o de suas percep\u00e7\u00f5es.<\/pee>\n                    <\/div>\n<\/p><\/div>\n<div class=\"faq-item\">\n<div class=\"faq-q\">\n                        <span>As alucina\u00e7\u00f5es s\u00e3o sempre perturbadoras para a pessoa?<\/span><br \/>\n                        <span class=\"faq-icon\">+<\/span>\n                    <\/div>\n<div class=\"faq-a\">\n                        <pee>N\u00e3o, nem todas as alucina\u00e7\u00f5es s\u00e3o perturbadoras. Algumas podem at\u00e9 ser agrad\u00e1veis (ver entes queridos falecidos, ouvir uma m\u00fasica amada). N\u00e3o \u00e9 necess\u00e1rio intervir se a alucina\u00e7\u00e3o n\u00e3o causar ang\u00fastia ou comportamento perigoso. A interven\u00e7\u00e3o se torna necess\u00e1ria apenas se gerar medo, agita\u00e7\u00e3o ou risco \u00e0 seguran\u00e7a.<\/pee>\n                    <\/div>\n<\/p><\/div>\n<div class=\"faq-item\">\n<div class=\"faq-q\">\n                        <span>Como distinguir alucina\u00e7\u00e3o e confus\u00e3o normal da doen\u00e7a de Alzheimer?<\/span><br \/>\n                        <span class=\"faq-icon\">+<\/span>\n                    <\/div>\n<div class=\"faq-a\">\n                        <pee>A alucina\u00e7\u00e3o envolve uma percep\u00e7\u00e3o sensorial sem est\u00edmulo real (ver, ouvir algo que n\u00e3o existe), enquanto a confus\u00e3o diz respeito \u00e0 desorienta\u00e7\u00e3o temporal ou espacial. Uma pessoa pode alucinar enquanto est\u00e1 orientada, ou estar confusa sem alucinar. Os dois sintomas podem coexistir e necessitam de abordagens de acompanhamento diferentes, mas complementares.<\/pee>\n                    <\/div>\n<\/p><\/div>\n<div class=\"faq-item\">\n<div class=\"faq-q\">\n                        <span>Os medicamentos s\u00e3o sempre necess\u00e1rios para tratar as alucina\u00e7\u00f5es?<\/span><br \/>\n                        <span class=\"faq-icon\">+<\/span>\n                    <\/div>\n<div class=\"faq-a\">\n                        <pee>Os medicamentos n\u00e3o s\u00e3o sistematicamente necess\u00e1rios. As abordagens n\u00e3o medicamentosas (adequa\u00e7\u00e3o ambiental, t\u00e9cnicas de comunica\u00e7\u00e3o, atividades adaptadas) s\u00e3o frequentemente suficientes. Os medicamentos s\u00e3o reservados para situa\u00e7\u00f5es em que as alucina\u00e7\u00f5es geram ang\u00fastia significativa ou comportamentos perigosos, e sempre sob estrito controle m\u00e9dico devido aos potenciais efeitos colaterais.<\/pee>\n                    <\/div>\n<\/p><\/div>\n<\/p><\/div>\n<div class=\"cta-box\">\n<h3>Acompanhe seu ente querido com DYNSEO<\/h3>\n<pee>Descubra nossas solu\u00e7\u00f5es de estimula\u00e7\u00e3o cognitiva personalizadas para melhorar o cotidiano das pessoas com doen\u00e7a de Alzheimer e apoiar suas fam\u00edlias nesta prova.<\/pee>\n<div class=\"cta-buttons\">\n                    <a href=\"https:\/\/www.dynseo.com\/pt-pt\/coco-pensa-e-coco-se-mexe\/\" class=\"btn-white\">Experimente COCO PENSA &#038; SE MEXE<\/a><br \/>\n                    <a href=\"https:\/\/www.dynseo.com\/pt-pt\/contact\/\" class=\"btn-outline\">Ser acompanhado<\/a>\n                <\/div>\n<\/p><\/div>\n<div class=\"article-tags\">\n                <a href=\"https:\/\/www.dynseo.com\/tag\/alzheimer\/\" class=\"article-tag\">Alzheimer<\/a><br \/>\n                <a href=\"https:\/\/www.dynseo.com\/tag\/hallucinations\/\" class=\"article-tag\">Alucina\u00e7\u00f5es<\/a><br \/>\n                <a href=\"https:\/\/www.dynseo.com\/tag\/aidants\/\" class=\"article-tag\">Cuidadores<\/a><br \/>\n                <a href=\"https:\/\/www.dynseo.com\/tag\/accompagnement\/\" class=\"article-tag\">Acompanhamento<\/a><br \/>\n                <a href=\"https:\/\/www.dynseo.com\/tag\/famille\/\" class=\"article-tag\">Fam\u00edlia<\/a><br \/>\n                <a href=\"\/?tag=neurodegeneratives\" class=\"article-tag\">Doen\u00e7as neurodegenerativas<\/a><br \/>\n                <a href=\"https:\/\/www.dynseo.com\/tag\/stimulation-cognitive\/\" class=\"article-tag\">Estimula\u00e7\u00e3o cognitiva<\/a><br \/>\n                <a href=\"https:\/\/www.dynseo.com\/tag\/communication\/\" class=\"article-tag\">Comunica\u00e7\u00e3o<\/a>\n            <\/div>\n<\/p><\/div>\n<\/p><\/div>\n<p>[\/et_pb_code][\/et_pb_column][\/et_pb_row][\/et_pb_section]<\/p>\n","protected":false},"excerpt":{"rendered":"","protected":false},"author":4,"featured_media":100690,"comment_status":"closed","ping_status":"closed","sticky":false,"template":"","format":"standard","meta":{"_et_pb_use_builder":"on","_et_pb_old_content":"[et_pb_section fb_built=\"1\" _builder_version=\"4.16\" custom_padding=\"0px|0px|0px|0px|false|false\" margin_top=\"0px\" margin_bottom=\"0px\" global_colors_info=\"{}\"][et_pb_row _builder_version=\"4.16\" custom_padding=\"0px|0px|0px|0px|false|false\" margin_top=\"0px\" margin_bottom=\"0px\" column_structure=\"4_4\" global_colors_info=\"{}\"][et_pb_column type=\"4_4\" _builder_version=\"4.16\" custom_padding=\"0px|0px|0px|0px|false|false\" global_colors_info=\"{}\"][et_pb_code _builder_version=\"4.16\" custom_padding=\"0px|0px|0px|0px|false|false\" global_colors_info=\"{}\"]<style>\n        :root {\n            --primary: #5e5ed7;\n            --primary-dark: #5268c9;\n            --secondary: #a9e2e4;\n            --accent: #ffeca7;\n            --danger: #e73469;\n            --white: #ffffff;\n            --gray-light: #f8f9fa;\n            --gray-medium: #6c757d;\n            --gray-dark: #343a40;\n        }\n\n        * {\n            margin: 0;\n            padding: 0;\n            box-sizing: border-box;\n        }\n\n        body {\n            font-family: 'Poppins', sans-serif;\n            line-height: 1.6;\n            color: var(--gray-dark);\n            background: var(--white);\n        }\n\n        .article-hero {\n            background: linear-gradient(135deg, var(--primary) 0%, var(--primary-dark) 100%);\n            color: var(--white);\n            padding: 80px 0 120px;\n            position: relative;\n        }\n\n        .article-hero-inner {\n            max-width: 1200px;\n            margin: 0 auto;\n            padding: 0 20px;\n        }\n\n        .article-breadcrumb {\n            font-size: 14px;\n            margin-bottom: 20px;\n            opacity: 0.8;\n        }\n\n        .article-breadcrumb a {\n            color: var(--white);\n            text-decoration: none;\n        }\n\n        .article-category {\n            display: inline-block;\n            background: var(--secondary);\n            color: var(--gray-dark);\n            padding: 8px 16px;\n            border-radius: 25px;\n            font-size: 14px;\n            font-weight: 600;\n            margin-bottom: 30px;\n        }\n\n        .article-hero h1 {\n            font-family: 'Montserrat', sans-serif;\n            font-size: 3.2em;\n            font-weight: 700;\n            line-height: 1.2;\n            margin-bottom: 30px;\n        }\n\n        .hl {\n            color: var(--accent);\n        }\n\n        .article-meta {\n            display: flex;\n            gap: 30px;\n            flex-wrap: wrap;\n            align-items: center;\n            margin-bottom: 30px;\n        }\n\n        .article-meta span {\n            display: flex;\n            align-items: center;\n            gap: 8px;\n            font-size: 14px;\n            opacity: 0.9;\n        }\n\n        .stars {\n            display: flex;\n            gap: 5px;\n            align-items: center;\n        }\n\n        .stars::before {\n            content: \"\u2b50\u2b50\u2b50\u2b50\u2b50\";\n            margin-right: 8px;\n        }\n\n        .article-hero-curve {\n            position: absolute;\n            bottom: 0;\n            left: 0;\n            width: 100%;\n            height: 60px;\n            background: var(--white);\n            clip-path: polygon(0 100%, 100% 100%, 100% 0);\n        }\n\n        .article-body {\n            padding: 60px 0;\n        }\n\n        .container {\n            max-width: 1200px;\n            margin: 0 auto;\n            padding: 0 20px;\n        }\n\n        .intro-block {\n            font-size: 1.2em;\n            line-height: 1.8;\n            color: var(--gray-medium);\n            margin-bottom: 60px;\n            text-align: center;\n            max-width: 900px;\n            margin-left: auto;\n            margin-right: auto;\n        }\n\n        .stats-grid {\n            display: grid;\n            grid-template-columns: repeat(auto-fit, minmax(250px, 1fr));\n            gap: 30px;\n            margin: 60px 0;\n        }\n\n        .stat-card {\n            background: var(--gray-light);\n            padding: 40px 30px;\n            border-radius: 15px;\n            text-align: center;\n            border: 3px solid transparent;\n            transition: all 0.3s ease;\n        }\n\n        .stat-card:hover {\n            border-color: var(--primary);\n            transform: translateY(-5px);\n        }\n\n        .stat-card .number {\n            font-family: 'Montserrat', sans-serif;\n            font-size: 3em;\n            font-weight: 700;\n            color: var(--primary);\n            margin-bottom: 10px;\n            display: block;\n        }\n\n        .stat-card .label {\n            font-size: 1.1em;\n            font-weight: 500;\n            color: var(--gray-dark);\n        }\n\n        h2 {\n            font-family: 'Montserrat', sans-serif;\n            font-size: 2.5em;\n            font-weight: 700;\n            color: var(--gray-dark);\n            margin: 80px 0 30px;\n            line-height: 1.3;\n        }\n\n        h3 {\n            font-family: 'Montserrat', sans-serif;\n            font-size: 1.8em;\n            font-weight: 600;\n            color: var(--primary);\n            margin: 40px 0 20px;\n        }\n\n        p {\n            font-size: 1.1em;\n            line-height: 1.8;\n            margin-bottom: 20px;\n            text-align: justify;\n        }\n\n        .conseil-card {\n            background: linear-gradient(135deg, var(--secondary) 0%, rgba(169, 226, 228, 0.3) 100%);\n            border-left: 5px solid var(--primary);\n            padding: 30px;\n            margin: 30px 0;\n            border-radius: 10px;\n        }\n\n        .conseil-card h4 {\n            font-family: 'Montserrat', sans-serif;\n            font-size: 1.3em;\n            font-weight: 600;\n            color: var(--primary-dark);\n            margin-bottom: 15px;\n        }\n\n        .key-points {\n            background: var(--gray-light);\n            padding: 30px;\n            border-radius: 15px;\n            margin: 30px 0;\n        }\n\n        .key-points h4 {\n            font-family: 'Montserrat', sans-serif;\n            font-size: 1.4em;\n            font-weight: 600;\n            color: var(--primary);\n            margin-bottom: 20px;\n        }\n\n        .key-points ul {\n            list-style: none;\n            padding: 0;\n        }\n\n        .key-points li {\n            padding: 10px 0;\n            border-bottom: 1px solid #e0e0e0;\n            position: relative;\n            padding-left: 30px;\n        }\n\n        .key-points li:before {\n            content: \"\u2713\";\n            color: var(--primary);\n            font-weight: bold;\n            position: absolute;\n            left: 0;\n        }\n\n        .tip-box {\n            background: linear-gradient(135deg, var(--accent) 0%, rgba(255, 236, 167, 0.3) 100%);\n            border: 2px solid var(--accent);\n            border-radius: 15px;\n            padding: 25px;\n            margin: 30px 0;\n            position: relative;\n        }\n\n        .tip-box-label {\n            background: var(--primary);\n            color: var(--white);\n            padding: 5px 15px;\n            border-radius: 20px;\n            font-size: 0.9em;\n            font-weight: 600;\n            position: absolute;\n            top: -12px;\n            left: 20px;\n        }\n\n        .expert-box {\n            background: linear-gradient(135deg, var(--primary) 0%, var(--primary-dark) 100%);\n            color: var(--white);\n            border-radius: 20px;\n            padding: 40px;\n            margin: 50px 0;\n            position: relative;\n        }\n\n        .expert-box-label {\n            background: var(--accent);\n            color: var(--gray-dark);\n            padding: 8px 20px;\n            border-radius: 25px;\n            font-size: 0.9em;\n            font-weight: 600;\n            position: absolute;\n            top: -15px;\n            left: 30px;\n        }\n\n        .expert-box-title {\n            font-family: 'Montserrat', sans-serif;\n            font-size: 1.6em;\n            font-weight: 700;\n            margin-bottom: 20px;\n            color: var(--accent);\n        }\n\n        .expert-inner {\n            background: rgba(255, 255, 255, 0.1);\n            border-radius: 15px;\n            padding: 25px;\n            margin-top: 20px;\n        }\n\n        .expert-inner-title {\n            font-family: 'Montserrat', sans-serif;\n            font-size: 1.3em;\n            font-weight: 600;\n            margin-bottom: 15px;\n            color: var(--white);\n        }\n\n        .faq-list {\n            margin: 60px 0;\n        }\n\n        .faq-item {\n            border: 2px solid var(--gray-light);\n            border-radius: 15px;\n            margin-bottom: 20px;\n            overflow: hidden;\n            transition: all 0.3s ease;\n        }\n\n        .faq-item.open {\n            border-color: var(--primary);\n        }\n\n        .faq-q {\n            background: var(--gray-light);\n            padding: 25px;\n            cursor: pointer;\n            display: flex;\n            justify-content: space-between;\n            align-items: center;\n            font-weight: 600;\n            color: var(--gray-dark);\n            transition: all 0.3s ease;\n        }\n\n        .faq-q:hover {\n            background: var(--secondary);\n        }\n\n        .faq-icon {\n            background: var(--primary);\n            color: var(--white);\n            width: 30px;\n            height: 30px;\n            border-radius: 50%;\n            display: flex;\n            align-items: center;\n            justify-content: center;\n            font-weight: bold;\n            transition: transform 0.3s ease;\n        }\n\n        .faq-item.open .faq-icon {\n            transform: rotate(45deg);\n        }\n\n        .faq-a {\n            padding: 0 25px;\n            max-height: 0;\n            overflow: hidden;\n            transition: all 0.3s ease;\n        }\n\n        .faq-item.open .faq-a {\n            padding: 25px;\n            max-height: 1000px;\n        }\n\n        .cta-box {\n            background: linear-gradient(135deg, var(--primary) 0%, var(--primary-dark) 100%);\n            color: var(--white);\n            text-align: center;\n            padding: 60px 40px;\n            border-radius: 20px;\n            margin: 60px 0;\n        }\n\n        .cta-box h3 {\n            font-family: 'Montserrat', sans-serif;\n            font-size: 2.2em;\n            font-weight: 700;\n            color: var(--white);\n            margin-bottom: 20px;\n        }\n\n        .cta-box p {\n            font-size: 1.2em;\n            margin-bottom: 40px;\n            opacity: 0.9;\n        }\n\n        .cta-buttons {\n            display: flex;\n            gap: 20px;\n            justify-content: center;\n            flex-wrap: wrap;\n        }\n\n        .btn-white {\n            background: var(--white);\n            color: var(--primary);\n            padding: 15px 30px;\n            border: none;\n            border-radius: 50px;\n            font-weight: 600;\n            text-decoration: none;\n            transition: all 0.3s ease;\n            display: inline-flex;\n            align-items: center;\n            gap: 10px;\n        }\n\n        .btn-white:hover {\n            background: var(--accent);\n            transform: translateY(-3px);\n        }\n\n        .btn-outline {\n            background: transparent;\n            color: var(--white);\n            padding: 15px 30px;\n            border: 2px solid var(--white);\n            border-radius: 50px;\n            font-weight: 600;\n            text-decoration: none;\n            transition: all 0.3s ease;\n            display: inline-flex;\n            align-items: center;\n            gap: 10px;\n        }\n\n        .btn-outline:hover {\n            background: var(--white);\n            color: var(--primary);\n            transform: translateY(-3px);\n        }\n\n        .article-tags {\n            display: flex;\n            flex-wrap: wrap;\n            gap: 15px;\n            margin-top: 60px;\n            padding-top: 40px;\n            border-top: 2px solid var(--gray-light);\n        }\n\n        .article-tag {\n            background: var(--secondary);\n            color: var(--gray-dark);\n            padding: 10px 20px;\n            border-radius: 25px;\n            text-decoration: none;\n            font-weight: 500;\n            font-size: 0.95em;\n            transition: all 0.3s ease;\n        }\n\n        .article-tag:hover {\n            background: var(--primary);\n            color: var(--white);\n        }\n\n        @media (max-width: 768px) {\n            .article-hero h1 {\n                font-size: 2.2em;\n            }\n\n            h2 {\n                font-size: 2em;\n            }\n\n            .article-meta {\n                flex-direction: column;\n                gap: 15px;\n                align-items: flex-start;\n            }\n\n            .cta-buttons {\n                flex-direction: column;\n                align-items: center;\n            }\n\n            .stats-grid {\n                grid-template-columns: 1fr;\n            }\n        }\n    <\/style>\n<script>\n        document.querySelectorAll('.faq-q').forEach(function(button) {\n            button.addEventListener('click', function() {\n                button.closest('.faq-item').classList.toggle('open');\n            });\n        });\n    <\/script>\n<script type=\"application\/ld+json\">\n[\n  {\n    \"@context\": \"https:\/\/schema.org\",\n    \"@type\": \"Article\",\n    \"headline\": \"Les hallucinations chez les personnes atteintes de la maladie d'Alzheimer : comprendre et accompagner\",\n    \"description\": \"ions chez les personnes atteintes de la maladie d'Alzheimer : comprendre et accompagner\",\n    \"url\": \"https:\/\/www.dynseo.com\/les-hallucinations-chez-les-personnes-atteintes-de-la-maladie-dalzheimer-comprendre-et-accompagner\/\",\n    \"datePublished\": \"2026-04-07\",\n    \"dateModified\": \"2026-04-07\",\n    \"author\": {\n      \"@type\": \"Organization\",\n      \"name\": \"DYNSEO\",\n      \"url\": \"https:\/\/www.dynseo.com\"\n    },\n    \"publisher\": {\n      \"@type\": \"Organization\",\n      \"name\": \"DYNSEO\",\n      \"url\": \"https:\/\/www.dynseo.com\"\n    },\n    \"aggregateRating\": {\n      \"@type\": \"AggregateRating\",\n      \"ratingValue\": \"4.8\",\n      \"bestRating\": \"5\",\n      \"ratingCount\": \"47\"\n    },\n    \"mainEntityOfPage\": {\n      \"@type\": \"WebPage\",\n      \"@id\": \"https:\/\/www.dynseo.com\/les-hallucinations-chez-les-personnes-atteintes-de-la-maladie-dalzheimer-comprendre-et-accompagner\/\"\n    }\n  },\n  {\n    \"@context\": \"https:\/\/schema.org\",\n    \"@type\": \"WebPage\",\n    \"name\": \"Les hallucinations chez les personnes atteintes de la maladie d'Alzheimer : comprendre et accompagner\",\n    \"url\": \"https:\/\/www.dynseo.com\/les-hallucinations-chez-les-personnes-atteintes-de-la-maladie-dalzheimer-comprendre-et-accompagner\/\",\n    \"breadcrumb\": {\n      \"@type\": \"BreadcrumbList\",\n      \"itemListElement\": [\n        {\n          \"@type\": \"ListItem\",\n          \"position\": 1,\n          \"name\": \"Accueil\",\n          \"item\": \"https:\/\/www.dynseo.com\"\n        },\n        {\n          \"@type\": \"ListItem\",\n          \"position\": 2,\n          \"name\": \"Blog\",\n          \"item\": \"https:\/\/www.dynseo.com\/blog\"\n        },\n        {\n          \"@type\": \"ListItem\",\n          \"position\": 3,\n          \"name\": \"Les hallucinations chez les personnes atteintes de la maladie d'Alzheimer : comprendre et accompagner\",\n          \"item\": \"https:\/\/www.dynseo.com\/les-hallucinations-chez-les-personnes-atteintes-de-la-maladie-dalzheimer-comprendre-et-accompagner\/\"\n        }\n      ]\n    }\n  },\n  {\n    \"@context\": \"https:\/\/schema.org\",\n    \"@type\": \"FAQPage\",\n    \"mainEntity\": [\n      {\n        \"@type\": \"Question\",\n        \"name\": \"Les hallucinations signifient-elles que la maladie s'aggrave rapidement ?\",\n        \"acceptedAnswer\": {\n          \"@type\": \"Answer\",\n          \"text\": \"Les hallucinations ne signifient pas n\u00e9cessairement une aggravation rapide de la maladie d'Alzheimer. Elles peuvent survenir \u00e0 diff\u00e9rents stades et \u00eatre influenc\u00e9es par divers facteurs comme la fatigue, l'environnement ou les m\u00e9dicaments.\"\n        }\n      },\n      {\n        \"@type\": \"Question\",\n        \"name\": \"Dois-je toujours corriger mon proche quand il hallucine ?\",\n        \"acceptedAnswer\": {\n          \"@type\": \"Answer\",\n          \"text\": \"Il n'est pas toujours n\u00e9cessaire de corriger les hallucinations. Si elles ne sont pas d\u00e9rangeantes ou effrayantes pour la personne, il est souvent pr\u00e9f\u00e9rable d'adopter une approche d'accompagnement bienveillant plut\u00f4t que de contradiction syst\u00e9matique.\"\n        }\n      },\n      {\n        \"@type\": \"Question\",\n        \"name\": \"Les hallucinations sont-elles toujours d\u00e9rangeantes pour la personne ?\",\n        \"acceptedAnswer\": {\n          \"@type\": \"Answer\",\n          \"text\": \"Non, toutes les hallucinations ne sont pas d\u00e9rangeantes. Certaines peuvent \u00eatre neutres ou m\u00eame agr\u00e9ables pour la personne. Il est important d'\u00e9valuer l'impact \u00e9motionnel avant d'intervenir.\"\n        }\n      }\n    ]\n  }\n]\n<\/script>\n<link href=\"https:\/\/fonts.googleapis.com\/css2?family=Montserrat:wght@400;600;700&family=Poppins:wght@300;400;500;600&display=swap\" rel=\"stylesheet\">\n\n<section class=\"article-hero\">\n        <div class=\"article-hero-inner\">\n            <nav class=\"article-breadcrumb\">\n                <a href=\"\/\">In\u00edcio<\/a> > <a href=\"\/blog\">Blog<\/a> > <a href=\"\/alzheimer\">Alzheimer<\/a> > As alucina\u00e7\u00f5es em pessoas com a doen\u00e7a de Alzheimer\n            <\/nav>\n            \n            <div class=\"article-category\">Doen\u00e7a de Alzheimer<\/div>\n            \n            <h1>As alucina\u00e7\u00f5es em pessoas com a <span class=\"hl\">doen\u00e7a de Alzheimer<\/span> : compreender e acompanhar<\/h1>\n            \n            <div class=\"article-meta\">\n                <span>\ud83d\udcc5 Abril 2026<\/span>\n                <span>\u23f1\ufe0f 15 min de leitura<\/span>\n                <span>\ud83d\udc65 Fam\u00edlias e cuidadores<\/span>\n                <span class=\"stars\">4.8\/5<\/span>\n            <\/div>\n        <\/div>\n        <div class=\"article-hero-curve\"><\/div>\n    <\/section>\n\n    <div class=\"article-body\">\n        <div class=\"container\">\n<div class=\"intro-block\">\n                As alucina\u00e7\u00f5es representam um dos sintomas mais perturbadores da doen\u00e7a de Alzheimer, afetando quase 40% das pessoas idosas afetadas. Essas manifesta\u00e7\u00f5es, embora desestabilizadoras para as fam\u00edlias, necessitam de uma compreens\u00e3o aprofundada para um acompanhamento adequado. Na DYNSEO, acompanhamos h\u00e1 mais de 10 anos as fam\u00edlias confrontadas com esses desafios complexos. Nossa expertise nos permite oferecer chaves de compreens\u00e3o essenciais e estrat\u00e9gias de acompanhamento eficazes. Este guia completo ajudar\u00e1 voc\u00ea a entender melhor esse fen\u00f4meno e a implementar solu\u00e7\u00f5es concretas para melhorar a qualidade de vida do seu ente querido. Juntos, podemos transformar essa prova em uma oportunidade de fortalecer os la\u00e7os familiares.\n            <\/div>\n\n            <div class=\"stats-grid\">\n                <div class=\"stat-card\">\n                    <span class=\"number\">40%<\/span>\n                    <span class=\"label\">das pessoas com Alzheimer vivem alucina\u00e7\u00f5es<\/span>\n                <\/div>\n                <div class=\"stat-card\">\n                    <span class=\"number\">65%<\/span>\n                    <span class=\"label\">s\u00e3o alucina\u00e7\u00f5es visuais<\/span>\n                <\/div>\n                <div class=\"stat-card\">\n                    <span class=\"number\">25%<\/span>\n                    <span class=\"label\">dizem respeito \u00e0 audi\u00e7\u00e3o<\/span>\n                <\/div>\n                <div class=\"stat-card\">\n                    <span class=\"number\">10%<\/span>\n                    <span class=\"label\">envolvem o olfato ou o toque<\/span>\n                <\/div>\n            <\/div>\n\n            <h2>1. Compreender as alucina\u00e7\u00f5es no contexto da Alzheimer<\/h2>\n            \n            <p>As alucina\u00e7\u00f5es na doen\u00e7a de Alzheimer resultam de disfun\u00e7\u00f5es neurol\u00f3gicas complexas que afetam a percep\u00e7\u00e3o da realidade. Ao contr\u00e1rio do que se pensa, essas manifesta\u00e7\u00f5es n\u00e3o s\u00e3o fruto da imagina\u00e7\u00e3o, mas sim sintomas reais relacionados \u00e0 degenera\u00e7\u00e3o cerebral progressiva. A compreens\u00e3o desse mecanismo \u00e9 fundamental para adotar uma abordagem emp\u00e1tica e eficaz.<\/p>\n\n            <p>O c\u00e9rebro das pessoas idosas afetadas pela Alzheimer sofre modifica\u00e7\u00f5es estruturais importantes, particularmente nas regi\u00f5es respons\u00e1veis pela integra\u00e7\u00e3o sensorial e pela interpreta\u00e7\u00e3o dos est\u00edmulos. Essas altera\u00e7\u00f5es criam \"falsos sinais\" que o c\u00e9rebro interpreta como percep\u00e7\u00f5es reais, dando origem \u00e0s alucina\u00e7\u00f5es. Esta explica\u00e7\u00e3o neurobiol\u00f3gica ajuda as fam\u00edlias a superarem a culpa e a adotarem uma postura de compreens\u00e3o.<\/p>\n\n            <p>O impacto emocional sobre a fam\u00edlia \u00e9 consider\u00e1vel, gerando frequentemente incompreens\u00e3o, medo e sentimento de impot\u00eancia. No entanto, com as informa\u00e7\u00f5es corretas e as estrat\u00e9gias apropriadas, torna-se poss\u00edvel transformar essa prova em uma oportunidade de fortalecimento dos la\u00e7os afetivos. A chave reside na aceita\u00e7\u00e3o do sintoma como parte integrante da doen\u00e7a, n\u00e3o como um fracasso pessoal ou familiar.<\/p>\n\n            <div class=\"conseil-card\">\n                <h4>\ud83d\udca1 Conselho DYNSEO<\/h4>\n                <p>N\u00e3o tente \"racionalizar\" a pessoa ou negar suas percep\u00e7\u00f5es. Valide seu sentimento enquanto a tranquiliza sobre sua seguran\u00e7a. Essa abordagem preserva sua dignidade e mant\u00e9m sua rela\u00e7\u00e3o de confian\u00e7a.<\/p>\n            <\/div>\n<div class=\"key-points\">\n                <h4>Pontos-chave a reter:<\/h4>\n                <ul>\n                    <li>As alucina\u00e7\u00f5es s\u00e3o sintomas neurol\u00f3gicos reais<\/li>\n                    <li>Elas afetam 4 em cada 10 pessoas com Alzheimer<\/li>\n                    <li>Elas n\u00e3o significam uma agravamento s\u00fabito<\/li>\n                    <li>Uma abordagem emp\u00e1tica \u00e9 sempre mais eficaz<\/li>\n                    <li>O apoio familiar faz toda a diferen\u00e7a<\/li>\n                <\/ul>\n            <\/div>\n\n            <h2>2. Os diferentes tipos de alucina\u00e7\u00f5es e suas manifesta\u00e7\u00f5es<\/h2>\n\n            <p>As alucina\u00e7\u00f5es visuais dominam o quadro cl\u00ednico, representando quase 65% dos casos. Elas podem assumir diversas formas: vis\u00e3o de pessoas falecidas, de animais, de objetos inexistentes ou de cenas complexas. Essas manifesta\u00e7\u00f5es ocorrem frequentemente no final do dia, durante a \"confus\u00e3o da noite\" t\u00edpica da doen\u00e7a de Alzheimer. A pessoa pode ver visitantes em seu quarto, crian\u00e7as brincando ou ainda situa\u00e7\u00f5es do passado se repetindo.<\/p>\n\n            <p>As alucina\u00e7\u00f5es auditivas, menos frequentes mas ainda assim significativas, dizem respeito a cerca de 25% dos casos. Elas se caracterizam pela audi\u00e7\u00e3o de vozes, de m\u00fasicas, de conversas ou de ru\u00eddos inexistentes. A pessoa pode ouvir seus entes queridos chamando, pessoas conversando em outra sala ou ainda melodias de seu passado. Essas percep\u00e7\u00f5es auditivas geram frequentemente rea\u00e7\u00f5es de busca ou de resposta que podem parecer incoerentes.<\/p>\n\n            <p>As alucina\u00e7\u00f5es t\u00e1teis e olfativas, embora menos comuns, n\u00e3o s\u00e3o menos perturbadoras. A sensa\u00e7\u00e3o de presen\u00e7a de insetos na pele, de texturas inexistentes ou de cheiros particulares pode criar grande ang\u00fastia. Essas manifesta\u00e7\u00f5es sensoriais complexas requerem aten\u00e7\u00e3o especial, pois podem provocar comportamentos de coceira, de esfregamento ou de evita\u00e7\u00e3o que podem ocasionar ferimentos.<\/p>\n\n            <div class=\"tip-box\">\n                <span class=\"tip-box-label\">Dica pr\u00e1tica<\/span>\n                <p>Mantenha um caderno dos epis\u00f3dios alucinat\u00f3rios anotando a hora, o contexto e o tipo. Essas informa\u00e7\u00f5es valiosas ajudar\u00e3o a equipe m\u00e9dica a adaptar a abordagem.<\/p>\n            <\/div>\n\n            <div class=\"expert-box\">\n                <span class=\"expert-box-label\">Especializa\u00e7\u00e3o DYNSEO<\/span>\n                <div class=\"expert-box-title\">Classifica\u00e7\u00e3o detalhada das alucina\u00e7\u00f5es<\/div>\n                <div class=\"expert-inner\">\n<div class=\"expert-inner-title\">Alucina\u00e7\u00f5es simples vs complexas<\/div>\n                    <p>As alucina\u00e7\u00f5es simples envolvem um \u00fanico sentido e percep\u00e7\u00f5es b\u00e1sicas (luzes, sons). As alucina\u00e7\u00f5es complexas envolvem v\u00e1rios sentidos e criam cen\u00e1rios elaborados, exigindo abordagens de acompanhamento diferenciadas.<\/p>\n                <\/div>\n            <\/div>\n\n            <h2>3. As causas neurol\u00f3gicas e fatores desencadeantes<\/h2>\n\n            <p>A degenera\u00e7\u00e3o dos neur\u00f4nios nas regi\u00f5es temporais e occipitais do c\u00e9rebro constitui a causa principal das alucina\u00e7\u00f5es alzheimerianas. As placas amiloides e os emaranhados neurofibrilares perturbam a transmiss\u00e3o dos sinais nervosos, criando disfun\u00e7\u00f5es na integra\u00e7\u00e3o das informa\u00e7\u00f5es sensoriais. Essa altera\u00e7\u00e3o neurobiol\u00f3gica explica por que as alucina\u00e7\u00f5es n\u00e3o podem ser \"curadas\" pela simples vontade ou explica\u00e7\u00f5es racionais.<\/p>\n\n            <p>Os fatores ambientais tamb\u00e9m desempenham um papel determinante na apari\u00e7\u00e3o dos epis\u00f3dios alucinat\u00f3rios. A baixa luminosidade, as sombras, os reflexos em espelhos ou janelas podem ser interpretados de maneira err\u00f4nea por um c\u00e9rebro j\u00e1 fragilizado. Da mesma forma, os ru\u00eddos de fundo, as conversas distantes ou os sons da televis\u00e3o podem ser transformados em percep\u00e7\u00f5es alucinat\u00f3rias. A compreens\u00e3o desses mecanismos permite adaptar o ambiente para reduzir os fatores desencadeantes.<\/p>\n\n            <p>O estado de fadiga, o estresse, o isolamento social, as infec\u00e7\u00f5es ou certos medicamentos constituem tantos fatores agravantes. A desidrata\u00e7\u00e3o, os dist\u00farbios do sono ou as mudan\u00e7as bruscas de ambiente podem tamb\u00e9m precipitar os epis\u00f3dios. Essa multifatorialidade explica por que uma abordagem global, levando em conta todos esses elementos, se mostra indispens\u00e1vel para uma gest\u00e3o \u00f3tima das alucina\u00e7\u00f5es.<\/p>\n<div class=\"conseil-card\">\n                <h4>\ud83d\udd0d Identifica\u00e7\u00e3o dos fatores desencadeantes<\/h4>\n                <p>Observe atentamente as circunst\u00e2ncias de aparecimento das alucina\u00e7\u00f5es: momento do dia, atividade em curso, ambiente, estado emocional. Esta an\u00e1lise ajudar\u00e1 voc\u00ea a implementar estrat\u00e9gias preventivas eficazes.<\/p>\n            <\/div>\n\n            <h2>4. O impacto emocional sobre a pessoa doente e sua fam\u00edlia<\/h2>\n\n            <p>Para a pessoa afetada pela doen\u00e7a de Alzheimer, as alucina\u00e7\u00f5es geram frequentemente um sofrimento consider\u00e1vel, misturando confus\u00e3o, medo e incompreens\u00e3o. Ela pode se sentir isolada em suas percep\u00e7\u00f5es, incompreendida por seu entorno que nega suas experi\u00eancias sensoriais. Esta situa\u00e7\u00e3o cria um c\u00edrculo vicioso de ansiedade e agita\u00e7\u00e3o que pode comprometer seu bem-estar geral e sua rela\u00e7\u00e3o com seus entes queridos. A preserva\u00e7\u00e3o de sua dignidade e de seu sentimento de seguran\u00e7a torna-se, ent\u00e3o, um desafio importante.<\/p>\n\n            <p>As fam\u00edlias tamb\u00e9m enfrentam emo\u00e7\u00f5es intensas diante das alucina\u00e7\u00f5es de seu ente querido. O sentimento de impot\u00eancia muitas vezes predomina, acompanhado de uma culpa difusa e de um medo de reagir mal. Os cuidadores podem sentir exaust\u00e3o emocional, especialmente quando os epis\u00f3dios se repetem com frequ\u00eancia ou ocorrem \u00e0 noite. Esta carga psicol\u00f3gica requer um apoio apropriado e estrat\u00e9gias para preservar o bem-estar familiar.<\/p>\n\n            <p>A incompreens\u00e3o m\u00fatua pode gradualmente erodir a qualidade da rela\u00e7\u00e3o entre a pessoa doente e seus entes queridos. No entanto, com uma abordagem adequada, esses momentos dif\u00edceis podem se tornar oportunidades para fortalecer os la\u00e7os afetivos. A aceita\u00e7\u00e3o benevolente das percep\u00e7\u00f5es da pessoa, mesmo que err\u00f4neas, mant\u00e9m a comunica\u00e7\u00e3o e preserva sua autoestima. Esta postura emp\u00e1tica transforma a din\u00e2mica familiar e melhora significativamente a qualidade de vida de todos.<\/p>\n<div class=\"key-points\">\n                <h4>Sinais de alerta a serem monitorados:<\/h4>\n                <ul>\n                    <li>Aumento da agita\u00e7\u00e3o ou da ansiedade<\/li>\n                    <li>Recusa de certos lugares ou atividades<\/li>\n                    <li>Dist\u00farbios do sono acentuados<\/li>\n                    <li>Isolamento social crescente<\/li>\n                    <li>Comportamentos repetitivos novos<\/li>\n                <\/ul>\n            <\/div>\n\n            <h2>5. Estrat\u00e9gias de comunica\u00e7\u00e3o adaptadas<\/h2>\n\n            <p>A valida\u00e7\u00e3o terap\u00eautica constitui a abordagem comunicacional mais eficaz diante das alucina\u00e7\u00f5es. Esta t\u00e9cnica consiste em aceitar e validar as emo\u00e7\u00f5es da pessoa sem necessariamente confirmar a realidade de suas percep\u00e7\u00f5es. Por exemplo, se ela v\u00ea crian\u00e7as em seu quarto, em vez de negar sua presen\u00e7a, voc\u00ea pode dizer: \"Essas crian\u00e7as parecem te preocupar, voc\u00ea gostaria que f\u00f4ssemos para a sala?\" Esta abordagem preserva sua dignidade enquanto a direciona para um ambiente mais seguro.<\/p>\n\n            <p>A utiliza\u00e7\u00e3o de uma linguagem simples, tranquilizadora e n\u00e3o confrontadora facilita bastante as trocas. Evite frases complexas, explica\u00e7\u00f5es racionais ou tentativas de \"racioc\u00ednio\". Prefira f\u00f3rmulas curtas, positivas e reconfortantes. Seu tom de voz, seus gestos e sua postura corporal transmitem tantas informa\u00e7\u00f5es quanto suas palavras. Uma abordagem calma e benevolente muitas vezes tem mais impacto do que um longo discurso explicativo.<\/p>\n\n            <p>A distra\u00e7\u00e3o positiva e a redire\u00e7\u00e3o da aten\u00e7\u00e3o representam ferramentas valiosas em seu arsenal comunicacional. Proponha uma atividade agrad\u00e1vel, recorde uma mem\u00f3ria feliz ou direcione seu olhar para algo agrad\u00e1vel. Esta t\u00e9cnica permite tirar a pessoa do epis\u00f3dio alucinat\u00f3rio sem confronto ou nega\u00e7\u00e3o. O objetivo n\u00e3o \u00e9 eliminar a alucina\u00e7\u00e3o, mas reduzir a ansiedade que ela gera e manter um clima de confian\u00e7a.<\/p>\n<div class=\"tip-box\">\n                <span class=\"tip-box-label\">T\u00e9cnica de valida\u00e7\u00e3o<\/span>\n                <p>\"Eu vejo que isso te preocupa\" ou \"Voc\u00ea parece preocupado(a)\" s\u00e3o f\u00f3rmulas que validam a emo\u00e7\u00e3o sem confirmar a alucina\u00e7\u00e3o. Essa abordagem mant\u00e9m o v\u00ednculo enquanto acalma a pessoa.<\/p>\n            <\/div>\n\n            <h2>6. Arranjo do ambiente para reduzir as alucina\u00e7\u00f5es<\/h2>\n\n            <p>A otimiza\u00e7\u00e3o da ilumina\u00e7\u00e3o constitui uma das interven\u00e7\u00f5es ambientais mais eficazes. Uma ilumina\u00e7\u00e3o uniforme e suficiente reduz consideravelmente as sombras e as \u00e1reas de escurid\u00e3o propensas a interpreta\u00e7\u00f5es err\u00f4neas. Priorize a luz natural durante o dia e mantenha uma ilumina\u00e7\u00e3o suave, mas constante \u00e0 noite. Evite ilumina\u00e7\u00f5es muito contrastantes que criam jogos de sombras que podem ser fonte de alucina\u00e7\u00f5es visuais. A instala\u00e7\u00e3o de luzes noturnas nos corredores e no banheiro garante a seguran\u00e7a dos deslocamentos noturnos.<\/p>\n\n            <p>A gest\u00e3o das superf\u00edcies refletoras merece aten\u00e7\u00e3o especial. Espelhos, vidros e superf\u00edcies brilhantes podem gerar reflexos interpretados como presen\u00e7as por uma pessoa com Alzheimer. Considere a remo\u00e7\u00e3o ou a cobertura tempor\u00e1ria de grandes espelhos, particularmente \u00e0 noite. Substitua-os eventualmente por quadros ou fotografias tranquilizadoras que criem uma atmosfera mais segura e familiar.<\/p>\n\n            <p>A redu\u00e7\u00e3o das estimula\u00e7\u00f5es auditivas excessivas melhora significativamente o ambiente sensorial. Limite os ru\u00eddos de fundo, diminua o volume da televis\u00e3o e evite a sobreposi\u00e7\u00e3o de v\u00e1rias fontes sonoras. Conversas distantes ou sons indistintos podem ser transformados em alucina\u00e7\u00f5es auditivas. Priorize um ambiente sonoro calmo e previs\u00edvel, com eventualmente uma m\u00fasica suave e familiar que acalma sem estimular excessivamente.<\/p>\n\n            <div class=\"expert-box\">\n                <span class=\"expert-box-label\">Especializa\u00e7\u00e3o ambiental<\/span>\n                <div class=\"expert-box-title\">Checklist de arranjo DYNSEO<\/div>\n                <div class=\"expert-inner\">\n                    <div class=\"expert-inner-title\">Zonas de risco alucinat\u00f3rio<\/div>\n                    <p>Quarto: ilumina\u00e7\u00e3o gradual, remo\u00e7\u00e3o de espelhos em frente \u00e0 cama. Sala: posicionamento da poltrona de costas para as janelas. Corredores: ilumina\u00e7\u00e3o cont\u00ednua, remo\u00e7\u00e3o de objetos que criam sombras. Banheiro: ilumina\u00e7\u00e3o uniforme, tapete antiderrapante contrastante.<\/p>\n                <\/div>\n            <\/div>\n<div class=\"conseil-card\">\n                <h4>\ud83c\udfe0 Am\u00e9nagement pr\u00e1tico<\/h4>\n                <p>Crie um \"caminho seguro\" na resid\u00eancia com ilumina\u00e7\u00e3o adequada e pontos de refer\u00eancia visuais claros. Essa adapta\u00e7\u00e3o previne quedas e reduz os riscos de alucina\u00e7\u00f5es relacionadas \u00e0 desorienta\u00e7\u00e3o espacial.<\/p>\n            <\/div>\n\n            <h2>7. Quando e como recorrer aos profissionais de sa\u00fade<\/h2>\n\n            <p>A consulta m\u00e9dica torna-se imperativa quando as alucina\u00e7\u00f5es s\u00e3o acompanhadas de agita\u00e7\u00e3o significativa, agressividade ou comportamentos perigosos. Se seu ente querido manifesta medos intensos, recusa-se a se alimentar ou apresenta dist\u00farbios do sono graves relacionados \u00e0s alucina\u00e7\u00f5es, uma avalia\u00e7\u00e3o profissional \u00e9 necess\u00e1ria. Da mesma forma, o aparecimento s\u00fabito de alucina\u00e7\u00f5es em uma pessoa que n\u00e3o apresentava anteriormente requer uma avalia\u00e7\u00e3o m\u00e9dica para eliminar outras causas (infec\u00e7\u00e3o, desidrata\u00e7\u00e3o, efeitos medicamentosos).<\/p>\n\n            <p>O m\u00e9dico respons\u00e1vel ou o geriatra realizar\u00e1 uma avalia\u00e7\u00e3o completa incluindo o exame cl\u00ednico, a revis\u00e3o dos tratamentos em curso e a busca por fatores desencadeantes. Ele poder\u00e1 prescrever exames complementares se necess\u00e1rio e ajustar a medica\u00e7\u00e3o. O objetivo n\u00e3o \u00e9 sempre eliminar totalmente as alucina\u00e7\u00f5es, mas reduzir a ansiedade que elas geram e melhorar a qualidade de vida geral.<\/p>\n\n            <p>A equipe multidisciplinar (psic\u00f3logo, terapeuta ocupacional, fonoaudi\u00f3logo) pode trazer compet\u00eancias especializadas no acompanhamento das alucina\u00e7\u00f5es. O psic\u00f3logo oferece apoio \u00e0s fam\u00edlias e t\u00e9cnicas de gerenciamento do estresse. O terapeuta ocupacional avalia o ambiente dom\u00e9stico e sugere adapta\u00e7\u00f5es. Essa abordagem colaborativa otimiza o cuidado e oferece um suporte global \u00e0 fam\u00edlia.<\/p>\n<div class=\"key-points\">\n                <h4>Crit\u00e9rios de urg\u00eancia m\u00e9dica :<\/h4>\n                <ul>\n                    <li>Alucina\u00e7\u00f5es acompanhadas de del\u00edrio ou confus\u00e3o maior<\/li>\n                    <li>Comportamentos auto ou hetero-agressivos<\/li>\n                    <li>Recusa total de alimenta\u00e7\u00e3o ou hidrata\u00e7\u00e3o<\/li>\n                    <li>Ins\u00f4nia total persistente<\/li>\n                    <li>Ang\u00fastia psicol\u00f3gica intensa<\/li>\n                <\/ul>\n            <\/div>\n\n            <h2>8. Os tratamentos medicamentosos: benef\u00edcios e precau\u00e7\u00f5es<\/h2>\n\n            <p>Os antipsic\u00f3ticos at\u00edpicos constituem a classe medicamentosa mais frequentemente prescrita para gerenciar as alucina\u00e7\u00f5es severas na doen\u00e7a de Alzheimer. Esses medicamentos (risperidona, olanzapina, quetiapina) podem reduzir a intensidade das percep\u00e7\u00f5es alucinat\u00f3rias e a agita\u00e7\u00e3o associada. No entanto, seu uso em pessoas idosas com dem\u00eancia requer uma supervis\u00e3o rigorosa devido aos riscos de efeitos colaterais significativos: sonol\u00eancia, quedas, dist\u00farbios da degluti\u00e7\u00e3o e risco cardiovascular aumentado.<\/p>\n\n            <p>A abordagem medicamentosa deve sempre ser individualizada e reavaliada regularmente. O princ\u00edpio \"come\u00e7ar baixo, ir devagar\" guia a prescri\u00e7\u00e3o em pessoas idosas. O m\u00e9dico busca a dose m\u00ednima eficaz e reavalia regularmente a rela\u00e7\u00e3o benef\u00edcio\/risco. Esses tratamentos n\u00e3o constituem uma solu\u00e7\u00e3o definitiva, mas uma ferramenta tempor\u00e1ria para atravessar as fases mais dif\u00edceis.<\/p>\n\n            <p>As alternativas medicamentosas incluem \u00e0s vezes os inibidores da acetilcolinesterase (donepezila, rivastigmina) que podem ter um efeito ben\u00e9fico sobre os sintomas comportamentais. Alguns medicamentos utilizados para epilepsia ou depress\u00e3o tamb\u00e9m mostram resultados promissores em casos espec\u00edficos. O importante \u00e9 manter um di\u00e1logo constante com a equipe m\u00e9dica para ajustar o tratamento conforme a evolu\u00e7\u00e3o dos sintomas.<\/p>\n<div class=\"tip-box\">\n                <span class=\"tip-box-label\">Acompanhamento m\u00e9dico<\/span>\n                <p>Documente cuidadosamente os efeitos dos tratamentos: frequ\u00eancia das alucina\u00e7\u00f5es, n\u00edvel de agita\u00e7\u00e3o, qualidade do sono, apetite. Essas informa\u00e7\u00f5es orientam os ajustes terap\u00eauticos.<\/p>\n            <\/div>\n\n            <h2>9. Abordagens n\u00e3o medicamentosas e terapias alternativas<\/h2>\n\n            <p>A estimula\u00e7\u00e3o cognitiva personalizada representa uma abordagem promissora na gest\u00e3o das alucina\u00e7\u00f5es associadas \u00e0 doen\u00e7a de Alzheimer. <a href=\"https:\/\/www.dynseo.com\/pt-pt\/coco-pensa-e-coco-se-mexe\/\">Os programas COCO PENSA e COCO SE MEXE da DYNSEO<\/a> oferecem atividades cognitivas adaptadas que mant\u00eam o engajamento mental e reduzem os momentos de vulnerabilidade \u00e0s alucina\u00e7\u00f5es. Esses exerc\u00edcios direcionados estimulam as fun\u00e7\u00f5es cerebrais preservadas e proporcionam um sentimento de realiza\u00e7\u00e3o que melhora o humor geral.<\/p>\n\n            <p>A musicoterapia demonstra resultados not\u00e1veis no al\u00edvio das pessoas sujeitas a alucina\u00e7\u00f5es. Ouvir m\u00fasicas familiares do passado ativa os circuitos da mem\u00f3ria emocional e proporciona um sentimento de seguran\u00e7a. A pr\u00e1tica de instrumentos simples ou o canto tamb\u00e9m contribuem para a redu\u00e7\u00e3o da ansiedade. Essa abordagem n\u00e3o invasiva pode ser facilmente integrada no cotidiano familiar e oferece momentos de compartilhamento privilegiados.<\/p>\n\n            <p>A aromaterapia e a luminoterapia constituem complementos terap\u00eauticos interessantes. Alguns \u00f3leos essenciais (lavanda, camomila) favorecem o relaxamento e podem reduzir a agita\u00e7\u00e3o associada \u00e0s alucina\u00e7\u00f5es. A luminoterapia matinal ajuda a regular os ritmos circadianos e pode diminuir a frequ\u00eancia dos epis\u00f3dios alucinat\u00f3rios no final do dia. Essas abordagens suaves se integram harmoniosamente em uma estrat\u00e9gia global de bem-estar.<\/p>\n\n            <div class=\"expert-box\">\n                <span class=\"expert-box-label\">Inova\u00e7\u00e3o DYNSEO<\/span>\n                <div class=\"expert-box-title\">Estimula\u00e7\u00e3o cognitiva personalizada<\/div>\n                <div class=\"expert-inner\">\n<div class=\"expert-inner-title\">Protocolo anti-alucina\u00e7\u00f5es<\/div>\n                    <p><a href=\"https:\/\/www.dynseo.com\/pt-pt\/coco-pensa-e-coco-se-mexe\/\">COCO PENSA prop\u00f5e exerc\u00edcios de percep\u00e7\u00e3o visual<\/a> que refor\u00e7am a interpreta\u00e7\u00e3o correta dos est\u00edmulos sensoriais. Essas atividades l\u00fadicas mant\u00eam a aten\u00e7\u00e3o e reduzem os per\u00edodos de \"vazio cognitivo\" prop\u00edcios \u00e0s alucina\u00e7\u00f5es.<\/p>\n                <\/div>\n            <\/div>\n\n            <h2>10. Atividades e ocupa\u00e7\u00f5es para prevenir os epis\u00f3dios<\/h2>\n\n            <p>O envolvimento em atividades significativas constitui uma das melhores preven\u00e7\u00f5es contra as alucina\u00e7\u00f5es. As atividades manuais simples (dobradura, triagem, jardinagem interna) mant\u00eam a aten\u00e7\u00e3o focada e proporcionam uma sensa\u00e7\u00e3o de utilidade. Essas ocupa\u00e7\u00f5es devem ser adaptadas \u00e0s capacidades preservadas da pessoa e ajustadas de acordo com seu n\u00edvel de fadiga. O objetivo n\u00e3o \u00e9 o desempenho, mas o bem-estar e a estimula\u00e7\u00e3o suave dos sentidos.<\/p>\n\n            <p>As atividades de reminisc\u00eancia, utilizando fotografias, objetos familiares ou m\u00fasicas do passado, criam um ancoragem emocional positiva que reduz a ansiedade. Esses momentos de compartilhamento refor\u00e7am a identidade da pessoa e mant\u00eam suas conex\u00f5es com a realidade. O uso de \u00e1lbuns de fotos comentados, caixas de recorda\u00e7\u00f5es ou playlists personalizadas transforma essas sess\u00f5es em verdadeiras terapias relacionais.<\/p>\n\n            <p>A estrutura\u00e7\u00e3o dos dias com rituais previs\u00edveis oferece um quadro seguro que limita os per\u00edodos de ociosidade. A altern\u00e2ncia entre atividades estimulantes e momentos de descanso, a regularidade das refei\u00e7\u00f5es e dos cuidados criam um ritmo calmante. Essa organiza\u00e7\u00e3o temporal ajuda a pessoa a se localizar no dia e reduz a ansiedade relacionada \u00e0 desorienta\u00e7\u00e3o, fator que favorece as alucina\u00e7\u00f5es.<\/p>\n<div class=\"conseil-card\">\n                <h4>\ud83c\udfa8 Atividades recomendadas<\/h4>\n                <p>Pintura com os dedos, escuta musical, folhea\u00e7\u00e3o de revistas, car\u00edcias em animais de pel\u00facia, observa\u00e7\u00e3o da natureza... Priorize atividades sensoriais agrad\u00e1veis que ancorem na realidade presente.<\/p>\n            <\/div>\n\n            <h2>11. Gest\u00e3o de crises e situa\u00e7\u00f5es de emerg\u00eancia<\/h2>\n\n            <p>Frente a uma alucina\u00e7\u00e3o geradora de p\u00e2nico, sua primeira rea\u00e7\u00e3o determina a evolu\u00e7\u00e3o da situa\u00e7\u00e3o. Mantenha a calma, respire profundamente e aproxime-se lentamente do seu ente querido. Sua serenidade ser\u00e1 transmitida e contribuir\u00e1 para o al\u00edvio geral. Evite gestos bruscos, gritos ou tentativas de conten\u00e7\u00e3o f\u00edsica que apenas amplificariam a ang\u00fastia. Sua presen\u00e7a tranquilizadora costuma ser o melhor dos al\u00edvios.<\/p>\n\n            <p>A t\u00e9cnica da \"divers\u00e3o suave\" se mostra particularmente eficaz durante crises alucinat\u00f3rias. Proponha uma mudan\u00e7a de ambiente (\"Venha, estaremos melhor na cozinha\"), uma atividade agrad\u00e1vel (\"Voc\u00ea quer beber algo?\") ou direcione a aten\u00e7\u00e3o para um est\u00edmulo positivo (m\u00fasica, fotografia, animal de estima\u00e7\u00e3o). Essa redire\u00e7\u00e3o natural permite sair do c\u00edrculo da alucina\u00e7\u00e3o sem confronto direto.<\/p>\n\n            <p>Se a agita\u00e7\u00e3o persistir apesar de seus esfor\u00e7os, n\u00e3o hesite em contatar os servi\u00e7os de emerg\u00eancia ou o m\u00e9dico respons\u00e1vel. Prepare com anteced\u00eancia um kit de emerg\u00eancia contendo os contatos m\u00e9dicos, a lista de tratamentos e as t\u00e9cnicas que costumam funcionar com seu ente querido. Essa antecipa\u00e7\u00e3o permitir\u00e1 que voc\u00ea reaja de forma eficaz mesmo sob o estresse da situa\u00e7\u00e3o de emerg\u00eancia.<\/p>\n<div class=\"key-points\">\n                <h4>Plano de a\u00e7\u00e3o de emerg\u00eancia:<\/h4>\n                <ul>\n                    <li>Manter a calma e falar com uma voz suave<\/li>\n                    <li>N\u00e3o contradizer nem argumentar<\/li>\n                    <li>Propor uma distra\u00e7\u00e3o ou uma mudan\u00e7a de local<\/li>\n                    <li>Assegurar a seguran\u00e7a f\u00edsica (remover objetos perigosos)<\/li>\n                    <li>Chamar os servi\u00e7os de emerg\u00eancia se necess\u00e1rio<\/li>\n                <\/ul>\n            <\/div>\n\n            <h2>12. Apoio e recursos para os cuidadores familiares<\/h2>\n\n            <p>O acompanhamento de uma pessoa sujeita a alucina\u00e7\u00f5es gera um estresse consider\u00e1vel nos cuidadores familiares. \u00c9 crucial reconhecer essa carga emocional e buscar apoio para evitar o esgotamento. Os grupos de apoio especializados no acompanhamento da doen\u00e7a de Alzheimer oferecem um espa\u00e7o de troca com outras fam\u00edlias que vivem situa\u00e7\u00f5es semelhantes. Esse compartilhamento de experi\u00eancias \u00e9 frequentemente terap\u00eautico e permite descobrir novas estrat\u00e9gias de adapta\u00e7\u00e3o.<\/p>\n\n            <p>Os servi\u00e7os de descanso, sejam em casa ou em acolhimento diurno, constituem um recurso valioso para as fam\u00edlias. Esses momentos de pausa permitem que o cuidador se recupere f\u00edsica e psicologicamente, mantenha suas atividades pessoais e sociais. Essa preserva\u00e7\u00e3o do bem-estar do cuidador beneficia indiretamente a pessoa doente, que aproveita um acompanhamento de melhor qualidade.<\/p>\n\n            <p>As forma\u00e7\u00f5es destinadas aos cuidadores, oferecidas pelas associa\u00e7\u00f5es de Alzheimer ou pelos estabelecimentos de sa\u00fade, fornecem ferramentas concretas para gerenciar situa\u00e7\u00f5es dif\u00edceis. Essas sess\u00f5es de aprendizado cobrem t\u00e9cnicas de comunica\u00e7\u00e3o, gerenciamento do estresse, adapta\u00e7\u00e3o do lar e recursos jur\u00eddicos. Esse aumento de compet\u00eancias refor\u00e7a a confian\u00e7a dos cuidadores e melhora significativamente sua capacidade de acompanhamento.<\/p>\n<div class=\"tip-box\">\n                <span class=\"tip-box-label\">Recursos \u00fateis<\/span>\n                <p>Fran\u00e7a Alzheimer, Plataforma de acompanhamento e de descanso, servi\u00e7os sociais do CCAS, consultas de mem\u00f3ria hospitalares. N\u00e3o hesite em solicitar esses recursos especializados.<\/p>\n            <\/div>\n\n            <h2>13. Evolu\u00e7\u00e3o das alucina\u00e7\u00f5es segundo os est\u00e1gios da doen\u00e7a<\/h2>\n\n            <p>No est\u00e1gio leve da doen\u00e7a de Alzheimer, as alucina\u00e7\u00f5es permanecem geralmente discretas e intermitentes. A pessoa ainda pode manter uma certa consci\u00eancia de seu car\u00e1ter incomum e relat\u00e1-las ao seu entorno. Este per\u00edodo representa uma oportunidade privilegiada para implementar estrat\u00e9gias preventivas e educativas. A adapta\u00e7\u00e3o do ambiente e o aprendizado de t\u00e9cnicas de gest\u00e3o podem retardar significativamente a agravamento dos sintomas alucinat\u00f3rios.<\/p>\n\n            <p>O est\u00e1gio moderado marca frequentemente uma intensifica\u00e7\u00e3o das alucina\u00e7\u00f5es, particularmente visuais e auditivas. A pessoa perde progressivamente sua capacidade de distinguir o real do irreal, tornando os epis\u00f3dios mais frequentes e perturbadores. \u00c9 geralmente neste est\u00e1gio que as fam\u00edlias consultam pela primeira vez sobre esses sintomas. O acompanhamento torna-se mais complexo, mas continua sendo muito ben\u00e9fico com abordagens adequadas.<\/p>\n\n            <p>No est\u00e1gio avan\u00e7ado, as alucina\u00e7\u00f5es podem paradoxalmente diminuir em frequ\u00eancia devido \u00e0 redu\u00e7\u00e3o global da atividade cerebral. No entanto, quando ocorrem, podem ser mais intensas e dif\u00edceis de gerenciar. A abordagem privilegia ent\u00e3o o conforto e o acalento em vez da corre\u00e7\u00e3o das percep\u00e7\u00f5es. Esta evolu\u00e7\u00e3o natural ajuda as fam\u00edlias a adaptar suas expectativas e suas estrat\u00e9gias de acompanhamento.<\/p>\n\n            <div class=\"expert-box\">\n                <span class=\"expert-box-label\">Evolu\u00e7\u00e3o cl\u00ednica<\/span>\n                <div class=\"expert-box-title\">Trajet\u00f3ria das alucina\u00e7\u00f5es<\/div>\n                <div class=\"expert-inner\">\n<div class=\"expert-inner-title\">Curva de intensidade conforme os est\u00e1gios<\/div>\n                    <p>Est\u00e1gio leve: 15% de preval\u00eancia, alucina\u00e7\u00f5es simples. Est\u00e1gio moderado: 45% de preval\u00eancia, alucina\u00e7\u00f5es complexas. Est\u00e1gio severo: 30% de preval\u00eancia, alucina\u00e7\u00f5es flutuantes. Este conhecimento orienta a adapta\u00e7\u00e3o das estrat\u00e9gias de acompanhamento.<\/p>\n                <\/div>\n            <\/div>\n\n            <h2>14. Depoimentos e retornos de experi\u00eancia das fam\u00edlias<\/h2>\n\n            <p>Maria, 68 anos, acompanha seu esposo Fernando h\u00e1 5 anos: \"No in\u00edcio, eu tentava convenc\u00ea-lo quando ele via sua m\u00e3e na sala. Isso gerava discuss\u00f5es terr\u00edveis. Desde que aprendi a validar suas emo\u00e7\u00f5es sem negar suas percep\u00e7\u00f5es, nossa rela\u00e7\u00e3o se acalmou. Agora eu digo a ele: 'Sua mam\u00e3e est\u00e1 com saudades' e n\u00f3s olhamos juntos suas fotos. Esses momentos se tornaram preciosos.\" Este depoimento ilustra a import\u00e2ncia da adapta\u00e7\u00e3o familiar na gest\u00e3o das alucina\u00e7\u00f5es.<\/p>\n\n            <p>Jo\u00e3o-Cl\u00e1udio, filho cuidador, compartilha sua experi\u00eancia: \"Minha m\u00e3e ouvia frequentemente crian\u00e7as brincando em seu quarto \u00e0 noite. Em vez de explicar que isso era imposs\u00edvel, eu instalei uma pequena luz noturna musical que toca can\u00e7\u00f5es de ninar suaves. Essas 'crian\u00e7as' se tornaram menos perturbadoras e ela dorme melhor. \u00c0s vezes, as solu\u00e7\u00f5es simples s\u00e3o as mais eficazes.\" Esta abordagem criativa mostra como a adapta\u00e7\u00e3o ambiental pode transformar um problema em solu\u00e7\u00e3o.<\/p>\n\n            <p>S\u00edlvia, psic\u00f3loga especializada, observa: \"As fam\u00edlias que t\u00eam mais sucesso no acompanhamento das alucina\u00e7\u00f5es s\u00e3o aquelas que abandonam a luta contra o sintoma para entrar no acompanhamento da pessoa. Elas transformam cada epis\u00f3dio em uma oportunidade de conex\u00e3o e reassuran\u00e7a. Essa postura muda tudo: para a pessoa doente como para seus familiares.\" Esta expertise profissional confirma a efic\u00e1cia das abordagens benevolentes.<\/p>\n<div class=\"conseil-card\">\n                <h4>\ud83d\udc9d Depoimento inspirador<\/h4>\n                <p>\"Aprendemos a ver as alucina\u00e7\u00f5es do papai n\u00e3o como obst\u00e1culos, mas como janelas para seu mundo interior. Isso nos aproximou de uma maneira inesperada.\" - Fam\u00edlia Martin, usu\u00e1ria COCO PENSA<\/p>\n            <\/div>\n\n            <h2>15. Perspectivas futuras e inova\u00e7\u00f5es no acompanhamento<\/h2>\n\n            <p>A pesquisa moderna explora caminhos inovadores para entender e gerenciar melhor as alucina\u00e7\u00f5es alzheimerianas. As tecnologias de realidade virtual come\u00e7am a mostrar resultados promissores ao criar ambientes controlados que podem reduzir a ansiedade associada \u00e0s alucina\u00e7\u00f5es. Essas ferramentas permitem criar espa\u00e7os tranquilizadores e familiares que contrabalan\u00e7am as percep\u00e7\u00f5es perturbadoras. As aplica\u00e7\u00f5es de estimula\u00e7\u00e3o cognitiva como <a href=\"https:\/\/www.dynseo.com\/pt-pt\/coco-pensa-e-coco-se-mexe\/\">COCO PENSA e COCO SE MEXE<\/a> j\u00e1 integram algumas dessas inova\u00e7\u00f5es tecnol\u00f3gicas.<\/p>\n\n            <p>A intelig\u00eancia artificial abre perspectivas fascinantes na previs\u00e3o e preven\u00e7\u00e3o de epis\u00f3dios alucinat\u00f3rios. Sistemas de monitoramento n\u00e3o invasivos podem detectar sinais precursores (mudan\u00e7as na frequ\u00eancia card\u00edaca, na respira\u00e7\u00e3o, na atividade) e acionar interven\u00e7\u00f5es preventivas automatizadas. Essa abordagem preditiva pode revolucionar o acompanhamento, transformando a gest\u00e3o reativa em preven\u00e7\u00e3o proativa.<\/p>\n\n            <p>As terapias g\u00eanicas e os tratamentos que visam especificamente os mecanismos neurobiol\u00f3gicos das alucina\u00e7\u00f5es est\u00e3o sendo objeto de pesquisas intensivas. Embora ainda experimentais, essas abordagens trazem esperan\u00e7a de tratamentos mais eficazes e melhor tolerados nos pr\u00f3ximos anos. Enquanto aguardamos essas inova\u00e7\u00f5es, a otimiza\u00e7\u00e3o das estrat\u00e9gias atuais de acompanhamento continua sendo a chave para uma melhor qualidade de vida para as pessoas afetadas e suas fam\u00edlias.<\/p>\n\n            <div class=\"expert-box\">\n                <span class=\"expert-box-label\">Inova\u00e7\u00e3o DYNSEO 2026<\/span>\n                <div class=\"expert-box-title\">Tecnologia preditiva<\/div>\n                <div class=\"expert-inner\">\n                    <div class=\"expert-inner-title\">M\u00f3dulo anti-alucina\u00e7\u00f5es<\/div>\n                    <p>Nossa nova vers\u00e3o integra algoritmos de detec\u00e7\u00e3o precoce de estados prop\u00edcios \u00e0s alucina\u00e7\u00f5es. O sistema prop\u00f5e automaticamente atividades tranquilizadoras adaptadas ao perfil de cada usu\u00e1rio, revolucionando o acompanhamento preventivo.<\/p>\n                <\/div>\n            <\/div>\n\n            <div class=\"faq-list\">\n                <h2>Perguntas frequentes sobre alucina\u00e7\u00f5es na doen\u00e7a de Alzheimer<\/h2>\n                \n                <div class=\"faq-item\">\n                    <div class=\"faq-q\">\n                        <span>As alucina\u00e7\u00f5es significam que a doen\u00e7a est\u00e1 piorando rapidamente?<\/span>\n                        <span class=\"faq-icon\">+<\/span>\n                    <\/div>\n                    <div class=\"faq-a\">\n                        <p>N\u00e3o, as alucina\u00e7\u00f5es n\u00e3o significam necessariamente uma piora r\u00e1pida da doen\u00e7a. Elas podem aparecer em diferentes est\u00e1gios e est\u00e3o mais relacionadas a \u00e1reas cerebrais espec\u00edficas afetadas pela doen\u00e7a. Sua presen\u00e7a indica a necessidade de adaptar o acompanhamento, mas n\u00e3o prev\u00ea a evolu\u00e7\u00e3o geral da doen\u00e7a.<\/p>\n                    <\/div>\n                <\/div>\n\n                <div class=\"faq-item\">\n                    <div class=\"faq-q\">\n                        <span>Devo sempre corrigir meu ente querido quando ele alucina?<\/span>\n                        <span class=\"faq-icon\">+<\/span>\n                    <\/div>\n<div class=\"faq-a\">\n                        <p>Geralmente, n\u00e3o \u00e9 recomend\u00e1vel corrigir ou negar as alucina\u00e7\u00f5es. Essa abordagem pode criar agita\u00e7\u00e3o e deteriorar seu relacionamento. Priorize a valida\u00e7\u00e3o das emo\u00e7\u00f5es (\"Vejo que isso te preocupa\") e a redire\u00e7\u00e3o suave para atividades calmantes. O objetivo \u00e9 o conforto da pessoa, n\u00e3o a corre\u00e7\u00e3o de suas percep\u00e7\u00f5es.<\/p>\n                    <\/div>\n                <\/div>\n\n                <div class=\"faq-item\">\n                    <div class=\"faq-q\">\n                        <span>As alucina\u00e7\u00f5es s\u00e3o sempre perturbadoras para a pessoa?<\/span>\n                        <span class=\"faq-icon\">+<\/span>\n                    <\/div>\n                    <div class=\"faq-a\">\n                        <p>N\u00e3o, nem todas as alucina\u00e7\u00f5es s\u00e3o perturbadoras. Algumas podem at\u00e9 ser agrad\u00e1veis (ver entes queridos falecidos, ouvir uma m\u00fasica amada). N\u00e3o \u00e9 necess\u00e1rio intervir se a alucina\u00e7\u00e3o n\u00e3o causar ang\u00fastia ou comportamento perigoso. A interven\u00e7\u00e3o se torna necess\u00e1ria apenas se gerar medo, agita\u00e7\u00e3o ou risco \u00e0 seguran\u00e7a.<\/p>\n                    <\/div>\n                <\/div>\n\n                <div class=\"faq-item\">\n                    <div class=\"faq-q\">\n                        <span>Como distinguir alucina\u00e7\u00e3o e confus\u00e3o normal da doen\u00e7a de Alzheimer?<\/span>\n                        <span class=\"faq-icon\">+<\/span>\n                    <\/div>\n                    <div class=\"faq-a\">\n                        <p>A alucina\u00e7\u00e3o envolve uma percep\u00e7\u00e3o sensorial sem est\u00edmulo real (ver, ouvir algo que n\u00e3o existe), enquanto a confus\u00e3o diz respeito \u00e0 desorienta\u00e7\u00e3o temporal ou espacial. Uma pessoa pode alucinar enquanto est\u00e1 orientada, ou estar confusa sem alucinar. Os dois sintomas podem coexistir e necessitam de abordagens de acompanhamento diferentes, mas complementares.<\/p>\n                    <\/div>\n                <\/div>\n\n                <div class=\"faq-item\">\n                    <div class=\"faq-q\">\n                        <span>Os medicamentos s\u00e3o sempre necess\u00e1rios para tratar as alucina\u00e7\u00f5es?<\/span>\n                        <span class=\"faq-icon\">+<\/span>\n                    <\/div>\n                    <div class=\"faq-a\">\n                        <p>Os medicamentos n\u00e3o s\u00e3o sistematicamente necess\u00e1rios. As abordagens n\u00e3o medicamentosas (adequa\u00e7\u00e3o ambiental, t\u00e9cnicas de comunica\u00e7\u00e3o, atividades adaptadas) s\u00e3o frequentemente suficientes. Os medicamentos s\u00e3o reservados para situa\u00e7\u00f5es em que as alucina\u00e7\u00f5es geram ang\u00fastia significativa ou comportamentos perigosos, e sempre sob estrito controle m\u00e9dico devido aos potenciais efeitos colaterais.<\/p>\n                    <\/div>\n                <\/div>\n            <\/div>\n\n            <div class=\"cta-box\">\n                <h3>Acompanhe seu ente querido com DYNSEO<\/h3>\n                <p>Descubra nossas solu\u00e7\u00f5es de estimula\u00e7\u00e3o cognitiva personalizadas para melhorar o cotidiano das pessoas com doen\u00e7a de Alzheimer e apoiar suas fam\u00edlias nesta prova.<\/p>\n                <div class=\"cta-buttons\">\n                    <a href=\"https:\/\/www.dynseo.com\/pt-pt\/coco-pensa-e-coco-se-mexe\/\" class=\"btn-white\">Experimente COCO PENSA & SE MEXE<\/a>\n                    <a href=\"\/contact\" class=\"btn-outline\">Ser acompanhado<\/a>\n                <\/div>\n            <\/div>\n\n            <div class=\"article-tags\">\n                <a href=\"\/tag\/alzheimer\" class=\"article-tag\">Alzheimer<\/a>\n                <a href=\"\/tag\/hallucinations\" class=\"article-tag\">Alucina\u00e7\u00f5es<\/a>\n                <a href=\"\/tag\/aidants\" class=\"article-tag\">Cuidadores<\/a>\n                <a href=\"\/tag\/accompagnement\" class=\"article-tag\">Acompanhamento<\/a>\n                <a href=\"\/tag\/famille\" class=\"article-tag\">Fam\u00edlia<\/a>\n                <a href=\"\/tag\/neurodegeneratives\" class=\"article-tag\">Doen\u00e7as neurodegenerativas<\/a>\n                <a href=\"\/tag\/stimulation-cognitive\" class=\"article-tag\">Estimula\u00e7\u00e3o cognitiva<\/a>\n                <a href=\"\/tag\/communication\" class=\"article-tag\">Comunica\u00e7\u00e3o<\/a>\n            <\/div>\n        <\/div>\n    <\/div>[\/et_pb_code][\/et_pb_column][\/et_pb_row][\/et_pb_section]","_et_gb_content_width":"","footnotes":""},"categories":[2915],"tags":[],"class_list":["post-571920","post","type-post","status-publish","format-standard","has-post-thumbnail","hentry","category-les-conseils-des-coachs"],"yoast_head":"<!-- This site is optimized with the Yoast SEO plugin v27.4 - https:\/\/yoast.com\/product\/yoast-seo-wordpress\/ -->\n<title>As alucina\u00e7\u00f5es em pessoas com a doen\u00e7a de Alzheimer: compreender e acompanhar - DYNSEO - Aplica\u00e7\u00f5es educativas e jogos de mem\u00f3ria<\/title>\n<meta name=\"robots\" content=\"index, follow, max-snippet:-1, max-image-preview:large, max-video-preview:-1\" \/>\n<link rel=\"canonical\" href=\"https:\/\/www.dynseo.com\/pt-pt\/as-alucinacoes-em-pessoas-com-a-doenca-de-alzheimer-compreender-e-acompanhar\/\" \/>\n<meta property=\"og:locale\" content=\"pt_PT\" \/>\n<meta property=\"og:type\" content=\"article\" \/>\n<meta property=\"og:title\" content=\"As alucina\u00e7\u00f5es em pessoas com a doen\u00e7a de Alzheimer: compreender e acompanhar - DYNSEO - Aplica\u00e7\u00f5es educativas e jogos de mem\u00f3ria\" \/>\n<meta property=\"og:url\" content=\"https:\/\/www.dynseo.com\/pt-pt\/as-alucinacoes-em-pessoas-com-a-doenca-de-alzheimer-compreender-e-acompanhar\/\" \/>\n<meta property=\"og:site_name\" content=\"DYNSEO - Aplica\u00e7\u00f5es educativas e jogos de mem\u00f3ria\" \/>\n<meta property=\"article:published_time\" content=\"2026-04-30T06:22:52+00:00\" \/>\n<meta property=\"article:modified_time\" content=\"2026-04-30T06:29:06+00:00\" \/>\n<meta property=\"og:image\" content=\"https:\/\/www.dynseo.com\/wp-content\/uploads\/2023\/03\/communiquer-avec-une-personne-Alzheimer.png\" \/>\n\t<meta property=\"og:image:width\" content=\"500\" \/>\n\t<meta property=\"og:image:height\" content=\"500\" \/>\n\t<meta property=\"og:image:type\" content=\"image\/png\" \/>\n<meta name=\"author\" content=\"DYNSEO\" \/>\n<meta name=\"twitter:label1\" content=\"Escrito por\" \/>\n\t<meta name=\"twitter:data1\" content=\"DYNSEO\" \/>\n\t<meta name=\"twitter:label2\" content=\"Tempo estimado de leitura\" \/>\n\t<meta name=\"twitter:data2\" content=\"24 minutos\" \/>\n<script type=\"application\/ld+json\" class=\"yoast-schema-graph\">{\"@context\":\"https:\\\/\\\/schema.org\",\"@graph\":[{\"@type\":\"Article\",\"@id\":\"https:\\\/\\\/www.dynseo.com\\\/pt-pt\\\/as-alucinacoes-em-pessoas-com-a-doenca-de-alzheimer-compreender-e-acompanhar\\\/#article\",\"isPartOf\":{\"@id\":\"https:\\\/\\\/www.dynseo.com\\\/pt-pt\\\/as-alucinacoes-em-pessoas-com-a-doenca-de-alzheimer-compreender-e-acompanhar\\\/\"},\"author\":{\"name\":\"DYNSEO\",\"@id\":\"https:\\\/\\\/www.dynseo.com\\\/pt-pt\\\/#\\\/schema\\\/person\\\/78ef63df2ee64e0989bc68f8401b38d6\"},\"headline\":\"As alucina\u00e7\u00f5es em pessoas com a doen\u00e7a de Alzheimer: compreender e acompanhar\",\"datePublished\":\"2026-04-30T06:22:52+00:00\",\"dateModified\":\"2026-04-30T06:29:06+00:00\",\"mainEntityOfPage\":{\"@id\":\"https:\\\/\\\/www.dynseo.com\\\/pt-pt\\\/as-alucinacoes-em-pessoas-com-a-doenca-de-alzheimer-compreender-e-acompanhar\\\/\"},\"wordCount\":4750,\"publisher\":{\"@id\":\"https:\\\/\\\/www.dynseo.com\\\/pt-pt\\\/#organization\"},\"image\":{\"@id\":\"https:\\\/\\\/www.dynseo.com\\\/pt-pt\\\/as-alucinacoes-em-pessoas-com-a-doenca-de-alzheimer-compreender-e-acompanhar\\\/#primaryimage\"},\"thumbnailUrl\":\"https:\\\/\\\/www.dynseo.com\\\/wp-content\\\/uploads\\\/2023\\\/03\\\/communiquer-avec-une-personne-Alzheimer.png\",\"articleSection\":[\"Les conseils des coachs\"],\"inLanguage\":\"pt-PT\"},{\"@type\":\"WebPage\",\"@id\":\"https:\\\/\\\/www.dynseo.com\\\/pt-pt\\\/as-alucinacoes-em-pessoas-com-a-doenca-de-alzheimer-compreender-e-acompanhar\\\/\",\"url\":\"https:\\\/\\\/www.dynseo.com\\\/pt-pt\\\/as-alucinacoes-em-pessoas-com-a-doenca-de-alzheimer-compreender-e-acompanhar\\\/\",\"name\":\"As alucina\u00e7\u00f5es em pessoas com a doen\u00e7a de Alzheimer: compreender e acompanhar - DYNSEO - Aplica\u00e7\u00f5es educativas e jogos de mem\u00f3ria\",\"isPartOf\":{\"@id\":\"https:\\\/\\\/www.dynseo.com\\\/pt-pt\\\/#website\"},\"primaryImageOfPage\":{\"@id\":\"https:\\\/\\\/www.dynseo.com\\\/pt-pt\\\/as-alucinacoes-em-pessoas-com-a-doenca-de-alzheimer-compreender-e-acompanhar\\\/#primaryimage\"},\"image\":{\"@id\":\"https:\\\/\\\/www.dynseo.com\\\/pt-pt\\\/as-alucinacoes-em-pessoas-com-a-doenca-de-alzheimer-compreender-e-acompanhar\\\/#primaryimage\"},\"thumbnailUrl\":\"https:\\\/\\\/www.dynseo.com\\\/wp-content\\\/uploads\\\/2023\\\/03\\\/communiquer-avec-une-personne-Alzheimer.png\",\"datePublished\":\"2026-04-30T06:22:52+00:00\",\"dateModified\":\"2026-04-30T06:29:06+00:00\",\"breadcrumb\":{\"@id\":\"https:\\\/\\\/www.dynseo.com\\\/pt-pt\\\/as-alucinacoes-em-pessoas-com-a-doenca-de-alzheimer-compreender-e-acompanhar\\\/#breadcrumb\"},\"inLanguage\":\"pt-PT\",\"potentialAction\":[{\"@type\":\"ReadAction\",\"target\":[\"https:\\\/\\\/www.dynseo.com\\\/pt-pt\\\/as-alucinacoes-em-pessoas-com-a-doenca-de-alzheimer-compreender-e-acompanhar\\\/\"]}]},{\"@type\":\"ImageObject\",\"inLanguage\":\"pt-PT\",\"@id\":\"https:\\\/\\\/www.dynseo.com\\\/pt-pt\\\/as-alucinacoes-em-pessoas-com-a-doenca-de-alzheimer-compreender-e-acompanhar\\\/#primaryimage\",\"url\":\"https:\\\/\\\/www.dynseo.com\\\/wp-content\\\/uploads\\\/2023\\\/03\\\/communiquer-avec-une-personne-Alzheimer.png\",\"contentUrl\":\"https:\\\/\\\/www.dynseo.com\\\/wp-content\\\/uploads\\\/2023\\\/03\\\/communiquer-avec-une-personne-Alzheimer.png\",\"width\":500,\"height\":500,\"caption\":\"Estimulando o desenvolvimento cognitivo de crian\u00e7as com PHDA atrav\u00e9s de jogos\"},{\"@type\":\"BreadcrumbList\",\"@id\":\"https:\\\/\\\/www.dynseo.com\\\/pt-pt\\\/as-alucinacoes-em-pessoas-com-a-doenca-de-alzheimer-compreender-e-acompanhar\\\/#breadcrumb\",\"itemListElement\":[{\"@type\":\"ListItem\",\"position\":1,\"name\":\"Accueil\",\"item\":\"https:\\\/\\\/www.dynseo.com\\\/pt-pt\\\/\"},{\"@type\":\"ListItem\",\"position\":2,\"name\":\"As alucina\u00e7\u00f5es em pessoas com a doen\u00e7a de Alzheimer: compreender e acompanhar\"}]},{\"@type\":\"WebSite\",\"@id\":\"https:\\\/\\\/www.dynseo.com\\\/pt-pt\\\/#website\",\"url\":\"https:\\\/\\\/www.dynseo.com\\\/pt-pt\\\/\",\"name\":\"Jeux de m\u00e9moire et stimulation cognitive\",\"description\":\"Entra\u00eenez votre m\u00e9moire et votre cerveau avec DYNSEO\",\"publisher\":{\"@id\":\"https:\\\/\\\/www.dynseo.com\\\/pt-pt\\\/#organization\"},\"potentialAction\":[{\"@type\":\"SearchAction\",\"target\":{\"@type\":\"EntryPoint\",\"urlTemplate\":\"https:\\\/\\\/www.dynseo.com\\\/pt-pt\\\/?s={search_term_string}\"},\"query-input\":{\"@type\":\"PropertyValueSpecification\",\"valueRequired\":true,\"valueName\":\"search_term_string\"}}],\"inLanguage\":\"pt-PT\"},{\"@type\":\"Organization\",\"@id\":\"https:\\\/\\\/www.dynseo.com\\\/pt-pt\\\/#organization\",\"name\":\"DYNSEO\",\"url\":\"https:\\\/\\\/www.dynseo.com\\\/pt-pt\\\/\",\"logo\":{\"@type\":\"ImageObject\",\"inLanguage\":\"pt-PT\",\"@id\":\"https:\\\/\\\/www.dynseo.com\\\/pt-pt\\\/#\\\/schema\\\/logo\\\/image\\\/\",\"url\":\"https:\\\/\\\/www.dynseo.com\\\/wp-content\\\/uploads\\\/2022\\\/05\\\/logo-dynseo-new.png\",\"contentUrl\":\"https:\\\/\\\/www.dynseo.com\\\/wp-content\\\/uploads\\\/2022\\\/05\\\/logo-dynseo-new.png\",\"width\":5073,\"height\":1397,\"caption\":\"DYNSEO\"},\"image\":{\"@id\":\"https:\\\/\\\/www.dynseo.com\\\/pt-pt\\\/#\\\/schema\\\/logo\\\/image\\\/\"}},{\"@type\":\"Person\",\"@id\":\"https:\\\/\\\/www.dynseo.com\\\/pt-pt\\\/#\\\/schema\\\/person\\\/78ef63df2ee64e0989bc68f8401b38d6\",\"name\":\"DYNSEO\",\"url\":\"https:\\\/\\\/www.dynseo.com\\\/pt-pt\\\/author\\\/justine\\\/\"}]}<\/script>\n<!-- \/ Yoast SEO plugin. -->","yoast_head_json":{"title":"As alucina\u00e7\u00f5es em pessoas com a doen\u00e7a de Alzheimer: compreender e acompanhar - DYNSEO - Aplica\u00e7\u00f5es educativas e jogos de mem\u00f3ria","robots":{"index":"index","follow":"follow","max-snippet":"max-snippet:-1","max-image-preview":"max-image-preview:large","max-video-preview":"max-video-preview:-1"},"canonical":"https:\/\/www.dynseo.com\/pt-pt\/as-alucinacoes-em-pessoas-com-a-doenca-de-alzheimer-compreender-e-acompanhar\/","og_locale":"pt_PT","og_type":"article","og_title":"As alucina\u00e7\u00f5es em pessoas com a doen\u00e7a de Alzheimer: compreender e acompanhar - DYNSEO - Aplica\u00e7\u00f5es educativas e jogos de mem\u00f3ria","og_url":"https:\/\/www.dynseo.com\/pt-pt\/as-alucinacoes-em-pessoas-com-a-doenca-de-alzheimer-compreender-e-acompanhar\/","og_site_name":"DYNSEO - Aplica\u00e7\u00f5es educativas e jogos de mem\u00f3ria","article_published_time":"2026-04-30T06:22:52+00:00","article_modified_time":"2026-04-30T06:29:06+00:00","og_image":[{"width":500,"height":500,"url":"https:\/\/www.dynseo.com\/wp-content\/uploads\/2023\/03\/communiquer-avec-une-personne-Alzheimer.png","type":"image\/png"}],"author":"DYNSEO","twitter_misc":{"Escrito por":"DYNSEO","Tempo estimado de leitura":"24 minutos"},"schema":{"@context":"https:\/\/schema.org","@graph":[{"@type":"Article","@id":"https:\/\/www.dynseo.com\/pt-pt\/as-alucinacoes-em-pessoas-com-a-doenca-de-alzheimer-compreender-e-acompanhar\/#article","isPartOf":{"@id":"https:\/\/www.dynseo.com\/pt-pt\/as-alucinacoes-em-pessoas-com-a-doenca-de-alzheimer-compreender-e-acompanhar\/"},"author":{"name":"DYNSEO","@id":"https:\/\/www.dynseo.com\/pt-pt\/#\/schema\/person\/78ef63df2ee64e0989bc68f8401b38d6"},"headline":"As alucina\u00e7\u00f5es em pessoas com a doen\u00e7a de Alzheimer: compreender e acompanhar","datePublished":"2026-04-30T06:22:52+00:00","dateModified":"2026-04-30T06:29:06+00:00","mainEntityOfPage":{"@id":"https:\/\/www.dynseo.com\/pt-pt\/as-alucinacoes-em-pessoas-com-a-doenca-de-alzheimer-compreender-e-acompanhar\/"},"wordCount":4750,"publisher":{"@id":"https:\/\/www.dynseo.com\/pt-pt\/#organization"},"image":{"@id":"https:\/\/www.dynseo.com\/pt-pt\/as-alucinacoes-em-pessoas-com-a-doenca-de-alzheimer-compreender-e-acompanhar\/#primaryimage"},"thumbnailUrl":"https:\/\/www.dynseo.com\/wp-content\/uploads\/2023\/03\/communiquer-avec-une-personne-Alzheimer.png","articleSection":["Les conseils des coachs"],"inLanguage":"pt-PT"},{"@type":"WebPage","@id":"https:\/\/www.dynseo.com\/pt-pt\/as-alucinacoes-em-pessoas-com-a-doenca-de-alzheimer-compreender-e-acompanhar\/","url":"https:\/\/www.dynseo.com\/pt-pt\/as-alucinacoes-em-pessoas-com-a-doenca-de-alzheimer-compreender-e-acompanhar\/","name":"As alucina\u00e7\u00f5es em pessoas com a doen\u00e7a de Alzheimer: compreender e acompanhar - DYNSEO - Aplica\u00e7\u00f5es educativas e jogos de mem\u00f3ria","isPartOf":{"@id":"https:\/\/www.dynseo.com\/pt-pt\/#website"},"primaryImageOfPage":{"@id":"https:\/\/www.dynseo.com\/pt-pt\/as-alucinacoes-em-pessoas-com-a-doenca-de-alzheimer-compreender-e-acompanhar\/#primaryimage"},"image":{"@id":"https:\/\/www.dynseo.com\/pt-pt\/as-alucinacoes-em-pessoas-com-a-doenca-de-alzheimer-compreender-e-acompanhar\/#primaryimage"},"thumbnailUrl":"https:\/\/www.dynseo.com\/wp-content\/uploads\/2023\/03\/communiquer-avec-une-personne-Alzheimer.png","datePublished":"2026-04-30T06:22:52+00:00","dateModified":"2026-04-30T06:29:06+00:00","breadcrumb":{"@id":"https:\/\/www.dynseo.com\/pt-pt\/as-alucinacoes-em-pessoas-com-a-doenca-de-alzheimer-compreender-e-acompanhar\/#breadcrumb"},"inLanguage":"pt-PT","potentialAction":[{"@type":"ReadAction","target":["https:\/\/www.dynseo.com\/pt-pt\/as-alucinacoes-em-pessoas-com-a-doenca-de-alzheimer-compreender-e-acompanhar\/"]}]},{"@type":"ImageObject","inLanguage":"pt-PT","@id":"https:\/\/www.dynseo.com\/pt-pt\/as-alucinacoes-em-pessoas-com-a-doenca-de-alzheimer-compreender-e-acompanhar\/#primaryimage","url":"https:\/\/www.dynseo.com\/wp-content\/uploads\/2023\/03\/communiquer-avec-une-personne-Alzheimer.png","contentUrl":"https:\/\/www.dynseo.com\/wp-content\/uploads\/2023\/03\/communiquer-avec-une-personne-Alzheimer.png","width":500,"height":500,"caption":"Estimulando o desenvolvimento cognitivo de crian\u00e7as com PHDA atrav\u00e9s de jogos"},{"@type":"BreadcrumbList","@id":"https:\/\/www.dynseo.com\/pt-pt\/as-alucinacoes-em-pessoas-com-a-doenca-de-alzheimer-compreender-e-acompanhar\/#breadcrumb","itemListElement":[{"@type":"ListItem","position":1,"name":"Accueil","item":"https:\/\/www.dynseo.com\/pt-pt\/"},{"@type":"ListItem","position":2,"name":"As alucina\u00e7\u00f5es em pessoas com a doen\u00e7a de Alzheimer: compreender e acompanhar"}]},{"@type":"WebSite","@id":"https:\/\/www.dynseo.com\/pt-pt\/#website","url":"https:\/\/www.dynseo.com\/pt-pt\/","name":"Jeux de m\u00e9moire et stimulation cognitive","description":"Entra\u00eenez votre m\u00e9moire et votre cerveau avec DYNSEO","publisher":{"@id":"https:\/\/www.dynseo.com\/pt-pt\/#organization"},"potentialAction":[{"@type":"SearchAction","target":{"@type":"EntryPoint","urlTemplate":"https:\/\/www.dynseo.com\/pt-pt\/?s={search_term_string}"},"query-input":{"@type":"PropertyValueSpecification","valueRequired":true,"valueName":"search_term_string"}}],"inLanguage":"pt-PT"},{"@type":"Organization","@id":"https:\/\/www.dynseo.com\/pt-pt\/#organization","name":"DYNSEO","url":"https:\/\/www.dynseo.com\/pt-pt\/","logo":{"@type":"ImageObject","inLanguage":"pt-PT","@id":"https:\/\/www.dynseo.com\/pt-pt\/#\/schema\/logo\/image\/","url":"https:\/\/www.dynseo.com\/wp-content\/uploads\/2022\/05\/logo-dynseo-new.png","contentUrl":"https:\/\/www.dynseo.com\/wp-content\/uploads\/2022\/05\/logo-dynseo-new.png","width":5073,"height":1397,"caption":"DYNSEO"},"image":{"@id":"https:\/\/www.dynseo.com\/pt-pt\/#\/schema\/logo\/image\/"}},{"@type":"Person","@id":"https:\/\/www.dynseo.com\/pt-pt\/#\/schema\/person\/78ef63df2ee64e0989bc68f8401b38d6","name":"DYNSEO","url":"https:\/\/www.dynseo.com\/pt-pt\/author\/justine\/"}]}},"_links":{"self":[{"href":"https:\/\/www.dynseo.com\/pt-pt\/wp-json\/wp\/v2\/posts\/571920","targetHints":{"allow":["GET"]}}],"collection":[{"href":"https:\/\/www.dynseo.com\/pt-pt\/wp-json\/wp\/v2\/posts"}],"about":[{"href":"https:\/\/www.dynseo.com\/pt-pt\/wp-json\/wp\/v2\/types\/post"}],"author":[{"embeddable":true,"href":"https:\/\/www.dynseo.com\/pt-pt\/wp-json\/wp\/v2\/users\/4"}],"replies":[{"embeddable":true,"href":"https:\/\/www.dynseo.com\/pt-pt\/wp-json\/wp\/v2\/comments?post=571920"}],"version-history":[{"count":18,"href":"https:\/\/www.dynseo.com\/pt-pt\/wp-json\/wp\/v2\/posts\/571920\/revisions"}],"predecessor-version":[{"id":571938,"href":"https:\/\/www.dynseo.com\/pt-pt\/wp-json\/wp\/v2\/posts\/571920\/revisions\/571938"}],"wp:featuredmedia":[{"embeddable":true,"href":"https:\/\/www.dynseo.com\/pt-pt\/wp-json\/wp\/v2\/media\/100690"}],"wp:attachment":[{"href":"https:\/\/www.dynseo.com\/pt-pt\/wp-json\/wp\/v2\/media?parent=571920"}],"wp:term":[{"taxonomy":"category","embeddable":true,"href":"https:\/\/www.dynseo.com\/pt-pt\/wp-json\/wp\/v2\/categories?post=571920"},{"taxonomy":"post_tag","embeddable":true,"href":"https:\/\/www.dynseo.com\/pt-pt\/wp-json\/wp\/v2\/tags?post=571920"}],"curies":[{"name":"wp","href":"https:\/\/api.w.org\/{rel}","templated":true}]}}