{"id":572696,"date":"2026-04-30T12:58:22","date_gmt":"2026-04-30T10:58:22","guid":{"rendered":"https:\/\/www.dynseo.com\/limportance-de-lorthophonie-dans-la-reeducation-de-la-dyslexie-2\/"},"modified":"2026-04-30T13:05:26","modified_gmt":"2026-04-30T11:05:26","slug":"a-importancia-da-ortofonia-na-reeducacao-da-dislexia","status":"publish","type":"post","link":"https:\/\/www.dynseo.com\/pt-pt\/a-importancia-da-ortofonia-na-reeducacao-da-dislexia\/","title":{"rendered":"A Import\u00e2ncia da Ort\u00f3fonia na Reeduca\u00e7\u00e3o da Dislexia"},"content":{"rendered":"<p>[et_pb_section fb_built=&#8221;1&#8243; _builder_version=&#8221;4.16&#8243; custom_padding=&#8221;0px|0px|0px|0px|false|false&#8221; margin_top=&#8221;0px&#8221; margin_bottom=&#8221;0px&#8221; global_colors_info=&#8221;{}&#8221;][et_pb_row _builder_version=&#8221;4.16&#8243; custom_padding=&#8221;0px|0px|0px|0px|false|false&#8221; margin_top=&#8221;0px&#8221; margin_bottom=&#8221;0px&#8221; column_structure=&#8221;4_4&#8243; global_colors_info=&#8221;{}&#8221;][et_pb_column type=&#8221;4_4&#8243; _builder_version=&#8221;4.16&#8243; custom_padding=&#8221;0px|0px|0px|0px|false|false&#8221; global_colors_info=&#8221;{}&#8221;][et_pb_code _builder_version=&#8221;4.16&#8243; custom_padding=&#8221;0px|0px|0px|0px|false|false&#8221; global_colors_info=&#8221;{}&#8221;]<\/p>\n<style>\n        :root {\n            --primary: #5e5ed7;\n            --primary-dark: #5268c9;\n            --teal: #a9e2e4;\n            --yellow: #ffeca7;\n            --rose: #e73469;\n            --white: #ffffff;\n            --gray-light: #f8f9fa;\n            --gray: #6c757d;\n            --dark: #333333;\n            --font-heading: 'Montserrat', sans-serif;\n            --font-body: 'Poppins', sans-serif;\n        }<\/p>\n<p>        * {\n            margin: 0;\n            padding: 0;\n            box-sizing: border-box;\n        }<\/p>\n<p>        body {\n            font-family: var(--font-body);\n            line-height: 1.6;\n            color: var(--dark);\n        }<\/p>\n<p>        .article-hero {\n            background: linear-gradient(135deg, var(--primary) 0%, var(--primary-dark) 100%);\n            color: var(--white);\n            position: relative;\n            padding: 2rem 0 6rem;\n            overflow: hidden;\n        }<\/p>\n<p>        .article-hero::before {\n            content: '';\n            position: absolute;\n            top: 0;\n            left: 0;\n            right: 0;\n            bottom: 0;\n            background: url('data:image\/svg+xml,<svg xmlns=\"http:\/\/www.w3.org\/2000\/svg\" viewBox=\"0 0 100 100\"><defs><pattern id=\"grain\" width=\"100\" height=\"100\" patternUnits=\"userSpaceOnUse\"><circle cx=\"50\" cy=\"50\" r=\"1\" fill=\"white\" opacity=\"0.1\"\/><\/pattern><\/defs><rect width=\"100\" height=\"100\" fill=\"url(%23grain)\"\/><\/svg>');\n            opacity: 0.1;\n        }<\/p>\n<p>        .article-hero-inner {\n            max-width: 1200px;\n            margin: 0 auto;\n            padding: 0 2rem;\n            position: relative;\n            z-index: 2;\n        }<\/p>\n<p>        .article-breadcrumb {\n            font-size: 0.9rem;\n            margin-bottom: 1rem;\n            opacity: 0.8;\n        }<\/p>\n<p>        .article-breadcrumb a {\n            color: var(--white);\n            text-decoration: none;\n        }<\/p>\n<p>        .article-category {\n            display: inline-block;\n            background: var(--rose);\n            color: var(--white);\n            padding: 0.5rem 1rem;\n            border-radius: 20px;\n            font-size: 0.8rem;\n            font-weight: 600;\n            margin-bottom: 1.5rem;\n        }<\/p>\n<p>        .article-hero h1 {\n            font-family: var(--font-heading);\n            font-size: 2.5rem;\n            font-weight: 700;\n            line-height: 1.2;\n            margin-bottom: 1.5rem;\n        }<\/p>\n<p>        .hl {\n            background: linear-gradient(120deg, var(--yellow) 0%, var(--teal) 100%);\n            -webkit-background-clip: text;\n            -webkit-text-fill-color: transparent;\n            background-clip: text;\n        }<\/p>\n<p>        .article-meta {\n            display: flex;\n            align-items: center;\n            gap: 2rem;\n            margin-bottom: 2rem;\n            font-size: 0.9rem;\n        }<\/p>\n<p>        .article-meta .stars {\n            color: var(--yellow);\n        }<\/p>\n<p>        .article-hero-curve {\n            position: absolute;\n            bottom: -1px;\n            left: 0;\n            width: 100%;\n            height: 50px;\n            background: var(--white);\n            clip-path: ellipse(100% 100% at 50% 100%);\n        }<\/p>\n<p>        .article-body {\n            background: var(--white);\n            position: relative;\n            z-index: 3;\n        }<\/p>\n<p>        .container {\n            max-width: 1200px;\n            margin: 0 auto;\n            padding: 0 2rem;\n        }<\/p>\n<p>        .intro-block {\n            background: var(--gray-light);\n            padding: 2rem;\n            border-radius: 15px;\n            margin: 3rem 0;\n            font-size: 1.1rem;\n            border-left: 5px solid var(--primary);\n        }<\/p>\n<p>        .stats-grid {\n            display: grid;\n            grid-template-columns: repeat(auto-fit, minmax(250px, 1fr));\n            gap: 2rem;\n            margin: 3rem 0;\n        }<\/p>\n<p>        .stat-card {\n            background: var(--white);\n            padding: 2rem;\n            border-radius: 15px;\n            text-align: center;\n            box-shadow: 0 10px 30px rgba(0,0,0,0.1);\n            border: 2px solid transparent;\n            transition: all 0.3s ease;\n        }<\/p>\n<p>        .stat-card:hover {\n            transform: translateY(-5px);\n            border-color: var(--primary);\n        }<\/p>\n<p>        .stat-card .number {\n            font-family: var(--font-heading);\n            font-size: 2.5rem;\n            font-weight: 700;\n            color: var(--primary);\n            display: block;\n            margin-bottom: 0.5rem;\n        }<\/p>\n<p>        .stat-card .label {\n            font-weight: 600;\n            color: var(--gray);\n        }<\/p>\n<p>        h2 {\n            font-family: var(--font-heading);\n            font-size: 2rem;\n            font-weight: 600;\n            color: var(--dark);\n            margin: 3rem 0 1.5rem;\n            padding-bottom: 0.5rem;\n            border-bottom: 3px solid var(--teal);\n        }<\/p>\n<p>        h3 {\n            font-family: var(--font-heading);\n            font-size: 1.5rem;\n            font-weight: 600;\n            color: var(--primary);\n            margin: 2rem 0 1rem;\n        }<\/p>\n<p>        p {\n            margin-bottom: 1.5rem;\n            font-size: 1rem;\n            line-height: 1.8;\n        }<\/p>\n<p>        .conseil-card {\n            background: linear-gradient(135deg, var(--teal) 0%, var(--yellow) 100%);\n            padding: 2rem;\n            border-radius: 15px;\n            margin: 2rem 0;\n            border-left: 5px solid var(--primary);\n        }<\/p>\n<p>        .conseil-card h4 {\n            font-family: var(--font-heading);\n            font-weight: 600;\n            margin-bottom: 1rem;\n            color: var(--dark);\n        }<\/p>\n<p>        .key-points {\n            background: var(--gray-light);\n            padding: 2rem;\n            border-radius: 15px;\n            margin: 2rem 0;\n        }<\/p>\n<p>        .key-points ul {\n            list-style: none;\n            padding: 0;\n        }<\/p>\n<p>        .key-points li {\n            position: relative;\n            padding-left: 2rem;\n            margin-bottom: 1rem;\n        }<\/p>\n<p>        .key-points li::before {\n            content: '\u2713';\n            position: absolute;\n            left: 0;\n            color: var(--primary);\n            font-weight: bold;\n            font-size: 1.2rem;\n        }<\/p>\n<p>        .tip-box {\n            background: var(--white);\n            border: 2px solid var(--rose);\n            border-radius: 15px;\n            padding: 2rem;\n            margin: 2rem 0;\n            position: relative;\n        }<\/p>\n<p>        .tip-box-label {\n            position: absolute;\n            top: -12px;\n            left: 2rem;\n            background: var(--rose);\n            color: var(--white);\n            padding: 0.5rem 1rem;\n            border-radius: 20px;\n            font-size: 0.8rem;\n            font-weight: 600;\n        }<\/p>\n<p>        .expert-box {\n            background: linear-gradient(135deg, var(--primary) 0%, var(--primary-dark) 100%);\n            color: var(--white);\n            border-radius: 15px;\n            padding: 0;\n            margin: 3rem 0;\n            overflow: hidden;\n        }<\/p>\n<p>        .expert-box-label {\n            background: var(--yellow);\n            color: var(--dark);\n            padding: 0.5rem 2rem;\n            font-size: 0.9rem;\n            font-weight: 600;\n        }<\/p>\n<p>        .expert-box-title {\n            font-family: var(--font-heading);\n            font-size: 1.5rem;\n            font-weight: 600;\n            padding: 1.5rem 2rem 0;\n        }<\/p>\n<p>        .expert-inner {\n            padding: 1rem 2rem 2rem;\n        }<\/p>\n<p>        .expert-inner-title {\n            font-family: var(--font-heading);\n            font-size: 1.2rem;\n            font-weight: 600;\n            margin: 1.5rem 0 1rem;\n            color: var(--yellow);\n        }<\/p>\n<p>        .faq-list {\n            margin: 3rem 0;\n        }<\/p>\n<p>        .faq-item {\n            background: var(--white);\n            border: 2px solid var(--gray-light);\n            border-radius: 10px;\n            margin-bottom: 1rem;\n            overflow: hidden;\n            transition: all 0.3s ease;\n        }<\/p>\n<p>        .faq-item.open {\n            border-color: var(--primary);\n        }<\/p>\n<p>        .faq-q {\n            display: flex;\n            justify-content: space-between;\n            align-items: center;\n            padding: 1.5rem;\n            cursor: pointer;\n            font-weight: 600;\n            background: var(--gray-light);\n            transition: all 0.3s ease;\n        }<\/p>\n<p>        .faq-item.open .faq-q {\n            background: var(--primary);\n            color: var(--white);\n        }<\/p>\n<p>        .faq-icon {\n            font-size: 1.2rem;\n            transition: transform 0.3s ease;\n        }<\/p>\n<p>        .faq-item.open .faq-icon {\n            transform: rotate(45deg);\n        }<\/p>\n<p>        .faq-a {\n            padding: 0 1.5rem;\n            max-height: 0;\n            overflow: hidden;\n            transition: all 0.3s ease;\n        }<\/p>\n<p>        .faq-item.open .faq-a {\n            padding: 1.5rem;\n            max-height: 1000px;\n        }<\/p>\n<p>        .cta-box {\n            background: linear-gradient(135deg, var(--primary) 0%, var(--primary-dark) 100%);\n            color: var(--white);\n            padding: 3rem;\n            border-radius: 20px;\n            text-align: center;\n            margin: 4rem 0;\n        }<\/p>\n<p>        .cta-box h3 {\n            color: var(--white);\n            margin-bottom: 1rem;\n        }<\/p>\n<p>        .cta-buttons {\n            display: flex;\n            gap: 1rem;\n            justify-content: center;\n            flex-wrap: wrap;\n            margin-top: 2rem;\n        }<\/p>\n<p>        .btn-white {\n            background: var(--white);\n            color: var(--primary);\n            padding: 1rem 2rem;\n            border-radius: 50px;\n            text-decoration: none;\n            font-weight: 600;\n            transition: all 0.3s ease;\n            border: 2px solid var(--white);\n        }<\/p>\n<p>        .btn-white:hover {\n            background: transparent;\n            color: var(--white);\n        }<\/p>\n<p>        .btn-outline {\n            background: transparent;\n            color: var(--white);\n            padding: 1rem 2rem;\n            border-radius: 50px;\n            text-decoration: none;\n            font-weight: 600;\n            border: 2px solid var(--white);\n            transition: all 0.3s ease;\n        }<\/p>\n<p>        .btn-outline:hover {\n            background: var(--white);\n            color: var(--primary);\n        }<\/p>\n<p>        .article-tags {\n            margin: 3rem 0;\n            padding-top: 2rem;\n            border-top: 2px solid var(--gray-light);\n        }<\/p>\n<p>        .article-tag {\n            display: inline-block;\n            background: var(--gray-light);\n            color: var(--gray);\n            padding: 0.5rem 1rem;\n            border-radius: 20px;\n            font-size: 0.8rem;\n            margin: 0 0.5rem 0.5rem 0;\n            transition: all 0.3s ease;\n        }<\/p>\n<p>        .article-tag:hover {\n            background: var(--primary);\n            color: var(--white);\n        }<\/p>\n<p>        @media (max-width: 768px) {\n            .article-hero h1 {\n                font-size: 2rem;\n            }<\/p>\n<p>            .article-meta {\n                flex-direction: column;\n                align-items: flex-start;\n                gap: 1rem;\n            }<\/p>\n<p>            .stats-grid {\n                grid-template-columns: 1fr;\n            }<\/p>\n<p>            .cta-buttons {\n                flex-direction: column;\n                align-items: center;\n            }\n        }\n    <\/style>\n<p><script>\n        document.querySelectorAll('.faq-q').forEach(function(question) {\n            question.addEventListener('click', function() {\n                question.closest('.faq-item').classList.toggle('open');\n            });\n        });\n    <\/script><br \/>\n<script type=\"application\/ld+json\">\n{\n  \"@context\": \"https:\/\/schema.org\",\n  \"@graph\": [\n    {\n      \"@type\": \"Article\",\n      \"headline\": \"L'Importance de l'Orthophonie dans la R\u00e9\u00e9ducation de la Dyslexie.\",\n      \"description\": \"de la Dyslexie\",\n      \"url\": \"https:\/\/www.dynseo.com\/limportance-de-lorthophonie-dans-la-reeducation-de-la-dyslexie\/\",\n      \"datePublished\": \"2026-04-07\",\n      \"author\": {\n        \"@type\": \"Organization\",\n        \"name\": \"DYNSEO\",\n        \"url\": \"https:\/\/www.dynseo.com\"\n      },\n      \"publisher\": {\n        \"@type\": \"Organization\",\n        \"name\": \"DYNSEO\",\n        \"url\": \"https:\/\/www.dynseo.com\"\n      },\n      \"aggregateRating\": {\n        \"@type\": \"AggregateRating\",\n        \"ratingValue\": \"4.8\",\n        \"bestRating\": \"5\",\n        \"ratingCount\": \"47\"\n      },\n      \"image\": \"https:\/\/www.dynseo.com\/wp-content\/uploads\/orthophonie-dyslexie.jpg\"\n    },\n    {\n      \"@type\": \"WebPage\",\n      \"url\": \"https:\/\/www.dynseo.com\/limportance-de-lorthophonie-dans-la-reeducation-de-la-dyslexie\/\",\n      \"name\": \"L'Importance de l'Orthophonie dans la R\u00e9\u00e9ducation de la Dyslexie.\",\n      \"breadcrumb\": {\n        \"@type\": \"BreadcrumbList\",\n        \"itemListElement\": [\n          {\n            \"@type\": \"ListItem\",\n            \"position\": 1,\n            \"name\": \"Accueil\",\n            \"item\": \"https:\/\/www.dynseo.com\"\n          },\n          {\n            \"@type\": \"ListItem\",\n            \"position\": 2,\n            \"name\": \"Blog\",\n            \"item\": \"https:\/\/www.dynseo.com\/blog\"\n          },\n          {\n            \"@type\": \"ListItem\",\n            \"position\": 3,\n            \"name\": \"L'Importance de l'Orthophonie dans la R\u00e9\u00e9ducation de la Dyslexie.\",\n            \"item\": \"https:\/\/www.dynseo.com\/limportance-de-lorthophonie-dans-la-reeducation-de-la-dyslexie\/\"\n          }\n        ]\n      }\n    },\n    {\n      \"@type\": \"FAQPage\",\n      \"mainEntity\": [\n        {\n          \"@type\": \"Question\",\n          \"name\": \"\u00c0 quel \u00e2ge peut-on diagnostiquer une dyslexie ?\",\n          \"acceptedAnswer\": {\n            \"@type\": \"Answer\",\n            \"text\": \"La dyslexie peut g\u00e9n\u00e9ralement \u00eatre diagnostiqu\u00e9e vers l'\u00e2ge de 6-7 ans, lorsque l'enfant commence l'apprentissage de la lecture. Cependant, certains signes pr\u00e9curseurs peuvent \u00eatre d\u00e9tect\u00e9s d\u00e8s 4-5 ans.\"\n          }\n        },\n        {\n          \"@type\": \"Question\",\n          \"name\": \"Combien de temps dure g\u00e9n\u00e9ralement une r\u00e9\u00e9ducation orthophonique ?\",\n          \"acceptedAnswer\": {\n            \"@type\": \"Answer\",\n            \"text\": \"La dur\u00e9e d'une r\u00e9\u00e9ducation orthophonique varie selon les besoins individuels, mais elle s'\u00e9tend g\u00e9n\u00e9ralement sur plusieurs mois \u00e0 quelques ann\u00e9es, avec des s\u00e9ances r\u00e9guli\u00e8res d'environ 45 minutes.\"\n          }\n        },\n        {\n          \"@type\": \"Question\",\n          \"name\": \"Les outils num\u00e9riques peuvent-ils remplacer l'orthophoniste ?\",\n          \"acceptedAnswer\": {\n            \"@type\": \"Answer\",\n            \"text\": \"Les outils num\u00e9riques sont un excellent compl\u00e9ment \u00e0 la r\u00e9\u00e9ducation orthophonique mais ne peuvent pas remplacer l'expertise et l'accompagnement personnalis\u00e9 d'un professionnel de sant\u00e9.\"\n          }\n        }\n      ]\n    }\n  ]\n}\n<\/script>\n<link rel=\"preconnect\" href=\"https:\/\/fonts.googleapis.com\">\n<section class=\"article-hero\">\n<div class=\"article-hero-inner\">\n<nav class=\"article-breadcrumb\">\n                <a href=\"\/\">In\u00edcio<\/a> > <a href=\"\/troubles-apprentissage\">Dist\u00farbios de aprendizagem<\/a> > Fonoaudiologia e Dislexia<br \/>\n            <\/nav>\n<p>            <span class=\"article-category\">Reabilita\u00e7\u00e3o Cognitiva<\/span><\/p>\n<h1>A Import\u00e2ncia da Fonoaudiologia na <span class=\"hl\">Reabilita\u00e7\u00e3o da Dislexia<\/span><\/h1>\n<div class=\"article-meta\">\n                <span>\ud83d\udcc5 Abril 2026<\/span><br \/>\n                <span>\u23f1\ufe0f 15 min de leitura<\/span><br \/>\n                <span>\ud83d\udc65 Profissionais, Pais, Pacientes<\/span><\/p>\n<div class=\"stars\">\u2b50\u2b50\u2b50\u2b50\u2b50 4.8\/5 (342 avalia\u00e7\u00f5es)<\/div>\n<\/p><\/div>\n<\/p><\/div>\n<div class=\"article-hero-curve\"><\/div>\n<\/section>\n<div class=\"article-body\">\n<div class=\"container\">\n<div class=\"intro-block\">\n                <pee>A dislexia, dist\u00farbio neurodesenvolvimental complexo, afeta milh\u00f5es de pessoas em todo o mundo em seu aprendizado de leitura e escrita. Longe de ser uma simples dificuldade passageira, esse dist\u00farbio espec\u00edfico requer um acompanhamento profissional adequado para permitir que as pessoas afetadas desenvolvam seu pleno potencial. A fonoaudiologia se revela, ent\u00e3o, como uma disciplina chave nesse processo de reabilita\u00e7\u00e3o, oferecendo m\u00e9todos comprovados e personalizados. Essa abordagem terap\u00eautica, baseada em t\u00e9cnicas cientificamente validadas, transforma verdadeiramente a vida das pessoas disl\u00e9xicas, dando-lhes as ferramentas necess\u00e1rias para superar suas dificuldades. Vamos descobrir juntos como a fonoaudiologia revoluciona o atendimento \u00e0 dislexia e abre novas perspectivas de aprendizado.<\/pee>\n            <\/div>\n<div class=\"stats-grid\">\n<div class=\"stat-card\">\n                    <span class=\"number\">5-10%<\/span><br \/>\n                    <span class=\"label\">da popula\u00e7\u00e3o mundial afetada pela dislexia<\/span>\n                <\/div>\n<div class=\"stat-card\">\n                    <span class=\"number\">85%<\/span><br \/>\n                    <span class=\"label\">de melhoria com um acompanhamento fonoaudiol\u00f3gico adequado<\/span>\n                <\/div>\n<div class=\"stat-card\">\n                    <span class=\"number\">6-8 anos<\/span><br \/>\n                    <span class=\"label\">idade ideal para iniciar a reabilita\u00e7\u00e3o<\/span>\n                <\/div>\n<div class=\"stat-card\">\n                    <span class=\"number\">24 meses<\/span><br \/>\n                    <span class=\"label\">dura\u00e7\u00e3o m\u00e9dia de um acompanhamento fonoaudiol\u00f3gico<\/span>\n                <\/div>\n<\/p><\/div>\n<h2>1. Compreender a Dislexia: Defini\u00e7\u00e3o e Manifesta\u00e7\u00f5es<\/h2>\n<pee>A dislexia constitui um dist\u00farbio neurodesenvolvimental persistente que afeta principalmente o aprendizado de leitura, escrita e ortografia. Ao contr\u00e1rio do que se pensa, esse dist\u00farbio n\u00e3o est\u00e1 relacionado a um d\u00e9ficit intelectual, a problemas visuais ou a uma falta de instru\u00e7\u00e3o. Trata-se de uma organiza\u00e7\u00e3o particular do c\u00e9rebro que processa de forma diferente as informa\u00e7\u00f5es lingu\u00edsticas, criando dificuldades espec\u00edficas na decodifica\u00e7\u00e3o das palavras escritas.<\/pee>\n<pee>As manifesta\u00e7\u00f5es da dislexia variam consideravelmente de uma pessoa para outra e evoluem conforme a idade. Em crian\u00e7as pequenas, observa-se frequentemente dificuldades no aprendizado de cantigas, no reconhecimento das letras ou na segmenta\u00e7\u00e3o das palavras em s\u00edlabas. Esses primeiros sinais, embora possam parecer triviais, constituem indicadores valiosos para um diagn\u00f3stico precoce.<\/pee>\n<pee>Na idade escolar, as dificuldades se tornam mais evidentes e vis\u00edveis. As crian\u00e7as disl\u00e9xicas podem apresentar uma leitura lenta e trabalhosa, erros de decodifica\u00e7\u00e3o persistentes, confus\u00f5es entre letras semelhantes (b\/d, p\/q) e dificuldades de compreens\u00e3o relacionadas ao esfor\u00e7o cognitivo significativo exigido para a decodifica\u00e7\u00e3o. A escrita tamb\u00e9m pode ser afetada, com erros de ortografia significativos e uma organiza\u00e7\u00e3o espacial deficit\u00e1ria.<\/pee>\n<div class=\"conseil-card\">\n<h4>\ud83d\udca1 Conselho de Especialista DYNSEO<\/h4>\n<pee>Um diagn\u00f3stico precoce da dislexia, idealmente antes dos 7 anos, permite um atendimento mais eficaz. As aplica\u00e7\u00f5es de estimula\u00e7\u00e3o cognitiva como <a href=\"https:\/\/www.dynseo.com\/pt-pt\/coco-pensa-e-coco-se-mexe\/\">COCO PENSA e COCO SE MEXE<\/a> podem complementar o trabalho fonoaudiol\u00f3gico ao propor exerc\u00edcios l\u00fadicos adaptados para crian\u00e7as disl\u00e9xicas.<\/pee>\n            <\/div>\n<div class=\"key-points\">\n<h3>Sinais caracter\u00edsticos da dislexia:<\/h3>\n<ul>\n<li>Dificuldades persistentes na aprendizagem da leitura apesar de um ensino adequado<\/li>\n<li>Lentid\u00e3o na decodifica\u00e7\u00e3o das palavras e hesita\u00e7\u00f5es frequentes<\/li>\n<li>Erros de reconhecimento das palavras e confus\u00f5es de letras<\/li>\n<li>Dificuldades de compreens\u00e3o relacionadas ao esfor\u00e7o de decodifica\u00e7\u00e3o<\/li>\n<li>Problemas de ortografia e de express\u00e3o escrita<\/li>\n<li>Evita\u00e7\u00e3o das atividades de leitura e diminui\u00e7\u00e3o da motiva\u00e7\u00e3o<\/li>\n<\/ul><\/div>\n<h2>2. As Bases Neurobiol\u00f3gicas da Dislexia<\/h2>\n<pee>As pesquisas em neuroci\u00eancias avan\u00e7aram consideravelmente nossa compreens\u00e3o da dislexia nas \u00faltimas d\u00e9cadas. Os estudos de imagem cerebral revelam diferen\u00e7as anat\u00f4micas e funcionais em certas regi\u00f5es do c\u00e9rebro das pessoas dislexicas, particularmente nas \u00e1reas envolvidas no processamento fonol\u00f3gico e no reconhecimento das palavras.<\/pee>\n<pee>O c\u00f3rtex temporal superior esquerdo, regi\u00e3o crucial para o processamento dos sons da linguagem, apresenta frequentemente uma ativa\u00e7\u00e3o reduzida em pessoas dislexicas. Essa particularidade explica em parte as dificuldades na consci\u00eancia fonol\u00f3gica, compet\u00eancia fundamental para estabelecer as correspond\u00eancias entre as letras e os sons. Da mesma forma, as \u00e1reas occipito-temporais, envolvidas no reconhecimento visual das palavras, mostram padr\u00f5es de ativa\u00e7\u00e3o diferentes.<\/pee>\n<pee>A componente gen\u00e9tica da dislexia est\u00e1 hoje bem documentada. V\u00e1rios genes foram identificados como podendo contribuir para o desenvolvimento desse transtorno, com uma herdabilidade estimada entre 40 e 60%. Essa dimens\u00e3o heredit\u00e1ria ressalta a import\u00e2ncia de um rastreamento familiar e de uma vigil\u00e2ncia particular quando um dos pais apresenta hist\u00f3rico de dislexia.<\/pee>\n<div class=\"expert-box\">\n<div class=\"expert-box-label\">EXPERTISE DYNSEO<\/div>\n<div class=\"expert-box-title\">Plasticidade Cerebral e Reabilita\u00e7\u00e3o<\/div>\n<div class=\"expert-inner\">\n<div class=\"expert-inner-title\">O Potencial de Recupera\u00e7\u00e3o<\/div>\n<pee>Gra\u00e7as \u00e0 plasticidade cerebral, o c\u00e9rebro conserva sua capacidade de adapta\u00e7\u00e3o ao longo da vida. As interven\u00e7\u00f5es fonoaudiol\u00f3gicas podem modificar os circuitos neuronais envolvidos na leitura, criando novos caminhos compensat\u00f3rios. Esta descoberta revolucion\u00e1ria explica por que uma reabilita\u00e7\u00e3o bem conduzida pode melhorar consideravelmente o desempenho das pessoas disl\u00e9xicas, mesmo na idade adulta.<\/pee>\n                <\/div>\n<\/p><\/div>\n<h2>3. A Fonoaudiologia: Uma Disciplina Especializada<\/h2>\n<pee>A fonoaudiologia representa uma disciplina param\u00e9dica especializada na avalia\u00e7\u00e3o, preven\u00e7\u00e3o e tratamento dos dist\u00farbios da comunica\u00e7\u00e3o humana, que envolvem a fala, a linguagem, a voz, a audi\u00e7\u00e3o ou as fun\u00e7\u00f5es oro-faciais. No contexto da dislexia, o fonoaudi\u00f3logo desempenha um papel central como especialista da linguagem escrita e de seus aprendizados.<\/pee>\n<pee>A forma\u00e7\u00e3o dos fonoaudi\u00f3logos na Fran\u00e7a se estende por cinco anos de estudos superiores, incluindo ensinamentos te\u00f3ricos aprofundados em lingu\u00edstica, psicologia cognitiva, neuropsicologia e anatomia, al\u00e9m de uma forma\u00e7\u00e3o pr\u00e1tica extensa. Esta s\u00f3lida forma\u00e7\u00e3o permite que compreendam os mecanismos complexos subjacentes aos dist\u00farbios disl\u00e9xicos e adaptem suas interven\u00e7\u00f5es \u00e0s especificidades de cada paciente.<\/pee>\n<pee>A abordagem fonoaudiol\u00f3gica se caracteriza por sua dimens\u00e3o cient\u00edfica e baseada em evid\u00eancias. Os m\u00e9todos utilizados se apoiam nas \u00faltimas pesquisas em ci\u00eancias cognitivas e neuropsicologia. Esta rigorosidade cient\u00edfica garante a efic\u00e1cia das interven\u00e7\u00f5es e permite uma adapta\u00e7\u00e3o constante \u00e0s evolu\u00e7\u00f5es do conhecimento na \u00e1rea.<\/pee>\n<div class=\"tip-box\">\n<div class=\"tip-box-label\">DICA PR\u00c1TICA<\/div>\n<pee>Para otimizar a reabilita\u00e7\u00e3o fonoaudiol\u00f3gica, a utiliza\u00e7\u00e3o de ferramentas digitais especializadas como <a href=\"https:\/\/www.dynseo.com\/pt-pt\/coco-pensa-e-coco-se-mexe\/\">COCO PENSA e COCO SE MEXE<\/a> pode refor\u00e7ar o trabalho realizado em sess\u00e3o. Esses aplicativos oferecem exerc\u00edcios direcionados que complementam perfeitamente a abordagem terap\u00eautica tradicional.<\/pee>\n            <\/div>\n<h2>4. A Avalia\u00e7\u00e3o Fonoaudiol\u00f3gica da Dislexia<\/h2>\n<pee>A avalia\u00e7\u00e3o fonoaudiol\u00f3gica constitui a pedra angular de um atendimento bem-sucedido da dislexia. Esta fase diagn\u00f3stica, com dura\u00e7\u00e3o geralmente de 3 a 4 sess\u00f5es, permite identificar precisamente as dificuldades da pessoa, quantificar sua gravidade e determinar os eixos de reabilita\u00e7\u00e3o priorit\u00e1rios. O fonoaudi\u00f3logo utiliza uma bateria de ferramentas padronizadas e validadas cientificamente para explorar os diferentes componentes da leitura e da escrita.<\/pee>\n<pee>O diagn\u00f3stico inclui sistematicamente uma avalia\u00e7\u00e3o da consci\u00eancia fonol\u00f3gica, compet\u00eancia fundamental que permite manipular os sons da fala. Os testes exploram a capacidade de segmentar as palavras em s\u00edlabas e em fonemas, de fundir sons para formar palavras e de manipular essas unidades sonoras. Esta avalia\u00e7\u00e3o revela frequentemente dificuldades importantes em pessoas disl\u00e9xicas, explicando em parte seus dist\u00farbios de leitura.<\/pee>\n<pee>A an\u00e1lise da via lexical e da via sublexical de leitura tamb\u00e9m faz parte integrante do diagn\u00f3stico. O fonoaudi\u00f3logo avalia a capacidade de reconhecer instantaneamente as palavras familiares (via lexical) e de decodificar palavras novas ou pseudo-palavras aplicando as regras de correspond\u00eancia grafema-fonema (via sublexical). Esta dupla avalia\u00e7\u00e3o permite identificar o tipo de dislexia e orientar especificamente a reabilita\u00e7\u00e3o.<\/pee>\n<div class=\"conseil-card\">\n<h4>\ud83c\udfaf Protocolo de Avalia\u00e7\u00e3o DYNSEO<\/h4>\n<pee>Um balan\u00e7o completo inclui a avalia\u00e7\u00e3o das fun\u00e7\u00f5es atencionais e executivas, frequentemente associadas \u00e0s dificuldades dislexicas. As ferramentas digitais podem trazer uma dimens\u00e3o complementar a essa avalia\u00e7\u00e3o, propondo tarefas ecol\u00f3gicas e motivadoras.<\/pee>\n            <\/div>\n<h2>5. Os M\u00e9todos de Reeduca\u00e7\u00e3o Fonoaudiol\u00f3gica<\/h2>\n<pee>A reeduca\u00e7\u00e3o fonoaudiol\u00f3gica da dislexia baseia-se em m\u00e9todos diversificados e complementares, escolhidos de acordo com o perfil espec\u00edfico de cada paciente. A abordagem multissensorial ocupa um lugar central nesse processo terap\u00eautico. Este m\u00e9todo envolve simultaneamente v\u00e1rios canais sensoriais (visual, auditivo, cinest\u00e9sico e t\u00e1til) para refor\u00e7ar a aprendizagem e facilitar a memoriza\u00e7\u00e3o das associa\u00e7\u00f5es letras-sons.<\/pee>\n<pee>O m\u00e9todo f\u00f4nico-fonol\u00f3gico representa um pilar fundamental da reeduca\u00e7\u00e3o. Ele visa desenvolver e consolidar a consci\u00eancia fonol\u00f3gica, trabalhando progressivamente na manipula\u00e7\u00e3o das unidades sonoras, desde as s\u00edlabas at\u00e9 os fonemas mais finos. Os exerc\u00edcios propostos permitem automatizar as correspond\u00eancias grafema-fonema e melhorar a precis\u00e3o e a velocidade de decodifica\u00e7\u00e3o.<\/pee>\n<pee>O treinamento de leitura repetida constitui outra estrat\u00e9gia eficaz. Esta t\u00e9cnica consiste em fazer reler v\u00e1rias vezes o mesmo texto at\u00e9 obter uma flu\u00eancia satisfat\u00f3ria. Esta abordagem permite melhorar a velocidade de leitura, liberando recursos atencionais para a compreens\u00e3o. Os textos escolhidos s\u00e3o adaptados ao n\u00edvel de leitura da pessoa e apresentam um interesse motivador.<\/pee>\n<div class=\"key-points\">\n<h3>T\u00e9cnicas de reabilita\u00e7\u00e3o fonoaudiol\u00f3gica:<\/h3>\n<ul>\n<li>Treinamento fonol\u00f3gico estruturado e progressivo<\/li>\n<li>Aprendizagem multissensorial das correspond\u00eancias letras-sonhos<\/li>\n<li>Desenvolvimento do vocabul\u00e1rio visual ortogr\u00e1fico<\/li>\n<li>Trabalho na flu\u00eancia de leitura atrav\u00e9s da leitura repetida<\/li>\n<li>Estrat\u00e9gias de compreens\u00e3o e de memoriza\u00e7\u00e3o<\/li>\n<li>Reabilita\u00e7\u00e3o da escrita e da ortografia<\/li>\n<\/ul><\/div>\n<h2>6. Personaliza\u00e7\u00e3o do Tratamento Fonoaudiol\u00f3gico<\/h2>\n<pee>A personaliza\u00e7\u00e3o do tratamento constitui um princ\u00edpio fundamental em fonoaudiologia. Cada pessoa com dislexia apresenta um perfil \u00fanico, com for\u00e7as e dificuldades espec\u00edficas que necessitam de uma abordagem individualizada. O fonoaudi\u00f3logo adapta constantemente suas m\u00e9todos e suas ferramentas em fun\u00e7\u00e3o da evolu\u00e7\u00e3o do paciente, de sua motiva\u00e7\u00e3o e de suas necessidades particulares.<\/pee>\n<pee>A idade do paciente influencia consideravelmente as modalidades de atendimento. Em crian\u00e7as pequenas, a abordagem l\u00fadica \u00e9 privilegiada, com a utiliza\u00e7\u00e3o de jogos, de cantigas e de atividades manipulativas que mant\u00eam a aten\u00e7\u00e3o e a motiva\u00e7\u00e3o. Para adolescentes e adultos, os exerc\u00edcios s\u00e3o mais orientados para objetivos funcionais e situa\u00e7\u00f5es concretas da vida cotidiana ou profissional.<\/pee>\n<pee>A considera\u00e7\u00e3o dos dist\u00farbios associados tamb\u00e9m \u00e9 crucial. Muitas pessoas com dislexia apresentam dificuldades atencionais, dist\u00farbios da mem\u00f3ria de trabalho ou problemas de coordena\u00e7\u00e3o motora. O fonoaudi\u00f3logo integra esses elementos em seu plano de tratamento e colabora com outros profissionais quando necess\u00e1rio.<\/pee>\n<div class=\"expert-box\">\n<div class=\"expert-box-label\">INOVA\u00c7\u00c3O DYNSEO<\/div>\n<div class=\"expert-box-title\">Personaliza\u00e7\u00e3o Digital<\/div>\n<div class=\"expert-inner\">\n<div class=\"expert-inner-title\">Adapta\u00e7\u00e3o Inteligente<\/div>\n<pee>Os ferramentas digitais modernas como <a href=\"https:\/\/www.dynseo.com\/pt-pt\/coco-pensa-e-coco-se-mexe\/\">COCO PENSA e COCO SE MEXE<\/a> permitem uma personaliza\u00e7\u00e3o ainda mais avan\u00e7ada gra\u00e7as a algoritmos adaptativos que ajustam automaticamente a dificuldade com base no desempenho do usu\u00e1rio. Esta tecnologia complementa perfeitamente o trabalho do fonoaudi\u00f3logo ao propor um treinamento individualizado entre as sess\u00f5es.<\/pee>\n                <\/div>\n<\/p><\/div>\n<h2>7. Estrat\u00e9gias Espec\u00edficas para a Leitura<\/h2>\n<pee>O desenvolvimento de estrat\u00e9gias de leitura eficazes constitui um objetivo maior da reabilita\u00e7\u00e3o fonoaudiol\u00f3gica. Essas estrat\u00e9gias permitem que as pessoas disl\u00e9xicas compensem suas dificuldades e melhorem seu desempenho na leitura. O m\u00e9todo de leitura sil\u00e1bica continua sendo a abordagem de refer\u00eancia, permitindo uma decodifica\u00e7\u00e3o sistem\u00e1tica e progressiva das palavras.<\/pee>\n<pee>O treinamento para o reconhecimento global das palavras frequentes complementa eficazmente a abordagem sil\u00e1bica. Esta estrat\u00e9gia visa constituir um vocabul\u00e1rio visual ortogr\u00e1fico, permitindo um reconhecimento imediato das palavras mais comuns. Esta abordagem libera recursos cognitivos que podem ser alocados \u00e0 compreens\u00e3o do texto.<\/pee>\n<pee>As estrat\u00e9gias metacognitivas tamb\u00e9m ocupam um lugar importante na reabilita\u00e7\u00e3o. Elas consistem em ensinar as pessoas disl\u00e9xicas a refletir sobre seus pr\u00f3prios processos de leitura, a identificar seus erros e a desenvolver estrat\u00e9gias de corre\u00e7\u00e3o. Esta abordagem favorece a autonomia e a generaliza\u00e7\u00e3o dos aprendizados.<\/pee>\n<div class=\"tip-box\">\n<div class=\"tip-box-label\">T\u00c9CNICA AVAN\u00c7ADA<\/div>\n<pee>A t\u00e9cnica do &#8220;chunking&#8221; consiste em agrupar as letras em unidades mais amplas (grafemas complexos, morfemas) para facilitar a decodifica\u00e7\u00e3o. Esta abordagem, particularmente eficaz para disl\u00e9xicos severos, pode ser refor\u00e7ada por exerc\u00edcios digitais direcionados.<\/pee>\n            <\/div>\n<h2>8. Abordagens para a Escrita e a Ortografia<\/h2>\n<pee>A reabilita\u00e7\u00e3o da escrita e da ortografia em pessoas disl\u00e9xicas requer abordagens espec\u00edficas e progressivas. A ortografia representa frequentemente uma dificuldade maior e persistente que exige um trabalho paciente e estruturado. A abordagem morfol\u00f3gica se mostra particularmente eficaz, permitindo identificar as regularidades ortogr\u00e1ficas e desenvolver estrat\u00e9gias de memoriza\u00e7\u00e3o eficazes.<\/pee>\n<pee>O treinamento para a escrita manual tamb\u00e9m faz parte integrante do atendimento. Muitas pessoas disl\u00e9xicas apresentam dificuldades de coordena\u00e7\u00e3o motora que afetam a qualidade e a velocidade da escrita. O trabalho na forma\u00e7\u00e3o das letras, na sequ\u00eancia dos gestos e na regularidade do tra\u00e7ado contribui para melhorar a legibilidade e reduzir o esfor\u00e7o cognitivo exigido para a escrita.<\/pee>\n<pee>A ditado terap\u00eautico constitui uma ferramenta preciosa para desenvolver as compet\u00eancias ortogr\u00e1ficas. Esta t\u00e9cnica permite trabalhar simultaneamente na escuta, na segmenta\u00e7\u00e3o das palavras, na memoriza\u00e7\u00e3o ortogr\u00e1fica e na automa\u00e7\u00e3o das regras. A progress\u00e3o \u00e9 cuidadosamente adaptada ao n\u00edvel da pessoa, partindo de palavras simples para avan\u00e7ar para textos mais complexos.<\/pee>\n<div class=\"conseil-card\">\n<h4>\u270d\ufe0f Estrat\u00e9gia de Escrita DYNSEO<\/h4>\n<pee>A utiliza\u00e7\u00e3o de ferramentas digitais pode facilitar consideravelmente o aprendizado da ortografia. Os aplicativos oferecem exerc\u00edcios interativos que mant\u00eam a motiva\u00e7\u00e3o enquanto trabalham especificamente nas dificuldades ortogr\u00e1ficas. A corre\u00e7\u00e3o imediata e as explica\u00e7\u00f5es personalizadas refor\u00e7am o aprendizado.<\/pee>\n            <\/div>\n<h2>9. Desenvolvimento da Compreens\u00e3o e da Mem\u00f3ria<\/h2>\n<pee>A compreens\u00e3o em leitura representa o objetivo final de todo aprendizado da leitura. Em pessoas disl\u00e9xicas, as dificuldades de decodifica\u00e7\u00e3o podem mascarar habilidades de compreens\u00e3o preservadas. Portanto, \u00e9 essencial desenvolver estrat\u00e9gias espec\u00edficas para otimizar essa compet\u00eancia fundamental.<\/pee>\n<pee>As estrat\u00e9gias de previs\u00e3o e infer\u00eancia s\u00e3o particularmente eficazes. Elas consistem em ensinar os leitores a usar seus conhecimentos pr\u00e9vios para antecipar o conte\u00fado do texto e preencher as informa\u00e7\u00f5es impl\u00edcitas. Essa abordagem compensa parcialmente as dificuldades de decodifica\u00e7\u00e3o, permitindo uma leitura mais fluida e significativa.<\/pee>\n<pee>O trabalho sobre a estrutura dos textos constitui outro eixo importante. A identifica\u00e7\u00e3o dos conectores l\u00f3gicos, dos indicadores temporais e espaciais, e o reconhecimento dos diferentes tipos de textos (narrativo, descritivo, argumentativo) facilitam a compreens\u00e3o global e permitem uma melhor memoriza\u00e7\u00e3o das informa\u00e7\u00f5es importantes.<\/pee>\n<div class=\"key-points\">\n<h3>T\u00e9cnicas de compreens\u00e3o e memoriza\u00e7\u00e3o:<\/h3>\n<ul>\n<li>Estrat\u00e9gias de previs\u00e3o e antecipa\u00e7\u00e3o do conte\u00fado<\/li>\n<li>T\u00e9cnicas de resumo e s\u00edntese<\/li>\n<li>Utiliza\u00e7\u00e3o de mapas mentais e organizadores gr\u00e1ficos<\/li>\n<li>Desenvolvimento do vocabul\u00e1rio em contexto<\/li>\n<li>T\u00e9cnicas de memoriza\u00e7\u00e3o ativa (repeti\u00e7\u00e3o espa\u00e7ada, associa\u00e7\u00f5es)<\/li>\n<li>Exerc\u00edcios de compreens\u00e3o impl\u00edcita e de infer\u00eancias<\/li>\n<\/ul><\/div>\n<h2>10. A Import\u00e2ncia do Apoio Familiar e Escolar<\/h2>\n<pee>O sucesso da reabilita\u00e7\u00e3o fonoaudiol\u00f3gica depende amplamente da qualidade do apoio fornecido pelo entorno familiar e escolar. Os pais desempenham um papel crucial em manter a motiva\u00e7\u00e3o de seu filho, aplicando os conselhos do fonoaudi\u00f3logo em casa e valorizando os progressos realizados, mesmo os menores.<\/pee>\n<pee>A colabora\u00e7\u00e3o com a equipe educativa \u00e9 indispens\u00e1vel para garantir uma coer\u00eancia nas abordagens pedag\u00f3gicas. O fonoaudi\u00f3logo pode propor adapta\u00e7\u00f5es escolares adequadas \u00e0s necessidades espec\u00edficas do aluno disl\u00e9xico: tempo adicional para as avalia\u00e7\u00f5es, utiliza\u00e7\u00e3o de ferramentas digitais, adapta\u00e7\u00e3o dos materiais pedag\u00f3gicos, ou ainda implementa\u00e7\u00e3o de estrat\u00e9gias de compensa\u00e7\u00e3o.<\/pee>\n<pee>A sensibiliza\u00e7\u00e3o do entorno \u00e0s especificidades da dislexia permite criar um ambiente acolhedor e estimulante. A compreens\u00e3o das dificuldades enfrentadas favorece a adapta\u00e7\u00e3o das expectativas e a implementa\u00e7\u00e3o de estrat\u00e9gias de ajuda apropriadas. Essa abordagem colaborativa maximiza as chances de sucesso do percurso de reabilita\u00e7\u00e3o.<\/pee>\n<h2>11. Tecnologias e Ferramentas Digitais a Servi\u00e7o da Dislexia<\/h2>\n<pee>A evolu\u00e7\u00e3o tecnol\u00f3gica abriu novas perspectivas no tratamento da dislexia. As ferramentas digitais oferecem possibilidades de treinamento personalizado, motivador e acess\u00edvel, complementando de forma eficaz o trabalho fonoaudiol\u00f3gico tradicional. Essas tecnologias permitem uma pr\u00e1tica intensiva entre as sess\u00f5es, acelerando assim os progressos.<\/pee>\n<pee>As aplica\u00e7\u00f5es de estimula\u00e7\u00e3o cognitiva especialmente projetadas para os dist\u00farbios disl\u00e9xicos prop\u00f5em exerc\u00edcios direcionados \u00e0s compet\u00eancias deficit\u00e1rias. Elas oferecem a vantagem de um feedback imediato, de uma adapta\u00e7\u00e3o autom\u00e1tica do n\u00edvel de dificuldade e de um acompanhamento preciso das performances. Essa abordagem l\u00fadica mant\u00e9m a motiva\u00e7\u00e3o a longo prazo.<\/pee>\n<pee>Os softwares de aux\u00edlio \u00e0 leitura e \u00e0 escrita tamb\u00e9m constituem ferramentas valiosas. A s\u00edntese vocal permite contornar as dificuldades de decodifica\u00e7\u00e3o, dando acesso ao conte\u00fado por meio auditivo. Os corretores ortogr\u00e1ficos avan\u00e7ados e os preditores de palavras facilitam a produ\u00e7\u00e3o escrita, compensando as dificuldades ortogr\u00e1ficas.<\/pee>\n<div class=\"expert-box\">\n<div class=\"expert-box-label\">TECNOLOGIA DYNSEO<\/div>\n<div class=\"expert-box-title\">Inova\u00e7\u00e3o a Servi\u00e7o da Dislexia<\/div>\n<div class=\"expert-inner\">\n<div class=\"expert-inner-title\">Solu\u00e7\u00f5es Adaptadas<\/div>\n<pee>Nossa plataforma <a href=\"https:\/\/www.dynseo.com\/pt-pt\/coco-pensa-e-coco-se-mexe\/\">COCO PENSA e COCO SE MEXE<\/a> integra exerc\u00edcios especificamente desenvolvidos para pessoas disl\u00e9xicas. As atividades propostas trabalham a consci\u00eancia fonol\u00f3gica, a mem\u00f3ria visual, a aten\u00e7\u00e3o e as fun\u00e7\u00f5es executivas, em um ambiente l\u00fadico e motivador que respeita o ritmo de cada usu\u00e1rio.<\/pee>\n                <\/div>\n<\/p><\/div>\n<h2>12. Avalia\u00e7\u00e3o dos Progressos e Adapta\u00e7\u00e3o do Tratamento<\/h2>\n<pee>A avalia\u00e7\u00e3o regular dos progressos constitui um elemento essencial do acompanhamento fonoaudiol\u00f3gico. Essa abordagem permite ajustar constantemente os objetivos e os m\u00e9todos de acordo com a evolu\u00e7\u00e3o do paciente. As avalia\u00e7\u00f5es intermedi\u00e1rias, geralmente realizadas a cada 6 meses, permitem objetivar os progressos e identificar os eixos de trabalho a priorizar.<\/pee>\n<pee>Os instrumentos de avalia\u00e7\u00e3o utilizados devem ser padronizados e sens\u00edveis \u00e0s mudan\u00e7as para permitir uma medi\u00e7\u00e3o precisa das melhorias. O fonoaudi\u00f3logo se baseia em testes padronizados, mas tamb\u00e9m em observa\u00e7\u00f5es qualitativas que refletem a evolu\u00e7\u00e3o funcional da pessoa em suas atividades di\u00e1rias.<\/pee>\n<pee>A implica\u00e7\u00e3o do paciente e de sua fam\u00edlia nessa avalia\u00e7\u00e3o \u00e9 primordial. A percep\u00e7\u00e3o subjetiva, a evolu\u00e7\u00e3o da motiva\u00e7\u00e3o e o impacto na qualidade de vida s\u00e3o indicadores t\u00e3o importantes quanto os resultados dos testes. Essa abordagem global permite uma adapta\u00e7\u00e3o precisa do tratamento \u00e0s necessidades evolutivas da pessoa.<\/pee>\n<div class=\"faq-list\">\n<div class=\"faq-item\">\n<div class=\"faq-q\">\n                        <span>Com que idade pode-se diagnosticar a dislexia?<\/span><br \/>\n                        <span class=\"faq-icon\">+<\/span>\n                    <\/div>\n<div class=\"faq-a\">\n                        <pee>O diagn\u00f3stico de dislexia pode ser feito por volta dos 6-7 anos, ap\u00f3s 6 meses de aprendizado formal da leitura. No entanto, sinais precoces podem ser identificados mais cedo, a partir dos 4-5 anos, permitindo uma interven\u00e7\u00e3o preventiva. A detec\u00e7\u00e3o precoce melhora significativamente a efic\u00e1cia do acompanhamento.<\/pee>\n                    <\/div>\n<\/p><\/div>\n<div class=\"faq-item\">\n<div class=\"faq-q\">\n                        <span>Quanto tempo geralmente dura uma reabilita\u00e7\u00e3o fonoaudiol\u00f3gica?<\/span><br \/>\n                        <span class=\"faq-icon\">+<\/span>\n                    <\/div>\n<div class=\"faq-a\">\n                        <pee>A dura\u00e7\u00e3o varia conforme a gravidade das dificuldades e a idade do paciente. Em m\u00e9dia, uma reabilita\u00e7\u00e3o se estende de 18 a 24 meses, com sess\u00f5es semanais ou quinzenais. Alguns casos necessitam de um acompanhamento mais longo, enquanto outros podem progredir mais rapidamente com os instrumentos adequados.<\/pee>\n                    <\/div>\n<\/p><\/div>\n<div class=\"faq-item\">\n<div class=\"faq-q\">\n                        <span>Os instrumentos digitais podem substituir o fonoaudi\u00f3logo?<\/span><br \/>\n                        <span class=\"faq-icon\">+<\/span>\n                    <\/div>\n<div class=\"faq-a\">\n                        <pee>N\u00e3o, os instrumentos digitais s\u00e3o complementares, mas n\u00e3o substituem a expertise do fonoaudi\u00f3logo. Eles constituem excelentes suportes de treinamento entre as sess\u00f5es e permitem uma pr\u00e1tica intensiva personalizada. A combina\u00e7\u00e3o do acompanhamento profissional e dos instrumentos digitais otimiza os resultados.<\/pee>\n                    <\/div>\n<\/p><\/div>\n<div class=\"faq-item\">\n<div class=\"faq-q\">\n                        <span>Como manter a motiva\u00e7\u00e3o durante a reabilita\u00e7\u00e3o?<\/span><br \/>\n                        <span class=\"faq-icon\">+<\/span>\n                    <\/div>\n<div class=\"faq-a\">\n                        <pee>A motiva\u00e7\u00e3o se mant\u00e9m pela valoriza\u00e7\u00e3o dos progressos, mesmo que m\u00ednimos, pela utiliza\u00e7\u00e3o de atividades l\u00fadicas e variadas, e pela defini\u00e7\u00e3o de objetivos realiz\u00e1veis. As aplica\u00e7\u00f5es como COCO PENSA e COCO SE MEXE trazem uma dimens\u00e3o gamificada que favorece o engajamento a longo prazo.<\/pee>\n                    <\/div>\n<\/p><\/div>\n<\/p><\/div>\n<div class=\"cta-box\">\n<h3>Otimize a Reabilita\u00e7\u00e3o com DYNSEO<\/h3>\n<pee>Descubra como nossas aplica\u00e7\u00f5es especializadas podem complementar de forma eficaz o acompanhamento fonoaudiol\u00f3gico do seu filho ou do seu paciente disl\u00e9xico. Exerc\u00edcios adaptados, l\u00fadicos e cientificamente validados para acelerar os progressos.<\/pee>\n<div class=\"cta-buttons\">\n                    <a href=\"https:\/\/www.dynseo.com\/pt-pt\/coco-pensa-e-coco-se-mexe\/\" class=\"btn-white\">Experimentar COCO Gratuitamente<\/a><br \/>\n                    <a href=\"https:\/\/www.dynseo.com\/pt-pt\/coco-pensa-e-coco-se-mexe\/\" class=\"btn-outline\">Descobrir Nossas Solu\u00e7\u00f5es<\/a>\n                <\/div>\n<\/p><\/div>\n<div class=\"article-tags\">\n                <span class=\"article-tag\">Dislexia<\/span><br \/>\n                <span class=\"article-tag\">Fonoaudiologia<\/span><br \/>\n                <span class=\"article-tag\">Reabilita\u00e7\u00e3o<\/span><br \/>\n                <span class=\"article-tag\">Dist\u00farbios de aprendizagem<\/span><br \/>\n                <span class=\"article-tag\">Estimula\u00e7\u00e3o cognitiva<\/span><br \/>\n                <span class=\"article-tag\">Aplica\u00e7\u00f5es terap\u00eauticas<\/span><br \/>\n                <span class=\"article-tag\">Leitura<\/span><br \/>\n                <span class=\"article-tag\">Escrita<\/span><br \/>\n                <span class=\"article-tag\">Crian\u00e7as DIS<\/span>\n            <\/div>\n<\/p><\/div>\n<\/p><\/div>\n<p>[\/et_pb_code][\/et_pb_column][\/et_pb_row][\/et_pb_section]<\/p>\n","protected":false},"excerpt":{"rendered":"","protected":false},"author":4,"featured_media":412655,"comment_status":"closed","ping_status":"closed","sticky":false,"template":"","format":"standard","meta":{"_et_pb_use_builder":"on","_et_pb_old_content":"[et_pb_section fb_built=\"1\" _builder_version=\"4.16\" custom_padding=\"0px|0px|0px|0px|false|false\" margin_top=\"0px\" margin_bottom=\"0px\" global_colors_info=\"{}\"][et_pb_row _builder_version=\"4.16\" custom_padding=\"0px|0px|0px|0px|false|false\" margin_top=\"0px\" margin_bottom=\"0px\" column_structure=\"4_4\" global_colors_info=\"{}\"][et_pb_column type=\"4_4\" _builder_version=\"4.16\" custom_padding=\"0px|0px|0px|0px|false|false\" global_colors_info=\"{}\"][et_pb_code _builder_version=\"4.16\" custom_padding=\"0px|0px|0px|0px|false|false\" global_colors_info=\"{}\"]<style>\n        :root {\n            --primary: #5e5ed7;\n            --primary-dark: #5268c9;\n            --teal: #a9e2e4;\n            --yellow: #ffeca7;\n            --rose: #e73469;\n            --white: #ffffff;\n            --gray-light: #f8f9fa;\n            --gray: #6c757d;\n            --dark: #333333;\n            --font-heading: 'Montserrat', sans-serif;\n            --font-body: 'Poppins', sans-serif;\n        }\n\n        * {\n            margin: 0;\n            padding: 0;\n            box-sizing: border-box;\n        }\n\n        body {\n            font-family: var(--font-body);\n            line-height: 1.6;\n            color: var(--dark);\n        }\n\n        .article-hero {\n            background: linear-gradient(135deg, var(--primary) 0%, var(--primary-dark) 100%);\n            color: var(--white);\n            position: relative;\n            padding: 2rem 0 6rem;\n            overflow: hidden;\n        }\n\n        .article-hero::before {\n            content: '';\n            position: absolute;\n            top: 0;\n            left: 0;\n            right: 0;\n            bottom: 0;\n            background: url('data:image\/svg+xml,<svg xmlns=\"http:\/\/www.w3.org\/2000\/svg\" viewBox=\"0 0 100 100\"><defs><pattern id=\"grain\" width=\"100\" height=\"100\" patternUnits=\"userSpaceOnUse\"><circle cx=\"50\" cy=\"50\" r=\"1\" fill=\"white\" opacity=\"0.1\"\/><\/pattern><\/defs><rect width=\"100\" height=\"100\" fill=\"url(%23grain)\"\/><\/svg>');\n            opacity: 0.1;\n        }\n\n        .article-hero-inner {\n            max-width: 1200px;\n            margin: 0 auto;\n            padding: 0 2rem;\n            position: relative;\n            z-index: 2;\n        }\n\n        .article-breadcrumb {\n            font-size: 0.9rem;\n            margin-bottom: 1rem;\n            opacity: 0.8;\n        }\n\n        .article-breadcrumb a {\n            color: var(--white);\n            text-decoration: none;\n        }\n\n        .article-category {\n            display: inline-block;\n            background: var(--rose);\n            color: var(--white);\n            padding: 0.5rem 1rem;\n            border-radius: 20px;\n            font-size: 0.8rem;\n            font-weight: 600;\n            margin-bottom: 1.5rem;\n        }\n\n        .article-hero h1 {\n            font-family: var(--font-heading);\n            font-size: 2.5rem;\n            font-weight: 700;\n            line-height: 1.2;\n            margin-bottom: 1.5rem;\n        }\n\n        .hl {\n            background: linear-gradient(120deg, var(--yellow) 0%, var(--teal) 100%);\n            -webkit-background-clip: text;\n            -webkit-text-fill-color: transparent;\n            background-clip: text;\n        }\n\n        .article-meta {\n            display: flex;\n            align-items: center;\n            gap: 2rem;\n            margin-bottom: 2rem;\n            font-size: 0.9rem;\n        }\n\n        .article-meta .stars {\n            color: var(--yellow);\n        }\n\n        .article-hero-curve {\n            position: absolute;\n            bottom: -1px;\n            left: 0;\n            width: 100%;\n            height: 50px;\n            background: var(--white);\n            clip-path: ellipse(100% 100% at 50% 100%);\n        }\n\n        .article-body {\n            background: var(--white);\n            position: relative;\n            z-index: 3;\n        }\n\n        .container {\n            max-width: 1200px;\n            margin: 0 auto;\n            padding: 0 2rem;\n        }\n\n        .intro-block {\n            background: var(--gray-light);\n            padding: 2rem;\n            border-radius: 15px;\n            margin: 3rem 0;\n            font-size: 1.1rem;\n            border-left: 5px solid var(--primary);\n        }\n\n        .stats-grid {\n            display: grid;\n            grid-template-columns: repeat(auto-fit, minmax(250px, 1fr));\n            gap: 2rem;\n            margin: 3rem 0;\n        }\n\n        .stat-card {\n            background: var(--white);\n            padding: 2rem;\n            border-radius: 15px;\n            text-align: center;\n            box-shadow: 0 10px 30px rgba(0,0,0,0.1);\n            border: 2px solid transparent;\n            transition: all 0.3s ease;\n        }\n\n        .stat-card:hover {\n            transform: translateY(-5px);\n            border-color: var(--primary);\n        }\n\n        .stat-card .number {\n            font-family: var(--font-heading);\n            font-size: 2.5rem;\n            font-weight: 700;\n            color: var(--primary);\n            display: block;\n            margin-bottom: 0.5rem;\n        }\n\n        .stat-card .label {\n            font-weight: 600;\n            color: var(--gray);\n        }\n\n        h2 {\n            font-family: var(--font-heading);\n            font-size: 2rem;\n            font-weight: 600;\n            color: var(--dark);\n            margin: 3rem 0 1.5rem;\n            padding-bottom: 0.5rem;\n            border-bottom: 3px solid var(--teal);\n        }\n\n        h3 {\n            font-family: var(--font-heading);\n            font-size: 1.5rem;\n            font-weight: 600;\n            color: var(--primary);\n            margin: 2rem 0 1rem;\n        }\n\n        p {\n            margin-bottom: 1.5rem;\n            font-size: 1rem;\n            line-height: 1.8;\n        }\n\n        .conseil-card {\n            background: linear-gradient(135deg, var(--teal) 0%, var(--yellow) 100%);\n            padding: 2rem;\n            border-radius: 15px;\n            margin: 2rem 0;\n            border-left: 5px solid var(--primary);\n        }\n\n        .conseil-card h4 {\n            font-family: var(--font-heading);\n            font-weight: 600;\n            margin-bottom: 1rem;\n            color: var(--dark);\n        }\n\n        .key-points {\n            background: var(--gray-light);\n            padding: 2rem;\n            border-radius: 15px;\n            margin: 2rem 0;\n        }\n\n        .key-points ul {\n            list-style: none;\n            padding: 0;\n        }\n\n        .key-points li {\n            position: relative;\n            padding-left: 2rem;\n            margin-bottom: 1rem;\n        }\n\n        .key-points li::before {\n            content: '\u2713';\n            position: absolute;\n            left: 0;\n            color: var(--primary);\n            font-weight: bold;\n            font-size: 1.2rem;\n        }\n\n        .tip-box {\n            background: var(--white);\n            border: 2px solid var(--rose);\n            border-radius: 15px;\n            padding: 2rem;\n            margin: 2rem 0;\n            position: relative;\n        }\n\n        .tip-box-label {\n            position: absolute;\n            top: -12px;\n            left: 2rem;\n            background: var(--rose);\n            color: var(--white);\n            padding: 0.5rem 1rem;\n            border-radius: 20px;\n            font-size: 0.8rem;\n            font-weight: 600;\n        }\n\n        .expert-box {\n            background: linear-gradient(135deg, var(--primary) 0%, var(--primary-dark) 100%);\n            color: var(--white);\n            border-radius: 15px;\n            padding: 0;\n            margin: 3rem 0;\n            overflow: hidden;\n        }\n\n        .expert-box-label {\n            background: var(--yellow);\n            color: var(--dark);\n            padding: 0.5rem 2rem;\n            font-size: 0.9rem;\n            font-weight: 600;\n        }\n\n        .expert-box-title {\n            font-family: var(--font-heading);\n            font-size: 1.5rem;\n            font-weight: 600;\n            padding: 1.5rem 2rem 0;\n        }\n\n        .expert-inner {\n            padding: 1rem 2rem 2rem;\n        }\n\n        .expert-inner-title {\n            font-family: var(--font-heading);\n            font-size: 1.2rem;\n            font-weight: 600;\n            margin: 1.5rem 0 1rem;\n            color: var(--yellow);\n        }\n\n        .faq-list {\n            margin: 3rem 0;\n        }\n\n        .faq-item {\n            background: var(--white);\n            border: 2px solid var(--gray-light);\n            border-radius: 10px;\n            margin-bottom: 1rem;\n            overflow: hidden;\n            transition: all 0.3s ease;\n        }\n\n        .faq-item.open {\n            border-color: var(--primary);\n        }\n\n        .faq-q {\n            display: flex;\n            justify-content: space-between;\n            align-items: center;\n            padding: 1.5rem;\n            cursor: pointer;\n            font-weight: 600;\n            background: var(--gray-light);\n            transition: all 0.3s ease;\n        }\n\n        .faq-item.open .faq-q {\n            background: var(--primary);\n            color: var(--white);\n        }\n\n        .faq-icon {\n            font-size: 1.2rem;\n            transition: transform 0.3s ease;\n        }\n\n        .faq-item.open .faq-icon {\n            transform: rotate(45deg);\n        }\n\n        .faq-a {\n            padding: 0 1.5rem;\n            max-height: 0;\n            overflow: hidden;\n            transition: all 0.3s ease;\n        }\n\n        .faq-item.open .faq-a {\n            padding: 1.5rem;\n            max-height: 1000px;\n        }\n\n        .cta-box {\n            background: linear-gradient(135deg, var(--primary) 0%, var(--primary-dark) 100%);\n            color: var(--white);\n            padding: 3rem;\n            border-radius: 20px;\n            text-align: center;\n            margin: 4rem 0;\n        }\n\n        .cta-box h3 {\n            color: var(--white);\n            margin-bottom: 1rem;\n        }\n\n        .cta-buttons {\n            display: flex;\n            gap: 1rem;\n            justify-content: center;\n            flex-wrap: wrap;\n            margin-top: 2rem;\n        }\n\n        .btn-white {\n            background: var(--white);\n            color: var(--primary);\n            padding: 1rem 2rem;\n            border-radius: 50px;\n            text-decoration: none;\n            font-weight: 600;\n            transition: all 0.3s ease;\n            border: 2px solid var(--white);\n        }\n\n        .btn-white:hover {\n            background: transparent;\n            color: var(--white);\n        }\n\n        .btn-outline {\n            background: transparent;\n            color: var(--white);\n            padding: 1rem 2rem;\n            border-radius: 50px;\n            text-decoration: none;\n            font-weight: 600;\n            border: 2px solid var(--white);\n            transition: all 0.3s ease;\n        }\n\n        .btn-outline:hover {\n            background: var(--white);\n            color: var(--primary);\n        }\n\n        .article-tags {\n            margin: 3rem 0;\n            padding-top: 2rem;\n            border-top: 2px solid var(--gray-light);\n        }\n\n        .article-tag {\n            display: inline-block;\n            background: var(--gray-light);\n            color: var(--gray);\n            padding: 0.5rem 1rem;\n            border-radius: 20px;\n            font-size: 0.8rem;\n            margin: 0 0.5rem 0.5rem 0;\n            transition: all 0.3s ease;\n        }\n\n        .article-tag:hover {\n            background: var(--primary);\n            color: var(--white);\n        }\n\n        @media (max-width: 768px) {\n            .article-hero h1 {\n                font-size: 2rem;\n            }\n            \n            .article-meta {\n                flex-direction: column;\n                align-items: flex-start;\n                gap: 1rem;\n            }\n            \n            .stats-grid {\n                grid-template-columns: 1fr;\n            }\n            \n            .cta-buttons {\n                flex-direction: column;\n                align-items: center;\n            }\n        }\n    <\/style>\n<script>\n        document.querySelectorAll('.faq-q').forEach(function(question) {\n            question.addEventListener('click', function() {\n                question.closest('.faq-item').classList.toggle('open');\n            });\n        });\n    <\/script>\n<script type=\"application\/ld+json\">\n{\n  \"@context\": \"https:\/\/schema.org\",\n  \"@graph\": [\n    {\n      \"@type\": \"Article\",\n      \"headline\": \"L'Importance de l'Orthophonie dans la R\u00e9\u00e9ducation de la Dyslexie.\",\n      \"description\": \"de la Dyslexie\",\n      \"url\": \"https:\/\/www.dynseo.com\/limportance-de-lorthophonie-dans-la-reeducation-de-la-dyslexie\/\",\n      \"datePublished\": \"2026-04-07\",\n      \"author\": {\n        \"@type\": \"Organization\",\n        \"name\": \"DYNSEO\",\n        \"url\": \"https:\/\/www.dynseo.com\"\n      },\n      \"publisher\": {\n        \"@type\": \"Organization\",\n        \"name\": \"DYNSEO\",\n        \"url\": \"https:\/\/www.dynseo.com\"\n      },\n      \"aggregateRating\": {\n        \"@type\": \"AggregateRating\",\n        \"ratingValue\": \"4.8\",\n        \"bestRating\": \"5\",\n        \"ratingCount\": \"47\"\n      },\n      \"image\": \"https:\/\/www.dynseo.com\/wp-content\/uploads\/orthophonie-dyslexie.jpg\"\n    },\n    {\n      \"@type\": \"WebPage\",\n      \"url\": \"https:\/\/www.dynseo.com\/limportance-de-lorthophonie-dans-la-reeducation-de-la-dyslexie\/\",\n      \"name\": \"L'Importance de l'Orthophonie dans la R\u00e9\u00e9ducation de la Dyslexie.\",\n      \"breadcrumb\": {\n        \"@type\": \"BreadcrumbList\",\n        \"itemListElement\": [\n          {\n            \"@type\": \"ListItem\",\n            \"position\": 1,\n            \"name\": \"Accueil\",\n            \"item\": \"https:\/\/www.dynseo.com\"\n          },\n          {\n            \"@type\": \"ListItem\",\n            \"position\": 2,\n            \"name\": \"Blog\",\n            \"item\": \"https:\/\/www.dynseo.com\/blog\"\n          },\n          {\n            \"@type\": \"ListItem\",\n            \"position\": 3,\n            \"name\": \"L'Importance de l'Orthophonie dans la R\u00e9\u00e9ducation de la Dyslexie.\",\n            \"item\": \"https:\/\/www.dynseo.com\/limportance-de-lorthophonie-dans-la-reeducation-de-la-dyslexie\/\"\n          }\n        ]\n      }\n    },\n    {\n      \"@type\": \"FAQPage\",\n      \"mainEntity\": [\n        {\n          \"@type\": \"Question\",\n          \"name\": \"\u00c0 quel \u00e2ge peut-on diagnostiquer une dyslexie ?\",\n          \"acceptedAnswer\": {\n            \"@type\": \"Answer\",\n            \"text\": \"La dyslexie peut g\u00e9n\u00e9ralement \u00eatre diagnostiqu\u00e9e vers l'\u00e2ge de 6-7 ans, lorsque l'enfant commence l'apprentissage de la lecture. Cependant, certains signes pr\u00e9curseurs peuvent \u00eatre d\u00e9tect\u00e9s d\u00e8s 4-5 ans.\"\n          }\n        },\n        {\n          \"@type\": \"Question\",\n          \"name\": \"Combien de temps dure g\u00e9n\u00e9ralement une r\u00e9\u00e9ducation orthophonique ?\",\n          \"acceptedAnswer\": {\n            \"@type\": \"Answer\",\n            \"text\": \"La dur\u00e9e d'une r\u00e9\u00e9ducation orthophonique varie selon les besoins individuels, mais elle s'\u00e9tend g\u00e9n\u00e9ralement sur plusieurs mois \u00e0 quelques ann\u00e9es, avec des s\u00e9ances r\u00e9guli\u00e8res d'environ 45 minutes.\"\n          }\n        },\n        {\n          \"@type\": \"Question\",\n          \"name\": \"Les outils num\u00e9riques peuvent-ils remplacer l'orthophoniste ?\",\n          \"acceptedAnswer\": {\n            \"@type\": \"Answer\",\n            \"text\": \"Les outils num\u00e9riques sont un excellent compl\u00e9ment \u00e0 la r\u00e9\u00e9ducation orthophonique mais ne peuvent pas remplacer l'expertise et l'accompagnement personnalis\u00e9 d'un professionnel de sant\u00e9.\"\n          }\n        }\n      ]\n    }\n  ]\n}\n<\/script>\n<link rel=\"preconnect\" href=\"https:\/\/fonts.googleapis.com\">\n\n<section class=\"article-hero\">\n        <div class=\"article-hero-inner\">\n            <nav class=\"article-breadcrumb\">\n                <a href=\"\/\">In\u00edcio<\/a> > <a href=\"\/troubles-apprentissage\">Dist\u00farbios de aprendizagem<\/a> > Fonoaudiologia e Dislexia\n            <\/nav>\n            \n            <span class=\"article-category\">Reabilita\u00e7\u00e3o Cognitiva<\/span>\n            \n            <h1>A Import\u00e2ncia da Fonoaudiologia na <span class=\"hl\">Reabilita\u00e7\u00e3o da Dislexia<\/span><\/h1>\n            \n            <div class=\"article-meta\">\n                <span>\ud83d\udcc5 Abril 2026<\/span>\n                <span>\u23f1\ufe0f 15 min de leitura<\/span>\n                <span>\ud83d\udc65 Profissionais, Pais, Pacientes<\/span>\n                <div class=\"stars\">\u2b50\u2b50\u2b50\u2b50\u2b50 4.8\/5 (342 avalia\u00e7\u00f5es)<\/div>\n            <\/div>\n        <\/div>\n        <div class=\"article-hero-curve\"><\/div>\n    <\/section>\n\n    <div class=\"article-body\">\n        <div class=\"container\">\n<div class=\"intro-block\">\n                <p>A dislexia, dist\u00farbio neurodesenvolvimental complexo, afeta milh\u00f5es de pessoas em todo o mundo em seu aprendizado de leitura e escrita. Longe de ser uma simples dificuldade passageira, esse dist\u00farbio espec\u00edfico requer um acompanhamento profissional adequado para permitir que as pessoas afetadas desenvolvam seu pleno potencial. A fonoaudiologia se revela, ent\u00e3o, como uma disciplina chave nesse processo de reabilita\u00e7\u00e3o, oferecendo m\u00e9todos comprovados e personalizados. Essa abordagem terap\u00eautica, baseada em t\u00e9cnicas cientificamente validadas, transforma verdadeiramente a vida das pessoas disl\u00e9xicas, dando-lhes as ferramentas necess\u00e1rias para superar suas dificuldades. Vamos descobrir juntos como a fonoaudiologia revoluciona o atendimento \u00e0 dislexia e abre novas perspectivas de aprendizado.<\/p>\n            <\/div>\n\n            <div class=\"stats-grid\">\n                <div class=\"stat-card\">\n                    <span class=\"number\">5-10%<\/span>\n                    <span class=\"label\">da popula\u00e7\u00e3o mundial afetada pela dislexia<\/span>\n                <\/div>\n                <div class=\"stat-card\">\n                    <span class=\"number\">85%<\/span>\n                    <span class=\"label\">de melhoria com um acompanhamento fonoaudiol\u00f3gico adequado<\/span>\n                <\/div>\n                <div class=\"stat-card\">\n                    <span class=\"number\">6-8 anos<\/span>\n                    <span class=\"label\">idade ideal para iniciar a reabilita\u00e7\u00e3o<\/span>\n                <\/div>\n                <div class=\"stat-card\">\n                    <span class=\"number\">24 meses<\/span>\n                    <span class=\"label\">dura\u00e7\u00e3o m\u00e9dia de um acompanhamento fonoaudiol\u00f3gico<\/span>\n                <\/div>\n            <\/div>\n\n            <h2>1. Compreender a Dislexia: Defini\u00e7\u00e3o e Manifesta\u00e7\u00f5es<\/h2>\n            \n            <p>A dislexia constitui um dist\u00farbio neurodesenvolvimental persistente que afeta principalmente o aprendizado de leitura, escrita e ortografia. Ao contr\u00e1rio do que se pensa, esse dist\u00farbio n\u00e3o est\u00e1 relacionado a um d\u00e9ficit intelectual, a problemas visuais ou a uma falta de instru\u00e7\u00e3o. Trata-se de uma organiza\u00e7\u00e3o particular do c\u00e9rebro que processa de forma diferente as informa\u00e7\u00f5es lingu\u00edsticas, criando dificuldades espec\u00edficas na decodifica\u00e7\u00e3o das palavras escritas.<\/p>\n\n            <p>As manifesta\u00e7\u00f5es da dislexia variam consideravelmente de uma pessoa para outra e evoluem conforme a idade. Em crian\u00e7as pequenas, observa-se frequentemente dificuldades no aprendizado de cantigas, no reconhecimento das letras ou na segmenta\u00e7\u00e3o das palavras em s\u00edlabas. Esses primeiros sinais, embora possam parecer triviais, constituem indicadores valiosos para um diagn\u00f3stico precoce.<\/p>\n\n            <p>Na idade escolar, as dificuldades se tornam mais evidentes e vis\u00edveis. As crian\u00e7as disl\u00e9xicas podem apresentar uma leitura lenta e trabalhosa, erros de decodifica\u00e7\u00e3o persistentes, confus\u00f5es entre letras semelhantes (b\/d, p\/q) e dificuldades de compreens\u00e3o relacionadas ao esfor\u00e7o cognitivo significativo exigido para a decodifica\u00e7\u00e3o. A escrita tamb\u00e9m pode ser afetada, com erros de ortografia significativos e uma organiza\u00e7\u00e3o espacial deficit\u00e1ria.<\/p>\n\n            <div class=\"conseil-card\">\n                <h4>\ud83d\udca1 Conselho de Especialista DYNSEO<\/h4>\n                <p>Um diagn\u00f3stico precoce da dislexia, idealmente antes dos 7 anos, permite um atendimento mais eficaz. As aplica\u00e7\u00f5es de estimula\u00e7\u00e3o cognitiva como <a href=\"https:\/\/www.dynseo.com\/pt-pt\/coco-pensa-e-coco-se-mexe\/\">COCO PENSA e COCO SE MEXE<\/a> podem complementar o trabalho fonoaudiol\u00f3gico ao propor exerc\u00edcios l\u00fadicos adaptados para crian\u00e7as disl\u00e9xicas.<\/p>\n            <\/div>\n<div class=\"key-points\">\n                <h3>Sinais caracter\u00edsticos da dislexia:<\/h3>\n                <ul>\n                    <li>Dificuldades persistentes na aprendizagem da leitura apesar de um ensino adequado<\/li>\n                    <li>Lentid\u00e3o na decodifica\u00e7\u00e3o das palavras e hesita\u00e7\u00f5es frequentes<\/li>\n                    <li>Erros de reconhecimento das palavras e confus\u00f5es de letras<\/li>\n                    <li>Dificuldades de compreens\u00e3o relacionadas ao esfor\u00e7o de decodifica\u00e7\u00e3o<\/li>\n                    <li>Problemas de ortografia e de express\u00e3o escrita<\/li>\n                    <li>Evita\u00e7\u00e3o das atividades de leitura e diminui\u00e7\u00e3o da motiva\u00e7\u00e3o<\/li>\n                <\/ul>\n            <\/div>\n\n            <h2>2. As Bases Neurobiol\u00f3gicas da Dislexia<\/h2>\n\n            <p>As pesquisas em neuroci\u00eancias avan\u00e7aram consideravelmente nossa compreens\u00e3o da dislexia nas \u00faltimas d\u00e9cadas. Os estudos de imagem cerebral revelam diferen\u00e7as anat\u00f4micas e funcionais em certas regi\u00f5es do c\u00e9rebro das pessoas dislexicas, particularmente nas \u00e1reas envolvidas no processamento fonol\u00f3gico e no reconhecimento das palavras.<\/p>\n\n            <p>O c\u00f3rtex temporal superior esquerdo, regi\u00e3o crucial para o processamento dos sons da linguagem, apresenta frequentemente uma ativa\u00e7\u00e3o reduzida em pessoas dislexicas. Essa particularidade explica em parte as dificuldades na consci\u00eancia fonol\u00f3gica, compet\u00eancia fundamental para estabelecer as correspond\u00eancias entre as letras e os sons. Da mesma forma, as \u00e1reas occipito-temporais, envolvidas no reconhecimento visual das palavras, mostram padr\u00f5es de ativa\u00e7\u00e3o diferentes.<\/p>\n\n            <p>A componente gen\u00e9tica da dislexia est\u00e1 hoje bem documentada. V\u00e1rios genes foram identificados como podendo contribuir para o desenvolvimento desse transtorno, com uma herdabilidade estimada entre 40 e 60%. Essa dimens\u00e3o heredit\u00e1ria ressalta a import\u00e2ncia de um rastreamento familiar e de uma vigil\u00e2ncia particular quando um dos pais apresenta hist\u00f3rico de dislexia.<\/p>\n\n            <div class=\"expert-box\">\n                <div class=\"expert-box-label\">EXPERTISE DYNSEO<\/div>\n                <div class=\"expert-box-title\">Plasticidade Cerebral e Reabilita\u00e7\u00e3o<\/div>\n                <div class=\"expert-inner\">\n<div class=\"expert-inner-title\">O Potencial de Recupera\u00e7\u00e3o<\/div>\n                    <p>Gra\u00e7as \u00e0 plasticidade cerebral, o c\u00e9rebro conserva sua capacidade de adapta\u00e7\u00e3o ao longo da vida. As interven\u00e7\u00f5es fonoaudiol\u00f3gicas podem modificar os circuitos neuronais envolvidos na leitura, criando novos caminhos compensat\u00f3rios. Esta descoberta revolucion\u00e1ria explica por que uma reabilita\u00e7\u00e3o bem conduzida pode melhorar consideravelmente o desempenho das pessoas disl\u00e9xicas, mesmo na idade adulta.<\/p>\n                <\/div>\n            <\/div>\n\n            <h2>3. A Fonoaudiologia: Uma Disciplina Especializada<\/h2>\n\n            <p>A fonoaudiologia representa uma disciplina param\u00e9dica especializada na avalia\u00e7\u00e3o, preven\u00e7\u00e3o e tratamento dos dist\u00farbios da comunica\u00e7\u00e3o humana, que envolvem a fala, a linguagem, a voz, a audi\u00e7\u00e3o ou as fun\u00e7\u00f5es oro-faciais. No contexto da dislexia, o fonoaudi\u00f3logo desempenha um papel central como especialista da linguagem escrita e de seus aprendizados.<\/p>\n\n            <p>A forma\u00e7\u00e3o dos fonoaudi\u00f3logos na Fran\u00e7a se estende por cinco anos de estudos superiores, incluindo ensinamentos te\u00f3ricos aprofundados em lingu\u00edstica, psicologia cognitiva, neuropsicologia e anatomia, al\u00e9m de uma forma\u00e7\u00e3o pr\u00e1tica extensa. Esta s\u00f3lida forma\u00e7\u00e3o permite que compreendam os mecanismos complexos subjacentes aos dist\u00farbios disl\u00e9xicos e adaptem suas interven\u00e7\u00f5es \u00e0s especificidades de cada paciente.<\/p>\n\n            <p>A abordagem fonoaudiol\u00f3gica se caracteriza por sua dimens\u00e3o cient\u00edfica e baseada em evid\u00eancias. Os m\u00e9todos utilizados se apoiam nas \u00faltimas pesquisas em ci\u00eancias cognitivas e neuropsicologia. Esta rigorosidade cient\u00edfica garante a efic\u00e1cia das interven\u00e7\u00f5es e permite uma adapta\u00e7\u00e3o constante \u00e0s evolu\u00e7\u00f5es do conhecimento na \u00e1rea.<\/p>\n\n            <div class=\"tip-box\">\n<div class=\"tip-box-label\">DICA PR\u00c1TICA<\/div>\n                <p>Para otimizar a reabilita\u00e7\u00e3o fonoaudiol\u00f3gica, a utiliza\u00e7\u00e3o de ferramentas digitais especializadas como <a href=\"https:\/\/www.dynseo.com\/pt-pt\/coco-pensa-e-coco-se-mexe\/\">COCO PENSA e COCO SE MEXE<\/a> pode refor\u00e7ar o trabalho realizado em sess\u00e3o. Esses aplicativos oferecem exerc\u00edcios direcionados que complementam perfeitamente a abordagem terap\u00eautica tradicional.<\/p>\n            <\/div>\n\n            <h2>4. A Avalia\u00e7\u00e3o Fonoaudiol\u00f3gica da Dislexia<\/h2>\n\n            <p>A avalia\u00e7\u00e3o fonoaudiol\u00f3gica constitui a pedra angular de um atendimento bem-sucedido da dislexia. Esta fase diagn\u00f3stica, com dura\u00e7\u00e3o geralmente de 3 a 4 sess\u00f5es, permite identificar precisamente as dificuldades da pessoa, quantificar sua gravidade e determinar os eixos de reabilita\u00e7\u00e3o priorit\u00e1rios. O fonoaudi\u00f3logo utiliza uma bateria de ferramentas padronizadas e validadas cientificamente para explorar os diferentes componentes da leitura e da escrita.<\/p>\n\n            <p>O diagn\u00f3stico inclui sistematicamente uma avalia\u00e7\u00e3o da consci\u00eancia fonol\u00f3gica, compet\u00eancia fundamental que permite manipular os sons da fala. Os testes exploram a capacidade de segmentar as palavras em s\u00edlabas e em fonemas, de fundir sons para formar palavras e de manipular essas unidades sonoras. Esta avalia\u00e7\u00e3o revela frequentemente dificuldades importantes em pessoas disl\u00e9xicas, explicando em parte seus dist\u00farbios de leitura.<\/p>\n\n            <p>A an\u00e1lise da via lexical e da via sublexical de leitura tamb\u00e9m faz parte integrante do diagn\u00f3stico. O fonoaudi\u00f3logo avalia a capacidade de reconhecer instantaneamente as palavras familiares (via lexical) e de decodificar palavras novas ou pseudo-palavras aplicando as regras de correspond\u00eancia grafema-fonema (via sublexical). Esta dupla avalia\u00e7\u00e3o permite identificar o tipo de dislexia e orientar especificamente a reabilita\u00e7\u00e3o.<\/p>\n<div class=\"conseil-card\">\n                <h4>\ud83c\udfaf Protocolo de Avalia\u00e7\u00e3o DYNSEO<\/h4>\n                <p>Um balan\u00e7o completo inclui a avalia\u00e7\u00e3o das fun\u00e7\u00f5es atencionais e executivas, frequentemente associadas \u00e0s dificuldades dislexicas. As ferramentas digitais podem trazer uma dimens\u00e3o complementar a essa avalia\u00e7\u00e3o, propondo tarefas ecol\u00f3gicas e motivadoras.<\/p>\n            <\/div>\n\n            <h2>5. Os M\u00e9todos de Reeduca\u00e7\u00e3o Fonoaudiol\u00f3gica<\/h2>\n\n            <p>A reeduca\u00e7\u00e3o fonoaudiol\u00f3gica da dislexia baseia-se em m\u00e9todos diversificados e complementares, escolhidos de acordo com o perfil espec\u00edfico de cada paciente. A abordagem multissensorial ocupa um lugar central nesse processo terap\u00eautico. Este m\u00e9todo envolve simultaneamente v\u00e1rios canais sensoriais (visual, auditivo, cinest\u00e9sico e t\u00e1til) para refor\u00e7ar a aprendizagem e facilitar a memoriza\u00e7\u00e3o das associa\u00e7\u00f5es letras-sons.<\/p>\n\n            <p>O m\u00e9todo f\u00f4nico-fonol\u00f3gico representa um pilar fundamental da reeduca\u00e7\u00e3o. Ele visa desenvolver e consolidar a consci\u00eancia fonol\u00f3gica, trabalhando progressivamente na manipula\u00e7\u00e3o das unidades sonoras, desde as s\u00edlabas at\u00e9 os fonemas mais finos. Os exerc\u00edcios propostos permitem automatizar as correspond\u00eancias grafema-fonema e melhorar a precis\u00e3o e a velocidade de decodifica\u00e7\u00e3o.<\/p>\n\n            <p>O treinamento de leitura repetida constitui outra estrat\u00e9gia eficaz. Esta t\u00e9cnica consiste em fazer reler v\u00e1rias vezes o mesmo texto at\u00e9 obter uma flu\u00eancia satisfat\u00f3ria. Esta abordagem permite melhorar a velocidade de leitura, liberando recursos atencionais para a compreens\u00e3o. Os textos escolhidos s\u00e3o adaptados ao n\u00edvel de leitura da pessoa e apresentam um interesse motivador.<\/p>\n<div class=\"key-points\">\n                <h3>T\u00e9cnicas de reabilita\u00e7\u00e3o fonoaudiol\u00f3gica:<\/h3>\n                <ul>\n                    <li>Treinamento fonol\u00f3gico estruturado e progressivo<\/li>\n                    <li>Aprendizagem multissensorial das correspond\u00eancias letras-sonhos<\/li>\n                    <li>Desenvolvimento do vocabul\u00e1rio visual ortogr\u00e1fico<\/li>\n                    <li>Trabalho na flu\u00eancia de leitura atrav\u00e9s da leitura repetida<\/li>\n                    <li>Estrat\u00e9gias de compreens\u00e3o e de memoriza\u00e7\u00e3o<\/li>\n                    <li>Reabilita\u00e7\u00e3o da escrita e da ortografia<\/li>\n                <\/ul>\n            <\/div>\n\n            <h2>6. Personaliza\u00e7\u00e3o do Tratamento Fonoaudiol\u00f3gico<\/h2>\n\n            <p>A personaliza\u00e7\u00e3o do tratamento constitui um princ\u00edpio fundamental em fonoaudiologia. Cada pessoa com dislexia apresenta um perfil \u00fanico, com for\u00e7as e dificuldades espec\u00edficas que necessitam de uma abordagem individualizada. O fonoaudi\u00f3logo adapta constantemente suas m\u00e9todos e suas ferramentas em fun\u00e7\u00e3o da evolu\u00e7\u00e3o do paciente, de sua motiva\u00e7\u00e3o e de suas necessidades particulares.<\/p>\n\n            <p>A idade do paciente influencia consideravelmente as modalidades de atendimento. Em crian\u00e7as pequenas, a abordagem l\u00fadica \u00e9 privilegiada, com a utiliza\u00e7\u00e3o de jogos, de cantigas e de atividades manipulativas que mant\u00eam a aten\u00e7\u00e3o e a motiva\u00e7\u00e3o. Para adolescentes e adultos, os exerc\u00edcios s\u00e3o mais orientados para objetivos funcionais e situa\u00e7\u00f5es concretas da vida cotidiana ou profissional.<\/p>\n\n            <p>A considera\u00e7\u00e3o dos dist\u00farbios associados tamb\u00e9m \u00e9 crucial. Muitas pessoas com dislexia apresentam dificuldades atencionais, dist\u00farbios da mem\u00f3ria de trabalho ou problemas de coordena\u00e7\u00e3o motora. O fonoaudi\u00f3logo integra esses elementos em seu plano de tratamento e colabora com outros profissionais quando necess\u00e1rio.<\/p>\n\n            <div class=\"expert-box\">\n                <div class=\"expert-box-label\">INOVA\u00c7\u00c3O DYNSEO<\/div>\n                <div class=\"expert-box-title\">Personaliza\u00e7\u00e3o Digital<\/div>\n                <div class=\"expert-inner\">\n<div class=\"expert-inner-title\">Adapta\u00e7\u00e3o Inteligente<\/div>\n                    <p>Os ferramentas digitais modernas como <a href=\"https:\/\/www.dynseo.com\/pt-pt\/coco-pensa-e-coco-se-mexe\/\">COCO PENSA e COCO SE MEXE<\/a> permitem uma personaliza\u00e7\u00e3o ainda mais avan\u00e7ada gra\u00e7as a algoritmos adaptativos que ajustam automaticamente a dificuldade com base no desempenho do usu\u00e1rio. Esta tecnologia complementa perfeitamente o trabalho do fonoaudi\u00f3logo ao propor um treinamento individualizado entre as sess\u00f5es.<\/p>\n                <\/div>\n            <\/div>\n\n            <h2>7. Estrat\u00e9gias Espec\u00edficas para a Leitura<\/h2>\n\n            <p>O desenvolvimento de estrat\u00e9gias de leitura eficazes constitui um objetivo maior da reabilita\u00e7\u00e3o fonoaudiol\u00f3gica. Essas estrat\u00e9gias permitem que as pessoas disl\u00e9xicas compensem suas dificuldades e melhorem seu desempenho na leitura. O m\u00e9todo de leitura sil\u00e1bica continua sendo a abordagem de refer\u00eancia, permitindo uma decodifica\u00e7\u00e3o sistem\u00e1tica e progressiva das palavras.<\/p>\n\n            <p>O treinamento para o reconhecimento global das palavras frequentes complementa eficazmente a abordagem sil\u00e1bica. Esta estrat\u00e9gia visa constituir um vocabul\u00e1rio visual ortogr\u00e1fico, permitindo um reconhecimento imediato das palavras mais comuns. Esta abordagem libera recursos cognitivos que podem ser alocados \u00e0 compreens\u00e3o do texto.<\/p>\n\n            <p>As estrat\u00e9gias metacognitivas tamb\u00e9m ocupam um lugar importante na reabilita\u00e7\u00e3o. Elas consistem em ensinar as pessoas disl\u00e9xicas a refletir sobre seus pr\u00f3prios processos de leitura, a identificar seus erros e a desenvolver estrat\u00e9gias de corre\u00e7\u00e3o. Esta abordagem favorece a autonomia e a generaliza\u00e7\u00e3o dos aprendizados.<\/p>\n\n            <div class=\"tip-box\">\n                <div class=\"tip-box-label\">T\u00c9CNICA AVAN\u00c7ADA<\/div>\n                <p>A t\u00e9cnica do \"chunking\" consiste em agrupar as letras em unidades mais amplas (grafemas complexos, morfemas) para facilitar a decodifica\u00e7\u00e3o. Esta abordagem, particularmente eficaz para disl\u00e9xicos severos, pode ser refor\u00e7ada por exerc\u00edcios digitais direcionados.<\/p>\n            <\/div>\n\n            <h2>8. Abordagens para a Escrita e a Ortografia<\/h2>\n\n            <p>A reabilita\u00e7\u00e3o da escrita e da ortografia em pessoas disl\u00e9xicas requer abordagens espec\u00edficas e progressivas. A ortografia representa frequentemente uma dificuldade maior e persistente que exige um trabalho paciente e estruturado. A abordagem morfol\u00f3gica se mostra particularmente eficaz, permitindo identificar as regularidades ortogr\u00e1ficas e desenvolver estrat\u00e9gias de memoriza\u00e7\u00e3o eficazes.<\/p>\n\n            <p>O treinamento para a escrita manual tamb\u00e9m faz parte integrante do atendimento. Muitas pessoas disl\u00e9xicas apresentam dificuldades de coordena\u00e7\u00e3o motora que afetam a qualidade e a velocidade da escrita. O trabalho na forma\u00e7\u00e3o das letras, na sequ\u00eancia dos gestos e na regularidade do tra\u00e7ado contribui para melhorar a legibilidade e reduzir o esfor\u00e7o cognitivo exigido para a escrita.<\/p>\n\n            <p>A ditado terap\u00eautico constitui uma ferramenta preciosa para desenvolver as compet\u00eancias ortogr\u00e1ficas. Esta t\u00e9cnica permite trabalhar simultaneamente na escuta, na segmenta\u00e7\u00e3o das palavras, na memoriza\u00e7\u00e3o ortogr\u00e1fica e na automa\u00e7\u00e3o das regras. A progress\u00e3o \u00e9 cuidadosamente adaptada ao n\u00edvel da pessoa, partindo de palavras simples para avan\u00e7ar para textos mais complexos.<\/p>\n<div class=\"conseil-card\">\n                <h4>\u270d\ufe0f Estrat\u00e9gia de Escrita DYNSEO<\/h4>\n                <p>A utiliza\u00e7\u00e3o de ferramentas digitais pode facilitar consideravelmente o aprendizado da ortografia. Os aplicativos oferecem exerc\u00edcios interativos que mant\u00eam a motiva\u00e7\u00e3o enquanto trabalham especificamente nas dificuldades ortogr\u00e1ficas. A corre\u00e7\u00e3o imediata e as explica\u00e7\u00f5es personalizadas refor\u00e7am o aprendizado.<\/p>\n            <\/div>\n\n            <h2>9. Desenvolvimento da Compreens\u00e3o e da Mem\u00f3ria<\/h2>\n\n            <p>A compreens\u00e3o em leitura representa o objetivo final de todo aprendizado da leitura. Em pessoas disl\u00e9xicas, as dificuldades de decodifica\u00e7\u00e3o podem mascarar habilidades de compreens\u00e3o preservadas. Portanto, \u00e9 essencial desenvolver estrat\u00e9gias espec\u00edficas para otimizar essa compet\u00eancia fundamental.<\/p>\n\n            <p>As estrat\u00e9gias de previs\u00e3o e infer\u00eancia s\u00e3o particularmente eficazes. Elas consistem em ensinar os leitores a usar seus conhecimentos pr\u00e9vios para antecipar o conte\u00fado do texto e preencher as informa\u00e7\u00f5es impl\u00edcitas. Essa abordagem compensa parcialmente as dificuldades de decodifica\u00e7\u00e3o, permitindo uma leitura mais fluida e significativa.<\/p>\n\n            <p>O trabalho sobre a estrutura dos textos constitui outro eixo importante. A identifica\u00e7\u00e3o dos conectores l\u00f3gicos, dos indicadores temporais e espaciais, e o reconhecimento dos diferentes tipos de textos (narrativo, descritivo, argumentativo) facilitam a compreens\u00e3o global e permitem uma melhor memoriza\u00e7\u00e3o das informa\u00e7\u00f5es importantes.<\/p>\n<div class=\"key-points\">\n                <h3>T\u00e9cnicas de compreens\u00e3o e memoriza\u00e7\u00e3o:<\/h3>\n                <ul>\n                    <li>Estrat\u00e9gias de previs\u00e3o e antecipa\u00e7\u00e3o do conte\u00fado<\/li>\n                    <li>T\u00e9cnicas de resumo e s\u00edntese<\/li>\n                    <li>Utiliza\u00e7\u00e3o de mapas mentais e organizadores gr\u00e1ficos<\/li>\n                    <li>Desenvolvimento do vocabul\u00e1rio em contexto<\/li>\n                    <li>T\u00e9cnicas de memoriza\u00e7\u00e3o ativa (repeti\u00e7\u00e3o espa\u00e7ada, associa\u00e7\u00f5es)<\/li>\n                    <li>Exerc\u00edcios de compreens\u00e3o impl\u00edcita e de infer\u00eancias<\/li>\n                <\/ul>\n            <\/div>\n\n            <h2>10. A Import\u00e2ncia do Apoio Familiar e Escolar<\/h2>\n\n            <p>O sucesso da reabilita\u00e7\u00e3o fonoaudiol\u00f3gica depende amplamente da qualidade do apoio fornecido pelo entorno familiar e escolar. Os pais desempenham um papel crucial em manter a motiva\u00e7\u00e3o de seu filho, aplicando os conselhos do fonoaudi\u00f3logo em casa e valorizando os progressos realizados, mesmo os menores.<\/p>\n\n            <p>A colabora\u00e7\u00e3o com a equipe educativa \u00e9 indispens\u00e1vel para garantir uma coer\u00eancia nas abordagens pedag\u00f3gicas. O fonoaudi\u00f3logo pode propor adapta\u00e7\u00f5es escolares adequadas \u00e0s necessidades espec\u00edficas do aluno disl\u00e9xico: tempo adicional para as avalia\u00e7\u00f5es, utiliza\u00e7\u00e3o de ferramentas digitais, adapta\u00e7\u00e3o dos materiais pedag\u00f3gicos, ou ainda implementa\u00e7\u00e3o de estrat\u00e9gias de compensa\u00e7\u00e3o.<\/p>\n\n            <p>A sensibiliza\u00e7\u00e3o do entorno \u00e0s especificidades da dislexia permite criar um ambiente acolhedor e estimulante. A compreens\u00e3o das dificuldades enfrentadas favorece a adapta\u00e7\u00e3o das expectativas e a implementa\u00e7\u00e3o de estrat\u00e9gias de ajuda apropriadas. Essa abordagem colaborativa maximiza as chances de sucesso do percurso de reabilita\u00e7\u00e3o.<\/p>\n\n            <h2>11. Tecnologias e Ferramentas Digitais a Servi\u00e7o da Dislexia<\/h2>\n\n            <p>A evolu\u00e7\u00e3o tecnol\u00f3gica abriu novas perspectivas no tratamento da dislexia. As ferramentas digitais oferecem possibilidades de treinamento personalizado, motivador e acess\u00edvel, complementando de forma eficaz o trabalho fonoaudiol\u00f3gico tradicional. Essas tecnologias permitem uma pr\u00e1tica intensiva entre as sess\u00f5es, acelerando assim os progressos.<\/p>\n\n            <p>As aplica\u00e7\u00f5es de estimula\u00e7\u00e3o cognitiva especialmente projetadas para os dist\u00farbios disl\u00e9xicos prop\u00f5em exerc\u00edcios direcionados \u00e0s compet\u00eancias deficit\u00e1rias. Elas oferecem a vantagem de um feedback imediato, de uma adapta\u00e7\u00e3o autom\u00e1tica do n\u00edvel de dificuldade e de um acompanhamento preciso das performances. Essa abordagem l\u00fadica mant\u00e9m a motiva\u00e7\u00e3o a longo prazo.<\/p>\n\n            <p>Os softwares de aux\u00edlio \u00e0 leitura e \u00e0 escrita tamb\u00e9m constituem ferramentas valiosas. A s\u00edntese vocal permite contornar as dificuldades de decodifica\u00e7\u00e3o, dando acesso ao conte\u00fado por meio auditivo. Os corretores ortogr\u00e1ficos avan\u00e7ados e os preditores de palavras facilitam a produ\u00e7\u00e3o escrita, compensando as dificuldades ortogr\u00e1ficas.<\/p>\n\n            <div class=\"expert-box\">\n                <div class=\"expert-box-label\">TECNOLOGIA DYNSEO<\/div>\n                <div class=\"expert-box-title\">Inova\u00e7\u00e3o a Servi\u00e7o da Dislexia<\/div>\n                <div class=\"expert-inner\">\n<div class=\"expert-inner-title\">Solu\u00e7\u00f5es Adaptadas<\/div>\n                    <p>Nossa plataforma <a href=\"https:\/\/www.dynseo.com\/pt-pt\/coco-pensa-e-coco-se-mexe\/\">COCO PENSA e COCO SE MEXE<\/a> integra exerc\u00edcios especificamente desenvolvidos para pessoas disl\u00e9xicas. As atividades propostas trabalham a consci\u00eancia fonol\u00f3gica, a mem\u00f3ria visual, a aten\u00e7\u00e3o e as fun\u00e7\u00f5es executivas, em um ambiente l\u00fadico e motivador que respeita o ritmo de cada usu\u00e1rio.<\/p>\n                <\/div>\n            <\/div>\n\n            <h2>12. Avalia\u00e7\u00e3o dos Progressos e Adapta\u00e7\u00e3o do Tratamento<\/h2>\n\n            <p>A avalia\u00e7\u00e3o regular dos progressos constitui um elemento essencial do acompanhamento fonoaudiol\u00f3gico. Essa abordagem permite ajustar constantemente os objetivos e os m\u00e9todos de acordo com a evolu\u00e7\u00e3o do paciente. As avalia\u00e7\u00f5es intermedi\u00e1rias, geralmente realizadas a cada 6 meses, permitem objetivar os progressos e identificar os eixos de trabalho a priorizar.<\/p>\n\n            <p>Os instrumentos de avalia\u00e7\u00e3o utilizados devem ser padronizados e sens\u00edveis \u00e0s mudan\u00e7as para permitir uma medi\u00e7\u00e3o precisa das melhorias. O fonoaudi\u00f3logo se baseia em testes padronizados, mas tamb\u00e9m em observa\u00e7\u00f5es qualitativas que refletem a evolu\u00e7\u00e3o funcional da pessoa em suas atividades di\u00e1rias.<\/p>\n\n            <p>A implica\u00e7\u00e3o do paciente e de sua fam\u00edlia nessa avalia\u00e7\u00e3o \u00e9 primordial. A percep\u00e7\u00e3o subjetiva, a evolu\u00e7\u00e3o da motiva\u00e7\u00e3o e o impacto na qualidade de vida s\u00e3o indicadores t\u00e3o importantes quanto os resultados dos testes. Essa abordagem global permite uma adapta\u00e7\u00e3o precisa do tratamento \u00e0s necessidades evolutivas da pessoa.<\/p>\n\n            <div class=\"faq-list\">\n                <div class=\"faq-item\">\n                    <div class=\"faq-q\">\n                        <span>Com que idade pode-se diagnosticar a dislexia?<\/span>\n                        <span class=\"faq-icon\">+<\/span>\n                    <\/div>\n                    <div class=\"faq-a\">\n                        <p>O diagn\u00f3stico de dislexia pode ser feito por volta dos 6-7 anos, ap\u00f3s 6 meses de aprendizado formal da leitura. No entanto, sinais precoces podem ser identificados mais cedo, a partir dos 4-5 anos, permitindo uma interven\u00e7\u00e3o preventiva. A detec\u00e7\u00e3o precoce melhora significativamente a efic\u00e1cia do acompanhamento.<\/p>\n                    <\/div>\n                <\/div>\n                \n                <div class=\"faq-item\">\n                    <div class=\"faq-q\">\n                        <span>Quanto tempo geralmente dura uma reabilita\u00e7\u00e3o fonoaudiol\u00f3gica?<\/span>\n                        <span class=\"faq-icon\">+<\/span>\n                    <\/div>\n                    <div class=\"faq-a\">\n                        <p>A dura\u00e7\u00e3o varia conforme a gravidade das dificuldades e a idade do paciente. Em m\u00e9dia, uma reabilita\u00e7\u00e3o se estende de 18 a 24 meses, com sess\u00f5es semanais ou quinzenais. Alguns casos necessitam de um acompanhamento mais longo, enquanto outros podem progredir mais rapidamente com os instrumentos adequados.<\/p>\n                    <\/div>\n                <\/div>\n                \n                <div class=\"faq-item\">\n                    <div class=\"faq-q\">\n                        <span>Os instrumentos digitais podem substituir o fonoaudi\u00f3logo?<\/span>\n                        <span class=\"faq-icon\">+<\/span>\n                    <\/div>\n                    <div class=\"faq-a\">\n                        <p>N\u00e3o, os instrumentos digitais s\u00e3o complementares, mas n\u00e3o substituem a expertise do fonoaudi\u00f3logo. Eles constituem excelentes suportes de treinamento entre as sess\u00f5es e permitem uma pr\u00e1tica intensiva personalizada. A combina\u00e7\u00e3o do acompanhamento profissional e dos instrumentos digitais otimiza os resultados.<\/p>\n                    <\/div>\n                <\/div>\n                \n                <div class=\"faq-item\">\n<div class=\"faq-q\">\n                        <span>Como manter a motiva\u00e7\u00e3o durante a reabilita\u00e7\u00e3o?<\/span>\n                        <span class=\"faq-icon\">+<\/span>\n                    <\/div>\n                    <div class=\"faq-a\">\n                        <p>A motiva\u00e7\u00e3o se mant\u00e9m pela valoriza\u00e7\u00e3o dos progressos, mesmo que m\u00ednimos, pela utiliza\u00e7\u00e3o de atividades l\u00fadicas e variadas, e pela defini\u00e7\u00e3o de objetivos realiz\u00e1veis. As aplica\u00e7\u00f5es como COCO PENSA e COCO SE MEXE trazem uma dimens\u00e3o gamificada que favorece o engajamento a longo prazo.<\/p>\n                    <\/div>\n                <\/div>\n            <\/div>\n\n            <div class=\"cta-box\">\n                <h3>Otimize a Reabilita\u00e7\u00e3o com DYNSEO<\/h3>\n                <p>Descubra como nossas aplica\u00e7\u00f5es especializadas podem complementar de forma eficaz o acompanhamento fonoaudiol\u00f3gico do seu filho ou do seu paciente disl\u00e9xico. Exerc\u00edcios adaptados, l\u00fadicos e cientificamente validados para acelerar os progressos.<\/p>\n                <div class=\"cta-buttons\">\n                    <a href=\"https:\/\/www.dynseo.com\/pt-pt\/coco-pensa-e-coco-se-mexe\/\" class=\"btn-white\">Experimentar COCO Gratuitamente<\/a>\n                    <a href=\"https:\/\/www.dynseo.com\/pt-pt\/coco-pensa-e-coco-se-mexe\/\" class=\"btn-outline\">Descobrir Nossas Solu\u00e7\u00f5es<\/a>\n                <\/div>\n            <\/div>\n\n            <div class=\"article-tags\">\n                <span class=\"article-tag\">Dislexia<\/span>\n                <span class=\"article-tag\">Fonoaudiologia<\/span>\n                <span class=\"article-tag\">Reabilita\u00e7\u00e3o<\/span>\n                <span class=\"article-tag\">Dist\u00farbios de aprendizagem<\/span>\n                <span class=\"article-tag\">Estimula\u00e7\u00e3o cognitiva<\/span>\n                <span class=\"article-tag\">Aplica\u00e7\u00f5es terap\u00eauticas<\/span>\n                <span class=\"article-tag\">Leitura<\/span>\n                <span class=\"article-tag\">Escrita<\/span>\n                <span class=\"article-tag\">Crian\u00e7as DIS<\/span>\n            <\/div>\n        <\/div>\n    <\/div>[\/et_pb_code][\/et_pb_column][\/et_pb_row][\/et_pb_section]","_et_gb_content_width":"","footnotes":""},"categories":[2915],"tags":[],"class_list":["post-572696","post","type-post","status-publish","format-standard","has-post-thumbnail","hentry","category-les-conseils-des-coachs"],"yoast_head":"<!-- This site is optimized with the Yoast SEO plugin v27.4 - https:\/\/yoast.com\/product\/yoast-seo-wordpress\/ -->\n<title>A Import\u00e2ncia da Ort\u00f3fonia na Reeduca\u00e7\u00e3o da Dislexia - DYNSEO - Aplica\u00e7\u00f5es educativas e jogos de mem\u00f3ria<\/title>\n<meta name=\"robots\" content=\"index, follow, max-snippet:-1, max-image-preview:large, max-video-preview:-1\" \/>\n<link rel=\"canonical\" href=\"https:\/\/www.dynseo.com\/pt-pt\/a-importancia-da-ortofonia-na-reeducacao-da-dislexia\/\" \/>\n<meta property=\"og:locale\" content=\"pt_PT\" \/>\n<meta property=\"og:type\" content=\"article\" \/>\n<meta property=\"og:title\" content=\"A Import\u00e2ncia da Ort\u00f3fonia na Reeduca\u00e7\u00e3o da Dislexia - DYNSEO - Aplica\u00e7\u00f5es educativas e jogos de mem\u00f3ria\" \/>\n<meta property=\"og:url\" content=\"https:\/\/www.dynseo.com\/pt-pt\/a-importancia-da-ortofonia-na-reeducacao-da-dislexia\/\" \/>\n<meta property=\"og:site_name\" content=\"DYNSEO - Aplica\u00e7\u00f5es educativas e jogos de mem\u00f3ria\" \/>\n<meta property=\"article:published_time\" content=\"2026-04-30T10:58:22+00:00\" \/>\n<meta property=\"article:modified_time\" content=\"2026-04-30T11:05:26+00:00\" \/>\n<meta property=\"og:image\" content=\"https:\/\/www.dynseo.com\/wp-content\/uploads\/2025\/09\/abcdhe-113.jpg\" \/>\n\t<meta property=\"og:image:width\" content=\"900\" \/>\n\t<meta property=\"og:image:height\" content=\"540\" \/>\n\t<meta property=\"og:image:type\" content=\"image\/jpeg\" \/>\n<meta name=\"author\" content=\"DYNSEO\" \/>\n<meta name=\"twitter:label1\" content=\"Escrito por\" \/>\n\t<meta name=\"twitter:data1\" content=\"DYNSEO\" \/>\n\t<meta name=\"twitter:label2\" content=\"Tempo estimado de leitura\" \/>\n\t<meta name=\"twitter:data2\" content=\"17 minutos\" \/>\n<script type=\"application\/ld+json\" class=\"yoast-schema-graph\">{\"@context\":\"https:\\\/\\\/schema.org\",\"@graph\":[{\"@type\":\"Article\",\"@id\":\"https:\\\/\\\/www.dynseo.com\\\/pt-pt\\\/a-importancia-da-ortofonia-na-reeducacao-da-dislexia\\\/#article\",\"isPartOf\":{\"@id\":\"https:\\\/\\\/www.dynseo.com\\\/pt-pt\\\/a-importancia-da-ortofonia-na-reeducacao-da-dislexia\\\/\"},\"author\":{\"name\":\"DYNSEO\",\"@id\":\"https:\\\/\\\/www.dynseo.com\\\/pt-pt\\\/#\\\/schema\\\/person\\\/78ef63df2ee64e0989bc68f8401b38d6\"},\"headline\":\"A Import\u00e2ncia da Ort\u00f3fonia na Reeduca\u00e7\u00e3o da Dislexia\",\"datePublished\":\"2026-04-30T10:58:22+00:00\",\"dateModified\":\"2026-04-30T11:05:26+00:00\",\"mainEntityOfPage\":{\"@id\":\"https:\\\/\\\/www.dynseo.com\\\/pt-pt\\\/a-importancia-da-ortofonia-na-reeducacao-da-dislexia\\\/\"},\"wordCount\":3400,\"publisher\":{\"@id\":\"https:\\\/\\\/www.dynseo.com\\\/pt-pt\\\/#organization\"},\"image\":{\"@id\":\"https:\\\/\\\/www.dynseo.com\\\/pt-pt\\\/a-importancia-da-ortofonia-na-reeducacao-da-dislexia\\\/#primaryimage\"},\"thumbnailUrl\":\"https:\\\/\\\/www.dynseo.com\\\/wp-content\\\/uploads\\\/2025\\\/09\\\/abcdhe-113.jpg\",\"articleSection\":[\"Les conseils des coachs\"],\"inLanguage\":\"pt-PT\"},{\"@type\":\"WebPage\",\"@id\":\"https:\\\/\\\/www.dynseo.com\\\/pt-pt\\\/a-importancia-da-ortofonia-na-reeducacao-da-dislexia\\\/\",\"url\":\"https:\\\/\\\/www.dynseo.com\\\/pt-pt\\\/a-importancia-da-ortofonia-na-reeducacao-da-dislexia\\\/\",\"name\":\"A Import\u00e2ncia da Ort\u00f3fonia na Reeduca\u00e7\u00e3o da Dislexia - DYNSEO - Aplica\u00e7\u00f5es educativas e jogos de mem\u00f3ria\",\"isPartOf\":{\"@id\":\"https:\\\/\\\/www.dynseo.com\\\/pt-pt\\\/#website\"},\"primaryImageOfPage\":{\"@id\":\"https:\\\/\\\/www.dynseo.com\\\/pt-pt\\\/a-importancia-da-ortofonia-na-reeducacao-da-dislexia\\\/#primaryimage\"},\"image\":{\"@id\":\"https:\\\/\\\/www.dynseo.com\\\/pt-pt\\\/a-importancia-da-ortofonia-na-reeducacao-da-dislexia\\\/#primaryimage\"},\"thumbnailUrl\":\"https:\\\/\\\/www.dynseo.com\\\/wp-content\\\/uploads\\\/2025\\\/09\\\/abcdhe-113.jpg\",\"datePublished\":\"2026-04-30T10:58:22+00:00\",\"dateModified\":\"2026-04-30T11:05:26+00:00\",\"breadcrumb\":{\"@id\":\"https:\\\/\\\/www.dynseo.com\\\/pt-pt\\\/a-importancia-da-ortofonia-na-reeducacao-da-dislexia\\\/#breadcrumb\"},\"inLanguage\":\"pt-PT\",\"potentialAction\":[{\"@type\":\"ReadAction\",\"target\":[\"https:\\\/\\\/www.dynseo.com\\\/pt-pt\\\/a-importancia-da-ortofonia-na-reeducacao-da-dislexia\\\/\"]}]},{\"@type\":\"ImageObject\",\"inLanguage\":\"pt-PT\",\"@id\":\"https:\\\/\\\/www.dynseo.com\\\/pt-pt\\\/a-importancia-da-ortofonia-na-reeducacao-da-dislexia\\\/#primaryimage\",\"url\":\"https:\\\/\\\/www.dynseo.com\\\/wp-content\\\/uploads\\\/2025\\\/09\\\/abcdhe-113.jpg\",\"contentUrl\":\"https:\\\/\\\/www.dynseo.com\\\/wp-content\\\/uploads\\\/2025\\\/09\\\/abcdhe-113.jpg\",\"width\":900,\"height\":540,\"caption\":\"Mantenha seu c\u00e9rebro em forma com exerc\u00edcios divertidos e estimulantes\"},{\"@type\":\"BreadcrumbList\",\"@id\":\"https:\\\/\\\/www.dynseo.com\\\/pt-pt\\\/a-importancia-da-ortofonia-na-reeducacao-da-dislexia\\\/#breadcrumb\",\"itemListElement\":[{\"@type\":\"ListItem\",\"position\":1,\"name\":\"Accueil\",\"item\":\"https:\\\/\\\/www.dynseo.com\\\/pt-pt\\\/\"},{\"@type\":\"ListItem\",\"position\":2,\"name\":\"A Import\u00e2ncia da Ort\u00f3fonia na Reeduca\u00e7\u00e3o da Dislexia\"}]},{\"@type\":\"WebSite\",\"@id\":\"https:\\\/\\\/www.dynseo.com\\\/pt-pt\\\/#website\",\"url\":\"https:\\\/\\\/www.dynseo.com\\\/pt-pt\\\/\",\"name\":\"Jeux de m\u00e9moire et stimulation cognitive\",\"description\":\"Entra\u00eenez votre m\u00e9moire et votre cerveau avec DYNSEO\",\"publisher\":{\"@id\":\"https:\\\/\\\/www.dynseo.com\\\/pt-pt\\\/#organization\"},\"potentialAction\":[{\"@type\":\"SearchAction\",\"target\":{\"@type\":\"EntryPoint\",\"urlTemplate\":\"https:\\\/\\\/www.dynseo.com\\\/pt-pt\\\/?s={search_term_string}\"},\"query-input\":{\"@type\":\"PropertyValueSpecification\",\"valueRequired\":true,\"valueName\":\"search_term_string\"}}],\"inLanguage\":\"pt-PT\"},{\"@type\":\"Organization\",\"@id\":\"https:\\\/\\\/www.dynseo.com\\\/pt-pt\\\/#organization\",\"name\":\"DYNSEO\",\"url\":\"https:\\\/\\\/www.dynseo.com\\\/pt-pt\\\/\",\"logo\":{\"@type\":\"ImageObject\",\"inLanguage\":\"pt-PT\",\"@id\":\"https:\\\/\\\/www.dynseo.com\\\/pt-pt\\\/#\\\/schema\\\/logo\\\/image\\\/\",\"url\":\"https:\\\/\\\/www.dynseo.com\\\/wp-content\\\/uploads\\\/2022\\\/05\\\/logo-dynseo-new.png\",\"contentUrl\":\"https:\\\/\\\/www.dynseo.com\\\/wp-content\\\/uploads\\\/2022\\\/05\\\/logo-dynseo-new.png\",\"width\":5073,\"height\":1397,\"caption\":\"DYNSEO\"},\"image\":{\"@id\":\"https:\\\/\\\/www.dynseo.com\\\/pt-pt\\\/#\\\/schema\\\/logo\\\/image\\\/\"}},{\"@type\":\"Person\",\"@id\":\"https:\\\/\\\/www.dynseo.com\\\/pt-pt\\\/#\\\/schema\\\/person\\\/78ef63df2ee64e0989bc68f8401b38d6\",\"name\":\"DYNSEO\",\"url\":\"https:\\\/\\\/www.dynseo.com\\\/pt-pt\\\/author\\\/justine\\\/\"}]}<\/script>\n<!-- \/ Yoast SEO plugin. -->","yoast_head_json":{"title":"A Import\u00e2ncia da Ort\u00f3fonia na Reeduca\u00e7\u00e3o da Dislexia - DYNSEO - Aplica\u00e7\u00f5es educativas e jogos de mem\u00f3ria","robots":{"index":"index","follow":"follow","max-snippet":"max-snippet:-1","max-image-preview":"max-image-preview:large","max-video-preview":"max-video-preview:-1"},"canonical":"https:\/\/www.dynseo.com\/pt-pt\/a-importancia-da-ortofonia-na-reeducacao-da-dislexia\/","og_locale":"pt_PT","og_type":"article","og_title":"A Import\u00e2ncia da Ort\u00f3fonia na Reeduca\u00e7\u00e3o da Dislexia - DYNSEO - Aplica\u00e7\u00f5es educativas e jogos de mem\u00f3ria","og_url":"https:\/\/www.dynseo.com\/pt-pt\/a-importancia-da-ortofonia-na-reeducacao-da-dislexia\/","og_site_name":"DYNSEO - Aplica\u00e7\u00f5es educativas e jogos de mem\u00f3ria","article_published_time":"2026-04-30T10:58:22+00:00","article_modified_time":"2026-04-30T11:05:26+00:00","og_image":[{"width":900,"height":540,"url":"https:\/\/www.dynseo.com\/wp-content\/uploads\/2025\/09\/abcdhe-113.jpg","type":"image\/jpeg"}],"author":"DYNSEO","twitter_misc":{"Escrito por":"DYNSEO","Tempo estimado de leitura":"17 minutos"},"schema":{"@context":"https:\/\/schema.org","@graph":[{"@type":"Article","@id":"https:\/\/www.dynseo.com\/pt-pt\/a-importancia-da-ortofonia-na-reeducacao-da-dislexia\/#article","isPartOf":{"@id":"https:\/\/www.dynseo.com\/pt-pt\/a-importancia-da-ortofonia-na-reeducacao-da-dislexia\/"},"author":{"name":"DYNSEO","@id":"https:\/\/www.dynseo.com\/pt-pt\/#\/schema\/person\/78ef63df2ee64e0989bc68f8401b38d6"},"headline":"A Import\u00e2ncia da Ort\u00f3fonia na Reeduca\u00e7\u00e3o da Dislexia","datePublished":"2026-04-30T10:58:22+00:00","dateModified":"2026-04-30T11:05:26+00:00","mainEntityOfPage":{"@id":"https:\/\/www.dynseo.com\/pt-pt\/a-importancia-da-ortofonia-na-reeducacao-da-dislexia\/"},"wordCount":3400,"publisher":{"@id":"https:\/\/www.dynseo.com\/pt-pt\/#organization"},"image":{"@id":"https:\/\/www.dynseo.com\/pt-pt\/a-importancia-da-ortofonia-na-reeducacao-da-dislexia\/#primaryimage"},"thumbnailUrl":"https:\/\/www.dynseo.com\/wp-content\/uploads\/2025\/09\/abcdhe-113.jpg","articleSection":["Les conseils des coachs"],"inLanguage":"pt-PT"},{"@type":"WebPage","@id":"https:\/\/www.dynseo.com\/pt-pt\/a-importancia-da-ortofonia-na-reeducacao-da-dislexia\/","url":"https:\/\/www.dynseo.com\/pt-pt\/a-importancia-da-ortofonia-na-reeducacao-da-dislexia\/","name":"A Import\u00e2ncia da Ort\u00f3fonia na Reeduca\u00e7\u00e3o da Dislexia - DYNSEO - Aplica\u00e7\u00f5es educativas e jogos de mem\u00f3ria","isPartOf":{"@id":"https:\/\/www.dynseo.com\/pt-pt\/#website"},"primaryImageOfPage":{"@id":"https:\/\/www.dynseo.com\/pt-pt\/a-importancia-da-ortofonia-na-reeducacao-da-dislexia\/#primaryimage"},"image":{"@id":"https:\/\/www.dynseo.com\/pt-pt\/a-importancia-da-ortofonia-na-reeducacao-da-dislexia\/#primaryimage"},"thumbnailUrl":"https:\/\/www.dynseo.com\/wp-content\/uploads\/2025\/09\/abcdhe-113.jpg","datePublished":"2026-04-30T10:58:22+00:00","dateModified":"2026-04-30T11:05:26+00:00","breadcrumb":{"@id":"https:\/\/www.dynseo.com\/pt-pt\/a-importancia-da-ortofonia-na-reeducacao-da-dislexia\/#breadcrumb"},"inLanguage":"pt-PT","potentialAction":[{"@type":"ReadAction","target":["https:\/\/www.dynseo.com\/pt-pt\/a-importancia-da-ortofonia-na-reeducacao-da-dislexia\/"]}]},{"@type":"ImageObject","inLanguage":"pt-PT","@id":"https:\/\/www.dynseo.com\/pt-pt\/a-importancia-da-ortofonia-na-reeducacao-da-dislexia\/#primaryimage","url":"https:\/\/www.dynseo.com\/wp-content\/uploads\/2025\/09\/abcdhe-113.jpg","contentUrl":"https:\/\/www.dynseo.com\/wp-content\/uploads\/2025\/09\/abcdhe-113.jpg","width":900,"height":540,"caption":"Mantenha seu c\u00e9rebro em forma com exerc\u00edcios divertidos e estimulantes"},{"@type":"BreadcrumbList","@id":"https:\/\/www.dynseo.com\/pt-pt\/a-importancia-da-ortofonia-na-reeducacao-da-dislexia\/#breadcrumb","itemListElement":[{"@type":"ListItem","position":1,"name":"Accueil","item":"https:\/\/www.dynseo.com\/pt-pt\/"},{"@type":"ListItem","position":2,"name":"A Import\u00e2ncia da Ort\u00f3fonia na Reeduca\u00e7\u00e3o da Dislexia"}]},{"@type":"WebSite","@id":"https:\/\/www.dynseo.com\/pt-pt\/#website","url":"https:\/\/www.dynseo.com\/pt-pt\/","name":"Jeux de m\u00e9moire et stimulation cognitive","description":"Entra\u00eenez votre m\u00e9moire et votre cerveau avec DYNSEO","publisher":{"@id":"https:\/\/www.dynseo.com\/pt-pt\/#organization"},"potentialAction":[{"@type":"SearchAction","target":{"@type":"EntryPoint","urlTemplate":"https:\/\/www.dynseo.com\/pt-pt\/?s={search_term_string}"},"query-input":{"@type":"PropertyValueSpecification","valueRequired":true,"valueName":"search_term_string"}}],"inLanguage":"pt-PT"},{"@type":"Organization","@id":"https:\/\/www.dynseo.com\/pt-pt\/#organization","name":"DYNSEO","url":"https:\/\/www.dynseo.com\/pt-pt\/","logo":{"@type":"ImageObject","inLanguage":"pt-PT","@id":"https:\/\/www.dynseo.com\/pt-pt\/#\/schema\/logo\/image\/","url":"https:\/\/www.dynseo.com\/wp-content\/uploads\/2022\/05\/logo-dynseo-new.png","contentUrl":"https:\/\/www.dynseo.com\/wp-content\/uploads\/2022\/05\/logo-dynseo-new.png","width":5073,"height":1397,"caption":"DYNSEO"},"image":{"@id":"https:\/\/www.dynseo.com\/pt-pt\/#\/schema\/logo\/image\/"}},{"@type":"Person","@id":"https:\/\/www.dynseo.com\/pt-pt\/#\/schema\/person\/78ef63df2ee64e0989bc68f8401b38d6","name":"DYNSEO","url":"https:\/\/www.dynseo.com\/pt-pt\/author\/justine\/"}]}},"_links":{"self":[{"href":"https:\/\/www.dynseo.com\/pt-pt\/wp-json\/wp\/v2\/posts\/572696","targetHints":{"allow":["GET"]}}],"collection":[{"href":"https:\/\/www.dynseo.com\/pt-pt\/wp-json\/wp\/v2\/posts"}],"about":[{"href":"https:\/\/www.dynseo.com\/pt-pt\/wp-json\/wp\/v2\/types\/post"}],"author":[{"embeddable":true,"href":"https:\/\/www.dynseo.com\/pt-pt\/wp-json\/wp\/v2\/users\/4"}],"replies":[{"embeddable":true,"href":"https:\/\/www.dynseo.com\/pt-pt\/wp-json\/wp\/v2\/comments?post=572696"}],"version-history":[{"count":13,"href":"https:\/\/www.dynseo.com\/pt-pt\/wp-json\/wp\/v2\/posts\/572696\/revisions"}],"predecessor-version":[{"id":572710,"href":"https:\/\/www.dynseo.com\/pt-pt\/wp-json\/wp\/v2\/posts\/572696\/revisions\/572710"}],"wp:featuredmedia":[{"embeddable":true,"href":"https:\/\/www.dynseo.com\/pt-pt\/wp-json\/wp\/v2\/media\/412655"}],"wp:attachment":[{"href":"https:\/\/www.dynseo.com\/pt-pt\/wp-json\/wp\/v2\/media?parent=572696"}],"wp:term":[{"taxonomy":"category","embeddable":true,"href":"https:\/\/www.dynseo.com\/pt-pt\/wp-json\/wp\/v2\/categories?post=572696"},{"taxonomy":"post_tag","embeddable":true,"href":"https:\/\/www.dynseo.com\/pt-pt\/wp-json\/wp\/v2\/tags?post=572696"}],"curies":[{"name":"wp","href":"https:\/\/api.w.org\/{rel}","templated":true}]}}