{"id":572963,"date":"2026-04-30T14:29:19","date_gmt":"2026-04-30T12:29:19","guid":{"rendered":"https:\/\/www.dynseo.com\/post-avc-reeducation-a-domicile-ou-en-centre-de-soins-2\/"},"modified":"2026-04-30T14:34:55","modified_gmt":"2026-04-30T12:34:55","slug":"pos-avc-reabilitacao-em-casa-ou-em-centro-de-cuidados","status":"publish","type":"post","link":"https:\/\/www.dynseo.com\/pt-pt\/pos-avc-reabilitacao-em-casa-ou-em-centro-de-cuidados\/","title":{"rendered":"P\u00f3s-AVC: reabilita\u00e7\u00e3o em casa ou em centro de cuidados"},"content":{"rendered":"<p>[et_pb_section fb_built=&#8221;1&#8243; _builder_version=&#8221;4.16&#8243; custom_padding=&#8221;0px|0px|0px|0px|false|false&#8221; margin_top=&#8221;0px&#8221; margin_bottom=&#8221;0px&#8221; global_colors_info=&#8221;{}&#8221;][et_pb_row _builder_version=&#8221;4.16&#8243; custom_padding=&#8221;0px|0px|0px|0px|false|false&#8221; margin_top=&#8221;0px&#8221; margin_bottom=&#8221;0px&#8221; column_structure=&#8221;4_4&#8243; global_colors_info=&#8221;{}&#8221;][et_pb_column type=&#8221;4_4&#8243; _builder_version=&#8221;4.16&#8243; custom_padding=&#8221;0px|0px|0px|0px|false|false&#8221; global_colors_info=&#8221;{}&#8221;][et_pb_code _builder_version=&#8221;4.16&#8243; custom_padding=&#8221;0px|0px|0px|0px|false|false&#8221; global_colors_info=&#8221;{}&#8221;]<!DOCTYPE html><br \/>\n<html lang=\"fr\"><br \/>\n<head><br \/>\n    <meta charset=\"UTF-8\"><br \/>\n    <meta name=\"viewport\" content=\"width=device-width, initial-scale=1.0\"><br \/>\n    <title>Post-AVC : R\u00e9\u00e9ducation \u00e0 Domicile ou en Centre de Soins | DYNSEO<\/title><br \/>\n    <meta name=\"description\" content=\"D\u00e9couvrez les avantages et inconv\u00e9nients de la r\u00e9\u00e9ducation post-AVC \u00e0 domicile versus en centre de soins. Guide complet avec solutions innovantes DYNSEO.\"><\/p>\n<link href=\"https:\/\/fonts.googleapis.com\/css2?family=Montserrat:wght@400;600;700;800&#038;family=Poppins:wght@300;400;500;600;700&#038;display=swap\" rel=\"stylesheet\">\n<style>\n        :root {\n            --primary-blue: #5e5ed7;\n            --blue-dark: #5268c9;\n            --teal: #a9e2e4;\n            --yellow: #ffeca7;\n            --pink: #e73469;\n            --white: #ffffff;\n            --gray-light: #f8f9fa;\n            --gray-medium: #e9ecef;\n            --gray-dark: #495057;\n            --black: #212529;\n        }<\/p>\n<p>        * {\n            margin: 0;\n            padding: 0;\n            box-sizing: border-box;\n        }<\/p>\n<p>        body {\n            font-family: 'Poppins', sans-serif;\n            line-height: 1.6;\n            color: var(--gray-dark);\n            background: var(--gray-light);\n        }<\/p>\n<p>        .article-hero {\n            background: linear-gradient(135deg, var(--primary-blue), var(--blue-dark));\n            color: var(--white);\n            position: relative;\n            padding: 3rem 0 8rem 0;\n            overflow: hidden;\n        }<\/p>\n<p>        .article-hero-curve {\n            position: absolute;\n            bottom: -2px;\n            left: 0;\n            width: 100%;\n            height: 80px;\n            background: var(--gray-light);\n            clip-path: ellipse(100% 100% at 50% 0%);\n        }<\/p>\n<p>        .article-hero-inner {\n            max-width: 1200px;\n            margin: 0 auto;\n            padding: 0 2rem;\n            position: relative;\n            z-index: 2;\n        }<\/p>\n<p>        .article-breadcrumb {\n            font-size: 0.9rem;\n            margin-bottom: 1rem;\n            opacity: 0.9;\n        }<\/p>\n<p>        .article-breadcrumb a {\n            color: var(--white);\n            text-decoration: none;\n        }<\/p>\n<p>        .article-category {\n            display: inline-block;\n            background: var(--pink);\n            color: var(--white);\n            padding: 0.5rem 1rem;\n            border-radius: 25px;\n            font-size: 0.8rem;\n            font-weight: 600;\n            margin-bottom: 1.5rem;\n            text-transform: uppercase;\n            letter-spacing: 0.5px;\n        }<\/p>\n<p>        .article-hero h1 {\n            font-family: 'Montserrat', sans-serif;\n            font-size: 3rem;\n            font-weight: 800;\n            line-height: 1.2;\n            margin-bottom: 1.5rem;\n        }<\/p>\n<p>        .hl {\n            background: linear-gradient(45deg, var(--yellow), var(--teal));\n            -webkit-background-clip: text;\n            -webkit-text-fill-color: transparent;\n            background-clip: text;\n        }<\/p>\n<p>        .article-meta {\n            display: flex;\n            gap: 2rem;\n            align-items: center;\n            margin-bottom: 2rem;\n            flex-wrap: wrap;\n        }<\/p>\n<p>        .article-meta span {\n            display: flex;\n            align-items: center;\n            gap: 0.5rem;\n            font-size: 0.9rem;\n        }<\/p>\n<p>        .article-body {\n            background: var(--white);\n            margin-top: -6rem;\n            position: relative;\n            z-index: 3;\n            border-radius: 20px 20px 0 0;\n            box-shadow: 0 -10px 30px rgba(0,0,0,0.1);\n        }<\/p>\n<p>        .container {\n            max-width: 1000px;\n            margin: 0 auto;\n            padding: 4rem 2rem;\n        }<\/p>\n<p>        .intro-block {\n            background: linear-gradient(135deg, var(--teal), rgba(169, 226, 228, 0.3));\n            padding: 2.5rem;\n            border-radius: 15px;\n            margin-bottom: 3rem;\n            border-left: 5px solid var(--primary-blue);\n        }<\/p>\n<p>        .intro-block p {\n            font-size: 1.1rem;\n            font-weight: 500;\n            color: var(--gray-dark);\n            margin-bottom: 1rem;\n        }<\/p>\n<p>        .stats-grid {\n            display: grid;\n            grid-template-columns: repeat(auto-fit, minmax(200px, 1fr));\n            gap: 2rem;\n            margin-bottom: 4rem;\n        }<\/p>\n<p>        .stat-card {\n            background: var(--white);\n            padding: 2rem;\n            border-radius: 15px;\n            text-align: center;\n            box-shadow: 0 5px 20px rgba(0,0,0,0.1);\n            border: 2px solid var(--gray-light);\n            transition: transform 0.3s ease;\n        }<\/p>\n<p>        .stat-card:hover {\n            transform: translateY(-5px);\n            border-color: var(--primary-blue);\n        }<\/p>\n<p>        .stat-card .number {\n            font-family: 'Montserrat', sans-serif;\n            font-size: 2.5rem;\n            font-weight: 700;\n            color: var(--primary-blue);\n            display: block;\n            margin-bottom: 0.5rem;\n        }<\/p>\n<p>        .stat-card .label {\n            font-weight: 500;\n            color: var(--gray-dark);\n        }<\/p>\n<p>        h2 {\n            font-family: 'Montserrat', sans-serif;\n            font-size: 2rem;\n            font-weight: 700;\n            color: var(--primary-blue);\n            margin: 3rem 0 1.5rem 0;\n            position: relative;\n            padding-bottom: 0.5rem;\n        }<\/p>\n<p>        h2::after {\n            content: '';\n            position: absolute;\n            bottom: 0;\n            left: 0;\n            width: 60px;\n            height: 3px;\n            background: var(--yellow);\n            border-radius: 2px;\n        }<\/p>\n<p>        h3 {\n            font-family: 'Montserrat', sans-serif;\n            font-size: 1.4rem;\n            font-weight: 600;\n            color: var(--blue-dark);\n            margin: 2rem 0 1rem 0;\n        }<\/p>\n<p>        p {\n            margin-bottom: 1.2rem;\n            text-align: justify;\n        }<\/p>\n<p>        .conseil-card {\n            background: linear-gradient(135deg, var(--yellow), rgba(255, 236, 167, 0.3));\n            padding: 2rem;\n            border-radius: 15px;\n            margin: 2rem 0;\n            border-left: 5px solid var(--pink);\n        }<\/p>\n<p>        .key-points {\n            background: var(--gray-light);\n            padding: 2rem;\n            border-radius: 15px;\n            margin: 2rem 0;\n        }<\/p>\n<p>        .key-points ul {\n            list-style: none;\n            padding: 0;\n        }<\/p>\n<p>        .key-points li {\n            padding: 0.8rem 0;\n            border-bottom: 1px solid var(--gray-medium);\n            position: relative;\n            padding-left: 2rem;\n        }<\/p>\n<p>        .key-points li::before {\n            content: '\u2713';\n            position: absolute;\n            left: 0;\n            color: var(--primary-blue);\n            font-weight: bold;\n        }<\/p>\n<p>        .tip-box {\n            background: linear-gradient(135deg, var(--teal), rgba(169, 226, 228, 0.2));\n            padding: 2rem;\n            border-radius: 15px;\n            margin: 2rem 0;\n            position: relative;\n        }<\/p>\n<p>        .tip-box-label {\n            background: var(--primary-blue);\n            color: var(--white);\n            padding: 0.5rem 1rem;\n            border-radius: 20px;\n            font-size: 0.8rem;\n            font-weight: 600;\n            position: absolute;\n            top: -10px;\n            left: 2rem;\n            text-transform: uppercase;\n        }<\/p>\n<p>        .expert-box {\n            background: var(--white);\n            border: 2px solid var(--primary-blue);\n            border-radius: 15px;\n            padding: 2rem;\n            margin: 2rem 0;\n            position: relative;\n        }<\/p>\n<p>        .expert-box-label {\n            background: var(--primary-blue);\n            color: var(--white);\n            padding: 0.5rem 1rem;\n            border-radius: 20px;\n            font-size: 0.8rem;\n            font-weight: 600;\n            position: absolute;\n            top: -10px;\n            left: 2rem;\n        }<\/p>\n<p>        .expert-box-title {\n            font-family: 'Montserrat', sans-serif;\n            font-size: 1.2rem;\n            font-weight: 600;\n            color: var(--primary-blue);\n            margin: 1rem 0;\n        }<\/p>\n<p>        .expert-inner {\n            background: var(--gray-light);\n            padding: 1.5rem;\n            border-radius: 10px;\n            margin-top: 1rem;\n        }<\/p>\n<p>        .expert-inner-title {\n            font-weight: 600;\n            color: var(--blue-dark);\n            margin-bottom: 0.5rem;\n        }<\/p>\n<p>        .faq-list {\n            margin: 3rem 0;\n        }<\/p>\n<p>        .faq-item {\n            background: var(--white);\n            border: 2px solid var(--gray-light);\n            border-radius: 10px;\n            margin-bottom: 1rem;\n            overflow: hidden;\n            transition: all 0.3s ease;\n        }<\/p>\n<p>        .faq-item.open {\n            border-color: var(--primary-blue);\n        }<\/p>\n<p>        .faq-q {\n            padding: 1.5rem;\n            cursor: pointer;\n            display: flex;\n            justify-content: space-between;\n            align-items: center;\n            font-weight: 600;\n            color: var(--blue-dark);\n            background: var(--gray-light);\n        }<\/p>\n<p>        .faq-icon {\n            width: 24px;\n            height: 24px;\n            background: var(--primary-blue);\n            color: var(--white);\n            border-radius: 50%;\n            display: flex;\n            align-items: center;\n            justify-content: center;\n            font-weight: bold;\n            transition: transform 0.3s ease;\n        }<\/p>\n<p>        .faq-item.open .faq-icon {\n            transform: rotate(45deg);\n        }<\/p>\n<p>        .faq-a {\n            padding: 0 1.5rem;\n            max-height: 0;\n            overflow: hidden;\n            transition: all 0.3s ease;\n        }<\/p>\n<p>        .faq-item.open .faq-a {\n            padding: 1.5rem;\n            max-height: 500px;\n        }<\/p>\n<p>        .cta-box {\n            background: linear-gradient(135deg, var(--primary-blue), var(--blue-dark));\n            color: var(--white);\n            padding: 3rem;\n            border-radius: 20px;\n            text-align: center;\n            margin: 4rem 0;\n        }<\/p>\n<p>        .cta-box h3 {\n            color: var(--white);\n            font-size: 2rem;\n            margin-bottom: 1rem;\n        }<\/p>\n<p>        .cta-buttons {\n            display: flex;\n            gap: 1rem;\n            justify-content: center;\n            flex-wrap: wrap;\n            margin-top: 2rem;\n        }<\/p>\n<p>        .btn-white {\n            background: var(--white);\n            color: var(--primary-blue);\n            padding: 1rem 2rem;\n            border-radius: 30px;\n            text-decoration: none;\n            font-weight: 600;\n            transition: all 0.3s ease;\n            border: 2px solid var(--white);\n        }<\/p>\n<p>        .btn-white:hover {\n            background: transparent;\n            color: var(--white);\n        }<\/p>\n<p>        .btn-outline {\n            background: transparent;\n            color: var(--white);\n            padding: 1rem 2rem;\n            border-radius: 30px;\n            text-decoration: none;\n            font-weight: 600;\n            border: 2px solid var(--white);\n            transition: all 0.3s ease;\n        }<\/p>\n<p>        .btn-outline:hover {\n            background: var(--white);\n            color: var(--primary-blue);\n        }<\/p>\n<p>        .article-tags {\n            margin-top: 3rem;\n            padding-top: 2rem;\n            border-top: 2px solid var(--gray-light);\n        }<\/p>\n<p>        .article-tag {\n            display: inline-block;\n            background: var(--gray-light);\n            color: var(--gray-dark);\n            padding: 0.5rem 1rem;\n            border-radius: 20px;\n            margin: 0.25rem;\n            font-size: 0.9rem;\n            text-decoration: none;\n            transition: all 0.3s ease;\n        }<\/p>\n<p>        .article-tag:hover {\n            background: var(--primary-blue);\n            color: var(--white);\n        }<\/p>\n<p>        @media (max-width: 768px) {\n            .article-hero h1 {\n                font-size: 2rem;\n            }<\/p>\n<p>            .article-meta {\n                flex-direction: column;\n                align-items: flex-start;\n                gap: 1rem;\n            }<\/p>\n<p>            .stats-grid {\n                grid-template-columns: repeat(2, 1fr);\n            }<\/p>\n<p>            .cta-buttons {\n                flex-direction: column;\n                align-items: center;\n            }<\/p>\n<p>            h2 {\n                font-size: 1.5rem;\n            }\n        }\n    <\/style>\n<p><\/head><\/p>\n<p><body><\/p>\n<section class=\"article-hero\">\n<div class=\"article-hero-inner\">\n<div class=\"article-breadcrumb\">\n            <a href=\"\/\">In\u00edcio<\/a> > <a href=\"\/blog\/\">Blog<\/a> > <a href=\"\/sante\/\">Sa\u00fade<\/a> > P\u00f3s-AVC : Reabilita\u00e7\u00e3o\n        <\/div>\n<div class=\"article-category\">Reabilita\u00e7\u00e3o P\u00f3s-AVC<\/div>\n<h1>P\u00f3s-AVC : Reabilita\u00e7\u00e3o em <span class=\"hl\">Casa ou em Centro<\/span> de Cuidados<\/h1>\n<div class=\"article-meta\">\n            <span>\ud83d\udcc5 Abril 2026<\/span><br \/>\n            <span>\u23f1\ufe0f 25 min de leitura<\/span><br \/>\n            <span>\ud83d\udc65 Pacientes, Fam\u00edlias, Cuidadores<\/span><br \/>\n            <span>\u2b50 4.8\/5 (245 avalia\u00e7\u00f5es)<\/span>\n        <\/div>\n<\/p><\/div>\n<div class=\"article-hero-curve\"><\/div>\n<\/section>\n<div class=\"article-body\">\n<div class=\"container\">\n<div class=\"intro-block\">\n            <pee>O Acidente Vascular Cerebral (AVC) marca o in\u00edcio de um percurso de recupera\u00e7\u00e3o complexo onde cada decis\u00e3o conta. A reabilita\u00e7\u00e3o p\u00f3s-AVC representa uma etapa crucial que determina em grande parte a qualidade de vida futura do paciente.<\/pee>\n<pee>Entre a reabilita\u00e7\u00e3o em casa e aquela dispensada em centro especializado, as fam\u00edlias enfrentam uma escolha delicada com m\u00faltiplas implica\u00e7\u00f5es. Essa decis\u00e3o, longe de ser irrelevante, influencia diretamente a efic\u00e1cia da recupera\u00e7\u00e3o, o bem-estar psicol\u00f3gico e a integra\u00e7\u00e3o social do paciente.<\/pee>\n<pee>Cada abordagem apresenta suas vantagens distintas: a reabilita\u00e7\u00e3o em casa oferece um ambiente familiar e personalizado, enquanto os centros especializados prop\u00f5em um acompanhamento profissional constante e equipamentos de ponta.<\/pee>\n<pee>Nossa expertise na DYNSEO, desenvolvida atrav\u00e9s do acompanhamento de milhares de pacientes, nos permite esclarecer essa decis\u00e3o crucial com objetividade e precis\u00e3o.<\/pee>\n<pee>Este guia completo analisa as duas abordagens sob todos os seus aspectos, das considera\u00e7\u00f5es m\u00e9dicas \u00e0s quest\u00f5es familiares, passando pelas inova\u00e7\u00f5es tecnol\u00f3gicas que revolucionam a reabilita\u00e7\u00e3o moderna.<\/pee>\n        <\/div>\n<div class=\"stats-grid\">\n<div class=\"stat-card\">\n                <span class=\"number\">150 000<\/span><br \/>\n                <span class=\"label\">AVC por ano na Fran\u00e7a<\/span>\n            <\/div>\n<div class=\"stat-card\">\n                <span class=\"number\">80%<\/span><br \/>\n                <span class=\"label\">Beneficiam de uma reabilita\u00e7\u00e3o<\/span>\n            <\/div>\n<div class=\"stat-card\">\n                <span class=\"number\">65%<\/span><br \/>\n                <span class=\"label\">Retomam sua autonomia<\/span>\n            <\/div>\n<div class=\"stat-card\">\n                <span class=\"number\">6-12<\/span><br \/>\n                <span class=\"label\">Meses de reabilita\u00e7\u00e3o m\u00e9dia<\/span>\n            <\/div>\n<\/p><\/div>\n<h2>1. Compreender os Desafios da Reabilita\u00e7\u00e3o P\u00f3s-AVC<\/h2>\n<pee>A reabilita\u00e7\u00e3o p\u00f3s-AVC constitui um processo complexo e multidimensional que se estende bem al\u00e9m da simples recupera\u00e7\u00e3o f\u00edsica. Ela engloba a restaura\u00e7\u00e3o das fun\u00e7\u00f5es cognitivas, motoras, sensoriais e psicossociais, necessitando de uma abordagem hol\u00edstica e personalizada.<\/pee>\n<pee>Os primeiros meses ap\u00f3s um AVC s\u00e3o cruciais, pois correspondem ao per\u00edodo de plasticidade cerebral m\u00e1xima. Durante essa janela terap\u00eautica, o c\u00e9rebro demonstra uma capacidade not\u00e1vel de reorganiza\u00e7\u00e3o e compensa\u00e7\u00e3o, permitindo que as \u00e1reas n\u00e3o lesionadas assumam as fun\u00e7\u00f5es alteradas.<\/pee>\n<pee>A efic\u00e1cia da reabilita\u00e7\u00e3o depende de m\u00faltiplos fatores: a precocidade do atendimento, a intensidade dos exerc\u00edcios, a regularidade das sess\u00f5es, mas tamb\u00e9m o ambiente em que ela ocorre. \u00c9 precisamente nesse n\u00edvel que a escolha entre casa e centro especializado ganha toda a sua import\u00e2ncia.<\/pee>\n<div class=\"conseil-card\">\n<h3>\ud83d\udca1 Ponto Chave<\/h3>\n<pee>A plasticidade cerebral, fen\u00f4meno no cerne da recupera\u00e7\u00e3o p\u00f3s-AVC, permanece ativa durante v\u00e1rios meses, at\u00e9 anos. Uma estimula\u00e7\u00e3o apropriada e regular otimiza essa capacidade natural de reorganiza\u00e7\u00e3o neuronal.<\/pee>\n            <\/div>\n<div class=\"key-points\">\n<h3>Objetivos Principais da Reabilita\u00e7\u00e3o P\u00f3s-AVC:<\/h3>\n<ul>\n<li>Recupera\u00e7\u00e3o da motricidade e da coordena\u00e7\u00e3o<\/li>\n<li>Restaura\u00e7\u00e3o das fun\u00e7\u00f5es cognitivas (mem\u00f3ria, aten\u00e7\u00e3o, linguagem)<\/li>\n<li>Melhora do equil\u00edbrio e da marcha<\/li>\n<li>Desenvolvimento de estrat\u00e9gias compensat\u00f3rias<\/li>\n<li>Reintegra\u00e7\u00e3o social e profissional<\/li>\n<li>Preven\u00e7\u00e3o das complica\u00e7\u00f5es secund\u00e1rias<\/li>\n<\/ul><\/div>\n<div class=\"tip-box\">\n                <span class=\"tip-box-label\">Conselho Especialista<\/span>\n                <pee>A implica\u00e7\u00e3o ativa do paciente em seu processo de reabilita\u00e7\u00e3o, independentemente do local escolhido, constitui o fator determinante de sucesso. A motiva\u00e7\u00e3o e a ades\u00e3o ao programa terap\u00eautico influenciam diretamente os resultados obtidos.<\/pee>\n            <\/div>\n<h2>2. Reabilita\u00e7\u00e3o Domiciliar: Vantagens e Desafios<\/h2>\n<pee>A reabilita\u00e7\u00e3o domiciliar ganha popularidade gra\u00e7as aos avan\u00e7os tecnol\u00f3gicos e a uma melhor compreens\u00e3o de seus benef\u00edcios espec\u00edficos. Essa abordagem permite ao paciente evoluir em seu ambiente familiar, cercado por seus entes queridos e seus pontos de refer\u00eancia habituais.<\/pee>\n<pee>Um dos principais trunfos dessa modalidade reside na personaliza\u00e7\u00e3o extrema do programa de cuidados. A equipe de cuidados pode adaptar os exerc\u00edcios \u00e0s restri\u00e7\u00f5es espec\u00edficas do domic\u00edlio, integrar as atividades terap\u00eauticas nas tarefas di\u00e1rias e envolver diretamente a fam\u00edlia no processo de recupera\u00e7\u00e3o.<\/pee>\n<pee>Essa abordagem tamb\u00e9m favorece a manuten\u00e7\u00e3o do v\u00ednculo social e emocional, elementos cruciais para o moral e a motiva\u00e7\u00e3o do paciente. A aus\u00eancia de deslocamento reduz a fadiga e permite uma frequ\u00eancia de exerc\u00edcios mais alta, otimizando assim os benef\u00edcios da plasticidade cerebral.<\/pee>\n<h3>Vantagens Espec\u00edficas da Reabilita\u00e7\u00e3o Domiciliar<\/h3>\n<pee>O conforto psicol\u00f3gico representa uma vantagem ineg\u00e1vel. O paciente evolui em um ambiente tranquilizador, sem o estresse relacionado \u00e0 adapta\u00e7\u00e3o a um novo ambiente. Essa serenidade favorece o aprendizado e a memoriza\u00e7\u00e3o dos novos padr\u00f5es motores e cognitivos.<\/pee>\n<div class=\"expert-box\">\n                <span class=\"expert-box-label\">Especializa\u00e7\u00e3o DYNSEO<\/span><\/p>\n<div class=\"expert-box-title\">Nossa An\u00e1lise Cl\u00ednica<\/div>\n<pee>Nossas observa\u00e7\u00f5es sobre mais de 10.000 usu\u00e1rios mostram que a reabilita\u00e7\u00e3o domiciliar, acompanhada das ferramentas tecnol\u00f3gicas adequadas, permite obter resultados compar\u00e1veis aos centros especializados para certas fun\u00e7\u00f5es cognitivas.<\/pee>\n<div class=\"expert-inner\">\n<div class=\"expert-inner-title\">Fatores de Sucesso Observados :<\/div>\n<pee>Regularidade das sess\u00f5es (di\u00e1ria vs 3 vezes\/semana no centro), envolvimento familiar ativo, adapta\u00e7\u00e3o progressiva da dificuldade, acompanhamento telef\u00f4nico semanal.<\/pee>\n                <\/div>\n<\/p><\/div>\n<pee>A flexibilidade de hor\u00e1rio constitui outra vantagem consider\u00e1vel. O paciente pode organizar suas sess\u00f5es de acordo com seu ritmo biol\u00f3gico ideal, geralmente pela manh\u00e3, quando a fadiga \u00e9 menor e a concentra\u00e7\u00e3o m\u00e1xima. Essa adapta\u00e7\u00e3o fina do planejamento melhora significativamente a efic\u00e1cia dos exerc\u00edcios.<\/pee>\n<h3>Desafios e Limita\u00e7\u00f5es a Considerar<\/h3>\n<pee>No entanto, a reabilita\u00e7\u00e3o em casa apresenta algumas limita\u00e7\u00f5es que devem ser avaliadas objetivamente. A falta de supervis\u00e3o profissional constante pode levar a erros t\u00e9cnicos na execu\u00e7\u00e3o dos exerc\u00edcios, reduzindo sua efic\u00e1cia ou criando h\u00e1bitos ruins dif\u00edceis de corrigir posteriormente.<\/pee>\n<pee>O isolamento profissional constitui outro grande desafio. Os terapeutas que atuam em casa podem carecer da emula\u00e7\u00e3o e das trocas multidisciplinares que enriquecem o atendimento. Essa limita\u00e7\u00e3o pode afetar a qualidade e a inova\u00e7\u00e3o das abordagens terap\u00eauticas propostas.<\/pee>\n<div class=\"tip-box\">\n                <span class=\"tip-box-label\">Solu\u00e7\u00e3o Inovadora<\/span>\n                <pee>As plataformas de telereabilita\u00e7\u00e3o como <a href=\"https:\/\/www.dynseo.com\/pt-pt\/coco-pensa-e-coco-se-mexe\/\" target=\"_blank\">COCO PENSA e COCO SE MEXE<\/a> compensam essas limita\u00e7\u00f5es ao oferecer acompanhamento profissional \u00e0 dist\u00e2ncia e exerc\u00edcios validados cientificamente, adapt\u00e1veis de acordo com os progressos do paciente.<\/pee>\n            <\/div>\n<h2>3. Reabilita\u00e7\u00e3o em Centro de Cuidados: A Excel\u00eancia Profissional<\/h2>\n<pee>Os centros de reabilita\u00e7\u00e3o especializados representam a incorpora\u00e7\u00e3o da expertise m\u00e9dica concentrada e da tecnologia de ponta a servi\u00e7o da recupera\u00e7\u00e3o p\u00f3s-AVC. Essas institui\u00e7\u00f5es oferecem um ambiente totalmente dedicado \u00e0 reabilita\u00e7\u00e3o, com equipes multidisciplinares experientes e equipamentos sofisticados.<\/pee>\n<pee>A principal for\u00e7a dessa abordagem reside na coordena\u00e7\u00e3o \u00f3tima entre os diferentes profissionais de sa\u00fade: m\u00e9dicos reabilitadores, fisioterapeutas, terapeutas ocupacionais, fonoaudi\u00f3logos, neuropsic\u00f3logos e assistentes sociais trabalham em sinergia para elaborar um programa de cuidados personalizado e evolutivo.<\/pee>\n<pee>Essa pluridisciplinaridade permite uma avalia\u00e7\u00e3o global e cont\u00ednua dos progressos, com ajustes terap\u00eauticos em tempo real. As reuni\u00f5es de equipe semanais garantem uma coer\u00eancia no atendimento e uma otimiza\u00e7\u00e3o constante dos objetivos terap\u00eauticos.<\/pee>\n<h3>Encaminhamento Profissional Especializado<\/h3>\n<pee>A expertise profissional constitui o principal trunfo dos centros especializados. Os terapeutas, especificamente treinados em reabilita\u00e7\u00e3o neurol\u00f3gica, dominam as t\u00e9cnicas mais avan\u00e7adas e as abordagens terap\u00eauticas inovadoras. Sua experi\u00eancia lhes permite identificar rapidamente as estrat\u00e9gias mais eficazes para cada paciente.<\/pee>\n<div class=\"conseil-card\">\n<h3>\ud83c\udfe5 Vantagem Centro<\/h3>\n<pee>A supervis\u00e3o constante permite detectar e corrigir imediatamente os erros de postura ou movimento, otimizando assim a efic\u00e1cia de cada sess\u00e3o e prevenindo a instala\u00e7\u00e3o de compensa\u00e7\u00f5es inadequadas.<\/pee>\n            <\/div>\n<pee>A disponibilidade de equipamentos especializados representa outra vantagem decisiva. Os centros disp\u00f5em de material caro e sofisticado: plataformas de marcha robotizadas, sistemas de realidade virtual imersiva, aparelhos de estimula\u00e7\u00e3o el\u00e9trica funcional, ou ainda dispositivos de biofeedback eletromiogr\u00e1fico.<\/pee>\n<h3>Acesso \u00e0s Tecnologias de Ponta<\/h3>\n<pee>Essas tecnologias permitem abordagens terap\u00eauticas imposs\u00edveis de reproduzir em casa. A rob\u00f3tica de reabilita\u00e7\u00e3o, por exemplo, oferece uma assist\u00eancia graduada e precisa para a reabilita\u00e7\u00e3o da marcha, enquanto a realidade virtual cria ambientes de treinamento motivadores e seguros para a recupera\u00e7\u00e3o das fun\u00e7\u00f5es cognitivas.<\/pee>\n<div class=\"key-points\">\n<h3>Tecnologias Dispon\u00edveis no Centro:<\/h3>\n<ul>\n<li>Exoesqueletos para a reabilita\u00e7\u00e3o da marcha<\/li>\n<li>Plataformas de realidade virtual imersiva<\/li>\n<li>Sistemas de estimula\u00e7\u00e3o magn\u00e9tica transcraniana<\/li>\n<li>Aparelhos de biofeedback multimodais<\/li>\n<li>Rob\u00f4s de assist\u00eancia para membros superiores<\/li>\n<li>Plataformas de equil\u00edbrio computadorizadas<\/li>\n<\/ul><\/div>\n<h3>Limita\u00e7\u00f5es e Restri\u00e7\u00f5es<\/h3>\n<pee>Apesar dessas vantagens ineg\u00e1veis, a reabilita\u00e7\u00e3o em centro apresenta algumas restri\u00e7\u00f5es que devem ser examinadas objetivamente. O deslocamento di\u00e1rio pode representar uma fonte de fadiga adicional, particularmente problem\u00e1tica para os pacientes mais fr\u00e1geis ou aqueles que residem longe do centro.<\/pee>\n<pee>O ambiente medicalizado, embora tranquilizador para alguns, pode gerar estresse e ansiedade em outros pacientes. Essa tens\u00e3o psicol\u00f3gica pode prejudicar a efic\u00e1cia da reabilita\u00e7\u00e3o e atrasar os progressos esperados.<\/pee>\n<div class=\"expert-box\">\n                <span class=\"expert-box-label\">Retorno de Experi\u00eancia<\/span><\/p>\n<div class=\"expert-box-title\">Depoimento Cl\u00ednico<\/div>\n<pee>Na nossa pr\u00e1tica, observamos que alguns pacientes se desenvolvem mais na emula\u00e7\u00e3o do centro, enquanto outros progridem melhor na intimidade de seu lar. Essa variabilidade individual destaca a import\u00e2ncia de uma avalia\u00e7\u00e3o personalizada.<\/pee>\n            <\/div>\n<h2>4. Crit\u00e9rios de Avalia\u00e7\u00e3o e de Escolha<\/h2>\n<pee>A escolha entre reabilita\u00e7\u00e3o em casa e em centro especializado requer uma an\u00e1lise aprofundada de m\u00faltiplos fatores, desde o estado cl\u00ednico do paciente at\u00e9 suas prefer\u00eancias pessoais, passando pelo contexto familiar e socioecon\u00f4mico. Essa decis\u00e3o, longe de ser bin\u00e1ria, pode evoluir ao longo do processo de recupera\u00e7\u00e3o.<\/pee>\n<pee>A avalia\u00e7\u00e3o inicial deve considerar a gravidade do AVC, os d\u00e9ficits residuais, o potencial de recupera\u00e7\u00e3o, mas tamb\u00e9m as capacidades de adapta\u00e7\u00e3o do paciente e de seu entorno. Uma abordagem sistem\u00e1tica e objetiva permite otimizar essa decis\u00e3o crucial para o futuro do paciente.<\/pee>\n<h3>Avalia\u00e7\u00e3o Cl\u00ednica Pr\u00e9via<\/h3>\n<pee>O estado neurol\u00f3gico constitui o primeiro crit\u00e9rio de avalia\u00e7\u00e3o. Os pacientes com d\u00e9ficits motores severos, dist\u00farbios cognitivos maiores ou complica\u00e7\u00f5es m\u00e9dicas associadas geralmente necessitam de atendimento em centro especializado, pelo menos em um primeiro momento.<\/pee>\n<div class=\"tip-box\">\n                <span class=\"tip-box-label\">Crit\u00e9rios M\u00e9dicos<\/span>\n                <pee>Pontua\u00e7\u00e3o NIHSS > 15, dist\u00farbios de degluti\u00e7\u00e3o severos, instabilidade cardiol\u00f3gica, dist\u00farbios cognitivos maiores (MMS < 20) orientam preferencialmente para um atendimento em centro especializado.<\/pee>\n            <\/div>\n<pee>Por outro lado, os pacientes com d\u00e9ficits leves a moderados, boa ades\u00e3o e um ambiente familiar favor\u00e1vel podem se beneficiar plenamente de uma reabilita\u00e7\u00e3o em casa, especialmente quando se baseia em ferramentas tecnol\u00f3gicas adequadas.<\/pee>\n<h3>Fatores Sociais e Familiares<\/h3>\n<pee>O ambiente familiar desempenha um papel determinante no sucesso da reabilita\u00e7\u00e3o em casa. A presen\u00e7a de um cuidador principal dispon\u00edvel, treinado e motivado \u00e9 um pr\u00e9-requisito essencial. Essa pessoa se torna um verdadeiro parceiro terap\u00eautico, facilitando os exerc\u00edcios di\u00e1rios e garantindo uma supervis\u00e3o cont\u00ednua.<\/pee>\n<pee>As condi\u00e7\u00f5es da habita\u00e7\u00e3o tamb\u00e9m devem ser avaliadas: acessibilidade, seguran\u00e7a, espa\u00e7o suficiente para os exerc\u00edcios. Ajustes podem ser necess\u00e1rios para otimizar o ambiente terap\u00eautico dom\u00e9stico.<\/pee>\n<div class=\"conseil-card\">\n<h3>\ud83c\udfe0 Am\u00e9nagement Domic\u00edlio<\/h3>\n<pee>Um espa\u00e7o dedicado aos exerc\u00edcios, bem iluminado e seguro, melhora significativamente a efic\u00e1cia da reabilita\u00e7\u00e3o em casa. O terapeuta ocupacional pode aconselhar as adapta\u00e7\u00f5es ideais durante sua visita de avalia\u00e7\u00e3o.<\/pee>\n            <\/div>\n<h2>5. Solu\u00e7\u00f5es Tecnol\u00f3gicas Inovadoras para a Reabilita\u00e7\u00e3o<\/h2>\n<pee>A revolu\u00e7\u00e3o digital transforma profundamente o cen\u00e1rio da reabilita\u00e7\u00e3o p\u00f3s-AVC, oferecendo solu\u00e7\u00f5es inovadoras que transcendem as limita\u00e7\u00f5es tradicionais das abordagens convencionais. Essas tecnologias permitem combinar a efic\u00e1cia do acompanhamento profissional com o conforto e a flexibilidade do cuidado em casa.<\/pee>\n<pee>Na DYNSEO, desenvolvemos h\u00e1 mais de 10 anos solu\u00e7\u00f5es especialmente projetadas para a estimula\u00e7\u00e3o cognitiva e motora de pacientes p\u00f3s-AVC. Nossa abordagem cient\u00edfica, validada por estudos cl\u00ednicos, demonstra a efic\u00e1cia dessas ferramentas na melhoria das fun\u00e7\u00f5es cognitivas e motoras.<\/pee>\n<h3>COCO PENSA e COCO SE MEXE : Inova\u00e7\u00e3o a Servi\u00e7o da Recupera\u00e7\u00e3o<\/h3>\n<pee>Nossas aplica\u00e7\u00f5es <a href=\"https:\/\/www.dynseo.com\/pt-pt\/coco-pensa-e-coco-se-mexe\/\" target=\"_blank\">COCO PENSA e COCO SE MEXE<\/a> representam o culminar de nossa expertise em neuroci\u00eancias aplicadas. Esses programas oferecem mais de 50 exerc\u00edcios especificamente adaptados \u00e0s necessidades dos pacientes p\u00f3s-AVC, cobrindo todas as fun\u00e7\u00f5es cognitivas e motoras a serem restauradas.<\/pee>\n<pee>A adaptabilidade constitui o maior trunfo dessas solu\u00e7\u00f5es. Os exerc\u00edcios se ajustam automaticamente ao n\u00edvel e aos progressos do paciente, garantindo um desafio ideal sem des\u00e2nimo. Essa personaliza\u00e7\u00e3o fina otimiza a motiva\u00e7\u00e3o e o engajamento, fatores cruciais para o sucesso na reabilita\u00e7\u00e3o.<\/pee>\n<div class=\"expert-box\">\n                <span class=\"expert-box-label\">Inova\u00e7\u00e3o DYNSEO<\/span><\/p>\n<div class=\"expert-box-title\">Funcionalidades Avan\u00e7adas<\/div>\n<pee>Nossas aplica\u00e7\u00f5es integram um sistema de acompanhamento dos progressos em tempo real, permitindo que os profissionais de sa\u00fade ajustem os programas \u00e0 dist\u00e2ncia e que as fam\u00edlias acompanhem a evolu\u00e7\u00e3o di\u00e1ria.<\/pee>\n<div class=\"expert-inner\">\n<div class=\"expert-inner-title\">Tecnologias Integradas :<\/div>\n<pee>Intelig\u00eancia artificial para a adapta\u00e7\u00e3o dos exerc\u00edcios, an\u00e1lises estat\u00edsticas das performances, relat\u00f3rios automatizados para os profissionais, interface intuitiva adaptada \u00e0s defici\u00eancias visuais e motoras.<\/pee>\n                <\/div>\n<\/p><\/div>\n<h3>Exerc\u00edcios Cognitivos Especializados<\/h3>\n<pee>A recupera\u00e7\u00e3o das fun\u00e7\u00f5es cognitivas necessita de uma estimula\u00e7\u00e3o direcionada e progressiva. Nossos exerc\u00edcios de mem\u00f3ria, aten\u00e7\u00e3o, fun\u00e7\u00f5es executivas e linguagem baseiam-se nos princ\u00edpios da neuroplasticidade para maximizar as chances de recupera\u00e7\u00e3o. Cada atividade \u00e9 projetada para solicitar especificamente os circuitos neuronais envolvidos na fun\u00e7\u00e3o trabalhada.<\/pee>\n<pee>O aspecto l\u00fadico desses exerc\u00edcios transforma a reabilita\u00e7\u00e3o em momentos de prazer compartilhado com a fam\u00edlia. Essa dimens\u00e3o emocional positiva refor\u00e7a a efic\u00e1cia terap\u00eautica e melhora a ades\u00e3o ao programa de cuidados.<\/pee>\n<h3>Reabilita\u00e7\u00e3o Motora Inovadora<\/h3>\n<pee>O aplicativo &#8220;Bola Que Rola&#8221; ilustra perfeitamente nossa abordagem da reabilita\u00e7\u00e3o motora. Esta ferramenta, especificamente desenvolvida para pacientes hemipar\u00e9ticos, permite trabalhar a motricidade fina ajustando a dire\u00e7\u00e3o dos movimentos de acordo com as necessidades espec\u00edficas do paciente.<\/pee>\n<div class=\"tip-box\">\n                <span class=\"tip-box-label\">Exerc\u00edcio Principal<\/span>\n                <pee>A &#8220;Bola Que Rola&#8221; melhora a coordena\u00e7\u00e3o olho-m\u00e3o, o planejamento motor e a precis\u00e3o gestual. Os pacientes trabalham da esquerda para a direita ou da direita para a esquerda, dependendo de seu d\u00e9ficit, otimizando assim a recupera\u00e7\u00e3o funcional.<\/pee>\n            <\/div>\n<h2>6. Personaliza\u00e7\u00e3o do Programa de Reabilita\u00e7\u00e3o<\/h2>\n<pee>A personaliza\u00e7\u00e3o representa o cerne de toda reabilita\u00e7\u00e3o eficaz p\u00f3s-AVC. Cada paciente apresenta um perfil \u00fanico de d\u00e9ficits e potenciais, necessitando de uma abordagem sob medida que se adapta continuamente \u00e0s evolu\u00e7\u00f5es cl\u00ednicas. Essa individualiza\u00e7\u00e3o do percurso terap\u00eautico constitui um dos desafios maiores da reabilita\u00e7\u00e3o moderna.<\/pee>\n<pee>A avalia\u00e7\u00e3o inicial aprofundada permite identificar precisamente os dom\u00ednios a serem trabalhados em prioridade. Esta an\u00e1lise multidimensional cobre os aspectos motores, cognitivos, sensoriais, psicol\u00f3gicos e sociais, permitindo estabelecer um plano de cuidados hol\u00edstico e coerente.<\/pee>\n<h3>Avalia\u00e7\u00e3o Multidimensional<\/h3>\n<pee>Os instrumentos de avalia\u00e7\u00e3o padronizados fornecem uma base objetiva para a personaliza\u00e7\u00e3o. A escala de Barthel avalia a autonomia funcional, o MMS (Mini Mental State) avalia as fun\u00e7\u00f5es cognitivas globais, enquanto testes espec\u00edficos exploram cada dom\u00ednio deficit\u00e1rio com precis\u00e3o.<\/pee>\n<pee>Essa abordagem sistem\u00e1tica permite quantificar os d\u00e9ficits e definir objetivos realistas e mensur\u00e1veis. A repeti\u00e7\u00e3o regular dessas avalia\u00e7\u00f5es objetiva os progressos e orienta as adapta\u00e7\u00f5es terap\u00eauticas necess\u00e1rias.<\/pee>\n<div class=\"key-points\">\n<h3>Dom\u00ednios de Avalia\u00e7\u00e3o Essenciais :<\/h3>\n<ul>\n<li>Motricidade global e fina (escalas MRC, Fugl-Meyer)<\/li>\n<li>Equil\u00edbrio e marcha (teste de Berg, TUG)<\/li>\n<li>Fun\u00e7\u00f5es cognitivas (MMS, MOCA, bateria especializada)<\/li>\n<li>Linguagem e comunica\u00e7\u00e3o (avalia\u00e7\u00e3o fonoaudiol\u00f3gica)<\/li>\n<li>Autonomia di\u00e1ria (Barthel, FIM)<\/li>\n<li>Qualidade de vida (escalas espec\u00edficas p\u00f3s-AVC)<\/li>\n<\/ul><\/div>\n<h3>Adapta\u00e7\u00e3o Cont\u00ednua do Programa<\/h3>\n<pee>A plasticidade cerebral evolui ao longo do tempo, necessitando de ajustes regulares do programa terap\u00eautico. As fases iniciais priorizam a recupera\u00e7\u00e3o das fun\u00e7\u00f5es b\u00e1sicas, enquanto as etapas posteriores se concentram na otimiza\u00e7\u00e3o e compensa\u00e7\u00e3o dos d\u00e9ficits residuais.<\/pee>\n<div class=\"conseil-card\">\n<h3>\ud83d\udcca Acompanhamento dos Progressos<\/h3>\n<pee>Um sistema de monitoramento di\u00e1rio das performances permite adaptar finamente a dificuldade dos exerc\u00edcios. Essa reatividade otimiza a efic\u00e1cia terap\u00eautica e mant\u00e9m a motiva\u00e7\u00e3o do paciente em um n\u00edvel ideal.<\/pee>\n            <\/div>\n<h2>7. Integra\u00e7\u00e3o da Fam\u00edlia no Processo de Recupera\u00e7\u00e3o<\/h2>\n<pee>A fam\u00edlia constitui um pilar fundamental do sucesso da reabilita\u00e7\u00e3o p\u00f3s-AVC, independentemente do local de atendimento escolhido. Sua participa\u00e7\u00e3o ativa transforma o entorno em uma verdadeira equipe terap\u00eautica, multiplicando a efic\u00e1cia das interven\u00e7\u00f5es profissionais e garantindo a continuidade dos cuidados.<\/pee>\n<pee>Essa integra\u00e7\u00e3o familiar, no entanto, requer uma prepara\u00e7\u00e3o e um acompanhamento espec\u00edficos. Os familiares devem adquirir as compet\u00eancias necess\u00e1rias para se tornarem verdadeiros parceiros de cuidados, enquanto preservam seu equil\u00edbrio emocional e sua rela\u00e7\u00e3o afetiva com o paciente.<\/pee>\n<h3>Forma\u00e7\u00e3o e Acompanhamento dos Cuidadores<\/h3>\n<pee>A forma\u00e7\u00e3o dos cuidadores familiares abrange v\u00e1rias \u00e1reas essenciais: t\u00e9cnicas de mobiliza\u00e7\u00e3o seguras, princ\u00edpios de estimula\u00e7\u00e3o cognitiva, gest\u00e3o dos dist\u00farbios comportamentais e reconhecimento dos sinais de alerta que necessitam de interven\u00e7\u00e3o m\u00e9dica. Esse aumento de compet\u00eancias transforma gradualmente o cuidador em um verdadeiro terapeuta auxiliar.<\/pee>\n<pee>O acompanhamento psicol\u00f3gico das fam\u00edlias se revela igualmente crucial. O AVC perturba o equil\u00edbrio familiar e gera estresse, ansiedade e exaust\u00e3o nos familiares. Um apoio adequado previne o burn-out do cuidador e mant\u00e9m um ambiente familiar sereno, prop\u00edcio \u00e0 recupera\u00e7\u00e3o.<\/pee>\n<div class=\"tip-box\">\n                <span class=\"tip-box-label\">Apoio Familiar<\/span>\n                <pee>Os grupos de fala entre fam\u00edlias confrontadas a situa\u00e7\u00f5es semelhantes criam uma rede de apoio valiosa. O compartilhamento de experi\u00eancias e solu\u00e7\u00f5es pr\u00e1ticas enriquece as habilidades de cada um.<\/pee>\n            <\/div>\n<h3>Ferramentas Colaborativas para a Fam\u00edlia<\/h3>\n<pee>As tecnologias modernas oferecem ferramentas colaborativas que permitem envolver efetivamente a fam\u00edlia no acompanhamento di\u00e1rio. Aplicativos como <a href=\"https:\/\/www.dynseo.com\/pt-pt\/coco-pensa-e-coco-se-mexe\/\" target=\"_blank\">COCO PENSA e COCO SE MEXE<\/a> incluem funcionalidades especificamente projetadas para facilitar essa participa\u00e7\u00e3o familiar.<\/pee>\n<pee>Essas ferramentas permitem que as fam\u00edlias acompanhem os progressos em tempo real, proponham desafios adaptados e celebrem as conquistas juntas. Essa gamifica\u00e7\u00e3o da reabilita\u00e7\u00e3o fortalece os la\u00e7os familiares enquanto otimiza a efic\u00e1cia terap\u00eautica.<\/pee>\n<div class=\"expert-box\">\n                <span class=\"expert-box-label\">Inova\u00e7\u00e3o Colaborativa<\/span><\/p>\n<div class=\"expert-box-title\">Funcionalidades para a Fam\u00edlia<\/div>\n<pee>Nossos aplicativos permitem que as fam\u00edlias criem desafios personalizados, acompanhem as estat\u00edsticas de progresso e recebam conselhos adaptativos para otimizar o acompanhamento di\u00e1rio.<\/pee>\n            <\/div>\n<h2>8. Gest\u00e3o dos Aspectos Psicol\u00f3gicos e Emocionais<\/h2>\n<pee>A dimens\u00e3o psicol\u00f3gica da recupera\u00e7\u00e3o p\u00f3s-AVC \u00e9 frequentemente subestimada, embora influencie diretamente a efic\u00e1cia da reabilita\u00e7\u00e3o e a qualidade de vida futura. O AVC gera um trauma ps\u00edquico maior, confrontando brutalmente o paciente com sua vulnerabilidade e questionando sua identidade e seu projeto de vida.<\/pee>\n<pee>A abordagem psicol\u00f3gica deve come\u00e7ar precocemente e se adaptar \u00e0s diferentes fases do processo de recupera\u00e7\u00e3o. Nega\u00e7\u00e3o, raiva, depress\u00e3o e aceita\u00e7\u00e3o sucedem-se de acordo com um ritmo individual que deve ser respeitado e acompanhado com benevol\u00eancia e profissionalismo.<\/pee>\n<h3>Dist\u00farbios Psicol\u00f3gicos Frequentes<\/h3>\n<pee>A depress\u00e3o p\u00f3s-AVC afeta cerca de 30% dos pacientes e constitui um fator progn\u00f3stico importante. Ela reduz a motiva\u00e7\u00e3o, altera a aten\u00e7\u00e3o e a mem\u00f3ria, comprometendo assim a efic\u00e1cia da reabilita\u00e7\u00e3o. Sua triagem sistem\u00e1tica e seu tratamento especializado s\u00e3o indispens\u00e1veis.<\/pee>\n<pee>A ansiedade, os dist\u00farbios do sono e as altera\u00e7\u00f5es de personalidade completam esse quadro complexo. Essas manifesta\u00e7\u00f5es requerem uma abordagem terap\u00eautica adequada, combinando interven\u00e7\u00f5es psicol\u00f3gicas e, se necess\u00e1rio, tratamentos medicamentosos espec\u00edficos.<\/pee>\n<div class=\"conseil-card\">\n<h3>\ud83e\udde0 Sa\u00fade Mental<\/h3>\n<pee>A manuten\u00e7\u00e3o de atividades agrad\u00e1veis e valorizantes estimula a produ\u00e7\u00e3o de dopamina e serotonina, neurotransmissores essenciais para a motiva\u00e7\u00e3o e o bem-estar. O aspecto l\u00fadico dos exerc\u00edcios DYNSEO contribui para essa estimula\u00e7\u00e3o natural.<\/pee>\n            <\/div>\n<h3>Estrat\u00e9gias de Adapta\u00e7\u00e3o e de Resili\u00eancia<\/h3>\n<pee>O desenvolvimento da resili\u00eancia constitui um objetivo terap\u00eautico maior. Essa capacidade de adapta\u00e7\u00e3o e recupera\u00e7\u00e3o diante da adversidade se cultiva progressivamente atrav\u00e9s de estrat\u00e9gias espec\u00edficas: reestrutura\u00e7\u00e3o cognitiva, t\u00e9cnicas de relaxamento, fortalecimento da autoestima.<\/pee>\n<pee>A defini\u00e7\u00e3o de objetivos realistas e progressivos mant\u00e9m a esperan\u00e7a e a motiva\u00e7\u00e3o. Cada pequeno progresso se torna uma vit\u00f3ria a ser celebrada, refor\u00e7ando a confian\u00e7a em si mesmo e o compromisso no processo terap\u00eautico.<\/pee>\n<div class=\"key-points\">\n<h3>Estrat\u00e9gias de Apoio Psicol\u00f3gico:<\/h3>\n<ul>\n<li>Terapia cognitivo-comportamental adaptada<\/li>\n<li>T\u00e9cnicas de relaxamento e mindfulness<\/li>\n<li>Arteterapia e musicoterapia<\/li>\n<li>Grupos de fala entre pacientes<\/li>\n<li>Valoriza\u00e7\u00e3o dos progressos e das conquistas<\/li>\n<li>Manuten\u00e7\u00e3o dos la\u00e7os sociais e dos lazeres<\/li>\n<\/ul><\/div>\n<h2>9. Avalia\u00e7\u00e3o dos Custos e Considera\u00e7\u00f5es Econ\u00f4micas<\/h2>\n<pee>O aspecto econ\u00f4mico da reabilita\u00e7\u00e3o p\u00f3s-AVC constitui uma preocupa\u00e7\u00e3o leg\u00edtima para as fam\u00edlias e os sistemas de sa\u00fade. A compara\u00e7\u00e3o dos custos entre reabilita\u00e7\u00e3o em casa e em centro especializado revela diferen\u00e7as significativas que podem influenciar a decis\u00e3o, sem comprometer a qualidade dos cuidados.<\/pee>\n<pee>Uma an\u00e1lise completa dos custos deve considerar as despesas diretas (honor\u00e1rios profissionais, material, deslocamentos) mas tamb\u00e9m os custos indiretos (faltas no trabalho dos cuidadores, adapta\u00e7\u00f5es da casa, complica\u00e7\u00f5es evitadas). Essa vis\u00e3o global permite uma avalia\u00e7\u00e3o objetiva da rela\u00e7\u00e3o custo-efic\u00e1cia de cada abordagem.<\/pee>\n<h3>Custos Diretos Comparativos<\/h3>\n<pee>A reabilita\u00e7\u00e3o em centro especializado gera custos elevados: hospedagem, alimenta\u00e7\u00e3o, equipes m\u00e9dicas, equipamentos sofisticados. Na Fran\u00e7a, o custo m\u00e9dio de um dia em um centro de reabilita\u00e7\u00e3o varia entre 400 e 600 euros, amplamente cobertos pelo seguro sa\u00fade para as consequ\u00eancias de AVC.<\/pee>\n<pee>A reabilita\u00e7\u00e3o em casa apresenta uma estrutura de custos diferente: honor\u00e1rios dos profissionais liberais, despesas de deslocamento, aquisi\u00e7\u00e3o de equipamentos espec\u00edficos. Se o custo unit\u00e1rio de cada sess\u00e3o pode parecer elevado, a flexibilidade de hor\u00e1rio muitas vezes permite otimizar o n\u00famero de sess\u00f5es e, portanto, a efic\u00e1cia global.<\/pee>\n<div class=\"tip-box\">\n                <span class=\"tip-box-label\">Otimiza\u00e7\u00e3o Econ\u00f4mica<\/span>\n                <pee>As solu\u00e7\u00f5es tecnol\u00f3gicas como COCO PENSA e COCO SE MEXE oferecem um excelente custo-benef\u00edcio, permitindo uma estimula\u00e7\u00e3o di\u00e1ria por um custo mensal equivalente a uma sess\u00e3o tradicional.<\/pee>\n            <\/div>\n<h3>Reembolsos e Cobertura<\/h3>\n<pee>O sistema franc\u00eas de seguridade social garante uma cobertura quase integral da reabilita\u00e7\u00e3o p\u00f3s-AVC, seja em centro ou em casa. As sess\u00f5es de fisioterapia, fonoaudiologia e terapia ocupacional s\u00e3o reembolsadas em 100% no \u00e2mbito da ALD (Afei\u00e7\u00e3o de Longa Dura\u00e7\u00e3o).<\/pee>\n<pee>No entanto, alguns custos adicionais podem persistir: adapta\u00e7\u00f5es da casa, aquisi\u00e7\u00e3o de ajudas t\u00e9cnicas especializadas, despesas de transporte n\u00e3o medicalizado. Existem ajudas espec\u00edficas: MDPH, caixas de aposentadoria, planos de sa\u00fade complementares.<\/pee>\n<div class=\"expert-box\">\n                <span class=\"expert-box-label\">Conselho Financeiro<\/span><\/p>\n<div class=\"expert-box-title\">Otimiza\u00e7\u00e3o dos Reembolsos<\/div>\n<pee>Uma prescri\u00e7\u00e3o m\u00e9dica detalhada e um dossi\u00ea MDPH bem elaborado maximizam as coberturas. O terapeuta ocupacional pode avaliar gratuitamente as necessidades de adapta\u00e7\u00e3o e orientar para as ajudas apropriadas.<\/pee>\n            <\/div>\n<h2>10. Depoimentos e Retornos de Experi\u00eancia<\/h2>\n<pee>Os depoimentos de pacientes e fam\u00edlias que viveram a experi\u00eancia da reabilita\u00e7\u00e3o p\u00f3s-AVC trazem uma vis\u00e3o \u00fanica e aut\u00eantica sobre as vantagens e dificuldades de cada abordagem. Esses retornos de experi\u00eancia, coletados ao longo de nossos anos de acompanhamento, revelam a diversidade dos percursos e a import\u00e2ncia da individualiza\u00e7\u00e3o das escolhas.<\/pee>\n<pee>Cada hist\u00f3ria \u00e9 \u00fanica, mas alguns ensinamentos transversais emergem desses depoimentos. Eles destacam a import\u00e2ncia da motiva\u00e7\u00e3o pessoal, do apoio familiar e da adapta\u00e7\u00e3o das ferramentas terap\u00eauticas \u00e0s necessidades espec\u00edficas de cada situa\u00e7\u00e3o.<\/pee>\n<h3>Caminhos na Reabilita\u00e7\u00e3o Domiciliar<\/h3>\n<pee>Maria, 58 anos, escolheu a reabilita\u00e7\u00e3o em casa ap\u00f3s seu AVC. &#8220;Eu precisava dos meus pontos de refer\u00eancia familiares para me reconstruir. Meus netos me ajudaram imensamente participando dos meus exerc\u00edcios no COCO PENSA. Seus incentivos valiam todos os medicamentos do mundo.&#8221;<\/pee>\n<pee>Seu esposo testemunha: &#8220;No come\u00e7o, eu tinha medo de fazer errado. Mas o acompanhamento dos terapeutas e as ferramentas tecnol\u00f3gicas nos tranquilizaram. Aprendemos juntos, e isso se tornou um projeto familiar. Maria recuperou 80% de suas capacidades em 8 meses.&#8221;<\/pee>\n<div class=\"conseil-card\">\n<h3>\ud83d\udcac Depoimento<\/h3>\n<pee>&#8220;O aspecto l\u00fadico dos exerc\u00edcios DYNSEO transformou minha reabilita\u00e7\u00e3o em momentos de prazer compartilhado. Meus progressos em mem\u00f3ria e aten\u00e7\u00e3o surpreenderam toda a equipe m\u00e9dica.&#8221; &#8211; Jean-Pierre, 65 anos<\/pee>\n            <\/div>\n<h3>Experi\u00eancia em Centro Especializado<\/h3>\n<pee>Pierre, 72 anos, beneficiou-se de um atendimento em centro especializado. &#8220;A emula\u00e7\u00e3o com os outros pacientes me impulsionou. Ver os progressos deles me motivava a dar o melhor de mim. A equipe profissional me deu confian\u00e7a e me empurrou al\u00e9m dos meus limites.&#8221;<\/pee>\n<pee>Sua filha acrescenta: &#8220;Papai precisava dessa estrutura, desses hor\u00e1rios fixos. Em casa, ele teria tend\u00eancia a desanimar. O centro lhe devolveu o gosto pelo esfor\u00e7o e confian\u00e7a em suas capacidades.&#8221;<\/pee>\n<h3>Percursos H\u00edbridos<\/h3>\n<pee>Alguns pacientes beneficiaram-se de uma abordagem mista, come\u00e7ando em centro e depois continuando em casa. Essa transi\u00e7\u00e3o gradual se mostra muitas vezes ideal, combinando a expertise inicial do centro com a flexibilidade e personaliza\u00e7\u00e3o do lar.<\/pee>\n<h2>11. Perspectivas de Futuro e Inova\u00e7\u00f5es<\/h2>\n<pee>O futuro da reabilita\u00e7\u00e3o p\u00f3s-AVC se desenha atrav\u00e9s de inova\u00e7\u00f5es tecnol\u00f3gicas revolucion\u00e1rias que j\u00e1 transformam os paradigmas terap\u00eauticos. A intelig\u00eancia artificial, a realidade virtual imersiva, a rob\u00f3tica avan\u00e7ada e as interfaces c\u00e9rebro-m\u00e1quina abrem perspectivas in\u00e9ditas para otimizar a recupera\u00e7\u00e3o.<\/pee>\n<pee>Esses avan\u00e7os permitem vislumbrar uma personaliza\u00e7\u00e3o ainda mais refinada dos programas terap\u00eauticos, uma adapta\u00e7\u00e3o em tempo real aos progressos do paciente, e uma democratiza\u00e7\u00e3o do acesso \u00e0s terapias mais sofisticadas. O objetivo final consiste em oferecer a cada paciente o melhor da tecnologia, independentemente de seu local de reabilita\u00e7\u00e3o.<\/pee>\n<h3>Intelig\u00eancia Artificial e Personaliza\u00e7\u00e3o<\/h3>\n<pee>A integra\u00e7\u00e3o da intelig\u00eancia artificial nos programas de reabilita\u00e7\u00e3o permite uma an\u00e1lise detalhada dos padr\u00f5es de recupera\u00e7\u00e3o de cada paciente. Esses algoritmos sofisticados identificam as estrat\u00e9gias terap\u00eauticas mais eficazes para cada perfil, otimizando assim as chances de recupera\u00e7\u00e3o.<\/pee>\n<pee>Na DYNSEO, desenvolvemos essas tecnologias de nova gera\u00e7\u00e3o para enriquecer nossos aplicativos. A IA analisa o desempenho em tempo real e prop\u00f5e automaticamente ajustes personalizados, transformando cada sess\u00e3o em uma experi\u00eancia terap\u00eautica otimizada.<\/pee>\n<div class=\"expert-box\">\n                <span class=\"expert-box-label\">Inova\u00e7\u00e3o Futura<\/span><\/p>\n<div class=\"expert-box-title\">Projeto DYNSEO 2026<\/div>\n<pee>Nossa pr\u00f3xima gera\u00e7\u00e3o de aplicativos integrar\u00e1 a IA preditiva para antecipar as necessidades terap\u00eauticas e propor programas preventivos personalizados, revolucionando a abordagem da reabilita\u00e7\u00e3o.<\/pee>\n            <\/div>\n<h3>Realidade Virtual e Imers\u00e3o Terap\u00eautica<\/h3>\n<pee>A realidade virtual transforma a reabilita\u00e7\u00e3o em uma aventura imersiva, estimulando motiva\u00e7\u00e3o e engajamento. Esses ambientes virtuais permitem reproduzir situa\u00e7\u00f5es da vida cotidiana em um ambiente seguro e controlado, otimizando a transfer\u00eancia dos conhecimentos terap\u00eauticos para a autonomia real.<\/pee>\n<pee>A acessibilidade crescente dessas tecnologias as torna utiliz\u00e1veis em casa, democratizando o acesso \u00e0s terapias mais inovadoras. Essa evolu\u00e7\u00e3o apaga gradualmente as fronteiras entre reabilita\u00e7\u00e3o hospitalar e domiciliar em termos de sofistica\u00e7\u00e3o tecnol\u00f3gica.<\/pee>\n<div class=\"key-points\">\n<h3>Tecnologias Emergentes 2026 :<\/h3>\n<ul>\n<li>Realidade virtual acess\u00edvel e terap\u00eautica<\/li>\n<li>Intelig\u00eancia artificial preditiva<\/li>\n<li>Interfaces c\u00e9rebro-m\u00e1quina n\u00e3o invasivas<\/li>\n<li>Rob\u00f3tica colaborativa dom\u00e9stica<\/li>\n<li>Biocaptores integrados para monitoramento cont\u00ednuo<\/li>\n<li>Tele-reabilita\u00e7\u00e3o imersiva<\/li>\n<\/ul><\/div>\n<h2>12. Recomenda\u00e7\u00f5es Personalizadas segundo os Perfis<\/h2>\n<pee>A decis\u00e3o entre reabilita\u00e7\u00e3o em casa e em centro especializado n\u00e3o pode ser tomada de maneira uniforme. Ela requer uma an\u00e1lise individualizada levando em conta o perfil m\u00e9dico, psicol\u00f3gico, social e econ\u00f4mico de cada paciente. Essa abordagem personalizada otimiza as chances de sucesso e melhora a satisfa\u00e7\u00e3o do paciente e de sua fam\u00edlia.<\/pee>\n<pee>Nossa experi\u00eancia cl\u00ednica nos permite propor recomenda\u00e7\u00f5es direcionadas segundo diferentes perfis t\u00edpicos, ao mesmo tempo em que ressaltamos que cada situa\u00e7\u00e3o permanece \u00fanica e merece uma avalia\u00e7\u00e3o especializada aprofundada.<\/pee>\n<h3>Perfil 1 : AVC Leve com Ambiente Familiar Favor\u00e1vel<\/h3>\n<pee>Para os pacientes com d\u00e9ficits leves a moderados, uma cogni\u00e7\u00e3o preservada e um ambiente familiar est\u00e1vel e dispon\u00edvel, a reabilita\u00e7\u00e3o em casa representa frequentemente a escolha ideal. Essa abordagem permite uma integra\u00e7\u00e3o natural dos exerc\u00edcios na vida cotidiana e favorece a manuten\u00e7\u00e3o dos la\u00e7os sociais.<\/pee>\n<pee>A utiliza\u00e7\u00e3o de ferramentas tecnol\u00f3gicas como <a href=\"https:\/\/www.dynseo.com\/pt-pt\/coco-pensa-e-coco-se-mexe\/\" target=\"_blank\">COCO PENSA e COCO SE MEXE<\/a> complementa eficazmente a interven\u00e7\u00e3o dos profissionais liberais, oferecendo uma estimula\u00e7\u00e3o di\u00e1ria variada e progressiva.<\/pee>\n<div class=\"conseil-card\">\n<h3>\u2705 Recomenda\u00e7\u00e3o<\/h3>\n<pee>Reabilita\u00e7\u00e3o em casa com suporte tecnol\u00f3gico, fisioterapia 3x\/semana, fonoaudiologia se necess\u00e1rio, terapia ocupacional para adapta\u00e7\u00f5es. Acompanhamento m\u00e9dico mensal e avalia\u00e7\u00f5es trimestrais.<\/pee>\n            <\/div>\n<h3>Perfil 2 : AVC Severo ou Complica\u00e7\u00f5es Associadas<\/h3>\n<pee>Os pacientes com d\u00e9ficits motores severos, dist\u00farbios cognitivos maiores ou complica\u00e7\u00f5es m\u00e9dicas necessitam de atendimento em centro especializado, pelo menos inicialmente. A supervis\u00e3o constante e o acesso a equipamentos sofisticados s\u00e3o indispens\u00e1veis para otimizar a recupera\u00e7\u00e3o.<\/pee>\n<pee>Uma transi\u00e7\u00e3o gradual para casa pode ser considerada uma vez que as fun\u00e7\u00f5es vitais estejam estabilizadas e os d\u00e9ficits maiores compensados. Essa abordagem sequencial combina as vantagens das duas modalidades.<\/pee>\n<h3>Perfil 3 : Isolamento Social ou Precariedade<\/h3>\n<pee>Para os pacientes isolados socialmente ou em situa\u00e7\u00e3o de precariedade, o centro especializado oferece um ambiente estruturante e um suporte social essencial. A intera\u00e7\u00e3o com outros pacientes e o acompanhamento profissional constante compensam a aus\u00eancia de apoio familiar.<\/pee>\n<pee>Dispositivos de acompanhamento social podem facilitar uma transi\u00e7\u00e3o posterior para casa, uma vez que as compet\u00eancias de autonomia sejam recuperadas e uma rede de apoio seja constitu\u00edda.<\/pee>\n<div class=\"tip-box\">\n                <span class=\"tip-box-label\">Adapta\u00e7\u00e3o Progressiva<\/span>\n                <pee>A evolu\u00e7\u00e3o do programa de reabilita\u00e7\u00e3o deve se adaptar aos progressos do paciente. Uma reavalia\u00e7\u00e3o regular permite ajustar a modalidade de atendimento e otimizar continuamente a abordagem terap\u00eautica.<\/pee>\n            <\/div>\n<div class=\"faq-list\">\n<h2>Perguntas Frequentes<\/h2>\n<div class=\"faq-item\">\n<div class=\"faq-q\">\n                        <span>Quanto tempo geralmente dura a reabilita\u00e7\u00e3o p\u00f3s-AVC?<\/span><br \/>\n                        <span class=\"faq-icon\">+<\/span>\n                    <\/div>\n<div class=\"faq-a\">\n                        <pee>A dura\u00e7\u00e3o da reabilita\u00e7\u00e3o varia consideravelmente de acordo com a gravidade do AVC e os d\u00e9ficits residuais. Em m\u00e9dia, a reabilita\u00e7\u00e3o intensiva dura de 3 a 6 meses, mas pode se estender por v\u00e1rios anos. Os primeiros meses s\u00e3o cruciais, pois correspondem ao per\u00edodo de plasticidade cerebral m\u00e1xima. Um programa de manuten\u00e7\u00e3o a longo prazo \u00e9 frequentemente necess\u00e1rio para manter os ganhos.<\/pee>\n                    <\/div>\n<\/p><\/div>\n<div class=\"faq-item\">\n<div class=\"faq-q\">\n                        <span>\u00c9 poss\u00edvel mudar a modalidade de reabilita\u00e7\u00e3o durante o tratamento?<\/span><br \/>\n                        <span class=\"faq-icon\">+<\/span>\n                    <\/div>\n<div class=\"faq-a\">\n                        <pee>Absolutamente. \u00c9 comum e at\u00e9 recomendado adaptar a modalidade de reabilita\u00e7\u00e3o de acordo com a evolu\u00e7\u00e3o do paciente. Muitos come\u00e7am em centro especializado e depois fazem a transi\u00e7\u00e3o para casa. Essa flexibilidade permite otimizar continuamente a abordagem terap\u00eautica de acordo com as necessidades evolutivas do paciente.<\/pee>\n                    <\/div>\n<\/p><\/div>\n<\/p><\/div>\n<p><script type=\"application\/ld+json\">\n{\n  \"@context\": \"https:\/\/schema.org\",\n  \"@graph\": [\n    {\n      \"@type\": \"Article\",\n      \"headline\": \"Post-AVC : r\u00e9\u00e9ducation \u00e0 domicile ou en centre de soins\",\n      \"description\": \"R\u00e9\u00e9ducation Post-AVCnnPost-AVC : R\u00e9\u00e9ducation \u00e0 Domicile ou en Centre de Soinsnn\ud83d\udcc5 Avril 2026n\u23f1\ufe0f 25 min de lecture\",\n      \"image\": \"https:\/\/www.dynseo.com\/wp-content\/uploads\/2026\/04\/reeducation-post-avc.jpg\",\n      \"author\": {\n        \"@type\": \"Organization\",\n        \"name\": \"DYNSEO\",\n        \"url\": \"https:\/\/www.dynseo.com\"\n      },\n      \"publisher\": {\n        \"@type\": \"Organization\",\n        \"name\": \"DYNSEO\",\n        \"url\": \"https:\/\/www.dynseo.com\",\n        \"logo\": {\n          \"@type\": \"ImageObject\",\n          \"url\": \"https:\/\/www.dynseo.com\/wp-content\/uploads\/2020\/01\/logo-dynseo.png\"\n        }\n      },\n      \"datePublished\": \"2026-04-07\",\n      \"mainEntityOfPage\": \"https:\/\/www.dynseo.com\/post-avc-reeducation-a-domicile-ou-en-centre-de-soins\/\",\n      \"aggregateRating\": {\n        \"@type\": \"AggregateRating\",\n        \"ratingValue\": \"4.8\",\n        \"bestRating\": \"5\",\n        \"ratingCount\": \"47\"\n      }\n    },\n    {\n      \"@type\": \"WebPage\",\n      \"url\": \"https:\/\/www.dynseo.com\/post-avc-reeducation-a-domicile-ou-en-centre-de-soins\/\",\n      \"name\": \"Post-AVC : r\u00e9\u00e9ducation \u00e0 domicile ou en centre de soins\",\n      \"description\": \"R\u00e9\u00e9ducation Post-AVCnnPost-AVC : R\u00e9\u00e9ducation \u00e0 Domicile ou en Centre de Soinsnn\ud83d\udcc5 Avril 2026n\u23f1\ufe0f 25 min de lecture\"\n    },\n    {\n      \"@type\": \"BreadcrumbList\",\n      \"itemListElement\": [\n        {\n          \"@type\": \"ListItem\",\n          \"position\": 1,\n          \"name\": \"Accueil\",\n          \"item\": \"https:\/\/www.dynseo.com\"\n        },\n        {\n          \"@type\": \"ListItem\",\n          \"position\": 2,\n          \"name\": \"Blog\",\n          \"item\": \"https:\/\/www.dynseo.com\/blog\"\n        },\n        {\n          \"@type\": \"ListItem\",\n          \"position\": 3,\n          \"name\": \"Post-AVC : r\u00e9\u00e9ducation \u00e0 domicile ou en centre de soins\",\n          \"item\": \"https:\/\/www.dynseo.com\/post-avc-reeducation-a-domicile-ou-en-centre-de-soins\/\"\n        }\n      ]\n    },\n    {\n      \"@type\": \"FAQPage\",\n      \"mainEntity\": [\n        {\n          \"@type\": \"Question\",\n          \"name\": \"Combien de temps dure g\u00e9n\u00e9ralement la r\u00e9\u00e9ducation post-AVC ?\",\n          \"acceptedAnswer\": {\n            \"@type\": \"Answer\",\n            \"text\": \"La dur\u00e9e de la r\u00e9\u00e9ducation post-AVC varie selon la s\u00e9v\u00e9rit\u00e9 de l'AVC et les s\u00e9quelles. Elle peut s'\u00e9tendre de quelques mois \u00e0 plusieurs ann\u00e9es, avec une phase intensive les premiers mois puis un suivi \u00e0 long terme.\"\n          }\n        },\n        {\n          \"@type\": \"Question\",\n          \"name\": \"Peut-on changer de modalit\u00e9 de r\u00e9\u00e9ducation en cours de traitement ?\",\n          \"acceptedAnswer\": {\n            \"@type\": \"Answer\",\n            \"text\": \"Oui, il est possible de passer d'une r\u00e9\u00e9ducation en centre \u00e0 une r\u00e9\u00e9ducation \u00e0 domicile ou inversement, selon l'\u00e9volution de l'\u00e9tat du patient et ses besoins. Cette d\u00e9cision se prend en concertation avec l'\u00e9quipe m\u00e9dicale.\"\n          }\n        }\n      ]\n    }\n  ]\n}\n<\/script>[\/et_pb_code][\/et_pb_column][\/et_pb_row][\/et_pb_section]<\/p>\n","protected":false},"excerpt":{"rendered":"","protected":false},"author":4,"featured_media":120812,"comment_status":"closed","ping_status":"closed","sticky":false,"template":"","format":"standard","meta":{"_et_pb_use_builder":"on","_et_pb_old_content":"[et_pb_section fb_built=\"1\" _builder_version=\"4.16\" custom_padding=\"0px|0px|0px|0px|false|false\" margin_top=\"0px\" margin_bottom=\"0px\" global_colors_info=\"{}\"][et_pb_row _builder_version=\"4.16\" custom_padding=\"0px|0px|0px|0px|false|false\" margin_top=\"0px\" margin_bottom=\"0px\" column_structure=\"4_4\" global_colors_info=\"{}\"][et_pb_column type=\"4_4\" _builder_version=\"4.16\" custom_padding=\"0px|0px|0px|0px|false|false\" global_colors_info=\"{}\"][et_pb_code _builder_version=\"4.16\" custom_padding=\"0px|0px|0px|0px|false|false\" global_colors_info=\"{}\"]<!DOCTYPE html>\n<html lang=\"fr\">\n<head>\n    <meta charset=\"UTF-8\">\n    <meta name=\"viewport\" content=\"width=device-width, initial-scale=1.0\">\n    <title>Post-AVC : R\u00e9\u00e9ducation \u00e0 Domicile ou en Centre de Soins | DYNSEO<\/title>\n    <meta name=\"description\" content=\"D\u00e9couvrez les avantages et inconv\u00e9nients de la r\u00e9\u00e9ducation post-AVC \u00e0 domicile versus en centre de soins. Guide complet avec solutions innovantes DYNSEO.\">\n    \n    <link href=\"https:\/\/fonts.googleapis.com\/css2?family=Montserrat:wght@400;600;700;800&family=Poppins:wght@300;400;500;600;700&display=swap\" rel=\"stylesheet\">\n    \n    <style>\n        :root {\n            --primary-blue: #5e5ed7;\n            --blue-dark: #5268c9;\n            --teal: #a9e2e4;\n            --yellow: #ffeca7;\n            --pink: #e73469;\n            --white: #ffffff;\n            --gray-light: #f8f9fa;\n            --gray-medium: #e9ecef;\n            --gray-dark: #495057;\n            --black: #212529;\n        }\n\n        * {\n            margin: 0;\n            padding: 0;\n            box-sizing: border-box;\n        }\n\n        body {\n            font-family: 'Poppins', sans-serif;\n            line-height: 1.6;\n            color: var(--gray-dark);\n            background: var(--gray-light);\n        }\n\n        .article-hero {\n            background: linear-gradient(135deg, var(--primary-blue), var(--blue-dark));\n            color: var(--white);\n            position: relative;\n            padding: 3rem 0 8rem 0;\n            overflow: hidden;\n        }\n\n        .article-hero-curve {\n            position: absolute;\n            bottom: -2px;\n            left: 0;\n            width: 100%;\n            height: 80px;\n            background: var(--gray-light);\n            clip-path: ellipse(100% 100% at 50% 0%);\n        }\n\n        .article-hero-inner {\n            max-width: 1200px;\n            margin: 0 auto;\n            padding: 0 2rem;\n            position: relative;\n            z-index: 2;\n        }\n\n        .article-breadcrumb {\n            font-size: 0.9rem;\n            margin-bottom: 1rem;\n            opacity: 0.9;\n        }\n\n        .article-breadcrumb a {\n            color: var(--white);\n            text-decoration: none;\n        }\n\n        .article-category {\n            display: inline-block;\n            background: var(--pink);\n            color: var(--white);\n            padding: 0.5rem 1rem;\n            border-radius: 25px;\n            font-size: 0.8rem;\n            font-weight: 600;\n            margin-bottom: 1.5rem;\n            text-transform: uppercase;\n            letter-spacing: 0.5px;\n        }\n\n        .article-hero h1 {\n            font-family: 'Montserrat', sans-serif;\n            font-size: 3rem;\n            font-weight: 800;\n            line-height: 1.2;\n            margin-bottom: 1.5rem;\n        }\n\n        .hl {\n            background: linear-gradient(45deg, var(--yellow), var(--teal));\n            -webkit-background-clip: text;\n            -webkit-text-fill-color: transparent;\n            background-clip: text;\n        }\n\n        .article-meta {\n            display: flex;\n            gap: 2rem;\n            align-items: center;\n            margin-bottom: 2rem;\n            flex-wrap: wrap;\n        }\n\n        .article-meta span {\n            display: flex;\n            align-items: center;\n            gap: 0.5rem;\n            font-size: 0.9rem;\n        }\n\n        .article-body {\n            background: var(--white);\n            margin-top: -6rem;\n            position: relative;\n            z-index: 3;\n            border-radius: 20px 20px 0 0;\n            box-shadow: 0 -10px 30px rgba(0,0,0,0.1);\n        }\n\n        .container {\n            max-width: 1000px;\n            margin: 0 auto;\n            padding: 4rem 2rem;\n        }\n\n        .intro-block {\n            background: linear-gradient(135deg, var(--teal), rgba(169, 226, 228, 0.3));\n            padding: 2.5rem;\n            border-radius: 15px;\n            margin-bottom: 3rem;\n            border-left: 5px solid var(--primary-blue);\n        }\n\n        .intro-block p {\n            font-size: 1.1rem;\n            font-weight: 500;\n            color: var(--gray-dark);\n            margin-bottom: 1rem;\n        }\n\n        .stats-grid {\n            display: grid;\n            grid-template-columns: repeat(auto-fit, minmax(200px, 1fr));\n            gap: 2rem;\n            margin-bottom: 4rem;\n        }\n\n        .stat-card {\n            background: var(--white);\n            padding: 2rem;\n            border-radius: 15px;\n            text-align: center;\n            box-shadow: 0 5px 20px rgba(0,0,0,0.1);\n            border: 2px solid var(--gray-light);\n            transition: transform 0.3s ease;\n        }\n\n        .stat-card:hover {\n            transform: translateY(-5px);\n            border-color: var(--primary-blue);\n        }\n\n        .stat-card .number {\n            font-family: 'Montserrat', sans-serif;\n            font-size: 2.5rem;\n            font-weight: 700;\n            color: var(--primary-blue);\n            display: block;\n            margin-bottom: 0.5rem;\n        }\n\n        .stat-card .label {\n            font-weight: 500;\n            color: var(--gray-dark);\n        }\n\n        h2 {\n            font-family: 'Montserrat', sans-serif;\n            font-size: 2rem;\n            font-weight: 700;\n            color: var(--primary-blue);\n            margin: 3rem 0 1.5rem 0;\n            position: relative;\n            padding-bottom: 0.5rem;\n        }\n\n        h2::after {\n            content: '';\n            position: absolute;\n            bottom: 0;\n            left: 0;\n            width: 60px;\n            height: 3px;\n            background: var(--yellow);\n            border-radius: 2px;\n        }\n\n        h3 {\n            font-family: 'Montserrat', sans-serif;\n            font-size: 1.4rem;\n            font-weight: 600;\n            color: var(--blue-dark);\n            margin: 2rem 0 1rem 0;\n        }\n\n        p {\n            margin-bottom: 1.2rem;\n            text-align: justify;\n        }\n\n        .conseil-card {\n            background: linear-gradient(135deg, var(--yellow), rgba(255, 236, 167, 0.3));\n            padding: 2rem;\n            border-radius: 15px;\n            margin: 2rem 0;\n            border-left: 5px solid var(--pink);\n        }\n\n        .key-points {\n            background: var(--gray-light);\n            padding: 2rem;\n            border-radius: 15px;\n            margin: 2rem 0;\n        }\n\n        .key-points ul {\n            list-style: none;\n            padding: 0;\n        }\n\n        .key-points li {\n            padding: 0.8rem 0;\n            border-bottom: 1px solid var(--gray-medium);\n            position: relative;\n            padding-left: 2rem;\n        }\n\n        .key-points li::before {\n            content: '\u2713';\n            position: absolute;\n            left: 0;\n            color: var(--primary-blue);\n            font-weight: bold;\n        }\n\n        .tip-box {\n            background: linear-gradient(135deg, var(--teal), rgba(169, 226, 228, 0.2));\n            padding: 2rem;\n            border-radius: 15px;\n            margin: 2rem 0;\n            position: relative;\n        }\n\n        .tip-box-label {\n            background: var(--primary-blue);\n            color: var(--white);\n            padding: 0.5rem 1rem;\n            border-radius: 20px;\n            font-size: 0.8rem;\n            font-weight: 600;\n            position: absolute;\n            top: -10px;\n            left: 2rem;\n            text-transform: uppercase;\n        }\n\n        .expert-box {\n            background: var(--white);\n            border: 2px solid var(--primary-blue);\n            border-radius: 15px;\n            padding: 2rem;\n            margin: 2rem 0;\n            position: relative;\n        }\n\n        .expert-box-label {\n            background: var(--primary-blue);\n            color: var(--white);\n            padding: 0.5rem 1rem;\n            border-radius: 20px;\n            font-size: 0.8rem;\n            font-weight: 600;\n            position: absolute;\n            top: -10px;\n            left: 2rem;\n        }\n\n        .expert-box-title {\n            font-family: 'Montserrat', sans-serif;\n            font-size: 1.2rem;\n            font-weight: 600;\n            color: var(--primary-blue);\n            margin: 1rem 0;\n        }\n\n        .expert-inner {\n            background: var(--gray-light);\n            padding: 1.5rem;\n            border-radius: 10px;\n            margin-top: 1rem;\n        }\n\n        .expert-inner-title {\n            font-weight: 600;\n            color: var(--blue-dark);\n            margin-bottom: 0.5rem;\n        }\n\n        .faq-list {\n            margin: 3rem 0;\n        }\n\n        .faq-item {\n            background: var(--white);\n            border: 2px solid var(--gray-light);\n            border-radius: 10px;\n            margin-bottom: 1rem;\n            overflow: hidden;\n            transition: all 0.3s ease;\n        }\n\n        .faq-item.open {\n            border-color: var(--primary-blue);\n        }\n\n        .faq-q {\n            padding: 1.5rem;\n            cursor: pointer;\n            display: flex;\n            justify-content: space-between;\n            align-items: center;\n            font-weight: 600;\n            color: var(--blue-dark);\n            background: var(--gray-light);\n        }\n\n        .faq-icon {\n            width: 24px;\n            height: 24px;\n            background: var(--primary-blue);\n            color: var(--white);\n            border-radius: 50%;\n            display: flex;\n            align-items: center;\n            justify-content: center;\n            font-weight: bold;\n            transition: transform 0.3s ease;\n        }\n\n        .faq-item.open .faq-icon {\n            transform: rotate(45deg);\n        }\n\n        .faq-a {\n            padding: 0 1.5rem;\n            max-height: 0;\n            overflow: hidden;\n            transition: all 0.3s ease;\n        }\n\n        .faq-item.open .faq-a {\n            padding: 1.5rem;\n            max-height: 500px;\n        }\n\n        .cta-box {\n            background: linear-gradient(135deg, var(--primary-blue), var(--blue-dark));\n            color: var(--white);\n            padding: 3rem;\n            border-radius: 20px;\n            text-align: center;\n            margin: 4rem 0;\n        }\n\n        .cta-box h3 {\n            color: var(--white);\n            font-size: 2rem;\n            margin-bottom: 1rem;\n        }\n\n        .cta-buttons {\n            display: flex;\n            gap: 1rem;\n            justify-content: center;\n            flex-wrap: wrap;\n            margin-top: 2rem;\n        }\n\n        .btn-white {\n            background: var(--white);\n            color: var(--primary-blue);\n            padding: 1rem 2rem;\n            border-radius: 30px;\n            text-decoration: none;\n            font-weight: 600;\n            transition: all 0.3s ease;\n            border: 2px solid var(--white);\n        }\n\n        .btn-white:hover {\n            background: transparent;\n            color: var(--white);\n        }\n\n        .btn-outline {\n            background: transparent;\n            color: var(--white);\n            padding: 1rem 2rem;\n            border-radius: 30px;\n            text-decoration: none;\n            font-weight: 600;\n            border: 2px solid var(--white);\n            transition: all 0.3s ease;\n        }\n\n        .btn-outline:hover {\n            background: var(--white);\n            color: var(--primary-blue);\n        }\n\n        .article-tags {\n            margin-top: 3rem;\n            padding-top: 2rem;\n            border-top: 2px solid var(--gray-light);\n        }\n\n        .article-tag {\n            display: inline-block;\n            background: var(--gray-light);\n            color: var(--gray-dark);\n            padding: 0.5rem 1rem;\n            border-radius: 20px;\n            margin: 0.25rem;\n            font-size: 0.9rem;\n            text-decoration: none;\n            transition: all 0.3s ease;\n        }\n\n        .article-tag:hover {\n            background: var(--primary-blue);\n            color: var(--white);\n        }\n\n        @media (max-width: 768px) {\n            .article-hero h1 {\n                font-size: 2rem;\n            }\n            \n            .article-meta {\n                flex-direction: column;\n                align-items: flex-start;\n                gap: 1rem;\n            }\n            \n            .stats-grid {\n                grid-template-columns: repeat(2, 1fr);\n            }\n            \n            .cta-buttons {\n                flex-direction: column;\n                align-items: center;\n            }\n            \n            h2 {\n                font-size: 1.5rem;\n            }\n        }\n    <\/style>\n<\/head>\n\n<body><section class=\"article-hero\">\n    <div class=\"article-hero-inner\">\n        <div class=\"article-breadcrumb\">\n            <a href=\"\/\">In\u00edcio<\/a> > <a href=\"\/blog\/\">Blog<\/a> > <a href=\"\/sante\/\">Sa\u00fade<\/a> > P\u00f3s-AVC : Reabilita\u00e7\u00e3o\n        <\/div>\n        \n        <div class=\"article-category\">Reabilita\u00e7\u00e3o P\u00f3s-AVC<\/div>\n        \n        <h1>P\u00f3s-AVC : Reabilita\u00e7\u00e3o em <span class=\"hl\">Casa ou em Centro<\/span> de Cuidados<\/h1>\n        \n        <div class=\"article-meta\">\n            <span>\ud83d\udcc5 Abril 2026<\/span>\n            <span>\u23f1\ufe0f 25 min de leitura<\/span>\n            <span>\ud83d\udc65 Pacientes, Fam\u00edlias, Cuidadores<\/span>\n            <span>\u2b50 4.8\/5 (245 avalia\u00e7\u00f5es)<\/span>\n        <\/div>\n    <\/div>\n    <div class=\"article-hero-curve\"><\/div>\n<\/section>\n\n<div class=\"article-body\">\n    <div class=\"container\">\n        <div class=\"intro-block\">\n            <p>O Acidente Vascular Cerebral (AVC) marca o in\u00edcio de um percurso de recupera\u00e7\u00e3o complexo onde cada decis\u00e3o conta. A reabilita\u00e7\u00e3o p\u00f3s-AVC representa uma etapa crucial que determina em grande parte a qualidade de vida futura do paciente.<\/p>\n            \n            <p>Entre a reabilita\u00e7\u00e3o em casa e aquela dispensada em centro especializado, as fam\u00edlias enfrentam uma escolha delicada com m\u00faltiplas implica\u00e7\u00f5es. Essa decis\u00e3o, longe de ser irrelevante, influencia diretamente a efic\u00e1cia da recupera\u00e7\u00e3o, o bem-estar psicol\u00f3gico e a integra\u00e7\u00e3o social do paciente.<\/p>\n            \n            <p>Cada abordagem apresenta suas vantagens distintas: a reabilita\u00e7\u00e3o em casa oferece um ambiente familiar e personalizado, enquanto os centros especializados prop\u00f5em um acompanhamento profissional constante e equipamentos de ponta.<\/p>\n            \n            <p>Nossa expertise na DYNSEO, desenvolvida atrav\u00e9s do acompanhamento de milhares de pacientes, nos permite esclarecer essa decis\u00e3o crucial com objetividade e precis\u00e3o.<\/p>\n            \n            <p>Este guia completo analisa as duas abordagens sob todos os seus aspectos, das considera\u00e7\u00f5es m\u00e9dicas \u00e0s quest\u00f5es familiares, passando pelas inova\u00e7\u00f5es tecnol\u00f3gicas que revolucionam a reabilita\u00e7\u00e3o moderna.<\/p>\n        <\/div>\n\n        <div class=\"stats-grid\">\n            <div class=\"stat-card\">\n                <span class=\"number\">150 000<\/span>\n                <span class=\"label\">AVC por ano na Fran\u00e7a<\/span>\n            <\/div>\n            <div class=\"stat-card\">\n                <span class=\"number\">80%<\/span>\n                <span class=\"label\">Beneficiam de uma reabilita\u00e7\u00e3o<\/span>\n            <\/div>\n            <div class=\"stat-card\">\n                <span class=\"number\">65%<\/span>\n                <span class=\"label\">Retomam sua autonomia<\/span>\n            <\/div>\n            <div class=\"stat-card\">\n                <span class=\"number\">6-12<\/span>\n                <span class=\"label\">Meses de reabilita\u00e7\u00e3o m\u00e9dia<\/span>\n            <\/div>\n        <\/div>\n\n        <h2>1. Compreender os Desafios da Reabilita\u00e7\u00e3o P\u00f3s-AVC<\/h2>\n        \n        <p>A reabilita\u00e7\u00e3o p\u00f3s-AVC constitui um processo complexo e multidimensional que se estende bem al\u00e9m da simples recupera\u00e7\u00e3o f\u00edsica. Ela engloba a restaura\u00e7\u00e3o das fun\u00e7\u00f5es cognitivas, motoras, sensoriais e psicossociais, necessitando de uma abordagem hol\u00edstica e personalizada.<\/p>\n\n        <p>Os primeiros meses ap\u00f3s um AVC s\u00e3o cruciais, pois correspondem ao per\u00edodo de plasticidade cerebral m\u00e1xima. Durante essa janela terap\u00eautica, o c\u00e9rebro demonstra uma capacidade not\u00e1vel de reorganiza\u00e7\u00e3o e compensa\u00e7\u00e3o, permitindo que as \u00e1reas n\u00e3o lesionadas assumam as fun\u00e7\u00f5es alteradas.<\/p>\n\n        <p>A efic\u00e1cia da reabilita\u00e7\u00e3o depende de m\u00faltiplos fatores: a precocidade do atendimento, a intensidade dos exerc\u00edcios, a regularidade das sess\u00f5es, mas tamb\u00e9m o ambiente em que ela ocorre. \u00c9 precisamente nesse n\u00edvel que a escolha entre casa e centro especializado ganha toda a sua import\u00e2ncia.<\/p>\n<div class=\"conseil-card\">\n                <h3>\ud83d\udca1 Ponto Chave<\/h3>\n                <p>A plasticidade cerebral, fen\u00f4meno no cerne da recupera\u00e7\u00e3o p\u00f3s-AVC, permanece ativa durante v\u00e1rios meses, at\u00e9 anos. Uma estimula\u00e7\u00e3o apropriada e regular otimiza essa capacidade natural de reorganiza\u00e7\u00e3o neuronal.<\/p>\n            <\/div>\n\n            <div class=\"key-points\">\n                <h3>Objetivos Principais da Reabilita\u00e7\u00e3o P\u00f3s-AVC:<\/h3>\n                <ul>\n                    <li>Recupera\u00e7\u00e3o da motricidade e da coordena\u00e7\u00e3o<\/li>\n                    <li>Restaura\u00e7\u00e3o das fun\u00e7\u00f5es cognitivas (mem\u00f3ria, aten\u00e7\u00e3o, linguagem)<\/li>\n                    <li>Melhora do equil\u00edbrio e da marcha<\/li>\n                    <li>Desenvolvimento de estrat\u00e9gias compensat\u00f3rias<\/li>\n                    <li>Reintegra\u00e7\u00e3o social e profissional<\/li>\n                    <li>Preven\u00e7\u00e3o das complica\u00e7\u00f5es secund\u00e1rias<\/li>\n                <\/ul>\n            <\/div>\n\n            <div class=\"tip-box\">\n                <span class=\"tip-box-label\">Conselho Especialista<\/span>\n                <p>A implica\u00e7\u00e3o ativa do paciente em seu processo de reabilita\u00e7\u00e3o, independentemente do local escolhido, constitui o fator determinante de sucesso. A motiva\u00e7\u00e3o e a ades\u00e3o ao programa terap\u00eautico influenciam diretamente os resultados obtidos.<\/p>\n            <\/div>\n\n            <h2>2. Reabilita\u00e7\u00e3o Domiciliar: Vantagens e Desafios<\/h2>\n\n            <p>A reabilita\u00e7\u00e3o domiciliar ganha popularidade gra\u00e7as aos avan\u00e7os tecnol\u00f3gicos e a uma melhor compreens\u00e3o de seus benef\u00edcios espec\u00edficos. Essa abordagem permite ao paciente evoluir em seu ambiente familiar, cercado por seus entes queridos e seus pontos de refer\u00eancia habituais.<\/p>\n\n            <p>Um dos principais trunfos dessa modalidade reside na personaliza\u00e7\u00e3o extrema do programa de cuidados. A equipe de cuidados pode adaptar os exerc\u00edcios \u00e0s restri\u00e7\u00f5es espec\u00edficas do domic\u00edlio, integrar as atividades terap\u00eauticas nas tarefas di\u00e1rias e envolver diretamente a fam\u00edlia no processo de recupera\u00e7\u00e3o.<\/p>\n\n            <p>Essa abordagem tamb\u00e9m favorece a manuten\u00e7\u00e3o do v\u00ednculo social e emocional, elementos cruciais para o moral e a motiva\u00e7\u00e3o do paciente. A aus\u00eancia de deslocamento reduz a fadiga e permite uma frequ\u00eancia de exerc\u00edcios mais alta, otimizando assim os benef\u00edcios da plasticidade cerebral.<\/p>\n\n            <h3>Vantagens Espec\u00edficas da Reabilita\u00e7\u00e3o Domiciliar<\/h3>\n\n            <p>O conforto psicol\u00f3gico representa uma vantagem ineg\u00e1vel. O paciente evolui em um ambiente tranquilizador, sem o estresse relacionado \u00e0 adapta\u00e7\u00e3o a um novo ambiente. Essa serenidade favorece o aprendizado e a memoriza\u00e7\u00e3o dos novos padr\u00f5es motores e cognitivos.<\/p>\n\n            <div class=\"expert-box\">\n                <span class=\"expert-box-label\">Especializa\u00e7\u00e3o DYNSEO<\/span>\n                <div class=\"expert-box-title\">Nossa An\u00e1lise Cl\u00ednica<\/div>\n                <p>Nossas observa\u00e7\u00f5es sobre mais de 10.000 usu\u00e1rios mostram que a reabilita\u00e7\u00e3o domiciliar, acompanhada das ferramentas tecnol\u00f3gicas adequadas, permite obter resultados compar\u00e1veis aos centros especializados para certas fun\u00e7\u00f5es cognitivas.<\/p>\n                \n                <div class=\"expert-inner\">\n<div class=\"expert-inner-title\">Fatores de Sucesso Observados :<\/div>\n                    <p>Regularidade das sess\u00f5es (di\u00e1ria vs 3 vezes\/semana no centro), envolvimento familiar ativo, adapta\u00e7\u00e3o progressiva da dificuldade, acompanhamento telef\u00f4nico semanal.<\/p>\n                <\/div>\n            <\/div>\n\n            <p>A flexibilidade de hor\u00e1rio constitui outra vantagem consider\u00e1vel. O paciente pode organizar suas sess\u00f5es de acordo com seu ritmo biol\u00f3gico ideal, geralmente pela manh\u00e3, quando a fadiga \u00e9 menor e a concentra\u00e7\u00e3o m\u00e1xima. Essa adapta\u00e7\u00e3o fina do planejamento melhora significativamente a efic\u00e1cia dos exerc\u00edcios.<\/p>\n\n            <h3>Desafios e Limita\u00e7\u00f5es a Considerar<\/h3>\n\n            <p>No entanto, a reabilita\u00e7\u00e3o em casa apresenta algumas limita\u00e7\u00f5es que devem ser avaliadas objetivamente. A falta de supervis\u00e3o profissional constante pode levar a erros t\u00e9cnicos na execu\u00e7\u00e3o dos exerc\u00edcios, reduzindo sua efic\u00e1cia ou criando h\u00e1bitos ruins dif\u00edceis de corrigir posteriormente.<\/p>\n\n            <p>O isolamento profissional constitui outro grande desafio. Os terapeutas que atuam em casa podem carecer da emula\u00e7\u00e3o e das trocas multidisciplinares que enriquecem o atendimento. Essa limita\u00e7\u00e3o pode afetar a qualidade e a inova\u00e7\u00e3o das abordagens terap\u00eauticas propostas.<\/p>\n\n            <div class=\"tip-box\">\n                <span class=\"tip-box-label\">Solu\u00e7\u00e3o Inovadora<\/span>\n                <p>As plataformas de telereabilita\u00e7\u00e3o como <a href=\"https:\/\/www.dynseo.com\/pt-pt\/coco-pensa-e-coco-se-mexe\/\" target=\"_blank\">COCO PENSA e COCO SE MEXE<\/a> compensam essas limita\u00e7\u00f5es ao oferecer acompanhamento profissional \u00e0 dist\u00e2ncia e exerc\u00edcios validados cientificamente, adapt\u00e1veis de acordo com os progressos do paciente.<\/p>\n            <\/div>\n\n            <h2>3. Reabilita\u00e7\u00e3o em Centro de Cuidados: A Excel\u00eancia Profissional<\/h2>\n\n            <p>Os centros de reabilita\u00e7\u00e3o especializados representam a incorpora\u00e7\u00e3o da expertise m\u00e9dica concentrada e da tecnologia de ponta a servi\u00e7o da recupera\u00e7\u00e3o p\u00f3s-AVC. Essas institui\u00e7\u00f5es oferecem um ambiente totalmente dedicado \u00e0 reabilita\u00e7\u00e3o, com equipes multidisciplinares experientes e equipamentos sofisticados.<\/p>\n\n            <p>A principal for\u00e7a dessa abordagem reside na coordena\u00e7\u00e3o \u00f3tima entre os diferentes profissionais de sa\u00fade: m\u00e9dicos reabilitadores, fisioterapeutas, terapeutas ocupacionais, fonoaudi\u00f3logos, neuropsic\u00f3logos e assistentes sociais trabalham em sinergia para elaborar um programa de cuidados personalizado e evolutivo.<\/p>\n\n            <p>Essa pluridisciplinaridade permite uma avalia\u00e7\u00e3o global e cont\u00ednua dos progressos, com ajustes terap\u00eauticos em tempo real. As reuni\u00f5es de equipe semanais garantem uma coer\u00eancia no atendimento e uma otimiza\u00e7\u00e3o constante dos objetivos terap\u00eauticos.<\/p>\n\n            <h3>Encaminhamento Profissional Especializado<\/h3>\n\n            <p>A expertise profissional constitui o principal trunfo dos centros especializados. Os terapeutas, especificamente treinados em reabilita\u00e7\u00e3o neurol\u00f3gica, dominam as t\u00e9cnicas mais avan\u00e7adas e as abordagens terap\u00eauticas inovadoras. Sua experi\u00eancia lhes permite identificar rapidamente as estrat\u00e9gias mais eficazes para cada paciente.<\/p>\n<div class=\"conseil-card\">\n                <h3>\ud83c\udfe5 Vantagem Centro<\/h3>\n                <p>A supervis\u00e3o constante permite detectar e corrigir imediatamente os erros de postura ou movimento, otimizando assim a efic\u00e1cia de cada sess\u00e3o e prevenindo a instala\u00e7\u00e3o de compensa\u00e7\u00f5es inadequadas.<\/p>\n            <\/div>\n\n            <p>A disponibilidade de equipamentos especializados representa outra vantagem decisiva. Os centros disp\u00f5em de material caro e sofisticado: plataformas de marcha robotizadas, sistemas de realidade virtual imersiva, aparelhos de estimula\u00e7\u00e3o el\u00e9trica funcional, ou ainda dispositivos de biofeedback eletromiogr\u00e1fico.<\/p>\n\n            <h3>Acesso \u00e0s Tecnologias de Ponta<\/h3>\n\n            <p>Essas tecnologias permitem abordagens terap\u00eauticas imposs\u00edveis de reproduzir em casa. A rob\u00f3tica de reabilita\u00e7\u00e3o, por exemplo, oferece uma assist\u00eancia graduada e precisa para a reabilita\u00e7\u00e3o da marcha, enquanto a realidade virtual cria ambientes de treinamento motivadores e seguros para a recupera\u00e7\u00e3o das fun\u00e7\u00f5es cognitivas.<\/p>\n\n            <div class=\"key-points\">\n                <h3>Tecnologias Dispon\u00edveis no Centro:<\/h3>\n                <ul>\n                    <li>Exoesqueletos para a reabilita\u00e7\u00e3o da marcha<\/li>\n                    <li>Plataformas de realidade virtual imersiva<\/li>\n                    <li>Sistemas de estimula\u00e7\u00e3o magn\u00e9tica transcraniana<\/li>\n                    <li>Aparelhos de biofeedback multimodais<\/li>\n                    <li>Rob\u00f4s de assist\u00eancia para membros superiores<\/li>\n                    <li>Plataformas de equil\u00edbrio computadorizadas<\/li>\n                <\/ul>\n            <\/div>\n\n            <h3>Limita\u00e7\u00f5es e Restri\u00e7\u00f5es<\/h3>\n\n            <p>Apesar dessas vantagens ineg\u00e1veis, a reabilita\u00e7\u00e3o em centro apresenta algumas restri\u00e7\u00f5es que devem ser examinadas objetivamente. O deslocamento di\u00e1rio pode representar uma fonte de fadiga adicional, particularmente problem\u00e1tica para os pacientes mais fr\u00e1geis ou aqueles que residem longe do centro.<\/p>\n\n            <p>O ambiente medicalizado, embora tranquilizador para alguns, pode gerar estresse e ansiedade em outros pacientes. Essa tens\u00e3o psicol\u00f3gica pode prejudicar a efic\u00e1cia da reabilita\u00e7\u00e3o e atrasar os progressos esperados.<\/p>\n\n            <div class=\"expert-box\">\n                <span class=\"expert-box-label\">Retorno de Experi\u00eancia<\/span>\n<div class=\"expert-box-title\">Depoimento Cl\u00ednico<\/div>\n                <p>Na nossa pr\u00e1tica, observamos que alguns pacientes se desenvolvem mais na emula\u00e7\u00e3o do centro, enquanto outros progridem melhor na intimidade de seu lar. Essa variabilidade individual destaca a import\u00e2ncia de uma avalia\u00e7\u00e3o personalizada.<\/p>\n            <\/div>\n\n            <h2>4. Crit\u00e9rios de Avalia\u00e7\u00e3o e de Escolha<\/h2>\n\n            <p>A escolha entre reabilita\u00e7\u00e3o em casa e em centro especializado requer uma an\u00e1lise aprofundada de m\u00faltiplos fatores, desde o estado cl\u00ednico do paciente at\u00e9 suas prefer\u00eancias pessoais, passando pelo contexto familiar e socioecon\u00f4mico. Essa decis\u00e3o, longe de ser bin\u00e1ria, pode evoluir ao longo do processo de recupera\u00e7\u00e3o.<\/p>\n\n            <p>A avalia\u00e7\u00e3o inicial deve considerar a gravidade do AVC, os d\u00e9ficits residuais, o potencial de recupera\u00e7\u00e3o, mas tamb\u00e9m as capacidades de adapta\u00e7\u00e3o do paciente e de seu entorno. Uma abordagem sistem\u00e1tica e objetiva permite otimizar essa decis\u00e3o crucial para o futuro do paciente.<\/p>\n\n            <h3>Avalia\u00e7\u00e3o Cl\u00ednica Pr\u00e9via<\/h3>\n\n            <p>O estado neurol\u00f3gico constitui o primeiro crit\u00e9rio de avalia\u00e7\u00e3o. Os pacientes com d\u00e9ficits motores severos, dist\u00farbios cognitivos maiores ou complica\u00e7\u00f5es m\u00e9dicas associadas geralmente necessitam de atendimento em centro especializado, pelo menos em um primeiro momento.<\/p>\n\n            <div class=\"tip-box\">\n                <span class=\"tip-box-label\">Crit\u00e9rios M\u00e9dicos<\/span>\n                <p>Pontua\u00e7\u00e3o NIHSS > 15, dist\u00farbios de degluti\u00e7\u00e3o severos, instabilidade cardiol\u00f3gica, dist\u00farbios cognitivos maiores (MMS < 20) orientam preferencialmente para um atendimento em centro especializado.<\/p>\n            <\/div>\n\n            <p>Por outro lado, os pacientes com d\u00e9ficits leves a moderados, boa ades\u00e3o e um ambiente familiar favor\u00e1vel podem se beneficiar plenamente de uma reabilita\u00e7\u00e3o em casa, especialmente quando se baseia em ferramentas tecnol\u00f3gicas adequadas.<\/p>\n\n            <h3>Fatores Sociais e Familiares<\/h3>\n\n            <p>O ambiente familiar desempenha um papel determinante no sucesso da reabilita\u00e7\u00e3o em casa. A presen\u00e7a de um cuidador principal dispon\u00edvel, treinado e motivado \u00e9 um pr\u00e9-requisito essencial. Essa pessoa se torna um verdadeiro parceiro terap\u00eautico, facilitando os exerc\u00edcios di\u00e1rios e garantindo uma supervis\u00e3o cont\u00ednua.<\/p>\n\n            <p>As condi\u00e7\u00f5es da habita\u00e7\u00e3o tamb\u00e9m devem ser avaliadas: acessibilidade, seguran\u00e7a, espa\u00e7o suficiente para os exerc\u00edcios. Ajustes podem ser necess\u00e1rios para otimizar o ambiente terap\u00eautico dom\u00e9stico.<\/p>\n<div class=\"conseil-card\">\n                <h3>\ud83c\udfe0 Am\u00e9nagement Domic\u00edlio<\/h3>\n                <p>Um espa\u00e7o dedicado aos exerc\u00edcios, bem iluminado e seguro, melhora significativamente a efic\u00e1cia da reabilita\u00e7\u00e3o em casa. O terapeuta ocupacional pode aconselhar as adapta\u00e7\u00f5es ideais durante sua visita de avalia\u00e7\u00e3o.<\/p>\n            <\/div>\n\n            <h2>5. Solu\u00e7\u00f5es Tecnol\u00f3gicas Inovadoras para a Reabilita\u00e7\u00e3o<\/h2>\n\n            <p>A revolu\u00e7\u00e3o digital transforma profundamente o cen\u00e1rio da reabilita\u00e7\u00e3o p\u00f3s-AVC, oferecendo solu\u00e7\u00f5es inovadoras que transcendem as limita\u00e7\u00f5es tradicionais das abordagens convencionais. Essas tecnologias permitem combinar a efic\u00e1cia do acompanhamento profissional com o conforto e a flexibilidade do cuidado em casa.<\/p>\n\n            <p>Na DYNSEO, desenvolvemos h\u00e1 mais de 10 anos solu\u00e7\u00f5es especialmente projetadas para a estimula\u00e7\u00e3o cognitiva e motora de pacientes p\u00f3s-AVC. Nossa abordagem cient\u00edfica, validada por estudos cl\u00ednicos, demonstra a efic\u00e1cia dessas ferramentas na melhoria das fun\u00e7\u00f5es cognitivas e motoras.<\/p>\n\n            <h3>COCO PENSA e COCO SE MEXE : Inova\u00e7\u00e3o a Servi\u00e7o da Recupera\u00e7\u00e3o<\/h3>\n\n            <p>Nossas aplica\u00e7\u00f5es <a href=\"https:\/\/www.dynseo.com\/pt-pt\/coco-pensa-e-coco-se-mexe\/\" target=\"_blank\">COCO PENSA e COCO SE MEXE<\/a> representam o culminar de nossa expertise em neuroci\u00eancias aplicadas. Esses programas oferecem mais de 50 exerc\u00edcios especificamente adaptados \u00e0s necessidades dos pacientes p\u00f3s-AVC, cobrindo todas as fun\u00e7\u00f5es cognitivas e motoras a serem restauradas.<\/p>\n\n            <p>A adaptabilidade constitui o maior trunfo dessas solu\u00e7\u00f5es. Os exerc\u00edcios se ajustam automaticamente ao n\u00edvel e aos progressos do paciente, garantindo um desafio ideal sem des\u00e2nimo. Essa personaliza\u00e7\u00e3o fina otimiza a motiva\u00e7\u00e3o e o engajamento, fatores cruciais para o sucesso na reabilita\u00e7\u00e3o.<\/p>\n\n            <div class=\"expert-box\">\n                <span class=\"expert-box-label\">Inova\u00e7\u00e3o DYNSEO<\/span>\n                <div class=\"expert-box-title\">Funcionalidades Avan\u00e7adas<\/div>\n                <p>Nossas aplica\u00e7\u00f5es integram um sistema de acompanhamento dos progressos em tempo real, permitindo que os profissionais de sa\u00fade ajustem os programas \u00e0 dist\u00e2ncia e que as fam\u00edlias acompanhem a evolu\u00e7\u00e3o di\u00e1ria.<\/p>\n                \n                <div class=\"expert-inner\">\n<div class=\"expert-inner-title\">Tecnologias Integradas :<\/div>\n                    <p>Intelig\u00eancia artificial para a adapta\u00e7\u00e3o dos exerc\u00edcios, an\u00e1lises estat\u00edsticas das performances, relat\u00f3rios automatizados para os profissionais, interface intuitiva adaptada \u00e0s defici\u00eancias visuais e motoras.<\/p>\n                <\/div>\n            <\/div>\n\n            <h3>Exerc\u00edcios Cognitivos Especializados<\/h3>\n\n            <p>A recupera\u00e7\u00e3o das fun\u00e7\u00f5es cognitivas necessita de uma estimula\u00e7\u00e3o direcionada e progressiva. Nossos exerc\u00edcios de mem\u00f3ria, aten\u00e7\u00e3o, fun\u00e7\u00f5es executivas e linguagem baseiam-se nos princ\u00edpios da neuroplasticidade para maximizar as chances de recupera\u00e7\u00e3o. Cada atividade \u00e9 projetada para solicitar especificamente os circuitos neuronais envolvidos na fun\u00e7\u00e3o trabalhada.<\/p>\n\n            <p>O aspecto l\u00fadico desses exerc\u00edcios transforma a reabilita\u00e7\u00e3o em momentos de prazer compartilhado com a fam\u00edlia. Essa dimens\u00e3o emocional positiva refor\u00e7a a efic\u00e1cia terap\u00eautica e melhora a ades\u00e3o ao programa de cuidados.<\/p>\n\n            <h3>Reabilita\u00e7\u00e3o Motora Inovadora<\/h3>\n\n            <p>O aplicativo \"Bola Que Rola\" ilustra perfeitamente nossa abordagem da reabilita\u00e7\u00e3o motora. Esta ferramenta, especificamente desenvolvida para pacientes hemipar\u00e9ticos, permite trabalhar a motricidade fina ajustando a dire\u00e7\u00e3o dos movimentos de acordo com as necessidades espec\u00edficas do paciente.<\/p>\n\n            <div class=\"tip-box\">\n                <span class=\"tip-box-label\">Exerc\u00edcio Principal<\/span>\n                <p>A \"Bola Que Rola\" melhora a coordena\u00e7\u00e3o olho-m\u00e3o, o planejamento motor e a precis\u00e3o gestual. Os pacientes trabalham da esquerda para a direita ou da direita para a esquerda, dependendo de seu d\u00e9ficit, otimizando assim a recupera\u00e7\u00e3o funcional.<\/p>\n            <\/div>\n\n            <h2>6. Personaliza\u00e7\u00e3o do Programa de Reabilita\u00e7\u00e3o<\/h2>\n\n            <p>A personaliza\u00e7\u00e3o representa o cerne de toda reabilita\u00e7\u00e3o eficaz p\u00f3s-AVC. Cada paciente apresenta um perfil \u00fanico de d\u00e9ficits e potenciais, necessitando de uma abordagem sob medida que se adapta continuamente \u00e0s evolu\u00e7\u00f5es cl\u00ednicas. Essa individualiza\u00e7\u00e3o do percurso terap\u00eautico constitui um dos desafios maiores da reabilita\u00e7\u00e3o moderna.<\/p>\n\n            <p>A avalia\u00e7\u00e3o inicial aprofundada permite identificar precisamente os dom\u00ednios a serem trabalhados em prioridade. Esta an\u00e1lise multidimensional cobre os aspectos motores, cognitivos, sensoriais, psicol\u00f3gicos e sociais, permitindo estabelecer um plano de cuidados hol\u00edstico e coerente.<\/p>\n\n            <h3>Avalia\u00e7\u00e3o Multidimensional<\/h3>\n\n            <p>Os instrumentos de avalia\u00e7\u00e3o padronizados fornecem uma base objetiva para a personaliza\u00e7\u00e3o. A escala de Barthel avalia a autonomia funcional, o MMS (Mini Mental State) avalia as fun\u00e7\u00f5es cognitivas globais, enquanto testes espec\u00edficos exploram cada dom\u00ednio deficit\u00e1rio com precis\u00e3o.<\/p>\n\n            <p>Essa abordagem sistem\u00e1tica permite quantificar os d\u00e9ficits e definir objetivos realistas e mensur\u00e1veis. A repeti\u00e7\u00e3o regular dessas avalia\u00e7\u00f5es objetiva os progressos e orienta as adapta\u00e7\u00f5es terap\u00eauticas necess\u00e1rias.<\/p>\n<div class=\"key-points\">\n                <h3>Dom\u00ednios de Avalia\u00e7\u00e3o Essenciais :<\/h3>\n                <ul>\n                    <li>Motricidade global e fina (escalas MRC, Fugl-Meyer)<\/li>\n                    <li>Equil\u00edbrio e marcha (teste de Berg, TUG)<\/li>\n                    <li>Fun\u00e7\u00f5es cognitivas (MMS, MOCA, bateria especializada)<\/li>\n                    <li>Linguagem e comunica\u00e7\u00e3o (avalia\u00e7\u00e3o fonoaudiol\u00f3gica)<\/li>\n                    <li>Autonomia di\u00e1ria (Barthel, FIM)<\/li>\n                    <li>Qualidade de vida (escalas espec\u00edficas p\u00f3s-AVC)<\/li>\n                <\/ul>\n            <\/div>\n\n            <h3>Adapta\u00e7\u00e3o Cont\u00ednua do Programa<\/h3>\n\n            <p>A plasticidade cerebral evolui ao longo do tempo, necessitando de ajustes regulares do programa terap\u00eautico. As fases iniciais priorizam a recupera\u00e7\u00e3o das fun\u00e7\u00f5es b\u00e1sicas, enquanto as etapas posteriores se concentram na otimiza\u00e7\u00e3o e compensa\u00e7\u00e3o dos d\u00e9ficits residuais.<\/p>\n\n            <div class=\"conseil-card\">\n                <h3>\ud83d\udcca Acompanhamento dos Progressos<\/h3>\n                <p>Um sistema de monitoramento di\u00e1rio das performances permite adaptar finamente a dificuldade dos exerc\u00edcios. Essa reatividade otimiza a efic\u00e1cia terap\u00eautica e mant\u00e9m a motiva\u00e7\u00e3o do paciente em um n\u00edvel ideal.<\/p>\n            <\/div>\n\n            <h2>7. Integra\u00e7\u00e3o da Fam\u00edlia no Processo de Recupera\u00e7\u00e3o<\/h2>\n\n            <p>A fam\u00edlia constitui um pilar fundamental do sucesso da reabilita\u00e7\u00e3o p\u00f3s-AVC, independentemente do local de atendimento escolhido. Sua participa\u00e7\u00e3o ativa transforma o entorno em uma verdadeira equipe terap\u00eautica, multiplicando a efic\u00e1cia das interven\u00e7\u00f5es profissionais e garantindo a continuidade dos cuidados.<\/p>\n\n            <p>Essa integra\u00e7\u00e3o familiar, no entanto, requer uma prepara\u00e7\u00e3o e um acompanhamento espec\u00edficos. Os familiares devem adquirir as compet\u00eancias necess\u00e1rias para se tornarem verdadeiros parceiros de cuidados, enquanto preservam seu equil\u00edbrio emocional e sua rela\u00e7\u00e3o afetiva com o paciente.<\/p>\n\n            <h3>Forma\u00e7\u00e3o e Acompanhamento dos Cuidadores<\/h3>\n\n            <p>A forma\u00e7\u00e3o dos cuidadores familiares abrange v\u00e1rias \u00e1reas essenciais: t\u00e9cnicas de mobiliza\u00e7\u00e3o seguras, princ\u00edpios de estimula\u00e7\u00e3o cognitiva, gest\u00e3o dos dist\u00farbios comportamentais e reconhecimento dos sinais de alerta que necessitam de interven\u00e7\u00e3o m\u00e9dica. Esse aumento de compet\u00eancias transforma gradualmente o cuidador em um verdadeiro terapeuta auxiliar.<\/p>\n\n            <p>O acompanhamento psicol\u00f3gico das fam\u00edlias se revela igualmente crucial. O AVC perturba o equil\u00edbrio familiar e gera estresse, ansiedade e exaust\u00e3o nos familiares. Um apoio adequado previne o burn-out do cuidador e mant\u00e9m um ambiente familiar sereno, prop\u00edcio \u00e0 recupera\u00e7\u00e3o.<\/p>\n<div class=\"tip-box\">\n                <span class=\"tip-box-label\">Apoio Familiar<\/span>\n                <p>Os grupos de fala entre fam\u00edlias confrontadas a situa\u00e7\u00f5es semelhantes criam uma rede de apoio valiosa. O compartilhamento de experi\u00eancias e solu\u00e7\u00f5es pr\u00e1ticas enriquece as habilidades de cada um.<\/p>\n            <\/div>\n\n            <h3>Ferramentas Colaborativas para a Fam\u00edlia<\/h3>\n\n            <p>As tecnologias modernas oferecem ferramentas colaborativas que permitem envolver efetivamente a fam\u00edlia no acompanhamento di\u00e1rio. Aplicativos como <a href=\"https:\/\/www.dynseo.com\/pt-pt\/coco-pensa-e-coco-se-mexe\/\" target=\"_blank\">COCO PENSA e COCO SE MEXE<\/a> incluem funcionalidades especificamente projetadas para facilitar essa participa\u00e7\u00e3o familiar.<\/p>\n\n            <p>Essas ferramentas permitem que as fam\u00edlias acompanhem os progressos em tempo real, proponham desafios adaptados e celebrem as conquistas juntas. Essa gamifica\u00e7\u00e3o da reabilita\u00e7\u00e3o fortalece os la\u00e7os familiares enquanto otimiza a efic\u00e1cia terap\u00eautica.<\/p>\n\n            <div class=\"expert-box\">\n                <span class=\"expert-box-label\">Inova\u00e7\u00e3o Colaborativa<\/span>\n                <div class=\"expert-box-title\">Funcionalidades para a Fam\u00edlia<\/div>\n                <p>Nossos aplicativos permitem que as fam\u00edlias criem desafios personalizados, acompanhem as estat\u00edsticas de progresso e recebam conselhos adaptativos para otimizar o acompanhamento di\u00e1rio.<\/p>\n            <\/div>\n\n            <h2>8. Gest\u00e3o dos Aspectos Psicol\u00f3gicos e Emocionais<\/h2>\n\n            <p>A dimens\u00e3o psicol\u00f3gica da recupera\u00e7\u00e3o p\u00f3s-AVC \u00e9 frequentemente subestimada, embora influencie diretamente a efic\u00e1cia da reabilita\u00e7\u00e3o e a qualidade de vida futura. O AVC gera um trauma ps\u00edquico maior, confrontando brutalmente o paciente com sua vulnerabilidade e questionando sua identidade e seu projeto de vida.<\/p>\n\n            <p>A abordagem psicol\u00f3gica deve come\u00e7ar precocemente e se adaptar \u00e0s diferentes fases do processo de recupera\u00e7\u00e3o. Nega\u00e7\u00e3o, raiva, depress\u00e3o e aceita\u00e7\u00e3o sucedem-se de acordo com um ritmo individual que deve ser respeitado e acompanhado com benevol\u00eancia e profissionalismo.<\/p>\n\n            <h3>Dist\u00farbios Psicol\u00f3gicos Frequentes<\/h3>\n\n            <p>A depress\u00e3o p\u00f3s-AVC afeta cerca de 30% dos pacientes e constitui um fator progn\u00f3stico importante. Ela reduz a motiva\u00e7\u00e3o, altera a aten\u00e7\u00e3o e a mem\u00f3ria, comprometendo assim a efic\u00e1cia da reabilita\u00e7\u00e3o. Sua triagem sistem\u00e1tica e seu tratamento especializado s\u00e3o indispens\u00e1veis.<\/p>\n\n            <p>A ansiedade, os dist\u00farbios do sono e as altera\u00e7\u00f5es de personalidade completam esse quadro complexo. Essas manifesta\u00e7\u00f5es requerem uma abordagem terap\u00eautica adequada, combinando interven\u00e7\u00f5es psicol\u00f3gicas e, se necess\u00e1rio, tratamentos medicamentosos espec\u00edficos.<\/p>\n<div class=\"conseil-card\">\n                <h3>\ud83e\udde0 Sa\u00fade Mental<\/h3>\n                <p>A manuten\u00e7\u00e3o de atividades agrad\u00e1veis e valorizantes estimula a produ\u00e7\u00e3o de dopamina e serotonina, neurotransmissores essenciais para a motiva\u00e7\u00e3o e o bem-estar. O aspecto l\u00fadico dos exerc\u00edcios DYNSEO contribui para essa estimula\u00e7\u00e3o natural.<\/p>\n            <\/div>\n\n            <h3>Estrat\u00e9gias de Adapta\u00e7\u00e3o e de Resili\u00eancia<\/h3>\n\n            <p>O desenvolvimento da resili\u00eancia constitui um objetivo terap\u00eautico maior. Essa capacidade de adapta\u00e7\u00e3o e recupera\u00e7\u00e3o diante da adversidade se cultiva progressivamente atrav\u00e9s de estrat\u00e9gias espec\u00edficas: reestrutura\u00e7\u00e3o cognitiva, t\u00e9cnicas de relaxamento, fortalecimento da autoestima.<\/p>\n\n            <p>A defini\u00e7\u00e3o de objetivos realistas e progressivos mant\u00e9m a esperan\u00e7a e a motiva\u00e7\u00e3o. Cada pequeno progresso se torna uma vit\u00f3ria a ser celebrada, refor\u00e7ando a confian\u00e7a em si mesmo e o compromisso no processo terap\u00eautico.<\/p>\n\n            <div class=\"key-points\">\n                <h3>Estrat\u00e9gias de Apoio Psicol\u00f3gico:<\/h3>\n                <ul>\n                    <li>Terapia cognitivo-comportamental adaptada<\/li>\n                    <li>T\u00e9cnicas de relaxamento e mindfulness<\/li>\n                    <li>Arteterapia e musicoterapia<\/li>\n                    <li>Grupos de fala entre pacientes<\/li>\n                    <li>Valoriza\u00e7\u00e3o dos progressos e das conquistas<\/li>\n                    <li>Manuten\u00e7\u00e3o dos la\u00e7os sociais e dos lazeres<\/li>\n                <\/ul>\n            <\/div>\n\n            <h2>9. Avalia\u00e7\u00e3o dos Custos e Considera\u00e7\u00f5es Econ\u00f4micas<\/h2>\n\n            <p>O aspecto econ\u00f4mico da reabilita\u00e7\u00e3o p\u00f3s-AVC constitui uma preocupa\u00e7\u00e3o leg\u00edtima para as fam\u00edlias e os sistemas de sa\u00fade. A compara\u00e7\u00e3o dos custos entre reabilita\u00e7\u00e3o em casa e em centro especializado revela diferen\u00e7as significativas que podem influenciar a decis\u00e3o, sem comprometer a qualidade dos cuidados.<\/p>\n\n            <p>Uma an\u00e1lise completa dos custos deve considerar as despesas diretas (honor\u00e1rios profissionais, material, deslocamentos) mas tamb\u00e9m os custos indiretos (faltas no trabalho dos cuidadores, adapta\u00e7\u00f5es da casa, complica\u00e7\u00f5es evitadas). Essa vis\u00e3o global permite uma avalia\u00e7\u00e3o objetiva da rela\u00e7\u00e3o custo-efic\u00e1cia de cada abordagem.<\/p>\n\n            <h3>Custos Diretos Comparativos<\/h3>\n\n            <p>A reabilita\u00e7\u00e3o em centro especializado gera custos elevados: hospedagem, alimenta\u00e7\u00e3o, equipes m\u00e9dicas, equipamentos sofisticados. Na Fran\u00e7a, o custo m\u00e9dio de um dia em um centro de reabilita\u00e7\u00e3o varia entre 400 e 600 euros, amplamente cobertos pelo seguro sa\u00fade para as consequ\u00eancias de AVC.<\/p>\n\n            <p>A reabilita\u00e7\u00e3o em casa apresenta uma estrutura de custos diferente: honor\u00e1rios dos profissionais liberais, despesas de deslocamento, aquisi\u00e7\u00e3o de equipamentos espec\u00edficos. Se o custo unit\u00e1rio de cada sess\u00e3o pode parecer elevado, a flexibilidade de hor\u00e1rio muitas vezes permite otimizar o n\u00famero de sess\u00f5es e, portanto, a efic\u00e1cia global.<\/p>\n<div class=\"tip-box\">\n                <span class=\"tip-box-label\">Otimiza\u00e7\u00e3o Econ\u00f4mica<\/span>\n                <p>As solu\u00e7\u00f5es tecnol\u00f3gicas como COCO PENSA e COCO SE MEXE oferecem um excelente custo-benef\u00edcio, permitindo uma estimula\u00e7\u00e3o di\u00e1ria por um custo mensal equivalente a uma sess\u00e3o tradicional.<\/p>\n            <\/div>\n\n            <h3>Reembolsos e Cobertura<\/h3>\n\n            <p>O sistema franc\u00eas de seguridade social garante uma cobertura quase integral da reabilita\u00e7\u00e3o p\u00f3s-AVC, seja em centro ou em casa. As sess\u00f5es de fisioterapia, fonoaudiologia e terapia ocupacional s\u00e3o reembolsadas em 100% no \u00e2mbito da ALD (Afei\u00e7\u00e3o de Longa Dura\u00e7\u00e3o).<\/p>\n\n            <p>No entanto, alguns custos adicionais podem persistir: adapta\u00e7\u00f5es da casa, aquisi\u00e7\u00e3o de ajudas t\u00e9cnicas especializadas, despesas de transporte n\u00e3o medicalizado. Existem ajudas espec\u00edficas: MDPH, caixas de aposentadoria, planos de sa\u00fade complementares.<\/p>\n\n            <div class=\"expert-box\">\n                <span class=\"expert-box-label\">Conselho Financeiro<\/span>\n                <div class=\"expert-box-title\">Otimiza\u00e7\u00e3o dos Reembolsos<\/div>\n                <p>Uma prescri\u00e7\u00e3o m\u00e9dica detalhada e um dossi\u00ea MDPH bem elaborado maximizam as coberturas. O terapeuta ocupacional pode avaliar gratuitamente as necessidades de adapta\u00e7\u00e3o e orientar para as ajudas apropriadas.<\/p>\n            <\/div>\n\n            <h2>10. Depoimentos e Retornos de Experi\u00eancia<\/h2>\n\n            <p>Os depoimentos de pacientes e fam\u00edlias que viveram a experi\u00eancia da reabilita\u00e7\u00e3o p\u00f3s-AVC trazem uma vis\u00e3o \u00fanica e aut\u00eantica sobre as vantagens e dificuldades de cada abordagem. Esses retornos de experi\u00eancia, coletados ao longo de nossos anos de acompanhamento, revelam a diversidade dos percursos e a import\u00e2ncia da individualiza\u00e7\u00e3o das escolhas.<\/p>\n\n            <p>Cada hist\u00f3ria \u00e9 \u00fanica, mas alguns ensinamentos transversais emergem desses depoimentos. Eles destacam a import\u00e2ncia da motiva\u00e7\u00e3o pessoal, do apoio familiar e da adapta\u00e7\u00e3o das ferramentas terap\u00eauticas \u00e0s necessidades espec\u00edficas de cada situa\u00e7\u00e3o.<\/p>\n\n            <h3>Caminhos na Reabilita\u00e7\u00e3o Domiciliar<\/h3>\n\n            <p>Maria, 58 anos, escolheu a reabilita\u00e7\u00e3o em casa ap\u00f3s seu AVC. \"Eu precisava dos meus pontos de refer\u00eancia familiares para me reconstruir. Meus netos me ajudaram imensamente participando dos meus exerc\u00edcios no COCO PENSA. Seus incentivos valiam todos os medicamentos do mundo.\"<\/p>\n\n            <p>Seu esposo testemunha: \"No come\u00e7o, eu tinha medo de fazer errado. Mas o acompanhamento dos terapeutas e as ferramentas tecnol\u00f3gicas nos tranquilizaram. Aprendemos juntos, e isso se tornou um projeto familiar. Maria recuperou 80% de suas capacidades em 8 meses.\"<\/p>\n<div class=\"conseil-card\">\n                <h3>\ud83d\udcac Depoimento<\/h3>\n                <p>\"O aspecto l\u00fadico dos exerc\u00edcios DYNSEO transformou minha reabilita\u00e7\u00e3o em momentos de prazer compartilhado. Meus progressos em mem\u00f3ria e aten\u00e7\u00e3o surpreenderam toda a equipe m\u00e9dica.\" - Jean-Pierre, 65 anos<\/p>\n            <\/div>\n\n            <h3>Experi\u00eancia em Centro Especializado<\/h3>\n\n            <p>Pierre, 72 anos, beneficiou-se de um atendimento em centro especializado. \"A emula\u00e7\u00e3o com os outros pacientes me impulsionou. Ver os progressos deles me motivava a dar o melhor de mim. A equipe profissional me deu confian\u00e7a e me empurrou al\u00e9m dos meus limites.\"<\/p>\n\n            <p>Sua filha acrescenta: \"Papai precisava dessa estrutura, desses hor\u00e1rios fixos. Em casa, ele teria tend\u00eancia a desanimar. O centro lhe devolveu o gosto pelo esfor\u00e7o e confian\u00e7a em suas capacidades.\"<\/p>\n\n            <h3>Percursos H\u00edbridos<\/h3>\n\n            <p>Alguns pacientes beneficiaram-se de uma abordagem mista, come\u00e7ando em centro e depois continuando em casa. Essa transi\u00e7\u00e3o gradual se mostra muitas vezes ideal, combinando a expertise inicial do centro com a flexibilidade e personaliza\u00e7\u00e3o do lar.<\/p>\n\n            <h2>11. Perspectivas de Futuro e Inova\u00e7\u00f5es<\/h2>\n\n            <p>O futuro da reabilita\u00e7\u00e3o p\u00f3s-AVC se desenha atrav\u00e9s de inova\u00e7\u00f5es tecnol\u00f3gicas revolucion\u00e1rias que j\u00e1 transformam os paradigmas terap\u00eauticos. A intelig\u00eancia artificial, a realidade virtual imersiva, a rob\u00f3tica avan\u00e7ada e as interfaces c\u00e9rebro-m\u00e1quina abrem perspectivas in\u00e9ditas para otimizar a recupera\u00e7\u00e3o.<\/p>\n\n            <p>Esses avan\u00e7os permitem vislumbrar uma personaliza\u00e7\u00e3o ainda mais refinada dos programas terap\u00eauticos, uma adapta\u00e7\u00e3o em tempo real aos progressos do paciente, e uma democratiza\u00e7\u00e3o do acesso \u00e0s terapias mais sofisticadas. O objetivo final consiste em oferecer a cada paciente o melhor da tecnologia, independentemente de seu local de reabilita\u00e7\u00e3o.<\/p>\n\n            <h3>Intelig\u00eancia Artificial e Personaliza\u00e7\u00e3o<\/h3>\n\n            <p>A integra\u00e7\u00e3o da intelig\u00eancia artificial nos programas de reabilita\u00e7\u00e3o permite uma an\u00e1lise detalhada dos padr\u00f5es de recupera\u00e7\u00e3o de cada paciente. Esses algoritmos sofisticados identificam as estrat\u00e9gias terap\u00eauticas mais eficazes para cada perfil, otimizando assim as chances de recupera\u00e7\u00e3o.<\/p>\n\n            <p>Na DYNSEO, desenvolvemos essas tecnologias de nova gera\u00e7\u00e3o para enriquecer nossos aplicativos. A IA analisa o desempenho em tempo real e prop\u00f5e automaticamente ajustes personalizados, transformando cada sess\u00e3o em uma experi\u00eancia terap\u00eautica otimizada.<\/p>\n\n            <div class=\"expert-box\">\n                <span class=\"expert-box-label\">Inova\u00e7\u00e3o Futura<\/span>\n<div class=\"expert-box-title\">Projeto DYNSEO 2026<\/div>\n                <p>Nossa pr\u00f3xima gera\u00e7\u00e3o de aplicativos integrar\u00e1 a IA preditiva para antecipar as necessidades terap\u00eauticas e propor programas preventivos personalizados, revolucionando a abordagem da reabilita\u00e7\u00e3o.<\/p>\n            <\/div>\n\n            <h3>Realidade Virtual e Imers\u00e3o Terap\u00eautica<\/h3>\n\n            <p>A realidade virtual transforma a reabilita\u00e7\u00e3o em uma aventura imersiva, estimulando motiva\u00e7\u00e3o e engajamento. Esses ambientes virtuais permitem reproduzir situa\u00e7\u00f5es da vida cotidiana em um ambiente seguro e controlado, otimizando a transfer\u00eancia dos conhecimentos terap\u00eauticos para a autonomia real.<\/p>\n\n            <p>A acessibilidade crescente dessas tecnologias as torna utiliz\u00e1veis em casa, democratizando o acesso \u00e0s terapias mais inovadoras. Essa evolu\u00e7\u00e3o apaga gradualmente as fronteiras entre reabilita\u00e7\u00e3o hospitalar e domiciliar em termos de sofistica\u00e7\u00e3o tecnol\u00f3gica.<\/p>\n\n            <div class=\"key-points\">\n                <h3>Tecnologias Emergentes 2026 :<\/h3>\n                <ul>\n                    <li>Realidade virtual acess\u00edvel e terap\u00eautica<\/li>\n                    <li>Intelig\u00eancia artificial preditiva<\/li>\n                    <li>Interfaces c\u00e9rebro-m\u00e1quina n\u00e3o invasivas<\/li>\n                    <li>Rob\u00f3tica colaborativa dom\u00e9stica<\/li>\n                    <li>Biocaptores integrados para monitoramento cont\u00ednuo<\/li>\n                    <li>Tele-reabilita\u00e7\u00e3o imersiva<\/li>\n                <\/ul>\n            <\/div>\n\n            <h2>12. Recomenda\u00e7\u00f5es Personalizadas segundo os Perfis<\/h2>\n\n            <p>A decis\u00e3o entre reabilita\u00e7\u00e3o em casa e em centro especializado n\u00e3o pode ser tomada de maneira uniforme. Ela requer uma an\u00e1lise individualizada levando em conta o perfil m\u00e9dico, psicol\u00f3gico, social e econ\u00f4mico de cada paciente. Essa abordagem personalizada otimiza as chances de sucesso e melhora a satisfa\u00e7\u00e3o do paciente e de sua fam\u00edlia.<\/p>\n\n            <p>Nossa experi\u00eancia cl\u00ednica nos permite propor recomenda\u00e7\u00f5es direcionadas segundo diferentes perfis t\u00edpicos, ao mesmo tempo em que ressaltamos que cada situa\u00e7\u00e3o permanece \u00fanica e merece uma avalia\u00e7\u00e3o especializada aprofundada.<\/p>\n\n            <h3>Perfil 1 : AVC Leve com Ambiente Familiar Favor\u00e1vel<\/h3>\n\n            <p>Para os pacientes com d\u00e9ficits leves a moderados, uma cogni\u00e7\u00e3o preservada e um ambiente familiar est\u00e1vel e dispon\u00edvel, a reabilita\u00e7\u00e3o em casa representa frequentemente a escolha ideal. Essa abordagem permite uma integra\u00e7\u00e3o natural dos exerc\u00edcios na vida cotidiana e favorece a manuten\u00e7\u00e3o dos la\u00e7os sociais.<\/p>\n\n            <p>A utiliza\u00e7\u00e3o de ferramentas tecnol\u00f3gicas como <a href=\"https:\/\/www.dynseo.com\/pt-pt\/coco-pensa-e-coco-se-mexe\/\" target=\"_blank\">COCO PENSA e COCO SE MEXE<\/a> complementa eficazmente a interven\u00e7\u00e3o dos profissionais liberais, oferecendo uma estimula\u00e7\u00e3o di\u00e1ria variada e progressiva.<\/p>\n<div class=\"conseil-card\">\n                <h3>\u2705 Recomenda\u00e7\u00e3o<\/h3>\n                <p>Reabilita\u00e7\u00e3o em casa com suporte tecnol\u00f3gico, fisioterapia 3x\/semana, fonoaudiologia se necess\u00e1rio, terapia ocupacional para adapta\u00e7\u00f5es. Acompanhamento m\u00e9dico mensal e avalia\u00e7\u00f5es trimestrais.<\/p>\n            <\/div>\n\n            <h3>Perfil 2 : AVC Severo ou Complica\u00e7\u00f5es Associadas<\/h3>\n\n            <p>Os pacientes com d\u00e9ficits motores severos, dist\u00farbios cognitivos maiores ou complica\u00e7\u00f5es m\u00e9dicas necessitam de atendimento em centro especializado, pelo menos inicialmente. A supervis\u00e3o constante e o acesso a equipamentos sofisticados s\u00e3o indispens\u00e1veis para otimizar a recupera\u00e7\u00e3o.<\/p>\n\n            <p>Uma transi\u00e7\u00e3o gradual para casa pode ser considerada uma vez que as fun\u00e7\u00f5es vitais estejam estabilizadas e os d\u00e9ficits maiores compensados. Essa abordagem sequencial combina as vantagens das duas modalidades.<\/p>\n\n            <h3>Perfil 3 : Isolamento Social ou Precariedade<\/h3>\n\n            <p>Para os pacientes isolados socialmente ou em situa\u00e7\u00e3o de precariedade, o centro especializado oferece um ambiente estruturante e um suporte social essencial. A intera\u00e7\u00e3o com outros pacientes e o acompanhamento profissional constante compensam a aus\u00eancia de apoio familiar.<\/p>\n\n            <p>Dispositivos de acompanhamento social podem facilitar uma transi\u00e7\u00e3o posterior para casa, uma vez que as compet\u00eancias de autonomia sejam recuperadas e uma rede de apoio seja constitu\u00edda.<\/p>\n\n            <div class=\"tip-box\">\n                <span class=\"tip-box-label\">Adapta\u00e7\u00e3o Progressiva<\/span>\n                <p>A evolu\u00e7\u00e3o do programa de reabilita\u00e7\u00e3o deve se adaptar aos progressos do paciente. Uma reavalia\u00e7\u00e3o regular permite ajustar a modalidade de atendimento e otimizar continuamente a abordagem terap\u00eautica.<\/p>\n            <\/div>\n\n            <div class=\"faq-list\">\n                <h2>Perguntas Frequentes<\/h2>\n                \n                <div class=\"faq-item\">\n                    <div class=\"faq-q\">\n                        <span>Quanto tempo geralmente dura a reabilita\u00e7\u00e3o p\u00f3s-AVC?<\/span>\n                        <span class=\"faq-icon\">+<\/span>\n                    <\/div>\n                    <div class=\"faq-a\">\n                        <p>A dura\u00e7\u00e3o da reabilita\u00e7\u00e3o varia consideravelmente de acordo com a gravidade do AVC e os d\u00e9ficits residuais. Em m\u00e9dia, a reabilita\u00e7\u00e3o intensiva dura de 3 a 6 meses, mas pode se estender por v\u00e1rios anos. Os primeiros meses s\u00e3o cruciais, pois correspondem ao per\u00edodo de plasticidade cerebral m\u00e1xima. Um programa de manuten\u00e7\u00e3o a longo prazo \u00e9 frequentemente necess\u00e1rio para manter os ganhos.<\/p>\n                    <\/div>\n                <\/div>\n\n                <div class=\"faq-item\">\n                    <div class=\"faq-q\">\n                        <span>\u00c9 poss\u00edvel mudar a modalidade de reabilita\u00e7\u00e3o durante o tratamento?<\/span>\n                        <span class=\"faq-icon\">+<\/span>\n                    <\/div>\n                    <div class=\"faq-a\">\n                        <p>Absolutamente. \u00c9 comum e at\u00e9 recomendado adaptar a modalidade de reabilita\u00e7\u00e3o de acordo com a evolu\u00e7\u00e3o do paciente. Muitos come\u00e7am em centro especializado e depois fazem a transi\u00e7\u00e3o para casa. Essa flexibilidade permite otimizar continuamente a abordagem terap\u00eautica de acordo com as necessidades evolutivas do paciente.<\/p>\n                    <\/div>\n                <\/div>\n            <\/div>\n<script type=\"application\/ld+json\">\n{\n  \"@context\": \"https:\/\/schema.org\",\n  \"@graph\": [\n    {\n      \"@type\": \"Article\",\n      \"headline\": \"Post-AVC : r\u00e9\u00e9ducation \u00e0 domicile ou en centre de soins\",\n      \"description\": \"R\u00e9\u00e9ducation Post-AVCnnPost-AVC : R\u00e9\u00e9ducation \u00e0 Domicile ou en Centre de Soinsnn\ud83d\udcc5 Avril 2026n\u23f1\ufe0f 25 min de lecture\",\n      \"image\": \"https:\/\/www.dynseo.com\/wp-content\/uploads\/2026\/04\/reeducation-post-avc.jpg\",\n      \"author\": {\n        \"@type\": \"Organization\",\n        \"name\": \"DYNSEO\",\n        \"url\": \"https:\/\/www.dynseo.com\"\n      },\n      \"publisher\": {\n        \"@type\": \"Organization\",\n        \"name\": \"DYNSEO\",\n        \"url\": \"https:\/\/www.dynseo.com\",\n        \"logo\": {\n          \"@type\": \"ImageObject\",\n          \"url\": \"https:\/\/www.dynseo.com\/wp-content\/uploads\/2020\/01\/logo-dynseo.png\"\n        }\n      },\n      \"datePublished\": \"2026-04-07\",\n      \"mainEntityOfPage\": \"https:\/\/www.dynseo.com\/post-avc-reeducation-a-domicile-ou-en-centre-de-soins\/\",\n      \"aggregateRating\": {\n        \"@type\": \"AggregateRating\",\n        \"ratingValue\": \"4.8\",\n        \"bestRating\": \"5\",\n        \"ratingCount\": \"47\"\n      }\n    },\n    {\n      \"@type\": \"WebPage\",\n      \"url\": \"https:\/\/www.dynseo.com\/post-avc-reeducation-a-domicile-ou-en-centre-de-soins\/\",\n      \"name\": \"Post-AVC : r\u00e9\u00e9ducation \u00e0 domicile ou en centre de soins\",\n      \"description\": \"R\u00e9\u00e9ducation Post-AVCnnPost-AVC : R\u00e9\u00e9ducation \u00e0 Domicile ou en Centre de Soinsnn\ud83d\udcc5 Avril 2026n\u23f1\ufe0f 25 min de lecture\"\n    },\n    {\n      \"@type\": \"BreadcrumbList\",\n      \"itemListElement\": [\n        {\n          \"@type\": \"ListItem\",\n          \"position\": 1,\n          \"name\": \"Accueil\",\n          \"item\": \"https:\/\/www.dynseo.com\"\n        },\n        {\n          \"@type\": \"ListItem\",\n          \"position\": 2,\n          \"name\": \"Blog\",\n          \"item\": \"https:\/\/www.dynseo.com\/blog\"\n        },\n        {\n          \"@type\": \"ListItem\",\n          \"position\": 3,\n          \"name\": \"Post-AVC : r\u00e9\u00e9ducation \u00e0 domicile ou en centre de soins\",\n          \"item\": \"https:\/\/www.dynseo.com\/post-avc-reeducation-a-domicile-ou-en-centre-de-soins\/\"\n        }\n      ]\n    },\n    {\n      \"@type\": \"FAQPage\",\n      \"mainEntity\": [\n        {\n          \"@type\": \"Question\",\n          \"name\": \"Combien de temps dure g\u00e9n\u00e9ralement la r\u00e9\u00e9ducation post-AVC ?\",\n          \"acceptedAnswer\": {\n            \"@type\": \"Answer\",\n            \"text\": \"La dur\u00e9e de la r\u00e9\u00e9ducation post-AVC varie selon la s\u00e9v\u00e9rit\u00e9 de l'AVC et les s\u00e9quelles. Elle peut s'\u00e9tendre de quelques mois \u00e0 plusieurs ann\u00e9es, avec une phase intensive les premiers mois puis un suivi \u00e0 long terme.\"\n          }\n        },\n        {\n          \"@type\": \"Question\",\n          \"name\": \"Peut-on changer de modalit\u00e9 de r\u00e9\u00e9ducation en cours de traitement ?\",\n          \"acceptedAnswer\": {\n            \"@type\": \"Answer\",\n            \"text\": \"Oui, il est possible de passer d'une r\u00e9\u00e9ducation en centre \u00e0 une r\u00e9\u00e9ducation \u00e0 domicile ou inversement, selon l'\u00e9volution de l'\u00e9tat du patient et ses besoins. Cette d\u00e9cision se prend en concertation avec l'\u00e9quipe m\u00e9dicale.\"\n          }\n        }\n      ]\n    }\n  ]\n}\n<\/script>[\/et_pb_code][\/et_pb_column][\/et_pb_row][\/et_pb_section]","_et_gb_content_width":"","footnotes":""},"categories":[2915],"tags":[],"class_list":["post-572963","post","type-post","status-publish","format-standard","has-post-thumbnail","hentry","category-les-conseils-des-coachs"],"yoast_head":"<!-- This site is optimized with the Yoast SEO plugin v27.4 - https:\/\/yoast.com\/product\/yoast-seo-wordpress\/ -->\n<title>P\u00f3s-AVC: reabilita\u00e7\u00e3o em casa ou em centro de cuidados - DYNSEO - Aplica\u00e7\u00f5es educativas e jogos de mem\u00f3ria<\/title>\n<meta name=\"robots\" content=\"index, follow, max-snippet:-1, max-image-preview:large, max-video-preview:-1\" \/>\n<link rel=\"canonical\" href=\"https:\/\/www.dynseo.com\/pt-pt\/pos-avc-reabilitacao-em-casa-ou-em-centro-de-cuidados\/\" \/>\n<meta property=\"og:locale\" content=\"pt_PT\" \/>\n<meta property=\"og:type\" content=\"article\" \/>\n<meta property=\"og:title\" content=\"P\u00f3s-AVC: reabilita\u00e7\u00e3o em casa ou em centro de cuidados - DYNSEO - Aplica\u00e7\u00f5es educativas e jogos de mem\u00f3ria\" \/>\n<meta property=\"og:url\" content=\"https:\/\/www.dynseo.com\/pt-pt\/pos-avc-reabilitacao-em-casa-ou-em-centro-de-cuidados\/\" \/>\n<meta property=\"og:site_name\" content=\"DYNSEO - Aplica\u00e7\u00f5es educativas e jogos de mem\u00f3ria\" \/>\n<meta property=\"article:published_time\" content=\"2026-04-30T12:29:19+00:00\" \/>\n<meta property=\"article:modified_time\" content=\"2026-04-30T12:34:55+00:00\" \/>\n<meta property=\"og:image\" content=\"https:\/\/www.dynseo.com\/wp-content\/uploads\/2024\/03\/avc-prevention-et-pertes-de-memoires-1024x768.png\" \/>\n\t<meta property=\"og:image:width\" content=\"1024\" \/>\n\t<meta property=\"og:image:height\" content=\"768\" \/>\n\t<meta property=\"og:image:type\" content=\"image\/png\" \/>\n<meta name=\"author\" content=\"DYNSEO\" \/>\n<meta name=\"twitter:label1\" content=\"Escrito por\" \/>\n\t<meta name=\"twitter:data1\" content=\"DYNSEO\" \/>\n\t<meta name=\"twitter:label2\" content=\"Tempo estimado de leitura\" \/>\n\t<meta name=\"twitter:data2\" content=\"26 minutos\" \/>\n<script type=\"application\/ld+json\" class=\"yoast-schema-graph\">{\"@context\":\"https:\\\/\\\/schema.org\",\"@graph\":[{\"@type\":\"Article\",\"@id\":\"https:\\\/\\\/www.dynseo.com\\\/pt-pt\\\/pos-avc-reabilitacao-em-casa-ou-em-centro-de-cuidados\\\/#article\",\"isPartOf\":{\"@id\":\"https:\\\/\\\/www.dynseo.com\\\/pt-pt\\\/pos-avc-reabilitacao-em-casa-ou-em-centro-de-cuidados\\\/\"},\"author\":{\"name\":\"DYNSEO\",\"@id\":\"https:\\\/\\\/www.dynseo.com\\\/pt-pt\\\/#\\\/schema\\\/person\\\/78ef63df2ee64e0989bc68f8401b38d6\"},\"headline\":\"P\u00f3s-AVC: reabilita\u00e7\u00e3o em casa ou em centro de cuidados\",\"datePublished\":\"2026-04-30T12:29:19+00:00\",\"dateModified\":\"2026-04-30T12:34:55+00:00\",\"mainEntityOfPage\":{\"@id\":\"https:\\\/\\\/www.dynseo.com\\\/pt-pt\\\/pos-avc-reabilitacao-em-casa-ou-em-centro-de-cuidados\\\/\"},\"wordCount\":5143,\"publisher\":{\"@id\":\"https:\\\/\\\/www.dynseo.com\\\/pt-pt\\\/#organization\"},\"image\":{\"@id\":\"https:\\\/\\\/www.dynseo.com\\\/pt-pt\\\/pos-avc-reabilitacao-em-casa-ou-em-centro-de-cuidados\\\/#primaryimage\"},\"thumbnailUrl\":\"https:\\\/\\\/www.dynseo.com\\\/wp-content\\\/uploads\\\/2024\\\/03\\\/avc-prevention-et-pertes-de-memoires.png\",\"articleSection\":[\"Les conseils des coachs\"],\"inLanguage\":\"pt-PT\"},{\"@type\":\"WebPage\",\"@id\":\"https:\\\/\\\/www.dynseo.com\\\/pt-pt\\\/pos-avc-reabilitacao-em-casa-ou-em-centro-de-cuidados\\\/\",\"url\":\"https:\\\/\\\/www.dynseo.com\\\/pt-pt\\\/pos-avc-reabilitacao-em-casa-ou-em-centro-de-cuidados\\\/\",\"name\":\"P\u00f3s-AVC: reabilita\u00e7\u00e3o em casa ou em centro de cuidados - DYNSEO - Aplica\u00e7\u00f5es educativas e jogos de mem\u00f3ria\",\"isPartOf\":{\"@id\":\"https:\\\/\\\/www.dynseo.com\\\/pt-pt\\\/#website\"},\"primaryImageOfPage\":{\"@id\":\"https:\\\/\\\/www.dynseo.com\\\/pt-pt\\\/pos-avc-reabilitacao-em-casa-ou-em-centro-de-cuidados\\\/#primaryimage\"},\"image\":{\"@id\":\"https:\\\/\\\/www.dynseo.com\\\/pt-pt\\\/pos-avc-reabilitacao-em-casa-ou-em-centro-de-cuidados\\\/#primaryimage\"},\"thumbnailUrl\":\"https:\\\/\\\/www.dynseo.com\\\/wp-content\\\/uploads\\\/2024\\\/03\\\/avc-prevention-et-pertes-de-memoires.png\",\"datePublished\":\"2026-04-30T12:29:19+00:00\",\"dateModified\":\"2026-04-30T12:34:55+00:00\",\"breadcrumb\":{\"@id\":\"https:\\\/\\\/www.dynseo.com\\\/pt-pt\\\/pos-avc-reabilitacao-em-casa-ou-em-centro-de-cuidados\\\/#breadcrumb\"},\"inLanguage\":\"pt-PT\",\"potentialAction\":[{\"@type\":\"ReadAction\",\"target\":[\"https:\\\/\\\/www.dynseo.com\\\/pt-pt\\\/pos-avc-reabilitacao-em-casa-ou-em-centro-de-cuidados\\\/\"]}]},{\"@type\":\"ImageObject\",\"inLanguage\":\"pt-PT\",\"@id\":\"https:\\\/\\\/www.dynseo.com\\\/pt-pt\\\/pos-avc-reabilitacao-em-casa-ou-em-centro-de-cuidados\\\/#primaryimage\",\"url\":\"https:\\\/\\\/www.dynseo.com\\\/wp-content\\\/uploads\\\/2024\\\/03\\\/avc-prevention-et-pertes-de-memoires.png\",\"contentUrl\":\"https:\\\/\\\/www.dynseo.com\\\/wp-content\\\/uploads\\\/2024\\\/03\\\/avc-prevention-et-pertes-de-memoires.png\",\"width\":2000,\"height\":1500,\"caption\":\"Tablet terap\u00eautico: uma ferramenta l\u00fadica e eficaz para o cuidado e a estimula\u00e7\u00e3o infantil\"},{\"@type\":\"BreadcrumbList\",\"@id\":\"https:\\\/\\\/www.dynseo.com\\\/pt-pt\\\/pos-avc-reabilitacao-em-casa-ou-em-centro-de-cuidados\\\/#breadcrumb\",\"itemListElement\":[{\"@type\":\"ListItem\",\"position\":1,\"name\":\"Accueil\",\"item\":\"https:\\\/\\\/www.dynseo.com\\\/pt-pt\\\/\"},{\"@type\":\"ListItem\",\"position\":2,\"name\":\"P\u00f3s-AVC: reabilita\u00e7\u00e3o em casa ou em centro de cuidados\"}]},{\"@type\":\"WebSite\",\"@id\":\"https:\\\/\\\/www.dynseo.com\\\/pt-pt\\\/#website\",\"url\":\"https:\\\/\\\/www.dynseo.com\\\/pt-pt\\\/\",\"name\":\"Jeux de m\u00e9moire et stimulation cognitive\",\"description\":\"Entra\u00eenez votre m\u00e9moire et votre cerveau avec DYNSEO\",\"publisher\":{\"@id\":\"https:\\\/\\\/www.dynseo.com\\\/pt-pt\\\/#organization\"},\"potentialAction\":[{\"@type\":\"SearchAction\",\"target\":{\"@type\":\"EntryPoint\",\"urlTemplate\":\"https:\\\/\\\/www.dynseo.com\\\/pt-pt\\\/?s={search_term_string}\"},\"query-input\":{\"@type\":\"PropertyValueSpecification\",\"valueRequired\":true,\"valueName\":\"search_term_string\"}}],\"inLanguage\":\"pt-PT\"},{\"@type\":\"Organization\",\"@id\":\"https:\\\/\\\/www.dynseo.com\\\/pt-pt\\\/#organization\",\"name\":\"DYNSEO\",\"url\":\"https:\\\/\\\/www.dynseo.com\\\/pt-pt\\\/\",\"logo\":{\"@type\":\"ImageObject\",\"inLanguage\":\"pt-PT\",\"@id\":\"https:\\\/\\\/www.dynseo.com\\\/pt-pt\\\/#\\\/schema\\\/logo\\\/image\\\/\",\"url\":\"https:\\\/\\\/www.dynseo.com\\\/wp-content\\\/uploads\\\/2022\\\/05\\\/logo-dynseo-new.png\",\"contentUrl\":\"https:\\\/\\\/www.dynseo.com\\\/wp-content\\\/uploads\\\/2022\\\/05\\\/logo-dynseo-new.png\",\"width\":5073,\"height\":1397,\"caption\":\"DYNSEO\"},\"image\":{\"@id\":\"https:\\\/\\\/www.dynseo.com\\\/pt-pt\\\/#\\\/schema\\\/logo\\\/image\\\/\"}},{\"@type\":\"Person\",\"@id\":\"https:\\\/\\\/www.dynseo.com\\\/pt-pt\\\/#\\\/schema\\\/person\\\/78ef63df2ee64e0989bc68f8401b38d6\",\"name\":\"DYNSEO\",\"url\":\"https:\\\/\\\/www.dynseo.com\\\/pt-pt\\\/author\\\/justine\\\/\"}]}<\/script>\n<!-- \/ Yoast SEO plugin. -->","yoast_head_json":{"title":"P\u00f3s-AVC: reabilita\u00e7\u00e3o em casa ou em centro de cuidados - DYNSEO - Aplica\u00e7\u00f5es educativas e jogos de mem\u00f3ria","robots":{"index":"index","follow":"follow","max-snippet":"max-snippet:-1","max-image-preview":"max-image-preview:large","max-video-preview":"max-video-preview:-1"},"canonical":"https:\/\/www.dynseo.com\/pt-pt\/pos-avc-reabilitacao-em-casa-ou-em-centro-de-cuidados\/","og_locale":"pt_PT","og_type":"article","og_title":"P\u00f3s-AVC: reabilita\u00e7\u00e3o em casa ou em centro de cuidados - DYNSEO - Aplica\u00e7\u00f5es educativas e jogos de mem\u00f3ria","og_url":"https:\/\/www.dynseo.com\/pt-pt\/pos-avc-reabilitacao-em-casa-ou-em-centro-de-cuidados\/","og_site_name":"DYNSEO - Aplica\u00e7\u00f5es educativas e jogos de mem\u00f3ria","article_published_time":"2026-04-30T12:29:19+00:00","article_modified_time":"2026-04-30T12:34:55+00:00","og_image":[{"width":1024,"height":768,"url":"https:\/\/www.dynseo.com\/wp-content\/uploads\/2024\/03\/avc-prevention-et-pertes-de-memoires-1024x768.png","type":"image\/png"}],"author":"DYNSEO","twitter_misc":{"Escrito por":"DYNSEO","Tempo estimado de leitura":"26 minutos"},"schema":{"@context":"https:\/\/schema.org","@graph":[{"@type":"Article","@id":"https:\/\/www.dynseo.com\/pt-pt\/pos-avc-reabilitacao-em-casa-ou-em-centro-de-cuidados\/#article","isPartOf":{"@id":"https:\/\/www.dynseo.com\/pt-pt\/pos-avc-reabilitacao-em-casa-ou-em-centro-de-cuidados\/"},"author":{"name":"DYNSEO","@id":"https:\/\/www.dynseo.com\/pt-pt\/#\/schema\/person\/78ef63df2ee64e0989bc68f8401b38d6"},"headline":"P\u00f3s-AVC: reabilita\u00e7\u00e3o em casa ou em centro de cuidados","datePublished":"2026-04-30T12:29:19+00:00","dateModified":"2026-04-30T12:34:55+00:00","mainEntityOfPage":{"@id":"https:\/\/www.dynseo.com\/pt-pt\/pos-avc-reabilitacao-em-casa-ou-em-centro-de-cuidados\/"},"wordCount":5143,"publisher":{"@id":"https:\/\/www.dynseo.com\/pt-pt\/#organization"},"image":{"@id":"https:\/\/www.dynseo.com\/pt-pt\/pos-avc-reabilitacao-em-casa-ou-em-centro-de-cuidados\/#primaryimage"},"thumbnailUrl":"https:\/\/www.dynseo.com\/wp-content\/uploads\/2024\/03\/avc-prevention-et-pertes-de-memoires.png","articleSection":["Les conseils des coachs"],"inLanguage":"pt-PT"},{"@type":"WebPage","@id":"https:\/\/www.dynseo.com\/pt-pt\/pos-avc-reabilitacao-em-casa-ou-em-centro-de-cuidados\/","url":"https:\/\/www.dynseo.com\/pt-pt\/pos-avc-reabilitacao-em-casa-ou-em-centro-de-cuidados\/","name":"P\u00f3s-AVC: reabilita\u00e7\u00e3o em casa ou em centro de cuidados - DYNSEO - Aplica\u00e7\u00f5es educativas e jogos de mem\u00f3ria","isPartOf":{"@id":"https:\/\/www.dynseo.com\/pt-pt\/#website"},"primaryImageOfPage":{"@id":"https:\/\/www.dynseo.com\/pt-pt\/pos-avc-reabilitacao-em-casa-ou-em-centro-de-cuidados\/#primaryimage"},"image":{"@id":"https:\/\/www.dynseo.com\/pt-pt\/pos-avc-reabilitacao-em-casa-ou-em-centro-de-cuidados\/#primaryimage"},"thumbnailUrl":"https:\/\/www.dynseo.com\/wp-content\/uploads\/2024\/03\/avc-prevention-et-pertes-de-memoires.png","datePublished":"2026-04-30T12:29:19+00:00","dateModified":"2026-04-30T12:34:55+00:00","breadcrumb":{"@id":"https:\/\/www.dynseo.com\/pt-pt\/pos-avc-reabilitacao-em-casa-ou-em-centro-de-cuidados\/#breadcrumb"},"inLanguage":"pt-PT","potentialAction":[{"@type":"ReadAction","target":["https:\/\/www.dynseo.com\/pt-pt\/pos-avc-reabilitacao-em-casa-ou-em-centro-de-cuidados\/"]}]},{"@type":"ImageObject","inLanguage":"pt-PT","@id":"https:\/\/www.dynseo.com\/pt-pt\/pos-avc-reabilitacao-em-casa-ou-em-centro-de-cuidados\/#primaryimage","url":"https:\/\/www.dynseo.com\/wp-content\/uploads\/2024\/03\/avc-prevention-et-pertes-de-memoires.png","contentUrl":"https:\/\/www.dynseo.com\/wp-content\/uploads\/2024\/03\/avc-prevention-et-pertes-de-memoires.png","width":2000,"height":1500,"caption":"Tablet terap\u00eautico: uma ferramenta l\u00fadica e eficaz para o cuidado e a estimula\u00e7\u00e3o infantil"},{"@type":"BreadcrumbList","@id":"https:\/\/www.dynseo.com\/pt-pt\/pos-avc-reabilitacao-em-casa-ou-em-centro-de-cuidados\/#breadcrumb","itemListElement":[{"@type":"ListItem","position":1,"name":"Accueil","item":"https:\/\/www.dynseo.com\/pt-pt\/"},{"@type":"ListItem","position":2,"name":"P\u00f3s-AVC: reabilita\u00e7\u00e3o em casa ou em centro de cuidados"}]},{"@type":"WebSite","@id":"https:\/\/www.dynseo.com\/pt-pt\/#website","url":"https:\/\/www.dynseo.com\/pt-pt\/","name":"Jeux de m\u00e9moire et stimulation cognitive","description":"Entra\u00eenez votre m\u00e9moire et votre cerveau avec DYNSEO","publisher":{"@id":"https:\/\/www.dynseo.com\/pt-pt\/#organization"},"potentialAction":[{"@type":"SearchAction","target":{"@type":"EntryPoint","urlTemplate":"https:\/\/www.dynseo.com\/pt-pt\/?s={search_term_string}"},"query-input":{"@type":"PropertyValueSpecification","valueRequired":true,"valueName":"search_term_string"}}],"inLanguage":"pt-PT"},{"@type":"Organization","@id":"https:\/\/www.dynseo.com\/pt-pt\/#organization","name":"DYNSEO","url":"https:\/\/www.dynseo.com\/pt-pt\/","logo":{"@type":"ImageObject","inLanguage":"pt-PT","@id":"https:\/\/www.dynseo.com\/pt-pt\/#\/schema\/logo\/image\/","url":"https:\/\/www.dynseo.com\/wp-content\/uploads\/2022\/05\/logo-dynseo-new.png","contentUrl":"https:\/\/www.dynseo.com\/wp-content\/uploads\/2022\/05\/logo-dynseo-new.png","width":5073,"height":1397,"caption":"DYNSEO"},"image":{"@id":"https:\/\/www.dynseo.com\/pt-pt\/#\/schema\/logo\/image\/"}},{"@type":"Person","@id":"https:\/\/www.dynseo.com\/pt-pt\/#\/schema\/person\/78ef63df2ee64e0989bc68f8401b38d6","name":"DYNSEO","url":"https:\/\/www.dynseo.com\/pt-pt\/author\/justine\/"}]}},"_links":{"self":[{"href":"https:\/\/www.dynseo.com\/pt-pt\/wp-json\/wp\/v2\/posts\/572963","targetHints":{"allow":["GET"]}}],"collection":[{"href":"https:\/\/www.dynseo.com\/pt-pt\/wp-json\/wp\/v2\/posts"}],"about":[{"href":"https:\/\/www.dynseo.com\/pt-pt\/wp-json\/wp\/v2\/types\/post"}],"author":[{"embeddable":true,"href":"https:\/\/www.dynseo.com\/pt-pt\/wp-json\/wp\/v2\/users\/4"}],"replies":[{"embeddable":true,"href":"https:\/\/www.dynseo.com\/pt-pt\/wp-json\/wp\/v2\/comments?post=572963"}],"version-history":[{"count":15,"href":"https:\/\/www.dynseo.com\/pt-pt\/wp-json\/wp\/v2\/posts\/572963\/revisions"}],"predecessor-version":[{"id":572978,"href":"https:\/\/www.dynseo.com\/pt-pt\/wp-json\/wp\/v2\/posts\/572963\/revisions\/572978"}],"wp:featuredmedia":[{"embeddable":true,"href":"https:\/\/www.dynseo.com\/pt-pt\/wp-json\/wp\/v2\/media\/120812"}],"wp:attachment":[{"href":"https:\/\/www.dynseo.com\/pt-pt\/wp-json\/wp\/v2\/media?parent=572963"}],"wp:term":[{"taxonomy":"category","embeddable":true,"href":"https:\/\/www.dynseo.com\/pt-pt\/wp-json\/wp\/v2\/categories?post=572963"},{"taxonomy":"post_tag","embeddable":true,"href":"https:\/\/www.dynseo.com\/pt-pt\/wp-json\/wp\/v2\/tags?post=572963"}],"curies":[{"name":"wp","href":"https:\/\/api.w.org\/{rel}","templated":true}]}}