{"id":573140,"date":"2026-04-30T19:36:04","date_gmt":"2026-04-30T17:36:04","guid":{"rendered":"https:\/\/www.dynseo.com\/comment-expliquer-et-combattre-les-vertiges-des-enfants-2\/"},"modified":"2026-04-30T19:41:55","modified_gmt":"2026-04-30T17:41:55","slug":"como-explicar-e-combater-os-vertigens-das-criancas","status":"publish","type":"post","link":"https:\/\/www.dynseo.com\/pt-pt\/como-explicar-e-combater-os-vertigens-das-criancas\/","title":{"rendered":"Como explicar e combater os vertigens das crian\u00e7as?"},"content":{"rendered":"<p>[et_pb_section fb_built=&#8221;1&#8243; _builder_version=&#8221;4.16&#8243; custom_padding=&#8221;0px|0px|0px|0px|false|false&#8221; margin_top=&#8221;0px&#8221; margin_bottom=&#8221;0px&#8221; global_colors_info=&#8221;{}&#8221;][et_pb_row _builder_version=&#8221;4.16&#8243; custom_padding=&#8221;0px|0px|0px|0px|false|false&#8221; margin_top=&#8221;0px&#8221; margin_bottom=&#8221;0px&#8221; column_structure=&#8221;4_4&#8243; global_colors_info=&#8221;{}&#8221;][et_pb_column type=&#8221;4_4&#8243; _builder_version=&#8221;4.16&#8243; custom_padding=&#8221;0px|0px|0px|0px|false|false&#8221; global_colors_info=&#8221;{}&#8221;][et_pb_code _builder_version=&#8221;4.16&#8243; custom_padding=&#8221;0px|0px|0px|0px|false|false&#8221; global_colors_info=&#8221;{}&#8221;]<!DOCTYPE html><br \/>\n<html lang=\"fr\"><br \/>\n<head><br \/>\n    <meta charset=\"UTF-8\"><br \/>\n    <meta name=\"viewport\" content=\"width=device-width, initial-scale=1.0\"><br \/>\n    <title>Comment expliquer et combattre les vertiges chez les enfants ? | DYNSEO<\/title><br \/>\n    <meta name=\"description\" content=\"Guide complet pour comprendre, diagnostiquer et traiter les vertiges p\u00e9diatriques. Solutions pratiques, exercices et conseils d'experts pour accompagner votre enfant.\"><\/p>\n<link rel=\"preconnect\" href=\"https:\/\/fonts.googleapis.com\">\n    <link rel=\"preconnect\" href=\"https:\/\/fonts.gstatic.com\" crossorigin>\n    <link href=\"https:\/\/fonts.googleapis.com\/css2?family=Montserrat:wght@400;500;600;700&#038;family=Poppins:wght@300;400;500;600&#038;display=swap\" rel=\"stylesheet\">\n<style>\n        :root {\n            --primary-blue: #5e5ed7;\n            --dark-blue: #5268c9;\n            --teal: #a9e2e4;\n            --yellow: #ffeca7;\n            --pink: #e73469;\n            --white: #ffffff;\n            --light-gray: #f8f9fa;\n            --gray: #6c757d;\n            --dark-gray: #343a40;\n        }<\/p>\n<p>        * {\n            margin: 0;\n            padding: 0;\n            box-sizing: border-box;\n        }<\/p>\n<p>        body {\n            font-family: 'Poppins', sans-serif;\n            line-height: 1.6;\n            color: var(--dark-gray);\n            background: var(--white);\n        }<\/p>\n<p>        .article-hero {\n            background: linear-gradient(135deg, var(--primary-blue) 0%, var(--dark-blue) 100%);\n            color: var(--white);\n            padding: 60px 0 100px;\n            position: relative;\n            overflow: hidden;\n        }<\/p>\n<p>        .article-hero-inner {\n            max-width: 1200px;\n            margin: 0 auto;\n            padding: 0 20px;\n            position: relative;\n            z-index: 2;\n        }<\/p>\n<p>        .article-breadcrumb {\n            font-size: 14px;\n            margin-bottom: 20px;\n            opacity: 0.9;\n        }<\/p>\n<p>        .article-breadcrumb a {\n            color: var(--white);\n            text-decoration: none;\n        }<\/p>\n<p>        .article-category {\n            display: inline-block;\n            background: rgba(255, 255, 255, 0.2);\n            padding: 8px 16px;\n            border-radius: 25px;\n            font-size: 14px;\n            font-weight: 500;\n            margin-bottom: 20px;\n            backdrop-filter: blur(10px);\n        }<\/p>\n<p>        .article-hero h1 {\n            font-family: 'Montserrat', sans-serif;\n            font-size: 2.5rem;\n            font-weight: 700;\n            line-height: 1.2;\n            margin-bottom: 20px;\n        }<\/p>\n<p>        .hl {\n            background: linear-gradient(45deg, var(--yellow), var(--teal));\n            color: var(--dark-gray);\n            padding: 4px 8px;\n            border-radius: 6px;\n            font-weight: 600;\n        }<\/p>\n<p>        .article-meta {\n            display: flex;\n            gap: 30px;\n            margin-bottom: 30px;\n            font-size: 14px;\n        }<\/p>\n<p>        .article-meta div {\n            display: flex;\n            align-items: center;\n            gap: 8px;\n        }<\/p>\n<p>        .stars {\n            color: var(--yellow);\n            font-size: 16px;\n        }<\/p>\n<p>        .article-hero-curve {\n            position: absolute;\n            bottom: -1px;\n            left: 0;\n            width: 100%;\n            height: 60px;\n            background: var(--white);\n            border-radius: 50% 50% 0 0 \/ 100% 100% 0 0;\n        }<\/p>\n<p>        .article-body {\n            padding: 60px 0;\n        }<\/p>\n<p>        .container {\n            max-width: 1200px;\n            margin: 0 auto;\n            padding: 0 20px;\n        }<\/p>\n<p>        .intro-block {\n            background: linear-gradient(135deg, var(--light-gray) 0%, rgba(169, 226, 228, 0.1) 100%);\n            border-left: 5px solid var(--primary-blue);\n            padding: 30px;\n            border-radius: 10px;\n            margin-bottom: 50px;\n            font-size: 1.1rem;\n            line-height: 1.7;\n        }<\/p>\n<p>        .stats-grid {\n            display: grid;\n            grid-template-columns: repeat(auto-fit, minmax(250px, 1fr));\n            gap: 30px;\n            margin: 50px 0;\n        }<\/p>\n<p>        .stat-card {\n            background: var(--white);\n            padding: 30px;\n            border-radius: 15px;\n            text-align: center;\n            box-shadow: 0 10px 30px rgba(0,0,0,0.1);\n            border-top: 4px solid var(--primary-blue);\n            transition: transform 0.3s ease;\n        }<\/p>\n<p>        .stat-card:hover {\n            transform: translateY(-5px);\n        }<\/p>\n<p>        .stat-card .number {\n            font-family: 'Montserrat', sans-serif;\n            font-size: 2.5rem;\n            font-weight: 700;\n            color: var(--primary-blue);\n            display: block;\n            margin-bottom: 10px;\n        }<\/p>\n<p>        .stat-card .label {\n            font-weight: 500;\n            color: var(--gray);\n        }<\/p>\n<p>        .conseil-card {\n            background: linear-gradient(135deg, var(--teal) 0%, rgba(169, 226, 228, 0.3) 100%);\n            padding: 25px;\n            border-radius: 12px;\n            margin: 25px 0;\n            border-left: 5px solid var(--dark-blue);\n        }<\/p>\n<p>        .conseil-card h4 {\n            font-family: 'Montserrat', sans-serif;\n            color: var(--dark-blue);\n            margin-bottom: 15px;\n            display: flex;\n            align-items: center;\n            gap: 10px;\n        }<\/p>\n<p>        .key-points {\n            background: var(--light-gray);\n            padding: 25px;\n            border-radius: 12px;\n            margin: 25px 0;\n        }<\/p>\n<p>        .key-points ul {\n            list-style: none;\n            margin-left: 0;\n        }<\/p>\n<p>        .key-points li {\n            padding: 8px 0;\n            padding-left: 30px;\n            position: relative;\n        }<\/p>\n<p>        .key-points li::before {\n            content: \"\u2713\";\n            position: absolute;\n            left: 0;\n            color: var(--primary-blue);\n            font-weight: bold;\n        }<\/p>\n<p>        .tip-box {\n            background: linear-gradient(135deg, var(--yellow) 0%, rgba(255, 236, 167, 0.3) 100%);\n            padding: 20px;\n            border-radius: 10px;\n            margin: 20px 0;\n            border: 1px solid rgba(255, 236, 167, 0.5);\n        }<\/p>\n<p>        .tip-box-label {\n            font-weight: 600;\n            color: var(--dark-gray);\n            margin-bottom: 10px;\n            display: flex;\n            align-items: center;\n            gap: 8px;\n        }<\/p>\n<p>        .expert-box {\n            background: linear-gradient(135deg, rgba(94, 94, 215, 0.1) 0%, rgba(82, 104, 201, 0.05) 100%);\n            border: 1px solid var(--primary-blue);\n            border-radius: 12px;\n            padding: 25px;\n            margin: 25px 0;\n        }<\/p>\n<p>        .expert-box-label {\n            font-size: 12px;\n            text-transform: uppercase;\n            color: var(--primary-blue);\n            font-weight: 600;\n            margin-bottom: 8px;\n        }<\/p>\n<p>        .expert-box-title {\n            font-family: 'Montserrat', sans-serif;\n            font-size: 1.1rem;\n            font-weight: 600;\n            color: var(--dark-blue);\n            margin-bottom: 15px;\n        }<\/p>\n<p>        .expert-inner {\n            background: var(--white);\n            border-radius: 8px;\n            padding: 20px;\n            margin: 15px 0;\n            border-left: 4px solid var(--teal);\n        }<\/p>\n<p>        .expert-inner-title {\n            font-weight: 600;\n            color: var(--dark-blue);\n            margin-bottom: 10px;\n        }<\/p>\n<p>        .faq-list {\n            margin: 40px 0;\n        }<\/p>\n<p>        .faq-item {\n            border: 1px solid #e9ecef;\n            border-radius: 8px;\n            margin-bottom: 10px;\n            overflow: hidden;\n        }<\/p>\n<p>        .faq-q {\n            padding: 20px;\n            background: var(--light-gray);\n            cursor: pointer;\n            display: flex;\n            justify-content: space-between;\n            align-items: center;\n            font-weight: 500;\n            transition: background-color 0.3s ease;\n        }<\/p>\n<p>        .faq-q:hover {\n            background: rgba(94, 94, 215, 0.1);\n        }<\/p>\n<p>        .faq-icon {\n            font-size: 20px;\n            color: var(--primary-blue);\n            transition: transform 0.3s ease;\n        }<\/p>\n<p>        .faq-item.open .faq-icon {\n            transform: rotate(45deg);\n        }<\/p>\n<p>        .faq-a {\n            padding: 0 20px;\n            max-height: 0;\n            overflow: hidden;\n            transition: all 0.3s ease;\n            background: var(--white);\n        }<\/p>\n<p>        .faq-item.open .faq-a {\n            padding: 20px;\n            max-height: 500px;\n        }<\/p>\n<p>        .cta-box {\n            background: linear-gradient(135deg, var(--primary-blue) 0%, var(--dark-blue) 100%);\n            color: var(--white);\n            padding: 40px;\n            border-radius: 15px;\n            text-align: center;\n            margin: 50px 0;\n        }<\/p>\n<p>        .cta-buttons {\n            display: flex;\n            gap: 20px;\n            justify-content: center;\n            margin-top: 25px;\n            flex-wrap: wrap;\n        }<\/p>\n<p>        .btn-white {\n            background: var(--white);\n            color: var(--primary-blue);\n            padding: 15px 30px;\n            border-radius: 50px;\n            text-decoration: none;\n            font-weight: 600;\n            transition: transform 0.3s ease;\n            display: inline-block;\n        }<\/p>\n<p>        .btn-white:hover {\n            transform: translateY(-2px);\n        }<\/p>\n<p>        .btn-outline {\n            background: transparent;\n            color: var(--white);\n            border: 2px solid var(--white);\n            padding: 13px 30px;\n            border-radius: 50px;\n            text-decoration: none;\n            font-weight: 600;\n            transition: all 0.3s ease;\n            display: inline-block;\n        }<\/p>\n<p>        .btn-outline:hover {\n            background: var(--white);\n            color: var(--primary-blue);\n        }<\/p>\n<p>        .article-tags {\n            margin: 40px 0;\n            text-align: center;\n        }<\/p>\n<p>        .article-tag {\n            display: inline-block;\n            background: var(--light-gray);\n            color: var(--gray);\n            padding: 8px 16px;\n            border-radius: 20px;\n            margin: 5px;\n            font-size: 14px;\n            text-decoration: none;\n            transition: all 0.3s ease;\n        }<\/p>\n<p>        .article-tag:hover {\n            background: var(--primary-blue);\n            color: var(--white);\n        }<\/p>\n<p>        h2 {\n            font-family: 'Montserrat', sans-serif;\n            font-size: 1.8rem;\n            font-weight: 600;\n            color: var(--dark-blue);\n            margin: 40px 0 20px;\n            padding-bottom: 10px;\n            border-bottom: 3px solid var(--teal);\n        }<\/p>\n<p>        h3 {\n            font-family: 'Montserrat', sans-serif;\n            font-size: 1.3rem;\n            font-weight: 600;\n            color: var(--dark-blue);\n            margin: 25px 0 15px;\n        }<\/p>\n<p>        p {\n            margin-bottom: 15px;\n            line-height: 1.7;\n        }<\/p>\n<p>        table {\n            width: 100%;\n            border-collapse: collapse;\n            margin: 25px 0;\n            background: var(--white);\n            border-radius: 8px;\n            overflow: hidden;\n            box-shadow: 0 2px 10px rgba(0,0,0,0.1);\n        }<\/p>\n<p>        th {\n            background: var(--primary-blue);\n            color: var(--white);\n            padding: 15px;\n            font-weight: 600;\n            text-align: left;\n        }<\/p>\n<p>        td {\n            padding: 15px;\n            border-bottom: 1px solid #e9ecef;\n        }<\/p>\n<p>        tr:last-child td {\n            border-bottom: none;\n        }<\/p>\n<p>        tr:nth-child(even) {\n            background: var(--light-gray);\n        }<\/p>\n<p>        @media (max-width: 768px) {\n            .article-hero h1 {\n                font-size: 2rem;\n            }<\/p>\n<p>            .article-meta {\n                flex-direction: column;\n                gap: 15px;\n            }<\/p>\n<p>            .cta-buttons {\n                flex-direction: column;\n                align-items: center;\n            }<\/p>\n<p>            .stats-grid {\n                grid-template-columns: 1fr;\n            }\n        }\n    <\/style>\n<p><\/head><br \/>\n<body><\/p>\n<section class=\"article-hero\">\n<div class=\"article-hero-inner\">\n<nav class=\"article-breadcrumb\">\n            <a href=\"\/\">In\u00edcio<\/a> \/ <a href=\"\/blog\">Blog<\/a> \/ <a href=\"\/sante-enfant\">Sa\u00fade infantil<\/a> \/ Vertigens em crian\u00e7as<br \/>\n        <\/nav>\n<div class=\"article-category\">\ud83e\udde0 Sa\u00fade cognitiva<\/div>\n<h1>Como explicar e combater os <span class=\"hl\">vertigens em crian\u00e7as<\/span>?<\/h1>\n<div class=\"article-meta\">\n<div>\ud83d\udcc5 Abril 2026<\/div>\n<div>\u23f1\ufe0f 15 min de leitura<\/div>\n<div>\ud83d\udc65 Pais e profissionais<\/div>\n<div class=\"stars\">\u2b50 4.8\/5<\/div>\n<\/p><\/div>\n<\/p><\/div>\n<div class=\"article-hero-curve\"><\/div>\n<\/section>\n<div class=\"article-body\">\n<div class=\"container\">\n<div class=\"intro-block\">\n            Os vertigens em crian\u00e7as s\u00e3o mais frequentes do que se pensa e muitas vezes subdiagnosticados. Quando uma crian\u00e7a diz que est\u00e1 com &#8220;a cabe\u00e7a girando&#8221;, os pais podem se sentir desamparados diante dessa situa\u00e7\u00e3o desconcertante. Trata-se de um simples mal-estar passageiro ou de um problema mais s\u00e9rio que requer uma consulta m\u00e9dica? Essa sensa\u00e7\u00e3o de vertigem pode ter m\u00faltiplas origens e impactar significativamente o cotidiano da crian\u00e7a, desde suas atividades escolares at\u00e9 sua vida social. Este artigo ajuda voc\u00ea a entender os mecanismos complexos dos vertigens pedi\u00e1tricos, a reconhecer os sinais de alerta que devem preocupar voc\u00ea e, sobretudo, a descobrir solu\u00e7\u00f5es concretas e eficazes para acompanhar seu filho em dire\u00e7\u00e3o a um bem-estar duradouro. Nossa abordagem combina expertise m\u00e9dica, conselhos pr\u00e1ticos e ferramentas l\u00fadicas para transformar essa prova em uma oportunidade de aprendizado e fortalecimento do v\u00ednculo entre pais e filhos.\n        <\/div>\n<div class=\"stats-grid\">\n<div class=\"stat-card\">\n                <span class=\"number\">5-10%<\/span><br \/>\n                <span class=\"label\">das crian\u00e7as ter\u00e3o pelo menos um epis\u00f3dio de vertigem antes dos 10 anos<\/span>\n            <\/div>\n<div class=\"stat-card\">\n                <span class=\"number\">70%<\/span><br \/>\n                <span class=\"label\">dos vertigens pedi\u00e1tricos s\u00e3o de origem benigna<\/span>\n            <\/div>\n<div class=\"stat-card\">\n                <span class=\"number\">2-6 anos<\/span><br \/>\n                <span class=\"label\">idade mais frequente para o vertigem parox\u00edstico benigno<\/span>\n            <\/div>\n<div class=\"stat-card\">\n                    <span class=\"number\">80%<\/span><br \/>\n                    <span class=\"label\">de efic\u00e1cia da reabilita\u00e7\u00e3o vestibular na crian\u00e7a<\/span>\n                <\/div>\n<\/p><\/div>\n<h2>1. \ud83e\udde0 Compreender os mecanismos das vertigens na crian\u00e7a<\/h2>\n<pee>A vertigem \u00e9 muito mais do que uma simples sensa\u00e7\u00e3o de tontura. Trata-se de uma ilus\u00e3o de movimento complexa onde a crian\u00e7a tem a impress\u00e3o de que tudo gira ao seu redor, ou que ela mesma est\u00e1 girando no espa\u00e7o, enquanto est\u00e1 perfeitamente im\u00f3vel. Essa sensa\u00e7\u00e3o resulta de um mau funcionamento nos sistemas respons\u00e1veis pelo equil\u00edbrio, criando uma contradi\u00e7\u00e3o entre as informa\u00e7\u00f5es sensoriais recebidas pelo c\u00e9rebro.<\/pee>\n<pee>Nosso sistema de equil\u00edbrio repousa sobre tr\u00eas pilares fundamentais que trabalham em perfeita harmonia: o sistema vestibular do ouvido interno que detecta os movimentos e a orienta\u00e7\u00e3o da cabe\u00e7a, o sistema visual que nos informa sobre nossa posi\u00e7\u00e3o no espa\u00e7o, e a propriocep\u00e7\u00e3o que nos informa sobre a posi\u00e7\u00e3o do nosso corpo atrav\u00e9s dos sensores presentes em nossos m\u00fasculos e articula\u00e7\u00f5es. Na crian\u00e7a, esses sistemas ainda est\u00e3o em matura\u00e7\u00e3o, o que pode explicar uma maior vulnerabilidade aos dist\u00farbios de equil\u00edbrio.<\/pee>\n<pee>A particularidade pedi\u00e1trica reside no fato de que o c\u00e9rebro da crian\u00e7a possui uma plasticidade excepcional, permitindo-lhe compensar mais rapidamente do que o adulto certos mau funcionamentos vestibulares. Essa capacidade de adapta\u00e7\u00e3o not\u00e1vel explica por que a reabilita\u00e7\u00e3o vestibular \u00e9 particularmente eficaz em pacientes jovens, com taxas de sucesso muitas vezes superiores a 80%.<\/pee>\n<div class=\"expert-box\">\n<div class=\"expert-box-label\">EXPERTISE M\u00c9DICA<\/div>\n<div class=\"expert-box-title\">O desenvolvimento do sistema vestibular na crian\u00e7a<\/div>\n<div class=\"expert-inner\">\n<div class=\"expert-inner-title\">Matura\u00e7\u00e3o progressiva<\/div>\n<pee>O sistema vestibular come\u00e7a seu desenvolvimento ainda na vida embrion\u00e1ria, mas continua sua matura\u00e7\u00e3o at\u00e9 a adolesc\u00eancia. Essa evolu\u00e7\u00e3o explica por que certos tipos de vertigens s\u00e3o mais frequentes em determinadas idades e podem desaparecer espontaneamente com o crescimento.<\/pee>\n                <\/div>\n<\/p><\/div>\n<div class=\"conseil-card\">\n<h4>\ud83d\udd0d Distinguir vertigem e outras sensa\u00e7\u00f5es<\/h4>\n<pee>\u00c9 crucial diferenciar uma verdadeira vertigem (sensa\u00e7\u00e3o de rota\u00e7\u00e3o) de uma simples tontura (sensa\u00e7\u00e3o de cabe\u00e7a leve) ou de um desequil\u00edbrio (instabilidade sem rota\u00e7\u00e3o). Essa distin\u00e7\u00e3o orienta o diagn\u00f3stico e o tratamento. Ajude seu filho a descrever precisamente o que ele sente usando met\u00e1foras simples: &#8220;Voc\u00ea tem a impress\u00e3o de estar em um carrossel que gira?&#8221;<\/pee>\n            <\/div>\n<div class=\"tip-box\">\n<div class=\"tip-box-label\">\ud83d\udca1 Dica pr\u00e1tica<\/div>\n<pee>Para ajudar seu filho a expressar melhor suas sensa\u00e7\u00f5es, utilize suportes visuais: mostre-lhe um pi\u00e3o que gira para ilustrar a vertigem, ou fa\u00e7a-o andar sobre uma linha imagin\u00e1ria para testar seu equil\u00edbrio. Esses exerc\u00edcios simples ajudar\u00e3o voc\u00ea a entender melhor seus sintomas.<\/pee>\n            <\/div>\n<h2>2. \ud83d\udd0d As principais causas das vertigens pedi\u00e1tricas<\/h2>\n<pee>As origens das vertigens na crian\u00e7a s\u00e3o m\u00faltiplas e variadas, indo de causas perfeitamente benignas a patologias que necessitam de um acompanhamento especializado. A compreens\u00e3o dessas diferentes etiologias permite que os pais adotem a atitude correta diante dos sintomas e saibam quando se preocupar legitimamente.<\/pee>\n<pee>A vertigem parox\u00edstica benigna da inf\u00e2ncia representa a causa mais frequente entre 2 a 6 anos. Essas crises espetaculares, mas felizmente breves, se caracterizam pela sua ocorr\u00eancia s\u00fabita, muitas vezes acompanhadas de uma palidez intensa e, \u00e0s vezes, de v\u00f4mitos. A crian\u00e7a pode se agarrar desesperadamente a um adulto ou sentar-se abruptamente, parecendo aterrorizada por essa sensa\u00e7\u00e3o que n\u00e3o compreende. Entre os epis\u00f3dios, a crian\u00e7a retorna a um estado perfeitamente normal, o que tranquiliza sobre o car\u00e1ter benigno dessa condi\u00e7\u00e3o.<\/pee>\n<pee>As otites, particularmente frequentes na inf\u00e2ncia, constituem outra causa importante de vertigens pedi\u00e1tricas. A infec\u00e7\u00e3o pode atingir o ouvido m\u00e9dio ou se estender ao ouvido interno, perturbando diretamente o sistema vestibular. A presen\u00e7a simult\u00e2nea de dores auriculares, febre ou secre\u00e7\u00f5es rapidamente orienta o diagn\u00f3stico para essa origem infecciosa, geralmente facilmente trat\u00e1vel.<\/pee>\n<div class=\"key-points\">\n<h3>\ud83c\udfaf Causas frequentes por ordem de frequ\u00eancia<\/h3>\n<ul>\n<li>Vertigem parox\u00edstica benigna da inf\u00e2ncia (VPBE) &#8211; 2 a 6 anos<\/li>\n<li>Enxaqueca vestibular &#8211; todas as idades, hist\u00f3rico familiar<\/li>\n<li>Otites m\u00e9dias e labirintites &#8211; pico entre 2-3 anos<\/li>\n<li>Hipotens\u00e3o ortost\u00e1tica &#8211; adolescentes em crescimento<\/li>\n<li>Ansiedade e estresse &#8211; crescente com a idade escolar<\/li>\n<li>VPPB (Vertigem Posicional Parox\u00edstica Benigna) &#8211; mais rara<\/li>\n<\/ul><\/div>\n<div class=\"expert-box\">\n<div class=\"expert-box-label\">FOCO CL\u00cdNICO<\/div>\n<div class=\"expert-box-title\">A enxaqueca vestibular na crian\u00e7a<\/div>\n<pee>Frequentemente desconhecida, a enxaqueca vestibular pode se manifestar apenas por vertigens, sem cefaleias. Ela afeta particularmente crian\u00e7as com hist\u00f3rico familiar de enxaquecas e pode evoluir para uma forma cl\u00e1ssica na adolesc\u00eancia.<\/pee>\n<div class=\"expert-inner\">\n<div class=\"expert-inner-title\">Sinais evocativos<\/div>\n<pee>Tonturas recorrentes associadas a uma sensibilidade ao barulho e \u00e0 luz, n\u00e1useas, fadiga incomum, e frequentemente uma melhora no sil\u00eancio e na escurid\u00e3o.<\/pee>\n                <\/div>\n<\/p><\/div>\n<h2>3. \ud83d\udc76 Reconhecer os sintomas de acordo com a idade da crian\u00e7a<\/h2>\n<pee>A express\u00e3o das tonturas varia consideravelmente de acordo com a idade da crian\u00e7a, e essa diferen\u00e7a de desenvolvimento constitui um dos principais desafios do diagn\u00f3stico pedi\u00e1trico. Quanto mais jovem a crian\u00e7a, mais as manifesta\u00e7\u00f5es podem ser at\u00edpicas e dif\u00edceis de interpretar, exigindo uma observa\u00e7\u00e3o atenta dos pais e uma especializa\u00e7\u00e3o m\u00e9dica.<\/pee>\n<pee>Na primeira inf\u00e2ncia (0-2 anos), as tonturas raramente se traduzem em uma verbaliza\u00e7\u00e3o clara da sensa\u00e7\u00e3o. A crian\u00e7a pode apresentar choros inexplic\u00e1veis e inconsol\u00e1veis, um agarrar repentino e desesperado aos adultos, ou uma recusa categ\u00f3rica de ser colocada no ch\u00e3o. A palidez s\u00fabita, o suor, os v\u00f4mitos sem contexto infeccioso, e sobretudo uma mudan\u00e7a brusca de comportamento com imobiliza\u00e7\u00e3o podem ser os \u00fanicos ind\u00edcios da exist\u00eancia de uma tontura.<\/pee>\n<pee>A crian\u00e7a em idade pr\u00e9-escolar (2-5 anos) come\u00e7a a conseguir expressar suas sensa\u00e7\u00f5es de maneira mais expl\u00edcita, embora o vocabul\u00e1rio permane\u00e7a limitado. Ela pode de repente sentar-se durante os jogos, agarrar-se aos m\u00f3veis, ou expressar um desconforto com frases simples como &#8220;est\u00e1 girando&#8221; ou &#8220;estou com dor de barriga&#8221;. Essa faixa et\u00e1ria corresponde ao pico da tontura parox\u00edstica benigna da inf\u00e2ncia, da\u00ed a import\u00e2ncia de reconhecer essas manifesta\u00e7\u00f5es.<\/pee>\n<div class=\"conseil-card\">\n<h4>\ud83d\udd0e Observar os sinais n\u00e3o-verbais na crian\u00e7a pequena<\/h4>\n<pee>Em crian\u00e7as que ainda n\u00e3o falam, fique atento \u00e0s mudan\u00e7as de comportamento: recusa repentina de andar, busca constante de apoio, modifica\u00e7\u00e3o dos h\u00e1bitos de brincadeira. Uma crian\u00e7a que evita repentinamente o balan\u00e7o ou o escorregador pode estar expressando suas tonturas. Documente essas observa\u00e7\u00f5es para o m\u00e9dico.<\/pee>\n            <\/div>\n<div class=\"tip-box\">\n<div class=\"tip-box-label\">\ud83d\udcf1 Aplicativo COCO PENSA e COCO SE MEXE<\/div>\n<pee>Nosso aplicativo <a href=\"https:\/\/www.dynseo.com\/pt-pt\/coco-pensa-e-coco-se-mexe\/\" style=\"color: var(--primary-blue); font-weight: 600;\">COCO<\/a> prop\u00f5e jogos de equil\u00edbrio adaptados que podem ajudar a detectar discretamente eventuais dist\u00farbios na crian\u00e7a, enquanto refor\u00e7a suas capacidades vestibulares de maneira l\u00fadica.<\/pee>\n            <\/div>\n<h2>4. \ud83d\udea8 Sinais de alarme: quando consultar em urg\u00eancia<\/h2>\n<pee>Se a maioria dos vertigens pedi\u00e1tricos resulta de causas benignas, algumas situa\u00e7\u00f5es constituem verdadeiras urg\u00eancias m\u00e9dicas que necessitam de atendimento imediato. O conhecimento desses sinais de alarme pode permitir que os pais reajam rapidamente e de forma apropriada diante de sintomas potencialmente graves.<\/pee>\n<pee>Todo vertigem que ocorre ap\u00f3s um traumatismo craniano, mesmo aparentemente menor, deve obrigatoriamente levar a uma consulta urgente. O c\u00e9rebro da crian\u00e7a \u00e9 particularmente vulner\u00e1vel a choques, e les\u00f5es internas podem se desenvolver v\u00e1rias horas ap\u00f3s o impacto inicial. Da mesma forma, a associa\u00e7\u00e3o de vertigem e dores de cabe\u00e7a intensas, especialmente se estas forem incomuns para a crian\u00e7a ou acompanhadas de v\u00f4mitos em jato, pode revelar uma hipertens\u00e3o intracraniana.<\/pee>\n<pee>Os dist\u00farbios neurol\u00f3gicos associados representam os sinais de alarme mais preocupantes: fraqueza ou paralisia de um lado do corpo, dist\u00farbios da fala, dificuldades de coordena\u00e7\u00e3o, dist\u00farbios visuais como vis\u00e3o dupla ou perda de campo visual. Esses sinais podem revelar uma les\u00e3o do sistema nervoso central que requer atendimento neurol\u00f3gico urgente.<\/pee>\n<div class=\"expert-box\">\n<div class=\"expert-box-label\">URGENCIA M\u00c9DICA<\/div>\n<div class=\"expert-box-title\">Quando chamar o 15 imediatamente<\/div>\n<div class=\"expert-inner\">\n<div class=\"expert-inner-title\">Situa\u00e7\u00f5es cr\u00edticas<\/div>\n<pee>Vertigem + perda de consci\u00eancia, vertigem + febre alta com rigidez de nuca, vertigem + dist\u00farbios neurol\u00f3gicos (fraqueza, dist\u00farbios visuais, dificuldades de fala), vertigem persistente por mais de 24h com v\u00f4mitos incoerc\u00edveis.<\/pee>\n                <\/div>\n<div class=\"expert-inner\">\n<div class=\"expert-inner-title\">Conduta a ter<\/div>\n<pee>Manter a crian\u00e7a em posi\u00e7\u00e3o deitada, evitar qualquer movimento brusco, anotar a hora de in\u00edcio dos sintomas, preparar a lista de medicamentos tomados recentemente.<\/pee>\n                <\/div>\n<\/p><\/div>\n<div class=\"key-points\">\n<h3>\u26a0\ufe0f Consulta r\u00e1pida recomendada se<\/h3>\n<ul>\n<li>Ep\u00eds\u00f3dios de tontura recorrentes impactando a vida cotidiana<\/li>\n<li>Tonturas associadas a uma diminui\u00e7\u00e3o progressiva da audi\u00e7\u00e3o<\/li>\n<li>Ansiedade importante da crian\u00e7a relacionada aos epis\u00f3dios<\/li>\n<li>Tonturas desencadeadas sistematicamente por certos movimentos<\/li>\n<li>Hist\u00f3rico familiar de dist\u00farbios vestibulares severos<\/li>\n<li>Dificuldades escolares novas potencialmente relacionadas<\/li>\n<\/ul><\/div>\n<h2>5. \ud83d\udd2c O percurso diagn\u00f3stico moderno<\/h2>\n<pee>O diagn\u00f3stico das tonturas pedi\u00e1tricas baseia-se em uma abordagem met\u00f3dica que combina um interrogat\u00f3rio minucioso, exame cl\u00ednico especializado e exames complementares direcionados. Essa abordagem multidisciplinar permite identificar precisamente a origem dos sintomas e orientar o tratamento de maneira otimizada.<\/pee>\n<pee>O interrogat\u00f3rio constitui a pedra angular do diagn\u00f3stico, necessitando muitas vezes de v\u00e1rias consultas para aprimorar a anamnese. O m\u00e9dico se interessa pelas circunst\u00e2ncias de ocorr\u00eancia das tonturas, sua dura\u00e7\u00e3o, intensidade, fatores desencadeantes ou calmantes, assim como pelos sintomas associados. Os antecedentes pessoais da crian\u00e7a (otites recorrentes, traumas, enxaquecas) e familiares (enxaquecas, surdez, dist\u00farbios vestibulares) fornecem elementos diagn\u00f3sticos valiosos.<\/pee>\n<pee>O exame cl\u00ednico especializado inclui a avalia\u00e7\u00e3o do equil\u00edbrio est\u00e1tico e din\u00e2mico, a busca por nistagmo espont\u00e2neo ou provocado, o exame otosc\u00f3pico e diversas manobras diagn\u00f3sticas como o teste de Dix-Hallpike para detectar uma tontura posicional. Na crian\u00e7a, esses exames devem ser adaptados \u00e0 idade e apresentados de maneira l\u00fadica para obter sua coopera\u00e7\u00e3o.<\/pee>\n<div class=\"conseil-card\">\n<h4>\ud83d\udccb Preparar eficazmente a consulta<\/h4>\n<pee>Mantenha um di\u00e1rio detalhado dos epis\u00f3dios: data, hora, dura\u00e7\u00e3o, circunst\u00e2ncias, sintomas associados, o que melhora ou agrava. Filme discretamente um epis\u00f3dio se poss\u00edvel (com a autoriza\u00e7\u00e3o da crian\u00e7a). Liste todos os medicamentos tomados recentemente e os antecedentes familiares de enxaquecas ou dist\u00farbios auditivos.<\/pee>\n            <\/div>\n<div class=\"tip-box\">\n<div class=\"tip-box-label\">\ud83c\udfaf Exames complementares poss\u00edveis<\/div>\n<pee>Audiograma para avaliar a audi\u00e7\u00e3o, videonistagmografia para registrar os movimentos oculares, testes vestibulares cal\u00f3ricos, resson\u00e2ncia magn\u00e9tica cerebral se houver suspeita de causa central, hemograma (NFS, ferro, tireoide) conforme a orienta\u00e7\u00e3o cl\u00ednica.<\/pee>\n            <\/div>\n<h2>6. \ud83d\udc8a Estrat\u00e9gias terap\u00eauticas adaptadas \u00e0 crian\u00e7a<\/h2>\n<pee>O tratamento dos vertigens pedi\u00e1tricos deve ser personalizado de acordo com a idade da crian\u00e7a, a causa identificada e o impacto na sua qualidade de vida. A abordagem terap\u00eautica moderna privilegia os m\u00e9todos n\u00e3o medicamentosos e a reabilita\u00e7\u00e3o, reservando os tratamentos farmacol\u00f3gicos para situa\u00e7\u00f5es espec\u00edficas e por per\u00edodos limitados.<\/pee>\n<pee>Para o vertigem parox\u00edstico benigno da inf\u00e2ncia, que representa a causa mais frequente, o tratamento \u00e9 principalmente sintom\u00e1tico e tranquilizador. Os epis\u00f3dios sendo breves e espontaneamente resolutivos, o acompanhamento psicol\u00f3gico e a educa\u00e7\u00e3o dos pais constituem os pilares do atendimento. Trata-se de explicar o car\u00e1ter benigno da condi\u00e7\u00e3o e de aprender a gerenciar as crises quando elas ocorrem.<\/pee>\n<pee>A reabilita\u00e7\u00e3o vestibular representa uma abordagem terap\u00eautica de escolha na crian\u00e7a, beneficiando-se da not\u00e1vel plasticidade cerebral dessa popula\u00e7\u00e3o. Essa reabilita\u00e7\u00e3o, conduzida por fisioterapeutas especializados, visa estimular os mecanismos de compensa\u00e7\u00e3o central e melhorar a integra\u00e7\u00e3o das informa\u00e7\u00f5es sensoriais. A abordagem l\u00fadica \u00e9 essencial para manter a motiva\u00e7\u00e3o da crian\u00e7a ao longo do tratamento.<\/pee>\n<div class=\"expert-box\">\n<div class=\"expert-box-label\">INOVA\u00c7\u00c3O TERAP\u00caUTICA<\/div>\n<div class=\"expert-box-title\">Reabilita\u00e7\u00e3o vestibular moderna<\/div>\n<pee>As novas t\u00e9cnicas de reabilita\u00e7\u00e3o utilizam a realidade virtual, os jogos de v\u00eddeo terap\u00eauticos e os aplicativos m\u00f3veis para tornar os exerc\u00edcios mais atraentes e motivadores para as crian\u00e7as.<\/pee>\n<div class=\"expert-inner\">\n<div class=\"expert-inner-title\">Vantagens na crian\u00e7a<\/div>\n<pee>Plasticidade cerebral \u00f3tima, motiva\u00e7\u00e3o mantida pelo jogo, rapidez de compensa\u00e7\u00e3o (4-6 semanas vs 3-6 meses em adultos), baixa resist\u00eancia psicol\u00f3gica \u00e0 mudan\u00e7a.<\/pee>\n                <\/div>\n<\/p><\/div>\n<div class=\"tip-box\">\n<div class=\"tip-box-label\">\ud83c\udfae COCO PENSA e COCO SE MEXE<\/div>\n<pee>Descubra nosso aplicativo <a href=\"https:\/\/www.dynseo.com\/pt-pt\/coco-pensa-e-coco-se-mexe\/\" style=\"color: var(--primary-blue); font-weight: 600;\">COCO<\/a> que oferece exerc\u00edcios de equil\u00edbrio e coordena\u00e7\u00e3o especialmente projetados para crian\u00e7as, com pausas ativas que estimulam o sistema vestibular de maneira l\u00fadica e progressiva.<\/pee>\n            <\/div>\n<h2>7. \ud83e\udd38 Exerc\u00edcios de reabilita\u00e7\u00e3o vestibular l\u00fadicos<\/h2>\n<pee>A reabilita\u00e7\u00e3o vestibular na crian\u00e7a deve necessariamente ter um car\u00e1ter l\u00fadico para manter o engajamento e a motiva\u00e7\u00e3o ao longo do tratamento. Esses exerc\u00edcios, apresentados na forma de jogos, permitem estimular efetivamente os diferentes componentes do sistema de equil\u00edbrio, proporcionando prazer \u00e0 crian\u00e7a.<\/pee>\n<pee>Os exerc\u00edcios de equil\u00edbrio est\u00e1tico constituem a base da reabilita\u00e7\u00e3o. O exerc\u00edcio do &#8220;flamingo&#8221; transforma a esta\u00e7\u00e3o unipodal em um jogo divertido: a crian\u00e7a deve se equilibrar em um p\u00e9 como a elegante ave, variando as condi\u00e7\u00f5es (olhos abertos e depois fechados, em superf\u00edcie est\u00e1vel e depois inst\u00e1vel). A progress\u00e3o ocorre naturalmente, aumentando a dura\u00e7\u00e3o e a complexidade, sempre em um esp\u00edrito de desafio pessoal em vez de imposi\u00e7\u00e3o terap\u00eautica.<\/pee>\n<pee>As atividades de equil\u00edbrio din\u00e2mico integram o movimento na aprendizagem. O jogo do &#8220;equilibrista&#8221; prop\u00f5e \u00e0 crian\u00e7a andar sobre uma linha tra\u00e7ada no ch\u00e3o, primeiro larga e depois cada vez mais fina, variando os ritmos (caminhada normal, calcanhar-p\u00e9, marcha para tr\u00e1s). Esses exerc\u00edcios podem ser enriquecidos com a adi\u00e7\u00e3o de obst\u00e1culos a serem ultrapassados ou objetos a serem transportados, transformando a sess\u00e3o em um verdadeiro percurso de aventura.<\/pee>\n<div class=\"conseil-card\">\n<h4>\ud83c\udfaf Exerc\u00edcio de estabiliza\u00e7\u00e3o do olhar<\/h4>\n<pee>O jogo dos &#8220;olhos magn\u00e9ticos&#8221;: a crian\u00e7a segue com o olhar um objeto colorido (brinquedo, adesivo no polegar) enquanto move a cabe\u00e7a de um lado para o outro, depois de cima para baixo. O objetivo \u00e9 manter o objeto n\u00edtido e est\u00e1vel em seu campo visual. Come\u00e7ar devagar e depois acelerar gradualmente. Dura\u00e7\u00e3o: 5-10 minutos, 2 vezes por dia.<\/pee>\n            <\/div>\n<div class=\"key-points\">\n<h3>\ud83c\udfc3 Programa de exerc\u00edcios semanal<\/h3>\n<ul>\n<li>Segunda\/Quarta\/Sexta: Equil\u00edbrio est\u00e1tico (flamingo, \u00e1rvore que n\u00e3o se mexe)<\/li>\n<li>Ter\u00e7a\/Quinta\/S\u00e1bado: Equil\u00edbrio din\u00e2mico (equilibrista, percurso com obst\u00e1culos)<\/li>\n<li>Diariamente: Estabiliza\u00e7\u00e3o do olhar (5 minutos de manh\u00e3 e \u00e0 noite)<\/li>\n<li>Domingo: Atividade livre (bicicleta, nata\u00e7\u00e3o, dan\u00e7a) conforme prefer\u00eancias<\/li>\n<li>Progress\u00e3o: aumentar a dificuldade a cada semana conforme a toler\u00e2ncia<\/li>\n<li>Seguran\u00e7a: sempre na presen\u00e7a de um adulto, ambiente seguro<\/li>\n<\/ul><\/div>\n<div class=\"tip-box\">\n<div class=\"tip-box-label\">\ud83c\udfaa Tornar os exerc\u00edcios divertidos<\/div>\n<pee>Crie hist\u00f3rias em torno dos exerc\u00edcios: &#8220;Voc\u00ea \u00e9 um pirata em seu navio que balan\u00e7a&#8221; para o equil\u00edbrio inst\u00e1vel, &#8220;Voc\u00ea \u00e9 um espi\u00e3o que segue um alvo&#8221; para os exerc\u00edcios oculares. Use m\u00fasica, recompensas visuais e celebre cada progresso!<\/pee>\n            <\/div>\n<h2>8. \ud83c\udfe0 Acompanhamento di\u00e1rio e apoio familiar<\/h2>\n<pee>O acompanhamento di\u00e1rio de uma crian\u00e7a que sofre de vertigens requer uma abordagem carinhosa e estruturada, combinando vigil\u00e2ncia m\u00e9dica e normaliza\u00e7\u00e3o da vida familiar. Os pais desempenham um papel central no sucesso do tratamento, sua atitude influenciando diretamente a evolu\u00e7\u00e3o dos sintomas e a viv\u00eancia psicol\u00f3gica da crian\u00e7a.<\/pee>\n<pee>Durante as crises de vertigem, a primeira prioridade \u00e9 garantir a seguran\u00e7a f\u00edsica da crian\u00e7a enquanto a acalma efetivamente. \u00c9 importante ajud\u00e1-la a se acomodar em uma posi\u00e7\u00e3o confort\u00e1vel e est\u00e1vel, evitar movimentos bruscos da cabe\u00e7a e manter um ambiente calmo e tranquilizador. A t\u00e9cnica de respira\u00e7\u00e3o controlada pode ser ensinada at\u00e9 mesmo aos mais jovens: inspirar lentamente pelo nariz enquanto infla a barriga, expirar suavemente pela boca como se estivesse soprando uma vela distante.<\/pee>\n<pee>A explica\u00e7\u00e3o adaptada \u00e0 idade da crian\u00e7a \u00e9 um elemento terap\u00eautico essencial. Usar met\u00e1foras simples e tranquilizadoras ajuda a crian\u00e7a a entender o que est\u00e1 acontecendo: &#8220;No seu ouvido, h\u00e1 um pequeno n\u00edvel de bolha como o do papai para seus consertos. \u00c0s vezes, a bolha se move um pouco e isso d\u00e1 essa sensa\u00e7\u00e3o estranha, mas n\u00e3o \u00e9 perigoso e volta ao normal sozinho.&#8221; Essa desmistifica\u00e7\u00e3o reduz a ansiedade antecipat\u00f3ria e favorece a colabora\u00e7\u00e3o da crian\u00e7a em seu tratamento.<\/pee>\n<div class=\"expert-box\">\n<div class=\"expert-box-label\">PSICOLOGIA PEDI\u00c1TRICA<\/div>\n<div class=\"expert-box-title\">Impacto psicol\u00f3gico das vertigens<\/div>\n<pee>As vertigens recorrentes podem gerar uma ansiedade antecipat\u00f3ria na crian\u00e7a, limitando suas atividades e seu desenvolvimento social. Um acompanhamento psicol\u00f3gico pode ser ben\u00e9fico.<\/pee>\n<div class=\"expert-inner\">\n<div class=\"expert-inner-title\">Sinais de alerta psicol\u00f3gicos<\/div>\n<pee>Evita\u00e7\u00e3o de atividades habituais, novos medos, dist\u00farbios do sono, regress\u00e3o comportamental, dificuldades de separa\u00e7\u00e3o, queixas som\u00e1ticas m\u00faltiplas.<\/pee>\n                <\/div>\n<\/p><\/div>\n<div class=\"conseil-card\">\n<h4>\ud83d\udee1\ufe0f Adaptar o ambiente dom\u00e9stico<\/h4>\n<pee>Segure o habitat: corrim\u00e3os nas escadas, ilumina\u00e7\u00e3o noturna suficiente, tapetes antiderrapantes no banheiro. Crie um &#8220;cantinho de conforto&#8221; com almofadas e objetos tranquilizadores onde a crian\u00e7a possa se refugiar durante as crises. Evite ambientes visualmente muito estimulantes (luzes piscantes, televis\u00e3o muito alta).<\/pee>\n            <\/div>\n<h2>9. \ud83d\udcda Tonturas e impacto na escolaridade<\/h2>\n<pee>As repercuss\u00f5es escolares das tonturas pedi\u00e1tricas s\u00e3o frequentemente subestimadas, no entanto, podem impactar significativamente a aprendizagem, a socializa\u00e7\u00e3o e o desenvolvimento da crian\u00e7a. Uma comunica\u00e7\u00e3o proativa com a equipe educacional e a implementa\u00e7\u00e3o de adapta\u00e7\u00f5es adequadas s\u00e3o elementos-chave para o sucesso escolar dessas crian\u00e7as.<\/pee>\n<pee>As aus\u00eancias repetidas relacionadas \u00e0s crises de tontura podem criar atrasos na aprendizagem, particularmente preocupantes nas mat\u00e9rias fundamentais. Al\u00e9m do aspecto puramente pedag\u00f3gico, a crian\u00e7a pode desenvolver uma ansiedade de desempenho, temendo n\u00e3o conseguir acompanhar os colegas ou sofrer uma nova crise em sala de aula. Esse ciclo ansioso pode, paradoxalmente, agravar os sintomas vestibulares, criando um c\u00edrculo vicioso prejudicial.<\/pee>\n<pee>A concentra\u00e7\u00e3o em sala de aula pode ser afetada em uma crian\u00e7a que sofre de tonturas cr\u00f4nicas, mesmo fora das crises agudas. A fadiga gerada pela compensa\u00e7\u00e3o vestibular constante, a ansiedade antecipat\u00f3ria e, \u00e0s vezes, os efeitos colaterais dos tratamentos podem diminuir as capacidades atencionais. Essas dificuldades, se n\u00e3o forem reconhecidas e levadas em conta, podem ser interpretadas erroneamente como falta de motiva\u00e7\u00e3o ou dist\u00farbios de comportamento.<\/pee>\n<div class=\"tip-box\">\n<div class=\"tip-box-label\">\ud83d\udccb Projeto de Acolhimento Individualizado (PAI)<\/div>\n<pee>Se as tonturas impactam significativamente a escolaridade, a implementa\u00e7\u00e3o de um PAI permite formalizar as adapta\u00e7\u00f5es necess\u00e1rias: autoriza\u00e7\u00e3o para sair da sala de aula, adapta\u00e7\u00e3o das atividades esportivas, tempo adicional para avalia\u00e7\u00f5es se necess\u00e1rio, informa\u00e7\u00e3o de todos os intervenientes escolares.<\/pee>\n            <\/div>\n<div class=\"key-points\">\n<h3>\ud83c\udf92 Am\u00e9nagements escolares recomendados<\/h3>\n<ul>\n<li>Coloca\u00e7\u00e3o preferencial perto da porta para sa\u00edda f\u00e1cil, se necess\u00e1rio<\/li>\n<li>Autoriza\u00e7\u00e3o de pausa em caso de sensa\u00e7\u00e3o de vertigem<\/li>\n<li>Adapta\u00e7\u00e3o das atividades de Educa\u00e7\u00e3o F\u00edsica (evitar rota\u00e7\u00f5es r\u00e1pidas, alturas)<\/li>\n<li>Informa\u00e7\u00e3o da enfermeira escolar sobre a conduta a ser adotada<\/li>\n<li>Comunica\u00e7\u00e3o regular entre a fam\u00edlia e a equipe educativa<\/li>\n<li>Conscientiza\u00e7\u00e3o dos colegas, se necess\u00e1rio (com a autoriza\u00e7\u00e3o da crian\u00e7a)<\/li>\n<\/ul><\/div>\n<h2>10. \ud83c\udf31 Preven\u00e7\u00e3o e higiene de vida otimais<\/h2>\n<pee>A preven\u00e7\u00e3o das vertigens pedi\u00e1tricas baseia-se em uma abordagem global de higiene de vida, visando otimizar o funcionamento do sistema vestibular e reduzir os fatores de risco identific\u00e1veis. Essa abordagem preventiva, acess\u00edvel a todas as fam\u00edlias, constitui um complemento essencial aos tratamentos espec\u00edficos e pode melhorar significativamente a qualidade de vida da crian\u00e7a.<\/pee>\n<pee>O sono ocupa um lugar central na preven\u00e7\u00e3o dos dist\u00farbios vestibulares. Uma crian\u00e7a cansada apresenta uma vulnerabilidade aumentada \u00e0s vertigens, seu c\u00e9rebro tendo mais dificuldades para integrar e processar corretamente as informa\u00e7\u00f5es sensoriais. As recomenda\u00e7\u00f5es incluem hor\u00e1rios de dormir regulares adaptados \u00e0 idade (19h30-20h30 para crian\u00e7as de 3-8 anos, 21h-22h para pr\u00e9-adolescentes), um ambiente de sono ideal (quarto fresco, escuro, silencioso) e a limita\u00e7\u00e3o de telas antes de dormir, que podem perturbar a secre\u00e7\u00e3o de melatonina.<\/pee>\n<pee>A hidrata\u00e7\u00e3o representa outro pilar fundamental, a desidrata\u00e7\u00e3o mesmo leve podendo provocar tonturas e favorecer as vertigens. A crian\u00e7a deve beber regularmente ao longo do dia, com aten\u00e7\u00e3o especial em dias quentes, durante a atividade f\u00edsica ou em caso de febre. Bebidas a\u00e7ucaradas ou estimulantes devem ser evitadas, a \u00e1gua permanecendo a bebida de refer\u00eancia, eventualmente enriquecida com frutas frescas para torn\u00e1-la mais atraente.<\/pee>\n<div class=\"conseil-card\">\n<h4>\ud83c\udf4e Nutri\u00e7\u00e3o anti-vertigem<\/h4>\n<pee>Priorize uma alimenta\u00e7\u00e3o equilibrada com refei\u00e7\u00f5es regulares para evitar a hipoglicemia. Limite os alimentos ricos em s\u00f3dio que podem afetar o equil\u00edbrio h\u00eddrico do ouvido interno. Em caso de enxaqueca vestibular, identifique e evite os alimentos desencadeadores potenciais (chocolate, queijos fermentados, c\u00edtricos, dependendo do caso).<\/pee>\n            <\/div>\n<div class=\"expert-box\">\n<div class=\"expert-box-label\">PESQUISA ATUAL<\/div>\n<div class=\"expert-box-title\">Atividade f\u00edsica e sistema vestibular<\/div>\n<pee>Estudos recentes mostram que o exerc\u00edcio f\u00edsico regular melhora significativamente a fun\u00e7\u00e3o vestibular na crian\u00e7a, estimulando a neuroplasticidade e os mecanismos de compensa\u00e7\u00e3o.<\/pee>\n<div class=\"expert-inner\">\n<div class=\"expert-inner-title\">Esportes recomendados<\/div>\n<pee>Nata\u00e7\u00e3o (estimula\u00e7\u00e3o vestibular suave), bicicleta (equil\u00edbrio din\u00e2mico), dan\u00e7a (coordena\u00e7\u00e3o), artes marciais adaptadas (propriocep\u00e7\u00e3o). Evitar temporariamente esportes de risco de choque durante per\u00edodos sintom\u00e1ticos.<\/pee>\n                <\/div>\n<\/p><\/div>\n<h2>11. \ud83c\udfaf Ferramentas digitais e aplicativos terap\u00eauticos<\/h2>\n<pee>A era digital revolucionou a abordagem terap\u00eautica dos dist\u00farbios vestibulares pedi\u00e1tricos, oferecendo novas ferramentas interativas e motivadoras para acompanhar a reabilita\u00e7\u00e3o. Essas tecnologias inovadoras exploram o apelo natural das crian\u00e7as por suportes digitais enquanto oferecem exerc\u00edcios terap\u00eauticos validados cientificamente.<\/pee>\n<pee>Os aplicativos de reabilita\u00e7\u00e3o vestibular utilizam sensores integrados a smartphones e tablets para propor exerc\u00edcios de equil\u00edbrio gamificados. Esses programas adaptam automaticamente a dificuldade de acordo com os progressos da crian\u00e7a, mantendo um n\u00edvel de desafio ideal para favorecer o engajamento e a progress\u00e3o. Os sistemas de recompensas virtuais, emblemas e classifica\u00e7\u00f5es transformam a obriga\u00e7\u00e3o terap\u00eautica em prazer l\u00fadico.<\/pee>\n<pee>A realidade virtual representa uma abordagem particularmente promissora, permitindo criar ambientes controlados para expor progressivamente a crian\u00e7a a estimula\u00e7\u00f5es vestibulares variadas. Essas ferramentas facilitam a habitua\u00e7\u00e3o \u00e0s sensa\u00e7\u00f5es de movimento enquanto oferecem um ambiente seguro e modul\u00e1vel de acordo com as necessidades individuais. A imers\u00e3o virtual pode simular situa\u00e7\u00f5es da vida cotidiana (transporte, jogos de bola) em um contexto terap\u00eautico controlado.<\/pee>\n<div class=\"tip-box\">\n<div class=\"tip-box-label\">\ud83d\ude80 COCO PENSA e COCO SE MEXE<\/div>\n<pee>Nosso aplicativo <a href=\"https:\/\/www.dynseo.com\/pt-pt\/coco-pensa-e-coco-se-mexe\/\" style=\"color: var(--primary-blue); font-weight: 600;\">COCO<\/a> integra especificamente exerc\u00edcios de equil\u00edbrio e coordena\u00e7\u00e3o em um ambiente l\u00fadico adaptado para crian\u00e7as. As pausas ativas propostas estimulam naturalmente o sistema vestibular enquanto oferecem uma experi\u00eancia de jogo enriquecedora e educativa.<\/pee>\n            <\/div>\n<div class=\"key-points\">\n<h3>\ud83d\udcf1 Funcionalidades dos apps terap\u00eauticos modernos<\/h3>\n<ul>\n<li>Exerc\u00edcios personalizados de acordo com a idade e as capacidades da crian\u00e7a<\/li>\n<li>Progress\u00e3o autom\u00e1tica baseada no desempenho<\/li>\n<li>Interface l\u00fadica com recompensas e incentivos<\/li>\n<li>Acompanhamento dos progressos compartilh\u00e1vel com os profissionais<\/li>\n<li>Exerc\u00edcios adapt\u00e1veis de acordo com o ambiente (casa, escola)<\/li>\n<li>Lembretes e notifica\u00e7\u00f5es para manter a regularidade<\/li>\n<\/ul><\/div>\n<h2>12. \ud83e\ude7a Inova\u00e7\u00f5es diagn\u00f3sticas e terap\u00eauticas<\/h2>\n<pee>A medicina vestibular pedi\u00e1trica se beneficia atualmente de avan\u00e7os tecnol\u00f3gicos not\u00e1veis que transformam as abordagens diagn\u00f3sticas e terap\u00eauticas. Essas inova\u00e7\u00f5es permitem uma avalia\u00e7\u00e3o mais precisa dos dist\u00farbios de equil\u00edbrio na crian\u00e7a e abrem novas perspectivas de tratamento personalizado.<\/pee>\n<pee>Os novos sistemas de videonistagmografia de alta defini\u00e7\u00e3o permitem analisar com uma precis\u00e3o inigual\u00e1vel os movimentos oculares reflexos, verdadeiras janelas sobre o funcionamento vestibular. Esses equipamentos, adaptados \u00e0 morfologia pedi\u00e1trica, facilitam a explora\u00e7\u00e3o das crian\u00e7as mesmo muito jovens gra\u00e7as a interfaces l\u00fadicas e tempos de exame reduzidos. A an\u00e1lise automatizada dos dados permite aos cl\u00ednicos detectar anomalias sutis que escapariam \u00e0 observa\u00e7\u00e3o tradicional.<\/pee>\n<pee>A plataforma de posturografia din\u00e2mica representa um outro avan\u00e7o significativo, avaliando de maneira objetiva o equil\u00edbrio da crian\u00e7a em condi\u00e7\u00f5es variadas e controladas. Esses sistemas prop\u00f5em ambientes virtuais imersivos que testam a capacidade de adapta\u00e7\u00e3o vestibular enquanto cativam a aten\u00e7\u00e3o da crian\u00e7a. Os dados coletados orientam precisamente a reabilita\u00e7\u00e3o ao identificar os d\u00e9ficits espec\u00edficos a corrigir.<\/pee>\n<div class=\"expert-box\">\n<div class=\"expert-box-label\">INOVA\u00c7\u00c3O TECNOL\u00d3GICA<\/div>\n<div class=\"expert-box-title\">Intelig\u00eancia artificial em vestibulologia<\/div>\n<pee>Os algoritmos de IA agora analisam os padr\u00f5es de movimentos oculares e posturais para aprimorar os diagn\u00f3sticos diferenciais e prever a evolu\u00e7\u00e3o dos dist\u00farbios vestibulares na crian\u00e7a.<\/pee>\n<div class=\"expert-inner\">\n<div class=\"expert-inner-title\">Vantagens cl\u00ednicas<\/div>\n<pee>Diagn\u00f3stico mais precoce, personaliza\u00e7\u00e3o \u00f3tima dos tratamentos, previs\u00e3o da evolu\u00e7\u00e3o, detec\u00e7\u00e3o de recidivas, otimiza\u00e7\u00e3o do acompanhamento terap\u00eautico.<\/pee>\n                <\/div>\n<\/p><\/div>\n<div class=\"conseil-card\">\n<h4>\ud83d\udd2c Telemedicina e acompanhamento \u00e0 dist\u00e2ncia<\/h4>\n<pee>As plataformas de teleconsulta especializadas permitem um acompanhamento regular das crian\u00e7as que sofrem de vertigens, particularmente \u00fatil para as fam\u00edlias distantes dos centros especializados. Os aplicativos de acompanhamento conectados transmitem em tempo real os dados dos exerc\u00edcios e a evolu\u00e7\u00e3o dos sintomas aos profissionais.<\/pee>\n            <\/div>\n<div class=\"cta-box\">\n<h3>\ud83c\udf1f Acompanhe seu filho rumo a um melhor equil\u00edbrio<\/h3>\n<pee>Descubra como nosso aplicativo COCO pode apoiar a reabilita\u00e7\u00e3o vestibular do seu filho atrav\u00e9s de jogos especialmente projetados para estimular o equil\u00edbrio e a coordena\u00e7\u00e3o de maneira l\u00fadica e progressiva.<\/pee>\n<div class=\"cta-buttons\">\n                    <a href=\"https:\/\/www.dynseo.com\/pt-pt\/coco-pensa-e-coco-se-mexe\/\" class=\"btn-white\">Descobrir COCO<\/a><br \/>\n                    <a href=\"#\" class=\"btn-outline\">Guia gratuito<\/a>\n                <\/div>\n<\/p><\/div>\n<div class=\"faq-list\">\n<h2>\u2753 Perguntas frequentes<\/h2>\n<div class=\"faq-item\">\n<div class=\"faq-q\">\n                        <span>Meu filho de 4 anos diz frequentemente que &#8220;est\u00e1 girando&#8221;. \u00c9 normal nessa idade?<\/span><br \/>\n                        <span class=\"faq-icon\">+<\/span>\n                    <\/div>\n<div class=\"faq-a\">\n                        <pee>Os epis\u00f3dios ocasionais de tontura s\u00e3o relativamente frequentes em crian\u00e7as em idade pr\u00e9-escolar e muitas vezes correspondem \u00e0 vertigem parox\u00edstica benigna da inf\u00e2ncia. No entanto, se esses epis\u00f3dios forem frequentes (mais de uma vez por semana), durarem muito tempo, forem acompanhados de outros sintomas (v\u00f4mitos, dores de cabe\u00e7a, dist\u00farbios auditivos) ou impactarem as atividades di\u00e1rias do seu filho, uma consulta pedi\u00e1trica \u00e9 necess\u00e1ria para descartar qualquer causa subjacente e propor um tratamento adequado.<\/pee>\n                    <\/div>\n<\/p><\/div>\n<div class=\"faq-item\">\n<div class=\"faq-q\">\n                        <span>Os epis\u00f3dios de tontura podem estar relacionados ao estresse ou \u00e0 ansiedade na crian\u00e7a?<\/span><br \/>\n                        <span class=\"faq-icon\">+<\/span>\n                    <\/div>\n<div class=\"faq-a\">\n                        <pee>Absolutamente. A ansiedade e o estresse representam causas significativas de sensa\u00e7\u00f5es de tontura na crian\u00e7a, particularmente frequentes durante per\u00edodos dif\u00edceis como o in\u00edcio do ano escolar, uma mudan\u00e7a de casa, problemas familiares ou dificuldades relacionais. Essas tonturas &#8220;psicog\u00eanicas&#8221; s\u00e3o reais e necessitam de um tratamento adequado que combine tranquiliza\u00e7\u00e3o, t\u00e9cnicas de relaxamento e, \u00e0s vezes, acompanhamento psicol\u00f3gico. \u00c9 importante n\u00e3o minimizar esses sintomas e identificar os fatores de estresse para propor estrat\u00e9gias de adapta\u00e7\u00e3o apropriadas.<\/pee>\n                    <\/div>\n<\/p><\/div>\n<div class=\"faq-item\">\n<div class=\"faq-q\">\n                        <span>A partir de que idade pode-se considerar uma reabilita\u00e7\u00e3o vestibular?<\/span><br \/>\n                        <span class=\"faq-icon\">+<\/span>\n                    <\/div>\n<div class=\"faq-a\">\n                        <pee>A reabilita\u00e7\u00e3o vestibular pode ser proposta a partir dos 4-5 anos, adaptada na forma de exerc\u00edcios l\u00fadicos e jogos. Os fisioterapeutas especializados em reabilita\u00e7\u00e3o vestibular sabem perfeitamente adaptar suas t\u00e9cnicas \u00e0 idade da crian\u00e7a, transformando os exerc\u00edcios terap\u00eauticos em atividades divertidas e motivadoras. A efic\u00e1cia \u00e9 geralmente excelente na crian\u00e7a devido \u00e0 not\u00e1vel plasticidade cerebral que caracteriza esse per\u00edodo de desenvolvimento, permitindo uma compensa\u00e7\u00e3o r\u00e1pida e duradoura das defici\u00eancias vestibulares.<\/pee>\n                    <\/div>\n<\/p><\/div>\n<div class=\"faq-item\">\n<div class=\"faq-q\">\n                        <span>Meu filho pode praticar esportes apesar de suas tonturas?<\/span><br \/>\n                        <span class=\"faq-icon\">+<\/span>\n                    <\/div>\n<div class=\"faq-a\">\n                        <pee>Na maioria dos casos, a atividade f\u00edsica n\u00e3o s\u00f3 \u00e9 permitida, mas recomendada, pois contribui para melhorar o equil\u00edbrio e estimula os mecanismos de compensa\u00e7\u00e3o vestibular. No entanto, durante per\u00edodos de vertigens frequentes, pode ser prudente adaptar temporariamente a pr\u00e1tica esportiva: evitar esportes com risco de quedas importantes (escalada, gin\u00e1stica com aparelhos), limitar atividades que envolvam rota\u00e7\u00f5es r\u00e1pidas, privilegiar esportes em ambiente seguro. A nata\u00e7\u00e3o, a bicicleta e a caminhada geralmente s\u00e3o bem toleradas e ben\u00e9ficas.<\/pee>\n                    <\/div>\n<\/p><\/div>\n<div class=\"faq-item\">\n<div class=\"faq-q\">\n                        <span>As telas podem agravar as vertigens do meu filho?<\/span><br \/>\n                        <span class=\"faq-icon\">+<\/span>\n                    <\/div>\n<div class=\"faq-a\">\n                        <pee>Sim, o uso excessivo de telas pode de fato contribuir para as vertigens em algumas crian\u00e7as sens\u00edveis. As telas podem provocar fadiga visual, dores de cabe\u00e7a e sensa\u00e7\u00f5es de tontura, particularmente durante o uso prolongado ou em m\u00e1s condi\u00e7\u00f5es (ilumina\u00e7\u00e3o inadequada, dist\u00e2ncia muito pr\u00f3xima). Os jogos de v\u00eddeo com movimentos r\u00e1pidos ou efeitos 3D pronunciados podem desencadear vertigens em crian\u00e7as predispostas. \u00c9 recomendado limitar o tempo de tela, estabelecer pausas regulares (regra 20-20-20: a cada 20 minutos, olhar para 20 metros durante 20 segundos) e garantir uma ilumina\u00e7\u00e3o e dist\u00e2ncia apropriadas.<\/pee>\n                    <\/div>\n<\/p><\/div>\n<div class=\"faq-item\">\n<div class=\"faq-q\">\n                        <span>Como explicar as vertigens ao meu filho sem preocup\u00e1-lo?<\/span><br \/>\n                        <span class=\"faq-icon\">+<\/span>\n                    <\/div>\n<div class=\"faq-a\">\n                        <pee>A explica\u00e7\u00e3o deve ser adaptada \u00e0 idade da crian\u00e7a, utilizando met\u00e1foras simples e reconfortantes. Voc\u00ea pode dizer: &#8220;No seu ouvido, h\u00e1 um pequeno sistema que ajuda seu corpo a saber se est\u00e1 reto<br \/>\n<script type=\"application\/ld+json\">\n{\n  \"@context\": \"https:\/\/schema.org\",\n  \"@graph\": [\n    {\n      \"@type\": \"Article\",\n      \"headline\": \"Comment expliquer et combattre les vertiges des enfants ?\",\n      \"description\": \"\ud83e\udde0 Sant\u00e9 cognitive - Comment expliquer et combattre les vertiges chez les enfants ? \ud83d\udcc5 Avril 2026 \u23f1\ufe0f 15 min de lecture\",\n      \"url\": \"https:\/\/www.dynseo.com\/comment-expliquer-et-combattre-les-vertiges-des-enfants\/\",\n      \"datePublished\": \"2026-04-07\",\n      \"author\": {\n        \"@type\": \"Organization\",\n        \"name\": \"DYNSEO\",\n        \"url\": \"https:\/\/www.dynseo.com\"\n      },\n      \"publisher\": {\n        \"@type\": \"Organization\",\n        \"name\": \"DYNSEO\",\n        \"url\": \"https:\/\/www.dynseo.com\"\n      },\n      \"image\": \"https:\/\/www.dynseo.com\/wp-content\/uploads\/2026\/04\/vertiges-enfants.jpg\",\n      \"aggregateRating\": {\n        \"@type\": \"AggregateRating\",\n        \"ratingValue\": \"4.8\",\n        \"bestRating\": \"5\",\n        \"ratingCount\": \"47\"\n      }\n    },\n    {\n      \"@type\": \"WebPage\",\n      \"url\": \"https:\/\/www.dynseo.com\/comment-expliquer-et-combattre-les-vertiges-des-enfants\/\",\n      \"name\": \"Comment expliquer et combattre les vertiges des enfants ?\",\n      \"description\": \"\ud83e\udde0 Sant\u00e9 cognitive - Comment expliquer et combattre les vertiges chez les enfants ? \ud83d\udcc5 Avril 2026 \u23f1\ufe0f 15 min de lecture\"\n    },\n    {\n      \"@type\": \"BreadcrumbList\",\n      \"itemListElement\": [\n        {\n          \"@type\": \"ListItem\",\n          \"position\": 1,\n          \"name\": \"Accueil\",\n          \"item\": \"https:\/\/www.dynseo.com\"\n        },\n        {\n          \"@type\": \"ListItem\",\n          \"position\": 2,\n          \"name\": \"Blog\",\n          \"item\": \"https:\/\/www.dynseo.com\/blog\"\n        },\n        {\n          \"@type\": \"ListItem\",\n          \"position\": 3,\n          \"name\": \"Comment expliquer et combattre les vertiges des enfants ?\"\n        }\n      ]\n    },\n    {\n      \"@type\": \"FAQPage\",\n      \"mainEntity\": [\n        {\n          \"@type\": \"Question\",\n          \"name\": \"Mon enfant de 4 ans dit souvent que \"\u00e7a tourne\". Est-ce normal \u00e0 cet \u00e2ge ?\",\n          \"acceptedAnswer\": {\n            \"@type\": \"Answer\",\n            \"text\": \"Les sensations de vertige chez les jeunes enfants peuvent \u00eatre normales dans certains contextes, mais il est important de consulter un professionnel de sant\u00e9 pour \u00e9valuer la fr\u00e9quence et l'intensit\u00e9 de ces \u00e9pisodes.\"\n          }\n        },\n        {\n          \"@type\": \"Question\",\n          \"name\": \"Les vertiges peuvent-ils \u00eatre li\u00e9s au stress ou \u00e0 l'anxi\u00e9t\u00e9 chez l'enfant ?\",\n          \"acceptedAnswer\": {\n            \"@type\": \"Answer\",\n            \"text\": \"Oui, le stress et l'anxi\u00e9t\u00e9 peuvent effectivement provoquer des sensations de vertige chez l'enfant. Il est important d'identifier et de traiter les sources de stress pour am\u00e9liorer le bien-\u00eatre g\u00e9n\u00e9ral de l'enfant.\"\n          }\n        },\n        {\n          \"@type\": \"Question\",\n          \"name\": \"\u00c0 partir de quel \u00e2ge peut-on envisager une r\u00e9\u00e9ducation vestibulaire ?\",\n          \"acceptedAnswer\": {\n            \"@type\": \"Answer\",\n            \"text\": \"La r\u00e9\u00e9ducation vestibulaire peut \u00eatre adapt\u00e9e aux enfants d\u00e8s l'\u00e2ge de 5-6 ans, selon leur capacit\u00e9 de compr\u00e9hension et de coop\u00e9ration. Un professionnel sp\u00e9cialis\u00e9 pourra \u00e9valuer la faisabilit\u00e9 au cas par cas.\"\n          }\n        }\n      ]\n    }\n  ]\n}\n<\/script>[\/et_pb_code][\/et_pb_column][\/et_pb_row][\/et_pb_section]<\/p>\n","protected":false},"excerpt":{"rendered":"","protected":false},"author":4,"featured_media":411079,"comment_status":"closed","ping_status":"closed","sticky":false,"template":"","format":"standard","meta":{"_et_pb_use_builder":"on","_et_pb_old_content":"[et_pb_section fb_built=\"1\" _builder_version=\"4.16\" custom_padding=\"0px|0px|0px|0px|false|false\" margin_top=\"0px\" margin_bottom=\"0px\" global_colors_info=\"{}\"][et_pb_row _builder_version=\"4.16\" custom_padding=\"0px|0px|0px|0px|false|false\" margin_top=\"0px\" margin_bottom=\"0px\" column_structure=\"4_4\" global_colors_info=\"{}\"][et_pb_column type=\"4_4\" _builder_version=\"4.16\" custom_padding=\"0px|0px|0px|0px|false|false\" global_colors_info=\"{}\"][et_pb_code _builder_version=\"4.16\" custom_padding=\"0px|0px|0px|0px|false|false\" global_colors_info=\"{}\"]<!DOCTYPE html>\n<html lang=\"fr\">\n<head>\n    <meta charset=\"UTF-8\">\n    <meta name=\"viewport\" content=\"width=device-width, initial-scale=1.0\">\n    <title>Comment expliquer et combattre les vertiges chez les enfants ? | DYNSEO<\/title>\n    <meta name=\"description\" content=\"Guide complet pour comprendre, diagnostiquer et traiter les vertiges p\u00e9diatriques. Solutions pratiques, exercices et conseils d'experts pour accompagner votre enfant.\">\n    \n    <link rel=\"preconnect\" href=\"https:\/\/fonts.googleapis.com\">\n    <link rel=\"preconnect\" href=\"https:\/\/fonts.gstatic.com\" crossorigin>\n    <link href=\"https:\/\/fonts.googleapis.com\/css2?family=Montserrat:wght@400;500;600;700&family=Poppins:wght@300;400;500;600&display=swap\" rel=\"stylesheet\">\n    \n    <style>\n        :root {\n            --primary-blue: #5e5ed7;\n            --dark-blue: #5268c9;\n            --teal: #a9e2e4;\n            --yellow: #ffeca7;\n            --pink: #e73469;\n            --white: #ffffff;\n            --light-gray: #f8f9fa;\n            --gray: #6c757d;\n            --dark-gray: #343a40;\n        }\n\n        * {\n            margin: 0;\n            padding: 0;\n            box-sizing: border-box;\n        }\n\n        body {\n            font-family: 'Poppins', sans-serif;\n            line-height: 1.6;\n            color: var(--dark-gray);\n            background: var(--white);\n        }\n\n        .article-hero {\n            background: linear-gradient(135deg, var(--primary-blue) 0%, var(--dark-blue) 100%);\n            color: var(--white);\n            padding: 60px 0 100px;\n            position: relative;\n            overflow: hidden;\n        }\n\n        .article-hero-inner {\n            max-width: 1200px;\n            margin: 0 auto;\n            padding: 0 20px;\n            position: relative;\n            z-index: 2;\n        }\n\n        .article-breadcrumb {\n            font-size: 14px;\n            margin-bottom: 20px;\n            opacity: 0.9;\n        }\n\n        .article-breadcrumb a {\n            color: var(--white);\n            text-decoration: none;\n        }\n\n        .article-category {\n            display: inline-block;\n            background: rgba(255, 255, 255, 0.2);\n            padding: 8px 16px;\n            border-radius: 25px;\n            font-size: 14px;\n            font-weight: 500;\n            margin-bottom: 20px;\n            backdrop-filter: blur(10px);\n        }\n\n        .article-hero h1 {\n            font-family: 'Montserrat', sans-serif;\n            font-size: 2.5rem;\n            font-weight: 700;\n            line-height: 1.2;\n            margin-bottom: 20px;\n        }\n\n        .hl {\n            background: linear-gradient(45deg, var(--yellow), var(--teal));\n            color: var(--dark-gray);\n            padding: 4px 8px;\n            border-radius: 6px;\n            font-weight: 600;\n        }\n\n        .article-meta {\n            display: flex;\n            gap: 30px;\n            margin-bottom: 30px;\n            font-size: 14px;\n        }\n\n        .article-meta div {\n            display: flex;\n            align-items: center;\n            gap: 8px;\n        }\n\n        .stars {\n            color: var(--yellow);\n            font-size: 16px;\n        }\n\n        .article-hero-curve {\n            position: absolute;\n            bottom: -1px;\n            left: 0;\n            width: 100%;\n            height: 60px;\n            background: var(--white);\n            border-radius: 50% 50% 0 0 \/ 100% 100% 0 0;\n        }\n\n        .article-body {\n            padding: 60px 0;\n        }\n\n        .container {\n            max-width: 1200px;\n            margin: 0 auto;\n            padding: 0 20px;\n        }\n\n        .intro-block {\n            background: linear-gradient(135deg, var(--light-gray) 0%, rgba(169, 226, 228, 0.1) 100%);\n            border-left: 5px solid var(--primary-blue);\n            padding: 30px;\n            border-radius: 10px;\n            margin-bottom: 50px;\n            font-size: 1.1rem;\n            line-height: 1.7;\n        }\n\n        .stats-grid {\n            display: grid;\n            grid-template-columns: repeat(auto-fit, minmax(250px, 1fr));\n            gap: 30px;\n            margin: 50px 0;\n        }\n\n        .stat-card {\n            background: var(--white);\n            padding: 30px;\n            border-radius: 15px;\n            text-align: center;\n            box-shadow: 0 10px 30px rgba(0,0,0,0.1);\n            border-top: 4px solid var(--primary-blue);\n            transition: transform 0.3s ease;\n        }\n\n        .stat-card:hover {\n            transform: translateY(-5px);\n        }\n\n        .stat-card .number {\n            font-family: 'Montserrat', sans-serif;\n            font-size: 2.5rem;\n            font-weight: 700;\n            color: var(--primary-blue);\n            display: block;\n            margin-bottom: 10px;\n        }\n\n        .stat-card .label {\n            font-weight: 500;\n            color: var(--gray);\n        }\n\n        .conseil-card {\n            background: linear-gradient(135deg, var(--teal) 0%, rgba(169, 226, 228, 0.3) 100%);\n            padding: 25px;\n            border-radius: 12px;\n            margin: 25px 0;\n            border-left: 5px solid var(--dark-blue);\n        }\n\n        .conseil-card h4 {\n            font-family: 'Montserrat', sans-serif;\n            color: var(--dark-blue);\n            margin-bottom: 15px;\n            display: flex;\n            align-items: center;\n            gap: 10px;\n        }\n\n        .key-points {\n            background: var(--light-gray);\n            padding: 25px;\n            border-radius: 12px;\n            margin: 25px 0;\n        }\n\n        .key-points ul {\n            list-style: none;\n            margin-left: 0;\n        }\n\n        .key-points li {\n            padding: 8px 0;\n            padding-left: 30px;\n            position: relative;\n        }\n\n        .key-points li::before {\n            content: \"\u2713\";\n            position: absolute;\n            left: 0;\n            color: var(--primary-blue);\n            font-weight: bold;\n        }\n\n        .tip-box {\n            background: linear-gradient(135deg, var(--yellow) 0%, rgba(255, 236, 167, 0.3) 100%);\n            padding: 20px;\n            border-radius: 10px;\n            margin: 20px 0;\n            border: 1px solid rgba(255, 236, 167, 0.5);\n        }\n\n        .tip-box-label {\n            font-weight: 600;\n            color: var(--dark-gray);\n            margin-bottom: 10px;\n            display: flex;\n            align-items: center;\n            gap: 8px;\n        }\n\n        .expert-box {\n            background: linear-gradient(135deg, rgba(94, 94, 215, 0.1) 0%, rgba(82, 104, 201, 0.05) 100%);\n            border: 1px solid var(--primary-blue);\n            border-radius: 12px;\n            padding: 25px;\n            margin: 25px 0;\n        }\n\n        .expert-box-label {\n            font-size: 12px;\n            text-transform: uppercase;\n            color: var(--primary-blue);\n            font-weight: 600;\n            margin-bottom: 8px;\n        }\n\n        .expert-box-title {\n            font-family: 'Montserrat', sans-serif;\n            font-size: 1.1rem;\n            font-weight: 600;\n            color: var(--dark-blue);\n            margin-bottom: 15px;\n        }\n\n        .expert-inner {\n            background: var(--white);\n            border-radius: 8px;\n            padding: 20px;\n            margin: 15px 0;\n            border-left: 4px solid var(--teal);\n        }\n\n        .expert-inner-title {\n            font-weight: 600;\n            color: var(--dark-blue);\n            margin-bottom: 10px;\n        }\n\n        .faq-list {\n            margin: 40px 0;\n        }\n\n        .faq-item {\n            border: 1px solid #e9ecef;\n            border-radius: 8px;\n            margin-bottom: 10px;\n            overflow: hidden;\n        }\n\n        .faq-q {\n            padding: 20px;\n            background: var(--light-gray);\n            cursor: pointer;\n            display: flex;\n            justify-content: space-between;\n            align-items: center;\n            font-weight: 500;\n            transition: background-color 0.3s ease;\n        }\n\n        .faq-q:hover {\n            background: rgba(94, 94, 215, 0.1);\n        }\n\n        .faq-icon {\n            font-size: 20px;\n            color: var(--primary-blue);\n            transition: transform 0.3s ease;\n        }\n\n        .faq-item.open .faq-icon {\n            transform: rotate(45deg);\n        }\n\n        .faq-a {\n            padding: 0 20px;\n            max-height: 0;\n            overflow: hidden;\n            transition: all 0.3s ease;\n            background: var(--white);\n        }\n\n        .faq-item.open .faq-a {\n            padding: 20px;\n            max-height: 500px;\n        }\n\n        .cta-box {\n            background: linear-gradient(135deg, var(--primary-blue) 0%, var(--dark-blue) 100%);\n            color: var(--white);\n            padding: 40px;\n            border-radius: 15px;\n            text-align: center;\n            margin: 50px 0;\n        }\n\n        .cta-buttons {\n            display: flex;\n            gap: 20px;\n            justify-content: center;\n            margin-top: 25px;\n            flex-wrap: wrap;\n        }\n\n        .btn-white {\n            background: var(--white);\n            color: var(--primary-blue);\n            padding: 15px 30px;\n            border-radius: 50px;\n            text-decoration: none;\n            font-weight: 600;\n            transition: transform 0.3s ease;\n            display: inline-block;\n        }\n\n        .btn-white:hover {\n            transform: translateY(-2px);\n        }\n\n        .btn-outline {\n            background: transparent;\n            color: var(--white);\n            border: 2px solid var(--white);\n            padding: 13px 30px;\n            border-radius: 50px;\n            text-decoration: none;\n            font-weight: 600;\n            transition: all 0.3s ease;\n            display: inline-block;\n        }\n\n        .btn-outline:hover {\n            background: var(--white);\n            color: var(--primary-blue);\n        }\n\n        .article-tags {\n            margin: 40px 0;\n            text-align: center;\n        }\n\n        .article-tag {\n            display: inline-block;\n            background: var(--light-gray);\n            color: var(--gray);\n            padding: 8px 16px;\n            border-radius: 20px;\n            margin: 5px;\n            font-size: 14px;\n            text-decoration: none;\n            transition: all 0.3s ease;\n        }\n\n        .article-tag:hover {\n            background: var(--primary-blue);\n            color: var(--white);\n        }\n\n        h2 {\n            font-family: 'Montserrat', sans-serif;\n            font-size: 1.8rem;\n            font-weight: 600;\n            color: var(--dark-blue);\n            margin: 40px 0 20px;\n            padding-bottom: 10px;\n            border-bottom: 3px solid var(--teal);\n        }\n\n        h3 {\n            font-family: 'Montserrat', sans-serif;\n            font-size: 1.3rem;\n            font-weight: 600;\n            color: var(--dark-blue);\n            margin: 25px 0 15px;\n        }\n\n        p {\n            margin-bottom: 15px;\n            line-height: 1.7;\n        }\n\n        table {\n            width: 100%;\n            border-collapse: collapse;\n            margin: 25px 0;\n            background: var(--white);\n            border-radius: 8px;\n            overflow: hidden;\n            box-shadow: 0 2px 10px rgba(0,0,0,0.1);\n        }\n\n        th {\n            background: var(--primary-blue);\n            color: var(--white);\n            padding: 15px;\n            font-weight: 600;\n            text-align: left;\n        }\n\n        td {\n            padding: 15px;\n            border-bottom: 1px solid #e9ecef;\n        }\n\n        tr:last-child td {\n            border-bottom: none;\n        }\n\n        tr:nth-child(even) {\n            background: var(--light-gray);\n        }\n\n        @media (max-width: 768px) {\n            .article-hero h1 {\n                font-size: 2rem;\n            }\n            \n            .article-meta {\n                flex-direction: column;\n                gap: 15px;\n            }\n            \n            .cta-buttons {\n                flex-direction: column;\n                align-items: center;\n            }\n            \n            .stats-grid {\n                grid-template-columns: 1fr;\n            }\n        }\n    <\/style>\n<\/head>\n<body><section class=\"article-hero\">\n    <div class=\"article-hero-inner\">\n        <nav class=\"article-breadcrumb\">\n            <a href=\"\/\">In\u00edcio<\/a> \/ <a href=\"\/blog\">Blog<\/a> \/ <a href=\"\/sante-enfant\">Sa\u00fade infantil<\/a> \/ Vertigens em crian\u00e7as\n        <\/nav>\n        \n        <div class=\"article-category\">\ud83e\udde0 Sa\u00fade cognitiva<\/div>\n        \n        <h1>Como explicar e combater os <span class=\"hl\">vertigens em crian\u00e7as<\/span>?<\/h1>\n        \n        <div class=\"article-meta\">\n            <div>\ud83d\udcc5 Abril 2026<\/div>\n            <div>\u23f1\ufe0f 15 min de leitura<\/div>\n            <div>\ud83d\udc65 Pais e profissionais<\/div>\n            <div class=\"stars\">\u2b50 4.8\/5<\/div>\n        <\/div>\n    <\/div>\n    <div class=\"article-hero-curve\"><\/div>\n<\/section>\n\n<div class=\"article-body\">\n    <div class=\"container\">\n        <div class=\"intro-block\">\n            Os vertigens em crian\u00e7as s\u00e3o mais frequentes do que se pensa e muitas vezes subdiagnosticados. Quando uma crian\u00e7a diz que est\u00e1 com \"a cabe\u00e7a girando\", os pais podem se sentir desamparados diante dessa situa\u00e7\u00e3o desconcertante. Trata-se de um simples mal-estar passageiro ou de um problema mais s\u00e9rio que requer uma consulta m\u00e9dica? Essa sensa\u00e7\u00e3o de vertigem pode ter m\u00faltiplas origens e impactar significativamente o cotidiano da crian\u00e7a, desde suas atividades escolares at\u00e9 sua vida social. Este artigo ajuda voc\u00ea a entender os mecanismos complexos dos vertigens pedi\u00e1tricos, a reconhecer os sinais de alerta que devem preocupar voc\u00ea e, sobretudo, a descobrir solu\u00e7\u00f5es concretas e eficazes para acompanhar seu filho em dire\u00e7\u00e3o a um bem-estar duradouro. Nossa abordagem combina expertise m\u00e9dica, conselhos pr\u00e1ticos e ferramentas l\u00fadicas para transformar essa prova em uma oportunidade de aprendizado e fortalecimento do v\u00ednculo entre pais e filhos.\n        <\/div>\n\n        <div class=\"stats-grid\">\n            <div class=\"stat-card\">\n                <span class=\"number\">5-10%<\/span>\n                <span class=\"label\">das crian\u00e7as ter\u00e3o pelo menos um epis\u00f3dio de vertigem antes dos 10 anos<\/span>\n            <\/div>\n            <div class=\"stat-card\">\n                <span class=\"number\">70%<\/span>\n                <span class=\"label\">dos vertigens pedi\u00e1tricos s\u00e3o de origem benigna<\/span>\n            <\/div>\n            <div class=\"stat-card\">\n                <span class=\"number\">2-6 anos<\/span>\n                <span class=\"label\">idade mais frequente para o vertigem parox\u00edstico benigno<\/span>\n            <\/div>\n<div class=\"stat-card\">\n                    <span class=\"number\">80%<\/span>\n                    <span class=\"label\">de efic\u00e1cia da reabilita\u00e7\u00e3o vestibular na crian\u00e7a<\/span>\n                <\/div>\n            <\/div>\n\n            <h2>1. \ud83e\udde0 Compreender os mecanismos das vertigens na crian\u00e7a<\/h2>\n            \n            <p>A vertigem \u00e9 muito mais do que uma simples sensa\u00e7\u00e3o de tontura. Trata-se de uma ilus\u00e3o de movimento complexa onde a crian\u00e7a tem a impress\u00e3o de que tudo gira ao seu redor, ou que ela mesma est\u00e1 girando no espa\u00e7o, enquanto est\u00e1 perfeitamente im\u00f3vel. Essa sensa\u00e7\u00e3o resulta de um mau funcionamento nos sistemas respons\u00e1veis pelo equil\u00edbrio, criando uma contradi\u00e7\u00e3o entre as informa\u00e7\u00f5es sensoriais recebidas pelo c\u00e9rebro.<\/p>\n\n            <p>Nosso sistema de equil\u00edbrio repousa sobre tr\u00eas pilares fundamentais que trabalham em perfeita harmonia: o sistema vestibular do ouvido interno que detecta os movimentos e a orienta\u00e7\u00e3o da cabe\u00e7a, o sistema visual que nos informa sobre nossa posi\u00e7\u00e3o no espa\u00e7o, e a propriocep\u00e7\u00e3o que nos informa sobre a posi\u00e7\u00e3o do nosso corpo atrav\u00e9s dos sensores presentes em nossos m\u00fasculos e articula\u00e7\u00f5es. Na crian\u00e7a, esses sistemas ainda est\u00e3o em matura\u00e7\u00e3o, o que pode explicar uma maior vulnerabilidade aos dist\u00farbios de equil\u00edbrio.<\/p>\n\n            <p>A particularidade pedi\u00e1trica reside no fato de que o c\u00e9rebro da crian\u00e7a possui uma plasticidade excepcional, permitindo-lhe compensar mais rapidamente do que o adulto certos mau funcionamentos vestibulares. Essa capacidade de adapta\u00e7\u00e3o not\u00e1vel explica por que a reabilita\u00e7\u00e3o vestibular \u00e9 particularmente eficaz em pacientes jovens, com taxas de sucesso muitas vezes superiores a 80%.<\/p>\n\n            <div class=\"expert-box\">\n                <div class=\"expert-box-label\">EXPERTISE M\u00c9DICA<\/div>\n                <div class=\"expert-box-title\">O desenvolvimento do sistema vestibular na crian\u00e7a<\/div>\n                <div class=\"expert-inner\">\n                    <div class=\"expert-inner-title\">Matura\u00e7\u00e3o progressiva<\/div>\n                    <p>O sistema vestibular come\u00e7a seu desenvolvimento ainda na vida embrion\u00e1ria, mas continua sua matura\u00e7\u00e3o at\u00e9 a adolesc\u00eancia. Essa evolu\u00e7\u00e3o explica por que certos tipos de vertigens s\u00e3o mais frequentes em determinadas idades e podem desaparecer espontaneamente com o crescimento.<\/p>\n                <\/div>\n            <\/div>\n\n            <div class=\"conseil-card\">\n                <h4>\ud83d\udd0d Distinguir vertigem e outras sensa\u00e7\u00f5es<\/h4>\n                <p>\u00c9 crucial diferenciar uma verdadeira vertigem (sensa\u00e7\u00e3o de rota\u00e7\u00e3o) de uma simples tontura (sensa\u00e7\u00e3o de cabe\u00e7a leve) ou de um desequil\u00edbrio (instabilidade sem rota\u00e7\u00e3o). Essa distin\u00e7\u00e3o orienta o diagn\u00f3stico e o tratamento. Ajude seu filho a descrever precisamente o que ele sente usando met\u00e1foras simples: \"Voc\u00ea tem a impress\u00e3o de estar em um carrossel que gira?\"<\/p>\n            <\/div>\n\n            <div class=\"tip-box\">\n<div class=\"tip-box-label\">\ud83d\udca1 Dica pr\u00e1tica<\/div>\n                <p>Para ajudar seu filho a expressar melhor suas sensa\u00e7\u00f5es, utilize suportes visuais: mostre-lhe um pi\u00e3o que gira para ilustrar a vertigem, ou fa\u00e7a-o andar sobre uma linha imagin\u00e1ria para testar seu equil\u00edbrio. Esses exerc\u00edcios simples ajudar\u00e3o voc\u00ea a entender melhor seus sintomas.<\/p>\n            <\/div>\n\n            <h2>2. \ud83d\udd0d As principais causas das vertigens pedi\u00e1tricas<\/h2>\n\n            <p>As origens das vertigens na crian\u00e7a s\u00e3o m\u00faltiplas e variadas, indo de causas perfeitamente benignas a patologias que necessitam de um acompanhamento especializado. A compreens\u00e3o dessas diferentes etiologias permite que os pais adotem a atitude correta diante dos sintomas e saibam quando se preocupar legitimamente.<\/p>\n\n            <p>A vertigem parox\u00edstica benigna da inf\u00e2ncia representa a causa mais frequente entre 2 a 6 anos. Essas crises espetaculares, mas felizmente breves, se caracterizam pela sua ocorr\u00eancia s\u00fabita, muitas vezes acompanhadas de uma palidez intensa e, \u00e0s vezes, de v\u00f4mitos. A crian\u00e7a pode se agarrar desesperadamente a um adulto ou sentar-se abruptamente, parecendo aterrorizada por essa sensa\u00e7\u00e3o que n\u00e3o compreende. Entre os epis\u00f3dios, a crian\u00e7a retorna a um estado perfeitamente normal, o que tranquiliza sobre o car\u00e1ter benigno dessa condi\u00e7\u00e3o.<\/p>\n\n            <p>As otites, particularmente frequentes na inf\u00e2ncia, constituem outra causa importante de vertigens pedi\u00e1tricas. A infec\u00e7\u00e3o pode atingir o ouvido m\u00e9dio ou se estender ao ouvido interno, perturbando diretamente o sistema vestibular. A presen\u00e7a simult\u00e2nea de dores auriculares, febre ou secre\u00e7\u00f5es rapidamente orienta o diagn\u00f3stico para essa origem infecciosa, geralmente facilmente trat\u00e1vel.<\/p>\n\n            <div class=\"key-points\">\n                <h3>\ud83c\udfaf Causas frequentes por ordem de frequ\u00eancia<\/h3>\n                <ul>\n                    <li>Vertigem parox\u00edstica benigna da inf\u00e2ncia (VPBE) - 2 a 6 anos<\/li>\n                    <li>Enxaqueca vestibular - todas as idades, hist\u00f3rico familiar<\/li>\n                    <li>Otites m\u00e9dias e labirintites - pico entre 2-3 anos<\/li>\n                    <li>Hipotens\u00e3o ortost\u00e1tica - adolescentes em crescimento<\/li>\n                    <li>Ansiedade e estresse - crescente com a idade escolar<\/li>\n                    <li>VPPB (Vertigem Posicional Parox\u00edstica Benigna) - mais rara<\/li>\n                <\/ul>\n            <\/div>\n\n            <div class=\"expert-box\">\n                <div class=\"expert-box-label\">FOCO CL\u00cdNICO<\/div>\n                <div class=\"expert-box-title\">A enxaqueca vestibular na crian\u00e7a<\/div>\n                <p>Frequentemente desconhecida, a enxaqueca vestibular pode se manifestar apenas por vertigens, sem cefaleias. Ela afeta particularmente crian\u00e7as com hist\u00f3rico familiar de enxaquecas e pode evoluir para uma forma cl\u00e1ssica na adolesc\u00eancia.<\/p>\n                <div class=\"expert-inner\">\n<div class=\"expert-inner-title\">Sinais evocativos<\/div>\n                    <p>Tonturas recorrentes associadas a uma sensibilidade ao barulho e \u00e0 luz, n\u00e1useas, fadiga incomum, e frequentemente uma melhora no sil\u00eancio e na escurid\u00e3o.<\/p>\n                <\/div>\n            <\/div>\n\n            <h2>3. \ud83d\udc76 Reconhecer os sintomas de acordo com a idade da crian\u00e7a<\/h2>\n\n            <p>A express\u00e3o das tonturas varia consideravelmente de acordo com a idade da crian\u00e7a, e essa diferen\u00e7a de desenvolvimento constitui um dos principais desafios do diagn\u00f3stico pedi\u00e1trico. Quanto mais jovem a crian\u00e7a, mais as manifesta\u00e7\u00f5es podem ser at\u00edpicas e dif\u00edceis de interpretar, exigindo uma observa\u00e7\u00e3o atenta dos pais e uma especializa\u00e7\u00e3o m\u00e9dica.<\/p>\n\n            <p>Na primeira inf\u00e2ncia (0-2 anos), as tonturas raramente se traduzem em uma verbaliza\u00e7\u00e3o clara da sensa\u00e7\u00e3o. A crian\u00e7a pode apresentar choros inexplic\u00e1veis e inconsol\u00e1veis, um agarrar repentino e desesperado aos adultos, ou uma recusa categ\u00f3rica de ser colocada no ch\u00e3o. A palidez s\u00fabita, o suor, os v\u00f4mitos sem contexto infeccioso, e sobretudo uma mudan\u00e7a brusca de comportamento com imobiliza\u00e7\u00e3o podem ser os \u00fanicos ind\u00edcios da exist\u00eancia de uma tontura.<\/p>\n\n            <p>A crian\u00e7a em idade pr\u00e9-escolar (2-5 anos) come\u00e7a a conseguir expressar suas sensa\u00e7\u00f5es de maneira mais expl\u00edcita, embora o vocabul\u00e1rio permane\u00e7a limitado. Ela pode de repente sentar-se durante os jogos, agarrar-se aos m\u00f3veis, ou expressar um desconforto com frases simples como \"est\u00e1 girando\" ou \"estou com dor de barriga\". Essa faixa et\u00e1ria corresponde ao pico da tontura parox\u00edstica benigna da inf\u00e2ncia, da\u00ed a import\u00e2ncia de reconhecer essas manifesta\u00e7\u00f5es.<\/p>\n\n            <div class=\"conseil-card\">\n                <h4>\ud83d\udd0e Observar os sinais n\u00e3o-verbais na crian\u00e7a pequena<\/h4>\n                <p>Em crian\u00e7as que ainda n\u00e3o falam, fique atento \u00e0s mudan\u00e7as de comportamento: recusa repentina de andar, busca constante de apoio, modifica\u00e7\u00e3o dos h\u00e1bitos de brincadeira. Uma crian\u00e7a que evita repentinamente o balan\u00e7o ou o escorregador pode estar expressando suas tonturas. Documente essas observa\u00e7\u00f5es para o m\u00e9dico.<\/p>\n            <\/div>\n\n            <div class=\"tip-box\">\n<div class=\"tip-box-label\">\ud83d\udcf1 Aplicativo COCO PENSA e COCO SE MEXE<\/div>\n                <p>Nosso aplicativo <a href=\"https:\/\/www.dynseo.com\/pt-pt\/coco-pensa-e-coco-se-mexe\/\" style=\"color: var(--primary-blue); font-weight: 600;\">COCO<\/a> prop\u00f5e jogos de equil\u00edbrio adaptados que podem ajudar a detectar discretamente eventuais dist\u00farbios na crian\u00e7a, enquanto refor\u00e7a suas capacidades vestibulares de maneira l\u00fadica.<\/p>\n            <\/div>\n\n            <h2>4. \ud83d\udea8 Sinais de alarme: quando consultar em urg\u00eancia<\/h2>\n\n            <p>Se a maioria dos vertigens pedi\u00e1tricos resulta de causas benignas, algumas situa\u00e7\u00f5es constituem verdadeiras urg\u00eancias m\u00e9dicas que necessitam de atendimento imediato. O conhecimento desses sinais de alarme pode permitir que os pais reajam rapidamente e de forma apropriada diante de sintomas potencialmente graves.<\/p>\n\n            <p>Todo vertigem que ocorre ap\u00f3s um traumatismo craniano, mesmo aparentemente menor, deve obrigatoriamente levar a uma consulta urgente. O c\u00e9rebro da crian\u00e7a \u00e9 particularmente vulner\u00e1vel a choques, e les\u00f5es internas podem se desenvolver v\u00e1rias horas ap\u00f3s o impacto inicial. Da mesma forma, a associa\u00e7\u00e3o de vertigem e dores de cabe\u00e7a intensas, especialmente se estas forem incomuns para a crian\u00e7a ou acompanhadas de v\u00f4mitos em jato, pode revelar uma hipertens\u00e3o intracraniana.<\/p>\n\n            <p>Os dist\u00farbios neurol\u00f3gicos associados representam os sinais de alarme mais preocupantes: fraqueza ou paralisia de um lado do corpo, dist\u00farbios da fala, dificuldades de coordena\u00e7\u00e3o, dist\u00farbios visuais como vis\u00e3o dupla ou perda de campo visual. Esses sinais podem revelar uma les\u00e3o do sistema nervoso central que requer atendimento neurol\u00f3gico urgente.<\/p>\n\n            <div class=\"expert-box\">\n                <div class=\"expert-box-label\">URGENCIA M\u00c9DICA<\/div>\n                <div class=\"expert-box-title\">Quando chamar o 15 imediatamente<\/div>\n                <div class=\"expert-inner\">\n                    <div class=\"expert-inner-title\">Situa\u00e7\u00f5es cr\u00edticas<\/div>\n                    <p>Vertigem + perda de consci\u00eancia, vertigem + febre alta com rigidez de nuca, vertigem + dist\u00farbios neurol\u00f3gicos (fraqueza, dist\u00farbios visuais, dificuldades de fala), vertigem persistente por mais de 24h com v\u00f4mitos incoerc\u00edveis.<\/p>\n                <\/div>\n                <div class=\"expert-inner\">\n                    <div class=\"expert-inner-title\">Conduta a ter<\/div>\n                    <p>Manter a crian\u00e7a em posi\u00e7\u00e3o deitada, evitar qualquer movimento brusco, anotar a hora de in\u00edcio dos sintomas, preparar a lista de medicamentos tomados recentemente.<\/p>\n                <\/div>\n            <\/div>\n<div class=\"key-points\">\n                <h3>\u26a0\ufe0f Consulta r\u00e1pida recomendada se<\/h3>\n                <ul>\n                    <li>Ep\u00eds\u00f3dios de tontura recorrentes impactando a vida cotidiana<\/li>\n                    <li>Tonturas associadas a uma diminui\u00e7\u00e3o progressiva da audi\u00e7\u00e3o<\/li>\n                    <li>Ansiedade importante da crian\u00e7a relacionada aos epis\u00f3dios<\/li>\n                    <li>Tonturas desencadeadas sistematicamente por certos movimentos<\/li>\n                    <li>Hist\u00f3rico familiar de dist\u00farbios vestibulares severos<\/li>\n                    <li>Dificuldades escolares novas potencialmente relacionadas<\/li>\n                <\/ul>\n            <\/div>\n\n            <h2>5. \ud83d\udd2c O percurso diagn\u00f3stico moderno<\/h2>\n\n            <p>O diagn\u00f3stico das tonturas pedi\u00e1tricas baseia-se em uma abordagem met\u00f3dica que combina um interrogat\u00f3rio minucioso, exame cl\u00ednico especializado e exames complementares direcionados. Essa abordagem multidisciplinar permite identificar precisamente a origem dos sintomas e orientar o tratamento de maneira otimizada.<\/p>\n\n            <p>O interrogat\u00f3rio constitui a pedra angular do diagn\u00f3stico, necessitando muitas vezes de v\u00e1rias consultas para aprimorar a anamnese. O m\u00e9dico se interessa pelas circunst\u00e2ncias de ocorr\u00eancia das tonturas, sua dura\u00e7\u00e3o, intensidade, fatores desencadeantes ou calmantes, assim como pelos sintomas associados. Os antecedentes pessoais da crian\u00e7a (otites recorrentes, traumas, enxaquecas) e familiares (enxaquecas, surdez, dist\u00farbios vestibulares) fornecem elementos diagn\u00f3sticos valiosos.<\/p>\n\n            <p>O exame cl\u00ednico especializado inclui a avalia\u00e7\u00e3o do equil\u00edbrio est\u00e1tico e din\u00e2mico, a busca por nistagmo espont\u00e2neo ou provocado, o exame otosc\u00f3pico e diversas manobras diagn\u00f3sticas como o teste de Dix-Hallpike para detectar uma tontura posicional. Na crian\u00e7a, esses exames devem ser adaptados \u00e0 idade e apresentados de maneira l\u00fadica para obter sua coopera\u00e7\u00e3o.<\/p>\n\n            <div class=\"conseil-card\">\n                <h4>\ud83d\udccb Preparar eficazmente a consulta<\/h4>\n                <p>Mantenha um di\u00e1rio detalhado dos epis\u00f3dios: data, hora, dura\u00e7\u00e3o, circunst\u00e2ncias, sintomas associados, o que melhora ou agrava. Filme discretamente um epis\u00f3dio se poss\u00edvel (com a autoriza\u00e7\u00e3o da crian\u00e7a). Liste todos os medicamentos tomados recentemente e os antecedentes familiares de enxaquecas ou dist\u00farbios auditivos.<\/p>\n            <\/div>\n\n            <div class=\"tip-box\">\n<div class=\"tip-box-label\">\ud83c\udfaf Exames complementares poss\u00edveis<\/div>\n                <p>Audiograma para avaliar a audi\u00e7\u00e3o, videonistagmografia para registrar os movimentos oculares, testes vestibulares cal\u00f3ricos, resson\u00e2ncia magn\u00e9tica cerebral se houver suspeita de causa central, hemograma (NFS, ferro, tireoide) conforme a orienta\u00e7\u00e3o cl\u00ednica.<\/p>\n            <\/div>\n\n            <h2>6. \ud83d\udc8a Estrat\u00e9gias terap\u00eauticas adaptadas \u00e0 crian\u00e7a<\/h2>\n\n            <p>O tratamento dos vertigens pedi\u00e1tricos deve ser personalizado de acordo com a idade da crian\u00e7a, a causa identificada e o impacto na sua qualidade de vida. A abordagem terap\u00eautica moderna privilegia os m\u00e9todos n\u00e3o medicamentosos e a reabilita\u00e7\u00e3o, reservando os tratamentos farmacol\u00f3gicos para situa\u00e7\u00f5es espec\u00edficas e por per\u00edodos limitados.<\/p>\n\n            <p>Para o vertigem parox\u00edstico benigno da inf\u00e2ncia, que representa a causa mais frequente, o tratamento \u00e9 principalmente sintom\u00e1tico e tranquilizador. Os epis\u00f3dios sendo breves e espontaneamente resolutivos, o acompanhamento psicol\u00f3gico e a educa\u00e7\u00e3o dos pais constituem os pilares do atendimento. Trata-se de explicar o car\u00e1ter benigno da condi\u00e7\u00e3o e de aprender a gerenciar as crises quando elas ocorrem.<\/p>\n\n            <p>A reabilita\u00e7\u00e3o vestibular representa uma abordagem terap\u00eautica de escolha na crian\u00e7a, beneficiando-se da not\u00e1vel plasticidade cerebral dessa popula\u00e7\u00e3o. Essa reabilita\u00e7\u00e3o, conduzida por fisioterapeutas especializados, visa estimular os mecanismos de compensa\u00e7\u00e3o central e melhorar a integra\u00e7\u00e3o das informa\u00e7\u00f5es sensoriais. A abordagem l\u00fadica \u00e9 essencial para manter a motiva\u00e7\u00e3o da crian\u00e7a ao longo do tratamento.<\/p>\n\n            <div class=\"expert-box\">\n                <div class=\"expert-box-label\">INOVA\u00c7\u00c3O TERAP\u00caUTICA<\/div>\n                <div class=\"expert-box-title\">Reabilita\u00e7\u00e3o vestibular moderna<\/div>\n                <p>As novas t\u00e9cnicas de reabilita\u00e7\u00e3o utilizam a realidade virtual, os jogos de v\u00eddeo terap\u00eauticos e os aplicativos m\u00f3veis para tornar os exerc\u00edcios mais atraentes e motivadores para as crian\u00e7as.<\/p>\n                <div class=\"expert-inner\">\n                    <div class=\"expert-inner-title\">Vantagens na crian\u00e7a<\/div>\n                    <p>Plasticidade cerebral \u00f3tima, motiva\u00e7\u00e3o mantida pelo jogo, rapidez de compensa\u00e7\u00e3o (4-6 semanas vs 3-6 meses em adultos), baixa resist\u00eancia psicol\u00f3gica \u00e0 mudan\u00e7a.<\/p>\n                <\/div>\n            <\/div>\n\n            <div class=\"tip-box\">\n<div class=\"tip-box-label\">\ud83c\udfae COCO PENSA e COCO SE MEXE<\/div>\n                <p>Descubra nosso aplicativo <a href=\"https:\/\/www.dynseo.com\/pt-pt\/coco-pensa-e-coco-se-mexe\/\" style=\"color: var(--primary-blue); font-weight: 600;\">COCO<\/a> que oferece exerc\u00edcios de equil\u00edbrio e coordena\u00e7\u00e3o especialmente projetados para crian\u00e7as, com pausas ativas que estimulam o sistema vestibular de maneira l\u00fadica e progressiva.<\/p>\n            <\/div>\n\n            <h2>7. \ud83e\udd38 Exerc\u00edcios de reabilita\u00e7\u00e3o vestibular l\u00fadicos<\/h2>\n\n            <p>A reabilita\u00e7\u00e3o vestibular na crian\u00e7a deve necessariamente ter um car\u00e1ter l\u00fadico para manter o engajamento e a motiva\u00e7\u00e3o ao longo do tratamento. Esses exerc\u00edcios, apresentados na forma de jogos, permitem estimular efetivamente os diferentes componentes do sistema de equil\u00edbrio, proporcionando prazer \u00e0 crian\u00e7a.<\/p>\n\n            <p>Os exerc\u00edcios de equil\u00edbrio est\u00e1tico constituem a base da reabilita\u00e7\u00e3o. O exerc\u00edcio do \"flamingo\" transforma a esta\u00e7\u00e3o unipodal em um jogo divertido: a crian\u00e7a deve se equilibrar em um p\u00e9 como a elegante ave, variando as condi\u00e7\u00f5es (olhos abertos e depois fechados, em superf\u00edcie est\u00e1vel e depois inst\u00e1vel). A progress\u00e3o ocorre naturalmente, aumentando a dura\u00e7\u00e3o e a complexidade, sempre em um esp\u00edrito de desafio pessoal em vez de imposi\u00e7\u00e3o terap\u00eautica.<\/p>\n\n            <p>As atividades de equil\u00edbrio din\u00e2mico integram o movimento na aprendizagem. O jogo do \"equilibrista\" prop\u00f5e \u00e0 crian\u00e7a andar sobre uma linha tra\u00e7ada no ch\u00e3o, primeiro larga e depois cada vez mais fina, variando os ritmos (caminhada normal, calcanhar-p\u00e9, marcha para tr\u00e1s). Esses exerc\u00edcios podem ser enriquecidos com a adi\u00e7\u00e3o de obst\u00e1culos a serem ultrapassados ou objetos a serem transportados, transformando a sess\u00e3o em um verdadeiro percurso de aventura.<\/p>\n\n            <div class=\"conseil-card\">\n                <h4>\ud83c\udfaf Exerc\u00edcio de estabiliza\u00e7\u00e3o do olhar<\/h4>\n                <p>O jogo dos \"olhos magn\u00e9ticos\": a crian\u00e7a segue com o olhar um objeto colorido (brinquedo, adesivo no polegar) enquanto move a cabe\u00e7a de um lado para o outro, depois de cima para baixo. O objetivo \u00e9 manter o objeto n\u00edtido e est\u00e1vel em seu campo visual. Come\u00e7ar devagar e depois acelerar gradualmente. Dura\u00e7\u00e3o: 5-10 minutos, 2 vezes por dia.<\/p>\n            <\/div>\n\n            <div class=\"key-points\">\n                <h3>\ud83c\udfc3 Programa de exerc\u00edcios semanal<\/h3>\n                <ul>\n                    <li>Segunda\/Quarta\/Sexta: Equil\u00edbrio est\u00e1tico (flamingo, \u00e1rvore que n\u00e3o se mexe)<\/li>\n                    <li>Ter\u00e7a\/Quinta\/S\u00e1bado: Equil\u00edbrio din\u00e2mico (equilibrista, percurso com obst\u00e1culos)<\/li>\n                    <li>Diariamente: Estabiliza\u00e7\u00e3o do olhar (5 minutos de manh\u00e3 e \u00e0 noite)<\/li>\n                    <li>Domingo: Atividade livre (bicicleta, nata\u00e7\u00e3o, dan\u00e7a) conforme prefer\u00eancias<\/li>\n                    <li>Progress\u00e3o: aumentar a dificuldade a cada semana conforme a toler\u00e2ncia<\/li>\n                    <li>Seguran\u00e7a: sempre na presen\u00e7a de um adulto, ambiente seguro<\/li>\n                <\/ul>\n            <\/div>\n\n            <div class=\"tip-box\">\n<div class=\"tip-box-label\">\ud83c\udfaa Tornar os exerc\u00edcios divertidos<\/div>\n                <p>Crie hist\u00f3rias em torno dos exerc\u00edcios: \"Voc\u00ea \u00e9 um pirata em seu navio que balan\u00e7a\" para o equil\u00edbrio inst\u00e1vel, \"Voc\u00ea \u00e9 um espi\u00e3o que segue um alvo\" para os exerc\u00edcios oculares. Use m\u00fasica, recompensas visuais e celebre cada progresso!<\/p>\n            <\/div>\n\n            <h2>8. \ud83c\udfe0 Acompanhamento di\u00e1rio e apoio familiar<\/h2>\n\n            <p>O acompanhamento di\u00e1rio de uma crian\u00e7a que sofre de vertigens requer uma abordagem carinhosa e estruturada, combinando vigil\u00e2ncia m\u00e9dica e normaliza\u00e7\u00e3o da vida familiar. Os pais desempenham um papel central no sucesso do tratamento, sua atitude influenciando diretamente a evolu\u00e7\u00e3o dos sintomas e a viv\u00eancia psicol\u00f3gica da crian\u00e7a.<\/p>\n\n            <p>Durante as crises de vertigem, a primeira prioridade \u00e9 garantir a seguran\u00e7a f\u00edsica da crian\u00e7a enquanto a acalma efetivamente. \u00c9 importante ajud\u00e1-la a se acomodar em uma posi\u00e7\u00e3o confort\u00e1vel e est\u00e1vel, evitar movimentos bruscos da cabe\u00e7a e manter um ambiente calmo e tranquilizador. A t\u00e9cnica de respira\u00e7\u00e3o controlada pode ser ensinada at\u00e9 mesmo aos mais jovens: inspirar lentamente pelo nariz enquanto infla a barriga, expirar suavemente pela boca como se estivesse soprando uma vela distante.<\/p>\n\n            <p>A explica\u00e7\u00e3o adaptada \u00e0 idade da crian\u00e7a \u00e9 um elemento terap\u00eautico essencial. Usar met\u00e1foras simples e tranquilizadoras ajuda a crian\u00e7a a entender o que est\u00e1 acontecendo: \"No seu ouvido, h\u00e1 um pequeno n\u00edvel de bolha como o do papai para seus consertos. \u00c0s vezes, a bolha se move um pouco e isso d\u00e1 essa sensa\u00e7\u00e3o estranha, mas n\u00e3o \u00e9 perigoso e volta ao normal sozinho.\" Essa desmistifica\u00e7\u00e3o reduz a ansiedade antecipat\u00f3ria e favorece a colabora\u00e7\u00e3o da crian\u00e7a em seu tratamento.<\/p>\n\n            <div class=\"expert-box\">\n                <div class=\"expert-box-label\">PSICOLOGIA PEDI\u00c1TRICA<\/div>\n                <div class=\"expert-box-title\">Impacto psicol\u00f3gico das vertigens<\/div>\n                <p>As vertigens recorrentes podem gerar uma ansiedade antecipat\u00f3ria na crian\u00e7a, limitando suas atividades e seu desenvolvimento social. Um acompanhamento psicol\u00f3gico pode ser ben\u00e9fico.<\/p>\n                <div class=\"expert-inner\">\n                    <div class=\"expert-inner-title\">Sinais de alerta psicol\u00f3gicos<\/div>\n                    <p>Evita\u00e7\u00e3o de atividades habituais, novos medos, dist\u00farbios do sono, regress\u00e3o comportamental, dificuldades de separa\u00e7\u00e3o, queixas som\u00e1ticas m\u00faltiplas.<\/p>\n                <\/div>\n            <\/div>\n<div class=\"conseil-card\">\n                <h4>\ud83d\udee1\ufe0f Adaptar o ambiente dom\u00e9stico<\/h4>\n                <p>Segure o habitat: corrim\u00e3os nas escadas, ilumina\u00e7\u00e3o noturna suficiente, tapetes antiderrapantes no banheiro. Crie um \"cantinho de conforto\" com almofadas e objetos tranquilizadores onde a crian\u00e7a possa se refugiar durante as crises. Evite ambientes visualmente muito estimulantes (luzes piscantes, televis\u00e3o muito alta).<\/p>\n            <\/div>\n\n            <h2>9. \ud83d\udcda Tonturas e impacto na escolaridade<\/h2>\n\n            <p>As repercuss\u00f5es escolares das tonturas pedi\u00e1tricas s\u00e3o frequentemente subestimadas, no entanto, podem impactar significativamente a aprendizagem, a socializa\u00e7\u00e3o e o desenvolvimento da crian\u00e7a. Uma comunica\u00e7\u00e3o proativa com a equipe educacional e a implementa\u00e7\u00e3o de adapta\u00e7\u00f5es adequadas s\u00e3o elementos-chave para o sucesso escolar dessas crian\u00e7as.<\/p>\n\n            <p>As aus\u00eancias repetidas relacionadas \u00e0s crises de tontura podem criar atrasos na aprendizagem, particularmente preocupantes nas mat\u00e9rias fundamentais. Al\u00e9m do aspecto puramente pedag\u00f3gico, a crian\u00e7a pode desenvolver uma ansiedade de desempenho, temendo n\u00e3o conseguir acompanhar os colegas ou sofrer uma nova crise em sala de aula. Esse ciclo ansioso pode, paradoxalmente, agravar os sintomas vestibulares, criando um c\u00edrculo vicioso prejudicial.<\/p>\n\n            <p>A concentra\u00e7\u00e3o em sala de aula pode ser afetada em uma crian\u00e7a que sofre de tonturas cr\u00f4nicas, mesmo fora das crises agudas. A fadiga gerada pela compensa\u00e7\u00e3o vestibular constante, a ansiedade antecipat\u00f3ria e, \u00e0s vezes, os efeitos colaterais dos tratamentos podem diminuir as capacidades atencionais. Essas dificuldades, se n\u00e3o forem reconhecidas e levadas em conta, podem ser interpretadas erroneamente como falta de motiva\u00e7\u00e3o ou dist\u00farbios de comportamento.<\/p>\n\n            <div class=\"tip-box\">\n                <div class=\"tip-box-label\">\ud83d\udccb Projeto de Acolhimento Individualizado (PAI)<\/div>\n                <p>Se as tonturas impactam significativamente a escolaridade, a implementa\u00e7\u00e3o de um PAI permite formalizar as adapta\u00e7\u00f5es necess\u00e1rias: autoriza\u00e7\u00e3o para sair da sala de aula, adapta\u00e7\u00e3o das atividades esportivas, tempo adicional para avalia\u00e7\u00f5es se necess\u00e1rio, informa\u00e7\u00e3o de todos os intervenientes escolares.<\/p>\n            <\/div>\n<div class=\"key-points\">\n                <h3>\ud83c\udf92 Am\u00e9nagements escolares recomendados<\/h3>\n                <ul>\n                    <li>Coloca\u00e7\u00e3o preferencial perto da porta para sa\u00edda f\u00e1cil, se necess\u00e1rio<\/li>\n                    <li>Autoriza\u00e7\u00e3o de pausa em caso de sensa\u00e7\u00e3o de vertigem<\/li>\n                    <li>Adapta\u00e7\u00e3o das atividades de Educa\u00e7\u00e3o F\u00edsica (evitar rota\u00e7\u00f5es r\u00e1pidas, alturas)<\/li>\n                    <li>Informa\u00e7\u00e3o da enfermeira escolar sobre a conduta a ser adotada<\/li>\n                    <li>Comunica\u00e7\u00e3o regular entre a fam\u00edlia e a equipe educativa<\/li>\n                    <li>Conscientiza\u00e7\u00e3o dos colegas, se necess\u00e1rio (com a autoriza\u00e7\u00e3o da crian\u00e7a)<\/li>\n                <\/ul>\n            <\/div>\n\n            <h2>10. \ud83c\udf31 Preven\u00e7\u00e3o e higiene de vida otimais<\/h2>\n\n            <p>A preven\u00e7\u00e3o das vertigens pedi\u00e1tricas baseia-se em uma abordagem global de higiene de vida, visando otimizar o funcionamento do sistema vestibular e reduzir os fatores de risco identific\u00e1veis. Essa abordagem preventiva, acess\u00edvel a todas as fam\u00edlias, constitui um complemento essencial aos tratamentos espec\u00edficos e pode melhorar significativamente a qualidade de vida da crian\u00e7a.<\/p>\n\n            <p>O sono ocupa um lugar central na preven\u00e7\u00e3o dos dist\u00farbios vestibulares. Uma crian\u00e7a cansada apresenta uma vulnerabilidade aumentada \u00e0s vertigens, seu c\u00e9rebro tendo mais dificuldades para integrar e processar corretamente as informa\u00e7\u00f5es sensoriais. As recomenda\u00e7\u00f5es incluem hor\u00e1rios de dormir regulares adaptados \u00e0 idade (19h30-20h30 para crian\u00e7as de 3-8 anos, 21h-22h para pr\u00e9-adolescentes), um ambiente de sono ideal (quarto fresco, escuro, silencioso) e a limita\u00e7\u00e3o de telas antes de dormir, que podem perturbar a secre\u00e7\u00e3o de melatonina.<\/p>\n\n            <p>A hidrata\u00e7\u00e3o representa outro pilar fundamental, a desidrata\u00e7\u00e3o mesmo leve podendo provocar tonturas e favorecer as vertigens. A crian\u00e7a deve beber regularmente ao longo do dia, com aten\u00e7\u00e3o especial em dias quentes, durante a atividade f\u00edsica ou em caso de febre. Bebidas a\u00e7ucaradas ou estimulantes devem ser evitadas, a \u00e1gua permanecendo a bebida de refer\u00eancia, eventualmente enriquecida com frutas frescas para torn\u00e1-la mais atraente.<\/p>\n\n            <div class=\"conseil-card\">\n                <h4>\ud83c\udf4e Nutri\u00e7\u00e3o anti-vertigem<\/h4>\n                <p>Priorize uma alimenta\u00e7\u00e3o equilibrada com refei\u00e7\u00f5es regulares para evitar a hipoglicemia. Limite os alimentos ricos em s\u00f3dio que podem afetar o equil\u00edbrio h\u00eddrico do ouvido interno. Em caso de enxaqueca vestibular, identifique e evite os alimentos desencadeadores potenciais (chocolate, queijos fermentados, c\u00edtricos, dependendo do caso).<\/p>\n            <\/div>\n\n            <div class=\"expert-box\">\n                <div class=\"expert-box-label\">PESQUISA ATUAL<\/div>\n                <div class=\"expert-box-title\">Atividade f\u00edsica e sistema vestibular<\/div>\n                <p>Estudos recentes mostram que o exerc\u00edcio f\u00edsico regular melhora significativamente a fun\u00e7\u00e3o vestibular na crian\u00e7a, estimulando a neuroplasticidade e os mecanismos de compensa\u00e7\u00e3o.<\/p>\n                <div class=\"expert-inner\">\n<div class=\"expert-inner-title\">Esportes recomendados<\/div>\n                    <p>Nata\u00e7\u00e3o (estimula\u00e7\u00e3o vestibular suave), bicicleta (equil\u00edbrio din\u00e2mico), dan\u00e7a (coordena\u00e7\u00e3o), artes marciais adaptadas (propriocep\u00e7\u00e3o). Evitar temporariamente esportes de risco de choque durante per\u00edodos sintom\u00e1ticos.<\/p>\n                <\/div>\n            <\/div>\n\n            <h2>11. \ud83c\udfaf Ferramentas digitais e aplicativos terap\u00eauticos<\/h2>\n\n            <p>A era digital revolucionou a abordagem terap\u00eautica dos dist\u00farbios vestibulares pedi\u00e1tricos, oferecendo novas ferramentas interativas e motivadoras para acompanhar a reabilita\u00e7\u00e3o. Essas tecnologias inovadoras exploram o apelo natural das crian\u00e7as por suportes digitais enquanto oferecem exerc\u00edcios terap\u00eauticos validados cientificamente.<\/p>\n\n            <p>Os aplicativos de reabilita\u00e7\u00e3o vestibular utilizam sensores integrados a smartphones e tablets para propor exerc\u00edcios de equil\u00edbrio gamificados. Esses programas adaptam automaticamente a dificuldade de acordo com os progressos da crian\u00e7a, mantendo um n\u00edvel de desafio ideal para favorecer o engajamento e a progress\u00e3o. Os sistemas de recompensas virtuais, emblemas e classifica\u00e7\u00f5es transformam a obriga\u00e7\u00e3o terap\u00eautica em prazer l\u00fadico.<\/p>\n\n            <p>A realidade virtual representa uma abordagem particularmente promissora, permitindo criar ambientes controlados para expor progressivamente a crian\u00e7a a estimula\u00e7\u00f5es vestibulares variadas. Essas ferramentas facilitam a habitua\u00e7\u00e3o \u00e0s sensa\u00e7\u00f5es de movimento enquanto oferecem um ambiente seguro e modul\u00e1vel de acordo com as necessidades individuais. A imers\u00e3o virtual pode simular situa\u00e7\u00f5es da vida cotidiana (transporte, jogos de bola) em um contexto terap\u00eautico controlado.<\/p>\n\n            <div class=\"tip-box\">\n                <div class=\"tip-box-label\">\ud83d\ude80 COCO PENSA e COCO SE MEXE<\/div>\n                <p>Nosso aplicativo <a href=\"https:\/\/www.dynseo.com\/pt-pt\/coco-pensa-e-coco-se-mexe\/\" style=\"color: var(--primary-blue); font-weight: 600;\">COCO<\/a> integra especificamente exerc\u00edcios de equil\u00edbrio e coordena\u00e7\u00e3o em um ambiente l\u00fadico adaptado para crian\u00e7as. As pausas ativas propostas estimulam naturalmente o sistema vestibular enquanto oferecem uma experi\u00eancia de jogo enriquecedora e educativa.<\/p>\n            <\/div>\n<div class=\"key-points\">\n                <h3>\ud83d\udcf1 Funcionalidades dos apps terap\u00eauticos modernos<\/h3>\n                <ul>\n                    <li>Exerc\u00edcios personalizados de acordo com a idade e as capacidades da crian\u00e7a<\/li>\n                    <li>Progress\u00e3o autom\u00e1tica baseada no desempenho<\/li>\n                    <li>Interface l\u00fadica com recompensas e incentivos<\/li>\n                    <li>Acompanhamento dos progressos compartilh\u00e1vel com os profissionais<\/li>\n                    <li>Exerc\u00edcios adapt\u00e1veis de acordo com o ambiente (casa, escola)<\/li>\n                    <li>Lembretes e notifica\u00e7\u00f5es para manter a regularidade<\/li>\n                <\/ul>\n            <\/div>\n\n            <h2>12. \ud83e\ude7a Inova\u00e7\u00f5es diagn\u00f3sticas e terap\u00eauticas<\/h2>\n\n            <p>A medicina vestibular pedi\u00e1trica se beneficia atualmente de avan\u00e7os tecnol\u00f3gicos not\u00e1veis que transformam as abordagens diagn\u00f3sticas e terap\u00eauticas. Essas inova\u00e7\u00f5es permitem uma avalia\u00e7\u00e3o mais precisa dos dist\u00farbios de equil\u00edbrio na crian\u00e7a e abrem novas perspectivas de tratamento personalizado.<\/p>\n\n            <p>Os novos sistemas de videonistagmografia de alta defini\u00e7\u00e3o permitem analisar com uma precis\u00e3o inigual\u00e1vel os movimentos oculares reflexos, verdadeiras janelas sobre o funcionamento vestibular. Esses equipamentos, adaptados \u00e0 morfologia pedi\u00e1trica, facilitam a explora\u00e7\u00e3o das crian\u00e7as mesmo muito jovens gra\u00e7as a interfaces l\u00fadicas e tempos de exame reduzidos. A an\u00e1lise automatizada dos dados permite aos cl\u00ednicos detectar anomalias sutis que escapariam \u00e0 observa\u00e7\u00e3o tradicional.<\/p>\n\n            <p>A plataforma de posturografia din\u00e2mica representa um outro avan\u00e7o significativo, avaliando de maneira objetiva o equil\u00edbrio da crian\u00e7a em condi\u00e7\u00f5es variadas e controladas. Esses sistemas prop\u00f5em ambientes virtuais imersivos que testam a capacidade de adapta\u00e7\u00e3o vestibular enquanto cativam a aten\u00e7\u00e3o da crian\u00e7a. Os dados coletados orientam precisamente a reabilita\u00e7\u00e3o ao identificar os d\u00e9ficits espec\u00edficos a corrigir.<\/p>\n\n            <div class=\"expert-box\">\n                <div class=\"expert-box-label\">INOVA\u00c7\u00c3O TECNOL\u00d3GICA<\/div>\n                <div class=\"expert-box-title\">Intelig\u00eancia artificial em vestibulologia<\/div>\n                <p>Os algoritmos de IA agora analisam os padr\u00f5es de movimentos oculares e posturais para aprimorar os diagn\u00f3sticos diferenciais e prever a evolu\u00e7\u00e3o dos dist\u00farbios vestibulares na crian\u00e7a.<\/p>\n                <div class=\"expert-inner\">\n                    <div class=\"expert-inner-title\">Vantagens cl\u00ednicas<\/div>\n                    <p>Diagn\u00f3stico mais precoce, personaliza\u00e7\u00e3o \u00f3tima dos tratamentos, previs\u00e3o da evolu\u00e7\u00e3o, detec\u00e7\u00e3o de recidivas, otimiza\u00e7\u00e3o do acompanhamento terap\u00eautico.<\/p>\n                <\/div>\n            <\/div>\n\n            <div class=\"conseil-card\">\n                <h4>\ud83d\udd2c Telemedicina e acompanhamento \u00e0 dist\u00e2ncia<\/h4>\n                <p>As plataformas de teleconsulta especializadas permitem um acompanhamento regular das crian\u00e7as que sofrem de vertigens, particularmente \u00fatil para as fam\u00edlias distantes dos centros especializados. Os aplicativos de acompanhamento conectados transmitem em tempo real os dados dos exerc\u00edcios e a evolu\u00e7\u00e3o dos sintomas aos profissionais.<\/p>\n            <\/div>\n\n            <div class=\"cta-box\">\n                <h3>\ud83c\udf1f Acompanhe seu filho rumo a um melhor equil\u00edbrio<\/h3>\n                <p>Descubra como nosso aplicativo COCO pode apoiar a reabilita\u00e7\u00e3o vestibular do seu filho atrav\u00e9s de jogos especialmente projetados para estimular o equil\u00edbrio e a coordena\u00e7\u00e3o de maneira l\u00fadica e progressiva.<\/p>\n<div class=\"cta-buttons\">\n                    <a href=\"https:\/\/www.dynseo.com\/pt-pt\/coco-pensa-e-coco-se-mexe\/\" class=\"btn-white\">Descobrir COCO<\/a>\n                    <a href=\"#\" class=\"btn-outline\">Guia gratuito<\/a>\n                <\/div>\n            <\/div>\n\n            <div class=\"faq-list\">\n                <h2>\u2753 Perguntas frequentes<\/h2>\n                \n                <div class=\"faq-item\">\n                    <div class=\"faq-q\">\n                        <span>Meu filho de 4 anos diz frequentemente que \"est\u00e1 girando\". \u00c9 normal nessa idade?<\/span>\n                        <span class=\"faq-icon\">+<\/span>\n                    <\/div>\n                    <div class=\"faq-a\">\n                        <p>Os epis\u00f3dios ocasionais de tontura s\u00e3o relativamente frequentes em crian\u00e7as em idade pr\u00e9-escolar e muitas vezes correspondem \u00e0 vertigem parox\u00edstica benigna da inf\u00e2ncia. No entanto, se esses epis\u00f3dios forem frequentes (mais de uma vez por semana), durarem muito tempo, forem acompanhados de outros sintomas (v\u00f4mitos, dores de cabe\u00e7a, dist\u00farbios auditivos) ou impactarem as atividades di\u00e1rias do seu filho, uma consulta pedi\u00e1trica \u00e9 necess\u00e1ria para descartar qualquer causa subjacente e propor um tratamento adequado.<\/p>\n                    <\/div>\n                <\/div>\n\n                <div class=\"faq-item\">\n                    <div class=\"faq-q\">\n                        <span>Os epis\u00f3dios de tontura podem estar relacionados ao estresse ou \u00e0 ansiedade na crian\u00e7a?<\/span>\n                        <span class=\"faq-icon\">+<\/span>\n                    <\/div>\n                    <div class=\"faq-a\">\n                        <p>Absolutamente. A ansiedade e o estresse representam causas significativas de sensa\u00e7\u00f5es de tontura na crian\u00e7a, particularmente frequentes durante per\u00edodos dif\u00edceis como o in\u00edcio do ano escolar, uma mudan\u00e7a de casa, problemas familiares ou dificuldades relacionais. Essas tonturas \"psicog\u00eanicas\" s\u00e3o reais e necessitam de um tratamento adequado que combine tranquiliza\u00e7\u00e3o, t\u00e9cnicas de relaxamento e, \u00e0s vezes, acompanhamento psicol\u00f3gico. \u00c9 importante n\u00e3o minimizar esses sintomas e identificar os fatores de estresse para propor estrat\u00e9gias de adapta\u00e7\u00e3o apropriadas.<\/p>\n                    <\/div>\n                <\/div>\n\n                <div class=\"faq-item\">\n                    <div class=\"faq-q\">\n                        <span>A partir de que idade pode-se considerar uma reabilita\u00e7\u00e3o vestibular?<\/span>\n                        <span class=\"faq-icon\">+<\/span>\n                    <\/div>\n                    <div class=\"faq-a\">\n                        <p>A reabilita\u00e7\u00e3o vestibular pode ser proposta a partir dos 4-5 anos, adaptada na forma de exerc\u00edcios l\u00fadicos e jogos. Os fisioterapeutas especializados em reabilita\u00e7\u00e3o vestibular sabem perfeitamente adaptar suas t\u00e9cnicas \u00e0 idade da crian\u00e7a, transformando os exerc\u00edcios terap\u00eauticos em atividades divertidas e motivadoras. A efic\u00e1cia \u00e9 geralmente excelente na crian\u00e7a devido \u00e0 not\u00e1vel plasticidade cerebral que caracteriza esse per\u00edodo de desenvolvimento, permitindo uma compensa\u00e7\u00e3o r\u00e1pida e duradoura das defici\u00eancias vestibulares.<\/p>\n                    <\/div>\n                <\/div>\n\n                <div class=\"faq-item\">\n                    <div class=\"faq-q\">\n                        <span>Meu filho pode praticar esportes apesar de suas tonturas?<\/span>\n                        <span class=\"faq-icon\">+<\/span>\n                    <\/div>\n<div class=\"faq-a\">\n                        <p>Na maioria dos casos, a atividade f\u00edsica n\u00e3o s\u00f3 \u00e9 permitida, mas recomendada, pois contribui para melhorar o equil\u00edbrio e estimula os mecanismos de compensa\u00e7\u00e3o vestibular. No entanto, durante per\u00edodos de vertigens frequentes, pode ser prudente adaptar temporariamente a pr\u00e1tica esportiva: evitar esportes com risco de quedas importantes (escalada, gin\u00e1stica com aparelhos), limitar atividades que envolvam rota\u00e7\u00f5es r\u00e1pidas, privilegiar esportes em ambiente seguro. A nata\u00e7\u00e3o, a bicicleta e a caminhada geralmente s\u00e3o bem toleradas e ben\u00e9ficas.<\/p>\n                    <\/div>\n                <\/div>\n\n                <div class=\"faq-item\">\n                    <div class=\"faq-q\">\n                        <span>As telas podem agravar as vertigens do meu filho?<\/span>\n                        <span class=\"faq-icon\">+<\/span>\n                    <\/div>\n                    <div class=\"faq-a\">\n                        <p>Sim, o uso excessivo de telas pode de fato contribuir para as vertigens em algumas crian\u00e7as sens\u00edveis. As telas podem provocar fadiga visual, dores de cabe\u00e7a e sensa\u00e7\u00f5es de tontura, particularmente durante o uso prolongado ou em m\u00e1s condi\u00e7\u00f5es (ilumina\u00e7\u00e3o inadequada, dist\u00e2ncia muito pr\u00f3xima). Os jogos de v\u00eddeo com movimentos r\u00e1pidos ou efeitos 3D pronunciados podem desencadear vertigens em crian\u00e7as predispostas. \u00c9 recomendado limitar o tempo de tela, estabelecer pausas regulares (regra 20-20-20: a cada 20 minutos, olhar para 20 metros durante 20 segundos) e garantir uma ilumina\u00e7\u00e3o e dist\u00e2ncia apropriadas.<\/p>\n                    <\/div>\n                <\/div>\n\n                <div class=\"faq-item\">\n                    <div class=\"faq-q\">\n                        <span>Como explicar as vertigens ao meu filho sem preocup\u00e1-lo?<\/span>\n                        <span class=\"faq-icon\">+<\/span>\n                    <\/div>\n<div class=\"faq-a\">\n                        <p>A explica\u00e7\u00e3o deve ser adaptada \u00e0 idade da crian\u00e7a, utilizando met\u00e1foras simples e reconfortantes. Voc\u00ea pode dizer: \"No seu ouvido, h\u00e1 um pequeno sistema que ajuda seu corpo a saber se est\u00e1 reto\n<script type=\"application\/ld+json\">\n{\n  \"@context\": \"https:\/\/schema.org\",\n  \"@graph\": [\n    {\n      \"@type\": \"Article\",\n      \"headline\": \"Comment expliquer et combattre les vertiges des enfants ?\",\n      \"description\": \"\ud83e\udde0 Sant\u00e9 cognitive - Comment expliquer et combattre les vertiges chez les enfants ? \ud83d\udcc5 Avril 2026 \u23f1\ufe0f 15 min de lecture\",\n      \"url\": \"https:\/\/www.dynseo.com\/comment-expliquer-et-combattre-les-vertiges-des-enfants\/\",\n      \"datePublished\": \"2026-04-07\",\n      \"author\": {\n        \"@type\": \"Organization\",\n        \"name\": \"DYNSEO\",\n        \"url\": \"https:\/\/www.dynseo.com\"\n      },\n      \"publisher\": {\n        \"@type\": \"Organization\",\n        \"name\": \"DYNSEO\",\n        \"url\": \"https:\/\/www.dynseo.com\"\n      },\n      \"image\": \"https:\/\/www.dynseo.com\/wp-content\/uploads\/2026\/04\/vertiges-enfants.jpg\",\n      \"aggregateRating\": {\n        \"@type\": \"AggregateRating\",\n        \"ratingValue\": \"4.8\",\n        \"bestRating\": \"5\",\n        \"ratingCount\": \"47\"\n      }\n    },\n    {\n      \"@type\": \"WebPage\",\n      \"url\": \"https:\/\/www.dynseo.com\/comment-expliquer-et-combattre-les-vertiges-des-enfants\/\",\n      \"name\": \"Comment expliquer et combattre les vertiges des enfants ?\",\n      \"description\": \"\ud83e\udde0 Sant\u00e9 cognitive - Comment expliquer et combattre les vertiges chez les enfants ? \ud83d\udcc5 Avril 2026 \u23f1\ufe0f 15 min de lecture\"\n    },\n    {\n      \"@type\": \"BreadcrumbList\",\n      \"itemListElement\": [\n        {\n          \"@type\": \"ListItem\",\n          \"position\": 1,\n          \"name\": \"Accueil\",\n          \"item\": \"https:\/\/www.dynseo.com\"\n        },\n        {\n          \"@type\": \"ListItem\",\n          \"position\": 2,\n          \"name\": \"Blog\",\n          \"item\": \"https:\/\/www.dynseo.com\/blog\"\n        },\n        {\n          \"@type\": \"ListItem\",\n          \"position\": 3,\n          \"name\": \"Comment expliquer et combattre les vertiges des enfants ?\"\n        }\n      ]\n    },\n    {\n      \"@type\": \"FAQPage\",\n      \"mainEntity\": [\n        {\n          \"@type\": \"Question\",\n          \"name\": \"Mon enfant de 4 ans dit souvent que \"\u00e7a tourne\". Est-ce normal \u00e0 cet \u00e2ge ?\",\n          \"acceptedAnswer\": {\n            \"@type\": \"Answer\",\n            \"text\": \"Les sensations de vertige chez les jeunes enfants peuvent \u00eatre normales dans certains contextes, mais il est important de consulter un professionnel de sant\u00e9 pour \u00e9valuer la fr\u00e9quence et l'intensit\u00e9 de ces \u00e9pisodes.\"\n          }\n        },\n        {\n          \"@type\": \"Question\",\n          \"name\": \"Les vertiges peuvent-ils \u00eatre li\u00e9s au stress ou \u00e0 l'anxi\u00e9t\u00e9 chez l'enfant ?\",\n          \"acceptedAnswer\": {\n            \"@type\": \"Answer\",\n            \"text\": \"Oui, le stress et l'anxi\u00e9t\u00e9 peuvent effectivement provoquer des sensations de vertige chez l'enfant. Il est important d'identifier et de traiter les sources de stress pour am\u00e9liorer le bien-\u00eatre g\u00e9n\u00e9ral de l'enfant.\"\n          }\n        },\n        {\n          \"@type\": \"Question\",\n          \"name\": \"\u00c0 partir de quel \u00e2ge peut-on envisager une r\u00e9\u00e9ducation vestibulaire ?\",\n          \"acceptedAnswer\": {\n            \"@type\": \"Answer\",\n            \"text\": \"La r\u00e9\u00e9ducation vestibulaire peut \u00eatre adapt\u00e9e aux enfants d\u00e8s l'\u00e2ge de 5-6 ans, selon leur capacit\u00e9 de compr\u00e9hension et de coop\u00e9ration. Un professionnel sp\u00e9cialis\u00e9 pourra \u00e9valuer la faisabilit\u00e9 au cas par cas.\"\n          }\n        }\n      ]\n    }\n  ]\n}\n<\/script>[\/et_pb_code][\/et_pb_column][\/et_pb_row][\/et_pb_section]","_et_gb_content_width":"","footnotes":""},"categories":[2915],"tags":[],"class_list":["post-573140","post","type-post","status-publish","format-standard","has-post-thumbnail","hentry","category-les-conseils-des-coachs"],"yoast_head":"<!-- This site is optimized with the Yoast SEO plugin v27.4 - https:\/\/yoast.com\/product\/yoast-seo-wordpress\/ -->\n<title>Como explicar e combater os vertigens das crian\u00e7as? - DYNSEO - Aplica\u00e7\u00f5es educativas e jogos de mem\u00f3ria<\/title>\n<meta name=\"robots\" content=\"index, follow, max-snippet:-1, max-image-preview:large, max-video-preview:-1\" \/>\n<link rel=\"canonical\" href=\"https:\/\/www.dynseo.com\/pt-pt\/como-explicar-e-combater-os-vertigens-das-criancas\/\" \/>\n<meta property=\"og:locale\" content=\"pt_PT\" \/>\n<meta property=\"og:type\" content=\"article\" \/>\n<meta property=\"og:title\" content=\"Como explicar e combater os vertigens das crian\u00e7as? - DYNSEO - Aplica\u00e7\u00f5es educativas e jogos de mem\u00f3ria\" \/>\n<meta property=\"og:url\" content=\"https:\/\/www.dynseo.com\/pt-pt\/como-explicar-e-combater-os-vertigens-das-criancas\/\" \/>\n<meta property=\"og:site_name\" content=\"DYNSEO - Aplica\u00e7\u00f5es educativas e jogos de mem\u00f3ria\" \/>\n<meta property=\"article:published_time\" content=\"2026-04-30T17:36:04+00:00\" \/>\n<meta property=\"article:modified_time\" content=\"2026-04-30T17:41:55+00:00\" \/>\n<meta property=\"og:image\" content=\"https:\/\/www.dynseo.com\/wp-content\/uploads\/2025\/09\/abcdhe-107.jpg\" \/>\n\t<meta property=\"og:image:width\" content=\"900\" \/>\n\t<meta property=\"og:image:height\" content=\"600\" \/>\n\t<meta property=\"og:image:type\" content=\"image\/jpeg\" \/>\n<meta name=\"author\" content=\"DYNSEO\" \/>\n<meta name=\"twitter:label1\" content=\"Escrito por\" \/>\n\t<meta name=\"twitter:data1\" content=\"DYNSEO\" \/>\n\t<meta name=\"twitter:label2\" content=\"Tempo estimado de leitura\" \/>\n\t<meta name=\"twitter:data2\" content=\"25 minutos\" \/>\n<script type=\"application\/ld+json\" class=\"yoast-schema-graph\">{\"@context\":\"https:\\\/\\\/schema.org\",\"@graph\":[{\"@type\":\"Article\",\"@id\":\"https:\\\/\\\/www.dynseo.com\\\/pt-pt\\\/como-explicar-e-combater-os-vertigens-das-criancas\\\/#article\",\"isPartOf\":{\"@id\":\"https:\\\/\\\/www.dynseo.com\\\/pt-pt\\\/como-explicar-e-combater-os-vertigens-das-criancas\\\/\"},\"author\":{\"name\":\"DYNSEO\",\"@id\":\"https:\\\/\\\/www.dynseo.com\\\/pt-pt\\\/#\\\/schema\\\/person\\\/78ef63df2ee64e0989bc68f8401b38d6\"},\"headline\":\"Como explicar e combater os vertigens das crian\u00e7as?\",\"datePublished\":\"2026-04-30T17:36:04+00:00\",\"dateModified\":\"2026-04-30T17:41:55+00:00\",\"mainEntityOfPage\":{\"@id\":\"https:\\\/\\\/www.dynseo.com\\\/pt-pt\\\/como-explicar-e-combater-os-vertigens-das-criancas\\\/\"},\"wordCount\":5022,\"publisher\":{\"@id\":\"https:\\\/\\\/www.dynseo.com\\\/pt-pt\\\/#organization\"},\"image\":{\"@id\":\"https:\\\/\\\/www.dynseo.com\\\/pt-pt\\\/como-explicar-e-combater-os-vertigens-das-criancas\\\/#primaryimage\"},\"thumbnailUrl\":\"https:\\\/\\\/www.dynseo.com\\\/wp-content\\\/uploads\\\/2025\\\/09\\\/abcdhe-107.jpg\",\"articleSection\":[\"Les conseils des coachs\"],\"inLanguage\":\"pt-PT\"},{\"@type\":\"WebPage\",\"@id\":\"https:\\\/\\\/www.dynseo.com\\\/pt-pt\\\/como-explicar-e-combater-os-vertigens-das-criancas\\\/\",\"url\":\"https:\\\/\\\/www.dynseo.com\\\/pt-pt\\\/como-explicar-e-combater-os-vertigens-das-criancas\\\/\",\"name\":\"Como explicar e combater os vertigens das crian\u00e7as? - DYNSEO - Aplica\u00e7\u00f5es educativas e jogos de mem\u00f3ria\",\"isPartOf\":{\"@id\":\"https:\\\/\\\/www.dynseo.com\\\/pt-pt\\\/#website\"},\"primaryImageOfPage\":{\"@id\":\"https:\\\/\\\/www.dynseo.com\\\/pt-pt\\\/como-explicar-e-combater-os-vertigens-das-criancas\\\/#primaryimage\"},\"image\":{\"@id\":\"https:\\\/\\\/www.dynseo.com\\\/pt-pt\\\/como-explicar-e-combater-os-vertigens-das-criancas\\\/#primaryimage\"},\"thumbnailUrl\":\"https:\\\/\\\/www.dynseo.com\\\/wp-content\\\/uploads\\\/2025\\\/09\\\/abcdhe-107.jpg\",\"datePublished\":\"2026-04-30T17:36:04+00:00\",\"dateModified\":\"2026-04-30T17:41:55+00:00\",\"breadcrumb\":{\"@id\":\"https:\\\/\\\/www.dynseo.com\\\/pt-pt\\\/como-explicar-e-combater-os-vertigens-das-criancas\\\/#breadcrumb\"},\"inLanguage\":\"pt-PT\",\"potentialAction\":[{\"@type\":\"ReadAction\",\"target\":[\"https:\\\/\\\/www.dynseo.com\\\/pt-pt\\\/como-explicar-e-combater-os-vertigens-das-criancas\\\/\"]}]},{\"@type\":\"ImageObject\",\"inLanguage\":\"pt-PT\",\"@id\":\"https:\\\/\\\/www.dynseo.com\\\/pt-pt\\\/como-explicar-e-combater-os-vertigens-das-criancas\\\/#primaryimage\",\"url\":\"https:\\\/\\\/www.dynseo.com\\\/wp-content\\\/uploads\\\/2025\\\/09\\\/abcdhe-107.jpg\",\"contentUrl\":\"https:\\\/\\\/www.dynseo.com\\\/wp-content\\\/uploads\\\/2025\\\/09\\\/abcdhe-107.jpg\",\"width\":900,\"height\":600,\"caption\":\"Des jeux con\u00e7us pour entretenir vos facult\u00e9s mentales\"},{\"@type\":\"BreadcrumbList\",\"@id\":\"https:\\\/\\\/www.dynseo.com\\\/pt-pt\\\/como-explicar-e-combater-os-vertigens-das-criancas\\\/#breadcrumb\",\"itemListElement\":[{\"@type\":\"ListItem\",\"position\":1,\"name\":\"Accueil\",\"item\":\"https:\\\/\\\/www.dynseo.com\\\/pt-pt\\\/\"},{\"@type\":\"ListItem\",\"position\":2,\"name\":\"Como explicar e combater os vertigens das crian\u00e7as?\"}]},{\"@type\":\"WebSite\",\"@id\":\"https:\\\/\\\/www.dynseo.com\\\/pt-pt\\\/#website\",\"url\":\"https:\\\/\\\/www.dynseo.com\\\/pt-pt\\\/\",\"name\":\"Jeux de m\u00e9moire et stimulation cognitive\",\"description\":\"Entra\u00eenez votre m\u00e9moire et votre cerveau avec DYNSEO\",\"publisher\":{\"@id\":\"https:\\\/\\\/www.dynseo.com\\\/pt-pt\\\/#organization\"},\"potentialAction\":[{\"@type\":\"SearchAction\",\"target\":{\"@type\":\"EntryPoint\",\"urlTemplate\":\"https:\\\/\\\/www.dynseo.com\\\/pt-pt\\\/?s={search_term_string}\"},\"query-input\":{\"@type\":\"PropertyValueSpecification\",\"valueRequired\":true,\"valueName\":\"search_term_string\"}}],\"inLanguage\":\"pt-PT\"},{\"@type\":\"Organization\",\"@id\":\"https:\\\/\\\/www.dynseo.com\\\/pt-pt\\\/#organization\",\"name\":\"DYNSEO\",\"url\":\"https:\\\/\\\/www.dynseo.com\\\/pt-pt\\\/\",\"logo\":{\"@type\":\"ImageObject\",\"inLanguage\":\"pt-PT\",\"@id\":\"https:\\\/\\\/www.dynseo.com\\\/pt-pt\\\/#\\\/schema\\\/logo\\\/image\\\/\",\"url\":\"https:\\\/\\\/www.dynseo.com\\\/wp-content\\\/uploads\\\/2022\\\/05\\\/logo-dynseo-new.png\",\"contentUrl\":\"https:\\\/\\\/www.dynseo.com\\\/wp-content\\\/uploads\\\/2022\\\/05\\\/logo-dynseo-new.png\",\"width\":5073,\"height\":1397,\"caption\":\"DYNSEO\"},\"image\":{\"@id\":\"https:\\\/\\\/www.dynseo.com\\\/pt-pt\\\/#\\\/schema\\\/logo\\\/image\\\/\"}},{\"@type\":\"Person\",\"@id\":\"https:\\\/\\\/www.dynseo.com\\\/pt-pt\\\/#\\\/schema\\\/person\\\/78ef63df2ee64e0989bc68f8401b38d6\",\"name\":\"DYNSEO\",\"url\":\"https:\\\/\\\/www.dynseo.com\\\/pt-pt\\\/author\\\/justine\\\/\"}]}<\/script>\n<!-- \/ Yoast SEO plugin. -->","yoast_head_json":{"title":"Como explicar e combater os vertigens das crian\u00e7as? - DYNSEO - Aplica\u00e7\u00f5es educativas e jogos de mem\u00f3ria","robots":{"index":"index","follow":"follow","max-snippet":"max-snippet:-1","max-image-preview":"max-image-preview:large","max-video-preview":"max-video-preview:-1"},"canonical":"https:\/\/www.dynseo.com\/pt-pt\/como-explicar-e-combater-os-vertigens-das-criancas\/","og_locale":"pt_PT","og_type":"article","og_title":"Como explicar e combater os vertigens das crian\u00e7as? - DYNSEO - Aplica\u00e7\u00f5es educativas e jogos de mem\u00f3ria","og_url":"https:\/\/www.dynseo.com\/pt-pt\/como-explicar-e-combater-os-vertigens-das-criancas\/","og_site_name":"DYNSEO - Aplica\u00e7\u00f5es educativas e jogos de mem\u00f3ria","article_published_time":"2026-04-30T17:36:04+00:00","article_modified_time":"2026-04-30T17:41:55+00:00","og_image":[{"width":900,"height":600,"url":"https:\/\/www.dynseo.com\/wp-content\/uploads\/2025\/09\/abcdhe-107.jpg","type":"image\/jpeg"}],"author":"DYNSEO","twitter_misc":{"Escrito por":"DYNSEO","Tempo estimado de leitura":"25 minutos"},"schema":{"@context":"https:\/\/schema.org","@graph":[{"@type":"Article","@id":"https:\/\/www.dynseo.com\/pt-pt\/como-explicar-e-combater-os-vertigens-das-criancas\/#article","isPartOf":{"@id":"https:\/\/www.dynseo.com\/pt-pt\/como-explicar-e-combater-os-vertigens-das-criancas\/"},"author":{"name":"DYNSEO","@id":"https:\/\/www.dynseo.com\/pt-pt\/#\/schema\/person\/78ef63df2ee64e0989bc68f8401b38d6"},"headline":"Como explicar e combater os vertigens das crian\u00e7as?","datePublished":"2026-04-30T17:36:04+00:00","dateModified":"2026-04-30T17:41:55+00:00","mainEntityOfPage":{"@id":"https:\/\/www.dynseo.com\/pt-pt\/como-explicar-e-combater-os-vertigens-das-criancas\/"},"wordCount":5022,"publisher":{"@id":"https:\/\/www.dynseo.com\/pt-pt\/#organization"},"image":{"@id":"https:\/\/www.dynseo.com\/pt-pt\/como-explicar-e-combater-os-vertigens-das-criancas\/#primaryimage"},"thumbnailUrl":"https:\/\/www.dynseo.com\/wp-content\/uploads\/2025\/09\/abcdhe-107.jpg","articleSection":["Les conseils des coachs"],"inLanguage":"pt-PT"},{"@type":"WebPage","@id":"https:\/\/www.dynseo.com\/pt-pt\/como-explicar-e-combater-os-vertigens-das-criancas\/","url":"https:\/\/www.dynseo.com\/pt-pt\/como-explicar-e-combater-os-vertigens-das-criancas\/","name":"Como explicar e combater os vertigens das crian\u00e7as? - DYNSEO - Aplica\u00e7\u00f5es educativas e jogos de mem\u00f3ria","isPartOf":{"@id":"https:\/\/www.dynseo.com\/pt-pt\/#website"},"primaryImageOfPage":{"@id":"https:\/\/www.dynseo.com\/pt-pt\/como-explicar-e-combater-os-vertigens-das-criancas\/#primaryimage"},"image":{"@id":"https:\/\/www.dynseo.com\/pt-pt\/como-explicar-e-combater-os-vertigens-das-criancas\/#primaryimage"},"thumbnailUrl":"https:\/\/www.dynseo.com\/wp-content\/uploads\/2025\/09\/abcdhe-107.jpg","datePublished":"2026-04-30T17:36:04+00:00","dateModified":"2026-04-30T17:41:55+00:00","breadcrumb":{"@id":"https:\/\/www.dynseo.com\/pt-pt\/como-explicar-e-combater-os-vertigens-das-criancas\/#breadcrumb"},"inLanguage":"pt-PT","potentialAction":[{"@type":"ReadAction","target":["https:\/\/www.dynseo.com\/pt-pt\/como-explicar-e-combater-os-vertigens-das-criancas\/"]}]},{"@type":"ImageObject","inLanguage":"pt-PT","@id":"https:\/\/www.dynseo.com\/pt-pt\/como-explicar-e-combater-os-vertigens-das-criancas\/#primaryimage","url":"https:\/\/www.dynseo.com\/wp-content\/uploads\/2025\/09\/abcdhe-107.jpg","contentUrl":"https:\/\/www.dynseo.com\/wp-content\/uploads\/2025\/09\/abcdhe-107.jpg","width":900,"height":600,"caption":"Des jeux con\u00e7us pour entretenir vos facult\u00e9s mentales"},{"@type":"BreadcrumbList","@id":"https:\/\/www.dynseo.com\/pt-pt\/como-explicar-e-combater-os-vertigens-das-criancas\/#breadcrumb","itemListElement":[{"@type":"ListItem","position":1,"name":"Accueil","item":"https:\/\/www.dynseo.com\/pt-pt\/"},{"@type":"ListItem","position":2,"name":"Como explicar e combater os vertigens das crian\u00e7as?"}]},{"@type":"WebSite","@id":"https:\/\/www.dynseo.com\/pt-pt\/#website","url":"https:\/\/www.dynseo.com\/pt-pt\/","name":"Jeux de m\u00e9moire et stimulation cognitive","description":"Entra\u00eenez votre m\u00e9moire et votre cerveau avec DYNSEO","publisher":{"@id":"https:\/\/www.dynseo.com\/pt-pt\/#organization"},"potentialAction":[{"@type":"SearchAction","target":{"@type":"EntryPoint","urlTemplate":"https:\/\/www.dynseo.com\/pt-pt\/?s={search_term_string}"},"query-input":{"@type":"PropertyValueSpecification","valueRequired":true,"valueName":"search_term_string"}}],"inLanguage":"pt-PT"},{"@type":"Organization","@id":"https:\/\/www.dynseo.com\/pt-pt\/#organization","name":"DYNSEO","url":"https:\/\/www.dynseo.com\/pt-pt\/","logo":{"@type":"ImageObject","inLanguage":"pt-PT","@id":"https:\/\/www.dynseo.com\/pt-pt\/#\/schema\/logo\/image\/","url":"https:\/\/www.dynseo.com\/wp-content\/uploads\/2022\/05\/logo-dynseo-new.png","contentUrl":"https:\/\/www.dynseo.com\/wp-content\/uploads\/2022\/05\/logo-dynseo-new.png","width":5073,"height":1397,"caption":"DYNSEO"},"image":{"@id":"https:\/\/www.dynseo.com\/pt-pt\/#\/schema\/logo\/image\/"}},{"@type":"Person","@id":"https:\/\/www.dynseo.com\/pt-pt\/#\/schema\/person\/78ef63df2ee64e0989bc68f8401b38d6","name":"DYNSEO","url":"https:\/\/www.dynseo.com\/pt-pt\/author\/justine\/"}]}},"_links":{"self":[{"href":"https:\/\/www.dynseo.com\/pt-pt\/wp-json\/wp\/v2\/posts\/573140","targetHints":{"allow":["GET"]}}],"collection":[{"href":"https:\/\/www.dynseo.com\/pt-pt\/wp-json\/wp\/v2\/posts"}],"about":[{"href":"https:\/\/www.dynseo.com\/pt-pt\/wp-json\/wp\/v2\/types\/post"}],"author":[{"embeddable":true,"href":"https:\/\/www.dynseo.com\/pt-pt\/wp-json\/wp\/v2\/users\/4"}],"replies":[{"embeddable":true,"href":"https:\/\/www.dynseo.com\/pt-pt\/wp-json\/wp\/v2\/comments?post=573140"}],"version-history":[{"count":17,"href":"https:\/\/www.dynseo.com\/pt-pt\/wp-json\/wp\/v2\/posts\/573140\/revisions"}],"predecessor-version":[{"id":573157,"href":"https:\/\/www.dynseo.com\/pt-pt\/wp-json\/wp\/v2\/posts\/573140\/revisions\/573157"}],"wp:featuredmedia":[{"embeddable":true,"href":"https:\/\/www.dynseo.com\/pt-pt\/wp-json\/wp\/v2\/media\/411079"}],"wp:attachment":[{"href":"https:\/\/www.dynseo.com\/pt-pt\/wp-json\/wp\/v2\/media?parent=573140"}],"wp:term":[{"taxonomy":"category","embeddable":true,"href":"https:\/\/www.dynseo.com\/pt-pt\/wp-json\/wp\/v2\/categories?post=573140"},{"taxonomy":"post_tag","embeddable":true,"href":"https:\/\/www.dynseo.com\/pt-pt\/wp-json\/wp\/v2\/tags?post=573140"}],"curies":[{"name":"wp","href":"https:\/\/api.w.org\/{rel}","templated":true}]}}