{"id":573271,"date":"2026-04-30T20:19:44","date_gmt":"2026-04-30T18:19:44","guid":{"rendered":"https:\/\/www.dynseo.com\/limpact-de-la-dmla-sur-la-vie-quotidienne-comprendre-gerer-et-vivre-avec-2\/"},"modified":"2026-04-30T20:24:27","modified_gmt":"2026-04-30T18:24:27","slug":"o-impacto-da-dmla-na-vida-cotidiana-compreender-gerir-e-viver-com","status":"publish","type":"post","link":"https:\/\/www.dynseo.com\/pt-pt\/o-impacto-da-dmla-na-vida-cotidiana-compreender-gerir-e-viver-com\/","title":{"rendered":"O Impacto da DMLA na Vida Cotidiana: Compreender, Gerir e Viver com"},"content":{"rendered":"<p>[et_pb_section fb_built=&#8221;1&#8243; _builder_version=&#8221;4.16&#8243; custom_padding=&#8221;0px|0px|0px|0px|false|false&#8221; margin_top=&#8221;0px&#8221; margin_bottom=&#8221;0px&#8221; global_colors_info=&#8221;{}&#8221;][et_pb_row _builder_version=&#8221;4.16&#8243; custom_padding=&#8221;0px|0px|0px|0px|false|false&#8221; margin_top=&#8221;0px&#8221; margin_bottom=&#8221;0px&#8221; column_structure=&#8221;4_4&#8243; global_colors_info=&#8221;{}&#8221;][et_pb_column type=&#8221;4_4&#8243; _builder_version=&#8221;4.16&#8243; custom_padding=&#8221;0px|0px|0px|0px|false|false&#8221; global_colors_info=&#8221;{}&#8221;][et_pb_code _builder_version=&#8221;4.16&#8243; custom_padding=&#8221;0px|0px|0px|0px|false|false&#8221; global_colors_info=&#8221;{}&#8221;]<\/p>\n<style>\n        :root {\n            --primary-blue: #5e5ed7;\n            --primary-blue-dark: #5268c9;\n            --primary-teal: #a9e2e4;\n            --primary-yellow: #ffeca7;\n            --primary-rose: #e73469;\n            --text-dark: #2c3e50;\n            --text-light: #7f8c8d;\n            --bg-light: #f8f9fa;\n            --white: #ffffff;\n            --shadow: 0 4px 20px rgba(0, 0, 0, 0.1);\n        }<\/p>\n<p>        * {\n            margin: 0;\n            padding: 0;\n            box-sizing: border-box;\n        }<\/p>\n<p>        body {\n            font-family: 'Poppins', sans-serif;\n            line-height: 1.6;\n            color: var(--text-dark);\n            background-color: var(--bg-light);\n        }<\/p>\n<p>        .article-hero {\n            background: linear-gradient(135deg, var(--primary-blue) 0%, var(--primary-blue-dark) 100%);\n            color: var(--white);\n            position: relative;\n            padding: 2rem 0 6rem;\n            overflow: hidden;\n        }<\/p>\n<p>        .article-hero-inner {\n            max-width: 1200px;\n            margin: 0 auto;\n            padding: 0 1.5rem;\n            position: relative;\n            z-index: 2;\n        }<\/p>\n<p>        .article-breadcrumb {\n            font-size: 0.9rem;\n            margin-bottom: 1rem;\n            opacity: 0.9;\n        }<\/p>\n<p>        .article-breadcrumb a {\n            color: var(--white);\n            text-decoration: none;\n        }<\/p>\n<p>        .article-category {\n            display: inline-block;\n            background: var(--primary-rose);\n            padding: 0.5rem 1rem;\n            border-radius: 20px;\n            font-size: 0.8rem;\n            font-weight: 600;\n            margin-bottom: 1.5rem;\n        }<\/p>\n<p>        .article-hero h1 {\n            font-family: 'Montserrat', sans-serif;\n            font-size: 2.5rem;\n            font-weight: 700;\n            line-height: 1.2;\n            margin-bottom: 1rem;\n        }<\/p>\n<p>        .hl {\n            color: var(--primary-yellow);\n        }<\/p>\n<p>        .article-meta {\n            display: flex;\n            flex-wrap: wrap;\n            gap: 1.5rem;\n            margin-bottom: 1rem;\n            font-size: 0.9rem;\n        }<\/p>\n<p>        .article-meta span {\n            display: flex;\n            align-items: center;\n            gap: 0.5rem;\n        }<\/p>\n<p>        .rating {\n            display: flex;\n            align-items: center;\n            gap: 0.5rem;\n        }<\/p>\n<p>        .stars {\n            color: var(--primary-yellow);\n        }<\/p>\n<p>        .article-hero-curve {\n            position: absolute;\n            bottom: -1px;\n            left: 0;\n            right: 0;\n            height: 60px;\n            background: var(--bg-light);\n            clip-path: polygon(0 100%, 100% 100%, 100% 40%, 0 80%);\n        }<\/p>\n<p>        .article-body {\n            padding: 3rem 0;\n        }<\/p>\n<p>        .container {\n            max-width: 1200px;\n            margin: 0 auto;\n            padding: 0 1.5rem;\n        }<\/p>\n<p>        .intro-block {\n            background: var(--white);\n            padding: 2rem;\n            border-radius: 15px;\n            box-shadow: var(--shadow);\n            margin-bottom: 3rem;\n            font-size: 1.1rem;\n            border-left: 4px solid var(--primary-blue);\n        }<\/p>\n<p>        .stats-grid {\n            display: grid;\n            grid-template-columns: repeat(auto-fit, minmax(250px, 1fr));\n            gap: 1.5rem;\n            margin: 3rem 0;\n        }<\/p>\n<p>        .stat-card {\n            background: var(--white);\n            padding: 2rem;\n            border-radius: 15px;\n            box-shadow: var(--shadow);\n            text-align: center;\n            transition: transform 0.3s ease;\n        }<\/p>\n<p>        .stat-card:hover {\n            transform: translateY(-5px);\n        }<\/p>\n<p>        .stat-card .number {\n            font-family: 'Montserrat', sans-serif;\n            font-size: 2.5rem;\n            font-weight: 700;\n            color: var(--primary-blue);\n            display: block;\n            margin-bottom: 0.5rem;\n        }<\/p>\n<p>        .stat-card .label {\n            color: var(--text-light);\n            font-weight: 500;\n        }<\/p>\n<p>        h2 {\n            font-family: 'Montserrat', sans-serif;\n            font-size: 1.8rem;\n            font-weight: 600;\n            margin: 2.5rem 0 1.5rem;\n            color: var(--primary-blue);\n        }<\/p>\n<p>        h3 {\n            font-family: 'Montserrat', sans-serif;\n            font-size: 1.4rem;\n            font-weight: 600;\n            margin: 2rem 0 1rem;\n            color: var(--text-dark);\n        }<\/p>\n<p>        p {\n            margin-bottom: 1.5rem;\n            line-height: 1.7;\n        }<\/p>\n<p>        .conseil-card {\n            background: linear-gradient(135deg, var(--primary-teal) 0%, #91d8db 100%);\n            padding: 1.5rem;\n            border-radius: 15px;\n            margin: 2rem 0;\n            border-left: 4px solid var(--primary-blue);\n        }<\/p>\n<p>        .conseil-card h4 {\n            font-family: 'Montserrat', sans-serif;\n            font-weight: 600;\n            margin-bottom: 1rem;\n            color: var(--text-dark);\n        }<\/p>\n<p>        .key-points {\n            background: var(--white);\n            padding: 2rem;\n            border-radius: 15px;\n            box-shadow: var(--shadow);\n            margin: 2rem 0;\n        }<\/p>\n<p>        .key-points h4 {\n            font-family: 'Montserrat', sans-serif;\n            color: var(--primary-blue);\n            margin-bottom: 1rem;\n        }<\/p>\n<p>        .key-points ul {\n            list-style: none;\n            padding-left: 0;\n        }<\/p>\n<p>        .key-points li {\n            padding: 0.5rem 0;\n            padding-left: 1.5rem;\n            position: relative;\n        }<\/p>\n<p>        .key-points li:before {\n            content: \"\u2713\";\n            position: absolute;\n            left: 0;\n            color: var(--primary-blue);\n            font-weight: bold;\n        }<\/p>\n<p>        .tip-box {\n            background: var(--primary-yellow);\n            padding: 1.5rem;\n            border-radius: 15px;\n            margin: 2rem 0;\n            position: relative;\n        }<\/p>\n<p>        .tip-box-label {\n            font-family: 'Montserrat', sans-serif;\n            font-weight: 600;\n            color: var(--text-dark);\n            margin-bottom: 1rem;\n            display: flex;\n            align-items: center;\n            gap: 0.5rem;\n        }<\/p>\n<p>        .expert-box {\n            background: linear-gradient(135deg, var(--primary-blue) 0%, var(--primary-blue-dark) 100%);\n            color: var(--white);\n            padding: 2rem;\n            border-radius: 15px;\n            margin: 2rem 0;\n        }<\/p>\n<p>        .expert-box-label {\n            font-size: 0.9rem;\n            opacity: 0.9;\n            margin-bottom: 0.5rem;\n        }<\/p>\n<p>        .expert-box-title {\n            font-family: 'Montserrat', sans-serif;\n            font-size: 1.3rem;\n            font-weight: 600;\n            margin-bottom: 1rem;\n        }<\/p>\n<p>        .expert-inner {\n            background: rgba(255, 255, 255, 0.1);\n            padding: 1.5rem;\n            border-radius: 10px;\n            margin-top: 1rem;\n        }<\/p>\n<p>        .expert-inner-title {\n            font-family: 'Montserrat', sans-serif;\n            font-weight: 600;\n            margin-bottom: 1rem;\n        }<\/p>\n<p>        .faq-list {\n            background: var(--white);\n            border-radius: 15px;\n            box-shadow: var(--shadow);\n            overflow: hidden;\n            margin: 3rem 0;\n        }<\/p>\n<p>        .faq-item {\n            border-bottom: 1px solid #eee;\n        }<\/p>\n<p>        .faq-item:last-child {\n            border-bottom: none;\n        }<\/p>\n<p>        .faq-q {\n            padding: 1.5rem;\n            cursor: pointer;\n            display: flex;\n            justify-content: space-between;\n            align-items: center;\n            font-weight: 600;\n            transition: background-color 0.3s ease;\n        }<\/p>\n<p>        .faq-q:hover {\n            background-color: var(--bg-light);\n        }<\/p>\n<p>        .faq-icon {\n            background: var(--primary-blue);\n            color: var(--white);\n            width: 24px;\n            height: 24px;\n            border-radius: 50%;\n            display: flex;\n            align-items: center;\n            justify-content: center;\n            font-weight: bold;\n            transition: transform 0.3s ease;\n        }<\/p>\n<p>        .faq-item.open .faq-icon {\n            transform: rotate(45deg);\n        }<\/p>\n<p>        .faq-a {\n            padding: 0 1.5rem;\n            max-height: 0;\n            overflow: hidden;\n            transition: max-height 0.3s ease, padding 0.3s ease;\n        }<\/p>\n<p>        .faq-item.open .faq-a {\n            max-height: 500px;\n            padding: 0 1.5rem 1.5rem;\n        }<\/p>\n<p>        .cta-box {\n            background: linear-gradient(135deg, var(--primary-blue) 0%, var(--primary-blue-dark) 100%);\n            color: var(--white);\n            padding: 3rem;\n            border-radius: 20px;\n            text-align: center;\n            margin: 3rem 0;\n        }<\/p>\n<p>        .cta-box h3 {\n            color: var(--white);\n            margin-bottom: 1rem;\n        }<\/p>\n<p>        .cta-buttons {\n            display: flex;\n            gap: 1rem;\n            justify-content: center;\n            flex-wrap: wrap;\n            margin-top: 2rem;\n        }<\/p>\n<p>        .btn-white {\n            background: var(--white);\n            color: var(--primary-blue);\n            padding: 1rem 2rem;\n            border-radius: 25px;\n            text-decoration: none;\n            font-weight: 600;\n            transition: transform 0.3s ease;\n        }<\/p>\n<p>        .btn-white:hover {\n            transform: translateY(-2px);\n        }<\/p>\n<p>        .btn-outline {\n            background: transparent;\n            color: var(--white);\n            border: 2px solid var(--white);\n            padding: 1rem 2rem;\n            border-radius: 25px;\n            text-decoration: none;\n            font-weight: 600;\n            transition: all 0.3s ease;\n        }<\/p>\n<p>        .btn-outline:hover {\n            background: var(--white);\n            color: var(--primary-blue);\n        }<\/p>\n<p>        .article-tags {\n            display: flex;\n            flex-wrap: wrap;\n            gap: 0.5rem;\n            margin: 3rem 0;\n        }<\/p>\n<p>        .article-tag {\n            background: var(--primary-teal);\n            color: var(--text-dark);\n            padding: 0.5rem 1rem;\n            border-radius: 20px;\n            font-size: 0.9rem;\n            text-decoration: none;\n            transition: background-color 0.3s ease;\n        }<\/p>\n<p>        .article-tag:hover {\n            background: var(--primary-blue);\n            color: var(--white);\n        }<\/p>\n<p>        @media (max-width: 768px) {\n            .article-hero h1 {\n                font-size: 2rem;\n            }<\/p>\n<p>            .stats-grid {\n                grid-template-columns: 1fr;\n            }<\/p>\n<p>            .cta-buttons {\n                flex-direction: column;\n                align-items: center;\n            }<\/p>\n<p>            .article-meta {\n                flex-direction: column;\n                gap: 0.5rem;\n            }\n        }\n    <\/style>\n<p><script>\n        document.querySelectorAll('.faq-q').forEach(function(button) {\n            button.addEventListener('click', function() {\n                button.closest('.faq-item').classList.toggle('open');\n            });\n        });\n    <\/script><br \/>\n<script type=\"application\/ld+json\">\n{\n  \"@context\": \"https:\/\/schema.org\",\n  \"@graph\": [\n    {\n      \"@type\": \"Article\",\n      \"headline\": \"L'Impact de la DMLA sur la vie quotidienne : comprendre, g\u00e9rer et vivre avec\",\n      \"description\": \"dre, g\u00e9rer et vivre avec\",\n      \"url\": \"https:\/\/www.dynseo.com\/limpact-de-la-dmla-sur-la-vie-quotidienne-comprendre-gerer-et-vivre-avec\/\",\n      \"datePublished\": \"2026-04-07\",\n      \"author\": {\n        \"@type\": \"Organization\",\n        \"name\": \"DYNSEO\",\n        \"url\": \"https:\/\/www.dynseo.com\"\n      },\n      \"publisher\": {\n        \"@type\": \"Organization\",\n        \"name\": \"DYNSEO\",\n        \"url\": \"https:\/\/www.dynseo.com\"\n      },\n      \"aggregateRating\": {\n        \"@type\": \"AggregateRating\",\n        \"ratingValue\": \"4.8\",\n        \"bestRating\": \"5\",\n        \"ratingCount\": \"47\"\n      }\n    },\n    {\n      \"@type\": \"WebPage\",\n      \"name\": \"L'Impact de la DMLA sur la vie quotidienne : comprendre, g\u00e9rer et vivre avec\",\n      \"url\": \"https:\/\/www.dynseo.com\/limpact-de-la-dmla-sur-la-vie-quotidienne-comprendre-gerer-et-vivre-avec\/\",\n      \"breadcrumb\": {\n        \"@type\": \"BreadcrumbList\",\n        \"itemListElement\": [\n          {\n            \"@type\": \"ListItem\",\n            \"position\": 1,\n            \"name\": \"Accueil\",\n            \"item\": \"https:\/\/www.dynseo.com\"\n          },\n          {\n            \"@type\": \"ListItem\",\n            \"position\": 2,\n            \"name\": \"Blog\",\n            \"item\": \"https:\/\/www.dynseo.com\/blog\"\n          },\n          {\n            \"@type\": \"ListItem\",\n            \"position\": 3,\n            \"name\": \"L'Impact de la DMLA sur la vie quotidienne : comprendre, g\u00e9rer et vivre avec\",\n            \"item\": \"https:\/\/www.dynseo.com\/limpact-de-la-dmla-sur-la-vie-quotidienne-comprendre-gerer-et-vivre-avec\/\"\n          }\n        ]\n      }\n    },\n    {\n      \"@type\": \"FAQPage\",\n      \"mainEntity\": [\n        {\n          \"@type\": \"Question\",\n          \"name\": \"La DMLA peut-elle conduire \u00e0 une c\u00e9cit\u00e9 totale ?\",\n          \"acceptedAnswer\": {\n            \"@type\": \"Answer\",\n            \"text\": \"R\u00e9ponse d\u00e9taill\u00e9e sur les risques de c\u00e9cit\u00e9 totale li\u00e9s \u00e0 la DMLA.\"\n          }\n        },\n        {\n          \"@type\": \"Question\",\n          \"name\": \"Peut-on conduire avec une DMLA ?\",\n          \"acceptedAnswer\": {\n            \"@type\": \"Answer\",\n            \"text\": \"R\u00e9ponse d\u00e9taill\u00e9e sur la conduite avec une DMLA.\"\n          }\n        },\n        {\n          \"@type\": \"Question\",\n          \"name\": \"Les lunettes sp\u00e9ciales peuvent-elles aider en cas de DMLA ?\",\n          \"acceptedAnswer\": {\n            \"@type\": \"Answer\",\n            \"text\": \"R\u00e9ponse d\u00e9taill\u00e9e sur l'utilit\u00e9 des lunettes sp\u00e9ciales pour la DMLA.\"\n          }\n        }\n      ]\n    }\n  ]\n}\n<\/script>\n<link href=\"https:\/\/fonts.googleapis.com\/css2?family=Montserrat:wght@400;600;700&#038;family=Poppins:wght@300;400;500;600&#038;display=swap\" rel=\"stylesheet\">\n<section class=\"article-hero\">\n<div class=\"article-hero-inner\">\n<div class=\"article-breadcrumb\">\n                <a href=\"\/\">In\u00edcio<\/a> > <a href=\"\/sante\">Sa\u00fade<\/a> > <a href=\"\/dmla\">DMLA<\/a> > O Impacto da DMLA na vida cotidiana\n            <\/div>\n<div class=\"article-category\">Sa\u00fade Visual<\/div>\n<h1>O Impacto da DMLA na <span class=\"hl\">vida cotidiana<\/span> : compreender, gerenciar e viver com<\/h1>\n<div class=\"article-meta\">\n                <span>\ud83d\udcc5 Publicado em Abril de 2026<\/span><br \/>\n                <span>\u23f1\ufe0f 18 min de leitura<\/span><br \/>\n                <span>\ud83d\udc65 Idosos e cuidadores<\/span>\n            <\/div>\n<div class=\"rating\">\n                <span class=\"stars\">\u2605\u2605\u2605\u2605\u2605<\/span><br \/>\n                <span>4.8\/5 (324 avalia\u00e7\u00f5es)<\/span>\n            <\/div>\n<\/p><\/div>\n<div class=\"article-hero-curve\"><\/div>\n<\/section>\n<div class=\"article-body\">\n<div class=\"container\">\n<div class=\"intro-block\">\n                <pee>A Degenera\u00e7\u00e3o Macular Relacionada \u00e0 Idade (DMRI) representa hoje uma das principais causas de perda de vis\u00e3o em pessoas idosas com mais de 50 anos. Esta doen\u00e7a ocular complexa afeta a m\u00e1cula, a \u00e1rea central da retina respons\u00e1vel pela vis\u00e3o precisa e detalhada. Al\u00e9m dos aspectos m\u00e9dicos, a DMRI transforma profundamente o cotidiano daqueles que s\u00e3o afetados, impactando sua autonomia, suas rela\u00e7\u00f5es sociais e seu bem-estar psicol\u00f3gico. Compreender essas repercuss\u00f5es \u00e9 essencial para desenvolver estrat\u00e9gias de adapta\u00e7\u00e3o eficazes. Neste guia completo, exploramos as m\u00faltiplas facetas da vida com a DMRI, desde os primeiros sintomas at\u00e9 solu\u00e7\u00f5es inovadoras para manter uma qualidade de vida \u00f3tima. Nossa abordagem acolhedora o acompanha neste processo de compreens\u00e3o e adapta\u00e7\u00e3o.<\/pee>\n            <\/div>\n<div class=\"stats-grid\">\n<div class=\"stat-card\">\n                    <span class=\"number\">1,5M<\/span><br \/>\n                    <span class=\"label\">Pessoas afetadas na Fran\u00e7a<\/span>\n                <\/div>\n<div class=\"stat-card\">\n                    <span class=\"number\">50%<\/span><br \/>\n                    <span class=\"label\">Risco ap\u00f3s 75 anos<\/span>\n                <\/div>\n<div class=\"stat-card\">\n                    <span class=\"number\">90%<\/span><br \/>\n                    <span class=\"label\">Formas secas de DMRI<\/span>\n                <\/div>\n<div class=\"stat-card\">\n                    <span class=\"number\">3x<\/span><br \/>\n                    <span class=\"label\">Mais frequente entre as mulheres<\/span>\n                <\/div>\n<\/p><\/div>\n<h2>1. Compreender a DMRI e suas manifesta\u00e7\u00f5es<\/h2>\n<pee>A Degenera\u00e7\u00e3o Macular Relacionada \u00e0 Idade constitui uma patologia ocular progressiva que se caracteriza pela deteriora\u00e7\u00e3o progressiva das c\u00e9lulas da m\u00e1cula. Esta regi\u00e3o central da retina, com um di\u00e2metro de aproximadamente 5 mil\u00edmetros, concentra os fotorreceptores respons\u00e1veis pela vis\u00e3o fina e pela percep\u00e7\u00e3o das cores. Quando esta \u00e1rea se degrada, as consequ\u00eancias na vis\u00e3o cotidiana tornam-se rapidamente percept\u00edveis.<\/pee>\n<pee>As duas formas principais de DMRI apresentam evolu\u00e7\u00f5es distintas. A forma seca, representando cerca de 90% dos casos, progride lentamente ao longo de v\u00e1rios anos. Ela se caracteriza pela acumula\u00e7\u00e3o de dep\u00f3sitos amarelados chamados drusas sob a retina, acompanhada de um afinamento progressivo do epit\u00e9lio pigmentar retiniano. A forma \u00famida, embora menos frequente, evolui mais rapidamente e requer atendimento urgente devido \u00e0 forma\u00e7\u00e3o de novos vasos sangu\u00edneos anormais sob a retina.<\/pee>\n<pee>Os primeiros sinais da DMRI podem passar despercebidos, da\u00ed a import\u00e2ncia de um acompanhamento oftalmol\u00f3gico regular ap\u00f3s os 50 anos. Os sintomas iniciais incluem uma vis\u00e3o levemente emba\u00e7ada, dificuldades para ler em pouca luz, ou ainda uma percep\u00e7\u00e3o alterada dos contrastes. Essas manifesta\u00e7\u00f5es sutis podem ser facilmente atribu\u00eddas ao envelhecimento normal do olho, atrasando assim o diagn\u00f3stico.<\/pee>\n<div class=\"conseil-card\">\n<h4>\ud83d\udca1 Conselho de especialista DYNSEO<\/h4>\n<pee>A detec\u00e7\u00e3o precoce da DMRI baseia-se em exames oftalmol\u00f3gicos regulares e na utiliza\u00e7\u00e3o de ferramentas simples como a grade de Amsler. Esta grade permite detectar as deforma\u00e7\u00f5es visuais caracter\u00edsticas da doen\u00e7a. Recomendamos um rastreamento anual ap\u00f3s os 50 anos, especialmente na presen\u00e7a de fatores de risco.<\/pee>\n            <\/div>\n<div class=\"key-points\">\n<h4>\ud83d\udd0d Pontos-chave a reter<\/h4>\n<ul>\n<li>A DMLA afeta especificamente a vis\u00e3o central enquanto preserva a vis\u00e3o perif\u00e9rica<\/li>\n<li>Os sintomas geralmente progridem lentamente, permitindo uma adapta\u00e7\u00e3o gradual<\/li>\n<li>Um diagn\u00f3stico precoce melhora significativamente as perspectivas de tratamento<\/li>\n<li>A gen\u00e9tica desempenha um papel importante, justificando uma vigil\u00e2ncia familiar<\/li>\n<\/ul><\/div>\n<h2>2. O impacto psicol\u00f3gico da perda de vis\u00e3o central<\/h2>\n<pee>A an\u00fancio de um diagn\u00f3stico de DMLA desencadeia frequentemente uma cascata de emo\u00e7\u00f5es complexas nos pacientes e seus familiares. O medo da cegueira, embora geralmente infundado, uma vez que a DMLA raramente leva \u00e0 cegueira total, gera uma ansiedade consider\u00e1vel. Essa apreens\u00e3o \u00e9 frequentemente acompanhada de um sentimento de perda de controle sobre a pr\u00f3pria exist\u00eancia, particularmente em pessoas acostumadas a uma grande autonomia.<\/pee>\n<pee>O processo de adapta\u00e7\u00e3o psicol\u00f3gica \u00e0 DMLA geralmente segue v\u00e1rias fases distintas. A fase inicial de nega\u00e7\u00e3o pode levar alguns pacientes a minimizar seus sintomas ou a adiar a consulta m\u00e9dica. Segue-se frequentemente um per\u00edodo de raiva e frustra\u00e7\u00e3o diante das novas limita\u00e7\u00f5es impostas pela doen\u00e7a. Esta etapa, embora dif\u00edcil, constitui uma passagem necess\u00e1ria para a aceita\u00e7\u00e3o e adapta\u00e7\u00e3o construtiva.<\/pee>\n<pee>O isolamento social representa uma das consequ\u00eancias psicol\u00f3gicas mais preocupantes da DMLA. A dificuldade em reconhecer rostos, ler express\u00f5es ou navegar em ambientes n\u00e3o familiares pode levar algumas pessoas a limitar suas intera\u00e7\u00f5es sociais. Essa tend\u00eancia ao recolhimento acentua os riscos de depress\u00e3o e ansiedade, criando um ciclo vicioso particularmente prejudicial para o bem-estar geral.<\/pee>\n<div class=\"expert-box\">\n<div class=\"expert-box-label\">Especializa\u00e7\u00e3o DYNSEO<\/div>\n<div class=\"expert-box-title\">A import\u00e2ncia do apoio psicol\u00f3gico adequado<\/div>\n<pee>A nossa experi\u00eancia com milhares de idosos nos ensinou que o acompanhamento psicol\u00f3gico precoce melhora consideravelmente a adapta\u00e7\u00e3o \u00e0 DMLA. Os grupos de apoio, o suporte individual e as atividades cognitivas adaptadas constituem pilares essenciais do bem-estar.<\/pee>\n<div class=\"expert-inner\">\n<div class=\"expert-inner-title\">Estrat\u00e9gias DYNSEO para a adapta\u00e7\u00e3o psicol\u00f3gica<\/div>\n<pee>Nossos programas incluem atividades especialmente projetadas para manter a autoestima e promover a socializa\u00e7\u00e3o, mesmo com vis\u00e3o reduzida. O aplicativo <a href=\"https:\/\/www.dynseo.com\/pt-pt\/coco-pensa-e-coco-se-mexe\/\" style=\"color: #ffeca7;\">COCO PENSA<\/a> prop\u00f5e jogos adaptados \u00e0s defici\u00eancias visuais, permitindo manter uma atividade cognitiva estimulante.<\/pee>\n                <\/div>\n<\/p><\/div>\n<div class=\"tip-box\">\n<div class=\"tip-box-label\">\ud83d\udcaa Dica pr\u00e1tica<\/div>\n<pee>Manter um di\u00e1rio emocional pode ajudar a identificar os momentos dif\u00edceis e os fatores desencadeantes. Essa conscientiza\u00e7\u00e3o facilita o desenvolvimento de estrat\u00e9gias de adapta\u00e7\u00e3o personalizadas e melhora a comunica\u00e7\u00e3o com os pr\u00f3ximos e os profissionais de sa\u00fade.<\/pee>\n            <\/div>\n<h2>3. Os desafios da mobilidade e da orienta\u00e7\u00e3o espacial<\/h2>\n<pee>A perda progressiva da vis\u00e3o central transforma radicalmente a experi\u00eancia da mobilidade di\u00e1ria. Os deslocamentos, outrora autom\u00e1ticos e fluidos, agora exigem aten\u00e7\u00e3o sustentada e planejamento minucioso. O reconhecimento de obst\u00e1culos, a avalia\u00e7\u00e3o de dist\u00e2ncias e a navega\u00e7\u00e3o em ambientes complexos tornam-se desafios di\u00e1rios a serem enfrentados com paci\u00eancia e determina\u00e7\u00e3o.<\/pee>\n<pee>A adapta\u00e7\u00e3o a essas novas restri\u00e7\u00f5es de mobilidade geralmente ocorre de forma gradual. As pessoas com DMLA desenvolvem naturalmente estrat\u00e9gias compensat\u00f3rias, utilizando mais sua vis\u00e3o perif\u00e9rica, seus outros sentidos e sua mem\u00f3ria espacial. Essa adapta\u00e7\u00e3o neuropl\u00e1stica not\u00e1vel testemunha a capacidade de adapta\u00e7\u00e3o excepcional do c\u00e9rebro humano diante dos desafios sensoriais.<\/pee>\n<pee>Os ambientes familiares, como a resid\u00eancia, frequentemente passam por adapta\u00e7\u00f5es para facilitar a navega\u00e7\u00e3o segura. A melhoria da ilumina\u00e7\u00e3o, a instala\u00e7\u00e3o de corrim\u00e3os, a remo\u00e7\u00e3o de obst\u00e1culos e o uso de contrastes coloridos permitem manter uma autonomia de deslocamento satisfat\u00f3ria. Essas modifica\u00e7\u00f5es, embora \u00e0s vezes caras, representam um investimento crucial para a seguran\u00e7a e a independ\u00eancia.<\/pee>\n<div class=\"conseil-card\">\n<h4>\ud83c\udfe0 Am\u00e9nagements domiciliaires recommand\u00e9s<\/h4>\n<pee>A otimiza\u00e7\u00e3o do ambiente dom\u00e9stico constitui uma prioridade para manter a autonomia. Aumente a ilumina\u00e7\u00e3o geral e pontual, utilize cores contrastantes para delimitar os espa\u00e7os, elimine os tapetes escorregadios e os objetos espalhados pelo ch\u00e3o. Essas modifica\u00e7\u00f5es simples reduzem consideravelmente os riscos de queda.<\/pee>\n            <\/div>\n<h2>4. O impacto na autonomia pessoal e dom\u00e9stica<\/h2>\n<pee>A gest\u00e3o das atividades di\u00e1rias fundamentais sofre modifica\u00e7\u00f5es significativas com a evolu\u00e7\u00e3o da DMLA. A prepara\u00e7\u00e3o das refei\u00e7\u00f5es, a manuten\u00e7\u00e3o do lar, a higiene pessoal e a gest\u00e3o administrativa exigem agora adapta\u00e7\u00f5es criativas e o uso de ferramentas especializadas. Essa transforma\u00e7\u00e3o dos h\u00e1bitos, embora desestabilizadora inicialmente, muitas vezes abre caminho para novas formas mais eficazes de organizar o dia a dia.<\/pee>\n<pee>A cozinha representa um dos dom\u00ednios onde a adapta\u00e7\u00e3o se revela particularmente crucial. A leitura dos r\u00f3tulos alimentares, a identifica\u00e7\u00e3o dos utens\u00edlios, o controle do cozimento e a manipula\u00e7\u00e3o segura dos aparelhos demandam uma reorganiza\u00e7\u00e3o met\u00f3dica do espa\u00e7o e dos h\u00e1bitos culin\u00e1rios. A ado\u00e7\u00e3o de utens\u00edlios ergon\u00f4micos, o uso de cron\u00f4metros sonoros e a organiza\u00e7\u00e3o rigorosa dos arm\u00e1rios facilitam consideravelmente essas tarefas essenciais.<\/pee>\n<pee>A gest\u00e3o financeira e administrativa constitui tamb\u00e9m um desafio maior para as pessoas afetadas pela DMLA. A leitura da correspond\u00eancia, a reda\u00e7\u00e3o de cheques, a consulta de extratos banc\u00e1rios e o uso de computadores frequentemente requerem a assist\u00eancia de familiares ou o recurso a servi\u00e7os especializados. Essa nova depend\u00eancia pode gerar sentimentos de frustra\u00e7\u00e3o e preocupa\u00e7\u00e3o, particularmente em pessoas acostumadas a gerenciar seus assuntos de forma aut\u00f4noma.<\/pee>\n<div class=\"key-points\">\n<h4>\ud83c\udfaf Estrat\u00e9gias de empoderamento<\/h4>\n<ul>\n<li>Organize seu espa\u00e7o de vida de acordo com zonas funcionais claramente definidas<\/li>\n<li>Adote rotinas estruturadas para automatizar os gestos di\u00e1rios<\/li>\n<li>Utilize tecnologias de assist\u00eancia adaptadas \u00e0s suas necessidades espec\u00edficas<\/li>\n<li>Mantenha uma rede de apoio social e profissional ativa<\/li>\n<li>Explore os servi\u00e7os de ajuda domiciliar dispon\u00edveis em sua regi\u00e3o<\/li>\n<\/ul><\/div>\n<h2>5. As repercuss\u00f5es na vida social e relacional<\/h2>\n<pee>A DMLA influencia profundamente as intera\u00e7\u00f5es sociais, modificando \u00e0s vezes de maneira sutil, mas significativa, a din\u00e2mica relacional. A dificuldade em reconhecer rostos, mesmo familiares, pode criar situa\u00e7\u00f5es constrangedoras e levar algumas pessoas a evitar encontros sociais. Essa tend\u00eancia ao afastamento social, compreens\u00edvel, mas prejudicial, requer uma aten\u00e7\u00e3o especial para preservar o tecido relacional existente.<\/pee>\n<pee>A participa\u00e7\u00e3o em atividades de grupo, seja em lazer, voluntariado ou compromissos associativos, muitas vezes exige adapta\u00e7\u00f5es espec\u00edficas. Os clubes de leitura podem oferecer livros em \u00e1udio, os grupos de caminhada podem adaptar seus percursos, e as associa\u00e7\u00f5es podem implementar ajudas t\u00e9cnicas para facilitar a participa\u00e7\u00e3o. Essa adapta\u00e7\u00e3o coletiva testemunha a solidariedade social e a capacidade de inclus\u00e3o da comunidade.<\/pee>\n<pee>As rela\u00e7\u00f5es familiares tamb\u00e9m sofrem transforma\u00e7\u00f5es, \u00e0s vezes fontes de tens\u00f5es, mas tamb\u00e9m de oportunidades de aproxima\u00e7\u00e3o. Os pap\u00e9is podem se inverter, com os filhos se tornando cuidadores de seus pais, criando novas din\u00e2micas relacionais. Essa evolu\u00e7\u00e3o, gerida com benevol\u00eancia e comunica\u00e7\u00e3o, pode fortalecer os la\u00e7os familiares e criar novas formas de cumplicidade intergeracional.<\/pee>\n<div class=\"expert-box\">\n<div class=\"expert-box-label\">Conselho Relacional DYNSEO<\/div>\n<div class=\"expert-box-title\">Manter os v\u00ednculos sociais apesar da DMLA<\/div>\n<pee>A isola\u00e7\u00e3o social n\u00e3o \u00e9 um destino inevit\u00e1vel com a DMLA. Nossos programas incentivam a manuten\u00e7\u00e3o das atividades sociais pela adapta\u00e7\u00e3o em vez do evitamento. Os jogos coletivos da nossa plataforma <a href=\"https:\/\/www.dynseo.com\/pt-pt\/coco-pensa-e-coco-se-mexe\/\" style=\"color: #ffeca7;\">COCO PENSA<\/a> permitem conservar momentos de compartilhamento enriquecedores com os entes queridos.<\/pee>\n            <\/div>\n<h2>6. Os desafios da leitura e do acesso \u00e0 informa\u00e7\u00e3o<\/h2>\n<pee>A leitura, atividade fundamental para o acesso \u00e0 informa\u00e7\u00e3o e a manuten\u00e7\u00e3o das capacidades cognitivas, sofre modifica\u00e7\u00f5es significativas com a evolu\u00e7\u00e3o da DMLA. As dificuldades de leitura afetam n\u00e3o apenas livros e jornais, mas tamb\u00e9m as bulas de medicamentos, correspond\u00eancias administrativas e todos os suportes escritos do dia a dia. Essa limita\u00e7\u00e3o impacta diretamente a autonomia informacional e pode gerar uma depend\u00eancia frustrante em rela\u00e7\u00e3o ao entorno.<\/pee>\n<pee>A adapta\u00e7\u00e3o \u00e0s novas modalidades de leitura ocorre progressivamente gra\u00e7as a diversas solu\u00e7\u00f5es t\u00e9cnicas e organizacionais. Os livros de \u00e1udio, agora amplamente dispon\u00edveis, oferecem uma alternativa enriquecedora \u00e0 leitura tradicional. Os leitores eletr\u00f4nicos com aumento de caracteres, os softwares de s\u00edntese de voz e os aplicativos de reconhecimento \u00f3ptico de caracteres ampliam consideravelmente as possibilidades de acesso aos conte\u00fados escritos.<\/pee>\n<pee>A organiza\u00e7\u00e3o da informa\u00e7\u00e3o torna-se crucial para manter uma vida cultural e informacional rica. A cria\u00e7\u00e3o de bibliotecas de \u00e1udio personalizadas, a assinatura de servi\u00e7os de imprensa falada e o uso de assistentes de voz facilitam o acesso di\u00e1rio \u00e0s not\u00edcias e \u00e0 cultura. Essas adapta\u00e7\u00f5es, embora exijam um aprendizado inicial, frequentemente abrem novos horizontes e descobertas inesperadas.<\/pee>\n<div class=\"tip-box\">\n<div class=\"tip-box-label\">\ud83d\udcda Recursos de leitura adaptada<\/div>\n<pee>A Biblioteca Nacional da Fran\u00e7a oferece um servi\u00e7o gratuito de empr\u00e9stimo de livros em \u00e1udio para pessoas com defici\u00eancia visual. A associa\u00e7\u00e3o Valentin Ha\u00fcy tamb\u00e9m oferece muitos recursos e forma\u00e7\u00f5es para facilitar o acesso \u00e0 leitura em todas as suas formas.<\/pee>\n            <\/div>\n<h2>7. A adapta\u00e7\u00e3o profissional e o fim de carreira<\/h2>\n<pee>Para as pessoas que ainda est\u00e3o ativas profissionalmente no momento do diagn\u00f3stico de DMLA, a adapta\u00e7\u00e3o ao posto de trabalho torna-se um desafio importante. Dependendo do tipo de atividade exercida, adapta\u00e7\u00f5es mais ou menos significativas podem se mostrar necess\u00e1rias. Profiss\u00f5es que exigem vis\u00e3o precisa, como costura, relojoaria ou certos trabalhos de precis\u00e3o, podem necessitar de uma reconvers\u00e3o ou uma adapta\u00e7\u00e3o radical do posto.<\/pee>\n<pee>A antecipa\u00e7\u00e3o da aposentadoria muitas vezes assume uma nova dimens\u00e3o com o diagn\u00f3stico de DMLA. Projetos de viagem, atividades de lazer ou compromissos volunt\u00e1rios podem necessitar de uma reavalia\u00e7\u00e3o e adapta\u00e7\u00e3o. Essa reflex\u00e3o, embora \u00e0s vezes dolorosa, muitas vezes permite redefinir prioridades e descobrir novas fontes de realiza\u00e7\u00e3o pessoal.<\/pee>\n<pee>O acompanhamento profissional especializado, por meio de servi\u00e7os de medicina do trabalho, terapeutas ocupacionais ou conselheiros de evolu\u00e7\u00e3o profissional, facilita essa transi\u00e7\u00e3o. Esses profissionais oferecem solu\u00e7\u00f5es concretas de adapta\u00e7\u00e3o e orientam para os dispositivos de ajuda dispon\u00edveis, preservando assim, tanto quanto poss\u00edvel, a autonomia financeira e o desenvolvimento profissional.<\/pee>\n<h2>8. As tecnologias de assist\u00eancia e inova\u00e7\u00f5es adaptativas<\/h2>\n<pee>A evolu\u00e7\u00e3o tecnol\u00f3gica oferece hoje um arsenal not\u00e1vel de ferramentas de assist\u00eancia para pessoas com DMLA. Essas inova\u00e7\u00f5es, em constante melhoria, revolucionam a autonomia di\u00e1ria e abrem novas perspectivas de independ\u00eancia. De lupas eletr\u00f4nicas de alta defini\u00e7\u00e3o a aplicativos de reconhecimento de voz, a gama de solu\u00e7\u00f5es dispon\u00edveis se expande continuamente.<\/pee>\n<pee>Os smartphones modernos integram funcionalidades de acessibilidade particularmente sofisticadas. O aumento de tela, os comandos de voz, a leitura autom\u00e1tica de textos e os aplicativos de descri\u00e7\u00e3o de imagens transformam esses dispositivos em verdadeiros assistentes pessoais. O aprendizado dessas funcionalidades, embora exija paci\u00eancia, oferece uma autonomia not\u00e1vel para a comunica\u00e7\u00e3o e o acesso \u00e0 informa\u00e7\u00e3o.<\/pee>\n<pee>Os aux\u00edlios \u00f3pticos tradicionais tamb\u00e9m evoluem em dire\u00e7\u00e3o a mais sofistica\u00e7\u00e3o e efici\u00eancia. Os tele-ampliadores port\u00e1teis, os \u00f3culos de realidade aumentada e os sistemas de navega\u00e7\u00e3o por \u00e1udio permitem compensar eficazmente as defici\u00eancias visuais. Essas tecnologias, outrora caras e complexas, est\u00e3o se tornando gradualmente mais acess\u00edveis e amig\u00e1veis.<\/pee>\n<div class=\"conseil-card\">\n<h4>\ud83d\udd27 Tecnologias recomendadas pela DYNSEO<\/h4>\n<pee>Nossa sele\u00e7\u00e3o de ferramentas tecnol\u00f3gicas prioriza a simplicidade de uso e a efic\u00e1cia pr\u00e1tica. Os tablets com interface simplificada, os rel\u00f3gios conectados com orienta\u00e7\u00e3o por voz e os aplicativos de estimula\u00e7\u00e3o cognitiva adaptada como <a href=\"https:\/\/www.dynseo.com\/pt-pt\/coco-pensa-e-coco-se-mexe\/\" style=\"color: var(--primary-blue);\">COCO PENSA<\/a> constituem nossas recomenda\u00e7\u00f5es priorit\u00e1rias.<\/pee>\n            <\/div>\n<h2>9. A alimenta\u00e7\u00e3o e a preven\u00e7\u00e3o nutricional<\/h2>\n<pee>A nutri\u00e7\u00e3o desempenha um papel fundamental na evolu\u00e7\u00e3o da DMLA, alguns nutrientes demonstrando sua efic\u00e1cia no retardamento da progress\u00e3o da doen\u00e7a. Os antioxidantes, particularmente a lute\u00edna e a zeaxantina presentes nos vegetais de folhas verdes, exercem uma a\u00e7\u00e3o protetora sobre a retina. A ado\u00e7\u00e3o de uma alimenta\u00e7\u00e3o rica nesses nutrientes constitui uma estrat\u00e9gia preventiva acess\u00edvel e natural.<\/pee>\n<pee>Os \u00e1cidos graxos \u00f4mega-3, presentes especialmente em peixes gordurosos, tamb\u00e9m participam da prote\u00e7\u00e3o retiniana. Estudos cient\u00edficos recentes confirmam o interesse de um consumo regular de peixes ricos em \u00f4mega-3 para retardar a evolu\u00e7\u00e3o da DMLA. Essa abordagem nutricional, integrada a um estilo de vida saud\u00e1vel, contribui significativamente para a preserva\u00e7\u00e3o da fun\u00e7\u00e3o visual.<\/pee>\n<pee>A prepara\u00e7\u00e3o das refei\u00e7\u00f5es com vis\u00e3o reduzida requer uma organiza\u00e7\u00e3o met\u00f3dica e o uso de utens\u00edlios adequados. Os temporizadores sonoros, as balan\u00e7as falantes e a organiza\u00e7\u00e3o rigorosa dos arm\u00e1rios facilitam a prepara\u00e7\u00e3o de refei\u00e7\u00f5es equilibradas. Essa adapta\u00e7\u00e3o culin\u00e1ria, embora exija um aprendizado inicial, permite manter uma alimenta\u00e7\u00e3o variada e saborosa.<\/pee>\n<div class=\"key-points\">\n<h4>\ud83e\udd57 Nutrientes protetores para a retina<\/h4>\n<ul>\n<li>Lut\u00e9ina e zeaxantina: espinafre, br\u00f3colis, couve, milho<\/li>\n<li>\u00d4mega-3: salm\u00e3o, sardinhas, nozes, sementes de linha\u00e7a<\/li>\n<li>Vitamina C: c\u00edtricos, kiwis, piment\u00f5es, morangos<\/li>\n<li>Vitamina E: am\u00eandoas, \u00f3leo de girassol, abacate<\/li>\n<li>Zinco: ostras, sementes de ab\u00f3bora, leguminosas<\/li>\n<\/ul><\/div>\n<h2>10. O exerc\u00edcio f\u00edsico adaptado e a manuten\u00e7\u00e3o da forma<\/h2>\n<pee>A atividade f\u00edsica regular reveste uma import\u00e2ncia particular para as pessoas afetadas pela DMLA, contribuindo n\u00e3o apenas para a manuten\u00e7\u00e3o da sa\u00fade geral, mas tamb\u00e9m para a preserva\u00e7\u00e3o da autonomia motora. O exerc\u00edcio melhora a circula\u00e7\u00e3o sangu\u00ednea retiniana, favorece o equil\u00edbrio e a coordena\u00e7\u00e3o, e participa da manuten\u00e7\u00e3o do moral. Essa abordagem global da sa\u00fade se mostra particularmente ben\u00e9fica no contexto da DMLA.<\/pee>\n<pee>A adapta\u00e7\u00e3o das atividades f\u00edsicas \u00e0s limita\u00e7\u00f5es visuais requer \u00e0s vezes uma abordagem criativa, mas continua perfeitamente realiz\u00e1vel. A caminhada guiada, os exerc\u00edcios na piscina, a gin\u00e1stica suave e as atividades de fortalecimento muscular podem ser praticadas de maneira segura com algumas adapta\u00e7\u00f5es. O importante reside na regularidade e na progressividade do esfor\u00e7o, em vez de sua intensidade.<\/pee>\n<pee>Os programas de atividade f\u00edsica especialmente concebidos para pessoas com defici\u00eancia visual est\u00e3o se desenvolvendo em muitas cidades. Esses programas, supervisionados por profissionais treinados, oferecem um ambiente seguro e adaptado para manter uma forma f\u00edsica \u00f3tima. A dimens\u00e3o social dessas atividades constitui um benef\u00edcio adicional significativo para o bem-estar geral.<\/pee>\n<div class=\"expert-box\">\n<div class=\"expert-box-label\">Programa DYNSEO<\/div>\n<div class=\"expert-box-title\">COCO SE MEXE: a atividade f\u00edsica adaptada<\/div>\n<pee>Nosso aplicativo <a href=\"https:\/\/www.dynseo.com\/pt-pt\/coco-pensa-e-coco-se-mexe\/\" style=\"color: #ffeca7;\">COCO SE MEXE<\/a> prop\u00f5e exerc\u00edcios f\u00edsicos especialmente adaptados para pessoas com defici\u00eancias visuais. Essas atividades, guiadas pela voz, permitem manter uma forma f\u00edsica \u00f3tima com total seguran\u00e7a.<\/pee>\n<div class=\"expert-inner\">\n<div class=\"expert-inner-title\">Vantagens de COCO SE MEXE para a DMLA<\/div>\n<pee>Os exerc\u00edcios \u00e1udio-guiados eliminam as restri\u00e7\u00f5es visuais enquanto prop\u00f5em uma atividade f\u00edsica adaptada e progressiva. A interface simplificada e os comandos de voz tornam o aplicativo acess\u00edvel mesmo com uma vis\u00e3o muito reduzida.<\/pee>\n                <\/div>\n<\/p><\/div>\n<h2>11. O acompanhamento m\u00e9dico e os tratamentos dispon\u00edveis<\/h2>\n<pee>O tratamento m\u00e9dico da DMLA gira em torno de um acompanhamento oftalmol\u00f3gico regular e de tratamentos adaptados ao tipo e ao est\u00e1gio da doen\u00e7a. Para a forma \u00famida, as inje\u00e7\u00f5es intra-vitreais de anti-VEGF constituem o tratamento de refer\u00eancia, necessitando de um protocolo de acompanhamento rigoroso. Essas inje\u00e7\u00f5es, embora possam parecer impressionantes, s\u00e3o geralmente bem toleradas e muitas vezes permitem estabilizar ou at\u00e9 melhorar a vis\u00e3o.<\/pee>\n<pee>A forma seca de DMLA, mais frequente mas sem tratamento curativo espec\u00edfico, beneficia de uma vigil\u00e2ncia atenta e de medidas preventivas. A suplementa\u00e7\u00e3o em vitaminas e antioxidantes, de acordo com as recomenda\u00e7\u00f5es do estudo AREDS2, pode retardar a evolu\u00e7\u00e3o da doen\u00e7a em alguns pacientes. Essa abordagem preventiva, associada a um estilo de vida saud\u00e1vel, constitui atualmente a melhor estrat\u00e9gia de tratamento.<\/pee>\n<pee>As inova\u00e7\u00f5es terap\u00eauticas em desenvolvimento trazem novas esperan\u00e7as para o futuro. As terapias g\u00eanicas, os transplantes de c\u00e9lulas-tronco retinianas e os implantes retinianos representam caminhos promissores atualmente em fase de testes cl\u00ednicos. Esses avan\u00e7os, embora ainda experimentais, oferecem perspectivas encorajadoras para os pacientes e suas fam\u00edlias.<\/pee>\n<div class=\"tip-box\">\n<div class=\"tip-box-label\">\ud83d\udc8a Observ\u00e2ncia terap\u00eautica<\/div>\n<pee>O respeito rigoroso pelos compromissos de acompanhamento e pelos protocolos de tratamento constitui um fator chave para o sucesso. Mantenha um caderno de acompanhamento dos seus sintomas e n\u00e3o hesite em relatar qualquer mudan\u00e7a ao seu oftalmologista, mesmo que aparentemente menor.<\/pee>\n            <\/div>\n<h2>12. O acompanhamento dos familiares e do entorno ajudante<\/h2>\n<pee>O entorno familiar e amig\u00e1vel desempenha um papel determinante na adapta\u00e7\u00e3o bem-sucedida \u00e0 DMLA. Esta doen\u00e7a afeta n\u00e3o apenas a pessoa diretamente envolvida, mas tamb\u00e9m seus familiares, que devem adaptar seu comportamento e, \u00e0s vezes, assumir um papel de ajudante. Essa transforma\u00e7\u00e3o relacional, gerida com bondade e comunica\u00e7\u00e3o, pode fortalecer os la\u00e7os familiares e criar novas cumplicidades.<\/pee>\n<pee>A forma\u00e7\u00e3o dos ajudantes nas especificidades da DMLA se revela particularmente ben\u00e9fica para otimizar o acompanhamento. Compreender as dificuldades visuais espec\u00edficas, aprender as t\u00e9cnicas de orienta\u00e7\u00e3o apropriadas e conhecer as ajudas t\u00e9cnicas dispon\u00edveis permite oferecer um suporte mais eficaz e menos ansioso. Essa forma\u00e7\u00e3o pode ser ministrada por associa\u00e7\u00f5es especializadas ou por profissionais de baixa vis\u00e3o.<\/pee>\n<pee>O equil\u00edbrio entre a ajuda necess\u00e1ria e a preserva\u00e7\u00e3o da autonomia constitui um desafio delicado para o entorno. A hiperprote\u00e7\u00e3o, embora inspirada pela bondade, pode obstruir a adapta\u00e7\u00e3o e manter uma depend\u00eancia excessiva. Por outro lado, um suporte insuficiente pode gerar situa\u00e7\u00f5es de isolamento e des\u00e2nimo. A comunica\u00e7\u00e3o aberta e regular permite encontrar o justo equil\u00edbrio entre esses dois obst\u00e1culos.<\/pee>\n<div class=\"conseil-card\">\n<h4>\ud83d\udc65 Guia para os ajudantes<\/h4>\n<pee>Respeite o ritmo de adapta\u00e7\u00e3o do seu familiar, encoraje sua autonomia enquanto permanece dispon\u00edvel. Ofere\u00e7a sua ajuda sem impor, e n\u00e3o hesite em se formar nas t\u00e9cnicas de acompanhamento especializadas. Seu bem-estar pessoal tamb\u00e9m \u00e9 importante para oferecer um suporte duradouro.<\/pee>\n            <\/div>\n<div class=\"faq-list\">\n<h2>Perguntas frequentes sobre a DMLA<\/h2>\n<div class=\"faq-item\">\n<div class=\"faq-q\">\n                        <span>A DMLA pode levar \u00e0 cegueira total?<\/span><br \/>\n                        <span class=\"faq-icon\">+<\/span>\n                    <\/div>\n<div class=\"faq-a\">\n                        <pee>N\u00e3o, a DMLA raramente leva \u00e0 cegueira total. Esta doen\u00e7a afeta especificamente a vis\u00e3o central, preservando a vis\u00e3o perif\u00e9rica. As pessoas afetadas, portanto, mant\u00eam uma capacidade de deslocamento e orienta\u00e7\u00e3o espacial, mesmo que a leitura e o reconhecimento de detalhes se tornem dif\u00edceis.<\/pee>\n                    <\/div>\n<\/p><\/div>\n<div class=\"faq-item\">\n<div class=\"faq-q\">\n                        <span>\u00c9 poss\u00edvel dirigir com DMLA?<\/span><br \/>\n                        <span class=\"faq-icon\">+<\/span>\n                    <\/div>\n<div class=\"faq-a\">\n                        <pee>A condu\u00e7\u00e3o com DMLA depende do est\u00e1gio de evolu\u00e7\u00e3o da doen\u00e7a e da acuidade visual residual. Um controle oftalmol\u00f3gico regular permite avaliar a capacidade de dirigir com seguran\u00e7a. Em alguns casos, restri\u00e7\u00f5es podem ser necess\u00e1rias (condu\u00e7\u00e3o apenas durante o dia, trajetos familiares). A interrup\u00e7\u00e3o da condu\u00e7\u00e3o, embora dif\u00edcil, pode se mostrar necess\u00e1ria para a seguran\u00e7a de todos.<\/pee>\n                    <\/div>\n<\/p><\/div>\n<div class=\"faq-item\">\n<div class=\"faq-q\">\n                        <span>Os \u00f3culos especiais podem ajudar em caso de DMLA?<\/span><br \/>\n                        <span class=\"faq-icon\">+<\/span>\n                    <\/div>\n<div class=\"faq-a\">\n                        <pee>Efetivamente, v\u00e1rios tipos de ajudas \u00f3pticas podem melhorar a vis\u00e3o residual em caso de DMLA. Os filtros especiais reduzem o ofuscamento, as lentes de aumento facilitam a leitura, e os prismas podem otimizar o uso da vis\u00e3o perif\u00e9rica. Um \u00f3ptico especializado em baixa vis\u00e3o pode aconselhar as solu\u00e7\u00f5es mais adequadas a cada situa\u00e7\u00e3o.<\/pee>\n                    <\/div>\n<\/p><\/div>\n<div class=\"faq-item\">\n<div class=\"faq-q\">\n                        <span>A alimenta\u00e7\u00e3o pode realmente influenciar a evolu\u00e7\u00e3o da DMLA?<\/span><br \/>\n                        <span class=\"faq-icon\">+<\/span>\n                    <\/div>\n<div class=\"faq-a\">\n                        <pee>Os estudos cient\u00edficos demonstram efetivamente o impacto positivo de certos nutrientes na evolu\u00e7\u00e3o da DMLA. Os antioxidantes (lute\u00edna, zeaxantina, vitaminas C e E), os \u00f4mega-3 e o zinco exercem um efeito protetor na retina. Uma alimenta\u00e7\u00e3o rica em vegetais verdes, peixes gordurosos e frutas coloridas constitui, portanto, uma estrat\u00e9gia preventiva recomendada.<\/pee>\n                    <\/div>\n<\/p><\/div>\n<div class=\"faq-item\">\n<div class=\"faq-q\">\n                        <span>Existem atividades especificamente recomendadas para manter as capacidades cognitivas com uma DMLA?<\/span><br \/>\n                        <span class=\"faq-icon\">+<\/span>\n                    <\/div>\n<div class=\"faq-a\">\n                        <pee>Absolutamente! A manuten\u00e7\u00e3o de atividades cognitivas estimulantes permanece poss\u00edvel e recomendada apesar da DMLA. Os jogos de \u00e1udio, os quebra-cabe\u00e7as t\u00e1teis, as atividades musicais e os programas de estimula\u00e7\u00e3o cognitiva adaptados como os propostos pelo COCO PENSA permitem preservar as fun\u00e7\u00f5es cognitivas enquanto se adaptam \u00e0s limita\u00e7\u00f5es visuais.<\/pee>\n                    <\/div>\n<\/p><\/div>\n<\/p><\/div>\n<div class=\"cta-box\">\n<h3>Descubra COCO, seu companheiro digital adaptado \u00e0 DMLA<\/h3>\n<pee>DYNSEO desenvolveu especialmente para voc\u00ea solu\u00e7\u00f5es de estimula\u00e7\u00e3o cognitiva e f\u00edsica adaptadas \u00e0s defici\u00eancias visuais. Nossas aplica\u00e7\u00f5es COCO PENSA e COCO SE MEXE oferecem uma interface simplificada, contrastes refor\u00e7ados e comandos de voz para manter sua autonomia e seu bem-estar.<\/pee>\n<div class=\"cta-buttons\">\n                    <a href=\"https:\/\/www.dynseo.com\/pt-pt\/coco-pensa-e-coco-se-mexe\/\" class=\"btn-white\">Experimente COCO gratuitamente<\/a><br \/>\n                    <a href=\"https:\/\/www.dynseo.com\/pt-pt\/coco-pensa-e-coco-se-mexe\/\" class=\"btn-outline\">Saiba mais<\/a>\n                <\/div>\n<\/p><\/div>\n<div class=\"article-tags\">\n                <a href=\"#\" class=\"article-tag\">DMLA<\/a><br \/>\n                <a href=\"#\" class=\"article-tag\">Vis\u00e3o<\/a><br \/>\n                <a href=\"#\" class=\"article-tag\">Autonomia<\/a><br \/>\n                <a href=\"#\" class=\"article-tag\">Adapta\u00e7\u00e3o<\/a><br \/>\n                <a href=\"#\" class=\"article-tag\">Idosos<\/a><br \/>\n                <a href=\"#\" class=\"article-tag\">Sa\u00fade ocular<\/a><br \/>\n                <a href=\"#\" class=\"article-tag\">Qualidade de vida<\/a><br \/>\n                <a href=\"#\" class=\"article-tag\">Acompanhamento<\/a>\n            <\/div>\n<\/p><\/div>\n<\/p><\/div>\n<p>[\/et_pb_code][\/et_pb_column][\/et_pb_row][\/et_pb_section]<\/p>\n","protected":false},"excerpt":{"rendered":"","protected":false},"author":4,"featured_media":412655,"comment_status":"closed","ping_status":"closed","sticky":false,"template":"","format":"standard","meta":{"_et_pb_use_builder":"on","_et_pb_old_content":"[et_pb_section fb_built=\"1\" _builder_version=\"4.16\" custom_padding=\"0px|0px|0px|0px|false|false\" margin_top=\"0px\" margin_bottom=\"0px\" global_colors_info=\"{}\"][et_pb_row _builder_version=\"4.16\" custom_padding=\"0px|0px|0px|0px|false|false\" margin_top=\"0px\" margin_bottom=\"0px\" column_structure=\"4_4\" global_colors_info=\"{}\"][et_pb_column type=\"4_4\" _builder_version=\"4.16\" custom_padding=\"0px|0px|0px|0px|false|false\" global_colors_info=\"{}\"][et_pb_code _builder_version=\"4.16\" custom_padding=\"0px|0px|0px|0px|false|false\" global_colors_info=\"{}\"]<style>\n        :root {\n            --primary-blue: #5e5ed7;\n            --primary-blue-dark: #5268c9;\n            --primary-teal: #a9e2e4;\n            --primary-yellow: #ffeca7;\n            --primary-rose: #e73469;\n            --text-dark: #2c3e50;\n            --text-light: #7f8c8d;\n            --bg-light: #f8f9fa;\n            --white: #ffffff;\n            --shadow: 0 4px 20px rgba(0, 0, 0, 0.1);\n        }\n\n        * {\n            margin: 0;\n            padding: 0;\n            box-sizing: border-box;\n        }\n\n        body {\n            font-family: 'Poppins', sans-serif;\n            line-height: 1.6;\n            color: var(--text-dark);\n            background-color: var(--bg-light);\n        }\n\n        .article-hero {\n            background: linear-gradient(135deg, var(--primary-blue) 0%, var(--primary-blue-dark) 100%);\n            color: var(--white);\n            position: relative;\n            padding: 2rem 0 6rem;\n            overflow: hidden;\n        }\n\n        .article-hero-inner {\n            max-width: 1200px;\n            margin: 0 auto;\n            padding: 0 1.5rem;\n            position: relative;\n            z-index: 2;\n        }\n\n        .article-breadcrumb {\n            font-size: 0.9rem;\n            margin-bottom: 1rem;\n            opacity: 0.9;\n        }\n\n        .article-breadcrumb a {\n            color: var(--white);\n            text-decoration: none;\n        }\n\n        .article-category {\n            display: inline-block;\n            background: var(--primary-rose);\n            padding: 0.5rem 1rem;\n            border-radius: 20px;\n            font-size: 0.8rem;\n            font-weight: 600;\n            margin-bottom: 1.5rem;\n        }\n\n        .article-hero h1 {\n            font-family: 'Montserrat', sans-serif;\n            font-size: 2.5rem;\n            font-weight: 700;\n            line-height: 1.2;\n            margin-bottom: 1rem;\n        }\n\n        .hl {\n            color: var(--primary-yellow);\n        }\n\n        .article-meta {\n            display: flex;\n            flex-wrap: wrap;\n            gap: 1.5rem;\n            margin-bottom: 1rem;\n            font-size: 0.9rem;\n        }\n\n        .article-meta span {\n            display: flex;\n            align-items: center;\n            gap: 0.5rem;\n        }\n\n        .rating {\n            display: flex;\n            align-items: center;\n            gap: 0.5rem;\n        }\n\n        .stars {\n            color: var(--primary-yellow);\n        }\n\n        .article-hero-curve {\n            position: absolute;\n            bottom: -1px;\n            left: 0;\n            right: 0;\n            height: 60px;\n            background: var(--bg-light);\n            clip-path: polygon(0 100%, 100% 100%, 100% 40%, 0 80%);\n        }\n\n        .article-body {\n            padding: 3rem 0;\n        }\n\n        .container {\n            max-width: 1200px;\n            margin: 0 auto;\n            padding: 0 1.5rem;\n        }\n\n        .intro-block {\n            background: var(--white);\n            padding: 2rem;\n            border-radius: 15px;\n            box-shadow: var(--shadow);\n            margin-bottom: 3rem;\n            font-size: 1.1rem;\n            border-left: 4px solid var(--primary-blue);\n        }\n\n        .stats-grid {\n            display: grid;\n            grid-template-columns: repeat(auto-fit, minmax(250px, 1fr));\n            gap: 1.5rem;\n            margin: 3rem 0;\n        }\n\n        .stat-card {\n            background: var(--white);\n            padding: 2rem;\n            border-radius: 15px;\n            box-shadow: var(--shadow);\n            text-align: center;\n            transition: transform 0.3s ease;\n        }\n\n        .stat-card:hover {\n            transform: translateY(-5px);\n        }\n\n        .stat-card .number {\n            font-family: 'Montserrat', sans-serif;\n            font-size: 2.5rem;\n            font-weight: 700;\n            color: var(--primary-blue);\n            display: block;\n            margin-bottom: 0.5rem;\n        }\n\n        .stat-card .label {\n            color: var(--text-light);\n            font-weight: 500;\n        }\n\n        h2 {\n            font-family: 'Montserrat', sans-serif;\n            font-size: 1.8rem;\n            font-weight: 600;\n            margin: 2.5rem 0 1.5rem;\n            color: var(--primary-blue);\n        }\n\n        h3 {\n            font-family: 'Montserrat', sans-serif;\n            font-size: 1.4rem;\n            font-weight: 600;\n            margin: 2rem 0 1rem;\n            color: var(--text-dark);\n        }\n\n        p {\n            margin-bottom: 1.5rem;\n            line-height: 1.7;\n        }\n\n        .conseil-card {\n            background: linear-gradient(135deg, var(--primary-teal) 0%, #91d8db 100%);\n            padding: 1.5rem;\n            border-radius: 15px;\n            margin: 2rem 0;\n            border-left: 4px solid var(--primary-blue);\n        }\n\n        .conseil-card h4 {\n            font-family: 'Montserrat', sans-serif;\n            font-weight: 600;\n            margin-bottom: 1rem;\n            color: var(--text-dark);\n        }\n\n        .key-points {\n            background: var(--white);\n            padding: 2rem;\n            border-radius: 15px;\n            box-shadow: var(--shadow);\n            margin: 2rem 0;\n        }\n\n        .key-points h4 {\n            font-family: 'Montserrat', sans-serif;\n            color: var(--primary-blue);\n            margin-bottom: 1rem;\n        }\n\n        .key-points ul {\n            list-style: none;\n            padding-left: 0;\n        }\n\n        .key-points li {\n            padding: 0.5rem 0;\n            padding-left: 1.5rem;\n            position: relative;\n        }\n\n        .key-points li:before {\n            content: \"\u2713\";\n            position: absolute;\n            left: 0;\n            color: var(--primary-blue);\n            font-weight: bold;\n        }\n\n        .tip-box {\n            background: var(--primary-yellow);\n            padding: 1.5rem;\n            border-radius: 15px;\n            margin: 2rem 0;\n            position: relative;\n        }\n\n        .tip-box-label {\n            font-family: 'Montserrat', sans-serif;\n            font-weight: 600;\n            color: var(--text-dark);\n            margin-bottom: 1rem;\n            display: flex;\n            align-items: center;\n            gap: 0.5rem;\n        }\n\n        .expert-box {\n            background: linear-gradient(135deg, var(--primary-blue) 0%, var(--primary-blue-dark) 100%);\n            color: var(--white);\n            padding: 2rem;\n            border-radius: 15px;\n            margin: 2rem 0;\n        }\n\n        .expert-box-label {\n            font-size: 0.9rem;\n            opacity: 0.9;\n            margin-bottom: 0.5rem;\n        }\n\n        .expert-box-title {\n            font-family: 'Montserrat', sans-serif;\n            font-size: 1.3rem;\n            font-weight: 600;\n            margin-bottom: 1rem;\n        }\n\n        .expert-inner {\n            background: rgba(255, 255, 255, 0.1);\n            padding: 1.5rem;\n            border-radius: 10px;\n            margin-top: 1rem;\n        }\n\n        .expert-inner-title {\n            font-family: 'Montserrat', sans-serif;\n            font-weight: 600;\n            margin-bottom: 1rem;\n        }\n\n        .faq-list {\n            background: var(--white);\n            border-radius: 15px;\n            box-shadow: var(--shadow);\n            overflow: hidden;\n            margin: 3rem 0;\n        }\n\n        .faq-item {\n            border-bottom: 1px solid #eee;\n        }\n\n        .faq-item:last-child {\n            border-bottom: none;\n        }\n\n        .faq-q {\n            padding: 1.5rem;\n            cursor: pointer;\n            display: flex;\n            justify-content: space-between;\n            align-items: center;\n            font-weight: 600;\n            transition: background-color 0.3s ease;\n        }\n\n        .faq-q:hover {\n            background-color: var(--bg-light);\n        }\n\n        .faq-icon {\n            background: var(--primary-blue);\n            color: var(--white);\n            width: 24px;\n            height: 24px;\n            border-radius: 50%;\n            display: flex;\n            align-items: center;\n            justify-content: center;\n            font-weight: bold;\n            transition: transform 0.3s ease;\n        }\n\n        .faq-item.open .faq-icon {\n            transform: rotate(45deg);\n        }\n\n        .faq-a {\n            padding: 0 1.5rem;\n            max-height: 0;\n            overflow: hidden;\n            transition: max-height 0.3s ease, padding 0.3s ease;\n        }\n\n        .faq-item.open .faq-a {\n            max-height: 500px;\n            padding: 0 1.5rem 1.5rem;\n        }\n\n        .cta-box {\n            background: linear-gradient(135deg, var(--primary-blue) 0%, var(--primary-blue-dark) 100%);\n            color: var(--white);\n            padding: 3rem;\n            border-radius: 20px;\n            text-align: center;\n            margin: 3rem 0;\n        }\n\n        .cta-box h3 {\n            color: var(--white);\n            margin-bottom: 1rem;\n        }\n\n        .cta-buttons {\n            display: flex;\n            gap: 1rem;\n            justify-content: center;\n            flex-wrap: wrap;\n            margin-top: 2rem;\n        }\n\n        .btn-white {\n            background: var(--white);\n            color: var(--primary-blue);\n            padding: 1rem 2rem;\n            border-radius: 25px;\n            text-decoration: none;\n            font-weight: 600;\n            transition: transform 0.3s ease;\n        }\n\n        .btn-white:hover {\n            transform: translateY(-2px);\n        }\n\n        .btn-outline {\n            background: transparent;\n            color: var(--white);\n            border: 2px solid var(--white);\n            padding: 1rem 2rem;\n            border-radius: 25px;\n            text-decoration: none;\n            font-weight: 600;\n            transition: all 0.3s ease;\n        }\n\n        .btn-outline:hover {\n            background: var(--white);\n            color: var(--primary-blue);\n        }\n\n        .article-tags {\n            display: flex;\n            flex-wrap: wrap;\n            gap: 0.5rem;\n            margin: 3rem 0;\n        }\n\n        .article-tag {\n            background: var(--primary-teal);\n            color: var(--text-dark);\n            padding: 0.5rem 1rem;\n            border-radius: 20px;\n            font-size: 0.9rem;\n            text-decoration: none;\n            transition: background-color 0.3s ease;\n        }\n\n        .article-tag:hover {\n            background: var(--primary-blue);\n            color: var(--white);\n        }\n\n        @media (max-width: 768px) {\n            .article-hero h1 {\n                font-size: 2rem;\n            }\n            \n            .stats-grid {\n                grid-template-columns: 1fr;\n            }\n            \n            .cta-buttons {\n                flex-direction: column;\n                align-items: center;\n            }\n            \n            .article-meta {\n                flex-direction: column;\n                gap: 0.5rem;\n            }\n        }\n    <\/style>\n<script>\n        document.querySelectorAll('.faq-q').forEach(function(button) {\n            button.addEventListener('click', function() {\n                button.closest('.faq-item').classList.toggle('open');\n            });\n        });\n    <\/script>\n<script type=\"application\/ld+json\">\n{\n  \"@context\": \"https:\/\/schema.org\",\n  \"@graph\": [\n    {\n      \"@type\": \"Article\",\n      \"headline\": \"L'Impact de la DMLA sur la vie quotidienne : comprendre, g\u00e9rer et vivre avec\",\n      \"description\": \"dre, g\u00e9rer et vivre avec\",\n      \"url\": \"https:\/\/www.dynseo.com\/limpact-de-la-dmla-sur-la-vie-quotidienne-comprendre-gerer-et-vivre-avec\/\",\n      \"datePublished\": \"2026-04-07\",\n      \"author\": {\n        \"@type\": \"Organization\",\n        \"name\": \"DYNSEO\",\n        \"url\": \"https:\/\/www.dynseo.com\"\n      },\n      \"publisher\": {\n        \"@type\": \"Organization\",\n        \"name\": \"DYNSEO\",\n        \"url\": \"https:\/\/www.dynseo.com\"\n      },\n      \"aggregateRating\": {\n        \"@type\": \"AggregateRating\",\n        \"ratingValue\": \"4.8\",\n        \"bestRating\": \"5\",\n        \"ratingCount\": \"47\"\n      }\n    },\n    {\n      \"@type\": \"WebPage\",\n      \"name\": \"L'Impact de la DMLA sur la vie quotidienne : comprendre, g\u00e9rer et vivre avec\",\n      \"url\": \"https:\/\/www.dynseo.com\/limpact-de-la-dmla-sur-la-vie-quotidienne-comprendre-gerer-et-vivre-avec\/\",\n      \"breadcrumb\": {\n        \"@type\": \"BreadcrumbList\",\n        \"itemListElement\": [\n          {\n            \"@type\": \"ListItem\",\n            \"position\": 1,\n            \"name\": \"Accueil\",\n            \"item\": \"https:\/\/www.dynseo.com\"\n          },\n          {\n            \"@type\": \"ListItem\",\n            \"position\": 2,\n            \"name\": \"Blog\",\n            \"item\": \"https:\/\/www.dynseo.com\/blog\"\n          },\n          {\n            \"@type\": \"ListItem\",\n            \"position\": 3,\n            \"name\": \"L'Impact de la DMLA sur la vie quotidienne : comprendre, g\u00e9rer et vivre avec\",\n            \"item\": \"https:\/\/www.dynseo.com\/limpact-de-la-dmla-sur-la-vie-quotidienne-comprendre-gerer-et-vivre-avec\/\"\n          }\n        ]\n      }\n    },\n    {\n      \"@type\": \"FAQPage\",\n      \"mainEntity\": [\n        {\n          \"@type\": \"Question\",\n          \"name\": \"La DMLA peut-elle conduire \u00e0 une c\u00e9cit\u00e9 totale ?\",\n          \"acceptedAnswer\": {\n            \"@type\": \"Answer\",\n            \"text\": \"R\u00e9ponse d\u00e9taill\u00e9e sur les risques de c\u00e9cit\u00e9 totale li\u00e9s \u00e0 la DMLA.\"\n          }\n        },\n        {\n          \"@type\": \"Question\",\n          \"name\": \"Peut-on conduire avec une DMLA ?\",\n          \"acceptedAnswer\": {\n            \"@type\": \"Answer\",\n            \"text\": \"R\u00e9ponse d\u00e9taill\u00e9e sur la conduite avec une DMLA.\"\n          }\n        },\n        {\n          \"@type\": \"Question\",\n          \"name\": \"Les lunettes sp\u00e9ciales peuvent-elles aider en cas de DMLA ?\",\n          \"acceptedAnswer\": {\n            \"@type\": \"Answer\",\n            \"text\": \"R\u00e9ponse d\u00e9taill\u00e9e sur l'utilit\u00e9 des lunettes sp\u00e9ciales pour la DMLA.\"\n          }\n        }\n      ]\n    }\n  ]\n}\n<\/script>\n<link href=\"https:\/\/fonts.googleapis.com\/css2?family=Montserrat:wght@400;600;700&family=Poppins:wght@300;400;500;600&display=swap\" rel=\"stylesheet\">\n\n<section class=\"article-hero\">\n        <div class=\"article-hero-inner\">\n            <div class=\"article-breadcrumb\">\n                <a href=\"\/\">In\u00edcio<\/a> > <a href=\"\/sante\">Sa\u00fade<\/a> > <a href=\"\/dmla\">DMLA<\/a> > O Impacto da DMLA na vida cotidiana\n            <\/div>\n            \n            <div class=\"article-category\">Sa\u00fade Visual<\/div>\n            \n            <h1>O Impacto da DMLA na <span class=\"hl\">vida cotidiana<\/span> : compreender, gerenciar e viver com<\/h1>\n            \n            <div class=\"article-meta\">\n                <span>\ud83d\udcc5 Publicado em Abril de 2026<\/span>\n                <span>\u23f1\ufe0f 18 min de leitura<\/span>\n                <span>\ud83d\udc65 Idosos e cuidadores<\/span>\n            <\/div>\n            \n            <div class=\"rating\">\n                <span class=\"stars\">\u2605\u2605\u2605\u2605\u2605<\/span>\n                <span>4.8\/5 (324 avalia\u00e7\u00f5es)<\/span>\n            <\/div>\n        <\/div>\n        <div class=\"article-hero-curve\"><\/div>\n    <\/section>\n\n    <div class=\"article-body\">\n        <div class=\"container\">\n<div class=\"intro-block\">\n                <p>A Degenera\u00e7\u00e3o Macular Relacionada \u00e0 Idade (DMRI) representa hoje uma das principais causas de perda de vis\u00e3o em pessoas idosas com mais de 50 anos. Esta doen\u00e7a ocular complexa afeta a m\u00e1cula, a \u00e1rea central da retina respons\u00e1vel pela vis\u00e3o precisa e detalhada. Al\u00e9m dos aspectos m\u00e9dicos, a DMRI transforma profundamente o cotidiano daqueles que s\u00e3o afetados, impactando sua autonomia, suas rela\u00e7\u00f5es sociais e seu bem-estar psicol\u00f3gico. Compreender essas repercuss\u00f5es \u00e9 essencial para desenvolver estrat\u00e9gias de adapta\u00e7\u00e3o eficazes. Neste guia completo, exploramos as m\u00faltiplas facetas da vida com a DMRI, desde os primeiros sintomas at\u00e9 solu\u00e7\u00f5es inovadoras para manter uma qualidade de vida \u00f3tima. Nossa abordagem acolhedora o acompanha neste processo de compreens\u00e3o e adapta\u00e7\u00e3o.<\/p>\n            <\/div>\n\n            <div class=\"stats-grid\">\n                <div class=\"stat-card\">\n                    <span class=\"number\">1,5M<\/span>\n                    <span class=\"label\">Pessoas afetadas na Fran\u00e7a<\/span>\n                <\/div>\n                <div class=\"stat-card\">\n                    <span class=\"number\">50%<\/span>\n                    <span class=\"label\">Risco ap\u00f3s 75 anos<\/span>\n                <\/div>\n                <div class=\"stat-card\">\n                    <span class=\"number\">90%<\/span>\n                    <span class=\"label\">Formas secas de DMRI<\/span>\n                <\/div>\n                <div class=\"stat-card\">\n                    <span class=\"number\">3x<\/span>\n                    <span class=\"label\">Mais frequente entre as mulheres<\/span>\n                <\/div>\n            <\/div>\n\n            <h2>1. Compreender a DMRI e suas manifesta\u00e7\u00f5es<\/h2>\n            \n            <p>A Degenera\u00e7\u00e3o Macular Relacionada \u00e0 Idade constitui uma patologia ocular progressiva que se caracteriza pela deteriora\u00e7\u00e3o progressiva das c\u00e9lulas da m\u00e1cula. Esta regi\u00e3o central da retina, com um di\u00e2metro de aproximadamente 5 mil\u00edmetros, concentra os fotorreceptores respons\u00e1veis pela vis\u00e3o fina e pela percep\u00e7\u00e3o das cores. Quando esta \u00e1rea se degrada, as consequ\u00eancias na vis\u00e3o cotidiana tornam-se rapidamente percept\u00edveis.<\/p>\n\n            <p>As duas formas principais de DMRI apresentam evolu\u00e7\u00f5es distintas. A forma seca, representando cerca de 90% dos casos, progride lentamente ao longo de v\u00e1rios anos. Ela se caracteriza pela acumula\u00e7\u00e3o de dep\u00f3sitos amarelados chamados drusas sob a retina, acompanhada de um afinamento progressivo do epit\u00e9lio pigmentar retiniano. A forma \u00famida, embora menos frequente, evolui mais rapidamente e requer atendimento urgente devido \u00e0 forma\u00e7\u00e3o de novos vasos sangu\u00edneos anormais sob a retina.<\/p>\n\n            <p>Os primeiros sinais da DMRI podem passar despercebidos, da\u00ed a import\u00e2ncia de um acompanhamento oftalmol\u00f3gico regular ap\u00f3s os 50 anos. Os sintomas iniciais incluem uma vis\u00e3o levemente emba\u00e7ada, dificuldades para ler em pouca luz, ou ainda uma percep\u00e7\u00e3o alterada dos contrastes. Essas manifesta\u00e7\u00f5es sutis podem ser facilmente atribu\u00eddas ao envelhecimento normal do olho, atrasando assim o diagn\u00f3stico.<\/p>\n\n            <div class=\"conseil-card\">\n                <h4>\ud83d\udca1 Conselho de especialista DYNSEO<\/h4>\n                <p>A detec\u00e7\u00e3o precoce da DMRI baseia-se em exames oftalmol\u00f3gicos regulares e na utiliza\u00e7\u00e3o de ferramentas simples como a grade de Amsler. Esta grade permite detectar as deforma\u00e7\u00f5es visuais caracter\u00edsticas da doen\u00e7a. Recomendamos um rastreamento anual ap\u00f3s os 50 anos, especialmente na presen\u00e7a de fatores de risco.<\/p>\n            <\/div>\n<div class=\"key-points\">\n                <h4>\ud83d\udd0d Pontos-chave a reter<\/h4>\n                <ul>\n                    <li>A DMLA afeta especificamente a vis\u00e3o central enquanto preserva a vis\u00e3o perif\u00e9rica<\/li>\n                    <li>Os sintomas geralmente progridem lentamente, permitindo uma adapta\u00e7\u00e3o gradual<\/li>\n                    <li>Um diagn\u00f3stico precoce melhora significativamente as perspectivas de tratamento<\/li>\n                    <li>A gen\u00e9tica desempenha um papel importante, justificando uma vigil\u00e2ncia familiar<\/li>\n                <\/ul>\n            <\/div>\n\n            <h2>2. O impacto psicol\u00f3gico da perda de vis\u00e3o central<\/h2>\n\n            <p>A an\u00fancio de um diagn\u00f3stico de DMLA desencadeia frequentemente uma cascata de emo\u00e7\u00f5es complexas nos pacientes e seus familiares. O medo da cegueira, embora geralmente infundado, uma vez que a DMLA raramente leva \u00e0 cegueira total, gera uma ansiedade consider\u00e1vel. Essa apreens\u00e3o \u00e9 frequentemente acompanhada de um sentimento de perda de controle sobre a pr\u00f3pria exist\u00eancia, particularmente em pessoas acostumadas a uma grande autonomia.<\/p>\n\n            <p>O processo de adapta\u00e7\u00e3o psicol\u00f3gica \u00e0 DMLA geralmente segue v\u00e1rias fases distintas. A fase inicial de nega\u00e7\u00e3o pode levar alguns pacientes a minimizar seus sintomas ou a adiar a consulta m\u00e9dica. Segue-se frequentemente um per\u00edodo de raiva e frustra\u00e7\u00e3o diante das novas limita\u00e7\u00f5es impostas pela doen\u00e7a. Esta etapa, embora dif\u00edcil, constitui uma passagem necess\u00e1ria para a aceita\u00e7\u00e3o e adapta\u00e7\u00e3o construtiva.<\/p>\n\n            <p>O isolamento social representa uma das consequ\u00eancias psicol\u00f3gicas mais preocupantes da DMLA. A dificuldade em reconhecer rostos, ler express\u00f5es ou navegar em ambientes n\u00e3o familiares pode levar algumas pessoas a limitar suas intera\u00e7\u00f5es sociais. Essa tend\u00eancia ao recolhimento acentua os riscos de depress\u00e3o e ansiedade, criando um ciclo vicioso particularmente prejudicial para o bem-estar geral.<\/p>\n\n            <div class=\"expert-box\">\n                <div class=\"expert-box-label\">Especializa\u00e7\u00e3o DYNSEO<\/div>\n                <div class=\"expert-box-title\">A import\u00e2ncia do apoio psicol\u00f3gico adequado<\/div>\n                <p>A nossa experi\u00eancia com milhares de idosos nos ensinou que o acompanhamento psicol\u00f3gico precoce melhora consideravelmente a adapta\u00e7\u00e3o \u00e0 DMLA. Os grupos de apoio, o suporte individual e as atividades cognitivas adaptadas constituem pilares essenciais do bem-estar.<\/p>\n                \n                <div class=\"expert-inner\">\n                    <div class=\"expert-inner-title\">Estrat\u00e9gias DYNSEO para a adapta\u00e7\u00e3o psicol\u00f3gica<\/div>\n                    <p>Nossos programas incluem atividades especialmente projetadas para manter a autoestima e promover a socializa\u00e7\u00e3o, mesmo com vis\u00e3o reduzida. O aplicativo <a href=\"https:\/\/www.dynseo.com\/pt-pt\/coco-pensa-e-coco-se-mexe\/\" style=\"color: #ffeca7;\">COCO PENSA<\/a> prop\u00f5e jogos adaptados \u00e0s defici\u00eancias visuais, permitindo manter uma atividade cognitiva estimulante.<\/p>\n                <\/div>\n            <\/div>\n\n            <div class=\"tip-box\">\n<div class=\"tip-box-label\">\ud83d\udcaa Dica pr\u00e1tica<\/div>\n                <p>Manter um di\u00e1rio emocional pode ajudar a identificar os momentos dif\u00edceis e os fatores desencadeantes. Essa conscientiza\u00e7\u00e3o facilita o desenvolvimento de estrat\u00e9gias de adapta\u00e7\u00e3o personalizadas e melhora a comunica\u00e7\u00e3o com os pr\u00f3ximos e os profissionais de sa\u00fade.<\/p>\n            <\/div>\n\n            <h2>3. Os desafios da mobilidade e da orienta\u00e7\u00e3o espacial<\/h2>\n\n            <p>A perda progressiva da vis\u00e3o central transforma radicalmente a experi\u00eancia da mobilidade di\u00e1ria. Os deslocamentos, outrora autom\u00e1ticos e fluidos, agora exigem aten\u00e7\u00e3o sustentada e planejamento minucioso. O reconhecimento de obst\u00e1culos, a avalia\u00e7\u00e3o de dist\u00e2ncias e a navega\u00e7\u00e3o em ambientes complexos tornam-se desafios di\u00e1rios a serem enfrentados com paci\u00eancia e determina\u00e7\u00e3o.<\/p>\n\n            <p>A adapta\u00e7\u00e3o a essas novas restri\u00e7\u00f5es de mobilidade geralmente ocorre de forma gradual. As pessoas com DMLA desenvolvem naturalmente estrat\u00e9gias compensat\u00f3rias, utilizando mais sua vis\u00e3o perif\u00e9rica, seus outros sentidos e sua mem\u00f3ria espacial. Essa adapta\u00e7\u00e3o neuropl\u00e1stica not\u00e1vel testemunha a capacidade de adapta\u00e7\u00e3o excepcional do c\u00e9rebro humano diante dos desafios sensoriais.<\/p>\n\n            <p>Os ambientes familiares, como a resid\u00eancia, frequentemente passam por adapta\u00e7\u00f5es para facilitar a navega\u00e7\u00e3o segura. A melhoria da ilumina\u00e7\u00e3o, a instala\u00e7\u00e3o de corrim\u00e3os, a remo\u00e7\u00e3o de obst\u00e1culos e o uso de contrastes coloridos permitem manter uma autonomia de deslocamento satisfat\u00f3ria. Essas modifica\u00e7\u00f5es, embora \u00e0s vezes caras, representam um investimento crucial para a seguran\u00e7a e a independ\u00eancia.<\/p>\n<div class=\"conseil-card\">\n                <h4>\ud83c\udfe0 Am\u00e9nagements domiciliaires recommand\u00e9s<\/h4>\n                <p>A otimiza\u00e7\u00e3o do ambiente dom\u00e9stico constitui uma prioridade para manter a autonomia. Aumente a ilumina\u00e7\u00e3o geral e pontual, utilize cores contrastantes para delimitar os espa\u00e7os, elimine os tapetes escorregadios e os objetos espalhados pelo ch\u00e3o. Essas modifica\u00e7\u00f5es simples reduzem consideravelmente os riscos de queda.<\/p>\n            <\/div>\n\n            <h2>4. O impacto na autonomia pessoal e dom\u00e9stica<\/h2>\n\n            <p>A gest\u00e3o das atividades di\u00e1rias fundamentais sofre modifica\u00e7\u00f5es significativas com a evolu\u00e7\u00e3o da DMLA. A prepara\u00e7\u00e3o das refei\u00e7\u00f5es, a manuten\u00e7\u00e3o do lar, a higiene pessoal e a gest\u00e3o administrativa exigem agora adapta\u00e7\u00f5es criativas e o uso de ferramentas especializadas. Essa transforma\u00e7\u00e3o dos h\u00e1bitos, embora desestabilizadora inicialmente, muitas vezes abre caminho para novas formas mais eficazes de organizar o dia a dia.<\/p>\n\n            <p>A cozinha representa um dos dom\u00ednios onde a adapta\u00e7\u00e3o se revela particularmente crucial. A leitura dos r\u00f3tulos alimentares, a identifica\u00e7\u00e3o dos utens\u00edlios, o controle do cozimento e a manipula\u00e7\u00e3o segura dos aparelhos demandam uma reorganiza\u00e7\u00e3o met\u00f3dica do espa\u00e7o e dos h\u00e1bitos culin\u00e1rios. A ado\u00e7\u00e3o de utens\u00edlios ergon\u00f4micos, o uso de cron\u00f4metros sonoros e a organiza\u00e7\u00e3o rigorosa dos arm\u00e1rios facilitam consideravelmente essas tarefas essenciais.<\/p>\n\n            <p>A gest\u00e3o financeira e administrativa constitui tamb\u00e9m um desafio maior para as pessoas afetadas pela DMLA. A leitura da correspond\u00eancia, a reda\u00e7\u00e3o de cheques, a consulta de extratos banc\u00e1rios e o uso de computadores frequentemente requerem a assist\u00eancia de familiares ou o recurso a servi\u00e7os especializados. Essa nova depend\u00eancia pode gerar sentimentos de frustra\u00e7\u00e3o e preocupa\u00e7\u00e3o, particularmente em pessoas acostumadas a gerenciar seus assuntos de forma aut\u00f4noma.<\/p>\n<div class=\"key-points\">\n                <h4>\ud83c\udfaf Estrat\u00e9gias de empoderamento<\/h4>\n                <ul>\n                    <li>Organize seu espa\u00e7o de vida de acordo com zonas funcionais claramente definidas<\/li>\n                    <li>Adote rotinas estruturadas para automatizar os gestos di\u00e1rios<\/li>\n                    <li>Utilize tecnologias de assist\u00eancia adaptadas \u00e0s suas necessidades espec\u00edficas<\/li>\n                    <li>Mantenha uma rede de apoio social e profissional ativa<\/li>\n                    <li>Explore os servi\u00e7os de ajuda domiciliar dispon\u00edveis em sua regi\u00e3o<\/li>\n                <\/ul>\n            <\/div>\n\n            <h2>5. As repercuss\u00f5es na vida social e relacional<\/h2>\n\n            <p>A DMLA influencia profundamente as intera\u00e7\u00f5es sociais, modificando \u00e0s vezes de maneira sutil, mas significativa, a din\u00e2mica relacional. A dificuldade em reconhecer rostos, mesmo familiares, pode criar situa\u00e7\u00f5es constrangedoras e levar algumas pessoas a evitar encontros sociais. Essa tend\u00eancia ao afastamento social, compreens\u00edvel, mas prejudicial, requer uma aten\u00e7\u00e3o especial para preservar o tecido relacional existente.<\/p>\n\n            <p>A participa\u00e7\u00e3o em atividades de grupo, seja em lazer, voluntariado ou compromissos associativos, muitas vezes exige adapta\u00e7\u00f5es espec\u00edficas. Os clubes de leitura podem oferecer livros em \u00e1udio, os grupos de caminhada podem adaptar seus percursos, e as associa\u00e7\u00f5es podem implementar ajudas t\u00e9cnicas para facilitar a participa\u00e7\u00e3o. Essa adapta\u00e7\u00e3o coletiva testemunha a solidariedade social e a capacidade de inclus\u00e3o da comunidade.<\/p>\n\n            <p>As rela\u00e7\u00f5es familiares tamb\u00e9m sofrem transforma\u00e7\u00f5es, \u00e0s vezes fontes de tens\u00f5es, mas tamb\u00e9m de oportunidades de aproxima\u00e7\u00e3o. Os pap\u00e9is podem se inverter, com os filhos se tornando cuidadores de seus pais, criando novas din\u00e2micas relacionais. Essa evolu\u00e7\u00e3o, gerida com benevol\u00eancia e comunica\u00e7\u00e3o, pode fortalecer os la\u00e7os familiares e criar novas formas de cumplicidade intergeracional.<\/p>\n\n            <div class=\"expert-box\">\n                <div class=\"expert-box-label\">Conselho Relacional DYNSEO<\/div>\n<div class=\"expert-box-title\">Manter os v\u00ednculos sociais apesar da DMLA<\/div>\n                <p>A isola\u00e7\u00e3o social n\u00e3o \u00e9 um destino inevit\u00e1vel com a DMLA. Nossos programas incentivam a manuten\u00e7\u00e3o das atividades sociais pela adapta\u00e7\u00e3o em vez do evitamento. Os jogos coletivos da nossa plataforma <a href=\"https:\/\/www.dynseo.com\/pt-pt\/coco-pensa-e-coco-se-mexe\/\" style=\"color: #ffeca7;\">COCO PENSA<\/a> permitem conservar momentos de compartilhamento enriquecedores com os entes queridos.<\/p>\n            <\/div>\n\n            <h2>6. Os desafios da leitura e do acesso \u00e0 informa\u00e7\u00e3o<\/h2>\n\n            <p>A leitura, atividade fundamental para o acesso \u00e0 informa\u00e7\u00e3o e a manuten\u00e7\u00e3o das capacidades cognitivas, sofre modifica\u00e7\u00f5es significativas com a evolu\u00e7\u00e3o da DMLA. As dificuldades de leitura afetam n\u00e3o apenas livros e jornais, mas tamb\u00e9m as bulas de medicamentos, correspond\u00eancias administrativas e todos os suportes escritos do dia a dia. Essa limita\u00e7\u00e3o impacta diretamente a autonomia informacional e pode gerar uma depend\u00eancia frustrante em rela\u00e7\u00e3o ao entorno.<\/p>\n\n            <p>A adapta\u00e7\u00e3o \u00e0s novas modalidades de leitura ocorre progressivamente gra\u00e7as a diversas solu\u00e7\u00f5es t\u00e9cnicas e organizacionais. Os livros de \u00e1udio, agora amplamente dispon\u00edveis, oferecem uma alternativa enriquecedora \u00e0 leitura tradicional. Os leitores eletr\u00f4nicos com aumento de caracteres, os softwares de s\u00edntese de voz e os aplicativos de reconhecimento \u00f3ptico de caracteres ampliam consideravelmente as possibilidades de acesso aos conte\u00fados escritos.<\/p>\n\n            <p>A organiza\u00e7\u00e3o da informa\u00e7\u00e3o torna-se crucial para manter uma vida cultural e informacional rica. A cria\u00e7\u00e3o de bibliotecas de \u00e1udio personalizadas, a assinatura de servi\u00e7os de imprensa falada e o uso de assistentes de voz facilitam o acesso di\u00e1rio \u00e0s not\u00edcias e \u00e0 cultura. Essas adapta\u00e7\u00f5es, embora exijam um aprendizado inicial, frequentemente abrem novos horizontes e descobertas inesperadas.<\/p>\n\n            <div class=\"tip-box\">\n<div class=\"tip-box-label\">\ud83d\udcda Recursos de leitura adaptada<\/div>\n                <p>A Biblioteca Nacional da Fran\u00e7a oferece um servi\u00e7o gratuito de empr\u00e9stimo de livros em \u00e1udio para pessoas com defici\u00eancia visual. A associa\u00e7\u00e3o Valentin Ha\u00fcy tamb\u00e9m oferece muitos recursos e forma\u00e7\u00f5es para facilitar o acesso \u00e0 leitura em todas as suas formas.<\/p>\n            <\/div>\n\n            <h2>7. A adapta\u00e7\u00e3o profissional e o fim de carreira<\/h2>\n\n            <p>Para as pessoas que ainda est\u00e3o ativas profissionalmente no momento do diagn\u00f3stico de DMLA, a adapta\u00e7\u00e3o ao posto de trabalho torna-se um desafio importante. Dependendo do tipo de atividade exercida, adapta\u00e7\u00f5es mais ou menos significativas podem se mostrar necess\u00e1rias. Profiss\u00f5es que exigem vis\u00e3o precisa, como costura, relojoaria ou certos trabalhos de precis\u00e3o, podem necessitar de uma reconvers\u00e3o ou uma adapta\u00e7\u00e3o radical do posto.<\/p>\n\n            <p>A antecipa\u00e7\u00e3o da aposentadoria muitas vezes assume uma nova dimens\u00e3o com o diagn\u00f3stico de DMLA. Projetos de viagem, atividades de lazer ou compromissos volunt\u00e1rios podem necessitar de uma reavalia\u00e7\u00e3o e adapta\u00e7\u00e3o. Essa reflex\u00e3o, embora \u00e0s vezes dolorosa, muitas vezes permite redefinir prioridades e descobrir novas fontes de realiza\u00e7\u00e3o pessoal.<\/p>\n\n            <p>O acompanhamento profissional especializado, por meio de servi\u00e7os de medicina do trabalho, terapeutas ocupacionais ou conselheiros de evolu\u00e7\u00e3o profissional, facilita essa transi\u00e7\u00e3o. Esses profissionais oferecem solu\u00e7\u00f5es concretas de adapta\u00e7\u00e3o e orientam para os dispositivos de ajuda dispon\u00edveis, preservando assim, tanto quanto poss\u00edvel, a autonomia financeira e o desenvolvimento profissional.<\/p>\n\n            <h2>8. As tecnologias de assist\u00eancia e inova\u00e7\u00f5es adaptativas<\/h2>\n\n            <p>A evolu\u00e7\u00e3o tecnol\u00f3gica oferece hoje um arsenal not\u00e1vel de ferramentas de assist\u00eancia para pessoas com DMLA. Essas inova\u00e7\u00f5es, em constante melhoria, revolucionam a autonomia di\u00e1ria e abrem novas perspectivas de independ\u00eancia. De lupas eletr\u00f4nicas de alta defini\u00e7\u00e3o a aplicativos de reconhecimento de voz, a gama de solu\u00e7\u00f5es dispon\u00edveis se expande continuamente.<\/p>\n\n            <p>Os smartphones modernos integram funcionalidades de acessibilidade particularmente sofisticadas. O aumento de tela, os comandos de voz, a leitura autom\u00e1tica de textos e os aplicativos de descri\u00e7\u00e3o de imagens transformam esses dispositivos em verdadeiros assistentes pessoais. O aprendizado dessas funcionalidades, embora exija paci\u00eancia, oferece uma autonomia not\u00e1vel para a comunica\u00e7\u00e3o e o acesso \u00e0 informa\u00e7\u00e3o.<\/p>\n\n            <p>Os aux\u00edlios \u00f3pticos tradicionais tamb\u00e9m evoluem em dire\u00e7\u00e3o a mais sofistica\u00e7\u00e3o e efici\u00eancia. Os tele-ampliadores port\u00e1teis, os \u00f3culos de realidade aumentada e os sistemas de navega\u00e7\u00e3o por \u00e1udio permitem compensar eficazmente as defici\u00eancias visuais. Essas tecnologias, outrora caras e complexas, est\u00e3o se tornando gradualmente mais acess\u00edveis e amig\u00e1veis.<\/p>\n<div class=\"conseil-card\">\n                <h4>\ud83d\udd27 Tecnologias recomendadas pela DYNSEO<\/h4>\n                <p>Nossa sele\u00e7\u00e3o de ferramentas tecnol\u00f3gicas prioriza a simplicidade de uso e a efic\u00e1cia pr\u00e1tica. Os tablets com interface simplificada, os rel\u00f3gios conectados com orienta\u00e7\u00e3o por voz e os aplicativos de estimula\u00e7\u00e3o cognitiva adaptada como <a href=\"https:\/\/www.dynseo.com\/pt-pt\/coco-pensa-e-coco-se-mexe\/\" style=\"color: var(--primary-blue);\">COCO PENSA<\/a> constituem nossas recomenda\u00e7\u00f5es priorit\u00e1rias.<\/p>\n            <\/div>\n\n            <h2>9. A alimenta\u00e7\u00e3o e a preven\u00e7\u00e3o nutricional<\/h2>\n\n            <p>A nutri\u00e7\u00e3o desempenha um papel fundamental na evolu\u00e7\u00e3o da DMLA, alguns nutrientes demonstrando sua efic\u00e1cia no retardamento da progress\u00e3o da doen\u00e7a. Os antioxidantes, particularmente a lute\u00edna e a zeaxantina presentes nos vegetais de folhas verdes, exercem uma a\u00e7\u00e3o protetora sobre a retina. A ado\u00e7\u00e3o de uma alimenta\u00e7\u00e3o rica nesses nutrientes constitui uma estrat\u00e9gia preventiva acess\u00edvel e natural.<\/p>\n\n            <p>Os \u00e1cidos graxos \u00f4mega-3, presentes especialmente em peixes gordurosos, tamb\u00e9m participam da prote\u00e7\u00e3o retiniana. Estudos cient\u00edficos recentes confirmam o interesse de um consumo regular de peixes ricos em \u00f4mega-3 para retardar a evolu\u00e7\u00e3o da DMLA. Essa abordagem nutricional, integrada a um estilo de vida saud\u00e1vel, contribui significativamente para a preserva\u00e7\u00e3o da fun\u00e7\u00e3o visual.<\/p>\n\n            <p>A prepara\u00e7\u00e3o das refei\u00e7\u00f5es com vis\u00e3o reduzida requer uma organiza\u00e7\u00e3o met\u00f3dica e o uso de utens\u00edlios adequados. Os temporizadores sonoros, as balan\u00e7as falantes e a organiza\u00e7\u00e3o rigorosa dos arm\u00e1rios facilitam a prepara\u00e7\u00e3o de refei\u00e7\u00f5es equilibradas. Essa adapta\u00e7\u00e3o culin\u00e1ria, embora exija um aprendizado inicial, permite manter uma alimenta\u00e7\u00e3o variada e saborosa.<\/p>\n<div class=\"key-points\">\n                <h4>\ud83e\udd57 Nutrientes protetores para a retina<\/h4>\n                <ul>\n                    <li>Lut\u00e9ina e zeaxantina: espinafre, br\u00f3colis, couve, milho<\/li>\n                    <li>\u00d4mega-3: salm\u00e3o, sardinhas, nozes, sementes de linha\u00e7a<\/li>\n                    <li>Vitamina C: c\u00edtricos, kiwis, piment\u00f5es, morangos<\/li>\n                    <li>Vitamina E: am\u00eandoas, \u00f3leo de girassol, abacate<\/li>\n                    <li>Zinco: ostras, sementes de ab\u00f3bora, leguminosas<\/li>\n                <\/ul>\n            <\/div>\n\n            <h2>10. O exerc\u00edcio f\u00edsico adaptado e a manuten\u00e7\u00e3o da forma<\/h2>\n\n            <p>A atividade f\u00edsica regular reveste uma import\u00e2ncia particular para as pessoas afetadas pela DMLA, contribuindo n\u00e3o apenas para a manuten\u00e7\u00e3o da sa\u00fade geral, mas tamb\u00e9m para a preserva\u00e7\u00e3o da autonomia motora. O exerc\u00edcio melhora a circula\u00e7\u00e3o sangu\u00ednea retiniana, favorece o equil\u00edbrio e a coordena\u00e7\u00e3o, e participa da manuten\u00e7\u00e3o do moral. Essa abordagem global da sa\u00fade se mostra particularmente ben\u00e9fica no contexto da DMLA.<\/p>\n\n            <p>A adapta\u00e7\u00e3o das atividades f\u00edsicas \u00e0s limita\u00e7\u00f5es visuais requer \u00e0s vezes uma abordagem criativa, mas continua perfeitamente realiz\u00e1vel. A caminhada guiada, os exerc\u00edcios na piscina, a gin\u00e1stica suave e as atividades de fortalecimento muscular podem ser praticadas de maneira segura com algumas adapta\u00e7\u00f5es. O importante reside na regularidade e na progressividade do esfor\u00e7o, em vez de sua intensidade.<\/p>\n\n            <p>Os programas de atividade f\u00edsica especialmente concebidos para pessoas com defici\u00eancia visual est\u00e3o se desenvolvendo em muitas cidades. Esses programas, supervisionados por profissionais treinados, oferecem um ambiente seguro e adaptado para manter uma forma f\u00edsica \u00f3tima. A dimens\u00e3o social dessas atividades constitui um benef\u00edcio adicional significativo para o bem-estar geral.<\/p>\n\n            <div class=\"expert-box\">\n                <div class=\"expert-box-label\">Programa DYNSEO<\/div>\n                <div class=\"expert-box-title\">COCO SE MEXE: a atividade f\u00edsica adaptada<\/div>\n                <p>Nosso aplicativo <a href=\"https:\/\/www.dynseo.com\/pt-pt\/coco-pensa-e-coco-se-mexe\/\" style=\"color: #ffeca7;\">COCO SE MEXE<\/a> prop\u00f5e exerc\u00edcios f\u00edsicos especialmente adaptados para pessoas com defici\u00eancias visuais. Essas atividades, guiadas pela voz, permitem manter uma forma f\u00edsica \u00f3tima com total seguran\u00e7a.<\/p>\n                \n                <div class=\"expert-inner\">\n<div class=\"expert-inner-title\">Vantagens de COCO SE MEXE para a DMLA<\/div>\n                    <p>Os exerc\u00edcios \u00e1udio-guiados eliminam as restri\u00e7\u00f5es visuais enquanto prop\u00f5em uma atividade f\u00edsica adaptada e progressiva. A interface simplificada e os comandos de voz tornam o aplicativo acess\u00edvel mesmo com uma vis\u00e3o muito reduzida.<\/p>\n                <\/div>\n            <\/div>\n\n            <h2>11. O acompanhamento m\u00e9dico e os tratamentos dispon\u00edveis<\/h2>\n\n            <p>O tratamento m\u00e9dico da DMLA gira em torno de um acompanhamento oftalmol\u00f3gico regular e de tratamentos adaptados ao tipo e ao est\u00e1gio da doen\u00e7a. Para a forma \u00famida, as inje\u00e7\u00f5es intra-vitreais de anti-VEGF constituem o tratamento de refer\u00eancia, necessitando de um protocolo de acompanhamento rigoroso. Essas inje\u00e7\u00f5es, embora possam parecer impressionantes, s\u00e3o geralmente bem toleradas e muitas vezes permitem estabilizar ou at\u00e9 melhorar a vis\u00e3o.<\/p>\n\n            <p>A forma seca de DMLA, mais frequente mas sem tratamento curativo espec\u00edfico, beneficia de uma vigil\u00e2ncia atenta e de medidas preventivas. A suplementa\u00e7\u00e3o em vitaminas e antioxidantes, de acordo com as recomenda\u00e7\u00f5es do estudo AREDS2, pode retardar a evolu\u00e7\u00e3o da doen\u00e7a em alguns pacientes. Essa abordagem preventiva, associada a um estilo de vida saud\u00e1vel, constitui atualmente a melhor estrat\u00e9gia de tratamento.<\/p>\n\n            <p>As inova\u00e7\u00f5es terap\u00eauticas em desenvolvimento trazem novas esperan\u00e7as para o futuro. As terapias g\u00eanicas, os transplantes de c\u00e9lulas-tronco retinianas e os implantes retinianos representam caminhos promissores atualmente em fase de testes cl\u00ednicos. Esses avan\u00e7os, embora ainda experimentais, oferecem perspectivas encorajadoras para os pacientes e suas fam\u00edlias.<\/p>\n\n            <div class=\"tip-box\">\n<div class=\"tip-box-label\">\ud83d\udc8a Observ\u00e2ncia terap\u00eautica<\/div>\n                <p>O respeito rigoroso pelos compromissos de acompanhamento e pelos protocolos de tratamento constitui um fator chave para o sucesso. Mantenha um caderno de acompanhamento dos seus sintomas e n\u00e3o hesite em relatar qualquer mudan\u00e7a ao seu oftalmologista, mesmo que aparentemente menor.<\/p>\n            <\/div>\n\n            <h2>12. O acompanhamento dos familiares e do entorno ajudante<\/h2>\n\n            <p>O entorno familiar e amig\u00e1vel desempenha um papel determinante na adapta\u00e7\u00e3o bem-sucedida \u00e0 DMLA. Esta doen\u00e7a afeta n\u00e3o apenas a pessoa diretamente envolvida, mas tamb\u00e9m seus familiares, que devem adaptar seu comportamento e, \u00e0s vezes, assumir um papel de ajudante. Essa transforma\u00e7\u00e3o relacional, gerida com bondade e comunica\u00e7\u00e3o, pode fortalecer os la\u00e7os familiares e criar novas cumplicidades.<\/p>\n\n            <p>A forma\u00e7\u00e3o dos ajudantes nas especificidades da DMLA se revela particularmente ben\u00e9fica para otimizar o acompanhamento. Compreender as dificuldades visuais espec\u00edficas, aprender as t\u00e9cnicas de orienta\u00e7\u00e3o apropriadas e conhecer as ajudas t\u00e9cnicas dispon\u00edveis permite oferecer um suporte mais eficaz e menos ansioso. Essa forma\u00e7\u00e3o pode ser ministrada por associa\u00e7\u00f5es especializadas ou por profissionais de baixa vis\u00e3o.<\/p>\n\n            <p>O equil\u00edbrio entre a ajuda necess\u00e1ria e a preserva\u00e7\u00e3o da autonomia constitui um desafio delicado para o entorno. A hiperprote\u00e7\u00e3o, embora inspirada pela bondade, pode obstruir a adapta\u00e7\u00e3o e manter uma depend\u00eancia excessiva. Por outro lado, um suporte insuficiente pode gerar situa\u00e7\u00f5es de isolamento e des\u00e2nimo. A comunica\u00e7\u00e3o aberta e regular permite encontrar o justo equil\u00edbrio entre esses dois obst\u00e1culos.<\/p>\n\n            <div class=\"conseil-card\">\n                <h4>\ud83d\udc65 Guia para os ajudantes<\/h4>\n                <p>Respeite o ritmo de adapta\u00e7\u00e3o do seu familiar, encoraje sua autonomia enquanto permanece dispon\u00edvel. Ofere\u00e7a sua ajuda sem impor, e n\u00e3o hesite em se formar nas t\u00e9cnicas de acompanhamento especializadas. Seu bem-estar pessoal tamb\u00e9m \u00e9 importante para oferecer um suporte duradouro.<\/p>\n            <\/div>\n\n            <div class=\"faq-list\">\n                <h2>Perguntas frequentes sobre a DMLA<\/h2>\n                \n                <div class=\"faq-item\">\n                    <div class=\"faq-q\">\n                        <span>A DMLA pode levar \u00e0 cegueira total?<\/span>\n                        <span class=\"faq-icon\">+<\/span>\n                    <\/div>\n                    <div class=\"faq-a\">\n                        <p>N\u00e3o, a DMLA raramente leva \u00e0 cegueira total. Esta doen\u00e7a afeta especificamente a vis\u00e3o central, preservando a vis\u00e3o perif\u00e9rica. As pessoas afetadas, portanto, mant\u00eam uma capacidade de deslocamento e orienta\u00e7\u00e3o espacial, mesmo que a leitura e o reconhecimento de detalhes se tornem dif\u00edceis.<\/p>\n                    <\/div>\n                <\/div>\n\n                <div class=\"faq-item\">\n                    <div class=\"faq-q\">\n                        <span>\u00c9 poss\u00edvel dirigir com DMLA?<\/span>\n                        <span class=\"faq-icon\">+<\/span>\n                    <\/div>\n                    <div class=\"faq-a\">\n                        <p>A condu\u00e7\u00e3o com DMLA depende do est\u00e1gio de evolu\u00e7\u00e3o da doen\u00e7a e da acuidade visual residual. Um controle oftalmol\u00f3gico regular permite avaliar a capacidade de dirigir com seguran\u00e7a. Em alguns casos, restri\u00e7\u00f5es podem ser necess\u00e1rias (condu\u00e7\u00e3o apenas durante o dia, trajetos familiares). A interrup\u00e7\u00e3o da condu\u00e7\u00e3o, embora dif\u00edcil, pode se mostrar necess\u00e1ria para a seguran\u00e7a de todos.<\/p>\n                    <\/div>\n                <\/div>\n\n                <div class=\"faq-item\">\n<div class=\"faq-q\">\n                        <span>Os \u00f3culos especiais podem ajudar em caso de DMLA?<\/span>\n                        <span class=\"faq-icon\">+<\/span>\n                    <\/div>\n                    <div class=\"faq-a\">\n                        <p>Efetivamente, v\u00e1rios tipos de ajudas \u00f3pticas podem melhorar a vis\u00e3o residual em caso de DMLA. Os filtros especiais reduzem o ofuscamento, as lentes de aumento facilitam a leitura, e os prismas podem otimizar o uso da vis\u00e3o perif\u00e9rica. Um \u00f3ptico especializado em baixa vis\u00e3o pode aconselhar as solu\u00e7\u00f5es mais adequadas a cada situa\u00e7\u00e3o.<\/p>\n                    <\/div>\n                <\/div>\n\n                <div class=\"faq-item\">\n                    <div class=\"faq-q\">\n                        <span>A alimenta\u00e7\u00e3o pode realmente influenciar a evolu\u00e7\u00e3o da DMLA?<\/span>\n                        <span class=\"faq-icon\">+<\/span>\n                    <\/div>\n                    <div class=\"faq-a\">\n                        <p>Os estudos cient\u00edficos demonstram efetivamente o impacto positivo de certos nutrientes na evolu\u00e7\u00e3o da DMLA. Os antioxidantes (lute\u00edna, zeaxantina, vitaminas C e E), os \u00f4mega-3 e o zinco exercem um efeito protetor na retina. Uma alimenta\u00e7\u00e3o rica em vegetais verdes, peixes gordurosos e frutas coloridas constitui, portanto, uma estrat\u00e9gia preventiva recomendada.<\/p>\n                    <\/div>\n                <\/div>\n\n                <div class=\"faq-item\">\n                    <div class=\"faq-q\">\n                        <span>Existem atividades especificamente recomendadas para manter as capacidades cognitivas com uma DMLA?<\/span>\n                        <span class=\"faq-icon\">+<\/span>\n                    <\/div>\n                    <div class=\"faq-a\">\n                        <p>Absolutamente! A manuten\u00e7\u00e3o de atividades cognitivas estimulantes permanece poss\u00edvel e recomendada apesar da DMLA. Os jogos de \u00e1udio, os quebra-cabe\u00e7as t\u00e1teis, as atividades musicais e os programas de estimula\u00e7\u00e3o cognitiva adaptados como os propostos pelo COCO PENSA permitem preservar as fun\u00e7\u00f5es cognitivas enquanto se adaptam \u00e0s limita\u00e7\u00f5es visuais.<\/p>\n                    <\/div>\n                <\/div>\n            <\/div>\n\n            <div class=\"cta-box\">\n                <h3>Descubra COCO, seu companheiro digital adaptado \u00e0 DMLA<\/h3>\n                <p>DYNSEO desenvolveu especialmente para voc\u00ea solu\u00e7\u00f5es de estimula\u00e7\u00e3o cognitiva e f\u00edsica adaptadas \u00e0s defici\u00eancias visuais. Nossas aplica\u00e7\u00f5es COCO PENSA e COCO SE MEXE oferecem uma interface simplificada, contrastes refor\u00e7ados e comandos de voz para manter sua autonomia e seu bem-estar.<\/p>\n                \n                <div class=\"cta-buttons\">\n                    <a href=\"https:\/\/www.dynseo.com\/pt-pt\/coco-pensa-e-coco-se-mexe\/\" class=\"btn-white\">Experimente COCO gratuitamente<\/a>\n                    <a href=\"https:\/\/www.dynseo.com\/pt-pt\/coco-pensa-e-coco-se-mexe\/\" class=\"btn-outline\">Saiba mais<\/a>\n                <\/div>\n            <\/div>\n\n            <div class=\"article-tags\">\n                <a href=\"#\" class=\"article-tag\">DMLA<\/a>\n                <a href=\"#\" class=\"article-tag\">Vis\u00e3o<\/a>\n                <a href=\"#\" class=\"article-tag\">Autonomia<\/a>\n                <a href=\"#\" class=\"article-tag\">Adapta\u00e7\u00e3o<\/a>\n                <a href=\"#\" class=\"article-tag\">Idosos<\/a>\n                <a href=\"#\" class=\"article-tag\">Sa\u00fade ocular<\/a>\n                <a href=\"#\" class=\"article-tag\">Qualidade de vida<\/a>\n                <a href=\"#\" class=\"article-tag\">Acompanhamento<\/a>\n            <\/div>\n        <\/div>\n    <\/div>[\/et_pb_code][\/et_pb_column][\/et_pb_row][\/et_pb_section]","_et_gb_content_width":"","footnotes":""},"categories":[2915],"tags":[],"class_list":["post-573271","post","type-post","status-publish","format-standard","has-post-thumbnail","hentry","category-les-conseils-des-coachs"],"yoast_head":"<!-- This site is optimized with the Yoast SEO plugin v27.4 - https:\/\/yoast.com\/product\/yoast-seo-wordpress\/ -->\n<title>O Impacto da DMLA na Vida Cotidiana: Compreender, Gerir e Viver com - DYNSEO - Aplica\u00e7\u00f5es educativas e jogos de mem\u00f3ria<\/title>\n<meta name=\"robots\" content=\"index, follow, max-snippet:-1, max-image-preview:large, max-video-preview:-1\" \/>\n<link rel=\"canonical\" href=\"https:\/\/www.dynseo.com\/pt-pt\/o-impacto-da-dmla-na-vida-cotidiana-compreender-gerir-e-viver-com\/\" \/>\n<meta property=\"og:locale\" content=\"pt_PT\" \/>\n<meta property=\"og:type\" content=\"article\" \/>\n<meta property=\"og:title\" content=\"O Impacto da DMLA na Vida Cotidiana: Compreender, Gerir e Viver com - DYNSEO - Aplica\u00e7\u00f5es educativas e jogos de mem\u00f3ria\" \/>\n<meta property=\"og:url\" content=\"https:\/\/www.dynseo.com\/pt-pt\/o-impacto-da-dmla-na-vida-cotidiana-compreender-gerir-e-viver-com\/\" \/>\n<meta property=\"og:site_name\" content=\"DYNSEO - Aplica\u00e7\u00f5es educativas e jogos de mem\u00f3ria\" \/>\n<meta property=\"article:published_time\" content=\"2026-04-30T18:19:44+00:00\" \/>\n<meta property=\"article:modified_time\" content=\"2026-04-30T18:24:27+00:00\" \/>\n<meta property=\"og:image\" content=\"https:\/\/www.dynseo.com\/wp-content\/uploads\/2025\/09\/abcdhe-113.jpg\" \/>\n\t<meta property=\"og:image:width\" content=\"900\" \/>\n\t<meta property=\"og:image:height\" content=\"540\" \/>\n\t<meta property=\"og:image:type\" content=\"image\/jpeg\" \/>\n<meta name=\"author\" content=\"DYNSEO\" \/>\n<meta name=\"twitter:label1\" content=\"Escrito por\" \/>\n\t<meta name=\"twitter:data1\" content=\"DYNSEO\" \/>\n\t<meta name=\"twitter:label2\" content=\"Tempo estimado de leitura\" \/>\n\t<meta name=\"twitter:data2\" content=\"20 minutos\" \/>\n<script type=\"application\/ld+json\" class=\"yoast-schema-graph\">{\"@context\":\"https:\\\/\\\/schema.org\",\"@graph\":[{\"@type\":\"Article\",\"@id\":\"https:\\\/\\\/www.dynseo.com\\\/pt-pt\\\/o-impacto-da-dmla-na-vida-cotidiana-compreender-gerir-e-viver-com\\\/#article\",\"isPartOf\":{\"@id\":\"https:\\\/\\\/www.dynseo.com\\\/pt-pt\\\/o-impacto-da-dmla-na-vida-cotidiana-compreender-gerir-e-viver-com\\\/\"},\"author\":{\"name\":\"DYNSEO\",\"@id\":\"https:\\\/\\\/www.dynseo.com\\\/pt-pt\\\/#\\\/schema\\\/person\\\/78ef63df2ee64e0989bc68f8401b38d6\"},\"headline\":\"O Impacto da DMLA na Vida Cotidiana: Compreender, Gerir e Viver com\",\"datePublished\":\"2026-04-30T18:19:44+00:00\",\"dateModified\":\"2026-04-30T18:24:27+00:00\",\"mainEntityOfPage\":{\"@id\":\"https:\\\/\\\/www.dynseo.com\\\/pt-pt\\\/o-impacto-da-dmla-na-vida-cotidiana-compreender-gerir-e-viver-com\\\/\"},\"wordCount\":3970,\"publisher\":{\"@id\":\"https:\\\/\\\/www.dynseo.com\\\/pt-pt\\\/#organization\"},\"image\":{\"@id\":\"https:\\\/\\\/www.dynseo.com\\\/pt-pt\\\/o-impacto-da-dmla-na-vida-cotidiana-compreender-gerir-e-viver-com\\\/#primaryimage\"},\"thumbnailUrl\":\"https:\\\/\\\/www.dynseo.com\\\/wp-content\\\/uploads\\\/2025\\\/09\\\/abcdhe-113.jpg\",\"articleSection\":[\"Les conseils des coachs\"],\"inLanguage\":\"pt-PT\"},{\"@type\":\"WebPage\",\"@id\":\"https:\\\/\\\/www.dynseo.com\\\/pt-pt\\\/o-impacto-da-dmla-na-vida-cotidiana-compreender-gerir-e-viver-com\\\/\",\"url\":\"https:\\\/\\\/www.dynseo.com\\\/pt-pt\\\/o-impacto-da-dmla-na-vida-cotidiana-compreender-gerir-e-viver-com\\\/\",\"name\":\"O Impacto da DMLA na Vida Cotidiana: Compreender, Gerir e Viver com - DYNSEO - Aplica\u00e7\u00f5es educativas e jogos de mem\u00f3ria\",\"isPartOf\":{\"@id\":\"https:\\\/\\\/www.dynseo.com\\\/pt-pt\\\/#website\"},\"primaryImageOfPage\":{\"@id\":\"https:\\\/\\\/www.dynseo.com\\\/pt-pt\\\/o-impacto-da-dmla-na-vida-cotidiana-compreender-gerir-e-viver-com\\\/#primaryimage\"},\"image\":{\"@id\":\"https:\\\/\\\/www.dynseo.com\\\/pt-pt\\\/o-impacto-da-dmla-na-vida-cotidiana-compreender-gerir-e-viver-com\\\/#primaryimage\"},\"thumbnailUrl\":\"https:\\\/\\\/www.dynseo.com\\\/wp-content\\\/uploads\\\/2025\\\/09\\\/abcdhe-113.jpg\",\"datePublished\":\"2026-04-30T18:19:44+00:00\",\"dateModified\":\"2026-04-30T18:24:27+00:00\",\"breadcrumb\":{\"@id\":\"https:\\\/\\\/www.dynseo.com\\\/pt-pt\\\/o-impacto-da-dmla-na-vida-cotidiana-compreender-gerir-e-viver-com\\\/#breadcrumb\"},\"inLanguage\":\"pt-PT\",\"potentialAction\":[{\"@type\":\"ReadAction\",\"target\":[\"https:\\\/\\\/www.dynseo.com\\\/pt-pt\\\/o-impacto-da-dmla-na-vida-cotidiana-compreender-gerir-e-viver-com\\\/\"]}]},{\"@type\":\"ImageObject\",\"inLanguage\":\"pt-PT\",\"@id\":\"https:\\\/\\\/www.dynseo.com\\\/pt-pt\\\/o-impacto-da-dmla-na-vida-cotidiana-compreender-gerir-e-viver-com\\\/#primaryimage\",\"url\":\"https:\\\/\\\/www.dynseo.com\\\/wp-content\\\/uploads\\\/2025\\\/09\\\/abcdhe-113.jpg\",\"contentUrl\":\"https:\\\/\\\/www.dynseo.com\\\/wp-content\\\/uploads\\\/2025\\\/09\\\/abcdhe-113.jpg\",\"width\":900,\"height\":540,\"caption\":\"Mantenha seu c\u00e9rebro em forma com exerc\u00edcios divertidos e estimulantes\"},{\"@type\":\"BreadcrumbList\",\"@id\":\"https:\\\/\\\/www.dynseo.com\\\/pt-pt\\\/o-impacto-da-dmla-na-vida-cotidiana-compreender-gerir-e-viver-com\\\/#breadcrumb\",\"itemListElement\":[{\"@type\":\"ListItem\",\"position\":1,\"name\":\"Accueil\",\"item\":\"https:\\\/\\\/www.dynseo.com\\\/pt-pt\\\/\"},{\"@type\":\"ListItem\",\"position\":2,\"name\":\"O Impacto da DMLA na Vida Cotidiana: Compreender, Gerir e Viver com\"}]},{\"@type\":\"WebSite\",\"@id\":\"https:\\\/\\\/www.dynseo.com\\\/pt-pt\\\/#website\",\"url\":\"https:\\\/\\\/www.dynseo.com\\\/pt-pt\\\/\",\"name\":\"Jeux de m\u00e9moire et stimulation cognitive\",\"description\":\"Entra\u00eenez votre m\u00e9moire et votre cerveau avec DYNSEO\",\"publisher\":{\"@id\":\"https:\\\/\\\/www.dynseo.com\\\/pt-pt\\\/#organization\"},\"potentialAction\":[{\"@type\":\"SearchAction\",\"target\":{\"@type\":\"EntryPoint\",\"urlTemplate\":\"https:\\\/\\\/www.dynseo.com\\\/pt-pt\\\/?s={search_term_string}\"},\"query-input\":{\"@type\":\"PropertyValueSpecification\",\"valueRequired\":true,\"valueName\":\"search_term_string\"}}],\"inLanguage\":\"pt-PT\"},{\"@type\":\"Organization\",\"@id\":\"https:\\\/\\\/www.dynseo.com\\\/pt-pt\\\/#organization\",\"name\":\"DYNSEO\",\"url\":\"https:\\\/\\\/www.dynseo.com\\\/pt-pt\\\/\",\"logo\":{\"@type\":\"ImageObject\",\"inLanguage\":\"pt-PT\",\"@id\":\"https:\\\/\\\/www.dynseo.com\\\/pt-pt\\\/#\\\/schema\\\/logo\\\/image\\\/\",\"url\":\"https:\\\/\\\/www.dynseo.com\\\/wp-content\\\/uploads\\\/2022\\\/05\\\/logo-dynseo-new.png\",\"contentUrl\":\"https:\\\/\\\/www.dynseo.com\\\/wp-content\\\/uploads\\\/2022\\\/05\\\/logo-dynseo-new.png\",\"width\":5073,\"height\":1397,\"caption\":\"DYNSEO\"},\"image\":{\"@id\":\"https:\\\/\\\/www.dynseo.com\\\/pt-pt\\\/#\\\/schema\\\/logo\\\/image\\\/\"}},{\"@type\":\"Person\",\"@id\":\"https:\\\/\\\/www.dynseo.com\\\/pt-pt\\\/#\\\/schema\\\/person\\\/78ef63df2ee64e0989bc68f8401b38d6\",\"name\":\"DYNSEO\",\"url\":\"https:\\\/\\\/www.dynseo.com\\\/pt-pt\\\/author\\\/justine\\\/\"}]}<\/script>\n<!-- \/ Yoast SEO plugin. -->","yoast_head_json":{"title":"O Impacto da DMLA na Vida Cotidiana: Compreender, Gerir e Viver com - DYNSEO - Aplica\u00e7\u00f5es educativas e jogos de mem\u00f3ria","robots":{"index":"index","follow":"follow","max-snippet":"max-snippet:-1","max-image-preview":"max-image-preview:large","max-video-preview":"max-video-preview:-1"},"canonical":"https:\/\/www.dynseo.com\/pt-pt\/o-impacto-da-dmla-na-vida-cotidiana-compreender-gerir-e-viver-com\/","og_locale":"pt_PT","og_type":"article","og_title":"O Impacto da DMLA na Vida Cotidiana: Compreender, Gerir e Viver com - DYNSEO - Aplica\u00e7\u00f5es educativas e jogos de mem\u00f3ria","og_url":"https:\/\/www.dynseo.com\/pt-pt\/o-impacto-da-dmla-na-vida-cotidiana-compreender-gerir-e-viver-com\/","og_site_name":"DYNSEO - Aplica\u00e7\u00f5es educativas e jogos de mem\u00f3ria","article_published_time":"2026-04-30T18:19:44+00:00","article_modified_time":"2026-04-30T18:24:27+00:00","og_image":[{"width":900,"height":540,"url":"https:\/\/www.dynseo.com\/wp-content\/uploads\/2025\/09\/abcdhe-113.jpg","type":"image\/jpeg"}],"author":"DYNSEO","twitter_misc":{"Escrito por":"DYNSEO","Tempo estimado de leitura":"20 minutos"},"schema":{"@context":"https:\/\/schema.org","@graph":[{"@type":"Article","@id":"https:\/\/www.dynseo.com\/pt-pt\/o-impacto-da-dmla-na-vida-cotidiana-compreender-gerir-e-viver-com\/#article","isPartOf":{"@id":"https:\/\/www.dynseo.com\/pt-pt\/o-impacto-da-dmla-na-vida-cotidiana-compreender-gerir-e-viver-com\/"},"author":{"name":"DYNSEO","@id":"https:\/\/www.dynseo.com\/pt-pt\/#\/schema\/person\/78ef63df2ee64e0989bc68f8401b38d6"},"headline":"O Impacto da DMLA na Vida Cotidiana: Compreender, Gerir e Viver com","datePublished":"2026-04-30T18:19:44+00:00","dateModified":"2026-04-30T18:24:27+00:00","mainEntityOfPage":{"@id":"https:\/\/www.dynseo.com\/pt-pt\/o-impacto-da-dmla-na-vida-cotidiana-compreender-gerir-e-viver-com\/"},"wordCount":3970,"publisher":{"@id":"https:\/\/www.dynseo.com\/pt-pt\/#organization"},"image":{"@id":"https:\/\/www.dynseo.com\/pt-pt\/o-impacto-da-dmla-na-vida-cotidiana-compreender-gerir-e-viver-com\/#primaryimage"},"thumbnailUrl":"https:\/\/www.dynseo.com\/wp-content\/uploads\/2025\/09\/abcdhe-113.jpg","articleSection":["Les conseils des coachs"],"inLanguage":"pt-PT"},{"@type":"WebPage","@id":"https:\/\/www.dynseo.com\/pt-pt\/o-impacto-da-dmla-na-vida-cotidiana-compreender-gerir-e-viver-com\/","url":"https:\/\/www.dynseo.com\/pt-pt\/o-impacto-da-dmla-na-vida-cotidiana-compreender-gerir-e-viver-com\/","name":"O Impacto da DMLA na Vida Cotidiana: Compreender, Gerir e Viver com - DYNSEO - Aplica\u00e7\u00f5es educativas e jogos de mem\u00f3ria","isPartOf":{"@id":"https:\/\/www.dynseo.com\/pt-pt\/#website"},"primaryImageOfPage":{"@id":"https:\/\/www.dynseo.com\/pt-pt\/o-impacto-da-dmla-na-vida-cotidiana-compreender-gerir-e-viver-com\/#primaryimage"},"image":{"@id":"https:\/\/www.dynseo.com\/pt-pt\/o-impacto-da-dmla-na-vida-cotidiana-compreender-gerir-e-viver-com\/#primaryimage"},"thumbnailUrl":"https:\/\/www.dynseo.com\/wp-content\/uploads\/2025\/09\/abcdhe-113.jpg","datePublished":"2026-04-30T18:19:44+00:00","dateModified":"2026-04-30T18:24:27+00:00","breadcrumb":{"@id":"https:\/\/www.dynseo.com\/pt-pt\/o-impacto-da-dmla-na-vida-cotidiana-compreender-gerir-e-viver-com\/#breadcrumb"},"inLanguage":"pt-PT","potentialAction":[{"@type":"ReadAction","target":["https:\/\/www.dynseo.com\/pt-pt\/o-impacto-da-dmla-na-vida-cotidiana-compreender-gerir-e-viver-com\/"]}]},{"@type":"ImageObject","inLanguage":"pt-PT","@id":"https:\/\/www.dynseo.com\/pt-pt\/o-impacto-da-dmla-na-vida-cotidiana-compreender-gerir-e-viver-com\/#primaryimage","url":"https:\/\/www.dynseo.com\/wp-content\/uploads\/2025\/09\/abcdhe-113.jpg","contentUrl":"https:\/\/www.dynseo.com\/wp-content\/uploads\/2025\/09\/abcdhe-113.jpg","width":900,"height":540,"caption":"Mantenha seu c\u00e9rebro em forma com exerc\u00edcios divertidos e estimulantes"},{"@type":"BreadcrumbList","@id":"https:\/\/www.dynseo.com\/pt-pt\/o-impacto-da-dmla-na-vida-cotidiana-compreender-gerir-e-viver-com\/#breadcrumb","itemListElement":[{"@type":"ListItem","position":1,"name":"Accueil","item":"https:\/\/www.dynseo.com\/pt-pt\/"},{"@type":"ListItem","position":2,"name":"O Impacto da DMLA na Vida Cotidiana: Compreender, Gerir e Viver com"}]},{"@type":"WebSite","@id":"https:\/\/www.dynseo.com\/pt-pt\/#website","url":"https:\/\/www.dynseo.com\/pt-pt\/","name":"Jeux de m\u00e9moire et stimulation cognitive","description":"Entra\u00eenez votre m\u00e9moire et votre cerveau avec DYNSEO","publisher":{"@id":"https:\/\/www.dynseo.com\/pt-pt\/#organization"},"potentialAction":[{"@type":"SearchAction","target":{"@type":"EntryPoint","urlTemplate":"https:\/\/www.dynseo.com\/pt-pt\/?s={search_term_string}"},"query-input":{"@type":"PropertyValueSpecification","valueRequired":true,"valueName":"search_term_string"}}],"inLanguage":"pt-PT"},{"@type":"Organization","@id":"https:\/\/www.dynseo.com\/pt-pt\/#organization","name":"DYNSEO","url":"https:\/\/www.dynseo.com\/pt-pt\/","logo":{"@type":"ImageObject","inLanguage":"pt-PT","@id":"https:\/\/www.dynseo.com\/pt-pt\/#\/schema\/logo\/image\/","url":"https:\/\/www.dynseo.com\/wp-content\/uploads\/2022\/05\/logo-dynseo-new.png","contentUrl":"https:\/\/www.dynseo.com\/wp-content\/uploads\/2022\/05\/logo-dynseo-new.png","width":5073,"height":1397,"caption":"DYNSEO"},"image":{"@id":"https:\/\/www.dynseo.com\/pt-pt\/#\/schema\/logo\/image\/"}},{"@type":"Person","@id":"https:\/\/www.dynseo.com\/pt-pt\/#\/schema\/person\/78ef63df2ee64e0989bc68f8401b38d6","name":"DYNSEO","url":"https:\/\/www.dynseo.com\/pt-pt\/author\/justine\/"}]}},"_links":{"self":[{"href":"https:\/\/www.dynseo.com\/pt-pt\/wp-json\/wp\/v2\/posts\/573271","targetHints":{"allow":["GET"]}}],"collection":[{"href":"https:\/\/www.dynseo.com\/pt-pt\/wp-json\/wp\/v2\/posts"}],"about":[{"href":"https:\/\/www.dynseo.com\/pt-pt\/wp-json\/wp\/v2\/types\/post"}],"author":[{"embeddable":true,"href":"https:\/\/www.dynseo.com\/pt-pt\/wp-json\/wp\/v2\/users\/4"}],"replies":[{"embeddable":true,"href":"https:\/\/www.dynseo.com\/pt-pt\/wp-json\/wp\/v2\/comments?post=573271"}],"version-history":[{"count":14,"href":"https:\/\/www.dynseo.com\/pt-pt\/wp-json\/wp\/v2\/posts\/573271\/revisions"}],"predecessor-version":[{"id":573285,"href":"https:\/\/www.dynseo.com\/pt-pt\/wp-json\/wp\/v2\/posts\/573271\/revisions\/573285"}],"wp:featuredmedia":[{"embeddable":true,"href":"https:\/\/www.dynseo.com\/pt-pt\/wp-json\/wp\/v2\/media\/412655"}],"wp:attachment":[{"href":"https:\/\/www.dynseo.com\/pt-pt\/wp-json\/wp\/v2\/media?parent=573271"}],"wp:term":[{"taxonomy":"category","embeddable":true,"href":"https:\/\/www.dynseo.com\/pt-pt\/wp-json\/wp\/v2\/categories?post=573271"},{"taxonomy":"post_tag","embeddable":true,"href":"https:\/\/www.dynseo.com\/pt-pt\/wp-json\/wp\/v2\/tags?post=573271"}],"curies":[{"name":"wp","href":"https:\/\/api.w.org\/{rel}","templated":true}]}}