{"id":573852,"date":"2026-04-30T23:54:34","date_gmt":"2026-04-30T21:54:34","guid":{"rendered":"https:\/\/www.dynseo.com\/pourquoi-la-reminiscence-nous-apporte-t-elle-tant-de-plaisir-2\/"},"modified":"2026-04-30T23:58:19","modified_gmt":"2026-04-30T21:58:19","slug":"por-que-a-reminiscencia-nos-da-tanto-prazer","status":"publish","type":"post","link":"https:\/\/www.dynseo.com\/pt-pt\/por-que-a-reminiscencia-nos-da-tanto-prazer\/","title":{"rendered":"Por que a reminisc\u00eancia nos d\u00e1 tanto prazer?"},"content":{"rendered":"<p>[et_pb_section fb_built=&#8221;1&#8243; _builder_version=&#8221;4.16&#8243; custom_padding=&#8221;0px|0px|0px|0px|false|false&#8221; margin_top=&#8221;0px&#8221; margin_bottom=&#8221;0px&#8221; global_colors_info=&#8221;{}&#8221;][et_pb_row _builder_version=&#8221;4.16&#8243; custom_padding=&#8221;0px|0px|0px|0px|false|false&#8221; margin_top=&#8221;0px&#8221; margin_bottom=&#8221;0px&#8221; column_structure=&#8221;4_4&#8243; global_colors_info=&#8221;{}&#8221;][et_pb_column type=&#8221;4_4&#8243; _builder_version=&#8221;4.16&#8243; custom_padding=&#8221;0px|0px|0px|0px|false|false&#8221; global_colors_info=&#8221;{}&#8221;][et_pb_code _builder_version=&#8221;4.16&#8243; custom_padding=&#8221;0px|0px|0px|0px|false|false&#8221; global_colors_info=&#8221;{}&#8221;]<\/p>\n<style>\n        :root {\n            --bleu: #5e5ed7;\n            --bleu-dark: #5268c9;\n            --teal: #a9e2e4;\n            --jaune: #ffeca7;\n            --rose: #e73469;\n            --blanc: #ffffff;\n            --gris-clair: #f8f9fa;\n            --gris: #6c757d;\n            --noir: #212529;\n        }<\/p>\n<p>        * {\n            margin: 0;\n            padding: 0;\n            box-sizing: border-box;\n        }<\/p>\n<p>        body {\n            font-family: 'Poppins', sans-serif;\n            line-height: 1.6;\n            color: var(--noir);\n            background-color: var(--blanc);\n        }<\/p>\n<p>        .container {\n            max-width: 1200px;\n            margin: 0 auto;\n            padding: 0 20px;\n        }<\/p>\n<p>        .article-hero {\n            background: linear-gradient(135deg, var(--bleu) 0%, var(--bleu-dark) 100%);\n            color: var(--blanc);\n            position: relative;\n            padding: 80px 0 120px;\n            overflow: hidden;\n        }<\/p>\n<p>        .article-hero::before {\n            content: '';\n            position: absolute;\n            top: 0;\n            left: 0;\n            right: 0;\n            bottom: 0;\n            background: url('data:image\/svg+xml,<svg xmlns=\"http:\/\/www.w3.org\/2000\/svg\" viewBox=\"0 0 100 100\"><circle cx=\"20\" cy=\"20\" r=\"2\" fill=\"rgba(255,255,255,0.1)\"\/><circle cx=\"80\" cy=\"40\" r=\"1.5\" fill=\"rgba(255,255,255,0.08)\"\/><circle cx=\"40\" cy=\"80\" r=\"1\" fill=\"rgba(255,255,255,0.06)\"\/><\/svg>');\n            animation: float 20s infinite linear;\n        }<\/p>\n<p>        @keyframes float {\n            0% { transform: translateY(0px); }\n            100% { transform: translateY(-100px); }\n        }<\/p>\n<p>        .article-hero-inner {\n            position: relative;\n            z-index: 2;\n        }<\/p>\n<p>        .article-breadcrumb {\n            font-size: 14px;\n            margin-bottom: 20px;\n            opacity: 0.9;\n        }<\/p>\n<p>        .article-breadcrumb a {\n            color: var(--blanc);\n            text-decoration: none;\n        }<\/p>\n<p>        .article-breadcrumb a:hover {\n            text-decoration: underline;\n        }<\/p>\n<p>        .article-category {\n            display: inline-block;\n            background: var(--rose);\n            color: var(--blanc);\n            padding: 8px 20px;\n            border-radius: 25px;\n            font-size: 14px;\n            font-weight: 600;\n            margin-bottom: 25px;\n            text-transform: uppercase;\n            letter-spacing: 0.5px;\n        }<\/p>\n<p>        .article-hero h1 {\n            font-family: 'Montserrat', sans-serif;\n            font-size: 3.2rem;\n            font-weight: 700;\n            line-height: 1.2;\n            margin-bottom: 30px;\n        }<\/p>\n<p>        .hl {\n            background: linear-gradient(120deg, var(--jaune) 0%, var(--teal) 100%);\n            -webkit-background-clip: text;\n            -webkit-text-fill-color: transparent;\n            background-clip: text;\n        }<\/p>\n<p>        .article-meta {\n            display: flex;\n            align-items: center;\n            gap: 30px;\n            margin-bottom: 30px;\n            flex-wrap: wrap;\n        }<\/p>\n<p>        .article-meta span {\n            display: flex;\n            align-items: center;\n            gap: 8px;\n            font-size: 15px;\n            opacity: 0.9;\n        }<\/p>\n<p>        .article-meta .stars {\n            color: var(--jaune);\n            font-size: 18px;\n        }<\/p>\n<p>        .article-hero-curve {\n            position: absolute;\n            bottom: -1px;\n            left: 0;\n            width: 100%;\n            height: 60px;\n            background: var(--blanc);\n            clip-path: ellipse(100% 100% at 50% 100%);\n        }<\/p>\n<p>        .article-body {\n            padding: 80px 0;\n        }<\/p>\n<p>        .intro-block {\n            background: var(--gris-clair);\n            border-left: 5px solid var(--bleu);\n            padding: 40px;\n            margin-bottom: 60px;\n            border-radius: 0 15px 15px 0;\n            font-size: 1.1rem;\n            line-height: 1.8;\n        }<\/p>\n<p>        .stats-grid {\n            display: grid;\n            grid-template-columns: repeat(auto-fit, minmax(250px, 1fr));\n            gap: 30px;\n            margin-bottom: 80px;\n        }<\/p>\n<p>        .stat-card {\n            background: var(--blanc);\n            border: 1px solid #e9ecef;\n            border-radius: 15px;\n            padding: 30px;\n            text-align: center;\n            transition: all 0.3s ease;\n            position: relative;\n            overflow: hidden;\n        }<\/p>\n<p>        .stat-card::before {\n            content: '';\n            position: absolute;\n            top: 0;\n            left: 0;\n            width: 100%;\n            height: 4px;\n            background: linear-gradient(90deg, var(--bleu), var(--teal));\n        }<\/p>\n<p>        .stat-card:hover {\n            transform: translateY(-5px);\n            box-shadow: 0 15px 35px rgba(94, 94, 215, 0.15);\n        }<\/p>\n<p>        .stat-card .number {\n            font-family: 'Montserrat', sans-serif;\n            font-size: 3rem;\n            font-weight: 700;\n            color: var(--bleu);\n            margin-bottom: 10px;\n            display: block;\n        }<\/p>\n<p>        .stat-card .label {\n            font-size: 1rem;\n            color: var(--gris);\n            font-weight: 500;\n        }<\/p>\n<p>        .article-body h2 {\n            font-family: 'Montserrat', sans-serif;\n            font-size: 2.2rem;\n            font-weight: 700;\n            color: var(--bleu-dark);\n            margin: 60px 0 30px;\n            position: relative;\n            padding-left: 30px;\n        }<\/p>\n<p>        .article-body h2::before {\n            content: counter(section);\n            counter-increment: section;\n            position: absolute;\n            left: 0;\n            top: 0;\n            background: var(--rose);\n            color: var(--blanc);\n            width: 35px;\n            height: 35px;\n            border-radius: 50%;\n            display: flex;\n            align-items: center;\n            justify-content: center;\n            font-size: 1rem;\n            font-weight: 600;\n        }<\/p>\n<p>        .article-body {\n            counter-reset: section;\n        }<\/p>\n<p>        .article-body h3 {\n            font-family: 'Montserrat', sans-serif;\n            font-size: 1.5rem;\n            font-weight: 600;\n            color: var(--bleu-dark);\n            margin: 40px 0 20px;\n        }<\/p>\n<p>        .article-body p {\n            margin-bottom: 20px;\n            font-size: 1rem;\n            line-height: 1.8;\n        }<\/p>\n<p>        .conseil-card {\n            background: linear-gradient(135deg, var(--teal), #7dd8da);\n            border-radius: 15px;\n            padding: 30px;\n            margin: 40px 0;\n            color: var(--blanc);\n            position: relative;\n            overflow: hidden;\n        }<\/p>\n<p>        .conseil-card::before {\n            content: '\ud83d\udca1';\n            position: absolute;\n            top: 20px;\n            right: 20px;\n            font-size: 2rem;\n            opacity: 0.7;\n        }<\/p>\n<p>        .conseil-card h4 {\n            font-family: 'Montserrat', sans-serif;\n            font-size: 1.3rem;\n            font-weight: 600;\n            margin-bottom: 15px;\n        }<\/p>\n<p>        .key-points {\n            background: var(--gris-clair);\n            border-radius: 15px;\n            padding: 30px;\n            margin: 40px 0;\n        }<\/p>\n<p>        .key-points h4 {\n            font-family: 'Montserrat', sans-serif;\n            color: var(--bleu-dark);\n            margin-bottom: 20px;\n            font-size: 1.2rem;\n        }<\/p>\n<p>        .key-points ul {\n            list-style: none;\n            padding: 0;\n        }<\/p>\n<p>        .key-points li {\n            position: relative;\n            padding-left: 30px;\n            margin-bottom: 15px;\n            line-height: 1.6;\n        }<\/p>\n<p>        .key-points li::before {\n            content: '\u2713';\n            position: absolute;\n            left: 0;\n            color: var(--bleu);\n            font-weight: bold;\n            font-size: 1.2rem;\n        }<\/p>\n<p>        .tip-box {\n            background: var(--jaune);\n            border-radius: 15px;\n            padding: 25px;\n            margin: 30px 0;\n            border: 2px solid #f0d84e;\n            position: relative;\n        }<\/p>\n<p>        .tip-box-label {\n            background: var(--rose);\n            color: var(--blanc);\n            padding: 5px 15px;\n            border-radius: 20px;\n            font-size: 0.85rem;\n            font-weight: 600;\n            text-transform: uppercase;\n            letter-spacing: 0.5px;\n            position: absolute;\n            top: -10px;\n            left: 25px;\n        }<\/p>\n<p>        .expert-box {\n            background: var(--blanc);\n            border: 2px solid var(--bleu);\n            border-radius: 20px;\n            padding: 0;\n            margin: 50px 0;\n            overflow: hidden;\n        }<\/p>\n<p>        .expert-box-label {\n            background: var(--bleu);\n            color: var(--blanc);\n            padding: 15px 30px;\n            font-weight: 600;\n            font-size: 0.9rem;\n            text-transform: uppercase;\n            letter-spacing: 1px;\n        }<\/p>\n<p>        .expert-box-title {\n            padding: 20px 30px 0;\n            font-family: 'Montserrat', sans-serif;\n            font-size: 1.4rem;\n            font-weight: 700;\n            color: var(--bleu-dark);\n        }<\/p>\n<p>        .expert-inner {\n            padding: 0 30px 30px;\n        }<\/p>\n<p>        .expert-inner-title {\n            font-family: 'Montserrat', sans-serif;\n            font-size: 1.1rem;\n            font-weight: 600;\n            color: var(--bleu-dark);\n            margin: 20px 0 15px;\n        }<\/p>\n<p>        .faq-list {\n            margin: 60px 0;\n        }<\/p>\n<p>        .faq-item {\n            background: var(--blanc);\n            border: 1px solid #e9ecef;\n            border-radius: 10px;\n            margin-bottom: 15px;\n            overflow: hidden;\n            transition: all 0.3s ease;\n        }<\/p>\n<p>        .faq-item:hover {\n            box-shadow: 0 5px 15px rgba(0,0,0,0.1);\n        }<\/p>\n<p>        .faq-q {\n            padding: 20px 25px;\n            cursor: pointer;\n            display: flex;\n            justify-content: space-between;\n            align-items: center;\n            font-weight: 600;\n            color: var(--bleu-dark);\n            background: var(--gris-clair);\n            transition: all 0.3s ease;\n        }<\/p>\n<p>        .faq-q:hover {\n            background: var(--teal);\n            color: var(--blanc);\n        }<\/p>\n<p>        .faq-icon {\n            background: var(--bleu);\n            color: var(--blanc);\n            width: 25px;\n            height: 25px;\n            border-radius: 50%;\n            display: flex;\n            align-items: center;\n            justify-content: center;\n            font-weight: bold;\n            transition: transform 0.3s ease;\n        }<\/p>\n<p>        .faq-item.open .faq-icon {\n            transform: rotate(45deg);\n        }<\/p>\n<p>        .faq-a {\n            padding: 0 25px;\n            max-height: 0;\n            overflow: hidden;\n            transition: all 0.3s ease;\n        }<\/p>\n<p>        .faq-item.open .faq-a {\n            padding: 20px 25px;\n            max-height: 500px;\n        }<\/p>\n<p>        .cta-box {\n            background: linear-gradient(135deg, var(--bleu) 0%, var(--bleu-dark) 100%);\n            color: var(--blanc);\n            border-radius: 20px;\n            padding: 50px;\n            text-align: center;\n            margin: 60px 0;\n            position: relative;\n            overflow: hidden;\n        }<\/p>\n<p>        .cta-box::before {\n            content: '';\n            position: absolute;\n            top: -50%;\n            left: -50%;\n            width: 200%;\n            height: 200%;\n            background: radial-gradient(circle, rgba(255,255,255,0.1) 1px, transparent 1px);\n            background-size: 50px 50px;\n            animation: pulse 20s infinite linear;\n        }<\/p>\n<p>        @keyframes pulse {\n            0% { transform: rotate(0deg); }\n            100% { transform: rotate(360deg); }\n        }<\/p>\n<p>        .cta-box h3 {\n            font-family: 'Montserrat', sans-serif;\n            font-size: 2rem;\n            margin-bottom: 20px;\n            position: relative;\n            z-index: 2;\n        }<\/p>\n<p>        .cta-box p {\n            font-size: 1.1rem;\n            margin-bottom: 30px;\n            position: relative;\n            z-index: 2;\n        }<\/p>\n<p>        .cta-buttons {\n            display: flex;\n            gap: 20px;\n            justify-content: center;\n            flex-wrap: wrap;\n            position: relative;\n            z-index: 2;\n        }<\/p>\n<p>        .btn-white {\n            background: var(--blanc);\n            color: var(--bleu);\n            padding: 15px 30px;\n            border-radius: 50px;\n            text-decoration: none;\n            font-weight: 600;\n            transition: all 0.3s ease;\n            border: 2px solid var(--blanc);\n        }<\/p>\n<p>        .btn-white:hover {\n            background: transparent;\n            color: var(--blanc);\n            transform: translateY(-2px);\n        }<\/p>\n<p>        .btn-outline {\n            background: transparent;\n            color: var(--blanc);\n            padding: 15px 30px;\n            border-radius: 50px;\n            text-decoration: none;\n            font-weight: 600;\n            border: 2px solid var(--blanc);\n            transition: all 0.3s ease;\n        }<\/p>\n<p>        .btn-outline:hover {\n            background: var(--blanc);\n            color: var(--bleu);\n            transform: translateY(-2px);\n        }<\/p>\n<p>        .article-tags {\n            margin-top: 60px;\n            padding-top: 30px;\n            border-top: 1px solid #e9ecef;\n        }<\/p>\n<p>        .article-tags h4 {\n            font-family: 'Montserrat', sans-serif;\n            color: var(--bleu-dark);\n            margin-bottom: 20px;\n        }<\/p>\n<p>        .article-tag {\n            display: inline-block;\n            background: var(--gris-clair);\n            color: var(--gris);\n            padding: 8px 15px;\n            border-radius: 20px;\n            text-decoration: none;\n            font-size: 0.9rem;\n            margin: 5px 10px 5px 0;\n            transition: all 0.3s ease;\n        }<\/p>\n<p>        .article-tag:hover {\n            background: var(--bleu);\n            color: var(--blanc);\n            transform: translateY(-2px);\n        }<\/p>\n<p>        @media (max-width: 768px) {\n            .article-hero h1 {\n                font-size: 2.5rem;\n            }<\/p>\n<p>            .article-meta {\n                flex-direction: column;\n                align-items: flex-start;\n                gap: 15px;\n            }<\/p>\n<p>            .stats-grid {\n                grid-template-columns: 1fr;\n            }<\/p>\n<p>            .cta-buttons {\n                flex-direction: column;\n                align-items: center;\n            }<\/p>\n<p>            .expert-box,\n            .conseil-card,\n            .tip-box {\n                margin-left: -20px;\n                margin-right: -20px;\n            }\n        }\n    <\/style>\n<p><script>\n        document.querySelectorAll('.faq-q').forEach(function(button) {\n            button.addEventListener('click', function() {\n                button.closest('.faq-item').classList.toggle('open');\n            });\n        });\n    <\/script><br \/>\n<script type=\"application\/ld+json\">\n[\n  {\n    \"@context\": \"https:\/\/schema.org\",\n    \"@type\": \"Article\",\n    \"headline\": \"Pourquoi la r\u00e9miniscence nous fait-elle tant plaisir ?\",\n    \"description\": \"oi la r\u00e9miniscence nous fait-elle tant plaisir ?\",\n    \"url\": \"https:\/\/www.dynseo.com\/pourquoi-la-reminiscence-nous-apporte-t-elle-tant-de-plaisir\/\",\n    \"datePublished\": \"2026-04-08\",\n    \"image\": \"https:\/\/www.dynseo.com\/wp-content\/uploads\/2026\/04\/reminiscence-plaisir.jpg\",\n    \"author\": {\n      \"@type\": \"Organization\",\n      \"name\": \"DYNSEO\",\n      \"url\": \"https:\/\/www.dynseo.com\"\n    },\n    \"publisher\": {\n      \"@type\": \"Organization\",\n      \"name\": \"DYNSEO\",\n      \"url\": \"https:\/\/www.dynseo.com\",\n      \"logo\": {\n        \"@type\": \"ImageObject\",\n        \"url\": \"https:\/\/www.dynseo.com\/wp-content\/uploads\/logo-dynseo.png\"\n      }\n    },\n    \"aggregateRating\": {\n      \"@type\": \"AggregateRating\",\n      \"ratingValue\": \"4.8\",\n      \"bestRating\": \"5\",\n      \"ratingCount\": \"47\"\n    }\n  },\n  {\n    \"@context\": \"https:\/\/schema.org\",\n    \"@type\": \"WebPage\",\n    \"url\": \"https:\/\/www.dynseo.com\/pourquoi-la-reminiscence-nous-apporte-t-elle-tant-de-plaisir\/\",\n    \"name\": \"Pourquoi la r\u00e9miniscence nous fait-elle tant plaisir ?\",\n    \"description\": \"oi la r\u00e9miniscence nous fait-elle tant plaisir ?\",\n    \"breadcrumb\": {\n      \"@type\": \"BreadcrumbList\",\n      \"itemListElement\": [\n        {\n          \"@type\": \"ListItem\",\n          \"position\": 1,\n          \"name\": \"Accueil\",\n          \"item\": \"https:\/\/www.dynseo.com\"\n        },\n        {\n          \"@type\": \"ListItem\",\n          \"position\": 2,\n          \"name\": \"Blog\",\n          \"item\": \"https:\/\/www.dynseo.com\/blog\"\n        },\n        {\n          \"@type\": \"ListItem\",\n          \"position\": 3,\n          \"name\": \"Pourquoi la r\u00e9miniscence nous fait-elle tant plaisir ?\",\n          \"item\": \"https:\/\/www.dynseo.com\/pourquoi-la-reminiscence-nous-apporte-t-elle-tant-de-plaisir\/\"\n        }\n      ]\n    }\n  },\n  {\n    \"@context\": \"https:\/\/schema.org\",\n    \"@type\": \"FAQPage\",\n    \"mainEntity\": [\n      {\n        \"@type\": \"Question\",\n        \"name\": \"Pourquoi certains souvenirs sont-ils plus \u00e9mouvants que d'autres ?\",\n        \"acceptedAnswer\": {\n          \"@type\": \"Answer\",\n          \"text\": \"Certains souvenirs sont plus \u00e9mouvants car ils sont associ\u00e9s \u00e0 des \u00e9motions intenses v\u00e9cues au moment de leur formation. L'amygdale, structure c\u00e9r\u00e9brale impliqu\u00e9e dans les \u00e9motions, renforce l'encodage des souvenirs charg\u00e9s \u00e9motionnellement, les rendant plus vivaces et marquants.\"\n        }\n      },\n      {\n        \"@type\": \"Question\",\n        \"name\": \"La r\u00e9miniscence peut-elle aider en cas de d\u00e9pression ?\",\n        \"acceptedAnswer\": {\n          \"@type\": \"Answer\",\n          \"text\": \"Oui, la th\u00e9rapie par r\u00e9miniscence peut \u00eatre b\u00e9n\u00e9fique dans le traitement de la d\u00e9pression. Elle permet de retrouver des souvenirs positifs, de renforcer l'estime de soi et de cr\u00e9er du lien social. Cependant, elle doit \u00eatre encadr\u00e9e par un professionnel pour \u00e9viter de raviver des traumatismes.\"\n        }\n      },\n      {\n        \"@type\": \"Question\",\n        \"name\": \"Comment distinguer un vrai souvenir d'un faux souvenir ?\",\n        \"acceptedAnswer\": {\n          \"@type\": \"Answer\",\n          \"text\": \"Il est difficile de distinguer un vrai d'un faux souvenir car notre m\u00e9moire est reconstructive. Les vrais souvenirs ont g\u00e9n\u00e9ralement plus de d\u00e9tails sensoriels et contextuels, mais la v\u00e9rification par des sources externes (photos, t\u00e9moins) reste le moyen le plus fiable.\"\n        }\n      }\n    ]\n  }\n]\n<\/script>\n<link href=\"https:\/\/fonts.googleapis.com\/css2?family=Montserrat:wght@400;600;700&#038;family=Poppins:wght@300;400;500;600&#038;display=swap\" rel=\"stylesheet\">\n<section class=\"article-hero\">\n<div class=\"container\">\n<div class=\"article-hero-inner\">\n<nav class=\"article-breadcrumb\">\n                    <a href=\"https:\/\/www.dynseo.com\/pt-pt\/\">In\u00edcio<\/a> ><br \/>\n                    <a href=\"https:\/\/www.dynseo.com\/blog\">Blog<\/a> ><br \/>\n                    <span>R\u00e9minisc\u00eancia e prazer<\/span><br \/>\n                <\/nav>\n<div class=\"article-category\">Neuroci\u00eancias &#038; Bem-estar<\/div>\n<h1>Por que a r\u00e9minisc\u00eancia nos traz <span class=\"hl\">tanto prazer<\/span>?<\/h1>\n<div class=\"article-meta\">\n                    <span>\ud83d\udcc5 Abril 2026<\/span><br \/>\n                    <span>\u23f1\ufe0f 15 min de leitura<\/span><br \/>\n                    <span>\ud83d\udc65 Todos os p\u00fablicos<\/span><br \/>\n                    <span class=\"stars\">\u2b50\u2b50\u2b50\u2b50\u2b50 4.8\/5<\/span>\n                <\/div>\n<\/p><\/div>\n<\/p><\/div>\n<div class=\"article-hero-curve\"><\/div>\n<\/section>\n<div class=\"article-body\">\n<div class=\"container\">\n<div class=\"intro-block\">\n                A reminisc\u00eancia, essa capacidade fascinante de fazer ressurgir mem\u00f3rias enterradas, ocupa um lugar central em nosso bem-estar psicol\u00f3gico. Esse fen\u00f4meno neurol\u00f3gico complexo nos permite reviver momentos preciosos do nosso passado, criando pontes emocionais entre ontem e hoje. Nossos coaches especializados na DYNSEO exploram hoje os mecanismos que tornam a reminisc\u00eancia t\u00e3o agrad\u00e1vel e ben\u00e9fica para nossa sa\u00fade mental. Descubra como essa fun\u00e7\u00e3o cognitiva natural pode ser estimulada e otimizada gra\u00e7as aos \u00faltimos avan\u00e7os em neuroci\u00eancias e \u00e0s ferramentas tecnol\u00f3gicas inovadoras. A reminisc\u00eancia n\u00e3o se contenta em nos fazer viajar no tempo: ela refor\u00e7a nossa identidade, consolida nossos la\u00e7os sociais e contribui ativamente para nosso crescimento pessoal.\n            <\/div>\n<div class=\"stats-grid\">\n<div class=\"stat-card\">\n                    <span class=\"number\">83%<\/span><br \/>\n                    <span class=\"label\">Impacto da vis\u00e3o na mem\u00f3ria<\/span>\n                <\/div>\n<div class=\"stat-card\">\n                    <span class=\"number\">11%<\/span><br \/>\n                    <span class=\"label\">Influ\u00eancia da audi\u00e7\u00e3o nas mem\u00f3rias<\/span>\n                <\/div>\n<div class=\"stat-card\">\n                    <span class=\"number\">3.5%<\/span><br \/>\n                    <span class=\"label\">Papel do olfato na reminisc\u00eancia<\/span>\n                <\/div>\n<div class=\"stat-card\">\n                    <span class=\"number\">95%<\/span><br \/>\n                    <span class=\"label\">Das pessoas sentem prazer durante a reminisc\u00eancia<\/span>\n                <\/div>\n<\/p><\/div>\n<h2>Os fundamentos neurobiol\u00f3gicos do prazer reminiscente<\/h2>\n<pee>A reminisc\u00eancia ativa circuitos neurais complexos que explicam por que ela proporciona tanta satisfa\u00e7\u00e3o. O prazer sentido ao recordar mem\u00f3rias positivas resulta de uma libera\u00e7\u00e3o de neurotransmissores espec\u00edficos, notadamente a dopamina e a serotonina, em regi\u00f5es-chave do c\u00e9rebro como o hipocampo e o c\u00f3rtex pr\u00e9-frontal.<\/pee>\n<pee>Essa ativa\u00e7\u00e3o neuroqu\u00edmica cria um estado de bem-estar compar\u00e1vel ao sentido durante experi\u00eancias agrad\u00e1veis em tempo real. O c\u00e9rebro n\u00e3o faz uma distin\u00e7\u00e3o temporal clara entre a mem\u00f3ria de um momento feliz e sua reexperi\u00eancia atual, o que explica a intensidade emocional de certas reminisc\u00eancias.<\/pee>\n<pee>As pesquisas em neuroci\u00eancias cognitivas revelam que a reminisc\u00eancia tamb\u00e9m solicita a rede do modo padr\u00e3o (DMN), um conjunto de regi\u00f5es cerebrais ativas durante momentos de descanso mental. Essa ativa\u00e7\u00e3o participa da consolida\u00e7\u00e3o de nossa identidade narrativa e refor\u00e7a nosso sentimento de continuidade pessoal.<\/pee>\n<div class=\"conseil-card\">\n<h4>Dica de especialista DYNSEO<\/h4>\n<pee>Para maximizar os benef\u00edcios da reminisc\u00eancia, privilegie momentos calmos e relaxados. O estado de relaxamento favorece o acesso a mem\u00f3rias positivas e intensifica o prazer sentido ao evoc\u00e1-las.<\/pee>\n            <\/div>\n<div class=\"key-points\">\n<h4>Pontos-chave sobre os mecanismos neurobiol\u00f3gicos:<\/h4>\n<ul>\n<li>A dopamina e a serotonina s\u00e3o liberadas durante mem\u00f3rias positivas<\/li>\n<li>O hipocampo desempenha um papel central na recupera\u00e7\u00e3o da mem\u00f3ria<\/li>\n<li>A rede do modo padr\u00e3o consolida nossa identidade narrativa<\/li>\n<li>O c\u00e9rebro reativa os mesmos circuitos que na experi\u00eancia original<\/li>\n<\/ul><\/div>\n<h2>O impacto sensorial na estimula\u00e7\u00e3o das mem\u00f3rias<\/h2>\n<pee>Os sentidos constituem as portas de entrada privilegiadas para nossas mem\u00f3rias mais preciosas. A vis\u00e3o, dominando com 83% de impacto em nossa mem\u00f3ria segundo os estudos da Universidade de Montreal, transforma cada fotografia em uma m\u00e1quina do tempo. Um simples olhar em um \u00e1lbum de fam\u00edlia pode desencadear uma cascata de mem\u00f3rias interconectadas.<\/pee>\n<pee>A audi\u00e7\u00e3o, representando 11% da influ\u00eancia sensorial, possui um poder evocativo not\u00e1vel. Uma melodia de antigamente pode instantaneamente nos transportar para nossa adolesc\u00eancia, revivendo n\u00e3o apenas a can\u00e7\u00e3o, mas todo o contexto emocional e social que a acompanhava. Esse fen\u00f4meno explica o sucesso das turn\u00eas nost\u00e1lgicas e das compila\u00e7\u00f5es musicais retr\u00f4.<\/pee>\n<pee>O olfato, embora representando apenas 3,5% do impacto sensorial, possui uma conex\u00e3o direta com o sistema l\u00edmbico, sede das emo\u00e7\u00f5es. Um perfume familiar pode desencadear mem\u00f3rias de uma intensidade surpreendente, muitas vezes acompanhadas de uma carga emocional forte. Essa particularidade \u00e9 explorada nas terapias de reminisc\u00eancia para pessoas idosas.<\/pee>\n<div class=\"tip-box\">\n<div class=\"tip-box-label\">Dica pr\u00e1tica<\/div>\n<pee>Crie um &#8220;ba\u00fa de mem\u00f3rias sensoriais&#8221;: conserve objetos que estimulem seus diferentes sentidos (fotos, m\u00fasicas, perfumes, texturas) para facilitar o acesso \u00e0s suas mem\u00f3rias positivas quando sentir necessidade.<\/pee>\n            <\/div>\n<div class=\"expert-box\">\n<div class=\"expert-box-label\">Especializa\u00e7\u00e3o DYNSEO<\/div>\n<div class=\"expert-box-title\">A estimula\u00e7\u00e3o multi-sensorial com COCO PENSA<\/div>\n<div class=\"expert-inner\">\n                    <pee>Nosso aplicativo <a href=\"https:\/\/www.dynseo.com\/pt-pt\/coco-pensa-e-coco-se-mexe\/\" target=\"_blank\">COCO PENSA<\/a> integra exerc\u00edcios de estimula\u00e7\u00e3o sensorial especialmente projetados para despertar mem\u00f3rias. Essas atividades combinam est\u00edmulos visuais, auditivos e t\u00e1teis para otimizar a ativa\u00e7\u00e3o da mem\u00f3ria.<\/pee>\n<div class=\"expert-inner-title\">Funcionalidades espec\u00edficas:<\/div>\n<pee>Os jogos de reconhecimento de imagens de \u00e9poca, os quebra-cabe\u00e7as sonoros com m\u00fasicas retr\u00f4 e os exerc\u00edcios de associa\u00e7\u00e3o sensorial favorecem a reminisc\u00eancia enquanto mant\u00eam a atividade cognitiva.<\/pee>\n                <\/div>\n<\/p><\/div>\n<h2>A psicologia positiva e a valoriza\u00e7\u00e3o do passado<\/h2>\n<pee>Segundo o psiquiatra Christophe Andr\u00e9, especialista reconhecido em psicologia positiva, a reminisc\u00eancia constitui um pilar essencial do bem-estar mental. &#8220;A psicologia positiva n\u00e3o se limita a saborear o momento presente&#8221;, explica ele, &#8220;ela tamb\u00e9m envolve trabalhar com nosso passado: relembrar os bons momentos para viv\u00ea-los novamente, imagin\u00e1-los para sabore\u00e1-los novamente.&#8221;<\/pee>\n<pee>Essa abordagem terap\u00eautica reconhece que nossas mem\u00f3rias positivas constituem um recurso precioso para nosso equil\u00edbrio psicol\u00f3gico. Ao revisitar conscientemente nossos sucessos passados, nossos momentos de alegria e nossas rela\u00e7\u00f5es enriquecedoras, refor\u00e7amos nossa autoestima e nossa resili\u00eancia diante dos desafios presentes.<\/pee>\n<pee>A reminisc\u00eancia positiva age como um ant\u00eddoto natural contra as rumina\u00e7\u00f5es negativas e os pensamentos catastr\u00f3ficos. Ela nos lembra de nossas capacidades de adapta\u00e7\u00e3o, nossos recursos internos e a riqueza de nossa experi\u00eancia de vida. Essa dimens\u00e3o terap\u00eautica da mem\u00f3ria autobiogr\u00e1fica \u00e9 hoje amplamente explorada na psicologia cl\u00ednica.<\/pee>\n<div class=\"conseil-card\">\n<h4>T\u00e9cnica de reminisc\u00eancia terap\u00eautica<\/h4>\n<pee>Pratique a &#8220;revis\u00e3o de vida positiva&#8221;: dedique 10 minutos di\u00e1rios para revisitar uma mem\u00f3ria feliz em detalhes, concentrando-se nas sensa\u00e7\u00f5es, emo\u00e7\u00f5es e aprendizados positivos que ela lhe traz hoje.<\/pee>\n            <\/div>\n<h2>E-Souvenirs: a inova\u00e7\u00e3o tecnol\u00f3gica a servi\u00e7o da mem\u00f3ria<\/h2>\n<pee>O aplicativo E-Souvenirs, desenvolvido pela DYNSEO, revoluciona a pr\u00e1tica da reminisc\u00eancia ao propor uma plataforma interativa personalizada. Esta ferramenta tecnol\u00f3gica combina a riqueza das mem\u00f3rias coletivas geracionais com a personaliza\u00e7\u00e3o das experi\u00eancias individuais, criando um ambiente ideal para a estimula\u00e7\u00e3o da mem\u00f3ria.<\/pee>\n<pee>A for\u00e7a do E-Souvenirs reside em sua dupla abordagem: por um lado, oferece um cat\u00e1logo rico de elementos culturais, hist\u00f3ricos e sociais pr\u00f3prios de cada gera\u00e7\u00e3o (fotos de \u00e9poca, eventos marcantes, objetos do cotidiano); por outro lado, permite que os usu\u00e1rios integrem suas pr\u00f3prias mem\u00f3rias pessoais (fotos familiares, anedotas, locais significativos).<\/pee>\n<pee>Essa personaliza\u00e7\u00e3o transforma o tablet em um verdadeiro &#8220;\u00e1lbum de vida interativo&#8221;, onde cada usu\u00e1rio pode reconstituir o ambiente familiar de sua \u00e9poca. A interface intuitiva facilita a navega\u00e7\u00e3o entre os diferentes per\u00edodos da vida, criando percursos tem\u00e1ticos que estimulam naturalmente a rememora\u00e7\u00e3o.<\/pee>\n<div class=\"key-points\">\n<h4>Vantagens do E-Souvenirs:<\/h4>\n<ul>\n<li>Biblioteca de imagens de \u00e9poca constantemente enriquecida<\/li>\n<li>Personaliza\u00e7\u00e3o completa com suas pr\u00f3prias fotos<\/li>\n<li>Compartilhamento intergeracional facilitado<\/li>\n<li>Interface adaptada aos idosos e com baixa vis\u00e3o<\/li>\n<li>Estimula\u00e7\u00e3o cognitiva progressiva e adaptativa<\/li>\n<\/ul><\/div>\n<h2>Os benef\u00edcios psicol\u00f3gicos profundos da reminisc\u00eancia<\/h2>\n<pee>A reminisc\u00eancia gera benef\u00edcios psicol\u00f3gicos m\u00faltiplos que v\u00e3o al\u00e9m do simples prazer moment\u00e2neo. O fortalecimento da autoestima constitui um de seus efeitos mais significativos: ao revisitar nossos sucessos passados, nossos momentos de felicidade e nossos relacionamentos enriquecedores, reconstitu\u00edmos uma imagem positiva de n\u00f3s mesmos, particularmente ben\u00e9fica em per\u00edodos de d\u00favida ou dificuldade.<\/pee>\n<pee>A redu\u00e7\u00e3o do estresse e da ansiedade representa outra vantagem importante. A evoca\u00e7\u00e3o de mem\u00f3rias tranquilizadoras ativa o sistema parassimp\u00e1tico, favorecendo o relaxamento f\u00edsico e mental. Esse relaxamento natural pode ser compar\u00e1vel aos efeitos da medita\u00e7\u00e3o ou do relaxamento guiado, oferecendo um ref\u00fagio mental acess\u00edvel a qualquer momento.<\/pee>\n<pee>A melhoria do humor resulta da produ\u00e7\u00e3o aumentada de neurotransmissores do bem-estar durante a reminisc\u00eancia positiva. Essa &#8220;qu\u00edmica da felicidade&#8221; natural pode contribuir para combater epis\u00f3dios depressivos leves e manter um estado emocional equilibrado.<\/pee>\n<div class=\"expert-box\">\n<div class=\"expert-box-label\">Pesquisa cient\u00edfica<\/div>\n<div class=\"expert-box-title\">Estudos cl\u00ednicos sobre a reminisc\u00eancia terap\u00eautica<\/div>\n<div class=\"expert-inner\">\n                    <pee>As pesquisas realizadas em centros gerontol\u00f3gicos demonstram uma melhoria significativa do humor (+ 67%) e da autoestima (+ 52%) entre os participantes das sess\u00f5es de reminisc\u00eancia estruturada.<\/pee>\n<div class=\"expert-inner-title\">Protocolos validados :<\/div>\n<pee>Os protocolos de reminisc\u00eancia que integram suportes tecnol\u00f3gicos mostram resultados superiores aos m\u00e9todos tradicionais, com uma ades\u00e3o terap\u00eautica melhorada de 43%.<\/pee>\n                <\/div>\n<\/p><\/div>\n<h2>A dimens\u00e3o social e intergeracional das mem\u00f3rias<\/h2>\n<pee>A reminisc\u00eancia transcende a experi\u00eancia individual para se tornar um poderoso vetor de v\u00ednculo social. O compartilhamento de mem\u00f3rias cria instantaneamente um terreno comum, uma cumplicidade entre as gera\u00e7\u00f5es que facilita a comunica\u00e7\u00e3o e fortalece os la\u00e7os familiares. Um av\u00f4 contando suas mem\u00f3rias de inf\u00e2ncia para seus netos n\u00e3o apenas transmite anedotas: ele compartilha seu mundo, seus valores e sua vis\u00e3o de vida.<\/pee>\n<pee>Essas intera\u00e7\u00f5es intergeracionais enriquecem mutuamente os participantes. Os idosos recuperam um sentimento de utilidade e reconhecimento ao transmitir sua experi\u00eancia, enquanto os mais jovens descobrem suas ra\u00edzes e compreendem melhor a evolu\u00e7\u00e3o da sociedade. Essa transmiss\u00e3o oral mant\u00e9m viva a mem\u00f3ria familiar e coletiva.<\/pee>\n<pee>A reminisc\u00eancia compartilhada tamb\u00e9m estimula a fun\u00e7\u00e3o cognitiva dos narradores. O esfor\u00e7o de estruturar o relato, adaptar-se ao p\u00fablico e buscar detalhes precisos constitui um excelente exerc\u00edcio mental. Essa estimula\u00e7\u00e3o natural contribui para a manuten\u00e7\u00e3o das capacidades cognitivas, particularmente importante em pessoas idosas.<\/pee>\n<div class=\"tip-box\">\n<div class=\"tip-box-label\">Atividade familiar<\/div>\n<pee>Organize &#8220;noites de mem\u00f3rias&#8221; regulares onde cada membro da fam\u00edlia compartilha uma mem\u00f3ria marcante. Registre esses momentos para criar um patrim\u00f4nio memorial familiar duradouro e acess\u00edvel \u00e0s gera\u00e7\u00f5es futuras.<\/pee>\n            <\/div>\n<h2>Estimula\u00e7\u00e3o di\u00e1ria da reminisc\u00eancia: m\u00e9todos pr\u00e1ticos<\/h2>\n<pee>A integra\u00e7\u00e3o da reminisc\u00eancia no dia a dia n\u00e3o requer dispositivos complexos. A m\u00fasica \u00e9 um dos gatilhos mais eficazes e acess\u00edveis. Criar playlists tem\u00e1ticas por per\u00edodos de vida (adolesc\u00eancia, juventude, in\u00edcios profissionais) permite acessar facilmente diferentes aspectos de nossa hist\u00f3ria pessoal.<\/pee>\n<pee>A consulta regular de \u00e1lbuns de fotos, sejam f\u00edsicos ou digitais, mant\u00e9m ativos os circuitos da mem\u00f3ria autobiogr\u00e1fica. A organiza\u00e7\u00e3o cronol\u00f3gica ou tem\u00e1tica desses \u00e1lbuns facilita a navega\u00e7\u00e3o temporal e encoraja a explora\u00e7\u00e3o de diferentes per\u00edodos de vida. A adi\u00e7\u00e3o de coment\u00e1rios escritos enriquece a experi\u00eancia e facilita a transmiss\u00e3o aos entes queridos.<\/pee>\n<pee>Os objetos pessoais carregados de hist\u00f3ria constituem excelentes suportes de reminisc\u00eancia. Conservar e manipular regularmente objetos significativos (cartas, joias, lembran\u00e7as de viagem, presentes) ativa a mem\u00f3ria t\u00e1til e emocional. Essas &#8220;rel\u00edquias pessoais&#8221; servem como \u00e2ncoras temporais facilitando o acesso \u00e0s mem\u00f3rias associadas.<\/pee>\n<div class=\"conseil-card\">\n<h4>Programa de ativa\u00e7\u00e3o da mem\u00f3ria DYNSEO<\/h4>\n<pee>Nosso abordagem <a href=\"https:\/\/www.dynseo.com\/pt-pt\/coco-pensa-e-coco-se-mexe\/\" target=\"_blank\">COCO PENSA e COCO SE MEXE<\/a> integra exerc\u00edcios de reminisc\u00eancia em um programa global de estimula\u00e7\u00e3o cognitiva. Este m\u00e9todo combina prazer da rememora\u00e7\u00e3o e manuten\u00e7\u00e3o das fun\u00e7\u00f5es cerebrais.<\/pee>\n            <\/div>\n<h2>A mem\u00f3ria coletiva e a identidade geracional<\/h2>\n<pee>A reminisc\u00eancia coletiva molda nosso sentimento de pertencimento geracional e cultural. As mem\u00f3rias compartilhadas de eventos hist\u00f3ricos, fen\u00f4menos sociais ou refer\u00eancias culturais comuns criam la\u00e7os invis\u00edveis entre os indiv\u00edduos de uma mesma \u00e9poca. Esta mem\u00f3ria coletiva contribui para nossa identidade social e nossa compreens\u00e3o do mundo.<\/pee>\n<pee>As gera\u00e7\u00f5es se definem em parte por suas refer\u00eancias culturais comuns: m\u00fasicas, filmes, eventos pol\u00edticos, inova\u00e7\u00f5es tecnol\u00f3gicas. Esses marcos temporais coletivos facilitam a comunica\u00e7\u00e3o intrageracional e criam c\u00f3digos compartilhados. A reminisc\u00eancia coletiva, portanto, refor\u00e7a a perten\u00e7a grupal e a identidade geracional.<\/pee>\n<pee>A transmiss\u00e3o dessa mem\u00f3ria coletiva constitui um desafio social importante. Os relatos pessoais entrela\u00e7am-se com a Hist\u00f3ria oficial para criar uma mem\u00f3ria viva, humana e emocional. Esta dimens\u00e3o testemunhal da reminisc\u00eancia participa da preserva\u00e7\u00e3o do patrim\u00f4nio cultural imaterial.<\/pee>\n<div class=\"key-points\">\n<h4>Papel da mem\u00f3ria coletiva:<\/h4>\n<ul>\n<li>Cria\u00e7\u00e3o de uma identidade geracional compartilhada<\/li>\n<li>Transmiss\u00e3o do patrim\u00f4nio cultural imaterial<\/li>\n<li>Refor\u00e7o dos la\u00e7os sociais intrageracionais<\/li>\n<li>Humaniza\u00e7\u00e3o da Hist\u00f3ria oficial<\/li>\n<li>Preserva\u00e7\u00e3o das tradi\u00e7\u00f5es e valores<\/li>\n<\/ul><\/div>\n<h2>Impacto da tecnologia em nossas pr\u00e1ticas de reminisc\u00eancia<\/h2>\n<pee>A era digital transforma radicalmente nossas rela\u00e7\u00f5es com a mem\u00f3ria e a reminisc\u00eancia. A digitaliza\u00e7\u00e3o maci\u00e7a de nossas mem\u00f3rias via smartphones e redes sociais cria arquivos pessoais de uma riqueza sem precedentes, mas tamb\u00e9m levanta quest\u00f5es sobre a qualidade e a profundidade de nossas mem\u00f3rias. A multiplica\u00e7\u00e3o das marcas digitais facilita o acesso \u00e0s mem\u00f3rias, mas pode paradoxalmente reduzir sua intensidade emocional.<\/pee>\n<pee>As plataformas sociais oferecem funcionalidades de &#8220;mem\u00f3rias autom\u00e1ticas&#8221; que nos lembram de nossas publica\u00e7\u00f5es passadas. Se essas ferramentas podem desencadear momentos de reminisc\u00eancia, elas permanecem superficiais em compara\u00e7\u00e3o com a riqueza das mem\u00f3rias evocadas naturalmente. A curadoria algor\u00edtmica de nossas mem\u00f3rias influencia sutilmente nossa percep\u00e7\u00e3o de nossa pr\u00f3pria hist\u00f3ria.<\/pee>\n<pee>As inova\u00e7\u00f5es em realidade virtual e aumentada abrem novas perspectivas para a reminisc\u00eancia terap\u00eautica. A reconstru\u00e7\u00e3o de ambientes hist\u00f3ricos ou pessoais em 3D poderia revolucionar as abordagens de estimula\u00e7\u00e3o da mem\u00f3ria, particularmente ben\u00e9ficas para as pessoas que sofrem de dist\u00farbios cognitivos.<\/pee>\n<div class=\"expert-box\">\n<div class=\"expert-box-label\">Inova\u00e7\u00e3o DYNSEO<\/div>\n<div class=\"expert-box-title\">O futuro da reminisc\u00eancia tecnol\u00f3gica<\/div>\n<div class=\"expert-inner\">\n                    <pee>Nossas equipes de pesquisa desenvolvem interfaces de realidade virtual que permitem reconstruir os ambientes pessoais dos usu\u00e1rios. Essa tecnologia imersiva multiplica o impacto emocional da reminisc\u00eancia.<\/pee>\n<div class=\"expert-inner-title\">Projetos em desenvolvimento:<\/div>\n<pee>A integra\u00e7\u00e3o de intelig\u00eancia artificial em <a href=\"https:\/\/www.dynseo.com\/pt-pt\/coco-pensa-e-coco-se-mexe\/\" target=\"_blank\">COCO PENSA<\/a> permitir\u00e1 criar trajet\u00f3rias de reminisc\u00eancia personalizadas e adaptativas, otimizando a experi\u00eancia do usu\u00e1rio.<\/pee>\n                <\/div>\n<\/p><\/div>\n<h2>Terapias pela reminisc\u00eancia: aplica\u00e7\u00f5es cl\u00ednicas<\/h2>\n<pee>A reminisc\u00eancia terap\u00eautica ocupa um lugar crescente nos atendimentos gerontol\u00f3gicos e psiqui\u00e1tricos. Essa abordagem n\u00e3o medicamentosa se mostra particularmente eficaz para as pessoas idosas com dem\u00eancia ou depress\u00e3o, oferecendo um acesso privilegiado a seus recursos preservados. As sess\u00f5es estruturadas de reminisc\u00eancia melhoram significativamente o humor, a autoestima e as intera\u00e7\u00f5es sociais.<\/pee>\n<pee>Os protocolos cl\u00ednicos de reminisc\u00eancia se adaptam \u00e0s especificidades de cada patologia. Para os doentes de Alzheimer, o foco \u00e9 nas mem\u00f3rias antigas geralmente melhor preservadas. Os suportes sensoriais (objetos, m\u00fasicas, perfumes) facilitam a evoca\u00e7\u00e3o e mant\u00eam o engajamento dos participantes mesmo em casos de dist\u00farbios severos da linguagem.<\/pee>\n<pee>A avalia\u00e7\u00e3o da efic\u00e1cia terap\u00eautica da reminisc\u00eancia se baseia em escalas validadas que medem o humor, a ansiedade, a agita\u00e7\u00e3o e a qualidade de vida. Os resultados mostram melhorias duradouras, particularmente acentuadas quando as sess\u00f5es integram elementos personalizados e suportes tecnol\u00f3gicos adequados.<\/pee>\n<div class=\"tip-box\">\n<div class=\"tip-box-label\">Conselho para cuidadores<\/div>\n<pee>Se voc\u00ea acompanha uma pessoa idosa, incentive a reminisc\u00eancia fazendo perguntas abertas sobre seu passado: &#8220;Como era seu bairro de inf\u00e2ncia?&#8221;, &#8220;Qual era sua m\u00fasica favorita aos 20 anos?&#8221;. A escuta atenta amplifica os benef\u00edcios terap\u00eauticos.<\/pee>\n            <\/div>\n<h2>Otimiza\u00e7\u00e3o cognitiva pela reminisc\u00eancia ativa<\/h2>\n<pee>A reminisc\u00eancia n\u00e3o se limita a proporcionar prazer: ela constitui um verdadeiro exerc\u00edcio cognitivo mobilizando simultaneamente v\u00e1rias fun\u00e7\u00f5es cerebrais. A busca ativa por mem\u00f3rias estimula a mem\u00f3ria de trabalho, a aten\u00e7\u00e3o seletiva e as fun\u00e7\u00f5es executivas. Essa estimula\u00e7\u00e3o natural contribui para a manuten\u00e7\u00e3o das performances cognitivas ao longo do envelhecimento.<\/pee>\n<pee>O esfor\u00e7o de estrutura\u00e7\u00e3o narrativa das mem\u00f3rias ativa as regi\u00f5es da linguagem e da organiza\u00e7\u00e3o temporal. Contar uma mem\u00f3ria implica selecionar os elementos relevantes, organiz\u00e1-los cronologicamente e adapt\u00e1-los ao p\u00fablico. Esses processos complexos mant\u00eam ativas as conex\u00f5es neuronais e favorecem a neuroplasticidade.<\/pee>\n<pee>A reminisc\u00eancia dirigida, praticada regularmente, pode retardar o decl\u00ednio cognitivo normal relacionado \u00e0 idade. Os programas de treinamento que integram a reminisc\u00eancia mostram resultados promissores na manuten\u00e7\u00e3o das capacidades mn\u00e9sicas e atencionais. Essa abordagem preventiva complementa favoravelmente os exerc\u00edcios cognitivos tradicionais.<\/pee>\n<div class=\"conseil-card\">\n<h4>Treinamento cognitivo DYNSEO<\/h4>\n<pee>Nossos programas <a href=\"https:\/\/www.dynseo.com\/pt-pt\/coco-pensa-e-coco-se-mexe\/\" target=\"_blank\">COCO PENSA e COCO SE MEXE<\/a> integram a reminisc\u00eancia em um treinamento cognitivo global. Essa abordagem hol\u00edstica otimiza os benef\u00edcios sobre a mem\u00f3ria, a aten\u00e7\u00e3o e as fun\u00e7\u00f5es executivas.<\/pee>\n            <\/div>\n<h2>Preven\u00e7\u00e3o e resili\u00eancia pela valoriza\u00e7\u00e3o memorial<\/h2>\n<pee>A pr\u00e1tica regular da reminisc\u00eancia positiva desenvolve nossa resili\u00eancia psicol\u00f3gica ao constituir um reservat\u00f3rio de recursos mentais acess\u00edvel em caso de dificuldades. As mem\u00f3rias de sucessos passados, de momentos de felicidade e de rela\u00e7\u00f5es de apoio formam um &#8220;capital emocional&#8221; mobiliz\u00e1vel durante as provas. Essa abordagem preventiva refor\u00e7a nossa capacidade de adapta\u00e7\u00e3o diante do estresse e das mudan\u00e7as.<\/pee>\n<pee>A constru\u00e7\u00e3o de uma narrativa de vida coerente e positiva atrav\u00e9s da reminisc\u00eancia participa da aceita\u00e7\u00e3o de si mesmo e do desenvolvimento da sabedoria. Ao integrar nossas experi\u00eancias passadas em uma perspectiva global, damos sentido ao nosso percurso e refor\u00e7amos nosso sentimento de identidade. Essa coer\u00eancia narrativa protege contra os dist\u00farbios ansiosos e depressivos.<\/pee>\n<pee>A dimens\u00e3o prospectiva da reminisc\u00eancia tamb\u00e9m permite acessar nossas experi\u00eancias passadas para imaginar o futuro com confian\u00e7a. As mem\u00f3rias de supera\u00e7\u00e3o de dificuldades anteriores alimentam nosso otimismo e nosso sentimento de efic\u00e1cia pessoal. Essa proje\u00e7\u00e3o positiva facilita o engajamento em novos projetos e mant\u00e9m a motiva\u00e7\u00e3o de vida.<\/pee>\n<div class=\"key-points\">\n<h4>Benef\u00edcios preventivos da reminisc\u00eancia:<\/h4>\n<ul>\n<li>Constitui\u00e7\u00e3o de um capital emocional mobiliz\u00e1vel<\/li>\n<li>Refor\u00e7o da resili\u00eancia psicol\u00f3gica<\/li>\n<li>Desenvolvimento de uma narrativa de vida coerente<\/li>\n<li>Prote\u00e7\u00e3o contra a ansiedade e a depress\u00e3o<\/li>\n<li>Manuten\u00e7\u00e3o do otimismo e da motiva\u00e7\u00e3o<\/li>\n<\/ul><\/div>\n<div class=\"faq-list\">\n<h2>Perguntas frequentes sobre a reminisc\u00eancia<\/h2>\n<div class=\"faq-item\">\n<div class=\"faq-q\">\n                        <span>Por que algumas mem\u00f3rias s\u00e3o mais emocionantes do que outras?<\/span><br \/>\n                        <span class=\"faq-icon\">+<\/span>\n                    <\/div>\n<div class=\"faq-a\">\n                        <pee>A intensidade emocional de uma mem\u00f3ria depende de v\u00e1rios fatores: o estado emocional durante a codifica\u00e7\u00e3o inicial, o significado pessoal do evento e a frequ\u00eancia de lembran\u00e7a. As mem\u00f3rias associadas a emo\u00e7\u00f5es fortes (alegria, surpresa, primeira vez) marcam mais os circuitos neuronais e permanecem mais acess\u00edveis e emocionantes durante a reminisc\u00eancia.<\/pee>\n                    <\/div>\n<\/p><\/div>\n<div class=\"faq-item\">\n<div class=\"faq-q\">\n                        <span>A reminisc\u00eancia pode ajudar em caso de depress\u00e3o?<\/span><br \/>\n                        <span class=\"faq-icon\">+<\/span>\n                    <\/div>\n<div class=\"faq-a\">\n                        <pee>Sim, a reminisc\u00eancia positiva \u00e9 uma ferramenta terap\u00eautica reconhecida contra a depress\u00e3o. Ela permite contrabalan\u00e7ar as rumina\u00e7\u00f5es negativas ao reativar mem\u00f3rias de sucesso e felicidade. No entanto, deve ser praticada em um ambiente acolhedor e pode necessitar de acompanhamento profissional para evitar a focaliza\u00e7\u00e3o em mem\u00f3rias dolorosas.<\/pee>\n                    <\/div>\n<\/p><\/div>\n<div class=\"faq-item\">\n<div class=\"faq-q\">\n                        <span>Como distinguir uma verdadeira mem\u00f3ria de uma falsa mem\u00f3ria?<\/span><br \/>\n                        <span class=\"faq-icon\">+<\/span>\n                    <\/div>\n<div class=\"faq-a\">\n                        <pee>A mem\u00f3ria \u00e9 reconstructiva e pode criar &#8220;falsas mem\u00f3rias&#8221; coerentes, mas imprecisas. As verdadeiras mem\u00f3rias tendem a incluir detalhes sensoriais precisos, emo\u00e7\u00f5es coerentes e elementos verific\u00e1veis. No entanto, o importante na reminisc\u00eancia terap\u00eautica n\u00e3o \u00e9 tanto a exatid\u00e3o factual, mas o valor emocional e identit\u00e1rio da mem\u00f3ria.<\/pee>\n                    <\/div>\n<\/p><\/div>\n<div class=\"faq-item\">\n<div class=\"faq-q\">\n                        <span>A partir de que idade pode-se praticar a reminisc\u00eancia?<\/span><br \/>\n                        <span class=\"faq-icon\">+<\/span>\n                    <\/div>\n<div class=\"faq-a\">\n                        <pee>A reminisc\u00eancia pode ser ben\u00e9fica em qualquer idade, assim que a mem\u00f3ria autobiogr\u00e1fica se desenvolve (por volta dos 3-4 anos). Nas crian\u00e7as, ela refor\u00e7a a identidade e a autoconfian\u00e7a. Nos adultos, mant\u00e9m os la\u00e7os com a hist\u00f3ria pessoal. Nos idosos, torna-se uma ferramenta privilegiada de bem-estar e estimula\u00e7\u00e3o cognitiva.<\/pee>\n                    <\/div>\n<\/p><\/div>\n<div class=\"faq-item\">\n<div class=\"faq-q\">\n                        <span>Aplicativos como E-Souvenirs substituem a reminisc\u00eancia natural?<\/span><br \/>\n                        <span class=\"faq-icon\">+<\/span>\n                    <\/div>\n<div class=\"faq-a\">\n                        <pee>Ferramentas tecnol\u00f3gicas como E-Souvenirs complementam e enriquecem a reminisc\u00eancia natural sem substitu\u00ed-la. Elas oferecem suportes estimulantes e facilitam o acesso \u00e0s mem\u00f3rias, particularmente \u00fateis para pessoas com dificuldades de memoriza\u00e7\u00e3o. O ideal \u00e9 combinar ferramentas tecnol\u00f3gicas e compartilhamento humano para maximizar os benef\u00edcios.<\/pee>\n                    <\/div>\n<\/p><\/div>\n<\/p><\/div>\n<div class=\"cta-box\">\n<h3>Enrique\u00e7a seu cotidiano com a reminisc\u00eancia<\/h3>\n<pee>Descubra nossas ferramentas especializadas para estimular suas mem\u00f3rias e manter seu bem-estar cognitivo. COCO PENSA e E-Souvenirs o acompanham nessa jornada enriquecedora.<\/pee>\n<div class=\"cta-buttons\">\n                    <a href=\"https:\/\/www.dynseo.com\/pt-pt\/coco-pensa-e-coco-se-mexe\/\" class=\"btn-white\" target=\"_blank\">Experimente gratuitamente<\/a><br \/>\n                    <a href=\"https:\/\/www.dynseo.com\/pt-pt\/coco-pensa-e-coco-se-mexe\/\" class=\"btn-outline\" target=\"_blank\">Saiba mais<\/a>\n                <\/div>\n<\/p><\/div>\n<div class=\"article-tags\">\n<h4>Tags associados:<\/h4>\n<p>                <a href=\"#\" class=\"article-tag\">reminisc\u00eancia<\/a><br \/>\n                <a href=\"#\" class=\"article-tag\">mem\u00f3ria autobiogr\u00e1fica<\/a><br \/>\n                <a href=\"#\" class=\"article-tag\">bem-estar psicol\u00f3gico<\/a><br \/>\n                <a href=\"#\" class=\"article-tag\">neuroci\u00eancias<\/a><br \/>\n                <a href=\"#\" class=\"article-tag\">estimula\u00e7\u00e3o cognitiva<\/a><br \/>\n                <a href=\"#\" class=\"article-tag\">psicologia positiva<\/a><br \/>\n                <a href=\"#\" class=\"article-tag\">terapia n\u00e3o medicamentosa<\/a><br \/>\n                <a href=\"#\" class=\"article-tag\">v\u00ednculo intergeracional<\/a><br \/>\n                <a href=\"#\" class=\"article-tag\">tecnologias para idosos<\/a><br \/>\n                <a href=\"#\" class=\"article-tag\">preven\u00e7\u00e3o cognitiva<\/a>\n            <\/div>\n<\/p><\/div>\n<\/p><\/div>\n<p>[\/et_pb_code][\/et_pb_column][\/et_pb_row][\/et_pb_section]<\/p>\n","protected":false},"excerpt":{"rendered":"","protected":false},"author":4,"featured_media":100524,"comment_status":"closed","ping_status":"closed","sticky":false,"template":"","format":"standard","meta":{"_et_pb_use_builder":"on","_et_pb_old_content":"[et_pb_section fb_built=\"1\" _builder_version=\"4.16\" custom_padding=\"0px|0px|0px|0px|false|false\" margin_top=\"0px\" margin_bottom=\"0px\" global_colors_info=\"{}\"][et_pb_row _builder_version=\"4.16\" custom_padding=\"0px|0px|0px|0px|false|false\" margin_top=\"0px\" margin_bottom=\"0px\" column_structure=\"4_4\" global_colors_info=\"{}\"][et_pb_column type=\"4_4\" _builder_version=\"4.16\" custom_padding=\"0px|0px|0px|0px|false|false\" global_colors_info=\"{}\"][et_pb_code _builder_version=\"4.16\" custom_padding=\"0px|0px|0px|0px|false|false\" global_colors_info=\"{}\"]<style>\n        :root {\n            --bleu: #5e5ed7;\n            --bleu-dark: #5268c9;\n            --teal: #a9e2e4;\n            --jaune: #ffeca7;\n            --rose: #e73469;\n            --blanc: #ffffff;\n            --gris-clair: #f8f9fa;\n            --gris: #6c757d;\n            --noir: #212529;\n        }\n\n        * {\n            margin: 0;\n            padding: 0;\n            box-sizing: border-box;\n        }\n\n        body {\n            font-family: 'Poppins', sans-serif;\n            line-height: 1.6;\n            color: var(--noir);\n            background-color: var(--blanc);\n        }\n\n        .container {\n            max-width: 1200px;\n            margin: 0 auto;\n            padding: 0 20px;\n        }\n\n        .article-hero {\n            background: linear-gradient(135deg, var(--bleu) 0%, var(--bleu-dark) 100%);\n            color: var(--blanc);\n            position: relative;\n            padding: 80px 0 120px;\n            overflow: hidden;\n        }\n\n        .article-hero::before {\n            content: '';\n            position: absolute;\n            top: 0;\n            left: 0;\n            right: 0;\n            bottom: 0;\n            background: url('data:image\/svg+xml,<svg xmlns=\"http:\/\/www.w3.org\/2000\/svg\" viewBox=\"0 0 100 100\"><circle cx=\"20\" cy=\"20\" r=\"2\" fill=\"rgba(255,255,255,0.1)\"\/><circle cx=\"80\" cy=\"40\" r=\"1.5\" fill=\"rgba(255,255,255,0.08)\"\/><circle cx=\"40\" cy=\"80\" r=\"1\" fill=\"rgba(255,255,255,0.06)\"\/><\/svg>');\n            animation: float 20s infinite linear;\n        }\n\n        @keyframes float {\n            0% { transform: translateY(0px); }\n            100% { transform: translateY(-100px); }\n        }\n\n        .article-hero-inner {\n            position: relative;\n            z-index: 2;\n        }\n\n        .article-breadcrumb {\n            font-size: 14px;\n            margin-bottom: 20px;\n            opacity: 0.9;\n        }\n\n        .article-breadcrumb a {\n            color: var(--blanc);\n            text-decoration: none;\n        }\n\n        .article-breadcrumb a:hover {\n            text-decoration: underline;\n        }\n\n        .article-category {\n            display: inline-block;\n            background: var(--rose);\n            color: var(--blanc);\n            padding: 8px 20px;\n            border-radius: 25px;\n            font-size: 14px;\n            font-weight: 600;\n            margin-bottom: 25px;\n            text-transform: uppercase;\n            letter-spacing: 0.5px;\n        }\n\n        .article-hero h1 {\n            font-family: 'Montserrat', sans-serif;\n            font-size: 3.2rem;\n            font-weight: 700;\n            line-height: 1.2;\n            margin-bottom: 30px;\n        }\n\n        .hl {\n            background: linear-gradient(120deg, var(--jaune) 0%, var(--teal) 100%);\n            -webkit-background-clip: text;\n            -webkit-text-fill-color: transparent;\n            background-clip: text;\n        }\n\n        .article-meta {\n            display: flex;\n            align-items: center;\n            gap: 30px;\n            margin-bottom: 30px;\n            flex-wrap: wrap;\n        }\n\n        .article-meta span {\n            display: flex;\n            align-items: center;\n            gap: 8px;\n            font-size: 15px;\n            opacity: 0.9;\n        }\n\n        .article-meta .stars {\n            color: var(--jaune);\n            font-size: 18px;\n        }\n\n        .article-hero-curve {\n            position: absolute;\n            bottom: -1px;\n            left: 0;\n            width: 100%;\n            height: 60px;\n            background: var(--blanc);\n            clip-path: ellipse(100% 100% at 50% 100%);\n        }\n\n        .article-body {\n            padding: 80px 0;\n        }\n\n        .intro-block {\n            background: var(--gris-clair);\n            border-left: 5px solid var(--bleu);\n            padding: 40px;\n            margin-bottom: 60px;\n            border-radius: 0 15px 15px 0;\n            font-size: 1.1rem;\n            line-height: 1.8;\n        }\n\n        .stats-grid {\n            display: grid;\n            grid-template-columns: repeat(auto-fit, minmax(250px, 1fr));\n            gap: 30px;\n            margin-bottom: 80px;\n        }\n\n        .stat-card {\n            background: var(--blanc);\n            border: 1px solid #e9ecef;\n            border-radius: 15px;\n            padding: 30px;\n            text-align: center;\n            transition: all 0.3s ease;\n            position: relative;\n            overflow: hidden;\n        }\n\n        .stat-card::before {\n            content: '';\n            position: absolute;\n            top: 0;\n            left: 0;\n            width: 100%;\n            height: 4px;\n            background: linear-gradient(90deg, var(--bleu), var(--teal));\n        }\n\n        .stat-card:hover {\n            transform: translateY(-5px);\n            box-shadow: 0 15px 35px rgba(94, 94, 215, 0.15);\n        }\n\n        .stat-card .number {\n            font-family: 'Montserrat', sans-serif;\n            font-size: 3rem;\n            font-weight: 700;\n            color: var(--bleu);\n            margin-bottom: 10px;\n            display: block;\n        }\n\n        .stat-card .label {\n            font-size: 1rem;\n            color: var(--gris);\n            font-weight: 500;\n        }\n\n        .article-body h2 {\n            font-family: 'Montserrat', sans-serif;\n            font-size: 2.2rem;\n            font-weight: 700;\n            color: var(--bleu-dark);\n            margin: 60px 0 30px;\n            position: relative;\n            padding-left: 30px;\n        }\n\n        .article-body h2::before {\n            content: counter(section);\n            counter-increment: section;\n            position: absolute;\n            left: 0;\n            top: 0;\n            background: var(--rose);\n            color: var(--blanc);\n            width: 35px;\n            height: 35px;\n            border-radius: 50%;\n            display: flex;\n            align-items: center;\n            justify-content: center;\n            font-size: 1rem;\n            font-weight: 600;\n        }\n\n        .article-body {\n            counter-reset: section;\n        }\n\n        .article-body h3 {\n            font-family: 'Montserrat', sans-serif;\n            font-size: 1.5rem;\n            font-weight: 600;\n            color: var(--bleu-dark);\n            margin: 40px 0 20px;\n        }\n\n        .article-body p {\n            margin-bottom: 20px;\n            font-size: 1rem;\n            line-height: 1.8;\n        }\n\n        .conseil-card {\n            background: linear-gradient(135deg, var(--teal), #7dd8da);\n            border-radius: 15px;\n            padding: 30px;\n            margin: 40px 0;\n            color: var(--blanc);\n            position: relative;\n            overflow: hidden;\n        }\n\n        .conseil-card::before {\n            content: '\ud83d\udca1';\n            position: absolute;\n            top: 20px;\n            right: 20px;\n            font-size: 2rem;\n            opacity: 0.7;\n        }\n\n        .conseil-card h4 {\n            font-family: 'Montserrat', sans-serif;\n            font-size: 1.3rem;\n            font-weight: 600;\n            margin-bottom: 15px;\n        }\n\n        .key-points {\n            background: var(--gris-clair);\n            border-radius: 15px;\n            padding: 30px;\n            margin: 40px 0;\n        }\n\n        .key-points h4 {\n            font-family: 'Montserrat', sans-serif;\n            color: var(--bleu-dark);\n            margin-bottom: 20px;\n            font-size: 1.2rem;\n        }\n\n        .key-points ul {\n            list-style: none;\n            padding: 0;\n        }\n\n        .key-points li {\n            position: relative;\n            padding-left: 30px;\n            margin-bottom: 15px;\n            line-height: 1.6;\n        }\n\n        .key-points li::before {\n            content: '\u2713';\n            position: absolute;\n            left: 0;\n            color: var(--bleu);\n            font-weight: bold;\n            font-size: 1.2rem;\n        }\n\n        .tip-box {\n            background: var(--jaune);\n            border-radius: 15px;\n            padding: 25px;\n            margin: 30px 0;\n            border: 2px solid #f0d84e;\n            position: relative;\n        }\n\n        .tip-box-label {\n            background: var(--rose);\n            color: var(--blanc);\n            padding: 5px 15px;\n            border-radius: 20px;\n            font-size: 0.85rem;\n            font-weight: 600;\n            text-transform: uppercase;\n            letter-spacing: 0.5px;\n            position: absolute;\n            top: -10px;\n            left: 25px;\n        }\n\n        .expert-box {\n            background: var(--blanc);\n            border: 2px solid var(--bleu);\n            border-radius: 20px;\n            padding: 0;\n            margin: 50px 0;\n            overflow: hidden;\n        }\n\n        .expert-box-label {\n            background: var(--bleu);\n            color: var(--blanc);\n            padding: 15px 30px;\n            font-weight: 600;\n            font-size: 0.9rem;\n            text-transform: uppercase;\n            letter-spacing: 1px;\n        }\n\n        .expert-box-title {\n            padding: 20px 30px 0;\n            font-family: 'Montserrat', sans-serif;\n            font-size: 1.4rem;\n            font-weight: 700;\n            color: var(--bleu-dark);\n        }\n\n        .expert-inner {\n            padding: 0 30px 30px;\n        }\n\n        .expert-inner-title {\n            font-family: 'Montserrat', sans-serif;\n            font-size: 1.1rem;\n            font-weight: 600;\n            color: var(--bleu-dark);\n            margin: 20px 0 15px;\n        }\n\n        .faq-list {\n            margin: 60px 0;\n        }\n\n        .faq-item {\n            background: var(--blanc);\n            border: 1px solid #e9ecef;\n            border-radius: 10px;\n            margin-bottom: 15px;\n            overflow: hidden;\n            transition: all 0.3s ease;\n        }\n\n        .faq-item:hover {\n            box-shadow: 0 5px 15px rgba(0,0,0,0.1);\n        }\n\n        .faq-q {\n            padding: 20px 25px;\n            cursor: pointer;\n            display: flex;\n            justify-content: space-between;\n            align-items: center;\n            font-weight: 600;\n            color: var(--bleu-dark);\n            background: var(--gris-clair);\n            transition: all 0.3s ease;\n        }\n\n        .faq-q:hover {\n            background: var(--teal);\n            color: var(--blanc);\n        }\n\n        .faq-icon {\n            background: var(--bleu);\n            color: var(--blanc);\n            width: 25px;\n            height: 25px;\n            border-radius: 50%;\n            display: flex;\n            align-items: center;\n            justify-content: center;\n            font-weight: bold;\n            transition: transform 0.3s ease;\n        }\n\n        .faq-item.open .faq-icon {\n            transform: rotate(45deg);\n        }\n\n        .faq-a {\n            padding: 0 25px;\n            max-height: 0;\n            overflow: hidden;\n            transition: all 0.3s ease;\n        }\n\n        .faq-item.open .faq-a {\n            padding: 20px 25px;\n            max-height: 500px;\n        }\n\n        .cta-box {\n            background: linear-gradient(135deg, var(--bleu) 0%, var(--bleu-dark) 100%);\n            color: var(--blanc);\n            border-radius: 20px;\n            padding: 50px;\n            text-align: center;\n            margin: 60px 0;\n            position: relative;\n            overflow: hidden;\n        }\n\n        .cta-box::before {\n            content: '';\n            position: absolute;\n            top: -50%;\n            left: -50%;\n            width: 200%;\n            height: 200%;\n            background: radial-gradient(circle, rgba(255,255,255,0.1) 1px, transparent 1px);\n            background-size: 50px 50px;\n            animation: pulse 20s infinite linear;\n        }\n\n        @keyframes pulse {\n            0% { transform: rotate(0deg); }\n            100% { transform: rotate(360deg); }\n        }\n\n        .cta-box h3 {\n            font-family: 'Montserrat', sans-serif;\n            font-size: 2rem;\n            margin-bottom: 20px;\n            position: relative;\n            z-index: 2;\n        }\n\n        .cta-box p {\n            font-size: 1.1rem;\n            margin-bottom: 30px;\n            position: relative;\n            z-index: 2;\n        }\n\n        .cta-buttons {\n            display: flex;\n            gap: 20px;\n            justify-content: center;\n            flex-wrap: wrap;\n            position: relative;\n            z-index: 2;\n        }\n\n        .btn-white {\n            background: var(--blanc);\n            color: var(--bleu);\n            padding: 15px 30px;\n            border-radius: 50px;\n            text-decoration: none;\n            font-weight: 600;\n            transition: all 0.3s ease;\n            border: 2px solid var(--blanc);\n        }\n\n        .btn-white:hover {\n            background: transparent;\n            color: var(--blanc);\n            transform: translateY(-2px);\n        }\n\n        .btn-outline {\n            background: transparent;\n            color: var(--blanc);\n            padding: 15px 30px;\n            border-radius: 50px;\n            text-decoration: none;\n            font-weight: 600;\n            border: 2px solid var(--blanc);\n            transition: all 0.3s ease;\n        }\n\n        .btn-outline:hover {\n            background: var(--blanc);\n            color: var(--bleu);\n            transform: translateY(-2px);\n        }\n\n        .article-tags {\n            margin-top: 60px;\n            padding-top: 30px;\n            border-top: 1px solid #e9ecef;\n        }\n\n        .article-tags h4 {\n            font-family: 'Montserrat', sans-serif;\n            color: var(--bleu-dark);\n            margin-bottom: 20px;\n        }\n\n        .article-tag {\n            display: inline-block;\n            background: var(--gris-clair);\n            color: var(--gris);\n            padding: 8px 15px;\n            border-radius: 20px;\n            text-decoration: none;\n            font-size: 0.9rem;\n            margin: 5px 10px 5px 0;\n            transition: all 0.3s ease;\n        }\n\n        .article-tag:hover {\n            background: var(--bleu);\n            color: var(--blanc);\n            transform: translateY(-2px);\n        }\n\n        @media (max-width: 768px) {\n            .article-hero h1 {\n                font-size: 2.5rem;\n            }\n            \n            .article-meta {\n                flex-direction: column;\n                align-items: flex-start;\n                gap: 15px;\n            }\n            \n            .stats-grid {\n                grid-template-columns: 1fr;\n            }\n            \n            .cta-buttons {\n                flex-direction: column;\n                align-items: center;\n            }\n            \n            .expert-box,\n            .conseil-card,\n            .tip-box {\n                margin-left: -20px;\n                margin-right: -20px;\n            }\n        }\n    <\/style>\n<script>\n        document.querySelectorAll('.faq-q').forEach(function(button) {\n            button.addEventListener('click', function() {\n                button.closest('.faq-item').classList.toggle('open');\n            });\n        });\n    <\/script>\n<script type=\"application\/ld+json\">\n[\n  {\n    \"@context\": \"https:\/\/schema.org\",\n    \"@type\": \"Article\",\n    \"headline\": \"Pourquoi la r\u00e9miniscence nous fait-elle tant plaisir ?\",\n    \"description\": \"oi la r\u00e9miniscence nous fait-elle tant plaisir ?\",\n    \"url\": \"https:\/\/www.dynseo.com\/pourquoi-la-reminiscence-nous-apporte-t-elle-tant-de-plaisir\/\",\n    \"datePublished\": \"2026-04-08\",\n    \"image\": \"https:\/\/www.dynseo.com\/wp-content\/uploads\/2026\/04\/reminiscence-plaisir.jpg\",\n    \"author\": {\n      \"@type\": \"Organization\",\n      \"name\": \"DYNSEO\",\n      \"url\": \"https:\/\/www.dynseo.com\"\n    },\n    \"publisher\": {\n      \"@type\": \"Organization\",\n      \"name\": \"DYNSEO\",\n      \"url\": \"https:\/\/www.dynseo.com\",\n      \"logo\": {\n        \"@type\": \"ImageObject\",\n        \"url\": \"https:\/\/www.dynseo.com\/wp-content\/uploads\/logo-dynseo.png\"\n      }\n    },\n    \"aggregateRating\": {\n      \"@type\": \"AggregateRating\",\n      \"ratingValue\": \"4.8\",\n      \"bestRating\": \"5\",\n      \"ratingCount\": \"47\"\n    }\n  },\n  {\n    \"@context\": \"https:\/\/schema.org\",\n    \"@type\": \"WebPage\",\n    \"url\": \"https:\/\/www.dynseo.com\/pourquoi-la-reminiscence-nous-apporte-t-elle-tant-de-plaisir\/\",\n    \"name\": \"Pourquoi la r\u00e9miniscence nous fait-elle tant plaisir ?\",\n    \"description\": \"oi la r\u00e9miniscence nous fait-elle tant plaisir ?\",\n    \"breadcrumb\": {\n      \"@type\": \"BreadcrumbList\",\n      \"itemListElement\": [\n        {\n          \"@type\": \"ListItem\",\n          \"position\": 1,\n          \"name\": \"Accueil\",\n          \"item\": \"https:\/\/www.dynseo.com\"\n        },\n        {\n          \"@type\": \"ListItem\",\n          \"position\": 2,\n          \"name\": \"Blog\",\n          \"item\": \"https:\/\/www.dynseo.com\/blog\"\n        },\n        {\n          \"@type\": \"ListItem\",\n          \"position\": 3,\n          \"name\": \"Pourquoi la r\u00e9miniscence nous fait-elle tant plaisir ?\",\n          \"item\": \"https:\/\/www.dynseo.com\/pourquoi-la-reminiscence-nous-apporte-t-elle-tant-de-plaisir\/\"\n        }\n      ]\n    }\n  },\n  {\n    \"@context\": \"https:\/\/schema.org\",\n    \"@type\": \"FAQPage\",\n    \"mainEntity\": [\n      {\n        \"@type\": \"Question\",\n        \"name\": \"Pourquoi certains souvenirs sont-ils plus \u00e9mouvants que d'autres ?\",\n        \"acceptedAnswer\": {\n          \"@type\": \"Answer\",\n          \"text\": \"Certains souvenirs sont plus \u00e9mouvants car ils sont associ\u00e9s \u00e0 des \u00e9motions intenses v\u00e9cues au moment de leur formation. L'amygdale, structure c\u00e9r\u00e9brale impliqu\u00e9e dans les \u00e9motions, renforce l'encodage des souvenirs charg\u00e9s \u00e9motionnellement, les rendant plus vivaces et marquants.\"\n        }\n      },\n      {\n        \"@type\": \"Question\",\n        \"name\": \"La r\u00e9miniscence peut-elle aider en cas de d\u00e9pression ?\",\n        \"acceptedAnswer\": {\n          \"@type\": \"Answer\",\n          \"text\": \"Oui, la th\u00e9rapie par r\u00e9miniscence peut \u00eatre b\u00e9n\u00e9fique dans le traitement de la d\u00e9pression. Elle permet de retrouver des souvenirs positifs, de renforcer l'estime de soi et de cr\u00e9er du lien social. Cependant, elle doit \u00eatre encadr\u00e9e par un professionnel pour \u00e9viter de raviver des traumatismes.\"\n        }\n      },\n      {\n        \"@type\": \"Question\",\n        \"name\": \"Comment distinguer un vrai souvenir d'un faux souvenir ?\",\n        \"acceptedAnswer\": {\n          \"@type\": \"Answer\",\n          \"text\": \"Il est difficile de distinguer un vrai d'un faux souvenir car notre m\u00e9moire est reconstructive. Les vrais souvenirs ont g\u00e9n\u00e9ralement plus de d\u00e9tails sensoriels et contextuels, mais la v\u00e9rification par des sources externes (photos, t\u00e9moins) reste le moyen le plus fiable.\"\n        }\n      }\n    ]\n  }\n]\n<\/script>\n<link href=\"https:\/\/fonts.googleapis.com\/css2?family=Montserrat:wght@400;600;700&family=Poppins:wght@300;400;500;600&display=swap\" rel=\"stylesheet\">\n\n<section class=\"article-hero\">\n        <div class=\"container\">\n            <div class=\"article-hero-inner\">\n                <nav class=\"article-breadcrumb\">\n                    <a href=\"https:\/\/www.dynseo.com\">In\u00edcio<\/a> > \n                    <a href=\"https:\/\/www.dynseo.com\/blog\">Blog<\/a> > \n                    <span>R\u00e9minisc\u00eancia e prazer<\/span>\n                <\/nav>\n                \n                <div class=\"article-category\">Neuroci\u00eancias & Bem-estar<\/div>\n                \n                <h1>Por que a r\u00e9minisc\u00eancia nos traz <span class=\"hl\">tanto prazer<\/span>?<\/h1>\n                \n                <div class=\"article-meta\">\n                    <span>\ud83d\udcc5 Abril 2026<\/span>\n                    <span>\u23f1\ufe0f 15 min de leitura<\/span>\n                    <span>\ud83d\udc65 Todos os p\u00fablicos<\/span>\n                    <span class=\"stars\">\u2b50\u2b50\u2b50\u2b50\u2b50 4.8\/5<\/span>\n                <\/div>\n            <\/div>\n        <\/div>\n        <div class=\"article-hero-curve\"><\/div>\n    <\/section>\n\n    <div class=\"article-body\">\n        <div class=\"container\">\n<div class=\"intro-block\">\n                A reminisc\u00eancia, essa capacidade fascinante de fazer ressurgir mem\u00f3rias enterradas, ocupa um lugar central em nosso bem-estar psicol\u00f3gico. Esse fen\u00f4meno neurol\u00f3gico complexo nos permite reviver momentos preciosos do nosso passado, criando pontes emocionais entre ontem e hoje. Nossos coaches especializados na DYNSEO exploram hoje os mecanismos que tornam a reminisc\u00eancia t\u00e3o agrad\u00e1vel e ben\u00e9fica para nossa sa\u00fade mental. Descubra como essa fun\u00e7\u00e3o cognitiva natural pode ser estimulada e otimizada gra\u00e7as aos \u00faltimos avan\u00e7os em neuroci\u00eancias e \u00e0s ferramentas tecnol\u00f3gicas inovadoras. A reminisc\u00eancia n\u00e3o se contenta em nos fazer viajar no tempo: ela refor\u00e7a nossa identidade, consolida nossos la\u00e7os sociais e contribui ativamente para nosso crescimento pessoal.\n            <\/div>\n\n            <div class=\"stats-grid\">\n                <div class=\"stat-card\">\n                    <span class=\"number\">83%<\/span>\n                    <span class=\"label\">Impacto da vis\u00e3o na mem\u00f3ria<\/span>\n                <\/div>\n                <div class=\"stat-card\">\n                    <span class=\"number\">11%<\/span>\n                    <span class=\"label\">Influ\u00eancia da audi\u00e7\u00e3o nas mem\u00f3rias<\/span>\n                <\/div>\n                <div class=\"stat-card\">\n                    <span class=\"number\">3.5%<\/span>\n                    <span class=\"label\">Papel do olfato na reminisc\u00eancia<\/span>\n                <\/div>\n                <div class=\"stat-card\">\n                    <span class=\"number\">95%<\/span>\n                    <span class=\"label\">Das pessoas sentem prazer durante a reminisc\u00eancia<\/span>\n                <\/div>\n            <\/div>\n\n            <h2>Os fundamentos neurobiol\u00f3gicos do prazer reminiscente<\/h2>\n            <p>A reminisc\u00eancia ativa circuitos neurais complexos que explicam por que ela proporciona tanta satisfa\u00e7\u00e3o. O prazer sentido ao recordar mem\u00f3rias positivas resulta de uma libera\u00e7\u00e3o de neurotransmissores espec\u00edficos, notadamente a dopamina e a serotonina, em regi\u00f5es-chave do c\u00e9rebro como o hipocampo e o c\u00f3rtex pr\u00e9-frontal.<\/p>\n\n            <p>Essa ativa\u00e7\u00e3o neuroqu\u00edmica cria um estado de bem-estar compar\u00e1vel ao sentido durante experi\u00eancias agrad\u00e1veis em tempo real. O c\u00e9rebro n\u00e3o faz uma distin\u00e7\u00e3o temporal clara entre a mem\u00f3ria de um momento feliz e sua reexperi\u00eancia atual, o que explica a intensidade emocional de certas reminisc\u00eancias.<\/p>\n\n            <p>As pesquisas em neuroci\u00eancias cognitivas revelam que a reminisc\u00eancia tamb\u00e9m solicita a rede do modo padr\u00e3o (DMN), um conjunto de regi\u00f5es cerebrais ativas durante momentos de descanso mental. Essa ativa\u00e7\u00e3o participa da consolida\u00e7\u00e3o de nossa identidade narrativa e refor\u00e7a nosso sentimento de continuidade pessoal.<\/p>\n\n            <div class=\"conseil-card\">\n                <h4>Dica de especialista DYNSEO<\/h4>\n                <p>Para maximizar os benef\u00edcios da reminisc\u00eancia, privilegie momentos calmos e relaxados. O estado de relaxamento favorece o acesso a mem\u00f3rias positivas e intensifica o prazer sentido ao evoc\u00e1-las.<\/p>\n            <\/div>\n<div class=\"key-points\">\n                <h4>Pontos-chave sobre os mecanismos neurobiol\u00f3gicos:<\/h4>\n                <ul>\n                    <li>A dopamina e a serotonina s\u00e3o liberadas durante mem\u00f3rias positivas<\/li>\n                    <li>O hipocampo desempenha um papel central na recupera\u00e7\u00e3o da mem\u00f3ria<\/li>\n                    <li>A rede do modo padr\u00e3o consolida nossa identidade narrativa<\/li>\n                    <li>O c\u00e9rebro reativa os mesmos circuitos que na experi\u00eancia original<\/li>\n                <\/ul>\n            <\/div>\n\n            <h2>O impacto sensorial na estimula\u00e7\u00e3o das mem\u00f3rias<\/h2>\n            <p>Os sentidos constituem as portas de entrada privilegiadas para nossas mem\u00f3rias mais preciosas. A vis\u00e3o, dominando com 83% de impacto em nossa mem\u00f3ria segundo os estudos da Universidade de Montreal, transforma cada fotografia em uma m\u00e1quina do tempo. Um simples olhar em um \u00e1lbum de fam\u00edlia pode desencadear uma cascata de mem\u00f3rias interconectadas.<\/p>\n\n            <p>A audi\u00e7\u00e3o, representando 11% da influ\u00eancia sensorial, possui um poder evocativo not\u00e1vel. Uma melodia de antigamente pode instantaneamente nos transportar para nossa adolesc\u00eancia, revivendo n\u00e3o apenas a can\u00e7\u00e3o, mas todo o contexto emocional e social que a acompanhava. Esse fen\u00f4meno explica o sucesso das turn\u00eas nost\u00e1lgicas e das compila\u00e7\u00f5es musicais retr\u00f4.<\/p>\n\n            <p>O olfato, embora representando apenas 3,5% do impacto sensorial, possui uma conex\u00e3o direta com o sistema l\u00edmbico, sede das emo\u00e7\u00f5es. Um perfume familiar pode desencadear mem\u00f3rias de uma intensidade surpreendente, muitas vezes acompanhadas de uma carga emocional forte. Essa particularidade \u00e9 explorada nas terapias de reminisc\u00eancia para pessoas idosas.<\/p>\n\n            <div class=\"tip-box\">\n                <div class=\"tip-box-label\">Dica pr\u00e1tica<\/div>\n                <p>Crie um \"ba\u00fa de mem\u00f3rias sensoriais\": conserve objetos que estimulem seus diferentes sentidos (fotos, m\u00fasicas, perfumes, texturas) para facilitar o acesso \u00e0s suas mem\u00f3rias positivas quando sentir necessidade.<\/p>\n            <\/div>\n\n            <div class=\"expert-box\">\n                <div class=\"expert-box-label\">Especializa\u00e7\u00e3o DYNSEO<\/div>\n                <div class=\"expert-box-title\">A estimula\u00e7\u00e3o multi-sensorial com COCO PENSA<\/div>\n                <div class=\"expert-inner\">\n                    <p>Nosso aplicativo <a href=\"https:\/\/www.dynseo.com\/pt-pt\/coco-pensa-e-coco-se-mexe\/\" target=\"_blank\">COCO PENSA<\/a> integra exerc\u00edcios de estimula\u00e7\u00e3o sensorial especialmente projetados para despertar mem\u00f3rias. Essas atividades combinam est\u00edmulos visuais, auditivos e t\u00e1teis para otimizar a ativa\u00e7\u00e3o da mem\u00f3ria.<\/p>\n<div class=\"expert-inner-title\">Funcionalidades espec\u00edficas:<\/div>\n                    <p>Os jogos de reconhecimento de imagens de \u00e9poca, os quebra-cabe\u00e7as sonoros com m\u00fasicas retr\u00f4 e os exerc\u00edcios de associa\u00e7\u00e3o sensorial favorecem a reminisc\u00eancia enquanto mant\u00eam a atividade cognitiva.<\/p>\n                <\/div>\n            <\/div>\n\n            <h2>A psicologia positiva e a valoriza\u00e7\u00e3o do passado<\/h2>\n            <p>Segundo o psiquiatra Christophe Andr\u00e9, especialista reconhecido em psicologia positiva, a reminisc\u00eancia constitui um pilar essencial do bem-estar mental. \"A psicologia positiva n\u00e3o se limita a saborear o momento presente\", explica ele, \"ela tamb\u00e9m envolve trabalhar com nosso passado: relembrar os bons momentos para viv\u00ea-los novamente, imagin\u00e1-los para sabore\u00e1-los novamente.\"<\/p>\n\n            <p>Essa abordagem terap\u00eautica reconhece que nossas mem\u00f3rias positivas constituem um recurso precioso para nosso equil\u00edbrio psicol\u00f3gico. Ao revisitar conscientemente nossos sucessos passados, nossos momentos de alegria e nossas rela\u00e7\u00f5es enriquecedoras, refor\u00e7amos nossa autoestima e nossa resili\u00eancia diante dos desafios presentes.<\/p>\n\n            <p>A reminisc\u00eancia positiva age como um ant\u00eddoto natural contra as rumina\u00e7\u00f5es negativas e os pensamentos catastr\u00f3ficos. Ela nos lembra de nossas capacidades de adapta\u00e7\u00e3o, nossos recursos internos e a riqueza de nossa experi\u00eancia de vida. Essa dimens\u00e3o terap\u00eautica da mem\u00f3ria autobiogr\u00e1fica \u00e9 hoje amplamente explorada na psicologia cl\u00ednica.<\/p>\n\n            <div class=\"conseil-card\">\n                <h4>T\u00e9cnica de reminisc\u00eancia terap\u00eautica<\/h4>\n                <p>Pratique a \"revis\u00e3o de vida positiva\": dedique 10 minutos di\u00e1rios para revisitar uma mem\u00f3ria feliz em detalhes, concentrando-se nas sensa\u00e7\u00f5es, emo\u00e7\u00f5es e aprendizados positivos que ela lhe traz hoje.<\/p>\n            <\/div>\n\n            <h2>E-Souvenirs: a inova\u00e7\u00e3o tecnol\u00f3gica a servi\u00e7o da mem\u00f3ria<\/h2>\n            <p>O aplicativo E-Souvenirs, desenvolvido pela DYNSEO, revoluciona a pr\u00e1tica da reminisc\u00eancia ao propor uma plataforma interativa personalizada. Esta ferramenta tecnol\u00f3gica combina a riqueza das mem\u00f3rias coletivas geracionais com a personaliza\u00e7\u00e3o das experi\u00eancias individuais, criando um ambiente ideal para a estimula\u00e7\u00e3o da mem\u00f3ria.<\/p>\n\n            <p>A for\u00e7a do E-Souvenirs reside em sua dupla abordagem: por um lado, oferece um cat\u00e1logo rico de elementos culturais, hist\u00f3ricos e sociais pr\u00f3prios de cada gera\u00e7\u00e3o (fotos de \u00e9poca, eventos marcantes, objetos do cotidiano); por outro lado, permite que os usu\u00e1rios integrem suas pr\u00f3prias mem\u00f3rias pessoais (fotos familiares, anedotas, locais significativos).<\/p>\n\n            <p>Essa personaliza\u00e7\u00e3o transforma o tablet em um verdadeiro \"\u00e1lbum de vida interativo\", onde cada usu\u00e1rio pode reconstituir o ambiente familiar de sua \u00e9poca. A interface intuitiva facilita a navega\u00e7\u00e3o entre os diferentes per\u00edodos da vida, criando percursos tem\u00e1ticos que estimulam naturalmente a rememora\u00e7\u00e3o.<\/p>\n<div class=\"key-points\">\n                <h4>Vantagens do E-Souvenirs:<\/h4>\n                <ul>\n                    <li>Biblioteca de imagens de \u00e9poca constantemente enriquecida<\/li>\n                    <li>Personaliza\u00e7\u00e3o completa com suas pr\u00f3prias fotos<\/li>\n                    <li>Compartilhamento intergeracional facilitado<\/li>\n                    <li>Interface adaptada aos idosos e com baixa vis\u00e3o<\/li>\n                    <li>Estimula\u00e7\u00e3o cognitiva progressiva e adaptativa<\/li>\n                <\/ul>\n            <\/div>\n\n            <h2>Os benef\u00edcios psicol\u00f3gicos profundos da reminisc\u00eancia<\/h2>\n            <p>A reminisc\u00eancia gera benef\u00edcios psicol\u00f3gicos m\u00faltiplos que v\u00e3o al\u00e9m do simples prazer moment\u00e2neo. O fortalecimento da autoestima constitui um de seus efeitos mais significativos: ao revisitar nossos sucessos passados, nossos momentos de felicidade e nossos relacionamentos enriquecedores, reconstitu\u00edmos uma imagem positiva de n\u00f3s mesmos, particularmente ben\u00e9fica em per\u00edodos de d\u00favida ou dificuldade.<\/p>\n\n            <p>A redu\u00e7\u00e3o do estresse e da ansiedade representa outra vantagem importante. A evoca\u00e7\u00e3o de mem\u00f3rias tranquilizadoras ativa o sistema parassimp\u00e1tico, favorecendo o relaxamento f\u00edsico e mental. Esse relaxamento natural pode ser compar\u00e1vel aos efeitos da medita\u00e7\u00e3o ou do relaxamento guiado, oferecendo um ref\u00fagio mental acess\u00edvel a qualquer momento.<\/p>\n\n            <p>A melhoria do humor resulta da produ\u00e7\u00e3o aumentada de neurotransmissores do bem-estar durante a reminisc\u00eancia positiva. Essa \"qu\u00edmica da felicidade\" natural pode contribuir para combater epis\u00f3dios depressivos leves e manter um estado emocional equilibrado.<\/p>\n\n            <div class=\"expert-box\">\n                <div class=\"expert-box-label\">Pesquisa cient\u00edfica<\/div>\n                <div class=\"expert-box-title\">Estudos cl\u00ednicos sobre a reminisc\u00eancia terap\u00eautica<\/div>\n                <div class=\"expert-inner\">\n                    <p>As pesquisas realizadas em centros gerontol\u00f3gicos demonstram uma melhoria significativa do humor (+ 67%) e da autoestima (+ 52%) entre os participantes das sess\u00f5es de reminisc\u00eancia estruturada.<\/p>\n<div class=\"expert-inner-title\">Protocolos validados :<\/div>\n                    <p>Os protocolos de reminisc\u00eancia que integram suportes tecnol\u00f3gicos mostram resultados superiores aos m\u00e9todos tradicionais, com uma ades\u00e3o terap\u00eautica melhorada de 43%.<\/p>\n                <\/div>\n            <\/div>\n\n            <h2>A dimens\u00e3o social e intergeracional das mem\u00f3rias<\/h2>\n            <p>A reminisc\u00eancia transcende a experi\u00eancia individual para se tornar um poderoso vetor de v\u00ednculo social. O compartilhamento de mem\u00f3rias cria instantaneamente um terreno comum, uma cumplicidade entre as gera\u00e7\u00f5es que facilita a comunica\u00e7\u00e3o e fortalece os la\u00e7os familiares. Um av\u00f4 contando suas mem\u00f3rias de inf\u00e2ncia para seus netos n\u00e3o apenas transmite anedotas: ele compartilha seu mundo, seus valores e sua vis\u00e3o de vida.<\/p>\n\n            <p>Essas intera\u00e7\u00f5es intergeracionais enriquecem mutuamente os participantes. Os idosos recuperam um sentimento de utilidade e reconhecimento ao transmitir sua experi\u00eancia, enquanto os mais jovens descobrem suas ra\u00edzes e compreendem melhor a evolu\u00e7\u00e3o da sociedade. Essa transmiss\u00e3o oral mant\u00e9m viva a mem\u00f3ria familiar e coletiva.<\/p>\n\n            <p>A reminisc\u00eancia compartilhada tamb\u00e9m estimula a fun\u00e7\u00e3o cognitiva dos narradores. O esfor\u00e7o de estruturar o relato, adaptar-se ao p\u00fablico e buscar detalhes precisos constitui um excelente exerc\u00edcio mental. Essa estimula\u00e7\u00e3o natural contribui para a manuten\u00e7\u00e3o das capacidades cognitivas, particularmente importante em pessoas idosas.<\/p>\n\n            <div class=\"tip-box\">\n                <div class=\"tip-box-label\">Atividade familiar<\/div>\n                <p>Organize \"noites de mem\u00f3rias\" regulares onde cada membro da fam\u00edlia compartilha uma mem\u00f3ria marcante. Registre esses momentos para criar um patrim\u00f4nio memorial familiar duradouro e acess\u00edvel \u00e0s gera\u00e7\u00f5es futuras.<\/p>\n            <\/div>\n\n            <h2>Estimula\u00e7\u00e3o di\u00e1ria da reminisc\u00eancia: m\u00e9todos pr\u00e1ticos<\/h2>\n            <p>A integra\u00e7\u00e3o da reminisc\u00eancia no dia a dia n\u00e3o requer dispositivos complexos. A m\u00fasica \u00e9 um dos gatilhos mais eficazes e acess\u00edveis. Criar playlists tem\u00e1ticas por per\u00edodos de vida (adolesc\u00eancia, juventude, in\u00edcios profissionais) permite acessar facilmente diferentes aspectos de nossa hist\u00f3ria pessoal.<\/p>\n\n            <p>A consulta regular de \u00e1lbuns de fotos, sejam f\u00edsicos ou digitais, mant\u00e9m ativos os circuitos da mem\u00f3ria autobiogr\u00e1fica. A organiza\u00e7\u00e3o cronol\u00f3gica ou tem\u00e1tica desses \u00e1lbuns facilita a navega\u00e7\u00e3o temporal e encoraja a explora\u00e7\u00e3o de diferentes per\u00edodos de vida. A adi\u00e7\u00e3o de coment\u00e1rios escritos enriquece a experi\u00eancia e facilita a transmiss\u00e3o aos entes queridos.<\/p>\n\n            <p>Os objetos pessoais carregados de hist\u00f3ria constituem excelentes suportes de reminisc\u00eancia. Conservar e manipular regularmente objetos significativos (cartas, joias, lembran\u00e7as de viagem, presentes) ativa a mem\u00f3ria t\u00e1til e emocional. Essas \"rel\u00edquias pessoais\" servem como \u00e2ncoras temporais facilitando o acesso \u00e0s mem\u00f3rias associadas.<\/p>\n<div class=\"conseil-card\">\n                <h4>Programa de ativa\u00e7\u00e3o da mem\u00f3ria DYNSEO<\/h4>\n                <p>Nosso abordagem <a href=\"https:\/\/www.dynseo.com\/pt-pt\/coco-pensa-e-coco-se-mexe\/\" target=\"_blank\">COCO PENSA e COCO SE MEXE<\/a> integra exerc\u00edcios de reminisc\u00eancia em um programa global de estimula\u00e7\u00e3o cognitiva. Este m\u00e9todo combina prazer da rememora\u00e7\u00e3o e manuten\u00e7\u00e3o das fun\u00e7\u00f5es cerebrais.<\/p>\n            <\/div>\n\n            <h2>A mem\u00f3ria coletiva e a identidade geracional<\/h2>\n            <p>A reminisc\u00eancia coletiva molda nosso sentimento de pertencimento geracional e cultural. As mem\u00f3rias compartilhadas de eventos hist\u00f3ricos, fen\u00f4menos sociais ou refer\u00eancias culturais comuns criam la\u00e7os invis\u00edveis entre os indiv\u00edduos de uma mesma \u00e9poca. Esta mem\u00f3ria coletiva contribui para nossa identidade social e nossa compreens\u00e3o do mundo.<\/p>\n\n            <p>As gera\u00e7\u00f5es se definem em parte por suas refer\u00eancias culturais comuns: m\u00fasicas, filmes, eventos pol\u00edticos, inova\u00e7\u00f5es tecnol\u00f3gicas. Esses marcos temporais coletivos facilitam a comunica\u00e7\u00e3o intrageracional e criam c\u00f3digos compartilhados. A reminisc\u00eancia coletiva, portanto, refor\u00e7a a perten\u00e7a grupal e a identidade geracional.<\/p>\n\n            <p>A transmiss\u00e3o dessa mem\u00f3ria coletiva constitui um desafio social importante. Os relatos pessoais entrela\u00e7am-se com a Hist\u00f3ria oficial para criar uma mem\u00f3ria viva, humana e emocional. Esta dimens\u00e3o testemunhal da reminisc\u00eancia participa da preserva\u00e7\u00e3o do patrim\u00f4nio cultural imaterial.<\/p>\n\n            <div class=\"key-points\">\n                <h4>Papel da mem\u00f3ria coletiva:<\/h4>\n                <ul>\n                    <li>Cria\u00e7\u00e3o de uma identidade geracional compartilhada<\/li>\n                    <li>Transmiss\u00e3o do patrim\u00f4nio cultural imaterial<\/li>\n                    <li>Refor\u00e7o dos la\u00e7os sociais intrageracionais<\/li>\n                    <li>Humaniza\u00e7\u00e3o da Hist\u00f3ria oficial<\/li>\n                    <li>Preserva\u00e7\u00e3o das tradi\u00e7\u00f5es e valores<\/li>\n                <\/ul>\n            <\/div>\n\n            <h2>Impacto da tecnologia em nossas pr\u00e1ticas de reminisc\u00eancia<\/h2>\n            <p>A era digital transforma radicalmente nossas rela\u00e7\u00f5es com a mem\u00f3ria e a reminisc\u00eancia. A digitaliza\u00e7\u00e3o maci\u00e7a de nossas mem\u00f3rias via smartphones e redes sociais cria arquivos pessoais de uma riqueza sem precedentes, mas tamb\u00e9m levanta quest\u00f5es sobre a qualidade e a profundidade de nossas mem\u00f3rias. A multiplica\u00e7\u00e3o das marcas digitais facilita o acesso \u00e0s mem\u00f3rias, mas pode paradoxalmente reduzir sua intensidade emocional.<\/p>\n\n            <p>As plataformas sociais oferecem funcionalidades de \"mem\u00f3rias autom\u00e1ticas\" que nos lembram de nossas publica\u00e7\u00f5es passadas. Se essas ferramentas podem desencadear momentos de reminisc\u00eancia, elas permanecem superficiais em compara\u00e7\u00e3o com a riqueza das mem\u00f3rias evocadas naturalmente. A curadoria algor\u00edtmica de nossas mem\u00f3rias influencia sutilmente nossa percep\u00e7\u00e3o de nossa pr\u00f3pria hist\u00f3ria.<\/p>\n\n            <p>As inova\u00e7\u00f5es em realidade virtual e aumentada abrem novas perspectivas para a reminisc\u00eancia terap\u00eautica. A reconstru\u00e7\u00e3o de ambientes hist\u00f3ricos ou pessoais em 3D poderia revolucionar as abordagens de estimula\u00e7\u00e3o da mem\u00f3ria, particularmente ben\u00e9ficas para as pessoas que sofrem de dist\u00farbios cognitivos.<\/p>\n\n            <div class=\"expert-box\">\n                <div class=\"expert-box-label\">Inova\u00e7\u00e3o DYNSEO<\/div>\n                <div class=\"expert-box-title\">O futuro da reminisc\u00eancia tecnol\u00f3gica<\/div>\n<div class=\"expert-inner\">\n                    <p>Nossas equipes de pesquisa desenvolvem interfaces de realidade virtual que permitem reconstruir os ambientes pessoais dos usu\u00e1rios. Essa tecnologia imersiva multiplica o impacto emocional da reminisc\u00eancia.<\/p>\n                    <div class=\"expert-inner-title\">Projetos em desenvolvimento:<\/div>\n                    <p>A integra\u00e7\u00e3o de intelig\u00eancia artificial em <a href=\"https:\/\/www.dynseo.com\/pt-pt\/coco-pensa-e-coco-se-mexe\/\" target=\"_blank\">COCO PENSA<\/a> permitir\u00e1 criar trajet\u00f3rias de reminisc\u00eancia personalizadas e adaptativas, otimizando a experi\u00eancia do usu\u00e1rio.<\/p>\n                <\/div>\n            <\/div>\n\n            <h2>Terapias pela reminisc\u00eancia: aplica\u00e7\u00f5es cl\u00ednicas<\/h2>\n            <p>A reminisc\u00eancia terap\u00eautica ocupa um lugar crescente nos atendimentos gerontol\u00f3gicos e psiqui\u00e1tricos. Essa abordagem n\u00e3o medicamentosa se mostra particularmente eficaz para as pessoas idosas com dem\u00eancia ou depress\u00e3o, oferecendo um acesso privilegiado a seus recursos preservados. As sess\u00f5es estruturadas de reminisc\u00eancia melhoram significativamente o humor, a autoestima e as intera\u00e7\u00f5es sociais.<\/p>\n\n            <p>Os protocolos cl\u00ednicos de reminisc\u00eancia se adaptam \u00e0s especificidades de cada patologia. Para os doentes de Alzheimer, o foco \u00e9 nas mem\u00f3rias antigas geralmente melhor preservadas. Os suportes sensoriais (objetos, m\u00fasicas, perfumes) facilitam a evoca\u00e7\u00e3o e mant\u00eam o engajamento dos participantes mesmo em casos de dist\u00farbios severos da linguagem.<\/p>\n\n            <p>A avalia\u00e7\u00e3o da efic\u00e1cia terap\u00eautica da reminisc\u00eancia se baseia em escalas validadas que medem o humor, a ansiedade, a agita\u00e7\u00e3o e a qualidade de vida. Os resultados mostram melhorias duradouras, particularmente acentuadas quando as sess\u00f5es integram elementos personalizados e suportes tecnol\u00f3gicos adequados.<\/p>\n\n            <div class=\"tip-box\">\n                <div class=\"tip-box-label\">Conselho para cuidadores<\/div>\n                <p>Se voc\u00ea acompanha uma pessoa idosa, incentive a reminisc\u00eancia fazendo perguntas abertas sobre seu passado: \"Como era seu bairro de inf\u00e2ncia?\", \"Qual era sua m\u00fasica favorita aos 20 anos?\". A escuta atenta amplifica os benef\u00edcios terap\u00eauticos.<\/p>\n            <\/div>\n\n            <h2>Otimiza\u00e7\u00e3o cognitiva pela reminisc\u00eancia ativa<\/h2>\n            <p>A reminisc\u00eancia n\u00e3o se limita a proporcionar prazer: ela constitui um verdadeiro exerc\u00edcio cognitivo mobilizando simultaneamente v\u00e1rias fun\u00e7\u00f5es cerebrais. A busca ativa por mem\u00f3rias estimula a mem\u00f3ria de trabalho, a aten\u00e7\u00e3o seletiva e as fun\u00e7\u00f5es executivas. Essa estimula\u00e7\u00e3o natural contribui para a manuten\u00e7\u00e3o das performances cognitivas ao longo do envelhecimento.<\/p>\n\n            <p>O esfor\u00e7o de estrutura\u00e7\u00e3o narrativa das mem\u00f3rias ativa as regi\u00f5es da linguagem e da organiza\u00e7\u00e3o temporal. Contar uma mem\u00f3ria implica selecionar os elementos relevantes, organiz\u00e1-los cronologicamente e adapt\u00e1-los ao p\u00fablico. Esses processos complexos mant\u00eam ativas as conex\u00f5es neuronais e favorecem a neuroplasticidade.<\/p>\n\n            <p>A reminisc\u00eancia dirigida, praticada regularmente, pode retardar o decl\u00ednio cognitivo normal relacionado \u00e0 idade. Os programas de treinamento que integram a reminisc\u00eancia mostram resultados promissores na manuten\u00e7\u00e3o das capacidades mn\u00e9sicas e atencionais. Essa abordagem preventiva complementa favoravelmente os exerc\u00edcios cognitivos tradicionais.<\/p>\n<div class=\"conseil-card\">\n                <h4>Treinamento cognitivo DYNSEO<\/h4>\n                <p>Nossos programas <a href=\"https:\/\/www.dynseo.com\/pt-pt\/coco-pensa-e-coco-se-mexe\/\" target=\"_blank\">COCO PENSA e COCO SE MEXE<\/a> integram a reminisc\u00eancia em um treinamento cognitivo global. Essa abordagem hol\u00edstica otimiza os benef\u00edcios sobre a mem\u00f3ria, a aten\u00e7\u00e3o e as fun\u00e7\u00f5es executivas.<\/p>\n            <\/div>\n\n            <h2>Preven\u00e7\u00e3o e resili\u00eancia pela valoriza\u00e7\u00e3o memorial<\/h2>\n            <p>A pr\u00e1tica regular da reminisc\u00eancia positiva desenvolve nossa resili\u00eancia psicol\u00f3gica ao constituir um reservat\u00f3rio de recursos mentais acess\u00edvel em caso de dificuldades. As mem\u00f3rias de sucessos passados, de momentos de felicidade e de rela\u00e7\u00f5es de apoio formam um \"capital emocional\" mobiliz\u00e1vel durante as provas. Essa abordagem preventiva refor\u00e7a nossa capacidade de adapta\u00e7\u00e3o diante do estresse e das mudan\u00e7as.<\/p>\n\n            <p>A constru\u00e7\u00e3o de uma narrativa de vida coerente e positiva atrav\u00e9s da reminisc\u00eancia participa da aceita\u00e7\u00e3o de si mesmo e do desenvolvimento da sabedoria. Ao integrar nossas experi\u00eancias passadas em uma perspectiva global, damos sentido ao nosso percurso e refor\u00e7amos nosso sentimento de identidade. Essa coer\u00eancia narrativa protege contra os dist\u00farbios ansiosos e depressivos.<\/p>\n\n            <p>A dimens\u00e3o prospectiva da reminisc\u00eancia tamb\u00e9m permite acessar nossas experi\u00eancias passadas para imaginar o futuro com confian\u00e7a. As mem\u00f3rias de supera\u00e7\u00e3o de dificuldades anteriores alimentam nosso otimismo e nosso sentimento de efic\u00e1cia pessoal. Essa proje\u00e7\u00e3o positiva facilita o engajamento em novos projetos e mant\u00e9m a motiva\u00e7\u00e3o de vida.<\/p>\n\n            <div class=\"key-points\">\n                <h4>Benef\u00edcios preventivos da reminisc\u00eancia:<\/h4>\n                <ul>\n                    <li>Constitui\u00e7\u00e3o de um capital emocional mobiliz\u00e1vel<\/li>\n                    <li>Refor\u00e7o da resili\u00eancia psicol\u00f3gica<\/li>\n                    <li>Desenvolvimento de uma narrativa de vida coerente<\/li>\n                    <li>Prote\u00e7\u00e3o contra a ansiedade e a depress\u00e3o<\/li>\n                    <li>Manuten\u00e7\u00e3o do otimismo e da motiva\u00e7\u00e3o<\/li>\n                <\/ul>\n            <\/div>\n\n            <div class=\"faq-list\">\n                <h2>Perguntas frequentes sobre a reminisc\u00eancia<\/h2>\n                \n                <div class=\"faq-item\">\n                    <div class=\"faq-q\">\n                        <span>Por que algumas mem\u00f3rias s\u00e3o mais emocionantes do que outras?<\/span>\n                        <span class=\"faq-icon\">+<\/span>\n                    <\/div>\n                    <div class=\"faq-a\">\n                        <p>A intensidade emocional de uma mem\u00f3ria depende de v\u00e1rios fatores: o estado emocional durante a codifica\u00e7\u00e3o inicial, o significado pessoal do evento e a frequ\u00eancia de lembran\u00e7a. As mem\u00f3rias associadas a emo\u00e7\u00f5es fortes (alegria, surpresa, primeira vez) marcam mais os circuitos neuronais e permanecem mais acess\u00edveis e emocionantes durante a reminisc\u00eancia.<\/p>\n                    <\/div>\n                <\/div>\n\n                <div class=\"faq-item\">\n                    <div class=\"faq-q\">\n                        <span>A reminisc\u00eancia pode ajudar em caso de depress\u00e3o?<\/span>\n                        <span class=\"faq-icon\">+<\/span>\n                    <\/div>\n                    <div class=\"faq-a\">\n                        <p>Sim, a reminisc\u00eancia positiva \u00e9 uma ferramenta terap\u00eautica reconhecida contra a depress\u00e3o. Ela permite contrabalan\u00e7ar as rumina\u00e7\u00f5es negativas ao reativar mem\u00f3rias de sucesso e felicidade. No entanto, deve ser praticada em um ambiente acolhedor e pode necessitar de acompanhamento profissional para evitar a focaliza\u00e7\u00e3o em mem\u00f3rias dolorosas.<\/p>\n                    <\/div>\n                <\/div>\n\n                <div class=\"faq-item\">\n<div class=\"faq-q\">\n                        <span>Como distinguir uma verdadeira mem\u00f3ria de uma falsa mem\u00f3ria?<\/span>\n                        <span class=\"faq-icon\">+<\/span>\n                    <\/div>\n                    <div class=\"faq-a\">\n                        <p>A mem\u00f3ria \u00e9 reconstructiva e pode criar \"falsas mem\u00f3rias\" coerentes, mas imprecisas. As verdadeiras mem\u00f3rias tendem a incluir detalhes sensoriais precisos, emo\u00e7\u00f5es coerentes e elementos verific\u00e1veis. No entanto, o importante na reminisc\u00eancia terap\u00eautica n\u00e3o \u00e9 tanto a exatid\u00e3o factual, mas o valor emocional e identit\u00e1rio da mem\u00f3ria.<\/p>\n                    <\/div>\n                <\/div>\n\n                <div class=\"faq-item\">\n                    <div class=\"faq-q\">\n                        <span>A partir de que idade pode-se praticar a reminisc\u00eancia?<\/span>\n                        <span class=\"faq-icon\">+<\/span>\n                    <\/div>\n                    <div class=\"faq-a\">\n                        <p>A reminisc\u00eancia pode ser ben\u00e9fica em qualquer idade, assim que a mem\u00f3ria autobiogr\u00e1fica se desenvolve (por volta dos 3-4 anos). Nas crian\u00e7as, ela refor\u00e7a a identidade e a autoconfian\u00e7a. Nos adultos, mant\u00e9m os la\u00e7os com a hist\u00f3ria pessoal. Nos idosos, torna-se uma ferramenta privilegiada de bem-estar e estimula\u00e7\u00e3o cognitiva.<\/p>\n                    <\/div>\n                <\/div>\n\n                <div class=\"faq-item\">\n                    <div class=\"faq-q\">\n                        <span>Aplicativos como E-Souvenirs substituem a reminisc\u00eancia natural?<\/span>\n                        <span class=\"faq-icon\">+<\/span>\n                    <\/div>\n                    <div class=\"faq-a\">\n                        <p>Ferramentas tecnol\u00f3gicas como E-Souvenirs complementam e enriquecem a reminisc\u00eancia natural sem substitu\u00ed-la. Elas oferecem suportes estimulantes e facilitam o acesso \u00e0s mem\u00f3rias, particularmente \u00fateis para pessoas com dificuldades de memoriza\u00e7\u00e3o. O ideal \u00e9 combinar ferramentas tecnol\u00f3gicas e compartilhamento humano para maximizar os benef\u00edcios.<\/p>\n                    <\/div>\n                <\/div>\n            <\/div>\n\n            <div class=\"cta-box\">\n                <h3>Enrique\u00e7a seu cotidiano com a reminisc\u00eancia<\/h3>\n                <p>Descubra nossas ferramentas especializadas para estimular suas mem\u00f3rias e manter seu bem-estar cognitivo. COCO PENSA e E-Souvenirs o acompanham nessa jornada enriquecedora.<\/p>\n                <div class=\"cta-buttons\">\n                    <a href=\"https:\/\/www.dynseo.com\/pt-pt\/coco-pensa-e-coco-se-mexe\/\" class=\"btn-white\" target=\"_blank\">Experimente gratuitamente<\/a>\n                    <a href=\"https:\/\/www.dynseo.com\/pt-pt\/coco-pensa-e-coco-se-mexe\/\" class=\"btn-outline\" target=\"_blank\">Saiba mais<\/a>\n                <\/div>\n            <\/div>\n\n            <div class=\"article-tags\">\n                <h4>Tags associados:<\/h4>\n                <a href=\"#\" class=\"article-tag\">reminisc\u00eancia<\/a>\n                <a href=\"#\" class=\"article-tag\">mem\u00f3ria autobiogr\u00e1fica<\/a>\n                <a href=\"#\" class=\"article-tag\">bem-estar psicol\u00f3gico<\/a>\n                <a href=\"#\" class=\"article-tag\">neuroci\u00eancias<\/a>\n                <a href=\"#\" class=\"article-tag\">estimula\u00e7\u00e3o cognitiva<\/a>\n                <a href=\"#\" class=\"article-tag\">psicologia positiva<\/a>\n                <a href=\"#\" class=\"article-tag\">terapia n\u00e3o medicamentosa<\/a>\n                <a href=\"#\" class=\"article-tag\">v\u00ednculo intergeracional<\/a>\n                <a href=\"#\" class=\"article-tag\">tecnologias para idosos<\/a>\n                <a href=\"#\" class=\"article-tag\">preven\u00e7\u00e3o cognitiva<\/a>\n            <\/div>\n        <\/div>\n    <\/div>[\/et_pb_code][\/et_pb_column][\/et_pb_row][\/et_pb_section]","_et_gb_content_width":"","footnotes":""},"categories":[2915],"tags":[],"class_list":["post-573852","post","type-post","status-publish","format-standard","has-post-thumbnail","hentry","category-les-conseils-des-coachs"],"yoast_head":"<!-- This site is optimized with the Yoast SEO plugin v27.4 - https:\/\/yoast.com\/product\/yoast-seo-wordpress\/ -->\n<title>Por que a reminisc\u00eancia nos d\u00e1 tanto prazer? - DYNSEO - Aplica\u00e7\u00f5es educativas e jogos de mem\u00f3ria<\/title>\n<meta name=\"robots\" content=\"index, follow, max-snippet:-1, max-image-preview:large, max-video-preview:-1\" \/>\n<link rel=\"canonical\" href=\"https:\/\/www.dynseo.com\/pt-pt\/por-que-a-reminiscencia-nos-da-tanto-prazer\/\" \/>\n<meta property=\"og:locale\" content=\"pt_PT\" \/>\n<meta property=\"og:type\" content=\"article\" \/>\n<meta property=\"og:title\" content=\"Por que a reminisc\u00eancia nos d\u00e1 tanto prazer? - DYNSEO - Aplica\u00e7\u00f5es educativas e jogos de mem\u00f3ria\" \/>\n<meta property=\"og:url\" content=\"https:\/\/www.dynseo.com\/pt-pt\/por-que-a-reminiscencia-nos-da-tanto-prazer\/\" \/>\n<meta property=\"og:site_name\" content=\"DYNSEO - Aplica\u00e7\u00f5es educativas e jogos de mem\u00f3ria\" \/>\n<meta property=\"article:published_time\" content=\"2026-04-30T21:54:34+00:00\" \/>\n<meta property=\"article:modified_time\" content=\"2026-04-30T21:58:19+00:00\" \/>\n<meta property=\"og:image\" content=\"https:\/\/www.dynseo.com\/wp-content\/uploads\/2023\/03\/seniors-with-dementia-alzheimer-association.png\" \/>\n\t<meta property=\"og:image:width\" content=\"500\" \/>\n\t<meta property=\"og:image:height\" content=\"500\" \/>\n\t<meta property=\"og:image:type\" content=\"image\/png\" \/>\n<meta name=\"author\" content=\"DYNSEO\" \/>\n<meta name=\"twitter:label1\" content=\"Escrito por\" \/>\n\t<meta name=\"twitter:data1\" content=\"DYNSEO\" \/>\n\t<meta name=\"twitter:label2\" content=\"Tempo estimado de leitura\" \/>\n\t<meta name=\"twitter:data2\" content=\"17 minutos\" \/>\n<script type=\"application\/ld+json\" class=\"yoast-schema-graph\">{\"@context\":\"https:\\\/\\\/schema.org\",\"@graph\":[{\"@type\":\"Article\",\"@id\":\"https:\\\/\\\/www.dynseo.com\\\/pt-pt\\\/por-que-a-reminiscencia-nos-da-tanto-prazer\\\/#article\",\"isPartOf\":{\"@id\":\"https:\\\/\\\/www.dynseo.com\\\/pt-pt\\\/por-que-a-reminiscencia-nos-da-tanto-prazer\\\/\"},\"author\":{\"name\":\"DYNSEO\",\"@id\":\"https:\\\/\\\/www.dynseo.com\\\/pt-pt\\\/#\\\/schema\\\/person\\\/78ef63df2ee64e0989bc68f8401b38d6\"},\"headline\":\"Por que a reminisc\u00eancia nos d\u00e1 tanto prazer?\",\"datePublished\":\"2026-04-30T21:54:34+00:00\",\"dateModified\":\"2026-04-30T21:58:19+00:00\",\"mainEntityOfPage\":{\"@id\":\"https:\\\/\\\/www.dynseo.com\\\/pt-pt\\\/por-que-a-reminiscencia-nos-da-tanto-prazer\\\/\"},\"wordCount\":3464,\"publisher\":{\"@id\":\"https:\\\/\\\/www.dynseo.com\\\/pt-pt\\\/#organization\"},\"image\":{\"@id\":\"https:\\\/\\\/www.dynseo.com\\\/pt-pt\\\/por-que-a-reminiscencia-nos-da-tanto-prazer\\\/#primaryimage\"},\"thumbnailUrl\":\"https:\\\/\\\/www.dynseo.com\\\/wp-content\\\/uploads\\\/2023\\\/03\\\/seniors-with-dementia-alzheimer-association.png\",\"articleSection\":[\"Les conseils des coachs\"],\"inLanguage\":\"pt-PT\"},{\"@type\":\"WebPage\",\"@id\":\"https:\\\/\\\/www.dynseo.com\\\/pt-pt\\\/por-que-a-reminiscencia-nos-da-tanto-prazer\\\/\",\"url\":\"https:\\\/\\\/www.dynseo.com\\\/pt-pt\\\/por-que-a-reminiscencia-nos-da-tanto-prazer\\\/\",\"name\":\"Por que a reminisc\u00eancia nos d\u00e1 tanto prazer? - DYNSEO - Aplica\u00e7\u00f5es educativas e jogos de mem\u00f3ria\",\"isPartOf\":{\"@id\":\"https:\\\/\\\/www.dynseo.com\\\/pt-pt\\\/#website\"},\"primaryImageOfPage\":{\"@id\":\"https:\\\/\\\/www.dynseo.com\\\/pt-pt\\\/por-que-a-reminiscencia-nos-da-tanto-prazer\\\/#primaryimage\"},\"image\":{\"@id\":\"https:\\\/\\\/www.dynseo.com\\\/pt-pt\\\/por-que-a-reminiscencia-nos-da-tanto-prazer\\\/#primaryimage\"},\"thumbnailUrl\":\"https:\\\/\\\/www.dynseo.com\\\/wp-content\\\/uploads\\\/2023\\\/03\\\/seniors-with-dementia-alzheimer-association.png\",\"datePublished\":\"2026-04-30T21:54:34+00:00\",\"dateModified\":\"2026-04-30T21:58:19+00:00\",\"breadcrumb\":{\"@id\":\"https:\\\/\\\/www.dynseo.com\\\/pt-pt\\\/por-que-a-reminiscencia-nos-da-tanto-prazer\\\/#breadcrumb\"},\"inLanguage\":\"pt-PT\",\"potentialAction\":[{\"@type\":\"ReadAction\",\"target\":[\"https:\\\/\\\/www.dynseo.com\\\/pt-pt\\\/por-que-a-reminiscencia-nos-da-tanto-prazer\\\/\"]}]},{\"@type\":\"ImageObject\",\"inLanguage\":\"pt-PT\",\"@id\":\"https:\\\/\\\/www.dynseo.com\\\/pt-pt\\\/por-que-a-reminiscencia-nos-da-tanto-prazer\\\/#primaryimage\",\"url\":\"https:\\\/\\\/www.dynseo.com\\\/wp-content\\\/uploads\\\/2023\\\/03\\\/seniors-with-dementia-alzheimer-association.png\",\"contentUrl\":\"https:\\\/\\\/www.dynseo.com\\\/wp-content\\\/uploads\\\/2023\\\/03\\\/seniors-with-dementia-alzheimer-association.png\",\"width\":500,\"height\":500,\"caption\":\"Estimule a mente e a divers\u00e3o com jogos TDAH\"},{\"@type\":\"BreadcrumbList\",\"@id\":\"https:\\\/\\\/www.dynseo.com\\\/pt-pt\\\/por-que-a-reminiscencia-nos-da-tanto-prazer\\\/#breadcrumb\",\"itemListElement\":[{\"@type\":\"ListItem\",\"position\":1,\"name\":\"Accueil\",\"item\":\"https:\\\/\\\/www.dynseo.com\\\/pt-pt\\\/\"},{\"@type\":\"ListItem\",\"position\":2,\"name\":\"Por que a reminisc\u00eancia nos d\u00e1 tanto prazer?\"}]},{\"@type\":\"WebSite\",\"@id\":\"https:\\\/\\\/www.dynseo.com\\\/pt-pt\\\/#website\",\"url\":\"https:\\\/\\\/www.dynseo.com\\\/pt-pt\\\/\",\"name\":\"Jeux de m\u00e9moire et stimulation cognitive\",\"description\":\"Entra\u00eenez votre m\u00e9moire et votre cerveau avec DYNSEO\",\"publisher\":{\"@id\":\"https:\\\/\\\/www.dynseo.com\\\/pt-pt\\\/#organization\"},\"potentialAction\":[{\"@type\":\"SearchAction\",\"target\":{\"@type\":\"EntryPoint\",\"urlTemplate\":\"https:\\\/\\\/www.dynseo.com\\\/pt-pt\\\/?s={search_term_string}\"},\"query-input\":{\"@type\":\"PropertyValueSpecification\",\"valueRequired\":true,\"valueName\":\"search_term_string\"}}],\"inLanguage\":\"pt-PT\"},{\"@type\":\"Organization\",\"@id\":\"https:\\\/\\\/www.dynseo.com\\\/pt-pt\\\/#organization\",\"name\":\"DYNSEO\",\"url\":\"https:\\\/\\\/www.dynseo.com\\\/pt-pt\\\/\",\"logo\":{\"@type\":\"ImageObject\",\"inLanguage\":\"pt-PT\",\"@id\":\"https:\\\/\\\/www.dynseo.com\\\/pt-pt\\\/#\\\/schema\\\/logo\\\/image\\\/\",\"url\":\"https:\\\/\\\/www.dynseo.com\\\/wp-content\\\/uploads\\\/2022\\\/05\\\/logo-dynseo-new.png\",\"contentUrl\":\"https:\\\/\\\/www.dynseo.com\\\/wp-content\\\/uploads\\\/2022\\\/05\\\/logo-dynseo-new.png\",\"width\":5073,\"height\":1397,\"caption\":\"DYNSEO\"},\"image\":{\"@id\":\"https:\\\/\\\/www.dynseo.com\\\/pt-pt\\\/#\\\/schema\\\/logo\\\/image\\\/\"}},{\"@type\":\"Person\",\"@id\":\"https:\\\/\\\/www.dynseo.com\\\/pt-pt\\\/#\\\/schema\\\/person\\\/78ef63df2ee64e0989bc68f8401b38d6\",\"name\":\"DYNSEO\",\"url\":\"https:\\\/\\\/www.dynseo.com\\\/pt-pt\\\/author\\\/justine\\\/\"}]}<\/script>\n<!-- \/ Yoast SEO plugin. -->","yoast_head_json":{"title":"Por que a reminisc\u00eancia nos d\u00e1 tanto prazer? - DYNSEO - Aplica\u00e7\u00f5es educativas e jogos de mem\u00f3ria","robots":{"index":"index","follow":"follow","max-snippet":"max-snippet:-1","max-image-preview":"max-image-preview:large","max-video-preview":"max-video-preview:-1"},"canonical":"https:\/\/www.dynseo.com\/pt-pt\/por-que-a-reminiscencia-nos-da-tanto-prazer\/","og_locale":"pt_PT","og_type":"article","og_title":"Por que a reminisc\u00eancia nos d\u00e1 tanto prazer? - DYNSEO - Aplica\u00e7\u00f5es educativas e jogos de mem\u00f3ria","og_url":"https:\/\/www.dynseo.com\/pt-pt\/por-que-a-reminiscencia-nos-da-tanto-prazer\/","og_site_name":"DYNSEO - Aplica\u00e7\u00f5es educativas e jogos de mem\u00f3ria","article_published_time":"2026-04-30T21:54:34+00:00","article_modified_time":"2026-04-30T21:58:19+00:00","og_image":[{"width":500,"height":500,"url":"https:\/\/www.dynseo.com\/wp-content\/uploads\/2023\/03\/seniors-with-dementia-alzheimer-association.png","type":"image\/png"}],"author":"DYNSEO","twitter_misc":{"Escrito por":"DYNSEO","Tempo estimado de leitura":"17 minutos"},"schema":{"@context":"https:\/\/schema.org","@graph":[{"@type":"Article","@id":"https:\/\/www.dynseo.com\/pt-pt\/por-que-a-reminiscencia-nos-da-tanto-prazer\/#article","isPartOf":{"@id":"https:\/\/www.dynseo.com\/pt-pt\/por-que-a-reminiscencia-nos-da-tanto-prazer\/"},"author":{"name":"DYNSEO","@id":"https:\/\/www.dynseo.com\/pt-pt\/#\/schema\/person\/78ef63df2ee64e0989bc68f8401b38d6"},"headline":"Por que a reminisc\u00eancia nos d\u00e1 tanto prazer?","datePublished":"2026-04-30T21:54:34+00:00","dateModified":"2026-04-30T21:58:19+00:00","mainEntityOfPage":{"@id":"https:\/\/www.dynseo.com\/pt-pt\/por-que-a-reminiscencia-nos-da-tanto-prazer\/"},"wordCount":3464,"publisher":{"@id":"https:\/\/www.dynseo.com\/pt-pt\/#organization"},"image":{"@id":"https:\/\/www.dynseo.com\/pt-pt\/por-que-a-reminiscencia-nos-da-tanto-prazer\/#primaryimage"},"thumbnailUrl":"https:\/\/www.dynseo.com\/wp-content\/uploads\/2023\/03\/seniors-with-dementia-alzheimer-association.png","articleSection":["Les conseils des coachs"],"inLanguage":"pt-PT"},{"@type":"WebPage","@id":"https:\/\/www.dynseo.com\/pt-pt\/por-que-a-reminiscencia-nos-da-tanto-prazer\/","url":"https:\/\/www.dynseo.com\/pt-pt\/por-que-a-reminiscencia-nos-da-tanto-prazer\/","name":"Por que a reminisc\u00eancia nos d\u00e1 tanto prazer? - DYNSEO - Aplica\u00e7\u00f5es educativas e jogos de mem\u00f3ria","isPartOf":{"@id":"https:\/\/www.dynseo.com\/pt-pt\/#website"},"primaryImageOfPage":{"@id":"https:\/\/www.dynseo.com\/pt-pt\/por-que-a-reminiscencia-nos-da-tanto-prazer\/#primaryimage"},"image":{"@id":"https:\/\/www.dynseo.com\/pt-pt\/por-que-a-reminiscencia-nos-da-tanto-prazer\/#primaryimage"},"thumbnailUrl":"https:\/\/www.dynseo.com\/wp-content\/uploads\/2023\/03\/seniors-with-dementia-alzheimer-association.png","datePublished":"2026-04-30T21:54:34+00:00","dateModified":"2026-04-30T21:58:19+00:00","breadcrumb":{"@id":"https:\/\/www.dynseo.com\/pt-pt\/por-que-a-reminiscencia-nos-da-tanto-prazer\/#breadcrumb"},"inLanguage":"pt-PT","potentialAction":[{"@type":"ReadAction","target":["https:\/\/www.dynseo.com\/pt-pt\/por-que-a-reminiscencia-nos-da-tanto-prazer\/"]}]},{"@type":"ImageObject","inLanguage":"pt-PT","@id":"https:\/\/www.dynseo.com\/pt-pt\/por-que-a-reminiscencia-nos-da-tanto-prazer\/#primaryimage","url":"https:\/\/www.dynseo.com\/wp-content\/uploads\/2023\/03\/seniors-with-dementia-alzheimer-association.png","contentUrl":"https:\/\/www.dynseo.com\/wp-content\/uploads\/2023\/03\/seniors-with-dementia-alzheimer-association.png","width":500,"height":500,"caption":"Estimule a mente e a divers\u00e3o com jogos TDAH"},{"@type":"BreadcrumbList","@id":"https:\/\/www.dynseo.com\/pt-pt\/por-que-a-reminiscencia-nos-da-tanto-prazer\/#breadcrumb","itemListElement":[{"@type":"ListItem","position":1,"name":"Accueil","item":"https:\/\/www.dynseo.com\/pt-pt\/"},{"@type":"ListItem","position":2,"name":"Por que a reminisc\u00eancia nos d\u00e1 tanto prazer?"}]},{"@type":"WebSite","@id":"https:\/\/www.dynseo.com\/pt-pt\/#website","url":"https:\/\/www.dynseo.com\/pt-pt\/","name":"Jeux de m\u00e9moire et stimulation cognitive","description":"Entra\u00eenez votre m\u00e9moire et votre cerveau avec DYNSEO","publisher":{"@id":"https:\/\/www.dynseo.com\/pt-pt\/#organization"},"potentialAction":[{"@type":"SearchAction","target":{"@type":"EntryPoint","urlTemplate":"https:\/\/www.dynseo.com\/pt-pt\/?s={search_term_string}"},"query-input":{"@type":"PropertyValueSpecification","valueRequired":true,"valueName":"search_term_string"}}],"inLanguage":"pt-PT"},{"@type":"Organization","@id":"https:\/\/www.dynseo.com\/pt-pt\/#organization","name":"DYNSEO","url":"https:\/\/www.dynseo.com\/pt-pt\/","logo":{"@type":"ImageObject","inLanguage":"pt-PT","@id":"https:\/\/www.dynseo.com\/pt-pt\/#\/schema\/logo\/image\/","url":"https:\/\/www.dynseo.com\/wp-content\/uploads\/2022\/05\/logo-dynseo-new.png","contentUrl":"https:\/\/www.dynseo.com\/wp-content\/uploads\/2022\/05\/logo-dynseo-new.png","width":5073,"height":1397,"caption":"DYNSEO"},"image":{"@id":"https:\/\/www.dynseo.com\/pt-pt\/#\/schema\/logo\/image\/"}},{"@type":"Person","@id":"https:\/\/www.dynseo.com\/pt-pt\/#\/schema\/person\/78ef63df2ee64e0989bc68f8401b38d6","name":"DYNSEO","url":"https:\/\/www.dynseo.com\/pt-pt\/author\/justine\/"}]}},"_links":{"self":[{"href":"https:\/\/www.dynseo.com\/pt-pt\/wp-json\/wp\/v2\/posts\/573852","targetHints":{"allow":["GET"]}}],"collection":[{"href":"https:\/\/www.dynseo.com\/pt-pt\/wp-json\/wp\/v2\/posts"}],"about":[{"href":"https:\/\/www.dynseo.com\/pt-pt\/wp-json\/wp\/v2\/types\/post"}],"author":[{"embeddable":true,"href":"https:\/\/www.dynseo.com\/pt-pt\/wp-json\/wp\/v2\/users\/4"}],"replies":[{"embeddable":true,"href":"https:\/\/www.dynseo.com\/pt-pt\/wp-json\/wp\/v2\/comments?post=573852"}],"version-history":[{"count":11,"href":"https:\/\/www.dynseo.com\/pt-pt\/wp-json\/wp\/v2\/posts\/573852\/revisions"}],"predecessor-version":[{"id":573864,"href":"https:\/\/www.dynseo.com\/pt-pt\/wp-json\/wp\/v2\/posts\/573852\/revisions\/573864"}],"wp:featuredmedia":[{"embeddable":true,"href":"https:\/\/www.dynseo.com\/pt-pt\/wp-json\/wp\/v2\/media\/100524"}],"wp:attachment":[{"href":"https:\/\/www.dynseo.com\/pt-pt\/wp-json\/wp\/v2\/media?parent=573852"}],"wp:term":[{"taxonomy":"category","embeddable":true,"href":"https:\/\/www.dynseo.com\/pt-pt\/wp-json\/wp\/v2\/categories?post=573852"},{"taxonomy":"post_tag","embeddable":true,"href":"https:\/\/www.dynseo.com\/pt-pt\/wp-json\/wp\/v2\/tags?post=573852"}],"curies":[{"name":"wp","href":"https:\/\/api.w.org\/{rel}","templated":true}]}}