{"id":574947,"date":"2026-05-01T05:53:46","date_gmt":"2026-05-01T03:53:46","guid":{"rendered":"https:\/\/www.dynseo.com\/comment-les-troubles-anxieux-affectent-la-cognition-2\/"},"modified":"2026-05-01T05:59:43","modified_gmt":"2026-05-01T03:59:43","slug":"como-os-transtornos-de-ansiedade-afetam-a-cognicao","status":"publish","type":"post","link":"https:\/\/www.dynseo.com\/pt-pt\/como-os-transtornos-de-ansiedade-afetam-a-cognicao\/","title":{"rendered":"Como os transtornos de ansiedade afetam a cogni\u00e7\u00e3o"},"content":{"rendered":"<p>[et_pb_section fb_built=&#8221;1&#8243; _builder_version=&#8221;4.16&#8243; custom_padding=&#8221;0px|0px|0px|0px|false|false&#8221; margin_top=&#8221;0px&#8221; margin_bottom=&#8221;0px&#8221; global_colors_info=&#8221;{}&#8221;][et_pb_row _builder_version=&#8221;4.16&#8243; custom_padding=&#8221;0px|0px|0px|0px|false|false&#8221; margin_top=&#8221;0px&#8221; margin_bottom=&#8221;0px&#8221; column_structure=&#8221;4_4&#8243; global_colors_info=&#8221;{}&#8221;][et_pb_column type=&#8221;4_4&#8243; _builder_version=&#8221;4.16&#8243; custom_padding=&#8221;0px|0px|0px|0px|false|false&#8221; global_colors_info=&#8221;{}&#8221;][et_pb_code _builder_version=&#8221;4.16&#8243; custom_padding=&#8221;0px|0px|0px|0px|false|false&#8221; global_colors_info=&#8221;{}&#8221;]<!DOCTYPE html><br \/>\n<html lang=\"fr\"><br \/>\n<head><br \/>\n    <meta charset=\"UTF-8\"><br \/>\n    <meta name=\"viewport\" content=\"width=device-width, initial-scale=1.0\"><br \/>\n    <title>Comment les troubles anxieux affectent la cognition | DYNSEO<\/title><br \/>\n    <meta name=\"description\" content=\"D\u00e9couvrez l'impact des troubles anxieux sur les fonctions cognitives : m\u00e9moire, attention, concentration et prise de d\u00e9cision. Solutions avec COCO PENSE et COCO BOUGE.\">\n    <link href=\"https:\/\/fonts.googleapis.com\/css2?family=Montserrat:wght@400;600;700;800&#038;family=Poppins:wght@300;400;500;600;700&#038;display=swap\" rel=\"stylesheet\">\n<style>\n        :root {\n            --primary: #5e5ed7;\n            --primary-dark: #5268c9;\n            --teal: #a9e2e4;\n            --yellow: #ffeca7;\n            --pink: #e73469;\n            --white: #ffffff;\n            --gray-100: #f8f9fa;\n            --gray-200: #e9ecef;\n            --gray-300: #dee2e6;\n            --gray-600: #6c757d;\n            --gray-800: #343a40;\n            --gray-900: #212529;\n        }<\/p>\n<p>        * { margin: 0; padding: 0; box-sizing: border-box; }<\/p>\n<p>        body {\n            font-family: 'Poppins', sans-serif;\n            line-height: 1.6;\n            color: var(--gray-800);\n            background: var(--white);\n        }<\/p>\n<p>        .article-hero {\n            background: linear-gradient(135deg, var(--primary) 0%, var(--primary-dark) 100%);\n            color: white;\n            padding: 80px 0 120px;\n            position: relative;\n            overflow: hidden;\n        }<\/p>\n<p>        .article-hero::before {\n            content: '';\n            position: absolute;\n            top: 0;\n            left: 0;\n            right: 0;\n            bottom: 0;\n            background: url('data:image\/svg+xml,<svg xmlns=\"http:\/\/www.w3.org\/2000\/svg\" viewBox=\"0 0 100 100\"><circle cx=\"20\" cy=\"20\" r=\"2\" fill=\"rgba(255,255,255,0.1)\"\/><circle cx=\"80\" cy=\"40\" r=\"1.5\" fill=\"rgba(255,255,255,0.1)\"\/><circle cx=\"40\" cy=\"80\" r=\"1\" fill=\"rgba(255,255,255,0.1)\"\/><\/svg>');\n            animation: float 20s ease-in-out infinite;\n        }<\/p>\n<p>        @keyframes float {\n            0%, 100% { transform: translateY(0px); }\n            50% { transform: translateY(-20px); }\n        }<\/p>\n<p>        .article-hero-inner {\n            max-width: 1200px;\n            margin: 0 auto;\n            padding: 0 20px;\n            position: relative;\n            z-index: 2;\n        }<\/p>\n<p>        .article-breadcrumb {\n            font-size: 14px;\n            margin-bottom: 20px;\n            opacity: 0.9;\n        }<\/p>\n<p>        .article-breadcrumb a {\n            color: white;\n            text-decoration: none;\n            opacity: 0.8;\n        }<\/p>\n<p>        .article-breadcrumb a:hover {\n            opacity: 1;\n        }<\/p>\n<p>        .article-category {\n            display: inline-block;\n            background: var(--pink);\n            color: white;\n            padding: 8px 20px;\n            border-radius: 25px;\n            font-size: 14px;\n            font-weight: 600;\n            margin-bottom: 30px;\n            text-transform: uppercase;\n            letter-spacing: 0.5px;\n        }<\/p>\n<p>        .article-hero h1 {\n            font-family: 'Montserrat', sans-serif;\n            font-size: 3.5rem;\n            font-weight: 800;\n            line-height: 1.2;\n            margin-bottom: 30px;\n            max-width: 900px;\n        }<\/p>\n<p>        .hl {\n            background: linear-gradient(120deg, var(--yellow) 0%, var(--teal) 100%);\n            color: var(--primary-dark);\n            padding: 0 12px;\n            border-radius: 8px;\n        }<\/p>\n<p>        .article-meta {\n            display: flex;\n            align-items: center;\n            gap: 30px;\n            margin-bottom: 40px;\n            font-size: 14px;\n        }<\/p>\n<p>        .article-meta > div {\n            display: flex;\n            align-items: center;\n            gap: 8px;\n        }<\/p>\n<p>        .stars {\n            color: var(--yellow);\n            font-size: 18px;\n        }<\/p>\n<p>        .article-hero-curve {\n            position: absolute;\n            bottom: -1px;\n            left: 0;\n            width: 100%;\n            height: 60px;\n            background: var(--white);\n            clip-path: ellipse(100% 100% at 50% 100%);\n        }<\/p>\n<p>        .article-body {\n            padding: 80px 0;\n            background: var(--white);\n        }<\/p>\n<p>        .container {\n            max-width: 1200px;\n            margin: 0 auto;\n            padding: 0 20px;\n        }<\/p>\n<p>        .intro-block {\n            background: var(--gray-100);\n            padding: 40px;\n            border-radius: 20px;\n            margin-bottom: 60px;\n            border-left: 6px solid var(--primary);\n            font-size: 18px;\n            line-height: 1.8;\n        }<\/p>\n<p>        .stats-grid {\n            display: grid;\n            grid-template-columns: repeat(auto-fit, minmax(250px, 1fr));\n            gap: 30px;\n            margin-bottom: 80px;\n        }<\/p>\n<p>        .stat-card {\n            background: linear-gradient(135deg, var(--primary) 0%, var(--primary-dark) 100%);\n            padding: 40px 30px;\n            border-radius: 20px;\n            text-align: center;\n            color: white;\n            box-shadow: 0 10px 30px rgba(94, 94, 215, 0.2);\n        }<\/p>\n<p>        .stat-card .number {\n            font-family: 'Montserrat', sans-serif;\n            font-size: 3rem;\n            font-weight: 800;\n            display: block;\n            margin-bottom: 10px;\n        }<\/p>\n<p>        .stat-card .label {\n            font-size: 16px;\n            opacity: 0.9;\n            line-height: 1.4;\n        }<\/p>\n<p>        h2 {\n            font-family: 'Montserrat', sans-serif;\n            font-size: 2.2rem;\n            font-weight: 700;\n            color: var(--primary-dark);\n            margin: 60px 0 30px;\n            position: relative;\n            padding-left: 20px;\n        }<\/p>\n<p>        h2::before {\n            content: '';\n            position: absolute;\n            left: 0;\n            top: 0;\n            height: 100%;\n            width: 6px;\n            background: linear-gradient(135deg, var(--primary) 0%, var(--pink) 100%);\n            border-radius: 3px;\n        }<\/p>\n<p>        h3 {\n            font-family: 'Montserrat', sans-serif;\n            font-size: 1.5rem;\n            font-weight: 600;\n            color: var(--primary-dark);\n            margin: 40px 0 20px;\n        }<\/p>\n<p>        p {\n            font-size: 16px;\n            line-height: 1.8;\n            margin-bottom: 20px;\n            color: var(--gray-800);\n        }<\/p>\n<p>        .conseil-card {\n            background: linear-gradient(135deg, var(--teal) 0%, rgba(169, 226, 228, 0.3) 100%);\n            padding: 30px;\n            border-radius: 15px;\n            margin: 30px 0;\n            border-left: 5px solid var(--primary);\n        }<\/p>\n<p>        .key-points {\n            background: var(--gray-100);\n            padding: 30px;\n            border-radius: 15px;\n            margin: 30px 0;\n        }<\/p>\n<p>        .key-points ul {\n            list-style: none;\n            padding-left: 0;\n        }<\/p>\n<p>        .key-points li {\n            position: relative;\n            padding-left: 30px;\n            margin-bottom: 15px;\n            font-weight: 500;\n        }<\/p>\n<p>        .key-points li::before {\n            content: '\u2713';\n            position: absolute;\n            left: 0;\n            color: var(--primary);\n            font-weight: bold;\n            font-size: 18px;\n        }<\/p>\n<p>        .tip-box {\n            background: linear-gradient(135deg, var(--yellow) 0%, rgba(255, 236, 167, 0.3) 100%);\n            padding: 25px;\n            border-radius: 15px;\n            margin: 30px 0;\n            position: relative;\n            border: 2px solid var(--yellow);\n        }<\/p>\n<p>        .tip-box-label {\n            font-family: 'Montserrat', sans-serif;\n            font-weight: 700;\n            color: var(--primary-dark);\n            font-size: 14px;\n            text-transform: uppercase;\n            letter-spacing: 1px;\n            margin-bottom: 15px;\n        }<\/p>\n<p>        .expert-box {\n            background: linear-gradient(135deg, var(--pink) 0%, rgba(231, 52, 105, 0.1) 100%);\n            padding: 30px;\n            border-radius: 15px;\n            margin: 30px 0;\n            border: 2px solid var(--pink);\n        }<\/p>\n<p>        .expert-box-label {\n            background: var(--pink);\n            color: white;\n            padding: 8px 16px;\n            border-radius: 20px;\n            font-size: 12px;\n            font-weight: 700;\n            text-transform: uppercase;\n            letter-spacing: 0.5px;\n            display: inline-block;\n            margin-bottom: 15px;\n        }<\/p>\n<p>        .expert-box-title {\n            font-family: 'Montserrat', sans-serif;\n            font-size: 1.3rem;\n            font-weight: 600;\n            color: var(--primary-dark);\n            margin-bottom: 15px;\n        }<\/p>\n<p>        .expert-inner {\n            background: white;\n            padding: 25px;\n            border-radius: 12px;\n            margin-top: 20px;\n        }<\/p>\n<p>        .expert-inner-title {\n            font-family: 'Montserrat', sans-serif;\n            font-weight: 600;\n            color: var(--primary-dark);\n            margin-bottom: 15px;\n        }<\/p>\n<p>        .faq-list {\n            margin: 60px 0;\n        }<\/p>\n<p>        .faq-item {\n            background: white;\n            border: 2px solid var(--gray-200);\n            border-radius: 15px;\n            margin-bottom: 15px;\n            overflow: hidden;\n            transition: all 0.3s ease;\n        }<\/p>\n<p>        .faq-item:hover {\n            border-color: var(--primary);\n        }<\/p>\n<p>        .faq-item.open {\n            border-color: var(--primary);\n            box-shadow: 0 5px 20px rgba(94, 94, 215, 0.1);\n        }<\/p>\n<p>        .faq-q {\n            padding: 25px 30px;\n            cursor: pointer;\n            display: flex;\n            justify-content: space-between;\n            align-items: center;\n            font-weight: 600;\n            color: var(--primary-dark);\n            background: var(--gray-100);\n            transition: background 0.3s ease;\n        }<\/p>\n<p>        .faq-item.open .faq-q {\n            background: var(--primary);\n            color: white;\n        }<\/p>\n<p>        .faq-icon {\n            font-size: 24px;\n            transition: transform 0.3s ease;\n        }<\/p>\n<p>        .faq-item.open .faq-icon {\n            transform: rotate(45deg);\n        }<\/p>\n<p>        .faq-a {\n            padding: 0 30px;\n            max-height: 0;\n            overflow: hidden;\n            transition: all 0.3s ease;\n        }<\/p>\n<p>        .faq-item.open .faq-a {\n            padding: 25px 30px;\n            max-height: 500px;\n        }<\/p>\n<p>        .cta-box {\n            background: linear-gradient(135deg, var(--primary) 0%, var(--primary-dark) 100%);\n            padding: 50px;\n            border-radius: 25px;\n            text-align: center;\n            color: white;\n            margin: 60px 0;\n        }<\/p>\n<p>        .cta-box h3 {\n            color: white;\n            margin-bottom: 20px;\n            font-size: 2rem;\n        }<\/p>\n<p>        .cta-buttons {\n            display: flex;\n            gap: 20px;\n            justify-content: center;\n            margin-top: 30px;\n            flex-wrap: wrap;\n        }<\/p>\n<p>        .btn-white {\n            background: white;\n            color: var(--primary);\n            padding: 15px 30px;\n            border: none;\n            border-radius: 25px;\n            font-weight: 600;\n            text-decoration: none;\n            display: inline-block;\n            transition: all 0.3s ease;\n        }<\/p>\n<p>        .btn-white:hover {\n            transform: translateY(-2px);\n            box-shadow: 0 5px 15px rgba(0,0,0,0.2);\n        }<\/p>\n<p>        .btn-outline {\n            background: transparent;\n            color: white;\n            padding: 15px 30px;\n            border: 2px solid white;\n            border-radius: 25px;\n            font-weight: 600;\n            text-decoration: none;\n            display: inline-block;\n            transition: all 0.3s ease;\n        }<\/p>\n<p>        .btn-outline:hover {\n            background: white;\n            color: var(--primary);\n        }<\/p>\n<p>        .article-tags {\n            display: flex;\n            flex-wrap: wrap;\n            gap: 10px;\n            margin-top: 60px;\n        }<\/p>\n<p>        .article-tag {\n            background: var(--gray-100);\n            color: var(--gray-600);\n            padding: 8px 16px;\n            border-radius: 20px;\n            font-size: 14px;\n            text-decoration: none;\n            transition: all 0.3s ease;\n        }<\/p>\n<p>        .article-tag:hover {\n            background: var(--primary);\n            color: white;\n        }<\/p>\n<p>        @media (max-width: 768px) {\n            .article-hero h1 { font-size: 2.5rem; }\n            .article-meta { flex-direction: column; align-items: flex-start; gap: 15px; }\n            .stats-grid { grid-template-columns: repeat(auto-fit, minmax(200px, 1fr)); }\n            h2 { font-size: 1.8rem; }\n            .cta-buttons { flex-direction: column; align-items: center; }\n        }\n    <\/style>\n<p><\/head><br \/>\n<body><\/p>\n<section class=\"article-hero\">\n<div class=\"article-hero-inner\">\n<div class=\"article-breadcrumb\">\n            <a href=\"https:\/\/www.dynseo.com\/pt-pt\/\">In\u00edcio<\/a> > <a href=\"https:\/\/www.dynseo.com\/blog\/\">Blog<\/a> > Dist\u00farbios ansiosos e cogni\u00e7\u00e3o\n        <\/div>\n<div class=\"article-category\">Sa\u00fade Cognitiva<\/div>\n<h1>Como os dist\u00farbios <span class=\"hl\">ansiosos afetam<\/span> a cogni\u00e7\u00e3o<\/h1>\n<div class=\"article-meta\">\n<div>\ud83d\udcc5 Abril 2026<\/div>\n<div>\u23f1\ufe0f 15 min de leitura<\/div>\n<div>\ud83d\udc65 Todo p\u00fablico<\/div>\n<div class=\"stars\">\u2b50\u2b50\u2b50\u2b50\u2b50 4.8\/5<\/div>\n<\/p><\/div>\n<\/p><\/div>\n<div class=\"article-hero-curve\"><\/div>\n<\/section>\n<div class=\"article-body\">\n<div class=\"container\">\n<div class=\"intro-block\">\n            Os dist\u00farbios ansiosos representam um dos desafios maiores da nossa \u00e9poca, afetando cerca de 300 milh\u00f5es de pessoas no mundo. Al\u00e9m de seu impacto emocional bem conhecido, esses dist\u00farbios exercem uma influ\u00eancia profunda e muitas vezes subestimada sobre nossas capacidades cognitivas. Da mem\u00f3ria \u00e0 tomada de decis\u00e3o, passando pela aten\u00e7\u00e3o e concentra\u00e7\u00e3o, a ansiedade modifica fundamentalmente nossa forma de processar a informa\u00e7\u00e3o e interagir com nosso ambiente. Compreender esses mecanismos se revela essencial para desenvolver estrat\u00e9gias eficazes de manejo e de melhoria da qualidade de vida. Esta explora\u00e7\u00e3o detalhada permitir\u00e1 que voc\u00ea compreenda as sutilezas dessa rela\u00e7\u00e3o complexa entre ansiedade e cogni\u00e7\u00e3o, ao mesmo tempo em que descobre solu\u00e7\u00f5es concretas para preservar e otimizar suas capacidades mentais.\n        <\/div>\n<div class=\"stats-grid\">\n<div class=\"stat-card\">\n                <span class=\"number\">264M<\/span><br \/>\n                <span class=\"label\">Pessoas afetadas pela ansiedade no mundo<\/span>\n            <\/div>\n<div class=\"stat-card\">\n                <span class=\"number\">75%<\/span><br \/>\n                <span class=\"label\">Redu\u00e7\u00e3o da mem\u00f3ria de trabalho durante crises ansiosas<\/span>\n            <\/div>\n<div class=\"stat-card\">\n                <span class=\"number\">40%<\/span><br \/>\n                <span class=\"label\">Diminui\u00e7\u00e3o da concentra\u00e7\u00e3o em ansiosos<\/span>\n            <\/div>\n<div class=\"stat-card\">\n                    <span class=\"number\">85%<\/span><br \/>\n                    <span class=\"label\">Melhoria poss\u00edvel com um treinamento cognitivo adequado<\/span>\n                <\/div>\n<\/p><\/div>\n<h2>1. O impacto dos dist\u00farbios ansiosos na mem\u00f3ria<\/h2>\n<pee>A ansiedade exerce um efeito particularmente destrutivo sobre nosso sistema mn\u00e9sico, alterando tanto a codifica\u00e7\u00e3o, o armazenamento quanto a recupera\u00e7\u00e3o das informa\u00e7\u00f5es. Quando nos deparamos com situa\u00e7\u00f5es ansiosas, nosso c\u00e9rebro ativa prioritariamente os circuitos de detec\u00e7\u00e3o de amea\u00e7as, desviando os recursos cognitivos normalmente dedicados aos processos de memoriza\u00e7\u00e3o. Essa realoca\u00e7\u00e3o dos recursos neurais pode comprometer seriamente nossa capacidade de formar novas mem\u00f3rias ou acessar aquelas j\u00e1 existentes.<\/pee>\n<pee>A mem\u00f3ria de trabalho, verdadeiro cruzamento de nossas opera\u00e7\u00f5es mentais, se encontra particularmente vulner\u00e1vel diante da ansiedade. Essa forma de mem\u00f3ria de curto prazo, que nos permite manipular temporariamente informa\u00e7\u00f5es para realizar tarefas complexas, v\u00ea sua capacidade reduzida de maneira significativa durante epis\u00f3dios ansiosos. As pesquisas mostram que uma pessoa ansiosa pode perder at\u00e9 75% de sua capacidade de mem\u00f3ria de trabalho, tornando dif\u00edceis as atividades que exigem manter v\u00e1rios elementos em mente simultaneamente.<\/pee>\n<pee>Os mecanismos neurobiol\u00f3gicos subjacentes a essa altera\u00e7\u00e3o envolvem principalmente a ativa\u00e7\u00e3o excessiva da am\u00edgdala e a libera\u00e7\u00e3o de hormonas do estresse como o cortisol. Essa cascata bioqu\u00edmica interfere no funcionamento normal do hipocampo, estrutura cerebral essencial \u00e0 forma\u00e7\u00e3o das mem\u00f3rias. O cortisol, em particular, pode danificar os neur\u00f4nios hipocampais durante exposi\u00e7\u00f5es prolongadas, criando dificuldades mn\u00e9sicas duradouras.<\/pee>\n<div class=\"conseil-card\">\n<h3>Os diferentes tipos de mem\u00f3ria afetados<\/h3>\n<pee>A ansiedade n\u00e3o afeta todos os tipos de mem\u00f3ria de maneira uniforme. A mem\u00f3ria declarativa, que diz respeito aos fatos e eventos conscientes, geralmente sofre as perturba\u00e7\u00f5es mais importantes. Em contrapartida, a mem\u00f3ria procedural, relacionada aos automatismos e \u00e0s habilidades motoras, muitas vezes permanece preservada, explicando por que podemos continuar a realizar gestos familiares mesmo em estado de ansiedade intensa.<\/pee>\n            <\/div>\n<h3>Estrat\u00e9gias de compensa\u00e7\u00e3o mn\u00e9sica<\/h3>\n<pee>Diante desses d\u00e9ficits, o c\u00e9rebro ansioso desenvolve \u00e0s vezes estrat\u00e9gias de compensa\u00e7\u00e3o que podem se mostrar contraproducentes. A rumina\u00e7\u00e3o, por exemplo, representa uma tentativa de refor\u00e7o mn\u00e9sico por meio da repeti\u00e7\u00e3o, mas consome recursos cognitivos valiosos e pode paradoxalmente agravar os dist\u00farbios de mem\u00f3ria. Da mesma forma, a evita\u00e7\u00e3o cognitiva, estrat\u00e9gia defensiva que consiste em fugir de certos pensamentos ou situa\u00e7\u00f5es, pode levar a um empobrecimento da base mn\u00e9sica e a uma diminui\u00e7\u00e3o das capacidades de aprendizado.<\/pee>\n<div class=\"key-points\">\n<h3>Pontos-chave sobre a ansiedade e a mem\u00f3ria:<\/h3>\n<ul>\n<li>Redu\u00e7\u00e3o significativa da mem\u00f3ria de trabalho (at\u00e9 75%)<\/li>\n<li>Perturba\u00e7\u00e3o da codifica\u00e7\u00e3o de novas informa\u00e7\u00f5es<\/li>\n<li>Dificuldades de acesso \u00e0s mem\u00f3rias armazenadas<\/li>\n<li>Impacto particularmente acentuado na mem\u00f3ria declarativa<\/li>\n<li>Preserva\u00e7\u00e3o relativa da mem\u00f3ria procedural<\/li>\n<li>Desenvolvimento de estrat\u00e9gias de compensa\u00e7\u00e3o frequentemente ineficazes<\/li>\n<\/ul><\/div>\n<h2>2. A aten\u00e7\u00e3o sob a influ\u00eancia da ansiedade<\/h2>\n<pee>A aten\u00e7\u00e3o constitui o filtro fundamental atrav\u00e9s do qual percebemos e processamos nosso ambiente. Em pessoas que sofrem de dist\u00farbios de ansiedade, esse sistema atencional sofre modifica\u00e7\u00f5es profundas que alteram consideravelmente a qualidade da experi\u00eancia di\u00e1ria. A ansiedade induz um fen\u00f4meno chamado &#8220;vi\u00e9s atencional&#8221;, caracterizado por uma orienta\u00e7\u00e3o preferencial e frequentemente autom\u00e1tica da aten\u00e7\u00e3o para os est\u00edmulos percebidos como amea\u00e7adores ou perigosos.<\/pee>\n<pee>Esse vi\u00e9s atencional se manifesta de v\u00e1rias maneiras na vida cotidiana. Uma vigil\u00e2ncia excessiva aos sinais de perigo, mesmo m\u00ednimos, pode levar a uma hipervigil\u00e2ncia exaustiva. Por exemplo, uma pessoa ansiosa em um ambiente social prestar\u00e1 aten\u00e7\u00e3o desproporcional \u00e0s express\u00f5es faciais negativas, aos sil\u00eancios na conversa ou aos sinais de irrita\u00e7\u00e3o em seus interlocutores, negligenciando os sinais positivos ou neutros que poderiam equilibrar sua percep\u00e7\u00e3o da situa\u00e7\u00e3o.<\/pee>\n<pee>A aten\u00e7\u00e3o seletiva, normalmente eficaz para se concentrar nas informa\u00e7\u00f5es relevantes, torna-se r\u00edgida e disfuncional. Em vez de filtrar os distraidores para se focar na tarefa em andamento, o sistema atencional ansioso permanece constantemente em alerta, vasculhando o ambiente em busca de amea\u00e7as potenciais. Essa vigil\u00e2ncia constante esgota os recursos cognitivos e mant\u00e9m um estado de tens\u00e3o permanente.<\/pee>\n<div class=\"tip-box\">\n<div class=\"tip-box-label\">\ud83d\udca1 Dica Pr\u00e1tica<\/div>\n<pee>Para combater os efeitos da ansiedade na aten\u00e7\u00e3o, pratique a &#8220;regra dos 5-4-3-2-1&#8221;: identifique conscientemente 5 coisas que voc\u00ea v\u00ea, 4 que voc\u00ea toca, 3 que voc\u00ea ouve, 2 que voc\u00ea sente e 1 que voc\u00ea prova. Esta t\u00e9cnica de grounding ajuda a reorientar a aten\u00e7\u00e3o para o presente.<\/pee>\n            <\/div>\n<h3>Os mecanismos neurais da perturba\u00e7\u00e3o atencional<\/h3>\n<pee>No plano neurobiol\u00f3gico, a ansiedade modifica o equil\u00edbrio entre diferentes redes atencionais do c\u00e9rebro. A rede de alerta, principalmente orquestrada pelo locus coeruleus e suas proje\u00e7\u00f5es noradren\u00e9rgicas, torna-se hiperativa, mantendo um estado de vig\u00edlia excessiva. Paralelamente, a rede executiva, centrada no c\u00f3rtex pr\u00e9-frontal, v\u00ea sua efic\u00e1cia diminu\u00edda, reduzindo nossa capacidade de controlar voluntariamente nossa aten\u00e7\u00e3o e reorient\u00e1-la para elementos mais adequados.<\/pee>\n<pee>Essa disfun\u00e7\u00e3o tamb\u00e9m afeta a aten\u00e7\u00e3o dividida, essa capacidade preciosa de processar simultaneamente v\u00e1rias fontes de informa\u00e7\u00e3o. Em nossa sociedade multitarefa, essa compet\u00eancia \u00e9 essencial, mas a ansiedade a compromete seriamente. Uma pessoa ansiosa ter\u00e1 dificuldades em acompanhar uma conversa enquanto toma notas, ou em dirigir ouvindo as not\u00edcias no r\u00e1dio, tarefas que normalmente s\u00e3o autom\u00e1ticas.<\/pee>\n<div class=\"expert-box\">\n<div class=\"expert-box-label\">Especialista DYNSEO<\/div>\n<div class=\"expert-box-title\">O treinamento atencional com COCO PENSA<\/div>\n<pee>Nossos programas de treinamento cognitivo integram exerc\u00edcios especificamente projetados para restaurar a flexibilidade atencional. <a href=\"https:\/\/www.dynseo.com\/pt-pt\/coco-pensa-e-coco-se-mexe\/\" style=\"color: var(--primary); font-weight: 600;\">COCO PENSA<\/a> prop\u00f5e atividades progressivas que ajudam a recondicionar os circuitos atencionais e a desenvolver uma aten\u00e7\u00e3o mais adaptativa e menos reativa aos est\u00edmulos ansiosos.<\/pee>\n<div class=\"expert-inner\">\n<div class=\"expert-inner-title\">Benef\u00edcios do treinamento atencional :<\/div>\n<pee>Redu\u00e7\u00e3o do vi\u00e9s atencional negativo, melhoria da concentra\u00e7\u00e3o sustentada, desenvolvimento da flexibilidade cognitiva e fortalecimento do controle executivo da aten\u00e7\u00e3o.<\/pee>\n                <\/div>\n<\/p><\/div>\n<h2>3. Dist\u00farbios de ansiedade e tomada de decis\u00e3o<\/h2>\n<pee>A tomada de decis\u00e3o representa uma das fun\u00e7\u00f5es cognitivas mais complexas e vulner\u00e1veis frente aos dist\u00farbios de ansiedade. Este processo, que envolve a avalia\u00e7\u00e3o das op\u00e7\u00f5es, a antecipa\u00e7\u00e3o das consequ\u00eancias e a sele\u00e7\u00e3o de um curso de a\u00e7\u00e3o, \u00e9 profundamente perturbado pela ansiedade. As pessoas ansiosas frequentemente desenvolvem uma avers\u00e3o marcada pela incerteza, caracter\u00edstica intr\u00ednseca de muitas decis\u00f5es, o que pode levar a bloqueios decis\u00f3rios ou a escolhas sub-otimais.<\/pee>\n<pee>A ansiedade altera nossa capacidade de avaliar objetivamente as probabilidades e os riscos. O c\u00e9rebro ansioso tende a superestimar a probabilidade de ocorr\u00eancia de eventos negativos enquanto subestima nossa capacidade de lidar com eles. Essa distor\u00e7\u00e3o cognitiva, conhecida como &#8220;vi\u00e9s de probabilidade&#8221;, pode levar a decis\u00f5es excessivamente cautelosas ou ao completo evitamento de certas escolhas, mesmo quando poderiam ser ben\u00e9ficas.<\/pee>\n<pee>O processo decis\u00f3rio tamb\u00e9m envolve a mem\u00f3ria de trabalho para manter em mente as diferentes op\u00e7\u00f5es e suas consequ\u00eancias. Como vimos, a ansiedade reduz significativamente essa capacidade, limitando o n\u00famero de alternativas que podemos considerar simultaneamente. Essa limita\u00e7\u00e3o pode levar a decis\u00f5es simplistas, baseadas em um n\u00famero reduzido de crit\u00e9rios, ou a uma depend\u00eancia excessiva de heur\u00edsticas mentais que, embora \u00fateis, podem \u00e0s vezes nos induzir em erro.<\/pee>\n<div class=\"conseil-card\">\n<h3>A paralisia decisional<\/h3>\n<pee>Um dos fen\u00f4menos mais incapacitantes associados \u00e0 ansiedade decisional \u00e9 a paralisia da escolha. Diante da incerteza e do medo de fazer a &#8220;escolha errada&#8221;, algumas pessoas se encontram na incapacidade total de tomar uma decis\u00e3o, mesmo que menor. Essa paralisia pode se estender gradualmente a \u00e1reas cada vez mais amplas da vida cotidiana, criando um ciclo vicioso de evita\u00e7\u00e3o e refor\u00e7o da ansiedade.<\/pee>\n            <\/div>\n<h3>O impacto emocional na racionalidade<\/h3>\n<pee>A ansiedade introduz uma forte componente emocional no processo decisional, perturbando o equil\u00edbrio normal entre raz\u00e3o e emo\u00e7\u00e3o. O sistema l\u00edmbico, centro das emo\u00e7\u00f5es, pode &#8220;desviar&#8221; os circuitos pr\u00e9-frontais respons\u00e1veis pela an\u00e1lise racional, levando a decis\u00f5es impulsivas baseadas na evita\u00e7\u00e3o da ansiedade em vez da otimiza\u00e7\u00e3o dos resultados. Essa influ\u00eancia emocional tamb\u00e9m pode se manifestar por uma tend\u00eancia a buscar excessivamente a aprova\u00e7\u00e3o dos outros antes de tomar uma decis\u00e3o, reduzindo a autonomia e a confian\u00e7a em si mesmo.<\/pee>\n<pee>As neuroci\u00eancias revelam que a ansiedade modifica a atividade de regi\u00f5es cerebrais-chave envolvidas na tomada de decis\u00e3o. O c\u00f3rtex orbitofrontal, essencial para a avalia\u00e7\u00e3o de recompensas e puni\u00e7\u00f5es, mostra uma atividade alterada em pessoas ansiosas. Da mesma forma, o c\u00f3rtex cingulado anterior, envolvido na resolu\u00e7\u00e3o de conflitos cognitivos, pode estar hiperativado, criando uma rumina\u00e7\u00e3o excessiva em torno das escolhas a serem feitas.<\/pee>\n<div class=\"key-points\">\n<h3>Caracter\u00edsticas da tomada de decis\u00e3o ansiosa:<\/h3>\n<ul>\n<li>Superestima\u00e7\u00e3o dos riscos e probabilidades negativas<\/li>\n<li>Evita\u00e7\u00e3o de situa\u00e7\u00f5es de incerteza<\/li>\n<li>Paralisia decisional em casos severos<\/li>\n<li>Busca excessiva de reasseguramento<\/li>\n<li>Decis\u00f5es baseadas na evita\u00e7\u00e3o em vez da abordagem<\/li>\n<li>Rumina\u00e7\u00e3o prolongada em torno das escolhas<\/li>\n<\/ul><\/div>\n<h2>4. Velocidade de processamento e ansiedade<\/h2>\n<pee>A velocidade de processamento da informa\u00e7\u00e3o constitui um aspecto fundamental da efic\u00e1cia cognitiva, determinando nossa capacidade de reagir rapidamente e adequadamente aos est\u00edmulos do nosso ambiente. A ansiedade exerce um efeito paradoxal sobre essa fun\u00e7\u00e3o: de um lado, pode acelerar o processamento de certos tipos de informa\u00e7\u00e3o (notadamente aquelas relacionadas a amea\u00e7as), mas, por outro lado, desacelera consideravelmente o processamento cognitivo global, criando uma sensa\u00e7\u00e3o de &#8220;neblina mental&#8221; caracter\u00edstica dos estados ansiosos.<\/pee>\n<pee>Essa desacelera\u00e7\u00e3o se explica por v\u00e1rios mecanismos neurobiol\u00f3gicos complexos. A ativa\u00e7\u00e3o cr\u00f4nica do sistema de estresse leva a uma libera\u00e7\u00e3o sustentada de cortisol, que pode afetar a velocidade de condu\u00e7\u00e3o nervosa e a efic\u00e1cia sin\u00e1ptica. Al\u00e9m disso, a hipervigil\u00e2ncia caracter\u00edstica da ansiedade cria um &#8220;engarrafamento&#8221; cognitivo: o c\u00e9rebro tenta processar simultaneamente muitas informa\u00e7\u00f5es, reduzindo a efic\u00e1cia geral do sistema.<\/pee>\n<pee>No dia a dia, essa diminui\u00e7\u00e3o da velocidade de processamento se manifesta por muitos sintomas sutis, mas inc\u00f4modos. As conversas parecem ir &#8220;r\u00e1pido demais&#8221;, exigindo um esfor\u00e7o adicional para acompanhar o fio das trocas. A leitura torna-se mais trabalhosa, requerendo v\u00e1rias passagens sobre o mesmo par\u00e1grafo para entender o sentido. As tarefas profissionais levam mais tempo para serem conclu\u00eddas, n\u00e3o por falta de habilidades, mas por uma diminui\u00e7\u00e3o da efic\u00e1cia cognitiva.<\/pee>\n<div class=\"tip-box\">\n<div class=\"tip-box-label\">\ud83e\udde0 Exerc\u00edcio Cognitivo<\/div>\n<pee>Para melhorar sua velocidade de processamento, pratique diariamente exerc\u00edcios de c\u00e1lculo mental r\u00e1pido ou de leitura cronometrada. Essas atividades, dispon\u00edveis em <a href=\"https:\/\/www.dynseo.com\/pt-pt\/coco-pensa-e-coco-se-mexe\/\" style=\"color: var(--primary); font-weight: 600;\">COCO PENSA<\/a>, estimulam os circuitos neurais respons\u00e1veis pela rapidez cognitiva.<\/pee>\n            <\/div>\n<h3>O efeito da idade e da ansiedade na velocidade cognitiva<\/h3>\n<pee>A intera\u00e7\u00e3o entre a idade e a ansiedade cria desafios particulares para a velocidade de processamento. Enquanto o envelhecimento normal \u00e9 acompanhado por um lento decl\u00ednio das fun\u00e7\u00f5es cognitivas, a ansiedade pode acelerar ou amplificar esse processo. Em pessoas idosas ansiosas, a combina\u00e7\u00e3o desses dois fatores pode levar a dificuldades cognitivas significativas, frequentemente confundidas erroneamente com o in\u00edcio de dem\u00eancia.<\/pee>\n<pee>As pesquisas mostram que o treinamento cognitivo pode melhorar consideravelmente a velocidade de processamento, mesmo em pessoas que sofrem de ansiedade cr\u00f4nica. Exerc\u00edcios espec\u00edficos, progressivos e adaptados podem restaurar parte da efic\u00e1cia perdida e dar aos pacientes uma sensa\u00e7\u00e3o de controle sobre suas capacidades cognitivas. Essa recupera\u00e7\u00e3o frequentemente contribui para reduzir a pr\u00f3pria ansiedade, criando um c\u00edrculo virtuoso de melhoria.<\/pee>\n<div class=\"expert-box\">\n<div class=\"expert-box-label\">Pesquisa DYNSEO<\/div>\n<div class=\"expert-box-title\">Neuroplasticidade e recupera\u00e7\u00e3o cognitiva<\/div>\n<pee>Nossos estudos cl\u00ednicos demonstram que o c\u00e9rebro mant\u00e9m uma capacidade not\u00e1vel de adapta\u00e7\u00e3o, mesmo diante da ansiedade cr\u00f4nica. O treinamento cognitivo regular pode estimular a neuroplasticidade e melhorar significativamente a velocidade de processamento em apenas algumas semanas.<\/pee>\n<div class=\"expert-inner\">\n<div class=\"expert-inner-title\">Protocolos de treinamento eficazes :<\/div>\n<pee>Sess\u00f5es curtas, mas frequentes (15-20 minutos por dia), exerc\u00edcios variados visando diferentes aspectos da velocidade cognitiva, progress\u00e3o adaptativa de acordo com o desempenho individual e integra\u00e7\u00e3o de elementos motivacionais para manter o engajamento.<\/pee>\n                <\/div>\n<\/p><\/div>\n<h2>5. Concentra\u00e7\u00e3o e dist\u00farbios ansiosos<\/h2>\n<pee>A concentra\u00e7\u00e3o representa nossa capacidade de manter voluntariamente nossa aten\u00e7\u00e3o em uma tarefa ou est\u00edmulo espec\u00edfico por um per\u00edodo prolongado. Essa fun\u00e7\u00e3o cognitiva superior \u00e9 particularmente vulner\u00e1vel frente aos dist\u00farbios ansiosos, que fragmentam e dispersam nosso foco mental. A ansiedade cria um estado de &#8220;multitarefa involunt\u00e1ria&#8221; onde uma parte de nossos recursos cognitivos permanece constantemente mobilizada pela vigil\u00e2ncia de amea\u00e7as potenciais, reduzindo assim os recursos dispon\u00edveis para a tarefa principal.<\/pee>\n<pee>O mecanismo de perturba\u00e7\u00e3o da concentra\u00e7\u00e3o pela ansiedade envolve uma competi\u00e7\u00e3o entre dois sistemas atencionais: o sistema bottom-up (ascendente), ativado automaticamente pelos est\u00edmulos ansiosos, e o sistema top-down (descendente), sob controle volunt\u00e1rio e necess\u00e1rio para a concentra\u00e7\u00e3o. Quando a ansiedade est\u00e1 presente, o sistema bottom-up torna-se hiperativo, &#8220;desviando&#8221; regularmente a aten\u00e7\u00e3o de seu objetivo inicial para preocupa\u00e7\u00f5es relacionadas \u00e0s inquieta\u00e7\u00f5es.<\/pee>\n<pee>Essa fragmenta\u00e7\u00e3o atencional se manifesta concretamente por uma diminui\u00e7\u00e3o da dura\u00e7\u00e3o da concentra\u00e7\u00e3o sustentada. Enquanto uma pessoa n\u00e3o ansiosa pode manter sua aten\u00e7\u00e3o em uma tarefa complexa por 45 minutos a uma hora, uma pessoa ansiosa ver\u00e1 essa dura\u00e7\u00e3o reduzida a 10-15 minutos, com interrup\u00e7\u00f5es frequentes causadas por pensamentos intrusivos. Essa redu\u00e7\u00e3o da resist\u00eancia atencional afeta profundamente a qualidade do trabalho e a efic\u00e1cia dos aprendizados.<\/pee>\n<div class=\"conseil-card\">\n<h3>Tipos de dist\u00farbios da concentra\u00e7\u00e3o relacionados \u00e0 ansiedade<\/h3>\n<pee><strong>Concentra\u00e7\u00e3o seletiva :<\/strong> Dificuldade em filtrar os distraidores e focar na informa\u00e7\u00e3o pertinente.<!\u2013- [et_pb_br_holder] -\u2013><br \/>\n                <strong>Concentra\u00e7\u00e3o sustentada :<\/strong> Incapacidade de manter a aten\u00e7\u00e3o por longos per\u00edodos.<!\u2013- [et_pb_br_holder] -\u2013><br \/>\n                <strong>Concentra\u00e7\u00e3o compartilhada :<\/strong> Problemas para gerenciar v\u00e1rias tarefas simultaneamente.<!\u2013- [et_pb_br_holder] -\u2013><br \/>\n                <strong>Concentra\u00e7\u00e3o flex\u00edvel :<\/strong> Dificuldades em redirecionar a aten\u00e7\u00e3o de um est\u00edmulo para outro conforme necess\u00e1rio.<\/pee>\n            <\/div>\n<h3>O impacto da rumina\u00e7\u00e3o na concentra\u00e7\u00e3o<\/h3>\n<pee>A rumina\u00e7\u00e3o, caracter\u00edstica comum dos dist\u00farbios de ansiedade, constitui um dos inimigos mais temidos da concentra\u00e7\u00e3o. Esse processo de pensamento repetitivo e frequentemente catastr\u00f3fico consome uma parte significativa dos recursos cognitivos, criando um &#8220;ru\u00eddo de fundo&#8221; mental constante que interfere em qualquer tentativa de concentra\u00e7\u00e3o. Os pensamentos ruminativos t\u00eam a particularidade de serem ao mesmo tempo persistentes e invasivos, voltando incessantemente apesar dos esfor\u00e7os conscientes para afast\u00e1-los.<\/pee>\n<pee>A ansiedade antecipat\u00f3ria agrava ainda mais essas dificuldades de concentra\u00e7\u00e3o. A simples apreens\u00e3o de ter que realizar uma tarefa que exige concentra\u00e7\u00e3o pode desencadear um ciclo de ansiedade que, paradoxalmente, quase garante o fracasso temido. Essa &#8220;profecia autorrealizadora&#8221; mant\u00e9m e refor\u00e7a as dificuldades de concentra\u00e7\u00e3o, criando um ciclo vicioso particularmente dif\u00edcil de quebrar sem interven\u00e7\u00e3o apropriada.<\/pee>\n<div class=\"key-points\">\n<h3>Estrat\u00e9gias para melhorar a concentra\u00e7\u00e3o:<\/h3>\n<ul>\n<li>T\u00e9cnicas de aten\u00e7\u00e3o plena para reduzir a rumina\u00e7\u00e3o<\/li>\n<li>Divis\u00e3o das tarefas em segmentos mais curtos<\/li>\n<li>Ambiente de trabalho otimizado (calmo, organizado)<\/li>\n<li>Pausas regulares para evitar a sobrecarga cognitiva<\/li>\n<li>Exerc\u00edcios de respira\u00e7\u00e3o para regular a ativa\u00e7\u00e3o fisiol\u00f3gica<\/li>\n<li>Treinamento cognitivo especializado com ferramentas como COCO PENSA<\/li>\n<\/ul><\/div>\n<h2>6. Flexibilidade mental diante da ansiedade<\/h2>\n<pee>A flexibilidade mental, tamb\u00e9m chamada de flexibilidade cognitiva, representa nossa capacidade de adaptar nossos pensamentos e comportamentos \u00e0s mudan\u00e7as de situa\u00e7\u00e3o ou \u00e0s novas informa\u00e7\u00f5es. Esta fun\u00e7\u00e3o executiva superior permite &#8220;mudar de dire\u00e7\u00e3o&#8221; mentalmente, adotar novas perspectivas e se ajustar aos imprevistos. A ansiedade exerce um efeito particularmente prejudicial sobre essa capacidade, favorecendo a rigidez cognitiva e a persevera\u00e7\u00e3o em padr\u00f5es de pensamento inadequados.<\/pee>\n<pee>As pessoas que sofrem de transtornos de ansiedade frequentemente desenvolvem uma prefer\u00eancia acentuada por rotinas e situa\u00e7\u00f5es previs\u00edveis. Essa busca por controle e certeza, embora compreens\u00edvel, pode paradoxalmente agravar a ansiedade ao reduzir as oportunidades de aprendizado e adapta\u00e7\u00e3o. O c\u00e9rebro ansioso tende a se apegar \u00e0s estrat\u00e9gias conhecidas, mesmo que ineficazes, em vez de explorar novas abordagens que poderiam se mostrar mais ben\u00e9ficas.<\/pee>\n<pee>No plano neurobiol\u00f3gico, a flexibilidade mental depende principalmente do c\u00f3rtex pr\u00e9-frontal, em particular do c\u00f3rtex pr\u00e9-frontal dorsolateral e do c\u00f3rtex cingulado anterior. A ansiedade cr\u00f4nica pode afetar o funcionamento dessas regi\u00f5es, reduzindo sua capacidade de orquestrar as mudan\u00e7as de estrat\u00e9gia cognitiva. Al\u00e9m disso, a hiperativa\u00e7\u00e3o da am\u00edgdala, caracter\u00edstica da ansiedade, pode &#8220;curto-circuitar&#8221; os processos pr\u00e9-frontais, favorecendo respostas autom\u00e1ticas e r\u00edgidas.<\/pee>\n<div class=\"tip-box\">\n<div class=\"tip-box-label\">\ud83d\udd04 Exerc\u00edcio de Flexibilidade<\/div>\n<pee>Pratique a &#8220;t\u00e9cnica da mudan\u00e7a de perspectiva&#8221;: diante de uma situa\u00e7\u00e3o estressante, force-se a imaginar pelo menos tr\u00eas interpreta\u00e7\u00f5es diferentes dessa mesma situa\u00e7\u00e3o. Este exerc\u00edcio, integrado nos programas <a href=\"https:\/\/www.dynseo.com\/pt-pt\/coco-pensa-e-coco-se-mexe\/\" style=\"color: var(--primary); font-weight: 600;\">COCO PENSA<\/a>, refor\u00e7a a flexibilidade cognitiva.<\/pee>\n            <\/div>\n<h3>Rigidez cognitiva e ciclos ansiosos<\/h3>\n<pee>A rigidez cognitiva criada pela ansiedade se manifesta de m\u00faltiplas formas na vida cotidiana. Ela pode assumir a forma de pensamentos dicot\u00f4micos (tudo ou nada), de generaliza\u00e7\u00f5es excessivas (&#8220;se isso deu errado uma vez, sempre dar\u00e1 errado&#8221;) ou de fixa\u00e7\u00f5es em detalhes negativos em detrimento da vis\u00e3o geral. Essa inflexibilidade mental alimenta os ciclos ansiosos ao impedir a integra\u00e7\u00e3o de novas informa\u00e7\u00f5es que poderiam nuan\u00e7ar ou contradizer os medos iniciais.<\/pee>\n<pee>O impacto na resolu\u00e7\u00e3o de problemas \u00e9 particularmente not\u00e1vel. Diante de um obst\u00e1culo, uma pessoa com boa flexibilidade mental pode rapidamente considerar v\u00e1rias alternativas e ajustar sua estrat\u00e9gia de acordo com os resultados obtidos. Em contrapartida, uma pessoa ansiosa com flexibilidade reduzida pode insistir em uma abordagem ineficaz, gerando frustra\u00e7\u00e3o e desencorajamento que refor\u00e7am a ansiedade inicial.<\/pee>\n<div class=\"expert-box\">\n<div class=\"expert-box-label\">Inova\u00e7\u00e3o DYNSEO<\/div>\n<div class=\"expert-box-title\">Treinamento adaptativo da flexibilidade<\/div>\n<pee>Nossos algoritmos de treinamento cognitivo ajustam automaticamente a dificuldade dos exerc\u00edcios para estimular optimalmente a flexibilidade mental sem criar sobrecarga ansiosa. Essa abordagem progressiva permite desenvolver gradualmente essa compet\u00eancia crucial.<\/pee>\n<div class=\"expert-inner\">\n<div class=\"expert-inner-title\">M\u00e9todos de treinamento especializados :<\/div>\n<pee>Exerc\u00edcios de comuta\u00e7\u00e3o atencional, tarefas de categoriza\u00e7\u00e3o flex\u00edvel, problemas que exigem mudan\u00e7as de estrat\u00e9gia e jogos cognitivos que favorecem a adapta\u00e7\u00e3o comportamental.<\/pee>\n                <\/div>\n<\/p><\/div>\n<h2>7. Fun\u00e7\u00f5es executivas e ansiedade<\/h2>\n<pee>As fun\u00e7\u00f5es executivas representam o conjunto de processos cognitivos superiores que orquestram e coordenam as outras fun\u00e7\u00f5es mentais. Elas incluem o planejamento, a organiza\u00e7\u00e3o, a inibi\u00e7\u00e3o, a mem\u00f3ria de trabalho, a flexibilidade cognitiva e o controle atencional. Essas fun\u00e7\u00f5es, frequentemente comparadas ao &#8220;maestro&#8221; de nossas capacidades mentais, s\u00e3o particularmente sens\u00edveis aos efeitos da ansiedade e sofrem perturba\u00e7\u00f5es significativas durante os dist\u00farbios de ansiedade.<\/pee>\n<pee>O planejamento, compet\u00eancia essencial para organizar nossas a\u00e7\u00f5es no tempo e antecipar as etapas necess\u00e1rias para alcan\u00e7ar um objetivo, \u00e9 comprometido pela ansiedade de v\u00e1rias maneiras. Primeiro, a incerteza inerente a todo processo de planejamento entra em conflito com a necessidade de controle caracter\u00edstica da ansiedade. Em seguida, a tend\u00eancia \u00e0 catastrofiza\u00e7\u00e3o pode transformar o exerc\u00edcio de planejamento em uma fonte de ang\u00fastia adicional, com o indiv\u00edduo imaginando todos os cen\u00e1rios negativos poss\u00edveis.<\/pee>\n<pee>A inibi\u00e7\u00e3o, capacidade de suprimir respostas inadequadas ou pensamentos indesejados, torna-se tamb\u00e9m disfuncional. Paradoxalmente, quanto mais uma pessoa ansiosa tenta suprimir seus pensamentos ansiosos, mais eles tendem a voltar com for\u00e7a, fen\u00f4meno conhecido como &#8220;efeito rebote&#8221;. Essa inefic\u00e1cia dos mecanismos inibit\u00f3rios contribui para manter e amplificar os ciclos de rumina\u00e7\u00e3o caracter\u00edsticos da ansiedade.<\/pee>\n<div class=\"conseil-card\">\n<h3>Impact da ansiedade em cada fun\u00e7\u00e3o executiva<\/h3>\n<pee><strong>Planejamento :<\/strong> Evita\u00e7\u00e3o do planejamento a longo prazo, foco excessivo nos detalhes.<!\u2013- [et_pb_br_holder] -\u2013><br \/>\n                <strong>Organiza\u00e7\u00e3o :<\/strong> Dificuldades em estruturar a informa\u00e7\u00e3o e priorizar as tarefas.<!\u2013- [et_pb_br_holder] -\u2013><br \/>\n                <strong>Inibi\u00e7\u00e3o :<\/strong> Incapacidade de interromper os pensamentos ruminativos, impulsividade compensat\u00f3ria.<!\u2013- [et_pb_br_holder] -\u2013><br \/>\n                <strong>Flexibilidade :<\/strong> Rigidez na adapta\u00e7\u00e3o \u00e0s mudan\u00e7as, persevera\u00e7\u00e3o no erro.<!\u2013- [et_pb_br_holder] -\u2013><br \/>\n                <strong>Mem\u00f3ria de trabalho :<\/strong> Redu\u00e7\u00e3o da capacidade, interfer\u00eancias com as preocupa\u00e7\u00f5es ansiosas.<\/pee>\n            <\/div>\n<h3>O controle executivo sob press\u00e3o<\/h3>\n<pee>O controle executivo, fun\u00e7\u00e3o superior que permite coordenar e supervisionar os outros processos cognitivos, sofre uma press\u00e3o particular durante epis\u00f3dios ansiosos. Esta &#8220;torre de controle&#8221; cognitiva deve n\u00e3o apenas gerenciar as tarefas habituais, mas tamb\u00e9m enfrentar a intrus\u00e3o constante de preocupa\u00e7\u00f5es ansiosas. Esta dupla carga pode levar a uma sobrecarga do sistema executivo, manifestando-se por uma diminui\u00e7\u00e3o global do desempenho cognitivo.<\/pee>\n<pee>As pesquisas em neuroimagem revelam que a ansiedade cr\u00f4nica pode levar a modifica\u00e7\u00f5es estruturais e funcionais nas regi\u00f5es pr\u00e9-frontais respons\u00e1veis pelo controle executivo. Essas mudan\u00e7as, embora frequentemente revers\u00edveis com um tratamento apropriado, ressaltam a import\u00e2ncia de uma interven\u00e7\u00e3o precoce para preservar a integridade dessas fun\u00e7\u00f5es cruciais.<\/pee>\n<h2>8. Desempenho cognitivo global e ansiedade<\/h2>\n<pee>A an\u00e1lise do desempenho cognitivo global em pessoas que sofrem de dist\u00farbios de ansiedade revela um quadro complexo onde algumas capacidades podem ser preservadas, ou at\u00e9 temporariamente melhoradas, enquanto outras sofrem altera\u00e7\u00f5es significativas. Esta heterogeneidade no impacto da ansiedade sobre a cogni\u00e7\u00e3o se explica pelos mecanismos adaptativos desenvolvidos pelo c\u00e9rebro diante do estresse cr\u00f4nico, assim como pelas diferen\u00e7as individuais na suscetibilidade aos efeitos ansiosos.<\/pee>\n<pee>Um dos paradoxos mais interessantes reside no fato de que a ansiedade pode, \u00e0s vezes, melhorar certos aspectos do desempenho cognitivo, particularmente em situa\u00e7\u00f5es onde a detec\u00e7\u00e3o de amea\u00e7as ou a vigil\u00e2ncia s\u00e3o cruciais. Esta melhoria, conhecida como &#8220;ansiedade facilitadora&#8221;, pode se manifestar por um melhor desempenho em tarefas de monitoramento ou de detec\u00e7\u00e3o de erros. No entanto, esses benef\u00edcios s\u00e3o geralmente de curta dura\u00e7\u00e3o e v\u00eam acompanhados de um alto custo energ\u00e9tico.<\/pee>\n<pee>A longo prazo, o impacto da ansiedade sobre o desempenho cognitivo tende a ser majoritariamente negativo. Estudos longitudinais mostram que a ansiedade cr\u00f4nica pode acelerar o decl\u00ednio cognitivo normal relacionado \u00e0 idade e aumentar o risco de desenvolver dist\u00farbios cognitivos mais severos. Esta degrada\u00e7\u00e3o progressiva ressalta a import\u00e2ncia de um manejo precoce e adequado dos dist\u00farbios de ansiedade.<\/pee>\n<div class=\"tip-box\">\n<div class=\"tip-box-label\">\ud83d\udcca Avalia\u00e7\u00e3o Cognitiva<\/div>\n<pee>Uma avalia\u00e7\u00e3o cognitiva regular pode ajudar a detectar precocemente os sinais de degrada\u00e7\u00e3o e a ajustar as estrat\u00e9gias de interven\u00e7\u00e3o. Os ferramentas de avalia\u00e7\u00e3o integradas ao <a href=\"https:\/\/www.dynseo.com\/pt-pt\/coco-pensa-e-coco-se-mexe\/\" style=\"color: var(--primary); font-weight: 600;\">COCO PENSA<\/a> permitem um acompanhamento objetivo e personalizado da evolu\u00e7\u00e3o cognitiva.<\/pee>\n            <\/div>\n<h3>Fatores moduladores da performance<\/h3>\n<pee>V\u00e1rios fatores podem modular o impacto da ansiedade na performance cognitiva. A idade desempenha um papel crucial: os jovens adultos geralmente mostram uma melhor resist\u00eancia aos efeitos cognitivos da ansiedade, enquanto as pessoas idosas podem ser mais vulner\u00e1veis. O n\u00edvel de educa\u00e7\u00e3o e as reservas cognitivas constitu\u00eddas ao longo da vida tamb\u00e9m podem oferecer uma prote\u00e7\u00e3o relativa contra os efeitos delet\u00e9rios da ansiedade.<\/pee>\n<pee>O tipo e a severidade do transtorno de ansiedade tamb\u00e9m influenciam o perfil de performance cognitiva. A ansiedade generalizada tende a afetar amplamente todas as fun\u00e7\u00f5es cognitivas, enquanto as fobias espec\u00edficas podem ter um impacto mais circunscrito. Os transtornos de p\u00e2nico, com seus sintomas f\u00edsicos intensos, podem particularmente perturbar as tarefas que exigem aten\u00e7\u00e3o sustentada.<\/pee>\n<h2>9. Mecanismos neurobiol\u00f3gicos da ansiedade cognitiva<\/h2>\n<pee>Para compreender plenamente o impacto dos transtornos de ansiedade na cogni\u00e7\u00e3o, \u00e9 essencial examinar os mecanismos neurobiol\u00f3gicos subjacentes. A ansiedade desencadeia uma cascata complexa de rea\u00e7\u00f5es neurol\u00f3gicas e bioqu\u00edmicas que afetam diretamente o funcionamento dos circuitos cognitivos. No centro desses mecanismos est\u00e1 o eixo hipot\u00e1lamo-hip\u00f3fise-adrenal (HHA), sistema de resposta ao estresse que, quando cronicamente ativado, pode ter consequ\u00eancias duradouras sobre a estrutura e a fun\u00e7\u00e3o cerebral.<\/pee>\n<pee>A am\u00edgdala, estrutura l\u00edmbica central no processamento das emo\u00e7\u00f5es e do medo, desempenha um papel preponderante nessa cascata ansiosa. Hiperativada em pessoas ansiosas, ela influencia diretamente as regi\u00f5es cognitivas do c\u00e9rebro, notadamente o c\u00f3rtex pr\u00e9-frontal e o hipocampo. Essa influ\u00eancia se traduz em uma modifica\u00e7\u00e3o das prioridades de processamento da informa\u00e7\u00e3o: o c\u00e9rebro privilegia as informa\u00e7\u00f5es emocionalmente carregadas em detrimento das tarefas cognitivas neutras.<\/pee>\n<pee>Os neurotransmissores envolvidos na ansiedade exercem tamb\u00e9m uma influ\u00eancia direta sobre as fun\u00e7\u00f5es cognitivas. O sistema GABA\u00e9rgico, principal sistema inibidor do c\u00e9rebro, v\u00ea sua efic\u00e1cia reduzida na ansiedade, levando a uma hiperexita\u00e7\u00e3o neuronal que pode perturbar os processos cognitivos finos. Paralelamente, os disfuncionamentos dos sistemas serotonin\u00e9rgico e noradren\u00e9rgico afetam respectivamente o humor e a vigil\u00e2ncia, criando um ambiente neuroqu\u00edmico pouco favor\u00e1vel \u00e0 efic\u00e1cia cognitiva.<\/pee>\n<div class=\"expert-box\">\n<div class=\"expert-box-label\">Pesquisa Avan\u00e7ada<\/div>\n<div class=\"expert-box-title\">Neuroplasticidade e recupera\u00e7\u00e3o<\/div>\n<pee>As \u00faltimas descobertas em neuroci\u00eancias mostram que o c\u00e9rebro conserva uma capacidade de recupera\u00e7\u00e3o not\u00e1vel, mesmo ap\u00f3s anos de ansiedade cr\u00f4nica. O treinamento cognitivo pode estimular a neurog\u00eanese e a sinaptog\u00eanese, permitindo uma restaura\u00e7\u00e3o parcial das fun\u00e7\u00f5es alteradas.<\/pee>\n<div class=\"expert-inner\">\n<div class=\"expert-inner-title\">Mecanismos de recupera\u00e7\u00e3o :<\/div>\n<pee>Estimula\u00e7\u00e3o da produ\u00e7\u00e3o de BDNF (fator neurotr\u00f3fico derivado do c\u00e9rebro), refor\u00e7o das conex\u00f5es sin\u00e1pticas no c\u00f3rtex pr\u00e9-frontal, regula\u00e7\u00e3o da atividade amigdala, e restaura\u00e7\u00e3o do equil\u00edbrio neurotransmissor.<\/pee>\n                <\/div>\n<\/p><\/div>\n<h3>Impacto na conectividade cerebral<\/h3>\n<pee>A ansiedade cr\u00f4nica tamb\u00e9m modifica os padr\u00f5es de conectividade entre diferentes regi\u00f5es cerebrais. As redes neuronais, esses conjuntos de regi\u00f5es que trabalham em conjunto para realizar fun\u00e7\u00f5es espec\u00edficas, t\u00eam sua coordena\u00e7\u00e3o perturbada. A rede do modo padr\u00e3o, ativa durante os per\u00edodos de descanso e crucial para a consolida\u00e7\u00e3o da mem\u00f3ria, pode se tornar hiperativa, favorecendo a rumina\u00e7\u00e3o em detrimento do processamento cognitivo adaptativo.<\/pee>\n<pee>Essas modifica\u00e7\u00f5es de conectividade n\u00e3o s\u00e3o apenas funcionais, mas podem tamb\u00e9m se tornar estruturais durante a ansiedade prolongada. A imagem por difus\u00e3o revela mudan\u00e7as na subst\u00e2ncia branca, afetando a velocidade e a efici\u00eancia da transmiss\u00e3o de informa\u00e7\u00f5es entre as regi\u00f5es cerebrais. Essa reorganiza\u00e7\u00e3o estrutural explica em parte por que os efeitos cognitivos da ansiedade podem persistir mesmo ap\u00f3s a resolu\u00e7\u00e3o dos sintomas ansiosos agudos.<\/pee>\n<h2>10. Estrat\u00e9gias de interven\u00e7\u00e3o e recupera\u00e7\u00e3o cognitiva<\/h2>\n<pee>Diante dos m\u00faltiplos impactos da ansiedade na cogni\u00e7\u00e3o, o desenvolvimento de estrat\u00e9gias de interven\u00e7\u00e3o eficazes representa um desafio importante. A abordagem terap\u00eautica moderna privilegia uma interven\u00e7\u00e3o multimodal, combinando diferentes abordagens para maximizar as chances de recupera\u00e7\u00e3o cognitiva. Essa abordagem integrada reconhece que a restaura\u00e7\u00e3o das fun\u00e7\u00f5es cognitivas requer uma a\u00e7\u00e3o simult\u00e2nea sobre os aspectos neurobiol\u00f3gicos, psicol\u00f3gicos e comportamentais da ansiedade.<\/pee>\n<pee>O treinamento cognitivo especializado ocupa um lugar central nessa abordagem de recupera\u00e7\u00e3o. Ao contr\u00e1rio das abordagens tradicionais que se contentam em tratar os sintomas ansiosos, o treinamento cognitivo visa diretamente restaurar e refor\u00e7ar as fun\u00e7\u00f5es mentais afetadas. Essa abordagem se baseia nos princ\u00edpios da neuroplasticidade, essa capacidade not\u00e1vel do c\u00e9rebro de se reorganizar e criar novas conex\u00f5es neuronais ao longo da vida.<\/pee>\n<pee>Os programas de treinamento cognitivo modernos, como os propostos por COCO PENSA, utilizam algoritmos adaptativos que ajustam automaticamente a dificuldade dos exerc\u00edcios de acordo com o desempenho individual. Essa personaliza\u00e7\u00e3o permite otimizar o treinamento mantendo um n\u00edvel de desafio ideal: suficientemente estimulante para favorecer a melhoria, mas n\u00e3o dif\u00edcil o bastante para gerar ansiedade adicional.<\/pee>\n<div class=\"conseil-card\">\n<h3>Princ\u00edpios do treinamento cognitivo eficaz<\/h3>\n<pee><strong>Especificidade :<\/strong> Direcionamento das fun\u00e7\u00f5es cognitivas especificamente afetadas pela ansiedade.<!\u2013- [et_pb_br_holder] -\u2013><br \/>\n                <strong>Progressividade :<\/strong> Aumento gradual da dificuldade para evitar a sobrecarga.<!\u2013- [et_pb_br_holder] -\u2013><br \/>\n                <strong>Variabilidade :<\/strong> Diversifica\u00e7\u00e3o dos exerc\u00edcios para favorecer a generaliza\u00e7\u00e3o.<!\u2013- [et_pb_br_holder] -\u2013><br \/>\n                <strong>Regularidade :<\/strong> Pr\u00e1tica frequente, mas curta, para manter o engajamento.<!\u2013- [et_pb_br_holder] -\u2013><br \/>\n                <strong>Motiva\u00e7\u00e3o :<\/strong> Integra\u00e7\u00e3o de elementos l\u00fadicos e de feedback positivo.<\/pee>\n            <\/div>\n<h3>Abordagens complementares<\/h3>\n<pee>Em paralelo ao treinamento cognitivo, outras interven\u00e7\u00f5es podem potencializar a recupera\u00e7\u00e3o cognitiva. A terapia cognitivo-comportamental (TCC) ajuda a identificar e modificar os padr\u00f5es de pensamento que mant\u00eam a ansiedade e seus efeitos cognitivos. As t\u00e9cnicas de mindfulness e de medita\u00e7\u00e3o podem melhorar a regula\u00e7\u00e3o atencional e reduzir a rumina\u00e7\u00e3o. O exerc\u00edcio f\u00edsico regular, particularmente o aer\u00f3bico, estimula a neurog\u00eanese e melhora o desempenho cognitivo global.<\/pee>\n<pee>A abordagem nutricional n\u00e3o deve ser negligenciada: certos nutrientes como os \u00f4mega-3, as vitaminas B e o magn\u00e9sio podem apoiar a fun\u00e7\u00e3o cerebral e reduzir a ansiedade. Da mesma forma, a otimiza\u00e7\u00e3o do sono, frequentemente perturbado nos dist\u00farbios de ansiedade, \u00e9 crucial para a consolida\u00e7\u00e3o das aprendizagens cognitivas e a recupera\u00e7\u00e3o das fun\u00e7\u00f5es mentais.<\/pee>\n<h2>11. Preven\u00e7\u00e3o e otimiza\u00e7\u00e3o cognitiva<\/h2>\n<pee>A preven\u00e7\u00e3o dos efeitos cognitivos da ansiedade representa um investimento crucial para manter um funcionamento mental \u00f3timo ao longo da vida. Esta abordagem preventiva se revela particularmente importante considerando a preval\u00eancia crescente dos dist\u00farbios de ansiedade em nossas sociedades modernas e sua tend\u00eancia a afetar popula\u00e7\u00f5es cada vez mais jovens. Uma interven\u00e7\u00e3o precoce pode n\u00e3o apenas prevenir o surgimento de d\u00e9ficits cognitivos, mas tamb\u00e9m refor\u00e7ar as reservas cognitivas que proteger\u00e3o o indiv\u00edduo diante dos desafios futuros.<\/pee>\n<pee>O conceito de reserva cognitiva, desenvolvido inicialmente no contexto do envelhecimento, tamb\u00e9m se aplica aos dist\u00farbios de ansiedade. Esta reserva, constitu\u00edda pela acumula\u00e7\u00e3o de experi\u00eancias cognitivas ricas e variadas, permite ao c\u00e9rebro resistir melhor \u00e0s agress\u00f5es e manter seu desempenho apesar das perturba\u00e7\u00f5es. A educa\u00e7\u00e3o, as atividades intelectuais estimulantes, o aprendizado de novas habilidades e o treinamento cognitivo regular contribuem todos para essa constru\u00e7\u00e3o de reservas protetoras.<\/pee>\n<pee>A identifica\u00e7\u00e3o precoce dos sinais precoces de impacto cognitivo da ansiedade permite uma interven\u00e7\u00e3o mais eficaz. Esses sinais podem incluir dificuldades de concentra\u00e7\u00e3o novas, esquecimentos incomuns, uma diminui\u00e7\u00e3o da velocidade de processamento ou dificuldades decis\u00f3rias. Uma avalia\u00e7\u00e3o cognitiva regular, facilitada por ferramentas digitais modernas, pode ajudar a detectar essas mudan\u00e7as sutis antes que se tornem problem\u00e1ticas.<\/pee>\n<div class=\"key-points\">\n<h3>Estrat\u00e9gias de preven\u00e7\u00e3o cognitiva:<\/h3>\n<ul>\n<li>Treinamento cognitivo preventivo regular<\/li>\n<li>Gest\u00e3o proativa do estresse e da ansiedade<\/li>\n<li>Manuten\u00e7\u00e3o de um estilo de vida cognitivo estimulante<\/li>\n<li>Monitoramento regular do desempenho cognitivo<\/li>\n<li>Desenvolvimento de estrat\u00e9gias de coping adaptativas<\/li>\n<li>Otimiza\u00e7\u00e3o dos fatores de estilo de vida (sono, exerc\u00edcio, nutri\u00e7\u00e3o)<\/li>\n<\/ul><\/div>\n<h3>A abordagem tecnol\u00f3gica moderna<\/h3>\n<pee>As tecnologias modernas oferecem oportunidades sem precedentes para a preven\u00e7\u00e3o e a otimiza\u00e7\u00e3o cognitiva. Os aplicativos de treinamento cognitivo, como COCO PENSA, permitem uma pr\u00e1tica regular, personalizada e acess\u00edvel. Essas ferramentas integram algoritmos sofisticados que se adaptam \u00e0s necessidades individuais e fornecem feedback em tempo real sobre os progressos alcan\u00e7ados.<\/pee>\n<pee>A intelig\u00eancia artificial tamb\u00e9m come\u00e7a a desempenhar um papel na previs\u00e3o e preven\u00e7\u00e3o dos decl\u00ednios cognitivos li<br \/>\n<script type=\"application\/ld+json\">\n{\n  \"@context\": \"https:\/\/schema.org\",\n  \"@graph\": [\n    {\n      \"@type\": \"Article\",\n      \"headline\": \"Comment les troubles anxieux affectent la cognition\",\n      \"description\": \"D\u00e9couvrez comment les troubles anxieux peuvent impacter vos capacit\u00e9s cognitives et apprenez les strat\u00e9gies pour pr\u00e9server votre sant\u00e9 mentale et cognitive.\",\n      \"url\": \"https:\/\/www.dynseo.com\/comment-les-troubles-anxieux-affectent-la-cognition\/\",\n      \"datePublished\": \"2026-04-08\",\n      \"dateModified\": \"2026-04-08\",\n      \"author\": {\n        \"@type\": \"Organization\",\n        \"name\": \"DYNSEO\",\n        \"url\": \"https:\/\/www.dynseo.com\"\n      },\n      \"publisher\": {\n        \"@type\": \"Organization\",\n        \"name\": \"DYNSEO\",\n        \"url\": \"https:\/\/www.dynseo.com\",\n        \"logo\": {\n          \"@type\": \"ImageObject\",\n          \"url\": \"https:\/\/www.dynseo.com\/wp-content\/uploads\/2023\/01\/logo-dynseo.png\"\n        }\n      },\n      \"image\": {\n        \"@type\": \"ImageObject\",\n        \"url\": \"https:\/\/www.dynseo.com\/wp-content\/uploads\/2026\/04\/troubles-anxieux-cognition.jpg\",\n        \"width\": 1200,\n        \"height\": 630\n      },\n      \"aggregateRating\": {\n        \"@type\": \"AggregateRating\",\n        \"ratingValue\": \"4.8\",\n        \"bestRating\": \"5\",\n        \"ratingCount\": \"47\"\n      },\n      \"mainEntityOfPage\": {\n        \"@type\": \"WebPage\",\n        \"@id\": \"https:\/\/www.dynseo.com\/comment-les-troubles-anxieux-affectent-la-cognition\/\"\n      }\n    },\n    {\n      \"@type\": \"WebPage\",\n      \"@id\": \"https:\/\/www.dynseo.com\/comment-les-troubles-anxieux-affectent-la-cognition\/\",\n      \"name\": \"Comment les troubles anxieux affectent la cognition\",\n      \"description\": \"D\u00e9couvrez comment les troubles anxieux peuvent impacter vos capacit\u00e9s cognitives et apprenez les strat\u00e9gies pour pr\u00e9server votre sant\u00e9 mentale et cognitive.\",\n      \"url\": \"https:\/\/www.dynseo.com\/comment-les-troubles-anxieux-affectent-la-cognition\/\",\n      \"breadcrumb\": {\n        \"@type\": \"BreadcrumbList\",\n        \"itemListElement\": [\n          {\n            \"@type\": \"ListItem\",\n            \"position\": 1,\n            \"name\": \"Accueil\",\n            \"item\": \"https:\/\/www.dynseo.com\"\n          },\n          {\n            \"@type\": \"ListItem\",\n            \"position\": 2,\n            \"name\": \"Blog\",\n            \"item\": \"https:\/\/www.dynseo.com\/blog\/\"\n          },\n          {\n            \"@type\": \"ListItem\",\n            \"position\": 3,\n            \"name\": \"Comment les troubles anxieux affectent la cognition\",\n            \"item\": \"https:\/\/www.dynseo.com\/comment-les-troubles-anxieux-affectent-la-cognition\/\"\n          }\n        ]\n      }\n    },\n    {\n      \"@type\": \"FAQPage\",\n      \"mainEntity\": [\n        {\n          \"@type\": \"Question\",\n          \"name\": \"Comment l'anxi\u00e9t\u00e9 affecte-t-elle les fonctions cognitives ?\",\n          \"acceptedAnswer\": {\n            \"@type\": \"Answer\",\n            \"text\": \"L'anxi\u00e9t\u00e9 peut affecter plusieurs fonctions cognitives incluant la concentra\u00e7\u00e3o, la mem\u00f3ria de travail, la prise de d\u00e9cision et l'attention. Elle peut cr\u00e9er des pens\u00e9es intrusives qui interf\u00e8rent avec les processus cognitifs normaux.\"\n          }\n        },\n        {\n          \"@type\": \"Question\",\n          \"name\": \"Quels sont les m\u00e9canismes neurologiques impliqu\u00e9s ?\",\n          \"acceptedAnswer\": {\n            \"@type\": \"Answer\",\n            \"text\": \"L'anxi\u00e9t\u00e9 active le syst\u00e8me nerveux sympathique et lib\u00e8re des hormones de stress comme le cortisol, qui peuvent affecter l'hippocampe (mem\u00f3ria) et le cortex pr\u00e9frontal (fonctions ex\u00e9cutives), perturbant ainsi les performances cognitives.\"\n          }\n        },\n        {\n          \"@type\": \"Question\",\n          \"name\": \"Comment peut-on am\u00e9liorer la cognition en pr\u00e9sence de troubles anxieux ?\",\n          \"acceptedAnswer\": {\n            \"@type\": \"Answer\",\n            \"text\": \"Plusieurs strat\u00e9gies peuvent aider : la th\u00e9rapie cognitive-comportementale, les techniques de relaxation, l'exercice physique r\u00e9gulier, la m\u00e9ditation, l'entra\u00eenement cognitif et dans certains cas, un traitement m\u00e9dicamenteux adapt\u00e9.\"\n          }\n        }\n      ]\n    }\n  ]\n}\n<\/script>[\/et_pb_code][\/et_pb_column][\/et_pb_row][\/et_pb_section]<\/p>\n","protected":false},"excerpt":{"rendered":"","protected":false},"author":4,"featured_media":416967,"comment_status":"closed","ping_status":"closed","sticky":false,"template":"","format":"standard","meta":{"_et_pb_use_builder":"on","_et_pb_old_content":"[et_pb_section fb_built=\"1\" _builder_version=\"4.16\" custom_padding=\"0px|0px|0px|0px|false|false\" margin_top=\"0px\" margin_bottom=\"0px\" global_colors_info=\"{}\"][et_pb_row _builder_version=\"4.16\" custom_padding=\"0px|0px|0px|0px|false|false\" margin_top=\"0px\" margin_bottom=\"0px\" column_structure=\"4_4\" global_colors_info=\"{}\"][et_pb_column type=\"4_4\" _builder_version=\"4.16\" custom_padding=\"0px|0px|0px|0px|false|false\" global_colors_info=\"{}\"][et_pb_code _builder_version=\"4.16\" custom_padding=\"0px|0px|0px|0px|false|false\" global_colors_info=\"{}\"]<!DOCTYPE html>\n<html lang=\"fr\">\n<head>\n    <meta charset=\"UTF-8\">\n    <meta name=\"viewport\" content=\"width=device-width, initial-scale=1.0\">\n    <title>Comment les troubles anxieux affectent la cognition | DYNSEO<\/title>\n    <meta name=\"description\" content=\"D\u00e9couvrez l'impact des troubles anxieux sur les fonctions cognitives : m\u00e9moire, attention, concentration et prise de d\u00e9cision. Solutions avec COCO PENSE et COCO BOUGE.\">\n    <link href=\"https:\/\/fonts.googleapis.com\/css2?family=Montserrat:wght@400;600;700;800&family=Poppins:wght@300;400;500;600;700&display=swap\" rel=\"stylesheet\">\n    \n    <style>\n        :root {\n            --primary: #5e5ed7;\n            --primary-dark: #5268c9;\n            --teal: #a9e2e4;\n            --yellow: #ffeca7;\n            --pink: #e73469;\n            --white: #ffffff;\n            --gray-100: #f8f9fa;\n            --gray-200: #e9ecef;\n            --gray-300: #dee2e6;\n            --gray-600: #6c757d;\n            --gray-800: #343a40;\n            --gray-900: #212529;\n        }\n\n        * { margin: 0; padding: 0; box-sizing: border-box; }\n\n        body {\n            font-family: 'Poppins', sans-serif;\n            line-height: 1.6;\n            color: var(--gray-800);\n            background: var(--white);\n        }\n\n        .article-hero {\n            background: linear-gradient(135deg, var(--primary) 0%, var(--primary-dark) 100%);\n            color: white;\n            padding: 80px 0 120px;\n            position: relative;\n            overflow: hidden;\n        }\n\n        .article-hero::before {\n            content: '';\n            position: absolute;\n            top: 0;\n            left: 0;\n            right: 0;\n            bottom: 0;\n            background: url('data:image\/svg+xml,<svg xmlns=\"http:\/\/www.w3.org\/2000\/svg\" viewBox=\"0 0 100 100\"><circle cx=\"20\" cy=\"20\" r=\"2\" fill=\"rgba(255,255,255,0.1)\"\/><circle cx=\"80\" cy=\"40\" r=\"1.5\" fill=\"rgba(255,255,255,0.1)\"\/><circle cx=\"40\" cy=\"80\" r=\"1\" fill=\"rgba(255,255,255,0.1)\"\/><\/svg>');\n            animation: float 20s ease-in-out infinite;\n        }\n\n        @keyframes float {\n            0%, 100% { transform: translateY(0px); }\n            50% { transform: translateY(-20px); }\n        }\n\n        .article-hero-inner {\n            max-width: 1200px;\n            margin: 0 auto;\n            padding: 0 20px;\n            position: relative;\n            z-index: 2;\n        }\n\n        .article-breadcrumb {\n            font-size: 14px;\n            margin-bottom: 20px;\n            opacity: 0.9;\n        }\n\n        .article-breadcrumb a {\n            color: white;\n            text-decoration: none;\n            opacity: 0.8;\n        }\n\n        .article-breadcrumb a:hover {\n            opacity: 1;\n        }\n\n        .article-category {\n            display: inline-block;\n            background: var(--pink);\n            color: white;\n            padding: 8px 20px;\n            border-radius: 25px;\n            font-size: 14px;\n            font-weight: 600;\n            margin-bottom: 30px;\n            text-transform: uppercase;\n            letter-spacing: 0.5px;\n        }\n\n        .article-hero h1 {\n            font-family: 'Montserrat', sans-serif;\n            font-size: 3.5rem;\n            font-weight: 800;\n            line-height: 1.2;\n            margin-bottom: 30px;\n            max-width: 900px;\n        }\n\n        .hl {\n            background: linear-gradient(120deg, var(--yellow) 0%, var(--teal) 100%);\n            color: var(--primary-dark);\n            padding: 0 12px;\n            border-radius: 8px;\n        }\n\n        .article-meta {\n            display: flex;\n            align-items: center;\n            gap: 30px;\n            margin-bottom: 40px;\n            font-size: 14px;\n        }\n\n        .article-meta > div {\n            display: flex;\n            align-items: center;\n            gap: 8px;\n        }\n\n        .stars {\n            color: var(--yellow);\n            font-size: 18px;\n        }\n\n        .article-hero-curve {\n            position: absolute;\n            bottom: -1px;\n            left: 0;\n            width: 100%;\n            height: 60px;\n            background: var(--white);\n            clip-path: ellipse(100% 100% at 50% 100%);\n        }\n\n        .article-body {\n            padding: 80px 0;\n            background: var(--white);\n        }\n\n        .container {\n            max-width: 1200px;\n            margin: 0 auto;\n            padding: 0 20px;\n        }\n\n        .intro-block {\n            background: var(--gray-100);\n            padding: 40px;\n            border-radius: 20px;\n            margin-bottom: 60px;\n            border-left: 6px solid var(--primary);\n            font-size: 18px;\n            line-height: 1.8;\n        }\n\n        .stats-grid {\n            display: grid;\n            grid-template-columns: repeat(auto-fit, minmax(250px, 1fr));\n            gap: 30px;\n            margin-bottom: 80px;\n        }\n\n        .stat-card {\n            background: linear-gradient(135deg, var(--primary) 0%, var(--primary-dark) 100%);\n            padding: 40px 30px;\n            border-radius: 20px;\n            text-align: center;\n            color: white;\n            box-shadow: 0 10px 30px rgba(94, 94, 215, 0.2);\n        }\n\n        .stat-card .number {\n            font-family: 'Montserrat', sans-serif;\n            font-size: 3rem;\n            font-weight: 800;\n            display: block;\n            margin-bottom: 10px;\n        }\n\n        .stat-card .label {\n            font-size: 16px;\n            opacity: 0.9;\n            line-height: 1.4;\n        }\n\n        h2 {\n            font-family: 'Montserrat', sans-serif;\n            font-size: 2.2rem;\n            font-weight: 700;\n            color: var(--primary-dark);\n            margin: 60px 0 30px;\n            position: relative;\n            padding-left: 20px;\n        }\n\n        h2::before {\n            content: '';\n            position: absolute;\n            left: 0;\n            top: 0;\n            height: 100%;\n            width: 6px;\n            background: linear-gradient(135deg, var(--primary) 0%, var(--pink) 100%);\n            border-radius: 3px;\n        }\n\n        h3 {\n            font-family: 'Montserrat', sans-serif;\n            font-size: 1.5rem;\n            font-weight: 600;\n            color: var(--primary-dark);\n            margin: 40px 0 20px;\n        }\n\n        p {\n            font-size: 16px;\n            line-height: 1.8;\n            margin-bottom: 20px;\n            color: var(--gray-800);\n        }\n\n        .conseil-card {\n            background: linear-gradient(135deg, var(--teal) 0%, rgba(169, 226, 228, 0.3) 100%);\n            padding: 30px;\n            border-radius: 15px;\n            margin: 30px 0;\n            border-left: 5px solid var(--primary);\n        }\n\n        .key-points {\n            background: var(--gray-100);\n            padding: 30px;\n            border-radius: 15px;\n            margin: 30px 0;\n        }\n\n        .key-points ul {\n            list-style: none;\n            padding-left: 0;\n        }\n\n        .key-points li {\n            position: relative;\n            padding-left: 30px;\n            margin-bottom: 15px;\n            font-weight: 500;\n        }\n\n        .key-points li::before {\n            content: '\u2713';\n            position: absolute;\n            left: 0;\n            color: var(--primary);\n            font-weight: bold;\n            font-size: 18px;\n        }\n\n        .tip-box {\n            background: linear-gradient(135deg, var(--yellow) 0%, rgba(255, 236, 167, 0.3) 100%);\n            padding: 25px;\n            border-radius: 15px;\n            margin: 30px 0;\n            position: relative;\n            border: 2px solid var(--yellow);\n        }\n\n        .tip-box-label {\n            font-family: 'Montserrat', sans-serif;\n            font-weight: 700;\n            color: var(--primary-dark);\n            font-size: 14px;\n            text-transform: uppercase;\n            letter-spacing: 1px;\n            margin-bottom: 15px;\n        }\n\n        .expert-box {\n            background: linear-gradient(135deg, var(--pink) 0%, rgba(231, 52, 105, 0.1) 100%);\n            padding: 30px;\n            border-radius: 15px;\n            margin: 30px 0;\n            border: 2px solid var(--pink);\n        }\n\n        .expert-box-label {\n            background: var(--pink);\n            color: white;\n            padding: 8px 16px;\n            border-radius: 20px;\n            font-size: 12px;\n            font-weight: 700;\n            text-transform: uppercase;\n            letter-spacing: 0.5px;\n            display: inline-block;\n            margin-bottom: 15px;\n        }\n\n        .expert-box-title {\n            font-family: 'Montserrat', sans-serif;\n            font-size: 1.3rem;\n            font-weight: 600;\n            color: var(--primary-dark);\n            margin-bottom: 15px;\n        }\n\n        .expert-inner {\n            background: white;\n            padding: 25px;\n            border-radius: 12px;\n            margin-top: 20px;\n        }\n\n        .expert-inner-title {\n            font-family: 'Montserrat', sans-serif;\n            font-weight: 600;\n            color: var(--primary-dark);\n            margin-bottom: 15px;\n        }\n\n        .faq-list {\n            margin: 60px 0;\n        }\n\n        .faq-item {\n            background: white;\n            border: 2px solid var(--gray-200);\n            border-radius: 15px;\n            margin-bottom: 15px;\n            overflow: hidden;\n            transition: all 0.3s ease;\n        }\n\n        .faq-item:hover {\n            border-color: var(--primary);\n        }\n\n        .faq-item.open {\n            border-color: var(--primary);\n            box-shadow: 0 5px 20px rgba(94, 94, 215, 0.1);\n        }\n\n        .faq-q {\n            padding: 25px 30px;\n            cursor: pointer;\n            display: flex;\n            justify-content: space-between;\n            align-items: center;\n            font-weight: 600;\n            color: var(--primary-dark);\n            background: var(--gray-100);\n            transition: background 0.3s ease;\n        }\n\n        .faq-item.open .faq-q {\n            background: var(--primary);\n            color: white;\n        }\n\n        .faq-icon {\n            font-size: 24px;\n            transition: transform 0.3s ease;\n        }\n\n        .faq-item.open .faq-icon {\n            transform: rotate(45deg);\n        }\n\n        .faq-a {\n            padding: 0 30px;\n            max-height: 0;\n            overflow: hidden;\n            transition: all 0.3s ease;\n        }\n\n        .faq-item.open .faq-a {\n            padding: 25px 30px;\n            max-height: 500px;\n        }\n\n        .cta-box {\n            background: linear-gradient(135deg, var(--primary) 0%, var(--primary-dark) 100%);\n            padding: 50px;\n            border-radius: 25px;\n            text-align: center;\n            color: white;\n            margin: 60px 0;\n        }\n\n        .cta-box h3 {\n            color: white;\n            margin-bottom: 20px;\n            font-size: 2rem;\n        }\n\n        .cta-buttons {\n            display: flex;\n            gap: 20px;\n            justify-content: center;\n            margin-top: 30px;\n            flex-wrap: wrap;\n        }\n\n        .btn-white {\n            background: white;\n            color: var(--primary);\n            padding: 15px 30px;\n            border: none;\n            border-radius: 25px;\n            font-weight: 600;\n            text-decoration: none;\n            display: inline-block;\n            transition: all 0.3s ease;\n        }\n\n        .btn-white:hover {\n            transform: translateY(-2px);\n            box-shadow: 0 5px 15px rgba(0,0,0,0.2);\n        }\n\n        .btn-outline {\n            background: transparent;\n            color: white;\n            padding: 15px 30px;\n            border: 2px solid white;\n            border-radius: 25px;\n            font-weight: 600;\n            text-decoration: none;\n            display: inline-block;\n            transition: all 0.3s ease;\n        }\n\n        .btn-outline:hover {\n            background: white;\n            color: var(--primary);\n        }\n\n        .article-tags {\n            display: flex;\n            flex-wrap: wrap;\n            gap: 10px;\n            margin-top: 60px;\n        }\n\n        .article-tag {\n            background: var(--gray-100);\n            color: var(--gray-600);\n            padding: 8px 16px;\n            border-radius: 20px;\n            font-size: 14px;\n            text-decoration: none;\n            transition: all 0.3s ease;\n        }\n\n        .article-tag:hover {\n            background: var(--primary);\n            color: white;\n        }\n\n        @media (max-width: 768px) {\n            .article-hero h1 { font-size: 2.5rem; }\n            .article-meta { flex-direction: column; align-items: flex-start; gap: 15px; }\n            .stats-grid { grid-template-columns: repeat(auto-fit, minmax(200px, 1fr)); }\n            h2 { font-size: 1.8rem; }\n            .cta-buttons { flex-direction: column; align-items: center; }\n        }\n    <\/style>\n<\/head>\n<body><section class=\"article-hero\">\n    <div class=\"article-hero-inner\">\n        <div class=\"article-breadcrumb\">\n            <a href=\"https:\/\/www.dynseo.com\/\">In\u00edcio<\/a> > <a href=\"https:\/\/www.dynseo.com\/blog\/\">Blog<\/a> > Dist\u00farbios ansiosos e cogni\u00e7\u00e3o\n        <\/div>\n        <div class=\"article-category\">Sa\u00fade Cognitiva<\/div>\n        <h1>Como os dist\u00farbios <span class=\"hl\">ansiosos afetam<\/span> a cogni\u00e7\u00e3o<\/h1>\n        <div class=\"article-meta\">\n            <div>\ud83d\udcc5 Abril 2026<\/div>\n            <div>\u23f1\ufe0f 15 min de leitura<\/div>\n            <div>\ud83d\udc65 Todo p\u00fablico<\/div>\n            <div class=\"stars\">\u2b50\u2b50\u2b50\u2b50\u2b50 4.8\/5<\/div>\n        <\/div>\n    <\/div>\n    <div class=\"article-hero-curve\"><\/div>\n<\/section>\n\n<div class=\"article-body\">\n    <div class=\"container\">\n        <div class=\"intro-block\">\n            Os dist\u00farbios ansiosos representam um dos desafios maiores da nossa \u00e9poca, afetando cerca de 300 milh\u00f5es de pessoas no mundo. Al\u00e9m de seu impacto emocional bem conhecido, esses dist\u00farbios exercem uma influ\u00eancia profunda e muitas vezes subestimada sobre nossas capacidades cognitivas. Da mem\u00f3ria \u00e0 tomada de decis\u00e3o, passando pela aten\u00e7\u00e3o e concentra\u00e7\u00e3o, a ansiedade modifica fundamentalmente nossa forma de processar a informa\u00e7\u00e3o e interagir com nosso ambiente. Compreender esses mecanismos se revela essencial para desenvolver estrat\u00e9gias eficazes de manejo e de melhoria da qualidade de vida. Esta explora\u00e7\u00e3o detalhada permitir\u00e1 que voc\u00ea compreenda as sutilezas dessa rela\u00e7\u00e3o complexa entre ansiedade e cogni\u00e7\u00e3o, ao mesmo tempo em que descobre solu\u00e7\u00f5es concretas para preservar e otimizar suas capacidades mentais.\n        <\/div>\n\n        <div class=\"stats-grid\">\n            <div class=\"stat-card\">\n                <span class=\"number\">264M<\/span>\n                <span class=\"label\">Pessoas afetadas pela ansiedade no mundo<\/span>\n            <\/div>\n            <div class=\"stat-card\">\n                <span class=\"number\">75%<\/span>\n                <span class=\"label\">Redu\u00e7\u00e3o da mem\u00f3ria de trabalho durante crises ansiosas<\/span>\n            <\/div>\n            <div class=\"stat-card\">\n                <span class=\"number\">40%<\/span>\n                <span class=\"label\">Diminui\u00e7\u00e3o da concentra\u00e7\u00e3o em ansiosos<\/span>\n            <\/div>\n<div class=\"stat-card\">\n                    <span class=\"number\">85%<\/span>\n                    <span class=\"label\">Melhoria poss\u00edvel com um treinamento cognitivo adequado<\/span>\n                <\/div>\n            <\/div>\n\n            <h2>1. O impacto dos dist\u00farbios ansiosos na mem\u00f3ria<\/h2>\n            \n            <p>A ansiedade exerce um efeito particularmente destrutivo sobre nosso sistema mn\u00e9sico, alterando tanto a codifica\u00e7\u00e3o, o armazenamento quanto a recupera\u00e7\u00e3o das informa\u00e7\u00f5es. Quando nos deparamos com situa\u00e7\u00f5es ansiosas, nosso c\u00e9rebro ativa prioritariamente os circuitos de detec\u00e7\u00e3o de amea\u00e7as, desviando os recursos cognitivos normalmente dedicados aos processos de memoriza\u00e7\u00e3o. Essa realoca\u00e7\u00e3o dos recursos neurais pode comprometer seriamente nossa capacidade de formar novas mem\u00f3rias ou acessar aquelas j\u00e1 existentes.<\/p>\n\n            <p>A mem\u00f3ria de trabalho, verdadeiro cruzamento de nossas opera\u00e7\u00f5es mentais, se encontra particularmente vulner\u00e1vel diante da ansiedade. Essa forma de mem\u00f3ria de curto prazo, que nos permite manipular temporariamente informa\u00e7\u00f5es para realizar tarefas complexas, v\u00ea sua capacidade reduzida de maneira significativa durante epis\u00f3dios ansiosos. As pesquisas mostram que uma pessoa ansiosa pode perder at\u00e9 75% de sua capacidade de mem\u00f3ria de trabalho, tornando dif\u00edceis as atividades que exigem manter v\u00e1rios elementos em mente simultaneamente.<\/p>\n\n            <p>Os mecanismos neurobiol\u00f3gicos subjacentes a essa altera\u00e7\u00e3o envolvem principalmente a ativa\u00e7\u00e3o excessiva da am\u00edgdala e a libera\u00e7\u00e3o de hormonas do estresse como o cortisol. Essa cascata bioqu\u00edmica interfere no funcionamento normal do hipocampo, estrutura cerebral essencial \u00e0 forma\u00e7\u00e3o das mem\u00f3rias. O cortisol, em particular, pode danificar os neur\u00f4nios hipocampais durante exposi\u00e7\u00f5es prolongadas, criando dificuldades mn\u00e9sicas duradouras.<\/p>\n\n            <div class=\"conseil-card\">\n                <h3>Os diferentes tipos de mem\u00f3ria afetados<\/h3>\n                <p>A ansiedade n\u00e3o afeta todos os tipos de mem\u00f3ria de maneira uniforme. A mem\u00f3ria declarativa, que diz respeito aos fatos e eventos conscientes, geralmente sofre as perturba\u00e7\u00f5es mais importantes. Em contrapartida, a mem\u00f3ria procedural, relacionada aos automatismos e \u00e0s habilidades motoras, muitas vezes permanece preservada, explicando por que podemos continuar a realizar gestos familiares mesmo em estado de ansiedade intensa.<\/p>\n            <\/div>\n\n            <h3>Estrat\u00e9gias de compensa\u00e7\u00e3o mn\u00e9sica<\/h3>\n            \n            <p>Diante desses d\u00e9ficits, o c\u00e9rebro ansioso desenvolve \u00e0s vezes estrat\u00e9gias de compensa\u00e7\u00e3o que podem se mostrar contraproducentes. A rumina\u00e7\u00e3o, por exemplo, representa uma tentativa de refor\u00e7o mn\u00e9sico por meio da repeti\u00e7\u00e3o, mas consome recursos cognitivos valiosos e pode paradoxalmente agravar os dist\u00farbios de mem\u00f3ria. Da mesma forma, a evita\u00e7\u00e3o cognitiva, estrat\u00e9gia defensiva que consiste em fugir de certos pensamentos ou situa\u00e7\u00f5es, pode levar a um empobrecimento da base mn\u00e9sica e a uma diminui\u00e7\u00e3o das capacidades de aprendizado.<\/p>\n<div class=\"key-points\">\n                <h3>Pontos-chave sobre a ansiedade e a mem\u00f3ria:<\/h3>\n                <ul>\n                    <li>Redu\u00e7\u00e3o significativa da mem\u00f3ria de trabalho (at\u00e9 75%)<\/li>\n                    <li>Perturba\u00e7\u00e3o da codifica\u00e7\u00e3o de novas informa\u00e7\u00f5es<\/li>\n                    <li>Dificuldades de acesso \u00e0s mem\u00f3rias armazenadas<\/li>\n                    <li>Impacto particularmente acentuado na mem\u00f3ria declarativa<\/li>\n                    <li>Preserva\u00e7\u00e3o relativa da mem\u00f3ria procedural<\/li>\n                    <li>Desenvolvimento de estrat\u00e9gias de compensa\u00e7\u00e3o frequentemente ineficazes<\/li>\n                <\/ul>\n            <\/div>\n\n            <h2>2. A aten\u00e7\u00e3o sob a influ\u00eancia da ansiedade<\/h2>\n\n            <p>A aten\u00e7\u00e3o constitui o filtro fundamental atrav\u00e9s do qual percebemos e processamos nosso ambiente. Em pessoas que sofrem de dist\u00farbios de ansiedade, esse sistema atencional sofre modifica\u00e7\u00f5es profundas que alteram consideravelmente a qualidade da experi\u00eancia di\u00e1ria. A ansiedade induz um fen\u00f4meno chamado \"vi\u00e9s atencional\", caracterizado por uma orienta\u00e7\u00e3o preferencial e frequentemente autom\u00e1tica da aten\u00e7\u00e3o para os est\u00edmulos percebidos como amea\u00e7adores ou perigosos.<\/p>\n\n            <p>Esse vi\u00e9s atencional se manifesta de v\u00e1rias maneiras na vida cotidiana. Uma vigil\u00e2ncia excessiva aos sinais de perigo, mesmo m\u00ednimos, pode levar a uma hipervigil\u00e2ncia exaustiva. Por exemplo, uma pessoa ansiosa em um ambiente social prestar\u00e1 aten\u00e7\u00e3o desproporcional \u00e0s express\u00f5es faciais negativas, aos sil\u00eancios na conversa ou aos sinais de irrita\u00e7\u00e3o em seus interlocutores, negligenciando os sinais positivos ou neutros que poderiam equilibrar sua percep\u00e7\u00e3o da situa\u00e7\u00e3o.<\/p>\n\n            <p>A aten\u00e7\u00e3o seletiva, normalmente eficaz para se concentrar nas informa\u00e7\u00f5es relevantes, torna-se r\u00edgida e disfuncional. Em vez de filtrar os distraidores para se focar na tarefa em andamento, o sistema atencional ansioso permanece constantemente em alerta, vasculhando o ambiente em busca de amea\u00e7as potenciais. Essa vigil\u00e2ncia constante esgota os recursos cognitivos e mant\u00e9m um estado de tens\u00e3o permanente.<\/p>\n\n            <div class=\"tip-box\">\n<div class=\"tip-box-label\">\ud83d\udca1 Dica Pr\u00e1tica<\/div>\n                <p>Para combater os efeitos da ansiedade na aten\u00e7\u00e3o, pratique a \"regra dos 5-4-3-2-1\": identifique conscientemente 5 coisas que voc\u00ea v\u00ea, 4 que voc\u00ea toca, 3 que voc\u00ea ouve, 2 que voc\u00ea sente e 1 que voc\u00ea prova. Esta t\u00e9cnica de grounding ajuda a reorientar a aten\u00e7\u00e3o para o presente.<\/p>\n            <\/div>\n\n            <h3>Os mecanismos neurais da perturba\u00e7\u00e3o atencional<\/h3>\n\n            <p>No plano neurobiol\u00f3gico, a ansiedade modifica o equil\u00edbrio entre diferentes redes atencionais do c\u00e9rebro. A rede de alerta, principalmente orquestrada pelo locus coeruleus e suas proje\u00e7\u00f5es noradren\u00e9rgicas, torna-se hiperativa, mantendo um estado de vig\u00edlia excessiva. Paralelamente, a rede executiva, centrada no c\u00f3rtex pr\u00e9-frontal, v\u00ea sua efic\u00e1cia diminu\u00edda, reduzindo nossa capacidade de controlar voluntariamente nossa aten\u00e7\u00e3o e reorient\u00e1-la para elementos mais adequados.<\/p>\n\n            <p>Essa disfun\u00e7\u00e3o tamb\u00e9m afeta a aten\u00e7\u00e3o dividida, essa capacidade preciosa de processar simultaneamente v\u00e1rias fontes de informa\u00e7\u00e3o. Em nossa sociedade multitarefa, essa compet\u00eancia \u00e9 essencial, mas a ansiedade a compromete seriamente. Uma pessoa ansiosa ter\u00e1 dificuldades em acompanhar uma conversa enquanto toma notas, ou em dirigir ouvindo as not\u00edcias no r\u00e1dio, tarefas que normalmente s\u00e3o autom\u00e1ticas.<\/p>\n\n            <div class=\"expert-box\">\n                <div class=\"expert-box-label\">Especialista DYNSEO<\/div>\n                <div class=\"expert-box-title\">O treinamento atencional com COCO PENSA<\/div>\n                <p>Nossos programas de treinamento cognitivo integram exerc\u00edcios especificamente projetados para restaurar a flexibilidade atencional. <a href=\"https:\/\/www.dynseo.com\/pt-pt\/coco-pensa-e-coco-se-mexe\/\" style=\"color: var(--primary); font-weight: 600;\">COCO PENSA<\/a> prop\u00f5e atividades progressivas que ajudam a recondicionar os circuitos atencionais e a desenvolver uma aten\u00e7\u00e3o mais adaptativa e menos reativa aos est\u00edmulos ansiosos.<\/p>\n                <div class=\"expert-inner\">\n<div class=\"expert-inner-title\">Benef\u00edcios do treinamento atencional :<\/div>\n                    <p>Redu\u00e7\u00e3o do vi\u00e9s atencional negativo, melhoria da concentra\u00e7\u00e3o sustentada, desenvolvimento da flexibilidade cognitiva e fortalecimento do controle executivo da aten\u00e7\u00e3o.<\/p>\n                <\/div>\n            <\/div>\n\n            <h2>3. Dist\u00farbios de ansiedade e tomada de decis\u00e3o<\/h2>\n\n            <p>A tomada de decis\u00e3o representa uma das fun\u00e7\u00f5es cognitivas mais complexas e vulner\u00e1veis frente aos dist\u00farbios de ansiedade. Este processo, que envolve a avalia\u00e7\u00e3o das op\u00e7\u00f5es, a antecipa\u00e7\u00e3o das consequ\u00eancias e a sele\u00e7\u00e3o de um curso de a\u00e7\u00e3o, \u00e9 profundamente perturbado pela ansiedade. As pessoas ansiosas frequentemente desenvolvem uma avers\u00e3o marcada pela incerteza, caracter\u00edstica intr\u00ednseca de muitas decis\u00f5es, o que pode levar a bloqueios decis\u00f3rios ou a escolhas sub-otimais.<\/p>\n\n            <p>A ansiedade altera nossa capacidade de avaliar objetivamente as probabilidades e os riscos. O c\u00e9rebro ansioso tende a superestimar a probabilidade de ocorr\u00eancia de eventos negativos enquanto subestima nossa capacidade de lidar com eles. Essa distor\u00e7\u00e3o cognitiva, conhecida como \"vi\u00e9s de probabilidade\", pode levar a decis\u00f5es excessivamente cautelosas ou ao completo evitamento de certas escolhas, mesmo quando poderiam ser ben\u00e9ficas.<\/p>\n\n            <p>O processo decis\u00f3rio tamb\u00e9m envolve a mem\u00f3ria de trabalho para manter em mente as diferentes op\u00e7\u00f5es e suas consequ\u00eancias. Como vimos, a ansiedade reduz significativamente essa capacidade, limitando o n\u00famero de alternativas que podemos considerar simultaneamente. Essa limita\u00e7\u00e3o pode levar a decis\u00f5es simplistas, baseadas em um n\u00famero reduzido de crit\u00e9rios, ou a uma depend\u00eancia excessiva de heur\u00edsticas mentais que, embora \u00fateis, podem \u00e0s vezes nos induzir em erro.<\/p>\n<div class=\"conseil-card\">\n                <h3>A paralisia decisional<\/h3>\n                <p>Um dos fen\u00f4menos mais incapacitantes associados \u00e0 ansiedade decisional \u00e9 a paralisia da escolha. Diante da incerteza e do medo de fazer a \"escolha errada\", algumas pessoas se encontram na incapacidade total de tomar uma decis\u00e3o, mesmo que menor. Essa paralisia pode se estender gradualmente a \u00e1reas cada vez mais amplas da vida cotidiana, criando um ciclo vicioso de evita\u00e7\u00e3o e refor\u00e7o da ansiedade.<\/p>\n            <\/div>\n\n            <h3>O impacto emocional na racionalidade<\/h3>\n\n            <p>A ansiedade introduz uma forte componente emocional no processo decisional, perturbando o equil\u00edbrio normal entre raz\u00e3o e emo\u00e7\u00e3o. O sistema l\u00edmbico, centro das emo\u00e7\u00f5es, pode \"desviar\" os circuitos pr\u00e9-frontais respons\u00e1veis pela an\u00e1lise racional, levando a decis\u00f5es impulsivas baseadas na evita\u00e7\u00e3o da ansiedade em vez da otimiza\u00e7\u00e3o dos resultados. Essa influ\u00eancia emocional tamb\u00e9m pode se manifestar por uma tend\u00eancia a buscar excessivamente a aprova\u00e7\u00e3o dos outros antes de tomar uma decis\u00e3o, reduzindo a autonomia e a confian\u00e7a em si mesmo.<\/p>\n\n            <p>As neuroci\u00eancias revelam que a ansiedade modifica a atividade de regi\u00f5es cerebrais-chave envolvidas na tomada de decis\u00e3o. O c\u00f3rtex orbitofrontal, essencial para a avalia\u00e7\u00e3o de recompensas e puni\u00e7\u00f5es, mostra uma atividade alterada em pessoas ansiosas. Da mesma forma, o c\u00f3rtex cingulado anterior, envolvido na resolu\u00e7\u00e3o de conflitos cognitivos, pode estar hiperativado, criando uma rumina\u00e7\u00e3o excessiva em torno das escolhas a serem feitas.<\/p>\n<div class=\"key-points\">\n                <h3>Caracter\u00edsticas da tomada de decis\u00e3o ansiosa:<\/h3>\n                <ul>\n                    <li>Superestima\u00e7\u00e3o dos riscos e probabilidades negativas<\/li>\n                    <li>Evita\u00e7\u00e3o de situa\u00e7\u00f5es de incerteza<\/li>\n                    <li>Paralisia decisional em casos severos<\/li>\n                    <li>Busca excessiva de reasseguramento<\/li>\n                    <li>Decis\u00f5es baseadas na evita\u00e7\u00e3o em vez da abordagem<\/li>\n                    <li>Rumina\u00e7\u00e3o prolongada em torno das escolhas<\/li>\n                <\/ul>\n            <\/div>\n\n            <h2>4. Velocidade de processamento e ansiedade<\/h2>\n\n            <p>A velocidade de processamento da informa\u00e7\u00e3o constitui um aspecto fundamental da efic\u00e1cia cognitiva, determinando nossa capacidade de reagir rapidamente e adequadamente aos est\u00edmulos do nosso ambiente. A ansiedade exerce um efeito paradoxal sobre essa fun\u00e7\u00e3o: de um lado, pode acelerar o processamento de certos tipos de informa\u00e7\u00e3o (notadamente aquelas relacionadas a amea\u00e7as), mas, por outro lado, desacelera consideravelmente o processamento cognitivo global, criando uma sensa\u00e7\u00e3o de \"neblina mental\" caracter\u00edstica dos estados ansiosos.<\/p>\n\n            <p>Essa desacelera\u00e7\u00e3o se explica por v\u00e1rios mecanismos neurobiol\u00f3gicos complexos. A ativa\u00e7\u00e3o cr\u00f4nica do sistema de estresse leva a uma libera\u00e7\u00e3o sustentada de cortisol, que pode afetar a velocidade de condu\u00e7\u00e3o nervosa e a efic\u00e1cia sin\u00e1ptica. Al\u00e9m disso, a hipervigil\u00e2ncia caracter\u00edstica da ansiedade cria um \"engarrafamento\" cognitivo: o c\u00e9rebro tenta processar simultaneamente muitas informa\u00e7\u00f5es, reduzindo a efic\u00e1cia geral do sistema.<\/p>\n\n            <p>No dia a dia, essa diminui\u00e7\u00e3o da velocidade de processamento se manifesta por muitos sintomas sutis, mas inc\u00f4modos. As conversas parecem ir \"r\u00e1pido demais\", exigindo um esfor\u00e7o adicional para acompanhar o fio das trocas. A leitura torna-se mais trabalhosa, requerendo v\u00e1rias passagens sobre o mesmo par\u00e1grafo para entender o sentido. As tarefas profissionais levam mais tempo para serem conclu\u00eddas, n\u00e3o por falta de habilidades, mas por uma diminui\u00e7\u00e3o da efic\u00e1cia cognitiva.<\/p>\n\n            <div class=\"tip-box\">\n<div class=\"tip-box-label\">\ud83e\udde0 Exerc\u00edcio Cognitivo<\/div>\n                <p>Para melhorar sua velocidade de processamento, pratique diariamente exerc\u00edcios de c\u00e1lculo mental r\u00e1pido ou de leitura cronometrada. Essas atividades, dispon\u00edveis em <a href=\"https:\/\/www.dynseo.com\/pt-pt\/coco-pensa-e-coco-se-mexe\/\" style=\"color: var(--primary); font-weight: 600;\">COCO PENSA<\/a>, estimulam os circuitos neurais respons\u00e1veis pela rapidez cognitiva.<\/p>\n            <\/div>\n\n            <h3>O efeito da idade e da ansiedade na velocidade cognitiva<\/h3>\n\n            <p>A intera\u00e7\u00e3o entre a idade e a ansiedade cria desafios particulares para a velocidade de processamento. Enquanto o envelhecimento normal \u00e9 acompanhado por um lento decl\u00ednio das fun\u00e7\u00f5es cognitivas, a ansiedade pode acelerar ou amplificar esse processo. Em pessoas idosas ansiosas, a combina\u00e7\u00e3o desses dois fatores pode levar a dificuldades cognitivas significativas, frequentemente confundidas erroneamente com o in\u00edcio de dem\u00eancia.<\/p>\n\n            <p>As pesquisas mostram que o treinamento cognitivo pode melhorar consideravelmente a velocidade de processamento, mesmo em pessoas que sofrem de ansiedade cr\u00f4nica. Exerc\u00edcios espec\u00edficos, progressivos e adaptados podem restaurar parte da efic\u00e1cia perdida e dar aos pacientes uma sensa\u00e7\u00e3o de controle sobre suas capacidades cognitivas. Essa recupera\u00e7\u00e3o frequentemente contribui para reduzir a pr\u00f3pria ansiedade, criando um c\u00edrculo virtuoso de melhoria.<\/p>\n\n            <div class=\"expert-box\">\n                <div class=\"expert-box-label\">Pesquisa DYNSEO<\/div>\n                <div class=\"expert-box-title\">Neuroplasticidade e recupera\u00e7\u00e3o cognitiva<\/div>\n                <p>Nossos estudos cl\u00ednicos demonstram que o c\u00e9rebro mant\u00e9m uma capacidade not\u00e1vel de adapta\u00e7\u00e3o, mesmo diante da ansiedade cr\u00f4nica. O treinamento cognitivo regular pode estimular a neuroplasticidade e melhorar significativamente a velocidade de processamento em apenas algumas semanas.<\/p>\n                <div class=\"expert-inner\">\n<div class=\"expert-inner-title\">Protocolos de treinamento eficazes :<\/div>\n                    <p>Sess\u00f5es curtas, mas frequentes (15-20 minutos por dia), exerc\u00edcios variados visando diferentes aspectos da velocidade cognitiva, progress\u00e3o adaptativa de acordo com o desempenho individual e integra\u00e7\u00e3o de elementos motivacionais para manter o engajamento.<\/p>\n                <\/div>\n            <\/div>\n\n            <h2>5. Concentra\u00e7\u00e3o e dist\u00farbios ansiosos<\/h2>\n\n            <p>A concentra\u00e7\u00e3o representa nossa capacidade de manter voluntariamente nossa aten\u00e7\u00e3o em uma tarefa ou est\u00edmulo espec\u00edfico por um per\u00edodo prolongado. Essa fun\u00e7\u00e3o cognitiva superior \u00e9 particularmente vulner\u00e1vel frente aos dist\u00farbios ansiosos, que fragmentam e dispersam nosso foco mental. A ansiedade cria um estado de \"multitarefa involunt\u00e1ria\" onde uma parte de nossos recursos cognitivos permanece constantemente mobilizada pela vigil\u00e2ncia de amea\u00e7as potenciais, reduzindo assim os recursos dispon\u00edveis para a tarefa principal.<\/p>\n\n            <p>O mecanismo de perturba\u00e7\u00e3o da concentra\u00e7\u00e3o pela ansiedade envolve uma competi\u00e7\u00e3o entre dois sistemas atencionais: o sistema bottom-up (ascendente), ativado automaticamente pelos est\u00edmulos ansiosos, e o sistema top-down (descendente), sob controle volunt\u00e1rio e necess\u00e1rio para a concentra\u00e7\u00e3o. Quando a ansiedade est\u00e1 presente, o sistema bottom-up torna-se hiperativo, \"desviando\" regularmente a aten\u00e7\u00e3o de seu objetivo inicial para preocupa\u00e7\u00f5es relacionadas \u00e0s inquieta\u00e7\u00f5es.<\/p>\n\n            <p>Essa fragmenta\u00e7\u00e3o atencional se manifesta concretamente por uma diminui\u00e7\u00e3o da dura\u00e7\u00e3o da concentra\u00e7\u00e3o sustentada. Enquanto uma pessoa n\u00e3o ansiosa pode manter sua aten\u00e7\u00e3o em uma tarefa complexa por 45 minutos a uma hora, uma pessoa ansiosa ver\u00e1 essa dura\u00e7\u00e3o reduzida a 10-15 minutos, com interrup\u00e7\u00f5es frequentes causadas por pensamentos intrusivos. Essa redu\u00e7\u00e3o da resist\u00eancia atencional afeta profundamente a qualidade do trabalho e a efic\u00e1cia dos aprendizados.<\/p>\n<div class=\"conseil-card\">\n                <h3>Tipos de dist\u00farbios da concentra\u00e7\u00e3o relacionados \u00e0 ansiedade<\/h3>\n                <p><strong>Concentra\u00e7\u00e3o seletiva :<\/strong> Dificuldade em filtrar os distraidores e focar na informa\u00e7\u00e3o pertinente.<br>\n                <strong>Concentra\u00e7\u00e3o sustentada :<\/strong> Incapacidade de manter a aten\u00e7\u00e3o por longos per\u00edodos.<br>\n                <strong>Concentra\u00e7\u00e3o compartilhada :<\/strong> Problemas para gerenciar v\u00e1rias tarefas simultaneamente.<br>\n                <strong>Concentra\u00e7\u00e3o flex\u00edvel :<\/strong> Dificuldades em redirecionar a aten\u00e7\u00e3o de um est\u00edmulo para outro conforme necess\u00e1rio.<\/p>\n            <\/div>\n\n            <h3>O impacto da rumina\u00e7\u00e3o na concentra\u00e7\u00e3o<\/h3>\n\n            <p>A rumina\u00e7\u00e3o, caracter\u00edstica comum dos dist\u00farbios de ansiedade, constitui um dos inimigos mais temidos da concentra\u00e7\u00e3o. Esse processo de pensamento repetitivo e frequentemente catastr\u00f3fico consome uma parte significativa dos recursos cognitivos, criando um \"ru\u00eddo de fundo\" mental constante que interfere em qualquer tentativa de concentra\u00e7\u00e3o. Os pensamentos ruminativos t\u00eam a particularidade de serem ao mesmo tempo persistentes e invasivos, voltando incessantemente apesar dos esfor\u00e7os conscientes para afast\u00e1-los.<\/p>\n\n            <p>A ansiedade antecipat\u00f3ria agrava ainda mais essas dificuldades de concentra\u00e7\u00e3o. A simples apreens\u00e3o de ter que realizar uma tarefa que exige concentra\u00e7\u00e3o pode desencadear um ciclo de ansiedade que, paradoxalmente, quase garante o fracasso temido. Essa \"profecia autorrealizadora\" mant\u00e9m e refor\u00e7a as dificuldades de concentra\u00e7\u00e3o, criando um ciclo vicioso particularmente dif\u00edcil de quebrar sem interven\u00e7\u00e3o apropriada.<\/p>\n<div class=\"key-points\">\n                <h3>Estrat\u00e9gias para melhorar a concentra\u00e7\u00e3o:<\/h3>\n                <ul>\n                    <li>T\u00e9cnicas de aten\u00e7\u00e3o plena para reduzir a rumina\u00e7\u00e3o<\/li>\n                    <li>Divis\u00e3o das tarefas em segmentos mais curtos<\/li>\n                    <li>Ambiente de trabalho otimizado (calmo, organizado)<\/li>\n                    <li>Pausas regulares para evitar a sobrecarga cognitiva<\/li>\n                    <li>Exerc\u00edcios de respira\u00e7\u00e3o para regular a ativa\u00e7\u00e3o fisiol\u00f3gica<\/li>\n                    <li>Treinamento cognitivo especializado com ferramentas como COCO PENSA<\/li>\n                <\/ul>\n            <\/div>\n\n            <h2>6. Flexibilidade mental diante da ansiedade<\/h2>\n\n            <p>A flexibilidade mental, tamb\u00e9m chamada de flexibilidade cognitiva, representa nossa capacidade de adaptar nossos pensamentos e comportamentos \u00e0s mudan\u00e7as de situa\u00e7\u00e3o ou \u00e0s novas informa\u00e7\u00f5es. Esta fun\u00e7\u00e3o executiva superior permite \"mudar de dire\u00e7\u00e3o\" mentalmente, adotar novas perspectivas e se ajustar aos imprevistos. A ansiedade exerce um efeito particularmente prejudicial sobre essa capacidade, favorecendo a rigidez cognitiva e a persevera\u00e7\u00e3o em padr\u00f5es de pensamento inadequados.<\/p>\n\n            <p>As pessoas que sofrem de transtornos de ansiedade frequentemente desenvolvem uma prefer\u00eancia acentuada por rotinas e situa\u00e7\u00f5es previs\u00edveis. Essa busca por controle e certeza, embora compreens\u00edvel, pode paradoxalmente agravar a ansiedade ao reduzir as oportunidades de aprendizado e adapta\u00e7\u00e3o. O c\u00e9rebro ansioso tende a se apegar \u00e0s estrat\u00e9gias conhecidas, mesmo que ineficazes, em vez de explorar novas abordagens que poderiam se mostrar mais ben\u00e9ficas.<\/p>\n\n            <p>No plano neurobiol\u00f3gico, a flexibilidade mental depende principalmente do c\u00f3rtex pr\u00e9-frontal, em particular do c\u00f3rtex pr\u00e9-frontal dorsolateral e do c\u00f3rtex cingulado anterior. A ansiedade cr\u00f4nica pode afetar o funcionamento dessas regi\u00f5es, reduzindo sua capacidade de orquestrar as mudan\u00e7as de estrat\u00e9gia cognitiva. Al\u00e9m disso, a hiperativa\u00e7\u00e3o da am\u00edgdala, caracter\u00edstica da ansiedade, pode \"curto-circuitar\" os processos pr\u00e9-frontais, favorecendo respostas autom\u00e1ticas e r\u00edgidas.<\/p>\n\n            <div class=\"tip-box\">\n<div class=\"tip-box-label\">\ud83d\udd04 Exerc\u00edcio de Flexibilidade<\/div>\n                <p>Pratique a \"t\u00e9cnica da mudan\u00e7a de perspectiva\": diante de uma situa\u00e7\u00e3o estressante, force-se a imaginar pelo menos tr\u00eas interpreta\u00e7\u00f5es diferentes dessa mesma situa\u00e7\u00e3o. Este exerc\u00edcio, integrado nos programas <a href=\"https:\/\/www.dynseo.com\/pt-pt\/coco-pensa-e-coco-se-mexe\/\" style=\"color: var(--primary); font-weight: 600;\">COCO PENSA<\/a>, refor\u00e7a a flexibilidade cognitiva.<\/p>\n            <\/div>\n\n            <h3>Rigidez cognitiva e ciclos ansiosos<\/h3>\n\n            <p>A rigidez cognitiva criada pela ansiedade se manifesta de m\u00faltiplas formas na vida cotidiana. Ela pode assumir a forma de pensamentos dicot\u00f4micos (tudo ou nada), de generaliza\u00e7\u00f5es excessivas (\"se isso deu errado uma vez, sempre dar\u00e1 errado\") ou de fixa\u00e7\u00f5es em detalhes negativos em detrimento da vis\u00e3o geral. Essa inflexibilidade mental alimenta os ciclos ansiosos ao impedir a integra\u00e7\u00e3o de novas informa\u00e7\u00f5es que poderiam nuan\u00e7ar ou contradizer os medos iniciais.<\/p>\n\n            <p>O impacto na resolu\u00e7\u00e3o de problemas \u00e9 particularmente not\u00e1vel. Diante de um obst\u00e1culo, uma pessoa com boa flexibilidade mental pode rapidamente considerar v\u00e1rias alternativas e ajustar sua estrat\u00e9gia de acordo com os resultados obtidos. Em contrapartida, uma pessoa ansiosa com flexibilidade reduzida pode insistir em uma abordagem ineficaz, gerando frustra\u00e7\u00e3o e desencorajamento que refor\u00e7am a ansiedade inicial.<\/p>\n\n            <div class=\"expert-box\">\n                <div class=\"expert-box-label\">Inova\u00e7\u00e3o DYNSEO<\/div>\n                <div class=\"expert-box-title\">Treinamento adaptativo da flexibilidade<\/div>\n                <p>Nossos algoritmos de treinamento cognitivo ajustam automaticamente a dificuldade dos exerc\u00edcios para estimular optimalmente a flexibilidade mental sem criar sobrecarga ansiosa. Essa abordagem progressiva permite desenvolver gradualmente essa compet\u00eancia crucial.<\/p>\n                <div class=\"expert-inner\">\n<div class=\"expert-inner-title\">M\u00e9todos de treinamento especializados :<\/div>\n                    <p>Exerc\u00edcios de comuta\u00e7\u00e3o atencional, tarefas de categoriza\u00e7\u00e3o flex\u00edvel, problemas que exigem mudan\u00e7as de estrat\u00e9gia e jogos cognitivos que favorecem a adapta\u00e7\u00e3o comportamental.<\/p>\n                <\/div>\n            <\/div>\n\n            <h2>7. Fun\u00e7\u00f5es executivas e ansiedade<\/h2>\n\n            <p>As fun\u00e7\u00f5es executivas representam o conjunto de processos cognitivos superiores que orquestram e coordenam as outras fun\u00e7\u00f5es mentais. Elas incluem o planejamento, a organiza\u00e7\u00e3o, a inibi\u00e7\u00e3o, a mem\u00f3ria de trabalho, a flexibilidade cognitiva e o controle atencional. Essas fun\u00e7\u00f5es, frequentemente comparadas ao \"maestro\" de nossas capacidades mentais, s\u00e3o particularmente sens\u00edveis aos efeitos da ansiedade e sofrem perturba\u00e7\u00f5es significativas durante os dist\u00farbios de ansiedade.<\/p>\n\n            <p>O planejamento, compet\u00eancia essencial para organizar nossas a\u00e7\u00f5es no tempo e antecipar as etapas necess\u00e1rias para alcan\u00e7ar um objetivo, \u00e9 comprometido pela ansiedade de v\u00e1rias maneiras. Primeiro, a incerteza inerente a todo processo de planejamento entra em conflito com a necessidade de controle caracter\u00edstica da ansiedade. Em seguida, a tend\u00eancia \u00e0 catastrofiza\u00e7\u00e3o pode transformar o exerc\u00edcio de planejamento em uma fonte de ang\u00fastia adicional, com o indiv\u00edduo imaginando todos os cen\u00e1rios negativos poss\u00edveis.<\/p>\n\n            <p>A inibi\u00e7\u00e3o, capacidade de suprimir respostas inadequadas ou pensamentos indesejados, torna-se tamb\u00e9m disfuncional. Paradoxalmente, quanto mais uma pessoa ansiosa tenta suprimir seus pensamentos ansiosos, mais eles tendem a voltar com for\u00e7a, fen\u00f4meno conhecido como \"efeito rebote\". Essa inefic\u00e1cia dos mecanismos inibit\u00f3rios contribui para manter e amplificar os ciclos de rumina\u00e7\u00e3o caracter\u00edsticos da ansiedade.<\/p>\n<div class=\"conseil-card\">\n                <h3>Impact da ansiedade em cada fun\u00e7\u00e3o executiva<\/h3>\n                <p><strong>Planejamento :<\/strong> Evita\u00e7\u00e3o do planejamento a longo prazo, foco excessivo nos detalhes.<br>\n                <strong>Organiza\u00e7\u00e3o :<\/strong> Dificuldades em estruturar a informa\u00e7\u00e3o e priorizar as tarefas.<br>\n                <strong>Inibi\u00e7\u00e3o :<\/strong> Incapacidade de interromper os pensamentos ruminativos, impulsividade compensat\u00f3ria.<br>\n                <strong>Flexibilidade :<\/strong> Rigidez na adapta\u00e7\u00e3o \u00e0s mudan\u00e7as, persevera\u00e7\u00e3o no erro.<br>\n                <strong>Mem\u00f3ria de trabalho :<\/strong> Redu\u00e7\u00e3o da capacidade, interfer\u00eancias com as preocupa\u00e7\u00f5es ansiosas.<\/p>\n            <\/div>\n\n            <h3>O controle executivo sob press\u00e3o<\/h3>\n\n            <p>O controle executivo, fun\u00e7\u00e3o superior que permite coordenar e supervisionar os outros processos cognitivos, sofre uma press\u00e3o particular durante epis\u00f3dios ansiosos. Esta \"torre de controle\" cognitiva deve n\u00e3o apenas gerenciar as tarefas habituais, mas tamb\u00e9m enfrentar a intrus\u00e3o constante de preocupa\u00e7\u00f5es ansiosas. Esta dupla carga pode levar a uma sobrecarga do sistema executivo, manifestando-se por uma diminui\u00e7\u00e3o global do desempenho cognitivo.<\/p>\n\n            <p>As pesquisas em neuroimagem revelam que a ansiedade cr\u00f4nica pode levar a modifica\u00e7\u00f5es estruturais e funcionais nas regi\u00f5es pr\u00e9-frontais respons\u00e1veis pelo controle executivo. Essas mudan\u00e7as, embora frequentemente revers\u00edveis com um tratamento apropriado, ressaltam a import\u00e2ncia de uma interven\u00e7\u00e3o precoce para preservar a integridade dessas fun\u00e7\u00f5es cruciais.<\/p>\n\n            <h2>8. Desempenho cognitivo global e ansiedade<\/h2>\n\n            <p>A an\u00e1lise do desempenho cognitivo global em pessoas que sofrem de dist\u00farbios de ansiedade revela um quadro complexo onde algumas capacidades podem ser preservadas, ou at\u00e9 temporariamente melhoradas, enquanto outras sofrem altera\u00e7\u00f5es significativas. Esta heterogeneidade no impacto da ansiedade sobre a cogni\u00e7\u00e3o se explica pelos mecanismos adaptativos desenvolvidos pelo c\u00e9rebro diante do estresse cr\u00f4nico, assim como pelas diferen\u00e7as individuais na suscetibilidade aos efeitos ansiosos.<\/p>\n\n            <p>Um dos paradoxos mais interessantes reside no fato de que a ansiedade pode, \u00e0s vezes, melhorar certos aspectos do desempenho cognitivo, particularmente em situa\u00e7\u00f5es onde a detec\u00e7\u00e3o de amea\u00e7as ou a vigil\u00e2ncia s\u00e3o cruciais. Esta melhoria, conhecida como \"ansiedade facilitadora\", pode se manifestar por um melhor desempenho em tarefas de monitoramento ou de detec\u00e7\u00e3o de erros. No entanto, esses benef\u00edcios s\u00e3o geralmente de curta dura\u00e7\u00e3o e v\u00eam acompanhados de um alto custo energ\u00e9tico.<\/p>\n\n            <p>A longo prazo, o impacto da ansiedade sobre o desempenho cognitivo tende a ser majoritariamente negativo. Estudos longitudinais mostram que a ansiedade cr\u00f4nica pode acelerar o decl\u00ednio cognitivo normal relacionado \u00e0 idade e aumentar o risco de desenvolver dist\u00farbios cognitivos mais severos. Esta degrada\u00e7\u00e3o progressiva ressalta a import\u00e2ncia de um manejo precoce e adequado dos dist\u00farbios de ansiedade.<\/p>\n\n            <div class=\"tip-box\">\n<div class=\"tip-box-label\">\ud83d\udcca Avalia\u00e7\u00e3o Cognitiva<\/div>\n                <p>Uma avalia\u00e7\u00e3o cognitiva regular pode ajudar a detectar precocemente os sinais de degrada\u00e7\u00e3o e a ajustar as estrat\u00e9gias de interven\u00e7\u00e3o. Os ferramentas de avalia\u00e7\u00e3o integradas ao <a href=\"https:\/\/www.dynseo.com\/pt-pt\/coco-pensa-e-coco-se-mexe\/\" style=\"color: var(--primary); font-weight: 600;\">COCO PENSA<\/a> permitem um acompanhamento objetivo e personalizado da evolu\u00e7\u00e3o cognitiva.<\/p>\n            <\/div>\n\n            <h3>Fatores moduladores da performance<\/h3>\n\n            <p>V\u00e1rios fatores podem modular o impacto da ansiedade na performance cognitiva. A idade desempenha um papel crucial: os jovens adultos geralmente mostram uma melhor resist\u00eancia aos efeitos cognitivos da ansiedade, enquanto as pessoas idosas podem ser mais vulner\u00e1veis. O n\u00edvel de educa\u00e7\u00e3o e as reservas cognitivas constitu\u00eddas ao longo da vida tamb\u00e9m podem oferecer uma prote\u00e7\u00e3o relativa contra os efeitos delet\u00e9rios da ansiedade.<\/p>\n\n            <p>O tipo e a severidade do transtorno de ansiedade tamb\u00e9m influenciam o perfil de performance cognitiva. A ansiedade generalizada tende a afetar amplamente todas as fun\u00e7\u00f5es cognitivas, enquanto as fobias espec\u00edficas podem ter um impacto mais circunscrito. Os transtornos de p\u00e2nico, com seus sintomas f\u00edsicos intensos, podem particularmente perturbar as tarefas que exigem aten\u00e7\u00e3o sustentada.<\/p>\n\n            <h2>9. Mecanismos neurobiol\u00f3gicos da ansiedade cognitiva<\/h2>\n\n            <p>Para compreender plenamente o impacto dos transtornos de ansiedade na cogni\u00e7\u00e3o, \u00e9 essencial examinar os mecanismos neurobiol\u00f3gicos subjacentes. A ansiedade desencadeia uma cascata complexa de rea\u00e7\u00f5es neurol\u00f3gicas e bioqu\u00edmicas que afetam diretamente o funcionamento dos circuitos cognitivos. No centro desses mecanismos est\u00e1 o eixo hipot\u00e1lamo-hip\u00f3fise-adrenal (HHA), sistema de resposta ao estresse que, quando cronicamente ativado, pode ter consequ\u00eancias duradouras sobre a estrutura e a fun\u00e7\u00e3o cerebral.<\/p>\n\n            <p>A am\u00edgdala, estrutura l\u00edmbica central no processamento das emo\u00e7\u00f5es e do medo, desempenha um papel preponderante nessa cascata ansiosa. Hiperativada em pessoas ansiosas, ela influencia diretamente as regi\u00f5es cognitivas do c\u00e9rebro, notadamente o c\u00f3rtex pr\u00e9-frontal e o hipocampo. Essa influ\u00eancia se traduz em uma modifica\u00e7\u00e3o das prioridades de processamento da informa\u00e7\u00e3o: o c\u00e9rebro privilegia as informa\u00e7\u00f5es emocionalmente carregadas em detrimento das tarefas cognitivas neutras.<\/p>\n\n            <p>Os neurotransmissores envolvidos na ansiedade exercem tamb\u00e9m uma influ\u00eancia direta sobre as fun\u00e7\u00f5es cognitivas. O sistema GABA\u00e9rgico, principal sistema inibidor do c\u00e9rebro, v\u00ea sua efic\u00e1cia reduzida na ansiedade, levando a uma hiperexita\u00e7\u00e3o neuronal que pode perturbar os processos cognitivos finos. Paralelamente, os disfuncionamentos dos sistemas serotonin\u00e9rgico e noradren\u00e9rgico afetam respectivamente o humor e a vigil\u00e2ncia, criando um ambiente neuroqu\u00edmico pouco favor\u00e1vel \u00e0 efic\u00e1cia cognitiva.<\/p>\n\n            <div class=\"expert-box\">\n                <div class=\"expert-box-label\">Pesquisa Avan\u00e7ada<\/div>\n                <div class=\"expert-box-title\">Neuroplasticidade e recupera\u00e7\u00e3o<\/div>\n                <p>As \u00faltimas descobertas em neuroci\u00eancias mostram que o c\u00e9rebro conserva uma capacidade de recupera\u00e7\u00e3o not\u00e1vel, mesmo ap\u00f3s anos de ansiedade cr\u00f4nica. O treinamento cognitivo pode estimular a neurog\u00eanese e a sinaptog\u00eanese, permitindo uma restaura\u00e7\u00e3o parcial das fun\u00e7\u00f5es alteradas.<\/p>\n                <div class=\"expert-inner\">\n<div class=\"expert-inner-title\">Mecanismos de recupera\u00e7\u00e3o :<\/div>\n                    <p>Estimula\u00e7\u00e3o da produ\u00e7\u00e3o de BDNF (fator neurotr\u00f3fico derivado do c\u00e9rebro), refor\u00e7o das conex\u00f5es sin\u00e1pticas no c\u00f3rtex pr\u00e9-frontal, regula\u00e7\u00e3o da atividade amigdala, e restaura\u00e7\u00e3o do equil\u00edbrio neurotransmissor.<\/p>\n                <\/div>\n            <\/div>\n\n            <h3>Impacto na conectividade cerebral<\/h3>\n\n            <p>A ansiedade cr\u00f4nica tamb\u00e9m modifica os padr\u00f5es de conectividade entre diferentes regi\u00f5es cerebrais. As redes neuronais, esses conjuntos de regi\u00f5es que trabalham em conjunto para realizar fun\u00e7\u00f5es espec\u00edficas, t\u00eam sua coordena\u00e7\u00e3o perturbada. A rede do modo padr\u00e3o, ativa durante os per\u00edodos de descanso e crucial para a consolida\u00e7\u00e3o da mem\u00f3ria, pode se tornar hiperativa, favorecendo a rumina\u00e7\u00e3o em detrimento do processamento cognitivo adaptativo.<\/p>\n\n            <p>Essas modifica\u00e7\u00f5es de conectividade n\u00e3o s\u00e3o apenas funcionais, mas podem tamb\u00e9m se tornar estruturais durante a ansiedade prolongada. A imagem por difus\u00e3o revela mudan\u00e7as na subst\u00e2ncia branca, afetando a velocidade e a efici\u00eancia da transmiss\u00e3o de informa\u00e7\u00f5es entre as regi\u00f5es cerebrais. Essa reorganiza\u00e7\u00e3o estrutural explica em parte por que os efeitos cognitivos da ansiedade podem persistir mesmo ap\u00f3s a resolu\u00e7\u00e3o dos sintomas ansiosos agudos.<\/p>\n\n            <h2>10. Estrat\u00e9gias de interven\u00e7\u00e3o e recupera\u00e7\u00e3o cognitiva<\/h2>\n\n            <p>Diante dos m\u00faltiplos impactos da ansiedade na cogni\u00e7\u00e3o, o desenvolvimento de estrat\u00e9gias de interven\u00e7\u00e3o eficazes representa um desafio importante. A abordagem terap\u00eautica moderna privilegia uma interven\u00e7\u00e3o multimodal, combinando diferentes abordagens para maximizar as chances de recupera\u00e7\u00e3o cognitiva. Essa abordagem integrada reconhece que a restaura\u00e7\u00e3o das fun\u00e7\u00f5es cognitivas requer uma a\u00e7\u00e3o simult\u00e2nea sobre os aspectos neurobiol\u00f3gicos, psicol\u00f3gicos e comportamentais da ansiedade.<\/p>\n\n            <p>O treinamento cognitivo especializado ocupa um lugar central nessa abordagem de recupera\u00e7\u00e3o. Ao contr\u00e1rio das abordagens tradicionais que se contentam em tratar os sintomas ansiosos, o treinamento cognitivo visa diretamente restaurar e refor\u00e7ar as fun\u00e7\u00f5es mentais afetadas. Essa abordagem se baseia nos princ\u00edpios da neuroplasticidade, essa capacidade not\u00e1vel do c\u00e9rebro de se reorganizar e criar novas conex\u00f5es neuronais ao longo da vida.<\/p>\n\n            <p>Os programas de treinamento cognitivo modernos, como os propostos por COCO PENSA, utilizam algoritmos adaptativos que ajustam automaticamente a dificuldade dos exerc\u00edcios de acordo com o desempenho individual. Essa personaliza\u00e7\u00e3o permite otimizar o treinamento mantendo um n\u00edvel de desafio ideal: suficientemente estimulante para favorecer a melhoria, mas n\u00e3o dif\u00edcil o bastante para gerar ansiedade adicional.<\/p>\n<div class=\"conseil-card\">\n                <h3>Princ\u00edpios do treinamento cognitivo eficaz<\/h3>\n                <p><strong>Especificidade :<\/strong> Direcionamento das fun\u00e7\u00f5es cognitivas especificamente afetadas pela ansiedade.<br>\n                <strong>Progressividade :<\/strong> Aumento gradual da dificuldade para evitar a sobrecarga.<br>\n                <strong>Variabilidade :<\/strong> Diversifica\u00e7\u00e3o dos exerc\u00edcios para favorecer a generaliza\u00e7\u00e3o.<br>\n                <strong>Regularidade :<\/strong> Pr\u00e1tica frequente, mas curta, para manter o engajamento.<br>\n                <strong>Motiva\u00e7\u00e3o :<\/strong> Integra\u00e7\u00e3o de elementos l\u00fadicos e de feedback positivo.<\/p>\n            <\/div>\n\n            <h3>Abordagens complementares<\/h3>\n\n            <p>Em paralelo ao treinamento cognitivo, outras interven\u00e7\u00f5es podem potencializar a recupera\u00e7\u00e3o cognitiva. A terapia cognitivo-comportamental (TCC) ajuda a identificar e modificar os padr\u00f5es de pensamento que mant\u00eam a ansiedade e seus efeitos cognitivos. As t\u00e9cnicas de mindfulness e de medita\u00e7\u00e3o podem melhorar a regula\u00e7\u00e3o atencional e reduzir a rumina\u00e7\u00e3o. O exerc\u00edcio f\u00edsico regular, particularmente o aer\u00f3bico, estimula a neurog\u00eanese e melhora o desempenho cognitivo global.<\/p>\n\n            <p>A abordagem nutricional n\u00e3o deve ser negligenciada: certos nutrientes como os \u00f4mega-3, as vitaminas B e o magn\u00e9sio podem apoiar a fun\u00e7\u00e3o cerebral e reduzir a ansiedade. Da mesma forma, a otimiza\u00e7\u00e3o do sono, frequentemente perturbado nos dist\u00farbios de ansiedade, \u00e9 crucial para a consolida\u00e7\u00e3o das aprendizagens cognitivas e a recupera\u00e7\u00e3o das fun\u00e7\u00f5es mentais.<\/p>\n\n            <h2>11. Preven\u00e7\u00e3o e otimiza\u00e7\u00e3o cognitiva<\/h2>\n\n            <p>A preven\u00e7\u00e3o dos efeitos cognitivos da ansiedade representa um investimento crucial para manter um funcionamento mental \u00f3timo ao longo da vida. Esta abordagem preventiva se revela particularmente importante considerando a preval\u00eancia crescente dos dist\u00farbios de ansiedade em nossas sociedades modernas e sua tend\u00eancia a afetar popula\u00e7\u00f5es cada vez mais jovens. Uma interven\u00e7\u00e3o precoce pode n\u00e3o apenas prevenir o surgimento de d\u00e9ficits cognitivos, mas tamb\u00e9m refor\u00e7ar as reservas cognitivas que proteger\u00e3o o indiv\u00edduo diante dos desafios futuros.<\/p>\n\n            <p>O conceito de reserva cognitiva, desenvolvido inicialmente no contexto do envelhecimento, tamb\u00e9m se aplica aos dist\u00farbios de ansiedade. Esta reserva, constitu\u00edda pela acumula\u00e7\u00e3o de experi\u00eancias cognitivas ricas e variadas, permite ao c\u00e9rebro resistir melhor \u00e0s agress\u00f5es e manter seu desempenho apesar das perturba\u00e7\u00f5es. A educa\u00e7\u00e3o, as atividades intelectuais estimulantes, o aprendizado de novas habilidades e o treinamento cognitivo regular contribuem todos para essa constru\u00e7\u00e3o de reservas protetoras.<\/p>\n\n            <p>A identifica\u00e7\u00e3o precoce dos sinais precoces de impacto cognitivo da ansiedade permite uma interven\u00e7\u00e3o mais eficaz. Esses sinais podem incluir dificuldades de concentra\u00e7\u00e3o novas, esquecimentos incomuns, uma diminui\u00e7\u00e3o da velocidade de processamento ou dificuldades decis\u00f3rias. Uma avalia\u00e7\u00e3o cognitiva regular, facilitada por ferramentas digitais modernas, pode ajudar a detectar essas mudan\u00e7as sutis antes que se tornem problem\u00e1ticas.<\/p>\n<div class=\"key-points\">\n                <h3>Estrat\u00e9gias de preven\u00e7\u00e3o cognitiva:<\/h3>\n                <ul>\n                    <li>Treinamento cognitivo preventivo regular<\/li>\n                    <li>Gest\u00e3o proativa do estresse e da ansiedade<\/li>\n                    <li>Manuten\u00e7\u00e3o de um estilo de vida cognitivo estimulante<\/li>\n                    <li>Monitoramento regular do desempenho cognitivo<\/li>\n                    <li>Desenvolvimento de estrat\u00e9gias de coping adaptativas<\/li>\n                    <li>Otimiza\u00e7\u00e3o dos fatores de estilo de vida (sono, exerc\u00edcio, nutri\u00e7\u00e3o)<\/li>\n                <\/ul>\n            <\/div>\n\n            <h3>A abordagem tecnol\u00f3gica moderna<\/h3>\n\n            <p>As tecnologias modernas oferecem oportunidades sem precedentes para a preven\u00e7\u00e3o e a otimiza\u00e7\u00e3o cognitiva. Os aplicativos de treinamento cognitivo, como COCO PENSA, permitem uma pr\u00e1tica regular, personalizada e acess\u00edvel. Essas ferramentas integram algoritmos sofisticados que se adaptam \u00e0s necessidades individuais e fornecem feedback em tempo real sobre os progressos alcan\u00e7ados.<\/p>\n\n            <p>A intelig\u00eancia artificial tamb\u00e9m come\u00e7a a desempenhar um papel na previs\u00e3o e preven\u00e7\u00e3o dos decl\u00ednios cognitivos li\n<script type=\"application\/ld+json\">\n{\n  \"@context\": \"https:\/\/schema.org\",\n  \"@graph\": [\n    {\n      \"@type\": \"Article\",\n      \"headline\": \"Comment les troubles anxieux affectent la cognition\",\n      \"description\": \"D\u00e9couvrez comment les troubles anxieux peuvent impacter vos capacit\u00e9s cognitives et apprenez les strat\u00e9gies pour pr\u00e9server votre sant\u00e9 mentale et cognitive.\",\n      \"url\": \"https:\/\/www.dynseo.com\/comment-les-troubles-anxieux-affectent-la-cognition\/\",\n      \"datePublished\": \"2026-04-08\",\n      \"dateModified\": \"2026-04-08\",\n      \"author\": {\n        \"@type\": \"Organization\",\n        \"name\": \"DYNSEO\",\n        \"url\": \"https:\/\/www.dynseo.com\"\n      },\n      \"publisher\": {\n        \"@type\": \"Organization\",\n        \"name\": \"DYNSEO\",\n        \"url\": \"https:\/\/www.dynseo.com\",\n        \"logo\": {\n          \"@type\": \"ImageObject\",\n          \"url\": \"https:\/\/www.dynseo.com\/wp-content\/uploads\/2023\/01\/logo-dynseo.png\"\n        }\n      },\n      \"image\": {\n        \"@type\": \"ImageObject\",\n        \"url\": \"https:\/\/www.dynseo.com\/wp-content\/uploads\/2026\/04\/troubles-anxieux-cognition.jpg\",\n        \"width\": 1200,\n        \"height\": 630\n      },\n      \"aggregateRating\": {\n        \"@type\": \"AggregateRating\",\n        \"ratingValue\": \"4.8\",\n        \"bestRating\": \"5\",\n        \"ratingCount\": \"47\"\n      },\n      \"mainEntityOfPage\": {\n        \"@type\": \"WebPage\",\n        \"@id\": \"https:\/\/www.dynseo.com\/comment-les-troubles-anxieux-affectent-la-cognition\/\"\n      }\n    },\n    {\n      \"@type\": \"WebPage\",\n      \"@id\": \"https:\/\/www.dynseo.com\/comment-les-troubles-anxieux-affectent-la-cognition\/\",\n      \"name\": \"Comment les troubles anxieux affectent la cognition\",\n      \"description\": \"D\u00e9couvrez comment les troubles anxieux peuvent impacter vos capacit\u00e9s cognitives et apprenez les strat\u00e9gies pour pr\u00e9server votre sant\u00e9 mentale et cognitive.\",\n      \"url\": \"https:\/\/www.dynseo.com\/comment-les-troubles-anxieux-affectent-la-cognition\/\",\n      \"breadcrumb\": {\n        \"@type\": \"BreadcrumbList\",\n        \"itemListElement\": [\n          {\n            \"@type\": \"ListItem\",\n            \"position\": 1,\n            \"name\": \"Accueil\",\n            \"item\": \"https:\/\/www.dynseo.com\"\n          },\n          {\n            \"@type\": \"ListItem\",\n            \"position\": 2,\n            \"name\": \"Blog\",\n            \"item\": \"https:\/\/www.dynseo.com\/blog\/\"\n          },\n          {\n            \"@type\": \"ListItem\",\n            \"position\": 3,\n            \"name\": \"Comment les troubles anxieux affectent la cognition\",\n            \"item\": \"https:\/\/www.dynseo.com\/comment-les-troubles-anxieux-affectent-la-cognition\/\"\n          }\n        ]\n      }\n    },\n    {\n      \"@type\": \"FAQPage\",\n      \"mainEntity\": [\n        {\n          \"@type\": \"Question\",\n          \"name\": \"Comment l'anxi\u00e9t\u00e9 affecte-t-elle les fonctions cognitives ?\",\n          \"acceptedAnswer\": {\n            \"@type\": \"Answer\",\n            \"text\": \"L'anxi\u00e9t\u00e9 peut affecter plusieurs fonctions cognitives incluant la concentra\u00e7\u00e3o, la mem\u00f3ria de travail, la prise de d\u00e9cision et l'attention. Elle peut cr\u00e9er des pens\u00e9es intrusives qui interf\u00e8rent avec les processus cognitifs normaux.\"\n          }\n        },\n        {\n          \"@type\": \"Question\",\n          \"name\": \"Quels sont les m\u00e9canismes neurologiques impliqu\u00e9s ?\",\n          \"acceptedAnswer\": {\n            \"@type\": \"Answer\",\n            \"text\": \"L'anxi\u00e9t\u00e9 active le syst\u00e8me nerveux sympathique et lib\u00e8re des hormones de stress comme le cortisol, qui peuvent affecter l'hippocampe (mem\u00f3ria) et le cortex pr\u00e9frontal (fonctions ex\u00e9cutives), perturbant ainsi les performances cognitives.\"\n          }\n        },\n        {\n          \"@type\": \"Question\",\n          \"name\": \"Comment peut-on am\u00e9liorer la cognition en pr\u00e9sence de troubles anxieux ?\",\n          \"acceptedAnswer\": {\n            \"@type\": \"Answer\",\n            \"text\": \"Plusieurs strat\u00e9gies peuvent aider : la th\u00e9rapie cognitive-comportementale, les techniques de relaxation, l'exercice physique r\u00e9gulier, la m\u00e9ditation, l'entra\u00eenement cognitif et dans certains cas, un traitement m\u00e9dicamenteux adapt\u00e9.\"\n          }\n        }\n      ]\n    }\n  ]\n}\n<\/script>[\/et_pb_code][\/et_pb_column][\/et_pb_row][\/et_pb_section]","_et_gb_content_width":"","footnotes":""},"categories":[2915],"tags":[],"class_list":["post-574947","post","type-post","status-publish","format-standard","has-post-thumbnail","hentry","category-les-conseils-des-coachs"],"yoast_head":"<!-- This site is optimized with the Yoast SEO plugin v27.4 - https:\/\/yoast.com\/product\/yoast-seo-wordpress\/ -->\n<title>Como os transtornos de ansiedade afetam a cogni\u00e7\u00e3o - DYNSEO - Aplica\u00e7\u00f5es educativas e jogos de mem\u00f3ria<\/title>\n<meta name=\"robots\" content=\"index, follow, max-snippet:-1, max-image-preview:large, max-video-preview:-1\" \/>\n<link rel=\"canonical\" href=\"https:\/\/www.dynseo.com\/pt-pt\/como-os-transtornos-de-ansiedade-afetam-a-cognicao\/\" \/>\n<meta property=\"og:locale\" content=\"pt_PT\" \/>\n<meta property=\"og:type\" content=\"article\" \/>\n<meta property=\"og:title\" content=\"Como os transtornos de ansiedade afetam a cogni\u00e7\u00e3o - DYNSEO - Aplica\u00e7\u00f5es educativas e jogos de mem\u00f3ria\" \/>\n<meta property=\"og:url\" content=\"https:\/\/www.dynseo.com\/pt-pt\/como-os-transtornos-de-ansiedade-afetam-a-cognicao\/\" \/>\n<meta property=\"og:site_name\" content=\"DYNSEO - Aplica\u00e7\u00f5es educativas e jogos de mem\u00f3ria\" \/>\n<meta property=\"article:published_time\" content=\"2026-05-01T03:53:46+00:00\" \/>\n<meta property=\"article:modified_time\" content=\"2026-05-01T03:59:43+00:00\" \/>\n<meta property=\"og:image\" content=\"https:\/\/www.dynseo.com\/wp-content\/uploads\/2025\/10\/image-99.jpg\" \/>\n\t<meta property=\"og:image:width\" content=\"900\" \/>\n\t<meta property=\"og:image:height\" content=\"579\" \/>\n\t<meta property=\"og:image:type\" content=\"image\/jpeg\" \/>\n<meta name=\"author\" content=\"DYNSEO\" \/>\n<meta name=\"twitter:label1\" content=\"Escrito por\" \/>\n\t<meta name=\"twitter:data1\" content=\"DYNSEO\" \/>\n\t<meta name=\"twitter:label2\" content=\"Tempo estimado de leitura\" \/>\n\t<meta name=\"twitter:data2\" content=\"27 minutos\" \/>\n<script type=\"application\/ld+json\" class=\"yoast-schema-graph\">{\"@context\":\"https:\\\/\\\/schema.org\",\"@graph\":[{\"@type\":\"Article\",\"@id\":\"https:\\\/\\\/www.dynseo.com\\\/pt-pt\\\/como-os-transtornos-de-ansiedade-afetam-a-cognicao\\\/#article\",\"isPartOf\":{\"@id\":\"https:\\\/\\\/www.dynseo.com\\\/pt-pt\\\/como-os-transtornos-de-ansiedade-afetam-a-cognicao\\\/\"},\"author\":{\"name\":\"DYNSEO\",\"@id\":\"https:\\\/\\\/www.dynseo.com\\\/pt-pt\\\/#\\\/schema\\\/person\\\/78ef63df2ee64e0989bc68f8401b38d6\"},\"headline\":\"Como os transtornos de ansiedade afetam a cogni\u00e7\u00e3o\",\"datePublished\":\"2026-05-01T03:53:46+00:00\",\"dateModified\":\"2026-05-01T03:59:43+00:00\",\"mainEntityOfPage\":{\"@id\":\"https:\\\/\\\/www.dynseo.com\\\/pt-pt\\\/como-os-transtornos-de-ansiedade-afetam-a-cognicao\\\/\"},\"wordCount\":5403,\"publisher\":{\"@id\":\"https:\\\/\\\/www.dynseo.com\\\/pt-pt\\\/#organization\"},\"image\":{\"@id\":\"https:\\\/\\\/www.dynseo.com\\\/pt-pt\\\/como-os-transtornos-de-ansiedade-afetam-a-cognicao\\\/#primaryimage\"},\"thumbnailUrl\":\"https:\\\/\\\/www.dynseo.com\\\/wp-content\\\/uploads\\\/2025\\\/10\\\/image-99.jpg\",\"articleSection\":[\"Les conseils des coachs\"],\"inLanguage\":\"pt-PT\"},{\"@type\":\"WebPage\",\"@id\":\"https:\\\/\\\/www.dynseo.com\\\/pt-pt\\\/como-os-transtornos-de-ansiedade-afetam-a-cognicao\\\/\",\"url\":\"https:\\\/\\\/www.dynseo.com\\\/pt-pt\\\/como-os-transtornos-de-ansiedade-afetam-a-cognicao\\\/\",\"name\":\"Como os transtornos de ansiedade afetam a cogni\u00e7\u00e3o - DYNSEO - Aplica\u00e7\u00f5es educativas e jogos de mem\u00f3ria\",\"isPartOf\":{\"@id\":\"https:\\\/\\\/www.dynseo.com\\\/pt-pt\\\/#website\"},\"primaryImageOfPage\":{\"@id\":\"https:\\\/\\\/www.dynseo.com\\\/pt-pt\\\/como-os-transtornos-de-ansiedade-afetam-a-cognicao\\\/#primaryimage\"},\"image\":{\"@id\":\"https:\\\/\\\/www.dynseo.com\\\/pt-pt\\\/como-os-transtornos-de-ansiedade-afetam-a-cognicao\\\/#primaryimage\"},\"thumbnailUrl\":\"https:\\\/\\\/www.dynseo.com\\\/wp-content\\\/uploads\\\/2025\\\/10\\\/image-99.jpg\",\"datePublished\":\"2026-05-01T03:53:46+00:00\",\"dateModified\":\"2026-05-01T03:59:43+00:00\",\"breadcrumb\":{\"@id\":\"https:\\\/\\\/www.dynseo.com\\\/pt-pt\\\/como-os-transtornos-de-ansiedade-afetam-a-cognicao\\\/#breadcrumb\"},\"inLanguage\":\"pt-PT\",\"potentialAction\":[{\"@type\":\"ReadAction\",\"target\":[\"https:\\\/\\\/www.dynseo.com\\\/pt-pt\\\/como-os-transtornos-de-ansiedade-afetam-a-cognicao\\\/\"]}]},{\"@type\":\"ImageObject\",\"inLanguage\":\"pt-PT\",\"@id\":\"https:\\\/\\\/www.dynseo.com\\\/pt-pt\\\/como-os-transtornos-de-ansiedade-afetam-a-cognicao\\\/#primaryimage\",\"url\":\"https:\\\/\\\/www.dynseo.com\\\/wp-content\\\/uploads\\\/2025\\\/10\\\/image-99.jpg\",\"contentUrl\":\"https:\\\/\\\/www.dynseo.com\\\/wp-content\\\/uploads\\\/2025\\\/10\\\/image-99.jpg\",\"width\":900,\"height\":579,\"caption\":\"Estimule a mente e a criatividade da sua crian\u00e7a com dislexia atrav\u00e9s de jogos divertidos e desafiadores.\"},{\"@type\":\"BreadcrumbList\",\"@id\":\"https:\\\/\\\/www.dynseo.com\\\/pt-pt\\\/como-os-transtornos-de-ansiedade-afetam-a-cognicao\\\/#breadcrumb\",\"itemListElement\":[{\"@type\":\"ListItem\",\"position\":1,\"name\":\"Accueil\",\"item\":\"https:\\\/\\\/www.dynseo.com\\\/pt-pt\\\/\"},{\"@type\":\"ListItem\",\"position\":2,\"name\":\"Como os transtornos de ansiedade afetam a cogni\u00e7\u00e3o\"}]},{\"@type\":\"WebSite\",\"@id\":\"https:\\\/\\\/www.dynseo.com\\\/pt-pt\\\/#website\",\"url\":\"https:\\\/\\\/www.dynseo.com\\\/pt-pt\\\/\",\"name\":\"Jeux de m\u00e9moire et stimulation cognitive\",\"description\":\"Entra\u00eenez votre m\u00e9moire et votre cerveau avec DYNSEO\",\"publisher\":{\"@id\":\"https:\\\/\\\/www.dynseo.com\\\/pt-pt\\\/#organization\"},\"potentialAction\":[{\"@type\":\"SearchAction\",\"target\":{\"@type\":\"EntryPoint\",\"urlTemplate\":\"https:\\\/\\\/www.dynseo.com\\\/pt-pt\\\/?s={search_term_string}\"},\"query-input\":{\"@type\":\"PropertyValueSpecification\",\"valueRequired\":true,\"valueName\":\"search_term_string\"}}],\"inLanguage\":\"pt-PT\"},{\"@type\":\"Organization\",\"@id\":\"https:\\\/\\\/www.dynseo.com\\\/pt-pt\\\/#organization\",\"name\":\"DYNSEO\",\"url\":\"https:\\\/\\\/www.dynseo.com\\\/pt-pt\\\/\",\"logo\":{\"@type\":\"ImageObject\",\"inLanguage\":\"pt-PT\",\"@id\":\"https:\\\/\\\/www.dynseo.com\\\/pt-pt\\\/#\\\/schema\\\/logo\\\/image\\\/\",\"url\":\"https:\\\/\\\/www.dynseo.com\\\/wp-content\\\/uploads\\\/2022\\\/05\\\/logo-dynseo-new.png\",\"contentUrl\":\"https:\\\/\\\/www.dynseo.com\\\/wp-content\\\/uploads\\\/2022\\\/05\\\/logo-dynseo-new.png\",\"width\":5073,\"height\":1397,\"caption\":\"DYNSEO\"},\"image\":{\"@id\":\"https:\\\/\\\/www.dynseo.com\\\/pt-pt\\\/#\\\/schema\\\/logo\\\/image\\\/\"}},{\"@type\":\"Person\",\"@id\":\"https:\\\/\\\/www.dynseo.com\\\/pt-pt\\\/#\\\/schema\\\/person\\\/78ef63df2ee64e0989bc68f8401b38d6\",\"name\":\"DYNSEO\",\"url\":\"https:\\\/\\\/www.dynseo.com\\\/pt-pt\\\/author\\\/justine\\\/\"}]}<\/script>\n<!-- \/ Yoast SEO plugin. -->","yoast_head_json":{"title":"Como os transtornos de ansiedade afetam a cogni\u00e7\u00e3o - DYNSEO - Aplica\u00e7\u00f5es educativas e jogos de mem\u00f3ria","robots":{"index":"index","follow":"follow","max-snippet":"max-snippet:-1","max-image-preview":"max-image-preview:large","max-video-preview":"max-video-preview:-1"},"canonical":"https:\/\/www.dynseo.com\/pt-pt\/como-os-transtornos-de-ansiedade-afetam-a-cognicao\/","og_locale":"pt_PT","og_type":"article","og_title":"Como os transtornos de ansiedade afetam a cogni\u00e7\u00e3o - DYNSEO - Aplica\u00e7\u00f5es educativas e jogos de mem\u00f3ria","og_url":"https:\/\/www.dynseo.com\/pt-pt\/como-os-transtornos-de-ansiedade-afetam-a-cognicao\/","og_site_name":"DYNSEO - Aplica\u00e7\u00f5es educativas e jogos de mem\u00f3ria","article_published_time":"2026-05-01T03:53:46+00:00","article_modified_time":"2026-05-01T03:59:43+00:00","og_image":[{"width":900,"height":579,"url":"https:\/\/www.dynseo.com\/wp-content\/uploads\/2025\/10\/image-99.jpg","type":"image\/jpeg"}],"author":"DYNSEO","twitter_misc":{"Escrito por":"DYNSEO","Tempo estimado de leitura":"27 minutos"},"schema":{"@context":"https:\/\/schema.org","@graph":[{"@type":"Article","@id":"https:\/\/www.dynseo.com\/pt-pt\/como-os-transtornos-de-ansiedade-afetam-a-cognicao\/#article","isPartOf":{"@id":"https:\/\/www.dynseo.com\/pt-pt\/como-os-transtornos-de-ansiedade-afetam-a-cognicao\/"},"author":{"name":"DYNSEO","@id":"https:\/\/www.dynseo.com\/pt-pt\/#\/schema\/person\/78ef63df2ee64e0989bc68f8401b38d6"},"headline":"Como os transtornos de ansiedade afetam a cogni\u00e7\u00e3o","datePublished":"2026-05-01T03:53:46+00:00","dateModified":"2026-05-01T03:59:43+00:00","mainEntityOfPage":{"@id":"https:\/\/www.dynseo.com\/pt-pt\/como-os-transtornos-de-ansiedade-afetam-a-cognicao\/"},"wordCount":5403,"publisher":{"@id":"https:\/\/www.dynseo.com\/pt-pt\/#organization"},"image":{"@id":"https:\/\/www.dynseo.com\/pt-pt\/como-os-transtornos-de-ansiedade-afetam-a-cognicao\/#primaryimage"},"thumbnailUrl":"https:\/\/www.dynseo.com\/wp-content\/uploads\/2025\/10\/image-99.jpg","articleSection":["Les conseils des coachs"],"inLanguage":"pt-PT"},{"@type":"WebPage","@id":"https:\/\/www.dynseo.com\/pt-pt\/como-os-transtornos-de-ansiedade-afetam-a-cognicao\/","url":"https:\/\/www.dynseo.com\/pt-pt\/como-os-transtornos-de-ansiedade-afetam-a-cognicao\/","name":"Como os transtornos de ansiedade afetam a cogni\u00e7\u00e3o - DYNSEO - Aplica\u00e7\u00f5es educativas e jogos de mem\u00f3ria","isPartOf":{"@id":"https:\/\/www.dynseo.com\/pt-pt\/#website"},"primaryImageOfPage":{"@id":"https:\/\/www.dynseo.com\/pt-pt\/como-os-transtornos-de-ansiedade-afetam-a-cognicao\/#primaryimage"},"image":{"@id":"https:\/\/www.dynseo.com\/pt-pt\/como-os-transtornos-de-ansiedade-afetam-a-cognicao\/#primaryimage"},"thumbnailUrl":"https:\/\/www.dynseo.com\/wp-content\/uploads\/2025\/10\/image-99.jpg","datePublished":"2026-05-01T03:53:46+00:00","dateModified":"2026-05-01T03:59:43+00:00","breadcrumb":{"@id":"https:\/\/www.dynseo.com\/pt-pt\/como-os-transtornos-de-ansiedade-afetam-a-cognicao\/#breadcrumb"},"inLanguage":"pt-PT","potentialAction":[{"@type":"ReadAction","target":["https:\/\/www.dynseo.com\/pt-pt\/como-os-transtornos-de-ansiedade-afetam-a-cognicao\/"]}]},{"@type":"ImageObject","inLanguage":"pt-PT","@id":"https:\/\/www.dynseo.com\/pt-pt\/como-os-transtornos-de-ansiedade-afetam-a-cognicao\/#primaryimage","url":"https:\/\/www.dynseo.com\/wp-content\/uploads\/2025\/10\/image-99.jpg","contentUrl":"https:\/\/www.dynseo.com\/wp-content\/uploads\/2025\/10\/image-99.jpg","width":900,"height":579,"caption":"Estimule a mente e a criatividade da sua crian\u00e7a com dislexia atrav\u00e9s de jogos divertidos e desafiadores."},{"@type":"BreadcrumbList","@id":"https:\/\/www.dynseo.com\/pt-pt\/como-os-transtornos-de-ansiedade-afetam-a-cognicao\/#breadcrumb","itemListElement":[{"@type":"ListItem","position":1,"name":"Accueil","item":"https:\/\/www.dynseo.com\/pt-pt\/"},{"@type":"ListItem","position":2,"name":"Como os transtornos de ansiedade afetam a cogni\u00e7\u00e3o"}]},{"@type":"WebSite","@id":"https:\/\/www.dynseo.com\/pt-pt\/#website","url":"https:\/\/www.dynseo.com\/pt-pt\/","name":"Jeux de m\u00e9moire et stimulation cognitive","description":"Entra\u00eenez votre m\u00e9moire et votre cerveau avec DYNSEO","publisher":{"@id":"https:\/\/www.dynseo.com\/pt-pt\/#organization"},"potentialAction":[{"@type":"SearchAction","target":{"@type":"EntryPoint","urlTemplate":"https:\/\/www.dynseo.com\/pt-pt\/?s={search_term_string}"},"query-input":{"@type":"PropertyValueSpecification","valueRequired":true,"valueName":"search_term_string"}}],"inLanguage":"pt-PT"},{"@type":"Organization","@id":"https:\/\/www.dynseo.com\/pt-pt\/#organization","name":"DYNSEO","url":"https:\/\/www.dynseo.com\/pt-pt\/","logo":{"@type":"ImageObject","inLanguage":"pt-PT","@id":"https:\/\/www.dynseo.com\/pt-pt\/#\/schema\/logo\/image\/","url":"https:\/\/www.dynseo.com\/wp-content\/uploads\/2022\/05\/logo-dynseo-new.png","contentUrl":"https:\/\/www.dynseo.com\/wp-content\/uploads\/2022\/05\/logo-dynseo-new.png","width":5073,"height":1397,"caption":"DYNSEO"},"image":{"@id":"https:\/\/www.dynseo.com\/pt-pt\/#\/schema\/logo\/image\/"}},{"@type":"Person","@id":"https:\/\/www.dynseo.com\/pt-pt\/#\/schema\/person\/78ef63df2ee64e0989bc68f8401b38d6","name":"DYNSEO","url":"https:\/\/www.dynseo.com\/pt-pt\/author\/justine\/"}]}},"_links":{"self":[{"href":"https:\/\/www.dynseo.com\/pt-pt\/wp-json\/wp\/v2\/posts\/574947","targetHints":{"allow":["GET"]}}],"collection":[{"href":"https:\/\/www.dynseo.com\/pt-pt\/wp-json\/wp\/v2\/posts"}],"about":[{"href":"https:\/\/www.dynseo.com\/pt-pt\/wp-json\/wp\/v2\/types\/post"}],"author":[{"embeddable":true,"href":"https:\/\/www.dynseo.com\/pt-pt\/wp-json\/wp\/v2\/users\/4"}],"replies":[{"embeddable":true,"href":"https:\/\/www.dynseo.com\/pt-pt\/wp-json\/wp\/v2\/comments?post=574947"}],"version-history":[{"count":19,"href":"https:\/\/www.dynseo.com\/pt-pt\/wp-json\/wp\/v2\/posts\/574947\/revisions"}],"predecessor-version":[{"id":574966,"href":"https:\/\/www.dynseo.com\/pt-pt\/wp-json\/wp\/v2\/posts\/574947\/revisions\/574966"}],"wp:featuredmedia":[{"embeddable":true,"href":"https:\/\/www.dynseo.com\/pt-pt\/wp-json\/wp\/v2\/media\/416967"}],"wp:attachment":[{"href":"https:\/\/www.dynseo.com\/pt-pt\/wp-json\/wp\/v2\/media?parent=574947"}],"wp:term":[{"taxonomy":"category","embeddable":true,"href":"https:\/\/www.dynseo.com\/pt-pt\/wp-json\/wp\/v2\/categories?post=574947"},{"taxonomy":"post_tag","embeddable":true,"href":"https:\/\/www.dynseo.com\/pt-pt\/wp-json\/wp\/v2\/tags?post=574947"}],"curies":[{"name":"wp","href":"https:\/\/api.w.org\/{rel}","templated":true}]}}