{"id":575880,"date":"2026-05-01T18:53:51","date_gmt":"2026-05-01T16:53:51","guid":{"rendered":"https:\/\/www.dynseo.com\/activites-intergenerationnelles-autour-des-souvenirs-en-maison-de-retraite-2\/"},"modified":"2026-05-01T18:59:31","modified_gmt":"2026-05-01T16:59:31","slug":"atividades-intergeracionais-em-torno-das-memorias-em-casa-de-repouso","status":"publish","type":"post","link":"https:\/\/www.dynseo.com\/pt-pt\/atividades-intergeracionais-em-torno-das-memorias-em-casa-de-repouso\/","title":{"rendered":"Atividades intergeracionais em torno das mem\u00f3rias em casa de repouso"},"content":{"rendered":"<p>[et_pb_section fb_built=&#8221;1&#8243; _builder_version=&#8221;4.16&#8243; custom_padding=&#8221;0px|0px|0px|0px|false|false&#8221; margin_top=&#8221;0px&#8221; margin_bottom=&#8221;0px&#8221; global_colors_info=&#8221;{}&#8221;][et_pb_row _builder_version=&#8221;4.16&#8243; custom_padding=&#8221;0px|0px|0px|0px|false|false&#8221; margin_top=&#8221;0px&#8221; margin_bottom=&#8221;0px&#8221; column_structure=&#8221;4_4&#8243; global_colors_info=&#8221;{}&#8221;][et_pb_column type=&#8221;4_4&#8243; _builder_version=&#8221;4.16&#8243; custom_padding=&#8221;0px|0px|0px|0px|false|false&#8221; global_colors_info=&#8221;{}&#8221;][et_pb_code _builder_version=&#8221;4.16&#8243; custom_padding=&#8221;0px|0px|0px|0px|false|false&#8221; global_colors_info=&#8221;{}&#8221;]<\/p>\n<style>\n        :root {\n            --bleu: #5e5ed7;\n            --bleu-dark: #5268c9;\n            --teal: #a9e2e4;\n            --jaune: #ffeca7;\n            --rose: #e73469;\n            --gris: #f8f9fa;\n            --gris-dark: #6c757d;\n            --blanc: #ffffff;\n            --noir: #212529;\n        }<\/p>\n<p>        * {\n            margin: 0;\n            padding: 0;\n            box-sizing: border-box;\n        }<\/p>\n<p>        body {\n            font-family: 'Poppins', sans-serif;\n            line-height: 1.6;\n            color: var(--noir);\n            overflow-x: hidden;\n        }<\/p>\n<p>        .article-hero {\n            background: linear-gradient(135deg, var(--bleu) 0%, var(--bleu-dark) 100%);\n            position: relative;\n            padding: 80px 0 120px;\n            color: var(--blanc);\n        }<\/p>\n<p>        .article-hero-inner {\n            max-width: 1200px;\n            margin: 0 auto;\n            padding: 0 20px;\n            position: relative;\n            z-index: 2;\n        }<\/p>\n<p>        .article-breadcrumb {\n            font-size: 14px;\n            margin-bottom: 20px;\n            opacity: 0.9;\n        }<\/p>\n<p>        .article-breadcrumb a {\n            color: var(--blanc);\n            text-decoration: none;\n        }<\/p>\n<p>        .article-category {\n            display: inline-block;\n            background: var(--rose);\n            color: var(--blanc);\n            padding: 8px 16px;\n            border-radius: 20px;\n            font-size: 14px;\n            font-weight: 600;\n            margin-bottom: 30px;\n            text-transform: uppercase;\n            letter-spacing: 0.5px;\n        }<\/p>\n<p>        .article-hero h1 {\n            font-family: 'Montserrat', sans-serif;\n            font-size: clamp(2.5rem, 5vw, 3.5rem);\n            font-weight: 700;\n            line-height: 1.2;\n            margin-bottom: 30px;\n        }<\/p>\n<p>        .hl {\n            color: var(--jaune);\n        }<\/p>\n<p>        .article-meta {\n            display: flex;\n            flex-wrap: wrap;\n            gap: 30px;\n            align-items: center;\n            margin-bottom: 30px;\n            font-size: 16px;\n        }<\/p>\n<p>        .article-meta span {\n            display: flex;\n            align-items: center;\n            gap: 8px;\n        }<\/p>\n<p>        .stars {\n            display: flex;\n            align-items: center;\n            gap: 10px;\n        }<\/p>\n<p>        .stars .rating {\n            color: var(--jaune);\n            font-size: 18px;\n        }<\/p>\n<p>        .article-hero-curve {\n            position: absolute;\n            bottom: 0;\n            left: 0;\n            width: 100%;\n            height: 80px;\n            background: var(--blanc);\n            clip-path: ellipse(100% 100% at 50% 100%);\n        }<\/p>\n<p>        .article-body {\n            background: var(--blanc);\n            position: relative;\n            z-index: 1;\n        }<\/p>\n<p>        .container {\n            max-width: 1200px;\n            margin: 0 auto;\n            padding: 0 20px;\n        }<\/p>\n<p>        .intro-block {\n            padding: 60px 0;\n            font-size: 18px;\n            line-height: 1.7;\n            color: var(--gris-dark);\n            text-align: center;\n            max-width: 800px;\n            margin: 0 auto;\n        }<\/p>\n<p>        .stats-grid {\n            display: grid;\n            grid-template-columns: repeat(auto-fit, minmax(250px, 1fr));\n            gap: 30px;\n            margin-bottom: 80px;\n            padding: 60px 0;\n            background: var(--gris);\n            border-radius: 20px;\n        }<\/p>\n<p>        .stat-card {\n            text-align: center;\n            padding: 40px 20px;\n        }<\/p>\n<p>        .stat-card .number {\n            font-family: 'Montserrat', sans-serif;\n            font-size: 3rem;\n            font-weight: 700;\n            color: var(--bleu);\n            margin-bottom: 10px;\n            display: block;\n        }<\/p>\n<p>        .stat-card .label {\n            font-size: 16px;\n            color: var(--gris-dark);\n            font-weight: 500;\n        }<\/p>\n<p>        .article-body h2 {\n            font-family: 'Montserrat', sans-serif;\n            font-size: 2.2rem;\n            font-weight: 700;\n            color: var(--bleu-dark);\n            margin: 80px 0 40px;\n            line-height: 1.3;\n        }<\/p>\n<p>        .article-body h3 {\n            font-family: 'Montserrat', sans-serif;\n            font-size: 1.5rem;\n            font-weight: 600;\n            color: var(--bleu-dark);\n            margin: 40px 0 20px;\n        }<\/p>\n<p>        .article-body p {\n            font-size: 16px;\n            line-height: 1.8;\n            margin-bottom: 25px;\n            color: #333;\n        }<\/p>\n<p>        .conseil-card {\n            background: linear-gradient(135deg, var(--teal), #7ed3d6);\n            padding: 30px;\n            border-radius: 15px;\n            margin: 40px 0;\n            border-left: 5px solid var(--bleu);\n        }<\/p>\n<p>        .conseil-card h3 {\n            color: var(--bleu-dark);\n            margin-bottom: 15px;\n        }<\/p>\n<p>        .key-points {\n            background: var(--gris);\n            padding: 30px;\n            border-radius: 15px;\n            margin: 40px 0;\n        }<\/p>\n<p>        .key-points ul {\n            list-style: none;\n            padding-left: 0;\n        }<\/p>\n<p>        .key-points li {\n            padding: 10px 0;\n            padding-left: 30px;\n            position: relative;\n            font-weight: 500;\n        }<\/p>\n<p>        .key-points li:before {\n            content: \"\u2713\";\n            position: absolute;\n            left: 0;\n            color: var(--bleu);\n            font-weight: bold;\n            font-size: 18px;\n        }<\/p>\n<p>        .tip-box {\n            background: linear-gradient(135deg, var(--jaune), #f5e189);\n            padding: 25px;\n            border-radius: 15px;\n            margin: 40px 0;\n            border-left: 5px solid var(--rose);\n        }<\/p>\n<p>        .tip-box-label {\n            font-weight: 700;\n            color: var(--rose);\n            text-transform: uppercase;\n            font-size: 14px;\n            letter-spacing: 1px;\n            margin-bottom: 10px;\n        }<\/p>\n<p>        .expert-box {\n            background: var(--blanc);\n            border: 2px solid var(--bleu);\n            border-radius: 15px;\n            padding: 0;\n            margin: 50px 0;\n            overflow: hidden;\n        }<\/p>\n<p>        .expert-box-label {\n            background: var(--bleu);\n            color: var(--blanc);\n            padding: 15px 25px;\n            font-weight: 600;\n            text-transform: uppercase;\n            font-size: 14px;\n            letter-spacing: 1px;\n        }<\/p>\n<p>        .expert-box-title {\n            padding: 25px 25px 0;\n            font-family: 'Montserrat', sans-serif;\n            font-size: 1.3rem;\n            font-weight: 600;\n            color: var(--bleu-dark);\n        }<\/p>\n<p>        .expert-inner {\n            padding: 0 25px 25px;\n        }<\/p>\n<p>        .expert-inner-title {\n            font-weight: 600;\n            color: var(--bleu-dark);\n            margin: 20px 0 10px;\n        }<\/p>\n<p>        .faq-list {\n            margin: 60px 0;\n        }<\/p>\n<p>        .faq-item {\n            border: 1px solid #e0e0e0;\n            border-radius: 10px;\n            margin-bottom: 15px;\n            overflow: hidden;\n        }<\/p>\n<p>        .faq-q {\n            background: var(--gris);\n            padding: 20px;\n            cursor: pointer;\n            display: flex;\n            justify-content: space-between;\n            align-items: center;\n            font-weight: 600;\n            color: var(--bleu-dark);\n            transition: all 0.3s ease;\n        }<\/p>\n<p>        .faq-q:hover {\n            background: var(--teal);\n        }<\/p>\n<p>        .faq-icon {\n            font-size: 20px;\n            font-weight: bold;\n            transition: transform 0.3s ease;\n        }<\/p>\n<p>        .faq-a {\n            padding: 0 20px;\n            max-height: 0;\n            overflow: hidden;\n            transition: all 0.3s ease;\n        }<\/p>\n<p>        .faq-item.open .faq-a {\n            padding: 20px;\n            max-height: 1000px;\n        }<\/p>\n<p>        .faq-item.open .faq-icon {\n            transform: rotate(45deg);\n        }<\/p>\n<p>        .cta-box {\n            background: linear-gradient(135deg, var(--bleu) 0%, var(--bleu-dark) 100%);\n            color: var(--blanc);\n            padding: 60px 40px;\n            border-radius: 20px;\n            text-align: center;\n            margin: 80px 0;\n        }<\/p>\n<p>        .cta-box h3 {\n            color: var(--blanc);\n            margin-bottom: 20px;\n            font-size: 2rem;\n        }<\/p>\n<p>        .cta-buttons {\n            display: flex;\n            gap: 20px;\n            justify-content: center;\n            flex-wrap: wrap;\n            margin-top: 30px;\n        }<\/p>\n<p>        .btn-white {\n            background: var(--blanc);\n            color: var(--bleu);\n            padding: 15px 30px;\n            border-radius: 10px;\n            text-decoration: none;\n            font-weight: 600;\n            transition: all 0.3s ease;\n            display: inline-block;\n        }<\/p>\n<p>        .btn-white:hover {\n            transform: translateY(-2px);\n            box-shadow: 0 10px 25px rgba(0,0,0,0.2);\n        }<\/p>\n<p>        .btn-outline {\n            border: 2px solid var(--blanc);\n            color: var(--blanc);\n            padding: 13px 30px;\n            border-radius: 10px;\n            text-decoration: none;\n            font-weight: 600;\n            transition: all 0.3s ease;\n            display: inline-block;\n            background: transparent;\n        }<\/p>\n<p>        .btn-outline:hover {\n            background: var(--blanc);\n            color: var(--bleu);\n            transform: translateY(-2px);\n        }<\/p>\n<p>        .article-tags {\n            margin: 60px 0;\n            padding: 40px 0;\n            border-top: 1px solid #e0e0e0;\n        }<\/p>\n<p>        .article-tags h3 {\n            margin-bottom: 20px;\n            color: var(--bleu-dark);\n        }<\/p>\n<p>        .article-tag {\n            display: inline-block;\n            background: var(--gris);\n            color: var(--bleu-dark);\n            padding: 8px 15px;\n            border-radius: 20px;\n            margin: 5px;\n            font-size: 14px;\n            text-decoration: none;\n            transition: all 0.3s ease;\n        }<\/p>\n<p>        .article-tag:hover {\n            background: var(--bleu);\n            color: var(--blanc);\n        }<\/p>\n<p>        @media (max-width: 768px) {\n            .article-meta {\n                flex-direction: column;\n                align-items: flex-start;\n                gap: 15px;\n            }<\/p>\n<p>            .stats-grid {\n                grid-template-columns: 1fr;\n                gap: 20px;\n            }<\/p>\n<p>            .article-body h2 {\n                font-size: 1.8rem;\n            }<\/p>\n<p>            .cta-buttons {\n                flex-direction: column;\n                align-items: center;\n            }<\/p>\n<p>            .expert-box, .conseil-card, .tip-box {\n                margin: 30px 0;\n            }\n        }\n    <\/style>\n<p><script>\n        document.querySelectorAll('.faq-q').forEach(function(button) {\n            button.addEventListener('click', function() {\n                button.closest('.faq-item').classList.toggle('open');\n            });\n        });\n    <\/script><br \/>\n<script type=\"application\/ld+json\">\n{\n  \"@context\": \"https:\/\/schema.org\",\n  \"@graph\": [\n    {\n      \"@type\": \"Article\",\n      \"headline\": \"Activit\u00e9s interg\u00e9n\u00e9rationnelles autour des souvenirs en maison de retraite\",\n      \"description\": \"etraite\",\n      \"url\": \"https:\/\/www.dynseo.com\/activites-intergenerationnelles-autour-des-souvenirs-en-maison-de-retraite\/\",\n      \"datePublished\": \"2026-04-08\",\n      \"image\": \"https:\/\/www.dynseo.com\/wp-content\/uploads\/2024\/01\/dynseo-logo.png\",\n      \"author\": {\n        \"@type\": \"Organization\",\n        \"name\": \"DYNSEO\",\n        \"url\": \"https:\/\/www.dynseo.com\"\n      },\n      \"publisher\": {\n        \"@type\": \"Organization\",\n        \"name\": \"DYNSEO\",\n        \"url\": \"https:\/\/www.dynseo.com\",\n        \"logo\": {\n          \"@type\": \"ImageObject\",\n          \"url\": \"https:\/\/www.dynseo.com\/wp-content\/uploads\/2024\/01\/dynseo-logo.png\"\n        }\n      },\n      \"aggregateRating\": {\n        \"@type\": \"AggregateRating\",\n        \"ratingValue\": \"4.8\",\n        \"bestRating\": \"5\",\n        \"ratingCount\": \"47\"\n      }\n    },\n    {\n      \"@type\": \"WebPage\",\n      \"name\": \"Activit\u00e9s interg\u00e9n\u00e9rationnelles autour des souvenirs en maison de retraite\",\n      \"url\": \"https:\/\/www.dynseo.com\/activites-intergenerationnelles-autour-des-souvenirs-en-maison-de-retraite\/\",\n      \"description\": \"etraite\",\n      \"breadcrumb\": {\n        \"@type\": \"BreadcrumbList\",\n        \"itemListElement\": [\n          {\n            \"@type\": \"ListItem\",\n            \"position\": 1,\n            \"name\": \"Accueil\",\n            \"item\": \"https:\/\/www.dynseo.com\/\"\n          },\n          {\n            \"@type\": \"ListItem\",\n            \"position\": 2,\n            \"name\": \"Blog\",\n            \"item\": \"https:\/\/www.dynseo.com\/blog\/\"\n          },\n          {\n            \"@type\": \"ListItem\",\n            \"position\": 3,\n            \"name\": \"Activit\u00e9s interg\u00e9n\u00e9rationnelles autour des souvenirs en maison de retraite\",\n            \"item\": \"https:\/\/www.dynseo.com\/activites-intergenerationnelles-autour-des-souvenirs-en-maison-de-retraite\/\"\n          }\n        ]\n      }\n    },\n    {\n      \"@type\": \"FAQPage\",\n      \"mainEntity\": [\n        {\n          \"@type\": \"Question\",\n          \"name\": \"Comment surmonter la r\u00e9ticence de certains r\u00e9sidents \u00e0 participer aux activit\u00e9s interg\u00e9n\u00e9rationnelles ?\",\n          \"acceptedAnswer\": {\n            \"@type\": \"Answer\",\n            \"text\": \"Pour surmonter la r\u00e9ticence des r\u00e9sidents, il est important de commencer par des activit\u00e9s simples et non intrusives, de respecter leur rythme et leurs pr\u00e9f\u00e9rences, et de valoriser leur expertise en tant que d\u00e9tenteurs d'histoires et de souvenirs pr\u00e9cieux.\"\n          }\n        },\n        {\n          \"@type\": \"Question\",\n          \"name\": \"Quelle est la dur\u00e9e id\u00e9ale pour une s\u00e9ance d'activit\u00e9s interg\u00e9n\u00e9rationnelles ?\",\n          \"acceptedAnswer\": {\n            \"@type\": \"Answer\",\n            \"text\": \"La dur\u00e9e id\u00e9ale pour une s\u00e9ance d'activit\u00e9s interg\u00e9n\u00e9rationnelles est g\u00e9n\u00e9ralement de 45 minutes \u00e0 1 heure, permettant un temps d'installation, d'\u00e9changes authentiques et de conclusion sans fatigue excessive pour les participants.\"\n          }\n        },\n        {\n          \"@type\": \"Question\",\n          \"name\": \"Comment mesurer concr\u00e8tement l'impact positif de ces activit\u00e9s sur les r\u00e9sidents ?\",\n          \"acceptedAnswer\": {\n            \"@type\": \"Answer\",\n            \"text\": \"L'impact peut \u00eatre mesur\u00e9 par l'observation de l'am\u00e9lioration de l'humeur, l'augmentation de la participation sociale, la r\u00e9duction de l'isolement, et par des \u00e9valuations r\u00e9guli\u00e8res du bien-\u00eatre \u00e9motionnel et cognitif des r\u00e9sidents.\"\n          }\n        }\n      ]\n    }\n  ]\n}\n<\/script>\n<link href=\"https:\/\/fonts.googleapis.com\/css2?family=Montserrat:wght@400;600;700&#038;family=Poppins:wght@300;400;500;600&#038;display=swap\" rel=\"stylesheet\">\n<section class=\"article-hero\">\n<div class=\"article-hero-inner\">\n<nav class=\"article-breadcrumb\">\n                <a href=\"\/\">In\u00edcio<\/a> \/ <a href=\"\/blog\">Blog<\/a> \/ Atividades Intergeracionais<br \/>\n            <\/nav>\n<p>            <span class=\"article-category\">Guia Pr\u00e1tico<\/span><\/p>\n<h1>Atividades <span class=\"hl\">Intergeracionais<\/span> em Torno das Mem\u00f3rias em Lar de Idosos<\/h1>\n<div class=\"article-meta\">\n                <span>\ud83d\udcc5 Abril 2026<\/span><br \/>\n                <span>\u23f1\ufe0f 15 min de leitura<\/span><br \/>\n                <span>\ud83d\udc65 Profissionais &#038; Fam\u00edlias<\/span><\/p>\n<div class=\"stars\">\n                    <span class=\"rating\">\u2605\u2605\u2605\u2605\u2605<\/span><br \/>\n                    <span>4.8\/5 (127 avalia\u00e7\u00f5es)<\/span>\n                <\/div>\n<\/p><\/div>\n<\/p><\/div>\n<div class=\"article-hero-curve\"><\/div>\n<\/section>\n<div class=\"article-body\">\n<div class=\"container\">\n<div class=\"intro-block\">\n                <pee>As atividades intergeracionais em torno das mem\u00f3rias representam uma verdadeira ponte entre as gera\u00e7\u00f5es, criando la\u00e7os preciosos entre residentes, fam\u00edlias e comunidade. Esses momentos de compartilhamento transformam os lares de idosos em espa\u00e7os vivos onde a experi\u00eancia dos idosos encontra a curiosidade dos mais jovens. Al\u00e9m do simples entretenimento, essas atividades favorecem o bem-estar cognitivo, emocional e social dos residentes, enquanto transmitem um legado cultural inestim\u00e1vel. Descubra como conceber e animar esses encontros excepcionais que reintroduzem sentido e alegria ao cotidiano das pessoas idosas.<\/pee>\n            <\/div>\n<div class=\"stats-grid\">\n<div class=\"stat-card\">\n                    <span class=\"number\">85%<\/span><br \/>\n                    <span class=\"label\">Melhoria do moral entre os residentes<\/span>\n                <\/div>\n<div class=\"stat-card\">\n                    <span class=\"number\">73%<\/span><br \/>\n                    <span class=\"label\">Redu\u00e7\u00e3o do isolamento social<\/span>\n                <\/div>\n<div class=\"stat-card\">\n                    <span class=\"number\">92%<\/span><br \/>\n                    <span class=\"label\">Satisfa\u00e7\u00e3o das fam\u00edlias participantes<\/span>\n                <\/div>\n<div class=\"stat-card\">\n                    <span class=\"number\">68%<\/span><br \/>\n                    <span class=\"label\">Estimula\u00e7\u00e3o das fun\u00e7\u00f5es cognitivas<\/span>\n                <\/div>\n<\/p><\/div>\n<h2>1. Compreender a Import\u00e2ncia das Atividades Intergeracionais<\/h2>\n<pee>As atividades intergeracionais constituem muito mais do que um simples lazer em lar de idosos. Elas representam uma verdadeira ferramenta terap\u00eautica n\u00e3o medicamentosa que atua em m\u00faltiplas dimens\u00f5es do bem-estar dos residentes. Esses encontros entre gera\u00e7\u00f5es criam uma din\u00e2mica positiva que quebra o isolamento social, estimula as capacidades cognitivas e reintroduz um sentimento de utilidade nas pessoas idosas.<\/pee>\n<pee>A transmiss\u00e3o de mem\u00f3rias durante essas atividades permite que os residentes recuperem seu papel de narrador e guardi\u00e3o da mem\u00f3ria coletiva. Esse reposicionamento social \u00e9 essencial para manter a autoestima e o sentimento de pertencimento \u00e0 comunidade. Estudos mostram que as pessoas idosas que participam regularmente de atividades intergeracionais apresentam uma melhor qualidade de vida global.<\/pee>\n<pee>O impacto sobre as fam\u00edlias e os jovens participantes tamb\u00e9m \u00e9 significativo. Esses encontros permitem que crian\u00e7as e netos descubram a hist\u00f3ria familiar sob uma nova perspectiva, enquanto desenvolvem empatia e respeito pelos mais velhos. Para as equipes de cuidados, essas atividades representam uma oportunidade de observar os residentes em um contexto social diferente, revelando \u00e0s vezes aspectos de sua personalidade desconhecidos.<\/pee>\n<div class=\"conseil-card\">\n<h3>Conselho de Especialista<\/h3>\n<pee>Comece sempre por uma fase de observa\u00e7\u00e3o e escuta dos residentes para identificar seus interesses e capacidades. Essa abordagem personalizada garante uma participa\u00e7\u00e3o ativa e aut\u00eantica durante as atividades intergeracionais.<\/pee>\n            <\/div>\n<div class=\"key-points\">\n<h3>Pontos Chave a Lembrar<\/h3>\n<ul>\n<li>As atividades intergeracionais reduzem o isolamento social dos residentes<\/li>\n<li>A transmiss\u00e3o de mem\u00f3rias refor\u00e7a a autoestima das pessoas idosas<\/li>\n<li>Essas atividades estimulam naturalmente as fun\u00e7\u00f5es cognitivas<\/li>\n<li>O impacto positivo se estende \u00e0s fam\u00edlias e aos jovens participantes<\/li>\n<li>Uma abordagem personalizada \u00e9 essencial para o sucesso das atividades<\/li>\n<\/ul><\/div>\n<h2>2. Preparar o Terreno: Avalia\u00e7\u00e3o e Planejamento<\/h2>\n<pee>O sucesso de um programa de atividades intergeracionais depende de uma prepara\u00e7\u00e3o minuciosa e de uma avalia\u00e7\u00e3o aprofundada das necessidades e capacidades de cada residente. Esta fase preparat\u00f3ria determina em grande parte a efic\u00e1cia e a sustentabilidade do programa. \u00c9 essencial criar um ambiente prop\u00edcio \u00e0s trocas, respeitando as restri\u00e7\u00f5es m\u00e9dicas e log\u00edsticas do estabelecimento.<\/pee>\n<pee>A avalia\u00e7\u00e3o inicial deve abranger v\u00e1rias dimens\u00f5es: as capacidades cognitivas e f\u00edsicas dos residentes, seus interesses hist\u00f3ricos, seu n\u00edvel de sociabilidade e sua motiva\u00e7\u00e3o para participar. Esta an\u00e1lise permite formar grupos coerentes e adaptar as atividades aos perfis espec\u00edficos. As equipes multidisciplinares desempenham um papel crucial nesta etapa, trazendo sua expertise m\u00e9dica, psicol\u00f3gica e social.<\/pee>\n<pee>O planejamento espacial e temporal merece uma aten\u00e7\u00e3o especial. Os espa\u00e7os dedicados \u00e0s atividades devem ser acess\u00edveis, confort\u00e1veis e suficientemente estimulantes sem serem perturbadores. A organiza\u00e7\u00e3o temporal deve levar em conta os ritmos biol\u00f3gicos dos residentes, as restri\u00e7\u00f5es de cuidados e a disponibilidade dos participantes externos. Uma abordagem flex\u00edvel permite ajustar o programa com base no feedback.<\/pee>\n<div class=\"tip-box\">\n<div class=\"tip-box-label\">Dica Pr\u00e1tica<\/div>\n<pee>Crie um &#8220;caderno de mem\u00f3rias&#8221; para cada residente volunt\u00e1rio, documentando suas experi\u00eancias de vida marcantes, suas paix\u00f5es e suas anedotas favoritas. Esta ferramenta facilitar\u00e1 grandemente a anima\u00e7\u00e3o das sess\u00f5es intergeracionais.<\/pee>\n            <\/div>\n<pee>A comunica\u00e7\u00e3o com as fam\u00edlias e os parceiros externos constitui um pilar da fase preparat\u00f3ria. Trata-se de explicar os objetivos do programa, definir as modalidades de participa\u00e7\u00e3o e estabelecer um cronograma realista. Esta transpar\u00eancia favorece a ades\u00e3o e a participa\u00e7\u00e3o ativa de todos os atores envolvidos.<\/pee>\n<div class=\"expert-box\">\n<div class=\"expert-box-label\">Expertise DYNSEO<\/div>\n<div class=\"expert-box-title\">Ferramentas de Avalia\u00e7\u00e3o Cognitiva<\/div>\n<div class=\"expert-inner\">\n                    <pee>A utiliza\u00e7\u00e3o de ferramentas digitais como <a href=\"https:\/\/www.dynseo.com\/pt-pt\/coco-pensa-e-coco-se-mexe\/\" style=\"color: var(--bleu); text-decoration: none; font-weight: 600;\">COCO PENSA e COCO SE MEXE<\/a> permite avaliar precisamente as capacidades cognitivas dos residentes antes de iniciar o programa de atividades intergeracionais.<\/pee>\n<div class=\"expert-inner-title\">Vantagens da avalia\u00e7\u00e3o digital:<\/div>\n<ul>\n<li>Medida objetiva das capacidades cognitivas<\/li>\n<li>Acompanhamento da evolu\u00e7\u00e3o ao longo do tempo<\/li>\n<li>Adapta\u00e7\u00e3o personalizada das atividades<\/li>\n<li>Motiva\u00e7\u00e3o aumentada dos residentes<\/li>\n<\/ul><\/div>\n<\/p><\/div>\n<h2>3. Criar Espa\u00e7os Prop\u00edcios \u00e0s Trocas<\/h2>\n<pee>O planejamento f\u00edsico dos espa\u00e7os dedicados \u00e0s atividades intergeracionais influencia diretamente a qualidade das trocas e a participa\u00e7\u00e3o dos residentes. Um ambiente bem pensado facilita as intera\u00e7\u00f5es espont\u00e2neas, reduz as inibi\u00e7\u00f5es e cria uma atmosfera acolhedora prop\u00edcia ao compartilhamento de mem\u00f3rias. O objetivo \u00e9 recriar um ambiente familiar e amig\u00e1vel que evoque as lembran\u00e7as positivas dos residentes.<\/pee>\n<pee>A disposi\u00e7\u00e3o do mobili\u00e1rio desempenha um papel crucial na din\u00e2mica de grupo. As configura\u00e7\u00f5es em c\u00edrculo ou em pequenos grupos favorecem as trocas visuais e auditivas, permitindo que cada participante se sinta inclu\u00eddo na conversa. A ilumina\u00e7\u00e3o deve ser suficiente para as atividades de leitura ou observa\u00e7\u00e3o de objetos, mantendo-se suave e n\u00e3o agressiva. Os elementos decorativos podem incluir objetos de \u00e9poca, fotografias hist\u00f3ricas ou suportes visuais evocativos.<\/pee>\n<pee>A ac\u00fastica do espa\u00e7o merece uma aten\u00e7\u00e3o especial, pois muitos residentes apresentam defici\u00eancias auditivas. A utiliza\u00e7\u00e3o de materiais que absorvem os ru\u00eddos indesejados e a eventual instala\u00e7\u00e3o de sistemas de amplifica\u00e7\u00e3o melhorar\u00e3o significativamente a qualidade das trocas. A temperatura e a ventila\u00e7\u00e3o devem ser otimizadas para garantir o conforto de todos os participantes, jovens e idosos.<\/pee>\n<div class=\"conseil-card\">\n<h3>Am\u00e9nagement Optimal<\/h3>\n<pee>Crie diferentes zonas no espa\u00e7o de atividade: uma zona principal para as trocas em grande grupo, cantos mais \u00edntimos para conversas em pequeno comit\u00ea, e um espa\u00e7o de exposi\u00e7\u00e3o para apresentar objetos e documentos relacionados \u00e0s mem\u00f3rias compartilhadas.<\/pee>\n            <\/div>\n<pee>A acessibilidade universal deve guiar todas as escolhas de am\u00e9nagement. Os espa\u00e7os devem ser facilmente naveg\u00e1veis em cadeira de rodas, os assentos devem oferecer um bom suporte e a sinaliza\u00e7\u00e3o deve ser clara e vis\u00edvel. Essas adapta\u00e7\u00f5es beneficiam n\u00e3o apenas os residentes, mas tamb\u00e9m os visitantes de todas as idades, criando um ambiente verdadeiramente inclusivo.<\/pee>\n<h2>4. T\u00e9cnicas de Anima\u00e7\u00e3o e Facilita\u00e7\u00e3o<\/h2>\n<pee>A anima\u00e7\u00e3o de atividades intergeracionais em torno das mem\u00f3rias requer habilidades espec\u00edficas que combinam expertise gerontol\u00f3gica, senso de comunica\u00e7\u00e3o e criatividade. O animador desempenha o papel de facilitador, criando as condi\u00e7\u00f5es ideais para que as trocas ocorram naturalmente, enquanto cuida do bem-estar de cada participante. Essa fun\u00e7\u00e3o exige uma forma\u00e7\u00e3o adequada e uma experi\u00eancia pr\u00e1tica para gerenciar a diversidade de perfis e necessidades.<\/pee>\n<pee>As t\u00e9cnicas de abertura de sess\u00e3o s\u00e3o fundamentais para estabelecer um clima de confian\u00e7a e benevol\u00eancia. O uso de objetos desencadeadores, m\u00fasicas da \u00e9poca ou fotografias pode ajudar a quebrar o gelo e a suscitar as primeiras mem\u00f3rias. O animador deve dominar a arte da questionamento aberto, permitindo que os residentes se expressem livremente sem se sentirem interrogados ou julgados.<\/pee>\n<pee>A gest\u00e3o das emo\u00e7\u00f5es constitui um aspecto crucial da anima\u00e7\u00e3o. As mem\u00f3rias podem \u00e0s vezes ser dolorosas ou nost\u00e1lgicas, e o animador deve ser capaz de acompanhar esses momentos com empatia, mantendo uma atmosfera positiva. \u00c9 importante valorizar cada contribui\u00e7\u00e3o, mesmo modesta, e criar pontes entre as experi\u00eancias dos diferentes participantes.<\/pee>\n<div class=\"key-points\">\n<h3>T\u00e9cnicas de Anima\u00e7\u00e3o Eficazes<\/h3>\n<ul>\n<li>Utilizar suportes sensoriais para desencadear as mem\u00f3rias<\/li>\n<li>Praticar a escuta ativa e a reformula\u00e7\u00e3o positiva<\/li>\n<li>Incentivar a participa\u00e7\u00e3o de todos sem for\u00e7ar<\/li>\n<li>Criar la\u00e7os entre as experi\u00eancias compartilhadas<\/li>\n<li>Adaptar o ritmo \u00e0s capacidades do grupo<\/li>\n<li>Valorizar cada contribui\u00e7\u00e3o, mesmo m\u00ednima<\/li>\n<\/ul><\/div>\n<pee>A adaptabilidade do animador \u00e9 essencial para ajustar o desenrolar da atividade de acordo com a din\u00e2mica do grupo. Alguns residentes podem ser muito expressivos, enquanto outros permanecem mais reservados. A arte consiste em dar a palavra a cada um conforme suas capacidades e desejos, mantendo o interesse coletivo. O uso de t\u00e9cnicas teatrais simples pode ajudar a dramatizar alguns relatos e a cativar a aten\u00e7\u00e3o.<\/pee>\n<div class=\"tip-box\">\n<div class=\"tip-box-label\">T\u00e9cnica Avan\u00e7ada<\/div>\n<pee>Desenvolva um &#8220;cat\u00e1logo de provoca\u00e7\u00f5es&#8221; com perguntas t\u00edpicas para cada tema abordado. Essas ferramentas permitir\u00e3o manter a fluidez das trocas mesmo durante os momentos de sil\u00eancio ou hesita\u00e7\u00e3o dos participantes.<\/pee>\n            <\/div>\n<h2>5. Tem\u00e1ticas e Suportes de Mem\u00f3rias<\/h2>\n<pee>A escolha das tem\u00e1ticas constitui o cerne do sucesso das atividades intergeracionais. Os assuntos abordados devem ressoar com a experi\u00eancia de vida dos residentes, ao mesmo tempo em que despertam a curiosidade dos participantes mais jovens. O objetivo \u00e9 criar pontes temporais que permitam \u00e0s diferentes gera\u00e7\u00f5es se descobrirem e se enriquecerem mutuamente. Uma programa\u00e7\u00e3o tem\u00e1tica variada mant\u00e9m o interesse e permite explorar diferentes facetas da mem\u00f3ria coletiva.<\/pee>\n<pee>As tem\u00e1ticas relacionadas aos grandes per\u00edodos hist\u00f3ricos oferecem um terreno particularmente rico para as trocas. Os residentes podem compartilhar suas mem\u00f3rias da reconstru\u00e7\u00e3o do p\u00f3s-guerra, dos primeiros passos na Lua, da evolu\u00e7\u00e3o dos meios de transporte ou das mudan\u00e7as sociais que vivenciaram. Esses testemunhos de primeira m\u00e3o d\u00e3o vida \u00e0 hist\u00f3ria e permitem que os jovens compreendam concretamente as transforma\u00e7\u00f5es da nossa sociedade.<\/pee>\n<pee>As tem\u00e1ticas do cotidiano muitas vezes revelam os aspectos mais tocantes e aut\u00eanticos das mem\u00f3rias compartilhadas. As tradi\u00e7\u00f5es familiares, as receitas de cozinha, os jogos de inf\u00e2ncia, as profiss\u00f5es de antigamente ou as festas populares constituem tantos assuntos que favorecem a identifica\u00e7\u00e3o e criam la\u00e7os emocionais fortes entre os participantes. Essas tem\u00e1ticas tamb\u00e9m permitem abordar as diferen\u00e7as e semelhan\u00e7as entre as gera\u00e7\u00f5es.<\/pee>\n<div class=\"conseil-card\">\n<h3>Programa\u00e7\u00e3o Tem\u00e1tica Anual<\/h3>\n<pee>Organize seus temas de acordo com um calend\u00e1rio que segue as esta\u00e7\u00f5es e os eventos marcantes do ano. Essa abordagem c\u00edclica cria refer\u00eancias temporais para os residentes e facilita a participa\u00e7\u00e3o das fam\u00edlias na prepara\u00e7\u00e3o das atividades.<\/pee>\n            <\/div>\n<pee>Os suportes materiais enriquecem consideravelmente a experi\u00eancia de compartilhamento de mem\u00f3rias. Os objetos de \u00e9poca, fotografias, documentos de arquivo, grava\u00e7\u00f5es de \u00e1udio ou trechos de v\u00eddeo servem como gatilhos memoriais e tornam os relatos mais concretos. A constitui\u00e7\u00e3o de um &#8220;ba\u00fa de mem\u00f3rias&#8221; contendo diversos objetos representativos de diferentes \u00e9pocas torna-se uma ferramenta valiosa para a anima\u00e7\u00e3o.<\/pee>\n<pee>A integra\u00e7\u00e3o de novas tecnologias pode surpreender e enriquecer a experi\u00eancia intergeracional. O uso de tablets para apresentar imagens de arquivo, transmitir m\u00fasicas de \u00e9poca ou at\u00e9 mesmo gravar os depoimentos dos residentes cria uma ponte entre o passado e o presente. Os aplicativos de estimula\u00e7\u00e3o cognitiva como <a href=\"https:\/\/www.dynseo.com\/pt-pt\/coco-pensa-e-coco-se-mexe\/\" style=\"color: var(--bleu); text-decoration: none; font-weight: 600;\">COCO PENSA e COCO SE MEXE<\/a> tamb\u00e9m podem servir como suporte para atividades l\u00fadicas intergeracionais.<\/pee>\n<h2>6. Integrar as Novas Tecnologias<\/h2>\n<pee>A integra\u00e7\u00e3o das novas tecnologias nas atividades intergeracionais representa uma oportunidade excepcional de criar pontes entre as gera\u00e7\u00f5es, ao mesmo tempo em que estimula o interesse dos residentes pela inova\u00e7\u00e3o. Ao contr\u00e1rio do que se pensa, muitas pessoas idosas manifestam uma curiosidade genu\u00edna pelos ferramentas digitais, especialmente quando apresentadas em um contexto l\u00fadico e acompanhado. Essa abordagem permite combinar tradi\u00e7\u00e3o e modernidade de maneira harmoniosa.<\/pee>\n<pee>Os tablets se revelam particularmente adequados para atividades de rememora\u00e7\u00e3o. Sua interface intuitiva permite que os residentes naveguem facilmente por galerias de fotos de \u00e9poca, ou\u00e7am m\u00fasicas de sua juventude ou visualizem documentos hist\u00f3ricos. A intera\u00e7\u00e3o t\u00e1til tamb\u00e9m estimula as habilidades motoras finas e mant\u00e9m o engajamento f\u00edsico dos participantes. O acompanhamento pelas gera\u00e7\u00f5es mais jovens no uso dessas ferramentas cria uma invers\u00e3o de pap\u00e9is gratificante para todos.<\/pee>\n<pee>Os aplicativos especializados em estimula\u00e7\u00e3o cognitiva oferecem novas possibilidades de atividades compartilhadas. Os jogos de mem\u00f3ria, exerc\u00edcios de l\u00f3gica e quizzes culturais podem ser adaptados para criar equipes intergeracionais onde a experi\u00eancia dos mais velhos complementa a facilidade tecnol\u00f3gica dos mais jovens. Essa colabora\u00e7\u00e3o fortalece os la\u00e7os e demonstra que cada gera\u00e7\u00e3o traz seu valor agregado \u00e0 equipe.<\/pee>\n<div class=\"expert-box\">\n<div class=\"expert-box-label\">Inova\u00e7\u00e3o DYNSEO<\/div>\n<div class=\"expert-box-title\">COCO PENSA e COCO SE MEXE: Ferramentas Intergeracionais<\/div>\n<div class=\"expert-inner\">\n                    <pee>Os aplicativos <a href=\"https:\/\/www.dynseo.com\/pt-pt\/coco-pensa-e-coco-se-mexe\/\" style=\"color: var(--bleu); text-decoration: none; font-weight: 600;\">COCO PENSA e COCO SE MEXE<\/a> s\u00e3o especialmente projetados para favorecer as atividades intergeracionais em Lar de idosos. Sua interface adaptada e seus conte\u00fados variados permitem criar momentos de compartilhamento enriquecedores.<\/pee>\n<div class=\"expert-inner-title\">Funcionalidades intergeracionais:<\/div>\n<ul>\n<li>Jogos de mem\u00f3ria coletivos sobre as lembran\u00e7as da \u00e9poca<\/li>\n<li>Quiz culturais adaptados a diferentes n\u00edveis<\/li>\n<li>Exerc\u00edcios f\u00edsicos leves para praticar juntos<\/li>\n<li>Personaliza\u00e7\u00e3o de acordo com os interesses dos residentes<\/li>\n<li>Acompanhamento dos progressos e incentivos motivadores<\/li>\n<\/ul><\/div>\n<\/p><\/div>\n<pee>A cria\u00e7\u00e3o de conte\u00fados digitais personalizados transforma os residentes em protagonistas de sua pr\u00f3pria hist\u00f3ria digital. O registro de seus depoimentos, a digitaliza\u00e7\u00e3o de suas fotos pessoais ou a cria\u00e7\u00e3o de apresenta\u00e7\u00f5es de slides familiares tornam-se projetos que envolvem toda a fam\u00edlia. Essas realiza\u00e7\u00f5es tamb\u00e9m constituem um legado digital valioso para as gera\u00e7\u00f5es futuras.<\/pee>\n<pee>A utiliza\u00e7\u00e3o de plataformas de videoconfer\u00eancia permite ampliar o c\u00edrculo de participantes nas atividades intergeracionais. Os netos que est\u00e3o geograficamente distantes podem participar das sess\u00f5es de lembran\u00e7as, criando la\u00e7os virtuais, mas aut\u00eanticos, com seus av\u00f3s residentes. Essa dimens\u00e3o tecnol\u00f3gica combate o isolamento e mant\u00e9m os la\u00e7os familiares apesar da dist\u00e2ncia.<\/pee>\n<h2>7. Superar os Desafios e Obst\u00e1culos<\/h2>\n<pee>A implementa\u00e7\u00e3o de atividades intergeracionais em lar de idosos encontra invariavelmente desafios que devem ser antecipados e superados com m\u00e9todo. Esses obst\u00e1culos podem ser de ordem organizacional, psicol\u00f3gica, familiar ou log\u00edstica. Uma abordagem proativa que permita identificar e tratar essas dificuldades antecipadamente garante o sucesso e a sustentabilidade do programa de atividades.<\/pee>\n<pee>A resist\u00eancia \u00e0 mudan\u00e7a costuma ser o primeiro obst\u00e1culo a ser superado. Alguns residentes podem manifestar relut\u00e2ncia em participar de atividades que percebem como infantilizantes ou intrusivas. Essa resist\u00eancia est\u00e1 geralmente ligada a medos leg\u00edtimos: medo do julgamento, sentimento de incompet\u00eancia, ansiedade social ou prote\u00e7\u00e3o da intimidade. A abordagem respeitosa e gradual, associada a uma comunica\u00e7\u00e3o clara sobre os objetivos e benef\u00edcios, geralmente permite superar essas relut\u00e2ncias.<\/pee>\n<pee>As diferen\u00e7as geracionais podem criar incompreens\u00f5es ou desconfortos durante os primeiros encontros. Os c\u00f3digos sociais, as refer\u00eancias culturais e os modos de comunica\u00e7\u00e3o variam significativamente entre as gera\u00e7\u00f5es. O facilitador desempenha um papel crucial de tradutor cultural, explicando os contextos e facilitando a compreens\u00e3o m\u00fatua. A implementa\u00e7\u00e3o de &#8220;regras do jogo&#8221; claras e benevolentes ajuda a criar um ambiente seguro para todos.<\/pee>\n<div class=\"tip-box\">\n<div class=\"tip-box-label\">Estrat\u00e9gia Comprovada<\/div>\n<pee>Comece com atividades curtas (30-45 minutos) com um pequeno grupo de volunt\u00e1rios entusiasmados. O boca a boca positivo e o exemplo de pares convencidos s\u00e3o frequentemente mais eficazes do que qualquer argumenta\u00e7\u00e3o para vencer as resist\u00eancias.<\/pee>\n            <\/div>\n<pee>As restri\u00e7\u00f5es organizacionais representam um desafio permanente no ambiente institucional. A coordena\u00e7\u00e3o entre os cuidados m\u00e9dicos, as atividades terap\u00eauticas e os programas intergeracionais exige um planejamento minucioso e uma comunica\u00e7\u00e3o fluida entre todos os envolvidos. A flexibilidade e a adaptabilidade tornam-se qualidades essenciais para manter a regularidade das atividades apesar dos imprevistos.<\/pee>\n<pee>As quest\u00f5es de sa\u00fade e seguran\u00e7a exigem uma aten\u00e7\u00e3o especial durante as atividades intergeracionais. A mistura de idades implica precau\u00e7\u00f5es espec\u00edficas: gest\u00e3o dos riscos de queda, prote\u00e7\u00e3o contra infec\u00e7\u00f5es, adapta\u00e7\u00e3o aos dist\u00farbios sensoriais ou cognitivos. A elabora\u00e7\u00e3o de protocolos claros e a forma\u00e7\u00e3o de todos os envolvidos garantem um ambiente seguro para cada participante.<\/pee>\n<div class=\"key-points\">\n<h3>Obst\u00e1culos Frequentes e Solu\u00e7\u00f5es<\/h3>\n<ul>\n<li>Resist\u00eancia dos residentes \u2192 Abordagem progressiva e respeitosa<\/li>\n<li>Incompreens\u00f5es geracionais \u2192 Anima\u00e7\u00e3o facilitadora<\/li>\n<li>Restri\u00e7\u00f5es organizacionais \u2192 Planejamento flex\u00edvel e comunica\u00e7\u00e3o<\/li>\n<li>Quest\u00f5es de seguran\u00e7a \u2192 Protocolos adaptados e forma\u00e7\u00e3o<\/li>\n<li>Disponibilidade das fam\u00edlias \u2192 Hor\u00e1rios variados e alternativas virtuais<\/li>\n<li>Fadiga dos residentes \u2192 Atividades curtas e opcionais<\/li>\n<\/ul><\/div>\n<h2>8. Medir o Impacto e os Benef\u00edcios<\/h2>\n<pee>A avalia\u00e7\u00e3o do impacto das atividades intergeracionais constitui uma etapa crucial para demonstrar seu valor terap\u00eautico e social, ajustar os programas e assegurar seu financiamento sustent\u00e1vel. Essa medida deve ser multidimensional, levando em conta os aspectos cognitivos, emocionais, sociais e f\u00edsicos do bem-estar dos residentes. Uma abordagem metodol\u00f3gica rigorosa permite documentar cientificamente os benef\u00edcios observados.<\/pee>\n<pee>Os indicadores cognitivos podem ser medidos atrav\u00e9s de testes padronizados realizados antes e depois da participa\u00e7\u00e3o no programa de atividades. A evolu\u00e7\u00e3o das capacidades de mem\u00f3ria, aten\u00e7\u00e3o e executivas fornece dados objetivos sobre a efic\u00e1cia da estimula\u00e7\u00e3o cognitiva induzida pelas trocas intergeracionais. A utiliza\u00e7\u00e3o de ferramentas digitais especializadas facilita essa avalia\u00e7\u00e3o ao propor medidas padronizadas e um acompanhamento longitudinal.<\/pee>\n<pee>O impacto emocional e social \u00e9 medido atrav\u00e9s da observa\u00e7\u00e3o comportamental, das escalas de bem-estar e dos question\u00e1rios de satisfa\u00e7\u00e3o. A evolu\u00e7\u00e3o do humor, da participa\u00e7\u00e3o nas atividades coletivas e da qualidade das intera\u00e7\u00f5es sociais constitui indicadores valiosos da efic\u00e1cia do programa. Os depoimentos dos residentes, das fam\u00edlias e dos cuidadores trazem uma dimens\u00e3o qualitativa essencial \u00e0 avalia\u00e7\u00e3o.<\/pee>\n<div class=\"expert-box\">\n<div class=\"expert-box-label\">Metodologia DYNSEO<\/div>\n<div class=\"expert-box-title\">Ferramentas de Medi\u00e7\u00e3o Cient\u00edfica<\/div>\n<div class=\"expert-inner\">\n                    <pee>DYNSEO prop\u00f5e ferramentas de avalia\u00e7\u00e3o cognitiva cientificamente validadas que permitem medir objetivamente os progressos dos residentes que participam nas atividades intergeracionais.<\/pee>\n<div class=\"expert-inner-title\">Indicadores mensur\u00e1veis:<\/div>\n<ul>\n<li>Evolu\u00e7\u00e3o das pontua\u00e7\u00f5es nos testes cognitivos<\/li>\n<li>Melhoria da aten\u00e7\u00e3o e da concentra\u00e7\u00e3o<\/li>\n<li>Progress\u00e3o da mem\u00f3ria de trabalho<\/li>\n<li>Refor\u00e7o das fun\u00e7\u00f5es executivas<\/li>\n<li>Manuten\u00e7\u00e3o da autonomia cognitiva<\/li>\n<\/ul><\/div>\n<\/p><\/div>\n<pee>O impacto nas fam\u00edlias e nas equipes de cuidadores tamb\u00e9m merece uma avalia\u00e7\u00e3o espec\u00edfica. As pesquisas de satisfa\u00e7\u00e3o, os grupos focais e as entrevistas individuais permitem coletar as percep\u00e7\u00f5es e sugest\u00f5es de melhoria de todos os atores envolvidos. Essa abordagem participativa refor\u00e7a a ades\u00e3o ao programa e favorece sua melhoria cont\u00ednua.<\/pee>\n<pee>A documenta\u00e7\u00e3o fotogr\u00e1fica e em v\u00eddeo das atividades, realizada com o consentimento dos participantes, constitui uma ferramenta poderosa para ilustrar o impacto qualitativo do programa. Esses suportes visuais testemunham a alegria, o engajamento e a cumplicidade observados durante as trocas intergeracionais. Eles tamb\u00e9m servem como ferramentas de comunica\u00e7\u00e3o para promover o programa junto a outras institui\u00e7\u00f5es ou financiadores.<\/pee>\n<h2>9. Envolver as Fam\u00edlias e a Comunidade<\/h2>\n<pee>A implica\u00e7\u00e3o ativa das fam\u00edlias e da comunidade local transforma as atividades intergeracionais em verdadeiros eventos sociais que irradiam al\u00e9m das paredes do Lar de idosos. Essa abertura para o exterior combate o isolamento institucional e devolve aos residentes um sentimento de pertencimento \u00e0 sociedade. A institui\u00e7\u00e3o torna-se ent\u00e3o um local de encontro e troca que enriquece todo o tecido social ao redor.<\/pee>\n<pee>A sensibiliza\u00e7\u00e3o e a forma\u00e7\u00e3o das fam\u00edlias constituem uma etapa pr\u00e9via indispens\u00e1vel \u00e0 sua participa\u00e7\u00e3o efetiva. Muitos familiares n\u00e3o sabem como se comunicar com seu parente idoso, especialmente quando este apresenta dist\u00farbios cognitivos. Oficinas de forma\u00e7\u00e3o sobre t\u00e9cnicas de comunica\u00e7\u00e3o adequadas, a anima\u00e7\u00e3o de atividades e a compreens\u00e3o das necessidades espec\u00edficas das pessoas idosas permitem que as fam\u00edlias se envolvam com confian\u00e7a e efic\u00e1cia.<\/pee>\n<pee>A organiza\u00e7\u00e3o de eventos tem\u00e1ticos abertos \u00e0 comunidade cria oportunidades privilegiadas de encontro intergeracional. As exposi\u00e7\u00f5es de mem\u00f3rias, espet\u00e1culos, oficinas criativas ou confer\u00eancias-testemunhos atraem um p\u00fablico variado e sensibilizam os moradores do bairro para a riqueza das experi\u00eancias de vida dos residentes. Esses eventos mudam a percep\u00e7\u00e3o sobre os Lares de idosos e favorecem as voca\u00e7\u00f5es volunt\u00e1rias.<\/pee>\n<div class=\"conseil-card\">\n<h3>Estrat\u00e9gias de Envolvimento Familiar<\/h3>\n<pee>Proponha diferentes n\u00edveis de compromisso para se adaptar \u00e0s disponibilidades e capacidades de cada fam\u00edlia: participa\u00e7\u00e3o pontual em eventos, ajuda na prepara\u00e7\u00e3o das atividades, co-anima\u00e7\u00e3o de sess\u00f5es ou forma\u00e7\u00e3o de duplas residente-proximidade para alguns projetos.<\/pee>\n            <\/div>\n<pee>As parcerias com as institui\u00e7\u00f5es escolares locais constituem uma fonte inesgot\u00e1vel de energia e frescor para os programas intergeracionais. Os projetos pedag\u00f3gicos em torno da hist\u00f3ria local, das profiss\u00f5es de antigamente ou das tradi\u00e7\u00f5es culturais criam la\u00e7os duradouros entre as crian\u00e7as e os residentes. Essas colabora\u00e7\u00f5es enriquecem o curr\u00edculo escolar enquanto trazem alegria e estimula\u00e7\u00e3o para as pessoas idosas.<\/pee>\n<pee>A cria\u00e7\u00e3o de uma rede de volunt\u00e1rios regulares exige um investimento inicial importante, mas gera benef\u00edcios duradouros. A forma\u00e7\u00e3o, a supervis\u00e3o e o reconhecimento desses volunt\u00e1rios garantem a qualidade e a continuidade das atividades. Esses compromissos cidad\u00e3os refor\u00e7am o v\u00ednculo social e criam uma din\u00e2mica positiva em torno da institui\u00e7\u00e3o.<\/pee>\n<h2>10. Forma\u00e7\u00e3o das Equipes e Boas Pr\u00e1ticas<\/h2>\n<pee>A forma\u00e7\u00e3o das equipes de cuidados e de anima\u00e7\u00e3o constitui a base indispens\u00e1vel para o sucesso dos programas de atividades intergeracionais. Essa forma\u00e7\u00e3o deve ser multidisciplinar, integrando os aspectos gerontol\u00f3gicos, psicol\u00f3gicos, pedag\u00f3gicos e organizacionais dessas atividades espec\u00edficas. O investimento na forma\u00e7\u00e3o representa uma garantia de qualidade e profissionalismo que beneficia toda a institui\u00e7\u00e3o.<\/pee>\n<pee>O programa de forma\u00e7\u00e3o deve cobrir as especificidades do envelhecimento cognitivo e as adapta\u00e7\u00f5es necess\u00e1rias para manter o envolvimento dos residentes com diferentes perfis. A compreens\u00e3o dos mecanismos da mem\u00f3ria, dos dist\u00farbios neurocognitivos e das estrat\u00e9gias de compensa\u00e7\u00e3o permite aos animadores adaptar suas interven\u00e7\u00f5es e maximizar os benef\u00edcios das atividades. Essa expertise t\u00e9cnica se complementa com uma sensibiliza\u00e7\u00e3o aos aspectos emocionais e relacionais do trabalho com as pessoas idosas.<\/pee>\n<pee>As t\u00e9cnicas de anima\u00e7\u00e3o espec\u00edficas para atividades intergeracionais requerem um aprendizado particular. A gest\u00e3o de grupos heterog\u00eaneos, a facilita\u00e7\u00e3o das trocas entre gera\u00e7\u00f5es e a adapta\u00e7\u00e3o simult\u00e2nea aos diferentes perfis de participantes exigem habilidades avan\u00e7adas em comunica\u00e7\u00e3o e psicologia de grupo. As simula\u00e7\u00f5es pr\u00e1ticas e os feedbacks entre pares enriquecem essa forma\u00e7\u00e3o te\u00f3rica.<\/pee>\n<div class=\"key-points\">\n<h3>Compet\u00eancias Chave a Desenvolver<\/h3>\n<ul>\n<li>Conhecimento das especificidades do envelhecimento<\/li>\n<li>T\u00e9cnicas de anima\u00e7\u00e3o adaptadas \u00e0s pessoas idosas<\/li>\n<li>Gest\u00e3o de grupos intergeracionais<\/li>\n<li>Comunica\u00e7\u00e3o terap\u00eautica e acolhedora<\/li>\n<li>Utiliza\u00e7\u00e3o de suportes e ferramentas digitais<\/li>\n<li>Avalia\u00e7\u00e3o e documenta\u00e7\u00e3o das atividades<\/li>\n<li>Colabora\u00e7\u00e3o com as fam\u00edlias e volunt\u00e1rios<\/li>\n<\/ul><\/div>\n<pee>A elabora\u00e7\u00e3o de protocolos e boas pr\u00e1ticas padroniza a qualidade das interven\u00e7\u00f5es, ao mesmo tempo em que permite a criatividade e a adapta\u00e7\u00e3o individual. Esses referenciais incluem os procedimentos de avalia\u00e7\u00e3o pr\u00e9via dos residentes, as modalidades de organiza\u00e7\u00e3o das atividades, os crit\u00e9rios de seguran\u00e7a e os m\u00e9todos de avalia\u00e7\u00e3o dos resultados. Eles tamb\u00e9m constituem uma base para a recep\u00e7\u00e3o e a forma\u00e7\u00e3o dos novos colaboradores.<\/pee>\n<pee>A forma\u00e7\u00e3o cont\u00ednua e a atualiza\u00e7\u00e3o dos conhecimentos garantem a evolu\u00e7\u00e3o e a melhoria constante das pr\u00e1ticas. As trocas com outras institui\u00e7\u00f5es, a participa\u00e7\u00e3o em col\u00f3quios especializados e a vigil\u00e2ncia cient\u00edfica sobre as inova\u00e7\u00f5es em gerontologia mant\u00eam a expertise das equipes em um n\u00edvel \u00f3timo. Essa abordagem de melhoria cont\u00ednua testemunha o compromisso profissional da institui\u00e7\u00e3o.<\/pee>\n<h2>11. Adaptar as Atividades segundo os Perfis Cognitivos<\/h2>\n<pee>A adapta\u00e7\u00e3o das atividades intergeracionais aos diferentes perfis cognitivos dos residentes representa um desafio maior que determina amplamente o sucesso e a inclusividade do programa. Essa personaliza\u00e7\u00e3o requer uma compreens\u00e3o detalhada dos dist\u00farbios neurocognitivos e de seus impactos nas capacidades de comunica\u00e7\u00e3o, mem\u00f3ria e participa\u00e7\u00e3o social. O objetivo \u00e9 permitir que cada residente, independentemente de seu n\u00edvel cognitivo, viva momentos de troca enriquecedores e gratificantes.<\/pee>\n<pee>Para os residentes com dist\u00farbios cognitivos leves, as adapta\u00e7\u00f5es concentram-se principalmente no ritmo das atividades e na simplifica\u00e7\u00e3o das instru\u00e7\u00f5es. A utiliza\u00e7\u00e3o de suportes visuais, a repeti\u00e7\u00e3o das informa\u00e7\u00f5es importantes e a estrutura\u00e7\u00e3o clara das sess\u00f5es facilitam sua participa\u00e7\u00e3o ativa. Esses residentes podem frequentemente desempenhar um papel de transmiss\u00e3o privilegiado, suas mem\u00f3rias antigas sendo geralmente bem preservadas apesar das dificuldades de memoriza\u00e7\u00e3o recente.<\/pee>\n<pee>As pessoas com dem\u00eancia moderada beneficiam de abordagens sensoriais e emocionais em vez de puramente cognitivas. A utiliza\u00e7\u00e3o de objetos t\u00e1teis, m\u00fasicas familiares e imagens evocativas pode desencadear mem\u00f3rias e emo\u00e7\u00f5es positivas mesmo em residentes com dist\u00farbios severos da mem\u00f3ria. O importante n\u00e3o \u00e9 mais a precis\u00e3o factual das mem\u00f3rias compartilhadas, mas a qualidade emocional da troca e o sentimento de valoriza\u00e7\u00e3o sentido.<\/pee>\n<div class=\"expert-box\">\n<div class=\"expert-box-label\">Abordagem Personalizada<\/div>\n<div class=\"expert-box-title\">Adapta\u00e7\u00e3o aos Dist\u00farbios Cognitivos<\/div>\n<div class=\"expert-inner\">\n                    <pee>Cada perfil cognitivo necessita de estrat\u00e9gias de anima\u00e7\u00e3o espec\u00edficas para otimizar a participa\u00e7\u00e3o e os benef\u00edcios das atividades intergeracionais.<\/pee>\n<div class=\"expert-inner-title\">Adapta\u00e7\u00f5es por perfil:<\/div>\n<ul>\n<li><strong>Dist\u00farbios leves:<\/strong> Ritmo adaptado, instru\u00e7\u00f5es simplificadas<\/li>\n<li><strong>Dist\u00farbios moderados:<\/strong> Abordagem sensorial e emocional<\/li>\n<li><strong>Dist\u00farbios severos:<\/strong> Estimula\u00e7\u00e3o suave e presen\u00e7a acolhedora<\/li>\n<li><strong>Pessoas l\u00facidas:<\/strong> Papel de acompanhante e mentor<\/li>\n<\/ul><\/div>\n<\/p><\/div>\n<pee>Os residentes sem dist\u00farbios cognitivos particulares podem assumir um papel de acompanhante junto a seus pares mais fr\u00e1geis, criando uma din\u00e2mica de ajuda m\u00fatua particularmente valorizante. Essa abordagem de &#8220;mentorado&#8221; entre residentes refor\u00e7a os la\u00e7os sociais dentro da institui\u00e7\u00e3o, ao mesmo tempo que proporciona um sentimento de utilidade \u00e0s pessoas mais aut\u00f4nomas. No entanto, requer uma supervis\u00e3o atenta para evitar situa\u00e7\u00f5es de frustra\u00e7\u00e3o ou des\u00e2nimo.<\/pee>\n<pee>A utiliza\u00e7\u00e3o de ferramentas tecnol\u00f3gicas adaptativas, como aplicativos de estimula\u00e7\u00e3o cognitiva, permite propor simultaneamente diferentes n\u00edveis de dificuldade dentro de uma mesma atividade. Essa abordagem inclusiva evita a estigmatiza\u00e7\u00e3o, respeitando as capacidades individuais de cada um. A tecnologia torna-se, assim, um fator de equaliza\u00e7\u00e3o das chances de participa\u00e7\u00e3o.<\/pee>\n<h2>12. Criar um Calend\u00e1rio de Atividades Sustent\u00e1vel<\/h2>\n<pee>A elabora\u00e7\u00e3o de um calend\u00e1rio de atividades intergeracionais sustent\u00e1veis requer um planejamento estrat\u00e9gico que equilibre regularidade, variedade e adaptabilidade. Essa programa\u00e7\u00e3o a longo prazo permite que os residentes e as fam\u00edlias se organizem, as equipes se preparem adequadamente e a institui\u00e7\u00e3o orce os recursos necess\u00e1rios. Um calend\u00e1rio bem elaborado torna-se uma ferramenta de comunica\u00e7\u00e3o e um fator de motiva\u00e7\u00e3o para todos os participantes.<\/pee>\n<pee>A frequ\u00eancia ideal das atividades intergeracionais geralmente varia entre uma e tr\u00eas sess\u00f5es por semana, dependendo dos recursos dispon\u00edveis e do interesse dos residentes. Essa regularidade ajuda a criar h\u00e1bitos positivos e expectativas entre os participantes, evitando o cansa\u00e7o. A altern\u00e2ncia entre diferentes tipos de atividades mant\u00e9m o interesse e permite alcan\u00e7ar perfis variados de residentes de acordo com seus interesses espec\u00edficos.<\/pee>\n<pee>A integra\u00e7\u00e3o do calend\u00e1rio das atividades intergeracionais na programa\u00e7\u00e3o global da institui\u00e7\u00e3o exige uma coordena\u00e7\u00e3o cuidadosa com os outros servi\u00e7os. As restri\u00e7\u00f5es de cuidados, as atividades terap\u00eauticas, as visitas m\u00e9dicas e os per\u00edodos de descanso devem ser considerados para otimizar a participa\u00e7\u00e3o dos residentes. Esse planejamento colaborativo fortalece a coes\u00e3o das equipes e a efic\u00e1cia geral do acompanhamento.<\/pee>\n<div class=\"tip-box\">\n<div class=\"tip-box-label\">Planejamento Eficaz<\/div>\n<pee>Crie um calend\u00e1rio anual com tem\u00e1ticas sazonais que se baseiam nas festas, comemora\u00e7\u00f5es e eventos culturais. Essa abordagem facilita a participa\u00e7\u00e3o das fam\u00edlias e cria marcos temporais estruturantes para os residentes.<\/pee>\n            <\/div>\n<pee>A flexibilidade do calend\u00e1rio deve permitir a adapta\u00e7\u00e3o a eventos imprevis\u00edveis: problemas de sa\u00fade dos residentes, indisponibilidade dos intervenientes, condi\u00e7\u00f5es meteorol\u00f3gicas ou circunst\u00e2ncias excepcionais. A defini\u00e7\u00e3o de atividades de substitui\u00e7\u00e3o e de protocolos de adapta\u00e7\u00e3o garante a continuidade do programa apesar dos imprevistos. Essa resili\u00eancia organizacional testemunha o profissionalismo da institui\u00e7\u00e3o.<\/pee>\n<pee>A avalia\u00e7\u00e3o regular do calend\u00e1rio e seu ajuste com base nos retornos de experi\u00eancia permitem a melhoria cont\u00ednua do programa. As pesquisas de satisfa\u00e7\u00e3o, as observa\u00e7\u00f5es das equipes e a an\u00e1lise das taxas de participa\u00e7\u00e3o fornecem dados valiosos para otimizar a programa\u00e7\u00e3o. Essa abordagem de melhoria cont\u00ednua demonstra o compromisso da institui\u00e7\u00e3o com a qualidade de seus servi\u00e7os.<\/pee>\n<div class=\"conseil-card\">\n<h3>Exemplo de Programa\u00e7\u00e3o Mensal<\/h3>\n<pee><strong>Semana 1 :<\/strong> Lembran\u00e7as de escola com visita a uma classe de ensino fundamental<!\u2013- [et_pb_br_holder] -\u2013><br \/>\n                <strong>Semana 2 :<\/strong> Of\u00edcios de antigamente com demonstra\u00e7\u00f5es pr\u00e1ticas<!\u2013- [et_pb_br_holder] -\u2013><br \/>\n                <strong>Semana 3 :<\/strong> Cozinha tradicional com fam\u00edlias participantes<!\u2013- [et_pb_br_holder] -\u2013><br \/>\n                <strong>Semana 4 :<\/strong> M\u00fasicas e dan\u00e7as de \u00e9poca com grupo intergeracional<\/pee>\n            <\/div>\n<div class=\"faq-list\">\n<h2>Perguntas Frequentes<\/h2>\n<div class=\"faq-item\">\n<div class=\"faq-q\">\n                        <span>Como superar a resist\u00eancia de alguns residentes em participar das atividades intergeracionais?<\/span><br \/>\n                        <span class=\"faq-icon\">+<\/span>\n                    <\/div>\n<div class=\"faq-a\">\n                        <pee>A resist\u00eancia dos residentes est\u00e1 frequentemente ligada ao medo do julgamento ou a uma m\u00e1 compreens\u00e3o dos objetivos da atividade. Comece com abordagens individuais para explicar os benef\u00edcios e tranquilizar sobre o car\u00e1ter n\u00e3o obrigat\u00f3rio da participa\u00e7\u00e3o. Utilize o efeito de cont\u00e1gio dos residentes entusiasmados e adapte as atividades aos interesses espec\u00edficos das pessoas relutantes. A paci\u00eancia e o respeito pelo ritmo individual s\u00e3o essenciais.<\/pee>\n                    <\/div>\n<\/p><\/div>\n<div class=\"faq-item\">\n<div class=\"faq-q\">\n                        <span>Qual \u00e9 a dura\u00e7\u00e3o ideal para uma sess\u00e3o de atividades intergeracionais?<\/span><br \/>\n                        <span class=\"faq-icon\">+<\/span>\n                    <\/div>\n<div class=\"faq-a\">\n                        <pee>A dura\u00e7\u00e3o ideal geralmente varia entre 45 minutos e 1h15, incluindo a recep\u00e7\u00e3o, a atividade principal e a conclus\u00e3o. Essa dura\u00e7\u00e3o deve ser adaptada ao perfil cognitivo dos participantes e pode ser modulada conforme a din\u00e2mica do grupo. \u00c9 prefer\u00edvel programar atividades mais curtas e mais frequentes do que sess\u00f5es longas que podem cansar os residentes.<\/pee>\n                    <\/div>\n<\/p><\/div>\n<div class=\"faq-item\">\n<div class=\"faq-q\">\n                        <span>Como medir concretamente o impacto positivo dessas atividades nos residentes?<\/span><br \/>\n                        <span class=\"faq-icon\">+<\/span>\n                    <\/div>\n<div class=\"faq-a\">\n                        <pee>O impacto pode ser medido atrav\u00e9s de v\u00e1rios indicadores: melhoria do humor observada pelas equipes de cuidados, aumento da participa\u00e7\u00e3o em outras atividades coletivas, retornos positivos das fam\u00edlias, evolu\u00e7\u00e3o das pontua\u00e7\u00f5es nos testes cognitivos e redu\u00e7\u00e3o de certos dist\u00farbios comportamentais. A utiliza\u00e7\u00e3o de escalas de avalia\u00e7\u00e3o padronizadas antes e depois do programa fornece dados objetivos sobre a efic\u00e1cia das interven\u00e7\u00f5es.<\/pee>\n                    <\/div>\n<\/p><\/div>\n<div class=\"faq-item\">\n<div class=\"faq-q\">\n                        <span>As atividades intergeracionais s\u00e3o adequadas para os residentes com dem\u00eancia severa?<\/span><br \/>\n                        <span class=\"faq-icon\">+<\/span>\n                    <\/div>\n<div class=\"faq-a\">\n                        <pee>Absolutamente, mas com adapta\u00e7\u00f5es espec\u00edficas. Para esses residentes, priorize as estimula\u00e7\u00f5es sensoriais (m\u00fasica, texturas, perfumes), as intera\u00e7\u00f5es n\u00e3o verbais e a presen\u00e7a acolhedora. O objetivo n\u00e3o \u00e9 mais a transmiss\u00e3o verbal de mem\u00f3rias, mas a cria\u00e7\u00e3o de emo\u00e7\u00f5es positivas e momentos de conex\u00e3o humana. Essas intera\u00e7\u00f5es continuam sendo ben\u00e9ficas para o bem-estar emocional e podem estimular rea\u00e7\u00f5es inesperadas.<\/pee>\n                    <\/div>\n<\/p><\/div>\n<div class=\"faq-item\">\n<div class=\"faq-q\">\n                        <span>Como envolver as fam\u00edlias que moram longe ou que t\u00eam pouca disponibilidade?<\/span><br \/>\n                        <span class=\"faq-icon\">+<\/span>\n                    <\/div>\n<div class=\"faq-a\">\n                        <pee>Proponha modalidades de participa\u00e7\u00e3o flex\u00edveis: participa\u00e7\u00e3o por videoconfer\u00eancia, contribui\u00e7\u00e3o para a prepara\u00e7\u00e3o de atividades atrav\u00e9s do envio de fotos ou objetos familiares, grava\u00e7\u00e3o de mensagens ou depoimentos a serem divulgados durante as sess\u00f5es. Organize tamb\u00e9m eventos excepcionais nos finais de semana ou \u00e0 noite para permitir a participa\u00e7\u00e3o das fam\u00edlias ativas. A tecnologia pode ampliar consideravelmente as possibilidades de envolvimento.<\/pee>\n                    <\/div>\n<\/p><\/div>\n<\/p><\/div>\n<div class=\"cta-box\">\n<h3>Descubra COCO PENSA e COCO SE MEXE<\/h3>\n<pee>Enrique\u00e7a suas atividades intergeracionais com nossos aplicativos especialmente projetados para a estimula\u00e7\u00e3o cognitiva em Lar de idosos. Ferramentas l\u00fadicas e adaptadas que favorecem as trocas entre gera\u00e7\u00f5es, enquanto estimulam as capacidades cognitivas dos residentes.<\/pee>\n<div class=\"cta-buttons\">\n                    <a href=\"https:\/\/www.dynseo.com\/pt-pt\/coco-pensa-e-coco-se-mexe\/\" class=\"btn-white\">Descobrir COCO<\/a><br \/>\n                    <a href=\"https:\/\/www.dynseo.com\/pt-pt\/coco-pensa-e-coco-se-mexe\/\" class=\"btn-outline\">Solicitar uma demonstra\u00e7\u00e3o<\/a>\n                <\/div>\n<\/p><\/div>\n<div class=\"article-tags\">\n<h3>Palavras-chave<\/h3>\n<p>                <a href=\"#\" class=\"article-tag\">Atividades intergeracionais<\/a><br \/>\n                <a href=\"#\" class=\"article-tag\">Casa de repouso<\/a><br \/>\n                <a href=\"#\" class=\"article-tag\">Mem\u00f3rias<\/a><br \/>\n                <a href=\"#\" class=\"article-tag\">Estimula\u00e7\u00e3o cognitiva<\/a><br \/>\n                <a href=\"#\" class=\"article-tag\">Anima\u00e7\u00e3o gerontol\u00f3gica<\/a><br \/>\n                <a href=\"#\" class=\"article-tag\">V\u00ednculos familiares<\/a><br \/>\n                <a href=\"#\" class=\"article-tag\">Bem-estar idosos<\/a><br \/>\n                <a href=\"#\" class=\"article-tag\">Tecnologias adaptadas<\/a><br \/>\n                <a href=\"#\" class=\"article-tag\">Forma\u00e7\u00e3o equipes<\/a><br \/>\n                <a href=\"#\" class=\"article-tag\">Lar de idosos<\/a>\n            <\/div>\n<\/p><\/div>\n<\/p><\/div>\n<p>[\/et_pb_code][\/et_pb_column][\/et_pb_row][\/et_pb_section]<\/p>\n","protected":false},"excerpt":{"rendered":"","protected":false},"author":4,"featured_media":108162,"comment_status":"closed","ping_status":"closed","sticky":false,"template":"","format":"standard","meta":{"_et_pb_use_builder":"on","_et_pb_old_content":"[et_pb_section fb_built=\"1\" _builder_version=\"4.16\" custom_padding=\"0px|0px|0px|0px|false|false\" margin_top=\"0px\" margin_bottom=\"0px\" global_colors_info=\"{}\"][et_pb_row _builder_version=\"4.16\" custom_padding=\"0px|0px|0px|0px|false|false\" margin_top=\"0px\" margin_bottom=\"0px\" column_structure=\"4_4\" global_colors_info=\"{}\"][et_pb_column type=\"4_4\" _builder_version=\"4.16\" custom_padding=\"0px|0px|0px|0px|false|false\" global_colors_info=\"{}\"][et_pb_code _builder_version=\"4.16\" custom_padding=\"0px|0px|0px|0px|false|false\" global_colors_info=\"{}\"]<style>\n        :root {\n            --bleu: #5e5ed7;\n            --bleu-dark: #5268c9;\n            --teal: #a9e2e4;\n            --jaune: #ffeca7;\n            --rose: #e73469;\n            --gris: #f8f9fa;\n            --gris-dark: #6c757d;\n            --blanc: #ffffff;\n            --noir: #212529;\n        }\n\n        * {\n            margin: 0;\n            padding: 0;\n            box-sizing: border-box;\n        }\n\n        body {\n            font-family: 'Poppins', sans-serif;\n            line-height: 1.6;\n            color: var(--noir);\n            overflow-x: hidden;\n        }\n\n        .article-hero {\n            background: linear-gradient(135deg, var(--bleu) 0%, var(--bleu-dark) 100%);\n            position: relative;\n            padding: 80px 0 120px;\n            color: var(--blanc);\n        }\n\n        .article-hero-inner {\n            max-width: 1200px;\n            margin: 0 auto;\n            padding: 0 20px;\n            position: relative;\n            z-index: 2;\n        }\n\n        .article-breadcrumb {\n            font-size: 14px;\n            margin-bottom: 20px;\n            opacity: 0.9;\n        }\n\n        .article-breadcrumb a {\n            color: var(--blanc);\n            text-decoration: none;\n        }\n\n        .article-category {\n            display: inline-block;\n            background: var(--rose);\n            color: var(--blanc);\n            padding: 8px 16px;\n            border-radius: 20px;\n            font-size: 14px;\n            font-weight: 600;\n            margin-bottom: 30px;\n            text-transform: uppercase;\n            letter-spacing: 0.5px;\n        }\n\n        .article-hero h1 {\n            font-family: 'Montserrat', sans-serif;\n            font-size: clamp(2.5rem, 5vw, 3.5rem);\n            font-weight: 700;\n            line-height: 1.2;\n            margin-bottom: 30px;\n        }\n\n        .hl {\n            color: var(--jaune);\n        }\n\n        .article-meta {\n            display: flex;\n            flex-wrap: wrap;\n            gap: 30px;\n            align-items: center;\n            margin-bottom: 30px;\n            font-size: 16px;\n        }\n\n        .article-meta span {\n            display: flex;\n            align-items: center;\n            gap: 8px;\n        }\n\n        .stars {\n            display: flex;\n            align-items: center;\n            gap: 10px;\n        }\n\n        .stars .rating {\n            color: var(--jaune);\n            font-size: 18px;\n        }\n\n        .article-hero-curve {\n            position: absolute;\n            bottom: 0;\n            left: 0;\n            width: 100%;\n            height: 80px;\n            background: var(--blanc);\n            clip-path: ellipse(100% 100% at 50% 100%);\n        }\n\n        .article-body {\n            background: var(--blanc);\n            position: relative;\n            z-index: 1;\n        }\n\n        .container {\n            max-width: 1200px;\n            margin: 0 auto;\n            padding: 0 20px;\n        }\n\n        .intro-block {\n            padding: 60px 0;\n            font-size: 18px;\n            line-height: 1.7;\n            color: var(--gris-dark);\n            text-align: center;\n            max-width: 800px;\n            margin: 0 auto;\n        }\n\n        .stats-grid {\n            display: grid;\n            grid-template-columns: repeat(auto-fit, minmax(250px, 1fr));\n            gap: 30px;\n            margin-bottom: 80px;\n            padding: 60px 0;\n            background: var(--gris);\n            border-radius: 20px;\n        }\n\n        .stat-card {\n            text-align: center;\n            padding: 40px 20px;\n        }\n\n        .stat-card .number {\n            font-family: 'Montserrat', sans-serif;\n            font-size: 3rem;\n            font-weight: 700;\n            color: var(--bleu);\n            margin-bottom: 10px;\n            display: block;\n        }\n\n        .stat-card .label {\n            font-size: 16px;\n            color: var(--gris-dark);\n            font-weight: 500;\n        }\n\n        .article-body h2 {\n            font-family: 'Montserrat', sans-serif;\n            font-size: 2.2rem;\n            font-weight: 700;\n            color: var(--bleu-dark);\n            margin: 80px 0 40px;\n            line-height: 1.3;\n        }\n\n        .article-body h3 {\n            font-family: 'Montserrat', sans-serif;\n            font-size: 1.5rem;\n            font-weight: 600;\n            color: var(--bleu-dark);\n            margin: 40px 0 20px;\n        }\n\n        .article-body p {\n            font-size: 16px;\n            line-height: 1.8;\n            margin-bottom: 25px;\n            color: #333;\n        }\n\n        .conseil-card {\n            background: linear-gradient(135deg, var(--teal), #7ed3d6);\n            padding: 30px;\n            border-radius: 15px;\n            margin: 40px 0;\n            border-left: 5px solid var(--bleu);\n        }\n\n        .conseil-card h3 {\n            color: var(--bleu-dark);\n            margin-bottom: 15px;\n        }\n\n        .key-points {\n            background: var(--gris);\n            padding: 30px;\n            border-radius: 15px;\n            margin: 40px 0;\n        }\n\n        .key-points ul {\n            list-style: none;\n            padding-left: 0;\n        }\n\n        .key-points li {\n            padding: 10px 0;\n            padding-left: 30px;\n            position: relative;\n            font-weight: 500;\n        }\n\n        .key-points li:before {\n            content: \"\u2713\";\n            position: absolute;\n            left: 0;\n            color: var(--bleu);\n            font-weight: bold;\n            font-size: 18px;\n        }\n\n        .tip-box {\n            background: linear-gradient(135deg, var(--jaune), #f5e189);\n            padding: 25px;\n            border-radius: 15px;\n            margin: 40px 0;\n            border-left: 5px solid var(--rose);\n        }\n\n        .tip-box-label {\n            font-weight: 700;\n            color: var(--rose);\n            text-transform: uppercase;\n            font-size: 14px;\n            letter-spacing: 1px;\n            margin-bottom: 10px;\n        }\n\n        .expert-box {\n            background: var(--blanc);\n            border: 2px solid var(--bleu);\n            border-radius: 15px;\n            padding: 0;\n            margin: 50px 0;\n            overflow: hidden;\n        }\n\n        .expert-box-label {\n            background: var(--bleu);\n            color: var(--blanc);\n            padding: 15px 25px;\n            font-weight: 600;\n            text-transform: uppercase;\n            font-size: 14px;\n            letter-spacing: 1px;\n        }\n\n        .expert-box-title {\n            padding: 25px 25px 0;\n            font-family: 'Montserrat', sans-serif;\n            font-size: 1.3rem;\n            font-weight: 600;\n            color: var(--bleu-dark);\n        }\n\n        .expert-inner {\n            padding: 0 25px 25px;\n        }\n\n        .expert-inner-title {\n            font-weight: 600;\n            color: var(--bleu-dark);\n            margin: 20px 0 10px;\n        }\n\n        .faq-list {\n            margin: 60px 0;\n        }\n\n        .faq-item {\n            border: 1px solid #e0e0e0;\n            border-radius: 10px;\n            margin-bottom: 15px;\n            overflow: hidden;\n        }\n\n        .faq-q {\n            background: var(--gris);\n            padding: 20px;\n            cursor: pointer;\n            display: flex;\n            justify-content: space-between;\n            align-items: center;\n            font-weight: 600;\n            color: var(--bleu-dark);\n            transition: all 0.3s ease;\n        }\n\n        .faq-q:hover {\n            background: var(--teal);\n        }\n\n        .faq-icon {\n            font-size: 20px;\n            font-weight: bold;\n            transition: transform 0.3s ease;\n        }\n\n        .faq-a {\n            padding: 0 20px;\n            max-height: 0;\n            overflow: hidden;\n            transition: all 0.3s ease;\n        }\n\n        .faq-item.open .faq-a {\n            padding: 20px;\n            max-height: 1000px;\n        }\n\n        .faq-item.open .faq-icon {\n            transform: rotate(45deg);\n        }\n\n        .cta-box {\n            background: linear-gradient(135deg, var(--bleu) 0%, var(--bleu-dark) 100%);\n            color: var(--blanc);\n            padding: 60px 40px;\n            border-radius: 20px;\n            text-align: center;\n            margin: 80px 0;\n        }\n\n        .cta-box h3 {\n            color: var(--blanc);\n            margin-bottom: 20px;\n            font-size: 2rem;\n        }\n\n        .cta-buttons {\n            display: flex;\n            gap: 20px;\n            justify-content: center;\n            flex-wrap: wrap;\n            margin-top: 30px;\n        }\n\n        .btn-white {\n            background: var(--blanc);\n            color: var(--bleu);\n            padding: 15px 30px;\n            border-radius: 10px;\n            text-decoration: none;\n            font-weight: 600;\n            transition: all 0.3s ease;\n            display: inline-block;\n        }\n\n        .btn-white:hover {\n            transform: translateY(-2px);\n            box-shadow: 0 10px 25px rgba(0,0,0,0.2);\n        }\n\n        .btn-outline {\n            border: 2px solid var(--blanc);\n            color: var(--blanc);\n            padding: 13px 30px;\n            border-radius: 10px;\n            text-decoration: none;\n            font-weight: 600;\n            transition: all 0.3s ease;\n            display: inline-block;\n            background: transparent;\n        }\n\n        .btn-outline:hover {\n            background: var(--blanc);\n            color: var(--bleu);\n            transform: translateY(-2px);\n        }\n\n        .article-tags {\n            margin: 60px 0;\n            padding: 40px 0;\n            border-top: 1px solid #e0e0e0;\n        }\n\n        .article-tags h3 {\n            margin-bottom: 20px;\n            color: var(--bleu-dark);\n        }\n\n        .article-tag {\n            display: inline-block;\n            background: var(--gris);\n            color: var(--bleu-dark);\n            padding: 8px 15px;\n            border-radius: 20px;\n            margin: 5px;\n            font-size: 14px;\n            text-decoration: none;\n            transition: all 0.3s ease;\n        }\n\n        .article-tag:hover {\n            background: var(--bleu);\n            color: var(--blanc);\n        }\n\n        @media (max-width: 768px) {\n            .article-meta {\n                flex-direction: column;\n                align-items: flex-start;\n                gap: 15px;\n            }\n\n            .stats-grid {\n                grid-template-columns: 1fr;\n                gap: 20px;\n            }\n\n            .article-body h2 {\n                font-size: 1.8rem;\n            }\n\n            .cta-buttons {\n                flex-direction: column;\n                align-items: center;\n            }\n\n            .expert-box, .conseil-card, .tip-box {\n                margin: 30px 0;\n            }\n        }\n    <\/style>\n<script>\n        document.querySelectorAll('.faq-q').forEach(function(button) {\n            button.addEventListener('click', function() {\n                button.closest('.faq-item').classList.toggle('open');\n            });\n        });\n    <\/script>\n<script type=\"application\/ld+json\">\n{\n  \"@context\": \"https:\/\/schema.org\",\n  \"@graph\": [\n    {\n      \"@type\": \"Article\",\n      \"headline\": \"Activit\u00e9s interg\u00e9n\u00e9rationnelles autour des souvenirs en maison de retraite\",\n      \"description\": \"etraite\",\n      \"url\": \"https:\/\/www.dynseo.com\/activites-intergenerationnelles-autour-des-souvenirs-en-maison-de-retraite\/\",\n      \"datePublished\": \"2026-04-08\",\n      \"image\": \"https:\/\/www.dynseo.com\/wp-content\/uploads\/2024\/01\/dynseo-logo.png\",\n      \"author\": {\n        \"@type\": \"Organization\",\n        \"name\": \"DYNSEO\",\n        \"url\": \"https:\/\/www.dynseo.com\"\n      },\n      \"publisher\": {\n        \"@type\": \"Organization\",\n        \"name\": \"DYNSEO\",\n        \"url\": \"https:\/\/www.dynseo.com\",\n        \"logo\": {\n          \"@type\": \"ImageObject\",\n          \"url\": \"https:\/\/www.dynseo.com\/wp-content\/uploads\/2024\/01\/dynseo-logo.png\"\n        }\n      },\n      \"aggregateRating\": {\n        \"@type\": \"AggregateRating\",\n        \"ratingValue\": \"4.8\",\n        \"bestRating\": \"5\",\n        \"ratingCount\": \"47\"\n      }\n    },\n    {\n      \"@type\": \"WebPage\",\n      \"name\": \"Activit\u00e9s interg\u00e9n\u00e9rationnelles autour des souvenirs en maison de retraite\",\n      \"url\": \"https:\/\/www.dynseo.com\/activites-intergenerationnelles-autour-des-souvenirs-en-maison-de-retraite\/\",\n      \"description\": \"etraite\",\n      \"breadcrumb\": {\n        \"@type\": \"BreadcrumbList\",\n        \"itemListElement\": [\n          {\n            \"@type\": \"ListItem\",\n            \"position\": 1,\n            \"name\": \"Accueil\",\n            \"item\": \"https:\/\/www.dynseo.com\/\"\n          },\n          {\n            \"@type\": \"ListItem\",\n            \"position\": 2,\n            \"name\": \"Blog\",\n            \"item\": \"https:\/\/www.dynseo.com\/blog\/\"\n          },\n          {\n            \"@type\": \"ListItem\",\n            \"position\": 3,\n            \"name\": \"Activit\u00e9s interg\u00e9n\u00e9rationnelles autour des souvenirs en maison de retraite\",\n            \"item\": \"https:\/\/www.dynseo.com\/activites-intergenerationnelles-autour-des-souvenirs-en-maison-de-retraite\/\"\n          }\n        ]\n      }\n    },\n    {\n      \"@type\": \"FAQPage\",\n      \"mainEntity\": [\n        {\n          \"@type\": \"Question\",\n          \"name\": \"Comment surmonter la r\u00e9ticence de certains r\u00e9sidents \u00e0 participer aux activit\u00e9s interg\u00e9n\u00e9rationnelles ?\",\n          \"acceptedAnswer\": {\n            \"@type\": \"Answer\",\n            \"text\": \"Pour surmonter la r\u00e9ticence des r\u00e9sidents, il est important de commencer par des activit\u00e9s simples et non intrusives, de respecter leur rythme et leurs pr\u00e9f\u00e9rences, et de valoriser leur expertise en tant que d\u00e9tenteurs d'histoires et de souvenirs pr\u00e9cieux.\"\n          }\n        },\n        {\n          \"@type\": \"Question\",\n          \"name\": \"Quelle est la dur\u00e9e id\u00e9ale pour une s\u00e9ance d'activit\u00e9s interg\u00e9n\u00e9rationnelles ?\",\n          \"acceptedAnswer\": {\n            \"@type\": \"Answer\",\n            \"text\": \"La dur\u00e9e id\u00e9ale pour une s\u00e9ance d'activit\u00e9s interg\u00e9n\u00e9rationnelles est g\u00e9n\u00e9ralement de 45 minutes \u00e0 1 heure, permettant un temps d'installation, d'\u00e9changes authentiques et de conclusion sans fatigue excessive pour les participants.\"\n          }\n        },\n        {\n          \"@type\": \"Question\",\n          \"name\": \"Comment mesurer concr\u00e8tement l'impact positif de ces activit\u00e9s sur les r\u00e9sidents ?\",\n          \"acceptedAnswer\": {\n            \"@type\": \"Answer\",\n            \"text\": \"L'impact peut \u00eatre mesur\u00e9 par l'observation de l'am\u00e9lioration de l'humeur, l'augmentation de la participation sociale, la r\u00e9duction de l'isolement, et par des \u00e9valuations r\u00e9guli\u00e8res du bien-\u00eatre \u00e9motionnel et cognitif des r\u00e9sidents.\"\n          }\n        }\n      ]\n    }\n  ]\n}\n<\/script>\n<link href=\"https:\/\/fonts.googleapis.com\/css2?family=Montserrat:wght@400;600;700&family=Poppins:wght@300;400;500;600&display=swap\" rel=\"stylesheet\">\n\n<section class=\"article-hero\">\n        <div class=\"article-hero-inner\">\n            <nav class=\"article-breadcrumb\">\n                <a href=\"\/\">In\u00edcio<\/a> \/ <a href=\"\/blog\">Blog<\/a> \/ Atividades Intergeracionais\n            <\/nav>\n            \n            <span class=\"article-category\">Guia Pr\u00e1tico<\/span>\n            \n            <h1>Atividades <span class=\"hl\">Intergeracionais<\/span> em Torno das Mem\u00f3rias em Lar de Idosos<\/h1>\n            \n            <div class=\"article-meta\">\n                <span>\ud83d\udcc5 Abril 2026<\/span>\n                <span>\u23f1\ufe0f 15 min de leitura<\/span>\n                <span>\ud83d\udc65 Profissionais & Fam\u00edlias<\/span>\n                <div class=\"stars\">\n                    <span class=\"rating\">\u2605\u2605\u2605\u2605\u2605<\/span>\n                    <span>4.8\/5 (127 avalia\u00e7\u00f5es)<\/span>\n                <\/div>\n            <\/div>\n        <\/div>\n        <div class=\"article-hero-curve\"><\/div>\n    <\/section>\n\n    <div class=\"article-body\">\n        <div class=\"container\">\n<div class=\"intro-block\">\n                <p>As atividades intergeracionais em torno das mem\u00f3rias representam uma verdadeira ponte entre as gera\u00e7\u00f5es, criando la\u00e7os preciosos entre residentes, fam\u00edlias e comunidade. Esses momentos de compartilhamento transformam os lares de idosos em espa\u00e7os vivos onde a experi\u00eancia dos idosos encontra a curiosidade dos mais jovens. Al\u00e9m do simples entretenimento, essas atividades favorecem o bem-estar cognitivo, emocional e social dos residentes, enquanto transmitem um legado cultural inestim\u00e1vel. Descubra como conceber e animar esses encontros excepcionais que reintroduzem sentido e alegria ao cotidiano das pessoas idosas.<\/p>\n            <\/div>\n\n            <div class=\"stats-grid\">\n                <div class=\"stat-card\">\n                    <span class=\"number\">85%<\/span>\n                    <span class=\"label\">Melhoria do moral entre os residentes<\/span>\n                <\/div>\n                <div class=\"stat-card\">\n                    <span class=\"number\">73%<\/span>\n                    <span class=\"label\">Redu\u00e7\u00e3o do isolamento social<\/span>\n                <\/div>\n                <div class=\"stat-card\">\n                    <span class=\"number\">92%<\/span>\n                    <span class=\"label\">Satisfa\u00e7\u00e3o das fam\u00edlias participantes<\/span>\n                <\/div>\n                <div class=\"stat-card\">\n                    <span class=\"number\">68%<\/span>\n                    <span class=\"label\">Estimula\u00e7\u00e3o das fun\u00e7\u00f5es cognitivas<\/span>\n                <\/div>\n            <\/div>\n\n            <h2>1. Compreender a Import\u00e2ncia das Atividades Intergeracionais<\/h2>\n            \n            <p>As atividades intergeracionais constituem muito mais do que um simples lazer em lar de idosos. Elas representam uma verdadeira ferramenta terap\u00eautica n\u00e3o medicamentosa que atua em m\u00faltiplas dimens\u00f5es do bem-estar dos residentes. Esses encontros entre gera\u00e7\u00f5es criam uma din\u00e2mica positiva que quebra o isolamento social, estimula as capacidades cognitivas e reintroduz um sentimento de utilidade nas pessoas idosas.<\/p>\n\n            <p>A transmiss\u00e3o de mem\u00f3rias durante essas atividades permite que os residentes recuperem seu papel de narrador e guardi\u00e3o da mem\u00f3ria coletiva. Esse reposicionamento social \u00e9 essencial para manter a autoestima e o sentimento de pertencimento \u00e0 comunidade. Estudos mostram que as pessoas idosas que participam regularmente de atividades intergeracionais apresentam uma melhor qualidade de vida global.<\/p>\n\n            <p>O impacto sobre as fam\u00edlias e os jovens participantes tamb\u00e9m \u00e9 significativo. Esses encontros permitem que crian\u00e7as e netos descubram a hist\u00f3ria familiar sob uma nova perspectiva, enquanto desenvolvem empatia e respeito pelos mais velhos. Para as equipes de cuidados, essas atividades representam uma oportunidade de observar os residentes em um contexto social diferente, revelando \u00e0s vezes aspectos de sua personalidade desconhecidos.<\/p>\n\n            <div class=\"conseil-card\">\n                <h3>Conselho de Especialista<\/h3>\n                <p>Comece sempre por uma fase de observa\u00e7\u00e3o e escuta dos residentes para identificar seus interesses e capacidades. Essa abordagem personalizada garante uma participa\u00e7\u00e3o ativa e aut\u00eantica durante as atividades intergeracionais.<\/p>\n            <\/div>\n<div class=\"key-points\">\n                <h3>Pontos Chave a Lembrar<\/h3>\n                <ul>\n                    <li>As atividades intergeracionais reduzem o isolamento social dos residentes<\/li>\n                    <li>A transmiss\u00e3o de mem\u00f3rias refor\u00e7a a autoestima das pessoas idosas<\/li>\n                    <li>Essas atividades estimulam naturalmente as fun\u00e7\u00f5es cognitivas<\/li>\n                    <li>O impacto positivo se estende \u00e0s fam\u00edlias e aos jovens participantes<\/li>\n                    <li>Uma abordagem personalizada \u00e9 essencial para o sucesso das atividades<\/li>\n                <\/ul>\n            <\/div>\n\n            <h2>2. Preparar o Terreno: Avalia\u00e7\u00e3o e Planejamento<\/h2>\n\n            <p>O sucesso de um programa de atividades intergeracionais depende de uma prepara\u00e7\u00e3o minuciosa e de uma avalia\u00e7\u00e3o aprofundada das necessidades e capacidades de cada residente. Esta fase preparat\u00f3ria determina em grande parte a efic\u00e1cia e a sustentabilidade do programa. \u00c9 essencial criar um ambiente prop\u00edcio \u00e0s trocas, respeitando as restri\u00e7\u00f5es m\u00e9dicas e log\u00edsticas do estabelecimento.<\/p>\n\n            <p>A avalia\u00e7\u00e3o inicial deve abranger v\u00e1rias dimens\u00f5es: as capacidades cognitivas e f\u00edsicas dos residentes, seus interesses hist\u00f3ricos, seu n\u00edvel de sociabilidade e sua motiva\u00e7\u00e3o para participar. Esta an\u00e1lise permite formar grupos coerentes e adaptar as atividades aos perfis espec\u00edficos. As equipes multidisciplinares desempenham um papel crucial nesta etapa, trazendo sua expertise m\u00e9dica, psicol\u00f3gica e social.<\/p>\n\n            <p>O planejamento espacial e temporal merece uma aten\u00e7\u00e3o especial. Os espa\u00e7os dedicados \u00e0s atividades devem ser acess\u00edveis, confort\u00e1veis e suficientemente estimulantes sem serem perturbadores. A organiza\u00e7\u00e3o temporal deve levar em conta os ritmos biol\u00f3gicos dos residentes, as restri\u00e7\u00f5es de cuidados e a disponibilidade dos participantes externos. Uma abordagem flex\u00edvel permite ajustar o programa com base no feedback.<\/p>\n\n            <div class=\"tip-box\">\n                <div class=\"tip-box-label\">Dica Pr\u00e1tica<\/div>\n                <p>Crie um \"caderno de mem\u00f3rias\" para cada residente volunt\u00e1rio, documentando suas experi\u00eancias de vida marcantes, suas paix\u00f5es e suas anedotas favoritas. Esta ferramenta facilitar\u00e1 grandemente a anima\u00e7\u00e3o das sess\u00f5es intergeracionais.<\/p>\n            <\/div>\n\n            <p>A comunica\u00e7\u00e3o com as fam\u00edlias e os parceiros externos constitui um pilar da fase preparat\u00f3ria. Trata-se de explicar os objetivos do programa, definir as modalidades de participa\u00e7\u00e3o e estabelecer um cronograma realista. Esta transpar\u00eancia favorece a ades\u00e3o e a participa\u00e7\u00e3o ativa de todos os atores envolvidos.<\/p>\n\n            <div class=\"expert-box\">\n                <div class=\"expert-box-label\">Expertise DYNSEO<\/div>\n                <div class=\"expert-box-title\">Ferramentas de Avalia\u00e7\u00e3o Cognitiva<\/div>\n                <div class=\"expert-inner\">\n                    <p>A utiliza\u00e7\u00e3o de ferramentas digitais como <a href=\"https:\/\/www.dynseo.com\/pt-pt\/coco-pensa-e-coco-se-mexe\/\" style=\"color: var(--bleu); text-decoration: none; font-weight: 600;\">COCO PENSA e COCO SE MEXE<\/a> permite avaliar precisamente as capacidades cognitivas dos residentes antes de iniciar o programa de atividades intergeracionais.<\/p>\n<div class=\"expert-inner-title\">Vantagens da avalia\u00e7\u00e3o digital:<\/div>\n                    <ul>\n                        <li>Medida objetiva das capacidades cognitivas<\/li>\n                        <li>Acompanhamento da evolu\u00e7\u00e3o ao longo do tempo<\/li>\n                        <li>Adapta\u00e7\u00e3o personalizada das atividades<\/li>\n                        <li>Motiva\u00e7\u00e3o aumentada dos residentes<\/li>\n                    <\/ul>\n                <\/div>\n            <\/div>\n\n            <h2>3. Criar Espa\u00e7os Prop\u00edcios \u00e0s Trocas<\/h2>\n\n            <p>O planejamento f\u00edsico dos espa\u00e7os dedicados \u00e0s atividades intergeracionais influencia diretamente a qualidade das trocas e a participa\u00e7\u00e3o dos residentes. Um ambiente bem pensado facilita as intera\u00e7\u00f5es espont\u00e2neas, reduz as inibi\u00e7\u00f5es e cria uma atmosfera acolhedora prop\u00edcia ao compartilhamento de mem\u00f3rias. O objetivo \u00e9 recriar um ambiente familiar e amig\u00e1vel que evoque as lembran\u00e7as positivas dos residentes.<\/p>\n\n            <p>A disposi\u00e7\u00e3o do mobili\u00e1rio desempenha um papel crucial na din\u00e2mica de grupo. As configura\u00e7\u00f5es em c\u00edrculo ou em pequenos grupos favorecem as trocas visuais e auditivas, permitindo que cada participante se sinta inclu\u00eddo na conversa. A ilumina\u00e7\u00e3o deve ser suficiente para as atividades de leitura ou observa\u00e7\u00e3o de objetos, mantendo-se suave e n\u00e3o agressiva. Os elementos decorativos podem incluir objetos de \u00e9poca, fotografias hist\u00f3ricas ou suportes visuais evocativos.<\/p>\n\n            <p>A ac\u00fastica do espa\u00e7o merece uma aten\u00e7\u00e3o especial, pois muitos residentes apresentam defici\u00eancias auditivas. A utiliza\u00e7\u00e3o de materiais que absorvem os ru\u00eddos indesejados e a eventual instala\u00e7\u00e3o de sistemas de amplifica\u00e7\u00e3o melhorar\u00e3o significativamente a qualidade das trocas. A temperatura e a ventila\u00e7\u00e3o devem ser otimizadas para garantir o conforto de todos os participantes, jovens e idosos.<\/p>\n<div class=\"conseil-card\">\n                <h3>Am\u00e9nagement Optimal<\/h3>\n                <p>Crie diferentes zonas no espa\u00e7o de atividade: uma zona principal para as trocas em grande grupo, cantos mais \u00edntimos para conversas em pequeno comit\u00ea, e um espa\u00e7o de exposi\u00e7\u00e3o para apresentar objetos e documentos relacionados \u00e0s mem\u00f3rias compartilhadas.<\/p>\n            <\/div>\n\n            <p>A acessibilidade universal deve guiar todas as escolhas de am\u00e9nagement. Os espa\u00e7os devem ser facilmente naveg\u00e1veis em cadeira de rodas, os assentos devem oferecer um bom suporte e a sinaliza\u00e7\u00e3o deve ser clara e vis\u00edvel. Essas adapta\u00e7\u00f5es beneficiam n\u00e3o apenas os residentes, mas tamb\u00e9m os visitantes de todas as idades, criando um ambiente verdadeiramente inclusivo.<\/p>\n\n            <h2>4. T\u00e9cnicas de Anima\u00e7\u00e3o e Facilita\u00e7\u00e3o<\/h2>\n\n            <p>A anima\u00e7\u00e3o de atividades intergeracionais em torno das mem\u00f3rias requer habilidades espec\u00edficas que combinam expertise gerontol\u00f3gica, senso de comunica\u00e7\u00e3o e criatividade. O animador desempenha o papel de facilitador, criando as condi\u00e7\u00f5es ideais para que as trocas ocorram naturalmente, enquanto cuida do bem-estar de cada participante. Essa fun\u00e7\u00e3o exige uma forma\u00e7\u00e3o adequada e uma experi\u00eancia pr\u00e1tica para gerenciar a diversidade de perfis e necessidades.<\/p>\n\n            <p>As t\u00e9cnicas de abertura de sess\u00e3o s\u00e3o fundamentais para estabelecer um clima de confian\u00e7a e benevol\u00eancia. O uso de objetos desencadeadores, m\u00fasicas da \u00e9poca ou fotografias pode ajudar a quebrar o gelo e a suscitar as primeiras mem\u00f3rias. O animador deve dominar a arte da questionamento aberto, permitindo que os residentes se expressem livremente sem se sentirem interrogados ou julgados.<\/p>\n\n            <p>A gest\u00e3o das emo\u00e7\u00f5es constitui um aspecto crucial da anima\u00e7\u00e3o. As mem\u00f3rias podem \u00e0s vezes ser dolorosas ou nost\u00e1lgicas, e o animador deve ser capaz de acompanhar esses momentos com empatia, mantendo uma atmosfera positiva. \u00c9 importante valorizar cada contribui\u00e7\u00e3o, mesmo modesta, e criar pontes entre as experi\u00eancias dos diferentes participantes.<\/p>\n\n            <div class=\"key-points\">\n                <h3>T\u00e9cnicas de Anima\u00e7\u00e3o Eficazes<\/h3>\n                <ul>\n                    <li>Utilizar suportes sensoriais para desencadear as mem\u00f3rias<\/li>\n                    <li>Praticar a escuta ativa e a reformula\u00e7\u00e3o positiva<\/li>\n                    <li>Incentivar a participa\u00e7\u00e3o de todos sem for\u00e7ar<\/li>\n                    <li>Criar la\u00e7os entre as experi\u00eancias compartilhadas<\/li>\n                    <li>Adaptar o ritmo \u00e0s capacidades do grupo<\/li>\n                    <li>Valorizar cada contribui\u00e7\u00e3o, mesmo m\u00ednima<\/li>\n                <\/ul>\n            <\/div>\n\n            <p>A adaptabilidade do animador \u00e9 essencial para ajustar o desenrolar da atividade de acordo com a din\u00e2mica do grupo. Alguns residentes podem ser muito expressivos, enquanto outros permanecem mais reservados. A arte consiste em dar a palavra a cada um conforme suas capacidades e desejos, mantendo o interesse coletivo. O uso de t\u00e9cnicas teatrais simples pode ajudar a dramatizar alguns relatos e a cativar a aten\u00e7\u00e3o.<\/p>\n\n            <div class=\"tip-box\">\n<div class=\"tip-box-label\">T\u00e9cnica Avan\u00e7ada<\/div>\n                <p>Desenvolva um \"cat\u00e1logo de provoca\u00e7\u00f5es\" com perguntas t\u00edpicas para cada tema abordado. Essas ferramentas permitir\u00e3o manter a fluidez das trocas mesmo durante os momentos de sil\u00eancio ou hesita\u00e7\u00e3o dos participantes.<\/p>\n            <\/div>\n\n            <h2>5. Tem\u00e1ticas e Suportes de Mem\u00f3rias<\/h2>\n\n            <p>A escolha das tem\u00e1ticas constitui o cerne do sucesso das atividades intergeracionais. Os assuntos abordados devem ressoar com a experi\u00eancia de vida dos residentes, ao mesmo tempo em que despertam a curiosidade dos participantes mais jovens. O objetivo \u00e9 criar pontes temporais que permitam \u00e0s diferentes gera\u00e7\u00f5es se descobrirem e se enriquecerem mutuamente. Uma programa\u00e7\u00e3o tem\u00e1tica variada mant\u00e9m o interesse e permite explorar diferentes facetas da mem\u00f3ria coletiva.<\/p>\n\n            <p>As tem\u00e1ticas relacionadas aos grandes per\u00edodos hist\u00f3ricos oferecem um terreno particularmente rico para as trocas. Os residentes podem compartilhar suas mem\u00f3rias da reconstru\u00e7\u00e3o do p\u00f3s-guerra, dos primeiros passos na Lua, da evolu\u00e7\u00e3o dos meios de transporte ou das mudan\u00e7as sociais que vivenciaram. Esses testemunhos de primeira m\u00e3o d\u00e3o vida \u00e0 hist\u00f3ria e permitem que os jovens compreendam concretamente as transforma\u00e7\u00f5es da nossa sociedade.<\/p>\n\n            <p>As tem\u00e1ticas do cotidiano muitas vezes revelam os aspectos mais tocantes e aut\u00eanticos das mem\u00f3rias compartilhadas. As tradi\u00e7\u00f5es familiares, as receitas de cozinha, os jogos de inf\u00e2ncia, as profiss\u00f5es de antigamente ou as festas populares constituem tantos assuntos que favorecem a identifica\u00e7\u00e3o e criam la\u00e7os emocionais fortes entre os participantes. Essas tem\u00e1ticas tamb\u00e9m permitem abordar as diferen\u00e7as e semelhan\u00e7as entre as gera\u00e7\u00f5es.<\/p>\n<div class=\"conseil-card\">\n                <h3>Programa\u00e7\u00e3o Tem\u00e1tica Anual<\/h3>\n                <p>Organize seus temas de acordo com um calend\u00e1rio que segue as esta\u00e7\u00f5es e os eventos marcantes do ano. Essa abordagem c\u00edclica cria refer\u00eancias temporais para os residentes e facilita a participa\u00e7\u00e3o das fam\u00edlias na prepara\u00e7\u00e3o das atividades.<\/p>\n            <\/div>\n\n            <p>Os suportes materiais enriquecem consideravelmente a experi\u00eancia de compartilhamento de mem\u00f3rias. Os objetos de \u00e9poca, fotografias, documentos de arquivo, grava\u00e7\u00f5es de \u00e1udio ou trechos de v\u00eddeo servem como gatilhos memoriais e tornam os relatos mais concretos. A constitui\u00e7\u00e3o de um \"ba\u00fa de mem\u00f3rias\" contendo diversos objetos representativos de diferentes \u00e9pocas torna-se uma ferramenta valiosa para a anima\u00e7\u00e3o.<\/p>\n\n            <p>A integra\u00e7\u00e3o de novas tecnologias pode surpreender e enriquecer a experi\u00eancia intergeracional. O uso de tablets para apresentar imagens de arquivo, transmitir m\u00fasicas de \u00e9poca ou at\u00e9 mesmo gravar os depoimentos dos residentes cria uma ponte entre o passado e o presente. Os aplicativos de estimula\u00e7\u00e3o cognitiva como <a href=\"https:\/\/www.dynseo.com\/pt-pt\/coco-pensa-e-coco-se-mexe\/\" style=\"color: var(--bleu); text-decoration: none; font-weight: 600;\">COCO PENSA e COCO SE MEXE<\/a> tamb\u00e9m podem servir como suporte para atividades l\u00fadicas intergeracionais.<\/p>\n\n            <h2>6. Integrar as Novas Tecnologias<\/h2>\n\n            <p>A integra\u00e7\u00e3o das novas tecnologias nas atividades intergeracionais representa uma oportunidade excepcional de criar pontes entre as gera\u00e7\u00f5es, ao mesmo tempo em que estimula o interesse dos residentes pela inova\u00e7\u00e3o. Ao contr\u00e1rio do que se pensa, muitas pessoas idosas manifestam uma curiosidade genu\u00edna pelos ferramentas digitais, especialmente quando apresentadas em um contexto l\u00fadico e acompanhado. Essa abordagem permite combinar tradi\u00e7\u00e3o e modernidade de maneira harmoniosa.<\/p>\n\n            <p>Os tablets se revelam particularmente adequados para atividades de rememora\u00e7\u00e3o. Sua interface intuitiva permite que os residentes naveguem facilmente por galerias de fotos de \u00e9poca, ou\u00e7am m\u00fasicas de sua juventude ou visualizem documentos hist\u00f3ricos. A intera\u00e7\u00e3o t\u00e1til tamb\u00e9m estimula as habilidades motoras finas e mant\u00e9m o engajamento f\u00edsico dos participantes. O acompanhamento pelas gera\u00e7\u00f5es mais jovens no uso dessas ferramentas cria uma invers\u00e3o de pap\u00e9is gratificante para todos.<\/p>\n\n            <p>Os aplicativos especializados em estimula\u00e7\u00e3o cognitiva oferecem novas possibilidades de atividades compartilhadas. Os jogos de mem\u00f3ria, exerc\u00edcios de l\u00f3gica e quizzes culturais podem ser adaptados para criar equipes intergeracionais onde a experi\u00eancia dos mais velhos complementa a facilidade tecnol\u00f3gica dos mais jovens. Essa colabora\u00e7\u00e3o fortalece os la\u00e7os e demonstra que cada gera\u00e7\u00e3o traz seu valor agregado \u00e0 equipe.<\/p>\n\n            <div class=\"expert-box\">\n                <div class=\"expert-box-label\">Inova\u00e7\u00e3o DYNSEO<\/div>\n                <div class=\"expert-box-title\">COCO PENSA e COCO SE MEXE: Ferramentas Intergeracionais<\/div>\n                <div class=\"expert-inner\">\n                    <p>Os aplicativos <a href=\"https:\/\/www.dynseo.com\/pt-pt\/coco-pensa-e-coco-se-mexe\/\" style=\"color: var(--bleu); text-decoration: none; font-weight: 600;\">COCO PENSA e COCO SE MEXE<\/a> s\u00e3o especialmente projetados para favorecer as atividades intergeracionais em Lar de idosos. Sua interface adaptada e seus conte\u00fados variados permitem criar momentos de compartilhamento enriquecedores.<\/p>\n<div class=\"expert-inner-title\">Funcionalidades intergeracionais:<\/div>\n                    <ul>\n                        <li>Jogos de mem\u00f3ria coletivos sobre as lembran\u00e7as da \u00e9poca<\/li>\n                        <li>Quiz culturais adaptados a diferentes n\u00edveis<\/li>\n                        <li>Exerc\u00edcios f\u00edsicos leves para praticar juntos<\/li>\n                        <li>Personaliza\u00e7\u00e3o de acordo com os interesses dos residentes<\/li>\n                        <li>Acompanhamento dos progressos e incentivos motivadores<\/li>\n                    <\/ul>\n                <\/div>\n            <\/div>\n\n            <p>A cria\u00e7\u00e3o de conte\u00fados digitais personalizados transforma os residentes em protagonistas de sua pr\u00f3pria hist\u00f3ria digital. O registro de seus depoimentos, a digitaliza\u00e7\u00e3o de suas fotos pessoais ou a cria\u00e7\u00e3o de apresenta\u00e7\u00f5es de slides familiares tornam-se projetos que envolvem toda a fam\u00edlia. Essas realiza\u00e7\u00f5es tamb\u00e9m constituem um legado digital valioso para as gera\u00e7\u00f5es futuras.<\/p>\n\n            <p>A utiliza\u00e7\u00e3o de plataformas de videoconfer\u00eancia permite ampliar o c\u00edrculo de participantes nas atividades intergeracionais. Os netos que est\u00e3o geograficamente distantes podem participar das sess\u00f5es de lembran\u00e7as, criando la\u00e7os virtuais, mas aut\u00eanticos, com seus av\u00f3s residentes. Essa dimens\u00e3o tecnol\u00f3gica combate o isolamento e mant\u00e9m os la\u00e7os familiares apesar da dist\u00e2ncia.<\/p>\n\n            <h2>7. Superar os Desafios e Obst\u00e1culos<\/h2>\n\n            <p>A implementa\u00e7\u00e3o de atividades intergeracionais em lar de idosos encontra invariavelmente desafios que devem ser antecipados e superados com m\u00e9todo. Esses obst\u00e1culos podem ser de ordem organizacional, psicol\u00f3gica, familiar ou log\u00edstica. Uma abordagem proativa que permita identificar e tratar essas dificuldades antecipadamente garante o sucesso e a sustentabilidade do programa de atividades.<\/p>\n\n            <p>A resist\u00eancia \u00e0 mudan\u00e7a costuma ser o primeiro obst\u00e1culo a ser superado. Alguns residentes podem manifestar relut\u00e2ncia em participar de atividades que percebem como infantilizantes ou intrusivas. Essa resist\u00eancia est\u00e1 geralmente ligada a medos leg\u00edtimos: medo do julgamento, sentimento de incompet\u00eancia, ansiedade social ou prote\u00e7\u00e3o da intimidade. A abordagem respeitosa e gradual, associada a uma comunica\u00e7\u00e3o clara sobre os objetivos e benef\u00edcios, geralmente permite superar essas relut\u00e2ncias.<\/p>\n\n            <p>As diferen\u00e7as geracionais podem criar incompreens\u00f5es ou desconfortos durante os primeiros encontros. Os c\u00f3digos sociais, as refer\u00eancias culturais e os modos de comunica\u00e7\u00e3o variam significativamente entre as gera\u00e7\u00f5es. O facilitador desempenha um papel crucial de tradutor cultural, explicando os contextos e facilitando a compreens\u00e3o m\u00fatua. A implementa\u00e7\u00e3o de \"regras do jogo\" claras e benevolentes ajuda a criar um ambiente seguro para todos.<\/p>\n\n            <div class=\"tip-box\">\n<div class=\"tip-box-label\">Estrat\u00e9gia Comprovada<\/div>\n                <p>Comece com atividades curtas (30-45 minutos) com um pequeno grupo de volunt\u00e1rios entusiasmados. O boca a boca positivo e o exemplo de pares convencidos s\u00e3o frequentemente mais eficazes do que qualquer argumenta\u00e7\u00e3o para vencer as resist\u00eancias.<\/p>\n            <\/div>\n\n            <p>As restri\u00e7\u00f5es organizacionais representam um desafio permanente no ambiente institucional. A coordena\u00e7\u00e3o entre os cuidados m\u00e9dicos, as atividades terap\u00eauticas e os programas intergeracionais exige um planejamento minucioso e uma comunica\u00e7\u00e3o fluida entre todos os envolvidos. A flexibilidade e a adaptabilidade tornam-se qualidades essenciais para manter a regularidade das atividades apesar dos imprevistos.<\/p>\n\n            <p>As quest\u00f5es de sa\u00fade e seguran\u00e7a exigem uma aten\u00e7\u00e3o especial durante as atividades intergeracionais. A mistura de idades implica precau\u00e7\u00f5es espec\u00edficas: gest\u00e3o dos riscos de queda, prote\u00e7\u00e3o contra infec\u00e7\u00f5es, adapta\u00e7\u00e3o aos dist\u00farbios sensoriais ou cognitivos. A elabora\u00e7\u00e3o de protocolos claros e a forma\u00e7\u00e3o de todos os envolvidos garantem um ambiente seguro para cada participante.<\/p>\n\n            <div class=\"key-points\">\n                <h3>Obst\u00e1culos Frequentes e Solu\u00e7\u00f5es<\/h3>\n                <ul>\n                    <li>Resist\u00eancia dos residentes \u2192 Abordagem progressiva e respeitosa<\/li>\n                    <li>Incompreens\u00f5es geracionais \u2192 Anima\u00e7\u00e3o facilitadora<\/li>\n                    <li>Restri\u00e7\u00f5es organizacionais \u2192 Planejamento flex\u00edvel e comunica\u00e7\u00e3o<\/li>\n                    <li>Quest\u00f5es de seguran\u00e7a \u2192 Protocolos adaptados e forma\u00e7\u00e3o<\/li>\n                    <li>Disponibilidade das fam\u00edlias \u2192 Hor\u00e1rios variados e alternativas virtuais<\/li>\n                    <li>Fadiga dos residentes \u2192 Atividades curtas e opcionais<\/li>\n                <\/ul>\n            <\/div>\n\n            <h2>8. Medir o Impacto e os Benef\u00edcios<\/h2>\n\n            <p>A avalia\u00e7\u00e3o do impacto das atividades intergeracionais constitui uma etapa crucial para demonstrar seu valor terap\u00eautico e social, ajustar os programas e assegurar seu financiamento sustent\u00e1vel. Essa medida deve ser multidimensional, levando em conta os aspectos cognitivos, emocionais, sociais e f\u00edsicos do bem-estar dos residentes. Uma abordagem metodol\u00f3gica rigorosa permite documentar cientificamente os benef\u00edcios observados.<\/p>\n\n            <p>Os indicadores cognitivos podem ser medidos atrav\u00e9s de testes padronizados realizados antes e depois da participa\u00e7\u00e3o no programa de atividades. A evolu\u00e7\u00e3o das capacidades de mem\u00f3ria, aten\u00e7\u00e3o e executivas fornece dados objetivos sobre a efic\u00e1cia da estimula\u00e7\u00e3o cognitiva induzida pelas trocas intergeracionais. A utiliza\u00e7\u00e3o de ferramentas digitais especializadas facilita essa avalia\u00e7\u00e3o ao propor medidas padronizadas e um acompanhamento longitudinal.<\/p>\n\n            <p>O impacto emocional e social \u00e9 medido atrav\u00e9s da observa\u00e7\u00e3o comportamental, das escalas de bem-estar e dos question\u00e1rios de satisfa\u00e7\u00e3o. A evolu\u00e7\u00e3o do humor, da participa\u00e7\u00e3o nas atividades coletivas e da qualidade das intera\u00e7\u00f5es sociais constitui indicadores valiosos da efic\u00e1cia do programa. Os depoimentos dos residentes, das fam\u00edlias e dos cuidadores trazem uma dimens\u00e3o qualitativa essencial \u00e0 avalia\u00e7\u00e3o.<\/p>\n\n            <div class=\"expert-box\">\n                <div class=\"expert-box-label\">Metodologia DYNSEO<\/div>\n                <div class=\"expert-box-title\">Ferramentas de Medi\u00e7\u00e3o Cient\u00edfica<\/div>\n<div class=\"expert-inner\">\n                    <p>DYNSEO prop\u00f5e ferramentas de avalia\u00e7\u00e3o cognitiva cientificamente validadas que permitem medir objetivamente os progressos dos residentes que participam nas atividades intergeracionais.<\/p>\n                    <div class=\"expert-inner-title\">Indicadores mensur\u00e1veis:<\/div>\n                    <ul>\n                        <li>Evolu\u00e7\u00e3o das pontua\u00e7\u00f5es nos testes cognitivos<\/li>\n                        <li>Melhoria da aten\u00e7\u00e3o e da concentra\u00e7\u00e3o<\/li>\n                        <li>Progress\u00e3o da mem\u00f3ria de trabalho<\/li>\n                        <li>Refor\u00e7o das fun\u00e7\u00f5es executivas<\/li>\n                        <li>Manuten\u00e7\u00e3o da autonomia cognitiva<\/li>\n                    <\/ul>\n                <\/div>\n            <\/div>\n\n            <p>O impacto nas fam\u00edlias e nas equipes de cuidadores tamb\u00e9m merece uma avalia\u00e7\u00e3o espec\u00edfica. As pesquisas de satisfa\u00e7\u00e3o, os grupos focais e as entrevistas individuais permitem coletar as percep\u00e7\u00f5es e sugest\u00f5es de melhoria de todos os atores envolvidos. Essa abordagem participativa refor\u00e7a a ades\u00e3o ao programa e favorece sua melhoria cont\u00ednua.<\/p>\n\n            <p>A documenta\u00e7\u00e3o fotogr\u00e1fica e em v\u00eddeo das atividades, realizada com o consentimento dos participantes, constitui uma ferramenta poderosa para ilustrar o impacto qualitativo do programa. Esses suportes visuais testemunham a alegria, o engajamento e a cumplicidade observados durante as trocas intergeracionais. Eles tamb\u00e9m servem como ferramentas de comunica\u00e7\u00e3o para promover o programa junto a outras institui\u00e7\u00f5es ou financiadores.<\/p>\n\n            <h2>9. Envolver as Fam\u00edlias e a Comunidade<\/h2>\n\n            <p>A implica\u00e7\u00e3o ativa das fam\u00edlias e da comunidade local transforma as atividades intergeracionais em verdadeiros eventos sociais que irradiam al\u00e9m das paredes do Lar de idosos. Essa abertura para o exterior combate o isolamento institucional e devolve aos residentes um sentimento de pertencimento \u00e0 sociedade. A institui\u00e7\u00e3o torna-se ent\u00e3o um local de encontro e troca que enriquece todo o tecido social ao redor.<\/p>\n\n            <p>A sensibiliza\u00e7\u00e3o e a forma\u00e7\u00e3o das fam\u00edlias constituem uma etapa pr\u00e9via indispens\u00e1vel \u00e0 sua participa\u00e7\u00e3o efetiva. Muitos familiares n\u00e3o sabem como se comunicar com seu parente idoso, especialmente quando este apresenta dist\u00farbios cognitivos. Oficinas de forma\u00e7\u00e3o sobre t\u00e9cnicas de comunica\u00e7\u00e3o adequadas, a anima\u00e7\u00e3o de atividades e a compreens\u00e3o das necessidades espec\u00edficas das pessoas idosas permitem que as fam\u00edlias se envolvam com confian\u00e7a e efic\u00e1cia.<\/p>\n\n            <p>A organiza\u00e7\u00e3o de eventos tem\u00e1ticos abertos \u00e0 comunidade cria oportunidades privilegiadas de encontro intergeracional. As exposi\u00e7\u00f5es de mem\u00f3rias, espet\u00e1culos, oficinas criativas ou confer\u00eancias-testemunhos atraem um p\u00fablico variado e sensibilizam os moradores do bairro para a riqueza das experi\u00eancias de vida dos residentes. Esses eventos mudam a percep\u00e7\u00e3o sobre os Lares de idosos e favorecem as voca\u00e7\u00f5es volunt\u00e1rias.<\/p>\n<div class=\"conseil-card\">\n                <h3>Estrat\u00e9gias de Envolvimento Familiar<\/h3>\n                <p>Proponha diferentes n\u00edveis de compromisso para se adaptar \u00e0s disponibilidades e capacidades de cada fam\u00edlia: participa\u00e7\u00e3o pontual em eventos, ajuda na prepara\u00e7\u00e3o das atividades, co-anima\u00e7\u00e3o de sess\u00f5es ou forma\u00e7\u00e3o de duplas residente-proximidade para alguns projetos.<\/p>\n            <\/div>\n\n            <p>As parcerias com as institui\u00e7\u00f5es escolares locais constituem uma fonte inesgot\u00e1vel de energia e frescor para os programas intergeracionais. Os projetos pedag\u00f3gicos em torno da hist\u00f3ria local, das profiss\u00f5es de antigamente ou das tradi\u00e7\u00f5es culturais criam la\u00e7os duradouros entre as crian\u00e7as e os residentes. Essas colabora\u00e7\u00f5es enriquecem o curr\u00edculo escolar enquanto trazem alegria e estimula\u00e7\u00e3o para as pessoas idosas.<\/p>\n\n            <p>A cria\u00e7\u00e3o de uma rede de volunt\u00e1rios regulares exige um investimento inicial importante, mas gera benef\u00edcios duradouros. A forma\u00e7\u00e3o, a supervis\u00e3o e o reconhecimento desses volunt\u00e1rios garantem a qualidade e a continuidade das atividades. Esses compromissos cidad\u00e3os refor\u00e7am o v\u00ednculo social e criam uma din\u00e2mica positiva em torno da institui\u00e7\u00e3o.<\/p>\n\n            <h2>10. Forma\u00e7\u00e3o das Equipes e Boas Pr\u00e1ticas<\/h2>\n\n            <p>A forma\u00e7\u00e3o das equipes de cuidados e de anima\u00e7\u00e3o constitui a base indispens\u00e1vel para o sucesso dos programas de atividades intergeracionais. Essa forma\u00e7\u00e3o deve ser multidisciplinar, integrando os aspectos gerontol\u00f3gicos, psicol\u00f3gicos, pedag\u00f3gicos e organizacionais dessas atividades espec\u00edficas. O investimento na forma\u00e7\u00e3o representa uma garantia de qualidade e profissionalismo que beneficia toda a institui\u00e7\u00e3o.<\/p>\n\n            <p>O programa de forma\u00e7\u00e3o deve cobrir as especificidades do envelhecimento cognitivo e as adapta\u00e7\u00f5es necess\u00e1rias para manter o envolvimento dos residentes com diferentes perfis. A compreens\u00e3o dos mecanismos da mem\u00f3ria, dos dist\u00farbios neurocognitivos e das estrat\u00e9gias de compensa\u00e7\u00e3o permite aos animadores adaptar suas interven\u00e7\u00f5es e maximizar os benef\u00edcios das atividades. Essa expertise t\u00e9cnica se complementa com uma sensibiliza\u00e7\u00e3o aos aspectos emocionais e relacionais do trabalho com as pessoas idosas.<\/p>\n\n            <p>As t\u00e9cnicas de anima\u00e7\u00e3o espec\u00edficas para atividades intergeracionais requerem um aprendizado particular. A gest\u00e3o de grupos heterog\u00eaneos, a facilita\u00e7\u00e3o das trocas entre gera\u00e7\u00f5es e a adapta\u00e7\u00e3o simult\u00e2nea aos diferentes perfis de participantes exigem habilidades avan\u00e7adas em comunica\u00e7\u00e3o e psicologia de grupo. As simula\u00e7\u00f5es pr\u00e1ticas e os feedbacks entre pares enriquecem essa forma\u00e7\u00e3o te\u00f3rica.<\/p>\n<div class=\"key-points\">\n                <h3>Compet\u00eancias Chave a Desenvolver<\/h3>\n                <ul>\n                    <li>Conhecimento das especificidades do envelhecimento<\/li>\n                    <li>T\u00e9cnicas de anima\u00e7\u00e3o adaptadas \u00e0s pessoas idosas<\/li>\n                    <li>Gest\u00e3o de grupos intergeracionais<\/li>\n                    <li>Comunica\u00e7\u00e3o terap\u00eautica e acolhedora<\/li>\n                    <li>Utiliza\u00e7\u00e3o de suportes e ferramentas digitais<\/li>\n                    <li>Avalia\u00e7\u00e3o e documenta\u00e7\u00e3o das atividades<\/li>\n                    <li>Colabora\u00e7\u00e3o com as fam\u00edlias e volunt\u00e1rios<\/li>\n                <\/ul>\n            <\/div>\n\n            <p>A elabora\u00e7\u00e3o de protocolos e boas pr\u00e1ticas padroniza a qualidade das interven\u00e7\u00f5es, ao mesmo tempo em que permite a criatividade e a adapta\u00e7\u00e3o individual. Esses referenciais incluem os procedimentos de avalia\u00e7\u00e3o pr\u00e9via dos residentes, as modalidades de organiza\u00e7\u00e3o das atividades, os crit\u00e9rios de seguran\u00e7a e os m\u00e9todos de avalia\u00e7\u00e3o dos resultados. Eles tamb\u00e9m constituem uma base para a recep\u00e7\u00e3o e a forma\u00e7\u00e3o dos novos colaboradores.<\/p>\n\n            <p>A forma\u00e7\u00e3o cont\u00ednua e a atualiza\u00e7\u00e3o dos conhecimentos garantem a evolu\u00e7\u00e3o e a melhoria constante das pr\u00e1ticas. As trocas com outras institui\u00e7\u00f5es, a participa\u00e7\u00e3o em col\u00f3quios especializados e a vigil\u00e2ncia cient\u00edfica sobre as inova\u00e7\u00f5es em gerontologia mant\u00eam a expertise das equipes em um n\u00edvel \u00f3timo. Essa abordagem de melhoria cont\u00ednua testemunha o compromisso profissional da institui\u00e7\u00e3o.<\/p>\n\n            <h2>11. Adaptar as Atividades segundo os Perfis Cognitivos<\/h2>\n\n            <p>A adapta\u00e7\u00e3o das atividades intergeracionais aos diferentes perfis cognitivos dos residentes representa um desafio maior que determina amplamente o sucesso e a inclusividade do programa. Essa personaliza\u00e7\u00e3o requer uma compreens\u00e3o detalhada dos dist\u00farbios neurocognitivos e de seus impactos nas capacidades de comunica\u00e7\u00e3o, mem\u00f3ria e participa\u00e7\u00e3o social. O objetivo \u00e9 permitir que cada residente, independentemente de seu n\u00edvel cognitivo, viva momentos de troca enriquecedores e gratificantes.<\/p>\n\n            <p>Para os residentes com dist\u00farbios cognitivos leves, as adapta\u00e7\u00f5es concentram-se principalmente no ritmo das atividades e na simplifica\u00e7\u00e3o das instru\u00e7\u00f5es. A utiliza\u00e7\u00e3o de suportes visuais, a repeti\u00e7\u00e3o das informa\u00e7\u00f5es importantes e a estrutura\u00e7\u00e3o clara das sess\u00f5es facilitam sua participa\u00e7\u00e3o ativa. Esses residentes podem frequentemente desempenhar um papel de transmiss\u00e3o privilegiado, suas mem\u00f3rias antigas sendo geralmente bem preservadas apesar das dificuldades de memoriza\u00e7\u00e3o recente.<\/p>\n\n            <p>As pessoas com dem\u00eancia moderada beneficiam de abordagens sensoriais e emocionais em vez de puramente cognitivas. A utiliza\u00e7\u00e3o de objetos t\u00e1teis, m\u00fasicas familiares e imagens evocativas pode desencadear mem\u00f3rias e emo\u00e7\u00f5es positivas mesmo em residentes com dist\u00farbios severos da mem\u00f3ria. O importante n\u00e3o \u00e9 mais a precis\u00e3o factual das mem\u00f3rias compartilhadas, mas a qualidade emocional da troca e o sentimento de valoriza\u00e7\u00e3o sentido.<\/p>\n\n            <div class=\"expert-box\">\n                <div class=\"expert-box-label\">Abordagem Personalizada<\/div>\n                <div class=\"expert-box-title\">Adapta\u00e7\u00e3o aos Dist\u00farbios Cognitivos<\/div>\n<div class=\"expert-inner\">\n                    <p>Cada perfil cognitivo necessita de estrat\u00e9gias de anima\u00e7\u00e3o espec\u00edficas para otimizar a participa\u00e7\u00e3o e os benef\u00edcios das atividades intergeracionais.<\/p>\n                    <div class=\"expert-inner-title\">Adapta\u00e7\u00f5es por perfil:<\/div>\n                    <ul>\n                        <li><strong>Dist\u00farbios leves:<\/strong> Ritmo adaptado, instru\u00e7\u00f5es simplificadas<\/li>\n                        <li><strong>Dist\u00farbios moderados:<\/strong> Abordagem sensorial e emocional<\/li>\n                        <li><strong>Dist\u00farbios severos:<\/strong> Estimula\u00e7\u00e3o suave e presen\u00e7a acolhedora<\/li>\n                        <li><strong>Pessoas l\u00facidas:<\/strong> Papel de acompanhante e mentor<\/li>\n                    <\/ul>\n                <\/div>\n            <\/div>\n\n            <p>Os residentes sem dist\u00farbios cognitivos particulares podem assumir um papel de acompanhante junto a seus pares mais fr\u00e1geis, criando uma din\u00e2mica de ajuda m\u00fatua particularmente valorizante. Essa abordagem de \"mentorado\" entre residentes refor\u00e7a os la\u00e7os sociais dentro da institui\u00e7\u00e3o, ao mesmo tempo que proporciona um sentimento de utilidade \u00e0s pessoas mais aut\u00f4nomas. No entanto, requer uma supervis\u00e3o atenta para evitar situa\u00e7\u00f5es de frustra\u00e7\u00e3o ou des\u00e2nimo.<\/p>\n\n            <p>A utiliza\u00e7\u00e3o de ferramentas tecnol\u00f3gicas adaptativas, como aplicativos de estimula\u00e7\u00e3o cognitiva, permite propor simultaneamente diferentes n\u00edveis de dificuldade dentro de uma mesma atividade. Essa abordagem inclusiva evita a estigmatiza\u00e7\u00e3o, respeitando as capacidades individuais de cada um. A tecnologia torna-se, assim, um fator de equaliza\u00e7\u00e3o das chances de participa\u00e7\u00e3o.<\/p>\n\n            <h2>12. Criar um Calend\u00e1rio de Atividades Sustent\u00e1vel<\/h2>\n\n            <p>A elabora\u00e7\u00e3o de um calend\u00e1rio de atividades intergeracionais sustent\u00e1veis requer um planejamento estrat\u00e9gico que equilibre regularidade, variedade e adaptabilidade. Essa programa\u00e7\u00e3o a longo prazo permite que os residentes e as fam\u00edlias se organizem, as equipes se preparem adequadamente e a institui\u00e7\u00e3o orce os recursos necess\u00e1rios. Um calend\u00e1rio bem elaborado torna-se uma ferramenta de comunica\u00e7\u00e3o e um fator de motiva\u00e7\u00e3o para todos os participantes.<\/p>\n\n            <p>A frequ\u00eancia ideal das atividades intergeracionais geralmente varia entre uma e tr\u00eas sess\u00f5es por semana, dependendo dos recursos dispon\u00edveis e do interesse dos residentes. Essa regularidade ajuda a criar h\u00e1bitos positivos e expectativas entre os participantes, evitando o cansa\u00e7o. A altern\u00e2ncia entre diferentes tipos de atividades mant\u00e9m o interesse e permite alcan\u00e7ar perfis variados de residentes de acordo com seus interesses espec\u00edficos.<\/p>\n\n            <p>A integra\u00e7\u00e3o do calend\u00e1rio das atividades intergeracionais na programa\u00e7\u00e3o global da institui\u00e7\u00e3o exige uma coordena\u00e7\u00e3o cuidadosa com os outros servi\u00e7os. As restri\u00e7\u00f5es de cuidados, as atividades terap\u00eauticas, as visitas m\u00e9dicas e os per\u00edodos de descanso devem ser considerados para otimizar a participa\u00e7\u00e3o dos residentes. Esse planejamento colaborativo fortalece a coes\u00e3o das equipes e a efic\u00e1cia geral do acompanhamento.<\/p>\n\n            <div class=\"tip-box\">\n<div class=\"tip-box-label\">Planejamento Eficaz<\/div>\n                <p>Crie um calend\u00e1rio anual com tem\u00e1ticas sazonais que se baseiam nas festas, comemora\u00e7\u00f5es e eventos culturais. Essa abordagem facilita a participa\u00e7\u00e3o das fam\u00edlias e cria marcos temporais estruturantes para os residentes.<\/p>\n            <\/div>\n\n            <p>A flexibilidade do calend\u00e1rio deve permitir a adapta\u00e7\u00e3o a eventos imprevis\u00edveis: problemas de sa\u00fade dos residentes, indisponibilidade dos intervenientes, condi\u00e7\u00f5es meteorol\u00f3gicas ou circunst\u00e2ncias excepcionais. A defini\u00e7\u00e3o de atividades de substitui\u00e7\u00e3o e de protocolos de adapta\u00e7\u00e3o garante a continuidade do programa apesar dos imprevistos. Essa resili\u00eancia organizacional testemunha o profissionalismo da institui\u00e7\u00e3o.<\/p>\n\n            <p>A avalia\u00e7\u00e3o regular do calend\u00e1rio e seu ajuste com base nos retornos de experi\u00eancia permitem a melhoria cont\u00ednua do programa. As pesquisas de satisfa\u00e7\u00e3o, as observa\u00e7\u00f5es das equipes e a an\u00e1lise das taxas de participa\u00e7\u00e3o fornecem dados valiosos para otimizar a programa\u00e7\u00e3o. Essa abordagem de melhoria cont\u00ednua demonstra o compromisso da institui\u00e7\u00e3o com a qualidade de seus servi\u00e7os.<\/p>\n\n            <div class=\"conseil-card\">\n                <h3>Exemplo de Programa\u00e7\u00e3o Mensal<\/h3>\n                <p><strong>Semana 1 :<\/strong> Lembran\u00e7as de escola com visita a uma classe de ensino fundamental<br>\n                <strong>Semana 2 :<\/strong> Of\u00edcios de antigamente com demonstra\u00e7\u00f5es pr\u00e1ticas<br>\n                <strong>Semana 3 :<\/strong> Cozinha tradicional com fam\u00edlias participantes<br>\n                <strong>Semana 4 :<\/strong> M\u00fasicas e dan\u00e7as de \u00e9poca com grupo intergeracional<\/p>\n            <\/div>\n\n            <div class=\"faq-list\">\n                <h2>Perguntas Frequentes<\/h2>\n                \n                <div class=\"faq-item\">\n                    <div class=\"faq-q\">\n                        <span>Como superar a resist\u00eancia de alguns residentes em participar das atividades intergeracionais?<\/span>\n                        <span class=\"faq-icon\">+<\/span>\n                    <\/div>\n                    <div class=\"faq-a\">\n                        <p>A resist\u00eancia dos residentes est\u00e1 frequentemente ligada ao medo do julgamento ou a uma m\u00e1 compreens\u00e3o dos objetivos da atividade. Comece com abordagens individuais para explicar os benef\u00edcios e tranquilizar sobre o car\u00e1ter n\u00e3o obrigat\u00f3rio da participa\u00e7\u00e3o. Utilize o efeito de cont\u00e1gio dos residentes entusiasmados e adapte as atividades aos interesses espec\u00edficos das pessoas relutantes. A paci\u00eancia e o respeito pelo ritmo individual s\u00e3o essenciais.<\/p>\n                    <\/div>\n                <\/div>\n\n                <div class=\"faq-item\">\n                    <div class=\"faq-q\">\n                        <span>Qual \u00e9 a dura\u00e7\u00e3o ideal para uma sess\u00e3o de atividades intergeracionais?<\/span>\n                        <span class=\"faq-icon\">+<\/span>\n                    <\/div>\n                    <div class=\"faq-a\">\n                        <p>A dura\u00e7\u00e3o ideal geralmente varia entre 45 minutos e 1h15, incluindo a recep\u00e7\u00e3o, a atividade principal e a conclus\u00e3o. Essa dura\u00e7\u00e3o deve ser adaptada ao perfil cognitivo dos participantes e pode ser modulada conforme a din\u00e2mica do grupo. \u00c9 prefer\u00edvel programar atividades mais curtas e mais frequentes do que sess\u00f5es longas que podem cansar os residentes.<\/p>\n                    <\/div>\n                <\/div>\n\n                <div class=\"faq-item\">\n                    <div class=\"faq-q\">\n                        <span>Como medir concretamente o impacto positivo dessas atividades nos residentes?<\/span>\n                        <span class=\"faq-icon\">+<\/span>\n                    <\/div>\n<div class=\"faq-a\">\n                        <p>O impacto pode ser medido atrav\u00e9s de v\u00e1rios indicadores: melhoria do humor observada pelas equipes de cuidados, aumento da participa\u00e7\u00e3o em outras atividades coletivas, retornos positivos das fam\u00edlias, evolu\u00e7\u00e3o das pontua\u00e7\u00f5es nos testes cognitivos e redu\u00e7\u00e3o de certos dist\u00farbios comportamentais. A utiliza\u00e7\u00e3o de escalas de avalia\u00e7\u00e3o padronizadas antes e depois do programa fornece dados objetivos sobre a efic\u00e1cia das interven\u00e7\u00f5es.<\/p>\n                    <\/div>\n                <\/div>\n\n                <div class=\"faq-item\">\n                    <div class=\"faq-q\">\n                        <span>As atividades intergeracionais s\u00e3o adequadas para os residentes com dem\u00eancia severa?<\/span>\n                        <span class=\"faq-icon\">+<\/span>\n                    <\/div>\n                    <div class=\"faq-a\">\n                        <p>Absolutamente, mas com adapta\u00e7\u00f5es espec\u00edficas. Para esses residentes, priorize as estimula\u00e7\u00f5es sensoriais (m\u00fasica, texturas, perfumes), as intera\u00e7\u00f5es n\u00e3o verbais e a presen\u00e7a acolhedora. O objetivo n\u00e3o \u00e9 mais a transmiss\u00e3o verbal de mem\u00f3rias, mas a cria\u00e7\u00e3o de emo\u00e7\u00f5es positivas e momentos de conex\u00e3o humana. Essas intera\u00e7\u00f5es continuam sendo ben\u00e9ficas para o bem-estar emocional e podem estimular rea\u00e7\u00f5es inesperadas.<\/p>\n                    <\/div>\n                <\/div>\n\n                <div class=\"faq-item\">\n                    <div class=\"faq-q\">\n                        <span>Como envolver as fam\u00edlias que moram longe ou que t\u00eam pouca disponibilidade?<\/span>\n                        <span class=\"faq-icon\">+<\/span>\n                    <\/div>\n                    <div class=\"faq-a\">\n                        <p>Proponha modalidades de participa\u00e7\u00e3o flex\u00edveis: participa\u00e7\u00e3o por videoconfer\u00eancia, contribui\u00e7\u00e3o para a prepara\u00e7\u00e3o de atividades atrav\u00e9s do envio de fotos ou objetos familiares, grava\u00e7\u00e3o de mensagens ou depoimentos a serem divulgados durante as sess\u00f5es. Organize tamb\u00e9m eventos excepcionais nos finais de semana ou \u00e0 noite para permitir a participa\u00e7\u00e3o das fam\u00edlias ativas. A tecnologia pode ampliar consideravelmente as possibilidades de envolvimento.<\/p>\n                    <\/div>\n                <\/div>\n            <\/div>\n\n            <div class=\"cta-box\">\n                <h3>Descubra COCO PENSA e COCO SE MEXE<\/h3>\n                <p>Enrique\u00e7a suas atividades intergeracionais com nossos aplicativos especialmente projetados para a estimula\u00e7\u00e3o cognitiva em Lar de idosos. Ferramentas l\u00fadicas e adaptadas que favorecem as trocas entre gera\u00e7\u00f5es, enquanto estimulam as capacidades cognitivas dos residentes.<\/p>\n                <div class=\"cta-buttons\">\n                    <a href=\"https:\/\/www.dynseo.com\/pt-pt\/coco-pensa-e-coco-se-mexe\/\" class=\"btn-white\">Descobrir COCO<\/a>\n                    <a href=\"https:\/\/www.dynseo.com\/pt-pt\/coco-pensa-e-coco-se-mexe\/\" class=\"btn-outline\">Solicitar uma demonstra\u00e7\u00e3o<\/a>\n                <\/div>\n            <\/div>\n\n            <div class=\"article-tags\">\n                <h3>Palavras-chave<\/h3>\n                <a href=\"#\" class=\"article-tag\">Atividades intergeracionais<\/a>\n                <a href=\"#\" class=\"article-tag\">Casa de repouso<\/a>\n                <a href=\"#\" class=\"article-tag\">Mem\u00f3rias<\/a>\n                <a href=\"#\" class=\"article-tag\">Estimula\u00e7\u00e3o cognitiva<\/a>\n                <a href=\"#\" class=\"article-tag\">Anima\u00e7\u00e3o gerontol\u00f3gica<\/a>\n                <a href=\"#\" class=\"article-tag\">V\u00ednculos familiares<\/a>\n                <a href=\"#\" class=\"article-tag\">Bem-estar idosos<\/a>\n                <a href=\"#\" class=\"article-tag\">Tecnologias adaptadas<\/a>\n                <a href=\"#\" class=\"article-tag\">Forma\u00e7\u00e3o equipes<\/a>\n                <a href=\"#\" class=\"article-tag\">Lar de idosos<\/a>\n            <\/div>\n        <\/div>\n    <\/div>[\/et_pb_code][\/et_pb_column][\/et_pb_row][\/et_pb_section]","_et_gb_content_width":"","footnotes":""},"categories":[2915],"tags":[],"class_list":["post-575880","post","type-post","status-publish","format-standard","has-post-thumbnail","hentry","category-les-conseils-des-coachs"],"yoast_head":"<!-- This site is optimized with the Yoast SEO plugin v27.4 - https:\/\/yoast.com\/product\/yoast-seo-wordpress\/ -->\n<title>Atividades intergeracionais em torno das mem\u00f3rias em casa de repouso - DYNSEO - Aplica\u00e7\u00f5es educativas e jogos de mem\u00f3ria<\/title>\n<meta name=\"robots\" content=\"index, follow, max-snippet:-1, max-image-preview:large, max-video-preview:-1\" \/>\n<link rel=\"canonical\" href=\"https:\/\/www.dynseo.com\/pt-pt\/atividades-intergeracionais-em-torno-das-memorias-em-casa-de-repouso\/\" \/>\n<meta property=\"og:locale\" content=\"pt_PT\" \/>\n<meta property=\"og:type\" content=\"article\" \/>\n<meta property=\"og:title\" content=\"Atividades intergeracionais em torno das mem\u00f3rias em casa de repouso - DYNSEO - Aplica\u00e7\u00f5es educativas e jogos de mem\u00f3ria\" \/>\n<meta property=\"og:url\" content=\"https:\/\/www.dynseo.com\/pt-pt\/atividades-intergeracionais-em-torno-das-memorias-em-casa-de-repouso\/\" \/>\n<meta property=\"og:site_name\" content=\"DYNSEO - Aplica\u00e7\u00f5es educativas e jogos de mem\u00f3ria\" \/>\n<meta property=\"article:published_time\" content=\"2026-05-01T16:53:51+00:00\" \/>\n<meta property=\"article:modified_time\" content=\"2026-05-01T16:59:31+00:00\" \/>\n<meta property=\"og:image\" content=\"https:\/\/www.dynseo.com\/wp-content\/uploads\/2023\/07\/site-internet-aide-a-domicile-1024x576.png\" \/>\n\t<meta property=\"og:image:width\" content=\"1024\" \/>\n\t<meta property=\"og:image:height\" content=\"576\" \/>\n\t<meta property=\"og:image:type\" content=\"image\/png\" \/>\n<meta name=\"author\" content=\"DYNSEO\" \/>\n<meta name=\"twitter:label1\" content=\"Escrito por\" \/>\n\t<meta name=\"twitter:data1\" content=\"DYNSEO\" \/>\n\t<meta name=\"twitter:label2\" content=\"Tempo estimado de leitura\" \/>\n\t<meta name=\"twitter:data2\" content=\"27 minutos\" \/>\n<script type=\"application\/ld+json\" class=\"yoast-schema-graph\">{\"@context\":\"https:\\\/\\\/schema.org\",\"@graph\":[{\"@type\":\"Article\",\"@id\":\"https:\\\/\\\/www.dynseo.com\\\/pt-pt\\\/atividades-intergeracionais-em-torno-das-memorias-em-casa-de-repouso\\\/#article\",\"isPartOf\":{\"@id\":\"https:\\\/\\\/www.dynseo.com\\\/pt-pt\\\/atividades-intergeracionais-em-torno-das-memorias-em-casa-de-repouso\\\/\"},\"author\":{\"name\":\"DYNSEO\",\"@id\":\"https:\\\/\\\/www.dynseo.com\\\/pt-pt\\\/#\\\/schema\\\/person\\\/78ef63df2ee64e0989bc68f8401b38d6\"},\"headline\":\"Atividades intergeracionais em torno das mem\u00f3rias em casa de repouso\",\"datePublished\":\"2026-05-01T16:53:51+00:00\",\"dateModified\":\"2026-05-01T16:59:31+00:00\",\"mainEntityOfPage\":{\"@id\":\"https:\\\/\\\/www.dynseo.com\\\/pt-pt\\\/atividades-intergeracionais-em-torno-das-memorias-em-casa-de-repouso\\\/\"},\"wordCount\":5452,\"publisher\":{\"@id\":\"https:\\\/\\\/www.dynseo.com\\\/pt-pt\\\/#organization\"},\"image\":{\"@id\":\"https:\\\/\\\/www.dynseo.com\\\/pt-pt\\\/atividades-intergeracionais-em-torno-das-memorias-em-casa-de-repouso\\\/#primaryimage\"},\"thumbnailUrl\":\"https:\\\/\\\/www.dynseo.com\\\/wp-content\\\/uploads\\\/2023\\\/07\\\/site-internet-aide-a-domicile.png\",\"articleSection\":[\"Les conseils des coachs\"],\"inLanguage\":\"pt-PT\"},{\"@type\":\"WebPage\",\"@id\":\"https:\\\/\\\/www.dynseo.com\\\/pt-pt\\\/atividades-intergeracionais-em-torno-das-memorias-em-casa-de-repouso\\\/\",\"url\":\"https:\\\/\\\/www.dynseo.com\\\/pt-pt\\\/atividades-intergeracionais-em-torno-das-memorias-em-casa-de-repouso\\\/\",\"name\":\"Atividades intergeracionais em torno das mem\u00f3rias em casa de repouso - DYNSEO - Aplica\u00e7\u00f5es educativas e jogos de mem\u00f3ria\",\"isPartOf\":{\"@id\":\"https:\\\/\\\/www.dynseo.com\\\/pt-pt\\\/#website\"},\"primaryImageOfPage\":{\"@id\":\"https:\\\/\\\/www.dynseo.com\\\/pt-pt\\\/atividades-intergeracionais-em-torno-das-memorias-em-casa-de-repouso\\\/#primaryimage\"},\"image\":{\"@id\":\"https:\\\/\\\/www.dynseo.com\\\/pt-pt\\\/atividades-intergeracionais-em-torno-das-memorias-em-casa-de-repouso\\\/#primaryimage\"},\"thumbnailUrl\":\"https:\\\/\\\/www.dynseo.com\\\/wp-content\\\/uploads\\\/2023\\\/07\\\/site-internet-aide-a-domicile.png\",\"datePublished\":\"2026-05-01T16:53:51+00:00\",\"dateModified\":\"2026-05-01T16:59:31+00:00\",\"breadcrumb\":{\"@id\":\"https:\\\/\\\/www.dynseo.com\\\/pt-pt\\\/atividades-intergeracionais-em-torno-das-memorias-em-casa-de-repouso\\\/#breadcrumb\"},\"inLanguage\":\"pt-PT\",\"potentialAction\":[{\"@type\":\"ReadAction\",\"target\":[\"https:\\\/\\\/www.dynseo.com\\\/pt-pt\\\/atividades-intergeracionais-em-torno-das-memorias-em-casa-de-repouso\\\/\"]}]},{\"@type\":\"ImageObject\",\"inLanguage\":\"pt-PT\",\"@id\":\"https:\\\/\\\/www.dynseo.com\\\/pt-pt\\\/atividades-intergeracionais-em-torno-das-memorias-em-casa-de-repouso\\\/#primaryimage\",\"url\":\"https:\\\/\\\/www.dynseo.com\\\/wp-content\\\/uploads\\\/2023\\\/07\\\/site-internet-aide-a-domicile.png\",\"contentUrl\":\"https:\\\/\\\/www.dynseo.com\\\/wp-content\\\/uploads\\\/2023\\\/07\\\/site-internet-aide-a-domicile.png\",\"width\":1920,\"height\":1080,\"caption\":\"Mantenha a mente ativa e saud\u00e1vel com nosso aplicativo de exerc\u00edcios cognitivos\"},{\"@type\":\"BreadcrumbList\",\"@id\":\"https:\\\/\\\/www.dynseo.com\\\/pt-pt\\\/atividades-intergeracionais-em-torno-das-memorias-em-casa-de-repouso\\\/#breadcrumb\",\"itemListElement\":[{\"@type\":\"ListItem\",\"position\":1,\"name\":\"Accueil\",\"item\":\"https:\\\/\\\/www.dynseo.com\\\/pt-pt\\\/\"},{\"@type\":\"ListItem\",\"position\":2,\"name\":\"Atividades intergeracionais em torno das mem\u00f3rias em casa de repouso\"}]},{\"@type\":\"WebSite\",\"@id\":\"https:\\\/\\\/www.dynseo.com\\\/pt-pt\\\/#website\",\"url\":\"https:\\\/\\\/www.dynseo.com\\\/pt-pt\\\/\",\"name\":\"Jeux de m\u00e9moire et stimulation cognitive\",\"description\":\"Entra\u00eenez votre m\u00e9moire et votre cerveau avec DYNSEO\",\"publisher\":{\"@id\":\"https:\\\/\\\/www.dynseo.com\\\/pt-pt\\\/#organization\"},\"potentialAction\":[{\"@type\":\"SearchAction\",\"target\":{\"@type\":\"EntryPoint\",\"urlTemplate\":\"https:\\\/\\\/www.dynseo.com\\\/pt-pt\\\/?s={search_term_string}\"},\"query-input\":{\"@type\":\"PropertyValueSpecification\",\"valueRequired\":true,\"valueName\":\"search_term_string\"}}],\"inLanguage\":\"pt-PT\"},{\"@type\":\"Organization\",\"@id\":\"https:\\\/\\\/www.dynseo.com\\\/pt-pt\\\/#organization\",\"name\":\"DYNSEO\",\"url\":\"https:\\\/\\\/www.dynseo.com\\\/pt-pt\\\/\",\"logo\":{\"@type\":\"ImageObject\",\"inLanguage\":\"pt-PT\",\"@id\":\"https:\\\/\\\/www.dynseo.com\\\/pt-pt\\\/#\\\/schema\\\/logo\\\/image\\\/\",\"url\":\"https:\\\/\\\/www.dynseo.com\\\/wp-content\\\/uploads\\\/2022\\\/05\\\/logo-dynseo-new.png\",\"contentUrl\":\"https:\\\/\\\/www.dynseo.com\\\/wp-content\\\/uploads\\\/2022\\\/05\\\/logo-dynseo-new.png\",\"width\":5073,\"height\":1397,\"caption\":\"DYNSEO\"},\"image\":{\"@id\":\"https:\\\/\\\/www.dynseo.com\\\/pt-pt\\\/#\\\/schema\\\/logo\\\/image\\\/\"}},{\"@type\":\"Person\",\"@id\":\"https:\\\/\\\/www.dynseo.com\\\/pt-pt\\\/#\\\/schema\\\/person\\\/78ef63df2ee64e0989bc68f8401b38d6\",\"name\":\"DYNSEO\",\"url\":\"https:\\\/\\\/www.dynseo.com\\\/pt-pt\\\/author\\\/justine\\\/\"}]}<\/script>\n<!-- \/ Yoast SEO plugin. -->","yoast_head_json":{"title":"Atividades intergeracionais em torno das mem\u00f3rias em casa de repouso - DYNSEO - Aplica\u00e7\u00f5es educativas e jogos de mem\u00f3ria","robots":{"index":"index","follow":"follow","max-snippet":"max-snippet:-1","max-image-preview":"max-image-preview:large","max-video-preview":"max-video-preview:-1"},"canonical":"https:\/\/www.dynseo.com\/pt-pt\/atividades-intergeracionais-em-torno-das-memorias-em-casa-de-repouso\/","og_locale":"pt_PT","og_type":"article","og_title":"Atividades intergeracionais em torno das mem\u00f3rias em casa de repouso - DYNSEO - Aplica\u00e7\u00f5es educativas e jogos de mem\u00f3ria","og_url":"https:\/\/www.dynseo.com\/pt-pt\/atividades-intergeracionais-em-torno-das-memorias-em-casa-de-repouso\/","og_site_name":"DYNSEO - Aplica\u00e7\u00f5es educativas e jogos de mem\u00f3ria","article_published_time":"2026-05-01T16:53:51+00:00","article_modified_time":"2026-05-01T16:59:31+00:00","og_image":[{"width":1024,"height":576,"url":"https:\/\/www.dynseo.com\/wp-content\/uploads\/2023\/07\/site-internet-aide-a-domicile-1024x576.png","type":"image\/png"}],"author":"DYNSEO","twitter_misc":{"Escrito por":"DYNSEO","Tempo estimado de leitura":"27 minutos"},"schema":{"@context":"https:\/\/schema.org","@graph":[{"@type":"Article","@id":"https:\/\/www.dynseo.com\/pt-pt\/atividades-intergeracionais-em-torno-das-memorias-em-casa-de-repouso\/#article","isPartOf":{"@id":"https:\/\/www.dynseo.com\/pt-pt\/atividades-intergeracionais-em-torno-das-memorias-em-casa-de-repouso\/"},"author":{"name":"DYNSEO","@id":"https:\/\/www.dynseo.com\/pt-pt\/#\/schema\/person\/78ef63df2ee64e0989bc68f8401b38d6"},"headline":"Atividades intergeracionais em torno das mem\u00f3rias em casa de repouso","datePublished":"2026-05-01T16:53:51+00:00","dateModified":"2026-05-01T16:59:31+00:00","mainEntityOfPage":{"@id":"https:\/\/www.dynseo.com\/pt-pt\/atividades-intergeracionais-em-torno-das-memorias-em-casa-de-repouso\/"},"wordCount":5452,"publisher":{"@id":"https:\/\/www.dynseo.com\/pt-pt\/#organization"},"image":{"@id":"https:\/\/www.dynseo.com\/pt-pt\/atividades-intergeracionais-em-torno-das-memorias-em-casa-de-repouso\/#primaryimage"},"thumbnailUrl":"https:\/\/www.dynseo.com\/wp-content\/uploads\/2023\/07\/site-internet-aide-a-domicile.png","articleSection":["Les conseils des coachs"],"inLanguage":"pt-PT"},{"@type":"WebPage","@id":"https:\/\/www.dynseo.com\/pt-pt\/atividades-intergeracionais-em-torno-das-memorias-em-casa-de-repouso\/","url":"https:\/\/www.dynseo.com\/pt-pt\/atividades-intergeracionais-em-torno-das-memorias-em-casa-de-repouso\/","name":"Atividades intergeracionais em torno das mem\u00f3rias em casa de repouso - DYNSEO - Aplica\u00e7\u00f5es educativas e jogos de mem\u00f3ria","isPartOf":{"@id":"https:\/\/www.dynseo.com\/pt-pt\/#website"},"primaryImageOfPage":{"@id":"https:\/\/www.dynseo.com\/pt-pt\/atividades-intergeracionais-em-torno-das-memorias-em-casa-de-repouso\/#primaryimage"},"image":{"@id":"https:\/\/www.dynseo.com\/pt-pt\/atividades-intergeracionais-em-torno-das-memorias-em-casa-de-repouso\/#primaryimage"},"thumbnailUrl":"https:\/\/www.dynseo.com\/wp-content\/uploads\/2023\/07\/site-internet-aide-a-domicile.png","datePublished":"2026-05-01T16:53:51+00:00","dateModified":"2026-05-01T16:59:31+00:00","breadcrumb":{"@id":"https:\/\/www.dynseo.com\/pt-pt\/atividades-intergeracionais-em-torno-das-memorias-em-casa-de-repouso\/#breadcrumb"},"inLanguage":"pt-PT","potentialAction":[{"@type":"ReadAction","target":["https:\/\/www.dynseo.com\/pt-pt\/atividades-intergeracionais-em-torno-das-memorias-em-casa-de-repouso\/"]}]},{"@type":"ImageObject","inLanguage":"pt-PT","@id":"https:\/\/www.dynseo.com\/pt-pt\/atividades-intergeracionais-em-torno-das-memorias-em-casa-de-repouso\/#primaryimage","url":"https:\/\/www.dynseo.com\/wp-content\/uploads\/2023\/07\/site-internet-aide-a-domicile.png","contentUrl":"https:\/\/www.dynseo.com\/wp-content\/uploads\/2023\/07\/site-internet-aide-a-domicile.png","width":1920,"height":1080,"caption":"Mantenha a mente ativa e saud\u00e1vel com nosso aplicativo de exerc\u00edcios cognitivos"},{"@type":"BreadcrumbList","@id":"https:\/\/www.dynseo.com\/pt-pt\/atividades-intergeracionais-em-torno-das-memorias-em-casa-de-repouso\/#breadcrumb","itemListElement":[{"@type":"ListItem","position":1,"name":"Accueil","item":"https:\/\/www.dynseo.com\/pt-pt\/"},{"@type":"ListItem","position":2,"name":"Atividades intergeracionais em torno das mem\u00f3rias em casa de repouso"}]},{"@type":"WebSite","@id":"https:\/\/www.dynseo.com\/pt-pt\/#website","url":"https:\/\/www.dynseo.com\/pt-pt\/","name":"Jeux de m\u00e9moire et stimulation cognitive","description":"Entra\u00eenez votre m\u00e9moire et votre cerveau avec DYNSEO","publisher":{"@id":"https:\/\/www.dynseo.com\/pt-pt\/#organization"},"potentialAction":[{"@type":"SearchAction","target":{"@type":"EntryPoint","urlTemplate":"https:\/\/www.dynseo.com\/pt-pt\/?s={search_term_string}"},"query-input":{"@type":"PropertyValueSpecification","valueRequired":true,"valueName":"search_term_string"}}],"inLanguage":"pt-PT"},{"@type":"Organization","@id":"https:\/\/www.dynseo.com\/pt-pt\/#organization","name":"DYNSEO","url":"https:\/\/www.dynseo.com\/pt-pt\/","logo":{"@type":"ImageObject","inLanguage":"pt-PT","@id":"https:\/\/www.dynseo.com\/pt-pt\/#\/schema\/logo\/image\/","url":"https:\/\/www.dynseo.com\/wp-content\/uploads\/2022\/05\/logo-dynseo-new.png","contentUrl":"https:\/\/www.dynseo.com\/wp-content\/uploads\/2022\/05\/logo-dynseo-new.png","width":5073,"height":1397,"caption":"DYNSEO"},"image":{"@id":"https:\/\/www.dynseo.com\/pt-pt\/#\/schema\/logo\/image\/"}},{"@type":"Person","@id":"https:\/\/www.dynseo.com\/pt-pt\/#\/schema\/person\/78ef63df2ee64e0989bc68f8401b38d6","name":"DYNSEO","url":"https:\/\/www.dynseo.com\/pt-pt\/author\/justine\/"}]}},"_links":{"self":[{"href":"https:\/\/www.dynseo.com\/pt-pt\/wp-json\/wp\/v2\/posts\/575880","targetHints":{"allow":["GET"]}}],"collection":[{"href":"https:\/\/www.dynseo.com\/pt-pt\/wp-json\/wp\/v2\/posts"}],"about":[{"href":"https:\/\/www.dynseo.com\/pt-pt\/wp-json\/wp\/v2\/types\/post"}],"author":[{"embeddable":true,"href":"https:\/\/www.dynseo.com\/pt-pt\/wp-json\/wp\/v2\/users\/4"}],"replies":[{"embeddable":true,"href":"https:\/\/www.dynseo.com\/pt-pt\/wp-json\/wp\/v2\/comments?post=575880"}],"version-history":[{"count":16,"href":"https:\/\/www.dynseo.com\/pt-pt\/wp-json\/wp\/v2\/posts\/575880\/revisions"}],"predecessor-version":[{"id":575896,"href":"https:\/\/www.dynseo.com\/pt-pt\/wp-json\/wp\/v2\/posts\/575880\/revisions\/575896"}],"wp:featuredmedia":[{"embeddable":true,"href":"https:\/\/www.dynseo.com\/pt-pt\/wp-json\/wp\/v2\/media\/108162"}],"wp:attachment":[{"href":"https:\/\/www.dynseo.com\/pt-pt\/wp-json\/wp\/v2\/media?parent=575880"}],"wp:term":[{"taxonomy":"category","embeddable":true,"href":"https:\/\/www.dynseo.com\/pt-pt\/wp-json\/wp\/v2\/categories?post=575880"},{"taxonomy":"post_tag","embeddable":true,"href":"https:\/\/www.dynseo.com\/pt-pt\/wp-json\/wp\/v2\/tags?post=575880"}],"curies":[{"name":"wp","href":"https:\/\/api.w.org\/{rel}","templated":true}]}}