{"id":580822,"date":"2026-05-03T04:52:56","date_gmt":"2026-05-03T02:52:56","guid":{"rendered":"https:\/\/www.dynseo.com\/developpement-de-lautonomie-chez-les-enfants-autistes-strategies-et-conseils-2\/"},"modified":"2026-05-03T04:58:59","modified_gmt":"2026-05-03T02:58:59","slug":"desenvolvimento-da-autonomia-em-criancas-autistas-estrategias-e-conselhos","status":"publish","type":"post","link":"https:\/\/www.dynseo.com\/pt-pt\/desenvolvimento-da-autonomia-em-criancas-autistas-estrategias-e-conselhos\/","title":{"rendered":"Desenvolvimento da Autonomia em Crian\u00e7as Autistas: Estrat\u00e9gias e Conselhos"},"content":{"rendered":"<p>[et_pb_section fb_built=&#8221;1&#8243; _builder_version=&#8221;4.16&#8243; custom_padding=&#8221;0px|0px|0px|0px|false|false&#8221; margin_top=&#8221;0px&#8221; margin_bottom=&#8221;0px&#8221; global_colors_info=&#8221;{}&#8221;][et_pb_row _builder_version=&#8221;4.16&#8243; custom_padding=&#8221;0px|0px|0px|0px|false|false&#8221; margin_top=&#8221;0px&#8221; margin_bottom=&#8221;0px&#8221; column_structure=&#8221;4_4&#8243; global_colors_info=&#8221;{}&#8221;][et_pb_column type=&#8221;4_4&#8243; _builder_version=&#8221;4.16&#8243; custom_padding=&#8221;0px|0px|0px|0px|false|false&#8221; global_colors_info=&#8221;{}&#8221;][et_pb_code _builder_version=&#8221;4.16&#8243; custom_padding=&#8221;0px|0px|0px|0px|false|false&#8221; global_colors_info=&#8221;{}&#8221;]<\/p>\n<style>\n        :root {\n            --primary-color: #5e5ed7;\n            --primary-dark: #5268c9;\n            --teal: #a9e2e4;\n            --yellow: #ffeca7;\n            --pink: #e73469;\n            --white: #ffffff;\n            --light-gray: #f8f9fa;\n            --medium-gray: #e9ecef;\n            --dark-gray: #6c757d;\n            --text-color: #333333;\n            --border-radius: 12px;\n            --shadow: 0 4px 20px rgba(94, 94, 215, 0.1);\n            --shadow-hover: 0 8px 30px rgba(94, 94, 215, 0.15);\n        }<\/p>\n<p>        * {\n            margin: 0;\n            padding: 0;\n            box-sizing: border-box;\n        }<\/p>\n<p>        body {\n            font-family: 'Poppins', sans-serif;\n            line-height: 1.6;\n            color: var(--text-color);\n            background-color: var(--white);\n        }<\/p>\n<p>        .article-hero {\n            background: linear-gradient(135deg, var(--primary-color) 0%, var(--primary-dark) 100%);\n            color: var(--white);\n            padding: 2rem 0 4rem;\n            position: relative;\n            overflow: hidden;\n        }<\/p>\n<p>        .article-hero::before {\n            content: '';\n            position: absolute;\n            top: 0;\n            left: 0;\n            right: 0;\n            bottom: 0;\n            background: url('data:image\/svg+xml,<svg xmlns=\"http:\/\/www.w3.org\/2000\/svg\" viewBox=\"0 0 100 100\"><circle cx=\"20\" cy=\"20\" r=\"2\" fill=\"rgba(255,255,255,0.1)\"\/><circle cx=\"80\" cy=\"40\" r=\"3\" fill=\"rgba(255,255,255,0.05)\"\/><circle cx=\"40\" cy=\"80\" r=\"1\" fill=\"rgba(255,255,255,0.1)\"\/><\/svg>');\n            animation: float 20s infinite linear;\n        }<\/p>\n<p>        @keyframes float {\n            0% { transform: translateX(0); }\n            100% { transform: translateX(-100px); }\n        }<\/p>\n<p>        .article-hero-inner {\n            max-width: 1200px;\n            margin: 0 auto;\n            padding: 0 2rem;\n            position: relative;\n            z-index: 2;\n        }<\/p>\n<p>        .article-breadcrumb {\n            font-size: 0.9rem;\n            margin-bottom: 1rem;\n            opacity: 0.9;\n        }<\/p>\n<p>        .article-breadcrumb a {\n            color: var(--white);\n            text-decoration: none;\n            transition: opacity 0.3s ease;\n        }<\/p>\n<p>        .article-breadcrumb a:hover {\n            opacity: 0.8;\n        }<\/p>\n<p>        .article-category {\n            display: inline-block;\n            background: var(--yellow);\n            color: var(--text-color);\n            padding: 0.5rem 1rem;\n            border-radius: 20px;\n            font-size: 0.8rem;\n            font-weight: 600;\n            margin-bottom: 1.5rem;\n            font-family: 'Montserrat', sans-serif;\n        }<\/p>\n<p>        .article-hero h1 {\n            font-family: 'Montserrat', sans-serif;\n            font-size: 2.5rem;\n            font-weight: 700;\n            margin-bottom: 1rem;\n            line-height: 1.2;\n        }<\/p>\n<p>        .hl {\n            color: var(--yellow);\n            position: relative;\n        }<\/p>\n<p>        .article-meta {\n            display: flex;\n            flex-wrap: wrap;\n            gap: 1.5rem;\n            align-items: center;\n            margin-bottom: 1rem;\n            font-size: 0.9rem;\n        }<\/p>\n<p>        .meta-item {\n            display: flex;\n            align-items: center;\n            gap: 0.5rem;\n        }<\/p>\n<p>        .stars {\n            color: var(--yellow);\n            margin-left: 0.5rem;\n        }<\/p>\n<p>        .article-hero-curve {\n            position: absolute;\n            bottom: -1px;\n            left: 0;\n            right: 0;\n            height: 60px;\n            background: var(--white);\n            clip-path: ellipse(100% 100% at 50% 100%);\n        }<\/p>\n<p>        .article-body {\n            padding: 4rem 0;\n            background: var(--white);\n        }<\/p>\n<p>        .container {\n            max-width: 1200px;\n            margin: 0 auto;\n            padding: 0 2rem;\n        }<\/p>\n<p>        .intro-block {\n            background: linear-gradient(135deg, var(--light-gray) 0%, var(--medium-gray) 100%);\n            padding: 2rem;\n            border-radius: var(--border-radius);\n            margin-bottom: 3rem;\n            font-size: 1.1rem;\n            line-height: 1.8;\n            border-left: 4px solid var(--primary-color);\n        }<\/p>\n<p>        .stats-grid {\n            display: grid;\n            grid-template-columns: repeat(auto-fit, minmax(250px, 1fr));\n            gap: 1.5rem;\n            margin: 3rem 0;\n        }<\/p>\n<p>        .stat-card {\n            background: var(--white);\n            padding: 2rem;\n            border-radius: var(--border-radius);\n            text-align: center;\n            box-shadow: var(--shadow);\n            border: 1px solid var(--medium-gray);\n            transition: transform 0.3s ease, box-shadow 0.3s ease;\n        }<\/p>\n<p>        .stat-card:hover {\n            transform: translateY(-5px);\n            box-shadow: var(--shadow-hover);\n        }<\/p>\n<p>        .stat-card .number {\n            font-family: 'Montserrat', sans-serif;\n            font-size: 2.5rem;\n            font-weight: 700;\n            color: var(--primary-color);\n            display: block;\n            margin-bottom: 0.5rem;\n        }<\/p>\n<p>        .stat-card .label {\n            font-size: 1rem;\n            color: var(--dark-gray);\n            font-weight: 500;\n        }<\/p>\n<p>        .article-body h2 {\n            font-family: 'Montserrat', sans-serif;\n            font-size: 1.8rem;\n            font-weight: 600;\n            color: var(--primary-color);\n            margin: 3rem 0 1.5rem 0;\n            position: relative;\n            padding-left: 1rem;\n        }<\/p>\n<p>        .article-body h2::before {\n            content: '';\n            position: absolute;\n            left: 0;\n            top: 50%;\n            transform: translateY(-50%);\n            width: 4px;\n            height: 2rem;\n            background: linear-gradient(135deg, var(--primary-color), var(--teal));\n            border-radius: 2px;\n        }<\/p>\n<p>        .article-body h3 {\n            font-family: 'Montserrat', sans-serif;\n            font-size: 1.3rem;\n            font-weight: 600;\n            color: var(--primary-dark);\n            margin: 2rem 0 1rem 0;\n        }<\/p>\n<p>        .article-body p {\n            margin-bottom: 1.5rem;\n            line-height: 1.8;\n            color: var(--text-color);\n        }<\/p>\n<p>        .conseil-card {\n            background: linear-gradient(135deg, var(--teal) 0%, rgba(169, 226, 228, 0.7) 100%);\n            padding: 1.5rem;\n            border-radius: var(--border-radius);\n            margin: 2rem 0;\n            border-left: 4px solid var(--primary-color);\n        }<\/p>\n<p>        .conseil-card h4 {\n            font-family: 'Montserrat', sans-serif;\n            color: var(--primary-dark);\n            margin-bottom: 1rem;\n            font-weight: 600;\n        }<\/p>\n<p>        .key-points {\n            background: var(--light-gray);\n            padding: 1.5rem;\n            border-radius: var(--border-radius);\n            margin: 2rem 0;\n        }<\/p>\n<p>        .key-points h4 {\n            font-family: 'Montserrat', sans-serif;\n            color: var(--primary-color);\n            margin-bottom: 1rem;\n            font-weight: 600;\n        }<\/p>\n<p>        .key-points ul {\n            list-style: none;\n            padding: 0;\n        }<\/p>\n<p>        .key-points li {\n            padding: 0.5rem 0;\n            position: relative;\n            padding-left: 1.5rem;\n        }<\/p>\n<p>        .key-points li::before {\n            content: '\u2713';\n            position: absolute;\n            left: 0;\n            color: var(--primary-color);\n            font-weight: bold;\n        }<\/p>\n<p>        .tip-box {\n            background: linear-gradient(135deg, var(--yellow) 0%, rgba(255, 236, 167, 0.7) 100%);\n            padding: 1.5rem;\n            border-radius: var(--border-radius);\n            margin: 2rem 0;\n            position: relative;\n        }<\/p>\n<p>        .tip-box-label {\n            font-family: 'Montserrat', sans-serif;\n            font-weight: 600;\n            color: var(--primary-dark);\n            margin-bottom: 1rem;\n            display: flex;\n            align-items: center;\n            gap: 0.5rem;\n        }<\/p>\n<p>        .tip-box-label::before {\n            content: '\ud83d\udca1';\n            font-size: 1.2rem;\n        }<\/p>\n<p>        .expert-box {\n            background: linear-gradient(135deg, var(--white) 0%, var(--light-gray) 100%);\n            padding: 2rem;\n            border-radius: var(--border-radius);\n            margin: 2rem 0;\n            box-shadow: var(--shadow);\n            border: 1px solid var(--primary-color);\n        }<\/p>\n<p>        .expert-box-label {\n            font-family: 'Montserrat', sans-serif;\n            font-size: 0.8rem;\n            text-transform: uppercase;\n            letter-spacing: 1px;\n            color: var(--primary-color);\n            font-weight: 600;\n            margin-bottom: 0.5rem;\n        }<\/p>\n<p>        .expert-box-title {\n            font-family: 'Montserrat', sans-serif;\n            font-size: 1.2rem;\n            font-weight: 600;\n            color: var(--primary-dark);\n            margin-bottom: 1rem;\n        }<\/p>\n<p>        .expert-inner {\n            background: var(--white);\n            padding: 1.5rem;\n            border-radius: 8px;\n            margin-top: 1rem;\n            border-left: 4px solid var(--pink);\n        }<\/p>\n<p>        .expert-inner-title {\n            font-family: 'Montserrat', sans-serif;\n            font-weight: 600;\n            color: var(--pink);\n            margin-bottom: 1rem;\n        }<\/p>\n<p>        .faq-list {\n            margin: 3rem 0;\n        }<\/p>\n<p>        .faq-item {\n            background: var(--white);\n            border: 1px solid var(--medium-gray);\n            border-radius: var(--border-radius);\n            margin-bottom: 1rem;\n            overflow: hidden;\n            transition: all 0.3s ease;\n        }<\/p>\n<p>        .faq-item:hover {\n            box-shadow: var(--shadow);\n        }<\/p>\n<p>        .faq-q {\n            padding: 1.5rem;\n            cursor: pointer;\n            display: flex;\n            justify-content: space-between;\n            align-items: center;\n            font-weight: 600;\n            color: var(--primary-dark);\n            background: var(--light-gray);\n            transition: background-color 0.3s ease;\n        }<\/p>\n<p>        .faq-q:hover {\n            background: var(--medium-gray);\n        }<\/p>\n<p>        .faq-icon {\n            width: 24px;\n            height: 24px;\n            background: var(--primary-color);\n            color: var(--white);\n            border-radius: 50%;\n            display: flex;\n            align-items: center;\n            justify-content: center;\n            font-weight: bold;\n            transition: transform 0.3s ease;\n        }<\/p>\n<p>        .faq-item.open .faq-icon {\n            transform: rotate(45deg);\n        }<\/p>\n<p>        .faq-a {\n            padding: 0 1.5rem;\n            max-height: 0;\n            overflow: hidden;\n            transition: all 0.3s ease;\n        }<\/p>\n<p>        .faq-item.open .faq-a {\n            padding: 1.5rem;\n            max-height: 1000px;\n        }<\/p>\n<p>        .cta-box {\n            background: linear-gradient(135deg, var(--primary-color) 0%, var(--primary-dark) 100%);\n            color: var(--white);\n            padding: 3rem;\n            border-radius: var(--border-radius);\n            text-align: center;\n            margin: 3rem 0;\n        }<\/p>\n<p>        .cta-box h3 {\n            font-family: 'Montserrat', sans-serif;\n            font-size: 1.8rem;\n            margin-bottom: 1rem;\n        }<\/p>\n<p>        .cta-buttons {\n            display: flex;\n            gap: 1rem;\n            justify-content: center;\n            flex-wrap: wrap;\n            margin-top: 2rem;\n        }<\/p>\n<p>        .btn-white, .btn-outline {\n            padding: 1rem 2rem;\n            border-radius: 25px;\n            text-decoration: none;\n            font-weight: 600;\n            transition: all 0.3s ease;\n            display: inline-block;\n        }<\/p>\n<p>        .btn-white {\n            background: var(--white);\n            color: var(--primary-color);\n        }<\/p>\n<p>        .btn-white:hover {\n            transform: translateY(-2px);\n            box-shadow: var(--shadow-hover);\n        }<\/p>\n<p>        .btn-outline {\n            background: transparent;\n            color: var(--white);\n            border: 2px solid var(--white);\n        }<\/p>\n<p>        .btn-outline:hover {\n            background: var(--white);\n            color: var(--primary-color);\n        }<\/p>\n<p>        .article-tags {\n            margin: 3rem 0;\n            padding-top: 2rem;\n            border-top: 1px solid var(--medium-gray);\n        }<\/p>\n<p>        .article-tag {\n            display: inline-block;\n            background: var(--light-gray);\n            color: var(--primary-color);\n            padding: 0.5rem 1rem;\n            border-radius: 20px;\n            font-size: 0.8rem;\n            margin: 0.25rem;\n            text-decoration: none;\n            transition: all 0.3s ease;\n            border: 1px solid var(--medium-gray);\n        }<\/p>\n<p>        .article-tag:hover {\n            background: var(--primary-color);\n            color: var(--white);\n        }<\/p>\n<p>        @media (max-width: 768px) {\n            .article-hero h1 {\n                font-size: 2rem;\n            }<\/p>\n<p>            .container {\n                padding: 0 1rem;\n            }<\/p>\n<p>            .stats-grid {\n                grid-template-columns: 1fr;\n            }<\/p>\n<p>            .cta-buttons {\n                flex-direction: column;\n                align-items: center;\n            }<\/p>\n<p>            .article-meta {\n                flex-direction: column;\n                gap: 0.5rem;\n                align-items: flex-start;\n            }\n        }\n    <\/style>\n<p><script>\n        document.querySelectorAll('.faq-q').forEach(function(button) {\n            button.addEventListener('click', function() {\n                button.closest('.faq-item').classList.toggle('open');\n            });\n        });\n    <\/script><br \/>\n<script type=\"application\/ld+json\">\n{\n  \"@context\": \"https:\/\/schema.org\",\n  \"@graph\": [\n    {\n      \"@type\": \"Article\",\n      \"headline\": \"D\u00e9veloppement de l'Autonomie chez les Enfants Autistes : Strat\u00e9gies et Conseils\",\n      \"description\": \"Strat\u00e9gies et Conseils\",\n      \"url\": \"https:\/\/www.dynseo.com\/developpement-de-lautonomie-chez-les-enfants-autistes-strategies-et-conseils\/\",\n      \"datePublished\": \"2026-04-10\",\n      \"author\": {\n        \"@type\": \"Organization\",\n        \"name\": \"DYNSEO\",\n        \"url\": \"https:\/\/www.dynseo.com\"\n      },\n      \"publisher\": {\n        \"@type\": \"Organization\",\n        \"name\": \"DYNSEO\",\n        \"url\": \"https:\/\/www.dynseo.com\"\n      },\n      \"aggregateRating\": {\n        \"@type\": \"AggregateRating\",\n        \"ratingValue\": \"4.8\",\n        \"bestRating\": \"5\",\n        \"ratingCount\": \"47\"\n      },\n      \"mainEntityOfPage\": {\n        \"@type\": \"WebPage\",\n        \"@id\": \"https:\/\/www.dynseo.com\/developpement-de-lautonomie-chez-les-enfants-autistes-strategies-et-conseils\/\"\n      }\n    },\n    {\n      \"@type\": \"WebPage\",\n      \"url\": \"https:\/\/www.dynseo.com\/developpement-de-lautonomie-chez-les-enfants-autistes-strategies-et-conseils\/\",\n      \"name\": \"D\u00e9veloppement de l'Autonomie chez les Enfants Autistes : Strat\u00e9gies et Conseils\",\n      \"description\": \"Strat\u00e9gies et Conseils\",\n      \"breadcrumb\": {\n        \"@type\": \"BreadcrumbList\",\n        \"itemListElement\": [\n          {\n            \"@type\": \"ListItem\",\n            \"position\": 1,\n            \"name\": \"Accueil\",\n            \"item\": \"https:\/\/www.dynseo.com\"\n          },\n          {\n            \"@type\": \"ListItem\",\n            \"position\": 2,\n            \"name\": \"Blog\",\n            \"item\": \"https:\/\/www.dynseo.com\/blog\/\"\n          },\n          {\n            \"@type\": \"ListItem\",\n            \"position\": 3,\n            \"name\": \"D\u00e9veloppement de l'Autonomie chez les Enfants Autistes : Strat\u00e9gies et Conseils\",\n            \"item\": \"https:\/\/www.dynseo.com\/developpement-de-lautonomie-chez-les-enfants-autistes-strategies-et-conseils\/\"\n          }\n        ]\n      }\n    },\n    {\n      \"@type\": \"FAQPage\",\n      \"mainEntity\": [\n        {\n          \"@type\": \"Question\",\n          \"name\": \"\u00c0 quel \u00e2ge peut-on commencer \u00e0 travailler l'autonomie avec un enfant autiste ?\",\n          \"acceptedAnswer\": {\n            \"@type\": \"Answer\",\n            \"text\": \"Il n'y a pas d'\u00e2ge minimum pour commencer \u00e0 d\u00e9velopper l'autonomie chez un enfant autiste. Le d\u00e9veloppement de l'autonomie peut d\u00e9buter d\u00e8s les premi\u00e8res ann\u00e9es de vie, en adaptant les strat\u00e9gies et les objectifs au niveau de d\u00e9veloppement de l'enfant.\"\n          }\n        },\n        {\n          \"@type\": \"Question\",\n          \"name\": \"Combien de temps faut-il pour voir des progr\u00e8s significatifs ?\",\n          \"acceptedAnswer\": {\n            \"@type\": \"Answer\",\n            \"text\": \"Le temps n\u00e9cessaire pour observer des progr\u00e8s varie consid\u00e9rablement selon chaque enfant. Certains enfants peuvent montrer des am\u00e9liorations en quelques semaines, tandis que d'autres n\u00e9cessitent plusieurs mois. La patience et la constance sont essentielles dans ce processus.\"\n          }\n        },\n        {\n          \"@type\": \"Question\",\n          \"name\": \"Comment g\u00e9rer les r\u00e9gressions ou les plateaux dans les apprentissages ?\",\n          \"acceptedAnswer\": {\n            \"@type\": \"Answer\",\n            \"text\": \"Les r\u00e9gressions et plateaux sont normaux dans le d\u00e9veloppement de l'autonomie. Il est important de rester patient, d'adapter les strat\u00e9gies si n\u00e9cessaire, et de maintenir un environnement structur\u00e9 et bienveillant. Consulter des professionnels peut \u00e9galement aider \u00e0 ajuster l'approche.\"\n          }\n        }\n      ]\n    }\n  ]\n}\n<\/script>\n<link href=\"https:\/\/fonts.googleapis.com\/css2?family=Montserrat:wght@400;500;600;700&#038;family=Poppins:wght@300;400;500;600&#038;display=swap\" rel=\"stylesheet\">\n<section class=\"article-hero\">\n<div class=\"article-hero-inner\">\n<nav class=\"article-breadcrumb\">\n                <a href=\"\/\">In\u00edcio<\/a> > <a href=\"\/blog\">Blog<\/a> > <a href=\"\/autismo\">Autismo<\/a> > Desenvolvimento da autonomia<br \/>\n            <\/nav>\n<div class=\"article-category\">Autismo &#038; Desenvolvimento<\/div>\n<h1>Desenvolvimento da <span class=\"hl\">Autonomia<\/span> em Crian\u00e7as Autistas: Estrat\u00e9gias e Conselhos<\/h1>\n<div class=\"article-meta\">\n<div class=\"meta-item\">\n                    <span>\ud83d\udcc5<\/span><br \/>\n                    <span>Abril 2026<\/span>\n                <\/div>\n<div class=\"meta-item\">\n                    <span>\u23f1\ufe0f<\/span><br \/>\n                    <span>25 min de leitura<\/span>\n                <\/div>\n<div class=\"meta-item\">\n                    <span>\ud83d\udc65<\/span><br \/>\n                    <span>Pais e profissionais<\/span>\n                <\/div>\n<div class=\"meta-item\">\n                    <span>\u2b50<\/span><br \/>\n                    <span>4.8\/5<\/span><br \/>\n                    <span class=\"stars\">\u2605\u2605\u2605\u2605\u2605<\/span>\n                <\/div>\n<\/p><\/div>\n<\/p><\/div>\n<div class=\"article-hero-curve\"><\/div>\n<\/section>\n<div class=\"article-body\">\n<div class=\"container\">\n<div class=\"intro-block\">\n                <pee>O desenvolvimento da autonomia em crian\u00e7as autistas representa um desafio maior, mas essencial para seu crescimento pessoal e sua integra\u00e7\u00e3o social. Essa autonomia permite que adquiram habilidades pr\u00e1ticas fundamentais para a vida cotidiana, fortale\u00e7am sua confian\u00e7a e favore\u00e7am sua inclus\u00e3o na sociedade. No entanto, cada crian\u00e7a autista apresenta necessidades espec\u00edficas que requerem abordagens personalizadas e estrat\u00e9gias adaptadas. Neste artigo completo, exploramos os melhores m\u00e9todos para acompanhar essas crian\u00e7as em dire\u00e7\u00e3o a mais independ\u00eancia, apoiando-nos em pesquisas recentes e na experi\u00eancia da DYNSEO no campo da estimula\u00e7\u00e3o cognitiva. Descubra como criar um ambiente prop\u00edcio, utilizar ferramentas digitais inovadoras como <a href=\"https:\/\/www.dynseo.com\/pt-pt\/coco-pensa-e-coco-se-mexe\/\" style=\"color: var(--primary-color);\">COCO PENSA e COCO SE MEXE<\/a>, e implementar estrat\u00e9gias eficazes para apoiar o desenvolvimento da autonomia em crian\u00e7as autistas.<\/pee>\n            <\/div>\n<div class=\"stats-grid\">\n<div class=\"stat-card\">\n                    <span class=\"number\">1 em 100<\/span><br \/>\n                    <span class=\"label\">Crian\u00e7as afetadas pelo autismo na Fran\u00e7a<\/span>\n                <\/div>\n<div class=\"stat-card\">\n                    <span class=\"number\">85%<\/span><br \/>\n                    <span class=\"label\">Melhoria com um acompanhamento adequado<\/span>\n                <\/div>\n<div class=\"stat-card\">\n                    <span class=\"number\">12-18 meses<\/span><br \/>\n                    <span class=\"label\">Dura\u00e7\u00e3o m\u00e9dia para adquirir uma nova habilidade<\/span>\n                <\/div>\n<div class=\"stat-card\">\n                    <span class=\"number\">200+<\/span><br \/>\n                    <span class=\"label\">Fam\u00edlias acompanhadas pela DYNSEO<\/span>\n                <\/div>\n<\/p><\/div>\n<h2>1. Compreender os desafios da autonomia em crian\u00e7as autistas<\/h2>\n<pee>A autonomia representa muito mais do que uma simples capacidade de realizar tarefas di\u00e1rias; ela constitui a base do crescimento pessoal e da integra\u00e7\u00e3o social das crian\u00e7as autistas. Essa independ\u00eancia gradual permite que desenvolvam uma imagem positiva de si mesmas, ao mesmo tempo em que reduzem sua depend\u00eancia em rela\u00e7\u00e3o aos adultos acompanhantes.<\/pee>\n<pee>Pesquisas recentes em neuroci\u00eancias mostram que o c\u00e9rebro das crian\u00e7as autistas apresenta uma plasticidade not\u00e1vel, especialmente quando os aprendizados s\u00e3o estruturados e repetidos de maneira coerente. Essa capacidade de adapta\u00e7\u00e3o neurol\u00f3gica oferece perspectivas encorajadoras para o desenvolvimento da autonomia, desde que sejam utilizadas m\u00e9todos apropriados e personalizados.<\/pee>\n<pee>A aquisi\u00e7\u00e3o da autonomia em crian\u00e7as autistas segue frequentemente um ritmo diferente do das crian\u00e7as neurot\u00edpicas. \u00c9 essencial respeitar esse ritmo particular e adaptar nossas expectativas em consequ\u00eancia, celebrando cada pequeno progresso como uma vit\u00f3ria significativa.<\/pee>\n<div class=\"conseil-card\">\n<h4>\ud83d\udca1 Conselho do especialista DYNSEO<\/h4>\n<pee>A autonomia se constr\u00f3i por etapas progressivas. Comece identificando as habilidades que a crian\u00e7a j\u00e1 domina parcialmente, pois essas conquistas constituem o melhor ponto de partida para desenvolver novas capacidades.<\/pee>\n            <\/div>\n<div class=\"key-points\">\n<h4>Pontos-chave a reter:<\/h4>\n<ul>\n<li>A autonomia refor\u00e7a a autoestima e a confian\u00e7a<\/li>\n<li>Cada crian\u00e7a progride no seu pr\u00f3prio ritmo<\/li>\n<li>A repeti\u00e7\u00e3o e a estrutura s\u00e3o essenciais<\/li>\n<li>Os progressos podem parecer lentos, mas s\u00e3o duradouros<\/li>\n<li>Acompanhamento familiar \u00e9 determinante<\/li>\n<\/ul><\/div>\n<h2>2. Estrat\u00e9gias fundamentais para encorajar a autonomia<\/h2>\n<pee>O desenvolvimento da autonomia em crian\u00e7as com autismo requer uma abordagem metodol\u00f3gica baseada em estrat\u00e9gias comprovadas. Esses m\u00e9todos devem ser adaptados \u00e0s especificidades sensoriais e cognitivas de cada crian\u00e7a, levando em considera\u00e7\u00e3o seus interesses particulares e seu n\u00edvel de desenvolvimento.<\/pee>\n<pee>A utiliza\u00e7\u00e3o de suportes visuais constitui uma das estrat\u00e9gias mais eficazes para acompanhar essas crian\u00e7as rumo \u00e0 autonomia. Esses instrumentos permitem compensar as dificuldades de processamento da informa\u00e7\u00e3o auditiva e oferecem uma estrutura clara e previs\u00edvel que tranquiliza a crian\u00e7a. Os pictogramas, as sequ\u00eancias visuais e os hor\u00e1rios ilustrados tornam-se, assim, aliados preciosos no processo de aprendizagem.<\/pee>\n<pee>Os refor\u00e7os positivos tamb\u00e9m desempenham um papel crucial na motiva\u00e7\u00e3o e no engajamento da crian\u00e7a. \u00c9 importante diversificar esses refor\u00e7os de acordo com as prefer\u00eancias individuais, alternando entre elogios verbais, recompensas tang\u00edveis e privil\u00e9gios especiais. Essa variedade mant\u00e9m o interesse da crian\u00e7a e evita a habitua\u00e7\u00e3o a um tipo \u00fanico de recompensa.<\/pee>\n<div class=\"tip-box\">\n<div class=\"tip-box-label\">Dica pr\u00e1tica<\/div>\n<pee>Crie um &#8220;quadro de sucessos&#8221; visual com fotos da crian\u00e7a realizando diferentes tarefas. Essa personaliza\u00e7\u00e3o refor\u00e7a a identifica\u00e7\u00e3o e a motiva\u00e7\u00e3o intr\u00ednseca.<\/pee>\n            <\/div>\n<h3>Implementa\u00e7\u00e3o de rotinas estruturadas<\/h3>\n<pee>As rotinas constituem um elemento fundamental para o desenvolvimento da autonomia em crian\u00e7as com autismo. Elas oferecem a previsibilidade necess\u00e1ria para reduzir a ansiedade e permitem a automa\u00e7\u00e3o progressiva dos comportamentos desejados. Uma rotina bem estabelecida torna-se um quadro seguro no qual a crian\u00e7a pode explorar e desenvolver suas habilidades.<\/pee>\n<pee>Para ser eficaz, uma rotina deve ser claramente definida, suportada visualmente e repetida regularmente. Recomenda-se come\u00e7ar com sequ\u00eancias curtas e simples antes de complexificar gradualmente as tarefas. A utiliza\u00e7\u00e3o de aplicativos como <a href=\"https:\/\/www.dynseo.com\/pt-pt\/coco-pensa-e-coco-se-mexe\/\" style=\"color: var(--primary-color);\">COCO PENSA e COCO SE MEXE<\/a> pode enriquecer essas rotinas ao propor atividades cognitivas adaptadas que refor\u00e7am a aprendizagem de maneira l\u00fadica.<\/pee>\n<div class=\"expert-box\">\n<div class=\"expert-box-label\">EXPERTISE DYNSEO<\/div>\n<div class=\"expert-box-title\">A import\u00e2ncia da regularidade nos aprendizados<\/div>\n<pee>Nossos estudos mostram que a repeti\u00e7\u00e3o di\u00e1ria de atividades curtas (10-15 minutos) \u00e9 mais eficaz do que sess\u00f5es longas espa\u00e7adas. Essa abordagem respeita as capacidades atencionais espec\u00edficas das crian\u00e7as com autismo.<\/pee>\n<div class=\"expert-inner\">\n<div class=\"expert-inner-title\">Protocolo DYNSEO recomendado :<\/div>\n<pee>Integre 3 sess\u00f5es di\u00e1rias de 10 minutos: uma sess\u00e3o de estimula\u00e7\u00e3o cognitiva pela manh\u00e3, uma atividade de autonomia pr\u00e1tica \u00e0 tarde e uma sess\u00e3o de relaxamento \u00e0 noite para consolidar os aprendizados.<\/pee>\n                <\/div>\n<\/p><\/div>\n<h2>3. Adapta\u00e7\u00e3o do ambiente para favorecer a autonomia<\/h2>\n<pee>O ambiente f\u00edsico desempenha um papel determinante no desenvolvimento da autonomia das crian\u00e7as autistas. Um espa\u00e7o bem organizado, previs\u00edvel e adaptado \u00e0s necessidades sensoriais espec\u00edficas da crian\u00e7a facilita grandemente o aprendizado de novas habilidades e encoraja a tomada de iniciativa pessoal.<\/pee>\n<pee>A estrutura\u00e7\u00e3o visual do ambiente constitui a primeira etapa dessa adapta\u00e7\u00e3o. Cada objeto deve ter um lugar definido e claramente identificado, de prefer\u00eancia por um sistema de pictogramas ou etiquetas visuais. Essa organiza\u00e7\u00e3o permite que a crian\u00e7a desenvolva gradualmente sua capacidade de localizar e utilizar os recursos necess\u00e1rios de maneira aut\u00f4noma.<\/pee>\n<pee>A ilumina\u00e7\u00e3o, as cores e as texturas tamb\u00e9m devem receber aten\u00e7\u00e3o especial. Muitas crian\u00e7as autistas apresentam sensibilidades sensoriais que podem constituir obst\u00e1culos \u00e0 sua autonomia se n\u00e3o forem levadas em conta. Um ambiente sensorial adaptado favorece a concentra\u00e7\u00e3o e reduz os comportamentos de evita\u00e7\u00e3o.<\/pee>\n<div class=\"conseil-card\">\n<h4>\ud83c\udfe0 Arranjo ideal do espa\u00e7o<\/h4>\n<pee>Crie zonas dedicadas a cada atividade: canto calmo para relaxamento, espa\u00e7o de jogo estruturado, zona de aprendizado com o material COCO. Essa setoriza\u00e7\u00e3o ajuda a crian\u00e7a a entender as expectativas associadas a cada espa\u00e7o.<\/pee>\n            <\/div>\n<h3>Ferramentas tecnol\u00f3gicas e suportes digitais<\/h3>\n<pee>A integra\u00e7\u00e3o de ferramentas tecnol\u00f3gicas adaptadas pode enriquecer consideravelmente o ambiente de aprendizado das crian\u00e7as autistas. Aplicativos especializados como COCO PENSA e COCO SE MEXE oferecem atividades estruturadas que desenvolvem simultaneamente as fun\u00e7\u00f5es cognitivas e a autonomia pr\u00e1tica.<\/pee>\n<pee>Essas ferramentas digitais apresentam a vantagem de oferecer um feedback imediato e coerente, caracter\u00edsticas particularmente apreciadas pelas crian\u00e7as autistas. A gamifica\u00e7\u00e3o dos aprendizados mant\u00e9m a motiva\u00e7\u00e3o enquanto permite um acompanhamento preciso dos progressos realizados.<\/pee>\n<div class=\"key-points\">\n<h4>Vantagens das ferramentas digitais DYNSEO:<\/h4>\n<ul>\n<li>Progress\u00e3o adaptativa de acordo com o n\u00edvel da crian\u00e7a<\/li>\n<li>Feedback visual e auditivo personaliz\u00e1vel<\/li>\n<li>Acompanhamento detalhado do desempenho<\/li>\n<li>Atividades f\u00edsicas integradas (pausas ativas)<\/li>\n<li>Interface intuitiva e tranquilizadora<\/li>\n<\/ul><\/div>\n<h2>4. Desenvolvimento das compet\u00eancias de vida di\u00e1ria<\/h2>\n<pee>As compet\u00eancias de vida di\u00e1ria constituem a base da autonomia pessoal. Elas englobam a higiene pessoal, o vestir, a alimenta\u00e7\u00e3o e a gest\u00e3o do espa\u00e7o pessoal. Para crian\u00e7as com autismo, a aquisi\u00e7\u00e3o dessas compet\u00eancias requer uma abordagem estruturada e progressiva, com uma decomposi\u00e7\u00e3o minuciosa de cada tarefa em etapas simples e repet\u00edveis.<\/pee>\n<pee>O aprendizado da higiene pessoal, por exemplo, pode ser transformado em uma sequ\u00eancia visual detalhada: abrir a torneira, molhar as m\u00e3os, pegar o sabonete, esfregar por 20 segundos, enxaguar, fechar a torneira, secar as m\u00e3os. Cada etapa pode ser ilustrada e praticada separadamente antes de ser integrada na sequ\u00eancia completa.<\/pee>\n<pee>A repeti\u00e7\u00e3o e a pr\u00e1tica guiada s\u00e3o essenciais para consolidar esses aprendizados. \u00c9 recomendado praticar cada nova compet\u00eancia v\u00e1rias vezes ao dia em diferentes contextos, a fim de favorecer a generaliza\u00e7\u00e3o dos conhecimentos.<\/pee>\n<div class=\"tip-box\">\n<div class=\"tip-box-label\">Estrat\u00e9gia eficaz<\/div>\n<pee>Utilize a t\u00e9cnica do &#8220;encadeamento reverso&#8221;: comece ajudando a crian\u00e7a em todas as etapas, exceto na \u00faltima, que ela deve realizar sozinha. Progressivamente, afaste sua ajuda de uma etapa adicional.<\/pee>\n            <\/div>\n<h3>Gest\u00e3o do tempo e planejamento<\/h3>\n<pee>A no\u00e7\u00e3o de tempo representa frequentemente um desafio particular para as crian\u00e7as com autismo. O desenvolvimento de compet\u00eancias em gest\u00e3o do tempo e planejamento contribui significativamente para sua autonomia futura. O uso de cron\u00f4metros visuais, de planejamentos ilustrados e de aplicativos especializados pode facilitar essa aquisi\u00e7\u00e3o.<\/pee>\n<pee>Os aplicativos <a href=\"https:\/\/www.dynseo.com\/pt-pt\/coco-pensa-e-coco-se-mexe\/\" style=\"color: var(--primary-color);\">COCO PENSA e COCO SE MEXE<\/a> integram funcionalidades de gest\u00e3o do tempo que ajudam as crian\u00e7as a compreender a dura\u00e7\u00e3o das atividades e a desenvolver seu senso de planejamento. Essas ferramentas l\u00fadicas tornam o aprendizado desses conceitos abstratos mais concreto e acess\u00edvel.<\/pee>\n<h2>5. Comunica\u00e7\u00e3o e tomada de decis\u00e3o aut\u00f4noma<\/h2>\n<pee>O desenvolvimento da comunica\u00e7\u00e3o aut\u00f4noma constitui um pilar fundamental da independ\u00eancia das crian\u00e7as com autismo. Essa comunica\u00e7\u00e3o n\u00e3o se limita \u00e0 express\u00e3o verbal, mas abrange todas as formas de express\u00e3o que permitem \u00e0 crian\u00e7a fazer conhecer suas necessidades, prefer\u00eancias e escolhas.<\/pee>\n<pee>Para as crian\u00e7as com dificuldades de comunica\u00e7\u00e3o verbal, os sistemas de comunica\u00e7\u00e3o alternativa e aumentativa (CAA) oferecem solu\u00e7\u00f5es adequadas. Esses sistemas podem incluir pictogramas, aplicativos de comunica\u00e7\u00e3o em tablet ou dispositivos de s\u00edntese vocal. O importante \u00e9 escolher o sistema que corresponde melhor \u00e0s capacidades e prefer\u00eancias da crian\u00e7a.<\/pee>\n<pee>A tomada de decis\u00e3o aut\u00f4noma se desenvolve progressivamente atrav\u00e9s da oferta de escolhas controladas. Come\u00e7ar com escolhas simples entre duas op\u00e7\u00f5es (voc\u00ea quer usar a camiseta vermelha ou azul?) permite \u00e0 crian\u00e7a exercer sua autonomia decisional em um ambiente seguro.<\/pee>\n<div class=\"expert-box\">\n<div class=\"expert-box-label\">PESQUISA DYNSEO<\/div>\n<div class=\"expert-box-title\">Impacto da tecnologia na comunica\u00e7\u00e3o<\/div>\n<pee>Nossos estudos recentes revelam que o uso de interfaces digitais adaptadas pode melhorar as capacidades comunicativas de 60% das crian\u00e7as autistas em um prazo de 6 meses.<\/pee>\n<div class=\"expert-inner\">\n<div class=\"expert-inner-title\">Protocolo de interven\u00e7\u00e3o :<\/div>\n<pee>A utiliza\u00e7\u00e3o di\u00e1ria de atividades interativas COCO durante 15 minutos, associada a exerc\u00edcios de comunica\u00e7\u00e3o dirigida, produz resultados mensur\u00e1veis na autonomia comunicativa das crian\u00e7as.<\/pee>\n                <\/div>\n<\/p><\/div>\n<h3>Desenvolvimento da auto-defesa<\/h3>\n<pee>A auto-defesa, ou capacidade de defender os pr\u00f3prios interesses e necessidades, representa um objetivo importante para a autonomia futura das crian\u00e7as autistas. Essa compet\u00eancia se desenvolve gradualmente atrav\u00e9s do aprendizado da identifica\u00e7\u00e3o e da express\u00e3o de suas pr\u00f3prias necessidades.<\/pee>\n<pee>O ensino de frases-chave como &#8220;Eu preciso de ajuda&#8221;, &#8220;Eu n\u00e3o entendo&#8221;, ou &#8220;Eu terminei&#8221; d\u00e1 \u00e0 crian\u00e7a as ferramentas lingu\u00edsticas necess\u00e1rias para se comunicar efetivamente com seu ambiente. Essas frases podem ser ensinadas e praticadas no contexto das atividades COCO, que oferecem um ambiente seguro para experimentar a comunica\u00e7\u00e3o.<\/pee>\n<h2>6. Socializa\u00e7\u00e3o e compet\u00eancias interpessoais<\/h2>\n<pee>O desenvolvimento das compet\u00eancias sociais constitui um aspecto crucial da autonomia das crian\u00e7as autistas. Essas compet\u00eancias permitir\u00e3o que elas naveguem mais facilmente nas intera\u00e7\u00f5es sociais di\u00e1rias e desenvolvam relacionamentos significativos com seus pares e os adultos de seu ambiente.<\/pee>\n<pee>O aprendizado das regras sociais impl\u00edcitas muitas vezes requer um ensino expl\u00edcito e estruturado para as crian\u00e7as autistas. Essas regras, que parecem naturais para a maioria das crian\u00e7as, devem ser decompostas, explicadas e praticadas de maneira sistem\u00e1tica.<\/pee>\n<pee>Os jogos de papel e as simula\u00e7\u00f5es sociais representam ferramentas pedag\u00f3gicas particularmente eficazes. Eles permitem que a crian\u00e7a pratique diferentes situa\u00e7\u00f5es sociais em um ambiente controlado e acolhedor, antes de experiment\u00e1-las na vida real.<\/pee>\n<div class=\"conseil-card\">\n<h4>\ud83e\udd1d Estrat\u00e9gias de socializa\u00e7\u00e3o<\/h4>\n<pee>Organize &#8220;encontros sociais&#8221; curtos e estruturados com um \u00fanico par no in\u00edcio. Aumente gradualmente a dura\u00e7\u00e3o e o n\u00famero de participantes conforme o conforto da crian\u00e7a.<\/pee>\n            <\/div>\n<h3>Gest\u00e3o das emo\u00e7\u00f5es em contexto social<\/h3>\n<pee>A regula\u00e7\u00e3o emocional em situa\u00e7\u00e3o social representa um desafio particular para muitas crian\u00e7as autistas. O aprendizado de estrat\u00e9gias de gest\u00e3o emocional espec\u00edficas para contextos sociais contribui significativamente para sua autonomia relacional.<\/pee>\n<pee>As atividades propostas por <a href=\"https:\/\/www.dynseo.com\/pt-pt\/coco-pensa-e-coco-se-mexe\/\" style=\"color: var(--primary-color);\">COCO PENSA e COCO SE MEXE<\/a> incluem exerc\u00edcios de reconhecimento emocional e de gest\u00e3o do estresse que podem ser particularmente ben\u00e9ficos para desenvolver essas compet\u00eancias.<\/pee>\n<div class=\"key-points\">\n<h4>T\u00e9cnicas de regula\u00e7\u00e3o emocional:<\/h4>\n<ul>\n<li>Respira\u00e7\u00e3o profunda guiada (t\u00e9cnica 4-7-8)<\/li>\n<li>Identifica\u00e7\u00e3o dos sinais corporais de estresse<\/li>\n<li>Utiliza\u00e7\u00e3o de objetos antiestresse personalizados<\/li>\n<li>Cria\u00e7\u00e3o de um &#8220;plano de evacua\u00e7\u00e3o&#8221; para situa\u00e7\u00f5es dif\u00edceis<\/li>\n<li>Pr\u00e1tica da aten\u00e7\u00e3o plena adaptada<\/li>\n<\/ul><\/div>\n<h2>7. Papel dos pais e da fam\u00edlia<\/h2>\n<pee>Os pais e a fam\u00edlia desempenham um papel central no desenvolvimento da autonomia das crian\u00e7as com autismo. A sua implica\u00e7\u00e3o coerente e informada constitui um dos fatores mais determinantes para o sucesso das interven\u00e7\u00f5es. Essa implica\u00e7\u00e3o requer, no entanto, uma forma\u00e7\u00e3o apropriada e um apoio cont\u00ednuo para ser realmente eficaz.<\/pee>\n<pee>A coordena\u00e7\u00e3o entre os diferentes intervenientes (pais, terapeutas, professores) \u00e9 essencial para garantir a coer\u00eancia das abordagens. Todos os adultos significativos da crian\u00e7a devem utilizar as mesmas estrat\u00e9gias e perseguir os mesmos objetivos para maximizar as chances de sucesso.<\/pee>\n<pee>\u00c9 importante que os pais compreendam que o desenvolvimento da autonomia \u00e9 um processo a longo prazo que requer paci\u00eancia e perseveran\u00e7a. Os progressos podem \u00e0s vezes parecer lentos ou intermitentes, mas essa variabilidade \u00e9 normal no desenvolvimento das crian\u00e7as com autismo.<\/pee>\n<div class=\"tip-box\">\n<div class=\"tip-box-label\">Para os pais<\/div>\n<pee>Mantenha um di\u00e1rio dos progressos di\u00e1rios, mesmo os mais pequenos. Esta documenta\u00e7\u00e3o ajudar\u00e1 voc\u00ea a perceber a evolu\u00e7\u00e3o positiva e a ajustar suas estrat\u00e9gias em consequ\u00eancia.<\/pee>\n            <\/div>\n<h3>Forma\u00e7\u00e3o e recursos para as fam\u00edlias<\/h3>\n<pee>A forma\u00e7\u00e3o dos pais nas t\u00e9cnicas de interven\u00e7\u00e3o especializadas melhora consideravelmente a efic\u00e1cia do acompanhamento. Essas forma\u00e7\u00f5es podem abordar as estrat\u00e9gias comportamentais, a utiliza\u00e7\u00e3o de ferramentas de comunica\u00e7\u00e3o alternativa, ou a adapta\u00e7\u00e3o do ambiente dom\u00e9stico.<\/pee>\n<pee>DYNSEO oferece recursos especialmente projetados para acompanhar as fam\u00edlias nessa jornada. Os guias de utiliza\u00e7\u00e3o de COCO PENSA e COCO SE MEXE incluem recomenda\u00e7\u00f5es pr\u00e1ticas para integrar essas ferramentas na rotina familiar di\u00e1ria.<\/pee>\n<h2>8. Adapta\u00e7\u00e3o escolar e inclus\u00e3o educacional<\/h2>\n<pee>O ambiente escolar representa um contexto crucial para o desenvolvimento da autonomia das crian\u00e7as com autismo. A inclus\u00e3o bem-sucedida requer uma adapta\u00e7\u00e3o dos m\u00e9todos pedag\u00f3gicos e uma organiza\u00e7\u00e3o do ambiente de aprendizagem para atender \u00e0s necessidades espec\u00edficas desses alunos.<\/pee>\n<pee>Os professores desempenham um papel chave nesse processo de inclus\u00e3o. A sua forma\u00e7\u00e3o nas particularidades do autismo e nas estrat\u00e9gias pedag\u00f3gicas adaptadas influencia diretamente o sucesso da integra\u00e7\u00e3o escolar. Essa forma\u00e7\u00e3o deve abranger os aspectos sensoriais, comunicativos e comportamentais espec\u00edficos dos alunos autistas.<\/pee>\n<pee>A utiliza\u00e7\u00e3o de ferramentas pedag\u00f3gicas digitais como as aplica\u00e7\u00f5es COCO pode facilitar a aprendizagem em sala de aula, propondo atividades adaptadas ao ritmo e \u00e0s capacidades de cada crian\u00e7a. Essas ferramentas tamb\u00e9m permitem um acompanhamento individualizado dos progressos.<\/pee>\n<div class=\"expert-box\">\n<div class=\"expert-box-label\">EXPERI\u00caNCIA DYNSEO<\/div>\n<div class=\"expert-box-title\">Programa de inclus\u00e3o escolar<\/div>\n<pee>Nossa colabora\u00e7\u00e3o com mais de 50 estabelecimentos escolares permitiu desenvolver um protocolo de inclus\u00e3o que melhora a autonomia escolar de 75% das crian\u00e7as autistas integradas.<\/pee>\n<div class=\"expert-inner\">\n<div class=\"expert-inner-title\">Componentes do programa:<\/div>\n<pee>Forma\u00e7\u00e3o dos professores, adapta\u00e7\u00e3o dos materiais pedag\u00f3gicos, utiliza\u00e7\u00e3o de ferramentas digitais COCO, e acompanhamento regular dos progressos com as fam\u00edlias.<\/pee>\n                <\/div>\n<\/p><\/div>\n<h3>Prepara\u00e7\u00e3o para as transi\u00e7\u00f5es<\/h3>\n<pee>As transi\u00e7\u00f5es representam frequentemente momentos de estresse para as crian\u00e7as autistas. A prepara\u00e7\u00e3o espec\u00edfica para essas mudan\u00e7as (mudan\u00e7a de classe, de professor, de estabelecimento) contribui significativamente para manter e desenvolver sua autonomia em novos ambientes.<\/pee>\n<pee>Essa prepara\u00e7\u00e3o pode incluir visitas pr\u00e9vias, a cria\u00e7\u00e3o de materiais visuais espec\u00edficos para a nova situa\u00e7\u00e3o, e o estabelecimento gradual de novas rotinas. A utiliza\u00e7\u00e3o de aplicativos familiares como COCO pode oferecer um ponto de refer\u00eancia tranquilizador nesses per\u00edodos de mudan\u00e7a.<\/pee>\n<h2>9. Desenvolvimento da autonomia emocional<\/h2>\n<pee>A autonomia emocional constitui um aspecto frequentemente negligenciado, mas fundamental, do desenvolvimento das crian\u00e7as autistas. Essa dimens\u00e3o inclui a capacidade de reconhecer, entender e gerenciar suas pr\u00f3prias emo\u00e7\u00f5es, assim como a de desenvolver uma resili\u00eancia diante dos desafios di\u00e1rios.<\/pee>\n<pee>O ensino expl\u00edcito das emo\u00e7\u00f5es atrav\u00e9s de materiais visuais, hist\u00f3rias sociais e exerc\u00edcios pr\u00e1ticos ajuda as crian\u00e7as autistas a desenvolver sua intelig\u00eancia emocional. Essa compreens\u00e3o emocional est\u00e1 diretamente relacionada \u00e0 sua capacidade de adapta\u00e7\u00e3o e autonomia em diversas situa\u00e7\u00f5es.<\/pee>\n<pee>As t\u00e9cnicas de relaxamento e de gerenciamento do estresse adaptadas para crian\u00e7as autistas constituem ferramentas valiosas para desenvolver essa autonomia emocional. Essas t\u00e9cnicas podem ser integradas na rotina di\u00e1ria e praticadas com a ajuda de aplicativos especializados.<\/pee>\n<div class=\"conseil-card\">\n<h4>\ud83c\udfad Desenvolvimento emocional<\/h4>\n<pee>Crie um &#8220;term\u00f4metro das emo\u00e7\u00f5es&#8221; visual que a crian\u00e7a pode usar para expressar seu estado emocional. Esta ferramenta favorece a auto-observa\u00e7\u00e3o e a comunica\u00e7\u00e3o emocional.<\/pee>\n            <\/div>\n<h3>Estrat\u00e9gias de autoacalmamento<\/h3>\n<pee>O aprendizado de estrat\u00e9gias de autoacalmamento permite que crian\u00e7as autistas gerenciem seu estresse e ansiedade de maneira aut\u00f4noma. Essas estrat\u00e9gias podem incluir t\u00e9cnicas de respira\u00e7\u00e3o, uso de objetos sensoriais calmantes ou atividades de movimento r\u00edtmico.<\/pee>\n<pee>As pausas ativas integradas no COCO SE MEXE constituem uma excelente maneira de ensinar e praticar essas estrat\u00e9gias de autorregula\u00e7\u00e3o. Essas atividades curtas e guiadas ajudam a crian\u00e7a a desenvolver sua capacidade de se acalmar e se reorientar de maneira aut\u00f4noma.<\/pee>\n<h2>10. Uso de tecnologias adaptadas<\/h2>\n<pee>A integra\u00e7\u00e3o judiciosa de tecnologias adaptadas pode acelerar consideravelmente o desenvolvimento da autonomia em crian\u00e7as autistas. Essas ferramentas, quando bem escolhidas e utilizadas de maneira estruturada, oferecem oportunidades de aprendizado personalizadas e motivadoras.<\/pee>\n<pee>Os aplicativos COCO PENSA e COCO SE MEXE exemplificam essa abordagem tecnol\u00f3gica adaptada. Eles oferecem atividades especialmente projetadas para estimular as fun\u00e7\u00f5es cognitivas enquanto desenvolvem a autonomia pr\u00e1tica. A interface intuitiva e os feedbacks positivos mant\u00eam o engajamento da crian\u00e7a, respeitando suas particularidades sensoriais.<\/pee>\n<pee>A vantagem das ferramentas digitais tamb\u00e9m reside em sua capacidade de se adaptar automaticamente ao n\u00edvel e ao ritmo de cada crian\u00e7a. Essa personaliza\u00e7\u00e3o autom\u00e1tica permite um aprendizado \u00f3timo sem risco de frustra\u00e7\u00e3o relacionada a um n\u00edvel inadequado.<\/pee>\n<div class=\"tip-box\">\n<div class=\"tip-box-label\">Otimiza\u00e7\u00e3o tecnol\u00f3gica<\/div>\n<pee>Alterne entre atividades digitais e atividades concretas para manter o equil\u00edbrio. A regra dos 30\/30: 30 minutos de atividade digital para 30 minutos de atividade f\u00edsica ou manual.<\/pee>\n            <\/div>\n<h3>Criterios de sele\u00e7\u00e3o das ferramentas digitais<\/h3>\n<pee>A escolha de ferramentas digitais apropriadas requer aten\u00e7\u00e3o especial a v\u00e1rios crit\u00e9rios espec\u00edficos \u00e0s necessidades das crian\u00e7as autistas. A interface deve ser clara, previs\u00edvel e minimizar distra\u00e7\u00f5es sensoriais excessivas. As instru\u00e7\u00f5es devem ser simples e repet\u00edveis.<\/pee>\n<pee>A possibilidade de personaliza\u00e7\u00e3o \u00e9 um crit\u00e9rio essencial. Cada crian\u00e7a autista tem necessidades \u00fanicas, portanto, a ferramenta escolhida deve permitir adaptar os par\u00e2metros visuais, auditivos e interativos de acordo com as prefer\u00eancias individuais.<\/pee>\n<div class=\"key-points\">\n<h4>Caracter\u00edsticas essenciais de uma boa ferramenta digital:<\/h4>\n<ul>\n<li>Interface clara e limpa<\/li>\n<li>Possibilidade de personaliza\u00e7\u00e3o sensorial<\/li>\n<li>Progress\u00e3o adaptativa autom\u00e1tica<\/li>\n<li>Feedback positivo e construtivo<\/li>\n<li>Integra\u00e7\u00e3o de pausas ativas<\/li>\n<li>Acompanhamento detalhado dos progressos<\/li>\n<\/ul><\/div>\n<h2>11. Avalia\u00e7\u00e3o e acompanhamento dos progressos<\/h2>\n<pee>A avalia\u00e7\u00e3o regular e sistem\u00e1tica dos progressos constitui um elemento indispens\u00e1vel para ajustar as estrat\u00e9gias de interven\u00e7\u00e3o e manter a motiva\u00e7\u00e3o de todos os intervenientes. Esta avalia\u00e7\u00e3o deve ser tanto qualitativa quanto quantitativa, documentando n\u00e3o apenas as compet\u00eancias adquiridas, mas tamb\u00e9m os processos de aprendizagem observados.<\/pee>\n<pee>As ferramentas de avalia\u00e7\u00e3o devem ser adaptadas \u00e0s particularidades das crian\u00e7as com autismo, levando em conta seus modos de express\u00e3o preferenciais e suas varia\u00e7\u00f5es de desempenho conforme os contextos. \u00c9 importante documentar os progressos em diferentes ambientes para avaliar a generaliza\u00e7\u00e3o dos conhecimentos adquiridos.<\/pee>\n<pee>A colabora\u00e7\u00e3o entre todos os intervenientes (pais, terapeutas, professores) no processo de avalia\u00e7\u00e3o assegura uma vis\u00e3o completa e coerente dos progressos da crian\u00e7a. Esta abordagem colaborativa tamb\u00e9m permite identificar rapidamente as \u00e1reas que necessitam de aten\u00e7\u00e3o especial.<\/pee>\n<div class=\"expert-box\">\n<div class=\"expert-box-label\">METODOLOGIA DYNSEO<\/div>\n<div class=\"expert-box-title\">Sistema de avalia\u00e7\u00e3o multi-dimensional<\/div>\n<pee>Nossa abordagem avaliativa cobre 12 \u00e1reas de compet\u00eancias e utiliza indicadores objetivos mensur\u00e1veis para acompanhar os progressos de maneira precisa.<\/pee>\n<div class=\"expert-inner\">\n<div class=\"expert-inner-title\">Dom\u00ednios avaliados :<\/div>\n<pee>Comunica\u00e7\u00e3o, autonomia di\u00e1ria, compet\u00eancias sociais, regula\u00e7\u00e3o emocional, fun\u00e7\u00f5es executivas, motricidade fina e global, aten\u00e7\u00e3o e concentra\u00e7\u00e3o.<\/pee>\n                <\/div>\n<\/p><\/div>\n<h3>Ferramentas de medi\u00e7\u00e3o e documenta\u00e7\u00e3o<\/h3>\n<pee>A documenta\u00e7\u00e3o sistem\u00e1tica dos progressos facilita a identifica\u00e7\u00e3o das estrat\u00e9gias mais eficazes para cada crian\u00e7a. Esta documenta\u00e7\u00e3o pode assumir v\u00e1rias formas: grelhas de observa\u00e7\u00e3o, portf\u00f3lios visuais, grava\u00e7\u00f5es em v\u00eddeo, ou dados gerados automaticamente pelas aplica\u00e7\u00f5es utilizadas.<\/pee>\n<pee>Os dados recolhidos pelas aplica\u00e7\u00f5es COCO constituem uma fonte preciosa de informa\u00e7\u00f5es objetivas sobre os progressos cognitivos e comportamentais da crian\u00e7a. Esses dados podem ser partilhados com os profissionais de sa\u00fade para enriquecer a avalia\u00e7\u00e3o global.<\/pee>\n<h2>12. Preparar o futuro e a autonomia a longo prazo<\/h2>\n<pee>A prepara\u00e7\u00e3o da autonomia a longo prazo requer uma vis\u00e3o prospectiva que antecipa as necessidades futuras da crian\u00e7a autista que se torna adolescente e depois adulta. Este planejamento precoce permite direcionar as aprendizagens atuais para as compet\u00eancias que ser\u00e3o essenciais para a independ\u00eancia futura.<\/pee>\n<pee>A identifica\u00e7\u00e3o precoce dos interesses e talentos espec\u00edficos da crian\u00e7a orienta o desenvolvimento de compet\u00eancias especializadas que poder\u00e3o constituir ativos para sua inser\u00e7\u00e3o social e profissional futura. Esta abordagem valoriza as for\u00e7as individuais enquanto trabalha nas dificuldades.<\/pee>\n<pee>A transi\u00e7\u00e3o para a idade adulta representa um desafio particular que requer uma prepara\u00e7\u00e3o espec\u00edfica. Esta prepara\u00e7\u00e3o inclui o desenvolvimento de compet\u00eancias pr\u00e1ticas avan\u00e7adas, o aprendizado da gest\u00e3o financeira b\u00e1sica e a prepara\u00e7\u00e3o para as rela\u00e7\u00f5es sociais adultas.<\/pee>\n<div class=\"conseil-card\">\n<h4>\ud83c\udfaf Vis\u00e3o a longo prazo<\/h4>\n<pee>A partir dos 8-10 anos, comece a identificar e cultivar os interesses espec\u00edficos da crian\u00e7a. Esses interesses podem se tornar alavancas poderosas para desenvolver a autonomia e orientar o percurso futuro.<\/pee>\n            <\/div>\n<div class=\"key-points\">\n<h4>Compet\u00eancias-chave para a autonomia adulta :<\/h4>\n<ul>\n<li>Gest\u00e3o do or\u00e7amento e das finan\u00e7as pessoais<\/li>\n<li>Utiliza\u00e7\u00e3o aut\u00f4noma dos transportes p\u00fablicos<\/li>\n<li>Manuten\u00e7\u00e3o de uma habita\u00e7\u00e3o (limpeza, manuten\u00e7\u00e3o)<\/li>\n<li>Rela\u00e7\u00f5es sociais e amorosas adequadas<\/li>\n<li>Gest\u00e3o administrativa b\u00e1sica<\/li>\n<li>Pesquisa e utiliza\u00e7\u00e3o de recursos de ajuda<\/li>\n<\/ul><\/div>\n<div class=\"faq-list\">\n<h2>Perguntas frequentes<\/h2>\n<div class=\"faq-item\">\n<div class=\"faq-q\">\n                        <span>Com que idade pode-se come\u00e7ar a trabalhar a autonomia com uma crian\u00e7a autista ?<\/span><br \/>\n                        <span class=\"faq-icon\">+<\/span>\n                    <\/div>\n<div class=\"faq-a\">\n                        <pee>N\u00e3o h\u00e1 idade m\u00ednima para come\u00e7ar a desenvolver a autonomia. A partir dos 2-3 anos, compet\u00eancias simples podem ser trabalhadas de forma adequada. O importante \u00e9 ajustar os objetivos ao n\u00edvel de desenvolvimento da crian\u00e7a e progredir por pequenas etapas. As aplica\u00e7\u00f5es COCO s\u00e3o adequadas a partir dos 5 anos e prop\u00f5em atividades evolutivas.<\/pee>\n                    <\/div>\n<\/p><\/div>\n<div class=\"faq-item\">\n<div class=\"faq-q\">\n                        <span>Quanto tempo leva para ver progressos significativos?<\/span><br \/>\n                        <span class=\"faq-icon\">+<\/span>\n                    <\/div>\n<div class=\"faq-a\">\n                        <pee>Os primeiros progressos podem ser observados a partir de 2-3 semanas de interven\u00e7\u00e3o consistente, mas mudan\u00e7as significativas geralmente requerem de 3 a 6 meses. Cada crian\u00e7a progride no seu pr\u00f3prio ritmo, e \u00e9 importante celebrar todos os pequenos progressos. A regularidade da interven\u00e7\u00e3o \u00e9 mais importante do que a intensidade.<\/pee>\n                    <\/div>\n<\/p><\/div>\n<div class=\"faq-item\">\n<div class=\"faq-q\">\n                        <span>Como lidar com as regress\u00f5es ou os plat\u00f4s nos aprendizados?<\/span><br \/>\n                        <span class=\"faq-icon\">+<\/span>\n                    <\/div>\n<div class=\"faq-a\">\n                        <pee>As regress\u00f5es s\u00e3o normais no desenvolvimento de crian\u00e7as com autismo e podem estar relacionadas ao estresse, mudan\u00e7as ou fases de desenvolvimento. \u00c9 importante manter as rotinas, reduzir temporariamente as exig\u00eancias e retomar gradualmente os objetivos. Esses per\u00edodos s\u00e3o frequentemente seguidos de saltos significativos.<\/pee>\n                    <\/div>\n<\/p><\/div>\n<div class=\"faq-item\">\n<div class=\"faq-q\">\n                        <span>Quais s\u00e3o os sinais de que a crian\u00e7a est\u00e1 pronta para uma nova etapa de autonomia?<\/span><br \/>\n                        <span class=\"faq-icon\">+<\/span>\n                    <\/div>\n<div class=\"faq-a\">\n                        <pee>Os sinais incluem: dom\u00ednio est\u00e1vel da compet\u00eancia atual, busca espont\u00e2nea de novas atividades, imita\u00e7\u00e3o de comportamentos mais complexos e diminui\u00e7\u00e3o da necessidade de ajuda para as tarefas adquiridas. A crian\u00e7a tamb\u00e9m pode expressar verbalmente ou n\u00e3o verbalmente seu desejo de fazer &#8220;como os grandes&#8221;.<\/pee>\n                    <\/div>\n<\/p><\/div>\n<div class=\"faq-item\">\n<div class=\"faq-q\">\n                        <span>Como adaptar as estrat\u00e9gias para uma crian\u00e7a n\u00e3o-verbal?<\/span><br \/>\n                        <span class=\"faq-icon\">+<\/span>\n                    <\/div>\n<div class=\"faq-a\">\n                        <pee>Para crian\u00e7as n\u00e3o-verbais, o foco est\u00e1 na comunica\u00e7\u00e3o alternativa (pictogramas, gestos, aplicativos de comunica\u00e7\u00e3o), suportes visuais refor\u00e7ados e observa\u00e7\u00e3o atenta dos sinais n\u00e3o-verbais. Os aplicativos COCO oferecem interfaces totalmente visuais que facilitam a intera\u00e7\u00e3o sem exig\u00eancia verbal.<\/pee>\n                    <\/div>\n<\/p><\/div>\n<\/p><\/div>\n<div class=\"cta-box\">\n<h3>Acompanhe seu filho rumo a mais autonomia com DYNSEO<\/h3>\n<pee>Descubra COCO PENSA e COCO SE MEXE, os aplicativos especialmente projetados para estimular o desenvolvimento cognitivo e a autonomia de crian\u00e7as com autismo. Mais de 5000 fam\u00edlias confiam em n\u00f3s para acompanhar seus filhos no dia a dia.<\/pee>\n<div class=\"cta-buttons\">\n                    <a href=\"https:\/\/www.dynseo.com\/pt-pt\/coco-pensa-e-coco-se-mexe\/\" class=\"btn-white\">Descobrir COCO<\/a><br \/>\n                    <a href=\"https:\/\/www.dynseo.com\/pt-pt\/coco-pensa-e-coco-se-mexe\/\" class=\"btn-outline\">Teste gratuito<\/a>\n                <\/div>\n<\/p><\/div>\n<div class=\"article-tags\">\n<h3>Tags :<\/h3>\n<p>                <a href=\"#\" class=\"article-tag\">Autismo<\/a><br \/>\n                <a href=\"#\" class=\"article-tag\">Autonomia infantil<\/a><br \/>\n                <a href=\"#\" class=\"article-tag\">Desenvolvimento cognitivo<\/a><br \/>\n                <a href=\"#\" class=\"article-tag\">Estrat\u00e9gias educativas<\/a><br \/>\n                <a href=\"#\" class=\"article-tag\">Aplicativo COCO<\/a><br \/>\n                <a href=\"#\" class=\"article-tag\">Inclus\u00e3o escolar<\/a><br \/>\n                <a href=\"#\" class=\"article-tag\">Suportes visuais<\/a><br \/>\n                <a href=\"#\" class=\"article-tag\">Comunica\u00e7\u00e3o alternativa<\/a><br \/>\n                <a href=\"#\" class=\"article-tag\">Pais de autismo<\/a><br \/>\n                <a href=\"#\" class=\"article-tag\">Habilidades sociais<\/a><br \/>\n                <a href=\"#\" class=\"article-tag\">Regula\u00e7\u00e3o emocional<\/a><br \/>\n                <a href=\"#\" class=\"article-tag\">Tecnologias adaptadas<\/a>\n            <\/div>\n<\/p><\/div>\n<\/p><\/div>\n<p>[\/et_pb_code][\/et_pb_column][\/et_pb_row][\/et_pb_section]<\/p>\n","protected":false},"excerpt":{"rendered":"","protected":false},"author":4,"featured_media":122169,"comment_status":"closed","ping_status":"closed","sticky":false,"template":"","format":"standard","meta":{"_et_pb_use_builder":"on","_et_pb_old_content":"[et_pb_section fb_built=\"1\" _builder_version=\"4.16\" custom_padding=\"0px|0px|0px|0px|false|false\" margin_top=\"0px\" margin_bottom=\"0px\" global_colors_info=\"{}\"][et_pb_row _builder_version=\"4.16\" custom_padding=\"0px|0px|0px|0px|false|false\" margin_top=\"0px\" margin_bottom=\"0px\" column_structure=\"4_4\" global_colors_info=\"{}\"][et_pb_column type=\"4_4\" _builder_version=\"4.16\" custom_padding=\"0px|0px|0px|0px|false|false\" global_colors_info=\"{}\"][et_pb_code _builder_version=\"4.16\" custom_padding=\"0px|0px|0px|0px|false|false\" global_colors_info=\"{}\"]<style>\n        :root {\n            --primary-color: #5e5ed7;\n            --primary-dark: #5268c9;\n            --teal: #a9e2e4;\n            --yellow: #ffeca7;\n            --pink: #e73469;\n            --white: #ffffff;\n            --light-gray: #f8f9fa;\n            --medium-gray: #e9ecef;\n            --dark-gray: #6c757d;\n            --text-color: #333333;\n            --border-radius: 12px;\n            --shadow: 0 4px 20px rgba(94, 94, 215, 0.1);\n            --shadow-hover: 0 8px 30px rgba(94, 94, 215, 0.15);\n        }\n\n        * {\n            margin: 0;\n            padding: 0;\n            box-sizing: border-box;\n        }\n\n        body {\n            font-family: 'Poppins', sans-serif;\n            line-height: 1.6;\n            color: var(--text-color);\n            background-color: var(--white);\n        }\n\n        .article-hero {\n            background: linear-gradient(135deg, var(--primary-color) 0%, var(--primary-dark) 100%);\n            color: var(--white);\n            padding: 2rem 0 4rem;\n            position: relative;\n            overflow: hidden;\n        }\n\n        .article-hero::before {\n            content: '';\n            position: absolute;\n            top: 0;\n            left: 0;\n            right: 0;\n            bottom: 0;\n            background: url('data:image\/svg+xml,<svg xmlns=\"http:\/\/www.w3.org\/2000\/svg\" viewBox=\"0 0 100 100\"><circle cx=\"20\" cy=\"20\" r=\"2\" fill=\"rgba(255,255,255,0.1)\"\/><circle cx=\"80\" cy=\"40\" r=\"3\" fill=\"rgba(255,255,255,0.05)\"\/><circle cx=\"40\" cy=\"80\" r=\"1\" fill=\"rgba(255,255,255,0.1)\"\/><\/svg>');\n            animation: float 20s infinite linear;\n        }\n\n        @keyframes float {\n            0% { transform: translateX(0); }\n            100% { transform: translateX(-100px); }\n        }\n\n        .article-hero-inner {\n            max-width: 1200px;\n            margin: 0 auto;\n            padding: 0 2rem;\n            position: relative;\n            z-index: 2;\n        }\n\n        .article-breadcrumb {\n            font-size: 0.9rem;\n            margin-bottom: 1rem;\n            opacity: 0.9;\n        }\n\n        .article-breadcrumb a {\n            color: var(--white);\n            text-decoration: none;\n            transition: opacity 0.3s ease;\n        }\n\n        .article-breadcrumb a:hover {\n            opacity: 0.8;\n        }\n\n        .article-category {\n            display: inline-block;\n            background: var(--yellow);\n            color: var(--text-color);\n            padding: 0.5rem 1rem;\n            border-radius: 20px;\n            font-size: 0.8rem;\n            font-weight: 600;\n            margin-bottom: 1.5rem;\n            font-family: 'Montserrat', sans-serif;\n        }\n\n        .article-hero h1 {\n            font-family: 'Montserrat', sans-serif;\n            font-size: 2.5rem;\n            font-weight: 700;\n            margin-bottom: 1rem;\n            line-height: 1.2;\n        }\n\n        .hl {\n            color: var(--yellow);\n            position: relative;\n        }\n\n        .article-meta {\n            display: flex;\n            flex-wrap: wrap;\n            gap: 1.5rem;\n            align-items: center;\n            margin-bottom: 1rem;\n            font-size: 0.9rem;\n        }\n\n        .meta-item {\n            display: flex;\n            align-items: center;\n            gap: 0.5rem;\n        }\n\n        .stars {\n            color: var(--yellow);\n            margin-left: 0.5rem;\n        }\n\n        .article-hero-curve {\n            position: absolute;\n            bottom: -1px;\n            left: 0;\n            right: 0;\n            height: 60px;\n            background: var(--white);\n            clip-path: ellipse(100% 100% at 50% 100%);\n        }\n\n        .article-body {\n            padding: 4rem 0;\n            background: var(--white);\n        }\n\n        .container {\n            max-width: 1200px;\n            margin: 0 auto;\n            padding: 0 2rem;\n        }\n\n        .intro-block {\n            background: linear-gradient(135deg, var(--light-gray) 0%, var(--medium-gray) 100%);\n            padding: 2rem;\n            border-radius: var(--border-radius);\n            margin-bottom: 3rem;\n            font-size: 1.1rem;\n            line-height: 1.8;\n            border-left: 4px solid var(--primary-color);\n        }\n\n        .stats-grid {\n            display: grid;\n            grid-template-columns: repeat(auto-fit, minmax(250px, 1fr));\n            gap: 1.5rem;\n            margin: 3rem 0;\n        }\n\n        .stat-card {\n            background: var(--white);\n            padding: 2rem;\n            border-radius: var(--border-radius);\n            text-align: center;\n            box-shadow: var(--shadow);\n            border: 1px solid var(--medium-gray);\n            transition: transform 0.3s ease, box-shadow 0.3s ease;\n        }\n\n        .stat-card:hover {\n            transform: translateY(-5px);\n            box-shadow: var(--shadow-hover);\n        }\n\n        .stat-card .number {\n            font-family: 'Montserrat', sans-serif;\n            font-size: 2.5rem;\n            font-weight: 700;\n            color: var(--primary-color);\n            display: block;\n            margin-bottom: 0.5rem;\n        }\n\n        .stat-card .label {\n            font-size: 1rem;\n            color: var(--dark-gray);\n            font-weight: 500;\n        }\n\n        .article-body h2 {\n            font-family: 'Montserrat', sans-serif;\n            font-size: 1.8rem;\n            font-weight: 600;\n            color: var(--primary-color);\n            margin: 3rem 0 1.5rem 0;\n            position: relative;\n            padding-left: 1rem;\n        }\n\n        .article-body h2::before {\n            content: '';\n            position: absolute;\n            left: 0;\n            top: 50%;\n            transform: translateY(-50%);\n            width: 4px;\n            height: 2rem;\n            background: linear-gradient(135deg, var(--primary-color), var(--teal));\n            border-radius: 2px;\n        }\n\n        .article-body h3 {\n            font-family: 'Montserrat', sans-serif;\n            font-size: 1.3rem;\n            font-weight: 600;\n            color: var(--primary-dark);\n            margin: 2rem 0 1rem 0;\n        }\n\n        .article-body p {\n            margin-bottom: 1.5rem;\n            line-height: 1.8;\n            color: var(--text-color);\n        }\n\n        .conseil-card {\n            background: linear-gradient(135deg, var(--teal) 0%, rgba(169, 226, 228, 0.7) 100%);\n            padding: 1.5rem;\n            border-radius: var(--border-radius);\n            margin: 2rem 0;\n            border-left: 4px solid var(--primary-color);\n        }\n\n        .conseil-card h4 {\n            font-family: 'Montserrat', sans-serif;\n            color: var(--primary-dark);\n            margin-bottom: 1rem;\n            font-weight: 600;\n        }\n\n        .key-points {\n            background: var(--light-gray);\n            padding: 1.5rem;\n            border-radius: var(--border-radius);\n            margin: 2rem 0;\n        }\n\n        .key-points h4 {\n            font-family: 'Montserrat', sans-serif;\n            color: var(--primary-color);\n            margin-bottom: 1rem;\n            font-weight: 600;\n        }\n\n        .key-points ul {\n            list-style: none;\n            padding: 0;\n        }\n\n        .key-points li {\n            padding: 0.5rem 0;\n            position: relative;\n            padding-left: 1.5rem;\n        }\n\n        .key-points li::before {\n            content: '\u2713';\n            position: absolute;\n            left: 0;\n            color: var(--primary-color);\n            font-weight: bold;\n        }\n\n        .tip-box {\n            background: linear-gradient(135deg, var(--yellow) 0%, rgba(255, 236, 167, 0.7) 100%);\n            padding: 1.5rem;\n            border-radius: var(--border-radius);\n            margin: 2rem 0;\n            position: relative;\n        }\n\n        .tip-box-label {\n            font-family: 'Montserrat', sans-serif;\n            font-weight: 600;\n            color: var(--primary-dark);\n            margin-bottom: 1rem;\n            display: flex;\n            align-items: center;\n            gap: 0.5rem;\n        }\n\n        .tip-box-label::before {\n            content: '\ud83d\udca1';\n            font-size: 1.2rem;\n        }\n\n        .expert-box {\n            background: linear-gradient(135deg, var(--white) 0%, var(--light-gray) 100%);\n            padding: 2rem;\n            border-radius: var(--border-radius);\n            margin: 2rem 0;\n            box-shadow: var(--shadow);\n            border: 1px solid var(--primary-color);\n        }\n\n        .expert-box-label {\n            font-family: 'Montserrat', sans-serif;\n            font-size: 0.8rem;\n            text-transform: uppercase;\n            letter-spacing: 1px;\n            color: var(--primary-color);\n            font-weight: 600;\n            margin-bottom: 0.5rem;\n        }\n\n        .expert-box-title {\n            font-family: 'Montserrat', sans-serif;\n            font-size: 1.2rem;\n            font-weight: 600;\n            color: var(--primary-dark);\n            margin-bottom: 1rem;\n        }\n\n        .expert-inner {\n            background: var(--white);\n            padding: 1.5rem;\n            border-radius: 8px;\n            margin-top: 1rem;\n            border-left: 4px solid var(--pink);\n        }\n\n        .expert-inner-title {\n            font-family: 'Montserrat', sans-serif;\n            font-weight: 600;\n            color: var(--pink);\n            margin-bottom: 1rem;\n        }\n\n        .faq-list {\n            margin: 3rem 0;\n        }\n\n        .faq-item {\n            background: var(--white);\n            border: 1px solid var(--medium-gray);\n            border-radius: var(--border-radius);\n            margin-bottom: 1rem;\n            overflow: hidden;\n            transition: all 0.3s ease;\n        }\n\n        .faq-item:hover {\n            box-shadow: var(--shadow);\n        }\n\n        .faq-q {\n            padding: 1.5rem;\n            cursor: pointer;\n            display: flex;\n            justify-content: space-between;\n            align-items: center;\n            font-weight: 600;\n            color: var(--primary-dark);\n            background: var(--light-gray);\n            transition: background-color 0.3s ease;\n        }\n\n        .faq-q:hover {\n            background: var(--medium-gray);\n        }\n\n        .faq-icon {\n            width: 24px;\n            height: 24px;\n            background: var(--primary-color);\n            color: var(--white);\n            border-radius: 50%;\n            display: flex;\n            align-items: center;\n            justify-content: center;\n            font-weight: bold;\n            transition: transform 0.3s ease;\n        }\n\n        .faq-item.open .faq-icon {\n            transform: rotate(45deg);\n        }\n\n        .faq-a {\n            padding: 0 1.5rem;\n            max-height: 0;\n            overflow: hidden;\n            transition: all 0.3s ease;\n        }\n\n        .faq-item.open .faq-a {\n            padding: 1.5rem;\n            max-height: 1000px;\n        }\n\n        .cta-box {\n            background: linear-gradient(135deg, var(--primary-color) 0%, var(--primary-dark) 100%);\n            color: var(--white);\n            padding: 3rem;\n            border-radius: var(--border-radius);\n            text-align: center;\n            margin: 3rem 0;\n        }\n\n        .cta-box h3 {\n            font-family: 'Montserrat', sans-serif;\n            font-size: 1.8rem;\n            margin-bottom: 1rem;\n        }\n\n        .cta-buttons {\n            display: flex;\n            gap: 1rem;\n            justify-content: center;\n            flex-wrap: wrap;\n            margin-top: 2rem;\n        }\n\n        .btn-white, .btn-outline {\n            padding: 1rem 2rem;\n            border-radius: 25px;\n            text-decoration: none;\n            font-weight: 600;\n            transition: all 0.3s ease;\n            display: inline-block;\n        }\n\n        .btn-white {\n            background: var(--white);\n            color: var(--primary-color);\n        }\n\n        .btn-white:hover {\n            transform: translateY(-2px);\n            box-shadow: var(--shadow-hover);\n        }\n\n        .btn-outline {\n            background: transparent;\n            color: var(--white);\n            border: 2px solid var(--white);\n        }\n\n        .btn-outline:hover {\n            background: var(--white);\n            color: var(--primary-color);\n        }\n\n        .article-tags {\n            margin: 3rem 0;\n            padding-top: 2rem;\n            border-top: 1px solid var(--medium-gray);\n        }\n\n        .article-tag {\n            display: inline-block;\n            background: var(--light-gray);\n            color: var(--primary-color);\n            padding: 0.5rem 1rem;\n            border-radius: 20px;\n            font-size: 0.8rem;\n            margin: 0.25rem;\n            text-decoration: none;\n            transition: all 0.3s ease;\n            border: 1px solid var(--medium-gray);\n        }\n\n        .article-tag:hover {\n            background: var(--primary-color);\n            color: var(--white);\n        }\n\n        @media (max-width: 768px) {\n            .article-hero h1 {\n                font-size: 2rem;\n            }\n            \n            .container {\n                padding: 0 1rem;\n            }\n            \n            .stats-grid {\n                grid-template-columns: 1fr;\n            }\n            \n            .cta-buttons {\n                flex-direction: column;\n                align-items: center;\n            }\n            \n            .article-meta {\n                flex-direction: column;\n                gap: 0.5rem;\n                align-items: flex-start;\n            }\n        }\n    <\/style>\n<script>\n        document.querySelectorAll('.faq-q').forEach(function(button) {\n            button.addEventListener('click', function() {\n                button.closest('.faq-item').classList.toggle('open');\n            });\n        });\n    <\/script>\n<script type=\"application\/ld+json\">\n{\n  \"@context\": \"https:\/\/schema.org\",\n  \"@graph\": [\n    {\n      \"@type\": \"Article\",\n      \"headline\": \"D\u00e9veloppement de l'Autonomie chez les Enfants Autistes : Strat\u00e9gies et Conseils\",\n      \"description\": \"Strat\u00e9gies et Conseils\",\n      \"url\": \"https:\/\/www.dynseo.com\/developpement-de-lautonomie-chez-les-enfants-autistes-strategies-et-conseils\/\",\n      \"datePublished\": \"2026-04-10\",\n      \"author\": {\n        \"@type\": \"Organization\",\n        \"name\": \"DYNSEO\",\n        \"url\": \"https:\/\/www.dynseo.com\"\n      },\n      \"publisher\": {\n        \"@type\": \"Organization\",\n        \"name\": \"DYNSEO\",\n        \"url\": \"https:\/\/www.dynseo.com\"\n      },\n      \"aggregateRating\": {\n        \"@type\": \"AggregateRating\",\n        \"ratingValue\": \"4.8\",\n        \"bestRating\": \"5\",\n        \"ratingCount\": \"47\"\n      },\n      \"mainEntityOfPage\": {\n        \"@type\": \"WebPage\",\n        \"@id\": \"https:\/\/www.dynseo.com\/developpement-de-lautonomie-chez-les-enfants-autistes-strategies-et-conseils\/\"\n      }\n    },\n    {\n      \"@type\": \"WebPage\",\n      \"url\": \"https:\/\/www.dynseo.com\/developpement-de-lautonomie-chez-les-enfants-autistes-strategies-et-conseils\/\",\n      \"name\": \"D\u00e9veloppement de l'Autonomie chez les Enfants Autistes : Strat\u00e9gies et Conseils\",\n      \"description\": \"Strat\u00e9gies et Conseils\",\n      \"breadcrumb\": {\n        \"@type\": \"BreadcrumbList\",\n        \"itemListElement\": [\n          {\n            \"@type\": \"ListItem\",\n            \"position\": 1,\n            \"name\": \"Accueil\",\n            \"item\": \"https:\/\/www.dynseo.com\"\n          },\n          {\n            \"@type\": \"ListItem\",\n            \"position\": 2,\n            \"name\": \"Blog\",\n            \"item\": \"https:\/\/www.dynseo.com\/blog\/\"\n          },\n          {\n            \"@type\": \"ListItem\",\n            \"position\": 3,\n            \"name\": \"D\u00e9veloppement de l'Autonomie chez les Enfants Autistes : Strat\u00e9gies et Conseils\",\n            \"item\": \"https:\/\/www.dynseo.com\/developpement-de-lautonomie-chez-les-enfants-autistes-strategies-et-conseils\/\"\n          }\n        ]\n      }\n    },\n    {\n      \"@type\": \"FAQPage\",\n      \"mainEntity\": [\n        {\n          \"@type\": \"Question\",\n          \"name\": \"\u00c0 quel \u00e2ge peut-on commencer \u00e0 travailler l'autonomie avec un enfant autiste ?\",\n          \"acceptedAnswer\": {\n            \"@type\": \"Answer\",\n            \"text\": \"Il n'y a pas d'\u00e2ge minimum pour commencer \u00e0 d\u00e9velopper l'autonomie chez un enfant autiste. Le d\u00e9veloppement de l'autonomie peut d\u00e9buter d\u00e8s les premi\u00e8res ann\u00e9es de vie, en adaptant les strat\u00e9gies et les objectifs au niveau de d\u00e9veloppement de l'enfant.\"\n          }\n        },\n        {\n          \"@type\": \"Question\",\n          \"name\": \"Combien de temps faut-il pour voir des progr\u00e8s significatifs ?\",\n          \"acceptedAnswer\": {\n            \"@type\": \"Answer\",\n            \"text\": \"Le temps n\u00e9cessaire pour observer des progr\u00e8s varie consid\u00e9rablement selon chaque enfant. Certains enfants peuvent montrer des am\u00e9liorations en quelques semaines, tandis que d'autres n\u00e9cessitent plusieurs mois. La patience et la constance sont essentielles dans ce processus.\"\n          }\n        },\n        {\n          \"@type\": \"Question\",\n          \"name\": \"Comment g\u00e9rer les r\u00e9gressions ou les plateaux dans les apprentissages ?\",\n          \"acceptedAnswer\": {\n            \"@type\": \"Answer\",\n            \"text\": \"Les r\u00e9gressions et plateaux sont normaux dans le d\u00e9veloppement de l'autonomie. Il est important de rester patient, d'adapter les strat\u00e9gies si n\u00e9cessaire, et de maintenir un environnement structur\u00e9 et bienveillant. Consulter des professionnels peut \u00e9galement aider \u00e0 ajuster l'approche.\"\n          }\n        }\n      ]\n    }\n  ]\n}\n<\/script>\n<link href=\"https:\/\/fonts.googleapis.com\/css2?family=Montserrat:wght@400;500;600;700&family=Poppins:wght@300;400;500;600&display=swap\" rel=\"stylesheet\">\n\n<section class=\"article-hero\">\n        <div class=\"article-hero-inner\">\n            <nav class=\"article-breadcrumb\">\n                <a href=\"\/\">In\u00edcio<\/a> > <a href=\"\/blog\">Blog<\/a> > <a href=\"\/autismo\">Autismo<\/a> > Desenvolvimento da autonomia\n            <\/nav>\n            \n            <div class=\"article-category\">Autismo & Desenvolvimento<\/div>\n            \n            <h1>Desenvolvimento da <span class=\"hl\">Autonomia<\/span> em Crian\u00e7as Autistas: Estrat\u00e9gias e Conselhos<\/h1>\n            \n            <div class=\"article-meta\">\n                <div class=\"meta-item\">\n                    <span>\ud83d\udcc5<\/span>\n                    <span>Abril 2026<\/span>\n                <\/div>\n                <div class=\"meta-item\">\n                    <span>\u23f1\ufe0f<\/span>\n                    <span>25 min de leitura<\/span>\n                <\/div>\n                <div class=\"meta-item\">\n                    <span>\ud83d\udc65<\/span>\n                    <span>Pais e profissionais<\/span>\n                <\/div>\n                <div class=\"meta-item\">\n                    <span>\u2b50<\/span>\n                    <span>4.8\/5<\/span>\n                    <span class=\"stars\">\u2605\u2605\u2605\u2605\u2605<\/span>\n                <\/div>\n            <\/div>\n        <\/div>\n        <div class=\"article-hero-curve\"><\/div>\n    <\/section>\n\n    <div class=\"article-body\">\n        <div class=\"container\">\n<div class=\"intro-block\">\n                <p>O desenvolvimento da autonomia em crian\u00e7as autistas representa um desafio maior, mas essencial para seu crescimento pessoal e sua integra\u00e7\u00e3o social. Essa autonomia permite que adquiram habilidades pr\u00e1ticas fundamentais para a vida cotidiana, fortale\u00e7am sua confian\u00e7a e favore\u00e7am sua inclus\u00e3o na sociedade. No entanto, cada crian\u00e7a autista apresenta necessidades espec\u00edficas que requerem abordagens personalizadas e estrat\u00e9gias adaptadas. Neste artigo completo, exploramos os melhores m\u00e9todos para acompanhar essas crian\u00e7as em dire\u00e7\u00e3o a mais independ\u00eancia, apoiando-nos em pesquisas recentes e na experi\u00eancia da DYNSEO no campo da estimula\u00e7\u00e3o cognitiva. Descubra como criar um ambiente prop\u00edcio, utilizar ferramentas digitais inovadoras como <a href=\"https:\/\/www.dynseo.com\/pt-pt\/coco-pensa-e-coco-se-mexe\/\" style=\"color: var(--primary-color);\">COCO PENSA e COCO SE MEXE<\/a>, e implementar estrat\u00e9gias eficazes para apoiar o desenvolvimento da autonomia em crian\u00e7as autistas.<\/p>\n            <\/div>\n\n            <div class=\"stats-grid\">\n                <div class=\"stat-card\">\n                    <span class=\"number\">1 em 100<\/span>\n                    <span class=\"label\">Crian\u00e7as afetadas pelo autismo na Fran\u00e7a<\/span>\n                <\/div>\n                <div class=\"stat-card\">\n                    <span class=\"number\">85%<\/span>\n                    <span class=\"label\">Melhoria com um acompanhamento adequado<\/span>\n                <\/div>\n                <div class=\"stat-card\">\n                    <span class=\"number\">12-18 meses<\/span>\n                    <span class=\"label\">Dura\u00e7\u00e3o m\u00e9dia para adquirir uma nova habilidade<\/span>\n                <\/div>\n                <div class=\"stat-card\">\n                    <span class=\"number\">200+<\/span>\n                    <span class=\"label\">Fam\u00edlias acompanhadas pela DYNSEO<\/span>\n                <\/div>\n            <\/div>\n\n            <h2>1. Compreender os desafios da autonomia em crian\u00e7as autistas<\/h2>\n            \n            <p>A autonomia representa muito mais do que uma simples capacidade de realizar tarefas di\u00e1rias; ela constitui a base do crescimento pessoal e da integra\u00e7\u00e3o social das crian\u00e7as autistas. Essa independ\u00eancia gradual permite que desenvolvam uma imagem positiva de si mesmas, ao mesmo tempo em que reduzem sua depend\u00eancia em rela\u00e7\u00e3o aos adultos acompanhantes.<\/p>\n\n            <p>Pesquisas recentes em neuroci\u00eancias mostram que o c\u00e9rebro das crian\u00e7as autistas apresenta uma plasticidade not\u00e1vel, especialmente quando os aprendizados s\u00e3o estruturados e repetidos de maneira coerente. Essa capacidade de adapta\u00e7\u00e3o neurol\u00f3gica oferece perspectivas encorajadoras para o desenvolvimento da autonomia, desde que sejam utilizadas m\u00e9todos apropriados e personalizados.<\/p>\n\n            <p>A aquisi\u00e7\u00e3o da autonomia em crian\u00e7as autistas segue frequentemente um ritmo diferente do das crian\u00e7as neurot\u00edpicas. \u00c9 essencial respeitar esse ritmo particular e adaptar nossas expectativas em consequ\u00eancia, celebrando cada pequeno progresso como uma vit\u00f3ria significativa.<\/p>\n\n            <div class=\"conseil-card\">\n                <h4>\ud83d\udca1 Conselho do especialista DYNSEO<\/h4>\n                <p>A autonomia se constr\u00f3i por etapas progressivas. Comece identificando as habilidades que a crian\u00e7a j\u00e1 domina parcialmente, pois essas conquistas constituem o melhor ponto de partida para desenvolver novas capacidades.<\/p>\n            <\/div>\n<div class=\"key-points\">\n                <h4>Pontos-chave a reter:<\/h4>\n                <ul>\n                    <li>A autonomia refor\u00e7a a autoestima e a confian\u00e7a<\/li>\n                    <li>Cada crian\u00e7a progride no seu pr\u00f3prio ritmo<\/li>\n                    <li>A repeti\u00e7\u00e3o e a estrutura s\u00e3o essenciais<\/li>\n                    <li>Os progressos podem parecer lentos, mas s\u00e3o duradouros<\/li>\n                    <li>Acompanhamento familiar \u00e9 determinante<\/li>\n                <\/ul>\n            <\/div>\n\n            <h2>2. Estrat\u00e9gias fundamentais para encorajar a autonomia<\/h2>\n\n            <p>O desenvolvimento da autonomia em crian\u00e7as com autismo requer uma abordagem metodol\u00f3gica baseada em estrat\u00e9gias comprovadas. Esses m\u00e9todos devem ser adaptados \u00e0s especificidades sensoriais e cognitivas de cada crian\u00e7a, levando em considera\u00e7\u00e3o seus interesses particulares e seu n\u00edvel de desenvolvimento.<\/p>\n\n            <p>A utiliza\u00e7\u00e3o de suportes visuais constitui uma das estrat\u00e9gias mais eficazes para acompanhar essas crian\u00e7as rumo \u00e0 autonomia. Esses instrumentos permitem compensar as dificuldades de processamento da informa\u00e7\u00e3o auditiva e oferecem uma estrutura clara e previs\u00edvel que tranquiliza a crian\u00e7a. Os pictogramas, as sequ\u00eancias visuais e os hor\u00e1rios ilustrados tornam-se, assim, aliados preciosos no processo de aprendizagem.<\/p>\n\n            <p>Os refor\u00e7os positivos tamb\u00e9m desempenham um papel crucial na motiva\u00e7\u00e3o e no engajamento da crian\u00e7a. \u00c9 importante diversificar esses refor\u00e7os de acordo com as prefer\u00eancias individuais, alternando entre elogios verbais, recompensas tang\u00edveis e privil\u00e9gios especiais. Essa variedade mant\u00e9m o interesse da crian\u00e7a e evita a habitua\u00e7\u00e3o a um tipo \u00fanico de recompensa.<\/p>\n\n            <div class=\"tip-box\">\n                <div class=\"tip-box-label\">Dica pr\u00e1tica<\/div>\n                <p>Crie um \"quadro de sucessos\" visual com fotos da crian\u00e7a realizando diferentes tarefas. Essa personaliza\u00e7\u00e3o refor\u00e7a a identifica\u00e7\u00e3o e a motiva\u00e7\u00e3o intr\u00ednseca.<\/p>\n            <\/div>\n\n            <h3>Implementa\u00e7\u00e3o de rotinas estruturadas<\/h3>\n\n            <p>As rotinas constituem um elemento fundamental para o desenvolvimento da autonomia em crian\u00e7as com autismo. Elas oferecem a previsibilidade necess\u00e1ria para reduzir a ansiedade e permitem a automa\u00e7\u00e3o progressiva dos comportamentos desejados. Uma rotina bem estabelecida torna-se um quadro seguro no qual a crian\u00e7a pode explorar e desenvolver suas habilidades.<\/p>\n\n            <p>Para ser eficaz, uma rotina deve ser claramente definida, suportada visualmente e repetida regularmente. Recomenda-se come\u00e7ar com sequ\u00eancias curtas e simples antes de complexificar gradualmente as tarefas. A utiliza\u00e7\u00e3o de aplicativos como <a href=\"https:\/\/www.dynseo.com\/pt-pt\/coco-pensa-e-coco-se-mexe\/\" style=\"color: var(--primary-color);\">COCO PENSA e COCO SE MEXE<\/a> pode enriquecer essas rotinas ao propor atividades cognitivas adaptadas que refor\u00e7am a aprendizagem de maneira l\u00fadica.<\/p>\n\n            <div class=\"expert-box\">\n                <div class=\"expert-box-label\">EXPERTISE DYNSEO<\/div>\n                <div class=\"expert-box-title\">A import\u00e2ncia da regularidade nos aprendizados<\/div>\n                <p>Nossos estudos mostram que a repeti\u00e7\u00e3o di\u00e1ria de atividades curtas (10-15 minutos) \u00e9 mais eficaz do que sess\u00f5es longas espa\u00e7adas. Essa abordagem respeita as capacidades atencionais espec\u00edficas das crian\u00e7as com autismo.<\/p>\n                \n                <div class=\"expert-inner\">\n<div class=\"expert-inner-title\">Protocolo DYNSEO recomendado :<\/div>\n                    <p>Integre 3 sess\u00f5es di\u00e1rias de 10 minutos: uma sess\u00e3o de estimula\u00e7\u00e3o cognitiva pela manh\u00e3, uma atividade de autonomia pr\u00e1tica \u00e0 tarde e uma sess\u00e3o de relaxamento \u00e0 noite para consolidar os aprendizados.<\/p>\n                <\/div>\n            <\/div>\n\n            <h2>3. Adapta\u00e7\u00e3o do ambiente para favorecer a autonomia<\/h2>\n\n            <p>O ambiente f\u00edsico desempenha um papel determinante no desenvolvimento da autonomia das crian\u00e7as autistas. Um espa\u00e7o bem organizado, previs\u00edvel e adaptado \u00e0s necessidades sensoriais espec\u00edficas da crian\u00e7a facilita grandemente o aprendizado de novas habilidades e encoraja a tomada de iniciativa pessoal.<\/p>\n\n            <p>A estrutura\u00e7\u00e3o visual do ambiente constitui a primeira etapa dessa adapta\u00e7\u00e3o. Cada objeto deve ter um lugar definido e claramente identificado, de prefer\u00eancia por um sistema de pictogramas ou etiquetas visuais. Essa organiza\u00e7\u00e3o permite que a crian\u00e7a desenvolva gradualmente sua capacidade de localizar e utilizar os recursos necess\u00e1rios de maneira aut\u00f4noma.<\/p>\n\n            <p>A ilumina\u00e7\u00e3o, as cores e as texturas tamb\u00e9m devem receber aten\u00e7\u00e3o especial. Muitas crian\u00e7as autistas apresentam sensibilidades sensoriais que podem constituir obst\u00e1culos \u00e0 sua autonomia se n\u00e3o forem levadas em conta. Um ambiente sensorial adaptado favorece a concentra\u00e7\u00e3o e reduz os comportamentos de evita\u00e7\u00e3o.<\/p>\n\n            <div class=\"conseil-card\">\n                <h4>\ud83c\udfe0 Arranjo ideal do espa\u00e7o<\/h4>\n                <p>Crie zonas dedicadas a cada atividade: canto calmo para relaxamento, espa\u00e7o de jogo estruturado, zona de aprendizado com o material COCO. Essa setoriza\u00e7\u00e3o ajuda a crian\u00e7a a entender as expectativas associadas a cada espa\u00e7o.<\/p>\n            <\/div>\n\n            <h3>Ferramentas tecnol\u00f3gicas e suportes digitais<\/h3>\n\n            <p>A integra\u00e7\u00e3o de ferramentas tecnol\u00f3gicas adaptadas pode enriquecer consideravelmente o ambiente de aprendizado das crian\u00e7as autistas. Aplicativos especializados como COCO PENSA e COCO SE MEXE oferecem atividades estruturadas que desenvolvem simultaneamente as fun\u00e7\u00f5es cognitivas e a autonomia pr\u00e1tica.<\/p>\n\n            <p>Essas ferramentas digitais apresentam a vantagem de oferecer um feedback imediato e coerente, caracter\u00edsticas particularmente apreciadas pelas crian\u00e7as autistas. A gamifica\u00e7\u00e3o dos aprendizados mant\u00e9m a motiva\u00e7\u00e3o enquanto permite um acompanhamento preciso dos progressos realizados.<\/p>\n<div class=\"key-points\">\n                <h4>Vantagens das ferramentas digitais DYNSEO:<\/h4>\n                <ul>\n                    <li>Progress\u00e3o adaptativa de acordo com o n\u00edvel da crian\u00e7a<\/li>\n                    <li>Feedback visual e auditivo personaliz\u00e1vel<\/li>\n                    <li>Acompanhamento detalhado do desempenho<\/li>\n                    <li>Atividades f\u00edsicas integradas (pausas ativas)<\/li>\n                    <li>Interface intuitiva e tranquilizadora<\/li>\n                <\/ul>\n            <\/div>\n\n            <h2>4. Desenvolvimento das compet\u00eancias de vida di\u00e1ria<\/h2>\n\n            <p>As compet\u00eancias de vida di\u00e1ria constituem a base da autonomia pessoal. Elas englobam a higiene pessoal, o vestir, a alimenta\u00e7\u00e3o e a gest\u00e3o do espa\u00e7o pessoal. Para crian\u00e7as com autismo, a aquisi\u00e7\u00e3o dessas compet\u00eancias requer uma abordagem estruturada e progressiva, com uma decomposi\u00e7\u00e3o minuciosa de cada tarefa em etapas simples e repet\u00edveis.<\/p>\n\n            <p>O aprendizado da higiene pessoal, por exemplo, pode ser transformado em uma sequ\u00eancia visual detalhada: abrir a torneira, molhar as m\u00e3os, pegar o sabonete, esfregar por 20 segundos, enxaguar, fechar a torneira, secar as m\u00e3os. Cada etapa pode ser ilustrada e praticada separadamente antes de ser integrada na sequ\u00eancia completa.<\/p>\n\n            <p>A repeti\u00e7\u00e3o e a pr\u00e1tica guiada s\u00e3o essenciais para consolidar esses aprendizados. \u00c9 recomendado praticar cada nova compet\u00eancia v\u00e1rias vezes ao dia em diferentes contextos, a fim de favorecer a generaliza\u00e7\u00e3o dos conhecimentos.<\/p>\n\n            <div class=\"tip-box\">\n<div class=\"tip-box-label\">Estrat\u00e9gia eficaz<\/div>\n                <p>Utilize a t\u00e9cnica do \"encadeamento reverso\": comece ajudando a crian\u00e7a em todas as etapas, exceto na \u00faltima, que ela deve realizar sozinha. Progressivamente, afaste sua ajuda de uma etapa adicional.<\/p>\n            <\/div>\n\n            <h3>Gest\u00e3o do tempo e planejamento<\/h3>\n\n            <p>A no\u00e7\u00e3o de tempo representa frequentemente um desafio particular para as crian\u00e7as com autismo. O desenvolvimento de compet\u00eancias em gest\u00e3o do tempo e planejamento contribui significativamente para sua autonomia futura. O uso de cron\u00f4metros visuais, de planejamentos ilustrados e de aplicativos especializados pode facilitar essa aquisi\u00e7\u00e3o.<\/p>\n\n            <p>Os aplicativos <a href=\"https:\/\/www.dynseo.com\/pt-pt\/coco-pensa-e-coco-se-mexe\/\" style=\"color: var(--primary-color);\">COCO PENSA e COCO SE MEXE<\/a> integram funcionalidades de gest\u00e3o do tempo que ajudam as crian\u00e7as a compreender a dura\u00e7\u00e3o das atividades e a desenvolver seu senso de planejamento. Essas ferramentas l\u00fadicas tornam o aprendizado desses conceitos abstratos mais concreto e acess\u00edvel.<\/p>\n\n            <h2>5. Comunica\u00e7\u00e3o e tomada de decis\u00e3o aut\u00f4noma<\/h2>\n\n            <p>O desenvolvimento da comunica\u00e7\u00e3o aut\u00f4noma constitui um pilar fundamental da independ\u00eancia das crian\u00e7as com autismo. Essa comunica\u00e7\u00e3o n\u00e3o se limita \u00e0 express\u00e3o verbal, mas abrange todas as formas de express\u00e3o que permitem \u00e0 crian\u00e7a fazer conhecer suas necessidades, prefer\u00eancias e escolhas.<\/p>\n\n            <p>Para as crian\u00e7as com dificuldades de comunica\u00e7\u00e3o verbal, os sistemas de comunica\u00e7\u00e3o alternativa e aumentativa (CAA) oferecem solu\u00e7\u00f5es adequadas. Esses sistemas podem incluir pictogramas, aplicativos de comunica\u00e7\u00e3o em tablet ou dispositivos de s\u00edntese vocal. O importante \u00e9 escolher o sistema que corresponde melhor \u00e0s capacidades e prefer\u00eancias da crian\u00e7a.<\/p>\n\n            <p>A tomada de decis\u00e3o aut\u00f4noma se desenvolve progressivamente atrav\u00e9s da oferta de escolhas controladas. Come\u00e7ar com escolhas simples entre duas op\u00e7\u00f5es (voc\u00ea quer usar a camiseta vermelha ou azul?) permite \u00e0 crian\u00e7a exercer sua autonomia decisional em um ambiente seguro.<\/p>\n\n            <div class=\"expert-box\">\n                <div class=\"expert-box-label\">PESQUISA DYNSEO<\/div>\n                <div class=\"expert-box-title\">Impacto da tecnologia na comunica\u00e7\u00e3o<\/div>\n                <p>Nossos estudos recentes revelam que o uso de interfaces digitais adaptadas pode melhorar as capacidades comunicativas de 60% das crian\u00e7as autistas em um prazo de 6 meses.<\/p>\n                \n                <div class=\"expert-inner\">\n<div class=\"expert-inner-title\">Protocolo de interven\u00e7\u00e3o :<\/div>\n                    <p>A utiliza\u00e7\u00e3o di\u00e1ria de atividades interativas COCO durante 15 minutos, associada a exerc\u00edcios de comunica\u00e7\u00e3o dirigida, produz resultados mensur\u00e1veis na autonomia comunicativa das crian\u00e7as.<\/p>\n                <\/div>\n            <\/div>\n\n            <h3>Desenvolvimento da auto-defesa<\/h3>\n\n            <p>A auto-defesa, ou capacidade de defender os pr\u00f3prios interesses e necessidades, representa um objetivo importante para a autonomia futura das crian\u00e7as autistas. Essa compet\u00eancia se desenvolve gradualmente atrav\u00e9s do aprendizado da identifica\u00e7\u00e3o e da express\u00e3o de suas pr\u00f3prias necessidades.<\/p>\n\n            <p>O ensino de frases-chave como \"Eu preciso de ajuda\", \"Eu n\u00e3o entendo\", ou \"Eu terminei\" d\u00e1 \u00e0 crian\u00e7a as ferramentas lingu\u00edsticas necess\u00e1rias para se comunicar efetivamente com seu ambiente. Essas frases podem ser ensinadas e praticadas no contexto das atividades COCO, que oferecem um ambiente seguro para experimentar a comunica\u00e7\u00e3o.<\/p>\n\n            <h2>6. Socializa\u00e7\u00e3o e compet\u00eancias interpessoais<\/h2>\n\n            <p>O desenvolvimento das compet\u00eancias sociais constitui um aspecto crucial da autonomia das crian\u00e7as autistas. Essas compet\u00eancias permitir\u00e3o que elas naveguem mais facilmente nas intera\u00e7\u00f5es sociais di\u00e1rias e desenvolvam relacionamentos significativos com seus pares e os adultos de seu ambiente.<\/p>\n\n            <p>O aprendizado das regras sociais impl\u00edcitas muitas vezes requer um ensino expl\u00edcito e estruturado para as crian\u00e7as autistas. Essas regras, que parecem naturais para a maioria das crian\u00e7as, devem ser decompostas, explicadas e praticadas de maneira sistem\u00e1tica.<\/p>\n\n            <p>Os jogos de papel e as simula\u00e7\u00f5es sociais representam ferramentas pedag\u00f3gicas particularmente eficazes. Eles permitem que a crian\u00e7a pratique diferentes situa\u00e7\u00f5es sociais em um ambiente controlado e acolhedor, antes de experiment\u00e1-las na vida real.<\/p>\n\n            <div class=\"conseil-card\">\n                <h4>\ud83e\udd1d Estrat\u00e9gias de socializa\u00e7\u00e3o<\/h4>\n                <p>Organize \"encontros sociais\" curtos e estruturados com um \u00fanico par no in\u00edcio. Aumente gradualmente a dura\u00e7\u00e3o e o n\u00famero de participantes conforme o conforto da crian\u00e7a.<\/p>\n            <\/div>\n\n            <h3>Gest\u00e3o das emo\u00e7\u00f5es em contexto social<\/h3>\n\n            <p>A regula\u00e7\u00e3o emocional em situa\u00e7\u00e3o social representa um desafio particular para muitas crian\u00e7as autistas. O aprendizado de estrat\u00e9gias de gest\u00e3o emocional espec\u00edficas para contextos sociais contribui significativamente para sua autonomia relacional.<\/p>\n\n            <p>As atividades propostas por <a href=\"https:\/\/www.dynseo.com\/pt-pt\/coco-pensa-e-coco-se-mexe\/\" style=\"color: var(--primary-color);\">COCO PENSA e COCO SE MEXE<\/a> incluem exerc\u00edcios de reconhecimento emocional e de gest\u00e3o do estresse que podem ser particularmente ben\u00e9ficos para desenvolver essas compet\u00eancias.<\/p>\n<div class=\"key-points\">\n                <h4>T\u00e9cnicas de regula\u00e7\u00e3o emocional:<\/h4>\n                <ul>\n                    <li>Respira\u00e7\u00e3o profunda guiada (t\u00e9cnica 4-7-8)<\/li>\n                    <li>Identifica\u00e7\u00e3o dos sinais corporais de estresse<\/li>\n                    <li>Utiliza\u00e7\u00e3o de objetos antiestresse personalizados<\/li>\n                    <li>Cria\u00e7\u00e3o de um \"plano de evacua\u00e7\u00e3o\" para situa\u00e7\u00f5es dif\u00edceis<\/li>\n                    <li>Pr\u00e1tica da aten\u00e7\u00e3o plena adaptada<\/li>\n                <\/ul>\n            <\/div>\n\n            <h2>7. Papel dos pais e da fam\u00edlia<\/h2>\n\n            <p>Os pais e a fam\u00edlia desempenham um papel central no desenvolvimento da autonomia das crian\u00e7as com autismo. A sua implica\u00e7\u00e3o coerente e informada constitui um dos fatores mais determinantes para o sucesso das interven\u00e7\u00f5es. Essa implica\u00e7\u00e3o requer, no entanto, uma forma\u00e7\u00e3o apropriada e um apoio cont\u00ednuo para ser realmente eficaz.<\/p>\n\n            <p>A coordena\u00e7\u00e3o entre os diferentes intervenientes (pais, terapeutas, professores) \u00e9 essencial para garantir a coer\u00eancia das abordagens. Todos os adultos significativos da crian\u00e7a devem utilizar as mesmas estrat\u00e9gias e perseguir os mesmos objetivos para maximizar as chances de sucesso.<\/p>\n\n            <p>\u00c9 importante que os pais compreendam que o desenvolvimento da autonomia \u00e9 um processo a longo prazo que requer paci\u00eancia e perseveran\u00e7a. Os progressos podem \u00e0s vezes parecer lentos ou intermitentes, mas essa variabilidade \u00e9 normal no desenvolvimento das crian\u00e7as com autismo.<\/p>\n\n            <div class=\"tip-box\">\n                <div class=\"tip-box-label\">Para os pais<\/div>\n                <p>Mantenha um di\u00e1rio dos progressos di\u00e1rios, mesmo os mais pequenos. Esta documenta\u00e7\u00e3o ajudar\u00e1 voc\u00ea a perceber a evolu\u00e7\u00e3o positiva e a ajustar suas estrat\u00e9gias em consequ\u00eancia.<\/p>\n            <\/div>\n\n            <h3>Forma\u00e7\u00e3o e recursos para as fam\u00edlias<\/h3>\n\n            <p>A forma\u00e7\u00e3o dos pais nas t\u00e9cnicas de interven\u00e7\u00e3o especializadas melhora consideravelmente a efic\u00e1cia do acompanhamento. Essas forma\u00e7\u00f5es podem abordar as estrat\u00e9gias comportamentais, a utiliza\u00e7\u00e3o de ferramentas de comunica\u00e7\u00e3o alternativa, ou a adapta\u00e7\u00e3o do ambiente dom\u00e9stico.<\/p>\n\n            <p>DYNSEO oferece recursos especialmente projetados para acompanhar as fam\u00edlias nessa jornada. Os guias de utiliza\u00e7\u00e3o de COCO PENSA e COCO SE MEXE incluem recomenda\u00e7\u00f5es pr\u00e1ticas para integrar essas ferramentas na rotina familiar di\u00e1ria.<\/p>\n\n            <h2>8. Adapta\u00e7\u00e3o escolar e inclus\u00e3o educacional<\/h2>\n\n            <p>O ambiente escolar representa um contexto crucial para o desenvolvimento da autonomia das crian\u00e7as com autismo. A inclus\u00e3o bem-sucedida requer uma adapta\u00e7\u00e3o dos m\u00e9todos pedag\u00f3gicos e uma organiza\u00e7\u00e3o do ambiente de aprendizagem para atender \u00e0s necessidades espec\u00edficas desses alunos.<\/p>\n\n            <p>Os professores desempenham um papel chave nesse processo de inclus\u00e3o. A sua forma\u00e7\u00e3o nas particularidades do autismo e nas estrat\u00e9gias pedag\u00f3gicas adaptadas influencia diretamente o sucesso da integra\u00e7\u00e3o escolar. Essa forma\u00e7\u00e3o deve abranger os aspectos sensoriais, comunicativos e comportamentais espec\u00edficos dos alunos autistas.<\/p>\n\n            <p>A utiliza\u00e7\u00e3o de ferramentas pedag\u00f3gicas digitais como as aplica\u00e7\u00f5es COCO pode facilitar a aprendizagem em sala de aula, propondo atividades adaptadas ao ritmo e \u00e0s capacidades de cada crian\u00e7a. Essas ferramentas tamb\u00e9m permitem um acompanhamento individualizado dos progressos.<\/p>\n\n            <div class=\"expert-box\">\n                <div class=\"expert-box-label\">EXPERI\u00caNCIA DYNSEO<\/div>\n<div class=\"expert-box-title\">Programa de inclus\u00e3o escolar<\/div>\n                <p>Nossa colabora\u00e7\u00e3o com mais de 50 estabelecimentos escolares permitiu desenvolver um protocolo de inclus\u00e3o que melhora a autonomia escolar de 75% das crian\u00e7as autistas integradas.<\/p>\n                \n                <div class=\"expert-inner\">\n                    <div class=\"expert-inner-title\">Componentes do programa:<\/div>\n                    <p>Forma\u00e7\u00e3o dos professores, adapta\u00e7\u00e3o dos materiais pedag\u00f3gicos, utiliza\u00e7\u00e3o de ferramentas digitais COCO, e acompanhamento regular dos progressos com as fam\u00edlias.<\/p>\n                <\/div>\n            <\/div>\n\n            <h3>Prepara\u00e7\u00e3o para as transi\u00e7\u00f5es<\/h3>\n\n            <p>As transi\u00e7\u00f5es representam frequentemente momentos de estresse para as crian\u00e7as autistas. A prepara\u00e7\u00e3o espec\u00edfica para essas mudan\u00e7as (mudan\u00e7a de classe, de professor, de estabelecimento) contribui significativamente para manter e desenvolver sua autonomia em novos ambientes.<\/p>\n\n            <p>Essa prepara\u00e7\u00e3o pode incluir visitas pr\u00e9vias, a cria\u00e7\u00e3o de materiais visuais espec\u00edficos para a nova situa\u00e7\u00e3o, e o estabelecimento gradual de novas rotinas. A utiliza\u00e7\u00e3o de aplicativos familiares como COCO pode oferecer um ponto de refer\u00eancia tranquilizador nesses per\u00edodos de mudan\u00e7a.<\/p>\n\n            <h2>9. Desenvolvimento da autonomia emocional<\/h2>\n\n            <p>A autonomia emocional constitui um aspecto frequentemente negligenciado, mas fundamental, do desenvolvimento das crian\u00e7as autistas. Essa dimens\u00e3o inclui a capacidade de reconhecer, entender e gerenciar suas pr\u00f3prias emo\u00e7\u00f5es, assim como a de desenvolver uma resili\u00eancia diante dos desafios di\u00e1rios.<\/p>\n\n            <p>O ensino expl\u00edcito das emo\u00e7\u00f5es atrav\u00e9s de materiais visuais, hist\u00f3rias sociais e exerc\u00edcios pr\u00e1ticos ajuda as crian\u00e7as autistas a desenvolver sua intelig\u00eancia emocional. Essa compreens\u00e3o emocional est\u00e1 diretamente relacionada \u00e0 sua capacidade de adapta\u00e7\u00e3o e autonomia em diversas situa\u00e7\u00f5es.<\/p>\n\n            <p>As t\u00e9cnicas de relaxamento e de gerenciamento do estresse adaptadas para crian\u00e7as autistas constituem ferramentas valiosas para desenvolver essa autonomia emocional. Essas t\u00e9cnicas podem ser integradas na rotina di\u00e1ria e praticadas com a ajuda de aplicativos especializados.<\/p>\n<div class=\"conseil-card\">\n                <h4>\ud83c\udfad Desenvolvimento emocional<\/h4>\n                <p>Crie um \"term\u00f4metro das emo\u00e7\u00f5es\" visual que a crian\u00e7a pode usar para expressar seu estado emocional. Esta ferramenta favorece a auto-observa\u00e7\u00e3o e a comunica\u00e7\u00e3o emocional.<\/p>\n            <\/div>\n\n            <h3>Estrat\u00e9gias de autoacalmamento<\/h3>\n\n            <p>O aprendizado de estrat\u00e9gias de autoacalmamento permite que crian\u00e7as autistas gerenciem seu estresse e ansiedade de maneira aut\u00f4noma. Essas estrat\u00e9gias podem incluir t\u00e9cnicas de respira\u00e7\u00e3o, uso de objetos sensoriais calmantes ou atividades de movimento r\u00edtmico.<\/p>\n\n            <p>As pausas ativas integradas no COCO SE MEXE constituem uma excelente maneira de ensinar e praticar essas estrat\u00e9gias de autorregula\u00e7\u00e3o. Essas atividades curtas e guiadas ajudam a crian\u00e7a a desenvolver sua capacidade de se acalmar e se reorientar de maneira aut\u00f4noma.<\/p>\n\n            <h2>10. Uso de tecnologias adaptadas<\/h2>\n\n            <p>A integra\u00e7\u00e3o judiciosa de tecnologias adaptadas pode acelerar consideravelmente o desenvolvimento da autonomia em crian\u00e7as autistas. Essas ferramentas, quando bem escolhidas e utilizadas de maneira estruturada, oferecem oportunidades de aprendizado personalizadas e motivadoras.<\/p>\n\n            <p>Os aplicativos COCO PENSA e COCO SE MEXE exemplificam essa abordagem tecnol\u00f3gica adaptada. Eles oferecem atividades especialmente projetadas para estimular as fun\u00e7\u00f5es cognitivas enquanto desenvolvem a autonomia pr\u00e1tica. A interface intuitiva e os feedbacks positivos mant\u00eam o engajamento da crian\u00e7a, respeitando suas particularidades sensoriais.<\/p>\n\n            <p>A vantagem das ferramentas digitais tamb\u00e9m reside em sua capacidade de se adaptar automaticamente ao n\u00edvel e ao ritmo de cada crian\u00e7a. Essa personaliza\u00e7\u00e3o autom\u00e1tica permite um aprendizado \u00f3timo sem risco de frustra\u00e7\u00e3o relacionada a um n\u00edvel inadequado.<\/p>\n\n            <div class=\"tip-box\">\n                <div class=\"tip-box-label\">Otimiza\u00e7\u00e3o tecnol\u00f3gica<\/div>\n                <p>Alterne entre atividades digitais e atividades concretas para manter o equil\u00edbrio. A regra dos 30\/30: 30 minutos de atividade digital para 30 minutos de atividade f\u00edsica ou manual.<\/p>\n            <\/div>\n\n            <h3>Criterios de sele\u00e7\u00e3o das ferramentas digitais<\/h3>\n\n            <p>A escolha de ferramentas digitais apropriadas requer aten\u00e7\u00e3o especial a v\u00e1rios crit\u00e9rios espec\u00edficos \u00e0s necessidades das crian\u00e7as autistas. A interface deve ser clara, previs\u00edvel e minimizar distra\u00e7\u00f5es sensoriais excessivas. As instru\u00e7\u00f5es devem ser simples e repet\u00edveis.<\/p>\n\n            <p>A possibilidade de personaliza\u00e7\u00e3o \u00e9 um crit\u00e9rio essencial. Cada crian\u00e7a autista tem necessidades \u00fanicas, portanto, a ferramenta escolhida deve permitir adaptar os par\u00e2metros visuais, auditivos e interativos de acordo com as prefer\u00eancias individuais.<\/p>\n<div class=\"key-points\">\n                <h4>Caracter\u00edsticas essenciais de uma boa ferramenta digital:<\/h4>\n                <ul>\n                    <li>Interface clara e limpa<\/li>\n                    <li>Possibilidade de personaliza\u00e7\u00e3o sensorial<\/li>\n                    <li>Progress\u00e3o adaptativa autom\u00e1tica<\/li>\n                    <li>Feedback positivo e construtivo<\/li>\n                    <li>Integra\u00e7\u00e3o de pausas ativas<\/li>\n                    <li>Acompanhamento detalhado dos progressos<\/li>\n                <\/ul>\n            <\/div>\n\n            <h2>11. Avalia\u00e7\u00e3o e acompanhamento dos progressos<\/h2>\n\n            <p>A avalia\u00e7\u00e3o regular e sistem\u00e1tica dos progressos constitui um elemento indispens\u00e1vel para ajustar as estrat\u00e9gias de interven\u00e7\u00e3o e manter a motiva\u00e7\u00e3o de todos os intervenientes. Esta avalia\u00e7\u00e3o deve ser tanto qualitativa quanto quantitativa, documentando n\u00e3o apenas as compet\u00eancias adquiridas, mas tamb\u00e9m os processos de aprendizagem observados.<\/p>\n\n            <p>As ferramentas de avalia\u00e7\u00e3o devem ser adaptadas \u00e0s particularidades das crian\u00e7as com autismo, levando em conta seus modos de express\u00e3o preferenciais e suas varia\u00e7\u00f5es de desempenho conforme os contextos. \u00c9 importante documentar os progressos em diferentes ambientes para avaliar a generaliza\u00e7\u00e3o dos conhecimentos adquiridos.<\/p>\n\n            <p>A colabora\u00e7\u00e3o entre todos os intervenientes (pais, terapeutas, professores) no processo de avalia\u00e7\u00e3o assegura uma vis\u00e3o completa e coerente dos progressos da crian\u00e7a. Esta abordagem colaborativa tamb\u00e9m permite identificar rapidamente as \u00e1reas que necessitam de aten\u00e7\u00e3o especial.<\/p>\n\n            <div class=\"expert-box\">\n                <div class=\"expert-box-label\">METODOLOGIA DYNSEO<\/div>\n                <div class=\"expert-box-title\">Sistema de avalia\u00e7\u00e3o multi-dimensional<\/div>\n                <p>Nossa abordagem avaliativa cobre 12 \u00e1reas de compet\u00eancias e utiliza indicadores objetivos mensur\u00e1veis para acompanhar os progressos de maneira precisa.<\/p>\n                \n                <div class=\"expert-inner\">\n<div class=\"expert-inner-title\">Dom\u00ednios avaliados :<\/div>\n                    <p>Comunica\u00e7\u00e3o, autonomia di\u00e1ria, compet\u00eancias sociais, regula\u00e7\u00e3o emocional, fun\u00e7\u00f5es executivas, motricidade fina e global, aten\u00e7\u00e3o e concentra\u00e7\u00e3o.<\/p>\n                <\/div>\n            <\/div>\n\n            <h3>Ferramentas de medi\u00e7\u00e3o e documenta\u00e7\u00e3o<\/h3>\n\n            <p>A documenta\u00e7\u00e3o sistem\u00e1tica dos progressos facilita a identifica\u00e7\u00e3o das estrat\u00e9gias mais eficazes para cada crian\u00e7a. Esta documenta\u00e7\u00e3o pode assumir v\u00e1rias formas: grelhas de observa\u00e7\u00e3o, portf\u00f3lios visuais, grava\u00e7\u00f5es em v\u00eddeo, ou dados gerados automaticamente pelas aplica\u00e7\u00f5es utilizadas.<\/p>\n\n            <p>Os dados recolhidos pelas aplica\u00e7\u00f5es COCO constituem uma fonte preciosa de informa\u00e7\u00f5es objetivas sobre os progressos cognitivos e comportamentais da crian\u00e7a. Esses dados podem ser partilhados com os profissionais de sa\u00fade para enriquecer a avalia\u00e7\u00e3o global.<\/p>\n\n            <h2>12. Preparar o futuro e a autonomia a longo prazo<\/h2>\n\n            <p>A prepara\u00e7\u00e3o da autonomia a longo prazo requer uma vis\u00e3o prospectiva que antecipa as necessidades futuras da crian\u00e7a autista que se torna adolescente e depois adulta. Este planejamento precoce permite direcionar as aprendizagens atuais para as compet\u00eancias que ser\u00e3o essenciais para a independ\u00eancia futura.<\/p>\n\n            <p>A identifica\u00e7\u00e3o precoce dos interesses e talentos espec\u00edficos da crian\u00e7a orienta o desenvolvimento de compet\u00eancias especializadas que poder\u00e3o constituir ativos para sua inser\u00e7\u00e3o social e profissional futura. Esta abordagem valoriza as for\u00e7as individuais enquanto trabalha nas dificuldades.<\/p>\n\n            <p>A transi\u00e7\u00e3o para a idade adulta representa um desafio particular que requer uma prepara\u00e7\u00e3o espec\u00edfica. Esta prepara\u00e7\u00e3o inclui o desenvolvimento de compet\u00eancias pr\u00e1ticas avan\u00e7adas, o aprendizado da gest\u00e3o financeira b\u00e1sica e a prepara\u00e7\u00e3o para as rela\u00e7\u00f5es sociais adultas.<\/p>\n\n            <div class=\"conseil-card\">\n                <h4>\ud83c\udfaf Vis\u00e3o a longo prazo<\/h4>\n                <p>A partir dos 8-10 anos, comece a identificar e cultivar os interesses espec\u00edficos da crian\u00e7a. Esses interesses podem se tornar alavancas poderosas para desenvolver a autonomia e orientar o percurso futuro.<\/p>\n            <\/div>\n\n            <div class=\"key-points\">\n                <h4>Compet\u00eancias-chave para a autonomia adulta :<\/h4>\n                <ul>\n                    <li>Gest\u00e3o do or\u00e7amento e das finan\u00e7as pessoais<\/li>\n                    <li>Utiliza\u00e7\u00e3o aut\u00f4noma dos transportes p\u00fablicos<\/li>\n                    <li>Manuten\u00e7\u00e3o de uma habita\u00e7\u00e3o (limpeza, manuten\u00e7\u00e3o)<\/li>\n                    <li>Rela\u00e7\u00f5es sociais e amorosas adequadas<\/li>\n                    <li>Gest\u00e3o administrativa b\u00e1sica<\/li>\n                    <li>Pesquisa e utiliza\u00e7\u00e3o de recursos de ajuda<\/li>\n                <\/ul>\n            <\/div>\n\n            <div class=\"faq-list\">\n                <h2>Perguntas frequentes<\/h2>\n                \n                <div class=\"faq-item\">\n                    <div class=\"faq-q\">\n                        <span>Com que idade pode-se come\u00e7ar a trabalhar a autonomia com uma crian\u00e7a autista ?<\/span>\n                        <span class=\"faq-icon\">+<\/span>\n                    <\/div>\n                    <div class=\"faq-a\">\n                        <p>N\u00e3o h\u00e1 idade m\u00ednima para come\u00e7ar a desenvolver a autonomia. A partir dos 2-3 anos, compet\u00eancias simples podem ser trabalhadas de forma adequada. O importante \u00e9 ajustar os objetivos ao n\u00edvel de desenvolvimento da crian\u00e7a e progredir por pequenas etapas. As aplica\u00e7\u00f5es COCO s\u00e3o adequadas a partir dos 5 anos e prop\u00f5em atividades evolutivas.<\/p>\n                    <\/div>\n                <\/div>\n<div class=\"faq-item\">\n                    <div class=\"faq-q\">\n                        <span>Quanto tempo leva para ver progressos significativos?<\/span>\n                        <span class=\"faq-icon\">+<\/span>\n                    <\/div>\n                    <div class=\"faq-a\">\n                        <p>Os primeiros progressos podem ser observados a partir de 2-3 semanas de interven\u00e7\u00e3o consistente, mas mudan\u00e7as significativas geralmente requerem de 3 a 6 meses. Cada crian\u00e7a progride no seu pr\u00f3prio ritmo, e \u00e9 importante celebrar todos os pequenos progressos. A regularidade da interven\u00e7\u00e3o \u00e9 mais importante do que a intensidade.<\/p>\n                    <\/div>\n                <\/div>\n\n                <div class=\"faq-item\">\n                    <div class=\"faq-q\">\n                        <span>Como lidar com as regress\u00f5es ou os plat\u00f4s nos aprendizados?<\/span>\n                        <span class=\"faq-icon\">+<\/span>\n                    <\/div>\n                    <div class=\"faq-a\">\n                        <p>As regress\u00f5es s\u00e3o normais no desenvolvimento de crian\u00e7as com autismo e podem estar relacionadas ao estresse, mudan\u00e7as ou fases de desenvolvimento. \u00c9 importante manter as rotinas, reduzir temporariamente as exig\u00eancias e retomar gradualmente os objetivos. Esses per\u00edodos s\u00e3o frequentemente seguidos de saltos significativos.<\/p>\n                    <\/div>\n                <\/div>\n\n                <div class=\"faq-item\">\n                    <div class=\"faq-q\">\n                        <span>Quais s\u00e3o os sinais de que a crian\u00e7a est\u00e1 pronta para uma nova etapa de autonomia?<\/span>\n                        <span class=\"faq-icon\">+<\/span>\n                    <\/div>\n                    <div class=\"faq-a\">\n                        <p>Os sinais incluem: dom\u00ednio est\u00e1vel da compet\u00eancia atual, busca espont\u00e2nea de novas atividades, imita\u00e7\u00e3o de comportamentos mais complexos e diminui\u00e7\u00e3o da necessidade de ajuda para as tarefas adquiridas. A crian\u00e7a tamb\u00e9m pode expressar verbalmente ou n\u00e3o verbalmente seu desejo de fazer \"como os grandes\".<\/p>\n                    <\/div>\n                <\/div>\n\n                <div class=\"faq-item\">\n                    <div class=\"faq-q\">\n                        <span>Como adaptar as estrat\u00e9gias para uma crian\u00e7a n\u00e3o-verbal?<\/span>\n                        <span class=\"faq-icon\">+<\/span>\n                    <\/div>\n                    <div class=\"faq-a\">\n                        <p>Para crian\u00e7as n\u00e3o-verbais, o foco est\u00e1 na comunica\u00e7\u00e3o alternativa (pictogramas, gestos, aplicativos de comunica\u00e7\u00e3o), suportes visuais refor\u00e7ados e observa\u00e7\u00e3o atenta dos sinais n\u00e3o-verbais. Os aplicativos COCO oferecem interfaces totalmente visuais que facilitam a intera\u00e7\u00e3o sem exig\u00eancia verbal.<\/p>\n                    <\/div>\n                <\/div>\n            <\/div>\n\n            <div class=\"cta-box\">\n                <h3>Acompanhe seu filho rumo a mais autonomia com DYNSEO<\/h3>\n                <p>Descubra COCO PENSA e COCO SE MEXE, os aplicativos especialmente projetados para estimular o desenvolvimento cognitivo e a autonomia de crian\u00e7as com autismo. Mais de 5000 fam\u00edlias confiam em n\u00f3s para acompanhar seus filhos no dia a dia.<\/p>\n                \n                <div class=\"cta-buttons\">\n                    <a href=\"https:\/\/www.dynseo.com\/pt-pt\/coco-pensa-e-coco-se-mexe\/\" class=\"btn-white\">Descobrir COCO<\/a>\n                    <a href=\"https:\/\/www.dynseo.com\/pt-pt\/coco-pensa-e-coco-se-mexe\/\" class=\"btn-outline\">Teste gratuito<\/a>\n                <\/div>\n            <\/div>\n\n            <div class=\"article-tags\">\n                <h3>Tags :<\/h3>\n                <a href=\"#\" class=\"article-tag\">Autismo<\/a>\n                <a href=\"#\" class=\"article-tag\">Autonomia infantil<\/a>\n                <a href=\"#\" class=\"article-tag\">Desenvolvimento cognitivo<\/a>\n                <a href=\"#\" class=\"article-tag\">Estrat\u00e9gias educativas<\/a>\n                <a href=\"#\" class=\"article-tag\">Aplicativo COCO<\/a>\n                <a href=\"#\" class=\"article-tag\">Inclus\u00e3o escolar<\/a>\n                <a href=\"#\" class=\"article-tag\">Suportes visuais<\/a>\n                <a href=\"#\" class=\"article-tag\">Comunica\u00e7\u00e3o alternativa<\/a>\n                <a href=\"#\" class=\"article-tag\">Pais de autismo<\/a>\n                <a href=\"#\" class=\"article-tag\">Habilidades sociais<\/a>\n                <a href=\"#\" class=\"article-tag\">Regula\u00e7\u00e3o emocional<\/a>\n                <a href=\"#\" class=\"article-tag\">Tecnologias adaptadas<\/a>\n            <\/div>\n        <\/div>\n    <\/div>[\/et_pb_code][\/et_pb_column][\/et_pb_row][\/et_pb_section]","_et_gb_content_width":"","footnotes":""},"categories":[2915],"tags":[],"class_list":["post-580822","post","type-post","status-publish","format-standard","has-post-thumbnail","hentry","category-les-conseils-des-coachs"],"yoast_head":"<!-- This site is optimized with the Yoast SEO plugin v27.4 - https:\/\/yoast.com\/product\/yoast-seo-wordpress\/ -->\n<title>Desenvolvimento da Autonomia em Crian\u00e7as Autistas: Estrat\u00e9gias e Conselhos - DYNSEO - Aplica\u00e7\u00f5es educativas e jogos de mem\u00f3ria<\/title>\n<meta name=\"robots\" content=\"index, follow, max-snippet:-1, max-image-preview:large, max-video-preview:-1\" \/>\n<link rel=\"canonical\" href=\"https:\/\/www.dynseo.com\/pt-pt\/desenvolvimento-da-autonomia-em-criancas-autistas-estrategias-e-conselhos\/\" \/>\n<meta property=\"og:locale\" content=\"pt_PT\" \/>\n<meta property=\"og:type\" content=\"article\" \/>\n<meta property=\"og:title\" content=\"Desenvolvimento da Autonomia em Crian\u00e7as Autistas: Estrat\u00e9gias e Conselhos - DYNSEO - Aplica\u00e7\u00f5es educativas e jogos de mem\u00f3ria\" \/>\n<meta property=\"og:url\" content=\"https:\/\/www.dynseo.com\/pt-pt\/desenvolvimento-da-autonomia-em-criancas-autistas-estrategias-e-conselhos\/\" \/>\n<meta property=\"og:site_name\" content=\"DYNSEO - Aplica\u00e7\u00f5es educativas e jogos de mem\u00f3ria\" \/>\n<meta property=\"article:published_time\" content=\"2026-05-03T02:52:56+00:00\" \/>\n<meta property=\"article:modified_time\" content=\"2026-05-03T02:58:59+00:00\" \/>\n<meta property=\"og:image\" content=\"https:\/\/www.dynseo.com\/wp-content\/uploads\/2024\/03\/intro-autisme.webp\" \/>\n\t<meta property=\"og:image:width\" content=\"1000\" \/>\n\t<meta property=\"og:image:height\" content=\"666\" \/>\n\t<meta property=\"og:image:type\" content=\"image\/webp\" \/>\n<meta name=\"author\" content=\"DYNSEO\" \/>\n<meta name=\"twitter:label1\" content=\"Escrito por\" \/>\n\t<meta name=\"twitter:data1\" content=\"DYNSEO\" \/>\n\t<meta name=\"twitter:label2\" content=\"Tempo estimado de leitura\" \/>\n\t<meta name=\"twitter:data2\" content=\"21 minutos\" \/>\n<script type=\"application\/ld+json\" class=\"yoast-schema-graph\">{\"@context\":\"https:\\\/\\\/schema.org\",\"@graph\":[{\"@type\":\"Article\",\"@id\":\"https:\\\/\\\/www.dynseo.com\\\/pt-pt\\\/desenvolvimento-da-autonomia-em-criancas-autistas-estrategias-e-conselhos\\\/#article\",\"isPartOf\":{\"@id\":\"https:\\\/\\\/www.dynseo.com\\\/pt-pt\\\/desenvolvimento-da-autonomia-em-criancas-autistas-estrategias-e-conselhos\\\/\"},\"author\":{\"name\":\"DYNSEO\",\"@id\":\"https:\\\/\\\/www.dynseo.com\\\/pt-pt\\\/#\\\/schema\\\/person\\\/78ef63df2ee64e0989bc68f8401b38d6\"},\"headline\":\"Desenvolvimento da Autonomia em Crian\u00e7as Autistas: Estrat\u00e9gias e Conselhos\",\"datePublished\":\"2026-05-03T02:52:56+00:00\",\"dateModified\":\"2026-05-03T02:58:59+00:00\",\"mainEntityOfPage\":{\"@id\":\"https:\\\/\\\/www.dynseo.com\\\/pt-pt\\\/desenvolvimento-da-autonomia-em-criancas-autistas-estrategias-e-conselhos\\\/\"},\"wordCount\":4288,\"publisher\":{\"@id\":\"https:\\\/\\\/www.dynseo.com\\\/pt-pt\\\/#organization\"},\"image\":{\"@id\":\"https:\\\/\\\/www.dynseo.com\\\/pt-pt\\\/desenvolvimento-da-autonomia-em-criancas-autistas-estrategias-e-conselhos\\\/#primaryimage\"},\"thumbnailUrl\":\"https:\\\/\\\/www.dynseo.com\\\/wp-content\\\/uploads\\\/2024\\\/03\\\/intro-autisme.webp\",\"articleSection\":[\"Les conseils des coachs\"],\"inLanguage\":\"pt-PT\"},{\"@type\":\"WebPage\",\"@id\":\"https:\\\/\\\/www.dynseo.com\\\/pt-pt\\\/desenvolvimento-da-autonomia-em-criancas-autistas-estrategias-e-conselhos\\\/\",\"url\":\"https:\\\/\\\/www.dynseo.com\\\/pt-pt\\\/desenvolvimento-da-autonomia-em-criancas-autistas-estrategias-e-conselhos\\\/\",\"name\":\"Desenvolvimento da Autonomia em Crian\u00e7as Autistas: Estrat\u00e9gias e Conselhos - DYNSEO - Aplica\u00e7\u00f5es educativas e jogos de mem\u00f3ria\",\"isPartOf\":{\"@id\":\"https:\\\/\\\/www.dynseo.com\\\/pt-pt\\\/#website\"},\"primaryImageOfPage\":{\"@id\":\"https:\\\/\\\/www.dynseo.com\\\/pt-pt\\\/desenvolvimento-da-autonomia-em-criancas-autistas-estrategias-e-conselhos\\\/#primaryimage\"},\"image\":{\"@id\":\"https:\\\/\\\/www.dynseo.com\\\/pt-pt\\\/desenvolvimento-da-autonomia-em-criancas-autistas-estrategias-e-conselhos\\\/#primaryimage\"},\"thumbnailUrl\":\"https:\\\/\\\/www.dynseo.com\\\/wp-content\\\/uploads\\\/2024\\\/03\\\/intro-autisme.webp\",\"datePublished\":\"2026-05-03T02:52:56+00:00\",\"dateModified\":\"2026-05-03T02:58:59+00:00\",\"breadcrumb\":{\"@id\":\"https:\\\/\\\/www.dynseo.com\\\/pt-pt\\\/desenvolvimento-da-autonomia-em-criancas-autistas-estrategias-e-conselhos\\\/#breadcrumb\"},\"inLanguage\":\"pt-PT\",\"potentialAction\":[{\"@type\":\"ReadAction\",\"target\":[\"https:\\\/\\\/www.dynseo.com\\\/pt-pt\\\/desenvolvimento-da-autonomia-em-criancas-autistas-estrategias-e-conselhos\\\/\"]}]},{\"@type\":\"ImageObject\",\"inLanguage\":\"pt-PT\",\"@id\":\"https:\\\/\\\/www.dynseo.com\\\/pt-pt\\\/desenvolvimento-da-autonomia-em-criancas-autistas-estrategias-e-conselhos\\\/#primaryimage\",\"url\":\"https:\\\/\\\/www.dynseo.com\\\/wp-content\\\/uploads\\\/2024\\\/03\\\/intro-autisme.webp\",\"contentUrl\":\"https:\\\/\\\/www.dynseo.com\\\/wp-content\\\/uploads\\\/2024\\\/03\\\/intro-autisme.webp\",\"width\":1000,\"height\":666,\"caption\":\"Tecnologia acess\u00edvel para um desenvolvimento saud\u00e1vel\"},{\"@type\":\"BreadcrumbList\",\"@id\":\"https:\\\/\\\/www.dynseo.com\\\/pt-pt\\\/desenvolvimento-da-autonomia-em-criancas-autistas-estrategias-e-conselhos\\\/#breadcrumb\",\"itemListElement\":[{\"@type\":\"ListItem\",\"position\":1,\"name\":\"Accueil\",\"item\":\"https:\\\/\\\/www.dynseo.com\\\/pt-pt\\\/\"},{\"@type\":\"ListItem\",\"position\":2,\"name\":\"Desenvolvimento da Autonomia em Crian\u00e7as Autistas: Estrat\u00e9gias e Conselhos\"}]},{\"@type\":\"WebSite\",\"@id\":\"https:\\\/\\\/www.dynseo.com\\\/pt-pt\\\/#website\",\"url\":\"https:\\\/\\\/www.dynseo.com\\\/pt-pt\\\/\",\"name\":\"Jeux de m\u00e9moire et stimulation cognitive\",\"description\":\"Entra\u00eenez votre m\u00e9moire et votre cerveau avec DYNSEO\",\"publisher\":{\"@id\":\"https:\\\/\\\/www.dynseo.com\\\/pt-pt\\\/#organization\"},\"potentialAction\":[{\"@type\":\"SearchAction\",\"target\":{\"@type\":\"EntryPoint\",\"urlTemplate\":\"https:\\\/\\\/www.dynseo.com\\\/pt-pt\\\/?s={search_term_string}\"},\"query-input\":{\"@type\":\"PropertyValueSpecification\",\"valueRequired\":true,\"valueName\":\"search_term_string\"}}],\"inLanguage\":\"pt-PT\"},{\"@type\":\"Organization\",\"@id\":\"https:\\\/\\\/www.dynseo.com\\\/pt-pt\\\/#organization\",\"name\":\"DYNSEO\",\"url\":\"https:\\\/\\\/www.dynseo.com\\\/pt-pt\\\/\",\"logo\":{\"@type\":\"ImageObject\",\"inLanguage\":\"pt-PT\",\"@id\":\"https:\\\/\\\/www.dynseo.com\\\/pt-pt\\\/#\\\/schema\\\/logo\\\/image\\\/\",\"url\":\"https:\\\/\\\/www.dynseo.com\\\/wp-content\\\/uploads\\\/2022\\\/05\\\/logo-dynseo-new.png\",\"contentUrl\":\"https:\\\/\\\/www.dynseo.com\\\/wp-content\\\/uploads\\\/2022\\\/05\\\/logo-dynseo-new.png\",\"width\":5073,\"height\":1397,\"caption\":\"DYNSEO\"},\"image\":{\"@id\":\"https:\\\/\\\/www.dynseo.com\\\/pt-pt\\\/#\\\/schema\\\/logo\\\/image\\\/\"}},{\"@type\":\"Person\",\"@id\":\"https:\\\/\\\/www.dynseo.com\\\/pt-pt\\\/#\\\/schema\\\/person\\\/78ef63df2ee64e0989bc68f8401b38d6\",\"name\":\"DYNSEO\",\"url\":\"https:\\\/\\\/www.dynseo.com\\\/pt-pt\\\/author\\\/justine\\\/\"}]}<\/script>\n<!-- \/ Yoast SEO plugin. -->","yoast_head_json":{"title":"Desenvolvimento da Autonomia em Crian\u00e7as Autistas: Estrat\u00e9gias e Conselhos - DYNSEO - Aplica\u00e7\u00f5es educativas e jogos de mem\u00f3ria","robots":{"index":"index","follow":"follow","max-snippet":"max-snippet:-1","max-image-preview":"max-image-preview:large","max-video-preview":"max-video-preview:-1"},"canonical":"https:\/\/www.dynseo.com\/pt-pt\/desenvolvimento-da-autonomia-em-criancas-autistas-estrategias-e-conselhos\/","og_locale":"pt_PT","og_type":"article","og_title":"Desenvolvimento da Autonomia em Crian\u00e7as Autistas: Estrat\u00e9gias e Conselhos - DYNSEO - Aplica\u00e7\u00f5es educativas e jogos de mem\u00f3ria","og_url":"https:\/\/www.dynseo.com\/pt-pt\/desenvolvimento-da-autonomia-em-criancas-autistas-estrategias-e-conselhos\/","og_site_name":"DYNSEO - Aplica\u00e7\u00f5es educativas e jogos de mem\u00f3ria","article_published_time":"2026-05-03T02:52:56+00:00","article_modified_time":"2026-05-03T02:58:59+00:00","og_image":[{"width":1000,"height":666,"url":"https:\/\/www.dynseo.com\/wp-content\/uploads\/2024\/03\/intro-autisme.webp","type":"image\/webp"}],"author":"DYNSEO","twitter_misc":{"Escrito por":"DYNSEO","Tempo estimado de leitura":"21 minutos"},"schema":{"@context":"https:\/\/schema.org","@graph":[{"@type":"Article","@id":"https:\/\/www.dynseo.com\/pt-pt\/desenvolvimento-da-autonomia-em-criancas-autistas-estrategias-e-conselhos\/#article","isPartOf":{"@id":"https:\/\/www.dynseo.com\/pt-pt\/desenvolvimento-da-autonomia-em-criancas-autistas-estrategias-e-conselhos\/"},"author":{"name":"DYNSEO","@id":"https:\/\/www.dynseo.com\/pt-pt\/#\/schema\/person\/78ef63df2ee64e0989bc68f8401b38d6"},"headline":"Desenvolvimento da Autonomia em Crian\u00e7as Autistas: Estrat\u00e9gias e Conselhos","datePublished":"2026-05-03T02:52:56+00:00","dateModified":"2026-05-03T02:58:59+00:00","mainEntityOfPage":{"@id":"https:\/\/www.dynseo.com\/pt-pt\/desenvolvimento-da-autonomia-em-criancas-autistas-estrategias-e-conselhos\/"},"wordCount":4288,"publisher":{"@id":"https:\/\/www.dynseo.com\/pt-pt\/#organization"},"image":{"@id":"https:\/\/www.dynseo.com\/pt-pt\/desenvolvimento-da-autonomia-em-criancas-autistas-estrategias-e-conselhos\/#primaryimage"},"thumbnailUrl":"https:\/\/www.dynseo.com\/wp-content\/uploads\/2024\/03\/intro-autisme.webp","articleSection":["Les conseils des coachs"],"inLanguage":"pt-PT"},{"@type":"WebPage","@id":"https:\/\/www.dynseo.com\/pt-pt\/desenvolvimento-da-autonomia-em-criancas-autistas-estrategias-e-conselhos\/","url":"https:\/\/www.dynseo.com\/pt-pt\/desenvolvimento-da-autonomia-em-criancas-autistas-estrategias-e-conselhos\/","name":"Desenvolvimento da Autonomia em Crian\u00e7as Autistas: Estrat\u00e9gias e Conselhos - DYNSEO - Aplica\u00e7\u00f5es educativas e jogos de mem\u00f3ria","isPartOf":{"@id":"https:\/\/www.dynseo.com\/pt-pt\/#website"},"primaryImageOfPage":{"@id":"https:\/\/www.dynseo.com\/pt-pt\/desenvolvimento-da-autonomia-em-criancas-autistas-estrategias-e-conselhos\/#primaryimage"},"image":{"@id":"https:\/\/www.dynseo.com\/pt-pt\/desenvolvimento-da-autonomia-em-criancas-autistas-estrategias-e-conselhos\/#primaryimage"},"thumbnailUrl":"https:\/\/www.dynseo.com\/wp-content\/uploads\/2024\/03\/intro-autisme.webp","datePublished":"2026-05-03T02:52:56+00:00","dateModified":"2026-05-03T02:58:59+00:00","breadcrumb":{"@id":"https:\/\/www.dynseo.com\/pt-pt\/desenvolvimento-da-autonomia-em-criancas-autistas-estrategias-e-conselhos\/#breadcrumb"},"inLanguage":"pt-PT","potentialAction":[{"@type":"ReadAction","target":["https:\/\/www.dynseo.com\/pt-pt\/desenvolvimento-da-autonomia-em-criancas-autistas-estrategias-e-conselhos\/"]}]},{"@type":"ImageObject","inLanguage":"pt-PT","@id":"https:\/\/www.dynseo.com\/pt-pt\/desenvolvimento-da-autonomia-em-criancas-autistas-estrategias-e-conselhos\/#primaryimage","url":"https:\/\/www.dynseo.com\/wp-content\/uploads\/2024\/03\/intro-autisme.webp","contentUrl":"https:\/\/www.dynseo.com\/wp-content\/uploads\/2024\/03\/intro-autisme.webp","width":1000,"height":666,"caption":"Tecnologia acess\u00edvel para um desenvolvimento saud\u00e1vel"},{"@type":"BreadcrumbList","@id":"https:\/\/www.dynseo.com\/pt-pt\/desenvolvimento-da-autonomia-em-criancas-autistas-estrategias-e-conselhos\/#breadcrumb","itemListElement":[{"@type":"ListItem","position":1,"name":"Accueil","item":"https:\/\/www.dynseo.com\/pt-pt\/"},{"@type":"ListItem","position":2,"name":"Desenvolvimento da Autonomia em Crian\u00e7as Autistas: Estrat\u00e9gias e Conselhos"}]},{"@type":"WebSite","@id":"https:\/\/www.dynseo.com\/pt-pt\/#website","url":"https:\/\/www.dynseo.com\/pt-pt\/","name":"Jeux de m\u00e9moire et stimulation cognitive","description":"Entra\u00eenez votre m\u00e9moire et votre cerveau avec DYNSEO","publisher":{"@id":"https:\/\/www.dynseo.com\/pt-pt\/#organization"},"potentialAction":[{"@type":"SearchAction","target":{"@type":"EntryPoint","urlTemplate":"https:\/\/www.dynseo.com\/pt-pt\/?s={search_term_string}"},"query-input":{"@type":"PropertyValueSpecification","valueRequired":true,"valueName":"search_term_string"}}],"inLanguage":"pt-PT"},{"@type":"Organization","@id":"https:\/\/www.dynseo.com\/pt-pt\/#organization","name":"DYNSEO","url":"https:\/\/www.dynseo.com\/pt-pt\/","logo":{"@type":"ImageObject","inLanguage":"pt-PT","@id":"https:\/\/www.dynseo.com\/pt-pt\/#\/schema\/logo\/image\/","url":"https:\/\/www.dynseo.com\/wp-content\/uploads\/2022\/05\/logo-dynseo-new.png","contentUrl":"https:\/\/www.dynseo.com\/wp-content\/uploads\/2022\/05\/logo-dynseo-new.png","width":5073,"height":1397,"caption":"DYNSEO"},"image":{"@id":"https:\/\/www.dynseo.com\/pt-pt\/#\/schema\/logo\/image\/"}},{"@type":"Person","@id":"https:\/\/www.dynseo.com\/pt-pt\/#\/schema\/person\/78ef63df2ee64e0989bc68f8401b38d6","name":"DYNSEO","url":"https:\/\/www.dynseo.com\/pt-pt\/author\/justine\/"}]}},"_links":{"self":[{"href":"https:\/\/www.dynseo.com\/pt-pt\/wp-json\/wp\/v2\/posts\/580822","targetHints":{"allow":["GET"]}}],"collection":[{"href":"https:\/\/www.dynseo.com\/pt-pt\/wp-json\/wp\/v2\/posts"}],"about":[{"href":"https:\/\/www.dynseo.com\/pt-pt\/wp-json\/wp\/v2\/types\/post"}],"author":[{"embeddable":true,"href":"https:\/\/www.dynseo.com\/pt-pt\/wp-json\/wp\/v2\/users\/4"}],"replies":[{"embeddable":true,"href":"https:\/\/www.dynseo.com\/pt-pt\/wp-json\/wp\/v2\/comments?post=580822"}],"version-history":[{"count":14,"href":"https:\/\/www.dynseo.com\/pt-pt\/wp-json\/wp\/v2\/posts\/580822\/revisions"}],"predecessor-version":[{"id":580836,"href":"https:\/\/www.dynseo.com\/pt-pt\/wp-json\/wp\/v2\/posts\/580822\/revisions\/580836"}],"wp:featuredmedia":[{"embeddable":true,"href":"https:\/\/www.dynseo.com\/pt-pt\/wp-json\/wp\/v2\/media\/122169"}],"wp:attachment":[{"href":"https:\/\/www.dynseo.com\/pt-pt\/wp-json\/wp\/v2\/media?parent=580822"}],"wp:term":[{"taxonomy":"category","embeddable":true,"href":"https:\/\/www.dynseo.com\/pt-pt\/wp-json\/wp\/v2\/categories?post=580822"},{"taxonomy":"post_tag","embeddable":true,"href":"https:\/\/www.dynseo.com\/pt-pt\/wp-json\/wp\/v2\/tags?post=580822"}],"curies":[{"name":"wp","href":"https:\/\/api.w.org\/{rel}","templated":true}]}}