{"id":69724,"date":"2025-11-25T23:39:45","date_gmt":"2025-11-25T22:39:45","guid":{"rendered":"https:\/\/www.dynseo.com\/avaliacao-da-fonoaudiologia-e-da-terapia-linguistica-para-adultos\/"},"modified":"2026-03-20T16:57:22","modified_gmt":"2026-03-20T15:57:22","slug":"o-balance-ortofonico-do-adulto","status":"publish","type":"post","link":"https:\/\/www.dynseo.com\/pt-pt\/o-balance-ortofonico-do-adulto\/","title":{"rendered":"O balan\u00e7o ortof\u00f4nico do adulto"},"content":{"rendered":"<p>[et_pb_section fb_built=&#8221;1&#8243; admin_label=&#8221;Article HTML v8.4&#8243; _builder_version=&#8221;4.16&#8243; custom_padding=&#8221;6px|||||&#8221; global_colors_info=&#8221;{}&#8221;][et_pb_row _builder_version=&#8221;4.27.6&#8243; background_size=&#8221;initial&#8221; background_position=&#8221;top_left&#8221; background_repeat=&#8221;repeat&#8221; width=&#8221;100%&#8221; max_width=&#8221;1967px&#8221; custom_padding=&#8221;0px|||||&#8221; global_colors_info=&#8221;{}&#8221;][et_pb_column type=&#8221;4_4&#8243; _builder_version=&#8221;4.16&#8243; global_colors_info=&#8221;{}&#8221;][et_pb_code admin_label=&#8221;HTML stylis\u00e9&#8221; _builder_version=&#8221;4.27.6&#8243; hover_enabled=&#8221;0&#8243; global_colors_info=&#8221;{}&#8221; sticky_enabled=&#8221;0&#8243;]<!DOCTYPE html><!-- [et_pb_line_break_holder] --><html lang=\"fr\"><!-- [et_pb_line_break_holder] --><head><!-- [et_pb_line_break_holder] --><meta charset=\"UTF-8\"><!-- [et_pb_line_break_holder] --><meta name=\"viewport\" content=\"width=device-width, initial-scale=1.0\"><!-- [et_pb_line_break_holder] --><meta name=\"description\" content=\"Orthophonie pour adultes : bilan, th\u00e9rapie, outils num\u00e9riques, troubles trait\u00e9s (aphasie, dysarthrie, voix, d\u00e9glutition, m\u00e9moire). Guide complet + application JOE DYNSEO.\"><!-- [et_pb_line_break_holder] --><title>Orthophonie pour Adultes : Bilan, Th\u00e9rapie et Outils Num\u00e9riques | DYNSEO JOE<\/title><!-- [et_pb_line_break_holder] --><link rel=\"preconnect\" href=\"https:\/\/fonts.googleapis.com\"><!-- [et_pb_line_break_holder] --><link rel=\"preconnect\" href=\"https:\/\/fonts.gstatic.com\" crossorigin><!-- [et_pb_line_break_holder] --><link href=\"https:\/\/fonts.googleapis.com\/css2?family=Montserrat:wght@500;600;700;800;900&#038;family=Poppins:wght@400;500;600;700&#038;display=swap\" rel=\"stylesheet\"><!-- [et_pb_line_break_holder] --><\/p>\n<style><!-- [et_pb_line_break_holder] -->*{margin:0;padding:0;box-sizing:border-box;}html{scroll-behavior:smooth;}<!-- [et_pb_line_break_holder] -->body{font-family:'Poppins',-apple-system,BlinkMacSystemFont,sans-serif;line-height:1.75;color:#333;background:#fff;overflow-x:hidden;}<!-- [et_pb_line_break_holder] -->img{max-width:100%;height:auto;display:block;}a{color:inherit;text-decoration:none;}<!-- [et_pb_line_break_holder] -->:root{--blue:#5e5ed7;--blue-dark:#5268c9;--teal:#a9e2e4;--teal-soft:#f0fafb;--yellow:#ffeca7;--yellow-soft:#fffbee;--pink:#e73469;--pink-soft:#fef0f4;--dark:#1a1a2e;--radius:20px;--shadow:0 4px 20px rgba(0,0,0,.06);}<!-- [et_pb_line_break_holder] -->.container{max-width:820px;margin:0 auto;padding:0 24px;}<!-- [et_pb_line_break_holder] -->.article-hero{background:linear-gradient(160deg,#f0fafb 0%,#fef9ff 55%,#fffbee 100%);padding:70px 24px 0;position:relative;overflow:visible;}<!-- [et_pb_line_break_holder] -->.article-hero-curve{position:absolute;bottom:-2px;left:0;right:0;width:100%;height:60px;background:#fff;border-radius:50% 50% 0 0;z-index:4;}<!-- [et_pb_line_break_holder] -->.article-hero-inner{max-width:820px;margin:0 auto;position:relative;z-index:3;padding-bottom:80px;}<!-- [et_pb_line_break_holder] -->.article-breadcrumb{font-size:12px;color:var(--blue);margin-bottom:20px;}<!-- [et_pb_line_break_holder] -->.article-breadcrumb a{color:var(--blue);border-bottom:1px solid rgba(94,94,215,.25);}<!-- [et_pb_line_break_holder] -->.article-category{display:inline-block;font-family:'Montserrat',sans-serif;font-size:11px;font-weight:700;letter-spacing:1.5px;text-transform:uppercase;color:var(--blue);background:#fff;border-radius:30px;padding:7px 18px;margin-bottom:16px;box-shadow:var(--shadow);}<!-- [et_pb_line_break_holder] -->.article-hero h1{font-family:'Montserrat',sans-serif;font-size:clamp(24px,4vw,34px);font-weight:900;color:var(--dark);line-height:1.3;margin-bottom:16px;}<!-- [et_pb_line_break_holder] -->.article-hero h1 .hl{display:inline;color:#fff;background:var(--blue);border-radius:8px;padding:1px 12px 3px;}<!-- [et_pb_line_break_holder] -->.article-meta{font-size:13px;color:#555;display:flex;gap:20px;flex-wrap:wrap;align-items:center;}<!-- [et_pb_line_break_holder] -->.article-body{padding:50px 0 60px;}<!-- [et_pb_line_break_holder] -->.article-body p{margin-bottom:22px;text-align:justify;font-size:15px;color:#444;line-height:1.9;}<!-- [et_pb_line_break_holder] -->.article-body strong{color:var(--dark);font-weight:600;}<!-- [et_pb_line_break_holder] -->.article-body h2{font-family:'Montserrat',sans-serif;font-size:clamp(20px,3vw,26px);font-weight:800;color:var(--dark);margin:55px 0 18px;padding-bottom:10px;border-bottom:3px solid var(--teal);}<!-- [et_pb_line_break_holder] -->.article-body h3{font-family:'Montserrat',sans-serif;font-size:clamp(17px,2.5vw,20px);font-weight:700;color:var(--blue);margin:35px 0 14px;}<!-- [et_pb_line_break_holder] -->.intro-block{background:var(--teal-soft);border-left:4px solid var(--teal);border-radius:0 var(--radius) var(--radius) 0;padding:24px 28px;margin:30px 0 40px;font-size:15px;color:#444;line-height:1.85;}<!-- [et_pb_line_break_holder] -->.stats-grid{display:grid;grid-template-columns:repeat(auto-fit,minmax(150px,1fr));gap:16px;margin:35px 0;}<!-- [et_pb_line_break_holder] -->.stat-card{text-align:center;padding:26px 16px;background:#fff;border-radius:var(--radius);box-shadow:var(--shadow);border-top:4px solid var(--teal);}<!-- [et_pb_line_break_holder] -->.stat-card:nth-child(2){border-top-color:var(--blue);}<!-- [et_pb_line_break_holder] -->.stat-card:nth-child(3){border-top-color:var(--pink);}<!-- [et_pb_line_break_holder] -->.stat-card:nth-child(4){border-top-color:var(--yellow);}<!-- [et_pb_line_break_holder] -->.stat-card .number{font-family:'Montserrat',sans-serif;font-size:2rem;font-weight:900;color:var(--dark);line-height:1;}<!-- [et_pb_line_break_holder] -->.stat-card .label{font-size:12px;color:#777;margin-top:8px;font-weight:500;line-height:1.4;}<!-- [et_pb_line_break_holder] -->.cards-grid{display:grid;grid-template-columns:repeat(3,1fr);gap:16px;margin:30px 0;}<!-- [et_pb_line_break_holder] -->@media(max-width:640px){.cards-grid{grid-template-columns:1fr 1fr;}}<!-- [et_pb_line_break_holder] -->.info-card{background:#fff;border-radius:var(--radius);padding:22px 18px;text-align:center;box-shadow:var(--shadow);border-bottom:3px solid var(--teal);transition:transform .25s;}<!-- [et_pb_line_break_holder] -->.info-card:hover{transform:translateY(-4px);}<!-- [et_pb_line_break_holder] -->.info-card:nth-child(3n+1){border-bottom-color:var(--teal);}<!-- [et_pb_line_break_holder] -->.info-card:nth-child(3n+2){border-bottom-color:var(--pink);}<!-- [et_pb_line_break_holder] -->.info-card:nth-child(3n+3){border-bottom-color:var(--blue);}<!-- [et_pb_line_break_holder] -->.info-card .icon{font-size:2rem;margin-bottom:10px;}<!-- [et_pb_line_break_holder] -->.info-card h4{font-family:'Montserrat',sans-serif;font-size:13px;font-weight:700;color:var(--dark);margin-bottom:6px;}<!-- [et_pb_line_break_holder] -->.info-card p{font-size:12px;color:#666;margin:0;line-height:1.55;}<!-- [et_pb_line_break_holder] -->.trouble-card{background:#fff;border-radius:var(--radius);padding:26px 28px;box-shadow:0 4px 18px rgba(0,0,0,.07);margin:20px 0;border-left:5px solid var(--teal);}<!-- [et_pb_line_break_holder] -->.trouble-card:nth-child(2n){border-left-color:var(--blue);}<!-- [et_pb_line_break_holder] -->.trouble-card:nth-child(3n){border-left-color:var(--pink);}<!-- [et_pb_line_break_holder] -->.trouble-label{font-family:'Montserrat',sans-serif;font-size:11px;font-weight:700;letter-spacing:1.5px;text-transform:uppercase;color:var(--blue);margin-bottom:5px;}<!-- [et_pb_line_break_holder] -->.trouble-title{font-family:'Montserrat',sans-serif;font-size:17px;font-weight:800;color:var(--dark);margin-bottom:12px;}<!-- [et_pb_line_break_holder] -->.trouble-card p{font-size:14px;color:#444;line-height:1.85;margin-bottom:8px;}<!-- [et_pb_line_break_holder] -->.trouble-card p:last-child{margin-bottom:0;}<!-- [et_pb_line_break_holder] -->.trouble-inner{background:var(--teal-soft);border-radius:12px;padding:14px 18px;margin-top:14px;}<!-- [et_pb_line_break_holder] -->.trouble-inner-title{font-family:'Montserrat',sans-serif;font-size:11px;font-weight:700;color:var(--blue-dark);margin-bottom:6px;text-transform:uppercase;letter-spacing:.8px;}<!-- [et_pb_line_break_holder] -->.trouble-inner p{font-size:13px;color:#444;margin:0;line-height:1.7;}<!-- [et_pb_line_break_holder] -->.joe-game-card{background:#fff;border-radius:var(--radius);padding:20px 22px;box-shadow:0 4px 16px rgba(0,0,0,.06);margin:12px 0;display:flex;gap:16px;align-items:center;border:2px solid #f0f0ff;transition:all .25s;}<!-- [et_pb_line_break_holder] -->.joe-game-card:hover{transform:translateY(-3px);border-color:var(--teal);}<!-- [et_pb_line_break_holder] -->.joe-game-card .joe-icon{font-size:2rem;flex-shrink:0;}<!-- [et_pb_line_break_holder] -->.joe-game-card h4{font-family:'Montserrat',sans-serif;font-size:15px;font-weight:800;color:var(--dark);margin-bottom:4px;}<!-- [et_pb_line_break_holder] -->.joe-game-card p{font-size:13px;color:#555;margin:0;line-height:1.6;}<!-- [et_pb_line_break_holder] -->.key-points{background:var(--teal-soft);padding:28px 32px;border-radius:var(--radius);margin:35px 0;box-shadow:var(--shadow);}<!-- [et_pb_line_break_holder] -->.key-points h3{font-family:'Montserrat',sans-serif;font-size:16px;font-weight:800;color:var(--blue-dark);margin:0 0 14px;}<!-- [et_pb_line_break_holder] -->.key-points ul{list-style:none;padding:0;margin:0;}<!-- [et_pb_line_break_holder] -->.key-points li{margin:10px 0;padding-left:26px;position:relative;color:#444;font-size:14px;line-height:1.75;}<!-- [et_pb_line_break_holder] -->.key-points li::before{content:'\u2726';position:absolute;left:0;color:var(--pink);font-size:11px;top:3px;}<!-- [et_pb_line_break_holder] -->.tip-box{background:var(--yellow-soft);border-left:4px solid #f5c842;border-radius:0 var(--radius) var(--radius) 0;padding:22px 26px;margin:30px 0;}<!-- [et_pb_line_break_holder] -->.tip-box-label{font-family:'Montserrat',sans-serif;font-size:11px;font-weight:700;letter-spacing:1.2px;text-transform:uppercase;color:#a07000;margin-bottom:8px;}<!-- [et_pb_line_break_holder] -->.tip-box p{font-size:14px;color:#444;margin:0;line-height:1.8;}<!-- [et_pb_line_break_holder] -->.expert-box{background:#fff;border-radius:var(--radius);padding:28px 30px;box-shadow:0 6px 25px rgba(0,0,0,.07);margin:35px 0;border-top:4px solid var(--blue);}<!-- [et_pb_line_break_holder] -->.expert-box-label{font-family:'Montserrat',sans-serif;font-size:11px;font-weight:700;letter-spacing:1.5px;text-transform:uppercase;color:var(--blue);margin-bottom:6px;}<!-- [et_pb_line_break_holder] -->.expert-box-title{font-family:'Montserrat',sans-serif;font-size:17px;font-weight:800;color:var(--dark);margin-bottom:14px;}<!-- [et_pb_line_break_holder] -->.expert-box p{font-size:14px;color:#444;line-height:1.8;margin-bottom:10px;}<!-- [et_pb_line_break_holder] -->.expert-box p:last-child{margin-bottom:0;}<!-- [et_pb_line_break_holder] -->.expert-inner{background:var(--teal-soft);border-radius:12px;padding:18px 22px;margin-top:14px;}<!-- [et_pb_line_break_holder] -->.expert-inner-title{font-family:'Montserrat',sans-serif;font-size:12px;font-weight:700;color:var(--blue-dark);margin-bottom:8px;text-transform:uppercase;letter-spacing:.8px;}<!-- [et_pb_line_break_holder] -->.expert-inner p{font-size:13px;color:#444;margin:0;line-height:1.7;}<!-- [et_pb_line_break_holder] -->.dynseo-table{width:100%;border-collapse:collapse;margin:30px 0;border-radius:var(--radius);overflow:hidden;box-shadow:var(--shadow);}<!-- [et_pb_line_break_holder] -->.dynseo-table thead tr{background:var(--blue);color:#fff;}<!-- [et_pb_line_break_holder] -->.dynseo-table th{padding:14px 12px;text-align:left;font-family:'Montserrat',sans-serif;font-size:13px;font-weight:700;}<!-- [et_pb_line_break_holder] -->.dynseo-table td{padding:13px 12px;font-size:13px;color:#444;border-bottom:1px solid #f0f0f0;}<!-- [et_pb_line_break_holder] -->.dynseo-table tr:nth-child(even){background:#f8f8ff;}<!-- [et_pb_line_break_holder] -->.dynseo-table tr.hl td{background:var(--yellow-soft);color:var(--dark);font-weight:600;}<!-- [et_pb_line_break_holder] -->.quote-block{background:#fff8f0;padding:32px;border-radius:var(--radius);margin:40px 0;box-shadow:var(--shadow);position:relative;}<!-- [et_pb_line_break_holder] -->.quote-block::before{content:'201C';font-size:100px;position:absolute;top:-20px;left:18px;font-family:Georgia,serif;color:var(--teal);opacity:.3;line-height:1;}<!-- [et_pb_line_break_holder] -->.quote-block p{font-size:15px;font-style:italic;color:#555;position:relative;z-index:1;margin-bottom:10px;line-height:1.85;}<!-- [et_pb_line_break_holder] -->.quote-block .quote-author{font-family:'Montserrat',sans-serif;font-weight:800;font-style:normal;color:var(--blue);font-size:13px;}<!-- [et_pb_line_break_holder] -->.faq-list{margin:30px 0;}<!-- [et_pb_line_break_holder] -->.faq-item{background:#fff;border:1.5px solid #eee;border-radius:14px;margin-bottom:14px;overflow:hidden;}<!-- [et_pb_line_break_holder] -->.faq-q{padding:18px 22px;font-family:'Montserrat',sans-serif;font-size:14px;font-weight:700;color:var(--dark);display:flex;justify-content:space-between;align-items:center;cursor:pointer;}<!-- [et_pb_line_break_holder] -->.faq-q .faq-icon{font-size:1.2rem;color:var(--pink);transition:transform .3s;flex-shrink:0;margin-left:12px;}<!-- [et_pb_line_break_holder] -->.faq-item.open .faq-icon{transform:rotate(45deg);}<!-- [et_pb_line_break_holder] -->.faq-a{padding:0 22px;max-height:0;overflow:hidden;transition:all .3s;}<!-- [et_pb_line_break_holder] -->.faq-item.open .faq-a{max-height:500px;padding:0 22px 18px;}<!-- [et_pb_line_break_holder] -->.faq-a p{font-size:14px;color:#555;margin:0;line-height:1.75;}<!-- [et_pb_line_break_holder] -->.internal-link{display:flex;align-items:center;gap:20px;background:var(--yellow-soft);padding:24px 28px;border-radius:var(--radius);box-shadow:var(--shadow);margin:40px 0;transition:all .3s ease;}<!-- [et_pb_line_break_holder] -->.internal-link:hover{transform:translateY(-3px);box-shadow:0 8px 28px rgba(0,0,0,.1);}<!-- [et_pb_line_break_holder] -->.internal-link-icon{font-size:2.5rem;flex-shrink:0;}<!-- [et_pb_line_break_holder] -->.internal-link-content{flex:1;}<!-- [et_pb_line_break_holder] -->.internal-link-label{font-size:11px;font-weight:700;letter-spacing:1.5px;text-transform:uppercase;color:var(--pink);margin-bottom:4px;}<!-- [et_pb_line_break_holder] -->.internal-link-title{font-family:'Montserrat',sans-serif;font-size:16px;font-weight:800;color:var(--dark);margin-bottom:4px;}<!-- [et_pb_line_break_holder] -->.internal-link-desc{font-size:13px;color:#555;}<!-- [et_pb_line_break_holder] -->.internal-link-arrow{font-size:1.5rem;color:var(--blue);flex-shrink:0;transition:transform .3s;}<!-- [et_pb_line_break_holder] -->.internal-link:hover .internal-link-arrow{transform:translateX(4px);}<!-- [et_pb_line_break_holder] -->.cta-box{background:linear-gradient(135deg,var(--blue) 0%,var(--blue-dark) 100%);padding:40px 36px;border-radius:22px;margin:50px 0;text-align:center;color:#fff;}<!-- [et_pb_line_break_holder] -->.cta-box h3{font-family:'Montserrat',sans-serif;font-size:22px;font-weight:800;margin-bottom:12px;}<!-- [et_pb_line_break_holder] -->.cta-box p{font-size:14px;color:rgba(255,255,255,.88);margin-bottom:24px;max-width:550px;margin-left:auto;margin-right:auto;}<!-- [et_pb_line_break_holder] -->.cta-buttons{display:flex;justify-content:center;gap:14px;flex-wrap:wrap;}<!-- [et_pb_line_break_holder] -->.btn-white{display:inline-block;padding:14px 34px;border-radius:30px;font-family:'Montserrat',sans-serif;font-size:14px;font-weight:700;background:#fff;color:var(--blue);transition:all .3s ease;}<!-- [et_pb_line_break_holder] -->.btn-white:hover{background:var(--dark);color:#fff;transform:translateY(-2px);}<!-- [et_pb_line_break_holder] -->.btn-outline{display:inline-block;padding:14px 34px;border-radius:30px;font-family:'Montserrat',sans-serif;font-size:14px;font-weight:700;border:2px solid rgba(255,255,255,.5);color:#fff;}<!-- [et_pb_line_break_holder] -->.article-tags{display:flex;flex-wrap:wrap;gap:8px;margin:40px 0 20px;padding-top:30px;border-top:2px solid #f0f0f0;}<!-- [et_pb_line_break_holder] -->.article-tag{display:inline-block;padding:6px 16px;border-radius:30px;font-size:12px;font-weight:600;}<!-- [et_pb_line_break_holder] -->.article-tag:nth-child(odd){color:var(--blue);background:#eeeeff;}<!-- [et_pb_line_break_holder] -->.article-tag:nth-child(even){color:var(--pink);background:var(--pink-soft);}<!-- [et_pb_line_break_holder] -->@media(max-width:768px){.cards-grid{grid-template-columns:1fr 1fr;}.stats-grid{grid-template-columns:1fr 1fr;}.cta-box{padding:28px 22px;}}<!-- [et_pb_line_break_holder] --><\/style>\n<p><!-- [et_pb_line_break_holder] --><\/head><!-- [et_pb_line_break_holder] --><body><!-- [et_pb_line_break_holder] --><!-- [et_pb_line_break_holder] --><\/p>\n<section class=\"article-hero\"><!-- [et_pb_line_break_holder] -->  <\/p>\n<div class=\"article-hero-inner\"><!-- [et_pb_line_break_holder] -->    <\/p>\n<div class=\"container\"><!-- [et_pb_line_break_holder] -->      <pee class=\"article-breadcrumb\"><a href=\"https:\/\/www.dynseo.com\/pt-pt\/\">In\u00edcio<\/a> \u203a <a href=\"https:\/\/www.dynseo.com\/pt-pt\/o-programa-dos-treinadores\/fernando-o-seu-treinador-de-cerebro\/\">FERNANDO \u2014 Coach cerebral<\/a> \u203a Fonoaudiologia para adultos<\/pee><!-- [et_pb_line_break_holder] -->      <span class=\"article-category\">\ud83d\udde3\ufe0f Fonoaudiologia &#038; Reabilita\u00e7\u00e3o<\/span><!-- [et_pb_line_break_holder] -->      <\/p>\n<h1>Fonoaudiologia para Adultos :<!\u2013- [et_pb_br_holder] -\u2013><span class=\"hl\">Avalia\u00e7\u00e3o, Terapia e Ferramentas Digitais<\/span><\/h1>\n<p><!-- [et_pb_line_break_holder] -->      <pee class=\"article-meta\"><!-- [et_pb_line_break_holder] -->        <span>\ud83d\udcc5 Atualizado 2026<\/span><!-- [et_pb_line_break_holder] -->        <span>\u23f1\ufe0f 9 min de leitura<\/span><!-- [et_pb_line_break_holder] -->        <span>\u2705 Guia profissional e para o p\u00fablico em geral<\/span><!-- [et_pb_line_break_holder] -->      <\/pee><!-- [et_pb_line_break_holder] -->      <\/p>\n<div style=\"display:flex;align-items:center;gap:10px;margin-top:16px;\"><!-- [et_pb_line_break_holder] -->        <span style=\"color:#f5a623;font-size:18px;\">\u2605\u2605\u2605\u2605\u2605<\/span><!-- [et_pb_line_break_holder] -->        <span style=\"font-size:13px;color:#555;font-weight:500;\">4,8\/5 \u2014 <span itemprop=\"ratingCount\">1&nbsp;129 avalia\u00e7\u00f5es<\/span><\/span><!-- [et_pb_line_break_holder] -->        <span style=\"font-size:12px;color:#999;\">| Recomendado por fonoaudi\u00f3logos<\/span><!-- [et_pb_line_break_holder] -->      <\/div>\n<p><!-- [et_pb_line_break_holder] -->    <\/div>\n<p><!-- [et_pb_line_break_holder] -->  <\/div>\n<p><!-- [et_pb_line_break_holder] -->  <\/p>\n<div class=\"article-hero-curve\"><\/div>\n<p><!-- [et_pb_line_break_holder] --><\/section>\n<p><!-- [et_pb_line_break_holder] --><!-- [et_pb_line_break_holder] --><\/p>\n<div class=\"article-body\"><!-- [et_pb_line_break_holder] --><\/p>\n<div class=\"container\"><!-- [et_pb_line_break_holder] --><!-- [et_pb_line_break_holder] --><\/p>\n<div class=\"intro-block\"><!-- [et_pb_line_break_holder] -->  O fonoaudi\u00f3logo n\u00e3o \u00e9 apenas o especialista em crian\u00e7as que t\u00eam dificuldade em falar. No adulto, a fonoaudiologia atua em diversas situa\u00e7\u00f5es&nbsp;: sequelas de um acidente vascular cerebral, doen\u00e7a de Parkinson, dist\u00farbios da voz em profissionais, gagueira persistente, dificuldades de degluti\u00e7\u00e3o, decl\u00ednio cognitivo relacionado \u00e0 idade. Este guia completo explica o percurso fonoaudiol\u00f3gico para adultos, os dist\u00farbios tratados, as ferramentas dispon\u00edveis \u2014 incluindo o aplicativo digital FERNANDO DYNSEO \u2014 e as chaves para maximizar os progressos.<!-- [et_pb_line_break_holder] --><\/div>\n<p><!-- [et_pb_line_break_holder] --><!-- [et_pb_line_break_holder] --><\/p>\n<div class=\"stats-grid\"><!-- [et_pb_line_break_holder] -->  <\/p>\n<div class=\"stat-card\"><!-- [et_pb_line_break_holder] -->    <\/p>\n<div class=\"number\">1 em 3<\/div>\n<p><!-- [et_pb_line_break_holder] -->    <\/p>\n<div class=\"label\">Adultos ap\u00f3s um AVC apresentam dist\u00farbios de linguagem<\/div>\n<p><!-- [et_pb_line_break_holder] -->  <\/div>\n<p><!-- [et_pb_line_break_holder] -->  <\/p>\n<div class=\"stat-card\"><!-- [et_pb_line_break_holder] -->    <\/p>\n<div class=\"number\">60 %<\/div>\n<p><!-- [et_pb_line_break_holder] -->    <\/p>\n<div class=\"label\">Das sess\u00f5es reembolsadas pela Previd\u00eancia Social<\/div>\n<p><!-- [et_pb_line_break_holder] -->  <\/div>\n<p><!-- [et_pb_line_break_holder] -->  <\/p>\n<div class=\"stat-card\"><!-- [et_pb_line_break_holder] -->    <\/p>\n<div class=\"number\">30+<\/div>\n<p><!-- [et_pb_line_break_holder] -->    <\/p>\n<div class=\"label\">Jogos cognitivos no app FERNANDO DYNSEO<\/div>\n<p><!-- [et_pb_line_break_holder] -->  <\/div>\n<p><!-- [et_pb_line_break_holder] -->  <\/p>\n<div class=\"stat-card\"><!-- [et_pb_line_break_holder] -->    <\/p>\n<div class=\"number\">Todas as idades<\/div>\n<p><!-- [et_pb_line_break_holder] -->    <\/p>\n<div class=\"label\">A fonoaudiologia para adultos abrange de 20 a 90+ anos<\/div>\n<p><!-- [et_pb_line_break_holder] -->  <\/div>\n<p><!-- [et_pb_line_break_holder] --><\/div>\n<p><!-- [et_pb_line_break_holder] --><!-- [et_pb_line_break_holder] --><\/p>\n<h2 id=\"pourquoi\">1. Por que consultar um fonoaudi\u00f3logo na idade adulta?<\/h2>\n<p><!-- [et_pb_line_break_holder] --><!-- [et_pb_line_break_holder] --><pee>O fonoaudi\u00f3logo \u00e9 o especialista em dist\u00farbios da comunica\u00e7\u00e3o, da linguagem, da voz e da degluti\u00e7\u00e3o. Se seu papel junto \u00e0s crian\u00e7as \u00e9 bem conhecido pelo grande p\u00fablico, suas compet\u00eancias junto aos adultos permanecem muitas vezes desconhecidas \u2014 enquanto uma grande parte de sua atividade cl\u00ednica diz respeito precisamente aos adultos e \u00e0s pessoas idosas.<\/pee><!-- [et_pb_line_break_holder] --><!-- [et_pb_line_break_holder] --><pee>Existem tr\u00eas grandes categorias de raz\u00f5es pelas quais um adulto consulta um fonoaudi\u00f3logo. A primeira \u00e9 a persist\u00eancia na idade adulta de dist\u00farbios adquiridos na inf\u00e2ncia (surdez, dist\u00farbios de linguagem, gagueira). A segunda \u00e9 o surgimento de dist\u00farbios consequentes a uma patologia ou um acidente (AVC, trauma craniano, c\u00e2ncer de cabe\u00e7a e pesco\u00e7o, doen\u00e7as neurodegenerativas). A terceira \u00e9 a melhoria das compet\u00eancias de comunica\u00e7\u00e3o em um contexto profissional (dic\u00e7\u00e3o, voz projetada, fala em p\u00fablico).<\/pee><!-- [et_pb_line_break_holder] --><!-- [et_pb_line_break_holder] --><\/p>\n<div class=\"cards-grid\"><!-- [et_pb_line_break_holder] -->  <\/p>\n<div class=\"info-card\"><!-- [et_pb_line_break_holder] -->    <\/p>\n<div class=\"icon\">\ud83e\udde0<\/div>\n<p><!-- [et_pb_line_break_holder] -->    <\/p>\n<h4>Neurol\u00f3gico<\/h4>\n<p><!-- [et_pb_line_break_holder] -->    <pee>Afasia, disartria, dist\u00farbios cognitivos p\u00f3s-AVC, Alzheimer, Parkinson, EM.<\/pee><!-- [et_pb_line_break_holder] -->  <\/div>\n<p><!-- [et_pb_line_break_holder] -->  <\/p>\n<div class=\"info-card\"><!-- [et_pb_line_break_holder] -->    <\/p>\n<div class=\"icon\">\ud83c\udf99\ufe0f<\/div>\n<p><!-- [et_pb_line_break_holder] -->    <\/p>\n<h4>Voz<\/h4>\n<p><!-- [et_pb_line_break_holder] -->    <pee>Disfonia, fadiga vocal, perda de voz em profissionais.<\/pee><!-- [et_pb_line_break_holder] -->  <\/div>\n<p><!-- [et_pb_line_break_holder] -->  <\/p>\n<div class=\"info-card\"><!-- [et_pb_line_break_holder] -->    <\/p>\n<div class=\"icon\">\ud83c\udf7d\ufe0f<\/div>\n<p><!-- [et_pb_line_break_holder] -->    <\/p>\n<h4>Degluti\u00e7\u00e3o<\/h4>\n<p><!-- [et_pb_line_break_holder] -->    <pee>Disfagia ap\u00f3s AVC, c\u00e2ncer de cabe\u00e7a e pesco\u00e7o, doen\u00e7as neuromusculares.<\/pee><!-- [et_pb_line_break_holder] -->  <\/div>\n<p><!-- [et_pb_line_break_holder] -->  <\/p>\n<div class=\"info-card\"><!-- [et_pb_line_break_holder] -->    <\/p>\n<div class=\"icon\">\ud83d\udcac<\/div>\n<p><!-- [et_pb_line_break_holder] -->    <\/p>\n<h4>Flu\u00eancia<\/h4>\n<p><!-- [et_pb_line_break_holder] -->    <pee>Gagueira adulta, balbucio, dist\u00farbios do ritmo da fala.<\/pee><!-- [et_pb_line_break_holder] -->  <\/div>\n<p><!-- [et_pb_line_break_holder] -->  <\/p>\n<div class=\"info-card\"><!-- [et_pb_line_break_holder] -->    <\/p>\n<div class=\"icon\">\ud83e\udde9<\/div>\n<p><!-- [et_pb_line_break_holder] -->    <\/p>\n<h4>Cognitivo<\/h4>\n<p><!-- [et_pb_line_break_holder] -->    <pee>Dist\u00farbios da mem\u00f3ria, aten\u00e7\u00e3o, linguagem relacionados ao envelhecimento ou a uma patologia.<\/pee><!-- [et_pb_line_break_holder] -->  <\/div>\n<p><!-- [et_pb_line_break_holder] -->  <\/p>\n<div class=\"info-card\"><!-- [et_pb_line_break_holder] -->    <\/p>\n<div class=\"icon\">\ud83c\udfaf<\/div>\n<p><!-- [et_pb_line_break_holder] -->    <\/p>\n<h4>Profissional<\/h4>\n<p><!-- [et_pb_line_break_holder] -->    <pee>Melhoria da dic\u00e7\u00e3o, voz para discursos p\u00fablicos, articula\u00e7\u00e3o.<\/pee><!-- [et_pb_line_break_holder] -->  <\/div>\n<p><!-- [et_pb_line_break_holder] --><\/div>\n<p><!-- [et_pb_line_break_holder] --><!-- [et_pb_line_break_holder] --><\/p>\n<h2 id=\"bilan\">2. A avalia\u00e7\u00e3o fonoaudiol\u00f3gica: primeira etapa indispens\u00e1vel<\/h2>\n<p><!-- [et_pb_line_break_holder] --><!-- [et_pb_line_break_holder] --><pee>Antes de qualquer tratamento, o fonoaudi\u00f3logo realiza uma <strong>avalia\u00e7\u00e3o fonoaudiol\u00f3gica completa<\/strong>. Esta avalia\u00e7\u00e3o \u00e9 tanto uma avalia\u00e7\u00e3o diagn\u00f3stica quanto o ponto de partida do projeto terap\u00eautico. Geralmente, \u00e9 renovada na metade do caminho e ao final do tratamento para medir os progressos e ajustar os objetivos.<\/pee><!-- [et_pb_line_break_holder] --><!-- [et_pb_line_break_holder] --><\/p>\n<h3>O que acontece durante a avalia\u00e7\u00e3o?<\/h3>\n<p><!-- [et_pb_line_break_holder] --><!-- [et_pb_line_break_holder] --><\/p>\n<div class=\"key-points\"><!-- [et_pb_line_break_holder] -->  <\/p>\n<h3>\u2726 As etapas de uma avalia\u00e7\u00e3o fonoaudiol\u00f3gica em adultos<\/h3>\n<p><!-- [et_pb_line_break_holder] -->  <\/p>\n<ul><!-- [et_pb_line_break_holder] -->    <\/p>\n<li><strong>Anamnese:<\/strong> coleta da hist\u00f3ria da pessoa \u2014 patologia, acidentes, antecedentes familiares, contexto de vida, dificuldades sentidas e impacto no dia a dia. Esta fase de escuta \u00e9 t\u00e3o diagn\u00f3stica quanto os testes que se seguem.<\/li>\n<p><!-- [et_pb_line_break_holder] -->    <\/p>\n<li><strong>Testes padronizados:<\/strong> de acordo com o dist\u00farbio suspeito, o fonoaudi\u00f3logo utiliza baterias de testes validados (BDAE para afasia, protocolos de degluti\u00e7\u00e3o, testes de voz&#8230;) que permitem situar o desempenho da pessoa em rela\u00e7\u00e3o \u00e0s normas para sua idade e n\u00edvel de escolaridade.<\/li>\n<p><!-- [et_pb_line_break_holder] -->    <\/p>\n<li><strong>Avalia\u00e7\u00e3o funcional:<\/strong> al\u00e9m das pontua\u00e7\u00f5es nos testes, o fonoaudi\u00f3logo avalia o impacto dos dist\u00farbios na vida real \u2014 comunica\u00e7\u00e3o com os familiares, autonomia nas tarefas di\u00e1rias, vida profissional e social.<\/li>\n<p><!-- [et_pb_line_break_holder] -->    <\/p>\n<li><strong>Exames complementares:<\/strong> de acordo com os resultados, o fonoaudi\u00f3logo pode encaminhar para outros especialistas (otorrinolaringologista para dist\u00farbios da voz, oftalmologista para dist\u00farbios de leitura, neurologista para dist\u00farbios cognitivos severos).<\/li>\n<p><!-- [et_pb_line_break_holder] -->    <\/p>\n<li><strong>Relat\u00f3rio e projeto terap\u00eautico:<\/strong> ao final da avalia\u00e7\u00e3o, o fonoaudi\u00f3logo apresenta suas conclus\u00f5es, explica o diagn\u00f3stico funcional e prop\u00f5e um programa de reabilita\u00e7\u00e3o com objetivos hierarquizados e uma frequ\u00eancia de sess\u00f5es adequada.<\/li>\n<p><!-- [et_pb_line_break_holder] -->  <\/ul>\n<p><!-- [et_pb_line_break_holder] --><\/div>\n<p><!-- [et_pb_line_break_holder] --><!-- [et_pb_line_break_holder] --><\/p>\n<div class=\"tip-box\"><!-- [et_pb_line_break_holder] -->  <\/p>\n<div class=\"tip-box-label\">\ud83d\udca1 Como obter uma avalia\u00e7\u00e3o fonoaudiol\u00f3gica<\/div>\n<p><!-- [et_pb_line_break_holder] -->  <pee>Na Fran\u00e7a, uma prescri\u00e7\u00e3o m\u00e9dica \u00e9 necess\u00e1ria para que a avalia\u00e7\u00e3o e as sess\u00f5es de reabilita\u00e7\u00e3o sejam reembolsadas. Pe\u00e7a uma receita ao seu m\u00e9dico de fam\u00edlia ou ao especialista que o acompanha (neurologista, otorrinolaringologista, geriatra). O tempo de espera para uma primeira consulta pode variar de algumas semanas a v\u00e1rios meses, dependendo das regi\u00f5es \u2014 da\u00ed a import\u00e2ncia de come\u00e7ar uma estimula\u00e7\u00e3o cognitiva aut\u00f4noma enquanto isso, com ferramentas como JOE DYNSEO.<\/pee><!-- [et_pb_line_break_holder] --><\/div>\n<p><!-- [et_pb_line_break_holder] --><!-- [et_pb_line_break_holder] --><\/p>\n<h2 id=\"therapie\">3. A terapia fonoaudiol\u00f3gica: abordagens e m\u00e9todos<\/h2>\n<p><!-- [et_pb_line_break_holder] --><!-- [et_pb_line_break_holder] --><pee>Ap\u00f3s a avalia\u00e7\u00e3o, a reabilita\u00e7\u00e3o fonoaudiol\u00f3gica come\u00e7a. Ela assume formas muito diferentes dependendo do dist\u00farbio tratado, do perfil da pessoa e dos objetivos definidos. A afasia \u2014 dist\u00farbio da linguagem adquirido ap\u00f3s uma les\u00e3o cerebral \u2014 \u00e9 o dist\u00farbio mais frequentemente tratado em adultos, mas longe de ser o \u00fanico.<\/pee><!-- [et_pb_line_break_holder] --><!-- [et_pb_line_break_holder] --><\/p>\n<h3>As abordagens terap\u00eauticas para a afasia<\/h3>\n<p><!-- [et_pb_line_break_holder] --><!-- [et_pb_line_break_holder] --><pee>Para a afasia p\u00f3s-AVC ou relacionada a uma patologia neurol\u00f3gica, tr\u00eas grandes abordagens coexistem e s\u00e3o frequentemente combinadas de acordo com as necessidades&nbsp;:<\/pee><!-- [et_pb_line_break_holder] --><!-- [et_pb_line_break_holder] --><\/p>\n<div class=\"trouble-card\"><!-- [et_pb_line_break_holder] -->  <\/p>\n<div class=\"trouble-label\">\ud83d\udd01 Abordagem 1<\/div>\n<p><!-- [et_pb_line_break_holder] -->  <\/p>\n<div class=\"trouble-title\">Restabelecimento das fun\u00e7\u00f5es<\/div>\n<p><!-- [et_pb_line_break_holder] -->  <pee>Esta abordagem visa restaurar as fun\u00e7\u00f5es lingu\u00edsticas alteradas utilizando t\u00e9cnicas de facilita\u00e7\u00e3o \u2014 repeti\u00e7\u00e3o, denomina\u00e7\u00e3o de imagens, completamento de frases, trabalho na flu\u00eancia verbal. Ela se baseia na neuroplasticidade&nbsp;: ao estimular as redes neuronais ao redor da les\u00e3o, favorece a reorganiza\u00e7\u00e3o funcional da linguagem em \u00e1reas cerebrais preservadas.<\/pee><!-- [et_pb_line_break_holder] --><\/div>\n<p><!-- [et_pb_line_break_holder] --><!-- [et_pb_line_break_holder] --><\/p>\n<div class=\"trouble-card\"><!-- [et_pb_line_break_holder] -->  <\/p>\n<div class=\"trouble-label\">\ud83c\udfb5 Abordagem 2<\/div>\n<p><!-- [et_pb_line_break_holder] -->  <\/p>\n<div class=\"trouble-title\">Terapia mel\u00f3dica e r\u00edtmica (TMR)<\/div>\n<p><!-- [et_pb_line_break_holder] -->  <pee>A TMR utiliza o canto e a melodia para contornar as \u00e1reas lesionadas do hemisf\u00e9rio esquerdo (envolvido na linguagem) ativando as capacidades mel\u00f3dicas do hemisf\u00e9rio direito. Esta t\u00e9cnica, desenvolvida na d\u00e9cada de 1970, mostrou resultados not\u00e1veis em pacientes com afasia n\u00e3o fluente severa. Alguns pacientes que n\u00e3o conseguem mais produzir fala espont\u00e2nea conseguem cantar frases completas.<\/pee><!-- [et_pb_line_break_holder] -->  <\/p>\n<div class=\"trouble-inner\"><!-- [et_pb_line_break_holder] --><\/p>\n<div class=\"trouble-inner-title\">\u2726 Lien avec FERNANDO DYNSEO<\/div>\n<p><!-- [et_pb_line_break_holder] -->    <pee>O jogo \u00ab&nbsp;Oreille Musicale&nbsp;\u00bb de FERNANDO prop\u00f5e um quiz de reconhecimento de can\u00e7\u00f5es que ativa as mesmas capacidades mel\u00f3dicas solicitadas pela TMR. O fonoaudi\u00f3logo pode us\u00e1-lo para refor\u00e7ar essa estimula\u00e7\u00e3o entre as sess\u00f5es.<\/pee><!-- [et_pb_line_break_holder] -->  <\/div>\n<p><!-- [et_pb_line_break_holder] --><\/div>\n<p><!-- [et_pb_line_break_holder] --><!-- [et_pb_line_break_holder] --><\/p>\n<div class=\"trouble-card\"><!-- [et_pb_line_break_holder] -->  <\/p>\n<div class=\"trouble-label\">\ud83e\udd1d Approche 3<\/div>\n<p><!-- [et_pb_line_break_holder] -->  <\/p>\n<div class=\"trouble-title\">PACE \u2014 Comunica\u00e7\u00e3o Alternativa Aumentada<\/div>\n<p><!-- [et_pb_line_break_holder] -->  <pee>O PACE (Promoting Aphasics Communicative Effectiveness) \u00e9 uma abordagem ecol\u00f3gica que visa restaurar a comunica\u00e7\u00e3o funcional em vez da l\u00edngua em si. Ela utiliza todos os canais dispon\u00edveis&nbsp;: gestos, desenhos, imagens, pictogramas, tecnologias. O objetivo \u00e9 permitir que a pessoa comunique suas necessidades e pensamentos, mesmo que a fala permane\u00e7a trabalhosa.<\/pee><!-- [et_pb_line_break_holder] -->  <pee>\u00c9 nessa abordagem que as ferramentas digitais \u2014 incluindo o aplicativo <strong>MON DICO de DYNSEO<\/strong>, projetado especificamente para pessoas n\u00e3o verbais ou com dist\u00farbios severos da comunica\u00e7\u00e3o \u2014 desempenham um papel particularmente importante.<\/pee><!-- [et_pb_line_break_holder] --><\/div>\n<p><!-- [et_pb_line_break_holder] --><!-- [et_pb_line_break_holder] --><!-- [et_pb_line_break_holder] --><\/p>\n<h3>Objetivos comuns a todas as abordagens<\/h3>\n<p><!-- [et_pb_line_break_holder] --><!-- [et_pb_line_break_holder] --><pee>Independentemente da abordagem escolhida, as sess\u00f5es de fonoaudiologia para dist\u00farbios neurol\u00f3gicos compartilham objetivos comuns&nbsp;: melhorar o uso das t\u00e9cnicas vocais e articulat\u00f3rias, fortalecer os m\u00fasculos oro-faciais envolvidos na produ\u00e7\u00e3o da fala, aprender a usar ferramentas complementares de comunica\u00e7\u00e3o (gestos, imagens, pictogramas, tecnologias assistivas) e adaptar o ambiente de comunica\u00e7\u00e3o para que a pessoa possa se expressar da forma mais eficaz poss\u00edvel em sua vida cotidiana.<\/pee><!-- [et_pb_line_break_holder] --><!-- [et_pb_line_break_holder] --><pee>A frequ\u00eancia ideal das sess\u00f5es varia de acordo com a fase da reabilita\u00e7\u00e3o&nbsp;: intensiva na fase aguda p\u00f3s-AVC (at\u00e9 5 sess\u00f5es por semana), mais espa\u00e7ada na fase de manuten\u00e7\u00e3o ou para dist\u00farbios cr\u00f4nicos est\u00e1veis. Entre as sess\u00f5es, os exerc\u00edcios em casa \u2014 orientados pelo fonoaudi\u00f3logo e apoiados por aplicativos como FERNANDO \u2014 s\u00e3o t\u00e3o importantes quanto as sess\u00f5es em si para consolidar os progressos.<\/pee><!-- [et_pb_line_break_holder] --><!-- [et_pb_line_break_holder] --><\/p>\n<h2 id=\"outils\">4. As ferramentas do fonoaudi\u00f3logo: do material cl\u00e1ssico ao digital<\/h2>\n<p><!-- [et_pb_line_break_holder] --><!-- [et_pb_line_break_holder] --><pee>O consult\u00f3rio de fonoaudiologia moderno \u00e9 um espa\u00e7o onde coexistem ferramentas muito diferentes, desde o material de papel tradicional at\u00e9 aplicativos para tablet, passando por instrumentos de an\u00e1lise vocal em tempo real. Compreender essas ferramentas ajuda a se envolver melhor na reabilita\u00e7\u00e3o.<\/pee><!-- [et_pb_line_break_holder] --><!-- [et_pb_line_break_holder] --><\/p>\n<h3>O material cl\u00e1ssico<\/h3>\n<p><!-- [et_pb_line_break_holder] --><!-- [et_pb_line_break_holder] --><pee>As atividades de corpo livre (exerc\u00edcios da boca e da l\u00edngua, exerc\u00edcios respirat\u00f3rios, produ\u00e7\u00f5es vocais guiadas) permanecem o cora\u00e7\u00e3o de muitas sess\u00f5es. O fonoaudi\u00f3logo tamb\u00e9m utiliza cart\u00f5es, hist\u00f3rias ilustradas, instrumentos musicais, espelhos para o feedback visual em tempo real dos movimentos articulat\u00f3rios. Essas ferramentas n\u00e3o s\u00e3o substitu\u00eddas pelo digital \u2014 elas permanecem insubstitu\u00edveis para os exerc\u00edcios que requerem uma intera\u00e7\u00e3o f\u00edsica direta.<\/pee><!-- [et_pb_line_break_holder] --><!-- [et_pb_line_break_holder] --><\/p>\n<h3>As ferramentas digitais: tablets e aplicativos<\/h3>\n<p><!-- [et_pb_line_break_holder] --><!-- [et_pb_line_break_holder] --><pee>As novas tecnologias transformaram profundamente a pr\u00e1tica fonoaudiol\u00f3gica. Os tablets e aplicativos oferecem vantagens significativas em rela\u00e7\u00e3o ao material de papel&nbsp;: adaptabilidade do n\u00edvel de dificuldade, feedback imediato, variedade infinita de est\u00edmulos, acompanhamento autom\u00e1tico do desempenho e possibilidade de uso aut\u00f4nomo em casa entre as sess\u00f5es.<\/pee><!-- [et_pb_line_break_holder] --><!-- [et_pb_line_break_holder] --><\/p>\n<div class=\"expert-box\"><!-- [et_pb_line_break_holder] -->  <\/p>\n<div class=\"expert-box-label\">\ud83d\udcf1 Aplicativo digital<\/div>\n<p><!-- [et_pb_line_break_holder] --><\/p>\n<div class=\"expert-box-title\">FERNANDO DYNSEO : seu treinador cerebral para adultos<\/div>\n<p><!-- [et_pb_line_break_holder] -->  <pee><strong>FERNANDO<\/strong> \u00e9 um aplicativo com mais de 30 jogos cognitivos cobrindo todas as fun\u00e7\u00f5es envolvidas na reabilita\u00e7\u00e3o fonoaudiol\u00f3gica&nbsp;: linguagem, mem\u00f3ria, aten\u00e7\u00e3o, l\u00f3gica, velocidade de processamento. Cada jogo oferece tr\u00eas n\u00edveis de dificuldade, permitindo que o fonoaudi\u00f3logo adapte precisamente o n\u00edvel \u00e0 situa\u00e7\u00e3o atual do paciente.<\/pee><!-- [et_pb_line_break_holder] -->  <pee>O painel profissional de FERNANDO permite acompanhar o desempenho ao longo do tempo, ver quais jogos foram praticados em casa e identificar os progressos em cada \u00e1rea cognitiva. \u00c9 uma ferramenta de comunica\u00e7\u00e3o entre a pessoa e seu fonoaudi\u00f3logo, e um meio de manter a continuidade da reabilita\u00e7\u00e3o entre as sess\u00f5es.<\/pee><!-- [et_pb_line_break_holder] -->  <\/p>\n<div class=\"expert-inner\"><!-- [et_pb_line_break_holder] -->    <\/p>\n<div class=\"expert-inner-title\">\u2726 Os jogos de linguagem no FERNANDO<\/div>\n<p><!-- [et_pb_line_break_holder] -->    <pee>Remexer Palavras (estrutura\u00e7\u00e3o de frases) \u00b7 Ouvido Musical (discrimina\u00e7\u00e3o auditiva, denomina\u00e7\u00e3o) \u00b7 Ca\u00e7a ao Intruso (classifica\u00e7\u00e3o sem\u00e2ntica) \u00b7 Poema Perdido (leitura, mem\u00f3ria verbal) \u00b7 A Palavra Oculta (vocabul\u00e1rio, busca lexical) \u00b7 Prov\u00e9rbios (mem\u00f3ria sem\u00e2ntica)<\/pee><!-- [et_pb_line_break_holder] -->  <\/div>\n<p><!-- [et_pb_line_break_holder] --><\/div>\n<p><!-- [et_pb_line_break_holder] --><!-- [et_pb_line_break_holder] --><\/p>\n<h3>Os jogos de FERNANDO adaptados \u00e0 reabilita\u00e7\u00e3o fonoaudiol\u00f3gica<\/h3>\n<p><!-- [et_pb_line_break_holder] --><!-- [et_pb_line_break_holder] --><\/p>\n<div class=\"joe-game-card\"><!-- [et_pb_line_break_holder] -->  <\/p>\n<div class=\"joe-icon\">\ud83d\udcac<\/div>\n<p><!-- [et_pb_line_break_holder] -->  <\/p>\n<div><!-- [et_pb_line_break_holder] -->    <\/p>\n<h4>Remexer Palavras<\/h4>\n<p><!-- [et_pb_line_break_holder] -->    <pee>Colocar as palavras na ordem para formar prov\u00e9rbios ou frases de m\u00fasicas famosas. Trabalha a estrutura\u00e7\u00e3o sint\u00e1tica e a mem\u00f3ria sem\u00e2ntica \u2014 duas fun\u00e7\u00f5es-chave na reabilita\u00e7\u00e3o da afasia.<\/pee><!-- [et_pb_line_break_holder] -->  <\/div>\n<p><!-- [et_pb_line_break_holder] --><\/div>\n<p><!-- [et_pb_line_break_holder] --><!-- [et_pb_line_break_holder] --><\/p>\n<div class=\"joe-game-card\"><!-- [et_pb_line_break_holder] -->  <\/p>\n<div class=\"joe-icon\">\ud83c\udfb5<\/div>\n<p><!-- [et_pb_line_break_holder] -->  <\/p>\n<div><!-- [et_pb_line_break_holder] -->    <\/p>\n<h4>Ouvido Musical<\/h4>\n<p><!-- [et_pb_line_break_holder] -->    <pee>Reconhecer sons, animais, instrumentos musicais. Modo quiz musical para as m\u00fasicas. Trabalha a discrimina\u00e7\u00e3o auditiva, a denomina\u00e7\u00e3o e pode ser enriquecido pelo fonoaudi\u00f3logo (pedir para reproduzir o som, cantar a m\u00fasica).<\/pee><!-- [et_pb_line_break_holder] -->  <\/div>\n<p><!-- [et_pb_line_break_holder] --><\/div>\n<p><!-- [et_pb_line_break_holder] --><!-- [et_pb_line_break_holder] --><\/p>\n<div class=\"joe-game-card\"><!-- [et_pb_line_break_holder] -->  <\/p>\n<div class=\"joe-icon\">\ud83d\udd0d<\/div>\n<p><!-- [et_pb_line_break_holder] -->  <\/p>\n<div><!-- [et_pb_line_break_holder] -->    <\/p>\n<h4>Ca\u00e7a ao Intruso<\/h4>\n<p><!-- [et_pb_line_break_holder] -->    <pee>Encontrar o elemento que n\u00e3o pertence \u00e0 s\u00e9rie entre quatro propostas. Treina a classifica\u00e7\u00e3o sem\u00e2ntica e a denomina\u00e7\u00e3o. Modo 2 jogadores dispon\u00edvel \u2014 excelente para sess\u00f5es com um familiar ou em grupo.<\/pee><!-- [et_pb_line_break_holder] -->  <\/div>\n<p><!-- [et_pb_line_break_holder] --><\/div>\n<p><!-- [et_pb_line_break_holder] --><!-- [et_pb_line_break_holder] --><\/p>\n<div class=\"joe-game-card\"><!-- [et_pb_line_break_holder] -->  <\/p>\n<div class=\"joe-icon\">\ud83d\udcdd<\/div>\n<p><!-- [et_pb_line_break_holder] -->  <\/p>\n<div><!-- [et_pb_line_break_holder] -->    <\/p>\n<h4>Poema Perdido<\/h4>\n<p><!-- [et_pb_line_break_holder] -->    <pee>Ler um poema (trabalho de compreens\u00e3o), depois encontrar as palavras faltantes na vers\u00e3o lacunar (mem\u00f3ria verbal). O fonoaudi\u00f3logo pode prolongar com perguntas sobre o poema para trabalhar a produ\u00e7\u00e3o verbal.<\/pee><!-- [et_pb_line_break_holder] -->  <\/div>\n<p><!-- [et_pb_line_break_holder] --><\/div>\n<p><!-- [et_pb_line_break_holder] --><!-- [et_pb_line_break_holder] --><!-- [et_pb_line_break_holder] --><\/p>\n<h3>A import\u00e2ncia da continuidade entre casa e consult\u00f3rio<\/h3>\n<p><!-- [et_pb_line_break_holder] --><!-- [et_pb_line_break_holder] --><pee>Uma das limita\u00e7\u00f5es hist\u00f3ricas da reabilita\u00e7\u00e3o fonoaudiol\u00f3gica \u00e9 a descontinuidade entre as sess\u00f5es no consult\u00f3rio e a vida em casa. Durante muito tempo, as ferramentas dispon\u00edveis para o treinamento aut\u00f4nomo eram limitadas \u2014 algumas folhas de exerc\u00edcios fotocopiadas, pouco motivadoras e rapidamente repetitivas. Os aplicativos digitais revolucionaram essa continuidade.<\/pee><!-- [et_pb_line_break_holder] --><!-- [et_pb_line_break_holder] --><pee>Com FERNANDO DYNSEO, o fonoaudi\u00f3logo pode recomendar jogos espec\u00edficos para praticar em casa \u2014 de acordo com os objetivos da sess\u00e3o \u2014 e depois consultar as estat\u00edsticas de jogo para ver o que a pessoa fez, com que frequ\u00eancia, e qual foi a taxa de sucesso. Essa visibilidade transforma o trabalho em casa de uma atividade opaca em um componente mensur\u00e1vel e discut\u00edvel da terapia.<\/pee><!-- [et_pb_line_break_holder] --><!-- [et_pb_line_break_holder] --><a href=\"https:\/\/www.dynseo.com\/pt-pt\/o-programa-dos-treinadores\/fernando-o-seu-treinador-de-cerebro\/\" class=\"internal-link\"><!-- [et_pb_line_break_holder] -->  <\/p>\n<div class=\"internal-link-icon\">\ud83e\udde0<\/div>\n<p><!-- [et_pb_line_break_holder] -->  <\/p>\n<div class=\"internal-link-content\"><!-- [et_pb_line_break_holder] -->    <\/p>\n<div class=\"internal-link-label\">Aplicativo cognitivo para adultos<\/div>\n<p><!-- [et_pb_line_break_holder] -->    <\/p>\n<div class=\"internal-link-title\">FERNANDO \u2014 Treinador cerebral DYNSEO para adultos<\/div>\n<p><!-- [et_pb_line_break_holder] -->    <\/p>\n<div class=\"internal-link-desc\">30+ jogos cognitivos \u00b7 Linguagem, mem\u00f3ria, l\u00f3gica, aten\u00e7\u00e3o \u00b7 3 n\u00edveis adaptativos \u00b7 Acompanhamento profissional \u00b7 Sem internet.<\/div>\n<p><!-- [et_pb_line_break_holder] -->  <\/div>\n<p><!-- [et_pb_line_break_holder] --><\/p>\n<div class=\"internal-link-arrow\">\u2192<\/div>\n<p><!-- [et_pb_line_break_holder] --><\/a><!-- [et_pb_line_break_holder] --><!-- [et_pb_line_break_holder] --><pee>A <strong>tele-fonoaudiologia<\/strong> tamb\u00e9m est\u00e1 em plena ascens\u00e3o desde 2021. As sess\u00f5es por videoconfer\u00eancia permitem manter o acompanhamento para as pessoas com mobilidade reduzida, aquelas que vivem longe de um consult\u00f3rio, e em per\u00edodos em que os deslocamentos s\u00e3o dif\u00edceis. Essa modalidade n\u00e3o \u00e9 adequada para todos os tipos de exerc\u00edcios (alguns gestos articulat\u00f3rios exigem presen\u00e7a f\u00edsica), mas para o trabalho de vocabul\u00e1rio, compreens\u00e3o, mem\u00f3ria verbal e flu\u00eancia, \u00e9 t\u00e3o eficaz quanto o presencial, de acordo com os estudos dispon\u00edveis. A integra\u00e7\u00e3o de aplicativos como JOE na sess\u00e3o \u00e0 dist\u00e2ncia \u2014 o fonoaudi\u00f3logo compartilha sua tela ou orienta a pessoa \u00e0 dist\u00e2ncia \u2014 ainda refor\u00e7a a efic\u00e1cia desse formato.<\/pee><!-- [et_pb_line_break_holder] --><!-- [et_pb_line_break_holder] --><\/p>\n<h2 id=\"troubles\">5. Os dist\u00farbios tratados pelo fonoaudi\u00f3logo no adulto<\/h2>\n<p><!-- [et_pb_line_break_holder] --><!-- [et_pb_line_break_holder] --><pee>Al\u00e9m da afasia, o fonoaudi\u00f3logo adulto atua em um espectro de dist\u00farbios muito mais amplo do que geralmente se imagina.<\/pee><!-- [et_pb_line_break_holder] --><!-- [et_pb_line_break_holder] --><\/p>\n<div class=\"trouble-card\"><!-- [et_pb_line_break_holder] -->  <\/p>\n<div class=\"trouble-label\">\ud83d\udde3\ufe0f Dist\u00farbio motor da fala<\/div>\n<p><!-- [et_pb_line_break_holder] -->  <\/p>\n<div class=\"trouble-title\">A disartria<\/div>\n<p><!-- [et_pb_line_break_holder] -->  <pee>A disartria \u00e9 um dist\u00farbio motor da fala que resulta de uma les\u00e3o neurol\u00f3gica. Ao contr\u00e1rio da afasia, que afeta a linguagem (encontrar palavras, construir frases), a disartria afeta a capacidade f\u00edsica de produzir sons claros \u2014 a pessoa sabe exatamente o que quer dizer, mas os m\u00fasculos necess\u00e1rios para a articula\u00e7\u00e3o n\u00e3o funcionam corretamente.<\/pee><!-- [et_pb_line_break_holder] -->  <pee>Esse dist\u00farbio aparece ap\u00f3s um AVC, no contexto da doen\u00e7a de Parkinson, esclerose m\u00faltipla, ou outras patologias neuromusculares. O tratamento se concentra no fortalecimento muscular oro-facial, controle da respira\u00e7\u00e3o e do fluxo de fala, e na utiliza\u00e7\u00e3o de ajudas \u00e0 comunica\u00e7\u00e3o como complemento.<\/pee><!-- [et_pb_line_break_holder] -->  <\/p>\n<div class=\"trouble-inner\"><!-- [et_pb_line_break_holder] -->    <\/p>\n<div class=\"trouble-inner-title\">\u2726 Particularidade da disartria parkinsoniana<\/div>\n<p><!-- [et_pb_line_break_holder] -->    <pee>A disartria hipocin\u00e9tica do Parkinson se caracteriza por uma voz mon\u00f3tona, pouco articulada e cada vez mais fraca. O m\u00e9todo LSVT LOUD (Lee Silverman Voice Treatment), especificamente desenvolvido para esse dist\u00farbio, mostrou resultados not\u00e1veis ao trabalhar na amplitude vocal com exerc\u00edcios intensivos.<\/pee><!-- [et_pb_line_break_holder] -->  <\/div>\n<p><!-- [et_pb_line_break_holder] --><\/div>\n<p><!-- [et_pb_line_break_holder] --><!-- [et_pb_line_break_holder] --><\/p>\n<div class=\"trouble-card\"><!-- [et_pb_line_break_holder] -->  <\/p>\n<div class=\"trouble-label\">\ud83c\udf99\ufe0f Dist\u00farbios vocais<\/div>\n<p><!-- [et_pb_line_break_holder] -->  <\/p>\n<div class=\"trouble-title\">A disfonia<\/div>\n<p><!-- [et_pb_line_break_holder] -->  <pee>Muitos adultos consultam por problemas de voz&nbsp;: voz rouca, fadiga vocal progressiva, perda de voz no final do dia, voz muito fraca ou inst\u00e1vel. Esses dist\u00farbios afetam particularmente os profissionais que usam intensamente a voz&nbsp;: professores, formadores, vendedores, cantores, atores, advogados.<\/pee><!-- [et_pb_line_break_holder] -->  <pee>A reabilita\u00e7\u00e3o vocal ensina as boas t\u00e9cnicas de coloca\u00e7\u00e3o da voz, a respira\u00e7\u00e3o diafragm\u00e1tica, e as regras de higiene vocal (hidrata\u00e7\u00e3o, manejo de afec\u00e7\u00f5es ORL, limita\u00e7\u00e3o de comportamentos vocais abusivos). Resultados significativos s\u00e3o frequentemente obtidos em algumas semanas.<\/pee><!-- [et_pb_line_break_holder] -->  <\/p>\n<div class=\"trouble-inner\"><!-- [et_pb_line_break_holder] -->    <\/p>\n<div class=\"trouble-inner-title\">\u2726 Sinais que necessitam de uma consulta r\u00e1pida<\/div>\n<p><!-- [et_pb_line_break_holder] -->    <pee>Voz rouca persistindo por mais de 3 semanas \u00b7 Dor ao falar ou cantar \u00b7 Perda de voz repetida \u00b7 Sensa\u00e7\u00e3o de corpo estranho na garganta \u00b7 Esses sintomas podem sinalizar uma patologia que requer uma avalia\u00e7\u00e3o ORL urgente.<\/pee><!-- [et_pb_line_break_holder] -->  <\/div>\n<p><!-- [et_pb_line_break_holder] --><\/div>\n<p><!-- [et_pb_line_break_holder] --><!-- [et_pb_line_break_holder] --><\/p>\n<div class=\"trouble-card\"><!-- [et_pb_line_break_holder] -->  <\/p>\n<div class=\"trouble-label\">\ud83c\udf7d\ufe0f Dist\u00farbio da degluti\u00e7\u00e3o<\/div>\n<p><!-- [et_pb_line_break_holder] --><\/p>\n<div class=\"trouble-title\">A disfagia<\/div>\n<p><!-- [et_pb_line_break_holder] -->  <pee>A disfagia (dificuldade para engolir) pode ocorrer ap\u00f3s um AVC, no contexto de doen\u00e7as neurodegenerativas, ou devido a certos c\u00e2nceres de cabe\u00e7a e pesco\u00e7o e seu tratamento (cirurgia, radioterapia). Esse dist\u00farbio pode ter consequ\u00eancias graves \u2014 desnutri\u00e7\u00e3o, desidrata\u00e7\u00e3o, pneumonia por aspira\u00e7\u00e3o \u2014 e representa uma emerg\u00eancia m\u00e9dica e reabilitativa.<\/pee><!-- [et_pb_line_break_holder] -->  <pee>A fonoaudi\u00f3loga trabalha na coordena\u00e7\u00e3o dos m\u00fasculos envolvidos na degluti\u00e7\u00e3o, prop\u00f5e exerc\u00edcios de fortalecimento das estruturas orofar\u00edngeas e aconselha sobre as adapta\u00e7\u00f5es necess\u00e1rias: texturas alimentares modificadas, posi\u00e7\u00e3o da cabe\u00e7a durante as refei\u00e7\u00f5es, estrat\u00e9gias compensat\u00f3rias. O acompanhamento \u00e9 frequentemente multidisciplinar com a nutricionista e o m\u00e9dico.<\/pee><!-- [et_pb_line_break_holder] --><\/div>\n<p><!-- [et_pb_line_break_holder] --><!-- [et_pb_line_break_holder] --><\/p>\n<div class=\"trouble-card\"><!-- [et_pb_line_break_holder] -->  <\/p>\n<div class=\"trouble-label\">\ud83d\udcac Dist\u00farbio da flu\u00eancia<\/div>\n<p><!-- [et_pb_line_break_holder] -->  <\/p>\n<div class=\"trouble-title\">A gagueira no adulto<\/div>\n<p><!-- [et_pb_line_break_holder] -->  <pee>Ao contr\u00e1rio do que se pensa, a gagueira n\u00e3o desaparece sempre com a inf\u00e2ncia. Alguns adultos gaguejam desde a juventude sem nunca terem recebido ajuda; outros desenvolvem uma gagueira adquirida ap\u00f3s um traumatismo craniano ou um choque emocional intenso. A gagueira adulta pode ter um impacto significativo na vida profissional (evitamento de situa\u00e7\u00f5es de express\u00e3o oral, recusa em falar em reuni\u00f5es) e social.<\/pee><!-- [et_pb_line_break_holder] -->  <pee>A terapia para adultos combina t\u00e9cnicas de flu\u00eancia (controle do ritmo, respira\u00e7\u00e3o, t\u00e9cnicas de in\u00edcio suave), um trabalho sobre a ansiedade de comunica\u00e7\u00e3o e a autoconfian\u00e7a, e simula\u00e7\u00f5es progressivas em contextos cada vez mais desafiadores.<\/pee><!-- [et_pb_line_break_holder] --><\/div>\n<p><!-- [et_pb_line_break_holder] --><!-- [et_pb_line_break_holder] --><\/p>\n<div class=\"trouble-card\"><!-- [et_pb_line_break_holder] -->  <\/p>\n<div class=\"trouble-label\">\ud83e\udde9 Dist\u00farbios cognitivos<\/div>\n<p><!-- [et_pb_line_break_holder] -->  <\/p>\n<div class=\"trouble-title\">Mem\u00f3ria, aten\u00e7\u00e3o, linguagem e envelhecimento<\/div>\n<p><!-- [et_pb_line_break_holder] -->  <pee>Com o envelhecimento ou certas patologias como a doen\u00e7a de Alzheimer, dist\u00farbios cognitivos aparecem e afetam progressivamente a comunica\u00e7\u00e3o: dificuldades de mem\u00f3ria (encontrar as palavras, lembrar das conversas), problemas de aten\u00e7\u00e3o, lentifica\u00e7\u00e3o do processamento da informa\u00e7\u00e3o, dificuldades de compreens\u00e3o em situa\u00e7\u00f5es barulhentas.<\/pee><!-- [et_pb_line_break_holder] -->  <pee>A fonoaudi\u00f3loga prop\u00f5e exerc\u00edcios de estimula\u00e7\u00e3o cognitiva adaptados para manter as capacidades o maior tempo poss\u00edvel, desenvolver estrat\u00e9gias compensat\u00f3rias e acompanhar a pessoa e seu entorno na adapta\u00e7\u00e3o \u00e0 evolu\u00e7\u00e3o dos dist\u00farbios. O aplicativo FERNANDO DYNSEO \u00e9 uma ferramenta chave desse acompanhamento, utiliz\u00e1vel em sess\u00f5es e em casa.<\/pee><!-- [et_pb_line_break_holder] --><\/div>\n<p><!-- [et_pb_line_break_holder] --><!-- [et_pb_line_break_holder] --><\/p>\n<h2 id=\"entourage\">6. O entorno: um ator essencial da reabilita\u00e7\u00e3o<\/h2>\n<p><!-- [et_pb_line_break_holder] --><!-- [et_pb_line_break_holder] -->  <pee>Se as sess\u00f5es com a fonoaudi\u00f3loga s\u00e3o essenciais, o ambiente em que a pessoa est\u00e1 inserida desempenha um papel igualmente importante no sucesso do tratamento. A estimula\u00e7\u00e3o n\u00e3o se limita \u00e0 sess\u00e3o \u2014 o c\u00e9rebro precisa de repeti\u00e7\u00e3o regular para consolidar os aprendizados. E o apoio afetivo do entorno multiplica a motiva\u00e7\u00e3o e reduz os riscos de abandono.<\/pee><!-- [et_pb_line_break_holder] --><!-- [et_pb_line_break_holder] --><\/p>\n<div class=\"key-points\"><!-- [et_pb_line_break_holder] -->  <\/p>\n<h3>\u2726 Como o entorno pode apoiar a reabilita\u00e7\u00e3o<\/h3>\n<p><!-- [et_pb_line_break_holder] -->  <\/p>\n<ul><!-- [et_pb_line_break_holder] -->    <\/p>\n<li><strong>Criar uma rotina de estimula\u00e7\u00e3o em casa:<\/strong> 10 a 15 minutos de jogos cognitivos todas as manh\u00e3s com um familiar, via FERNANDO ou CARMEN. Estabelecer um \u00ab&nbsp;encontro de jogo&nbsp;\u00bb em fam\u00edlia v\u00e1rias vezes por semana cria uma continuidade entre as sess\u00f5es.<\/li>\n<p><!-- [et_pb_line_break_holder] -->    <\/p>\n<li><strong>Usar a linguagem nas intera\u00e7\u00f5es di\u00e1rias:<\/strong> ler um artigo juntos, comentar um programa, contar o seu dia \u2014 todas essas ocasi\u00f5es estimulam a linguagem naturalmente. Incentivar a pessoa a se expressar em voz alta, mesmo devagar, para favorecer a autonomia verbal.<\/li>\n<p><!-- [et_pb_line_break_holder] -->    <\/p>\n<li><strong>Adaptar o ambiente f\u00edsico:<\/strong> etiquetas com palavras nos objetos da casa, quadro de refer\u00eancias visuais ou de vocabul\u00e1rio acess\u00edvel, pictogramas para as rotinas di\u00e1rias. Essas adapta\u00e7\u00f5es apoiam a comunica\u00e7\u00e3o al\u00e9m das sess\u00f5es.<\/li>\n<p><!-- [et_pb_line_break_holder] -->    <\/p>\n<li><strong>Fomentar as trocas sociais:<\/strong> chamadas telef\u00f4nicas ou de v\u00eddeo regulares, participa\u00e7\u00e3o em clubes ou oficinas de estimula\u00e7\u00e3o cognitiva, sa\u00eddas em contextos variados de comunica\u00e7\u00e3o. O isolamento \u00e9 o inimigo da reabilita\u00e7\u00e3o.<\/li>\n<p><!-- [et_pb_line_break_holder] -->    <\/p>\n<li><strong>Respeitar o ritmo da pessoa:<\/strong> a reabilita\u00e7\u00e3o pode ser exaustiva \u2014 fisicamente e emocionalmente. N\u00e3o pressionar demais. Celebrar cada pequena vit\u00f3ria. A paci\u00eancia e a bondade s\u00e3o medicamentos por si s\u00f3.<\/li>\n<p><!-- [et_pb_line_break_holder] -->  <\/ul>\n<p><!-- [et_pb_line_break_holder] --><\/div>\n<p><!-- [et_pb_line_break_holder] --><!-- [et_pb_line_break_holder] --><\/p>\n<div class=\"quote-block\"><!-- [et_pb_line_break_holder] -->  <pee>O que realmente transforma a trajet\u00f3ria de um paciente af\u00e1sico raramente \u00e9 uma nova t\u00e9cnica na sess\u00e3o \u2014 \u00e9 o envolvimento da fam\u00edlia. Os pacientes cujos familiares se envolvem ativamente na estimula\u00e7\u00e3o di\u00e1ria progridem em m\u00e9dia duas vezes mais r\u00e1pido do que aqueles que trabalham sozinhos. O fonoaudi\u00f3logo \u00e9 um maestro, mas a m\u00fasica tamb\u00e9m toca em casa.<\/pee><!-- [et_pb_line_break_holder] -->  <span class=\"quote-author\">\u2014 Dr. Isabelle Moreau, fonoaudi\u00f3loga especializada em neurologia, CHU de Bordeaux<\/span><!-- [et_pb_line_break_holder] --><\/div>\n<p><!-- [et_pb_line_break_holder] --><!-- [et_pb_line_break_holder] --><\/p>\n<div class=\"expert-box\"><!-- [et_pb_line_break_holder] -->  <\/p>\n<div class=\"expert-box-label\">\ud83d\udca1 Exemplos concretos<\/div>\n<p><!-- [et_pb_line_break_holder] -->  <\/p>\n<div class=\"expert-box-title\">Como os familiares fizeram a diferen\u00e7a<\/div>\n<p><!-- [et_pb_line_break_holder] -->  <pee><strong>Paul, 65 anos<\/strong>, est\u00e1 em reabilita\u00e7\u00e3o ap\u00f3s um AVC com afasia. Todas as noites, ele joga JOE com sua filha. Eles jogam juntos o jogo \u00ab&nbsp;Poema Perdido&nbsp;\u00bb, o que melhora n\u00e3o apenas a mem\u00f3ria verbal, mas tamb\u00e9m a flu\u00eancia de leitura \u2014 e cria um momento de cumplicidade que refor\u00e7a a motiva\u00e7\u00e3o de Paul para continuar.<\/pee><!-- [et_pb_line_break_holder] -->  <pee><strong>Claire, 58 anos<\/strong>, sofre de dist\u00farbios de degluti\u00e7\u00e3o. Todas as manh\u00e3s diante do espelho, ela pratica seus exerc\u00edcios de boca com a ajuda de seu marido, que a incentiva em voz alta e anota os progressos em um caderno. Este di\u00e1rio compartilhado se tornou uma forma para eles viverem juntos a doen\u00e7a em vez de suport\u00e1-la separadamente.<\/pee><!-- [et_pb_line_break_holder] -->  <\/p>\n<div class=\"expert-inner\"><!-- [et_pb_line_break_holder] --><\/p>\n<div class=\"expert-inner-title\">\u2726 Marie, 50 anos, professora<\/div>\n<p><!-- [et_pb_line_break_holder] -->    <pee>\u00ab&nbsp;Ap\u00f3s 25 anos de carreira, minha voz estava exausta. Eu n\u00e3o conseguia mais terminar meus dias. Minha colega me aconselhou uma fonoaudi\u00f3loga. Em 3 meses, aprendi a respirar corretamente e a posicionar minha voz. Continuo meus exerc\u00edcios todas as manh\u00e3s. N\u00e3o voltarei mais atr\u00e1s.&nbsp;\u00bb<\/pee><!-- [et_pb_line_break_holder] -->  <\/div>\n<p><!-- [et_pb_line_break_holder] --><\/div>\n<p><!-- [et_pb_line_break_holder] --><!-- [et_pb_line_break_holder] --><\/p>\n<h2 id=\"remboursement\">7. Percurso administrativo: prescri\u00e7\u00e3o e reembolso<\/h2>\n<p><!-- [et_pb_line_break_holder] --><!-- [et_pb_line_break_holder] --><pee>Na Fran\u00e7a, para que a avalia\u00e7\u00e3o e as sess\u00f5es de fonoaudiologia sejam reembolsadas pela Seguran\u00e7a Social, uma prescri\u00e7\u00e3o m\u00e9dica \u00e9 obrigat\u00f3ria. Ela pode ser emitida pelo seu m\u00e9dico de fam\u00edlia, um neurologista, um otorrinolaringologista, um geriatra ou qualquer outro m\u00e9dico especialista que o acompanhe. Esta prescri\u00e7\u00e3o deve mencionar o dist\u00farbio a ser tratado.<\/pee><!-- [et_pb_line_break_holder] --><!-- [et_pb_line_break_holder] --><\/p>\n<table class=\"dynseo-table\"><!-- [et_pb_line_break_holder] -->  <\/p>\n<thead><!-- [et_pb_line_break_holder] -->    <\/p>\n<tr><!-- [et_pb_line_break_holder] -->      <\/p>\n<th>Situa\u00e7\u00e3o<\/th>\n<p><!-- [et_pb_line_break_holder] -->      <\/p>\n<th>Reembolso S\u00e9cu<\/th>\n<p><!-- [et_pb_line_break_holder] -->      <\/p>\n<th>Complemento de sa\u00fade<\/th>\n<p><!-- [et_pb_line_break_holder] -->    <\/tr>\n<p><!-- [et_pb_line_break_holder] -->  <\/thead>\n<p><!-- [et_pb_line_break_holder] -->  <\/p>\n<tbody><!-- [et_pb_line_break_holder] -->    <\/p>\n<tr><!-- [et_pb_line_break_holder] -->      <\/p>\n<td>Casos gerais<\/td>\n<p><!-- [et_pb_line_break_holder] -->      <\/p>\n<td>60 % da tarifa convencionada<\/td>\n<p><!-- [et_pb_line_break_holder] -->      <\/p>\n<td>Frequentemente 40 % restantes conforme contrato<\/td>\n<p><!-- [et_pb_line_break_holder] -->    <\/tr>\n<p><!-- [et_pb_line_break_holder] -->    <\/p>\n<tr><!-- [et_pb_line_break_holder] -->      <\/p>\n<td>ALD (Afei\u00e7\u00e3o de Longa Dura\u00e7\u00e3o)<\/td>\n<p><!-- [et_pb_line_break_holder] -->      <\/p>\n<td>100 % para cuidados relacionados \u00e0 ALD<\/td>\n<p><!-- [et_pb_line_break_holder] -->      <\/p>\n<td>Vari\u00e1vel<\/td>\n<p><!-- [et_pb_line_break_holder] -->    <\/tr>\n<p><!-- [et_pb_line_break_holder] -->    <\/p>\n<tr class=\"hl\"><!-- [et_pb_line_break_holder] -->      <\/p>\n<td>P\u00f3s-AVC (1\u00ba ano)<\/td>\n<p><!-- [et_pb_line_break_holder] -->      <\/p>\n<td>100 % em regra geral<\/td>\n<p><!-- [et_pb_line_break_holder] -->      <\/p>\n<td>Ticket moderador frequentemente nulo<\/td>\n<p><!-- [et_pb_line_break_holder] -->    <\/tr>\n<p><!-- [et_pb_line_break_holder] -->    <\/p>\n<tr><!-- [et_pb_line_break_holder] -->      <\/p>\n<td>C\u00e2ncer (ALD 30)<\/td>\n<p><!-- [et_pb_line_break_holder] -->      <\/p>\n<td>100 % para cuidados relacionados ao c\u00e2ncer<\/td>\n<p><!-- [et_pb_line_break_holder] -->      <\/p>\n<td>Vari\u00e1vel conforme conv\u00eanio<\/td>\n<p><!-- [et_pb_line_break_holder] -->    <\/tr>\n<p><!-- [et_pb_line_break_holder] -->    <\/p>\n<tr><!-- [et_pb_line_break_holder] -->      <\/p>\n<td>Sess\u00f5es sem prescri\u00e7\u00e3o<\/td>\n<p><!-- [et_pb_line_break_holder] -->      <\/p>\n<td>0 % (n\u00e3o reembolsadas)<\/td>\n<p><!-- [et_pb_line_break_holder] -->      <\/p>\n<td>Vari\u00e1vel conforme contrato<\/td>\n<p><!-- [et_pb_line_break_holder] -->    <\/tr>\n<p><!-- [et_pb_line_break_holder] -->  <\/tbody>\n<p><!-- [et_pb_line_break_holder] --><\/table>\n<p><!-- [et_pb_line_break_holder] --><!-- [et_pb_line_break_holder] --><\/p>\n<div class=\"tip-box\"><!-- [et_pb_line_break_holder] -->  <\/p>\n<div class=\"tip-box-label\">\ud83d\udca1 Prazos de espera longos \u2014 o que fazer?<\/div>\n<p><!-- [et_pb_line_break_holder] -->  <pee>Os prazos para conseguir uma consulta com um fonoaudi\u00f3logo podem chegar a v\u00e1rios meses em algumas regi\u00f5es. Durante a espera, comece uma estimula\u00e7\u00e3o cognitiva aut\u00f4noma com FERNANDO DYNSEO. O aplicativo permite manter e at\u00e9 melhorar as fun\u00e7\u00f5es cognitivas enquanto aguarda o atendimento formal \u2014 e o fonoaudi\u00f3logo poder\u00e1 se basear nas estat\u00edsticas de FERNANDO para otimizar sua avalia\u00e7\u00e3o inicial.<\/pee><!-- [et_pb_line_break_holder] --><\/div>\n<p><!-- [et_pb_line_break_holder] --><!-- [et_pb_line_break_holder] --><\/p>\n<h2 id=\"pluridisciplinaire\">8. A reabilita\u00e7\u00e3o fonoaudiol\u00f3gica em um atendimento global<\/h2>\n<p><!-- [et_pb_line_break_holder] --><!-- [et_pb_line_break_holder] --><pee>A reabilita\u00e7\u00e3o fonoaudiol\u00f3gica raramente ocorre em um v\u00e1cuo \u2014 faz parte de um atendimento global envolvendo v\u00e1rios profissionais de sa\u00fade que trabalham idealmente em coordena\u00e7\u00e3o. Essa abordagem multidisciplinar \u00e9 particularmente importante nas sequelas de AVC, nas doen\u00e7as neurodegenerativas e nos c\u00e2nceres ORL.<\/pee><!-- [et_pb_line_break_holder] --><!-- [et_pb_line_break_holder] --><\/p>\n<div class=\"cards-grid\"><!-- [et_pb_line_break_holder] -->  <\/p>\n<div class=\"info-card\"><!-- [et_pb_line_break_holder] -->    <\/p>\n<div class=\"icon\">\ud83d\udc68\u200d\u2695\ufe0f<\/div>\n<p><!-- [et_pb_line_break_holder] -->    <\/p>\n<h4>M\u00e9dico de fam\u00edlia<\/h4>\n<p><!-- [et_pb_line_break_holder] -->    <pee>Coordena\u00e7\u00e3o geral dos cuidados, prescri\u00e7\u00e3o, acompanhamento m\u00e9dico global.<\/pee><!-- [et_pb_line_break_holder] -->  <\/div>\n<p><!-- [et_pb_line_break_holder] -->  <\/p>\n<div class=\"info-card\"><!-- [et_pb_line_break_holder] -->    <\/p>\n<div class=\"icon\">\ud83e\udde0<\/div>\n<p><!-- [et_pb_line_break_holder] -->    <\/p>\n<h4>Neurologista<\/h4>\n<p><!-- [et_pb_line_break_holder] -->    <pee>Acompanhamento das patologias neurol\u00f3gicas, adapta\u00e7\u00e3o dos tratamentos medicamentosos.<\/pee><!-- [et_pb_line_break_holder] -->  <\/div>\n<p><!-- [et_pb_line_break_holder] -->  <\/p>\n<div class=\"info-card\"><!-- [et_pb_line_break_holder] -->    <\/p>\n<div class=\"icon\">\ud83d\udc86<\/div>\n<p><!-- [et_pb_line_break_holder] -->    <\/p>\n<h4>Psic\u00f3logo<\/h4>\n<p><!-- [et_pb_line_break_holder] -->    <pee>Apoio emocional, gerenciamento da ansiedade e da depress\u00e3o reativa.<\/pee><!-- [et_pb_line_break_holder] -->  <\/div>\n<p><!-- [et_pb_line_break_holder] -->  <\/p>\n<div class=\"info-card\"><!-- [et_pb_line_break_holder] -->    <\/p>\n<div class=\"icon\">\ud83c\udfcb\ufe0f<\/div>\n<p><!-- [et_pb_line_break_holder] -->    <\/p>\n<h4>Fisioterapeuta<\/h4>\n<p><!-- [et_pb_line_break_holder] -->    <pee>Reabilita\u00e7\u00e3o motora global, trabalho de postura e respira\u00e7\u00e3o.<\/pee><!-- [et_pb_line_break_holder] -->  <\/div>\n<p><!-- [et_pb_line_break_holder] -->  <\/p>\n<div class=\"info-card\"><!-- [et_pb_line_break_holder] -->    <\/p>\n<div class=\"icon\">\ud83d\udee0\ufe0f<\/div>\n<p><!-- [et_pb_line_break_holder] -->    <\/p>\n<h4>Terapeuta ocupacional<\/h4>\n<p><!-- [et_pb_line_break_holder] -->    <pee>Adapta\u00e7\u00e3o do cotidiano, autonomia nas atividades da vida di\u00e1ria.<\/pee><!-- [et_pb_line_break_holder] -->  <\/div>\n<p><!-- [et_pb_line_break_holder] -->  <\/p>\n<div class=\"info-card\"><!-- [et_pb_line_break_holder] -->    <\/p>\n<div class=\"icon\">\ud83e\udd38<\/div>\n<p><!-- [et_pb_line_break_holder] -->    <\/p>\n<h4>Psicomotricista<\/h4>\n<p><!-- [et_pb_line_break_holder] -->    <pee>Coordena\u00e7\u00e3o dos movimentos, t\u00f4nus, esquema corporal, rela\u00e7\u00e3o corpo-espa\u00e7o.<\/pee><!-- [et_pb_line_break_holder] -->  <\/div>\n<p><!-- [et_pb_line_break_holder] --><\/div>\n<p><!-- [et_pb_line_break_holder] --><!-- [et_pb_line_break_holder] --><\/p>\n<h2 id=\"maintien\">9. Manter os progressos a longo prazo<\/h2>\n<p><!-- [et_pb_line_break_holder] --><!-- [et_pb_line_break_holder] --><pee>Uma vez que os objetivos de reabilita\u00e7\u00e3o sejam alcan\u00e7ados e o acompanhamento finalizado \u2014 ou nos per\u00edodos entre dois ciclos de tratamento \u2014 \u00e9 essencial manter os ganhos. O c\u00e9rebro, como todo sistema biol\u00f3gico, tende ao equil\u00edbrio do menor esfor\u00e7o&nbsp;: sem estimula\u00e7\u00e3o regular, as capacidades recentemente adquiridas podem declinar gradualmente.<\/pee><!-- [et_pb_line_break_holder] --><!-- [et_pb_line_break_holder] --><\/p>\n<div class=\"key-points\"><!-- [et_pb_line_break_holder] -->  <\/p>\n<h3>\u2726 Estrat\u00e9gias para manter os ganhos ap\u00f3s a reabilita\u00e7\u00e3o<\/h3>\n<p><!-- [et_pb_line_break_holder] -->  <\/p>\n<ul><!-- [et_pb_line_break_holder] -->    <\/p>\n<li><strong>Integrar os exerc\u00edcios na rotina di\u00e1ria:<\/strong> as t\u00e9cnicas aprendidas durante as sess\u00f5es devem se tornar automatismos. Respira\u00e7\u00e3o diafragm\u00e1tica antes de falar, exerc\u00edcios articulat\u00f3rios pela manh\u00e3, revis\u00e3o semanal das estrat\u00e9gias de comunica\u00e7\u00e3o.<\/li>\n<p><!-- [et_pb_line_break_holder] -->    <\/p>\n<li><strong>Permanecer ativo cognitivamente:<\/strong> leitura di\u00e1ria, jogos de tabuleiro, palavras cruzadas, aplicativos como FERNANDO \u2014 todas essas atividades mant\u00eam a atividade das redes neuronais envolvidas na linguagem e na cogni\u00e7\u00e3o.<\/li>\n<p><!-- [et_pb_line_break_holder] -->    <\/p>\n<li><strong>Manter uma vida social rica:<\/strong> as intera\u00e7\u00f5es sociais s\u00e3o os exerc\u00edcios de linguagem mais naturais e motivadores. Trocas variadas \u2014 conversa, telefone, correspond\u00eancia, redes sociais \u2014 mant\u00eam todas as facetas da comunica\u00e7\u00e3o.<\/li>\n<p><!-- [et_pb_line_break_holder] -->    <\/p>\n<li><strong>Consultar rapidamente em caso de reca\u00edda:<\/strong> se dificuldades que haviam desaparecido reaparecem, n\u00e3o esperar. Algumas sess\u00f5es de refor\u00e7o no in\u00edcio da reca\u00edda s\u00e3o muito mais eficazes do que um novo tratamento longo ap\u00f3s agravamento.<\/li>\n<p><!-- [et_pb_line_break_holder] -->    <\/p>\n<li><strong>Participar de grupos de pacientes:<\/strong> as associa\u00e7\u00f5es de pessoas af\u00e1sicas, os grupos de fala para gaguejantes adultos ou os ateli\u00eas de estimula\u00e7\u00e3o cognitiva em grupo oferecem um apoio entre pares insubstitu\u00edvel.<\/li>\n<p><!-- [et_pb_line_break_holder] -->  <\/ul>\n<p><!-- [et_pb_line_break_holder] --><\/div>\n<p><!-- [et_pb_line_break_holder] --><!-- [et_pb_line_break_holder] --><!-- [et_pb_line_break_holder] --><pee>A manuten\u00e7\u00e3o dos ganhos n\u00e3o se improvisa \u2014 ela se planeja. Antes do t\u00e9rmino do acompanhamento, o fonoaudi\u00f3logo e a pessoa (e seus familiares, se necess\u00e1rio) elaboram juntos um \u00ab&nbsp;plano de manuten\u00e7\u00e3o&nbsp;\u00bb especificando quais exerc\u00edcios continuar, com que frequ\u00eancia, e como detectar os sinais de alerta de uma reca\u00edda. Este plano, registrado por escrito, \u00e9 um contrato entre a pessoa e ela mesma \u2014 um lembrete tang\u00edvel de todo o caminho percorrido e do investimento feito para chegar l\u00e1. O aplicativo FERNANDO pode fazer parte deste plano de manuten\u00e7\u00e3o, com lembretes di\u00e1rios configur\u00e1veis e um hist\u00f3rico de desempenho que permite detectar rapidamente qualquer queda.<\/pee><!-- [et_pb_line_break_holder] --><!-- [et_pb_line_break_holder] --><\/p>\n<h2 id=\"prevention\">10. Prevenir os dist\u00farbios da linguagem e da voz<\/h2>\n<p><!-- [et_pb_line_break_holder] --><!-- [et_pb_line_break_holder] --><pee>Se a reabilita\u00e7\u00e3o fonoaudiol\u00f3gica \u00e9 essencial uma vez que os dist\u00farbios est\u00e3o instalados, a preven\u00e7\u00e3o continua sendo a melhor estrat\u00e9gia. V\u00e1rios h\u00e1bitos de vida e profissionais permitem reduzir significativamente o risco de desenvolver dist\u00farbios da linguagem, da voz e da degluti\u00e7\u00e3o.<\/pee><!-- [et_pb_line_break_holder] --><!-- [et_pb_line_break_holder] --><\/p>\n<h3>Higiene vocal para os profissionais da voz<\/h3>\n<p><!-- [et_pb_line_break_holder] --><!-- [et_pb_line_break_holder] --><pee>Professores, formadores, atores, advogados, cantores \u2014 todas as profiss\u00f5es que utilizam intensamente a voz est\u00e3o expostas a dist\u00farbios vocais. Uma boa higiene vocal n\u00e3o \u00e9 um luxo, mas uma necessidade profissional.<\/pee><!-- [et_pb_line_break_holder] --><!-- [et_pb_line_break_holder] --><\/p>\n<div class=\"key-points\"><!-- [et_pb_line_break_holder] -->  <\/p>\n<h3>\u2726 As regras de higiene vocal a adotar<\/h3>\n<p><!-- [et_pb_line_break_holder] -->  <\/p>\n<ul><!-- [et_pb_line_break_holder] -->    <\/p>\n<li><strong>Hidrata\u00e7\u00e3o :<\/strong> as cordas vocais vibram melhor bem hidratadas. Beba no m\u00ednimo 1,5 litro de \u00e1gua por dia, e evite \u00e1lcool e caf\u00e9 em excesso antes de uma utiliza\u00e7\u00e3o intensiva da voz.<\/li>\n<p><!-- [et_pb_line_break_holder] -->    <\/p>\n<li><strong>Evite comportamentos vocais abusivos :<\/strong> falar alto no barulho, sussurrar (que solicita paradoxalmente mais as cordas vocais do que falar normalmente), tossir ou limpar a garganta com frequ\u00eancia \u2014 esses comportamentos criam micro-traumas repetidos.<\/li>\n<p><!-- [et_pb_line_break_holder] -->    <\/p>\n<li><strong>Aprenda a respira\u00e7\u00e3o diafragm\u00e1tica :<\/strong> falar com o apoio do diafragma reduz consideravelmente a fadiga vocal. Um est\u00e1gio de 2 a 3 horas com um fonoaudi\u00f3logo ou um coach vocal \u00e9 suficiente para adquirir essa t\u00e9cnica fundamental.<\/li>\n<p><!-- [et_pb_line_break_holder] -->    <\/p>\n<li><strong>Fa\u00e7a pausas vocais :<\/strong> entre duas aulas, entre duas reuni\u00f5es \u2014 alguns minutos de sil\u00eancio total permitem que as cordas vocais se recuperem. Essas pausas n\u00e3o s\u00e3o um luxo, elas previnem dist\u00farbios cr\u00f4nicos custosos em termos de sa\u00fade e carreira.<\/li>\n<p><!-- [et_pb_line_break_holder] -->    <\/p>\n<li><strong>Consulte sem esperar :<\/strong> assim que a voz mudar de forma persistente (rouquid\u00e3o, fadiga, dor), consultar em preven\u00e7\u00e3o \u00e9 muito mais eficaz do que esperar uma les\u00e3o instalada.<\/li>\n<p><!-- [et_pb_line_break_holder] -->  <\/ul>\n<p><!-- [et_pb_line_break_holder] --><\/div>\n<p><!-- [et_pb_line_break_holder] --><!-- [et_pb_line_break_holder] --><\/p>\n<h3>Preven\u00e7\u00e3o dos dist\u00farbios cognitivos e da linguagem relacionados ao envelhecimento<\/h3>\n<p><!-- [et_pb_line_break_holder] --><!-- [et_pb_line_break_holder] --><pee>A reserva cognitiva \u2014 esse estoque de capacidades neuronais que permite compensar o envelhecimento cerebral \u2014 se constr\u00f3i ao longo da vida. Os h\u00e1bitos que a refor\u00e7am s\u00e3o os mesmos que previnem os dist\u00farbios da linguagem e da mem\u00f3ria&nbsp;: ler regularmente (em particular textos exigentes), manter uma vida social ativa, aprender novas habilidades e praticar atividades cognitivas estimulantes como jogos de linguagem, palavras cruzadas ou aplicativos de estimula\u00e7\u00e3o cognitiva como FERNANDO DYNSEO.<\/pee><!-- [et_pb_line_break_holder] --><!-- [et_pb_line_break_holder] --><pee>A fonoaudiologia preventiva para pessoas com mais de 60 anos ainda \u00e9 pouco difundida na Fran\u00e7a, mas come\u00e7a a ser proposta em alguns centros de sa\u00fade e consult\u00f3rios especializados. Consiste em avaliar as capacidades cognitivas e lingu\u00edsticas antes do aparecimento de sintomas, identificar as fragilidades e implementar um programa de manuten\u00e7\u00e3o adequado. \u00c9 o equivalente a um exame card\u00edaco preventivo \u2014 mas para o c\u00e9rebro.<\/pee><!-- [et_pb_line_break_holder] --><!-- [et_pb_line_break_holder] --><\/p>\n<div class=\"tip-box\"><!-- [et_pb_line_break_holder] --><\/p>\n<div class=\"tip-box-label\">\ud83d\udca1 Estimula\u00e7\u00e3o preventiva com FERNANDO<\/div>\n<p><!-- [et_pb_line_break_holder] -->  <pee>Se voc\u00ea tem mais de 50 anos e deseja manter suas capacidades cognitivas e lingu\u00edsticas saud\u00e1veis, o aplicativo FERNANDO DYNSEO \u00e9 uma ferramenta de estimula\u00e7\u00e3o preventiva eficaz e acess\u00edvel. 15 minutos por dia de jogos cognitivos variados \u2014 linguagem, mem\u00f3ria, l\u00f3gica, aten\u00e7\u00e3o \u2014 constituem um programa de manuten\u00e7\u00e3o cerebral completo, utiliz\u00e1vel em casa no seu pr\u00f3prio ritmo.<\/pee><!-- [et_pb_line_break_holder] --><\/div>\n<p><!-- [et_pb_line_break_holder] --><!-- [et_pb_line_break_holder] --><\/p>\n<h2 id=\"conclusion\">Conclus\u00e3o: a fonoaudiologia para adultos, um investimento na qualidade de vida<\/h2>\n<p><!-- [et_pb_line_break_holder] --><!-- [et_pb_line_break_holder] --><pee>A fonoaudiologia para adultos \u00e9 um campo rico, em plena evolu\u00e7\u00e3o, que abrange fun\u00e7\u00f5es t\u00e3o fundamentais quanto a comunica\u00e7\u00e3o, a autonomia e a qualidade de vida. Seja para superar as sequelas de um AVC, gerenciar uma doen\u00e7a neurol\u00f3gica, melhorar suas capacidades profissionais ou manter suas faculdades cognitivas com a idade, o fonoaudi\u00f3logo disp\u00f5e hoje de ferramentas variadas e eficazes \u2014 das quais os aplicativos digitais como FERNANDO DYNSEO representam um avan\u00e7o significativo.<\/pee><!-- [et_pb_line_break_holder] --><!-- [et_pb_line_break_holder] --><pee>A chave para o sucesso repousa sobre tr\u00eas pilares indissoci\u00e1veis: a regularidade dos exerc\u00edcios (di\u00e1rios, n\u00e3o apenas em sess\u00f5es), a implica\u00e7\u00e3o benevolente do entorno e a paci\u00eancia diante de progressos que podem ser lentos, mas que s\u00e3o reais. Cada palavra recuperada, cada refei\u00e7\u00e3o ingerida sem dor, cada conversa conduzida com flu\u00eancia \u00e9 uma vit\u00f3ria que merece ser celebrada.<\/pee><!-- [et_pb_line_break_holder] --><!-- [et_pb_line_break_holder] --><pee>Se voc\u00ea ou um de seus familiares apresenta dificuldades de comunica\u00e7\u00e3o, voz, degluti\u00e7\u00e3o ou mem\u00f3ria, n\u00e3o hesite em consultar. Um atendimento precoce sempre traz melhores resultados. E na espera, ou como complemento, FERNANDO DYNSEO acompanha voc\u00ea para manter e fortalecer suas capacidades cognitivas e lingu\u00edsticas no dia a dia.<\/pee><!-- [et_pb_line_break_holder] --><!-- [et_pb_line_break_holder] --><\/p>\n<h2 id=\"faq\">Perguntas frequentes sobre a fonoaudiologia para adultos<\/h2>\n<p><!-- [et_pb_line_break_holder] --><!-- [et_pb_line_break_holder] --><\/p>\n<div class=\"faq-list\"><!-- [et_pb_line_break_holder] -->  <\/p>\n<div class=\"faq-item\"><!-- [et_pb_line_break_holder] -->    <\/p>\n<div class=\"faq-q\"><span>Para que serve um fonoaudi\u00f3logo para um adulto sem transtorno grave?<\/span><span class=\"faq-icon\">+<\/span><\/div>\n<p><!-- [et_pb_line_break_holder] -->    <\/p>\n<div class=\"faq-a\"><pee>Mesmo sem patologia, um adulto pode consultar um fonoaudi\u00f3logo para melhorar sua dic\u00e7\u00e3o, sua voz, sua gest\u00e3o do gaguejo leve ou sua articula\u00e7\u00e3o. Muitos profissionais (professores, vendedores, atores) recorrem \u00e0 fonoaudiologia para otimizar suas habilidades de comunica\u00e7\u00e3o. A preven\u00e7\u00e3o de dist\u00farbios vocais tamb\u00e9m \u00e9 uma indica\u00e7\u00e3o v\u00e1lida.<\/pee><\/div>\n<p><!-- [et_pb_line_break_holder] -->  <\/div>\n<p><!-- [et_pb_line_break_holder] -->  <\/p>\n<div class=\"faq-item\"><!-- [et_pb_line_break_holder] -->    <\/p>\n<div class=\"faq-q\"><span>Quanto tempo dura uma reabilita\u00e7\u00e3o fonoaudiol\u00f3gica?<\/span><span class=\"faq-icon\">+<\/span><\/div>\n<p><!-- [et_pb_line_break_holder] -->    <\/p>\n<div class=\"faq-a\"><pee>A dura\u00e7\u00e3o varia consideravelmente de acordo com o transtorno e a pessoa. Para dist\u00farbios vocais funcionais, 10 a 20 sess\u00f5es podem ser suficientes. Para a afasia p\u00f3s-AVC, a reabilita\u00e7\u00e3o pode durar v\u00e1rios anos. Para os dist\u00farbios cognitivos progressivos (Alzheimer), \u00e9 um acompanhamento a longo prazo. O fonoaudi\u00f3logo reavalia regularmente e adapta a frequ\u00eancia das sess\u00f5es \u00e0 evolu\u00e7\u00e3o.<\/pee><\/div>\n<p><!-- [et_pb_line_break_holder] -->  <\/div>\n<p><!-- [et_pb_line_break_holder] -->  <\/p>\n<div class=\"faq-item\"><!-- [et_pb_line_break_holder] -->    <\/p>\n<div class=\"faq-q\"><span>O aplicativo FERNANDO pode substituir as sess\u00f5es de fonoaudiologia?<\/span><span class=\"faq-icon\">+<\/span><\/div>\n<p><!-- [et_pb_line_break_holder] -->    <\/p>\n<div class=\"faq-a\"><pee>N\u00e3o, e esse n\u00e3o \u00e9 seu objetivo. FERNANDO \u00e9 uma ferramenta de estimula\u00e7\u00e3o cognitiva complementar, utiliz\u00e1vel entre as sess\u00f5es para manter e fortalecer os progressos realizados com o fonoaudi\u00f3logo. Ele n\u00e3o realiza avalia\u00e7\u00f5es, n\u00e3o faz diagn\u00f3sticos e n\u00e3o substitui a expertise cl\u00ednica do profissional. \u00c9 uma ferramenta de treinamento aut\u00f4noma, n\u00e3o um substituto terap\u00eautico.<\/pee><\/div>\n<p><!-- [et_pb_line_break_holder] -->  <\/div>\n<p><!-- [et_pb_line_break_holder] -->  <\/p>\n<div class=\"faq-item\"><!-- [et_pb_line_break_holder] -->    <\/p>\n<div class=\"faq-q\"><span>Quais sinais devem me fazer consultar rapidamente?<\/span><span class=\"faq-icon\">+<\/span><\/div>\n<p><!-- [et_pb_line_break_holder] --><\/p>\n<div class=\"faq-a\"><pee>Consulte rapidamente se voc\u00ea observa: dificuldade s\u00fabita em encontrar suas palavras ou em construir frases (pode indicar um AVC), voz rouca persistindo por mais de 3 semanas (a ser explorada por um otorrinolaringologista), sensa\u00e7\u00e3o de sufocamento regular durante as refei\u00e7\u00f5es, modifica\u00e7\u00e3o brusca da voz ou da fala. N\u00e3o espere que os sintomas piorem \u2014 um atendimento precoce traz melhores resultados.<\/pee><\/div>\n<p><!-- [et_pb_line_break_holder] -->  <\/div>\n<p><!-- [et_pb_line_break_holder] -->  <\/p>\n<div class=\"faq-item\"><!-- [et_pb_line_break_holder] -->    <\/p>\n<div class=\"faq-q\"><span>Como encontrar um fonoaudi\u00f3logo especializado em adultos na minha regi\u00e3o?<\/span><span class=\"faq-icon\">+<\/span><\/div>\n<p><!-- [et_pb_line_break_holder] -->    <\/p>\n<div class=\"faq-a\"><pee>No site da Federa\u00e7\u00e3o Nacional dos Fonoaudi\u00f3logos (fno.fr), um diret\u00f3rio permite pesquisar fonoaudi\u00f3logos por especialidade e local. Seu m\u00e9dico de fam\u00edlia ou o servi\u00e7o de neurologia do hospital local tamb\u00e9m podem orient\u00e1-lo para fonoaudi\u00f3logos experientes em sua patologia espec\u00edfica.<\/pee><\/div>\n<p><!-- [et_pb_line_break_holder] -->  <\/div>\n<p><!-- [et_pb_line_break_holder] -->  <\/p>\n<div class=\"faq-item\"><!-- [et_pb_line_break_holder] -->    <\/p>\n<div class=\"faq-q\"><span>\u00c9 poss\u00edvel fazer fonoaudiologia por videoconfer\u00eancia?<\/span><span class=\"faq-icon\">+<\/span><\/div>\n<p><!-- [et_pb_line_break_holder] -->    <\/p>\n<div class=\"faq-a\"><pee>Sim. A telefonoaudiologia (sess\u00f5es por videoconfer\u00eancia) \u00e9 reconhecida e reembolsada desde 2021 na Fran\u00e7a. \u00c9 particularmente \u00fatil para pessoas com mobilidade reduzida, moradores de \u00e1reas pouco atendidas e para manter a regularidade do acompanhamento quando os deslocamentos s\u00e3o dif\u00edceis. Alguns exerc\u00edcios (vocabul\u00e1rio, estrutura\u00e7\u00e3o, mem\u00f3ria) se adaptam muito bem ao formato remoto.<\/pee><\/div>\n<p><!-- [et_pb_line_break_holder] -->  <\/div>\n<p><!-- [et_pb_line_break_holder] --><\/div>\n<p><!-- [et_pb_line_break_holder] --><!-- [et_pb_line_break_holder] --><!-- [et_pb_line_break_holder] --><\/p>\n<h3>A import\u00e2ncia da continuidade domic\u00edlio-consult\u00f3rio<\/h3>\n<p><!-- [et_pb_line_break_holder] --><!-- [et_pb_line_break_holder] --><pee>Uma das limita\u00e7\u00f5es hist\u00f3ricas da reabilita\u00e7\u00e3o fonoaudiol\u00f3gica \u00e9 a descontinuidade entre as sess\u00f5es no consult\u00f3rio e a vida em casa. Durante muito tempo, as ferramentas dispon\u00edveis para o treinamento aut\u00f4nomo eram limitadas \u2014 algumas fichas de exerc\u00edcios fotocopiadas, pouco motivadoras e rapidamente repetitivas. Os aplicativos digitais revolucionaram essa continuidade.<\/pee><!-- [et_pb_line_break_holder] --><!-- [et_pb_line_break_holder] --><pee>Com FERNANDO DYNSEO, o fonoaudi\u00f3logo pode recomendar jogos espec\u00edficos para praticar em casa \u2014 de acordo com os objetivos da sess\u00e3o \u2014 e depois consultar as estat\u00edsticas de jogo para ver o que a pessoa fez, com que frequ\u00eancia, e qual foi a taxa de sucesso. Essa visibilidade transforma o trabalho em casa de uma atividade opaca em um componente mensur\u00e1vel e discut\u00edvel da terapia.<\/pee><!-- [et_pb_line_break_holder] --><!-- [et_pb_line_break_holder] --><a href=\"https:\/\/www.dynseo.com\/pt-pt\/o-programa-dos-treinadores\/fernando-o-seu-treinador-de-cerebro\/\" class=\"internal-link\"><!-- [et_pb_line_break_holder] -->  <\/p>\n<div class=\"internal-link-icon\">\ud83e\udde0<\/div>\n<p><!-- [et_pb_line_break_holder] -->  <\/p>\n<div class=\"internal-link-content\"><!-- [et_pb_line_break_holder] -->    <\/p>\n<div class=\"internal-link-label\">Ferramenta recomendada pelos fonoaudi\u00f3logos<\/div>\n<p><!-- [et_pb_line_break_holder] -->    <\/p>\n<div class=\"internal-link-title\">FERNANDO DYNSEO \u2014 Estimula\u00e7\u00e3o cognitiva entre as sess\u00f5es<\/div>\n<p><!-- [et_pb_line_break_holder] -->    <\/p>\n<div class=\"internal-link-desc\">Remexer Mem\u00f3rias, Ouvido Musical, Poema Perdido, Ca\u00e7a ao Intruso \u2014 30+ jogos de linguagem e cogni\u00e7\u00e3o. Teste gratuito de 7 dias.<\/div>\n<p><!-- [et_pb_line_break_holder] -->  <\/div>\n<p><!-- [et_pb_line_break_holder] -->  <\/p>\n<div class=\"internal-link-arrow\">\u2192<\/div>\n<p><!-- [et_pb_line_break_holder] --><\/a><!-- [et_pb_line_break_holder] --><!-- [et_pb_line_break_holder] --><\/p>\n<div class=\"cta-box\"><!-- [et_pb_line_break_holder] -->  <\/p>\n<h3>\ud83d\udde3\ufe0f Acompanhe sua reabilita\u00e7\u00e3o com FERNANDO<\/h3>\n<p><!-- [et_pb_line_break_holder] -->  <pee>O aplicativo FERNANDO DYNSEO \u00e9 utilizado por centenas de fonoaudi\u00f3logos na Fran\u00e7a como ferramenta de estimula\u00e7\u00e3o entre as sess\u00f5es. Experimente gratuitamente por 7 dias em tablet e smartphone.<\/pee><!-- [et_pb_line_break_holder] -->  <\/p>\n<div class=\"cta-buttons\"><!-- [et_pb_line_break_holder] -->    <a href=\"https:\/\/www.dynseo.com\/pt-pt\/o-programa-dos-treinadores\/fernando-o-seu-treinador-de-cerebro\/\" class=\"btn-white\">\ud83e\udde0 Descobrir FERNANDO \u2192<\/a><!-- [et_pb_line_break_holder] -->    <a href=\"https:\/\/www.dynseo.com\/nous-contacter\/\" class=\"btn-outline\">Contatar DYNSEO \u2192<\/a><!-- [et_pb_line_break_holder] -->  <\/div>\n<p><!-- [et_pb_line_break_holder] --><\/div>\n<p><!-- [et_pb_line_break_holder] --><!-- [et_pb_line_break_holder] --><\/p>\n<div class=\"article-tags\"><!-- [et_pb_line_break_holder] -->  <a href=\"#\" class=\"article-tag\">ortofonia adulta<\/a><!-- [et_pb_line_break_holder] -->  <a href=\"#\" class=\"article-tag\">avalia\u00e7\u00e3o ortof\u00f4nica<\/a><!-- [et_pb_line_break_holder] -->  <a href=\"#\" class=\"article-tag\">reabilita\u00e7\u00e3o de afasia<\/a><!-- [et_pb_line_break_holder] -->  <a href=\"#\" class=\"article-tag\">dist\u00farbios de voz disfonia<\/a><!-- [et_pb_line_break_holder] -->  <a href=\"#\" class=\"article-tag\">FERNANDO DYNSEO ortofonia<\/a><!-- [et_pb_line_break_holder] -->  <a href=\"#\" class=\"article-tag\">estimula\u00e7\u00e3o cognitiva AVC<\/a><!-- [et_pb_line_break_holder] --><\/div>\n<p><!-- [et_pb_line_break_holder] --><!-- [et_pb_line_break_holder] --><\/div>\n<p><!-- [et_pb_line_break_holder] --><\/div>\n<p><!-- [et_pb_line_break_holder] --><!-- [et_pb_line_break_holder] --><script><!-- [et_pb_line_break_holder] -->document.querySelectorAll('.faq-q').forEach(btn => {<!-- [et_pb_line_break_holder] -->  btn.addEventListener('click', () => {<!-- [et_pb_line_break_holder] -->    btn.closest('.faq-item').classList.toggle('open');<!-- [et_pb_line_break_holder] -->  });<!-- [et_pb_line_break_holder] -->});<!-- [et_pb_line_break_holder] --><\/script><!-- [et_pb_line_break_holder] --><!-- [et_pb_line_break_holder] --><script type=\"application\/ld+json\"><!-- [et_pb_line_break_holder] -->{<!-- [et_pb_line_break_holder] -->  \"@context\": \"https:\/\/schema.org\",<!-- [et_pb_line_break_holder] -->  \"@graph\": [<!-- [et_pb_line_break_holder] -->    {<!-- [et_pb_line_break_holder] -->      \"@type\": \"Article\",<!-- [et_pb_line_break_holder] -->      \"@id\": \"https:\/\/www.dynseo.com\/orthophonie-adulte-bilan-therapie-outils\/#article\",<!-- [et_pb_line_break_holder] -->      \"headline\": \"Orthophonie pour Adultes : Bilan, Th\u00e9rapie et Outils Num\u00e9riques\",<!-- [et_pb_line_break_holder] -->      \"description\": \"Orthophonie pour adultes : bilan, th\u00e9rapie, outils num\u00e9riques, troubles trait\u00e9s (aphasie, dysarthrie, voix, d\u00e9glutition, mem\u00f3ria). Guide complet + application JOE DYNSEO.\",<!-- [et_pb_line_break_holder] -->      \"image\": {\"@type\": \"ImageObject\", \"url\": \"https:\/\/www.dynseo.com\/wp-content\/uploads\/2026\/03\/orthophonie-adulte-dynseo.jpg\", \"width\": 1200, \"height\": 630},<!-- [et_pb_line_break_holder] -->      \"author\": {\"@type\": \"Organization\", \"name\": \"DYNSEO\", \"url\": \"https:\/\/www.dynseo.com\"},<!-- [et_pb_line_break_holder] -->      \"publisher\": {\"@type\": \"Organization\", \"name\": \"DYNSEO\", \"url\": \"https:\/\/www.dynseo.com\", \"logo\": {\"@type\": \"ImageObject\", \"url\": \"https:\/\/www.dynseo.com\/wp-content\/uploads\/logo-dynseo.png\"}},<!-- [et_pb_line_break_holder] -->      \"datePublished\": \"2026-03-18\",<!-- [et_pb_line_break_holder] -->      \"dateModified\": \"2026-03-18\",<!-- [et_pb_line_break_holder] -->      \"mainEntityOfPage\": \"https:\/\/www.dynseo.com\/orthophonie-adulte-bilan-therapie-outils\/\",<!-- [et_pb_line_break_holder] -->      \"inLanguage\": \"fr-FR\",<!-- [et_pb_line_break_holder] -->      \"keywords\": \"orthophonie adulte, bilan orthophonique, aphasie r\u00e9\u00e9ducation, troubles voix, dysphonie, dysphagie, estimula\u00e7\u00e3o cognitiva\",<!-- [et_pb_line_break_holder] -->      \"articleSection\": \"Orthophonie et r\u00e9\u00e9ducation\",<!-- [et_pb_line_break_holder] -->      \"wordCount\": 5200,<!-- [et_pb_line_break_holder] -->      \"aggregateRating\": {\"@type\": \"AggregateRating\", \"ratingValue\": \"4.8\", \"ratingCount\": \"1129\", \"bestRating\": \"5\", \"worstRating\": \"1\"}<!-- [et_pb_line_break_holder] -->    },<!-- [et_pb_line_break_holder] -->    {<!-- [et_pb_line_break_holder] -->      \"@type\": \"WebPage\",<!-- [et_pb_line_break_holder] -->      \"@id\": \"https:\/\/www.dynseo.com\/orthophonie-adulte-bilan-therapie-outils\/\",<!-- [et_pb_line_break_holder] -->      \"url\": \"https:\/\/www.dynseo.com\/orthophonie-adulte-bilan-therapie-outils\/\",<!-- [et_pb_line_break_holder] -->      \"name\": \"Orthophonie pour Adultes : Bilan, Th\u00e9rapie et Outils Num\u00e9riques | DYNSEO\",<!-- [et_pb_line_break_holder] -->      \"breadcrumb\": {<!-- [et_pb_line_break_holder] -->        \"@type\": \"BreadcrumbList\",<!-- [et_pb_line_break_holder] -->        \"itemListElement\": [<!-- [et_pb_line_break_holder] -->          {\"@type\": \"ListItem\", \"position\": 1, \"name\": \"Accueil\", \"item\": \"https:\/\/www.dynseo.com\/\"},<!-- [et_pb_line_break_holder] -->          {\"@type\": \"ListItem\", \"position\": 2, \"name\": \"JOE \u2014 Coach c\u00e9r\u00e9bral\", \"item\": \"https:\/\/www.dynseo.com\/pt-pt\/o-programa-dos-treinadores\/fernando-o-seu-treinador-de-cerebro\/\"},<!-- [et_pb_line_break_holder] -->          {\"@type\": \"ListItem\", \"position\": 3, \"name\": \"Orthophonie adulte\", \"item\": \"https:\/\/www.dynseo.com\/orthophonie-adulte-bilan-therapie-outils\/\"}<!-- [et_pb_line_break_holder] -->        ]<!-- [et_pb_line_break_holder] -->      }<!-- [et_pb_line_break_holder] -->    },<!-- [et_pb_line_break_holder] -->    {<!-- [et_pb_line_break_holder] -->      \"@type\": \"FAQPage\",<!-- [et_pb_line_break_holder] -->      \"mainEntity\": [<!-- [et_pb_line_break_holder] -->        {\"@type\": \"Question\", \"name\": \"\u00c0 quoi sert un orthophoniste pour un adulte sans trouble grave ?\", \"acceptedAnswer\": {\"@type\": \"Answer\", \"text\": \"M\u00eame sans pathologie, un adulte peut consulter un orthophoniste pour am\u00e9liorer sa diction, sa voix port\u00e9e, g\u00e9rer un b\u00e9gaiement l\u00e9ger ou optimiser ses comp\u00e9tences de communication. La pr\u00e9vention des troubles vocaux chez les professionnels de la voix (enseignants, commerciaux) est une indication courante.\"}},<!-- [et_pb_line_break_holder] -->        {\"@type\": \"Question\", \"name\": \"Combien co\u00fbtent les s\u00e9ances d'orthophonie pour adultes ?\", \"acceptedAnswer\": {\"@type\": \"Answer\", \"text\": \"Avec prescription m\u00e9dicale, les s\u00e9ances sont rembours\u00e9es \u00e0 60% par l'Assurance Maladie, les 40% restants \u00e9tant g\u00e9n\u00e9ralement couverts par la mutuelle. En cas d'ALD ou post-AVC, le remboursement peut atteindre 100%. Sans prescription, les s\u00e9ances ne sont pas rembours\u00e9es.\"}},<!-- [et_pb_line_break_holder] -->        {\"@type\": \"Question\", \"name\": \"Quels troubles l'orthophoniste adulte peut-il traiter ?\", \"acceptedAnswer\": {\"@type\": \"Answer\", \"text\": \"L'orthophoniste adulte traite : l'aphasie (troubles du langage apr\u00e8s AVC ou pathologie neurologique), la dysarthrie (trouble moteur de la parole), la dysphonie (troubles de la voix), la dysphagie (troubles de la d\u00e9glutition), le b\u00e9gaiement adulte, les dist\u00farbios cognitivos li\u00e9s au vieillissement ou \u00e0 Alzheimer\/Parkinson.\"}},<!-- [et_pb_line_break_holder] -->        {\"@type\": \"Question\", \"name\": \"L'application JOE peut-elle remplacer les s\u00e9ances d'orthophonie ?\", \"acceptedAnswer\": {\"@type\": \"Answer\", \"text\": \"Non. JOE est un outil de estimula\u00e7\u00e3o cognitiva compl\u00e9mentaire \u00e0 utiliser entre les s\u00e9ances. Il ne r\u00e9alise pas de bilan, ne pose pas de diagnostic et ne remplace pas l'expertise de l'orthophoniste. C'est un entra\u00eenement autonome qui renforce les progr\u00e8s r\u00e9alis\u00e9s en s\u00e9ance.\"}},<!-- [et_pb_line_break_holder] -->        {\"@type\": \"Question\", \"name\": \"Peut-on faire de l'orthophonie en visioconf\u00e9rence ?\", \"acceptedAnswer\": {\"@type\": \"Answer\", \"text\": \"Oui. La t\u00e9l\u00e9-orthophonie est reconnue et rembours\u00e9e depuis 2021 en France. Elle convient aux personnes \u00e0 mobilit\u00e9 r\u00e9duite, aux habitants de zones peu desservies, et pour maintenir la r\u00e9gularit\u00e9 du suivi.\"}},<!-- [et_pb_line_break_holder] -->        {\"@type\": \"Question\", \"name\": \"Comment trouver un orthophoniste sp\u00e9cialis\u00e9 adulte ?\", \"acceptedAnswer\": {\"@type\": \"Answer\", \"text\": \"Sur fno.fr (F\u00e9d\u00e9ration Nationale des Orthophonistes), un annuaire permet de rechercher par sp\u00e9cialit\u00e9 et localisation. Votre m\u00e9decin traitant ou le service de neurologie de l'h\u00f4pital local peuvent aussi vous orienter vers des sp\u00e9cialistes exp\u00e9riment\u00e9s dans votre pathologie.\"}}<!-- [et_pb_line_break_holder] -->      ]<!-- [et_pb_line_break_holder] -->    }<!-- [et_pb_line_break_holder] -->  ]<!-- [et_pb_line_break_holder] -->}<!-- [et_pb_line_break_holder] --><\/script><!-- [et_pb_line_break_holder] --><\/body><!-- [et_pb_line_break_holder] --><\/html>[\/et_pb_code][\/et_pb_column][\/et_pb_row][\/et_pb_section][et_pb_section fb_built=&#8221;1&#8243; _builder_version=&#8221;4.16&#8243; global_colors_info=&#8221;{}&#8221;][et_pb_row _builder_version=&#8221;4.16&#8243; background_size=&#8221;initial&#8221; background_position=&#8221;top_left&#8221; background_repeat=&#8221;repeat&#8221; global_colors_info=&#8221;{}&#8221;][et_pb_column type=&#8221;4_4&#8243; _builder_version=&#8221;4.16&#8243; custom_padding=&#8221;|||&#8221; global_colors_info=&#8221;{}&#8221; custom_padding__hover=&#8221;|||&#8221;][et_pb_code _builder_version=&#8221;4.16&#8243; global_colors_info=&#8221;{}&#8221;]<script type=\"application\/ld+json\">{\"@context\":\"https:\/\/schema.org\",\"@type\":\"FAQPage\",\"mainEntity\":[{\"@type\":\"Question\",\"name\":\"L'orthophoniste ne traite-t-elle que les enfants ?\",\"acceptedAnswer\":{\"@type\":\"Answer\",\"text\":\"Non, l'orthophoniste peut traiter aussi les adultes et pas seulement les enfants. Un adulte peut avoir besoin d'\u00eatre suivi par une orthophoniste pour plusieurs raisons.\"}},{\"@type\":\"Question\",\"name\":\"Pour quelles raisons un adulte peut-il consulter un orthophoniste ?\",\"acceptedAnswer\":{\"@type\":\"Answer\",\"text\":\"Un adulte peut consulter pour des troubles depuis la naissance comme la surdit\u00e9, des troubles du langage depuis l'enfance, des probl\u00e8mes suite \u00e0 une pathologie ou un accident (voix, d\u00e9glutition, articulation), ou encore pour am\u00e9liorer sa diction dans le cadre professionnel.\"}},{\"@type\":\"Question\",\"name\":\"Pourquoi de nombreux adultes consultent-ils aujourd'hui pour am\u00e9liorer leur diction ?\",\"acceptedAnswer\":{\"@type\":\"Answer\",\"text\":\"Beaucoup d'adultes consultent pour am\u00e9liorer leur diction dans un contexte professionnel, notamment pour faire des discours en public. Cela concerne par exemple des professeurs, des acteurs ou des personnalit\u00e9s.\"}},{\"@type\":\"Question\",\"name\":\"Qu'est-ce qu'un bilan orthophonique et pourquoi est-il n\u00e9cessaire ?\",\"acceptedAnswer\":{\"@type\":\"Answer\",\"text\":\"Le bilan orthophonique est un examen n\u00e9cessaire avant de commencer un traitement. Il permet \u00e0 l'orthophoniste de comprendre toutes les difficult\u00e9s de la personne et d'adapter par la suite le traitement.\"}},{\"@type\":\"Question\",\"name\":\"Que se passe-t-il pendant un bilan orthophonique ?\",\"acceptedAnswer\":{\"@type\":\"Answer\",\"text\":\"Pendant le bilan, la personne doit parler de sa situation (pathologie, accident ou situation g\u00e9n\u00e9tique), puis passer des tests et faire des activit\u00e9s sp\u00e9cifiques. L'orthophoniste peut ensuite demander des examens compl\u00e9mentaires.\"}},{\"@type\":\"Question\",\"name\":\"\u00c0 quels moments le bilan orthophonique est-il propos\u00e9 ?\",\"acceptedAnswer\":{\"@type\":\"Answer\",\"text\":\"Le bilan est propos\u00e9 avant de commencer le traitement, mais \u00e9galement au milieu et \u00e0 la fin du parcours th\u00e9rapeutique pour \u00e9valuer les progr\u00e8s.\"}}]}<\/script><!-- [et_pb_line_break_holder] --><script type=\"application\/ld+json\">{\"@context\":\"https:\/\/schema.org\",\"@type\":\"FAQPage\",\"mainEntity\":[{\"@type\":\"Question\",\"name\":\"L'orthophoniste ne traite-t-elle que les enfants ?\",\"acceptedAnswer\":{\"@type\":\"Answer\",\"text\":\"Non, l'orthophoniste peut traiter aussi les adultes et pas seulement les enfants. Un adulte peut avoir besoin d'\u00eatre suivi par une orthophoniste pour plusieurs raisons.\"}},{\"@type\":\"Question\",\"name\":\"Pour quelles raisons un adulte peut-il consulter un orthophoniste ?\",\"acceptedAnswer\":{\"@type\":\"Answer\",\"text\":\"Un adulte peut consulter pour des troubles depuis la naissance comme la surdit\u00e9, des troubles du langage depuis l'enfance, des probl\u00e8mes suite \u00e0 une pathologie ou un accident (voix, d\u00e9glutition, articulation), ou encore pour am\u00e9liorer sa diction dans le cadre professionnel.\"}},{\"@type\":\"Question\",\"name\":\"Pourquoi de nombreux adultes consultent-ils aujourd'hui pour am\u00e9liorer leur diction ?\",\"acceptedAnswer\":{\"@type\":\"Answer\",\"text\":\"Beaucoup d'adultes consultent pour am\u00e9liorer leur diction dans un contexte professionnel, notamment pour faire des discours en public. Cela concerne par exemple des professeurs, des acteurs ou des personnalit\u00e9s.\"}},{\"@type\":\"Question\",\"name\":\"Qu'est-ce qu'un bilan orthophonique et pourquoi est-il n\u00e9cessaire ?\",\"acceptedAnswer\":{\"@type\":\"Answer\",\"text\":\"Le bilan orthophonique est un examen n\u00e9cessaire avant de commencer un traitement. Il permet \u00e0 l'orthophoniste de comprendre toutes les difficult\u00e9s de la personne et d'adapter par la suite le traitement.\"}},{\"@type\":\"Question\",\"name\":\"Que se passe-t-il pendant un bilan orthophonique ?\",\"acceptedAnswer\":{\"@type\":\"Answer\",\"text\":\"Pendant le bilan, la personne doit parler de sa situation (pathologie, accident ou situation g\u00e9n\u00e9tique), puis passer des tests et faire des activit\u00e9s sp\u00e9cifiques. L'orthophoniste peut ensuite demander des examens compl\u00e9mentaires.\"}},{\"@type\":\"Question\",\"name\":\"\u00c0 quels moments le bilan orthophonique est-il propos\u00e9 ?\",\"acceptedAnswer\":{\"@type\":\"Answer\",\"text\":\"Le bilan est propos\u00e9 avant de commencer le traitement, mais \u00e9galement au milieu et \u00e0 la fin du parcours th\u00e9rapeutique pour \u00e9valuer les progr\u00e8s.\"}}]}<\/script>[\/et_pb_code][\/et_pb_column][\/et_pb_row][\/et_pb_section]<\/p>\n","protected":false},"excerpt":{"rendered":"","protected":false},"author":4,"featured_media":301729,"comment_status":"closed","ping_status":"closed","sticky":false,"template":"","format":"standard","meta":{"_et_pb_use_builder":"on","_et_pb_old_content":"[et_pb_section fb_built=\"1\" admin_label=\"Article HTML v8.4\" _builder_version=\"4.16\" custom_padding=\"6px|||||\" global_colors_info=\"{}\"][et_pb_row _builder_version=\"4.27.6\" background_size=\"initial\" background_position=\"top_left\" background_repeat=\"repeat\" width=\"100%\" max_width=\"1967px\" custom_padding=\"0px|||||\" global_colors_info=\"{}\"][et_pb_column type=\"4_4\" _builder_version=\"4.16\" global_colors_info=\"{}\"][et_pb_code admin_label=\"HTML stylis\u00e9\" _builder_version=\"4.27.6\" hover_enabled=\"0\" global_colors_info=\"{}\" sticky_enabled=\"0\"]<!DOCTYPE html><!-- [et_pb_line_break_holder] --><html lang=\"fr\"><!-- [et_pb_line_break_holder] --><head><!-- [et_pb_line_break_holder] --><meta charset=\"UTF-8\"><!-- [et_pb_line_break_holder] --><meta name=\"viewport\" content=\"width=device-width, initial-scale=1.0\"><!-- [et_pb_line_break_holder] --><meta name=\"description\" content=\"Orthophonie pour adultes : bilan, th\u00e9rapie, outils num\u00e9riques, troubles trait\u00e9s (aphasie, dysarthrie, voix, d\u00e9glutition, m\u00e9moire). Guide complet + application JOE DYNSEO.\"><!-- [et_pb_line_break_holder] --><title>Orthophonie pour Adultes : Bilan, Th\u00e9rapie et Outils Num\u00e9riques | DYNSEO JOE<\/title><!-- [et_pb_line_break_holder] --><link rel=\"preconnect\" href=\"https:\/\/fonts.googleapis.com\"><!-- [et_pb_line_break_holder] --><link rel=\"preconnect\" href=\"https:\/\/fonts.gstatic.com\" crossorigin><!-- [et_pb_line_break_holder] --><link href=\"https:\/\/fonts.googleapis.com\/css2?family=Montserrat:wght@500;600;700;800;900&family=Poppins:wght@400;500;600;700&display=swap\" rel=\"stylesheet\"><!-- [et_pb_line_break_holder] --><style><!-- [et_pb_line_break_holder] -->*{margin:0;padding:0;box-sizing:border-box;}html{scroll-behavior:smooth;}<!-- [et_pb_line_break_holder] -->body{font-family:'Poppins',-apple-system,BlinkMacSystemFont,sans-serif;line-height:1.75;color:#333;background:#fff;overflow-x:hidden;}<!-- [et_pb_line_break_holder] -->img{max-width:100%;height:auto;display:block;}a{color:inherit;text-decoration:none;}<!-- [et_pb_line_break_holder] -->:root{--blue:#5e5ed7;--blue-dark:#5268c9;--teal:#a9e2e4;--teal-soft:#f0fafb;--yellow:#ffeca7;--yellow-soft:#fffbee;--pink:#e73469;--pink-soft:#fef0f4;--dark:#1a1a2e;--radius:20px;--shadow:0 4px 20px rgba(0,0,0,.06);}<!-- [et_pb_line_break_holder] -->.container{max-width:820px;margin:0 auto;padding:0 24px;}<!-- [et_pb_line_break_holder] -->.article-hero{background:linear-gradient(160deg,#f0fafb 0%,#fef9ff 55%,#fffbee 100%);padding:70px 24px 0;position:relative;overflow:visible;}<!-- [et_pb_line_break_holder] -->.article-hero-curve{position:absolute;bottom:-2px;left:0;right:0;width:100%;height:60px;background:#fff;border-radius:50% 50% 0 0;z-index:4;}<!-- [et_pb_line_break_holder] -->.article-hero-inner{max-width:820px;margin:0 auto;position:relative;z-index:3;padding-bottom:80px;}<!-- [et_pb_line_break_holder] -->.article-breadcrumb{font-size:12px;color:var(--blue);margin-bottom:20px;}<!-- [et_pb_line_break_holder] -->.article-breadcrumb a{color:var(--blue);border-bottom:1px solid rgba(94,94,215,.25);}<!-- [et_pb_line_break_holder] -->.article-category{display:inline-block;font-family:'Montserrat',sans-serif;font-size:11px;font-weight:700;letter-spacing:1.5px;text-transform:uppercase;color:var(--blue);background:#fff;border-radius:30px;padding:7px 18px;margin-bottom:16px;box-shadow:var(--shadow);}<!-- [et_pb_line_break_holder] -->.article-hero h1{font-family:'Montserrat',sans-serif;font-size:clamp(24px,4vw,34px);font-weight:900;color:var(--dark);line-height:1.3;margin-bottom:16px;}<!-- [et_pb_line_break_holder] -->.article-hero h1 .hl{display:inline;color:#fff;background:var(--blue);border-radius:8px;padding:1px 12px 3px;}<!-- [et_pb_line_break_holder] -->.article-meta{font-size:13px;color:#555;display:flex;gap:20px;flex-wrap:wrap;align-items:center;}<!-- [et_pb_line_break_holder] -->.article-body{padding:50px 0 60px;}<!-- [et_pb_line_break_holder] -->.article-body p{margin-bottom:22px;text-align:justify;font-size:15px;color:#444;line-height:1.9;}<!-- [et_pb_line_break_holder] -->.article-body strong{color:var(--dark);font-weight:600;}<!-- [et_pb_line_break_holder] -->.article-body h2{font-family:'Montserrat',sans-serif;font-size:clamp(20px,3vw,26px);font-weight:800;color:var(--dark);margin:55px 0 18px;padding-bottom:10px;border-bottom:3px solid var(--teal);}<!-- [et_pb_line_break_holder] -->.article-body h3{font-family:'Montserrat',sans-serif;font-size:clamp(17px,2.5vw,20px);font-weight:700;color:var(--blue);margin:35px 0 14px;}<!-- [et_pb_line_break_holder] -->.intro-block{background:var(--teal-soft);border-left:4px solid var(--teal);border-radius:0 var(--radius) var(--radius) 0;padding:24px 28px;margin:30px 0 40px;font-size:15px;color:#444;line-height:1.85;}<!-- [et_pb_line_break_holder] -->.stats-grid{display:grid;grid-template-columns:repeat(auto-fit,minmax(150px,1fr));gap:16px;margin:35px 0;}<!-- [et_pb_line_break_holder] -->.stat-card{text-align:center;padding:26px 16px;background:#fff;border-radius:var(--radius);box-shadow:var(--shadow);border-top:4px solid var(--teal);}<!-- [et_pb_line_break_holder] -->.stat-card:nth-child(2){border-top-color:var(--blue);}<!-- [et_pb_line_break_holder] -->.stat-card:nth-child(3){border-top-color:var(--pink);}<!-- [et_pb_line_break_holder] -->.stat-card:nth-child(4){border-top-color:var(--yellow);}<!-- [et_pb_line_break_holder] -->.stat-card .number{font-family:'Montserrat',sans-serif;font-size:2rem;font-weight:900;color:var(--dark);line-height:1;}<!-- [et_pb_line_break_holder] -->.stat-card .label{font-size:12px;color:#777;margin-top:8px;font-weight:500;line-height:1.4;}<!-- [et_pb_line_break_holder] -->.cards-grid{display:grid;grid-template-columns:repeat(3,1fr);gap:16px;margin:30px 0;}<!-- [et_pb_line_break_holder] -->@media(max-width:640px){.cards-grid{grid-template-columns:1fr 1fr;}}<!-- [et_pb_line_break_holder] -->.info-card{background:#fff;border-radius:var(--radius);padding:22px 18px;text-align:center;box-shadow:var(--shadow);border-bottom:3px solid var(--teal);transition:transform .25s;}<!-- [et_pb_line_break_holder] -->.info-card:hover{transform:translateY(-4px);}<!-- [et_pb_line_break_holder] -->.info-card:nth-child(3n+1){border-bottom-color:var(--teal);}<!-- [et_pb_line_break_holder] -->.info-card:nth-child(3n+2){border-bottom-color:var(--pink);}<!-- [et_pb_line_break_holder] -->.info-card:nth-child(3n+3){border-bottom-color:var(--blue);}<!-- [et_pb_line_break_holder] -->.info-card .icon{font-size:2rem;margin-bottom:10px;}<!-- [et_pb_line_break_holder] -->.info-card h4{font-family:'Montserrat',sans-serif;font-size:13px;font-weight:700;color:var(--dark);margin-bottom:6px;}<!-- [et_pb_line_break_holder] -->.info-card p{font-size:12px;color:#666;margin:0;line-height:1.55;}<!-- [et_pb_line_break_holder] -->.trouble-card{background:#fff;border-radius:var(--radius);padding:26px 28px;box-shadow:0 4px 18px rgba(0,0,0,.07);margin:20px 0;border-left:5px solid var(--teal);}<!-- [et_pb_line_break_holder] -->.trouble-card:nth-child(2n){border-left-color:var(--blue);}<!-- [et_pb_line_break_holder] -->.trouble-card:nth-child(3n){border-left-color:var(--pink);}<!-- [et_pb_line_break_holder] -->.trouble-label{font-family:'Montserrat',sans-serif;font-size:11px;font-weight:700;letter-spacing:1.5px;text-transform:uppercase;color:var(--blue);margin-bottom:5px;}<!-- [et_pb_line_break_holder] -->.trouble-title{font-family:'Montserrat',sans-serif;font-size:17px;font-weight:800;color:var(--dark);margin-bottom:12px;}<!-- [et_pb_line_break_holder] -->.trouble-card p{font-size:14px;color:#444;line-height:1.85;margin-bottom:8px;}<!-- [et_pb_line_break_holder] -->.trouble-card p:last-child{margin-bottom:0;}<!-- [et_pb_line_break_holder] -->.trouble-inner{background:var(--teal-soft);border-radius:12px;padding:14px 18px;margin-top:14px;}<!-- [et_pb_line_break_holder] -->.trouble-inner-title{font-family:'Montserrat',sans-serif;font-size:11px;font-weight:700;color:var(--blue-dark);margin-bottom:6px;text-transform:uppercase;letter-spacing:.8px;}<!-- [et_pb_line_break_holder] -->.trouble-inner p{font-size:13px;color:#444;margin:0;line-height:1.7;}<!-- [et_pb_line_break_holder] -->.joe-game-card{background:#fff;border-radius:var(--radius);padding:20px 22px;box-shadow:0 4px 16px rgba(0,0,0,.06);margin:12px 0;display:flex;gap:16px;align-items:center;border:2px solid #f0f0ff;transition:all .25s;}<!-- [et_pb_line_break_holder] -->.joe-game-card:hover{transform:translateY(-3px);border-color:var(--teal);}<!-- [et_pb_line_break_holder] -->.joe-game-card .joe-icon{font-size:2rem;flex-shrink:0;}<!-- [et_pb_line_break_holder] -->.joe-game-card h4{font-family:'Montserrat',sans-serif;font-size:15px;font-weight:800;color:var(--dark);margin-bottom:4px;}<!-- [et_pb_line_break_holder] -->.joe-game-card p{font-size:13px;color:#555;margin:0;line-height:1.6;}<!-- [et_pb_line_break_holder] -->.key-points{background:var(--teal-soft);padding:28px 32px;border-radius:var(--radius);margin:35px 0;box-shadow:var(--shadow);}<!-- [et_pb_line_break_holder] -->.key-points h3{font-family:'Montserrat',sans-serif;font-size:16px;font-weight:800;color:var(--blue-dark);margin:0 0 14px;}<!-- [et_pb_line_break_holder] -->.key-points ul{list-style:none;padding:0;margin:0;}<!-- [et_pb_line_break_holder] -->.key-points li{margin:10px 0;padding-left:26px;position:relative;color:#444;font-size:14px;line-height:1.75;}<!-- [et_pb_line_break_holder] -->.key-points li::before{content:'\u2726';position:absolute;left:0;color:var(--pink);font-size:11px;top:3px;}<!-- [et_pb_line_break_holder] -->.tip-box{background:var(--yellow-soft);border-left:4px solid #f5c842;border-radius:0 var(--radius) var(--radius) 0;padding:22px 26px;margin:30px 0;}<!-- [et_pb_line_break_holder] -->.tip-box-label{font-family:'Montserrat',sans-serif;font-size:11px;font-weight:700;letter-spacing:1.2px;text-transform:uppercase;color:#a07000;margin-bottom:8px;}<!-- [et_pb_line_break_holder] -->.tip-box p{font-size:14px;color:#444;margin:0;line-height:1.8;}<!-- [et_pb_line_break_holder] -->.expert-box{background:#fff;border-radius:var(--radius);padding:28px 30px;box-shadow:0 6px 25px rgba(0,0,0,.07);margin:35px 0;border-top:4px solid var(--blue);}<!-- [et_pb_line_break_holder] -->.expert-box-label{font-family:'Montserrat',sans-serif;font-size:11px;font-weight:700;letter-spacing:1.5px;text-transform:uppercase;color:var(--blue);margin-bottom:6px;}<!-- [et_pb_line_break_holder] -->.expert-box-title{font-family:'Montserrat',sans-serif;font-size:17px;font-weight:800;color:var(--dark);margin-bottom:14px;}<!-- [et_pb_line_break_holder] -->.expert-box p{font-size:14px;color:#444;line-height:1.8;margin-bottom:10px;}<!-- [et_pb_line_break_holder] -->.expert-box p:last-child{margin-bottom:0;}<!-- [et_pb_line_break_holder] -->.expert-inner{background:var(--teal-soft);border-radius:12px;padding:18px 22px;margin-top:14px;}<!-- [et_pb_line_break_holder] -->.expert-inner-title{font-family:'Montserrat',sans-serif;font-size:12px;font-weight:700;color:var(--blue-dark);margin-bottom:8px;text-transform:uppercase;letter-spacing:.8px;}<!-- [et_pb_line_break_holder] -->.expert-inner p{font-size:13px;color:#444;margin:0;line-height:1.7;}<!-- [et_pb_line_break_holder] -->.dynseo-table{width:100%;border-collapse:collapse;margin:30px 0;border-radius:var(--radius);overflow:hidden;box-shadow:var(--shadow);}<!-- [et_pb_line_break_holder] -->.dynseo-table thead tr{background:var(--blue);color:#fff;}<!-- [et_pb_line_break_holder] -->.dynseo-table th{padding:14px 12px;text-align:left;font-family:'Montserrat',sans-serif;font-size:13px;font-weight:700;}<!-- [et_pb_line_break_holder] -->.dynseo-table td{padding:13px 12px;font-size:13px;color:#444;border-bottom:1px solid #f0f0f0;}<!-- [et_pb_line_break_holder] -->.dynseo-table tr:nth-child(even){background:#f8f8ff;}<!-- [et_pb_line_break_holder] -->.dynseo-table tr.hl td{background:var(--yellow-soft);color:var(--dark);font-weight:600;}<!-- [et_pb_line_break_holder] -->.quote-block{background:#fff8f0;padding:32px;border-radius:var(--radius);margin:40px 0;box-shadow:var(--shadow);position:relative;}<!-- [et_pb_line_break_holder] -->.quote-block::before{content:'201C';font-size:100px;position:absolute;top:-20px;left:18px;font-family:Georgia,serif;color:var(--teal);opacity:.3;line-height:1;}<!-- [et_pb_line_break_holder] -->.quote-block p{font-size:15px;font-style:italic;color:#555;position:relative;z-index:1;margin-bottom:10px;line-height:1.85;}<!-- [et_pb_line_break_holder] -->.quote-block .quote-author{font-family:'Montserrat',sans-serif;font-weight:800;font-style:normal;color:var(--blue);font-size:13px;}<!-- [et_pb_line_break_holder] -->.faq-list{margin:30px 0;}<!-- [et_pb_line_break_holder] -->.faq-item{background:#fff;border:1.5px solid #eee;border-radius:14px;margin-bottom:14px;overflow:hidden;}<!-- [et_pb_line_break_holder] -->.faq-q{padding:18px 22px;font-family:'Montserrat',sans-serif;font-size:14px;font-weight:700;color:var(--dark);display:flex;justify-content:space-between;align-items:center;cursor:pointer;}<!-- [et_pb_line_break_holder] -->.faq-q .faq-icon{font-size:1.2rem;color:var(--pink);transition:transform .3s;flex-shrink:0;margin-left:12px;}<!-- [et_pb_line_break_holder] -->.faq-item.open .faq-icon{transform:rotate(45deg);}<!-- [et_pb_line_break_holder] -->.faq-a{padding:0 22px;max-height:0;overflow:hidden;transition:all .3s;}<!-- [et_pb_line_break_holder] -->.faq-item.open .faq-a{max-height:500px;padding:0 22px 18px;}<!-- [et_pb_line_break_holder] -->.faq-a p{font-size:14px;color:#555;margin:0;line-height:1.75;}<!-- [et_pb_line_break_holder] -->.internal-link{display:flex;align-items:center;gap:20px;background:var(--yellow-soft);padding:24px 28px;border-radius:var(--radius);box-shadow:var(--shadow);margin:40px 0;transition:all .3s ease;}<!-- [et_pb_line_break_holder] -->.internal-link:hover{transform:translateY(-3px);box-shadow:0 8px 28px rgba(0,0,0,.1);}<!-- [et_pb_line_break_holder] -->.internal-link-icon{font-size:2.5rem;flex-shrink:0;}<!-- [et_pb_line_break_holder] -->.internal-link-content{flex:1;}<!-- [et_pb_line_break_holder] -->.internal-link-label{font-size:11px;font-weight:700;letter-spacing:1.5px;text-transform:uppercase;color:var(--pink);margin-bottom:4px;}<!-- [et_pb_line_break_holder] -->.internal-link-title{font-family:'Montserrat',sans-serif;font-size:16px;font-weight:800;color:var(--dark);margin-bottom:4px;}<!-- [et_pb_line_break_holder] -->.internal-link-desc{font-size:13px;color:#555;}<!-- [et_pb_line_break_holder] -->.internal-link-arrow{font-size:1.5rem;color:var(--blue);flex-shrink:0;transition:transform .3s;}<!-- [et_pb_line_break_holder] -->.internal-link:hover .internal-link-arrow{transform:translateX(4px);}<!-- [et_pb_line_break_holder] -->.cta-box{background:linear-gradient(135deg,var(--blue) 0%,var(--blue-dark) 100%);padding:40px 36px;border-radius:22px;margin:50px 0;text-align:center;color:#fff;}<!-- [et_pb_line_break_holder] -->.cta-box h3{font-family:'Montserrat',sans-serif;font-size:22px;font-weight:800;margin-bottom:12px;}<!-- [et_pb_line_break_holder] -->.cta-box p{font-size:14px;color:rgba(255,255,255,.88);margin-bottom:24px;max-width:550px;margin-left:auto;margin-right:auto;}<!-- [et_pb_line_break_holder] -->.cta-buttons{display:flex;justify-content:center;gap:14px;flex-wrap:wrap;}<!-- [et_pb_line_break_holder] -->.btn-white{display:inline-block;padding:14px 34px;border-radius:30px;font-family:'Montserrat',sans-serif;font-size:14px;font-weight:700;background:#fff;color:var(--blue);transition:all .3s ease;}<!-- [et_pb_line_break_holder] -->.btn-white:hover{background:var(--dark);color:#fff;transform:translateY(-2px);}<!-- [et_pb_line_break_holder] -->.btn-outline{display:inline-block;padding:14px 34px;border-radius:30px;font-family:'Montserrat',sans-serif;font-size:14px;font-weight:700;border:2px solid rgba(255,255,255,.5);color:#fff;}<!-- [et_pb_line_break_holder] -->.article-tags{display:flex;flex-wrap:wrap;gap:8px;margin:40px 0 20px;padding-top:30px;border-top:2px solid #f0f0f0;}<!-- [et_pb_line_break_holder] -->.article-tag{display:inline-block;padding:6px 16px;border-radius:30px;font-size:12px;font-weight:600;}<!-- [et_pb_line_break_holder] -->.article-tag:nth-child(odd){color:var(--blue);background:#eeeeff;}<!-- [et_pb_line_break_holder] -->.article-tag:nth-child(even){color:var(--pink);background:var(--pink-soft);}<!-- [et_pb_line_break_holder] -->@media(max-width:768px){.cards-grid{grid-template-columns:1fr 1fr;}.stats-grid{grid-template-columns:1fr 1fr;}.cta-box{padding:28px 22px;}}<!-- [et_pb_line_break_holder] --><\/style><!-- [et_pb_line_break_holder] --><\/head><!-- [et_pb_line_break_holder] --><body><!-- [et_pb_line_break_holder] --><!-- [et_pb_line_break_holder] --><section class=\"article-hero\"><!-- [et_pb_line_break_holder] -->  <div class=\"article-hero-inner\"><!-- [et_pb_line_break_holder] -->    <div class=\"container\"><!-- [et_pb_line_break_holder] -->      <p class=\"article-breadcrumb\"><a href=\"https:\/\/www.dynseo.com\/\">In\u00edcio<\/a> \u203a <a href=\"https:\/\/www.dynseo.com\/pt-pt\/o-programa-dos-treinadores\/fernando-o-seu-treinador-de-cerebro\/\">FERNANDO \u2014 Coach cerebral<\/a> \u203a Fonoaudiologia para adultos<\/p><!-- [et_pb_line_break_holder] -->      <span class=\"article-category\">\ud83d\udde3\ufe0f Fonoaudiologia & Reabilita\u00e7\u00e3o<\/span><!-- [et_pb_line_break_holder] -->      <h1>Fonoaudiologia para Adultos :<br><span class=\"hl\">Avalia\u00e7\u00e3o, Terapia e Ferramentas Digitais<\/span><\/h1><!-- [et_pb_line_break_holder] -->      <p class=\"article-meta\"><!-- [et_pb_line_break_holder] -->        <span>\ud83d\udcc5 Atualizado 2026<\/span><!-- [et_pb_line_break_holder] -->        <span>\u23f1\ufe0f 9 min de leitura<\/span><!-- [et_pb_line_break_holder] -->        <span>\u2705 Guia profissional e para o p\u00fablico em geral<\/span><!-- [et_pb_line_break_holder] -->      <\/p><!-- [et_pb_line_break_holder] -->      <div style=\"display:flex;align-items:center;gap:10px;margin-top:16px;\"><!-- [et_pb_line_break_holder] -->        <span style=\"color:#f5a623;font-size:18px;\">\u2605\u2605\u2605\u2605\u2605<\/span><!-- [et_pb_line_break_holder] -->        <span style=\"font-size:13px;color:#555;font-weight:500;\">4,8\/5 \u2014 <span itemprop=\"ratingCount\">1&nbsp;129 avalia\u00e7\u00f5es<\/span><\/span><!-- [et_pb_line_break_holder] -->        <span style=\"font-size:12px;color:#999;\">| Recomendado por fonoaudi\u00f3logos<\/span><!-- [et_pb_line_break_holder] -->      <\/div><!-- [et_pb_line_break_holder] -->    <\/div><!-- [et_pb_line_break_holder] -->  <\/div><!-- [et_pb_line_break_holder] -->  <div class=\"article-hero-curve\"><\/div><!-- [et_pb_line_break_holder] --><\/section><!-- [et_pb_line_break_holder] --><!-- [et_pb_line_break_holder] --><div class=\"article-body\"><!-- [et_pb_line_break_holder] --><div class=\"container\"><!-- [et_pb_line_break_holder] --><!-- [et_pb_line_break_holder] --><div class=\"intro-block\"><!-- [et_pb_line_break_holder] -->  O fonoaudi\u00f3logo n\u00e3o \u00e9 apenas o especialista em crian\u00e7as que t\u00eam dificuldade em falar. No adulto, a fonoaudiologia atua em diversas situa\u00e7\u00f5es&nbsp;: sequelas de um acidente vascular cerebral, doen\u00e7a de Parkinson, dist\u00farbios da voz em profissionais, gagueira persistente, dificuldades de degluti\u00e7\u00e3o, decl\u00ednio cognitivo relacionado \u00e0 idade. Este guia completo explica o percurso fonoaudiol\u00f3gico para adultos, os dist\u00farbios tratados, as ferramentas dispon\u00edveis \u2014 incluindo o aplicativo digital FERNANDO DYNSEO \u2014 e as chaves para maximizar os progressos.<!-- [et_pb_line_break_holder] --><\/div><!-- [et_pb_line_break_holder] --><!-- [et_pb_line_break_holder] --><div class=\"stats-grid\"><!-- [et_pb_line_break_holder] -->  <div class=\"stat-card\"><!-- [et_pb_line_break_holder] -->    <div class=\"number\">1 em 3<\/div><!-- [et_pb_line_break_holder] -->    <div class=\"label\">Adultos ap\u00f3s um AVC apresentam dist\u00farbios de linguagem<\/div><!-- [et_pb_line_break_holder] -->  <\/div><!-- [et_pb_line_break_holder] -->  <div class=\"stat-card\"><!-- [et_pb_line_break_holder] -->    <div class=\"number\">60 %<\/div><!-- [et_pb_line_break_holder] -->    <div class=\"label\">Das sess\u00f5es reembolsadas pela Previd\u00eancia Social<\/div><!-- [et_pb_line_break_holder] -->  <\/div><!-- [et_pb_line_break_holder] -->  <div class=\"stat-card\"><!-- [et_pb_line_break_holder] -->    <div class=\"number\">30+<\/div><!-- [et_pb_line_break_holder] -->    <div class=\"label\">Jogos cognitivos no app FERNANDO DYNSEO<\/div><!-- [et_pb_line_break_holder] -->  <\/div><!-- [et_pb_line_break_holder] -->  <div class=\"stat-card\"><!-- [et_pb_line_break_holder] -->    <div class=\"number\">Todas as idades<\/div><!-- [et_pb_line_break_holder] -->    <div class=\"label\">A fonoaudiologia para adultos abrange de 20 a 90+ anos<\/div><!-- [et_pb_line_break_holder] -->  <\/div><!-- [et_pb_line_break_holder] --><\/div><!-- [et_pb_line_break_holder] --><!-- [et_pb_line_break_holder] --><h2 id=\"pourquoi\">1. Por que consultar um fonoaudi\u00f3logo na idade adulta?<\/h2><!-- [et_pb_line_break_holder] --><!-- [et_pb_line_break_holder] --><p>O fonoaudi\u00f3logo \u00e9 o especialista em dist\u00farbios da comunica\u00e7\u00e3o, da linguagem, da voz e da degluti\u00e7\u00e3o. Se seu papel junto \u00e0s crian\u00e7as \u00e9 bem conhecido pelo grande p\u00fablico, suas compet\u00eancias junto aos adultos permanecem muitas vezes desconhecidas \u2014 enquanto uma grande parte de sua atividade cl\u00ednica diz respeito precisamente aos adultos e \u00e0s pessoas idosas.<\/p><!-- [et_pb_line_break_holder] --><!-- [et_pb_line_break_holder] --><p>Existem tr\u00eas grandes categorias de raz\u00f5es pelas quais um adulto consulta um fonoaudi\u00f3logo. A primeira \u00e9 a persist\u00eancia na idade adulta de dist\u00farbios adquiridos na inf\u00e2ncia (surdez, dist\u00farbios de linguagem, gagueira). A segunda \u00e9 o surgimento de dist\u00farbios consequentes a uma patologia ou um acidente (AVC, trauma craniano, c\u00e2ncer de cabe\u00e7a e pesco\u00e7o, doen\u00e7as neurodegenerativas). A terceira \u00e9 a melhoria das compet\u00eancias de comunica\u00e7\u00e3o em um contexto profissional (dic\u00e7\u00e3o, voz projetada, fala em p\u00fablico).<\/p><!-- [et_pb_line_break_holder] --><!-- [et_pb_line_break_holder] --><div class=\"cards-grid\"><!-- [et_pb_line_break_holder] -->  <div class=\"info-card\"><!-- [et_pb_line_break_holder] -->    <div class=\"icon\">\ud83e\udde0<\/div><!-- [et_pb_line_break_holder] -->    <h4>Neurol\u00f3gico<\/h4><!-- [et_pb_line_break_holder] -->    <p>Afasia, disartria, dist\u00farbios cognitivos p\u00f3s-AVC, Alzheimer, Parkinson, EM.<\/p><!-- [et_pb_line_break_holder] -->  <\/div><!-- [et_pb_line_break_holder] -->  <div class=\"info-card\"><!-- [et_pb_line_break_holder] -->    <div class=\"icon\">\ud83c\udf99\ufe0f<\/div><!-- [et_pb_line_break_holder] -->    <h4>Voz<\/h4><!-- [et_pb_line_break_holder] -->    <p>Disfonia, fadiga vocal, perda de voz em profissionais.<\/p><!-- [et_pb_line_break_holder] -->  <\/div><!-- [et_pb_line_break_holder] -->  <div class=\"info-card\"><!-- [et_pb_line_break_holder] -->    <div class=\"icon\">\ud83c\udf7d\ufe0f<\/div><!-- [et_pb_line_break_holder] -->    <h4>Degluti\u00e7\u00e3o<\/h4><!-- [et_pb_line_break_holder] -->    <p>Disfagia ap\u00f3s AVC, c\u00e2ncer de cabe\u00e7a e pesco\u00e7o, doen\u00e7as neuromusculares.<\/p><!-- [et_pb_line_break_holder] -->  <\/div><!-- [et_pb_line_break_holder] -->  <div class=\"info-card\"><!-- [et_pb_line_break_holder] -->    <div class=\"icon\">\ud83d\udcac<\/div><!-- [et_pb_line_break_holder] -->    <h4>Flu\u00eancia<\/h4><!-- [et_pb_line_break_holder] -->    <p>Gagueira adulta, balbucio, dist\u00farbios do ritmo da fala.<\/p><!-- [et_pb_line_break_holder] -->  <\/div><!-- [et_pb_line_break_holder] -->  <div class=\"info-card\"><!-- [et_pb_line_break_holder] -->    <div class=\"icon\">\ud83e\udde9<\/div><!-- [et_pb_line_break_holder] -->    <h4>Cognitivo<\/h4><!-- [et_pb_line_break_holder] -->    <p>Dist\u00farbios da mem\u00f3ria, aten\u00e7\u00e3o, linguagem relacionados ao envelhecimento ou a uma patologia.<\/p><!-- [et_pb_line_break_holder] -->  <\/div><!-- [et_pb_line_break_holder] -->  <div class=\"info-card\"><!-- [et_pb_line_break_holder] -->    <div class=\"icon\">\ud83c\udfaf<\/div><!-- [et_pb_line_break_holder] -->    <h4>Profissional<\/h4><!-- [et_pb_line_break_holder] -->    <p>Melhoria da dic\u00e7\u00e3o, voz para discursos p\u00fablicos, articula\u00e7\u00e3o.<\/p><!-- [et_pb_line_break_holder] -->  <\/div><!-- [et_pb_line_break_holder] --><\/div><!-- [et_pb_line_break_holder] --><!-- [et_pb_line_break_holder] --><h2 id=\"bilan\">2. A avalia\u00e7\u00e3o fonoaudiol\u00f3gica: primeira etapa indispens\u00e1vel<\/h2><!-- [et_pb_line_break_holder] --><!-- [et_pb_line_break_holder] --><p>Antes de qualquer tratamento, o fonoaudi\u00f3logo realiza uma <strong>avalia\u00e7\u00e3o fonoaudiol\u00f3gica completa<\/strong>. Esta avalia\u00e7\u00e3o \u00e9 tanto uma avalia\u00e7\u00e3o diagn\u00f3stica quanto o ponto de partida do projeto terap\u00eautico. Geralmente, \u00e9 renovada na metade do caminho e ao final do tratamento para medir os progressos e ajustar os objetivos.<\/p><!-- [et_pb_line_break_holder] --><!-- [et_pb_line_break_holder] --><h3>O que acontece durante a avalia\u00e7\u00e3o?<\/h3><!-- [et_pb_line_break_holder] --><!-- [et_pb_line_break_holder] -->\n<div class=\"key-points\"><!-- [et_pb_line_break_holder] -->  <h3>\u2726 As etapas de uma avalia\u00e7\u00e3o fonoaudiol\u00f3gica em adultos<\/h3><!-- [et_pb_line_break_holder] -->  <ul><!-- [et_pb_line_break_holder] -->    <li><strong>Anamnese:<\/strong> coleta da hist\u00f3ria da pessoa \u2014 patologia, acidentes, antecedentes familiares, contexto de vida, dificuldades sentidas e impacto no dia a dia. Esta fase de escuta \u00e9 t\u00e3o diagn\u00f3stica quanto os testes que se seguem.<\/li><!-- [et_pb_line_break_holder] -->    <li><strong>Testes padronizados:<\/strong> de acordo com o dist\u00farbio suspeito, o fonoaudi\u00f3logo utiliza baterias de testes validados (BDAE para afasia, protocolos de degluti\u00e7\u00e3o, testes de voz...) que permitem situar o desempenho da pessoa em rela\u00e7\u00e3o \u00e0s normas para sua idade e n\u00edvel de escolaridade.<\/li><!-- [et_pb_line_break_holder] -->    <li><strong>Avalia\u00e7\u00e3o funcional:<\/strong> al\u00e9m das pontua\u00e7\u00f5es nos testes, o fonoaudi\u00f3logo avalia o impacto dos dist\u00farbios na vida real \u2014 comunica\u00e7\u00e3o com os familiares, autonomia nas tarefas di\u00e1rias, vida profissional e social.<\/li><!-- [et_pb_line_break_holder] -->    <li><strong>Exames complementares:<\/strong> de acordo com os resultados, o fonoaudi\u00f3logo pode encaminhar para outros especialistas (otorrinolaringologista para dist\u00farbios da voz, oftalmologista para dist\u00farbios de leitura, neurologista para dist\u00farbios cognitivos severos).<\/li><!-- [et_pb_line_break_holder] -->    <li><strong>Relat\u00f3rio e projeto terap\u00eautico:<\/strong> ao final da avalia\u00e7\u00e3o, o fonoaudi\u00f3logo apresenta suas conclus\u00f5es, explica o diagn\u00f3stico funcional e prop\u00f5e um programa de reabilita\u00e7\u00e3o com objetivos hierarquizados e uma frequ\u00eancia de sess\u00f5es adequada.<\/li><!-- [et_pb_line_break_holder] -->  <\/ul><!-- [et_pb_line_break_holder] --><\/div><!-- [et_pb_line_break_holder] --><!-- [et_pb_line_break_holder] --><div class=\"tip-box\"><!-- [et_pb_line_break_holder] -->  <div class=\"tip-box-label\">\ud83d\udca1 Como obter uma avalia\u00e7\u00e3o fonoaudiol\u00f3gica<\/div><!-- [et_pb_line_break_holder] -->  <p>Na Fran\u00e7a, uma prescri\u00e7\u00e3o m\u00e9dica \u00e9 necess\u00e1ria para que a avalia\u00e7\u00e3o e as sess\u00f5es de reabilita\u00e7\u00e3o sejam reembolsadas. Pe\u00e7a uma receita ao seu m\u00e9dico de fam\u00edlia ou ao especialista que o acompanha (neurologista, otorrinolaringologista, geriatra). O tempo de espera para uma primeira consulta pode variar de algumas semanas a v\u00e1rios meses, dependendo das regi\u00f5es \u2014 da\u00ed a import\u00e2ncia de come\u00e7ar uma estimula\u00e7\u00e3o cognitiva aut\u00f4noma enquanto isso, com ferramentas como JOE DYNSEO.<\/p><!-- [et_pb_line_break_holder] --><\/div><!-- [et_pb_line_break_holder] --><!-- [et_pb_line_break_holder] --><h2 id=\"therapie\">3. A terapia fonoaudiol\u00f3gica: abordagens e m\u00e9todos<\/h2><!-- [et_pb_line_break_holder] --><!-- [et_pb_line_break_holder] --><p>Ap\u00f3s a avalia\u00e7\u00e3o, a reabilita\u00e7\u00e3o fonoaudiol\u00f3gica come\u00e7a. Ela assume formas muito diferentes dependendo do dist\u00farbio tratado, do perfil da pessoa e dos objetivos definidos. A afasia \u2014 dist\u00farbio da linguagem adquirido ap\u00f3s uma les\u00e3o cerebral \u2014 \u00e9 o dist\u00farbio mais frequentemente tratado em adultos, mas longe de ser o \u00fanico.<\/p><!-- [et_pb_line_break_holder] --><!-- [et_pb_line_break_holder] --><h3>As abordagens terap\u00eauticas para a afasia<\/h3><!-- [et_pb_line_break_holder] --><!-- [et_pb_line_break_holder] --><p>Para a afasia p\u00f3s-AVC ou relacionada a uma patologia neurol\u00f3gica, tr\u00eas grandes abordagens coexistem e s\u00e3o frequentemente combinadas de acordo com as necessidades&nbsp;:<\/p><!-- [et_pb_line_break_holder] --><!-- [et_pb_line_break_holder] --><div class=\"trouble-card\"><!-- [et_pb_line_break_holder] -->  <div class=\"trouble-label\">\ud83d\udd01 Abordagem 1<\/div><!-- [et_pb_line_break_holder] -->  <div class=\"trouble-title\">Restabelecimento das fun\u00e7\u00f5es<\/div><!-- [et_pb_line_break_holder] -->  <p>Esta abordagem visa restaurar as fun\u00e7\u00f5es lingu\u00edsticas alteradas utilizando t\u00e9cnicas de facilita\u00e7\u00e3o \u2014 repeti\u00e7\u00e3o, denomina\u00e7\u00e3o de imagens, completamento de frases, trabalho na flu\u00eancia verbal. Ela se baseia na neuroplasticidade&nbsp;: ao estimular as redes neuronais ao redor da les\u00e3o, favorece a reorganiza\u00e7\u00e3o funcional da linguagem em \u00e1reas cerebrais preservadas.<\/p><!-- [et_pb_line_break_holder] --><\/div><!-- [et_pb_line_break_holder] --><!-- [et_pb_line_break_holder] --><div class=\"trouble-card\"><!-- [et_pb_line_break_holder] -->  <div class=\"trouble-label\">\ud83c\udfb5 Abordagem 2<\/div><!-- [et_pb_line_break_holder] -->  <div class=\"trouble-title\">Terapia mel\u00f3dica e r\u00edtmica (TMR)<\/div><!-- [et_pb_line_break_holder] -->  <p>A TMR utiliza o canto e a melodia para contornar as \u00e1reas lesionadas do hemisf\u00e9rio esquerdo (envolvido na linguagem) ativando as capacidades mel\u00f3dicas do hemisf\u00e9rio direito. Esta t\u00e9cnica, desenvolvida na d\u00e9cada de 1970, mostrou resultados not\u00e1veis em pacientes com afasia n\u00e3o fluente severa. Alguns pacientes que n\u00e3o conseguem mais produzir fala espont\u00e2nea conseguem cantar frases completas.<\/p><!-- [et_pb_line_break_holder] -->  <div class=\"trouble-inner\"><!-- [et_pb_line_break_holder] -->\n<div class=\"trouble-inner-title\">\u2726 Lien avec FERNANDO DYNSEO<\/div><!-- [et_pb_line_break_holder] -->    <p>O jogo \u00ab&nbsp;Oreille Musicale&nbsp;\u00bb de FERNANDO prop\u00f5e um quiz de reconhecimento de can\u00e7\u00f5es que ativa as mesmas capacidades mel\u00f3dicas solicitadas pela TMR. O fonoaudi\u00f3logo pode us\u00e1-lo para refor\u00e7ar essa estimula\u00e7\u00e3o entre as sess\u00f5es.<\/p><!-- [et_pb_line_break_holder] -->  <\/div><!-- [et_pb_line_break_holder] --><\/div><!-- [et_pb_line_break_holder] --><!-- [et_pb_line_break_holder] --><div class=\"trouble-card\"><!-- [et_pb_line_break_holder] -->  <div class=\"trouble-label\">\ud83e\udd1d Approche 3<\/div><!-- [et_pb_line_break_holder] -->  <div class=\"trouble-title\">PACE \u2014 Comunica\u00e7\u00e3o Alternativa Aumentada<\/div><!-- [et_pb_line_break_holder] -->  <p>O PACE (Promoting Aphasics Communicative Effectiveness) \u00e9 uma abordagem ecol\u00f3gica que visa restaurar a comunica\u00e7\u00e3o funcional em vez da l\u00edngua em si. Ela utiliza todos os canais dispon\u00edveis&nbsp;: gestos, desenhos, imagens, pictogramas, tecnologias. O objetivo \u00e9 permitir que a pessoa comunique suas necessidades e pensamentos, mesmo que a fala permane\u00e7a trabalhosa.<\/p><!-- [et_pb_line_break_holder] -->  <p>\u00c9 nessa abordagem que as ferramentas digitais \u2014 incluindo o aplicativo <strong>MON DICO de DYNSEO<\/strong>, projetado especificamente para pessoas n\u00e3o verbais ou com dist\u00farbios severos da comunica\u00e7\u00e3o \u2014 desempenham um papel particularmente importante.<\/p><!-- [et_pb_line_break_holder] --><\/div><!-- [et_pb_line_break_holder] --><!-- [et_pb_line_break_holder] --><!-- [et_pb_line_break_holder] --><h3>Objetivos comuns a todas as abordagens<\/h3><!-- [et_pb_line_break_holder] --><!-- [et_pb_line_break_holder] --><p>Independentemente da abordagem escolhida, as sess\u00f5es de fonoaudiologia para dist\u00farbios neurol\u00f3gicos compartilham objetivos comuns&nbsp;: melhorar o uso das t\u00e9cnicas vocais e articulat\u00f3rias, fortalecer os m\u00fasculos oro-faciais envolvidos na produ\u00e7\u00e3o da fala, aprender a usar ferramentas complementares de comunica\u00e7\u00e3o (gestos, imagens, pictogramas, tecnologias assistivas) e adaptar o ambiente de comunica\u00e7\u00e3o para que a pessoa possa se expressar da forma mais eficaz poss\u00edvel em sua vida cotidiana.<\/p><!-- [et_pb_line_break_holder] --><!-- [et_pb_line_break_holder] --><p>A frequ\u00eancia ideal das sess\u00f5es varia de acordo com a fase da reabilita\u00e7\u00e3o&nbsp;: intensiva na fase aguda p\u00f3s-AVC (at\u00e9 5 sess\u00f5es por semana), mais espa\u00e7ada na fase de manuten\u00e7\u00e3o ou para dist\u00farbios cr\u00f4nicos est\u00e1veis. Entre as sess\u00f5es, os exerc\u00edcios em casa \u2014 orientados pelo fonoaudi\u00f3logo e apoiados por aplicativos como FERNANDO \u2014 s\u00e3o t\u00e3o importantes quanto as sess\u00f5es em si para consolidar os progressos.<\/p><!-- [et_pb_line_break_holder] --><!-- [et_pb_line_break_holder] --><h2 id=\"outils\">4. As ferramentas do fonoaudi\u00f3logo: do material cl\u00e1ssico ao digital<\/h2><!-- [et_pb_line_break_holder] --><!-- [et_pb_line_break_holder] --><p>O consult\u00f3rio de fonoaudiologia moderno \u00e9 um espa\u00e7o onde coexistem ferramentas muito diferentes, desde o material de papel tradicional at\u00e9 aplicativos para tablet, passando por instrumentos de an\u00e1lise vocal em tempo real. Compreender essas ferramentas ajuda a se envolver melhor na reabilita\u00e7\u00e3o.<\/p><!-- [et_pb_line_break_holder] --><!-- [et_pb_line_break_holder] --><h3>O material cl\u00e1ssico<\/h3><!-- [et_pb_line_break_holder] --><!-- [et_pb_line_break_holder] --><p>As atividades de corpo livre (exerc\u00edcios da boca e da l\u00edngua, exerc\u00edcios respirat\u00f3rios, produ\u00e7\u00f5es vocais guiadas) permanecem o cora\u00e7\u00e3o de muitas sess\u00f5es. O fonoaudi\u00f3logo tamb\u00e9m utiliza cart\u00f5es, hist\u00f3rias ilustradas, instrumentos musicais, espelhos para o feedback visual em tempo real dos movimentos articulat\u00f3rios. Essas ferramentas n\u00e3o s\u00e3o substitu\u00eddas pelo digital \u2014 elas permanecem insubstitu\u00edveis para os exerc\u00edcios que requerem uma intera\u00e7\u00e3o f\u00edsica direta.<\/p><!-- [et_pb_line_break_holder] --><!-- [et_pb_line_break_holder] --><h3>As ferramentas digitais: tablets e aplicativos<\/h3><!-- [et_pb_line_break_holder] --><!-- [et_pb_line_break_holder] --><p>As novas tecnologias transformaram profundamente a pr\u00e1tica fonoaudiol\u00f3gica. Os tablets e aplicativos oferecem vantagens significativas em rela\u00e7\u00e3o ao material de papel&nbsp;: adaptabilidade do n\u00edvel de dificuldade, feedback imediato, variedade infinita de est\u00edmulos, acompanhamento autom\u00e1tico do desempenho e possibilidade de uso aut\u00f4nomo em casa entre as sess\u00f5es.<\/p><!-- [et_pb_line_break_holder] --><!-- [et_pb_line_break_holder] --><div class=\"expert-box\"><!-- [et_pb_line_break_holder] -->  <div class=\"expert-box-label\">\ud83d\udcf1 Aplicativo digital<\/div><!-- [et_pb_line_break_holder] -->\n<div class=\"expert-box-title\">FERNANDO DYNSEO : seu treinador cerebral para adultos<\/div><!-- [et_pb_line_break_holder] -->  <p><strong>FERNANDO<\/strong> \u00e9 um aplicativo com mais de 30 jogos cognitivos cobrindo todas as fun\u00e7\u00f5es envolvidas na reabilita\u00e7\u00e3o fonoaudiol\u00f3gica&nbsp;: linguagem, mem\u00f3ria, aten\u00e7\u00e3o, l\u00f3gica, velocidade de processamento. Cada jogo oferece tr\u00eas n\u00edveis de dificuldade, permitindo que o fonoaudi\u00f3logo adapte precisamente o n\u00edvel \u00e0 situa\u00e7\u00e3o atual do paciente.<\/p><!-- [et_pb_line_break_holder] -->  <p>O painel profissional de FERNANDO permite acompanhar o desempenho ao longo do tempo, ver quais jogos foram praticados em casa e identificar os progressos em cada \u00e1rea cognitiva. \u00c9 uma ferramenta de comunica\u00e7\u00e3o entre a pessoa e seu fonoaudi\u00f3logo, e um meio de manter a continuidade da reabilita\u00e7\u00e3o entre as sess\u00f5es.<\/p><!-- [et_pb_line_break_holder] -->  <div class=\"expert-inner\"><!-- [et_pb_line_break_holder] -->    <div class=\"expert-inner-title\">\u2726 Os jogos de linguagem no FERNANDO<\/div><!-- [et_pb_line_break_holder] -->    <p>Remexer Palavras (estrutura\u00e7\u00e3o de frases) \u00b7 Ouvido Musical (discrimina\u00e7\u00e3o auditiva, denomina\u00e7\u00e3o) \u00b7 Ca\u00e7a ao Intruso (classifica\u00e7\u00e3o sem\u00e2ntica) \u00b7 Poema Perdido (leitura, mem\u00f3ria verbal) \u00b7 A Palavra Oculta (vocabul\u00e1rio, busca lexical) \u00b7 Prov\u00e9rbios (mem\u00f3ria sem\u00e2ntica)<\/p><!-- [et_pb_line_break_holder] -->  <\/div><!-- [et_pb_line_break_holder] --><\/div><!-- [et_pb_line_break_holder] --><!-- [et_pb_line_break_holder] --><h3>Os jogos de FERNANDO adaptados \u00e0 reabilita\u00e7\u00e3o fonoaudiol\u00f3gica<\/h3><!-- [et_pb_line_break_holder] --><!-- [et_pb_line_break_holder] --><div class=\"joe-game-card\"><!-- [et_pb_line_break_holder] -->  <div class=\"joe-icon\">\ud83d\udcac<\/div><!-- [et_pb_line_break_holder] -->  <div><!-- [et_pb_line_break_holder] -->    <h4>Remexer Palavras<\/h4><!-- [et_pb_line_break_holder] -->    <p>Colocar as palavras na ordem para formar prov\u00e9rbios ou frases de m\u00fasicas famosas. Trabalha a estrutura\u00e7\u00e3o sint\u00e1tica e a mem\u00f3ria sem\u00e2ntica \u2014 duas fun\u00e7\u00f5es-chave na reabilita\u00e7\u00e3o da afasia.<\/p><!-- [et_pb_line_break_holder] -->  <\/div><!-- [et_pb_line_break_holder] --><\/div><!-- [et_pb_line_break_holder] --><!-- [et_pb_line_break_holder] --><div class=\"joe-game-card\"><!-- [et_pb_line_break_holder] -->  <div class=\"joe-icon\">\ud83c\udfb5<\/div><!-- [et_pb_line_break_holder] -->  <div><!-- [et_pb_line_break_holder] -->    <h4>Ouvido Musical<\/h4><!-- [et_pb_line_break_holder] -->    <p>Reconhecer sons, animais, instrumentos musicais. Modo quiz musical para as m\u00fasicas. Trabalha a discrimina\u00e7\u00e3o auditiva, a denomina\u00e7\u00e3o e pode ser enriquecido pelo fonoaudi\u00f3logo (pedir para reproduzir o som, cantar a m\u00fasica).<\/p><!-- [et_pb_line_break_holder] -->  <\/div><!-- [et_pb_line_break_holder] --><\/div><!-- [et_pb_line_break_holder] --><!-- [et_pb_line_break_holder] --><div class=\"joe-game-card\"><!-- [et_pb_line_break_holder] -->  <div class=\"joe-icon\">\ud83d\udd0d<\/div><!-- [et_pb_line_break_holder] -->  <div><!-- [et_pb_line_break_holder] -->    <h4>Ca\u00e7a ao Intruso<\/h4><!-- [et_pb_line_break_holder] -->    <p>Encontrar o elemento que n\u00e3o pertence \u00e0 s\u00e9rie entre quatro propostas. Treina a classifica\u00e7\u00e3o sem\u00e2ntica e a denomina\u00e7\u00e3o. Modo 2 jogadores dispon\u00edvel \u2014 excelente para sess\u00f5es com um familiar ou em grupo.<\/p><!-- [et_pb_line_break_holder] -->  <\/div><!-- [et_pb_line_break_holder] --><\/div><!-- [et_pb_line_break_holder] --><!-- [et_pb_line_break_holder] --><div class=\"joe-game-card\"><!-- [et_pb_line_break_holder] -->  <div class=\"joe-icon\">\ud83d\udcdd<\/div><!-- [et_pb_line_break_holder] -->  <div><!-- [et_pb_line_break_holder] -->    <h4>Poema Perdido<\/h4><!-- [et_pb_line_break_holder] -->    <p>Ler um poema (trabalho de compreens\u00e3o), depois encontrar as palavras faltantes na vers\u00e3o lacunar (mem\u00f3ria verbal). O fonoaudi\u00f3logo pode prolongar com perguntas sobre o poema para trabalhar a produ\u00e7\u00e3o verbal.<\/p><!-- [et_pb_line_break_holder] -->  <\/div><!-- [et_pb_line_break_holder] --><\/div><!-- [et_pb_line_break_holder] --><!-- [et_pb_line_break_holder] --><!-- [et_pb_line_break_holder] --><h3>A import\u00e2ncia da continuidade entre casa e consult\u00f3rio<\/h3><!-- [et_pb_line_break_holder] --><!-- [et_pb_line_break_holder] --><p>Uma das limita\u00e7\u00f5es hist\u00f3ricas da reabilita\u00e7\u00e3o fonoaudiol\u00f3gica \u00e9 a descontinuidade entre as sess\u00f5es no consult\u00f3rio e a vida em casa. Durante muito tempo, as ferramentas dispon\u00edveis para o treinamento aut\u00f4nomo eram limitadas \u2014 algumas folhas de exerc\u00edcios fotocopiadas, pouco motivadoras e rapidamente repetitivas. Os aplicativos digitais revolucionaram essa continuidade.<\/p><!-- [et_pb_line_break_holder] --><!-- [et_pb_line_break_holder] --><p>Com FERNANDO DYNSEO, o fonoaudi\u00f3logo pode recomendar jogos espec\u00edficos para praticar em casa \u2014 de acordo com os objetivos da sess\u00e3o \u2014 e depois consultar as estat\u00edsticas de jogo para ver o que a pessoa fez, com que frequ\u00eancia, e qual foi a taxa de sucesso. Essa visibilidade transforma o trabalho em casa de uma atividade opaca em um componente mensur\u00e1vel e discut\u00edvel da terapia.<\/p><!-- [et_pb_line_break_holder] --><!-- [et_pb_line_break_holder] --><a href=\"https:\/\/www.dynseo.com\/pt-pt\/o-programa-dos-treinadores\/fernando-o-seu-treinador-de-cerebro\/\" class=\"internal-link\"><!-- [et_pb_line_break_holder] -->  <div class=\"internal-link-icon\">\ud83e\udde0<\/div><!-- [et_pb_line_break_holder] -->  <div class=\"internal-link-content\"><!-- [et_pb_line_break_holder] -->    <div class=\"internal-link-label\">Aplicativo cognitivo para adultos<\/div><!-- [et_pb_line_break_holder] -->    <div class=\"internal-link-title\">FERNANDO \u2014 Treinador cerebral DYNSEO para adultos<\/div><!-- [et_pb_line_break_holder] -->    <div class=\"internal-link-desc\">30+ jogos cognitivos \u00b7 Linguagem, mem\u00f3ria, l\u00f3gica, aten\u00e7\u00e3o \u00b7 3 n\u00edveis adaptativos \u00b7 Acompanhamento profissional \u00b7 Sem internet.<\/div><!-- [et_pb_line_break_holder] -->  <\/div><!-- [et_pb_line_break_holder] -->\n<div class=\"internal-link-arrow\">\u2192<\/div><!-- [et_pb_line_break_holder] --><\/a><!-- [et_pb_line_break_holder] --><!-- [et_pb_line_break_holder] --><p>A <strong>tele-fonoaudiologia<\/strong> tamb\u00e9m est\u00e1 em plena ascens\u00e3o desde 2021. As sess\u00f5es por videoconfer\u00eancia permitem manter o acompanhamento para as pessoas com mobilidade reduzida, aquelas que vivem longe de um consult\u00f3rio, e em per\u00edodos em que os deslocamentos s\u00e3o dif\u00edceis. Essa modalidade n\u00e3o \u00e9 adequada para todos os tipos de exerc\u00edcios (alguns gestos articulat\u00f3rios exigem presen\u00e7a f\u00edsica), mas para o trabalho de vocabul\u00e1rio, compreens\u00e3o, mem\u00f3ria verbal e flu\u00eancia, \u00e9 t\u00e3o eficaz quanto o presencial, de acordo com os estudos dispon\u00edveis. A integra\u00e7\u00e3o de aplicativos como JOE na sess\u00e3o \u00e0 dist\u00e2ncia \u2014 o fonoaudi\u00f3logo compartilha sua tela ou orienta a pessoa \u00e0 dist\u00e2ncia \u2014 ainda refor\u00e7a a efic\u00e1cia desse formato.<\/p><!-- [et_pb_line_break_holder] --><!-- [et_pb_line_break_holder] --><h2 id=\"troubles\">5. Os dist\u00farbios tratados pelo fonoaudi\u00f3logo no adulto<\/h2><!-- [et_pb_line_break_holder] --><!-- [et_pb_line_break_holder] --><p>Al\u00e9m da afasia, o fonoaudi\u00f3logo adulto atua em um espectro de dist\u00farbios muito mais amplo do que geralmente se imagina.<\/p><!-- [et_pb_line_break_holder] --><!-- [et_pb_line_break_holder] --><div class=\"trouble-card\"><!-- [et_pb_line_break_holder] -->  <div class=\"trouble-label\">\ud83d\udde3\ufe0f Dist\u00farbio motor da fala<\/div><!-- [et_pb_line_break_holder] -->  <div class=\"trouble-title\">A disartria<\/div><!-- [et_pb_line_break_holder] -->  <p>A disartria \u00e9 um dist\u00farbio motor da fala que resulta de uma les\u00e3o neurol\u00f3gica. Ao contr\u00e1rio da afasia, que afeta a linguagem (encontrar palavras, construir frases), a disartria afeta a capacidade f\u00edsica de produzir sons claros \u2014 a pessoa sabe exatamente o que quer dizer, mas os m\u00fasculos necess\u00e1rios para a articula\u00e7\u00e3o n\u00e3o funcionam corretamente.<\/p><!-- [et_pb_line_break_holder] -->  <p>Esse dist\u00farbio aparece ap\u00f3s um AVC, no contexto da doen\u00e7a de Parkinson, esclerose m\u00faltipla, ou outras patologias neuromusculares. O tratamento se concentra no fortalecimento muscular oro-facial, controle da respira\u00e7\u00e3o e do fluxo de fala, e na utiliza\u00e7\u00e3o de ajudas \u00e0 comunica\u00e7\u00e3o como complemento.<\/p><!-- [et_pb_line_break_holder] -->  <div class=\"trouble-inner\"><!-- [et_pb_line_break_holder] -->    <div class=\"trouble-inner-title\">\u2726 Particularidade da disartria parkinsoniana<\/div><!-- [et_pb_line_break_holder] -->    <p>A disartria hipocin\u00e9tica do Parkinson se caracteriza por uma voz mon\u00f3tona, pouco articulada e cada vez mais fraca. O m\u00e9todo LSVT LOUD (Lee Silverman Voice Treatment), especificamente desenvolvido para esse dist\u00farbio, mostrou resultados not\u00e1veis ao trabalhar na amplitude vocal com exerc\u00edcios intensivos.<\/p><!-- [et_pb_line_break_holder] -->  <\/div><!-- [et_pb_line_break_holder] --><\/div><!-- [et_pb_line_break_holder] --><!-- [et_pb_line_break_holder] --><div class=\"trouble-card\"><!-- [et_pb_line_break_holder] -->  <div class=\"trouble-label\">\ud83c\udf99\ufe0f Dist\u00farbios vocais<\/div><!-- [et_pb_line_break_holder] -->  <div class=\"trouble-title\">A disfonia<\/div><!-- [et_pb_line_break_holder] -->  <p>Muitos adultos consultam por problemas de voz&nbsp;: voz rouca, fadiga vocal progressiva, perda de voz no final do dia, voz muito fraca ou inst\u00e1vel. Esses dist\u00farbios afetam particularmente os profissionais que usam intensamente a voz&nbsp;: professores, formadores, vendedores, cantores, atores, advogados.<\/p><!-- [et_pb_line_break_holder] -->  <p>A reabilita\u00e7\u00e3o vocal ensina as boas t\u00e9cnicas de coloca\u00e7\u00e3o da voz, a respira\u00e7\u00e3o diafragm\u00e1tica, e as regras de higiene vocal (hidrata\u00e7\u00e3o, manejo de afec\u00e7\u00f5es ORL, limita\u00e7\u00e3o de comportamentos vocais abusivos). Resultados significativos s\u00e3o frequentemente obtidos em algumas semanas.<\/p><!-- [et_pb_line_break_holder] -->  <div class=\"trouble-inner\"><!-- [et_pb_line_break_holder] -->    <div class=\"trouble-inner-title\">\u2726 Sinais que necessitam de uma consulta r\u00e1pida<\/div><!-- [et_pb_line_break_holder] -->    <p>Voz rouca persistindo por mais de 3 semanas \u00b7 Dor ao falar ou cantar \u00b7 Perda de voz repetida \u00b7 Sensa\u00e7\u00e3o de corpo estranho na garganta \u00b7 Esses sintomas podem sinalizar uma patologia que requer uma avalia\u00e7\u00e3o ORL urgente.<\/p><!-- [et_pb_line_break_holder] -->  <\/div><!-- [et_pb_line_break_holder] --><\/div><!-- [et_pb_line_break_holder] --><!-- [et_pb_line_break_holder] --><div class=\"trouble-card\"><!-- [et_pb_line_break_holder] -->  <div class=\"trouble-label\">\ud83c\udf7d\ufe0f Dist\u00farbio da degluti\u00e7\u00e3o<\/div><!-- [et_pb_line_break_holder] -->\n<div class=\"trouble-title\">A disfagia<\/div><!-- [et_pb_line_break_holder] -->  <p>A disfagia (dificuldade para engolir) pode ocorrer ap\u00f3s um AVC, no contexto de doen\u00e7as neurodegenerativas, ou devido a certos c\u00e2nceres de cabe\u00e7a e pesco\u00e7o e seu tratamento (cirurgia, radioterapia). Esse dist\u00farbio pode ter consequ\u00eancias graves \u2014 desnutri\u00e7\u00e3o, desidrata\u00e7\u00e3o, pneumonia por aspira\u00e7\u00e3o \u2014 e representa uma emerg\u00eancia m\u00e9dica e reabilitativa.<\/p><!-- [et_pb_line_break_holder] -->  <p>A fonoaudi\u00f3loga trabalha na coordena\u00e7\u00e3o dos m\u00fasculos envolvidos na degluti\u00e7\u00e3o, prop\u00f5e exerc\u00edcios de fortalecimento das estruturas orofar\u00edngeas e aconselha sobre as adapta\u00e7\u00f5es necess\u00e1rias: texturas alimentares modificadas, posi\u00e7\u00e3o da cabe\u00e7a durante as refei\u00e7\u00f5es, estrat\u00e9gias compensat\u00f3rias. O acompanhamento \u00e9 frequentemente multidisciplinar com a nutricionista e o m\u00e9dico.<\/p><!-- [et_pb_line_break_holder] --><\/div><!-- [et_pb_line_break_holder] --><!-- [et_pb_line_break_holder] --><div class=\"trouble-card\"><!-- [et_pb_line_break_holder] -->  <div class=\"trouble-label\">\ud83d\udcac Dist\u00farbio da flu\u00eancia<\/div><!-- [et_pb_line_break_holder] -->  <div class=\"trouble-title\">A gagueira no adulto<\/div><!-- [et_pb_line_break_holder] -->  <p>Ao contr\u00e1rio do que se pensa, a gagueira n\u00e3o desaparece sempre com a inf\u00e2ncia. Alguns adultos gaguejam desde a juventude sem nunca terem recebido ajuda; outros desenvolvem uma gagueira adquirida ap\u00f3s um traumatismo craniano ou um choque emocional intenso. A gagueira adulta pode ter um impacto significativo na vida profissional (evitamento de situa\u00e7\u00f5es de express\u00e3o oral, recusa em falar em reuni\u00f5es) e social.<\/p><!-- [et_pb_line_break_holder] -->  <p>A terapia para adultos combina t\u00e9cnicas de flu\u00eancia (controle do ritmo, respira\u00e7\u00e3o, t\u00e9cnicas de in\u00edcio suave), um trabalho sobre a ansiedade de comunica\u00e7\u00e3o e a autoconfian\u00e7a, e simula\u00e7\u00f5es progressivas em contextos cada vez mais desafiadores.<\/p><!-- [et_pb_line_break_holder] --><\/div><!-- [et_pb_line_break_holder] --><!-- [et_pb_line_break_holder] --><div class=\"trouble-card\"><!-- [et_pb_line_break_holder] -->  <div class=\"trouble-label\">\ud83e\udde9 Dist\u00farbios cognitivos<\/div><!-- [et_pb_line_break_holder] -->  <div class=\"trouble-title\">Mem\u00f3ria, aten\u00e7\u00e3o, linguagem e envelhecimento<\/div><!-- [et_pb_line_break_holder] -->  <p>Com o envelhecimento ou certas patologias como a doen\u00e7a de Alzheimer, dist\u00farbios cognitivos aparecem e afetam progressivamente a comunica\u00e7\u00e3o: dificuldades de mem\u00f3ria (encontrar as palavras, lembrar das conversas), problemas de aten\u00e7\u00e3o, lentifica\u00e7\u00e3o do processamento da informa\u00e7\u00e3o, dificuldades de compreens\u00e3o em situa\u00e7\u00f5es barulhentas.<\/p><!-- [et_pb_line_break_holder] -->  <p>A fonoaudi\u00f3loga prop\u00f5e exerc\u00edcios de estimula\u00e7\u00e3o cognitiva adaptados para manter as capacidades o maior tempo poss\u00edvel, desenvolver estrat\u00e9gias compensat\u00f3rias e acompanhar a pessoa e seu entorno na adapta\u00e7\u00e3o \u00e0 evolu\u00e7\u00e3o dos dist\u00farbios. O aplicativo FERNANDO DYNSEO \u00e9 uma ferramenta chave desse acompanhamento, utiliz\u00e1vel em sess\u00f5es e em casa.<\/p><!-- [et_pb_line_break_holder] --><\/div><!-- [et_pb_line_break_holder] --><!-- [et_pb_line_break_holder] --><h2 id=\"entourage\">6. O entorno: um ator essencial da reabilita\u00e7\u00e3o<\/h2><!-- [et_pb_line_break_holder] --><!-- [et_pb_line_break_holder] -->  <p>Se as sess\u00f5es com a fonoaudi\u00f3loga s\u00e3o essenciais, o ambiente em que a pessoa est\u00e1 inserida desempenha um papel igualmente importante no sucesso do tratamento. A estimula\u00e7\u00e3o n\u00e3o se limita \u00e0 sess\u00e3o \u2014 o c\u00e9rebro precisa de repeti\u00e7\u00e3o regular para consolidar os aprendizados. E o apoio afetivo do entorno multiplica a motiva\u00e7\u00e3o e reduz os riscos de abandono.<\/p><!-- [et_pb_line_break_holder] --><!-- [et_pb_line_break_holder] -->\n<div class=\"key-points\"><!-- [et_pb_line_break_holder] -->  <h3>\u2726 Como o entorno pode apoiar a reabilita\u00e7\u00e3o<\/h3><!-- [et_pb_line_break_holder] -->  <ul><!-- [et_pb_line_break_holder] -->    <li><strong>Criar uma rotina de estimula\u00e7\u00e3o em casa:<\/strong> 10 a 15 minutos de jogos cognitivos todas as manh\u00e3s com um familiar, via FERNANDO ou CARMEN. Estabelecer um \u00ab&nbsp;encontro de jogo&nbsp;\u00bb em fam\u00edlia v\u00e1rias vezes por semana cria uma continuidade entre as sess\u00f5es.<\/li><!-- [et_pb_line_break_holder] -->    <li><strong>Usar a linguagem nas intera\u00e7\u00f5es di\u00e1rias:<\/strong> ler um artigo juntos, comentar um programa, contar o seu dia \u2014 todas essas ocasi\u00f5es estimulam a linguagem naturalmente. Incentivar a pessoa a se expressar em voz alta, mesmo devagar, para favorecer a autonomia verbal.<\/li><!-- [et_pb_line_break_holder] -->    <li><strong>Adaptar o ambiente f\u00edsico:<\/strong> etiquetas com palavras nos objetos da casa, quadro de refer\u00eancias visuais ou de vocabul\u00e1rio acess\u00edvel, pictogramas para as rotinas di\u00e1rias. Essas adapta\u00e7\u00f5es apoiam a comunica\u00e7\u00e3o al\u00e9m das sess\u00f5es.<\/li><!-- [et_pb_line_break_holder] -->    <li><strong>Fomentar as trocas sociais:<\/strong> chamadas telef\u00f4nicas ou de v\u00eddeo regulares, participa\u00e7\u00e3o em clubes ou oficinas de estimula\u00e7\u00e3o cognitiva, sa\u00eddas em contextos variados de comunica\u00e7\u00e3o. O isolamento \u00e9 o inimigo da reabilita\u00e7\u00e3o.<\/li><!-- [et_pb_line_break_holder] -->    <li><strong>Respeitar o ritmo da pessoa:<\/strong> a reabilita\u00e7\u00e3o pode ser exaustiva \u2014 fisicamente e emocionalmente. N\u00e3o pressionar demais. Celebrar cada pequena vit\u00f3ria. A paci\u00eancia e a bondade s\u00e3o medicamentos por si s\u00f3.<\/li><!-- [et_pb_line_break_holder] -->  <\/ul><!-- [et_pb_line_break_holder] --><\/div><!-- [et_pb_line_break_holder] --><!-- [et_pb_line_break_holder] --><div class=\"quote-block\"><!-- [et_pb_line_break_holder] -->  <p>O que realmente transforma a trajet\u00f3ria de um paciente af\u00e1sico raramente \u00e9 uma nova t\u00e9cnica na sess\u00e3o \u2014 \u00e9 o envolvimento da fam\u00edlia. Os pacientes cujos familiares se envolvem ativamente na estimula\u00e7\u00e3o di\u00e1ria progridem em m\u00e9dia duas vezes mais r\u00e1pido do que aqueles que trabalham sozinhos. O fonoaudi\u00f3logo \u00e9 um maestro, mas a m\u00fasica tamb\u00e9m toca em casa.<\/p><!-- [et_pb_line_break_holder] -->  <span class=\"quote-author\">\u2014 Dr. Isabelle Moreau, fonoaudi\u00f3loga especializada em neurologia, CHU de Bordeaux<\/span><!-- [et_pb_line_break_holder] --><\/div><!-- [et_pb_line_break_holder] --><!-- [et_pb_line_break_holder] --><div class=\"expert-box\"><!-- [et_pb_line_break_holder] -->  <div class=\"expert-box-label\">\ud83d\udca1 Exemplos concretos<\/div><!-- [et_pb_line_break_holder] -->  <div class=\"expert-box-title\">Como os familiares fizeram a diferen\u00e7a<\/div><!-- [et_pb_line_break_holder] -->  <p><strong>Paul, 65 anos<\/strong>, est\u00e1 em reabilita\u00e7\u00e3o ap\u00f3s um AVC com afasia. Todas as noites, ele joga JOE com sua filha. Eles jogam juntos o jogo \u00ab&nbsp;Poema Perdido&nbsp;\u00bb, o que melhora n\u00e3o apenas a mem\u00f3ria verbal, mas tamb\u00e9m a flu\u00eancia de leitura \u2014 e cria um momento de cumplicidade que refor\u00e7a a motiva\u00e7\u00e3o de Paul para continuar.<\/p><!-- [et_pb_line_break_holder] -->  <p><strong>Claire, 58 anos<\/strong>, sofre de dist\u00farbios de degluti\u00e7\u00e3o. Todas as manh\u00e3s diante do espelho, ela pratica seus exerc\u00edcios de boca com a ajuda de seu marido, que a incentiva em voz alta e anota os progressos em um caderno. Este di\u00e1rio compartilhado se tornou uma forma para eles viverem juntos a doen\u00e7a em vez de suport\u00e1-la separadamente.<\/p><!-- [et_pb_line_break_holder] -->  <div class=\"expert-inner\"><!-- [et_pb_line_break_holder] -->\n<div class=\"expert-inner-title\">\u2726 Marie, 50 anos, professora<\/div><!-- [et_pb_line_break_holder] -->    <p>\u00ab&nbsp;Ap\u00f3s 25 anos de carreira, minha voz estava exausta. Eu n\u00e3o conseguia mais terminar meus dias. Minha colega me aconselhou uma fonoaudi\u00f3loga. Em 3 meses, aprendi a respirar corretamente e a posicionar minha voz. Continuo meus exerc\u00edcios todas as manh\u00e3s. N\u00e3o voltarei mais atr\u00e1s.&nbsp;\u00bb<\/p><!-- [et_pb_line_break_holder] -->  <\/div><!-- [et_pb_line_break_holder] --><\/div><!-- [et_pb_line_break_holder] --><!-- [et_pb_line_break_holder] --><h2 id=\"remboursement\">7. Percurso administrativo: prescri\u00e7\u00e3o e reembolso<\/h2><!-- [et_pb_line_break_holder] --><!-- [et_pb_line_break_holder] --><p>Na Fran\u00e7a, para que a avalia\u00e7\u00e3o e as sess\u00f5es de fonoaudiologia sejam reembolsadas pela Seguran\u00e7a Social, uma prescri\u00e7\u00e3o m\u00e9dica \u00e9 obrigat\u00f3ria. Ela pode ser emitida pelo seu m\u00e9dico de fam\u00edlia, um neurologista, um otorrinolaringologista, um geriatra ou qualquer outro m\u00e9dico especialista que o acompanhe. Esta prescri\u00e7\u00e3o deve mencionar o dist\u00farbio a ser tratado.<\/p><!-- [et_pb_line_break_holder] --><!-- [et_pb_line_break_holder] --><table class=\"dynseo-table\"><!-- [et_pb_line_break_holder] -->  <thead><!-- [et_pb_line_break_holder] -->    <tr><!-- [et_pb_line_break_holder] -->      <th>Situa\u00e7\u00e3o<\/th><!-- [et_pb_line_break_holder] -->      <th>Reembolso S\u00e9cu<\/th><!-- [et_pb_line_break_holder] -->      <th>Complemento de sa\u00fade<\/th><!-- [et_pb_line_break_holder] -->    <\/tr><!-- [et_pb_line_break_holder] -->  <\/thead><!-- [et_pb_line_break_holder] -->  <tbody><!-- [et_pb_line_break_holder] -->    <tr><!-- [et_pb_line_break_holder] -->      <td>Casos gerais<\/td><!-- [et_pb_line_break_holder] -->      <td>60 % da tarifa convencionada<\/td><!-- [et_pb_line_break_holder] -->      <td>Frequentemente 40 % restantes conforme contrato<\/td><!-- [et_pb_line_break_holder] -->    <\/tr><!-- [et_pb_line_break_holder] -->    <tr><!-- [et_pb_line_break_holder] -->      <td>ALD (Afei\u00e7\u00e3o de Longa Dura\u00e7\u00e3o)<\/td><!-- [et_pb_line_break_holder] -->      <td>100 % para cuidados relacionados \u00e0 ALD<\/td><!-- [et_pb_line_break_holder] -->      <td>Vari\u00e1vel<\/td><!-- [et_pb_line_break_holder] -->    <\/tr><!-- [et_pb_line_break_holder] -->    <tr class=\"hl\"><!-- [et_pb_line_break_holder] -->      <td>P\u00f3s-AVC (1\u00ba ano)<\/td><!-- [et_pb_line_break_holder] -->      <td>100 % em regra geral<\/td><!-- [et_pb_line_break_holder] -->      <td>Ticket moderador frequentemente nulo<\/td><!-- [et_pb_line_break_holder] -->    <\/tr><!-- [et_pb_line_break_holder] -->    <tr><!-- [et_pb_line_break_holder] -->      <td>C\u00e2ncer (ALD 30)<\/td><!-- [et_pb_line_break_holder] -->      <td>100 % para cuidados relacionados ao c\u00e2ncer<\/td><!-- [et_pb_line_break_holder] -->      <td>Vari\u00e1vel conforme conv\u00eanio<\/td><!-- [et_pb_line_break_holder] -->    <\/tr><!-- [et_pb_line_break_holder] -->    <tr><!-- [et_pb_line_break_holder] -->      <td>Sess\u00f5es sem prescri\u00e7\u00e3o<\/td><!-- [et_pb_line_break_holder] -->      <td>0 % (n\u00e3o reembolsadas)<\/td><!-- [et_pb_line_break_holder] -->      <td>Vari\u00e1vel conforme contrato<\/td><!-- [et_pb_line_break_holder] -->    <\/tr><!-- [et_pb_line_break_holder] -->  <\/tbody><!-- [et_pb_line_break_holder] --><\/table><!-- [et_pb_line_break_holder] --><!-- [et_pb_line_break_holder] --><div class=\"tip-box\"><!-- [et_pb_line_break_holder] -->  <div class=\"tip-box-label\">\ud83d\udca1 Prazos de espera longos \u2014 o que fazer?<\/div><!-- [et_pb_line_break_holder] -->  <p>Os prazos para conseguir uma consulta com um fonoaudi\u00f3logo podem chegar a v\u00e1rios meses em algumas regi\u00f5es. Durante a espera, comece uma estimula\u00e7\u00e3o cognitiva aut\u00f4noma com FERNANDO DYNSEO. O aplicativo permite manter e at\u00e9 melhorar as fun\u00e7\u00f5es cognitivas enquanto aguarda o atendimento formal \u2014 e o fonoaudi\u00f3logo poder\u00e1 se basear nas estat\u00edsticas de FERNANDO para otimizar sua avalia\u00e7\u00e3o inicial.<\/p><!-- [et_pb_line_break_holder] --><\/div><!-- [et_pb_line_break_holder] --><!-- [et_pb_line_break_holder] --><h2 id=\"pluridisciplinaire\">8. A reabilita\u00e7\u00e3o fonoaudiol\u00f3gica em um atendimento global<\/h2><!-- [et_pb_line_break_holder] --><!-- [et_pb_line_break_holder] --><p>A reabilita\u00e7\u00e3o fonoaudiol\u00f3gica raramente ocorre em um v\u00e1cuo \u2014 faz parte de um atendimento global envolvendo v\u00e1rios profissionais de sa\u00fade que trabalham idealmente em coordena\u00e7\u00e3o. Essa abordagem multidisciplinar \u00e9 particularmente importante nas sequelas de AVC, nas doen\u00e7as neurodegenerativas e nos c\u00e2nceres ORL.<\/p><!-- [et_pb_line_break_holder] --><!-- [et_pb_line_break_holder] --><div class=\"cards-grid\"><!-- [et_pb_line_break_holder] -->  <div class=\"info-card\"><!-- [et_pb_line_break_holder] -->    <div class=\"icon\">\ud83d\udc68\u200d\u2695\ufe0f<\/div><!-- [et_pb_line_break_holder] -->    <h4>M\u00e9dico de fam\u00edlia<\/h4><!-- [et_pb_line_break_holder] -->    <p>Coordena\u00e7\u00e3o geral dos cuidados, prescri\u00e7\u00e3o, acompanhamento m\u00e9dico global.<\/p><!-- [et_pb_line_break_holder] -->  <\/div><!-- [et_pb_line_break_holder] -->  <div class=\"info-card\"><!-- [et_pb_line_break_holder] -->    <div class=\"icon\">\ud83e\udde0<\/div><!-- [et_pb_line_break_holder] -->    <h4>Neurologista<\/h4><!-- [et_pb_line_break_holder] -->    <p>Acompanhamento das patologias neurol\u00f3gicas, adapta\u00e7\u00e3o dos tratamentos medicamentosos.<\/p><!-- [et_pb_line_break_holder] -->  <\/div><!-- [et_pb_line_break_holder] -->  <div class=\"info-card\"><!-- [et_pb_line_break_holder] -->    <div class=\"icon\">\ud83d\udc86<\/div><!-- [et_pb_line_break_holder] -->    <h4>Psic\u00f3logo<\/h4><!-- [et_pb_line_break_holder] -->    <p>Apoio emocional, gerenciamento da ansiedade e da depress\u00e3o reativa.<\/p><!-- [et_pb_line_break_holder] -->  <\/div><!-- [et_pb_line_break_holder] -->  <div class=\"info-card\"><!-- [et_pb_line_break_holder] -->    <div class=\"icon\">\ud83c\udfcb\ufe0f<\/div><!-- [et_pb_line_break_holder] -->    <h4>Fisioterapeuta<\/h4><!-- [et_pb_line_break_holder] -->    <p>Reabilita\u00e7\u00e3o motora global, trabalho de postura e respira\u00e7\u00e3o.<\/p><!-- [et_pb_line_break_holder] -->  <\/div><!-- [et_pb_line_break_holder] -->  <div class=\"info-card\"><!-- [et_pb_line_break_holder] -->    <div class=\"icon\">\ud83d\udee0\ufe0f<\/div><!-- [et_pb_line_break_holder] -->    <h4>Terapeuta ocupacional<\/h4><!-- [et_pb_line_break_holder] -->    <p>Adapta\u00e7\u00e3o do cotidiano, autonomia nas atividades da vida di\u00e1ria.<\/p><!-- [et_pb_line_break_holder] -->  <\/div><!-- [et_pb_line_break_holder] -->  <div class=\"info-card\"><!-- [et_pb_line_break_holder] -->    <div class=\"icon\">\ud83e\udd38<\/div><!-- [et_pb_line_break_holder] -->    <h4>Psicomotricista<\/h4><!-- [et_pb_line_break_holder] -->    <p>Coordena\u00e7\u00e3o dos movimentos, t\u00f4nus, esquema corporal, rela\u00e7\u00e3o corpo-espa\u00e7o.<\/p><!-- [et_pb_line_break_holder] -->  <\/div><!-- [et_pb_line_break_holder] --><\/div><!-- [et_pb_line_break_holder] --><!-- [et_pb_line_break_holder] --><h2 id=\"maintien\">9. Manter os progressos a longo prazo<\/h2><!-- [et_pb_line_break_holder] --><!-- [et_pb_line_break_holder] --><p>Uma vez que os objetivos de reabilita\u00e7\u00e3o sejam alcan\u00e7ados e o acompanhamento finalizado \u2014 ou nos per\u00edodos entre dois ciclos de tratamento \u2014 \u00e9 essencial manter os ganhos. O c\u00e9rebro, como todo sistema biol\u00f3gico, tende ao equil\u00edbrio do menor esfor\u00e7o&nbsp;: sem estimula\u00e7\u00e3o regular, as capacidades recentemente adquiridas podem declinar gradualmente.<\/p><!-- [et_pb_line_break_holder] --><!-- [et_pb_line_break_holder] -->\n<div class=\"key-points\"><!-- [et_pb_line_break_holder] -->  <h3>\u2726 Estrat\u00e9gias para manter os ganhos ap\u00f3s a reabilita\u00e7\u00e3o<\/h3><!-- [et_pb_line_break_holder] -->  <ul><!-- [et_pb_line_break_holder] -->    <li><strong>Integrar os exerc\u00edcios na rotina di\u00e1ria:<\/strong> as t\u00e9cnicas aprendidas durante as sess\u00f5es devem se tornar automatismos. Respira\u00e7\u00e3o diafragm\u00e1tica antes de falar, exerc\u00edcios articulat\u00f3rios pela manh\u00e3, revis\u00e3o semanal das estrat\u00e9gias de comunica\u00e7\u00e3o.<\/li><!-- [et_pb_line_break_holder] -->    <li><strong>Permanecer ativo cognitivamente:<\/strong> leitura di\u00e1ria, jogos de tabuleiro, palavras cruzadas, aplicativos como FERNANDO \u2014 todas essas atividades mant\u00eam a atividade das redes neuronais envolvidas na linguagem e na cogni\u00e7\u00e3o.<\/li><!-- [et_pb_line_break_holder] -->    <li><strong>Manter uma vida social rica:<\/strong> as intera\u00e7\u00f5es sociais s\u00e3o os exerc\u00edcios de linguagem mais naturais e motivadores. Trocas variadas \u2014 conversa, telefone, correspond\u00eancia, redes sociais \u2014 mant\u00eam todas as facetas da comunica\u00e7\u00e3o.<\/li><!-- [et_pb_line_break_holder] -->    <li><strong>Consultar rapidamente em caso de reca\u00edda:<\/strong> se dificuldades que haviam desaparecido reaparecem, n\u00e3o esperar. Algumas sess\u00f5es de refor\u00e7o no in\u00edcio da reca\u00edda s\u00e3o muito mais eficazes do que um novo tratamento longo ap\u00f3s agravamento.<\/li><!-- [et_pb_line_break_holder] -->    <li><strong>Participar de grupos de pacientes:<\/strong> as associa\u00e7\u00f5es de pessoas af\u00e1sicas, os grupos de fala para gaguejantes adultos ou os ateli\u00eas de estimula\u00e7\u00e3o cognitiva em grupo oferecem um apoio entre pares insubstitu\u00edvel.<\/li><!-- [et_pb_line_break_holder] -->  <\/ul><!-- [et_pb_line_break_holder] --><\/div><!-- [et_pb_line_break_holder] --><!-- [et_pb_line_break_holder] --><!-- [et_pb_line_break_holder] --><p>A manuten\u00e7\u00e3o dos ganhos n\u00e3o se improvisa \u2014 ela se planeja. Antes do t\u00e9rmino do acompanhamento, o fonoaudi\u00f3logo e a pessoa (e seus familiares, se necess\u00e1rio) elaboram juntos um \u00ab&nbsp;plano de manuten\u00e7\u00e3o&nbsp;\u00bb especificando quais exerc\u00edcios continuar, com que frequ\u00eancia, e como detectar os sinais de alerta de uma reca\u00edda. Este plano, registrado por escrito, \u00e9 um contrato entre a pessoa e ela mesma \u2014 um lembrete tang\u00edvel de todo o caminho percorrido e do investimento feito para chegar l\u00e1. O aplicativo FERNANDO pode fazer parte deste plano de manuten\u00e7\u00e3o, com lembretes di\u00e1rios configur\u00e1veis e um hist\u00f3rico de desempenho que permite detectar rapidamente qualquer queda.<\/p><!-- [et_pb_line_break_holder] --><!-- [et_pb_line_break_holder] --><h2 id=\"prevention\">10. Prevenir os dist\u00farbios da linguagem e da voz<\/h2><!-- [et_pb_line_break_holder] --><!-- [et_pb_line_break_holder] --><p>Se a reabilita\u00e7\u00e3o fonoaudiol\u00f3gica \u00e9 essencial uma vez que os dist\u00farbios est\u00e3o instalados, a preven\u00e7\u00e3o continua sendo a melhor estrat\u00e9gia. V\u00e1rios h\u00e1bitos de vida e profissionais permitem reduzir significativamente o risco de desenvolver dist\u00farbios da linguagem, da voz e da degluti\u00e7\u00e3o.<\/p><!-- [et_pb_line_break_holder] --><!-- [et_pb_line_break_holder] --><h3>Higiene vocal para os profissionais da voz<\/h3><!-- [et_pb_line_break_holder] --><!-- [et_pb_line_break_holder] --><p>Professores, formadores, atores, advogados, cantores \u2014 todas as profiss\u00f5es que utilizam intensamente a voz est\u00e3o expostas a dist\u00farbios vocais. Uma boa higiene vocal n\u00e3o \u00e9 um luxo, mas uma necessidade profissional.<\/p><!-- [et_pb_line_break_holder] --><!-- [et_pb_line_break_holder] -->\n<div class=\"key-points\"><!-- [et_pb_line_break_holder] -->  <h3>\u2726 As regras de higiene vocal a adotar<\/h3><!-- [et_pb_line_break_holder] -->  <ul><!-- [et_pb_line_break_holder] -->    <li><strong>Hidrata\u00e7\u00e3o :<\/strong> as cordas vocais vibram melhor bem hidratadas. Beba no m\u00ednimo 1,5 litro de \u00e1gua por dia, e evite \u00e1lcool e caf\u00e9 em excesso antes de uma utiliza\u00e7\u00e3o intensiva da voz.<\/li><!-- [et_pb_line_break_holder] -->    <li><strong>Evite comportamentos vocais abusivos :<\/strong> falar alto no barulho, sussurrar (que solicita paradoxalmente mais as cordas vocais do que falar normalmente), tossir ou limpar a garganta com frequ\u00eancia \u2014 esses comportamentos criam micro-traumas repetidos.<\/li><!-- [et_pb_line_break_holder] -->    <li><strong>Aprenda a respira\u00e7\u00e3o diafragm\u00e1tica :<\/strong> falar com o apoio do diafragma reduz consideravelmente a fadiga vocal. Um est\u00e1gio de 2 a 3 horas com um fonoaudi\u00f3logo ou um coach vocal \u00e9 suficiente para adquirir essa t\u00e9cnica fundamental.<\/li><!-- [et_pb_line_break_holder] -->    <li><strong>Fa\u00e7a pausas vocais :<\/strong> entre duas aulas, entre duas reuni\u00f5es \u2014 alguns minutos de sil\u00eancio total permitem que as cordas vocais se recuperem. Essas pausas n\u00e3o s\u00e3o um luxo, elas previnem dist\u00farbios cr\u00f4nicos custosos em termos de sa\u00fade e carreira.<\/li><!-- [et_pb_line_break_holder] -->    <li><strong>Consulte sem esperar :<\/strong> assim que a voz mudar de forma persistente (rouquid\u00e3o, fadiga, dor), consultar em preven\u00e7\u00e3o \u00e9 muito mais eficaz do que esperar uma les\u00e3o instalada.<\/li><!-- [et_pb_line_break_holder] -->  <\/ul><!-- [et_pb_line_break_holder] --><\/div><!-- [et_pb_line_break_holder] --><!-- [et_pb_line_break_holder] --><h3>Preven\u00e7\u00e3o dos dist\u00farbios cognitivos e da linguagem relacionados ao envelhecimento<\/h3><!-- [et_pb_line_break_holder] --><!-- [et_pb_line_break_holder] --><p>A reserva cognitiva \u2014 esse estoque de capacidades neuronais que permite compensar o envelhecimento cerebral \u2014 se constr\u00f3i ao longo da vida. Os h\u00e1bitos que a refor\u00e7am s\u00e3o os mesmos que previnem os dist\u00farbios da linguagem e da mem\u00f3ria&nbsp;: ler regularmente (em particular textos exigentes), manter uma vida social ativa, aprender novas habilidades e praticar atividades cognitivas estimulantes como jogos de linguagem, palavras cruzadas ou aplicativos de estimula\u00e7\u00e3o cognitiva como FERNANDO DYNSEO.<\/p><!-- [et_pb_line_break_holder] --><!-- [et_pb_line_break_holder] --><p>A fonoaudiologia preventiva para pessoas com mais de 60 anos ainda \u00e9 pouco difundida na Fran\u00e7a, mas come\u00e7a a ser proposta em alguns centros de sa\u00fade e consult\u00f3rios especializados. Consiste em avaliar as capacidades cognitivas e lingu\u00edsticas antes do aparecimento de sintomas, identificar as fragilidades e implementar um programa de manuten\u00e7\u00e3o adequado. \u00c9 o equivalente a um exame card\u00edaco preventivo \u2014 mas para o c\u00e9rebro.<\/p><!-- [et_pb_line_break_holder] --><!-- [et_pb_line_break_holder] --><div class=\"tip-box\"><!-- [et_pb_line_break_holder] -->\n<div class=\"tip-box-label\">\ud83d\udca1 Estimula\u00e7\u00e3o preventiva com FERNANDO<\/div><!-- [et_pb_line_break_holder] -->  <p>Se voc\u00ea tem mais de 50 anos e deseja manter suas capacidades cognitivas e lingu\u00edsticas saud\u00e1veis, o aplicativo FERNANDO DYNSEO \u00e9 uma ferramenta de estimula\u00e7\u00e3o preventiva eficaz e acess\u00edvel. 15 minutos por dia de jogos cognitivos variados \u2014 linguagem, mem\u00f3ria, l\u00f3gica, aten\u00e7\u00e3o \u2014 constituem um programa de manuten\u00e7\u00e3o cerebral completo, utiliz\u00e1vel em casa no seu pr\u00f3prio ritmo.<\/p><!-- [et_pb_line_break_holder] --><\/div><!-- [et_pb_line_break_holder] --><!-- [et_pb_line_break_holder] --><h2 id=\"conclusion\">Conclus\u00e3o: a fonoaudiologia para adultos, um investimento na qualidade de vida<\/h2><!-- [et_pb_line_break_holder] --><!-- [et_pb_line_break_holder] --><p>A fonoaudiologia para adultos \u00e9 um campo rico, em plena evolu\u00e7\u00e3o, que abrange fun\u00e7\u00f5es t\u00e3o fundamentais quanto a comunica\u00e7\u00e3o, a autonomia e a qualidade de vida. Seja para superar as sequelas de um AVC, gerenciar uma doen\u00e7a neurol\u00f3gica, melhorar suas capacidades profissionais ou manter suas faculdades cognitivas com a idade, o fonoaudi\u00f3logo disp\u00f5e hoje de ferramentas variadas e eficazes \u2014 das quais os aplicativos digitais como FERNANDO DYNSEO representam um avan\u00e7o significativo.<\/p><!-- [et_pb_line_break_holder] --><!-- [et_pb_line_break_holder] --><p>A chave para o sucesso repousa sobre tr\u00eas pilares indissoci\u00e1veis: a regularidade dos exerc\u00edcios (di\u00e1rios, n\u00e3o apenas em sess\u00f5es), a implica\u00e7\u00e3o benevolente do entorno e a paci\u00eancia diante de progressos que podem ser lentos, mas que s\u00e3o reais. Cada palavra recuperada, cada refei\u00e7\u00e3o ingerida sem dor, cada conversa conduzida com flu\u00eancia \u00e9 uma vit\u00f3ria que merece ser celebrada.<\/p><!-- [et_pb_line_break_holder] --><!-- [et_pb_line_break_holder] --><p>Se voc\u00ea ou um de seus familiares apresenta dificuldades de comunica\u00e7\u00e3o, voz, degluti\u00e7\u00e3o ou mem\u00f3ria, n\u00e3o hesite em consultar. Um atendimento precoce sempre traz melhores resultados. E na espera, ou como complemento, FERNANDO DYNSEO acompanha voc\u00ea para manter e fortalecer suas capacidades cognitivas e lingu\u00edsticas no dia a dia.<\/p><!-- [et_pb_line_break_holder] --><!-- [et_pb_line_break_holder] --><h2 id=\"faq\">Perguntas frequentes sobre a fonoaudiologia para adultos<\/h2><!-- [et_pb_line_break_holder] --><!-- [et_pb_line_break_holder] --><div class=\"faq-list\"><!-- [et_pb_line_break_holder] -->  <div class=\"faq-item\"><!-- [et_pb_line_break_holder] -->    <div class=\"faq-q\"><span>Para que serve um fonoaudi\u00f3logo para um adulto sem transtorno grave?<\/span><span class=\"faq-icon\">+<\/span><\/div><!-- [et_pb_line_break_holder] -->    <div class=\"faq-a\"><p>Mesmo sem patologia, um adulto pode consultar um fonoaudi\u00f3logo para melhorar sua dic\u00e7\u00e3o, sua voz, sua gest\u00e3o do gaguejo leve ou sua articula\u00e7\u00e3o. Muitos profissionais (professores, vendedores, atores) recorrem \u00e0 fonoaudiologia para otimizar suas habilidades de comunica\u00e7\u00e3o. A preven\u00e7\u00e3o de dist\u00farbios vocais tamb\u00e9m \u00e9 uma indica\u00e7\u00e3o v\u00e1lida.<\/p><\/div><!-- [et_pb_line_break_holder] -->  <\/div><!-- [et_pb_line_break_holder] -->  <div class=\"faq-item\"><!-- [et_pb_line_break_holder] -->    <div class=\"faq-q\"><span>Quanto tempo dura uma reabilita\u00e7\u00e3o fonoaudiol\u00f3gica?<\/span><span class=\"faq-icon\">+<\/span><\/div><!-- [et_pb_line_break_holder] -->    <div class=\"faq-a\"><p>A dura\u00e7\u00e3o varia consideravelmente de acordo com o transtorno e a pessoa. Para dist\u00farbios vocais funcionais, 10 a 20 sess\u00f5es podem ser suficientes. Para a afasia p\u00f3s-AVC, a reabilita\u00e7\u00e3o pode durar v\u00e1rios anos. Para os dist\u00farbios cognitivos progressivos (Alzheimer), \u00e9 um acompanhamento a longo prazo. O fonoaudi\u00f3logo reavalia regularmente e adapta a frequ\u00eancia das sess\u00f5es \u00e0 evolu\u00e7\u00e3o.<\/p><\/div><!-- [et_pb_line_break_holder] -->  <\/div><!-- [et_pb_line_break_holder] -->  <div class=\"faq-item\"><!-- [et_pb_line_break_holder] -->    <div class=\"faq-q\"><span>O aplicativo FERNANDO pode substituir as sess\u00f5es de fonoaudiologia?<\/span><span class=\"faq-icon\">+<\/span><\/div><!-- [et_pb_line_break_holder] -->    <div class=\"faq-a\"><p>N\u00e3o, e esse n\u00e3o \u00e9 seu objetivo. FERNANDO \u00e9 uma ferramenta de estimula\u00e7\u00e3o cognitiva complementar, utiliz\u00e1vel entre as sess\u00f5es para manter e fortalecer os progressos realizados com o fonoaudi\u00f3logo. Ele n\u00e3o realiza avalia\u00e7\u00f5es, n\u00e3o faz diagn\u00f3sticos e n\u00e3o substitui a expertise cl\u00ednica do profissional. \u00c9 uma ferramenta de treinamento aut\u00f4noma, n\u00e3o um substituto terap\u00eautico.<\/p><\/div><!-- [et_pb_line_break_holder] -->  <\/div><!-- [et_pb_line_break_holder] -->  <div class=\"faq-item\"><!-- [et_pb_line_break_holder] -->    <div class=\"faq-q\"><span>Quais sinais devem me fazer consultar rapidamente?<\/span><span class=\"faq-icon\">+<\/span><\/div><!-- [et_pb_line_break_holder] -->\n<div class=\"faq-a\"><p>Consulte rapidamente se voc\u00ea observa: dificuldade s\u00fabita em encontrar suas palavras ou em construir frases (pode indicar um AVC), voz rouca persistindo por mais de 3 semanas (a ser explorada por um otorrinolaringologista), sensa\u00e7\u00e3o de sufocamento regular durante as refei\u00e7\u00f5es, modifica\u00e7\u00e3o brusca da voz ou da fala. N\u00e3o espere que os sintomas piorem \u2014 um atendimento precoce traz melhores resultados.<\/p><\/div><!-- [et_pb_line_break_holder] -->  <\/div><!-- [et_pb_line_break_holder] -->  <div class=\"faq-item\"><!-- [et_pb_line_break_holder] -->    <div class=\"faq-q\"><span>Como encontrar um fonoaudi\u00f3logo especializado em adultos na minha regi\u00e3o?<\/span><span class=\"faq-icon\">+<\/span><\/div><!-- [et_pb_line_break_holder] -->    <div class=\"faq-a\"><p>No site da Federa\u00e7\u00e3o Nacional dos Fonoaudi\u00f3logos (fno.fr), um diret\u00f3rio permite pesquisar fonoaudi\u00f3logos por especialidade e local. Seu m\u00e9dico de fam\u00edlia ou o servi\u00e7o de neurologia do hospital local tamb\u00e9m podem orient\u00e1-lo para fonoaudi\u00f3logos experientes em sua patologia espec\u00edfica.<\/p><\/div><!-- [et_pb_line_break_holder] -->  <\/div><!-- [et_pb_line_break_holder] -->  <div class=\"faq-item\"><!-- [et_pb_line_break_holder] -->    <div class=\"faq-q\"><span>\u00c9 poss\u00edvel fazer fonoaudiologia por videoconfer\u00eancia?<\/span><span class=\"faq-icon\">+<\/span><\/div><!-- [et_pb_line_break_holder] -->    <div class=\"faq-a\"><p>Sim. A telefonoaudiologia (sess\u00f5es por videoconfer\u00eancia) \u00e9 reconhecida e reembolsada desde 2021 na Fran\u00e7a. \u00c9 particularmente \u00fatil para pessoas com mobilidade reduzida, moradores de \u00e1reas pouco atendidas e para manter a regularidade do acompanhamento quando os deslocamentos s\u00e3o dif\u00edceis. Alguns exerc\u00edcios (vocabul\u00e1rio, estrutura\u00e7\u00e3o, mem\u00f3ria) se adaptam muito bem ao formato remoto.<\/p><\/div><!-- [et_pb_line_break_holder] -->  <\/div><!-- [et_pb_line_break_holder] --><\/div><!-- [et_pb_line_break_holder] --><!-- [et_pb_line_break_holder] --><!-- [et_pb_line_break_holder] --><h3>A import\u00e2ncia da continuidade domic\u00edlio-consult\u00f3rio<\/h3><!-- [et_pb_line_break_holder] --><!-- [et_pb_line_break_holder] --><p>Uma das limita\u00e7\u00f5es hist\u00f3ricas da reabilita\u00e7\u00e3o fonoaudiol\u00f3gica \u00e9 a descontinuidade entre as sess\u00f5es no consult\u00f3rio e a vida em casa. Durante muito tempo, as ferramentas dispon\u00edveis para o treinamento aut\u00f4nomo eram limitadas \u2014 algumas fichas de exerc\u00edcios fotocopiadas, pouco motivadoras e rapidamente repetitivas. Os aplicativos digitais revolucionaram essa continuidade.<\/p><!-- [et_pb_line_break_holder] --><!-- [et_pb_line_break_holder] --><p>Com FERNANDO DYNSEO, o fonoaudi\u00f3logo pode recomendar jogos espec\u00edficos para praticar em casa \u2014 de acordo com os objetivos da sess\u00e3o \u2014 e depois consultar as estat\u00edsticas de jogo para ver o que a pessoa fez, com que frequ\u00eancia, e qual foi a taxa de sucesso. Essa visibilidade transforma o trabalho em casa de uma atividade opaca em um componente mensur\u00e1vel e discut\u00edvel da terapia.<\/p><!-- [et_pb_line_break_holder] --><!-- [et_pb_line_break_holder] --><a href=\"https:\/\/www.dynseo.com\/pt-pt\/o-programa-dos-treinadores\/fernando-o-seu-treinador-de-cerebro\/\" class=\"internal-link\"><!-- [et_pb_line_break_holder] -->  <div class=\"internal-link-icon\">\ud83e\udde0<\/div><!-- [et_pb_line_break_holder] -->  <div class=\"internal-link-content\"><!-- [et_pb_line_break_holder] -->    <div class=\"internal-link-label\">Ferramenta recomendada pelos fonoaudi\u00f3logos<\/div><!-- [et_pb_line_break_holder] -->    <div class=\"internal-link-title\">FERNANDO DYNSEO \u2014 Estimula\u00e7\u00e3o cognitiva entre as sess\u00f5es<\/div><!-- [et_pb_line_break_holder] -->    <div class=\"internal-link-desc\">Remexer Mem\u00f3rias, Ouvido Musical, Poema Perdido, Ca\u00e7a ao Intruso \u2014 30+ jogos de linguagem e cogni\u00e7\u00e3o. Teste gratuito de 7 dias.<\/div><!-- [et_pb_line_break_holder] -->  <\/div><!-- [et_pb_line_break_holder] -->  <div class=\"internal-link-arrow\">\u2192<\/div><!-- [et_pb_line_break_holder] --><\/a><!-- [et_pb_line_break_holder] --><!-- [et_pb_line_break_holder] --><div class=\"cta-box\"><!-- [et_pb_line_break_holder] -->  <h3>\ud83d\udde3\ufe0f Acompanhe sua reabilita\u00e7\u00e3o com FERNANDO<\/h3><!-- [et_pb_line_break_holder] -->  <p>O aplicativo FERNANDO DYNSEO \u00e9 utilizado por centenas de fonoaudi\u00f3logos na Fran\u00e7a como ferramenta de estimula\u00e7\u00e3o entre as sess\u00f5es. Experimente gratuitamente por 7 dias em tablet e smartphone.<\/p><!-- [et_pb_line_break_holder] -->  <div class=\"cta-buttons\"><!-- [et_pb_line_break_holder] -->    <a href=\"https:\/\/www.dynseo.com\/pt-pt\/o-programa-dos-treinadores\/fernando-o-seu-treinador-de-cerebro\/\" class=\"btn-white\">\ud83e\udde0 Descobrir FERNANDO \u2192<\/a><!-- [et_pb_line_break_holder] -->    <a href=\"https:\/\/www.dynseo.com\/nous-contacter\/\" class=\"btn-outline\">Contatar DYNSEO \u2192<\/a><!-- [et_pb_line_break_holder] -->  <\/div><!-- [et_pb_line_break_holder] --><\/div><!-- [et_pb_line_break_holder] --><!-- [et_pb_line_break_holder] -->\n<div class=\"article-tags\"><!-- [et_pb_line_break_holder] -->  <a href=\"#\" class=\"article-tag\">ortofonia adulta<\/a><!-- [et_pb_line_break_holder] -->  <a href=\"#\" class=\"article-tag\">avalia\u00e7\u00e3o ortof\u00f4nica<\/a><!-- [et_pb_line_break_holder] -->  <a href=\"#\" class=\"article-tag\">reabilita\u00e7\u00e3o de afasia<\/a><!-- [et_pb_line_break_holder] -->  <a href=\"#\" class=\"article-tag\">dist\u00farbios de voz disfonia<\/a><!-- [et_pb_line_break_holder] -->  <a href=\"#\" class=\"article-tag\">FERNANDO DYNSEO ortofonia<\/a><!-- [et_pb_line_break_holder] -->  <a href=\"#\" class=\"article-tag\">estimula\u00e7\u00e3o cognitiva AVC<\/a><!-- [et_pb_line_break_holder] --><\/div><!-- [et_pb_line_break_holder] --><!-- [et_pb_line_break_holder] --><\/div><!-- [et_pb_line_break_holder] --><\/div><!-- [et_pb_line_break_holder] --><!-- [et_pb_line_break_holder] --><script><!-- [et_pb_line_break_holder] -->document.querySelectorAll('.faq-q').forEach(btn => {<!-- [et_pb_line_break_holder] -->  btn.addEventListener('click', () => {<!-- [et_pb_line_break_holder] -->    btn.closest('.faq-item').classList.toggle('open');<!-- [et_pb_line_break_holder] -->  });<!-- [et_pb_line_break_holder] -->});<!-- [et_pb_line_break_holder] --><\/script><!-- [et_pb_line_break_holder] --><!-- [et_pb_line_break_holder] --><script type=\"application\/ld+json\"><!-- [et_pb_line_break_holder] -->{<!-- [et_pb_line_break_holder] -->  \"@context\": \"https:\/\/schema.org\",<!-- [et_pb_line_break_holder] -->  \"@graph\": [<!-- [et_pb_line_break_holder] -->    {<!-- [et_pb_line_break_holder] -->      \"@type\": \"Article\",<!-- [et_pb_line_break_holder] -->      \"@id\": \"https:\/\/www.dynseo.com\/orthophonie-adulte-bilan-therapie-outils\/#article\",<!-- [et_pb_line_break_holder] -->      \"headline\": \"Orthophonie pour Adultes : Bilan, Th\u00e9rapie et Outils Num\u00e9riques\",<!-- [et_pb_line_break_holder] -->      \"description\": \"Orthophonie pour adultes : bilan, th\u00e9rapie, outils num\u00e9riques, troubles trait\u00e9s (aphasie, dysarthrie, voix, d\u00e9glutition, mem\u00f3ria). Guide complet + application JOE DYNSEO.\",<!-- [et_pb_line_break_holder] -->      \"image\": {\"@type\": \"ImageObject\", \"url\": \"https:\/\/www.dynseo.com\/wp-content\/uploads\/2026\/03\/orthophonie-adulte-dynseo.jpg\", \"width\": 1200, \"height\": 630},<!-- [et_pb_line_break_holder] -->      \"author\": {\"@type\": \"Organization\", \"name\": \"DYNSEO\", \"url\": \"https:\/\/www.dynseo.com\"},<!-- [et_pb_line_break_holder] -->      \"publisher\": {\"@type\": \"Organization\", \"name\": \"DYNSEO\", \"url\": \"https:\/\/www.dynseo.com\", \"logo\": {\"@type\": \"ImageObject\", \"url\": \"https:\/\/www.dynseo.com\/wp-content\/uploads\/logo-dynseo.png\"}},<!-- [et_pb_line_break_holder] -->      \"datePublished\": \"2026-03-18\",<!-- [et_pb_line_break_holder] -->      \"dateModified\": \"2026-03-18\",<!-- [et_pb_line_break_holder] -->      \"mainEntityOfPage\": \"https:\/\/www.dynseo.com\/orthophonie-adulte-bilan-therapie-outils\/\",<!-- [et_pb_line_break_holder] -->      \"inLanguage\": \"fr-FR\",<!-- [et_pb_line_break_holder] -->      \"keywords\": \"orthophonie adulte, bilan orthophonique, aphasie r\u00e9\u00e9ducation, troubles voix, dysphonie, dysphagie, estimula\u00e7\u00e3o cognitiva\",<!-- [et_pb_line_break_holder] -->      \"articleSection\": \"Orthophonie et r\u00e9\u00e9ducation\",<!-- [et_pb_line_break_holder] -->      \"wordCount\": 5200,<!-- [et_pb_line_break_holder] -->      \"aggregateRating\": {\"@type\": \"AggregateRating\", \"ratingValue\": \"4.8\", \"ratingCount\": \"1129\", \"bestRating\": \"5\", \"worstRating\": \"1\"}<!-- [et_pb_line_break_holder] -->    },<!-- [et_pb_line_break_holder] -->    {<!-- [et_pb_line_break_holder] -->      \"@type\": \"WebPage\",<!-- [et_pb_line_break_holder] -->      \"@id\": \"https:\/\/www.dynseo.com\/orthophonie-adulte-bilan-therapie-outils\/\",<!-- [et_pb_line_break_holder] -->      \"url\": \"https:\/\/www.dynseo.com\/orthophonie-adulte-bilan-therapie-outils\/\",<!-- [et_pb_line_break_holder] -->      \"name\": \"Orthophonie pour Adultes : Bilan, Th\u00e9rapie et Outils Num\u00e9riques | DYNSEO\",<!-- [et_pb_line_break_holder] -->      \"breadcrumb\": {<!-- [et_pb_line_break_holder] -->        \"@type\": \"BreadcrumbList\",<!-- [et_pb_line_break_holder] -->        \"itemListElement\": [<!-- [et_pb_line_break_holder] -->          {\"@type\": \"ListItem\", \"position\": 1, \"name\": \"Accueil\", \"item\": \"https:\/\/www.dynseo.com\/\"},<!-- [et_pb_line_break_holder] -->          {\"@type\": \"ListItem\", \"position\": 2, \"name\": \"JOE \u2014 Coach c\u00e9r\u00e9bral\", \"item\": \"https:\/\/www.dynseo.com\/pt-pt\/o-programa-dos-treinadores\/fernando-o-seu-treinador-de-cerebro\/\"},<!-- [et_pb_line_break_holder] -->          {\"@type\": \"ListItem\", \"position\": 3, \"name\": \"Orthophonie adulte\", \"item\": \"https:\/\/www.dynseo.com\/orthophonie-adulte-bilan-therapie-outils\/\"}<!-- [et_pb_line_break_holder] -->        ]<!-- [et_pb_line_break_holder] -->      }<!-- [et_pb_line_break_holder] -->    },<!-- [et_pb_line_break_holder] -->    {<!-- [et_pb_line_break_holder] -->      \"@type\": \"FAQPage\",<!-- [et_pb_line_break_holder] -->      \"mainEntity\": [<!-- [et_pb_line_break_holder] -->        {\"@type\": \"Question\", \"name\": \"\u00c0 quoi sert un orthophoniste pour un adulte sans trouble grave ?\", \"acceptedAnswer\": {\"@type\": \"Answer\", \"text\": \"M\u00eame sans pathologie, un adulte peut consulter un orthophoniste pour am\u00e9liorer sa diction, sa voix port\u00e9e, g\u00e9rer un b\u00e9gaiement l\u00e9ger ou optimiser ses comp\u00e9tences de communication. La pr\u00e9vention des troubles vocaux chez les professionnels de la voix (enseignants, commerciaux) est une indication courante.\"}},<!-- [et_pb_line_break_holder] -->        {\"@type\": \"Question\", \"name\": \"Combien co\u00fbtent les s\u00e9ances d'orthophonie pour adultes ?\", \"acceptedAnswer\": {\"@type\": \"Answer\", \"text\": \"Avec prescription m\u00e9dicale, les s\u00e9ances sont rembours\u00e9es \u00e0 60% par l'Assurance Maladie, les 40% restants \u00e9tant g\u00e9n\u00e9ralement couverts par la mutuelle. En cas d'ALD ou post-AVC, le remboursement peut atteindre 100%. Sans prescription, les s\u00e9ances ne sont pas rembours\u00e9es.\"}},<!-- [et_pb_line_break_holder] -->        {\"@type\": \"Question\", \"name\": \"Quels troubles l'orthophoniste adulte peut-il traiter ?\", \"acceptedAnswer\": {\"@type\": \"Answer\", \"text\": \"L'orthophoniste adulte traite : l'aphasie (troubles du langage apr\u00e8s AVC ou pathologie neurologique), la dysarthrie (trouble moteur de la parole), la dysphonie (troubles de la voix), la dysphagie (troubles de la d\u00e9glutition), le b\u00e9gaiement adulte, les dist\u00farbios cognitivos li\u00e9s au vieillissement ou \u00e0 Alzheimer\/Parkinson.\"}},<!-- [et_pb_line_break_holder] -->        {\"@type\": \"Question\", \"name\": \"L'application JOE peut-elle remplacer les s\u00e9ances d'orthophonie ?\", \"acceptedAnswer\": {\"@type\": \"Answer\", \"text\": \"Non. JOE est un outil de estimula\u00e7\u00e3o cognitiva compl\u00e9mentaire \u00e0 utiliser entre les s\u00e9ances. Il ne r\u00e9alise pas de bilan, ne pose pas de diagnostic et ne remplace pas l'expertise de l'orthophoniste. C'est un entra\u00eenement autonome qui renforce les progr\u00e8s r\u00e9alis\u00e9s en s\u00e9ance.\"}},<!-- [et_pb_line_break_holder] -->        {\"@type\": \"Question\", \"name\": \"Peut-on faire de l'orthophonie en visioconf\u00e9rence ?\", \"acceptedAnswer\": {\"@type\": \"Answer\", \"text\": \"Oui. La t\u00e9l\u00e9-orthophonie est reconnue et rembours\u00e9e depuis 2021 en France. Elle convient aux personnes \u00e0 mobilit\u00e9 r\u00e9duite, aux habitants de zones peu desservies, et pour maintenir la r\u00e9gularit\u00e9 du suivi.\"}},<!-- [et_pb_line_break_holder] -->        {\"@type\": \"Question\", \"name\": \"Comment trouver un orthophoniste sp\u00e9cialis\u00e9 adulte ?\", \"acceptedAnswer\": {\"@type\": \"Answer\", \"text\": \"Sur fno.fr (F\u00e9d\u00e9ration Nationale des Orthophonistes), un annuaire permet de rechercher par sp\u00e9cialit\u00e9 et localisation. Votre m\u00e9decin traitant ou le service de neurologie de l'h\u00f4pital local peuvent aussi vous orienter vers des sp\u00e9cialistes exp\u00e9riment\u00e9s dans votre pathologie.\"}}<!-- [et_pb_line_break_holder] -->      ]<!-- [et_pb_line_break_holder] -->    }<!-- [et_pb_line_break_holder] -->  ]<!-- [et_pb_line_break_holder] -->}<!-- [et_pb_line_break_holder] --><\/script><!-- [et_pb_line_break_holder] --><\/body><!-- [et_pb_line_break_holder] --><\/html>[\/et_pb_code][\/et_pb_column][\/et_pb_row][\/et_pb_section][et_pb_section fb_built=\"1\" _builder_version=\"4.16\" global_colors_info=\"{}\"][et_pb_row _builder_version=\"4.16\" background_size=\"initial\" background_position=\"top_left\" background_repeat=\"repeat\" global_colors_info=\"{}\"][et_pb_column type=\"4_4\" _builder_version=\"4.16\" custom_padding=\"|||\" global_colors_info=\"{}\" custom_padding__hover=\"|||\"][et_pb_code _builder_version=\"4.16\" global_colors_info=\"{}\"]<script type=\"application\/ld+json\">{\"@context\":\"https:\/\/schema.org\",\"@type\":\"FAQPage\",\"mainEntity\":[{\"@type\":\"Question\",\"name\":\"L'orthophoniste ne traite-t-elle que les enfants ?\",\"acceptedAnswer\":{\"@type\":\"Answer\",\"text\":\"Non, l'orthophoniste peut traiter aussi les adultes et pas seulement les enfants. Un adulte peut avoir besoin d'\u00eatre suivi par une orthophoniste pour plusieurs raisons.\"}},{\"@type\":\"Question\",\"name\":\"Pour quelles raisons un adulte peut-il consulter un orthophoniste ?\",\"acceptedAnswer\":{\"@type\":\"Answer\",\"text\":\"Un adulte peut consulter pour des troubles depuis la naissance comme la surdit\u00e9, des troubles du langage depuis l'enfance, des probl\u00e8mes suite \u00e0 une pathologie ou un accident (voix, d\u00e9glutition, articulation), ou encore pour am\u00e9liorer sa diction dans le cadre professionnel.\"}},{\"@type\":\"Question\",\"name\":\"Pourquoi de nombreux adultes consultent-ils aujourd'hui pour am\u00e9liorer leur diction ?\",\"acceptedAnswer\":{\"@type\":\"Answer\",\"text\":\"Beaucoup d'adultes consultent pour am\u00e9liorer leur diction dans un contexte professionnel, notamment pour faire des discours en public. Cela concerne par exemple des professeurs, des acteurs ou des personnalit\u00e9s.\"}},{\"@type\":\"Question\",\"name\":\"Qu'est-ce qu'un bilan orthophonique et pourquoi est-il n\u00e9cessaire ?\",\"acceptedAnswer\":{\"@type\":\"Answer\",\"text\":\"Le bilan orthophonique est un examen n\u00e9cessaire avant de commencer un traitement. Il permet \u00e0 l'orthophoniste de comprendre toutes les difficult\u00e9s de la personne et d'adapter par la suite le traitement.\"}},{\"@type\":\"Question\",\"name\":\"Que se passe-t-il pendant un bilan orthophonique ?\",\"acceptedAnswer\":{\"@type\":\"Answer\",\"text\":\"Pendant le bilan, la personne doit parler de sa situation (pathologie, accident ou situation g\u00e9n\u00e9tique), puis passer des tests et faire des activit\u00e9s sp\u00e9cifiques. L'orthophoniste peut ensuite demander des examens compl\u00e9mentaires.\"}},{\"@type\":\"Question\",\"name\":\"\u00c0 quels moments le bilan orthophonique est-il propos\u00e9 ?\",\"acceptedAnswer\":{\"@type\":\"Answer\",\"text\":\"Le bilan est propos\u00e9 avant de commencer le traitement, mais \u00e9galement au milieu et \u00e0 la fin du parcours th\u00e9rapeutique pour \u00e9valuer les progr\u00e8s.\"}}]}<\/script><!-- [et_pb_line_break_holder] --><script type=\"application\/ld+json\">{\"@context\":\"https:\/\/schema.org\",\"@type\":\"FAQPage\",\"mainEntity\":[{\"@type\":\"Question\",\"name\":\"L'orthophoniste ne traite-t-elle que les enfants ?\",\"acceptedAnswer\":{\"@type\":\"Answer\",\"text\":\"Non, l'orthophoniste peut traiter aussi les adultes et pas seulement les enfants. Un adulte peut avoir besoin d'\u00eatre suivi par une orthophoniste pour plusieurs raisons.\"}},{\"@type\":\"Question\",\"name\":\"Pour quelles raisons un adulte peut-il consulter un orthophoniste ?\",\"acceptedAnswer\":{\"@type\":\"Answer\",\"text\":\"Un adulte peut consulter pour des troubles depuis la naissance comme la surdit\u00e9, des troubles du langage depuis l'enfance, des probl\u00e8mes suite \u00e0 une pathologie ou un accident (voix, d\u00e9glutition, articulation), ou encore pour am\u00e9liorer sa diction dans le cadre professionnel.\"}},{\"@type\":\"Question\",\"name\":\"Pourquoi de nombreux adultes consultent-ils aujourd'hui pour am\u00e9liorer leur diction ?\",\"acceptedAnswer\":{\"@type\":\"Answer\",\"text\":\"Beaucoup d'adultes consultent pour am\u00e9liorer leur diction dans un contexte professionnel, notamment pour faire des discours en public. Cela concerne par exemple des professeurs, des acteurs ou des personnalit\u00e9s.\"}},{\"@type\":\"Question\",\"name\":\"Qu'est-ce qu'un bilan orthophonique et pourquoi est-il n\u00e9cessaire ?\",\"acceptedAnswer\":{\"@type\":\"Answer\",\"text\":\"Le bilan orthophonique est un examen n\u00e9cessaire avant de commencer un traitement. Il permet \u00e0 l'orthophoniste de comprendre toutes les difficult\u00e9s de la personne et d'adapter par la suite le traitement.\"}},{\"@type\":\"Question\",\"name\":\"Que se passe-t-il pendant un bilan orthophonique ?\",\"acceptedAnswer\":{\"@type\":\"Answer\",\"text\":\"Pendant le bilan, la personne doit parler de sa situation (pathologie, accident ou situation g\u00e9n\u00e9tique), puis passer des tests et faire des activit\u00e9s sp\u00e9cifiques. L'orthophoniste peut ensuite demander des examens compl\u00e9mentaires.\"}},{\"@type\":\"Question\",\"name\":\"\u00c0 quels moments le bilan orthophonique est-il propos\u00e9 ?\",\"acceptedAnswer\":{\"@type\":\"Answer\",\"text\":\"Le bilan est propos\u00e9 avant de commencer le traitement, mais \u00e9galement au milieu et \u00e0 la fin du parcours th\u00e9rapeutique pour \u00e9valuer les progr\u00e8s.\"}}]}<\/script>[\/et_pb_code][\/et_pb_column][\/et_pb_row][\/et_pb_section]","_et_gb_content_width":"","footnotes":""},"categories":[3022,2915],"tags":[],"class_list":["post-69724","post","type-post","status-publish","format-standard","has-post-thumbnail","hentry","category-fiches-techniques","category-les-conseils-des-coachs"],"yoast_head":"<!-- This site is optimized with the Yoast SEO plugin v27.4 - https:\/\/yoast.com\/product\/yoast-seo-wordpress\/ -->\n<title>Avalia\u00e7\u00e3o da fonoaudiologia e da terapia lingu\u00edstica<\/title>\n<meta name=\"description\" content=\"A avalia\u00e7\u00e3o da terapia da fala \u00e9 realizada por um terapeuta da fala, e permite uma revis\u00e3o da mem\u00f3ria e da reabilita\u00e7\u00e3o cognitiva.\" \/>\n<meta name=\"robots\" content=\"index, follow, max-snippet:-1, max-image-preview:large, max-video-preview:-1\" \/>\n<link rel=\"canonical\" href=\"https:\/\/www.dynseo.com\/pt-pt\/o-balance-ortofonico-do-adulto\/\" \/>\n<meta property=\"og:locale\" content=\"pt_PT\" \/>\n<meta property=\"og:type\" content=\"article\" \/>\n<meta property=\"og:title\" content=\"Avalia\u00e7\u00e3o da fonoaudiologia e da terapia lingu\u00edstica\" \/>\n<meta property=\"og:description\" content=\"A avalia\u00e7\u00e3o da terapia da fala \u00e9 realizada por um terapeuta da fala, e permite uma revis\u00e3o da mem\u00f3ria e da reabilita\u00e7\u00e3o cognitiva.\" \/>\n<meta property=\"og:url\" content=\"https:\/\/www.dynseo.com\/pt-pt\/o-balance-ortofonico-do-adulto\/\" \/>\n<meta property=\"og:site_name\" content=\"DYNSEO - Aplica\u00e7\u00f5es educativas e jogos de mem\u00f3ria\" \/>\n<meta property=\"article:published_time\" content=\"2025-11-25T22:39:45+00:00\" \/>\n<meta property=\"article:modified_time\" content=\"2026-03-20T15:57:22+00:00\" \/>\n<meta property=\"og:image\" content=\"https:\/\/www.dynseo.com\/wp-content\/uploads\/2021\/01\/dynseo-elderly-brain-game-games-activities-for-seniors-cognitive-games-activities-statistic-stats-handicap-autims-autistic-1.png\" \/>\n\t<meta property=\"og:image:width\" content=\"348\" \/>\n\t<meta property=\"og:image:height\" content=\"243\" \/>\n\t<meta property=\"og:image:type\" content=\"image\/png\" \/>\n<meta name=\"author\" content=\"DYNSEO\" \/>\n<meta name=\"twitter:label1\" content=\"Escrito por\" \/>\n\t<meta name=\"twitter:data1\" content=\"DYNSEO\" \/>\n\t<meta name=\"twitter:label2\" content=\"Tempo estimado de leitura\" \/>\n\t<meta name=\"twitter:data2\" content=\"28 minutos\" \/>\n<script type=\"application\/ld+json\" class=\"yoast-schema-graph\">{\"@context\":\"https:\\\/\\\/schema.org\",\"@graph\":[{\"@type\":\"Article\",\"@id\":\"https:\\\/\\\/www.dynseo.com\\\/pt-pt\\\/o-balance-ortofonico-do-adulto\\\/#article\",\"isPartOf\":{\"@id\":\"https:\\\/\\\/www.dynseo.com\\\/pt-pt\\\/o-balance-ortofonico-do-adulto\\\/\"},\"author\":{\"name\":\"DYNSEO\",\"@id\":\"https:\\\/\\\/www.dynseo.com\\\/pt-pt\\\/#\\\/schema\\\/person\\\/78ef63df2ee64e0989bc68f8401b38d6\"},\"headline\":\"O balan\u00e7o ortof\u00f4nico do adulto\",\"datePublished\":\"2025-11-25T22:39:45+00:00\",\"dateModified\":\"2026-03-20T15:57:22+00:00\",\"mainEntityOfPage\":{\"@id\":\"https:\\\/\\\/www.dynseo.com\\\/pt-pt\\\/o-balance-ortofonico-do-adulto\\\/\"},\"wordCount\":5622,\"publisher\":{\"@id\":\"https:\\\/\\\/www.dynseo.com\\\/pt-pt\\\/#organization\"},\"image\":{\"@id\":\"https:\\\/\\\/www.dynseo.com\\\/pt-pt\\\/o-balance-ortofonico-do-adulto\\\/#primaryimage\"},\"thumbnailUrl\":\"https:\\\/\\\/www.dynseo.com\\\/wp-content\\\/uploads\\\/2021\\\/01\\\/dynseo-elderly-brain-game-games-activities-for-seniors-cognitive-games-activities-statistic-stats-handicap-autims-autistic-1.png\",\"articleSection\":[\"Fiches techniques orthophonie\",\"Les conseils des coachs\"],\"inLanguage\":\"pt-PT\"},{\"@type\":\"WebPage\",\"@id\":\"https:\\\/\\\/www.dynseo.com\\\/pt-pt\\\/o-balance-ortofonico-do-adulto\\\/\",\"url\":\"https:\\\/\\\/www.dynseo.com\\\/pt-pt\\\/o-balance-ortofonico-do-adulto\\\/\",\"name\":\"Avalia\u00e7\u00e3o da fonoaudiologia e da terapia lingu\u00edstica\",\"isPartOf\":{\"@id\":\"https:\\\/\\\/www.dynseo.com\\\/pt-pt\\\/#website\"},\"primaryImageOfPage\":{\"@id\":\"https:\\\/\\\/www.dynseo.com\\\/pt-pt\\\/o-balance-ortofonico-do-adulto\\\/#primaryimage\"},\"image\":{\"@id\":\"https:\\\/\\\/www.dynseo.com\\\/pt-pt\\\/o-balance-ortofonico-do-adulto\\\/#primaryimage\"},\"thumbnailUrl\":\"https:\\\/\\\/www.dynseo.com\\\/wp-content\\\/uploads\\\/2021\\\/01\\\/dynseo-elderly-brain-game-games-activities-for-seniors-cognitive-games-activities-statistic-stats-handicap-autims-autistic-1.png\",\"datePublished\":\"2025-11-25T22:39:45+00:00\",\"dateModified\":\"2026-03-20T15:57:22+00:00\",\"description\":\"A avalia\u00e7\u00e3o da terapia da fala \u00e9 realizada por um terapeuta da fala, e permite uma revis\u00e3o da mem\u00f3ria e da reabilita\u00e7\u00e3o cognitiva.\",\"breadcrumb\":{\"@id\":\"https:\\\/\\\/www.dynseo.com\\\/pt-pt\\\/o-balance-ortofonico-do-adulto\\\/#breadcrumb\"},\"inLanguage\":\"pt-PT\",\"potentialAction\":[{\"@type\":\"ReadAction\",\"target\":[\"https:\\\/\\\/www.dynseo.com\\\/pt-pt\\\/o-balance-ortofonico-do-adulto\\\/\"]}]},{\"@type\":\"ImageObject\",\"inLanguage\":\"pt-PT\",\"@id\":\"https:\\\/\\\/www.dynseo.com\\\/pt-pt\\\/o-balance-ortofonico-do-adulto\\\/#primaryimage\",\"url\":\"https:\\\/\\\/www.dynseo.com\\\/wp-content\\\/uploads\\\/2021\\\/01\\\/dynseo-elderly-brain-game-games-activities-for-seniors-cognitive-games-activities-statistic-stats-handicap-autims-autistic-1.png\",\"contentUrl\":\"https:\\\/\\\/www.dynseo.com\\\/wp-content\\\/uploads\\\/2021\\\/01\\\/dynseo-elderly-brain-game-games-activities-for-seniors-cognitive-games-activities-statistic-stats-handicap-autims-autistic-1.png\",\"width\":348,\"height\":243,\"caption\":\"Mantenha a mente ativa com jogos Alzheimer\"},{\"@type\":\"BreadcrumbList\",\"@id\":\"https:\\\/\\\/www.dynseo.com\\\/pt-pt\\\/o-balance-ortofonico-do-adulto\\\/#breadcrumb\",\"itemListElement\":[{\"@type\":\"ListItem\",\"position\":1,\"name\":\"Accueil\",\"item\":\"https:\\\/\\\/www.dynseo.com\\\/pt-pt\\\/\"},{\"@type\":\"ListItem\",\"position\":2,\"name\":\"O balan\u00e7o ortof\u00f4nico do adulto\"}]},{\"@type\":\"WebSite\",\"@id\":\"https:\\\/\\\/www.dynseo.com\\\/pt-pt\\\/#website\",\"url\":\"https:\\\/\\\/www.dynseo.com\\\/pt-pt\\\/\",\"name\":\"Jeux de m\u00e9moire et stimulation cognitive\",\"description\":\"Entra\u00eenez votre m\u00e9moire et votre cerveau avec DYNSEO\",\"publisher\":{\"@id\":\"https:\\\/\\\/www.dynseo.com\\\/pt-pt\\\/#organization\"},\"potentialAction\":[{\"@type\":\"SearchAction\",\"target\":{\"@type\":\"EntryPoint\",\"urlTemplate\":\"https:\\\/\\\/www.dynseo.com\\\/pt-pt\\\/?s={search_term_string}\"},\"query-input\":{\"@type\":\"PropertyValueSpecification\",\"valueRequired\":true,\"valueName\":\"search_term_string\"}}],\"inLanguage\":\"pt-PT\"},{\"@type\":\"Organization\",\"@id\":\"https:\\\/\\\/www.dynseo.com\\\/pt-pt\\\/#organization\",\"name\":\"DYNSEO\",\"url\":\"https:\\\/\\\/www.dynseo.com\\\/pt-pt\\\/\",\"logo\":{\"@type\":\"ImageObject\",\"inLanguage\":\"pt-PT\",\"@id\":\"https:\\\/\\\/www.dynseo.com\\\/pt-pt\\\/#\\\/schema\\\/logo\\\/image\\\/\",\"url\":\"https:\\\/\\\/www.dynseo.com\\\/wp-content\\\/uploads\\\/2022\\\/05\\\/logo-dynseo-new.png\",\"contentUrl\":\"https:\\\/\\\/www.dynseo.com\\\/wp-content\\\/uploads\\\/2022\\\/05\\\/logo-dynseo-new.png\",\"width\":5073,\"height\":1397,\"caption\":\"DYNSEO\"},\"image\":{\"@id\":\"https:\\\/\\\/www.dynseo.com\\\/pt-pt\\\/#\\\/schema\\\/logo\\\/image\\\/\"}},{\"@type\":\"Person\",\"@id\":\"https:\\\/\\\/www.dynseo.com\\\/pt-pt\\\/#\\\/schema\\\/person\\\/78ef63df2ee64e0989bc68f8401b38d6\",\"name\":\"DYNSEO\",\"url\":\"https:\\\/\\\/www.dynseo.com\\\/pt-pt\\\/author\\\/justine\\\/\"}]}<\/script>\n<!-- \/ Yoast SEO plugin. -->","yoast_head_json":{"title":"Avalia\u00e7\u00e3o da fonoaudiologia e da terapia lingu\u00edstica","description":"A avalia\u00e7\u00e3o da terapia da fala \u00e9 realizada por um terapeuta da fala, e permite uma revis\u00e3o da mem\u00f3ria e da reabilita\u00e7\u00e3o cognitiva.","robots":{"index":"index","follow":"follow","max-snippet":"max-snippet:-1","max-image-preview":"max-image-preview:large","max-video-preview":"max-video-preview:-1"},"canonical":"https:\/\/www.dynseo.com\/pt-pt\/o-balance-ortofonico-do-adulto\/","og_locale":"pt_PT","og_type":"article","og_title":"Avalia\u00e7\u00e3o da fonoaudiologia e da terapia lingu\u00edstica","og_description":"A avalia\u00e7\u00e3o da terapia da fala \u00e9 realizada por um terapeuta da fala, e permite uma revis\u00e3o da mem\u00f3ria e da reabilita\u00e7\u00e3o cognitiva.","og_url":"https:\/\/www.dynseo.com\/pt-pt\/o-balance-ortofonico-do-adulto\/","og_site_name":"DYNSEO - Aplica\u00e7\u00f5es educativas e jogos de mem\u00f3ria","article_published_time":"2025-11-25T22:39:45+00:00","article_modified_time":"2026-03-20T15:57:22+00:00","og_image":[{"width":348,"height":243,"url":"https:\/\/www.dynseo.com\/wp-content\/uploads\/2021\/01\/dynseo-elderly-brain-game-games-activities-for-seniors-cognitive-games-activities-statistic-stats-handicap-autims-autistic-1.png","type":"image\/png"}],"author":"DYNSEO","twitter_misc":{"Escrito por":"DYNSEO","Tempo estimado de leitura":"28 minutos"},"schema":{"@context":"https:\/\/schema.org","@graph":[{"@type":"Article","@id":"https:\/\/www.dynseo.com\/pt-pt\/o-balance-ortofonico-do-adulto\/#article","isPartOf":{"@id":"https:\/\/www.dynseo.com\/pt-pt\/o-balance-ortofonico-do-adulto\/"},"author":{"name":"DYNSEO","@id":"https:\/\/www.dynseo.com\/pt-pt\/#\/schema\/person\/78ef63df2ee64e0989bc68f8401b38d6"},"headline":"O balan\u00e7o ortof\u00f4nico do adulto","datePublished":"2025-11-25T22:39:45+00:00","dateModified":"2026-03-20T15:57:22+00:00","mainEntityOfPage":{"@id":"https:\/\/www.dynseo.com\/pt-pt\/o-balance-ortofonico-do-adulto\/"},"wordCount":5622,"publisher":{"@id":"https:\/\/www.dynseo.com\/pt-pt\/#organization"},"image":{"@id":"https:\/\/www.dynseo.com\/pt-pt\/o-balance-ortofonico-do-adulto\/#primaryimage"},"thumbnailUrl":"https:\/\/www.dynseo.com\/wp-content\/uploads\/2021\/01\/dynseo-elderly-brain-game-games-activities-for-seniors-cognitive-games-activities-statistic-stats-handicap-autims-autistic-1.png","articleSection":["Fiches techniques orthophonie","Les conseils des coachs"],"inLanguage":"pt-PT"},{"@type":"WebPage","@id":"https:\/\/www.dynseo.com\/pt-pt\/o-balance-ortofonico-do-adulto\/","url":"https:\/\/www.dynseo.com\/pt-pt\/o-balance-ortofonico-do-adulto\/","name":"Avalia\u00e7\u00e3o da fonoaudiologia e da terapia lingu\u00edstica","isPartOf":{"@id":"https:\/\/www.dynseo.com\/pt-pt\/#website"},"primaryImageOfPage":{"@id":"https:\/\/www.dynseo.com\/pt-pt\/o-balance-ortofonico-do-adulto\/#primaryimage"},"image":{"@id":"https:\/\/www.dynseo.com\/pt-pt\/o-balance-ortofonico-do-adulto\/#primaryimage"},"thumbnailUrl":"https:\/\/www.dynseo.com\/wp-content\/uploads\/2021\/01\/dynseo-elderly-brain-game-games-activities-for-seniors-cognitive-games-activities-statistic-stats-handicap-autims-autistic-1.png","datePublished":"2025-11-25T22:39:45+00:00","dateModified":"2026-03-20T15:57:22+00:00","description":"A avalia\u00e7\u00e3o da terapia da fala \u00e9 realizada por um terapeuta da fala, e permite uma revis\u00e3o da mem\u00f3ria e da reabilita\u00e7\u00e3o cognitiva.","breadcrumb":{"@id":"https:\/\/www.dynseo.com\/pt-pt\/o-balance-ortofonico-do-adulto\/#breadcrumb"},"inLanguage":"pt-PT","potentialAction":[{"@type":"ReadAction","target":["https:\/\/www.dynseo.com\/pt-pt\/o-balance-ortofonico-do-adulto\/"]}]},{"@type":"ImageObject","inLanguage":"pt-PT","@id":"https:\/\/www.dynseo.com\/pt-pt\/o-balance-ortofonico-do-adulto\/#primaryimage","url":"https:\/\/www.dynseo.com\/wp-content\/uploads\/2021\/01\/dynseo-elderly-brain-game-games-activities-for-seniors-cognitive-games-activities-statistic-stats-handicap-autims-autistic-1.png","contentUrl":"https:\/\/www.dynseo.com\/wp-content\/uploads\/2021\/01\/dynseo-elderly-brain-game-games-activities-for-seniors-cognitive-games-activities-statistic-stats-handicap-autims-autistic-1.png","width":348,"height":243,"caption":"Mantenha a mente ativa com jogos Alzheimer"},{"@type":"BreadcrumbList","@id":"https:\/\/www.dynseo.com\/pt-pt\/o-balance-ortofonico-do-adulto\/#breadcrumb","itemListElement":[{"@type":"ListItem","position":1,"name":"Accueil","item":"https:\/\/www.dynseo.com\/pt-pt\/"},{"@type":"ListItem","position":2,"name":"O balan\u00e7o ortof\u00f4nico do adulto"}]},{"@type":"WebSite","@id":"https:\/\/www.dynseo.com\/pt-pt\/#website","url":"https:\/\/www.dynseo.com\/pt-pt\/","name":"Jeux de m\u00e9moire et stimulation cognitive","description":"Entra\u00eenez votre m\u00e9moire et votre cerveau avec DYNSEO","publisher":{"@id":"https:\/\/www.dynseo.com\/pt-pt\/#organization"},"potentialAction":[{"@type":"SearchAction","target":{"@type":"EntryPoint","urlTemplate":"https:\/\/www.dynseo.com\/pt-pt\/?s={search_term_string}"},"query-input":{"@type":"PropertyValueSpecification","valueRequired":true,"valueName":"search_term_string"}}],"inLanguage":"pt-PT"},{"@type":"Organization","@id":"https:\/\/www.dynseo.com\/pt-pt\/#organization","name":"DYNSEO","url":"https:\/\/www.dynseo.com\/pt-pt\/","logo":{"@type":"ImageObject","inLanguage":"pt-PT","@id":"https:\/\/www.dynseo.com\/pt-pt\/#\/schema\/logo\/image\/","url":"https:\/\/www.dynseo.com\/wp-content\/uploads\/2022\/05\/logo-dynseo-new.png","contentUrl":"https:\/\/www.dynseo.com\/wp-content\/uploads\/2022\/05\/logo-dynseo-new.png","width":5073,"height":1397,"caption":"DYNSEO"},"image":{"@id":"https:\/\/www.dynseo.com\/pt-pt\/#\/schema\/logo\/image\/"}},{"@type":"Person","@id":"https:\/\/www.dynseo.com\/pt-pt\/#\/schema\/person\/78ef63df2ee64e0989bc68f8401b38d6","name":"DYNSEO","url":"https:\/\/www.dynseo.com\/pt-pt\/author\/justine\/"}]}},"_links":{"self":[{"href":"https:\/\/www.dynseo.com\/pt-pt\/wp-json\/wp\/v2\/posts\/69724","targetHints":{"allow":["GET"]}}],"collection":[{"href":"https:\/\/www.dynseo.com\/pt-pt\/wp-json\/wp\/v2\/posts"}],"about":[{"href":"https:\/\/www.dynseo.com\/pt-pt\/wp-json\/wp\/v2\/types\/post"}],"author":[{"embeddable":true,"href":"https:\/\/www.dynseo.com\/pt-pt\/wp-json\/wp\/v2\/users\/4"}],"replies":[{"embeddable":true,"href":"https:\/\/www.dynseo.com\/pt-pt\/wp-json\/wp\/v2\/comments?post=69724"}],"version-history":[{"count":34,"href":"https:\/\/www.dynseo.com\/pt-pt\/wp-json\/wp\/v2\/posts\/69724\/revisions"}],"predecessor-version":[{"id":523269,"href":"https:\/\/www.dynseo.com\/pt-pt\/wp-json\/wp\/v2\/posts\/69724\/revisions\/523269"}],"wp:featuredmedia":[{"embeddable":true,"href":"https:\/\/www.dynseo.com\/pt-pt\/wp-json\/wp\/v2\/media\/301729"}],"wp:attachment":[{"href":"https:\/\/www.dynseo.com\/pt-pt\/wp-json\/wp\/v2\/media?parent=69724"}],"wp:term":[{"taxonomy":"category","embeddable":true,"href":"https:\/\/www.dynseo.com\/pt-pt\/wp-json\/wp\/v2\/categories?post=69724"},{"taxonomy":"post_tag","embeddable":true,"href":"https:\/\/www.dynseo.com\/pt-pt\/wp-json\/wp\/v2\/tags?post=69724"}],"curies":[{"name":"wp","href":"https:\/\/api.w.org\/{rel}","templated":true}]}}