{"id":70385,"date":"2025-11-25T23:30:21","date_gmt":"2025-11-25T22:30:21","guid":{"rendered":"https:\/\/www.dynseo.com\/o-que-e-afasia-apos-derrame\/"},"modified":"2026-04-28T22:01:37","modified_gmt":"2026-04-28T20:01:37","slug":"o-que-e-afasia-apos-o-avc","status":"publish","type":"post","link":"https:\/\/www.dynseo.com\/pt-pt\/o-que-e-afasia-apos-o-avc\/","title":{"rendered":"O que \u00e9 afasia ap\u00f3s o AVC?"},"content":{"rendered":"<p>[et_pb_section fb_built=&#8221;1&#8243; _builder_version=&#8221;4.16&#8243; custom_padding=&#8221;0px|0px|0px|0px|false|false&#8221; margin_top=&#8221;0px&#8221; margin_bottom=&#8221;0px&#8221; global_colors_info=&#8221;{}&#8221;][et_pb_row _builder_version=&#8221;4.16&#8243; custom_padding=&#8221;0px|0px|0px|0px|false|false&#8221; margin_top=&#8221;0px&#8221; margin_bottom=&#8221;0px&#8221; column_structure=&#8221;4_4&#8243; global_colors_info=&#8221;{}&#8221;][et_pb_column type=&#8221;4_4&#8243; _builder_version=&#8221;4.16&#8243; custom_padding=&#8221;0px|0px|0px|0px|false|false&#8221; global_colors_info=&#8221;{}&#8221;][et_pb_code _builder_version=&#8221;4.16&#8243; custom_padding=&#8221;0px|0px|0px|0px|false|false&#8221; global_colors_info=&#8221;{}&#8221;]<\/p>\n<style>\n        :root {\n            --primary-blue: #5e5ed7;\n            --dark-blue: #5268c9;\n            --teal: #a9e2e4;\n            --yellow: #ffeca7;\n            --pink: #e73469;\n            --white: #ffffff;\n            --light-gray: #f8f9fa;\n            --dark-gray: #2c3e50;\n            --text-gray: #666;\n        }<\/p>\n<p>        * {\n            margin: 0;\n            padding: 0;\n            box-sizing: border-box;\n        }<\/p>\n<p>        body {\n            font-family: 'Poppins', sans-serif;\n            line-height: 1.6;\n            color: var(--dark-gray);\n        }<\/p>\n<p>        .article-hero {\n            background: linear-gradient(135deg, var(--primary-blue) 0%, var(--dark-blue) 100%);\n            color: white;\n            padding: 60px 20px 120px;\n            position: relative;\n            overflow: hidden;\n        }<\/p>\n<p>        .article-hero-inner {\n            max-width: 1200px;\n            margin: 0 auto;\n            position: relative;\n            z-index: 2;\n        }<\/p>\n<p>        .article-breadcrumb {\n            margin-bottom: 20px;\n            font-size: 14px;\n            opacity: 0.9;\n        }<\/p>\n<p>        .article-breadcrumb a {\n            color: white;\n            text-decoration: none;\n        }<\/p>\n<p>        .article-category {\n            display: inline-block;\n            background: var(--pink);\n            color: white;\n            padding: 8px 16px;\n            border-radius: 20px;\n            font-size: 14px;\n            font-weight: 600;\n            margin-bottom: 20px;\n        }<\/p>\n<p>        .article-hero h1 {\n            font-family: 'Montserrat', sans-serif;\n            font-size: 48px;\n            font-weight: 700;\n            margin-bottom: 20px;\n            line-height: 1.2;\n        }<\/p>\n<p>        .hl {\n            background: linear-gradient(120deg, var(--yellow) 0%, var(--teal) 100%);\n            color: var(--dark-blue);\n            padding: 4px 8px;\n            border-radius: 6px;\n        }<\/p>\n<p>        .article-meta {\n            display: flex;\n            gap: 30px;\n            margin-bottom: 30px;\n            flex-wrap: wrap;\n        }<\/p>\n<p>        .article-meta span {\n            display: flex;\n            align-items: center;\n            gap: 8px;\n            font-size: 16px;\n        }<\/p>\n<p>        .stars {\n            color: var(--yellow);\n            font-size: 20px;\n        }<\/p>\n<p>        .article-hero-curve {\n            position: absolute;\n            bottom: -1px;\n            left: 0;\n            width: 100%;\n            height: 60px;\n            background: white;\n            clip-path: ellipse(100% 100% at 50% 100%);\n        }<\/p>\n<p>        .article-body {\n            background: white;\n            position: relative;\n            z-index: 3;\n        }<\/p>\n<p>        .container {\n            max-width: 1200px;\n            margin: 0 auto;\n            padding: 0 20px;\n        }<\/p>\n<p>        .intro-block {\n            background: var(--light-gray);\n            padding: 40px;\n            border-radius: 20px;\n            margin: -40px 0 60px;\n            border-left: 6px solid var(--primary-blue);\n            font-size: 18px;\n            line-height: 1.8;\n        }<\/p>\n<p>        .stats-grid {\n            display: grid;\n            grid-template-columns: repeat(auto-fit, minmax(250px, 1fr));\n            gap: 30px;\n            margin: 60px 0;\n        }<\/p>\n<p>        .stat-card {\n            background: white;\n            padding: 30px;\n            border-radius: 15px;\n            text-align: center;\n            box-shadow: 0 10px 30px rgba(0,0,0,0.1);\n            border-top: 4px solid var(--primary-blue);\n        }<\/p>\n<p>        .stat-card .number {\n            font-family: 'Montserrat', sans-serif;\n            font-size: 42px;\n            font-weight: 700;\n            color: var(--primary-blue);\n            display: block;\n        }<\/p>\n<p>        .stat-card .label {\n            font-size: 16px;\n            color: var(--text-gray);\n            margin-top: 10px;\n        }<\/p>\n<p>        .article-body h2 {\n            font-family: 'Montserrat', sans-serif;\n            font-size: 32px;\n            color: var(--dark-blue);\n            margin: 60px 0 30px;\n            position: relative;\n            padding-left: 40px;\n        }<\/p>\n<p>        .article-body h2::before {\n            content: '';\n            position: absolute;\n            left: 0;\n            top: 50%;\n            transform: translateY(-50%);\n            width: 6px;\n            height: 40px;\n            background: linear-gradient(135deg, var(--primary-blue), var(--teal));\n            border-radius: 3px;\n        }<\/p>\n<p>        .article-body h3 {\n            font-family: 'Montserrat', sans-serif;\n            font-size: 24px;\n            color: var(--dark-blue);\n            margin: 40px 0 20px;\n        }<\/p>\n<p>        .article-body p {\n            margin-bottom: 20px;\n            font-size: 16px;\n            line-height: 1.8;\n        }<\/p>\n<p>        .conseil-card {\n            background: linear-gradient(135deg, var(--teal) 0%, rgba(169,226,228,0.3) 100%);\n            padding: 30px;\n            border-radius: 15px;\n            margin: 30px 0;\n            border-left: 6px solid var(--primary-blue);\n        }<\/p>\n<p>        .conseil-card h3 {\n            color: var(--dark-blue);\n            margin-bottom: 15px;\n        }<\/p>\n<p>        .key-points {\n            background: var(--light-gray);\n            padding: 25px;\n            border-radius: 12px;\n            margin: 25px 0;\n        }<\/p>\n<p>        .key-points ul {\n            list-style: none;\n            padding-left: 0;\n        }<\/p>\n<p>        .key-points li {\n            padding: 10px 0;\n            padding-left: 30px;\n            position: relative;\n        }<\/p>\n<p>        .key-points li::before {\n            content: '\u2713';\n            position: absolute;\n            left: 0;\n            top: 10px;\n            color: var(--primary-blue);\n            font-weight: bold;\n            font-size: 18px;\n        }<\/p>\n<p>        .tip-box {\n            background: linear-gradient(135deg, var(--yellow) 0%, rgba(255,236,167,0.3) 100%);\n            padding: 25px;\n            border-radius: 12px;\n            margin: 25px 0;\n            position: relative;\n        }<\/p>\n<p>        .tip-box-label {\n            background: var(--pink);\n            color: white;\n            padding: 8px 16px;\n            border-radius: 20px;\n            font-size: 14px;\n            font-weight: 600;\n            display: inline-block;\n            margin-bottom: 15px;\n        }<\/p>\n<p>        .expert-box {\n            background: white;\n            border: 2px solid var(--primary-blue);\n            border-radius: 15px;\n            padding: 0;\n            margin: 30px 0;\n            overflow: hidden;\n        }<\/p>\n<p>        .expert-box-label {\n            background: var(--primary-blue);\n            color: white;\n            padding: 15px 25px;\n            font-weight: 600;\n            margin: 0;\n        }<\/p>\n<p>        .expert-box-title {\n            color: var(--dark-blue);\n            font-size: 20px;\n            margin: 0;\n        }<\/p>\n<p>        .expert-inner {\n            padding: 25px;\n        }<\/p>\n<p>        .expert-inner-title {\n            font-family: 'Montserrat', sans-serif;\n            color: var(--dark-blue);\n            font-size: 18px;\n            margin-bottom: 15px;\n        }<\/p>\n<p>        .faq-list {\n            margin: 60px 0;\n        }<\/p>\n<p>        .faq-item {\n            background: white;\n            border-radius: 12px;\n            margin-bottom: 15px;\n            box-shadow: 0 5px 15px rgba(0,0,0,0.1);\n            overflow: hidden;\n        }<\/p>\n<p>        .faq-q {\n            padding: 25px;\n            cursor: pointer;\n            display: flex;\n            justify-content: space-between;\n            align-items: center;\n            background: var(--light-gray);\n            font-weight: 600;\n            color: var(--dark-blue);\n        }<\/p>\n<p>        .faq-icon {\n            background: var(--primary-blue);\n            color: white;\n            width: 30px;\n            height: 30px;\n            border-radius: 50%;\n            display: flex;\n            align-items: center;\n            justify-content: center;\n            font-weight: bold;\n            transition: transform 0.3s ease;\n        }<\/p>\n<p>        .faq-item.open .faq-icon {\n            transform: rotate(45deg);\n        }<\/p>\n<p>        .faq-a {\n            padding: 0 25px;\n            max-height: 0;\n            overflow: hidden;\n            transition: max-height 0.3s ease, padding 0.3s ease;\n        }<\/p>\n<p>        .faq-item.open .faq-a {\n            padding: 25px;\n            max-height: 1000px;\n        }<\/p>\n<p>        .cta-box {\n            background: linear-gradient(135deg, var(--primary-blue) 0%, var(--dark-blue) 100%);\n            color: white;\n            padding: 50px;\n            border-radius: 20px;\n            text-align: center;\n            margin: 60px 0;\n        }<\/p>\n<p>        .cta-box h3 {\n            font-family: 'Montserrat', sans-serif;\n            font-size: 28px;\n            margin-bottom: 20px;\n        }<\/p>\n<p>        .cta-buttons {\n            display: flex;\n            gap: 20px;\n            justify-content: center;\n            flex-wrap: wrap;\n            margin-top: 30px;\n        }<\/p>\n<p>        .btn-white {\n            background: white;\n            color: var(--primary-blue);\n            padding: 15px 30px;\n            border-radius: 25px;\n            text-decoration: none;\n            font-weight: 600;\n            transition: transform 0.3s ease;\n        }<\/p>\n<p>        .btn-white:hover {\n            transform: translateY(-2px);\n        }<\/p>\n<p>        .btn-outline {\n            background: transparent;\n            color: white;\n            border: 2px solid white;\n            padding: 15px 30px;\n            border-radius: 25px;\n            text-decoration: none;\n            font-weight: 600;\n            transition: all 0.3s ease;\n        }<\/p>\n<p>        .btn-outline:hover {\n            background: white;\n            color: var(--primary-blue);\n        }<\/p>\n<p>        .article-tags {\n            margin: 60px 0;\n            padding-top: 30px;\n            border-top: 2px solid var(--light-gray);\n        }<\/p>\n<p>        .article-tag {\n            display: inline-block;\n            background: var(--light-gray);\n            color: var(--dark-blue);\n            padding: 8px 16px;\n            border-radius: 20px;\n            margin: 5px;\n            text-decoration: none;\n            font-size: 14px;\n            transition: background 0.3s ease;\n        }<\/p>\n<p>        .article-tag:hover {\n            background: var(--teal);\n        }<\/p>\n<p>        @media (max-width: 768px) {\n            .article-hero h1 {\n                font-size: 32px;\n            }<\/p>\n<p>            .article-meta {\n                flex-direction: column;\n                gap: 15px;\n            }<\/p>\n<p>            .stats-grid {\n                grid-template-columns: 1fr;\n            }<\/p>\n<p>            .intro-block {\n                padding: 25px;\n                margin: -20px 0 40px;\n            }<\/p>\n<p>            .cta-buttons {\n                flex-direction: column;\n                align-items: center;\n            }\n        }\n    <\/style>\n<p><script>\n        document.querySelectorAll('.faq-q').forEach(function(button) {\n            button.addEventListener('click', function() {\n                button.closest('.faq-item').classList.toggle('open');\n            });\n        });\n    <\/script><br \/>\n<script type=\"application\/ld+json\">\n{\n  \"@context\": \"https:\/\/schema.org\",\n  \"@graph\": [\n    {\n      \"@type\": \"Article\",\n      \"headline\": \"Qu'est-ce que l'aphasie apr\u00e8s l'AVC ?\",\n      \"description\": \"\ud83d\udcc5 Avril 2026 \u23f1\ufe0f 15 min de lecture \ud83d\udc65 Patients, familles, aidants \u2b50\u2b50\u2b50\u2b50\u2b50 4.8\/5\",\n      \"url\": \"https:\/\/www.dynseo.com\/quest-ce-que-laphasie-apres-lavc\/\",\n      \"datePublished\": \"2026-04-07\",\n      \"dateModified\": \"2026-04-07\",\n      \"author\": {\n        \"@type\": \"Organization\",\n        \"name\": \"DYNSEO\",\n        \"url\": \"https:\/\/www.dynseo.com\"\n      },\n      \"publisher\": {\n        \"@type\": \"Organization\",\n        \"name\": \"DYNSEO\",\n        \"url\": \"https:\/\/www.dynseo.com\",\n        \"logo\": {\n          \"@type\": \"ImageObject\",\n          \"url\": \"https:\/\/www.dynseo.com\/wp-content\/uploads\/2020\/01\/dynseo-logo.png\"\n        }\n      },\n      \"image\": {\n        \"@type\": \"ImageObject\",\n        \"url\": \"https:\/\/www.dynseo.com\/wp-content\/uploads\/2026\/04\/aphasie-avc-dynseo.jpg\",\n        \"width\": 1200,\n        \"height\": 630\n      },\n      \"aggregateRating\": {\n        \"@type\": \"AggregateRating\",\n        \"ratingValue\": \"4.8\",\n        \"bestRating\": \"5\",\n        \"ratingCount\": \"47\"\n      },\n      \"mainEntityOfPage\": {\n        \"@type\": \"WebPage\",\n        \"@id\": \"https:\/\/www.dynseo.com\/quest-ce-que-laphasie-apres-lavc\/\"\n      }\n    },\n    {\n      \"@type\": \"WebPage\",\n      \"@id\": \"https:\/\/www.dynseo.com\/quest-ce-que-laphasie-apres-lavc\/\",\n      \"url\": \"https:\/\/www.dynseo.com\/quest-ce-que-laphasie-apres-lavc\/\",\n      \"name\": \"Qu'est-ce que l'aphasie apr\u00e8s l'AVC ?\",\n      \"description\": \"\ud83d\udcc5 Avril 2026 \u23f1\ufe0f 15 min de lecture \ud83d\udc65 Patients, familles, aidants \u2b50\u2b50\u2b50\u2b50\u2b50 4.8\/5\",\n      \"isPartOf\": {\n        \"@type\": \"WebSite\",\n        \"name\": \"DYNSEO\",\n        \"url\": \"https:\/\/www.dynseo.com\"\n      },\n      \"breadcrumb\": {\n        \"@type\": \"BreadcrumbList\",\n        \"itemListElement\": [\n          {\n            \"@type\": \"ListItem\",\n            \"position\": 1,\n            \"name\": \"Accueil\",\n            \"item\": \"https:\/\/www.dynseo.com\"\n          },\n          {\n            \"@type\": \"ListItem\",\n            \"position\": 2,\n            \"name\": \"Blog\",\n            \"item\": \"https:\/\/www.dynseo.com\/blog\"\n          },\n          {\n            \"@type\": \"ListItem\",\n            \"position\": 3,\n            \"name\": \"Qu'est-ce que l'aphasie apr\u00e8s l'AVC ?\",\n            \"item\": \"https:\/\/www.dynseo.com\/quest-ce-que-laphasie-apres-lavc\/\"\n          }\n        ]\n      }\n    },\n    {\n      \"@type\": \"FAQPage\",\n      \"mainEntity\": [\n        {\n          \"@type\": \"Question\",\n          \"name\": \"Combien de temps dure la r\u00e9cup\u00e9ration de l'aphasie apr\u00e8s un AVC ?\",\n          \"acceptedAnswer\": {\n            \"@type\": \"Answer\",\n            \"text\": \"La r\u00e9cup\u00e9ration de l'aphasie apr\u00e8s un AVC varie consid\u00e9rablement d'une personne \u00e0 l'autre. Les progr\u00e8s les plus significatifs se produisent g\u00e9n\u00e9ralement dans les 6 premiers mois, mais l'am\u00e9lioration peut continuer pendant des ann\u00e9es avec une r\u00e9\u00e9ducation appropri\u00e9e et r\u00e9guli\u00e8re.\"\n          }\n        },\n        {\n          \"@type\": \"Question\",\n          \"name\": \"Comment distinguer l'aphasie d'autres troubles du langage ?\",\n          \"acceptedAnswer\": {\n            \"@type\": \"Answer\",\n            \"text\": \"L'aphasie se distingue par sa cause neurologique sp\u00e9cifique (l\u00e9sion c\u00e9r\u00e9brale) et affecte la compr\u00e9hension et\/ou l'expression du langage. Contrairement \u00e0 la dysarthrie qui touche l'articulation, ou aux troubles de la voix, l'aphasie impacte le traitement m\u00eame du langage au niveau c\u00e9r\u00e9bral.\"\n          }\n        },\n        {\n          \"@type\": \"Question\",\n          \"name\": \"Quels sont les outils technologiques les plus efficaces pour l'aphasie ?\",\n          \"acceptedAnswer\": {\n            \"@type\": \"Answer\",\n            \"text\": \"Les applications de r\u00e9\u00e9ducation cognitive comme DYNSEO, les logiciels de communication assist\u00e9e, les tablettes avec pictogrammes, et les outils de synth\u00e8se vocale sont particuli\u00e8rement efficaces. Ces technologies permettent un entra\u00eenement personnalis\u00e9 et adapt\u00e9 au niveau de chaque patient.\"\n          }\n        }\n      ]\n    }\n  ]\n}\n<\/script>\n<link href=\"https:\/\/fonts.googleapis.com\/css2?family=Montserrat:wght@400;600;700&#038;family=Poppins:wght@300;400;500;600&#038;display=swap\" rel=\"stylesheet\">\n<section class=\"article-hero\">\n<div class=\"article-hero-inner\">\n<nav class=\"article-breadcrumb\">\n                <a href=\"\/\">In\u00edcio<\/a> \u203a <a href=\"\/blog\">Blog<\/a> \u203a Afasia ap\u00f3s AVC<br \/>\n            <\/nav>\n<p>            <span class=\"article-category\">Reabilita\u00e7\u00e3o cognitiva<\/span><\/p>\n<h1>O que \u00e9 <span class=\"hl\">a afasia ap\u00f3s o AVC<\/span> ? Guia completo de manejo<\/h1>\n<div class=\"article-meta\">\n                <span>\ud83d\udcc5 Abril 2026<\/span><br \/>\n                <span>\u23f1\ufe0f 15 min de leitura<\/span><br \/>\n                <span>\ud83d\udc65 Pacientes, fam\u00edlias, cuidadores<\/span><br \/>\n                <span class=\"stars\">\u2b50\u2b50\u2b50\u2b50\u2b50 4.8\/5<\/span>\n            <\/div>\n<\/p><\/div>\n<div class=\"article-hero-curve\"><\/div>\n<\/section>\n<div class=\"article-body\">\n<div class=\"container\">\n<div class=\"intro-block\">\n                A afasia representa um dos principais desafios enfrentados pelos pacientes e seus familiares ap\u00f3s um acidente vascular cerebral (AVC). Essa les\u00e3o da linguagem afeta milh\u00f5es de pessoas no mundo, transformando radicalmente sua capacidade de se comunicar e manter suas rela\u00e7\u00f5es sociais. Compreender os mecanismos da afasia, suas diferentes manifesta\u00e7\u00f5es e as solu\u00e7\u00f5es de reabilita\u00e7\u00e3o dispon\u00edveis \u00e9 um desafio fundamental para otimizar a recupera\u00e7\u00e3o. Nosso guia especializado o acompanha nesse processo, fornecendo as chaves essenciais para navegar neste percurso de reconstru\u00e7\u00e3o lingu\u00edstica. Descubra como as inova\u00e7\u00f5es tecnol\u00f3gicas, especialmente com <a href=\"https:\/\/www.dynseo.com\/pt-pt\/coco-pensa-e-coco-se-mexe\/\" style=\"color: #5e5ed7; font-weight: 600;\">COCO PENSA e COCO SE MEXE<\/a>, revolucionam a abordagem terap\u00eautica moderna.\n            <\/div>\n<div class=\"stats-grid\">\n<div class=\"stat-card\">\n                    <span class=\"number\">30%<\/span><\/p>\n<div class=\"label\">dos pacientes p\u00f3s-AVC desenvolvem afasia<\/div>\n<\/p><\/div>\n<div class=\"stat-card\">\n                    <span class=\"number\">85%<\/span><\/p>\n<div class=\"label\">de recupera\u00e7\u00e3o poss\u00edvel com reabilita\u00e7\u00e3o precoce<\/div>\n<\/p><\/div>\n<div class=\"stat-card\">\n                    <span class=\"number\">4<\/span><\/p>\n<div class=\"label\">tipos principais de afasia identificados<\/div>\n<\/p><\/div>\n<div class=\"stat-card\">\n                    <span class=\"number\">2M<\/span><\/p>\n<div class=\"label\">de pessoas afetadas na Fran\u00e7a<\/div>\n<\/p><\/div>\n<\/p><\/div>\n<h2>1. Compreender a afasia: defini\u00e7\u00e3o e mecanismos neurol\u00f3gicos<\/h2>\n<pee>A afasia \u00e9 definida como um dist\u00farbio adquirido da linguagem resultante de uma les\u00e3o cerebral, mais frequentemente consequ\u00eancia de um acidente vascular cerebral. Essa les\u00e3o neurol\u00f3gica afeta especificamente as \u00e1reas do c\u00e9rebro dedicadas ao processamento lingu\u00edstico, perturbando assim a capacidade de compreender, produzir, ler ou escrever a linguagem. Ao contr\u00e1rio de uma simples dificuldade de fala, a afasia atinge os mecanismos cognitivos profundos que sustentam nossa capacidade de comunica\u00e7\u00e3o.<\/pee>\n<pee>As \u00e1reas cerebrais envolvidas na linguagem est\u00e3o localizadas principalmente no hemisf\u00e9rio esquerdo do c\u00e9rebro na maioria da popula\u00e7\u00e3o. A \u00e1rea de Broca, localizada no lobo frontal, governa a produ\u00e7\u00e3o da linguagem e a formula\u00e7\u00e3o de frases. A \u00e1rea de Wernicke, situada no lobo temporal, controla a compreens\u00e3o e a interpreta\u00e7\u00e3o das palavras ouvidas. Essas duas regi\u00f5es interconectadas formam uma rede complexa que orquestra nossas capacidades lingu\u00edsticas no dia a dia.<\/pee>\n<pee>Quando um AVC ocorre e danifica essas \u00e1reas cr\u00edticas, as consequ\u00eancias na comunica\u00e7\u00e3o podem ser dram\u00e1ticas e variadas. A natureza e a extens\u00e3o dos sintomas dependem diretamente da localiza\u00e7\u00e3o precisa e da magnitude das les\u00f5es cerebrais. Essa complexidade explica por que cada paciente af\u00e1sico apresenta um perfil \u00fanico de dificuldades, necessitando de uma abordagem personalizada para o manejo terap\u00eautico.<\/pee>\n<div class=\"conseil-card\">\n<h3>Conselho de especialista DYNSEO<\/h3>\n<pee>Uma avalia\u00e7\u00e3o neuropsicol\u00f3gica completa nas primeiras semanas ap\u00f3s o AVC permite determinar precisamente o tipo de afasia e orientar eficazmente o programa de reabilita\u00e7\u00e3o. Esta etapa diagn\u00f3stica condiciona amplamente as chances de recupera\u00e7\u00e3o funcional.<\/pee>\n            <\/div>\n<div class=\"key-points\">\n<h3>Pontos-chave a reter<\/h3>\n<ul>\n<li>A afasia resulta de les\u00f5es nas \u00e1reas cerebrais da linguagem<\/li>\n<li>Cada paciente apresenta um perfil sintom\u00e1tico \u00fanico<\/li>\n<li>O diagn\u00f3stico precoce otimiza as estrat\u00e9gias terap\u00eauticas<\/li>\n<li>A plasticidade cerebral oferece possibilidades de recupera\u00e7\u00e3o<\/li>\n<\/ul><\/div>\n<h2>2. Tipos de afasia: classifica\u00e7\u00e3o e caracter\u00edsticas cl\u00ednicas<\/h2>\n<pee>A classifica\u00e7\u00e3o da afasia baseia-se na an\u00e1lise das capacidades preservadas e alteradas em diferentes dom\u00ednios lingu\u00edsticos. Neurologistas e fonoaudi\u00f3logos distinguem principalmente quatro grandes tipos de afasia, cada um correspondendo a padr\u00f5es de les\u00f5es cerebrais espec\u00edficos. Esta tipologia orienta a elabora\u00e7\u00e3o dos protocolos terap\u00eauticos e permite \u00e0s fam\u00edlias compreender melhor os desafios que seu ente querido enfrenta.<\/pee>\n<pee>A afasia de Broca, tamb\u00e9m chamada de afasia de express\u00e3o, caracteriza-se por uma compreens\u00e3o relativamente preservada, mas uma produ\u00e7\u00e3o verbal laboriosa e reduzida. Os pacientes geralmente compreendem o que lhes \u00e9 dito, mas t\u00eam dificuldade em formular seus pensamentos em palavras. Sua express\u00e3o limita-se frequentemente a algumas palavras-chave, pronunciadas com esfor\u00e7o e acompanhadas de frustra\u00e7\u00e3o vis\u00edvel. Esta forma de afasia resulta de les\u00f5es na \u00e1rea de Broca, localizada no lobo frontal esquerdo.<\/pee>\n<pee>A afasia de Wernicke apresenta um perfil inverso: a produ\u00e7\u00e3o verbal permanece fluida, at\u00e9 mesmo abundante, mas a compreens\u00e3o est\u00e1 severamente alterada. Os pacientes se expressam com um ritmo normal, mas frequentemente usam palavras inadequadas ou inventadas, criando o que os especialistas chamam de &#8220;salada de palavras&#8221;. Esta dissocia\u00e7\u00e3o entre produ\u00e7\u00e3o e compreens\u00e3o torna a comunica\u00e7\u00e3o particularmente complexa para o entorno.<\/pee>\n<div class=\"expert-box\">\n<div class=\"expert-box-label\">Especializa\u00e7\u00e3o neurol\u00f3gica<\/div>\n<div class=\"expert-inner\">\n<h3 class=\"expert-inner-title\">Diagn\u00f3stico diferencial das afasias<\/h3>\n<pee>A afasia de condu\u00e7\u00e3o manifesta-se por dificuldades de repeti\u00e7\u00e3o, apesar de uma compreens\u00e3o e express\u00e3o relativamente preservadas. A afasia global, por sua vez, altera simultaneamente todos os aspectos da linguagem, representando a forma mais severa desses dist\u00farbios. O uso de ferramentas de avalia\u00e7\u00e3o padronizadas como <a href=\"https:\/\/www.dynseo.com\/pt-pt\/coco-pensa-e-coco-se-mexe\/\" style=\"color: #5e5ed7;\">COCO PENSA<\/a> pode complementar utilmente a avalia\u00e7\u00e3o fonoaudiol\u00f3gica tradicional.<\/pee>\n                <\/div>\n<\/p><\/div>\n<div class=\"tip-box\">\n                <span class=\"tip-box-label\">Conselho pr\u00e1tico<\/span>\n                <pee>Observe atentamente as capacidades preservadas de seu ente querido: mesmo na afasia severa, algumas compet\u00eancias lingu\u00edsticas podem ser mantidas e constituir pontos de apoio para a reabilita\u00e7\u00e3o.<\/pee>\n            <\/div>\n<h2>3. Fatores de risco e popula\u00e7\u00f5es afetadas<\/h2>\n<pee>A identifica\u00e7\u00e3o dos fatores de risco de afasia p\u00f3s-AVC reveste-se de import\u00e2ncia capital para a preven\u00e7\u00e3o e o manejo precoce. A idade constitui indiscutivelmente o fator preditivo mais significativo, com uma incid\u00eancia que aumenta exponencialmente ap\u00f3s os 65 anos. Essa correla\u00e7\u00e3o se explica pela vulnerabilidade aumentada do sistema vascular cerebral e pela diminui\u00e7\u00e3o das capacidades de recupera\u00e7\u00e3o neuropl\u00e1stica com o avan\u00e7o da idade.<\/pee>\n<pee>No entanto, a afasia n\u00e3o se limita \u00e0s popula\u00e7\u00f5es geri\u00e1tricas. Adultos jovens e at\u00e9 crian\u00e7as podem desenvolver dist\u00farbios af\u00e1sicos em decorr\u00eancia de diversas patologias: traumas cranianos, tumores cerebrais, encefalites ou malforma\u00e7\u00f5es vasculares. Na crian\u00e7a, a plasticidade cerebral excepcional geralmente oferece melhores perspectivas de recupera\u00e7\u00e3o, embora sequelas possam persistir dependendo da gravidade e da localiza\u00e7\u00e3o das les\u00f5es.<\/pee>\n<pee>Os fatores de risco cardiovascular tradicionais tamb\u00e9m predisp\u00f5em \u00e0 afasia: hipertens\u00e3o arterial, diabetes, dislipidemias, tabagismo e sedentarismo. Essas condi\u00e7\u00f5es patol\u00f3gicas favorecem a aterosclerose e aumentam o risco de acidentes vasculares cerebrais. A preven\u00e7\u00e3o prim\u00e1ria por meio da modifica\u00e7\u00e3o dos h\u00e1bitos de vida representa, portanto, um desafio de sa\u00fade p\u00fablica importante para reduzir a incid\u00eancia da afasia.<\/pee>\n<div class=\"conseil-card\">\n<h3>Preven\u00e7\u00e3o e rastreamento<\/h3>\n<pee>Um acompanhamento m\u00e9dico regular incluindo a vigil\u00e2ncia dos fatores de risco cardiovascular permite reduzir significativamente as chances de desenvolver um AVC. O reconhecimento precoce dos sinais de alerta (dist\u00farbios s\u00fabitos da fala, da compreens\u00e3o) justifica uma interven\u00e7\u00e3o de emerg\u00eancia otimizando as chances de recupera\u00e7\u00e3o.<\/pee>\n            <\/div>\n<h2>4. Estrat\u00e9gias de comunica\u00e7\u00e3o com uma pessoa af\u00e1sica<\/h2>\n<pee>Comunicar-se efetivamente com uma pessoa af\u00e1sica requer a ado\u00e7\u00e3o de estrat\u00e9gias espec\u00edficas que se adaptam \u00e0s capacidades preservadas e contornam os d\u00e9ficits lingu\u00edsticos. A primeira regra fundamental consiste em manter um ambiente calmo e livre de distra\u00e7\u00f5es, favorecendo assim a concentra\u00e7\u00e3o e reduzindo a ansiedade frequentemente associada \u00e0s tentativas de comunica\u00e7\u00e3o. A ilumina\u00e7\u00e3o apropriada e a elimina\u00e7\u00e3o de ru\u00eddos de fundo criam condi\u00e7\u00f5es \u00f3timas para a troca.<\/pee>\n<pee>A utiliza\u00e7\u00e3o de frases curtas e simples, articuladas lentamente e claramente, facilita grandemente a compreens\u00e3o. Evite formula\u00e7\u00f5es complexas, met\u00e1foras ou express\u00f5es idiom\u00e1ticas que podem confundir a pessoa af\u00e1sica. Priorize perguntas fechadas que exigem respostas de &#8220;sim&#8221; ou &#8220;n\u00e3o&#8221; em vez de questionamentos abertos que exigem uma elabora\u00e7\u00e3o verbal complexa. Essa abordagem reduz a frustra\u00e7\u00e3o e mant\u00e9m um sentimento de sucesso comunicacional.<\/pee>\n<pee>A integra\u00e7\u00e3o de suportes visuais e gestuais enriquece consideravelmente as possibilidades de troca. Aponte para os objetos mencionados, utilize desenhos simples ou fotografias para esclarecer suas palavras. Os gestos naturais que acompanham a fala refor\u00e7am a mensagem e oferecem pistas contextuais valiosas. Essa comunica\u00e7\u00e3o multimodal compensar\u00e1 os d\u00e9ficits lingu\u00edsticos e mant\u00e9m um v\u00ednculo social essencial para o moral do paciente.<\/pee>\n<div class=\"key-points\">\n<h3>T\u00e9cnicas de comunica\u00e7\u00e3o eficazes<\/h3>\n<ul>\n<li>Criar um ambiente calmo e sem distra\u00e7\u00f5es<\/li>\n<li>Utilizar frases curtas com um ritmo lento<\/li>\n<li>Priorizar perguntas fechadas (sim\/n\u00e3o)<\/li>\n<li>Acompanhar a fala com gestos e suportes visuais<\/li>\n<li>Deixar tempo para a formula\u00e7\u00e3o das respostas<\/li>\n<li>Valorizar cada tentativa de comunica\u00e7\u00e3o<\/li>\n<\/ul><\/div>\n<div class=\"expert-box\">\n<div class=\"expert-box-label\">Recomenda\u00e7\u00f5es fonoaudiol\u00f3gicas<\/div>\n<div class=\"expert-inner\">\n<h3 class=\"expert-inner-title\">Otimizar as trocas di\u00e1rias<\/h3>\n<pee>A paci\u00eancia \u00e9 a virtude cardinal no acompanhamento de uma pessoa af\u00e1sica. Dedique o tempo necess\u00e1rio para a formula\u00e7\u00e3o e nunca complete as frases por ela, a menos que haja um pedido expl\u00edcito. Incentive toda tentativa de comunica\u00e7\u00e3o, mesmo que imperfeita, e reformule para confirmar a compreens\u00e3o m\u00fatua.<\/pee>\n                <\/div>\n<\/p><\/div>\n<h2>5. Ferramentas tecnol\u00f3gicas de comunica\u00e7\u00e3o: Meu Dico e solu\u00e7\u00f5es inovadoras<\/h2>\n<pee>A evolu\u00e7\u00e3o tecnol\u00f3gica revolucionou a abordagem da comunica\u00e7\u00e3o alternativa e aumentativa para pessoas af\u00e1sicas. O aplicativo Meu Dico desenvolvido pela DYNSEO ilustra perfeitamente essa inova\u00e7\u00e3o, oferecendo um banco de imagens personaliz\u00e1veis organizadas por categorias tem\u00e1ticas. Essa solu\u00e7\u00e3o permite que os pacientes apontem pictogramas representando suas necessidades, emo\u00e7\u00f5es ou desejos, contornando assim as dificuldades de express\u00e3o verbal.<\/pee>\n<pee>A personaliza\u00e7\u00e3o \u00e9 o principal trunfo do Meu Dico: as fam\u00edlias podem integrar fotografias do ambiente familiar do paciente, criando um vocabul\u00e1rio visual adaptado ao seu cotidiano espec\u00edfico. Essa abordagem individualizada aumenta a efic\u00e1cia comunicacional e mant\u00e9m os la\u00e7os com a hist\u00f3ria pessoal do paciente. A interface intuitiva permite uma r\u00e1pida adapta\u00e7\u00e3o, mesmo por usu\u00e1rios pouco familiarizados com ferramentas digitais.<\/pee>\n<pee>Outras inova\u00e7\u00f5es tecnol\u00f3gicas complementam o arsenal terap\u00eautico: s\u00edntese de voz, reconhecimento gestual, aplicativos de reabilita\u00e7\u00e3o cognitiva como <a href=\"https:\/\/www.dynseo.com\/pt-pt\/coco-pensa-e-coco-se-mexe\/\" style=\"color: #5e5ed7; font-weight: 600;\">COCO PENSA e COCO SE MEXE<\/a>. Essas ferramentas se integram em um ecossistema digital coerente, permitindo um acompanhamento longitudinal dos progressos e a adapta\u00e7\u00e3o cont\u00ednua das estrat\u00e9gias terap\u00eauticas. A tele-reabilita\u00e7\u00e3o tamb\u00e9m abre novas perspectivas para o acompanhamento em casa.<\/pee>\n<div class=\"tip-box\">\n                <span class=\"tip-box-label\">Dica t\u00e9cnica<\/span>\n                <pee>Comece a introduzir gradualmente as ferramentas digitais em paralelo com os m\u00e9todos tradicionais. A familiariza\u00e7\u00e3o gradual favorece a aceita\u00e7\u00e3o e a apropria\u00e7\u00e3o dessas novas modalidades comunicacionais.<\/pee>\n            <\/div>\n<h2>6. Reabilita\u00e7\u00e3o fonoaudiol\u00f3gica: m\u00e9todos e protocolos terap\u00eauticos<\/h2>\n<pee>A reabilita\u00e7\u00e3o fonoaudiol\u00f3gica constitui o pilar central do tratamento da afasia, apoiando-se nos princ\u00edpios da neuroplasticidade para estimular a recupera\u00e7\u00e3o das fun\u00e7\u00f5es lingu\u00edsticas. Esta abordagem terap\u00eautica inicia-se idealmente nas primeiras semanas ap\u00f3s o AVC, per\u00edodo durante o qual a plasticidade cerebral atinge seu potencial m\u00e1ximo. A interven\u00e7\u00e3o precoce otimiza as chances de recupera\u00e7\u00e3o funcional e limita a instala\u00e7\u00e3o de estrat\u00e9gias compensat\u00f3rias inadequadas.<\/pee>\n<pee>Os protocolos terap\u00eauticos se individualizam de acordo com o perfil af\u00e1sico identificado durante a avalia\u00e7\u00e3o inicial. Para a afasia de Broca, os exerc\u00edcios visam a facilita\u00e7\u00e3o da express\u00e3o: t\u00e9cnicas de indica\u00e7\u00e3o, repeti\u00e7\u00e3o r\u00edtmica, terapia mel\u00f3dica e entonativa. Essas abordagens exploram os recursos preservados do hemisf\u00e9rio direito para contornar as \u00e1reas lesionadas. A progress\u00e3o ocorre gradualmente, de palavras isoladas para frases complexas, respeitando o ritmo de aquisi\u00e7\u00e3o do paciente.<\/pee>\n<pee>Na afasia de Wernicke, o foco est\u00e1 na restaura\u00e7\u00e3o da compreens\u00e3o auditiva e escrita. Os exerc\u00edcios de discrimina\u00e7\u00e3o fon\u00eamica, de pareamento palavra-imagem e de compreens\u00e3o de instru\u00e7\u00f5es simples constituem os fundamentos dessa reabilita\u00e7\u00e3o. A corre\u00e7\u00e3o das paraphasias e a reestrutura\u00e7\u00e3o do l\u00e9xico mental necessitam de uma abordagem met\u00f3dica, muitas vezes prolongada por v\u00e1rios meses ou at\u00e9 anos, dependendo da gravidade inicial.<\/pee>\n<div class=\"expert-box\">\n<div class=\"expert-box-label\">Protocolo terap\u00eautico<\/div>\n<div class=\"expert-inner\">\n<h3 class=\"expert-inner-title\">Otimiza\u00e7\u00e3o da reabilita\u00e7\u00e3o<\/h3>\n<pee>A frequ\u00eancia ideal das sess\u00f5es de fonoaudiologia situa-se entre 3 a 5 vezes por semana na fase aguda, com uma dura\u00e7\u00e3o de 45 minutos a 1 hora. A intensidade terap\u00eautica correlaciona-se positivamente com os ganhos funcionais observados. A utiliza\u00e7\u00e3o de ferramentas digitais como <a href=\"https:\/\/www.dynseo.com\/pt-pt\/coco-pensa-e-coco-se-mexe\/\" style=\"color: #5e5ed7;\">COCO PENSA<\/a> pode prolongar o treinamento em casa e refor\u00e7ar as aquisi\u00e7\u00f5es.<\/pee>\n                <\/div>\n<\/p><\/div>\n<h2>7. Abordagens terap\u00eauticas inovadoras e terapias complementares<\/h2>\n<pee>A evolu\u00e7\u00e3o das neuroci\u00eancias enriqueceu o arsenal terap\u00eautico da afasia pela integra\u00e7\u00e3o de abordagens inovadoras que complementam eficazmente a reabilita\u00e7\u00e3o fonoaudiol\u00f3gica tradicional. A terapia mel\u00f3dica e entonativa (TMI) explora as capacidades musicais preservadas para facilitar a produ\u00e7\u00e3o verbal. Esta t\u00e9cnica baseia-se na observa\u00e7\u00e3o de que os pacientes af\u00e1sicos frequentemente conseguem cantar letras que n\u00e3o conseguem pronunciar, revelando a implica\u00e7\u00e3o de redes neuronais alternativas no processamento musical.<\/pee>\n<pee>A estimula\u00e7\u00e3o magn\u00e9tica transcraniana (TMS) representa um avan\u00e7o significativo na neuromodula\u00e7\u00e3o terap\u00eautica. Esta t\u00e9cnica n\u00e3o invasiva permite modular a atividade das \u00e1reas cerebrais envolvidas na linguagem, seja estimulando as regi\u00f5es hipoativas, seja inibindo as \u00e1reas hiperativas que interferem na recupera\u00e7\u00e3o. Os protocolos de TMS repetitiva mostram resultados promissores, particularmente quando associados \u00e0 reabilita\u00e7\u00e3o fonoaudiol\u00f3gica intensiva.<\/pee>\n<pee>A terapia por constri\u00e7\u00e3o induzida da linguagem transp\u00f5e ao dom\u00ednio lingu\u00edstico os princ\u00edpios desenvolvidos para a reabilita\u00e7\u00e3o motora. Esta abordagem for\u00e7a o paciente a utilizar suas capacidades verbais alteradas, limitando o acesso \u00e0s estrat\u00e9gias compensat\u00f3rias n\u00e3o verbais. A intensidade desta terapia, praticada v\u00e1rias horas por dia durante per\u00edodos concentrados, favorece a neuroplasticidade e acelera os processos de recupera\u00e7\u00e3o funcional.<\/pee>\n<div class=\"conseil-card\">\n<h3>Terapias complementares<\/h3>\n<pee>A arteterapia, a musicoterapia e as atividades criativas estimulam as capacidades expressivas por vias alternativas. Essas abordagens reduzem a ansiedade relacionada aos dist\u00farbios do linguagem e mant\u00eam a autoestima, fatores cruciais para a motiva\u00e7\u00e3o terap\u00eautica a longo prazo.<\/pee>\n            <\/div>\n<h2>8. Acompanhamento familiar e apoio psicossocial<\/h2>\n<pee>O acompanhamento familiar constitui um determinante maior do sucesso terap\u00eautico na abordagem da afasia. Os familiares desempenham um papel central n\u00e3o apenas como parceiros de comunica\u00e7\u00e3o no dia a dia, mas tamb\u00e9m como apoios emocionais diante dos desafios psicol\u00f3gicos inerentes a esses dist\u00farbios. A forma\u00e7\u00e3o dos cuidadores nas t\u00e9cnicas de comunica\u00e7\u00e3o adaptada otimiza o ambiente lingu\u00edstico do paciente e favorece sua reintegra\u00e7\u00e3o social progressiva.<\/pee>\n<pee>O impacto psicol\u00f3gico da afasia sobre o paciente e seu entorno necessita de um atendimento especializado. A perda s\u00fabita das capacidades comunicativas gera frequentemente epis\u00f3dios depressivos, ansiedade e um sentimento de isolamento social. O acompanhamento psicol\u00f3gico ajuda na aceita\u00e7\u00e3o da defici\u00eancia e no desenvolvimento de estrat\u00e9gias de adapta\u00e7\u00e3o. Os grupos de fala reunindo pacientes e fam\u00edlias criam um espa\u00e7o de troca e apoio m\u00fatuo particularmente ben\u00e9fico.<\/pee>\n<pee>A reabilita\u00e7\u00e3o social progressiva baseia-se em atividades estruturadas que restauram a confian\u00e7a em si mesmo e mant\u00eam os la\u00e7os sociais. Os ateli\u00eas de comunica\u00e7\u00e3o, as sa\u00eddas acompanhadas e as atividades em grupo permitem uma exposi\u00e7\u00e3o gradual \u00e0s situa\u00e7\u00f5es de comunica\u00e7\u00e3o real. Essa abordagem ecol\u00f3gica prepara o retorno \u00e0 autonomia e previne o isolamento social, complica\u00e7\u00e3o frequente da afasia cr\u00f4nica.<\/pee>\n<div class=\"key-points\">\n<h3>Papel do entorno<\/h3>\n<ul>\n<li>Forma\u00e7\u00e3o em t\u00e9cnicas de comunica\u00e7\u00e3o adaptada<\/li>\n<li>Manuten\u00e7\u00e3o de um ambiente estimulante e acolhedor<\/li>\n<li>Incentivo \u00e0s tentativas de comunica\u00e7\u00e3o<\/li>\n<li>Participa\u00e7\u00e3o ativa nas sess\u00f5es de reabilita\u00e7\u00e3o<\/li>\n<li>Apoio psicol\u00f3gico nos momentos dif\u00edceis<\/li>\n<\/ul><\/div>\n<h2>9. Aplica\u00e7\u00f5es digitais DYNSEO : COCO PENSA e COCO SE MEXE<\/h2>\n<pee>O ecossistema digital desenvolvido pela DYNSEO ilustra perfeitamente a evolu\u00e7\u00e3o da reabilita\u00e7\u00e3o cognitiva em dire\u00e7\u00e3o a solu\u00e7\u00f5es personalizadas e l\u00fadicas. <a href=\"https:\/\/www.dynseo.com\/pt-pt\/coco-pensa-e-coco-se-mexe\/\" style=\"color: #5e5ed7; font-weight: 600;\">COCO PENSA e COCO SE MEXE<\/a> oferecem mais de 30 jogos especificamente projetados para estimular as diferentes fun\u00e7\u00f5es cognitivas alteradas ap\u00f3s um AVC. Essa abordagem global reconhece que a afasia muitas vezes vem acompanhada de outros dist\u00farbios cognitivos que necessitam de um atendimento multidimensional.<\/pee>\n<pee>COCO PENSA visa especificamente as fun\u00e7\u00f5es executivas, atencionais e mnem\u00f4nicas atrav\u00e9s de exerc\u00edcios progressivos e adaptativos. Para os pacientes af\u00e1sicos, os jogos de categoriza\u00e7\u00e3o, de reconhecimento visual e de mem\u00f3ria lexical complementam eficazmente a reabilita\u00e7\u00e3o fonoaudiol\u00f3gica. A interface intuitiva e a progress\u00e3o autom\u00e1tica mant\u00eam a motiva\u00e7\u00e3o enquanto oferecem um acompanhamento objetivo do desempenho cognitivo.<\/pee>\n<pee>COCO SE MEXE integra a dimens\u00e3o motora na estimula\u00e7\u00e3o cognitiva, reconhecendo os benef\u00edcios da atividade f\u00edsica sobre a neuroplasticidade. Essa abordagem bi-modal estimula simultaneamente os circuitos motores e cognitivos, otimizando os processos de recupera\u00e7\u00e3o. Para os pacientes com hemiplegia associada \u00e0 afasia, esses exerc\u00edcios favorecem a coordena\u00e7\u00e3o e mant\u00eam as capacidades f\u00edsicas residuais.<\/pee>\n<div class=\"expert-box\">\n<div class=\"expert-box-label\">Inova\u00e7\u00e3o tecnol\u00f3gica<\/div>\n<div class=\"expert-inner\">\n<h3 class=\"expert-inner-title\">Personaliza\u00e7\u00e3o terap\u00eautica<\/h3>\n<pee>O algoritmo adaptativo de COCO PENSA e COCO SE MEXE ajusta automaticamente a dificuldade de acordo com o desempenho individual, mantendo um n\u00edvel de desafio ideal para a progress\u00e3o. Os relat\u00f3rios detalhados permitem que os terapeutas adaptem seus protocolos e que as fam\u00edlias acompanhem a evolu\u00e7\u00e3o das capacidades cognitivas.<\/pee>\n                <\/div>\n<\/p><\/div>\n<h2>10. Progn\u00f3stico e fatores de recupera\u00e7\u00e3o funcional<\/h2>\n<pee>O progn\u00f3stico de recupera\u00e7\u00e3o na afasia depende de m\u00faltiplos fatores interdependentes que determinam o potencial de melhoria a curto e longo prazo. A precocidade do atendimento constitui o determinante progn\u00f3stico mais influente: uma interven\u00e7\u00e3o terap\u00eautica iniciada nas 48 horas seguintes ao AVC otimiza significativamente as chances de recupera\u00e7\u00e3o. Esta janela terap\u00eautica cr\u00edtica corresponde ao per\u00edodo de plasticidade m\u00e1xima onde o c\u00e9rebro pode reorganizar mais facilmente seus circuitos neuronais.<\/pee>\n<pee>A extens\u00e3o e a localiza\u00e7\u00e3o precisa das les\u00f5es cerebrais influenciam diretamente o potencial de recupera\u00e7\u00e3o. Les\u00f5es limitadas \u00e0s \u00e1reas corticais geralmente oferecem um progn\u00f3stico melhor do que as les\u00f5es subcorticais extensas. A idade do paciente tamb\u00e9m modula as capacidades de recupera\u00e7\u00e3o: se a plasticidade cerebral diminui com a idade, ela permanece ativa ao longo da vida, permitindo melhorias mesmo tardias com uma reabilita\u00e7\u00e3o apropriada.<\/pee>\n<pee>Os fatores psicossociais exercem uma influ\u00eancia consider\u00e1vel na evolu\u00e7\u00e3o funcional. A motiva\u00e7\u00e3o do paciente, o apoio familiar, a aus\u00eancia de depress\u00e3o e a manuten\u00e7\u00e3o das atividades sociais favorecem a recupera\u00e7\u00e3o. A intensidade da reabilita\u00e7\u00e3o correlaciona-se positivamente com os ganhos funcionais: os protocolos intensivos produzem melhorias superiores \u00e0s abordagens espa\u00e7adas, justificando a import\u00e2ncia de um atendimento precoce e cont\u00ednuo.<\/pee>\n<div class=\"tip-box\">\n                <span class=\"tip-box-label\">Otimiza\u00e7\u00e3o progn\u00f3stica<\/span>\n                <pee>A recupera\u00e7\u00e3o da afasia segue frequentemente um curso bif\u00e1sico: melhoria r\u00e1pida nos primeiros meses, seguida de uma progress\u00e3o mais lenta, mas cont\u00ednua, durante v\u00e1rios anos. Manter a reabilita\u00e7\u00e3o a longo prazo, mesmo em ritmo reduzido, preserva e consolida os ganhos terap\u00eauticos.<\/pee>\n            <\/div>\n<h2>11. Preven\u00e7\u00e3o e redu\u00e7\u00e3o dos riscos de AVC<\/h2>\n<pee>A preven\u00e7\u00e3o prim\u00e1ria dos acidentes vasculares cerebrais representa a abordagem mais eficaz para reduzir a incid\u00eancia da afasia. Esta estrat\u00e9gia preventiva gira em torno do controle dos fatores de risco cardiovascular modific\u00e1veis: hipertens\u00e3o arterial, diabetes, dislipidemias, tabagismo e sedentarismo. A modifica\u00e7\u00e3o dos h\u00e1bitos de vida pode reduzir em at\u00e9 80% o risco de AVC, demonstrando a import\u00e2ncia das medidas preventivas na sa\u00fade p\u00fablica.<\/pee>\n<pee>A hipertens\u00e3o arterial, primeiro fator de risco de AVC, requer monitoramento regular e um tratamento adequado que mantenha os valores tensionais abaixo de 140\/90 mmHg. O equil\u00edbrio glic\u00eamico em diab\u00e9ticos, com um objetivo de HbA1c inferior a 7%, previne as complica\u00e7\u00f5es vasculares cerebrais. A corre\u00e7\u00e3o das dislipidemias por meio de estatinas reduz significativamente o risco aterotromb\u00f3tico, particularmente na preven\u00e7\u00e3o secund\u00e1ria.<\/pee>\n<pee>A ado\u00e7\u00e3o de um estilo de vida saud\u00e1vel combina atividade f\u00edsica regular, alimenta\u00e7\u00e3o equilibrada do tipo mediterr\u00e2neo e a cessa\u00e7\u00e3o do tabaco. O exerc\u00edcio f\u00edsico moderado, praticado por 150 minutos por semana, melhora a fun\u00e7\u00e3o endotelial e reduz os fatores de risco. A alimenta\u00e7\u00e3o rica em frutas, legumes, peixes e pobre em gorduras saturadas protege contra a aterosclerose. A interrup\u00e7\u00e3o do tabagismo diminui rapidamente o risco vascular, com benef\u00edcios observ\u00e1veis j\u00e1 nos primeiros meses de cessa\u00e7\u00e3o.<\/pee>\n<div class=\"conseil-card\">\n<h3>Estrat\u00e9gias preventivas<\/h3>\n<pee>A fibrila\u00e7\u00e3o auricular, causa maior de AVC emb\u00f3lico, necessita de um tratamento anticoagulante adequado. A triagem dessa arritmia por ECG regular em pessoas em risco permite uma abordagem preventiva eficaz. O reconhecimento precoce dos sinais de alerta de AVC justifica uma interven\u00e7\u00e3o de emerg\u00eancia otimizando o progn\u00f3stico funcional.<\/pee>\n            <\/div>\n<h2>12. Evolu\u00e7\u00e3o recente da pesquisa em afasiologia<\/h2>\n<pee>Os avan\u00e7os recentes em neuroci\u00eancias revolucionaram nossa compreens\u00e3o da afasia e abriram novas perspectivas terap\u00eauticas promissoras. A imagem cerebral funcional, especialmente a RM funcional e a PET, agora permite visualizar em tempo real as redes neurais envolvidas no processamento da linguagem. Essas t\u00e9cnicas de investiga\u00e7\u00e3o revelam os mecanismos de compensa\u00e7\u00e3o cerebral e orientam o desenvolvimento de estrat\u00e9gias terap\u00eauticas direcionadas.<\/pee>\n<pee>A estimula\u00e7\u00e3o cerebral n\u00e3o invasiva, incluindo a estimula\u00e7\u00e3o transcraniana por corrente direta (tDCS) e a estimula\u00e7\u00e3o magn\u00e9tica transcraniana (TMS), mostra resultados encorajadores na modula\u00e7\u00e3o dos circuitos lingu\u00edsticos. Essas t\u00e9cnicas permitem aumentar a excitabilidade das \u00e1reas cerebrais hipoativas ou inibir as regi\u00f5es que interferem na recupera\u00e7\u00e3o. A associa\u00e7\u00e3o da neuromodula\u00e7\u00e3o com a reabilita\u00e7\u00e3o intensiva potencializa os efeitos terap\u00eauticos e acelera a recupera\u00e7\u00e3o funcional.<\/pee>\n<pee>As interfaces c\u00e9rebro-m\u00e1quina representam uma fronteira emergente na ajuda \u00e0 comunica\u00e7\u00e3o. Esses dispositivos decodificam a atividade neuronal intencional e a traduzem em comandos para sistemas de comunica\u00e7\u00e3o assistida. Embora ainda experimentais, essas tecnologias abrem perspectivas revolucion\u00e1rias para pacientes com afasia severa que n\u00e3o respondem \u00e0s terapias convencionais. A intelig\u00eancia artificial tamb\u00e9m enriquece as ferramentas de reabilita\u00e7\u00e3o por meio de algoritmos adaptativos que personalizam o treinamento de acordo com os perfis individuais.<\/pee>\n<div class=\"expert-box\">\n<div class=\"expert-box-label\">Pesquisa translacional<\/div>\n<div class=\"expert-inner\">\n<h3 class=\"expert-inner-title\">Perspectivas futuras<\/h3>\n<pee>As terapias g\u00eanicas e a medicina regenerativa exploram o potencial de restaura\u00e7\u00e3o dos tecidos cerebrais lesionados. As c\u00e9lulas-tronco neurais e os fatores de crescimento neurotr\u00f3ficos est\u00e3o sendo objeto de ensaios cl\u00ednicos promissores. Essas abordagens inovadoras poderiam transformar o progn\u00f3stico da afasia nas pr\u00f3ximas d\u00e9cadas.<\/pee>\n                <\/div>\n<\/p><\/div>\n<div class=\"faq-list\">\n<h2>Perguntas frequentes sobre afasia ap\u00f3s AVC<\/h2>\n<div class=\"faq-item\">\n<div class=\"faq-q\">\n                        <span>Quanto tempo dura a recupera\u00e7\u00e3o da afasia ap\u00f3s um AVC?<\/span><br \/>\n                        <span class=\"faq-icon\">+<\/span>\n                    <\/div>\n<div class=\"faq-a\">\n                        <pee>A recupera\u00e7\u00e3o da afasia varia consideravelmente entre os indiv\u00edduos. As melhorias mais significativas geralmente ocorrem nos primeiros 6 meses, mas a recupera\u00e7\u00e3o pode continuar por anos com uma reabilita\u00e7\u00e3o adequada. Cerca de 30 a 40% dos pacientes recuperam uma comunica\u00e7\u00e3o funcional satisfat\u00f3ria. A intensidade da reabilita\u00e7\u00e3o e a precocidade do atendimento influenciam diretamente o progn\u00f3stico de recupera\u00e7\u00e3o.<\/pee>\n                    <\/div>\n<\/p><\/div>\n<div class=\"faq-item\">\n<div class=\"faq-q\">\n                        <span>Como distinguir a afasia de outros dist\u00farbios da linguagem?<\/span><br \/>\n                        <span class=\"faq-icon\">+<\/span>\n                    <\/div>\n<div class=\"faq-a\">\n                        <pee>A afasia se distingue por sua origem neurol\u00f3gica devido a uma les\u00e3o cerebral, ao contr\u00e1rio dos dist\u00farbios do desenvolvimento da linguagem. Ela afeta especificamente as \u00e1reas da linguagem sem alterar a intelig\u00eancia geral. O diagn\u00f3stico diferencial \u00e9 realizado por uma avalia\u00e7\u00e3o neuropsicol\u00f3gica completa, incluindo a avalia\u00e7\u00e3o da compreens\u00e3o, da express\u00e3o, da leitura e da escrita. A imagem cerebral confirma a localiza\u00e7\u00e3o das les\u00f5es respons\u00e1veis pelos sintomas observados.<\/pee>\n                    <\/div>\n<\/p><\/div>\n<div class=\"faq-item\">\n<div class=\"faq-q\">\n                        <span>Quais s\u00e3o as ferramentas tecnol\u00f3gicas mais eficazes para a afasia?<\/span><br \/>\n                        <span class=\"faq-icon\">+<\/span>\n                    <\/div>\n<div class=\"faq-a\">\n                        <pee>As aplica\u00e7\u00f5es de comunica\u00e7\u00e3o assistida como Meu Dicion\u00e1rio, os softwares de reabilita\u00e7\u00e3o cognitiva como COCO PENSA, e os dispositivos de s\u00edntese de voz constituem as ferramentas mais utilizadas. Os tablets equipados com pictogramas personaliz\u00e1veis facilitam a comunica\u00e7\u00e3o di\u00e1ria. A realidade virtual surge como uma abordagem promissora para a reabilita\u00e7\u00e3o imersiva. A escolha das ferramentas depende do tipo de afasia e das capacidades preservadas de cada paciente.<\/pee>\n                    <\/div>\n<\/p><\/div>\n<div class=\"faq-item\">\n<div class=\"faq-q\">\n                        <span>A afasia pode evoluir para uma recupera\u00e7\u00e3o completa?<\/span><br \/>\n                        <span class=\"faq-icon\">+<\/span>\n                    <\/div>\n<div class=\"faq-a\">\n                        <pee>Uma recupera\u00e7\u00e3o completa \u00e9 poss\u00edvel, particularmente nas afasias leves a moderadas com um atendimento precoce e intensivo. Cerca de 15 a 20% dos pacientes recuperam um n\u00edvel de comunica\u00e7\u00e3o pr\u00f3ximo do normal. Mesmo em caso de sequelas persistentes, melhorias significativas muitas vezes permitem recuperar uma autonomia comunicacional satisfat\u00f3ria. A motiva\u00e7\u00e3o do paciente, o apoio familiar e a regularidade da reabilita\u00e7\u00e3o s\u00e3o fatores progn\u00f3sticos favor\u00e1veis.<\/pee>\n                    <\/div>\n<\/p><\/div>\n<div class=\"faq-item\">\n<div class=\"faq-q\">\n                        <span>Como manter a motiva\u00e7\u00e3o do paciente af\u00e1sico ao longo do tempo?<\/span><br \/>\n                        <span class=\"faq-icon\">+<\/span>\n                    <\/div>\n<div class=\"faq-a\">\n                        <pee>A motiva\u00e7\u00e3o se mant\u00e9m pela fixa\u00e7\u00e3o de objetivos realiz\u00e1veis a curto prazo, a valoriza\u00e7\u00e3o de cada progresso e a diversifica\u00e7\u00e3o das atividades terap\u00eauticas. A utiliza\u00e7\u00e3o de ferramentas l\u00fadicas como os aplicativos DYNSEO torna a reabilita\u00e7\u00e3o mais atraente. A participa\u00e7\u00e3o em grupos de apoio e a manuten\u00e7\u00e3o dos v\u00ednculos sociais previnem o isolamento. O acompanhamento psicol\u00f3gico ajuda a superar os per\u00edodos de des\u00e2nimo inevit\u00e1veis neste percurso de recupera\u00e7\u00e3o.<\/pee>\n                    <\/div>\n<\/p><\/div>\n<\/p><\/div>\n<div class=\"cta-box\">\n<h3>Descubra nossas solu\u00e7\u00f5es de reabilita\u00e7\u00e3o cognitiva<\/h3>\n<pee>DYNSEO acompanha os pacientes af\u00e1sicos e suas fam\u00edlias com ferramentas inovadoras adaptadas a cada perfil. Nossos aplicativos COCO PENSA e COCO SE MEXE, assim como Mon Dico, oferecem uma abordagem personalizada da reabilita\u00e7\u00e3o cognitiva e da comunica\u00e7\u00e3o assistida.<\/pee>\n<div class=\"cta-buttons\">\n                    <a href=\"https:\/\/www.dynseo.com\/pt-pt\/coco-pensa-e-coco-se-mexe\/\" class=\"btn-white\">Descobrir COCO<\/a><br \/>\n                    <a href=\"https:\/\/www.dynseo.com\/pt-pt\/coco-pensa-e-coco-se-mexe\/\" class=\"btn-outline\">Teste gratuito<\/a>\n                <\/div>\n<\/p><\/div>\n<div class=\"article-tags\">\n                <a href=\"#\" class=\"article-tag\">Afasia<\/a><br \/>\n                <a href=\"#\" class=\"article-tag\">AVC<\/a><br \/>\n                <a href=\"#\" class=\"article-tag\">Reabilita\u00e7\u00e3o cognitiva<\/a><br \/>\n                <a href=\"#\" class=\"article-tag\">Fonoaudiologia<\/a><br \/>\n                <a href=\"#\" class=\"article-tag\">Comunica\u00e7\u00e3o assistida<\/a><br \/>\n                <a href=\"#\" class=\"article-tag\">Neuroplasticidade<\/a><br \/>\n                <a href=\"#\" class=\"article-tag\">DYNSEO<\/a><br \/>\n                <a href=\"#\" class=\"article-tag\">Dist\u00farbios da linguagem<\/a><br \/>\n                <a href=\"#\" class=\"article-tag\">Acompanhamento familiar<\/a>\n            <\/div>\n<\/p><\/div>\n<\/p><\/div>\n<p>[\/et_pb_code][\/et_pb_column][\/et_pb_row][\/et_pb_section]<\/p>\n","protected":false},"excerpt":{"rendered":"","protected":false},"author":4,"featured_media":148854,"comment_status":"closed","ping_status":"closed","sticky":false,"template":"","format":"standard","meta":{"_et_pb_use_builder":"on","_et_pb_old_content":"[et_pb_section fb_built=\"1\" _builder_version=\"4.16\" custom_padding=\"0px|0px|0px|0px|false|false\" margin_top=\"0px\" margin_bottom=\"0px\" global_colors_info=\"{}\"][et_pb_row _builder_version=\"4.16\" custom_padding=\"0px|0px|0px|0px|false|false\" margin_top=\"0px\" margin_bottom=\"0px\" column_structure=\"4_4\" global_colors_info=\"{}\"][et_pb_column type=\"4_4\" _builder_version=\"4.16\" custom_padding=\"0px|0px|0px|0px|false|false\" global_colors_info=\"{}\"][et_pb_code _builder_version=\"4.16\" custom_padding=\"0px|0px|0px|0px|false|false\" global_colors_info=\"{}\"]<style>\n        :root {\n            --primary-blue: #5e5ed7;\n            --dark-blue: #5268c9;\n            --teal: #a9e2e4;\n            --yellow: #ffeca7;\n            --pink: #e73469;\n            --white: #ffffff;\n            --light-gray: #f8f9fa;\n            --dark-gray: #2c3e50;\n            --text-gray: #666;\n        }\n\n        * {\n            margin: 0;\n            padding: 0;\n            box-sizing: border-box;\n        }\n\n        body {\n            font-family: 'Poppins', sans-serif;\n            line-height: 1.6;\n            color: var(--dark-gray);\n        }\n\n        .article-hero {\n            background: linear-gradient(135deg, var(--primary-blue) 0%, var(--dark-blue) 100%);\n            color: white;\n            padding: 60px 20px 120px;\n            position: relative;\n            overflow: hidden;\n        }\n\n        .article-hero-inner {\n            max-width: 1200px;\n            margin: 0 auto;\n            position: relative;\n            z-index: 2;\n        }\n\n        .article-breadcrumb {\n            margin-bottom: 20px;\n            font-size: 14px;\n            opacity: 0.9;\n        }\n\n        .article-breadcrumb a {\n            color: white;\n            text-decoration: none;\n        }\n\n        .article-category {\n            display: inline-block;\n            background: var(--pink);\n            color: white;\n            padding: 8px 16px;\n            border-radius: 20px;\n            font-size: 14px;\n            font-weight: 600;\n            margin-bottom: 20px;\n        }\n\n        .article-hero h1 {\n            font-family: 'Montserrat', sans-serif;\n            font-size: 48px;\n            font-weight: 700;\n            margin-bottom: 20px;\n            line-height: 1.2;\n        }\n\n        .hl {\n            background: linear-gradient(120deg, var(--yellow) 0%, var(--teal) 100%);\n            color: var(--dark-blue);\n            padding: 4px 8px;\n            border-radius: 6px;\n        }\n\n        .article-meta {\n            display: flex;\n            gap: 30px;\n            margin-bottom: 30px;\n            flex-wrap: wrap;\n        }\n\n        .article-meta span {\n            display: flex;\n            align-items: center;\n            gap: 8px;\n            font-size: 16px;\n        }\n\n        .stars {\n            color: var(--yellow);\n            font-size: 20px;\n        }\n\n        .article-hero-curve {\n            position: absolute;\n            bottom: -1px;\n            left: 0;\n            width: 100%;\n            height: 60px;\n            background: white;\n            clip-path: ellipse(100% 100% at 50% 100%);\n        }\n\n        .article-body {\n            background: white;\n            position: relative;\n            z-index: 3;\n        }\n\n        .container {\n            max-width: 1200px;\n            margin: 0 auto;\n            padding: 0 20px;\n        }\n\n        .intro-block {\n            background: var(--light-gray);\n            padding: 40px;\n            border-radius: 20px;\n            margin: -40px 0 60px;\n            border-left: 6px solid var(--primary-blue);\n            font-size: 18px;\n            line-height: 1.8;\n        }\n\n        .stats-grid {\n            display: grid;\n            grid-template-columns: repeat(auto-fit, minmax(250px, 1fr));\n            gap: 30px;\n            margin: 60px 0;\n        }\n\n        .stat-card {\n            background: white;\n            padding: 30px;\n            border-radius: 15px;\n            text-align: center;\n            box-shadow: 0 10px 30px rgba(0,0,0,0.1);\n            border-top: 4px solid var(--primary-blue);\n        }\n\n        .stat-card .number {\n            font-family: 'Montserrat', sans-serif;\n            font-size: 42px;\n            font-weight: 700;\n            color: var(--primary-blue);\n            display: block;\n        }\n\n        .stat-card .label {\n            font-size: 16px;\n            color: var(--text-gray);\n            margin-top: 10px;\n        }\n\n        .article-body h2 {\n            font-family: 'Montserrat', sans-serif;\n            font-size: 32px;\n            color: var(--dark-blue);\n            margin: 60px 0 30px;\n            position: relative;\n            padding-left: 40px;\n        }\n\n        .article-body h2::before {\n            content: '';\n            position: absolute;\n            left: 0;\n            top: 50%;\n            transform: translateY(-50%);\n            width: 6px;\n            height: 40px;\n            background: linear-gradient(135deg, var(--primary-blue), var(--teal));\n            border-radius: 3px;\n        }\n\n        .article-body h3 {\n            font-family: 'Montserrat', sans-serif;\n            font-size: 24px;\n            color: var(--dark-blue);\n            margin: 40px 0 20px;\n        }\n\n        .article-body p {\n            margin-bottom: 20px;\n            font-size: 16px;\n            line-height: 1.8;\n        }\n\n        .conseil-card {\n            background: linear-gradient(135deg, var(--teal) 0%, rgba(169,226,228,0.3) 100%);\n            padding: 30px;\n            border-radius: 15px;\n            margin: 30px 0;\n            border-left: 6px solid var(--primary-blue);\n        }\n\n        .conseil-card h3 {\n            color: var(--dark-blue);\n            margin-bottom: 15px;\n        }\n\n        .key-points {\n            background: var(--light-gray);\n            padding: 25px;\n            border-radius: 12px;\n            margin: 25px 0;\n        }\n\n        .key-points ul {\n            list-style: none;\n            padding-left: 0;\n        }\n\n        .key-points li {\n            padding: 10px 0;\n            padding-left: 30px;\n            position: relative;\n        }\n\n        .key-points li::before {\n            content: '\u2713';\n            position: absolute;\n            left: 0;\n            top: 10px;\n            color: var(--primary-blue);\n            font-weight: bold;\n            font-size: 18px;\n        }\n\n        .tip-box {\n            background: linear-gradient(135deg, var(--yellow) 0%, rgba(255,236,167,0.3) 100%);\n            padding: 25px;\n            border-radius: 12px;\n            margin: 25px 0;\n            position: relative;\n        }\n\n        .tip-box-label {\n            background: var(--pink);\n            color: white;\n            padding: 8px 16px;\n            border-radius: 20px;\n            font-size: 14px;\n            font-weight: 600;\n            display: inline-block;\n            margin-bottom: 15px;\n        }\n\n        .expert-box {\n            background: white;\n            border: 2px solid var(--primary-blue);\n            border-radius: 15px;\n            padding: 0;\n            margin: 30px 0;\n            overflow: hidden;\n        }\n\n        .expert-box-label {\n            background: var(--primary-blue);\n            color: white;\n            padding: 15px 25px;\n            font-weight: 600;\n            margin: 0;\n        }\n\n        .expert-box-title {\n            color: var(--dark-blue);\n            font-size: 20px;\n            margin: 0;\n        }\n\n        .expert-inner {\n            padding: 25px;\n        }\n\n        .expert-inner-title {\n            font-family: 'Montserrat', sans-serif;\n            color: var(--dark-blue);\n            font-size: 18px;\n            margin-bottom: 15px;\n        }\n\n        .faq-list {\n            margin: 60px 0;\n        }\n\n        .faq-item {\n            background: white;\n            border-radius: 12px;\n            margin-bottom: 15px;\n            box-shadow: 0 5px 15px rgba(0,0,0,0.1);\n            overflow: hidden;\n        }\n\n        .faq-q {\n            padding: 25px;\n            cursor: pointer;\n            display: flex;\n            justify-content: space-between;\n            align-items: center;\n            background: var(--light-gray);\n            font-weight: 600;\n            color: var(--dark-blue);\n        }\n\n        .faq-icon {\n            background: var(--primary-blue);\n            color: white;\n            width: 30px;\n            height: 30px;\n            border-radius: 50%;\n            display: flex;\n            align-items: center;\n            justify-content: center;\n            font-weight: bold;\n            transition: transform 0.3s ease;\n        }\n\n        .faq-item.open .faq-icon {\n            transform: rotate(45deg);\n        }\n\n        .faq-a {\n            padding: 0 25px;\n            max-height: 0;\n            overflow: hidden;\n            transition: max-height 0.3s ease, padding 0.3s ease;\n        }\n\n        .faq-item.open .faq-a {\n            padding: 25px;\n            max-height: 1000px;\n        }\n\n        .cta-box {\n            background: linear-gradient(135deg, var(--primary-blue) 0%, var(--dark-blue) 100%);\n            color: white;\n            padding: 50px;\n            border-radius: 20px;\n            text-align: center;\n            margin: 60px 0;\n        }\n\n        .cta-box h3 {\n            font-family: 'Montserrat', sans-serif;\n            font-size: 28px;\n            margin-bottom: 20px;\n        }\n\n        .cta-buttons {\n            display: flex;\n            gap: 20px;\n            justify-content: center;\n            flex-wrap: wrap;\n            margin-top: 30px;\n        }\n\n        .btn-white {\n            background: white;\n            color: var(--primary-blue);\n            padding: 15px 30px;\n            border-radius: 25px;\n            text-decoration: none;\n            font-weight: 600;\n            transition: transform 0.3s ease;\n        }\n\n        .btn-white:hover {\n            transform: translateY(-2px);\n        }\n\n        .btn-outline {\n            background: transparent;\n            color: white;\n            border: 2px solid white;\n            padding: 15px 30px;\n            border-radius: 25px;\n            text-decoration: none;\n            font-weight: 600;\n            transition: all 0.3s ease;\n        }\n\n        .btn-outline:hover {\n            background: white;\n            color: var(--primary-blue);\n        }\n\n        .article-tags {\n            margin: 60px 0;\n            padding-top: 30px;\n            border-top: 2px solid var(--light-gray);\n        }\n\n        .article-tag {\n            display: inline-block;\n            background: var(--light-gray);\n            color: var(--dark-blue);\n            padding: 8px 16px;\n            border-radius: 20px;\n            margin: 5px;\n            text-decoration: none;\n            font-size: 14px;\n            transition: background 0.3s ease;\n        }\n\n        .article-tag:hover {\n            background: var(--teal);\n        }\n\n        @media (max-width: 768px) {\n            .article-hero h1 {\n                font-size: 32px;\n            }\n\n            .article-meta {\n                flex-direction: column;\n                gap: 15px;\n            }\n\n            .stats-grid {\n                grid-template-columns: 1fr;\n            }\n\n            .intro-block {\n                padding: 25px;\n                margin: -20px 0 40px;\n            }\n\n            .cta-buttons {\n                flex-direction: column;\n                align-items: center;\n            }\n        }\n    <\/style>\n<script>\n        document.querySelectorAll('.faq-q').forEach(function(button) {\n            button.addEventListener('click', function() {\n                button.closest('.faq-item').classList.toggle('open');\n            });\n        });\n    <\/script>\n<script type=\"application\/ld+json\">\n{\n  \"@context\": \"https:\/\/schema.org\",\n  \"@graph\": [\n    {\n      \"@type\": \"Article\",\n      \"headline\": \"Qu'est-ce que l'aphasie apr\u00e8s l'AVC ?\",\n      \"description\": \"\ud83d\udcc5 Avril 2026 \u23f1\ufe0f 15 min de lecture \ud83d\udc65 Patients, familles, aidants \u2b50\u2b50\u2b50\u2b50\u2b50 4.8\/5\",\n      \"url\": \"https:\/\/www.dynseo.com\/quest-ce-que-laphasie-apres-lavc\/\",\n      \"datePublished\": \"2026-04-07\",\n      \"dateModified\": \"2026-04-07\",\n      \"author\": {\n        \"@type\": \"Organization\",\n        \"name\": \"DYNSEO\",\n        \"url\": \"https:\/\/www.dynseo.com\"\n      },\n      \"publisher\": {\n        \"@type\": \"Organization\",\n        \"name\": \"DYNSEO\",\n        \"url\": \"https:\/\/www.dynseo.com\",\n        \"logo\": {\n          \"@type\": \"ImageObject\",\n          \"url\": \"https:\/\/www.dynseo.com\/wp-content\/uploads\/2020\/01\/dynseo-logo.png\"\n        }\n      },\n      \"image\": {\n        \"@type\": \"ImageObject\",\n        \"url\": \"https:\/\/www.dynseo.com\/wp-content\/uploads\/2026\/04\/aphasie-avc-dynseo.jpg\",\n        \"width\": 1200,\n        \"height\": 630\n      },\n      \"aggregateRating\": {\n        \"@type\": \"AggregateRating\",\n        \"ratingValue\": \"4.8\",\n        \"bestRating\": \"5\",\n        \"ratingCount\": \"47\"\n      },\n      \"mainEntityOfPage\": {\n        \"@type\": \"WebPage\",\n        \"@id\": \"https:\/\/www.dynseo.com\/quest-ce-que-laphasie-apres-lavc\/\"\n      }\n    },\n    {\n      \"@type\": \"WebPage\",\n      \"@id\": \"https:\/\/www.dynseo.com\/quest-ce-que-laphasie-apres-lavc\/\",\n      \"url\": \"https:\/\/www.dynseo.com\/quest-ce-que-laphasie-apres-lavc\/\",\n      \"name\": \"Qu'est-ce que l'aphasie apr\u00e8s l'AVC ?\",\n      \"description\": \"\ud83d\udcc5 Avril 2026 \u23f1\ufe0f 15 min de lecture \ud83d\udc65 Patients, familles, aidants \u2b50\u2b50\u2b50\u2b50\u2b50 4.8\/5\",\n      \"isPartOf\": {\n        \"@type\": \"WebSite\",\n        \"name\": \"DYNSEO\",\n        \"url\": \"https:\/\/www.dynseo.com\"\n      },\n      \"breadcrumb\": {\n        \"@type\": \"BreadcrumbList\",\n        \"itemListElement\": [\n          {\n            \"@type\": \"ListItem\",\n            \"position\": 1,\n            \"name\": \"Accueil\",\n            \"item\": \"https:\/\/www.dynseo.com\"\n          },\n          {\n            \"@type\": \"ListItem\",\n            \"position\": 2,\n            \"name\": \"Blog\",\n            \"item\": \"https:\/\/www.dynseo.com\/blog\"\n          },\n          {\n            \"@type\": \"ListItem\",\n            \"position\": 3,\n            \"name\": \"Qu'est-ce que l'aphasie apr\u00e8s l'AVC ?\",\n            \"item\": \"https:\/\/www.dynseo.com\/quest-ce-que-laphasie-apres-lavc\/\"\n          }\n        ]\n      }\n    },\n    {\n      \"@type\": \"FAQPage\",\n      \"mainEntity\": [\n        {\n          \"@type\": \"Question\",\n          \"name\": \"Combien de temps dure la r\u00e9cup\u00e9ration de l'aphasie apr\u00e8s un AVC ?\",\n          \"acceptedAnswer\": {\n            \"@type\": \"Answer\",\n            \"text\": \"La r\u00e9cup\u00e9ration de l'aphasie apr\u00e8s un AVC varie consid\u00e9rablement d'une personne \u00e0 l'autre. Les progr\u00e8s les plus significatifs se produisent g\u00e9n\u00e9ralement dans les 6 premiers mois, mais l'am\u00e9lioration peut continuer pendant des ann\u00e9es avec une r\u00e9\u00e9ducation appropri\u00e9e et r\u00e9guli\u00e8re.\"\n          }\n        },\n        {\n          \"@type\": \"Question\",\n          \"name\": \"Comment distinguer l'aphasie d'autres troubles du langage ?\",\n          \"acceptedAnswer\": {\n            \"@type\": \"Answer\",\n            \"text\": \"L'aphasie se distingue par sa cause neurologique sp\u00e9cifique (l\u00e9sion c\u00e9r\u00e9brale) et affecte la compr\u00e9hension et\/ou l'expression du langage. Contrairement \u00e0 la dysarthrie qui touche l'articulation, ou aux troubles de la voix, l'aphasie impacte le traitement m\u00eame du langage au niveau c\u00e9r\u00e9bral.\"\n          }\n        },\n        {\n          \"@type\": \"Question\",\n          \"name\": \"Quels sont les outils technologiques les plus efficaces pour l'aphasie ?\",\n          \"acceptedAnswer\": {\n            \"@type\": \"Answer\",\n            \"text\": \"Les applications de r\u00e9\u00e9ducation cognitive comme DYNSEO, les logiciels de communication assist\u00e9e, les tablettes avec pictogrammes, et les outils de synth\u00e8se vocale sont particuli\u00e8rement efficaces. Ces technologies permettent un entra\u00eenement personnalis\u00e9 et adapt\u00e9 au niveau de chaque patient.\"\n          }\n        }\n      ]\n    }\n  ]\n}\n<\/script>\n<link href=\"https:\/\/fonts.googleapis.com\/css2?family=Montserrat:wght@400;600;700&family=Poppins:wght@300;400;500;600&display=swap\" rel=\"stylesheet\">\n\n<section class=\"article-hero\">\n        <div class=\"article-hero-inner\">\n            <nav class=\"article-breadcrumb\">\n                <a href=\"\/\">In\u00edcio<\/a> \u203a <a href=\"\/blog\">Blog<\/a> \u203a Afasia ap\u00f3s AVC\n            <\/nav>\n            \n            <span class=\"article-category\">Reabilita\u00e7\u00e3o cognitiva<\/span>\n            \n            <h1>O que \u00e9 <span class=\"hl\">a afasia ap\u00f3s o AVC<\/span> ? Guia completo de manejo<\/h1>\n            \n            <div class=\"article-meta\">\n                <span>\ud83d\udcc5 Abril 2026<\/span>\n                <span>\u23f1\ufe0f 15 min de leitura<\/span>\n                <span>\ud83d\udc65 Pacientes, fam\u00edlias, cuidadores<\/span>\n                <span class=\"stars\">\u2b50\u2b50\u2b50\u2b50\u2b50 4.8\/5<\/span>\n            <\/div>\n        <\/div>\n        <div class=\"article-hero-curve\"><\/div>\n    <\/section>\n\n    <div class=\"article-body\">\n        <div class=\"container\">\n            <div class=\"intro-block\">\n                A afasia representa um dos principais desafios enfrentados pelos pacientes e seus familiares ap\u00f3s um acidente vascular cerebral (AVC). Essa les\u00e3o da linguagem afeta milh\u00f5es de pessoas no mundo, transformando radicalmente sua capacidade de se comunicar e manter suas rela\u00e7\u00f5es sociais. Compreender os mecanismos da afasia, suas diferentes manifesta\u00e7\u00f5es e as solu\u00e7\u00f5es de reabilita\u00e7\u00e3o dispon\u00edveis \u00e9 um desafio fundamental para otimizar a recupera\u00e7\u00e3o. Nosso guia especializado o acompanha nesse processo, fornecendo as chaves essenciais para navegar neste percurso de reconstru\u00e7\u00e3o lingu\u00edstica. Descubra como as inova\u00e7\u00f5es tecnol\u00f3gicas, especialmente com <a href=\"https:\/\/www.dynseo.com\/pt-pt\/coco-pensa-e-coco-se-mexe\/\" style=\"color: #5e5ed7; font-weight: 600;\">COCO PENSA e COCO SE MEXE<\/a>, revolucionam a abordagem terap\u00eautica moderna.\n            <\/div>\n\n            <div class=\"stats-grid\">\n                <div class=\"stat-card\">\n                    <span class=\"number\">30%<\/span>\n                    <div class=\"label\">dos pacientes p\u00f3s-AVC desenvolvem afasia<\/div>\n                <\/div>\n                <div class=\"stat-card\">\n                    <span class=\"number\">85%<\/span>\n                    <div class=\"label\">de recupera\u00e7\u00e3o poss\u00edvel com reabilita\u00e7\u00e3o precoce<\/div>\n                <\/div>\n                <div class=\"stat-card\">\n                    <span class=\"number\">4<\/span>\n                    <div class=\"label\">tipos principais de afasia identificados<\/div>\n                <\/div>\n                <div class=\"stat-card\">\n                    <span class=\"number\">2M<\/span>\n                    <div class=\"label\">de pessoas afetadas na Fran\u00e7a<\/div>\n                <\/div>\n            <\/div>\n\n            <h2>1. Compreender a afasia: defini\u00e7\u00e3o e mecanismos neurol\u00f3gicos<\/h2>\n            \n            <p>A afasia \u00e9 definida como um dist\u00farbio adquirido da linguagem resultante de uma les\u00e3o cerebral, mais frequentemente consequ\u00eancia de um acidente vascular cerebral. Essa les\u00e3o neurol\u00f3gica afeta especificamente as \u00e1reas do c\u00e9rebro dedicadas ao processamento lingu\u00edstico, perturbando assim a capacidade de compreender, produzir, ler ou escrever a linguagem. Ao contr\u00e1rio de uma simples dificuldade de fala, a afasia atinge os mecanismos cognitivos profundos que sustentam nossa capacidade de comunica\u00e7\u00e3o.<\/p>\n\n            <p>As \u00e1reas cerebrais envolvidas na linguagem est\u00e3o localizadas principalmente no hemisf\u00e9rio esquerdo do c\u00e9rebro na maioria da popula\u00e7\u00e3o. A \u00e1rea de Broca, localizada no lobo frontal, governa a produ\u00e7\u00e3o da linguagem e a formula\u00e7\u00e3o de frases. A \u00e1rea de Wernicke, situada no lobo temporal, controla a compreens\u00e3o e a interpreta\u00e7\u00e3o das palavras ouvidas. Essas duas regi\u00f5es interconectadas formam uma rede complexa que orquestra nossas capacidades lingu\u00edsticas no dia a dia.<\/p>\n\n            <p>Quando um AVC ocorre e danifica essas \u00e1reas cr\u00edticas, as consequ\u00eancias na comunica\u00e7\u00e3o podem ser dram\u00e1ticas e variadas. A natureza e a extens\u00e3o dos sintomas dependem diretamente da localiza\u00e7\u00e3o precisa e da magnitude das les\u00f5es cerebrais. Essa complexidade explica por que cada paciente af\u00e1sico apresenta um perfil \u00fanico de dificuldades, necessitando de uma abordagem personalizada para o manejo terap\u00eautico.<\/p>\n<div class=\"conseil-card\">\n                <h3>Conselho de especialista DYNSEO<\/h3>\n                <p>Uma avalia\u00e7\u00e3o neuropsicol\u00f3gica completa nas primeiras semanas ap\u00f3s o AVC permite determinar precisamente o tipo de afasia e orientar eficazmente o programa de reabilita\u00e7\u00e3o. Esta etapa diagn\u00f3stica condiciona amplamente as chances de recupera\u00e7\u00e3o funcional.<\/p>\n            <\/div>\n\n            <div class=\"key-points\">\n                <h3>Pontos-chave a reter<\/h3>\n                <ul>\n                    <li>A afasia resulta de les\u00f5es nas \u00e1reas cerebrais da linguagem<\/li>\n                    <li>Cada paciente apresenta um perfil sintom\u00e1tico \u00fanico<\/li>\n                    <li>O diagn\u00f3stico precoce otimiza as estrat\u00e9gias terap\u00eauticas<\/li>\n                    <li>A plasticidade cerebral oferece possibilidades de recupera\u00e7\u00e3o<\/li>\n                <\/ul>\n            <\/div>\n\n            <h2>2. Tipos de afasia: classifica\u00e7\u00e3o e caracter\u00edsticas cl\u00ednicas<\/h2>\n\n            <p>A classifica\u00e7\u00e3o da afasia baseia-se na an\u00e1lise das capacidades preservadas e alteradas em diferentes dom\u00ednios lingu\u00edsticos. Neurologistas e fonoaudi\u00f3logos distinguem principalmente quatro grandes tipos de afasia, cada um correspondendo a padr\u00f5es de les\u00f5es cerebrais espec\u00edficos. Esta tipologia orienta a elabora\u00e7\u00e3o dos protocolos terap\u00eauticos e permite \u00e0s fam\u00edlias compreender melhor os desafios que seu ente querido enfrenta.<\/p>\n\n            <p>A afasia de Broca, tamb\u00e9m chamada de afasia de express\u00e3o, caracteriza-se por uma compreens\u00e3o relativamente preservada, mas uma produ\u00e7\u00e3o verbal laboriosa e reduzida. Os pacientes geralmente compreendem o que lhes \u00e9 dito, mas t\u00eam dificuldade em formular seus pensamentos em palavras. Sua express\u00e3o limita-se frequentemente a algumas palavras-chave, pronunciadas com esfor\u00e7o e acompanhadas de frustra\u00e7\u00e3o vis\u00edvel. Esta forma de afasia resulta de les\u00f5es na \u00e1rea de Broca, localizada no lobo frontal esquerdo.<\/p>\n\n            <p>A afasia de Wernicke apresenta um perfil inverso: a produ\u00e7\u00e3o verbal permanece fluida, at\u00e9 mesmo abundante, mas a compreens\u00e3o est\u00e1 severamente alterada. Os pacientes se expressam com um ritmo normal, mas frequentemente usam palavras inadequadas ou inventadas, criando o que os especialistas chamam de \"salada de palavras\". Esta dissocia\u00e7\u00e3o entre produ\u00e7\u00e3o e compreens\u00e3o torna a comunica\u00e7\u00e3o particularmente complexa para o entorno.<\/p>\n\n            <div class=\"expert-box\">\n                <div class=\"expert-box-label\">Especializa\u00e7\u00e3o neurol\u00f3gica<\/div>\n                <div class=\"expert-inner\">\n                    <h3 class=\"expert-inner-title\">Diagn\u00f3stico diferencial das afasias<\/h3>\n                    <p>A afasia de condu\u00e7\u00e3o manifesta-se por dificuldades de repeti\u00e7\u00e3o, apesar de uma compreens\u00e3o e express\u00e3o relativamente preservadas. A afasia global, por sua vez, altera simultaneamente todos os aspectos da linguagem, representando a forma mais severa desses dist\u00farbios. O uso de ferramentas de avalia\u00e7\u00e3o padronizadas como <a href=\"https:\/\/www.dynseo.com\/pt-pt\/coco-pensa-e-coco-se-mexe\/\" style=\"color: #5e5ed7;\">COCO PENSA<\/a> pode complementar utilmente a avalia\u00e7\u00e3o fonoaudiol\u00f3gica tradicional.<\/p>\n                <\/div>\n            <\/div>\n<div class=\"tip-box\">\n                <span class=\"tip-box-label\">Conselho pr\u00e1tico<\/span>\n                <p>Observe atentamente as capacidades preservadas de seu ente querido: mesmo na afasia severa, algumas compet\u00eancias lingu\u00edsticas podem ser mantidas e constituir pontos de apoio para a reabilita\u00e7\u00e3o.<\/p>\n            <\/div>\n\n            <h2>3. Fatores de risco e popula\u00e7\u00f5es afetadas<\/h2>\n\n            <p>A identifica\u00e7\u00e3o dos fatores de risco de afasia p\u00f3s-AVC reveste-se de import\u00e2ncia capital para a preven\u00e7\u00e3o e o manejo precoce. A idade constitui indiscutivelmente o fator preditivo mais significativo, com uma incid\u00eancia que aumenta exponencialmente ap\u00f3s os 65 anos. Essa correla\u00e7\u00e3o se explica pela vulnerabilidade aumentada do sistema vascular cerebral e pela diminui\u00e7\u00e3o das capacidades de recupera\u00e7\u00e3o neuropl\u00e1stica com o avan\u00e7o da idade.<\/p>\n\n            <p>No entanto, a afasia n\u00e3o se limita \u00e0s popula\u00e7\u00f5es geri\u00e1tricas. Adultos jovens e at\u00e9 crian\u00e7as podem desenvolver dist\u00farbios af\u00e1sicos em decorr\u00eancia de diversas patologias: traumas cranianos, tumores cerebrais, encefalites ou malforma\u00e7\u00f5es vasculares. Na crian\u00e7a, a plasticidade cerebral excepcional geralmente oferece melhores perspectivas de recupera\u00e7\u00e3o, embora sequelas possam persistir dependendo da gravidade e da localiza\u00e7\u00e3o das les\u00f5es.<\/p>\n\n            <p>Os fatores de risco cardiovascular tradicionais tamb\u00e9m predisp\u00f5em \u00e0 afasia: hipertens\u00e3o arterial, diabetes, dislipidemias, tabagismo e sedentarismo. Essas condi\u00e7\u00f5es patol\u00f3gicas favorecem a aterosclerose e aumentam o risco de acidentes vasculares cerebrais. A preven\u00e7\u00e3o prim\u00e1ria por meio da modifica\u00e7\u00e3o dos h\u00e1bitos de vida representa, portanto, um desafio de sa\u00fade p\u00fablica importante para reduzir a incid\u00eancia da afasia.<\/p>\n<div class=\"conseil-card\">\n                <h3>Preven\u00e7\u00e3o e rastreamento<\/h3>\n                <p>Um acompanhamento m\u00e9dico regular incluindo a vigil\u00e2ncia dos fatores de risco cardiovascular permite reduzir significativamente as chances de desenvolver um AVC. O reconhecimento precoce dos sinais de alerta (dist\u00farbios s\u00fabitos da fala, da compreens\u00e3o) justifica uma interven\u00e7\u00e3o de emerg\u00eancia otimizando as chances de recupera\u00e7\u00e3o.<\/p>\n            <\/div>\n\n            <h2>4. Estrat\u00e9gias de comunica\u00e7\u00e3o com uma pessoa af\u00e1sica<\/h2>\n\n            <p>Comunicar-se efetivamente com uma pessoa af\u00e1sica requer a ado\u00e7\u00e3o de estrat\u00e9gias espec\u00edficas que se adaptam \u00e0s capacidades preservadas e contornam os d\u00e9ficits lingu\u00edsticos. A primeira regra fundamental consiste em manter um ambiente calmo e livre de distra\u00e7\u00f5es, favorecendo assim a concentra\u00e7\u00e3o e reduzindo a ansiedade frequentemente associada \u00e0s tentativas de comunica\u00e7\u00e3o. A ilumina\u00e7\u00e3o apropriada e a elimina\u00e7\u00e3o de ru\u00eddos de fundo criam condi\u00e7\u00f5es \u00f3timas para a troca.<\/p>\n\n            <p>A utiliza\u00e7\u00e3o de frases curtas e simples, articuladas lentamente e claramente, facilita grandemente a compreens\u00e3o. Evite formula\u00e7\u00f5es complexas, met\u00e1foras ou express\u00f5es idiom\u00e1ticas que podem confundir a pessoa af\u00e1sica. Priorize perguntas fechadas que exigem respostas de \"sim\" ou \"n\u00e3o\" em vez de questionamentos abertos que exigem uma elabora\u00e7\u00e3o verbal complexa. Essa abordagem reduz a frustra\u00e7\u00e3o e mant\u00e9m um sentimento de sucesso comunicacional.<\/p>\n\n            <p>A integra\u00e7\u00e3o de suportes visuais e gestuais enriquece consideravelmente as possibilidades de troca. Aponte para os objetos mencionados, utilize desenhos simples ou fotografias para esclarecer suas palavras. Os gestos naturais que acompanham a fala refor\u00e7am a mensagem e oferecem pistas contextuais valiosas. Essa comunica\u00e7\u00e3o multimodal compensar\u00e1 os d\u00e9ficits lingu\u00edsticos e mant\u00e9m um v\u00ednculo social essencial para o moral do paciente.<\/p>\n\n            <div class=\"key-points\">\n                <h3>T\u00e9cnicas de comunica\u00e7\u00e3o eficazes<\/h3>\n                <ul>\n                    <li>Criar um ambiente calmo e sem distra\u00e7\u00f5es<\/li>\n                    <li>Utilizar frases curtas com um ritmo lento<\/li>\n                    <li>Priorizar perguntas fechadas (sim\/n\u00e3o)<\/li>\n                    <li>Acompanhar a fala com gestos e suportes visuais<\/li>\n                    <li>Deixar tempo para a formula\u00e7\u00e3o das respostas<\/li>\n                    <li>Valorizar cada tentativa de comunica\u00e7\u00e3o<\/li>\n                <\/ul>\n            <\/div>\n\n            <div class=\"expert-box\">\n                <div class=\"expert-box-label\">Recomenda\u00e7\u00f5es fonoaudiol\u00f3gicas<\/div>\n<div class=\"expert-inner\">\n                    <h3 class=\"expert-inner-title\">Otimizar as trocas di\u00e1rias<\/h3>\n                    <p>A paci\u00eancia \u00e9 a virtude cardinal no acompanhamento de uma pessoa af\u00e1sica. Dedique o tempo necess\u00e1rio para a formula\u00e7\u00e3o e nunca complete as frases por ela, a menos que haja um pedido expl\u00edcito. Incentive toda tentativa de comunica\u00e7\u00e3o, mesmo que imperfeita, e reformule para confirmar a compreens\u00e3o m\u00fatua.<\/p>\n                <\/div>\n            <\/div>\n\n            <h2>5. Ferramentas tecnol\u00f3gicas de comunica\u00e7\u00e3o: Meu Dico e solu\u00e7\u00f5es inovadoras<\/h2>\n\n            <p>A evolu\u00e7\u00e3o tecnol\u00f3gica revolucionou a abordagem da comunica\u00e7\u00e3o alternativa e aumentativa para pessoas af\u00e1sicas. O aplicativo Meu Dico desenvolvido pela DYNSEO ilustra perfeitamente essa inova\u00e7\u00e3o, oferecendo um banco de imagens personaliz\u00e1veis organizadas por categorias tem\u00e1ticas. Essa solu\u00e7\u00e3o permite que os pacientes apontem pictogramas representando suas necessidades, emo\u00e7\u00f5es ou desejos, contornando assim as dificuldades de express\u00e3o verbal.<\/p>\n\n            <p>A personaliza\u00e7\u00e3o \u00e9 o principal trunfo do Meu Dico: as fam\u00edlias podem integrar fotografias do ambiente familiar do paciente, criando um vocabul\u00e1rio visual adaptado ao seu cotidiano espec\u00edfico. Essa abordagem individualizada aumenta a efic\u00e1cia comunicacional e mant\u00e9m os la\u00e7os com a hist\u00f3ria pessoal do paciente. A interface intuitiva permite uma r\u00e1pida adapta\u00e7\u00e3o, mesmo por usu\u00e1rios pouco familiarizados com ferramentas digitais.<\/p>\n\n            <p>Outras inova\u00e7\u00f5es tecnol\u00f3gicas complementam o arsenal terap\u00eautico: s\u00edntese de voz, reconhecimento gestual, aplicativos de reabilita\u00e7\u00e3o cognitiva como <a href=\"https:\/\/www.dynseo.com\/pt-pt\/coco-pensa-e-coco-se-mexe\/\" style=\"color: #5e5ed7; font-weight: 600;\">COCO PENSA e COCO SE MEXE<\/a>. Essas ferramentas se integram em um ecossistema digital coerente, permitindo um acompanhamento longitudinal dos progressos e a adapta\u00e7\u00e3o cont\u00ednua das estrat\u00e9gias terap\u00eauticas. A tele-reabilita\u00e7\u00e3o tamb\u00e9m abre novas perspectivas para o acompanhamento em casa.<\/p>\n<div class=\"tip-box\">\n                <span class=\"tip-box-label\">Dica t\u00e9cnica<\/span>\n                <p>Comece a introduzir gradualmente as ferramentas digitais em paralelo com os m\u00e9todos tradicionais. A familiariza\u00e7\u00e3o gradual favorece a aceita\u00e7\u00e3o e a apropria\u00e7\u00e3o dessas novas modalidades comunicacionais.<\/p>\n            <\/div>\n\n            <h2>6. Reabilita\u00e7\u00e3o fonoaudiol\u00f3gica: m\u00e9todos e protocolos terap\u00eauticos<\/h2>\n\n            <p>A reabilita\u00e7\u00e3o fonoaudiol\u00f3gica constitui o pilar central do tratamento da afasia, apoiando-se nos princ\u00edpios da neuroplasticidade para estimular a recupera\u00e7\u00e3o das fun\u00e7\u00f5es lingu\u00edsticas. Esta abordagem terap\u00eautica inicia-se idealmente nas primeiras semanas ap\u00f3s o AVC, per\u00edodo durante o qual a plasticidade cerebral atinge seu potencial m\u00e1ximo. A interven\u00e7\u00e3o precoce otimiza as chances de recupera\u00e7\u00e3o funcional e limita a instala\u00e7\u00e3o de estrat\u00e9gias compensat\u00f3rias inadequadas.<\/p>\n\n            <p>Os protocolos terap\u00eauticos se individualizam de acordo com o perfil af\u00e1sico identificado durante a avalia\u00e7\u00e3o inicial. Para a afasia de Broca, os exerc\u00edcios visam a facilita\u00e7\u00e3o da express\u00e3o: t\u00e9cnicas de indica\u00e7\u00e3o, repeti\u00e7\u00e3o r\u00edtmica, terapia mel\u00f3dica e entonativa. Essas abordagens exploram os recursos preservados do hemisf\u00e9rio direito para contornar as \u00e1reas lesionadas. A progress\u00e3o ocorre gradualmente, de palavras isoladas para frases complexas, respeitando o ritmo de aquisi\u00e7\u00e3o do paciente.<\/p>\n\n            <p>Na afasia de Wernicke, o foco est\u00e1 na restaura\u00e7\u00e3o da compreens\u00e3o auditiva e escrita. Os exerc\u00edcios de discrimina\u00e7\u00e3o fon\u00eamica, de pareamento palavra-imagem e de compreens\u00e3o de instru\u00e7\u00f5es simples constituem os fundamentos dessa reabilita\u00e7\u00e3o. A corre\u00e7\u00e3o das paraphasias e a reestrutura\u00e7\u00e3o do l\u00e9xico mental necessitam de uma abordagem met\u00f3dica, muitas vezes prolongada por v\u00e1rios meses ou at\u00e9 anos, dependendo da gravidade inicial.<\/p>\n\n            <div class=\"expert-box\">\n                <div class=\"expert-box-label\">Protocolo terap\u00eautico<\/div>\n<div class=\"expert-inner\">\n                    <h3 class=\"expert-inner-title\">Otimiza\u00e7\u00e3o da reabilita\u00e7\u00e3o<\/h3>\n                    <p>A frequ\u00eancia ideal das sess\u00f5es de fonoaudiologia situa-se entre 3 a 5 vezes por semana na fase aguda, com uma dura\u00e7\u00e3o de 45 minutos a 1 hora. A intensidade terap\u00eautica correlaciona-se positivamente com os ganhos funcionais observados. A utiliza\u00e7\u00e3o de ferramentas digitais como <a href=\"https:\/\/www.dynseo.com\/pt-pt\/coco-pensa-e-coco-se-mexe\/\" style=\"color: #5e5ed7;\">COCO PENSA<\/a> pode prolongar o treinamento em casa e refor\u00e7ar as aquisi\u00e7\u00f5es.<\/p>\n                <\/div>\n            <\/div>\n\n            <h2>7. Abordagens terap\u00eauticas inovadoras e terapias complementares<\/h2>\n\n            <p>A evolu\u00e7\u00e3o das neuroci\u00eancias enriqueceu o arsenal terap\u00eautico da afasia pela integra\u00e7\u00e3o de abordagens inovadoras que complementam eficazmente a reabilita\u00e7\u00e3o fonoaudiol\u00f3gica tradicional. A terapia mel\u00f3dica e entonativa (TMI) explora as capacidades musicais preservadas para facilitar a produ\u00e7\u00e3o verbal. Esta t\u00e9cnica baseia-se na observa\u00e7\u00e3o de que os pacientes af\u00e1sicos frequentemente conseguem cantar letras que n\u00e3o conseguem pronunciar, revelando a implica\u00e7\u00e3o de redes neuronais alternativas no processamento musical.<\/p>\n\n            <p>A estimula\u00e7\u00e3o magn\u00e9tica transcraniana (TMS) representa um avan\u00e7o significativo na neuromodula\u00e7\u00e3o terap\u00eautica. Esta t\u00e9cnica n\u00e3o invasiva permite modular a atividade das \u00e1reas cerebrais envolvidas na linguagem, seja estimulando as regi\u00f5es hipoativas, seja inibindo as \u00e1reas hiperativas que interferem na recupera\u00e7\u00e3o. Os protocolos de TMS repetitiva mostram resultados promissores, particularmente quando associados \u00e0 reabilita\u00e7\u00e3o fonoaudiol\u00f3gica intensiva.<\/p>\n\n            <p>A terapia por constri\u00e7\u00e3o induzida da linguagem transp\u00f5e ao dom\u00ednio lingu\u00edstico os princ\u00edpios desenvolvidos para a reabilita\u00e7\u00e3o motora. Esta abordagem for\u00e7a o paciente a utilizar suas capacidades verbais alteradas, limitando o acesso \u00e0s estrat\u00e9gias compensat\u00f3rias n\u00e3o verbais. A intensidade desta terapia, praticada v\u00e1rias horas por dia durante per\u00edodos concentrados, favorece a neuroplasticidade e acelera os processos de recupera\u00e7\u00e3o funcional.<\/p>\n<div class=\"conseil-card\">\n                <h3>Terapias complementares<\/h3>\n                <p>A arteterapia, a musicoterapia e as atividades criativas estimulam as capacidades expressivas por vias alternativas. Essas abordagens reduzem a ansiedade relacionada aos dist\u00farbios do linguagem e mant\u00eam a autoestima, fatores cruciais para a motiva\u00e7\u00e3o terap\u00eautica a longo prazo.<\/p>\n            <\/div>\n\n            <h2>8. Acompanhamento familiar e apoio psicossocial<\/h2>\n\n            <p>O acompanhamento familiar constitui um determinante maior do sucesso terap\u00eautico na abordagem da afasia. Os familiares desempenham um papel central n\u00e3o apenas como parceiros de comunica\u00e7\u00e3o no dia a dia, mas tamb\u00e9m como apoios emocionais diante dos desafios psicol\u00f3gicos inerentes a esses dist\u00farbios. A forma\u00e7\u00e3o dos cuidadores nas t\u00e9cnicas de comunica\u00e7\u00e3o adaptada otimiza o ambiente lingu\u00edstico do paciente e favorece sua reintegra\u00e7\u00e3o social progressiva.<\/p>\n\n            <p>O impacto psicol\u00f3gico da afasia sobre o paciente e seu entorno necessita de um atendimento especializado. A perda s\u00fabita das capacidades comunicativas gera frequentemente epis\u00f3dios depressivos, ansiedade e um sentimento de isolamento social. O acompanhamento psicol\u00f3gico ajuda na aceita\u00e7\u00e3o da defici\u00eancia e no desenvolvimento de estrat\u00e9gias de adapta\u00e7\u00e3o. Os grupos de fala reunindo pacientes e fam\u00edlias criam um espa\u00e7o de troca e apoio m\u00fatuo particularmente ben\u00e9fico.<\/p>\n\n            <p>A reabilita\u00e7\u00e3o social progressiva baseia-se em atividades estruturadas que restauram a confian\u00e7a em si mesmo e mant\u00eam os la\u00e7os sociais. Os ateli\u00eas de comunica\u00e7\u00e3o, as sa\u00eddas acompanhadas e as atividades em grupo permitem uma exposi\u00e7\u00e3o gradual \u00e0s situa\u00e7\u00f5es de comunica\u00e7\u00e3o real. Essa abordagem ecol\u00f3gica prepara o retorno \u00e0 autonomia e previne o isolamento social, complica\u00e7\u00e3o frequente da afasia cr\u00f4nica.<\/p>\n<div class=\"key-points\">\n                <h3>Papel do entorno<\/h3>\n                <ul>\n                    <li>Forma\u00e7\u00e3o em t\u00e9cnicas de comunica\u00e7\u00e3o adaptada<\/li>\n                    <li>Manuten\u00e7\u00e3o de um ambiente estimulante e acolhedor<\/li>\n                    <li>Incentivo \u00e0s tentativas de comunica\u00e7\u00e3o<\/li>\n                    <li>Participa\u00e7\u00e3o ativa nas sess\u00f5es de reabilita\u00e7\u00e3o<\/li>\n                    <li>Apoio psicol\u00f3gico nos momentos dif\u00edceis<\/li>\n                <\/ul>\n            <\/div>\n\n            <h2>9. Aplica\u00e7\u00f5es digitais DYNSEO : COCO PENSA e COCO SE MEXE<\/h2>\n\n            <p>O ecossistema digital desenvolvido pela DYNSEO ilustra perfeitamente a evolu\u00e7\u00e3o da reabilita\u00e7\u00e3o cognitiva em dire\u00e7\u00e3o a solu\u00e7\u00f5es personalizadas e l\u00fadicas. <a href=\"https:\/\/www.dynseo.com\/pt-pt\/coco-pensa-e-coco-se-mexe\/\" style=\"color: #5e5ed7; font-weight: 600;\">COCO PENSA e COCO SE MEXE<\/a> oferecem mais de 30 jogos especificamente projetados para estimular as diferentes fun\u00e7\u00f5es cognitivas alteradas ap\u00f3s um AVC. Essa abordagem global reconhece que a afasia muitas vezes vem acompanhada de outros dist\u00farbios cognitivos que necessitam de um atendimento multidimensional.<\/p>\n\n            <p>COCO PENSA visa especificamente as fun\u00e7\u00f5es executivas, atencionais e mnem\u00f4nicas atrav\u00e9s de exerc\u00edcios progressivos e adaptativos. Para os pacientes af\u00e1sicos, os jogos de categoriza\u00e7\u00e3o, de reconhecimento visual e de mem\u00f3ria lexical complementam eficazmente a reabilita\u00e7\u00e3o fonoaudiol\u00f3gica. A interface intuitiva e a progress\u00e3o autom\u00e1tica mant\u00eam a motiva\u00e7\u00e3o enquanto oferecem um acompanhamento objetivo do desempenho cognitivo.<\/p>\n\n            <p>COCO SE MEXE integra a dimens\u00e3o motora na estimula\u00e7\u00e3o cognitiva, reconhecendo os benef\u00edcios da atividade f\u00edsica sobre a neuroplasticidade. Essa abordagem bi-modal estimula simultaneamente os circuitos motores e cognitivos, otimizando os processos de recupera\u00e7\u00e3o. Para os pacientes com hemiplegia associada \u00e0 afasia, esses exerc\u00edcios favorecem a coordena\u00e7\u00e3o e mant\u00eam as capacidades f\u00edsicas residuais.<\/p>\n\n            <div class=\"expert-box\">\n                <div class=\"expert-box-label\">Inova\u00e7\u00e3o tecnol\u00f3gica<\/div>\n<div class=\"expert-inner\">\n                    <h3 class=\"expert-inner-title\">Personaliza\u00e7\u00e3o terap\u00eautica<\/h3>\n                    <p>O algoritmo adaptativo de COCO PENSA e COCO SE MEXE ajusta automaticamente a dificuldade de acordo com o desempenho individual, mantendo um n\u00edvel de desafio ideal para a progress\u00e3o. Os relat\u00f3rios detalhados permitem que os terapeutas adaptem seus protocolos e que as fam\u00edlias acompanhem a evolu\u00e7\u00e3o das capacidades cognitivas.<\/p>\n                <\/div>\n            <\/div>\n\n            <h2>10. Progn\u00f3stico e fatores de recupera\u00e7\u00e3o funcional<\/h2>\n\n            <p>O progn\u00f3stico de recupera\u00e7\u00e3o na afasia depende de m\u00faltiplos fatores interdependentes que determinam o potencial de melhoria a curto e longo prazo. A precocidade do atendimento constitui o determinante progn\u00f3stico mais influente: uma interven\u00e7\u00e3o terap\u00eautica iniciada nas 48 horas seguintes ao AVC otimiza significativamente as chances de recupera\u00e7\u00e3o. Esta janela terap\u00eautica cr\u00edtica corresponde ao per\u00edodo de plasticidade m\u00e1xima onde o c\u00e9rebro pode reorganizar mais facilmente seus circuitos neuronais.<\/p>\n\n            <p>A extens\u00e3o e a localiza\u00e7\u00e3o precisa das les\u00f5es cerebrais influenciam diretamente o potencial de recupera\u00e7\u00e3o. Les\u00f5es limitadas \u00e0s \u00e1reas corticais geralmente oferecem um progn\u00f3stico melhor do que as les\u00f5es subcorticais extensas. A idade do paciente tamb\u00e9m modula as capacidades de recupera\u00e7\u00e3o: se a plasticidade cerebral diminui com a idade, ela permanece ativa ao longo da vida, permitindo melhorias mesmo tardias com uma reabilita\u00e7\u00e3o apropriada.<\/p>\n\n            <p>Os fatores psicossociais exercem uma influ\u00eancia consider\u00e1vel na evolu\u00e7\u00e3o funcional. A motiva\u00e7\u00e3o do paciente, o apoio familiar, a aus\u00eancia de depress\u00e3o e a manuten\u00e7\u00e3o das atividades sociais favorecem a recupera\u00e7\u00e3o. A intensidade da reabilita\u00e7\u00e3o correlaciona-se positivamente com os ganhos funcionais: os protocolos intensivos produzem melhorias superiores \u00e0s abordagens espa\u00e7adas, justificando a import\u00e2ncia de um atendimento precoce e cont\u00ednuo.<\/p>\n<div class=\"tip-box\">\n                <span class=\"tip-box-label\">Otimiza\u00e7\u00e3o progn\u00f3stica<\/span>\n                <p>A recupera\u00e7\u00e3o da afasia segue frequentemente um curso bif\u00e1sico: melhoria r\u00e1pida nos primeiros meses, seguida de uma progress\u00e3o mais lenta, mas cont\u00ednua, durante v\u00e1rios anos. Manter a reabilita\u00e7\u00e3o a longo prazo, mesmo em ritmo reduzido, preserva e consolida os ganhos terap\u00eauticos.<\/p>\n            <\/div>\n\n            <h2>11. Preven\u00e7\u00e3o e redu\u00e7\u00e3o dos riscos de AVC<\/h2>\n\n            <p>A preven\u00e7\u00e3o prim\u00e1ria dos acidentes vasculares cerebrais representa a abordagem mais eficaz para reduzir a incid\u00eancia da afasia. Esta estrat\u00e9gia preventiva gira em torno do controle dos fatores de risco cardiovascular modific\u00e1veis: hipertens\u00e3o arterial, diabetes, dislipidemias, tabagismo e sedentarismo. A modifica\u00e7\u00e3o dos h\u00e1bitos de vida pode reduzir em at\u00e9 80% o risco de AVC, demonstrando a import\u00e2ncia das medidas preventivas na sa\u00fade p\u00fablica.<\/p>\n\n            <p>A hipertens\u00e3o arterial, primeiro fator de risco de AVC, requer monitoramento regular e um tratamento adequado que mantenha os valores tensionais abaixo de 140\/90 mmHg. O equil\u00edbrio glic\u00eamico em diab\u00e9ticos, com um objetivo de HbA1c inferior a 7%, previne as complica\u00e7\u00f5es vasculares cerebrais. A corre\u00e7\u00e3o das dislipidemias por meio de estatinas reduz significativamente o risco aterotromb\u00f3tico, particularmente na preven\u00e7\u00e3o secund\u00e1ria.<\/p>\n\n            <p>A ado\u00e7\u00e3o de um estilo de vida saud\u00e1vel combina atividade f\u00edsica regular, alimenta\u00e7\u00e3o equilibrada do tipo mediterr\u00e2neo e a cessa\u00e7\u00e3o do tabaco. O exerc\u00edcio f\u00edsico moderado, praticado por 150 minutos por semana, melhora a fun\u00e7\u00e3o endotelial e reduz os fatores de risco. A alimenta\u00e7\u00e3o rica em frutas, legumes, peixes e pobre em gorduras saturadas protege contra a aterosclerose. A interrup\u00e7\u00e3o do tabagismo diminui rapidamente o risco vascular, com benef\u00edcios observ\u00e1veis j\u00e1 nos primeiros meses de cessa\u00e7\u00e3o.<\/p>\n<div class=\"conseil-card\">\n                <h3>Estrat\u00e9gias preventivas<\/h3>\n                <p>A fibrila\u00e7\u00e3o auricular, causa maior de AVC emb\u00f3lico, necessita de um tratamento anticoagulante adequado. A triagem dessa arritmia por ECG regular em pessoas em risco permite uma abordagem preventiva eficaz. O reconhecimento precoce dos sinais de alerta de AVC justifica uma interven\u00e7\u00e3o de emerg\u00eancia otimizando o progn\u00f3stico funcional.<\/p>\n            <\/div>\n\n            <h2>12. Evolu\u00e7\u00e3o recente da pesquisa em afasiologia<\/h2>\n\n            <p>Os avan\u00e7os recentes em neuroci\u00eancias revolucionaram nossa compreens\u00e3o da afasia e abriram novas perspectivas terap\u00eauticas promissoras. A imagem cerebral funcional, especialmente a RM funcional e a PET, agora permite visualizar em tempo real as redes neurais envolvidas no processamento da linguagem. Essas t\u00e9cnicas de investiga\u00e7\u00e3o revelam os mecanismos de compensa\u00e7\u00e3o cerebral e orientam o desenvolvimento de estrat\u00e9gias terap\u00eauticas direcionadas.<\/p>\n\n            <p>A estimula\u00e7\u00e3o cerebral n\u00e3o invasiva, incluindo a estimula\u00e7\u00e3o transcraniana por corrente direta (tDCS) e a estimula\u00e7\u00e3o magn\u00e9tica transcraniana (TMS), mostra resultados encorajadores na modula\u00e7\u00e3o dos circuitos lingu\u00edsticos. Essas t\u00e9cnicas permitem aumentar a excitabilidade das \u00e1reas cerebrais hipoativas ou inibir as regi\u00f5es que interferem na recupera\u00e7\u00e3o. A associa\u00e7\u00e3o da neuromodula\u00e7\u00e3o com a reabilita\u00e7\u00e3o intensiva potencializa os efeitos terap\u00eauticos e acelera a recupera\u00e7\u00e3o funcional.<\/p>\n\n            <p>As interfaces c\u00e9rebro-m\u00e1quina representam uma fronteira emergente na ajuda \u00e0 comunica\u00e7\u00e3o. Esses dispositivos decodificam a atividade neuronal intencional e a traduzem em comandos para sistemas de comunica\u00e7\u00e3o assistida. Embora ainda experimentais, essas tecnologias abrem perspectivas revolucion\u00e1rias para pacientes com afasia severa que n\u00e3o respondem \u00e0s terapias convencionais. A intelig\u00eancia artificial tamb\u00e9m enriquece as ferramentas de reabilita\u00e7\u00e3o por meio de algoritmos adaptativos que personalizam o treinamento de acordo com os perfis individuais.<\/p>\n\n            <div class=\"expert-box\">\n                <div class=\"expert-box-label\">Pesquisa translacional<\/div>\n                <div class=\"expert-inner\">\n                    <h3 class=\"expert-inner-title\">Perspectivas futuras<\/h3>\n                    <p>As terapias g\u00eanicas e a medicina regenerativa exploram o potencial de restaura\u00e7\u00e3o dos tecidos cerebrais lesionados. As c\u00e9lulas-tronco neurais e os fatores de crescimento neurotr\u00f3ficos est\u00e3o sendo objeto de ensaios cl\u00ednicos promissores. Essas abordagens inovadoras poderiam transformar o progn\u00f3stico da afasia nas pr\u00f3ximas d\u00e9cadas.<\/p>\n                <\/div>\n            <\/div>\n\n            <div class=\"faq-list\">\n                <h2>Perguntas frequentes sobre afasia ap\u00f3s AVC<\/h2>\n                \n                <div class=\"faq-item\">\n                    <div class=\"faq-q\">\n                        <span>Quanto tempo dura a recupera\u00e7\u00e3o da afasia ap\u00f3s um AVC?<\/span>\n                        <span class=\"faq-icon\">+<\/span>\n                    <\/div>\n<div class=\"faq-a\">\n                        <p>A recupera\u00e7\u00e3o da afasia varia consideravelmente entre os indiv\u00edduos. As melhorias mais significativas geralmente ocorrem nos primeiros 6 meses, mas a recupera\u00e7\u00e3o pode continuar por anos com uma reabilita\u00e7\u00e3o adequada. Cerca de 30 a 40% dos pacientes recuperam uma comunica\u00e7\u00e3o funcional satisfat\u00f3ria. A intensidade da reabilita\u00e7\u00e3o e a precocidade do atendimento influenciam diretamente o progn\u00f3stico de recupera\u00e7\u00e3o.<\/p>\n                    <\/div>\n                <\/div>\n\n                <div class=\"faq-item\">\n                    <div class=\"faq-q\">\n                        <span>Como distinguir a afasia de outros dist\u00farbios da linguagem?<\/span>\n                        <span class=\"faq-icon\">+<\/span>\n                    <\/div>\n                    <div class=\"faq-a\">\n                        <p>A afasia se distingue por sua origem neurol\u00f3gica devido a uma les\u00e3o cerebral, ao contr\u00e1rio dos dist\u00farbios do desenvolvimento da linguagem. Ela afeta especificamente as \u00e1reas da linguagem sem alterar a intelig\u00eancia geral. O diagn\u00f3stico diferencial \u00e9 realizado por uma avalia\u00e7\u00e3o neuropsicol\u00f3gica completa, incluindo a avalia\u00e7\u00e3o da compreens\u00e3o, da express\u00e3o, da leitura e da escrita. A imagem cerebral confirma a localiza\u00e7\u00e3o das les\u00f5es respons\u00e1veis pelos sintomas observados.<\/p>\n                    <\/div>\n                <\/div>\n\n                <div class=\"faq-item\">\n                    <div class=\"faq-q\">\n                        <span>Quais s\u00e3o as ferramentas tecnol\u00f3gicas mais eficazes para a afasia?<\/span>\n                        <span class=\"faq-icon\">+<\/span>\n                    <\/div>\n                    <div class=\"faq-a\">\n                        <p>As aplica\u00e7\u00f5es de comunica\u00e7\u00e3o assistida como Meu Dicion\u00e1rio, os softwares de reabilita\u00e7\u00e3o cognitiva como COCO PENSA, e os dispositivos de s\u00edntese de voz constituem as ferramentas mais utilizadas. Os tablets equipados com pictogramas personaliz\u00e1veis facilitam a comunica\u00e7\u00e3o di\u00e1ria. A realidade virtual surge como uma abordagem promissora para a reabilita\u00e7\u00e3o imersiva. A escolha das ferramentas depende do tipo de afasia e das capacidades preservadas de cada paciente.<\/p>\n                    <\/div>\n                <\/div>\n\n                <div class=\"faq-item\">\n                    <div class=\"faq-q\">\n                        <span>A afasia pode evoluir para uma recupera\u00e7\u00e3o completa?<\/span>\n                        <span class=\"faq-icon\">+<\/span>\n                    <\/div>\n                    <div class=\"faq-a\">\n                        <p>Uma recupera\u00e7\u00e3o completa \u00e9 poss\u00edvel, particularmente nas afasias leves a moderadas com um atendimento precoce e intensivo. Cerca de 15 a 20% dos pacientes recuperam um n\u00edvel de comunica\u00e7\u00e3o pr\u00f3ximo do normal. Mesmo em caso de sequelas persistentes, melhorias significativas muitas vezes permitem recuperar uma autonomia comunicacional satisfat\u00f3ria. A motiva\u00e7\u00e3o do paciente, o apoio familiar e a regularidade da reabilita\u00e7\u00e3o s\u00e3o fatores progn\u00f3sticos favor\u00e1veis.<\/p>\n                    <\/div>\n                <\/div>\n\n                <div class=\"faq-item\">\n                    <div class=\"faq-q\">\n                        <span>Como manter a motiva\u00e7\u00e3o do paciente af\u00e1sico ao longo do tempo?<\/span>\n                        <span class=\"faq-icon\">+<\/span>\n                    <\/div>\n<div class=\"faq-a\">\n                        <p>A motiva\u00e7\u00e3o se mant\u00e9m pela fixa\u00e7\u00e3o de objetivos realiz\u00e1veis a curto prazo, a valoriza\u00e7\u00e3o de cada progresso e a diversifica\u00e7\u00e3o das atividades terap\u00eauticas. A utiliza\u00e7\u00e3o de ferramentas l\u00fadicas como os aplicativos DYNSEO torna a reabilita\u00e7\u00e3o mais atraente. A participa\u00e7\u00e3o em grupos de apoio e a manuten\u00e7\u00e3o dos v\u00ednculos sociais previnem o isolamento. O acompanhamento psicol\u00f3gico ajuda a superar os per\u00edodos de des\u00e2nimo inevit\u00e1veis neste percurso de recupera\u00e7\u00e3o.<\/p>\n                    <\/div>\n                <\/div>\n            <\/div>\n\n            <div class=\"cta-box\">\n                <h3>Descubra nossas solu\u00e7\u00f5es de reabilita\u00e7\u00e3o cognitiva<\/h3>\n                <p>DYNSEO acompanha os pacientes af\u00e1sicos e suas fam\u00edlias com ferramentas inovadoras adaptadas a cada perfil. Nossos aplicativos COCO PENSA e COCO SE MEXE, assim como Mon Dico, oferecem uma abordagem personalizada da reabilita\u00e7\u00e3o cognitiva e da comunica\u00e7\u00e3o assistida.<\/p>\n                <div class=\"cta-buttons\">\n                    <a href=\"https:\/\/www.dynseo.com\/pt-pt\/coco-pensa-e-coco-se-mexe\/\" class=\"btn-white\">Descobrir COCO<\/a>\n                    <a href=\"https:\/\/www.dynseo.com\/pt-pt\/coco-pensa-e-coco-se-mexe\/\" class=\"btn-outline\">Teste gratuito<\/a>\n                <\/div>\n            <\/div>\n\n            <div class=\"article-tags\">\n                <a href=\"#\" class=\"article-tag\">Afasia<\/a>\n                <a href=\"#\" class=\"article-tag\">AVC<\/a>\n                <a href=\"#\" class=\"article-tag\">Reabilita\u00e7\u00e3o cognitiva<\/a>\n                <a href=\"#\" class=\"article-tag\">Fonoaudiologia<\/a>\n                <a href=\"#\" class=\"article-tag\">Comunica\u00e7\u00e3o assistida<\/a>\n                <a href=\"#\" class=\"article-tag\">Neuroplasticidade<\/a>\n                <a href=\"#\" class=\"article-tag\">DYNSEO<\/a>\n                <a href=\"#\" class=\"article-tag\">Dist\u00farbios da linguagem<\/a>\n                <a href=\"#\" class=\"article-tag\">Acompanhamento familiar<\/a>\n            <\/div>\n        <\/div>\n    <\/div>[\/et_pb_code][\/et_pb_column][\/et_pb_row][\/et_pb_section]","_et_gb_content_width":"","footnotes":""},"categories":[2915,2325],"tags":[],"class_list":["post-70385","post","type-post","status-publish","format-standard","has-post-thumbnail","hentry","category-les-conseils-des-coachs","category-tout-sur-avc"],"yoast_head":"<!-- This site is optimized with the Yoast SEO plugin v27.4 - https:\/\/yoast.com\/product\/yoast-seo-wordpress\/ -->\n<title>O que \u00e9 afasia ap\u00f3s o AVC? - DYNSEO - Aplica\u00e7\u00f5es educativas e jogos de mem\u00f3ria<\/title>\n<meta name=\"description\" content=\"Descubra o que \u00e9 afasia ap\u00f3s um AVC e quais s\u00e3o as solu\u00e7\u00f5es e dicas no Blog do Treinador - Dynseo\" \/>\n<meta name=\"robots\" content=\"index, follow, max-snippet:-1, max-image-preview:large, max-video-preview:-1\" \/>\n<link rel=\"canonical\" href=\"https:\/\/www.dynseo.com\/pt-pt\/o-que-e-afasia-apos-o-avc\/\" \/>\n<meta property=\"og:locale\" content=\"pt_PT\" \/>\n<meta property=\"og:type\" content=\"article\" \/>\n<meta property=\"og:title\" content=\"O que \u00e9 afasia ap\u00f3s o AVC? - DYNSEO - Aplica\u00e7\u00f5es educativas e jogos de mem\u00f3ria\" \/>\n<meta property=\"og:description\" content=\"Descubra o que \u00e9 afasia ap\u00f3s um AVC e quais s\u00e3o as solu\u00e7\u00f5es e dicas no Blog do Treinador - Dynseo\" \/>\n<meta property=\"og:url\" content=\"https:\/\/www.dynseo.com\/pt-pt\/o-que-e-afasia-apos-o-avc\/\" \/>\n<meta property=\"og:site_name\" content=\"DYNSEO - Aplica\u00e7\u00f5es educativas e jogos de mem\u00f3ria\" \/>\n<meta property=\"article:published_time\" content=\"2025-11-25T22:30:21+00:00\" \/>\n<meta property=\"article:modified_time\" content=\"2026-04-28T20:01:37+00:00\" \/>\n<meta property=\"og:image\" content=\"https:\/\/www.dynseo.com\/wp-content\/uploads\/2025\/03\/jeux-memoire-seniors-alzheimer.png\" \/>\n\t<meta property=\"og:image:width\" content=\"500\" \/>\n\t<meta property=\"og:image:height\" content=\"500\" \/>\n\t<meta property=\"og:image:type\" content=\"image\/png\" \/>\n<meta name=\"author\" content=\"DYNSEO\" \/>\n<meta name=\"twitter:label1\" content=\"Escrito por\" \/>\n\t<meta name=\"twitter:data1\" content=\"DYNSEO\" \/>\n\t<meta name=\"twitter:label2\" content=\"Tempo estimado de leitura\" \/>\n\t<meta name=\"twitter:data2\" content=\"21 minutos\" \/>\n<script type=\"application\/ld+json\" class=\"yoast-schema-graph\">{\"@context\":\"https:\\\/\\\/schema.org\",\"@graph\":[{\"@type\":\"Article\",\"@id\":\"https:\\\/\\\/www.dynseo.com\\\/pt-pt\\\/o-que-e-afasia-apos-o-avc\\\/#article\",\"isPartOf\":{\"@id\":\"https:\\\/\\\/www.dynseo.com\\\/pt-pt\\\/o-que-e-afasia-apos-o-avc\\\/\"},\"author\":{\"name\":\"DYNSEO\",\"@id\":\"https:\\\/\\\/www.dynseo.com\\\/pt-pt\\\/#\\\/schema\\\/person\\\/78ef63df2ee64e0989bc68f8401b38d6\"},\"headline\":\"O que \u00e9 afasia ap\u00f3s o AVC?\",\"datePublished\":\"2025-11-25T22:30:21+00:00\",\"dateModified\":\"2026-04-28T20:01:37+00:00\",\"mainEntityOfPage\":{\"@id\":\"https:\\\/\\\/www.dynseo.com\\\/pt-pt\\\/o-que-e-afasia-apos-o-avc\\\/\"},\"wordCount\":4271,\"publisher\":{\"@id\":\"https:\\\/\\\/www.dynseo.com\\\/pt-pt\\\/#organization\"},\"image\":{\"@id\":\"https:\\\/\\\/www.dynseo.com\\\/pt-pt\\\/o-que-e-afasia-apos-o-avc\\\/#primaryimage\"},\"thumbnailUrl\":\"https:\\\/\\\/www.dynseo.com\\\/wp-content\\\/uploads\\\/2025\\\/03\\\/jeux-memoire-seniors-alzheimer.png\",\"articleSection\":[\"Les conseils des coachs\",\"Tout sur l'AVC\"],\"inLanguage\":\"pt-PT\"},{\"@type\":\"WebPage\",\"@id\":\"https:\\\/\\\/www.dynseo.com\\\/pt-pt\\\/o-que-e-afasia-apos-o-avc\\\/\",\"url\":\"https:\\\/\\\/www.dynseo.com\\\/pt-pt\\\/o-que-e-afasia-apos-o-avc\\\/\",\"name\":\"O que \u00e9 afasia ap\u00f3s o AVC? - DYNSEO - Aplica\u00e7\u00f5es educativas e jogos de mem\u00f3ria\",\"isPartOf\":{\"@id\":\"https:\\\/\\\/www.dynseo.com\\\/pt-pt\\\/#website\"},\"primaryImageOfPage\":{\"@id\":\"https:\\\/\\\/www.dynseo.com\\\/pt-pt\\\/o-que-e-afasia-apos-o-avc\\\/#primaryimage\"},\"image\":{\"@id\":\"https:\\\/\\\/www.dynseo.com\\\/pt-pt\\\/o-que-e-afasia-apos-o-avc\\\/#primaryimage\"},\"thumbnailUrl\":\"https:\\\/\\\/www.dynseo.com\\\/wp-content\\\/uploads\\\/2025\\\/03\\\/jeux-memoire-seniors-alzheimer.png\",\"datePublished\":\"2025-11-25T22:30:21+00:00\",\"dateModified\":\"2026-04-28T20:01:37+00:00\",\"description\":\"Descubra o que \u00e9 afasia ap\u00f3s um AVC e quais s\u00e3o as solu\u00e7\u00f5es e dicas no Blog do Treinador - Dynseo\",\"breadcrumb\":{\"@id\":\"https:\\\/\\\/www.dynseo.com\\\/pt-pt\\\/o-que-e-afasia-apos-o-avc\\\/#breadcrumb\"},\"inLanguage\":\"pt-PT\",\"potentialAction\":[{\"@type\":\"ReadAction\",\"target\":[\"https:\\\/\\\/www.dynseo.com\\\/pt-pt\\\/o-que-e-afasia-apos-o-avc\\\/\"]}]},{\"@type\":\"ImageObject\",\"inLanguage\":\"pt-PT\",\"@id\":\"https:\\\/\\\/www.dynseo.com\\\/pt-pt\\\/o-que-e-afasia-apos-o-avc\\\/#primaryimage\",\"url\":\"https:\\\/\\\/www.dynseo.com\\\/wp-content\\\/uploads\\\/2025\\\/03\\\/jeux-memoire-seniors-alzheimer.png\",\"contentUrl\":\"https:\\\/\\\/www.dynseo.com\\\/wp-content\\\/uploads\\\/2025\\\/03\\\/jeux-memoire-seniors-alzheimer.png\",\"width\":500,\"height\":500,\"caption\":\"Jogos divertidos e desafiadores para estimular a mente de pacientes com Alzheimer\"},{\"@type\":\"BreadcrumbList\",\"@id\":\"https:\\\/\\\/www.dynseo.com\\\/pt-pt\\\/o-que-e-afasia-apos-o-avc\\\/#breadcrumb\",\"itemListElement\":[{\"@type\":\"ListItem\",\"position\":1,\"name\":\"Accueil\",\"item\":\"https:\\\/\\\/www.dynseo.com\\\/pt-pt\\\/\"},{\"@type\":\"ListItem\",\"position\":2,\"name\":\"O que \u00e9 afasia ap\u00f3s o AVC?\"}]},{\"@type\":\"WebSite\",\"@id\":\"https:\\\/\\\/www.dynseo.com\\\/pt-pt\\\/#website\",\"url\":\"https:\\\/\\\/www.dynseo.com\\\/pt-pt\\\/\",\"name\":\"Jeux de m\u00e9moire et stimulation cognitive\",\"description\":\"Entra\u00eenez votre m\u00e9moire et votre cerveau avec DYNSEO\",\"publisher\":{\"@id\":\"https:\\\/\\\/www.dynseo.com\\\/pt-pt\\\/#organization\"},\"potentialAction\":[{\"@type\":\"SearchAction\",\"target\":{\"@type\":\"EntryPoint\",\"urlTemplate\":\"https:\\\/\\\/www.dynseo.com\\\/pt-pt\\\/?s={search_term_string}\"},\"query-input\":{\"@type\":\"PropertyValueSpecification\",\"valueRequired\":true,\"valueName\":\"search_term_string\"}}],\"inLanguage\":\"pt-PT\"},{\"@type\":\"Organization\",\"@id\":\"https:\\\/\\\/www.dynseo.com\\\/pt-pt\\\/#organization\",\"name\":\"DYNSEO\",\"url\":\"https:\\\/\\\/www.dynseo.com\\\/pt-pt\\\/\",\"logo\":{\"@type\":\"ImageObject\",\"inLanguage\":\"pt-PT\",\"@id\":\"https:\\\/\\\/www.dynseo.com\\\/pt-pt\\\/#\\\/schema\\\/logo\\\/image\\\/\",\"url\":\"https:\\\/\\\/www.dynseo.com\\\/wp-content\\\/uploads\\\/2022\\\/05\\\/logo-dynseo-new.png\",\"contentUrl\":\"https:\\\/\\\/www.dynseo.com\\\/wp-content\\\/uploads\\\/2022\\\/05\\\/logo-dynseo-new.png\",\"width\":5073,\"height\":1397,\"caption\":\"DYNSEO\"},\"image\":{\"@id\":\"https:\\\/\\\/www.dynseo.com\\\/pt-pt\\\/#\\\/schema\\\/logo\\\/image\\\/\"}},{\"@type\":\"Person\",\"@id\":\"https:\\\/\\\/www.dynseo.com\\\/pt-pt\\\/#\\\/schema\\\/person\\\/78ef63df2ee64e0989bc68f8401b38d6\",\"name\":\"DYNSEO\",\"url\":\"https:\\\/\\\/www.dynseo.com\\\/pt-pt\\\/author\\\/justine\\\/\"}]}<\/script>\n<!-- \/ Yoast SEO plugin. -->","yoast_head_json":{"title":"O que \u00e9 afasia ap\u00f3s o AVC? - DYNSEO - Aplica\u00e7\u00f5es educativas e jogos de mem\u00f3ria","description":"Descubra o que \u00e9 afasia ap\u00f3s um AVC e quais s\u00e3o as solu\u00e7\u00f5es e dicas no Blog do Treinador - Dynseo","robots":{"index":"index","follow":"follow","max-snippet":"max-snippet:-1","max-image-preview":"max-image-preview:large","max-video-preview":"max-video-preview:-1"},"canonical":"https:\/\/www.dynseo.com\/pt-pt\/o-que-e-afasia-apos-o-avc\/","og_locale":"pt_PT","og_type":"article","og_title":"O que \u00e9 afasia ap\u00f3s o AVC? - DYNSEO - Aplica\u00e7\u00f5es educativas e jogos de mem\u00f3ria","og_description":"Descubra o que \u00e9 afasia ap\u00f3s um AVC e quais s\u00e3o as solu\u00e7\u00f5es e dicas no Blog do Treinador - Dynseo","og_url":"https:\/\/www.dynseo.com\/pt-pt\/o-que-e-afasia-apos-o-avc\/","og_site_name":"DYNSEO - Aplica\u00e7\u00f5es educativas e jogos de mem\u00f3ria","article_published_time":"2025-11-25T22:30:21+00:00","article_modified_time":"2026-04-28T20:01:37+00:00","og_image":[{"width":500,"height":500,"url":"https:\/\/www.dynseo.com\/wp-content\/uploads\/2025\/03\/jeux-memoire-seniors-alzheimer.png","type":"image\/png"}],"author":"DYNSEO","twitter_misc":{"Escrito por":"DYNSEO","Tempo estimado de leitura":"21 minutos"},"schema":{"@context":"https:\/\/schema.org","@graph":[{"@type":"Article","@id":"https:\/\/www.dynseo.com\/pt-pt\/o-que-e-afasia-apos-o-avc\/#article","isPartOf":{"@id":"https:\/\/www.dynseo.com\/pt-pt\/o-que-e-afasia-apos-o-avc\/"},"author":{"name":"DYNSEO","@id":"https:\/\/www.dynseo.com\/pt-pt\/#\/schema\/person\/78ef63df2ee64e0989bc68f8401b38d6"},"headline":"O que \u00e9 afasia ap\u00f3s o AVC?","datePublished":"2025-11-25T22:30:21+00:00","dateModified":"2026-04-28T20:01:37+00:00","mainEntityOfPage":{"@id":"https:\/\/www.dynseo.com\/pt-pt\/o-que-e-afasia-apos-o-avc\/"},"wordCount":4271,"publisher":{"@id":"https:\/\/www.dynseo.com\/pt-pt\/#organization"},"image":{"@id":"https:\/\/www.dynseo.com\/pt-pt\/o-que-e-afasia-apos-o-avc\/#primaryimage"},"thumbnailUrl":"https:\/\/www.dynseo.com\/wp-content\/uploads\/2025\/03\/jeux-memoire-seniors-alzheimer.png","articleSection":["Les conseils des coachs","Tout sur l'AVC"],"inLanguage":"pt-PT"},{"@type":"WebPage","@id":"https:\/\/www.dynseo.com\/pt-pt\/o-que-e-afasia-apos-o-avc\/","url":"https:\/\/www.dynseo.com\/pt-pt\/o-que-e-afasia-apos-o-avc\/","name":"O que \u00e9 afasia ap\u00f3s o AVC? - DYNSEO - Aplica\u00e7\u00f5es educativas e jogos de mem\u00f3ria","isPartOf":{"@id":"https:\/\/www.dynseo.com\/pt-pt\/#website"},"primaryImageOfPage":{"@id":"https:\/\/www.dynseo.com\/pt-pt\/o-que-e-afasia-apos-o-avc\/#primaryimage"},"image":{"@id":"https:\/\/www.dynseo.com\/pt-pt\/o-que-e-afasia-apos-o-avc\/#primaryimage"},"thumbnailUrl":"https:\/\/www.dynseo.com\/wp-content\/uploads\/2025\/03\/jeux-memoire-seniors-alzheimer.png","datePublished":"2025-11-25T22:30:21+00:00","dateModified":"2026-04-28T20:01:37+00:00","description":"Descubra o que \u00e9 afasia ap\u00f3s um AVC e quais s\u00e3o as solu\u00e7\u00f5es e dicas no Blog do Treinador - Dynseo","breadcrumb":{"@id":"https:\/\/www.dynseo.com\/pt-pt\/o-que-e-afasia-apos-o-avc\/#breadcrumb"},"inLanguage":"pt-PT","potentialAction":[{"@type":"ReadAction","target":["https:\/\/www.dynseo.com\/pt-pt\/o-que-e-afasia-apos-o-avc\/"]}]},{"@type":"ImageObject","inLanguage":"pt-PT","@id":"https:\/\/www.dynseo.com\/pt-pt\/o-que-e-afasia-apos-o-avc\/#primaryimage","url":"https:\/\/www.dynseo.com\/wp-content\/uploads\/2025\/03\/jeux-memoire-seniors-alzheimer.png","contentUrl":"https:\/\/www.dynseo.com\/wp-content\/uploads\/2025\/03\/jeux-memoire-seniors-alzheimer.png","width":500,"height":500,"caption":"Jogos divertidos e desafiadores para estimular a mente de pacientes com Alzheimer"},{"@type":"BreadcrumbList","@id":"https:\/\/www.dynseo.com\/pt-pt\/o-que-e-afasia-apos-o-avc\/#breadcrumb","itemListElement":[{"@type":"ListItem","position":1,"name":"Accueil","item":"https:\/\/www.dynseo.com\/pt-pt\/"},{"@type":"ListItem","position":2,"name":"O que \u00e9 afasia ap\u00f3s o AVC?"}]},{"@type":"WebSite","@id":"https:\/\/www.dynseo.com\/pt-pt\/#website","url":"https:\/\/www.dynseo.com\/pt-pt\/","name":"Jeux de m\u00e9moire et stimulation cognitive","description":"Entra\u00eenez votre m\u00e9moire et votre cerveau avec DYNSEO","publisher":{"@id":"https:\/\/www.dynseo.com\/pt-pt\/#organization"},"potentialAction":[{"@type":"SearchAction","target":{"@type":"EntryPoint","urlTemplate":"https:\/\/www.dynseo.com\/pt-pt\/?s={search_term_string}"},"query-input":{"@type":"PropertyValueSpecification","valueRequired":true,"valueName":"search_term_string"}}],"inLanguage":"pt-PT"},{"@type":"Organization","@id":"https:\/\/www.dynseo.com\/pt-pt\/#organization","name":"DYNSEO","url":"https:\/\/www.dynseo.com\/pt-pt\/","logo":{"@type":"ImageObject","inLanguage":"pt-PT","@id":"https:\/\/www.dynseo.com\/pt-pt\/#\/schema\/logo\/image\/","url":"https:\/\/www.dynseo.com\/wp-content\/uploads\/2022\/05\/logo-dynseo-new.png","contentUrl":"https:\/\/www.dynseo.com\/wp-content\/uploads\/2022\/05\/logo-dynseo-new.png","width":5073,"height":1397,"caption":"DYNSEO"},"image":{"@id":"https:\/\/www.dynseo.com\/pt-pt\/#\/schema\/logo\/image\/"}},{"@type":"Person","@id":"https:\/\/www.dynseo.com\/pt-pt\/#\/schema\/person\/78ef63df2ee64e0989bc68f8401b38d6","name":"DYNSEO","url":"https:\/\/www.dynseo.com\/pt-pt\/author\/justine\/"}]}},"_links":{"self":[{"href":"https:\/\/www.dynseo.com\/pt-pt\/wp-json\/wp\/v2\/posts\/70385","targetHints":{"allow":["GET"]}}],"collection":[{"href":"https:\/\/www.dynseo.com\/pt-pt\/wp-json\/wp\/v2\/posts"}],"about":[{"href":"https:\/\/www.dynseo.com\/pt-pt\/wp-json\/wp\/v2\/types\/post"}],"author":[{"embeddable":true,"href":"https:\/\/www.dynseo.com\/pt-pt\/wp-json\/wp\/v2\/users\/4"}],"replies":[{"embeddable":true,"href":"https:\/\/www.dynseo.com\/pt-pt\/wp-json\/wp\/v2\/comments?post=70385"}],"version-history":[{"count":22,"href":"https:\/\/www.dynseo.com\/pt-pt\/wp-json\/wp\/v2\/posts\/70385\/revisions"}],"predecessor-version":[{"id":568122,"href":"https:\/\/www.dynseo.com\/pt-pt\/wp-json\/wp\/v2\/posts\/70385\/revisions\/568122"}],"wp:featuredmedia":[{"embeddable":true,"href":"https:\/\/www.dynseo.com\/pt-pt\/wp-json\/wp\/v2\/media\/148854"}],"wp:attachment":[{"href":"https:\/\/www.dynseo.com\/pt-pt\/wp-json\/wp\/v2\/media?parent=70385"}],"wp:term":[{"taxonomy":"category","embeddable":true,"href":"https:\/\/www.dynseo.com\/pt-pt\/wp-json\/wp\/v2\/categories?post=70385"},{"taxonomy":"post_tag","embeddable":true,"href":"https:\/\/www.dynseo.com\/pt-pt\/wp-json\/wp\/v2\/tags?post=70385"}],"curies":[{"name":"wp","href":"https:\/\/api.w.org\/{rel}","templated":true}]}}