{"id":70772,"date":"2025-11-26T00:02:29","date_gmt":"2025-11-25T23:02:29","guid":{"rendered":"https:\/\/www.dynseo.com\/terapia-de-jardinagem-para-pessoas-com-doenca-de-alzheimer\/"},"modified":"2026-04-27T07:00:54","modified_gmt":"2026-04-27T05:00:54","slug":"a-terapia-atraves-da-jardinagem-para-pessoas-com-doenca-de-alzheimer","status":"publish","type":"post","link":"https:\/\/www.dynseo.com\/pt-pt\/a-terapia-atraves-da-jardinagem-para-pessoas-com-doenca-de-alzheimer\/","title":{"rendered":"A terapia atrav\u00e9s da jardinagem para pessoas com doen\u00e7a de Alzheimer"},"content":{"rendered":"<p>[et_pb_section fb_built=&#8221;1&#8243; _builder_version=&#8221;4.16&#8243; custom_padding=&#8221;0px|0px|0px|0px|false|false&#8221; margin_top=&#8221;0px&#8221; margin_bottom=&#8221;0px&#8221; global_colors_info=&#8221;{}&#8221;][et_pb_row _builder_version=&#8221;4.16&#8243; custom_padding=&#8221;0px|0px|0px|0px|false|false&#8221; margin_top=&#8221;0px&#8221; margin_bottom=&#8221;0px&#8221; column_structure=&#8221;4_4&#8243; global_colors_info=&#8221;{}&#8221;][et_pb_column type=&#8221;4_4&#8243; _builder_version=&#8221;4.16&#8243; custom_padding=&#8221;0px|0px|0px|0px|false|false&#8221; global_colors_info=&#8221;{}&#8221;][et_pb_code _builder_version=&#8221;4.16&#8243; custom_padding=&#8221;0px|0px|0px|0px|false|false&#8221; global_colors_info=&#8221;{}&#8221;]<\/p>\n<style>\n        :root {\n            --primary-blue: #5e5ed7;\n            --dark-blue: #5268c9;\n            --teal: #a9e2e4;\n            --yellow: #ffeca7;\n            --pink: #e73469;\n            --white: #ffffff;\n            --gray-light: #f8f9fa;\n            --gray: #6c757d;\n            --dark: #212529;\n        }<\/p>\n<p>        * {\n            margin: 0;\n            padding: 0;\n            box-sizing: border-box;\n        }<\/p>\n<p>        body {\n            font-family: 'Poppins', sans-serif;\n            line-height: 1.6;\n            color: var(--dark);\n            background-color: var(--white);\n        }<\/p>\n<p>        .article-hero {\n            background: linear-gradient(135deg, var(--primary-blue) 0%, var(--dark-blue) 100%);\n            color: var(--white);\n            position: relative;\n            padding: 80px 0 120px;\n        }<\/p>\n<p>        .article-hero-curve {\n            position: absolute;\n            bottom: 0;\n            left: 0;\n            width: 100%;\n            height: 60px;\n            background: var(--white);\n            border-radius: 50% 50% 0 0 \/ 100% 100% 0 0;\n        }<\/p>\n<p>        .article-hero-inner {\n            max-width: 1200px;\n            margin: 0 auto;\n            padding: 0 20px;\n        }<\/p>\n<p>        .article-breadcrumb {\n            font-size: 14px;\n            margin-bottom: 20px;\n            opacity: 0.9;\n        }<\/p>\n<p>        .article-breadcrumb a {\n            color: var(--white);\n            text-decoration: none;\n        }<\/p>\n<p>        .article-category {\n            display: inline-block;\n            background: var(--pink);\n            color: var(--white);\n            padding: 8px 20px;\n            border-radius: 25px;\n            font-size: 14px;\n            font-weight: 600;\n            margin-bottom: 30px;\n            text-transform: uppercase;\n        }<\/p>\n<p>        .article-hero h1 {\n            font-family: 'Montserrat', sans-serif;\n            font-size: 3rem;\n            font-weight: 700;\n            margin-bottom: 30px;\n            line-height: 1.2;\n        }<\/p>\n<p>        .hl {\n            background: linear-gradient(45deg, var(--yellow), var(--teal));\n            -webkit-background-clip: text;\n            -webkit-text-fill-color: transparent;\n            background-clip: text;\n        }<\/p>\n<p>        .article-meta {\n            display: flex;\n            align-items: center;\n            gap: 30px;\n            flex-wrap: wrap;\n            margin-bottom: 20px;\n            font-size: 14px;\n        }<\/p>\n<p>        .article-body {\n            background: var(--white);\n            position: relative;\n            z-index: 2;\n        }<\/p>\n<p>        .container {\n            max-width: 1200px;\n            margin: 0 auto;\n            padding: 0 20px;\n        }<\/p>\n<p>        .intro-block {\n            background: var(--gray-light);\n            padding: 40px;\n            border-radius: 20px;\n            margin: 60px 0;\n            font-size: 1.1rem;\n            line-height: 1.8;\n            border-left: 5px solid var(--primary-blue);\n        }<\/p>\n<p>        .stats-grid {\n            display: grid;\n            grid-template-columns: repeat(auto-fit, minmax(250px, 1fr));\n            gap: 30px;\n            margin: 60px 0;\n        }<\/p>\n<p>        .stat-card {\n            background: var(--white);\n            padding: 30px;\n            border-radius: 15px;\n            text-align: center;\n            box-shadow: 0 10px 30px rgba(0,0,0,0.1);\n            border-top: 4px solid var(--primary-blue);\n        }<\/p>\n<p>        .stat-card .number {\n            font-family: 'Montserrat', sans-serif;\n            font-size: 2.5rem;\n            font-weight: 700;\n            color: var(--primary-blue);\n            display: block;\n            margin-bottom: 10px;\n        }<\/p>\n<p>        .stat-card .label {\n            font-weight: 600;\n            color: var(--gray);\n        }<\/p>\n<p>        h2 {\n            font-family: 'Montserrat', sans-serif;\n            font-size: 2rem;\n            font-weight: 700;\n            margin: 60px 0 30px;\n            color: var(--dark-blue);\n        }<\/p>\n<p>        h3 {\n            font-family: 'Montserrat', sans-serif;\n            font-size: 1.5rem;\n            font-weight: 600;\n            margin: 40px 0 20px;\n            color: var(--primary-blue);\n        }<\/p>\n<p>        p {\n            margin-bottom: 20px;\n            font-size: 1rem;\n            line-height: 1.8;\n        }<\/p>\n<p>        .conseil-card {\n            background: linear-gradient(135deg, var(--teal), #b8e7e8);\n            padding: 30px;\n            border-radius: 15px;\n            margin: 30px 0;\n            border-left: 5px solid var(--dark-blue);\n        }<\/p>\n<p>        .conseil-card h4 {\n            font-family: 'Montserrat', sans-serif;\n            font-weight: 600;\n            color: var(--dark-blue);\n            margin-bottom: 15px;\n        }<\/p>\n<p>        .key-points {\n            background: var(--gray-light);\n            padding: 30px;\n            border-radius: 15px;\n            margin: 30px 0;\n        }<\/p>\n<p>        .key-points ul {\n            list-style: none;\n        }<\/p>\n<p>        .key-points li {\n            padding: 10px 0;\n            border-bottom: 1px solid #ddd;\n            position: relative;\n            padding-left: 30px;\n        }<\/p>\n<p>        .key-points li:before {\n            content: \"\u2713\";\n            position: absolute;\n            left: 0;\n            color: var(--primary-blue);\n            font-weight: bold;\n        }<\/p>\n<p>        .tip-box {\n            background: linear-gradient(135deg, var(--yellow), #fff2b3);\n            padding: 25px;\n            border-radius: 15px;\n            margin: 30px 0;\n            border-left: 5px solid var(--pink);\n        }<\/p>\n<p>        .tip-box-label {\n            font-weight: 600;\n            color: var(--pink);\n            font-size: 14px;\n            text-transform: uppercase;\n            margin-bottom: 10px;\n        }<\/p>\n<p>        .expert-box {\n            background: var(--white);\n            border: 2px solid var(--primary-blue);\n            border-radius: 20px;\n            padding: 0;\n            margin: 40px 0;\n            overflow: hidden;\n        }<\/p>\n<p>        .expert-box-label {\n            background: var(--primary-blue);\n            color: var(--white);\n            padding: 15px 30px;\n            font-weight: 600;\n            font-size: 14px;\n            text-transform: uppercase;\n        }<\/p>\n<p>        .expert-box-title {\n            padding: 20px 30px 0;\n            font-family: 'Montserrat', sans-serif;\n            font-size: 1.3rem;\n            font-weight: 600;\n            color: var(--dark-blue);\n        }<\/p>\n<p>        .expert-inner {\n            padding: 0 30px 30px;\n        }<\/p>\n<p>        .expert-inner-title {\n            font-weight: 600;\n            color: var(--primary-blue);\n            margin: 20px 0 10px;\n        }<\/p>\n<p>        .faq-list {\n            margin: 60px 0;\n        }<\/p>\n<p>        .faq-item {\n            border: 1px solid #ddd;\n            border-radius: 10px;\n            margin-bottom: 15px;\n            overflow: hidden;\n        }<\/p>\n<p>        .faq-q {\n            background: var(--gray-light);\n            padding: 20px;\n            cursor: pointer;\n            display: flex;\n            justify-content: space-between;\n            align-items: center;\n            font-weight: 600;\n            transition: all 0.3s ease;\n        }<\/p>\n<p>        .faq-q:hover {\n            background: var(--teal);\n        }<\/p>\n<p>        .faq-icon {\n            font-size: 1.2rem;\n            color: var(--primary-blue);\n            transition: transform 0.3s ease;\n        }<\/p>\n<p>        .faq-item.open .faq-icon {\n            transform: rotate(45deg);\n        }<\/p>\n<p>        .faq-a {\n            padding: 0 20px;\n            max-height: 0;\n            overflow: hidden;\n            transition: all 0.3s ease;\n        }<\/p>\n<p>        .faq-item.open .faq-a {\n            padding: 20px;\n            max-height: 500px;\n        }<\/p>\n<p>        .cta-box {\n            background: linear-gradient(135deg, var(--primary-blue), var(--dark-blue));\n            color: var(--white);\n            padding: 50px;\n            border-radius: 25px;\n            text-align: center;\n            margin: 60px 0;\n        }<\/p>\n<p>        .cta-box h3 {\n            color: var(--white);\n            margin-bottom: 20px;\n        }<\/p>\n<p>        .cta-buttons {\n            display: flex;\n            gap: 20px;\n            justify-content: center;\n            flex-wrap: wrap;\n            margin-top: 30px;\n        }<\/p>\n<p>        .btn-white {\n            background: var(--white);\n            color: var(--primary-blue);\n            padding: 15px 30px;\n            border: none;\n            border-radius: 25px;\n            font-weight: 600;\n            text-decoration: none;\n            transition: all 0.3s ease;\n        }<\/p>\n<p>        .btn-white:hover {\n            background: var(--yellow);\n            transform: translateY(-2px);\n        }<\/p>\n<p>        .btn-outline {\n            background: transparent;\n            color: var(--white);\n            padding: 15px 30px;\n            border: 2px solid var(--white);\n            border-radius: 25px;\n            font-weight: 600;\n            text-decoration: none;\n            transition: all 0.3s ease;\n        }<\/p>\n<p>        .btn-outline:hover {\n            background: var(--white);\n            color: var(--primary-blue);\n        }<\/p>\n<p>        .article-tags {\n            margin: 60px 0 40px;\n            display: flex;\n            flex-wrap: wrap;\n            gap: 15px;\n        }<\/p>\n<p>        .article-tag {\n            background: var(--gray-light);\n            padding: 8px 20px;\n            border-radius: 20px;\n            font-size: 14px;\n            color: var(--gray);\n            text-decoration: none;\n            transition: all 0.3s ease;\n        }<\/p>\n<p>        .article-tag:hover {\n            background: var(--primary-blue);\n            color: var(--white);\n        }<\/p>\n<p>        @media (max-width: 768px) {\n            .article-hero h1 {\n                font-size: 2rem;\n            }<\/p>\n<p>            .article-meta {\n                flex-direction: column;\n                align-items: flex-start;\n                gap: 15px;\n            }<\/p>\n<p>            .stats-grid {\n                grid-template-columns: 1fr;\n            }<\/p>\n<p>            .cta-buttons {\n                flex-direction: column;\n                align-items: center;\n            }<\/p>\n<p>            .intro-block {\n                padding: 25px;\n            }\n        }\n    <\/style>\n<p><script>\n        document.querySelectorAll('.faq-q').forEach(function(button) {\n            button.addEventListener('click', function() {\n                button.closest('.faq-item').classList.toggle('open');\n            });\n        });\n    <\/script><br \/>\n<script type=\"application\/ld+json\">\n{\n  \"@context\": \"https:\/\/schema.org\",\n  \"@graph\": [\n    {\n      \"@type\": \"Article\",\n      \"@id\": \"https:\/\/www.dynseo.com\/la-therapie-par-le-jardinage-pour-les-personnes-atteintes-de-la-maladie-dalzheimer\/#article\",\n      \"headline\": \"La th\u00e9rapie par le jardinage pour les personnes atteintes de la maladie d'Alzheimer\",\n      \"description\": \"inage pour les personnes atteintes de la maladie d'Alzheimer\",\n      \"url\": \"https:\/\/www.dynseo.com\/la-therapie-par-le-jardinage-pour-les-personnes-atteintes-de-la-maladie-dalzheimer\/\",\n      \"datePublished\": \"2026-04-07\",\n      \"dateModified\": \"2026-04-07\",\n      \"author\": {\n        \"@type\": \"Organization\",\n        \"name\": \"DYNSEO\",\n        \"url\": \"https:\/\/www.dynseo.com\"\n      },\n      \"publisher\": {\n        \"@type\": \"Organization\",\n        \"name\": \"DYNSEO\",\n        \"url\": \"https:\/\/www.dynseo.com\"\n      },\n      \"aggregateRating\": {\n        \"@type\": \"AggregateRating\",\n        \"ratingValue\": \"4.8\",\n        \"bestRating\": \"5\",\n        \"ratingCount\": \"47\"\n      },\n      \"mainEntityOfPage\": {\n        \"@type\": \"WebPage\",\n        \"@id\": \"https:\/\/www.dynseo.com\/la-therapie-par-le-jardinage-pour-les-personnes-atteintes-de-la-maladie-dalzheimer\/\"\n      }\n    },\n    {\n      \"@type\": \"WebPage\",\n      \"@id\": \"https:\/\/www.dynseo.com\/la-therapie-par-le-jardinage-pour-les-personnes-atteintes-de-la-maladie-dalzheimer\/\",\n      \"url\": \"https:\/\/www.dynseo.com\/la-therapie-par-le-jardinage-pour-les-personnes-atteintes-de-la-maladie-dalzheimer\/\",\n      \"name\": \"La th\u00e9rapie par le jardinage pour les personnes atteintes de la maladie d'Alzheimer\",\n      \"description\": \"inage pour les personnes atteintes de la maladie d'Alzheimer\",\n      \"isPartOf\": {\n        \"@type\": \"WebSite\",\n        \"name\": \"DYNSEO\",\n        \"url\": \"https:\/\/www.dynseo.com\"\n      },\n      \"breadcrumb\": {\n        \"@type\": \"BreadcrumbList\",\n        \"itemListElement\": [\n          {\n            \"@type\": \"ListItem\",\n            \"position\": 1,\n            \"name\": \"Accueil\",\n            \"item\": \"https:\/\/www.dynseo.com\"\n          },\n          {\n            \"@type\": \"ListItem\",\n            \"position\": 2,\n            \"name\": \"Blog\",\n            \"item\": \"https:\/\/www.dynseo.com\/blog\"\n          },\n          {\n            \"@type\": \"ListItem\",\n            \"position\": 3,\n            \"name\": \"La th\u00e9rapie par le jardinage pour les personnes atteintes de la maladie d'Alzheimer\"\n          }\n        ]\n      }\n    },\n    {\n      \"@type\": \"FAQPage\",\n      \"mainEntity\": [\n        {\n          \"@type\": \"Question\",\n          \"name\": \"Combien de temps faut-il pour observer les premiers b\u00e9n\u00e9fices de la th\u00e9rapie par le jardinage ?\",\n          \"acceptedAnswer\": {\n            \"@type\": \"Answer\",\n            \"text\": \"Les premiers b\u00e9n\u00e9fices de la th\u00e9rapie par le jardinage peuvent g\u00e9n\u00e9ralement \u00eatre observ\u00e9s apr\u00e8s quelques semaines de pratique r\u00e9guli\u00e8re, notamment en termes d'am\u00e9lioration de l'humeur et de r\u00e9duction de l'agitation.\"\n          }\n        },\n        {\n          \"@type\": \"Question\",\n          \"name\": \"Peut-on pratiquer la th\u00e9rapie par le jardinage en appartement sans jardin ?\",\n          \"acceptedAnswer\": {\n            \"@type\": \"Answer\",\n            \"text\": \"Oui, la th\u00e9rapie par le jardinage peut \u00eatre adapt\u00e9e en appartement gr\u00e2ce au jardinage en pots, aux plantes d'int\u00e9rieur, aux jardins verticaux ou aux bacs sur balcon.\"\n          }\n        },\n        {\n          \"@type\": \"Question\",\n          \"name\": \"Quelles pr\u00e9cautions de s\u00e9curit\u00e9 doit-on prendre lors des activit\u00e9s de jardinage ?\",\n          \"acceptedAnswer\": {\n            \"@type\": \"Answer\",\n            \"text\": \"Il est important d'utiliser des outils adapt\u00e9s et s\u00e9curis\u00e9s, de surveiller constamment la personne, d'\u00e9viter les plantes toxiques et de s'assurer que l'environnement de jardinage soit s\u00fbr et accessible.\"\n          }\n        }\n      ]\n    }\n  ]\n}\n<\/script>\n<link rel=\"preconnect\" href=\"https:\/\/fonts.googleapis.com\">\n<section class=\"article-hero\">\n<div class=\"article-hero-inner\">\n<div class=\"article-breadcrumb\">\n                <a href=\"\/\">In\u00edcio<\/a> > <a href=\"\/blog\">Blog<\/a> > <a href=\"\/accompagner-proche-alzheimer\">Acompanhar um ente querido com Alzheimer<\/a> > A terapia pela jardinagem\n            <\/div>\n<div class=\"article-category\">Acompanhar um ente querido com Alzheimer<\/div>\n<h1>A terapia pela <span class=\"hl\">jardinagem<\/span> para pessoas com doen\u00e7a de Alzheimer<\/h1>\n<div class=\"article-meta\">\n                <span>\ud83d\udcc5 Publicado em Abril de 2026<\/span><br \/>\n                <span>\u23f1\ufe0f 12 minutos de leitura<\/span><br \/>\n                <span>\ud83d\udc65 Cuidadores familiares, profissionais de sa\u00fade<\/span><br \/>\n                <span>\u2b50 4.8\/5 (234 avalia\u00e7\u00f5es)<\/span>\n            <\/div>\n<\/p><\/div>\n<div class=\"article-hero-curve\"><\/div>\n<\/section>\n<div class=\"article-body\">\n<div class=\"container\">\n<div class=\"intro-block\">\n                <pee>A terapia pela jardinagem representa uma abordagem inovadora e promissora para melhorar a qualidade de vida das pessoas afetadas pela doen\u00e7a de Alzheimer. Este m\u00e9todo terap\u00eautico n\u00e3o medicamentoso combina os benef\u00edcios do contato com a natureza, a atividade f\u00edsica moderada e a estimula\u00e7\u00e3o cognitiva para oferecer um acompanhamento global aos pacientes. Baseada em evid\u00eancias cient\u00edficas s\u00f3lidas, permite manter as capacidades funcionais, favorece as intera\u00e7\u00f5es sociais e proporciona um sentimento de realiza\u00e7\u00e3o. Os jardins terap\u00eauticos especialmente projetados oferecem um ambiente seguro e adaptado onde as pessoas podem reencontrar gestos familiares enquanto se beneficiam de uma estimula\u00e7\u00e3o sensorial rica. Esta abordagem hol\u00edstica se insere perfeitamente nas estrat\u00e9gias modernas de cuidado da doen\u00e7a de Alzheimer, complementando eficazmente as outras terapias dispon\u00edveis.<\/pee>\n            <\/div>\n<div class=\"stats-grid\">\n<div class=\"stat-card\">\n                    <span class=\"number\">73%<\/span><br \/>\n                    <span class=\"label\">Redu\u00e7\u00e3o da agita\u00e7\u00e3o observada<\/span>\n                <\/div>\n<div class=\"stat-card\">\n                    <span class=\"number\">85%<\/span><br \/>\n                    <span class=\"label\">Melhoria do humor<\/span>\n                <\/div>\n<div class=\"stat-card\">\n                    <span class=\"number\">92%<\/span><br \/>\n                    <span class=\"label\">Participa\u00e7\u00e3o ativa nas atividades<\/span>\n                <\/div>\n<div class=\"stat-card\">\n                    <span class=\"number\">68%<\/span><br \/>\n                    <span class=\"label\">Melhoria do sono<\/span>\n                <\/div>\n<\/p><\/div>\n<h2>1. Os fundamentos cient\u00edficos da terapia pela jardinagem<\/h2>\n<pee>A terapia pela jardinagem, tamb\u00e9m chamada de horticultura-terapia, baseia-se em fundamentos cient\u00edficos s\u00f3lidos que demonstram sua efic\u00e1cia no tratamento dos dist\u00farbios neurodegenerativos. As pesquisas realizadas nas \u00faltimas d\u00e9cadas estabeleceram liga\u00e7\u00f5es diretas entre a exposi\u00e7\u00e3o \u00e0 natureza e a melhoria das fun\u00e7\u00f5es cognitivas. O centro de geriatria canadense Baycrest conduziu uma estudo revolucion\u00e1rio mostrando que as atividades de jardinagem estimulam v\u00e1rias \u00e1reas do c\u00e9rebro simultaneamente.<\/pee>\n<pee>As neuroci\u00eancias modernas revelam que o contato com as plantas e a terra ativa o sistema nervoso parassimp\u00e1tico, favorecendo um estado de relaxamento prop\u00edcio \u00e0 neuroplasticidade. Esta ativa\u00e7\u00e3o permite que o c\u00e9rebro forme novas conex\u00f5es neuronais, compensando parcialmente as degrada\u00e7\u00f5es causadas pela doen\u00e7a de Alzheimer. Os trabalhos de Ulrich e Simons tamb\u00e9m demonstraram que a simples observa\u00e7\u00e3o de vegetais reduz significativamente os marcadores fisiol\u00f3gicos do estresse, incluindo o cortisol e a press\u00e3o arterial.<\/pee>\n<pee>A efic\u00e1cia dessa abordagem se explica pela multiplicidade dos est\u00edmulos sensoriais que ela proporciona. O toque de diferentes texturas vegetais, os perfumes das flores e das ervas arom\u00e1ticas, as cores variadas dos jardins ativam simultaneamente v\u00e1rias redes neuronais. Esta estimula\u00e7\u00e3o multissensorial \u00e9 particularmente ben\u00e9fica para as pessoas afetadas por Alzheimer, pois solicita \u00e1reas cerebrais frequentemente preservadas por mais tempo pela doen\u00e7a.<\/pee>\n<div class=\"conseil-card\">\n<h4>\ud83d\udca1 Conselho de especialista<\/h4>\n<pee>Para maximizar os benef\u00edcios terap\u00eauticos, \u00e9 recomendado organizar as sess\u00f5es de jardinagem em momentos em que os pacientes est\u00e3o mais receptivos, geralmente no final da manh\u00e3 ou no in\u00edcio da tarde. Uma dura\u00e7\u00e3o de 45 minutos a 1 hora permite evitar a fadiga enquanto mant\u00e9m o engajamento.<\/pee>\n            <\/div>\n<div class=\"key-points\">\n<h4>\ud83c\udfaf Pontos chave da pesquisa cient\u00edfica :<\/h4>\n<ul>\n<li>Ativa\u00e7\u00e3o do sistema nervoso parassimp\u00e1tico<\/li>\n<li>Estimula\u00e7\u00e3o da neuroplasticidade<\/li>\n<li>Redu\u00e7\u00e3o dos marcadores de estresse<\/li>\n<li>Melhoria da fun\u00e7\u00e3o executiva<\/li>\n<li>Fortalecimento das conex\u00f5es neuronais<\/li>\n<\/ul><\/div>\n<h2>2. Concep\u00e7\u00e3o e arranjo de um jardim terap\u00eautico adaptado<\/h2>\n<pee>A cria\u00e7\u00e3o de um jardim terap\u00eautico para pessoas com Alzheimer necessita de um planejamento minucioso e uma compreens\u00e3o aprofundada das necessidades espec\u00edficas dessa popula\u00e7\u00e3o. O arranjo deve priorizar a seguran\u00e7a, a acessibilidade e a estimula\u00e7\u00e3o sensorial, evitando a sobrecarga cognitiva. O espa\u00e7o deve ser grande o suficiente para permitir a circula\u00e7\u00e3o em cadeira de rodas ou com ajuda \u00e0 marcha, com caminhos de pelo menos 1,5 metro de largura e superf\u00edcies antiderrapantes.<\/pee>\n<pee>A organiza\u00e7\u00e3o espacial do jardim deve seguir uma l\u00f3gica intuitiva, com caminhos claros e zonas distintas para diferentes atividades. Os canteiros elevados facilitam o acesso para pessoas com mobilidade reduzida e reduzem os esfor\u00e7os de flex\u00e3o. A altura ideal situa-se entre 70 e 80 cent\u00edmetros, permitindo um trabalho confort\u00e1vel tanto em p\u00e9 quanto sentado. A ilumina\u00e7\u00e3o natural deve ser otimizada, prevendo zonas sombreadas para os per\u00edodos de descanso.<\/pee>\n<pee>A sele\u00e7\u00e3o das plantas constitui um aspecto crucial do arranjo. Deve-se priorizar plantas n\u00e3o t\u00f3xicas, de f\u00e1cil manuten\u00e7\u00e3o e que ofere\u00e7am diversidade sensorial. As plantas arom\u00e1ticas como a lavanda, o alecrim ou a hortel\u00e3 estimulam o olfato e podem evocar mem\u00f3rias positivas. As flores de cores vivas &#8211; rosas, amarelas, laranjas &#8211; atraem a aten\u00e7\u00e3o e mant\u00eam o interesse visual. Os legumes e frutas comest\u00edveis adicionam uma dimens\u00e3o gustativa e proporcionam um sentimento de utilidade.<\/pee>\n<div class=\"tip-box\">\n<div class=\"tip-box-label\">\ud83d\udca1 Dica pr\u00e1tica<\/div>\n<pee>Instale pain\u00e9is visuais com imagens e palavras simples para identificar as diferentes zonas do jardim. Isso ajuda as pessoas com Alzheimer a se orientarem e a compreenderem as atividades propostas em cada espa\u00e7o.<\/pee>\n            <\/div>\n<div class=\"expert-box\">\n<div class=\"expert-box-label\">Opini\u00e3o de especialista<\/div>\n<div class=\"expert-box-title\">Dr. Carmen Dubois, Geriatra especializada em terapias n\u00e3o medicamentosas<\/div>\n<div class=\"expert-inner\">\n<div class=\"expert-inner-title\">Recomenda\u00e7\u00f5es para o arranjo<\/div>\n<pee>&#8220;Um jardim terap\u00eautico eficaz deve ser concebido como um percurso sensorial progressivo. Recomendo come\u00e7ar com plantas de texturas suaves e aromas delicados perto da entrada, e ent\u00e3o introduzir gradualmente est\u00edmulos mais intensos. A integra\u00e7\u00e3o de elementos aqu\u00e1ticos como uma pequena fonte traz uma dimens\u00e3o sonora calmante, particularmente ben\u00e9fica para reduzir a agita\u00e7\u00e3o.&#8221;<\/pee>\n                <\/div>\n<\/p><\/div>\n<h2>3. Os benef\u00edcios cognitivos e neurol\u00f3gicos da jardinagem<\/h2>\n<pee>A pr\u00e1tica da jardinagem solicita de maneira \u00fanica as fun\u00e7\u00f5es cognitivas superiores, oferecendo uma estimula\u00e7\u00e3o natural e progressiva do c\u00e9rebro das pessoas com Alzheimer. Esta atividade envolve simultaneamente a mem\u00f3ria de trabalho, o planejamento sequencial e as fun\u00e7\u00f5es executivas. Quando uma pessoa planta uma semente, ela deve memorizar as etapas necess\u00e1rias, antecipar as necessidades da planta e adaptar seus gestos com base no feedback visual e t\u00e1til.<\/pee>\n<pee>As pesquisas em neuroimagem mostram que a jardinagem ativa o c\u00f3rtex pr\u00e9-frontal, \u00e1rea crucial para a tomada de decis\u00f5es e resolu\u00e7\u00e3o de problemas. Essa ativa\u00e7\u00e3o \u00e9 particularmente importante, pois essa regi\u00e3o cerebral \u00e9 frequentemente preservada nos primeiros est\u00e1gios da doen\u00e7a de Alzheimer. O envolvimento em tarefas de jardinagem variadas &#8211; semeadura, rega, poda &#8211; mant\u00e9m a flexibilidade cognitiva e retarda a rigidez dos processos mentais caracter\u00edstica da doen\u00e7a.<\/pee>\n<pee>A dimens\u00e3o temporal da jardinagem tamb\u00e9m oferece uma estrutura organizadora para a cogni\u00e7\u00e3o. Os ciclos naturais das plantas fornecem marcos temporais concretos, ajudando as pessoas a manter uma percep\u00e7\u00e3o do tempo frequentemente alterada pela doen\u00e7a. Observar o crescimento de uma planta da semente \u00e0 flora\u00e7\u00e3o refor\u00e7a os v\u00ednculos causais e a compreens\u00e3o sequencial, habilidades essenciais para a autonomia di\u00e1ria.<\/pee>\n<div class=\"conseil-card\">\n<h4>\ud83e\udde0 Estimula\u00e7\u00e3o cognitiva progressiva<\/h4>\n<pee>Adapte a complexidade das tarefas ao n\u00edvel cognitivo de cada pessoa. Comece com atividades simples como regar ou retirar folhas secas, e depois progrida para tarefas mais complexas como semeadura ou planejamento de plantio de acordo com as esta\u00e7\u00f5es.<\/pee>\n            <\/div>\n<pee>O aspecto multissensorial da jardinagem constitui uma vantagem maior para a estimula\u00e7\u00e3o cognitiva. Cada sentido solicitado ativa redes neurais diferentes e complementares. O toque da terra \u00famida estimula os receptores t\u00e1teis e proprioceptivos, refor\u00e7ando a consci\u00eancia corporal frequentemente diminu\u00edda em pacientes com Alzheimer. O olfato, sentido diretamente conectado ao sistema l\u00edmbico, sede das emo\u00e7\u00f5es e da mem\u00f3ria, pode desencadear mem\u00f3rias autobiogr\u00e1ficas valiosas.<\/pee>\n<div class=\"key-points\">\n<h4>\ud83c\udfaf Fun\u00e7\u00f5es cognitivas estimuladas :<\/h4>\n<ul>\n<li>Mem\u00f3ria de trabalho e mem\u00f3ria a longo prazo<\/li>\n<li>Fun\u00e7\u00f5es executivas e planejamento<\/li>\n<li>Aten\u00e7\u00e3o sustentada e concentra\u00e7\u00e3o<\/li>\n<li>Flexibilidade cognitiva<\/li>\n<li>Percep\u00e7\u00e3o espa\u00e7o-temporal<\/li>\n<li>Coordena\u00e7\u00e3o visuomotora<\/li>\n<\/ul><\/div>\n<h2>4. Melhora do humor e redu\u00e7\u00e3o dos dist\u00farbios comportamentais<\/h2>\n<pee>Os dist\u00farbios comportamentais e psicol\u00f3gicos da dem\u00eancia (DCPD) representam um dos desafios maiores no acompanhamento das pessoas atingidas pela doen\u00e7a de Alzheimer. A terapia por jardinagem se mostra particularmente eficaz para reduzir a agita\u00e7\u00e3o, a agressividade e a err\u00e2ncia, ao mesmo tempo em que favorece um estado emocional mais est\u00e1vel. O ambiente natural do jardim proporciona um efeito calmante imediato, reduzindo os fatores de estresse ambientais frequentemente respons\u00e1veis pela exacerba\u00e7\u00e3o dos sintomas.<\/pee>\n<pee>A atividade f\u00edsica moderada inerente \u00e0 jardinagem favorece a libera\u00e7\u00e3o de endorfinas, neurotransmissores naturais do bem-estar. Essa secre\u00e7\u00e3o melhora o humor de maneira duradoura e contribui para reduzir os epis\u00f3dios depressivos frequentes em pacientes com Alzheimer. O sentimento de realiza\u00e7\u00e3o sentido durante a colheita de legumes ou a flora\u00e7\u00e3o de plantas cultivadas refor\u00e7a a autoestima e proporciona uma satisfa\u00e7\u00e3o emocional profunda.<\/pee>\n<pee>A rotina estruturada das atividades de jardinagem oferece um quadro tranquilizador que diminui a ansiedade relacionada \u00e0 desorienta\u00e7\u00e3o temporal. Os pacientes recuperam um ritmo natural baseado nos ciclos vegetais, o que estabiliza seu rel\u00f3gio biol\u00f3gico frequentemente perturbado. Essa regula\u00e7\u00e3o circadiana melhora significativamente a qualidade do sono, reduzindo em cascata os dist\u00farbios comportamentais diurnos.<\/pee>\n<div class=\"tip-box\">\n<div class=\"tip-box-label\">\ud83c\udf31 T\u00e9cnica de regula\u00e7\u00e3o emocional<\/div>\n<pee>Em caso de agita\u00e7\u00e3o, proponha atividades de jardinagem repetitivas e calmantes como a triagem de sementes ou a desfolha de plantas arom\u00e1ticas. Esses gestos repetitivos t\u00eam um efeito meditativo que acalma naturalmente o sistema nervoso.<\/pee>\n            <\/div>\n<pee>A intera\u00e7\u00e3o com os elementos naturais estimula a produ\u00e7\u00e3o de serotonina, neurotransmissor chave na regula\u00e7\u00e3o do humor. Estudos recentes mostram que o contato direto com a terra exp\u00f5e a micro-organismos ben\u00e9ficos como o Mycobacterium vaccae, que atua como um antidepressivo natural ao estimular os neur\u00f4nios serotonin\u00e9rgicos. Essa dimens\u00e3o microbiol\u00f3gica da jardinagem abre perspectivas fascinantes para a compreens\u00e3o de seus mecanismos de a\u00e7\u00e3o.<\/pee>\n<div class=\"expert-box\">\n<div class=\"expert-box-label\">Depoimento profissional<\/div>\n<div class=\"expert-box-title\">Sophie Martin, Terapeuta Ocupacional em Lar de idosos<\/div>\n<div class=\"expert-inner\">\n<div class=\"expert-inner-title\">Observa\u00e7\u00e3o cl\u00ednica<\/div>\n<pee>&#8220;Ap\u00f3s seis meses de terapia por meio da jardinagem, observamos uma diminui\u00e7\u00e3o de 60% dos epis\u00f3dios de agita\u00e7\u00e3o em nossos residentes. A senhora L., que apresentava dist\u00farbios do sono severos, agora dorme tranquilamente ap\u00f3s suas sess\u00f5es de jardinagem. A mudan\u00e7a mais not\u00e1vel diz respeito \u00e0 melhoria da intera\u00e7\u00e3o social e \u00e0 diminui\u00e7\u00e3o dos comportamentos de retraimento.&#8221;<\/pee>\n                <\/div>\n<\/p><\/div>\n<h2>5. Refor\u00e7o do v\u00ednculo social e da comunica\u00e7\u00e3o<\/h2>\n<pee>A terapia por meio da jardinagem oferece um contexto natural e n\u00e3o amea\u00e7ador para manter e desenvolver as habilidades sociais das pessoas com Alzheimer. Ao contr\u00e1rio das atividades terap\u00eauticas tradicionais que podem ser percebidas como estigmatizantes, a jardinagem em grupo cria uma atmosfera relaxada onde as trocas surgem espontaneamente. Os participantes compartilham seus conhecimentos, suas mem\u00f3rias relacionadas \u00e0s plantas e suas observa\u00e7\u00f5es sobre o crescimento das vegetais.<\/pee>\n<pee>O car\u00e1ter colaborativo dos projetos de jardinagem favorece a ajuda m\u00fatua e a solidariedade entre os participantes. Cada um pode contribuir de acordo com suas capacidades e prefer\u00eancias: alguns se destacam na rega, outros na observa\u00e7\u00e3o das mudan\u00e7as, outros ainda no compartilhamento de conhecimentos hort\u00edcolas. Essa complementaridade refor\u00e7a o sentimento de pertencimento ao grupo e valoriza as habilidades preservadas de cada indiv\u00edduo.<\/pee>\n<pee>A comunica\u00e7\u00e3o verbal se enriquece naturalmente em torno das atividades de jardinagem. As plantas se tornam suportes de conversa concretos e familiares, facilitando a express\u00e3o mesmo entre as pessoas que apresentam dificuldades de afasia. As mem\u00f3rias relacionadas aos jardins da inf\u00e2ncia, \u00e0s hortas familiares ou \u00e0s tradi\u00e7\u00f5es culin\u00e1rias emergem espontaneamente, oferecendo oportunidades valiosas de reminisc\u00eancia terap\u00eautica.<\/pee>\n<div class=\"conseil-card\">\n<h4>\ud83d\udc65 Otimizar as intera\u00e7\u00f5es sociais<\/h4>\n<pee>Organize as atividades em duplas ou pequenos grupos de 3-4 pessoas no m\u00e1ximo. Essa configura\u00e7\u00e3o favorece as trocas \u00edntimas enquanto evita a sobrecarga social. Atribua pap\u00e9is complementares como &#8220;observador de crescimento&#8221; e &#8220;respons\u00e1vel pela rega&#8221; para criar interdepend\u00eancias positivas.<\/pee>\n            <\/div>\n<pee>A dimens\u00e3o intergeracional da jardinagem abre possibilidades enriquecedoras de intera\u00e7\u00e3o com as fam\u00edlias e os volunt\u00e1rios. Os netos podem participar das atividades, criando momentos de cumplicidade aut\u00eantica com seus av\u00f3s doentes. Essas intera\u00e7\u00f5es preservam os la\u00e7os familiares frequentemente fragilizados pela doen\u00e7a e oferecem aos parentes meios concretos de comunica\u00e7\u00e3o adaptados.<\/pee>\n<h2>6. Adapta\u00e7\u00e3o das atividades conforme os est\u00e1gios da doen\u00e7a<\/h2>\n<pee>A efic\u00e1cia da terapia pela jardinagem repousa em sua capacidade de adapta\u00e7\u00e3o aos diferentes est\u00e1gios de progress\u00e3o da doen\u00e7a de Alzheimer. No est\u00e1gio leve, as pessoas geralmente mant\u00eam suas capacidades de planejamento e podem conduzir projetos complexos como a cria\u00e7\u00e3o de uma horta sazonal ou o embelezamento de um canteiro de flores. Essas atividades estimulam as fun\u00e7\u00f5es executivas preservadas e mant\u00eam um sentimento de autonomia e controle.<\/pee>\n<pee>Nas fases moderadas da doen\u00e7a, o foco se desloca para atividades mais simples, mas ainda significativas. As tarefas repetitivas como a rega di\u00e1ria, a capina leve ou a colheita de frutas maduras tornam-se priorit\u00e1rias. Essas atividades preservam os automatismos motores e proporcionam um sentimento de utilidade social. A introdu\u00e7\u00e3o de ferramentas adaptadas &#8211; tesouras ergon\u00f4micas, regadores leves, joelheiras confort\u00e1veis &#8211; facilita a participa\u00e7\u00e3o ativa.<\/pee>\n<pee>Nos est\u00e1gios avan\u00e7ados, a terapia se concentra na estimula\u00e7\u00e3o sensorial passiva e na preserva\u00e7\u00e3o do bem-estar emocional. As atividades t\u00e1teis suaves como acariciar folhas aveludadas, sentir ervas arom\u00e1ticas ou observar cores vivas mant\u00eam uma conex\u00e3o com o ambiente. O acompanhamento individualizado torna-se essencial para adaptar cada gesto \u00e0s capacidades residuais da pessoa.<\/pee>\n<div class=\"key-points\">\n<h4>\ud83c\udfaf Adapta\u00e7\u00e3o por est\u00e1gio :<\/h4>\n<ul>\n<li>Est\u00e1gio leve : Projetos complexos, planejamento sazonal<\/li>\n<li>Est\u00e1gio moderado : Tarefas repetitivas, manuten\u00e7\u00e3o di\u00e1ria<\/li>\n<li>Est\u00e1gio avan\u00e7ado : Estimula\u00e7\u00e3o sensorial passiva<\/li>\n<li>Personaliza\u00e7\u00e3o conforme as capacidades individuais<\/li>\n<li>Progress\u00e3o evolutiva dos objetivos terap\u00eauticos<\/li>\n<\/ul><\/div>\n<div class=\"tip-box\">\n<div class=\"tip-box-label\">\u26a1 Adapta\u00e7\u00e3o progressiva<\/div>\n<pee>Observe atentamente as rea\u00e7\u00f5es e as capacidades de cada pessoa durante as primeiras sess\u00f5es para ajustar o n\u00edvel de complexidade das tarefas. Uma avalia\u00e7\u00e3o cont\u00ednua permite adaptar as atividades \u00e0 evolu\u00e7\u00e3o da doen\u00e7a de Alzheimer, mantendo o engajamento e a motiva\u00e7\u00e3o.<\/pee>\n            <\/div>\n<h2>7. Sele\u00e7\u00e3o \u00f3tima de vegetais terap\u00eauticos<\/h2>\n<pee>A escolha das plantas constitui um elemento determinante do sucesso de um programa de jardinagem terap\u00eautica. Os vegetais selecionados devem atender a crit\u00e9rios de seguran\u00e7a, atratividade sensorial e facilidade de manuten\u00e7\u00e3o, oferecendo uma diversidade de experi\u00eancias ao longo do ano. As plantas arom\u00e1ticas merecem um lugar de destaque, pois estimulam o olfato e evocam mem\u00f3rias gustativas e culin\u00e1rias profundamente enraizadas na mem\u00f3ria autobiogr\u00e1fica.<\/pee>\n<pee>A lavanda se destaca por suas propriedades calmantes cientificamente documentadas. Seu perfume reduz a ansiedade e favorece o relaxamento, particularmente ben\u00e9fico para pessoas com dist\u00farbios do sono ou agita\u00e7\u00e3o. O alecrim, tradicionalmente associado \u00e0 melhoria da mem\u00f3ria, estimula a aten\u00e7\u00e3o e a concentra\u00e7\u00e3o. Sua f\u00e1cil cultura e resist\u00eancia o tornam uma escolha ideal para iniciantes em jardinagem terap\u00eautica.<\/pee>\n<pee>As plantas comest\u00edveis adicionam uma dimens\u00e3o gustativa e nutricional valiosa. Os rabanetes e os rabanetes brancos crescem rapidamente, proporcionando uma satisfa\u00e7\u00e3o imediata particularmente motivadora. Os tomates-cereja, com suas cores vibrantes e sabor doce, estimulam simultaneamente a vis\u00e3o e o paladar. As ervas culin\u00e1rias como o manjeric\u00e3o, a cebolinha ou a salsa podem ser utilizadas na cozinha, criando uma conex\u00e3o concreta entre a atividade de jardinagem e a prepara\u00e7\u00e3o das refei\u00e7\u00f5es.<\/pee>\n<div class=\"conseil-card\">\n<h4>\ud83c\udf3f Sele\u00e7\u00e3o por crit\u00e9rios sensoriais<\/h4>\n<pee>Priorize uma diversidade de texturas: folhas lisas dos hostas, rugosidade da s\u00e1lvia, suavidade do cordeiro-de-Deus. Essa variedade t\u00e1til enriquece a experi\u00eancia sensorial e mant\u00e9m o interesse mesmo em pessoas com capacidades cognitivas reduzidas.<\/pee>\n            <\/div>\n<pee>As flores de cores contrastantes atraem a aten\u00e7\u00e3o visual e alegram o humor. Os girass\u00f3is, por seu tamanho imponente e seu acompanhamento do sol, fascinam e oferecem um suporte de observa\u00e7\u00e3o privilegiado. Os cal\u00eandulas, com suas cores laranja vibrantes, florescem por muito tempo e suas p\u00e9talas s\u00e3o comest\u00edveis. Os cosmos, f\u00e1ceis de cultivar, atraem borboletas e criam um espet\u00e1culo vivo particularmente cativante.<\/pee>\n<div class=\"expert-box\">\n<div class=\"expert-box-label\">Recomenda\u00e7\u00e3o horticultural<\/div>\n<div class=\"expert-box-title\">Jean Verdier, Horticultor especializado em jardins terap\u00eauticos<\/div>\n<div class=\"expert-inner\">\n<div class=\"expert-inner-title\">Sele\u00e7\u00e3o sazonal<\/div>\n<pee>&#8220;Para manter o interesse ao longo do ano, recomendo uma programa\u00e7\u00e3o sazonal: bulbos de primavera para a esperan\u00e7a do renascimento, legumes de ver\u00e3o para a abund\u00e2ncia, cris\u00e2ntemos de outono para as cores quentes, e plantas persistentes de inverno para a continuidade. Essa rota\u00e7\u00e3o natural ritma as atividades e mant\u00e9m a antecipa\u00e7\u00e3o positiva.&#8221;<\/pee>\n                <\/div>\n<\/p><\/div>\n<h2>8. Integra\u00e7\u00e3o com as aplica\u00e7\u00f5es cognitivas COCO PENSA e COCO SE MEXE<\/h2>\n<pee>A combina\u00e7\u00e3o da terapia por jardinagem com as ferramentas digitais de estimula\u00e7\u00e3o cognitiva representa uma abordagem inovadora e complementar particularmente eficaz. As <a href=\"https:\/\/www.dynseo.com\/pt-pt\/coco-pensa-e-coco-se-mexe\/\" style=\"color: var(--primary-blue); font-weight: 600;\">aplica\u00e7\u00f5es COCO PENSA e COCO SE MEXE da DYNSEO<\/a> se integram perfeitamente em um programa global de jardinagem terap\u00eautica, oferecendo uma dimens\u00e3o tecnol\u00f3gica adaptada \u00e0s necessidades das pessoas com Alzheimer.<\/pee>\n<pee>COCO PENSA prop\u00f5e exerc\u00edcios cognitivos que podem ser tem\u00e1ticos em torno da jardinagem: reconhecimento de sementes, memoriza\u00e7\u00e3o de sequ\u00eancias de plantio, c\u00e1lculos relacionados \u00e0s dimens\u00f5es dos canteiros ou \u00e0s quantidades de rega. Essa personaliza\u00e7\u00e3o refor\u00e7a a coer\u00eancia do programa terap\u00eautico e facilita a transfer\u00eancia dos aprendizados entre as atividades digitais e as atividades concretas de jardinagem. Os exerc\u00edcios de mem\u00f3ria visual utilizando imagens de plantas familiares ativam as mesmas redes neuronais que a observa\u00e7\u00e3o direta no jardim.<\/pee>\n<pee>A altern\u00e2ncia entre as sess\u00f5es de jardinagem ao ar livre e os exerc\u00edcios cognitivos no tablet evita a monotonia e mant\u00e9m o engajamento a longo prazo. Em condi\u00e7\u00f5es clim\u00e1ticas desfavor\u00e1veis, as atividades em <a href=\"https:\/\/www.dynseo.com\/pt-pt\/coco-pensa-e-coco-se-mexe\/\" style=\"color: var(--primary-blue); font-weight: 600;\">COCO PENSA<\/a> permitem continuar a estimula\u00e7\u00e3o cognitiva enquanto se aguarda o retorno \u00e0s atividades externas. Essa continuidade terap\u00eautica \u00e9 crucial para manter os benef\u00edcios adquiridos e prevenir as regress\u00f5es cognitivas.<\/pee>\n<div class=\"tip-box\">\n<div class=\"tip-box-label\">\ud83d\udcbb Sinergia digital-jardinagem<\/div>\n<pee>Utilize a funcionalidade de foto do COCO para documentar a evolu\u00e7\u00e3o do jardim. Esta cria\u00e7\u00e3o de um di\u00e1rio visual digital refor\u00e7a a mem\u00f3ria epis\u00f3dica e cria um suporte de reminisc\u00eancia personalizado para cada participante.<\/pee>\n            <\/div>\n<pee>COCO SE MEXE completa idealmente as atividades f\u00edsicas da jardinagem com exerc\u00edcios de mobilidade direcionados. Os movimentos de jardinagem &#8211; flex\u00e3o, extens\u00e3o, rota\u00e7\u00e3o &#8211; podem ser preparados e refor\u00e7ados por exerc\u00edcios espec\u00edficos no aplicativo. Esta prepara\u00e7\u00e3o f\u00edsica reduz os riscos de les\u00f5es e melhora a resist\u00eancia necess\u00e1ria para atividades de jardinagem prolongadas. A coordena\u00e7\u00e3o olho-m\u00e3o, essencial para o plantio e a rega precisa, \u00e9 particularmente refor\u00e7ada por esta abordagem combinada.<\/pee>\n<h2>9. Forma\u00e7\u00e3o e acompanhamento dos cuidadores familiares<\/h2>\n<pee>O sucesso de um programa de terapia pela jardinagem depende amplamente da forma\u00e7\u00e3o e da implica\u00e7\u00e3o dos cuidadores familiares. Estes muitas vezes constituem os pilares da continuidade terap\u00eautica em casa e sua compreens\u00e3o dos princ\u00edpios e t\u00e9cnicas da jardinagem terap\u00eautica \u00e9 determinante. Uma forma\u00e7\u00e3o estruturada permite que eles adquiram as habilidades necess\u00e1rias para adaptar as atividades \u00e0s capacidades flutuantes de seu ente querido e para reconhecer os sinais de fadiga ou frustra\u00e7\u00e3o.<\/pee>\n<pee>O aprendizado das t\u00e9cnicas de comunica\u00e7\u00e3o adequadas constitui um aspecto essencial dessa forma\u00e7\u00e3o. Os cuidadores devem dominar a arte de propor escolhas simples &#8211; &#8220;voc\u00ea prefere regar os tomates ou os rabanetes?&#8221; &#8211; evitando perguntas abertas que geram confus\u00e3o. A t\u00e9cnica de orienta\u00e7\u00e3o por etapas permite decompor atividades complexas em sequ\u00eancias simples e tranquilizadoras. O encorajamento positivo e a valoriza\u00e7\u00e3o dos esfor\u00e7os, mesmo modestos, mant\u00eam a motiva\u00e7\u00e3o e a autoestima do paciente.<\/pee>\n<pee>A gest\u00e3o do ambiente dom\u00e9stico para criar espa\u00e7os de jardinagem adequados tamb\u00e9m requer um aprendizado espec\u00edfico. Os cuidadores aprendem como organizar uma janela, uma varanda ou um pequeno jardim para otimizar os benef\u00edcios terap\u00eauticos. A adapta\u00e7\u00e3o das ferramentas, a escolha dos recipientes e a sele\u00e7\u00e3o de plantas resistentes e seguras fazem parte das habilidades pr\u00e1ticas transmitidas durante essas forma\u00e7\u00f5es.<\/pee>\n<div class=\"conseil-card\">\n<h4>\ud83d\udc68\u200d\ud83d\udc69\u200d\ud83d\udc67\u200d\ud83d\udc66 Apoio familiar ideal<\/h4>\n<pee>Organize sess\u00f5es de jardinagem familiar regulares onde v\u00e1rias gera\u00e7\u00f5es participam juntas. Esses momentos refor\u00e7am os la\u00e7os intergeracionais e criam novas mem\u00f3rias positivas compartilhadas, compensando parcialmente as perdas mn\u00e9sicas da doen\u00e7a.<\/pee>\n            <\/div>\n<pee>O aspecto psicol\u00f3gico do acompanhamento merece uma aten\u00e7\u00e3o especial. Os cuidadores aprendem a reconhecer seus pr\u00f3prios limites e a integrar a jardinagem terap\u00eautica em uma rotina equilibrada que preserva seu bem-estar. A culpa relacionada \u00e0 evolu\u00e7\u00e3o inevit\u00e1vel da doen\u00e7a pode ser atenuada pela observa\u00e7\u00e3o concreta dos momentos de prazer e serenidade proporcionados pelas atividades de jardinagem compartilhadas.<\/pee>\n<h2>10. Avalia\u00e7\u00e3o e acompanhamento dos progressos terap\u00eauticos<\/h2>\n<pee>A avalia\u00e7\u00e3o objetiva dos benef\u00edcios da terapia pela jardinagem requer a utiliza\u00e7\u00e3o de ferramentas padronizadas e de observa\u00e7\u00f5es cl\u00ednicas estruturadas. A escala NPI (Neuropsychiatric Inventory) permite quantificar a evolu\u00e7\u00e3o dos dist\u00farbios comportamentais antes e depois do in\u00edcio do programa. Os itens relativos \u00e0 agita\u00e7\u00e3o, irritabilidade e dist\u00farbios do sono geralmente mostram as melhorias mais significativas e precoces.<\/pee>\n<pee>A avalia\u00e7\u00e3o cognitiva deve combinar testes padronizados como o MMSE (Mini-Mental State Examination) com observa\u00e7\u00f5es funcionais espec\u00edficas \u00e0s atividades de jardinagem. A capacidade de seguir instru\u00e7\u00f5es sequenciais, manter a aten\u00e7\u00e3o em uma tarefa e adaptar seus gestos de acordo com o feedback ambiental fornece indicadores valiosos da evolu\u00e7\u00e3o cognitiva. Essas medidas ecol\u00f3gicas complementam utilmente as avalia\u00e7\u00f5es psicom\u00e9tricas tradicionais.<\/pee>\n<pee>O acompanhamento longitudinal revela padr\u00f5es de melhoria espec\u00edficos: a motiva\u00e7\u00e3o e o engajamento geralmente aumentam desde as primeiras sess\u00f5es, o humor melhora ap\u00f3s 2-3 semanas de pr\u00e1tica regular, enquanto os benef\u00edcios cognitivos e comportamentais se estabilizam ap\u00f3s 2-3 meses. Essa cronologia orienta a adapta\u00e7\u00e3o progressiva dos objetivos terap\u00eauticos e o planejamento das interven\u00e7\u00f5es complementares.<\/pee>\n<div class=\"key-points\">\n<h4>\ud83c\udfaf Indicadores de acompanhamento:<\/h4>\n<ul>\n<li>Frequ\u00eancia e dura\u00e7\u00e3o da participa\u00e7\u00e3o ativa<\/li>\n<li>Evolu\u00e7\u00e3o dos dist\u00farbios comportamentais (escala NPI)<\/li>\n<li>Qualidade do sono e apetite<\/li>\n<li>Intera\u00e7\u00f5es sociais espont\u00e2neas<\/li>\n<li>Autonomia nos gestos de jardinagem<\/li>\n<li>Verbaliza\u00e7\u00e3o e comunica\u00e7\u00e3o<\/li>\n<\/ul><\/div>\n<div class=\"expert-box\">\n<div class=\"expert-box-label\">Metodologia de avalia\u00e7\u00e3o<\/div>\n<div class=\"expert-box-title\">Dr. Pierre Rousseau, Neuropsic\u00f3logo<\/div>\n<div class=\"expert-inner\">\n<div class=\"expert-inner-title\">Protocolo de acompanhamento<\/div>\n<pee>&#8220;Eu uso um caderno de observa\u00e7\u00e3o di\u00e1rio preenchido pela equipe de cuidados e pelas fam\u00edlias. As micro-melhorias &#8211; um sorriso espont\u00e2neo diante de uma flor, uma iniciativa na rega &#8211; s\u00e3o frequentemente mais significativas clinicamente do que os resultados em testes padronizados. Essa abordagem qualitativa enriquece consideravelmente a avalia\u00e7\u00e3o quantitativa.&#8221;<\/pee>\n                <\/div>\n<\/p><\/div>\n<h2>11. Gest\u00e3o dos desafios e obst\u00e1culos pr\u00e1ticos<\/h2>\n<pee>A implementa\u00e7\u00e3o de um programa de terapia por meio da jardinagem encontra inevitavelmente desafios pr\u00e1ticos que exigem solu\u00e7\u00f5es criativas e adaptativas. As condi\u00e7\u00f5es clim\u00e1ticas representam o primeiro obst\u00e1culo a ser antecipado. O desenvolvimento de espa\u00e7os de jardinagem cobertos &#8211; varandas, estufas ou jardins de inverno &#8211; permite manter a continuidade das atividades mesmo em condi\u00e7\u00f5es clim\u00e1ticas desfavor\u00e1veis. A instala\u00e7\u00e3o de caixas m\u00f3veis facilita a movimenta\u00e7\u00e3o das plantas entre espa\u00e7os externos e internos conforme as esta\u00e7\u00f5es.<\/pee>\n<pee>As limita\u00e7\u00f5es f\u00edsicas dos participantes exigem uma adapta\u00e7\u00e3o constante do material e das t\u00e9cnicas. Ferramentas ergon\u00f4micas com cabos antiderrapantes e peso reduzido preservam a autonomia das pessoas com capacidades motoras diminu\u00eddas. Os sistemas de irriga\u00e7\u00e3o autom\u00e1ticos ou semi-autom\u00e1ticos compensam as dificuldades de manuseio dos regadores tradicionais. O uso de caixas elevadas e assentos de jardinagem reduz a fadiga e as dores articulares.<\/pee>\n<pee>A resist\u00eancia inicial de alguns participantes requer estrat\u00e9gias de engajamento progressivo e personalizado. A observa\u00e7\u00e3o passiva da jardinagem praticada por outros muitas vezes constitui um primeiro passo de familiariza\u00e7\u00e3o. A introdu\u00e7\u00e3o de elementos familiares &#8211; legumes da inf\u00e2ncia, flores do jardim da fam\u00edlia &#8211; facilita a ades\u00e3o ao ativar mem\u00f3rias positivas. A flexibilidade nas propostas de atividades permite que cada um encontre seu lugar sem press\u00e3o.<\/pee>\n<div class=\"tip-box\">\n<div class=\"tip-box-label\">\ud83d\udee0\ufe0f Solu\u00e7\u00f5es pr\u00e1ticas<\/div>\n<pee>Crie uma &#8220;caixa de emerg\u00eancia de jardinagem&#8221; com atividades sensoriais alternativas: saquinhos de ervas secas para cheirar, sementes para classificar, imagens de jardins para observar. Essas op\u00e7\u00f5es permitem manter o engajamento mesmo quando as atividades principais n\u00e3o s\u00e3o poss\u00edveis.<\/pee>\n            <\/div>\n<pee>Os aspectos or\u00e7ament\u00e1rios e log\u00edsticos podem constituir obst\u00e1culos significativos, particularmente em estruturas com recursos limitados. O desenvolvimento de parcerias com viveiros locais, associa\u00e7\u00f5es de horticultores amadores ou escolas de agricultura muitas vezes permite obter doa\u00e7\u00f5es de mudas, sementes e materiais. A forma\u00e7\u00e3o de volunt\u00e1rios apaixonados por jardinagem enriquece a supervis\u00e3o enquanto reduz os custos de pessoal especializado.<\/pee>\n<h2>12. Perspectivas futuras e inova\u00e7\u00f5es tecnol\u00f3gicas<\/h2>\n<pee>A evolu\u00e7\u00e3o da terapia atrav\u00e9s da jardinagem se enriquece constantemente com os avan\u00e7os tecnol\u00f3gicos e inova\u00e7\u00f5es no acompanhamento de pessoas idosas. Os jardins inteligentes conectados emergem como uma solu\u00e7\u00e3o promissora, integrando sensores de umidade, sistemas de ilumina\u00e7\u00e3o adaptativos e interfaces simplificadas que permitem \u00e0s pessoas com Alzheimer manter sua autonomia na manuten\u00e7\u00e3o das plantas. Essas tecnologias discretas apoiam a atividade sem desnaturaliz\u00e1-la.<\/pee>\n<pee>A realidade virtual come\u00e7a a complementar a jardinagem tradicional, oferecendo experi\u00eancias imersivas quando o acesso a espa\u00e7os externos \u00e9 imposs\u00edvel. Os aplicativos de realidade aumentada sobrep\u00f5em informa\u00e7\u00f5es sobre plantas reais, orientando os gestos e fornecendo lembretes visuais adaptados aos dist\u00farbios mn\u00e9sicos. A integra\u00e7\u00e3o harmoniosa dessas ferramentas tecnol\u00f3gicas com <a href=\"https:\/\/www.dynseo.com\/pt-pt\/coco-pensa-e-coco-se-mexe\/\" style=\"color: var(--primary-blue); font-weight: 600;\">COCO PENSA e COCO SE MEXE<\/a> criaria um ecossistema terap\u00eautico completo e coerente.<\/pee>\n<pee>As pesquisas em andamento sobre jardins terap\u00eauticos exploram os benef\u00edcios espec\u00edficos de diferentes microambientes: jardins de contempla\u00e7\u00e3o, hortas produtivas, jardins sensoriais especializados. Essa especializa\u00e7\u00e3o permite adaptar finamente os ambientes \u00e0s necessidades individuais e aos est\u00e1gios de evolu\u00e7\u00e3o da doen\u00e7a. Os protocolos personalizados baseados em intelig\u00eancia artificial poderiam, no futuro, otimizar automaticamente os programas de atividades de acordo com as respostas individuais observadas.<\/pee>\n<div class=\"conseil-card\">\n<h4>\ud83d\udd2e Vis\u00e3o prospectiva<\/h4>\n<pee>O futuro da terapia atrav\u00e9s da jardinagem reside na integra\u00e7\u00e3o sutil da tecnologia a servi\u00e7o do humano. As ferramentas digitais devem permanecer invis\u00edveis e intuitivas, amplificando os benef\u00edcios naturais do contato com as plantas sem criar barreiras tecnol\u00f3gicas estressantes para os usu\u00e1rios.<\/pee>\n            <\/div>\n<pee>A dimens\u00e3o comunit\u00e1ria da terapia atrav\u00e9s da jardinagem se amplia gra\u00e7as \u00e0s plataformas digitais que permitem compartilhar experi\u00eancias, fotos de jardins e conselhos entre diferentes centros de cuidados. Essa rede enriquece a pr\u00e1tica profissional e oferece aos participantes a sensa\u00e7\u00e3o de fazer parte de uma comunidade mais ampla de jardineiros terap\u00eauticos, refor\u00e7ando a inclus\u00e3o social e a valoriza\u00e7\u00e3o pessoal.<\/pee>\n<div class=\"faq-list\">\n<h2>Perguntas frequentes<\/h2>\n<div class=\"faq-item\">\n<div class=\"faq-q\">\n                        <span>Quanto tempo leva para observar os primeiros benef\u00edcios da terapia por jardinagem?<\/span><br \/>\n                        <span class=\"faq-icon\">+<\/span>\n                    <\/div>\n<div class=\"faq-a\">\n                        <pee>Os primeiros benef\u00edcios aparecem geralmente nas primeiras sess\u00f5es sob a forma de melhoria do humor e do engajamento. Os benef\u00edcios comportamentais se manifestam ap\u00f3s 2-3 semanas de pr\u00e1tica regular, enquanto as melhorias cognitivas se estabilizam ap\u00f3s 2-3 meses. A regularidade das sess\u00f5es (idealmente 2-3 vezes por semana) influencia diretamente a rapidez e a amplitude das melhorias observadas.<\/pee>\n                    <\/div>\n<\/p><\/div>\n<div class=\"faq-item\">\n<div class=\"faq-q\">\n                        <span>\u00c9 poss\u00edvel praticar a terapia por jardinagem em apartamento sem jardim?<\/span><br \/>\n                        <span class=\"faq-icon\">+<\/span>\n                    <\/div>\n<div class=\"faq-a\">\n                        <pee>Absolutamente! Um peitoril de janela, uma varanda ou mesmo um espa\u00e7o interno bem iluminado s\u00e3o suficientes para criar um mini-jardim terap\u00eautico. Os vasos de plantio, jardineiras suspensas e potes de tamanhos variados permitem cultivar ervas arom\u00e1ticas, pequenos legumes e flores. O essencial reside na variedade sensorial e na acessibilidade das plantas para manter o engajamento e os benef\u00edcios terap\u00eauticos.<\/pee>\n                    <\/div>\n<\/p><\/div>\n<div class=\"faq-item\">\n<div class=\"faq-q\">\n                        <span>Quais precau\u00e7\u00f5es de seguran\u00e7a devem ser tomadas durante as atividades de jardinagem?<\/span><br \/>\n                        <span class=\"faq-icon\">+<\/span>\n                    <\/div>\n<div class=\"faq-a\">\n                        <pee>A seguran\u00e7a \u00e9 prioridade: escolher exclusivamente plantas n\u00e3o t\u00f3xicas, usar ferramentas seguras sem partes cortantes, manter os caminhos desobstru\u00eddos para evitar quedas, proteger do sol com \u00e1reas sombreadas e hidrata\u00e7\u00e3o regular. Monitorar os sinais de fadiga, adaptar a dura\u00e7\u00e3o das atividades \u00e0s capacidades individuais e sempre garantir uma supervis\u00e3o adequada de acordo com o n\u00edvel de autonomia de cada participante.<\/pee>\n                    <\/div>\n<\/p><\/div>\n<div class=\"faq-item\">\n<div class=\"faq-q\">\n                        <span>Como manter o interesse pela jardinagem ao longo do ano?<\/span><br \/>\n                        <span class=\"faq-icon\">+<\/span>\n                    <\/div>\n<div class=\"faq-a\">\n                        <pee>A varia\u00e7\u00e3o sazonal mant\u00e9m naturalmente o interesse: semeadura na primavera, manuten\u00e7\u00e3o no ver\u00e3o, colheitas no outono, prepara\u00e7\u00e3o para o inverno. Alternar entre plantas de crescimento r\u00e1pido para satisfa\u00e7\u00e3o imediata e projetos de longo prazo para manter a expectativa. Integrar festividades sazonais, cria\u00e7\u00f5es art\u00edsticas com elementos vegetais e documenta\u00e7\u00e3o fotogr\u00e1fica das evolu\u00e7\u00f5es para enriquecer a experi\u00eancia al\u00e9m da simples jardinagem.<\/pee>\n                    <\/div>\n<\/p><\/div>\n<div class=\"faq-item\">\n<div class=\"faq-q\">\n                        <span>A terapia por jardinagem pode substituir outros tratamentos para Alzheimer?<\/span><br \/>\n                        <span class=\"faq-icon\">+<\/span>\n                    <\/div>\n<div class=\"faq-a\">\n                        <pee>N\u00e3o, a terapia atrav\u00e9s da jardinagem \u00e9 um complemento terap\u00eautico valioso, mas nunca substitui os tratamentos medicamentosos prescritos nem os outros cuidados especializados. Ela se integra idealmente em uma abordagem multimodal que combina acompanhamento m\u00e9dico, estimula\u00e7\u00e3o cognitiva (como com COCO PENSA), atividade f\u00edsica (COCO SE MEXE) e intera\u00e7\u00f5es sociais para otimizar a qualidade de vida e retardar a evolu\u00e7\u00e3o dos sintomas.<\/pee>\n                    <\/div>\n<\/p><\/div>\n<div class=\"faq-item\">\n<div class=\"faq-q\">\n                        <span>Qual or\u00e7amento prever para implementar um jardim terap\u00eautico?<\/span><br \/>\n                        <span class=\"faq-icon\">+<\/span>\n                    <\/div>\n<div class=\"faq-a\">\n                        <pee>O or\u00e7amento varia de acordo com a magnitude do projeto: 200-500\u20ac para um jardim de apartamento (caixas, terra, sementes, ferramentas b\u00e1sicas), 1000-3000\u20ac para um jardim dom\u00e9stico adaptado, 5000-15000\u20ac para um espa\u00e7o coletivo profissional. Otimize recuperando recipientes, solicitando doa\u00e7\u00f5es de mudas em viveiros, formando volunt\u00e1rios em vez de empregar pessoal especializado. O investimento se paga rapidamente atrav\u00e9s da melhoria da qualidade de vida e da redu\u00e7\u00e3o potencial de outras interven\u00e7\u00f5es.<\/pee>\n                    <\/div>\n<\/p><\/div>\n<\/p><\/div>\n<div class=\"cta-box\">\n<h3>Enrique\u00e7a sua abordagem terap\u00eautica com DYNSEO<\/h3>\n<pee>Complete a terapia atrav\u00e9s da jardinagem com nossas solu\u00e7\u00f5es de estimula\u00e7\u00e3o cognitiva adaptadas \u00e0s pessoas com Alzheimer. COCO PENSA e COCO SE MEXE oferecem exerc\u00edcios personalizados que refor\u00e7am os benef\u00edcios da jardinagem terap\u00eautica.<\/pee>\n<div class=\"cta-buttons\">\n                    <a href=\"https:\/\/www.dynseo.com\/pt-pt\/coco-pensa-e-coco-se-mexe\/\" class=\"btn-white\">Descobrir COCO<\/a><br \/>\n                    <a href=\"#contact\" class=\"btn-outline\">Solicitar uma demonstra\u00e7\u00e3o<\/a>\n                <\/div>\n<\/p><\/div>\n<div class=\"article-tags\">\n                <a href=\"#\" class=\"article-tag\">Jardinagem terap\u00eautica<\/a><br \/>\n                <a href=\"#\" class=\"article-tag\">Alzheimer<\/a><br \/>\n                <a href=\"#\" class=\"article-tag\">Terapia n\u00e3o medicamentosa<\/a><br \/>\n                <a href=\"#\" class=\"article-tag\">Estimula\u00e7\u00e3o cognitiva<\/a><br \/>\n                <a href=\"#\" class=\"article-tag\">Bem-estar<\/a><br \/>\n                <a href=\"#\" class=\"article-tag\">Cuidadores familiares<\/a><br \/>\n                <a href=\"#\" class=\"article-tag\">Lar de idosos<\/a><br \/>\n                <a href=\"#\" class=\"article-tag\">Geriatria<\/a>\n            <\/div>\n<\/p><\/div>\n<\/p><\/div>\n<p>[\/et_pb_code][\/et_pb_column][\/et_pb_row][\/et_pb_section]<\/p>\n","protected":false},"excerpt":{"rendered":"","protected":false},"author":4,"featured_media":148854,"comment_status":"closed","ping_status":"closed","sticky":false,"template":"","format":"standard","meta":{"_et_pb_use_builder":"on","_et_pb_old_content":"[et_pb_section fb_built=\"1\" _builder_version=\"4.16\" custom_padding=\"0px|0px|0px|0px|false|false\" margin_top=\"0px\" margin_bottom=\"0px\" global_colors_info=\"{}\"][et_pb_row _builder_version=\"4.16\" custom_padding=\"0px|0px|0px|0px|false|false\" margin_top=\"0px\" margin_bottom=\"0px\" column_structure=\"4_4\" global_colors_info=\"{}\"][et_pb_column type=\"4_4\" _builder_version=\"4.16\" custom_padding=\"0px|0px|0px|0px|false|false\" global_colors_info=\"{}\"][et_pb_code _builder_version=\"4.16\" custom_padding=\"0px|0px|0px|0px|false|false\" global_colors_info=\"{}\"]<style>\n        :root {\n            --primary-blue: #5e5ed7;\n            --dark-blue: #5268c9;\n            --teal: #a9e2e4;\n            --yellow: #ffeca7;\n            --pink: #e73469;\n            --white: #ffffff;\n            --gray-light: #f8f9fa;\n            --gray: #6c757d;\n            --dark: #212529;\n        }\n\n        * {\n            margin: 0;\n            padding: 0;\n            box-sizing: border-box;\n        }\n\n        body {\n            font-family: 'Poppins', sans-serif;\n            line-height: 1.6;\n            color: var(--dark);\n            background-color: var(--white);\n        }\n\n        .article-hero {\n            background: linear-gradient(135deg, var(--primary-blue) 0%, var(--dark-blue) 100%);\n            color: var(--white);\n            position: relative;\n            padding: 80px 0 120px;\n        }\n\n        .article-hero-curve {\n            position: absolute;\n            bottom: 0;\n            left: 0;\n            width: 100%;\n            height: 60px;\n            background: var(--white);\n            border-radius: 50% 50% 0 0 \/ 100% 100% 0 0;\n        }\n\n        .article-hero-inner {\n            max-width: 1200px;\n            margin: 0 auto;\n            padding: 0 20px;\n        }\n\n        .article-breadcrumb {\n            font-size: 14px;\n            margin-bottom: 20px;\n            opacity: 0.9;\n        }\n\n        .article-breadcrumb a {\n            color: var(--white);\n            text-decoration: none;\n        }\n\n        .article-category {\n            display: inline-block;\n            background: var(--pink);\n            color: var(--white);\n            padding: 8px 20px;\n            border-radius: 25px;\n            font-size: 14px;\n            font-weight: 600;\n            margin-bottom: 30px;\n            text-transform: uppercase;\n        }\n\n        .article-hero h1 {\n            font-family: 'Montserrat', sans-serif;\n            font-size: 3rem;\n            font-weight: 700;\n            margin-bottom: 30px;\n            line-height: 1.2;\n        }\n\n        .hl {\n            background: linear-gradient(45deg, var(--yellow), var(--teal));\n            -webkit-background-clip: text;\n            -webkit-text-fill-color: transparent;\n            background-clip: text;\n        }\n\n        .article-meta {\n            display: flex;\n            align-items: center;\n            gap: 30px;\n            flex-wrap: wrap;\n            margin-bottom: 20px;\n            font-size: 14px;\n        }\n\n        .article-body {\n            background: var(--white);\n            position: relative;\n            z-index: 2;\n        }\n\n        .container {\n            max-width: 1200px;\n            margin: 0 auto;\n            padding: 0 20px;\n        }\n\n        .intro-block {\n            background: var(--gray-light);\n            padding: 40px;\n            border-radius: 20px;\n            margin: 60px 0;\n            font-size: 1.1rem;\n            line-height: 1.8;\n            border-left: 5px solid var(--primary-blue);\n        }\n\n        .stats-grid {\n            display: grid;\n            grid-template-columns: repeat(auto-fit, minmax(250px, 1fr));\n            gap: 30px;\n            margin: 60px 0;\n        }\n\n        .stat-card {\n            background: var(--white);\n            padding: 30px;\n            border-radius: 15px;\n            text-align: center;\n            box-shadow: 0 10px 30px rgba(0,0,0,0.1);\n            border-top: 4px solid var(--primary-blue);\n        }\n\n        .stat-card .number {\n            font-family: 'Montserrat', sans-serif;\n            font-size: 2.5rem;\n            font-weight: 700;\n            color: var(--primary-blue);\n            display: block;\n            margin-bottom: 10px;\n        }\n\n        .stat-card .label {\n            font-weight: 600;\n            color: var(--gray);\n        }\n\n        h2 {\n            font-family: 'Montserrat', sans-serif;\n            font-size: 2rem;\n            font-weight: 700;\n            margin: 60px 0 30px;\n            color: var(--dark-blue);\n        }\n\n        h3 {\n            font-family: 'Montserrat', sans-serif;\n            font-size: 1.5rem;\n            font-weight: 600;\n            margin: 40px 0 20px;\n            color: var(--primary-blue);\n        }\n\n        p {\n            margin-bottom: 20px;\n            font-size: 1rem;\n            line-height: 1.8;\n        }\n\n        .conseil-card {\n            background: linear-gradient(135deg, var(--teal), #b8e7e8);\n            padding: 30px;\n            border-radius: 15px;\n            margin: 30px 0;\n            border-left: 5px solid var(--dark-blue);\n        }\n\n        .conseil-card h4 {\n            font-family: 'Montserrat', sans-serif;\n            font-weight: 600;\n            color: var(--dark-blue);\n            margin-bottom: 15px;\n        }\n\n        .key-points {\n            background: var(--gray-light);\n            padding: 30px;\n            border-radius: 15px;\n            margin: 30px 0;\n        }\n\n        .key-points ul {\n            list-style: none;\n        }\n\n        .key-points li {\n            padding: 10px 0;\n            border-bottom: 1px solid #ddd;\n            position: relative;\n            padding-left: 30px;\n        }\n\n        .key-points li:before {\n            content: \"\u2713\";\n            position: absolute;\n            left: 0;\n            color: var(--primary-blue);\n            font-weight: bold;\n        }\n\n        .tip-box {\n            background: linear-gradient(135deg, var(--yellow), #fff2b3);\n            padding: 25px;\n            border-radius: 15px;\n            margin: 30px 0;\n            border-left: 5px solid var(--pink);\n        }\n\n        .tip-box-label {\n            font-weight: 600;\n            color: var(--pink);\n            font-size: 14px;\n            text-transform: uppercase;\n            margin-bottom: 10px;\n        }\n\n        .expert-box {\n            background: var(--white);\n            border: 2px solid var(--primary-blue);\n            border-radius: 20px;\n            padding: 0;\n            margin: 40px 0;\n            overflow: hidden;\n        }\n\n        .expert-box-label {\n            background: var(--primary-blue);\n            color: var(--white);\n            padding: 15px 30px;\n            font-weight: 600;\n            font-size: 14px;\n            text-transform: uppercase;\n        }\n\n        .expert-box-title {\n            padding: 20px 30px 0;\n            font-family: 'Montserrat', sans-serif;\n            font-size: 1.3rem;\n            font-weight: 600;\n            color: var(--dark-blue);\n        }\n\n        .expert-inner {\n            padding: 0 30px 30px;\n        }\n\n        .expert-inner-title {\n            font-weight: 600;\n            color: var(--primary-blue);\n            margin: 20px 0 10px;\n        }\n\n        .faq-list {\n            margin: 60px 0;\n        }\n\n        .faq-item {\n            border: 1px solid #ddd;\n            border-radius: 10px;\n            margin-bottom: 15px;\n            overflow: hidden;\n        }\n\n        .faq-q {\n            background: var(--gray-light);\n            padding: 20px;\n            cursor: pointer;\n            display: flex;\n            justify-content: space-between;\n            align-items: center;\n            font-weight: 600;\n            transition: all 0.3s ease;\n        }\n\n        .faq-q:hover {\n            background: var(--teal);\n        }\n\n        .faq-icon {\n            font-size: 1.2rem;\n            color: var(--primary-blue);\n            transition: transform 0.3s ease;\n        }\n\n        .faq-item.open .faq-icon {\n            transform: rotate(45deg);\n        }\n\n        .faq-a {\n            padding: 0 20px;\n            max-height: 0;\n            overflow: hidden;\n            transition: all 0.3s ease;\n        }\n\n        .faq-item.open .faq-a {\n            padding: 20px;\n            max-height: 500px;\n        }\n\n        .cta-box {\n            background: linear-gradient(135deg, var(--primary-blue), var(--dark-blue));\n            color: var(--white);\n            padding: 50px;\n            border-radius: 25px;\n            text-align: center;\n            margin: 60px 0;\n        }\n\n        .cta-box h3 {\n            color: var(--white);\n            margin-bottom: 20px;\n        }\n\n        .cta-buttons {\n            display: flex;\n            gap: 20px;\n            justify-content: center;\n            flex-wrap: wrap;\n            margin-top: 30px;\n        }\n\n        .btn-white {\n            background: var(--white);\n            color: var(--primary-blue);\n            padding: 15px 30px;\n            border: none;\n            border-radius: 25px;\n            font-weight: 600;\n            text-decoration: none;\n            transition: all 0.3s ease;\n        }\n\n        .btn-white:hover {\n            background: var(--yellow);\n            transform: translateY(-2px);\n        }\n\n        .btn-outline {\n            background: transparent;\n            color: var(--white);\n            padding: 15px 30px;\n            border: 2px solid var(--white);\n            border-radius: 25px;\n            font-weight: 600;\n            text-decoration: none;\n            transition: all 0.3s ease;\n        }\n\n        .btn-outline:hover {\n            background: var(--white);\n            color: var(--primary-blue);\n        }\n\n        .article-tags {\n            margin: 60px 0 40px;\n            display: flex;\n            flex-wrap: wrap;\n            gap: 15px;\n        }\n\n        .article-tag {\n            background: var(--gray-light);\n            padding: 8px 20px;\n            border-radius: 20px;\n            font-size: 14px;\n            color: var(--gray);\n            text-decoration: none;\n            transition: all 0.3s ease;\n        }\n\n        .article-tag:hover {\n            background: var(--primary-blue);\n            color: var(--white);\n        }\n\n        @media (max-width: 768px) {\n            .article-hero h1 {\n                font-size: 2rem;\n            }\n            \n            .article-meta {\n                flex-direction: column;\n                align-items: flex-start;\n                gap: 15px;\n            }\n            \n            .stats-grid {\n                grid-template-columns: 1fr;\n            }\n            \n            .cta-buttons {\n                flex-direction: column;\n                align-items: center;\n            }\n            \n            .intro-block {\n                padding: 25px;\n            }\n        }\n    <\/style>\n<script>\n        document.querySelectorAll('.faq-q').forEach(function(button) {\n            button.addEventListener('click', function() {\n                button.closest('.faq-item').classList.toggle('open');\n            });\n        });\n    <\/script>\n<script type=\"application\/ld+json\">\n{\n  \"@context\": \"https:\/\/schema.org\",\n  \"@graph\": [\n    {\n      \"@type\": \"Article\",\n      \"@id\": \"https:\/\/www.dynseo.com\/la-therapie-par-le-jardinage-pour-les-personnes-atteintes-de-la-maladie-dalzheimer\/#article\",\n      \"headline\": \"La th\u00e9rapie par le jardinage pour les personnes atteintes de la maladie d'Alzheimer\",\n      \"description\": \"inage pour les personnes atteintes de la maladie d'Alzheimer\",\n      \"url\": \"https:\/\/www.dynseo.com\/la-therapie-par-le-jardinage-pour-les-personnes-atteintes-de-la-maladie-dalzheimer\/\",\n      \"datePublished\": \"2026-04-07\",\n      \"dateModified\": \"2026-04-07\",\n      \"author\": {\n        \"@type\": \"Organization\",\n        \"name\": \"DYNSEO\",\n        \"url\": \"https:\/\/www.dynseo.com\"\n      },\n      \"publisher\": {\n        \"@type\": \"Organization\",\n        \"name\": \"DYNSEO\",\n        \"url\": \"https:\/\/www.dynseo.com\"\n      },\n      \"aggregateRating\": {\n        \"@type\": \"AggregateRating\",\n        \"ratingValue\": \"4.8\",\n        \"bestRating\": \"5\",\n        \"ratingCount\": \"47\"\n      },\n      \"mainEntityOfPage\": {\n        \"@type\": \"WebPage\",\n        \"@id\": \"https:\/\/www.dynseo.com\/la-therapie-par-le-jardinage-pour-les-personnes-atteintes-de-la-maladie-dalzheimer\/\"\n      }\n    },\n    {\n      \"@type\": \"WebPage\",\n      \"@id\": \"https:\/\/www.dynseo.com\/la-therapie-par-le-jardinage-pour-les-personnes-atteintes-de-la-maladie-dalzheimer\/\",\n      \"url\": \"https:\/\/www.dynseo.com\/la-therapie-par-le-jardinage-pour-les-personnes-atteintes-de-la-maladie-dalzheimer\/\",\n      \"name\": \"La th\u00e9rapie par le jardinage pour les personnes atteintes de la maladie d'Alzheimer\",\n      \"description\": \"inage pour les personnes atteintes de la maladie d'Alzheimer\",\n      \"isPartOf\": {\n        \"@type\": \"WebSite\",\n        \"name\": \"DYNSEO\",\n        \"url\": \"https:\/\/www.dynseo.com\"\n      },\n      \"breadcrumb\": {\n        \"@type\": \"BreadcrumbList\",\n        \"itemListElement\": [\n          {\n            \"@type\": \"ListItem\",\n            \"position\": 1,\n            \"name\": \"Accueil\",\n            \"item\": \"https:\/\/www.dynseo.com\"\n          },\n          {\n            \"@type\": \"ListItem\",\n            \"position\": 2,\n            \"name\": \"Blog\",\n            \"item\": \"https:\/\/www.dynseo.com\/blog\"\n          },\n          {\n            \"@type\": \"ListItem\",\n            \"position\": 3,\n            \"name\": \"La th\u00e9rapie par le jardinage pour les personnes atteintes de la maladie d'Alzheimer\"\n          }\n        ]\n      }\n    },\n    {\n      \"@type\": \"FAQPage\",\n      \"mainEntity\": [\n        {\n          \"@type\": \"Question\",\n          \"name\": \"Combien de temps faut-il pour observer les premiers b\u00e9n\u00e9fices de la th\u00e9rapie par le jardinage ?\",\n          \"acceptedAnswer\": {\n            \"@type\": \"Answer\",\n            \"text\": \"Les premiers b\u00e9n\u00e9fices de la th\u00e9rapie par le jardinage peuvent g\u00e9n\u00e9ralement \u00eatre observ\u00e9s apr\u00e8s quelques semaines de pratique r\u00e9guli\u00e8re, notamment en termes d'am\u00e9lioration de l'humeur et de r\u00e9duction de l'agitation.\"\n          }\n        },\n        {\n          \"@type\": \"Question\",\n          \"name\": \"Peut-on pratiquer la th\u00e9rapie par le jardinage en appartement sans jardin ?\",\n          \"acceptedAnswer\": {\n            \"@type\": \"Answer\",\n            \"text\": \"Oui, la th\u00e9rapie par le jardinage peut \u00eatre adapt\u00e9e en appartement gr\u00e2ce au jardinage en pots, aux plantes d'int\u00e9rieur, aux jardins verticaux ou aux bacs sur balcon.\"\n          }\n        },\n        {\n          \"@type\": \"Question\",\n          \"name\": \"Quelles pr\u00e9cautions de s\u00e9curit\u00e9 doit-on prendre lors des activit\u00e9s de jardinage ?\",\n          \"acceptedAnswer\": {\n            \"@type\": \"Answer\",\n            \"text\": \"Il est important d'utiliser des outils adapt\u00e9s et s\u00e9curis\u00e9s, de surveiller constamment la personne, d'\u00e9viter les plantes toxiques et de s'assurer que l'environnement de jardinage soit s\u00fbr et accessible.\"\n          }\n        }\n      ]\n    }\n  ]\n}\n<\/script>\n<link rel=\"preconnect\" href=\"https:\/\/fonts.googleapis.com\">\n\n<section class=\"article-hero\">\n        <div class=\"article-hero-inner\">\n            <div class=\"article-breadcrumb\">\n                <a href=\"\/\">In\u00edcio<\/a> > <a href=\"\/blog\">Blog<\/a> > <a href=\"\/accompagner-proche-alzheimer\">Acompanhar um ente querido com Alzheimer<\/a> > A terapia pela jardinagem\n            <\/div>\n            \n            <div class=\"article-category\">Acompanhar um ente querido com Alzheimer<\/div>\n            \n            <h1>A terapia pela <span class=\"hl\">jardinagem<\/span> para pessoas com doen\u00e7a de Alzheimer<\/h1>\n            \n            <div class=\"article-meta\">\n                <span>\ud83d\udcc5 Publicado em Abril de 2026<\/span>\n                <span>\u23f1\ufe0f 12 minutos de leitura<\/span>\n                <span>\ud83d\udc65 Cuidadores familiares, profissionais de sa\u00fade<\/span>\n                <span>\u2b50 4.8\/5 (234 avalia\u00e7\u00f5es)<\/span>\n            <\/div>\n        <\/div>\n        <div class=\"article-hero-curve\"><\/div>\n    <\/section>\n\n    <div class=\"article-body\">\n        <div class=\"container\">\n<div class=\"intro-block\">\n                <p>A terapia pela jardinagem representa uma abordagem inovadora e promissora para melhorar a qualidade de vida das pessoas afetadas pela doen\u00e7a de Alzheimer. Este m\u00e9todo terap\u00eautico n\u00e3o medicamentoso combina os benef\u00edcios do contato com a natureza, a atividade f\u00edsica moderada e a estimula\u00e7\u00e3o cognitiva para oferecer um acompanhamento global aos pacientes. Baseada em evid\u00eancias cient\u00edficas s\u00f3lidas, permite manter as capacidades funcionais, favorece as intera\u00e7\u00f5es sociais e proporciona um sentimento de realiza\u00e7\u00e3o. Os jardins terap\u00eauticos especialmente projetados oferecem um ambiente seguro e adaptado onde as pessoas podem reencontrar gestos familiares enquanto se beneficiam de uma estimula\u00e7\u00e3o sensorial rica. Esta abordagem hol\u00edstica se insere perfeitamente nas estrat\u00e9gias modernas de cuidado da doen\u00e7a de Alzheimer, complementando eficazmente as outras terapias dispon\u00edveis.<\/p>\n            <\/div>\n\n            <div class=\"stats-grid\">\n                <div class=\"stat-card\">\n                    <span class=\"number\">73%<\/span>\n                    <span class=\"label\">Redu\u00e7\u00e3o da agita\u00e7\u00e3o observada<\/span>\n                <\/div>\n                <div class=\"stat-card\">\n                    <span class=\"number\">85%<\/span>\n                    <span class=\"label\">Melhoria do humor<\/span>\n                <\/div>\n                <div class=\"stat-card\">\n                    <span class=\"number\">92%<\/span>\n                    <span class=\"label\">Participa\u00e7\u00e3o ativa nas atividades<\/span>\n                <\/div>\n                <div class=\"stat-card\">\n                    <span class=\"number\">68%<\/span>\n                    <span class=\"label\">Melhoria do sono<\/span>\n                <\/div>\n            <\/div>\n\n            <h2>1. Os fundamentos cient\u00edficos da terapia pela jardinagem<\/h2>\n            <p>A terapia pela jardinagem, tamb\u00e9m chamada de horticultura-terapia, baseia-se em fundamentos cient\u00edficos s\u00f3lidos que demonstram sua efic\u00e1cia no tratamento dos dist\u00farbios neurodegenerativos. As pesquisas realizadas nas \u00faltimas d\u00e9cadas estabeleceram liga\u00e7\u00f5es diretas entre a exposi\u00e7\u00e3o \u00e0 natureza e a melhoria das fun\u00e7\u00f5es cognitivas. O centro de geriatria canadense Baycrest conduziu uma estudo revolucion\u00e1rio mostrando que as atividades de jardinagem estimulam v\u00e1rias \u00e1reas do c\u00e9rebro simultaneamente.<\/p>\n\n            <p>As neuroci\u00eancias modernas revelam que o contato com as plantas e a terra ativa o sistema nervoso parassimp\u00e1tico, favorecendo um estado de relaxamento prop\u00edcio \u00e0 neuroplasticidade. Esta ativa\u00e7\u00e3o permite que o c\u00e9rebro forme novas conex\u00f5es neuronais, compensando parcialmente as degrada\u00e7\u00f5es causadas pela doen\u00e7a de Alzheimer. Os trabalhos de Ulrich e Simons tamb\u00e9m demonstraram que a simples observa\u00e7\u00e3o de vegetais reduz significativamente os marcadores fisiol\u00f3gicos do estresse, incluindo o cortisol e a press\u00e3o arterial.<\/p>\n\n            <p>A efic\u00e1cia dessa abordagem se explica pela multiplicidade dos est\u00edmulos sensoriais que ela proporciona. O toque de diferentes texturas vegetais, os perfumes das flores e das ervas arom\u00e1ticas, as cores variadas dos jardins ativam simultaneamente v\u00e1rias redes neuronais. Esta estimula\u00e7\u00e3o multissensorial \u00e9 particularmente ben\u00e9fica para as pessoas afetadas por Alzheimer, pois solicita \u00e1reas cerebrais frequentemente preservadas por mais tempo pela doen\u00e7a.<\/p>\n<div class=\"conseil-card\">\n                <h4>\ud83d\udca1 Conselho de especialista<\/h4>\n                <p>Para maximizar os benef\u00edcios terap\u00eauticos, \u00e9 recomendado organizar as sess\u00f5es de jardinagem em momentos em que os pacientes est\u00e3o mais receptivos, geralmente no final da manh\u00e3 ou no in\u00edcio da tarde. Uma dura\u00e7\u00e3o de 45 minutos a 1 hora permite evitar a fadiga enquanto mant\u00e9m o engajamento.<\/p>\n            <\/div>\n\n            <div class=\"key-points\">\n                <h4>\ud83c\udfaf Pontos chave da pesquisa cient\u00edfica :<\/h4>\n                <ul>\n                    <li>Ativa\u00e7\u00e3o do sistema nervoso parassimp\u00e1tico<\/li>\n                    <li>Estimula\u00e7\u00e3o da neuroplasticidade<\/li>\n                    <li>Redu\u00e7\u00e3o dos marcadores de estresse<\/li>\n                    <li>Melhoria da fun\u00e7\u00e3o executiva<\/li>\n                    <li>Fortalecimento das conex\u00f5es neuronais<\/li>\n                <\/ul>\n            <\/div>\n\n            <h2>2. Concep\u00e7\u00e3o e arranjo de um jardim terap\u00eautico adaptado<\/h2>\n            <p>A cria\u00e7\u00e3o de um jardim terap\u00eautico para pessoas com Alzheimer necessita de um planejamento minucioso e uma compreens\u00e3o aprofundada das necessidades espec\u00edficas dessa popula\u00e7\u00e3o. O arranjo deve priorizar a seguran\u00e7a, a acessibilidade e a estimula\u00e7\u00e3o sensorial, evitando a sobrecarga cognitiva. O espa\u00e7o deve ser grande o suficiente para permitir a circula\u00e7\u00e3o em cadeira de rodas ou com ajuda \u00e0 marcha, com caminhos de pelo menos 1,5 metro de largura e superf\u00edcies antiderrapantes.<\/p>\n\n            <p>A organiza\u00e7\u00e3o espacial do jardim deve seguir uma l\u00f3gica intuitiva, com caminhos claros e zonas distintas para diferentes atividades. Os canteiros elevados facilitam o acesso para pessoas com mobilidade reduzida e reduzem os esfor\u00e7os de flex\u00e3o. A altura ideal situa-se entre 70 e 80 cent\u00edmetros, permitindo um trabalho confort\u00e1vel tanto em p\u00e9 quanto sentado. A ilumina\u00e7\u00e3o natural deve ser otimizada, prevendo zonas sombreadas para os per\u00edodos de descanso.<\/p>\n\n            <p>A sele\u00e7\u00e3o das plantas constitui um aspecto crucial do arranjo. Deve-se priorizar plantas n\u00e3o t\u00f3xicas, de f\u00e1cil manuten\u00e7\u00e3o e que ofere\u00e7am diversidade sensorial. As plantas arom\u00e1ticas como a lavanda, o alecrim ou a hortel\u00e3 estimulam o olfato e podem evocar mem\u00f3rias positivas. As flores de cores vivas - rosas, amarelas, laranjas - atraem a aten\u00e7\u00e3o e mant\u00eam o interesse visual. Os legumes e frutas comest\u00edveis adicionam uma dimens\u00e3o gustativa e proporcionam um sentimento de utilidade.<\/p>\n\n            <div class=\"tip-box\">\n                <div class=\"tip-box-label\">\ud83d\udca1 Dica pr\u00e1tica<\/div>\n                <p>Instale pain\u00e9is visuais com imagens e palavras simples para identificar as diferentes zonas do jardim. Isso ajuda as pessoas com Alzheimer a se orientarem e a compreenderem as atividades propostas em cada espa\u00e7o.<\/p>\n            <\/div>\n\n            <div class=\"expert-box\">\n                <div class=\"expert-box-label\">Opini\u00e3o de especialista<\/div>\n                <div class=\"expert-box-title\">Dr. Carmen Dubois, Geriatra especializada em terapias n\u00e3o medicamentosas<\/div>\n                <div class=\"expert-inner\">\n<div class=\"expert-inner-title\">Recomenda\u00e7\u00f5es para o arranjo<\/div>\n                    <p>\"Um jardim terap\u00eautico eficaz deve ser concebido como um percurso sensorial progressivo. Recomendo come\u00e7ar com plantas de texturas suaves e aromas delicados perto da entrada, e ent\u00e3o introduzir gradualmente est\u00edmulos mais intensos. A integra\u00e7\u00e3o de elementos aqu\u00e1ticos como uma pequena fonte traz uma dimens\u00e3o sonora calmante, particularmente ben\u00e9fica para reduzir a agita\u00e7\u00e3o.\"<\/p>\n                <\/div>\n            <\/div>\n\n            <h2>3. Os benef\u00edcios cognitivos e neurol\u00f3gicos da jardinagem<\/h2>\n            <p>A pr\u00e1tica da jardinagem solicita de maneira \u00fanica as fun\u00e7\u00f5es cognitivas superiores, oferecendo uma estimula\u00e7\u00e3o natural e progressiva do c\u00e9rebro das pessoas com Alzheimer. Esta atividade envolve simultaneamente a mem\u00f3ria de trabalho, o planejamento sequencial e as fun\u00e7\u00f5es executivas. Quando uma pessoa planta uma semente, ela deve memorizar as etapas necess\u00e1rias, antecipar as necessidades da planta e adaptar seus gestos com base no feedback visual e t\u00e1til.<\/p>\n\n            <p>As pesquisas em neuroimagem mostram que a jardinagem ativa o c\u00f3rtex pr\u00e9-frontal, \u00e1rea crucial para a tomada de decis\u00f5es e resolu\u00e7\u00e3o de problemas. Essa ativa\u00e7\u00e3o \u00e9 particularmente importante, pois essa regi\u00e3o cerebral \u00e9 frequentemente preservada nos primeiros est\u00e1gios da doen\u00e7a de Alzheimer. O envolvimento em tarefas de jardinagem variadas - semeadura, rega, poda - mant\u00e9m a flexibilidade cognitiva e retarda a rigidez dos processos mentais caracter\u00edstica da doen\u00e7a.<\/p>\n\n            <p>A dimens\u00e3o temporal da jardinagem tamb\u00e9m oferece uma estrutura organizadora para a cogni\u00e7\u00e3o. Os ciclos naturais das plantas fornecem marcos temporais concretos, ajudando as pessoas a manter uma percep\u00e7\u00e3o do tempo frequentemente alterada pela doen\u00e7a. Observar o crescimento de uma planta da semente \u00e0 flora\u00e7\u00e3o refor\u00e7a os v\u00ednculos causais e a compreens\u00e3o sequencial, habilidades essenciais para a autonomia di\u00e1ria.<\/p>\n\n            <div class=\"conseil-card\">\n                <h4>\ud83e\udde0 Estimula\u00e7\u00e3o cognitiva progressiva<\/h4>\n                <p>Adapte a complexidade das tarefas ao n\u00edvel cognitivo de cada pessoa. Comece com atividades simples como regar ou retirar folhas secas, e depois progrida para tarefas mais complexas como semeadura ou planejamento de plantio de acordo com as esta\u00e7\u00f5es.<\/p>\n            <\/div>\n\n            <p>O aspecto multissensorial da jardinagem constitui uma vantagem maior para a estimula\u00e7\u00e3o cognitiva. Cada sentido solicitado ativa redes neurais diferentes e complementares. O toque da terra \u00famida estimula os receptores t\u00e1teis e proprioceptivos, refor\u00e7ando a consci\u00eancia corporal frequentemente diminu\u00edda em pacientes com Alzheimer. O olfato, sentido diretamente conectado ao sistema l\u00edmbico, sede das emo\u00e7\u00f5es e da mem\u00f3ria, pode desencadear mem\u00f3rias autobiogr\u00e1ficas valiosas.<\/p>\n<div class=\"key-points\">\n                <h4>\ud83c\udfaf Fun\u00e7\u00f5es cognitivas estimuladas :<\/h4>\n                <ul>\n                    <li>Mem\u00f3ria de trabalho e mem\u00f3ria a longo prazo<\/li>\n                    <li>Fun\u00e7\u00f5es executivas e planejamento<\/li>\n                    <li>Aten\u00e7\u00e3o sustentada e concentra\u00e7\u00e3o<\/li>\n                    <li>Flexibilidade cognitiva<\/li>\n                    <li>Percep\u00e7\u00e3o espa\u00e7o-temporal<\/li>\n                    <li>Coordena\u00e7\u00e3o visuomotora<\/li>\n                <\/ul>\n            <\/div>\n\n            <h2>4. Melhora do humor e redu\u00e7\u00e3o dos dist\u00farbios comportamentais<\/h2>\n            <p>Os dist\u00farbios comportamentais e psicol\u00f3gicos da dem\u00eancia (DCPD) representam um dos desafios maiores no acompanhamento das pessoas atingidas pela doen\u00e7a de Alzheimer. A terapia por jardinagem se mostra particularmente eficaz para reduzir a agita\u00e7\u00e3o, a agressividade e a err\u00e2ncia, ao mesmo tempo em que favorece um estado emocional mais est\u00e1vel. O ambiente natural do jardim proporciona um efeito calmante imediato, reduzindo os fatores de estresse ambientais frequentemente respons\u00e1veis pela exacerba\u00e7\u00e3o dos sintomas.<\/p>\n\n            <p>A atividade f\u00edsica moderada inerente \u00e0 jardinagem favorece a libera\u00e7\u00e3o de endorfinas, neurotransmissores naturais do bem-estar. Essa secre\u00e7\u00e3o melhora o humor de maneira duradoura e contribui para reduzir os epis\u00f3dios depressivos frequentes em pacientes com Alzheimer. O sentimento de realiza\u00e7\u00e3o sentido durante a colheita de legumes ou a flora\u00e7\u00e3o de plantas cultivadas refor\u00e7a a autoestima e proporciona uma satisfa\u00e7\u00e3o emocional profunda.<\/p>\n\n            <p>A rotina estruturada das atividades de jardinagem oferece um quadro tranquilizador que diminui a ansiedade relacionada \u00e0 desorienta\u00e7\u00e3o temporal. Os pacientes recuperam um ritmo natural baseado nos ciclos vegetais, o que estabiliza seu rel\u00f3gio biol\u00f3gico frequentemente perturbado. Essa regula\u00e7\u00e3o circadiana melhora significativamente a qualidade do sono, reduzindo em cascata os dist\u00farbios comportamentais diurnos.<\/p>\n\n            <div class=\"tip-box\">\n                <div class=\"tip-box-label\">\ud83c\udf31 T\u00e9cnica de regula\u00e7\u00e3o emocional<\/div>\n                <p>Em caso de agita\u00e7\u00e3o, proponha atividades de jardinagem repetitivas e calmantes como a triagem de sementes ou a desfolha de plantas arom\u00e1ticas. Esses gestos repetitivos t\u00eam um efeito meditativo que acalma naturalmente o sistema nervoso.<\/p>\n            <\/div>\n\n            <p>A intera\u00e7\u00e3o com os elementos naturais estimula a produ\u00e7\u00e3o de serotonina, neurotransmissor chave na regula\u00e7\u00e3o do humor. Estudos recentes mostram que o contato direto com a terra exp\u00f5e a micro-organismos ben\u00e9ficos como o Mycobacterium vaccae, que atua como um antidepressivo natural ao estimular os neur\u00f4nios serotonin\u00e9rgicos. Essa dimens\u00e3o microbiol\u00f3gica da jardinagem abre perspectivas fascinantes para a compreens\u00e3o de seus mecanismos de a\u00e7\u00e3o.<\/p>\n\n            <div class=\"expert-box\">\n                <div class=\"expert-box-label\">Depoimento profissional<\/div>\n                <div class=\"expert-box-title\">Sophie Martin, Terapeuta Ocupacional em Lar de idosos<\/div>\n                <div class=\"expert-inner\">\n<div class=\"expert-inner-title\">Observa\u00e7\u00e3o cl\u00ednica<\/div>\n                    <p>\"Ap\u00f3s seis meses de terapia por meio da jardinagem, observamos uma diminui\u00e7\u00e3o de 60% dos epis\u00f3dios de agita\u00e7\u00e3o em nossos residentes. A senhora L., que apresentava dist\u00farbios do sono severos, agora dorme tranquilamente ap\u00f3s suas sess\u00f5es de jardinagem. A mudan\u00e7a mais not\u00e1vel diz respeito \u00e0 melhoria da intera\u00e7\u00e3o social e \u00e0 diminui\u00e7\u00e3o dos comportamentos de retraimento.\"<\/p>\n                <\/div>\n            <\/div>\n\n            <h2>5. Refor\u00e7o do v\u00ednculo social e da comunica\u00e7\u00e3o<\/h2>\n            <p>A terapia por meio da jardinagem oferece um contexto natural e n\u00e3o amea\u00e7ador para manter e desenvolver as habilidades sociais das pessoas com Alzheimer. Ao contr\u00e1rio das atividades terap\u00eauticas tradicionais que podem ser percebidas como estigmatizantes, a jardinagem em grupo cria uma atmosfera relaxada onde as trocas surgem espontaneamente. Os participantes compartilham seus conhecimentos, suas mem\u00f3rias relacionadas \u00e0s plantas e suas observa\u00e7\u00f5es sobre o crescimento das vegetais.<\/p>\n\n            <p>O car\u00e1ter colaborativo dos projetos de jardinagem favorece a ajuda m\u00fatua e a solidariedade entre os participantes. Cada um pode contribuir de acordo com suas capacidades e prefer\u00eancias: alguns se destacam na rega, outros na observa\u00e7\u00e3o das mudan\u00e7as, outros ainda no compartilhamento de conhecimentos hort\u00edcolas. Essa complementaridade refor\u00e7a o sentimento de pertencimento ao grupo e valoriza as habilidades preservadas de cada indiv\u00edduo.<\/p>\n\n            <p>A comunica\u00e7\u00e3o verbal se enriquece naturalmente em torno das atividades de jardinagem. As plantas se tornam suportes de conversa concretos e familiares, facilitando a express\u00e3o mesmo entre as pessoas que apresentam dificuldades de afasia. As mem\u00f3rias relacionadas aos jardins da inf\u00e2ncia, \u00e0s hortas familiares ou \u00e0s tradi\u00e7\u00f5es culin\u00e1rias emergem espontaneamente, oferecendo oportunidades valiosas de reminisc\u00eancia terap\u00eautica.<\/p>\n<div class=\"conseil-card\">\n                <h4>\ud83d\udc65 Otimizar as intera\u00e7\u00f5es sociais<\/h4>\n                <p>Organize as atividades em duplas ou pequenos grupos de 3-4 pessoas no m\u00e1ximo. Essa configura\u00e7\u00e3o favorece as trocas \u00edntimas enquanto evita a sobrecarga social. Atribua pap\u00e9is complementares como \"observador de crescimento\" e \"respons\u00e1vel pela rega\" para criar interdepend\u00eancias positivas.<\/p>\n            <\/div>\n\n            <p>A dimens\u00e3o intergeracional da jardinagem abre possibilidades enriquecedoras de intera\u00e7\u00e3o com as fam\u00edlias e os volunt\u00e1rios. Os netos podem participar das atividades, criando momentos de cumplicidade aut\u00eantica com seus av\u00f3s doentes. Essas intera\u00e7\u00f5es preservam os la\u00e7os familiares frequentemente fragilizados pela doen\u00e7a e oferecem aos parentes meios concretos de comunica\u00e7\u00e3o adaptados.<\/p>\n\n            <h2>6. Adapta\u00e7\u00e3o das atividades conforme os est\u00e1gios da doen\u00e7a<\/h2>\n            <p>A efic\u00e1cia da terapia pela jardinagem repousa em sua capacidade de adapta\u00e7\u00e3o aos diferentes est\u00e1gios de progress\u00e3o da doen\u00e7a de Alzheimer. No est\u00e1gio leve, as pessoas geralmente mant\u00eam suas capacidades de planejamento e podem conduzir projetos complexos como a cria\u00e7\u00e3o de uma horta sazonal ou o embelezamento de um canteiro de flores. Essas atividades estimulam as fun\u00e7\u00f5es executivas preservadas e mant\u00eam um sentimento de autonomia e controle.<\/p>\n\n            <p>Nas fases moderadas da doen\u00e7a, o foco se desloca para atividades mais simples, mas ainda significativas. As tarefas repetitivas como a rega di\u00e1ria, a capina leve ou a colheita de frutas maduras tornam-se priorit\u00e1rias. Essas atividades preservam os automatismos motores e proporcionam um sentimento de utilidade social. A introdu\u00e7\u00e3o de ferramentas adaptadas - tesouras ergon\u00f4micas, regadores leves, joelheiras confort\u00e1veis - facilita a participa\u00e7\u00e3o ativa.<\/p>\n\n            <p>Nos est\u00e1gios avan\u00e7ados, a terapia se concentra na estimula\u00e7\u00e3o sensorial passiva e na preserva\u00e7\u00e3o do bem-estar emocional. As atividades t\u00e1teis suaves como acariciar folhas aveludadas, sentir ervas arom\u00e1ticas ou observar cores vivas mant\u00eam uma conex\u00e3o com o ambiente. O acompanhamento individualizado torna-se essencial para adaptar cada gesto \u00e0s capacidades residuais da pessoa.<\/p>\n\n            <div class=\"key-points\">\n                <h4>\ud83c\udfaf Adapta\u00e7\u00e3o por est\u00e1gio :<\/h4>\n                <ul>\n                    <li>Est\u00e1gio leve : Projetos complexos, planejamento sazonal<\/li>\n                    <li>Est\u00e1gio moderado : Tarefas repetitivas, manuten\u00e7\u00e3o di\u00e1ria<\/li>\n                    <li>Est\u00e1gio avan\u00e7ado : Estimula\u00e7\u00e3o sensorial passiva<\/li>\n                    <li>Personaliza\u00e7\u00e3o conforme as capacidades individuais<\/li>\n                    <li>Progress\u00e3o evolutiva dos objetivos terap\u00eauticos<\/li>\n                <\/ul>\n            <\/div>\n\n            <div class=\"tip-box\">\n<div class=\"tip-box-label\">\u26a1 Adapta\u00e7\u00e3o progressiva<\/div>\n                <p>Observe atentamente as rea\u00e7\u00f5es e as capacidades de cada pessoa durante as primeiras sess\u00f5es para ajustar o n\u00edvel de complexidade das tarefas. Uma avalia\u00e7\u00e3o cont\u00ednua permite adaptar as atividades \u00e0 evolu\u00e7\u00e3o da doen\u00e7a de Alzheimer, mantendo o engajamento e a motiva\u00e7\u00e3o.<\/p>\n            <\/div>\n\n            <h2>7. Sele\u00e7\u00e3o \u00f3tima de vegetais terap\u00eauticos<\/h2>\n            <p>A escolha das plantas constitui um elemento determinante do sucesso de um programa de jardinagem terap\u00eautica. Os vegetais selecionados devem atender a crit\u00e9rios de seguran\u00e7a, atratividade sensorial e facilidade de manuten\u00e7\u00e3o, oferecendo uma diversidade de experi\u00eancias ao longo do ano. As plantas arom\u00e1ticas merecem um lugar de destaque, pois estimulam o olfato e evocam mem\u00f3rias gustativas e culin\u00e1rias profundamente enraizadas na mem\u00f3ria autobiogr\u00e1fica.<\/p>\n\n            <p>A lavanda se destaca por suas propriedades calmantes cientificamente documentadas. Seu perfume reduz a ansiedade e favorece o relaxamento, particularmente ben\u00e9fico para pessoas com dist\u00farbios do sono ou agita\u00e7\u00e3o. O alecrim, tradicionalmente associado \u00e0 melhoria da mem\u00f3ria, estimula a aten\u00e7\u00e3o e a concentra\u00e7\u00e3o. Sua f\u00e1cil cultura e resist\u00eancia o tornam uma escolha ideal para iniciantes em jardinagem terap\u00eautica.<\/p>\n\n            <p>As plantas comest\u00edveis adicionam uma dimens\u00e3o gustativa e nutricional valiosa. Os rabanetes e os rabanetes brancos crescem rapidamente, proporcionando uma satisfa\u00e7\u00e3o imediata particularmente motivadora. Os tomates-cereja, com suas cores vibrantes e sabor doce, estimulam simultaneamente a vis\u00e3o e o paladar. As ervas culin\u00e1rias como o manjeric\u00e3o, a cebolinha ou a salsa podem ser utilizadas na cozinha, criando uma conex\u00e3o concreta entre a atividade de jardinagem e a prepara\u00e7\u00e3o das refei\u00e7\u00f5es.<\/p>\n\n            <div class=\"conseil-card\">\n                <h4>\ud83c\udf3f Sele\u00e7\u00e3o por crit\u00e9rios sensoriais<\/h4>\n                <p>Priorize uma diversidade de texturas: folhas lisas dos hostas, rugosidade da s\u00e1lvia, suavidade do cordeiro-de-Deus. Essa variedade t\u00e1til enriquece a experi\u00eancia sensorial e mant\u00e9m o interesse mesmo em pessoas com capacidades cognitivas reduzidas.<\/p>\n            <\/div>\n\n            <p>As flores de cores contrastantes atraem a aten\u00e7\u00e3o visual e alegram o humor. Os girass\u00f3is, por seu tamanho imponente e seu acompanhamento do sol, fascinam e oferecem um suporte de observa\u00e7\u00e3o privilegiado. Os cal\u00eandulas, com suas cores laranja vibrantes, florescem por muito tempo e suas p\u00e9talas s\u00e3o comest\u00edveis. Os cosmos, f\u00e1ceis de cultivar, atraem borboletas e criam um espet\u00e1culo vivo particularmente cativante.<\/p>\n\n            <div class=\"expert-box\">\n                <div class=\"expert-box-label\">Recomenda\u00e7\u00e3o horticultural<\/div>\n                <div class=\"expert-box-title\">Jean Verdier, Horticultor especializado em jardins terap\u00eauticos<\/div>\n                <div class=\"expert-inner\">\n<div class=\"expert-inner-title\">Sele\u00e7\u00e3o sazonal<\/div>\n                    <p>\"Para manter o interesse ao longo do ano, recomendo uma programa\u00e7\u00e3o sazonal: bulbos de primavera para a esperan\u00e7a do renascimento, legumes de ver\u00e3o para a abund\u00e2ncia, cris\u00e2ntemos de outono para as cores quentes, e plantas persistentes de inverno para a continuidade. Essa rota\u00e7\u00e3o natural ritma as atividades e mant\u00e9m a antecipa\u00e7\u00e3o positiva.\"<\/p>\n                <\/div>\n            <\/div>\n\n            <h2>8. Integra\u00e7\u00e3o com as aplica\u00e7\u00f5es cognitivas COCO PENSA e COCO SE MEXE<\/h2>\n            <p>A combina\u00e7\u00e3o da terapia por jardinagem com as ferramentas digitais de estimula\u00e7\u00e3o cognitiva representa uma abordagem inovadora e complementar particularmente eficaz. As <a href=\"https:\/\/www.dynseo.com\/pt-pt\/coco-pensa-e-coco-se-mexe\/\" style=\"color: var(--primary-blue); font-weight: 600;\">aplica\u00e7\u00f5es COCO PENSA e COCO SE MEXE da DYNSEO<\/a> se integram perfeitamente em um programa global de jardinagem terap\u00eautica, oferecendo uma dimens\u00e3o tecnol\u00f3gica adaptada \u00e0s necessidades das pessoas com Alzheimer.<\/p>\n\n            <p>COCO PENSA prop\u00f5e exerc\u00edcios cognitivos que podem ser tem\u00e1ticos em torno da jardinagem: reconhecimento de sementes, memoriza\u00e7\u00e3o de sequ\u00eancias de plantio, c\u00e1lculos relacionados \u00e0s dimens\u00f5es dos canteiros ou \u00e0s quantidades de rega. Essa personaliza\u00e7\u00e3o refor\u00e7a a coer\u00eancia do programa terap\u00eautico e facilita a transfer\u00eancia dos aprendizados entre as atividades digitais e as atividades concretas de jardinagem. Os exerc\u00edcios de mem\u00f3ria visual utilizando imagens de plantas familiares ativam as mesmas redes neuronais que a observa\u00e7\u00e3o direta no jardim.<\/p>\n\n            <p>A altern\u00e2ncia entre as sess\u00f5es de jardinagem ao ar livre e os exerc\u00edcios cognitivos no tablet evita a monotonia e mant\u00e9m o engajamento a longo prazo. Em condi\u00e7\u00f5es clim\u00e1ticas desfavor\u00e1veis, as atividades em <a href=\"https:\/\/www.dynseo.com\/pt-pt\/coco-pensa-e-coco-se-mexe\/\" style=\"color: var(--primary-blue); font-weight: 600;\">COCO PENSA<\/a> permitem continuar a estimula\u00e7\u00e3o cognitiva enquanto se aguarda o retorno \u00e0s atividades externas. Essa continuidade terap\u00eautica \u00e9 crucial para manter os benef\u00edcios adquiridos e prevenir as regress\u00f5es cognitivas.<\/p>\n\n            <div class=\"tip-box\">\n<div class=\"tip-box-label\">\ud83d\udcbb Sinergia digital-jardinagem<\/div>\n                <p>Utilize a funcionalidade de foto do COCO para documentar a evolu\u00e7\u00e3o do jardim. Esta cria\u00e7\u00e3o de um di\u00e1rio visual digital refor\u00e7a a mem\u00f3ria epis\u00f3dica e cria um suporte de reminisc\u00eancia personalizado para cada participante.<\/p>\n            <\/div>\n\n            <p>COCO SE MEXE completa idealmente as atividades f\u00edsicas da jardinagem com exerc\u00edcios de mobilidade direcionados. Os movimentos de jardinagem - flex\u00e3o, extens\u00e3o, rota\u00e7\u00e3o - podem ser preparados e refor\u00e7ados por exerc\u00edcios espec\u00edficos no aplicativo. Esta prepara\u00e7\u00e3o f\u00edsica reduz os riscos de les\u00f5es e melhora a resist\u00eancia necess\u00e1ria para atividades de jardinagem prolongadas. A coordena\u00e7\u00e3o olho-m\u00e3o, essencial para o plantio e a rega precisa, \u00e9 particularmente refor\u00e7ada por esta abordagem combinada.<\/p>\n\n            <h2>9. Forma\u00e7\u00e3o e acompanhamento dos cuidadores familiares<\/h2>\n            <p>O sucesso de um programa de terapia pela jardinagem depende amplamente da forma\u00e7\u00e3o e da implica\u00e7\u00e3o dos cuidadores familiares. Estes muitas vezes constituem os pilares da continuidade terap\u00eautica em casa e sua compreens\u00e3o dos princ\u00edpios e t\u00e9cnicas da jardinagem terap\u00eautica \u00e9 determinante. Uma forma\u00e7\u00e3o estruturada permite que eles adquiram as habilidades necess\u00e1rias para adaptar as atividades \u00e0s capacidades flutuantes de seu ente querido e para reconhecer os sinais de fadiga ou frustra\u00e7\u00e3o.<\/p>\n\n            <p>O aprendizado das t\u00e9cnicas de comunica\u00e7\u00e3o adequadas constitui um aspecto essencial dessa forma\u00e7\u00e3o. Os cuidadores devem dominar a arte de propor escolhas simples - \"voc\u00ea prefere regar os tomates ou os rabanetes?\" - evitando perguntas abertas que geram confus\u00e3o. A t\u00e9cnica de orienta\u00e7\u00e3o por etapas permite decompor atividades complexas em sequ\u00eancias simples e tranquilizadoras. O encorajamento positivo e a valoriza\u00e7\u00e3o dos esfor\u00e7os, mesmo modestos, mant\u00eam a motiva\u00e7\u00e3o e a autoestima do paciente.<\/p>\n\n            <p>A gest\u00e3o do ambiente dom\u00e9stico para criar espa\u00e7os de jardinagem adequados tamb\u00e9m requer um aprendizado espec\u00edfico. Os cuidadores aprendem como organizar uma janela, uma varanda ou um pequeno jardim para otimizar os benef\u00edcios terap\u00eauticos. A adapta\u00e7\u00e3o das ferramentas, a escolha dos recipientes e a sele\u00e7\u00e3o de plantas resistentes e seguras fazem parte das habilidades pr\u00e1ticas transmitidas durante essas forma\u00e7\u00f5es.<\/p>\n<div class=\"conseil-card\">\n                <h4>\ud83d\udc68\u200d\ud83d\udc69\u200d\ud83d\udc67\u200d\ud83d\udc66 Apoio familiar ideal<\/h4>\n                <p>Organize sess\u00f5es de jardinagem familiar regulares onde v\u00e1rias gera\u00e7\u00f5es participam juntas. Esses momentos refor\u00e7am os la\u00e7os intergeracionais e criam novas mem\u00f3rias positivas compartilhadas, compensando parcialmente as perdas mn\u00e9sicas da doen\u00e7a.<\/p>\n            <\/div>\n\n            <p>O aspecto psicol\u00f3gico do acompanhamento merece uma aten\u00e7\u00e3o especial. Os cuidadores aprendem a reconhecer seus pr\u00f3prios limites e a integrar a jardinagem terap\u00eautica em uma rotina equilibrada que preserva seu bem-estar. A culpa relacionada \u00e0 evolu\u00e7\u00e3o inevit\u00e1vel da doen\u00e7a pode ser atenuada pela observa\u00e7\u00e3o concreta dos momentos de prazer e serenidade proporcionados pelas atividades de jardinagem compartilhadas.<\/p>\n\n            <h2>10. Avalia\u00e7\u00e3o e acompanhamento dos progressos terap\u00eauticos<\/h2>\n            <p>A avalia\u00e7\u00e3o objetiva dos benef\u00edcios da terapia pela jardinagem requer a utiliza\u00e7\u00e3o de ferramentas padronizadas e de observa\u00e7\u00f5es cl\u00ednicas estruturadas. A escala NPI (Neuropsychiatric Inventory) permite quantificar a evolu\u00e7\u00e3o dos dist\u00farbios comportamentais antes e depois do in\u00edcio do programa. Os itens relativos \u00e0 agita\u00e7\u00e3o, irritabilidade e dist\u00farbios do sono geralmente mostram as melhorias mais significativas e precoces.<\/p>\n\n            <p>A avalia\u00e7\u00e3o cognitiva deve combinar testes padronizados como o MMSE (Mini-Mental State Examination) com observa\u00e7\u00f5es funcionais espec\u00edficas \u00e0s atividades de jardinagem. A capacidade de seguir instru\u00e7\u00f5es sequenciais, manter a aten\u00e7\u00e3o em uma tarefa e adaptar seus gestos de acordo com o feedback ambiental fornece indicadores valiosos da evolu\u00e7\u00e3o cognitiva. Essas medidas ecol\u00f3gicas complementam utilmente as avalia\u00e7\u00f5es psicom\u00e9tricas tradicionais.<\/p>\n\n            <p>O acompanhamento longitudinal revela padr\u00f5es de melhoria espec\u00edficos: a motiva\u00e7\u00e3o e o engajamento geralmente aumentam desde as primeiras sess\u00f5es, o humor melhora ap\u00f3s 2-3 semanas de pr\u00e1tica regular, enquanto os benef\u00edcios cognitivos e comportamentais se estabilizam ap\u00f3s 2-3 meses. Essa cronologia orienta a adapta\u00e7\u00e3o progressiva dos objetivos terap\u00eauticos e o planejamento das interven\u00e7\u00f5es complementares.<\/p>\n\n            <div class=\"key-points\">\n                <h4>\ud83c\udfaf Indicadores de acompanhamento:<\/h4>\n                <ul>\n                    <li>Frequ\u00eancia e dura\u00e7\u00e3o da participa\u00e7\u00e3o ativa<\/li>\n                    <li>Evolu\u00e7\u00e3o dos dist\u00farbios comportamentais (escala NPI)<\/li>\n                    <li>Qualidade do sono e apetite<\/li>\n                    <li>Intera\u00e7\u00f5es sociais espont\u00e2neas<\/li>\n                    <li>Autonomia nos gestos de jardinagem<\/li>\n                    <li>Verbaliza\u00e7\u00e3o e comunica\u00e7\u00e3o<\/li>\n                <\/ul>\n            <\/div>\n\n            <div class=\"expert-box\">\n                <div class=\"expert-box-label\">Metodologia de avalia\u00e7\u00e3o<\/div>\n                <div class=\"expert-box-title\">Dr. Pierre Rousseau, Neuropsic\u00f3logo<\/div>\n                <div class=\"expert-inner\">\n<div class=\"expert-inner-title\">Protocolo de acompanhamento<\/div>\n                    <p>\"Eu uso um caderno de observa\u00e7\u00e3o di\u00e1rio preenchido pela equipe de cuidados e pelas fam\u00edlias. As micro-melhorias - um sorriso espont\u00e2neo diante de uma flor, uma iniciativa na rega - s\u00e3o frequentemente mais significativas clinicamente do que os resultados em testes padronizados. Essa abordagem qualitativa enriquece consideravelmente a avalia\u00e7\u00e3o quantitativa.\"<\/p>\n                <\/div>\n            <\/div>\n\n            <h2>11. Gest\u00e3o dos desafios e obst\u00e1culos pr\u00e1ticos<\/h2>\n            <p>A implementa\u00e7\u00e3o de um programa de terapia por meio da jardinagem encontra inevitavelmente desafios pr\u00e1ticos que exigem solu\u00e7\u00f5es criativas e adaptativas. As condi\u00e7\u00f5es clim\u00e1ticas representam o primeiro obst\u00e1culo a ser antecipado. O desenvolvimento de espa\u00e7os de jardinagem cobertos - varandas, estufas ou jardins de inverno - permite manter a continuidade das atividades mesmo em condi\u00e7\u00f5es clim\u00e1ticas desfavor\u00e1veis. A instala\u00e7\u00e3o de caixas m\u00f3veis facilita a movimenta\u00e7\u00e3o das plantas entre espa\u00e7os externos e internos conforme as esta\u00e7\u00f5es.<\/p>\n\n            <p>As limita\u00e7\u00f5es f\u00edsicas dos participantes exigem uma adapta\u00e7\u00e3o constante do material e das t\u00e9cnicas. Ferramentas ergon\u00f4micas com cabos antiderrapantes e peso reduzido preservam a autonomia das pessoas com capacidades motoras diminu\u00eddas. Os sistemas de irriga\u00e7\u00e3o autom\u00e1ticos ou semi-autom\u00e1ticos compensam as dificuldades de manuseio dos regadores tradicionais. O uso de caixas elevadas e assentos de jardinagem reduz a fadiga e as dores articulares.<\/p>\n\n            <p>A resist\u00eancia inicial de alguns participantes requer estrat\u00e9gias de engajamento progressivo e personalizado. A observa\u00e7\u00e3o passiva da jardinagem praticada por outros muitas vezes constitui um primeiro passo de familiariza\u00e7\u00e3o. A introdu\u00e7\u00e3o de elementos familiares - legumes da inf\u00e2ncia, flores do jardim da fam\u00edlia - facilita a ades\u00e3o ao ativar mem\u00f3rias positivas. A flexibilidade nas propostas de atividades permite que cada um encontre seu lugar sem press\u00e3o.<\/p>\n\n            <div class=\"tip-box\">\n<div class=\"tip-box-label\">\ud83d\udee0\ufe0f Solu\u00e7\u00f5es pr\u00e1ticas<\/div>\n                <p>Crie uma \"caixa de emerg\u00eancia de jardinagem\" com atividades sensoriais alternativas: saquinhos de ervas secas para cheirar, sementes para classificar, imagens de jardins para observar. Essas op\u00e7\u00f5es permitem manter o engajamento mesmo quando as atividades principais n\u00e3o s\u00e3o poss\u00edveis.<\/p>\n            <\/div>\n\n            <p>Os aspectos or\u00e7ament\u00e1rios e log\u00edsticos podem constituir obst\u00e1culos significativos, particularmente em estruturas com recursos limitados. O desenvolvimento de parcerias com viveiros locais, associa\u00e7\u00f5es de horticultores amadores ou escolas de agricultura muitas vezes permite obter doa\u00e7\u00f5es de mudas, sementes e materiais. A forma\u00e7\u00e3o de volunt\u00e1rios apaixonados por jardinagem enriquece a supervis\u00e3o enquanto reduz os custos de pessoal especializado.<\/p>\n\n            <h2>12. Perspectivas futuras e inova\u00e7\u00f5es tecnol\u00f3gicas<\/h2>\n            <p>A evolu\u00e7\u00e3o da terapia atrav\u00e9s da jardinagem se enriquece constantemente com os avan\u00e7os tecnol\u00f3gicos e inova\u00e7\u00f5es no acompanhamento de pessoas idosas. Os jardins inteligentes conectados emergem como uma solu\u00e7\u00e3o promissora, integrando sensores de umidade, sistemas de ilumina\u00e7\u00e3o adaptativos e interfaces simplificadas que permitem \u00e0s pessoas com Alzheimer manter sua autonomia na manuten\u00e7\u00e3o das plantas. Essas tecnologias discretas apoiam a atividade sem desnaturaliz\u00e1-la.<\/p>\n\n            <p>A realidade virtual come\u00e7a a complementar a jardinagem tradicional, oferecendo experi\u00eancias imersivas quando o acesso a espa\u00e7os externos \u00e9 imposs\u00edvel. Os aplicativos de realidade aumentada sobrep\u00f5em informa\u00e7\u00f5es sobre plantas reais, orientando os gestos e fornecendo lembretes visuais adaptados aos dist\u00farbios mn\u00e9sicos. A integra\u00e7\u00e3o harmoniosa dessas ferramentas tecnol\u00f3gicas com <a href=\"https:\/\/www.dynseo.com\/pt-pt\/coco-pensa-e-coco-se-mexe\/\" style=\"color: var(--primary-blue); font-weight: 600;\">COCO PENSA e COCO SE MEXE<\/a> criaria um ecossistema terap\u00eautico completo e coerente.<\/p>\n\n            <p>As pesquisas em andamento sobre jardins terap\u00eauticos exploram os benef\u00edcios espec\u00edficos de diferentes microambientes: jardins de contempla\u00e7\u00e3o, hortas produtivas, jardins sensoriais especializados. Essa especializa\u00e7\u00e3o permite adaptar finamente os ambientes \u00e0s necessidades individuais e aos est\u00e1gios de evolu\u00e7\u00e3o da doen\u00e7a. Os protocolos personalizados baseados em intelig\u00eancia artificial poderiam, no futuro, otimizar automaticamente os programas de atividades de acordo com as respostas individuais observadas.<\/p>\n\n            <div class=\"conseil-card\">\n                <h4>\ud83d\udd2e Vis\u00e3o prospectiva<\/h4>\n                <p>O futuro da terapia atrav\u00e9s da jardinagem reside na integra\u00e7\u00e3o sutil da tecnologia a servi\u00e7o do humano. As ferramentas digitais devem permanecer invis\u00edveis e intuitivas, amplificando os benef\u00edcios naturais do contato com as plantas sem criar barreiras tecnol\u00f3gicas estressantes para os usu\u00e1rios.<\/p>\n            <\/div>\n\n            <p>A dimens\u00e3o comunit\u00e1ria da terapia atrav\u00e9s da jardinagem se amplia gra\u00e7as \u00e0s plataformas digitais que permitem compartilhar experi\u00eancias, fotos de jardins e conselhos entre diferentes centros de cuidados. Essa rede enriquece a pr\u00e1tica profissional e oferece aos participantes a sensa\u00e7\u00e3o de fazer parte de uma comunidade mais ampla de jardineiros terap\u00eauticos, refor\u00e7ando a inclus\u00e3o social e a valoriza\u00e7\u00e3o pessoal.<\/p>\n\n            <div class=\"faq-list\">\n                <h2>Perguntas frequentes<\/h2>\n                \n                <div class=\"faq-item\">\n<div class=\"faq-q\">\n                        <span>Quanto tempo leva para observar os primeiros benef\u00edcios da terapia por jardinagem?<\/span>\n                        <span class=\"faq-icon\">+<\/span>\n                    <\/div>\n                    <div class=\"faq-a\">\n                        <p>Os primeiros benef\u00edcios aparecem geralmente nas primeiras sess\u00f5es sob a forma de melhoria do humor e do engajamento. Os benef\u00edcios comportamentais se manifestam ap\u00f3s 2-3 semanas de pr\u00e1tica regular, enquanto as melhorias cognitivas se estabilizam ap\u00f3s 2-3 meses. A regularidade das sess\u00f5es (idealmente 2-3 vezes por semana) influencia diretamente a rapidez e a amplitude das melhorias observadas.<\/p>\n                    <\/div>\n                <\/div>\n\n                <div class=\"faq-item\">\n                    <div class=\"faq-q\">\n                        <span>\u00c9 poss\u00edvel praticar a terapia por jardinagem em apartamento sem jardim?<\/span>\n                        <span class=\"faq-icon\">+<\/span>\n                    <\/div>\n                    <div class=\"faq-a\">\n                        <p>Absolutamente! Um peitoril de janela, uma varanda ou mesmo um espa\u00e7o interno bem iluminado s\u00e3o suficientes para criar um mini-jardim terap\u00eautico. Os vasos de plantio, jardineiras suspensas e potes de tamanhos variados permitem cultivar ervas arom\u00e1ticas, pequenos legumes e flores. O essencial reside na variedade sensorial e na acessibilidade das plantas para manter o engajamento e os benef\u00edcios terap\u00eauticos.<\/p>\n                    <\/div>\n                <\/div>\n\n                <div class=\"faq-item\">\n                    <div class=\"faq-q\">\n                        <span>Quais precau\u00e7\u00f5es de seguran\u00e7a devem ser tomadas durante as atividades de jardinagem?<\/span>\n                        <span class=\"faq-icon\">+<\/span>\n                    <\/div>\n                    <div class=\"faq-a\">\n                        <p>A seguran\u00e7a \u00e9 prioridade: escolher exclusivamente plantas n\u00e3o t\u00f3xicas, usar ferramentas seguras sem partes cortantes, manter os caminhos desobstru\u00eddos para evitar quedas, proteger do sol com \u00e1reas sombreadas e hidrata\u00e7\u00e3o regular. Monitorar os sinais de fadiga, adaptar a dura\u00e7\u00e3o das atividades \u00e0s capacidades individuais e sempre garantir uma supervis\u00e3o adequada de acordo com o n\u00edvel de autonomia de cada participante.<\/p>\n                    <\/div>\n                <\/div>\n\n                <div class=\"faq-item\">\n                    <div class=\"faq-q\">\n                        <span>Como manter o interesse pela jardinagem ao longo do ano?<\/span>\n                        <span class=\"faq-icon\">+<\/span>\n                    <\/div>\n                    <div class=\"faq-a\">\n                        <p>A varia\u00e7\u00e3o sazonal mant\u00e9m naturalmente o interesse: semeadura na primavera, manuten\u00e7\u00e3o no ver\u00e3o, colheitas no outono, prepara\u00e7\u00e3o para o inverno. Alternar entre plantas de crescimento r\u00e1pido para satisfa\u00e7\u00e3o imediata e projetos de longo prazo para manter a expectativa. Integrar festividades sazonais, cria\u00e7\u00f5es art\u00edsticas com elementos vegetais e documenta\u00e7\u00e3o fotogr\u00e1fica das evolu\u00e7\u00f5es para enriquecer a experi\u00eancia al\u00e9m da simples jardinagem.<\/p>\n                    <\/div>\n                <\/div>\n\n                <div class=\"faq-item\">\n                    <div class=\"faq-q\">\n                        <span>A terapia por jardinagem pode substituir outros tratamentos para Alzheimer?<\/span>\n                        <span class=\"faq-icon\">+<\/span>\n                    <\/div>\n<div class=\"faq-a\">\n                        <p>N\u00e3o, a terapia atrav\u00e9s da jardinagem \u00e9 um complemento terap\u00eautico valioso, mas nunca substitui os tratamentos medicamentosos prescritos nem os outros cuidados especializados. Ela se integra idealmente em uma abordagem multimodal que combina acompanhamento m\u00e9dico, estimula\u00e7\u00e3o cognitiva (como com COCO PENSA), atividade f\u00edsica (COCO SE MEXE) e intera\u00e7\u00f5es sociais para otimizar a qualidade de vida e retardar a evolu\u00e7\u00e3o dos sintomas.<\/p>\n                    <\/div>\n                <\/div>\n\n                <div class=\"faq-item\">\n                    <div class=\"faq-q\">\n                        <span>Qual or\u00e7amento prever para implementar um jardim terap\u00eautico?<\/span>\n                        <span class=\"faq-icon\">+<\/span>\n                    <\/div>\n                    <div class=\"faq-a\">\n                        <p>O or\u00e7amento varia de acordo com a magnitude do projeto: 200-500\u20ac para um jardim de apartamento (caixas, terra, sementes, ferramentas b\u00e1sicas), 1000-3000\u20ac para um jardim dom\u00e9stico adaptado, 5000-15000\u20ac para um espa\u00e7o coletivo profissional. Otimize recuperando recipientes, solicitando doa\u00e7\u00f5es de mudas em viveiros, formando volunt\u00e1rios em vez de empregar pessoal especializado. O investimento se paga rapidamente atrav\u00e9s da melhoria da qualidade de vida e da redu\u00e7\u00e3o potencial de outras interven\u00e7\u00f5es.<\/p>\n                    <\/div>\n                <\/div>\n            <\/div>\n\n            <div class=\"cta-box\">\n                <h3>Enrique\u00e7a sua abordagem terap\u00eautica com DYNSEO<\/h3>\n                <p>Complete a terapia atrav\u00e9s da jardinagem com nossas solu\u00e7\u00f5es de estimula\u00e7\u00e3o cognitiva adaptadas \u00e0s pessoas com Alzheimer. COCO PENSA e COCO SE MEXE oferecem exerc\u00edcios personalizados que refor\u00e7am os benef\u00edcios da jardinagem terap\u00eautica.<\/p>\n                <div class=\"cta-buttons\">\n                    <a href=\"https:\/\/www.dynseo.com\/pt-pt\/coco-pensa-e-coco-se-mexe\/\" class=\"btn-white\">Descobrir COCO<\/a>\n                    <a href=\"#contact\" class=\"btn-outline\">Solicitar uma demonstra\u00e7\u00e3o<\/a>\n                <\/div>\n            <\/div>\n\n            <div class=\"article-tags\">\n                <a href=\"#\" class=\"article-tag\">Jardinagem terap\u00eautica<\/a>\n                <a href=\"#\" class=\"article-tag\">Alzheimer<\/a>\n                <a href=\"#\" class=\"article-tag\">Terapia n\u00e3o medicamentosa<\/a>\n                <a href=\"#\" class=\"article-tag\">Estimula\u00e7\u00e3o cognitiva<\/a>\n                <a href=\"#\" class=\"article-tag\">Bem-estar<\/a>\n                <a href=\"#\" class=\"article-tag\">Cuidadores familiares<\/a>\n                <a href=\"#\" class=\"article-tag\">Lar de idosos<\/a>\n                <a href=\"#\" class=\"article-tag\">Geriatria<\/a>\n            <\/div>\n        <\/div>\n    <\/div>[\/et_pb_code][\/et_pb_column][\/et_pb_row][\/et_pb_section]","_et_gb_content_width":"","footnotes":""},"categories":[2915,2873],"tags":[2564],"class_list":["post-70772","post","type-post","status-publish","format-standard","has-post-thumbnail","hentry","category-les-conseils-des-coachs","category-tout-sur-lalzheimer","tag-bien-etre"],"yoast_head":"<!-- This site is optimized with the Yoast SEO plugin v27.4 - https:\/\/yoast.com\/product\/yoast-seo-wordpress\/ -->\n<title>Terapia de jardinagem para pessoas com Alzheimer - Dynseo<\/title>\n<meta name=\"description\" content=\"Descubra os muitos benef\u00edcios da terapia de jardinagem para pessoas com doen\u00e7a de Alzheimer - Dynseo\" \/>\n<meta name=\"robots\" content=\"index, follow, max-snippet:-1, max-image-preview:large, max-video-preview:-1\" \/>\n<link rel=\"canonical\" href=\"https:\/\/www.dynseo.com\/pt-pt\/a-terapia-atraves-da-jardinagem-para-pessoas-com-doenca-de-alzheimer\/\" \/>\n<meta property=\"og:locale\" content=\"pt_PT\" \/>\n<meta property=\"og:type\" content=\"article\" \/>\n<meta property=\"og:title\" content=\"Terapia de jardinagem para pessoas com Alzheimer - Dynseo\" \/>\n<meta property=\"og:description\" content=\"Descubra os muitos benef\u00edcios da terapia de jardinagem para pessoas com doen\u00e7a de Alzheimer - Dynseo\" \/>\n<meta property=\"og:url\" content=\"https:\/\/www.dynseo.com\/pt-pt\/a-terapia-atraves-da-jardinagem-para-pessoas-com-doenca-de-alzheimer\/\" \/>\n<meta property=\"og:site_name\" content=\"DYNSEO - Aplica\u00e7\u00f5es educativas e jogos de mem\u00f3ria\" \/>\n<meta property=\"article:published_time\" content=\"2025-11-25T23:02:29+00:00\" \/>\n<meta property=\"article:modified_time\" content=\"2026-04-27T05:00:54+00:00\" \/>\n<meta property=\"og:image\" content=\"https:\/\/www.dynseo.com\/wp-content\/uploads\/2025\/03\/jeux-memoire-seniors-alzheimer.png\" \/>\n\t<meta property=\"og:image:width\" content=\"500\" \/>\n\t<meta property=\"og:image:height\" content=\"500\" \/>\n\t<meta property=\"og:image:type\" content=\"image\/png\" \/>\n<meta name=\"author\" content=\"DYNSEO\" \/>\n<meta name=\"twitter:label1\" content=\"Escrito por\" \/>\n\t<meta name=\"twitter:data1\" content=\"DYNSEO\" \/>\n\t<meta name=\"twitter:label2\" content=\"Tempo estimado de leitura\" \/>\n\t<meta name=\"twitter:data2\" content=\"26 minutos\" \/>\n<script type=\"application\/ld+json\" class=\"yoast-schema-graph\">{\"@context\":\"https:\\\/\\\/schema.org\",\"@graph\":[{\"@type\":\"Article\",\"@id\":\"https:\\\/\\\/www.dynseo.com\\\/pt-pt\\\/a-terapia-atraves-da-jardinagem-para-pessoas-com-doenca-de-alzheimer\\\/#article\",\"isPartOf\":{\"@id\":\"https:\\\/\\\/www.dynseo.com\\\/pt-pt\\\/a-terapia-atraves-da-jardinagem-para-pessoas-com-doenca-de-alzheimer\\\/\"},\"author\":{\"name\":\"DYNSEO\",\"@id\":\"https:\\\/\\\/www.dynseo.com\\\/pt-pt\\\/#\\\/schema\\\/person\\\/78ef63df2ee64e0989bc68f8401b38d6\"},\"headline\":\"A terapia atrav\u00e9s da jardinagem para pessoas com doen\u00e7a de Alzheimer\",\"datePublished\":\"2025-11-25T23:02:29+00:00\",\"dateModified\":\"2026-04-27T05:00:54+00:00\",\"mainEntityOfPage\":{\"@id\":\"https:\\\/\\\/www.dynseo.com\\\/pt-pt\\\/a-terapia-atraves-da-jardinagem-para-pessoas-com-doenca-de-alzheimer\\\/\"},\"wordCount\":5119,\"publisher\":{\"@id\":\"https:\\\/\\\/www.dynseo.com\\\/pt-pt\\\/#organization\"},\"image\":{\"@id\":\"https:\\\/\\\/www.dynseo.com\\\/pt-pt\\\/a-terapia-atraves-da-jardinagem-para-pessoas-com-doenca-de-alzheimer\\\/#primaryimage\"},\"thumbnailUrl\":\"https:\\\/\\\/www.dynseo.com\\\/wp-content\\\/uploads\\\/2025\\\/03\\\/jeux-memoire-seniors-alzheimer.png\",\"keywords\":[\"Bien-\u00eatre\"],\"articleSection\":[\"Les conseils des coachs\",\"Tout sur Alzheimer\"],\"inLanguage\":\"pt-PT\"},{\"@type\":\"WebPage\",\"@id\":\"https:\\\/\\\/www.dynseo.com\\\/pt-pt\\\/a-terapia-atraves-da-jardinagem-para-pessoas-com-doenca-de-alzheimer\\\/\",\"url\":\"https:\\\/\\\/www.dynseo.com\\\/pt-pt\\\/a-terapia-atraves-da-jardinagem-para-pessoas-com-doenca-de-alzheimer\\\/\",\"name\":\"Terapia de jardinagem para pessoas com Alzheimer - Dynseo\",\"isPartOf\":{\"@id\":\"https:\\\/\\\/www.dynseo.com\\\/pt-pt\\\/#website\"},\"primaryImageOfPage\":{\"@id\":\"https:\\\/\\\/www.dynseo.com\\\/pt-pt\\\/a-terapia-atraves-da-jardinagem-para-pessoas-com-doenca-de-alzheimer\\\/#primaryimage\"},\"image\":{\"@id\":\"https:\\\/\\\/www.dynseo.com\\\/pt-pt\\\/a-terapia-atraves-da-jardinagem-para-pessoas-com-doenca-de-alzheimer\\\/#primaryimage\"},\"thumbnailUrl\":\"https:\\\/\\\/www.dynseo.com\\\/wp-content\\\/uploads\\\/2025\\\/03\\\/jeux-memoire-seniors-alzheimer.png\",\"datePublished\":\"2025-11-25T23:02:29+00:00\",\"dateModified\":\"2026-04-27T05:00:54+00:00\",\"description\":\"Descubra os muitos benef\u00edcios da terapia de jardinagem para pessoas com doen\u00e7a de Alzheimer - Dynseo\",\"breadcrumb\":{\"@id\":\"https:\\\/\\\/www.dynseo.com\\\/pt-pt\\\/a-terapia-atraves-da-jardinagem-para-pessoas-com-doenca-de-alzheimer\\\/#breadcrumb\"},\"inLanguage\":\"pt-PT\",\"potentialAction\":[{\"@type\":\"ReadAction\",\"target\":[\"https:\\\/\\\/www.dynseo.com\\\/pt-pt\\\/a-terapia-atraves-da-jardinagem-para-pessoas-com-doenca-de-alzheimer\\\/\"]}]},{\"@type\":\"ImageObject\",\"inLanguage\":\"pt-PT\",\"@id\":\"https:\\\/\\\/www.dynseo.com\\\/pt-pt\\\/a-terapia-atraves-da-jardinagem-para-pessoas-com-doenca-de-alzheimer\\\/#primaryimage\",\"url\":\"https:\\\/\\\/www.dynseo.com\\\/wp-content\\\/uploads\\\/2025\\\/03\\\/jeux-memoire-seniors-alzheimer.png\",\"contentUrl\":\"https:\\\/\\\/www.dynseo.com\\\/wp-content\\\/uploads\\\/2025\\\/03\\\/jeux-memoire-seniors-alzheimer.png\",\"width\":500,\"height\":500,\"caption\":\"Jogos divertidos e desafiadores para estimular a mente de pacientes com Alzheimer\"},{\"@type\":\"BreadcrumbList\",\"@id\":\"https:\\\/\\\/www.dynseo.com\\\/pt-pt\\\/a-terapia-atraves-da-jardinagem-para-pessoas-com-doenca-de-alzheimer\\\/#breadcrumb\",\"itemListElement\":[{\"@type\":\"ListItem\",\"position\":1,\"name\":\"Accueil\",\"item\":\"https:\\\/\\\/www.dynseo.com\\\/pt-pt\\\/\"},{\"@type\":\"ListItem\",\"position\":2,\"name\":\"A terapia atrav\u00e9s da jardinagem para pessoas com doen\u00e7a de Alzheimer\"}]},{\"@type\":\"WebSite\",\"@id\":\"https:\\\/\\\/www.dynseo.com\\\/pt-pt\\\/#website\",\"url\":\"https:\\\/\\\/www.dynseo.com\\\/pt-pt\\\/\",\"name\":\"Jeux de m\u00e9moire et stimulation cognitive\",\"description\":\"Entra\u00eenez votre m\u00e9moire et votre cerveau avec DYNSEO\",\"publisher\":{\"@id\":\"https:\\\/\\\/www.dynseo.com\\\/pt-pt\\\/#organization\"},\"potentialAction\":[{\"@type\":\"SearchAction\",\"target\":{\"@type\":\"EntryPoint\",\"urlTemplate\":\"https:\\\/\\\/www.dynseo.com\\\/pt-pt\\\/?s={search_term_string}\"},\"query-input\":{\"@type\":\"PropertyValueSpecification\",\"valueRequired\":true,\"valueName\":\"search_term_string\"}}],\"inLanguage\":\"pt-PT\"},{\"@type\":\"Organization\",\"@id\":\"https:\\\/\\\/www.dynseo.com\\\/pt-pt\\\/#organization\",\"name\":\"DYNSEO\",\"url\":\"https:\\\/\\\/www.dynseo.com\\\/pt-pt\\\/\",\"logo\":{\"@type\":\"ImageObject\",\"inLanguage\":\"pt-PT\",\"@id\":\"https:\\\/\\\/www.dynseo.com\\\/pt-pt\\\/#\\\/schema\\\/logo\\\/image\\\/\",\"url\":\"https:\\\/\\\/www.dynseo.com\\\/wp-content\\\/uploads\\\/2022\\\/05\\\/logo-dynseo-new.png\",\"contentUrl\":\"https:\\\/\\\/www.dynseo.com\\\/wp-content\\\/uploads\\\/2022\\\/05\\\/logo-dynseo-new.png\",\"width\":5073,\"height\":1397,\"caption\":\"DYNSEO\"},\"image\":{\"@id\":\"https:\\\/\\\/www.dynseo.com\\\/pt-pt\\\/#\\\/schema\\\/logo\\\/image\\\/\"}},{\"@type\":\"Person\",\"@id\":\"https:\\\/\\\/www.dynseo.com\\\/pt-pt\\\/#\\\/schema\\\/person\\\/78ef63df2ee64e0989bc68f8401b38d6\",\"name\":\"DYNSEO\",\"url\":\"https:\\\/\\\/www.dynseo.com\\\/pt-pt\\\/author\\\/justine\\\/\"}]}<\/script>\n<!-- \/ Yoast SEO plugin. -->","yoast_head_json":{"title":"Terapia de jardinagem para pessoas com Alzheimer - Dynseo","description":"Descubra os muitos benef\u00edcios da terapia de jardinagem para pessoas com doen\u00e7a de Alzheimer - Dynseo","robots":{"index":"index","follow":"follow","max-snippet":"max-snippet:-1","max-image-preview":"max-image-preview:large","max-video-preview":"max-video-preview:-1"},"canonical":"https:\/\/www.dynseo.com\/pt-pt\/a-terapia-atraves-da-jardinagem-para-pessoas-com-doenca-de-alzheimer\/","og_locale":"pt_PT","og_type":"article","og_title":"Terapia de jardinagem para pessoas com Alzheimer - Dynseo","og_description":"Descubra os muitos benef\u00edcios da terapia de jardinagem para pessoas com doen\u00e7a de Alzheimer - Dynseo","og_url":"https:\/\/www.dynseo.com\/pt-pt\/a-terapia-atraves-da-jardinagem-para-pessoas-com-doenca-de-alzheimer\/","og_site_name":"DYNSEO - Aplica\u00e7\u00f5es educativas e jogos de mem\u00f3ria","article_published_time":"2025-11-25T23:02:29+00:00","article_modified_time":"2026-04-27T05:00:54+00:00","og_image":[{"width":500,"height":500,"url":"https:\/\/www.dynseo.com\/wp-content\/uploads\/2025\/03\/jeux-memoire-seniors-alzheimer.png","type":"image\/png"}],"author":"DYNSEO","twitter_misc":{"Escrito por":"DYNSEO","Tempo estimado de leitura":"26 minutos"},"schema":{"@context":"https:\/\/schema.org","@graph":[{"@type":"Article","@id":"https:\/\/www.dynseo.com\/pt-pt\/a-terapia-atraves-da-jardinagem-para-pessoas-com-doenca-de-alzheimer\/#article","isPartOf":{"@id":"https:\/\/www.dynseo.com\/pt-pt\/a-terapia-atraves-da-jardinagem-para-pessoas-com-doenca-de-alzheimer\/"},"author":{"name":"DYNSEO","@id":"https:\/\/www.dynseo.com\/pt-pt\/#\/schema\/person\/78ef63df2ee64e0989bc68f8401b38d6"},"headline":"A terapia atrav\u00e9s da jardinagem para pessoas com doen\u00e7a de Alzheimer","datePublished":"2025-11-25T23:02:29+00:00","dateModified":"2026-04-27T05:00:54+00:00","mainEntityOfPage":{"@id":"https:\/\/www.dynseo.com\/pt-pt\/a-terapia-atraves-da-jardinagem-para-pessoas-com-doenca-de-alzheimer\/"},"wordCount":5119,"publisher":{"@id":"https:\/\/www.dynseo.com\/pt-pt\/#organization"},"image":{"@id":"https:\/\/www.dynseo.com\/pt-pt\/a-terapia-atraves-da-jardinagem-para-pessoas-com-doenca-de-alzheimer\/#primaryimage"},"thumbnailUrl":"https:\/\/www.dynseo.com\/wp-content\/uploads\/2025\/03\/jeux-memoire-seniors-alzheimer.png","keywords":["Bien-\u00eatre"],"articleSection":["Les conseils des coachs","Tout sur Alzheimer"],"inLanguage":"pt-PT"},{"@type":"WebPage","@id":"https:\/\/www.dynseo.com\/pt-pt\/a-terapia-atraves-da-jardinagem-para-pessoas-com-doenca-de-alzheimer\/","url":"https:\/\/www.dynseo.com\/pt-pt\/a-terapia-atraves-da-jardinagem-para-pessoas-com-doenca-de-alzheimer\/","name":"Terapia de jardinagem para pessoas com Alzheimer - Dynseo","isPartOf":{"@id":"https:\/\/www.dynseo.com\/pt-pt\/#website"},"primaryImageOfPage":{"@id":"https:\/\/www.dynseo.com\/pt-pt\/a-terapia-atraves-da-jardinagem-para-pessoas-com-doenca-de-alzheimer\/#primaryimage"},"image":{"@id":"https:\/\/www.dynseo.com\/pt-pt\/a-terapia-atraves-da-jardinagem-para-pessoas-com-doenca-de-alzheimer\/#primaryimage"},"thumbnailUrl":"https:\/\/www.dynseo.com\/wp-content\/uploads\/2025\/03\/jeux-memoire-seniors-alzheimer.png","datePublished":"2025-11-25T23:02:29+00:00","dateModified":"2026-04-27T05:00:54+00:00","description":"Descubra os muitos benef\u00edcios da terapia de jardinagem para pessoas com doen\u00e7a de Alzheimer - Dynseo","breadcrumb":{"@id":"https:\/\/www.dynseo.com\/pt-pt\/a-terapia-atraves-da-jardinagem-para-pessoas-com-doenca-de-alzheimer\/#breadcrumb"},"inLanguage":"pt-PT","potentialAction":[{"@type":"ReadAction","target":["https:\/\/www.dynseo.com\/pt-pt\/a-terapia-atraves-da-jardinagem-para-pessoas-com-doenca-de-alzheimer\/"]}]},{"@type":"ImageObject","inLanguage":"pt-PT","@id":"https:\/\/www.dynseo.com\/pt-pt\/a-terapia-atraves-da-jardinagem-para-pessoas-com-doenca-de-alzheimer\/#primaryimage","url":"https:\/\/www.dynseo.com\/wp-content\/uploads\/2025\/03\/jeux-memoire-seniors-alzheimer.png","contentUrl":"https:\/\/www.dynseo.com\/wp-content\/uploads\/2025\/03\/jeux-memoire-seniors-alzheimer.png","width":500,"height":500,"caption":"Jogos divertidos e desafiadores para estimular a mente de pacientes com Alzheimer"},{"@type":"BreadcrumbList","@id":"https:\/\/www.dynseo.com\/pt-pt\/a-terapia-atraves-da-jardinagem-para-pessoas-com-doenca-de-alzheimer\/#breadcrumb","itemListElement":[{"@type":"ListItem","position":1,"name":"Accueil","item":"https:\/\/www.dynseo.com\/pt-pt\/"},{"@type":"ListItem","position":2,"name":"A terapia atrav\u00e9s da jardinagem para pessoas com doen\u00e7a de Alzheimer"}]},{"@type":"WebSite","@id":"https:\/\/www.dynseo.com\/pt-pt\/#website","url":"https:\/\/www.dynseo.com\/pt-pt\/","name":"Jeux de m\u00e9moire et stimulation cognitive","description":"Entra\u00eenez votre m\u00e9moire et votre cerveau avec DYNSEO","publisher":{"@id":"https:\/\/www.dynseo.com\/pt-pt\/#organization"},"potentialAction":[{"@type":"SearchAction","target":{"@type":"EntryPoint","urlTemplate":"https:\/\/www.dynseo.com\/pt-pt\/?s={search_term_string}"},"query-input":{"@type":"PropertyValueSpecification","valueRequired":true,"valueName":"search_term_string"}}],"inLanguage":"pt-PT"},{"@type":"Organization","@id":"https:\/\/www.dynseo.com\/pt-pt\/#organization","name":"DYNSEO","url":"https:\/\/www.dynseo.com\/pt-pt\/","logo":{"@type":"ImageObject","inLanguage":"pt-PT","@id":"https:\/\/www.dynseo.com\/pt-pt\/#\/schema\/logo\/image\/","url":"https:\/\/www.dynseo.com\/wp-content\/uploads\/2022\/05\/logo-dynseo-new.png","contentUrl":"https:\/\/www.dynseo.com\/wp-content\/uploads\/2022\/05\/logo-dynseo-new.png","width":5073,"height":1397,"caption":"DYNSEO"},"image":{"@id":"https:\/\/www.dynseo.com\/pt-pt\/#\/schema\/logo\/image\/"}},{"@type":"Person","@id":"https:\/\/www.dynseo.com\/pt-pt\/#\/schema\/person\/78ef63df2ee64e0989bc68f8401b38d6","name":"DYNSEO","url":"https:\/\/www.dynseo.com\/pt-pt\/author\/justine\/"}]}},"_links":{"self":[{"href":"https:\/\/www.dynseo.com\/pt-pt\/wp-json\/wp\/v2\/posts\/70772","targetHints":{"allow":["GET"]}}],"collection":[{"href":"https:\/\/www.dynseo.com\/pt-pt\/wp-json\/wp\/v2\/posts"}],"about":[{"href":"https:\/\/www.dynseo.com\/pt-pt\/wp-json\/wp\/v2\/types\/post"}],"author":[{"embeddable":true,"href":"https:\/\/www.dynseo.com\/pt-pt\/wp-json\/wp\/v2\/users\/4"}],"replies":[{"embeddable":true,"href":"https:\/\/www.dynseo.com\/pt-pt\/wp-json\/wp\/v2\/comments?post=70772"}],"version-history":[{"count":23,"href":"https:\/\/www.dynseo.com\/pt-pt\/wp-json\/wp\/v2\/posts\/70772\/revisions"}],"predecessor-version":[{"id":564672,"href":"https:\/\/www.dynseo.com\/pt-pt\/wp-json\/wp\/v2\/posts\/70772\/revisions\/564672"}],"wp:featuredmedia":[{"embeddable":true,"href":"https:\/\/www.dynseo.com\/pt-pt\/wp-json\/wp\/v2\/media\/148854"}],"wp:attachment":[{"href":"https:\/\/www.dynseo.com\/pt-pt\/wp-json\/wp\/v2\/media?parent=70772"}],"wp:term":[{"taxonomy":"category","embeddable":true,"href":"https:\/\/www.dynseo.com\/pt-pt\/wp-json\/wp\/v2\/categories?post=70772"},{"taxonomy":"post_tag","embeddable":true,"href":"https:\/\/www.dynseo.com\/pt-pt\/wp-json\/wp\/v2\/tags?post=70772"}],"curies":[{"name":"wp","href":"https:\/\/api.w.org\/{rel}","templated":true}]}}