{"id":490814,"date":"2026-01-25T20:05:34","date_gmt":"2026-01-25T19:05:34","guid":{"rendered":"https:\/\/www.dynseo.com\/harcelement-scolaire-et-fragilite-cognitive-proteger-les-eleves-vulnerables-2\/"},"modified":"2026-02-02T23:17:17","modified_gmt":"2026-02-02T22:17:17","slug":"harcelement-scolaire-et-fragilite-cognitive-proteger-les-eleves-vulnerables-2","status":"publish","type":"post","link":"https:\/\/www.dynseo.com\/zh-hans\/harcelement-scolaire-et-fragilite-cognitive-proteger-les-eleves-vulnerables-2\/","title":{"rendered":"Harc\u00e8lement scolaire et fragilit\u00e9 cognitive : prot\u00e9ger les \u00e9l\u00e8ves vuln\u00e9rables"},"content":{"rendered":"<p>[et_pb_section fb_built=&#8221;1&#8243; admin_label=&#8221;Article HTML v8.4&#8243; _builder_version=&#8221;4.16&#8243;][et_pb_row][et_pb_column type=&#8221;4_4&#8243; _builder_version=&#8221;4.16&#8243;][et_pb_code admin_label=&#8221;HTML stylis\u00e9&#8221;]<link href=\"https:\/\/fonts.googleapis.com\/css2?family=Montserrat:wght@400;500;600;700;800&#038;display=swap\" rel=\"stylesheet\">\n<style>\n.dynseo-article{font-family:'Montserrat',-apple-system,BlinkMacSystemFont,'Segoe UI',Roboto,sans-serif;line-height:1.8;color:#2c3e50;max-width:100%;box-sizing:border-box}\n.dynseo-article *{box-sizing:border-box}\n.dynseo-article h2{font-size:1.8rem;color:#1a1a2e;margin:50px 0 25px;padding-bottom:12px;border-bottom:3px solid #a9e2e4;font-weight:700}\n.dynseo-article h3{font-size:1.3rem;color:#5e5ed7;margin:35px 0 18px;font-weight:600}\n.dynseo-article h4{font-size:1.1rem;color:#1a1a2e;margin:25px 0 12px;font-weight:600}\n.dynseo-article p{margin-bottom:18px;font-size:1.05rem}\n.dynseo-article a{color:#5e5ed7;text-decoration:none}\n.dynseo-article a:hover{color:#e73469;text-decoration:underline}\n.dynseo-article .dynseo-game-card{display:flex;gap:30px;background:#fff;border-radius:20px;padding:25px;margin:30px 0;border:2px solid #f1f5f9;box-shadow:0 4px 20px rgba(0,0,0,0.06);transition:all .3s}\n.dynseo-article .dynseo-game-card:hover{transform:translateY(-5px);box-shadow:0 15px 40px rgba(0,0,0,0.1);border-color:#a9e2e4}\n.dynseo-article .dynseo-game-card-image{flex:0 0 200px}\n.dynseo-article .dynseo-game-card-image img{width:100%;height:auto;border-radius:16px;box-shadow:0 8px 25px rgba(0,0,0,0.15);transition:transform .3s}\n.dynseo-article .dynseo-game-card-image a:hover img{transform:scale(1.05)}\n.dynseo-article .dynseo-game-card-content{flex:1}\n.dynseo-article .dynseo-game-card-content h4{margin:0 0 15px 0;color:#e73469;font-size:1.3rem}\n.dynseo-article .dynseo-game-card-content h4 a{color:#e73469;text-decoration:none}\n.dynseo-article .dynseo-game-card-content h4 a:hover{color:#5e5ed7}\n.dynseo-article .dynseo-game-card-desc{color:#2c3e50;line-height:1.7}\n.dynseo-article .dynseo-game-card-desc p{margin-bottom:12px}\n.dynseo-article .dynseo-feature-grid{display:grid;grid-template-columns:repeat(auto-fit,minmax(250px,1fr));gap:25px;margin:35px 0}\n.dynseo-article .dynseo-feature-card{background:#fff;border-radius:20px;padding:25px;text-align:center;border:2px solid #f1f5f9;transition:all .3s}\n.dynseo-article .dynseo-feature-card:hover{transform:translateY(-8px);box-shadow:0 20px 50px rgba(0,0,0,0.1);border-color:#e73469}\n.dynseo-article .dynseo-feature-card img{max-width:120px;height:auto;margin:0 auto 15px;border-radius:12px;display:block;transition:transform .3s}\n.dynseo-article .dynseo-feature-card a:hover img{transform:scale(1.1)}\n.dynseo-article .dynseo-feature-card h4{color:#1a1a2e;margin:0 0 10px 0;font-size:1.1rem}\n.dynseo-article .dynseo-feature-card h4 a{color:#5e5ed7;text-decoration:none}\n.dynseo-article .dynseo-feature-card h4 a:hover{color:#e73469}\n.dynseo-article .dynseo-feature-card p{color:#64748b;font-size:.95rem;margin:0}\n.dynseo-article .dynseo-figure{margin:30px 0;text-align:center}\n.dynseo-article .dynseo-figure a{display:inline-block;transition:transform .3s}\n.dynseo-article .dynseo-figure a:hover{transform:scale(1.02)}\n.dynseo-article .dynseo-img{max-width:100%;height:auto;border-radius:16px;box-shadow:0 8px 30px rgba(0,0,0,0.12)}\n.dynseo-article img{max-width:100%;height:auto;border-radius:12px;margin:15px 0}\n.dynseo-article .dynseo-button-wrap{margin:25px 0;text-align:center}\n.dynseo-article .dynseo-button{display:inline-block;padding:14px 32px;background:linear-gradient(135deg,#e73469,#db2777);color:white!important;text-decoration:none!important;border-radius:30px;font-weight:600;box-shadow:0 4px 20px rgba(231,52,105,0.35);transition:all .3s}\n.dynseo-article .dynseo-button:hover{transform:translateY(-3px);box-shadow:0 8px 30px rgba(231,52,105,0.45)}\n.dynseo-article .dynseo-cta{background:linear-gradient(135deg,#5e5ed7,#5268c9);border-radius:20px;padding:35px 40px;margin:40px 0;text-align:center;color:white;box-shadow:0 10px 40px rgba(94,94,215,0.3)}\n.dynseo-article .dynseo-cta h3{color:white;font-size:1.5rem;margin:0 0 15px 0}\n.dynseo-article .dynseo-cta p{color:rgba(255,255,255,0.9);margin-bottom:20px}\n.dynseo-article .dynseo-cta .dynseo-button{background:white;color:#5e5ed7!important}\n.dynseo-article .dynseo-intro{font-size:1.15rem;color:#64748b;border-left:4px solid #a9e2e4;padding:20px 25px;margin:35px 0;font-style:italic;background:linear-gradient(90deg,rgba(169,226,228,0.1),transparent);border-radius:0 12px 12px 0}\n.dynseo-article .dynseo-toc{background:linear-gradient(135deg,#f8fafc,#fff);border-radius:20px;padding:35px;margin:40px 0;border:2px solid #e5e7eb;box-shadow:0 4px 20px rgba(0,0,0,0.05)}\n.dynseo-article .dynseo-toc .toc-title{font-size:1.4rem;margin-bottom:25px;color:#1a1a2e;font-weight:700}\n.dynseo-article .dynseo-toc ol{list-style:none;padding:0;margin:0;display:grid;grid-template-columns:repeat(2,1fr);gap:12px}\n.dynseo-article .dynseo-toc li{background:#fff;border-radius:12px;padding:14px 18px;border:2px solid #f1f5f9;transition:all .3s}\n.dynseo-article .dynseo-toc li:hover{transform:translateX(8px);box-shadow:0 6px 20px rgba(0,0,0,0.1)}\n.dynseo-article .dynseo-toc a{color:#1a1a2e;text-decoration:none;font-weight:500}\n.dynseo-article .dynseo-toc a:hover{color:#5e5ed7}\n.dynseo-article .styled-list,.dynseo-article ul{margin:20px 0;padding:0;list-style:none}\n.dynseo-article .styled-list li,.dynseo-article ul li{position:relative;padding-left:28px;margin-bottom:14px}\n.dynseo-article .styled-list li::before,.dynseo-article ul li::before{content:\"\";position:absolute;left:0;top:8px;width:10px;height:10px;background:#e73469;border-radius:50%}\n.dynseo-article blockquote{background:linear-gradient(135deg,#fff9f0,#fff5eb);border-left:4px solid #ffeca7;border-radius:0 16px 16px 0;padding:25px 30px;margin:35px 0}\n.dynseo-article blockquote p{font-style:italic;margin:0}\n.dynseo-article .dynseo-tip-box{background:linear-gradient(135deg,#ecfdf5,#d1fae5);border:2px solid #a9e2e4;border-radius:16px;padding:25px;margin:35px 0}\n.dynseo-article .dynseo-tip-box-title{font-weight:700;color:#1a1a2e;margin-bottom:10px}\n.dynseo-article .dynseo-tip-box-title::before{content:\"\ud83d\udca1 \";font-size:1.2rem}\n.dynseo-article .dynseo-tip-box p{margin:0;color:#2c3e50}\n.dynseo-article .section-divider{text-align:center;margin:60px 0;font-size:1.8rem;letter-spacing:18px;background:linear-gradient(135deg,#ffeca7,#e73469,#a9e2e4);-webkit-background-clip:text;-webkit-text-fill-color:transparent}\n@media(max-width:1024px){.dynseo-article .dynseo-toc{padding:30px}.dynseo-article .dynseo-game-card{gap:20px;padding:20px}.dynseo-article .dynseo-game-card-image{flex:0 0 160px}.dynseo-article .dynseo-cta{padding:30px}}\n@media(max-width:768px){.dynseo-article h2{font-size:1.5rem;margin:40px 0 20px}.dynseo-article h3{font-size:1.15rem;margin:30px 0 15px}.dynseo-article h4{font-size:1rem;margin:20px 0 10px}.dynseo-article p{font-size:1rem;margin-bottom:15px}.dynseo-article .dynseo-toc{padding:25px;margin:30px 0}.dynseo-article .dynseo-toc .toc-title{font-size:1.2rem;margin-bottom:20px}.dynseo-article .dynseo-toc ol{grid-template-columns:1fr;gap:10px}.dynseo-article .dynseo-toc li{padding:12px 15px}.dynseo-article .dynseo-game-card{flex-direction:column;padding:20px;margin:25px 0;gap:20px}.dynseo-article .dynseo-game-card-image{flex:none;text-align:center}.dynseo-article .dynseo-game-card-image img{max-width:180px;margin:0 auto}.dynseo-article .dynseo-game-card-content{text-align:center}.dynseo-article .dynseo-game-card-content h4{font-size:1.15rem}.dynseo-article .dynseo-feature-grid{grid-template-columns:1fr;gap:20px;margin:25px 0}.dynseo-article .dynseo-feature-card{padding:20px}.dynseo-article .dynseo-feature-card img{max-width:100px}.dynseo-article .dynseo-figure{margin:25px 0}.dynseo-article img{margin:12px 0}.dynseo-article .dynseo-button-wrap{margin:20px 0}.dynseo-article .dynseo-button{display:block;text-align:center;padding:14px 25px}.dynseo-article .dynseo-cta{padding:25px 20px;margin:30px 0}.dynseo-article .dynseo-cta h3{font-size:1.3rem}.dynseo-article .dynseo-intro{padding:15px 18px;margin:25px 0;font-size:1rem}.dynseo-article .dynseo-tip-box{padding:20px;margin:25px 0}.dynseo-article blockquote{padding:20px;margin:25px 0}.dynseo-article .section-divider{margin:40px 0;font-size:1.4rem;letter-spacing:12px}}\n@media(max-width:480px){.dynseo-article{font-size:15px;line-height:1.7}.dynseo-article h2{font-size:1.3rem;margin:35px 0 18px;padding-bottom:10px}.dynseo-article h3{font-size:1.1rem}.dynseo-article p{font-size:.95rem}.dynseo-article .dynseo-toc{padding:20px;margin:25px 0}.dynseo-article .dynseo-toc .toc-title{font-size:1.1rem;margin-bottom:15px}.dynseo-article .dynseo-toc li{padding:10px 12px;font-size:.9rem}.dynseo-article .dynseo-game-card{padding:18px;margin:20px 0}.dynseo-article .dynseo-game-card-image img{max-width:150px}.dynseo-article .dynseo-game-card-content h4{font-size:1.05rem}.dynseo-article .dynseo-game-card-desc{font-size:.9rem}.dynseo-article .dynseo-feature-card{padding:18px}.dynseo-article .dynseo-feature-card img{max-width:80px}.dynseo-article .dynseo-feature-card h4{font-size:1rem}.dynseo-article .dynseo-feature-card p{font-size:.85rem}.dynseo-article .dynseo-button{padding:12px 20px;font-size:.95rem}.dynseo-article .dynseo-cta{padding:20px 18px}.dynseo-article .dynseo-cta h3{font-size:1.15rem}.dynseo-article .dynseo-cta p{font-size:.9rem}.dynseo-article .dynseo-intro{padding:12px 15px;font-size:.95rem}.dynseo-article .dynseo-tip-box{padding:18px}.dynseo-article .styled-list li,.dynseo-article ul li{padding-left:22px;margin-bottom:10px;font-size:.95rem}.dynseo-article .styled-list li::before,.dynseo-article ul li::before{width:8px;height:8px;top:7px}}\n<\/style>\n<div class=\"dynseo-article\">\n<div class=\"dynseo-intro\"><pee>L&#8217;\u00e9cole est souvent per\u00e7ue comme un lieu d&#8217;apprentissage et de socialisation, une premi\u00e8re \u00e9tape vers le monde des adultes. Pourtant, pour certains enfants, ce qui devrait \u00eatre un terrain de d\u00e9couverte se transforme en une ar\u00e8ne hostile.<b> La cour de r\u00e9cr\u00e9ation, avec ses codes et ses dynamiques de groupe, peut devenir une v\u00e9ritable jungle o\u00f9 la loi du plus fort, ou du plus populaire, pr\u00e9vaut.<\/b> Au c\u0153ur de cette dynamique se trouve une probl\u00e9matique souvent silencieuse mais profond\u00e9ment destructrice : le lien entre le harc\u00e8lement scolaire et la fragilit\u00e9 cognitive.<\/pee>\n<pee>Les \u00e9l\u00e8ves pr\u00e9sentant des troubles d&#8217;apprentissage, un trouble du d\u00e9ficit de l&#8217;attention avec ou sans hyperactivit\u00e9 (TDAH), un trouble du spectre de l&#8217;autisme (TSA) ou toute autre particularit\u00e9 qui affecte leur mani\u00e8re de traiter l&#8217;information, de communiquer ou d&#8217;interagir, sont surexpos\u00e9s au risque de harc\u00e8lement. Leur diff\u00e9rence, souvent invisible aux yeux des non-initi\u00e9s, les place dans une position de vuln\u00e9rabilit\u00e9. Comprendre ce lien est la premi\u00e8re \u00e9tape indispensable pour b\u00e2tir une forteresse de bienveillance autour de ces enfants et leur permettre de s&#8217;\u00e9panouir, non seulement malgr\u00e9 leur diff\u00e9rence, mais aussi gr\u00e2ce \u00e0 elle. Cet article s&#8217;adresse \u00e0 vous, parents, enseignants, \u00e9ducateurs, pour vous aider \u00e0 d\u00e9crypter cette r\u00e9alit\u00e9 et \u00e0 agir concr\u00e8tement.<\/pee>\n<pee>Le harc\u00e8lement scolaire ne choisit pas ses victimes au hasard. Il se nourrit de la diff\u00e9rence, de la perception d&#8217;une faiblesse, d&#8217;une non-conformit\u00e9 \u00e0 la norme du groupe.<b> Les \u00e9l\u00e8ves avec une fragilit\u00e9 cognitive sont, malgr\u00e9 eux, des candidats parfaits pour les harceleurs, car leur fonctionnement m\u00eame les distingue.<\/b><\/pee>\n<h3>Qu&#8217;est-ce que la fragilit\u00e9 cognitive ?<\/h3>\n<pee>Avant d&#8217;aller plus loin, il est essentiel de d\u00e9finir ce que nous entendons par &#8220;fragilit\u00e9 cognitive&#8221;. Ce terme n&#8217;est pas un diagnostic en soi, mais plut\u00f4t un concept qui englobe diverses conditions affectant les fonctions cognitives sup\u00e9rieures. Imaginez le cerveau comme une tour de contr\u00f4le extr\u00eamement complexe. Chez la plupart des gens, les communications entre les diff\u00e9rentes sections sont fluides. Pour un \u00e9l\u00e8ve avec une fragilit\u00e9 cognitive, certaines connexions peuvent \u00eatre moins rapides, n\u00e9cessiter plus d&#8217;\u00e9nergie ou suivre un chemin diff\u00e9rent.<\/pee>\n<pee>Cela peut inclure :<\/pee>\n<ul>\n<li>Les troubles &#8220;DYS&#8221; (dyslexie, dyspraxie, dysphasie, dyscalculie) qui affectent respectivement la lecture, le geste, le langage et le calcul.<\/li>\n<li>Le Trouble du D\u00e9ficit de l&#8217;Attention avec ou sans Hyperactivit\u00e9 (TDAH), qui impacte la concentration, l&#8217;impulsivit\u00e9 et le contr\u00f4le de soi.<\/li>\n<li>Le Trouble du Spectre de l&#8217;Autisme (TSA), notamment les formes sans d\u00e9ficience intellectuelle, qui se caract\u00e9risent par des difficult\u00e9s dans les interactions sociales et la communication.<\/li>\n<li>Le Haut Potentiel Intellectuel (HPI), qui, malgr\u00e9 des capacit\u00e9s intellectuelles sup\u00e9rieures, s&#8217;accompagne souvent d&#8217;une hypersensibilit\u00e9, d&#8217;un d\u00e9calage avec les pairs et de difficult\u00e9s dans la gestion des \u00e9motions.<\/li>\n<\/ul>\n<pee>Ces particularit\u00e9s ne sont en rien des signes de moindre intelligence. Elles repr\u00e9sentent simplement une mani\u00e8re diff\u00e9rente de penser, d&#8217;apprendre et d&#8217;\u00eatre au monde.<\/pee>\n<h3>Pourquoi ces \u00e9l\u00e8ves sont-ils des cibles ?<\/h3>\n<pee>La vuln\u00e9rabilit\u00e9 de ces \u00e9l\u00e8ves ne vient pas d&#8217;une faiblesse de caract\u00e8re, mais des manifestations de leur condition. Un harceleur cherche une r\u00e9action, une faille sur laquelle s&#8217;appuyer. Les \u00e9l\u00e8ves avec une fragilit\u00e9 cognitive en fournissent involontairement plusieurs.<\/pee>\n<pee>Un enfant dyspraxique, par exemple, peut \u00eatre maladroit, faire tomber ses affaires, avoir du mal \u00e0 s&#8217;habiller apr\u00e8s le sport. Ces gestes, anodins pour la plupart, deviennent des pr\u00e9textes \u00e0 moqueries r\u00e9p\u00e9t\u00e9es : &#8220;le maladroit&#8221;, &#8220;celui qui ne sait rien faire de ses mains&#8221;.<\/pee>\n<pee>Un \u00e9l\u00e8ve avec un TDAH peut \u00eatre impulsif, couper la parole, s&#8217;agiter sur sa chaise. Son manque de filtre peut l&#8217;amener \u00e0 dire des choses sans r\u00e9fl\u00e9chir, le rendant facile \u00e0 provoquer. Les autres \u00e9l\u00e8ves peuvent l&#8217;interpr\u00e9ter comme \u00e9tant &#8220;bizarre&#8221;, &#8220;\u00e9nervant&#8221; ou &#8220;mal \u00e9lev\u00e9&#8221;, et l&#8217;exclure.<\/pee>\n<pee>Un jeune autiste peut avoir des difficult\u00e9s \u00e0 comprendre les codes sociaux implicites, l&#8217;ironie ou le second degr\u00e9. Il peut prendre les choses au pied de la lettre, ce qui amuse les harceleurs qui exploitent cette na\u00efvet\u00e9. Son besoin de routine ou ses int\u00e9r\u00eats sp\u00e9cifiques peuvent \u00e9galement \u00eatre source de d\u00e9rision.<\/pee>\n<pee>Ces \u00e9l\u00e8ves ont souvent plus de mal \u00e0 d\u00e9coder le langage non verbal, \u00e0 comprendre les intentions cach\u00e9es derri\u00e8re un sourire narquois ou une fausse gentillesse. Ils sont donc moins arm\u00e9s pour identifier et contrer les premi\u00e8res tentatives de manipulation ou d&#8217;intimidation, ce qui en fait des proies faciles.<\/pee><\/div>\n<nav class=\"dynseo-toc\">\n<div class=\"toc-title\">\ud83d\udccb Sommaire<\/div>\n<ol>\n<li style=\"border-left:4px solid #ffeca7\"><a href=\"#section-1\">Le cercle vicieux : un engrenage destructeur<\/a><\/li>\n<li style=\"border-left:4px solid #e73469\"><a href=\"#section-2\">Les cicatrices invisibles : cons\u00e9quences \u00e0 long terme<\/a><\/li>\n<li style=\"border-left:4px solid #a9e2e4\"><a href=\"#section-3\">D\u00e9tecter les signaux faibles : un r\u00f4le crucial pour les adultes<\/a><\/li>\n<li style=\"border-left:4px solid #5e5ed7\"><a href=\"#section-4\">Briser la cha\u00eene : strat\u00e9gies et actions concr\u00e8tes pour prot\u00e9ger<\/a><\/li>\n<\/ol>\n<\/nav>\n<section class=\"dynseo-section\">\n<h2 id=\"section-1\">Le cercle vicieux : un engrenage destructeur<\/h2>\n<pee>Le harc\u00e8lement ne se contente pas d&#8217;\u00eatre une cons\u00e9quence de la fragilit\u00e9 cognitive ; il l&#8217;aggrave. Une fois enclench\u00e9, un cercle vicieux se met en place, o\u00f9 la cause et l&#8217;effet se nourrissent mutuellement, enfermant l&#8217;enfant dans une spirale descendante.<\/pee>\n<h3>De la diff\u00e9rence \u00e0 l&#8217;isolement<\/h3>\n<pee>La premi\u00e8re \u00e9tape de cet engrenage est souvent l&#8217;isolement. Les moqueries et les rejets r\u00e9p\u00e9t\u00e9s poussent l&#8217;\u00e9l\u00e8ve \u00e0 se replier sur lui-m\u00eame. Il \u00e9vite les interactions pour ne plus avoir \u00e0 subir les piques. La cour de r\u00e9cr\u00e9ation devient un lieu de stress intense o\u00f9 il cherche \u00e0 se faire le plus discret possible. Cet isolement, en retour, renforce sa position de &#8220;diff\u00e9rent&#8221; et le d\u00e9signe encore plus aux yeux du groupe. Il devient &#8220;celui qui est toujours seul&#8221;, une cible encore plus \u00e9vidente car d\u00e9pourvue de soutien social de la part de ses pairs.<\/pee>\n<h3>L&#8217;impact du stress sur l&#8217;apprentissage<\/h3>\n<pee>Le harc\u00e8lement g\u00e9n\u00e8re un stress chronique. Or, nous savons aujourd&#8217;hui que le stress a un impact direct et d\u00e9vastateur sur les capacit\u00e9s cognitives. Sous l&#8217;effet du cortisol, l&#8217;hormone du stress, le cerveau passe en mode &#8220;survie&#8221;. Les ressources sont alors allou\u00e9es aux fonctions vitales (fuir ou combattre), au d\u00e9triment des fonctions sup\u00e9rieures comme la m\u00e9moire, la concentration et la r\u00e9solution de probl\u00e8mes, qui sont pilot\u00e9es par le cortex pr\u00e9frontal.<\/pee>\n<pee>Pour un enfant qui a d\u00e9j\u00e0 des difficult\u00e9s d&#8217;apprentissage, c&#8217;est une double peine. L&#8217;\u00e9l\u00e8ve dyslexique, angoiss\u00e9 \u00e0 l&#8217;id\u00e9e d&#8217;\u00eatre interrog\u00e9 en classe, verra ses difficult\u00e9s de lecture d\u00e9cupl\u00e9es par le stress. L&#8217;\u00e9l\u00e8ve avec un TDAH, constamment sur le qui-vive, n&#8217;arrivera plus du tout \u00e0 se concentrer sur les explications du professeur. Le harc\u00e8lement ne fait donc pas que blesser psychologiquement ; il sabote activement les efforts de l&#8217;enfant pour r\u00e9ussir \u00e0 l&#8217;\u00e9cole, aggravant ainsi ses difficult\u00e9s initiales.<\/pee>\n<h3>La perte de confiance en soi : un fardeau silencieux<\/h3>\n<pee>Peut-\u00eatre la cons\u00e9quence la plus insidieuse est-elle la destruction de l&#8217;estime de soi. \u00c0 force d&#8217;entendre qu&#8217;il est &#8220;nul&#8221;, &#8220;b\u00eate&#8221;, &#8220;incapable&#8221;, l&#8217;enfant finit par l&#8217;int\u00e9grer. Sa perception de lui-m\u00eame devient un miroir bris\u00e9, refl\u00e9tant l&#8217;image d\u00e9form\u00e9e que lui renvoient ses harceleurs. Il commence \u00e0 douter de ses propres comp\u00e9tences, m\u00eame dans les domaines o\u00f9 il excellait.<\/pee>\n<pee>Cette perte de confiance le paralyse. Il n&#8217;ose plus participer en classe de peur de se tromper, il n&#8217;essaie plus de nouvelles activit\u00e9s de peur de l&#8217;\u00e9chec. Il internalise le message selon lequel sa diff\u00e9rence est un d\u00e9faut. Cette blessure narcissique est profonde et peut mettre des ann\u00e9es \u00e0 cicatriser, bien apr\u00e8s que le harc\u00e8lement a cess\u00e9.<\/pee>\n<\/section>\n<section class=\"dynseo-section\">\n<h2 id=\"section-2\">Les cicatrices invisibles : cons\u00e9quences \u00e0 long terme<\/h2>\n<p><!\u2013- [et_pb_br_holder] -\u2013><!\u2013- [et_pb_br_holder] -\u2013><img decoding=\"async\" src=\"https:\/\/www.dynseo.com\/zh-hans\/wp-content\/uploads\/2025\/09\/abcdhe-25.jpg\" id=\"3\" alt=\"bullying\" style=\"max-width:100%;display:block;margin-left:auto;margin-right:auto;width:70%;\"><!\u2013- [et_pb_br_holder] -\u2013><\/p>\n<pee>Les effets du harc\u00e8lement sur un \u00e9l\u00e8ve cognitivement fragile ne disparaissent pas avec la fin de l&#8217;ann\u00e9e scolaire. Les bleus \u00e0 l&#8217;\u00e2me sont souvent plus longs \u00e0 gu\u00e9rir que les ecchymoses sur le corps. Les cons\u00e9quences se r\u00e9percutent bien au-del\u00e0 des murs de l&#8217;\u00e9cole, jusque dans la vie d&#8217;adulte.<\/pee>\n<h3>Sur le plan scolaire et professionnel<\/h3>\n<pee>Le premier impact visible est souvent le d\u00e9crochage scolaire. L&#8217;\u00e9cole devient un lieu si anxiog\u00e8ne que l&#8217;absent\u00e9isme augmente, les r\u00e9sultats chutent et l&#8217;id\u00e9e m\u00eame d&#8217;\u00e9tudier devient insupportable. Certains jeunes abandonnent leurs \u00e9tudes pr\u00e9matur\u00e9ment, limitant ainsi leurs perspectives d&#8217;avenir. M\u00eame pour ceux qui pers\u00e9v\u00e8rent, le traumatisme peut influencer leurs choix de carri\u00e8re, les poussant \u00e0 opter pour des professions solitaires ou en de\u00e7\u00e0 de leur potentiel pour \u00e9viter les dynamiques de groupe qu&#8217;ils associent \u00e0 la souffrance.<\/pee>\n<h3>Sur le plan psychologique et social<\/h3>\n<pee>Les cons\u00e9quences psychologiques sont profondes et durables. On observe des taux \u00e9lev\u00e9s de troubles anxieux, de d\u00e9pression, de phobie sociale et m\u00eame de trouble de stress post-traumatique (TSPT) chez les anciens harcel\u00e9s. La confiance envers les autres est \u00e9branl\u00e9e. Comment nouer des relations saines quand on a appris \u00e0 se m\u00e9fier de ses pairs, \u00e0 anticiper la trahison ou la moquerie ?<b> Beaucoup d&#8217;adultes ayant \u00e9t\u00e9 victimes de harc\u00e8lement luttent pour construire des amiti\u00e9s solides et des relations amoureuses \u00e9panouies, portant le poids de cette m\u00e9fiance comme une armure devenue trop lourde.<\/b><\/pee>\n<\/section>\n<section class=\"dynseo-section\">\n<h2 id=\"section-3\">D\u00e9tecter les signaux faibles : un r\u00f4le crucial pour les adultes<\/h2>\n<pee>L&#8217;enfant victime de harc\u00e8lement parle rarement. Il a honte, il a peur des repr\u00e9sailles ou il pense que personne ne peut rien y faire. C&#8217;est donc \u00e0 vous, les adultes qui l&#8217;entourez, de devenir des d\u00e9tectives de la d\u00e9tresse. Vous devez apprendre \u00e0 rep\u00e9rer les signaux, m\u00eame les plus discrets, qui trahissent sa souffrance.<\/pee>\n<h3>Les changements de comportement \u00e0 la maison<\/h3>\n<pee>Votre maison est son refuge. Si le danger vient de l&#8217;ext\u00e9rieur, c&#8217;est souvent \u00e0 l&#8217;int\u00e9rieur de ce refuge que les premiers signes apparaissent. Soyez attentifs \u00e0 ces changements :<\/pee>\n<ul class=\"styled-list\">\n<li><strong>Le refus d&#8217;aller \u00e0 l&#8217;\u00e9cole :<\/strong> La &#8220;phobie scolaire&#8221; est souvent le sympt\u00f4me le plus \u00e9vident. L&#8217;enfant se plaint de maux de ventre ou de t\u00eate le matin, cherche toutes les excuses pour ne pas y aller.<\/li>\n<li><strong>La chute des r\u00e9sultats scolaires :<\/strong> Une baisse soudaine et inexpliqu\u00e9e des notes doit vous alerter. Ce n&#8217;est pas forc\u00e9ment de la paresse, mais peut-\u00eatre le signe d&#8217;un esprit trop pr\u00e9occup\u00e9 par la peur pour pouvoir apprendre.<\/li>\n<li><strong>Les troubles du sommeil et de l&#8217;app\u00e9tit :<\/strong> Les cauchemars, les insomnies, la perte ou l&#8217;augmentation de l&#8217;app\u00e9tit sont des manifestations classiques de l&#8217;anxi\u00e9t\u00e9.<\/li>\n<li><strong>L&#8217;irritabilit\u00e9 et l&#8217;agressivit\u00e9 :<\/strong> Un enfant qui subit une violence peut devenir lui-m\u00eame violent avec ses fr\u00e8res et s\u0153urs ou ses parents. C&#8217;est une mani\u00e8re d&#8217;ext\u00e9rioriser la souffrance qu&#8217;il ne peut exprimer autrement.<\/li>\n<li><strong>La perte ou la d\u00e9gradation d&#8217;objets :<\/strong> Des v\u00eatements d\u00e9chir\u00e9s, des fournitures scolaires qui &#8220;disparaissent&#8221; r\u00e9guli\u00e8rement peuvent \u00eatre des signes de racket ou d&#8217;intimidation physique.<\/li>\n<\/ul>\n<h3>Les signes observables \u00e0 l&#8217;\u00e9cole<\/h3>\n<pee>Pour les enseignants et le personnel scolaire, l&#8217;observation dans les moments non structur\u00e9s (r\u00e9cr\u00e9ation, cantine, interclasses) est primordiale. Un \u00e9l\u00e8ve qui s&#8217;isole syst\u00e9matiquement, qui est toujours le dernier choisi dans les jeux d&#8217;\u00e9quipe, qui semble anxieux ou qui sursaute au moindre contact doit attirer votre attention. Observez la dynamique du groupe : qui est le leader ? Qui est mis \u00e0 l&#8217;\u00e9cart ? Les micro-agressions (un regard m\u00e9prisant, un chuchotement, un croche-pied &#8220;accidentel&#8221;) sont souvent plus nombreuses que les agressions frontales.<\/pee>\n<h3>L&#8217;importance d&#8217;\u00e9couter sans juger<\/h3>\n<pee>Si votre enfant se confie, la mani\u00e8re dont vous r\u00e9agissez est capitale. \u00c9vitez les phrases qui minimisent son v\u00e9cu, comme &#8220;Ce n&#8217;est pas si grave&#8221;, &#8220;Ignore-les&#8221; ou &#8220;D\u00e9fends-toi&#8221;. Ces conseils, bien que partant d&#8217;une bonne intention, renvoient \u00e0 l&#8217;enfant le message que sa souffrance n&#8217;est pas l\u00e9gitime et qu&#8217;il est responsable de la situation. Accueillez sa parole avec empathie. Validez ses \u00e9motions : &#8220;Je comprends que tu aies peur\/triste\/en col\u00e8re. Ce que tu vis est inacceptable et nous allons trouver une solution ensemble.&#8221; Votre soutien inconditionnel est la premi\u00e8re pierre de sa reconstruction.<\/pee>\n<\/section>\n<div class=\"section-divider\">\u25c6 \u25c6 \u25c6<\/div>\n<section class=\"dynseo-section\">\n<h2 id=\"section-4\">Briser la cha\u00eene : strat\u00e9gies et actions concr\u00e8tes pour prot\u00e9ger<\/h2>\n<pee>D\u00e9tecter le probl\u00e8me est une chose, le r\u00e9soudre en est une autre. La lutte contre le harc\u00e8lement des \u00e9l\u00e8ves vuln\u00e9rables n\u00e9cessite une action coordonn\u00e9e et d\u00e9termin\u00e9e de la part de tous les acteurs : l&#8217;\u00e9cole, les parents et m\u00eame les autres \u00e9l\u00e8ves.<\/pee>\n<h3>Le r\u00f4le fondamental de l&#8217;\u00e9tablissement scolaire<\/h3>\n<pee>L&#8217;\u00e9cole ne peut pas \u00eatre un simple spectateur. Elle a la responsabilit\u00e9 de garantir la s\u00e9curit\u00e9 de chaque \u00e9l\u00e8ve. Cela passe par une politique de tol\u00e9rance z\u00e9ro envers le harc\u00e8lement, clairement affich\u00e9e et appliqu\u00e9e.<\/pee>\n<ul class=\"styled-list\">\n<li><strong>Former le personnel :<\/strong> Tous les adultes de l&#8217;\u00e9tablissement, des enseignants aux surveillants, doivent \u00eatre form\u00e9s \u00e0 la d\u00e9tection du harc\u00e8lement et \u00e0 la connaissance des sp\u00e9cificit\u00e9s des troubles cognitifs.<\/li>\n<li><strong>Mettre en place un protocole clair :<\/strong> Que se passe-t-il quand un cas est signal\u00e9 ? Qui est l&#8217;interlocuteur ? Comment les victimes, les harceleurs et les t\u00e9moins sont-ils pris en charge ? Des m\u00e9thodes comme la &#8220;pr\u00e9occupation partag\u00e9e&#8221; (m\u00e9thode Pikas) peuvent \u00eatre tr\u00e8s efficaces pour r\u00e9soudre les situations sans confrontation directe, en responsabilisant les intimidateurs.<\/li>\n<li><strong>Promouvoir une culture de l&#8217;inclusion :<\/strong> L&#8217;\u00e9cole doit c\u00e9l\u00e9brer la diversit\u00e9. Organiser des journ\u00e9es de sensibilisation aux handicaps, aux troubles &#8220;DYS&#8221;, \u00e0 l&#8217;autisme, permet de d\u00e9mystifier ces diff\u00e9rences et de d\u00e9velopper l&#8217;empathie chez les \u00e9l\u00e8ves.<\/li>\n<\/ul>\n<h3>Accompagner l&#8217;\u00e9l\u00e8ve victime : renforcer ses fondations<\/h3>\n<pee>Aider la victime ne signifie pas seulement la prot\u00e9ger, mais aussi lui donner des outils pour se renforcer. Ses fondations ont \u00e9t\u00e9 \u00e9branl\u00e9es ; il faut l&#8217;aider \u00e0 les reconstruire.<\/pee>\n<ul class=\"styled-list\">\n<li><strong>Soutien sp\u00e9cialis\u00e9 :<\/strong> Assurez-vous que l&#8217;enfant b\u00e9n\u00e9ficie de l&#8217;accompagnement n\u00e9cessaire pour ses difficult\u00e9s cognitives (orthophoniste, psychomotricien, psychologue). Un enfant qui comprend mieux son propre fonctionnement et qui progresse dans ses apprentissages gagne en confiance.<\/li>\n<li><strong>D\u00e9velopper les habilet\u00e9s sociales :<\/strong> Des groupes d&#8217;habilet\u00e9s sociales peuvent aider l&#8217;enfant \u00e0 mieux comprendre les codes de communication, \u00e0 savoir comment engager une conversation, \u00e0 reconna\u00eetre l&#8217;ironie, \u00e0 s&#8217;affirmer de mani\u00e8re non agressive.<\/li>\n<li><strong>Trouver un domaine d&#8217;excellence :<\/strong> Encouragez l&#8217;enfant \u00e0 pratiquer une activit\u00e9 extrascolaire dans laquelle il se sent comp\u00e9tent et valoris\u00e9 (sport, art, musique, club de codage&#8230;). Le succ\u00e8s dans un domaine peut compenser les difficult\u00e9s rencontr\u00e9es dans un autre et devenir une source majeure d&#8217;estime de soi.<\/li>\n<\/ul>\n<h3>Impliquer les parents : un partenariat essentiel<\/h3>\n<pee>Vous, parents, \u00eates les premiers d\u00e9fenseurs de votre enfant. Votre r\u00f4le est crucial. Collaborez \u00e9troitement avec l&#8217;\u00e9cole. Demandez des rendez-vous r\u00e9guliers, documentez chaque incident (date, lieu, personnes impliqu\u00e9es, paroles prononc\u00e9es). Soyez pers\u00e9v\u00e9rants. Votre implication montre \u00e0 votre enfant qu&#8217;il n&#8217;est pas seul et que sa souffrance est prise au s\u00e9rieux. \u00c0 la maison, continuez de renforcer son estime personnelle en valorisant ses efforts plus que ses r\u00e9sultats, en soulignant ses qualit\u00e9s et en lui rappelant votre amour inconditionnel.<\/pee>\n<h3>Sensibiliser les autres \u00e9l\u00e8ves : le pouvoir des t\u00e9moins<\/h3>\n<pee>La majorit\u00e9 silencieuse des \u00e9l\u00e8ves, les t\u00e9moins, d\u00e9tient la cl\u00e9 pour mettre fin au harc\u00e8lement. S&#8217;ils n&#8217;interviennent pas, leur silence est une approbation tacite. Il est donc fondamental de les sensibiliser et de les responsabiliser. Expliquez-leur que ne rien faire, c&#8217;est laisser faire. Apprenez-leur des strat\u00e9gies simples pour intervenir sans se mettre en danger : aller chercher un adulte, d\u00e9tourner l&#8217;attention, ou simplement s&#8217;approcher de la victime et lui proposer de s&#8217;\u00e9loigner avec elle. En transformant les t\u00e9moins passifs en alli\u00e9s actifs, on modifie la dynamique de groupe et on isole le harceleur, pas la victime.<\/pee>\n<pee>En conclusion, prot\u00e9ger les \u00e9l\u00e8ves \u00e0 fragilit\u00e9 cognitive du harc\u00e8lement scolaire est un imp\u00e9ratif moral et une responsabilit\u00e9 collective. Il ne s&#8217;agit pas de surprot\u00e9ger des enfants &#8220;faibles&#8221;, mais de reconna\u00eetre et de compenser une vuln\u00e9rabilit\u00e9 situationnelle. C&#8217;est en tissant un filet de s\u00e9curit\u00e9 fait de vigilance, d&#8217;empathie, de formation et d&#8217;action que nous pourrons transformer l&#8217;\u00e9cole en ce qu&#8217;elle doit \u00eatre pour tous : un lieu s\u00fbr o\u00f9 chaque diff\u00e9rence est une richesse et o\u00f9 chaque enfant a le droit de grandir sans peur.<\/pee>\n<!\u2013- [et_pb_br_holder] -\u2013><!\u2013- [et_pb_br_holder] -\u2013>L&#8217;article &#8220;Harc\u00e8lement scolaire et fragilit\u00e9 cognitive : prot\u00e9ger les \u00e9l\u00e8ves vuln\u00e9rables&#8221; met en lumi\u00e8re l&#8217;importance de prot\u00e9ger les \u00e9l\u00e8ves qui pr\u00e9sentent des fragilit\u00e9s cognitives face au harc\u00e8lement scolaire. Un sujet connexe est abord\u00e9 dans l&#8217;article <a href='https:\/\/www.dynseo.com\/zh-hans\/la-vie-dune-personne-atteinte-dalzheimer-au-quotidien\/'>La vie d&#8217;une personne atteinte d&#8217;Alzheimer au quotidien<\/a>, qui explore les d\u00e9fis quotidiens rencontr\u00e9s par les personnes atteintes de cette maladie neurod\u00e9g\u00e9n\u00e9rative. Bien que les contextes soient diff\u00e9rents, les deux articles soulignent la n\u00e9cessit\u00e9 d&#8217;un soutien adapt\u00e9 pour les individus vuln\u00e9rables, qu&#8217;ils soient \u00e9l\u00e8ves ou personnes \u00e2g\u00e9es, afin de leur offrir un environnement s\u00e9curis\u00e9 et bienveillant.<\/section>\n<\/div>\n<p>[\/et_pb_code][\/et_pb_column][\/et_pb_row][\/et_pb_section]<\/p>\n","protected":false},"excerpt":{"rendered":"<div class=\"et_pb_row et_pb_row_0 et_pb_row_empty\">\n\t\t\t\t\n\t\t\t\t\n\t\t\t\t\n\t\t\t\t\n\t\t\t\t\n\t\t\t<\/div>\n","protected":false},"author":4,"featured_media":480461,"comment_status":"closed","ping_status":"closed","sticky":false,"template":"","format":"standard","meta":{"_et_pb_use_builder":"on","_et_pb_old_content":"","_et_gb_content_width":"","footnotes":""},"categories":[2915],"tags":[],"class_list":["post-490814","post","type-post","status-publish","format-standard","has-post-thumbnail","hentry","category-les-conseils-des-coachs"],"yoast_head":"<!-- This site is optimized with the Yoast SEO plugin v27.4 - https:\/\/yoast.com\/product\/yoast-seo-wordpress\/ -->\n<title>Harc\u00e8lement scolaire et fragilit\u00e9 cognitive : prot\u00e9ger les \u00e9l\u00e8ves vuln\u00e9rables - \u6559\u80b2\u8f6f\u4ef6\u3001\u8bb0\u5fc6\u6e38\u620f\u548c\u5927\u8111\u8bad\u7ec3\u5e94\u7528<\/title>\n<meta name=\"robots\" content=\"index, follow, max-snippet:-1, max-image-preview:large, max-video-preview:-1\" \/>\n<link rel=\"canonical\" href=\"https:\/\/www.dynseo.com\/zh-hans\/harcelement-scolaire-et-fragilite-cognitive-proteger-les-eleves-vulnerables-2\/\" \/>\n<meta property=\"og:locale\" content=\"zh_CN\" \/>\n<meta property=\"og:type\" content=\"article\" \/>\n<meta property=\"og:title\" content=\"Harc\u00e8lement scolaire et fragilit\u00e9 cognitive : prot\u00e9ger les \u00e9l\u00e8ves vuln\u00e9rables - \u6559\u80b2\u8f6f\u4ef6\u3001\u8bb0\u5fc6\u6e38\u620f\u548c\u5927\u8111\u8bad\u7ec3\u5e94\u7528\" \/>\n<meta property=\"og:url\" content=\"https:\/\/www.dynseo.com\/zh-hans\/harcelement-scolaire-et-fragilite-cognitive-proteger-les-eleves-vulnerables-2\/\" \/>\n<meta property=\"og:site_name\" content=\"\u6559\u80b2\u8f6f\u4ef6\u3001\u8bb0\u5fc6\u6e38\u620f\u548c\u5927\u8111\u8bad\u7ec3\u5e94\u7528\" \/>\n<meta property=\"article:published_time\" content=\"2026-01-25T19:05:34+00:00\" \/>\n<meta property=\"article:modified_time\" content=\"2026-02-02T22:17:17+00:00\" \/>\n<meta property=\"og:image\" content=\"https:\/\/www.dynseo.com\/wp-content\/uploads\/2025\/09\/image-50.jpg\" \/>\n\t<meta property=\"og:image:width\" content=\"1080\" \/>\n\t<meta property=\"og:image:height\" content=\"718\" \/>\n\t<meta property=\"og:image:type\" content=\"image\/jpeg\" \/>\n<meta name=\"author\" content=\"DYNSEO\" \/>\n<meta name=\"twitter:label1\" content=\"\u4f5c\u8005\" \/>\n\t<meta name=\"twitter:data1\" content=\"DYNSEO\" \/>\n\t<meta name=\"twitter:label2\" content=\"\u9884\u8ba1\u9605\u8bfb\u65f6\u95f4\" \/>\n\t<meta name=\"twitter:data2\" content=\"14 \u5206\" \/>\n<script type=\"application\/ld+json\" class=\"yoast-schema-graph\">{\"@context\":\"https:\\\/\\\/schema.org\",\"@graph\":[{\"@type\":\"Article\",\"@id\":\"https:\\\/\\\/www.dynseo.com\\\/zh-hans\\\/harcelement-scolaire-et-fragilite-cognitive-proteger-les-eleves-vulnerables-2\\\/#article\",\"isPartOf\":{\"@id\":\"https:\\\/\\\/www.dynseo.com\\\/zh-hans\\\/harcelement-scolaire-et-fragilite-cognitive-proteger-les-eleves-vulnerables-2\\\/\"},\"author\":{\"name\":\"DYNSEO\",\"@id\":\"https:\\\/\\\/www.dynseo.com\\\/zh-hans\\\/#\\\/schema\\\/person\\\/78ef63df2ee64e0989bc68f8401b38d6\"},\"headline\":\"Harc\u00e8lement scolaire et fragilit\u00e9 cognitive : prot\u00e9ger les \u00e9l\u00e8ves vuln\u00e9rables\",\"datePublished\":\"2026-01-25T19:05:34+00:00\",\"dateModified\":\"2026-02-02T22:17:17+00:00\",\"mainEntityOfPage\":{\"@id\":\"https:\\\/\\\/www.dynseo.com\\\/zh-hans\\\/harcelement-scolaire-et-fragilite-cognitive-proteger-les-eleves-vulnerables-2\\\/\"},\"wordCount\":2997,\"publisher\":{\"@id\":\"https:\\\/\\\/www.dynseo.com\\\/zh-hans\\\/#organization\"},\"image\":{\"@id\":\"https:\\\/\\\/www.dynseo.com\\\/zh-hans\\\/harcelement-scolaire-et-fragilite-cognitive-proteger-les-eleves-vulnerables-2\\\/#primaryimage\"},\"thumbnailUrl\":\"https:\\\/\\\/www.dynseo.com\\\/wp-content\\\/uploads\\\/2025\\\/09\\\/image-106.jpg\",\"articleSection\":[\"Les conseils des coachs\"],\"inLanguage\":\"zh-Hans\"},{\"@type\":\"WebPage\",\"@id\":\"https:\\\/\\\/www.dynseo.com\\\/zh-hans\\\/harcelement-scolaire-et-fragilite-cognitive-proteger-les-eleves-vulnerables-2\\\/\",\"url\":\"https:\\\/\\\/www.dynseo.com\\\/zh-hans\\\/harcelement-scolaire-et-fragilite-cognitive-proteger-les-eleves-vulnerables-2\\\/\",\"name\":\"Harc\u00e8lement scolaire et fragilit\u00e9 cognitive : prot\u00e9ger les \u00e9l\u00e8ves vuln\u00e9rables - \u6559\u80b2\u8f6f\u4ef6\u3001\u8bb0\u5fc6\u6e38\u620f\u548c\u5927\u8111\u8bad\u7ec3\u5e94\u7528\",\"isPartOf\":{\"@id\":\"https:\\\/\\\/www.dynseo.com\\\/zh-hans\\\/#website\"},\"primaryImageOfPage\":{\"@id\":\"https:\\\/\\\/www.dynseo.com\\\/zh-hans\\\/harcelement-scolaire-et-fragilite-cognitive-proteger-les-eleves-vulnerables-2\\\/#primaryimage\"},\"image\":{\"@id\":\"https:\\\/\\\/www.dynseo.com\\\/zh-hans\\\/harcelement-scolaire-et-fragilite-cognitive-proteger-les-eleves-vulnerables-2\\\/#primaryimage\"},\"thumbnailUrl\":\"https:\\\/\\\/www.dynseo.com\\\/wp-content\\\/uploads\\\/2025\\\/09\\\/image-106.jpg\",\"datePublished\":\"2026-01-25T19:05:34+00:00\",\"dateModified\":\"2026-02-02T22:17:17+00:00\",\"breadcrumb\":{\"@id\":\"https:\\\/\\\/www.dynseo.com\\\/zh-hans\\\/harcelement-scolaire-et-fragilite-cognitive-proteger-les-eleves-vulnerables-2\\\/#breadcrumb\"},\"inLanguage\":\"zh-Hans\",\"potentialAction\":[{\"@type\":\"ReadAction\",\"target\":[\"https:\\\/\\\/www.dynseo.com\\\/zh-hans\\\/harcelement-scolaire-et-fragilite-cognitive-proteger-les-eleves-vulnerables-2\\\/\"]}]},{\"@type\":\"ImageObject\",\"inLanguage\":\"zh-Hans\",\"@id\":\"https:\\\/\\\/www.dynseo.com\\\/zh-hans\\\/harcelement-scolaire-et-fragilite-cognitive-proteger-les-eleves-vulnerables-2\\\/#primaryimage\",\"url\":\"https:\\\/\\\/www.dynseo.com\\\/wp-content\\\/uploads\\\/2025\\\/09\\\/image-106.jpg\",\"contentUrl\":\"https:\\\/\\\/www.dynseo.com\\\/wp-content\\\/uploads\\\/2025\\\/09\\\/image-106.jpg\",\"width\":1080,\"height\":720,\"caption\":\"\u8ba9\u5b69\u5b50\u5728\u73a9\u4e2d\u5b66,\u8f7b\u677e\u63d0\u5347\u5927\u8111\u6f5c\u80fd\"},{\"@type\":\"BreadcrumbList\",\"@id\":\"https:\\\/\\\/www.dynseo.com\\\/zh-hans\\\/harcelement-scolaire-et-fragilite-cognitive-proteger-les-eleves-vulnerables-2\\\/#breadcrumb\",\"itemListElement\":[{\"@type\":\"ListItem\",\"position\":1,\"name\":\"Accueil\",\"item\":\"https:\\\/\\\/www.dynseo.com\\\/zh-hans\\\/\"},{\"@type\":\"ListItem\",\"position\":2,\"name\":\"Harc\u00e8lement scolaire et fragilit\u00e9 cognitive : prot\u00e9ger les \u00e9l\u00e8ves vuln\u00e9rables\"}]},{\"@type\":\"WebSite\",\"@id\":\"https:\\\/\\\/www.dynseo.com\\\/zh-hans\\\/#website\",\"url\":\"https:\\\/\\\/www.dynseo.com\\\/zh-hans\\\/\",\"name\":\"Jeux de m\u00e9moire et stimulation cognitive\",\"description\":\"Entra\u00eenez votre m\u00e9moire et votre cerveau avec DYNSEO\",\"publisher\":{\"@id\":\"https:\\\/\\\/www.dynseo.com\\\/zh-hans\\\/#organization\"},\"potentialAction\":[{\"@type\":\"SearchAction\",\"target\":{\"@type\":\"EntryPoint\",\"urlTemplate\":\"https:\\\/\\\/www.dynseo.com\\\/zh-hans\\\/?s={search_term_string}\"},\"query-input\":{\"@type\":\"PropertyValueSpecification\",\"valueRequired\":true,\"valueName\":\"search_term_string\"}}],\"inLanguage\":\"zh-Hans\"},{\"@type\":\"Organization\",\"@id\":\"https:\\\/\\\/www.dynseo.com\\\/zh-hans\\\/#organization\",\"name\":\"DYNSEO\",\"url\":\"https:\\\/\\\/www.dynseo.com\\\/zh-hans\\\/\",\"logo\":{\"@type\":\"ImageObject\",\"inLanguage\":\"zh-Hans\",\"@id\":\"https:\\\/\\\/www.dynseo.com\\\/zh-hans\\\/#\\\/schema\\\/logo\\\/image\\\/\",\"url\":\"https:\\\/\\\/www.dynseo.com\\\/wp-content\\\/uploads\\\/2022\\\/05\\\/logo-dynseo-new.png\",\"contentUrl\":\"https:\\\/\\\/www.dynseo.com\\\/wp-content\\\/uploads\\\/2022\\\/05\\\/logo-dynseo-new.png\",\"width\":5073,\"height\":1397,\"caption\":\"DYNSEO\"},\"image\":{\"@id\":\"https:\\\/\\\/www.dynseo.com\\\/zh-hans\\\/#\\\/schema\\\/logo\\\/image\\\/\"}},{\"@type\":\"Person\",\"@id\":\"https:\\\/\\\/www.dynseo.com\\\/zh-hans\\\/#\\\/schema\\\/person\\\/78ef63df2ee64e0989bc68f8401b38d6\",\"name\":\"DYNSEO\",\"url\":\"https:\\\/\\\/www.dynseo.com\\\/zh-hans\\\/author\\\/justine\\\/\"}]}<\/script>\n<!-- \/ Yoast SEO plugin. -->","yoast_head_json":{"title":"Harc\u00e8lement scolaire et fragilit\u00e9 cognitive : prot\u00e9ger les \u00e9l\u00e8ves vuln\u00e9rables - \u6559\u80b2\u8f6f\u4ef6\u3001\u8bb0\u5fc6\u6e38\u620f\u548c\u5927\u8111\u8bad\u7ec3\u5e94\u7528","robots":{"index":"index","follow":"follow","max-snippet":"max-snippet:-1","max-image-preview":"max-image-preview:large","max-video-preview":"max-video-preview:-1"},"canonical":"https:\/\/www.dynseo.com\/zh-hans\/harcelement-scolaire-et-fragilite-cognitive-proteger-les-eleves-vulnerables-2\/","og_locale":"zh_CN","og_type":"article","og_title":"Harc\u00e8lement scolaire et fragilit\u00e9 cognitive : prot\u00e9ger les \u00e9l\u00e8ves vuln\u00e9rables - \u6559\u80b2\u8f6f\u4ef6\u3001\u8bb0\u5fc6\u6e38\u620f\u548c\u5927\u8111\u8bad\u7ec3\u5e94\u7528","og_url":"https:\/\/www.dynseo.com\/zh-hans\/harcelement-scolaire-et-fragilite-cognitive-proteger-les-eleves-vulnerables-2\/","og_site_name":"\u6559\u80b2\u8f6f\u4ef6\u3001\u8bb0\u5fc6\u6e38\u620f\u548c\u5927\u8111\u8bad\u7ec3\u5e94\u7528","article_published_time":"2026-01-25T19:05:34+00:00","article_modified_time":"2026-02-02T22:17:17+00:00","og_image":[{"width":1080,"height":718,"url":"https:\/\/www.dynseo.com\/wp-content\/uploads\/2025\/09\/image-50.jpg","type":"image\/jpeg"}],"author":"DYNSEO","twitter_misc":{"\u4f5c\u8005":"DYNSEO","\u9884\u8ba1\u9605\u8bfb\u65f6\u95f4":"14 \u5206"},"schema":{"@context":"https:\/\/schema.org","@graph":[{"@type":"Article","@id":"https:\/\/www.dynseo.com\/zh-hans\/harcelement-scolaire-et-fragilite-cognitive-proteger-les-eleves-vulnerables-2\/#article","isPartOf":{"@id":"https:\/\/www.dynseo.com\/zh-hans\/harcelement-scolaire-et-fragilite-cognitive-proteger-les-eleves-vulnerables-2\/"},"author":{"name":"DYNSEO","@id":"https:\/\/www.dynseo.com\/zh-hans\/#\/schema\/person\/78ef63df2ee64e0989bc68f8401b38d6"},"headline":"Harc\u00e8lement scolaire et fragilit\u00e9 cognitive : prot\u00e9ger les \u00e9l\u00e8ves vuln\u00e9rables","datePublished":"2026-01-25T19:05:34+00:00","dateModified":"2026-02-02T22:17:17+00:00","mainEntityOfPage":{"@id":"https:\/\/www.dynseo.com\/zh-hans\/harcelement-scolaire-et-fragilite-cognitive-proteger-les-eleves-vulnerables-2\/"},"wordCount":2997,"publisher":{"@id":"https:\/\/www.dynseo.com\/zh-hans\/#organization"},"image":{"@id":"https:\/\/www.dynseo.com\/zh-hans\/harcelement-scolaire-et-fragilite-cognitive-proteger-les-eleves-vulnerables-2\/#primaryimage"},"thumbnailUrl":"https:\/\/www.dynseo.com\/wp-content\/uploads\/2025\/09\/image-106.jpg","articleSection":["Les conseils des coachs"],"inLanguage":"zh-Hans"},{"@type":"WebPage","@id":"https:\/\/www.dynseo.com\/zh-hans\/harcelement-scolaire-et-fragilite-cognitive-proteger-les-eleves-vulnerables-2\/","url":"https:\/\/www.dynseo.com\/zh-hans\/harcelement-scolaire-et-fragilite-cognitive-proteger-les-eleves-vulnerables-2\/","name":"Harc\u00e8lement scolaire et fragilit\u00e9 cognitive : prot\u00e9ger les \u00e9l\u00e8ves vuln\u00e9rables - \u6559\u80b2\u8f6f\u4ef6\u3001\u8bb0\u5fc6\u6e38\u620f\u548c\u5927\u8111\u8bad\u7ec3\u5e94\u7528","isPartOf":{"@id":"https:\/\/www.dynseo.com\/zh-hans\/#website"},"primaryImageOfPage":{"@id":"https:\/\/www.dynseo.com\/zh-hans\/harcelement-scolaire-et-fragilite-cognitive-proteger-les-eleves-vulnerables-2\/#primaryimage"},"image":{"@id":"https:\/\/www.dynseo.com\/zh-hans\/harcelement-scolaire-et-fragilite-cognitive-proteger-les-eleves-vulnerables-2\/#primaryimage"},"thumbnailUrl":"https:\/\/www.dynseo.com\/wp-content\/uploads\/2025\/09\/image-106.jpg","datePublished":"2026-01-25T19:05:34+00:00","dateModified":"2026-02-02T22:17:17+00:00","breadcrumb":{"@id":"https:\/\/www.dynseo.com\/zh-hans\/harcelement-scolaire-et-fragilite-cognitive-proteger-les-eleves-vulnerables-2\/#breadcrumb"},"inLanguage":"zh-Hans","potentialAction":[{"@type":"ReadAction","target":["https:\/\/www.dynseo.com\/zh-hans\/harcelement-scolaire-et-fragilite-cognitive-proteger-les-eleves-vulnerables-2\/"]}]},{"@type":"ImageObject","inLanguage":"zh-Hans","@id":"https:\/\/www.dynseo.com\/zh-hans\/harcelement-scolaire-et-fragilite-cognitive-proteger-les-eleves-vulnerables-2\/#primaryimage","url":"https:\/\/www.dynseo.com\/wp-content\/uploads\/2025\/09\/image-106.jpg","contentUrl":"https:\/\/www.dynseo.com\/wp-content\/uploads\/2025\/09\/image-106.jpg","width":1080,"height":720,"caption":"\u8ba9\u5b69\u5b50\u5728\u73a9\u4e2d\u5b66,\u8f7b\u677e\u63d0\u5347\u5927\u8111\u6f5c\u80fd"},{"@type":"BreadcrumbList","@id":"https:\/\/www.dynseo.com\/zh-hans\/harcelement-scolaire-et-fragilite-cognitive-proteger-les-eleves-vulnerables-2\/#breadcrumb","itemListElement":[{"@type":"ListItem","position":1,"name":"Accueil","item":"https:\/\/www.dynseo.com\/zh-hans\/"},{"@type":"ListItem","position":2,"name":"Harc\u00e8lement scolaire et fragilit\u00e9 cognitive : prot\u00e9ger les \u00e9l\u00e8ves vuln\u00e9rables"}]},{"@type":"WebSite","@id":"https:\/\/www.dynseo.com\/zh-hans\/#website","url":"https:\/\/www.dynseo.com\/zh-hans\/","name":"Jeux de m\u00e9moire et stimulation cognitive","description":"Entra\u00eenez votre m\u00e9moire et votre cerveau avec DYNSEO","publisher":{"@id":"https:\/\/www.dynseo.com\/zh-hans\/#organization"},"potentialAction":[{"@type":"SearchAction","target":{"@type":"EntryPoint","urlTemplate":"https:\/\/www.dynseo.com\/zh-hans\/?s={search_term_string}"},"query-input":{"@type":"PropertyValueSpecification","valueRequired":true,"valueName":"search_term_string"}}],"inLanguage":"zh-Hans"},{"@type":"Organization","@id":"https:\/\/www.dynseo.com\/zh-hans\/#organization","name":"DYNSEO","url":"https:\/\/www.dynseo.com\/zh-hans\/","logo":{"@type":"ImageObject","inLanguage":"zh-Hans","@id":"https:\/\/www.dynseo.com\/zh-hans\/#\/schema\/logo\/image\/","url":"https:\/\/www.dynseo.com\/wp-content\/uploads\/2022\/05\/logo-dynseo-new.png","contentUrl":"https:\/\/www.dynseo.com\/wp-content\/uploads\/2022\/05\/logo-dynseo-new.png","width":5073,"height":1397,"caption":"DYNSEO"},"image":{"@id":"https:\/\/www.dynseo.com\/zh-hans\/#\/schema\/logo\/image\/"}},{"@type":"Person","@id":"https:\/\/www.dynseo.com\/zh-hans\/#\/schema\/person\/78ef63df2ee64e0989bc68f8401b38d6","name":"DYNSEO","url":"https:\/\/www.dynseo.com\/zh-hans\/author\/justine\/"}]}},"_links":{"self":[{"href":"https:\/\/www.dynseo.com\/zh-hans\/wp-json\/wp\/v2\/posts\/490814","targetHints":{"allow":["GET"]}}],"collection":[{"href":"https:\/\/www.dynseo.com\/zh-hans\/wp-json\/wp\/v2\/posts"}],"about":[{"href":"https:\/\/www.dynseo.com\/zh-hans\/wp-json\/wp\/v2\/types\/post"}],"author":[{"embeddable":true,"href":"https:\/\/www.dynseo.com\/zh-hans\/wp-json\/wp\/v2\/users\/4"}],"replies":[{"embeddable":true,"href":"https:\/\/www.dynseo.com\/zh-hans\/wp-json\/wp\/v2\/comments?post=490814"}],"version-history":[{"count":2,"href":"https:\/\/www.dynseo.com\/zh-hans\/wp-json\/wp\/v2\/posts\/490814\/revisions"}],"predecessor-version":[{"id":491639,"href":"https:\/\/www.dynseo.com\/zh-hans\/wp-json\/wp\/v2\/posts\/490814\/revisions\/491639"}],"wp:featuredmedia":[{"embeddable":true,"href":"https:\/\/www.dynseo.com\/zh-hans\/wp-json\/wp\/v2\/media\/480461"}],"wp:attachment":[{"href":"https:\/\/www.dynseo.com\/zh-hans\/wp-json\/wp\/v2\/media?parent=490814"}],"wp:term":[{"taxonomy":"category","embeddable":true,"href":"https:\/\/www.dynseo.com\/zh-hans\/wp-json\/wp\/v2\/categories?post=490814"},{"taxonomy":"post_tag","embeddable":true,"href":"https:\/\/www.dynseo.com\/zh-hans\/wp-json\/wp\/v2\/tags?post=490814"}],"curies":[{"name":"wp","href":"https:\/\/api.w.org\/{rel}","templated":true}]}}