{"id":490904,"date":"2026-01-25T20:17:07","date_gmt":"2026-01-25T19:17:07","guid":{"rendered":"https:\/\/www.dynseo.com\/comprendre-la-maladie-dalzheimer-et-trouver-des-solutions-pratiques-au-quotidien\/"},"modified":"2026-02-05T04:47:12","modified_gmt":"2026-02-05T03:47:12","slug":"comprendre-la-maladie-dalzheimer-et-trouver-des-solutions-pratiques-au-quotidien","status":"publish","type":"post","link":"https:\/\/www.dynseo.com\/zh-hans\/comprendre-la-maladie-dalzheimer-et-trouver-des-solutions-pratiques-au-quotidien\/","title":{"rendered":"Comprendre la maladie d&#8217;Alzheimer et trouver des solutions pratiques au quotidien"},"content":{"rendered":"<p>[et_pb_section fb_built=&#8221;1&#8243; admin_label=&#8221;Article HTML v8.4&#8243; _builder_version=&#8221;4.16&#8243;][et_pb_row][et_pb_column type=&#8221;4_4&#8243; _builder_version=&#8221;4.16&#8243;][et_pb_code admin_label=&#8221;HTML stylis\u00e9&#8221;]<link href=\"https:\/\/fonts.googleapis.com\/css2?family=Montserrat:wght@400;500;600;700;800&#038;display=swap\" rel=\"stylesheet\">\n<style>\n.dynseo-article{font-family:'Montserrat',-apple-system,BlinkMacSystemFont,'Segoe UI',Roboto,sans-serif;line-height:1.8;color:#2c3e50;max-width:100%;box-sizing:border-box}\n.dynseo-article *{box-sizing:border-box}\n.dynseo-article h2{font-size:1.8rem;color:#1a1a2e;margin:50px 0 25px;padding-bottom:12px;border-bottom:3px solid #a9e2e4;font-weight:700}\n.dynseo-article h3{font-size:1.3rem;color:#5e5ed7;margin:35px 0 18px;font-weight:600}\n.dynseo-article h4{font-size:1.1rem;color:#1a1a2e;margin:25px 0 12px;font-weight:600}\n.dynseo-article p{margin-bottom:18px;font-size:1.05rem}\n.dynseo-article a{color:#5e5ed7;text-decoration:none}\n.dynseo-article a:hover{color:#e73469;text-decoration:underline}\n.dynseo-article .dynseo-game-card{display:flex;gap:30px;background:#fff;border-radius:20px;padding:25px;margin:30px 0;border:2px solid #f1f5f9;box-shadow:0 4px 20px rgba(0,0,0,0.06);transition:all .3s}\n.dynseo-article .dynseo-game-card:hover{transform:translateY(-5px);box-shadow:0 15px 40px rgba(0,0,0,0.1);border-color:#a9e2e4}\n.dynseo-article .dynseo-game-card-image{flex:0 0 200px}\n.dynseo-article .dynseo-game-card-image img{width:100%;height:auto;border-radius:16px;box-shadow:0 8px 25px rgba(0,0,0,0.15);transition:transform .3s}\n.dynseo-article .dynseo-game-card-image a:hover img{transform:scale(1.05)}\n.dynseo-article .dynseo-game-card-content{flex:1}\n.dynseo-article .dynseo-game-card-content h4{margin:0 0 15px 0;color:#e73469;font-size:1.3rem}\n.dynseo-article .dynseo-game-card-content h4 a{color:#e73469;text-decoration:none}\n.dynseo-article .dynseo-game-card-content h4 a:hover{color:#5e5ed7}\n.dynseo-article .dynseo-game-card-desc{color:#2c3e50;line-height:1.7}\n.dynseo-article .dynseo-game-card-desc p{margin-bottom:12px}\n.dynseo-article .dynseo-feature-grid{display:grid;grid-template-columns:repeat(auto-fit,minmax(250px,1fr));gap:25px;margin:35px 0}\n.dynseo-article .dynseo-feature-card{background:#fff;border-radius:20px;padding:25px;text-align:center;border:2px solid #f1f5f9;transition:all .3s}\n.dynseo-article .dynseo-feature-card:hover{transform:translateY(-8px);box-shadow:0 20px 50px rgba(0,0,0,0.1);border-color:#e73469}\n.dynseo-article .dynseo-feature-card img{max-width:120px;height:auto;margin:0 auto 15px;border-radius:12px;display:block;transition:transform .3s}\n.dynseo-article .dynseo-feature-card a:hover img{transform:scale(1.1)}\n.dynseo-article .dynseo-feature-card h4{color:#1a1a2e;margin:0 0 10px 0;font-size:1.1rem}\n.dynseo-article .dynseo-feature-card h4 a{color:#5e5ed7;text-decoration:none}\n.dynseo-article .dynseo-feature-card h4 a:hover{color:#e73469}\n.dynseo-article .dynseo-feature-card p{color:#64748b;font-size:.95rem;margin:0}\n.dynseo-article .dynseo-figure{margin:30px 0;text-align:center}\n.dynseo-article .dynseo-figure a{display:inline-block;transition:transform .3s}\n.dynseo-article .dynseo-figure a:hover{transform:scale(1.02)}\n.dynseo-article .dynseo-img{max-width:100%;height:auto;border-radius:16px;box-shadow:0 8px 30px rgba(0,0,0,0.12)}\n.dynseo-article img{max-width:100%;height:auto;border-radius:12px;margin:15px 0}\n.dynseo-article .dynseo-button-wrap{margin:25px 0;text-align:center}\n.dynseo-article .dynseo-button{display:inline-block;padding:14px 32px;background:linear-gradient(135deg,#e73469,#db2777);color:white!important;text-decoration:none!important;border-radius:30px;font-weight:600;box-shadow:0 4px 20px rgba(231,52,105,0.35);transition:all .3s}\n.dynseo-article .dynseo-button:hover{transform:translateY(-3px);box-shadow:0 8px 30px rgba(231,52,105,0.45)}\n.dynseo-article .dynseo-cta{background:linear-gradient(135deg,#5e5ed7,#5268c9);border-radius:20px;padding:35px 40px;margin:40px 0;text-align:center;color:white;box-shadow:0 10px 40px rgba(94,94,215,0.3)}\n.dynseo-article .dynseo-cta h3{color:white;font-size:1.5rem;margin:0 0 15px 0}\n.dynseo-article .dynseo-cta p{color:rgba(255,255,255,0.9);margin-bottom:20px}\n.dynseo-article .dynseo-cta .dynseo-button{background:white;color:#5e5ed7!important}\n.dynseo-article .dynseo-intro{font-size:1.15rem;color:#64748b;border-left:4px solid #a9e2e4;padding:20px 25px;margin:35px 0;font-style:italic;background:linear-gradient(90deg,rgba(169,226,228,0.1),transparent);border-radius:0 12px 12px 0}\n.dynseo-article .dynseo-toc{background:linear-gradient(135deg,#f8fafc,#fff);border-radius:20px;padding:35px;margin:40px 0;border:2px solid #e5e7eb;box-shadow:0 4px 20px rgba(0,0,0,0.05)}\n.dynseo-article .dynseo-toc .toc-title{font-size:1.4rem;margin-bottom:25px;color:#1a1a2e;font-weight:700}\n.dynseo-article .dynseo-toc ol{list-style:none;padding:0;margin:0;display:grid;grid-template-columns:repeat(2,1fr);gap:12px}\n.dynseo-article .dynseo-toc li{background:#fff;border-radius:12px;padding:14px 18px;border:2px solid #f1f5f9;transition:all .3s}\n.dynseo-article .dynseo-toc li:hover{transform:translateX(8px);box-shadow:0 6px 20px rgba(0,0,0,0.1)}\n.dynseo-article .dynseo-toc a{color:#1a1a2e;text-decoration:none;font-weight:500}\n.dynseo-article .dynseo-toc a:hover{color:#5e5ed7}\n.dynseo-article .styled-list,.dynseo-article ul{margin:20px 0;padding:0;list-style:none}\n.dynseo-article .styled-list li,.dynseo-article ul li{position:relative;padding-left:28px;margin-bottom:14px}\n.dynseo-article .styled-list li::before,.dynseo-article ul li::before{content:\"\";position:absolute;left:0;top:8px;width:10px;height:10px;background:#e73469;border-radius:50%}\n.dynseo-article blockquote{background:linear-gradient(135deg,#fff9f0,#fff5eb);border-left:4px solid #ffeca7;border-radius:0 16px 16px 0;padding:25px 30px;margin:35px 0}\n.dynseo-article blockquote p{font-style:italic;margin:0}\n.dynseo-article .dynseo-tip-box{background:linear-gradient(135deg,#ecfdf5,#d1fae5);border:2px solid #a9e2e4;border-radius:16px;padding:25px;margin:35px 0}\n.dynseo-article .dynseo-tip-box-title{font-weight:700;color:#1a1a2e;margin-bottom:10px}\n.dynseo-article .dynseo-tip-box-title::before{content:\"\ud83d\udca1 \";font-size:1.2rem}\n.dynseo-article .dynseo-tip-box p{margin:0;color:#2c3e50}\n.dynseo-article .section-divider{text-align:center;margin:60px 0;font-size:1.8rem;letter-spacing:18px;background:linear-gradient(135deg,#ffeca7,#e73469,#a9e2e4);-webkit-background-clip:text;-webkit-text-fill-color:transparent}\n@media(max-width:1024px){.dynseo-article .dynseo-toc{padding:30px}.dynseo-article .dynseo-game-card{gap:20px;padding:20px}.dynseo-article .dynseo-game-card-image{flex:0 0 160px}.dynseo-article .dynseo-cta{padding:30px}}\n@media(max-width:768px){.dynseo-article h2{font-size:1.5rem;margin:40px 0 20px}.dynseo-article h3{font-size:1.15rem;margin:30px 0 15px}.dynseo-article h4{font-size:1rem;margin:20px 0 10px}.dynseo-article p{font-size:1rem;margin-bottom:15px}.dynseo-article .dynseo-toc{padding:25px;margin:30px 0}.dynseo-article .dynseo-toc .toc-title{font-size:1.2rem;margin-bottom:20px}.dynseo-article .dynseo-toc ol{grid-template-columns:1fr;gap:10px}.dynseo-article .dynseo-toc li{padding:12px 15px}.dynseo-article .dynseo-game-card{flex-direction:column;padding:20px;margin:25px 0;gap:20px}.dynseo-article .dynseo-game-card-image{flex:none;text-align:center}.dynseo-article .dynseo-game-card-image img{max-width:180px;margin:0 auto}.dynseo-article .dynseo-game-card-content{text-align:center}.dynseo-article .dynseo-game-card-content h4{font-size:1.15rem}.dynseo-article .dynseo-feature-grid{grid-template-columns:1fr;gap:20px;margin:25px 0}.dynseo-article .dynseo-feature-card{padding:20px}.dynseo-article .dynseo-feature-card img{max-width:100px}.dynseo-article .dynseo-figure{margin:25px 0}.dynseo-article img{margin:12px 0}.dynseo-article .dynseo-button-wrap{margin:20px 0}.dynseo-article .dynseo-button{display:block;text-align:center;padding:14px 25px}.dynseo-article .dynseo-cta{padding:25px 20px;margin:30px 0}.dynseo-article .dynseo-cta h3{font-size:1.3rem}.dynseo-article .dynseo-intro{padding:15px 18px;margin:25px 0;font-size:1rem}.dynseo-article .dynseo-tip-box{padding:20px;margin:25px 0}.dynseo-article blockquote{padding:20px;margin:25px 0}.dynseo-article .section-divider{margin:40px 0;font-size:1.4rem;letter-spacing:12px}}\n@media(max-width:480px){.dynseo-article{font-size:15px;line-height:1.7}.dynseo-article h2{font-size:1.3rem;margin:35px 0 18px;padding-bottom:10px}.dynseo-article h3{font-size:1.1rem}.dynseo-article p{font-size:.95rem}.dynseo-article .dynseo-toc{padding:20px;margin:25px 0}.dynseo-article .dynseo-toc .toc-title{font-size:1.1rem;margin-bottom:15px}.dynseo-article .dynseo-toc li{padding:10px 12px;font-size:.9rem}.dynseo-article .dynseo-game-card{padding:18px;margin:20px 0}.dynseo-article .dynseo-game-card-image img{max-width:150px}.dynseo-article .dynseo-game-card-content h4{font-size:1.05rem}.dynseo-article .dynseo-game-card-desc{font-size:.9rem}.dynseo-article .dynseo-feature-card{padding:18px}.dynseo-article .dynseo-feature-card img{max-width:80px}.dynseo-article .dynseo-feature-card h4{font-size:1rem}.dynseo-article .dynseo-feature-card p{font-size:.85rem}.dynseo-article .dynseo-button{padding:12px 20px;font-size:.95rem}.dynseo-article .dynseo-cta{padding:20px 18px}.dynseo-article .dynseo-cta h3{font-size:1.15rem}.dynseo-article .dynseo-cta p{font-size:.9rem}.dynseo-article .dynseo-intro{padding:12px 15px;font-size:.95rem}.dynseo-article .dynseo-tip-box{padding:18px}.dynseo-article .styled-list li,.dynseo-article ul li{padding-left:22px;margin-bottom:10px;font-size:.95rem}.dynseo-article .styled-list li::before,.dynseo-article ul li::before{width:8px;height:8px;top:7px}}\n<\/style>\n<div class=\"dynseo-article\">\n<div class=\"dynseo-intro\">\n<div class=\"dynseo-game-card\">\n<div class=\"dynseo-game-card-image\"><img decoding=\"async\" src=\"https:\/\/www.dynseo.com\/zh-hans\/wp-content\/uploads\/2025\/09\/Alzheimer-_-comprendre-la-maladie-et-trouver-des-solutions-pour-le-quotidien-1.png\" alt=\"FORMATION EN LIGNE\" loading=\"lazy\"><\/div>\n<div class=\"dynseo-game-card-content\">\n<h4>FORMATION EN LIGNE<\/h4>\n<div class=\"dynseo-game-card-desc\"><strong>FORMATION<\/strong> Alzheimer : comprendre la maladie et trouver des solutions pour le quotidien<br \/>\n\u00a0\n<pee class=\"dyn-feature__desc\">Comprendre la maladie, mieux communiquer et mettre en place des solutions concr\u00e8tes pour un quotidien plus serein avec votre proche.<strong>\u00a0<\/strong><\/pee>\n<p>Rep\u00e9rer les signes et l\u2019\u00e9volution<br \/>\nAdapter la communication et les activit\u00e9s<br \/>\nS\u00e9curiser le domicile et all\u00e9ger le quotidien<\/p>\n<pee class=\"dyn-feature__desc\"><strong>Une formation en ligne &#8211; 3 heures &#8211; \u00e0 votre rythme<\/strong><\/pee>\n<pee class=\"dyn-feature__desc\"><strong>20 \u20acTTC<\/strong><\/pee>\n<pee class=\"dyn-feature__desc\"><\/pee><\/div>\n<\/div>\n<\/div>\n<h1 class=\"text-2xl font-bold mt-1 text-text-100\"><\/h1>\n<pee class=\"whitespace-normal break-words\">La maladie d&#8217;Alzheimer touche aujourd&#8217;hui plus d&#8217;un million de personnes en France, et des millions dans le monde. Ces chiffres, en constante augmentation avec le vieillissement de la population, r\u00e9v\u00e8lent l&#8217;ampleur d&#8217;un d\u00e9fi soci\u00e9tal majeur. Derri\u00e8re chaque diagnostic se cache une histoire humaine unique : des familles qui doivent r\u00e9organiser leur vie, des conjoints qui voient leur partenaire de vie changer progressivement, des enfants qui deviennent soudainement les protecteurs de leurs parents. \u00catre aidant, c&#8217;est endosser un r\u00f4le complexe et multidimensionnel &#8211; \u00e0 la fois soignant, confident, organisateur et soutien \u00e9motionnel. C&#8217;est un parcours exigeant, parfois \u00e9puisant physiquement et \u00e9motionnellement, mais qui peut aussi \u00eatre porteur de sens et r\u00e9v\u00e9ler des forces insoup\u00e7onn\u00e9es.<\/pee>\n<pee class=\"whitespace-normal break-words\">Face \u00e0 cette maladie qui reste encore myst\u00e9rieuse sur bien des aspects, l&#8217;information et la compr\u00e9hension deviennent des alli\u00e9s pr\u00e9cieux. Plus on comprend les m\u00e9canismes de la maladie, mieux on peut adapter son accompagnement et \u00e9viter les situations de crise ou d&#8217;incompr\u00e9hension mutuelle.<\/pee>\n<pee class=\"whitespace-normal break-words\">Dans cet article approfondi, nous vous proposons un guide complet et pratique pour naviguer dans cette r\u00e9alit\u00e9 complexe. Nous commencerons par explorer les fondements scientifiques de la maladie pour mieux comprendre ce qui se passe dans le cerveau d&#8217;une personne atteinte. Nous apprendrons ensuite \u00e0 distinguer les signes normaux du vieillissement de ceux qui doivent alerter. Puis, nous aborderons des strat\u00e9gies concr\u00e8tes et \u00e9prouv\u00e9es pour faciliter le quotidien, tant pour la personne malade que pour ses proches. \u00c0 la fin de ce parcours, nous vous pr\u00e9senterons \u00e9galement une formation en ligne sp\u00e9cialement con\u00e7ue pour approfondir ces connaissances : <strong>Comprendre la maladie d&#8217;Alzheimer et trouver des solutions pour le quotidien<\/strong>.<\/pee><\/div>\n<nav class=\"dynseo-toc\">\n<div class=\"toc-title\">\ud83d\udccb Sommaire<\/div>\n<ol>\n<li style=\"border-left:4px solid #ffeca7\"><a href=\"#section-1\">Alzheimer : comprendre la maladie et ses m\u00e9canismes<\/a><\/li>\n<li style=\"border-left:4px solid #e73469\"><a href=\"#section-2\">Reconna\u00eetre les sympt\u00f4mes de la maladie d&#039;Alzheimer<\/a><\/li>\n<li style=\"border-left:4px solid #a9e2e4\"><a href=\"#section-3\">S\u00e9curiser le domicile pour prot\u00e9ger la personne malade<\/a><\/li>\n<li style=\"border-left:4px solid #5e5ed7\"><a href=\"#section-4\">Pr\u00e9server l&#039;autonomie : routines et participation active<\/a><\/li>\n<li style=\"border-left:4px solid #5268c9\"><a href=\"#section-5\">Maintenir le lien affectif : activit\u00e9s adapt\u00e9es<\/a><\/li>\n<li style=\"border-left:4px solid #ffeca7\"><a href=\"#section-6\">Adopter une communication positive<\/a><\/li>\n<li style=\"border-left:4px solid #e73469\"><a href=\"#section-7\">Soutenir l&#039;aidant : pr\u00e9venir l&#039;\u00e9puisement<\/a><\/li>\n<li style=\"border-left:4px solid #a9e2e4\"><a href=\"#section-8\">Structurer un plan d&#039;accompagnement<\/a><\/li>\n<li style=\"border-left:4px solid #5e5ed7\"><a href=\"#section-9\">Stimulation cognitive : un pilier de l&#039;accompagnement<\/a><\/li>\n<li style=\"border-left:4px solid #5268c9\"><a href=\"#section-10\">La formation en ligne pour les aidants Alzheimer<\/a><\/li>\n<li style=\"border-left:4px solid #ffeca7\"><a href=\"#section-11\">Conclusion<\/a><\/li>\n<\/ol>\n<\/nav>\n<section class=\"dynseo-section\">\n<h2 id=\"section-1\">Alzheimer : comprendre la maladie et ses m\u00e9canismes<\/h2>\n<pee class=\"whitespace-normal break-words\">Pour accompagner efficacement une personne atteinte d&#8217;Alzheimer, il est essentiel de comprendre ce qui se passe r\u00e9ellement dans son cerveau. Cette compr\u00e9hension permet non seulement de mieux accepter certains comportements qui peuvent para\u00eetre d\u00e9routants, mais aussi d&#8217;adapter notre approche et nos attentes de mani\u00e8re plus r\u00e9aliste et bienveillante.<\/pee>\n<h3 class=\"text-lg font-bold text-text-100 mt-1 -mb-1.5\">Vieillissement normal ou maladie d&#8217;Alzheimer ?<\/h3>\n<pee class=\"whitespace-normal break-words\">Cette question est souvent la premi\u00e8re que se posent les familles face aux premiers signes de troubles cognitifs chez un proche \u00e2g\u00e9. La fronti\u00e8re entre le vieillissement naturel et le d\u00e9but d&#8217;une pathologie peut sembler floue, ce qui g\u00e9n\u00e8re beaucoup d&#8217;anxi\u00e9t\u00e9 et d&#8217;incertitude.<\/pee>\n<pee class=\"whitespace-normal break-words\">Avec l&#8217;\u00e2ge, il est tout \u00e0 fait normal d&#8217;observer certains changements cognitifs. Le cerveau, comme tous nos organes, subit les effets du temps qui passe. On peut ainsi constater un l\u00e9ger ralentissement de la pens\u00e9e, quelques difficult\u00e9s occasionnelles \u00e0 retrouver un mot pr\u00e9cis, le besoin de plus de temps pour apprendre de nouvelles informations ou la n\u00e9cessit\u00e9 de noter davantage ses rendez-vous pour ne pas les oublier. Ces modifications font partie int\u00e9grante du processus naturel de vieillissement et ne compromettent pas l&#8217;autonomie de la personne dans sa vie quotidienne.<\/pee>\n<pee class=\"whitespace-normal break-words\">En revanche, la maladie d&#8217;Alzheimer provoque des changements beaucoup plus profonds et inqui\u00e9tants. Les troubles observ\u00e9s ne sont plus de simples ralentissements mais de v\u00e9ritables dysfonctionnements qui s&#8217;aggravent progressivement. Les pertes de m\u00e9moire deviennent fr\u00e9quentes et handicapantes, touchant m\u00eame des \u00e9v\u00e9nements r\u00e9cents importants. La personne peut se perdre dans des lieux familiers, avoir des difficult\u00e9s majeures avec le langage au point de ne plus trouver les mots usuels, ou pr\u00e9senter des troubles du jugement qui l&#8217;am\u00e8nent \u00e0 prendre des d\u00e9cisions inappropri\u00e9es. Ce n&#8217;est plus un simple oubli ponctuel, mais une atteinte durable et \u00e9volutive des fonctions cognitives qui impacte progressivement tous les aspects de la vie quotidienne.<\/pee>\n<h3 class=\"text-lg font-bold text-text-100 mt-1 -mb-1.5\">Les m\u00e9canismes de la maladie<\/h3>\n<pee class=\"whitespace-normal break-words\">Pour vraiment comprendre l&#8217;impact de la maladie d&#8217;Alzheimer, il est important de se pencher sur ce qui se produit concr\u00e8tement dans le cerveau. Cette maladie neurod\u00e9g\u00e9n\u00e9rative complexe ne se r\u00e9sume pas \u00e0 de simples pertes de m\u00e9moire, mais implique une cascade de ph\u00e9nom\u00e8nes biologiques qui d\u00e9truisent progressivement les cellules nerveuses.<\/pee>\n<pee class=\"whitespace-normal break-words\">La maladie d&#8217;Alzheimer se caract\u00e9rise par plusieurs processus pathologiques interconnect\u00e9s :<\/pee>\n<pee class=\"whitespace-normal break-words\"><strong>Les d\u00e9p\u00f4ts de prot\u00e9ines anormales<\/strong> constituent la signature biologique de la maladie. D&#8217;une part, des plaques amylo\u00efdes se forment entre les neurones, cr\u00e9ant des agr\u00e9gats toxiques qui perturbent la communication neuronale. D&#8217;autre part, la prot\u00e9ine Tau, normalement pr\u00e9sente dans les cellules nerveuses, se modifie et forme des enchev\u00eatrements qui d\u00e9sorganisent la structure interne des neurones.<\/pee>\n<pee class=\"whitespace-normal break-words\"><strong>La destruction progressive du r\u00e9seau neuronal<\/strong> s&#8217;ensuit inexorablement. Les connexions entre les neurones, essentielles \u00e0 la transmission de l&#8217;information, se d\u00e9t\u00e9riorent puis disparaissent. Les cellules nerveuses elles-m\u00eames finissent par mourir, cr\u00e9ant des zones de vide dans le tissu c\u00e9r\u00e9bral. Ce processus de d\u00e9g\u00e9n\u00e9rescence suit g\u00e9n\u00e9ralement un sch\u00e9ma pr\u00e9visible.<\/pee>\n<pee class=\"whitespace-normal break-words\"><strong>L&#8217;\u00e9volution topographique de la maladie<\/strong> commence typiquement dans l&#8217;hippocampe, cette structure c\u00e9r\u00e9brale cruciale pour la formation de nouveaux souvenirs. C&#8217;est pourquoi les troubles de la m\u00e9moire r\u00e9cente sont souvent les premiers sympt\u00f4mes. La maladie s&#8217;\u00e9tend ensuite progressivement aux r\u00e9gions responsables du langage, entra\u00eenant des difficult\u00e9s d&#8217;expression et de compr\u00e9hension. Puis elle touche les zones du raisonnement et du jugement, avant d&#8217;atteindre finalement les r\u00e9gions contr\u00f4lant la motricit\u00e9 et les fonctions vitales.<\/pee>\n<h3 class=\"text-lg font-bold text-text-100 mt-1 -mb-1.5\">Les facteurs de risque<\/h3>\n<pee class=\"whitespace-normal break-words\">Comprendre les facteurs de risque de la maladie d&#8217;Alzheimer permet non seulement de mieux identifier les personnes \u00e0 risque, mais aussi de mettre en place des strat\u00e9gies de pr\u00e9vention lorsque c&#8217;est possible. Ces facteurs sont multiples et leur interaction reste encore l&#8217;objet de nombreuses recherches scientifiques.<\/pee>\n<pee class=\"whitespace-normal break-words\"><strong>L&#8217;\u00e2ge reste le facteur de risque principal et incontournable.<\/strong> Si la maladie peut exceptionnellement toucher des personnes jeunes (on parle alors d&#8217;Alzheimer pr\u00e9coce), la grande majorit\u00e9 des cas se d\u00e9clare apr\u00e8s 65 ans. Le risque double approximativement tous les cinq ans apr\u00e8s cet \u00e2ge, ce qui explique la pr\u00e9valence \u00e9lev\u00e9e chez les personnes tr\u00e8s \u00e2g\u00e9es.<\/pee>\n<pee class=\"whitespace-normal break-words\"><strong>Les ant\u00e9c\u00e9dents familiaux jouent \u00e9galement un r\u00f4le important.<\/strong> Avoir un parent au premier degr\u00e9 atteint de la maladie augmente significativement le risque, sugg\u00e9rant une composante g\u00e9n\u00e9tique. Cependant, il est crucial de comprendre que cette pr\u00e9disposition g\u00e9n\u00e9tique n&#8217;est pas une fatalit\u00e9 : de nombreuses personnes avec des ant\u00e9c\u00e9dents familiaux ne d\u00e9velopperont jamais la maladie.<\/pee>\n<pee class=\"whitespace-normal break-words\"><strong>Les facteurs cardiovasculaires<\/strong> ont une influence consid\u00e9rable sur le risque de d\u00e9velopper la maladie. L&#8217;hypertension art\u00e9rielle, le diab\u00e8te, l&#8217;hypercholest\u00e9rol\u00e9mie et l&#8217;ob\u00e9sit\u00e9, particuli\u00e8rement lorsqu&#8217;ils surviennent \u00e0 l&#8217;\u00e2ge moyen de la vie, augmentent le risque. Ce lien s&#8217;explique par le fait que ce qui est mauvais pour le c\u0153ur l&#8217;est g\u00e9n\u00e9ralement aussi pour le cerveau.<\/pee>\n<pee class=\"whitespace-normal break-words\"><strong>Le mode de vie<\/strong> influence significativement le risque. La s\u00e9dentarit\u00e9, une alimentation d\u00e9s\u00e9quilibr\u00e9e pauvre en nutriments essentiels, le tabagisme, la consommation excessive d&#8217;alcool, mais aussi l&#8217;isolement social et le manque de stimulation intellectuelle constituent autant de facteurs modifiables sur lesquels il est possible d&#8217;agir pour r\u00e9duire le risque.<\/pee>\n<\/section>\n<section class=\"dynseo-section\">\n<h2 id=\"section-2\">Reconna\u00eetre les sympt\u00f4mes de la maladie d&#039;Alzheimer<\/h2>\n<pee class=\"whitespace-normal break-words\">L&#8217;identification pr\u00e9coce des sympt\u00f4mes de la maladie d&#8217;Alzheimer est cruciale pour plusieurs raisons. D&#8217;abord, elle permet de mettre en place rapidement des strat\u00e9gies d&#8217;accompagnement adapt\u00e9es. Ensuite, elle offre \u00e0 la personne et \u00e0 sa famille le temps n\u00e9cessaire pour s&#8217;organiser et prendre des d\u00e9cisions importantes tant que les capacit\u00e9s de jugement sont encore pr\u00e9serv\u00e9es. Enfin, certains traitements peuvent \u00eatre plus efficaces lorsqu&#8217;ils sont initi\u00e9s t\u00f4t dans l&#8217;\u00e9volution de la maladie.<\/pee>\n<h3 class=\"text-lg font-bold text-text-100 mt-1 -mb-1.5\">Les signes pr\u00e9coces<\/h3>\n<pee class=\"whitespace-normal break-words\">Les premiers signes de la maladie d&#8217;Alzheimer sont souvent subtils et peuvent facilement \u00eatre attribu\u00e9s \u00e0 tort au stress, \u00e0 la fatigue ou au vieillissement normal. C&#8217;est leur persistance, leur fr\u00e9quence croissante et leur impact sur la vie quotidienne qui doivent alerter. Reconna\u00eetre ces signes pr\u00e9coces n\u00e9cessite une observation attentive et bienveillante.<\/pee>\n<pee class=\"whitespace-normal break-words\"><strong>Les oublis fr\u00e9quents et inhabituels<\/strong> constituent souvent le premier signal d&#8217;alarme. Il ne s&#8217;agit pas d&#8217;oublier occasionnellement o\u00f9 l&#8217;on a pos\u00e9 ses cl\u00e9s, mais d&#8217;oublier des informations importantes r\u00e9cemment apprises, m\u00eame apr\u00e8s plusieurs r\u00e9p\u00e9titions. La personne peut poser la m\u00eame question plusieurs fois dans la m\u00eame conversation, oublier des rendez-vous importants ou ne plus se souvenir d&#8217;\u00e9v\u00e9nements r\u00e9cents significatifs.<\/pee>\n<pee class=\"whitespace-normal break-words\"><strong>Les difficult\u00e9s de planification et de r\u00e9solution de probl\u00e8mes<\/strong> deviennent \u00e9videntes dans des situations autrefois routini\u00e8res. Suivre une recette famili\u00e8re devient compliqu\u00e9, g\u00e9rer les factures mensuelles pose probl\u00e8me, ou organiser un trajet habituel devient source de confusion. Ces t\u00e2ches qui requi\u00e8rent une pens\u00e9e s\u00e9quentielle et organis\u00e9e deviennent progressivement insurmontables.<\/pee>\n<pee class=\"whitespace-normal break-words\"><strong>La d\u00e9sorientation spatio-temporelle<\/strong> se manifeste de mani\u00e8re inqui\u00e9tante. La personne peut se perdre dans son propre quartier, oublier comment elle est arriv\u00e9e quelque part, confondre les saisons ou les ann\u00e9es, ou avoir du mal \u00e0 comprendre les \u00e9v\u00e9nements qui ne se produisent pas imm\u00e9diatement.<\/pee>\n<pee class=\"whitespace-normal break-words\"><strong>La perte d&#8217;objets et les accusations<\/strong> deviennent r\u00e9currentes. Non seulement la personne \u00e9gare fr\u00e9quemment ses affaires, mais elle les range dans des endroits inappropri\u00e9s (les cl\u00e9s dans le r\u00e9frig\u00e9rateur, par exemple). Incapable de refaire mentalement le chemin pour les retrouver, elle peut accuser son entourage de vol, cr\u00e9ant des tensions familiales douloureuses.<\/pee>\n<h3 class=\"text-lg font-bold text-text-100 mt-1 -mb-1.5\">Les stades de la maladie<\/h3>\n<pee class=\"whitespace-normal break-words\">La progression de la maladie d&#8217;Alzheimer suit g\u00e9n\u00e9ralement une \u00e9volution pr\u00e9visible, m\u00eame si chaque personne la vit \u00e0 son rythme et avec ses particularit\u00e9s. Comprendre ces diff\u00e9rents stades permet d&#8217;anticiper les besoins futurs et d&#8217;adapter continuellement l&#8217;accompagnement. Cette connaissance aide \u00e9galement les aidants \u00e0 ne pas se culpabiliser face \u00e0 l&#8217;aggravation in\u00e9vitable des sympt\u00f4mes malgr\u00e9 tous leurs efforts.<\/pee>\n<pee class=\"whitespace-normal break-words\"><strong>Le stade l\u00e9ger (d\u00e9but de la maladie)<\/strong> peut durer plusieurs ann\u00e9es. Durant cette phase, la personne reste globalement autonome mais pr\u00e9sente des difficult\u00e9s croissantes. Les pertes de m\u00e9moire concernent surtout les \u00e9v\u00e9nements r\u00e9cents, tandis que les souvenirs anciens restent intacts. Des probl\u00e8mes d&#8217;organisation apparaissent, la gestion de l&#8217;argent devient compliqu\u00e9e, et l&#8217;anxi\u00e9t\u00e9 augmente face \u00e0 la conscience de ces changements. La personne peut encore vivre seule avec un soutien appropri\u00e9, mais n\u00e9cessite une surveillance discr\u00e8te et une aide pour les t\u00e2ches complexes.<\/pee>\n<pee class=\"whitespace-normal break-words\"><strong>Le stade mod\u00e9r\u00e9 (milieu de la maladie)<\/strong> marque un tournant dans la d\u00e9pendance. Les troubles du langage deviennent plus \u00e9vidents : la personne cherche ses mots, utilise des p\u00e9riphrases, peut r\u00e9p\u00e9ter inlassablement les m\u00eames phrases. La d\u00e9sorientation s&#8217;aggrave, touchant m\u00eame les lieux familiers et les personnes proches. L&#8217;aide devient n\u00e9cessaire pour les activit\u00e9s quotidiennes comme s&#8217;habiller, se laver ou pr\u00e9parer les repas. Des troubles du comportement peuvent appara\u00eetre : agitation, d\u00e9ambulation, inversement du rythme veille-sommeil. C&#8217;est souvent le stade le plus long et le plus \u00e9prouvant pour les aidants.<\/pee>\n<pee class=\"whitespace-normal break-words\"><strong>Le stade avanc\u00e9 (fin de la maladie)<\/strong> se caract\u00e9rise par une d\u00e9pendance quasi-totale. La communication verbale devient tr\u00e8s limit\u00e9e voire impossible, m\u00eame si la personne peut encore ressentir et exprimer des \u00e9motions. Les difficult\u00e9s motrices s&#8217;installent progressivement : probl\u00e8mes de marche, de d\u00e9glutition, incontinence. La personne n\u00e9cessite une assistance permanente pour tous les gestes de la vie quotidienne et devient vuln\u00e9rable aux infections, notamment pulmonaires.<\/pee>\n<h3 class=\"text-lg font-bold text-text-100 mt-1 -mb-1.5\">Impact sur la m\u00e9moire et la communication<\/h3>\n<pee class=\"whitespace-normal break-words\">Pour accompagner efficacement une personne atteinte d&#8217;Alzheimer, il est fondamental de comprendre que la m\u00e9moire n&#8217;est pas un syst\u00e8me unitaire mais un ensemble de syst\u00e8mes interconnect\u00e9s qui sont affect\u00e9s diff\u00e9remment par la maladie. Cette compr\u00e9hension permet d&#8217;adapter notre communication et nos attentes de mani\u00e8re plus appropri\u00e9e.<\/pee>\n<pee class=\"whitespace-normal break-words\"><strong>La m\u00e9moire r\u00e9cente ou \u00e9pisodique<\/strong> est la premi\u00e8re et la plus s\u00e9v\u00e8rement touch\u00e9e. C&#8217;est elle qui nous permet de nous souvenir de ce que nous avons fait ce matin, de ce que nous avons mang\u00e9 hier, ou d&#8217;une conversation qui vient d&#8217;avoir lieu. Son alt\u00e9ration explique pourquoi la personne peut oublier instantan\u00e9ment ce qu&#8217;on vient de lui dire, poser la m\u00eame question \u00e0 r\u00e9p\u00e9tition, ou ne pas se souvenir de la visite d&#8217;un proche quelques heures apr\u00e8s.<\/pee>\n<pee class=\"whitespace-normal break-words\"><strong>La m\u00e9moire proc\u00e9durale<\/strong>, celle des gestes automatiques et des savoir-faire, reste remarquablement pr\u00e9serv\u00e9e pendant longtemps. Une personne qui ne se souvient plus comment utiliser une fourchette peut encore faire du v\u00e9lo ou jouer du piano si ces activit\u00e9s \u00e9taient bien ancr\u00e9es. Cette pr\u00e9servation offre des opportunit\u00e9s pr\u00e9cieuses pour maintenir des activit\u00e9s valorisantes et stimulantes.<\/pee>\n<pee class=\"whitespace-normal break-words\"><strong>La m\u00e9moire affective et \u00e9motionnelle<\/strong> persiste jusqu&#8217;aux stades tr\u00e8s avanc\u00e9s de la maladie. M\u00eame si la personne ne reconna\u00eet plus ses proches, elle continue de ressentir l&#8217;amour, la joie, la peur ou la tristesse. Elle garde une trace \u00e9motionnelle des interactions, m\u00eame si elle ne peut plus les verbaliser ou s&#8217;en souvenir consciemment. C&#8217;est pourquoi le maintien du lien affectif reste possible et crucial tout au long de la maladie.<\/pee>\n<pee class=\"whitespace-normal break-words\">&#x1f449; <strong>Pour la communication<\/strong>, ces alt\u00e9rations n\u00e9cessitent des adaptations sp\u00e9cifiques. Les phrases longues ou complexes avec plusieurs id\u00e9es deviennent impossibles \u00e0 traiter pour le cerveau malade. Il devient essentiel d&#8217;utiliser des phrases courtes, simples, avec une seule id\u00e9e \u00e0 la fois. Le ton de la voix, les expressions faciales et le langage corporel prennent une importance croissante car ils sont mieux per\u00e7us et compris que les mots eux-m\u00eames.<\/pee>\n<\/section>\n<section class=\"dynseo-section\">\n<h2 id=\"section-3\">S\u00e9curiser le domicile pour prot\u00e9ger la personne malade<\/h2>\n<pee class=\"whitespace-normal break-words\">La s\u00e9curisation du domicile repr\u00e9sente l&#8217;un des d\u00e9fis majeurs et des pr\u00e9occupations constantes pour les aidants. Avec la progression de la maladie, les risques d&#8217;accidents domestiques augmentent consid\u00e9rablement : chutes, br\u00fblures, intoxications, fugues&#8230; L&#8217;environnement familier, autrefois source de confort et de s\u00e9curit\u00e9, peut devenir un lieu de dangers multiples. Pourtant, avec des am\u00e9nagements appropri\u00e9s et une vigilance adapt\u00e9e, il est possible de cr\u00e9er un espace s\u00e9curis\u00e9 qui pr\u00e9serve au maximum l&#8217;autonomie et le bien-\u00eatre de la personne malade.<\/pee>\n<h3 class=\"text-lg font-bold text-text-100 mt-1 -mb-1.5\">Pi\u00e8ce par pi\u00e8ce<\/h3>\n<pee class=\"whitespace-normal break-words\">Chaque pi\u00e8ce de la maison pr\u00e9sente ses propres d\u00e9fis et n\u00e9cessite des adaptations sp\u00e9cifiques. L&#8217;objectif est de cr\u00e9er un environnement s\u00e9curis\u00e9 sans pour autant transformer le domicile en h\u00f4pital, ce qui pourrait d\u00e9sorienter davantage la personne et alt\u00e9rer sa qualit\u00e9 de vie.<\/pee>\n<pee class=\"whitespace-normal break-words\"><strong>La cuisine<\/strong>, lieu de nombreuses activit\u00e9s quotidiennes, concentre de multiples dangers potentiels. Les plaques de cuisson doivent \u00eatre s\u00e9curis\u00e9es, id\u00e9alement avec un syst\u00e8me de coupure automatique ou des protections emp\u00eachant leur utilisation non supervis\u00e9e. Les produits dangereux (produits m\u00e9nagers, objets coupants) doivent \u00eatre rang\u00e9s dans des placards ferm\u00e9s \u00e0 cl\u00e9 ou plac\u00e9s hors de port\u00e9e. Les appareils \u00e9lectriques potentiellement dangereux peuvent \u00eatre d\u00e9branch\u00e9s ou retir\u00e9s. Il peut \u00eatre utile de simplifier l&#8217;environnement en ne laissant accessibles que les ustensiles et la vaisselle utilis\u00e9s quotidiennement.<\/pee>\n<pee class=\"whitespace-normal break-words\"><strong>La salle de bain<\/strong> est statistiquement le lieu o\u00f9 surviennent le plus d&#8217;accidents domestiques chez les personnes \u00e2g\u00e9es. L&#8217;installation de tapis antid\u00e9rapants dans la baignoire ou la douche est indispensable, ainsi que des barres d&#8217;appui solidement fix\u00e9es aux murs. Un si\u00e8ge de douche peut permettre de se laver en position assise, r\u00e9duisant consid\u00e9rablement le risque de chute. La temp\u00e9rature de l&#8217;eau chaude doit \u00eatre limit\u00e9e pour \u00e9viter les br\u00fblures. Les m\u00e9dicaments et produits d&#8217;hygi\u00e8ne potentiellement dangereux doivent \u00eatre mis sous cl\u00e9.<\/pee>\n<pee class=\"whitespace-normal break-words\"><strong>La chambre<\/strong> doit rester un espace apaisant et s\u00e9curis\u00e9 pour le repos. Un bon \u00e9clairage est essentiel, notamment pour les d\u00e9placements nocturnes : veilleuses, chemin lumineux vers les toilettes, interrupteur facilement accessible. Les tapis doivent \u00eatre fix\u00e9s ou retir\u00e9s pour \u00e9viter les tr\u00e9buchements. Le lit peut \u00eatre \u00e9quip\u00e9 de barri\u00e8res discr\u00e8tes si n\u00e9cessaire, et sa hauteur ajust\u00e9e pour faciliter le lever et le coucher.<\/pee>\n<pee class=\"whitespace-normal break-words\"><strong>Les entr\u00e9es et sorties<\/strong> n\u00e9cessitent une attention particuli\u00e8re pour pr\u00e9venir les fugues, fr\u00e9quentes \u00e0 certains stades de la maladie. Des syst\u00e8mes d&#8217;alarme discrets peuvent \u00eatre install\u00e9s sur les portes, des verrous suppl\u00e9mentaires plac\u00e9s en hauteur ou en bas (hors du champ de vision habituel). Les cl\u00e9s doivent \u00eatre dissimul\u00e9es et les manteaux ou chaussures qui pourraient inciter \u00e0 sortir peuvent \u00eatre rang\u00e9s hors de vue.<\/pee>\n<h3 class=\"text-lg font-bold text-text-100 mt-1 -mb-1.5\">Rep\u00e8res visuels<\/h3>\n<pee class=\"whitespace-normal break-words\">Les troubles de l&#8217;orientation spatiale et temporelle font partie int\u00e9grante de la maladie d&#8217;Alzheimer. La personne peut se perdre dans sa propre maison, ne plus reconna\u00eetre les diff\u00e9rentes pi\u00e8ces, ou \u00eatre incapable de retrouver des objets usuels. Les rep\u00e8res visuels deviennent alors des aides pr\u00e9cieuses pour maintenir une certaine autonomie et r\u00e9duire l&#8217;anxi\u00e9t\u00e9 li\u00e9e \u00e0 la d\u00e9sorientation.<\/pee>\n<pee class=\"whitespace-normal break-words\"><strong>L&#8217;utilisation d&#8217;\u00e9tiquettes et de pictogrammes<\/strong> sur les portes et les placards aide la personne \u00e0 s&#8217;orienter. Une image de toilettes sur la porte de la salle de bain, une photo de v\u00eatements sur l&#8217;armoire, ou le pr\u00e9nom de la personne sur la porte de sa chambre peuvent faire une diff\u00e9rence significative. Ces rep\u00e8res doivent \u00eatre simples, contrast\u00e9s et plac\u00e9s \u00e0 hauteur des yeux.<\/pee>\n<pee class=\"whitespace-normal break-words\"><strong>L&#8217;affichage d&#8217;un planning visuel simple<\/strong> structure la journ\u00e9e et rassure. Un tableau avec les grandes \u00e9tapes de la journ\u00e9e (petit-d\u00e9jeuner, d\u00e9jeuner, d\u00eener, coucher) illustr\u00e9es par des images peut aider la personne \u00e0 se situer dans le temps. Une horloge avec de gros chiffres et un calendrier perp\u00e9tuel indiquant clairement le jour, la date et la saison compl\u00e8tent utilement ce dispositif.<\/pee>\n<pee class=\"whitespace-normal break-words\"><strong>La mise en \u00e9vidence des objets du quotidien<\/strong> facilite leur utilisation. Les lunettes, les cl\u00e9s, la t\u00e9l\u00e9commande, le t\u00e9l\u00e9phone peuvent \u00eatre plac\u00e9s toujours au m\u00eame endroit, bien visible, \u00e9ventuellement sur un support de couleur contrast\u00e9e. Cette organisation ritualis\u00e9e limite les recherches anxiog\u00e8nes et pr\u00e9serve l&#8217;autonomie dans les gestes simples du quotidien.<\/pee>\n<\/section>\n<div class=\"section-divider\">\u25c6 \u25c6 \u25c6<\/div>\n<section class=\"dynseo-section\">\n<h2 id=\"section-4\">Pr\u00e9server l&#039;autonomie : routines et participation active<\/h2>\n<pee class=\"whitespace-normal break-words\">Maintenir l&#8217;autonomie de la personne atteinte d&#8217;Alzheimer le plus longtemps possible est un objectif fondamental de l&#8217;accompagnement. Au-del\u00e0 des b\u00e9n\u00e9fices pratiques \u00e9vidents, pr\u00e9server les capacit\u00e9s restantes contribue \u00e0 maintenir l&#8217;estime de soi, le sentiment d&#8217;utilit\u00e9 et la dignit\u00e9 de la personne. C&#8217;est un \u00e9quilibre d\u00e9licat entre faire \u00e0 la place de (plus rapide et plus simple) et faire avec (plus long mais plus valorisant).<\/pee>\n<pee class=\"whitespace-normal break-words\">La tentation est grande de tout faire \u00e0 la place de la personne malade, par souci d&#8217;efficacit\u00e9 ou pour lui \u00e9viter des \u00e9checs. Pourtant, cette sur-assistance peut acc\u00e9l\u00e9rer la perte d&#8217;autonomie et g\u00e9n\u00e9rer frustration et sentiment d&#8217;inutilit\u00e9. Il est essentiel de continuer \u00e0 solliciter les capacit\u00e9s pr\u00e9serv\u00e9es, m\u00eame si cela prend plus de temps.<\/pee>\n<pee class=\"whitespace-normal break-words\"><strong>Cr\u00e9er et maintenir des routines structurantes<\/strong> offre des rep\u00e8res temporels essentiels dans un monde qui devient de plus en plus confus. Un lever \u00e0 heure fixe, des repas \u00e0 heures r\u00e9guli\u00e8res, une promenade quotidienne \u00e0 la m\u00eame heure, un rituel du coucher&#8230; Ces habitudes bien ancr\u00e9es deviennent des automatismes rassurants qui structurent la journ\u00e9e et r\u00e9duisent l&#8217;anxi\u00e9t\u00e9. Les routines permettent aussi de mobiliser la m\u00e9moire proc\u00e9durale, mieux pr\u00e9serv\u00e9e que la m\u00e9moire \u00e9pisodique.<\/pee>\n<pee class=\"whitespace-normal break-words\"><strong>Simplifier sans infantiliser<\/strong> est un art d\u00e9licat. Il s&#8217;agit d&#8217;adapter l&#8217;environnement et les t\u00e2ches aux capacit\u00e9s actuelles de la personne tout en respectant sa dignit\u00e9 d&#8217;adulte. Choisir des v\u00eatements faciles \u00e0 enfiler (pulls sans boutons, chaussures \u00e0 velcro), utiliser des ustensiles adapt\u00e9s (assiettes \u00e0 rebord, couverts ergonomiques), simplifier les choix (proposer deux options plut\u00f4t qu&#8217;un choix multiple)&#8230; Ces adaptations discr\u00e8tes permettent de maintenir l&#8217;autonomie dans les gestes essentiels.<\/pee>\n<pee class=\"whitespace-normal break-words\"><strong>Favoriser la participation active<\/strong> dans les t\u00e2ches quotidiennes maintient le sentiment d&#8217;utilit\u00e9. &#8220;Peux-tu m&#8217;aider \u00e0 mettre la table ?&#8221;, &#8220;J&#8217;aurais besoin de ton aide pour plier le linge&#8221;, &#8220;Tu veux bien arroser les plantes avec moi ?&#8221; Ces invitations \u00e0 participer, adapt\u00e9es aux capacit\u00e9s du moment, valorisent les comp\u00e9tences restantes et maintiennent la personne dans son r\u00f4le social. M\u00eame si le r\u00e9sultat n&#8217;est pas parfait, l&#8217;important est la participation et le plaisir partag\u00e9.<\/pee>\n<\/section>\n<section class=\"dynseo-section\">\n<h2 id=\"section-5\">Maintenir le lien affectif : activit\u00e9s adapt\u00e9es<\/h2>\n<pee class=\"whitespace-normal break-words\">Le maintien du lien affectif avec une personne atteinte d&#8217;Alzheimer est \u00e0 la fois un d\u00e9fi et une n\u00e9cessit\u00e9 absolue. Alors que les capacit\u00e9s cognitives d\u00e9clinent, la capacit\u00e9 \u00e0 ressentir et \u00e0 exprimer des \u00e9motions persiste remarquablement longtemps. Cette permanence de la vie \u00e9motionnelle offre une voie royale pour maintenir la communication et la qualit\u00e9 de la relation, m\u00eame aux stades avanc\u00e9s de la maladie.<\/pee>\n<pee class=\"whitespace-normal break-words\">Les activit\u00e9s partag\u00e9es deviennent des moments privil\u00e9gi\u00e9s de connexion \u00e9motionnelle. Il ne s&#8217;agit plus de performances ou d&#8217;apprentissages, mais de moments de plaisir, de complicit\u00e9 et de bien-\u00eatre partag\u00e9s. Ces activit\u00e9s doivent \u00eatre choisies et adapt\u00e9es en fonction des go\u00fbts pass\u00e9s de la personne, de ses capacit\u00e9s actuelles et de son \u00e9tat \u00e9motionnel du moment.<\/pee>\n<pee class=\"whitespace-normal break-words\"><strong>La musique<\/strong> poss\u00e8de un pouvoir extraordinaire sur le cerveau malade. Les chansons de jeunesse, profond\u00e9ment ancr\u00e9es dans la m\u00e9moire \u00e0 long terme, peuvent \u00eatre fredonn\u00e9es m\u00eame quand le langage parl\u00e9 a disparu. \u00c9couter ensemble les m\u00e9lodies favorites, chanter en ch\u0153ur, danser doucement&#8230; La musique r\u00e9veille les souvenirs, apaise l&#8217;anxi\u00e9t\u00e9 et procure une joie authentique. Elle offre aussi un mode de communication non verbal pr\u00e9cieux quand les mots font d\u00e9faut.<\/pee>\n<pee class=\"whitespace-normal break-words\"><strong>Les albums photos<\/strong> constituent des supports privil\u00e9gi\u00e9s pour raviver les souvenirs anciens et maintenir le lien avec l&#8217;histoire personnelle. Feuilleter ensemble les photos de famille, raconter les anecdotes associ\u00e9es (m\u00eame si c&#8217;est toujours les m\u00eames), permet de valoriser le v\u00e9cu de la personne et de maintenir son identit\u00e9. Peu importe si les souvenirs sont flous ou m\u00e9lang\u00e9s, l&#8217;important est le plaisir de regarder ensemble et l&#8217;\u00e9motion positive suscit\u00e9e.<\/pee>\n<pee class=\"whitespace-normal break-words\"><strong>La cuisine<\/strong>, quand elle est adapt\u00e9e et s\u00e9curis\u00e9e, reste une activit\u00e9 porteuse de sens. Pr\u00e9parer une recette simple et famili\u00e8re, p\u00e9trir une p\u00e2te, \u00e9cosser des petits pois, d\u00e9corer un g\u00e2teau&#8230; Ces gestes, ancr\u00e9s dans la m\u00e9moire proc\u00e9durale, procurent un sentiment de comp\u00e9tence et d&#8217;utilit\u00e9. Les odeurs et les go\u00fbts r\u00e9veillent des souvenirs profonds et procurent un plaisir sensoriel imm\u00e9diat.<\/pee>\n<pee class=\"whitespace-normal break-words\"><strong>Les promenades et le contact avec la nature<\/strong> apportent de multiples bienfaits. Marcher ensemble, m\u00eame sur de courtes distances, maintient la mobilit\u00e9 et procure une stimulation sensorielle apaisante. Le jardinage, adapt\u00e9 aux capacit\u00e9s (arroser, cueillir des fleurs, observer les oiseaux), maintient le lien avec les cycles naturels et procure un sentiment d&#8217;accomplissement. Le contact avec des animaux, quand c&#8217;est possible, apporte r\u00e9confort et stimulation affective.<\/pee>\n<pee class=\"whitespace-normal break-words\">Ces activit\u00e9s ne sont pas de simples passe-temps. Elles sont th\u00e9rapeutiques, maintiennent les capacit\u00e9s restantes, renforcent le lien affectif et, surtout, procurent des moments de joie et de sens dans un quotidien souvent difficile.<\/pee>\n<\/section>\n<section class=\"dynseo-section\">\n<h2 id=\"section-6\">Adopter une communication positive<\/h2>\n<pee class=\"whitespace-normal break-words\">La communication avec une personne atteinte d&#8217;Alzheimer n\u00e9cessite une adaptation constante et une grande cr\u00e9ativit\u00e9. Face aux troubles du langage qui s&#8217;aggravent progressivement, la tentation peut \u00eatre grande de corriger, d&#8217;insister ou de se d\u00e9courager. Pourtant, une communication adapt\u00e9e et bienveillante reste possible jusqu&#8217;aux stades tr\u00e8s avanc\u00e9s de la maladie, \u00e0 condition d&#8217;accepter de modifier nos habitudes et nos attentes.<\/pee>\n<pee class=\"whitespace-normal break-words\">Il est crucial de comprendre que les difficult\u00e9s de communication ne refl\u00e8tent pas un manque de volont\u00e9 mais r\u00e9sultent de l\u00e9sions c\u00e9r\u00e9brales. La personne fait de son mieux avec les capacit\u00e9s qui lui restent. Notre r\u00f4le est de faciliter cette communication, non de la juger ou de la corriger syst\u00e9matiquement.<\/pee>\n<pee class=\"whitespace-normal break-words\">&#x1f449; <strong>Les principes d&#8217;une communication efficace<\/strong> reposent sur la simplicification et la bienveillance :<\/pee>\n<pee class=\"whitespace-normal break-words\"><strong>Utiliser des phrases courtes et claires<\/strong>, avec une seule id\u00e9e \u00e0 la fois. Au lieu de &#8220;Quand tu auras fini de te laver les mains, tu pourras venir \u00e0 table pour d\u00e9jeuner, j&#8217;ai pr\u00e9par\u00e9 la soupe que tu aimes&#8221;, pr\u00e9f\u00e9rer : &#8220;Viens te laver les mains.&#8221; Puis, une fois fait : &#8220;Viens manger.&#8221;<\/pee>\n<pee class=\"whitespace-normal break-words\"><strong>Privil\u00e9gier la patience et l&#8217;\u00e9coute active.<\/strong> Laisser le temps \u00e0 la personne de comprendre et de r\u00e9pondre, sans la presser. Parfois, un long silence pr\u00e9c\u00e8de une r\u00e9ponse. Montrer qu&#8217;on \u00e9coute par des hochements de t\u00eate, des sourires, des encouragements non verbaux. Reformuler si n\u00e9cessaire, mais sans agacement.<\/pee>\n<pee class=\"whitespace-normal break-words\"><strong>Valoriser plut\u00f4t que corriger.<\/strong> Quand la personne cherche ses mots ou fait des erreurs, l&#8217;aider discr\u00e8tement sans la mettre en \u00e9chec. Si elle dit &#8220;le truc pour manger&#8221; au lieu de fourchette, comprendre et poursuivre naturellement la conversation plut\u00f4t que de corriger syst\u00e9matiquement.<\/pee>\n<pee class=\"whitespace-normal break-words\"><strong>Le langage non verbal<\/strong> prend une importance croissante \u00e0 mesure que le langage verbal d\u00e9cline. Le sourire, le regard bienveillant, le ton de voix doux et rassurant, le contact physique appropri\u00e9 (tenir la main, caresser le bras) communiquent l&#8217;affection et la s\u00e9curit\u00e9 mieux que tous les mots. Un c\u00e2lin peut apaiser une anxi\u00e9t\u00e9 qu&#8217;aucune parole ne pourrait calmer.<\/pee>\n<\/section>\n<div class=\"section-divider\">\u25c6 \u25c6 \u25c6<\/div>\n<section class=\"dynseo-section\">\n<h2 id=\"section-7\">Soutenir l&#039;aidant : pr\u00e9venir l&#039;\u00e9puisement<\/h2>\n<pee class=\"whitespace-normal break-words\">L&#8217;accompagnement d&#8217;un proche atteint d&#8217;Alzheimer est un marathon, pas un sprint. Cette r\u00e9alit\u00e9, beaucoup d&#8217;aidants la d\u00e9couvrent progressivement, souvent au prix de leur propre sant\u00e9 physique et mentale. Prendre soin d&#8217;une personne malade 24 heures sur 24, 7 jours sur 7, parfois pendant des ann\u00e9es, repr\u00e9sente une charge \u00e9motionnelle, physique et financi\u00e8re consid\u00e9rable. Les \u00e9tudes montrent que les aidants familiaux ont un risque accru de d\u00e9pression, d&#8217;anxi\u00e9t\u00e9, de probl\u00e8mes de sant\u00e9 et m\u00eame de mortalit\u00e9 pr\u00e9matur\u00e9e. Reconna\u00eetre ces risques et mettre en place des strat\u00e9gies de pr\u00e9servation n&#8217;est pas un luxe mais une n\u00e9cessit\u00e9 absolue.<\/pee>\n<h3 class=\"text-lg font-bold text-text-100 mt-1 -mb-1.5\">Quelques conseils pour se pr\u00e9server<\/h3>\n<pee class=\"whitespace-normal break-words\">La premi\u00e8re \u00e9tape, souvent la plus difficile, est d&#8217;accepter ses propres limites et vuln\u00e9rabilit\u00e9s. Beaucoup d&#8217;aidants s&#8217;imposent des standards impossibles, mus par l&#8217;amour, le sens du devoir ou la culpabilit\u00e9. Il est essentiel de comprendre qu&#8217;\u00eatre \u00e9puis\u00e9 ne fait pas de vous un mauvais aidant, mais un \u00eatre humain normal face \u00e0 une situation exceptionnellement difficile.<\/pee>\n<pee class=\"whitespace-normal break-words\"><strong>Reconna\u00eetre et accepter ses \u00e9motions<\/strong> est fondamental pour sa sant\u00e9 mentale. La culpabilit\u00e9 de ne pas en faire assez, la col\u00e8re face aux comportements difficiles, la tristesse de voir un \u00eatre cher d\u00e9cliner, l&#8217;anxi\u00e9t\u00e9 face \u00e0 l&#8217;avenir, voire parfois le ressentiment ou le d\u00e9sir que &#8220;\u00e7a s&#8217;arr\u00eate&#8221;&#8230; Toutes ces \u00e9motions sont normales et l\u00e9gitimes. Les nier ou s&#8217;en vouloir de les ressentir ne fait qu&#8217;ajouter de la souffrance. Les accepter, les verbaliser (\u00e0 un proche, un professionnel, dans un journal) permet de les traverser sans qu&#8217;elles nous submergent.<\/pee>\n<pee class=\"whitespace-normal break-words\"><strong>Demander et accepter de l&#8217;aide<\/strong> n&#8217;est pas un signe de faiblesse mais de sagesse. Solliciter la famille \u00e9largie, les amis, les voisins pour des relais ponctuels permet de souffler. Les services de r\u00e9pit (accueil de jour, h\u00e9bergement temporaire) offrent des pauses plus longues indispensables. Les aides professionnelles (auxiliaires de vie, infirmi\u00e8res) apportent un soutien technique et permettent de partager la charge. Accepter ces aides, c&#8217;est reconna\u00eetre qu&#8217;on ne peut pas tout porter seul et que c&#8217;est normal.<\/pee>\n<pee class=\"whitespace-normal break-words\"><strong>Rejoindre un groupe de soutien pour aidants<\/strong> brise l&#8217;isolement et offre un espace de compr\u00e9hension mutuelle. Partager ses exp\u00e9riences avec d&#8217;autres qui vivent la m\u00eame situation, \u00e9changer des conseils pratiques, se sentir compris sans jugement&#8230; Ces groupes, qu&#8217;ils soient en pr\u00e9sence ou en ligne, constituent des ressources pr\u00e9cieuses pour maintenir son \u00e9quilibre \u00e9motionnel.<\/pee>\n<pee class=\"whitespace-normal break-words\"><strong>Pr\u00e9server des espaces personnels<\/strong> est vital pour maintenir son identit\u00e9 au-del\u00e0 du r\u00f4le d&#8217;aidant. Continuer une activit\u00e9 physique r\u00e9guli\u00e8re (m\u00eame 30 minutes de marche), maintenir des relations sociales (m\u00eame un caf\u00e9 avec un ami), poursuivre un hobby (m\u00eame quelques minutes par jour)&#8230; Ces respirations permettent de recharger ses batteries et de garder le contact avec la vie &#8220;normale&#8221;. Un aidant \u00e9puis\u00e9, isol\u00e9, qui a perdu tous ses rep\u00e8res personnels ne peut plus aider efficacement.<\/pee>\n<pee class=\"whitespace-normal break-words\">Il est crucial de comprendre qu&#8217;un aidant \u00e9puis\u00e9 ne peut plus accompagner efficacement son proche. Prendre soin de soi n&#8217;est pas de l&#8217;\u00e9go\u00efsme, c&#8217;est la condition indispensable pour pouvoir continuer \u00e0 prendre soin de l&#8217;autre sur la dur\u00e9e. C&#8217;est comme les consignes de s\u00e9curit\u00e9 en avion : mettez d&#8217;abord votre masque \u00e0 oxyg\u00e8ne avant d&#8217;aider les autres.<\/pee>\n<\/section>\n<section class=\"dynseo-section\">\n<h2 id=\"section-8\">Structurer un plan d&#039;accompagnement<\/h2>\n<pee class=\"whitespace-normal break-words\">Face \u00e0 la complexit\u00e9 et \u00e0 l&#8217;\u00e9volution de la maladie d&#8217;Alzheimer, l&#8217;improvisation au jour le jour conduit rapidement \u00e0 l&#8217;\u00e9puisement et \u00e0 la d\u00e9sorganisation. Structurer un plan d&#8217;accompagnement coh\u00e9rent et \u00e9volutif permet d&#8217;anticiper les besoins, de mobiliser les ressources disponibles et de maintenir une qualit\u00e9 de vie optimale pour la personne malade comme pour ses aidants. Ce plan doit \u00eatre pens\u00e9 comme un document vivant, r\u00e9guli\u00e8rement r\u00e9\u00e9valu\u00e9 et adapt\u00e9 \u00e0 l&#8217;\u00e9volution de la situation.<\/pee>\n<pee class=\"whitespace-normal break-words\">L&#8217;\u00e9laboration de ce plan n\u00e9cessite une r\u00e9flexion approfondie et, id\u00e9alement, l&#8217;implication de tous les acteurs concern\u00e9s : famille, professionnels de sant\u00e9, services sociaux. Il s&#8217;agit de cr\u00e9er une v\u00e9ritable \u00e9quipe autour de la personne malade, o\u00f9 chacun conna\u00eet son r\u00f4le et ses responsabilit\u00e9s.<\/pee>\n<pee class=\"whitespace-normal break-words\"><strong>Identifier les besoins actuels et anticiper l&#8217;\u00e9volution<\/strong> constitue la premi\u00e8re \u00e9tape. Une \u00e9valuation honn\u00eate de la situation pr\u00e9sente (capacit\u00e9s pr\u00e9serv\u00e9es, difficult\u00e9s rencontr\u00e9es, risques identifi\u00e9s) permet de d\u00e9finir les aides n\u00e9cessaires imm\u00e9diatement. Mais il faut aussi se projeter : quels seront les besoins dans six mois, un an ? Cette anticipation permet de se renseigner \u00e0 l&#8217;avance, d&#8217;effectuer les d\u00e9marches administratives n\u00e9cessaires et d&#8217;\u00e9viter les d\u00e9cisions pr\u00e9cipit\u00e9es en situation de crise.<\/pee>\n<pee class=\"whitespace-normal break-words\"><strong>Mobiliser les aides professionnelles adapt\u00e9es<\/strong> demande de naviguer dans un syst\u00e8me parfois complexe. Les ergoth\u00e9rapeutes peuvent adapter le domicile et proposer des strat\u00e9gies pour maintenir l&#8217;autonomie. Les orthophonistes travaillent sur les troubles du langage et de la d\u00e9glutition. Les psychomotriciens maintiennent les capacit\u00e9s motrices et l&#8217;\u00e9quilibre. Les infirmi\u00e8res g\u00e8rent les aspects m\u00e9dicaux et la prise de m\u00e9dicaments. Les auxiliaires de vie apportent une aide pr\u00e9cieuse pour les actes de la vie quotidienne. Chaque professionnel apporte son expertise sp\u00e9cifique et contribue \u00e0 un accompagnement global de qualit\u00e9.<\/pee>\n<pee class=\"whitespace-normal break-words\"><strong>Pr\u00e9voir les aspects financiers et juridiques<\/strong> est souvent n\u00e9glig\u00e9 mais crucial. La maladie d&#8217;Alzheimer g\u00e9n\u00e8re des co\u00fbts importants : aides \u00e0 domicile, am\u00e9nagements, protections, \u00e9ventuellement h\u00e9bergement sp\u00e9cialis\u00e9. Se renseigner sur les aides financi\u00e8res disponibles (APA, aides des caisses de retraite, r\u00e9ductions fiscales) permet d&#8217;anticiper et de budg\u00e9ter. Sur le plan juridique, mettre en place des mesures de protection (mandat de protection future, sauvegarde de justice, tutelle) tant que la personne peut encore exprimer sa volont\u00e9 \u00e9vite des complications ult\u00e9rieures.<\/pee>\n<\/section>\n<section class=\"dynseo-section\">\n<h2 id=\"section-9\">Stimulation cognitive : un pilier de l&#039;accompagnement<\/h2>\n<pee class=\"whitespace-normal break-words\">La stimulation cognitive occupe une place centrale dans l&#8217;accompagnement des personnes atteintes d&#8217;Alzheimer. Si elle ne peut pas gu\u00e9rir la maladie ni stopper sa progression, elle peut significativement ralentir le d\u00e9clin cognitif, maintenir plus longtemps les capacit\u00e9s fonctionnelles et, surtout, am\u00e9liorer la qualit\u00e9 de vie et l&#8217;estime de soi. Cette stimulation doit \u00eatre pens\u00e9e non comme une r\u00e9\u00e9ducation intensive mais comme une gymnastique douce du cerveau, adapt\u00e9e, bienveillante et source de plaisir.<\/pee>\n<pee class=\"whitespace-normal break-words\">L&#8217;enjeu n&#8217;est pas de faire r\u00e9apprendre ce qui a \u00e9t\u00e9 oubli\u00e9 &#8211; c&#8217;est g\u00e9n\u00e9ralement impossible &#8211; mais de maintenir actives les connexions neuronales encore fonctionnelles. Chaque activit\u00e9 cognitive, m\u00eame simple, mobilise des r\u00e9seaux de neurones et contribue \u00e0 leur pr\u00e9servation. De plus, ces activit\u00e9s offrent des moments de succ\u00e8s et de valorisation essentiels pour l&#8217;estime de soi souvent mise \u00e0 mal par la maladie.<\/pee>\n<pee class=\"whitespace-normal break-words\">Les activit\u00e9s de stimulation cognitive doivent respecter plusieurs principes pour \u00eatre b\u00e9n\u00e9fiques. Elles doivent \u00eatre adapt\u00e9es au stade de la maladie et aux capacit\u00e9s actuelles pour \u00e9viter la mise en \u00e9chec. Elles doivent \u00eatre vari\u00e9es pour stimuler diff\u00e9rentes fonctions cognitives. Elles doivent \u00eatre courtes pour respecter les capacit\u00e9s d&#8217;attention limit\u00e9es. Et surtout, elles doivent \u00eatre ludiques et g\u00e9n\u00e9rer du plaisir, car un cerveau stress\u00e9 ou frustr\u00e9 n&#8217;apprend pas et ne se stimule pas efficacement.<\/pee>\n<pee class=\"whitespace-normal break-words\"><strong>Avec le programme EDITH, jeux de m\u00e9moire pour seniors<\/strong>, les familles disposent d&#8217;un outil sp\u00e9cialement con\u00e7u pour r\u00e9pondre \u00e0 ces besoins. Plus de 30 jeux sont adapt\u00e9s sp\u00e9cifiquement aux personnes atteintes d&#8217;Alzheimer, avec diff\u00e9rents niveaux de difficult\u00e9 pour s&#8217;adapter \u00e0 l&#8217;\u00e9volution de la maladie. Ces jeux travaillent de mani\u00e8re cibl\u00e9e les diff\u00e9rentes fonctions cognitives : la m\u00e9moire sous toutes ses formes, l&#8217;attention et la concentration, le langage et la communication, les fonctions ex\u00e9cutives et le raisonnement.<\/pee>\n<pee class=\"whitespace-normal break-words\">&#x1f449; <strong>Exemples d&#8217;activit\u00e9s propos\u00e9es :<\/strong><\/pee>\n<pee class=\"whitespace-normal break-words\">Les <strong>jeux de mots et de langage<\/strong> maintiennent les capacit\u00e9s verbales : trouver des mots commen\u00e7ant par une lettre, compl\u00e9ter des proverbes, associer des mots \u00e0 des images. Ces exercices, pr\u00e9sent\u00e9s de mani\u00e8re ludique, stimulent le vocabulaire et la fluence verbale sans mettre en \u00e9chec.<\/pee>\n<pee class=\"whitespace-normal break-words\">Les <strong>puzzles visuels et jeux de reconnaissance<\/strong> travaillent les capacit\u00e9s visuo-spatiales et la m\u00e9moire visuelle. Reconstituer une image, retrouver des paires, identifier des objets&#8230; Ces activit\u00e9s mobilisent des capacit\u00e9s souvent mieux pr\u00e9serv\u00e9es que la m\u00e9moire verbale.<\/pee>\n<pee class=\"whitespace-normal break-words\">Les <strong>activit\u00e9s musicales et rythmiques<\/strong> exploitent le pouvoir de la musique sur le cerveau. Reconna\u00eetre des m\u00e9lodies, compl\u00e9ter des paroles de chansons, suivre un rythme&#8230; Ces jeux procurent du plaisir tout en stimulant la m\u00e9moire et l&#8217;attention.<\/pee>\n<pee class=\"whitespace-normal break-words\">L&#8217;avantage majeur de ces outils num\u00e9riques est qu&#8217;ils favorisent des moments de partage entre l&#8217;aidant et la personne aid\u00e9e. Ce ne sont pas des exercices solitaires mais des activit\u00e9s \u00e0 faire ensemble, cr\u00e9ant complicit\u00e9 et plaisir partag\u00e9. L&#8217;aidant guide, encourage, f\u00e9licite, transformant la stimulation cognitive en moment de qualit\u00e9 relationnelle.<\/pee>\n<\/section>\n<div class=\"section-divider\">\u25c6 \u25c6 \u25c6<\/div>\n<section class=\"dynseo-section\">\n<h2 id=\"section-10\">La formation en ligne pour les aidants Alzheimer<\/h2>\n<pee class=\"whitespace-normal break-words\">Face \u00e0 la complexit\u00e9 de l&#8217;accompagnement d&#8217;une personne atteinte d&#8217;Alzheimer, le besoin de formation et d&#8217;information fiables est crucial. Beaucoup d&#8217;aidants se retrouvent d\u00e9munis, apprenant &#8220;sur le tas&#8221; par essais et erreurs, au prix d&#8217;un stress consid\u00e9rable et parfois d&#8217;erreurs \u00e9vitables. C&#8217;est pourquoi DYNSEO a d\u00e9velopp\u00e9 une formation compl\u00e8te, accessible et pratique, sp\u00e9cialement con\u00e7ue pour r\u00e9pondre aux besoins concrets des aidants familiaux.<\/pee>\n<pee class=\"whitespace-normal break-words\">Pour aller plus loin que cet article et acqu\u00e9rir des comp\u00e9tences pratiques imm\u00e9diatement applicables, DYNSEO propose une formation en ligne compl\u00e8te : &#x1f449; <strong>Comprendre la maladie d&#8217;Alzheimer et trouver des solutions pour le quotidien.<\/strong><\/pee>\n<pee class=\"whitespace-normal break-words\">Cette formation n&#8217;est pas un cours th\u00e9orique abstrait mais un guide pratique, construit \u00e0 partir de l&#8217;exp\u00e9rience de terrain de professionnels et d&#8217;aidants exp\u00e9riment\u00e9s. Elle combine les connaissances scientifiques essentielles avec des conseils concrets, des techniques \u00e9prouv\u00e9es et des outils directement utilisables.<\/pee>\n<h3 class=\"text-lg font-bold text-text-100 mt-1 -mb-1.5\">Ce que vous allez apprendre<\/h3>\n<pee class=\"whitespace-normal break-words\">Le programme de formation est structur\u00e9 de mani\u00e8re progressive et logique, vous permettant d&#8217;acqu\u00e9rir d&#8217;abord les bases th\u00e9oriques n\u00e9cessaires puis de d\u00e9velopper progressivement des comp\u00e9tences pratiques de plus en plus avanc\u00e9es.<\/pee>\n<pee class=\"whitespace-normal break-words\"><strong>Diff\u00e9rencier le vieillissement normal de la maladie<\/strong> vous permettra de comprendre quand s&#8217;inqui\u00e9ter et quand relativiser. Vous apprendrez \u00e0 reconna\u00eetre les signes qui doivent alerter et \u00e0 distinguer les oublis b\u00e9nins des sympt\u00f4mes pathologiques, \u00e9vitant ainsi l&#8217;anxi\u00e9t\u00e9 inutile ou au contraire le d\u00e9ni dangereux.<\/pee>\n<pee class=\"whitespace-normal break-words\"><strong>Rep\u00e9rer les sympt\u00f4mes typiques et situer le stade de la maladie<\/strong> vous donnera les cl\u00e9s pour adapter votre accompagnement. Chaque stade ayant ses sp\u00e9cificit\u00e9s, ses d\u00e9fis et ses possibilit\u00e9s, cette compr\u00e9hension vous permettra d&#8217;ajuster vos attentes et vos strat\u00e9gies de mani\u00e8re appropri\u00e9e.<\/pee>\n<pee class=\"whitespace-normal break-words\"><strong>Comprendre l&#8217;impact sur la m\u00e9moire et la communication<\/strong> transformera votre fa\u00e7on d&#8217;interagir avec votre proche. En comprenant les m\u00e9canismes c\u00e9r\u00e9braux sous-jacents, vous d\u00e9velopperez naturellement des strat\u00e9gies de communication plus efficaces et moins frustrantes pour tous.<\/pee>\n<pee class=\"whitespace-normal break-words\"><strong>S\u00e9curiser le domicile pi\u00e8ce par pi\u00e8ce<\/strong> avec des conseils pratiques d\u00e9taill\u00e9s vous permettra de cr\u00e9er un environnement s\u00fbr sans transformer votre maison en forteresse. Vous apprendrez les am\u00e9nagements prioritaires, les erreurs \u00e0 \u00e9viter et les astuces peu co\u00fbteuses mais efficaces.<\/pee>\n<pee class=\"whitespace-normal break-words\"><strong>Pr\u00e9server l&#8217;autonomie avec routines et participation<\/strong> vous aidera \u00e0 maintenir les capacit\u00e9s de votre proche le plus longtemps possible. Vous d\u00e9couvrirez comment structurer la journ\u00e9e, simplifier les t\u00e2ches et encourager la participation sans infantiliser.<\/pee>\n<pee class=\"whitespace-normal break-words\"><strong>Maintenir le lien familial gr\u00e2ce \u00e0 des activit\u00e9s adapt\u00e9es<\/strong> enrichira votre quotidien commun. La formation propose de nombreuses id\u00e9es d&#8217;activit\u00e9s test\u00e9es et approuv\u00e9es, adaptables selon les go\u00fbts et les capacit\u00e9s de chacun.<\/pee>\n<pee class=\"whitespace-normal break-words\"><strong>Adopter une communication positive<\/strong> transformera vos interactions quotidiennes. Vous apprendrez les techniques de communication verbale et non verbale qui facilitent les \u00e9changes et r\u00e9duisent les tensions.<\/pee>\n<pee class=\"whitespace-normal break-words\"><strong>Pr\u00e9venir l&#8217;\u00e9puisement de l&#8217;aidant<\/strong> est un module crucial souvent n\u00e9glig\u00e9 ailleurs. Vous apprendrez \u00e0 reconna\u00eetre les signes d&#8217;alerte, \u00e0 mettre en place des strat\u00e9gies de pr\u00e9servation et \u00e0 mobiliser les aides disponibles sans culpabilit\u00e9.<\/pee>\n<pee class=\"whitespace-normal break-words\"><strong>Stimuler les fonctions cognitives avec EDITH<\/strong> vous donnera des outils concrets et ludiques. Vous d\u00e9couvrirez comment utiliser efficacement ces jeux, adapter la difficult\u00e9 et cr\u00e9er des moments de plaisir partag\u00e9 autour de la stimulation cognitive.<\/pee>\n<pee class=\"whitespace-normal break-words\">Cette formation vous donne des rep\u00e8res clairs, des outils concrets et, surtout, la confiance n\u00e9cessaire pour accompagner votre proche avec s\u00e9r\u00e9nit\u00e9. Elle est con\u00e7ue pour \u00eatre suivie \u00e0 votre rythme, avec la possibilit\u00e9 de revenir sur les modules selon vos besoins. Les contenus sont r\u00e9guli\u00e8rement mis \u00e0 jour pour int\u00e9grer les derni\u00e8res avanc\u00e9es et les retours d&#8217;exp\u00e9rience des utilisateurs.<\/pee>\n<\/section>\n<section class=\"dynseo-section\">\n<h2 id=\"section-11\">Conclusion<\/h2>\n<pee class=\"whitespace-normal break-words\">La maladie d&#8217;Alzheimer repr\u00e9sente l&#8217;un des d\u00e9fis humains les plus complexes de notre \u00e9poque. Elle bouleverse non seulement la vie de la personne qui en est atteinte, mais transforme profond\u00e9ment la dynamique familiale, les relations, et le quotidien de tous ceux qui l&#8217;entourent. Face \u00e0 cette r\u00e9alit\u00e9 difficile, la tentation peut \u00eatre grande de se sentir d\u00e9muni, d\u00e9pass\u00e9, voire d\u00e9sesp\u00e9r\u00e9.<\/pee>\n<pee class=\"whitespace-normal break-words\">Pourtant, comme nous l&#8217;avons explor\u00e9 tout au long de cet article, comprendre la maladie dans ses multiples dimensions &#8211; biologiques, psychologiques, sociales &#8211; ouvre la voie \u00e0 un accompagnement plus serein et plus efficace. Cette compr\u00e9hension permet de d\u00e9passer la sid\u00e9ration initiale du diagnostic pour construire progressivement une nouvelle normalit\u00e9, certes diff\u00e9rente, mais o\u00f9 la qualit\u00e9 de vie reste possible.<\/pee>\n<pee class=\"whitespace-normal break-words\">Les strat\u00e9gies et outils que nous avons partag\u00e9s &#8211; de la s\u00e9curisation du domicile aux techniques de communication, des activit\u00e9s adapt\u00e9es \u00e0 la pr\u00e9servation de l&#8217;aidant &#8211; ne sont pas des recettes miracles. Ce sont des balises sur un chemin difficile, des ressources pour naviguer dans la temp\u00eate avec plus de confiance et moins d&#8217;angoisse. Chaque famille, chaque situation est unique, et ces conseils doivent \u00eatre adapt\u00e9s, personnalis\u00e9s, r\u00e9invent\u00e9s selon vos besoins sp\u00e9cifiques.<\/pee>\n<pee class=\"whitespace-normal break-words\">Il est important de se rappeler que m\u00eame dans la maladie, des moments de joie, de tendresse et de connexion authentique restent possibles. Le rire d&#8217;un instant, un regard complice, une main serr\u00e9e avec affection&#8230; Ces petits miracles du quotidien prennent une valeur inestimable et nous rappellent que l&#8217;essentiel &#8211; l&#8217;amour, la pr\u00e9sence, le lien &#8211; transcende les capacit\u00e9s cognitives.<\/pee>\n<pee class=\"whitespace-normal break-words\">L&#8217;accompagnement d&#8217;un proche atteint d&#8217;Alzheimer est certainement l&#8217;une des expressions les plus exigeantes mais aussi les plus nobles de l&#8217;amour et de la solidarit\u00e9 humaine. C&#8217;est un chemin qui r\u00e9v\u00e8le des ressources insoup\u00e7onn\u00e9es, qui approfondit notre humanit\u00e9 et qui, paradoxalement, peut nous enseigner l&#8217;essentiel sur ce qui compte vraiment dans la vie.<\/pee>\n<pee class=\"whitespace-normal break-words\">Avec des rep\u00e8res pratiques solides, de la patience infinie, des outils adapt\u00e9s et, surtout, le soutien d&#8217;une communaut\u00e9 bienveillante, il est possible de traverser cette \u00e9preuve en pr\u00e9servant la dignit\u00e9 de chacun et en maintenant un climat de relative s\u00e9r\u00e9nit\u00e9. Vous n&#8217;\u00eates pas seuls dans ce parcours. Des ressources existent, des professionnels peuvent vous aider, d&#8217;autres familles partagent votre v\u00e9cu.<\/pee>\n<pee class=\"whitespace-normal break-words\">&#x1f449; Pour approfondir vos connaissances, acqu\u00e9rir des comp\u00e9tences pratiques suppl\u00e9mentaires et rejoindre une communaut\u00e9 d&#8217;aidants engag\u00e9s, nous vous encourageons vivement \u00e0 d\u00e9couvrir la formation : <strong>Comprendre la maladie d&#8217;Alzheimer et trouver des solutions pour le quotidien.<\/strong><\/pee>\n<pee class=\"whitespace-normal break-words\">Cette formation repr\u00e9sente bien plus qu&#8217;un simple cours : c&#8217;est un compagnon de route, une boussole pour naviguer dans la complexit\u00e9 de la maladie, et surtout, une source d&#8217;espoir et de solutions concr\u00e8tes pour am\u00e9liorer le quotidien de votre proche et le v\u00f4tre.<\/pee><\/section>\n<\/div>\n<p>[\/et_pb_code][\/et_pb_column][\/et_pb_row][\/et_pb_section][et_pb_section fb_built=&#8221;1&#8243; _builder_version=&#8221;4.16&#8243;][et_pb_row][et_pb_column type=&#8221;4_4&#8243;][\/et_pb_column][\/et_pb_row][\/et_pb_section]<\/p>\n","protected":false},"excerpt":{"rendered":"<p><div class=\"et_pb_row et_pb_row_0 et_pb_row_empty\">\n\t\t\t\t\n\t\t\t\t\n\t\t\t\t\n\t\t\t\t\n\t\t\t\t\n\t\t\t<\/div><div class=\"et_pb_row et_pb_row_1 et_pb_row_empty\">\n\t\t\t\t\n\t\t\t\t\n\t\t\t\t\n\t\t\t\t\n\t\t\t\t\n\t\t\t<\/div><\/p>\n","protected":false},"author":4,"featured_media":365714,"comment_status":"closed","ping_status":"closed","sticky":false,"template":"","format":"standard","meta":{"_et_pb_use_builder":"on","_et_pb_old_content":"","_et_gb_content_width":"","footnotes":""},"categories":[2915],"tags":[],"class_list":["post-490904","post","type-post","status-publish","format-standard","has-post-thumbnail","hentry","category-les-conseils-des-coachs"],"yoast_head":"<!-- This site is optimized with the Yoast SEO plugin v27.4 - https:\/\/yoast.com\/product\/yoast-seo-wordpress\/ -->\n<title>Comprendre la maladie d&#039;Alzheimer et trouver des solutions pratiques au quotidien - \u6559\u80b2\u8f6f\u4ef6\u3001\u8bb0\u5fc6\u6e38\u620f\u548c\u5927\u8111\u8bad\u7ec3\u5e94\u7528<\/title>\n<meta name=\"robots\" content=\"index, follow, max-snippet:-1, max-image-preview:large, max-video-preview:-1\" \/>\n<link rel=\"canonical\" href=\"https:\/\/www.dynseo.com\/zh-hans\/comprendre-la-maladie-dalzheimer-et-trouver-des-solutions-pratiques-au-quotidien\/\" \/>\n<meta property=\"og:locale\" content=\"zh_CN\" \/>\n<meta property=\"og:type\" content=\"article\" \/>\n<meta property=\"og:title\" content=\"Comprendre la maladie d&#039;Alzheimer et trouver des solutions pratiques au quotidien - \u6559\u80b2\u8f6f\u4ef6\u3001\u8bb0\u5fc6\u6e38\u620f\u548c\u5927\u8111\u8bad\u7ec3\u5e94\u7528\" \/>\n<meta property=\"og:url\" content=\"https:\/\/www.dynseo.com\/zh-hans\/comprendre-la-maladie-dalzheimer-et-trouver-des-solutions-pratiques-au-quotidien\/\" \/>\n<meta property=\"og:site_name\" content=\"\u6559\u80b2\u8f6f\u4ef6\u3001\u8bb0\u5fc6\u6e38\u620f\u548c\u5927\u8111\u8bad\u7ec3\u5e94\u7528\" \/>\n<meta property=\"article:published_time\" content=\"2026-01-25T19:17:07+00:00\" \/>\n<meta property=\"article:modified_time\" content=\"2026-02-05T03:47:12+00:00\" \/>\n<meta property=\"og:image\" content=\"https:\/\/www.dynseo.com\/wp-content\/uploads\/2023\/03\/seniors-with-dementia-alzheimer-association.png\" \/>\n\t<meta property=\"og:image:width\" content=\"500\" \/>\n\t<meta property=\"og:image:height\" content=\"500\" \/>\n\t<meta property=\"og:image:type\" content=\"image\/png\" \/>\n<meta name=\"author\" content=\"DYNSEO\" \/>\n<meta name=\"twitter:label1\" content=\"\u4f5c\u8005\" \/>\n\t<meta name=\"twitter:data1\" content=\"DYNSEO\" \/>\n\t<meta name=\"twitter:label2\" content=\"\u9884\u8ba1\u9605\u8bfb\u65f6\u95f4\" \/>\n\t<meta name=\"twitter:data2\" content=\"35 \u5206\" \/>\n<script type=\"application\/ld+json\" class=\"yoast-schema-graph\">{\"@context\":\"https:\\\/\\\/schema.org\",\"@graph\":[{\"@type\":\"Article\",\"@id\":\"https:\\\/\\\/www.dynseo.com\\\/zh-hans\\\/comprendre-la-maladie-dalzheimer-et-trouver-des-solutions-pratiques-au-quotidien\\\/#article\",\"isPartOf\":{\"@id\":\"https:\\\/\\\/www.dynseo.com\\\/zh-hans\\\/comprendre-la-maladie-dalzheimer-et-trouver-des-solutions-pratiques-au-quotidien\\\/\"},\"author\":{\"name\":\"DYNSEO\",\"@id\":\"https:\\\/\\\/www.dynseo.com\\\/zh-hans\\\/#\\\/schema\\\/person\\\/78ef63df2ee64e0989bc68f8401b38d6\"},\"headline\":\"Comprendre la maladie d&#8217;Alzheimer et trouver des solutions pratiques au quotidien\",\"datePublished\":\"2026-01-25T19:17:07+00:00\",\"dateModified\":\"2026-02-05T03:47:12+00:00\",\"mainEntityOfPage\":{\"@id\":\"https:\\\/\\\/www.dynseo.com\\\/zh-hans\\\/comprendre-la-maladie-dalzheimer-et-trouver-des-solutions-pratiques-au-quotidien\\\/\"},\"wordCount\":7343,\"publisher\":{\"@id\":\"https:\\\/\\\/www.dynseo.com\\\/zh-hans\\\/#organization\"},\"image\":{\"@id\":\"https:\\\/\\\/www.dynseo.com\\\/zh-hans\\\/comprendre-la-maladie-dalzheimer-et-trouver-des-solutions-pratiques-au-quotidien\\\/#primaryimage\"},\"thumbnailUrl\":\"https:\\\/\\\/www.dynseo.com\\\/wp-content\\\/uploads\\\/2024\\\/03\\\/Copie-de-Accueil-article-France-7.png\",\"articleSection\":[\"Les conseils des coachs\"],\"inLanguage\":\"zh-Hans\"},{\"@type\":\"WebPage\",\"@id\":\"https:\\\/\\\/www.dynseo.com\\\/zh-hans\\\/comprendre-la-maladie-dalzheimer-et-trouver-des-solutions-pratiques-au-quotidien\\\/\",\"url\":\"https:\\\/\\\/www.dynseo.com\\\/zh-hans\\\/comprendre-la-maladie-dalzheimer-et-trouver-des-solutions-pratiques-au-quotidien\\\/\",\"name\":\"Comprendre la maladie d'Alzheimer et trouver des solutions pratiques au quotidien - \u6559\u80b2\u8f6f\u4ef6\u3001\u8bb0\u5fc6\u6e38\u620f\u548c\u5927\u8111\u8bad\u7ec3\u5e94\u7528\",\"isPartOf\":{\"@id\":\"https:\\\/\\\/www.dynseo.com\\\/zh-hans\\\/#website\"},\"primaryImageOfPage\":{\"@id\":\"https:\\\/\\\/www.dynseo.com\\\/zh-hans\\\/comprendre-la-maladie-dalzheimer-et-trouver-des-solutions-pratiques-au-quotidien\\\/#primaryimage\"},\"image\":{\"@id\":\"https:\\\/\\\/www.dynseo.com\\\/zh-hans\\\/comprendre-la-maladie-dalzheimer-et-trouver-des-solutions-pratiques-au-quotidien\\\/#primaryimage\"},\"thumbnailUrl\":\"https:\\\/\\\/www.dynseo.com\\\/wp-content\\\/uploads\\\/2024\\\/03\\\/Copie-de-Accueil-article-France-7.png\",\"datePublished\":\"2026-01-25T19:17:07+00:00\",\"dateModified\":\"2026-02-05T03:47:12+00:00\",\"breadcrumb\":{\"@id\":\"https:\\\/\\\/www.dynseo.com\\\/zh-hans\\\/comprendre-la-maladie-dalzheimer-et-trouver-des-solutions-pratiques-au-quotidien\\\/#breadcrumb\"},\"inLanguage\":\"zh-Hans\",\"potentialAction\":[{\"@type\":\"ReadAction\",\"target\":[\"https:\\\/\\\/www.dynseo.com\\\/zh-hans\\\/comprendre-la-maladie-dalzheimer-et-trouver-des-solutions-pratiques-au-quotidien\\\/\"]}]},{\"@type\":\"ImageObject\",\"inLanguage\":\"zh-Hans\",\"@id\":\"https:\\\/\\\/www.dynseo.com\\\/zh-hans\\\/comprendre-la-maladie-dalzheimer-et-trouver-des-solutions-pratiques-au-quotidien\\\/#primaryimage\",\"url\":\"https:\\\/\\\/www.dynseo.com\\\/wp-content\\\/uploads\\\/2024\\\/03\\\/Copie-de-Accueil-article-France-7.png\",\"contentUrl\":\"https:\\\/\\\/www.dynseo.com\\\/wp-content\\\/uploads\\\/2024\\\/03\\\/Copie-de-Accueil-article-France-7.png\",\"width\":2000,\"height\":1500,\"caption\":\"\u4e13\u4e3a\u9605\u8bfb\u969c\u788d\u513f\u7ae5\u8bbe\u8ba1\u7684\u8bad\u7ec3\u6e38\u620f,\u63d0\u9ad8\u9605\u8bfb\u6280\u80fd\"},{\"@type\":\"BreadcrumbList\",\"@id\":\"https:\\\/\\\/www.dynseo.com\\\/zh-hans\\\/comprendre-la-maladie-dalzheimer-et-trouver-des-solutions-pratiques-au-quotidien\\\/#breadcrumb\",\"itemListElement\":[{\"@type\":\"ListItem\",\"position\":1,\"name\":\"Accueil\",\"item\":\"https:\\\/\\\/www.dynseo.com\\\/zh-hans\\\/\"},{\"@type\":\"ListItem\",\"position\":2,\"name\":\"Comprendre la maladie d&#8217;Alzheimer et trouver des solutions pratiques au quotidien\"}]},{\"@type\":\"WebSite\",\"@id\":\"https:\\\/\\\/www.dynseo.com\\\/zh-hans\\\/#website\",\"url\":\"https:\\\/\\\/www.dynseo.com\\\/zh-hans\\\/\",\"name\":\"Jeux de m\u00e9moire et stimulation cognitive\",\"description\":\"Entra\u00eenez votre m\u00e9moire et votre cerveau avec DYNSEO\",\"publisher\":{\"@id\":\"https:\\\/\\\/www.dynseo.com\\\/zh-hans\\\/#organization\"},\"potentialAction\":[{\"@type\":\"SearchAction\",\"target\":{\"@type\":\"EntryPoint\",\"urlTemplate\":\"https:\\\/\\\/www.dynseo.com\\\/zh-hans\\\/?s={search_term_string}\"},\"query-input\":{\"@type\":\"PropertyValueSpecification\",\"valueRequired\":true,\"valueName\":\"search_term_string\"}}],\"inLanguage\":\"zh-Hans\"},{\"@type\":\"Organization\",\"@id\":\"https:\\\/\\\/www.dynseo.com\\\/zh-hans\\\/#organization\",\"name\":\"DYNSEO\",\"url\":\"https:\\\/\\\/www.dynseo.com\\\/zh-hans\\\/\",\"logo\":{\"@type\":\"ImageObject\",\"inLanguage\":\"zh-Hans\",\"@id\":\"https:\\\/\\\/www.dynseo.com\\\/zh-hans\\\/#\\\/schema\\\/logo\\\/image\\\/\",\"url\":\"https:\\\/\\\/www.dynseo.com\\\/wp-content\\\/uploads\\\/2022\\\/05\\\/logo-dynseo-new.png\",\"contentUrl\":\"https:\\\/\\\/www.dynseo.com\\\/wp-content\\\/uploads\\\/2022\\\/05\\\/logo-dynseo-new.png\",\"width\":5073,\"height\":1397,\"caption\":\"DYNSEO\"},\"image\":{\"@id\":\"https:\\\/\\\/www.dynseo.com\\\/zh-hans\\\/#\\\/schema\\\/logo\\\/image\\\/\"}},{\"@type\":\"Person\",\"@id\":\"https:\\\/\\\/www.dynseo.com\\\/zh-hans\\\/#\\\/schema\\\/person\\\/78ef63df2ee64e0989bc68f8401b38d6\",\"name\":\"DYNSEO\",\"url\":\"https:\\\/\\\/www.dynseo.com\\\/zh-hans\\\/author\\\/justine\\\/\"}]}<\/script>\n<!-- \/ Yoast SEO plugin. -->","yoast_head_json":{"title":"Comprendre la maladie d'Alzheimer et trouver des solutions pratiques au quotidien - \u6559\u80b2\u8f6f\u4ef6\u3001\u8bb0\u5fc6\u6e38\u620f\u548c\u5927\u8111\u8bad\u7ec3\u5e94\u7528","robots":{"index":"index","follow":"follow","max-snippet":"max-snippet:-1","max-image-preview":"max-image-preview:large","max-video-preview":"max-video-preview:-1"},"canonical":"https:\/\/www.dynseo.com\/zh-hans\/comprendre-la-maladie-dalzheimer-et-trouver-des-solutions-pratiques-au-quotidien\/","og_locale":"zh_CN","og_type":"article","og_title":"Comprendre la maladie d'Alzheimer et trouver des solutions pratiques au quotidien - \u6559\u80b2\u8f6f\u4ef6\u3001\u8bb0\u5fc6\u6e38\u620f\u548c\u5927\u8111\u8bad\u7ec3\u5e94\u7528","og_url":"https:\/\/www.dynseo.com\/zh-hans\/comprendre-la-maladie-dalzheimer-et-trouver-des-solutions-pratiques-au-quotidien\/","og_site_name":"\u6559\u80b2\u8f6f\u4ef6\u3001\u8bb0\u5fc6\u6e38\u620f\u548c\u5927\u8111\u8bad\u7ec3\u5e94\u7528","article_published_time":"2026-01-25T19:17:07+00:00","article_modified_time":"2026-02-05T03:47:12+00:00","og_image":[{"width":500,"height":500,"url":"https:\/\/www.dynseo.com\/wp-content\/uploads\/2023\/03\/seniors-with-dementia-alzheimer-association.png","type":"image\/png"}],"author":"DYNSEO","twitter_misc":{"\u4f5c\u8005":"DYNSEO","\u9884\u8ba1\u9605\u8bfb\u65f6\u95f4":"35 \u5206"},"schema":{"@context":"https:\/\/schema.org","@graph":[{"@type":"Article","@id":"https:\/\/www.dynseo.com\/zh-hans\/comprendre-la-maladie-dalzheimer-et-trouver-des-solutions-pratiques-au-quotidien\/#article","isPartOf":{"@id":"https:\/\/www.dynseo.com\/zh-hans\/comprendre-la-maladie-dalzheimer-et-trouver-des-solutions-pratiques-au-quotidien\/"},"author":{"name":"DYNSEO","@id":"https:\/\/www.dynseo.com\/zh-hans\/#\/schema\/person\/78ef63df2ee64e0989bc68f8401b38d6"},"headline":"Comprendre la maladie d&#8217;Alzheimer et trouver des solutions pratiques au quotidien","datePublished":"2026-01-25T19:17:07+00:00","dateModified":"2026-02-05T03:47:12+00:00","mainEntityOfPage":{"@id":"https:\/\/www.dynseo.com\/zh-hans\/comprendre-la-maladie-dalzheimer-et-trouver-des-solutions-pratiques-au-quotidien\/"},"wordCount":7343,"publisher":{"@id":"https:\/\/www.dynseo.com\/zh-hans\/#organization"},"image":{"@id":"https:\/\/www.dynseo.com\/zh-hans\/comprendre-la-maladie-dalzheimer-et-trouver-des-solutions-pratiques-au-quotidien\/#primaryimage"},"thumbnailUrl":"https:\/\/www.dynseo.com\/wp-content\/uploads\/2024\/03\/Copie-de-Accueil-article-France-7.png","articleSection":["Les conseils des coachs"],"inLanguage":"zh-Hans"},{"@type":"WebPage","@id":"https:\/\/www.dynseo.com\/zh-hans\/comprendre-la-maladie-dalzheimer-et-trouver-des-solutions-pratiques-au-quotidien\/","url":"https:\/\/www.dynseo.com\/zh-hans\/comprendre-la-maladie-dalzheimer-et-trouver-des-solutions-pratiques-au-quotidien\/","name":"Comprendre la maladie d'Alzheimer et trouver des solutions pratiques au quotidien - \u6559\u80b2\u8f6f\u4ef6\u3001\u8bb0\u5fc6\u6e38\u620f\u548c\u5927\u8111\u8bad\u7ec3\u5e94\u7528","isPartOf":{"@id":"https:\/\/www.dynseo.com\/zh-hans\/#website"},"primaryImageOfPage":{"@id":"https:\/\/www.dynseo.com\/zh-hans\/comprendre-la-maladie-dalzheimer-et-trouver-des-solutions-pratiques-au-quotidien\/#primaryimage"},"image":{"@id":"https:\/\/www.dynseo.com\/zh-hans\/comprendre-la-maladie-dalzheimer-et-trouver-des-solutions-pratiques-au-quotidien\/#primaryimage"},"thumbnailUrl":"https:\/\/www.dynseo.com\/wp-content\/uploads\/2024\/03\/Copie-de-Accueil-article-France-7.png","datePublished":"2026-01-25T19:17:07+00:00","dateModified":"2026-02-05T03:47:12+00:00","breadcrumb":{"@id":"https:\/\/www.dynseo.com\/zh-hans\/comprendre-la-maladie-dalzheimer-et-trouver-des-solutions-pratiques-au-quotidien\/#breadcrumb"},"inLanguage":"zh-Hans","potentialAction":[{"@type":"ReadAction","target":["https:\/\/www.dynseo.com\/zh-hans\/comprendre-la-maladie-dalzheimer-et-trouver-des-solutions-pratiques-au-quotidien\/"]}]},{"@type":"ImageObject","inLanguage":"zh-Hans","@id":"https:\/\/www.dynseo.com\/zh-hans\/comprendre-la-maladie-dalzheimer-et-trouver-des-solutions-pratiques-au-quotidien\/#primaryimage","url":"https:\/\/www.dynseo.com\/wp-content\/uploads\/2024\/03\/Copie-de-Accueil-article-France-7.png","contentUrl":"https:\/\/www.dynseo.com\/wp-content\/uploads\/2024\/03\/Copie-de-Accueil-article-France-7.png","width":2000,"height":1500,"caption":"\u4e13\u4e3a\u9605\u8bfb\u969c\u788d\u513f\u7ae5\u8bbe\u8ba1\u7684\u8bad\u7ec3\u6e38\u620f,\u63d0\u9ad8\u9605\u8bfb\u6280\u80fd"},{"@type":"BreadcrumbList","@id":"https:\/\/www.dynseo.com\/zh-hans\/comprendre-la-maladie-dalzheimer-et-trouver-des-solutions-pratiques-au-quotidien\/#breadcrumb","itemListElement":[{"@type":"ListItem","position":1,"name":"Accueil","item":"https:\/\/www.dynseo.com\/zh-hans\/"},{"@type":"ListItem","position":2,"name":"Comprendre la maladie d&#8217;Alzheimer et trouver des solutions pratiques au quotidien"}]},{"@type":"WebSite","@id":"https:\/\/www.dynseo.com\/zh-hans\/#website","url":"https:\/\/www.dynseo.com\/zh-hans\/","name":"Jeux de m\u00e9moire et stimulation cognitive","description":"Entra\u00eenez votre m\u00e9moire et votre cerveau avec DYNSEO","publisher":{"@id":"https:\/\/www.dynseo.com\/zh-hans\/#organization"},"potentialAction":[{"@type":"SearchAction","target":{"@type":"EntryPoint","urlTemplate":"https:\/\/www.dynseo.com\/zh-hans\/?s={search_term_string}"},"query-input":{"@type":"PropertyValueSpecification","valueRequired":true,"valueName":"search_term_string"}}],"inLanguage":"zh-Hans"},{"@type":"Organization","@id":"https:\/\/www.dynseo.com\/zh-hans\/#organization","name":"DYNSEO","url":"https:\/\/www.dynseo.com\/zh-hans\/","logo":{"@type":"ImageObject","inLanguage":"zh-Hans","@id":"https:\/\/www.dynseo.com\/zh-hans\/#\/schema\/logo\/image\/","url":"https:\/\/www.dynseo.com\/wp-content\/uploads\/2022\/05\/logo-dynseo-new.png","contentUrl":"https:\/\/www.dynseo.com\/wp-content\/uploads\/2022\/05\/logo-dynseo-new.png","width":5073,"height":1397,"caption":"DYNSEO"},"image":{"@id":"https:\/\/www.dynseo.com\/zh-hans\/#\/schema\/logo\/image\/"}},{"@type":"Person","@id":"https:\/\/www.dynseo.com\/zh-hans\/#\/schema\/person\/78ef63df2ee64e0989bc68f8401b38d6","name":"DYNSEO","url":"https:\/\/www.dynseo.com\/zh-hans\/author\/justine\/"}]}},"_links":{"self":[{"href":"https:\/\/www.dynseo.com\/zh-hans\/wp-json\/wp\/v2\/posts\/490904","targetHints":{"allow":["GET"]}}],"collection":[{"href":"https:\/\/www.dynseo.com\/zh-hans\/wp-json\/wp\/v2\/posts"}],"about":[{"href":"https:\/\/www.dynseo.com\/zh-hans\/wp-json\/wp\/v2\/types\/post"}],"author":[{"embeddable":true,"href":"https:\/\/www.dynseo.com\/zh-hans\/wp-json\/wp\/v2\/users\/4"}],"replies":[{"embeddable":true,"href":"https:\/\/www.dynseo.com\/zh-hans\/wp-json\/wp\/v2\/comments?post=490904"}],"version-history":[{"count":4,"href":"https:\/\/www.dynseo.com\/zh-hans\/wp-json\/wp\/v2\/posts\/490904\/revisions"}],"predecessor-version":[{"id":496514,"href":"https:\/\/www.dynseo.com\/zh-hans\/wp-json\/wp\/v2\/posts\/490904\/revisions\/496514"}],"wp:featuredmedia":[{"embeddable":true,"href":"https:\/\/www.dynseo.com\/zh-hans\/wp-json\/wp\/v2\/media\/365714"}],"wp:attachment":[{"href":"https:\/\/www.dynseo.com\/zh-hans\/wp-json\/wp\/v2\/media?parent=490904"}],"wp:term":[{"taxonomy":"category","embeddable":true,"href":"https:\/\/www.dynseo.com\/zh-hans\/wp-json\/wp\/v2\/categories?post=490904"},{"taxonomy":"post_tag","embeddable":true,"href":"https:\/\/www.dynseo.com\/zh-hans\/wp-json\/wp\/v2\/tags?post=490904"}],"curies":[{"name":"wp","href":"https:\/\/api.w.org\/{rel}","templated":true}]}}